{"id":9104,"__str__":"Projeto de Decreto Legislativo n\u00ba 2 de 2013","link_detail_backend":"/materia/9104","metadata":{},"numero":2,"ano":2013,"numero_protocolo":null,"data_apresentacao":"2013-02-19","tipo_apresentacao":"E","data_publicacao":null,"numero_origem_externa":"74","ano_origem_externa":2013,"data_origem_externa":null,"apelido":"","dias_prazo":null,"data_fim_prazo":null,"em_tramitacao":false,"polemica":false,"objeto":"","complementar":false,"ementa":"Disp\u00f5e sobre aceita\u00e7\u00e3o do \"Veto n\u00ba 2/2013\" aposto \u00e0 Lei Municipal n\u00ba 1972/2012, de autoria do edil Reginaldo Alves dos Santos, a qual disp\u00f5e sobre a obrigatoriedade da inser\u00e7\u00e3o pelo fabricante da inscri\u00e7\u00e3o \"Cont\u00e9m Lactose\" no r\u00f3tulo dos produtos com esta caracter\u00edstica.","indexacao":"veto","observacao":"Relator da CLJRF - Belmiro da Silva Farias - Parecer conjunto","resultado":"","texto_original":"http://sapl.sarandi.pr.leg.br/media/sapl/public/materialegislativa/2013/9104/proj._decreto_legislativo_no_2-2013.pdf","data_ultima_atualizacao":"2025-02-28T17:24:33.148664-03:00","ip":"187.32.212.201","ultima_edicao":"2025-02-28T17:22:26.241295-03:00","tipo":6,"regime_tramitacao":1,"tipo_origem_externa":4,"local_origem_externa":1,"user":41,"anexadas":[],"autores":[115]}