{"id":9508,"__str__":"Requerimento n\u00ba 96 de 2025","link_detail_backend":"/materia/9508","metadata":{},"numero":96,"ano":2025,"numero_protocolo":398,"data_apresentacao":"2025-04-14","tipo_apresentacao":"E","data_publicacao":null,"numero_origem_externa":"","ano_origem_externa":null,"data_origem_externa":null,"apelido":"","dias_prazo":null,"data_fim_prazo":null,"em_tramitacao":true,"polemica":false,"objeto":"","complementar":false,"ementa":"Of\u00edcio ao senhor Prefeito solicitando que informe a esta Casa Legislativa se h\u00e1 estudos, projetos ou a inten\u00e7\u00e3o da administra\u00e7\u00e3o municipal em criar uma Casa da M\u00e3e Sarandiense. Solicita-se, ainda, que sejam informados:\r\n1 - A exist\u00eancia de planejamentos voltados \u00e0 oferta de educa\u00e7\u00e3o perinatal, acompanhamento pr\u00e9-natal, assist\u00eancia social, acompanhamento psicol\u00f3gico, suporte no p\u00f3s-parto, fortalecimento da rede de apoio e programas de conscientiza\u00e7\u00e3o para gestantes e pu\u00e9rperas no Munic\u00edpio;\r\n2 - Caso haja estudos ou projetos em andamento, que sejam encaminhadas c\u00f3pias ou maiores detalhes;\r\n3 - Em caso negativo, se h\u00e1 previs\u00e3o de implementa\u00e7\u00e3o de pol\u00edticas p\u00fablicas com esse objetivo.\r\nO presente requerimento busca obter informa\u00e7\u00f5es sobre a exist\u00eancia de estudos ou projetos voltados \u00e0 cria\u00e7\u00e3o da Casa da M\u00e3e Sarandiense, considerando a import\u00e2ncia de pol\u00edticas p\u00fablicas que promovam o cuidado integral com gestantes e pu\u00e9rperas, oferecendo suporte nas \u00e1reas de sa\u00fade, assist\u00eancia social e acolhimento psicol\u00f3gico.\r\nA iniciativa visa fortalecer a rede de apoio materno-infantil no Munic\u00edpio, contribuindo para a qualidade de vida das fam\u00edlias sarandienses.","indexacao":"","observacao":"","resultado":"","texto_original":"http://sapl.sarandi.pr.leg.br/media/sapl/public/materialegislativa/2025/9508/requerimento_96-2025.pdf","data_ultima_atualizacao":"2025-04-16T15:29:44.237248-03:00","ip":"187.32.212.201","ultima_edicao":"2025-04-16T15:29:44.134987-03:00","tipo":3,"regime_tramitacao":1,"tipo_origem_externa":null,"local_origem_externa":null,"user":35,"anexadas":[],"autores":[103,106]}