{"id":9551,"__str__":"Requerimento n\u00ba 112 de 2025","link_detail_backend":"/materia/9551","metadata":{},"numero":112,"ano":2025,"numero_protocolo":449,"data_apresentacao":"2025-04-25","tipo_apresentacao":"E","data_publicacao":null,"numero_origem_externa":"","ano_origem_externa":null,"data_origem_externa":null,"apelido":"","dias_prazo":null,"data_fim_prazo":null,"em_tramitacao":true,"polemica":false,"objeto":"","complementar":false,"ementa":"Of\u00edcio ao senhor Prefeito solicitando que informe a esta Casa Legislativa sobre estudos voltados \u00e0 revitaliza\u00e7\u00e3o das pra\u00e7as de Sarandi. Sendo elas: Pra\u00e7a da Juventude, Pra\u00e7a dos Pioneiros, Pra\u00e7a Ipiranga, Pra\u00e7a do C\u00e9u e Pra\u00e7a Kane And\u00f3.\r\nOs moradores da cidade manifestam a necessidade de espa\u00e7os de conviv\u00eancia, pois as pra\u00e7as s\u00e3o locais onde as pessoas podem interagir e criar v\u00ednculos, promovendo maior qualidade de vida e incentivando a movimenta\u00e7\u00e3o, o que tamb\u00e9m contribui para a seguran\u00e7a do bairro.\r\nEntretanto, as pra\u00e7as encontram-se em estado de manuten\u00e7\u00e3o prec\u00e1ria devido a atos de depreda\u00e7\u00e3o, apresentando bancos quebrados, falta de cal\u00e7amento e lixeiras.","indexacao":"","observacao":"","resultado":"","texto_original":"http://sapl.sarandi.pr.leg.br/media/sapl/public/materialegislativa/2025/9551/requerimento_112-2025.pdf","data_ultima_atualizacao":"2025-04-29T16:49:26.778022-03:00","ip":"187.32.212.201","ultima_edicao":"2025-04-29T16:49:26.654561-03:00","tipo":3,"regime_tramitacao":1,"tipo_origem_externa":null,"local_origem_externa":null,"user":35,"anexadas":[],"autores":[108]}