{"id":9566,"__str__":"Requerimento n\u00ba 116 de 2025","link_detail_backend":"/materia/9566","metadata":{},"numero":116,"ano":2025,"numero_protocolo":464,"data_apresentacao":"2025-04-30","tipo_apresentacao":"E","data_publicacao":null,"numero_origem_externa":"","ano_origem_externa":null,"data_origem_externa":null,"apelido":"","dias_prazo":null,"data_fim_prazo":null,"em_tramitacao":true,"polemica":false,"objeto":"","complementar":false,"ementa":"Of\u00edcio ao senhor Prefeito solicitando que informe a esta Casa Legislativa se h\u00e1 em andamento, algum projeto ou processo licitat\u00f3rio voltado \u00e0 contrata\u00e7\u00e3o de vigias para os pr\u00e9dios p\u00fablicos do munic\u00edpio, em especial o Centro de Especialidades M\u00e9dicas (Ceme) e demais unidades que v\u00eam sendo alvo de recorrentes furtos de cabos de energia el\u00e9trica e de internet.\r\nA solicita\u00e7\u00e3o se justifica diante dos constantes furtos registrados, que t\u00eam comprometido o funcionamento dos servi\u00e7os p\u00fablicos, em especial os ligados \u00e0 sa\u00fade. Conforme informa\u00e7\u00f5es da Secretaria Municipal de Sa\u00fade, somente neste ano j\u00e1 foram registradas pelo menos duas ocorr\u00eancias de furto de cabos no Ceme, fato que interrompeu os atendimentos por dois dias consecutivos (22 e 23 de abril), principalmente na farm\u00e1cia do munic\u00edpio - a \u00fanica existente e respons\u00e1vel pelo fornecimento de medicamentos de uso cont\u00ednuo e controlado.\r\nTais epis\u00f3dios geram transtornos significativos \u00e0 popula\u00e7\u00e3o, sobretudo \u00e0queles que se deslocam de localidades distantes em busca de atendimento. Cabe ao Poder P\u00fablico adotar medidas preventivas, como a contrata\u00e7\u00e3o de vigil\u00e2ncia, a fim de preservar o patrim\u00f4nio p\u00fablico e assegurar a continuidade dos servi\u00e7os essenciais.","indexacao":"","observacao":"","resultado":"","texto_original":"http://sapl.sarandi.pr.leg.br/media/sapl/public/materialegislativa/2025/9566/requerimento_116-2025.pdf","data_ultima_atualizacao":"2025-05-06T15:03:19.727310-03:00","ip":"187.32.212.201","ultima_edicao":"2025-05-06T15:03:19.586611-03:00","tipo":3,"regime_tramitacao":1,"tipo_origem_externa":null,"local_origem_externa":null,"user":35,"anexadas":[],"autores":[103]}