{"id":9779,"__str__":"Indica\u00e7\u00e3o n\u00ba 196 de 2025","link_detail_backend":"/materia/9779","metadata":{},"numero":196,"ano":2025,"numero_protocolo":541,"data_apresentacao":"2025-05-16","tipo_apresentacao":"E","data_publicacao":null,"numero_origem_externa":"","ano_origem_externa":null,"data_origem_externa":null,"apelido":"","dias_prazo":null,"data_fim_prazo":null,"em_tramitacao":true,"polemica":false,"objeto":"","complementar":false,"ementa":"Indica ao senhor Prefeito que sejam adotadas as provid\u00eancias necess\u00e1rias para a realiza\u00e7\u00e3o do processo licitat\u00f3rio destinado \u00e0 contrata\u00e7\u00e3o de novos estagi\u00e1rios para atua\u00e7\u00e3o na Rede Municipal de Ensino, com especial aten\u00e7\u00e3o \u00e0 Educa\u00e7\u00e3o Especial.\r\nConsiderando o atual cen\u00e1rio da Educa\u00e7\u00e3o Especial no Munic\u00edpio de Sarandi, torna-se imprescind\u00edvel garantir a continuidade e amplia\u00e7\u00e3o do quadro de estagi\u00e1rias, especialmente aquelas que atuam diretamente com alunos diagnosticados com Transtorno do Espectro Autista (TEA), Transtorno do D\u00e9ficit de Aten\u00e7\u00e3o com Hiperatividade (TDAH) e demais condi\u00e7\u00f5es que exigem acompanhamento especializado.\r\nAtualmente, temos em nossa rede 522 crian\u00e7as com laudos cl\u00ednicos que atestam a presen\u00e7a de algum tipo de transtorno. A aus\u00eancia de suporte adequado compromete seriamente a pol\u00edtica de inclus\u00e3o e a garantia do direito \u00e0 educa\u00e7\u00e3o de qualidade para todos.\r\nNosso gabinete tem sido constantemente procurado por pais e respons\u00e1veis, que relatam a car\u00eancia de profissionais de apoio e manifestam grande preocupa\u00e7\u00e3o com o futuro educacional de seus filhos. Diante disso, refor\u00e7amos que a contrata\u00e7\u00e3o de estagi\u00e1rias n\u00e3o \u00e9 apenas uma medida administrativa, mas uma a\u00e7\u00e3o estrat\u00e9gica e humanit\u00e1ria para assegurar a inclus\u00e3o social e educacional na cidade.\r\nContamos com o compromisso da administra\u00e7\u00e3o municipal para atender a essa demanda urgente, em conson\u00e2ncia com os princ\u00edpios da equidade e da dignidade do ser humano.","indexacao":"","observacao":"","resultado":"","texto_original":"http://sapl.sarandi.pr.leg.br/media/sapl/public/materialegislativa/2025/9779/indicacao_196-2025.pdf","data_ultima_atualizacao":"2025-05-20T15:47:44.095293-03:00","ip":"177.220.132.122","ultima_edicao":"2025-05-20T15:47:43.872779-03:00","tipo":14,"regime_tramitacao":1,"tipo_origem_externa":null,"local_origem_externa":null,"user":35,"anexadas":[],"autores":[103]}