{"id":2947,"__str__":"Indica\u00e7\u00e3o n\u00ba 17 de 2019 | PROPOSI\u00c7\u00c3O INCLUSA NA ORDEM DO DIA. | 14/02/2019","link_detail_backend":"/materia/tramitacao/2947","metadata":{},"timestamp":"2019-02-14T17:12:00.491518-02:00","data_tramitacao":"2019-02-14","data_encaminhamento":null,"urgente":false,"turno":"","texto":"PROPOSI\u00c7\u00c3O INCLU\u00cdDA NA ORDEM DO DIA DA 3\u00aa SESS\u00c3O ORDIN\u00c1RIA DO DIA 18.02.2019.","data_fim_prazo":null,"ip":"","ultima_edicao":null,"status":3,"materia":1240,"unidade_tramitacao_local":20,"unidade_tramitacao_destino":6,"user":null}