{"id":2986,"__str__":"Indica\u00e7\u00e3o n\u00ba 30 de 2019 | PROPOSI\u00c7\u00c3O INCLUSA NA ORDEM DO DIA. | 15/03/2019","link_detail_backend":"/materia/tramitacao/2986","metadata":{},"timestamp":"2019-03-15T14:26:39.851841-03:00","data_tramitacao":"2019-03-15","data_encaminhamento":null,"urgente":false,"turno":"","texto":"PROPOSI\u00c7\u00c3O INCLU\u00cdDA NA ORDEM DO DIA DA 7\u00aa SESS\u00c3O ORDIN\u00c1RIA DO DIA 18/03/2019.","data_fim_prazo":null,"ip":"","ultima_edicao":null,"status":3,"materia":1279,"unidade_tramitacao_local":20,"unidade_tramitacao_destino":6,"user":null}