{"id":3153,"__str__":"Requerimento n\u00ba 113 de 2019 | PROPOSI\u00c7\u00c3O INCLUSA NA ORDEM DO DIA. | 16/05/2019","link_detail_backend":"/materia/tramitacao/3153","metadata":{},"timestamp":"2019-05-16T12:55:12.629642-03:00","data_tramitacao":"2019-05-16","data_encaminhamento":null,"urgente":false,"turno":"","texto":"PROPOSI\u00c7\u00c3O INCLU\u00cdDA NA ORDEM DO DIA, DA 16\u00aa SESS\u00c3O ORDIN\u00c1RIA DIA 20/05/2019.","data_fim_prazo":null,"ip":"187.62.18.58","ultima_edicao":null,"status":3,"materia":1436,"unidade_tramitacao_local":20,"unidade_tramitacao_destino":6,"user":19}