{"id":3251,"__str__":"Indica\u00e7\u00e3o n\u00ba 147 de 2019 | PROPOSI\u00c7\u00c3O INCLUSA NA ORDEM DO DIA. | 19/06/2019","link_detail_backend":"/materia/tramitacao/3251","metadata":{},"timestamp":"2019-06-19T16:53:00.234586-03:00","data_tramitacao":"2019-06-19","data_encaminhamento":null,"urgente":false,"turno":"","texto":"PROPOSI\u00c7\u00c3O INCLU\u00cdDA NA ORDEM DO DIA, DA 21\u00aa SESS\u00c3O ORDIN\u00c1RIA DIA 24/06/2019.","data_fim_prazo":null,"ip":"187.62.18.58","ultima_edicao":null,"status":3,"materia":1528,"unidade_tramitacao_local":20,"unidade_tramitacao_destino":6,"user":19}