{"id":3288,"__str__":"Requerimento n\u00ba 146 de 2019 | PROPOSI\u00c7\u00c3O INCLUSA NA ORDEM DO DIA. | 01/08/2019","link_detail_backend":"/materia/tramitacao/3288","metadata":{},"timestamp":"2019-08-01T17:41:09.573625-03:00","data_tramitacao":"2019-08-01","data_encaminhamento":null,"urgente":false,"turno":"","texto":"PROPOSI\u00c7\u00c3O INCLU\u00cdDA NA ORDEM DO DIA DA 24\u00aa SESS\u00c3O ORDIN\u00c1RIA DIA 05/08/2019.","data_fim_prazo":null,"ip":"187.62.18.58","ultima_edicao":null,"status":3,"materia":1546,"unidade_tramitacao_local":20,"unidade_tramitacao_destino":6,"user":19}