{"id":3807,"__str__":"Requerimento n\u00ba 71 de 2020 | PROPOSI\u00c7\u00c3O INCLUSA NA ORDEM DO DIA. | 30/04/2020","link_detail_backend":"/materia/tramitacao/3807","metadata":{},"timestamp":"2020-04-30T10:47:50.791272-03:00","data_tramitacao":"2020-04-30","data_encaminhamento":null,"urgente":false,"turno":"","texto":"PROPOSI\u00c7\u00c3O INCLU\u00cdDA NA ORDEM DO DIA, DA 10\u00aa SESS\u00c3O ORDIN\u00c1RIA DO DIA 04/05/2020.","data_fim_prazo":null,"ip":"187.62.18.58","ultima_edicao":"2020-04-30T10:47:21.997133-03:00","status":3,"materia":2029,"unidade_tramitacao_local":20,"unidade_tramitacao_destino":6,"user":19}