{"id":6643,"__str__":"Requerimento n\u00ba 16 de 2023 | Proposi\u00e7\u00e3o em Tramita\u00e7\u00e3o. | 17/02/2023","link_detail_backend":"/materia/tramitacao/6643","metadata":{},"timestamp":"2023-02-17T14:24:17.236873-03:00","data_tramitacao":"2023-02-17","data_encaminhamento":"2023-02-17","urgente":false,"turno":"U","texto":"PROPOSI\u00c7\u00c3O INCLUSA NA ORDEM DO DIA 22/02/2023 EM DISCUSS\u00c3O \u00daNICA.","data_fim_prazo":"2023-02-22","ip":"187.32.212.201","ultima_edicao":"2023-02-17T14:25:49.281575-03:00","status":39,"materia":4020,"unidade_tramitacao_local":2,"unidade_tramitacao_destino":6,"user":24}