{"id":7116,"__str__":"Requerimento n\u00ba 131 de 2023 | Proposi\u00e7\u00e3o em Tramita\u00e7\u00e3o. | 07/06/2023","link_detail_backend":"/materia/tramitacao/7116","metadata":{},"timestamp":"2023-06-07T16:20:00.754303-03:00","data_tramitacao":"2023-06-07","data_encaminhamento":"2023-06-07","urgente":false,"turno":"U","texto":"PROPOSI\u00c7\u00c3O INCLUSA NA ORDEM DO DIA 12/06/2023 EM DISCUSS\u00c3O \u00daNICA.","data_fim_prazo":"2023-06-12","ip":"187.32.212.201","ultima_edicao":"2023-06-07T16:19:33.365026-03:00","status":39,"materia":4369,"unidade_tramitacao_local":2,"unidade_tramitacao_destino":6,"user":39}