{"id":7569,"__str__":"Requerimento n\u00ba 203 de 2023 | Proposi\u00e7\u00e3o em Tramita\u00e7\u00e3o. | 22/09/2023","link_detail_backend":"/materia/tramitacao/7569","metadata":{},"timestamp":"2023-09-22T14:21:18.227280-03:00","data_tramitacao":"2023-09-22","data_encaminhamento":"2023-09-22","urgente":false,"turno":"U","texto":"PROPOSI\u00c7\u00c3O INCLUSA NA ORDEM DO DIA 25/09/2023 EM DISCUSS\u00c3O \u00daNICA.","data_fim_prazo":"2023-09-25","ip":"187.32.212.201","ultima_edicao":"2023-09-22T14:19:58.112509-03:00","status":39,"materia":4597,"unidade_tramitacao_local":2,"unidade_tramitacao_destino":6,"user":40}