{"id":2572,"__str__":"Lei Ordin\u00e1ria n\u00ba 1.806, de 23 de maio de 2011","link_detail_backend":"/norma/2572","metadata":{},"texto_integral":"http://sapl.sarandi.pr.leg.br/media/sapl/public/normajuridica/2011/2572/2572_texto_integral.pdf","numero":"1806","ano":2011,"esfera_federacao":"M","data":"2011-05-23","data_publicacao":null,"veiculo_publicacao":"","pagina_inicio_publicacao":null,"pagina_fim_publicacao":null,"ementa":"Institui o \"Dia do L\u00edder Comunit\u00e1rio\".","indexacao":"Lei n\u00ba 1806/2011  \r\nDia do L\u00edder Comunit\u00e1rio  \r\nUni\u00e3o Sarandiense das Associa\u00e7\u00f5es de Moradores  \r\nUNISAM  \r\nAssocia\u00e7\u00f5es de Moradores  \r\nentidades afins  \r\nhomenagem  \r\nsess\u00e3o especial  \r\ndirigentes comunit\u00e1rios","observacao":"","complemento":false,"data_vigencia":null,"timestamp":"2025-07-08T12:18:26.163712-03:00","data_ultima_atualizacao":"2025-07-08T12:18:26.165884-03:00","ip":"177.220.132.122","ultima_edicao":"2025-07-08T12:18:26.031522-03:00","tipo":1,"materia":5808,"orgao":null,"user":44,"assuntos":[],"autores":[]}