{"id":4208,"__str__":"Lei Ordin\u00e1ria n\u00ba 2.418, de 29 de maio de 2018","link_detail_backend":"/norma/4208","metadata":{},"texto_integral":"http://sapl.sarandi.pr.leg.br/media/sapl/public/normajuridica/2018/4208/lei_no_2418-2018_para_site.pdf","numero":"2418","ano":2018,"esfera_federacao":"M","data":"2018-05-29","data_publicacao":"2018-06-09","veiculo_publicacao":"O DI\u00c1RIO - CLASSIDIARIO","pagina_inicio_publicacao":9,"pagina_fim_publicacao":10,"ementa":"Disp\u00f5e sobre o Sistema de Transporte Coletivo de Passageiros no Munic\u00edpio de Sarandi e d\u00e1 outras provid\u00eancias.","indexacao":"Sistema de Transporte Coletivo de Passageiros\r\nRegime de concess\u00e3o\r\nFiscaliza\u00e7\u00e3o e controle\r\nFundo Municipal de Transporte\r\nTarifa\u00e7\u00e3o e equil\u00edbrio econ\u00f4mico-financeiro\r\nPenalidades e fiscaliza\u00e7\u00e3o\r\nProcesso licitat\u00f3rio\r\nEncampa\u00e7\u00e3o e indeniza\u00e7\u00e3o\r\nPlanejamento do servi\u00e7o\r\nC\u00e1lculo tarif\u00e1rio e remunera\u00e7\u00e3o\r\nSistema de bilhetagem eletr\u00f4nica (smartcards)\r\nCapacita\u00e7\u00e3o dos operadores\r\nDireitos e deveres dos usu\u00e1rios\r\nPropaganda permitida e proibida\r\nInfra\u00e7\u00f5es e san\u00e7\u00f5es disciplinares\r\nResponsabilidade civil por danos\r\nAnistia de infra\u00e7\u00f5es\r\nBenef\u00edcios tarif\u00e1rios e Passe do Estudante\r\nSecretaria de Tr\u00e2nsito, Transportes e Seguran\u00e7a P\u00fablica (SEMUTRANS)\r\nItiner\u00e1rios, pontos de parada e hor\u00e1rios\r\nContrato de concess\u00e3o de 15 anos\r\nFixa\u00e7\u00e3o de tarifas e revis\u00e3o tarif\u00e1ria\r\n\u00cdndice de Passageiros Pagantes por Quil\u00f4metro (IPK)\r\nCustos operacionais, tribut\u00e1rios e administrativos\r\nC\u00f3digo de Tr\u00e2nsito Brasileiro\r\nLei Federal n\u00ba 8987/95\r\nPlano Diretor Municipal\r\nLei Federal n\u00ba 8078/90 (C\u00f3digo de Defesa do Consumidor)\r\nUFIRs como refer\u00eancia para multas\r\nAuto de infra\u00e7\u00e3o e procedimento de defesa\r\nAplica\u00e7\u00e3o de caducidade pelo Prefeito Municipal\r\nLeis revogadas: n\u00ba 776/98, 1008/04 e 2054/13","observacao":"<a href=\"https://sapl.sarandi.pr.leg.br/ta/4/text?print\" target=\"_blank\">\r\n<font face=\"Arial\" size=\"5\" color=\"#800000\"><b><strong> VERS\u00c3O PARA PESQUISA E IMPRESS\u00c3O</b></font></strong></p></a><br>\r\n\r\nAUTOR: PODER EXECUTIVO MUNICIPAL\r\n\r\nAPROVADO EM 1\u00aa DISCUSS\u00c3O EM 28/05/2018 NA 17\u00aa SESS\u00c3O ORDIN\u00c1RIA\r\nAPROVADO EM 2\u00aa DISCUSS\u00c3O EM 29/05/2018 NA 5\u00aa SESS\u00c3O EXTRAORDIN\u00c1RIA\r\n\r\nSAN\u00c7\u00c3O E PROMULGA\u00c7\u00c3O EM 09/06/2018.\r\n\r\nPUBLICADA NO \u00d3RG\u00c3O OFICIAL DO MUNIC\u00cdPIO, O \u201cJORNAL O DI\u00c1RIO DO NORTE DO PARAN\u00c1\u201d, EM 09/06/2018, QUARTA-FEIRA, SOB O N\u00ba 13.528, P\u00c1GINA 09 E 10 DO CLASSIDI\u00c1RIO.\r\n</font></p>","complemento":false,"data_vigencia":null,"timestamp":"2025-08-28T15:16:25.137990-03:00","data_ultima_atualizacao":"2025-08-28T15:16:25.156482-03:00","ip":"177.220.132.122","ultima_edicao":"2025-08-28T15:16:24.054336-03:00","tipo":1,"materia":798,"orgao":null,"user":44,"assuntos":[30],"autores":[]}