{"id":6359,"__str__":"Decreto Executivo n\u00ba 2.317, de 18 de novembro de 2024","link_detail_backend":"/norma/6359","metadata":{},"texto_integral":"http://sapl.sarandi.pr.leg.br/media/sapl/public/normajuridica/2024/6359/decreto_executivo_no_2317-2024.pdf","numero":"2317","ano":2024,"esfera_federacao":"M","data":"2024-11-18","data_publicacao":"2024-11-21","veiculo_publicacao":"DI\u00c1RIO AMP","pagina_inicio_publicacao":1064,"pagina_fim_publicacao":1065,"ementa":"Abre Cr\u00e9dito Adicional Suplementar na forma que especifica.","indexacao":"Prefeitura Municipal de Sarandi\r\nDecreto n\u00ba 2317/2024\r\nWalter Volpato\r\nSecretaria Municipal de Planejamento\r\nLei Or\u00e7ament\u00e1ria Anual n\u00ba 2992/2023\r\ncr\u00e9dito adicional suplementar\r\ndota\u00e7\u00e3o or\u00e7ament\u00e1ria\r\nsuplementa\u00e7\u00e3o or\u00e7ament\u00e1ria\r\nredu\u00e7\u00e3o or\u00e7ament\u00e1ria\r\nSecretaria Municipal de Assist\u00eancia Social\r\nFundo Municipal de Assist\u00eancia Social\r\nmanuten\u00e7\u00e3o dos benef\u00edcios eventuais\r\nSecretaria Municipal de Meio Ambiente\r\nDepartamento de Meio Ambiente\r\nSecretaria Municipal de Sa\u00fade\r\nFundo Municipal de Sa\u00fade\r\nFundo Municipal de Sa\u00fade\r\nRede Sa\u00fade Mental CAPS II\r\nUnidade de Pronto Atendimento (UPA)\r\nPrograma SAMU\r\nPrograma de Aten\u00e7\u00e3o B\u00e1sica (PAB)\r\nCentro de Especialidades\r\nSecretaria Municipal de Educa\u00e7\u00e3o\r\nDivis\u00e3o da Educa\u00e7\u00e3o Infantil\r\nsubven\u00e7\u00f5es sociais \u2013 entidades sem fins lucrativos\r\nSecretaria Municipal de Urbanismo\r\nDepartamento de Obras P\u00fablicas\r\npavimenta\u00e7\u00e3o asf\u00e1ltica, recapeamento, drenagem e obras de infraestrutura\r\nCemit\u00e9rio Municipal Augusto Wolf\r\nobras e instala\u00e7\u00f5es\r\nsenten\u00e7as judiciais\r\nobriga\u00e7\u00f5es tribut\u00e1rias e contributivas\r\nmaterial de consumo\r\ndi\u00e1rias \u2013 civil\r\nloca\u00e7\u00e3o de m\u00e3o de obra\r\noutros servi\u00e7os de terceiros \u2013 pessoa jur\u00eddica\r\noutros aux\u00edlios financeiros a pessoas f\u00edsicas","observacao":"","complemento":false,"data_vigencia":null,"timestamp":"2025-11-04T14:00:08.880456-03:00","data_ultima_atualizacao":"2025-11-04T14:00:08.882185-03:00","ip":"177.220.132.122","ultima_edicao":"2025-11-04T14:00:08.700127-03:00","tipo":14,"materia":null,"orgao":null,"user":44,"assuntos":[63,39,16,12],"autores":[]}