{"id":6693,"__str__":"Decreto Executivo n\u00ba 508, de 27 de junho de 2025","link_detail_backend":"/norma/6693","metadata":{},"texto_integral":"http://sapl.sarandi.pr.leg.br/media/sapl/public/normajuridica/2025/6693/decreto_executivo_no_508-2025.pdf","numero":"508","ano":2025,"esfera_federacao":"M","data":"2025-06-27","data_publicacao":"2025-07-03","veiculo_publicacao":"Di\u00e1rio AMP","pagina_inicio_publicacao":393,"pagina_fim_publicacao":394,"ementa":"Abre Cr\u00e9dito Adicional Suplementar e da outras provid\u00eancias.","indexacao":"","observacao":"","complemento":false,"data_vigencia":null,"timestamp":"2025-07-03T12:51:33.803974-03:00","data_ultima_atualizacao":"2025-07-03T12:51:34.044639-03:00","ip":"177.220.132.122","ultima_edicao":"2025-07-03T12:49:09.820947-03:00","tipo":14,"materia":null,"orgao":null,"user":35,"assuntos":[63,16,12],"autores":[]}