{"id":281,"__str__":"Aparecido Biancho \"Bianco\" (2\u00ba orador)","link_detail_backend":"/sessao/oradorordemdia/281","metadata":{},"numero_ordem":2,"url_discurso":"","observacao":"comentou sobre a Lei Complementar 477/2025 e o envio de um of\u00edcio ao executivo pedindo urg\u00eancia da aplica\u00e7\u00e3o da referida Lei","upload_anexo":null,"sessao_plenaria":576,"parlamentar":69}