{"id":460,"__str__":"Thayn\u00e1 Menegazze Maciel \"Thay Menegazze\" (1\u00ba orador)","link_detail_backend":"/sessao/oradorordemdia/460","metadata":{},"numero_ordem":1,"url_discurso":"","observacao":"comentou sobre a import\u00e2ncia da fiscaliza\u00e7\u00e3o no \u00e2mbito da educa\u00e7\u00e3o no Munic\u00edpio","upload_anexo":null,"sessao_plenaria":641,"parlamentar":73}