{"id":468,"__str__":"Aparecido Biancho \"Bianco\" (3\u00ba orador)","link_detail_backend":"/sessao/oradorordemdia/468","metadata":{},"numero_ordem":3,"url_discurso":"","observacao":"comentou sobre a falta de reajuste salarial dos professores, ressaltando a necessidade de recomposi\u00e7\u00e3o remunerat\u00f3ria e valoriza\u00e7\u00e3o da categoria","upload_anexo":null,"sessao_plenaria":643,"parlamentar":69}