{"id":455,"__str__":"2\u00aa Solene da 3\u00aa Sess\u00e3o Legislativa da 10\u00aa Legislatura","link_detail_backend":"/sessao/455","metadata":{"signs":{"upload_pauta":{"admin":[],"autores":[["Eunildo Zanchim",["2023-08-25T14:04:22-03:00","ICP-Brasil"]]]}}},"cod_andamento_sessao":null,"painel_aberto":false,"data_inicio":"2023-08-29","hora_inicio":"15:30","hora_fim":"16:58","numero":2,"data_fim":"2023-08-29","url_audio":"","url_video":"https://www.youtube.com/watch?v=E00pzSg6O0o","upload_pauta":"http://sapl.sarandi.pr.leg.br/media/sapl/public/sessaoplenaria/455/pauta/2a_convocacao_solene_dia_29.08.2023_assinada.pdf","upload_ata":"http://sapl.sarandi.pr.leg.br/media/sapl/public/sessaoplenaria/455/ata/ata_da_2a_sessao_solene_29-08-2023.pdf","upload_anexo":null,"iniciada":true,"finalizada":true,"interativa":false,"tema_solene":"ITEM \u00daNICO \u2013 APRESENTA\u00c7\u00c3O DOS 20 (VINTE) CANDIDATOS AO CARGO DE VEREADOR MIRIM, QUE DEFENDER\u00c3O OS MOTIVOS PELOS QUAIS MERECEM SER ELEITOS NAS ELEI\u00c7\u00d5ES QUE OCORRER\u00c3O NA DATA DE 15/09/2023.","data_ultima_atualizacao":"2023-09-05T12:31:02.937402-03:00","publicar_pauta":true,"tipo":4,"sessao_legislativa":14,"legislatura":10,"correspondencias":[]}