{"headers": {"id": "ID", "ano": "Ano", "numero": "N\u00famero", "tipo__sigla": "Tipo de Mat\u00e9ria Legislativa/Sigla", "tipo__descricao": "Tipo de Mat\u00e9ria Legislativa/Descri\u00e7\u00e3o", "autoria": "Autorias", "texto_original": "Texto Original", "ementa": "Ementa"}, "results": [{"id": "9231", "ano": "1994", "numero": "1", "tipo__sigla": "PDL", "tipo__descricao": "Projeto de Decreto Legislativo", "autoria": "Osvaldo Luis Alves", "texto_original": "http://sapl.sarandi.pr.leg.br/media/sapl/public/materialegislativa/1994/9231/proj._decreto_legislativo_no_1-1994.pdf", "ementa": "Concede T\u00edtulo de Benemer\u00eancia \u00e0 Cidad\u00e3o Sarandiense."}, {"id": "9232", "ano": "1994", "numero": "2", "tipo__sigla": "PDL", "tipo__descricao": "Projeto de Decreto Legislativo", "autoria": "Cilas Morais", "texto_original": "http://sapl.sarandi.pr.leg.br/media/sapl/public/materialegislativa/1994/9232/proj._decreto_legislativo_no_2-1994.pdf", "ementa": "Concede T\u00edtulo de Benemer\u00eancia ao Sr. Antonio Muniz da Silva Filho."}, {"id": "9233", "ano": "1994", "numero": "3", "tipo__sigla": "PDL", "tipo__descricao": "Projeto de Decreto Legislativo", "autoria": "Mesa Diretora", "texto_original": "http://sapl.sarandi.pr.leg.br/media/sapl/public/materialegislativa/1994/9233/proj._decreto_legislativo_no_3-1994.pdf", "ementa": "Aprova Termo de Coopera\u00e7\u00e3o T\u00e9cnica e Financeira firmado entre o Departamento de Estradas de Rodagem do Estado do Paran\u00e1, com a interveni\u00eancia da\r\nSecretaria de Estado dos Transportes do Estado do Paran\u00e1 e o Munic\u00edpio de Sarandi."}, {"id": "9234", "ano": "1994", "numero": "4", "tipo__sigla": "PDL", "tipo__descricao": "Projeto de Decreto Legislativo", "autoria": "Mesa Diretora", "texto_original": "http://sapl.sarandi.pr.leg.br/media/sapl/public/materialegislativa/1994/9234/proj._decreto_legislativo_no_4-1994.pdf", "ementa": "Aprova Conv\u00eanio realizado entre o Estado do Paran\u00e1 atrav\u00e9s da Secretaria de Estado da Sa\u00fade/Instituto de Sa\u00fade do Paran\u00e1 e o Munic\u00edpio de Sarandi com vistas aquisi\u00e7\u00e3o de equipamentos."}, {"id": "9235", "ano": "1994", "numero": "5", "tipo__sigla": "PDL", "tipo__descricao": "Projeto de Decreto Legislativo", "autoria": "Mesa Diretora", "texto_original": "http://sapl.sarandi.pr.leg.br/media/sapl/public/materialegislativa/1994/9235/proj._decreto_legislativo_no_5-1994.pdf", "ementa": "Concede Licen\u00e7a ao Senhor Prefeito Municipal."}, {"id": "9236", "ano": "1994", "numero": "6", "tipo__sigla": "PDL", "tipo__descricao": "Projeto de Decreto Legislativo", "autoria": "", "texto_original": "http://sapl.sarandi.pr.leg.br/media/sapl/public/materialegislativa/1994/9236/proj._decreto_legislativo_no_6-1994.pdf", "ementa": "Aceita \"Veto\" aposto ao Projeto de Lei Complementar n\u00b0 021/94, que disp\u00f5e sobre inclus\u00e3o de Rua no Eixo de Com\u00e9rcio e Servi\u00e7os-ECS 1."}, {"id": "9237", "ano": "1994", "numero": "7", "tipo__sigla": "PDL", "tipo__descricao": "Projeto de Decreto Legislativo", "autoria": "", "texto_original": "http://sapl.sarandi.pr.leg.br/media/sapl/public/materialegislativa/1994/9237/proj._decreto_legislativo_no_7-1994.pdf", "ementa": "Aceita \"Veto\" aposto ao Projeto de Lei Complementar n\u00b0 022/94, que disp\u00f5e sobre inclus\u00e3o de Rua no Eixo de Com\u00e9rcio e Servi\u00e7os-ECS 1."}, {"id": "9050", "ano": "1994", "numero": "18", "tipo__sigla": "PLC", "tipo__descricao": "Projeto de Lei Complementar", "autoria": "Carlos Roberto Galindo Garcia", "texto_original": "http://sapl.sarandi.pr.leg.br/media/sapl/public/materialegislativa/1994/9050/proj._lei_compl._no_18-1994.pdf", "ementa": "Modifica o Anexo IV da Lei Complementar n\u00ba 3/92, de 13 de mar\u00e7o de 1992."}, {"id": "9051", "ano": "1994", "numero": "19", "tipo__sigla": "PLC", "tipo__descricao": "Projeto de Lei Complementar", "autoria": "Andr\u00e9 Rodrigues da Silva", "texto_original": "http://sapl.sarandi.pr.leg.br/media/sapl/public/materialegislativa/1994/9051/proj._lei_compl._no_19-1994.pdf", "ementa": "Inclui rua no Eixo Comercial da cidade e d\u00e1 outras provid\u00eancias."}, {"id": "9049", "ano": "1994", "numero": "20", "tipo__sigla": "PLC", "tipo__descricao": "Projeto de Lei Complementar", "autoria": "Milton Aparecido Martini", "texto_original": "http://sapl.sarandi.pr.leg.br/media/sapl/public/materialegislativa/1994/9049/proj._lei_compl._no_20-1994.pdf", "ementa": "Altera os anexos II e IV da Lei Complementar n\u00ba 16/93 (Quadro de Pessoal Permanente da Prefeitura) e d\u00e1 outras provid\u00eancias."}, {"id": "9048", "ano": "1994", "numero": "21", "tipo__sigla": "PLC", "tipo__descricao": "Projeto de Lei Complementar", "autoria": "Jos\u00e9 Amaral de Souza", "texto_original": "http://sapl.sarandi.pr.leg.br/media/sapl/public/materialegislativa/1994/9048/proj._lei_compl._no_21-1994.pdf", "ementa": "Inclui rua no Eixo Comercial da cidade e d\u00e1 outras provid\u00eancias."}, {"id": "9047", "ano": "1994", "numero": "22", "tipo__sigla": "PLC", "tipo__descricao": "Projeto de Lei Complementar", "autoria": "Francisco Gomes de Alencar", "texto_original": "http://sapl.sarandi.pr.leg.br/media/sapl/public/materialegislativa/1994/9047/proj._lei_compl._no_22-1994.pdf", "ementa": "Inclui rua no Eixo Comercial da cidade e d\u00e1 outras provid\u00eancias."}, {"id": "9046", "ano": "1994", "numero": "23", "tipo__sigla": "PLC", "tipo__descricao": "Projeto de Lei Complementar", "autoria": "Jos\u00e9 Amaral de Souza", "texto_original": "http://sapl.sarandi.pr.leg.br/media/sapl/public/materialegislativa/1994/9046/proj._lei_compl._no_23-1994.pdf", "ementa": "Disp\u00f5e sobre inclus\u00e3o de rua no Eixo de Com\u00e9rcio e d\u00e1 outras provid\u00eancias."}, {"id": "9045", "ano": "1994", "numero": "24", "tipo__sigla": "PLC", "tipo__descricao": "Projeto de Lei Complementar", "autoria": "Osvaldo Luis Alves", "texto_original": "http://sapl.sarandi.pr.leg.br/media/sapl/public/materialegislativa/1994/9045/proj._lei_compl._no_24-1994.pdf", "ementa": "Disp\u00f5e sobre separa\u00e7\u00e3o, acondicionamento, coleta interna e externa do lixo hospital e d\u00e1 outras provid\u00eancias correlatas."}, {"id": "9044", "ano": "1994", "numero": "25", "tipo__sigla": "PLC", "tipo__descricao": "Projeto de Lei Complementar", "autoria": "Ad\u00e9rcio Marques da Silva, Otmar Bruch", "texto_original": "http://sapl.sarandi.pr.leg.br/media/sapl/public/materialegislativa/1994/9044/proj._lei_compl._no_25-1994.pdf", "ementa": "D\u00e1 novas reda\u00e7\u00f5es aos arts. 118, 119, 120, 121, 122 e 123 da Lei Complementar n\u00ba 5/92 - Obras e Edifica\u00e7\u00f5es, de 13 de mar\u00e7o de 1992."}, {"id": "9043", "ano": "1994", "numero": "26", "tipo__sigla": "PLC", "tipo__descricao": "Projeto de Lei Complementar", "autoria": "Milton Aparecido Martini", "texto_original": "http://sapl.sarandi.pr.leg.br/media/sapl/public/materialegislativa/1994/9043/proj._lei_compl._no_26-1994.pdf", "ementa": "Inclui jardim e lote no Eixo Industrial da cidade e d\u00e1 outras provid\u00eancias."}, {"id": "9042", "ano": "1994", "numero": "27", "tipo__sigla": "PLC", "tipo__descricao": "Projeto de Lei Complementar", "autoria": "Jos\u00e9 Zeno Fachin, Osvaldo Luis Alves", "texto_original": "http://sapl.sarandi.pr.leg.br/media/sapl/public/materialegislativa/1994/9042/proj._lei_compl._no_27-1994.pdf", "ementa": "Altera os anexos I, II, III e IV da Lei Complementar n\u00ba 16/93 - o dois e o quatro j\u00e1 alterados pela Lei Complementar n\u00ba 19/94, e d\u00e1 outras provid\u00eancias."}, {"id": "9041", "ano": "1994", "numero": "28", "tipo__sigla": "PLC", "tipo__descricao": "Projeto de Lei Complementar", "autoria": "Francisco Gomes de Alencar", "texto_original": "http://sapl.sarandi.pr.leg.br/media/sapl/public/materialegislativa/1994/9041/proj._lei_compl._no_28-1994.pdf", "ementa": "Disp\u00f5e sobre inclus\u00e3o de rua no Eixo de Com\u00e9rcio e d\u00e1 outras provid\u00eancias."}, {"id": "7752", "ano": "1994", "numero": "605", "tipo__sigla": "PLO", "tipo__descricao": "Projeto de Lei Ordin\u00e1ria", "autoria": "Carlos Roberto Galindo Garcia", "texto_original": "http://sapl.sarandi.pr.leg.br/media/sapl/public/materialegislativa/1994/7752/proj._lei_no_605-1994.pdf", "ementa": "D\u00e1 denomina\u00e7\u00e3o a rua n\u00b0 31, do Parque Residencial Alvamar II e d\u00e1 outras provid\u00eancias."}, {"id": "7751", "ano": "1994", "numero": "606", "tipo__sigla": "PLO", "tipo__descricao": "Projeto de Lei Ordin\u00e1ria", "autoria": "Cilas Morais", "texto_original": "http://sapl.sarandi.pr.leg.br/media/sapl/public/materialegislativa/1994/7751/proj._lei_no_606-1994.pdf", "ementa": "Autoriza desconto no recebimento de tributos inscritos em D\u00edvida Ativa e d\u00e1 outras provid\u00eancias."}, {"id": "7750", "ano": "1994", "numero": "607", "tipo__sigla": "PLO", "tipo__descricao": "Projeto de Lei Ordin\u00e1ria", "autoria": "Milton Aparecido Martini", "texto_original": "http://sapl.sarandi.pr.leg.br/media/sapl/public/materialegislativa/1994/7750/proj._lei_no_607-1994.pdf", "ementa": "Disp\u00f5e sobre a denomina\u00e7\u00e3o do Centro de aten\u00e7\u00e3o Integral \u00e0 Crian\u00e7a \u2014 CAIC."}, {"id": "7749", "ano": "1994", "numero": "608", "tipo__sigla": "PLO", "tipo__descricao": "Projeto de Lei Ordin\u00e1ria", "autoria": "Ad\u00e9rcio Marques da Silva, Cilas Morais, Francisco Gomes de Alencar, Jos\u00e9 Amaral de Souza", "texto_original": "http://sapl.sarandi.pr.leg.br/media/sapl/public/materialegislativa/1994/7749/proj._lei_no_608-1994.pdf", "ementa": "Concede isen\u00e7\u00e3o de Tributos e d\u00e1 outras provid\u00eancias."}, {"id": "7748", "ano": "1994", "numero": "609", "tipo__sigla": "PLO", "tipo__descricao": "Projeto de Lei Ordin\u00e1ria", "autoria": "Milton Aparecido Martini", "texto_original": "http://sapl.sarandi.pr.leg.br/media/sapl/public/materialegislativa/1994/7748/proj._lei_no_609-1994.pdf", "ementa": "Autoriza o Poder Executivo Municipal a doar \u00e0 Companhia Paranaense de Energia-Copel, materiais e m\u00e3o-de-obra utilizados na execu\u00e7\u00e3o de rede de energia el\u00e9trica e ilumina\u00e7\u00e3o p\u00fablica, na forma que especifica."}, {"id": "7747", "ano": "1994", "numero": "610", "tipo__sigla": "PLO", "tipo__descricao": "Projeto de Lei Ordin\u00e1ria", "autoria": "Carlos Roberto Galindo Garcia", "texto_original": "http://sapl.sarandi.pr.leg.br/media/sapl/public/materialegislativa/1994/7747/proj._lei_no_610-1994.pdf", "ementa": "Autoriza o Chefe do Poder Executivo Municipal a doar \u00e1rea de terras \u00e0 Corpora\u00e7\u00e3o da Uni\u00e3o Sul Brasileira da Igreja Adventista do S\u00e9timo Dia \u2014 Corpora\u00e7\u00e3o Sul, na forma que especifica."}, {"id": "7746", "ano": "1994", "numero": "611", "tipo__sigla": "PLO", "tipo__descricao": "Projeto de Lei Ordin\u00e1ria", "autoria": "Milton Aparecido Martini", "texto_original": "http://sapl.sarandi.pr.leg.br/media/sapl/public/materialegislativa/1994/7746/proj._lei_no_611-1994.pdf", "ementa": "Autoriza o Poder Executivo Municipal a permutar e doar im\u00f3vel urbano, bem como firmar conv\u00eanio com a EMATER, na forma que especifica."}, {"id": "7745", "ano": "1994", "numero": "612", "tipo__sigla": "PLO", "tipo__descricao": "Projeto de Lei Ordin\u00e1ria", "autoria": "Jos\u00e9 Zeno Fachin", "texto_original": "http://sapl.sarandi.pr.leg.br/media/sapl/public/materialegislativa/1994/7745/proj._lei_no_612-1994.pdf", "ementa": "Institui Programa de Apoio ao Adolescente Sarandiense, dentro da \u00e1rea de atendimento do Conselho Municipal dos Direitos da Crian\u00e7a e do Adolescente."}, {"id": "7744", "ano": "1994", "numero": "613", "tipo__sigla": "PLO", "tipo__descricao": "Projeto de Lei Ordin\u00e1ria", "autoria": "Milton Aparecido Martini", "texto_original": "http://sapl.sarandi.pr.leg.br/media/sapl/public/materialegislativa/1994/7744/proj._lei_no_613-1994.pdf", "ementa": "Disp\u00f5e sobre as Diretrizes Or\u00e7ament\u00e1rias para o Exerc\u00edcio Financeiro de 1995 e d\u00e1 outras provid\u00eancias."}, {"id": "7743", "ano": "1994", "numero": "614", "tipo__sigla": "PLO", "tipo__descricao": "Projeto de Lei Ordin\u00e1ria", "autoria": "Luis Carlos Baradel", "texto_original": "http://sapl.sarandi.pr.leg.br/media/sapl/public/materialegislativa/1994/7743/proj._lei_no_614-1994.pdf", "ementa": "Autoriza o Chefe do Executivo Municipal a conceder isen\u00e7\u00e3o da Tarifa de \u00c1gua Pot\u00e1vel e d\u00e1 outras provid\u00eancias."}, {"id": "7742", "ano": "1994", "numero": "615", "tipo__sigla": "PLO", "tipo__descricao": "Projeto de Lei Ordin\u00e1ria", "autoria": "Nelson Mariano Silva, Otmar Bruch", "texto_original": "http://sapl.sarandi.pr.leg.br/media/sapl/public/materialegislativa/1994/7742/proj._lei_no_615-1994.pdf", "ementa": "D\u00e1 nova denomina\u00e7\u00e3o a atual Rua n\u00b0 01, do Parque Residencial Alvamar II e d\u00e1 outras provid\u00eancias."}, {"id": "7741", "ano": "1994", "numero": "617", "tipo__sigla": "PLO", "tipo__descricao": "Projeto de Lei Ordin\u00e1ria", "autoria": "Luis Carlos Baradel", "texto_original": "http://sapl.sarandi.pr.leg.br/media/sapl/public/materialegislativa/1994/7741/proj._lei_no_617-1994.pdf", "ementa": "Disp\u00f5e sobre cria\u00e7\u00e3o de ponto de t\u00e1xi para autom\u00f3vel modelo Kombi/Passageiros e outros modelos convencionais e d\u00e1 outras provid\u00eancias."}, {"id": "7740", "ano": "1994", "numero": "618", "tipo__sigla": "PLO", "tipo__descricao": "Projeto de Lei Ordin\u00e1ria", "autoria": "Nelson Mariano Silva, Ad\u00e9rcio Marques da Silva, Jos\u00e9 Amaral de Souza", "texto_original": "http://sapl.sarandi.pr.leg.br/media/sapl/public/materialegislativa/1994/7740/proj._lei_no_618-1994.pdf", "ementa": "Disp\u00f5e sobre prorroga\u00e7\u00e3o de prazo para protocolar requerimento solicitando subdivis\u00e3o de lote ou data, previsto no par\u00e1grafo \u00fanico, do art. 1\u00b0 da Lei Municipal n\u00b0 548/93."}, {"id": "7739", "ano": "1994", "numero": "619", "tipo__sigla": "PLO", "tipo__descricao": "Projeto de Lei Ordin\u00e1ria", "autoria": "Jos\u00e9 Zeno Fachin, Jos\u00e9 Amaral de Souza", "texto_original": "http://sapl.sarandi.pr.leg.br/media/sapl/public/materialegislativa/1994/7739/proj._lei_no_619-1994.pdf", "ementa": "Disp\u00f5e sobre doa\u00e7\u00e3o de um lote de terra \u00e0 Associa\u00e7\u00e3o Comercial e Industrial de Sarandi e d\u00e1 outras provid\u00eancias correlatas."}, {"id": "7738", "ano": "1994", "numero": "620", "tipo__sigla": "PLO", "tipo__descricao": "Projeto de Lei Ordin\u00e1ria", "autoria": "Otmar Bruch, Nelson Mariano Silva", "texto_original": "http://sapl.sarandi.pr.leg.br/media/sapl/public/materialegislativa/1994/7738/proj._lei_no_620-1994.pdf", "ementa": "D\u00e1 nova denomina\u00e7\u00e3o a atual Rua Mato Grosso no Jardim Gralha Azul e d\u00e1 outras provid\u00eancias."}, {"id": "7737", "ano": "1994", "numero": "621", "tipo__sigla": "PLO", "tipo__descricao": "Projeto de Lei Ordin\u00e1ria", "autoria": "Milton Aparecido Martini", "texto_original": "http://sapl.sarandi.pr.leg.br/media/sapl/public/materialegislativa/1994/7737/proj._lei_no_621-1994.pdf", "ementa": "Autoriza o Chefe do Poder Executivo Municipal a doar im\u00f3vel urbano \u00e0 Igreja Evang\u00e9lica Cristo Jesus de Nazar\u00e9, na forma que especifica."}, {"id": "7736", "ano": "1994", "numero": "622", "tipo__sigla": "PLO", "tipo__descricao": "Projeto de Lei Ordin\u00e1ria", "autoria": "", "texto_original": "http://sapl.sarandi.pr.leg.br/media/sapl/public/materialegislativa/1994/7736/proj._lei_no_622-1994.pdf", "ementa": "Disp\u00f5e sobre o Fundo de previd\u00eancia dos Servidores Municipais de Sarandi-PRESERV, e d\u00e1 outras provid\u00eancias."}, {"id": "7735", "ano": "1994", "numero": "623", "tipo__sigla": "PLO", "tipo__descricao": "Projeto de Lei Ordin\u00e1ria", "autoria": "Milton Aparecido Martini", "texto_original": "http://sapl.sarandi.pr.leg.br/media/sapl/public/materialegislativa/1994/7735/proj._lei_no_623-1994.pdf", "ementa": "Autoriza o Chefe do Poder Executivo Municipal a permutar im\u00f3vel urbano, na forma que especifica."}, {"id": "7734", "ano": "1994", "numero": "624", "tipo__sigla": "PLO", "tipo__descricao": "Projeto de Lei Ordin\u00e1ria", "autoria": "Milton Aparecido Martini", "texto_original": "http://sapl.sarandi.pr.leg.br/media/sapl/public/materialegislativa/1994/7734/proj._lei_no_624-1994.pdf", "ementa": "Disp\u00f5e sobre Suplementa\u00e7\u00e3o ao Or\u00e7amento Geral do Munic\u00edpio e d\u00e1 outras provid\u00eancias."}, {"id": "7733", "ano": "1994", "numero": "625", "tipo__sigla": "PLO", "tipo__descricao": "Projeto de Lei Ordin\u00e1ria", "autoria": "Jos\u00e9 Amaral de Souza, Ad\u00e9rcio Marques da Silva", "texto_original": "http://sapl.sarandi.pr.leg.br/media/sapl/public/materialegislativa/1994/7733/proj._lei_no_625-1994.pdf", "ementa": "Autoriza ao Prefeito Municipal a transformar m\u00e3o-\u00fanica a Rua Castro Alves."}, {"id": "7732", "ano": "1994", "numero": "626", "tipo__sigla": "PLO", "tipo__descricao": "Projeto de Lei Ordin\u00e1ria", "autoria": "Jos\u00e9 Amaral de Souza", "texto_original": "http://sapl.sarandi.pr.leg.br/media/sapl/public/materialegislativa/1994/7732/proj._lei_no_626-1994.pdf", "ementa": "Disp\u00f5e sobre constru\u00e7\u00e3o de um abrigo no Ponto n\u00b0 01, de Caminh\u00f5es e Utilit\u00e1rios de alugu\u00e9is criado pela Lei Municipal n\u00b0 540/93, e d\u00e1 outras provid\u00eancias."}, {"id": "7731", "ano": "1994", "numero": "627", "tipo__sigla": "PLO", "tipo__descricao": "Projeto de Lei Ordin\u00e1ria", "autoria": "Milton Aparecido Martini", "texto_original": "http://sapl.sarandi.pr.leg.br/media/sapl/public/materialegislativa/1994/7731/proj._lei_no_627-1994.pdf", "ementa": "Autoriza o Poder Executivo Municipal a doar im\u00f3vel \u00e0 associa\u00e7\u00e3o Verdade Inspirada Por Deus Para Assist\u00eancia Social-Vidas, na forma que especifica."}, {"id": "7730", "ano": "1994", "numero": "628", "tipo__sigla": "PLO", "tipo__descricao": "Projeto de Lei Ordin\u00e1ria", "autoria": "Milton Aparecido Martini", "texto_original": "http://sapl.sarandi.pr.leg.br/media/sapl/public/materialegislativa/1994/7730/proj._lei_no_628-1994.pdf", "ementa": "Altera o Art. 1\u00b0 da Lei Municipal n\u00b0 465/92, de 19/03/92, que alterou o art. 1\u00ba da Lei Municipal n\u00b0 441/91, de 06/11/91, na forma que especifica."}, {"id": "7729", "ano": "1994", "numero": "629", "tipo__sigla": "PLO", "tipo__descricao": "Projeto de Lei Ordin\u00e1ria", "autoria": "Milton Aparecido Martini", "texto_original": "http://sapl.sarandi.pr.leg.br/media/sapl/public/materialegislativa/1994/7729/proj._lei_no_629-1994.pdf", "ementa": "Disp\u00f5e sobre o or\u00e7amento para o exerc\u00edcio financeiro de 1995."}, {"id": "7728", "ano": "1994", "numero": "630", "tipo__sigla": "PLO", "tipo__descricao": "Projeto de Lei Ordin\u00e1ria", "autoria": "Milton Aparecido Martini", "texto_original": "http://sapl.sarandi.pr.leg.br/media/sapl/public/materialegislativa/1994/7728/proj._lei_no_630-1994.pdf", "ementa": "Disp\u00f5e sobre a denomina\u00e7\u00e3o de vias do munic\u00edpio, na forma que especifica."}, {"id": "7727", "ano": "1994", "numero": "631", "tipo__sigla": "PLO", "tipo__descricao": "Projeto de Lei Ordin\u00e1ria", "autoria": "Ad\u00e9rcio Marques da Silva", "texto_original": "http://sapl.sarandi.pr.leg.br/media/sapl/public/materialegislativa/1994/7727/proj._lei_no_631-1994.pdf", "ementa": "Autoriza constru\u00e7\u00e3o de Pra\u00e7a no Jardim Panorama e d\u00e1 outras provid\u00eancias."}, {"id": "7726", "ano": "1994", "numero": "632", "tipo__sigla": "PLO", "tipo__descricao": "Projeto de Lei Ordin\u00e1ria", "autoria": "Milton Aparecido Martini", "texto_original": "http://sapl.sarandi.pr.leg.br/media/sapl/public/materialegislativa/1994/7726/proj._lei_no_632-1994.pdf", "ementa": "Disp\u00f5e sobre autoriza\u00e7\u00e3o ao Executivo Municipal para firmar conv\u00eanio com estabelecimentos comerciais, na forma que especifica."}, {"id": "7725", "ano": "1994", "numero": "633", "tipo__sigla": "PLO", "tipo__descricao": "Projeto de Lei Ordin\u00e1ria", "autoria": "Luis Carlos Baradel", "texto_original": "http://sapl.sarandi.pr.leg.br/media/sapl/public/materialegislativa/1994/7725/proj._lei_no_633-1994.pdf", "ementa": "D\u00e1 denomina\u00e7\u00f5es \u00e0s ruas de n\u00fameros 2 a 27 do Parque Alvamar II, na forma que especifica."}, {"id": "7723", "ano": "1994", "numero": "634", "tipo__sigla": "PLO", "tipo__descricao": "Projeto de Lei Ordin\u00e1ria", "autoria": "Carlos Roberto Galindo Garcia", "texto_original": "http://sapl.sarandi.pr.leg.br/media/sapl/public/materialegislativa/1994/7723/proj._lei_no_634-1994.pdf", "ementa": "Autoriza o Chefe do Poder Executivo Municipal a isentar taxa de licen\u00e7a relativa ao com\u00e9rcio ambulante e d\u00e1 outras provid\u00eancias."}, {"id": "7722", "ano": "1994", "numero": "635", "tipo__sigla": "PLO", "tipo__descricao": "Projeto de Lei Ordin\u00e1ria", "autoria": "Milton Aparecido Martini", "texto_original": "http://sapl.sarandi.pr.leg.br/media/sapl/public/materialegislativa/1994/7722/proj._lei_no_635-1994.pdf", "ementa": "Autoriza o Chefe do Poder Executivo Municipal a abrir cr\u00e9dito adicional suplementar."}, {"id": "7721", "ano": "1994", "numero": "636", "tipo__sigla": "PLO", "tipo__descricao": "Projeto de Lei Ordin\u00e1ria", "autoria": "Milton Aparecido Martini", "texto_original": "http://sapl.sarandi.pr.leg.br/media/sapl/public/materialegislativa/1994/7721/proj._lei_no_636-1994.pdf", "ementa": "Autoriza o Chefe do Poder Executivo Municipal a abrir cr\u00e9dito adicional suplementar."}, {"id": "7720", "ano": "1994", "numero": "637", "tipo__sigla": "PLO", "tipo__descricao": "Projeto de Lei Ordin\u00e1ria", "autoria": "Milton Aparecido Martini", "texto_original": "http://sapl.sarandi.pr.leg.br/media/sapl/public/materialegislativa/1994/7720/proj._lei_no_637-1994.pdf", "ementa": "Desafeta de uso comum do povo e/ou especial \u00e1rea de terras do loteamento denominado Jardim Perimetral."}, {"id": "7719", "ano": "1994", "numero": "638", "tipo__sigla": "PLO", "tipo__descricao": "Projeto de Lei Ordin\u00e1ria", "autoria": "Milton Aparecido Martini", "texto_original": "http://sapl.sarandi.pr.leg.br/media/sapl/public/materialegislativa/1994/7719/proj._lei_no_638-1994.pdf", "ementa": "Autoriza o Poder Executivo Municipal a adquirir im\u00f3vel urbano, na forma que especifica."}, {"id": "7718", "ano": "1994", "numero": "639", "tipo__sigla": "PLO", "tipo__descricao": "Projeto de Lei Ordin\u00e1ria", "autoria": "Milton Aparecido Martini", "texto_original": "http://sapl.sarandi.pr.leg.br/media/sapl/public/materialegislativa/1994/7718/proj._lei_no_639-1994.pdf", "ementa": "Disp\u00f5e sobre a redu\u00e7\u00e3o da al\u00edquota do Imposto Municipal sobre Vendas de Combust\u00edveis L\u00edquidos e Gasosos a Varejo - IVV, para o exerc\u00edcio financeiro de 1995, alterando, consequentemente, o Art. 8\u00ba, da Lei Municipal n\u00ba 312, de 22/12/1988."}, {"id": "9423", "ano": "1994", "numero": "1", "tipo__sigla": "PRE", "tipo__descricao": "Projeto de Resolu\u00e7\u00e3o", "autoria": "Ad\u00e9rcio Marques da Silva", "texto_original": "http://sapl.sarandi.pr.leg.br/media/sapl/public/materialegislativa/1994/9423/projeto_de_resolucao_no_1-1994.pdf", "ementa": "Revoga artigo da Resolu\u00e7\u00e3o n\u00b0 05/92 e d\u00e1 outras provid\u00eancias."}, {"id": "9424", "ano": "1994", "numero": "2", "tipo__sigla": "PRE", "tipo__descricao": "Projeto de Resolu\u00e7\u00e3o", "autoria": "Mesa Diretora", "texto_original": "http://sapl.sarandi.pr.leg.br/media/sapl/public/materialegislativa/1994/9424/projeto_de_resolucao_no_2-1994.pdf", "ementa": "Dispor sobre a proposta parcial do Or\u00e7amento da C\u00e2mara para ser inclu\u00edda na proposta geral do Or\u00e7amento do Munic\u00edpio para o Exerc\u00edcio Financeiro de 1995 (Art. 32, IV - RI)."}, {"id": "9425", "ano": "1994", "numero": "3", "tipo__sigla": "PRE", "tipo__descricao": "Projeto de Resolu\u00e7\u00e3o", "autoria": "Osvaldo Luis Alves", "texto_original": "http://sapl.sarandi.pr.leg.br/media/sapl/public/materialegislativa/1994/9425/projeto_de_resolucao_no_3-1994.pdf", "ementa": "Institui a Tribuna Livre."}, {"id": "9427", "ano": "1994", "numero": "4", "tipo__sigla": "PRE", "tipo__descricao": "Projeto de Resolu\u00e7\u00e3o", "autoria": "Mesa Diretora", "texto_original": "http://sapl.sarandi.pr.leg.br/media/sapl/public/materialegislativa/1994/9427/projeto_de_resolucao_no_4-1994.pdf", "ementa": "Disp\u00f5e sobre a Estrutura Administrativa da C\u00e2mara Municipal de Sarandi, Estado do Paran\u00e1 e d\u00e1 outras provid\u00eancias."}, {"id": "9428", "ano": "1994", "numero": "5", "tipo__sigla": "PRE", "tipo__descricao": "Projeto de Resolu\u00e7\u00e3o", "autoria": "Mesa Diretora", "texto_original": "http://sapl.sarandi.pr.leg.br/media/sapl/public/materialegislativa/1994/9428/projeto_de_resolucao_no_5-1994.pdf", "ementa": "Institui o Plano de Cargos e Carreira e Vencimentos do Quadro de Servidores P\u00fablicos da C\u00e2mara Municipal de Sarandi, Estado do Paran\u00e1 e d\u00e1 outras\r\nprovid\u00eancias."}, {"id": "10561", "ano": "1994", "numero": "37", "tipo__sigla": "REQ", "tipo__descricao": "Requerimento", "autoria": "Jos\u00e9 Amaral de Souza", "texto_original": "http://sapl.sarandi.pr.leg.br/media/sapl/public/materialegislativa/1994/10561/requerimento_no_37_1994.pdf", "ementa": "Of\u00edcio ao senhor Prefeito solicitando que determine a execu\u00e7\u00e3o de melhorias na Praga localizada no Parque S\u00e3o Pedro, nesta cidade. Tais como: servi\u00e7os de limpeza, substitui\u00e7\u00e3o de l\u00e2mpadas no super-poste e coloca\u00e7\u00e3o de bancos."}]}