{"headers": {"id": "ID", "ano": "Ano", "numero": "N\u00famero", "tipo__sigla": "Tipo de Mat\u00e9ria Legislativa/Sigla", "tipo__descricao": "Tipo de Mat\u00e9ria Legislativa/Descri\u00e7\u00e3o", "autoria": "Autorias", "texto_original": "Texto Original", "ementa": "Ementa"}, "results": [{"id": "9193", "ano": "2002", "numero": "1", "tipo__sigla": "PDL", "tipo__descricao": "Projeto de Decreto Legislativo", "autoria": "Jos\u00e9 Aparecido da Silva (Zezinho)", "texto_original": "http://sapl.sarandi.pr.leg.br/media/sapl/public/materialegislativa/2002/9193/proj._decreto_legislativo_no_1-2002.pdf", "ementa": "Concede T\u00edtulo de Cidad\u00e3o Honor\u00e1rio \u00e0 Dom Paulo Evaristo Arns, Arcebispo Em\u00e9rito de S\u00e3o Paulo \u2014 SP."}, {"id": "9194", "ano": "2002", "numero": "2", "tipo__sigla": "PDL", "tipo__descricao": "Projeto de Decreto Legislativo", "autoria": "", "texto_original": "http://sapl.sarandi.pr.leg.br/media/sapl/public/materialegislativa/2002/9194/proj._decreto_legislativo_no_2-2002.pdf", "ementa": "Disp\u00f5e sobre Rejei\u00e7\u00e3o do \"Veto\" Aposto \u00e0 Lei Municipal n\u00b0 982/2002, originada do Projeto de Lei n\u00b0 1087/2002, de Autoria do edil Antonio da Cunha, que Disp\u00f5e sobre a Concess\u00e3o de descontos para cobran\u00e7a da contribui\u00e7\u00e3o de melhorias e d\u00e1 outras provid\u00eancias."}, {"id": "9195", "ano": "2002", "numero": "3", "tipo__sigla": "PDL", "tipo__descricao": "Projeto de Decreto Legislativo", "autoria": "", "texto_original": "http://sapl.sarandi.pr.leg.br/media/sapl/public/materialegislativa/2002/9195/proj._decreto_legislativo_no_3-2002.pdf", "ementa": "Disp\u00f5e sobre rejei\u00e7\u00e3o do \"Veto\" Aposto \u00e0 Lei Complementar n\u00b0 080/2002, originada do Projeto de Lei Complementar n\u00b0 086/2002, de autoria dos edis Cleiton Damasceno do Carmo, Carlos Alberto de Paula Junior, Valdir da Silva, Aparecida Rodrigues Schwarz, Jos\u00e9 Antonio Monteiro Pedro, Jos\u00e9 Duarte, Alcides Ferreira, Reinaldo Gon\u00e7alves, Sandra Aparecida Klebis Moreira, Rafael Pszybylski, Jo\u00e3o Lara Bieira, Jo\u00e3o Dutra Netto e Jos\u00e9 Aparecido da Silva, que Acrescenta par\u00e1grafo ao art. 25 da Lei Complementar n\u00b0 10/92, Estatuto dos Servidores P\u00fablicos do Munic\u00edpio de Sarandi \u2014 Paran\u00e1."}, {"id": "9196", "ano": "2002", "numero": "4", "tipo__sigla": "PDL", "tipo__descricao": "Projeto de Decreto Legislativo", "autoria": "", "texto_original": "http://sapl.sarandi.pr.leg.br/media/sapl/public/materialegislativa/2002/9196/proj._decreto_legislativo_no_4-2002.pdf", "ementa": "Disp\u00f5e sobre rejei\u00e7\u00e3o do \"Veto\" Aposto \u00e0 Lei n\u00b0 1024/2002, do edil Nelson Mariano da Silva, o qual Disp\u00f5e sobre a fixa\u00e7\u00e3o de prazo para a realiza\u00e7\u00e3o de\r\nconsultas e exames m\u00e9dicos especializados nas Unidades de Sa\u00fade do Munic\u00edpio."}, {"id": "8991", "ano": "2002", "numero": "78", "tipo__sigla": "PLC", "tipo__descricao": "Projeto de Lei Complementar", "autoria": "Jos\u00e9 Duarte, Alcides Ferreira, Antonio da Cunha, Aparecida Rodrigues Schwarz, Carlos Alberto de Paula J\u00fanior, Jo\u00e3o de Lara Vieira, Jos\u00e9 Antonio Monteiro Pedro, Rafael do Pov\u00e3o, Reinaldo Gon\u00e7alves, Sandra Aparecida Klebis Moreira, Valdir da Silva", "texto_original": "http://sapl.sarandi.pr.leg.br/media/sapl/public/materialegislativa/2002/8991/proj._lei_compl._no_78-2002.pdf", "ementa": "Eleva o percentual da taxa de ocupa\u00e7\u00e3o m\u00e1xima do terreno, do anexo 4, da Lei Complementar n\u00ba 3/92."}, {"id": "8990", "ano": "2002", "numero": "79", "tipo__sigla": "PLC", "tipo__descricao": "Projeto de Lei Complementar", "autoria": "Rafael do Pov\u00e3o", "texto_original": "http://sapl.sarandi.pr.leg.br/media/sapl/public/materialegislativa/2002/8990/proj._lei_compl._no_79-2002.pdf", "ementa": "Inclui rua no Eixo Comercial da cidade e d\u00e1 outras provid\u00eancias."}, {"id": "8989", "ano": "2002", "numero": "80", "tipo__sigla": "PLC", "tipo__descricao": "Projeto de Lei Complementar", "autoria": "Jos\u00e9 Aparecido da Silva (Zezinho)", "texto_original": "http://sapl.sarandi.pr.leg.br/media/sapl/public/materialegislativa/2002/8989/proj._lei_compl._no_80-2002.pdf", "ementa": "Inclui rua no Eixo Comercial da cidade e d\u00e1 outras provid\u00eancias."}, {"id": "8988", "ano": "2002", "numero": "81", "tipo__sigla": "PLC", "tipo__descricao": "Projeto de Lei Complementar", "autoria": "Aparecido Farias Spada", "texto_original": "http://sapl.sarandi.pr.leg.br/media/sapl/public/materialegislativa/2002/8988/proj._lei_compl._no_81-2002.pdf", "ementa": "Eleva o n\u00famero de vagas, cria cargos efetivos e d\u00e1 outras provid\u00eancias."}, {"id": "8987", "ano": "2002", "numero": "82", "tipo__sigla": "PLC", "tipo__descricao": "Projeto de Lei Complementar", "autoria": "Valdir da Silva, Alcides Ferreira, Aparecida Rodrigues Schwarz, Sandra Aparecida Klebis Moreira", "texto_original": "http://sapl.sarandi.pr.leg.br/media/sapl/public/materialegislativa/2002/8987/proj._lei_compl._no_82-2002.pdf", "ementa": "Inclui rua no Eixo Comercial da cidade e d\u00e1 outras provid\u00eancias."}, {"id": "8986", "ano": "2002", "numero": "83", "tipo__sigla": "PLC", "tipo__descricao": "Projeto de Lei Complementar", "autoria": "Antonio da Cunha", "texto_original": "http://sapl.sarandi.pr.leg.br/media/sapl/public/materialegislativa/2002/8986/proj._lei_compl._no_83-2002.pdf", "ementa": "Inclui rua no Eixo Comercial da cidade e d\u00e1 outras provid\u00eancias."}, {"id": "8985", "ano": "2002", "numero": "84", "tipo__sigla": "PLC", "tipo__descricao": "Projeto de Lei Complementar", "autoria": "Jo\u00e3o Dutra Netto", "texto_original": "http://sapl.sarandi.pr.leg.br/media/sapl/public/materialegislativa/2002/8985/proj._lei_compl._no_84-2002.pdf", "ementa": "Inclui rua no Eixo Comercial da cidade."}, {"id": "8984", "ano": "2002", "numero": "85", "tipo__sigla": "PLC", "tipo__descricao": "Projeto de Lei Complementar", "autoria": "Aparecido Farias Spada", "texto_original": "http://sapl.sarandi.pr.leg.br/media/sapl/public/materialegislativa/2002/8984/proj._lei_compl._no_85-2002.pdf", "ementa": "Disp\u00f5e sobre as dimens\u00f5es m\u00ednimas dos lotes situados na Zona Industrial - ZI, do anexo 4 da Lei Complementar n\u00ba 3/92 - \"De Uso e Ocupa\u00e7\u00e3o do Solo Urbano\"."}, {"id": "8983", "ano": "2002", "numero": "86", "tipo__sigla": "PLC", "tipo__descricao": "Projeto de Lei Complementar", "autoria": "Cleiton Damasceno do Carmo, Alcides Ferreira, Aparecida Rodrigues Schwarz, Carlos Alberto de Paula J\u00fanior, Jo\u00e3o de Lara Vieira, Jo\u00e3o Dutra Netto, Jos\u00e9 Antonio Monteiro Pedro, Jos\u00e9 Aparecido da Silva (Zezinho), Jos\u00e9 Duarte, Rafael do Pov\u00e3o, Reinaldo Gon\u00e7alves, Sandra Aparecida Klebis Moreira, Valdir da Silva", "texto_original": "http://sapl.sarandi.pr.leg.br/media/sapl/public/materialegislativa/2002/8983/proj._lei_compl._no_86-2002.pdf", "ementa": "Acrescenta par\u00e1grafo ao art. 25 da Lei Complementar n\u00ba 10/92 - Estatuto dos Servidores P\u00fablicos do Munic\u00edpio de Sarandi - Paran\u00e1."}, {"id": "8982", "ano": "2002", "numero": "87", "tipo__sigla": "PLC", "tipo__descricao": "Projeto de Lei Complementar", "autoria": "Aparecido Farias Spada", "texto_original": "http://sapl.sarandi.pr.leg.br/media/sapl/public/materialegislativa/2002/8982/proj._lei_compl._no_87-2002.pdf", "ementa": "Disp\u00f5e sobre a altera\u00e7\u00e3o do art. 94 da Lei Complementar n\u00ba 10/92, d e27/12/92 - \"Estatuto dos Servidores P\u00fablicos Municipais e d\u00e1 outras provid\u00eancias\"."}, {"id": "8981", "ano": "2002", "numero": "88", "tipo__sigla": "PLC", "tipo__descricao": "Projeto de Lei Complementar", "autoria": "Rafael do Pov\u00e3o", "texto_original": "http://sapl.sarandi.pr.leg.br/media/sapl/public/materialegislativa/2002/8981/proj._lei_compl._no_88-2002.pdf", "ementa": "Dispensa o afastamento m\u00ednimo, laterais e fundos para a edifica\u00e7\u00e3o de resid\u00eancias em lotes de esquina e d\u00e1 outras provid\u00eancias."}, {"id": "8980", "ano": "2002", "numero": "89", "tipo__sigla": "PLC", "tipo__descricao": "Projeto de Lei Complementar", "autoria": "Nelson Mariano Silva, Cleiton Damasceno do Carmo, Jos\u00e9 Aparecido da Silva (Zezinho)", "texto_original": "http://sapl.sarandi.pr.leg.br/media/sapl/public/materialegislativa/2002/8980/proj._lei_compl._no_89-2002.pdf", "ementa": "D\u00e1 nova reda\u00e7\u00e3o ao \u00a7 4\u00ba do artigo 18 da Lei Complementar n\u00ba 4/92, j\u00e1 alterado pela Lei Complementar n\u00ba 67, de 19 de novembro de 2001 e d\u00e1 outras provid\u00eancias."}, {"id": "8979", "ano": "2002", "numero": "90", "tipo__sigla": "PLC", "tipo__descricao": "Projeto de Lei Complementar", "autoria": "Jos\u00e9 Aparecido da Silva (Zezinho)", "texto_original": "http://sapl.sarandi.pr.leg.br/media/sapl/public/materialegislativa/2002/8979/proj._lei_compl._no_90-2002.pdf", "ementa": "Inclui rua no Eixo Comercial da cidade."}, {"id": "8978", "ano": "2002", "numero": "91", "tipo__sigla": "PLC", "tipo__descricao": "Projeto de Lei Complementar", "autoria": "Valdir da Silva", "texto_original": "http://sapl.sarandi.pr.leg.br/media/sapl/public/materialegislativa/2002/8978/proj._lei_compl._no_91-2002.pdf", "ementa": "Inclui rua no Eixo de Com\u00e9rcio da cidade e d\u00e1 outras provid\u00eancias."}, {"id": "8977", "ano": "2002", "numero": "92", "tipo__sigla": "PLC", "tipo__descricao": "Projeto de Lei Complementar", "autoria": "Antonio da Cunha", "texto_original": "http://sapl.sarandi.pr.leg.br/media/sapl/public/materialegislativa/2002/8977/proj._lei_compl._no_92-2002.pdf", "ementa": "Inclui rua no Eixo Comercial da cidade e d\u00e1 outras provid\u00eancias."}, {"id": "8976", "ano": "2002", "numero": "93", "tipo__sigla": "PLC", "tipo__descricao": "Projeto de Lei Complementar", "autoria": "Jos\u00e9 Duarte", "texto_original": "http://sapl.sarandi.pr.leg.br/media/sapl/public/materialegislativa/2002/8976/proj._lei_compl._no_93-2002.pdf", "ementa": "Inclui rua no Eixo de Com\u00e9rcio da cidade e d\u00e1 outras provid\u00eancias."}, {"id": "8975", "ano": "2002", "numero": "94", "tipo__sigla": "PLC", "tipo__descricao": "Projeto de Lei Complementar", "autoria": "Aparecido Farias Spada", "texto_original": "http://sapl.sarandi.pr.leg.br/media/sapl/public/materialegislativa/2002/8975/proj._lei_compl._no_94-2002.pdf", "ementa": "Eleva o n\u00famero de vagas, cria cargos efetivos e d\u00e1 outras provid\u00eancias."}, {"id": "6969", "ano": "2002", "numero": "1070", "tipo__sigla": "PLO", "tipo__descricao": "Projeto de Lei Ordin\u00e1ria", "autoria": "Aparecido Farias Spada", "texto_original": "http://sapl.sarandi.pr.leg.br/media/sapl/public/materialegislativa/2002/6969/proj._lei_no_1070-2002.pdf", "ementa": "Autoriza o Munic\u00edpio de Sarandi, Estado do Paran\u00e1, a firmar Conv\u00eanio com a Delegacia Regional do Trabalho-DRT, no Estado do Paran\u00e1."}, {"id": "6968", "ano": "2002", "numero": "1071", "tipo__sigla": "PLO", "tipo__descricao": "Projeto de Lei Ordin\u00e1ria", "autoria": "Antonio da Cunha", "texto_original": "http://sapl.sarandi.pr.leg.br/media/sapl/public/materialegislativa/2002/6968/proj._lei_no_1071-2002.pdf", "ementa": "Autoriza a constru\u00e7\u00e3o de um Gin\u00e1sio de Esportes no Parque Alvamar II e d\u00e1 outras provid\u00eancias."}, {"id": "6967", "ano": "2002", "numero": "1072", "tipo__sigla": "PLO", "tipo__descricao": "Projeto de Lei Ordin\u00e1ria", "autoria": "Aparecido Farias Spada", "texto_original": "http://sapl.sarandi.pr.leg.br/media/sapl/public/materialegislativa/2002/6967/proj._lei_no_1072-2002.pdf", "ementa": "Autoriza a concess\u00e3o de direito real de uso de im\u00f3veis pertencentes \u00e0 municipalidade, na forma que especifica."}, {"id": "6966", "ano": "2002", "numero": "1073", "tipo__sigla": "PLO", "tipo__descricao": "Projeto de Lei Ordin\u00e1ria", "autoria": "Aparecido Farias Spada", "texto_original": "http://sapl.sarandi.pr.leg.br/media/sapl/public/materialegislativa/2002/6966/proj._lei_no_1073-2002.pdf", "ementa": "Autoriza a concess\u00e3o de direito real de uso de im\u00f3vel pertencente \u00e0 municipalidade, na forma que especifica."}, {"id": "6965", "ano": "2002", "numero": "1074", "tipo__sigla": "PLO", "tipo__descricao": "Projeto de Lei Ordin\u00e1ria", "autoria": "Aparecida Rodrigues Schwarz, Alcides Ferreira, Sandra Aparecida Klebis Moreira, Valdir da Silva", "texto_original": "http://sapl.sarandi.pr.leg.br/media/sapl/public/materialegislativa/2002/6965/proj._lei_no_1074-2002.pdf", "ementa": "Disp\u00f5e sobre cria\u00e7\u00e3o de ponto de autom\u00f3veis de alugu\u00e9is e d\u00e1 outras provid\u00eancias."}, {"id": "6964", "ano": "2002", "numero": "1075", "tipo__sigla": "PLO", "tipo__descricao": "Projeto de Lei Ordin\u00e1ria", "autoria": "Antonio da Cunha", "texto_original": "http://sapl.sarandi.pr.leg.br/media/sapl/public/materialegislativa/2002/6964/proj._lei_no_1075-2002.pdf", "ementa": "Altera dispositivos da Lei n\u00ba 71/85, que criou Ponto de Autom\u00f3veis de Alugueis n\u00ba 3."}, {"id": "6963", "ano": "2002", "numero": "1076", "tipo__sigla": "PLO", "tipo__descricao": "Projeto de Lei Ordin\u00e1ria", "autoria": "Valdir da Silva, Alcides Ferreira, Aparecida Rodrigues Schwarz, Carlos Alberto de Paula J\u00fanior, Sandra Aparecida Klebis Moreira", "texto_original": "http://sapl.sarandi.pr.leg.br/media/sapl/public/materialegislativa/2002/6963/proj._lei_no_1076-2002.pdf", "ementa": "Considera e declara de utilidade p\u00fablica a Associa\u00e7\u00e3o de Moradores e Amigos dos Bairros Jardins Independ\u00eancia 3\u00aa parte, Escala e Ouro Preto - AMINESOURO."}, {"id": "6962", "ano": "2002", "numero": "1077", "tipo__sigla": "PLO", "tipo__descricao": "Projeto de Lei Ordin\u00e1ria", "autoria": "Aparecido Farias Spada", "texto_original": "http://sapl.sarandi.pr.leg.br/media/sapl/public/materialegislativa/2002/6962/proj._lei_no_1077-2002.pdf", "ementa": "Autoriza o Executivo Municipal a proceder o parcelamento de taxas e d\u00e1 outras provid\u00eancias."}, {"id": "6961", "ano": "2002", "numero": "1078", "tipo__sigla": "PLO", "tipo__descricao": "Projeto de Lei Ordin\u00e1ria", "autoria": "Aparecido Farias Spada", "texto_original": "http://sapl.sarandi.pr.leg.br/media/sapl/public/materialegislativa/2002/6961/proj._lei_no_1078-2002.pdf", "ementa": "Autoriza o Munic\u00edpio de Sarandi, Estado do Paran\u00e1, a firmar Termo de Conv\u00eanio com o Estado do Paran\u00e1 atrav\u00e9s da Secretaria de Estado de Seguran\u00e7a P\u00fablica."}, {"id": "6960", "ano": "2002", "numero": "1079", "tipo__sigla": "PLO", "tipo__descricao": "Projeto de Lei Ordin\u00e1ria", "autoria": "Alcides Ferreira, Aparecida Rodrigues Schwarz, Sandra Aparecida Klebis Moreira, Valdir da Silva", "texto_original": "http://sapl.sarandi.pr.leg.br/media/sapl/public/materialegislativa/2002/6960/proj._lei_no_1079-2002.pdf", "ementa": "Considera e declara de utilidade p\u00fablica a Equipe da Promo\u00e7\u00e3o Humana da Comunidade Crist\u00e3 Nossa Senhora das Gra\u00e7as de Sarandi."}, {"id": "6959", "ano": "2002", "numero": "1080", "tipo__sigla": "PLO", "tipo__descricao": "Projeto de Lei Ordin\u00e1ria", "autoria": "Rafael do Pov\u00e3o, Jo\u00e3o de Lara Vieira, Reinaldo Gon\u00e7alves", "texto_original": "http://sapl.sarandi.pr.leg.br/media/sapl/public/materialegislativa/2002/6959/proj._lei_no_1080-2002.pdf", "ementa": "Altera dispositivos da Lei n\u00ba 930/01, que disp\u00f5e sobre autoriza\u00e7\u00e3o para cess\u00e3o de \u00f4nibus para acompanhamento de funerais."}, {"id": "6958", "ano": "2002", "numero": "1081", "tipo__sigla": "PLO", "tipo__descricao": "Projeto de Lei Ordin\u00e1ria", "autoria": "Antonio da Cunha", "texto_original": "http://sapl.sarandi.pr.leg.br/media/sapl/public/materialegislativa/2002/6958/proj._lei_no_1081-2002.pdf", "ementa": "Isenta do pagamento do Imposto Predial e Territorial Urbano - IPTU e das taxas dele decorrentes os im\u00f3veis residenciais de propriedade de servidores p\u00fablicos do munic\u00edpio de Sarandi, que ganham at\u00e9 dois sal\u00e1rios m\u00ednimos mensais, e d\u00e1 outras provid\u00eancias."}, {"id": "6957", "ano": "2002", "numero": "1082", "tipo__sigla": "PLO", "tipo__descricao": "Projeto de Lei Ordin\u00e1ria", "autoria": "Aparecido Farias Spada", "texto_original": "http://sapl.sarandi.pr.leg.br/media/sapl/public/materialegislativa/2002/6957/proj._lei_no_1082-2002.pdf", "ementa": "Disp\u00f5e sobre a altera\u00e7\u00e3o do Artigo 1\u00ba, da Lei Municipal n\u00ba 866/99, de 19/12/99, que cria o FUNREBOM, na forma que especifica."}, {"id": "6956", "ano": "2002", "numero": "1083", "tipo__sigla": "PLO", "tipo__descricao": "Projeto de Lei Ordin\u00e1ria", "autoria": "Aparecido Farias Spada", "texto_original": "http://sapl.sarandi.pr.leg.br/media/sapl/public/materialegislativa/2002/6956/proj._lei_no_1083-2002.pdf", "ementa": "Autoriza o Munic\u00edpio de Sarandi, Estado do Paran\u00e1, a firmar Termo de Coopera\u00e7\u00e3o T\u00e9cnica e Financeira com o Tribunal de Justi\u00e7a do Estado do Paran\u00e1, na forma que especifica."}, {"id": "6955", "ano": "2002", "numero": "1084", "tipo__sigla": "PLO", "tipo__descricao": "Projeto de Lei Ordin\u00e1ria", "autoria": "Aparecido Farias Spada", "texto_original": "http://sapl.sarandi.pr.leg.br/media/sapl/public/materialegislativa/2002/6955/proj._lei_no_1084-2002.pdf", "ementa": "Denomina de \"Professora Izelina Gomes Pereira\", a Biblioteca P\u00fablica Municipal localizada na Pra\u00e7a Ipiranga, neste Munic\u00edpio."}, {"id": "6954", "ano": "2002", "numero": "1085", "tipo__sigla": "PLO", "tipo__descricao": "Projeto de Lei Ordin\u00e1ria", "autoria": "Aparecido Farias Spada", "texto_original": "http://sapl.sarandi.pr.leg.br/media/sapl/public/materialegislativa/2002/6954/proj._lei_no_1085-2002.pdf", "ementa": "Autoriza o Munic\u00edpio de Sarandi, Estado do Paran\u00e1, a firmar Termo de Coopera\u00e7\u00e3o Financeira com a Igreja Evang\u00e9lica Pentecostal Chama Viva de Evangeliza\u00e7\u00e3o e Liberta\u00e7\u00e3o de Vidas."}, {"id": "6953", "ano": "2002", "numero": "1086", "tipo__sigla": "PLO", "tipo__descricao": "Projeto de Lei Ordin\u00e1ria", "autoria": "Aparecido Farias Spada", "texto_original": "http://sapl.sarandi.pr.leg.br/media/sapl/public/materialegislativa/2002/6953/proj._lei_no_1086-2002.pdf", "ementa": "Autoriza o Munic\u00edpio de Sarandi, Estado do Paran\u00e1, a firmar Termo de Coopera\u00e7\u00e3o T\u00e9cnica e Financeira com a Associa\u00e7\u00e3o de Prote\u00e7\u00e3o \u00e0 Maternidade e \u00e0 Inf\u00e2ncia - APMI."}, {"id": "6952", "ano": "2002", "numero": "1087", "tipo__sigla": "PLO", "tipo__descricao": "Projeto de Lei Ordin\u00e1ria", "autoria": "Antonio da Cunha", "texto_original": "http://sapl.sarandi.pr.leg.br/media/sapl/public/materialegislativa/2002/6952/proj._lei_no_1087-2002.pdf", "ementa": "Concede desconto para cobran\u00e7a da contribui\u00e7\u00e3o de melhorias e d\u00e1 outras provid\u00eancias."}, {"id": "6951", "ano": "2002", "numero": "1088", "tipo__sigla": "PLO", "tipo__descricao": "Projeto de Lei Ordin\u00e1ria", "autoria": "Aparecido Farias Spada", "texto_original": "http://sapl.sarandi.pr.leg.br/media/sapl/public/materialegislativa/2002/6951/proj._lei_no_1088-2002.pdf", "ementa": "Autoriza a doa\u00e7\u00e3o de im\u00f3vel urbano \u00e0 FUNDEPAR, na forma que especifica."}, {"id": "6950", "ano": "2002", "numero": "1089", "tipo__sigla": "PLO", "tipo__descricao": "Projeto de Lei Ordin\u00e1ria", "autoria": "Antonio da Cunha", "texto_original": "http://sapl.sarandi.pr.leg.br/media/sapl/public/materialegislativa/2002/6950/proj._lei_no_1089-2002.pdf", "ementa": "Autoriza o Poder Executivo a efetuar a abertura da continua\u00e7\u00e3o da Avenida Londrina e d\u00e1 outras provid\u00eancias."}, {"id": "6949", "ano": "2002", "numero": "1090", "tipo__sigla": "PLO", "tipo__descricao": "Projeto de Lei Ordin\u00e1ria", "autoria": "Antonio da Cunha", "texto_original": "http://sapl.sarandi.pr.leg.br/media/sapl/public/materialegislativa/2002/6949/proj._lei_no_1090-2002.pdf", "ementa": "Autoriza o Poder Executivo a efetuar a abertura da continua\u00e7\u00e3o da Avenida Borsari Neto e d\u00e1 outras provid\u00eancias."}, {"id": "6948", "ano": "2002", "numero": "1091", "tipo__sigla": "PLO", "tipo__descricao": "Projeto de Lei Ordin\u00e1ria", "autoria": "Aparecida Rodrigues Schwarz, Alcides Ferreira, Sandra Aparecida Klebis Moreira, Valdir da Silva", "texto_original": "http://sapl.sarandi.pr.leg.br/media/sapl/public/materialegislativa/2002/6948/proj._lei_no_1091-2002.pdf", "ementa": "Declara de utilidade p\u00fablica a Rede Feminina de Combate ao C\u00e2ncer de Sarandi, Estado do Paran\u00e1."}, {"id": "6947", "ano": "2002", "numero": "1092", "tipo__sigla": "PLO", "tipo__descricao": "Projeto de Lei Ordin\u00e1ria", "autoria": "Aparecido Farias Spada", "texto_original": "http://sapl.sarandi.pr.leg.br/media/sapl/public/materialegislativa/2002/6947/proj._lei_no_1092-2002.pdf", "ementa": "Autoriza o Munic\u00edpio de Sarandi, Estado do Paran\u00e1, a firmar conv\u00eanio com a Secretaria de Estado da Fazenda, na forma que especifica."}, {"id": "6946", "ano": "2002", "numero": "1093", "tipo__sigla": "PLO", "tipo__descricao": "Projeto de Lei Ordin\u00e1ria", "autoria": "Aparecido Farias Spada", "texto_original": "http://sapl.sarandi.pr.leg.br/media/sapl/public/materialegislativa/2002/6946/proj._lei_no_1093-2002.pdf", "ementa": "Autoriza o Munic\u00edpio de Sarandi, Estado do Paran\u00e1, a firmar Termo de Coopera\u00e7\u00e3o Financeira com a UNISAM - Uni\u00e3o Sarandiense das Associa\u00e7\u00f5es de Moradores."}, {"id": "6945", "ano": "2002", "numero": "1094", "tipo__sigla": "PLO", "tipo__descricao": "Projeto de Lei Ordin\u00e1ria", "autoria": "Jo\u00e3o Dutra Netto", "texto_original": "http://sapl.sarandi.pr.leg.br/media/sapl/public/materialegislativa/2002/6945/proj._lei_no_1094-2002.pdf", "ementa": "Autoriza o Poder Executivo a colocar meio-fio nas ruas que est\u00e3o sendo cascalhadas."}, {"id": "6944", "ano": "2002", "numero": "1095", "tipo__sigla": "PLO", "tipo__descricao": "Projeto de Lei Ordin\u00e1ria", "autoria": "Aparecido Farias Spada", "texto_original": "http://sapl.sarandi.pr.leg.br/media/sapl/public/materialegislativa/2002/6944/proj._lei_no_1095-2002.pdf", "ementa": "Disp\u00f5e sobre as diretrizes elabora\u00e7\u00e3o da Lei Or\u00e7ament\u00e1ria para o exerc\u00edcio de 2003, e d\u00e1 outras provid\u00eancias."}, {"id": "6943", "ano": "2002", "numero": "1096", "tipo__sigla": "PLO", "tipo__descricao": "Projeto de Lei Ordin\u00e1ria", "autoria": "Alcides Ferreira, Aparecida Rodrigues Schwarz, Sandra Aparecida Klebis Moreira, Valdir da Silva", "texto_original": "http://sapl.sarandi.pr.leg.br/media/sapl/public/materialegislativa/2002/6943/proj._lei_no_1096-2002.pdf", "ementa": "D\u00e1 nova reda\u00e7\u00e3o ao par\u00e1grafo 1\u00ba, do artigo 2\u00ba, da Lei n\u00ba 817/99 e d\u00e1 outras provid\u00eancias."}, {"id": "6942", "ano": "2002", "numero": "1097", "tipo__sigla": "PLO", "tipo__descricao": "Projeto de Lei Ordin\u00e1ria", "autoria": "Aparecido Farias Spada", "texto_original": "http://sapl.sarandi.pr.leg.br/media/sapl/public/materialegislativa/2002/6942/proj._lei_no_1097-2002.pdf", "ementa": "Institui o Programa Municipal denominado Movimento de Alfabetiza\u00e7\u00e3o de Sarandi - Mova, e d\u00e1 outras provid\u00eancias."}, {"id": "6941", "ano": "2002", "numero": "1098", "tipo__sigla": "PLO", "tipo__descricao": "Projeto de Lei Ordin\u00e1ria", "autoria": "Aparecido Farias Spada", "texto_original": "http://sapl.sarandi.pr.leg.br/media/sapl/public/materialegislativa/2002/6941/proj._lei_no_1098-2002.pdf", "ementa": "Disp\u00f5e sobre o Conselho Municipal Antidrogas - COMAD, e d\u00e1 outras provid\u00eancias."}, {"id": "6940", "ano": "2002", "numero": "1099", "tipo__sigla": "PLO", "tipo__descricao": "Projeto de Lei Ordin\u00e1ria", "autoria": "Aparecido Farias Spada", "texto_original": "http://sapl.sarandi.pr.leg.br/media/sapl/public/materialegislativa/2002/6940/proj._lei_no_1099-2002.pdf", "ementa": "Autoriza o Chefe do Poder Executivo Municipal a contratar opera\u00e7\u00e3o de cr\u00e9dito com a Ag\u00eancia de Fomento do Paran\u00e1 S.A., e d\u00e1 outras provid\u00eancias."}, {"id": "6939", "ano": "2002", "numero": "1100", "tipo__sigla": "PLO", "tipo__descricao": "Projeto de Lei Ordin\u00e1ria", "autoria": "Antonio da Cunha", "texto_original": "http://sapl.sarandi.pr.leg.br/media/sapl/public/materialegislativa/2002/6939/proj._lei_no_1100-2002.pdf", "ementa": "Fica o Chefe do Poder Executivo Municipal autorizado a executar o servi\u00e7o de rebaixamento de lumin\u00e1rias nas vias p\u00fablicas dos Jardins Panorama, Novo Panorama, Nova Independ\u00eancia I e II partes e Independ\u00eancia I, II e III partes."}, {"id": "6938", "ano": "2002", "numero": "1101", "tipo__sigla": "PLO", "tipo__descricao": "Projeto de Lei Ordin\u00e1ria", "autoria": "Alcides Ferreira", "texto_original": "http://sapl.sarandi.pr.leg.br/media/sapl/public/materialegislativa/2002/6938/proj._lei_no_1101-2002.pdf", "ementa": "Considera e declara de utilidade p\u00fablica a Uni\u00e3o Sarandiense de Futebol e Futsal U.S.F.F."}, {"id": "6937", "ano": "2002", "numero": "1102", "tipo__sigla": "PLO", "tipo__descricao": "Projeto de Lei Ordin\u00e1ria", "autoria": "Jos\u00e9 Aparecido da Silva (Zezinho), Nelson Mariano Silva", "texto_original": "http://sapl.sarandi.pr.leg.br/media/sapl/public/materialegislativa/2002/6937/proj._lei_no_1102-2002.pdf", "ementa": "Considera e declara de utilidade p\u00fablica a Associa\u00e7\u00e3o dos Moradores e Amigos do Bairro Parque Alvamar II e d\u00e1 outras provid\u00eancias."}, {"id": "6936", "ano": "2002", "numero": "1103", "tipo__sigla": "PLO", "tipo__descricao": "Projeto de Lei Ordin\u00e1ria", "autoria": "Jos\u00e9 Aparecido da Silva (Zezinho)", "texto_original": "http://sapl.sarandi.pr.leg.br/media/sapl/public/materialegislativa/2002/6936/proj._lei_no_1103-2002.pdf", "ementa": "Considera e declara de utilidade p\u00fablica a Associa\u00e7\u00e3o dos Moradores e Amigos do Bairro Jardim Castelo."}, {"id": "6935", "ano": "2002", "numero": "1104", "tipo__sigla": "PLO", "tipo__descricao": "Projeto de Lei Ordin\u00e1ria", "autoria": "Jos\u00e9 Aparecido da Silva (Zezinho)", "texto_original": "http://sapl.sarandi.pr.leg.br/media/sapl/public/materialegislativa/2002/6935/proj._lei_no_1104-2002.pdf", "ementa": "Considera e declara de utilidade p\u00fablica a Associa\u00e7\u00e3o de Amigos e Moradores do Parque Residencial Nova Alian\u00e7a."}, {"id": "6934", "ano": "2002", "numero": "1105", "tipo__sigla": "PLO", "tipo__descricao": "Projeto de Lei Ordin\u00e1ria", "autoria": "Jos\u00e9 Aparecido da Silva (Zezinho), Cleiton Damasceno do Carmo, Jos\u00e9 Antonio Monteiro Pedro", "texto_original": "http://sapl.sarandi.pr.leg.br/media/sapl/public/materialegislativa/2002/6934/proj._lei_no_1105-2002.pdf", "ementa": "Institui pagamento diferenciado para acesso de estudantes a estabelecimentos que realizem espet\u00e1culos musicais, art\u00edsticos, circenses, teatrais, cinematogr\u00e1ficos, atividades sociais, recreativas, culturais, esportivas e quaisquer outras que proporcionem lazer, cultura e entretenimento no Munic\u00edpio."}, {"id": "6933", "ano": "2002", "numero": "1106", "tipo__sigla": "PLO", "tipo__descricao": "Projeto de Lei Ordin\u00e1ria", "autoria": "Aparecido Farias Spada", "texto_original": "http://sapl.sarandi.pr.leg.br/media/sapl/public/materialegislativa/2002/6933/proj._lei_no_1106-2002.pdf", "ementa": "Autoriza a concess\u00e3o de direito real de uso de im\u00f3vel pertencente \u00e0 municipalidade, na forma que especifica."}, {"id": "6932", "ano": "2002", "numero": "1107", "tipo__sigla": "PLO", "tipo__descricao": "Projeto de Lei Ordin\u00e1ria", "autoria": "Jo\u00e3o de Lara Vieira", "texto_original": "http://sapl.sarandi.pr.leg.br/media/sapl/public/materialegislativa/2002/6932/proj._lei_no_1107-2002.pdf", "ementa": "Autoriza o aviamento de receitas de outros munic\u00edpios mediante comprova\u00e7\u00e3o de resid\u00eancia."}, {"id": "6931", "ano": "2002", "numero": "1108", "tipo__sigla": "PLO", "tipo__descricao": "Projeto de Lei Ordin\u00e1ria", "autoria": "Nelson Mariano Silva, Jo\u00e3o Dutra Netto", "texto_original": "http://sapl.sarandi.pr.leg.br/media/sapl/public/materialegislativa/2002/6931/proj._lei_no_1108-2002.pdf", "ementa": "Permite instala\u00e7\u00f5es de ag\u00eancias funer\u00e1rias no eixo de com\u00e9rcio e servi\u00e7os-ECS-1."}, {"id": "6930", "ano": "2002", "numero": "1109", "tipo__sigla": "PLO", "tipo__descricao": "Projeto de Lei Ordin\u00e1ria", "autoria": "Nelson Mariano Silva, Jo\u00e3o Dutra Netto", "texto_original": "http://sapl.sarandi.pr.leg.br/media/sapl/public/materialegislativa/2002/6930/proj._lei_no_1109-2002.pdf", "ementa": "Disp\u00f5e sobre o Servi\u00e7o Funer\u00e1rio e d\u00e1 outras provid\u00eancias."}, {"id": "6929", "ano": "2002", "numero": "1110", "tipo__sigla": "PLO", "tipo__descricao": "Projeto de Lei Ordin\u00e1ria", "autoria": "Aparecido Farias Spada", "texto_original": "http://sapl.sarandi.pr.leg.br/media/sapl/public/materialegislativa/2002/6929/proj._lei_no_1110-2002.pdf", "ementa": "Altera dispositivo da Lei Municipal n\u00ba 762/98, que criou o CEXETRAN - Conselho Executivo Municipal de Tr\u00e2nsito, e o Fundo de Tr\u00e2nsito, e d\u00e1 outras provid\u00eancias."}, {"id": "6928", "ano": "2002", "numero": "1111", "tipo__sigla": "PLO", "tipo__descricao": "Projeto de Lei Ordin\u00e1ria", "autoria": "Jos\u00e9 Aparecido da Silva (Zezinho)", "texto_original": "http://sapl.sarandi.pr.leg.br/media/sapl/public/materialegislativa/2002/6928/proj._lei_no_1111-2002.pdf", "ementa": "Autoriza o Poder Executivo Municipal a encetar campanha de aumento de ve\u00edculos emplacados no Munic\u00edpio e d\u00e1 outras provid\u00eancias."}, {"id": "6927", "ano": "2002", "numero": "1112", "tipo__sigla": "PLO", "tipo__descricao": "Projeto de Lei Ordin\u00e1ria", "autoria": "Aparecido Farias Spada", "texto_original": "http://sapl.sarandi.pr.leg.br/media/sapl/public/materialegislativa/2002/6927/proj._lei_no_1112-2002.pdf", "ementa": "Autoriza o Chefe do Poder Executivo Municipal a abrir cr\u00e9dito adicional especial e d\u00e1 outras provid\u00eancias."}, {"id": "6925", "ano": "2002", "numero": "1113", "tipo__sigla": "PLO", "tipo__descricao": "Projeto de Lei Ordin\u00e1ria", "autoria": "Aparecido Farias Spada", "texto_original": "http://sapl.sarandi.pr.leg.br/media/sapl/public/materialegislativa/2002/6925/proj._lei_no_1113-2002.pdf", "ementa": "Autoriza o Munic\u00edpio de Sarandi, Estado do Paran\u00e1, a firmar conv\u00eanio de coopera\u00e7\u00e3o t\u00e9cnica e financeira com a Institui\u00e7\u00e3o de Prote\u00e7\u00e3o ao Menor Carente de Sarandi - PROMEC, e d\u00e1 outras provid\u00eancias."}, {"id": "6924", "ano": "2002", "numero": "1114", "tipo__sigla": "PLO", "tipo__descricao": "Projeto de Lei Ordin\u00e1ria", "autoria": "Aparecido Farias Spada", "texto_original": "http://sapl.sarandi.pr.leg.br/media/sapl/public/materialegislativa/2002/6924/proj._lei_no_1114-2002.pdf", "ementa": "Autoriza o Executivo Municipal a desafetar do uso p\u00fablico im\u00f3vel urbano situado no Parque Residencial Alvamar II, na forma que especifica."}, {"id": "6923", "ano": "2002", "numero": "1115", "tipo__sigla": "PLO", "tipo__descricao": "Projeto de Lei Ordin\u00e1ria", "autoria": "Aparecido Farias Spada", "texto_original": "http://sapl.sarandi.pr.leg.br/media/sapl/public/materialegislativa/2002/6923/proj._lei_no_1115-2002.pdf", "ementa": "Autoriza o Executivo Municipal a desafetar do uso p\u00fablico im\u00f3vel urbano situado no Parque Residencial Bela Vista, na forma que especifica."}, {"id": "6922", "ano": "2002", "numero": "1116", "tipo__sigla": "PLO", "tipo__descricao": "Projeto de Lei Ordin\u00e1ria", "autoria": "Aparecido Farias Spada", "texto_original": "http://sapl.sarandi.pr.leg.br/media/sapl/public/materialegislativa/2002/6922/proj._lei_no_1116-2002.pdf", "ementa": "Autoriza o Poder Executivo Municipal a desafetar do uso p\u00fablico \u00e1reas de terras no Jardim Ipanema, e d\u00e1 outras provid\u00eancias."}, {"id": "6920", "ano": "2002", "numero": "1117", "tipo__sigla": "PLO", "tipo__descricao": "Projeto de Lei Ordin\u00e1ria", "autoria": "Antonio da Cunha", "texto_original": "http://sapl.sarandi.pr.leg.br/media/sapl/public/materialegislativa/2002/6920/proj._lei_no_1117-2002.pdf", "ementa": "Autoriza abertura da Avenida Belo Horizonte, interligando-a \u00e0 Avenida Ademar Bornia."}, {"id": "6917", "ano": "2002", "numero": "1118", "tipo__sigla": "PLO", "tipo__descricao": "Projeto de Lei Ordin\u00e1ria", "autoria": "Antonio da Cunha", "texto_original": "http://sapl.sarandi.pr.leg.br/media/sapl/public/materialegislativa/2002/6917/proj._lei_no_1118-2002.pdf", "ementa": "Autoriza abertura da Avenida Barcelona interligando-a \u00e0 Avenida Ademar Bornia."}, {"id": "6914", "ano": "2002", "numero": "1119", "tipo__sigla": "PLO", "tipo__descricao": "Projeto de Lei Ordin\u00e1ria", "autoria": "Antonio da Cunha, Alcides Ferreira, Aparecida Rodrigues Schwarz, Sandra Aparecida Klebis Moreira, Valdir da Silva", "texto_original": "http://sapl.sarandi.pr.leg.br/media/sapl/public/materialegislativa/2002/6914/proj._lei_no_1119-2002.pdf", "ementa": "Disp\u00f5e sobre sentido de estacionamento de ve\u00edculos nas Ruas Castro Alves e Machado de Assis."}, {"id": "6912", "ano": "2002", "numero": "1120", "tipo__sigla": "PLO", "tipo__descricao": "Projeto de Lei Ordin\u00e1ria", "autoria": "Carlos Alberto de Paula J\u00fanior", "texto_original": "http://sapl.sarandi.pr.leg.br/media/sapl/public/materialegislativa/2002/6912/proj._lei_no_1120-2002.pdf", "ementa": "Disp\u00f5e sobre o sentido de estacionamento de ve\u00edculos na Rua das Hort\u00eancias."}, {"id": "6909", "ano": "2002", "numero": "1121", "tipo__sigla": "PLO", "tipo__descricao": "Projeto de Lei Ordin\u00e1ria", "autoria": "Aparecido Farias Spada", "texto_original": "http://sapl.sarandi.pr.leg.br/media/sapl/public/materialegislativa/2002/6909/proj._lei_no_1121-2002.pdf", "ementa": "Declara de utilidade p\u00fablica o Lar da Crian\u00e7a Recanto do Amor - LARCRA."}, {"id": "6898", "ano": "2002", "numero": "1122", "tipo__sigla": "PLO", "tipo__descricao": "Projeto de Lei Ordin\u00e1ria", "autoria": "Antonio da Cunha, Alcides Ferreira, Carlos Alberto de Paula J\u00fanior, Valdir da Silva", "texto_original": "http://sapl.sarandi.pr.leg.br/media/sapl/public/materialegislativa/2002/6898/proj._lei_no_1122-2002.pdf", "ementa": "Autoriza o Poder Executivo a efetuar a constru\u00e7\u00e3o de um contorno na Avenida Central interligando as Avenidas Rio de Janeiro e Maring\u00e1, entre os Jardins Independ\u00eancia e Europa."}, {"id": "6895", "ano": "2002", "numero": "1123", "tipo__sigla": "PLO", "tipo__descricao": "Projeto de Lei Ordin\u00e1ria", "autoria": "Jo\u00e3o Dutra Netto", "texto_original": "http://sapl.sarandi.pr.leg.br/media/sapl/public/materialegislativa/2002/6895/proj._lei_no_1123-2002.pdf", "ementa": "Autoriza a constru\u00e7\u00e3o de uma cancha poliesportiva no Jardim Independ\u00eancia 3\u00aa Parte."}, {"id": "6894", "ano": "2002", "numero": "1124", "tipo__sigla": "PLO", "tipo__descricao": "Projeto de Lei Ordin\u00e1ria", "autoria": "Jo\u00e3o Dutra Netto", "texto_original": "http://sapl.sarandi.pr.leg.br/media/sapl/public/materialegislativa/2002/6894/proj._lei_no_1124-2002.pdf", "ementa": "Autoriza a constru\u00e7\u00e3o de um cancha de esportes polivalentes no Jardim Social."}, {"id": "6893", "ano": "2002", "numero": "1125", "tipo__sigla": "PLO", "tipo__descricao": "Projeto de Lei Ordin\u00e1ria", "autoria": "Aparecido Farias Spada", "texto_original": "http://sapl.sarandi.pr.leg.br/media/sapl/public/materialegislativa/2002/6893/proj._lei_no_1125-2002.pdf", "ementa": "Autoriza o Munic\u00edpio de Sarandi, Estado do Paran\u00e1, a firmar Conv\u00eanio de Coopera\u00e7\u00e3o t\u00e9cnica, cient\u00edfica e financeira com o Centro de Ensino Superior de Maring\u00e1 - Cesumar."}, {"id": "6892", "ano": "2002", "numero": "1126", "tipo__sigla": "PLO", "tipo__descricao": "Projeto de Lei Ordin\u00e1ria", "autoria": "Aparecido Farias Spada", "texto_original": "http://sapl.sarandi.pr.leg.br/media/sapl/public/materialegislativa/2002/6892/proj._lei_no_1126-2002.pdf", "ementa": "Autoriza o Munic\u00edpio de Sarandi, Estado do Paran\u00e1, a firmar conv\u00eanio com o Cons\u00f3rcio Intergestores Paran\u00e1 Sa\u00fade."}, {"id": "6891", "ano": "2002", "numero": "1127", "tipo__sigla": "PLO", "tipo__descricao": "Projeto de Lei Ordin\u00e1ria", "autoria": "Aparecido Farias Spada", "texto_original": "http://sapl.sarandi.pr.leg.br/media/sapl/public/materialegislativa/2002/6891/proj._lei_no_1127-2002.pdf", "ementa": "Autoriza o Chefe do Poder Executivo Municipal a abrir cr\u00e9dito adicional suplementar, na forma que especifica."}, {"id": "6890", "ano": "2002", "numero": "1128", "tipo__sigla": "PLO", "tipo__descricao": "Projeto de Lei Ordin\u00e1ria", "autoria": "Aparecido Farias Spada", "texto_original": "http://sapl.sarandi.pr.leg.br/media/sapl/public/materialegislativa/2002/6890/proj._lei_no_1128-2002.pdf", "ementa": "Institui a divisa \"SARANDI \u00c9 MAIS CIDADE COM A FOR\u00c7A DA GENTE\" no Munic\u00edpio, e d\u00e1 outras provid\u00eancias."}, {"id": "6889", "ano": "2002", "numero": "1129", "tipo__sigla": "PLO", "tipo__descricao": "Projeto de Lei Ordin\u00e1ria", "autoria": "Aparecido Farias Spada", "texto_original": "http://sapl.sarandi.pr.leg.br/media/sapl/public/materialegislativa/2002/6889/proj._lei_no_1129-2002.pdf", "ementa": "Autoriza a cria\u00e7\u00e3o do Programa Municipal de Capacita\u00e7\u00e3o em Jardinagem, e d\u00e1 outras provid\u00eancias."}, {"id": "6888", "ano": "2002", "numero": "1130", "tipo__sigla": "PLO", "tipo__descricao": "Projeto de Lei Ordin\u00e1ria", "autoria": "Aparecido Farias Spada", "texto_original": "http://sapl.sarandi.pr.leg.br/media/sapl/public/materialegislativa/2002/6888/proj._lei_no_1130-2002.pdf", "ementa": "Institui o Programa Municipal Comunit\u00e1rio de Pavimenta\u00e7\u00e3o e recape, e d\u00e1 outras provid\u00eancias."}, {"id": "6887", "ano": "2002", "numero": "1131", "tipo__sigla": "PLO", "tipo__descricao": "Projeto de Lei Ordin\u00e1ria", "autoria": "Aparecido Farias Spada", "texto_original": "http://sapl.sarandi.pr.leg.br/media/sapl/public/materialegislativa/2002/6887/proj._lei_no_1131-2002.pdf", "ementa": "Disp\u00f5e sobre os Conselhos Escolares na Rede P\u00fablica de Ensino Municipal, em cumprimento ao disposto no Artigo 205, do Cap\u00edtulo II, da Constitui\u00e7\u00e3o Federal e com o Artigo 14, inciso II da Lei de Diretrizes e Bases da Educa\u00e7\u00e3o (LDB), e d\u00e1 outras provid\u00eancias."}, {"id": "6886", "ano": "2002", "numero": "1132", "tipo__sigla": "PLO", "tipo__descricao": "Projeto de Lei Ordin\u00e1ria", "autoria": "Jo\u00e3o Dutra Netto", "texto_original": "http://sapl.sarandi.pr.leg.br/media/sapl/public/materialegislativa/2002/6886/proj._lei_no_1132-2002.pdf", "ementa": "Autoriza o fretamento pelo munic\u00edpio de \u00f4nibus para fins de acompanhamento de funerais e d\u00e1 outras provid\u00eancias."}, {"id": "6885", "ano": "2002", "numero": "1133", "tipo__sigla": "PLO", "tipo__descricao": "Projeto de Lei Ordin\u00e1ria", "autoria": "Nelson Mariano Silva", "texto_original": "http://sapl.sarandi.pr.leg.br/media/sapl/public/materialegislativa/2002/6885/proj._lei_no_1133-2002.pdf", "ementa": "Fixa prazo para a realiza\u00e7\u00e3o de consultas e exames m\u00e9dicos especializados nas unidades da rede p\u00fablica municipal de sa\u00fade."}, {"id": "6884", "ano": "2002", "numero": "1134", "tipo__sigla": "PLO", "tipo__descricao": "Projeto de Lei Ordin\u00e1ria", "autoria": "Aparecido Farias Spada", "texto_original": "http://sapl.sarandi.pr.leg.br/media/sapl/public/materialegislativa/2002/6884/proj._lei_no_1134-2002.pdf", "ementa": "Estima a receita e fixa a despesa do munic\u00edpio para o exerc\u00edcio de 2003."}, {"id": "6883", "ano": "2002", "numero": "1135", "tipo__sigla": "PLO", "tipo__descricao": "Projeto de Lei Ordin\u00e1ria", "autoria": "Aparecido Farias Spada", "texto_original": "http://sapl.sarandi.pr.leg.br/media/sapl/public/materialegislativa/2002/6883/proj._lei_no_1135-2002.pdf", "ementa": "Autoriza o Munic\u00edpio de Sarandi, Estado do Paran\u00e1, a firmar Termo de Coopera\u00e7\u00e3o T\u00e9cnica e Financeira com o Lar da Crian\u00e7a Recanto do Amor - LARCRA."}, {"id": "6882", "ano": "2002", "numero": "1136", "tipo__sigla": "PLO", "tipo__descricao": "Projeto de Lei Ordin\u00e1ria", "autoria": "Aparecido Farias Spada", "texto_original": "http://sapl.sarandi.pr.leg.br/media/sapl/public/materialegislativa/2002/6882/proj._lei_no_1136-2002.pdf", "ementa": "Autoriza a doa\u00e7\u00e3o de im\u00f3vel urbano \u00e0 FUNDEPAR, na forma que especifica."}, {"id": "6881", "ano": "2002", "numero": "1137", "tipo__sigla": "PLO", "tipo__descricao": "Projeto de Lei Ordin\u00e1ria", "autoria": "Aparecido Farias Spada", "texto_original": "http://sapl.sarandi.pr.leg.br/media/sapl/public/materialegislativa/2002/6881/proj._lei_no_1137-2002.pdf", "ementa": "Institui campanha para incremento da arrecada\u00e7\u00e3o de Imposto Predial e Territorial Urbano no Munic\u00edpio de Sarandi, e d\u00e1 outras provid\u00eancias."}, {"id": "6880", "ano": "2002", "numero": "1138", "tipo__sigla": "PLO", "tipo__descricao": "Projeto de Lei Ordin\u00e1ria", "autoria": "Alcides Ferreira, Aparecida Rodrigues Schwarz, Sandra Aparecida Klebis Moreira, Valdir da Silva", "texto_original": "http://sapl.sarandi.pr.leg.br/media/sapl/public/materialegislativa/2002/6880/proj._lei_no_1138-2002.pdf", "ementa": "D\u00e1 nova reda\u00e7\u00e3o ao Art. 1\u00ba, da Lei Municipal n\u00ba 567/94, de 04/04/94, e d\u00e1 outras provid\u00eancias."}, {"id": "6879", "ano": "2002", "numero": "1139", "tipo__sigla": "PLO", "tipo__descricao": "Projeto de Lei Ordin\u00e1ria", "autoria": "Antonio da Cunha", "texto_original": "http://sapl.sarandi.pr.leg.br/media/sapl/public/materialegislativa/2002/6879/proj._lei_no_1139-2002.pdf", "ementa": "Disp\u00f5e sobre denomina\u00e7\u00e3o do Gin\u00e1sio de Esportes do Parque Residencial Alvamar II e d\u00e1 outras provid\u00eancias."}, {"id": "6878", "ano": "2002", "numero": "1140", "tipo__sigla": "PLO", "tipo__descricao": "Projeto de Lei Ordin\u00e1ria", "autoria": "Rafael do Pov\u00e3o", "texto_original": "http://sapl.sarandi.pr.leg.br/media/sapl/public/materialegislativa/2002/6878/proj._lei_no_1140-2002.pdf", "ementa": "Considera e declara de utilidade p\u00fablica Centro de Apoio \u00e0s Pessoas carentes."}, {"id": "6877", "ano": "2002", "numero": "1141", "tipo__sigla": "PLO", "tipo__descricao": "Projeto de Lei Ordin\u00e1ria", "autoria": "Rafael do Pov\u00e3o", "texto_original": "http://sapl.sarandi.pr.leg.br/media/sapl/public/materialegislativa/2002/6877/proj._lei_no_1141-2002.pdf", "ementa": "Disp\u00f5e sobre a utiliza\u00e7\u00e3o da divisa lateral em datas de esquinas para a constru\u00e7\u00e3o de alpendres."}, {"id": "6876", "ano": "2002", "numero": "1142", "tipo__sigla": "PLO", "tipo__descricao": "Projeto de Lei Ordin\u00e1ria", "autoria": "Alcides Ferreira, Aparecida Rodrigues Schwarz, Sandra Aparecida Klebis Moreira, Valdir da Silva", "texto_original": "http://sapl.sarandi.pr.leg.br/media/sapl/public/materialegislativa/2002/6876/proj._lei_no_1142-2002.pdf", "ementa": "Autoriza o Poder Executivo a efetuar a revitaliza\u00e7\u00e3o e constru\u00e7\u00e3o de cal\u00e7ad\u00e3o na Pra\u00e7a Ipiranga no centro da cidade."}, {"id": "6875", "ano": "2002", "numero": "1143", "tipo__sigla": "PLO", "tipo__descricao": "Projeto de Lei Ordin\u00e1ria", "autoria": "Cleiton Damasceno do Carmo, Jos\u00e9 Aparecido da Silva (Zezinho)", "texto_original": "http://sapl.sarandi.pr.leg.br/media/sapl/public/materialegislativa/2002/6875/proj._lei_no_1143-2002.pdf", "ementa": "Disp\u00f5e sobre leitura de hidr\u00f4metros da rede de \u00e1gua pot\u00e1vel do munic\u00edpio."}, {"id": "6874", "ano": "2002", "numero": "1144", "tipo__sigla": "PLO", "tipo__descricao": "Projeto de Lei Ordin\u00e1ria", "autoria": "Aparecido Farias Spada", "texto_original": "http://sapl.sarandi.pr.leg.br/media/sapl/public/materialegislativa/2002/6874/proj._lei_no_1144-2002.pdf", "ementa": "Autoriza o Munic\u00edpio de Sarandi, Estado do Paran\u00e1, a firmar conv\u00eanios, e d\u00e1 outras provid\u00eancias."}, {"id": "6873", "ano": "2002", "numero": "1145", "tipo__sigla": "PLO", "tipo__descricao": "Projeto de Lei Ordin\u00e1ria", "autoria": "Aparecido Farias Spada", "texto_original": "http://sapl.sarandi.pr.leg.br/media/sapl/public/materialegislativa/2002/6873/proj._lei_no_1145-2002.pdf", "ementa": "Altera dispositivos da Lei n\u00ba 464/92, que disp\u00f5e sobre a pol\u00edtica municipal de atendimento dos direitos da crian\u00e7a e do adolescente e d\u00e1 outras provid\u00eancias."}, {"id": "6872", "ano": "2002", "numero": "1146", "tipo__sigla": "PLO", "tipo__descricao": "Projeto de Lei Ordin\u00e1ria", "autoria": "Aparecido Farias Spada", "texto_original": "http://sapl.sarandi.pr.leg.br/media/sapl/public/materialegislativa/2002/6872/proj._lei_no_1146-2002.pdf", "ementa": "Autoriza o Chefe do Poder Executivo Municipal a abrir cr\u00e9dito adicional especial e d\u00e1 outras provid\u00eancias."}, {"id": "6871", "ano": "2002", "numero": "1147", "tipo__sigla": "PLO", "tipo__descricao": "Projeto de Lei Ordin\u00e1ria", "autoria": "Aparecido Farias Spada", "texto_original": "http://sapl.sarandi.pr.leg.br/media/sapl/public/materialegislativa/2002/6871/proj._lei_no_1147-2002.pdf", "ementa": "Autoriza o Chefe do Poder Executivo Municipal a abrir cr\u00e9dito adicional suplementar, na forma que especifica."}, {"id": "6870", "ano": "2002", "numero": "1148", "tipo__sigla": "PLO", "tipo__descricao": "Projeto de Lei Ordin\u00e1ria", "autoria": "Aparecido Farias Spada", "texto_original": "http://sapl.sarandi.pr.leg.br/media/sapl/public/materialegislativa/2002/6870/proj._lei_no_1148-2002.pdf", "ementa": "Cria o Programa Municipal de Desenvolvimento Econ\u00f4mico e Social, e d\u00e1 outras provid\u00eancias."}, {"id": "6869", "ano": "2002", "numero": "1149", "tipo__sigla": "PLO", "tipo__descricao": "Projeto de Lei Ordin\u00e1ria", "autoria": "Aparecido Farias Spada", "texto_original": "http://sapl.sarandi.pr.leg.br/media/sapl/public/materialegislativa/2002/6869/proj._lei_no_1149-2002.pdf", "ementa": "Autoriza o Munic\u00edpio de Sarandi, Estado do Paran\u00e1, a firmar conv\u00eanios, e d\u00e1 outras provid\u00eancias."}, {"id": "6868", "ano": "2002", "numero": "1150", "tipo__sigla": "PLO", "tipo__descricao": "Projeto de Lei Ordin\u00e1ria", "autoria": "Aparecido Farias Spada", "texto_original": "http://sapl.sarandi.pr.leg.br/media/sapl/public/materialegislativa/2002/6868/proj._lei_no_1150-2002.pdf", "ementa": "Disp\u00f5e sobre o abono salarial aos professores e especialistas de educa\u00e7\u00e3o do Munic\u00edpio de Sarandi-PR."}, {"id": "6867", "ano": "2002", "numero": "1151", "tipo__sigla": "PLO", "tipo__descricao": "Projeto de Lei Ordin\u00e1ria", "autoria": "Aparecido Farias Spada", "texto_original": "http://sapl.sarandi.pr.leg.br/media/sapl/public/materialegislativa/2002/6867/proj._lei_no_1151-2002.pdf", "ementa": "Institui no Munic\u00edpio de Sarandi, Estado do Paran\u00e1, a Contribui\u00e7\u00e3o para Custeio da Ilumina\u00e7\u00e3o P\u00fablica, prevista no artigo 149-A da Constitui\u00e7\u00e3o Federal."}, {"id": "9367", "ano": "2002", "numero": "1", "tipo__sigla": "PRE", "tipo__descricao": "Projeto de Resolu\u00e7\u00e3o", "autoria": "Cleiton Damasceno do Carmo, Jos\u00e9 Aparecido da Silva (Zezinho), Nelson Mariano Silva", "texto_original": "http://sapl.sarandi.pr.leg.br/media/sapl/public/materialegislativa/2002/9367/projeto_de_resolucao_no_1-2002.pdf", "ementa": "Revoga a Resolu\u00e7\u00e3o que deu nova reda\u00e7\u00e3o ao caput do artigo 149 da Resolu\u00e7\u00e3o n\u00b0 02/92 \u2014 Regimento Interno."}, {"id": "9368", "ano": "2002", "numero": "2", "tipo__sigla": "PRE", "tipo__descricao": "Projeto de Resolu\u00e7\u00e3o", "autoria": "Antonio da Cunha, Alcides Ferreira, Aparecida Rodrigues Schwarz, Jos\u00e9 Duarte, Sandra Aparecida Klebis Moreira, Valdir da Silva", "texto_original": "http://sapl.sarandi.pr.leg.br/media/sapl/public/materialegislativa/2002/9368/projeto_de_resolucao_no_2-2002.pdf", "ementa": "D\u00e1 nova reda\u00e7\u00e3o ao artigo 149 do Regimento Interno, da C\u00e2mara alterado pela Resolu\u00e7\u00e3o n\u00b0 008/2002, de 26.11.01 e d\u00e1 outras provid\u00eancias."}, {"id": "9369", "ano": "2002", "numero": "3", "tipo__sigla": "PRE", "tipo__descricao": "Projeto de Resolu\u00e7\u00e3o", "autoria": "Cleiton Damasceno do Carmo, Carlos Alberto de Paula J\u00fanior", "texto_original": "http://sapl.sarandi.pr.leg.br/media/sapl/public/materialegislativa/2002/9369/projeto_de_resolucao_no_3-2002.pdf", "ementa": "Eleva de 24 para 48 horas, a anteced\u00eancia m\u00ednima para a elabora\u00e7\u00e3o da pauta dos trabalhos antes do inicio das Sess\u00f5es."}]}