{"headers": {"id": "ID", "ano": "Ano", "numero": "N\u00famero", "tipo__sigla": "Tipo de Mat\u00e9ria Legislativa/Sigla", "tipo__descricao": "Tipo de Mat\u00e9ria Legislativa/Descri\u00e7\u00e3o", "autoria": "Autorias", "texto_original": "Texto Original", "ementa": "Ementa"}, "results": [{"id": "893", "ano": "2018", "numero": "1", "tipo__sigla": "IND", "tipo__descricao": "Indica\u00e7\u00e3o", "autoria": "Le\u00e3o", "texto_original": "http://sapl.sarandi.pr.leg.br/media/", "ementa": "Indica ao senhor Prefeito que proponha as seguintes altera\u00e7\u00f5es no Estatuto dos Servidores P\u00fablicos de Sarandi, Lei Complementar N\u00ba 10/1992:\r\n1.\tAltere o \u00a73\u00ba do art. 109 para a seguinte reda\u00e7\u00e3o:\r\n\r\n\u00a73\u00ba As f\u00e9rias referidas no \u00a72\u00ba ser\u00e3o programadas atrav\u00e9s de escala realizada pelo \u00f3rg\u00e3o de lota\u00e7\u00e3o do servidor.\r\n\r\n2.\tAltere o \u00a76\u00ba do art. 109 para a seguinte reda\u00e7\u00e3o:\r\n\r\n\u00a76\u00ba Enquanto as f\u00e9rias n\u00e3o forem programadas atrav\u00e9s de escala, referida no \u00a73\u00ba deste artigo, os servidores poder\u00e3o usufru\u00ed-las em per\u00edodos iguais ou superior a 10 (dez) dias consecutivos, at\u00e9 completar o per\u00edodo de frui\u00e7\u00e3o, mediante requerimento antecipado e deferido pelo dirigente do \u00f3rg\u00e3o de lota\u00e7\u00e3o dos servidores, sem prejudicar o bom andamento do servi\u00e7o p\u00fablico. os servidores integrantes do quadro do magist\u00e9rio usufruir\u00e3o de f\u00e9rias coletivas durante o per\u00edodo de f\u00e9rias e recesso escolar."}, {"id": "916", "ano": "2018", "numero": "2", "tipo__sigla": "IND", "tipo__descricao": "Indica\u00e7\u00e3o", "autoria": "Aparecido Antonio", "texto_original": "http://sapl.sarandi.pr.leg.br/media/sapl/public/materialegislativa/2018/916/ind._no_002-2018.pdf", "ementa": "Indica ao senhor Prefeito que providencie a cria\u00e7\u00e3o de 03(tr\u00eas) Ecopontos para o descarte de entulhos em nossa cidade."}, {"id": "917", "ano": "2018", "numero": "3", "tipo__sigla": "IND", "tipo__descricao": "Indica\u00e7\u00e3o", "autoria": "Eliana Trautwein Santiago", "texto_original": "http://sapl.sarandi.pr.leg.br/media/", "ementa": "Indica ao senhor Prefeito que tome as provid\u00eancias necess\u00e1rias no sentido de viabilizar a interliga\u00e7\u00e3o da Rua Julio Dvoranen do Jardim Boa Vista, com a Avenida Henrique Augusto da Silva do Parque S\u00e3o Pedro, transpondo a linha f\u00e9rrea."}, {"id": "918", "ano": "2018", "numero": "4", "tipo__sigla": "IND", "tipo__descricao": "Indica\u00e7\u00e3o", "autoria": "Erasmo Cardoso Pereira \"Erasmo da Sa\u00fade\"", "texto_original": "http://sapl.sarandi.pr.leg.br/media/sapl/public/materialegislativa/2018/918/ind._no_004-2018.pdf", "ementa": "Indica ao senhor Prefeito que providencie atrav\u00e9s da secretaria competente, a realiza\u00e7\u00e3o de servi\u00e7os de paisagismo com grama e ilumina\u00e7\u00e3o, nas travessias da linha f\u00e9rrea, neste munic\u00edpio."}, {"id": "928", "ano": "2018", "numero": "5", "tipo__sigla": "IND", "tipo__descricao": "Indica\u00e7\u00e3o", "autoria": "Aparecido Antonio", "texto_original": "http://sapl.sarandi.pr.leg.br/media/sapl/public/materialegislativa/2018/928/ind._no_005-2018.pdf", "ementa": "Indica ao senhor Prefeito a necessidade da implanta\u00e7\u00e3o de 01(uma) ATI \u2013 Academia da terceira Idade, no loteamento Ch\u00e1caras Aeroporto \"Vale Azul Distrito\", (pr\u00f3ximo ao Posto de Sa\u00fade ou ao redor da Igreja Cat\u00f3lica)."}, {"id": "929", "ano": "2018", "numero": "6", "tipo__sigla": "IND", "tipo__descricao": "Indica\u00e7\u00e3o", "autoria": "Nito", "texto_original": "http://sapl.sarandi.pr.leg.br/media/sapl/public/materialegislativa/2018/929/ind._no_006-2008.pdf", "ementa": "Indica ao senhor Prefeito que providencie a finaliza\u00e7\u00e3o do trabalho iniciado na pracinha em frente ao Parque Residencial Bom Pastor.\r\nRessaltando que a terra colocada no local para o paisagismo com grama, ir\u00e1 causar transtorno se a obra n\u00e3o for conclu\u00edda."}, {"id": "930", "ano": "2018", "numero": "7", "tipo__sigla": "IND", "tipo__descricao": "Indica\u00e7\u00e3o", "autoria": "Le\u00e3o", "texto_original": "http://sapl.sarandi.pr.leg.br/media/sapl/public/materialegislativa/2018/930/ind._no_007-2018.pdf", "ementa": "Indica ao senhor Prefeito que ao homologar a classifica\u00e7\u00e3o final desse concurso de 2018, chame primeiro o m\u00e9dico do trabalho e este ap\u00f3s entrar em exerc\u00edcio fa\u00e7a a avalia\u00e7\u00e3o dos outros candidatos que ser\u00e3o chamados.\r\nCom isso se economizar\u00e1 em exames admissionais terceirizados, como tamb\u00e9m exigir desse profissional que fa\u00e7a a avalia\u00e7\u00e3o dos novos candidatos de forma criteriosa a fim de evitar que pessoas mal intencionadas entrem no servi\u00e7o p\u00fablico sem capacidade f\u00edsica ou de sa\u00fade e depois de pouco tempo comessem a viver de aux\u00edlio-doen\u00e7a ou se aposentem por doen\u00e7as trazidas de antes da posse sem terem contribu\u00eddo com a coisa p\u00fablica.\r\nIsso se d\u00e1 porque j\u00e1 h\u00e1 v\u00e1rios casos como esse em que o PRESERV acaba tendo que arcar com os custos."}, {"id": "940", "ano": "2018", "numero": "8", "tipo__sigla": "IND", "tipo__descricao": "Indica\u00e7\u00e3o", "autoria": "Aparecido Antonio", "texto_original": "http://sapl.sarandi.pr.leg.br/media/sapl/public/materialegislativa/2018/940/ind._no_008-2018_9lCkx1t.pdf", "ementa": "Indica ao senhor Prefeito a necessidade da implanta\u00e7\u00e3o de redutores de velocidade, pr\u00f3ximo \u00e0 Escola e na Avenida Vale Azul, no loteamento Ch\u00e1caras Aeroporto \"Vale Azul Distrito\"."}, {"id": "941", "ano": "2018", "numero": "9", "tipo__sigla": "IND", "tipo__descricao": "Indica\u00e7\u00e3o", "autoria": "Eliana Trautwein Santiago", "texto_original": "http://sapl.sarandi.pr.leg.br/media/sapl/public/materialegislativa/2018/941/ind._no_009-2018.pdf", "ementa": "Indica ao senhor Prefeito para que estenda o prazo de obrigatoriedade de constru\u00e7\u00e3o de cal\u00e7adas do Jardim Universal, de 90 dias, como estipulado em notifica\u00e7\u00e3o, para 180 dias."}, {"id": "942", "ano": "2018", "numero": "10", "tipo__sigla": "IND", "tipo__descricao": "Indica\u00e7\u00e3o", "autoria": "Le\u00e3o", "texto_original": "http://sapl.sarandi.pr.leg.br/media/sapl/public/materialegislativa/2018/942/ind._no_010-2018_7APLyql.pdf", "ementa": "Indica ao senhor Prefeito que acrescente ao art. 169 do Estatuto dos Servidores P\u00fablicos Municipais de Sarandi o seguinte inciso:\r\n\r\n\"art. 169 ....      \r\ninciso XXI - luto de 01(um) dia por falecimento de tio(a) av\u00f3s, primo(a) cunhado(a) sogro(a), genro, nora, sobrinho(a), desde que apresentado c\u00f3pia do atestado de \u00f3bito.\""}, {"id": "943", "ano": "2018", "numero": "11", "tipo__sigla": "IND", "tipo__descricao": "Indica\u00e7\u00e3o", "autoria": "Eliana Trautwein Santiago, Le\u00e3o", "texto_original": "http://sapl.sarandi.pr.leg.br/media/sapl/public/materialegislativa/2018/943/ind._no_011-2018_eDrozhd.pdf", "ementa": "Indica ao senhor Prefeito que altere o art. 25 do Estatuto dos Servidores P\u00fablicos Municipais de Sarandi o seguinte reda\u00e7\u00e3o:\r\n\r\n\"art. 25 - respeitada a legisla\u00e7\u00e3o federal especifica, ou a peculiaridade das atividades do respectivo \u00f3rg\u00e3o ou lota\u00e7\u00e3o, o ocupante do cargo de provimento efetivo fica sujeito a 40 (quarenta) horas semanais de trabalho, ou 8 (oito) horas di\u00e1rias, assegurando o intervalo para alimenta\u00e7\u00e3o de, no m\u00ednimo 1 (uma) e m\u00e1ximo de 2 (duas) horas, desde que n\u00e3o venha a prejudicar o atendimento p\u00fablico em geral.\""}, {"id": "959", "ano": "2018", "numero": "12", "tipo__sigla": "IND", "tipo__descricao": "Indica\u00e7\u00e3o", "autoria": "Eunildo Zanchim \"Nild\u00e3o\"", "texto_original": "http://sapl.sarandi.pr.leg.br/media/sapl/public/materialegislativa/2018/959/ind._no_012-2018.pdf", "ementa": "Indica ao senhor Prefeito a necessidade de se viabilizar a regulamenta\u00e7\u00e3o de estacionamento apenas de um lado da via, na Estrada Oct\u00e1vio Colli e na Rua Cez\u00e1rio Mancini, neste munic\u00edpio."}, {"id": "960", "ano": "2018", "numero": "13", "tipo__sigla": "IND", "tipo__descricao": "Indica\u00e7\u00e3o", "autoria": "Le\u00e3o", "texto_original": "http://sapl.sarandi.pr.leg.br/media/sapl/public/materialegislativa/2018/960/ind._no_013-2018.pdf", "ementa": "Indica ao senhor Prefeito que possa estar determinando a Secretaria de Urbanismo a possibilidade de estar terminando as obras de pavimenta\u00e7\u00e3o de asfalto no Jardim das Torres, com recursos pr\u00f3prios. Sen\u00e3o enviar um of\u00edcio a esta casa de leis, solicitando a possibilidade dos vereadores estarem disponibilizando parte destes recursos ao munic\u00edpio, por ser um final de obra de pequeno custo."}, {"id": "961", "ano": "2018", "numero": "14", "tipo__sigla": "IND", "tipo__descricao": "Indica\u00e7\u00e3o", "autoria": "Eliana Trautwein Santiago", "texto_original": "http://sapl.sarandi.pr.leg.br/media/sapl/public/materialegislativa/2018/961/ind._no_014-2018.pdf", "ementa": "Indica ao senhor Prefeito a necessidade de se viabilizar a reativa\u00e7\u00e3o da farm\u00e1cia do posto de sa\u00fade do Parque Alvamar, neste munic\u00edpio."}, {"id": "972", "ano": "2018", "numero": "15", "tipo__sigla": "IND", "tipo__descricao": "Indica\u00e7\u00e3o", "autoria": "Eunildo Zanchim \"Nild\u00e3o\"", "texto_original": "http://sapl.sarandi.pr.leg.br/media/sapl/public/materialegislativa/2018/972/ind._no_015-2018.pdf", "ementa": "Indica ao Senhor Prefeito que providencie a altera\u00e7\u00e3o no \u00a7 2\u00ba do art. 109 da Lei Complementar n\u00ba 10/92, de 27 de dezembro de 1992, Estatuto dos Servidores P\u00fablicos Municipais de Sarandi, passando a viger da seguinte forma:\r\n\r\n\"Art. 109...      \r\n\u00a7 2\u00ba O in\u00edcio da frui\u00e7\u00e3o das f\u00e9rias dever\u00e1 ser obrigatoriamente iniciada dentro dos 12 (doze) meses subsequentes do per\u00edodo aquisitivo, sendo proibido o acumulo de f\u00e9rias de 2 (dois) ou mais anos.\""}, {"id": "973", "ano": "2018", "numero": "16", "tipo__sigla": "IND", "tipo__descricao": "Indica\u00e7\u00e3o", "autoria": "Dionizio Aparecido Viaro \"Dionizio da Diocar\"", "texto_original": "http://sapl.sarandi.pr.leg.br/media/sapl/public/materialegislativa/2018/973/ind._no_16-2018.pdf", "ementa": "Indica ao Senhor Prefeito a necessidade da coloca\u00e7\u00e3o de placas contendo o n\u00famero da Guarda Municipal e proibido jogar entulhos, nos locais onde a popula\u00e7\u00e3o costuma jogar lixo."}, {"id": "974", "ano": "2018", "numero": "17", "tipo__sigla": "IND", "tipo__descricao": "Indica\u00e7\u00e3o", "autoria": "Mineirinho", "texto_original": "http://sapl.sarandi.pr.leg.br/media/sapl/public/materialegislativa/2018/974/ind._no_017-2018.pdf", "ementa": "Indica ao Senhor Walter Volpato Junior, Secret\u00e1rio Municipal de Urbanismo, a necessidade da realiza\u00e7\u00e3o de servi\u00e7os de tapa buracos, no trecho da Rua Castro Alves, entre as Avenidas Riachuelo e Rio Branco, no Jardim Independ\u00eancia 3\u00aa Parte.\r\nA rua esta intransit\u00e1vel com muitos buracos e correndo s\u00e9rio riscos de acidentes, pois entre a quadra existe uma metal\u00fargica com v\u00e1rios ve\u00edculos estacionados onde os ve\u00edculos em circula\u00e7\u00e3o tendo de desviar dos buracos."}, {"id": "975", "ano": "2018", "numero": "18", "tipo__sigla": "IND", "tipo__descricao": "Indica\u00e7\u00e3o", "autoria": "Eliana Trautwein Santiago", "texto_original": "http://sapl.sarandi.pr.leg.br/media/sapl/public/materialegislativa/2018/975/ind._no_0182018.pdf", "ementa": "Indica ao Senhor Prefeito para que implante vigias nos Postos de Sa\u00fade, UBS, Escolas e CMEI\u2019s de Sarandi."}, {"id": "976", "ano": "2018", "numero": "19", "tipo__sigla": "IND", "tipo__descricao": "Indica\u00e7\u00e3o", "autoria": "Eliana Trautwein Santiago", "texto_original": "http://sapl.sarandi.pr.leg.br/media/sapl/public/materialegislativa/2018/976/ind._no_019-2018.pdf", "ementa": "Indica a Senhora Marlene Pereira Fermino de Souza, Secret\u00e1ria Municipal de Sa\u00fade, para que analise o estoque de medicamentos do munic\u00edpio, a fim de premeditar sua compra para que n\u00e3o falte \u00e0 popula\u00e7\u00e3o."}, {"id": "977", "ano": "2018", "numero": "20", "tipo__sigla": "IND", "tipo__descricao": "Indica\u00e7\u00e3o", "autoria": "Eliana Trautwein Santiago", "texto_original": "http://sapl.sarandi.pr.leg.br/media/sapl/public/materialegislativa/2018/977/ind._no_020-2018.pdf", "ementa": "Indica a Senhora Marlene Pereira Fermino de Souza, Secret\u00e1ria Municipal de Sa\u00fade, que vise meios de dar transpar\u00eancia na fila de espera para atendimentos especializados disponibilizados via SUS."}, {"id": "991", "ano": "2018", "numero": "21", "tipo__sigla": "IND", "tipo__descricao": "Indica\u00e7\u00e3o", "autoria": "Eliana Trautwein Santiago", "texto_original": "http://sapl.sarandi.pr.leg.br/media/sapl/public/materialegislativa/2018/991/ind._no_021-2018.pdf", "ementa": "Indica ao Senhor Prefeito a necessidade de se providenciar a constru\u00e7\u00e3o de cerca, ao redor do espa\u00e7o onde est\u00e1 sendo constru\u00eddo o Campo do Jardim Belo Vista, a fim de preservar a integridade do gramado que est\u00e1 em fase de plantio."}, {"id": "992", "ano": "2018", "numero": "22", "tipo__sigla": "IND", "tipo__descricao": "Indica\u00e7\u00e3o", "autoria": "Eunildo Zanchim \"Nild\u00e3o\"", "texto_original": "http://sapl.sarandi.pr.leg.br/media/sapl/public/materialegislativa/2018/992/ind._no_022-2018.pdf", "ementa": "Indica ao Senhor Prefeito que determine a instala\u00e7\u00e3o de uma academia de terceira idade e primeira idade, no terreno de propriedade do munic\u00edpio, localizado na Avenida Jo\u00e3o Martinez, esquina com a Rua Dourados no Jardim Esplanada, e, em caso positivo decline a data prevista para essa finalidade."}, {"id": "993", "ano": "2018", "numero": "23", "tipo__sigla": "IND", "tipo__descricao": "Indica\u00e7\u00e3o", "autoria": "Cilas Morais", "texto_original": "http://sapl.sarandi.pr.leg.br/media/sapl/public/materialegislativa/2018/993/ind._no_023-2018.pdf", "ementa": "Indica ao Senhor Prefeito a necessidade da instala\u00e7\u00e3o de 01(um) parque infantil, na Pra\u00e7a dos Pioneiros, na regi\u00e3o central de Sarandi."}, {"id": "1006", "ano": "2018", "numero": "24", "tipo__sigla": "IND", "tipo__descricao": "Indica\u00e7\u00e3o", "autoria": "Eliana Trautwein Santiago", "texto_original": "http://sapl.sarandi.pr.leg.br/media/sapl/public/materialegislativa/2018/1006/ind._no_024-2018.pdf", "ementa": "Indica ao Senhor Prefeito para que mude o hor\u00e1rio da prova r\u00fastica, a ser realizada pelo munic\u00edpio em 12 de outubro, alterando das 15 horas como est\u00e1 previsto, para o per\u00edodo matutino, visando uma melhor condi\u00e7\u00e3o aos competidores."}, {"id": "1007", "ano": "2018", "numero": "25", "tipo__sigla": "IND", "tipo__descricao": "Indica\u00e7\u00e3o", "autoria": "Eliana Trautwein Santiago", "texto_original": "http://sapl.sarandi.pr.leg.br/media/sapl/public/materialegislativa/2018/1007/ind._no_025-2018.pdf", "ementa": "Indica ao Senhor Prefeito a necessidade da contrata\u00e7\u00e3o de empresa especializada em apicultura, a fim de solucionar v\u00e1rios casos envolvendo enxames, em nosso munic\u00edpio."}, {"id": "1008", "ano": "2018", "numero": "26", "tipo__sigla": "IND", "tipo__descricao": "Indica\u00e7\u00e3o", "autoria": "Eunildo Zanchim \"Nild\u00e3o\"", "texto_original": "http://sapl.sarandi.pr.leg.br/media/sapl/public/materialegislativa/2018/1008/ind._no_026-2018.pdf", "ementa": "Indica ao Senhor Prefeito que determine ao setor competente que providencie a constru\u00e7\u00e3o de 01(um) campo de futebol su\u00ed\u00e7o, ao lado da Pra\u00e7a do C\u00e9u no Parque S\u00e3o Pedro, neste munic\u00edpio."}, {"id": "1009", "ano": "2018", "numero": "27", "tipo__sigla": "IND", "tipo__descricao": "Indica\u00e7\u00e3o", "autoria": "Aparecido Antonio, Cilas Morais", "texto_original": "http://sapl.sarandi.pr.leg.br/media/sapl/public/materialegislativa/2018/1009/ind._no_027-2018.pdf", "ementa": "Indicam ao Senhor Prefeito que instale um sem\u00e1foro na Avenida Atl\u00e2ntica esquina com a Avenida Jo\u00e3o Marangoni."}, {"id": "1019", "ano": "2018", "numero": "28", "tipo__sigla": "IND", "tipo__descricao": "Indica\u00e7\u00e3o", "autoria": "Eunildo Zanchim \"Nild\u00e3o\"", "texto_original": "http://sapl.sarandi.pr.leg.br/media/sapl/public/materialegislativa/2018/1019/ind._no_028-2018.pdf", "ementa": "Indica ao Senhor Prefeito para que em conjunto com a Secretaria Municipal de Educa\u00e7\u00e3o, realize um dia de atividades de reconhecimento e valoriza\u00e7\u00e3o aos professores da rede municipal de ensino de Sarandi."}, {"id": "1020", "ano": "2018", "numero": "29", "tipo__sigla": "IND", "tipo__descricao": "Indica\u00e7\u00e3o", "autoria": "Aparecido Antonio", "texto_original": "http://sapl.sarandi.pr.leg.br/media/sapl/public/materialegislativa/2018/1020/ind._no_029-2018.pdf", "ementa": "Indica ao Senhor Prefeito a necessidade da implanta\u00e7\u00e3o de redutor de velocidade, no final da Avenida Jo\u00e3o Marangoni, nas imedia\u00e7\u00f5es do Jardim S\u00e3o Paulo e come\u00e7o das Ch\u00e1caras Eldorado.\r\nEssa medida se faz necess\u00e1ria devido ao asfalto novo no local, onde v\u00e1rios ve\u00edculos estando abusando do limite de velocidade, podendo vir a ocasionar graves acidentes e/ou atropelamentos"}, {"id": "1021", "ano": "2018", "numero": "30", "tipo__sigla": "IND", "tipo__descricao": "Indica\u00e7\u00e3o", "autoria": "Gilberto Messias de Pinas \"Gil\"", "texto_original": "http://sapl.sarandi.pr.leg.br/media/sapl/public/materialegislativa/2018/1021/ind._no_030-2018.pdf", "ementa": "Indica ao Senhor Prefeito a necessidade da implanta\u00e7\u00e3o de sem\u00e1foro nas seguintes localidades:\r\n1 \u2013 No Cruzamento da Avenida Maring\u00e1 com a Rua David Pav\u00e3o;\r\n2 \u2013 No Cruzamento da Avenida Maring\u00e1 com a Rua das Na\u00e7\u00f5es.\r\nTendo em vista o grande fluxo de ve\u00edculos no local, o qual necessita de uma ordena\u00e7\u00e3o de forma a evitar a ocorr\u00eancia de acidentes."}, {"id": "1049", "ano": "2018", "numero": "31", "tipo__sigla": "IND", "tipo__descricao": "Indica\u00e7\u00e3o", "autoria": "Eunildo Zanchim \"Nild\u00e3o\"", "texto_original": "http://sapl.sarandi.pr.leg.br/media/sapl/public/materialegislativa/2018/1049/ind._no_031-2018.pdf", "ementa": "Indica ao Senhor Prefeito a necessidade de se providenciar atrav\u00e9s do setor competente da municipalidade, a coloca\u00e7\u00e3o de cobertura e assento no ponto de \u00f4nibus urbano, na Avenida Maring\u00e1, 660, em frente a C\u00e2mara Municipal."}, {"id": "1050", "ano": "2018", "numero": "32", "tipo__sigla": "IND", "tipo__descricao": "Indica\u00e7\u00e3o", "autoria": "Eliana Trautwein Santiago", "texto_original": "http://sapl.sarandi.pr.leg.br/media/sapl/public/materialegislativa/2018/1050/ind._no_032-2018.pdf", "ementa": "Indica ao Senhor de Urbanismo do Munic\u00edpio a necessidade de se providenciar a instala\u00e7\u00e3o de redutores de velocidade \u201cQuebra Molas\u201d nas Vias P\u00fablicas do Jardim Kusumoto."}, {"id": "1051", "ano": "2018", "numero": "33", "tipo__sigla": "IND", "tipo__descricao": "Indica\u00e7\u00e3o", "autoria": "Gilberto Messias de Pinas \"Gil\"", "texto_original": "http://sapl.sarandi.pr.leg.br/media/sapl/public/materialegislativa/2018/1051/ind._no_033-2018.pdf", "ementa": "Indica ao Senhor Prefeito a necessidade de se providenciar atrav\u00e9s do setor competente da municipalidade, de se viabilizar a coloca\u00e7\u00e3o de ilumina\u00e7\u00e3o e placas com identifica\u00e7\u00e3o nas ruas do Cemit\u00e9rio Municipal Augusto Woff."}, {"id": "1052", "ano": "2018", "numero": "34", "tipo__sigla": "IND", "tipo__descricao": "Indica\u00e7\u00e3o", "autoria": "Eliana Trautwein Santiago", "texto_original": "http://sapl.sarandi.pr.leg.br/media/sapl/public/materialegislativa/2018/1052/ind._no_034-2018.pdf", "ementa": "Indica ao Senhor de Urbanismo do Munic\u00edpio a necessidade de se realizar novamente o recapeamento nos locais aonde foram feitas as passagens das galerias de \u00e1guas pluviais, na Avenida Cez\u00e1rio Mancini."}, {"id": "1053", "ano": "2018", "numero": "35", "tipo__sigla": "IND", "tipo__descricao": "Indica\u00e7\u00e3o", "autoria": "Eliana Trautwein Santiago", "texto_original": "http://sapl.sarandi.pr.leg.br/media/sapl/public/materialegislativa/2018/1053/ind._no_035-2018.pdf", "ementa": "Indica ao Senhor de Urbanismo do Munic\u00edpio  a necessidade de se realizar servi\u00e7os de tapa buracos na Avenida Henrique Augusto da Silva esquina com a Avenida s\u00e3o Francisco."}, {"id": "1054", "ano": "2018", "numero": "36", "tipo__sigla": "IND", "tipo__descricao": "Indica\u00e7\u00e3o", "autoria": "Eliana Trautwein Santiago", "texto_original": "http://sapl.sarandi.pr.leg.br/media/sapl/public/materialegislativa/2018/1054/ind._no_036-2018.pdf", "ementa": "Indica ao Senhor de Urbanismo do Munic\u00edpio a necessidade de se realizar servi\u00e7os de tapa buracos na Rua N\u00e9rio Broglia, esquina com Avenida Angelo Perine."}, {"id": "1055", "ano": "2018", "numero": "37", "tipo__sigla": "IND", "tipo__descricao": "Indica\u00e7\u00e3o", "autoria": "Cilas Morais", "texto_original": "http://sapl.sarandi.pr.leg.br/media/sapl/public/materialegislativa/2018/1055/ind._no_037-2018.pdf", "ementa": "Indica ao Senhor Prefeito a necessidade de se viabilizar a constru\u00e7\u00e3o de 01 (uma) UBS- Unidade B\u00e1sica de Sa\u00fade e de 01 (um) CMEI \u2013 Centro Municipal de Educa\u00e7\u00e3o Infantil, no Jardim Ouro Verde III, neste Munic\u00edpio."}, {"id": "1056", "ano": "2018", "numero": "38", "tipo__sigla": "IND", "tipo__descricao": "Indica\u00e7\u00e3o", "autoria": "Aparecido Antonio", "texto_original": "http://sapl.sarandi.pr.leg.br/media/sapl/public/materialegislativa/2018/1056/ind._no_038-2018.pdf", "ementa": "Indica ao Senhor Prefeito a necessidade do fornecimento dos seguintes itens aos vigias do Munic\u00edpio:\r\n1 - Conceder uniformes e cal\u00e7ados.\r\n2 - Conceder equipamentos que se fazem necess\u00e1rios como lanternas e bast\u00e3o tonfa.\r\n3 - Conceder acesso ao telefone ou linha telef\u00f4nica m\u00f3vel para que possam realizar\r\nchamadas de emerg\u00eancias, quando houver necessidade."}, {"id": "1057", "ano": "2018", "numero": "39", "tipo__sigla": "IND", "tipo__descricao": "Indica\u00e7\u00e3o", "autoria": "Le\u00e3o", "texto_original": "http://sapl.sarandi.pr.leg.br/media/sapl/public/materialegislativa/2018/1057/ind._no_039-2018.pdf", "ementa": "Indica ao Senhor Prefeito que possa estar realizando um Concurso P\u00fablico ou a contrata\u00e7\u00e3o de consultas nas especialidades de Fonoaudiologia, Assist\u00eancia Social e Psicologia, na fonte de recursos 1000 ou 1103 da Sa\u00fade.\r\nIsso se deve a grande demanda que existe de alunos da Rede Municipal e, em contato com as profissionais da Educa\u00e7\u00e3o \u00e9 muito preocupante a falta de atendimento."}, {"id": "1066", "ano": "2018", "numero": "40", "tipo__sigla": "IND", "tipo__descricao": "Indica\u00e7\u00e3o", "autoria": "Nito", "texto_original": "http://sapl.sarandi.pr.leg.br/media/sapl/public/materialegislativa/2018/1066/ind._no_040-2018.pdf", "ementa": "Indica ao Senhor Prefeito que providencie a pavimenta\u00e7\u00e3o do trecho da Avenida Ademar Bornia entre as Avenidas Rio Branco e Laguna.\r\nRessalta-se que este \u00e9 uma reivindica\u00e7\u00e3o dos moradores e empres\u00e1rios daquela localidade."}, {"id": "1067", "ano": "2018", "numero": "41", "tipo__sigla": "IND", "tipo__descricao": "Indica\u00e7\u00e3o", "autoria": "Erasmo Cardoso Pereira \"Erasmo da Sa\u00fade\"", "texto_original": "http://sapl.sarandi.pr.leg.br/media/sapl/public/materialegislativa/2018/1067/ind._no_041-2018.pdf", "ementa": "Indica ao Senhor Prefeito que juntamente com a Autarquia de \u00c1guas de Sarandi, coloquem telas de prote\u00e7\u00e3o em torno de toda a lagoa de tratamento.\r\nIsto se faz necess\u00e1rio para evitar que animais ou, mesmo, pessoas, por descuido, venham a cair na lagoa."}, {"id": "1068", "ano": "2018", "numero": "42", "tipo__sigla": "IND", "tipo__descricao": "Indica\u00e7\u00e3o", "autoria": "Cilas Morais, Dionizio Aparecido Viaro \"Dionizio da Diocar\"", "texto_original": "http://sapl.sarandi.pr.leg.br/media/sapl/public/materialegislativa/2018/1068/ind._no_042-2018.pdf", "ementa": "Indica ao Senhor Prefeito que  tome as devidas provid\u00eancias para que seja feito servi\u00e7os de tapa-buracos ou mesmo recape asf\u00e1ltico nas ruas que se fizerem necess\u00e1rio do Jardim Independ\u00eancia III parte."}, {"id": "1069", "ano": "2018", "numero": "43", "tipo__sigla": "IND", "tipo__descricao": "Indica\u00e7\u00e3o", "autoria": "Le\u00e3o, Cilas Morais", "texto_original": "http://sapl.sarandi.pr.leg.br/media/sapl/public/materialegislativa/2018/1069/ind._no_043-2018.pdf", "ementa": "Indica ao Senhor Prefeito que instale, urgentemente, nas Escolas Municipais e CMEIS, um sistema de seguran\u00e7a e monitoramento.\r\nEm caso positivo, decline a data prevista para essa finalidade e em caso negativo, informe os motivos.\r\nEsta medida se faz necess\u00e1rio, pois, os assaltos que vem ocorrendo est\u00e1 prejudicando imensamente os cofres da educa\u00e7\u00e3o e as atividades dos profissionais e alunos por falta de seguran\u00e7a nos locais."}, {"id": "1070", "ano": "2018", "numero": "44", "tipo__sigla": "IND", "tipo__descricao": "Indica\u00e7\u00e3o", "autoria": "Le\u00e3o", "texto_original": "http://sapl.sarandi.pr.leg.br/media/sapl/public/materialegislativa/2018/1070/ind._no_044-2018.pdf", "ementa": "Indica ao Secret\u00e1rio de Tr\u00e2nsito e Seguran\u00e7a que providencie a sinaliza\u00e7\u00e3o de placas e pintura de faixas de tr\u00e2nsito nas Rua Salvador Jordano cruzamento com a Rua Delegado Luiz Amaro.\r\nEm caso positivo, decline a data prevista para essa finalidade e em caso negativo, informe os motivos.\r\nEsta medida se faz necess\u00e1rio, pois, nesta esquina h\u00e1 uma \"depress\u00e3o\" no asfalto e com isso acidentes est\u00e3o ocorrendo no local."}, {"id": "1071", "ano": "2018", "numero": "45", "tipo__sigla": "IND", "tipo__descricao": "Indica\u00e7\u00e3o", "autoria": "Cilas Morais", "texto_original": "http://sapl.sarandi.pr.leg.br/media/sapl/public/materialegislativa/2018/1071/ind._no_045-2018.pdf", "ementa": "Indica ao senhor prefeito que a implanta\u00e7\u00e3o de um banheiro p\u00fablico adaptado para deficientes f\u00edsicos, local a definir.\r\nEm caso positivo, decline a data prevista para essa finalidade e em caso negativo, informe os motivos."}, {"id": "1085", "ano": "2018", "numero": "46", "tipo__sigla": "IND", "tipo__descricao": "Indica\u00e7\u00e3o", "autoria": "Aparecido Antonio", "texto_original": "http://sapl.sarandi.pr.leg.br/media/sapl/public/materialegislativa/2018/1085/ind_no_046-2018.pdf", "ementa": "indica ao Senhor Joel Ingles da Silva, Secretaria Municipal de Tr\u00e2nsito e Seguran\u00e7a de Sarandi, a necessidade de se providenciar a mudan\u00e7a de local do ponto de \u00f4nibus do hor\u00e1rio de sa\u00edda 12 horas e 17 horas e 35 minutos, dos alunos do Col\u00e9gio Estadual Antonio Francisco Lisboa, da Avenida Maring\u00e1, lado oposto do Col\u00e9gio, para a Rua David Pav\u00e3o, inclusive com sinais de embarque e desembarque.\r\nTendo em vista que a rua em quest\u00e3o fica ao lado do estabelecimento de ensino, sendo mais seguro e sem a necessidade de passagem para o outro lado da via como ocorre atualmente.\r\nO motivo da solicita\u00e7\u00e3o \u00e9 para que os alunos n\u00e3o atravessem a avenida, pois a mesma \u00e9 muito movimentada, com tr\u00e2nsito intenso no hor\u00e1rio de sa\u00edda dos mesmos, deixando-os vulner\u00e1veis, uma vez que, temos aus\u00eancia de sinaliza\u00e7\u00e3o adequada no local em quest\u00e3o, conforme solicita\u00e7\u00e3o em anexo."}, {"id": "1086", "ano": "2018", "numero": "47", "tipo__sigla": "IND", "tipo__descricao": "Indica\u00e7\u00e3o", "autoria": "Dionizio Aparecido Viaro \"Dionizio da Diocar\"", "texto_original": "http://sapl.sarandi.pr.leg.br/media/sapl/public/materialegislativa/2018/1086/ind._no_047-2018.pdf", "ementa": "Indica ao Senhor Prefeito a necessidade de se providenciar a implanta\u00e7\u00e3o de sistema bin\u00e1rio de tr\u00e2nsito nas vias p\u00fablicas no Jardim Cometa, com a coloca\u00e7\u00e3o da devida sinaliza\u00e7\u00e3o, al\u00e9m da realiza\u00e7\u00e3o da manuten\u00e7\u00e3o na sinaliza\u00e7\u00e3o vi\u00e1ria horizontal e vertical existente."}, {"id": "1087", "ano": "2018", "numero": "48", "tipo__sigla": "IND", "tipo__descricao": "Indica\u00e7\u00e3o", "autoria": "Dionizio Aparecido Viaro \"Dionizio da Diocar\"", "texto_original": "http://sapl.sarandi.pr.leg.br/media/sapl/public/materialegislativa/2018/1087/ind._no_048-2018.pdf", "ementa": "Indica ao Senhor Prefeito a necessidade de se providenciar a implanta\u00e7\u00e3o de sistema bin\u00e1rio de tr\u00e2nsito nas vias p\u00fablicas no Jardim Gralha Azul, com a coloca\u00e7\u00e3o da devida sinaliza\u00e7\u00e3o, al\u00e9m da realiza\u00e7\u00e3o da manuten\u00e7\u00e3o na sinaliza\u00e7\u00e3o vi\u00e1ria horizontal e vertical existente."}, {"id": "1088", "ano": "2018", "numero": "49", "tipo__sigla": "IND", "tipo__descricao": "Indica\u00e7\u00e3o", "autoria": "Dionizio Aparecido Viaro \"Dionizio da Diocar\"", "texto_original": "http://sapl.sarandi.pr.leg.br/media/sapl/public/materialegislativa/2018/1088/ind._no_049-2018.pdf", "ementa": "Indica ao Senhor Prefeito a necessidade de se providenciar a implanta\u00e7\u00e3o de sistema bin\u00e1rio de tr\u00e2nsito no Parque Residencial Jaqueline, com a coloca\u00e7\u00e3o da devida sinaliza\u00e7\u00e3o, al\u00e9m da realiza\u00e7\u00e3o da manuten\u00e7\u00e3o na sinaliza\u00e7\u00e3o vi\u00e1ria horizontal e vertical existente."}, {"id": "1089", "ano": "2018", "numero": "50", "tipo__sigla": "IND", "tipo__descricao": "Indica\u00e7\u00e3o", "autoria": "Dionizio Aparecido Viaro \"Dionizio da Diocar\"", "texto_original": "http://sapl.sarandi.pr.leg.br/media/sapl/public/materialegislativa/2018/1089/ind._no_050-2018.pdf", "ementa": "Indica ao Senhor Prefeito a necessidade de se providenciar a implanta\u00e7\u00e3o de sistema bin\u00e1rio de tr\u00e2nsito nas vias p\u00fablicas no Jardim Santa Tereza, com a coloca\u00e7\u00e3o da devida sinaliza\u00e7\u00e3o, al\u00e9m da realiza\u00e7\u00e3o da manuten\u00e7\u00e3o na sinaliza\u00e7\u00e3o vi\u00e1ria horizontal e vertical existente."}, {"id": "1090", "ano": "2018", "numero": "51", "tipo__sigla": "IND", "tipo__descricao": "Indica\u00e7\u00e3o", "autoria": "Le\u00e3o", "texto_original": "http://sapl.sarandi.pr.leg.br/media/sapl/public/materialegislativa/2018/1090/ind._no_051-2018.pdf", "ementa": "Indica ao senhor Prefeito a necessidade de se providenciar a implanta\u00e7\u00e3o de 01(um) redutor de velocidade, na Rua Vereador Jos\u00e9 Fernandes com a Avenida Brasil, no Jardim Independ\u00eancia."}, {"id": "1091", "ano": "2018", "numero": "52", "tipo__sigla": "IND", "tipo__descricao": "Indica\u00e7\u00e3o", "autoria": "Le\u00e3o", "texto_original": "http://sapl.sarandi.pr.leg.br/media/sapl/public/materialegislativa/2018/1091/ind._no_052-2018.pdf", "ementa": "Indica ao senhor Prefeito a necessidade de se providenciar a implanta\u00e7\u00e3o de 01(um) redutor de velocidade, na Rua 31, n\u00ba 656-C, no Jardim Ouro Verde."}, {"id": "1106", "ano": "2018", "numero": "53", "tipo__sigla": "IND", "tipo__descricao": "Indica\u00e7\u00e3o", "autoria": "Mineirinho", "texto_original": "http://sapl.sarandi.pr.leg.br/media/sapl/public/materialegislativa/2018/1106/ind._no_053-2018.pdf", "ementa": "Indica ao Senhor Prefeito a necessidade de se providenciar um sem\u00e1foro no cruzamento da Rua Jos\u00e9 Munhoz com a Rua Em\u00edlio Angelo Panasol, no Jardim Dom Bosco.\r\nEssa medida se toma para conter os riscos de acidentes, devido ao grande n\u00famero de ve\u00edculos que trafegam pelo local, em especial nos hor\u00e1rios de pico."}, {"id": "1107", "ano": "2018", "numero": "54", "tipo__sigla": "IND", "tipo__descricao": "Indica\u00e7\u00e3o", "autoria": "Aparecido Antonio", "texto_original": "http://sapl.sarandi.pr.leg.br/media/sapl/public/materialegislativa/2018/1107/ind._no_054-2018.pdf", "ementa": "Indica ao Senhor Prefeito a necessidade de se providenciar a realiza\u00e7\u00e3o de servi\u00e7os de reforma da quadra da Escola Paulo Freire, bem como a constru\u00e7\u00e3o de muro em toda a extens\u00e3o do local."}, {"id": "1108", "ano": "2018", "numero": "55", "tipo__sigla": "IND", "tipo__descricao": "Indica\u00e7\u00e3o", "autoria": "Aparecido Antonio, Dionizio Aparecido Viaro \"Dionizio da Diocar\", Eunildo Zanchim \"Nild\u00e3o\"", "texto_original": "http://sapl.sarandi.pr.leg.br/media/sapl/public/materialegislativa/2018/1108/ind._no_055-2018.pdf", "ementa": "Indica ao Senhor Prefeito a necessidade de se viabilizar a implanta\u00e7\u00e3o de um Centro DIA (creche do Idoso), em Sarandi."}, {"id": "1109", "ano": "2018", "numero": "56", "tipo__sigla": "IND", "tipo__descricao": "Indica\u00e7\u00e3o", "autoria": "Eunildo Zanchim \"Nild\u00e3o\"", "texto_original": "http://sapl.sarandi.pr.leg.br/media/sapl/public/materialegislativa/2018/1109/ind._no_056-2018.pdf", "ementa": "Indica ao Senhor Prefeito a necessidade da implanta\u00e7\u00e3o de um Consult\u00f3rio Odontol\u00f3gico na UBS (Unidade B\u00e1sica de Sa\u00fade) do Jardim Oriental.\r\nTem a finalidade de atender a demanda deste servi\u00e7o dos moradores do bairro e da regi\u00e3o."}, {"id": "1110", "ano": "2018", "numero": "57", "tipo__sigla": "IND", "tipo__descricao": "Indica\u00e7\u00e3o", "autoria": "Dionizio Aparecido Viaro \"Dionizio da Diocar\"", "texto_original": "http://sapl.sarandi.pr.leg.br/media/sapl/public/materialegislativa/2018/1110/ind._no_057-2018.pdf", "ementa": "Indica ao Senhor Prefeito a necessidade da cria\u00e7\u00e3o de um estudo para a realiza\u00e7\u00e3o da manuten\u00e7\u00e3o na sinaliza\u00e7\u00e3o vi\u00e1ria horizontal e vertical, em toda a extens\u00e3o do Jardim Novo Panorama."}, {"id": "1111", "ano": "2018", "numero": "58", "tipo__sigla": "IND", "tipo__descricao": "Indica\u00e7\u00e3o", "autoria": "Dionizio Aparecido Viaro \"Dionizio da Diocar\"", "texto_original": "http://sapl.sarandi.pr.leg.br/media/sapl/public/materialegislativa/2018/1111/ind._no_058-2018.pdf", "ementa": "Indica ao Senhor Prefeito a necessidade de se providenciar a realiza\u00e7\u00e3o da opera\u00e7\u00e3o \u201cTapa Buraco\u201d no Parque Residencial Bela Vista 2\u00aa Parte."}, {"id": "1112", "ano": "2018", "numero": "59", "tipo__sigla": "IND", "tipo__descricao": "Indica\u00e7\u00e3o", "autoria": "Cilas Morais", "texto_original": "http://sapl.sarandi.pr.leg.br/media/sapl/public/materialegislativa/2018/1112/ind._no_059-2018.pdf", "ementa": "Indica ao Senhor Prefeito a necessidade de se providenciar a realiza\u00e7\u00e3o de servi\u00e7os de reforma, no gin\u00e1sio de esporte Tancredo Neves, com a realiza\u00e7\u00e3o de reparos nas partes hidr\u00e1ulica e el\u00e9trica, troca dos vidros quebrados das janelas, consertos na cobertura, al\u00e9m da pintura interna e externa.\r\nPede-se esta reforma, pois o gin\u00e1sio de esportes se encontra na \u00e1rea central, e deveria ser o cart\u00e3o de visita de Sarandi, embora ele se encontre com os banheiros entupidos, refletores queimados, vidros quebrados e necessitando de pintura."}, {"id": "1113", "ano": "2018", "numero": "60", "tipo__sigla": "IND", "tipo__descricao": "Indica\u00e7\u00e3o", "autoria": "Nito", "texto_original": "http://sapl.sarandi.pr.leg.br/media/sapl/public/materialegislativa/2018/1113/ind._no_060-2018.pdf", "ementa": "Indica ao Senhor Prefeito a necessidade de se providenciar a realiza\u00e7\u00e3o de reparos e/ou amplia\u00e7\u00e3o da ponte do Rio Ribeir\u00e3o Sarandi, no Km 8.\r\nRessalta-se, ainda, que esta estrada \u00e9 de extrema import\u00e2ncia ao nosso Munic\u00edpio, pois \u00e9 escoada toda a safra da regi\u00e3o."}, {"id": "1114", "ano": "2018", "numero": "61", "tipo__sigla": "IND", "tipo__descricao": "Indica\u00e7\u00e3o", "autoria": "Nito", "texto_original": "http://sapl.sarandi.pr.leg.br/media/sapl/public/materialegislativa/2018/1114/ind._no_061-2018.pdf", "ementa": "Indica ao Senhor Prefeito a necessidade de se providenciar, com a m\u00e1xima urg\u00eancia, a instala\u00e7\u00e3o de redutores de velocidade nas seguintes ruas: S\u00e3o Dimas, S\u00e3o Jo\u00e3o Batista e S\u00e3o Judas Tadeu no Parque Residencial Bom Pastor.\r\nRessalta-se que os condutores est\u00e3o trafegando em alta velocidade, colocando, assim, em risco \u00e0 seguran\u00e7a dos moradores."}, {"id": "1115", "ano": "2018", "numero": "62", "tipo__sigla": "IND", "tipo__descricao": "Indica\u00e7\u00e3o", "autoria": "Le\u00e3o", "texto_original": "http://sapl.sarandi.pr.leg.br/media/sapl/public/materialegislativa/2018/1115/ind._no_062-2018.pdf", "ementa": "Indica ao Senhor Prefeito a necessidade de estar realizando as obras de aumento de estacionamentos no centro da cidade, localizados no fundo do Gin\u00e1sio de Esportes e ao redor do viaduto da BR 376, abrangendo as Avenidas Ademar Bornia e Antonio Volpato.\r\nEssa \u00e9 uma solicita\u00e7\u00e3o dos Empres\u00e1rios para o Natal, devido a demanda de estacionamento que \u00e9 muito grande, neste per\u00edodo, para ve\u00edculos e motos."}, {"id": "1116", "ano": "2018", "numero": "63", "tipo__sigla": "IND", "tipo__descricao": "Indica\u00e7\u00e3o", "autoria": "Nito", "texto_original": "http://sapl.sarandi.pr.leg.br/media/sapl/public/materialegislativa/2018/1116/ind._no_063-2018.pdf", "ementa": "Indica ao Senhor Prefeito a necessidade de estar realizando a instala\u00e7\u00e3o de uma ATI no Parque Residencial Alphaville, haja vista que existem dois terrenos que pertencem ao Munic\u00edpio, que est\u00e1 tomado pelo matagal."}, {"id": "1130", "ano": "2018", "numero": "64", "tipo__sigla": "IND", "tipo__descricao": "Indica\u00e7\u00e3o", "autoria": "Aparecido Antonio", "texto_original": "http://sapl.sarandi.pr.leg.br/media/sapl/public/materialegislativa/2018/1130/ind._no_064-2018.pdf", "ementa": "Indica ao Senhor Walter Volpato, Prefeito Municipal, a necessidade de se viabilizar a revitaliza\u00e7\u00e3o da pra\u00e7a e da Igreja do Patrim\u00f4nio Vera Cruz."}, {"id": "1131", "ano": "2018", "numero": "65", "tipo__sigla": "IND", "tipo__descricao": "Indica\u00e7\u00e3o", "autoria": "Dionizio Aparecido Viaro \"Dionizio da Diocar\"", "texto_original": "http://sapl.sarandi.pr.leg.br/media/sapl/public/materialegislativa/2018/1131/ind._no_065-2018.pdf", "ementa": "Indica ao Senhor Walter Volpato Junior, Secret\u00e1rio Municipal de Urbanismo, a necessidade de se cobrar dos respons\u00e1veis pela empresa P\u00e1 Ing\u00e1, a realiza\u00e7\u00e3o de servi\u00e7os de reparos no asfalto do Parque Residencial Bom Pastor e Alphaville, com certa urg\u00eancia."}, {"id": "1132", "ano": "2018", "numero": "66", "tipo__sigla": "IND", "tipo__descricao": "Indica\u00e7\u00e3o", "autoria": "Le\u00e3o", "texto_original": "http://sapl.sarandi.pr.leg.br/media/sapl/public/materialegislativa/2018/1132/ind._no_066-2018.pdf", "ementa": "Indica ao Senhor Walter Volpato, Prefeito Municipal, a necessidade da cria\u00e7\u00e3o de uma comiss\u00e3o de Servidores P\u00fablicos das Secretarias Municipais de Fazenda e de Desenvolvimento Econ\u00f4mico, juntamente com a participa\u00e7\u00e3o deste Vereador, para que atenda as inscri\u00e7\u00f5es de novos pedidos de Alvar\u00e1 de Licen\u00e7a para a Feira do Munic\u00edpio, ou a cria\u00e7\u00e3o de uma Nova Feira, que possa estar atendendo a Zona Norte e Sul deste Munic\u00edpio, no prazo m\u00e1ximo de 45 dias."}, {"id": "1160", "ano": "2018", "numero": "67", "tipo__sigla": "IND", "tipo__descricao": "Indica\u00e7\u00e3o", "autoria": "Aparecido Antonio", "texto_original": "http://sapl.sarandi.pr.leg.br/media/", "ementa": "Indica ao Senhor Prefeito a necessidade de se viabilizar a cria\u00e7\u00e3o e a implanta\u00e7\u00e3o da Patrulha Ambiental em Sarandi,  com vistas a dar seguran\u00e7a e a  prote\u00e7\u00e3o ao meio ambiente e a zona rural de nossa cidade."}, {"id": "1161", "ano": "2018", "numero": "68", "tipo__sigla": "IND", "tipo__descricao": "Indica\u00e7\u00e3o", "autoria": "Eunildo Zanchim \"Nild\u00e3o\"", "texto_original": "http://sapl.sarandi.pr.leg.br/media/", "ementa": "Indica ao Senhor Prefeito a necessidade de se providenciar as medidas cab\u00edveis visando a substitui\u00e7\u00e3o das l\u00e2mpadas convencionais da rede de ilumina\u00e7\u00e3o p\u00fablica de Sarandi, por l\u00e2mpadas de LED (diodo emissor de luz), com objetivo de diminuir os gastos com ilumina\u00e7\u00e3o p\u00fablica, geando assim uma maior economia para o Munic\u00edpio."}, {"id": "1162", "ano": "2018", "numero": "69", "tipo__sigla": "IND", "tipo__descricao": "Indica\u00e7\u00e3o", "autoria": "Eunildo Zanchim \"Nild\u00e3o\"", "texto_original": "http://sapl.sarandi.pr.leg.br/media/", "ementa": "Indica ao Senhor Prefeito a necessidade de se providenciar a realiza\u00e7\u00e3o de opera\u00e7\u00e3o tapa buracos da pavimenta\u00e7\u00e3o asf\u00e1ltica da Rua Dourados, no trecho compreendido entre a Rua Cezario Mancini e a Rua Jo\u00e3o Martinez, no Jardim Nova Sarandi. \r\nTal medida visa acabar com as crateras em forma\u00e7\u00e3o, que vem prejudicando o trafego de ve\u00edculos e outros pelo local."}, {"id": "1163", "ano": "2018", "numero": "70", "tipo__sigla": "IND", "tipo__descricao": "Indica\u00e7\u00e3o", "autoria": "Nito", "texto_original": "http://sapl.sarandi.pr.leg.br/media/", "ementa": "Indica ao Senhor Prefeito a necessidade de se providenciar com a m\u00e1xima urg\u00eancia poss\u00edvel, a instala\u00e7\u00e3o de Redutores de Velocidade \u201cQuebra-molas\u201d nas Avenidas S\u00e3o Paulo Ap\u00f3stolo e Bom Pastor, no Parque Residencial Bom Pastor, tendo em vista que os condutores de ve\u00edculos est\u00e3o trafegando em alta velocidade pelos locais e colocando em riscos \u00e0 seguran\u00e7a dos moradores."}, {"id": "1164", "ano": "2018", "numero": "71", "tipo__sigla": "IND", "tipo__descricao": "Indica\u00e7\u00e3o", "autoria": "Gilberto Messias de Pinas \"Gil\"", "texto_original": "http://sapl.sarandi.pr.leg.br/media/", "ementa": "Indica ao Senhor Prefeito a necessidade de se tomar as devidas provid\u00eancias no sentido de resolver o problema de vazamento de \u00e1gua, que ocorre nos reservat\u00f3rios dos po\u00e7os artesianos de nosso Munic\u00edpio, onde as caixas de \u00e1gua transbordam ocasionado o vazamento de \u00e1gua atrav\u00e9s dos suspiros, onde sugerimos uma liga\u00e7\u00e3o de encanamento de forma que quando ocorrer esse tipo de vazamento a \u00e1gua escorra para a via p\u00fablica, evitando assim maiores transtornos."}, {"id": "614", "ano": "2018", "numero": "2", "tipo__sigla": "MSG", "tipo__descricao": "Mensagem", "autoria": "Walter Volpato", "texto_original": "http://sapl.sarandi.pr.leg.br/media/./sapl/public/materialegislativa/2018/614/614_texto_integral.pdf", "ementa": "Veto total aposto \u00e0 Lei n\u00ba 2384/2017, do edil Cilas Souza Morais, o qual disp\u00f5e sobre a cria\u00e7\u00e3o do Programa de Apoio \u00e0s V\u00edtimas de AVC - Acidente Vascular Cerebral."}, {"id": "684", "ano": "2018", "numero": "1", "tipo__sigla": "MOC", "tipo__descricao": "Mo\u00e7\u00e3o", "autoria": "Aparecido Antonio", "texto_original": "http://sapl.sarandi.pr.leg.br/media/./sapl/public/materialegislativa/2018/684/684_texto_integral.pdf", "ementa": "Of\u00edcio ao Comando da 3\u00aa Companhia do BPEC e ao Coordenador do Proerd em Sarandi, consignando votos de congratula\u00e7\u00f5es em comemora\u00e7\u00e3o ao 10\u00ba ano de atua\u00e7\u00e3o do batalh\u00e3o de patrulha escolar e comunit\u00e1ria."}, {"id": "698", "ano": "2018", "numero": "2", "tipo__sigla": "MOC", "tipo__descricao": "Mo\u00e7\u00e3o", "autoria": "Le\u00e3o, Aparecido Antonio, Cilas Morais, Dionizio Aparecido Viaro \"Dionizio da Diocar\", Eliana Trautwein Santiago, Erasmo Cardoso Pereira \"Erasmo da Sa\u00fade\", Eunildo Zanchim \"Nild\u00e3o\", Gilberto Messias de Pinas \"Gil\", Mineirinho, Nito", "texto_original": "http://sapl.sarandi.pr.leg.br/media/", "ementa": "Of\u00edcio \u00e0 atleta Caroline Duarte Costa, consignando votos de congratula\u00e7\u00f5es e louvor, em virtude da mesma ter se sagrado campe\u00e3 Pan Americana de Handebol J\u00fanior, representando Sarandi."}, {"id": "834", "ano": "2018", "numero": "3", "tipo__sigla": "MOC", "tipo__descricao": "Mo\u00e7\u00e3o", "autoria": "Cilas Morais", "texto_original": "http://sapl.sarandi.pr.leg.br/media/sapl/public/materialegislativa/2018/834/mocao_003-2018.pdf", "ementa": "Of\u00edcio ao Comandante do 4\u00ba BPM de Maring\u00e1,, externando VOTOS DE LOUVOR POR BRAVURA, a Policiais Militares, em virtude do salvamento de um beb\u00ea com 01 ano e 11 meses, no \u00faltimo dia 12 de Junho, que se encontrava engasgado com leite materno, nesta cidade."}, {"id": "855", "ano": "2018", "numero": "4", "tipo__sigla": "MOC", "tipo__descricao": "Mo\u00e7\u00e3o", "autoria": "Cilas Morais", "texto_original": "http://sapl.sarandi.pr.leg.br/media/sapl/public/materialegislativa/2018/855/mocao_004-2018.pdf", "ementa": "Of\u00edcio ao Comandante da 4\u00aa Companhia da Pol\u00edcia Militar de Sarandi, externando VOTOS DE LOUVOR POR BRAVURA, a Policiais Militares, em virtude do salvamento de um beb\u00ea com 29 dias de vida,  no \u00faltimo dia 11 de Junho, que se encontrava engasgado com leite materno, nesta cidade."}, {"id": "865", "ano": "2018", "numero": "5", "tipo__sigla": "MOC", "tipo__descricao": "Mo\u00e7\u00e3o", "autoria": "Eunildo Zanchim \"Nild\u00e3o\", Gilberto Messias de Pinas \"Gil\"", "texto_original": "http://sapl.sarandi.pr.leg.br/media/sapl/public/materialegislativa/2018/865/mocao_005.2018.pdf", "ementa": "Of\u00edcio ao Diretor do Jornal Rep\u00f3rter Regional,  externando votos de congratula\u00e7\u00f5es pelas comemora\u00e7\u00f5es do Jubileu de Prata do Jornal em nossa cidade."}, {"id": "939", "ano": "2018", "numero": "6", "tipo__sigla": "MOC", "tipo__descricao": "Mo\u00e7\u00e3o", "autoria": "Cilas Morais", "texto_original": "http://sapl.sarandi.pr.leg.br/media/", "ementa": "Of\u00edcio ao Senhor Jos\u00e9 Lazaro Pereira, externando votos de congratula\u00e7\u00f5es, pelos servi\u00e7os prestados ao Munic\u00edpio, desde a Emancipa\u00e7\u00e3o pol\u00edtica Administrativa."}, {"id": "1001", "ano": "2018", "numero": "7", "tipo__sigla": "MOC", "tipo__descricao": "Mo\u00e7\u00e3o", "autoria": "Aparecido Antonio", "texto_original": "http://sapl.sarandi.pr.leg.br/media/sapl/public/materialegislativa/2018/1001/mocao_no_007-2018.pdf", "ementa": "Of\u00edcio consignado votos de congratula\u00e7\u00f5es desta Casa de Leis, em comemora\u00e7\u00e3o aos 05 (cinco) anos de cria\u00e7\u00e3o da ROTAM - Ronda T\u00e1tico Motorizada de Sarandi-PR., a saber 13 de agosto de 2018, e ainda pelos relevantes servi\u00e7os prestados pela mesma, onde seja dado ci\u00eancia aos Senhores Soldados Bragam Arouca, Alvice, Antonio, Reginato, Moraes, Clemerson, Maxswell, Bergstron e Capit\u00e3o Alexandro."}, {"id": "605", "ano": "2018", "numero": "1", "tipo__sigla": "PDL", "tipo__descricao": "Projeto de Decreto Legislativo", "autoria": "COF - Comiss\u00e3o de Or\u00e7amento e Finan\u00e7as", "texto_original": "http://sapl.sarandi.pr.leg.br/media/sapl/public/materialegislativa/2018/605/decreto_legislativo_no_001-2018_para_o_site.pdf", "ementa": "Desaprova as contas do munic\u00edpio de Sarandi relativas ao exerc\u00edcio financeiro de 2014."}, {"id": "606", "ano": "2018", "numero": "2", "tipo__sigla": "PDL", "tipo__descricao": "Projeto de Decreto Legislativo", "autoria": "COF - Comiss\u00e3o de Or\u00e7amento e Finan\u00e7as", "texto_original": "http://sapl.sarandi.pr.leg.br/media/sapl/public/materialegislativa/2018/606/decreto_legislativo_no_002-2018_para_o_site.pdf", "ementa": "Desaprova as contas do munic\u00edpio de Sarandi relativas ao exerc\u00edcio financeiro de 2015."}, {"id": "626", "ano": "2018", "numero": "3", "tipo__sigla": "PDL", "tipo__descricao": "Projeto de Decreto Legislativo", "autoria": "CLJRF - Comiss\u00e3o de Legisla\u00e7\u00e3o, Justi\u00e7a e Reda\u00e7\u00e3o Final", "texto_original": "http://sapl.sarandi.pr.leg.br/media/", "ementa": "Disp\u00f5e sobre aceita\u00e7\u00e3o do \"Veto n\u00ba 003/2018\", total aposto \u00e0 Lei Municipal n\u00ba 2384/2017, de autoria do edil Cilas Souza Morais, o qual disp\u00f5e sobre a cria\u00e7\u00e3o do Programa de Apoio \u00e1s V\u00edtimas de AVC - Acidente Vascular Cerebral."}, {"id": "591", "ano": "2018", "numero": "469", "tipo__sigla": "PLC", "tipo__descricao": "Projeto de Lei Complementar", "autoria": "Walter Volpato", "texto_original": "http://sapl.sarandi.pr.leg.br/media/./sapl/public/materialegislativa/2018/591/591_texto_integral.pdf", "ementa": "DISP\u00d5E SOBRE A INSTITUI\u00c7\u00c3O DO PROGRAMA DE RECUPERA\u00c7\u00c3O FISCAL DE SARANDI - REFIS MUNICIPAL."}, {"id": "613", "ano": "2018", "numero": "470", "tipo__sigla": "PLC", "tipo__descricao": "Projeto de Lei Complementar", "autoria": "Walter Volpato", "texto_original": "http://sapl.sarandi.pr.leg.br/media/./sapl/public/materialegislativa/2018/613/613_texto_integral.pdf", "ementa": "ALTERA DISPOSITIVO DA LEI COMPLEMENTAR N\u00ba 10/1992, NA FORMA QUE ESPECIFICA."}, {"id": "634", "ano": "2018", "numero": "471", "tipo__sigla": "PLC", "tipo__descricao": "Projeto de Lei Complementar", "autoria": "Walter Volpato", "texto_original": "http://sapl.sarandi.pr.leg.br/media/./sapl/public/materialegislativa/2018/634/634_texto_integral.pdf", "ementa": "CRIA CARGOS DE PROVIMENTO EFETIVO E D\u00c1 OUTRAS PROVID\u00caNCIAS."}, {"id": "652", "ano": "2018", "numero": "472", "tipo__sigla": "PLC", "tipo__descricao": "Projeto de Lei Complementar", "autoria": "Walter Volpato", "texto_original": "http://sapl.sarandi.pr.leg.br/media/./sapl/public/materialegislativa/2018/652/652_texto_integral.pdf", "ementa": "ALTERA DISPOSITIVO DA LEI COMPLEMENTAR N\u00ba 297/2014, DE 24/02/2014, NA FORMA QUE ESPECIFICA."}, {"id": "723", "ano": "2018", "numero": "473", "tipo__sigla": "PLC", "tipo__descricao": "Projeto de Lei Complementar", "autoria": "Walter Volpato", "texto_original": "http://sapl.sarandi.pr.leg.br/media/./sapl/public/materialegislativa/2018/723/723_texto_integral.pdf", "ementa": "REVOGA A LEI COMPLEMENTAR N\u00ba 358/2018, NA FORMA QUE ESPECIFICA."}, {"id": "774", "ano": "2018", "numero": "474", "tipo__sigla": "PLC", "tipo__descricao": "Projeto de Lei Complementar", "autoria": "Walter Volpato", "texto_original": "http://sapl.sarandi.pr.leg.br/media/./sapl/public/materialegislativa/2018/774/774_texto_integral.pdf", "ementa": "ALTERA O ANEXO II, DA LEI COMPLEMENTAR N\u00ba 159/2007, NA FORMA QUE ESPECIFICA."}, {"id": "800", "ano": "2018", "numero": "475", "tipo__sigla": "PLC", "tipo__descricao": "Projeto de Lei Complementar", "autoria": "Walter Volpato", "texto_original": "http://sapl.sarandi.pr.leg.br/media/./sapl/public/materialegislativa/2018/800/800_texto_integral.pdf", "ementa": "EXTINGUE A COORDENADORIA DE GERA\u00c7\u00c3O DE TRABALHO E RENDA E O CARGO DE PROVIMENTO EM COMISS\u00c3O DE COORDENADOR DE GERA\u00c7\u00c3O DE TRABALHO E RENDA E CRIA O CARGO DE PROVIMENTO EM COMISS\u00c3O DE COORDENADOR DE APOIO ADMINISTRATIVO DO GABINETE DO PREFEITO E D\u00c1 OUTRAS PROVID\u00caNCIAS."}, {"id": "801", "ano": "2018", "numero": "476", "tipo__sigla": "PLC", "tipo__descricao": "Projeto de Lei Complementar", "autoria": "Walter Volpato", "texto_original": "http://sapl.sarandi.pr.leg.br/media/./sapl/public/materialegislativa/2018/801/801_texto_integral.pdf", "ementa": "DISP\u00d5E SOBRE A ALTERA\u00c7\u00c3O DA LEI COMPLEMENTAR N\u00ba 265/2012, QUE TRATA DA CRIA\u00c7\u00c3O DA SECRETARIA MUNICIPAL DE TR\u00c2NSITO, TRANSPORTE E SEGURAN\u00c7A P\u00daBLICA, NA FORMA QUE ESPECIFICA.  &#8220;ELEVA\u00c7\u00c3O DO N\u00daMERO DE VAGAS DE GUARDA MUNICIPAL E AGENDE DA AUTORIDADE DE TR\u00c2NSITO&#8221;."}, {"id": "802", "ano": "2018", "numero": "477", "tipo__sigla": "PLC", "tipo__descricao": "Projeto de Lei Complementar", "autoria": "Walter Volpato", "texto_original": "http://sapl.sarandi.pr.leg.br/media/./sapl/public/materialegislativa/2018/802/802_texto_integral.pdf", "ementa": "DISP\u00d5E SOBRE A ALTERA\u00c7\u00c3O DA LEI COMPLEMENTAR N\u00ba 265/2012, QUE TRATA DA CRIA\u00c7\u00c3O DA SECRETARIA MUNICIPAL DE TR\u00c2NSITO, TRANSPORTE E SEGURAN\u00c7A P\u00daBLICA, NA FORMA QUE ESPECIFICA. &#8220;GRATIFICA\u00c7\u00c3O DE RISCO DE VIDA&#8221;."}, {"id": "889", "ano": "2018", "numero": "478", "tipo__sigla": "PLC", "tipo__descricao": "Projeto de Lei Complementar", "autoria": "Walter Volpato", "texto_original": "http://sapl.sarandi.pr.leg.br/media/sapl/public/materialegislativa/2018/889/projeto_de_lei_complementar_no_478-2018.pdf", "ementa": "DISP\u00d5E SOBRE A CRIA\u00c7\u00c3O E REGULAMENTA\u00c7\u00c3O DO ORGANOGRAMA DA CORREGEDORIA E OUVIDORIA DA GUARDA MUNICIPAL DE SARANDI E D\u00c1 OUTRAS PROVID\u00caNCIAS."}, {"id": "890", "ano": "2018", "numero": "479", "tipo__sigla": "PLC", "tipo__descricao": "Projeto de Lei Complementar", "autoria": "Walter Volpato", "texto_original": "http://sapl.sarandi.pr.leg.br/media/sapl/public/materialegislativa/2018/890/projeto_de_lei_complementar_no_479-2018.pdf", "ementa": "ALTERA DISPOSITIVOS DA LEI COMPLEMENTAR N\u00ba 070/2001, DE 26/12/2001, QUE DISP\u00d5E SOBRE O SISTEMA TRIBUT\u00c1RIO DO MUNIC\u00cdPIO DE SARANDI \u201cC\u00d3DIGO TRIBUT\u00c1RIO\u201d NA FORMA QUE ESPEC\u00cdFICA."}, {"id": "1103", "ano": "2018", "numero": "480", "tipo__sigla": "PLC", "tipo__descricao": "Projeto de Lei Complementar", "autoria": "Walter Volpato", "texto_original": "http://sapl.sarandi.pr.leg.br/media/sapl/public/materialegislativa/2018/1103/projeto_de_lei_complementar_no_480-2018.pdf", "ementa": "ALTERA O DISPOSITIVO NO \u00a7 7\u00ba, DO ART. 16, DA LEI COMPLEMENTAR N\u00ba 364/2018, QUE DISP\u00d5E SOBRE A CRIA\u00c7\u00c3O E REGULAMENTA\u00c7\u00c3O DO ORGANOGRAMA DA CORREGEDORIA E OUVIDORIA DA GUARDA MUNICIPAL DE SARANDI, NA FORMA QUE ESPECIFICA."}, {"id": "1105", "ano": "2018", "numero": "481", "tipo__sigla": "PLC", "tipo__descricao": "Projeto de Lei Complementar", "autoria": "Walter Volpato", "texto_original": "http://sapl.sarandi.pr.leg.br/media/sapl/public/materialegislativa/2018/1105/projeto_de_lei_complementar_no_481-2018.pdf", "ementa": "DISP\u00d5E SOBRE A CRIA\u00c7\u00c3O DO SISTEMA DE ESTACIONAMENTO ROTATIVO PAGO (ESTAR) E D\u00c1 OUTRAS PROVID\u00caNCIAS."}, {"id": "1129", "ano": "2018", "numero": "482", "tipo__sigla": "PLC", "tipo__descricao": "Projeto de Lei Complementar", "autoria": "Walter Volpato", "texto_original": "http://sapl.sarandi.pr.leg.br/media/sapl/public/materialegislativa/2018/1129/projeto_de_lei_complementar_no_482-2018.pdf", "ementa": "ALTERA DISPOSITIVOS DA LEI COMPLEMENTAR N\u00ba 322/2015 - DA OUTORGA ONEROSA DO DIREITO DE CONSTRUIR, NA FORMA QUE ESPECIFICA."}, {"id": "1141", "ano": "2018", "numero": "483", "tipo__sigla": "PLC", "tipo__descricao": "Projeto de Lei Complementar", "autoria": "Walter Volpato", "texto_original": "http://sapl.sarandi.pr.leg.br/media/sapl/public/materialegislativa/2018/1141/projeto_de_lei_complementar_no_483-2018.pdf", "ementa": "INCLUI NO ART. 256 DA LEI COMPLEMENTAR N\u00ba 70/2001, O PAR\u00c1GRAFO \u00daNICO, NA FORMA QUE ESPECIFICA.  (MULTAS DE TR\u00c2NSITO EM DIVIDA ATIVA)."}, {"id": "1142", "ano": "2018", "numero": "484", "tipo__sigla": "PLC", "tipo__descricao": "Projeto de Lei Complementar", "autoria": "Walter Volpato", "texto_original": "http://sapl.sarandi.pr.leg.br/media/sapl/public/materialegislativa/2018/1142/projeto_de_lei_complementar_no_484-2018_k7mtVnQ.pdf", "ementa": "DISP\u00d5E SOBRE A PLANTA GEN\u00c9RICA DE VALORES, PARA LAN\u00c7AMENTO E COBRAN\u00c7A DOS IMPOSTOS IMOBILI\u00c1RIOS, DISCIPLINA F\u00d3RMULA DE C\u00c1LCULO, ESTABELECE PAR\u00c2METROS E CLASSIFICA\u00c7\u00c3O DAS EDIFICA\u00c7\u00d5ES DO MUNIC\u00cdPIO DE SARANDI E D\u00c1 OUTRAS PROVID\u00caNCIAS."}, {"id": "592", "ano": "2018", "numero": "2688", "tipo__sigla": "PLO", "tipo__descricao": "Projeto de Lei Ordin\u00e1ria", "autoria": "Walter Volpato", "texto_original": "http://sapl.sarandi.pr.leg.br/media/./sapl/public/materialegislativa/2018/592/592_texto_integral.pdf", "ementa": "AUTORIZA O PODER EXECUTIVO MUNICIPAL A CONTRATAR OPERA\u00c7\u00d5ES DE CR\u00c9DITO COM A AG\u00caNCIA DE FOMENTO DO PARAN\u00c1  S.A. (NO VALOR DE R$. 8.000.000,00 (OITO MILH\u00d5ES DE REAIS)."}, {"id": "593", "ano": "2018", "numero": "2689", "tipo__sigla": "PLO", "tipo__descricao": "Projeto de Lei Ordin\u00e1ria", "autoria": "Walter Volpato", "texto_original": "http://sapl.sarandi.pr.leg.br/media/./sapl/public/materialegislativa/2018/593/593_texto_integral.pdf", "ementa": "AUTORIZA O CHEFE DO PODER EXECUTIVO MUNICIPAL A FIXAR PISO M\u00cdNIMO DE VENCIMENTOS DOS SERVIDORES P\u00daBLICOS MUNICIPAIS DE SARANDI E D\u00c1 OUTRAS PROVID\u00caNCIAS.( VALOR DE R$.989,00)."}, {"id": "594", "ano": "2018", "numero": "2690", "tipo__sigla": "PLO", "tipo__descricao": "Projeto de Lei Ordin\u00e1ria", "autoria": "Walter Volpato", "texto_original": "http://sapl.sarandi.pr.leg.br/media/./sapl/public/materialegislativa/2018/594/594_texto_integral.pdf", "ementa": "DISP\u00d5E SOBRE A ATUALIZA\u00c7\u00c3O MONET\u00c1RIA DOS SUBS\u00cdDIOS DO PREFEITO, VICE-PREFEITO E DOS SECRET\u00c1RIOS MUNICIPAIS, NA FORMA QUE ESPECIFICA."}, {"id": "595", "ano": "2018", "numero": "2691", "tipo__sigla": "PLO", "tipo__descricao": "Projeto de Lei Ordin\u00e1ria", "autoria": "Walter Volpato", "texto_original": "http://sapl.sarandi.pr.leg.br/media/./sapl/public/materialegislativa/2018/595/595_texto_integral.pdf", "ementa": "DISP\u00d5E SOBRE A ATUALIZA\u00c7\u00c3O MONET\u00c1RIA DOS SUBS\u00cdDIOS DOS VEREADORES,  NA FORMA QUE ESPECIFICA. "}, {"id": "596", "ano": "2018", "numero": "2692", "tipo__sigla": "PLO", "tipo__descricao": "Projeto de Lei Ordin\u00e1ria", "autoria": "Walter Volpato", "texto_original": "http://sapl.sarandi.pr.leg.br/media/./sapl/public/materialegislativa/2018/596/596_texto_integral.pdf", "ementa": "DISP\u00d5E SOBRE A DOA\u00c7\u00c3O DE IM\u00d3VEL AO ESTADO DO PARAN\u00c1, NA FORMA QUE ESPECIFICA."}, {"id": "597", "ano": "2018", "numero": "2693", "tipo__sigla": "PLO", "tipo__descricao": "Projeto de Lei Ordin\u00e1ria", "autoria": "Walter Volpato", "texto_original": "http://sapl.sarandi.pr.leg.br/media/./sapl/public/materialegislativa/2018/597/597_texto_integral.pdf", "ementa": "AUTORIZA O CHEFE DO PODER EXECUTIVO MUNICIPAL A CONCEDER REPOSI\u00c7\u00c3O SALARIAL, NA FORMA QUE ESPECIFICA. (PERCENTUAL DE 3,00% (TR\u00caS POR CENTO)."}, {"id": "608", "ano": "2018", "numero": "2694", "tipo__sigla": "PLO", "tipo__descricao": "Projeto de Lei Ordin\u00e1ria", "autoria": "Walter Volpato", "texto_original": "http://sapl.sarandi.pr.leg.br/media/./sapl/public/materialegislativa/2018/608/608_texto_integral.pdf", "ementa": "INSTITUI O CONSELHO MUNICIPAL DE DESENVOLVIMENTO RURALE REVOGA ARTIGOS DA LEI N\u00ba 1690/2009, DE 30 DE NOVEMBRO DE 2009."}, {"id": "609", "ano": "2018", "numero": "2695", "tipo__sigla": "PLO", "tipo__descricao": "Projeto de Lei Ordin\u00e1ria", "autoria": "Walter Volpato", "texto_original": "http://sapl.sarandi.pr.leg.br/media/./sapl/public/materialegislativa/2018/609/609_texto_integral.pdf", "ementa": "AUTORIZA O PODER EXECUTIVO A DOAR RECURSO FINANCEIRO PARA A AUTARQUIA \u00c1GUAS DE SARANDI - SERVI\u00c7O MUNICIPAL DE SANEAMENTO AMBIENTAL, NA FORMA QUE ESPECIFICA."}, {"id": "610", "ano": "2018", "numero": "2696", "tipo__sigla": "PLO", "tipo__descricao": "Projeto de Lei Ordin\u00e1ria", "autoria": "Aparecido Antonio", "texto_original": "http://sapl.sarandi.pr.leg.br/media/./sapl/public/materialegislativa/2018/610/610_texto_integral.pdf", "ementa": "D\u00c1 DENOMINA\u00c7\u00c3O A RUA PROJETADA B, SITUADA NO JARDIM OURO VERDE III, NA FORMA QUE ESPECIFICA."}, {"id": "611", "ano": "2018", "numero": "2697", "tipo__sigla": "PLO", "tipo__descricao": "Projeto de Lei Ordin\u00e1ria", "autoria": "Dionizio Aparecido Viaro \"Dionizio da Diocar\"", "texto_original": "http://sapl.sarandi.pr.leg.br/media/./sapl/public/materialegislativa/2018/611/611_texto_integral.pdf", "ementa": "D\u00c1 DENOMINA\u00c7\u00c3O \u00c1 RUA 30, SITUADA NOS JARDINS NOVA INDEPEND\u00caNCIA 1\u00aa PARTE, AURORA E AURORA 2, NA FORMA QUE ESPECIFICA."}, {"id": "612", "ano": "2018", "numero": "2698", "tipo__sigla": "PLO", "tipo__descricao": "Projeto de Lei Ordin\u00e1ria", "autoria": "Dionizio Aparecido Viaro \"Dionizio da Diocar\"", "texto_original": "http://sapl.sarandi.pr.leg.br/media/./sapl/public/materialegislativa/2018/612/612_texto_integral.pdf", "ementa": "D\u00c1 DENOMINA\u00c7\u00c3O \u00c1 RUA 31, SITUADA NOS JARDINS NOVA INDEPEND\u00caNCIA 1\u00aa PARTE, AURORA E AURORA 2, NA FORMA QUE ESPECIFICA."}, {"id": "621", "ano": "2018", "numero": "2699", "tipo__sigla": "PLO", "tipo__descricao": "Projeto de Lei Ordin\u00e1ria", "autoria": "Eunildo Zanchim \"Nild\u00e3o\"", "texto_original": "http://sapl.sarandi.pr.leg.br/media/./sapl/public/materialegislativa/2018/621/621_texto_integral.pdf", "ementa": "AUTORIZA O PODER EXECUTIVO MUNICIPAL A DOAR M\u00d3VEIS E OUTROS, CLASSIFICADOS COMO MATERIAL PERMANENTE DE PROPRIEDADE DA MUNICIPALIDADE, QUE FOREM CONSIDERADOS INSERV\u00cdVEIS OU DESNECESS\u00c1RIOS, E D\u00c1 OUTRAS PROVID\u00caNCIAS."}, {"id": "623", "ano": "2018", "numero": "2700", "tipo__sigla": "PLO", "tipo__descricao": "Projeto de Lei Ordin\u00e1ria", "autoria": "Walter Volpato", "texto_original": "http://sapl.sarandi.pr.leg.br/media/./sapl/public/materialegislativa/2018/623/623_texto_integral.pdf", "ementa": "AUTORIZA O PODER EXECUTIVO MUNICIPAL A EFETUAR A ABERTURA DE CR\u00c9DITO ADICIONAL SUPLEMENTAR NO OR\u00c7AMENTO DO MUNIC\u00cdPIO DE SARANDI, PARA O EXERC\u00cdCIO DE 2018."}, {"id": "651", "ano": "2018", "numero": "2701", "tipo__sigla": "PLO", "tipo__descricao": "Projeto de Lei Ordin\u00e1ria", "autoria": "Walter Volpato", "texto_original": "http://sapl.sarandi.pr.leg.br/media/./sapl/public/materialegislativa/2018/651/651_texto_integral.pdf", "ementa": "AUTORIZA O PODER EXECUTIVO MUNICIPAL A RATIFICAR SUA PARTICIPA\u00c7\u00c3O NO CONS\u00d3RCIO P\u00daBLICO INTERMUNICIPAL PARA O DESENVOLVIMENTO SUSTENT\u00c1VEL DA REGI\u00c3O DO VALE DO M\u00c9DIO IVA\u00cd DO ESTADO DO PARAN\u00c1 - CIMEIV, NA FORMA E CONDI\u00c7\u00d5ES PREVISTAS PELA LEI FEDERAL N\u00ba 11.107/2005 E D\u00c1 OUTRAS PROVID\u00caNCIAS."}, {"id": "663", "ano": "2018", "numero": "2702", "tipo__sigla": "PLO", "tipo__descricao": "Projeto de Lei Ordin\u00e1ria", "autoria": "Eunildo Zanchim \"Nild\u00e3o\"", "texto_original": "http://sapl.sarandi.pr.leg.br/media/./sapl/public/materialegislativa/2018/663/663_texto_integral.pdf", "ementa": "D\u00c1 DENOMINA\u00c7\u00c3O AS RUAS DO JARDIM CENTRO C\u00cdVICO, NA FORMA QUE ESPECIFICA."}, {"id": "664", "ano": "2018", "numero": "2703", "tipo__sigla": "PLO", "tipo__descricao": "Projeto de Lei Ordin\u00e1ria", "autoria": "Eunildo Zanchim \"Nild\u00e3o\"", "texto_original": "http://sapl.sarandi.pr.leg.br/media/sapl/public/materialegislativa/2018/664/projeto_de_lei_no_2703-2018_aprovado.pdf", "ementa": "DISP\u00d5E SOBRE O PROLONGAMENTO DE VIAS NO MUNIC\u00cdPIO DE SARANDI, NA FORMA QUE ESPECIFICA."}, {"id": "665", "ano": "2018", "numero": "2704", "tipo__sigla": "PLO", "tipo__descricao": "Projeto de Lei Ordin\u00e1ria", "autoria": "Eunildo Zanchim \"Nild\u00e3o\"", "texto_original": "http://sapl.sarandi.pr.leg.br/media/sapl/public/materialegislativa/2018/665/projeto_de_lei_no_2704-2018_aprovado.pdf", "ementa": "DISP\u00d5E SOBRE O PROLONGAMENTO DE VIA NO MUNIC\u00cdPIO DE SARANDI, NA FORMA QUE ESPECIFICA."}, {"id": "666", "ano": "2018", "numero": "2705", "tipo__sigla": "PLO", "tipo__descricao": "Projeto de Lei Ordin\u00e1ria", "autoria": "Walter Volpato", "texto_original": "http://sapl.sarandi.pr.leg.br/media/sapl/public/materialegislativa/2018/666/projeto_de_lei_no_2705-2018_aprovado.pdf", "ementa": "REVOGA AS LEIS N\u00ba S. 867/1999, 868/1999 E A AL\u00cdNEA \"A\" DO ART. 2\u00ba, DA LEI N\u00ba 866/1999, NA FORMA QUE ESPECIFICA."}, {"id": "678", "ano": "2018", "numero": "2706", "tipo__sigla": "PLO", "tipo__descricao": "Projeto de Lei Ordin\u00e1ria", "autoria": "Walter Volpato", "texto_original": "http://sapl.sarandi.pr.leg.br/media/sapl/public/materialegislativa/2018/678/projeto_de_lei_no_2706-2018_aprovado.pdf", "ementa": "ALTERA O ARTIGO 13, DA LEI N\u00ba 2372/2017, DE 23/11/2018, NA FORMA QUE ESPECIFICA."}, {"id": "701", "ano": "2018", "numero": "2707", "tipo__sigla": "PLO", "tipo__descricao": "Projeto de Lei Ordin\u00e1ria", "autoria": "Eliana Trautwein Santiago, Erasmo Cardoso Pereira \"Erasmo da Sa\u00fade\"", "texto_original": "http://sapl.sarandi.pr.leg.br/media/sapl/public/materialegislativa/2018/701/projeto_de_lei_no_2707-2018_-_aprovado.pdf", "ementa": "INSTITUI O PROGRAMA \"ESPA\u00c7OS VERDES\", E D\u00c1 OUTRAS PROVID\u00caNCIAS."}, {"id": "702", "ano": "2018", "numero": "2708", "tipo__sigla": "PLO", "tipo__descricao": "Projeto de Lei Ordin\u00e1ria", "autoria": "Erasmo Cardoso Pereira \"Erasmo da Sa\u00fade\", Le\u00e3o", "texto_original": "http://sapl.sarandi.pr.leg.br/media/sapl/public/materialegislativa/2018/702/projeto_de_lei_no_2708-2018_-_aprovado.pdf", "ementa": "AUTORIZA INSTALA\u00c7\u00c3O DE COMEDOUROS E BEBEDOUROS PARA C\u00c3ES EM LOCAIS P\u00daBLICOS OU PR\u00c9DIOS PARTICULARES, BEM COMO O USO DE PROPAGANDA PUBLICIT\u00c1RIA ADESIVADO E D\u00c1 OUTRAS PROVID\u00caNCIAS."}, {"id": "703", "ano": "2018", "numero": "2709", "tipo__sigla": "PLO", "tipo__descricao": "Projeto de Lei Ordin\u00e1ria", "autoria": "Walter Volpato", "texto_original": "http://sapl.sarandi.pr.leg.br/media/sapl/public/materialegislativa/2018/703/projeto_de_lei_no_2709-2018_-_aprovado.pdf", "ementa": "RATIFICA AS ALTERA\u00c7\u00d5ES REALIZADAS NO PROTOCOLO DE INTEN\u00c7\u00d5ES E NO ESTATUTO DO CONS\u00d3RCIO P\u00daBLICO INTERMUNICIPAL DE SA\u00daDE DO SETENTRI\u00c3O PARANAENSE &#8211; CISAMUSEP E D\u00c1 OUTRAS PROVID\u00caNCIAS."}, {"id": "721", "ano": "2018", "numero": "2710", "tipo__sigla": "PLO", "tipo__descricao": "Projeto de Lei Ordin\u00e1ria", "autoria": "Walter Volpato", "texto_original": "http://sapl.sarandi.pr.leg.br/media/./sapl/public/materialegislativa/2018/721/721_texto_integral.pdf", "ementa": "ALTERA O ARTIGO 9\u00ba DA LEI N\u00ba 2384/2017, PROMULGADA EM 08/03/2018, NA FORMA QUE ESPECIFICA."}, {"id": "722", "ano": "2018", "numero": "2711", "tipo__sigla": "PLO", "tipo__descricao": "Projeto de Lei Ordin\u00e1ria", "autoria": "Eunildo Zanchim \"Nild\u00e3o\"", "texto_original": "http://sapl.sarandi.pr.leg.br/media/./sapl/public/materialegislativa/2018/722/722_texto_integral.pdf", "ementa": "INSTITUI A SEMANA MUNICIPAL DA PESSOA COM DEFICI\u00caNCIA INTELECTUAL E M\u00daLTIPLA E D\u00c1 OUTRAS PROVID\u00caNCIAS."}, {"id": "730", "ano": "2018", "numero": "2712", "tipo__sigla": "PLO", "tipo__descricao": "Projeto de Lei Ordin\u00e1ria", "autoria": "Walter Volpato", "texto_original": "http://sapl.sarandi.pr.leg.br/media/./sapl/public/materialegislativa/2018/730/730_texto_integral.pdf", "ementa": "DISP\u00d5E SOBRE A ALTERA\u00c7\u00c3O DOS ANEXOS DO PPA - PLANO PLURIANUAL DO MUNIC\u00cdPIO DE SARANDI DO QUADRI\u00caNIO 2018 A 2021, NA FORMA QUE ESPECIFICA."}, {"id": "731", "ano": "2018", "numero": "2713", "tipo__sigla": "PLO", "tipo__descricao": "Projeto de Lei Ordin\u00e1ria", "autoria": "Walter Volpato", "texto_original": "http://sapl.sarandi.pr.leg.br/media/./sapl/public/materialegislativa/2018/731/731_texto_integral.pdf", "ementa": "DISP\u00d5E SOBRE AS DIRETRIZES PARA A ELABORA\u00c7\u00c3O E EXECU\u00c7\u00c3O DA LEI OR\u00c7AMENT\u00c1RIA PARA O EXERC\u00cdCIO DE 2019 E D\u00c1 OUTRAS PROVID\u00caNCIAS."}, {"id": "743", "ano": "2018", "numero": "2714", "tipo__sigla": "PLO", "tipo__descricao": "Projeto de Lei Ordin\u00e1ria", "autoria": "Walter Volpato", "texto_original": "http://sapl.sarandi.pr.leg.br/media/./sapl/public/materialegislativa/2018/743/743_texto_integral.pdf", "ementa": "AUTORIZA A ABERTURA DE CNPJ JUNTO A RECEITA FEDERAL E A ABERTURA DE CONTA CORRENTE JUNTO AO BANCO DO BRASIL S/A OU JUNTO A CAIXA ECON\u00d4MICA FEDERAL, EM NOME DA SECRETARIA MUNICIPAL DE EDUCA\u00c7\u00c3O DE SARANDI, ESTADO DO PARAN\u00c1."}, {"id": "752", "ano": "2018", "numero": "2715", "tipo__sigla": "PLO", "tipo__descricao": "Projeto de Lei Ordin\u00e1ria", "autoria": "Walter Volpato", "texto_original": "http://sapl.sarandi.pr.leg.br/media/./sapl/public/materialegislativa/2018/752/752_texto_integral.pdf", "ementa": "AUTORIZA O PODER EXECUTIVO MUNICIPAL A CONCEDER DIREITO REAL DE USO DE IM\u00d3VEL PERTENCENTE \u00c1 MUNICIPALIDADE, NA FORMA QUE ESPECIFICA. APAE"}, {"id": "758", "ano": "2018", "numero": "2716", "tipo__sigla": "PLO", "tipo__descricao": "Projeto de Lei Ordin\u00e1ria", "autoria": "Walter Volpato", "texto_original": "http://sapl.sarandi.pr.leg.br/media/sapl/public/materialegislativa/2018/758/projeto_de_lei_no_2716-2018_-_aprovado.pdf", "ementa": "AUTORIZA A DOA\u00c7\u00c3O DE IM\u00d3VEIS AO SERVI\u00c7O MUNICIPAL DE SANEAMENTO AMBIENTAL &#8211; \u00c1GUAS DE SARANDI, NA FORMA QUE ESPECIFICA."}, {"id": "773", "ano": "2018", "numero": "2717", "tipo__sigla": "PLO", "tipo__descricao": "Projeto de Lei Ordin\u00e1ria", "autoria": "Le\u00e3o", "texto_original": "http://sapl.sarandi.pr.leg.br/media/sapl/public/materialegislativa/2018/773/proj._lei_no_2717-2018_9gQMiwF.pdf", "ementa": "DISP\u00d5E SOBRE A ISEN\u00c7\u00c3O DO PAGAMENTO DE VALORES A T\u00cdTULO DE INSCRI\u00c7\u00c3O EM CONCURSOS P\u00daBLICOS, NO \u00c2MBITO DO MUNIC\u00cdPIO DE SARANDI, PARA ELEITORES CONVOCADOS E NOMEADOS, QUE TENHAM PRESTADO SERVI\u00c7O ELEITORAL."}, {"id": "796", "ano": "2018", "numero": "2719", "tipo__sigla": "PLO", "tipo__descricao": "Projeto de Lei Ordin\u00e1ria", "autoria": "Aparecido Antonio", "texto_original": "http://sapl.sarandi.pr.leg.br/media/sapl/public/materialegislativa/2018/796/proj._lei_no_2719-2018.pdf", "ementa": "D\u00c1 DENOMINA\u00c7\u00c3O A RUA 9327, SITUADA NO LOTEAMENTO ECOVALLEY, NA FORMA QUE ESPECIFICA."}, {"id": "797", "ano": "2018", "numero": "2720", "tipo__sigla": "PLO", "tipo__descricao": "Projeto de Lei Ordin\u00e1ria", "autoria": "Walter Volpato", "texto_original": "http://sapl.sarandi.pr.leg.br/media/./sapl/public/materialegislativa/2018/797/797_texto_integral.pdf", "ementa": "AUTORIZA O CHEFE DO PODER EXECUTIVO MUNICIPAL A DESAFETAR \u00c1REA VERDE, NA FORMA QUE ESPECIFICA."}, {"id": "798", "ano": "2018", "numero": "2721", "tipo__sigla": "PLO", "tipo__descricao": "Projeto de Lei Ordin\u00e1ria", "autoria": "Walter Volpato", "texto_original": "http://sapl.sarandi.pr.leg.br/media/./sapl/public/materialegislativa/2018/798/798_texto_integral.pdf", "ementa": "DISP\u00d5E SOBRE O SISTEMA DE TRANSPORTE COLETIVO DE PASSAGEIROS NO MUNIC\u00cdPIO DE SARANDI E D\u00c1 OUTRAS PROVID\u00caNCIAS."}, {"id": "799", "ano": "2018", "numero": "2722", "tipo__sigla": "PLO", "tipo__descricao": "Projeto de Lei Ordin\u00e1ria", "autoria": "Walter Volpato", "texto_original": "http://sapl.sarandi.pr.leg.br/media/./sapl/public/materialegislativa/2018/799/799_texto_integral.pdf", "ementa": "INSTITUI O EXAME DE SA\u00daDE MENTAL \u00c1 GUARDA MUNICIPAL DE SARANDI."}, {"id": "803", "ano": "2018", "numero": "2723", "tipo__sigla": "PLO", "tipo__descricao": "Projeto de Lei Ordin\u00e1ria", "autoria": "Dionizio Aparecido Viaro \"Dionizio da Diocar\"", "texto_original": "http://sapl.sarandi.pr.leg.br/media/./sapl/public/materialegislativa/2018/803/803_texto_integral.pdf", "ementa": "DISP\u00d5E SOBRE A INSTALA\u00c7\u00c3O DE EQUIPAMENTO ELIMINADOR DE AR NA TUBULA\u00c7\u00c3O DO SISTEMA DE ABASTECIMENTO DE \u00c1GUA DO MUNIC\u00cdPIO DE SARANDI E D\u00c1 OUTRAS PROVID\u00caNCIAS."}, {"id": "804", "ano": "2018", "numero": "2724", "tipo__sigla": "PLO", "tipo__descricao": "Projeto de Lei Ordin\u00e1ria", "autoria": "Dionizio Aparecido Viaro \"Dionizio da Diocar\"", "texto_original": "http://sapl.sarandi.pr.leg.br/media/./sapl/public/materialegislativa/2018/804/804_texto_integral.pdf", "ementa": "DISP\u00d5E SOBRE O PARCELAMENTO DO VALOR DAS MULTAS DE TR\u00c2NSITO NO MUNIC\u00cdPIO DE SARANDI E D\u00c1 OUTRAS PROVID\u00caNCIAS. "}, {"id": "837", "ano": "2018", "numero": "2725", "tipo__sigla": "PLO", "tipo__descricao": "Projeto de Lei Ordin\u00e1ria", "autoria": "Gilberto Messias de Pinas \"Gil\"", "texto_original": "http://sapl.sarandi.pr.leg.br/media/sapl/public/materialegislativa/2018/837/projeto_de_lei_no_2725.2018.pdf", "ementa": "Pro\u00edbe que pessoas que cometerem maus-tratos ou abandono a animais dom\u00e9sticos  possam obter novamente sua guarda e de outros animais."}, {"id": "839", "ano": "2018", "numero": "2726", "tipo__sigla": "PLO", "tipo__descricao": "Projeto de Lei Ordin\u00e1ria", "autoria": "Gilberto Messias de Pinas \"Gil\"", "texto_original": "http://sapl.sarandi.pr.leg.br/media/sapl/public/materialegislativa/2018/839/projeto_de_lei_no_2726.2018.pdf", "ementa": "DISP\u00d5E SOBRE A OBRIGATORIEDADE DE INSTALA\u00c7\u00c3O DE PLACAS DE SINALIZA\u00c7\u00c3O COM RESPECTIVO HOR\u00c1RIO DE FUNCIONAMENTO DE FEIRAS LIVRES LOCALIZADAS NO MUNIC\u00cdPIO DE SARANDI E D\u00c1 OUTRAS PROVID\u00caNCIAS."}, {"id": "840", "ano": "2018", "numero": "2727", "tipo__sigla": "PLO", "tipo__descricao": "Projeto de Lei Ordin\u00e1ria", "autoria": "Dionizio Aparecido Viaro \"Dionizio da Diocar\", Eliana Trautwein Santiago", "texto_original": "http://sapl.sarandi.pr.leg.br/media/sapl/public/materialegislativa/2018/840/projeto_de_lei_no_2727.2018.pdf", "ementa": "Disp\u00f5e sobre a regulamenta\u00e7\u00e3o de execu\u00e7\u00e3o de m\u00fasica ao vivo ou por qualquer sistema de amplifica\u00e7\u00e3o mec\u00e2nico de som, bem como a disposi\u00e7\u00e3o de mesas e cadeiras nas cal\u00e7adas dos im\u00f3veis vizinhos, por bares, lanchonetes, restaurantes, pizzarias e cantinas do Munic\u00edpio de Sarandi, e d\u00e1 outras provid\u00eancias."}, {"id": "841", "ano": "2018", "numero": "2728", "tipo__sigla": "PLO", "tipo__descricao": "Projeto de Lei Ordin\u00e1ria", "autoria": "Walter Volpato", "texto_original": "http://sapl.sarandi.pr.leg.br/media/sapl/public/materialegislativa/2018/841/projeto_de_lei_no_2728.2018.pdf", "ementa": "AUTORIZA O PODER EXECUTIVO MUNICIPAL A EFETUAR A COBRAN\u00c7A DE CONTRIBUI\u00c7\u00c3O DE MELHORIA EM DECORR\u00caNCIA DE EXECU\u00c7\u00c3O DE PAVIMENTA\u00c7\u00c3O ASF\u00c1LTICA, REVESTIMENTO EM CBUQ COM 3,5 CM, CONSTANTE DO EDITAL DE CONTRIBUI\u00c7\u00c3O DE MELHORIA N\u00b0 001/2018."}, {"id": "842", "ano": "2018", "numero": "2729", "tipo__sigla": "PLO", "tipo__descricao": "Projeto de Lei Ordin\u00e1ria", "autoria": "Walter Volpato", "texto_original": "http://sapl.sarandi.pr.leg.br/media/sapl/public/materialegislativa/2018/842/projeto_de_lei_no_2729.2018.pdf", "ementa": "AUTORIZA O PODER EXECUTIVO MUNICIPAL A EFETUAR A COBRAN\u00c7A DE CONTRIBUI\u00c7\u00c3O DE MELHORIA EM DECORR\u00caNCIA DE EXECU\u00c7\u00c3O DE PAVIMENTA\u00c7\u00c3O ASF\u00c1LTICA, REVESTIMENTO EM CBUQ COM 04 CM, CONSTANTE DO EDITAL DE CONTRIBUI\u00c7\u00c3O DE MELHORIA N\u00b0002/2018."}, {"id": "843", "ano": "2018", "numero": "2730", "tipo__sigla": "PLO", "tipo__descricao": "Projeto de Lei Ordin\u00e1ria", "autoria": "Eunildo Zanchim \"Nild\u00e3o\"", "texto_original": "http://sapl.sarandi.pr.leg.br/media/sapl/public/materialegislativa/2018/843/projeto_de_lei_no_2730.2018.pdf", "ementa": "Disp\u00f5e sobre a instala\u00e7\u00e3o e o uso de extens\u00e3o tempor\u00e1ria de passeio p\u00fablico, denominada Parklet."}, {"id": "844", "ano": "2018", "numero": "2731", "tipo__sigla": "PLO", "tipo__descricao": "Projeto de Lei Ordin\u00e1ria", "autoria": "Le\u00e3o", "texto_original": "http://sapl.sarandi.pr.leg.br/media/sapl/public/materialegislativa/2018/844/proj._lei_no_2731-2018_proerd.pdf", "ementa": "INSTITUI COMO POL\u00cdTICA P\u00daBLICA O PROGRAMA EDUCACIONAL DE RESIST\u00caNCIA \u00c0S DROGAS E \u00c0 VIOL\u00caNCIA - PROERD - NO MUNIC\u00cdPIO DE SARANDI-PR."}, {"id": "881", "ano": "2018", "numero": "2732", "tipo__sigla": "PLO", "tipo__descricao": "Projeto de Lei Ordin\u00e1ria", "autoria": "Walter Volpato", "texto_original": "http://sapl.sarandi.pr.leg.br/media/sapl/public/materialegislativa/2018/881/projeto_de_lei_no_2732-2018.pdf", "ementa": "Disp\u00f5e sobre a abertura de Cr\u00e9dito Adicional Especial e d\u00e1 outras provid\u00eancias."}, {"id": "882", "ano": "2018", "numero": "2733", "tipo__sigla": "PLO", "tipo__descricao": "Projeto de Lei Ordin\u00e1ria", "autoria": "Walter Volpato", "texto_original": "http://sapl.sarandi.pr.leg.br/media/sapl/public/materialegislativa/2018/882/projeto_de_lei_no_2733-2018.pdf", "ementa": "Disp\u00f5e sobre a realiza\u00e7\u00e3o da EXPORANDI, na forma que especifica."}, {"id": "883", "ano": "2018", "numero": "2734", "tipo__sigla": "PLO", "tipo__descricao": "Projeto de Lei Ordin\u00e1ria", "autoria": "Aparecido Antonio, Cilas Morais, Mineirinho", "texto_original": "http://sapl.sarandi.pr.leg.br/media/sapl/public/materialegislativa/2018/883/projeto_de_lei_no_2734-2018.pdf", "ementa": "Disp\u00f5e sobre o funcionamento aos domingos e feriados do com\u00e9rcio varejista e atacadista de g\u00eaneros aliment\u00edcios e medicamentos e d\u00e1 outras provid\u00eancias."}, {"id": "884", "ano": "2018", "numero": "2735", "tipo__sigla": "PLO", "tipo__descricao": "Projeto de Lei Ordin\u00e1ria", "autoria": "Eliana Trautwein Santiago", "texto_original": "http://sapl.sarandi.pr.leg.br/media/sapl/public/materialegislativa/2018/884/projeto_de_lei_no_2735-2018.pdf", "ementa": "Disp\u00f5e sobre a regulamenta\u00e7\u00e3o de doa\u00e7\u00e3o, permuta, repasse e o descarte de livros de Bibliotecas P\u00fablicas do Munic\u00edpio de Sarandi."}, {"id": "885", "ano": "2018", "numero": "2736", "tipo__sigla": "PLO", "tipo__descricao": "Projeto de Lei Ordin\u00e1ria", "autoria": "Eunildo Zanchim \"Nild\u00e3o\"", "texto_original": "http://sapl.sarandi.pr.leg.br/media/sapl/public/materialegislativa/2018/885/projeto_de_lei_no_2736-2018.pdf", "ementa": "D\u00c1 DENOMINA\u00c7\u00c3O \u00c1 RUA 34, SITUADA NOS JARDINS NOVA INDEPEND\u00caNCIA 1\u00aa PARTE, AURORA, AURORA 2 E AURORA 3, NA FORMA QUE ESPECIFICA."}, {"id": "886", "ano": "2018", "numero": "2737", "tipo__sigla": "PLO", "tipo__descricao": "Projeto de Lei Ordin\u00e1ria", "autoria": "Walter Volpato", "texto_original": "http://sapl.sarandi.pr.leg.br/media/sapl/public/materialegislativa/2018/886/projeto_de_lei_no_2737-2018.pdf", "ementa": "disp\u00f5e sobre a Disponibiliza\u00e7\u00e3o e Acesso a Informa\u00e7\u00f5es no Portal da Transpar\u00eancia, conforme Lei Complementar Federal N\u00ba 131/2009 (Lei da Transpar\u00eancia), Lei Federal N\u00ba 12.527/2011 (Lei de Acesso a Informa\u00e7\u00e3o)."}, {"id": "887", "ano": "2018", "numero": "2738", "tipo__sigla": "PLO", "tipo__descricao": "Projeto de Lei Ordin\u00e1ria", "autoria": "Walter Volpato", "texto_original": "http://sapl.sarandi.pr.leg.br/media/sapl/public/materialegislativa/2018/887/projeto_de_lei_no_2378-2018.pdf", "ementa": "ALTERA O ART. 5\u00ba, DA LEI N\u00ba 2425/2018, DE 11/07/2018, NA FORMA QUE ESPECIFICA."}, {"id": "888", "ano": "2018", "numero": "2739", "tipo__sigla": "PLO", "tipo__descricao": "Projeto de Lei Ordin\u00e1ria", "autoria": "Walter Volpato", "texto_original": "http://sapl.sarandi.pr.leg.br/media/sapl/public/materialegislativa/2018/888/projeto_de_lei_no_2739-2018.pdf", "ementa": "DISP\u00d5E SOBRE A ABERTURA DE CR\u00c9DITO ADICIONAL ESPECIAL NA FORMA QUE ESPECIFICA."}, {"id": "913", "ano": "2018", "numero": "2740", "tipo__sigla": "PLO", "tipo__descricao": "Projeto de Lei Ordin\u00e1ria", "autoria": "Walter Volpato", "texto_original": "http://sapl.sarandi.pr.leg.br/media/sapl/public/materialegislativa/2018/913/projeto_de_lei_no_2740-2018.pdf", "ementa": "AUTORIZA O CHEFE DO PODER EXECUTIVO DO MUNIC\u00cdPIO DE SARANDI A EFETUAR PERMUTA DE IM\u00d3VEIS E D\u00c1  OUTRAS PROVID\u00caNCIAS."}, {"id": "914", "ano": "2018", "numero": "2741", "tipo__sigla": "PLO", "tipo__descricao": "Projeto de Lei Ordin\u00e1ria", "autoria": "Eunildo Zanchim \"Nild\u00e3o\", Le\u00e3o", "texto_original": "http://sapl.sarandi.pr.leg.br/media/sapl/public/materialegislativa/2018/914/projeto_de_lei_no_2741-2018.pdf", "ementa": "D\u00c1 DENOMINA\u00c7\u00c3O \u00c1 RUA 33, SITUADA NOS JARDINS NOVA INDEPEND\u00caNCIA 1\u00aa PARTE, AURORA, AURORA 2, NA FORMA QUE ESPECIFICA."}, {"id": "915", "ano": "2018", "numero": "2742", "tipo__sigla": "PLO", "tipo__descricao": "Projeto de Lei Ordin\u00e1ria", "autoria": "Erasmo Cardoso Pereira \"Erasmo da Sa\u00fade\"", "texto_original": "http://sapl.sarandi.pr.leg.br/media/sapl/public/materialegislativa/2018/915/projeto_de_lei_no_2742-2018.pdf", "ementa": "DECLARA DE UTILIDADE P\u00daBLICA A ORGANIZA\u00c7\u00c3O SOCIAL CULTIVANDO O AMOR AO PR\u00d3XIMO - OSCAP."}, {"id": "952", "ano": "2018", "numero": "2743", "tipo__sigla": "PLO", "tipo__descricao": "Projeto de Lei Ordin\u00e1ria", "autoria": "Dionizio Aparecido Viaro \"Dionizio da Diocar\"", "texto_original": "http://sapl.sarandi.pr.leg.br/media/sapl/public/materialegislativa/2018/952/projeto_de_lei_no_2743-2018.pdf", "ementa": "DISP\u00d5E SOBRE A IMPLANTA\u00c7\u00c3O DE ECOPONTOS NO MUNIC\u00cdPIO DE SARANDI."}, {"id": "953", "ano": "2018", "numero": "2744", "tipo__sigla": "PLO", "tipo__descricao": "Projeto de Lei Ordin\u00e1ria", "autoria": "Walter Volpato", "texto_original": "http://sapl.sarandi.pr.leg.br/media/sapl/public/materialegislativa/2018/953/projeto_de_lei_no_2744-2018.pdf", "ementa": "AUTORIZA O MUNIC\u00cdPIO DE SARANDI A RECEBER BEM IM\u00d3VEL EM DOA\u00c7\u00c3O, NA FORMA QUE ESPECIFICA."}, {"id": "954", "ano": "2018", "numero": "2745", "tipo__sigla": "PLO", "tipo__descricao": "Projeto de Lei Ordin\u00e1ria", "autoria": "Walter Volpato", "texto_original": "http://sapl.sarandi.pr.leg.br/media/sapl/public/materialegislativa/2018/954/projeto_de_lei_no_2745-2018.pdf", "ementa": "DISCIPLINA O \u00a7 19 DO ARTIGO 85 DA LEI FEDERAL N\u00ba 13.105/2015 NO \u00c2MBITO DO MUNIC\u00cdPIO DE SARANDI E D\u00c1 OUTRAS PROVID\u00caNCIAS."}, {"id": "955", "ano": "2018", "numero": "2746", "tipo__sigla": "PLO", "tipo__descricao": "Projeto de Lei Ordin\u00e1ria", "autoria": "Eunildo Zanchim \"Nild\u00e3o\"", "texto_original": "http://sapl.sarandi.pr.leg.br/media/sapl/public/materialegislativa/2018/955/projeto_de_lei_no_2746-2018.pdf", "ementa": "DISP\u00d5E SOBRE A OBRIGATORIEDADE DOS NOVOS LOETAMENTOS E EMPREENDIMENTOS IMOBILI\u00c1RIOS NO MUNIC\u00cdPIO DE SARANDI DISPONIBILIZAREM PLACAS COM A  DENOMINA\u00c7\u00c3O, E TAMB\u00c9M A NUMERA\u00c7\u00c3O DO CEP - C\u00d3DIGO DE ENDERE\u00c7AMENTO POSTAL, EM TODAS AS ESQUINAS DE  VIAS URBANAS  E D\u00c1 OUTRAS PROVID\u00caNCIAS."}, {"id": "956", "ano": "2018", "numero": "2747", "tipo__sigla": "PLO", "tipo__descricao": "Projeto de Lei Ordin\u00e1ria", "autoria": "Walter Volpato", "texto_original": "http://sapl.sarandi.pr.leg.br/media/sapl/public/materialegislativa/2018/956/projeto_de_lei_no_2747-2018.pdf", "ementa": "DISP\u00d5E SOBRE A ALTERA\u00c7\u00c3O DOS ANEXOS DO PPA - PLANO PLURIANUAL DO MUNIC\u00cdPIO DE SARANDI DO QUADRI\u00caNIO 2018 A 2021, NA FORMA QUE ESPECIFICA."}, {"id": "957", "ano": "2018", "numero": "2748", "tipo__sigla": "PLO", "tipo__descricao": "Projeto de Lei Ordin\u00e1ria", "autoria": "Walter Volpato", "texto_original": "http://sapl.sarandi.pr.leg.br/media/sapl/public/materialegislativa/2018/957/projeto_de_lei_no_2848-2018.pdf", "ementa": "DISP\u00d5E SOBRE A ALTERA\u00c7\u00c3O DO ANEXO DE METAS E PRIORIDADES E ANEXO DE METAS FISCAIS DA LEI DE DIRETRIZES OR\u00c7AMENT\u00c1RIAS - LDO, DO EXERC\u00cdCIO DE 2019, NA  FORMA QUE ESPECIFICA."}, {"id": "958", "ano": "2018", "numero": "2749", "tipo__sigla": "PLO", "tipo__descricao": "Projeto de Lei Ordin\u00e1ria", "autoria": "Walter Volpato", "texto_original": "http://sapl.sarandi.pr.leg.br/media/sapl/public/materialegislativa/2018/958/projeto_de_lei_no_2749-2018.pdf", "ementa": "ESTIMA A RECEITA E FIXA A DESPESA DO MUNIC\u00cdPIO DE SARANDI PARA O EXERC\u00cdCIO DE 2019, NA FORMA QUE ESPECIFICA. (R$ 287.850.106,97 - DUZENTOS E OITENTA E SETE MILH\u00d5ES, OITOCENTOS E CINQUENTA MIL, CENTO E SEIS REAIS E NOVENTA E SETE CENTAVOS)."}, {"id": "971", "ano": "2018", "numero": "2750", "tipo__sigla": "PLO", "tipo__descricao": "Projeto de Lei Ordin\u00e1ria", "autoria": "Walter Volpato", "texto_original": "http://sapl.sarandi.pr.leg.br/media/sapl/public/materialegislativa/2018/971/projeto_de_lei_no_2750-2018.pdf", "ementa": "AUTORIZA O MUNIC\u00cdPIO DE SARANDI A RECEBER IM\u00d3VEL EM DOA\u00c7\u00c3O, NA FORMA QUE ESPECIFICA."}, {"id": "990", "ano": "2018", "numero": "2751", "tipo__sigla": "PLO", "tipo__descricao": "Projeto de Lei Ordin\u00e1ria", "autoria": "Dionizio Aparecido Viaro \"Dionizio da Diocar\"", "texto_original": "http://sapl.sarandi.pr.leg.br/media/sapl/public/materialegislativa/2018/990/projeto_de_lei_no_2751-2018.pdf", "ementa": "D\u00c1 DENOMINA\u00c7\u00c3O \u00c0 RUA 35, SITUADA NOS JARDINS NOVA INDEPEND\u00caNCIA 1\u00aa PARTE, AURORA, AURORA 2 e AURORA 3, NA FORMA QUE ESPECIFICA. \r\n\"RUA LUCAS PAL\u00c1CIO BARBOSA\"."}, {"id": "1002", "ano": "2018", "numero": "2752", "tipo__sigla": "PLO", "tipo__descricao": "Projeto de Lei Ordin\u00e1ria", "autoria": "Walter Volpato", "texto_original": "http://sapl.sarandi.pr.leg.br/media/sapl/public/materialegislativa/2018/1002/projeto_de_lei_no_2752-2018.pdf", "ementa": "ALTERA O ARTIGO 2\u00ba DA LEI N\u00ba 977/2002, DE 08/04/2002, NA FORMA QUE ESPECIFICA."}, {"id": "1003", "ano": "2018", "numero": "2753", "tipo__sigla": "PLO", "tipo__descricao": "Projeto de Lei Ordin\u00e1ria", "autoria": "Eunildo Zanchim \"Nild\u00e3o\"", "texto_original": "http://sapl.sarandi.pr.leg.br/media/sapl/public/materialegislativa/2018/1003/projeto_de_lei_no_2753-2018.pdf", "ementa": "DISP\u00d5E SOBRE A CONCESS\u00c3O E A MANUTEN\u00c7\u00c3O DO T\u00cdTULO DE UTILIDADE P\u00daBLICA A ENTIDADES NO MUNIC\u00cdPIO DE SARANDI, ESTADO DO PARAN\u00c1."}, {"id": "1004", "ano": "2018", "numero": "2754", "tipo__sigla": "PLO", "tipo__descricao": "Projeto de Lei Ordin\u00e1ria", "autoria": "Walter Volpato", "texto_original": "http://sapl.sarandi.pr.leg.br/media/sapl/public/materialegislativa/2018/1004/projeto_de_lei_no_2754-2018.pdf", "ementa": "INSTITUI NO CALEND\u00c1RIO OFICIAL DE EVENTOS DO MUNIC\u00cdPIO DE SARANDI A \"CORRIDA 12 DE OUTUBRO\" E D\u00c1 OUTRAS PROVID\u00caNCIAS."}, {"id": "1005", "ano": "2018", "numero": "2755", "tipo__sigla": "PLO", "tipo__descricao": "Projeto de Lei Ordin\u00e1ria", "autoria": "Eliana Trautwein Santiago", "texto_original": "http://sapl.sarandi.pr.leg.br/media/sapl/public/materialegislativa/2018/1005/projeto_de_lei_no_2755-2018.pdf", "ementa": "DISP\u00d5E SOBRE A INSER\u00c7\u00c3O DO S\u00cdMBOLO MUNDIAL DA CONSCIENTIZA\u00c7\u00c3O DO TRANSTORNO DO ESPECTRO AUTISTA NAS PLACAS INFORMATIVAS DE ATENDIMENTO PRIORIT\u00c1RIO DOS ESTABELECIMENTOS P\u00daBLICOS E PRIVADOS DO MUNIC\u00cdPIO DE SARANDI."}, {"id": "1017", "ano": "2018", "numero": "2756", "tipo__sigla": "PLO", "tipo__descricao": "Projeto de Lei Ordin\u00e1ria", "autoria": "Erasmo Cardoso Pereira \"Erasmo da Sa\u00fade\"", "texto_original": "http://sapl.sarandi.pr.leg.br/media/sapl/public/materialegislativa/2018/1017/projeto_de_lei_no_2756-2018.pdf", "ementa": "DISP\u00d5E SOBRE A PROIBI\u00c7\u00c3O, EM GERAL, DE EVENTOS DE NATUREZA ANIMAL NO MUNIC\u00cdPIO DE SARANDI-PR, SEM PR\u00c9VIO DO COBEM - CONSELHO MUNICIPAL DE PROTE\u00c7\u00c3O E BEM ESTAR ANIMAL."}, {"id": "1018", "ano": "2018", "numero": "2757", "tipo__sigla": "PLO", "tipo__descricao": "Projeto de Lei Ordin\u00e1ria", "autoria": "Walter Volpato", "texto_original": "http://sapl.sarandi.pr.leg.br/media/sapl/public/materialegislativa/2018/1018/projeto_de_lei_no_2757-2018.pdf", "ementa": "AUTORIZA O PODER EXECUTIVO MUNICIPAL A CONCEDER DIREITO REAL DE USO DE IM\u00d3VEL PERTENCENTE \u00c0 MUNICIPALIDADE, NA FORMA QUE ESPECIFICA."}, {"id": "1041", "ano": "2018", "numero": "2758", "tipo__sigla": "PLO", "tipo__descricao": "Projeto de Lei Ordin\u00e1ria", "autoria": "Eunildo Zanchim \"Nild\u00e3o\", Eliana Trautwein Santiago", "texto_original": "http://sapl.sarandi.pr.leg.br/media/sapl/public/materialegislativa/2018/1041/projeto_de_lei_no_2758-2018.pdf", "ementa": "DISP\u00d5E SOBRE A PROIBI\u00c7\u00c3O DE INAUGURA\u00c7\u00c3O E OU ENTREGA DE OBRAS P\u00daBLICAS INACABADAS OU QUE N\u00c3O ESTEJAM EM CONDI\u00c7\u00d5ES DE ATENDER AOS FINS A QUE SE DESTINAM."}, {"id": "1031", "ano": "2018", "numero": "2759", "tipo__sigla": "PLO", "tipo__descricao": "Projeto de Lei Ordin\u00e1ria", "autoria": "Walter Volpato", "texto_original": "http://sapl.sarandi.pr.leg.br/media/sapl/public/materialegislativa/2018/1031/projeto_de_lei_no_2759-2018.pdf", "ementa": "RATIFICA AS ALTERA\u00c7\u00d5ES REALIZADAS NO PROTOCOLO DE INTEN\u00c7\u00d5ES DO CONS\u00d3RCIO P\u00daBLICO INTERMUNICIPAL DE GEST\u00c3O DA AMUSEP - PROAMUSEP, E D\u00c1 OUTRAS PROVID\u00caNCIAS."}, {"id": "1042", "ano": "2018", "numero": "2760", "tipo__sigla": "PLO", "tipo__descricao": "Projeto de Lei Ordin\u00e1ria", "autoria": "Eunildo Zanchim \"Nild\u00e3o\"", "texto_original": "http://sapl.sarandi.pr.leg.br/media/sapl/public/materialegislativa/2018/1042/projeto_de_lei_no_2760-2018-ilovepdf-compressed.pdf", "ementa": "DECLARA DE UTILIDADE P\u00daBLICA A CASA DE ORA\u00c7\u00c3O PENTECOSTAL REINO E JUSTI\u00c7A MIST\u00c9RIO JESUS \u00c9 A CHAVE."}, {"id": "1046", "ano": "2018", "numero": "2761", "tipo__sigla": "PLO", "tipo__descricao": "Projeto de Lei Ordin\u00e1ria", "autoria": "Walter Volpato", "texto_original": "http://sapl.sarandi.pr.leg.br/media/sapl/public/materialegislativa/2018/1046/projeto_de_lei_no_2761-2018.pdf", "ementa": "DISP\u00d5E SOBRE O PARCELAMENTO DE D\u00c9BITOS DO MUNIC\u00cdPIO DE SARANDI COM A CAIXA DE APOSENTADORIA E PENS\u00c3O DOS SERVIDORES MUNICIPAIS DE SARANDI."}, {"id": "1047", "ano": "2018", "numero": "2762", "tipo__sigla": "PLO", "tipo__descricao": "Projeto de Lei Ordin\u00e1ria", "autoria": "Le\u00e3o", "texto_original": "http://sapl.sarandi.pr.leg.br/media/sapl/public/materialegislativa/2018/1047/projeto_de_lei_no__2762-2018.pdf", "ementa": "D\u00c1 DENOMINA\u00c7\u00c3O \u00c0 RUA PROJETADA S, SITUADA NO JARDIM OURO VERDE III, NA FORMA QUE ESPECIFICA. \"RUA LAZO PINTO DA SILVA\"."}, {"id": "1048", "ano": "2018", "numero": "2763", "tipo__sigla": "PLO", "tipo__descricao": "Projeto de Lei Ordin\u00e1ria", "autoria": "Le\u00e3o", "texto_original": "http://sapl.sarandi.pr.leg.br/media/sapl/public/materialegislativa/2018/1048/projeto_de_lei_no_2763-2018.pdf", "ementa": "D\u00c1 DENOMINA\u00c7\u00c3O \u00c0 RUA 12, SITUADA NOS JARDINS OURO VERDE III e IV, NA FORMA QUE ESPECIFICA. \"RUA FRANCISCO PINTO DA SILVA\"."}, {"id": "1102", "ano": "2018", "numero": "2764", "tipo__sigla": "PLO", "tipo__descricao": "Projeto de Lei Ordin\u00e1ria", "autoria": "Walter Volpato", "texto_original": "http://sapl.sarandi.pr.leg.br/media/sapl/public/materialegislativa/2018/1102/projeto_de_lei_no_2764-2018.pdf", "ementa": "DISP\u00d5E SOBRE TRANSPOSI\u00c7\u00c3O OR\u00c7AMENT\u00c1RIA E FINANCEIRA DO PODER LEGISLATIVO PARA O PODER EXECUTIVO, NA FORMA QUE ESPECIFICA. NO VALOR DE R$. 1.900.000,00."}, {"id": "1104", "ano": "2018", "numero": "2765", "tipo__sigla": "PLO", "tipo__descricao": "Projeto de Lei Ordin\u00e1ria", "autoria": "Walter Volpato", "texto_original": "http://sapl.sarandi.pr.leg.br/media/sapl/public/materialegislativa/2018/1104/projeto_de_lei_no_2765-2018.pdf", "ementa": "INSTITUI O DI\u00c1RIO OFICIAL DOS MUNIC\u00cdPIOS DO PARAN\u00c1 COMO VE\u00cdCULO OFICIAL DE COMUNICA\u00c7\u00c3O, PUBLICIDADE E DIVULGA\u00c7\u00c3O DOS ATOS NORMATIVOS E ADMINISTRATIVOS DO MUNIC\u00cdPIO DE SARANDI."}, {"id": "1128", "ano": "2018", "numero": "2766", "tipo__sigla": "PLO", "tipo__descricao": "Projeto de Lei Ordin\u00e1ria", "autoria": "Mineirinho", "texto_original": "http://sapl.sarandi.pr.leg.br/media/sapl/public/materialegislativa/2018/1128/projeto_de_lei_no_2766-2018.pdf", "ementa": "D\u00c1 DENOMINA\u00c7\u00c3O \u00c1 RUA 9320, SITUADA NO LOTEAMENTO ECOVALLEY, NA FORMA QUE ESPECIFICA.  \"RUA PROFESSORA LOURDES DE MORAES ROSA\"."}, {"id": "1140", "ano": "2018", "numero": "2767", "tipo__sigla": "PLO", "tipo__descricao": "Projeto de Lei Ordin\u00e1ria", "autoria": "Walter Volpato", "texto_original": "http://sapl.sarandi.pr.leg.br/media/sapl/public/materialegislativa/2018/1140/projeto_de_lei_no_2767-2018.pdf", "ementa": "INSTITUI O PROGRAMA MUNICIPAL DE PARCERIAS P\u00daBLICO-PRIVADAS - PPP, E D\u00c1 OUTRAS PROVID\u00caNCIAS."}, {"id": "1143", "ano": "2018", "numero": "2768", "tipo__sigla": "PLO", "tipo__descricao": "Projeto de Lei Ordin\u00e1ria", "autoria": "Walter Volpato", "texto_original": "http://sapl.sarandi.pr.leg.br/media/sapl/public/materialegislativa/2018/1143/projeto_de_lei_no_2768-2018.pdf", "ementa": "CRIA PARQUE ECOL\u00d3GICO/FLORESTAL NO MUNIC\u00cdPIO, NA FORMA QUE ESPECIFICA. \"PAPA JO\u00c3O PAULO II\"."}, {"id": "1144", "ano": "2018", "numero": "2769", "tipo__sigla": "PLO", "tipo__descricao": "Projeto de Lei Ordin\u00e1ria", "autoria": "Walter Volpato", "texto_original": "http://sapl.sarandi.pr.leg.br/media/sapl/public/materialegislativa/2018/1144/projeto_de_lei_no_2769-2018.pdf", "ementa": "AUTORIZA O PODER EXECUTIVO MUNICIPAL A EFETUAR A COBRAN\u00c7A DE CONTRIBUI\u00c7\u00c3O DE MELHORIA EM DECORR\u00caNCIA DE EXECU\u00c7\u00c3O DE PAVIMENTA\u00c7\u00c3O ASF\u00c1LTICA NA RUA FRANCISCO DE ALMEIDA."}, {"id": "1145", "ano": "2018", "numero": "2770", "tipo__sigla": "PLO", "tipo__descricao": "Projeto de Lei Ordin\u00e1ria", "autoria": "Walter Volpato", "texto_original": "http://sapl.sarandi.pr.leg.br/media/sapl/public/materialegislativa/2018/1145/projeto_de_lei_no_2770-2018.pdf", "ementa": "AUTORIZA O PODER EXECUTIVO MUNICIPAL A EFETUAR A COBRAN\u00c7A DE CONTRIBUI\u00c7\u00c3O DE MELHORIA EM DECORR\u00caNCIA DE EXECU\u00c7\u00c3O DE PAVIMENTA\u00c7\u00c3O ASF\u00c1LTICA NO JARDIM NOVO BERTIOGA."}, {"id": "1146", "ano": "2018", "numero": "2771", "tipo__sigla": "PLO", "tipo__descricao": "Projeto de Lei Ordin\u00e1ria", "autoria": "Walter Volpato", "texto_original": "http://sapl.sarandi.pr.leg.br/media/sapl/public/materialegislativa/2018/1146/projeto_de_lei_no_2771-2018.pdf", "ementa": "AUTORIZA O PODER EXECUTIVO MUNICIPAL A EFETUAR A COBRAN\u00c7A DE CONTRIBUI\u00c7\u00c3O DE MELHORIA EM DECORR\u00caNCIA DE EXECU\u00c7\u00c3O DE PAVIMENTA\u00c7\u00c3O ASF\u00c1LTICA NO PARQUE RESIDENCIAL SANTANA E JARDIM CASTELO."}, {"id": "1147", "ano": "2018", "numero": "2772", "tipo__sigla": "PLO", "tipo__descricao": "Projeto de Lei Ordin\u00e1ria", "autoria": "Le\u00e3o", "texto_original": "http://sapl.sarandi.pr.leg.br/media/sapl/public/materialegislativa/2018/1147/projeto_de_lei_no_2772-2018.pdf", "ementa": "D\u00c1 DENOMINA\u00c7\u00c3O \u00c0 RUA PROJETADA \"E\", SITUADA NOS JARDINS S\u00c3O PAULO II E CANAD\u00c1, NA FORMA QUE ESPECIFICA. \" RUA M\u00c1RIO PILLEGGI\"."}, {"id": "1148", "ano": "2018", "numero": "2773", "tipo__sigla": "PLO", "tipo__descricao": "Projeto de Lei Ordin\u00e1ria", "autoria": "Walter Volpato", "texto_original": "http://sapl.sarandi.pr.leg.br/media/sapl/public/materialegislativa/2018/1148/projeto_de_lei_no_2773-2018.pdf", "ementa": "AUTORIZA O PODER EXECUTIVO MUNICIPAL A EFETUAR A COBRAN\u00c7A DE CONTRIBUI\u00c7\u00c3O DE MELHORIA EM DECORR\u00caNCIA DE EXECU\u00c7\u00c3O DE PAVIMENTA\u00c7\u00c3O ASF\u00c1LTICA, REVESTIMENTO EM CBUQ COM 03 CM, CONSTANTE DO EDITAL DE CONTRIBUI\u00c7\u00c3O DE MELHORIA N\u00b0003/2017."}, {"id": "1149", "ano": "2018", "numero": "2774", "tipo__sigla": "PLO", "tipo__descricao": "Projeto de Lei Ordin\u00e1ria", "autoria": "Walter Volpato", "texto_original": "http://sapl.sarandi.pr.leg.br/media/sapl/public/materialegislativa/2018/1149/projeto_de_lei_no_2774-2018.pdf", "ementa": "AUTORIZA O PODER EXECUTIVO MUNICIPAL A EFETUAR A COBRAN\u00c7A DE CONTRIBUI\u00c7\u00c3O DE MELHORIA EM DECORR\u00caNCIA DE EXECU\u00c7\u00c3O DE PAVIMENTA\u00c7\u00c3O ASF\u00c1LTICA, REVESTIMENTO EM CBUQ COM 3,5 CM, CONSTANTE DO EDITAL DE CONTRIBUI\u00c7\u00c3O DE MELHORIA N\u00b0 001/2018."}, {"id": "1175", "ano": "2018", "numero": "2775", "tipo__sigla": "PLO", "tipo__descricao": "Projeto de Lei Ordin\u00e1ria", "autoria": "Walter Volpato", "texto_original": "http://sapl.sarandi.pr.leg.br/media/sapl/public/materialegislativa/2018/1175/projeto_de_lei_no_2775-2018.pdf", "ementa": "DISP\u00d5E SOBRE A ABERTURA DE CR\u00c9DITO ADICIONAL ESPECIAL E D\u00c1 OUTRAS PROVID\u00caNCIAS. NO VALOR DE R$.500,00."}, {"id": "1177", "ano": "2018", "numero": "2776", "tipo__sigla": "PLO", "tipo__descricao": "Projeto de Lei Ordin\u00e1ria", "autoria": "Eunildo Zanchim \"Nild\u00e3o\"", "texto_original": "http://sapl.sarandi.pr.leg.br/media/sapl/public/materialegislativa/2018/1177/projeto_de_lei_no_2776-2018.pdf", "ementa": "D\u00c1 DENOMINA\u00c7\u00c3O \u00c1 RUA 9316, SITUADA NO LOTEAMENTO ECOVALLEY, NA FORMA QUE ESPECIFICA. \"RUA MARCELO ARA\u00daJO BRITO\"."}, {"id": "1178", "ano": "2018", "numero": "2777", "tipo__sigla": "PLO", "tipo__descricao": "Projeto de Lei Ordin\u00e1ria", "autoria": "Walter Volpato", "texto_original": "http://sapl.sarandi.pr.leg.br/media/sapl/public/materialegislativa/2018/1178/projeto_de_lei_no_2777-2018.pdf", "ementa": "REVOGA A LEI MUNICIPAL N\u00ba 2314, DE 20 DE MAR\u00c7O DE 2017, QUE DISP\u00d5E SOBRE AUTORIZA\u00c7\u00c3O PARA CESS\u00c3O DE \u00d4NIBUS DA MUNICIPALIDADE, DE FORMA GRATUITA, PARA O TRANSPORTE DE ALUNOS, NA FORMA QUE ESPECIFICA."}, {"id": "1179", "ano": "2018", "numero": "2778", "tipo__sigla": "PLO", "tipo__descricao": "Projeto de Lei Ordin\u00e1ria", "autoria": "Walter Volpato", "texto_original": "http://sapl.sarandi.pr.leg.br/media/sapl/public/materialegislativa/2018/1179/projeto_de_lei_no_2778-2018.pdf", "ementa": "AUTORIZA O PODER EXECUTIVO MUNICIPAL A CONCEDER DIREITO REAL DE USO DE IM\u00d3VEL PERTENCENTE \u00c0 MUNICIPALIDADE, NA FORMA QUE ESPECIFICA. \r\n\"IGREJA PENTECOSTAL DEUS \u00c9 AMOR\"."}, {"id": "825", "ano": "2018", "numero": "1", "tipo__sigla": "PRE", "tipo__descricao": "Projeto de Resolu\u00e7\u00e3o", "autoria": "Mesa Diretora", "texto_original": "http://sapl.sarandi.pr.leg.br/media/sapl/public/materialegislativa/2018/825/projeto_de_resolucao_no_001-2018.pdf", "ementa": "CRIA O REGISTRO DE FRENTES PARLAMENTARES NA C\u00c2MARA MUNICIPAL DE SARANDI, ESTADO DO PARAN\u00c1."}, {"id": "891", "ano": "2018", "numero": "2", "tipo__sigla": "PRE", "tipo__descricao": "Projeto de Resolu\u00e7\u00e3o", "autoria": "Mesa Diretora", "texto_original": "http://sapl.sarandi.pr.leg.br/media/sapl/public/materialegislativa/2018/891/projeto_de_resolucao_no_002.2018.pdf", "ementa": "REGULAMENTA A UTILIZA\u00c7\u00c3O DO PLEN\u00c1RIO DA C\u00c2MARA DE VEREADORES POR TERCEIROS E D\u00c1 OUTROS PROCEDIMENTOS."}, {"id": "892", "ano": "2018", "numero": "3", "tipo__sigla": "PRE", "tipo__descricao": "Projeto de Resolu\u00e7\u00e3o", "autoria": "Mesa Diretora", "texto_original": "http://sapl.sarandi.pr.leg.br/media/sapl/public/materialegislativa/2018/892/projeto_de_resolucao_no_003.2018.pdf", "ementa": "Altera a Resolu\u00e7\u00e3o N\u00b0 002/2017, disp\u00f5e sobre a redefini\u00e7\u00e3o da estrutura organizacional da C\u00e2mara Municipal de Sarandi, e d\u00e1 outras provid\u00eancias."}, {"id": "598", "ano": "2018", "numero": "1", "tipo__sigla": "REQ", "tipo__descricao": "Requerimento", "autoria": "Eunildo Zanchim \"Nild\u00e3o\"", "texto_original": "http://sapl.sarandi.pr.leg.br/media/./sapl/public/materialegislativa/2018/598/598_texto_integral.pdf", "ementa": "SOLICITA A DISPENSA DE INTERST\u00cdCIO DE TERCEIRA DISCUSS\u00c3O E VOTA\u00c7\u00c3O, DO PROJETO DE LEI N\u00ba 2688/2018, DO PODER EXECUTIVO MUNICIPAL. "}, {"id": "599", "ano": "2018", "numero": "2", "tipo__sigla": "REQ", "tipo__descricao": "Requerimento", "autoria": "Eunildo Zanchim \"Nild\u00e3o\"", "texto_original": "http://sapl.sarandi.pr.leg.br/media/./sapl/public/materialegislativa/2018/599/599_texto_integral.pdf", "ementa": "SOLICITA A DISPENSA DE INTERST\u00cdCIO DE TERCEIRA DISCUSS\u00c3O E VOTA\u00c7\u00c3O, DO PROJETO DE LEI N\u00ba 2689/2018, DO PODER EXECUTIVO MUNICIPAL."}, {"id": "600", "ano": "2018", "numero": "3", "tipo__sigla": "REQ", "tipo__descricao": "Requerimento", "autoria": "Eunildo Zanchim \"Nild\u00e3o\"", "texto_original": "http://sapl.sarandi.pr.leg.br/media/./sapl/public/materialegislativa/2018/600/600_texto_integral.pdf", "ementa": "SOLICITA A DISPENSA DE INTERST\u00cdCIO DE TERCEIRA DISCUSS\u00c3O E VOTA\u00c7\u00c3O, E AINDA A APROVA\u00c7\u00c3O DA REDA\u00c7\u00c3O FINAL,  DO PROJETO DE LEI N\u00ba 2690/2018, DO PODER EXECUTIVO MUNICIPAL."}, {"id": "601", "ano": "2018", "numero": "4", "tipo__sigla": "REQ", "tipo__descricao": "Requerimento", "autoria": "Eunildo Zanchim \"Nild\u00e3o\"", "texto_original": "http://sapl.sarandi.pr.leg.br/media/./sapl/public/materialegislativa/2018/601/601_texto_integral.pdf", "ementa": "SOLICITA A DISPENSA DE INTERST\u00cdCIO DE TERCEIRA DISCUSS\u00c3O E VOTA\u00c7\u00c3O, E AINDA A APROVA\u00c7\u00c3O DA REDA\u00c7\u00c3O FINAL,  DO PROJETO DE LEI N\u00ba 2691/2018, DO PODER EXECUTIVO MUNICIPAL."}, {"id": "602", "ano": "2018", "numero": "5", "tipo__sigla": "REQ", "tipo__descricao": "Requerimento", "autoria": "Eunildo Zanchim \"Nild\u00e3o\"", "texto_original": "http://sapl.sarandi.pr.leg.br/media/./sapl/public/materialegislativa/2018/602/602_texto_integral.pdf", "ementa": "SOLICITA A DISPENSA DE INTERST\u00cdCIO DE TERCEIRA DISCUSS\u00c3O E VOTA\u00c7\u00c3O, DO PROJETO DE LEI N\u00ba 2692/2018, DO PODER EXECUTIVO MUNICIPAL."}, {"id": "603", "ano": "2018", "numero": "6", "tipo__sigla": "REQ", "tipo__descricao": "Requerimento", "autoria": "Eunildo Zanchim \"Nild\u00e3o\"", "texto_original": "http://sapl.sarandi.pr.leg.br/media/./sapl/public/materialegislativa/2018/603/603_texto_integral.pdf", "ementa": "SOLICITA A DISPENSA DE INTERST\u00cdCIO DE TERCEIRA DISCUSS\u00c3O E VOTA\u00c7\u00c3O, DO PROJETO DE LEI N\u00ba 2693/2018, DO PODER EXECUTIVO MUNICIPAL."}, {"id": "604", "ano": "2018", "numero": "7", "tipo__sigla": "REQ", "tipo__descricao": "Requerimento", "autoria": "Eunildo Zanchim \"Nild\u00e3o\"", "texto_original": "http://sapl.sarandi.pr.leg.br/media/./sapl/public/materialegislativa/2018/604/604_texto_integral.pdf", "ementa": "SOLICITA A DISPENSA DE INTERST\u00cdCIO DE TERCEIRA DISCUSS\u00c3O E VOTA\u00c7\u00c3O, DO PROJETO DE LEI COMPLEMENTAR  N\u00ba 469/2018, DO PODER EXECUTIVO MUNICIPAL."}, {"id": "615", "ano": "2018", "numero": "8", "tipo__sigla": "REQ", "tipo__descricao": "Requerimento", "autoria": "Cilas Morais", "texto_original": "http://sapl.sarandi.pr.leg.br/media/./sapl/public/materialegislativa/2018/615/615_texto_integral.pdf", "ementa": "OF\u00cdCIO AO SENHOR PREFEITO, SOLICITANDO QUE INFORME A ESTA CASA DE LEIS, SE EXISTE PREVIS\u00c3O OU MESMO ESTUDOS NO SENTIDO DE PROCEDER A ABERTURA DE CONCURSO P\u00daBLICO, PARA A CONTRATA\u00c7\u00c3O DE DIVERSAS ESPECIALIDADES M\u00c9DICAS QUE SE ENCONTRAM EM FALTA NO MUNIC\u00cdPIO, BEM COMO PARA CARGOS DIVERSOS DE N\u00cdVEL M\u00c9DIO.  "}, {"id": "616", "ano": "2018", "numero": "9", "tipo__sigla": "REQ", "tipo__descricao": "Requerimento", "autoria": "Eunildo Zanchim \"Nild\u00e3o\"", "texto_original": "http://sapl.sarandi.pr.leg.br/media/./sapl/public/materialegislativa/2018/616/616_texto_integral.pdf", "ementa": "OF\u00cdCIO AO SENHOR PREFEITO, SOLICITANDO QUE TOME AS DEVIDAS PROVID\u00caNCIAS NO SENTIDO DE VIABILIZAR A REALIZA\u00c7\u00c3O DE TESTE DE ACUIDADE AUDITIVA, ATRAV\u00c9S DA SECRETARIA MUNICIPAL DE SA\u00daDE, PARA OS ALUNOS DA REDE MUNICIPAL DE ENSINO DE SARANDI. "}, {"id": "617", "ano": "2018", "numero": "10", "tipo__sigla": "REQ", "tipo__descricao": "Requerimento", "autoria": "Mineirinho", "texto_original": "http://sapl.sarandi.pr.leg.br/media/./sapl/public/materialegislativa/2018/617/617_texto_integral.pdf", "ementa": "OF\u00cdCIO AO SENHOR PREFEITO, SOLICITANDO QUE ENCAMINHE A ESTA CASA DE LEIS, C\u00d3PIAS DE CAPA A CAPA DOS PROCESSOS LICITAT\u00d3RIOS DE METAL\u00daRGICA, VIDRA\u00c7ARIA, INFORM\u00c1TICA E DE MARMITEX, JUNTAMENTE COM OS EMPENHOS, COMPROVANTES DE PAGAMENTOS E NADS DAS MESMAS.  "}, {"id": "618", "ano": "2018", "numero": "11", "tipo__sigla": "REQ", "tipo__descricao": "Requerimento", "autoria": "Erasmo Cardoso Pereira \"Erasmo da Sa\u00fade\"", "texto_original": "http://sapl.sarandi.pr.leg.br/media/./sapl/public/materialegislativa/2018/618/618_texto_integral.pdf", "ementa": "OF\u00cdCIO AO SENHOR PREFEITO, SOLICITANDO QUE COLOQUE EM PR\u00c1TICA A LEI MUNICIPAL N\u00ba 2051/2013, DE 09.12.2013, A QUAL TORNA OBRIGAT\u00d3RIA A DISPONIBILIZA\u00c7\u00c3O DE INFORMA\u00c7\u00d5ES SOBRE O TIPO DE ATENDIMENTO OFERECIDO PELOS \u00d3RG\u00c3OS OU SETORES DA ADMINISTRA\u00c7\u00c3O MUNICIPAL DE SARANDI E D\u00c1 OUTRAS PROVID\u00caNCIAS."}, {"id": "619", "ano": "2018", "numero": "12", "tipo__sigla": "REQ", "tipo__descricao": "Requerimento", "autoria": "Aparecido Antonio", "texto_original": "http://sapl.sarandi.pr.leg.br/media/./sapl/public/materialegislativa/2018/619/619_texto_integral.pdf", "ementa": "OF\u00cdCIOS AO SENHOR PREFEITO E AO SUPERINTENDENTE DA AUTARQUIA DE \u00c1GUAS DE SARANDI, SOLICITANDO QUE INFORME A ESTA CASA DE LEIS QUAIS OS MOTIVOS DA CONSTANTE FALTA DE \u00c1GUA NO JARDIM CALIF\u00d3RNIA, SEMPRE NO PER\u00cdODO COMPREENDIDO ENTRE AS 14:00 HORAS E \u00c0S 03:00 HORAS DA MADRUGADA DO DIA SEGUINTE.  "}, {"id": "620", "ano": "2018", "numero": "13", "tipo__sigla": "REQ", "tipo__descricao": "Requerimento", "autoria": "Le\u00e3o", "texto_original": "http://sapl.sarandi.pr.leg.br/media/./sapl/public/materialegislativa/2018/620/620_texto_integral.pdf", "ementa": "OF\u00cdCIO AO SENHOR PREFEITO, SOLICITANDO QUE PROCEDA IN\u00cdCIO A CONSTRU\u00c7\u00c3O DE NOVOS ESTACIONAMENTOS PARA VE\u00cdCULOS E MOTOS AO REDOR DOS VIADUTOS NAS AVENIDAS ADEMAR BORNIA E ANTONIO VOLPATO."}, {"id": "622", "ano": "2018", "numero": "14", "tipo__sigla": "REQ", "tipo__descricao": "Requerimento", "autoria": "Mineirinho", "texto_original": "http://sapl.sarandi.pr.leg.br/media/./sapl/public/materialegislativa/2018/622/622_texto_integral.pdf", "ementa": "OF\u00cdCIO AO SERVIDOR P\u00daBLICO MUNICIPAL JO\u00c3O ARGEMIRO COLDEBELLA, MEC\u00c2NICO - CONVOCANDO-O A COMPARECER NA SESS\u00c3O ORDIN\u00c1RIA DO DIA 26 DE FEVEREIRO DE 2018, PARA PRESTAR ESCLARECIMENTOS/INFORMA\u00c7\u00d5ES SOBE A FISCALIZA\u00c7\u00c3O DA MANUTEN\u00c7\u00c3O DE OFICINAS DE VE\u00cdCULOS DA FROTA MUNICIPAL. "}, {"id": "624", "ano": "2018", "numero": "15", "tipo__sigla": "REQ", "tipo__descricao": "Requerimento", "autoria": "Eunildo Zanchim \"Nild\u00e3o\"", "texto_original": "http://sapl.sarandi.pr.leg.br/media/./sapl/public/materialegislativa/2018/624/624_texto_integral.pdf", "ementa": "SOLICITA A INCLUS\u00c3O NA ORDEM DO DIA DA SESS\u00c3O ORDIN\u00c1RIA DO DIA 19 DE FEVEREIRO DE 2018, DO PROJETO DE LEI N\u00ba 2700/2018, DO PODER EXECUTIVO MUNICIPAL. "}, {"id": "625", "ano": "2018", "numero": "16", "tipo__sigla": "REQ", "tipo__descricao": "Requerimento", "autoria": "Eunildo Zanchim \"Nild\u00e3o\"", "texto_original": "http://sapl.sarandi.pr.leg.br/media/./sapl/public/materialegislativa/2018/625/625_texto_integral.pdf", "ementa": "SOLICITA A DISPENSA DE INTERST\u00cdCIO DE TERCEIRA DISCUSS\u00c3O E VOTA\u00c7\u00c3O, DO PROJETO DE LEI N\u00ba 2700/2018, DO PODER EXECUTIVO MUNICIPAL. "}, {"id": "627", "ano": "2018", "numero": "17", "tipo__sigla": "REQ", "tipo__descricao": "Requerimento", "autoria": "Cilas Morais", "texto_original": "http://sapl.sarandi.pr.leg.br/media/./sapl/public/materialegislativa/2018/627/627_texto_integral.pdf", "ementa": " OF\u00cdCIO AO SENHOR PREFEITO, SOLICITANDO QUE PROVIDENCIE A IMPLANTA\u00c7\u00c3O DE UMA GRELHA PARA O ESCOAMENTO DE \u00c1GUAS PLUVIAIS NA AVENIDA JO\u00c3O MARANGONI ENTRE AS AVENIDAS FEL\u00cdCIO TURQUINO E DEPUTADO BORSARI NETO. "}, {"id": "628", "ano": "2018", "numero": "18", "tipo__sigla": "REQ", "tipo__descricao": "Requerimento", "autoria": "Eunildo Zanchim \"Nild\u00e3o\"", "texto_original": "http://sapl.sarandi.pr.leg.br/media/./sapl/public/materialegislativa/2018/628/628_texto_integral.pdf", "ementa": " OF\u00cdCIO AO SENHOR PREFEITO, SOLICITANDO ESTUDOS NO SENTIDO ESTAR INFORMATIZANDO O CART\u00c3O DE VACINA\u00c7\u00c3O"}, {"id": "629", "ano": "2018", "numero": "19", "tipo__sigla": "REQ", "tipo__descricao": "Requerimento", "autoria": "Mineirinho", "texto_original": "http://sapl.sarandi.pr.leg.br/media/./sapl/public/materialegislativa/2018/629/629_texto_integral.pdf", "ementa": "OF\u00cdCIO AO SENHOR PREFEITO, SOLICITANDO QUE TORNE P\u00daBLICO ATRAV\u00c9S DO PORTAL DA TRANSPAR\u00caNCIA E DO \u00d3RG\u00c3O OFICIAL DO MUNIC\u00cdPIO, DO NOME E ENDERE\u00c7O DO COMPRADOR DO VE\u00cdCULO FORD FUSION LEILOADO PELA ATUAL ADMINISTRA\u00c7\u00c3O. "}, {"id": "630", "ano": "2018", "numero": "20", "tipo__sigla": "REQ", "tipo__descricao": "Requerimento", "autoria": "Gilberto Messias de Pinas \"Gil\"", "texto_original": "http://sapl.sarandi.pr.leg.br/media/./sapl/public/materialegislativa/2018/630/630_texto_integral.pdf", "ementa": " OF\u00cdCIO AO SENHOR PREFEITO, SOLICITANDO QUE MANTENHA ENTENDIMENTOS COM A DIRE\u00c7\u00c3O DA EMPRESA QUE EXPLORA A LINHA F\u00c9RREA QUE CORTA O MUNIC\u00cdPIO DE SARANDI, VISANDO A IMPLANTA\u00c7\u00c3O DE CANCELAS SONORIZADAS EM TODOS OS CRUZAMENTOS COM A VIAS P\u00daBLICAS DE NOSSA CIDADE. "}, {"id": "631", "ano": "2018", "numero": "21", "tipo__sigla": "REQ", "tipo__descricao": "Requerimento", "autoria": "Aparecido Antonio", "texto_original": "http://sapl.sarandi.pr.leg.br/media/./sapl/public/materialegislativa/2018/631/631_texto_integral.pdf", "ementa": "OF\u00cdCIO AO SENHOR PREFEITO, SOLICITANDO QUE MANTENHA ENTENDIMENTOS JUNTO AO COMANDO DO CORPO DE BOMBEIROS DE SARANDI, ESTUDOS PARA QUE AQUELE \u00d3RG\u00c3O VENHA RECEBER LIGA\u00c7\u00d5ES DE EMERG\u00caNCIA PARA O TELEFONE 193, ATRAV\u00c9S DE APARELHO CELULAR.  "}, {"id": "632", "ano": "2018", "numero": "22", "tipo__sigla": "REQ", "tipo__descricao": "Requerimento", "autoria": "Le\u00e3o, Erasmo Cardoso Pereira \"Erasmo da Sa\u00fade\"", "texto_original": "http://sapl.sarandi.pr.leg.br/media/./sapl/public/materialegislativa/2018/632/632_texto_integral.pdf", "ementa": "OF\u00cdCIO AO SENHOR PREFEITO, SOLICITANDO ESTUDOS NO SENTIDO DE VIABILIZAR A ELEVA\u00c7\u00c3O DO PERCENTUAL DA GRATIFICA\u00c7\u00c3O DE RISCO DE VIDA DOS GUARDAS MUNICIPAIS. "}, {"id": "633", "ano": "2018", "numero": "23", "tipo__sigla": "REQ", "tipo__descricao": "Requerimento", "autoria": "Nito", "texto_original": "http://sapl.sarandi.pr.leg.br/media/./sapl/public/materialegislativa/2018/633/633_texto_integral.pdf", "ementa": "OF\u00cdCIO AO SECRET\u00c1RIO MUNICIPAL DE URBANISMO, SOLICITANDO QUE PROVIDENCIE ESTUDOS VISANDO ACHAR UMA SOLU\u00c7\u00c3O PARA RESOLVER PROBLEMAS COM AS BOCAS DE LOBO EXISTENTES NA AVENIDA JO\u00c3O MARANGONI ENTRE AS AVENIDAS FEL\u00cdCIO TURQUINO E DEPUTADO BORSARI NETO, QUANTO A ALAGAMENTOS. "}, {"id": "635", "ano": "2018", "numero": "24", "tipo__sigla": "REQ", "tipo__descricao": "Requerimento", "autoria": "Eunildo Zanchim \"Nild\u00e3o\"", "texto_original": "http://sapl.sarandi.pr.leg.br/media/./sapl/public/materialegislativa/2018/635/635_texto_integral.pdf", "ementa": "SOLICITA A DISPENSA DE INTERST\u00cdCIO DE TERCEIRA DISCUSS\u00c3O E VOTA\u00c7\u00c3O, DO PROJETO DE LEI N\u00ba 2694/2018, DO PODER EXECUTIVO MUNICIPAL. "}, {"id": "636", "ano": "2018", "numero": "25", "tipo__sigla": "REQ", "tipo__descricao": "Requerimento", "autoria": "Eunildo Zanchim \"Nild\u00e3o\"", "texto_original": "http://sapl.sarandi.pr.leg.br/media/./sapl/public/materialegislativa/2018/636/636_texto_integral.pdf", "ementa": "SOLICITA A DISPENSA DE INTERST\u00cdCIO DE TERCEIRA DISCUSS\u00c3O E VOTA\u00c7\u00c3O, DO PROJETO DE LEI N\u00ba 2695/2018, DO PODER EXECUTIVO MUNICIPAL. "}, {"id": "637", "ano": "2018", "numero": "26", "tipo__sigla": "REQ", "tipo__descricao": "Requerimento", "autoria": "Eunildo Zanchim \"Nild\u00e3o\"", "texto_original": "http://sapl.sarandi.pr.leg.br/media/./sapl/public/materialegislativa/2018/637/637_texto_integral.pdf", "ementa": "SOLICITA A DISPENSA DE INTERST\u00cdCIO DE TERCEIRA DISCUSS\u00c3O E VOTA\u00c7\u00c3O, DO PROJETO DE LEI N\u00ba 2699/2018, DO EDIL EUNILDO ZANCHIM. "}, {"id": "638", "ano": "2018", "numero": "27", "tipo__sigla": "REQ", "tipo__descricao": "Requerimento", "autoria": "Eunildo Zanchim \"Nild\u00e3o\"", "texto_original": "http://sapl.sarandi.pr.leg.br/media/./sapl/public/materialegislativa/2018/638/638_texto_integral.pdf", "ementa": "SOLICITA A DISPENSA DE INTERST\u00cdCIO DE TERCEIRA DISCUSS\u00c3O E VOTA\u00c7\u00c3O, DO PROJETO DE LEI COMPLEMENTAR N\u00ba 470/2018, DO PODER EXECUTIVO MUNICIPAL. "}, {"id": "639", "ano": "2018", "numero": "28", "tipo__sigla": "REQ", "tipo__descricao": "Requerimento", "autoria": "Cilas Morais", "texto_original": "http://sapl.sarandi.pr.leg.br/media/./sapl/public/materialegislativa/2018/639/639_texto_integral.pdf", "ementa": " OF\u00cdCIO AO SENHOR PREFEITO, SOLICITANDO QUE PROVIDENCIE A AQUISI\u00c7\u00c3O DE 01 (UMA) FOTOCOPIADORA PARA SER UTILIZADA NA FARM\u00c1CIA MUNICIPAL DE SARANDI, LOCALIZADA NA CL\u00cdNICA DE ESPECIALIDADES, PARA TIRAR C\u00d3PIAS GRATUITAMENTE DE RECEITAS M\u00c9DICAS.  "}, {"id": "640", "ano": "2018", "numero": "29", "tipo__sigla": "REQ", "tipo__descricao": "Requerimento", "autoria": "Eunildo Zanchim \"Nild\u00e3o\"", "texto_original": "http://sapl.sarandi.pr.leg.br/media/./sapl/public/materialegislativa/2018/640/640_texto_integral.pdf", "ementa": " OF\u00cdCIO AO SENHOR PREFEITO, SOLICITANDO QUE VIABILIZE A CONFEC\u00c7\u00c3O E DISTRIBUI\u00c7\u00c3O DE UM GUIA DOS SERVI\u00c7OS E MEDICAMENTOS, AOS USU\u00c1RIOS DO SISTEMA \u00daNICO DE SA\u00daDE DE SARANDI."}, {"id": "641", "ano": "2018", "numero": "30", "tipo__sigla": "REQ", "tipo__descricao": "Requerimento", "autoria": "Mineirinho", "texto_original": "http://sapl.sarandi.pr.leg.br/media/./sapl/public/materialegislativa/2018/641/641_texto_integral.pdf", "ementa": "OF\u00cdCIO AO SENHOR PREFEITO, SOLICITANDO QUE ENCAMINHE A ESTA CASA DE LEIS, C\u00d3PIAS CAPA A CAPA DO PROCESSO LICITAT\u00d3RIO DE ARBITRAGEM, JUNTAMENTE COM AS NADS, EMPENHOS E AS NOTAS J\u00c1 PAGAS AT\u00c9 A PRESENTE DATA."}, {"id": "642", "ano": "2018", "numero": "31", "tipo__sigla": "REQ", "tipo__descricao": "Requerimento", "autoria": "Gilberto Messias de Pinas \"Gil\"", "texto_original": "http://sapl.sarandi.pr.leg.br/media/./sapl/public/materialegislativa/2018/642/642_texto_integral.pdf", "ementa": "OF\u00cdCIO AO SENHOR PREFEITO, SOLICITANDO QUE VIABILIZE A ALTERA\u00c7\u00c3O DA LEGISLA\u00c7\u00c3O, DE FORMA A PROVIDENCIAR A SUBDIVIS\u00c3O DE CASAS GERMINADAS E LOTES VAZIOS, NESTE MUNIC\u00cdPIO. "}, {"id": "643", "ano": "2018", "numero": "32", "tipo__sigla": "REQ", "tipo__descricao": "Requerimento", "autoria": "Aparecido Antonio", "texto_original": "http://sapl.sarandi.pr.leg.br/media/./sapl/public/materialegislativa/2018/643/643_texto_integral.pdf", "ementa": "OF\u00cdCIO AO SENHOR PREFEITO, SOLICITANDO QUE VIABILIZE A REFORMA DAS QUADRAS ESPORTIVAS COBERTAS LOCALIZADAS NOS SEGUINTES JARDINS: VER\u00c3O, ANA ELIZA, NOVA INDEPEND\u00caNCIA, UNIVERSAL E INDEPEND\u00caNCIA 3\u00aa PARTE."}, {"id": "644", "ano": "2018", "numero": "33", "tipo__sigla": "REQ", "tipo__descricao": "Requerimento", "autoria": "Le\u00e3o", "texto_original": "http://sapl.sarandi.pr.leg.br/media/./sapl/public/materialegislativa/2018/644/644_texto_integral.pdf", "ementa": "OF\u00cdCIO AO SENHOR PREFEITO, SOLICITANDO ESTUDOS NO SENTIDO DE VIABILIZAR A ELEVA\u00c7\u00c3O DO PERCENTUAL DA GRATIFICA\u00c7\u00c3O DAS MERENDEIRAS, DE 10%(DEZ POR CENTO), PARA 20%(VINTE POR CENTO).  "}, {"id": "645", "ano": "2018", "numero": "34", "tipo__sigla": "REQ", "tipo__descricao": "Requerimento", "autoria": "Dionizio Aparecido Viaro \"Dionizio da Diocar\"", "texto_original": "http://sapl.sarandi.pr.leg.br/media/./sapl/public/materialegislativa/2018/645/645_texto_integral.pdf", "ementa": " OF\u00cdCIO AO SENHOR PREFEITO, SOLICITANDO ESTUDOS NO SENTIDO DE ESTABELECER UM PROJETO PARA RECUPERA\u00c7\u00c3O DA MATA CILIAR DO PARQUE RESIDENCIAL BOM PASTOR, AL\u00c9M DA CONSTRU\u00c7\u00c3O DE PISTA DE CAMINHAS E A INSTALA\u00c7\u00c3O DE ATI E API. "}, {"id": "646", "ano": "2018", "numero": "35", "tipo__sigla": "REQ", "tipo__descricao": "Requerimento", "autoria": "Nito, Cilas Morais, Dionizio Aparecido Viaro \"Dionizio da Diocar\"", "texto_original": "http://sapl.sarandi.pr.leg.br/media/./sapl/public/materialegislativa/2018/646/646_texto_integral.pdf", "ementa": "OF\u00cdCIO AO SENHOR PREFEITO, SOLICITANDO QUE VIABILIZE A INSTALA\u00c7\u00c3O DE 01 (UM) SEM\u00c1FORO NA CONFLU\u00caNCIA DAS AVENIDAS JO\u00c3O MARANGONI, RUI BARBOSA E ESTRADA MAURO TRINDADE, NO JARDIM NOVA INDEPEND\u00caNCIA 1\u00aa PARTE. "}, {"id": "647", "ano": "2018", "numero": "36", "tipo__sigla": "REQ", "tipo__descricao": "Requerimento", "autoria": "Erasmo Cardoso Pereira \"Erasmo da Sa\u00fade\"", "texto_original": "http://sapl.sarandi.pr.leg.br/media/./sapl/public/materialegislativa/2018/647/647_texto_integral.pdf", "ementa": "OF\u00cdCIO AO SECRET\u00c1RIO MUNICIPAL DE URBANISMO, SOLICITANDO QUE TOME AS PROVID\u00caNCIAS NECESS\u00c1RIAS NO SENTIDO DE VIABILIZAR A MANUTEN\u00c7\u00c3O OU TROCA DAS L\u00c2MPADAS DOS SUPER-POSTES DA AVENIDA CENTRAL &#8220;ANTIGA RODOVIA BR-376&#8221;. "}, {"id": "648", "ano": "2018", "numero": "37", "tipo__sigla": "REQ", "tipo__descricao": "Requerimento", "autoria": "Eliana Trautwein Santiago", "texto_original": "http://sapl.sarandi.pr.leg.br/media/./sapl/public/materialegislativa/2018/648/648_texto_integral.pdf", "ementa": "OF\u00cdCIO A SECRET\u00c1RIA MUNICIPAL DE EDUCA\u00c7\u00c3O, SOLICITANDO O ENCAMINHAMENTO  DA LISTA DE ESPERA ATUALIZADA E DETALHADA, DAS CRIAN\u00c7AS QUE AGUARDAM VAGAS NOS CENTROS MUNICIPAIS DE EDUCA\u00c7\u00c3O INFANTIL DESTE MUNIC\u00cdPIO. "}, {"id": "649", "ano": "2018", "numero": "38", "tipo__sigla": "REQ", "tipo__descricao": "Requerimento", "autoria": "Eunildo Zanchim \"Nild\u00e3o\"", "texto_original": "http://sapl.sarandi.pr.leg.br/media/./sapl/public/materialegislativa/2018/649/649_texto_integral.pdf", "ementa": "SOLICITA A DISPENSA DE INTERST\u00cdCIO DE TERCEIRA DISCUSS\u00c3O E VOTA\u00c7\u00c3O, DO PROJETO DE LEI N\u00ba 2680/2017, DOS EDIS DIONIZIO APARECIDO VIARO, CILAS SOUZA MORAIS E EUNILDO ZANCHIM. "}, {"id": "650", "ano": "2018", "numero": "39", "tipo__sigla": "REQ", "tipo__descricao": "Requerimento", "autoria": "Eunildo Zanchim \"Nild\u00e3o\", Aparecido Antonio, Cilas Morais, Dionizio Aparecido Viaro \"Dionizio da Diocar\", Eliana Trautwein Santiago, Erasmo Cardoso Pereira \"Erasmo da Sa\u00fade\", Gilberto Messias de Pinas \"Gil\", Le\u00e3o, Mineirinho, Nito", "texto_original": "http://sapl.sarandi.pr.leg.br/media/./sapl/public/materialegislativa/2018/650/650_texto_integral.pdf", "ementa": "OF\u00cdCIO AO DELEGADO DE POL\u00cdCIA DE SARANDI, CONVIDANDO-O PARA PRESTAR INFORMA\u00c7\u00d5ES REFERENTES AO CASO DOS HIDR\u00d4METROS, DESVIADOS DA AUTARQUIA DE \u00c1GUAS DE SARANDI. "}, {"id": "653", "ano": "2018", "numero": "40", "tipo__sigla": "REQ", "tipo__descricao": "Requerimento", "autoria": "Cilas Morais", "texto_original": "http://sapl.sarandi.pr.leg.br/media/./sapl/public/materialegislativa/2018/653/653_texto_integral.pdf", "ementa": "OF\u00cdCIO AO SENHOR PREFEITO, SOLICITANDO QUE PROVIDENCIE A REALIZA\u00c7\u00c3O DE MELHORIAS NA ESTRADA OCT\u00c1VIO COLLI, TAIS COMO RECAPEAMENTO  ASF\u00c1LTICO OU OUTRA, QUE VENHA A CORRIGIR AS IRREGULARIDADES DA MESMA.   "}, {"id": "654", "ano": "2018", "numero": "41", "tipo__sigla": "REQ", "tipo__descricao": "Requerimento", "autoria": "Eunildo Zanchim \"Nild\u00e3o\"", "texto_original": "http://sapl.sarandi.pr.leg.br/media/./sapl/public/materialegislativa/2018/654/654_texto_integral.pdf", "ementa": " OF\u00cdCIO AO SENHOR PREFEITO, SOLICITANDO QUE VIABILIZE A IMPLANTA\u00c7\u00c3O DE 01 (UMA) ATI &#8211; ACADEMIA DA TERCEIRA IDADE, NA PRA\u00c7A DA IGREJA DO CONJUNTO RESIDENCIAL VALE AZUL &#8220;ANTIGO FLORESTA&#8221;."}, {"id": "655", "ano": "2018", "numero": "42", "tipo__sigla": "REQ", "tipo__descricao": "Requerimento", "autoria": "Mineirinho", "texto_original": "http://sapl.sarandi.pr.leg.br/media/./sapl/public/materialegislativa/2018/655/655_texto_integral.pdf", "ementa": "OF\u00cdCIO AO SENHOR PREFEITO, SOLICITANDO QUE VIABILIZE A IMPLANTA\u00c7\u00c3O E PLACAS INDICATIVAS NAS PRINCIPAIS AVENIDAS DE SARANDI, CONTENDO O SENTIDO DE DIRE\u00c7\u00c3O DE BAIRROS, \u00d3RG\u00c3OS OU SETORES DA ADMINISTRA\u00c7\u00c3O, ENTRE OUTROS."}, {"id": "656", "ano": "2018", "numero": "43", "tipo__sigla": "REQ", "tipo__descricao": "Requerimento", "autoria": "Gilberto Messias de Pinas \"Gil\"", "texto_original": "http://sapl.sarandi.pr.leg.br/media/./sapl/public/materialegislativa/2018/656/656_texto_integral.pdf", "ementa": "OF\u00cdCIO AO SENHOR PREFEITO, SOLICITANDO QUE VIABILIZE A IMPLANTA\u00c7\u00c3O DA DEVIDA SINALIZA\u00c7\u00c3O DE TR\u00c2NSITO COM A PINTURA DAS VIAS P\u00daBLICAS, NOS JARDINS VER\u00c3O E DAS FLORES, NESTE MUNIC\u00cdPIO. "}, {"id": "657", "ano": "2018", "numero": "44", "tipo__sigla": "REQ", "tipo__descricao": "Requerimento", "autoria": "Aparecido Antonio", "texto_original": "http://sapl.sarandi.pr.leg.br/media/./sapl/public/materialegislativa/2018/657/657_texto_integral.pdf", "ementa": "OF\u00cdCIO AO SENHOR PREFEITO, SOLICITANDO QUE VIABILIZE A ALTERA\u00c7\u00c3O DA NOMENCLATURA DO CARGO DE VIGIA, PARA GUARDA PATRIMONIAL. "}, {"id": "658", "ano": "2018", "numero": "45", "tipo__sigla": "REQ", "tipo__descricao": "Requerimento", "autoria": "Erasmo Cardoso Pereira \"Erasmo da Sa\u00fade\"", "texto_original": "http://sapl.sarandi.pr.leg.br/media/./sapl/public/materialegislativa/2018/658/658_texto_integral.pdf", "ementa": "OF\u00cdCIO AO SENHOR PREFEITO, SOLICITANDO QUE VIABILIZE A CONTRATA\u00c7\u00c3O DE FARMAC\u00caUTICOS (AS) PARA O ATENDIMENTO DA DEMANDA JUNTO AS UBSS &#8211; UNIDADES B\u00c1SICAS DE SA\u00daDE DO MUNIC\u00cdPIO."}, {"id": "659", "ano": "2018", "numero": "46", "tipo__sigla": "REQ", "tipo__descricao": "Requerimento", "autoria": "Dionizio Aparecido Viaro \"Dionizio da Diocar\"", "texto_original": "http://sapl.sarandi.pr.leg.br/media/./sapl/public/materialegislativa/2018/659/659_texto_integral.pdf", "ementa": "OF\u00cdCIO AO SENHOR PREFEITO, SOLICITANDO ESTUDOS NO SENTIDO DE ADERIR AO CONV\u00caNIO DO PROGRAMA &#8220;MEU CAMPINHO&#8221;, DA SECRETARIA DE ESTADO DO DESENVOLVIMENTO URBANO DO PARAN\u00c1. "}, {"id": "660", "ano": "2018", "numero": "47", "tipo__sigla": "REQ", "tipo__descricao": "Requerimento", "autoria": "Eliana Trautwein Santiago", "texto_original": "http://sapl.sarandi.pr.leg.br/media/./sapl/public/materialegislativa/2018/660/660_texto_integral.pdf", "ementa": "OF\u00cdCIO A SECRET\u00c1RIA MUNICIPAL DE EDUCA\u00c7\u00c3O, SOLICITANDO QUE REALIZE UM PLANEJAMENTO JUNTO AOS CMEIS &#8211; CENTROS MUNICIPAIS DE EDUCA\u00c7\u00c3O INFANTIS, PARA AUXILIAR AS M\u00c3ES NA TROCA DE CMEI ONDE SEUS FILHOS S\u00c3O ATENDIDOS, VISANDO O ATENDIMENTO MAIS PR\u00d3XIMO DE SUAS RESID\u00caNCIAS."}, {"id": "661", "ano": "2018", "numero": "48", "tipo__sigla": "REQ", "tipo__descricao": "Requerimento", "autoria": "Eliana Trautwein Santiago", "texto_original": "http://sapl.sarandi.pr.leg.br/media/./sapl/public/materialegislativa/2018/661/661_texto_integral.pdf", "ementa": "SOLICITA A DISPENSA DE INTERST\u00cdCIO DE TERCEIRA DISCUSS\u00c3O E VOTA\u00c7\u00c3O, DO PROJETO DE LEI N\u00ba 2675/2017, DA EDIL ELIANA TRAUTWEIN SANTIAGO."}, {"id": "662", "ano": "2018", "numero": "49", "tipo__sigla": "REQ", "tipo__descricao": "Requerimento", "autoria": "Aparecido Antonio", "texto_original": "http://sapl.sarandi.pr.leg.br/media/./sapl/public/materialegislativa/2018/662/662_texto_integral.pdf", "ementa": "SOLICITA A DISPENSA DE INTERST\u00cdCIO DE TERCEIRA DISCUSS\u00c3O E VOTA\u00c7\u00c3O, DO PROJETO DE LEI N\u00ba 2696/2018, DO EDIL APARECIDO ANTONIO. "}, {"id": "667", "ano": "2018", "numero": "50", "tipo__sigla": "REQ", "tipo__descricao": "Requerimento", "autoria": "Cilas Morais", "texto_original": "http://sapl.sarandi.pr.leg.br/media/./sapl/public/materialegislativa/2018/667/667_texto_integral.pdf", "ementa": "OF\u00cdCIO AO SENHOR PREFEITO, SOLICITANDO QUE INFORME A ESTA CASA DE LEIS, QUAL A PREVIS\u00c3O PARA A IMPLANTA\u00c7\u00c3O DE MUTIR\u00d5ES ITINERANTES, COM O OBJETIVO DE PREVEN\u00c7\u00c3O E DETECTAR DOEN\u00c7AS, DISPONIBILIZANDO DENTRE OUTROS, EXAMES DE MAMOGRAFIA, OFTALMOLOGIA E ODONTOLOGIA. "}, {"id": "668", "ano": "2018", "numero": "51", "tipo__sigla": "REQ", "tipo__descricao": "Requerimento", "autoria": "Dionizio Aparecido Viaro \"Dionizio da Diocar\"", "texto_original": "http://sapl.sarandi.pr.leg.br/media/./sapl/public/materialegislativa/2018/668/668_texto_integral.pdf", "ementa": "OF\u00cdCIO AO SENHOR PREFEITO, SOLICITANDO QUE PROVIDENCIE A READEQUA\u00c7\u00c3O DAS DIMENS\u00d5ES DO PORT\u00c3O DE ENTRADA DO CMEI &#8211; CENTRO DE EDUCA\u00c7\u00c3O INFANTIL JULIA VOLPATO SORDI, DE FORMA A PROPORCIONAR CONDI\u00c7\u00d5ES PARA A ENTRADA DE AMBUL\u00c2NCIA NAQUELE LOCAL. "}, {"id": "669", "ano": "2018", "numero": "52", "tipo__sigla": "REQ", "tipo__descricao": "Requerimento", "autoria": "Erasmo Cardoso Pereira \"Erasmo da Sa\u00fade\"", "texto_original": "http://sapl.sarandi.pr.leg.br/media/./sapl/public/materialegislativa/2018/669/669_texto_integral.pdf", "ementa": "OF\u00cdCIO AO SENHOR PREFEITO, SOLICITANDO QUE INFORME A ESTA CASA DE LEIS, SE EXISTE PREVIS\u00c3O PARA A CONSTRU\u00c7\u00c3O DE 01 (UM) ALMOXARIFADO MUNICIPAL, COM A IMPLANTA\u00c7\u00c3O DE UM SISTEMA DE CONTROLE DE RECEBIMENTO E DISTRIBUI\u00c7\u00c3O DE MERCADORIAS PARA AS RESPECTIVAS SECRETARIAS MUNICIPAIS.  "}, {"id": "670", "ano": "2018", "numero": "53", "tipo__sigla": "REQ", "tipo__descricao": "Requerimento", "autoria": "Gilberto Messias de Pinas \"Gil\"", "texto_original": "http://sapl.sarandi.pr.leg.br/media/./sapl/public/materialegislativa/2018/670/670_texto_integral.pdf", "ementa": "OF\u00cdCIO AO SENHOR PREFEITO, SOLICITANDO QUE VIABILIZE A IMPLANTA\u00c7\u00c3O DE 01 (UMA) ATI  - ACADEMIA DA TERCEIRA DA IDADE, E DE 0L (UM) PARQUINHO, PR\u00d3XIMO AO CMEI HUGO MIKAEL SILVA LIMA, NO JARDIM MONTEREY. "}, {"id": "671", "ano": "2018", "numero": "54", "tipo__sigla": "REQ", "tipo__descricao": "Requerimento", "autoria": "Aparecido Antonio", "texto_original": "http://sapl.sarandi.pr.leg.br/media/./sapl/public/materialegislativa/2018/671/671_texto_integral.pdf", "ementa": "OF\u00cdCIO AO SENHOR PREFEITO, SOLICITANDO QUE TOME AS PROVID\u00caNCIAS NECESS\u00c1RIAS NO SENTIDO DE RETIRAR A PISTA DE SKATE, ATUALMENTE LOCALIZADA NA RUA JULIO DVORANEN, ESQUINA COM A RUA TA\u00cd, E PROVIDENCIE A CONSTRU\u00c7\u00c3O DE UMA QUADRA ESPORTIVA NAQUELE LOCAL. "}, {"id": "672", "ano": "2018", "numero": "55", "tipo__sigla": "REQ", "tipo__descricao": "Requerimento", "autoria": "Le\u00e3o", "texto_original": "http://sapl.sarandi.pr.leg.br/media/./sapl/public/materialegislativa/2018/672/672_texto_integral.pdf", "ementa": "OF\u00cdCIO AO SENHOR PREFEITO, SOLICITANDO QUE PROVIDENCIE A CONTRATA\u00c7\u00c3O DE UMA EMPRESA PARA PRESTAR SERVI\u00c7OS DE AUDITORIA, COM INTUITO DE AUDITAR TODO O PER\u00cdODO EM QUE A EX-SERVIDORA EM CARGO DE COMISS\u00c3O ANDREA NOGUEIRA RODRIGUES DOS SANTOS, OCUPAVA O CARGO DE COORDENADOR DE ENSINO DA SECRETARIA MUNICIPAL DE EDUCA\u00c7\u00c3O.                                             "}, {"id": "673", "ano": "2018", "numero": "56", "tipo__sigla": "REQ", "tipo__descricao": "Requerimento", "autoria": "Eliana Trautwein Santiago, Eunildo Zanchim \"Nild\u00e3o\", Gilberto Messias de Pinas \"Gil\"", "texto_original": "http://sapl.sarandi.pr.leg.br/media/./sapl/public/materialegislativa/2018/673/673_texto_integral.pdf", "ementa": "OF\u00cdCIO AO SENHOR PREFEITO, SOLICITANDO QUE VIABILIZE A IMPLANTA\u00c7\u00c3O DE ESCOLAS EM PER\u00cdODO INTEGRAL, NESTE MUNIC\u00cdPIO. "}, {"id": "674", "ano": "2018", "numero": "57", "tipo__sigla": "REQ", "tipo__descricao": "Requerimento", "autoria": "Nito", "texto_original": "http://sapl.sarandi.pr.leg.br/media/./sapl/public/materialegislativa/2018/674/674_texto_integral.pdf", "ementa": "OF\u00cdCIO AO SECRET\u00c1RIO MUNICIPAL DE URBANISMO, SOLICITANDO QUE PROVIDENCIE A REALIZA\u00c7\u00c3O DE SERVI\u00c7OS DE RECAPEAMENTO ASF\u00c1LTICO NA AVENIDA ADEMAR BORNIA, EM TODA A SUA EXTENS\u00c3O. "}, {"id": "675", "ano": "2018", "numero": "58", "tipo__sigla": "REQ", "tipo__descricao": "Requerimento", "autoria": "Mineirinho", "texto_original": "http://sapl.sarandi.pr.leg.br/media/./sapl/public/materialegislativa/2018/675/675_texto_integral.pdf", "ementa": "OF\u00cdCIO AO SUPERINTENDENTE DA AUTARQUIA \u00c1GUAS DE SARANDI, SOLICITANDO O ENCAMINHAMENTO A ESTA CASA DE LEIS, DE C\u00d3PIAS DOS ROLS DE LAN\u00c7AMENTO E DE PAGAMENTO, DOS \u00daLTIMOS 05 (CINCO) ANOS, DA QUADRA 35, LOTES 16 E 16-A, LOCALIZADA NA RUA AT\u00cdLIO SALVAL\u00c1GGIO, ESQUINA COM A RUA SALVADOR JORDANO, ONDE FUNCIONAVA UM LAJA JATO.  "}, {"id": "676", "ano": "2018", "numero": "59", "tipo__sigla": "REQ", "tipo__descricao": "Requerimento", "autoria": "Dionizio Aparecido Viaro \"Dionizio da Diocar\"", "texto_original": "http://sapl.sarandi.pr.leg.br/media/./sapl/public/materialegislativa/2018/676/676_texto_integral.pdf", "ementa": "SOLICITA A DISPENSA DE INTERST\u00cdCIO DE TERCEIRA DISCUSS\u00c3O E VOTA\u00c7\u00c3O, DO PROJETO DE LEI N\u00ba 2685/2017, DO EDIL DIONIZIO APARECIDO VIARO. "}, {"id": "677", "ano": "2018", "numero": "60", "tipo__sigla": "REQ", "tipo__descricao": "Requerimento", "autoria": "Eunildo Zanchim \"Nild\u00e3o\"", "texto_original": "http://sapl.sarandi.pr.leg.br/media/./sapl/public/materialegislativa/2018/677/677_texto_integral.pdf", "ementa": "SOLICITA A DISPENSA DE INTERST\u00cdCIO DE TERCEIRA DISCUSS\u00c3O E VOTA\u00c7\u00c3O, DO PROJETO DE LEI COMPLEMENTAR N\u00ba 472/2018, DO PODER EXECUTIVO MUNICIPAL."}, {"id": "679", "ano": "2018", "numero": "61", "tipo__sigla": "REQ", "tipo__descricao": "Requerimento", "autoria": "Eunildo Zanchim \"Nild\u00e3o\"", "texto_original": "http://sapl.sarandi.pr.leg.br/media/./sapl/public/materialegislativa/2018/679/679_texto_integral.pdf", "ementa": "OF\u00cdCIO AO SENHOR PREFEITO, SOLICITANDO QUE PROVIDENCIE A IMPLANTA\u00c7\u00c3O DE UM PROGRAMA DE PREVEN\u00c7\u00c3O DE VERMINOSES, VIROSES E OUTRAS DOEN\u00c7AS, JUNTO A REDE P\u00daBLICA DE ENSINO DE SARANDI. "}, {"id": "680", "ano": "2018", "numero": "62", "tipo__sigla": "REQ", "tipo__descricao": "Requerimento", "autoria": "Dionizio Aparecido Viaro \"Dionizio da Diocar\"", "texto_original": "http://sapl.sarandi.pr.leg.br/media/./sapl/public/materialegislativa/2018/680/680_texto_integral.pdf", "ementa": "OF\u00cdCIO AO SENHOR PREFEITO, SOLICITANDO QUE VIABILIZE A IMPLANTA\u00c7\u00c3O DE ESTACIONAMENTO EM TODAS AS EXTENS\u00d5ES DAS AVENIDAS ANTONIO VOLPATO E ADEMAR BORNIA. "}, {"id": "681", "ano": "2018", "numero": "63", "tipo__sigla": "REQ", "tipo__descricao": "Requerimento", "autoria": "Le\u00e3o", "texto_original": "http://sapl.sarandi.pr.leg.br/media/./sapl/public/materialegislativa/2018/681/681_texto_integral.pdf", "ementa": "OF\u00cdCIO AO SENHOR PREFEITO, SOLICITANDO QUE VERIFIQUE A POSSIBILIDADE DE SE PROCEDER A UMA ALTERA\u00c7\u00c3O NO FINAL DO ARTIGO 107 DA LEI COMPLEMENTAR N\u00ba 10/92 &#8211; ESTATUTO DOS SERVIDORES P\u00daBLICOS MUNICIPAIS DE SARANDI, SUBSTITUINDO A FRASE &#8220;AT\u00c9 O M\u00c1XIMO DE 35 ANU\u00caNIOS&#8221;, PELA FRASE &#8220;ENQUANTO O SERVIDOR PERMANECER NA ATIVIDADE&#8221;. "}, {"id": "682", "ano": "2018", "numero": "64", "tipo__sigla": "REQ", "tipo__descricao": "Requerimento", "autoria": "Gilberto Messias de Pinas \"Gil\", Aparecido Antonio, Dionizio Aparecido Viaro \"Dionizio da Diocar\", Nito", "texto_original": "http://sapl.sarandi.pr.leg.br/media/./sapl/public/materialegislativa/2018/682/682_texto_integral.pdf", "ementa": "OF\u00cdCIO AO SENHOR PREFEITO, SOLICITANDO QUE VIABILIZE A REALIZA\u00c7\u00c3O DE SERVI\u00c7OS DE PINTURA DOS NOMES DOS LOGRADOUROS &#8220;RUAS E AVENIDAS&#8221;, NOS POSTES DA COPEL, EM TODOS OS BAIRROS DESTE MUNIC\u00cdPIO."}, {"id": "683", "ano": "2018", "numero": "65", "tipo__sigla": "REQ", "tipo__descricao": "Requerimento", "autoria": "Nito", "texto_original": "http://sapl.sarandi.pr.leg.br/media/./sapl/public/materialegislativa/2018/683/683_texto_integral.pdf", "ementa": "OF\u00cdCIO AO SENHOR PREFEITO MUNICIPAL, SOLICITANDO QUE PROVIDENCIE A REALIZA\u00c7\u00c3O DE ESTUDOS E A IMPLANTA\u00c7\u00c3O DE MEDIDAS VISANDO ORDENAR O TR\u00c2NSITO NO CRUZAMENTO DAS AVENIDAS JO\u00c3O MARANGONI, GIRO WATANABE E RUI BARBOSA, AL\u00c9M DA ESTRADA MAURO TRINDADE E A ENTRADA DO CONDOM\u00cdNIO BOM PASTOR.                                          "}, {"id": "685", "ano": "2018", "numero": "66", "tipo__sigla": "REQ", "tipo__descricao": "Requerimento", "autoria": "Eunildo Zanchim \"Nild\u00e3o\"", "texto_original": "http://sapl.sarandi.pr.leg.br/media/./sapl/public/materialegislativa/2018/685/685_texto_integral.pdf", "ementa": "SOLICITA A DISPENSA DE INTERST\u00cdCIO DE TERCEIRA DISCUSS\u00c3O E VOTA\u00c7\u00c3O, DO PROJETO DE LEI N\u00ba 2702/2018, DO EDIL EUNILDO ZANCHIM. "}, {"id": "686", "ano": "2018", "numero": "67", "tipo__sigla": "REQ", "tipo__descricao": "Requerimento", "autoria": "Eunildo Zanchim \"Nild\u00e3o\"", "texto_original": "http://sapl.sarandi.pr.leg.br/media/./sapl/public/materialegislativa/2018/686/686_texto_integral.pdf", "ementa": "SOLICITA A DISPENSA DE INTERST\u00cdCIO DE TERCEIRA DISCUSS\u00c3O E VOTA\u00c7\u00c3O, DO PROJETO DE LEI N\u00ba 2703.2018, DO EDIL EUNILDO ZANCHIM. "}, {"id": "687", "ano": "2018", "numero": "68", "tipo__sigla": "REQ", "tipo__descricao": "Requerimento", "autoria": "Eunildo Zanchim \"Nild\u00e3o\"", "texto_original": "http://sapl.sarandi.pr.leg.br/media/./sapl/public/materialegislativa/2018/687/687_texto_integral.pdf", "ementa": "SOLICITA A DISPENSA DE INTERST\u00cdCIO DE TERCEIRA DISCUSS\u00c3O E VOTA\u00c7\u00c3O, DO PROJETO DE LEI N\u00ba 2704/2018, DO EDIL EUNILDO ZANCHIM. "}, {"id": "688", "ano": "2018", "numero": "69", "tipo__sigla": "REQ", "tipo__descricao": "Requerimento", "autoria": "Eunildo Zanchim \"Nild\u00e3o\"", "texto_original": "http://sapl.sarandi.pr.leg.br/media/./sapl/public/materialegislativa/2018/688/688_texto_integral.pdf", "ementa": "SOLICITA A DISPENSA DE INTERST\u00cdCIO DE TERCEIRA DISCUSS\u00c3O E VOTA\u00c7\u00c3O, DO PROJETO DE LEI N\u00ba 2705.2018, DO PODER EXECUTIVO MUNICIPAL. "}, {"id": "689", "ano": "2018", "numero": "70", "tipo__sigla": "REQ", "tipo__descricao": "Requerimento", "autoria": "", "texto_original": "http://sapl.sarandi.pr.leg.br/media/./sapl/public/materialegislativa/2018/689/689_texto_integral.pdf", "ementa": "SOLICITA A CONSTITUI\u00c7\u00c3O DE CPI - COMISS\u00c3O PARLAMENTAR DE INQU\u00c9RITO, PARA A APURA\u00c7\u00c3O DE DEN\u00daNCIAS ENVOLVENDO O DESVIO DE RECURSOS DE LICITA\u00c7\u00d5ES DA SECRETARIA MUNICIPAL DE EDUCA\u00c7\u00c3O DE SARANDI. "}, {"id": "690", "ano": "2018", "numero": "71", "tipo__sigla": "REQ", "tipo__descricao": "Requerimento", "autoria": "Cilas Morais", "texto_original": "http://sapl.sarandi.pr.leg.br/media/", "ementa": "OF\u00cdCIO AO SENHOR PREFEITO, SOLICITANDO QUE PROVIDENCIE A REALIZA\u00c7\u00c3O DE SERVI\u00c7OS DE RECAPE OU MESMO TAPA-BURACOS, NOS JARDINS OURO VERDE II E III. "}, {"id": "691", "ano": "2018", "numero": "72", "tipo__sigla": "REQ", "tipo__descricao": "Requerimento", "autoria": "Dionizio Aparecido Viaro \"Dionizio da Diocar\"", "texto_original": "http://sapl.sarandi.pr.leg.br/media/", "ementa": "OF\u00cdCIO AO SENHOR PREFEITO, SOLICITANDO QUE VIABILIZE A CONTRATA\u00c7\u00c3O DE MAIS DENTISTAS, PARA O ATENDIMENTO A NOSSA POPULA\u00c7\u00c3O, JUNTO \u00c0 SECRETARIA DE SA\u00daDE DE SARANDI. "}, {"id": "692", "ano": "2018", "numero": "73", "tipo__sigla": "REQ", "tipo__descricao": "Requerimento", "autoria": "Le\u00e3o", "texto_original": "http://sapl.sarandi.pr.leg.br/media/", "ementa": "OF\u00cdCIO AO SENHOR PREFEITO, SOLICITANDO QUE DISPONIBILIZE UNIFORMES, A TODOS OS SERVIDORES P\u00daBLICOS MUNICIPAIS DE SARANDI. "}, {"id": "693", "ano": "2018", "numero": "74", "tipo__sigla": "REQ", "tipo__descricao": "Requerimento", "autoria": "Gilberto Messias de Pinas \"Gil\"", "texto_original": "http://sapl.sarandi.pr.leg.br/media/", "ementa": "OF\u00cdCIO AO SENHOR PREFEITO, SOLICITANDO QUE INFORME A ESTA CASA DE LEIS, SE EXISTE PREVIS\u00c3O PARA IMPLANTA\u00c7\u00c3O DE 01 (UM) CMEI &#8211; CENTRO MUNICIPAL DE EDUCA\u00c7\u00c3O INFANTIL, NO PARQUE RESIDENCIAL NOVA ALIAN\u00c7A. "}, {"id": "694", "ano": "2018", "numero": "75", "tipo__sigla": "REQ", "tipo__descricao": "Requerimento", "autoria": "Mineirinho", "texto_original": "http://sapl.sarandi.pr.leg.br/media/", "ementa": "OF\u00cdCIO AO SENHOR PREFEITO MUNICIPAL, SOLICITANDO QUE INFORME A ESTA CASA DE LEIS, QUANTO A POSSIBILIDADE DO FUNCIONAMENTO DAS UBSS- UNIDADES B\u00c1SICAS DE SA\u00daDE, QUE PODER\u00c3O ESTENDER O ATENDIMENTO AOS MUN\u00cdCIPES, AT\u00c9 \u00c0S 22:00 HORAS. "}, {"id": "695", "ano": "2018", "numero": "76", "tipo__sigla": "REQ", "tipo__descricao": "Requerimento", "autoria": "Erasmo Cardoso Pereira \"Erasmo da Sa\u00fade\"", "texto_original": "http://sapl.sarandi.pr.leg.br/media/", "ementa": "OF\u00cdCIO AO SENHOR PREFEITO, SOLICITANDO ESTUDOS QUANTO A POSSIBILIDADE DA IMPLANTA\u00c7\u00c3O DO PROJETO GUARDA-CHUVA EM SARANDI, JUNTO AS ESCOLAS, CRECHES E/OU DEMAIS PR\u00c9DIOS P\u00daBLICOS DO MUNIC\u00cdPIO.  "}, {"id": "696", "ano": "2018", "numero": "77", "tipo__sigla": "REQ", "tipo__descricao": "Requerimento", "autoria": "Aparecido Antonio", "texto_original": "http://sapl.sarandi.pr.leg.br/media/", "ementa": "OF\u00cdCIO AO SENHOR PREFEITO, SOLICITANDO QUE VIABILIZE A ABERTURA DO TRECHO DA RUA D. JO\u00c3O VI, NO JARDIM INDEPEND\u00caNCIA 3\u00aa PARTE, NO TRECHO ENTRE AS AVENIDAS RIACHUELO E RIO BRANCO. \r\n                                                       \r\n"}, {"id": "697", "ano": "2018", "numero": "78", "tipo__sigla": "REQ", "tipo__descricao": "Requerimento", "autoria": "Eliana Trautwein Santiago", "texto_original": "http://sapl.sarandi.pr.leg.br/media/", "ementa": "OF\u00cdCIO AO SENHOR PREFEITO, SOLICITANDO QUE MANTENHA ENTENDIMENTOS JUNTO A EMPREITEIRA CENTRO AM\u00c9RICA MELHORAMENTOS URBANOS, NO SENTIDO DE VIABILIZAR A RETIRADA DA CL\u00c1USULA ADICIONADA PELA MESMA, A QUAL OBRIGA O MORADOR A APRESENTAR AVALISTA NA ASSINATURA CONTRATUAL DO ASFALTO COMUNIT\u00c1RIO. "}, {"id": "699", "ano": "2018", "numero": "79", "tipo__sigla": "REQ", "tipo__descricao": "Requerimento", "autoria": "Dionizio Aparecido Viaro \"Dionizio da Diocar\"", "texto_original": "http://sapl.sarandi.pr.leg.br/media/./sapl/public/materialegislativa/2018/699/699_texto_integral.pdf", "ementa": "SOLICITA A DISPENSA DE INTERST\u00cdCIO DE TERCEIRA DISCUSS\u00c3O E VOTA\u00c7\u00c3O, DO PROJETO DE LEI N\u00ba 2697/2018, DO EDIL DIONIZIO APARECIDO VIARO. "}, {"id": "700", "ano": "2018", "numero": "80", "tipo__sigla": "REQ", "tipo__descricao": "Requerimento", "autoria": "CLJRF - Comiss\u00e3o de Legisla\u00e7\u00e3o, Justi\u00e7a e Reda\u00e7\u00e3o Final", "texto_original": "http://sapl.sarandi.pr.leg.br/media/./sapl/public/materialegislativa/2018/700/700_texto_integral.pdf", "ementa": "SOLICITA A DESIGNA\u00c7\u00c3O DE UMA COMISS\u00c3O ESPECIAL PARA ESTUDAR POSS\u00cdVEL REGULAMENTA\u00c7\u00c3O JUNTO REGIMENTO INTERNO, FORMA DE DISCIPLINAR PRAZOS QUANTO AO RECEBIMENTO DE DEN\u00daNCIAS DE INFRA\u00c7\u00d5ES POL\u00cdTICO-ADMINISTRATIVA. "}, {"id": "704", "ano": "2018", "numero": "81", "tipo__sigla": "REQ", "tipo__descricao": "Requerimento", "autoria": "Cilas Morais", "texto_original": "http://sapl.sarandi.pr.leg.br/media/./sapl/public/materialegislativa/2018/704/704_texto_integral.pdf", "ementa": "OF\u00cdCIO AO SENHOR PREFEITO, SOLICITANDO QUE PROVIDENCIE A REALIZA\u00c7\u00c3O DE SERVI\u00c7OS DE REBAIXAMENTO DA ILUMINA\u00c7\u00c3O P\u00daBLICA DAS VIAS P\u00daBLICAS DOS JARDINS OURO VERDE II E III, E AINDA PROCEDER A IMPLANTA\u00c7\u00c3O DE TR\u00c2NSITO DE M\u00c3O \u00daNICA, NESSES LOCAIS. "}, {"id": "705", "ano": "2018", "numero": "82", "tipo__sigla": "REQ", "tipo__descricao": "Requerimento", "autoria": "Dionizio Aparecido Viaro \"Dionizio da Diocar\"", "texto_original": "http://sapl.sarandi.pr.leg.br/media/", "ementa": "OF\u00cdCIO AO SENHOR PREFEITO, SOLICITANDO QUE VIABILIZE A AQUISI\u00c7\u00c3O DE 01 (UM) CAMINH\u00c3O &#8220;BURRO PRETO&#8221;, PARA SER UTILIZADO PRINCIPALMENTE PELA SECRETARIA MUNICIPAL DE URBANISMO. "}, {"id": "706", "ano": "2018", "numero": "83", "tipo__sigla": "REQ", "tipo__descricao": "Requerimento", "autoria": "Eunildo Zanchim \"Nild\u00e3o\"", "texto_original": "http://sapl.sarandi.pr.leg.br/media/./sapl/public/materialegislativa/2018/706/706_texto_integral.pdf", "ementa": "OF\u00cdCIO AO SENHOR PREFEITO, SOLICITANDO QUE TOME AS PROVID\u00caNCIAS NECESS\u00c1RIAS VISANDO ACELERAR O PROCESSO REFERENTE \u00c0 ORDEM DE SERVI\u00c7O DAS OBRAS, DO JARDIM NOVO BERTIOGA. "}, {"id": "707", "ano": "2018", "numero": "84", "tipo__sigla": "REQ", "tipo__descricao": "Requerimento", "autoria": "Gilberto Messias de Pinas \"Gil\"", "texto_original": "http://sapl.sarandi.pr.leg.br/media/./sapl/public/materialegislativa/2018/707/707_texto_integral.pdf", "ementa": "OF\u00cdCIO AO SENHOR PREFEITO, SOLICITANDO QUE VIABILIZE A DISPONIBILIZA\u00c7\u00c3O DE 01 (UM) \u00d4NIBUS PARA O ATENDIMENTO AS PESSOAS PORTADORAS DE NECESSIDADES ESPECIAIS, PARA ATENDIMENTO JUNTO \u00c0 ANPR &#8211; ASSOCIA\u00c7\u00c3O NORTE PARANAENSE DE REABILITA\u00c7\u00c3O. "}, {"id": "708", "ano": "2018", "numero": "85", "tipo__sigla": "REQ", "tipo__descricao": "Requerimento", "autoria": "Mineirinho", "texto_original": "http://sapl.sarandi.pr.leg.br/media/./sapl/public/materialegislativa/2018/708/708_texto_integral.pdf", "ementa": "OF\u00cdCIO AO SENHOR PREFEITO, SOLICITANDO QUE VIABILIZE A CONSTRU\u00c7\u00c3O DE 01 (UMA) PISTA DE CAMINHADAS, ENTRE A AVENIDA MARING\u00c1 E LINHA F\u00c9RREA, NAS IMEDIA\u00c7\u00d5ES DO F\u00d3RUM DA COMARCA, AL\u00c9M DA INSTALA\u00c7\u00c3O DE 01 (UMA) ATI &#8211; ACADEMIA DA TERCEIRA IDADE. "}, {"id": "709", "ano": "2018", "numero": "86", "tipo__sigla": "REQ", "tipo__descricao": "Requerimento", "autoria": "Aparecido Antonio", "texto_original": "http://sapl.sarandi.pr.leg.br/media/./sapl/public/materialegislativa/2018/709/709_texto_integral.pdf", "ementa": "OF\u00cdCIO AO SENHOR PREFEITO, SOLICITANDO QUE ENCAMINHE A ESTA CASA DE LEIS, RELAT\u00d3RIO CONTENDO A RELA\u00c7\u00c3O DE HORAS EXTRAS, M\u00caS A M\u00caS, DE TODOS OS SERVIDORES DA SECRETARIA MUNICIPAL DE TR\u00c2NSITO, TRANSPORTE E SEGURAN\u00c7A P\u00daBLICA, DO PER\u00cdODO DE 01.01.2015 \u00c0 31.12.2017. "}, {"id": "710", "ano": "2018", "numero": "87", "tipo__sigla": "REQ", "tipo__descricao": "Requerimento", "autoria": "Nito", "texto_original": "http://sapl.sarandi.pr.leg.br/media/", "ementa": "OF\u00cdCIO AO SECRET\u00c1RIO MUNICIPAL DE MEIO AMBIENTE, SOLICITANDO QUE PROVIDENCIE A REALIZA\u00c7\u00c3O DE SERVI\u00c7OS DE RO\u00c7ADAS, NO PARQUE RESIDENCIAL BOM PASTOR E ALPHAVILLE. "}, {"id": "711", "ano": "2018", "numero": "88", "tipo__sigla": "REQ", "tipo__descricao": "Requerimento", "autoria": "Eliana Trautwein Santiago", "texto_original": "http://sapl.sarandi.pr.leg.br/media/./sapl/public/materialegislativa/2018/711/711_texto_integral.pdf", "ementa": "OF\u00cdCIO AO SECRET\u00c1RIO MUNICIPAL DE EDUCA\u00c7\u00c3O, SOLICITANDO QUE INFORME A ESTA CASA DE LEIS, QUANTO EST\u00c1 SENDO GASTO COM FOLHA DE PAGAMENTO DA EDUCA\u00c7\u00c3O, QUAIS AS FONTES, E SE SER\u00c1 POSS\u00cdVEL ESTE ANO, CUMPRIR AS METAS 17.9 E 17.10 DA LEI MUNICIPAL N\u00ba 2148/2015 &#8211; PLANO MUNICIPAL DE EDUCA\u00c7\u00c3O. "}, {"id": "712", "ano": "2018", "numero": "89", "tipo__sigla": "REQ", "tipo__descricao": "Requerimento", "autoria": "Aparecido Antonio", "texto_original": "http://sapl.sarandi.pr.leg.br/media/./sapl/public/materialegislativa/2018/712/712_texto_integral.pdf", "ementa": "OF\u00cdCIO AO SENHOR PREFEITO, SOLICITANDO QUE TOME PROVIDENCIAS NECESS\u00c1RIAS, NO SENTIDO DE SE VIABILIZAR A REALIZA\u00c7\u00c3O DE SERVI\u00c7OS DE REFORMA E AMPLIA\u00c7\u00c3O, DA ESCOLA MUNICIPAL TSURO TSUJI DE BARROS CUNHA.  "}, {"id": "713", "ano": "2018", "numero": "90", "tipo__sigla": "REQ", "tipo__descricao": "Requerimento", "autoria": "Dionizio Aparecido Viaro \"Dionizio da Diocar\"", "texto_original": "http://sapl.sarandi.pr.leg.br/media/./sapl/public/materialegislativa/2018/713/713_texto_integral.pdf", "ementa": "OF\u00cdCIO AO SENHOR PREFEITO, SOLICITANDO QUE VIABILIZE A CONSTRU\u00c7\u00c3O DE 01 (UMA) CLINICA DA MULHER E DA CRIAN\u00c7A, NA REGI\u00c3O DOS JARDINS NOVA INDEPEND\u00caNCIA 1\u00aa E 2\u00aa PARTES E S\u00c3O JOS\u00c9. "}, {"id": "714", "ano": "2018", "numero": "91", "tipo__sigla": "REQ", "tipo__descricao": "Requerimento", "autoria": "Eunildo Zanchim \"Nild\u00e3o\"", "texto_original": "http://sapl.sarandi.pr.leg.br/media/./sapl/public/materialegislativa/2018/714/714_texto_integral.pdf", "ementa": "OF\u00cdCIO AO SENHOR PREFEITO, SOLICITANDO QUE TOME AS PROVID\u00caNCIAS NECESS\u00c1RIAS VISANDO A REALIZA\u00c7\u00c3O DE SERVI\u00c7OS DE REFORMA E IMPLANTA\u00c7\u00c3O DE COBERTURA, NA QUADRA DE ESPORTES DA ESCOLA MUNICIPAL PAULO FREIRE. "}, {"id": "715", "ano": "2018", "numero": "92", "tipo__sigla": "REQ", "tipo__descricao": "Requerimento", "autoria": "Gilberto Messias de Pinas \"Gil\"", "texto_original": "http://sapl.sarandi.pr.leg.br/media/./sapl/public/materialegislativa/2018/715/715_texto_integral.pdf", "ementa": "OF\u00cdCIO AO SENHOR PREFEITO, SOLICITANDO QUE VIABILIZE A INSTALA\u00c7\u00c3O DE 01 (UMA) ATI &#8211; ACADEMIA DA TERCEIRA IDADE, NO PARQUE RESIDENCIAL NOVA ALIAN\u00c7A. "}, {"id": "716", "ano": "2018", "numero": "93", "tipo__sigla": "REQ", "tipo__descricao": "Requerimento", "autoria": "Mineirinho", "texto_original": "http://sapl.sarandi.pr.leg.br/media/./sapl/public/materialegislativa/2018/716/716_texto_integral.pdf", "ementa": "OF\u00cdCIO AO SENHOR PREFEITO, SOLICITANDO QUE VIABILIZE A REALIZA\u00c7\u00c3O DE SERVI\u00c7OS DE URBANIZA\u00c7\u00c3O DO TRECHO DA RUA CASTRO ALVES NO JARDIM INDEPEND\u00caNCIA 3\u00aa PARTE, AP\u00d3S A AVENIDA LAGUNA, NO SENTIDO DA FACULDADE. "}, {"id": "717", "ano": "2018", "numero": "94", "tipo__sigla": "REQ", "tipo__descricao": "Requerimento", "autoria": "Erasmo Cardoso Pereira \"Erasmo da Sa\u00fade\"", "texto_original": "http://sapl.sarandi.pr.leg.br/media/./sapl/public/materialegislativa/2018/717/717_texto_integral.pdf", "ementa": "OF\u00cdCIO  AO SENHOR PREFEITO, SOLICITANDO QUE VIABILIZE A ELABORA\u00c7\u00c3O E DISTRIBUI\u00c7\u00c3O DE UM MATERIAL DE CONSCIENTIZA\u00c7\u00c3O, PARA O PLANTIO DE \u00c1RVORES DEFRONTE AS RESID\u00caNCIAS, COM\u00c9RCIOS, FUNDOS DE VALES E \u00c1REAS DE NASCENTES DE RIOS. "}, {"id": "718", "ano": "2018", "numero": "95", "tipo__sigla": "REQ", "tipo__descricao": "Requerimento", "autoria": "Nito, Dionizio Aparecido Viaro \"Dionizio da Diocar\"", "texto_original": "http://sapl.sarandi.pr.leg.br/media/./sapl/public/materialegislativa/2018/718/718_texto_integral.pdf", "ementa": "OF\u00cdCIO AO SENHOR PREFEITO, SOLICITANDO QUE PROVIDENCIE A INSTALA\u00c7\u00c3O DE 01 (UMA) ATI &#8211; ACADEMIA DA TERCEIRA IDADE, NO PARQUE RESIDENCIAL ALPLHAVILLE.  "}, {"id": "719", "ano": "2018", "numero": "96", "tipo__sigla": "REQ", "tipo__descricao": "Requerimento", "autoria": "Cilas Morais, Aparecido Antonio, Dionizio Aparecido Viaro \"Dionizio da Diocar\", Eliana Trautwein Santiago", "texto_original": "http://sapl.sarandi.pr.leg.br/media/./sapl/public/materialegislativa/2018/719/719_texto_integral.pdf", "ementa": "OF\u00cdCIO AO SENHOR PREFEITO, SOLICITANDO QUE PROVIDENCIE A INSTALA\u00c7\u00c3O DE ABRIGOS OU A COBERTURA, NOS PONTOS DE \u00d4NIBUS DE NOSSA CIDADE.  "}, {"id": "720", "ano": "2018", "numero": "97", "tipo__sigla": "REQ", "tipo__descricao": "Requerimento", "autoria": "Eliana Trautwein Santiago", "texto_original": "http://sapl.sarandi.pr.leg.br/media/./sapl/public/materialegislativa/2018/720/720_texto_integral.pdf", "ementa": "OF\u00cdCIO AO SECRET\u00c1RIO MUNICIPAL DE URBANISMO,  SOLICITANDO QUE PROVIDENCIE A REALIZA\u00c7\u00c3O DE SERVI\u00c7OS DE PAVIMENTA\u00c7\u00c3O ASF\u00c1LTICA, NAS RUAS ANTONIO RODRIGUES DE OLIVEIRA, DOS IMIGRANTES E NA AVENIDA CUIAB\u00c1. "}, {"id": "724", "ano": "2018", "numero": "98", "tipo__sigla": "REQ", "tipo__descricao": "Requerimento", "autoria": "Dionizio Aparecido Viaro \"Dionizio da Diocar\"", "texto_original": "http://sapl.sarandi.pr.leg.br/media/./sapl/public/materialegislativa/2018/724/724_texto_integral.pdf", "ementa": "SOLICITA A DISPENSA DE INTERST\u00cdCIO DE TERCEIRA DISCUSS\u00c3O E VOTA\u00c7\u00c3O, DO PROJETO DE LEI N\u00ba 2698/2018, DO EDIL DIONIZIO APARECIDO VIARO. "}, {"id": "725", "ano": "2018", "numero": "99", "tipo__sigla": "REQ", "tipo__descricao": "Requerimento", "autoria": "Eunildo Zanchim \"Nild\u00e3o\"", "texto_original": "http://sapl.sarandi.pr.leg.br/media/./sapl/public/materialegislativa/2018/725/725_texto_integral.pdf", "ementa": "SOLICITA A DISPENSA DE INTERST\u00cdCIO DE TERCEIRA DISCUSS\u00c3O E VOTA\u00c7\u00c3O, E AINDA A APROVA\u00c7\u00c3O DA REDA\u00c7\u00c3O FINAL, DO PROJETO DE LEI N\u00ba 2706/2018, DO PODER EXECUTIVO MUNICIPAL. "}, {"id": "726", "ano": "2018", "numero": "100", "tipo__sigla": "REQ", "tipo__descricao": "Requerimento", "autoria": "Erasmo Cardoso Pereira \"Erasmo da Sa\u00fade\"", "texto_original": "http://sapl.sarandi.pr.leg.br/media/./sapl/public/materialegislativa/2018/726/726_texto_integral.pdf", "ementa": "SOLICITA A DISPENSA DE INTERST\u00cdCIO DE TERCEIRA DISCUSS\u00c3O E VOTA\u00c7\u00c3O, DO PROJETO DE LEI N\u00ba 2708/2018, DOS EDIS ERASMO CARDOSO PEREIRA E CARLOS ROBERTO FALASCHI. "}, {"id": "727", "ano": "2018", "numero": "101", "tipo__sigla": "REQ", "tipo__descricao": "Requerimento", "autoria": "Eunildo Zanchim \"Nild\u00e3o\"", "texto_original": "http://sapl.sarandi.pr.leg.br/media/./sapl/public/materialegislativa/2018/727/727_texto_integral.pdf", "ementa": "SOLICITA A DISPENSA DE INTERST\u00cdCIO DE TERCEIRA DISCUSS\u00c3O E VOTA\u00c7\u00c3O, DO PROJETO DE LEI N\u00ba 2709/2018, DO PODER EXECUTIVO MUNICIPAL. "}, {"id": "728", "ano": "2018", "numero": "102", "tipo__sigla": "REQ", "tipo__descricao": "Requerimento", "autoria": "COF - Comiss\u00e3o de Or\u00e7amento e Finan\u00e7as", "texto_original": "http://sapl.sarandi.pr.leg.br/media/./sapl/public/materialegislativa/2018/728/728_texto_integral.pdf", "ementa": "SOLICITA A RETIRADA DE PAUTA COM ADIAMENTO POR (UMA) SEMANA DA TRAMITA\u00c7\u00c3O DO PROJETO DE LEI COMPLEMENTAR N\u00ba 464/2017, DO PODER EXECUTIVO MUNICIPAL. "}, {"id": "729", "ano": "2018", "numero": "103", "tipo__sigla": "REQ", "tipo__descricao": "Requerimento", "autoria": "COF - Comiss\u00e3o de Or\u00e7amento e Finan\u00e7as", "texto_original": "http://sapl.sarandi.pr.leg.br/media/./sapl/public/materialegislativa/2018/729/729_texto_integral.pdf", "ementa": "SOLICITA A RETIRADA DE PAUTA COM ADIAMENTO POR 01 (UMA) SEMANA DA TRAMITA\u00c7\u00c3O DO PROJETO DE LEI COMPLEMENTAR N\u00ba 471/2018, DO PODER EXECUTIVO MUNICIPAL,"}, {"id": "732", "ano": "2018", "numero": "104", "tipo__sigla": "REQ", "tipo__descricao": "Requerimento", "autoria": "Eliana Trautwein Santiago, Aparecido Antonio, Cilas Morais, Dionizio Aparecido Viaro \"Dionizio da Diocar\", Erasmo Cardoso Pereira \"Erasmo da Sa\u00fade\", Mineirinho", "texto_original": "http://sapl.sarandi.pr.leg.br/media/./sapl/public/materialegislativa/2018/732/732_texto_integral.pdf", "ementa": "SOLICITA A FORMA\u00c7\u00c3O DE COMISS\u00c3O PARLAMENTAR DE INQU\u00c9RITO - CPI PARA APURAR DEN\u00daNCIAS NA SECRETARIA MUNICIPAL DE EDUCA\u00c7\u00c3O. "}, {"id": "733", "ano": "2018", "numero": "105", "tipo__sigla": "REQ", "tipo__descricao": "Requerimento", "autoria": "Eunildo Zanchim \"Nild\u00e3o\", Eliana Trautwein Santiago, Erasmo Cardoso Pereira \"Erasmo da Sa\u00fade\"", "texto_original": "http://sapl.sarandi.pr.leg.br/media/./sapl/public/materialegislativa/2018/733/733_texto_integral.pdf", "ementa": "OF\u00cdCIO AO SENHOR PREFEITO, SOLICITANDO A REGULAMENTA\u00c7\u00c3O DO FUNDO MUNICIPAL DE PROTE\u00c7\u00c3O E BEM ESTAR ANIMAL, CRIADO ATRAV\u00c9S DA LEI MUNICIPAL N\u00ba 2313/2017, DE 06.03.2017. "}, {"id": "734", "ano": "2018", "numero": "106", "tipo__sigla": "REQ", "tipo__descricao": "Requerimento", "autoria": "Nito", "texto_original": "http://sapl.sarandi.pr.leg.br/media/./sapl/public/materialegislativa/2018/734/734_texto_integral.pdf", "ementa": "OF\u00cdCIO AO SENHOR PREFEITO, SOLICITANDO QUE PROVIDENCIE A REALIZA\u00c7\u00c3O DE SERVI\u00c7OS DE LIMPEZA DE BOCAS DE LOBO NO PARQUE RESIDENCIAL BOM PASTOR E ALPHAVILLE. "}, {"id": "735", "ano": "2018", "numero": "107", "tipo__sigla": "REQ", "tipo__descricao": "Requerimento", "autoria": "Eliana Trautwein Santiago", "texto_original": "http://sapl.sarandi.pr.leg.br/media/./sapl/public/materialegislativa/2018/735/735_texto_integral.pdf", "ementa": "OF\u00cdCIO AO SENHOR PREFEITO, SOLICITANDO QUE PROVIDENCIE A REALIZA\u00c7\u00c3O DE VISTORIA, VISANDO AVALIAR AS CONDI\u00c7\u00d5ES DA ESTRUTURA DA QUADRA DE ESPORTES LOCALIZADA NO PARQUE S\u00c3O PEDRO. "}, {"id": "736", "ano": "2018", "numero": "108", "tipo__sigla": "REQ", "tipo__descricao": "Requerimento", "autoria": "Gilberto Messias de Pinas \"Gil\"", "texto_original": "http://sapl.sarandi.pr.leg.br/media/./sapl/public/materialegislativa/2018/736/736_texto_integral.pdf", "ementa": "OF\u00cdCIO AO SENHOR PREFEITO, SOLICITANDO ESTUDOS QUANTO A POSSIBILIDADE DO MUNIC\u00cdPIO ESTAR OFERECENDO AOS SERVIDORES, CURSOS DE APH &#8211; ATENDIMENTO PR\u00c9-HOSPITALAR E PRIMEIROS SOCORROS. "}, {"id": "737", "ano": "2018", "numero": "109", "tipo__sigla": "REQ", "tipo__descricao": "Requerimento", "autoria": "Mineirinho", "texto_original": "http://sapl.sarandi.pr.leg.br/media/./sapl/public/materialegislativa/2018/737/737_texto_integral.pdf", "ementa": "OF\u00cdCIO AO SENHOR PREFEITO, SOLICITANDO QUE VIABILIZE A REALIZA\u00c7\u00c3O DE SERVI\u00c7OS DE REFORMA DA CAL\u00c7ADA AO REDOR DA ESCOLA MUNICIPAL TSURO TSUJI DE BARROS CUNHA. "}, {"id": "738", "ano": "2018", "numero": "110", "tipo__sigla": "REQ", "tipo__descricao": "Requerimento", "autoria": "Erasmo Cardoso Pereira \"Erasmo da Sa\u00fade\"", "texto_original": "http://sapl.sarandi.pr.leg.br/media/./sapl/public/materialegislativa/2018/738/738_texto_integral.pdf", "ementa": "OF\u00cdCIO  AO SENHOR PREFEITO, SOLICITANDO QUE TOME PROVID\u00caNCIAS EM CONJUNTO COM A SEJUV, NO SENTIDO DE PROCEDER AO FECHAMENTO LATERAL DA QUADRA DE ESPORTES DO JARDIM DAS FLORES, DE FORMA A SE UTILIZAR O LOCAL PARA PROJETOS DA TERCEIRA IDADE. "}, {"id": "739", "ano": "2018", "numero": "111", "tipo__sigla": "REQ", "tipo__descricao": "Requerimento", "autoria": "Dionizio Aparecido Viaro \"Dionizio da Diocar\"", "texto_original": "http://sapl.sarandi.pr.leg.br/media/./sapl/public/materialegislativa/2018/739/739_texto_integral.pdf", "ementa": "OF\u00cdCIO AO SENHOR PREFEITO, SOLICITANDO QUE PROVIDENCIE A COLOCA\u00c7\u00c3O DE PROTE\u00c7\u00c3O &#8220;GRELHAS&#8221; NAS BOCAS DE LOBO DOS JARDINS; VER\u00c3O, ANA ELIZA E OUTROS.  "}, {"id": "740", "ano": "2018", "numero": "112", "tipo__sigla": "REQ", "tipo__descricao": "Requerimento", "autoria": "Cilas Morais", "texto_original": "http://sapl.sarandi.pr.leg.br/media/./sapl/public/materialegislativa/2018/740/740_texto_integral.pdf", "ementa": "OF\u00cdCIO AO SENHOR PREFEITO, SOLICITANDO QUE PROVIDENCIE A REALIZA\u00c7\u00c3O DE SERVI\u00c7OS DE CONSERTOS &#8220;TROCA&#8221; DOS VIDROS, DO \u00d4NIBUS QUE FAZ A LINHA DA ANPR &#8211; ASSOCIA\u00c7\u00c3O NORTE PARANAENSE DE REABILITA\u00c7\u00c3O."}, {"id": "741", "ano": "2018", "numero": "113", "tipo__sigla": "REQ", "tipo__descricao": "Requerimento", "autoria": "Le\u00e3o", "texto_original": "http://sapl.sarandi.pr.leg.br/media/./sapl/public/materialegislativa/2018/741/741_texto_integral.pdf", "ementa": "OF\u00cdCIO AO SENHOR PREFEITO, SOLICITANDO ESTUDOS EM CONJUNTO COM A SEMUTRANS, NO SENTIDO DE ESTAR ALTERANDO O TRAFEGO NO IN\u00cdCIO DA AVENIDA RIO DE JANEIRO, LIBERANDO O TR\u00c2NSITO EM UMA QUADRA, OU SEJA, AT\u00c9 A RUA PRINCESA ISABEL, PARA OS MOTORISTAS QUE PRECISAM ESTAR CONTORNANDO NO SENTINDO JARDIM PANORAMA. "}, {"id": "742", "ano": "2018", "numero": "114", "tipo__sigla": "REQ", "tipo__descricao": "Requerimento", "autoria": "Aparecido Antonio", "texto_original": "http://sapl.sarandi.pr.leg.br/media/./sapl/public/materialegislativa/2018/742/742_texto_integral.pdf", "ementa": "OF\u00cdCIO AO SECRET\u00c1RIO MUNICIPAL DE MEIO AMBIENTE, SOLICITANDO QUE PROVIDENCIE A REALIZA\u00c7\u00c3O DE SERVI\u00c7OS DE RO\u00c7ADAS NO P\u00c1TIO DA IGREJA S\u00c3O JUDAS TADEU, BEM COMO NO CAMPO DO LOTEAMENTO CH\u00c1CARAS AEROPORTO &#8220;VALE AZUL&#8221;. "}, {"id": "744", "ano": "2018", "numero": "115", "tipo__sigla": "REQ", "tipo__descricao": "Requerimento", "autoria": "Eunildo Zanchim \"Nild\u00e3o\"", "texto_original": "http://sapl.sarandi.pr.leg.br/media/./sapl/public/materialegislativa/2018/744/744_texto_integral.pdf", "ementa": "OF\u00cdCIO AO SENHOR PREFEITO, SOLICITANDO QUE PROVIDENCIE A REALIZA\u00c7\u00c3O DE SERVI\u00c7OS DE RECAPEAMENTO ASF\u00c1LTICO NAS VIAS P\u00daBLICAS DO JARDIM CASTELO. "}, {"id": "745", "ano": "2018", "numero": "116", "tipo__sigla": "REQ", "tipo__descricao": "Requerimento", "autoria": "Aparecido Antonio", "texto_original": "http://sapl.sarandi.pr.leg.br/media/./sapl/public/materialegislativa/2018/745/745_texto_integral.pdf", "ementa": "OF\u00cdCIO AO SENHOR PREFEITO, SOLICITANDO QUE PROVIDENCIE A REALIZA\u00c7\u00c3O DE SERVI\u00c7OS DE REFORMA E ADEQUA\u00c7\u00d5ES DO CAMPO DE FUTEBOL DO PRIMAVERA.  "}, {"id": "746", "ano": "2018", "numero": "117", "tipo__sigla": "REQ", "tipo__descricao": "Requerimento", "autoria": "Cilas Morais", "texto_original": "http://sapl.sarandi.pr.leg.br/media/./sapl/public/materialegislativa/2018/746/746_texto_integral.pdf", "ementa": "OF\u00cdCIO AO SENHOR PREFEITO, SOLICITANDO A DISPONIBILIZA\u00c7\u00c3O DE VIGIAS JUNTO AS UBSS &#8211; UNIDADES B\u00c1SICAS DE SA\u00daDE DE SARANDI. "}, {"id": "747", "ano": "2018", "numero": "118", "tipo__sigla": "REQ", "tipo__descricao": "Requerimento", "autoria": "Gilberto Messias de Pinas \"Gil\"", "texto_original": "http://sapl.sarandi.pr.leg.br/media/./sapl/public/materialegislativa/2018/747/747_texto_integral.pdf", "ementa": "OF\u00cdCIO AO SENHOR PREFEITO, SOLICITANDO ESTUDOS QUANTO A VIABILIDADE DE PROCEDER UMA ALTERA\u00c7\u00c3O DO C\u00d3DIGO DE POSTURA DO MUNIC\u00cdPIO, DE FORMA A PERMITIR QUE O COM\u00c9RCIO EM GERAL POSSA UTILIZAR 30 % (TRINTA POR CENTO) DA \u00c1REA DE CAL\u00c7ADAS. "}, {"id": "748", "ano": "2018", "numero": "119", "tipo__sigla": "REQ", "tipo__descricao": "Requerimento", "autoria": "Mineirinho", "texto_original": "http://sapl.sarandi.pr.leg.br/media/./sapl/public/materialegislativa/2018/748/748_texto_integral.pdf", "ementa": "OF\u00cdCIO AO SENHOR PREFEITO, SOLICITANDO QUE VIABILIZE A INSTALA\u00c7\u00c3O DE 01 (UM) SEM\u00c1FORO, NO CRUZAMENTO DAS RUAS JOS\u00c9 MUNHOZ E EMILIO ANGELO PANASOL, NO JARDIM DOM BOSCO. "}, {"id": "749", "ano": "2018", "numero": "120", "tipo__sigla": "REQ", "tipo__descricao": "Requerimento", "autoria": "Le\u00e3o", "texto_original": "http://sapl.sarandi.pr.leg.br/media/./sapl/public/materialegislativa/2018/749/749_texto_integral.pdf", "ementa": "OF\u00cdCIO AO SENHOR PREFEITO, SOLICITANDO ESTUDOS QUANTO A POSSIBILIDADE DE SE INCLUIR NO EIXO COMERCIAL, O TRECHO DA RUA JOS\u00c9 BONIF\u00c1CIO QUE COMPREENDE AS QUADRAS 224, 227, 225 E 226, NO JARDIM INDEPEND\u00caNCIA 3\u00aa PARTE.  "}, {"id": "750", "ano": "2018", "numero": "121", "tipo__sigla": "REQ", "tipo__descricao": "Requerimento", "autoria": "Dionizio Aparecido Viaro \"Dionizio da Diocar\"", "texto_original": "http://sapl.sarandi.pr.leg.br/media/./sapl/public/materialegislativa/2018/750/750_texto_integral.pdf", "ementa": "OF\u00cdCIO AO SENHOR PREFEITO, SOLICITANDO QUE TOME AS PROVIDENCIAS NECESS\u00c1RIAS NO SENTIDO DE VIABILIZAR, A IMPLANTA\u00c7\u00c3O DE COBERTURA DAS NOVAS PASSARELAS SOBRE O VIADUTO DA AVENIDA CENTRAL, LATERALMENTE AS AVENIDAS LONDRINA E DEPUTADO BORSARI NETO.  "}, {"id": "751", "ano": "2018", "numero": "122", "tipo__sigla": "REQ", "tipo__descricao": "Requerimento", "autoria": "Nito, Dionizio Aparecido Viaro \"Dionizio da Diocar\"", "texto_original": "http://sapl.sarandi.pr.leg.br/media/./sapl/public/materialegislativa/2018/751/751_texto_integral.pdf", "ementa": "OF\u00cdCIO AO SENHOR PREFEITO, SOLICITANDO QUE PROVIDENCIE A REALIZA\u00c7\u00c3O DE SERVI\u00c7OS DE REFORMA, NO PR\u00c9DIO O QUAL ATUALMENTE EST\u00c1 LOCALIZADO O CONSELHO TUTELAR DE SARANDI. "}, {"id": "753", "ano": "2018", "numero": "123", "tipo__sigla": "REQ", "tipo__descricao": "Requerimento", "autoria": "Dionizio Aparecido Viaro \"Dionizio da Diocar\"", "texto_original": "http://sapl.sarandi.pr.leg.br/media/./sapl/public/materialegislativa/2018/753/753_texto_integral.pdf", "ementa": "SOLICITA A DISPENSA DE INTERST\u00cdCIO DE TERCEIRA DISCUSS\u00c3O E VOTA\u00c7\u00c3O, DO PROJETO DE LEI N\u00ba 2687/2017, DO EDIL DIONIZIO APARECIDO VIARO."}, {"id": "754", "ano": "2018", "numero": "124", "tipo__sigla": "REQ", "tipo__descricao": "Requerimento", "autoria": "Erasmo Cardoso Pereira \"Erasmo da Sa\u00fade\"", "texto_original": "http://sapl.sarandi.pr.leg.br/media/./sapl/public/materialegislativa/2018/754/754_texto_integral.pdf", "ementa": "SOLICITA A DISPENSA DE INTERST\u00cdCIO DE TERCEIRA DISCUSS\u00c3O E VOTA\u00c7\u00c3O, DO PROJETO DE LEI N\u00ba 2707/2018, DOS EDIS ERASMO CARDOSO PEREIRA E ELIANA TRAUTWEIN SANTIAGO. "}, {"id": "755", "ano": "2018", "numero": "125", "tipo__sigla": "REQ", "tipo__descricao": "Requerimento", "autoria": "Eunildo Zanchim \"Nild\u00e3o\"", "texto_original": "http://sapl.sarandi.pr.leg.br/media/./sapl/public/materialegislativa/2018/755/755_texto_integral.pdf", "ementa": "SOLICITA A INCLUS\u00c3O NA ORDEM DO DIA DA SESS\u00c3O ORDIN\u00c1RIA DIA 02 DE MAIO DE 2018, DO PROJETO DE LEI COMPLEMENTAR N\u00ba 471/2018, DO PODER EXECUTIVO MUNICIPAL. "}, {"id": "756", "ano": "2018", "numero": "126", "tipo__sigla": "REQ", "tipo__descricao": "Requerimento", "autoria": "Eunildo Zanchim \"Nild\u00e3o\"", "texto_original": "http://sapl.sarandi.pr.leg.br/media/./sapl/public/materialegislativa/2018/756/756_texto_integral.pdf", "ementa": "SOLICITA A DISPENSA DE INTERST\u00cdCIO DE TERCEIRA DISCUSS\u00c3O E VOTA\u00c7\u00c3O, DO PROJETO DE LEI COMPLEMENTAR N\u00ba 471/2018, DO PODER EXECUTIVO MUNICIPAL. "}, {"id": "757", "ano": "2018", "numero": "127", "tipo__sigla": "REQ", "tipo__descricao": "Requerimento", "autoria": "Eunildo Zanchim \"Nild\u00e3o\"", "texto_original": "http://sapl.sarandi.pr.leg.br/media/./sapl/public/materialegislativa/2018/757/757_texto_integral.pdf", "ementa": "SOLICITA A INCLUS\u00c3O NA ORDEM DO DIA DA SESS\u00c3O ORDIN\u00c1RIA DO DIA 02 DE MAIO DE 2018, DO PROJETO DE LEI N\u00ba 2715/2018, DO PODER EXECUTIVO MUNICIPAL."}, {"id": "759", "ano": "2018", "numero": "128", "tipo__sigla": "REQ", "tipo__descricao": "Requerimento", "autoria": "Eunildo Zanchim \"Nild\u00e3o\"", "texto_original": "http://sapl.sarandi.pr.leg.br/media/./sapl/public/materialegislativa/2018/759/759_texto_integral.pdf", "ementa": "SOLICITA A DISPENSA DE INTERST\u00cdCIO DE TERCEIRA DISCUSS\u00c3O E VOTA\u00c7\u00c3O, DO PROJETO DE LEI N\u00ba 2701/2018, DO PODER EXECUTIVO MUNICIPAL. "}, {"id": "760", "ano": "2018", "numero": "129", "tipo__sigla": "REQ", "tipo__descricao": "Requerimento", "autoria": "Eunildo Zanchim \"Nild\u00e3o\"", "texto_original": "http://sapl.sarandi.pr.leg.br/media/./sapl/public/materialegislativa/2018/760/760_texto_integral.pdf", "ementa": "SOLICITA A DISPENSA DE INTERST\u00cdCIO DE TERCEIRA DISCUSS\u00c3O E VOTA\u00c7\u00c3O, DO PROJETO DE LEI N\u00ba 2710/2018, DO PODER EXECUTIVO MUNICIPAL."}, {"id": "761", "ano": "2018", "numero": "130", "tipo__sigla": "REQ", "tipo__descricao": "Requerimento", "autoria": "Eunildo Zanchim \"Nild\u00e3o\"", "texto_original": "http://sapl.sarandi.pr.leg.br/media/./sapl/public/materialegislativa/2018/761/761_texto_integral.pdf", "ementa": "SOLICITA A DISPENSA DE INTERST\u00cdCIO DE TERCEIRA DISCUSS\u00c3O E VOTA\u00c7\u00c3O, DO PROJETO DE LEI N\u00ba 2711/2018, DO EDIL EUNILDO ZANCHIM. "}, {"id": "762", "ano": "2018", "numero": "131", "tipo__sigla": "REQ", "tipo__descricao": "Requerimento", "autoria": "Eunildo Zanchim \"Nild\u00e3o\"", "texto_original": "http://sapl.sarandi.pr.leg.br/media/./sapl/public/materialegislativa/2018/762/762_texto_integral.pdf", "ementa": "SOLICITA A DISPENSA DE INTERST\u00cdCIO DE TERCEIRA DISCUSS\u00c3O E VOTA\u00c7\u00c3O, DO PROJETO DE LEI N\u00ba 2714/2018, DO PODER EXECUTIVO MUNICIPAL. "}, {"id": "763", "ano": "2018", "numero": "132", "tipo__sigla": "REQ", "tipo__descricao": "Requerimento", "autoria": "Eunildo Zanchim \"Nild\u00e3o\"", "texto_original": "http://sapl.sarandi.pr.leg.br/media/./sapl/public/materialegislativa/2018/763/763_texto_integral.pdf", "ementa": "SOLICITA A DISPENSA DE INTERST\u00cdCIO DE TERCEIRA DISCUSS\u00c3O E VOTA\u00c7\u00c3O, DO PROJETO DE LEI N\u00ba 2715/2018, DO PODER EXECUTIVO MUNICIPAL. "}, {"id": "764", "ano": "2018", "numero": "133", "tipo__sigla": "REQ", "tipo__descricao": "Requerimento", "autoria": "Eunildo Zanchim \"Nild\u00e3o\"", "texto_original": "http://sapl.sarandi.pr.leg.br/media/./sapl/public/materialegislativa/2018/764/764_texto_integral.pdf", "ementa": "OF\u00cdCIO AO SENHOR PREFEITO, SOLICITANDO A CRIA\u00c7\u00c3O DE UM PROGRAMA DE COLETA SELETIVA COM INCLUS\u00c3O SOCIAL E ECON\u00d4MICA, DOS CATADORES DE MATERIAIS RECICL\u00c1VEIS DE SARANDI. "}, {"id": "765", "ano": "2018", "numero": "134", "tipo__sigla": "REQ", "tipo__descricao": "Requerimento", "autoria": "Aparecido Antonio", "texto_original": "http://sapl.sarandi.pr.leg.br/media/./sapl/public/materialegislativa/2018/765/765_texto_integral.pdf", "ementa": "OF\u00cdCIO AO SENHOR PREFEITO, SOLICITANDO QUE COLOQUE EM PR\u00c1TICA A LEI MUNICIPAL N\u00ba 1890/2011, DE 03.11.2011, A QUAL TORNA OBRIGAT\u00d3RIA A INSTALA\u00c7\u00c3O DE DISPOSITIVOS DE SEGURAN\u00c7A NAS AG\u00caNCIAS E NOS POSTOS DE SERVI\u00c7OS DAS INSTITUI\u00c7\u00d5ES FINANCEIRAS DE SARANDI. "}, {"id": "766", "ano": "2018", "numero": "135", "tipo__sigla": "REQ", "tipo__descricao": "Requerimento", "autoria": "Cilas Morais", "texto_original": "http://sapl.sarandi.pr.leg.br/media/./sapl/public/materialegislativa/2018/766/766_texto_integral.pdf", "ementa": "OF\u00cdCIO AO SENHOR PREFEITO, SOLICITANDO A REALIZA\u00c7\u00c3O DE SERVI\u00c7OS DE LIMPEZA E RO\u00c7ADAS DO LADO DE FORA DO CEMIT\u00c9RIO MUNICIPAL AUGUSTO WOLFF. "}, {"id": "767", "ano": "2018", "numero": "136", "tipo__sigla": "REQ", "tipo__descricao": "Requerimento", "autoria": "Dionizio Aparecido Viaro \"Dionizio da Diocar\"", "texto_original": "http://sapl.sarandi.pr.leg.br/media/./sapl/public/materialegislativa/2018/767/767_texto_integral.pdf", "ementa": "OF\u00cdCIO AO SENHOR PREFEITO, SOLICITANDO ESTUDOS QUANTO A POSSIBILIDADE DA IMPLANTA\u00c7\u00c3O DE SISTEMA BIN\u00c1RIO, NAS RUAS DO JARDIM UNIVERSAL E DO PARQUE RESIDENCIAL BOM PASTOR. "}, {"id": "768", "ano": "2018", "numero": "137", "tipo__sigla": "REQ", "tipo__descricao": "Requerimento", "autoria": "Erasmo Cardoso Pereira \"Erasmo da Sa\u00fade\"", "texto_original": "http://sapl.sarandi.pr.leg.br/media/./sapl/public/materialegislativa/2018/768/768_texto_integral.pdf", "ementa": "OF\u00cdCIO AO SENHOR PREFEITO, SOLICITANDO QUE VIABILIZE ESTUDOS QUANTO A ELABORA\u00c7\u00c3O DE UM PROJETO DE ILUMINA\u00c7\u00c3O EM LED NA EXTENS\u00c3O NA AVENIDA CENTRAL &#8220;ANTIGA RODOVIA BR-376&#8221; E VIADUTOS, QUE DELIMITA SARANDI X MARING\u00c1 X MARIALVA.  "}, {"id": "769", "ano": "2018", "numero": "138", "tipo__sigla": "REQ", "tipo__descricao": "Requerimento", "autoria": "Le\u00e3o", "texto_original": "http://sapl.sarandi.pr.leg.br/media/./sapl/public/materialegislativa/2018/769/769_texto_integral.pdf", "ementa": "OF\u00cdCIO AO SENHOR PREFEITO, SOLICITANDO A ELABORA\u00c7\u00c3O DE UM PROJETO DE LEI, PARA AS REGULAMENTA\u00c7\u00d5ES DE TODAS AS CONSTRU\u00c7\u00d5ES IRREGULARES EXISTENTES NO MUNIC\u00cdPIO DE SARANDI, SEJA RESIDENCIAL, COMERCIAL OU INDUSTRIAL. "}, {"id": "770", "ano": "2018", "numero": "139", "tipo__sigla": "REQ", "tipo__descricao": "Requerimento", "autoria": "Eliana Trautwein Santiago", "texto_original": "http://sapl.sarandi.pr.leg.br/media/./sapl/public/materialegislativa/2018/770/770_texto_integral.pdf", "ementa": "OF\u00cdCIO AO SENHOR PREFEITO, SOLICITANDO QUE INFORME A ESTA CASA DE LEIS, EM QUE FASE EST\u00c1 O PROCESSO PARA A REALIZA\u00c7\u00c3O DE CONCURSO P\u00daBLICO PARA A CONTRATA\u00c7\u00c3O DE SERVIDORES DAS DIVERSAS \u00c1REAS, PRINCIPALMENTE PARA A CONTRATA\u00c7\u00c3O DE M\u00c9DICOS.  "}, {"id": "771", "ano": "2018", "numero": "140", "tipo__sigla": "REQ", "tipo__descricao": "Requerimento", "autoria": "Mineirinho, Cilas Morais", "texto_original": "http://sapl.sarandi.pr.leg.br/media/./sapl/public/materialegislativa/2018/771/771_texto_integral.pdf", "ementa": "OF\u00cdCIO AO SENHOR PREFEITO, SOLICITANDO QUE VIABILIZE A CONSTRU\u00c7\u00c3O DE 01 (UMA) PLATAFORMA NO LAGO DO PARQUE ECOL\u00d3GICO JO\u00c3O PAULO II, PARA A REALIZA\u00c7\u00c3O DE BATISMOS E OUTRAS CERIM\u00d4NIAS. "}, {"id": "772", "ano": "2018", "numero": "141", "tipo__sigla": "REQ", "tipo__descricao": "Requerimento", "autoria": "Nito, Le\u00e3o", "texto_original": "http://sapl.sarandi.pr.leg.br/media/./sapl/public/materialegislativa/2018/772/772_texto_integral.pdf", "ementa": "OF\u00cdCIO AO SENHOR PREFEITO, SOLICITANDO QUE INFORME A ESTA CASA DE LEIS, SE EXISTEM ESTUDOS OU PREVIS\u00c3O PARA A REALIZA\u00c7\u00c3O DE SERVI\u00c7OS DE REPAROS E/OU AMPLIA\u00c7\u00c3O DA PONTA SOBRE O RIBEIR\u00c3O SARANDI, LOCALIZADA NA ESTRADA DO KM 08. "}, {"id": "785", "ano": "2018", "numero": "142", "tipo__sigla": "REQ", "tipo__descricao": "Requerimento", "autoria": "Mineirinho", "texto_original": "http://sapl.sarandi.pr.leg.br/media/./sapl/public/materialegislativa/2018/785/785_texto_integral.pdf", "ementa": "OF\u00cdCIO AO SENHOR PREFEITO, SOLICITANDO A INSTALA\u00c7\u00c3O DE SEM\u00c1FOROS NA AVENIDA MARING\u00c1, CRUZAMENTO COM A RUA DAS NA\u00c7\u00d5ES. "}, {"id": "776", "ano": "2018", "numero": "143", "tipo__sigla": "REQ", "tipo__descricao": "Requerimento", "autoria": "Cilas Morais", "texto_original": "http://sapl.sarandi.pr.leg.br/media/./sapl/public/materialegislativa/2018/776/776_texto_integral.pdf", "ementa": "OF\u00cdCIO AO SENHOR PREFEITO, SOLICITANDO A CONSTRU\u00c7\u00c3O DE 01 (UMA) CRECHE NO JARDIM NOVO BERTIOGA. "}, {"id": "777", "ano": "2018", "numero": "144", "tipo__sigla": "REQ", "tipo__descricao": "Requerimento", "autoria": "Aparecido Antonio", "texto_original": "http://sapl.sarandi.pr.leg.br/media/./sapl/public/materialegislativa/2018/777/777_texto_integral.pdf", "ementa": "OF\u00cdCIO AO SENHOR PREFEITO, SOLICITANDO QUE ESTUDE A POSSIBILIDADE DA CRIA\u00c7\u00c3O DE SERVI\u00c7O INTITULADO &#8220;PATRULHA DO SOM&#8221;. "}, {"id": "778", "ano": "2018", "numero": "145", "tipo__sigla": "REQ", "tipo__descricao": "Requerimento", "autoria": "Le\u00e3o", "texto_original": "http://sapl.sarandi.pr.leg.br/media/./sapl/public/materialegislativa/2018/778/778_texto_integral.pdf", "ementa": "OF\u00cdCIO AO SENHOR PREFEITO, SOLICITANDO QUE INFORME COMO SER\u00c1 EXECUTADO A 2\u00aa ETAPA DE PAVIMENTA\u00c7\u00c3O ASF\u00c1LTICA DO LOTEAMENTO DENOMINADO JARDIM NOVA ALIAN\u00c7A. "}, {"id": "779", "ano": "2018", "numero": "146", "tipo__sigla": "REQ", "tipo__descricao": "Requerimento", "autoria": "Gilberto Messias de Pinas \"Gil\"", "texto_original": "http://sapl.sarandi.pr.leg.br/media/./sapl/public/materialegislativa/2018/779/779_texto_integral.pdf", "ementa": "OF\u00cdCIO AO SENHOR PREFEITO, SOLICITANDO QUE VIABILIZE A CONSTRU\u00c7\u00c3O DE 02 (DOIS) CAMPOS DE FUTEBOL SOCIETY, EM SARANDI, SENDO UM NO PARQUE ECOL\u00d3GICO E O OUTRO NO CONJUNTO HABITACIONAL JOS\u00c9 RICHA. "}, {"id": "780", "ano": "2018", "numero": "147", "tipo__sigla": "REQ", "tipo__descricao": "Requerimento", "autoria": "Dionizio Aparecido Viaro \"Dionizio da Diocar\"", "texto_original": "http://sapl.sarandi.pr.leg.br/media/./sapl/public/materialegislativa/2018/780/780_texto_integral.pdf", "ementa": "OF\u00cdCIO AO SENHOR PREFEITO, SOLICITANDO QUE PROVIDENCIE O REBAIXAMENTO DA ILUMINA\u00c7\u00c3O P\u00daBLICA NA AVENIDA RIACHUELO E DA RUA JO\u00c3O VI, NO JARDIM INDEPEND\u00caNCIA 3\u00aa PARTE. "}, {"id": "781", "ano": "2018", "numero": "148", "tipo__sigla": "REQ", "tipo__descricao": "Requerimento", "autoria": "Eunildo Zanchim \"Nild\u00e3o\"", "texto_original": "http://sapl.sarandi.pr.leg.br/media/./sapl/public/materialegislativa/2018/781/781_texto_integral.pdf", "ementa": "OF\u00cdCIO AO SENHOR PREFEITO, SOLICITANDO QUE DETERMINE A IMPLANTA\u00c7\u00c3O DE ILUMINA\u00c7\u00c3O EM TODAS AS PASSARELAS PARA PEDESTRES EXISTENTES AO LONGO DA AVENIDA COLOMBO. "}, {"id": "782", "ano": "2018", "numero": "149", "tipo__sigla": "REQ", "tipo__descricao": "Requerimento", "autoria": "Nito", "texto_original": "http://sapl.sarandi.pr.leg.br/media/./sapl/public/materialegislativa/2018/782/782_texto_integral.pdf", "ementa": "OF\u00cdCIO AO SENHOR PREFEITO, SOLICITANDO QUE PROVIDENCIE A IMPLANTA\u00c7\u00c3O DE REDUTORES DE VELOCIDADE NAS RUA S\u00c3O DIMAS, S\u00c3O JO\u00c3O BATISTA E S\u00c3O JUDAS TADEU, NO PARQUE RESIDENCIAL ALPHAVILLE. "}, {"id": "783", "ano": "2018", "numero": "150", "tipo__sigla": "REQ", "tipo__descricao": "Requerimento", "autoria": "Eliana Trautwein Santiago", "texto_original": "http://sapl.sarandi.pr.leg.br/media/./sapl/public/materialegislativa/2018/783/783_texto_integral.pdf", "ementa": "OF\u00cdCIO AO SENHOR PREFEITO, SOLICITANDO QUE PROVIDENCIE O REBAIXAMENTO DA ILUMINA\u00c7\u00c3O P\u00daBLICA DO JARDIM REAL. "}, {"id": "784", "ano": "2018", "numero": "151", "tipo__sigla": "REQ", "tipo__descricao": "Requerimento", "autoria": "Erasmo Cardoso Pereira \"Erasmo da Sa\u00fade\"", "texto_original": "http://sapl.sarandi.pr.leg.br/media/./sapl/public/materialegislativa/2018/784/784_texto_integral.pdf", "ementa": "OF\u00cdCIO AO SENHOR PREFEITO, SOLICITANDO QUE VIABILIZE A INSTALA\u00c7\u00c3O DE 01 (UMA) ATI &#8211; ACADEMIA DA TERCEIRA IDADE, NOS FUNDOS DO POSTO DE SA\u00daDE DO JARDIM VER\u00c3O.  "}, {"id": "786", "ano": "2018", "numero": "152", "tipo__sigla": "REQ", "tipo__descricao": "Requerimento", "autoria": "Mineirinho, Aparecido Antonio", "texto_original": "http://sapl.sarandi.pr.leg.br/media/./sapl/public/materialegislativa/2018/786/786_texto_integral.pdf", "ementa": "OF\u00cdCIO AO SENHOR PREFEITO, SOLICITANDO QUE ESTUDE A POSSIBILIDADE DA RESTAURA\u00c7\u00c3O DO CAMPO DE FUTEBOL DO JARDIM VERA CRUZ. "}, {"id": "787", "ano": "2018", "numero": "153", "tipo__sigla": "REQ", "tipo__descricao": "Requerimento", "autoria": "Gilberto Messias de Pinas \"Gil\"", "texto_original": "http://sapl.sarandi.pr.leg.br/media/./sapl/public/materialegislativa/2018/787/787_texto_integral.pdf", "ementa": " OF\u00cdCIO AO SENHOR PREFEITO, SOLICITANDO A INSTALA\u00c7\u00c3O DE 0L (UMA) ATI &#8211; ACADEMIA DA TERCEIRA IDADE, NA RUA DIAMANTINO COM A RUA NOVA LONDRINA, NO JARDIM ESPERAN\u00c7A 4\u00aa PARTE. "}, {"id": "788", "ano": "2018", "numero": "154", "tipo__sigla": "REQ", "tipo__descricao": "Requerimento", "autoria": "Eunildo Zanchim \"Nild\u00e3o\", Eliana Trautwein Santiago", "texto_original": "http://sapl.sarandi.pr.leg.br/media/./sapl/public/materialegislativa/2018/788/788_texto_integral.pdf", "ementa": "OF\u00cdCIO AO SENHOR PREFEITO, SOLICITANDO A IMPLANTA\u00c7\u00c3O DE REDE DE ESGOTO NO PARQUE S\u00c3O PEDRO. "}, {"id": "789", "ano": "2018", "numero": "155", "tipo__sigla": "REQ", "tipo__descricao": "Requerimento", "autoria": "Aparecido Antonio", "texto_original": "http://sapl.sarandi.pr.leg.br/media/./sapl/public/materialegislativa/2018/789/789_texto_integral.pdf", "ementa": "OF\u00cdCIO AO SENHOR PREFEITO, SOLICITANDO A REALIZA\u00c7\u00c3O DE SERVI\u00c7OS DE ABERTURA E CASCALHAMENTO DAS RUAS NO JARDIM INDEPEND\u00caNCIA 3\u00aa PARTE, PR\u00d3XIMO A UNISSA. "}, {"id": "790", "ano": "2018", "numero": "156", "tipo__sigla": "REQ", "tipo__descricao": "Requerimento", "autoria": "Le\u00e3o", "texto_original": "http://sapl.sarandi.pr.leg.br/media/./sapl/public/materialegislativa/2018/790/790_texto_integral.pdf", "ementa": "OF\u00cdCIO AO SENHOR PREFEITO, SOLICITANDO UM ESTUDO EFETUADO PELAS SECRETARIAS MUNICIPAIS DE ADMINISTRA\u00c7\u00c3O E FAZENDA, SOBRE O \u00cdNDICE DE GASTO COM A FOLHA DE PAGAMENTO, IMPACTO DA FOLHA, E AINDA COM RELA\u00c7\u00c3O \u00c1 ARRECADA\u00c7\u00c3O, SE EST\u00c1 DENTRO DA PREVIS\u00c3O. "}, {"id": "791", "ano": "2018", "numero": "157", "tipo__sigla": "REQ", "tipo__descricao": "Requerimento", "autoria": "Dionizio Aparecido Viaro \"Dionizio da Diocar\"", "texto_original": "http://sapl.sarandi.pr.leg.br/media/./sapl/public/materialegislativa/2018/791/791_texto_integral.pdf", "ementa": "OF\u00cdCIO AO SENHOR PREFEITO, SOLICITANDO QUE FA\u00c7A O RECAPE ASF\u00c1LTICO DA AVENIDA NOVA AURORA, AT\u00c9 A DIVISA DO JARDIM NOVA INDEPEND\u00caNCIA 1\u00aa PARTE, DA RUA 19 AT\u00c9 A RUA 26. "}, {"id": "792", "ano": "2018", "numero": "158", "tipo__sigla": "REQ", "tipo__descricao": "Requerimento", "autoria": "Eliana Trautwein Santiago", "texto_original": "http://sapl.sarandi.pr.leg.br/media/./sapl/public/materialegislativa/2018/792/792_texto_integral.pdf", "ementa": "OF\u00cdCIO \u00c1 SECRETARIA MUNICIPAL DE EDUCA\u00c7\u00c3O, SOLICITANDO QUE PROVIDENCIE A CRIA\u00c7\u00c3O DA CARTEIRINHA DO PROFESSOR, EM CONFORMIDADE COM A LEI ESTADUAL. "}, {"id": "793", "ano": "2018", "numero": "159", "tipo__sigla": "REQ", "tipo__descricao": "Requerimento", "autoria": "Nito", "texto_original": "http://sapl.sarandi.pr.leg.br/media/./sapl/public/materialegislativa/2018/793/793_texto_integral.pdf", "ementa": "OF\u00cdCIO AO SENHOR PREFEITO E \u00c1 SECRETARIA DE SA\u00daDE, SOLICITANDO A COLOCA\u00c7\u00c3O DE 01 (UM) FISIOTERAPEUTA E 01 (UM) PSIC\u00d3LOGO, PARA ESTAREM FAZENDO O ATENDIMENTO NAS RESID\u00caNCIAS, AOS PACIENTES QUE SE ENCONTRAM ACAMADOS. "}, {"id": "794", "ano": "2018", "numero": "160", "tipo__sigla": "REQ", "tipo__descricao": "Requerimento", "autoria": "Cilas Morais", "texto_original": "http://sapl.sarandi.pr.leg.br/media/./sapl/public/materialegislativa/2018/794/794_texto_integral.pdf", "ementa": "OF\u00cdCIO AO SENHOR PREFEITO, SOLICITANDO QUE VIABILIZE A AQUISI\u00c7\u00c3O DE 02 (DOIS) VE\u00cdCULOS/VANS E 02 (DOIS) \u00d4NIBUS, PARA O ATENDIMENTO \u00c0 COMUNIDADE.  "}, {"id": "805", "ano": "2018", "numero": "161", "tipo__sigla": "REQ", "tipo__descricao": "Requerimento", "autoria": "Eunildo Zanchim \"Nild\u00e3o\"", "texto_original": "http://sapl.sarandi.pr.leg.br/media/sapl/public/materialegislativa/2018/805/req.__161.2018.pdf", "ementa": "SOLICITA A DISPENSA DE INTERST\u00cdCIO DE TERCEIRA \r\nDISCUSS\u00c3O e VOTA\u00c7\u00c3O, e AINDA A APROVA\u00c7\u00c3O DA REDA\u00c7\u00c3O FINAL, do \r\nProjeto de Lei n\u00b0 2718/2018, de Autoria do PODER EXECUTIVO MUNICIPAL."}, {"id": "806", "ano": "2018", "numero": "162", "tipo__sigla": "REQ", "tipo__descricao": "Requerimento", "autoria": "Eunildo Zanchim \"Nild\u00e3o\"", "texto_original": "http://sapl.sarandi.pr.leg.br/media/sapl/public/materialegislativa/2018/806/req._162.2018.pdf", "ementa": "SOLICITA A DISPENSA DE INTERST\u00cdCIO DE TERCEIRA DISCUSS\u00c3O e VOTA\u00c7\u00c3O,  do Projeto de Lei n\u00b0 2719/2018, de Autoria do PODER EXECUTIVO MUNICIPAL."}, {"id": "807", "ano": "2018", "numero": "163", "tipo__sigla": "REQ", "tipo__descricao": "Requerimento", "autoria": "Eunildo Zanchim \"Nild\u00e3o\"", "texto_original": "http://sapl.sarandi.pr.leg.br/media/sapl/public/materialegislativa/2018/807/req._163.2018.pdf", "ementa": "SOLICITA A DISPENSA DE INTERST\u00cdCIO DE TERCEIRA DISCUSS\u00c3O E VOTA\u00c7\u00c3O, DO PROJETO DE LEI N\u00ba 2720/2018, DO PODER EXECUTIVO MUNICIPAL."}, {"id": "808", "ano": "2018", "numero": "164", "tipo__sigla": "REQ", "tipo__descricao": "Requerimento", "autoria": "Eunildo Zanchim \"Nild\u00e3o\"", "texto_original": "http://sapl.sarandi.pr.leg.br/media/sapl/public/materialegislativa/2018/808/req._164.2018.pdf", "ementa": "SOLICITA A DISPENSA DE INTERST\u00cdCIO DE TERCEIRA DISCUSS\u00c3O E VOTA\u00c7\u00c3O, E AINDA A APROVA\u00c7\u00c3O DA REDA\u00c7\u00c3O FINAL, DO PROJETO DE LEI N\u00ba 2721/2018, DO PODER EXECUTIVO MUNICIPAL."}, {"id": "809", "ano": "2018", "numero": "165", "tipo__sigla": "REQ", "tipo__descricao": "Requerimento", "autoria": "Eunildo Zanchim \"Nild\u00e3o\"", "texto_original": "http://sapl.sarandi.pr.leg.br/media/sapl/public/materialegislativa/2018/809/req._165.2018.pdf", "ementa": "SOLICITA A DISPENSA DE INTERST\u00cdCIO DE TERCEIRA DISCUSS\u00c3O E VOTA\u00c7\u00c3O, A AINDA A APROVA\u00c7\u00c3O DA REDA\u00c7\u00c3O FINAL, DO PROJETO DE LEI N\u00ba 2722/2018, DO PODER EXECUTIVO MUNICIPAL."}, {"id": "810", "ano": "2018", "numero": "166", "tipo__sigla": "REQ", "tipo__descricao": "Requerimento", "autoria": "Eunildo Zanchim \"Nild\u00e3o\"", "texto_original": "http://sapl.sarandi.pr.leg.br/media/sapl/public/materialegislativa/2018/810/req._166.2018.pdf", "ementa": "SOLICITA A DISPENSA DE INTERST\u00cdCIO DE TERCEIRA DISCUSS\u00c3O E VOTA\u00c7\u00c3O, DO PROJETO DE LEI COMPLEMENTAR N\u00ba 474/2018, DO PODER EXECUTIVO MUNICIPAL."}, {"id": "811", "ano": "2018", "numero": "167", "tipo__sigla": "REQ", "tipo__descricao": "Requerimento", "autoria": "Eunildo Zanchim \"Nild\u00e3o\"", "texto_original": "http://sapl.sarandi.pr.leg.br/media/sapl/public/materialegislativa/2018/811/req._167.2018.pdf", "ementa": "SOLICITA A DISPENSA DE INTERST\u00cdCIO DE TERCEIRA DISCUSS\u00c3O E VOTA\u00c7\u00c3O, A AINDA A APROVA\u00c7\u00c3O DA REDA\u00c7\u00c3O FINAL, DO PROJETO DE LEI COMPLEMENTAR N\u00ba 477/2018, DO PODER EXECUTIVO MUNICIPAL."}, {"id": "812", "ano": "2018", "numero": "168", "tipo__sigla": "REQ", "tipo__descricao": "Requerimento", "autoria": "Eunildo Zanchim \"Nild\u00e3o\"", "texto_original": "http://sapl.sarandi.pr.leg.br/media/sapl/public/materialegislativa/2018/812/req._168-2018.pdf", "ementa": "SOLICITA A DISPENSA DE INTERST\u00cdCIO DE TERCEIRA DISCUSS\u00c3O E VOTA\u00c7\u00c3O, DO PROJETO DE LEI N\u00ba 2712/2018, DO PODER EXECUTIVO MUNICIPAL."}, {"id": "813", "ano": "2018", "numero": "169", "tipo__sigla": "REQ", "tipo__descricao": "Requerimento", "autoria": "Eunildo Zanchim \"Nild\u00e3o\"", "texto_original": "http://sapl.sarandi.pr.leg.br/media/sapl/public/materialegislativa/2018/813/req._169-2018.pdf", "ementa": "SOLICITA A DISPENSA DE INTERST\u00cdCIO DE TERCEIRA DISCUSS\u00c3O E VOTA\u00c7\u00c3O, DO PROJETO DE LEI N\u00ba 2713/2018, DO PODER EXECUTIVO MUNICIPAL."}, {"id": "814", "ano": "2018", "numero": "170", "tipo__sigla": "REQ", "tipo__descricao": "Requerimento", "autoria": "Mineirinho", "texto_original": "http://sapl.sarandi.pr.leg.br/media/sapl/public/materialegislativa/2018/814/req._170-2018.pdf", "ementa": "Of\u00edcio ao Senhor Prefeito, solicitando que mantenha entendimento junto \u00e0 ALL, visando a instala\u00e7\u00e3o de sensores de alerta luminosos, nos cruzamentos da linha f\u00e9rrea com as Ruas Jos\u00e9 Munhoz, At\u00edlio Salval\u00e1ggio e Am\u00e9rica."}, {"id": "815", "ano": "2018", "numero": "171", "tipo__sigla": "REQ", "tipo__descricao": "Requerimento", "autoria": "Gilberto Messias de Pinas \"Gil\"", "texto_original": "http://sapl.sarandi.pr.leg.br/media/sapl/public/materialegislativa/2018/815/req._171-2018.pdf", "ementa": "Of\u00edcio ao Senhor Prefeito, solicitando a constru\u00e7\u00e3o de muro ao redor do Cemit\u00e9rio Municipal \u201cAugusto Wolff\u201d."}, {"id": "816", "ano": "2018", "numero": "172", "tipo__sigla": "REQ", "tipo__descricao": "Requerimento", "autoria": "Aparecido Antonio", "texto_original": "http://sapl.sarandi.pr.leg.br/media/sapl/public/materialegislativa/2018/816/req._172-2018.pdf", "ementa": "Of\u00edcio ao Senhor Prefeito, solicitando a constru\u00e7\u00e3o de piso cimentado no parquinho da Pra\u00e7a do Jardim Calif\u00f3rnia."}, {"id": "818", "ano": "2018", "numero": "173", "tipo__sigla": "REQ", "tipo__descricao": "Requerimento", "autoria": "Eliana Trautwein Santiago", "texto_original": "http://sapl.sarandi.pr.leg.br/media/sapl/public/materialegislativa/2018/818/req._173-2018.pdf", "ementa": "Of\u00edcio ao Senhor Prefeito, solicitando a cria\u00e7\u00e3o de Projeto de Lei, para delibera\u00e7\u00e3o do Legislativo, dispensando de parte da jornada de trabalho, servidores que acompanham dependentes com defici\u00eancia."}, {"id": "819", "ano": "2018", "numero": "174", "tipo__sigla": "REQ", "tipo__descricao": "Requerimento", "autoria": "Cilas Morais", "texto_original": "http://sapl.sarandi.pr.leg.br/media/sapl/public/materialegislativa/2018/819/req._174-2018.pdf", "ementa": "Of\u00edcio ao Senhor Prefeito, solicitando que providencie a instala\u00e7\u00e3o de 01 (um) SEM\u00c1FORO na conflu\u00eancia da Pra\u00e7a Ipiranga com a Avenida Maring\u00e1 e a Rua Pedro Galindo Garcia."}, {"id": "820", "ano": "2018", "numero": "175", "tipo__sigla": "REQ", "tipo__descricao": "Requerimento", "autoria": "Erasmo Cardoso Pereira \"Erasmo da Sa\u00fade\"", "texto_original": "http://sapl.sarandi.pr.leg.br/media/sapl/public/materialegislativa/2018/820/req._175-2018.pdf", "ementa": "Of\u00edcio ao Senhor Prefeito, solicitando a Secretaria de Meio Ambiente que fa\u00e7am um estudo no sentido de implantar um projeto de paisagismo com flores, nas pra\u00e7as municipais."}, {"id": "821", "ano": "2018", "numero": "176", "tipo__sigla": "REQ", "tipo__descricao": "Requerimento", "autoria": "Dionizio Aparecido Viaro \"Dionizio da Diocar\"", "texto_original": "http://sapl.sarandi.pr.leg.br/media/sapl/public/materialegislativa/2018/821/req._no_176-2018.pdf", "ementa": "Of\u00edcio ao Senhor Prefeito, solicitando que providencie a realiza\u00e7\u00e3o de um levantamento dos locais que necessitam de galerias de \u00e1guas pluviais na regi\u00e3o dos Jardins Independ\u00eancia e Panorama e mediante esse estudo viabilize a libera\u00e7\u00e3o de recursos para tal."}, {"id": "822", "ano": "2018", "numero": "177", "tipo__sigla": "REQ", "tipo__descricao": "Requerimento", "autoria": "Le\u00e3o", "texto_original": "http://sapl.sarandi.pr.leg.br/media/sapl/public/materialegislativa/2018/822/req._177-2018.pdf", "ementa": "Of\u00edcio ao Senhor Prefeito, solicitando qual o motivo de ainda n\u00e3o ter se instalado o Almoxarifado Central e da n\u00e3o implanta\u00e7\u00e3o do Sistema de Informatiza\u00e7\u00e3o do Controle de Estoque das Secretarias."}, {"id": "823", "ano": "2018", "numero": "178", "tipo__sigla": "REQ", "tipo__descricao": "Requerimento", "autoria": "Nito, Dionizio Aparecido Viaro \"Dionizio da Diocar\"", "texto_original": "http://sapl.sarandi.pr.leg.br/media/sapl/public/materialegislativa/2018/823/req._178-2018.pdf", "ementa": "Of\u00edcio ao Senhor Prefeito, solicitando que informe a esta Casa de Leis,  se existem estudos ou previs\u00e3o para a realiza\u00e7\u00e3o de servi\u00e7os de rebaixamento da ilumina\u00e7\u00e3o p\u00fablica do Jardim Nova Independ\u00eancia 1\u00aa e 2\u00aa Partes, da Rua 19 at\u00e9 o final do bairro."}, {"id": "824", "ano": "2018", "numero": "179", "tipo__sigla": "REQ", "tipo__descricao": "Requerimento", "autoria": "Eunildo Zanchim \"Nild\u00e3o\"", "texto_original": "http://sapl.sarandi.pr.leg.br/media/sapl/public/materialegislativa/2018/824/req._179-2018.pdf", "ementa": "Of\u00edcios ao Senhor Prefeito e a Senhora Governadora do Paran\u00e1, solicitando que envidem esfor\u00e7os no sentido de viabilizar a implanta\u00e7\u00e3o de ensino nos moldes de um Col\u00e9gio Militar, na unidade escolar que ser\u00e1 constru\u00edda no Parque S\u00e3o Pedro."}, {"id": "826", "ano": "2018", "numero": "180", "tipo__sigla": "REQ", "tipo__descricao": "Requerimento", "autoria": "Gilberto Messias de Pinas \"Gil\"", "texto_original": "http://sapl.sarandi.pr.leg.br/media/", "ementa": "Of\u00edcio ao Senhor Prefeito, solicitando a implanta\u00e7\u00e3o de redutores de velocidade na Rua Pioneiro Guerino Darlin, no Jardim Nova Sarandi III."}, {"id": "827", "ano": "2018", "numero": "181", "tipo__sigla": "REQ", "tipo__descricao": "Requerimento", "autoria": "Gilberto Messias de Pinas \"Gil\"", "texto_original": "http://sapl.sarandi.pr.leg.br/media/sapl/public/materialegislativa/2018/827/req._181-2018.pdf", "ementa": "Of\u00edcio ao Senhor Prefeito, solicitando a implanta\u00e7\u00e3o de 01 (um) Centro Municipal de Educa\u00e7\u00e3o Infantil, no Parque Residencial Nova Alian\u00e7a."}, {"id": "828", "ano": "2018", "numero": "182", "tipo__sigla": "REQ", "tipo__descricao": "Requerimento", "autoria": "Aparecido Antonio", "texto_original": "http://sapl.sarandi.pr.leg.br/media/sapl/public/materialegislativa/2018/828/req._182-2018.pdf", "ementa": "Of\u00edcio ao Senhor Prefeito, solicitando a constru\u00e7\u00e3o de banheiros e vesti\u00e1rio na quadra da Escola Municipal Massami Koga no Jardim Universal."}, {"id": "829", "ano": "2018", "numero": "183", "tipo__sigla": "REQ", "tipo__descricao": "Requerimento", "autoria": "Le\u00e3o", "texto_original": "http://sapl.sarandi.pr.leg.br/media/sapl/public/materialegislativa/2018/829/req._183-2018.pdf", "ementa": "Of\u00edcio ao Senhor Prefeito, solicitando que disponibilize em todas as Secretarias Municipais de 01(um) aparelho de telefonia m\u00f3vel (celulares) com o aplicativo de Whatsapp para a popula\u00e7\u00e3o buscar informa\u00e7\u00f5es junto ao Poder P\u00fablico."}, {"id": "830", "ano": "2018", "numero": "184", "tipo__sigla": "REQ", "tipo__descricao": "Requerimento", "autoria": "Cilas Morais", "texto_original": "http://sapl.sarandi.pr.leg.br/media/sapl/public/materialegislativa/2018/830/req._184-2018.pdf", "ementa": "Of\u00edcio ao Senhor Prefeito, solicitando que providencie a instala\u00e7\u00e3o de Lumin\u00e1rias com l\u00e2mpadas de LED, nas proximidades dos pontos de \u00f4nibus e ao redor das Escolas que funcionam no per\u00edodo noturno."}, {"id": "831", "ano": "2018", "numero": "185", "tipo__sigla": "REQ", "tipo__descricao": "Requerimento", "autoria": "Erasmo Cardoso Pereira \"Erasmo da Sa\u00fade\"", "texto_original": "http://sapl.sarandi.pr.leg.br/media/sapl/public/materialegislativa/2018/831/req._185-2018.pdf", "ementa": "Of\u00edcio ao Senhor Prefeito, solicitando a implanta\u00e7\u00e3o de 01 (uma) Farm\u00e1cia que atenda at\u00e9 \u00e0s 22:00 horas, no pr\u00e9dio que atualmente se localiza o setor de combate \u00e0 dengue."}, {"id": "832", "ano": "2018", "numero": "186", "tipo__sigla": "REQ", "tipo__descricao": "Requerimento", "autoria": "Dionizio Aparecido Viaro \"Dionizio da Diocar\"", "texto_original": "http://sapl.sarandi.pr.leg.br/media/", "ementa": "Of\u00edcio ao Senhor Prefeito, solicitando estudos visando a reforma e amplia\u00e7\u00e3o do Centro de Educa\u00e7\u00e3o Infantil Vale Azul."}, {"id": "833", "ano": "2018", "numero": "187", "tipo__sigla": "REQ", "tipo__descricao": "Requerimento", "autoria": "Eunildo Zanchim \"Nild\u00e3o\"", "texto_original": "http://sapl.sarandi.pr.leg.br/media/sapl/public/materialegislativa/2018/833/req._187-2018.pdf", "ementa": "Of\u00edcio ao Senhor Prefeito, solicitando a elabora\u00e7\u00e3o de Projeto de Lei para posterior delibera\u00e7\u00e3o do Legislativo, instituindo o concurso de premia\u00e7\u00e3o para o pagamento em dia do IPTU \u2013 IMPOSTO Predial e Territorial Urbano."}, {"id": "835", "ano": "2018", "numero": "188", "tipo__sigla": "REQ", "tipo__descricao": "Requerimento", "autoria": "Eunildo Zanchim \"Nild\u00e3o\"", "texto_original": "http://sapl.sarandi.pr.leg.br/media/sapl/public/materialegislativa/2018/835/req._188-2018.pdf", "ementa": "SOLICITA A DISPENSA DE INTERST\u00cdCIO DE TERCEIRA DISCUSS\u00c3O E APROVA\u00c7\u00c3O DA REDA\u00c7\u00c3O FINAL DO PROJETO DE LEI N\u00ba 2716/2018, DO PODER EXECUTIVO MUNICIPAL."}, {"id": "836", "ano": "2018", "numero": "189", "tipo__sigla": "REQ", "tipo__descricao": "Requerimento", "autoria": "Eunildo Zanchim \"Nild\u00e3o\"", "texto_original": "http://sapl.sarandi.pr.leg.br/media/sapl/public/materialegislativa/2018/836/req._189-2018.pdf", "ementa": "SOLICITA A DISPENSA DE INTERST\u00cdCIO DE TERCEIRA DISCUSS\u00c3O E APROVA\u00c7\u00c3O DA REDA\u00c7\u00c3O FINAL DO PROJETO DE LEI COMPLEMENTAR N\u00ba 476/2018, DO PODER EXECUTIVO MUNICIPAL."}, {"id": "845", "ano": "2018", "numero": "190", "tipo__sigla": "REQ", "tipo__descricao": "Requerimento", "autoria": "Mineirinho", "texto_original": "http://sapl.sarandi.pr.leg.br/media/sapl/public/materialegislativa/2018/845/req._190-2018.pdf", "ementa": "Of\u00edcio ao Senhor Prefeito, solicitando agiliza\u00e7\u00e3o do processo para a realiza\u00e7\u00e3o de Pavimenta\u00e7\u00e3o Asf\u00e1ltica no Patrim\u00f4nio Vera Cruz \u201cKm 115\u201d."}, {"id": "846", "ano": "2018", "numero": "191", "tipo__sigla": "REQ", "tipo__descricao": "Requerimento", "autoria": "Gilberto Messias de Pinas \"Gil\"", "texto_original": "http://sapl.sarandi.pr.leg.br/media/sapl/public/materialegislativa/2018/846/req._191-2018.pdf", "ementa": "Of\u00edcio ao Senhor Prefeito, solicitando em conjunto com o Comando da Pol\u00edcia Militar tomem provid\u00eancias necess\u00e1rias no sentido de refor\u00e7ar o patrulhamento nas escolas de Sarandi."}, {"id": "847", "ano": "2018", "numero": "192", "tipo__sigla": "REQ", "tipo__descricao": "Requerimento", "autoria": "Aparecido Antonio", "texto_original": "http://sapl.sarandi.pr.leg.br/media/sapl/public/materialegislativa/2018/847/req._192-2018.pdf", "ementa": "Of\u00edcio ao Senhor Prefeito, solicitando a instala\u00e7\u00e3o de farm\u00e1cia na UBS \u2013 Unidade B\u00e1sica de Sa\u00fade do Jardim Oriental."}, {"id": "848", "ano": "2018", "numero": "193", "tipo__sigla": "REQ", "tipo__descricao": "Requerimento", "autoria": "Le\u00e3o", "texto_original": "http://sapl.sarandi.pr.leg.br/media/sapl/public/materialegislativa/2018/848/req._193-2018.pdf", "ementa": "Of\u00edcio ao Senhor Prefeito, solicitando que viabilize a faixa de terras da lateral do Gin\u00e1sio de Esportes Tancredo Neves, para vagas de estacionamento no formato de \u201cEscama de Peixe\u201d."}, {"id": "849", "ano": "2018", "numero": "194", "tipo__sigla": "REQ", "tipo__descricao": "Requerimento", "autoria": "Cilas Morais, Le\u00e3o", "texto_original": "http://sapl.sarandi.pr.leg.br/media/sapl/public/materialegislativa/2018/849/req._194-2018.pdf", "ementa": "Of\u00edcio ao Senhor Prefeito, solicitando que d\u00ea continuidade a realiza\u00e7\u00e3o dos servidos de pavimenta\u00e7\u00e3o Asf\u00e1ltica nas ruas que falta do Jardim Monterey."}, {"id": "850", "ano": "2018", "numero": "195", "tipo__sigla": "REQ", "tipo__descricao": "Requerimento", "autoria": "Dionizio Aparecido Viaro \"Dionizio da Diocar\"", "texto_original": "http://sapl.sarandi.pr.leg.br/media/sapl/public/materialegislativa/2018/850/req._195-2018.pdf", "ementa": "Of\u00edcio ao Senhor Prefeito, solicitando que viabilize a reforma das UBSs dos Jardins Rio de Janeiro e Monterey."}, {"id": "851", "ano": "2018", "numero": "196", "tipo__sigla": "REQ", "tipo__descricao": "Requerimento", "autoria": "Nito, Dionizio Aparecido Viaro \"Dionizio da Diocar\"", "texto_original": "http://sapl.sarandi.pr.leg.br/media/sapl/public/materialegislativa/2018/851/req._196-2018.pdf", "ementa": "Of\u00edcio ao Senhor Prefeito, solicitando que providencie o t\u00e9rmino dos servi\u00e7os de Rebaixamento da Ilumina\u00e7\u00e3o P\u00fablica no Parque Residencial Bom Pastor."}, {"id": "852", "ano": "2018", "numero": "197", "tipo__sigla": "REQ", "tipo__descricao": "Requerimento", "autoria": "Eunildo Zanchim \"Nild\u00e3o\"", "texto_original": "http://sapl.sarandi.pr.leg.br/media/sapl/public/materialegislativa/2018/852/req._197-2018.pdf", "ementa": "Of\u00edcio ao Senhor Prefeito, solicitando que viabilize a constru\u00e7\u00e3o da sede pr\u00f3pria da Companhia ou Pelot\u00e3o da Pol\u00edcia Militar no Jardim Centro C\u00edvico."}, {"id": "853", "ano": "2018", "numero": "198", "tipo__sigla": "REQ", "tipo__descricao": "Requerimento", "autoria": "Erasmo Cardoso Pereira \"Erasmo da Sa\u00fade\"", "texto_original": "http://sapl.sarandi.pr.leg.br/media/sapl/public/materialegislativa/2018/853/req._198-2018.pdf", "ementa": "Of\u00edcio ao Senhor Prefeito, solicitando que providencie a coloca\u00e7\u00e3o de abrigos cobertos, nos pontos de parada de \u00f4nibus, no trecho da Avenida Maring\u00e1, do Parque Residencial Nova Alian\u00e7a ao Patrim\u00f4nio Vera Cruz \u201cKm 115\u201d."}, {"id": "854", "ano": "2018", "numero": "199", "tipo__sigla": "REQ", "tipo__descricao": "Requerimento", "autoria": "Eliana Trautwein Santiago", "texto_original": "http://sapl.sarandi.pr.leg.br/media/sapl/public/materialegislativa/2018/854/req._199-2018.pdf", "ementa": "Of\u00edcio ao Secret\u00e1rio Municipal de Educa\u00e7\u00e3o, solicitando que informe a esta Casa de Leis, quando ser\u00e1 realizada a reforma da Escola Municipal Crian\u00e7a Esperan\u00e7a (CAIC)."}, {"id": "856", "ano": "2018", "numero": "200", "tipo__sigla": "REQ", "tipo__descricao": "Requerimento", "autoria": "Mineirinho", "texto_original": "http://sapl.sarandi.pr.leg.br/media/sapl/public/materialegislativa/2018/856/req._200-2018.pdf", "ementa": "Of\u00edcio ao Senhor Prefeito, solicitando que d\u00ea continuidade a realiza\u00e7\u00e3o de servi\u00e7os de Pavimenta\u00e7\u00e3o Asf\u00e1ltica nas ruas do Jardim Imperial, acima do Jardim Cometa."}, {"id": "857", "ano": "2018", "numero": "201", "tipo__sigla": "REQ", "tipo__descricao": "Requerimento", "autoria": "Gilberto Messias de Pinas \"Gil\"", "texto_original": "http://sapl.sarandi.pr.leg.br/media/sapl/public/materialegislativa/2018/857/req._201-2018.pdf", "ementa": "Of\u00edcio ao Senhor Prefeito, solicitando que providencie a amplia\u00e7\u00e3o de mais 01 (uma) Sala, em cada Centro Municipal de Educa\u00e7\u00e3o Infantil de Sarandi, para diminuir a fila de espera por vagas"}, {"id": "858", "ano": "2018", "numero": "202", "tipo__sigla": "REQ", "tipo__descricao": "Requerimento", "autoria": "Aparecido Antonio", "texto_original": "http://sapl.sarandi.pr.leg.br/media/sapl/public/materialegislativa/2018/858/req._202-2018.pdf", "ementa": "Of\u00edcio ao Senhor Prefeito, solicitando que fa\u00e7a extens\u00e3o da rede el\u00e9trica na Avenida Rio de Janeiro, na paralela da subesta\u00e7\u00e3o da Copel e campo do Independ\u00eancia e a coloca\u00e7\u00e3o de lumin\u00e1rias rebaixadas."}, {"id": "859", "ano": "2018", "numero": "203", "tipo__sigla": "REQ", "tipo__descricao": "Requerimento", "autoria": "Le\u00e3o", "texto_original": "http://sapl.sarandi.pr.leg.br/media/sapl/public/materialegislativa/2018/859/req._203-2018.pdf", "ementa": "Of\u00edcio ao Senhor Prefeito, solicitando que informe a esta Casa de Leis, como ser\u00e3o investidos os recursos da multa que foi recebida do Jardim Novo Bertioga, no valor de R$. 715.000,00."}, {"id": "860", "ano": "2018", "numero": "204", "tipo__sigla": "REQ", "tipo__descricao": "Requerimento", "autoria": "Cilas Morais", "texto_original": "http://sapl.sarandi.pr.leg.br/media/sapl/public/materialegislativa/2018/860/req._204-2018.pdf", "ementa": "Of\u00edcio ao Senhor Prefeito, solicitando que informe a esta Casa de Leis, se existe programa\u00e7\u00e3o para a realiza\u00e7\u00e3o de melhorias nas proximidades do hospital de especialidades, no Jardim Nova Independ\u00eancia 1\u00aa Parte."}, {"id": "861", "ano": "2018", "numero": "205", "tipo__sigla": "REQ", "tipo__descricao": "Requerimento", "autoria": "Dionizio Aparecido Viaro \"Dionizio da Diocar\"", "texto_original": "http://sapl.sarandi.pr.leg.br/media/sapl/public/materialegislativa/2018/861/req._205-2018.pdf", "ementa": "Of\u00edcio ao Senhor Prefeito, solicitando estudos para a coloca\u00e7\u00e3o de um Sem\u00e1foro na Avenida Jo\u00e3o Marangoni com a Avenida Deputado Borsari Netto, no Jardim Independ\u00eancia."}, {"id": "862", "ano": "2018", "numero": "206", "tipo__sigla": "REQ", "tipo__descricao": "Requerimento", "autoria": "Erasmo Cardoso Pereira \"Erasmo da Sa\u00fade\"", "texto_original": "http://sapl.sarandi.pr.leg.br/media/sapl/public/materialegislativa/2018/862/req._206-2018.pdf", "ementa": "Of\u00edcio ao Senhor Prefeito, solicitando que informe a esta Casa de Leis, em que fase se encontra o projeto da Pra\u00e7a do Parque Residencial Nova Alian\u00e7a."}, {"id": "863", "ano": "2018", "numero": "207", "tipo__sigla": "REQ", "tipo__descricao": "Requerimento", "autoria": "Eunildo Zanchim \"Nild\u00e3o\"", "texto_original": "http://sapl.sarandi.pr.leg.br/media/sapl/public/materialegislativa/2018/863/req._207-2018.pdf", "ementa": "Of\u00edcio ao Senhor Prefeito, solicitando estudos visando a cria\u00e7\u00e3o de uma zona de urbaniza\u00e7\u00e3o especifica, para a implanta\u00e7\u00e3o de projetos de vilas rurais, ch\u00e1caras de hortifrutigranjeira e pequenos animais e outros."}, {"id": "864", "ano": "2018", "numero": "208", "tipo__sigla": "REQ", "tipo__descricao": "Requerimento", "autoria": "Eliana Trautwein Santiago", "texto_original": "http://sapl.sarandi.pr.leg.br/media/sapl/public/materialegislativa/2018/864/req._208-2018.pdf", "ementa": "Of\u00edcio ao Secret\u00e1rio Municipal de Urbanismo, solicitando que encaminhe a esta Casa de Leis, os laudos t\u00e9cnicos com especifica\u00e7\u00f5es, da pavimenta\u00e7\u00e3o asf\u00e1ltica de cada via que for conclu\u00edda, do Jardim Novo Bertioga."}, {"id": "866", "ano": "2018", "numero": "209", "tipo__sigla": "REQ", "tipo__descricao": "Requerimento", "autoria": "Nito", "texto_original": "http://sapl.sarandi.pr.leg.br/media/sapl/public/materialegislativa/2018/866/req._209-2018.pdf", "ementa": "INCLUS\u00c3O NA ORDEM DO DIA, DA SESS\u00c3O ORDIN\u00c1RIA DIA 09 DE JULHO DE 2018, do Projeto de Resolu\u00e7\u00e3o n\u00b0 001/2018, de Autoria da \r\nMESA DIRETORA, o qual cria o registro de Frentes Parlamentares na C\u00e2mara Municipal de Sarandi, Estado do Paran\u00e1."}, {"id": "867", "ano": "2018", "numero": "210", "tipo__sigla": "REQ", "tipo__descricao": "Requerimento", "autoria": "Le\u00e3o", "texto_original": "http://sapl.sarandi.pr.leg.br/media/sapl/public/materialegislativa/2018/867/req._210-2018.pdf", "ementa": "DISPENSA DE INTERST\u00cdCIO DE TERCEIRA DISCUSS\u00c3O e VOTA\u00c7\u00c3O. do Projeto de Lei n\u00b02717/2018, de Autoria do edil CARLOS ROBERTO FALASCHI."}, {"id": "868", "ano": "2018", "numero": "211", "tipo__sigla": "REQ", "tipo__descricao": "Requerimento", "autoria": "Gilberto Messias de Pinas \"Gil\"", "texto_original": "http://sapl.sarandi.pr.leg.br/media/sapl/public/materialegislativa/2018/868/req._211-2018.pdf", "ementa": "DISPENSA DE INTERST\u00cdCIO DE TERCEIRA DISCUSS\u00c3O e VOTA\u00c7\u00c3O, do Projeto de Lei n\u00b0 2725/2018, de Autoria do edil GILBERTO MESSIAS DE PINAS."}, {"id": "869", "ano": "2018", "numero": "212", "tipo__sigla": "REQ", "tipo__descricao": "Requerimento", "autoria": "Gilberto Messias de Pinas \"Gil\"", "texto_original": "http://sapl.sarandi.pr.leg.br/media/sapl/public/materialegislativa/2018/869/req._212-2018.pdf", "ementa": "DISPENSA DE INTERST\u00cdCIO DE TERCEIRA DISCUSS\u00c3O e VOTA\u00c7\u00c3O, do Projeto de Lei n\u00b0 2726/2018, de Autoria do edil GILBERTO MESSIAS DE PINAS,"}, {"id": "870", "ano": "2018", "numero": "213", "tipo__sigla": "REQ", "tipo__descricao": "Requerimento", "autoria": "Eunildo Zanchim \"Nild\u00e3o\"", "texto_original": "http://sapl.sarandi.pr.leg.br/media/sapl/public/materialegislativa/2018/870/req._213-2018.pdf", "ementa": "DISPENSA DE INTERST\u00cdCIO DE TERCEIRA DISCUSS\u00c3O e VOTA\u00c7\u00c3O, do Projeto de Lei n\u00b0 2730/2018, de Autoria do edil  EUNILDO ZANCHIM \"NILD\u00c3O\"."}, {"id": "871", "ano": "2018", "numero": "214", "tipo__sigla": "REQ", "tipo__descricao": "Requerimento", "autoria": "Le\u00e3o", "texto_original": "http://sapl.sarandi.pr.leg.br/media/sapl/public/materialegislativa/2018/871/req._214-2018.pdf", "ementa": "DISPENSA DE INTERST\u00cdCIO DE TERCEIRA DISCUSS\u00c3O e VOTA\u00c7\u00c3O, do Projeto de Lei n\u00b0 2731/2018, de Autoria do edil CARLOS ROBERTO FALASCHI \"LE\u00c3O\"."}, {"id": "872", "ano": "2018", "numero": "215", "tipo__sigla": "REQ", "tipo__descricao": "Requerimento", "autoria": "Mineirinho", "texto_original": "http://sapl.sarandi.pr.leg.br/media/sapl/public/materialegislativa/2018/872/req._215-2018.pdf", "ementa": "Of\u00edcio ao Senhor Prefeito, solicitando que informe a esta Casa de Leis, se h\u00e1 possibilidade da coloca\u00e7\u00e3o de vigilantes noturnos nas UBSs \u2013 Unidades B\u00e1sicas de Sa\u00fade de Sarandi."}, {"id": "873", "ano": "2018", "numero": "216", "tipo__sigla": "REQ", "tipo__descricao": "Requerimento", "autoria": "Gilberto Messias de Pinas \"Gil\"", "texto_original": "http://sapl.sarandi.pr.leg.br/media/sapl/public/materialegislativa/2018/873/req._216-2018-.pdf", "ementa": ",  Of\u00edcio ao Senhor Prefeito, solicitando que informe a esta Casa de Leis, se h\u00e1 possibilidade da instala\u00e7\u00e3o de 01 (uma) ATI \u2013 Academia da Terceira Idade, na Avenida Jo\u00e3o Marangoni com a Rua 5, n\u00ba 1477, no Jardim S\u00e3o Jos\u00e9."}, {"id": "874", "ano": "2018", "numero": "217", "tipo__sigla": "REQ", "tipo__descricao": "Requerimento", "autoria": "Aparecido Antonio", "texto_original": "http://sapl.sarandi.pr.leg.br/media/sapl/public/materialegislativa/2018/874/req._217-2018.pdf", "ementa": "Of\u00edcio ao Senhor Prefeito, solicitando que informe a esta Casa de Leis, se h\u00e1 possibilidade da implanta\u00e7\u00e3o de 01 (um) parquinho infantil nos fundos da Associa\u00e7\u00e3o de Moradores do Conjunto Floresta."}, {"id": "875", "ano": "2018", "numero": "218", "tipo__sigla": "REQ", "tipo__descricao": "Requerimento", "autoria": "Le\u00e3o", "texto_original": "http://sapl.sarandi.pr.leg.br/media/sapl/public/materialegislativa/2018/875/req._218-2018.pdf", "ementa": "Of\u00edcio ao Senhor Prefeito, solicitando que informe a esta Casa de Leis, se h\u00e1 possibilidade do rebaixamento ou coloca\u00e7\u00e3o de superpostes na passagem da linha do trem, ligando o final da Avenida Londrina com a Pra\u00e7a da juventude."}, {"id": "876", "ano": "2018", "numero": "219", "tipo__sigla": "REQ", "tipo__descricao": "Requerimento", "autoria": "Cilas Morais", "texto_original": "http://sapl.sarandi.pr.leg.br/media/sapl/public/materialegislativa/2018/876/req._219-2018.pdf", "ementa": "Of\u00edcio ao Senhor Prefeito, solicitando que informe a esta Casa de Leis, se h\u00e1 possibilidade da Prefeitura em parceria com a Ag\u00eancia do Trabalhador criar um Site exclusivo com o seguinte nome \u201cEmpresa Sarandi\u201d, disponibilizando um banco de dados, contendo postos de trabalho e vagas de empregos anunciadas pelas empresas."}, {"id": "877", "ano": "2018", "numero": "220", "tipo__sigla": "REQ", "tipo__descricao": "Requerimento", "autoria": "Dionizio Aparecido Viaro \"Dionizio da Diocar\"", "texto_original": "http://sapl.sarandi.pr.leg.br/media/sapl/public/materialegislativa/2018/877/req._220-2018.pdf", "ementa": "Of\u00edcio ao Senhor Prefeito, solicitando que informe a esta Casa de Leis, se h\u00e1 possibilidade do t\u00e9rmino do asfalto do final da Avenida Jo\u00e3o Marangoni, no Jardim Independ\u00eancia 3\u00aa Parte."}, {"id": "878", "ano": "2018", "numero": "221", "tipo__sigla": "REQ", "tipo__descricao": "Requerimento", "autoria": "Erasmo Cardoso Pereira \"Erasmo da Sa\u00fade\"", "texto_original": "http://sapl.sarandi.pr.leg.br/media/sapl/public/materialegislativa/2018/878/req._221-2018-sa.pdf", "ementa": "Of\u00edcio ao Senhor Prefeito, solicitando que informe a esta Casa de Leis, se h\u00e1 possibilidade da realiza\u00e7\u00e3o de servi\u00e7os de limpeza de bueiros e a coloca\u00e7\u00e3o das respectivas tampas, nos Jardim Ouro Verde e S\u00e3o Paulo."}, {"id": "879", "ano": "2018", "numero": "222", "tipo__sigla": "REQ", "tipo__descricao": "Requerimento", "autoria": "Eunildo Zanchim \"Nild\u00e3o\"", "texto_original": "http://sapl.sarandi.pr.leg.br/media/sapl/public/materialegislativa/2018/879/req._222-2018.pdf", "ementa": "Of\u00edcio ao Senhor Prefeito, solicitando que informe a esta Casa de Leis, se h\u00e1 possibilidade de utilizar o valor excedente da opera\u00e7\u00e3o de cr\u00e9dito da obra do Jardim Santana, no valor de R$. 1.800,000,00 para custear o asfalto dos Jardins Ana Elisa e Das Torres."}, {"id": "880", "ano": "2018", "numero": "223", "tipo__sigla": "REQ", "tipo__descricao": "Requerimento", "autoria": "Nito", "texto_original": "http://sapl.sarandi.pr.leg.br/media/sapl/public/materialegislativa/2018/880/req._223-2018.pdf", "ementa": "Of\u00edcio ao Senhor Prefeito, solicitando que informe a esta Casa de Leis, se h\u00e1 possibilidade de viabilizar a realiza\u00e7\u00e3o de pavimenta\u00e7\u00e3o asf\u00e1ltica no Jardim Nova Independ\u00eancia, da Rua 19 ao t\u00e9rmino do bairro."}, {"id": "894", "ano": "2018", "numero": "224", "tipo__sigla": "REQ", "tipo__descricao": "Requerimento", "autoria": "Mineirinho", "texto_original": "http://sapl.sarandi.pr.leg.br/media/", "ementa": "Of\u00edcio ao Senhor Prefeito, solicitando que informe a esta Casa de Leis, para fins de esclarecimento p\u00fablico, se h\u00e1 um estudo visando \u00e0 possibilidade de providenciar instrumentos musicais e baterias de fanfarras para os alunos da APAE \u2013 Associa\u00e7\u00e3o de Pais e Amigos dos Excepcionais.\r\nTal medida se faria conveniente para que alunos possam ter mais ocupa\u00e7\u00f5es, como tamb\u00e9m participar das comemora\u00e7\u00f5es e atividades festivas de nossa cidade."}, {"id": "895", "ano": "2018", "numero": "225", "tipo__sigla": "REQ", "tipo__descricao": "Requerimento", "autoria": "Aparecido Antonio", "texto_original": "http://sapl.sarandi.pr.leg.br/media/", "ementa": "Of\u00edcio ao Senhor Prefeito, solicitando que informe a esta Casa de Leis, para fins de esclarecimento p\u00fablico, se provid\u00eancias ser\u00e3o tomadas para a realiza\u00e7\u00e3o de servi\u00e7os de reparos na quadra de areia, do Conjunto Floresta."}, {"id": "896", "ano": "2018", "numero": "226", "tipo__sigla": "REQ", "tipo__descricao": "Requerimento", "autoria": "Dionizio Aparecido Viaro \"Dionizio da Diocar\"", "texto_original": "http://sapl.sarandi.pr.leg.br/media/", "ementa": "Of\u00edcio ao Senhor Prefeito, solicitando que informe a esta Casa de Leis, para fins de esclarecimento p\u00fablico, se provid\u00eancias ser\u00e3o tomadas para o t\u00e9rmino do asfalto do final da Avenida Ademar Bornia, em frente ao n\u00famero 4.053, no Jardim Independ\u00eancia 3\u00aa Parte."}, {"id": "897", "ano": "2018", "numero": "227", "tipo__sigla": "REQ", "tipo__descricao": "Requerimento", "autoria": "Nito", "texto_original": "http://sapl.sarandi.pr.leg.br/media/sapl/public/materialegislativa/2018/897/req._227-2018.pdf", "ementa": "Of\u00edcio ao Senhor Prefeito, solicitando que informe a esta Casa de Leis, para fins de esclarecimento p\u00fablico, se h\u00e1 previs\u00e3o para a realiza\u00e7\u00e3o de recape asf\u00e1ltico ou mesmo tapa-buracos na Rua Angelo Lopes da Silva \"antiga Rua 05\" no Jardim Nova Independ\u00eancia, da Avenida Giro Watanabe \u00e0 Estrada Mauro Trindade.\r\nRessaltando que tal solicita\u00e7\u00e3o \u00e9 em atendimento aos moradores daquela locali-dade."}, {"id": "898", "ano": "2018", "numero": "228", "tipo__sigla": "REQ", "tipo__descricao": "Requerimento", "autoria": "Eunildo Zanchim \"Nild\u00e3o\"", "texto_original": "http://sapl.sarandi.pr.leg.br/media/", "ementa": "Of\u00edcio ao Senhor Prefeito, solicitando que informe a esta Casa de Leis, para fins de esclarecimento p\u00fablico, se h\u00e1 previs\u00e3o para a realiza\u00e7\u00e3o de servi\u00e7os de rebaixamento da ilumina\u00e7\u00e3o das vias p\u00fablicas do Jardim Monte L\u00edbano, neste Munic\u00edpio."}, {"id": "899", "ano": "2018", "numero": "229", "tipo__sigla": "REQ", "tipo__descricao": "Requerimento", "autoria": "Cilas Morais", "texto_original": "http://sapl.sarandi.pr.leg.br/media/", "ementa": "Of\u00edcio ao Senhor Prefeito, solicitando que informe a esta Casa de Leis, para fins de esclarecimento p\u00fablico, se h\u00e1 previs\u00e3o para a coloca\u00e7\u00e3o em pr\u00e1tica da Lei Municipal N\u00ba 2353/2017, de 04 de setembro de 2017, a qual disp\u00f5e sobre a institui\u00e7\u00e3o do pr\u00eamio aluno nota 10, na rede p\u00fablica municipal de ensino de Sarandi."}, {"id": "900", "ano": "2018", "numero": "230", "tipo__sigla": "REQ", "tipo__descricao": "Requerimento", "autoria": "Eliana Trautwein Santiago", "texto_original": "http://sapl.sarandi.pr.leg.br/media/sapl/public/materialegislativa/2018/900/req._230-2018.pdf", "ementa": "Of\u00edcio ao Senhor Prefeito, solicitando que informe a esta Casa de Leis, para fins de esclarecimento p\u00fablico, se provid\u00eancias ser\u00e3o tomadas para adequa\u00e7\u00e3o/ajuste dos sem\u00e1foros da Avenida \u00c2ngelo Perini com a Rua At\u00edlio Salval\u00e1gio.\r\nTal medida se d\u00e1 no sentido de facilitar o fluxo de ve\u00edculos no local."}, {"id": "901", "ano": "2018", "numero": "231", "tipo__sigla": "REQ", "tipo__descricao": "Requerimento", "autoria": "Le\u00e3o", "texto_original": "http://sapl.sarandi.pr.leg.br/media/sapl/public/materialegislativa/2018/901/req._231-2018.pdf", "ementa": "Of\u00edcio ao Senhor Prefeito, solicitando que informe a esta Casa de Leis, para fins de esclarecimento p\u00fablico os seguintes dados:\r\n1.\tComo anda a concess\u00e3o de direito real de uso da antiga rodovi\u00e1ria para a instala\u00e7\u00e3o de sede pr\u00f3pria do 5\u00ba Grupamento de Bombeiros?\r\n2.\tO qu\u00ea foi feito, uma vez que a Lei N\u00ba 2301/2016 deu prazo de 24 (vinte e quatro) meses para o in\u00edcio das obras, contudo nada foi feito? \r\n3.\tO que ser\u00e1 feito j\u00e1 que o prazo constante na Lei findar-se-\u00e1 em 17/12/2018?\r\n4.\tH\u00e1 algum projeto em andamento para tal constru\u00e7\u00e3o?\r\n5.\tPor que ainda n\u00e3o se iniciou?"}, {"id": "902", "ano": "2018", "numero": "232", "tipo__sigla": "REQ", "tipo__descricao": "Requerimento", "autoria": "Eunildo Zanchim \"Nild\u00e3o\"", "texto_original": "http://sapl.sarandi.pr.leg.br/media/sapl/public/materialegislativa/2018/902/req._232-2018.pdf", "ementa": "SOLICITA A DISPENSA DE INTERST\u00cdCIO DE TERCEIRA DISCUSS\u00c3O E VOTA\u00c7\u00c3O, E AINDA A APROVA\u00c7\u00c3O DA REDA\u00c7\u00c3O FINAL, DO PROJETO DE LEI N\u00ba 2732/2018, DE AUTORIA DO PODER EXECUTIVO MUNICIPAL."}, {"id": "903", "ano": "2018", "numero": "233", "tipo__sigla": "REQ", "tipo__descricao": "Requerimento", "autoria": "Eunildo Zanchim \"Nild\u00e3o\"", "texto_original": "http://sapl.sarandi.pr.leg.br/media/sapl/public/materialegislativa/2018/903/req._233-2018.pdf", "ementa": "SOLICITA A DISPENSA DE INTERST\u00cdCIO DE TERCEIRA DISCUSS\u00c3O E VOTA\u00c7\u00c3O, DO PROJETO DE LEI N\u00ba 2733/2018, DE AUTORIA DO PODER EXECUTIVO MUNICIPAL."}, {"id": "904", "ano": "2018", "numero": "234", "tipo__sigla": "REQ", "tipo__descricao": "Requerimento", "autoria": "Aparecido Antonio", "texto_original": "http://sapl.sarandi.pr.leg.br/media/sapl/public/materialegislativa/2018/904/req._234-2018.pdf", "ementa": "SOLICITA A DISPENSA DE INTERST\u00cdCIO DE TERCEIRA DISCUSS\u00c3O E VOTA\u00c7\u00c3O, E AINDA A APROVA\u00c7\u00c3O DA REDA\u00c7\u00c3O FINAL, DO PROJETO DE LEI N\u00ba 2734/2018, DE AUTORIA DO PODER EXECUTIVO MUNICIPAL."}, {"id": "905", "ano": "2018", "numero": "235", "tipo__sigla": "REQ", "tipo__descricao": "Requerimento", "autoria": "Eliana Trautwein Santiago", "texto_original": "http://sapl.sarandi.pr.leg.br/media/sapl/public/materialegislativa/2018/905/req._235-2018.pdf", "ementa": "SOLICITA A DISPENSA DE INTERST\u00cdCIO DE TERCEIRA DISCUSS\u00c3O E VOTA\u00c7\u00c3O,  DO PROJETO DE LEI N\u00ba 2735/2018, DE AUTORIA DA EDIL ELIANA TRAUTWEIN SANTIAGO."}, {"id": "906", "ano": "2018", "numero": "236", "tipo__sigla": "REQ", "tipo__descricao": "Requerimento", "autoria": "Eunildo Zanchim \"Nild\u00e3o\"", "texto_original": "http://sapl.sarandi.pr.leg.br/media/sapl/public/materialegislativa/2018/906/req._236-2018.pdf", "ementa": "SOLICITA A DISPENSA DE INTERST\u00cdCIO DE TERCEIRA DISCUSS\u00c3O E VOTA\u00c7\u00c3O,  DO PROJETO DE LEI N\u00ba 2736/2018, DE AUTORIA DO PODER EXECUTIVO MUNICIPAL."}, {"id": "907", "ano": "2018", "numero": "237", "tipo__sigla": "REQ", "tipo__descricao": "Requerimento", "autoria": "Eunildo Zanchim \"Nild\u00e3o\"", "texto_original": "http://sapl.sarandi.pr.leg.br/media/sapl/public/materialegislativa/2018/907/req._237-2018.pdf", "ementa": "SOLICITA A DISPENSA DE INTERST\u00cdCIO DE TERCEIRA DISCUSS\u00c3O E VOTA\u00c7\u00c3O,  E AINDA A APROVA\u00c7\u00c3O DA REDA\u00c7\u00c3O FINAL, DO PROJETO DE LEI N\u00ba 2737/2018, DE AUTORIA DO PODER EXECUTIVO MUNICIPAL."}, {"id": "908", "ano": "2018", "numero": "238", "tipo__sigla": "REQ", "tipo__descricao": "Requerimento", "autoria": "Eunildo Zanchim \"Nild\u00e3o\"", "texto_original": "http://sapl.sarandi.pr.leg.br/media/sapl/public/materialegislativa/2018/908/req._238-2018.pdf", "ementa": "SOLICITA A DISPENSA DE INTERST\u00cdCIO DE TERCEIRA DISCUSS\u00c3O E VOTA\u00c7\u00c3O, DO PROJETO DE LEI N\u00ba 2738/2018, DE AUTORIA DO PODER EXECUTIVO MUNICIPAL."}, {"id": "909", "ano": "2018", "numero": "239", "tipo__sigla": "REQ", "tipo__descricao": "Requerimento", "autoria": "Eunildo Zanchim \"Nild\u00e3o\"", "texto_original": "http://sapl.sarandi.pr.leg.br/media/sapl/public/materialegislativa/2018/909/req._239-2018.pdf", "ementa": "SOLICITA A DISPENSA DE INTERST\u00cdCIO DE TERCEIRA DISCUSS\u00c3O E VOTA\u00c7\u00c3O, DO PROJETO DE LEI N\u00ba 2739/2018, DE AUTORIA DO PODER EXECUTIVO MUNICIPAL."}, {"id": "910", "ano": "2018", "numero": "240", "tipo__sigla": "REQ", "tipo__descricao": "Requerimento", "autoria": "Eunildo Zanchim \"Nild\u00e3o\"", "texto_original": "http://sapl.sarandi.pr.leg.br/media/sapl/public/materialegislativa/2018/910/req._240-2018.pdf", "ementa": "SOLICITA A DISPENSA DE INTERST\u00cdCIO DE TERCEIRA DISCUSS\u00c3O E VOTA\u00c7\u00c3O,  E AINDA A APROVA\u00c7\u00c3O DA REDA\u00c7\u00c3O FINAL, DO PROJETO DE LEI COMPLEMENTAR N\u00ba 473/2018, DE AUTORIA DO PODER EXECUTIVO MUNICIPAL."}, {"id": "911", "ano": "2018", "numero": "241", "tipo__sigla": "REQ", "tipo__descricao": "Requerimento", "autoria": "Eunildo Zanchim \"Nild\u00e3o\"", "texto_original": "http://sapl.sarandi.pr.leg.br/media/", "ementa": "SOLICITA A DISPENSA DE INTERST\u00cdCIO DE TERCEIRA DISCUSS\u00c3O E VOTA\u00c7\u00c3O,  E AINDA A APROVA\u00c7\u00c3O DA REDA\u00c7\u00c3O FINAL, DO PROJETO DE LEI COMPLEMENTAR N\u00ba 478/2018, DE AUTORIA DO PODER EXECUTIVO MUNICIPAL."}, {"id": "912", "ano": "2018", "numero": "242", "tipo__sigla": "REQ", "tipo__descricao": "Requerimento", "autoria": "Eunildo Zanchim \"Nild\u00e3o\"", "texto_original": "http://sapl.sarandi.pr.leg.br/media/sapl/public/materialegislativa/2018/912/req._242-2018.pdf", "ementa": "SOLICITA A DISPENSA DE INTERST\u00cdCIO DE TERCEIRA DISCUSS\u00c3O E VOTA\u00c7\u00c3O,  DO PROJETO DE LEI COMPLEMENTAR N\u00ba 479/2018, DE AUTORIA DO PODER EXECUTIVO MUNICIPAL."}, {"id": "919", "ano": "2018", "numero": "243", "tipo__sigla": "REQ", "tipo__descricao": "Requerimento", "autoria": "Mineirinho", "texto_original": "http://sapl.sarandi.pr.leg.br/media/sapl/public/materialegislativa/2018/919/req._no_243-2018.pdf", "ementa": "Of\u00edcio ao Senhor Prefeito, solicitando que informe a esta Casa de Leis, para fins de esclarecimento p\u00fablico, se provid\u00eancias ser\u00e3o tomadas para dar uma melhor aten\u00e7\u00e3o para a Unidade B\u00e1sica de Sa\u00fade do Jardim Nova Alian\u00e7a.\r\n\tHaja vista que, h\u00e1 muito tempo que n\u00e3o se faz manuten\u00e7\u00e3o naquele posto, as portas internas est\u00e3o quebradas n\u00e3o fecha mais, a pintura do posto toda encardida, sem falar nas cotinhas de hemogramas que mandam muito poucas e as funcion\u00e1rias ficam em situa\u00e7\u00e3o dif\u00edcil, pois sabemos que temos que dar um bom atendimento mais o munic\u00edpio n\u00e3o oferece condi\u00e7\u00f5es."}, {"id": "920", "ano": "2018", "numero": "244", "tipo__sigla": "REQ", "tipo__descricao": "Requerimento", "autoria": "Aparecido Antonio", "texto_original": "http://sapl.sarandi.pr.leg.br/media/sapl/public/materialegislativa/2018/920/req._no_244-2018.pdf", "ementa": "Of\u00edcio ao Senhor Prefeito, solicitando que informe a esta Casa de Leis, , para fins de esclareci-mento p\u00fablico, se provid\u00eancias ser\u00e3o tomadas para constru\u00e7\u00e3o de um Pa\u00e7o Municipal na F\u00e1brica de Tubo."}, {"id": "921", "ano": "2018", "numero": "245", "tipo__sigla": "REQ", "tipo__descricao": "Requerimento", "autoria": "Dionizio Aparecido Viaro \"Dionizio da Diocar\"", "texto_original": "http://sapl.sarandi.pr.leg.br/media/sapl/public/materialegislativa/2018/921/req._no_245-2018.pdf", "ementa": "Of\u00edcio ao Senhor Prefeito, solicitando que informe a esta Casa de Leis, , para fins de esclarecimento p\u00fablico, se h\u00e1 um estudo para fazer uma altera\u00e7\u00e3o na legisla\u00e7\u00e3o que trata da subdivis\u00e3o nos terrenos do munic\u00edpio de Sarandi.\r\nDe forma que os construtores possam pedir o desmembramento do terreno, antes do in\u00edcio da constru\u00e7\u00e3o da primeira casa."}, {"id": "922", "ano": "2018", "numero": "246", "tipo__sigla": "REQ", "tipo__descricao": "Requerimento", "autoria": "Nito", "texto_original": "http://sapl.sarandi.pr.leg.br/media/sapl/public/materialegislativa/2018/922/req._no_246-2018.pdf", "ementa": "Of\u00edcio ao Senhor Prefeito, solicitando que informe a esta Casa de Leis, para fins de esclarecimento p\u00fablico, se h\u00e1 previs\u00e3o de realizar servi\u00e7os de cascalhamento nas ruas das imedia\u00e7\u00f5es da faculdade UNISSA.\r\nRessaltando ainda que uma vez que o cascalho j\u00e1 se encontra amontoado nas referidas ruas. Tal solicita\u00e7\u00e3o \u00e9 em atendimento a moradores daquela localidade."}, {"id": "923", "ano": "2018", "numero": "247", "tipo__sigla": "REQ", "tipo__descricao": "Requerimento", "autoria": "Eunildo Zanchim \"Nild\u00e3o\"", "texto_original": "http://sapl.sarandi.pr.leg.br/media/sapl/public/materialegislativa/2018/923/req._no_247-2018.pdf", "ementa": "Of\u00edcio ao Senhor Prefeito, solicitando que informe a esta Casa de Leis, para fins de esclarecimento p\u00fablico, se h\u00e1 viabilidade de estudo em conjunto com o legislativo municipal, de uma forma de proceder a cess\u00e3o de um ve\u00edculo novo, para o PROERD.\r\nPodendo ser verificada a possibilidade de utilizar recursos de sobra or\u00e7ament\u00e1ria da C\u00e2mara Municipal."}, {"id": "924", "ano": "2018", "numero": "248", "tipo__sigla": "REQ", "tipo__descricao": "Requerimento", "autoria": "Cilas Morais", "texto_original": "http://sapl.sarandi.pr.leg.br/media/sapl/public/materialegislativa/2018/924/req._n_248-2018.pdf", "ementa": "Of\u00edcio ao Senhor Prefeito, solicitando que informe a esta Casa de Leis, , para fins de esclarecimento p\u00fablico, sobre a possibilidade de se estender o hor\u00e1rio de funcionamento de pelo menos duas UBS\u2019s at\u00e9 \u00e0s 22h em nosso munic\u00edpio.\r\nUma vez que mun\u00edcipes necessitam de rem\u00e9dios ap\u00f3s as 19h."}, {"id": "925", "ano": "2018", "numero": "249", "tipo__sigla": "REQ", "tipo__descricao": "Requerimento", "autoria": "Le\u00e3o", "texto_original": "http://sapl.sarandi.pr.leg.br/media/sapl/public/materialegislativa/2018/925/req._no_249-2018.pdf", "ementa": "Of\u00edcio ao Senhor Prefeito, solicitando que informe a esta Casa de Leis, para fins de esclarecimento p\u00fablico, como se encontra a \"Compensa\u00e7\u00e3o Previdenci\u00e1ria\", do INSS (Instituto Nacional de Seguro Social \u2013 Previd\u00eancia Social do GOVERNO FEDERAL) junto ao PRESERV (Caixa De Aposentadoria dos Servidores Municipais de Sarandi) nos seguintes itens:\r\n1.\t Quanto o INSS deve?\r\n2.\t Quanto o INSS j\u00e1 repassou?\r\n3.\tQuanto prazo o INSS tem o para repassar os recursos?\r\n4.\tO que o Conselho do PRESERV, sabe sobre estes recursos financeiros de-vido do INSS ao PRESERV?\r\n5.\tQual a posi\u00e7\u00e3o do Conselho?\r\n6.\tCaso o INSS n\u00e3o esteja cumprindo, o PRESERV tomou atitudes judiciais para o recebimento dos valores devidos do INSS?"}, {"id": "926", "ano": "2018", "numero": "250", "tipo__sigla": "REQ", "tipo__descricao": "Requerimento", "autoria": "Gilberto Messias de Pinas \"Gil\"", "texto_original": "http://sapl.sarandi.pr.leg.br/media/", "ementa": "Of\u00edcio ao Senhor Prefeito, solicitando que informe a esta Casa de Leis, para fins de esclarecimento p\u00fablico, se h\u00e1 previs\u00e3o para a constru\u00e7\u00e3o de guaritas com a coloca\u00e7\u00e3o dos respectivos vigias, nas passagens da linha f\u00e9rrea, neste munic\u00edpio."}, {"id": "927", "ano": "2018", "numero": "251", "tipo__sigla": "REQ", "tipo__descricao": "Requerimento", "autoria": "Eliana Trautwein Santiago", "texto_original": "http://sapl.sarandi.pr.leg.br/media/sapl/public/materialegislativa/2018/927/req._no_251-2018.pdf", "ementa": "Of\u00edcio ao Senhor Prefeito, solicitando que informe a esta Casa de Leis, para fins de esclarecimento p\u00fablico, que informe a esta Casa de Leis, para fins de esclarecimento p\u00fablico, os seguintes itens:\r\n1.\tQuantas cotas de exames laboratoriais s\u00e3o distribu\u00eddas mensalmente pelas unidades de sa\u00fade?\r\n2.\tQuantas cotas s\u00e3o pagas mensalmente aos laborat\u00f3rios/cl\u00ednicas?\r\n3.\tE se h\u00e1 estudos visando aumentar a quantidade dos exames em quest\u00e3o?"}, {"id": "931", "ano": "2018", "numero": "252", "tipo__sigla": "REQ", "tipo__descricao": "Requerimento", "autoria": "Mineirinho", "texto_original": "http://sapl.sarandi.pr.leg.br/media/sapl/public/materialegislativa/2018/931/req._no_252-2018.pdf", "ementa": "Of\u00edcio ao Senhor Prefeito, solicitando que informe a esta Casa de Leis, se junto a FEBRABAN ou o setor competente, h\u00e1 viabilidade da altera\u00e7\u00e3o no hor\u00e1rio de funcionamento das ag\u00eancias banc\u00e1rias de nossa cidade, para a abertura \u00e0s 10 horas e fechamento \u00e0s 15 horas.\r\nO com\u00e9rcio depende muito dos bancos e as vendas s\u00f3 fluem depois que os bancos abrem para o atendimento, at\u00e9 mesmo os aposentados fazem filas esperando para receber para ent\u00e3o fazer sua compras, muitas pessoas que dependem de hor\u00e1rio de almo\u00e7o para fazer alguma coisa nos bancos, ficam na fila e acaba nem dando tempo, pois o banco acabou de abrir e a fila est\u00e1 grande, sendo que com essa mudan\u00e7a quem ganha \u00e9 a popula\u00e7\u00e3o de um modo geral."}, {"id": "932", "ano": "2018", "numero": "253", "tipo__sigla": "REQ", "tipo__descricao": "Requerimento", "autoria": "Dionizio Aparecido Viaro \"Dionizio da Diocar\"", "texto_original": "http://sapl.sarandi.pr.leg.br/media/sapl/public/materialegislativa/2018/932/req._no_253-2018.pdf", "ementa": "Of\u00edcio ao Senhor Prefeito, solicitando que informe a esta Casa de Leis, se h\u00e1 um estudo para que as feiras de quartas e sextas-feiras sejam transferidas para a Pra\u00e7a do Jardim Panorama."}, {"id": "933", "ano": "2018", "numero": "254", "tipo__sigla": "REQ", "tipo__descricao": "Requerimento", "autoria": "Nito", "texto_original": "http://sapl.sarandi.pr.leg.br/media/sapl/public/materialegislativa/2018/933/req._no_254-2018.pdf", "ementa": "Of\u00edcio ao Senhor Prefeito, solicitando que informe a esta Casa de Leis para fins de esclarecimento p\u00fablico, se h\u00e1 previs\u00e3o para se utilizar as m\u00e1quinas adquiridas pelo munic\u00edpio, para a varri\u00e7\u00e3o das ruas de nossa cidade."}, {"id": "934", "ano": "2018", "numero": "255", "tipo__sigla": "REQ", "tipo__descricao": "Requerimento", "autoria": "Eunildo Zanchim \"Nild\u00e3o\"", "texto_original": "http://sapl.sarandi.pr.leg.br/media/sapl/public/materialegislativa/2018/934/req._no_255-2018.pdf", "ementa": "Of\u00edcio ao Senhor Prefeito, solicitando que informe a esta Casa de Leis, se existe estudo para providenciar uma altera\u00e7\u00e3o da legisla\u00e7\u00e3o, de forma que os novos loteamentos contenham as denomina\u00e7\u00f5es das vias, nos postes e/ou resid\u00eancias."}, {"id": "935", "ano": "2018", "numero": "256", "tipo__sigla": "REQ", "tipo__descricao": "Requerimento", "autoria": "Cilas Morais", "texto_original": "http://sapl.sarandi.pr.leg.br/media/sapl/public/materialegislativa/2018/935/req._no_256-2018.pdf", "ementa": "Of\u00edcio ao Senhor Prefeito, solicitando que informe a esta Casa de Leis, se h\u00e1 previs\u00e3o para a realiza\u00e7\u00e3o de parceira com as creches particulares, visando solucionar o problema da falta de vagas de creches no munic\u00edpio."}, {"id": "936", "ano": "2018", "numero": "257", "tipo__sigla": "REQ", "tipo__descricao": "Requerimento", "autoria": "Le\u00e3o", "texto_original": "http://sapl.sarandi.pr.leg.br/media/sapl/public/materialegislativa/2018/936/req._no_257-2018.pdf", "ementa": "Of\u00edcio ao Senhor Prefeito, solicitando que informe a esta Casa de Leis, se h\u00e1 perspectiva de construir em volta das mesas 4 bancos em granito, todos fixados e um quiosque coberto medindo 12x12, para que os usu\u00e1rios da melhor idade possam continuar usufruindo de jogos de dama, xadrez e baralhos.\r\nPois h\u00e1 muitos anos os mesmos vem participando deste local ao ar livre."}, {"id": "937", "ano": "2018", "numero": "258", "tipo__sigla": "REQ", "tipo__descricao": "Requerimento", "autoria": "Gilberto Messias de Pinas \"Gil\"", "texto_original": "http://sapl.sarandi.pr.leg.br/media/sapl/public/materialegislativa/2018/937/req._no_258-2018.pdf", "ementa": "Of\u00edcio ao Senhor Prefeito, solicitando que informe a esta Casa de Leis, se h\u00e1 previs\u00e3o para a implanta\u00e7\u00e3o de 01(um) asilo para idosos, em Sarandi."}, {"id": "938", "ano": "2018", "numero": "259", "tipo__sigla": "REQ", "tipo__descricao": "Requerimento", "autoria": "Erasmo Cardoso Pereira \"Erasmo da Sa\u00fade\"", "texto_original": "http://sapl.sarandi.pr.leg.br/media/sapl/public/materialegislativa/2018/938/req._no_259-2018.pdf", "ementa": "Of\u00edcio ao Senhor Prefeito, solicitando que informe a esta Casa de Leis, se h\u00e1 previs\u00e3o para a coloca\u00e7\u00e3o de m\u00e9dicos nutricionista, psic\u00f3logo, assistente social e fisioterapeuta, para atendimento pelo menos uma vez por semana nas UBS\u2019s \u2013 Unidades B\u00e1sicas de Sa\u00fade \u2013 de Sarandi."}, {"id": "944", "ano": "2018", "numero": "260", "tipo__sigla": "REQ", "tipo__descricao": "Requerimento", "autoria": "Mineirinho", "texto_original": "http://sapl.sarandi.pr.leg.br/media/sapl/public/materialegislativa/2018/944/req._no_260-2018.pdf", "ementa": "Of\u00edcio ao Senhor Prefeito, junto a Secretaria de Sa\u00fade e outros \u00f3rg\u00e3os que atendem a popula\u00e7\u00e3o, que informe a esta Casa de Leis, se h\u00e1 viabilidade de dar melhor aten\u00e7\u00e3o aos nossos deficientes do munic\u00edpio, assim bem como as gestantes e os idosos, os deficientes tamb\u00e9m tenham esses direito.\r\nTivemos em nosso gabinete a visita do Senhor Luizinho - Presidente da Associa\u00e7\u00e3o dos Deficientes de Sarandi, dizendo que esteve na Prefeitura do munic\u00edpio para falar com o Prefeito e foi muito mal atendido, sendo que nesta associa\u00e7\u00e3o tem mais de 250 deficientes cadastrados que precisam de uma melhor aten\u00e7\u00e3o por parte do munic\u00edpio."}, {"id": "945", "ano": "2018", "numero": "261", "tipo__sigla": "REQ", "tipo__descricao": "Requerimento", "autoria": "Dionizio Aparecido Viaro \"Dionizio da Diocar\"", "texto_original": "http://sapl.sarandi.pr.leg.br/media/sapl/public/materialegislativa/2018/945/req._no_261-2018.pdf", "ementa": "Of\u00edcio ao Senhor Prefeito, solicitando que informe a esta Casa de Leis, para fins de esclarecimento p\u00fablico, se h\u00e1 previs\u00e3o para a realiza\u00e7\u00e3o de reformas das UBS\u2019s dos Jardins Monterey e Rio de Janeiro."}, {"id": "946", "ano": "2018", "numero": "262", "tipo__sigla": "REQ", "tipo__descricao": "Requerimento", "autoria": "Nito", "texto_original": "http://sapl.sarandi.pr.leg.br/media/sapl/public/materialegislativa/2018/946/req._no_262-2018.pdf", "ementa": "Of\u00edcio ao Senhor Prefeito, solicitando que informe a esta Casa de Leis, para fins de esclarecimento p\u00fablico, se h\u00e1 previs\u00e3o para a instala\u00e7\u00e3o de banheiros na Pra\u00e7a da Juventude."}, {"id": "947", "ano": "2018", "numero": "263", "tipo__sigla": "REQ", "tipo__descricao": "Requerimento", "autoria": "Eliana Trautwein Santiago", "texto_original": "http://sapl.sarandi.pr.leg.br/media/sapl/public/materialegislativa/2018/947/req._no_263-2018.pdf", "ementa": "Of\u00edcio ao Senhor Prefeito, solicitando que informe a esta Casa de Leis, os seguintes itens em rela\u00e7\u00e3o ao Est\u00e1dio Municipal:\r\n1.\tA empresa vencedora da licita\u00e7\u00e3o de constru\u00e7\u00e3o possui contrato vigente?\r\n2.\tQual motivo da parada no andamento da obra?\r\n3.\tExiste or\u00e7amento previsto para finalizar?"}, {"id": "948", "ano": "2018", "numero": "264", "tipo__sigla": "REQ", "tipo__descricao": "Requerimento", "autoria": "Eunildo Zanchim \"Nild\u00e3o\"", "texto_original": "http://sapl.sarandi.pr.leg.br/media/sapl/public/materialegislativa/2018/948/req._no_264-2018.pdf", "ementa": "Of\u00edcio ao Senhor Prefeito, solicitando que informe a esta Casa de Leis, se provid\u00eancias ser\u00e3o tomadas para a coloca\u00e7\u00e3o de placas contendo as denomina\u00e7\u00f5es das vias p\u00fablicas, nos Jardins Kussumoto, Calif\u00f3rnia, Monte L\u00edbano, Oriental e no Parque S\u00e3o Pedro, neste munic\u00edpio."}, {"id": "949", "ano": "2018", "numero": "265", "tipo__sigla": "REQ", "tipo__descricao": "Requerimento", "autoria": "Cilas Morais", "texto_original": "http://sapl.sarandi.pr.leg.br/media/sapl/public/materialegislativa/2018/949/req._no_265-2018.pdf", "ementa": "Of\u00edcio ao Senhor Prefeito, solicitando que informe a esta Casa de Leis, se a cria\u00e7\u00e3o do programa de sa\u00fade bucal nas Escolas Municipais e Creches do Munic\u00edpio para atender crian\u00e7as de at\u00e9 10 anos ocorrer\u00e1.\r\nOnde estes ser\u00e3o atendidos por Dentistas, Auxiliares ou Estagi\u00e1rios."}, {"id": "950", "ano": "2018", "numero": "266", "tipo__sigla": "REQ", "tipo__descricao": "Requerimento", "autoria": "Le\u00e3o", "texto_original": "http://sapl.sarandi.pr.leg.br/media/sapl/public/materialegislativa/2018/950/req._no_266-2018.pdf", "ementa": "Of\u00edcio ao Senhor Prefeito, solicitando que informe a esta Casa de Leis, quando ir\u00e1 come\u00e7ar a fazer o estacionamento em volta do Viaduto, j\u00e1 que a VIAPAR j\u00e1 autorizou e doou a grama ao munic\u00edpio"}, {"id": "951", "ano": "2018", "numero": "267", "tipo__sigla": "REQ", "tipo__descricao": "Requerimento", "autoria": "Gilberto Messias de Pinas \"Gil\"", "texto_original": "http://sapl.sarandi.pr.leg.br/media/sapl/public/materialegislativa/2018/951/req._no_267-2018.pdf", "ementa": "Of\u00edcio ao Senhor Prefeito, solicitando que informe a esta Casa de Leis, se h\u00e1 previs\u00e3o para a realiza\u00e7\u00e3o de em parceria com a Secretaria da Juventude, sobre a implanta\u00e7\u00e3o de cursos nas escolas de Sarandi, em contra turno."}, {"id": "962", "ano": "2018", "numero": "268", "tipo__sigla": "REQ", "tipo__descricao": "Requerimento", "autoria": "Mineirinho", "texto_original": "http://sapl.sarandi.pr.leg.br/media/sapl/public/materialegislativa/2018/962/req._no_268-2018.pdf", "ementa": "Of\u00edcio ao Senhor Prefeito, que informe a esta Casa de Leis, se h\u00e1 previs\u00e3o de informatizar a parte de protocolo de terrenos para sepultamento de nosso munic\u00edpio.\r\nPois, haja vista que para localizar data e quadra dos nossos Antiquariado e muito complicado por falta de informa\u00e7\u00e3o."}, {"id": "963", "ano": "2018", "numero": "269", "tipo__sigla": "REQ", "tipo__descricao": "Requerimento", "autoria": "Aparecido Antonio", "texto_original": "http://sapl.sarandi.pr.leg.br/media/sapl/public/materialegislativa/2018/963/req._no_269-2018.pdf", "ementa": "\u201d, Oficio ao Excelent\u00edssimo Senhor Elias Gandour Thom\u00e9, Secret\u00e1rio de Estado da Justi\u00e7a, Trabalho e Direitos Humanos, que informe a esta Casa de Leis, se h\u00e1 previs\u00e3o de constru\u00e7\u00e3o de uma Casa de Cust\u00f3dia para abrigo de presos condenados em Sarandi."}, {"id": "964", "ano": "2018", "numero": "270", "tipo__sigla": "REQ", "tipo__descricao": "Requerimento", "autoria": "Nito", "texto_original": "http://sapl.sarandi.pr.leg.br/media/sapl/public/materialegislativa/2018/964/req._no_270-2018.pdf", "ementa": "Of\u00edcio ao Senhor Prefeito, que informe a esta Casa de Leis, para fins de esclarecimento p\u00fablico, se h\u00e1 previs\u00e3o ou mesmo um estudo para construir um portal na divisa de Sarandi com Marialva.\r\nRessaltando ainda que as pessoas que chegam ou passam pela nossa cidade por aquela entrada, sequer sabe onde s\u00e3o as divisas entre Sarandi e Marialva."}, {"id": "965", "ano": "2018", "numero": "271", "tipo__sigla": "REQ", "tipo__descricao": "Requerimento", "autoria": "Eliana Trautwein Santiago", "texto_original": "http://sapl.sarandi.pr.leg.br/media/sapl/public/materialegislativa/2018/965/req._no_271-2018.pdf", "ementa": "Of\u00edcio \u00e0 Secret\u00e1ria Municipal de Sa\u00fade, solicitando que encaminhe a esta Casa de Leis, as seguintes informa\u00e7\u00f5es sobre o atendimento de odontologia do munic\u00edpio:\r\n1.\tQual a idade est\u00e1 sendo atendida pela odontologia do munic\u00edpio?\r\n2.\tQuantos dentistas existem contratados pelo munic\u00edpio?\r\n3.\tQuais UBS\u2019s possuem odontologia em funcionamento?\r\n4.\tQual o procedimento para atendimento?"}, {"id": "966", "ano": "2018", "numero": "272", "tipo__sigla": "REQ", "tipo__descricao": "Requerimento", "autoria": "Eunildo Zanchim \"Nild\u00e3o\"", "texto_original": "http://sapl.sarandi.pr.leg.br/media/sapl/public/materialegislativa/2018/966/req._no_272-2018.pdf", "ementa": "Of\u00edcio ao Senhor Prefeito, solicitando que informe a esta Casa de Leis, se h\u00e1 previs\u00e3o para a realiza\u00e7\u00e3o de servi\u00e7os de cascalhamento da estrada Mara, em toda a sua extens\u00e3o na \u00e1rea rural deste munic\u00edpio."}, {"id": "967", "ano": "2018", "numero": "273", "tipo__sigla": "REQ", "tipo__descricao": "Requerimento", "autoria": "Cilas Morais", "texto_original": "http://sapl.sarandi.pr.leg.br/media/sapl/public/materialegislativa/2018/967/req._no_273-2018.pdf", "ementa": "Of\u00edcio ao Senhor Prefeito, solicitando que informe a esta Casa de Leis, qual a previs\u00e3o para se colocar em pr\u00e1tica a Lei Municipal n\u00ba 2352/2017, de 04 de setembro de 2017, a qual institui o \"Setembro Amarelo\" \u2013 de preven\u00e7\u00e3o ao suic\u00eddio, em Sarandi-Paran\u00e1."}, {"id": "968", "ano": "2018", "numero": "274", "tipo__sigla": "REQ", "tipo__descricao": "Requerimento", "autoria": "Gilberto Messias de Pinas \"Gil\"", "texto_original": "http://sapl.sarandi.pr.leg.br/media/sapl/public/materialegislativa/2018/968/req._no_274-2018.pdf", "ementa": "Of\u00edcio ao Senhor Prefeito, solicitando que informe a esta Casa de Leis, a possibilidade do aumento de cotas para o atendimento nos laborat\u00f3rios e fisioterapia.\r\nPorque as cotas de laborat\u00f3rios acabam no dia primeiro de cada m\u00eas na parte da manh\u00e3 e est\u00e3o ficando muitas pessoas sem conseguir fazer exames no m\u00eas em que s\u00e3o consultadas, e na maioria das vezes esses pedidos s\u00e3o urgentes, e as de fisioterapia n\u00e3o est\u00e1 abrangendo a quantidade de pacientes, ficando sempre uma quantidade esperando."}, {"id": "969", "ano": "2018", "numero": "275", "tipo__sigla": "REQ", "tipo__descricao": "Requerimento", "autoria": "Erasmo Cardoso Pereira \"Erasmo da Sa\u00fade\"", "texto_original": "http://sapl.sarandi.pr.leg.br/media/sapl/public/materialegislativa/2018/969/req._no_275-2018.pdf", "ementa": "Of\u00edcio ao Senhor Prefeito, solicitando que informe a esta Casa de Leis, se existem estudos ou mesmo previs\u00e3o para a demarca\u00e7\u00e3o dos pontos de para de \u00f4nibus, com a coloca\u00e7\u00e3o dos respectivos abrigos, na Avenida Jo\u00e3o Marangoni."}, {"id": "970", "ano": "2018", "numero": "276", "tipo__sigla": "REQ", "tipo__descricao": "Requerimento", "autoria": "Gilberto Messias de Pinas \"Gil\"", "texto_original": "http://sapl.sarandi.pr.leg.br/media/sapl/public/materialegislativa/2018/970/req._no_276-2018.pdf", "ementa": "SOLICITA A DISPENSA DE INTERST\u00cdCIO DE TERCEIRA DISCUSS\u00c3O E VOTA\u00c7\u00c3O, DO PROJETO DE LEI N\u00ba 2740/2018, DO PODER EXECUTIVO MUNICIPAL."}, {"id": "978", "ano": "2018", "numero": "277", "tipo__sigla": "REQ", "tipo__descricao": "Requerimento", "autoria": "Mineirinho", "texto_original": "http://sapl.sarandi.pr.leg.br/media/sapl/public/materialegislativa/2018/978/req._no_277-2018.pdf", "ementa": "Of\u00edcio ao Senhor Prefeito, solicitando que informe a esta Casa de Leis, se existem estudos ou mesmo previs\u00e3o para tornar em m\u00e3o \u00fanica o tr\u00e2nsito dos seguintes trechos de vias p\u00fablicas:\r\n1.\tRua Am\u00e9rica - sentido Avenida Maring\u00e1/Linha F\u00e9rrea;\r\n2.\tRua Curitiba - sentido Linha F\u00e9rrea/Avenida Cuiab\u00e1;\r\n3.\tRua Cerro Azul - sentido Avenida Cuiab\u00e1/Linha F\u00e9rrea.\r\nTal medida se faz necess\u00e1rio, pois no hor\u00e1rio de pico \u00e9 muito complicado para as pessoas que trafegam nestes locais."}, {"id": "979", "ano": "2018", "numero": "278", "tipo__sigla": "REQ", "tipo__descricao": "Requerimento", "autoria": "Aparecido Antonio", "texto_original": "http://sapl.sarandi.pr.leg.br/media/sapl/public/materialegislativa/2018/979/req._no_278-2018.pdf", "ementa": "Of\u00edcio ao Senhor Prefeito, solicitando que informe a esta Casa de Leis, se existem estudos ou mesmo previs\u00e3o para implanta\u00e7\u00e3o de sem\u00e1foro na esquina da Rua J\u00falio Dvoranem com a Avenida Maring\u00e1."}, {"id": "980", "ano": "2018", "numero": "279", "tipo__sigla": "REQ", "tipo__descricao": "Requerimento", "autoria": "Nito", "texto_original": "http://sapl.sarandi.pr.leg.br/media/sapl/public/materialegislativa/2018/980/req._no_279-2018.pdf", "ementa": "Of\u00edcio ao Senhor Prefeito, solicitando que informe a esta Casa de Leis, para fins de esclarecimento p\u00fablico, se h\u00e1 previs\u00e3o para a instala\u00e7\u00e3o de placas em pontos estrat\u00e9gicos de Sarandi, com a indica\u00e7\u00e3o da dire\u00e7\u00e3o dos bairros de nossa cidade."}, {"id": "981", "ano": "2018", "numero": "280", "tipo__sigla": "REQ", "tipo__descricao": "Requerimento", "autoria": "Eliana Trautwein Santiago", "texto_original": "http://sapl.sarandi.pr.leg.br/media/sapl/public/materialegislativa/2018/981/req._no_280-2018.pdf", "ementa": "Of\u00edcio \u00e0 Senhora Marlene Pereira Fermino de Souza, Secret\u00e1ria Municipal de Sa\u00fade, solicitando que encaminhe, a esta Casa de leis, as seguintes informa\u00e7\u00f5es:\r\n1.\tQuantidade de pacientes na lista de espera aguardando consulta com espe-cialista em ortopedia e oftalmologia?\r\n2.\tQuantos pacientes aguardam a realiza\u00e7\u00e3o de exames de Raios-X?\r\n3.\tQual o prazo aproximado para realiza\u00e7\u00e3o destes exames, desde o atendi-mento na UBS \u2013 Unidade B\u00e1sica de Sa\u00fade, at\u00e9 sua realiza\u00e7\u00e3o?"}, {"id": "982", "ano": "2018", "numero": "281", "tipo__sigla": "REQ", "tipo__descricao": "Requerimento", "autoria": "Eunildo Zanchim \"Nild\u00e3o\"", "texto_original": "http://sapl.sarandi.pr.leg.br/media/sapl/public/materialegislativa/2018/982/req._no_281-2018.pdf", "ementa": "Of\u00edcio ao Senhor Prefeito, solicitando que informe a esta Casa de Leis, se h\u00e1 previs\u00e3o para a instala\u00e7\u00e3o de c\u00e2meras de seguran\u00e7a/vigil\u00e2ncia, nas escolas e creches do munic\u00edpio de Sarandi."}, {"id": "983", "ano": "2018", "numero": "282", "tipo__sigla": "REQ", "tipo__descricao": "Requerimento", "autoria": "Cilas Morais", "texto_original": "http://sapl.sarandi.pr.leg.br/media/sapl/public/materialegislativa/2018/983/req._no_282-2018.pdf", "ementa": "Of\u00edcio ao Senhor Prefeito, solicitando que informe a esta Casa de Leis, se h\u00e1 previs\u00e3o para a aquisi\u00e7\u00e3o de 1 m\u00e1quina copiadora/xerox para a Farm\u00e1cia Municipal de Sarandi, presente pr\u00f3ximo ao hospital de especialidades, com a \u00fanica finalidade der tirar c\u00f3pias de receitas m\u00e9dicas de forma gratuita a toda a popula\u00e7\u00e3o."}, {"id": "984", "ano": "2018", "numero": "283", "tipo__sigla": "REQ", "tipo__descricao": "Requerimento", "autoria": "Le\u00e3o", "texto_original": "http://sapl.sarandi.pr.leg.br/media/sapl/public/materialegislativa/2018/984/req._no_283-2018.pdf", "ementa": "Of\u00edcio ao Senhor MICHEL CALDATO, Superintendente da Aguas de Sarandi, solicitando que informe a esta Casa de Leis, as seguintes informa\u00e7\u00f5es:\r\n1.\tComo est\u00e1 o andamento das obras de rede de esgoto em nosso munic\u00edpio?\r\n2.\tA empresa tem cumprido o organograma da obra?\r\n3.\tAs obras j\u00e1 realizadas poder\u00e3o ser feitas as liga\u00e7\u00f5es nos ramais?\r\n4.\tA lagoa de tratamento j\u00e1 est\u00e1 em condi\u00e7\u00f5es de estar recebendo os dejetos resid\u00eancias e comerciais?\r\n5.\tComo esta o projeto de implanta\u00e7\u00e3o das obras de substitui\u00e7\u00e3o da rede da nova rede de \u00e1gua do centro de Sarandi e arredores?"}, {"id": "985", "ano": "2018", "numero": "284", "tipo__sigla": "REQ", "tipo__descricao": "Requerimento", "autoria": "Gilberto Messias de Pinas \"Gil\"", "texto_original": "http://sapl.sarandi.pr.leg.br/media/sapl/public/materialegislativa/2018/985/req._no_284-2018.pdf", "ementa": "Of\u00edcio ao Senhor Prefeito, solicitando que informe a esta Casa de Leis, se existe previs\u00e3o para a realiza\u00e7\u00e3o de servi\u00e7os de asfaltamento no Jardim Imperial, neste munic\u00edpio."}, {"id": "986", "ano": "2018", "numero": "285", "tipo__sigla": "REQ", "tipo__descricao": "Requerimento", "autoria": "Erasmo Cardoso Pereira \"Erasmo da Sa\u00fade\"", "texto_original": "http://sapl.sarandi.pr.leg.br/media/sapl/public/materialegislativa/2018/986/req._no_285-2018.pdf", "ementa": "Of\u00edcio ao Senhor Prefeito, solicitando que informe a esta Casa de Leis, se h\u00e1 estudos para cria a Semana Municipal do Idoso no calend\u00e1rio oficial do munic\u00edpio.\r\nOnde as comemora\u00e7\u00f5es se dar\u00e1 na primeira semana de outubro, com palestras, passeios, atividades de lazer, concursos de belezas, dentre outras atividades."}, {"id": "987", "ano": "2018", "numero": "286", "tipo__sigla": "REQ", "tipo__descricao": "Requerimento", "autoria": "Dionizio Aparecido Viaro \"Dionizio da Diocar\"", "texto_original": "http://sapl.sarandi.pr.leg.br/media/sapl/public/materialegislativa/2018/987/req._no_286-2018.pdf", "ementa": "Of\u00edcio ao Senhor Prefeito, solicitando que informe a esta Casa de Leis, para fins de esclarecimento p\u00fablico, se h\u00e1 previs\u00e3o para a realiza\u00e7\u00e3o do asfalto no trecho da Rua Eldorado, entre as Ruas Ponta Por\u00e3 e Coxim, no Parque Residencial Bela Vista 2\u00aa Parte."}, {"id": "988", "ano": "2018", "numero": "287", "tipo__sigla": "REQ", "tipo__descricao": "Requerimento", "autoria": "Dionizio Aparecido Viaro \"Dionizio da Diocar\"", "texto_original": "http://sapl.sarandi.pr.leg.br/media/sapl/public/materialegislativa/2018/988/req._no_287-2018.pdf", "ementa": "SOLICITA A DISPENSA DE TERCEIRA DISCUSS\u00c3O E VOTA\u00c7\u00c3O, DO PROJETO DE LEI N\u00ba 2743/2018, DE AUTORIA DO EDIL DIONIZIO APARECIDO VIARO."}, {"id": "989", "ano": "2018", "numero": "288", "tipo__sigla": "REQ", "tipo__descricao": "Requerimento", "autoria": "Eunildo Zanchim \"Nild\u00e3o\"", "texto_original": "http://sapl.sarandi.pr.leg.br/media/sapl/public/materialegislativa/2018/989/req._no_288-2018.pdf", "ementa": "SOLICITA A DISPENSA DE INTERST\u00cdCIO DE TERCEIRA DISCUSS\u00c3O E VOTA\u00c7\u00c3O, DO PROJETO DE LEI N\u00ba 2744/2018, DO PODER EXECUTIVO MUNICIPAL."}, {"id": "994", "ano": "2018", "numero": "289", "tipo__sigla": "REQ", "tipo__descricao": "Requerimento", "autoria": "Nito", "texto_original": "http://sapl.sarandi.pr.leg.br/media/sapl/public/materialegislativa/2018/994/req._no_289-2018.pdf", "ementa": "Of\u00edcio ao Senhor Prefeito, solicitando que informe a esta casa de leis, para fins de esclarecimento p\u00fablico, se h\u00e1 previs\u00e3o de iniciar a reforma nas depend\u00eancias da Escola Municipal Massami Koga."}, {"id": "995", "ano": "2018", "numero": "290", "tipo__sigla": "REQ", "tipo__descricao": "Requerimento", "autoria": "Eliana Trautwein Santiago", "texto_original": "http://sapl.sarandi.pr.leg.br/media/", "ementa": "Of\u00edcio ao Senhor Prefeito, solicitando se h\u00e1 previs\u00e3o para a realiza\u00e7\u00e3o de reforma do Campo do Jardim Primavera, bem como o que ser\u00e1 incluso nesta reforma."}, {"id": "996", "ano": "2018", "numero": "291", "tipo__sigla": "REQ", "tipo__descricao": "Requerimento", "autoria": "Eunildo Zanchim \"Nild\u00e3o\"", "texto_original": "http://sapl.sarandi.pr.leg.br/media/sapl/public/materialegislativa/2018/996/req._no_291-2018.pdf", "ementa": "Of\u00edcio ao Senhor Paulo Cezer Kremer dos Santos - Diretor Regional dos Correios do Paran\u00e1, em Curitiba, solicitando que informe se provid\u00eancias ser\u00e3o tomadas no sentido de viabilizar a entrega de correspond\u00eancias no Jardim Kusumoto e Loteamento Ecovalley.\r\nTendo em vista as solicita\u00e7\u00f5es j\u00e1 encaminhadas \u00e0 Ag\u00eancia dos Correios de Sarandi, sem obter nem mesmo uma resposta, apesar de terem sido atendidas as condi\u00e7\u00f5es exigidas para a presta\u00e7\u00e3o desses servi\u00e7os."}, {"id": "997", "ano": "2018", "numero": "292", "tipo__sigla": "REQ", "tipo__descricao": "Requerimento", "autoria": "Cilas Morais", "texto_original": "http://sapl.sarandi.pr.leg.br/media/sapl/public/materialegislativa/2018/997/req._no_292-2018.pdf", "ementa": "Of\u00edcio ao Senhor Prefeito, solicitando que informe a esta casa de leis, a possibilidade de encaminhar projeto de lei para delibera\u00e7\u00e3o, firmando conv\u00eanios com creches particulares, para a contrata\u00e7\u00e3o de vagas destinadas ao atendimento de crian\u00e7as da fila de espera no munic\u00edpio, at\u00e9 que sejam constru\u00eddos novos CMEI\u2019s - Centros Municipais de Educa\u00e7\u00e3o Infantil, ou mesmo a amplia\u00e7\u00e3o dos j\u00e1 existentes em Sarandi."}, {"id": "998", "ano": "2018", "numero": "293", "tipo__sigla": "REQ", "tipo__descricao": "Requerimento", "autoria": "Gilberto Messias de Pinas \"Gil\"", "texto_original": "http://sapl.sarandi.pr.leg.br/media/", "ementa": "Of\u00edcio ao Senhor Prefeito junto a Secretaria Municipal de Juventude, Cultura, Esporte e Lazer \u2013 SEJUV, solicitando que informe a esta casa de leis, a possibilidade de implanta\u00e7\u00e3o de atividades esportivas para as crian\u00e7as."}, {"id": "999", "ano": "2018", "numero": "294", "tipo__sigla": "REQ", "tipo__descricao": "Requerimento", "autoria": "Erasmo Cardoso Pereira \"Erasmo da Sa\u00fade\"", "texto_original": "http://sapl.sarandi.pr.leg.br/media/sapl/public/materialegislativa/2018/999/req._no_294-2018.pdf", "ementa": "Of\u00edcio ao Senhor Prefeito, solicitando que informe a esta casa de leis, da possibilidade de constru\u00e7\u00e3o de uma pista de Motocross pr\u00f3ximo ao Km 8."}, {"id": "1000", "ano": "2018", "numero": "295", "tipo__sigla": "REQ", "tipo__descricao": "Requerimento", "autoria": "Dionizio Aparecido Viaro \"Dionizio da Diocar\", Aparecido Antonio", "texto_original": "http://sapl.sarandi.pr.leg.br/media/", "ementa": "Of\u00edcio ao Senhor Prefeito, solicitando que informe a esta casa de leis, se mant\u00e9m entendimento junto aos \u00f3rg\u00e3os ou setores competentes, no sentido de viabilizar a libera\u00e7\u00e3o e implanta\u00e7\u00e3o de vias paralelas \u00e0 Linha F\u00e9rrea, fazendo a interliga\u00e7\u00e3o em Sarandi/Maring\u00e1."}, {"id": "1010", "ano": "2018", "numero": "296", "tipo__sigla": "REQ", "tipo__descricao": "Requerimento", "autoria": "Nito", "texto_original": "http://sapl.sarandi.pr.leg.br/media/", "ementa": "Of\u00edcio ao Senhor Prefeito, solicitando que informe a esta casa de leis, para fins de esclarecimento p\u00fablico, se h\u00e1 previs\u00e3o para a pintura de faixas na Avenida Universal, e instala\u00e7\u00e3o de redutores de velocidade nas proximidades da Creche Monteiro Lobato."}, {"id": "1011", "ano": "2018", "numero": "297", "tipo__sigla": "REQ", "tipo__descricao": "Requerimento", "autoria": "Eliana Trautwein Santiago", "texto_original": "http://sapl.sarandi.pr.leg.br/media/", "ementa": "Of\u00edcio \u00e0 Senhora Marlene Pereira Fermino de Souza, Secret\u00e1ria Municipal de Sa\u00fade, solicitando da mesma que informe quais medidas est\u00e3o sendo tomadas para melhorar a qualidade de atendimento da UPA - Unidade de Pronto Atendimento, bem como ampliar os exames ofertados diretamente na unidade."}, {"id": "1012", "ano": "2018", "numero": "298", "tipo__sigla": "REQ", "tipo__descricao": "Requerimento", "autoria": "Cilas Morais", "texto_original": "http://sapl.sarandi.pr.leg.br/media/", "ementa": "Of\u00edcio ao Senhor Prefeito, solicitando informa\u00e7\u00f5es sobre a possibilidade de se implantar e realizar 1 vez por m\u00eas em cada bairro do munic\u00edpio, os mutir\u00f5es itinerantes com objetivo de preven\u00e7\u00e3o e detec\u00e7\u00e3o de doen\u00e7as, disponibilizando, dentre outros, exame de mamografia, oftalmologia e odontologia."}, {"id": "1013", "ano": "2018", "numero": "299", "tipo__sigla": "REQ", "tipo__descricao": "Requerimento", "autoria": "Gilberto Messias de Pinas \"Gil\"", "texto_original": "http://sapl.sarandi.pr.leg.br/media/", "ementa": "Of\u00edcio ao Senhor Prefeito, solicitando informa\u00e7\u00f5es sobre a possibilidade de se implantar uma ATI (Academia da Terceira Idade) e um parquinho, no Jardim Monterey pr\u00f3ximo ao CMEI Hugo Mikael Silva Lima."}, {"id": "1014", "ano": "2018", "numero": "300", "tipo__sigla": "REQ", "tipo__descricao": "Requerimento", "autoria": "Mineirinho", "texto_original": "http://sapl.sarandi.pr.leg.br/media/", "ementa": "Of\u00edcio ao Senhor Prefeito, solicitando informa\u00e7\u00f5es sobre a viabilidade de identifica\u00e7\u00e3o de placas indicativas nas principais Avenidas de nosso Munic\u00edpio, indicando o sentido de dire\u00e7\u00e3o para a localiza\u00e7\u00e3o de bairros, \u00f3rg\u00e3os ou setores, tais como: Pa\u00e7o Municipal, Unidades de Sa\u00fade, Unidade de Pronto Atendimento, Hospital, Companhia da Policia Militar, Delegacia de Policia Civil, Corpo de Bombeiros, entre outros."}, {"id": "1015", "ano": "2018", "numero": "301", "tipo__sigla": "REQ", "tipo__descricao": "Requerimento", "autoria": "Eunildo Zanchim \"Nild\u00e3o\"", "texto_original": "http://sapl.sarandi.pr.leg.br/media/", "ementa": "Of\u00edcio ao Senhor Prefeito que mantendo entendimento junto \u00e0 empresa Transporte Coletivo Cidade Verde - TCCV, solicitando que informe se a mesma n\u00e3o poderia estar doando 01 (um) \u00f4nibus (usado em boas condi\u00e7\u00f5es) com a finalidade exclusiva para o transporte de passageiros, por ocasi\u00f5es de funerais.\r\nDevido ao grande n\u00famero de usu\u00e1rio que necessitam deste importante servi\u00e7o, tendo em vista da grande demanda da popula\u00e7\u00e3o que utilizam e precisam deste apoio do munic\u00edpio em momentos dif\u00edceis de luto."}, {"id": "1022", "ano": "2018", "numero": "302", "tipo__sigla": "REQ", "tipo__descricao": "Requerimento", "autoria": "Nito", "texto_original": "http://sapl.sarandi.pr.leg.br/media/", "ementa": "Of\u00edcio ao Senhor Prefeito, solicitando que informe a esta Casa de Leis, para fins de esclarecimento p\u00fablico, se existem estudos ou mesmo entendimentos junto \u00e0 Concession\u00e1ria VIAPAR, no sentido de se estender a cerca De Alambrado Que Separa As Duas Pistas Da Avenida Central \"Antiga Rodovia Br-376\", das imedia\u00e7\u00f5es da passarela, at\u00e9 a dire\u00e7\u00e3o da Empresa USICAMP.\r\nRessaltando que tal solicita\u00e7\u00e3o \u00e9 no sentido de se evitar a poss\u00edvel ocorr\u00eancia de acidentes com pedestres."}, {"id": "1023", "ano": "2018", "numero": "303", "tipo__sigla": "REQ", "tipo__descricao": "Requerimento", "autoria": "Cilas Morais", "texto_original": "http://sapl.sarandi.pr.leg.br/media/", "ementa": "Of\u00edcio ao Senhor Prefeito, solicitando que informe a esta Casa de Leis, se h\u00e1 previs\u00e3o da realiza\u00e7\u00e3o de atividades/a\u00e7\u00f5es preventivas \u00e0 integridade da sa\u00fade da mulher, em conformidade com a Lei Estadual n\u00ba 16.935, de 26 de outubro de 2011, \"Outubro Rosa\"."}, {"id": "1024", "ano": "2018", "numero": "304", "tipo__sigla": "REQ", "tipo__descricao": "Requerimento", "autoria": "Le\u00e3o", "texto_original": "http://sapl.sarandi.pr.leg.br/media/", "ementa": "Of\u00edcio ao Senhor Prefeito, solicitando que informe a esta Casa de Leis, o seguinte:\r\n1 \u2013 Como se encontra a regulariza\u00e7\u00e3o dos eixos comerciais e industriais dos \u00faltimos loteamentos aprovados, no munic\u00edpio?\r\n2 \u2013 Se todos os loteamentos do munic\u00edpio est\u00e3o regularizados pelo Conselho Municipal De Habita\u00e7\u00e3o?"}, {"id": "1025", "ano": "2018", "numero": "305", "tipo__sigla": "REQ", "tipo__descricao": "Requerimento", "autoria": "Eunildo Zanchim \"Nild\u00e3o\"", "texto_original": "http://sapl.sarandi.pr.leg.br/media/", "ementa": "Of\u00edcio ao Senhor Prefeito, solicitando que informe a esta Casa de Leis, o seguinte:\r\n1 \u2013 Se disponibilizar\u00e1 mais m\u00e9dicos para atuar no Posto de Sa\u00fade do Jardim Oriental?\r\n2 \u2013 Se instalar\u00e1 uma farm\u00e1cia no aludido posto, para prestar atendimento aos moradores?"}, {"id": "1026", "ano": "2018", "numero": "306", "tipo__sigla": "REQ", "tipo__descricao": "Requerimento", "autoria": "Eliana Trautwein Santiago", "texto_original": "http://sapl.sarandi.pr.leg.br/media/", "ementa": "Of\u00edcio ao Senhor Walter Volpato J\u00fanior, Secret\u00e1rio Municipal de Urbanismo de Sarandi,  solicitando que informe a esta Casa de Leis, em especial a esta Vereadora o seguinte:\r\n1 \u2013 Quanto foi investido financeiramente e em mat\u00e9ria prima, at\u00e9 o momento, no recapeamento realizado no Parque S\u00e3o Pedro?\r\n2 \u2013 Qual a previs\u00e3o para finalizar a obra, no bairro?"}, {"id": "1027", "ano": "2018", "numero": "307", "tipo__sigla": "REQ", "tipo__descricao": "Requerimento", "autoria": "Dionizio Aparecido Viaro \"Dionizio da Diocar\"", "texto_original": "http://sapl.sarandi.pr.leg.br/media/", "ementa": "Of\u00edcio ao Senhor Prefeito,  solicitando que informe a esta Casa de Leis, se h\u00e1 previs\u00e3o de elaborar um estudo visando fazer o recape asf\u00e1ltico no local onde se realiza a Feira do Produtor, \u00e0s Quartas-feiras, ao lado da Igreja S\u00e3o Paulo Ap\u00f3stolo da avenida londrina n\u00ba 1700, no Jardim Social.\r\n Em caso positivo, decline a data prevista para essa finalidade e em caso negativo, decline os motivos t\u00e9cnicos e jur\u00eddicos."}, {"id": "1028", "ano": "2018", "numero": "308", "tipo__sigla": "REQ", "tipo__descricao": "Requerimento", "autoria": "Mineirinho, Dionizio Aparecido Viaro \"Dionizio da Diocar\"", "texto_original": "http://sapl.sarandi.pr.leg.br/media/", "ementa": "Of\u00edcio ao Senhor Prefeito, solicitando que informe a esta Casa de Leis, se h\u00e1 previs\u00e3o de sinalizar adequadamente com sem\u00e1foro ou quebra-molas os seguintes lugares:\r\n1 \u2013 Cruzamento da Estrada Mauro Trindade com a Avenida Universal;\r\n2 \u2013 Cruzamento da Estrada Mauro Trindade com a Avenida Morangueira.\r\nTodos no Jardim Universal, pois nessas localidades existe uma escola, com grande fluxo de crian\u00e7as e os motoristas n\u00e3o est\u00e3o respeitando o limite de velocidade."}, {"id": "1029", "ano": "2018", "numero": "309", "tipo__sigla": "REQ", "tipo__descricao": "Requerimento", "autoria": "Aparecido Antonio", "texto_original": "http://sapl.sarandi.pr.leg.br/media/", "ementa": "Of\u00edcio ao Senhor Prefeito, solicitando que informe a esta Casa de Leis, se provid\u00eancias ser\u00e3o tomadas para coloca\u00e7\u00e3o de cobertura nos pontos de \u00f4nibus em todo o Conjunto Floresta.\r\n Em caso positivo, decline a data prevista para essa finalidade e em caso negativo, decline os motivos t\u00e9cnicos e jur\u00eddicos."}, {"id": "1030", "ano": "2018", "numero": "310", "tipo__sigla": "REQ", "tipo__descricao": "Requerimento", "autoria": "Erasmo Cardoso Pereira \"Erasmo da Sa\u00fade\"", "texto_original": "http://sapl.sarandi.pr.leg.br/media/", "ementa": "Of\u00edcio ao Senhor Prefeito, solicitando que informe a esta Casa de Leis, se n\u00e3o h\u00e1 possibilidade de estar direcionando recursos para realiza\u00e7\u00e3o de cirurgia de cataratas, tendo em vista a grande fila de espera por esta especialidade.\r\n Em caso positivo, decline a data prevista para essa finalidade e em caso negativo, decline os motivos t\u00e9cnicos e jur\u00eddicos."}, {"id": "1032", "ano": "2018", "numero": "311", "tipo__sigla": "REQ", "tipo__descricao": "Requerimento", "autoria": "Eunildo Zanchim \"Nild\u00e3o\"", "texto_original": "http://sapl.sarandi.pr.leg.br/media/sapl/public/materialegislativa/2018/1032/req._no_311-2018.pdf", "ementa": "SOLICITA A DISPENSA DE INTERST\u00cdCIO DE TERCEIRA DISCUSS\u00c3O E VOTA\u00c7\u00c3O, DO PROJETO DE LEI N\u00ba 2633/2017, DO PODER EXECUTIVO MUNICIPAL."}, {"id": "1033", "ano": "2018", "numero": "312", "tipo__sigla": "REQ", "tipo__descricao": "Requerimento", "autoria": "Eunildo Zanchim \"Nild\u00e3o\"", "texto_original": "http://sapl.sarandi.pr.leg.br/media/sapl/public/materialegislativa/2018/1033/req._no_312-2018.pdf", "ementa": "SOLICITA A DISPENSA DE INTERST\u00cdCIO DE TERCEIRA DISCUSS\u00c3O E VOTA\u00c7\u00c3O, DO PROJETO DE LEI N\u00ba 2729/2018, DO PODER EXECUTIVO MUNICIPAL."}, {"id": "1034", "ano": "2018", "numero": "313", "tipo__sigla": "REQ", "tipo__descricao": "Requerimento", "autoria": "Erasmo Cardoso Pereira \"Erasmo da Sa\u00fade\"", "texto_original": "http://sapl.sarandi.pr.leg.br/media/sapl/public/materialegislativa/2018/1034/req._no_313-2018.pdf", "ementa": "SOLICITA A DISPENSA DE INTERST\u00cdCIO DE TERCEIRA DISCUSS\u00c3O E VOTA\u00c7\u00c3O, DO PROJETO DE LEI N\u00ba 2742/2018, DO EDIL ERASMO CARDOSO PEREIRA."}, {"id": "1035", "ano": "2018", "numero": "314", "tipo__sigla": "REQ", "tipo__descricao": "Requerimento", "autoria": "Eunildo Zanchim \"Nild\u00e3o\"", "texto_original": "http://sapl.sarandi.pr.leg.br/media/sapl/public/materialegislativa/2018/1035/req._no_314-2018.pdf", "ementa": "SOLICITA A DISPENSA DE INTERST\u00cdCIO DE TERCEIRA DISCUSS\u00c3O E VOTA\u00c7\u00c3O, DO PROJETO DE LEI N\u00ba 2746/2018, DO EDIL EUNILDO ZANCHIM."}, {"id": "1036", "ano": "2018", "numero": "315", "tipo__sigla": "REQ", "tipo__descricao": "Requerimento", "autoria": "Eunildo Zanchim \"Nild\u00e3o\"", "texto_original": "http://sapl.sarandi.pr.leg.br/media/sapl/public/materialegislativa/2018/1036/req._no_315-2018.pdf", "ementa": "SOLICITA A DISPENSA DE INTERST\u00cdCIO DE TERCEIRA DISCUSS\u00c3O E VOTA\u00c7\u00c3O, DO PROJETO DE LEI N\u00ba 2750/2018, DO PODER EXECUTIVO MUNICIPAL."}, {"id": "1037", "ano": "2018", "numero": "316", "tipo__sigla": "REQ", "tipo__descricao": "Requerimento", "autoria": "Dionizio Aparecido Viaro \"Dionizio da Diocar\"", "texto_original": "http://sapl.sarandi.pr.leg.br/media/sapl/public/materialegislativa/2018/1037/req._no_316-2018.pdf", "ementa": "SOLICITA A DISPENSA DE INTERST\u00cdCIO DE TERCEIRA DISCUSS\u00c3O E VOTA\u00c7\u00c3O, DO PROJETO DE LEI N\u00ba 2751/2018,  DO EDIL DIONIZIO APARECIDO VI\u00c1RO."}, {"id": "1038", "ano": "2018", "numero": "317", "tipo__sigla": "REQ", "tipo__descricao": "Requerimento", "autoria": "Eunildo Zanchim \"Nild\u00e3o\"", "texto_original": "http://sapl.sarandi.pr.leg.br/media/sapl/public/materialegislativa/2018/1038/req._no_317-2018.pdf", "ementa": "SOLICITA A DISPENSA DE INTERST\u00cdCIO DE TERCEIRA DISCUSS\u00c3O E VOTA\u00c7\u00c3O, DO PROJETO DE LEI N\u00ba 2754/2018, DO PODER EXECUTIVO MUNICIPAL."}, {"id": "1039", "ano": "2018", "numero": "318", "tipo__sigla": "REQ", "tipo__descricao": "Requerimento", "autoria": "Eliana Trautwein Santiago", "texto_original": "http://sapl.sarandi.pr.leg.br/media/sapl/public/materialegislativa/2018/1039/req._no_318-2018.pdf", "ementa": "SOLICITA A DISPENSA DE INTERST\u00cdCIO DE TERCEIRA DISCUSS\u00c3O E VOTA\u00c7\u00c3O, DO PROJETO DE LEI N\u00ba 2755/2018, DA EDIL ELIANA TRAUTWEIN SANTIAGO."}, {"id": "1040", "ano": "2018", "numero": "319", "tipo__sigla": "REQ", "tipo__descricao": "Requerimento", "autoria": "Erasmo Cardoso Pereira \"Erasmo da Sa\u00fade\"", "texto_original": "http://sapl.sarandi.pr.leg.br/media/sapl/public/materialegislativa/2018/1040/req._no_319-2018.pdf", "ementa": "SOLICITA A DISPENSA DE INTERST\u00cdCIO DE TERCEIRA DISCUSS\u00c3O E VOTA\u00c7\u00c3O, DO PROJETO DE LEI N\u00ba 2756/2018, DO EDIL ERASMO CARDOSO PEREIRA."}, {"id": "1043", "ano": "2018", "numero": "320", "tipo__sigla": "REQ", "tipo__descricao": "Requerimento", "autoria": "Eunildo Zanchim \"Nild\u00e3o\"", "texto_original": "http://sapl.sarandi.pr.leg.br/media/sapl/public/materialegislativa/2018/1043/req._no_320-2018.pdf", "ementa": "SOLICITA A DISPENSA DE INTERST\u00cdCIO DE TERCEIRA DISCUSS\u00c3O E VOTA\u00c7\u00c3O, DO PROJETO DE LEI N\u00ba 2747/2018, DO PODER EXECUTIVO MUNICIPAL."}, {"id": "1044", "ano": "2018", "numero": "321", "tipo__sigla": "REQ", "tipo__descricao": "Requerimento", "autoria": "Eunildo Zanchim \"Nild\u00e3o\"", "texto_original": "http://sapl.sarandi.pr.leg.br/media/sapl/public/materialegislativa/2018/1044/req._no_321-2018.pdf", "ementa": "SOLICITA A DISPENSA DE INTERST\u00cdCIO DE TERCEIRA DISCUSS\u00c3O E VOTA\u00c7\u00c3O, DO PROJETO DE LEI N\u00ba 2748/2018, DO PODER EXECUTIVO MUNICIPAL."}, {"id": "1045", "ano": "2018", "numero": "322", "tipo__sigla": "REQ", "tipo__descricao": "Requerimento", "autoria": "Eunildo Zanchim \"Nild\u00e3o\"", "texto_original": "http://sapl.sarandi.pr.leg.br/media/sapl/public/materialegislativa/2018/1045/req._no_322-2018.pdf", "ementa": "SOLICITA A DISPENSA DE INTERST\u00cdCIO DE TERCEIRA DISCUSS\u00c3O E VOTA\u00c7\u00c3O, DO PROJETO DE LEI N\u00ba 2749/2018, DO PODER EXECUTIVO MUNICIPAL."}, {"id": "1058", "ano": "2018", "numero": "323", "tipo__sigla": "REQ", "tipo__descricao": "Requerimento", "autoria": "Nito", "texto_original": "http://sapl.sarandi.pr.leg.br/media/", "ementa": "Of\u00edcio ao Senhor Prefeito, solicitando que informe a esta casa de leis, para fins de esclarecimento p\u00fablico, se h\u00e1 previs\u00e3o ou mesmo estudos para viabilizar o tr\u00e2nsito no cruzamento das avenidas Jo\u00e3o Marangoni, Giro Watanabe e Rui Barbosa, al\u00e9m da estrada Mauro Trindade e a Entrada do Condom\u00ednio Bom Pastor.\r\nEsses logradouros citados acima fazem um entroncamento, causando assim um grande transtorno aos usu\u00e1rios em hor\u00e1rio de pico."}, {"id": "1059", "ano": "2018", "numero": "324", "tipo__sigla": "REQ", "tipo__descricao": "Requerimento", "autoria": "Aparecido Antonio", "texto_original": "http://sapl.sarandi.pr.leg.br/media/", "ementa": "Of\u00edcio ao Senhor Prefeito, solicitando que informe a esta casa de leis, para fins de esclarecimento p\u00fablico, qual foi o valor gasto com a informatiza\u00e7\u00e3o do monitoramento das salas de licita\u00e7\u00e3o da Prefeitura Municipal, e ainda informe o nome da empresa que ficar\u00e1 respons\u00e1vel pela manuten\u00e7\u00e3o desses servi\u00e7os, al\u00e9m do custo mensal."}, {"id": "1060", "ano": "2018", "numero": "325", "tipo__sigla": "REQ", "tipo__descricao": "Requerimento", "autoria": "Mineirinho, Eliana Trautwein Santiago", "texto_original": "http://sapl.sarandi.pr.leg.br/media/", "ementa": "Of\u00edcio ao Senhor Prefeito, solicitando que informe a esta casa de leis, para fins de esclarecimento p\u00fablico, sobre a viabilidade do funcionamento das UBSS (Unidades B\u00e1sicas de Sa\u00fade) que poder\u00e3o estender o atendimento aos mun\u00edcipes at\u00e9 as 22:00 horas.\r\nEm caso positivo, decline a data prevista para essa finalidade e em caso negativo, decline os motivos t\u00e9cnicos e jur\u00eddicos.\r\nDeste modo melhorando, a qualidade no atendimento."}, {"id": "1061", "ano": "2018", "numero": "326", "tipo__sigla": "REQ", "tipo__descricao": "Requerimento", "autoria": "Eunildo Zanchim \"Nild\u00e3o\"", "texto_original": "http://sapl.sarandi.pr.leg.br/media/", "ementa": "Of\u00edcio ao Senhor Prefeito, solicitando que informe a esta casa de leis, para fins de esclarecimento p\u00fablico, se h\u00e1 previs\u00e3o para a amplia\u00e7\u00e3o de salas de aulas, na Escola Luiz Gabriel Sampaio.\r\nEm caso positivo decline a data prevista para essa finalidade e em caso negativo, decline os motivos."}, {"id": "1062", "ano": "2018", "numero": "327", "tipo__sigla": "REQ", "tipo__descricao": "Requerimento", "autoria": "Dionizio Aparecido Viaro \"Dionizio da Diocar\"", "texto_original": "http://sapl.sarandi.pr.leg.br/media/", "ementa": "Of\u00edcio ao Senhor Walter Volpato Prefeito Municipal,  solicitando que informe a esta casa de leis, para fins de esclarecimento p\u00fablico, se existe um projeto ou mesmos estudos visando a recupera\u00e7\u00e3o da mata ciliar do Jardim Bom Pastor quadra 01-B e ainda a constru\u00e7\u00e3o de uma pista de caminhada e a instala\u00e7\u00e3o de uma ATI e API no lote.\r\nEm caso positivo, decline a data prevista para essa finalidade e em caso negativo, decline os motivos t\u00e9cnicos e jur\u00eddicos."}, {"id": "1063", "ano": "2018", "numero": "328", "tipo__sigla": "REQ", "tipo__descricao": "Requerimento", "autoria": "Cilas Morais", "texto_original": "http://sapl.sarandi.pr.leg.br/media/", "ementa": "Of\u00edcio ao Senhor Prefeito,  solicitando que informe a esta casa de leis, para fins de esclarecimento p\u00fablico, quais os valores arrecadados mensalmente nos \u00faltimos 06 (seis) meses, provenientes de multas de tr\u00e2nsito em Sarandi, al\u00e9m das despesas com a manuten\u00e7\u00e3o da Secretaria Municipal de Tr\u00e2nsito, Transporte e Seguran\u00e7a P\u00fablica no mesmo per\u00edodo."}, {"id": "1064", "ano": "2018", "numero": "329", "tipo__sigla": "REQ", "tipo__descricao": "Requerimento", "autoria": "Le\u00e3o", "texto_original": "http://sapl.sarandi.pr.leg.br/media/", "ementa": "Of\u00edcio ao Senhor Prefeito, solicitando que informe a esta casa de leis, para fins de esclarecimento p\u00fablico, qual a real situa\u00e7\u00e3o do munic\u00edpio de Sarandi, junto ao SIMEC, SIOPE, SIOPS E OPAR.\r\nAfinal, \u00e9 de suma import\u00e2ncia o preenchimento e envio dos dados das aquisi\u00e7\u00f5es das obras, equipamentos, ve\u00edculos das secretarias atendidas pelos Governos Estaduais e Federais ao longo dos \u00faltimos 5 anos, finalizando dentro do prazo exigido.\r\nAssim, caso os engenheiros e t\u00e9cnicos finalizaram ou est\u00e3o finalizando com a devolu\u00e7\u00e3o de mais 5.000.000,00 (cinco milh\u00f5es de reais), conforme levantamento.\r\nE, caso esteja tendo dificuldades para realizar tais procedimentos, verificar a necessidade de se contratar uma assessoria e a contrata\u00e7\u00e3o de 2 contadores atrav\u00e9s do \u00faltimo concurso realizado, para que daqui pra frente n\u00e3o mais ocorra estas situa\u00e7\u00f5es.\r\nEm caso positivo, decline a data prevista para essa finalidade e em caso negativo, decline os motivos t\u00e9cnicos e jur\u00eddicos."}, {"id": "1065", "ano": "2018", "numero": "330", "tipo__sigla": "REQ", "tipo__descricao": "Requerimento", "autoria": "Eliana Trautwein Santiago", "texto_original": "http://sapl.sarandi.pr.leg.br/media/", "ementa": "Of\u00edcio ao Senhor Prefeito, solicitando que informe a esta Casa de Leis, em especial a esta Vereadora o seguinte:\r\n1 \u2013 Quanto foi recebido de multa pago pela WEGG, no acordo judicial envolvendo os bairros Nova Alian\u00e7a e Novo Bertioga?\r\n2 \u2013 Qual foi o valor recebido pelo bairro Nova Alian\u00e7a? E o valor recebido pelo Novo Bertioga?\r\n3 \u2013 Como ser\u00e1 aplicado este dinheiro? e\r\n4\u2013 Qual a porcentagem (%) do asfalto comunit\u00e1rio, que ser\u00e1 pago pela Prefeitura em rela\u00e7\u00e3o aos terrenos do munic\u00edpio, nos referidos bairros."}, {"id": "1072", "ano": "2018", "numero": "331", "tipo__sigla": "REQ", "tipo__descricao": "Requerimento", "autoria": "Eliana Trautwein Santiago", "texto_original": "http://sapl.sarandi.pr.leg.br/media/sapl/public/materialegislativa/2018/1072/req._no_331-2018.pdf", "ementa": "Of\u00edcio ao Excelent\u00edssimo Senhor Secret\u00e1rio da Fazenda, Jos\u00e9 Sidney Gremes, solicitando que informe a esta Casa de Leis, em especial a esta Vereadora  como est\u00e1 a situa\u00e7\u00e3o or\u00e7ament\u00e1ria do munic\u00edpio, para o pagamento do d\u00e9cimo terceiro dos servidores p\u00fablicos.\r\nEm caso positivo, decline a data prevista para essa finalidade e em caso negativo, decline os motivos t\u00e9cnicos e jur\u00eddicos."}, {"id": "1073", "ano": "2018", "numero": "332", "tipo__sigla": "REQ", "tipo__descricao": "Requerimento", "autoria": "Mineirinho", "texto_original": "http://sapl.sarandi.pr.leg.br/media/", "ementa": "Of\u00edcio ao Senhor Prefeito, solicitando que informe a esta casa de leis, para fins de esclarecimento p\u00fablico se existe previs\u00e3o para realizar a reforma da cal\u00e7ada na escola municipal Tisuro Tisuji Barros Cunha, que se encontra toda quebrada e danificada, dificultando o acesso dos alunos e demais pessoas que passa por este local.\r\nEm caso positivo, decline a data prevista para essa finalidade e em caso negativo, decline os motivos t\u00e9cnicos e jur\u00eddicos."}, {"id": "1074", "ano": "2018", "numero": "333", "tipo__sigla": "REQ", "tipo__descricao": "Requerimento", "autoria": "Eunildo Zanchim \"Nild\u00e3o\"", "texto_original": "http://sapl.sarandi.pr.leg.br/media/", "ementa": "Of\u00edcio ao Senhor Prefeito, solicitando que informe a esta casa de leis, para fins de esclarecimento p\u00fablico se h\u00e1 possibilidade de determinar a realiza\u00e7\u00e3o de estudos t\u00e9cnicos para a implanta\u00e7\u00e3o de faixa de seguran\u00e7a elevada para pedestres, na altura da cal\u00e7ada, nas vias p\u00fablicas, em frente a todas as escolas p\u00fablicas e centros de educa\u00e7\u00e3o infantil localizados no Munic\u00edpio de Sarandi. Tamb\u00e9m, que se fa\u00e7a campanhas educativas peri\u00f3dicas, com o objetivo de orientar os condutores de ve\u00edculos e os pedestres a circularem e respeitarem as regras de travessia sobre a faixa nesses locais, podendo utilizar-se do apoio e envolvimento educacional dos alunos e funcion\u00e1rios do estabelecimento de ensino atendido.\r\nEm caso positivo, decline a data prevista para essa finalidade e em caso negativo, decline os motivos t\u00e9cnicos e jur\u00eddicos."}, {"id": "1075", "ano": "2018", "numero": "334", "tipo__sigla": "REQ", "tipo__descricao": "Requerimento", "autoria": "Dionizio Aparecido Viaro \"Dionizio da Diocar\"", "texto_original": "http://sapl.sarandi.pr.leg.br/media/sapl/public/materialegislativa/2018/1075/req._no_334-2018.pdf", "ementa": "Oficio ao Superintendente da \u00c1guas de Sarandi  Senhor Michel Caldato, solicitando que informe a esta casa de leis, para fins de esclarecimento p\u00fablico,  se existe algum estudo para a coloca\u00e7\u00e3o de c\u00e2meras nos po\u00e7os de \u00e1gua de Sarandi, ligado direto na Guarda Municipal\r\nEssa medida se deve para evitar que falte \u00e1gua para a popula\u00e7\u00e3o, caso ocorra a a\u00e7\u00e3o de v\u00e2ndalos, nesses locais.\r\nEm caso positivo, decline a data prevista para essa finalidade e em caso negativo, decline os motivos t\u00e9cnicos e jur\u00eddicos."}, {"id": "1076", "ano": "2018", "numero": "335", "tipo__sigla": "REQ", "tipo__descricao": "Requerimento", "autoria": "Le\u00e3o", "texto_original": "http://sapl.sarandi.pr.leg.br/media/", "ementa": "Of\u00edcio ao Senhor Prefeito, solicitando que informe a esta casa de leis, para fins de esclarecimento p\u00fablico, se h\u00e1 pretens\u00f5es de se aumentar o n\u00famero de contrata\u00e7\u00f5es de m\u00e3o-de-obra para a limpeza da cidade.\r\nEm caso positivo, decline a data prevista para essa finalidade e em caso negativo, decline os motivos t\u00e9cnicos e jur\u00eddicos."}, {"id": "1077", "ano": "2018", "numero": "336", "tipo__sigla": "REQ", "tipo__descricao": "Requerimento", "autoria": "Le\u00e3o", "texto_original": "http://sapl.sarandi.pr.leg.br/media/", "ementa": "Of\u00edcio ao Senhor Prefeito, solicitando que informe a esta casa de leis, para fins de esclarecimento p\u00fablico, se h\u00e1 pretens\u00f5es de realizar licita\u00e7\u00e3o para a aquisi\u00e7\u00e3o e instala\u00e7\u00e3o de lixeiras nas avenidas da cidade, principalmente nos pontos de \u00f4nibus.\r\nEm caso positivo, decline a data prevista para essa finalidade e em caso negativo, decline os motivos t\u00e9cnicos e jur\u00eddicos."}, {"id": "1078", "ano": "2018", "numero": "337", "tipo__sigla": "REQ", "tipo__descricao": "Requerimento", "autoria": "Aparecido Antonio, Eunildo Zanchim \"Nild\u00e3o\"", "texto_original": "http://sapl.sarandi.pr.leg.br/media/", "ementa": "Of\u00edcio ao Senhor Prefeito, solicitando que informe a esta casa de leis, para fins de esclarecimento p\u00fablico, se h\u00e1 um cronograma para a amplia\u00e7\u00e3o de salas de aulas, na Escola Rural Municipal Doutor Luiz Gabriel Sampaio, como, tamb\u00e9m, a constru\u00e7\u00e3o de um muro.\r\nEm caso positivo, decline a data prevista para a conclus\u00e3o dessa obra e em caso negativo, informe os motivos."}, {"id": "1079", "ano": "2018", "numero": "338", "tipo__sigla": "REQ", "tipo__descricao": "Requerimento", "autoria": "Eunildo Zanchim \"Nild\u00e3o\"", "texto_original": "http://sapl.sarandi.pr.leg.br/media/sapl/public/materialegislativa/2018/1079/req._no_338-2018.pdf", "ementa": "SOLICITA A DISPENSA DE INTERST\u00cdCIO DE TERCEIRA DISCUSS\u00c3O DO PROJETO DE LEI N\u00ba 2758/2018, DE AUTORIA DOS EDIS EUNILDO ZANCHIM  E ELIANA TRAUTWEIN SANTIAGO."}, {"id": "1080", "ano": "2018", "numero": "339", "tipo__sigla": "REQ", "tipo__descricao": "Requerimento", "autoria": "Eunildo Zanchim \"Nild\u00e3o\"", "texto_original": "http://sapl.sarandi.pr.leg.br/media/sapl/public/materialegislativa/2018/1080/req._no_339-2018.pdf", "ementa": "SOLICITA A DISPENSA DE INTERST\u00cdCIO DE TERCEIRA DISCUSS\u00c3O E VOTA\u00c7\u00c3O, DO PROJETO DE LEI N\u00ba 2759/2018, DE AUTORIA DO PODER EXECUTIVO MUNICIPAL."}, {"id": "1081", "ano": "2018", "numero": "340", "tipo__sigla": "REQ", "tipo__descricao": "Requerimento", "autoria": "Eunildo Zanchim \"Nild\u00e3o\"", "texto_original": "http://sapl.sarandi.pr.leg.br/media/sapl/public/materialegislativa/2018/1081/req._no_340-2018.pdf", "ementa": "SOLICITA A DISPENSA DE INTERST\u00cdCIO DE TERCEIRA DISCUSS\u00c3O E VOTA\u00c7\u00c3O, DO PROJETO DE LEI N\u00ba 2760/2018, DE AUTORIA DO EDIL EUNILDO ZANCHIM."}, {"id": "1082", "ano": "2018", "numero": "341", "tipo__sigla": "REQ", "tipo__descricao": "Requerimento", "autoria": "Eunildo Zanchim \"Nild\u00e3o\"", "texto_original": "http://sapl.sarandi.pr.leg.br/media/sapl/public/materialegislativa/2018/1082/req._no_341-2018.pdf", "ementa": "SOLICITA A DISPENSA DE INTERST\u00cdCIO DE TERCEIRA DISCUSS\u00c3O E VOTA\u00c7\u00c3O, DO PROJETO DE LEI N\u00ba 2761/2018, DE AUTORIA DO PODER EXECUTIVO MUNICIPAL."}, {"id": "1083", "ano": "2018", "numero": "342", "tipo__sigla": "REQ", "tipo__descricao": "Requerimento", "autoria": "Le\u00e3o", "texto_original": "http://sapl.sarandi.pr.leg.br/media/sapl/public/materialegislativa/2018/1083/req._no_342-2018.pdf", "ementa": "SOLICITA A DISPENSA DE INTERST\u00cdCIO DE TERCEIRA DISCUSS\u00c3O E VOTA\u00c7\u00c3O, DO PROJETO DE LEI N\u00ba 2762/2018, DE AUTORIA DO EDIL CARLOS ROBERTO FALASCHI."}, {"id": "1084", "ano": "2018", "numero": "343", "tipo__sigla": "REQ", "tipo__descricao": "Requerimento", "autoria": "Le\u00e3o", "texto_original": "http://sapl.sarandi.pr.leg.br/media/sapl/public/materialegislativa/2018/1084/req._no_343-2018.pdf", "ementa": "SOLICITA A DISPENSA DE INTERST\u00cdCIO DE TERCEIRA DISCUSS\u00c3O E VOTA\u00c7\u00c3O, DO PROJETO DE LEI N\u00ba 2763/2018, DE AUTORIA DO EDIL CARLOS ROBERTO FALASCHI."}, {"id": "1092", "ano": "2018", "numero": "344", "tipo__sigla": "REQ", "tipo__descricao": "Requerimento", "autoria": "Mineirinho", "texto_original": "http://sapl.sarandi.pr.leg.br/media/sapl/public/materialegislativa/2018/1092/req._no_344-2018.pdf", "ementa": "Of\u00edcio ao Senhor Prefeito, que informe a esta Casa de Leis, se h\u00e1 previs\u00e3o para a realiza\u00e7\u00e3o de servi\u00e7os de limpeza de boca de lobo (bueiro), na esquina da Avenida Londrina em frente a Caixa Econ\u00f4mica Federal.\r\nPosto que, toda vez que chove fica \u00e1gua parada no local dificultando a passagem de pedestres e ocasionado mau cheiro."}, {"id": "1093", "ano": "2018", "numero": "345", "tipo__sigla": "REQ", "tipo__descricao": "Requerimento", "autoria": "Aparecido Antonio", "texto_original": "http://sapl.sarandi.pr.leg.br/media/sapl/public/materialegislativa/2018/1093/req._no_345-2018.pdf", "ementa": "Oficio ao Senhor Walter Volpato, Prefeito Municipal e Senhor Joel Ingles da Silva, Secretaria Municipal de Tr\u00e2nsito e Seguran\u00e7a, que informem a esta Casa de Leis, se existe previs\u00e3o para a instala\u00e7\u00e3o de um n\u00famero de Whatsapp, para contato direto com a Guarda Municipal para chamadas de emerg\u00eancia e denuncias.\r\nHaja vista que, \u00e9 um meio de comunica\u00e7\u00e3o mais r\u00e1pido e de f\u00e1cil acesso de todos, tendo em vista que, as liga\u00e7\u00f5es para o n\u00famero 153 na maioria das vezes caem na central de Maring\u00e1, e o n\u00famero fixo muitos n\u00e3o sabem ou n\u00e3o possuem cr\u00e9dito para tal chamada.\r\nSendo que um celular com tal aplicativo facilitaria e muito o trabalho e comunica\u00e7\u00e3o entre agentes e mun\u00edcipes."}, {"id": "1094", "ano": "2018", "numero": "346", "tipo__sigla": "REQ", "tipo__descricao": "Requerimento", "autoria": "Eunildo Zanchim \"Nild\u00e3o\"", "texto_original": "http://sapl.sarandi.pr.leg.br/media/sapl/public/materialegislativa/2018/1094/req._no_346-2018.pdf", "ementa": "Oficio ao Excelent\u00edssimo Senhor Walter Volpato, Prefeito Municipal e Senhor Joel Ingles da Silva, Secretaria Municipal de Tr\u00e2nsito e Seguran\u00e7a, que informem a esta Casa de Leis, se existe previs\u00e3o ou mesmo estudos no sentido de providenciar a instala\u00e7\u00e3o de c\u00e2mera de monitoramento, para auxiliar as a\u00e7\u00f5es de seguran\u00e7a no tr\u00e2nsito, na conflu\u00eancia da Avenida Jo\u00e3o Marangoni com a Avenida Montreal.\r\nA\u00e7\u00e3o a qual trar\u00e1 seguran\u00e7a para aquela popula\u00e7\u00e3o, al\u00e9m do ordenamento do tr\u00e2nsito."}, {"id": "1095", "ano": "2018", "numero": "347", "tipo__sigla": "REQ", "tipo__descricao": "Requerimento", "autoria": "Dionizio Aparecido Viaro \"Dionizio da Diocar\"", "texto_original": "http://sapl.sarandi.pr.leg.br/media/sapl/public/materialegislativa/2018/1095/req._no_347-2018.pdf", "ementa": "Of\u00edcio ao Senhor Prefeito, Walter Volpato, que informem a esta Casa de Leis, se h\u00e1 previs\u00e3o para a implanta\u00e7\u00e3o de sistema bin\u00e1rio de tr\u00e2nsito nas vias p\u00fablicas em todo o Jardim Esperan\u00e7a, com a coloca\u00e7\u00e3o da devida sinaliza\u00e7\u00e3o, al\u00e9m da realiza\u00e7\u00e3o da manuten\u00e7\u00e3o na sinaliza\u00e7\u00e3o vi\u00e1ria horizontal e vertical existente."}, {"id": "1096", "ano": "2018", "numero": "348", "tipo__sigla": "REQ", "tipo__descricao": "Requerimento", "autoria": "Eliana Trautwein Santiago", "texto_original": "http://sapl.sarandi.pr.leg.br/media/sapl/public/materialegislativa/2018/1096/req._no_348-2018.pdf", "ementa": "Of\u00edcio ao Senhor Prefeito, informa\u00e7\u00f5es em rela\u00e7\u00e3o ao transporte municipal que leva os alunos para Faculdades em Maring\u00e1, se continuar\u00e1 levando em 2019, se sim, quais hor\u00e1rios, e se n\u00e3o, qual motivo para tal feito, incluso documentos de demais \u00f3rg\u00e3os justificando."}, {"id": "1097", "ano": "2018", "numero": "349", "tipo__sigla": "REQ", "tipo__descricao": "Requerimento", "autoria": "Eliana Trautwein Santiago", "texto_original": "http://sapl.sarandi.pr.leg.br/media/sapl/public/materialegislativa/2018/1097/req._no_349-2018.pdf", "ementa": "Of\u00edcio ao Senhor Prefeito, informe a esta Casa de Leis, com rela\u00e7\u00e3o \u00e0 realiza\u00e7\u00e3o de pavimenta\u00e7\u00e3o asf\u00e1ltica na entrada do Jardim Novo Bertioga, no per\u00edmetro que pertence a Maring\u00e1.\r\nPois, esta edil gostaria de saber se existe projeto de pavimenta\u00e7\u00e3o, haja vista ser \u00e0 entrada do bairro e em 2017 em reuni\u00e3o, o prefeito maringaense Ulisses Maia se comprometeu em asfaltar o trecho de sua responsabilidade, assim que iniciassem as obras de pavimenta\u00e7\u00e3o no referido bairro, o qual se encontra em andamento."}, {"id": "1098", "ano": "2018", "numero": "350", "tipo__sigla": "REQ", "tipo__descricao": "Requerimento", "autoria": "Eliana Trautwein Santiago", "texto_original": "http://sapl.sarandi.pr.leg.br/media/sapl/public/materialegislativa/2018/1098/req._no_350-2018.pdf", "ementa": "Of\u00edcio ao Senhor Prefeito, que informe a esta Casa de Leis, se h\u00e1 possibilidade de realizar \"bota fora\" nos bairros da cidade, para que os moradores possam descartar seus inserv\u00edveis, onde a prefeitura ficar\u00e1 respons\u00e1vel pela finalidade dos objetos."}, {"id": "1099", "ano": "2018", "numero": "351", "tipo__sigla": "REQ", "tipo__descricao": "Requerimento", "autoria": "Gilberto Messias de Pinas \"Gil\"", "texto_original": "http://sapl.sarandi.pr.leg.br/media/sapl/public/materialegislativa/2018/1099/req._no_351-2018.pdf", "ementa": "Of\u00edcio ao Senhor Prefeito, que informem a esta Casa de Leis, se existe estudos ou mesmo previs\u00e3o para a instala\u00e7\u00e3o de c\u00e2meras de monitoramento na \u00e1rea central da cidade, al\u00e9m dos locais de maior movimenta\u00e7\u00e3o de pessoas."}, {"id": "1100", "ano": "2018", "numero": "352", "tipo__sigla": "REQ", "tipo__descricao": "Requerimento", "autoria": "Cilas Morais", "texto_original": "http://sapl.sarandi.pr.leg.br/media/sapl/public/materialegislativa/2018/1100/req._no_352-2018.pdf", "ementa": "of\u00edcio ao Senhor Prefeito, que informe a esta Casa de Leis, qual a previs\u00e3o para a realiza\u00e7\u00e3o de servi\u00e7os de reparos em todas as academias de Sarandi.\r\nPrincipalmente na Pra\u00e7a da Juventude, al\u00e9m de providenciar a troca das l\u00e2mpadas que se encontram queimadas, na aludida pra\u00e7a."}, {"id": "1101", "ano": "2018", "numero": "353", "tipo__sigla": "REQ", "tipo__descricao": "Requerimento", "autoria": "Le\u00e3o", "texto_original": "http://sapl.sarandi.pr.leg.br/media/sapl/public/materialegislativa/2018/1101/req._no_353-2018.pdf", "ementa": "of\u00edcio ao Senhor Prefeito, que informe a esta Casa de Leis, se existem estudos e/ou entendimentos com o Conselho Municipal de Desenvolvimento Urbano, visando a transforma\u00e7\u00e3o da Rua Camilo Bulla, localizada no Jardim Novo Panorama, em Rua de Eixo de Com\u00e9rcio e Servi\u00e7os - ECS-1, em toda a sua extens\u00e3o.\r\nPara assim, atender moradores que pretendem instalar com\u00e9rcio no local."}, {"id": "1117", "ano": "2018", "numero": "354", "tipo__sigla": "REQ", "tipo__descricao": "Requerimento", "autoria": "Aparecido Antonio, Dionizio Aparecido Viaro \"Dionizio da Diocar\"", "texto_original": "http://sapl.sarandi.pr.leg.br/media/sapl/public/materialegislativa/2018/1117/req._no_354-2018.pdf", "ementa": "Of\u00edcio ao Senhor Prefeito Municipal, que informe a esta Casa de Leis, se h\u00e1 previs\u00e3o para a constru\u00e7\u00e3o de uma travessia com ponte ligando Sarandi ao Conjunto Guaiap\u00f3 em Maring\u00e1 pela Av. Rio de Janeiro.\r\nEm caso positivo, decline a data prevista para essa finalidade e em caso negativo, decline os motivos t\u00e9cnicos e jur\u00eddicos."}, {"id": "1118", "ano": "2018", "numero": "355", "tipo__sigla": "REQ", "tipo__descricao": "Requerimento", "autoria": "Eunildo Zanchim \"Nild\u00e3o\"", "texto_original": "http://sapl.sarandi.pr.leg.br/media/sapl/public/materialegislativa/2018/1118/req._no_355-2018.pdf", "ementa": "Oficio ao Senhor Walter Volpato, Prefeito Municipal e Senhor Joel Ingles da Silva, Secretario Municipal de Tr\u00e2nsito e Seguran\u00e7a, que informem a esta Casa de Leis, se h\u00e1 estudos ou, mesmo, previs\u00e3o para a implanta\u00e7\u00e3o de Totem, com a finalidade de informar a temperatura e o hor\u00e1rio na Pra\u00e7a da Igreja Matriz."}, {"id": "1119", "ano": "2018", "numero": "356", "tipo__sigla": "REQ", "tipo__descricao": "Requerimento", "autoria": "Dionizio Aparecido Viaro \"Dionizio da Diocar\"", "texto_original": "http://sapl.sarandi.pr.leg.br/media/sapl/public/materialegislativa/2018/1119/req._no_356-2018.pdf", "ementa": "Oficio Senhor Prefeito Municipal, que informem a esta Casa de Leis, se h\u00e1 estudos ou, mesmo, previs\u00e3o para a coloca\u00e7\u00e3o de l\u00e2mpadas de LED, nas principais avenidas do Munic\u00edpio de Sarandi.\r\nEm caso positivo, decline a data prevista para essa finalidade e em caso negativo, decline os motivos t\u00e9cnicos e jur\u00eddicos."}, {"id": "1120", "ano": "2018", "numero": "357", "tipo__sigla": "REQ", "tipo__descricao": "Requerimento", "autoria": "Eliana Trautwein Santiago", "texto_original": "http://sapl.sarandi.pr.leg.br/media/sapl/public/materialegislativa/2018/1120/req._no_357-2018.pdf", "ementa": "Of\u00edcio ao Senhor Prefeito Municipal, que informem a esta Casa de Leis, se h\u00e1 estudos ou mesmo previs\u00e3o para a instala\u00e7\u00e3o de bancos de concreto nas Pra\u00e7as do Munic\u00edpio, levando-se em considera\u00e7\u00e3o a sua durabilidade.\r\nEm caso positivo, decline a data prevista para essa finalidade e em caso negativo, decline os motivos t\u00e9cnicos e jur\u00eddicos."}, {"id": "1121", "ano": "2018", "numero": "358", "tipo__sigla": "REQ", "tipo__descricao": "Requerimento", "autoria": "Eliana Trautwein Santiago", "texto_original": "http://sapl.sarandi.pr.leg.br/media/sapl/public/materialegislativa/2018/1121/req._no_358-2018.pdf", "ementa": "Of\u00edcio ao Senhor Prefeito Municipal, que informe a esta Casa de Leis, qual a previs\u00e3o para a convoca\u00e7\u00e3o dos aprovados pelo concurso p\u00fablico pelo Munic\u00edpio, principalmente na \u00e1rea da Sa\u00fade.\r\nEm caso positivo, decline a data prevista para essa finalidade e em caso negativo, decline os motivos t\u00e9cnicos e jur\u00eddicos."}, {"id": "1122", "ano": "2018", "numero": "359", "tipo__sigla": "REQ", "tipo__descricao": "Requerimento", "autoria": "Eliana Trautwein Santiago", "texto_original": "http://sapl.sarandi.pr.leg.br/media/sapl/public/materialegislativa/2018/1122/req._no_359-2018.pdf", "ementa": "Of\u00edcio ao Senhor Prefeito Municipal, informe a esta Casa de Leis, se a Administra\u00e7\u00e3o j\u00e1 est\u00e1 se programando para o Reajuste no Aux\u00edlio- Alimenta\u00e7\u00e3o dos Servidores P\u00fablicos do Munic\u00edpio, conforme Artigo 7\u00ba da Lei Complementar N\u00ba 355/2017.\r\nEm caso positivo, decline a data prevista para essa finalidade e em caso negativo, decline os motivos t\u00e9cnicos e jur\u00eddicos."}, {"id": "1123", "ano": "2018", "numero": "360", "tipo__sigla": "REQ", "tipo__descricao": "Requerimento", "autoria": "Eliana Trautwein Santiago", "texto_original": "http://sapl.sarandi.pr.leg.br/media/sapl/public/materialegislativa/2018/1123/req._no_360-2018.pdf", "ementa": "Of\u00edcio ao Senhor Michel Caldato, Superintendente da Autarquia \u00c1guas de Sarandi, solicitando, que informe a esta Casa de Leis, se existe estudos ou previs\u00e3o para a instala\u00e7\u00e3o de reservat\u00f3rio de \u00e1gua (caixa d'\u00e1gua) no Jardim Kusumoto.\r\nHaja vista que existe um novo bairro sendo loteado ao lado e poder\u00e1 implicar na falta de \u00e1gua no referido bairro, caso seja abastecido pelo mesmo reservat\u00f3rio que abastece o Jardim Kusumoto.\r\nEm caso positivo, decline a data prevista para essa finalidade e em caso negativo, decline os motivos t\u00e9cnicos e jur\u00eddicos."}, {"id": "1124", "ano": "2018", "numero": "361", "tipo__sigla": "REQ", "tipo__descricao": "Requerimento", "autoria": "Gilberto Messias de Pinas \"Gil\"", "texto_original": "http://sapl.sarandi.pr.leg.br/media/sapl/public/materialegislativa/2018/1124/req._no_361-2018.pdf", "ementa": "Of\u00edcio ao Senhor Prefeito Municipal, que informem a esta Casa de Leis, se existe previs\u00e3o no sentido de disponibilizar um \u00f4nibus para atender as pessoas portadoras de defici\u00eancias especiais, residentes na regi\u00e3o sul de Sarandi, que necessitam serem atendidas na ANPR (Associa\u00e7\u00e3o Norte Paranaense de Reabilita\u00e7\u00e3o).\r\nEm caso positivo, decline a data prevista para essa finalidade e em caso negativo, decline os motivos t\u00e9cnicos e jur\u00eddicos."}, {"id": "1125", "ano": "2018", "numero": "362", "tipo__sigla": "REQ", "tipo__descricao": "Requerimento", "autoria": "Cilas Morais", "texto_original": "http://sapl.sarandi.pr.leg.br/media/sapl/public/materialegislativa/2018/1125/req._no_362-2018.pdf", "ementa": "of\u00edcio ao Senhor Prefeito Municipal, que informe a esta Casa de Leis, solicitando que informe a esta casa de leis, se h\u00e1 previs\u00e3o para a realiza\u00e7\u00e3o de servi\u00e7os de ro\u00e7ada e limpeza ao redor do Gin\u00e1sio de Esportes Tancredo Neves, localizado na \u00e1rea central de Sarandi.\r\nEm caso positivo, decline a data prevista para essa finalidade e em caso negativo, decline os motivos t\u00e9cnicos e jur\u00eddicos."}, {"id": "1126", "ano": "2018", "numero": "363", "tipo__sigla": "REQ", "tipo__descricao": "Requerimento", "autoria": "Nito", "texto_original": "http://sapl.sarandi.pr.leg.br/media/sapl/public/materialegislativa/2018/1126/req._no_363-2018.pdf", "ementa": "of\u00edcio ao Senhor Prefeito Municipal, que informe a esta Casa de Leis, se h\u00e1 estudos ou previs\u00e3o para a realiza\u00e7\u00e3o de recape asf\u00e1ltico, ou tapa buracos, na Avenida Santos Dumont, em toda a sua extens\u00e3o no Jardim Independ\u00eancia, e ainda nos demais locais que se fizerem necess\u00e1rio.\r\nRessalta-se que tal solicita\u00e7\u00e3o \u00e9 em atendimento aos moradores do bairro.\r\nEm caso positivo, decline a data prevista para essa finalidade e em caso negativo, decline os motivos t\u00e9cnicos e jur\u00eddicos."}, {"id": "1127", "ano": "2018", "numero": "364", "tipo__sigla": "REQ", "tipo__descricao": "Requerimento", "autoria": "Le\u00e3o", "texto_original": "http://sapl.sarandi.pr.leg.br/media/sapl/public/materialegislativa/2018/1127/req._no_364-2018.pdf", "ementa": "of\u00edcio ao Senhor Prefeito Municipal, que informe a esta Casa de Leis, qual a previs\u00e3o para a elabora\u00e7\u00e3o de um Projeto de Lei para a regulamenta\u00e7\u00e3o de todas as constru\u00e7\u00f5es irregulares existentes no Munic\u00edpio de Sarandi, seja residencial, comercial ou industrial.\r\nRessalta-se que o Munic\u00edpio n\u00e3o notificou, embargou ou multou na \u00e9poca estas edifica\u00e7\u00f5es, e com isso, o Munic\u00edpio vem deixando de arrecadar e regularizar os \u201cHABITE-SE\u201d.\r\nPede-se que possa estar parcelando estes d\u00e9bitos em at\u00e9 24 vezes, aumentando assim a arrecada\u00e7\u00e3o de taxas, ICMS, ISSQN, ITBI, Alvar\u00e1s de Licen\u00e7as e ainda gerando emprego.\r\nEm caso positivo, decline a data prevista para essa finalidade e em caso negativo, decline os motivos t\u00e9cnicos e jur\u00eddicos."}, {"id": "1133", "ano": "2018", "numero": "365", "tipo__sigla": "REQ", "tipo__descricao": "Requerimento", "autoria": "Aparecido Antonio", "texto_original": "http://sapl.sarandi.pr.leg.br/media/sapl/public/materialegislativa/2018/1133/req._no_365-2018.pdf", "ementa": "Of\u00edcio ao Senhor Walter Volpato, Prefeito Municipal, que informe a esta Casa de Leis, se existe previs\u00e3o para a realiza\u00e7\u00e3o dos servi\u00e7os de tubula\u00e7\u00e3o na eros\u00e3o nos fundos da Ch\u00e1cara Eldorado.\r\nEm caso positivo, decline a data prevista para essa finalidade e em caso negativo, decline os motivos t\u00e9cnicos e jur\u00eddicos."}, {"id": "1134", "ano": "2018", "numero": "366", "tipo__sigla": "REQ", "tipo__descricao": "Requerimento", "autoria": "Dionizio Aparecido Viaro \"Dionizio da Diocar\"", "texto_original": "http://sapl.sarandi.pr.leg.br/media/sapl/public/materialegislativa/2018/1134/req._no_366-2018.pdf", "ementa": "Oficio ao Senhor Walter Volpato, Prefeito Municipal, que informe a esta Casa de Leis se existem estudos ou mesmo previs\u00e3o no sentido de realizar o asfaltamento da Avenida Francisco de Almeida e das demais Ruas do Jardim Independ\u00eancia 3\u00aa Parte, pr\u00f3ximo a antiga Faculdade UNISA de Sarandi."}, {"id": "1135", "ano": "2018", "numero": "367", "tipo__sigla": "REQ", "tipo__descricao": "Requerimento", "autoria": "Erasmo Cardoso Pereira \"Erasmo da Sa\u00fade\"", "texto_original": "http://sapl.sarandi.pr.leg.br/media/sapl/public/materialegislativa/2018/1135/req._no_367-2018.pdf", "ementa": "Oficio ao Senhor Walter Volpato Junior, Secret\u00e1rio de Urbanismo do Munic\u00edpio, que informe a esta Casa de Leis se h\u00e1 previs\u00e3o para a realiza\u00e7\u00e3o de servi\u00e7os de manuten\u00e7\u00e3o/consertos em car\u00e1ter de urg\u00eancia, das grades protetoras das galerias de \u00e1guas pluviais da Avenida Maring\u00e1 com a Rua Am\u00e9rica."}, {"id": "1136", "ano": "2018", "numero": "368", "tipo__sigla": "REQ", "tipo__descricao": "Requerimento", "autoria": "Gilberto Messias de Pinas \"Gil\"", "texto_original": "http://sapl.sarandi.pr.leg.br/media/sapl/public/materialegislativa/2018/1136/req._no_368-2018.pdf", "ementa": "Of\u00edcio ao Senhor Walter Volpato, Prefeito Municipal, que informe a esta Casa de Leis se existe previs\u00e3o para a coloca\u00e7\u00e3o de bancos, refletores e um bebedouro, no parquinho do Parque Residencial Nova Alian\u00e7a.\r\nVisando com essa medida, proporcionar condi\u00e7\u00f5es para que os pais possam estar levando e acompanhando seus filhos, para brincarem \u00e0 noite, no aludido parquinho."}, {"id": "1137", "ano": "2018", "numero": "369", "tipo__sigla": "REQ", "tipo__descricao": "Requerimento", "autoria": "Eliana Trautwein Santiago", "texto_original": "http://sapl.sarandi.pr.leg.br/media/sapl/public/materialegislativa/2018/1137/req._no_369-2018.pdf", "ementa": "Of\u00edcio ao Senhor Jo\u00e3o Cl\u00e1udio Massago de Mello, Secret\u00e1rio de Administra\u00e7\u00e3o do Munic\u00edpio, que informe a esta Casa de Leis, como est\u00e1 o processo de realiza\u00e7\u00e3o de pavimenta\u00e7\u00e3o asf\u00e1ltica envolvendo o Jardim Das Torres. \r\nSe a Secretaria tomar\u00e1 alguma medida punitiva, caso haja rescis\u00e3o contratual por parte da empresa vencedor da licita\u00e7\u00e3o, se sim, qual a medida?"}, {"id": "1138", "ano": "2018", "numero": "370", "tipo__sigla": "REQ", "tipo__descricao": "Requerimento", "autoria": "Cilas Morais", "texto_original": "http://sapl.sarandi.pr.leg.br/media/sapl/public/materialegislativa/2018/1138/req._no_370-2018.pdf", "ementa": "Of\u00edcio ao Senhor Walter Volpato, Prefeito Municipal, que informe a esta Casa de Leis se h\u00e1 previs\u00e3o para a aquisi\u00e7\u00e3o de dois \u00f4nibus novos e um micro-\u00f4nibus para atender as demandas da Secretaria de Assist\u00eancia Social, junto a nossa popula\u00e7\u00e3o, associa\u00e7\u00f5es, movimentos sociais e outros."}, {"id": "1139", "ano": "2018", "numero": "371", "tipo__sigla": "REQ", "tipo__descricao": "Requerimento", "autoria": "Eunildo Zanchim \"Nild\u00e3o\"", "texto_original": "http://sapl.sarandi.pr.leg.br/media/sapl/public/materialegislativa/2018/1139/req._no_371-2018_MpQu5c6.pdf", "ementa": "Of\u00edcio ao Senhor Walter Volpato, Prefeito Municipal, que informe a esta Casa de Leis se h\u00e1 previs\u00e3o para a realiza\u00e7\u00e3o de servi\u00e7os de reforma, nos banheiros p\u00fablicos do Parque Ecol\u00f3gico de Sarandi.\r\nTendo em vista que os aludidos banheiros se encontram em condi\u00e7\u00f5es prec\u00e1rias e inacess\u00edveis, al\u00e9m, da coloca\u00e7\u00e3o de bebedouros."}, {"id": "1150", "ano": "2018", "numero": "372", "tipo__sigla": "REQ", "tipo__descricao": "Requerimento", "autoria": "Mesa Diretora", "texto_original": "http://sapl.sarandi.pr.leg.br/media/sapl/public/materialegislativa/2018/1150/req._no_372-2018.pdf", "ementa": "SOLICITA A APROVA\u00c7\u00c3O DA  INCLUS\u00c3O NA ORDEM DO DIA, DA SESS\u00c3O ORDIN\u00c1RIA DIA 10 DE DEZEMBRO DE 2018, DO SUBSTITUTIVO N\u00ba 003/2018, AO PROJETO DE LEI N\u00ba 2764/2018, DO PODER EXECUTIVO MUNICIPAL."}, {"id": "1151", "ano": "2018", "numero": "373", "tipo__sigla": "REQ", "tipo__descricao": "Requerimento", "autoria": "Eunildo Zanchim \"Nild\u00e3o\"", "texto_original": "http://sapl.sarandi.pr.leg.br/media/sapl/public/materialegislativa/2018/1151/req._no_373-2018.pdf", "ementa": "SOLICITA A INCLUS\u00c3O NA ORDEM DO DIA, DA SESS\u00c3O ORDIN\u00c1RIA DO DIA 10 DE DEZEMBRO DE 2018, DO PROJETO DE LEI N\u00ba 2768/2018, DO PODER EXECUTIVO MUNICIPAL."}, {"id": "1152", "ano": "2018", "numero": "374", "tipo__sigla": "REQ", "tipo__descricao": "Requerimento", "autoria": "Eunildo Zanchim \"Nild\u00e3o\"", "texto_original": "http://sapl.sarandi.pr.leg.br/media/sapl/public/materialegislativa/2018/1152/req._no_374-2018.pdf", "ementa": "SOLICITA A DISPENSA DE INTERST\u00cdCIO DE TERCEIRA DISCUSS\u00c3O E VOTA\u00c7\u00c3O, DO PROJETO DE LEI N\u00ba 2753/2018, DO EDIL EUNILDO ZANCHIM."}, {"id": "1153", "ano": "2018", "numero": "375", "tipo__sigla": "REQ", "tipo__descricao": "Requerimento", "autoria": "Eunildo Zanchim \"Nild\u00e3o\"", "texto_original": "http://sapl.sarandi.pr.leg.br/media/sapl/public/materialegislativa/2018/1153/req._no_375-2018.pdf", "ementa": "SOLICITA A DISPENSA DE INTERST\u00cdCIO DE TERCEIRA DISCUSS\u00c3O DO PROJETO DE LEI N\u00ba 2764/2018, DO PODER EXECUTIVO MUNICIPAL."}, {"id": "1154", "ano": "2018", "numero": "376", "tipo__sigla": "REQ", "tipo__descricao": "Requerimento", "autoria": "Eunildo Zanchim \"Nild\u00e3o\"", "texto_original": "http://sapl.sarandi.pr.leg.br/media/sapl/public/materialegislativa/2018/1154/req._no_376-2018.pdf", "ementa": "SOLICITA A DISPENSA DE INTERST\u00cdCIO DE TERCEIRA DISCUSS\u00c3O DO PROJETO DE LEI N\u00ba 2765/2018, DO PODER EXECUTIVO MUNICIPAL."}, {"id": "1155", "ano": "2018", "numero": "377", "tipo__sigla": "REQ", "tipo__descricao": "Requerimento", "autoria": "Mineirinho", "texto_original": "http://sapl.sarandi.pr.leg.br/media/sapl/public/materialegislativa/2018/1155/req._no_377-2018.pdf", "ementa": "SOLICITA A DISPENSA DE INTERST\u00cdCIO DE TERCEIRA DISCUSS\u00c3O DO PROJETO DE LEI N\u00ba 2766/2018, DO EDIL ANDR\u00c9 LUIS CELESTINO JARDIM."}, {"id": "1156", "ano": "2018", "numero": "378", "tipo__sigla": "REQ", "tipo__descricao": "Requerimento", "autoria": "Eunildo Zanchim \"Nild\u00e3o\"", "texto_original": "http://sapl.sarandi.pr.leg.br/media/sapl/public/materialegislativa/2018/1156/req._no_378-2018.pdf", "ementa": "SOLICITA A DISPENSA DE INTERST\u00cdCIO DE TERCEIRA DISCUSS\u00c3O DO PROJETO DE LEI N\u00ba 2767/2018, DO PODER EXECUTIVO MUNICIPAL."}, {"id": "1157", "ano": "2018", "numero": "379", "tipo__sigla": "REQ", "tipo__descricao": "Requerimento", "autoria": "Eunildo Zanchim \"Nild\u00e3o\"", "texto_original": "http://sapl.sarandi.pr.leg.br/media/sapl/public/materialegislativa/2018/1157/req._no_379-2018.pdf", "ementa": "SOLICITA A DISPENSA DE INTERST\u00cdCIO DE TERCEIRA DISCUSS\u00c3O DO PROJETO DE LEI N\u00ba 2768/2018, DO PODER EXECUTIVO MUNICIPAL."}, {"id": "1158", "ano": "2018", "numero": "380", "tipo__sigla": "REQ", "tipo__descricao": "Requerimento", "autoria": "Eunildo Zanchim \"Nild\u00e3o\"", "texto_original": "http://sapl.sarandi.pr.leg.br/media/sapl/public/materialegislativa/2018/1158/req._no_380-2018.pdf", "ementa": "SOLICITA A DISPENSA DE INTERST\u00cdCIO DE TERCEIRA DISCUSS\u00c3O DO PROJETO DE LEI COMPLEMENTAR N\u00ba 481/2018, DO PODER EXECUTIVO MUNICIPAL."}, {"id": "1159", "ano": "2018", "numero": "381", "tipo__sigla": "REQ", "tipo__descricao": "Requerimento", "autoria": "Eunildo Zanchim \"Nild\u00e3o\"", "texto_original": "http://sapl.sarandi.pr.leg.br/media/sapl/public/materialegislativa/2018/1159/req._no_381-2018.pdf", "ementa": "SOLICITA A DISPENSA DE INTERST\u00cdCIO DE TERCEIRA DISCUSS\u00c3O DO PROJETO DE LEI COMPLEMENTAR N\u00ba 482/2018, DO PODER EXECUTIVO MUNICIPAL."}, {"id": "1165", "ano": "2018", "numero": "382", "tipo__sigla": "REQ", "tipo__descricao": "Requerimento", "autoria": "Mineirinho", "texto_original": "http://sapl.sarandi.pr.leg.br/media/", "ementa": "Of\u00edcio ao Senhor Prefeito, solicitando que informe a esta Casa de Leis, se existem estudos ou mesmo previs\u00e3o para a constru\u00e7\u00e3o de uma Plataforma no lago do Parque Ecol\u00f3gico/Florestal Papa Jo\u00e3o Paulo II\u201d, para fins de realiza\u00e7\u00e3o de Batismos cerimoniais. \r\nEm caso positivo, decline a data prevista para essa finalidade e em caso negativo, decline os motivos t\u00e9cnicos e jur\u00eddicos."}, {"id": "1166", "ano": "2018", "numero": "383", "tipo__sigla": "REQ", "tipo__descricao": "Requerimento", "autoria": "Aparecido Antonio", "texto_original": "http://sapl.sarandi.pr.leg.br/media/", "ementa": "Oficio ao Senhor Prefeito, solicitando que informe a esta Casa de Leis, se existem estudos ou mesmo previs\u00e3o para a constru\u00e7\u00e3o de uma travessia com ponte ligando Sarandi atrav\u00e9s da Avenida Belo Horizonte com o Conjunto Guaiap\u00f3 em Maring\u00e1. \r\nEm caso positivo, decline a data prevista para essa finalidade e em caso negativo, decline os motivos t\u00e9cnicos e jur\u00eddicos."}, {"id": "1167", "ano": "2018", "numero": "384", "tipo__sigla": "REQ", "tipo__descricao": "Requerimento", "autoria": "Eunildo Zanchim \"Nild\u00e3o\"", "texto_original": "http://sapl.sarandi.pr.leg.br/media/", "ementa": "Oficio Senhor Prefeito, solicitando que informe a esta Casa de Leis, se existem estudos ou mesmo previs\u00e3o no sentido de providenciar a instala\u00e7\u00e3o de \u201cLixeiras Subterr\u00e2neas\u201d em nosso Munic\u00edpio. \r\nEm caso positivo, decline a data prevista para essa finalidade e em caso negativo, decline os motivos t\u00e9cnicos e jur\u00eddicos."}, {"id": "1168", "ano": "2018", "numero": "385", "tipo__sigla": "REQ", "tipo__descricao": "Requerimento", "autoria": "Dionizio Aparecido Viaro \"Dionizio da Diocar\"", "texto_original": "http://sapl.sarandi.pr.leg.br/media/sapl/public/materialegislativa/2018/1168/req._no_385-2018.pdf", "ementa": "Of\u00edcio ao Senhor Prefeito, solicitando que informe a esta Casa de Leis, se existe previs\u00e3o no sentido de se providenciar a realiza\u00e7\u00e3o de servi\u00e7os de Recape Asf\u00e1ltico da Avenida Nova Aurora,  at\u00e9 a divisa do Jardim Nova Independ\u00eancia 1\u00aa Parte, da Rua 19 at\u00e9 a Rua 26, neste Munic\u00edpio. \r\nEm caso positivo, decline a data prevista para essa finalidade e em caso negativo, decline os motivos t\u00e9cnicos e jur\u00eddicos"}, {"id": "1169", "ano": "2018", "numero": "386", "tipo__sigla": "REQ", "tipo__descricao": "Requerimento", "autoria": "Eliana Trautwein Santiago", "texto_original": "http://sapl.sarandi.pr.leg.br/media/", "ementa": "Of\u00edcio ao Senhor Prefeito solicitando que informe a esta Casa de Leis, se h\u00e1 possibilidade de manter em funcionamento o posto de sa\u00fade do Parque Residencial Bela Vista, posto que h\u00e1 ind\u00edcios de que a unidade ser\u00e1 transferida para o pr\u00e9dio que est\u00e1 em reforma no Jardim Monte Rey, onde essa a\u00e7\u00e3o prejudicaria os moradores que se utilizam do local, onde refor\u00e7amos a necessidade de colocar em funcionamento a unidade do Jardim Monte Rey, mas sem a desativa\u00e7\u00e3o do Parque Residencial Bela Vista.  \r\nEm caso positivo, decline a data prevista para essa finalidade e em caso negativo, decline os motivos t\u00e9cnicos e jur\u00eddicos."}, {"id": "1170", "ano": "2018", "numero": "387", "tipo__sigla": "REQ", "tipo__descricao": "Requerimento", "autoria": "Eliana Trautwein Santiago", "texto_original": "http://sapl.sarandi.pr.leg.br/media/", "ementa": "Of\u00edcio ao Senhor Prefeito, solicitando que informe a esta Casa de Leis, quanto ser\u00e3o convocadas as farmac\u00eauticas que prestaram concurso do Munic\u00edpio. Posto que precisamos aumentar o efetivo para assim atender a demanda existente. \r\nEm caso positivo, decline a data prevista para essa finalidade e em caso negativo, decline os motivos t\u00e9cnicos e jur\u00eddicos."}, {"id": "1171", "ano": "2018", "numero": "388", "tipo__sigla": "REQ", "tipo__descricao": "Requerimento", "autoria": "Eliana Trautwein Santiago", "texto_original": "http://sapl.sarandi.pr.leg.br/media/", "ementa": "Of\u00edcio ao Senhor Michel Caldato, Superintendente da Autarquia \u00c1guas de Sarandi, solicitando que informe a esta Casa de Leis, se o Jardim Novo Bertioga est\u00e1 contemplado no cronograma para a instala\u00e7\u00e3o de rede de esgoto. \r\nEm caso positivo, decline a data prevista para essa finalidade e em caso negativo, decline os motivos t\u00e9cnicos e jur\u00eddicos."}, {"id": "1172", "ano": "2018", "numero": "389", "tipo__sigla": "REQ", "tipo__descricao": "Requerimento", "autoria": "Cilas Morais", "texto_original": "http://sapl.sarandi.pr.leg.br/media/", "ementa": "of\u00edcio ao Senhor Prefeito, solicitando que informe a esta Casa de Leis, se a administra\u00e7\u00e3o municipal programou algum tipo de evento alusivo ao natal, tais como: apresenta\u00e7\u00f5es e/ou shows visando o entretenimento de nossa popula\u00e7\u00e3o nesta \u00e9poca. \r\nEm caso positivo, decline a data prevista para essa finalidade e em caso negativo, decline os motivos t\u00e9cnicos e jur\u00eddicos."}, {"id": "1173", "ano": "2018", "numero": "390", "tipo__sigla": "REQ", "tipo__descricao": "Requerimento", "autoria": "Nito", "texto_original": "http://sapl.sarandi.pr.leg.br/media/", "ementa": "of\u00edcio ao Senhor Prefeito, solicitando que informe a esta Casa de Leis, para fins de esclarecimento p\u00fablico, se h\u00e1 previs\u00e3o para a realiza\u00e7\u00e3o de servi\u00e7os de recape asf\u00e1ltico ou mesmo de tapa buracos nas vias p\u00fablicas do Jardim Cruzeiro. \r\nRessalta-se que tal solicita\u00e7\u00e3o \u00e9 em atendimento aos moradores do bairro.\r\nEm caso positivo, decline a data prevista para essa finalidade e em caso negativo, decline os motivos t\u00e9cnicos e jur\u00eddicos."}, {"id": "1174", "ano": "2018", "numero": "391", "tipo__sigla": "REQ", "tipo__descricao": "Requerimento", "autoria": "Le\u00e3o", "texto_original": "http://sapl.sarandi.pr.leg.br/media/", "ementa": "of\u00edcio ao Senhor Prefeito, solicitando que informe a esta Casa de Leis, se existe previs\u00e3o para que o Procurador Jur\u00eddico do Munic\u00edpio, venha realizar uma pesquisa junto a UNDIME, FNDE AO MEC, ou seja aos \u00f3rg\u00e3os competentes da educa\u00e7\u00e3o, visando constatar se o munic\u00edpio de Sarandi tem direito ou se entrou com uma a\u00e7\u00e3o judicial, para receber os precat\u00f3rios do Fundep referente aos exerc\u00edcios de 1998 \u00e0 2006, pois ocorreram repasses menores dos recursos nesse per\u00edodo aos munic\u00edpios por n\u00famero de alunos, onde o montante gira em torno de 90.000.000.000,00 (noventa  bilh\u00f5es de reais) a serem rateados aos munic\u00edpio n\u00e3o contemplados. \r\nEm caso positivo, decline a data prevista para essa finalidade e em caso negativo, decline os motivos t\u00e9cnicos e jur\u00eddicos."}, {"id": "1176", "ano": "2018", "numero": "392", "tipo__sigla": "REQ", "tipo__descricao": "Requerimento", "autoria": "Eunildo Zanchim \"Nild\u00e3o\"", "texto_original": "http://sapl.sarandi.pr.leg.br/media/sapl/public/materialegislativa/2018/1176/req._no_392-2018.pdf", "ementa": "SOLICITA A DISPENSA DE INTERST\u00cdCIO DE TERCEIRA DISCUSS\u00c3O E VOTA\u00c7\u00c3O, DO PROJETO DE LEI N\u00ba 2775/2018, DO PODER EXECUTIVO MUNICIPAL."}]}