{"headers": {"id": "ID", "ano": "Ano", "numero": "N\u00famero", "tipo__sigla": "Tipo da Norma Jur\u00eddica/Sigla", "tipo__descricao": "Tipo da Norma Jur\u00eddica/Descri\u00e7\u00e3o", "texto_integral": "Texto Original", "ementa": "Ementa"}, "results": [{"id": "7198", "ano": "2026", "numero": "71", "tipo__sigla": "POR", "tipo__descricao": "Portaria", "texto_integral": "http://sapl.sarandi.pr.leg.br/media/sapl/public/normajuridica/2026/7198/portaria_no_71_sapl.pdf", "ementa": "Regulamenta a realiza\u00e7\u00e3o de reuni\u00f5es conjuntas entre as Comiss\u00f5es Permanentes especificadas e os servidores designados para fins de adequa\u00e7\u00e3o aos\r\nprocedimentos de presta\u00e7\u00e3o de contas estabelecidos pelo Tribunal de Contas do Estado do Paran\u00e1 (TCEPR)."}, {"id": "7197", "ano": "2026", "numero": "70", "tipo__sigla": "POR", "tipo__descricao": "Portaria", "texto_integral": "http://sapl.sarandi.pr.leg.br/media/sapl/public/normajuridica/2026/7197/portaria_no_70_sapl.pdf", "ementa": "Autoriza a concess\u00e3o de di\u00e1rias ao servidor Marlon Bif."}, {"id": "7196", "ano": "2026", "numero": "69", "tipo__sigla": "POR", "tipo__descricao": "Portaria", "texto_integral": "http://sapl.sarandi.pr.leg.br/media/sapl/public/normajuridica/2026/7196/portaria_no_69_sapl.pdf", "ementa": "Autoriza a concess\u00e3o de di\u00e1rias ao Vereador Jo\u00e3o Francisco do Nascimento."}, {"id": "7195", "ano": "2026", "numero": "68", "tipo__sigla": "POR", "tipo__descricao": "Portaria", "texto_integral": "http://sapl.sarandi.pr.leg.br/media/sapl/public/normajuridica/2026/7195/portaria_no_68_sapl.pdf", "ementa": "Autoriza a concess\u00e3o de di\u00e1rias ao Presidente da C\u00e2mara Municipal de Sarandi."}, {"id": "7191", "ano": "2026", "numero": "67", "tipo__sigla": "POR", "tipo__descricao": "Portaria", "texto_integral": "http://sapl.sarandi.pr.leg.br/media/sapl/public/normajuridica/2026/7191/portaria_no_67_sapl.pdf", "ementa": "Concede progress\u00e3o funcional por capacita\u00e7\u00e3o \u00e0 servidora Suzane Ribeiro Siqueira Azevedo."}, {"id": "7190", "ano": "2026", "numero": "66", "tipo__sigla": "POR", "tipo__descricao": "Portaria", "texto_integral": "http://sapl.sarandi.pr.leg.br/media/sapl/public/normajuridica/2026/7190/portaria_no_66_sapl.pdf", "ementa": "Atesta \u00e0 estabilidade funcional da servidora Suzane Ribeiro Siqueira Azevedo e d\u00e1 outras provid\u00eancias."}, {"id": "7189", "ano": "2026", "numero": "65", "tipo__sigla": "POR", "tipo__descricao": "Portaria", "texto_integral": "http://sapl.sarandi.pr.leg.br/media/sapl/public/normajuridica/2026/7189/portaria_no_65_sapl.pdf", "ementa": "Altera a Portaria n\u00ba 60, de 9 de abril de 2026, que convoca os vereadores e os servidores efetivos e comissionados da C\u00e2mara para participarem de\r\ncapacita\u00e7\u00e3o interna sobre os sistemas administrativos e legislativos."}, {"id": "7193", "ano": "2026", "numero": "1009", "tipo__sigla": "DE", "tipo__descricao": "Decreto Executivo", "texto_integral": "http://sapl.sarandi.pr.leg.br/media/sapl/public/normajuridica/2026/7193/decreto_executivo_no_1009-2026.pdf", "ementa": "Ficam atualizados os Procedimentos Internos Do Sistema Eletr\u00f4nico de Informa\u00e7\u00f5es- SEI no Munic\u00edpio de Sarandi-PR"}, {"id": "7188", "ano": "2026", "numero": "10", "tipo__sigla": "DL", "tipo__descricao": "Decreto Legislativo", "texto_integral": "http://sapl.sarandi.pr.leg.br/media/sapl/public/normajuridica/2026/7188/decreto_legislativo_no_10-2026_sapl.pdf", "ementa": "Concede T\u00edtulo de Cidad\u00e3o Honor\u00e1rio ao Senhor Robson de Oliveira Lemes."}, {"id": "7186", "ano": "2026", "numero": "1015", "tipo__sigla": "DE", "tipo__descricao": "Decreto Executivo", "texto_integral": "http://sapl.sarandi.pr.leg.br/media/sapl/public/normajuridica/2026/7186/decreto_executivo_no_1015-2026.pdf", "ementa": "O Prefeito Municipal de Sarandi, Estado do Paran\u00e1, no uso de suas atribui\u00e7\u00f5es legais e das que lhe foram conferidas pela Lei Or\u00e7ament\u00e1ria n\u00ba 3108/2025 de 23/12/2025."}, {"id": "7187", "ano": "2026", "numero": "1014", "tipo__sigla": "DE", "tipo__descricao": "Decreto Executivo", "texto_integral": "http://sapl.sarandi.pr.leg.br/media/sapl/public/normajuridica/2026/7187/decreto_executivo_no_1014-2026.pdf", "ementa": "Disp\u00f5e sobre o recesso funcional nas reparti\u00e7\u00f5es p\u00fablicas municipais, na forma que especifica."}, {"id": "7194", "ano": "2026", "numero": "1008", "tipo__sigla": "DE", "tipo__descricao": "Decreto Executivo", "texto_integral": "http://sapl.sarandi.pr.leg.br/media/sapl/public/normajuridica/2026/7194/decreto_executivo_no_1008-2026.pdf", "ementa": "Abre Cr\u00e9dito Adicional Suplementar e da outras provid\u00eancias."}, {"id": "7183", "ano": "2026", "numero": "64", "tipo__sigla": "POR", "tipo__descricao": "Portaria", "texto_integral": "http://sapl.sarandi.pr.leg.br/media/sapl/public/normajuridica/2026/7183/portaria_no_64_sapl.pdf", "ementa": "Nomeia a servidora Sandra da Mata Clemente Duarte para ocupar a Fun\u00e7\u00e3o Gratificada de Encarregada de Apoio aos Servi\u00e7os Gerais."}, {"id": "7182", "ano": "2026", "numero": "63", "tipo__sigla": "POR", "tipo__descricao": "Portaria", "texto_integral": "http://sapl.sarandi.pr.leg.br/media/sapl/public/normajuridica/2026/7182/portaria_no_63_sapl.pdf", "ementa": "Designa servidores para participa\u00e7\u00e3o em capacita\u00e7\u00e3o voltada ao apoio \u00e0s atividades legislativas e \u00e0 fun\u00e7\u00e3o de fiscaliza\u00e7\u00e3o, no \u00e2mbito da C\u00e2mara Municipal de Sarandi."}, {"id": "7181", "ano": "2026", "numero": "62", "tipo__sigla": "POR", "tipo__descricao": "Portaria", "texto_integral": "http://sapl.sarandi.pr.leg.br/media/sapl/public/normajuridica/2026/7181/portaria_no_62_sapl.pdf", "ementa": "Designa servidores para participa\u00e7\u00e3o em capacita\u00e7\u00e3o na \u00e1rea jur\u00eddica, no \u00e2mbito da C\u00e2mara Municipal de Sarandi."}, {"id": "7180", "ano": "2026", "numero": "61", "tipo__sigla": "POR", "tipo__descricao": "Portaria", "texto_integral": "http://sapl.sarandi.pr.leg.br/media/", "ementa": "Designa servidores para participa\u00e7\u00e3o em capacita\u00e7\u00e3o na \u00e1rea de Ouvidoria e atendimento ao cidad\u00e3o, no \u00e2mbito da C\u00e2mara Municipal de Sarandi."}, {"id": "7179", "ano": "2026", "numero": "1002", "tipo__sigla": "DE", "tipo__descricao": "Decreto Executivo", "texto_integral": "http://sapl.sarandi.pr.leg.br/media/sapl/public/normajuridica/2026/7179/decreto_executivo_no_1002-2026.pdf", "ementa": "Abre Cr\u00e9dito Adicional Suplementar e da outras provid\u00eancias."}, {"id": "7178", "ano": "2026", "numero": "1001", "tipo__sigla": "DE", "tipo__descricao": "Decreto Executivo", "texto_integral": "http://sapl.sarandi.pr.leg.br/media/sapl/public/normajuridica/2026/7178/decreto_executivo_no_1001-2026.pdf", "ementa": "Abre Cr\u00e9dito Adicional Suplementar e da outras provid\u00eancias."}, {"id": "7176", "ano": "2026", "numero": "60", "tipo__sigla": "POR", "tipo__descricao": "Portaria", "texto_integral": "http://sapl.sarandi.pr.leg.br/media/sapl/public/normajuridica/2026/7176/portaria_no_60_sapl.pdf", "ementa": "Convoca os vereadores e os servidores efetivos e comissionados da C\u00e2mara para participarem de capacita\u00e7\u00e3o interna sobre os sistemas administrativos\r\ne legislativos."}, {"id": "7177", "ano": "2026", "numero": "1000", "tipo__sigla": "DE", "tipo__descricao": "Decreto Executivo", "texto_integral": "http://sapl.sarandi.pr.leg.br/media/sapl/public/normajuridica/2026/7177/decreto_executivo_no_1000-2026.pdf", "ementa": "Abre Cr\u00e9dito Adicional Suplementar e da outras provid\u00eancias."}, {"id": "7174", "ano": "2026", "numero": "59", "tipo__sigla": "POR", "tipo__descricao": "Portaria", "texto_integral": "http://sapl.sarandi.pr.leg.br/media/sapl/public/normajuridica/2026/7174/portaria_no_59_sapl.pdf", "ementa": "Designa a servidora Luzia Azevedo Dias para fiscaliza\u00e7\u00e3o de atas de registro de pre\u00e7os."}, {"id": "7173", "ano": "2026", "numero": "58", "tipo__sigla": "POR", "tipo__descricao": "Portaria", "texto_integral": "http://sapl.sarandi.pr.leg.br/media/sapl/public/normajuridica/2026/7173/portaria_no_57_sapl.pdf", "ementa": "Exonera a servidora Thaisa Cristina Almeida Chagas Silva."}, {"id": "7172", "ano": "2026", "numero": "57", "tipo__sigla": "POR", "tipo__descricao": "Portaria", "texto_integral": "http://sapl.sarandi.pr.leg.br/media/sapl/public/normajuridica/2026/7172/portaria_no_57_sapl.pdf", "ementa": "Concede progress\u00e3o funcional por capacita\u00e7\u00e3o ao servidor Alex Francisco de Souza."}, {"id": "7171", "ano": "2026", "numero": "56", "tipo__sigla": "POR", "tipo__descricao": "Portaria", "texto_integral": "http://sapl.sarandi.pr.leg.br/media/sapl/public/normajuridica/2026/7171/portaria_no_57_sapl.pdf", "ementa": "Concede progress\u00e3o funcional por capacita\u00e7\u00e3o ao servidor Alex Francisco de Souza."}, {"id": "7170", "ano": "2026", "numero": "55", "tipo__sigla": "POR", "tipo__descricao": "Portaria", "texto_integral": "http://sapl.sarandi.pr.leg.br/media/sapl/public/normajuridica/2026/7170/portaria_no_55_sapl.pdf", "ementa": "Concede estabilidade funcional ao servidor Alex Francisco de Souza e d\u00e1 outras provid\u00eancias."}, {"id": "7169", "ano": "2026", "numero": "54", "tipo__sigla": "POR", "tipo__descricao": "Portaria", "texto_integral": "http://sapl.sarandi.pr.leg.br/media/sapl/public/normajuridica/2026/7169/portaria_no_54_sapl.pdf", "ementa": "Autoriza a concess\u00e3o de di\u00e1rias ao servidor Marlon Bif."}, {"id": "7168", "ano": "2026", "numero": "53", "tipo__sigla": "POR", "tipo__descricao": "Portaria", "texto_integral": "http://sapl.sarandi.pr.leg.br/media/sapl/public/normajuridica/2026/7168/portaria_no_53_sapl.pdf", "ementa": "Autoriza a concess\u00e3o de di\u00e1rias ao Vice-Presidente da C\u00e2mara Municipal de Sarandi."}, {"id": "7167", "ano": "2026", "numero": "52", "tipo__sigla": "POR", "tipo__descricao": "Portaria", "texto_integral": "http://sapl.sarandi.pr.leg.br/media/sapl/public/normajuridica/2026/7167/portaria_no_52_sapl.pdf", "ementa": "Designa o servidor Marlon Bif para fiscaliza\u00e7\u00e3o de contrato."}, {"id": "7185", "ano": "2026", "numero": "3129", "tipo__sigla": "LEI", "tipo__descricao": "Lei Ordin\u00e1ria", "texto_integral": "http://sapl.sarandi.pr.leg.br/media/sapl/public/normajuridica/2026/7185/lei_no_3129-2026_sapl.pdf", "ementa": "Disp\u00f5e sobre a abertura de Cr\u00e9dito Adicional Especial e d\u00e1 outras provid\u00eancias."}, {"id": "7184", "ano": "2026", "numero": "3128", "tipo__sigla": "LEI", "tipo__descricao": "Lei Ordin\u00e1ria", "texto_integral": "http://sapl.sarandi.pr.leg.br/media/sapl/public/normajuridica/2026/7184/lei_no_3128-2026_sapl.pdf", "ementa": "Disp\u00f5e sobre a abertura de Cr\u00e9dito Adicional Especial e d\u00e1 outras provid\u00eancias."}, {"id": "7192", "ano": "2026", "numero": "1016", "tipo__sigla": "DE", "tipo__descricao": "Decreto Executivo", "texto_integral": "http://sapl.sarandi.pr.leg.br/media/sapl/public/normajuridica/2026/7192/decreto_executivo_no_1016-2026.pdf", "ementa": "Altera a regulamenta\u00e7\u00e3o da UTILIZA\u00c7\u00c3O DO PROGRAMA CONTRATA+BRASIL NOS PROCESSOS DE CONTRATA\u00c7\u00c3O P\u00daBLICA, NO \u00c2MBITO DA ADMINISTRA\u00c7\u00c3O DIRETA E E INDIRETA DO MUNIC\u00cdPIO DE SARANDI/PR"}, {"id": "7166", "ano": "2026", "numero": "995", "tipo__sigla": "DE", "tipo__descricao": "Decreto Executivo", "texto_integral": "http://sapl.sarandi.pr.leg.br/media/sapl/public/normajuridica/2026/7166/decreto_executivo_no_995-2026.pdf", "ementa": "Abre Cr\u00e9dito Adicional Suplementar e da outras provid\u00eancias."}, {"id": "7164", "ano": "2026", "numero": "51", "tipo__sigla": "POR", "tipo__descricao": "Portaria", "texto_integral": "http://sapl.sarandi.pr.leg.br/media/sapl/public/normajuridica/2026/7164/portaria_no_51_sapl.pdf", "ementa": "Designa comiss\u00e3o para elabora\u00e7\u00e3o de Estudo T\u00e9cnico Preliminar (ETP), com a finalidade de avaliar a viabilidade t\u00e9cnica e estrutural do pr\u00e9dio da C\u00e2mara Municipal de Sarandi, visando \u00e0 constru\u00e7\u00e3o de novas salas."}, {"id": "7162", "ano": "2026", "numero": "9", "tipo__sigla": "DL", "tipo__descricao": "Decreto Legislativo", "texto_integral": "http://sapl.sarandi.pr.leg.br/media/sapl/public/normajuridica/2026/7162/decreto_legislativo_no_9-2026_sapl.pdf", "ementa": "Disp\u00f5e sobre a aceita\u00e7\u00e3o do \u201cVeto integral n\u00ba 6/2026\u201d ao Projeto de Lei Complementar n\u00ba 675/2026, de autoria do Poder Executivo Municipal, o qual \u201cAltera o Anexo II da Lei Complementar Municipal n\u00ba 405 de 17 de maio de 2022 da maneira que especifica.\u201d."}, {"id": "7161", "ano": "2026", "numero": "8", "tipo__sigla": "DL", "tipo__descricao": "Decreto Legislativo", "texto_integral": "http://sapl.sarandi.pr.leg.br/media/sapl/public/normajuridica/2026/7161/decreto_legislativo_no_8-2026_sapl.pdf", "ementa": "Disp\u00f5e sobre a aceita\u00e7\u00e3o do \u201cVeto integral n\u00ba 5/2026\u201d ao Projeto de Lei Complementar n\u00ba 674/2026, de autoria do Poder Executivo Municipal, o qual \u201cAltera a Lei Complementar n\u00ba 396, de 12 de janeiro de 2022 e d\u00e1 outras provid\u00eancias.\u201d."}, {"id": "7160", "ano": "2026", "numero": "7", "tipo__sigla": "DL", "tipo__descricao": "Decreto Legislativo", "texto_integral": "http://sapl.sarandi.pr.leg.br/media/sapl/public/normajuridica/2026/7160/decreto_legislativo_no_7-2026_sapl.pdf", "ementa": "Disp\u00f5e sobre a aceita\u00e7\u00e3o do \u201cVeto integral n\u00ba 4/2026\u201d ao Projeto de Lei Complementar n\u00ba 673/2026, de autoria do Poder Executivo Municipal, o qual \u201cAltera o Anexo III - Tabela \u201cB\u201d da Lei Complementar Municipal n\u00ba 229, de 29 de outubro de 2009 d\u00e1 maneira que especifica.\u201d."}, {"id": "7159", "ano": "2026", "numero": "6", "tipo__sigla": "DL", "tipo__descricao": "Decreto Legislativo", "texto_integral": "http://sapl.sarandi.pr.leg.br/media/sapl/public/normajuridica/2026/7159/decreto_legislativo_no_6-2026_sapl.pdf", "ementa": "Disp\u00f5e sobre a aceita\u00e7\u00e3o do \u201cVeto parcial n\u00ba 3/2026\u201d ao Projeto de Lei Complementar n\u00ba 670/2026, de autoria do Poder Executivo Municipal, o qual \u201cAltera a Lei Complementar n\u00ba 413, de 6 de junho de 2022, para refor\u00e7ar a prote\u00e7\u00e3o ambiental, ampliar exig\u00eancias de impacto e contrapartidas urban\u00edsticas, estabelecer limites mais claros para parcelamento e quadras, e detalhar requisitos t\u00e9cnicos para garantir infraestrutura adequada e qualidade urbana.\u201d."}, {"id": "7158", "ano": "2026", "numero": "5", "tipo__sigla": "DL", "tipo__descricao": "Decreto Legislativo", "texto_integral": "http://sapl.sarandi.pr.leg.br/media/sapl/public/normajuridica/2026/7158/decreto_legislativo_no_5-2026_sapl.pdf", "ementa": "Disp\u00f5e sobre a aceita\u00e7\u00e3o do \u201cVeto integral n\u00ba 2/2026\u201d ao Projeto de Lei n\u00ba 3.586/2025, de autoria dos vereadores Thayn\u00e1 Menegazze Maciel e Aparecido Biancho, o qual \u201cFixa a data de entrega dos uniformes escolares e materiais escolares para o primeiro m\u00eas de volta \u00e0s aulas conforme calend\u00e1rio escolar no Munic\u00edpio de Sarandi.\u201d."}, {"id": "7157", "ano": "2026", "numero": "4", "tipo__sigla": "DL", "tipo__descricao": "Decreto Legislativo", "texto_integral": "http://sapl.sarandi.pr.leg.br/media/sapl/public/normajuridica/2026/7157/decreto_legislativo_no_4-2026_sapl.pdf", "ementa": "Disp\u00f5e sobre a aceita\u00e7\u00e3o do \u201cVeto parcial n\u00ba 1/2026\u201d ao Projeto de Lei n\u00ba 3.576/2025, de autoria do Poder Executivo Municipal, o qual \u201cEstima a Receita e Fixa a Despesa do Munic\u00edpio de Sarandi para o exerc\u00edcio de 2026.\u201d."}, {"id": "7155", "ano": "2026", "numero": "50", "tipo__sigla": "POR", "tipo__descricao": "Portaria", "texto_integral": "http://sapl.sarandi.pr.leg.br/media/sapl/public/normajuridica/2026/7155/portaria_no_50_sapl.pdf", "ementa": "Concede progress\u00e3o funcional por capacita\u00e7\u00e3o \u00e0 servidora Thais Sabino Janunzzi."}, {"id": "7175", "ano": "2026", "numero": "992", "tipo__sigla": "DE", "tipo__descricao": "Decreto Executivo", "texto_integral": "http://sapl.sarandi.pr.leg.br/media/sapl/public/normajuridica/2026/7175/decreto_executivo_no_995-2026.pdf", "ementa": "Disp\u00f5e sobre a consolida\u00e7\u00e3o hist\u00f3rica e o reconhecimento institucional do Centro de Refer\u00eancia de Atendimento \u00e0 Mulher \u2013 CRAM no Munic\u00edpio de Sarandi \u2013 PR."}, {"id": "7165", "ano": "2026", "numero": "991", "tipo__sigla": "DE", "tipo__descricao": "Decreto Executivo", "texto_integral": "http://sapl.sarandi.pr.leg.br/media/sapl/public/normajuridica/2026/7165/decreto_executivo_no_991-2026.pdf", "ementa": "Abre Cr\u00e9dito Adicional Suplementar e da outras provid\u00eancias."}, {"id": "7151", "ano": "2026", "numero": "49", "tipo__sigla": "POR", "tipo__descricao": "Portaria", "texto_integral": "http://sapl.sarandi.pr.leg.br/media/sapl/public/normajuridica/2026/7151/portaria_no_49_sapl.pdf", "ementa": "Estabelece recesso funcional no dia 2 de abril de 2026 no \u00e2mbito da C\u00e2mara Municipal de Sarandi."}, {"id": "7150", "ano": "2026", "numero": "48", "tipo__sigla": "POR", "tipo__descricao": "Portaria", "texto_integral": "http://sapl.sarandi.pr.leg.br/media/sapl/public/normajuridica/2026/7150/portaria_no_48_sapl.pdf", "ementa": "Autoriza a concess\u00e3o de di\u00e1rias ao Vice-Presidente da C\u00e2mara Municipal de Sarandi."}, {"id": "7149", "ano": "2026", "numero": "47", "tipo__sigla": "POR", "tipo__descricao": "Portaria", "texto_integral": "http://sapl.sarandi.pr.leg.br/media/sapl/public/normajuridica/2026/7149/portaria_no_47_sapl.pdf", "ementa": "Autoriza a concess\u00e3o de di\u00e1rias ao Presidente da C\u00e2mara Municipal de Sarandi."}, {"id": "7148", "ano": "2026", "numero": "46", "tipo__sigla": "POR", "tipo__descricao": "Portaria", "texto_integral": "http://sapl.sarandi.pr.leg.br/media/sapl/public/normajuridica/2026/7148/portaria_no_46_sapl.pdf", "ementa": "Designa servidor respons\u00e1vel pelo acompanhamento e fiscaliza\u00e7\u00e3o do Termo de Coopera\u00e7\u00e3o n\u00ba 1/2026."}, {"id": "7154", "ano": "2026", "numero": "982", "tipo__sigla": "DE", "tipo__descricao": "Decreto Executivo", "texto_integral": "http://sapl.sarandi.pr.leg.br/media/sapl/public/normajuridica/2026/7154/decreto_executivo_no_982-2026.pdf", "ementa": "Constitui a Comiss\u00e3o Municipal de Enfrentamento \u00e0 Viol\u00eancia contra Crian\u00e7a e Adolescente de Sarandi (CEVCA) e d\u00e1 outras provid\u00eancias."}, {"id": "7147", "ano": "2026", "numero": "980", "tipo__sigla": "DE", "tipo__descricao": "Decreto Executivo", "texto_integral": "http://sapl.sarandi.pr.leg.br/media/sapl/public/normajuridica/2026/7147/decreto_executivo_no_980-2026.pdf", "ementa": "Declara de utilidade p\u00fablica, para fins de interven\u00e7\u00e3o em APP - \u00c1rea de Preserva\u00e7\u00e3o Permanente, destinado a instala\u00e7\u00e3o de dispositivos dissipadores de energia de \u00e1guas pluviais."}, {"id": "7146", "ano": "2026", "numero": "979", "tipo__sigla": "DE", "tipo__descricao": "Decreto Executivo", "texto_integral": "http://sapl.sarandi.pr.leg.br/media/sapl/public/normajuridica/2026/7146/decreto_executivo_no_979-2026.pdf", "ementa": "Declara de utilidade p\u00fablica, para fins de interven\u00e7\u00e3o em APP - \u00c1rea de Preserva\u00e7\u00e3o Permanente, destinado a instala\u00e7\u00e3o de dispositivos dissipadores de energia de \u00e1guas pluviais."}, {"id": "7156", "ano": "2026", "numero": "978", "tipo__sigla": "DE", "tipo__descricao": "Decreto Executivo", "texto_integral": "http://sapl.sarandi.pr.leg.br/media/sapl/public/normajuridica/2026/7156/decreto_executivo_no_978-2026.pdf", "ementa": "Abre Cr\u00e9dito Adicional Suplementar e da outras provid\u00eancias."}, {"id": "7145", "ano": "2026", "numero": "977", "tipo__sigla": "DE", "tipo__descricao": "Decreto Executivo", "texto_integral": "http://sapl.sarandi.pr.leg.br/media/sapl/public/normajuridica/2026/7145/decreto_executivo_no_977-2026.pdf", "ementa": "Abre Cr\u00e9dito Adicional Suplementar e da outras provid\u00eancias."}, {"id": "7144", "ano": "2026", "numero": "976", "tipo__sigla": "DE", "tipo__descricao": "Decreto Executivo", "texto_integral": "http://sapl.sarandi.pr.leg.br/media/sapl/public/normajuridica/2026/7144/decreto_executivo_no_976-2026.pdf", "ementa": "Abre Cr\u00e9dito Adicional Suplementar e da outras provid\u00eancias."}, {"id": "7143", "ano": "2026", "numero": "972", "tipo__sigla": "DE", "tipo__descricao": "Decreto Executivo", "texto_integral": "http://sapl.sarandi.pr.leg.br/media/sapl/public/normajuridica/2026/7143/decreto_executivo_no_972-2026.pdf", "ementa": "Abre Cr\u00e9dito Adicional Suplementar e da outras provid\u00eancias."}, {"id": "7139", "ano": "2026", "numero": "45", "tipo__sigla": "POR", "tipo__descricao": "Portaria", "texto_integral": "http://sapl.sarandi.pr.leg.br/media/sapl/public/normajuridica/2026/7139/portaria_no_45_sapl.pdf", "ementa": "Designa servidor respons\u00e1vel pelo acompanhamento e fiscaliza\u00e7\u00e3o do Acordo de Coopera\u00e7\u00e3o T\u00e9cnica n\u00ba 2/2026."}, {"id": "7153", "ano": "2026", "numero": "971", "tipo__sigla": "DE", "tipo__descricao": "Decreto Executivo", "texto_integral": "http://sapl.sarandi.pr.leg.br/media/sapl/public/normajuridica/2026/7153/decreto_executivo_no_971-2026.pdf", "ementa": "Reajuste nos valores das di\u00e1rias estabelecidas na Lei n\u00ba 2754/2021, na forma que especifica"}, {"id": "7137", "ano": "2026", "numero": "44", "tipo__sigla": "POR", "tipo__descricao": "Portaria", "texto_integral": "http://sapl.sarandi.pr.leg.br/media/sapl/public/normajuridica/2026/7137/portaria_no_44_sapl.pdf", "ementa": "Autoriza a concess\u00e3o de di\u00e1rias ao Vice-Presidente da C\u00e2mara Municipal de Sarandi."}, {"id": "7136", "ano": "2026", "numero": "43", "tipo__sigla": "POR", "tipo__descricao": "Portaria", "texto_integral": "http://sapl.sarandi.pr.leg.br/media/sapl/public/normajuridica/2026/7136/portaria_no_43_sapl.pdf", "ementa": "Autoriza a concess\u00e3o de di\u00e1rias ao Presidente da C\u00e2mara Municipal de Sarandi."}, {"id": "7138", "ano": "2026", "numero": "970", "tipo__sigla": "DE", "tipo__descricao": "Decreto Executivo", "texto_integral": "http://sapl.sarandi.pr.leg.br/media/sapl/public/normajuridica/2026/7138/decreto_no_970-2026.pdf", "ementa": "Abre Cr\u00e9dito Adicional Suplementar e da outras provid\u00eancias."}, {"id": "7135", "ano": "2026", "numero": "42", "tipo__sigla": "POR", "tipo__descricao": "Portaria", "texto_integral": "http://sapl.sarandi.pr.leg.br/media/sapl/public/normajuridica/2026/7135/portaria_no_42_sapl.pdf", "ementa": "Concede dispensa de expediente ao servidor Wesley Henrique Sanguino para frequ\u00eancia em curso de P\u00f3s-Gradua\u00e7\u00e3o Stricto Sensu em Ci\u00eancias Cont\u00e1beis."}, {"id": "7134", "ano": "2026", "numero": "41", "tipo__sigla": "POR", "tipo__descricao": "Portaria", "texto_integral": "http://sapl.sarandi.pr.leg.br/media/", "ementa": "Designa o servidor Lucas Ataliba Rantin de Carvalho para fiscaliza\u00e7\u00e3o de ata de registro de pre\u00e7os."}, {"id": "7141", "ano": "2026", "numero": "2", "tipo__sigla": "IN", "tipo__descricao": "Instru\u00e7\u00e3o Normativa", "texto_integral": "http://sapl.sarandi.pr.leg.br/media/sapl/public/normajuridica/2026/7141/instrucao_normativa_no_2-2026_sapl.pdf", "ementa": "Disp\u00f5e sobre os procedimentos administrativos para concess\u00e3o, pagamento, controle, presta\u00e7\u00e3o de contas, restitui\u00e7\u00e3o de di\u00e1rias e reembolso de despesas de deslocamento no \u00e2mbito da C\u00e2mara Municipal de Sarandi, em conformidade com a Lei Municipal n\u00ba 3.124/2026 e com os entendimentos do Tribunal de Contas do Estado do Paran\u00e1."}, {"id": "7163", "ano": "2026", "numero": "3127", "tipo__sigla": "LEI", "tipo__descricao": "Lei Ordin\u00e1ria", "texto_integral": "http://sapl.sarandi.pr.leg.br/media/sapl/public/normajuridica/2026/7163/lei_no_3127-2026_sapl.pdf", "ementa": "Denomina de Centro de Aten\u00e7\u00e3oPsicossocial- CAPS II Terezinha Martins daCruz, o Centro de Aten\u00e7\u00e3o Psicossocial- CAPSII."}, {"id": "7142", "ano": "2026", "numero": "969", "tipo__sigla": "DE", "tipo__descricao": "Decreto Executivo", "texto_integral": "http://sapl.sarandi.pr.leg.br/media/sapl/public/normajuridica/2026/7142/decreto_executivo_no_969-2026.pdf", "ementa": "Abre Cr\u00e9dito Adicional Suplementar e da outras provid\u00eancias."}, {"id": "7132", "ano": "2026", "numero": "40", "tipo__sigla": "POR", "tipo__descricao": "Portaria", "texto_integral": "http://sapl.sarandi.pr.leg.br/media/sapl/public/normajuridica/2026/7132/portaria_no_40_sapl.pdf", "ementa": "Prorroga o prazo de teletrabalho da servidora Suzane Ribeiro Siqueiza Azevedo."}, {"id": "7130", "ano": "2026", "numero": "39", "tipo__sigla": "POR", "tipo__descricao": "Portaria", "texto_integral": "http://sapl.sarandi.pr.leg.br/media/sapl/public/normajuridica/2026/7130/portaria_no_39_sapl.pdf", "ementa": "Concede progress\u00e3o funcional por titula\u00e7\u00e3o \u00e0 servidora Sandra da Mata Clemente Duarte."}, {"id": "7129", "ano": "2026", "numero": "38", "tipo__sigla": "POR", "tipo__descricao": "Portaria", "texto_integral": "http://sapl.sarandi.pr.leg.br/media/sapl/public/normajuridica/2026/7129/portaria_no_38_sapl.pdf", "ementa": "Altera a Portaria n\u00ba 21, de 9 de fevereiro de 2026, que designa servidores para coordena\u00e7\u00e3o, acompanhamento e consolida\u00e7\u00e3o de documentos e informa\u00e7\u00f5es necess\u00e1rias \u00e0 presta\u00e7\u00e3o de contas da C\u00e2mara Municipal, em conformidade com a Nota T\u00e9cnica n\u00ba 38/2025 do Tribunal de Contas do Estado do Paran\u00e1."}, {"id": "7128", "ano": "2026", "numero": "37", "tipo__sigla": "POR", "tipo__descricao": "Portaria", "texto_integral": "http://sapl.sarandi.pr.leg.br/media/sapl/public/normajuridica/2026/7128/portaria_no_37_sapl.pdf", "ementa": "Concede estabilidade funcional \u00e0 servidora Thais Sabino Janunzzi e d\u00e1 outras provid\u00eancias."}, {"id": "7133", "ano": "2026", "numero": "513", "tipo__sigla": "LC", "tipo__descricao": "Lei Complementar", "texto_integral": "http://sapl.sarandi.pr.leg.br/media/sapl/public/normajuridica/2026/7133/lei_complementar_no_513-2026_sapl.pdf", "ementa": "Altera a Lei Complementar n\u00ba 70, de 26 de dezembro de 2001, para modificar o Anexo II, que disp\u00f5e sobre a lista de servi\u00e7os sujeitos ao Imposto Sobre Servi\u00e7os de Qualquer Natureza \u2013 ISSQN."}, {"id": "7126", "ano": "2026", "numero": "36", "tipo__sigla": "POR", "tipo__descricao": "Portaria", "texto_integral": "http://sapl.sarandi.pr.leg.br/media/sapl/public/normajuridica/2026/7126/portaria_no_36_sapl.pdf", "ementa": "Prorroga o prazo para conclus\u00e3o do Processo Administrativo de Responsabiliza\u00e7\u00e3o."}, {"id": "7125", "ano": "2026", "numero": "35", "tipo__sigla": "POR", "tipo__descricao": "Portaria", "texto_integral": "http://sapl.sarandi.pr.leg.br/media/sapl/public/normajuridica/2026/7125/portaria_no_35_sapl.pdf", "ementa": "Nomeia o servidor Jo\u00e3o Roberto dos Santos Lopes para ocupar a Fun\u00e7\u00e3o de Confian\u00e7a de Diretor Legislativo."}, {"id": "7124", "ano": "2026", "numero": "34", "tipo__sigla": "POR", "tipo__descricao": "Portaria", "texto_integral": "http://sapl.sarandi.pr.leg.br/media/sapl/public/normajuridica/2026/7124/portaria_no_34_sapl.pdf", "ementa": "Nomeia o servidor Vagner Rafael Vaz para ocupar a Fun\u00e7\u00e3o de Confian\u00e7a de Diretor Administrativo."}, {"id": "7123", "ano": "2026", "numero": "33", "tipo__sigla": "POR", "tipo__descricao": "Portaria", "texto_integral": "http://sapl.sarandi.pr.leg.br/media/sapl/public/normajuridica/2026/7123/portaria_no_33_sapl.pdf", "ementa": "Exonera o servidor Jo\u00e3o Roberto dos Santos Lopes da Fun\u00e7\u00e3o de Confian\u00e7a de Diretor Administrativo."}, {"id": "7122", "ano": "2026", "numero": "32", "tipo__sigla": "POR", "tipo__descricao": "Portaria", "texto_integral": "http://sapl.sarandi.pr.leg.br/media/sapl/public/normajuridica/2026/7122/portaria_no_32_sapl.pdf", "ementa": "Exonera o servidor Vagner Rafael Vaz da Fun\u00e7\u00e3o de Confian\u00e7a de Diretor Legislativo."}, {"id": "7131", "ano": "2026", "numero": "4", "tipo__sigla": "ATM", "tipo__descricao": "Ato da Mesa", "texto_integral": "http://sapl.sarandi.pr.leg.br/media/sapl/public/normajuridica/2026/7131/ato_da_mesa_no_4-2026_diom.pdf", "ementa": "Disp\u00f5e sobre o Regulamento do Concurso Fotogr\u00e1fico de 2026, institu\u00eddo pela Resolu\u00e7\u00e3o n\u00ba 6,de 20 de fevereiro de 2026."}, {"id": "7140", "ano": "2026", "numero": "1", "tipo__sigla": "IN", "tipo__descricao": "Instru\u00e7\u00e3o Normativa", "texto_integral": "http://sapl.sarandi.pr.leg.br/media/sapl/public/normajuridica/2026/7140/instrucao_normativa_no_1-2026_sapl.pdf", "ementa": "Regulamenta o disposto no Art. 5\u00ba da Lei n\u00ba 3.005, de 30 de janeiro de 2024."}, {"id": "7118", "ano": "2026", "numero": "30", "tipo__sigla": "POR", "tipo__descricao": "Portaria", "texto_integral": "http://sapl.sarandi.pr.leg.br/media/sapl/public/normajuridica/2026/7118/portaria_no_30_sapl.pdf", "ementa": "Designa a servidora Angela Alves de Almeida para fiscaliza\u00e7\u00e3o de ata de registro de pre\u00e7os."}, {"id": "7119", "ano": "2026", "numero": "31", "tipo__sigla": "POR", "tipo__descricao": "Portaria", "texto_integral": "http://sapl.sarandi.pr.leg.br/media/sapl/public/normajuridica/2026/7119/portaria_no_31_sapl.pdf", "ementa": "Concede progress\u00e3o funcional por merecimento \u00e0 servidora Helonise Grabriella Gon\u00e7alves Passos."}, {"id": "7117", "ano": "2026", "numero": "945", "tipo__sigla": "DE", "tipo__descricao": "Decreto Executivo", "texto_integral": "http://sapl.sarandi.pr.leg.br/media/", "ementa": "Abre Cr\u00e9dito Adicional Suplementar e da outras provid\u00eancias."}, {"id": "7113", "ano": "2026", "numero": "3", "tipo__sigla": "DL", "tipo__descricao": "Decreto Legislativo", "texto_integral": "http://sapl.sarandi.pr.leg.br/media/sapl/public/normajuridica/2026/7113/decreto_legislativo_no_3-2026_sapl.pdf", "ementa": "Concede T\u00edtulo de Cidad\u00e3o Honor\u00e1rio ao Senhor Aliel Machado Bark."}, {"id": "7112", "ano": "2026", "numero": "2", "tipo__sigla": "DL", "tipo__descricao": "Decreto Legislativo", "texto_integral": "http://sapl.sarandi.pr.leg.br/media/sapl/public/normajuridica/2026/7112/decreto_legislativo_no_2-2026_sapl.pdf", "ementa": "Concede T\u00edtulo de Cidad\u00e3o Honor\u00e1rio ao senhor Alcides Ferreira."}, {"id": "7111", "ano": "2026", "numero": "1", "tipo__sigla": "DL", "tipo__descricao": "Decreto Legislativo", "texto_integral": "http://sapl.sarandi.pr.leg.br/media/sapl/public/normajuridica/2026/7111/decreto_legislativo_no_1-2026_sapl.pdf", "ementa": "Concede T\u00edtulo de Cidad\u00e3o Honor\u00e1rio ao senhor Luiz Augusto Silva \"Guto Silva\"."}, {"id": "7109", "ano": "2026", "numero": "29", "tipo__sigla": "POR", "tipo__descricao": "Portaria", "texto_integral": "http://sapl.sarandi.pr.leg.br/media/sapl/public/normajuridica/2026/7109/portaria_no_29_sapl.pdf", "ementa": "Concede licen\u00e7a especial ao servidor Vagner Rafael Vaz."}, {"id": "7108", "ano": "2026", "numero": "28", "tipo__sigla": "POR", "tipo__descricao": "Portaria", "texto_integral": "http://sapl.sarandi.pr.leg.br/media/sapl/public/normajuridica/2026/7108/portaria_no_28_sapl.pdf", "ementa": "Designa a servidora Luzia Azevedo Dias para fiscaliza\u00e7\u00e3o de atas de registro de pre\u00e7os."}, {"id": "7116", "ano": "2026", "numero": "3", "tipo__sigla": "ATP", "tipo__descricao": "Ato da Presid\u00eancia", "texto_integral": "http://sapl.sarandi.pr.leg.br/media/sapl/public/normajuridica/2026/7116/ato_da_presidencia_no_3-2026_sapl.pdf", "ementa": "Regulamenta os trabalhos das Comiss\u00f5es Permanentes e Tempor\u00e1rias da C\u00e2mara Municipal de Sarandi, em conformidade com o Regimento Interno da C\u00e2mara Municipal e as exig\u00eancias do Tribunal de Contas do Estado do Paran\u00e1 (TCE-PR)."}, {"id": "7115", "ano": "2026", "numero": "2", "tipo__sigla": "ATP", "tipo__descricao": "Ato da Presid\u00eancia", "texto_integral": "http://sapl.sarandi.pr.leg.br/media/sapl/public/normajuridica/2026/7115/ato_da_presidencia_no_2-2026_sapl.pdf", "ementa": "Disp\u00f5e sobre os procedimentos para registro e justificativa das aus\u00eancias dos(as) vereadores(as) nas sess\u00f5es e reuni\u00f5es da C\u00e2mara Municipal de Sarandi, em conformidade com o Regimento Interno da C\u00e2mara Municipal e as exig\u00eancias do Tribunal de Contas do Estado do Paran\u00e1 (TCE-PR)."}, {"id": "7114", "ano": "2026", "numero": "1", "tipo__sigla": "ATP", "tipo__descricao": "Ato da Presid\u00eancia", "texto_integral": "http://sapl.sarandi.pr.leg.br/media/sapl/public/normajuridica/2026/7114/ato_da_presidencia_no_1-2026_sapl.pdf", "ementa": "Estabelece crit\u00e9rios gerais para a apresenta\u00e7\u00e3o, protocolo, assinatura, encaminhamento e controle das proposi\u00e7\u00f5es dos(as) vereadores(as) no \u00e2mbito da C\u00e2mara Municipal de Sarandi."}, {"id": "7120", "ano": "2026", "numero": "941", "tipo__sigla": "DE", "tipo__descricao": "Decreto Executivo", "texto_integral": "http://sapl.sarandi.pr.leg.br/media/sapl/public/normajuridica/2026/7120/decreto_executivo_no_941-2026.pdf", "ementa": "Abre Cr\u00e9dito Adicional Suplementar e da outras provid\u00eancias."}, {"id": "7127", "ano": "2026", "numero": "512", "tipo__sigla": "LC", "tipo__descricao": "Lei Complementar", "texto_integral": "http://sapl.sarandi.pr.leg.br/media/sapl/public/normajuridica/2026/7127/lei_complementar_no_512-2026_sapl.pdf", "ementa": "Institui o Programa de Regulariza\u00e7\u00e3o de Edifica\u00e7\u00f5es Urbanas do Munic\u00edpio de Sarandi."}, {"id": "7107", "ano": "2026", "numero": "27", "tipo__sigla": "POR", "tipo__descricao": "Portaria", "texto_integral": "http://sapl.sarandi.pr.leg.br/media/sapl/public/normajuridica/2026/7107/portaria_no_27_sapl.pdf", "ementa": "Nomeia Gilmar Boti Junior para o cargo de Assessor Legislativo."}, {"id": "7106", "ano": "2026", "numero": "6", "tipo__sigla": "RES", "tipo__descricao": "Resolu\u00e7\u00e3o", "texto_integral": "http://sapl.sarandi.pr.leg.br/media/sapl/public/normajuridica/2026/7106/resolucao_no_6-2026_sapl.pdf", "ementa": "Institui o Projeto Concurso Fotogr\u00e1fico no \u00e2mbito da C\u00e2mara Municipal de Sarandi."}, {"id": "7105", "ano": "2026", "numero": "5", "tipo__sigla": "RES", "tipo__descricao": "Resolu\u00e7\u00e3o", "texto_integral": "http://sapl.sarandi.pr.leg.br/media/sapl/public/normajuridica/2026/7105/resolucao_no_5-2026_sapl.pdf", "ementa": "Institui a Campanha \"Aluno Altru\u00edsta: Incentivo \u00e0 Cidadania e Doa\u00e7\u00e3o de Sangue\" no \u00e2mbito da C\u00e2mara Municipal de Sarandi."}, {"id": "7104", "ano": "2026", "numero": "4", "tipo__sigla": "RES", "tipo__descricao": "Resolu\u00e7\u00e3o", "texto_integral": "http://sapl.sarandi.pr.leg.br/media/sapl/public/normajuridica/2026/7104/resolucao_no_4-2026_sapl.pdf", "ementa": "Disp\u00f5e sobre a regulamenta\u00e7\u00e3o do processo de grava\u00e7\u00e3o e arquivamento digital das sess\u00f5es legislativas da C\u00e2mara Municipal de Sarandi."}, {"id": "7103", "ano": "2026", "numero": "3", "tipo__sigla": "RES", "tipo__descricao": "Resolu\u00e7\u00e3o", "texto_integral": "http://sapl.sarandi.pr.leg.br/media/sapl/public/normajuridica/2026/7103/resolucao_no_3-2026_sapl.pdf", "ementa": "Institui o Programa Parlamento Jovem no \u00e2mbito da C\u00e2mara Municipal de Sarandi."}, {"id": "7102", "ano": "2026", "numero": "2", "tipo__sigla": "RES", "tipo__descricao": "Resolu\u00e7\u00e3o", "texto_integral": "http://sapl.sarandi.pr.leg.br/media/sapl/public/normajuridica/2026/7102/resolucao_no_2-2026_sapl.pdf", "ementa": "Altera a Resolu\u00e7\u00e3o n\u00ba 6, de 11 de dezembro de 2024, para regulamentar a inscri\u00e7\u00e3o de projetos pedag\u00f3gicos em grupo, ampliar as indica\u00e7\u00f5es ao pr\u00eamio Professor Nota Dez e incluir crit\u00e9rios de avalia\u00e7\u00e3o relativos \u00e0 execu\u00e7\u00e3o dos projetos apresentados."}, {"id": "7101", "ano": "2026", "numero": "1", "tipo__sigla": "RES", "tipo__descricao": "Resolu\u00e7\u00e3o", "texto_integral": "http://sapl.sarandi.pr.leg.br/media/sapl/public/normajuridica/2026/7101/resolucao_no_1-2026_sapl.pdf", "ementa": "Regulamenta, no \u00e2mbito da C\u00e2mara Municipal de Sarandi, Estado do Paran\u00e1, os procedimentos para a celebra\u00e7\u00e3o, execu\u00e7\u00e3o, fiscaliza\u00e7\u00e3o e controle de conv\u00eanios, termos de coopera\u00e7\u00e3o e parcerias cong\u00eaneres, em conformidade com a Lei Federal n\u00ba 14.133, de 1\u00ba de abril de 2021, e com as pr\u00e1ticas de controle e auditoria exigidas pelo Tribunal de Contas do Estado do Paran\u00e1 (TCE-PR)."}, {"id": "7093", "ano": "2026", "numero": "3126", "tipo__sigla": "LEI", "tipo__descricao": "Lei Ordin\u00e1ria", "texto_integral": "http://sapl.sarandi.pr.leg.br/media/sapl/public/normajuridica/2026/7093/lei_no_3126-2026_sapl.pdf", "ementa": "Altera a Lei n\u00ba 3.005, de 30 de janeiro de 2024, e a Lei n\u00ba 3.007, de 30 de janeiro de 2024, para cria uma prote\u00e7\u00e3o especial para os casos de afastamento decorrentes de tratamento e recupera\u00e7\u00e3o de neoplasia maligna (c\u00e2ncer)."}, {"id": "7098", "ano": "2026", "numero": "511", "tipo__sigla": "LC", "tipo__descricao": "Lei Complementar", "texto_integral": "http://sapl.sarandi.pr.leg.br/media/sapl/public/normajuridica/2026/7098/lei_complementar_no_511-2026_sapl.pdf", "ementa": "Altera a Lei Complementar n\u00ba 419, de 29 de agosto de 2022, para atualizar o valor do vale-alimenta\u00e7\u00e3o."}, {"id": "7100", "ano": "2026", "numero": "26", "tipo__sigla": "POR", "tipo__descricao": "Portaria", "texto_integral": "http://sapl.sarandi.pr.leg.br/media/sapl/public/normajuridica/2026/7100/portaria_no_26_sapl.pdf", "ementa": "Concede teletrabalho \u00e0 servidora Suzane Ribeiro Siqueira Azevedo."}, {"id": "7099", "ano": "2026", "numero": "25", "tipo__sigla": "POR", "tipo__descricao": "Portaria", "texto_integral": "http://sapl.sarandi.pr.leg.br/media/sapl/public/normajuridica/2026/7099/portaria_no_25_sapl.pdf", "ementa": "Altera a Portaria n\u00ba 16, de 6 de janeiro de 2025, para atualizar os dias e hor\u00e1rios das reuni\u00f5es."}, {"id": "7097", "ano": "2026", "numero": "510", "tipo__sigla": "LC", "tipo__descricao": "Lei Complementar", "texto_integral": "http://sapl.sarandi.pr.leg.br/media/sapl/public/normajuridica/2026/7097/lei_complementar_no_510-2026_sapl.pdf", "ementa": "Altera a Lei Complementar n\u00ba 413, de 6 de junho de 2022, para refor\u00e7ar a prote\u00e7\u00e3o ambiental, ampliar exig\u00eancias de impacto e contrapartidas urban\u00edsticas, estabelecer limites mais claros para parcelamento e quadras, e detalhar requisitos t\u00e9cnicos para garantir infraestrutura adequada e qualidade urbana."}, {"id": "7096", "ano": "2026", "numero": "509", "tipo__sigla": "LC", "tipo__descricao": "Lei Complementar", "texto_integral": "http://sapl.sarandi.pr.leg.br/media/sapl/public/normajuridica/2026/7096/lei_complementar_no_509-2026_sapl.pdf", "ementa": "Altera a Lei Complementar n\u00ba 412, de 6 de junho de 2022, para alterar em especial o adensamento urbano."}, {"id": "7095", "ano": "2026", "numero": "508", "tipo__sigla": "LC", "tipo__descricao": "Lei Complementar", "texto_integral": "http://sapl.sarandi.pr.leg.br/media/sapl/public/normajuridica/2026/7095/lei_complementar_no_508-2026_sapl.pdf", "ementa": "Altera a Lei Complementar n\u00ba 411, de 6 de junho de 2022, para alterar dimens\u00f5es vi\u00e1rias, regulamentar cal\u00e7adas e rotat\u00f3rias, redefinir polos geradores, e exigir parecer para empreendimentos que causam relevantes impactos na circula\u00e7\u00e3o vi\u00e1ria."}, {"id": "7094", "ano": "2026", "numero": "507", "tipo__sigla": "LC", "tipo__descricao": "Lei Complementar", "texto_integral": "http://sapl.sarandi.pr.leg.br/media/sapl/public/normajuridica/2026/7094/lei_complementar_no_507-2026_sapl.pdf", "ementa": "Altera a Lei Complementar n\u00ba 410, de 6 de junho de 2022, para estabelecer a obrigatoriedade da instala\u00e7\u00e3o de calhas ou rufos nas edifica\u00e7\u00f5es implantadas at\u00e9 a divisa predial, bem como modificar a \u00e1rea m\u00ednima exigida para a constru\u00e7\u00e3o de postos de servi\u00e7os e abastecimento de ve\u00edculos."}, {"id": "7091", "ano": "2026", "numero": "24", "tipo__sigla": "POR", "tipo__descricao": "Portaria", "texto_integral": "http://sapl.sarandi.pr.leg.br/media/sapl/public/normajuridica/2026/7091/portaria_no_24_sapl.pdf", "ementa": "Homologa aprova\u00e7\u00e3o em Avalia\u00e7\u00e3o de Desempenho do servidor Rovilson Jos\u00e9 Arantes e d\u00e1 outras provid\u00eancias."}, {"id": "7088", "ano": "2026", "numero": "23", "tipo__sigla": "POR", "tipo__descricao": "Portaria", "texto_integral": "http://sapl.sarandi.pr.leg.br/media/sapl/public/normajuridica/2026/7088/portaria_no_23_sapl.pdf", "ementa": "Estabelece recesso funcional no dia 18 de fevereiro de 2026 no \u00e2mbito da C\u00e2mara Municipal de Sarandi."}, {"id": "7121", "ano": "2026", "numero": "935", "tipo__sigla": "DE", "tipo__descricao": "Decreto Executivo", "texto_integral": "http://sapl.sarandi.pr.leg.br/media/sapl/public/normajuridica/2026/7121/decreto_executivo_no_935-2026.pdf", "ementa": "Regulamenta o processo de inscri\u00e7\u00e3o, sele\u00e7\u00e3o e cadastro das fam\u00edlias interessadas em ingressar no \"Servi\u00e7o de Acolhimento em Fam\u00edlia Acolhedora\", institu\u00eddo pela Lei Municipal n\u00ba 2997, de 04 de janeiro de 2024."}, {"id": "7090", "ano": "2026", "numero": "933", "tipo__sigla": "DE", "tipo__descricao": "Decreto Executivo", "texto_integral": "http://sapl.sarandi.pr.leg.br/media/sapl/public/normajuridica/2026/7090/decreto_executivo_no_933-2026.pdf", "ementa": "Abre Cr\u00e9dito Adicional Suplementar e da outras provid\u00eancias."}, {"id": "7110", "ano": "2026", "numero": "932", "tipo__sigla": "DE", "tipo__descricao": "Decreto Executivo", "texto_integral": "http://sapl.sarandi.pr.leg.br/media/sapl/public/normajuridica/2026/7110/decreto_executivo_no_932-2026.pdf", "ementa": "Abre Cr\u00e9dito Adicional Suplementar e da outras provid\u00eancias."}, {"id": "7084", "ano": "2026", "numero": "22", "tipo__sigla": "POR", "tipo__descricao": "Portaria", "texto_integral": "http://sapl.sarandi.pr.leg.br/media/sapl/public/normajuridica/2026/7084/portaria_no_22_sapl.pdf", "ementa": "Exonera o servidor Felipe Soares Santiago de Oliveira."}, {"id": "7089", "ano": "2026", "numero": "927", "tipo__sigla": "DE", "tipo__descricao": "Decreto Executivo", "texto_integral": "http://sapl.sarandi.pr.leg.br/media/sapl/public/normajuridica/2026/7089/decreto_executivo_no_927-2026.pdf", "ementa": "Abre Cr\u00e9dito Adicional Suplementar e da outras provid\u00eancias."}, {"id": "7087", "ano": "2026", "numero": "926", "tipo__sigla": "DE", "tipo__descricao": "Decreto Executivo", "texto_integral": "http://sapl.sarandi.pr.leg.br/media/sapl/public/normajuridica/2026/7087/decreto_executivo_no_926-2026.pdf", "ementa": "Abre Cr\u00e9dito Adicional Suplementar e da outras provid\u00eancias."}, {"id": "7152", "ano": "2026", "numero": "925", "tipo__sigla": "DE", "tipo__descricao": "Decreto Executivo", "texto_integral": "http://sapl.sarandi.pr.leg.br/media/sapl/public/normajuridica/2026/7152/decreto_executivo_no_925-2026.pdf", "ementa": "Constitui o Grupo T\u00e9cnico de Trabalho para revis\u00e3o do Plano Municipal de Saneamento B\u00e1sico de Sarandi/PR (PMSB), e d\u00e1 outras provid\u00eancias."}, {"id": "7086", "ano": "2026", "numero": "924", "tipo__sigla": "DE", "tipo__descricao": "Decreto Executivo", "texto_integral": "http://sapl.sarandi.pr.leg.br/media/sapl/public/normajuridica/2026/7086/decreto_executivo_no_924-2026.pdf", "ementa": "Abre Cr\u00e9dito Adicional Suplementar e da outras provid\u00eancias."}, {"id": "7085", "ano": "2026", "numero": "923", "tipo__sigla": "DE", "tipo__descricao": "Decreto Executivo", "texto_integral": "http://sapl.sarandi.pr.leg.br/media/sapl/public/normajuridica/2026/7085/decreto_executivo_no_923-2026.pdf", "ementa": "Abre Cr\u00e9dito Adicional Suplementar e da outras provid\u00eancias."}, {"id": "7075", "ano": "2026", "numero": "21", "tipo__sigla": "POR", "tipo__descricao": "Portaria", "texto_integral": "http://sapl.sarandi.pr.leg.br/media/sapl/public/normajuridica/2026/7075/portaria_no_21_sapl.pdf", "ementa": "Designa servidores para coordena\u00e7\u00e3o, acompanhamento e consolida\u00e7\u00e3o de documentos e informa\u00e7\u00f5es necess\u00e1rias \u00e0 presta\u00e7\u00e3o de contas da C\u00e2mara Municipal, em conformidade com a Nota T\u00e9cnica n\u00ba 38/2025 do Tribunal de Contas do Estado do Paran\u00e1."}, {"id": "7080", "ano": "2026", "numero": "3125", "tipo__sigla": "LEI", "tipo__descricao": "Lei Ordin\u00e1ria", "texto_integral": "http://sapl.sarandi.pr.leg.br/media/sapl/public/normajuridica/2026/7080/lei_no_3125-2026_sapl.pdf", "ementa": "Fixa os subs\u00eddios do Poder Legislativo de Sarandi para a 12\u00aa legislatura (2029-2032)."}, {"id": "7079", "ano": "2026", "numero": "3124", "tipo__sigla": "LEI", "tipo__descricao": "Lei Ordin\u00e1ria", "texto_integral": "http://sapl.sarandi.pr.leg.br/media/sapl/public/normajuridica/2026/7079/lei_no_3124-2026_sapl.pdf", "ementa": "Regulamenta a concess\u00e3o de di\u00e1rias a vereadores e servidores do Poder Legislativo de Sarandi, e d\u00e1 outras provid\u00eancias."}, {"id": "7078", "ano": "2026", "numero": "3123", "tipo__sigla": "LEI", "tipo__descricao": "Lei Ordin\u00e1ria", "texto_integral": "http://sapl.sarandi.pr.leg.br/media/sapl/public/normajuridica/2026/7078/lei_no_3123-2026_sapl.pdf", "ementa": "Altera a Lei n\u00ba 2.685, de 30 de abril de 2021."}, {"id": "7077", "ano": "2026", "numero": "3122", "tipo__sigla": "LEI", "tipo__descricao": "Lei Ordin\u00e1ria", "texto_integral": "http://sapl.sarandi.pr.leg.br/media/sapl/public/normajuridica/2026/7077/lei_no_3122-2026_sapl.pdf", "ementa": "Fixa os subs\u00eddios do Prefeito, Vice-Prefeito e dos Secret\u00e1rios Municipais de Sarandi para a 12\u00aa legislatura (2029-2032) e d\u00e1 outras provid\u00eancias."}, {"id": "7074", "ano": "2026", "numero": "921", "tipo__sigla": "DE", "tipo__descricao": "Decreto Executivo", "texto_integral": "http://sapl.sarandi.pr.leg.br/media/sapl/public/normajuridica/2026/7074/decreto_executivo_no_921-2026.pdf", "ementa": "Abre Cr\u00e9dito Adicional Suplementar e da outras provid\u00eancias."}, {"id": "7073", "ano": "2026", "numero": "920", "tipo__sigla": "DE", "tipo__descricao": "Decreto Executivo", "texto_integral": "http://sapl.sarandi.pr.leg.br/media/sapl/public/normajuridica/2026/7073/decreto_executivo_no_920-2026.pdf", "ementa": "Abre Cr\u00e9dito Adicional Suplementar e da outras provid\u00eancias."}, {"id": "7072", "ano": "2026", "numero": "911", "tipo__sigla": "DE", "tipo__descricao": "Decreto Executivo", "texto_integral": "http://sapl.sarandi.pr.leg.br/media/sapl/public/normajuridica/2026/7072/decreto_executivo_no_911-2026.pdf", "ementa": "Abre Cr\u00e9dito Adicional Suplementar e da outras provid\u00eancias."}, {"id": "7092", "ano": "2026", "numero": "506", "tipo__sigla": "LC", "tipo__descricao": "Lei Complementar", "texto_integral": "http://sapl.sarandi.pr.leg.br/media/sapl/public/normajuridica/2026/7092/lei_complementar_no_506-2026_sapl.pdf", "ementa": "Disp\u00f5e sobre a altera\u00e7\u00e3o da Lei Complementar n\u00ba 424/2022, que disp\u00f5e sobre o plano de cargos, carreira e vencimento dos servidores do Poder Executivo Municipal e d\u00e1 outras provid\u00eancias."}, {"id": "7076", "ano": "2026", "numero": "505", "tipo__sigla": "LC", "tipo__descricao": "Lei Complementar", "texto_integral": "http://sapl.sarandi.pr.leg.br/media/sapl/public/normajuridica/2026/7076/lei_complementar_no_505-2026_sapl.pdf", "ementa": "Altera o Anexo III da Lei Complementar Municipal n\u00ba 115/2005 da maneira que especifica."}, {"id": "7070", "ano": "2026", "numero": "20", "tipo__sigla": "POR", "tipo__descricao": "Portaria", "texto_integral": "http://sapl.sarandi.pr.leg.br/media/sapl/public/normajuridica/2026/7070/portaria_no_20_sapl.pdf", "ementa": "Concede progress\u00e3o funcional por merecimento ao servidor Vagner Rafael Vaz."}, {"id": "7071", "ano": "2026", "numero": "912", "tipo__sigla": "DE", "tipo__descricao": "Decreto Executivo", "texto_integral": "http://sapl.sarandi.pr.leg.br/media/sapl/public/normajuridica/2026/7071/decreto_executivo_no_912-2026_retificacao.pdf", "ementa": "Abre Cr\u00e9dito Adicional Suplementar e da outras provid\u00eancias."}, {"id": "7083", "ano": "2026", "numero": "3", "tipo__sigla": "ATM", "tipo__descricao": "Ato da Mesa", "texto_integral": "http://sapl.sarandi.pr.leg.br/media/sapl/public/normajuridica/2026/7083/ato_da_mesa_no_3-2026_sapl.pdf", "ementa": "Disp\u00f5e sobre o exerc\u00edcio do mandato dos vereadores mirins para a 4\u00aa Legislatura."}, {"id": "7082", "ano": "2026", "numero": "2", "tipo__sigla": "ATM", "tipo__descricao": "Ato da Mesa", "texto_integral": "http://sapl.sarandi.pr.leg.br/media/sapl/public/normajuridica/2026/7082/ato_da_mesa_no_2-2026_sapl.pdf", "ementa": "Disp\u00f5e sobre a diploma\u00e7\u00e3o e a posse dos vereadores mirins e da Mesa Diretora."}, {"id": "7081", "ano": "2026", "numero": "1", "tipo__sigla": "ATM", "tipo__descricao": "Ato da Mesa", "texto_integral": "http://sapl.sarandi.pr.leg.br/media/sapl/public/normajuridica/2026/7081/ato_da_mesa_no_1-2026_sapl.pdf", "ementa": "Disp\u00f5e sobre a elei\u00e7\u00e3o do Programa Vereador Mirim 2026."}, {"id": "7069", "ano": "2026", "numero": "915", "tipo__sigla": "DE", "tipo__descricao": "Decreto Executivo", "texto_integral": "http://sapl.sarandi.pr.leg.br/media/sapl/public/normajuridica/2026/7069/decreto_executivo_no_915-2026.pdf", "ementa": "Abre Cr\u00e9dito Adicional Suplementar e da outras provid\u00eancias."}, {"id": "7068", "ano": "2026", "numero": "914", "tipo__sigla": "DE", "tipo__descricao": "Decreto Executivo", "texto_integral": "http://sapl.sarandi.pr.leg.br/media/sapl/public/normajuridica/2026/7068/decreto_executivo_no_914-2026.pdf", "ementa": "Abre Cr\u00e9dito Adicional Suplementar e da outras provid\u00eancias."}, {"id": "7067", "ano": "2026", "numero": "913", "tipo__sigla": "DE", "tipo__descricao": "Decreto Executivo", "texto_integral": "http://sapl.sarandi.pr.leg.br/media/sapl/public/normajuridica/2026/7067/decreto_executivo_no_913-2026.pdf", "ementa": "Abre Cr\u00e9dito Adicional Suplementar e da outras provid\u00eancias."}, {"id": "7066", "ano": "2026", "numero": "910", "tipo__sigla": "DE", "tipo__descricao": "Decreto Executivo", "texto_integral": "http://sapl.sarandi.pr.leg.br/media/sapl/public/normajuridica/2026/7066/decreto_executivo_no_910-2026.pdf", "ementa": "Abre Cr\u00e9dito Adicional Suplementar e da outras provid\u00eancias."}, {"id": "7062", "ano": "2026", "numero": "19", "tipo__sigla": "POR", "tipo__descricao": "Portaria", "texto_integral": "http://sapl.sarandi.pr.leg.br/media/sapl/public/normajuridica/2026/7062/portaria_no_19_sapl.pdf", "ementa": "Nomeia Thaisa Cristina Almeida Chagas Silva para o cargo de Assessora Legislativa."}, {"id": "7065", "ano": "2026", "numero": "907", "tipo__sigla": "DE", "tipo__descricao": "Decreto Executivo", "texto_integral": "http://sapl.sarandi.pr.leg.br/media/sapl/public/normajuridica/2026/7065/decreto_executivo_no_907-2026.pdf", "ementa": "Abre Cr\u00e9dito Adicional Suplementar e da outras provid\u00eancias."}, {"id": "7064", "ano": "2026", "numero": "905", "tipo__sigla": "DE", "tipo__descricao": "Decreto Executivo", "texto_integral": "http://sapl.sarandi.pr.leg.br/media/sapl/public/normajuridica/2026/7064/decreto_executivo_no_905-2026.pdf", "ementa": "Abre Cr\u00e9dito Adicional Suplementar e da outras provid\u00eancias."}, {"id": "7063", "ano": "2026", "numero": "904", "tipo__sigla": "DE", "tipo__descricao": "Decreto Executivo", "texto_integral": "http://sapl.sarandi.pr.leg.br/media/sapl/public/normajuridica/2026/7063/decreto_executivo_no_904-2026.pdf", "ementa": "Abre Cr\u00e9dito Adicional Suplementar e da outras provid\u00eancias."}, {"id": "7060", "ano": "2026", "numero": "18", "tipo__sigla": "POR", "tipo__descricao": "Portaria", "texto_integral": "http://sapl.sarandi.pr.leg.br/media/sapl/public/normajuridica/2026/7060/portaria_no_18_sapl.pdf", "ementa": "Disp\u00f5e sobre o calend\u00e1rio de pagamentos dos vencimentos, subs\u00eddios e demais vantagens dos servidores e agentes pol\u00edticos da C\u00e2mara Municipal de Sarandi no ano de 2026."}, {"id": "7059", "ano": "2026", "numero": "17", "tipo__sigla": "POR", "tipo__descricao": "Portaria", "texto_integral": "http://sapl.sarandi.pr.leg.br/media/sapl/public/normajuridica/2026/7059/portaria_no_17_sapl.pdf", "ementa": "Disp\u00f5e sobre o Calend\u00e1rio de Feriados e dias de pontos facultativos na C\u00e2mara Municipal de Sarandi no ano de 2026."}, {"id": "7057", "ano": "2026", "numero": "902", "tipo__sigla": "DE", "tipo__descricao": "Decreto Executivo", "texto_integral": "http://sapl.sarandi.pr.leg.br/media/sapl/public/normajuridica/2026/7057/decreto_executivo_no_902-2026.pdf", "ementa": "Abre Cr\u00e9dito Adicional Suplementar e da outras provid\u00eancias."}, {"id": "7058", "ano": "2026", "numero": "504", "tipo__sigla": "LC", "tipo__descricao": "Lei Complementar", "texto_integral": "http://sapl.sarandi.pr.leg.br/media/sapl/public/normajuridica/2026/7058/lei_complementar_no_504-2026_sapl.pdf", "ementa": "Altera a Lei Complementar n\u00ba 70, de 26 de dezembro de 2001, para modificar as condi\u00e7\u00f5es de pagamento da Taxa de Coleta e Disposi\u00e7\u00e3o Final do Lixo, ampliando o parcelamento para cinco presta\u00e7\u00f5es e redefinindo as datas de vencimento."}, {"id": "7055", "ano": "2026", "numero": "16", "tipo__sigla": "POR", "tipo__descricao": "Portaria", "texto_integral": "http://sapl.sarandi.pr.leg.br/media/sapl/public/normajuridica/2026/7055/portaria_no_16_sapl.pdf", "ementa": "Concede progress\u00e3o funcional por capacita\u00e7\u00e3o ao servidor Jo\u00e3o Lucas Figueiredo de Lima."}, {"id": "7056", "ano": "2026", "numero": "901", "tipo__sigla": "DE", "tipo__descricao": "Decreto Executivo", "texto_integral": "http://sapl.sarandi.pr.leg.br/media/sapl/public/normajuridica/2026/7056/decreto_executivo_no_901-2026.pdf", "ementa": "Abre Cr\u00e9dito Adicional Suplementar e da outras provid\u00eancias."}, {"id": "7054", "ano": "2026", "numero": "3121", "tipo__sigla": "LEI", "tipo__descricao": "Lei Ordin\u00e1ria", "texto_integral": "http://sapl.sarandi.pr.leg.br/media/sapl/public/normajuridica/2026/7054/lei_no_3121-2026_sapl.pdf", "ementa": "Concede reposi\u00e7\u00e3o salarial e ganho real aos servidores pertencentes ao quadro de pessoal estatut\u00e1rio ativo, inativo e pensionista, e de provimento em comiss\u00e3o da C\u00e2mara Municipal de Sarandi."}, {"id": "7053", "ano": "2026", "numero": "3120", "tipo__sigla": "LEI", "tipo__descricao": "Lei Ordin\u00e1ria", "texto_integral": "http://sapl.sarandi.pr.leg.br/media/sapl/public/normajuridica/2026/7053/lei_no_3120-2026_sapl.pdf", "ementa": "Fixa o subs\u00eddio mensal dos membros do Conselho Tutelar."}, {"id": "7052", "ano": "2026", "numero": "3119", "tipo__sigla": "LEI", "tipo__descricao": "Lei Ordin\u00e1ria", "texto_integral": "http://sapl.sarandi.pr.leg.br/media/sapl/public/normajuridica/2026/7052/lei_no_3119-2026_sapl.pdf", "ementa": "Concede reposi\u00e7\u00e3o salarial aos servidores pertencentes ao quadro de pessoal estatut\u00e1rio ativo, inativo e pensionista, e de provimento em comiss\u00e3o do Poder Executivo Municipal."}, {"id": "7051", "ano": "2026", "numero": "3118", "tipo__sigla": "LEI", "tipo__descricao": "Lei Ordin\u00e1ria", "texto_integral": "http://sapl.sarandi.pr.leg.br/media/sapl/public/normajuridica/2026/7051/lei_no_3118-2026_sapl.pdf", "ementa": "Fixa o piso m\u00ednimo de vencimentos dos servidores p\u00fablicos municipais de Sarandi."}, {"id": "7050", "ano": "2026", "numero": "898", "tipo__sigla": "DE", "tipo__descricao": "Decreto Executivo", "texto_integral": "http://sapl.sarandi.pr.leg.br/media/sapl/public/normajuridica/2026/7050/decreto_executivo_no_898-2025.pdf", "ementa": "Abre Cr\u00e9dito Adicional Suplementar e da outras provid\u00eancias."}, {"id": "7061", "ano": "2026", "numero": "867", "tipo__sigla": "DE", "tipo__descricao": "Decreto Executivo", "texto_integral": "http://sapl.sarandi.pr.leg.br/media/sapl/public/normajuridica/2026/7061/decreto_executivo_no_867-2026.pdf", "ementa": "Cronograma de Execu\u00e7\u00e3o de Desembolso para o exerc\u00edcio de 2026."}, {"id": "7040", "ano": "2026", "numero": "15", "tipo__sigla": "POR", "tipo__descricao": "Portaria", "texto_integral": "http://sapl.sarandi.pr.leg.br/media/sapl/public/normajuridica/2026/7040/portaria_no_15_sapl.pdf", "ementa": "Concede progress\u00e3o funcional por capacita\u00e7\u00e3o ao servidor Jo\u00e3o Lucas Figueiredo de Lima."}, {"id": "7039", "ano": "2026", "numero": "14", "tipo__sigla": "POR", "tipo__descricao": "Portaria", "texto_integral": "http://sapl.sarandi.pr.leg.br/media/sapl/public/normajuridica/2026/7039/portaria_no_14_sapl.pdf", "ementa": "Concede progress\u00e3o funcional por capacita\u00e7\u00e3o ao servidor Jo\u00e3o Lucas Figueiredo de Lima."}, {"id": "7038", "ano": "2026", "numero": "13", "tipo__sigla": "POR", "tipo__descricao": "Portaria", "texto_integral": "http://sapl.sarandi.pr.leg.br/media/sapl/public/normajuridica/2026/7038/portaria_no_13_sapl.pdf", "ementa": "Concede estabilidade funcional ao servidor Jo\u00e3o Lucas Figueiredo de Lima e d\u00e1 outras provid\u00eancias."}, {"id": "7037", "ano": "2026", "numero": "12", "tipo__sigla": "POR", "tipo__descricao": "Portaria", "texto_integral": "http://sapl.sarandi.pr.leg.br/media/sapl/public/normajuridica/2026/7037/portaria_no_12_sapl.pdf", "ementa": "Disp\u00f5e sobre a atualiza\u00e7\u00e3o do valor do aux\u00edlio-transporte dos servidores, conforme o \u00cdndice de Pre\u00e7os ao Consumidor Amplo (IPCA) acumulado nos 12 meses anteriores."}, {"id": "7041", "ano": "2026", "numero": "1", "tipo__sigla": "EDA", "tipo__descricao": "Edital - Audi\u00eancia", "texto_integral": "http://sapl.sarandi.pr.leg.br/media/sapl/public/normajuridica/2026/7041/edital_no_1_2026_sapl.pdf", "ementa": "Projeto de Lei Complementar n\u00ba 666/2026 , do Poder Executivo Municipal, o qual \u201cInstitui o Programa de Regulariza\u00e7\u00e3o de Edifica\u00e7\u00f5es Urbanas do Munic\u00edpio de Sarandi.\u201d;"}, {"id": "7036", "ano": "2026", "numero": "3117", "tipo__sigla": "LEI", "tipo__descricao": "Lei Ordin\u00e1ria", "texto_integral": "http://sapl.sarandi.pr.leg.br/media/sapl/public/normajuridica/2026/7036/lei_no_3117-2026_sapl.pdf", "ementa": "Concede T\u00edtulo de Utilidade P\u00fablica \u00e0 Associa\u00e7\u00e3o de Cegos de Sarandi (Acesa)."}, {"id": "7035", "ano": "2026", "numero": "3116", "tipo__sigla": "LEI", "tipo__descricao": "Lei Ordin\u00e1ria", "texto_integral": "http://sapl.sarandi.pr.leg.br/media/sapl/public/normajuridica/2026/7035/lei_no_3116-2026_sapl.pdf", "ementa": "Concede T\u00edtulo de Utilidade P\u00fablica \u00e0 Cooperativa de Transforma\u00e7\u00e3o e Comercializa\u00e7\u00e3o de Pl\u00e1sticos e Materiais Recicl\u00e1veis de Sarandi (COOPERECOLOGICA)."}, {"id": "7034", "ano": "2026", "numero": "3115", "tipo__sigla": "LEI", "tipo__descricao": "Lei Ordin\u00e1ria", "texto_integral": "http://sapl.sarandi.pr.leg.br/media/sapl/public/normajuridica/2026/7034/lei_no_3115-2026_sapl.pdf", "ementa": "Concede T\u00edtulo de Utilidade P\u00fablica \u00e0 Associa\u00e7\u00e3o Social, Cultural, Educacional e Esportiva Meninos e Meninas de Vila."}, {"id": "7049", "ano": "2026", "numero": "897", "tipo__sigla": "DE", "tipo__descricao": "Decreto Executivo", "texto_integral": "http://sapl.sarandi.pr.leg.br/media/sapl/public/normajuridica/2026/7049/decreto_executivo_no_897-2025.pdf", "ementa": "Abre Cr\u00e9dito Adicional Suplementar e da outras provid\u00eancias."}, {"id": "7048", "ano": "2026", "numero": "896", "tipo__sigla": "DE", "tipo__descricao": "Decreto Executivo", "texto_integral": "http://sapl.sarandi.pr.leg.br/media/sapl/public/normajuridica/2026/7048/decreto_executivo_no_896-2025.pdf", "ementa": "Abre Cr\u00e9dito Adicional Suplementar e da outras provid\u00eancias."}, {"id": "7047", "ano": "2026", "numero": "895", "tipo__sigla": "DE", "tipo__descricao": "Decreto Executivo", "texto_integral": "http://sapl.sarandi.pr.leg.br/media/sapl/public/normajuridica/2026/7047/decreto_executivo_no_895-2025.pdf", "ementa": "Abre Cr\u00e9dito Adicional Suplementar e da outras provid\u00eancias."}, {"id": "7033", "ano": "2026", "numero": "3114", "tipo__sigla": "LEI", "tipo__descricao": "Lei Ordin\u00e1ria", "texto_integral": "http://sapl.sarandi.pr.leg.br/media/sapl/public/normajuridica/2026/7033/lei_3.114-2026_sapl.pdf", "ementa": "Denomina de Quadra Poliesportiva  Adelina Ferreira dos Santos, a Quadra Poliesportiva situada na Rua Jos\u00e9 Galindo Garc\u00eda, Jardim das Flores III Parte."}, {"id": "7032", "ano": "2026", "numero": "3113", "tipo__sigla": "LEI", "tipo__descricao": "Lei Ordin\u00e1ria", "texto_integral": "http://sapl.sarandi.pr.leg.br/media/sapl/public/normajuridica/2026/7032/lei_no_3113-2026_sapl.pdf", "ementa": "Autoriza a concess\u00e3o de direito real de uso de im\u00f3vel da municipalidade, na forma que especifica."}, {"id": "7031", "ano": "2026", "numero": "3112", "tipo__sigla": "LEI", "tipo__descricao": "Lei Ordin\u00e1ria", "texto_integral": "http://sapl.sarandi.pr.leg.br/media/sapl/public/normajuridica/2026/7031/lei_no_3112-2026_sapl.pdf", "ementa": "Altera a Lei Municipal n\u00ba 2.860, de 13 de setembro de 2022, alterada pelas Leis n\u00ba 2.898/2023 e n\u00ba 3.048/2024, e d\u00e1 outras provid\u00eancias."}, {"id": "7029", "ano": "2026", "numero": "3111", "tipo__sigla": "LEI", "tipo__descricao": "Lei Ordin\u00e1ria", "texto_integral": "http://sapl.sarandi.pr.leg.br/media/sapl/public/normajuridica/2026/7029/lei_no_3111-2026_sapl.pdf", "ementa": "Disp\u00f5e sobre a cria\u00e7\u00e3o e denomina\u00e7\u00e3o do Centro Municipal de Educa\u00e7\u00e3o Infantil (CMEI) Escritor Ziraldo, e d\u00e1 outras provid\u00eancias."}, {"id": "7028", "ano": "2026", "numero": "3110", "tipo__sigla": "LEI", "tipo__descricao": "Lei Ordin\u00e1ria", "texto_integral": "http://sapl.sarandi.pr.leg.br/media/sapl/public/normajuridica/2026/7028/lei_no_3110-2026_sapl.pdf", "ementa": "Disp\u00f5e sobre a cria\u00e7\u00e3o e denomina\u00e7\u00e3o do Centro Municipal de Educa\u00e7\u00e3o Infantil (CMEI) \u201cPequeno Pr\u00edncipe\u201d e d\u00e1 outras provid\u00eancias."}, {"id": "7027", "ano": "2026", "numero": "3109", "tipo__sigla": "LEI", "tipo__descricao": "Lei Ordin\u00e1ria", "texto_integral": "http://sapl.sarandi.pr.leg.br/media/sapl/public/normajuridica/2026/7027/lei_no_3109-2026_sapl.pdf", "ementa": "Autoriza o Poder Executivo a denominar como \u201cJos\u00e9 L\u00e1zaro Pereira\u201d o Centro Municipal de Educa\u00e7\u00e3o Infantil (CMEI) localizado no Jardim Nova Sarandi III, na forma que especifica."}, {"id": "7046", "ano": "2026", "numero": "889", "tipo__sigla": "DE", "tipo__descricao": "Decreto Executivo", "texto_integral": "http://sapl.sarandi.pr.leg.br/media/", "ementa": "Realiza o reajuste do Aux\u00edlio Alimenta\u00e7\u00e3o dos Servidores Municipais, na forma que especifica."}, {"id": "7024", "ano": "2026", "numero": "11", "tipo__sigla": "POR", "tipo__descricao": "Portaria", "texto_integral": "http://sapl.sarandi.pr.leg.br/media/sapl/public/normajuridica/2026/7024/portaria_no_11_sapl.pdf", "ementa": "Concede progress\u00e3o funcional por capacita\u00e7\u00e3o ao servidor Wesley Henrique Sanguino."}, {"id": "7045", "ano": "2026", "numero": "888", "tipo__sigla": "DE", "tipo__descricao": "Decreto Executivo", "texto_integral": "http://sapl.sarandi.pr.leg.br/media/sapl/public/normajuridica/2026/7045/decreto_executivo_no_888-2025.pdf", "ementa": "Abre Cr\u00e9dito Adicional Suplementar e da outras provid\u00eancias."}, {"id": "7044", "ano": "2026", "numero": "887", "tipo__sigla": "DE", "tipo__descricao": "Decreto Executivo", "texto_integral": "http://sapl.sarandi.pr.leg.br/media/sapl/public/normajuridica/2026/7044/decreto_executivo_no_887-2025.pdf", "ementa": "Abre Cr\u00e9dito Adicional Suplementar e da outras provid\u00eancias."}, {"id": "7026", "ano": "2026", "numero": "886", "tipo__sigla": "DE", "tipo__descricao": "Decreto Executivo", "texto_integral": "http://sapl.sarandi.pr.leg.br/media/sapl/public/normajuridica/2026/7026/decreto_executivo_no_886-2025.pdf", "ementa": "Revoga a cess\u00e3o de servidores, na forma que especifica"}, {"id": "7025", "ano": "2026", "numero": "885", "tipo__sigla": "DE", "tipo__descricao": "Decreto Executivo", "texto_integral": "http://sapl.sarandi.pr.leg.br/media/sapl/public/normajuridica/2026/7025/decreto_executivo_no_885-2025.pdf", "ementa": "Nomeia membros titulares e suplentes para compor o Conselho de Previd\u00eancia da Caixa de Aposentadoria e Pens\u00e3o dos Servidores Municipais de Sarandi, para o quadri\u00eanio janeiro/2026 a dezembro/2029."}, {"id": "7023", "ano": "2026", "numero": "10", "tipo__sigla": "POR", "tipo__descricao": "Portaria", "texto_integral": "http://sapl.sarandi.pr.leg.br/media/sapl/public/normajuridica/2026/7023/portaria_no_10_sapl.pdf", "ementa": "Concede progress\u00e3o funcional por capacita\u00e7\u00e3o ao servidor Wesley Henrique Sanguino."}, {"id": "7022", "ano": "2026", "numero": "9", "tipo__sigla": "POR", "tipo__descricao": "Portaria", "texto_integral": "http://sapl.sarandi.pr.leg.br/media/sapl/public/normajuridica/2026/7022/portaria_no_9_sapl.pdf", "ementa": "Concede progress\u00e3o funcional por capacita\u00e7\u00e3o \u00e0 servidora Kauana Pereira de Souza."}, {"id": "7021", "ano": "2026", "numero": "8", "tipo__sigla": "POR", "tipo__descricao": "Portaria", "texto_integral": "http://sapl.sarandi.pr.leg.br/media/sapl/public/normajuridica/2026/7021/portaria_no_8_sapl.pdf", "ementa": "Concede progress\u00e3o funcional por capacita\u00e7\u00e3o \u00e0 servidora Regiane Zaparolli Figueiredo."}, {"id": "7020", "ano": "2026", "numero": "7", "tipo__sigla": "POR", "tipo__descricao": "Portaria", "texto_integral": "http://sapl.sarandi.pr.leg.br/media/sapl/public/normajuridica/2026/7020/portaria_no_7_sapl.pdf", "ementa": "Concede progress\u00e3o funcional por capacita\u00e7\u00e3o ao servidor Wesley Henrique Sanguino."}, {"id": "7019", "ano": "2026", "numero": "6", "tipo__sigla": "POR", "tipo__descricao": "Portaria", "texto_integral": "http://sapl.sarandi.pr.leg.br/media/sapl/public/normajuridica/2026/7019/portaria_no_6_sapl.pdf", "ementa": "Concede progress\u00e3o funcional por capacita\u00e7\u00e3o \u00e0 servidora Kauana Pereira de Souza."}, {"id": "7018", "ano": "2026", "numero": "5", "tipo__sigla": "POR", "tipo__descricao": "Portaria", "texto_integral": "http://sapl.sarandi.pr.leg.br/media/sapl/public/normajuridica/2026/7018/portaria_no_5_sapl.pdf", "ementa": "Concede progress\u00e3o funcional por capacita\u00e7\u00e3o \u00e0 servidora Regiane Zaparolli Figueiredo."}, {"id": "7017", "ano": "2026", "numero": "4", "tipo__sigla": "POR", "tipo__descricao": "Portaria", "texto_integral": "http://sapl.sarandi.pr.leg.br/media/sapl/public/normajuridica/2026/7017/portaria_no_4_sapl.pdf", "ementa": "Concede estabilidade funcional ao servidor Wesley Henrique Sanguino e d\u00e1 outras provid\u00eancias."}, {"id": "7016", "ano": "2026", "numero": "3", "tipo__sigla": "POR", "tipo__descricao": "Portaria", "texto_integral": "http://sapl.sarandi.pr.leg.br/media/sapl/public/normajuridica/2026/7016/portaria_no_3_sapl.pdf", "ementa": "Concede estabilidade funcional \u00e0 servidora Kauana Pereira de Souza e d\u00e1 outras provid\u00eancias."}, {"id": "7015", "ano": "2026", "numero": "2", "tipo__sigla": "POR", "tipo__descricao": "Portaria", "texto_integral": "http://sapl.sarandi.pr.leg.br/media/", "ementa": "Concede estabilidade funcional \u00e0 servidora Regiane Zaparolli Figueiredo e d\u00e1 outras provid\u00eancias."}, {"id": "7043", "ano": "2026", "numero": "879", "tipo__sigla": "DE", "tipo__descricao": "Decreto Executivo", "texto_integral": "http://sapl.sarandi.pr.leg.br/media/sapl/public/normajuridica/2026/7043/decreto_executivo_no_879-2025.pdf", "ementa": "Abre Cr\u00e9dito Adicional Suplementar e da outras provid\u00eancias."}, {"id": "7042", "ano": "2026", "numero": "878", "tipo__sigla": "DE", "tipo__descricao": "Decreto Executivo", "texto_integral": "http://sapl.sarandi.pr.leg.br/media/sapl/public/normajuridica/2026/7042/decreto_executivo_no_878-2025.pdf", "ementa": "Abre Cr\u00e9dito Adicional Suplementar e da outras provid\u00eancias."}, {"id": "7013", "ano": "2026", "numero": "1", "tipo__sigla": "POR", "tipo__descricao": "Portaria", "texto_integral": "http://sapl.sarandi.pr.leg.br/media/sapl/public/normajuridica/2026/7013/portaria_no_1_sapl.pdf", "ementa": "Concede progress\u00e3o funcional por capacita\u00e7\u00e3o \u00e0 servidora Luzia Azevedo Dias."}, {"id": "6997", "ano": "2025", "numero": "503", "tipo__sigla": "LC", "tipo__descricao": "Lei Complementar", "texto_integral": "http://sapl.sarandi.pr.leg.br/media/sapl/public/normajuridica/2025/6997/lei_complementar_503-2025_sapl.pdf", "ementa": "Altera a Lei Complementar n\u00ba 70, de 26 de dezembro de 2001, que \u201cDisp\u00f5e sobre o Sistema Tribut\u00e1rio do Munic\u00edpio de Sarandi e d\u00e1 outras provid\u00eancias (C\u00f3digo Tribut\u00e1rio).\u201d."}, {"id": "6992", "ano": "2025", "numero": "6", "tipo__sigla": "ATP", "tipo__descricao": "Ato da Presid\u00eancia", "texto_integral": "http://sapl.sarandi.pr.leg.br/media/sapl/public/normajuridica/2025/6992/ato_da_presidencia_no_6-2025_sapl.pdf", "ementa": "Transfere a pauta das 27\u00aa e 28\u00aa Sess\u00f5es Extraordin\u00e1rias dos dias 26 e 27 de dezembro de2025, para os dias 29 e 30 de dezembro de 2025."}, {"id": "6995", "ano": "2025", "numero": "3108", "tipo__sigla": "LEI", "tipo__descricao": "Lei Ordin\u00e1ria", "texto_integral": "http://sapl.sarandi.pr.leg.br/media/sapl/public/normajuridica/2025/6995/lei_3108-2025_sapl.pdf", "ementa": "Estima a Receita e fixa a Despesa do Munic\u00edpio de Sarandi para o exerc\u00edcio de 2026, na forma que especifica."}, {"id": "6994", "ano": "2025", "numero": "3107", "tipo__sigla": "LEI", "tipo__descricao": "Lei Ordin\u00e1ria", "texto_integral": "http://sapl.sarandi.pr.leg.br/media/sapl/public/normajuridica/2025/6994/lei_3107-2025_sapl.pdf", "ementa": "Disp\u00f5e sobre a altera\u00e7\u00e3o dos Anexos do PPA - Plano Plurianual do Munic\u00edpio de Sarandi do quadri\u00eanio 2026 a 2029, na forma que especifica."}, {"id": "6993", "ano": "2025", "numero": "3106", "tipo__sigla": "LEI", "tipo__descricao": "Lei Ordin\u00e1ria", "texto_integral": "http://sapl.sarandi.pr.leg.br/media/sapl/public/normajuridica/2025/6993/lei_3106-2025_sapl.pdf", "ementa": "Disp\u00f5e sobre a altera\u00e7\u00e3o do Anexo de Metas e Prioridades e Anexos de Metas Fiscais da Lei de Diretrizes Or\u00e7ament\u00e1rias - LDO, do exerc\u00edcio de 2026, na forma que especifica."}, {"id": "7014", "ano": "2025", "numero": "854", "tipo__sigla": "DE", "tipo__descricao": "Decreto Executivo", "texto_integral": "http://sapl.sarandi.pr.leg.br/media/sapl/public/normajuridica/2025/7014/decreto_executivo_no_854-2025.pdf", "ementa": "Abre Cr\u00e9dito Adicional Suplementar e da outras provid\u00eancias."}, {"id": "7011", "ano": "2025", "numero": "853", "tipo__sigla": "DE", "tipo__descricao": "Decreto Executivo", "texto_integral": "http://sapl.sarandi.pr.leg.br/media/sapl/public/normajuridica/2025/7011/decreto_executivo_no_853-2025.pdf", "ementa": "Fixa o valor da unidade Fiscal Padr\u00e3o de Sarandi - UFPS, para o exerc\u00edcio de 2.026, na forma que especifica ."}, {"id": "7010", "ano": "2025", "numero": "852", "tipo__sigla": "DE", "tipo__descricao": "Decreto Executivo", "texto_integral": "http://sapl.sarandi.pr.leg.br/media/sapl/public/normajuridica/2025/7010/decreto_executivo_no_852-2025.pdf", "ementa": "Disp\u00f5e sobre a atualiza\u00e7\u00e3o dos valores de lan\u00e7amento do Imposto Predial e Territorial Urbano \u2013 IPTU para o exerc\u00edcio de 2.026, na forma que\r\nespecifica."}, {"id": "7009", "ano": "2025", "numero": "851", "tipo__sigla": "DE", "tipo__descricao": "Decreto Executivo", "texto_integral": "http://sapl.sarandi.pr.leg.br/media/sapl/public/normajuridica/2025/7009/decreto_executivo_no_851-2025.pdf", "ementa": "Determina a entrega dos Carnes de IPTU e COLETA E DESTINO DO LIXO para o exerc\u00edcio 2026 atrav\u00e9s da Empresa Brasileira de Correios e Tel\u00e9grafos."}, {"id": "7008", "ano": "2025", "numero": "850", "tipo__sigla": "DE", "tipo__descricao": "Decreto Executivo", "texto_integral": "http://sapl.sarandi.pr.leg.br/media/sapl/public/normajuridica/2025/7008/decreto_executivo_no_850-2025.pdf", "ementa": "Fixa numero de parcelas e datas de vencimentos para pagamento do IPTU, para o exerc\u00edcio de 2026, na forma que especifica."}, {"id": "7006", "ano": "2025", "numero": "849", "tipo__sigla": "DE", "tipo__descricao": "Decreto Executivo", "texto_integral": "http://sapl.sarandi.pr.leg.br/media/sapl/public/normajuridica/2025/7006/decreto_executivo_no_849-2025.pdf", "ementa": "Abre Cr\u00e9dito Adicional Suplementar e da outras provid\u00eancias."}, {"id": "7005", "ano": "2025", "numero": "848", "tipo__sigla": "DE", "tipo__descricao": "Decreto Executivo", "texto_integral": "http://sapl.sarandi.pr.leg.br/media/sapl/public/normajuridica/2025/7005/decreto_executivo_no_848-2025.pdf", "ementa": "Abre Cr\u00e9dito Adicional Suplementar e da outras provid\u00eancias."}, {"id": "7004", "ano": "2025", "numero": "846", "tipo__sigla": "DE", "tipo__descricao": "Decreto Executivo", "texto_integral": "http://sapl.sarandi.pr.leg.br/media/sapl/public/normajuridica/2025/7004/decreto_executivo_no_846-2025.pdf", "ementa": "Abre Cr\u00e9dito Adicional Suplementar e da outras provid\u00eancias."}, {"id": "7003", "ano": "2025", "numero": "845", "tipo__sigla": "DE", "tipo__descricao": "Decreto Executivo", "texto_integral": "http://sapl.sarandi.pr.leg.br/media/sapl/public/normajuridica/2025/7003/decreto_executivo_no_845-2025.pdf", "ementa": "Abre Cr\u00e9dito Adicional Suplementar e da outras provid\u00eancias."}, {"id": "7002", "ano": "2025", "numero": "844", "tipo__sigla": "DE", "tipo__descricao": "Decreto Executivo", "texto_integral": "http://sapl.sarandi.pr.leg.br/media/sapl/public/normajuridica/2025/7002/decreto_executivo_no_844-2025.pdf", "ementa": "Abre Cr\u00e9dito Adicional Suplementar e da outras provid\u00eancias."}, {"id": "7001", "ano": "2025", "numero": "843", "tipo__sigla": "DE", "tipo__descricao": "Decreto Executivo", "texto_integral": "http://sapl.sarandi.pr.leg.br/media/sapl/public/normajuridica/2025/7001/decreto_executivo_no_843-2025.pdf", "ementa": "Abre Cr\u00e9dito Adicional Suplementar e da outras provid\u00eancias."}, {"id": "7007", "ano": "2025", "numero": "841", "tipo__sigla": "DE", "tipo__descricao": "Decreto Executivo", "texto_integral": "http://sapl.sarandi.pr.leg.br/media/sapl/public/normajuridica/2025/7007/decreto_executivo_no_841-2025.pdf", "ementa": "Altera dispositivos do Decreto Municipal n\u00ba 1.759/2023 que disp\u00f5e sobre a execu\u00e7\u00e3o de despesas de pequenas montas vinculadas ao Programa de Acolhimento Institucional Municipal \u2013 PAIM, para prever a disponibiliza\u00e7\u00e3o de recursos emergenciais, e d\u00e1 outras provid\u00eancias."}, {"id": "6998", "ano": "2025", "numero": "840", "tipo__sigla": "DE", "tipo__descricao": "Decreto Executivo", "texto_integral": "http://sapl.sarandi.pr.leg.br/media/sapl/public/normajuridica/2025/6998/decreto_executivo_no_840-2025.pdf", "ementa": "Abre Cr\u00e9dito Adicional Suplementar e da outras provid\u00eancias."}, {"id": "6999", "ano": "2025", "numero": "838", "tipo__sigla": "DE", "tipo__descricao": "Decreto Executivo", "texto_integral": "http://sapl.sarandi.pr.leg.br/media/sapl/public/normajuridica/2025/6999/decreto_executivo_no_838-2025.pdf", "ementa": "Disp\u00f5e sobre o ponto facultativo nas reparti\u00e7\u00f5es p\u00fablicas municipais, na forma que especifica."}, {"id": "7012", "ano": "2025", "numero": "839", "tipo__sigla": "DE", "tipo__descricao": "Decreto Executivo", "texto_integral": "http://sapl.sarandi.pr.leg.br/media/sapl/public/normajuridica/2025/7012/decreto_executivo_no_839-2025.pdf", "ementa": "Abre Cr\u00e9dito Adicional Suplementar e da outras provid\u00eancias."}, {"id": "6996", "ano": "2025", "numero": "502", "tipo__sigla": "LC", "tipo__descricao": "Lei Complementar", "texto_integral": "http://sapl.sarandi.pr.leg.br/media/sapl/public/normajuridica/2025/6996/lei_complementar_502-2025_sapl.pdf", "ementa": "Altera dispositivos da Lei Complementar n\u00ba 70, de 26 de dezembro de 2001, que Disp\u00f5e sobre o Sistema Tribut\u00e1rio do Munic\u00edpio de Sarandi \u201cC\u00f3digo Tribut\u00e1rio\u201d e d\u00e1 outras provid\u00eancias."}, {"id": "6979", "ano": "2025", "numero": "190", "tipo__sigla": "POR", "tipo__descricao": "Portaria", "texto_integral": "http://sapl.sarandi.pr.leg.br/media/sapl/public/normajuridica/2025/6979/portaria_no_190-2025-sapl.pdf", "ementa": "Exonera o servidor Celio do Nascimento Cezario."}, {"id": "7000", "ano": "2025", "numero": "837", "tipo__sigla": "DE", "tipo__descricao": "Decreto Executivo", "texto_integral": "http://sapl.sarandi.pr.leg.br/media/sapl/public/normajuridica/2025/7000/decreto_executivo_no_837-2025.pdf", "ementa": "Abre Cr\u00e9dito Adicional Suplementar e da outras provid\u00eancias."}, {"id": "6991", "ano": "2025", "numero": "836", "tipo__sigla": "DE", "tipo__descricao": "Decreto Executivo", "texto_integral": "http://sapl.sarandi.pr.leg.br/media/sapl/public/normajuridica/2025/6991/decreto_executivo_no_836-2025.pdf", "ementa": "Abre Cr\u00e9dito Adicional Suplementar e da outras provid\u00eancias."}, {"id": "6990", "ano": "2025", "numero": "835", "tipo__sigla": "DE", "tipo__descricao": "Decreto Executivo", "texto_integral": "http://sapl.sarandi.pr.leg.br/media/sapl/public/normajuridica/2025/6990/decreto_executivo_no_835-2025.pdf", "ementa": "Abre Cr\u00e9dito Adicional Suplementar e da outras provid\u00eancias."}, {"id": "6989", "ano": "2025", "numero": "834", "tipo__sigla": "DE", "tipo__descricao": "Decreto Executivo", "texto_integral": "http://sapl.sarandi.pr.leg.br/media/sapl/public/normajuridica/2025/6989/decreto_executivo_no_834-2025.pdf", "ementa": "Abre Cr\u00e9dito Adicional Suplementar e da outras provid\u00eancias."}, {"id": "6988", "ano": "2025", "numero": "833", "tipo__sigla": "DE", "tipo__descricao": "Decreto Executivo", "texto_integral": "http://sapl.sarandi.pr.leg.br/media/sapl/public/normajuridica/2025/6988/decreto_executivo_no_833-2025.pdf", "ementa": "Abre Cr\u00e9dito Adicional Suplementar e da outras provid\u00eancias."}, {"id": "6987", "ano": "2025", "numero": "832", "tipo__sigla": "DE", "tipo__descricao": "Decreto Executivo", "texto_integral": "http://sapl.sarandi.pr.leg.br/media/sapl/public/normajuridica/2025/6987/decreto_executivo_no_832-2025.pdf", "ementa": "Abre Cr\u00e9dito Adicional Suplementar e da outras provid\u00eancias."}, {"id": "6978", "ano": "2025", "numero": "501", "tipo__sigla": "LC", "tipo__descricao": "Lei Complementar", "texto_integral": "http://sapl.sarandi.pr.leg.br/media/sapl/public/normajuridica/2025/6978/lei_complementar_501-2025_sapl.pdf", "ementa": "Altera a Lei Complementar n\u00ba 419, de 29 de agosto de 2022 e d\u00e1 outras provid\u00eancias."}, {"id": "6977", "ano": "2025", "numero": "3105", "tipo__sigla": "LEI", "tipo__descricao": "Lei Ordin\u00e1ria", "texto_integral": "http://sapl.sarandi.pr.leg.br/media/sapl/public/normajuridica/2025/6977/lei_3105-2025_sapl.pdf", "ementa": "Altera a Lei n\u00ba 2.458 de 11 de dezembro de 2018 e d\u00e1 outras provid\u00eancias."}, {"id": "6976", "ano": "2025", "numero": "3104", "tipo__sigla": "LEI", "tipo__descricao": "Lei Ordin\u00e1ria", "texto_integral": "http://sapl.sarandi.pr.leg.br/media/sapl/public/normajuridica/2025/6976/lei_3104-2025_sapl.pdf", "ementa": "Altera a Lei n\u00ba 20 de 9 de maio de 1983, da maneira que especifica."}, {"id": "6986", "ano": "2025", "numero": "830", "tipo__sigla": "DE", "tipo__descricao": "Decreto Executivo", "texto_integral": "http://sapl.sarandi.pr.leg.br/media/sapl/public/normajuridica/2025/6986/decreto_executivo_no_830-2025.pdf", "ementa": "Abre Cr\u00e9dito Adicional Suplementar e da outras provid\u00eancias."}, {"id": "6985", "ano": "2025", "numero": "829", "tipo__sigla": "DE", "tipo__descricao": "Decreto Executivo", "texto_integral": "http://sapl.sarandi.pr.leg.br/media/sapl/public/normajuridica/2025/6985/decreto_executivo_no_829-2025.pdf", "ementa": "Abre Cr\u00e9dito Adicional Suplementar e da outras provid\u00eancias."}, {"id": "6975", "ano": "2025", "numero": "189", "tipo__sigla": "POR", "tipo__descricao": "Portaria", "texto_integral": "http://sapl.sarandi.pr.leg.br/media/sapl/public/normajuridica/2025/6975/portaria_no_189-2025-sapl.pdf", "ementa": "Concede progress\u00e3o funcional por capacita\u00e7\u00e3o \u00e0 servidora Camila de Souza Bueno dos Santos."}, {"id": "6974", "ano": "2025", "numero": "188", "tipo__sigla": "POR", "tipo__descricao": "Portaria", "texto_integral": "http://sapl.sarandi.pr.leg.br/media/sapl/public/normajuridica/2025/6974/portaria_no_188-2025-sapl.pdf", "ementa": "Exonera o servidor Celio do Nascimento Cezario."}, {"id": "6984", "ano": "2025", "numero": "827", "tipo__sigla": "DE", "tipo__descricao": "Decreto Executivo", "texto_integral": "http://sapl.sarandi.pr.leg.br/media/sapl/public/normajuridica/2025/6984/decreto_executivo_no_827-2025.pdf", "ementa": "Abre Cr\u00e9dito Adicional Suplementar e da outras provid\u00eancias."}, {"id": "6983", "ano": "2025", "numero": "826", "tipo__sigla": "DE", "tipo__descricao": "Decreto Executivo", "texto_integral": "http://sapl.sarandi.pr.leg.br/media/sapl/public/normajuridica/2025/6983/decreto_executivo_no_826-2025.pdf", "ementa": "Abre Cr\u00e9dito Adicional Suplementar e da outras provid\u00eancias."}, {"id": "6982", "ano": "2025", "numero": "825", "tipo__sigla": "DE", "tipo__descricao": "Decreto Executivo", "texto_integral": "http://sapl.sarandi.pr.leg.br/media/sapl/public/normajuridica/2025/6982/decreto_executivo_no_825-2025.pdf", "ementa": "Abre Cr\u00e9dito Adicional Suplementar e da outras provid\u00eancias."}, {"id": "6981", "ano": "2025", "numero": "824", "tipo__sigla": "DE", "tipo__descricao": "Decreto Executivo", "texto_integral": "http://sapl.sarandi.pr.leg.br/media/sapl/public/normajuridica/2025/6981/decreto_executivo_no_824-2025.pdf", "ementa": "Abre Cr\u00e9dito Adicional Suplementar e da outras provid\u00eancias"}, {"id": "6980", "ano": "2025", "numero": "823", "tipo__sigla": "DE", "tipo__descricao": "Decreto Executivo", "texto_integral": "http://sapl.sarandi.pr.leg.br/media/sapl/public/normajuridica/2025/6980/decreto_executivo_no_823-2025.pdf", "ementa": "Abre Cr\u00e9dito Adicional Suplementar e da outras provid\u00eancias."}, {"id": "6967", "ano": "2025", "numero": "187", "tipo__sigla": "POR", "tipo__descricao": "Portaria", "texto_integral": "http://sapl.sarandi.pr.leg.br/media/sapl/public/normajuridica/2025/6967/portaria_no_187-2025-sapl.pdf", "ementa": "Concede progress\u00e3o funcional por capacita\u00e7\u00e3o \u00e0 servidora Camila de Souza Bueno dos Santos."}, {"id": "6966", "ano": "2025", "numero": "186", "tipo__sigla": "POR", "tipo__descricao": "Portaria", "texto_integral": "http://sapl.sarandi.pr.leg.br/media/sapl/public/normajuridica/2025/6966/portaria_no_186-2025-sapl.pdf", "ementa": "Concede progress\u00e3o funcional por capacita\u00e7\u00e3o \u00e0 servidora Camila de Souza Bueno dos Santos."}, {"id": "6965", "ano": "2025", "numero": "185", "tipo__sigla": "POR", "tipo__descricao": "Portaria", "texto_integral": "http://sapl.sarandi.pr.leg.br/media/sapl/public/normajuridica/2025/6965/portaria_no_185-2025-sapl.pdf", "ementa": "Concede licen\u00e7a especial ao servidor Jo\u00e3o Roberto dos Santos Lopes."}, {"id": "6964", "ano": "2025", "numero": "184", "tipo__sigla": "POR", "tipo__descricao": "Portaria", "texto_integral": "http://sapl.sarandi.pr.leg.br/media/sapl/public/normajuridica/2025/6964/portaria_no_184-2025-sapl.pdf", "ementa": "Concede progress\u00e3o funcional por merecimento ao servidor Jo\u00e3o Roberto dos Santos Lopes."}, {"id": "6969", "ano": "2025", "numero": "822", "tipo__sigla": "DE", "tipo__descricao": "Decreto Executivo", "texto_integral": "http://sapl.sarandi.pr.leg.br/media/sapl/public/normajuridica/2025/6969/decreto_executivo_no_822-2025.pdf", "ementa": "Abre Cr\u00e9dito Adicional Suplementar e da outras provid\u00eancias."}, {"id": "6968", "ano": "2025", "numero": "819", "tipo__sigla": "DE", "tipo__descricao": "Decreto Executivo", "texto_integral": "http://sapl.sarandi.pr.leg.br/media/sapl/public/normajuridica/2025/6968/decreto_executivo_no_819-2025.pdf", "ementa": "Abre Cr\u00e9dito Adicional Suplementar e da outras provid\u00eancias."}, {"id": "6963", "ano": "2025", "numero": "183", "tipo__sigla": "POR", "tipo__descricao": "Portaria", "texto_integral": "http://sapl.sarandi.pr.leg.br/media/sapl/public/normajuridica/2025/6963/portaria_no_183-2025-sapl.pdf", "ementa": "Concede progress\u00e3o funcional por merecimento \u00e0 servidora Luzia Azevedo Dias."}, {"id": "6962", "ano": "2025", "numero": "813", "tipo__sigla": "DE", "tipo__descricao": "Decreto Executivo", "texto_integral": "http://sapl.sarandi.pr.leg.br/media/sapl/public/normajuridica/2025/6962/decreto_executivo_no_813-2025.pdf", "ementa": "Abre Cr\u00e9dito Adicional Suplementar e da outras provid\u00eancias."}, {"id": "6961", "ano": "2025", "numero": "812", "tipo__sigla": "DE", "tipo__descricao": "Decreto Executivo", "texto_integral": "http://sapl.sarandi.pr.leg.br/media/sapl/public/normajuridica/2025/6961/decreto_executivo_no_812-2025.pdf", "ementa": "Abre Cr\u00e9dito Adicional Suplementar e da outras provid\u00eancias."}, {"id": "6973", "ano": "2025", "numero": "500", "tipo__sigla": "LC", "tipo__descricao": "Lei Complementar", "texto_integral": "http://sapl.sarandi.pr.leg.br/media/sapl/public/normajuridica/2025/6973/lei_complementar_500-2025_sapl.pdf", "ementa": "Altera a Lei Complementar n\u00ba 70, de 26 de dezembro de 2001 e d\u00e1 outras provid\u00eancias."}, {"id": "6955", "ano": "2025", "numero": "182", "tipo__sigla": "POR", "tipo__descricao": "Portaria", "texto_integral": "http://sapl.sarandi.pr.leg.br/media/sapl/public/normajuridica/2025/6955/portaria_no_182-2025-sapl.pdf", "ementa": "Concede progress\u00e3o funcional por merecimento \u00e0 servidora D\u00e9bora Aparecida de Souza."}, {"id": "6954", "ano": "2025", "numero": "181", "tipo__sigla": "POR", "tipo__descricao": "Portaria", "texto_integral": "http://sapl.sarandi.pr.leg.br/media/sapl/public/normajuridica/2025/6954/portaria_no_181-2025-sapl.pdf", "ementa": "Disp\u00f5e sobre a divulga\u00e7\u00e3o anual dos valores das remunera\u00e7\u00f5es e subs\u00eddios dos servidores da C\u00e2mara Municipal de Sarandi."}, {"id": "6953", "ano": "2025", "numero": "180", "tipo__sigla": "POR", "tipo__descricao": "Portaria", "texto_integral": "http://sapl.sarandi.pr.leg.br/media/sapl/public/normajuridica/2025/6953/portaria_no_180-2025-sapl.pdf", "ementa": "Designa o servidor Lucas Ataliba Rantin de Carvalho, para fiscaliza\u00e7\u00e3o de contrato."}, {"id": "6952", "ano": "2025", "numero": "179", "tipo__sigla": "POR", "tipo__descricao": "Portaria", "texto_integral": "http://sapl.sarandi.pr.leg.br/media/sapl/public/normajuridica/2025/6952/portaria_no_179-2025-sapl.pdf", "ementa": "Designa o servidor Marlon Bif, para fiscaliza\u00e7\u00e3o de ata de registro de pre\u00e7os."}, {"id": "6960", "ano": "2025", "numero": "809", "tipo__sigla": "DE", "tipo__descricao": "Decreto Executivo", "texto_integral": "http://sapl.sarandi.pr.leg.br/media/sapl/public/normajuridica/2025/6960/decreto_executivo_no_809-2025.pdf", "ementa": "Abre Cr\u00e9dito Adicional Suplementar e da outras provid\u00eancias."}, {"id": "6959", "ano": "2025", "numero": "808", "tipo__sigla": "DE", "tipo__descricao": "Decreto Executivo", "texto_integral": "http://sapl.sarandi.pr.leg.br/media/sapl/public/normajuridica/2025/6959/decreto_executivo_no_808-2025.pdf", "ementa": "Abre Cr\u00e9dito Adicional Suplementar e da outras provid\u00eancias."}, {"id": "6958", "ano": "2025", "numero": "807", "tipo__sigla": "DE", "tipo__descricao": "Decreto Executivo", "texto_integral": "http://sapl.sarandi.pr.leg.br/media/sapl/public/normajuridica/2025/6958/decreto_executivo_no_807-2025.pdf", "ementa": "Abre Cr\u00e9dito Adicional Suplementar e da outras provid\u00eancias."}, {"id": "6971", "ano": "2025", "numero": "805", "tipo__sigla": "DE", "tipo__descricao": "Decreto Executivo", "texto_integral": "http://sapl.sarandi.pr.leg.br/media/", "ementa": "Concede F\u00e9rias Coletivas aos Servidores P\u00fablicos Municipais efetivos lotados nas Institui\u00e7\u00f5es de Ensino e Divis\u00f5es que comp\u00f5em a Secretaria Municipal de Educa\u00e7\u00e3o"}, {"id": "6956", "ano": "2025", "numero": "804", "tipo__sigla": "DE", "tipo__descricao": "Decreto Executivo", "texto_integral": "http://sapl.sarandi.pr.leg.br/media/sapl/public/normajuridica/2025/6956/decreto_executivo_no_804-2025.pdf", "ementa": "Abre Cr\u00e9dito Adicional Suplementar e da outras provid\u00eancias."}, {"id": "6943", "ano": "2025", "numero": "803", "tipo__sigla": "DE", "tipo__descricao": "Decreto Executivo", "texto_integral": "http://sapl.sarandi.pr.leg.br/media/sapl/public/normajuridica/2025/6943/decreto_executivo_no_803-2025.pdf", "ementa": "Abre Cr\u00e9dito Adicional Suplementar e da outras provid\u00eancias."}, {"id": "6972", "ano": "2025", "numero": "499", "tipo__sigla": "LC", "tipo__descricao": "Lei Complementar", "texto_integral": "http://sapl.sarandi.pr.leg.br/media/sapl/public/normajuridica/2025/6972/lei_complementar_499-2025_sapl.pdf", "ementa": "Altera a Lei Complementar n\u00ba 159,de 24 de novembro de 2007 e d\u00e1 outrasprovid\u00eancias."}, {"id": "6940", "ano": "2025", "numero": "178", "tipo__sigla": "POR", "tipo__descricao": "Portaria", "texto_integral": "http://sapl.sarandi.pr.leg.br/media/sapl/public/normajuridica/2025/6940/portaria_no_178-2025-sapl.pdf", "ementa": "Concede licen\u00e7a especial \u00e0 servidora Sandra da Mata Clemente Duarte."}, {"id": "6939", "ano": "2025", "numero": "177", "tipo__sigla": "POR", "tipo__descricao": "Portaria", "texto_integral": "http://sapl.sarandi.pr.leg.br/media/sapl/public/normajuridica/2025/6939/portaria_no_177-2025-sapl.pdf", "ementa": "Concede licen\u00e7a especial ao servidor Rovilson Jos\u00e9 Arantes."}, {"id": "6938", "ano": "2025", "numero": "176", "tipo__sigla": "POR", "tipo__descricao": "Portaria", "texto_integral": "http://sapl.sarandi.pr.leg.br/media/sapl/public/normajuridica/2025/6938/portaria_no_176-2025-sapl.pdf", "ementa": "Concede licen\u00e7a especial \u00e0 servidora Luzia Azevedo Dias."}, {"id": "6937", "ano": "2025", "numero": "175", "tipo__sigla": "POR", "tipo__descricao": "Portaria", "texto_integral": "http://sapl.sarandi.pr.leg.br/media/sapl/public/normajuridica/2025/6937/portaria_no_175-2025-sapl.pdf", "ementa": "Concede licen\u00e7a especial \u00e0 servidora Camila de Souza Bueno dos Santos."}, {"id": "6957", "ano": "2025", "numero": "802", "tipo__sigla": "DE", "tipo__descricao": "Decreto Executivo", "texto_integral": "http://sapl.sarandi.pr.leg.br/media/sapl/public/normajuridica/2025/6957/decreto_executivo_no_802-2025.pdf", "ementa": "Abre Cr\u00e9dito Adicional Suplementar e da outras provid\u00eancias."}, {"id": "6936", "ano": "2025", "numero": "174", "tipo__sigla": "POR", "tipo__descricao": "Portaria", "texto_integral": "http://sapl.sarandi.pr.leg.br/media/sapl/public/normajuridica/2025/6936/portaria_no_174-2025-sapl.pdf", "ementa": "Altera a Portaria n\u00ba 54, de 5 de fevereiro de 2025, a qual \"Disp\u00f5e sobre o Calend\u00e1rio de Feriados e dias de pontos facultativos na C\u00e2mara Municipal de Sarandi no ano de 2025.\"."}, {"id": "6935", "ano": "2025", "numero": "173", "tipo__sigla": "POR", "tipo__descricao": "Portaria", "texto_integral": "http://sapl.sarandi.pr.leg.br/media/sapl/public/normajuridica/2025/6935/portaria_no_173-2025-sapl.pdf", "ementa": "Concede progress\u00e3o funcional por capacita\u00e7\u00e3o ao servidor Rovilson Jos\u00e9 Arantes."}, {"id": "6942", "ano": "2025", "numero": "796", "tipo__sigla": "DE", "tipo__descricao": "Decreto Executivo", "texto_integral": "http://sapl.sarandi.pr.leg.br/media/sapl/public/normajuridica/2025/6942/decreto_executivo_no_796-2025.pdf", "ementa": "Abre Cr\u00e9dito Adicional Suplementar e da outras provid\u00eancias."}, {"id": "6934", "ano": "2025", "numero": "172", "tipo__sigla": "POR", "tipo__descricao": "Portaria", "texto_integral": "http://sapl.sarandi.pr.leg.br/media/sapl/public/normajuridica/2025/6934/portaria_no_172-2025-sapl.pdf", "ementa": "Designa o servidor Renan Augusto dos Santos Volpatto, para fiscaliza\u00e7\u00e3o de atas de registro de pre\u00e7os."}, {"id": "6933", "ano": "2025", "numero": "171", "tipo__sigla": "POR", "tipo__descricao": "Portaria", "texto_integral": "http://sapl.sarandi.pr.leg.br/media/sapl/public/normajuridica/2025/6933/portaria_no_171-2025-sapl.pdf", "ementa": "Designa a servidora Kauana Pereira de Souza, para fiscaliza\u00e7\u00e3o de ata de registro de pre\u00e7os."}, {"id": "6932", "ano": "2025", "numero": "170", "tipo__sigla": "POR", "tipo__descricao": "Portaria", "texto_integral": "http://sapl.sarandi.pr.leg.br/media/sapl/public/normajuridica/2025/6932/portaria_no_170-2025-sapl.pdf", "ementa": "Designa o servidor Marlon Bif, para fiscaliza\u00e7\u00e3o do Empenho n\u00ba 230/2025."}, {"id": "6944", "ano": "2025", "numero": "3103", "tipo__sigla": "LEI", "tipo__descricao": "Lei Ordin\u00e1ria", "texto_integral": "http://sapl.sarandi.pr.leg.br/media/sapl/public/normajuridica/2025/6944/lei_3103-2025_sapl.pdf", "ementa": "Altera a Lei n\u00ba 3.096, de 24 de setembro de 2025."}, {"id": "6931", "ano": "2025", "numero": "795", "tipo__sigla": "DE", "tipo__descricao": "Decreto Executivo", "texto_integral": "http://sapl.sarandi.pr.leg.br/media/sapl/public/normajuridica/2025/6931/decreto_executivo_no_795-2025.pdf", "ementa": "Abre Cr\u00e9dito Adicional Suplementar e da outras provid\u00eancias."}, {"id": "6930", "ano": "2025", "numero": "794", "tipo__sigla": "DE", "tipo__descricao": "Decreto Executivo", "texto_integral": "http://sapl.sarandi.pr.leg.br/media/sapl/public/normajuridica/2025/6930/decreto_executivo_no_794-2025.pdf", "ementa": "Abre Cr\u00e9dito Adicional Suplementar e da outras provid\u00eancias."}, {"id": "6929", "ano": "2025", "numero": "793", "tipo__sigla": "DE", "tipo__descricao": "Decreto Executivo", "texto_integral": "http://sapl.sarandi.pr.leg.br/media/sapl/public/normajuridica/2025/6929/decreto_executivo_no_793-2025.pdf", "ementa": "Abre Cr\u00e9dito Adicional Suplementar e da outras provid\u00eancias."}, {"id": "6970", "ano": "2025", "numero": "792", "tipo__sigla": "DE", "tipo__descricao": "Decreto Executivo", "texto_integral": "http://sapl.sarandi.pr.leg.br/media/sapl/public/normajuridica/2025/6970/decreto_executivo_no_792-2025.pdf", "ementa": "Regulamenta a Lei Municipal n\u00ba 3.068/2025, alterada pela Lei Municipal n\u00ba 3.095/2025, que disp\u00f5e sobre o Conselho Municipal de Esporte de Sarandi \u2013 COMESPORTES."}, {"id": "6951", "ano": "2025", "numero": "17", "tipo__sigla": "DL", "tipo__descricao": "Decreto Legislativo", "texto_integral": "http://sapl.sarandi.pr.leg.br/media/sapl/public/normajuridica/2025/6951/decreto_legislativo_no_17_2025.pdf", "ementa": "Concede T\u00edtulo de Cidad\u00e3 Honor\u00e1ria \u00e0 Sra. Franciele Garicoix."}, {"id": "6950", "ano": "2025", "numero": "16", "tipo__sigla": "DL", "tipo__descricao": "Decreto Legislativo", "texto_integral": "http://sapl.sarandi.pr.leg.br/media/sapl/public/normajuridica/2025/6950/decreto_legislativo_no_16_2025_sapl.pdf", "ementa": "Concede T\u00edtulo de Cidad\u00e3 Honor\u00e1ria \u00e0 Sra. Ivana Aparecida de Souza."}, {"id": "6921", "ano": "2025", "numero": "169", "tipo__sigla": "POR", "tipo__descricao": "Portaria", "texto_integral": "http://sapl.sarandi.pr.leg.br/media/sapl/public/normajuridica/2025/6921/portaria_no_169-2025-sapl.pdf", "ementa": "Concede progress\u00e3o funcional por capacita\u00e7\u00e3o \u00e0 servidora Camila de Souza Bueno dos Santos."}, {"id": "6920", "ano": "2025", "numero": "168", "tipo__sigla": "POR", "tipo__descricao": "Portaria", "texto_integral": "http://sapl.sarandi.pr.leg.br/media/sapl/public/normajuridica/2025/6920/portaria_no_168-2025-sapl.pdf", "ementa": "Concede progress\u00e3o funcional por merecimento ao servidor Renan Augusto dos Santos Volpatto."}, {"id": "6919", "ano": "2025", "numero": "167", "tipo__sigla": "POR", "tipo__descricao": "Portaria", "texto_integral": "http://sapl.sarandi.pr.leg.br/media/sapl/public/normajuridica/2025/6919/portaria_no_167-2025-sapl.pdf", "ementa": "Regulamenta a Resolu\u00e7\u00e3o n\u00ba 7, de 11 de dezembro de 2024, e d\u00e1 outras provid\u00eancias."}, {"id": "6928", "ano": "2025", "numero": "786", "tipo__sigla": "DE", "tipo__descricao": "Decreto Executivo", "texto_integral": "http://sapl.sarandi.pr.leg.br/media/sapl/public/normajuridica/2025/6928/decreto_executivo_no_786-2025.pdf", "ementa": "Abre Cr\u00e9dito Adicional Suplementar e da outras provid\u00eancias."}, {"id": "6941", "ano": "2025", "numero": "785", "tipo__sigla": "DE", "tipo__descricao": "Decreto Executivo", "texto_integral": "http://sapl.sarandi.pr.leg.br/media/sapl/public/normajuridica/2025/6941/decreto_executivo_no_785-2025.pdf", "ementa": "Abre Cr\u00e9dito Adicional Suplementar e da outras provid\u00eancias."}, {"id": "6925", "ano": "2025", "numero": "780", "tipo__sigla": "DE", "tipo__descricao": "Decreto Executivo", "texto_integral": "http://sapl.sarandi.pr.leg.br/media/sapl/public/normajuridica/2025/6925/decreto_executivo_no_780-2025.pdf", "ementa": "Abre Cr\u00e9dito Adicional Suplementar e da outras provid\u00eancias."}, {"id": "6924", "ano": "2025", "numero": "779", "tipo__sigla": "DE", "tipo__descricao": "Decreto Executivo", "texto_integral": "http://sapl.sarandi.pr.leg.br/media/sapl/public/normajuridica/2025/6924/decreto_executivo_no_779-2025.pdf", "ementa": "Abre Cr\u00e9dito Adicional Suplementar e da outras provid\u00eancias."}, {"id": "6926", "ano": "2025", "numero": "778", "tipo__sigla": "DE", "tipo__descricao": "Decreto Executivo", "texto_integral": "http://sapl.sarandi.pr.leg.br/media/sapl/public/normajuridica/2025/6926/decreto_executivo_no_778-2025.pdf", "ementa": "Regulamenta a Cobran\u00e7a Extrajudicial ou Judicial da D\u00edvida Ativa da Fazenda P\u00fablica Municipal."}, {"id": "6923", "ano": "2025", "numero": "777", "tipo__sigla": "DE", "tipo__descricao": "Decreto Executivo", "texto_integral": "http://sapl.sarandi.pr.leg.br/media/sapl/public/normajuridica/2025/6923/decreto_executivo_no_777-2025.pdf", "ementa": "Abre Cr\u00e9dito Adicional Suplementar e da outras provid\u00eancias."}, {"id": "6918", "ano": "2025", "numero": "15", "tipo__sigla": "DL", "tipo__descricao": "Decreto Legislativo", "texto_integral": "http://sapl.sarandi.pr.leg.br/media/sapl/public/normajuridica/2025/6918/decreto_legislativo_no_15_2025_sapl.pdf", "ementa": "Aprova as Contas do Munic\u00edpio de Sarandi, relativas ao Exerc\u00edcio Financeiro de 2024."}, {"id": "6927", "ano": "2025", "numero": "775", "tipo__sigla": "DE", "tipo__descricao": "Decreto Executivo", "texto_integral": "http://sapl.sarandi.pr.leg.br/media/sapl/public/normajuridica/2025/6927/decreto_executivo_no_775-2025.pdf", "ementa": "Abre Cr\u00e9dito Adicional Suplementar e da outras provid\u00eancias."}, {"id": "6922", "ano": "2025", "numero": "774", "tipo__sigla": "DE", "tipo__descricao": "Decreto Executivo", "texto_integral": "http://sapl.sarandi.pr.leg.br/media/sapl/public/normajuridica/2025/6922/decreto_executivo_no_774-2025.pdf", "ementa": "Abre Cr\u00e9dito Adicional Suplementar e da outras provid\u00eancias."}, {"id": "6914", "ano": "2025", "numero": "763", "tipo__sigla": "DE", "tipo__descricao": "Decreto Executivo", "texto_integral": "http://sapl.sarandi.pr.leg.br/media/sapl/public/normajuridica/2025/6914/decreto_executivo_no_763-2025.pdf", "ementa": "Disp\u00f5e sobre o recesso funcional nas reparti\u00e7\u00f5es p\u00fablicas municipais, na forma que especifica."}, {"id": "6917", "ano": "2025", "numero": "772", "tipo__sigla": "DE", "tipo__descricao": "Decreto Executivo", "texto_integral": "http://sapl.sarandi.pr.leg.br/media/sapl/public/normajuridica/2025/6917/decreto_executivo_no_772-2025.pdf", "ementa": "Abre Cr\u00e9dito Adicional Suplementar e da outras provid\u00eancias."}, {"id": "6916", "ano": "2025", "numero": "765", "tipo__sigla": "DE", "tipo__descricao": "Decreto Executivo", "texto_integral": "http://sapl.sarandi.pr.leg.br/media/sapl/public/normajuridica/2025/6916/decreto_executivo_no_765-2025.pdf", "ementa": "Abre Cr\u00e9dito Adicional Suplementar e da outras provid\u00eancias."}, {"id": "6913", "ano": "2025", "numero": "764", "tipo__sigla": "DE", "tipo__descricao": "Decreto Executivo", "texto_integral": "http://sapl.sarandi.pr.leg.br/media/sapl/public/normajuridica/2025/6913/decreto_executivo_no_764-2025.pdf", "ementa": "Abre Cr\u00e9dito Adicional Suplementar e da outras provid\u00eancias."}, {"id": "6915", "ano": "2025", "numero": "762", "tipo__sigla": "DE", "tipo__descricao": "Decreto Executivo", "texto_integral": "http://sapl.sarandi.pr.leg.br/media/sapl/public/normajuridica/2025/6915/decreto_executivo_no_762-2025.pdf", "ementa": "Abre Cr\u00e9dito Adicional Suplementar e da outras provid\u00eancias."}, {"id": "6912", "ano": "2025", "numero": "759", "tipo__sigla": "DE", "tipo__descricao": "Decreto Executivo", "texto_integral": "http://sapl.sarandi.pr.leg.br/media/sapl/public/normajuridica/2025/6912/decreto_executivo_no_759-2025.pdf", "ementa": "Abre Cr\u00e9dito Adicional Suplementar e da outras provid\u00eancias."}, {"id": "6911", "ano": "2025", "numero": "761", "tipo__sigla": "DE", "tipo__descricao": "Decreto Executivo", "texto_integral": "http://sapl.sarandi.pr.leg.br/media/sapl/public/normajuridica/2025/6911/decreto_executivo_no_761-2025.pdf", "ementa": "Abre Cr\u00e9dito Adicional Suplementar e da outras provid\u00eancias."}, {"id": "6906", "ano": "2025", "numero": "760", "tipo__sigla": "DE", "tipo__descricao": "Decreto Executivo", "texto_integral": "http://sapl.sarandi.pr.leg.br/media/sapl/public/normajuridica/2025/6906/decreto_executivo_no_760-2025.pdf", "ementa": "Declara de utilidade p\u00fablica, para fins de interven\u00e7\u00e3o em APP - \u00c1rea de Preserva\u00e7\u00e3o Permanente, destinado a instala\u00e7\u00e3o de dispositivos dissipadores de energia de \u00e1guas pluviais."}, {"id": "6909", "ano": "2025", "numero": "758", "tipo__sigla": "DE", "tipo__descricao": "Decreto Executivo", "texto_integral": "http://sapl.sarandi.pr.leg.br/media/sapl/public/normajuridica/2025/6909/decreto_executivo_no_758-2025.pdf", "ementa": "Abre Cr\u00e9dito Adicional Suplementar e da outras provid\u00eancias."}, {"id": "6908", "ano": "2025", "numero": "757", "tipo__sigla": "DE", "tipo__descricao": "Decreto Executivo", "texto_integral": "http://sapl.sarandi.pr.leg.br/media/sapl/public/normajuridica/2025/6908/decreto_executivo_no_757-2025.pdf", "ementa": "Abre Cr\u00e9dito Adicional Suplementar e da outras provid\u00eancias."}, {"id": "6910", "ano": "2025", "numero": "5", "tipo__sigla": "ATP", "tipo__descricao": "Ato da Presid\u00eancia", "texto_integral": "http://sapl.sarandi.pr.leg.br/media/sapl/public/normajuridica/2025/6910/ato_da_presidencia_no_5-2025_sapl.pdf", "ementa": "Altera o Anexo I do Ato da Presid\u00eancia n\u00ba 4, de 17 de outubro de 2025."}, {"id": "6907", "ano": "2025", "numero": "756", "tipo__sigla": "DE", "tipo__descricao": "Decreto Executivo", "texto_integral": "http://sapl.sarandi.pr.leg.br/media/sapl/public/normajuridica/2025/6907/decreto_executivo_no_756-2025.pdf", "ementa": "Abre Cr\u00e9dito Adicional Suplementar e da outras provid\u00eancias."}, {"id": "6905", "ano": "2025", "numero": "755", "tipo__sigla": "DE", "tipo__descricao": "Decreto Executivo", "texto_integral": "http://sapl.sarandi.pr.leg.br/media/sapl/public/normajuridica/2025/6905/decreto_executivo_no_755-2025.pdf", "ementa": "Abre Cr\u00e9dito Adicional Suplementar e da outras provid\u00eancias."}, {"id": "6904", "ano": "2025", "numero": "752", "tipo__sigla": "DE", "tipo__descricao": "Decreto Executivo", "texto_integral": "http://sapl.sarandi.pr.leg.br/media/sapl/public/normajuridica/2025/6904/decreto_executivo_no_752-2025.pdf", "ementa": "Abre Cr\u00e9dito Adicional Suplementar e da outras provid\u00eancias."}, {"id": "6901", "ano": "2025", "numero": "166", "tipo__sigla": "POR", "tipo__descricao": "Portaria", "texto_integral": "http://sapl.sarandi.pr.leg.br/media/sapl/public/normajuridica/2025/6901/portaria_no_166-2025-sapl.pdf", "ementa": "Designa a servidora Angela Alves de Almeida, para fiscaliza\u00e7\u00e3o de contrato."}, {"id": "6900", "ano": "2025", "numero": "3102", "tipo__sigla": "LEI", "tipo__descricao": "Lei Ordin\u00e1ria", "texto_integral": "http://sapl.sarandi.pr.leg.br/media/sapl/public/normajuridica/2025/6900/lei_3102-2025_sapl.pdf", "ementa": "Disp\u00f5e sobre a abertura de Cr\u00e9dito Adicional Especial e d\u00e1 outras provid\u00eancias."}, {"id": "6903", "ano": "2025", "numero": "751", "tipo__sigla": "DE", "tipo__descricao": "Decreto Executivo", "texto_integral": "http://sapl.sarandi.pr.leg.br/media/sapl/public/normajuridica/2025/6903/decreto_executivo_no_751-2025.pdf", "ementa": "Abre Cr\u00e9dito Adicional Suplementar e da outras provid\u00eancias."}, {"id": "6949", "ano": "2025", "numero": "749", "tipo__sigla": "DE", "tipo__descricao": "Decreto Executivo", "texto_integral": "http://sapl.sarandi.pr.leg.br/media/sapl/public/normajuridica/2025/6949/decreto_executivo_no_749-2025.pdf", "ementa": "Abre Cr\u00e9dito Adicional Suplementar e da outras provid\u00eancias."}, {"id": "6948", "ano": "2025", "numero": "748", "tipo__sigla": "DE", "tipo__descricao": "Decreto Executivo", "texto_integral": "http://sapl.sarandi.pr.leg.br/media/sapl/public/normajuridica/2025/6948/decreto_executivo_no_748-2025.pdf", "ementa": "Abre Cr\u00e9dito Adicional Suplementar e da outras provid\u00eancias."}, {"id": "6947", "ano": "2025", "numero": "747", "tipo__sigla": "DE", "tipo__descricao": "Decreto Executivo", "texto_integral": "http://sapl.sarandi.pr.leg.br/media/sapl/public/normajuridica/2025/6947/decreto_executivo_no_747-2025.pdf", "ementa": "Abre Cr\u00e9dito Adicional Suplementar e da outras provid\u00eancias."}, {"id": "6946", "ano": "2025", "numero": "746", "tipo__sigla": "DE", "tipo__descricao": "Decreto Executivo", "texto_integral": "http://sapl.sarandi.pr.leg.br/media/sapl/public/normajuridica/2025/6946/decreto_executivo_no_746-2025.pdf", "ementa": "Abre Cr\u00e9dito Adicional Suplementar e da outras provid\u00eancias."}, {"id": "6945", "ano": "2025", "numero": "745", "tipo__sigla": "DE", "tipo__descricao": "Decreto Executivo", "texto_integral": "http://sapl.sarandi.pr.leg.br/media/sapl/public/normajuridica/2025/6945/decreto_executivo_no_745-2025.pdf", "ementa": "Abre Cr\u00e9dito Adicional Suplementar e da outras provid\u00eancias."}, {"id": "6897", "ano": "2025", "numero": "165", "tipo__sigla": "POR", "tipo__descricao": "Portaria", "texto_integral": "http://sapl.sarandi.pr.leg.br/media/sapl/public/normajuridica/2025/6897/portaria_no_165-2025-sapl.pdf", "ementa": "Revoga a Portaria n\u00ba 106, de 11 de julho de 2025, e as Portarias n\u00ba 146 e n\u00ba 147, de 2 de setembro de 2025."}, {"id": "6896", "ano": "2025", "numero": "164", "tipo__sigla": "POR", "tipo__descricao": "Portaria", "texto_integral": "http://sapl.sarandi.pr.leg.br/media/sapl/public/normajuridica/2025/6896/portaria_no_164-2025-sapl.pdf", "ementa": "Revoga a Portaria n\u00ba 80, de 22 de abril de 2025."}, {"id": "6899", "ano": "2025", "numero": "3101", "tipo__sigla": "LEI", "tipo__descricao": "Lei Ordin\u00e1ria", "texto_integral": "http://sapl.sarandi.pr.leg.br/media/sapl/public/normajuridica/2025/6899/lei_3101-2025_sapl.pdf", "ementa": "Altera a Lei n\u00b0 2.147, de 18 de maio de 2015 e d\u00e1 outras  provid\u00eancias."}, {"id": "6902", "ano": "2025", "numero": "743", "tipo__sigla": "DE", "tipo__descricao": "Decreto Executivo", "texto_integral": "http://sapl.sarandi.pr.leg.br/media/sapl/public/normajuridica/2025/6902/decreto_executivo_no_743-2025.pdf", "ementa": "Abre Cr\u00e9dito Adicional Suplementar e da outras provid\u00eancias."}, {"id": "6895", "ano": "2025", "numero": "742", "tipo__sigla": "DE", "tipo__descricao": "Decreto Executivo", "texto_integral": "http://sapl.sarandi.pr.leg.br/media/sapl/public/normajuridica/2025/6895/decreto_executivo_no_742-2025.pdf", "ementa": "Abre Cr\u00e9dito Adicional Suplementar e da outras provid\u00eancias."}, {"id": "6894", "ano": "2025", "numero": "732", "tipo__sigla": "DE", "tipo__descricao": "Decreto Executivo", "texto_integral": "http://sapl.sarandi.pr.leg.br/media/", "ementa": "Abre Cr\u00e9dito Adicional Suplementar e da outras provid\u00eancias."}, {"id": "6893", "ano": "2025", "numero": "738", "tipo__sigla": "DE", "tipo__descricao": "Decreto Executivo", "texto_integral": "http://sapl.sarandi.pr.leg.br/media/sapl/public/normajuridica/2025/6893/decreto_executivo_no_738-2025.pdf", "ementa": "Disp\u00f5e sobre crit\u00e9rios e procedimentos a serem adotados pela Procuradoria Jur\u00eddica do Munic\u00edpio na presta\u00e7\u00e3o de informa\u00e7\u00f5es sobre a\u00e7\u00f5es judiciais que possam representar riscos fiscais ao Fisco do Munic\u00edpio - Poder Executivo."}, {"id": "6898", "ano": "2025", "numero": "3100", "tipo__sigla": "LEI", "tipo__descricao": "Lei Ordin\u00e1ria", "texto_integral": "http://sapl.sarandi.pr.leg.br/media/sapl/public/normajuridica/2025/6898/lei_3100-2025_sapl.pdf", "ementa": "Altera a Lei n\u00b0 2.709/2021, de 18 de agosto de 2021 e d\u00e1 outras provid\u00eancias."}, {"id": "6891", "ano": "2025", "numero": "731", "tipo__sigla": "DE", "tipo__descricao": "Decreto Executivo", "texto_integral": "http://sapl.sarandi.pr.leg.br/media/sapl/public/normajuridica/2025/6891/decreto_executivo_no_731-2025.pdf", "ementa": "Abre Cr\u00e9dito Adicional Suplementar e da outras provid\u00eancias."}, {"id": "6892", "ano": "2025", "numero": "730", "tipo__sigla": "DE", "tipo__descricao": "Decreto Executivo", "texto_integral": "http://sapl.sarandi.pr.leg.br/media/sapl/public/normajuridica/2025/6892/decreto_executivo_no_730-2025.pdf", "ementa": "Abre Cr\u00e9dito Adicional Suplementar e da outras provid\u00eancias."}, {"id": "6890", "ano": "2025", "numero": "729", "tipo__sigla": "DE", "tipo__descricao": "Decreto Executivo", "texto_integral": "http://sapl.sarandi.pr.leg.br/media/sapl/public/normajuridica/2025/6890/decreto_executivo_no_729-2025.pdf", "ementa": "Abre Cr\u00e9dito Adicional Suplementar e da outras provid\u00eancias."}, {"id": "6889", "ano": "2025", "numero": "728", "tipo__sigla": "DE", "tipo__descricao": "Decreto Executivo", "texto_integral": "http://sapl.sarandi.pr.leg.br/media/sapl/public/normajuridica/2025/6889/decreto_executivo_no_728-2025.pdf", "ementa": "Abre Cr\u00e9dito Adicional Suplementar e da outras provid\u00eancias."}, {"id": "6888", "ano": "2025", "numero": "727", "tipo__sigla": "DE", "tipo__descricao": "Decreto Executivo", "texto_integral": "http://sapl.sarandi.pr.leg.br/media/", "ementa": "Abre Cr\u00e9dito Adicional Suplementar e da outras provid\u00eancias."}, {"id": "6887", "ano": "2025", "numero": "726", "tipo__sigla": "DE", "tipo__descricao": "Decreto Executivo", "texto_integral": "http://sapl.sarandi.pr.leg.br/media/sapl/public/normajuridica/2025/6887/decreto_executivo_no_726-2025.pdf", "ementa": "Abre Cr\u00e9dito Adicional Suplementar e da outras provid\u00eancias."}, {"id": "6886", "ano": "2025", "numero": "725", "tipo__sigla": "DE", "tipo__descricao": "Decreto Executivo", "texto_integral": "http://sapl.sarandi.pr.leg.br/media/sapl/public/normajuridica/2025/6886/decreto_executivo_no_725-2025.pdf", "ementa": "Abre Cr\u00e9dito Adicional Suplementar e da outras provid\u00eancias."}, {"id": "6879", "ano": "2025", "numero": "162", "tipo__sigla": "POR", "tipo__descricao": "Portaria", "texto_integral": "http://sapl.sarandi.pr.leg.br/media/sapl/public/normajuridica/2025/6879/portaria_no_162-2025-sapl.pdf", "ementa": "Instaura Processo Administrativo de Responsabiliza\u00e7\u00e3o e designa Comiss\u00e3o Processante."}, {"id": "6874", "ano": "2025", "numero": "3098", "tipo__sigla": "LEI", "tipo__descricao": "Lei Ordin\u00e1ria", "texto_integral": "http://sapl.sarandi.pr.leg.br/media/sapl/public/normajuridica/2025/6874/lei_3098-2025_sapl.pdf", "ementa": "Disp\u00f5e, no \u00e2mbito do Munic\u00edpio de Sarandi, sobre a devolu\u00e7\u00e3o obrigat\u00f3ria de uniformes de servidores p\u00fablicos municipais e uniformes utilizados por empresas concession\u00e1rias de servi\u00e7os p\u00fablicos municipais em desuso, e estabelece medidas para a sua destina\u00e7\u00e3o adequada."}, {"id": "6880", "ano": "2025", "numero": "723", "tipo__sigla": "DE", "tipo__descricao": "Decreto Executivo", "texto_integral": "http://sapl.sarandi.pr.leg.br/media/sapl/public/normajuridica/2025/6880/decreto_executivo_no_723-2025.pdf", "ementa": "Disp\u00f5e sobre o recesso funcional nas reparti\u00e7\u00f5es p\u00fablicas municipais, na forma que especifica."}, {"id": "6878", "ano": "2025", "numero": "722", "tipo__sigla": "DE", "tipo__descricao": "Decreto Executivo", "texto_integral": "http://sapl.sarandi.pr.leg.br/media/sapl/public/normajuridica/2025/6878/decreto_executivo_no_722-2025.pdf", "ementa": "Fica cancelada a Audi\u00eancia P\u00fablica que trata de compras de vagas escolares no Munic\u00edpio de Sarandi."}, {"id": "6885", "ano": "2025", "numero": "720", "tipo__sigla": "DE", "tipo__descricao": "Decreto Executivo", "texto_integral": "http://sapl.sarandi.pr.leg.br/media/sapl/public/normajuridica/2025/6885/decreto_executivo_no_720-2025.pdf", "ementa": "Abre Cr\u00e9dito Adicional Suplementar e da outras provid\u00eancias."}, {"id": "6875", "ano": "2025", "numero": "163", "tipo__sigla": "POR", "tipo__descricao": "Portaria", "texto_integral": "http://sapl.sarandi.pr.leg.br/media/sapl/public/normajuridica/2025/6875/portaria_no_163-2025-sapl.pdf", "ementa": "Concede licen\u00e7a especial ao servidor Lucas Ataliba Rantin de Carvalho."}, {"id": "6877", "ano": "2025", "numero": "3099", "tipo__sigla": "LEI", "tipo__descricao": "Lei Ordin\u00e1ria", "texto_integral": "http://sapl.sarandi.pr.leg.br/media/sapl/public/normajuridica/2025/6877/lei_3099-2025_sapl.pdf", "ementa": "Autoriza a desafeta\u00e7\u00e3o da matr\u00edcula n\u00ba 34.368 \u2013 \u00c1rea Verde no Jardim Aurora."}, {"id": "6884", "ano": "2025", "numero": "719", "tipo__sigla": "DE", "tipo__descricao": "Decreto Executivo", "texto_integral": "http://sapl.sarandi.pr.leg.br/media/sapl/public/normajuridica/2025/6884/decreto_executivo_no_719-2025.pdf", "ementa": "Abre Cr\u00e9dito Adicional Suplementar e da outras provid\u00eancias."}, {"id": "6882", "ano": "2025", "numero": "717", "tipo__sigla": "DE", "tipo__descricao": "Decreto Executivo", "texto_integral": "http://sapl.sarandi.pr.leg.br/media/sapl/public/normajuridica/2025/6882/decreto_executivo_no_717-2025_-_retificacao.pdf", "ementa": "Abre Cr\u00e9dito Adicional Suplementar e da outras provid\u00eancias."}, {"id": "6883", "ano": "2025", "numero": "716", "tipo__sigla": "DE", "tipo__descricao": "Decreto Executivo", "texto_integral": "http://sapl.sarandi.pr.leg.br/media/sapl/public/normajuridica/2025/6883/decreto_executivo_no_716-2025.pdf", "ementa": "Abre Cr\u00e9dito Adicional Suplementar e da outras provid\u00eancias."}, {"id": "6881", "ano": "2025", "numero": "715", "tipo__sigla": "DE", "tipo__descricao": "Decreto Executivo", "texto_integral": "http://sapl.sarandi.pr.leg.br/media/sapl/public/normajuridica/2025/6881/decreto_executivo_no_715-2025.pdf", "ementa": "Disp\u00f5e sobre os prazos de limpeza e obras de reforma nos t\u00famulos do Cemit\u00e9rio Municipal Augusto Wolf, localizado no Munic\u00edpio de Sarandi/Pr."}, {"id": "6873", "ano": "2025", "numero": "714", "tipo__sigla": "DE", "tipo__descricao": "Decreto Executivo", "texto_integral": "http://sapl.sarandi.pr.leg.br/media/", "ementa": "Abre Cr\u00e9dito Adicional Suplementar e da outras provid\u00eancias."}, {"id": "6869", "ano": "2025", "numero": "4", "tipo__sigla": "ATP", "tipo__descricao": "Ato da Presid\u00eancia", "texto_integral": "http://sapl.sarandi.pr.leg.br/media/sapl/public/normajuridica/2025/6869/ato_da_presidencia_no_4-2025_sapl.pdf", "ementa": "Fixa o calend\u00e1rio eleitoral para elei\u00e7\u00e3o dos membros titulares e suplentes do Conselho de Previd\u00eancia da Caixa de Aposentadoria e Pens\u00e3o dos Servidores Municipais de Sarandi (Preserv), no \u00e2mbito da C\u00e2mara Municipal de Sarandi."}, {"id": "6867", "ano": "2025", "numero": "161", "tipo__sigla": "POR", "tipo__descricao": "Portaria", "texto_integral": "http://sapl.sarandi.pr.leg.br/media/sapl/public/normajuridica/2025/6867/portaria_no_161-2025-sapl.pdf", "ementa": "Concede progress\u00e3o funcional por merecimento ao servidor Lucas Ataliba Rantin de Carvalho."}, {"id": "6866", "ano": "2025", "numero": "160", "tipo__sigla": "POR", "tipo__descricao": "Portaria", "texto_integral": "http://sapl.sarandi.pr.leg.br/media/sapl/public/normajuridica/2025/6866/portaria_no_160-2025-sapl.pdf", "ementa": "Concede progress\u00e3o funcional por merecimento \u00e0 servidora Camila de Souza Bueno dos Santos."}, {"id": "6865", "ano": "2025", "numero": "159", "tipo__sigla": "POR", "tipo__descricao": "Portaria", "texto_integral": "http://sapl.sarandi.pr.leg.br/media/sapl/public/normajuridica/2025/6865/portaria_no_159-2025-sapl.pdf", "ementa": "Concede progress\u00e3o funcional por merecimento \u00e0 servidora Sandra da Mata Clemente Duarte."}, {"id": "6872", "ano": "2025", "numero": "713", "tipo__sigla": "DE", "tipo__descricao": "Decreto Executivo", "texto_integral": "http://sapl.sarandi.pr.leg.br/media/sapl/public/normajuridica/2025/6872/decreto_executivo_no_713-2025.pdf", "ementa": "Abre Cr\u00e9dito Adicional Suplementar e da outras provid\u00eancias."}, {"id": "6876", "ano": "2025", "numero": "711", "tipo__sigla": "DE", "tipo__descricao": "Decreto Executivo", "texto_integral": "http://sapl.sarandi.pr.leg.br/media/sapl/public/normajuridica/2025/6876/decreto_executivo_no_711-2025.pdf", "ementa": "Constitui a Comiss\u00e3o Municipal de Enfrentamento \u00e0 Viol\u00eancia contra Crian\u00e7a e Adolescente de Sarandi (CEVCA) e d\u00e1 outras provid\u00eancias."}, {"id": "6871", "ano": "2025", "numero": "710", "tipo__sigla": "DE", "tipo__descricao": "Decreto Executivo", "texto_integral": "http://sapl.sarandi.pr.leg.br/media/sapl/public/normajuridica/2025/6871/decreto_executivo_no_710-2025.pdf", "ementa": "Abre Cr\u00e9dito Adicional Suplementar e da outras provid\u00eancias."}, {"id": "6870", "ano": "2025", "numero": "707", "tipo__sigla": "DE", "tipo__descricao": "Decreto Executivo", "texto_integral": "http://sapl.sarandi.pr.leg.br/media/sapl/public/normajuridica/2025/6870/decreto_executivo_no_707-2025.pdf", "ementa": "Abre Cr\u00e9dito Adicional Suplementar e da outras provid\u00eancias."}, {"id": "6863", "ano": "2025", "numero": "708", "tipo__sigla": "DE", "tipo__descricao": "Decreto Executivo", "texto_integral": "http://sapl.sarandi.pr.leg.br/media/sapl/public/normajuridica/2025/6863/decreto_executivo_no_708-2025.pdf", "ementa": "Regulamenta a Lei Municipal n\u00ba 3082/2025, que institui o benef\u00edcio Aux\u00edlio Aluguel  Social no Munic\u00edpio de Sarandi, e d\u00e1 outras provid\u00eancias."}, {"id": "6868", "ano": "2025", "numero": "706", "tipo__sigla": "DE", "tipo__descricao": "Decreto Executivo", "texto_integral": "http://sapl.sarandi.pr.leg.br/media/sapl/public/normajuridica/2025/6868/decreto_executivo_no_706-2025.pdf", "ementa": "Abre Cr\u00e9dito Adicional Suplementar e da outras provid\u00eancias."}, {"id": "6858", "ano": "2025", "numero": "3097", "tipo__sigla": "LEI", "tipo__descricao": "Lei Ordin\u00e1ria", "texto_integral": "http://sapl.sarandi.pr.leg.br/media/sapl/public/normajuridica/2025/6858/lei_3097-2025_diom.pdf", "ementa": "Altera a Lei n\u00ba 3.089, de 3 de setembro de 2025."}, {"id": "6859", "ano": "2025", "numero": "688", "tipo__sigla": "DE", "tipo__descricao": "Decreto Executivo", "texto_integral": "http://sapl.sarandi.pr.leg.br/media/sapl/public/normajuridica/2025/6859/decreto_executivo_no_688-2025.pdf", "ementa": "Disp\u00f5e sobre o processo eleitoral da Comiss\u00e3o Interna de Preven\u00e7\u00e3o de Acidentes e de Ass\u00e9dio (CIPA)-Gest\u00e3o2025/2026 no munic\u00edpio de Sarandi- PR, na forma que espec\u00edfica."}, {"id": "6857", "ano": "2025", "numero": "498", "tipo__sigla": "LC", "tipo__descricao": "Lei Complementar", "texto_integral": "http://sapl.sarandi.pr.leg.br/media/sapl/public/normajuridica/2025/6857/lei_complementar_498-2025_sapl.pdf", "ementa": "Altera a Lei Complementar n\u00ba 411, de 6 de junho de 2022 e d\u00e1 outras provid\u00eancias."}, {"id": "6856", "ano": "2025", "numero": "497", "tipo__sigla": "LC", "tipo__descricao": "Lei Complementar", "texto_integral": "http://sapl.sarandi.pr.leg.br/media/sapl/public/normajuridica/2025/6856/lei_complementar_497-2025_sapl.pdf", "ementa": "Altera a Lei Complementar n\u00ba 70, de 26 de dezembro de 2001."}, {"id": "6864", "ano": "2025", "numero": "692", "tipo__sigla": "DE", "tipo__descricao": "Decreto Executivo", "texto_integral": "http://sapl.sarandi.pr.leg.br/media/sapl/public/normajuridica/2025/6864/decreto_executivo_no_692-2025.pdf", "ementa": "Abre Cr\u00e9dito Adicional Suplementar e da outras provid\u00eancias."}, {"id": "6862", "ano": "2025", "numero": "691", "tipo__sigla": "DE", "tipo__descricao": "Decreto Executivo", "texto_integral": "http://sapl.sarandi.pr.leg.br/media/sapl/public/normajuridica/2025/6862/decreto_executivo_no_691-2025.pdf", "ementa": "Abre Cr\u00e9dito Adicional Suplementar e da outras provid\u00eancias."}, {"id": "6843", "ano": "2025", "numero": "496", "tipo__sigla": "LC", "tipo__descricao": "Lei Complementar", "texto_integral": "http://sapl.sarandi.pr.leg.br/media/sapl/public/normajuridica/2025/6843/lei_complementar_496-2025_sapl.pdf", "ementa": "Revoga a Lei Complementar n\u00ba 481, de 11 de mar\u00e7o de 2025."}, {"id": "6854", "ano": "2025", "numero": "158", "tipo__sigla": "POR", "tipo__descricao": "Portaria", "texto_integral": "http://sapl.sarandi.pr.leg.br/media/sapl/public/normajuridica/2025/6854/portaria_no_158-2025-sapl.pdf", "ementa": "Nomeia Marcia Belei Prado para o cargo de Assessora Legislativa."}, {"id": "6853", "ano": "2025", "numero": "157", "tipo__sigla": "POR", "tipo__descricao": "Portaria", "texto_integral": "http://sapl.sarandi.pr.leg.br/media/sapl/public/normajuridica/2025/6853/portaria_no_157-2025-sapl.pdf", "ementa": "Altera a lota\u00e7\u00e3o da servidora Izabel Simei Calmon Vieira."}, {"id": "6852", "ano": "2025", "numero": "156", "tipo__sigla": "POR", "tipo__descricao": "Portaria", "texto_integral": "http://sapl.sarandi.pr.leg.br/media/sapl/public/normajuridica/2025/6852/portaria_no_156-2025-sapl.pdf", "ementa": "Exonera a servidora Luciana da Silva Vidal Gomes."}, {"id": "6860", "ano": "2025", "numero": "3", "tipo__sigla": "ATP", "tipo__descricao": "Ato da Presid\u00eancia", "texto_integral": "http://sapl.sarandi.pr.leg.br/media/sapl/public/normajuridica/2025/6860/ato_da_presidencia_no_3-2025_sapl.pdf", "ementa": "Reintegra o Vereador Erasmo Cardoso Pereira ao exerc\u00edcio do mandato parlamentar."}, {"id": "6855", "ano": "2025", "numero": "14", "tipo__sigla": "DL", "tipo__descricao": "Decreto Legislativo", "texto_integral": "http://sapl.sarandi.pr.leg.br/media/sapl/public/normajuridica/2025/6855/decreto_legislativo_no_14_2025_sapl.pdf", "ementa": "Concede T\u00edtulo de Cidad\u00e3o Honor\u00e1rio a Senhor Sinval Clementino de Mendon\u00e7a."}, {"id": "6851", "ano": "2025", "numero": "683", "tipo__sigla": "DE", "tipo__descricao": "Decreto Executivo", "texto_integral": "http://sapl.sarandi.pr.leg.br/media/sapl/public/normajuridica/2025/6851/decreto_executivo_no_683-2025__-_retificacao.pdf", "ementa": "Abre Cr\u00e9dito Adicional Suplementar e da outras provid\u00eancias."}, {"id": "6850", "ano": "2025", "numero": "680", "tipo__sigla": "DE", "tipo__descricao": "Decreto Executivo", "texto_integral": "http://sapl.sarandi.pr.leg.br/media/sapl/public/normajuridica/2025/6850/decreto_executivo_no_680-2025.pdf", "ementa": "Abre Cr\u00e9dito Adicional Suplementar e da outras provid\u00eancias."}, {"id": "6847", "ano": "2025", "numero": "673", "tipo__sigla": "DE", "tipo__descricao": "Decreto Executivo", "texto_integral": "http://sapl.sarandi.pr.leg.br/media/sapl/public/normajuridica/2025/6847/decreto_executivo_no_673-2025_-_retificacao.pdf", "ementa": "Abre Cr\u00e9dito Adicional Suplementar e da outras provid\u00eancias."}, {"id": "6849", "ano": "2025", "numero": "679", "tipo__sigla": "DE", "tipo__descricao": "Decreto Executivo", "texto_integral": "http://sapl.sarandi.pr.leg.br/media/sapl/public/normajuridica/2025/6849/decreto_executivo_no_679-2025.pdf", "ementa": "Abre Cr\u00e9dito Adicional Suplementar e da outras provid\u00eancias."}, {"id": "6846", "ano": "2025", "numero": "677", "tipo__sigla": "DE", "tipo__descricao": "Decreto Executivo", "texto_integral": "http://sapl.sarandi.pr.leg.br/media/sapl/public/normajuridica/2025/6846/decreto_executivo_no_677-2025.pdf", "ementa": "Abre Cr\u00e9dito Adicional Suplementar e da outras provid\u00eancias."}, {"id": "6848", "ano": "2025", "numero": "676", "tipo__sigla": "DE", "tipo__descricao": "Decreto Executivo", "texto_integral": "http://sapl.sarandi.pr.leg.br/media/sapl/public/normajuridica/2025/6848/decreto_executivo_no_676-2025.pdf", "ementa": "Abre Cr\u00e9dito Adicional Suplementar e da outras provid\u00eancias."}, {"id": "6842", "ano": "2025", "numero": "668", "tipo__sigla": "DE", "tipo__descricao": "Decreto Executivo", "texto_integral": "http://sapl.sarandi.pr.leg.br/media/sapl/public/normajuridica/2025/6842/decreto_executivo_no_668-2025.pdf", "ementa": "Abre Cr\u00e9dito Adicional Suplementar e da outras provid\u00eancias."}, {"id": "6840", "ano": "2025", "numero": "155", "tipo__sigla": "POR", "tipo__descricao": "Portaria", "texto_integral": "http://sapl.sarandi.pr.leg.br/media/sapl/public/normajuridica/2025/6840/portaria_no_155-2025-sapl.pdf", "ementa": "Estabelece recesso funcional no dia 3 de outubro de 2025 no \u00e2mbito da C\u00e2mara Municipal de Sarandi."}, {"id": "6861", "ano": "2025", "numero": "669", "tipo__sigla": "DE", "tipo__descricao": "Decreto Executivo", "texto_integral": "http://sapl.sarandi.pr.leg.br/media/sapl/public/normajuridica/2025/6861/decreto_executivo_no_669-2025.pdf", "ementa": "REGULAMENTA A VENDA POR AMBULANTES E DE BEBIDAS ALCO\u00d3LICAS NO PER\u00cdMETRO DOS EVENTOS DE COMEMORA\u00c7\u00c3O DO 44\u00ba(QUADRAG\u00c9SIMO quarto) ANIVERS\u00c1RIO DO MUNIC\u00cdPIO DE SARANDI \u2013 PR."}, {"id": "6841", "ano": "2025", "numero": "667", "tipo__sigla": "DE", "tipo__descricao": "Decreto Executivo", "texto_integral": "http://sapl.sarandi.pr.leg.br/media/sapl/public/normajuridica/2025/6841/decreto_executivo_no_667-2025.pdf", "ementa": "Abre Cr\u00e9dito Adicional Suplementar e da outras provid\u00eancias."}, {"id": "6845", "ano": "2025", "numero": "3096", "tipo__sigla": "LEI", "tipo__descricao": "Lei Ordin\u00e1ria", "texto_integral": "http://sapl.sarandi.pr.leg.br/media/sapl/public/normajuridica/2025/6845/lei_3096-2025_sapl.pdf", "ementa": "Disp\u00f5e sobre a abertura de Cr\u00e9dito Adicional Especial e d\u00e1 outras provid\u00eancias."}, {"id": "6844", "ano": "2025", "numero": "3095", "tipo__sigla": "LEI", "tipo__descricao": "Lei Ordin\u00e1ria", "texto_integral": "http://sapl.sarandi.pr.leg.br/media/sapl/public/normajuridica/2025/6844/lei_3095-2025_sapl.pdf", "ementa": "Altera a Lei n\u00ba 3.068, de 23 de junho de 2025."}, {"id": "6839", "ano": "2025", "numero": "665", "tipo__sigla": "DE", "tipo__descricao": "Decreto Executivo", "texto_integral": "http://sapl.sarandi.pr.leg.br/media/sapl/public/normajuridica/2025/6839/decreto_executivo_no_665-2025.pdf", "ementa": "Abre Cr\u00e9dito Adicional Suplementar e da outras provid\u00eancias."}, {"id": "6837", "ano": "2025", "numero": "13", "tipo__sigla": "DL", "tipo__descricao": "Decreto Legislativo", "texto_integral": "http://sapl.sarandi.pr.leg.br/media/sapl/public/normajuridica/2025/6837/decreto_legislativo_no_13_2025_sapl.pdf", "ementa": "Concede Titulo de Cidad\u00e3o Honor\u00e1rio ao Tenente H\u00e9lio Carvalho Martins Filho."}, {"id": "6836", "ano": "2025", "numero": "12", "tipo__sigla": "DL", "tipo__descricao": "Decreto Legislativo", "texto_integral": "http://sapl.sarandi.pr.leg.br/media/sapl/public/normajuridica/2025/6836/decreto_legislativo_no_12_2025_sapl.pdf", "ementa": "Concede T\u00edtulo de Cidad\u00e3o Honor\u00e1rio ao Delegado Willian Araujo Ribeiro."}, {"id": "6834", "ano": "2025", "numero": "663", "tipo__sigla": "DE", "tipo__descricao": "Decreto Executivo", "texto_integral": "http://sapl.sarandi.pr.leg.br/media/sapl/public/normajuridica/2025/6834/decreto_executivo_no_663-2025.pdf", "ementa": "Abre Cr\u00e9dito Adicional Suplementar e da outras provid\u00eancias."}, {"id": "6838", "ano": "2025", "numero": "662", "tipo__sigla": "DE", "tipo__descricao": "Decreto Executivo", "texto_integral": "http://sapl.sarandi.pr.leg.br/media/sapl/public/normajuridica/2025/6838/decreto_executivo_no_662-2025.pdf", "ementa": "Abre Cr\u00e9dito Adicional Suplementar e da outras provid\u00eancias."}, {"id": "6833", "ano": "2025", "numero": "661", "tipo__sigla": "DE", "tipo__descricao": "Decreto Executivo", "texto_integral": "http://sapl.sarandi.pr.leg.br/media/sapl/public/normajuridica/2025/6833/decreto_executivo_no_661-2025.pdf", "ementa": "Abre Cr\u00e9dito Adicional Suplementar e da outras provid\u00eancias."}, {"id": "6832", "ano": "2025", "numero": "660", "tipo__sigla": "DE", "tipo__descricao": "Decreto Executivo", "texto_integral": "http://sapl.sarandi.pr.leg.br/media/sapl/public/normajuridica/2025/6832/decreto_executivo_no_660-2025.pdf", "ementa": "Cr\u00e9dito Adicional Suplementar e da outras provid\u00eancias."}, {"id": "6828", "ano": "2025", "numero": "656", "tipo__sigla": "DE", "tipo__descricao": "Decreto Executivo", "texto_integral": "http://sapl.sarandi.pr.leg.br/media/sapl/public/normajuridica/2025/6828/decreto_executivo_no_656-2025.pdf", "ementa": "Abre Cr\u00e9dito Adicional Suplementar e da outras provid\u00eancias."}, {"id": "6827", "ano": "2025", "numero": "154", "tipo__sigla": "POR", "tipo__descricao": "Portaria", "texto_integral": "http://sapl.sarandi.pr.leg.br/media/sapl/public/normajuridica/2025/6827/portaria_no_154-2025-sapl.pdf", "ementa": "Concede progress\u00e3o funcional por capacita\u00e7\u00e3o ao servidor Marlon Bif."}, {"id": "6829", "ano": "2025", "numero": "655", "tipo__sigla": "DE", "tipo__descricao": "Decreto Executivo", "texto_integral": "http://sapl.sarandi.pr.leg.br/media/", "ementa": "Abre Cr\u00e9dito Adicional Suplementar e da outras provid\u00eancias."}, {"id": "6826", "ano": "2025", "numero": "153", "tipo__sigla": "POR", "tipo__descricao": "Portaria", "texto_integral": "http://sapl.sarandi.pr.leg.br/media/sapl/public/normajuridica/2025/6826/portaria_no_153-2025-sapl.pdf", "ementa": "Concede progress\u00e3o funcional por capacita\u00e7\u00e3o ao servidor Rovilson Jos\u00e9 Arantes."}, {"id": "6825", "ano": "2025", "numero": "152", "tipo__sigla": "POR", "tipo__descricao": "Portaria", "texto_integral": "http://sapl.sarandi.pr.leg.br/media/sapl/public/normajuridica/2025/6825/portaria_no_152-2025-sapl.pdf", "ementa": "Designa o servidor Marlon Bif, para fiscaliza\u00e7\u00e3o de Contrato"}, {"id": "6824", "ano": "2025", "numero": "151", "tipo__sigla": "POR", "tipo__descricao": "Portaria", "texto_integral": "http://sapl.sarandi.pr.leg.br/media/sapl/public/normajuridica/2025/6824/portaria_no_151-2025-sapl.pdf", "ementa": "Designa o servidor Lucas Ataliba Rantin de Carvalho, para fiscaliza\u00e7\u00e3o da Dispensa de Licita\u00e7\u00e3o n\u00ba 19/2025."}, {"id": "6830", "ano": "2025", "numero": "3094", "tipo__sigla": "LEI", "tipo__descricao": "Lei Ordin\u00e1ria", "texto_integral": "http://sapl.sarandi.pr.leg.br/media/sapl/public/normajuridica/2025/6830/lei_3094-2025_sapl.pdf", "ementa": "Cria o Grupamento de Ronda Ostensiva Municipal (Romu), no \u00e2mbito da Guarda Civil Municipal de Sarandi e d\u00e1 outras provid\u00eancias."}, {"id": "6831", "ano": "2025", "numero": "651", "tipo__sigla": "DE", "tipo__descricao": "Decreto Executivo", "texto_integral": "http://sapl.sarandi.pr.leg.br/media/sapl/public/normajuridica/2025/6831/decreto_executivo_no_651-2025.pdf", "ementa": "Abre Cr\u00e9dito Adicional Suplementar e da outras provid\u00eancia"}, {"id": "6835", "ano": "2025", "numero": "664", "tipo__sigla": "DE", "tipo__descricao": "Decreto Executivo", "texto_integral": "http://sapl.sarandi.pr.leg.br/media/sapl/public/normajuridica/2025/6835/decreto_executivo_no_664-2025.pdf", "ementa": "Abre Cr\u00e9dito Adicional Suplementar e da outras provid\u00eancias."}, {"id": "6817", "ano": "2025", "numero": "150", "tipo__sigla": "POR", "tipo__descricao": "Portaria", "texto_integral": "http://sapl.sarandi.pr.leg.br/media/sapl/public/normajuridica/2025/6817/portaria_no_150-2025-sapl.pdf", "ementa": "Concede progress\u00e3o funcional por capacita\u00e7\u00e3o \u00e0 servidora Luzia Azevedo Dias."}, {"id": "6816", "ano": "2025", "numero": "149", "tipo__sigla": "POR", "tipo__descricao": "Portaria", "texto_integral": "http://sapl.sarandi.pr.leg.br/media/sapl/public/normajuridica/2025/6816/portaria_no_149-2025-sapl.pdf", "ementa": "Concede progress\u00e3o funcional por titula\u00e7\u00e3o \u00e0 servidora Luzia Azevedo Dias."}, {"id": "6823", "ano": "2025", "numero": "641", "tipo__sigla": "DE", "tipo__descricao": "Decreto Executivo", "texto_integral": "http://sapl.sarandi.pr.leg.br/media/sapl/public/normajuridica/2025/6823/decreto_executivo_no_641-2025.pdf", "ementa": "Abre Cr\u00e9dito Adicional Suplementar e da outras provid\u00eancias."}, {"id": "6822", "ano": "2025", "numero": "638", "tipo__sigla": "DE", "tipo__descricao": "Decreto Executivo", "texto_integral": "http://sapl.sarandi.pr.leg.br/media/sapl/public/normajuridica/2025/6822/decreto_executivo_no_638-2025.pdf", "ementa": "Abre Cr\u00e9dito Especial e da outras provid\u00eancias."}, {"id": "6821", "ano": "2025", "numero": "637", "tipo__sigla": "DE", "tipo__descricao": "Decreto Executivo", "texto_integral": "http://sapl.sarandi.pr.leg.br/media/sapl/public/normajuridica/2025/6821/decreto_executivo_no_637-2025.pdf", "ementa": "Abre Cr\u00e9dito Adicional Suplementar e da outras provid\u00eancias."}, {"id": "6820", "ano": "2025", "numero": "636", "tipo__sigla": "DE", "tipo__descricao": "Decreto Executivo", "texto_integral": "http://sapl.sarandi.pr.leg.br/media/sapl/public/normajuridica/2025/6820/decreto_executivo_no_636-2025.pdf", "ementa": "Abre Cr\u00e9dito Especial e da outras provid\u00eancias."}, {"id": "6819", "ano": "2025", "numero": "635", "tipo__sigla": "DE", "tipo__descricao": "Decreto Executivo", "texto_integral": "http://sapl.sarandi.pr.leg.br/media/sapl/public/normajuridica/2025/6819/decreto_executivo_no_635-2025.pdf", "ementa": "Abre Cr\u00e9dito Especial e da outras provid\u00eancias."}, {"id": "6815", "ano": "2025", "numero": "3093", "tipo__sigla": "LEI", "tipo__descricao": "Lei Ordin\u00e1ria", "texto_integral": "http://sapl.sarandi.pr.leg.br/media/sapl/public/normajuridica/2025/6815/lei_3093-2025_sapl.pdf", "ementa": "Disp\u00f5e sobre a abertura de Cr\u00e9dito Adicional Especial e d\u00e1 outras provid\u00eancias."}, {"id": "6814", "ano": "2025", "numero": "3092", "tipo__sigla": "LEI", "tipo__descricao": "Lei Ordin\u00e1ria", "texto_integral": "http://sapl.sarandi.pr.leg.br/media/sapl/public/normajuridica/2025/6814/lei_3092-2025_sapl.pdf", "ementa": "Altera a Lei n\u00ba 3.075, de 29 de julho de 2025."}, {"id": "6813", "ano": "2025", "numero": "3091", "tipo__sigla": "LEI", "tipo__descricao": "Lei Ordin\u00e1ria", "texto_integral": "http://sapl.sarandi.pr.leg.br/media/sapl/public/normajuridica/2025/6813/lei_3091-2025_sapl.pdf", "ementa": "Disp\u00f5e sobre a cria\u00e7\u00e3o do Conselho Municipal dos Direitos da Mulher (CMDME), da cria\u00e7\u00e3o do Fundo Municipal dos Direitos da Mulher (FMDM), e d\u00e1 outras provid\u00eancias."}, {"id": "6803", "ano": "2025", "numero": "3090", "tipo__sigla": "LEI", "tipo__descricao": "Lei Ordin\u00e1ria", "texto_integral": "http://sapl.sarandi.pr.leg.br/media/sapl/public/normajuridica/2025/6803/lei_3090-2025_sapl.pdf", "ementa": "Disp\u00f5e sobre a abertura de Cr\u00e9dito Adicional Especial e d\u00e1 outras provid\u00eancias."}, {"id": "6802", "ano": "2025", "numero": "3089", "tipo__sigla": "LEI", "tipo__descricao": "Lei Ordin\u00e1ria", "texto_integral": "http://sapl.sarandi.pr.leg.br/media/sapl/public/normajuridica/2025/6802/lei_3089-2025_sapl.pdf", "ementa": "Disp\u00f5e sobre a abertura de Cr\u00e9dito Adicional Especial e d\u00e1 outras provid\u00eancias."}, {"id": "6801", "ano": "2025", "numero": "3088", "tipo__sigla": "LEI", "tipo__descricao": "Lei Ordin\u00e1ria", "texto_integral": "http://sapl.sarandi.pr.leg.br/media/sapl/public/normajuridica/2025/6801/lei_3088-2025_sapl.pdf", "ementa": "Disp\u00f5e sobre a abertura de Cr\u00e9dito Adicional Especial e d\u00e1 outras provid\u00eancias."}, {"id": "6800", "ano": "2025", "numero": "3087", "tipo__sigla": "LEI", "tipo__descricao": "Lei Ordin\u00e1ria", "texto_integral": "http://sapl.sarandi.pr.leg.br/media/sapl/public/normajuridica/2025/6800/lei_3087-2025_sapl.pdf", "ementa": "Autoriza o Poder Executivo Municipal a desapropriar \u00e1rea em raz\u00e3o do interesse p\u00fablico, na maneira que especifica."}, {"id": "6799", "ano": "2025", "numero": "3086", "tipo__sigla": "LEI", "tipo__descricao": "Lei Ordin\u00e1ria", "texto_integral": "http://sapl.sarandi.pr.leg.br/media/sapl/public/normajuridica/2025/6799/lei_3086-2025_sapl.pdf", "ementa": "Autoriza o Poder Executivo Municipal a desapropriar \u00e1rea em raz\u00e3o do interesse p\u00fablico, na maneira que especifica."}, {"id": "6798", "ano": "2025", "numero": "148", "tipo__sigla": "POR", "tipo__descricao": "Portaria", "texto_integral": "http://sapl.sarandi.pr.leg.br/media/sapl/public/normajuridica/2025/6798/portaria_no_148-2025-sapl.pdf", "ementa": "Concede licen\u00e7a especial \u00e0 servidora Angela Alves de Almeida."}, {"id": "6796", "ano": "2025", "numero": "147", "tipo__sigla": "POR", "tipo__descricao": "Portaria", "texto_integral": "http://sapl.sarandi.pr.leg.br/media/sapl/public/normajuridica/2025/6796/portaria_no_147-2025-sapl.pdf", "ementa": "Nomeia a servidora Sandra da Mata Clemente Duarte para ocupar a Fun\u00e7\u00e3o Gratificada de Encarregada de Apoio aos Servi\u00e7os Gerais."}, {"id": "6795", "ano": "2025", "numero": "146", "tipo__sigla": "POR", "tipo__descricao": "Portaria", "texto_integral": "http://sapl.sarandi.pr.leg.br/media/sapl/public/normajuridica/2025/6795/portaria_no_146-2025-sapl.pdf", "ementa": "Nomeia a servidora Luzia Azevedo Dias para ocupar a Fun\u00e7\u00e3o Gratificada de Encarregada do Protocolo"}, {"id": "6805", "ano": "2025", "numero": "11", "tipo__sigla": "DL", "tipo__descricao": "Decreto Legislativo", "texto_integral": "http://sapl.sarandi.pr.leg.br/media/sapl/public/normajuridica/2025/6805/decreto_legislativo_no_11_2025_sapl.pdf", "ementa": "Concede Titulo de Cidad\u00e3 Honor\u00e1ria a Senhora Ros\u00e1ria Aparecida S\u00e9kua."}, {"id": "6818", "ano": "2025", "numero": "629", "tipo__sigla": "DE", "tipo__descricao": "Decreto Executivo", "texto_integral": "http://sapl.sarandi.pr.leg.br/media/sapl/public/normajuridica/2025/6818/decreto_executivo_no_629-2025.pdf", "ementa": "Abre Cr\u00e9dito Adicional Suplementar e da outras provid\u00eancias."}, {"id": "6792", "ano": "2025", "numero": "3085", "tipo__sigla": "LEI", "tipo__descricao": "Lei Ordin\u00e1ria", "texto_integral": "http://sapl.sarandi.pr.leg.br/media/sapl/public/normajuridica/2025/6792/lei_3085-2025_sapl.pdf", "ementa": "Concede aux\u00edlio-transporte aos servidores da C\u00e2mara Municipal de Sarandi."}, {"id": "6791", "ano": "2025", "numero": "3084", "tipo__sigla": "LEI", "tipo__descricao": "Lei Ordin\u00e1ria", "texto_integral": "http://sapl.sarandi.pr.leg.br/media/sapl/public/normajuridica/2025/6791/lei_3084-2025_sapl.pdf", "ementa": "Disp\u00f5e sobre a abertura de Cr\u00e9dito Adicional Especial e d\u00e1 outras provid\u00eancias."}, {"id": "6790", "ano": "2025", "numero": "3083", "tipo__sigla": "LEI", "tipo__descricao": "Lei Ordin\u00e1ria", "texto_integral": "http://sapl.sarandi.pr.leg.br/media/sapl/public/normajuridica/2025/6790/lei_3083-2025_sapl.pdf", "ementa": "Altera a Lei n\u00ba 2.869, de 1\u00ba de dezembro de 2022 e d\u00e1 outras provid\u00eancias."}, {"id": "6793", "ano": "2025", "numero": "495", "tipo__sigla": "LC", "tipo__descricao": "Lei Complementar", "texto_integral": "http://sapl.sarandi.pr.leg.br/media/sapl/public/normajuridica/2025/6793/lei_complementar_495-2025_sapl.pdf", "ementa": "Altera a Lei Complementar n\u00ba 447, de 22 de agosto de 2023."}, {"id": "6789", "ano": "2025", "numero": "145", "tipo__sigla": "POR", "tipo__descricao": "Portaria", "texto_integral": "http://sapl.sarandi.pr.leg.br/media/sapl/public/normajuridica/2025/6789/portaria_no_145-2025-sapl.pdf", "ementa": "Nomeia Adriano Tomaz da Rocha para o cargo de Assessor de Diretoria."}, {"id": "6788", "ano": "2025", "numero": "144", "tipo__sigla": "POR", "tipo__descricao": "Portaria", "texto_integral": "http://sapl.sarandi.pr.leg.br/media/sapl/public/normajuridica/2025/6788/portaria_no_144-2025-sapl.pdf", "ementa": "Concede progress\u00e3o funcional por merecimento ao servidor Marlon Bif."}, {"id": "6787", "ano": "2025", "numero": "143", "tipo__sigla": "POR", "tipo__descricao": "Portaria", "texto_integral": "http://sapl.sarandi.pr.leg.br/media/sapl/public/normajuridica/2025/6787/portaria_no_143-2025-sapl.pdf", "ementa": "Concede progress\u00e3o funcional por capacita\u00e7\u00e3o ao servidor Rovilson Jos\u00e9 Arantes."}, {"id": "6786", "ano": "2025", "numero": "142", "tipo__sigla": "POR", "tipo__descricao": "Portaria", "texto_integral": "http://sapl.sarandi.pr.leg.br/media/sapl/public/normajuridica/2025/6786/portaria_no_142-2025-sapl.pdf", "ementa": "Concede progress\u00e3o funcional por titula\u00e7\u00e3o ao servidor Wesley Henrique Sanguino."}, {"id": "6785", "ano": "2025", "numero": "141", "tipo__sigla": "POR", "tipo__descricao": "Portaria", "texto_integral": "http://sapl.sarandi.pr.leg.br/media/sapl/public/normajuridica/2025/6785/portaria_no_141-2025-sapl.pdf", "ementa": "Concede progress\u00e3o funcional por titula\u00e7\u00e3o \u00e0 servidora Thais Sabino Janunzzi."}, {"id": "6784", "ano": "2025", "numero": "140", "tipo__sigla": "POR", "tipo__descricao": "Portaria", "texto_integral": "http://sapl.sarandi.pr.leg.br/media/sapl/public/normajuridica/2025/6784/portaria_no_140-2025-sapl.pdf", "ementa": "Concede progress\u00e3o funcional por titula\u00e7\u00e3o \u00e0 servidora Suzane Ribeiro Siqueira Azevedo."}, {"id": "6783", "ano": "2025", "numero": "139", "tipo__sigla": "POR", "tipo__descricao": "Portaria", "texto_integral": "http://sapl.sarandi.pr.leg.br/media/sapl/public/normajuridica/2025/6783/portaria_no_139-2025-sapl.pdf", "ementa": "Concede progress\u00e3o funcional por titula\u00e7\u00e3o \u00e0 servidora Regiane Zaparolli Figueiredo."}, {"id": "6782", "ano": "2025", "numero": "138", "tipo__sigla": "POR", "tipo__descricao": "Portaria", "texto_integral": "http://sapl.sarandi.pr.leg.br/media/sapl/public/normajuridica/2025/6782/portaria_no_138-2025-sapl.pdf", "ementa": "Concede progress\u00e3o funcional por titula\u00e7\u00e3o \u00e0 servidora Kauana Pereira de Souza."}, {"id": "6781", "ano": "2025", "numero": "137", "tipo__sigla": "POR", "tipo__descricao": "Portaria", "texto_integral": "http://sapl.sarandi.pr.leg.br/media/sapl/public/normajuridica/2025/6781/portaria_no_137-2025-sapl.pdf", "ementa": "Concede progress\u00e3o funcional por titula\u00e7\u00e3o ao servidor Jo\u00e3o Lucas Figueiredo de Lima."}, {"id": "6780", "ano": "2025", "numero": "136", "tipo__sigla": "POR", "tipo__descricao": "Portaria", "texto_integral": "http://sapl.sarandi.pr.leg.br/media/sapl/public/normajuridica/2025/6780/portaria_no_136-2025-sapl.pdf", "ementa": "Concede progress\u00e3o funcional por titula\u00e7\u00e3o ao servidor Alex Francisco de Souza."}, {"id": "6794", "ano": "2025", "numero": "5", "tipo__sigla": "RES", "tipo__descricao": "Resolu\u00e7\u00e3o", "texto_integral": "http://sapl.sarandi.pr.leg.br/media/sapl/public/normajuridica/2025/6794/resolucao_no_5_2025.pdf", "ementa": "Altera a Resolu\u00e7\u00e3o n\u00ba 1, de 31 de janeiro de 2024 e d\u00e1 outras provid\u00eancias."}, {"id": "6809", "ano": "2025", "numero": "628", "tipo__sigla": "DE", "tipo__descricao": "Decreto Executivo", "texto_integral": "http://sapl.sarandi.pr.leg.br/media/sapl/public/normajuridica/2025/6809/decreto_executivo_no_628-2025.pdf", "ementa": "Abre Cr\u00e9dito Adicional Suplementar e da outras provid\u00eancias."}, {"id": "6808", "ano": "2025", "numero": "627", "tipo__sigla": "DE", "tipo__descricao": "Decreto Executivo", "texto_integral": "http://sapl.sarandi.pr.leg.br/media/sapl/public/normajuridica/2025/6808/decreto_executivo_no_627-2025.pdf", "ementa": "Abre Cr\u00e9dito Adicional Suplementar e da outras provid\u00eancias"}, {"id": "6807", "ano": "2025", "numero": "626", "tipo__sigla": "DE", "tipo__descricao": "Decreto Executivo", "texto_integral": "http://sapl.sarandi.pr.leg.br/media/", "ementa": "Abre Cr\u00e9dito Adicional Suplementar e da outras provid\u00eancias."}, {"id": "6778", "ano": "2025", "numero": "625", "tipo__sigla": "DE", "tipo__descricao": "Decreto Executivo", "texto_integral": "http://sapl.sarandi.pr.leg.br/media/sapl/public/normajuridica/2025/6778/decreto_executivo_no_625-2025.pdf", "ementa": "Abre Cr\u00e9dito Adicional Suplementar e da outras provid\u00eancias."}, {"id": "6779", "ano": "2025", "numero": "135", "tipo__sigla": "POR", "tipo__descricao": "Portaria", "texto_integral": "http://sapl.sarandi.pr.leg.br/media/sapl/public/normajuridica/2025/6779/portaria_no_135-2025_-sapl.pdf", "ementa": "Concede progress\u00e3o funcional por capacita\u00e7\u00e3o \u00e0 servidora Sandra da Mata Clemente Duarte."}, {"id": "6797", "ano": "2025", "numero": "3082", "tipo__sigla": "LEI", "tipo__descricao": "Lei Ordin\u00e1ria", "texto_integral": "http://sapl.sarandi.pr.leg.br/media/sapl/public/normajuridica/2025/6797/lei_3082-2025_sapl.pdf", "ementa": "Cria o Benef\u00edcio Aux\u00edlio Aluguel Social e d\u00e1 outras provid\u00eancias."}, {"id": "6812", "ano": "2025", "numero": "623", "tipo__sigla": "DE", "tipo__descricao": "Decreto Executivo", "texto_integral": "http://sapl.sarandi.pr.leg.br/media/sapl/public/normajuridica/2025/6812/decreto_executivo_no_623-2025.pdf", "ementa": "Abre Cr\u00e9dito Adicional Suplementar e da outras provid\u00eancias."}, {"id": "6811", "ano": "2025", "numero": "622", "tipo__sigla": "DE", "tipo__descricao": "Decreto Executivo", "texto_integral": "http://sapl.sarandi.pr.leg.br/media/sapl/public/normajuridica/2025/6811/decreto_executivo_no_622-2025.pdf", "ementa": "Abre Cr\u00e9dito Adicional Suplementar e da outras provid\u00eancias."}, {"id": "6777", "ano": "2025", "numero": "134", "tipo__sigla": "POR", "tipo__descricao": "Portaria", "texto_integral": "http://sapl.sarandi.pr.leg.br/media/sapl/public/normajuridica/2025/6777/portaria_no_134-2025_-sapl.pdf", "ementa": "Concede progress\u00e3o funcional por capacita\u00e7\u00e3o \u00e0 servidora Camila de Souza Bueno dos Santos."}, {"id": "6806", "ano": "2025", "numero": "3080", "tipo__sigla": "LEI", "tipo__descricao": "Lei Ordin\u00e1ria", "texto_integral": "http://sapl.sarandi.pr.leg.br/media/sapl/public/normajuridica/2025/6806/lei_3080-2025_sapl.pdf", "ementa": "Autoriza o Munic\u00edpio de Sarandi \u2013 PR, atrav\u00e9s do Chefe do Poder Executivo Municipal a outorgar permuta de im\u00f3veis do Patrim\u00f4nio P\u00fablico Municipal por im\u00f3vel particular para viabilizar o prolongamento da Rua J\u00falio Dvoranen."}, {"id": "6810", "ano": "2025", "numero": "620", "tipo__sigla": "DE", "tipo__descricao": "Decreto Executivo", "texto_integral": "http://sapl.sarandi.pr.leg.br/media/sapl/public/normajuridica/2025/6810/decreto_executivo_no_620-2025.pdf", "ementa": "Abre Cr\u00e9dito Adicional Suplementar e da outras provid\u00eancias."}, {"id": "6776", "ano": "2025", "numero": "133", "tipo__sigla": "POR", "tipo__descricao": "Portaria", "texto_integral": "http://sapl.sarandi.pr.leg.br/media/sapl/public/normajuridica/2025/6776/portaria_no_133-2025_-sapl.pdf", "ementa": "Designa o servidorJo\u00e3o Roberto dos Santos Lopesde Carvalho, para fiscaliza\u00e7\u00e3o do Contrato de Presta\u00e7\u00e3o de Servi\u00e7osprovenientes da Dispensa de Licita\u00e7\u00e3o 018/2025-CMS."}, {"id": "6775", "ano": "2025", "numero": "132", "tipo__sigla": "POR", "tipo__descricao": "Portaria", "texto_integral": "http://sapl.sarandi.pr.leg.br/media/sapl/public/normajuridica/2025/6775/portaria_no_132-2025_-sapl.pdf", "ementa": "Designa o servidor Lucas Ataliba Rantin de Carvalho, para fiscaliza\u00e7\u00e3o de ata de registro de pre\u00e7os."}, {"id": "6773", "ano": "2025", "numero": "131", "tipo__sigla": "POR", "tipo__descricao": "Portaria", "texto_integral": "http://sapl.sarandi.pr.leg.br/media/sapl/public/normajuridica/2025/6773/portaria_no_131-2025_-sapl.pdf", "ementa": "Concede progress\u00e3o funcional por merecimento \u00e0 servidora Marcela Fritz de Lima Muratori"}, {"id": "6804", "ano": "2025", "numero": "10", "tipo__sigla": "DL", "tipo__descricao": "Decreto Legislativo", "texto_integral": "http://sapl.sarandi.pr.leg.br/media/sapl/public/normajuridica/2025/6804/decreto_legislativo_no_10_2025_sapl.pdf", "ementa": "Disp\u00f5e sobre a aceita\u00e7\u00e3o do \u201cVeto parcial n\u00ba 3/2025\u201d ao Projeto de Lei Complementar n\u00ba 647/2025, de autoria do Poder Executivo Municipal, o qual \u201cAltera a Lei Complementar n\u00ba 115, de 27 de maio de 2005 e d\u00e1 outras provid\u00eancias.\u201d."}, {"id": "6769", "ano": "2025", "numero": "130", "tipo__sigla": "POR", "tipo__descricao": "Portaria", "texto_integral": "http://sapl.sarandi.pr.leg.br/media/sapl/public/normajuridica/2025/6769/portaria_no_130-2025_-_sapl.pdf", "ementa": "Concede progress\u00e3o funcional por capacita\u00e7\u00e3o ao servidor Jo\u00e3o Roberto dos Santos Lopes."}, {"id": "6774", "ano": "2025", "numero": "3081", "tipo__sigla": "LEI", "tipo__descricao": "Lei Ordin\u00e1ria", "texto_integral": "http://sapl.sarandi.pr.leg.br/media/sapl/public/normajuridica/2025/6774/lei_3081-2025_sapl.pdf", "ementa": "Autoriza o Poder Executivo Municipal a desapropriar \u00e1rea em raz\u00e3o do interesse p\u00fablico."}, {"id": "6771", "ano": "2025", "numero": "3079", "tipo__sigla": "LEI", "tipo__descricao": "Lei Ordin\u00e1ria", "texto_integral": "http://sapl.sarandi.pr.leg.br/media/sapl/public/normajuridica/2025/6771/lei_3079-2025_sapl.pdf", "ementa": "Disp\u00f5e sobre as diretrizes para a elabora\u00e7\u00e3o e execu\u00e7\u00e3o da Lei Or\u00e7ament\u00e1ria para o exerc\u00edcio de 2026."}, {"id": "6762", "ano": "2025", "numero": "605", "tipo__sigla": "DE", "tipo__descricao": "Decreto Executivo", "texto_integral": "http://sapl.sarandi.pr.leg.br/media/sapl/public/normajuridica/2025/6762/decreto_executivo_no_605-2025.pdf", "ementa": "Abre Cr\u00e9dito Adicional Suplementar e da outras provid\u00eancias."}, {"id": "6772", "ano": "2025", "numero": "494", "tipo__sigla": "LC", "tipo__descricao": "Lei Complementar", "texto_integral": "http://sapl.sarandi.pr.leg.br/media/sapl/public/normajuridica/2025/6772/lei_complementar_494-2025_sapl.pdf", "ementa": "Altera a Lei Complementar n\u00ba 70, de 26 de dezembro de 2001 e d\u00e1 outras provid\u00eancias."}, {"id": "6768", "ano": "2025", "numero": "129", "tipo__sigla": "POR", "tipo__descricao": "Portaria", "texto_integral": "http://sapl.sarandi.pr.leg.br/media/sapl/public/normajuridica/2025/6768/portaria_no_129-2025_-sapl..pdf", "ementa": "Designa comiss\u00e3o de avalia\u00e7\u00e3o de amostra referente ao Processo Administrativo de Contrata\u00e7\u00e3o n\u00ba 26/2025."}, {"id": "6767", "ano": "2025", "numero": "128", "tipo__sigla": "POR", "tipo__descricao": "Portaria", "texto_integral": "http://sapl.sarandi.pr.leg.br/media/sapl/public/normajuridica/2025/6767/portaria_no_128-2025_-sapl..pdf", "ementa": "Nomeia Jos\u00e9 Emiliano Ribeiro de Oliveira para o cargo de Assessor Legislativo."}, {"id": "6766", "ano": "2025", "numero": "127", "tipo__sigla": "POR", "tipo__descricao": "Portaria", "texto_integral": "http://sapl.sarandi.pr.leg.br/media/sapl/public/normajuridica/2025/6766/portaria_no_127-2025_-sapl..pdf", "ementa": "Concede licen\u00e7a aleitamento \u00e0 servidora Amanda Cristine Zoboli Moreira."}, {"id": "6758", "ano": "2025", "numero": "3077", "tipo__sigla": "LEI", "tipo__descricao": "Lei Ordin\u00e1ria", "texto_integral": "http://sapl.sarandi.pr.leg.br/media/sapl/public/normajuridica/2025/6758/lei_3077-2025_sapl.pdf", "ementa": "Autoriza o Poder Executivo Municipal a desapropriar \u00e1rea em raz\u00e3o do interesse p\u00fablico."}, {"id": "6764", "ano": "2025", "numero": "606", "tipo__sigla": "DE", "tipo__descricao": "Decreto Executivo", "texto_integral": "http://sapl.sarandi.pr.leg.br/media/sapl/public/normajuridica/2025/6764/decreto_executivo_no_606-2025.pdf", "ementa": "Abre Cr\u00e9dito Adicional Suplementar e da outras provid\u00eancias."}, {"id": "6770", "ano": "2025", "numero": "3078", "tipo__sigla": "LEI", "tipo__descricao": "Lei Ordin\u00e1ria", "texto_integral": "http://sapl.sarandi.pr.leg.br/media/sapl/public/normajuridica/2025/6770/lei_3078-2025_sapl.pdf", "ementa": "Disp\u00f5e sobre o Plano Plurianual - PPA do Munic\u00edpio de Sarandi para o quadri\u00eanio 2026 a 2029, na forma que especifica."}, {"id": "6765", "ano": "2025", "numero": "604", "tipo__sigla": "DE", "tipo__descricao": "Decreto Executivo", "texto_integral": "http://sapl.sarandi.pr.leg.br/media/sapl/public/normajuridica/2025/6765/decreto_executivo_no_604-2025.pdf", "ementa": "Abre Cr\u00e9dito Adicional Suplementar e da outras provid\u00eancias."}, {"id": "6763", "ano": "2025", "numero": "601", "tipo__sigla": "DE", "tipo__descricao": "Decreto Executivo", "texto_integral": "http://sapl.sarandi.pr.leg.br/media/", "ementa": "Abre Cr\u00e9dito Adicional Suplementar e da outras provid\u00eancias."}, {"id": "6757", "ano": "2025", "numero": "126", "tipo__sigla": "POR", "tipo__descricao": "Portaria", "texto_integral": "http://sapl.sarandi.pr.leg.br/media/sapl/public/normajuridica/2025/6757/portaria_no_126-2025_-_sapl.pdf", "ementa": "Concede progress\u00e3o funcional por capacita\u00e7\u00e3o ao servidor Lucas Ataliba Rantin de Carvalho."}, {"id": "6756", "ano": "2025", "numero": "125", "tipo__sigla": "POR", "tipo__descricao": "Portaria", "texto_integral": "http://sapl.sarandi.pr.leg.br/media/sapl/public/normajuridica/2025/6756/portaria_no_125-2025_-_sapl.pdf", "ementa": "Concede progress\u00e3o funcional por titula\u00e7\u00e3o \u00e0 servidora Sandra da Mata Clemente Duarte."}, {"id": "6753", "ano": "2025", "numero": "600", "tipo__sigla": "DE", "tipo__descricao": "Decreto Executivo", "texto_integral": "http://sapl.sarandi.pr.leg.br/media/sapl/public/normajuridica/2025/6753/decreto_executivo_no_600-2025.pdf", "ementa": "Abre Cr\u00e9dito Adicional Suplementar e da outras provid\u00eancias."}, {"id": "6755", "ano": "2025", "numero": "124", "tipo__sigla": "POR", "tipo__descricao": "Portaria", "texto_integral": "http://sapl.sarandi.pr.leg.br/media/sapl/public/normajuridica/2025/6755/portaria_no_124-2025_-_sapl.pdf", "ementa": "Maycon Alan Luizon para o cargo de Assessor de Comunica\u00e7\u00e3o Digital."}, {"id": "6759", "ano": "2025", "numero": "597", "tipo__sigla": "DE", "tipo__descricao": "Decreto Executivo", "texto_integral": "http://sapl.sarandi.pr.leg.br/media/sapl/public/normajuridica/2025/6759/decreto_executivo_no_597-2025.pdf", "ementa": "Abre Cr\u00e9dito Adicional Suplementar e da outras provid\u00eancias."}, {"id": "6761", "ano": "2025", "numero": "596", "tipo__sigla": "DE", "tipo__descricao": "Decreto Executivo", "texto_integral": "http://sapl.sarandi.pr.leg.br/media/sapl/public/normajuridica/2025/6761/decreto_executivo_no_596-2025.pdf", "ementa": "Abre Cr\u00e9dito Adicional Suplementar e da outras provid\u00eancias."}, {"id": "6760", "ano": "2025", "numero": "595", "tipo__sigla": "DE", "tipo__descricao": "Decreto Executivo", "texto_integral": "http://sapl.sarandi.pr.leg.br/media/sapl/public/normajuridica/2025/6760/decreto_executivo_no_595-2025.pdf", "ementa": "Abre Cr\u00e9dito Adicional Suplementar e da outras provid\u00eancias."}, {"id": "6749", "ano": "2025", "numero": "123", "tipo__sigla": "POR", "tipo__descricao": "Portaria", "texto_integral": "http://sapl.sarandi.pr.leg.br/media/sapl/public/normajuridica/2025/6749/portaria_no_123-2025_-_sapl.pdf", "ementa": "Nomeia Jefferson Alex Fabricio Silveira para o cargo de Assessor Legislativo."}, {"id": "6752", "ano": "2025", "numero": "591", "tipo__sigla": "DE", "tipo__descricao": "Decreto Executivo", "texto_integral": "http://sapl.sarandi.pr.leg.br/media/sapl/public/normajuridica/2025/6752/decreto_executivo_no_591-2025.pdf", "ementa": "Abre Cr\u00e9dito Adicional Suplementar e da outras provid\u00eancias."}, {"id": "6751", "ano": "2025", "numero": "590", "tipo__sigla": "DE", "tipo__descricao": "Decreto Executivo", "texto_integral": "http://sapl.sarandi.pr.leg.br/media/sapl/public/normajuridica/2025/6751/decreto_executivo_no_590-2025.pdf", "ementa": "Abre Cr\u00e9dito Adicional Suplementar e da outras provid\u00eancias."}, {"id": "6754", "ano": "2025", "numero": "122", "tipo__sigla": "POR", "tipo__descricao": "Portaria", "texto_integral": "http://sapl.sarandi.pr.leg.br/media/sapl/public/normajuridica/2025/6754/portaria_no_122-2025_-_sapl.pdf", "ementa": "Designa o servidor Lucas Ataliba Rantin de Carvalho, para fiscaliza\u00e7\u00e3o de ata de registro de pre\u00e7os."}, {"id": "6748", "ano": "2025", "numero": "9", "tipo__sigla": "DL", "tipo__descricao": "Decreto Legislativo", "texto_integral": "http://sapl.sarandi.pr.leg.br/media/sapl/public/normajuridica/2025/6748/decreto_legislativo_no_9_2025_sapl.pdf", "ementa": "Concede T\u00edtulo de Cidad\u00e3o Honor\u00e1rio ao Tenente Coronel Carlos Cesar de Souza Peres."}, {"id": "6747", "ano": "2025", "numero": "8", "tipo__sigla": "DL", "tipo__descricao": "Decreto Legislativo", "texto_integral": "http://sapl.sarandi.pr.leg.br/media/sapl/public/normajuridica/2025/6747/decreto_legislativo_no_8_2025_sapl.pdf", "ementa": "Concede T\u00edtulo de Cidad\u00e3o Honor\u00e1rio ao Capit\u00e3o Raffael Piontkievicz Cruz."}, {"id": "6746", "ano": "2025", "numero": "7", "tipo__sigla": "DL", "tipo__descricao": "Decreto Legislativo", "texto_integral": "http://sapl.sarandi.pr.leg.br/media/sapl/public/normajuridica/2025/6746/decreto_legislativo_no_7_2025_sapl.pdf", "ementa": "Concede T\u00edtulo de Cidad\u00e3 Benem\u00e9rita a Senhora Maria Suely Sordi Vignoto."}, {"id": "6750", "ano": "2025", "numero": "585", "tipo__sigla": "DE", "tipo__descricao": "Decreto Executivo", "texto_integral": "http://sapl.sarandi.pr.leg.br/media/sapl/public/normajuridica/2025/6750/decreto_executivo_no_585-2025.pdf", "ementa": "Abre Cr\u00e9dito Adicional Suplementar e da outras provid\u00eancias."}, {"id": "6740", "ano": "2025", "numero": "581", "tipo__sigla": "DE", "tipo__descricao": "Decreto Executivo", "texto_integral": "http://sapl.sarandi.pr.leg.br/media/sapl/public/normajuridica/2025/6740/decreto_executivo_no_581-2025.pdf", "ementa": "Abre Cr\u00e9dito Adicional Suplementar e da outras provid\u00eancias."}, {"id": "6745", "ano": "2025", "numero": "6", "tipo__sigla": "DL", "tipo__descricao": "Decreto Legislativo", "texto_integral": "http://sapl.sarandi.pr.leg.br/media/sapl/public/normajuridica/2025/6745/decreto_legislativo_no_6_2025_sapl.pdf", "ementa": "Regulamenta a utiliza\u00e7\u00e3o de Certificado Digital e de Assinatura Eletr\u00f4nica em documentos produzidos em meio eletr\u00f4nico, no \u00e2mbito da C\u00e2mara Municipal de Sarandi."}, {"id": "6744", "ano": "2025", "numero": "3076", "tipo__sigla": "LEI", "tipo__descricao": "Lei Ordin\u00e1ria", "texto_integral": "http://sapl.sarandi.pr.leg.br/media/sapl/public/normajuridica/2025/6744/lei_3076-2025_sapl.pdf", "ementa": "Disp\u00f5e sobre concess\u00e3o de subs\u00eddio financeiro para o servi\u00e7o p\u00fablico de transportecoletivo urbano de passageiros e d\u00e1 outrasprovid\u00eancias."}, {"id": "6739", "ano": "2025", "numero": "580", "tipo__sigla": "DE", "tipo__descricao": "Decreto Executivo", "texto_integral": "http://sapl.sarandi.pr.leg.br/media/sapl/public/normajuridica/2025/6739/decreto_executivo_no_580-2025.pdf", "ementa": "Abre Cr\u00e9dito Adicional Suplementar e da outras provid\u00eancias."}, {"id": "6738", "ano": "2025", "numero": "121", "tipo__sigla": "POR", "tipo__descricao": "Portaria", "texto_integral": "http://sapl.sarandi.pr.leg.br/media/sapl/public/normajuridica/2025/6738/portaria_no_121-2025_-_sapl.pdf", "ementa": "Designa o servidor Lucas Ataliba Rantin de Carvalho, para fiscaliza\u00e7\u00e3o de ata de registro de pre\u00e7os."}, {"id": "6737", "ano": "2025", "numero": "120", "tipo__sigla": "POR", "tipo__descricao": "Portaria", "texto_integral": "http://sapl.sarandi.pr.leg.br/media/sapl/public/normajuridica/2025/6737/portaria_no_120-2025_-_sapl.pdf", "ementa": "Nomeia Lucas Vit\u00f3rio Jacov\u00f3s para o cargo de Assessor de Tecnologia da Informa\u00e7\u00e3o."}, {"id": "6736", "ano": "2025", "numero": "119", "tipo__sigla": "POR", "tipo__descricao": "Portaria", "texto_integral": "http://sapl.sarandi.pr.leg.br/media/sapl/public/normajuridica/2025/6736/portaria_no_119-2025_-_sapl.pdf", "ementa": "Exonera o servidor Lucas Vit\u00f3rio Jacov\u00f3s."}, {"id": "6735", "ano": "2025", "numero": "118", "tipo__sigla": "POR", "tipo__descricao": "Portaria", "texto_integral": "http://sapl.sarandi.pr.leg.br/media/sapl/public/normajuridica/2025/6735/portaria_no_118-2025_-_sapl.pdf", "ementa": "Nomeia Iago Mateus Garcia Kluck para o cargo de Assessor Legislativo."}, {"id": "6734", "ano": "2025", "numero": "117", "tipo__sigla": "POR", "tipo__descricao": "Portaria", "texto_integral": "http://sapl.sarandi.pr.leg.br/media/sapl/public/normajuridica/2025/6734/portaria_no_117-2025_-_sapl.pdf", "ementa": "Exonera a servidora Paula Caroline Silva."}, {"id": "6733", "ano": "2025", "numero": "116", "tipo__sigla": "POR", "tipo__descricao": "Portaria", "texto_integral": "http://sapl.sarandi.pr.leg.br/media/sapl/public/normajuridica/2025/6733/portaria_no_116-2025_-_sapl.pdf", "ementa": "Nomeia Ana J\u00falia Magalh\u00e3es Palma para o cargo de Assessora Jur\u00eddica."}, {"id": "6743", "ano": "2025", "numero": "567", "tipo__sigla": "DE", "tipo__descricao": "Decreto Executivo", "texto_integral": "http://sapl.sarandi.pr.leg.br/media/sapl/public/normajuridica/2025/6743/decreto_executivo_no_567-2025.pdf", "ementa": "Abre Cr\u00e9dito Adicional Suplementar e da outras provid\u00eancias."}, {"id": "6741", "ano": "2025", "numero": "563", "tipo__sigla": "DE", "tipo__descricao": "Decreto Executivo", "texto_integral": "http://sapl.sarandi.pr.leg.br/media/sapl/public/normajuridica/2025/6741/decreto_executivo_no_563-2025.pdf", "ementa": "Abre Cr\u00e9dito Adicional Suplementar e da outras provid\u00eancias"}, {"id": "6730", "ano": "2025", "numero": "3075", "tipo__sigla": "LEI", "tipo__descricao": "Lei Ordin\u00e1ria", "texto_integral": "http://sapl.sarandi.pr.leg.br/media/sapl/public/normajuridica/2025/6730/lei_3075-2025_sapl.pdf", "ementa": "Disp\u00f5e sobre a abertura de Cr\u00e9dito Adicional Especial e d\u00e1 outras provid\u00eancias."}, {"id": "6731", "ano": "2025", "numero": "557", "tipo__sigla": "DE", "tipo__descricao": "Decreto Executivo", "texto_integral": "http://sapl.sarandi.pr.leg.br/media/sapl/public/normajuridica/2025/6731/decreto_executivo_no_557-2025.pdf", "ementa": "Abre Cr\u00e9dito Adicional Suplementar e da outras provid\u00eancias."}, {"id": "6729", "ano": "2025", "numero": "3074", "tipo__sigla": "LEI", "tipo__descricao": "Lei Ordin\u00e1ria", "texto_integral": "http://sapl.sarandi.pr.leg.br/media/sapl/public/normajuridica/2025/6729/lei_3074-2025_sapl.pdf", "ementa": "Altera a Lei n\u00ba 2.996 de 27 de dezembro de 2023 e d\u00e1 outras provid\u00eancias."}, {"id": "6728", "ano": "2025", "numero": "3073", "tipo__sigla": "LEI", "tipo__descricao": "Lei Ordin\u00e1ria", "texto_integral": "http://sapl.sarandi.pr.leg.br/media/sapl/public/normajuridica/2025/6728/lei_3073-2025_sapl.pdf", "ementa": "Autoriza a desafeta\u00e7\u00e3o da matr\u00edcula n\u00ba 10.391 - Lote de terras n\u00ba 14 da Quadra n\u00ba 24-D do Conjunto Habitacional Moradias Acalanto I e d\u00e1 outras provid\u00eancias."}, {"id": "6727", "ano": "2025", "numero": "115", "tipo__sigla": "POR", "tipo__descricao": "Portaria", "texto_integral": "http://sapl.sarandi.pr.leg.br/media/sapl/public/normajuridica/2025/6727/portaria_no_115-2025_-_sapl.pdf", "ementa": "Concede progress\u00e3o funcional por merecimento \u00e0 servidora Angela Alves de Almeida."}, {"id": "6732", "ano": "2025", "numero": "550", "tipo__sigla": "DE", "tipo__descricao": "Decreto Executivo", "texto_integral": "http://sapl.sarandi.pr.leg.br/media/sapl/public/normajuridica/2025/6732/decreto_executivo_no_550-2025.pdf", "ementa": "Abre Cr\u00e9dito Adicional Suplementar e da outras provid\u00eancias."}, {"id": "6726", "ano": "2025", "numero": "547", "tipo__sigla": "DE", "tipo__descricao": "Decreto Executivo", "texto_integral": "http://sapl.sarandi.pr.leg.br/media/sapl/public/normajuridica/2025/6726/decreto_executivo_no_547-2025.pdf", "ementa": "Abre Cr\u00e9dito Adicional Suplementar e da outras provid\u00eancias."}, {"id": "6725", "ano": "2025", "numero": "114", "tipo__sigla": "POR", "tipo__descricao": "Portaria", "texto_integral": "http://sapl.sarandi.pr.leg.br/media/sapl/public/normajuridica/2025/6725/portaria_no_114-2025_-_sapl.pdf", "ementa": "Institui Grupo de Estudos para an\u00e1lise do quadro funcional da C\u00e2mara Municipal de Sarandi."}, {"id": "6724", "ano": "2025", "numero": "113", "tipo__sigla": "POR", "tipo__descricao": "Portaria", "texto_integral": "http://sapl.sarandi.pr.leg.br/media/sapl/public/normajuridica/2025/6724/portaria_no_113-2025_-_sapl.pdf", "ementa": "Designar servidores para trabalharem em evento externo."}, {"id": "6742", "ano": "2025", "numero": "546", "tipo__sigla": "DE", "tipo__descricao": "Decreto Executivo", "texto_integral": "http://sapl.sarandi.pr.leg.br/media/sapl/public/normajuridica/2025/6742/decreto_executivo_no_546-2025.pdf", "ementa": "Abre Cr\u00e9dito Adicional Suplementar e da outras provid\u00eancias."}, {"id": "6720", "ano": "2025", "numero": "544", "tipo__sigla": "DE", "tipo__descricao": "Decreto Executivo", "texto_integral": "http://sapl.sarandi.pr.leg.br/media/sapl/public/normajuridica/2025/6720/decreto_executivo_no_544-2025.pdf", "ementa": "Abre Cr\u00e9dito Adicional Suplementar e da outras provid\u00eancias."}, {"id": "6714", "ano": "2025", "numero": "112", "tipo__sigla": "POR", "tipo__descricao": "Portaria", "texto_integral": "http://sapl.sarandi.pr.leg.br/media/sapl/public/normajuridica/2025/6714/portaria_no_112-2025_-_sapl.pdf", "ementa": "Nomeia membros da equipe de apoio no \u00e2mbito da C\u00e2mara Municipal de Sarandi."}, {"id": "6713", "ano": "2025", "numero": "4", "tipo__sigla": "RES", "tipo__descricao": "Resolu\u00e7\u00e3o", "texto_integral": "http://sapl.sarandi.pr.leg.br/media/sapl/public/normajuridica/2025/6713/resolucao_no_4_2025.pdf", "ementa": "Altera a Resolu\u00e7\u00e3o n\u00ba 1, de 31 de janeiro de 2024 e d\u00e1, outras provid\u00eancias."}, {"id": "6719", "ano": "2025", "numero": "543", "tipo__sigla": "DE", "tipo__descricao": "Decreto Executivo", "texto_integral": "http://sapl.sarandi.pr.leg.br/media/sapl/public/normajuridica/2025/6719/decreto_executivo_no_543-2025.pdf", "ementa": "Abre Cr\u00e9dito Adicional Suplementar e da outras provid\u00eancias."}, {"id": "6712", "ano": "2025", "numero": "111", "tipo__sigla": "POR", "tipo__descricao": "Portaria", "texto_integral": "http://sapl.sarandi.pr.leg.br/media/sapl/public/normajuridica/2025/6712/portaria_no_111-2025_-_sapl.pdf", "ementa": "Concede hor\u00e1rio especial de trabalho \u00e0 servidora Helonise Grabriella Gon\u00e7alves Passos."}, {"id": "6711", "ano": "2025", "numero": "110", "tipo__sigla": "POR", "tipo__descricao": "Portaria", "texto_integral": "http://sapl.sarandi.pr.leg.br/media/sapl/public/normajuridica/2025/6711/portaria_no_110-2025_-_sapl.pdf", "ementa": "Institui a brigada de inc\u00eandio da C\u00e2mara Municipal de Sarandi."}, {"id": "6722", "ano": "2025", "numero": "493", "tipo__sigla": "LC", "tipo__descricao": "Lei Complementar", "texto_integral": "http://sapl.sarandi.pr.leg.br/media/sapl/public/normajuridica/2025/6722/lei_complementar_493-2025_sapl.pdf", "ementa": "Altera a Lei Complementar n\u00ba 447, de 22 de agosto de 2023 e d\u00e1 outras provid\u00eancias."}, {"id": "6723", "ano": "2025", "numero": "3072", "tipo__sigla": "LEI", "tipo__descricao": "Lei Ordin\u00e1ria", "texto_integral": "http://sapl.sarandi.pr.leg.br/media/sapl/public/normajuridica/2025/6723/lei_3072-2025_sapl.pdf", "ementa": "Autoriza a desafeta\u00e7\u00e3o da matr\u00edcula  n\u00ba 26.730 - \u00c1rea Verde 01 no Jardim Nova Sarandi III e d\u00e1 outras provid\u00eancias."}, {"id": "6721", "ano": "2025", "numero": "492", "tipo__sigla": "LC", "tipo__descricao": "Lei Complementar", "texto_integral": "http://sapl.sarandi.pr.leg.br/media/sapl/public/normajuridica/2025/6721/lei_complementar_492-2025_sapl.pdf", "ementa": "Altera a Lei Complementar n\u00ba 115, de 27 de maio de 2005 e d\u00e1 outras provid\u00eancias."}, {"id": "6716", "ano": "2025", "numero": "537", "tipo__sigla": "DE", "tipo__descricao": "Decreto Executivo", "texto_integral": "http://sapl.sarandi.pr.leg.br/media/sapl/public/normajuridica/2025/6716/decreto_executivo_no_537-2025.pdf", "ementa": "Abre Cr\u00e9dito Adicional Suplementar e da outras provid\u00eancias."}, {"id": "6718", "ano": "2025", "numero": "536", "tipo__sigla": "DE", "tipo__descricao": "Decreto Executivo", "texto_integral": "http://sapl.sarandi.pr.leg.br/media/sapl/public/normajuridica/2025/6718/decreto_executivo_no_536-2025.pdf", "ementa": "Abre Cr\u00e9dito Adicional Suplementar e da outras provid\u00eancias."}, {"id": "6717", "ano": "2025", "numero": "535", "tipo__sigla": "DE", "tipo__descricao": "Decreto Executivo", "texto_integral": "http://sapl.sarandi.pr.leg.br/media/sapl/public/normajuridica/2025/6717/decreto_executivo_no_535-2025.pdf", "ementa": "Abre Cr\u00e9dito Adicional Suplementar e da outras provid\u00eancias."}, {"id": "6708", "ano": "2025", "numero": "109", "tipo__sigla": "POR", "tipo__descricao": "Portaria", "texto_integral": "http://sapl.sarandi.pr.leg.br/media/sapl/public/normajuridica/2025/6708/portaria_no_109-2025_-_sapl.pdf", "ementa": "Revoga a Portaria n\u00ba 48, de 24 de janeiro de 2025."}, {"id": "6710", "ano": "2025", "numero": "3071", "tipo__sigla": "LEI", "tipo__descricao": "Lei Ordin\u00e1ria", "texto_integral": "http://sapl.sarandi.pr.leg.br/media/sapl/public/normajuridica/2025/6710/lei_3071-2025_sapl.pdf", "ementa": "Altera a Lei n\u00ba 3.061, de 15 de abril de 2025 d\u00e1 outras provid\u00eancias."}, {"id": "6707", "ano": "2025", "numero": "108", "tipo__sigla": "POR", "tipo__descricao": "Portaria", "texto_integral": "http://sapl.sarandi.pr.leg.br/media/sapl/public/normajuridica/2025/6707/portaria_no_108-2025_-_sapl.pdf", "ementa": "Exonera o servidor Antonio Rog\u00e9rio Ramos Santana."}, {"id": "6709", "ano": "2025", "numero": "530", "tipo__sigla": "DE", "tipo__descricao": "Decreto Executivo", "texto_integral": "http://sapl.sarandi.pr.leg.br/media/sapl/public/normajuridica/2025/6709/decreto_executivo_no_530-2025.pdf", "ementa": "Abre Cr\u00e9dito Adicional Suplementar e da outras provid\u00eancias"}, {"id": "6703", "ano": "2025", "numero": "107", "tipo__sigla": "POR", "tipo__descricao": "Portaria", "texto_integral": "http://sapl.sarandi.pr.leg.br/media/sapl/public/normajuridica/2025/6703/portaria_no_107-2025_-_sapl.pdf", "ementa": "Designa o servidor Marlon Bif, para fiscaliza\u00e7\u00e3o de contrato."}, {"id": "6702", "ano": "2025", "numero": "106", "tipo__sigla": "POR", "tipo__descricao": "Portaria", "texto_integral": "http://sapl.sarandi.pr.leg.br/media/sapl/public/normajuridica/2025/6702/portaria_no_106-2025_-_sapl.pdf", "ementa": "Nomeia a servidora Camila de Souza Bueno dos Santos para ocupar a Fun\u00e7\u00e3o Gratificada de Gestor de Contratos."}, {"id": "6706", "ano": "2025", "numero": "527", "tipo__sigla": "DE", "tipo__descricao": "Decreto Executivo", "texto_integral": "http://sapl.sarandi.pr.leg.br/media/sapl/public/normajuridica/2025/6706/decreto_executivo_no_527-2025.pdf", "ementa": "Abre Cr\u00e9dito Adicional Suplementar e da outras provid\u00eancias."}, {"id": "6705", "ano": "2025", "numero": "526", "tipo__sigla": "DE", "tipo__descricao": "Decreto Executivo", "texto_integral": "http://sapl.sarandi.pr.leg.br/media/sapl/public/normajuridica/2025/6705/decreto_executivo_no_526-2025.pdf", "ementa": "Abre Cr\u00e9dito Adicional Suplementar e da outras provid\u00eancias."}, {"id": "6704", "ano": "2025", "numero": "524", "tipo__sigla": "DE", "tipo__descricao": "Decreto Executivo", "texto_integral": "http://sapl.sarandi.pr.leg.br/media/sapl/public/normajuridica/2025/6704/decreto_executivo_no_524-2025.pdf", "ementa": "Abre Cr\u00e9dito Adicional Suplementar e da outras provid\u00eancias"}, {"id": "6700", "ano": "2025", "numero": "105", "tipo__sigla": "POR", "tipo__descricao": "Portaria", "texto_integral": "http://sapl.sarandi.pr.leg.br/media/sapl/public/normajuridica/2025/6700/portaria_no_105-2025_-_sapl.pdf", "ementa": "Designa a servidora Kauana Pereira de Souza, para fiscaliza\u00e7\u00e3o de contrato."}, {"id": "6715", "ano": "2025", "numero": "519", "tipo__sigla": "DE", "tipo__descricao": "Decreto Executivo", "texto_integral": "http://sapl.sarandi.pr.leg.br/media/sapl/public/normajuridica/2025/6715/decreto_executivo_no_519-2025.pdf", "ementa": "Abre Cr\u00e9dito Adicional Suplementar e da outras provid\u00eancias."}, {"id": "6698", "ano": "2025", "numero": "520", "tipo__sigla": "DE", "tipo__descricao": "Decreto Executivo", "texto_integral": "http://sapl.sarandi.pr.leg.br/media/", "ementa": "Abre Cr\u00e9dito Adicional Suplementar e da outras provid\u00eancias."}, {"id": "6699", "ano": "2025", "numero": "491", "tipo__sigla": "LC", "tipo__descricao": "Lei Complementar", "texto_integral": "http://sapl.sarandi.pr.leg.br/media/sapl/public/normajuridica/2025/6699/lei_complementar_491-2025_sapl.pdf", "ementa": "Altera a Lei Complementar n\u00ba 115, de 27 de maio de 2005 e d\u00e1 outras provid\u00eancias."}, {"id": "6701", "ano": "2025", "numero": "518", "tipo__sigla": "DE", "tipo__descricao": "Decreto Executivo", "texto_integral": "http://sapl.sarandi.pr.leg.br/media/sapl/public/normajuridica/2025/6701/decreto_executivo_no_518-2025.pdf", "ementa": "Abre Cr\u00e9dito Adicional Suplementar e da outras provid\u00eancias."}, {"id": "6697", "ano": "2025", "numero": "515", "tipo__sigla": "DE", "tipo__descricao": "Decreto Executivo", "texto_integral": "http://sapl.sarandi.pr.leg.br/media/sapl/public/normajuridica/2025/6697/decreto_executivo_no_515-2025.pdf", "ementa": "Abre Cr\u00e9dito Adicional Suplementar e da outras provid\u00eancias."}, {"id": "6696", "ano": "2025", "numero": "514", "tipo__sigla": "DE", "tipo__descricao": "Decreto Executivo", "texto_integral": "http://sapl.sarandi.pr.leg.br/media/sapl/public/normajuridica/2025/6696/decreto_executivo_no_514-2025.pdf", "ementa": "Abre Cr\u00e9dito Adicional Suplementar e da outras provid\u00eancias."}, {"id": "6695", "ano": "2025", "numero": "511", "tipo__sigla": "DE", "tipo__descricao": "Decreto Executivo", "texto_integral": "http://sapl.sarandi.pr.leg.br/media/sapl/public/normajuridica/2025/6695/decreto_executivo_no_511-2025.pdf", "ementa": "Abre Cr\u00e9dito Adicional Suplementar e da outras provid\u00eancias."}, {"id": "6687", "ano": "2025", "numero": "3070", "tipo__sigla": "LEI", "tipo__descricao": "Lei Ordin\u00e1ria", "texto_integral": "http://sapl.sarandi.pr.leg.br/media/sapl/public/normajuridica/2025/6687/lei_3070-2025_sapl.pdf", "ementa": "Prorroga o Plano Municipal de Educa\u00e7\u00e3o regulamentado pela Lei n\u00ba 2.148 de 22 de maio 2015."}, {"id": "6686", "ano": "2025", "numero": "3069", "tipo__sigla": "LEI", "tipo__descricao": "Lei Ordin\u00e1ria", "texto_integral": "http://sapl.sarandi.pr.leg.br/media/sapl/public/normajuridica/2025/6686/lei_3069-2025_sapl.pdf", "ementa": "Cria o Centro de Apoio ao Transtorno do Espectro Autista no Munic\u00edpio de Sarandi-PR."}, {"id": "6694", "ano": "2025", "numero": "509", "tipo__sigla": "DE", "tipo__descricao": "Decreto Executivo", "texto_integral": "http://sapl.sarandi.pr.leg.br/media/sapl/public/normajuridica/2025/6694/decreto_executivo_no_509-2025.pdf", "ementa": "Abre Cr\u00e9dito Adicional Suplementar e da outras provid\u00eancias."}, {"id": "6693", "ano": "2025", "numero": "508", "tipo__sigla": "DE", "tipo__descricao": "Decreto Executivo", "texto_integral": "http://sapl.sarandi.pr.leg.br/media/sapl/public/normajuridica/2025/6693/decreto_executivo_no_508-2025.pdf", "ementa": "Abre Cr\u00e9dito Adicional Suplementar e da outras provid\u00eancias."}, {"id": "6691", "ano": "2025", "numero": "506", "tipo__sigla": "DE", "tipo__descricao": "Decreto Executivo", "texto_integral": "http://sapl.sarandi.pr.leg.br/media/", "ementa": "Abre Cr\u00e9dito Adicional Suplementar e da outras provid\u00eancias."}, {"id": "6685", "ano": "2025", "numero": "490", "tipo__sigla": "LC", "tipo__descricao": "Lei Complementar", "texto_integral": "http://sapl.sarandi.pr.leg.br/media/sapl/public/normajuridica/2025/6685/lei_complementar_490-2025_sapl.pdf", "ementa": "Altera a Lei Complementar n\u00ba 411, de 6 de junho de 2022 e d\u00e1 outras provid\u00eancias."}, {"id": "6690", "ano": "2025", "numero": "503", "tipo__sigla": "DE", "tipo__descricao": "Decreto Executivo", "texto_integral": "http://sapl.sarandi.pr.leg.br/media/", "ementa": "Abre Cr\u00e9dito Adicional Suplementar e da outras provid\u00eancias."}, {"id": "6689", "ano": "2025", "numero": "501", "tipo__sigla": "DE", "tipo__descricao": "Decreto Executivo", "texto_integral": "http://sapl.sarandi.pr.leg.br/media/sapl/public/normajuridica/2025/6689/decreto_executivo_no_501-2025.pdf", "ementa": "Abre Cr\u00e9dito Adicional Suplementar e da outras provid\u00eancias."}, {"id": "6682", "ano": "2025", "numero": "5", "tipo__sigla": "DL", "tipo__descricao": "Decreto Legislativo", "texto_integral": "http://sapl.sarandi.pr.leg.br/media/sapl/public/normajuridica/2025/6682/decreto_legislativo_no_5_2025_sapl.pdf", "ementa": "Disp\u00f5e sobre a aceita\u00e7\u00e3o do \u201cVeto total n\u00ba 2/2025\u201d ao Projeto de Lei n\u00ba 3.503/2024, de autoria do Poder Executivo Municipal, o qual \u201cDisp\u00f5e sobre instala\u00e7\u00e3o e o funcionamento das feiras livres no Munic\u00edpio.\u201d."}, {"id": "6688", "ano": "2025", "numero": "500", "tipo__sigla": "DE", "tipo__descricao": "Decreto Executivo", "texto_integral": "http://sapl.sarandi.pr.leg.br/media/sapl/public/normajuridica/2025/6688/decreto_executivo_no_500-2025.pdf", "ementa": "Abre Cr\u00e9dito Adicional Suplementar e da outras provid\u00eancias."}, {"id": "6684", "ano": "2025", "numero": "3068", "tipo__sigla": "LEI", "tipo__descricao": "Lei Ordin\u00e1ria", "texto_integral": "http://sapl.sarandi.pr.leg.br/media/sapl/public/normajuridica/2025/6684/lei_3068-2025_sapl.pdf", "ementa": "Institui o Conselho Municipal de Esporte (Comesporte)."}, {"id": "6683", "ano": "2025", "numero": "3067", "tipo__sigla": "LEI", "tipo__descricao": "Lei Ordin\u00e1ria", "texto_integral": "http://sapl.sarandi.pr.leg.br/media/sapl/public/normajuridica/2025/6683/lei_3067-2025_sapl.pdf", "ementa": "Institui o Fundo Municipal do Esporte (Fumesporte)."}, {"id": "6677", "ano": "2025", "numero": "492", "tipo__sigla": "DE", "tipo__descricao": "Decreto Executivo", "texto_integral": "http://sapl.sarandi.pr.leg.br/media/sapl/public/normajuridica/2025/6677/decreto_executivo_no_492-2025.pdf", "ementa": "Abre Cr\u00e9dito Adicional Suplementar e da outras provid\u00eancias."}, {"id": "6674", "ano": "2025", "numero": "4", "tipo__sigla": "DL", "tipo__descricao": "Decreto Legislativo", "texto_integral": "http://sapl.sarandi.pr.leg.br/media/sapl/public/normajuridica/2025/6674/decreto_legislativo_no_4_2025_sapl.pdf", "ementa": "Aprova as Contas do Munic\u00edpio de Sarandi, relativas ao Exerc\u00edcio Financeiro de 2023."}, {"id": "6681", "ano": "2025", "numero": "489", "tipo__sigla": "DE", "tipo__descricao": "Decreto Executivo", "texto_integral": "http://sapl.sarandi.pr.leg.br/media/sapl/public/normajuridica/2025/6681/decreto_executivo_no_489-2025.pdf", "ementa": "Abre Cr\u00e9dito Adicional Suplementar e da outras provid\u00eancias."}, {"id": "6675", "ano": "2025", "numero": "488", "tipo__sigla": "DE", "tipo__descricao": "Decreto Executivo", "texto_integral": "http://sapl.sarandi.pr.leg.br/media/sapl/public/normajuridica/2025/6675/decreto_executivo_no_488-2025.pdf", "ementa": "Abre Cr\u00e9dito Adicional Suplementar e da outras provid\u00eancias."}, {"id": "6673", "ano": "2025", "numero": "3066", "tipo__sigla": "LEI", "tipo__descricao": "Lei Ordin\u00e1ria", "texto_integral": "http://sapl.sarandi.pr.leg.br/media/sapl/public/normajuridica/2025/6673/lei_3066-2025_sapl.pdf", "ementa": "Autoriza o munic\u00edpio de Sarandi-Pr, atrav\u00e9s do Chefe do Chefe do Poder Executivo Municipal a outorga permuta de im\u00f3vel do Patrim\u00f4nio P\u00fablico Municipal por im\u00f3vel particular, na forma como especif\u00edca."}, {"id": "6679", "ano": "2025", "numero": "487", "tipo__sigla": "DE", "tipo__descricao": "Decreto Executivo", "texto_integral": "http://sapl.sarandi.pr.leg.br/media/sapl/public/normajuridica/2025/6679/decreto_executivo_no_487-2025.pdf", "ementa": "Abre Cr\u00e9dito Adicional Suplementar e da outras provid\u00eancias."}, {"id": "6672", "ano": "2025", "numero": "486", "tipo__sigla": "DE", "tipo__descricao": "Decreto Executivo", "texto_integral": "http://sapl.sarandi.pr.leg.br/media/sapl/public/normajuridica/2025/6672/decreto_executivo_no_486-2025.pdf", "ementa": "Abre Cr\u00e9dito Adicional Suplementar e da outras provid\u00eancias."}, {"id": "6667", "ano": "2025", "numero": "104", "tipo__sigla": "POR", "tipo__descricao": "Portaria", "texto_integral": "http://sapl.sarandi.pr.leg.br/media/sapl/public/normajuridica/2025/6667/portaria_no_104-2025_-_sapl.pdf", "ementa": "Estabelece recesso funcional no dia 13 de junho de 2025 no \u00e2mbito da C\u00e2mara Municipal de Sarandi."}, {"id": "6680", "ano": "2025", "numero": "480", "tipo__sigla": "DE", "tipo__descricao": "Decreto Executivo", "texto_integral": "http://sapl.sarandi.pr.leg.br/media/sapl/public/normajuridica/2025/6680/decreto_executivo_no_480-2025.pdf", "ementa": "Abre Cr\u00e9dito Adicional Suplementar e da outras provid\u00eancias."}, {"id": "6666", "ano": "2025", "numero": "103", "tipo__sigla": "POR", "tipo__descricao": "Portaria", "texto_integral": "http://sapl.sarandi.pr.leg.br/media/sapl/public/normajuridica/2025/6666/portaria_no_103-2025_-_sapl.pdf", "ementa": "Designa o servidor Jo\u00e3o Roberto dos Santos Lopes, para fiscaliza\u00e7\u00e3o de ata de registro de pre\u00e7os."}, {"id": "6676", "ano": "2025", "numero": "479", "tipo__sigla": "DE", "tipo__descricao": "Decreto Executivo", "texto_integral": "http://sapl.sarandi.pr.leg.br/media/", "ementa": "Abre Cr\u00e9dito Adicional Suplementar e da outras provid\u00eancias."}, {"id": "6671", "ano": "2025", "numero": "478", "tipo__sigla": "DE", "tipo__descricao": "Decreto Executivo", "texto_integral": "http://sapl.sarandi.pr.leg.br/media/sapl/public/normajuridica/2025/6671/decreto_executivo_no_478-2025.pdf", "ementa": "Abre Cr\u00e9dito Adicional Suplementar e da outras provid\u00eancias."}, {"id": "6664", "ano": "2025", "numero": "475", "tipo__sigla": "DE", "tipo__descricao": "Decreto Executivo", "texto_integral": "http://sapl.sarandi.pr.leg.br/media/sapl/public/normajuridica/2025/6664/decreto_executivo_no_475-2025.pdf", "ementa": "Abre Cr\u00e9dito Adicional Suplementar e da outras provid\u00eancias"}, {"id": "6663", "ano": "2025", "numero": "474", "tipo__sigla": "DE", "tipo__descricao": "Decreto Executivo", "texto_integral": "http://sapl.sarandi.pr.leg.br/media/sapl/public/normajuridica/2025/6663/decreto_executivo_no_474-2025.pdf", "ementa": "Abre Cr\u00e9dito Adicional Suplementar e da outras provid\u00eancias."}, {"id": "6678", "ano": "2025", "numero": "473", "tipo__sigla": "DE", "tipo__descricao": "Decreto Executivo", "texto_integral": "http://sapl.sarandi.pr.leg.br/media/sapl/public/normajuridica/2025/6678/decreto_executivo_no_473-2025.pdf", "ementa": "Abre Cr\u00e9dito Adicional Suplementar e da outras provid\u00eancias."}, {"id": "6665", "ano": "2025", "numero": "472", "tipo__sigla": "DE", "tipo__descricao": "Decreto Executivo", "texto_integral": "http://sapl.sarandi.pr.leg.br/media/sapl/public/normajuridica/2025/6665/decreto_executivo_no_472-2025.pdf", "ementa": "Abre Cr\u00e9dito Adicional Suplementar e da outras provid\u00eancias"}, {"id": "6661", "ano": "2025", "numero": "102", "tipo__sigla": "POR", "tipo__descricao": "Portaria", "texto_integral": "http://sapl.sarandi.pr.leg.br/media/sapl/public/normajuridica/2025/6661/portaria_no_102-2025_-_sapl.pdf", "ementa": "Designa o servidor Renan Augusto dos Santos Volpatto, para fiscaliza\u00e7\u00e3o de contrato."}, {"id": "6669", "ano": "2025", "numero": "469", "tipo__sigla": "DE", "tipo__descricao": "Decreto Executivo", "texto_integral": "http://sapl.sarandi.pr.leg.br/media/sapl/public/normajuridica/2025/6669/decreto_executivo_no_469-2025.pdf", "ementa": "Abre Cr\u00e9dito Adicional Suplementar e da outras provid\u00eancias."}, {"id": "6668", "ano": "2025", "numero": "468", "tipo__sigla": "DE", "tipo__descricao": "Decreto Executivo", "texto_integral": "http://sapl.sarandi.pr.leg.br/media/sapl/public/normajuridica/2025/6668/decreto_executivo_no_468-2025.pdf", "ementa": "Abre Cr\u00e9dito Adicional Suplementar e da outras provid\u00eancias."}, {"id": "6657", "ano": "2025", "numero": "101", "tipo__sigla": "POR", "tipo__descricao": "Portaria", "texto_integral": "http://sapl.sarandi.pr.leg.br/media/sapl/public/normajuridica/2025/6657/portaria_no_101-2025_-_sapl.pdf", "ementa": "Designa o servidor Jo\u00e3o Roberto dos Santos Lopes, para fiscaliza\u00e7\u00e3o dos contratos provenientes do Processo de Credenciamento 001/2025-CMS."}, {"id": "6692", "ano": "2025", "numero": "465", "tipo__sigla": "DE", "tipo__descricao": "Decreto Executivo", "texto_integral": "http://sapl.sarandi.pr.leg.br/media/sapl/public/normajuridica/2025/6692/decreto_executivo_no_465-2025.pdf", "ementa": "Abre Cr\u00e9dito Adicional Suplementar e da outras provid\u00eancias."}, {"id": "6662", "ano": "2025", "numero": "464", "tipo__sigla": "DE", "tipo__descricao": "Decreto Executivo", "texto_integral": "http://sapl.sarandi.pr.leg.br/media/sapl/public/normajuridica/2025/6662/decreto_executivo_no_464-2025.pdf", "ementa": "Abre Cr\u00e9dito Adicional Suplementar e da outras provid\u00eancias."}, {"id": "6660", "ano": "2025", "numero": "463", "tipo__sigla": "DE", "tipo__descricao": "Decreto Executivo", "texto_integral": "http://sapl.sarandi.pr.leg.br/media/sapl/public/normajuridica/2025/6660/decreto_executivo_no_463-2025.pdf", "ementa": "Abre Cr\u00e9dito Adicional Suplementar e da outras provid\u00eancias."}, {"id": "6659", "ano": "2025", "numero": "462", "tipo__sigla": "DE", "tipo__descricao": "Decreto Executivo", "texto_integral": "http://sapl.sarandi.pr.leg.br/media/sapl/public/normajuridica/2025/6659/decreto_executivo_no_462-2025.pdf", "ementa": "Abre Cr\u00e9dito Adicional Suplementar e da outras provid\u00eancias."}, {"id": "6653", "ano": "2025", "numero": "100", "tipo__sigla": "POR", "tipo__descricao": "Portaria", "texto_integral": "http://sapl.sarandi.pr.leg.br/media/sapl/public/normajuridica/2025/6653/portaria_no_100-2025_-_sapl.pdf", "ementa": "Nomeia Lucas Vit\u00f3rio Jacov\u00f3s para o cargo de Assessor Legislativo."}, {"id": "6652", "ano": "2025", "numero": "99", "tipo__sigla": "POR", "tipo__descricao": "Portaria", "texto_integral": "http://sapl.sarandi.pr.leg.br/media/sapl/public/normajuridica/2025/6652/portaria_no_99-2025_-_sapl.pdf", "ementa": "Exonera o servidor Mauricio Camargo dos Santos."}, {"id": "6650", "ano": "2025", "numero": "97", "tipo__sigla": "POR", "tipo__descricao": "Portaria", "texto_integral": "http://sapl.sarandi.pr.leg.br/media/sapl/public/normajuridica/2025/6650/portaria_no_97-2025_-_sapl.pdf", "ementa": "Concede progress\u00e3o funcional por capacita\u00e7\u00e3o ao servidor Vagner Rafael Vaz."}, {"id": "6656", "ano": "2025", "numero": "447", "tipo__sigla": "DE", "tipo__descricao": "Decreto Executivo", "texto_integral": "http://sapl.sarandi.pr.leg.br/media/sapl/public/normajuridica/2025/6656/decreto_executivo_no_447-2025.pdf", "ementa": "Abre Cr\u00e9dito Adicional Suplementar e da outras provid\u00eancias."}, {"id": "6649", "ano": "2025", "numero": "489", "tipo__sigla": "LC", "tipo__descricao": "Lei Complementar", "texto_integral": "http://sapl.sarandi.pr.leg.br/media/sapl/public/normajuridica/2025/6649/lei_complementar_489-2025_sapl.pdf", "ementa": "Altera a Lei Complementar n\u00ba 413, de 6 de junho de 2022 e d\u00e1 outras provid\u00eancias."}, {"id": "6648", "ano": "2025", "numero": "488", "tipo__sigla": "LC", "tipo__descricao": "Lei Complementar", "texto_integral": "http://sapl.sarandi.pr.leg.br/media/sapl/public/normajuridica/2025/6648/lei_complementar_488-2025_sapl.pdf", "ementa": "Disp\u00f5e sobre altera\u00e7\u00e3o da Lei Complementar n\u00ba 411, de 6 de junho de 2022."}, {"id": "6646", "ano": "2025", "numero": "458", "tipo__sigla": "DE", "tipo__descricao": "Decreto Executivo", "texto_integral": "http://sapl.sarandi.pr.leg.br/media/sapl/public/normajuridica/2025/6646/decreto_executivo_no_458-2025.pdf", "ementa": "Abre Cr\u00e9dito Adicional Suplementar e da outras provid\u00eancias."}, {"id": "6658", "ano": "2025", "numero": "456", "tipo__sigla": "DE", "tipo__descricao": "Decreto Executivo", "texto_integral": "http://sapl.sarandi.pr.leg.br/media/sapl/public/normajuridica/2025/6658/decreto_executivo_no_456-2025.pdf", "ementa": "Abre Cr\u00e9dito Adicional Suplementar e da outras provid\u00eancias."}, {"id": "6643", "ano": "2025", "numero": "455", "tipo__sigla": "DE", "tipo__descricao": "Decreto Executivo", "texto_integral": "http://sapl.sarandi.pr.leg.br/media/sapl/public/normajuridica/2025/6643/decreto_executivo_no_455-2025.pdf", "ementa": "Abre Cr\u00e9dito Adicional Suplementar e da outras provid\u00eancias."}, {"id": "6641", "ano": "2025", "numero": "454", "tipo__sigla": "DE", "tipo__descricao": "Decreto Executivo", "texto_integral": "http://sapl.sarandi.pr.leg.br/media/sapl/public/normajuridica/2025/6641/decreto_executivo_no_454-2025.pdf", "ementa": "Abre Cr\u00e9dito Adicional Suplementar e da outras provid\u00eancias."}, {"id": "6642", "ano": "2025", "numero": "453", "tipo__sigla": "DE", "tipo__descricao": "Decreto Executivo", "texto_integral": "http://sapl.sarandi.pr.leg.br/media/sapl/public/normajuridica/2025/6642/decreto_executivo_no_453-2025.pdf", "ementa": "O Prefeito Municipal de Sarandi, Estado do Paran\u00e1, no uso de suas atribui\u00e7\u00f5es legais e das que lhe foram conferidas pela Lei Or\u00e7ament\u00e1ria n\u00ba 3054/2024 de 20/12/2024."}, {"id": "6655", "ano": "2025", "numero": "452", "tipo__sigla": "DE", "tipo__descricao": "Decreto Executivo", "texto_integral": "http://sapl.sarandi.pr.leg.br/media/sapl/public/normajuridica/2025/6655/decreto_executivo_no_452-2025.pdf", "ementa": "Abre Cr\u00e9dito Adicional Suplementar e da outras provid\u00eancias."}, {"id": "6647", "ano": "2025", "numero": "451", "tipo__sigla": "DE", "tipo__descricao": "Decreto Executivo", "texto_integral": "http://sapl.sarandi.pr.leg.br/media/sapl/public/normajuridica/2025/6647/decreto_executivo_no_451-2025.pdf", "ementa": "Abre Cr\u00e9dito Adicional Suplementar e da outras provid\u00eancias."}, {"id": "6645", "ano": "2025", "numero": "449", "tipo__sigla": "DE", "tipo__descricao": "Decreto Executivo", "texto_integral": "http://sapl.sarandi.pr.leg.br/media/sapl/public/normajuridica/2025/6645/decreto_executivo_no_449-2025.pdf", "ementa": "Abre Cr\u00e9dito Adicional Suplementar e da outras provid\u00eancias"}, {"id": "6644", "ano": "2025", "numero": "448", "tipo__sigla": "DE", "tipo__descricao": "Decreto Executivo", "texto_integral": "http://sapl.sarandi.pr.leg.br/media/", "ementa": "Abre Cr\u00e9dito Adicional Suplementar e da outras provid\u00eancias."}, {"id": "6654", "ano": "2025", "numero": "444", "tipo__sigla": "DE", "tipo__descricao": "Decreto Executivo", "texto_integral": "http://sapl.sarandi.pr.leg.br/media/sapl/public/normajuridica/2025/6654/decreto_executivo_no_444-2025.pdf", "ementa": "Abre Cr\u00e9dito Adicional Suplementar e da outras provid\u00eancias."}, {"id": "6670", "ano": "2025", "numero": "319", "tipo__sigla": "DE", "tipo__descricao": "Decreto Executivo", "texto_integral": "http://sapl.sarandi.pr.leg.br/media/sapl/public/normajuridica/2025/6670/decreto_executivo_no_319-2025.pdf", "ementa": "Abre Cr\u00e9dito Adicional Suplementar e da outras provid\u00eancias."}, {"id": "6651", "ano": "2025", "numero": "98", "tipo__sigla": "POR", "tipo__descricao": "Portaria", "texto_integral": "http://sapl.sarandi.pr.leg.br/media/sapl/public/normajuridica/2025/6651/portaria_no_98-2025_-_sapl.pdf", "ementa": "Designa o servidor Vagner Rafael Vaz, para fiscaliza\u00e7\u00e3o de ata de registro de pre\u00e7os."}, {"id": "6632", "ano": "2025", "numero": "96", "tipo__sigla": "POR", "tipo__descricao": "Portaria", "texto_integral": "http://sapl.sarandi.pr.leg.br/media/sapl/public/normajuridica/2025/6632/portaria_no_96-2025_-_sapl.pdf", "ementa": "Concede licen\u00e7a especial ao servidor Daniel Chiaramonte Ferreira."}, {"id": "6631", "ano": "2025", "numero": "95", "tipo__sigla": "POR", "tipo__descricao": "Portaria", "texto_integral": "http://sapl.sarandi.pr.leg.br/media/sapl/public/normajuridica/2025/6631/portaria_no_95-2025_-_sapl.pdf", "ementa": "Concede licen\u00e7a especial \u00e0 servidora Sandra da Mata Clemente Duarte."}, {"id": "6630", "ano": "2025", "numero": "94", "tipo__sigla": "POR", "tipo__descricao": "Portaria", "texto_integral": "http://sapl.sarandi.pr.leg.br/media/sapl/public/normajuridica/2025/6630/portaria_no_94-2025_-_sapl.pdf", "ementa": "Concede licen\u00e7a maternidade \u00e0 servidora Amanda Cristine Zoboli Moreira."}, {"id": "6639", "ano": "2025", "numero": "443", "tipo__sigla": "DE", "tipo__descricao": "Decreto Executivo", "texto_integral": "http://sapl.sarandi.pr.leg.br/media/sapl/public/normajuridica/2025/6639/decreto_executivo_no_443-2025.pdf", "ementa": "Abre Cr\u00e9dito Adicional Suplementar e da outras provid\u00eancias."}, {"id": "6629", "ano": "2025", "numero": "93", "tipo__sigla": "POR", "tipo__descricao": "Portaria", "texto_integral": "http://sapl.sarandi.pr.leg.br/media/sapl/public/normajuridica/2025/6629/portaria_no_93-2025_-_sapl.pdf", "ementa": "Designa o servidor Lucas Ataliba Rantin de Carvalho, para fiscaliza\u00e7\u00e3o de ata de registro de pre\u00e7os."}, {"id": "6628", "ano": "2025", "numero": "92", "tipo__sigla": "POR", "tipo__descricao": "Portaria", "texto_integral": "http://sapl.sarandi.pr.leg.br/media/sapl/public/normajuridica/2025/6628/portaria_no_92-2025_-_sapl.pdf", "ementa": "Designa o servidor Lucas Ataliba Rantin de Carvalho, para fiscaliza\u00e7\u00e3o de atas de registro de pre\u00e7os."}, {"id": "6627", "ano": "2025", "numero": "91", "tipo__sigla": "POR", "tipo__descricao": "Portaria", "texto_integral": "http://sapl.sarandi.pr.leg.br/media/sapl/public/normajuridica/2025/6627/portaria_no_91-2025_-_sapl.pdf", "ementa": "Designa a servidora Sandra da Mata Clemente Duarte, para fiscaliza\u00e7\u00e3o de contrato."}, {"id": "6626", "ano": "2025", "numero": "90", "tipo__sigla": "POR", "tipo__descricao": "Portaria", "texto_integral": "http://sapl.sarandi.pr.leg.br/media/sapl/public/normajuridica/2025/6626/portaria_no_90-2025_-_sapl.pdf", "ementa": "Homologa os membros do Conselho de \u00c9tica Parlamentar"}, {"id": "6634", "ano": "2025", "numero": "487", "tipo__sigla": "LC", "tipo__descricao": "Lei Complementar", "texto_integral": "http://sapl.sarandi.pr.leg.br/media/sapl/public/normajuridica/2025/6634/lei_complementar_487-2025_sapl.pdf", "ementa": "Altera a Lei Complementar n\u00ba 159, de 24 de novembro de 2007."}, {"id": "6633", "ano": "2025", "numero": "486", "tipo__sigla": "LC", "tipo__descricao": "Lei Complementar", "texto_integral": "http://sapl.sarandi.pr.leg.br/media/sapl/public/normajuridica/2025/6633/lei_complementar_486-2025_sapl.pdf", "ementa": "Altera as Leis Complementar n\u00ba 115, de 27 de maio de 2005 e n\u00ba 407 de 17 de maio de 2022 e d\u00e1 outras provid\u00eancias."}, {"id": "6640", "ano": "2025", "numero": "438", "tipo__sigla": "DE", "tipo__descricao": "Decreto Executivo", "texto_integral": "http://sapl.sarandi.pr.leg.br/media/sapl/public/normajuridica/2025/6640/decreto_executivo_no_438-2025.pdf", "ementa": "Abre Cr\u00e9dito Adicional Suplementar e da outras provid\u00eancias."}, {"id": "6625", "ano": "2025", "numero": "89", "tipo__sigla": "POR", "tipo__descricao": "Portaria", "texto_integral": "http://sapl.sarandi.pr.leg.br/media/sapl/public/normajuridica/2025/6625/portaria_no_89-2025_-_sapl.pdf", "ementa": "Nomeia o servidor Rovilson Jos\u00e9 Arantes para ocupar a Fun\u00e7\u00e3o Gratificada de Gestor de Contratos"}, {"id": "6624", "ano": "2025", "numero": "88", "tipo__sigla": "POR", "tipo__descricao": "Portaria", "texto_integral": "http://sapl.sarandi.pr.leg.br/media/sapl/public/normajuridica/2025/6624/portaria_no_88-2025_-_sapl.pdf", "ementa": "Nomeia a Comiss\u00e3o Permanente de Avalia\u00e7\u00e3o de Desempenho no \u00e2mbito da C\u00e2mara Municipal de Sarandi."}, {"id": "6621", "ano": "2025", "numero": "3065", "tipo__sigla": "LEI", "tipo__descricao": "Lei Ordin\u00e1ria", "texto_integral": "http://sapl.sarandi.pr.leg.br/media/sapl/public/normajuridica/2025/6621/lei_3065-2025_sapl.pdf", "ementa": "Denomina de Sala de Imprensa Hilario da Silva Gomes, a sala de imprensa situada na C\u00e2mara Municipal de Sarandi."}, {"id": "6637", "ano": "2025", "numero": "435", "tipo__sigla": "DE", "tipo__descricao": "Decreto Executivo", "texto_integral": "http://sapl.sarandi.pr.leg.br/media/sapl/public/normajuridica/2025/6637/decreto_executivo_no_435-2025.pdf", "ementa": "Abre Cr\u00e9dito Especial e d\u00e1 outras provid\u00eancias."}, {"id": "6636", "ano": "2025", "numero": "434", "tipo__sigla": "DE", "tipo__descricao": "Decreto Executivo", "texto_integral": "http://sapl.sarandi.pr.leg.br/media/", "ementa": "Cr\u00e9dito Especial e da outras provid\u00eancias."}, {"id": "6635", "ano": "2025", "numero": "433", "tipo__sigla": "DE", "tipo__descricao": "Decreto Executivo", "texto_integral": "http://sapl.sarandi.pr.leg.br/media/sapl/public/normajuridica/2025/6635/decreto_executivo_no_433-2025.pdf", "ementa": "Abre Cr\u00e9dito Especial e da outras provid\u00eancias."}, {"id": "6638", "ano": "2025", "numero": "432", "tipo__sigla": "DE", "tipo__descricao": "Decreto Executivo", "texto_integral": "http://sapl.sarandi.pr.leg.br/media/sapl/public/normajuridica/2025/6638/decreto_executivo_no_432-2025.pdf", "ementa": "Abre Cr\u00e9dito Especial e da outras provid\u00eancias."}, {"id": "6614", "ano": "2025", "numero": "425", "tipo__sigla": "DE", "tipo__descricao": "Decreto Executivo", "texto_integral": "http://sapl.sarandi.pr.leg.br/media/", "ementa": "Abre Cr\u00e9dito Adicional Suplementar e da outras provid\u00eancias."}, {"id": "6616", "ano": "2025", "numero": "424", "tipo__sigla": "DE", "tipo__descricao": "Decreto Executivo", "texto_integral": "http://sapl.sarandi.pr.leg.br/media/sapl/public/normajuridica/2025/6616/decreto_executivo_no_424-2025.pdf", "ementa": "Abre Cr\u00e9dito Adicional Suplementar e da outras provid\u00eancias."}, {"id": "6610", "ano": "2025", "numero": "423", "tipo__sigla": "DE", "tipo__descricao": "Decreto Executivo", "texto_integral": "http://sapl.sarandi.pr.leg.br/media/sapl/public/normajuridica/2025/6610/decreto_executivo_no_423-2025.pdf", "ementa": "Abre Cr\u00e9dito Adicional Suplementar e da outras provid\u00eancias."}, {"id": "6612", "ano": "2025", "numero": "422", "tipo__sigla": "DE", "tipo__descricao": "Decreto Executivo", "texto_integral": "http://sapl.sarandi.pr.leg.br/media/sapl/public/normajuridica/2025/6612/decreto_executivo_no_422-2025.pdf", "ementa": "Abre Cr\u00e9dito Adicional Suplementar e da outras provid\u00eancias."}, {"id": "6615", "ano": "2025", "numero": "402", "tipo__sigla": "DE", "tipo__descricao": "Decreto Executivo", "texto_integral": "http://sapl.sarandi.pr.leg.br/media/", "ementa": "Abre Cr\u00e9dito Adicional Suplementar e da outras provid\u00eancias"}, {"id": "6613", "ano": "2025", "numero": "401", "tipo__sigla": "DE", "tipo__descricao": "Decreto Executivo", "texto_integral": "http://sapl.sarandi.pr.leg.br/media/sapl/public/normajuridica/2025/6613/decreto_executivo_no_401-2025.pdf", "ementa": "Abre Cr\u00e9dito Adicional Suplementar e da outras provid\u00eancias"}, {"id": "6609", "ano": "2025", "numero": "421", "tipo__sigla": "DE", "tipo__descricao": "Decreto Executivo", "texto_integral": "http://sapl.sarandi.pr.leg.br/media/sapl/public/normajuridica/2025/6609/decreto_executivo_no_421-2025_-_retificacao.pdf", "ementa": "Abre Cr\u00e9dito Adicional Suplementar e da outras provid\u00eancias"}, {"id": "6617", "ano": "2025", "numero": "400", "tipo__sigla": "DE", "tipo__descricao": "Decreto Executivo", "texto_integral": "http://sapl.sarandi.pr.leg.br/media/sapl/public/normajuridica/2025/6617/decreto_executivo_no_400-2025.pdf", "ementa": "Abre Cr\u00e9dito Adicional Suplementar e da outras provid\u00eancias."}, {"id": "6611", "ano": "2025", "numero": "399", "tipo__sigla": "DE", "tipo__descricao": "Decreto Executivo", "texto_integral": "http://sapl.sarandi.pr.leg.br/media/sapl/public/normajuridica/2025/6611/decreto_executivo_no_399-2025.pdf", "ementa": "Abre Cr\u00e9dito Adicional Suplementar e da outras provid\u00eancias."}, {"id": "6623", "ano": "2025", "numero": "397", "tipo__sigla": "DE", "tipo__descricao": "Decreto Executivo", "texto_integral": "http://sapl.sarandi.pr.leg.br/media/sapl/public/normajuridica/2025/6623/decreto_executivo_no_397-2025.pdf", "ementa": "Abre Cr\u00e9dito Adicional Suplementar e da  outras provid\u00eancias."}, {"id": "6606", "ano": "2025", "numero": "3", "tipo__sigla": "DL", "tipo__descricao": "Decreto Legislativo", "texto_integral": "http://sapl.sarandi.pr.leg.br/media/sapl/public/normajuridica/2025/6606/decreto_legislativo_no_3_2025_sapl.pdf", "ementa": "Concede t\u00edtulo de Cidad\u00e3o Honor\u00e1rio ao Senhor Alexandre Curi."}, {"id": "6605", "ano": "2025", "numero": "485", "tipo__sigla": "LC", "tipo__descricao": "Lei Complementar", "texto_integral": "http://sapl.sarandi.pr.leg.br/media/sapl/public/normajuridica/2025/6605/lei_complementar_485-2025_sapl.pdf", "ementa": "Altera a Lei Complementar n\u00ba 411, de 6 de junho de 2022."}, {"id": "6607", "ano": "2025", "numero": "3064", "tipo__sigla": "LEI", "tipo__descricao": "Lei Ordin\u00e1ria", "texto_integral": "http://sapl.sarandi.pr.leg.br/media/sapl/public/normajuridica/2025/6607/lei_3064-2025_sapl.pdf", "ementa": "Autoriza a doa\u00e7\u00e3o de im\u00f3vel para a Caixa de Aposentadoria e Pens\u00e3o dos Servidores Municipais de Sarandi (PRESERV), e d\u00e1 outras provid\u00eancias."}, {"id": "6604", "ano": "2025", "numero": "3063", "tipo__sigla": "LEI", "tipo__descricao": "Lei Ordin\u00e1ria", "texto_integral": "http://sapl.sarandi.pr.leg.br/media/sapl/public/normajuridica/2025/6604/lei_3063-2025_sapl.pdf", "ementa": "Disp\u00f5e sobre a abertura de Cr\u00e9dito Adicional Especial e d\u00e1 outras provid\u00eancias."}, {"id": "6603", "ano": "2025", "numero": "380", "tipo__sigla": "DE", "tipo__descricao": "Decreto Executivo", "texto_integral": "http://sapl.sarandi.pr.leg.br/media/sapl/public/normajuridica/2025/6603/decreto_executivo_no_380-2025.pdf", "ementa": "Abre Cr\u00e9dito Adicional Suplementar e da outras provid\u00eancias."}, {"id": "6620", "ano": "2025", "numero": "87", "tipo__sigla": "POR", "tipo__descricao": "Portaria", "texto_integral": "http://sapl.sarandi.pr.leg.br/media/sapl/public/normajuridica/2025/6620/portaria_no_87-2025_-_sapl.pdf", "ementa": "Designa comiss\u00e3o para Estudo T\u00e9cnico Preliminar (ETP) visando a contrata\u00e7\u00e3o de empresa especializada na presta\u00e7\u00e3o de servi\u00e7os de agente de integra\u00e7\u00e3o de estagi\u00e1rios"}, {"id": "6619", "ano": "2025", "numero": "86", "tipo__sigla": "POR", "tipo__descricao": "Portaria", "texto_integral": "http://sapl.sarandi.pr.leg.br/media/sapl/public/normajuridica/2025/6619/portaria_no_86-2025_-_sapl.pdf", "ementa": "Nomeia membros da equipe de apoio no \u00e2mbito da C\u00e2mara Municipal de Sarandi."}, {"id": "6618", "ano": "2025", "numero": "85", "tipo__sigla": "POR", "tipo__descricao": "Portaria", "texto_integral": "http://sapl.sarandi.pr.leg.br/media/sapl/public/normajuridica/2025/6618/portaria_no_85-2025_-_sapl.pdf", "ementa": "Concede progress\u00e3o funcional por capacita\u00e7\u00e3o ao servidor Renan Augusto dos Santos Volpatto"}, {"id": "6622", "ano": "2025", "numero": "378", "tipo__sigla": "DE", "tipo__descricao": "Decreto Executivo", "texto_integral": "http://sapl.sarandi.pr.leg.br/media/sapl/public/normajuridica/2025/6622/decreto_executivo_no_378-2025.pdf", "ementa": "Abre Cr\u00e9dito Adicional Suplementar e da outras provid\u00eancias."}, {"id": "6602", "ano": "2025", "numero": "373", "tipo__sigla": "DE", "tipo__descricao": "Decreto Executivo", "texto_integral": "http://sapl.sarandi.pr.leg.br/media/sapl/public/normajuridica/2025/6602/decreto_executivo_no_373-2025.pdf", "ementa": "Abre Cr\u00e9dito Adicional Suplementar e da outras provid\u00eancias"}, {"id": "6601", "ano": "2025", "numero": "372", "tipo__sigla": "DE", "tipo__descricao": "Decreto Executivo", "texto_integral": "http://sapl.sarandi.pr.leg.br/media/sapl/public/normajuridica/2025/6601/decreto_executivo_no_372-2025.pdf", "ementa": "Abre Cr\u00e9dito Adicional Suplementar e da outras provid\u00eancias."}, {"id": "6593", "ano": "2025", "numero": "84", "tipo__sigla": "POR", "tipo__descricao": "Portaria", "texto_integral": "http://sapl.sarandi.pr.leg.br/media/sapl/public/normajuridica/2025/6593/portaria_no_84-2025_-_sapl.pdf", "ementa": "Reconduz a servidora D\u00e9bora Aparecida de Souza para ocupar o cargo em comiss\u00e3o de Controlador Interno."}, {"id": "6594", "ano": "2025", "numero": "370", "tipo__sigla": "DE", "tipo__descricao": "Decreto Executivo", "texto_integral": "http://sapl.sarandi.pr.leg.br/media/sapl/public/normajuridica/2025/6594/decreto_executivo_no_370-2025.pdf", "ementa": "Abre Cr\u00e9dito Adicional Suplementar na forma que especifica."}, {"id": "6592", "ano": "2025", "numero": "368", "tipo__sigla": "DE", "tipo__descricao": "Decreto Executivo", "texto_integral": "http://sapl.sarandi.pr.leg.br/media/sapl/public/normajuridica/2025/6592/decreto_executivo_no_368-2025.pdf", "ementa": "Abre Cr\u00e9dito Adicional Suplementar e da outras provid\u00eancias."}, {"id": "6591", "ano": "2025", "numero": "366", "tipo__sigla": "DE", "tipo__descricao": "Decreto Executivo", "texto_integral": "http://sapl.sarandi.pr.leg.br/media/sapl/public/normajuridica/2025/6591/decreto_executivo_no_366-2025.pdf", "ementa": "Abre Cr\u00e9dito Adicional Suplementar e da outras provid\u00eancias."}, {"id": "6608", "ano": "2025", "numero": "365", "tipo__sigla": "DE", "tipo__descricao": "Decreto Executivo", "texto_integral": "http://sapl.sarandi.pr.leg.br/media/sapl/public/normajuridica/2025/6608/decreto_executivo_no_365-2025.pdf", "ementa": "Abre Cr\u00e9dito Adicional Suplementar e da outras provid\u00eancias"}, {"id": "6600", "ano": "2025", "numero": "363", "tipo__sigla": "DE", "tipo__descricao": "Decreto Executivo", "texto_integral": "http://sapl.sarandi.pr.leg.br/media/sapl/public/normajuridica/2025/6600/decreto_executivo_no_363-2025.pdf", "ementa": "Abre Cr\u00e9dito Adicional Suplementar e da outras provid\u00eancias."}, {"id": "6590", "ano": "2025", "numero": "83", "tipo__sigla": "POR", "tipo__descricao": "Portaria", "texto_integral": "http://sapl.sarandi.pr.leg.br/media/sapl/public/normajuridica/2025/6590/portaria_no_83-2025_-_sapl.pdf", "ementa": "D\u00e1 vac\u00e2ncia ao cargo de Oficial de Manuten\u00e7\u00e3o por motivo de falecimento."}, {"id": "6589", "ano": "2025", "numero": "82", "tipo__sigla": "POR", "tipo__descricao": "Portaria", "texto_integral": "http://sapl.sarandi.pr.leg.br/media/sapl/public/normajuridica/2025/6589/portaria_no_82-2025_-_sapl.pdf", "ementa": "Concede licen\u00e7a especial \u00e0 servidora Helonise Grabriella Gon\u00e7alves Passos."}, {"id": "6521", "ano": "2025", "numero": "479", "tipo__sigla": "LC", "tipo__descricao": "Lei Complementar", "texto_integral": "http://sapl.sarandi.pr.leg.br/media/sapl/public/normajuridica/2025/6521/lei_complementar_479-2025_sapl.pdf", "ementa": "Altera a Lei Complementar n\u00ba 427,de 9 de fevereiro de 2023."}, {"id": "6599", "ano": "2025", "numero": "360", "tipo__sigla": "DE", "tipo__descricao": "Decreto Executivo", "texto_integral": "http://sapl.sarandi.pr.leg.br/media/sapl/public/normajuridica/2025/6599/decreto_executivo_no_360-2025.pdf", "ementa": "Abre Cr\u00e9dito Adicional Suplementar e da outras provid\u00eancias."}, {"id": "6598", "ano": "2025", "numero": "358", "tipo__sigla": "DE", "tipo__descricao": "Decreto Executivo", "texto_integral": "http://sapl.sarandi.pr.leg.br/media/sapl/public/normajuridica/2025/6598/decreto_executivo_no_358-2025.pdf", "ementa": "Abre Cr\u00e9dito Adicional Suplementar e da outras provid\u00eancias."}, {"id": "6588", "ano": "2025", "numero": "81", "tipo__sigla": "POR", "tipo__descricao": "Portaria", "texto_integral": "http://sapl.sarandi.pr.leg.br/media/sapl/public/normajuridica/2025/6588/portaria_no_81-2025_-_sapl.pdf", "ementa": "Designa o servidor Lucas Ataliba Rantin de Carvalho, para fiscaliza\u00e7\u00e3o de contrato."}, {"id": "6586", "ano": "2025", "numero": "343", "tipo__sigla": "DE", "tipo__descricao": "Decreto Executivo", "texto_integral": "http://sapl.sarandi.pr.leg.br/media/", "ementa": "Abre Cr\u00e9dito Adicional Suplementar na forma que especifica."}, {"id": "6583", "ano": "2025", "numero": "80", "tipo__sigla": "POR", "tipo__descricao": "Portaria", "texto_integral": "http://sapl.sarandi.pr.leg.br/media/sapl/public/normajuridica/2025/6583/portaria_no_80-2025_-_sapl.pdf", "ementa": "Designa a servidora Angela Alves de Almeida para ocupar a Fun\u00e7\u00e3o Gratificada de Coordenador de Acompanhamento e Execu\u00e7\u00e3o de Leis, Projetos Especiais e Escola Legislativa."}, {"id": "6587", "ano": "2025", "numero": "3062", "tipo__sigla": "LEI", "tipo__descricao": "Lei Ordin\u00e1ria", "texto_integral": "http://sapl.sarandi.pr.leg.br/media/sapl/public/normajuridica/2025/6587/lei_3062-2025_sapl.pdf", "ementa": "Altera as Leis n\u00ba 3.046, de 2 de dezembro de 2024 (Plano Municipal de Cultura), n\u00ba 3.051, de 20 de dezembro de 2024 (Sistema Municipal de Cultura)."}, {"id": "6582", "ano": "2025", "numero": "484", "tipo__sigla": "LC", "tipo__descricao": "Lei Complementar", "texto_integral": "http://sapl.sarandi.pr.leg.br/media/sapl/public/normajuridica/2025/6582/lei_complementar_484-2025_sapl.pdf", "ementa": "Altera a Lei Complementar n\u00ba 70, de 26 de dezembro de 2001, que \u201cDisp\u00f5e sobre o Sistema Tribut\u00e1rio do Munic\u00edpio de Sarandi e d\u00e1 outras provid\u00eancias (C\u00f3digo Tribut\u00e1rio).\u201d."}, {"id": "6585", "ano": "2025", "numero": "334", "tipo__sigla": "DE", "tipo__descricao": "Decreto Executivo", "texto_integral": "http://sapl.sarandi.pr.leg.br/media/sapl/public/normajuridica/2025/6585/decreto_executivo_no_334-2025.pdf", "ementa": "Abre Cr\u00e9dito Adicional Suplementar na forma que espec\u00edfica."}, {"id": "6584", "ano": "2025", "numero": "333", "tipo__sigla": "DE", "tipo__descricao": "Decreto Executivo", "texto_integral": "http://sapl.sarandi.pr.leg.br/media/sapl/public/normajuridica/2025/6584/decreto_executivo_no_333-2025.pdf", "ementa": "Abre Cr\u00e9dito Adicional Suplementar na forma que especifica."}, {"id": "6579", "ano": "2025", "numero": "2", "tipo__sigla": "ATP", "tipo__descricao": "Ato da Presid\u00eancia", "texto_integral": "http://sapl.sarandi.pr.leg.br/media/sapl/public/normajuridica/2025/6579/ato_da_presidencia_no_2-2025_sapl.pdf", "ementa": "Disp\u00f5e sobre a emiss\u00e3o de parecer jur\u00eddico em proposi\u00e7\u00f5es legislativas no \u00e2mbito da C\u00e2mara Municipal de Sarandi."}, {"id": "6578", "ano": "2025", "numero": "2", "tipo__sigla": "DL", "tipo__descricao": "Decreto Legislativo", "texto_integral": "http://sapl.sarandi.pr.leg.br/media/sapl/public/normajuridica/2025/6578/decreto_legislativo_no_2_2025_sapl.pdf", "ementa": "Disp\u00f5e sobre a rejei\u00e7\u00e3o do \u201cVeto n\u00ba 1/2025\u201d Parcial ao Projeto de Lei Complementar n\u00ba 623/2025, de autoria do Poder Executivo Municipal, o qual \u201cAltera a Lei Complementar n\u00ba 427, de 9 de fevereiro de 2023.\u201d."}, {"id": "6577", "ano": "2025", "numero": "1", "tipo__sigla": "DL", "tipo__descricao": "Decreto Legislativo", "texto_integral": "http://sapl.sarandi.pr.leg.br/media/sapl/public/normajuridica/2025/6577/decreto_legislativo_no_1_2025_sapl.pdf", "ementa": "Disp\u00f5e sobre a aceita\u00e7\u00e3o do \u201cVeto total n\u00ba 6/2024\u201d ao Projeto de Lei n\u00ba 3.484/2024, de autoria do vereador Adriano Ferreira Amorim \u201cAdriano Amorim\u201d, o qual \u201cAutoriza o prolongamento da Rua Caetano Senhorini.\u201d."}, {"id": "6580", "ano": "2025", "numero": "79", "tipo__sigla": "POR", "tipo__descricao": "Portaria", "texto_integral": "http://sapl.sarandi.pr.leg.br/media/sapl/public/normajuridica/2025/6580/portaria_no_79-2025_sapl.pdf", "ementa": "Designa o servidor Renan Augusto dos Santos Volpatto, para fiscaliza\u00e7\u00e3o de contrato."}, {"id": "6576", "ano": "2025", "numero": "3061", "tipo__sigla": "LEI", "tipo__descricao": "Lei Ordin\u00e1ria", "texto_integral": "http://sapl.sarandi.pr.leg.br/media/sapl/public/normajuridica/2025/6576/lei_3061-2025_sapl.pdf", "ementa": "Cria o Calend\u00e1rio Oficial de Datas e Eventos do Munic\u00edpio de Sarandi e consolida as leis municipais."}, {"id": "6575", "ano": "2025", "numero": "78", "tipo__sigla": "POR", "tipo__descricao": "Portaria", "texto_integral": "http://sapl.sarandi.pr.leg.br/media/sapl/public/normajuridica/2025/6575/portaria_no_78-2025_-_sapl.pdf", "ementa": "Declara Luto Oficial de 5 (cinco) dias em virtude do falecimento do senhor Dhymison da Silva Ramos."}, {"id": "6581", "ano": "2025", "numero": "318", "tipo__sigla": "DE", "tipo__descricao": "Decreto Executivo", "texto_integral": "http://sapl.sarandi.pr.leg.br/media/sapl/public/normajuridica/2025/6581/decreto_executivo_no_318-2025.pdf", "ementa": "Abre Cr\u00e9dito Adicional Suplementar na forma que especifica."}, {"id": "6557", "ano": "2025", "numero": "77", "tipo__sigla": "POR", "tipo__descricao": "Portaria", "texto_integral": "http://sapl.sarandi.pr.leg.br/media/sapl/public/normajuridica/2025/6557/portaria_no_77-2025_-_sapl.pdf", "ementa": "Concede progress\u00e3o funcional por capacita\u00e7\u00e3o ao servidor Dhymison da Silva Ramos."}, {"id": "6556", "ano": "2025", "numero": "76", "tipo__sigla": "POR", "tipo__descricao": "Portaria", "texto_integral": "http://sapl.sarandi.pr.leg.br/media/sapl/public/normajuridica/2025/6556/portaria_no_76-2025_-_sapl.pdf", "ementa": "Nomeia Orwille Robertson da Silva Moribe para o cargo de Procurador Jur\u00eddico."}, {"id": "6555", "ano": "2025", "numero": "75", "tipo__sigla": "POR", "tipo__descricao": "Portaria", "texto_integral": "http://sapl.sarandi.pr.leg.br/media/sapl/public/normajuridica/2025/6555/portaria_no_75-2025_-_sapl.pdf", "ementa": "Exonera o servidor Orwille Robertson da Silva Moribe e d\u00e1 outras provid\u00eancias."}, {"id": "6554", "ano": "2025", "numero": "74", "tipo__sigla": "POR", "tipo__descricao": "Portaria", "texto_integral": "http://sapl.sarandi.pr.leg.br/media/sapl/public/normajuridica/2025/6554/portaria_no_74-2025_-_sapl.pdf", "ementa": "Exonera a servidora Keitty Alves de Andrade e d\u00e1 outras provid\u00eancias"}, {"id": "6572", "ano": "2025", "numero": "298", "tipo__sigla": "DE", "tipo__descricao": "Decreto Executivo", "texto_integral": "http://sapl.sarandi.pr.leg.br/media/sapl/public/normajuridica/2025/6572/decreto_executivo_no_298-2025.pdf", "ementa": "Abre Cr\u00e9dito Adicional Suplementar na forma que especifica."}, {"id": "6571", "ano": "2025", "numero": "297", "tipo__sigla": "DE", "tipo__descricao": "Decreto Executivo", "texto_integral": "http://sapl.sarandi.pr.leg.br/media/sapl/public/normajuridica/2025/6571/decreto_executivo_no_297-2025.pdf", "ementa": "Abre Cr\u00e9dito Adicional Suplementar na forma que especifica."}, {"id": "6546", "ano": "2025", "numero": "3060", "tipo__sigla": "LEI", "tipo__descricao": "Lei Ordin\u00e1ria", "texto_integral": "http://sapl.sarandi.pr.leg.br/media/sapl/public/normajuridica/2025/6546/lei_3060-2025_sapl.pdf", "ementa": "Restabelece a vig\u00eancia da Lei n\u00ba 2.510 de 7 de outubro de 2019 e d\u00e1 outras provid\u00eancias."}, {"id": "6549", "ano": "2025", "numero": "483", "tipo__sigla": "LC", "tipo__descricao": "Lei Complementar", "texto_integral": "http://sapl.sarandi.pr.leg.br/media/sapl/public/normajuridica/2025/6549/lei_complementar_483-2025_sapl.pdf", "ementa": "Altera a Lei Complementar n\u00ba 115, de 27 de maio de 2005 e d\u00e1 outras provid\u00eancias."}, {"id": "6545", "ano": "2025", "numero": "3", "tipo__sigla": "RES", "tipo__descricao": "Resolu\u00e7\u00e3o", "texto_integral": "http://sapl.sarandi.pr.leg.br/media/sapl/public/normajuridica/2025/6545/resolucao_no_3__2025.pdf", "ementa": "Disp\u00f5e sobre o est\u00e1gio de estudantes no \u00e2mbito da C\u00e2mara Municipal de Sarandi."}, {"id": "6544", "ano": "2025", "numero": "2", "tipo__sigla": "RES", "tipo__descricao": "Resolu\u00e7\u00e3o", "texto_integral": "http://sapl.sarandi.pr.leg.br/media/sapl/public/normajuridica/2025/6544/resolucao_no_2_2025.pdf", "ementa": "Disp\u00f5e sobre o Regimento Interno da C\u00e2mara de Vereadores Mirins do munic\u00edpio de Sarandi."}, {"id": "6543", "ano": "2025", "numero": "1", "tipo__sigla": "RES", "tipo__descricao": "Resolu\u00e7\u00e3o", "texto_integral": "http://sapl.sarandi.pr.leg.br/media/sapl/public/normajuridica/2025/6543/resolucao_no_1_2025.pdf", "ementa": "Disp\u00f5e sobre o Regimento Interno da Escola do Legislativo da C\u00e2mara Municipal de Sarandi."}, {"id": "6548", "ano": "2025", "numero": "73", "tipo__sigla": "POR", "tipo__descricao": "Portaria", "texto_integral": "http://sapl.sarandi.pr.leg.br/media/sapl/public/normajuridica/2025/6548/portaria_no_73-2025_-sapl.pdf", "ementa": "Nomeia Adriano Barbosa para o cargo de Assessor Legislativo."}, {"id": "6547", "ano": "2025", "numero": "72", "tipo__sigla": "POR", "tipo__descricao": "Portaria", "texto_integral": "http://sapl.sarandi.pr.leg.br/media/sapl/public/normajuridica/2025/6547/portaria_no_72-2025_-sapl.pdf", "ementa": "Exonera o servidor Antonio Benvenuto Ferreira e d\u00e1 outras provid\u00eancias."}, {"id": "6574", "ano": "2025", "numero": "288", "tipo__sigla": "DE", "tipo__descricao": "Decreto Executivo", "texto_integral": "http://sapl.sarandi.pr.leg.br/media/sapl/public/normajuridica/2025/6574/decreto_executivo_no_288-2025.pdf", "ementa": "Abre Cr\u00e9dito Adicional Suplementar na forma que especifica."}, {"id": "6570", "ano": "2025", "numero": "287", "tipo__sigla": "DE", "tipo__descricao": "Decreto Executivo", "texto_integral": "http://sapl.sarandi.pr.leg.br/media/sapl/public/normajuridica/2025/6570/decreto_executivo_no_287-2025.pdf", "ementa": "Abre Cr\u00e9dito Adicional Suplementar na forma que especifica."}, {"id": "6573", "ano": "2025", "numero": "286", "tipo__sigla": "DE", "tipo__descricao": "Decreto Executivo", "texto_integral": "http://sapl.sarandi.pr.leg.br/media/sapl/public/normajuridica/2025/6573/decreto_executivo_no_286-2025.pdf", "ementa": "Abre Cr\u00e9dito Adicional Suplementar na forma que especifica."}, {"id": "6565", "ano": "2025", "numero": "280", "tipo__sigla": "DE", "tipo__descricao": "Decreto Executivo", "texto_integral": "http://sapl.sarandi.pr.leg.br/media/sapl/public/normajuridica/2025/6565/decreto_executivo_no_280-2025.pdf", "ementa": "Abre Cr\u00e9dito Adicional Suplementar na forma que especifica. CARLOS ALBERTO DE PAULA JUNIOR, Prefeito Municipal de Sarandi, Estado do Paran\u00e1, no uso de suas atribui\u00e7\u00f5es legais e na forma do art. 6\u00ba, da Lei Or\u00e7ament\u00e1ria Anual-LOA n\u00ba. 3054/2024, de 20/12/2024."}, {"id": "6541", "ano": "2025", "numero": "71", "tipo__sigla": "POR", "tipo__descricao": "Portaria", "texto_integral": "http://sapl.sarandi.pr.leg.br/media/sapl/public/normajuridica/2025/6541/portaria_no_71-2025_-sapl.pdf", "ementa": "Concede progress\u00e3o funcional por capacita\u00e7\u00e3o ao servidor Dhymison da Silva Ramos."}, {"id": "6540", "ano": "2025", "numero": "70", "tipo__sigla": "POR", "tipo__descricao": "Portaria", "texto_integral": "http://sapl.sarandi.pr.leg.br/media/sapl/public/normajuridica/2025/6540/portaria_no_70-2025_-sapl.pdf", "ementa": "Concede progress\u00e3o funcional por merecimento a servidora Helonise Grabriella Gon\u00e7alves Passos."}, {"id": "6539", "ano": "2025", "numero": "69", "tipo__sigla": "POR", "tipo__descricao": "Portaria", "texto_integral": "http://sapl.sarandi.pr.leg.br/media/sapl/public/normajuridica/2025/6539/portaria_no_69-2025_-sapl.pdf", "ementa": "Concede progress\u00e3o funcional por titula\u00e7\u00e3o ao servidor Dhymison da Silva Ramos."}, {"id": "6538", "ano": "2025", "numero": "68", "tipo__sigla": "POR", "tipo__descricao": "Portaria", "texto_integral": "http://sapl.sarandi.pr.leg.br/media/sapl/public/normajuridica/2025/6538/portaria_no_68-2025_-sapl.pdf", "ementa": "Concede progress\u00e3o funcional por capacita\u00e7\u00e3o ao servidor Lucas Ataliba Rantin de Carvalho."}, {"id": "6537", "ano": "2025", "numero": "3059", "tipo__sigla": "LEI", "tipo__descricao": "Lei Ordin\u00e1ria", "texto_integral": "http://sapl.sarandi.pr.leg.br/media/sapl/public/normajuridica/2025/6537/lei_3059-2025_sapl.pdf", "ementa": "Concede reajuste no piso salarial dos profissionais do magist\u00e9rio p\u00fablico do Munic\u00edpio de Sarandi \u2013 PR."}, {"id": "6566", "ano": "2025", "numero": "265", "tipo__sigla": "DE", "tipo__descricao": "Decreto Executivo", "texto_integral": "http://sapl.sarandi.pr.leg.br/media/sapl/public/normajuridica/2025/6566/decreto_executivo_no_265-2025.pdf", "ementa": "Abre Cr\u00e9dito Adicional Suplementar na forma que especifica."}, {"id": "6542", "ano": "2025", "numero": "253", "tipo__sigla": "DE", "tipo__descricao": "Decreto Executivo", "texto_integral": "http://sapl.sarandi.pr.leg.br/media/", "ementa": "Abre Cr\u00e9dito Adicional Suplementar na forma que especifica."}, {"id": "6536", "ano": "2025", "numero": "3058", "tipo__sigla": "LEI", "tipo__descricao": "Lei Ordin\u00e1ria", "texto_integral": "http://sapl.sarandi.pr.leg.br/media/sapl/public/normajuridica/2025/6536/lei_3058-2025_sapl.pdf", "ementa": "Fixa o piso m\u00ednimo de vencimentos dos servidores p\u00fablicos municipais de Sarandi."}, {"id": "6567", "ano": "2025", "numero": "261", "tipo__sigla": "DE", "tipo__descricao": "Decreto Executivo", "texto_integral": "http://sapl.sarandi.pr.leg.br/media/sapl/public/normajuridica/2025/6567/decreto_executivo_no_261-2025.pdf", "ementa": "Abre Cr\u00e9dito Adicional Suplementar na forma que especifica."}, {"id": "6535", "ano": "2025", "numero": "67", "tipo__sigla": "POR", "tipo__descricao": "Portaria", "texto_integral": "http://sapl.sarandi.pr.leg.br/media/sapl/public/normajuridica/2025/6535/portaria_no_67-2025_-sapl.pdf", "ementa": "Nomeia a servidora Luzia Azevedo Dias para ocupar a Fun\u00e7\u00e3o Gratificada de Encarregado de Apoio aos Servi\u00e7os Gerais."}, {"id": "6534", "ano": "2025", "numero": "66", "tipo__sigla": "POR", "tipo__descricao": "Portaria", "texto_integral": "http://sapl.sarandi.pr.leg.br/media/sapl/public/normajuridica/2025/6534/portaria_no_66-2025_-sapl.pdf", "ementa": "Nomeia Mauricio Camargo dos Santos para o cargo de Assessor Legislativo."}, {"id": "6568", "ano": "2025", "numero": "257", "tipo__sigla": "DE", "tipo__descricao": "Decreto Executivo", "texto_integral": "http://sapl.sarandi.pr.leg.br/media/sapl/public/normajuridica/2025/6568/decreto_executivo_no_257-2025.pdf", "ementa": "Abre Cr\u00e9dito Adicional Suplementar na forma que especifica"}, {"id": "6533", "ano": "2025", "numero": "65", "tipo__sigla": "POR", "tipo__descricao": "Portaria", "texto_integral": "http://sapl.sarandi.pr.leg.br/media/sapl/public/normajuridica/2025/6533/portaria_no_65-2025_-sapl.pdf", "ementa": "Designa o servidor Lucas Ataliba Rantin de Carvalho, para fiscaliza\u00e7\u00e3o de atas de registro de pre\u00e7os."}, {"id": "6532", "ano": "2025", "numero": "64", "tipo__sigla": "POR", "tipo__descricao": "Portaria", "texto_integral": "http://sapl.sarandi.pr.leg.br/media/sapl/public/normajuridica/2025/6532/portaria_no_64-2025_-sapl.pdf", "ementa": "Designa o servidor Lucas Ataliba Rantin de Carvalho, para fiscaliza\u00e7\u00e3o de contrato."}, {"id": "6569", "ano": "2025", "numero": "256", "tipo__sigla": "DE", "tipo__descricao": "Decreto Executivo", "texto_integral": "http://sapl.sarandi.pr.leg.br/media/sapl/public/normajuridica/2025/6569/decreto_executivo_no_256-2025.pdf", "ementa": "Abre Cr\u00e9dito Adicional Suplementar na forma que especifica."}, {"id": "6531", "ano": "2025", "numero": "252", "tipo__sigla": "DE", "tipo__descricao": "Decreto Executivo", "texto_integral": "http://sapl.sarandi.pr.leg.br/media/sapl/public/normajuridica/2025/6531/decreto_executivo_no_252-2025.pdf", "ementa": "Abre Cr\u00e9dito Adicional Suplementar na forma que especifica."}, {"id": "6527", "ano": "2025", "numero": "63", "tipo__sigla": "POR", "tipo__descricao": "Portaria", "texto_integral": "http://sapl.sarandi.pr.leg.br/media/sapl/public/normajuridica/2025/6527/portaria_no_63-2025_-sapl.pdf", "ementa": "Designa o servidor Lucas Ataliba Rantin de Carvalho, para fiscaliza\u00e7\u00e3o de atas de registro de pre\u00e7os."}, {"id": "6526", "ano": "2025", "numero": "62", "tipo__sigla": "POR", "tipo__descricao": "Portaria", "texto_integral": "http://sapl.sarandi.pr.leg.br/media/sapl/public/normajuridica/2025/6526/portaria_no_62-2025_-sapl.pdf", "ementa": "Designa o servidor Lucas Ataliba Rantin de Carvalho, para fiscaliza\u00e7\u00e3o de atas de registro de pre\u00e7os."}, {"id": "6524", "ano": "2025", "numero": "482", "tipo__sigla": "LC", "tipo__descricao": "Lei Complementar", "texto_integral": "http://sapl.sarandi.pr.leg.br/media/sapl/public/normajuridica/2025/6524/lei_complementar_482-2025_sapl.pdf", "ementa": "Institui o Programa de Recupera\u00e7\u00e3o Fiscal \u2013 Refis 2025."}, {"id": "6523", "ano": "2025", "numero": "481", "tipo__sigla": "LC", "tipo__descricao": "Lei Complementar", "texto_integral": "http://sapl.sarandi.pr.leg.br/media/sapl/public/normajuridica/2025/6523/lei_complementar_481-2025_sapl.pdf", "ementa": "Disp\u00f5e sobre a altera\u00e7\u00e3o da Lei Complementar n\u00ba 265, de 22 de fevereiro de 2012, que estrutura a Secretaria Municipal de Tr\u00e2nsito, Transporte e Seguran\u00e7a P\u00fablica, criando e autorizando a utiliza\u00e7\u00e3o da nomenclatura \"POLICIA MUNIICPAL\" pela Guarda Civil Municipal de Sarandi, na forma que especifica."}, {"id": "6522", "ano": "2025", "numero": "480", "tipo__sigla": "LC", "tipo__descricao": "Lei Complementar", "texto_integral": "http://sapl.sarandi.pr.leg.br/media/sapl/public/normajuridica/2025/6522/lei_complementar_480-2025_sapl.pdf", "ementa": "Institui o Programa de Recupera\u00e7\u00e3o Fiscal - Refis 2025 do Servi\u00e7o Municipal de Saneamento Ambiental - SMSA."}, {"id": "6530", "ano": "2025", "numero": "247", "tipo__sigla": "DE", "tipo__descricao": "Decreto Executivo", "texto_integral": "http://sapl.sarandi.pr.leg.br/media/sapl/public/normajuridica/2025/6530/decreto_executivo_no_247-2025.pdf", "ementa": "Abre Cr\u00e9dito Adicional Suplementar na forma que especifica."}, {"id": "6529", "ano": "2025", "numero": "246", "tipo__sigla": "DE", "tipo__descricao": "Decreto Executivo", "texto_integral": "http://sapl.sarandi.pr.leg.br/media/sapl/public/normajuridica/2025/6529/decreto_executivo_no_246-2025.pdf", "ementa": "Abre Cr\u00e9dito Adicional Suplementar na forma que especifica."}, {"id": "6528", "ano": "2025", "numero": "233", "tipo__sigla": "DE", "tipo__descricao": "Decreto Executivo", "texto_integral": "http://sapl.sarandi.pr.leg.br/media/sapl/public/normajuridica/2025/6528/decreto_executivo_no_233-2025.pdf", "ementa": "Abre Cr\u00e9dito Adicional Suplementar na forma que especifica."}, {"id": "6525", "ano": "2025", "numero": "227", "tipo__sigla": "DE", "tipo__descricao": "Decreto Executivo", "texto_integral": "http://sapl.sarandi.pr.leg.br/media/sapl/public/normajuridica/2025/6525/decreto_executivo_no_227-2025.pdf", "ementa": "Abre Cr\u00e9dito Adicional Suplementar na forma que especifica."}, {"id": "6518", "ano": "2025", "numero": "3057", "tipo__sigla": "LEI", "tipo__descricao": "Lei Ordin\u00e1ria", "texto_integral": "http://sapl.sarandi.pr.leg.br/media/sapl/public/normajuridica/2025/6518/lei_3057-2025_sapl.pdf", "ementa": "Destina terreno e recurso dispon\u00edvel para constru\u00e7\u00e3o da nova sede da Associa\u00e7\u00e3o de Pais e Amigos dos Excepcionais (Apae) no Munic\u00edpio de Sarandi \u2013 PR."}, {"id": "6561", "ano": "2025", "numero": "223", "tipo__sigla": "DE", "tipo__descricao": "Decreto Executivo", "texto_integral": "http://sapl.sarandi.pr.leg.br/media/sapl/public/normajuridica/2025/6561/decreto_executivo_no_223-2025.pdf", "ementa": "Abre Cr\u00e9dito Adicional Suplementar na forma que especifica."}, {"id": "6509", "ano": "2025", "numero": "61", "tipo__sigla": "POR", "tipo__descricao": "Portaria", "texto_integral": "http://sapl.sarandi.pr.leg.br/media/sapl/public/normajuridica/2025/6509/portaria_no_61-2025_-sapl.pdf", "ementa": "Estabelece recesso funcional no dia 5 de mar\u00e7o de 2025 no \u00e2mbito da C\u00e2mara Municipal de Sarandi."}, {"id": "6597", "ano": "2025", "numero": "3", "tipo__sigla": "ATM", "tipo__descricao": "Ato da Mesa", "texto_integral": "http://sapl.sarandi.pr.leg.br/media/sapl/public/normajuridica/2025/6597/ato_da_mesa_no_3-2025_assinado.pdf", "ementa": "Disp\u00f5e sobre o exerc\u00edcio do mandato dos vereadores mirins para a 3\u00aa Legislatura."}, {"id": "6596", "ano": "2025", "numero": "2", "tipo__sigla": "ATM", "tipo__descricao": "Ato da Mesa", "texto_integral": "http://sapl.sarandi.pr.leg.br/media/sapl/public/normajuridica/2025/6596/ato_da_mesa_no_2-2025_assinado.pdf", "ementa": "Disp\u00f5e sobre a diploma\u00e7\u00e3o e a posse dos vereadores mirins e da Mesa Diretora."}, {"id": "6595", "ano": "2025", "numero": "1", "tipo__sigla": "ATM", "tipo__descricao": "Ato da Mesa", "texto_integral": "http://sapl.sarandi.pr.leg.br/media/sapl/public/normajuridica/2025/6595/ato_da_mesa_no_1-2025_assinado.pdf", "ementa": "Disp\u00f5e sobre a elei\u00e7\u00e3o do Programa Vereador Mirim 2025."}, {"id": "6504", "ano": "2025", "numero": "478", "tipo__sigla": "LC", "tipo__descricao": "Lei Complementar", "texto_integral": "http://sapl.sarandi.pr.leg.br/media/sapl/public/normajuridica/2025/6504/lei_complementar_478-2025_sapl.pdf", "ementa": "Altera a Lei Complementar n\u00ba 10, de27 de dezembro de 1992, e n\u00ba 397, de 12 de janeiro de 2022."}, {"id": "6562", "ano": "2025", "numero": "211", "tipo__sigla": "DE", "tipo__descricao": "Decreto Executivo", "texto_integral": "http://sapl.sarandi.pr.leg.br/media/sapl/public/normajuridica/2025/6562/decreto_executivo_no_211-2025.pdf", "ementa": "Abre Cr\u00e9dito Adicional Suplementar na forma que especifica."}, {"id": "6508", "ano": "2025", "numero": "60", "tipo__sigla": "POR", "tipo__descricao": "Portaria", "texto_integral": "http://sapl.sarandi.pr.leg.br/media/sapl/public/normajuridica/2025/6508/portaria_no_60-2025_-sapl.pdf", "ementa": "Concede progress\u00e3o funcional por titula\u00e7\u00e3o ao servidor Dalvecir Aparecido Bonora."}, {"id": "6507", "ano": "2025", "numero": "59", "tipo__sigla": "POR", "tipo__descricao": "Portaria", "texto_integral": "http://sapl.sarandi.pr.leg.br/media/sapl/public/normajuridica/2025/6507/portaria_no_59-2025_-sapl.pdf", "ementa": "Concede progress\u00e3o funcional por merecimento ao servidor Rovilson Jos\u00e9 Arantes."}, {"id": "6506", "ano": "2025", "numero": "58", "tipo__sigla": "POR", "tipo__descricao": "Portaria", "texto_integral": "http://sapl.sarandi.pr.leg.br/media/sapl/public/normajuridica/2025/6506/portaria_no_58-2025_-sapl.pdf", "ementa": "Concede progress\u00e3o funcional por merecimento ao servidor Vagner Rafael Vaz."}, {"id": "6563", "ano": "2025", "numero": "198", "tipo__sigla": "DE", "tipo__descricao": "Decreto Executivo", "texto_integral": "http://sapl.sarandi.pr.leg.br/media/", "ementa": "Abre Cr\u00e9dito Adicional Suplementar na forma que especifica."}, {"id": "6511", "ano": "2025", "numero": "194", "tipo__sigla": "DE", "tipo__descricao": "Decreto Executivo", "texto_integral": "http://sapl.sarandi.pr.leg.br/media/sapl/public/normajuridica/2025/6511/decreto_executivo_no_194-2025.pdf", "ementa": "Abre Cr\u00e9dito Adicional Suplementar na forma que especifica."}, {"id": "6564", "ano": "2025", "numero": "193", "tipo__sigla": "DE", "tipo__descricao": "Decreto Executivo", "texto_integral": "http://sapl.sarandi.pr.leg.br/media/sapl/public/normajuridica/2025/6564/decreto_executivo_no_193-2025.pdf", "ementa": "Abre Cr\u00e9dito Adicional Suplementar na forma que especifica."}, {"id": "6560", "ano": "2025", "numero": "190", "tipo__sigla": "DE", "tipo__descricao": "Decreto Executivo", "texto_integral": "http://sapl.sarandi.pr.leg.br/media/sapl/public/normajuridica/2025/6560/decreto_executivo_no_190-2025.pdf", "ementa": "Abre Cr\u00e9dito Adicional Suplementar na forma que especifica."}, {"id": "6501", "ano": "2025", "numero": "477", "tipo__sigla": "LC", "tipo__descricao": "Lei Complementar", "texto_integral": "http://sapl.sarandi.pr.leg.br/media/sapl/public/normajuridica/2025/6501/lei_complementar_477-2025_sapl.pdf", "ementa": "Altera a Lei Complementar n\u00ba 248, de 17 de dezembro de 2010 e d\u00e1 outras provid\u00eancias."}, {"id": "6500", "ano": "2025", "numero": "57", "tipo__sigla": "POR", "tipo__descricao": "Portaria", "texto_integral": "http://sapl.sarandi.pr.leg.br/media/sapl/public/normajuridica/2025/6500/portaria_no_57-2025_-sapl.pdf", "ementa": "Concede progress\u00e3o funcional por capacita\u00e7\u00e3o \u00e0 servidora Luzia Azevedo Dias."}, {"id": "6503", "ano": "2025", "numero": "163", "tipo__sigla": "DE", "tipo__descricao": "Decreto Executivo", "texto_integral": "http://sapl.sarandi.pr.leg.br/media/sapl/public/normajuridica/2025/6503/decreto_executivo_no_163-2025.pdf", "ementa": "Abre Cr\u00e9dito Adicional Suplementar na forma que especifica."}, {"id": "6559", "ano": "2025", "numero": "161", "tipo__sigla": "DE", "tipo__descricao": "Decreto Executivo", "texto_integral": "http://sapl.sarandi.pr.leg.br/media/sapl/public/normajuridica/2025/6559/decreto_executivo_no_161-2025.pdf", "ementa": "Abre Cr\u00e9dito Adicional Suplementar na forma que especifica."}, {"id": "6493", "ano": "2025", "numero": "56", "tipo__sigla": "POR", "tipo__descricao": "Portaria", "texto_integral": "http://sapl.sarandi.pr.leg.br/media/sapl/public/normajuridica/2025/6493/portaria_no_56-2025_-sapl.pdf", "ementa": "Concede progress\u00e3o funcional por capacita\u00e7\u00e3o ao servidor Dalvecir Aparecido Bonora."}, {"id": "6492", "ano": "2025", "numero": "55", "tipo__sigla": "POR", "tipo__descricao": "Portaria", "texto_integral": "http://sapl.sarandi.pr.leg.br/media/sapl/public/normajuridica/2025/6492/portaria_no_55-2025_-sapl.pdf", "ementa": "Concede progress\u00e3o funcional por titula\u00e7\u00e3o ao servidor Dhymison da Silva Ramos."}, {"id": "6558", "ano": "2025", "numero": "159", "tipo__sigla": "DE", "tipo__descricao": "Decreto Executivo", "texto_integral": "http://sapl.sarandi.pr.leg.br/media/sapl/public/normajuridica/2025/6558/decreto_executivo_no_159-2025.pdf", "ementa": "Abre Cr\u00e9dito Adicional Suplementar na forma que especifica."}, {"id": "6502", "ano": "2025", "numero": "149", "tipo__sigla": "DE", "tipo__descricao": "Decreto Executivo", "texto_integral": "http://sapl.sarandi.pr.leg.br/media/sapl/public/normajuridica/2025/6502/decreto_executivo_no_149-2025.pdf", "ementa": "Abre Cr\u00e9dito Adicional Suplementar na forma que especifica."}, {"id": "6553", "ano": "2025", "numero": "148", "tipo__sigla": "DE", "tipo__descricao": "Decreto Executivo", "texto_integral": "http://sapl.sarandi.pr.leg.br/media/sapl/public/normajuridica/2025/6553/decreto_executivo_no_148-2025.pdf", "ementa": "Abre Cr\u00e9dito Adicional Suplementar na forma que especifica."}, {"id": "6489", "ano": "2025", "numero": "476", "tipo__sigla": "LC", "tipo__descricao": "Lei Complementar", "texto_integral": "http://sapl.sarandi.pr.leg.br/media/sapl/public/normajuridica/2025/6489/lei_complementar_476-2025_sapl.pdf", "ementa": "Altera a Lei Complementar n\u00ba 115, de 27 de maio de 2005."}, {"id": "6487", "ano": "2025", "numero": "54", "tipo__sigla": "POR", "tipo__descricao": "Portaria", "texto_integral": "http://sapl.sarandi.pr.leg.br/media/sapl/public/normajuridica/2025/6487/portaria_no_54-2025_-sapl.pdf", "ementa": "Disp\u00f5e sobre o Calend\u00e1rio de Feriados e dias de pontos facultativos na C\u00e2mara Municipal de Sarandi no ano de 2025."}, {"id": "6483", "ano": "2025", "numero": "53", "tipo__sigla": "POR", "tipo__descricao": "Portaria", "texto_integral": "http://sapl.sarandi.pr.leg.br/media/sapl/public/normajuridica/2025/6483/portaria_no_53-2025_-sapl.pdf", "ementa": "Nomeia Nelson Augusto de Avelar para o cargo de Assessor Legislativo."}, {"id": "6551", "ano": "2025", "numero": "126", "tipo__sigla": "DE", "tipo__descricao": "Decreto Executivo", "texto_integral": "http://sapl.sarandi.pr.leg.br/media/sapl/public/normajuridica/2025/6551/decreto_executivo_no_126-2025.pdf", "ementa": "S\u00famula: Abre Cr\u00e9dito Adicional Suplementar na\r\nforma que especifica."}, {"id": "6482", "ano": "2025", "numero": "3056", "tipo__sigla": "LEI", "tipo__descricao": "Lei Ordin\u00e1ria", "texto_integral": "http://sapl.sarandi.pr.leg.br/media/sapl/public/normajuridica/2025/6482/lei_3056-2025_sapl.pdf", "ementa": "Concede reposi\u00e7\u00e3o salarial aos servidores pertencentes ao quadro de pessoal estatut\u00e1rio ativo, inativo e pensionista, e de provimento em comiss\u00e3o da C\u00e2mara Municipal de Sarandi."}, {"id": "6480", "ano": "2025", "numero": "3055", "tipo__sigla": "LEI", "tipo__descricao": "Lei Ordin\u00e1ria", "texto_integral": "http://sapl.sarandi.pr.leg.br/media/sapl/public/normajuridica/2025/6480/lei_3055-2025_sapl.pdf", "ementa": "Concede reajuste salarial aos Servidores P\u00fablicos Municipais Ativos, Inativos, Pensionistas e Cargos de provimento em Comiss\u00e3o do Munic\u00edpio de Sarandi."}, {"id": "6481", "ano": "2025", "numero": "475", "tipo__sigla": "LC", "tipo__descricao": "Lei Complementar", "texto_integral": "http://sapl.sarandi.pr.leg.br/media/sapl/public/normajuridica/2025/6481/lei_complementar_475-2025_sapl.pdf", "ementa": "Altera a Lei Complementar n\u00ba 419, de 29 de agosto de 2022."}, {"id": "6552", "ano": "2025", "numero": "122", "tipo__sigla": "DE", "tipo__descricao": "Decreto Executivo", "texto_integral": "http://sapl.sarandi.pr.leg.br/media/sapl/public/normajuridica/2025/6552/decreto_executivo_no_122-2025.pdf", "ementa": "Abre Cr\u00e9dito Adicional Suplementar na\r\nforma que especifica."}, {"id": "6486", "ano": "2025", "numero": "121", "tipo__sigla": "DE", "tipo__descricao": "Decreto Executivo", "texto_integral": "http://sapl.sarandi.pr.leg.br/media/", "ementa": "Abre Cr\u00e9dito Adicional Suplementar na forma que especifica."}, {"id": "6479", "ano": "2025", "numero": "52", "tipo__sigla": "POR", "tipo__descricao": "Portaria", "texto_integral": "http://sapl.sarandi.pr.leg.br/media/sapl/public/normajuridica/2025/6479/portaria_no_52-2025_-sapl.pdf", "ementa": "Designa Procuradora da Mulher e Procuradora Adjunta."}, {"id": "6478", "ano": "2025", "numero": "51", "tipo__sigla": "POR", "tipo__descricao": "Portaria", "texto_integral": "http://sapl.sarandi.pr.leg.br/media/sapl/public/normajuridica/2025/6478/portaria_no_51-2025_-sapl.pdf", "ementa": "Concede progress\u00e3o funcional por capacita\u00e7\u00e3o ao servidor Lucas Ataliba Rantin de Carvalho."}, {"id": "6477", "ano": "2025", "numero": "50", "tipo__sigla": "POR", "tipo__descricao": "Portaria", "texto_integral": "http://sapl.sarandi.pr.leg.br/media/sapl/public/normajuridica/2025/6477/portaria_no_50-2025_-sapl.pdf", "ementa": "Concede progress\u00e3o funcional por merecimento ao servidor Dalvecir Aparecido Bonora."}, {"id": "6476", "ano": "2025", "numero": "49", "tipo__sigla": "POR", "tipo__descricao": "Portaria", "texto_integral": "http://sapl.sarandi.pr.leg.br/media/sapl/public/normajuridica/2025/6476/portaria_no_49-2025_-sapl.pdf", "ementa": "Nomeia Daniel Jorge de Souza para o cargo de Assessor Legislativo."}, {"id": "6475", "ano": "2025", "numero": "48", "tipo__sigla": "POR", "tipo__descricao": "Portaria", "texto_integral": "http://sapl.sarandi.pr.leg.br/media/sapl/public/normajuridica/2025/6475/portaria_no_48-2025_-sapl.pdf", "ementa": "Concede teletrabalho \u00e0 servidora Camila de Souza Bueno dos Santos."}, {"id": "6474", "ano": "2025", "numero": "47", "tipo__sigla": "POR", "tipo__descricao": "Portaria", "texto_integral": "http://sapl.sarandi.pr.leg.br/media/sapl/public/normajuridica/2025/6474/portaria_no_47-2025_-sapl.pdf", "ementa": "Concede progress\u00e3o funcional por capacita\u00e7\u00e3o \u00e0 servidora Angela Alves de Almeida."}, {"id": "6472", "ano": "2025", "numero": "46", "tipo__sigla": "POR", "tipo__descricao": "Portaria", "texto_integral": "http://sapl.sarandi.pr.leg.br/media/sapl/public/normajuridica/2025/6472/portaria_no_46-2025_-sapl.pdf", "ementa": "Concede progress\u00e3o funcional por capacita\u00e7\u00e3o \u00e0 servidora Marcela Fritz de Lima Muratori."}, {"id": "6485", "ano": "2025", "numero": "71", "tipo__sigla": "DE", "tipo__descricao": "Decreto Executivo", "texto_integral": "http://sapl.sarandi.pr.leg.br/media/sapl/public/normajuridica/2025/6485/decreto_executivo_no_71-2025.pdf", "ementa": "Abre Cr\u00e9dito Adicional Suplementar na forma que especifica."}, {"id": "6471", "ano": "2025", "numero": "45", "tipo__sigla": "POR", "tipo__descricao": "Portaria", "texto_integral": "http://sapl.sarandi.pr.leg.br/media/sapl/public/normajuridica/2025/6471/portaria_no_45-2025_-sapl.pdf", "ementa": "Concede progress\u00e3o funcional por capacita\u00e7\u00e3o \u00e0 servidora D\u00e9bora Aparecida de Souza."}, {"id": "6470", "ano": "2025", "numero": "44", "tipo__sigla": "POR", "tipo__descricao": "Portaria", "texto_integral": "http://sapl.sarandi.pr.leg.br/media/sapl/public/normajuridica/2025/6470/portaria_no_44-2025_-sapl.pdf", "ementa": "Concede progress\u00e3o funcional por titula\u00e7\u00e3o \u00e0 servidora Luzia Azevedo Dias."}, {"id": "6469", "ano": "2025", "numero": "43", "tipo__sigla": "POR", "tipo__descricao": "Portaria", "texto_integral": "http://sapl.sarandi.pr.leg.br/media/sapl/public/normajuridica/2025/6469/portaria_no_43-2025_-sapl.pdf", "ementa": "Revoga a Portaria n\u00ba 15, de 3 de janeiro de 2025."}, {"id": "6468", "ano": "2025", "numero": "42", "tipo__sigla": "POR", "tipo__descricao": "Portaria", "texto_integral": "http://sapl.sarandi.pr.leg.br/media/sapl/public/normajuridica/2025/6468/portaria_no_42-2025_-sapl.pdf", "ementa": "Nomeia o servidor Dalvecir Aparecido Bonora para ocupar a Fun\u00e7\u00e3o Gratificada de Encarregado de Apoio aos Servi\u00e7os Gerais."}, {"id": "6466", "ano": "2025", "numero": "1", "tipo__sigla": "ATP", "tipo__descricao": "Ato da Presid\u00eancia", "texto_integral": "http://sapl.sarandi.pr.leg.br/media/sapl/public/normajuridica/2025/6466/ato_da_presidencia_no_1-2025_sapl.pdf", "ementa": "Disciplina os trabalhos legislativos de elabora\u00e7\u00e3o de requerimentos e indica\u00e7\u00f5es da C\u00e2mara Municipal de Sarandi."}, {"id": "6550", "ano": "2025", "numero": "21", "tipo__sigla": "DE", "tipo__descricao": "Decreto Executivo", "texto_integral": "http://sapl.sarandi.pr.leg.br/media/sapl/public/normajuridica/2025/6550/decreto_executivo_no_21-2025.pdf", "ementa": "Abre Cr\u00e9dito Adicional Suplementar na forma que especifica."}, {"id": "6462", "ano": "2025", "numero": "41", "tipo__sigla": "POR", "tipo__descricao": "Portaria", "texto_integral": "http://sapl.sarandi.pr.leg.br/media/sapl/public/normajuridica/2025/6462/portaria_no_41-2025_-sapl.pdf", "ementa": "Nomeia Izabel Simei Calmon Vieira para o cargo de Assessor Legislativo."}, {"id": "6461", "ano": "2025", "numero": "40", "tipo__sigla": "POR", "tipo__descricao": "Portaria", "texto_integral": "http://sapl.sarandi.pr.leg.br/media/sapl/public/normajuridica/2025/6461/portaria_no_40-2025_-sapl.pdf", "ementa": "Nomeia Haila Priscila Viana para o cargo de Assessor Legislativo."}, {"id": "6460", "ano": "2025", "numero": "39", "tipo__sigla": "POR", "tipo__descricao": "Portaria", "texto_integral": "http://sapl.sarandi.pr.leg.br/media/sapl/public/normajuridica/2025/6460/portaria_no_39-2025_-sapl.pdf", "ementa": "Nomeia Luciana da Silva Vidal Gomes para o  cargo de Assessor Legislativo."}, {"id": "6457", "ano": "2025", "numero": "38", "tipo__sigla": "POR", "tipo__descricao": "Portaria", "texto_integral": "http://sapl.sarandi.pr.leg.br/media/sapl/public/normajuridica/2025/6457/portaria_no_38-2025_-sapl.pdf", "ementa": "Nomeia Paula Caroline Silva para o cargo de Assessor Legislativo."}, {"id": "6456", "ano": "2025", "numero": "37", "tipo__sigla": "POR", "tipo__descricao": "Portaria", "texto_integral": "http://sapl.sarandi.pr.leg.br/media/sapl/public/normajuridica/2025/6456/portaria_no_37-2025_-sapl.pdf", "ementa": "Nomeia Felipe Soares Santiago de Oliveira para o cargo de Assessor Legislativo."}, {"id": "6454", "ano": "2025", "numero": "36", "tipo__sigla": "POR", "tipo__descricao": "Portaria", "texto_integral": "http://sapl.sarandi.pr.leg.br/media/sapl/public/normajuridica/2025/6454/portaria_no_36-2025_-sapl.pdf", "ementa": "Nomeia o servidor Marlon Bif para ocupar a Fun\u00e7\u00e3o Gratificada de Gestor de Pessoas e Recursos Humanos."}, {"id": "6453", "ano": "2025", "numero": "35", "tipo__sigla": "POR", "tipo__descricao": "Portaria", "texto_integral": "http://sapl.sarandi.pr.leg.br/media/sapl/public/normajuridica/2025/6453/portaria_no_35-2025_-sapl.pdf", "ementa": "Nomeia Orwille Robertson da Silva Moribe para o cargo de Procurador Jur\u00eddico."}, {"id": "6452", "ano": "2025", "numero": "34", "tipo__sigla": "POR", "tipo__descricao": "Portaria", "texto_integral": "http://sapl.sarandi.pr.leg.br/media/sapl/public/normajuridica/2025/6452/portaria_no_34-2025_-sapl.pdf", "ementa": "Nomeia a servidora Marcela Fritz de Lima Muratori para ocupar Fun\u00e7\u00e3o Gratificada de Encarregado de Reda\u00e7\u00e3o Oficial."}, {"id": "6451", "ano": "2025", "numero": "33", "tipo__sigla": "POR", "tipo__descricao": "Portaria", "texto_integral": "http://sapl.sarandi.pr.leg.br/media/sapl/public/normajuridica/2025/6451/portaria_no_33-2025_-sapl.pdf", "ementa": "Nomeia o servidor Dhymison da Silva Ramos para ocupar Fun\u00e7\u00e3o Gratificada de Encarregado de Plen\u00e1rio."}, {"id": "6450", "ano": "2025", "numero": "32", "tipo__sigla": "POR", "tipo__descricao": "Portaria", "texto_integral": "http://sapl.sarandi.pr.leg.br/media/sapl/public/normajuridica/2025/6450/portaria_no_32-2025_-sapl.pdf", "ementa": "Nomeia o servidor Rovilson Jos\u00e9 Arantes para  ocupar a Fun\u00e7\u00e3o de Confian\u00e7a de Diretor Financeiro."}, {"id": "6449", "ano": "2025", "numero": "31", "tipo__sigla": "POR", "tipo__descricao": "Portaria", "texto_integral": "http://sapl.sarandi.pr.leg.br/media/sapl/public/normajuridica/2025/6449/portaria_no_31-2025_-sapl.pdf", "ementa": "Nomeia o servidor Vagner Rafael Vaz para ocupar a Fun\u00e7\u00e3o de Confian\u00e7a de Diretor Legislativo."}, {"id": "6448", "ano": "2025", "numero": "30", "tipo__sigla": "POR", "tipo__descricao": "Portaria", "texto_integral": "http://sapl.sarandi.pr.leg.br/media/sapl/public/normajuridica/2025/6448/portaria_no_30-2025_-sapl.pdf", "ementa": "Nomeia o servidor Joao Roberto dos Santos Lopes para ocupar a Fun\u00e7\u00e3o de Confian\u00e7a de Diretor Administrativo"}, {"id": "6447", "ano": "2025", "numero": "29", "tipo__sigla": "POR", "tipo__descricao": "Portaria", "texto_integral": "http://sapl.sarandi.pr.leg.br/media/sapl/public/normajuridica/2025/6447/portaria_no_29-2025_-sapl.pdf", "ementa": "Nomeia a Comiss\u00e3o Permanente de Avalia\u00e7\u00e3o de Desempenho e d\u00e1 outras provid\u00eancias."}, {"id": "6446", "ano": "2025", "numero": "28", "tipo__sigla": "POR", "tipo__descricao": "Portaria", "texto_integral": "http://sapl.sarandi.pr.leg.br/media/sapl/public/normajuridica/2025/6446/portaria_no_28-2025_-sapl.pdf", "ementa": "Nomeia o servidor Jo\u00e3o Lucas Figueiredo de Lima para ocupar a Fun\u00e7\u00e3o Gratificada de Ouvidor."}, {"id": "6445", "ano": "2025", "numero": "27", "tipo__sigla": "POR", "tipo__descricao": "Portaria", "texto_integral": "http://sapl.sarandi.pr.leg.br/media/sapl/public/normajuridica/2025/6445/portaria_no_27-2025_-sapl.pdf", "ementa": "Nomeia a servidora Angela Alves de Almeida para ocupar a Fun\u00e7\u00e3o Gratificada de Encarregado do Arquivo Geral."}, {"id": "6444", "ano": "2025", "numero": "26", "tipo__sigla": "POR", "tipo__descricao": "Portaria", "texto_integral": "http://sapl.sarandi.pr.leg.br/media/sapl/public/normajuridica/2025/6444/portaria_no_26-2025_-sapl.pdf", "ementa": "Nomeia a servidora Camila de Souza Bueno dos Santos para ocupar a Fun\u00e7\u00e3o Gratificada de Encarregado do Protocolo."}, {"id": "6443", "ano": "2025", "numero": "25", "tipo__sigla": "POR", "tipo__descricao": "Portaria", "texto_integral": "http://sapl.sarandi.pr.leg.br/media/sapl/public/normajuridica/2025/6443/portaria_no_25-2025_-sapl.pdf", "ementa": "Nomeia a servidora Thais Sabino Janunzzi para ocupar a Fun\u00e7\u00e3o Gratificada de Coordenador de Assist\u00eancia Legislativa e d\u00e1 outras provid\u00eancias."}, {"id": "6442", "ano": "2025", "numero": "24", "tipo__sigla": "POR", "tipo__descricao": "Portaria", "texto_integral": "http://sapl.sarandi.pr.leg.br/media/sapl/public/normajuridica/2025/6442/portaria_no_24-2025_-sapl.pdf", "ementa": "Nomeia o servidor Renan Augusto dos Santos Volpatto para ocupar a Fun\u00e7\u00e3o Gratificada de Coordenador de Tecnologia da Informa\u00e7\u00e3o."}, {"id": "6441", "ano": "2025", "numero": "23", "tipo__sigla": "POR", "tipo__descricao": "Portaria", "texto_integral": "http://sapl.sarandi.pr.leg.br/media/sapl/public/normajuridica/2025/6441/portaria_no_23-2025_-sapl.pdf", "ementa": "Nomeia o servidor Lucas Ataliba Rantin de Carvalho para ocupar Fun\u00e7\u00e3o Gratificada de Coordenador de Administra\u00e7\u00e3o e Patrim\u00f3nio."}, {"id": "6440", "ano": "2025", "numero": "22", "tipo__sigla": "POR", "tipo__descricao": "Portaria", "texto_integral": "http://sapl.sarandi.pr.leg.br/media/sapl/public/normajuridica/2025/6440/portaria_no_22-2025_-sapl.pdf", "ementa": "Nomeia a servidora Kauana Pereira de Souza para ocupar a Fun\u00e7\u00e3o Gratificada de Coordenador de Acompanhamento e Execu\u00e7\u00e3o de Leis, Projetos \r\nEspeciais e Escola Legislativa."}, {"id": "6439", "ano": "2025", "numero": "21", "tipo__sigla": "POR", "tipo__descricao": "Portaria", "texto_integral": "http://sapl.sarandi.pr.leg.br/media/sapl/public/normajuridica/2025/6439/portaria_no_21-2025_-sapl.pdf", "ementa": "Nomeia a servidora Suzane Ribeiro Azevedo para ocupar a Fun\u00e7\u00e3o Gratificada de Gestor de Contratos."}, {"id": "6438", "ano": "2025", "numero": "20", "tipo__sigla": "POR", "tipo__descricao": "Portaria", "texto_integral": "http://sapl.sarandi.pr.leg.br/media/sapl/public/normajuridica/2025/6438/portaria_no_20-2025_-sapl.pdf", "ementa": "Nomeia Wesley Henrique Sanguino para ocupar a Fun\u00e7\u00e3o Gratificada de Agente de Contrata\u00e7\u00e3o."}, {"id": "6437", "ano": "2025", "numero": "19", "tipo__sigla": "POR", "tipo__descricao": "Portaria", "texto_integral": "http://sapl.sarandi.pr.leg.br/media/sapl/public/normajuridica/2025/6437/portaria_no_19-2025_-sapl.pdf", "ementa": "Nomeia Alex Francisco de Souza para ocupar a Fun\u00e7\u00e3o Gratificada de Agente de Contrata\u00e7\u00e3o."}, {"id": "6436", "ano": "2025", "numero": "18", "tipo__sigla": "POR", "tipo__descricao": "Portaria", "texto_integral": "http://sapl.sarandi.pr.leg.br/media/sapl/public/normajuridica/2025/6436/portaria_no_18-2025_-sapl.pdf", "ementa": "Nomeia Regiane Zaparolli Figueiredo para ocupar a Fun\u00e7\u00e3o Gratificada de Tesoureiro."}, {"id": "6427", "ano": "2025", "numero": "17", "tipo__sigla": "POR", "tipo__descricao": "Portaria", "texto_integral": "http://sapl.sarandi.pr.leg.br/media/sapl/public/normajuridica/2025/6427/portaria_no_17-2025_-sapl.pdf", "ementa": "Convoca os parlamentares e assessores legislativos para participarem de capacita\u00e7\u00e3o interna disponibilizada pelo Poder Legislativo."}, {"id": "6426", "ano": "2025", "numero": "16", "tipo__sigla": "POR", "tipo__descricao": "Portaria", "texto_integral": "http://sapl.sarandi.pr.leg.br/media/sapl/public/normajuridica/2025/6426/portaria_no_16-2025_-sapl.pdf", "ementa": "Homologa o resultado das elei\u00e7\u00f5es das Comiss\u00f5es Permanentes."}, {"id": "6425", "ano": "2025", "numero": "15", "tipo__sigla": "POR", "tipo__descricao": "Portaria", "texto_integral": "http://sapl.sarandi.pr.leg.br/media/sapl/public/normajuridica/2025/6425/portaria_no_15-2025_-sapl.pdf", "ementa": "Nomeia Daniel Jorge de Souza para o cargo de Assessor Legislativo."}, {"id": "6424", "ano": "2025", "numero": "14", "tipo__sigla": "POR", "tipo__descricao": "Portaria", "texto_integral": "http://sapl.sarandi.pr.leg.br/media/sapl/public/normajuridica/2025/6424/portaria_no_14-2025_-sapl.pdf", "ementa": "Nomeia Matilde Fusco do Egipto Duarte para o cargo de Assessor de Rela\u00e7\u00f5es Institucionais."}, {"id": "6423", "ano": "2025", "numero": "13", "tipo__sigla": "POR", "tipo__descricao": "Portaria", "texto_integral": "http://sapl.sarandi.pr.leg.br/media/sapl/public/normajuridica/2025/6423/portaria_no_13-2025_-sapl.pdf", "ementa": "Jo\u00e3o Aparecido Vera Cruz para o cargo de Assessor Legislativo."}, {"id": "6422", "ano": "2025", "numero": "12", "tipo__sigla": "POR", "tipo__descricao": "Portaria", "texto_integral": "http://sapl.sarandi.pr.leg.br/media/sapl/public/normajuridica/2025/6422/portaria_no_12-2025_-sapl.pdf", "ementa": "Nomeia Eliane da Silva dos Santos para o cargo de Assessor Legislativo."}, {"id": "6421", "ano": "2025", "numero": "11", "tipo__sigla": "POR", "tipo__descricao": "Portaria", "texto_integral": "http://sapl.sarandi.pr.leg.br/media/sapl/public/normajuridica/2025/6421/portaria_no_11-2025_-sapl.pdf", "ementa": "Nomeia Antonio Benvenuto Ferreira para o cargo de Assessor Legislativo."}, {"id": "6420", "ano": "2025", "numero": "10", "tipo__sigla": "POR", "tipo__descricao": "Portaria", "texto_integral": "http://sapl.sarandi.pr.leg.br/media/sapl/public/normajuridica/2025/6420/portaria_no_10-2025_-sapl.pdf", "ementa": "Nomeia Eduardo Gralik Conte para o cargo de Assessor Legislativo."}, {"id": "6419", "ano": "2025", "numero": "9", "tipo__sigla": "POR", "tipo__descricao": "Portaria", "texto_integral": "http://sapl.sarandi.pr.leg.br/media/sapl/public/normajuridica/2025/6419/portaria_no_9-2025_-sapl.pdf", "ementa": "Nomeia Rodrigo Henrique Ribeiro para o cargo de Assessor Legislativo."}, {"id": "6418", "ano": "2025", "numero": "8", "tipo__sigla": "POR", "tipo__descricao": "Portaria", "texto_integral": "http://sapl.sarandi.pr.leg.br/media/sapl/public/normajuridica/2025/6418/portaria_no_8-2025_-sapl.pdf", "ementa": "Nomeia Edmilson Rodrigues dos Santos para o cargo de Assessor Legislativo."}, {"id": "6417", "ano": "2025", "numero": "7", "tipo__sigla": "POR", "tipo__descricao": "Portaria", "texto_integral": "http://sapl.sarandi.pr.leg.br/media/sapl/public/normajuridica/2025/6417/portaria_no_7-2025_-sapl.pdf", "ementa": "Nomeia Alessandro Aparecido Cobinato para o cargo de Chefe de Gabinete."}, {"id": "6416", "ano": "2025", "numero": "6", "tipo__sigla": "POR", "tipo__descricao": "Portaria", "texto_integral": "http://sapl.sarandi.pr.leg.br/media/sapl/public/normajuridica/2025/6416/portaria_no_6-2025_-sapl.pdf", "ementa": "Nomeia Ana Lucia Rodrigues Gon\u00e7alves para o cargo de Assessor Legislativo."}, {"id": "6415", "ano": "2025", "numero": "5", "tipo__sigla": "POR", "tipo__descricao": "Portaria", "texto_integral": "http://sapl.sarandi.pr.leg.br/media/sapl/public/normajuridica/2025/6415/portaria_no_5-2025_-sapl.pdf", "ementa": "Nomeia Antonio Rog\u00e9rio Ramos Santana para o cargo de Assessor Legislativo."}, {"id": "6414", "ano": "2025", "numero": "4", "tipo__sigla": "POR", "tipo__descricao": "Portaria", "texto_integral": "http://sapl.sarandi.pr.leg.br/media/sapl/public/normajuridica/2025/6414/portaria_no_4-2025_-sapl.pdf", "ementa": "Nomeia Amanda Cristine Zoboli Moreira para o cargo de Assessor Legislativo."}, {"id": "6413", "ano": "2025", "numero": "3", "tipo__sigla": "POR", "tipo__descricao": "Portaria", "texto_integral": "http://sapl.sarandi.pr.leg.br/media/sapl/public/normajuridica/2025/6413/portaria_no_3-2025_-sapl.pdf", "ementa": "Nomeia Celio do Nascimento Cezario para o cargo de Assessor Legislativo."}, {"id": "6412", "ano": "2025", "numero": "2", "tipo__sigla": "POR", "tipo__descricao": "Portaria", "texto_integral": "http://sapl.sarandi.pr.leg.br/media/sapl/public/normajuridica/2025/6412/portaria_no_2-2025_-sapl.pdf", "ementa": "Nomeia Bruna Cavalaro da Silva para o cargo de Assessor Legislativo."}, {"id": "6411", "ano": "2025", "numero": "1", "tipo__sigla": "POR", "tipo__descricao": "Portaria", "texto_integral": "http://sapl.sarandi.pr.leg.br/media/sapl/public/normajuridica/2025/6411/portaria_no_1-2025_-sapl.pdf", "ementa": "Nomeia Guilherme Osvaldo da Silva para o cargo de Assessor Legislativo."}, {"id": "6385", "ano": "2024", "numero": "2502", "tipo__sigla": "DE", "tipo__descricao": "Decreto Executivo", "texto_integral": "http://sapl.sarandi.pr.leg.br/media/sapl/public/normajuridica/2024/6385/decreto_executivo_no_2502-2024.pdf", "ementa": "Abre Cr\u00e9dito Adicional Suplementar na forma que especifica."}, {"id": "6384", "ano": "2024", "numero": "2466", "tipo__sigla": "DE", "tipo__descricao": "Decreto Executivo", "texto_integral": "http://sapl.sarandi.pr.leg.br/media/sapl/public/normajuridica/2024/6384/decreto_executivo_no_2466-2024.pdf", "ementa": "Abre Cr\u00e9dito Adicional Suplementar na forma que especifica."}, {"id": "6435", "ano": "2024", "numero": "3054", "tipo__sigla": "LEI", "tipo__descricao": "Lei Ordin\u00e1ria", "texto_integral": "http://sapl.sarandi.pr.leg.br/media/sapl/public/normajuridica/2024/6435/lei_no_3054-2024_sapl.pdf", "ementa": "Estima a Receita e fixa a Despesa do Munic\u00edpio de Sarandi para o exerc\u00edcio de 2025, na forma que especifica."}, {"id": "6434", "ano": "2024", "numero": "3053", "tipo__sigla": "LEI", "tipo__descricao": "Lei Ordin\u00e1ria", "texto_integral": "http://sapl.sarandi.pr.leg.br/media/sapl/public/normajuridica/2024/6434/lei_no_3053-2024_sapl.pdf", "ementa": "Disp\u00f5e sobre a altera\u00e7\u00e3o do anexo de metas e prioridades e anexos de metas fiscais da Lei de Diretrizes Or\u00e7ament\u00e1rias - LDO, do exerc\u00edcio de 2025, na forma que especifica."}, {"id": "6433", "ano": "2024", "numero": "3052", "tipo__sigla": "LEI", "tipo__descricao": "Lei Ordin\u00e1ria", "texto_integral": "http://sapl.sarandi.pr.leg.br/media/sapl/public/normajuridica/2024/6433/lei_no_3052-2024_sapl.pdf", "ementa": "Disp\u00f5e sobre a altera\u00e7\u00e3o dos anexos do PPA - Plano Plurianual do Munic\u00edpio de Sarandi do quadri\u00eanio 2022 a 2025, na forma que especifica."}, {"id": "6432", "ano": "2024", "numero": "3051", "tipo__sigla": "LEI", "tipo__descricao": "Lei Ordin\u00e1ria", "texto_integral": "http://sapl.sarandi.pr.leg.br/media/sapl/public/normajuridica/2024/6432/lei_no_3051-2024_sapl.pdf", "ementa": "Institui o Sistema Municipal de Cultura do Munic\u00edpio de Sarandi \u2013 SIMCULT, e d\u00e1 outras provid\u00eancias."}, {"id": "6430", "ano": "2024", "numero": "3049", "tipo__sigla": "LEI", "tipo__descricao": "Lei Ordin\u00e1ria", "texto_integral": "http://sapl.sarandi.pr.leg.br/media/sapl/public/normajuridica/2024/6430/lei_no_3049-2024_sapl.pdf", "ementa": "Disp\u00f5e sobre o C\u00f3digo de Arboriza\u00e7\u00e3o do Munic\u00edpio de Sarandi e d\u00e1 outras provid\u00eancias."}, {"id": "6429", "ano": "2024", "numero": "474", "tipo__sigla": "LC", "tipo__descricao": "Lei Complementar", "texto_integral": "http://sapl.sarandi.pr.leg.br/media/sapl/public/normajuridica/2024/6429/lei_complementar_no_474-2024_sapl.pdf", "ementa": "Altera a Lei Complementar n\u00ba 70, de 26 de dezembro de 2001, que disp\u00f5e sobre o Sistema Tribut\u00e1rio do Munic\u00edpio de Sarandi (C\u00f3digo Tribut\u00e1rio)."}, {"id": "6428", "ano": "2024", "numero": "473", "tipo__sigla": "LC", "tipo__descricao": "Lei Complementar", "texto_integral": "http://sapl.sarandi.pr.leg.br/media/sapl/public/normajuridica/2024/6428/lei_complementar_no_473-2024_sapl.pdf", "ementa": "Altera dispositivos da Lei Complementar n\u00ba 070, de 26 de dezembro de 2001, que disp\u00f5e sobre o Sistema Tribut\u00e1rio do Munic\u00edpio de Sarandi \u201cC\u00f3digo Tribut\u00e1rio\u201d, e d\u00e1 outras provid\u00eancias."}, {"id": "6410", "ano": "2024", "numero": "472", "tipo__sigla": "LC", "tipo__descricao": "Lei Complementar", "texto_integral": "http://sapl.sarandi.pr.leg.br/media/sapl/public/normajuridica/2024/6410/lei_complementar_no_472-2024_sapl.pdf", "ementa": "Institui o Programa de Regulariza\u00e7\u00e3o de Edifica\u00e7\u00f5es Urbanas do Munic\u00edpio de Sarandi."}, {"id": "6409", "ano": "2024", "numero": "471", "tipo__sigla": "LC", "tipo__descricao": "Lei Complementar", "texto_integral": "http://sapl.sarandi.pr.leg.br/media/sapl/public/normajuridica/2024/6409/lei_complementar_no_471-2024_sapl.pdf", "ementa": "Disp\u00f5e sobre o Plano de Mobilidade do Munic\u00edpio de Sarandi."}, {"id": "6455", "ano": "2024", "numero": "140", "tipo__sigla": "POR", "tipo__descricao": "Portaria", "texto_integral": "http://sapl.sarandi.pr.leg.br/media/sapl/public/normajuridica/2024/6455/portaria_no_140-2024_sapl.pdf", "ementa": "Revogar atos que tratam de hor\u00e1rios especiais dos servidores da C\u00e2mara Municipal de Sarandi."}, {"id": "6403", "ano": "2024", "numero": "141", "tipo__sigla": "POR", "tipo__descricao": "Portaria", "texto_integral": "http://sapl.sarandi.pr.leg.br/media/sapl/public/normajuridica/2024/6403/portaria_no_141-2024_sapl.pdf", "ementa": "Define prazo para inscri\u00e7\u00e3o dos candidatos aos cargos da Mesa Diretora do Poder Legislativo."}, {"id": "6431", "ano": "2024", "numero": "3050", "tipo__sigla": "LEI", "tipo__descricao": "Lei Ordin\u00e1ria", "texto_integral": "http://sapl.sarandi.pr.leg.br/media/sapl/public/normajuridica/2024/6431/lei_no_3050-2024_sapl.pdf", "ementa": "D\u00e1 denomina\u00e7\u00e3o \u00e0 Base Aerom\u00e9dica do Samu de Sarandi, anexo ao Centro de Especialidades, Jardim Social, na forma que especifica."}, {"id": "6397", "ano": "2024", "numero": "139", "tipo__sigla": "POR", "tipo__descricao": "Portaria", "texto_integral": "http://sapl.sarandi.pr.leg.br/media/sapl/public/normajuridica/2024/6397/portaria_no139-2024_sapl.pdf", "ementa": "Concede progress\u00e3o funcional por titula\u00e7\u00e3o ao servidor Dhymison da Silva Ramos."}, {"id": "6395", "ano": "2024", "numero": "7", "tipo__sigla": "RES", "tipo__descricao": "Resolu\u00e7\u00e3o", "texto_integral": "http://sapl.sarandi.pr.leg.br/media/sapl/public/normajuridica/2024/6395/resolucao_no_007-2024_sapl.pdf", "ementa": "Institui a solenidade oficial da C\u00e2mara Municipal de Sarandi em comemora\u00e7\u00e3o ao Dia Internacional da Mulher."}, {"id": "6394", "ano": "2024", "numero": "6", "tipo__sigla": "RES", "tipo__descricao": "Resolu\u00e7\u00e3o", "texto_integral": "http://sapl.sarandi.pr.leg.br/media/sapl/public/normajuridica/2024/6394/resolucao_no_006-2024_sapl.pdf", "ementa": "Disp\u00f5e sobre a premia\u00e7\u00e3o Professor Nota Dez aos professores da rede municipal de ensino de Sarandi"}, {"id": "6393", "ano": "2024", "numero": "5", "tipo__sigla": "RES", "tipo__descricao": "Resolu\u00e7\u00e3o", "texto_integral": "http://sapl.sarandi.pr.leg.br/media/sapl/public/normajuridica/2024/6393/resolucao_no_005-2024_sapl.pdf", "ementa": "Cria o diploma Aluno Nota Dez para estudantes da rede municipal de ensino de Sarandi."}, {"id": "6391", "ano": "2024", "numero": "138", "tipo__sigla": "POR", "tipo__descricao": "Portaria", "texto_integral": "http://sapl.sarandi.pr.leg.br/media/sapl/public/normajuridica/2024/6391/portaria_no_138-2024_sapl.pdf", "ementa": "Concede progress\u00e3o funcional por capacita\u00e7\u00e3o \u00e0 servidora Marcela Fritz de Lima Muratori."}, {"id": "6390", "ano": "2024", "numero": "137", "tipo__sigla": "POR", "tipo__descricao": "Portaria", "texto_integral": "http://sapl.sarandi.pr.leg.br/media/sapl/public/normajuridica/2024/6390/portaria_no_137-2024_sapl.pdf", "ementa": "Concede progress\u00e3o funcional por merecimento ao servidor Renan Augusto dos Santos Volpatto."}, {"id": "6389", "ano": "2024", "numero": "136", "tipo__sigla": "POR", "tipo__descricao": "Portaria", "texto_integral": "http://sapl.sarandi.pr.leg.br/media/", "ementa": "Concede progress\u00e3o funcional por merecimento ao servidor Jo\u00e3o Roberto dos Santos Lopes."}, {"id": "6388", "ano": "2024", "numero": "135", "tipo__sigla": "POR", "tipo__descricao": "Portaria", "texto_integral": "http://sapl.sarandi.pr.leg.br/media/sapl/public/normajuridica/2024/6388/portaria_no_135-2024_sapl.pdf", "ementa": "Concede progress\u00e3o funcional por merecimento ao servidor Dhymison da Silva Ramos."}, {"id": "6387", "ano": "2024", "numero": "134", "tipo__sigla": "POR", "tipo__descricao": "Portaria", "texto_integral": "http://sapl.sarandi.pr.leg.br/media/sapl/public/normajuridica/2024/6387/portaria_no_134-2024_sapl.pdf", "ementa": "Concede progress\u00e3o funcional por merecimento \u00e0 servidora D\u00e9bora Aparecida de Souza"}, {"id": "6386", "ano": "2024", "numero": "133", "tipo__sigla": "POR", "tipo__descricao": "Portaria", "texto_integral": "http://sapl.sarandi.pr.leg.br/media/sapl/public/normajuridica/2024/6386/portaria_no_133-2024_sapl.pdf", "ementa": "Concede progress\u00e3o funcional por merecimento \u00e0 servidora Luzia Azevedo Dias."}, {"id": "6383", "ano": "2024", "numero": "4353", "tipo__sigla": "PTE", "tipo__descricao": "Portaria do Poder Executivo", "texto_integral": "http://sapl.sarandi.pr.leg.br/media/sapl/public/normajuridica/2024/6383/portaria_no_4353-2024_sapl.pdf", "ementa": "A:Nomeia membros e respectivos suplentes dos \u00d3rg\u00e3os Governamentais e N\u00e3o Governamentais, para comporem o Conselho Municipal de Habita\u00e7\u00e3o."}, {"id": "6392", "ano": "2024", "numero": "3048", "tipo__sigla": "LEI", "tipo__descricao": "Lei Ordin\u00e1ria", "texto_integral": "http://sapl.sarandi.pr.leg.br/media/sapl/public/normajuridica/2024/6392/lei_no_3048-2024_sapl.pdf", "ementa": "Altera a lei n\u00ba 2.860, de 13 de setembro de 2022, na forma que especifica."}, {"id": "6382", "ano": "2024", "numero": "3047", "tipo__sigla": "LEI", "tipo__descricao": "Lei Ordin\u00e1ria", "texto_integral": "http://sapl.sarandi.pr.leg.br/media/sapl/public/normajuridica/2024/6382/lei_no_3047-2024_sapl.pdf", "ementa": "Altera a Lei n\u00ba 2859, de 13 de setembro de 2022, na forma que especifica."}, {"id": "6381", "ano": "2024", "numero": "2509", "tipo__sigla": "DE", "tipo__descricao": "Decreto Executivo", "texto_integral": "http://sapl.sarandi.pr.leg.br/media/sapl/public/normajuridica/2024/6381/decreto_executivo_no_2509-2024.pdf", "ementa": "Abre Cr\u00e9dito Adicional Suplementar na forma que especifica"}, {"id": "6379", "ano": "2024", "numero": "470", "tipo__sigla": "LC", "tipo__descricao": "Lei Complementar", "texto_integral": "http://sapl.sarandi.pr.leg.br/media/sapl/public/normajuridica/2024/6379/lei_complementar_no_470-2024sapl.pdf", "ementa": "Altera a Lei Complementar n\u00ba 421, de 29 de setembro de 2022, que \u201c Disp\u00f5e sobre a PVG- Planta de Valores Gen\u00e9ricos, na forma que especifica."}, {"id": "6396", "ano": "2024", "numero": "132", "tipo__sigla": "POR", "tipo__descricao": "Portaria", "texto_integral": "http://sapl.sarandi.pr.leg.br/media/sapl/public/normajuridica/2024/6396/portaria_no_132-2024_sapl.pdf", "ementa": "Designar servidores para trabalharem na solenidade de posse dos eleitos 2025 - 2028."}, {"id": "6406", "ano": "2024", "numero": "131", "tipo__sigla": "POR", "tipo__descricao": "Portaria", "texto_integral": "http://sapl.sarandi.pr.leg.br/media/sapl/public/normajuridica/2024/6406/portaria_no_131-2024_sapl.pdf", "ementa": "Revogar portarias de comiss\u00f5es, diretorias, chefias e atribui\u00e7\u00f5es de fun\u00e7\u00f5es gratificadas e da outras provid\u00eancias."}, {"id": "6405", "ano": "2024", "numero": "130", "tipo__sigla": "POR", "tipo__descricao": "Portaria", "texto_integral": "http://sapl.sarandi.pr.leg.br/media/sapl/public/normajuridica/2024/6405/portaria_no_130-2024_sapl.pdf", "ementa": "Exonera servidores comissionados e da outras provid\u00eancias"}, {"id": "6378", "ano": "2024", "numero": "3046", "tipo__sigla": "LEI", "tipo__descricao": "Lei Ordin\u00e1ria", "texto_integral": "http://sapl.sarandi.pr.leg.br/media/sapl/public/normajuridica/2024/6378/lei_no_3046-2024_sapl.pdf", "ementa": "Institui o Plano Municipal de Cultura ( Plamcult) no Munic\u00edpio de Sarandi."}, {"id": "6380", "ano": "2024", "numero": "469", "tipo__sigla": "LC", "tipo__descricao": "Lei Complementar", "texto_integral": "http://sapl.sarandi.pr.leg.br/media/sapl/public/normajuridica/2024/6380/lei_complementar_no_469-2007_sapl.pdf", "ementa": "Altera a Lei Complementar n\u00ba 159, de 24 de novembro de 2007, na forma que especifica."}, {"id": "6375", "ano": "2024", "numero": "129", "tipo__sigla": "POR", "tipo__descricao": "Portaria", "texto_integral": "http://sapl.sarandi.pr.leg.br/media/sapl/public/normajuridica/2024/6375/portaria_no_129-2024_sapl.pdf", "ementa": "Designa o servidor Renan Augusto dos Santos Volpato, para fiscaliza\u00e7\u00e3o de contrato."}, {"id": "6373", "ano": "2024", "numero": "3045", "tipo__sigla": "LEI", "tipo__descricao": "Lei Ordin\u00e1ria", "texto_integral": "http://sapl.sarandi.pr.leg.br/media/sapl/public/normajuridica/2024/6373/lei_no_3045-2024_sapl.pdf", "ementa": "Autoriza a doa\u00e7\u00e3o de im\u00f3vel urbano ao Estado do Paran\u00e1 e d\u00e1 outras provid\u00eancias."}, {"id": "6374", "ano": "2024", "numero": "128", "tipo__sigla": "POR", "tipo__descricao": "Portaria", "texto_integral": "http://sapl.sarandi.pr.leg.br/media/sapl/public/normajuridica/2024/6374/portaria_no_128-2024_sapl.pdf", "ementa": "Designa a servidora Luzia Azevedo Dias, para fiscaliza\u00e7\u00e3o de contrato."}, {"id": "6377", "ano": "2024", "numero": "2412", "tipo__sigla": "DE", "tipo__descricao": "Decreto Executivo", "texto_integral": "http://sapl.sarandi.pr.leg.br/media/sapl/public/normajuridica/2024/6377/decreto_executivo_no_2412-2024.pdf", "ementa": "Abre Cr\u00e9dito Adicional Suplementar na forma que especifica."}, {"id": "6376", "ano": "2024", "numero": "2336", "tipo__sigla": "DE", "tipo__descricao": "Decreto Executivo", "texto_integral": "http://sapl.sarandi.pr.leg.br/media/sapl/public/normajuridica/2024/6376/decreto_executivo_no_2329-2024.pdf", "ementa": "Abre Cr\u00e9dito Adicional Suplementar na forma que especifica."}, {"id": "6367", "ano": "2024", "numero": "2335", "tipo__sigla": "DE", "tipo__descricao": "Decreto Executivo", "texto_integral": "http://sapl.sarandi.pr.leg.br/media/sapl/public/normajuridica/2024/6367/decreto_executivo_no_2335-2024.pdf", "ementa": "Abre Cr\u00e9dito Adicional Suplementar na forma que especifica."}, {"id": "6371", "ano": "2024", "numero": "2328", "tipo__sigla": "DE", "tipo__descricao": "Decreto Executivo", "texto_integral": "http://sapl.sarandi.pr.leg.br/media/sapl/public/normajuridica/2024/6371/decreto_executivo_no_2328-2024.pdf", "ementa": "Abre Cr\u00e9dito Adicional Suplementar na forma que especifica."}, {"id": "6368", "ano": "2024", "numero": "2326", "tipo__sigla": "DE", "tipo__descricao": "Decreto Executivo", "texto_integral": "http://sapl.sarandi.pr.leg.br/media/sapl/public/normajuridica/2024/6368/decreto_executivo_no_2326-2024.pdf", "ementa": "Abre Cr\u00e9dito Adicional Suplementar na forma que especifica."}, {"id": "6372", "ano": "2024", "numero": "2325", "tipo__sigla": "DE", "tipo__descricao": "Decreto Executivo", "texto_integral": "http://sapl.sarandi.pr.leg.br/media/sapl/public/normajuridica/2024/6372/decreto_executivo_no_2325-2024.pdf", "ementa": "Abre Cr\u00e9dito Adicional Suplementar na forma que especifica."}, {"id": "6364", "ano": "2024", "numero": "2334", "tipo__sigla": "DE", "tipo__descricao": "Decreto Executivo", "texto_integral": "http://sapl.sarandi.pr.leg.br/media/sapl/public/normajuridica/2024/6364/decreto_executivo_no_2324-2024.pdf", "ementa": "Abre Cr\u00e9dito Adicional Suplementar na forma que especifica."}, {"id": "6366", "ano": "2024", "numero": "2323", "tipo__sigla": "DE", "tipo__descricao": "Decreto Executivo", "texto_integral": "http://sapl.sarandi.pr.leg.br/media/sapl/public/normajuridica/2024/6366/decreto_executivo_no_2323-2024.pdf", "ementa": "Abre Cr\u00e9dito Adicional Suplementar na forma que especifica."}, {"id": "6370", "ano": "2024", "numero": "127", "tipo__sigla": "POR", "tipo__descricao": "Portaria", "texto_integral": "http://sapl.sarandi.pr.leg.br/media/sapl/public/normajuridica/2024/6370/portaria_no_127-2024_sapl.pdf", "ementa": "Concede progress\u00e3o funcional por capacita\u00e7\u00e3o ao servidor Lucas Ataliba Rantin de Carvalho."}, {"id": "6369", "ano": "2024", "numero": "126", "tipo__sigla": "POR", "tipo__descricao": "Portaria", "texto_integral": "http://sapl.sarandi.pr.leg.br/media/sapl/public/normajuridica/2024/6369/portaria_no_126-2024_sapl.pdf", "ementa": "Concede progress\u00e3o funcional por titula\u00e7\u00e3o a servidora Camila de Souza Bueno dos Santos e d\u00e1 outras provid\u00eancias."}, {"id": "6362", "ano": "2024", "numero": "125", "tipo__sigla": "POR", "tipo__descricao": "Portaria", "texto_integral": "http://sapl.sarandi.pr.leg.br/media/sapl/public/normajuridica/2024/6362/portaria_no_125-2024_sapl.pdf", "ementa": "Concede licen\u00e7a especial a servidora D\u00e9bora Aparecida de Souza e d\u00e1 outras provid\u00eancias."}, {"id": "6365", "ano": "2024", "numero": "8", "tipo__sigla": "DL", "tipo__descricao": "Decreto Legislativo", "texto_integral": "http://sapl.sarandi.pr.leg.br/media/sapl/public/normajuridica/2024/6365/decreto_legislativo_no_008-2024_sapl.pdf", "ementa": "Concede T\u00edtulo de Cidad\u00e3o Honor\u00e1rio ao Senhor Jo\u00e3o Noma e d\u00e1 outras provid\u00eancias."}, {"id": "6361", "ano": "2024", "numero": "2321", "tipo__sigla": "DE", "tipo__descricao": "Decreto Executivo", "texto_integral": "http://sapl.sarandi.pr.leg.br/media/sapl/public/normajuridica/2024/6361/decreto_executivo_no_2321-2024.pdf", "ementa": "Abre Cr\u00e9dito Adicional Suplementar na forma que especifica"}, {"id": "6360", "ano": "2024", "numero": "2318", "tipo__sigla": "DE", "tipo__descricao": "Decreto Executivo", "texto_integral": "http://sapl.sarandi.pr.leg.br/media/sapl/public/normajuridica/2024/6360/decreto_executivo_no_2318-2024.pdf", "ementa": "Abre Cr\u00e9dito Adicional Suplementar na forma que especifica."}, {"id": "6359", "ano": "2024", "numero": "2317", "tipo__sigla": "DE", "tipo__descricao": "Decreto Executivo", "texto_integral": "http://sapl.sarandi.pr.leg.br/media/sapl/public/normajuridica/2024/6359/decreto_executivo_no_2317-2024.pdf", "ementa": "Abre Cr\u00e9dito Adicional Suplementar na forma que especifica."}, {"id": "6356", "ano": "2024", "numero": "2316", "tipo__sigla": "DE", "tipo__descricao": "Decreto Executivo", "texto_integral": "http://sapl.sarandi.pr.leg.br/media/sapl/public/normajuridica/2024/6356/decreto_executivo_no_2316-2024.pdf", "ementa": "Abre Cr\u00e9dito Adicional Suplementar na forma que especifica."}, {"id": "6358", "ano": "2024", "numero": "124", "tipo__sigla": "POR", "tipo__descricao": "Portaria", "texto_integral": "http://sapl.sarandi.pr.leg.br/media/sapl/public/normajuridica/2024/6358/portaria_no_124-2024_sapl.pdf", "ementa": "Concede progress\u00e3o funcional por capacita\u00e7\u00e3oao servidor Renan Augusto dos Santos Volpatto e da outras provid\u00eancias."}, {"id": "6355", "ano": "2024", "numero": "2315", "tipo__sigla": "DE", "tipo__descricao": "Decreto Executivo", "texto_integral": "http://sapl.sarandi.pr.leg.br/media/sapl/public/normajuridica/2024/6355/decreto_executivo_no_2315-2024.pdf", "ementa": "Abre Cr\u00e9dito Adicional Suplementar na forma que especifica."}, {"id": "6354", "ano": "2024", "numero": "2314", "tipo__sigla": "DE", "tipo__descricao": "Decreto Executivo", "texto_integral": "http://sapl.sarandi.pr.leg.br/media/", "ementa": "Abre Cr\u00e9dito Adicional Suplementar na forma que especifica."}, {"id": "6357", "ano": "2024", "numero": "123", "tipo__sigla": "POR", "tipo__descricao": "Portaria", "texto_integral": "http://sapl.sarandi.pr.leg.br/media/sapl/public/normajuridica/2024/6357/portaria_no_123-2024_sapl.pdf", "ementa": "Concede progress\u00e3o funcional por capacita\u00e7\u00e3o \u00e0 servidora Angela Alves de Almeida da outras provid\u00eancias."}, {"id": "6353", "ano": "2024", "numero": "2313", "tipo__sigla": "DE", "tipo__descricao": "Decreto Executivo", "texto_integral": "http://sapl.sarandi.pr.leg.br/media/sapl/public/normajuridica/2024/6353/decreto_executivo_no_2313-2024.pdf", "ementa": "Abre Cr\u00e9dito Adicional Suplementar na forma que especifica."}, {"id": "6352", "ano": "2024", "numero": "2312", "tipo__sigla": "DE", "tipo__descricao": "Decreto Executivo", "texto_integral": "http://sapl.sarandi.pr.leg.br/media/sapl/public/normajuridica/2024/6352/decreto_executivo_no_2312-2024.pdf", "ementa": "Abre Cr\u00e9dito Adicional Suplementar na forma que especifica."}, {"id": "6351", "ano": "2024", "numero": "2310", "tipo__sigla": "DE", "tipo__descricao": "Decreto Executivo", "texto_integral": "http://sapl.sarandi.pr.leg.br/media/sapl/public/normajuridica/2024/6351/decreto_executivo_no_2310-2024.pdf", "ementa": "Abre Cr\u00e9dito Adicional Suplementar na forma que especifica."}, {"id": "6348", "ano": "2024", "numero": "7", "tipo__sigla": "DL", "tipo__descricao": "Decreto Legislativo", "texto_integral": "http://sapl.sarandi.pr.leg.br/media/sapl/public/normajuridica/2024/6348/decreto_legislativo_no_7-2024_sapl.pdf", "ementa": "Disp\u00f5e sobre a aceita\u00e7\u00e3o do \u201cVeto total n\u00ba 5/2024\u201d ao Projeto de Lei n\u00ba 3.465/2024, de autoria do vereador a Adriano Ferreira Amorim \u201cAdriano Amorim\u201d, o qual \u201cFixa a data de entrega dos uniformes escolares e materiais escolares para o primeiro m\u00eas de volta \u00e0s aulas conforme calend\u00e1rio escolar no Munic\u00edpio de Sarandi.\u201d."}, {"id": "6349", "ano": "2024", "numero": "2309", "tipo__sigla": "DE", "tipo__descricao": "Decreto Executivo", "texto_integral": "http://sapl.sarandi.pr.leg.br/media/", "ementa": "Abre Cr\u00e9dito Adicional Suplementar na forma que especifica."}, {"id": "6347", "ano": "2024", "numero": "2308", "tipo__sigla": "DE", "tipo__descricao": "Decreto Executivo", "texto_integral": "http://sapl.sarandi.pr.leg.br/media/", "ementa": "Abre Cr\u00e9dito Adicional Suplementar na forma que especifica."}, {"id": "6346", "ano": "2024", "numero": "2306", "tipo__sigla": "DE", "tipo__descricao": "Decreto Executivo", "texto_integral": "http://sapl.sarandi.pr.leg.br/media/sapl/public/normajuridica/2024/6346/decreto_executivo_no_2306-2024.pdf", "ementa": "Abre Cr\u00e9dito Adicional Suplementar na forma que especifica."}, {"id": "6350", "ano": "2024", "numero": "2301", "tipo__sigla": "DE", "tipo__descricao": "Decreto Executivo", "texto_integral": "http://sapl.sarandi.pr.leg.br/media/sapl/public/normajuridica/2024/6350/decreto_executivo_no_2301-2024.pdf", "ementa": "Abre Cr\u00e9dito Adicional Suplementar na forma que especifica."}, {"id": "6345", "ano": "2024", "numero": "2298", "tipo__sigla": "DE", "tipo__descricao": "Decreto Executivo", "texto_integral": "http://sapl.sarandi.pr.leg.br/media/sapl/public/normajuridica/2024/6345/decreto_executivo_no_2298-2024.pdf", "ementa": "Abre Cr\u00e9dito Adicional Suplementar na forma que especifica."}, {"id": "6344", "ano": "2024", "numero": "2297", "tipo__sigla": "DE", "tipo__descricao": "Decreto Executivo", "texto_integral": "http://sapl.sarandi.pr.leg.br/media/sapl/public/normajuridica/2024/6344/decreto_executivo_no_2297-2024.pdf", "ementa": "Abre Cr\u00e9dito Adicional Suplementar na forma que especifica."}, {"id": "6343", "ano": "2024", "numero": "122", "tipo__sigla": "POR", "tipo__descricao": "Portaria", "texto_integral": "http://sapl.sarandi.pr.leg.br/media/sapl/public/normajuridica/2024/6343/portaria_no_122-2024_sapl.pdf", "ementa": "Designa o servidor Jo\u00e3o Roberto dos Santos Lopes, para fiscaliza\u00e7\u00e3o de contrato."}, {"id": "6342", "ano": "2024", "numero": "121", "tipo__sigla": "POR", "tipo__descricao": "Portaria", "texto_integral": "http://sapl.sarandi.pr.leg.br/media/sapl/public/normajuridica/2024/6342/portaria_no_121-2024_sapl.pdf", "ementa": "Designa o servidor Lucas Ataliba Rantin de Carvalho para fiscaliza\u00e7\u00e3o de contrato."}, {"id": "6341", "ano": "2024", "numero": "120", "tipo__sigla": "POR", "tipo__descricao": "Portaria", "texto_integral": "http://sapl.sarandi.pr.leg.br/media/sapl/public/normajuridica/2024/6341/portaria_no_120-2024_sapl.pdf", "ementa": "Designa a servidora Thais Sabino Janunzzi, para fiscaliza\u00e7\u00e3o de atas de registro de pre\u00e7os."}, {"id": "6363", "ano": "2024", "numero": "2319", "tipo__sigla": "DE", "tipo__descricao": "Decreto Executivo", "texto_integral": "http://sapl.sarandi.pr.leg.br/media/", "ementa": "Abre Cr\u00e9dito Adicional Suplementar na forma que especifica."}, {"id": "6340", "ano": "2024", "numero": "2286", "tipo__sigla": "DE", "tipo__descricao": "Decreto Executivo", "texto_integral": "http://sapl.sarandi.pr.leg.br/media/sapl/public/normajuridica/2024/6340/decreto_executivo_no_2286-2024.pdf", "ementa": "Abre Cr\u00e9dito Adicional Suplementar na forma que especifica."}, {"id": "6339", "ano": "2024", "numero": "2284", "tipo__sigla": "DE", "tipo__descricao": "Decreto Executivo", "texto_integral": "http://sapl.sarandi.pr.leg.br/media/sapl/public/normajuridica/2024/6339/decreto_executivo_no_2284-2024.pdf", "ementa": "Abre Cr\u00e9dito Adicional Suplementar na forma que especifica."}, {"id": "6330", "ano": "2024", "numero": "119", "tipo__sigla": "POR", "tipo__descricao": "Portaria", "texto_integral": "http://sapl.sarandi.pr.leg.br/media/sapl/public/normajuridica/2024/6330/portaria_no_119-2024_sapl.pdf", "ementa": "Designa o servidor Dhymison da Silva Ramos, para fiscaliza\u00e7\u00e3o de contrato."}, {"id": "6329", "ano": "2024", "numero": "118", "tipo__sigla": "POR", "tipo__descricao": "Portaria", "texto_integral": "http://sapl.sarandi.pr.leg.br/media/sapl/public/normajuridica/2024/6329/portaria_no_118-2024_sapl.pdf", "ementa": "Concede progress\u00e3o funcional por capacita\u00e7\u00e3o \u00e0 servidora Marcela Fritz de Lima Muratori da outras provid\u00eancias."}, {"id": "6328", "ano": "2024", "numero": "117", "tipo__sigla": "POR", "tipo__descricao": "Portaria", "texto_integral": "http://sapl.sarandi.pr.leg.br/media/sapl/public/normajuridica/2024/6328/portaria_no_117-2024_sapl.pdf", "ementa": "Concede progress\u00e3o funcional por merecimento ao servidor Lucas Ataliba Rantin de Carvalho e da outras provid\u00eancias."}, {"id": "6327", "ano": "2024", "numero": "116", "tipo__sigla": "POR", "tipo__descricao": "Portaria", "texto_integral": "http://sapl.sarandi.pr.leg.br/media/sapl/public/normajuridica/2024/6327/portaria_no_116-2024_sapl.pdf", "ementa": "Concede progress\u00e3o funcional por merecimento a servidora Sandra da Mata Clemente Duarte e da outras provid\u00eancias."}, {"id": "6326", "ano": "2024", "numero": "115", "tipo__sigla": "POR", "tipo__descricao": "Portaria", "texto_integral": "http://sapl.sarandi.pr.leg.br/media/sapl/public/normajuridica/2024/6326/portaria_no_115-2024_sapl.pdf", "ementa": "Concede progress\u00e3o funcional por merecimento a servidora Camila de Souza Bueno dos Santos e da outras provid\u00eancias."}, {"id": "6325", "ano": "2024", "numero": "114", "tipo__sigla": "POR", "tipo__descricao": "Portaria", "texto_integral": "http://sapl.sarandi.pr.leg.br/media/sapl/public/normajuridica/2024/6325/portaria_no_114-2024_sapl.pdf", "ementa": "Concede progress\u00e3o funcional por capacita\u00e7\u00e3o ao servidor Lucas Ataliba Rantin de Carvalho."}, {"id": "6324", "ano": "2024", "numero": "113", "tipo__sigla": "POR", "tipo__descricao": "Portaria", "texto_integral": "http://sapl.sarandi.pr.leg.br/media/sapl/public/normajuridica/2024/6324/portaria_no_113-2024_sapl.pdf", "ementa": "Concede progress\u00e3o funcional por capacita\u00e7\u00e3o ao servidor Jo\u00e3o Roberto dos Santos Lopes."}, {"id": "6338", "ano": "2024", "numero": "2276", "tipo__sigla": "DE", "tipo__descricao": "Decreto Executivo", "texto_integral": "http://sapl.sarandi.pr.leg.br/media/sapl/public/normajuridica/2024/6338/decreto_executivo_no_2276-2024.pdf", "ementa": "Abre Cr\u00e9dito Adicional Suplementar na forma que especifica."}, {"id": "6334", "ano": "2024", "numero": "2275", "tipo__sigla": "DE", "tipo__descricao": "Decreto Executivo", "texto_integral": "http://sapl.sarandi.pr.leg.br/media/", "ementa": "Abre Cr\u00e9dito Adicional Suplementar na forma que especifica."}, {"id": "6331", "ano": "2024", "numero": "2271", "tipo__sigla": "DE", "tipo__descricao": "Decreto Executivo", "texto_integral": "http://sapl.sarandi.pr.leg.br/media/sapl/public/normajuridica/2024/6331/decreto_executivo_no_2271-2024.pdf", "ementa": "Abre Cr\u00e9dito Adicional Suplementar na forma que especifica."}, {"id": "6332", "ano": "2024", "numero": "2270", "tipo__sigla": "DE", "tipo__descricao": "Decreto Executivo", "texto_integral": "http://sapl.sarandi.pr.leg.br/media/sapl/public/normajuridica/2024/6332/decreto_executivo_no_2270-2024.pdf", "ementa": "Abre Cr\u00e9dito Adicional Suplementar na forma que especifica."}, {"id": "6335", "ano": "2024", "numero": "2269", "tipo__sigla": "DE", "tipo__descricao": "Decreto Executivo", "texto_integral": "http://sapl.sarandi.pr.leg.br/media/", "ementa": "Abre Cr\u00e9dito Adicional Suplementar na forma que especifica."}, {"id": "6336", "ano": "2024", "numero": "2268", "tipo__sigla": "DE", "tipo__descricao": "Decreto Executivo", "texto_integral": "http://sapl.sarandi.pr.leg.br/media/", "ementa": "Abre Cr\u00e9dito Adicional Suplementar na forma que especifica"}, {"id": "6337", "ano": "2024", "numero": "2267", "tipo__sigla": "DE", "tipo__descricao": "Decreto Executivo", "texto_integral": "http://sapl.sarandi.pr.leg.br/media/sapl/public/normajuridica/2024/6337/decreto_executivo_no_2267-2024.pdf", "ementa": "Abre Cr\u00e9dito Adicional Suplementar na forma que especifica."}, {"id": "6323", "ano": "2024", "numero": "5", "tipo__sigla": "ATM", "tipo__descricao": "Ato da Mesa", "texto_integral": "http://sapl.sarandi.pr.leg.br/media/sapl/public/normajuridica/2024/6323/ato_da_mesa_no_5-2024_sapl.pdf", "ementa": "Institui o Manual de Reda\u00e7\u00e3o e Elabora\u00e7\u00e3o Legislativa no \u00e2mbito da C\u00e2mara Municipal de Sarandi."}, {"id": "6333", "ano": "2024", "numero": "2261", "tipo__sigla": "DE", "tipo__descricao": "Decreto Executivo", "texto_integral": "http://sapl.sarandi.pr.leg.br/media/sapl/public/normajuridica/2024/6333/decreto_executivo_no_2261-2024.pdf", "ementa": "Abre Cr\u00e9dito Adicional Suplementar na forma que especifica."}, {"id": "6318", "ano": "2024", "numero": "2260", "tipo__sigla": "DE", "tipo__descricao": "Decreto Executivo", "texto_integral": "http://sapl.sarandi.pr.leg.br/media/sapl/public/normajuridica/2024/6318/decreto_executivo_no_2260-2024.pdf", "ementa": "Abre Cr\u00e9dito Adicional Suplementar na forma que especifica."}, {"id": "6317", "ano": "2024", "numero": "3044", "tipo__sigla": "LEI", "tipo__descricao": "Lei Ordin\u00e1ria", "texto_integral": "http://sapl.sarandi.pr.leg.br/media/sapl/public/normajuridica/2024/6317/lei_no_3044-2024_sapl.pdf", "ementa": "Denomina de Parque de Exposi\u00e7\u00f5es Pietro Volpato, o Parque de Exposi\u00e7\u00f5es situado no lote n\u00ba 158, Gleba Patrim\u00f4nio Sarandi."}, {"id": "6320", "ano": "2024", "numero": "2258", "tipo__sigla": "DE", "tipo__descricao": "Decreto Executivo", "texto_integral": "http://sapl.sarandi.pr.leg.br/media/sapl/public/normajuridica/2024/6320/decreto_executivo_no_2258-2024.pdf", "ementa": "Abre Cr\u00e9dito Adicional Suplementar na forma que especifica."}, {"id": "6316", "ano": "2024", "numero": "2256", "tipo__sigla": "DE", "tipo__descricao": "Decreto Executivo", "texto_integral": "http://sapl.sarandi.pr.leg.br/media/sapl/public/normajuridica/2024/6316/decreto_executivo_no_2256-2024.pdf", "ementa": "Abre Cr\u00e9dito Adicional Suplementar na forma que especifica."}, {"id": "6319", "ano": "2024", "numero": "2255", "tipo__sigla": "DE", "tipo__descricao": "Decreto Executivo", "texto_integral": "http://sapl.sarandi.pr.leg.br/media/sapl/public/normajuridica/2024/6319/decreto_executivo_no_2255-2024.pdf", "ementa": "Abre Cr\u00e9dito Adicional Suplementar na forma que especifica."}, {"id": "6315", "ano": "2024", "numero": "2252", "tipo__sigla": "DE", "tipo__descricao": "Decreto Executivo", "texto_integral": "http://sapl.sarandi.pr.leg.br/media/sapl/public/normajuridica/2024/6315/decreto_executivo_no_2252-2024.pdf", "ementa": "Abre Cr\u00e9dito Adicional Suplementar na forma que especifica."}, {"id": "6311", "ano": "2024", "numero": "2247", "tipo__sigla": "DE", "tipo__descricao": "Decreto Executivo", "texto_integral": "http://sapl.sarandi.pr.leg.br/media/sapl/public/normajuridica/2024/6311/decreto_executivo_no_2247-2024.pdf", "ementa": "Abre Cr\u00e9dito Adicional Suplementar na forma que especifica."}, {"id": "6309", "ano": "2024", "numero": "2245", "tipo__sigla": "DE", "tipo__descricao": "Decreto Executivo", "texto_integral": "http://sapl.sarandi.pr.leg.br/media/sapl/public/normajuridica/2024/6309/decreto_executivo_no_2245-2024.pdf", "ementa": "Abre Cr\u00e9dito Adicional Suplementar na forma que especifica."}, {"id": "6314", "ano": "2024", "numero": "112", "tipo__sigla": "POR", "tipo__descricao": "Portaria", "texto_integral": "http://sapl.sarandi.pr.leg.br/media/sapl/public/normajuridica/2024/6314/portaria_no_112-2024_sapl.pdf", "ementa": "Concede progress\u00e3o funcional por capacita\u00e7\u00e3o \u00e0 servidora Marcela Fritz de Lima Muratori da outras provid\u00eancias"}, {"id": "6322", "ano": "2024", "numero": "111", "tipo__sigla": "POR", "tipo__descricao": "Portaria", "texto_integral": "http://sapl.sarandi.pr.leg.br/media/sapl/public/normajuridica/2024/6322/portaria_no_111-2024_sapl.pdf", "ementa": "Concede progress\u00e3o funcional por capacita\u00e7\u00e3o \u00e0 servidora D\u00e9bora Aparecida de Souza."}, {"id": "6313", "ano": "2024", "numero": "110", "tipo__sigla": "POR", "tipo__descricao": "Portaria", "texto_integral": "http://sapl.sarandi.pr.leg.br/media/sapl/public/normajuridica/2024/6313/portaria_no_110-2024_sapl.pdf", "ementa": "Designa o servidor Dhymison da Silva Ramos, para fiscaliza\u00e7\u00e3o de contrato."}, {"id": "6312", "ano": "2024", "numero": "109", "tipo__sigla": "POR", "tipo__descricao": "Portaria", "texto_integral": "http://sapl.sarandi.pr.leg.br/media/sapl/public/normajuridica/2024/6312/portaria_no_109-2024_sapl.pdf", "ementa": "Designa o servidor Lucas Ataliba Rantin de Carvalho para fiscaliza\u00e7\u00e3o de contrato."}, {"id": "6310", "ano": "2024", "numero": "2243", "tipo__sigla": "DE", "tipo__descricao": "Decreto Executivo", "texto_integral": "http://sapl.sarandi.pr.leg.br/media/sapl/public/normajuridica/2024/6310/decreto_executivo_no_2243-2024.pdf", "ementa": "Abre Cr\u00e9dito Adicional Suplementar na forma que especifica."}, {"id": "6307", "ano": "2024", "numero": "2242", "tipo__sigla": "DE", "tipo__descricao": "Decreto Executivo", "texto_integral": "http://sapl.sarandi.pr.leg.br/media/sapl/public/normajuridica/2024/6307/decreto_executivo_no_2242-2024.pdf", "ementa": "Abre Cr\u00e9dito Adicional Suplementar na forma que especifica."}, {"id": "6308", "ano": "2024", "numero": "2238", "tipo__sigla": "DE", "tipo__descricao": "Decreto Executivo", "texto_integral": "http://sapl.sarandi.pr.leg.br/media/sapl/public/normajuridica/2024/6308/decreto_executivo_no_2238-2024.pdf", "ementa": "Abre Cr\u00e9dito Adicional Suplementar na forma que especifica"}, {"id": "6304", "ano": "2024", "numero": "2236", "tipo__sigla": "DE", "tipo__descricao": "Decreto Executivo", "texto_integral": "http://sapl.sarandi.pr.leg.br/media/", "ementa": "Abre Cr\u00e9dito Adicional Suplementar na forma que especifica."}, {"id": "6303", "ano": "2024", "numero": "2232", "tipo__sigla": "DE", "tipo__descricao": "Decreto Executivo", "texto_integral": "http://sapl.sarandi.pr.leg.br/media/sapl/public/normajuridica/2024/6303/decreto_executivo_no_2232-2024.pdf", "ementa": "Abre Cr\u00e9dito Adicional Suplementar na forma que especifica."}, {"id": "6302", "ano": "2024", "numero": "2231", "tipo__sigla": "DE", "tipo__descricao": "Decreto Executivo", "texto_integral": "http://sapl.sarandi.pr.leg.br/media/sapl/public/normajuridica/2024/6302/decreto_executivo_no_2231-2024.pdf", "ementa": "Abre Cr\u00e9dito Adicional Suplementar na forma que especifica."}, {"id": "6306", "ano": "2024", "numero": "108", "tipo__sigla": "POR", "tipo__descricao": "Portaria", "texto_integral": "http://sapl.sarandi.pr.leg.br/media/sapl/public/normajuridica/2024/6306/portaria_no_108-2024_sapl.pdf", "ementa": "Designa o servidor Lucas Ataliba Rantin de Carvalho, para fiscaliza\u00e7\u00e3o de contrato."}, {"id": "6305", "ano": "2024", "numero": "107", "tipo__sigla": "POR", "tipo__descricao": "Portaria", "texto_integral": "http://sapl.sarandi.pr.leg.br/media/sapl/public/normajuridica/2024/6305/portaria_no_107-2024_sapl.pdf", "ementa": "Designa a servidora Marcela Fritz de Lima Muratori, para fiscaliza\u00e7\u00e3o de contrato."}, {"id": "6301", "ano": "2024", "numero": "2227", "tipo__sigla": "DE", "tipo__descricao": "Decreto Executivo", "texto_integral": "http://sapl.sarandi.pr.leg.br/media/sapl/public/normajuridica/2024/6301/decreto_executivo_no_2227-2024.pdf", "ementa": "Abre Cr\u00e9dito Adicional Suplementar na forma que especifica."}, {"id": "6300", "ano": "2024", "numero": "2226", "tipo__sigla": "DE", "tipo__descricao": "Decreto Executivo", "texto_integral": "http://sapl.sarandi.pr.leg.br/media/sapl/public/normajuridica/2024/6300/decreto_executivo_no_2226-2024.pdf", "ementa": "Abre Cr\u00e9dito Adicional Suplementar na forma que especifica."}, {"id": "6299", "ano": "2024", "numero": "2225", "tipo__sigla": "DE", "tipo__descricao": "Decreto Executivo", "texto_integral": "http://sapl.sarandi.pr.leg.br/media/sapl/public/normajuridica/2024/6299/decreto_executivo_no_2225-2024.pdf", "ementa": "Abre Cr\u00e9dito Adicional Suplementar na forma que especifica."}, {"id": "6298", "ano": "2024", "numero": "2224", "tipo__sigla": "DE", "tipo__descricao": "Decreto Executivo", "texto_integral": "http://sapl.sarandi.pr.leg.br/media/sapl/public/normajuridica/2024/6298/decreto_executivo_no_2224-2024.pdf", "ementa": "Abre Cr\u00e9dito Adicional Suplementar na forma que especifica."}, {"id": "6297", "ano": "2024", "numero": "3043", "tipo__sigla": "LEI", "tipo__descricao": "Lei Ordin\u00e1ria", "texto_integral": "http://sapl.sarandi.pr.leg.br/media/sapl/public/normajuridica/2024/6297/lei_no_3043-2024_sapl.pdf", "ementa": "Disp\u00f5e sobre a normatiza\u00e7\u00e3o para denomina\u00e7\u00e3o de logradouros p\u00fablicos, assim como equipamentos comunit\u00e1rios e urbanos e d\u00e1 outras provid\u00eancias."}, {"id": "6295", "ano": "2024", "numero": "2220", "tipo__sigla": "DE", "tipo__descricao": "Decreto Executivo", "texto_integral": "http://sapl.sarandi.pr.leg.br/media/sapl/public/normajuridica/2024/6295/decreto_executivo_no_2220-2024.pdf", "ementa": "Abre Cr\u00e9dito Adicional Suplementar na forma que especifica."}, {"id": "6294", "ano": "2024", "numero": "2219", "tipo__sigla": "DE", "tipo__descricao": "Decreto Executivo", "texto_integral": "http://sapl.sarandi.pr.leg.br/media/", "ementa": "Abre Cr\u00e9dito Adicional Suplementar na forma que especifica."}, {"id": "6293", "ano": "2024", "numero": "2218", "tipo__sigla": "DE", "tipo__descricao": "Decreto Executivo", "texto_integral": "http://sapl.sarandi.pr.leg.br/media/sapl/public/normajuridica/2024/6293/decreto_executivo_no_2218-2024.pdf", "ementa": "Abre Cr\u00e9dito Adicional Suplementar na forma que especifica."}, {"id": "6296", "ano": "2024", "numero": "468", "tipo__sigla": "LC", "tipo__descricao": "Lei Complementar", "texto_integral": "http://sapl.sarandi.pr.leg.br/media/sapl/public/normajuridica/2024/6296/lei_complementar_no_468-2024sapl.pdf", "ementa": "Altera a Lei Complementar n\u00ba 115, de 27 de maio de 2005."}, {"id": "6292", "ano": "2024", "numero": "2217", "tipo__sigla": "DE", "tipo__descricao": "Decreto Executivo", "texto_integral": "http://sapl.sarandi.pr.leg.br/media/sapl/public/normajuridica/2024/6292/decreto_executivo_no_2217-2024.pdf", "ementa": "Abre Cr\u00e9dito Adicional Suplementar na forma que especifica."}, {"id": "6291", "ano": "2024", "numero": "106", "tipo__sigla": "POR", "tipo__descricao": "Portaria", "texto_integral": "http://sapl.sarandi.pr.leg.br/media/sapl/public/normajuridica/2024/6291/portaria_no_106-2024_sapl.pdf", "ementa": "Finaliza o Processo de Sindic\u00e2ncia e da outras provid\u00eancias."}, {"id": "6290", "ano": "2024", "numero": "3042", "tipo__sigla": "LEI", "tipo__descricao": "Lei Ordin\u00e1ria", "texto_integral": "http://sapl.sarandi.pr.leg.br/media/sapl/public/normajuridica/2024/6290/lei_no_3042-2024_sapl.pdf", "ementa": "Disp\u00f5e sobre o Plano Municipal de Gest\u00e3o Integrada de Res\u00edduos S\u00f3lidos Urbanos do Munic\u00edpio de Sarandi e d\u00e1 outras provid\u00eancias."}, {"id": "6289", "ano": "2024", "numero": "2215", "tipo__sigla": "DE", "tipo__descricao": "Decreto Executivo", "texto_integral": "http://sapl.sarandi.pr.leg.br/media/sapl/public/normajuridica/2024/6289/decreto_executivo_no_2215-2024.pdf", "ementa": "Abre Cr\u00e9dito Adicional Suplementar na forma que especifica."}, {"id": "6288", "ano": "2024", "numero": "2214", "tipo__sigla": "DE", "tipo__descricao": "Decreto Executivo", "texto_integral": "http://sapl.sarandi.pr.leg.br/media/", "ementa": "Abre Cr\u00e9dito Adicional Suplementar na forma que especifica."}, {"id": "6287", "ano": "2024", "numero": "2212", "tipo__sigla": "DE", "tipo__descricao": "Decreto Executivo", "texto_integral": "http://sapl.sarandi.pr.leg.br/media/sapl/public/normajuridica/2024/6287/decreto_executivo_no_2212-2024.pdf", "ementa": "Abre Cr\u00e9dito Adicional Suplementar na forma que especifica."}, {"id": "6285", "ano": "2024", "numero": "2211", "tipo__sigla": "DE", "tipo__descricao": "Decreto Executivo", "texto_integral": "http://sapl.sarandi.pr.leg.br/media/sapl/public/normajuridica/2024/6285/decreto_executivo_no_2211-2024.pdf", "ementa": "Abre Cr\u00e9dito Adicional Suplementar na forma que especifica."}, {"id": "6284", "ano": "2024", "numero": "2209", "tipo__sigla": "DE", "tipo__descricao": "Decreto Executivo", "texto_integral": "http://sapl.sarandi.pr.leg.br/media/sapl/public/normajuridica/2024/6284/decreto_executivo_no_2209-2024.pdf", "ementa": "Abre Cr\u00e9dito Adicional Suplementar na forma que especifica."}, {"id": "6283", "ano": "2024", "numero": "2208", "tipo__sigla": "DE", "tipo__descricao": "Decreto Executivo", "texto_integral": "http://sapl.sarandi.pr.leg.br/media/sapl/public/normajuridica/2024/6283/decreto_executivo_no_2208-2024.pdf", "ementa": "Abre Cr\u00e9dito Adicional Suplementar na forma que especifica."}, {"id": "6286", "ano": "2024", "numero": "2207", "tipo__sigla": "DE", "tipo__descricao": "Decreto Executivo", "texto_integral": "http://sapl.sarandi.pr.leg.br/media/sapl/public/normajuridica/2024/6286/decreto_executivo_no_2207-2024.pdf", "ementa": "Abre Cr\u00e9dito Adicional Suplementar na forma que especifica."}, {"id": "6282", "ano": "2024", "numero": "2206", "tipo__sigla": "DE", "tipo__descricao": "Decreto Executivo", "texto_integral": "http://sapl.sarandi.pr.leg.br/media/", "ementa": "Cr\u00e9dito Adicional Suplementar na forma que especifica."}, {"id": "6281", "ano": "2024", "numero": "2205", "tipo__sigla": "DE", "tipo__descricao": "Decreto Executivo", "texto_integral": "http://sapl.sarandi.pr.leg.br/media/sapl/public/normajuridica/2024/6281/decreto_executivo_no_2005-2024.pdf", "ementa": "Abre Cr\u00e9dito Adicional Suplementar na forma que especifica."}, {"id": "6280", "ano": "2024", "numero": "2204", "tipo__sigla": "DE", "tipo__descricao": "Decreto Executivo", "texto_integral": "http://sapl.sarandi.pr.leg.br/media/sapl/public/normajuridica/2024/6280/decreto_executivo_no_2204-2024.pdf", "ementa": "Abre Cr\u00e9dito Adicional Suplementar na forma que especifica."}, {"id": "6279", "ano": "2024", "numero": "2203", "tipo__sigla": "DE", "tipo__descricao": "Decreto Executivo", "texto_integral": "http://sapl.sarandi.pr.leg.br/media/sapl/public/normajuridica/2024/6279/decreto_executivo_no_2003-2024.pdf", "ementa": "Abre Cr\u00e9dito Adicional Suplementar na forma que especifica."}, {"id": "6275", "ano": "2024", "numero": "105", "tipo__sigla": "POR", "tipo__descricao": "Portaria", "texto_integral": "http://sapl.sarandi.pr.leg.br/media/sapl/public/normajuridica/2024/6275/portaria_no_105-2024_sapl.pdf", "ementa": "Designa o servidor Jo\u00e3o Roberto dos Santos Lopes, para fiscaliza\u00e7\u00e3o de contrato."}, {"id": "6278", "ano": "2024", "numero": "2202", "tipo__sigla": "DE", "tipo__descricao": "Decreto Executivo", "texto_integral": "http://sapl.sarandi.pr.leg.br/media/", "ementa": "Abre Cr\u00e9dito Adicional Suplementar na forma que especifica."}, {"id": "6277", "ano": "2024", "numero": "2201", "tipo__sigla": "DE", "tipo__descricao": "Decreto Executivo", "texto_integral": "http://sapl.sarandi.pr.leg.br/media/sapl/public/normajuridica/2024/6277/decreto_executivo_no_2201-2024.pdf", "ementa": "Abre Cr\u00e9dito Adicional Suplementar na forma que especifica."}, {"id": "6276", "ano": "2024", "numero": "2200", "tipo__sigla": "DE", "tipo__descricao": "Decreto Executivo", "texto_integral": "http://sapl.sarandi.pr.leg.br/media/sapl/public/normajuridica/2024/6276/decreto_executivo_no_2200-2024.pdf", "ementa": "Abre Cr\u00e9dito Adicional Suplementar na forma que especifica."}, {"id": "6274", "ano": "2024", "numero": "3041", "tipo__sigla": "LEI", "tipo__descricao": "Lei Ordin\u00e1ria", "texto_integral": "http://sapl.sarandi.pr.leg.br/media/sapl/public/normajuridica/2024/6274/lei_no_3041-2024_sapl.pdf", "ementa": "Disp\u00f5e sobre o Procedimento para a Instala\u00e7\u00e3o de Infraestrutura de Suporte para Esta\u00e7\u00e3o Transmissora de Radiocomunica\u00e7\u00e3o-ETR."}, {"id": "6273", "ano": "2024", "numero": "104", "tipo__sigla": "POR", "tipo__descricao": "Portaria", "texto_integral": "http://sapl.sarandi.pr.leg.br/media/sapl/public/normajuridica/2024/6273/portaria_no_104-2024_sapl.pdf", "ementa": "Designar servidor RENAN AUGUSTO DOS SANTOS VOLPATTO, para fiscaliza\u00e7\u00e3o de Ata de Pre\u00e7os, e d\u00e1 outras provid\u00eancias."}, {"id": "6270", "ano": "2024", "numero": "2198", "tipo__sigla": "DE", "tipo__descricao": "Decreto Executivo", "texto_integral": "http://sapl.sarandi.pr.leg.br/media/sapl/public/normajuridica/2024/6270/decreto_executivo_no_2198-2024.pdf", "ementa": "Abre Cr\u00e9dito Adicional Suplementar na forma que especifica."}, {"id": "6269", "ano": "2024", "numero": "2197", "tipo__sigla": "DE", "tipo__descricao": "Decreto Executivo", "texto_integral": "http://sapl.sarandi.pr.leg.br/media/sapl/public/normajuridica/2024/6269/decreto_executivo_no_2197-2024.pdf", "ementa": "Abre Cr\u00e9dito Adicional Suplementar na forma que especifica."}, {"id": "6268", "ano": "2024", "numero": "2196", "tipo__sigla": "DE", "tipo__descricao": "Decreto Executivo", "texto_integral": "http://sapl.sarandi.pr.leg.br/media/sapl/public/normajuridica/2024/6268/decreto_executivo_no_2196-2024.pdf", "ementa": "Abre Cr\u00e9dito Adicional Suplementar na forma que especifica."}, {"id": "6272", "ano": "2024", "numero": "103", "tipo__sigla": "POR", "tipo__descricao": "Portaria", "texto_integral": "http://sapl.sarandi.pr.leg.br/media/sapl/public/normajuridica/2024/6272/portaria_no_103-2024_sapl.pdf", "ementa": "Concede progress\u00e3o funcional por merecimento ao servidor Marlon Bif e da outras provid\u00eancias."}, {"id": "6271", "ano": "2024", "numero": "102", "tipo__sigla": "POR", "tipo__descricao": "Portaria", "texto_integral": "http://sapl.sarandi.pr.leg.br/media/sapl/public/normajuridica/2024/6271/portaria_no_102-2024_sapl.pdf", "ementa": "Finaliza o Processo Administrativo Disciplinar e da outras provid\u00eancias"}, {"id": "6267", "ano": "2024", "numero": "2189", "tipo__sigla": "DE", "tipo__descricao": "Decreto Executivo", "texto_integral": "http://sapl.sarandi.pr.leg.br/media/", "ementa": "Abre Cr\u00e9dito Adicional Suplementar na forma que especifica."}, {"id": "6266", "ano": "2024", "numero": "2188", "tipo__sigla": "DE", "tipo__descricao": "Decreto Executivo", "texto_integral": "http://sapl.sarandi.pr.leg.br/media/sapl/public/normajuridica/2024/6266/decreto_executivo_no_2188-2024.pdf", "ementa": "Abre Cr\u00e9dito Adicional Suplementar na forma que especifica."}, {"id": "6262", "ano": "2024", "numero": "2186", "tipo__sigla": "DE", "tipo__descricao": "Decreto Executivo", "texto_integral": "http://sapl.sarandi.pr.leg.br/media/sapl/public/normajuridica/2024/6262/decreto_executivo_no_2186-2024.pdf", "ementa": "Abre Cr\u00e9dito Adicional Suplementar na forma que especifica."}, {"id": "6261", "ano": "2024", "numero": "2185", "tipo__sigla": "DE", "tipo__descricao": "Decreto Executivo", "texto_integral": "http://sapl.sarandi.pr.leg.br/media/sapl/public/normajuridica/2024/6261/decreto_executivo_no_2185-2024.pdf", "ementa": "Abre Cr\u00e9dito Adicional Suplementar na forma que especifica."}, {"id": "6257", "ano": "2024", "numero": "3040", "tipo__sigla": "LEI", "tipo__descricao": "Lei Ordin\u00e1ria", "texto_integral": "http://sapl.sarandi.pr.leg.br/media/sapl/public/normajuridica/2024/6257/lei_no_3040-2024_sapl.pdf", "ementa": "Concede T\u00edtulo de Utilidade P\u00fablica ao N\u00facleo Social Professora Hanako Kinoshita Pasquali e d\u00e1 outras provid\u00eancias."}, {"id": "6260", "ano": "2024", "numero": "2182", "tipo__sigla": "DE", "tipo__descricao": "Decreto Executivo", "texto_integral": "http://sapl.sarandi.pr.leg.br/media/sapl/public/normajuridica/2024/6260/decreto_executivo_no_2182-2024.pdf", "ementa": "Abre Cr\u00e9dito Adicional Suplementar na forma que especifica."}, {"id": "6259", "ano": "2024", "numero": "2171", "tipo__sigla": "DE", "tipo__descricao": "Decreto Executivo", "texto_integral": "http://sapl.sarandi.pr.leg.br/media/sapl/public/normajuridica/2024/6259/decreto_executivo_no_2171-2024.pdf", "ementa": "Abre Cr\u00e9dito Adicional Suplementar na forma que especifica."}, {"id": "6256", "ano": "2024", "numero": "101", "tipo__sigla": "POR", "tipo__descricao": "Portaria", "texto_integral": "http://sapl.sarandi.pr.leg.br/media/sapl/public/normajuridica/2024/6256/portaria_no_101-2024_sapl.pdf", "ementa": "Designar servidora LUZIA AZEVEDO DIAS ,para fiscaliza\u00e7\u00e3o de Ata de Pre\u00e7os, e d\u00e1 outras provid\u00eancias."}, {"id": "6254", "ano": "2024", "numero": "2161", "tipo__sigla": "DE", "tipo__descricao": "Decreto Executivo", "texto_integral": "http://sapl.sarandi.pr.leg.br/media/sapl/public/normajuridica/2024/6254/decreto_executivo_no_2161-2024.pdf", "ementa": "Abre Cr\u00e9dito Adicional Suplementar na forma que especifica."}, {"id": "6253", "ano": "2024", "numero": "3039", "tipo__sigla": "LEI", "tipo__descricao": "Lei Ordin\u00e1ria", "texto_integral": "http://sapl.sarandi.pr.leg.br/media/sapl/public/normajuridica/2024/6253/lei_no_3039-2024_sapl.pdf", "ementa": "Altera a Lei n\u00ba 2.128, de 15 de dezembro de 2014, que disp\u00f5e sobre a Pol\u00edtica Municipal dos Direitos da Crian\u00e7a e do Adolescente."}, {"id": "6255", "ano": "2024", "numero": "100", "tipo__sigla": "POR", "tipo__descricao": "Portaria", "texto_integral": "http://sapl.sarandi.pr.leg.br/media/sapl/public/normajuridica/2024/6255/portaria_no_100-2024_sapl.pdf", "ementa": "Instaurar sindic\u00e2ncia e nomear comiss\u00e3o para conduzir o rito e d\u00e1 outras provid\u00eancias."}, {"id": "6252", "ano": "2024", "numero": "99", "tipo__sigla": "POR", "tipo__descricao": "Portaria", "texto_integral": "http://sapl.sarandi.pr.leg.br/media/sapl/public/normajuridica/2024/6252/portaria_no_099-2024_sapl.pdf", "ementa": "Concede progress\u00e3o funcional por merecimento a servidora Marcela Frtiz de Lima Muratori e da outras provid\u00eancias."}, {"id": "6251", "ano": "2024", "numero": "98", "tipo__sigla": "POR", "tipo__descricao": "Portaria", "texto_integral": "http://sapl.sarandi.pr.leg.br/media/sapl/public/normajuridica/2024/6251/portaria_no_098-2024_sapl.pdf", "ementa": "Concede progress\u00e3o funcional por capacita\u00e7\u00e3o ao servidor Renan Augusto dos Santos Volpatto e da outras provid\u00eancias"}, {"id": "6250", "ano": "2024", "numero": "97", "tipo__sigla": "POR", "tipo__descricao": "Portaria", "texto_integral": "http://sapl.sarandi.pr.leg.br/media/sapl/public/normajuridica/2024/6250/portaria_no_097-2024_sapl.pdf", "ementa": "Concede progress\u00e3o funcional por capacita\u00e7\u00e3o \u00e0 servidora D\u00e9bora Aparecida de Souza."}, {"id": "6249", "ano": "2024", "numero": "2158", "tipo__sigla": "DE", "tipo__descricao": "Decreto Executivo", "texto_integral": "http://sapl.sarandi.pr.leg.br/media/sapl/public/normajuridica/2024/6249/decreto_executivo_no_2158-2024.pdf", "ementa": "Abre Cr\u00e9dito Adicional Suplementar na forma que especifica."}, {"id": "6248", "ano": "2024", "numero": "2154", "tipo__sigla": "DE", "tipo__descricao": "Decreto Executivo", "texto_integral": "http://sapl.sarandi.pr.leg.br/media/sapl/public/normajuridica/2024/6248/decreto_executivo_no_2154-2024.pdf", "ementa": "Abre Cr\u00e9dito Adicional Suplementar na forma que especifica."}, {"id": "6247", "ano": "2024", "numero": "2153", "tipo__sigla": "DE", "tipo__descricao": "Decreto Executivo", "texto_integral": "http://sapl.sarandi.pr.leg.br/media/sapl/public/normajuridica/2024/6247/decreto_executivo_no_2153-2024.pdf", "ementa": "Abre Cr\u00e9dito Adicional Suplementar na forma que especifica."}, {"id": "6246", "ano": "2024", "numero": "2142", "tipo__sigla": "DE", "tipo__descricao": "Decreto Executivo", "texto_integral": "http://sapl.sarandi.pr.leg.br/media/sapl/public/normajuridica/2024/6246/decreto_executivo_no_2142-2024.pdf", "ementa": "Abre Cr\u00e9dito Adicional Suplementar na forma que especifica."}, {"id": "6245", "ano": "2024", "numero": "2141", "tipo__sigla": "DE", "tipo__descricao": "Decreto Executivo", "texto_integral": "http://sapl.sarandi.pr.leg.br/media/sapl/public/normajuridica/2024/6245/decreto_executivo_no_2141-2024.pdf", "ementa": "Abre Cr\u00e9dito Adicional Suplementar na forma que especifica."}, {"id": "6258", "ano": "2024", "numero": "2137", "tipo__sigla": "DE", "tipo__descricao": "Decreto Executivo", "texto_integral": "http://sapl.sarandi.pr.leg.br/media/sapl/public/normajuridica/2024/6258/decreto_executivo_no_2137-2024.pdf", "ementa": "Altera o valor do aporte de contribui\u00e7\u00e3o suplementar para o ano de 2024, conforme Avalia\u00e7\u00e3o Atuarial."}, {"id": "6244", "ano": "2024", "numero": "2136", "tipo__sigla": "DE", "tipo__descricao": "Decreto Executivo", "texto_integral": "http://sapl.sarandi.pr.leg.br/media/sapl/public/normajuridica/2024/6244/decreto_executivo_no_2136-2024.pdf", "ementa": "Abre Cr\u00e9dito Adicional Suplementar na forma que especifica"}, {"id": "6243", "ano": "2024", "numero": "2135", "tipo__sigla": "DE", "tipo__descricao": "Decreto Executivo", "texto_integral": "http://sapl.sarandi.pr.leg.br/media/sapl/public/normajuridica/2024/6243/decreto_executivo_no_2135-2024.pdf", "ementa": "Abre Cr\u00e9dito Adicional Suplementar na forma que especifica."}, {"id": "6242", "ano": "2024", "numero": "96", "tipo__sigla": "POR", "tipo__descricao": "Portaria", "texto_integral": "http://sapl.sarandi.pr.leg.br/media/sapl/public/normajuridica/2024/6242/portaria_no_096-2024_sapl.pdf", "ementa": "Concede progress\u00e3o funcional por desempenho a servidora Angela Alves de Almeida e da outras provid\u00eancias."}, {"id": "6240", "ano": "2024", "numero": "6", "tipo__sigla": "DL", "tipo__descricao": "Decreto Legislativo", "texto_integral": "http://sapl.sarandi.pr.leg.br/media/sapl/public/normajuridica/2024/6240/decreto_legislativo_no_006-2024_sapl_2.pdf", "ementa": "Disp\u00f5e sobre Aceita\u00e7\u00e3o do \u201cVETO N\u00ba 004/2024\u201d, TOTAL ao Projeto de Lei n\u00ba 3.466/2024, de Autoria do edil F\u00e1bio de Souza Silveira \u201cBalako\u201d, o qual Institui a \u201cHora do Sil\u00eancio\u201d em parques de eventos e de divers\u00f5es que contenham m\u00fasicas em benef\u00edcio das pessoas com diagn\u00f3stico de Transtorno do Espectro Autista (TEA) e suas fam\u00edlias no Munic\u00edpio de Sarandi e d\u00e1 outras provid\u00eancias."}, {"id": "6239", "ano": "2024", "numero": "2128", "tipo__sigla": "DE", "tipo__descricao": "Decreto Executivo", "texto_integral": "http://sapl.sarandi.pr.leg.br/media/sapl/public/normajuridica/2024/6239/decreto_executivo_no_2128-2024.pdf", "ementa": "Abre Cr\u00e9dito Adicional Suplementar na forma que especifica."}, {"id": "6235", "ano": "2024", "numero": "95", "tipo__sigla": "POR", "tipo__descricao": "Portaria", "texto_integral": "http://sapl.sarandi.pr.leg.br/media/sapl/public/normajuridica/2024/6235/portaria_no_095-2024_sapl.pdf", "ementa": "Prorrogar o prazo para conclus\u00e3o do Processo Administrativo Disciplinar."}, {"id": "6238", "ano": "2024", "numero": "2122", "tipo__sigla": "DE", "tipo__descricao": "Decreto Executivo", "texto_integral": "http://sapl.sarandi.pr.leg.br/media/sapl/public/normajuridica/2024/6238/decreto_executivo_no_2122-2024.pdf", "ementa": "Abre Cr\u00e9dito Adicional Suplementar na forma que especifica."}, {"id": "6234", "ano": "2024", "numero": "94", "tipo__sigla": "POR", "tipo__descricao": "Portaria", "texto_integral": "http://sapl.sarandi.pr.leg.br/media/sapl/public/normajuridica/2024/6234/portaria_no_094-2024_sapl.pdf", "ementa": "Designar servidor RENAN AUGUSTO DOSSANTOS VOLPATTO, para fiscaliza\u00e7\u00e3o de contrato e d\u00e1 outras provid\u00eancias."}, {"id": "6233", "ano": "2024", "numero": "93", "tipo__sigla": "POR", "tipo__descricao": "Portaria", "texto_integral": "http://sapl.sarandi.pr.leg.br/media/sapl/public/normajuridica/2024/6233/portaria_no_093-2024_sapl.pdf", "ementa": "Designar servidora ANGELA ALVES DEALMEIDA, para fiscaliza\u00e7\u00e3o de contrato e d\u00e1 outras provid\u00eancias."}, {"id": "6232", "ano": "2024", "numero": "92", "tipo__sigla": "POR", "tipo__descricao": "Portaria", "texto_integral": "http://sapl.sarandi.pr.leg.br/media/sapl/public/normajuridica/2024/6232/portaria_no_092-2024_sapl.pdf", "ementa": "Designar servidor LUCAS ATALIBA RANTIN DECARVALHO, para fiscaliza\u00e7\u00e3o de contrato e d\u00e1 outras provid\u00eancias."}, {"id": "6229", "ano": "2024", "numero": "2119", "tipo__sigla": "DE", "tipo__descricao": "Decreto Executivo", "texto_integral": "http://sapl.sarandi.pr.leg.br/media/sapl/public/normajuridica/2024/6229/decreto_executivo_no_2119-2024.pdf", "ementa": "Abre Cr\u00e9dito Adicional Suplementar na forma que especifica."}, {"id": "6230", "ano": "2024", "numero": "2118", "tipo__sigla": "DE", "tipo__descricao": "Decreto Executivo", "texto_integral": "http://sapl.sarandi.pr.leg.br/media/sapl/public/normajuridica/2024/6230/decreto_executivo_no_2118-2024.pdf", "ementa": "Abre Cr\u00e9dito Adicional Suplementar na forma que especifica."}, {"id": "6228", "ano": "2024", "numero": "2117", "tipo__sigla": "DE", "tipo__descricao": "Decreto Executivo", "texto_integral": "http://sapl.sarandi.pr.leg.br/media/sapl/public/normajuridica/2024/6228/decreto_executivo_no_2117-2024.pdf", "ementa": "Abre Cr\u00e9dito Adicional Suplementar na forma que especifica."}, {"id": "6231", "ano": "2024", "numero": "91", "tipo__sigla": "POR", "tipo__descricao": "Portaria", "texto_integral": "http://sapl.sarandi.pr.leg.br/media/sapl/public/normajuridica/2024/6231/portaria_no_091-2024_sapl.pdf", "ementa": "Nomeia membros da Equipe de Apoio no \u00e2mbito da C\u00e2mara Municipal de Sarandi e d\u00e1 outras provid\u00eancias."}, {"id": "6236", "ano": "2024", "numero": "3038", "tipo__sigla": "LEI", "tipo__descricao": "Lei Ordin\u00e1ria", "texto_integral": "http://sapl.sarandi.pr.leg.br/media/sapl/public/normajuridica/2024/6236/lei_no_3038-2024_sapl.pdf", "ementa": "Disp\u00f5e sobre especifica\u00e7\u00f5es dos lotes doados ao Fundo de Arrendamento Residencial (FAR) na Lei Ordin\u00e1ria n\u00ba 2.996, de 27 de dezembro de 2023."}, {"id": "6225", "ano": "2024", "numero": "2116", "tipo__sigla": "DE", "tipo__descricao": "Decreto Executivo", "texto_integral": "http://sapl.sarandi.pr.leg.br/media/sapl/public/normajuridica/2024/6225/decreto_executivo_no_2116-2024.pdf", "ementa": "Abre Cr\u00e9dito Adicional Suplementar na forma que especifica."}, {"id": "6237", "ano": "2024", "numero": "467", "tipo__sigla": "LC", "tipo__descricao": "Lei Complementar", "texto_integral": "http://sapl.sarandi.pr.leg.br/media/sapl/public/normajuridica/2024/6237/lei_complementar_no_467-2024sapl.pdf", "ementa": "Altera a Lei Complementar n\u00ba 10, de 27 de dezembro de 1992 \u2013 Estatuto dos Servidores do Munic\u00edpio de Sarandi, e d\u00e1 outras provid\u00eancias."}, {"id": "6227", "ano": "2024", "numero": "90", "tipo__sigla": "POR", "tipo__descricao": "Portaria", "texto_integral": "http://sapl.sarandi.pr.leg.br/media/sapl/public/normajuridica/2024/6227/portaria_no_090-2024_sapl.pdf", "ementa": "Concede progress\u00e3o funcional por capacita\u00e7\u00e3o \u00e0 servidora Angela Alves de Almeida da outras provid\u00eancias."}, {"id": "6223", "ano": "2024", "numero": "5", "tipo__sigla": "DL", "tipo__descricao": "Decreto Legislativo", "texto_integral": "http://sapl.sarandi.pr.leg.br/media/sapl/public/normajuridica/2024/6223/decreto_legislativo_no_005-2024_sapl.pdf", "ementa": "Aprova as contas do munic\u00edpio de Sarandi, relativas ao exerc\u00edcio financeiro de 2022."}, {"id": "6224", "ano": "2024", "numero": "2113", "tipo__sigla": "DE", "tipo__descricao": "Decreto Executivo", "texto_integral": "http://sapl.sarandi.pr.leg.br/media/sapl/public/normajuridica/2024/6224/decreto_executivo_no_2113-2024.pdf", "ementa": "Abre Cr\u00e9dito Adicional Suplementar na forma que especifica."}, {"id": "6226", "ano": "2024", "numero": "2112", "tipo__sigla": "DE", "tipo__descricao": "Decreto Executivo", "texto_integral": "http://sapl.sarandi.pr.leg.br/media/sapl/public/normajuridica/2024/6226/decreto_executivo_no_2112-2024.pdf", "ementa": "Abre Cr\u00e9dito Adicional Suplementar na forma que especifica"}, {"id": "6222", "ano": "2024", "numero": "2111", "tipo__sigla": "DE", "tipo__descricao": "Decreto Executivo", "texto_integral": "http://sapl.sarandi.pr.leg.br/media/sapl/public/normajuridica/2024/6222/decreto_executivo_no_2111-2024.pdf", "ementa": "Abre Cr\u00e9dito Adicional Suplementar na forma que especifica."}, {"id": "6221", "ano": "2024", "numero": "2110", "tipo__sigla": "DE", "tipo__descricao": "Decreto Executivo", "texto_integral": "http://sapl.sarandi.pr.leg.br/media/sapl/public/normajuridica/2024/6221/decreto_executivo_no_2110-2024.pdf", "ementa": "Abre Cr\u00e9dito Adicional Suplementar na forma que especifica."}, {"id": "6220", "ano": "2024", "numero": "2107", "tipo__sigla": "DE", "tipo__descricao": "Decreto Executivo", "texto_integral": "http://sapl.sarandi.pr.leg.br/media/sapl/public/normajuridica/2024/6220/decreto_executivo_no_2107-2024.pdf", "ementa": "Abre Cr\u00e9dito Adicional Suplementar na forma que especifica."}, {"id": "6219", "ano": "2024", "numero": "2106", "tipo__sigla": "DE", "tipo__descricao": "Decreto Executivo", "texto_integral": "http://sapl.sarandi.pr.leg.br/media/sapl/public/normajuridica/2024/6219/decreto_executivo_no_2106-2024.pdf", "ementa": "Abre Cr\u00e9dito Adicional Suplementar na forma que especifica."}, {"id": "6218", "ano": "2024", "numero": "89", "tipo__sigla": "POR", "tipo__descricao": "Portaria", "texto_integral": "http://sapl.sarandi.pr.leg.br/media/sapl/public/normajuridica/2024/6218/portaria_no_089-2024_sapl.pdf", "ementa": "Finaliza o Processo Administrativo Disciplinar e da outras provid\u00eancias."}, {"id": "6217", "ano": "2024", "numero": "2100", "tipo__sigla": "DE", "tipo__descricao": "Decreto Executivo", "texto_integral": "http://sapl.sarandi.pr.leg.br/media/sapl/public/normajuridica/2024/6217/decreto_executivo_no_2100-2024.pdf", "ementa": "Declara de utilidade p\u00fablica para fins de interven\u00e7\u00e3o em APP - \u00c1rea de Preserva\u00e7\u00e3o Permanente, destinado a instala\u00e7\u00e3o de dispositivo dissipador e energia de \u00e1guas pluviais."}, {"id": "6216", "ano": "2024", "numero": "2098", "tipo__sigla": "DE", "tipo__descricao": "Decreto Executivo", "texto_integral": "http://sapl.sarandi.pr.leg.br/media/sapl/public/normajuridica/2024/6216/decreto_executivo_no_2098-2024.pdf", "ementa": "Abre Cr\u00e9dito Adicional Suplementar na forma que especifica."}, {"id": "6214", "ano": "2024", "numero": "88", "tipo__sigla": "POR", "tipo__descricao": "Portaria", "texto_integral": "http://sapl.sarandi.pr.leg.br/media/sapl/public/normajuridica/2024/6214/portaria_no_088-2024_sapl.pdf", "ementa": "Concede progress\u00e3o funcional por capacita\u00e7\u00e3o ao servidor Renan Augusto dos Santos Volpatto."}, {"id": "6215", "ano": "2024", "numero": "87", "tipo__sigla": "POR", "tipo__descricao": "Portaria", "texto_integral": "http://sapl.sarandi.pr.leg.br/media/sapl/public/normajuridica/2024/6215/portaria_no_087-2024_sapl.pdf", "ementa": "Designar servidora THAIS SABINO JANUNZZI, para fiscaliza\u00e7\u00e3o de contrato e d\u00e1 outras provid\u00eancias."}, {"id": "6213", "ano": "2024", "numero": "2092", "tipo__sigla": "DE", "tipo__descricao": "Decreto Executivo", "texto_integral": "http://sapl.sarandi.pr.leg.br/media/sapl/public/normajuridica/2024/6213/decreto_executivo_no_2092-2024.pdf", "ementa": "Abre Cr\u00e9dito Adicional Suplementar na forma que especifica."}, {"id": "6212", "ano": "2024", "numero": "86", "tipo__sigla": "POR", "tipo__descricao": "Portaria", "texto_integral": "http://sapl.sarandi.pr.leg.br/media/sapl/public/normajuridica/2024/6212/portaria_no_086-2024_sapl.pdf", "ementa": "Designar servidor LUCAS ATALIBA RANTIN DE CARVALHO, para fiscaliza\u00e7\u00e3o de contrato e d\u00e1 outras provid\u00eancias."}, {"id": "6210", "ano": "2024", "numero": "2084", "tipo__sigla": "DE", "tipo__descricao": "Decreto Executivo", "texto_integral": "http://sapl.sarandi.pr.leg.br/media/sapl/public/normajuridica/2024/6210/decreto_executivo_no_2084-2024.pdf", "ementa": "Abre Cr\u00e9dito Adicional Suplementar na forma que especifica."}, {"id": "6211", "ano": "2024", "numero": "2083", "tipo__sigla": "DE", "tipo__descricao": "Decreto Executivo", "texto_integral": "http://sapl.sarandi.pr.leg.br/media/sapl/public/normajuridica/2024/6211/decreto_executivo_no_2083-2024.pdf", "ementa": "Abre Cr\u00e9dito Adicional Suplementar na forma que especifica."}, {"id": "6201", "ano": "2024", "numero": "2077", "tipo__sigla": "DE", "tipo__descricao": "Decreto Executivo", "texto_integral": "http://sapl.sarandi.pr.leg.br/media/sapl/public/normajuridica/2024/6201/decreto_executivo_no_2077-2024.pdf", "ementa": "Abre Cr\u00e9dito Adicional Suplementar na forma que especifica."}, {"id": "6209", "ano": "2024", "numero": "2076", "tipo__sigla": "DE", "tipo__descricao": "Decreto Executivo", "texto_integral": "http://sapl.sarandi.pr.leg.br/media/sapl/public/normajuridica/2024/6209/decreto_executivo_no_2076-2024.pdf", "ementa": "Abre Cr\u00e9dito Adicional Suplementar na forma que especifica."}, {"id": "6208", "ano": "2024", "numero": "2075", "tipo__sigla": "DE", "tipo__descricao": "Decreto Executivo", "texto_integral": "http://sapl.sarandi.pr.leg.br/media/sapl/public/normajuridica/2024/6208/decreto_executivo_no_2075-2024.pdf", "ementa": "Abre Cr\u00e9dito Adicional Suplementar na forma que especifica."}, {"id": "6207", "ano": "2024", "numero": "2074", "tipo__sigla": "DE", "tipo__descricao": "Decreto Executivo", "texto_integral": "http://sapl.sarandi.pr.leg.br/media/sapl/public/normajuridica/2024/6207/decreto_executivo_no_2074-2024.pdf", "ementa": "Abre Cr\u00e9dito Adicional Suplementar na forma que especifica."}, {"id": "6198", "ano": "2024", "numero": "3037", "tipo__sigla": "LEI", "tipo__descricao": "Lei Ordin\u00e1ria", "texto_integral": "http://sapl.sarandi.pr.leg.br/media/sapl/public/normajuridica/2024/6198/lei_no_3037-2024_sapl.pdf", "ementa": "Disp\u00f5e sobre as Diretrizes para a elabora\u00e7\u00e3o e execu\u00e7\u00e3o da Lei Or\u00e7ament\u00e1ria para o exerc\u00edcio de 2025 e d\u00e1 outras provid\u00eancias."}, {"id": "6197", "ano": "2024", "numero": "3036", "tipo__sigla": "LEI", "tipo__descricao": "Lei Ordin\u00e1ria", "texto_integral": "http://sapl.sarandi.pr.leg.br/media/sapl/public/normajuridica/2024/6197/lei_no_3036-2024_sapl.pdf", "ementa": "Disp\u00f5e sobre a altera\u00e7\u00e3o dos Anexos do PPA-Plano Plurianual do Munic\u00edpio de Sarandi do quadri\u00eanio 2022 a 2025, na forma que especifica."}, {"id": "6202", "ano": "2024", "numero": "2073", "tipo__sigla": "DE", "tipo__descricao": "Decreto Executivo", "texto_integral": "http://sapl.sarandi.pr.leg.br/media/sapl/public/normajuridica/2024/6202/decreto_executivo_no_2073-2024.pdf", "ementa": "Abre Cr\u00e9dito Adicional Suplementar na forma que especifica."}, {"id": "6206", "ano": "2024", "numero": "2072", "tipo__sigla": "DE", "tipo__descricao": "Decreto Executivo", "texto_integral": "http://sapl.sarandi.pr.leg.br/media/sapl/public/normajuridica/2024/6206/decreto_executivo_no_2072-2024.pdf", "ementa": "Abre Cr\u00e9dito Adicional Suplementar na forma que especifica."}, {"id": "6205", "ano": "2024", "numero": "2071", "tipo__sigla": "DE", "tipo__descricao": "Decreto Executivo", "texto_integral": "http://sapl.sarandi.pr.leg.br/media/sapl/public/normajuridica/2024/6205/decreto_executivo_no_2071-2024.pdf", "ementa": "Abre Cr\u00e9dito Adicional Suplementar na forma que especifica."}, {"id": "6199", "ano": "2024", "numero": "85", "tipo__sigla": "POR", "tipo__descricao": "Portaria", "texto_integral": "http://sapl.sarandi.pr.leg.br/media/sapl/public/normajuridica/2024/6199/portaria_no_085-2024_sapl.pdf", "ementa": "Designar servidor RENAN AUGUSTO DOS SANTOS VOLPATTO, para fiscaliza\u00e7\u00e3o de contrato e d\u00e1 outras provid\u00eancias."}, {"id": "6204", "ano": "2024", "numero": "2063", "tipo__sigla": "DE", "tipo__descricao": "Decreto Executivo", "texto_integral": "http://sapl.sarandi.pr.leg.br/media/sapl/public/normajuridica/2024/6204/decreto_executivo_no_2063-2024.pdf", "ementa": "Abre Cr\u00e9dito Adicional Suplementar na forma que especifica."}, {"id": "6203", "ano": "2024", "numero": "2062", "tipo__sigla": "DE", "tipo__descricao": "Decreto Executivo", "texto_integral": "http://sapl.sarandi.pr.leg.br/media/sapl/public/normajuridica/2024/6203/decreto_executivo_no_2062-2024.pdf", "ementa": "Abre Cr\u00e9dito Adicional Suplementar na forma que especifica."}, {"id": "6200", "ano": "2024", "numero": "2060", "tipo__sigla": "DE", "tipo__descricao": "Decreto Executivo", "texto_integral": "http://sapl.sarandi.pr.leg.br/media/sapl/public/normajuridica/2024/6200/decreto_executivo_no_2060-2024.pdf", "ementa": "Abre Cr\u00e9dito Adicional Suplementar na forma que especifica."}, {"id": "6196", "ano": "2024", "numero": "2051", "tipo__sigla": "DE", "tipo__descricao": "Decreto Executivo", "texto_integral": "http://sapl.sarandi.pr.leg.br/media/sapl/public/normajuridica/2024/6196/decreto_executivo_no_2051-2024.pdf", "ementa": "Abre Cr\u00e9dito Adicional Suplementar na forma que especifica."}, {"id": "6195", "ano": "2024", "numero": "2049", "tipo__sigla": "DE", "tipo__descricao": "Decreto Executivo", "texto_integral": "http://sapl.sarandi.pr.leg.br/media/sapl/public/normajuridica/2024/6195/decreto_executivo_no_2049-2024.pdf", "ementa": "Abre Cr\u00e9dito Adicional Suplementar na forma que especifica."}, {"id": "6193", "ano": "2024", "numero": "84", "tipo__sigla": "POR", "tipo__descricao": "Portaria", "texto_integral": "http://sapl.sarandi.pr.leg.br/media/sapl/public/normajuridica/2024/6193/portaria_no_084-2024_sapl.pdf", "ementa": "Designar servidor LUCAS ATALIBA RANTIN DE CARVALHO, para fiscaliza\u00e7\u00e3o de contrato e d\u00e1 outras provid\u00eancias."}, {"id": "6191", "ano": "2024", "numero": "83", "tipo__sigla": "POR", "tipo__descricao": "Portaria", "texto_integral": "http://sapl.sarandi.pr.leg.br/media/sapl/public/normajuridica/2024/6191/portaria_no_083-2024_sapl.pdf", "ementa": "Nomeia membros da Equipe de Apoio no \u00e2mbito da C\u00e2mara Municipal de Sarandi e d\u00e1 outras provid\u00eancias."}, {"id": "6190", "ano": "2024", "numero": "82", "tipo__sigla": "POR", "tipo__descricao": "Portaria", "texto_integral": "http://sapl.sarandi.pr.leg.br/media/sapl/public/normajuridica/2024/6190/portaria_no_082-2024_sapl.pdf", "ementa": "Nomeia Rafael Marri Cecilio para o cargo de Assessor Legislativo e d\u00e1 outras provid\u00eancias"}, {"id": "6189", "ano": "2024", "numero": "81", "tipo__sigla": "POR", "tipo__descricao": "Portaria", "texto_integral": "http://sapl.sarandi.pr.leg.br/media/sapl/public/normajuridica/2024/6189/portaria_no_081-2024_sapl.pdf", "ementa": "Concede progress\u00e3o funcional por capacita\u00e7\u00e3o \u00e0 servidora D\u00e9bora Aparecida de Souza."}, {"id": "6192", "ano": "2024", "numero": "3035", "tipo__sigla": "LEI", "tipo__descricao": "Lei Ordin\u00e1ria", "texto_integral": "http://sapl.sarandi.pr.leg.br/media/sapl/public/normajuridica/2024/6192/lei_no_3035-2024_sapl.pdf", "ementa": "Disp\u00f5e sobre denomina\u00e7\u00e3o ao Centro Municipal de Educa\u00e7\u00e3o Infantil \u2013 CMEI, situado na Rua Alcides Nunes Ita Jorente, s/n, Jardim Ouro Verde II, desta cidade, na forma que especifica. \u201cCMEI Professora Maria do Carmo\u201d."}, {"id": "6181", "ano": "2024", "numero": "3034", "tipo__sigla": "LEI", "tipo__descricao": "Lei Ordin\u00e1ria", "texto_integral": "http://sapl.sarandi.pr.leg.br/media/sapl/public/normajuridica/2024/6181/lei_no_3034-2024_sapl.pdf", "ementa": "Altera a Lei n\u00ba 2.509/2019, de 07 de outubro de 2019, na forma que especifica."}, {"id": "6180", "ano": "2024", "numero": "3033", "tipo__sigla": "LEI", "tipo__descricao": "Lei Ordin\u00e1ria", "texto_integral": "http://sapl.sarandi.pr.leg.br/media/sapl/public/normajuridica/2024/6180/lei_no_3033-2024_sapl.pdf", "ementa": "Cria a C\u00e2mara Municipal Intersetorial de Seguran\u00e7a Alimentar e Nutricional \u2013 CAISAN."}, {"id": "6186", "ano": "2024", "numero": "2045", "tipo__sigla": "DE", "tipo__descricao": "Decreto Executivo", "texto_integral": "http://sapl.sarandi.pr.leg.br/media/sapl/public/normajuridica/2024/6186/decreto_executivo_no_2045-2024.pdf", "ementa": "Abre Cr\u00e9dito Adicional Suplementar na forma que especifica."}, {"id": "6188", "ano": "2024", "numero": "80", "tipo__sigla": "POR", "tipo__descricao": "Portaria", "texto_integral": "http://sapl.sarandi.pr.leg.br/media/sapl/public/normajuridica/2024/6188/portaria_no_080-2024_sapl.pdf", "ementa": "Concede teletrabalho \u00e0 servidora Camila de Souza Bueno dos Santos."}, {"id": "6187", "ano": "2024", "numero": "79", "tipo__sigla": "POR", "tipo__descricao": "Portaria", "texto_integral": "http://sapl.sarandi.pr.leg.br/media/sapl/public/normajuridica/2024/6187/portaria_no_079-2024_sapl.pdf", "ementa": "Nomeia Presidente e Coordenador e membros do Conselho Consultivo da Escola do Legislativo no \u00e2mbito da C\u00e2mara Municipal de Sarandi."}, {"id": "6185", "ano": "2024", "numero": "2044", "tipo__sigla": "DE", "tipo__descricao": "Decreto Executivo", "texto_integral": "http://sapl.sarandi.pr.leg.br/media/sapl/public/normajuridica/2024/6185/decreto_executivo_no_2044-2024.pdf", "ementa": "Abre Cr\u00e9dito Adicional Suplementar na forma que especifica."}, {"id": "6184", "ano": "2024", "numero": "2043", "tipo__sigla": "DE", "tipo__descricao": "Decreto Executivo", "texto_integral": "http://sapl.sarandi.pr.leg.br/media/sapl/public/normajuridica/2024/6184/decreto_executivo_no_2043-2024.pdf", "ementa": "Abre Cr\u00e9dito Adicional Suplementar na forma que especifica."}, {"id": "6183", "ano": "2024", "numero": "2039", "tipo__sigla": "DE", "tipo__descricao": "Decreto Executivo", "texto_integral": "http://sapl.sarandi.pr.leg.br/media/sapl/public/normajuridica/2024/6183/decreto_executivo_no_2039-2024.pdf", "ementa": "Abre Cr\u00e9dito Adicional Suplementar na forma que especifica."}, {"id": "6178", "ano": "2024", "numero": "78", "tipo__sigla": "POR", "tipo__descricao": "Portaria", "texto_integral": "http://sapl.sarandi.pr.leg.br/media/sapl/public/normajuridica/2024/6178/portaria_no_078-2024_sapl.pdf", "ementa": "Nomeia Maycon Alan Luizon para o cargo de Assessor Legislativo e d\u00e1 outras provid\u00eancias."}, {"id": "6177", "ano": "2024", "numero": "77", "tipo__sigla": "POR", "tipo__descricao": "Portaria", "texto_integral": "http://sapl.sarandi.pr.leg.br/media/sapl/public/normajuridica/2024/6177/portaria_no_077-2024_sapl.pdf", "ementa": "Exonera o servidor Anderson Ferreira Pompeu e d\u00e1 outras provid\u00eancias."}, {"id": "6176", "ano": "2024", "numero": "76", "tipo__sigla": "POR", "tipo__descricao": "Portaria", "texto_integral": "http://sapl.sarandi.pr.leg.br/media/sapl/public/normajuridica/2024/6176/portaria_no_076-2024_sapl.pdf", "ementa": "Exonera o servidor Maycon Alan Luizon e d\u00e1 outras providencias."}, {"id": "6182", "ano": "2024", "numero": "2029", "tipo__sigla": "DE", "tipo__descricao": "Decreto Executivo", "texto_integral": "http://sapl.sarandi.pr.leg.br/media/sapl/public/normajuridica/2024/6182/decreto_executivo_no_2029-2024.pdf", "ementa": "Abre Cr\u00e9dito Adicional Suplementar na forma que especifica"}, {"id": "6179", "ano": "2024", "numero": "75", "tipo__sigla": "POR", "tipo__descricao": "Portaria", "texto_integral": "http://sapl.sarandi.pr.leg.br/media/sapl/public/normajuridica/2024/6179/portaria_no_075-2024_sapl.pdf", "ementa": "Designar servidor LUCAS ATALIBA RANTIN DE CARVALHO, para fiscaliza\u00e7\u00e3o de contrato e d\u00e1 outras provid\u00eancias."}, {"id": "6175", "ano": "2024", "numero": "2019", "tipo__sigla": "DE", "tipo__descricao": "Decreto Executivo", "texto_integral": "http://sapl.sarandi.pr.leg.br/media/sapl/public/normajuridica/2024/6175/decreto_executivo_no_2019-2024.pdf", "ementa": "Abre Cr\u00e9dito Adicional Suplementar na forma que especifica"}, {"id": "6171", "ano": "2024", "numero": "466", "tipo__sigla": "LC", "tipo__descricao": "Lei Complementar", "texto_integral": "http://sapl.sarandi.pr.leg.br/media/sapl/public/normajuridica/2024/6171/lei_complementar_no_466-2024_sapl.pdf", "ementa": "Altera a Lei Complementar n\u00ba 413, de 06 de junho de 2022 e d\u00e1 outras provid\u00eancias."}, {"id": "6174", "ano": "2024", "numero": "74", "tipo__sigla": "POR", "tipo__descricao": "Portaria", "texto_integral": "http://sapl.sarandi.pr.leg.br/media/sapl/public/normajuridica/2024/6174/portaria_no_074-2024_sapl.pdf", "ementa": "Concede progress\u00e3o funcional por capacita\u00e7\u00e3o ao servidor Jo\u00e3o Roberto dos Santos Lopes."}, {"id": "6173", "ano": "2024", "numero": "73", "tipo__sigla": "POR", "tipo__descricao": "Portaria", "texto_integral": "http://sapl.sarandi.pr.leg.br/media/sapl/public/normajuridica/2024/6173/portaria_no_073-2024_sapl.pdf", "ementa": "Concede progress\u00e3o funcional por capacita\u00e7\u00e3o ao servidor Lucas Ataliba Rantin de Carvalho."}, {"id": "6166", "ano": "2024", "numero": "2017", "tipo__sigla": "DE", "tipo__descricao": "Decreto Executivo", "texto_integral": "http://sapl.sarandi.pr.leg.br/media/sapl/public/normajuridica/2024/6166/decreto_executivo_no_2017-2024.pdf", "ementa": "Abre Cr\u00e9dito Adicional Suplementar na forma que especifica."}, {"id": "6167", "ano": "2024", "numero": "2016", "tipo__sigla": "DE", "tipo__descricao": "Decreto Executivo", "texto_integral": "http://sapl.sarandi.pr.leg.br/media/sapl/public/normajuridica/2024/6167/decreto_executivo_no_2016-2024.pdf", "ementa": "Abre Cr\u00e9dito Adicional Especial na forma que especifica."}, {"id": "6172", "ano": "2024", "numero": "72", "tipo__sigla": "POR", "tipo__descricao": "Portaria", "texto_integral": "http://sapl.sarandi.pr.leg.br/media/sapl/public/normajuridica/2024/6172/portaria_no_072-2024_sapl.pdf", "ementa": "Disp\u00f5e sobre normas para publica\u00e7\u00e3o no site e nas redes sociais da C\u00e2mara Municipal de Sarandi e d\u00e1 outras provid\u00eancias."}, {"id": "6165", "ano": "2024", "numero": "2014", "tipo__sigla": "DE", "tipo__descricao": "Decreto Executivo", "texto_integral": "http://sapl.sarandi.pr.leg.br/media/sapl/public/normajuridica/2024/6165/decreto_executivo_no_2014-2024.pdf", "ementa": "Abre Cr\u00e9dito Adicional Suplementar na forma que especifica."}, {"id": "6164", "ano": "2024", "numero": "2013", "tipo__sigla": "DE", "tipo__descricao": "Decreto Executivo", "texto_integral": "http://sapl.sarandi.pr.leg.br/media/sapl/public/normajuridica/2024/6164/decreto_executivo_no_2013-2024.pdf", "ementa": "Abre Cr\u00e9dito Adicional Especial na forma que especifica."}, {"id": "6152", "ano": "2024", "numero": "3032", "tipo__sigla": "LEI", "tipo__descricao": "Lei Ordin\u00e1ria", "texto_integral": "http://sapl.sarandi.pr.leg.br/media/sapl/public/normajuridica/2024/6152/lei_no_3032-2024_sapl.pdf", "ementa": "Autoriza o Poder Executivo Municipal a abrir Cr\u00e9dito Adicional Especial, na forma que especifica."}, {"id": "6162", "ano": "2024", "numero": "2011", "tipo__sigla": "DE", "tipo__descricao": "Decreto Executivo", "texto_integral": "http://sapl.sarandi.pr.leg.br/media/sapl/public/normajuridica/2024/6162/decreto_executivo_no_2011-2024.pdf", "ementa": "Abre Cr\u00e9dito Adicional Suplementar na forma que especifica."}, {"id": "6161", "ano": "2024", "numero": "2010", "tipo__sigla": "DE", "tipo__descricao": "Decreto Executivo", "texto_integral": "http://sapl.sarandi.pr.leg.br/media/sapl/public/normajuridica/2024/6161/decreto_executivo_no_2010-2024.pdf", "ementa": "Abre Cr\u00e9dito Adicional Suplementar na forma que especifica."}, {"id": "6170", "ano": "2024", "numero": "465", "tipo__sigla": "LC", "tipo__descricao": "Lei Complementar", "texto_integral": "http://sapl.sarandi.pr.leg.br/media/sapl/public/normajuridica/2024/6170/lei_complementar_no_465-2024_sapl.pdf", "ementa": "Altera a Lei Complementar n\u00ba 412, de 06 de junho de 2022 e d\u00e1 outras provid\u00eancias."}, {"id": "6169", "ano": "2024", "numero": "464", "tipo__sigla": "LC", "tipo__descricao": "Lei Complementar", "texto_integral": "http://sapl.sarandi.pr.leg.br/media/sapl/public/normajuridica/2024/6169/lei_complementar_no_464-2024_sapl.pdf", "ementa": "Altera a Lei Complementar n\u00ba 411, de 06 de junho de 2022, na forma que especifica."}, {"id": "6168", "ano": "2024", "numero": "463", "tipo__sigla": "LC", "tipo__descricao": "Lei Complementar", "texto_integral": "http://sapl.sarandi.pr.leg.br/media/sapl/public/normajuridica/2024/6168/lei_complementar_no_463-2024_sapl.pdf", "ementa": "Altera a Lei Complementar n\u00ba 410, de 06 de junho de 2022 e d\u00e1 outras provid\u00eancias."}, {"id": "6160", "ano": "2024", "numero": "2009", "tipo__sigla": "DE", "tipo__descricao": "Decreto Executivo", "texto_integral": "http://sapl.sarandi.pr.leg.br/media/sapl/public/normajuridica/2024/6160/decreto_executivo_no_2009-2024.pdf", "ementa": "Abre Cr\u00e9dito Adicional Suplementar na forma que especifica."}, {"id": "6151", "ano": "2024", "numero": "71", "tipo__sigla": "POR", "tipo__descricao": "Portaria", "texto_integral": "http://sapl.sarandi.pr.leg.br/media/sapl/public/normajuridica/2024/6151/portaria_no_071-2024_sapl.pdf", "ementa": "Constituir Processo Administrativo Disciplinar e nomear comiss\u00e3o para conduzir o rito e d\u00e1 outras providencias."}, {"id": "6159", "ano": "2024", "numero": "2008", "tipo__sigla": "DE", "tipo__descricao": "Decreto Executivo", "texto_integral": "http://sapl.sarandi.pr.leg.br/media/sapl/public/normajuridica/2024/6159/decreto_executivo_no_2008-2024.pdf", "ementa": "Institui no \u00e2mbito municipal os Sistemas Gerenciadores do Governo Federal, Estadual e Portal da Transpar\u00eancia."}, {"id": "6146", "ano": "2024", "numero": "4", "tipo__sigla": "ATM", "tipo__descricao": "Ato da Mesa", "texto_integral": "http://sapl.sarandi.pr.leg.br/media/sapl/public/normajuridica/2024/6146/ato_da_mesa_no_004-2024_sapl.pdf", "ementa": "Regulamenta os procedimentos para a transfer\u00eancia de documentos ao Setor de Arquivo Geral da C\u00e2mara Municipal de Sarandi e d\u00e1 outras provid\u00eancias."}, {"id": "6163", "ano": "2024", "numero": "2", "tipo__sigla": "IN", "tipo__descricao": "Instru\u00e7\u00e3o Normativa", "texto_integral": "http://sapl.sarandi.pr.leg.br/media/sapl/public/normajuridica/2024/6163/instrucao_normativa_no_002-2024_sapl.pdf", "ementa": "Regulamenta a veicula\u00e7\u00e3o de propaganda eleitoral no \u00e2mbito do Poder Legislativo Municipal e d\u00e1 outras provid\u00eancias."}, {"id": "6158", "ano": "2024", "numero": "2007", "tipo__sigla": "DE", "tipo__descricao": "Decreto Executivo", "texto_integral": "http://sapl.sarandi.pr.leg.br/media/sapl/public/normajuridica/2024/6158/decreto_executivo_no_2007-2024.pdf", "ementa": "Abre Cr\u00e9dito Adicional Suplementar na forma que especifica."}, {"id": "6157", "ano": "2024", "numero": "2006", "tipo__sigla": "DE", "tipo__descricao": "Decreto Executivo", "texto_integral": "http://sapl.sarandi.pr.leg.br/media/sapl/public/normajuridica/2024/6157/decreto_executivo_no_2006-2024.pdf", "ementa": "Abre Cr\u00e9dito Adicional Suplementar na forma que especifica."}, {"id": "6156", "ano": "2024", "numero": "2005", "tipo__sigla": "DE", "tipo__descricao": "Decreto Executivo", "texto_integral": "http://sapl.sarandi.pr.leg.br/media/sapl/public/normajuridica/2024/6156/decreto_executivo_no_2005-2024.pdf", "ementa": "Abre Cr\u00e9dito Adicional Suplementar na forma que especifica."}, {"id": "6145", "ano": "2024", "numero": "70", "tipo__sigla": "POR", "tipo__descricao": "Portaria", "texto_integral": "http://sapl.sarandi.pr.leg.br/media/sapl/public/normajuridica/2024/6145/portaria_no_070-2024_sapl.pdf", "ementa": "Designar servidor LUCAS ATALIBA RANTIN DE CARVALHO, para fiscaliza\u00e7\u00e3o de contrato e d\u00e1 outras provid\u00eancias."}, {"id": "6155", "ano": "2024", "numero": "2004", "tipo__sigla": "DE", "tipo__descricao": "Decreto Executivo", "texto_integral": "http://sapl.sarandi.pr.leg.br/media/sapl/public/normajuridica/2024/6155/decreto_executivo_no_2004-2024.pdf", "ementa": "Abre Cr\u00e9dito Adicional Suplementar na forma que especifica."}, {"id": "6150", "ano": "2024", "numero": "2003", "tipo__sigla": "DE", "tipo__descricao": "Decreto Executivo", "texto_integral": "http://sapl.sarandi.pr.leg.br/media/sapl/public/normajuridica/2024/6150/decreto_executivo_no_2003.2024.pdf", "ementa": "Abre Cr\u00e9dito Adicional Suplementar na forma que especifica."}, {"id": "6154", "ano": "2024", "numero": "2002", "tipo__sigla": "DE", "tipo__descricao": "Decreto Executivo", "texto_integral": "http://sapl.sarandi.pr.leg.br/media/sapl/public/normajuridica/2024/6154/decreto_executivo_no_2002-2024.pdf", "ementa": "Abre Cr\u00e9dito Adicional Suplementar na forma que especifica."}, {"id": "6153", "ano": "2024", "numero": "2001", "tipo__sigla": "DE", "tipo__descricao": "Decreto Executivo", "texto_integral": "http://sapl.sarandi.pr.leg.br/media/sapl/public/normajuridica/2024/6153/decreto_executivo_no_2001-2024.pdf", "ementa": "Disp\u00f5e sobre a implanta\u00e7\u00e3o dos procedimentos interno no Sistema Eletr\u00f4nico de Informa\u00e7\u00f5es (SEI) no Munic\u00edpio de Sarandi, de acordo com Decreto n\u00ba 1976/2024."}, {"id": "6149", "ano": "2024", "numero": "2000", "tipo__sigla": "DE", "tipo__descricao": "Decreto Executivo", "texto_integral": "http://sapl.sarandi.pr.leg.br/media/sapl/public/normajuridica/2024/6149/decreto_executivo_no_2000.2024.pdf", "ementa": "Abre Cr\u00e9dito Adicional Suplementar na forma que especifica."}, {"id": "6148", "ano": "2024", "numero": "1999", "tipo__sigla": "DE", "tipo__descricao": "Decreto Executivo", "texto_integral": "http://sapl.sarandi.pr.leg.br/media/sapl/public/normajuridica/2024/6148/decreto_executivo_no_1999.2024.pdf", "ementa": "Abre Cr\u00e9dito Adicional Suplementar na forma que especifica."}, {"id": "6147", "ano": "2024", "numero": "1998", "tipo__sigla": "DE", "tipo__descricao": "Decreto Executivo", "texto_integral": "http://sapl.sarandi.pr.leg.br/media/sapl/public/normajuridica/2024/6147/decreto_executivo_no_1998.2024.pdf", "ementa": "Abre Cr\u00e9dito Adicional Suplementar na forma que especifica."}, {"id": "6141", "ano": "2024", "numero": "3031", "tipo__sigla": "LEI", "tipo__descricao": "Lei Ordin\u00e1ria", "texto_integral": "http://sapl.sarandi.pr.leg.br/media/sapl/public/normajuridica/2024/6141/lei_no_3031-2024_sapl.pdf", "ementa": "Autoriza a concess\u00e3o anual de certificados para os participantes do Programa Vereador Mirim da C\u00e2mara Municipal de Sarandi, na forma que especifica."}, {"id": "6140", "ano": "2024", "numero": "3030", "tipo__sigla": "LEI", "tipo__descricao": "Lei Ordin\u00e1ria", "texto_integral": "http://sapl.sarandi.pr.leg.br/media/sapl/public/normajuridica/2024/6140/lei_no_3030-2024_sapl.pdf", "ementa": "Autoriza o munic\u00edpio de Sarandi-PR atrav\u00e9s do chefe do Poder Executivo municipal a outorgar permuta de im\u00f3vel do patrim\u00f4nio p\u00fablico municipal por im\u00f3vel particular, na forma como especifica."}, {"id": "6144", "ano": "2024", "numero": "1994", "tipo__sigla": "DE", "tipo__descricao": "Decreto Executivo", "texto_integral": "http://sapl.sarandi.pr.leg.br/media/sapl/public/normajuridica/2024/6144/decreto_executivo_no_1994-2024.pdf", "ementa": "Abre Cr\u00e9dito Adicional Suplementar na forma que especifica."}, {"id": "6143", "ano": "2024", "numero": "1993", "tipo__sigla": "DE", "tipo__descricao": "Decreto Executivo", "texto_integral": "http://sapl.sarandi.pr.leg.br/media/sapl/public/normajuridica/2024/6143/decreto_executivo_no_1993-2024.pdf", "ementa": "Abre Cr\u00e9dito Adicional Suplementar na forma que especifica."}, {"id": "6142", "ano": "2024", "numero": "462", "tipo__sigla": "LC", "tipo__descricao": "Lei Complementar", "texto_integral": "http://sapl.sarandi.pr.leg.br/media/sapl/public/normajuridica/2024/6142/lei_complementar_no_462-2024_sapl.pdf", "ementa": "Altera a Lei Complementar n\u00ba 159, de 24 de novembro de 2007, na forma que especifica."}, {"id": "6139", "ano": "2024", "numero": "69", "tipo__sigla": "POR", "tipo__descricao": "Portaria", "texto_integral": "http://sapl.sarandi.pr.leg.br/media/sapl/public/normajuridica/2024/6139/portaria_no_069-2024_sapl.pdf", "ementa": "Designar servidor LUCAS ATALIBA RANTIN DE CARVALHO, para fiscaliza\u00e7\u00e3o de contrato e d\u00e1 outras provid\u00eancias."}, {"id": "6132", "ano": "2024", "numero": "68", "tipo__sigla": "POR", "tipo__descricao": "Portaria", "texto_integral": "http://sapl.sarandi.pr.leg.br/media/sapl/public/normajuridica/2024/6132/portaria_no_068-2024_sapl.pdf", "ementa": "Disp\u00f5e sobre ponto facultativo na C\u00e2mara Municipal de Sarandi."}, {"id": "6138", "ano": "2024", "numero": "1991", "tipo__sigla": "DE", "tipo__descricao": "Decreto Executivo", "texto_integral": "http://sapl.sarandi.pr.leg.br/media/sapl/public/normajuridica/2024/6138/decreto_executivo_no_1991-2024.pdf", "ementa": "Abre Cr\u00e9dito Adicional Suplementar na forma que especifica."}, {"id": "6137", "ano": "2024", "numero": "1990", "tipo__sigla": "DE", "tipo__descricao": "Decreto Executivo", "texto_integral": "http://sapl.sarandi.pr.leg.br/media/sapl/public/normajuridica/2024/6137/decreto_executivo_no_1990-2024.pdf", "ementa": "Abre Cr\u00e9dito Adicional Suplementar na forma que especifica."}, {"id": "6136", "ano": "2024", "numero": "1989", "tipo__sigla": "DE", "tipo__descricao": "Decreto Executivo", "texto_integral": "http://sapl.sarandi.pr.leg.br/media/sapl/public/normajuridica/2024/6136/decreto_executivo_no_1989-2024.pdf", "ementa": "Abre Cr\u00e9dito Adicional Suplementar na forma que especifica."}, {"id": "6135", "ano": "2024", "numero": "1988", "tipo__sigla": "DE", "tipo__descricao": "Decreto Executivo", "texto_integral": "http://sapl.sarandi.pr.leg.br/media/sapl/public/normajuridica/2024/6135/decreto_executivo_no_1988-2024.pdf", "ementa": "Abre Cr\u00e9dito Adicional Suplementar na forma que especifica."}, {"id": "6131", "ano": "2024", "numero": "1987", "tipo__sigla": "DE", "tipo__descricao": "Decreto Executivo", "texto_integral": "http://sapl.sarandi.pr.leg.br/media/sapl/public/normajuridica/2024/6131/decreto_executivo_no_1987-2024.pdf", "ementa": "Abre Cr\u00e9dito Adicional Suplementar na forma que especifica."}, {"id": "6130", "ano": "2024", "numero": "1986", "tipo__sigla": "DE", "tipo__descricao": "Decreto Executivo", "texto_integral": "http://sapl.sarandi.pr.leg.br/media/sapl/public/normajuridica/2024/6130/decreto_executivo_no_1986-2024.pdf", "ementa": "Abre Cr\u00e9dito Adicional Suplementar na forma que especifica."}, {"id": "6129", "ano": "2024", "numero": "1985", "tipo__sigla": "DE", "tipo__descricao": "Decreto Executivo", "texto_integral": "http://sapl.sarandi.pr.leg.br/media/sapl/public/normajuridica/2024/6129/decreto_executivo_no_1985-2024.pdf", "ementa": "Abre Cr\u00e9dito Adicional Suplementar na forma que especifica."}, {"id": "6128", "ano": "2024", "numero": "67", "tipo__sigla": "POR", "tipo__descricao": "Portaria", "texto_integral": "http://sapl.sarandi.pr.leg.br/media/sapl/public/normajuridica/2024/6128/portaria_no_067-2024_sapl.pdf", "ementa": "Imp\u00f5e teletrabalho ao servidor Dalvecir Aparecido Bonora por 90 dias."}, {"id": "6127", "ano": "2024", "numero": "66", "tipo__sigla": "POR", "tipo__descricao": "Portaria", "texto_integral": "http://sapl.sarandi.pr.leg.br/media/sapl/public/normajuridica/2024/6127/portaria_no_066-2024_sapl.pdf", "ementa": "Constitui Processo Administrativo Disciplinar e nomeia comiss\u00e3o para conduzir o rito e d\u00e1 outras provid\u00eancias."}, {"id": "6126", "ano": "2024", "numero": "65", "tipo__sigla": "POR", "tipo__descricao": "Portaria", "texto_integral": "http://sapl.sarandi.pr.leg.br/media/sapl/public/normajuridica/2024/6126/portaria_no_065-2024_sapl.pdf", "ementa": "Concede progress\u00e3o funcional por capacita\u00e7\u00e3o \u00e0 servidora Angela Alves de Almeida e d\u00e1 outras provid\u00eancias."}, {"id": "6125", "ano": "2024", "numero": "64", "tipo__sigla": "POR", "tipo__descricao": "Portaria", "texto_integral": "http://sapl.sarandi.pr.leg.br/media/sapl/public/normajuridica/2024/6125/portaria_no_064-2024_sapl.pdf", "ementa": "Concede progress\u00e3o funcional por capacita\u00e7\u00e3o ao servidor Marlon Bif e d\u00e1 outras provid\u00eancias."}, {"id": "6124", "ano": "2024", "numero": "63", "tipo__sigla": "POR", "tipo__descricao": "Portaria", "texto_integral": "http://sapl.sarandi.pr.leg.br/media/sapl/public/normajuridica/2024/6124/portaria_no_063-2024_sapl.pdf", "ementa": "Concede progress\u00e3o funcional por capacita\u00e7\u00e3o \u00e0 servidora Marcela Fritz de Lima Muratori e d\u00e1 outras provid\u00eancias."}, {"id": "6123", "ano": "2024", "numero": "62", "tipo__sigla": "POR", "tipo__descricao": "Portaria", "texto_integral": "http://sapl.sarandi.pr.leg.br/media/sapl/public/normajuridica/2024/6123/portaria_no_062-2024_sapl.pdf", "ementa": "Nomeia a servidora Regiane Zaparolli Figueiredo para ocupar a fun\u00e7\u00e3o gratificada de tesoureiro e d\u00e1 outras provid\u00eancias."}, {"id": "6134", "ano": "2024", "numero": "1984", "tipo__sigla": "DE", "tipo__descricao": "Decreto Executivo", "texto_integral": "http://sapl.sarandi.pr.leg.br/media/sapl/public/normajuridica/2024/6134/decreto_executivo_no_1984-2024.pdf", "ementa": "Abre Cr\u00e9dito Adicional Suplementar na forma que especifica."}, {"id": "6133", "ano": "2024", "numero": "1983", "tipo__sigla": "DE", "tipo__descricao": "Decreto Executivo", "texto_integral": "http://sapl.sarandi.pr.leg.br/media/sapl/public/normajuridica/2024/6133/decreto_executivo_no_1983-2024.pdf", "ementa": "Abre Cr\u00e9dito Adicional Suplementar na forma que especifica."}, {"id": "6122", "ano": "2024", "numero": "1979", "tipo__sigla": "DE", "tipo__descricao": "Decreto Executivo", "texto_integral": "http://sapl.sarandi.pr.leg.br/media/sapl/public/normajuridica/2024/6122/decreto_executivo_no_1979-2024.pdf", "ementa": "Abre Cr\u00e9dito Adicional Suplementar na forma que especifica."}, {"id": "6121", "ano": "2024", "numero": "1978", "tipo__sigla": "DE", "tipo__descricao": "Decreto Executivo", "texto_integral": "http://sapl.sarandi.pr.leg.br/media/sapl/public/normajuridica/2024/6121/decreto_executivo_no_1978-2024.pdf", "ementa": "Abre Cr\u00e9dito Adicional Suplementar na forma que especifica."}, {"id": "6120", "ano": "2024", "numero": "3029", "tipo__sigla": "LEI", "tipo__descricao": "Lei Ordin\u00e1ria", "texto_integral": "http://sapl.sarandi.pr.leg.br/media/sapl/public/normajuridica/2024/6120/lei_no_3029-2024_sapl.pdf", "ementa": "Concede T\u00edtulo de Utilidade P\u00fablica a Associa\u00e7\u00e3o Esportiva de Sarandi \u2013 AES e d\u00e1 outras provid\u00eancias."}, {"id": "6115", "ano": "2024", "numero": "1976", "tipo__sigla": "DE", "tipo__descricao": "Decreto Executivo", "texto_integral": "http://sapl.sarandi.pr.leg.br/media/sapl/public/normajuridica/2024/6115/decreto_executivo_no_1976-2024.pdf", "ementa": "Disp\u00f5e sobre a implanta\u00e7\u00e3o do Sistema Eletr\u00f4nico de Informa\u00e7\u00f5es (SEI) no Munic\u00edpio de Sarandi."}, {"id": "6114", "ano": "2024", "numero": "1975", "tipo__sigla": "DE", "tipo__descricao": "Decreto Executivo", "texto_integral": "http://sapl.sarandi.pr.leg.br/media/sapl/public/normajuridica/2024/6114/decreto_executivo_no_1975-2024.pdf", "ementa": "NOMEIA MEMBROS DO COMIT\u00ca MUNICIPAL DO TRANSPORTE ESCOLAR, NA FORMA QUE ESPECIFICA."}, {"id": "6119", "ano": "2024", "numero": "3028", "tipo__sigla": "LEI", "tipo__descricao": "Lei Ordin\u00e1ria", "texto_integral": "http://sapl.sarandi.pr.leg.br/media/sapl/public/normajuridica/2024/6119/lei_no_3028-2024_sapl.pdf", "ementa": "Autoriza a doa\u00e7\u00e3o de lm\u00f3vel de propriedade do Munic\u00edpio de Sarandi ao Estado do Paran\u00e1 para a constru\u00e7\u00e3o de Nova Unidade Escolar."}, {"id": "6118", "ano": "2024", "numero": "3027", "tipo__sigla": "LEI", "tipo__descricao": "Lei Ordin\u00e1ria", "texto_integral": "http://sapl.sarandi.pr.leg.br/media/sapl/public/normajuridica/2024/6118/lei_no_3027-2024_sapl.pdf", "ementa": "Autoriza a doa\u00e7\u00e3o de lm\u00f3vel de propriedade do Munic\u00edpio de Sarandi ao Estado do Paran\u00e1 para a constru\u00e7\u00e3o de Nova Unidade Escolar."}, {"id": "6116", "ano": "2024", "numero": "1974", "tipo__sigla": "DE", "tipo__descricao": "Decreto Executivo", "texto_integral": "http://sapl.sarandi.pr.leg.br/media/sapl/public/normajuridica/2024/6116/decreto_executivo_no_1974-2024.pdf", "ementa": "Abre Cr\u00e9dito Adicional Suplementar na forma que especifica."}, {"id": "6109", "ano": "2024", "numero": "1972", "tipo__sigla": "DE", "tipo__descricao": "Decreto Executivo", "texto_integral": "http://sapl.sarandi.pr.leg.br/media/sapl/public/normajuridica/2024/6109/decreto_executivo_no_1972-2024.pdf", "ementa": "Abre Cr\u00e9dito Adicional Suplementar na forma que especifica."}, {"id": "6108", "ano": "2024", "numero": "1971", "tipo__sigla": "DE", "tipo__descricao": "Decreto Executivo", "texto_integral": "http://sapl.sarandi.pr.leg.br/media/sapl/public/normajuridica/2024/6108/decreto_executivo_no_1971-2024.pdf", "ementa": "Abre Cr\u00e9dito Adicional Suplementar na forma que especifica."}, {"id": "6106", "ano": "2024", "numero": "61", "tipo__sigla": "POR", "tipo__descricao": "Portaria", "texto_integral": "http://sapl.sarandi.pr.leg.br/media/sapl/public/normajuridica/2024/6106/portaria_no_061-2024_sapl.pdf", "ementa": "Designa servidor Marlon Bif para fiscaliza\u00e7\u00e3o de contrato e d\u00e1 outras provid\u00eancias."}, {"id": "6102", "ano": "2024", "numero": "4", "tipo__sigla": "RES", "tipo__descricao": "Resolu\u00e7\u00e3o", "texto_integral": "http://sapl.sarandi.pr.leg.br/media/sapl/public/normajuridica/2024/6102/resolucao_no_004-2024_sapl.pdf", "ementa": "Disciplina o Pagamento de despesas atrav\u00e9s do regime de adiantamento e estabelece normas para a respectiva presta\u00e7\u00e3o de contas."}, {"id": "6105", "ano": "2024", "numero": "4", "tipo__sigla": "DL", "tipo__descricao": "Decreto Legislativo", "texto_integral": "http://sapl.sarandi.pr.leg.br/media/sapl/public/normajuridica/2024/6105/decreto_legislativo_no_004-2024_sapl.pdf", "ementa": "DISP\u00d5E SOBRE ACEITA\u00c7\u00c3O DO \u201cVETO N\u00ba 003/2024\u201d, PARCIAL AO PROJETO DE LEI N\u00ba 3.423/2023, DE AUTORIA DO EDIL ADRIANO FERREIRA AMORIM \u201cADRIANO AMORIM\u201d, O QUAL DISP\u00d5E SOBRE A DIVULGA\u00c7\u00c3O DAS A\u00c7\u00d5ES QUE CARACTERIZAM A PR\u00c1TICA DE ASS\u00c9DIO MORAL NO AMBIENTE DE TRABALHO, PELA ADMINISTRA\u00c7\u00c3O DIRETA E INDIRETA E PELO PODER LEGISLATIVO, NO MUNIC\u00cdPIO DE SARANDI."}, {"id": "6101", "ano": "2024", "numero": "3", "tipo__sigla": "RES", "tipo__descricao": "Resolu\u00e7\u00e3o", "texto_integral": "http://sapl.sarandi.pr.leg.br/media/sapl/public/normajuridica/2024/6101/resolucao_no_003-2024_sapl.pdf", "ementa": "Cria a Escola do Legislativo no \u00e2mbito da C\u00e2mara Municipal de Sarandi e d\u00e1 outras provid\u00eancias."}, {"id": "6104", "ano": "2024", "numero": "3", "tipo__sigla": "DL", "tipo__descricao": "Decreto Legislativo", "texto_integral": "http://sapl.sarandi.pr.leg.br/media/sapl/public/normajuridica/2024/6104/decreto_legislativo_no_003-2024_sapl.pdf", "ementa": "DISP\u00d5E SOBRE ACEITA\u00c7\u00c3O DO \u201cVETO N\u00ba 002/2024\u201d, TOTAL AO PROJETO DE LEI N\u00ba 3.424/2023, DE AUTORIA DO EDIL ADRIANO FERREIRA AMORIM \u201cADRIANO AMORIM\u201d, O QUAL DISP\u00d5E SOBRE O RECONHECIMENTO DO WHEELING, \u201cGRAU\u201d, E DEMAIS MANOBRAS DE MOTOCICLETAS COMO PR\u00c1TICA ESPORTIVA NO MUNIC\u00cdPIO DE SARANDI E D\u00c1 OUTRAS PROVID\u00caNCIAS."}, {"id": "6103", "ano": "2024", "numero": "2", "tipo__sigla": "DL", "tipo__descricao": "Decreto Legislativo", "texto_integral": "http://sapl.sarandi.pr.leg.br/media/sapl/public/normajuridica/2024/6103/decreto_legislativo_no_002-2024_sapl.pdf", "ementa": "DISP\u00d5E SOBRE ACEITA\u00c7\u00c3O DO \u201cVETO N\u00ba 001/2024\u201d, PARCIAL AO PROJETO DE LEI N\u00ba 3.426/2023, DE AUTORIA DOS EDIS ADRIANO FERREIRA AMORIM \u201cADRIANO AMORIM\u201d, ANTONIA ELOIZA FORTUNATO DE AGUIAR \u201cTONINHA AGUIAR\u201d, BELMIRO DA SILVA FARIAS \u201cBELMIRO BARBEIRO\u201d, DIONIZIO APARECIDO VIARO \u201cDIOCAR\u201d, EUNILDO ZANCHIM \u201cNILD\u00c3O\u201d, GILBERTO MESSIAS DE PINAS E IRENI MOURA FARIAS \u201cIRENE MOURA\u201d, O QUAL DISP\u00d5E SOBRE O ACESSO A MEDICAMENTOS E PRODUTOS \u00c0 BASE DE CANABIDIOL (CBD) E TETRAHIDROCANABINOL (THC) PARA TRATAMENTO DE DOEN\u00c7AS, S\u00cdNDROMES E TRANSTORNOS DE SA\u00daDE NO MUNIC\u00cdPIO DE SARANDI."}, {"id": "6107", "ano": "2024", "numero": "1968", "tipo__sigla": "DE", "tipo__descricao": "Decreto Executivo", "texto_integral": "http://sapl.sarandi.pr.leg.br/media/sapl/public/normajuridica/2024/6107/decreto_executivo_no_1968-2024.pdf", "ementa": "Abre Cr\u00e9dito Adicional Suplementar na forma que especifica."}, {"id": "6097", "ano": "2024", "numero": "60", "tipo__sigla": "POR", "tipo__descricao": "Portaria", "texto_integral": "http://sapl.sarandi.pr.leg.br/media/sapl/public/normajuridica/2024/6097/portaria_no_060-2024_sapl.pdf", "ementa": "Designa servidor Lucas Ataliba Rantin de Carvalho para fiscaliza\u00e7\u00e3o de contrato e d\u00e1 outras provid\u00eancias."}, {"id": "6100", "ano": "2024", "numero": "3026", "tipo__sigla": "LEI", "tipo__descricao": "Lei Ordin\u00e1ria", "texto_integral": "http://sapl.sarandi.pr.leg.br/media/sapl/public/normajuridica/2024/6100/lei_no_3026-2024_sapl.pdf", "ementa": "D\u00e1 denomina\u00e7\u00e3o ao N\u00facleo de Ensino e Aperfei\u00e7oamento da Guarda Municipal de Sarandi, situado na Estrada Mara, s/n, lote 197-8-1 , Gleba Ribeir\u00e3o Aquidabam, na forma que especifica."}, {"id": "6099", "ano": "2024", "numero": "3025", "tipo__sigla": "LEI", "tipo__descricao": "Lei Ordin\u00e1ria", "texto_integral": "http://sapl.sarandi.pr.leg.br/media/sapl/public/normajuridica/2024/6099/lei_no_3025-2024_sapl.pdf", "ementa": "Concede T\u00edtulo de Utilidade P\u00fablica \u00e0 Associa\u00e7\u00e3o Sarandiense de Handebol - ASH e d\u00e1 outras provid\u00eancias."}, {"id": "6098", "ano": "2024", "numero": "1964", "tipo__sigla": "DE", "tipo__descricao": "Decreto Executivo", "texto_integral": "http://sapl.sarandi.pr.leg.br/media/sapl/public/normajuridica/2024/6098/decreto_executivo_no_1964-2024.pdf", "ementa": "Abre Cr\u00e9dito Adicional Suplementar na forma que especifica."}, {"id": "6094", "ano": "2024", "numero": "59", "tipo__sigla": "POR", "tipo__descricao": "Portaria", "texto_integral": "http://sapl.sarandi.pr.leg.br/media/sapl/public/normajuridica/2024/6094/portaria_no_059-2024_sapl.pdf", "ementa": "Disp\u00f5e sobre expediente no dia da dedetiza\u00e7\u00e3o da C\u00e2mara Municipal de Sarandi."}, {"id": "6095", "ano": "2024", "numero": "2", "tipo__sigla": "EDA", "tipo__descricao": "Edital - Audi\u00eancia", "texto_integral": "http://sapl.sarandi.pr.leg.br/media/sapl/public/normajuridica/2024/6095/edital_de_convocacao_no_002-2024_sapl.pdf", "ementa": "AUDI\u00caNCIA P\u00daBLICA PARA DISCUSS\u00c3O DE ALTERA\u00c7\u00c3O DOS ANEXOS DO PPA - PLANO PLURIANUAL DO QUADRI\u00caNIO 2022 A 2025 E DA LDO - LEI DE DIRETRIZES OR\u00c7AMENT\u00c1RIAS PARA O EXERC\u00cdCIO DE 2025."}, {"id": "6096", "ano": "2024", "numero": "1963", "tipo__sigla": "DE", "tipo__descricao": "Decreto Executivo", "texto_integral": "http://sapl.sarandi.pr.leg.br/media/sapl/public/normajuridica/2024/6096/decreto_executivo_no_1963-2024.pdf", "ementa": "CONSTITUI O CONSELHO MUNICIPAL DE DESENVOLVIMENTO URBANO, NA FORMA QUE ESPECIFICA."}, {"id": "6093", "ano": "2024", "numero": "1962", "tipo__sigla": "DE", "tipo__descricao": "Decreto Executivo", "texto_integral": "http://sapl.sarandi.pr.leg.br/media/sapl/public/normajuridica/2024/6093/decreto_executivo_no_1962-2024.pdf", "ementa": "Abre Cr\u00e9dito Adicional Suplementar na forma que especifica."}, {"id": "6090", "ano": "2024", "numero": "58", "tipo__sigla": "POR", "tipo__descricao": "Portaria", "texto_integral": "http://sapl.sarandi.pr.leg.br/media/sapl/public/normajuridica/2024/6090/portaria_no_058-2024_sapl.pdf", "ementa": "Designa servidora Kauana Pereira de Souza para fiscaliza\u00e7\u00e3o de atas de pre\u00e7os e d\u00e1 outras provid\u00eancias."}, {"id": "6089", "ano": "2024", "numero": "3024", "tipo__sigla": "LEI", "tipo__descricao": "Lei Ordin\u00e1ria", "texto_integral": "http://sapl.sarandi.pr.leg.br/media/sapl/public/normajuridica/2024/6089/lei_no_3024-2024_sapl.pdf", "ementa": "Disp\u00f5e sobre a concess\u00e3o de isen\u00e7\u00e3o e remiss\u00e3o de taxas de servi\u00e7os p\u00fablicos e de coleta de lixo a templos de qualquer culto, casas pastorais e as associa\u00e7\u00f5es sem fins lucrativos, e d\u00e1 outras provid\u00eancias."}, {"id": "6088", "ano": "2024", "numero": "57", "tipo__sigla": "POR", "tipo__descricao": "Portaria", "texto_integral": "http://sapl.sarandi.pr.leg.br/media/sapl/public/normajuridica/2024/6088/portaria_no_057-2024_sapl.pdf", "ementa": "Nomeia Tiago Pimentel de Oliveira para o cargo de assessor legislativo e d\u00e1 outras provid\u00eancias."}, {"id": "6092", "ano": "2024", "numero": "1960", "tipo__sigla": "DE", "tipo__descricao": "Decreto Executivo", "texto_integral": "http://sapl.sarandi.pr.leg.br/media/sapl/public/normajuridica/2024/6092/decreto_executivo_no_1960-2024.pdf", "ementa": "Abre Cr\u00e9dito Adicional Suplementar na forma que especifica."}, {"id": "6091", "ano": "2024", "numero": "1959", "tipo__sigla": "DE", "tipo__descricao": "Decreto Executivo", "texto_integral": "http://sapl.sarandi.pr.leg.br/media/sapl/public/normajuridica/2024/6091/decreto_executivo_no_1959-2024.pdf", "ementa": "Abre Cr\u00e9dito Adicional Suplementar na forma que especifica."}, {"id": "6117", "ano": "2024", "numero": "1943", "tipo__sigla": "DE", "tipo__descricao": "Decreto Executivo", "texto_integral": "http://sapl.sarandi.pr.leg.br/media/sapl/public/normajuridica/2024/6117/decreto_executivo_no_1943-2024.pdf", "ementa": "NORMATIZA A ELEVA\u00c7\u00c3O DE N\u00cdVEL POR MERECIMENTO DOS PROFESSORES E ESPECIALISTAS DO QUADRO PR\u00d3PRIO DO MAGIST\u00c9RIO MUNICIPAL, NA FORMA QUE ESPECIFICA."}, {"id": "6087", "ano": "2024", "numero": "56", "tipo__sigla": "POR", "tipo__descricao": "Portaria", "texto_integral": "http://sapl.sarandi.pr.leg.br/media/sapl/public/normajuridica/2024/6087/portaria_no_056-2024_sapl.pdf", "ementa": "Exonera o servidor Iago Mateus Garcia Kluck e d\u00e1 outras provid\u00eancias."}, {"id": "6085", "ano": "2024", "numero": "1933", "tipo__sigla": "DE", "tipo__descricao": "Decreto Executivo", "texto_integral": "http://sapl.sarandi.pr.leg.br/media/sapl/public/normajuridica/2024/6085/decreto_executivo_no_1933-2024.pdf", "ementa": "Abre Cr\u00e9dito Adicional Suplementar na forma que especifica."}, {"id": "6084", "ano": "2024", "numero": "1932", "tipo__sigla": "DE", "tipo__descricao": "Decreto Executivo", "texto_integral": "http://sapl.sarandi.pr.leg.br/media/sapl/public/normajuridica/2024/6084/decreto_executivo_no_1932-2024.pdf", "ementa": "Abre Cr\u00e9dito Adicional Suplementar na forma que especifica."}, {"id": "6083", "ano": "2024", "numero": "1931", "tipo__sigla": "DE", "tipo__descricao": "Decreto Executivo", "texto_integral": "http://sapl.sarandi.pr.leg.br/media/sapl/public/normajuridica/2024/6083/decreto_executivo_no_1931-2024.pdf", "ementa": "Abre Cr\u00e9dito Adicional Suplementar na forma que especifica."}, {"id": "6080", "ano": "2024", "numero": "1930", "tipo__sigla": "DE", "tipo__descricao": "Decreto Executivo", "texto_integral": "http://sapl.sarandi.pr.leg.br/media/sapl/public/normajuridica/2024/6080/decreto_executivo_no_1930-2024.pdf", "ementa": "ABRE CR\u00c9DITO ADICIONAL SUPLEMENTAR NA FORMA QUE ESPECIFICA."}, {"id": "6079", "ano": "2024", "numero": "1929", "tipo__sigla": "DE", "tipo__descricao": "Decreto Executivo", "texto_integral": "http://sapl.sarandi.pr.leg.br/media/sapl/public/normajuridica/2024/6079/decreto_executivo_no_1929-2024.pdf", "ementa": "ABRE CR\u00c9DITO ADICIONAL SUPLEMENTAR NA FORMA QUE ESPECIFICA."}, {"id": "6086", "ano": "2024", "numero": "55", "tipo__sigla": "POR", "tipo__descricao": "Portaria", "texto_integral": "http://sapl.sarandi.pr.leg.br/media/sapl/public/normajuridica/2024/6086/portaria_no_055-2024_sapl.pdf", "ementa": "Designa servidor Lucas Ataliba Rantin de Carvalho, para fiscaliza\u00e7\u00e3o de contrato e d\u00e1 outras provid\u00eancias."}, {"id": "6081", "ano": "2024", "numero": "1", "tipo__sigla": "EDA", "tipo__descricao": "Edital - Audi\u00eancia", "texto_integral": "http://sapl.sarandi.pr.leg.br/media/sapl/public/normajuridica/2024/6081/edital_de_convocacao_no_001-2024_sapl.pdf", "ementa": "AUDI\u00caNCIA P\u00daBLICA PARA DISCUSS\u00c3O DOS PROJETOS RELACIONADOS AO PLANO DIRETOR."}, {"id": "6082", "ano": "2024", "numero": "3023", "tipo__sigla": "LEI", "tipo__descricao": "Lei Ordin\u00e1ria", "texto_integral": "http://sapl.sarandi.pr.leg.br/media/sapl/public/normajuridica/2024/6082/lei_no_3023-2024_sapl.pdf", "ementa": "Disp\u00f5e sobre a divulga\u00e7\u00e3o das a\u00e7\u00f5es que caracterizam a pr\u00e1tica de ass\u00e9dio moral no ambiente de trabalho, pela Administra\u00e7\u00e3o Direta e Indireta e pelo Poder Legislativo, no Munic\u00edpio de Sarandi."}, {"id": "6078", "ano": "2024", "numero": "1928", "tipo__sigla": "DE", "tipo__descricao": "Decreto Executivo", "texto_integral": "http://sapl.sarandi.pr.leg.br/media/sapl/public/normajuridica/2024/6078/decreto_executivo_no_1928-2024.pdf", "ementa": "ABRE CR\u00c9DITO ADICIONAL SUPLEMENTAR NA FORMA QUE ESPECIFICA."}, {"id": "6077", "ano": "2024", "numero": "1927", "tipo__sigla": "DE", "tipo__descricao": "Decreto Executivo", "texto_integral": "http://sapl.sarandi.pr.leg.br/media/sapl/public/normajuridica/2024/6077/decreto_executivo_no_1927-2024.pdf", "ementa": "ABRE CR\u00c9DITO ADICIONAL SUPLEMENTAR NA FORMA QUE ESPECIFICA."}, {"id": "6076", "ano": "2024", "numero": "1926", "tipo__sigla": "DE", "tipo__descricao": "Decreto Executivo", "texto_integral": "http://sapl.sarandi.pr.leg.br/media/sapl/public/normajuridica/2024/6076/decreto_executivo_no_1926-2024.pdf", "ementa": "ABRE CR\u00c9DITO ADICIONAL SUPLEMENTAR NA FORMA QUE ESPECIFICA."}, {"id": "6073", "ano": "2024", "numero": "1925", "tipo__sigla": "DE", "tipo__descricao": "Decreto Executivo", "texto_integral": "http://sapl.sarandi.pr.leg.br/media/sapl/public/normajuridica/2024/6073/decreto_executivo_no_1925-2024.pdf", "ementa": "ABRE CR\u00c9DITO ADICIONAL SUPLEMENTAR NA FORMA QUE ESPECIFICA."}, {"id": "6072", "ano": "2024", "numero": "1924", "tipo__sigla": "DE", "tipo__descricao": "Decreto Executivo", "texto_integral": "http://sapl.sarandi.pr.leg.br/media/sapl/public/normajuridica/2024/6072/decreto_executivo_no_1924-2024.pdf", "ementa": "ABRE CR\u00c9DITO ADICIONAL SUPLEMENTAR NA FORMA QUE ESPECIFICA."}, {"id": "6071", "ano": "2024", "numero": "1922", "tipo__sigla": "DE", "tipo__descricao": "Decreto Executivo", "texto_integral": "http://sapl.sarandi.pr.leg.br/media/sapl/public/normajuridica/2024/6071/decreto_executivo_no_1922-2024.pdf", "ementa": "ABRE CR\u00c9DITO ADICIONAL SUPLEMENTAR NA FORMA QUE ESPECIFICA."}, {"id": "6070", "ano": "2024", "numero": "1921", "tipo__sigla": "DE", "tipo__descricao": "Decreto Executivo", "texto_integral": "http://sapl.sarandi.pr.leg.br/media/sapl/public/normajuridica/2024/6070/decreto_executivo_no_1921-2024.pdf", "ementa": "ABRE CR\u00c9DITO ADICIONAL SUPLEMENTAR NA FORMA QUE ESPECIFICA."}, {"id": "6069", "ano": "2024", "numero": "1920", "tipo__sigla": "DE", "tipo__descricao": "Decreto Executivo", "texto_integral": "http://sapl.sarandi.pr.leg.br/media/sapl/public/normajuridica/2024/6069/decreto_executivo_no_1920-2024.pdf", "ementa": "ABRE CR\u00c9DITO ADICIONAL SUPLEMENTAR NA FORMA QUE ESPECIFICA."}, {"id": "6067", "ano": "2024", "numero": "54", "tipo__sigla": "POR", "tipo__descricao": "Portaria", "texto_integral": "http://sapl.sarandi.pr.leg.br/media/sapl/public/normajuridica/2024/6067/portaria_no_054-2024_sapl.pdf", "ementa": "Designa servidor Lucas Ataliba Rantin de Carvalho, para fiscaliza\u00e7\u00e3o de contrato e d\u00e1 outras provid\u00eancias."}, {"id": "6059", "ano": "2024", "numero": "53", "tipo__sigla": "POR", "tipo__descricao": "Portaria", "texto_integral": "http://sapl.sarandi.pr.leg.br/media/sapl/public/normajuridica/2024/6059/portaria_no_053-2024_sapl.pdf", "ementa": "Instaura sindic\u00e2ncia e nomeia comiss\u00e3o para conduzir o rito e d\u00e1 outras provid\u00eancias."}, {"id": "6066", "ano": "2024", "numero": "3022", "tipo__sigla": "LEI", "tipo__descricao": "Lei Ordin\u00e1ria", "texto_integral": "http://sapl.sarandi.pr.leg.br/media/sapl/public/normajuridica/2024/6066/lei_no_3022-2024_sapl.pdf", "ementa": "Concede T\u00edtulo de Utilidade P\u00fablica \u00e0 Associa\u00e7\u00e3o Sarandiense de Basquete Paran\u00e1 ASB e d\u00e1 outras provid\u00eancias."}, {"id": "6065", "ano": "2024", "numero": "3021", "tipo__sigla": "LEI", "tipo__descricao": "Lei Ordin\u00e1ria", "texto_integral": "http://sapl.sarandi.pr.leg.br/media/sapl/public/normajuridica/2024/6065/lei_no_3021-2024_sapl.pdf", "ementa": "Fixa os subs\u00eddios do Prefeito, Vice-Prefeito e dos Secret\u00e1rios Municipais de Sarandi para a 11\u00aa legislatura (2025-2028) e d\u00e1 outras provid\u00eancias."}, {"id": "6064", "ano": "2024", "numero": "3020", "tipo__sigla": "LEI", "tipo__descricao": "Lei Ordin\u00e1ria", "texto_integral": "http://sapl.sarandi.pr.leg.br/media/sapl/public/normajuridica/2024/6064/lei_no_3020-2024_sapl.pdf", "ementa": "Fixa os subs\u00eddios Poder Legislativo de Sarandi para a 11\u00aa legislatura (2025-2028) e d\u00e1 outras provid\u00eancias."}, {"id": "6063", "ano": "2024", "numero": "3019", "tipo__sigla": "LEI", "tipo__descricao": "Lei Ordin\u00e1ria", "texto_integral": "http://sapl.sarandi.pr.leg.br/media/sapl/public/normajuridica/2024/6063/lei_no_3019-2024_sapl.pdf", "ementa": "Concede T\u00edtulo de Utilidade P\u00fablica \u00e0 Associa\u00e7\u00e3o de Jud\u00f4 de Sarandi e Regi\u00e3o Metropolitana - AJUS e d\u00e1 outras provid\u00eancias."}, {"id": "6062", "ano": "2024", "numero": "1917", "tipo__sigla": "DE", "tipo__descricao": "Decreto Executivo", "texto_integral": "http://sapl.sarandi.pr.leg.br/media/sapl/public/normajuridica/2024/6062/decreto_executivo_no_1917-2024.pdf", "ementa": "ALTERA O DECRETO N\u00ba 1.436, DE 28 JUNHO DE 2023. ESTABELECE AS HIP\u00d3TESES DE REALIZA\u00c7\u00c3O DE PROTESTO DE D\u00cdVIDAS INSCRITAS EM D\u00cdVIDA ATIVA."}, {"id": "6061", "ano": "2024", "numero": "1916", "tipo__sigla": "DE", "tipo__descricao": "Decreto Executivo", "texto_integral": "http://sapl.sarandi.pr.leg.br/media/sapl/public/normajuridica/2024/6061/decreto_executivo_no_1916-2024.pdf", "ementa": "ABRE CR\u00c9DITO ADICIONAL SUPLEMENTAR NA FORMA QUE ESPECIFICA."}, {"id": "6060", "ano": "2024", "numero": "1915", "tipo__sigla": "DE", "tipo__descricao": "Decreto Executivo", "texto_integral": "http://sapl.sarandi.pr.leg.br/media/sapl/public/normajuridica/2024/6060/decreto_executivo_no_1915-2024.pdf", "ementa": "ABRE CR\u00c9DITO ADICIONAL SUPLEMENTAR NA FORMA QUE ESPECIFICA."}, {"id": "6055", "ano": "2024", "numero": "1913", "tipo__sigla": "DE", "tipo__descricao": "Decreto Executivo", "texto_integral": "http://sapl.sarandi.pr.leg.br/media/sapl/public/normajuridica/2024/6055/decreto_executivo_no_1913-2024.pdf", "ementa": "ABRE CR\u00c9DITO ADICIONAL SUPLEMENTAR NA FORMA QUE ESPECIFICA."}, {"id": "6057", "ano": "2024", "numero": "52", "tipo__sigla": "POR", "tipo__descricao": "Portaria", "texto_integral": "http://sapl.sarandi.pr.leg.br/media/sapl/public/normajuridica/2024/6057/portaria_no_052-2024_sapl.pdf", "ementa": "Concede licen\u00e7a especial a servidora Marcela Fritz de Lima Muratori e d\u00e1 outras provid\u00eancias."}, {"id": "6056", "ano": "2024", "numero": "51", "tipo__sigla": "POR", "tipo__descricao": "Portaria", "texto_integral": "http://sapl.sarandi.pr.leg.br/media/sapl/public/normajuridica/2024/6056/portaria_no_051-2024_sapl.pdf", "ementa": "Concede progress\u00e3o funcional por capacita\u00e7\u00e3o \u00e0 servidora Marcela Fritz de Lima Muratori e d\u00e1 outras provid\u00eancias."}, {"id": "6051", "ano": "2024", "numero": "3018", "tipo__sigla": "LEI", "tipo__descricao": "Lei Ordin\u00e1ria", "texto_integral": "http://sapl.sarandi.pr.leg.br/media/sapl/public/normajuridica/2024/6051/lei_no_3018-2024_sapl.pdf", "ementa": "Disp\u00f5e sobre o acesso a medicamentos e produtos \u00e0 base de canabidiol (CBD) e tetrahidrocanabinol (THC) para tratamento de doen\u00e7as, s\u00edndromes e transtornos de sa\u00fade no Munic\u00edpio de Sarandi."}, {"id": "6053", "ano": "2024", "numero": "1912", "tipo__sigla": "DE", "tipo__descricao": "Decreto Executivo", "texto_integral": "http://sapl.sarandi.pr.leg.br/media/sapl/public/normajuridica/2024/6053/decreto_executivo_no_1912-2024.pdf", "ementa": "ABRE CR\u00c9DITO ADICIONAL SUPLEMENTAR NA FORMA QUE ESPECIFICA."}, {"id": "6052", "ano": "2024", "numero": "1911", "tipo__sigla": "DE", "tipo__descricao": "Decreto Executivo", "texto_integral": "http://sapl.sarandi.pr.leg.br/media/sapl/public/normajuridica/2024/6052/decreto_executivo_no_1911-2024.pdf", "ementa": "ABRE CR\u00c9DITO ADICIONAL SUPLEMENTAR NA FORMA QUE ESPECIFICA."}, {"id": "6054", "ano": "2024", "numero": "1910", "tipo__sigla": "DE", "tipo__descricao": "Decreto Executivo", "texto_integral": "http://sapl.sarandi.pr.leg.br/media/sapl/public/normajuridica/2024/6054/decreto_executivo_no_1910-2024.pdf", "ementa": "ABRE CR\u00c9DITO ADICIONAL SUPLEMENTAR NA FORMA QUE ESPECIFICA."}, {"id": "6074", "ano": "2024", "numero": "461", "tipo__sigla": "LC", "tipo__descricao": "Lei Complementar", "texto_integral": "http://sapl.sarandi.pr.leg.br/media/sapl/public/normajuridica/2024/6074/lei_complementar_no_461-2024_sapl.pdf", "ementa": "Disp\u00f5e sobre a altera\u00e7\u00e3o na Lei Complementar n\u00ba 248, de 17 de dezembro de 2010, na forma que especifica, e d\u00e1 outras provid\u00eancias."}, {"id": "6050", "ano": "2024", "numero": "1907", "tipo__sigla": "DE", "tipo__descricao": "Decreto Executivo", "texto_integral": "http://sapl.sarandi.pr.leg.br/media/sapl/public/normajuridica/2024/6050/decreto_executivo_no_1907-2024.pdf", "ementa": "ABRE CR\u00c9DITO ADICIONAL SUPLEMENTAR NA FORMA QUE ESPECIFICA."}, {"id": "6049", "ano": "2024", "numero": "1906", "tipo__sigla": "DE", "tipo__descricao": "Decreto Executivo", "texto_integral": "http://sapl.sarandi.pr.leg.br/media/sapl/public/normajuridica/2024/6049/decreto_executivo_no_1906-2024.pdf", "ementa": "ABRE CR\u00c9DITO ADICIONAL SUPLEMENTAR NA FORMA QUE ESPECIFICA."}, {"id": "6048", "ano": "2024", "numero": "1905", "tipo__sigla": "DE", "tipo__descricao": "Decreto Executivo", "texto_integral": "http://sapl.sarandi.pr.leg.br/media/sapl/public/normajuridica/2024/6048/decreto_executivo_no_1905-2024.pdf", "ementa": "ABRE CR\u00c9DITO ADICIONAL SUPLEMENTAR NA FORMA QUE ESPECIFICA."}, {"id": "6046", "ano": "2024", "numero": "50", "tipo__sigla": "POR", "tipo__descricao": "Portaria", "texto_integral": "http://sapl.sarandi.pr.leg.br/media/sapl/public/normajuridica/2024/6046/portaria_no_050-2024_sapl.pdf", "ementa": "Concede licen\u00e7a especial \u00e0 servidora Edite Nunes da Silva e d\u00e1 outras provid\u00eancias."}, {"id": "6041", "ano": "2024", "numero": "1902", "tipo__sigla": "DE", "tipo__descricao": "Decreto Executivo", "texto_integral": "http://sapl.sarandi.pr.leg.br/media/sapl/public/normajuridica/2024/6041/decreto_executivo_no_1902-2024.pdf", "ementa": "ABRE CR\u00c9DITO ADICIONAL SUPLEMENTAR NA FORMA QUE ESPECIFICA."}, {"id": "6045", "ano": "2024", "numero": "49", "tipo__sigla": "POR", "tipo__descricao": "Portaria", "texto_integral": "http://sapl.sarandi.pr.leg.br/media/sapl/public/normajuridica/2024/6045/portaria_no_049-2024_sapl.pdf", "ementa": "Concede progress\u00e3o funcional por capacita\u00e7\u00e3o ao servidor Marlon Bif e d\u00e1 outras provid\u00eancias."}, {"id": "6040", "ano": "2024", "numero": "1901", "tipo__sigla": "DE", "tipo__descricao": "Decreto Executivo", "texto_integral": "http://sapl.sarandi.pr.leg.br/media/sapl/public/normajuridica/2024/6040/decreto_executivo_no_1901-2024.pdf", "ementa": "CONSTITUI O CONSELHO MUNICIPAL DE DESENVOLVIMENTO URBANO, NA FORMA QUE ESPECIFICA."}, {"id": "6038", "ano": "2024", "numero": "1900", "tipo__sigla": "DE", "tipo__descricao": "Decreto Executivo", "texto_integral": "http://sapl.sarandi.pr.leg.br/media/sapl/public/normajuridica/2024/6038/decreto_executivo_no_1900-2024.pdf", "ementa": "DISP\u00d5E SOBRE OS PROCEDIMENTOS ADMINISTRATIVOS E INSTRU\u00c7\u00d5ES RELATIVAS \u00c0S ELEI\u00c7\u00d5ES DE 2024 NO \u00c2MBITO DO PODER EXECUTIVO."}, {"id": "6042", "ano": "2024", "numero": "1898", "tipo__sigla": "DE", "tipo__descricao": "Decreto Executivo", "texto_integral": "http://sapl.sarandi.pr.leg.br/media/sapl/public/normajuridica/2024/6042/decreto_executivo_no_1898-2024.pdf", "ementa": "ABRE CR\u00c9DITO ADICIONAL SUPLEMENTAR NA FORMA QUE ESPECIFICA."}, {"id": "6043", "ano": "2024", "numero": "1897", "tipo__sigla": "DE", "tipo__descricao": "Decreto Executivo", "texto_integral": "http://sapl.sarandi.pr.leg.br/media/sapl/public/normajuridica/2024/6043/decreto_executivo_no_1897-2024.pdf", "ementa": "ABRE CR\u00c9DITO ADICIONAL SUPLEMENTAR NA FORMA QUE ESPECIFICA."}, {"id": "6044", "ano": "2024", "numero": "1896", "tipo__sigla": "DE", "tipo__descricao": "Decreto Executivo", "texto_integral": "http://sapl.sarandi.pr.leg.br/media/sapl/public/normajuridica/2024/6044/decreto_executivo_no_1896-2024.pdf", "ementa": "ABRE CR\u00c9DITO ADICIONAL SUPLEMENTAR NA FORMA QUE ESPECIFICA."}, {"id": "6039", "ano": "2024", "numero": "1895", "tipo__sigla": "DE", "tipo__descricao": "Decreto Executivo", "texto_integral": "http://sapl.sarandi.pr.leg.br/media/sapl/public/normajuridica/2024/6039/decreto_executivo_no_1895-2024.pdf", "ementa": "ABRE CR\u00c9DITO ADICIONAL SUPLEMENTAR NA FORMA QUE ESPECIFICA."}, {"id": "6031", "ano": "2024", "numero": "48", "tipo__sigla": "POR", "tipo__descricao": "Portaria", "texto_integral": "http://sapl.sarandi.pr.leg.br/media/sapl/public/normajuridica/2024/6031/portaria_no_048-2024_sapl.pdf", "ementa": "Nomeia o servidor Jo\u00e3o Roberto dos Santos Lopes para ocupar a fun\u00e7\u00e3o de confian\u00e7a de diretor administrativo e d\u00e1 outras provid\u00eancias."}, {"id": "6030", "ano": "2024", "numero": "47", "tipo__sigla": "POR", "tipo__descricao": "Portaria", "texto_integral": "http://sapl.sarandi.pr.leg.br/media/sapl/public/normajuridica/2024/6030/portaria_no_047-2024_sapl.pdf", "ementa": "Concede progress\u00e3o funcional por capacita\u00e7\u00e3o ao servidor Dalvecir Aparecido Bonora e d\u00e1 outras provid\u00eancias."}, {"id": "6029", "ano": "2024", "numero": "46", "tipo__sigla": "POR", "tipo__descricao": "Portaria", "texto_integral": "http://sapl.sarandi.pr.leg.br/media/sapl/public/normajuridica/2024/6029/portaria_no_046-2024_sapl.pdf", "ementa": "Nomeia Stefany Adriane Gralik Turci para o cargo de assessor legislativo e d\u00e1 outras provid\u00eancias."}, {"id": "6036", "ano": "2024", "numero": "1892", "tipo__sigla": "DE", "tipo__descricao": "Decreto Executivo", "texto_integral": "http://sapl.sarandi.pr.leg.br/media/sapl/public/normajuridica/2024/6036/decreto_executivo_no_1892-2024.pdf", "ementa": "ABRE CR\u00c9DITO ADICIONAL SUPLEMENTAR NA FORMA QUE ESPECIFICA."}, {"id": "6035", "ano": "2024", "numero": "1890", "tipo__sigla": "DE", "tipo__descricao": "Decreto Executivo", "texto_integral": "http://sapl.sarandi.pr.leg.br/media/sapl/public/normajuridica/2024/6035/decreto_executivo_no_1890-2024.pdf", "ementa": "ABRE CR\u00c9DITO ADICIONAL SUPLEMENTAR NA FORMA QUE ESPECIFICA."}, {"id": "6034", "ano": "2024", "numero": "1889", "tipo__sigla": "DE", "tipo__descricao": "Decreto Executivo", "texto_integral": "http://sapl.sarandi.pr.leg.br/media/sapl/public/normajuridica/2024/6034/decreto_executivo_no_1889-2024.pdf", "ementa": "ABRE CR\u00c9DITO ADICIONAL SUPLEMENTAR NA FORMA QUE ESPECIFICA."}, {"id": "6028", "ano": "2024", "numero": "3016", "tipo__sigla": "LEI", "tipo__descricao": "Lei Ordin\u00e1ria", "texto_integral": "http://sapl.sarandi.pr.leg.br/media/sapl/public/normajuridica/2024/6028/lei_no_3016-2024_sapl.pdf", "ementa": "Autoriza o Poder Executivo Municipal a conceder Direito Real de Uso de Im\u00f3vel pertencente a municipalidade, na forma que especifica."}, {"id": "6033", "ano": "2024", "numero": "1885", "tipo__sigla": "DE", "tipo__descricao": "Decreto Executivo", "texto_integral": "http://sapl.sarandi.pr.leg.br/media/sapl/public/normajuridica/2024/6033/decreto_executivo_no_1885-2024.pdf", "ementa": "ABRE CR\u00c9DITO ADICIONAL SUPLEMENTAR NA FORMA QUE ESPECIFICA."}, {"id": "6023", "ano": "2024", "numero": "45", "tipo__sigla": "POR", "tipo__descricao": "Portaria", "texto_integral": "http://sapl.sarandi.pr.leg.br/media/sapl/public/normajuridica/2024/6023/portaria_no_045-2024_sapl.pdf", "ementa": "Nomeia a servidora Marcela Fritz de Lima Muratori para ocupar a fun\u00e7\u00e3o gratificada de encarregado de reda\u00e7\u00e3o oficial e d\u00e1 outras provid\u00eancias."}, {"id": "6047", "ano": "2024", "numero": "3017", "tipo__sigla": "LEI", "tipo__descricao": "Lei Ordin\u00e1ria", "texto_integral": "http://sapl.sarandi.pr.leg.br/media/sapl/public/normajuridica/2024/6047/lei_no_3017-2024_sapl.pdf", "ementa": "Autoriza o Poder Executivo Municipal a conceder Direito Real de Uso de Im\u00f3vel pertencente a municipalidade, na forma que especifica"}, {"id": "6027", "ano": "2024", "numero": "3015", "tipo__sigla": "LEI", "tipo__descricao": "Lei Ordin\u00e1ria", "texto_integral": "http://sapl.sarandi.pr.leg.br/media/sapl/public/normajuridica/2024/6027/lei_no_3015-2024_sapl.pdf", "ementa": "Da denomina\u00e7\u00e3o ao Parque Adaptado, situado na Pra\u00e7a dos Pioneiros, na forma que especifica."}, {"id": "6026", "ano": "2024", "numero": "3014", "tipo__sigla": "LEI", "tipo__descricao": "Lei Ordin\u00e1ria", "texto_integral": "http://sapl.sarandi.pr.leg.br/media/sapl/public/normajuridica/2024/6026/lei_no_3014-2024_sapl.pdf", "ementa": "Concede reajuste do piso salarial dos profissionais do magist\u00e9rio p\u00fablico do munic\u00edpio de Sarandi-PR, em adequa\u00e7\u00e3o ao piso salarial nacional dos profissionais do magist\u00e9rio p\u00fablico da educa\u00e7\u00e3o b\u00e1sica, nos termos em que preceitua a Lei Federal n\u00b0 11.738/2008."}, {"id": "6032", "ano": "2024", "numero": "1882", "tipo__sigla": "DE", "tipo__descricao": "Decreto Executivo", "texto_integral": "http://sapl.sarandi.pr.leg.br/media/sapl/public/normajuridica/2024/6032/decreto_executivo_no_1882-2024.pdf", "ementa": "ABRE CR\u00c9DITO ADICIONAL SUPLEMENTAR NA FORMA QUE ESPECIFICA."}, {"id": "6018", "ano": "2024", "numero": "44", "tipo__sigla": "POR", "tipo__descricao": "Portaria", "texto_integral": "http://sapl.sarandi.pr.leg.br/media/sapl/public/normajuridica/2024/6018/portaria_no_044-2024_sapl.pdf", "ementa": "Disp\u00f5e sobre ponto facultativo na C\u00e2mara Municipal de Sarandi."}, {"id": "6017", "ano": "2024", "numero": "43", "tipo__sigla": "POR", "tipo__descricao": "Portaria", "texto_integral": "http://sapl.sarandi.pr.leg.br/media/sapl/public/normajuridica/2024/6017/portaria_no_043-2024_sapl.pdf", "ementa": "Concede licen\u00e7a especial ao servidor Rovilson Jos\u00e9 Arantes e d\u00e1 outras provid\u00eancias."}, {"id": "6025", "ano": "2024", "numero": "1880", "tipo__sigla": "DE", "tipo__descricao": "Decreto Executivo", "texto_integral": "http://sapl.sarandi.pr.leg.br/media/sapl/public/normajuridica/2024/6025/decreto_executivo_no_1880-2024.pdf", "ementa": "ABRE CR\u00c9DITO ADICIONAL SUPLEMENTAR NA FORMA QUE ESPECIFICA."}, {"id": "6024", "ano": "2024", "numero": "1879", "tipo__sigla": "DE", "tipo__descricao": "Decreto Executivo", "texto_integral": "http://sapl.sarandi.pr.leg.br/media/sapl/public/normajuridica/2024/6024/decreto_executivo_no_1879-2024.pdf", "ementa": "ABRE CR\u00c9DITO ADICIONAL SUPLEMENTAR NA FORMA QUE ESPECIFICA."}, {"id": "6021", "ano": "2024", "numero": "1878", "tipo__sigla": "DE", "tipo__descricao": "Decreto Executivo", "texto_integral": "http://sapl.sarandi.pr.leg.br/media/sapl/public/normajuridica/2024/6021/decreto_executivo_no_1878-2024.pdf", "ementa": "ABRE CR\u00c9DITO ADICIONAL SUPLEMENTAR NA FORMA QUE ESPECIFICA."}, {"id": "6020", "ano": "2024", "numero": "1877", "tipo__sigla": "DE", "tipo__descricao": "Decreto Executivo", "texto_integral": "http://sapl.sarandi.pr.leg.br/media/sapl/public/normajuridica/2024/6020/decreto_executivo_no_1877-2024.pdf", "ementa": "ABRE CR\u00c9DITO ADICIONAL SUPLEMENTAR NA FORMA QUE ESPECIFICA."}, {"id": "6019", "ano": "2024", "numero": "1876", "tipo__sigla": "DE", "tipo__descricao": "Decreto Executivo", "texto_integral": "http://sapl.sarandi.pr.leg.br/media/sapl/public/normajuridica/2024/6019/decreto_executivo_no_1876-2024.pdf", "ementa": "ABRE CR\u00c9DITO ADICIONAL SUPLEMENTAR NA FORMA QUE ESPECIFICA."}, {"id": "6012", "ano": "2024", "numero": "42", "tipo__sigla": "POR", "tipo__descricao": "Portaria", "texto_integral": "http://sapl.sarandi.pr.leg.br/media/sapl/public/normajuridica/2024/6012/portaria_no_042-2024.pdf", "ementa": "Exonera o servidor Jo\u00e3o Batista da Cruz e d\u00e1 outras provid\u00eancias."}, {"id": "6005", "ano": "2024", "numero": "3013", "tipo__sigla": "LEI", "tipo__descricao": "Lei Ordin\u00e1ria", "texto_integral": "http://sapl.sarandi.pr.leg.br/media/sapl/public/normajuridica/2024/6005/lei_no_3013-2024_sapl.pdf", "ementa": "Disp\u00f5e sobre a autoriza\u00e7\u00e3o de cess\u00e3o de uso de ve\u00edculo \u00e0 Associa\u00e7\u00e3o de Pais e Amigos dos Excepcionais (APAE) \u2014 Sarandi e d\u00e1 outras provid\u00eancias."}, {"id": "6015", "ano": "2024", "numero": "1875", "tipo__sigla": "DE", "tipo__descricao": "Decreto Executivo", "texto_integral": "http://sapl.sarandi.pr.leg.br/media/sapl/public/normajuridica/2024/6015/decreto_executivo_no_1875-2024.pdf", "ementa": "ABRE CR\u00c9DITO ADICIONAL SUPLEMENTAR NA FORMA QUE ESPECIFICA."}, {"id": "6016", "ano": "2024", "numero": "1874", "tipo__sigla": "DE", "tipo__descricao": "Decreto Executivo", "texto_integral": "http://sapl.sarandi.pr.leg.br/media/sapl/public/normajuridica/2024/6016/decreto_executivo_no_1874-2024.pdf", "ementa": "ABRE CR\u00c9DITO ADICIONAL SUPLEMENTAR NA FORMA QUE ESPECIFICA."}, {"id": "6014", "ano": "2024", "numero": "1873", "tipo__sigla": "DE", "tipo__descricao": "Decreto Executivo", "texto_integral": "http://sapl.sarandi.pr.leg.br/media/sapl/public/normajuridica/2024/6014/decreto_executivo_no_1873-2024.pdf", "ementa": "ABRE CR\u00c9DITO ADICIONAL SUPLEMENTAR NA FORMA QUE ESPECIFICA."}, {"id": "6013", "ano": "2024", "numero": "1872", "tipo__sigla": "DE", "tipo__descricao": "Decreto Executivo", "texto_integral": "http://sapl.sarandi.pr.leg.br/media/sapl/public/normajuridica/2024/6013/decreto_executivo_no_1872-2024.pdf", "ementa": "ABRE CR\u00c9DITO ADICIONAL SUPLEMENTAR NA FORMA QUE ESPECIFICA."}, {"id": "6011", "ano": "2024", "numero": "41", "tipo__sigla": "POR", "tipo__descricao": "Portaria", "texto_integral": "http://sapl.sarandi.pr.leg.br/media/sapl/public/normajuridica/2024/6011/portaria_no_041-2024_sapl.pdf", "ementa": "Instaura sindic\u00e2ncia e nomeia comiss\u00e3o para conduzir o rito e d\u00e1 outras provid\u00eancias."}, {"id": "6010", "ano": "2024", "numero": "40", "tipo__sigla": "POR", "tipo__descricao": "Portaria", "texto_integral": "http://sapl.sarandi.pr.leg.br/media/sapl/public/normajuridica/2024/6010/portaria_no_040-2024_sapl.pdf", "ementa": "Concede progress\u00e3o funcional por desempenho \u00e0 servidora Helonise Gabriella Gon\u00e7alves Passos e d\u00e1 outras provid\u00eancias."}, {"id": "6009", "ano": "2024", "numero": "39", "tipo__sigla": "POR", "tipo__descricao": "Portaria", "texto_integral": "http://sapl.sarandi.pr.leg.br/media/sapl/public/normajuridica/2024/6009/portaria_no_039-2024_sapl.pdf", "ementa": "Concede progress\u00e3o funcional por desempenho ao servidor Rovilson Jos\u00e9 Arantes e d\u00e1 outras provid\u00eancias."}, {"id": "6008", "ano": "2024", "numero": "38", "tipo__sigla": "POR", "tipo__descricao": "Portaria", "texto_integral": "http://sapl.sarandi.pr.leg.br/media/sapl/public/normajuridica/2024/6008/portaria_no_038-2024_sapl.pdf", "ementa": "Concede progress\u00e3o funcional por desempenho ao servidor Vagner Rafael Vaz e d\u00e1 outras provid\u00eancias."}, {"id": "6006", "ano": "2024", "numero": "1869", "tipo__sigla": "DE", "tipo__descricao": "Decreto Executivo", "texto_integral": "http://sapl.sarandi.pr.leg.br/media/sapl/public/normajuridica/2024/6006/decreto_executivo_no_1869-2024.pdf", "ementa": "ABRE CR\u00c9DITO ADICIONAL SUPLEMENTAR NA FORMA QUE ESPECIFICA."}, {"id": "6022", "ano": "2024", "numero": "1868", "tipo__sigla": "DE", "tipo__descricao": "Decreto Executivo", "texto_integral": "http://sapl.sarandi.pr.leg.br/media/sapl/public/normajuridica/2024/6022/decreto_executivo_no_1868-2024.pdf", "ementa": "DISP\u00d5E SOBRE A ATUALIZA\u00c7\u00c3O DA COMPATIBILIZA\u00c7\u00c3O DA PROGRAMA\u00c7\u00c3O FINANCEIRA DE ARRECADA\u00c7\u00c3O E O CRONOGRAMA DE EXECU\u00c7\u00c3O MENSAL DE DESEMBOLSO PARA O EXERC\u00cdCIO DE 2024."}, {"id": "6003", "ano": "2024", "numero": "37", "tipo__sigla": "POR", "tipo__descricao": "Portaria", "texto_integral": "http://sapl.sarandi.pr.leg.br/media/sapl/public/normajuridica/2024/6003/portaria_no_037-2024_sapl.pdf", "ementa": "Concede progress\u00e3o funcional por capacita\u00e7\u00e3o \u00e0 servidora Marcela Fritz de Lima Muratori e d\u00e1 outras provid\u00eancias."}, {"id": "6001", "ano": "2024", "numero": "3012", "tipo__sigla": "LEI", "tipo__descricao": "Lei Ordin\u00e1ria", "texto_integral": "http://sapl.sarandi.pr.leg.br/media/sapl/public/normajuridica/2024/6001/lei_no_3012-2024_sapl.pdf", "ementa": "Disp\u00f5e sobre concess\u00e3o de subs\u00eddio financeiro para o servi\u00e7o p\u00fablico de transporte coletivo urbano de passageiros e d\u00e1 outras provid\u00eancias."}, {"id": "6002", "ano": "2024", "numero": "1867", "tipo__sigla": "DE", "tipo__descricao": "Decreto Executivo", "texto_integral": "http://sapl.sarandi.pr.leg.br/media/sapl/public/normajuridica/2024/6002/decreto_executivo_no_1867-2024.pdf", "ementa": "ABRE CR\u00c9DITO ADICIONAL SUPLEMENTAR NA FORMA QUE ESPECIFICA."}, {"id": "6004", "ano": "2024", "numero": "1866", "tipo__sigla": "DE", "tipo__descricao": "Decreto Executivo", "texto_integral": "http://sapl.sarandi.pr.leg.br/media/sapl/public/normajuridica/2024/6004/decreto_executivo_no_1866-2024.pdf", "ementa": "ABRE CR\u00c9DITO ADICIONAL SUPLEMENTAR NA FORMA QUE ESPECIFICA."}, {"id": "6000", "ano": "2024", "numero": "1864", "tipo__sigla": "DE", "tipo__descricao": "Decreto Executivo", "texto_integral": "http://sapl.sarandi.pr.leg.br/media/sapl/public/normajuridica/2024/6000/decreto_executivo_no_1864-2024.pdf", "ementa": "ABRE CR\u00c9DITO ADICIONAL SUPLEMENTAR NA FORMA QUE ESPECIFICA."}, {"id": "5999", "ano": "2024", "numero": "1863", "tipo__sigla": "DE", "tipo__descricao": "Decreto Executivo", "texto_integral": "http://sapl.sarandi.pr.leg.br/media/sapl/public/normajuridica/2024/5999/decreto_executivo_no_1863-2024.pdf", "ementa": "ABRE CR\u00c9DITO ADICIONAL SUPLEMENTAR NA FORMA QUE ESPECIFICA."}, {"id": "6037", "ano": "2024", "numero": "1862", "tipo__sigla": "DE", "tipo__descricao": "Decreto Executivo", "texto_integral": "http://sapl.sarandi.pr.leg.br/media/sapl/public/normajuridica/2024/6037/decreto_executivo_no_1862-2024.pdf", "ementa": "DISP\u00d5E SOBRE CONVOCA\u00c7\u00c3O NO MUNIC\u00cdPIO DE SARANDI/PR, PARA MULTIR\u00c3O DE COMBATE A DENGUE, NA FORMA QUE ESPECIFICA."}, {"id": "5998", "ano": "2024", "numero": "1860", "tipo__sigla": "DE", "tipo__descricao": "Decreto Executivo", "texto_integral": "http://sapl.sarandi.pr.leg.br/media/sapl/public/normajuridica/2024/5998/decreto_executivo_no_1860-2024.pdf", "ementa": "ABRE CR\u00c9DITO ADICIONAL SUPLEMENTAR NA FORMA QUE ESPECIFICA."}, {"id": "5996", "ano": "2024", "numero": "36", "tipo__sigla": "POR", "tipo__descricao": "Portaria", "texto_integral": "http://sapl.sarandi.pr.leg.br/media/sapl/public/normajuridica/2024/5996/portaria_no_036-2024_sapl.pdf", "ementa": "Revoga portaria de atribui\u00e7\u00e3o de fun\u00e7\u00e3o gratificada e d\u00e1 outras provid\u00eancias."}, {"id": "5997", "ano": "2024", "numero": "1859", "tipo__sigla": "DE", "tipo__descricao": "Decreto Executivo", "texto_integral": "http://sapl.sarandi.pr.leg.br/media/sapl/public/normajuridica/2024/5997/decreto_executivo_no_1859-2024.pdf", "ementa": "ABRE CR\u00c9DITO ADICIONAL SUPLEMENTAR NA FORMA QUE ESPECIFICA."}, {"id": "5995", "ano": "2024", "numero": "1", "tipo__sigla": "IN", "tipo__descricao": "Instru\u00e7\u00e3o Normativa", "texto_integral": "http://sapl.sarandi.pr.leg.br/media/sapl/public/normajuridica/2024/5995/instrucao_normativa_no_001-2024_sapl.pdf", "ementa": "DISP\u00d5E SOBRE A REGULAMENTA\u00c7\u00c3O E PROCEDIMENTOS ADMINISTRATIVOS, EM VIRTUDE DA UTILIZA\u00c7\u00c3O DE UNIFORMES COMO VESTIMENTA PADR\u00c3O, E USO DE CRACH\u00c1 NO AMBIENTE DA C\u00c2MARA MUNICIPAL DE SARANDI, PELOS SERVIDORES EFETIVOS E COMISSIONADOS."}, {"id": "5994", "ano": "2024", "numero": "1857", "tipo__sigla": "DE", "tipo__descricao": "Decreto Executivo", "texto_integral": "http://sapl.sarandi.pr.leg.br/media/sapl/public/normajuridica/2024/5994/decreto_executivo_no_1857-2024.pdf", "ementa": "ABRE CR\u00c9DITO ADICIONAL SUPLEMENTAR NA FORMA QUE ESPECIFICA."}, {"id": "5993", "ano": "2024", "numero": "1855", "tipo__sigla": "DE", "tipo__descricao": "Decreto Executivo", "texto_integral": "http://sapl.sarandi.pr.leg.br/media/sapl/public/normajuridica/2024/5993/decreto_executivo_no_1855-2024.pdf", "ementa": "ABRE CR\u00c9DITO ADICIONAL SUPLEMENTAR NA FORMA QUE ESPECIFICA."}, {"id": "5992", "ano": "2024", "numero": "1853", "tipo__sigla": "DE", "tipo__descricao": "Decreto Executivo", "texto_integral": "http://sapl.sarandi.pr.leg.br/media/sapl/public/normajuridica/2024/5992/decreto_executivo_no_1853-2024.pdf", "ementa": "ABRE CR\u00c9DITO ADICIONAL SUPLEMENTAR NA FORMA QUE ESPECIFICA."}, {"id": "5990", "ano": "2024", "numero": "1851", "tipo__sigla": "DE", "tipo__descricao": "Decreto Executivo", "texto_integral": "http://sapl.sarandi.pr.leg.br/media/sapl/public/normajuridica/2024/5990/decreto_executivo_no_1851-2024.pdf", "ementa": "ABRE CR\u00c9DITO ADICIONAL SUPLEMENTAR NA FORMA QUE ESPECIFICA."}, {"id": "5991", "ano": "2024", "numero": "1850", "tipo__sigla": "DE", "tipo__descricao": "Decreto Executivo", "texto_integral": "http://sapl.sarandi.pr.leg.br/media/sapl/public/normajuridica/2024/5991/decreto_executivo_no_1850-2024.pdf", "ementa": "ABRE CR\u00c9DITO ADICIONAL SUPLEMENTAR NA FORMA QUE ESPECIFICA."}, {"id": "5989", "ano": "2024", "numero": "1847", "tipo__sigla": "DE", "tipo__descricao": "Decreto Executivo", "texto_integral": "http://sapl.sarandi.pr.leg.br/media/sapl/public/normajuridica/2024/5989/decreto_executivo_no_1847-2024.pdf", "ementa": "ABRE CR\u00c9DITO ADICIONAL SUPLEMENTAR NA FORMA QUE ESPECIFICA."}, {"id": "5988", "ano": "2024", "numero": "1846", "tipo__sigla": "DE", "tipo__descricao": "Decreto Executivo", "texto_integral": "http://sapl.sarandi.pr.leg.br/media/sapl/public/normajuridica/2024/5988/decreto_executivo_no_1846-2024.pdf", "ementa": "ABRE CR\u00c9DITO ADICIONAL SUPLEMENTAR NA FORMA QUE ESPECIFICA."}, {"id": "5986", "ano": "2024", "numero": "35", "tipo__sigla": "POR", "tipo__descricao": "Portaria", "texto_integral": "http://sapl.sarandi.pr.leg.br/media/sapl/public/normajuridica/2024/5986/portaria_no_035-2024_sapl.pdf", "ementa": "Nomeia a Comiss\u00e3o Permanente de Avalia\u00e7\u00e3o de Desempenho e d\u00e1 outras provid\u00eancias."}, {"id": "5985", "ano": "2024", "numero": "34", "tipo__sigla": "POR", "tipo__descricao": "Portaria", "texto_integral": "http://sapl.sarandi.pr.leg.br/media/sapl/public/normajuridica/2024/5985/portaria_no_034-2024_sapl.pdf", "ementa": "Nomeia o servidor Jo\u00e3o Lucas Figueiredo de Lima para ocupar a fun\u00e7\u00e3o gratificada de ouvidor e d\u00e1 outras provid\u00eancias."}, {"id": "5984", "ano": "2024", "numero": "33", "tipo__sigla": "POR", "tipo__descricao": "Portaria", "texto_integral": "http://sapl.sarandi.pr.leg.br/media/sapl/public/normajuridica/2024/5984/portaria_no_033-2024_sapl.pdf", "ementa": "Nomeia a servidora Regiane Zaparolli Figueiredo para ocupar a fun\u00e7\u00e3o gratificada de tesoureiro e d\u00e1 outras provid\u00eancias."}, {"id": "5983", "ano": "2024", "numero": "32", "tipo__sigla": "POR", "tipo__descricao": "Portaria", "texto_integral": "http://sapl.sarandi.pr.leg.br/media/sapl/public/normajuridica/2024/5983/portaria_no_032-2024_sapl.pdf", "ementa": "Nomeia a servidora Angela Alves de Almeida para ocupar a fun\u00e7\u00e3o gratificada de encarregado do arquivo geral e d\u00e1 outras provid\u00eancias."}, {"id": "5982", "ano": "2024", "numero": "31", "tipo__sigla": "POR", "tipo__descricao": "Portaria", "texto_integral": "http://sapl.sarandi.pr.leg.br/media/", "ementa": "Nomeia o servidor Rovilson Jos\u00e9 Arantes para ocupar a fun\u00e7\u00e3o de confian\u00e7a de diretor financeiro e d\u00e1 outras provid\u00eancias."}, {"id": "5981", "ano": "2024", "numero": "30", "tipo__sigla": "POR", "tipo__descricao": "Portaria", "texto_integral": "http://sapl.sarandi.pr.leg.br/media/sapl/public/normajuridica/2024/5981/portaria_no_030-2024_sapl.pdf", "ementa": "Nomeia o servidor Vagner Rafael Vaz para ocupar a fun\u00e7\u00e3o de confian\u00e7a de diretor legislativo e d\u00e1 outras provid\u00eancias."}, {"id": "5980", "ano": "2024", "numero": "29", "tipo__sigla": "POR", "tipo__descricao": "Portaria", "texto_integral": "http://sapl.sarandi.pr.leg.br/media/sapl/public/normajuridica/2024/5980/portaria_no_029-2024_sapl.pdf", "ementa": "Nomeia o servidor Dalvecir Aparecido Bonora para ocupar a fun\u00e7\u00e3o de confian\u00e7a de diretor administrativo e d\u00e1 outras provid\u00eancias."}, {"id": "5979", "ano": "2024", "numero": "28", "tipo__sigla": "POR", "tipo__descricao": "Portaria", "texto_integral": "http://sapl.sarandi.pr.leg.br/media/sapl/public/normajuridica/2024/5979/portaria_no_028-2024_sapl.pdf", "ementa": "Nomeia a servidora Camila de Souza Bueno dos Santos para ocupar a fun\u00e7\u00e3o gratificada de encarregado do protocolo e d\u00e1 outras provid\u00eancias."}, {"id": "5978", "ano": "2024", "numero": "27", "tipo__sigla": "POR", "tipo__descricao": "Portaria", "texto_integral": "http://sapl.sarandi.pr.leg.br/media/sapl/public/normajuridica/2024/5978/portaria_no_027-2024_sapl.pdf", "ementa": "Nomeia a servidora Edite Nunes da Silva para ocupar a fun\u00e7\u00e3o gratificada de encarregado de apoio aos servi\u00e7os gerais e d\u00e1 outras provid\u00eancias."}, {"id": "5977", "ano": "2024", "numero": "26", "tipo__sigla": "POR", "tipo__descricao": "Portaria", "texto_integral": "http://sapl.sarandi.pr.leg.br/media/sapl/public/normajuridica/2024/5977/portaria_no_026-2024_sapl.pdf", "ementa": "Nomeia a servidora Thais Sabino Janunzzi para ocupar a fun\u00e7\u00e3o gratificada de coordenador de assist\u00eancia legislativa e d\u00e1 outras provid\u00eancias."}, {"id": "5976", "ano": "2024", "numero": "25", "tipo__sigla": "POR", "tipo__descricao": "Portaria", "texto_integral": "http://sapl.sarandi.pr.leg.br/media/sapl/public/normajuridica/2024/5976/portaria_no_025-2024_sapl.pdf", "ementa": "Nomeia o servidor Renan Augusto dos Santos Volpatto para ocupar a fun\u00e7\u00e3o gratificada de coordenador de tecnologia da informa\u00e7\u00e3o e d\u00e1 outras provid\u00eancias."}, {"id": "5975", "ano": "2024", "numero": "24", "tipo__sigla": "POR", "tipo__descricao": "Portaria", "texto_integral": "http://sapl.sarandi.pr.leg.br/media/sapl/public/normajuridica/2024/5975/portaria_no_024-2024_sapl.pdf", "ementa": "Nomeia o servidor Lucas Ataliba Rantin de Carvalho para ocupar a fun\u00e7\u00e3o gratificada de coordenador de administra\u00e7\u00e3o e patrim\u00f4nio e d\u00e1 outras provid\u00eancias."}, {"id": "5974", "ano": "2024", "numero": "23", "tipo__sigla": "POR", "tipo__descricao": "Portaria", "texto_integral": "http://sapl.sarandi.pr.leg.br/media/sapl/public/normajuridica/2024/5974/portaria_no_023-2024_sapl.pdf", "ementa": "Nomeia a servidora Kauana Pereira de Souza para ocupar a fun\u00e7\u00e3o gratificada de Coordenador de Acompanhamento e Execu\u00e7\u00e3o de Leis, Projetos Especiais e Escola do Legislativo e d\u00e1 outras provid\u00eancias."}, {"id": "5973", "ano": "2024", "numero": "22", "tipo__sigla": "POR", "tipo__descricao": "Portaria", "texto_integral": "http://sapl.sarandi.pr.leg.br/media/sapl/public/normajuridica/2024/5973/portaria_no_022-2024_sapl.pdf", "ementa": "Nomeia o servidor Wesley Henrique Sanguino para ocupar a fun\u00e7\u00e3o gratificada de agente de contrata\u00e7\u00e3o e d\u00e1 outras provid\u00eancias."}, {"id": "5972", "ano": "2024", "numero": "21", "tipo__sigla": "POR", "tipo__descricao": "Portaria", "texto_integral": "http://sapl.sarandi.pr.leg.br/media/sapl/public/normajuridica/2024/5972/portaria_no_021-2024_sapl.pdf", "ementa": "Nomeia o servidor Alex Francisco de Souza para ocupar a fun\u00e7\u00e3o gratificada de agente de contrata\u00e7\u00e3o e d\u00e1 outras provid\u00eancias."}, {"id": "5971", "ano": "2024", "numero": "20", "tipo__sigla": "POR", "tipo__descricao": "Portaria", "texto_integral": "http://sapl.sarandi.pr.leg.br/media/sapl/public/normajuridica/2024/5971/portaria_no_020-2024_sapl.pdf", "ementa": "Nomeia o servidor Jo\u00e3o Roberto dos Santos Lopes para ocupar a fun\u00e7\u00e3o gratificada de gestor de pessoas e recursos humanos e d\u00e1 outras provid\u00eancias."}, {"id": "5970", "ano": "2024", "numero": "19", "tipo__sigla": "POR", "tipo__descricao": "Portaria", "texto_integral": "http://sapl.sarandi.pr.leg.br/media/sapl/public/normajuridica/2024/5970/portaria_no_019-2024_sapl.pdf", "ementa": "Nomeia a servidora Suzane Ribeiro Azevedo para ocupar a fun\u00e7\u00e3o gratificada de gestor de contratos e d\u00e1 outras provid\u00eancias."}, {"id": "5969", "ano": "2024", "numero": "1843", "tipo__sigla": "DE", "tipo__descricao": "Decreto Executivo", "texto_integral": "http://sapl.sarandi.pr.leg.br/media/sapl/public/normajuridica/2024/5969/decreto_executivo_no_1843-2024.pdf", "ementa": "ABRE CR\u00c9DITO ADICIONAL SUPLEMENTAR NA FORMA QUE ESPECIFICA."}, {"id": "5968", "ano": "2024", "numero": "1842", "tipo__sigla": "DE", "tipo__descricao": "Decreto Executivo", "texto_integral": "http://sapl.sarandi.pr.leg.br/media/sapl/public/normajuridica/2024/5968/decreto_executivo_no_1842-2024.pdf", "ementa": "ABRE CR\u00c9DITO ADICIONAL SUPLEMENTAR NA FORMA QUE ESPECIFICA."}, {"id": "5987", "ano": "2024", "numero": "3011", "tipo__sigla": "LEI", "tipo__descricao": "Lei Ordin\u00e1ria", "texto_integral": "http://sapl.sarandi.pr.leg.br/media/sapl/public/normajuridica/2024/5987/lei_no_3011-2024_sapl.pdf", "ementa": "Disp\u00f5e disponibiliza\u00e7\u00e3o sobre a do obrigatoriedade de C\u00f3digo de Barras Bidimensional QR (QR CODE) em todas as placas de obras p\u00fablicas e nos canais audiovisuais de divulga\u00e7\u00e3o em que a obra \u00e9 divulgada, no Munic\u00edpio de Sarandi e d\u00e1 outras provid\u00eancias."}, {"id": "5965", "ano": "2024", "numero": "3008", "tipo__sigla": "LEI", "tipo__descricao": "Lei Ordin\u00e1ria", "texto_integral": "http://sapl.sarandi.pr.leg.br/media/sapl/public/normajuridica/2024/5965/lei_no_3008-2024_sapl.pdf", "ementa": "Regulamenta, no \u00e2mbito do Poder Legislativo do Munic\u00edpio de Sarandi, a Lei n\u00b0 14.133, de 01 de abril de 2021, que \"Estabelece normas gerais de licita\u00e7\u00e3o e contrata\u00e7\u00e3o para as Administra\u00e7\u00f5es P\u00fablicas diretas, aut\u00e1rquicas e fundacionais da Uni\u00e3o, dos Estados, do Distrito Federal e dos Munic\u00edpios\", a aquisi\u00e7\u00e3o e incorpora\u00e7\u00e3o de bens ao patrim\u00f4nio p\u00fablico, os procedimentos para interven\u00e7\u00e3o estatal na propriedade privada provid\u00eancias."}, {"id": "5964", "ano": "2024", "numero": "1841", "tipo__sigla": "DE", "tipo__descricao": "Decreto Executivo", "texto_integral": "http://sapl.sarandi.pr.leg.br/media/sapl/public/normajuridica/2024/5964/decreto_executivo_no_1841-2024.pdf", "ementa": "ABRE CR\u00c9DITO ADICIONAL SUPLEMENTAR NA FORMA QUE ESPECIFICA."}, {"id": "5963", "ano": "2024", "numero": "1840", "tipo__sigla": "DE", "tipo__descricao": "Decreto Executivo", "texto_integral": "http://sapl.sarandi.pr.leg.br/media/sapl/public/normajuridica/2024/5963/decreto_executivo_no_1840-2024.pdf", "ementa": "ABRE CR\u00c9DITO ADICIONAL SUPLEMENTAR NA FORMA QUE ESPECIFICA."}, {"id": "5962", "ano": "2024", "numero": "1839", "tipo__sigla": "DE", "tipo__descricao": "Decreto Executivo", "texto_integral": "http://sapl.sarandi.pr.leg.br/media/sapl/public/normajuridica/2024/5962/decreto_executivo_no_1839-2024.pdf", "ementa": "ABRE CR\u00c9DITO ADICIONAL SUPLEMENTAR NA FORMA QUE ESPECIFICA."}, {"id": "5967", "ano": "2024", "numero": "3010", "tipo__sigla": "LEI", "tipo__descricao": "Lei Ordin\u00e1ria", "texto_integral": "http://sapl.sarandi.pr.leg.br/media/sapl/public/normajuridica/2024/5967/lei_no_3010-2024_sapl.pdf", "ementa": "Altera a Lei n\u00ba 2.860, de 13 de setembro de 2022, na forma que especifica."}, {"id": "5966", "ano": "2024", "numero": "3009", "tipo__sigla": "LEI", "tipo__descricao": "Lei Ordin\u00e1ria", "texto_integral": "http://sapl.sarandi.pr.leg.br/media/sapl/public/normajuridica/2024/5966/lei_no_3009-2024_sapl.pdf", "ementa": "Institui o Dia dos Desbravadores no Munic\u00edpio de Sarandi."}, {"id": "5961", "ano": "2024", "numero": "1838", "tipo__sigla": "DE", "tipo__descricao": "Decreto Executivo", "texto_integral": "http://sapl.sarandi.pr.leg.br/media/sapl/public/normajuridica/2024/5961/decreto_executivo_no_1838-2024.pdf", "ementa": "ABRE CR\u00c9DITO ADICIONAL SUPLEMENTAR NA FORMA QUE ESPECIFICA."}, {"id": "5960", "ano": "2024", "numero": "1837", "tipo__sigla": "DE", "tipo__descricao": "Decreto Executivo", "texto_integral": "http://sapl.sarandi.pr.leg.br/media/sapl/public/normajuridica/2024/5960/decreto_executivo_no_1837-2024.pdf", "ementa": "ABRE CR\u00c9DITO ADICIONAL SUPLEMENTAR NA FORMA QUE ESPECIFICA."}, {"id": "5959", "ano": "2024", "numero": "1836", "tipo__sigla": "DE", "tipo__descricao": "Decreto Executivo", "texto_integral": "http://sapl.sarandi.pr.leg.br/media/sapl/public/normajuridica/2024/5959/decreto_executivo_no_1836-2024.pdf", "ementa": "ABRE CR\u00c9DITO ADICIONAL SUPLEMENTAR NA FORMA QUE ESPECIFICA."}, {"id": "5958", "ano": "2024", "numero": "1835", "tipo__sigla": "DE", "tipo__descricao": "Decreto Executivo", "texto_integral": "http://sapl.sarandi.pr.leg.br/media/sapl/public/normajuridica/2024/5958/decreto_executivo_no_1835-2024.pdf", "ementa": "ABRE CR\u00c9DITO ADICIONAL SUPLEMENTAR NA FORMA QUE ESPECIFICA."}, {"id": "5954", "ano": "2024", "numero": "1834", "tipo__sigla": "DE", "tipo__descricao": "Decreto Executivo", "texto_integral": "http://sapl.sarandi.pr.leg.br/media/sapl/public/normajuridica/2024/5954/decreto_executivo_no_1834-2024.pdf", "ementa": "ABRE CR\u00c9DITO ADICIONAL SUPLEMENTAR NA FORMA QUE ESPECIFICA."}, {"id": "5957", "ano": "2024", "numero": "18", "tipo__sigla": "POR", "tipo__descricao": "Portaria", "texto_integral": "http://sapl.sarandi.pr.leg.br/media/sapl/public/normajuridica/2024/5957/portaria_no_018-2024_sapl.pdf", "ementa": "Concede progress\u00e3o funcional por capacita\u00e7\u00e3o ao servidor Renan Augusto dos Santos Volpatto e d\u00e1 outras provid\u00eancias."}, {"id": "5956", "ano": "2024", "numero": "17", "tipo__sigla": "POR", "tipo__descricao": "Portaria", "texto_integral": "http://sapl.sarandi.pr.leg.br/media/sapl/public/normajuridica/2024/5956/portaria_no_017-2024_sapl.pdf", "ementa": "Concede progress\u00e3o funcional por capacita\u00e7\u00e3o ao servidor Renan Augusto dos Santos Volpatto e d\u00e1 outras provid\u00eancias."}, {"id": "5955", "ano": "2024", "numero": "16", "tipo__sigla": "POR", "tipo__descricao": "Portaria", "texto_integral": "http://sapl.sarandi.pr.leg.br/media/sapl/public/normajuridica/2024/5955/portaria_no_016-2024_sapl.pdf", "ementa": "Concede progress\u00e3o funcional por capacita\u00e7\u00e3o \u00e0 servidora D\u00e9bora Aparecida de Souza e d\u00e1 outras provid\u00eancias."}, {"id": "5949", "ano": "2024", "numero": "3", "tipo__sigla": "ATM", "tipo__descricao": "Ato da Mesa", "texto_integral": "http://sapl.sarandi.pr.leg.br/media/sapl/public/normajuridica/2024/5949/ato_da_mesa_no_003-2024_sapl.pdf", "ementa": "Disp\u00f5e sobre o exerc\u00edcio do mandato dos Vereadores Mirins para a 2\u00aa (Segunda) Legislatura."}, {"id": "5948", "ano": "2024", "numero": "2", "tipo__sigla": "ATM", "tipo__descricao": "Ato da Mesa", "texto_integral": "http://sapl.sarandi.pr.leg.br/media/sapl/public/normajuridica/2024/5948/ato_da_mesa_no_002-2024_sapl.pdf", "ementa": "Disp\u00f5e sobre a diploma\u00e7\u00e3o e a posse dos Vereadores Mirins e da Mesa Diretora."}, {"id": "5947", "ano": "2024", "numero": "1", "tipo__sigla": "ATM", "tipo__descricao": "Ato da Mesa", "texto_integral": "http://sapl.sarandi.pr.leg.br/media/sapl/public/normajuridica/2024/5947/ato_da_mesa_no_001-2024_sapl.pdf", "ementa": "Disp\u00f5e sobre a Elei\u00e7\u00e3o do Programa Vereador Mirim 2024."}, {"id": "5953", "ano": "2024", "numero": "1833", "tipo__sigla": "DE", "tipo__descricao": "Decreto Executivo", "texto_integral": "http://sapl.sarandi.pr.leg.br/media/sapl/public/normajuridica/2024/5953/decreto_executivo_no_1833-2024.pdf", "ementa": "ABRE CR\u00c9DITO ADICIONAL SUPLEMENTAR NA FORMA QUE ESPECIFICA."}, {"id": "5952", "ano": "2024", "numero": "1832", "tipo__sigla": "DE", "tipo__descricao": "Decreto Executivo", "texto_integral": "http://sapl.sarandi.pr.leg.br/media/sapl/public/normajuridica/2024/5952/decreto_executivo_no_1832-2024.pdf", "ementa": "ABRE CR\u00c9DITO ADICIONAL SUPLEMENTAR NA FORMA QUE ESPECIFICA."}, {"id": "5951", "ano": "2024", "numero": "1831", "tipo__sigla": "DE", "tipo__descricao": "Decreto Executivo", "texto_integral": "http://sapl.sarandi.pr.leg.br/media/sapl/public/normajuridica/2024/5951/decreto_executivo_no_1831-2024.pdf", "ementa": "ABRE CR\u00c9DITO ADICIONAL SUPLEMENTAR NA FORMA QUE ESPECIFICA."}, {"id": "5941", "ano": "2024", "numero": "15", "tipo__sigla": "POR", "tipo__descricao": "Portaria", "texto_integral": "http://sapl.sarandi.pr.leg.br/media/sapl/public/normajuridica/2024/5941/portaria_no_015-2024_sapl.pdf", "ementa": "Revoga portaria de atribui\u00e7\u00e3o de fun\u00e7\u00e3o gratificada e d\u00e1 outras provid\u00eancias."}, {"id": "5943", "ano": "2024", "numero": "2", "tipo__sigla": "RES", "tipo__descricao": "Resolu\u00e7\u00e3o", "texto_integral": "http://sapl.sarandi.pr.leg.br/media/sapl/public/normajuridica/2024/5943/resolucao_no_002-2024_sapl.pdf", "ementa": "Institui o Sistema de Coleta Seletiva, Reciclagem e Destina\u00e7\u00e3o Final de Lixo no \u00e2mbito da C\u00e2mara Municipal de Sarandi e d\u00e1 outras provid\u00eancias."}, {"id": "5944", "ano": "2024", "numero": "1", "tipo__sigla": "DL", "tipo__descricao": "Decreto Legislativo", "texto_integral": "http://sapl.sarandi.pr.leg.br/media/sapl/public/normajuridica/2024/5944/decreto_legislativo_no_001-2024_sapl.pdf", "ementa": "DISP\u00d5E SOBRE REJEI\u00c7\u00c3O DO \u201cVETO N\u00ba 009/2023\u201d, TOTAL AO PROJETO DE LEI N\u00ba 3.406/2023, DE AUTORIA DA EDIL KEILA BATISTA ZEGOBIA \u201cKEILA ZEGOBIA\u201d, O QUAL DISP\u00d5E SOBRE A OBRIGATORIEDADE DE DISPONIBILIZA\u00c7\u00c3O DO C\u00d3DIGO DE BARRAS BIDIMENSIONAL QR (QR CODE) EM TODAS AS PLACAS DE OBRAS P\u00daBLICAS E NOS CANAIS AUDIOVISUAIS DE DIVULGA\u00c7\u00c3O EM QUE A OBRA \u00c9 DIVULGADA, NO MUNIC\u00cdPIO DE SARANDI E D\u00c1 OUTRAS PROVID\u00caNCIAS."}, {"id": "5950", "ano": "2024", "numero": "1830", "tipo__sigla": "DE", "tipo__descricao": "Decreto Executivo", "texto_integral": "http://sapl.sarandi.pr.leg.br/media/sapl/public/normajuridica/2024/5950/decreto_executivo_no_1830-2024.pdf", "ementa": "ABRE CR\u00c9DITO ADICIONAL SUPLEMENTAR NA FORMA QUE ESPECIFICA."}, {"id": "5946", "ano": "2024", "numero": "1829", "tipo__sigla": "DE", "tipo__descricao": "Decreto Executivo", "texto_integral": "http://sapl.sarandi.pr.leg.br/media/sapl/public/normajuridica/2024/5946/decreto_executivo_no_1829-2024.pdf", "ementa": "ABRE CR\u00c9DITO ADICIONAL SUPLEMENTAR NA FORMA QUE ESPECIFICA."}, {"id": "5945", "ano": "2024", "numero": "1827", "tipo__sigla": "DE", "tipo__descricao": "Decreto Executivo", "texto_integral": "http://sapl.sarandi.pr.leg.br/media/sapl/public/normajuridica/2024/5945/decreto_executivo_no_1827-2024.pdf", "ementa": "ABRE CR\u00c9DITO ADICIONAL SUPLEMENTAR NA FORMA QUE ESPECIFICA."}, {"id": "5942", "ano": "2024", "numero": "1826", "tipo__sigla": "DE", "tipo__descricao": "Decreto Executivo", "texto_integral": "http://sapl.sarandi.pr.leg.br/media/sapl/public/normajuridica/2024/5942/decreto_executivo_no_1826-2024.pdf", "ementa": "ABRE CR\u00c9DITO ADICIONAL SUPLEMENTAR NA FORMA QUE ESPECIFICA."}, {"id": "5937", "ano": "2024", "numero": "1825", "tipo__sigla": "DE", "tipo__descricao": "Decreto Executivo", "texto_integral": "http://sapl.sarandi.pr.leg.br/media/sapl/public/normajuridica/2024/5937/decreto_executivo_no_1825-2024.pdf", "ementa": "ABRE CR\u00c9DITO ADICIONAL SUPLEMENTAR NA FORMA QUE ESPECIFICA."}, {"id": "5935", "ano": "2024", "numero": "14", "tipo__sigla": "POR", "tipo__descricao": "Portaria", "texto_integral": "http://sapl.sarandi.pr.leg.br/media/sapl/public/normajuridica/2024/5935/portaria_no_014-2024_sapl.pdf", "ementa": "Nomeia Regiane Zaparolli Figueiredo para ocupar a fun\u00e7\u00e3o gratificada como tesoureiro e d\u00e1 outras provid\u00eancias."}, {"id": "5936", "ano": "2024", "numero": "1824", "tipo__sigla": "DE", "tipo__descricao": "Decreto Executivo", "texto_integral": "http://sapl.sarandi.pr.leg.br/media/sapl/public/normajuridica/2024/5936/decreto_executivo_no_1824-2024.pdf", "ementa": "ABRE CR\u00c9DITO ADICIONAL SUPLEMENTAR NA FORMA QUE ESPECIFICA."}, {"id": "5934", "ano": "2024", "numero": "1823", "tipo__sigla": "DE", "tipo__descricao": "Decreto Executivo", "texto_integral": "http://sapl.sarandi.pr.leg.br/media/sapl/public/normajuridica/2024/5934/decreto_executivo_no_1823-2024.pdf", "ementa": "ABRE CR\u00c9DITO ADICIONAL SUPLEMENTAR NA FORMA QUE ESPECIFICA."}, {"id": "5933", "ano": "2024", "numero": "1822", "tipo__sigla": "DE", "tipo__descricao": "Decreto Executivo", "texto_integral": "http://sapl.sarandi.pr.leg.br/media/sapl/public/normajuridica/2024/5933/decreto_executivo_no_1822-2024.pdf", "ementa": "ABRE CR\u00c9DITO ADICIONAL SUPLEMENTAR NA FORMA QUE ESPECIFICA."}, {"id": "5927", "ano": "2024", "numero": "1815", "tipo__sigla": "DE", "tipo__descricao": "Decreto Executivo", "texto_integral": "http://sapl.sarandi.pr.leg.br/media/sapl/public/normajuridica/2024/5927/decreto_executivo_no_1815-2024.pdf", "ementa": "ABRE CR\u00c9DITO ADICIONAL SUPLEMENTAR NA FORMA QUE ESPECIFICA."}, {"id": "5923", "ano": "2024", "numero": "1811", "tipo__sigla": "DE", "tipo__descricao": "Decreto Executivo", "texto_integral": "http://sapl.sarandi.pr.leg.br/media/sapl/public/normajuridica/2024/5923/decreto_executivo_no_1811-2024.pdf", "ementa": "ABRE CR\u00c9DITO ADICIONAL SUPLEMENTAR NA FORMA QUE ESPECIFICA."}, {"id": "5926", "ano": "2024", "numero": "1810", "tipo__sigla": "DE", "tipo__descricao": "Decreto Executivo", "texto_integral": "http://sapl.sarandi.pr.leg.br/media/sapl/public/normajuridica/2024/5926/decreto_executivo_no_1810-2024.pdf", "ementa": "ABRE CR\u00c9DITO ADICIONAL SUPLEMENTAR NA FORMA QUE ESPECIFICA."}, {"id": "5925", "ano": "2024", "numero": "1809", "tipo__sigla": "DE", "tipo__descricao": "Decreto Executivo", "texto_integral": "http://sapl.sarandi.pr.leg.br/media/sapl/public/normajuridica/2024/5925/decreto_executivo_no_1809-2024.pdf", "ementa": "ABRE CR\u00c9DITO ADICIONAL SUPLEMENTAR NA FORMA QUE ESPECIFICA."}, {"id": "5924", "ano": "2024", "numero": "1806", "tipo__sigla": "DE", "tipo__descricao": "Decreto Executivo", "texto_integral": "http://sapl.sarandi.pr.leg.br/media/sapl/public/normajuridica/2024/5924/decreto_executivo_no_1806-2024.pdf", "ementa": "ABRE CR\u00c9DITO ADICIONAL SUPLEMENTAR NA FORMA QUE ESPECIFICA."}, {"id": "5921", "ano": "2024", "numero": "13", "tipo__sigla": "POR", "tipo__descricao": "Portaria", "texto_integral": "http://sapl.sarandi.pr.leg.br/media/sapl/public/normajuridica/2024/5921/portaria_no_013-2024_sapl.pdf", "ementa": "Revoga portarias de comiss\u00f5es, diretorias, chefias e atribui\u00e7\u00f5es de fun\u00e7\u00f5es gratificadas e d\u00e1 outras provid\u00eancias."}, {"id": "5920", "ano": "2024", "numero": "12", "tipo__sigla": "POR", "tipo__descricao": "Portaria", "texto_integral": "http://sapl.sarandi.pr.leg.br/media/sapl/public/normajuridica/2024/5920/portaria_no_012-2024_sapl.pdf", "ementa": "Fixa o calend\u00e1rio oficial de pontos facultativos para o ano de 2024, da C\u00e2mara Municipal de Sarandi e d\u00e1 outras provid\u00eancias."}, {"id": "5919", "ano": "2024", "numero": "1", "tipo__sigla": "RES", "tipo__descricao": "Resolu\u00e7\u00e3o", "texto_integral": "http://sapl.sarandi.pr.leg.br/media/sapl/public/normajuridica/2024/5919/resolucao_no_001-2024_sapl.pdf", "ementa": "Disp\u00f5e sobre a estrutura organizacional da C\u00e2mara Municipal de Sarandi - Estado do Paran\u00e1."}, {"id": "5940", "ano": "2024", "numero": "3007", "tipo__sigla": "LEI", "tipo__descricao": "Lei Ordin\u00e1ria", "texto_integral": "http://sapl.sarandi.pr.leg.br/media/sapl/public/normajuridica/2024/5940/lei_no_3007-2024_sapl.pdf", "ementa": "Disp\u00f5e sobre as fun\u00e7\u00f5es gratificadas pelo exerc\u00edcio de encargos especiais na C\u00e2mara Municipal de Sarandi e d\u00e1 outras provid\u00eancias."}, {"id": "5939", "ano": "2024", "numero": "3006", "tipo__sigla": "LEI", "tipo__descricao": "Lei Ordin\u00e1ria", "texto_integral": "http://sapl.sarandi.pr.leg.br/media/sapl/public/normajuridica/2024/5939/lei_no_3006-2024_sapl.pdf", "ementa": "Altera a Lei n\u00b0 2.869, de 01 de dezembro de 2022 e d\u00e1 outras provid\u00eancias."}, {"id": "5938", "ano": "2024", "numero": "3005", "tipo__sigla": "LEI", "tipo__descricao": "Lei Ordin\u00e1ria", "texto_integral": "http://sapl.sarandi.pr.leg.br/media/sapl/public/normajuridica/2024/5938/lei_no_3005-2024_sapl.pdf", "ementa": "Disp\u00f5e sobre as fun\u00e7\u00f5es de confian\u00e7a da C\u00e2mara Municipal de Sarandi e d\u00e1 outras provid\u00eancias."}, {"id": "5922", "ano": "2024", "numero": "1802", "tipo__sigla": "DE", "tipo__descricao": "Decreto Executivo", "texto_integral": "http://sapl.sarandi.pr.leg.br/media/sapl/public/normajuridica/2024/5922/decreto_executivo_no_1802-2024.pdf", "ementa": "ABRE CR\u00c9DITO ADICIONAL SUPLEMENTAR NA FORMA QUE ESPECIFICA."}, {"id": "5917", "ano": "2024", "numero": "3004", "tipo__sigla": "LEI", "tipo__descricao": "Lei Ordin\u00e1ria", "texto_integral": "http://sapl.sarandi.pr.leg.br/media/sapl/public/normajuridica/2024/5917/lei_no_3004-2024_sapl.pdf", "ementa": "Altera a Lei n\u00b0 2.128, de 15 de dezembro de 2014 e d\u00e1 outras provid\u00eancias."}, {"id": "5916", "ano": "2024", "numero": "3003", "tipo__sigla": "LEI", "tipo__descricao": "Lei Ordin\u00e1ria", "texto_integral": "http://sapl.sarandi.pr.leg.br/media/sapl/public/normajuridica/2024/5916/lei_no_3003-2024_sapl.pdf", "ementa": "Autoriza Altera a Lei n\u00b0 2.947, de 26 de julho de 2023 e d\u00e1 outras provid\u00eancias."}, {"id": "5915", "ano": "2024", "numero": "3002", "tipo__sigla": "LEI", "tipo__descricao": "Lei Ordin\u00e1ria", "texto_integral": "http://sapl.sarandi.pr.leg.br/media/sapl/public/normajuridica/2024/5915/lei_no_3002-2024_sapl.pdf", "ementa": "Autoriza o Chefe do Poder Executivo Municipal a fixar piso m\u00ednimo de vencimentos dos Servidores P\u00fablicos Municipais de Sarandi e d\u00e1 outras provid\u00eancias."}, {"id": "5914", "ano": "2024", "numero": "3001", "tipo__sigla": "LEI", "tipo__descricao": "Lei Ordin\u00e1ria", "texto_integral": "http://sapl.sarandi.pr.leg.br/media/sapl/public/normajuridica/2024/5914/lei_no_3001-2024_sapl.pdf", "ementa": "Concede reposi\u00e7\u00e3o e aumento salarial aos servidores p\u00fablicos municipais ativos, inativos, pensionistas e cargo em comiss\u00e3o do Munic\u00edpio de Sarandi e d\u00e1 outras disposi\u00e7\u00f5es."}, {"id": "5913", "ano": "2024", "numero": "3000", "tipo__sigla": "LEI", "tipo__descricao": "Lei Ordin\u00e1ria", "texto_integral": "http://sapl.sarandi.pr.leg.br/media/sapl/public/normajuridica/2024/5913/lei_no_3000-2024_sapl.pdf", "ementa": "Concede reposi\u00e7\u00e3o salarial e ganho real aos servidores pertencentes ao quadro de pessoal estatut\u00e1rio ativo, inativo e pensionista, e de provimento em comiss\u00e3o da C\u00e2mara Municipal de Sarandi e d\u00e1 outras provid\u00eancias."}, {"id": "5912", "ano": "2024", "numero": "2999", "tipo__sigla": "LEI", "tipo__descricao": "Lei Ordin\u00e1ria", "texto_integral": "http://sapl.sarandi.pr.leg.br/media/sapl/public/normajuridica/2024/5912/lei_no_2999-2024_sapl.pdf", "ementa": "Disp\u00f5e sobre a atualiza\u00e7\u00e3o monet\u00e1ria do subs\u00eddio dos Vereadores da C\u00e2mara Municipal de Sarandi e d\u00e1 outras provid\u00eancias."}, {"id": "5911", "ano": "2024", "numero": "2998", "tipo__sigla": "LEI", "tipo__descricao": "Lei Ordin\u00e1ria", "texto_integral": "http://sapl.sarandi.pr.leg.br/media/sapl/public/normajuridica/2024/5911/lei_no_2998-2024_sapl.pdf", "ementa": "Disp\u00f5e sobre a atualiza\u00e7\u00e3o monet\u00e1ria do subs\u00eddio do Prefeito, Vice-Prefeito e dos Secret\u00e1rios Municipais, e d\u00e1 outras provid\u00eancias."}, {"id": "5918", "ano": "2024", "numero": "460", "tipo__sigla": "LC", "tipo__descricao": "Lei Complementar", "texto_integral": "http://sapl.sarandi.pr.leg.br/media/sapl/public/normajuridica/2024/5918/lei_complementar_no_460-2024_sapl.pdf", "ementa": "Altera a Lei Complementar n\u00ba 399, de 12 de janeiro de 2022e d\u00e1 outras provid\u00eancias."}, {"id": "5910", "ano": "2024", "numero": "459", "tipo__sigla": "LC", "tipo__descricao": "Lei Complementar", "texto_integral": "http://sapl.sarandi.pr.leg.br/media/sapl/public/normajuridica/2024/5910/lei_complementar_no_459-2024_sapl.pdf", "ementa": "Disp\u00f5e sobre a fixa\u00e7\u00e3o de vencimento inicial dos cargos dos servidores efetivos da C\u00e2mara Municipal de Sarandi, Estado do Paran\u00e1 e d\u00e1 outras provid\u00eancias."}, {"id": "5909", "ano": "2024", "numero": "458", "tipo__sigla": "LC", "tipo__descricao": "Lei Complementar", "texto_integral": "http://sapl.sarandi.pr.leg.br/media/sapl/public/normajuridica/2024/5909/lei_complementar_no_458-2024_sapl.pdf", "ementa": "Altera a Lei Complementar n\u00b0 419, de 29 de agosto de 2022, na forma que especifica."}, {"id": "5908", "ano": "2024", "numero": "457", "tipo__sigla": "LC", "tipo__descricao": "Lei Complementar", "texto_integral": "http://sapl.sarandi.pr.leg.br/media/sapl/public/normajuridica/2024/5908/lei_complementar_no_457-2024_sapl.pdf", "ementa": "Altera a Lei Complementar n\u00ba 355, de 11 de dezembro de 2017 e d\u00e1 outras provid\u00eancias."}, {"id": "5907", "ano": "2024", "numero": "1797", "tipo__sigla": "DE", "tipo__descricao": "Decreto Executivo", "texto_integral": "http://sapl.sarandi.pr.leg.br/media/sapl/public/normajuridica/2024/5907/decreto_executivo_no_1797-2024.pdf", "ementa": "ABRE CR\u00c9DITO ADICIONAL SUPLEMENTAR NA FORMA QUE ESPECIFICA."}, {"id": "5906", "ano": "2024", "numero": "1796", "tipo__sigla": "DE", "tipo__descricao": "Decreto Executivo", "texto_integral": "http://sapl.sarandi.pr.leg.br/media/sapl/public/normajuridica/2024/5906/decreto_executivo_no_1796-2024.pdf", "ementa": "ABRE CR\u00c9DITO ADICIONAL SUPLEMENTAR NA FORMA QUE ESPECIFICA."}, {"id": "5900", "ano": "2024", "numero": "11", "tipo__sigla": "POR", "tipo__descricao": "Portaria", "texto_integral": "http://sapl.sarandi.pr.leg.br/media/sapl/public/normajuridica/2024/5900/portaria_no_011-2024_sapl.pdf", "ementa": "Concede progress\u00e3o funcional por desempenho ao servidor Dalvecir Aparecido Bonora e d\u00e1 outras provid\u00eancias."}, {"id": "5899", "ano": "2024", "numero": "10", "tipo__sigla": "POR", "tipo__descricao": "Portaria", "texto_integral": "http://sapl.sarandi.pr.leg.br/media/sapl/public/normajuridica/2024/5899/portaria_no_010-2024_sapl.pdf", "ementa": "Concede progress\u00e3o funcional por desempenho \u00e0 servidora Edite Nunes da Silva e d\u00e1 outras provid\u00eancias."}, {"id": "5898", "ano": "2024", "numero": "1794", "tipo__sigla": "DE", "tipo__descricao": "Decreto Executivo", "texto_integral": "http://sapl.sarandi.pr.leg.br/media/sapl/public/normajuridica/2024/5898/decreto_executivo_no_1794-2024.pdf", "ementa": "ABRE CR\u00c9DITO ADICIONAL SUPLEMENTAR NA FORMA QUE ESPECIFICA."}, {"id": "5897", "ano": "2024", "numero": "1793", "tipo__sigla": "DE", "tipo__descricao": "Decreto Executivo", "texto_integral": "http://sapl.sarandi.pr.leg.br/media/sapl/public/normajuridica/2024/5897/decreto_executivo_no_1793-2024.pdf", "ementa": "ABRE CR\u00c9DITO ADICIONAL SUPLEMENTAR NA FORMA QUE ESPECIFICA."}, {"id": "5896", "ano": "2024", "numero": "1792", "tipo__sigla": "DE", "tipo__descricao": "Decreto Executivo", "texto_integral": "http://sapl.sarandi.pr.leg.br/media/sapl/public/normajuridica/2024/5896/decreto_executivo_no_1792-2024.pdf", "ementa": "INSTITUI PONTO FACULTATIVO DURANTE O FERIADO DE CARNAVAL NAS REPARTI\u00c7\u00d5ES P\u00daBLICAS MUNICIPAIS, NA FORMA QUE ESPECIFICA."}, {"id": "5902", "ano": "2024", "numero": "1791", "tipo__sigla": "DE", "tipo__descricao": "Decreto Executivo", "texto_integral": "http://sapl.sarandi.pr.leg.br/media/sapl/public/normajuridica/2024/5902/decreto_executivo_no_1791-2024.pdf", "ementa": "DISP\u00d5E SOBRE O REGIMENTO INTERNO DO COMIT\u00ca DE INVESTIMENTOS DA CAIXA DE APOSENTADORIA E PENS\u00c3O DOS SERVIDORES MUNICIPAIS DE SARANDI \u2013 PRESERV, E D\u00c1 OUTRAS PROVID\u00caNCIAS."}, {"id": "5895", "ano": "2024", "numero": "9", "tipo__sigla": "POR", "tipo__descricao": "Portaria", "texto_integral": "http://sapl.sarandi.pr.leg.br/media/sapl/public/normajuridica/2024/5895/portaria_no_009-2024_sapl.pdf", "ementa": "Concede progress\u00e3o funcional por capacita\u00e7\u00e3o ao servidor Vagner Rafael Vaz e d\u00e1 outras provid\u00eancias."}, {"id": "5893", "ano": "2024", "numero": "1787", "tipo__sigla": "DE", "tipo__descricao": "Decreto Executivo", "texto_integral": "http://sapl.sarandi.pr.leg.br/media/sapl/public/normajuridica/2024/5893/decreto_executivo_no_1787-2024.pdf", "ementa": "ABRE CR\u00c9DITO ADICIONAL SUPLEMENTAR NA FORMA QUE ESPECIFICA."}, {"id": "5894", "ano": "2024", "numero": "1786", "tipo__sigla": "DE", "tipo__descricao": "Decreto Executivo", "texto_integral": "http://sapl.sarandi.pr.leg.br/media/sapl/public/normajuridica/2024/5894/decreto_executivo_no_1786-2024.pdf", "ementa": "ABRE CR\u00c9DITO ADICIONAL SUPLEMENTAR NA FORMA QUE ESPECIFICA."}, {"id": "5892", "ano": "2024", "numero": "8", "tipo__sigla": "POR", "tipo__descricao": "Portaria", "texto_integral": "http://sapl.sarandi.pr.leg.br/media/sapl/public/normajuridica/2024/5892/portaria_no_008-2024_sapl.pdf", "ementa": "Designa servidora Luzia Azevedo Dias, para fiscaliza\u00e7\u00e3o de Atas de Pre\u00e7os, e d\u00e1 outras provid\u00eancias."}, {"id": "5887", "ano": "2024", "numero": "1784", "tipo__sigla": "DE", "tipo__descricao": "Decreto Executivo", "texto_integral": "http://sapl.sarandi.pr.leg.br/media/sapl/public/normajuridica/2024/5887/decreto_executivo_no_1784-2024.pdf", "ementa": "ABRE CR\u00c9DITO ADICIONAL SUPLEMENTAR NA FORMA QUE ESPECIFICA."}, {"id": "5885", "ano": "2024", "numero": "7", "tipo__sigla": "POR", "tipo__descricao": "Portaria", "texto_integral": "http://sapl.sarandi.pr.leg.br/media/sapl/public/normajuridica/2024/5885/portaria_no_007-2024_sapl.pdf", "ementa": "Concede progress\u00e3o funcional por capacita\u00e7\u00e3o \u00e0 servidora Helonise Grabriella Gon\u00e7alves Passos e d\u00e1 outras provid\u00eancias."}, {"id": "5884", "ano": "2024", "numero": "6", "tipo__sigla": "POR", "tipo__descricao": "Portaria", "texto_integral": "http://sapl.sarandi.pr.leg.br/media/sapl/public/normajuridica/2024/5884/portaria_no_006-2024_sapl.pdf", "ementa": "Concede licen\u00e7a especial \u00e0 servidora Angela Alves de Almeida e d\u00e1 outras provid\u00eancias."}, {"id": "5886", "ano": "2024", "numero": "1783", "tipo__sigla": "DE", "tipo__descricao": "Decreto Executivo", "texto_integral": "http://sapl.sarandi.pr.leg.br/media/sapl/public/normajuridica/2024/5886/decreto_executivo_no_1783-2024.pdf", "ementa": "ABRE CR\u00c9DITO ADICIONAL SUPLEMENTAR NA FORMA QUE ESPECIFICA."}, {"id": "5883", "ano": "2024", "numero": "1782", "tipo__sigla": "DE", "tipo__descricao": "Decreto Executivo", "texto_integral": "http://sapl.sarandi.pr.leg.br/media/sapl/public/normajuridica/2023/5883/decreto_executivo_no_1782-2024.pdf", "ementa": "ABRE CR\u00c9DITO ADICIONAL SUPLEMENTAR NA FORMA QUE ESPECIFICA."}, {"id": "5879", "ano": "2024", "numero": "456", "tipo__sigla": "LC", "tipo__descricao": "Lei Complementar", "texto_integral": "http://sapl.sarandi.pr.leg.br/media/sapl/public/normajuridica/2024/5879/lei_complementar_no_456-2024_sapl.pdf", "ementa": "Altera a Lei Complementar n\u00ba 397, de 12 de janeiro de 2022 e d\u00e1 outras provid\u00eancias."}, {"id": "5881", "ano": "2024", "numero": "1780", "tipo__sigla": "DE", "tipo__descricao": "Decreto Executivo", "texto_integral": "http://sapl.sarandi.pr.leg.br/media/sapl/public/normajuridica/2024/5881/decreto_executivo_no_1780-2024.pdf", "ementa": "ABRE CR\u00c9DITO ADICIONAL SUPLEMENTAR NA FORMA QUE ESPECIFICA."}, {"id": "5882", "ano": "2024", "numero": "1778", "tipo__sigla": "DE", "tipo__descricao": "Decreto Executivo", "texto_integral": "http://sapl.sarandi.pr.leg.br/media/sapl/public/normajuridica/2024/5882/decreto_executivo_no_1778-2024.pdf", "ementa": "DISP\u00d5E SOBRE A COMPATIBILIZA\u00c7\u00c3O DA PROGRAMA\u00c7\u00c3O FINANCEIRA DE ARRECADA\u00c7\u00c3O E O CRONOGRAMA DE EXECU\u00c7\u00c3O DE DESEMBOLSO PARA O EXERC\u00cdCIO DE 2024."}, {"id": "5878", "ano": "2024", "numero": "1777", "tipo__sigla": "DE", "tipo__descricao": "Decreto Executivo", "texto_integral": "http://sapl.sarandi.pr.leg.br/media/sapl/public/normajuridica/2024/5878/decreto_executivo_no_1777-2024.pdf", "ementa": "ABRE CR\u00c9DITO ADICIONAL SUPLEMENTAR NA FORMA QUE ESPECIFICA."}, {"id": "5880", "ano": "2024", "numero": "1776", "tipo__sigla": "DE", "tipo__descricao": "Decreto Executivo", "texto_integral": "http://sapl.sarandi.pr.leg.br/media/sapl/public/normajuridica/2024/5880/decreto_executivo_no_1776-2024.pdf", "ementa": "ABRE CR\u00c9DITO ADICIONAL SUPLEMENTAR NA FORMA QUE ESPECIFICA."}, {"id": "5877", "ano": "2024", "numero": "1775", "tipo__sigla": "DE", "tipo__descricao": "Decreto Executivo", "texto_integral": "http://sapl.sarandi.pr.leg.br/media/sapl/public/normajuridica/2024/5877/decreto_executivo_no_1775-2024.pdf", "ementa": "ABRE CR\u00c9DITO ADICIONAL SUPLEMENTAR NA FORMA QUE ESPECIFICA."}, {"id": "5876", "ano": "2024", "numero": "5", "tipo__sigla": "POR", "tipo__descricao": "Portaria", "texto_integral": "http://sapl.sarandi.pr.leg.br/media/sapl/public/normajuridica/2024/5876/portaria_no_005-2024_sapl.pdf", "ementa": "Nomeia Jo\u00e3o Batista Cruz para o cargo de assessor legislativo e d\u00e1 outras provid\u00eancias."}, {"id": "5875", "ano": "2024", "numero": "4", "tipo__sigla": "POR", "tipo__descricao": "Portaria", "texto_integral": "http://sapl.sarandi.pr.leg.br/media/sapl/public/normajuridica/2024/5875/portaria_no_004-2024_sapl.pdf", "ementa": "Exonera a servidora Ilda Bernardino de Souza Cruz e d\u00e1 outras provid\u00eancias."}, {"id": "5874", "ano": "2024", "numero": "3", "tipo__sigla": "POR", "tipo__descricao": "Portaria", "texto_integral": "http://sapl.sarandi.pr.leg.br/media/sapl/public/normajuridica/2024/5874/portaria_no_003-2024_sapl.pdf", "ementa": "Nomeia Nicoli Digiorgio de Souza para o cargo de assessor legislativo e d\u00e1 outras provid\u00eancias."}, {"id": "5901", "ano": "2024", "numero": "1770", "tipo__sigla": "DE", "tipo__descricao": "Decreto Executivo", "texto_integral": "http://sapl.sarandi.pr.leg.br/media/sapl/public/normajuridica/2024/5901/decreto_executivo_no_1770-2024.pdf", "ementa": "DECLARA DE UTILIDADE P\u00daBLICA PARA FINS DE SERVID\u00c3O ADMINISTRATIVA AMIG\u00c1VEL E/OU JUDICIAL, FAIXA DO IM\u00d3VEL LOCALIZADO (LOCALIZAR) NESTE MUNIC\u00cdPIO SARANDI."}, {"id": "5872", "ano": "2024", "numero": "2997", "tipo__sigla": "LEI", "tipo__descricao": "Lei Ordin\u00e1ria", "texto_integral": "http://sapl.sarandi.pr.leg.br/media/sapl/public/normajuridica/2024/5872/lei_no_2997-2024_sapl.pdf", "ementa": "Institui o Servi\u00e7o de Acolhimento Familiar e d\u00e1 outras provid\u00eancias."}, {"id": "5871", "ano": "2024", "numero": "1768", "tipo__sigla": "DE", "tipo__descricao": "Decreto Executivo", "texto_integral": "http://sapl.sarandi.pr.leg.br/media/sapl/public/normajuridica/2024/5871/decreto_executivo_no_1768-2024.pdf", "ementa": "ESTABELECE PONTO FACULTATIVO TENDO EM VISTA DESLIGAMENTO PROGRAMADO PELA COMPANHIA PARANAENSE DE ENERGIA \u2013 COPEL, NA FORMA QUE ESPECIFICA."}, {"id": "5873", "ano": "2024", "numero": "2", "tipo__sigla": "POR", "tipo__descricao": "Portaria", "texto_integral": "http://sapl.sarandi.pr.leg.br/media/sapl/public/normajuridica/2024/5873/portaria_no_002-2024_sapl.pdf", "ementa": "Prorroga a nomea\u00e7\u00e3o de Suzane Ribeiro Azevedo para ocupar temporariamente a fun\u00e7\u00e3o gratificada como gestor de contratos e d\u00e1 outras provid\u00eancias."}, {"id": "5870", "ano": "2024", "numero": "1", "tipo__sigla": "POR", "tipo__descricao": "Portaria", "texto_integral": "http://sapl.sarandi.pr.leg.br/media/sapl/public/normajuridica/2024/5870/portaria_no_001-2024_sapl.pdf", "ementa": "Exonera o servidor Bruno Henrique Davi Barboza Martini e d\u00e1 outras provid\u00eancias."}, {"id": "5869", "ano": "2023", "numero": "2996", "tipo__sigla": "LEI", "tipo__descricao": "Lei Ordin\u00e1ria", "texto_integral": "http://sapl.sarandi.pr.leg.br/media/sapl/public/normajuridica/2023/5869/lei_no_2996-2023_para_o_site.pdf", "ementa": "Autoriza a doa\u00e7\u00e3o de im\u00f3veis ao Fundo de Arrendamento Residencial (FAR) e d\u00e1 outras provid\u00eancias."}, {"id": "5868", "ano": "2023", "numero": "2995", "tipo__sigla": "LEI", "tipo__descricao": "Lei Ordin\u00e1ria", "texto_integral": "http://sapl.sarandi.pr.leg.br/media/sapl/public/normajuridica/2023/5868/lei_no_2995-2023_para_o_site.pdf", "ementa": "Institui o Encontro Regional de Carros Antigos no Munic\u00edpio de Sarandi."}, {"id": "5867", "ano": "2023", "numero": "2994", "tipo__sigla": "LEI", "tipo__descricao": "Lei Ordin\u00e1ria", "texto_integral": "http://sapl.sarandi.pr.leg.br/media/sapl/public/normajuridica/2023/5867/lei_no_2994-2023_para_o_site.pdf", "ementa": "Institui o Dia do Vereador Mirim no Munic\u00edpio de Sarandi."}, {"id": "5866", "ano": "2023", "numero": "2993", "tipo__sigla": "LEI", "tipo__descricao": "Lei Ordin\u00e1ria", "texto_integral": "http://sapl.sarandi.pr.leg.br/media/sapl/public/normajuridica/2023/5866/lei_no_2993-2023_para_o_site.pdf", "ementa": "Institui a Semana de Ado\u00e7\u00e3o, Prote\u00e7\u00e3o e Bem-Estar dos Animais no Munic\u00edpio de Sarandi."}, {"id": "5865", "ano": "2023", "numero": "2992", "tipo__sigla": "LEI", "tipo__descricao": "Lei Ordin\u00e1ria", "texto_integral": "http://sapl.sarandi.pr.leg.br/media/sapl/public/normajuridica/2023/5865/lei_no_2992-2023_para_o_site.pdf", "ementa": "Estima a Receita e fixa a Despesa do Munic\u00edpio de Sarandi para o exerc\u00edcio de 2024, na forma que especifica."}, {"id": "5864", "ano": "2023", "numero": "2991", "tipo__sigla": "LEI", "tipo__descricao": "Lei Ordin\u00e1ria", "texto_integral": "http://sapl.sarandi.pr.leg.br/media/sapl/public/normajuridica/2023/5864/lei_no_2991-2023_para_o_site.pdf", "ementa": "Disp\u00f5e sobre a altera\u00e7\u00e3o do Anexo de Metas e Prioridades e Anexos de Metas Fiscais da Lei de Diretrizes Or\u00e7ament\u00e1rias \u2014 LDO, do exerc\u00edcio de 2024, na forma que especifica."}, {"id": "5863", "ano": "2023", "numero": "2990", "tipo__sigla": "LEI", "tipo__descricao": "Lei Ordin\u00e1ria", "texto_integral": "http://sapl.sarandi.pr.leg.br/media/sapl/public/normajuridica/2023/5863/lei_no_2990-2023_para_o_site.pdf", "ementa": "Disp\u00f5e sobre a altera\u00e7\u00e3o dos Anexos do PPA \u2014 Plano Plurianual do Munic\u00edpio de Sarandi do quadri\u00eanio 2022 a 2025, na forma que especifica."}, {"id": "5857", "ano": "2023", "numero": "1762", "tipo__sigla": "DE", "tipo__descricao": "Decreto Executivo", "texto_integral": "http://sapl.sarandi.pr.leg.br/media/sapl/public/normajuridica/2023/5857/decreto_executivo_no_1762-2023.pdf", "ementa": "AUTORIZA OS TRABALHADORES DOS SERVI\u00c7OS DE LIMPEZA URBANA A UTILIZAREM OS PR\u00c9DIOS P\u00daBLICOS ABAIXO LISTADOS COMO PONTO DE APOIO PARA A UTILIZA\u00c7\u00c3O DE SANIT\u00c1RIOS, LOCAL PARA REFEI\u00c7\u00d5ES E GUARDA DE MATERIAL."}, {"id": "5856", "ano": "2023", "numero": "1761", "tipo__sigla": "DE", "tipo__descricao": "Decreto Executivo", "texto_integral": "http://sapl.sarandi.pr.leg.br/media/sapl/public/normajuridica/2023/5856/decreto_executivo_no_1761-2023.pdf", "ementa": "DISP\u00d5E SOBRE AS COMPET\u00caNCIAS, A COMPOSI\u00c7\u00c3O E O FUNCIONAMENTO DO CONSELHO MUNICIPAL DE SEGURAN\u00c7A ALIMENTAR E NUTRICIONAL DE SARANDI, ESTADO DO PARAN\u00c1, NO \u00c2MBITO DO SISTEMA NACIONAL DE SEGURAN\u00c7A ALIMENTAR E NUTRICIONAL \u2013 SISAN."}, {"id": "5862", "ano": "2023", "numero": "455", "tipo__sigla": "LC", "tipo__descricao": "Lei Complementar", "texto_integral": "http://sapl.sarandi.pr.leg.br/media/sapl/public/normajuridica/2023/5862/lei_complementar_no_455-2023_para_o_site.pdf", "ementa": "Altera a Lei Complementar n\u00b0 159, de 24 de novembro de 2007, na forma que especifica."}, {"id": "5851", "ano": "2023", "numero": "1759", "tipo__sigla": "DE", "tipo__descricao": "Decreto Executivo", "texto_integral": "http://sapl.sarandi.pr.leg.br/media/sapl/public/normajuridica/2023/5851/decreto_executivo_no_1759-2023.pdf", "ementa": "AUTORIZA O CHEFE DO PODER EXECUTIVO DO MUNIC\u00cdPIO DE SARANDI A EFETUAR PAGAMENTO DE EXECU\u00c7\u00c3O DE DESPESAS DE PEQUENAS MONTAS AO PROGRAMA DE ACOLHIMENTO INSTITUCIONAL MUNICIPAL \u2013 PAIM, N\u00c3O SUBORDINADAS AO PROCESSO NORMAL DE APLICA\u00c7\u00c3O E D\u00c1 OUTRAS PROVID\u00caNCIAS."}, {"id": "5855", "ano": "2023", "numero": "1754", "tipo__sigla": "DE", "tipo__descricao": "Decreto Executivo", "texto_integral": "http://sapl.sarandi.pr.leg.br/media/sapl/public/normajuridica/2023/5855/decreto_executivo_no_1754-2023.pdf", "ementa": "FIXA O VALOR DA UNIDADE FISCAL PADR\u00c3O DE SARANDI \u2013 UFPS, PARA O EXERC\u00cdCIO DE 2024, NA FORMA QUE ESPECIFICA."}, {"id": "5853", "ano": "2023", "numero": "1753", "tipo__sigla": "DE", "tipo__descricao": "Decreto Executivo", "texto_integral": "http://sapl.sarandi.pr.leg.br/media/sapl/public/normajuridica/2023/5853/decreto_executivo_no_1753-2023.pdf", "ementa": "DETERMINA A ENTREGA DOS CARNES DE IPTU E COLETA E DESTINO DO LIXO PARA O EXERC\u00cdCIO 2024 ATRAV\u00c9S DA EMPRESA BRASILEIRA DE CORREIOS E TEL\u00c9GRAFOS."}, {"id": "5852", "ano": "2023", "numero": "1752", "tipo__sigla": "DE", "tipo__descricao": "Decreto Executivo", "texto_integral": "http://sapl.sarandi.pr.leg.br/media/sapl/public/normajuridica/2023/5852/decreto_executivo_no_1752-2023.pdf", "ementa": "FIXA N\u00daMERO DE PARCELAS E DATAS DE VENCIMENTOS PARA PAGAMENTO DO IPTU, PARA O EXERC\u00cdCIO DE 2024, NA FORMA QUE ESPECIFICA."}, {"id": "5849", "ano": "2023", "numero": "5", "tipo__sigla": "ATM", "tipo__descricao": "Ato da Mesa", "texto_integral": "http://sapl.sarandi.pr.leg.br/media/sapl/public/normajuridica/2023/5849/ato_da_mesa_no_005-2023_sapl.pdf", "ementa": "Regulamenta o Regime de Compensa\u00e7\u00e3o de Horas na C\u00e2mara Municipal de Sarandi."}, {"id": "5847", "ano": "2023", "numero": "176", "tipo__sigla": "POR", "tipo__descricao": "Portaria", "texto_integral": "http://sapl.sarandi.pr.leg.br/media/sapl/public/normajuridica/2023/5847/portaria_no176-2023_para_site.pdf", "ementa": "Fixa recesso administrativo de final de ano, e d\u00e1 outras provid\u00eancias."}, {"id": "5850", "ano": "2023", "numero": "1750", "tipo__sigla": "DE", "tipo__descricao": "Decreto Executivo", "texto_integral": "http://sapl.sarandi.pr.leg.br/media/sapl/public/normajuridica/2023/5850/decreto_executivo_no_1750-2023.pdf", "ementa": "ESTABELECE A FORMA DE PAGAMENTO DO IMPOSTO SOBRE A TRANSMISS\u00c3O DE BENS IM\u00d3VEIS \u2013 ITBI, NA FORMA ON-LINE JUNTO A FAZENDA P\u00daBLICA MUNICIPAL, CUJA CRIA\u00c7\u00c3O ENCONTRA-SE NO DECRETO N\u00ba 1634/2023."}, {"id": "5846", "ano": "2023", "numero": "175", "tipo__sigla": "POR", "tipo__descricao": "Portaria", "texto_integral": "http://sapl.sarandi.pr.leg.br/media/sapl/public/normajuridica/2023/5846/portaria_no175-2023_para_site.pdf", "ementa": "Designa servidor Renan Augusto dos Santos Volpatto, para fiscaliza\u00e7\u00e3o de contrato, e d\u00e1 outras provid\u00eancias."}, {"id": "5845", "ano": "2023", "numero": "174", "tipo__sigla": "POR", "tipo__descricao": "Portaria", "texto_integral": "http://sapl.sarandi.pr.leg.br/media/sapl/public/normajuridica/2023/5845/portaria_no174-2023_para_site.pdf", "ementa": "Designa servidor Renan Augusto dos Santos Volpatto, para fiscaliza\u00e7\u00e3o de contrato, e d\u00e1 outras provid\u00eancias."}, {"id": "5843", "ano": "2023", "numero": "173", "tipo__sigla": "POR", "tipo__descricao": "Portaria", "texto_integral": "http://sapl.sarandi.pr.leg.br/media/sapl/public/normajuridica/2023/5843/portaria_no173-2023_para_site.pdf", "ementa": "Concede progress\u00e3o funcional por merecimento ao servidor Dhymison da Silva Ramos e d\u00e1 outras provid\u00eancias."}, {"id": "5842", "ano": "2023", "numero": "172", "tipo__sigla": "POR", "tipo__descricao": "Portaria", "texto_integral": "http://sapl.sarandi.pr.leg.br/media/sapl/public/normajuridica/2023/5842/portaria_no172-2023_para_site.pdf", "ementa": "Concede progress\u00e3o funcional por merecimento ao servidor Jo\u00e3o Roberto dos Santos Lopes e d\u00e1 outras provid\u00eancias."}, {"id": "5841", "ano": "2023", "numero": "171", "tipo__sigla": "POR", "tipo__descricao": "Portaria", "texto_integral": "http://sapl.sarandi.pr.leg.br/media/sapl/public/normajuridica/2023/5841/portaria_no171-2023_para_site.pdf", "ementa": "Concede progress\u00e3o funcional por merecimento \u00e0 servidora D\u00e9bora Aparecida de Souza e d\u00e1 outras provid\u00eancias."}, {"id": "5840", "ano": "2023", "numero": "170", "tipo__sigla": "POR", "tipo__descricao": "Portaria", "texto_integral": "http://sapl.sarandi.pr.leg.br/media/sapl/public/normajuridica/2023/5840/portaria_no170-2023_para_site.pdf", "ementa": "Concede progress\u00e3o funcional por merecimento \u00e0 servidora D\u00e9bora Aparecida de Souza e d\u00e1 outras provid\u00eancias."}, {"id": "5844", "ano": "2023", "numero": "1746", "tipo__sigla": "DE", "tipo__descricao": "Decreto Executivo", "texto_integral": "http://sapl.sarandi.pr.leg.br/media/sapl/public/normajuridica/2023/5844/decreto_executivo_no_1746-2023.pdf", "ementa": "INSTITUI O REGISTRO FOTOGR\u00c1FICO NO ATO DA NOTIFICA\u00c7\u00c3O COMO PROCEDIMENTO INTERNO DA SECRETARIA DE SANEAMENTO E MEIO AMBIENTE."}, {"id": "5848", "ano": "2023", "numero": "1744", "tipo__sigla": "DE", "tipo__descricao": "Decreto Executivo", "texto_integral": "http://sapl.sarandi.pr.leg.br/media/sapl/public/normajuridica/2023/5848/decreto_executivo_no_1744-2023.pdf", "ementa": "REGULAMENTA A LEI COMPLEMENTAR MUNICIPAL 070/2001 E \"DEFINE OS MODELOS DE DOCUMENTOS FISCAIS ELETR\u00d4NICOS UTILIZADAS PELOS PRESTADORES DE SERVI\u00c7OS PESSOA F\u00cdSICA E JUR\u00cdDICA E PROFISSIONAL AUT\u00d4NOMO, DISCIPLINA A EMISS\u00c3O DOS MESMOS E D\u00c1 OUTRAS PROVID\u00caNCIAS\"."}, {"id": "5839", "ano": "2023", "numero": "454", "tipo__sigla": "LC", "tipo__descricao": "Lei Complementar", "texto_integral": "http://sapl.sarandi.pr.leg.br/media/sapl/public/normajuridica/2023/5839/lei_complementar_no_454-2023_para_o_site.pdf", "ementa": "Altera a Lei Complementar n\u00ba 396, de 12 de janeiro de 2022, na forma que especifica."}, {"id": "5838", "ano": "2023", "numero": "2989", "tipo__sigla": "LEI", "tipo__descricao": "Lei Ordin\u00e1ria", "texto_integral": "http://sapl.sarandi.pr.leg.br/media/sapl/public/normajuridica/2023/5838/lei_no_2989-2023_para_o_site.pdf", "ementa": "Altera a Lei n\u00b02.446, de 24 de outubro de 2018 e d\u00e1 outras provid\u00eancias."}, {"id": "5837", "ano": "2023", "numero": "2988", "tipo__sigla": "LEI", "tipo__descricao": "Lei Ordin\u00e1ria", "texto_integral": "http://sapl.sarandi.pr.leg.br/media/sapl/public/normajuridica/2023/5837/lei_no_2988-2023_para_o_site.pdf", "ementa": "Autoriza o Poder Legislativo Municipal a realizar a doa\u00e7\u00e3o de bem m\u00f3vel ao Poder Executivo Municipal."}, {"id": "5836", "ano": "2023", "numero": "2987", "tipo__sigla": "LEI", "tipo__descricao": "Lei Ordin\u00e1ria", "texto_integral": "http://sapl.sarandi.pr.leg.br/media/sapl/public/normajuridica/2023/5836/lei_no_2987-2023_para_o_site.pdf", "ementa": "Autoriza o Poder Executivo Municipal a realizar a doa\u00e7\u00e3o de bem m\u00f3vel ao Poder Legislativo Municipal."}, {"id": "5835", "ano": "2023", "numero": "2986", "tipo__sigla": "LEI", "tipo__descricao": "Lei Ordin\u00e1ria", "texto_integral": "http://sapl.sarandi.pr.leg.br/media/sapl/public/normajuridica/2023/5835/lei_no_2986-2023_para_o_site.pdf", "ementa": "Altera a Lei n\u00b0 2.755, de 16 de novembro de 2021 e d\u00e1 outras provid\u00eancias."}, {"id": "5834", "ano": "2023", "numero": "453", "tipo__sigla": "LC", "tipo__descricao": "Lei Complementar", "texto_integral": "http://sapl.sarandi.pr.leg.br/media/sapl/public/normajuridica/2023/5834/lei_complementar_no_453-2023_para_o_site.pdf", "ementa": "Altera a Lei Complementar n\u00b0 159, de 24 de novembro de 2007, na forma que especifica."}, {"id": "5833", "ano": "2023", "numero": "169", "tipo__sigla": "POR", "tipo__descricao": "Portaria", "texto_integral": "http://sapl.sarandi.pr.leg.br/media/sapl/public/normajuridica/2023/5833/portaria_no169-2023_para_site.pdf", "ementa": "Designa servidora Luzia Azevedo Dias, para fiscaliza\u00e7\u00e3o de contrato, e d\u00e1 outras provid\u00eancias."}, {"id": "5832", "ano": "2023", "numero": "168", "tipo__sigla": "POR", "tipo__descricao": "Portaria", "texto_integral": "http://sapl.sarandi.pr.leg.br/media/sapl/public/normajuridica/2023/5832/portaria_no168-2023_para_site.pdf", "ementa": "Concede progress\u00e3o funcional por capacita\u00e7\u00e3o ao servidor Vagner Rafael Vaz e d\u00e1 outras provid\u00eancias."}, {"id": "5831", "ano": "2023", "numero": "167", "tipo__sigla": "POR", "tipo__descricao": "Portaria", "texto_integral": "http://sapl.sarandi.pr.leg.br/media/sapl/public/normajuridica/2023/5831/portaria_no167-2023_para_site.pdf", "ementa": "Concede progress\u00e3o funcional por merecimento ao servidor Renan Augusto dos Santos Volpatto e d\u00e1 outras provid\u00eancias."}, {"id": "5830", "ano": "2023", "numero": "166", "tipo__sigla": "POR", "tipo__descricao": "Portaria", "texto_integral": "http://sapl.sarandi.pr.leg.br/media/sapl/public/normajuridica/2023/5830/portaria_no166-2023_para_site.pdf", "ementa": "Concede progress\u00e3o funcional por capacita\u00e7\u00e3o \u00e0 servidora Angela Alves de Almeida e d\u00e1 outras provid\u00eancias."}, {"id": "5829", "ano": "2023", "numero": "20", "tipo__sigla": "DL", "tipo__descricao": "Decreto Legislativo", "texto_integral": "http://sapl.sarandi.pr.leg.br/media/sapl/public/normajuridica/2023/5829/decreto_legislativo_no_020-2023_para_o_site.pdf", "ementa": "Disp\u00f5e sobre aceita\u00e7\u00e3o do \"Veto n\u00ba 007/2023\", total ao Projeto de Lei n\u00ba 3.382/2023, de autoria da Comiss\u00e3o de Legisla\u00e7\u00e3o, Justi\u00e7a e Reda\u00e7\u00e3o Final e Comiss\u00e3o de Or\u00e7amento e Finan\u00e7as, o qual disp\u00f5e sobre a normatiza\u00e7\u00e3o para denomina\u00e7\u00e3o de logradouros p\u00fablicos, assim como equipamentos comunit\u00e1rios e urbanos e d\u00e1 outras provid\u00eancias."}, {"id": "5828", "ano": "2023", "numero": "19", "tipo__sigla": "DL", "tipo__descricao": "Decreto Legislativo", "texto_integral": "http://sapl.sarandi.pr.leg.br/media/sapl/public/normajuridica/2023/5828/decreto_legislativo_no_019-2023_para_o_site.pdf", "ementa": "Disp\u00f5e sobre aceita\u00e7\u00e3o do \"Veto n\u00ba 006/2023\", total ao Projeto de Lei n\u00ba 3.399/2023, de autoria dos Edis Eunildo Zanchin \"Nild\u00e3o\" e Gilberto Messias de Pinas , o qual d\u00e1 denomina\u00e7\u00e3o ao Centro Municipal de Educa\u00e7\u00e3o Infantil - CMEI, situado na rua Alcides Nunes Ita Jorente, S/N, Jardim Ouro Verde II, na forma que especifica. \"Professora Sandra Maria Vasconcelo\"."}, {"id": "5827", "ano": "2023", "numero": "18", "tipo__sigla": "DL", "tipo__descricao": "Decreto Legislativo", "texto_integral": "http://sapl.sarandi.pr.leg.br/media/sapl/public/normajuridica/2023/5827/decreto_legislativo_no_018-2023_para_o_site.pdf", "ementa": "Aprova as Contas do Munic\u00edpio de Sarandi, relativas ao Exerc\u00edcio Financeiro de 2021."}, {"id": "5826", "ano": "2023", "numero": "2985", "tipo__sigla": "LEI", "tipo__descricao": "Lei Ordin\u00e1ria", "texto_integral": "http://sapl.sarandi.pr.leg.br/media/sapl/public/normajuridica/2023/5826/lei_no_2985-2023_para_o_site.pdf", "ementa": "Institui o Cord\u00e3o de Girassol como instrumento auxiliar de orienta\u00e7\u00e3o para identifica\u00e7\u00e3o de pessoas com defici\u00eancias ocultas no Munic\u00edpio de Sarandi."}, {"id": "5825", "ano": "2023", "numero": "2984", "tipo__sigla": "LEI", "tipo__descricao": "Lei Ordin\u00e1ria", "texto_integral": "http://sapl.sarandi.pr.leg.br/media/sapl/public/normajuridica/2023/5825/lei_no_2984-2023_para_o_site.pdf", "ementa": "D\u00e1 denomina\u00e7\u00e3o ao Centro de Refer\u00eancia de Assist\u00eancia Social \u2014 CRAS, situado na Rua Dom Jo\u00e3o VI, n\u00b0 1614, Jardim Independ\u00eancia, na forma que especifica."}, {"id": "5824", "ano": "2023", "numero": "2983", "tipo__sigla": "LEI", "tipo__descricao": "Lei Ordin\u00e1ria", "texto_integral": "http://sapl.sarandi.pr.leg.br/media/sapl/public/normajuridica/2023/5824/lei_no_2983-2023_para_o_site.pdf", "ementa": "Autoriza o Poder Executivo a fazer transfer\u00eancia volunt\u00e1ria para o Servi\u00e7o Municipal de Saneamento Ambiental \u2014 \u00c1guas de Sarandi. na forma que especifica."}, {"id": "5823", "ano": "2023", "numero": "2982", "tipo__sigla": "LEI", "tipo__descricao": "Lei Ordin\u00e1ria", "texto_integral": "http://sapl.sarandi.pr.leg.br/media/sapl/public/normajuridica/2023/5823/lei_no_2982-2023_para_o_site.pdf", "ementa": "Altera a Lei n\u00b0 2.859, de 13 de setembro de 2022 na forma que especifica."}, {"id": "5822", "ano": "2023", "numero": "1716", "tipo__sigla": "DE", "tipo__descricao": "Decreto Executivo", "texto_integral": "http://sapl.sarandi.pr.leg.br/media/sapl/public/normajuridica/2023/5822/decreto_executivo_no_1716-2023.pdf", "ementa": "DISP\u00d5E SOBRE O RECESSO FUNCIONAL NAS REPARTI\u00c7\u00d5ES P\u00daBLICAS MUNICIPAIS, NA FORMA QUE ESPECIFICA."}, {"id": "5820", "ano": "2023", "numero": "452", "tipo__sigla": "LC", "tipo__descricao": "Lei Complementar", "texto_integral": "http://sapl.sarandi.pr.leg.br/media/sapl/public/normajuridica/2023/5820/lei_complementar_no_452-2023_para_o_site.pdf", "ementa": "Disp\u00f5e sobre a complementa\u00e7\u00e3o do piso salarial nacional do enfermeiro, t\u00e9cnico de enfermagem e do auxiliar de enfermagem de que trata a Lei Federal n\u00ba 7.498, de 25 de junho de 1986, com a reda\u00e7\u00e3o dada pela Lei Federal n\u00ba 14.434, de 04 de agosto de 2022 e a Emenda Constitucional n\u00ba 127, de 22 de dezembro de 2022."}, {"id": "5821", "ano": "2023", "numero": "165", "tipo__sigla": "POR", "tipo__descricao": "Portaria", "texto_integral": "http://sapl.sarandi.pr.leg.br/media/sapl/public/normajuridica/2023/5821/portaria_no165-2023_para_site.pdf", "ementa": "Designa servidor Lucas Ataliba Rantin de Carvalho, para fiscaliza\u00e7\u00e3o de atas de pre\u00e7os, e d\u00e1 outras provid\u00eancias."}, {"id": "5817", "ano": "2023", "numero": "164", "tipo__sigla": "POR", "tipo__descricao": "Portaria", "texto_integral": "http://sapl.sarandi.pr.leg.br/media/sapl/public/normajuridica/2023/5817/portaria_no164-2023_para_site.pdf", "ementa": "Designa servidor Lucas Ataliba Rantin de Carvalho, para fiscaliza\u00e7\u00e3o de atas de pre\u00e7os, e d\u00e1 outras provid\u00eancias."}, {"id": "5816", "ano": "2023", "numero": "163", "tipo__sigla": "POR", "tipo__descricao": "Portaria", "texto_integral": "http://sapl.sarandi.pr.leg.br/media/sapl/public/normajuridica/2023/5816/portaria_no163-2023_para_site.pdf", "ementa": "Designa servidor Renan Augusto dos Santos Volpatto, para fiscaliza\u00e7\u00e3o de atas de pre\u00e7os, e d\u00e1 outras provid\u00eancias."}, {"id": "5819", "ano": "2023", "numero": "162", "tipo__sigla": "POR", "tipo__descricao": "Portaria", "texto_integral": "http://sapl.sarandi.pr.leg.br/media/sapl/public/normajuridica/2023/5819/portaria_no162-2023_para_site.pdf", "ementa": "Designa servidor Dhymison da Silva Ramos, para fiscaliza\u00e7\u00e3o de contrato, e d\u00e1 outras provid\u00eancias."}, {"id": "5818", "ano": "2023", "numero": "2981", "tipo__sigla": "LEI", "tipo__descricao": "Lei Ordin\u00e1ria", "texto_integral": "http://sapl.sarandi.pr.leg.br/media/sapl/public/normajuridica/2023/5818/lei_no_2981-2023_para_o_site.pdf", "ementa": "D\u00e1 denomina\u00e7\u00e3o \u00e0 Rua Jayme Armelin, situada no Residencial Parque Avenida, na forma que especifica."}, {"id": "5815", "ano": "2023", "numero": "1703", "tipo__sigla": "DE", "tipo__descricao": "Decreto Executivo", "texto_integral": "http://sapl.sarandi.pr.leg.br/media/sapl/public/normajuridica/2023/5815/decreto_executivo_no_1703-2023.pdf", "ementa": "ESTABELECE CRIT\u00c9RIOS E PROCEDIMENTOS DE CONTROLES SOBRE A COMPROVA\u00c7\u00c3O DA JORNADA DE TRABALHO DOS SERVIDORES P\u00daBLICOS E EXECU\u00c7\u00d5ES DE HORAS EXTRAORDIN\u00c1RIAS A SEREM OBSERVADAS PELO PODER EXECUTIVO DIRETO E INDIRETO DO MUNIC\u00cdPIO DE SARANDI/PR."}, {"id": "5814", "ano": "2023", "numero": "161", "tipo__sigla": "POR", "tipo__descricao": "Portaria", "texto_integral": "http://sapl.sarandi.pr.leg.br/media/sapl/public/normajuridica/2023/5814/portaria_no161-2023_para_site.pdf", "ementa": "Designa servidor Dhymison da Silva Ramos, para fiscaliza\u00e7\u00e3o de contrato, e d\u00e1 outras provid\u00eancias."}, {"id": "5813", "ano": "2023", "numero": "160", "tipo__sigla": "POR", "tipo__descricao": "Portaria", "texto_integral": "http://sapl.sarandi.pr.leg.br/media/sapl/public/normajuridica/2023/5813/portaria_no160-2023_para_site.pdf", "ementa": "Convoca todos os servidores a participarem de curso interno."}, {"id": "5808", "ano": "2023", "numero": "17", "tipo__sigla": "DL", "tipo__descricao": "Decreto Legislativo", "texto_integral": "http://sapl.sarandi.pr.leg.br/media/sapl/public/normajuridica/2023/5808/decreto_legislativo_no_017-2023_para_o_site.pdf", "ementa": "Concede T\u00edtulo de Cidad\u00e3o Benem\u00e9rito ao Senhor Cl\u00f3vis Jos\u00e9 Ferreira e d\u00e1 outras provid\u00eancias."}, {"id": "5812", "ano": "2023", "numero": "16", "tipo__sigla": "DL", "tipo__descricao": "Decreto Legislativo", "texto_integral": "http://sapl.sarandi.pr.leg.br/media/sapl/public/normajuridica/2023/5812/decreto_legislativo_no_016-2023_para_o_site.pdf", "ementa": "Disp\u00f5e sobre rejei\u00e7\u00e3o do \"Veto n\u00ba 008/2023\", total ao Projeto de Lei n\u00ba 3.404/2023, de autoria do Edil Gilberto Messias de Pinas, o qual d\u00e1 denomina\u00e7\u00e3o \u00e0 Rua Jayme Armelin, situada no Residencial Parque Avenida, na forma que especifica."}, {"id": "5809", "ano": "2023", "numero": "2", "tipo__sigla": "EDA", "tipo__descricao": "Edital - Audi\u00eancia", "texto_integral": "http://sapl.sarandi.pr.leg.br/media/sapl/public/normajuridica/2023/5809/edital_de_convocacao_no_002-2023_sapl.pdf", "ementa": "AUDI\u00caNCIA PUBLICA PARA DISCUSS\u00c3O DOS PROJETOS DE LEIS OR\u00c7AMENT\u00c1RIOS PARA 2024."}, {"id": "5811", "ano": "2023", "numero": "1689", "tipo__sigla": "DE", "tipo__descricao": "Decreto Executivo", "texto_integral": "http://sapl.sarandi.pr.leg.br/media/sapl/public/normajuridica/2023/5811/decreto_executivo_no_1689-2023.pdf", "ementa": "ABRE CR\u00c9DITO ADICIONAL ESPECIAL NA FORMA QUE ESPECIFICA."}, {"id": "5810", "ano": "2023", "numero": "1688", "tipo__sigla": "DE", "tipo__descricao": "Decreto Executivo", "texto_integral": "http://sapl.sarandi.pr.leg.br/media/sapl/public/normajuridica/2023/5810/decreto_executivo_no_1688-2023.pdf", "ementa": "ABRE CR\u00c9DITO ADICIONAL ESPECIAL NA FORMA QUE ESPECIFICA."}, {"id": "5804", "ano": "2023", "numero": "159", "tipo__sigla": "POR", "tipo__descricao": "Portaria", "texto_integral": "http://sapl.sarandi.pr.leg.br/media/sapl/public/normajuridica/2023/5804/portaria_no159-2023_para_site.pdf", "ementa": "Designa servidor Jo\u00e3o Roberto dos Santos Lopes, para fiscaliza\u00e7\u00e3o de contrato, e d\u00e1 outras provid\u00eancias."}, {"id": "5805", "ano": "2023", "numero": "15", "tipo__sigla": "DL", "tipo__descricao": "Decreto Legislativo", "texto_integral": "http://sapl.sarandi.pr.leg.br/media/sapl/public/normajuridica/2023/5805/decreto_legislativo_no_015-2023_para_o_site.pdf", "ementa": "Concede T\u00edtulo de Cidad\u00e3o Honor\u00e1rio ao Sargento Paulo S\u00e9rgio da Silva e d\u00e1 outras provid\u00eancias."}, {"id": "5803", "ano": "2023", "numero": "2980", "tipo__sigla": "LEI", "tipo__descricao": "Lei Ordin\u00e1ria", "texto_integral": "http://sapl.sarandi.pr.leg.br/media/sapl/public/normajuridica/2023/5803/lei_no_2980-2023_para_o_site.pdf", "ementa": "Autoriza o Poder Executivo Municipal a efetuar Abertura de Cr\u00e9dito Adicional Especial, na forma que especifica."}, {"id": "5802", "ano": "2023", "numero": "2979", "tipo__sigla": "LEI", "tipo__descricao": "Lei Ordin\u00e1ria", "texto_integral": "http://sapl.sarandi.pr.leg.br/media/sapl/public/normajuridica/2023/5802/lei_no_2979-2023_para_o_site.pdf", "ementa": "Autoriza o Poder Executivo Municipal a efetuar abertura de Cr\u00e9dito Adicional Especial, na forma que especifica."}, {"id": "5801", "ano": "2023", "numero": "2978", "tipo__sigla": "LEI", "tipo__descricao": "Lei Ordin\u00e1ria", "texto_integral": "http://sapl.sarandi.pr.leg.br/media/sapl/public/normajuridica/2023/5801/lei_no_2978-2023_para_o_site.pdf", "ementa": "D\u00e1 denomina\u00e7\u00e3o ao Audit\u00f3rio do Pa\u00e7o Municipal de Sarandi, na forma que especifica."}, {"id": "5807", "ano": "2023", "numero": "1679", "tipo__sigla": "DE", "tipo__descricao": "Decreto Executivo", "texto_integral": "http://sapl.sarandi.pr.leg.br/media/sapl/public/normajuridica/2023/5807/decreto_executivo_no_1679-2023.pdf", "ementa": "CONSTITUI O GRUPO GESTOR DO SEI \u2013 SISTEMA ELETR\u00d4NICO DE INFORMA\u00c7\u00c3O, E D\u00c1 OUTRAS PROVID\u00caNCIAS."}, {"id": "5790", "ano": "2023", "numero": "1672", "tipo__sigla": "DE", "tipo__descricao": "Decreto Executivo", "texto_integral": "http://sapl.sarandi.pr.leg.br/media/sapl/public/normajuridica/2023/5790/decreto_executivo_no_1672-2023.pdf", "ementa": "CONVOCA A 1\u00aa CONFER\u00caNCIA INTERMUNICIPAL DE CULTURA DE SARANDI E DA ASSOCIA\u00c7\u00c3O DOS MUNIC\u00cdPIOS DO SETENTRI\u00c3O PARANAENSE \u2013 AMUSEP E D\u00c1 OUTRAS PROVID\u00caNCIAS."}, {"id": "5791", "ano": "2023", "numero": "1667", "tipo__sigla": "DE", "tipo__descricao": "Decreto Executivo", "texto_integral": "http://sapl.sarandi.pr.leg.br/media/sapl/public/normajuridica/2023/5791/decreto_executivo_no_1667-2023.pdf", "ementa": "DISP\u00d5E SOBRE O RECESSO FUNCIONAL NAS REPARTI\u00c7\u00d5ES P\u00daBLICAS MUNICIPAIS, NA FORMA QUE ESPECIFICA."}, {"id": "5806", "ano": "2023", "numero": "451", "tipo__sigla": "LC", "tipo__descricao": "Lei Complementar", "texto_integral": "http://sapl.sarandi.pr.leg.br/media/sapl/public/normajuridica/2023/5806/lei_complementar_no_451-2023_para_o_site.pdf", "ementa": "Disp\u00f5e sobre a altera\u00e7\u00e3o da Lei Complementar n\u00ba 159, de 24 de novembro de 2007, que disp\u00f5e sobre o plano de cargos, carreira e vencimento dos servidores do Poder Executivo Municipal e d\u00e1 outras provid\u00eancias."}, {"id": "5800", "ano": "2023", "numero": "1668", "tipo__sigla": "DE", "tipo__descricao": "Decreto Executivo", "texto_integral": "http://sapl.sarandi.pr.leg.br/media/sapl/public/normajuridica/2023/5800/decreto_executivo_1668-2023.pdf", "ementa": "CONSTITUI A COMISS\u00c3O MUNICIPAL DE ENFRENTAMENTO \u00c0 VIOL\u00caNCIA CONTRA CRIAN\u00c7A E ADOLESCENTE DE SARANDI (CEVCA) E D\u00c1 OUTRAS PROVID\u00caNCIAS."}, {"id": "5789", "ano": "2023", "numero": "158", "tipo__sigla": "POR", "tipo__descricao": "Portaria", "texto_integral": "http://sapl.sarandi.pr.leg.br/media/sapl/public/normajuridica/2023/5789/portaria_no158-2023_para_site.pdf", "ementa": "Concede progress\u00e3o funcional por capacita\u00e7\u00e3o ao servidor Vagner Rafael Vaz e d\u00e1 outras provid\u00eancias."}, {"id": "5787", "ano": "2023", "numero": "157", "tipo__sigla": "POR", "tipo__descricao": "Portaria", "texto_integral": "http://sapl.sarandi.pr.leg.br/media/sapl/public/normajuridica/2023/5787/portaria_no157-2023_para_site.pdf", "ementa": "Concede progress\u00e3o funcional por merecimento a servidora Sandra da Mata Clemente Duarte e d\u00e1 outras provid\u00eancias."}, {"id": "5786", "ano": "2023", "numero": "156", "tipo__sigla": "POR", "tipo__descricao": "Portaria", "texto_integral": "http://sapl.sarandi.pr.leg.br/media/sapl/public/normajuridica/2023/5786/portaria_no156-2023_para_site.pdf", "ementa": "Concede progress\u00e3o funcional por merecimento a servidora Camila de Souza Bueno dos Santos e d\u00e1 outras provid\u00eancias."}, {"id": "5785", "ano": "2023", "numero": "155", "tipo__sigla": "POR", "tipo__descricao": "Portaria", "texto_integral": "http://sapl.sarandi.pr.leg.br/media/sapl/public/normajuridica/2023/5785/portaria_no155-2023_para_site.pdf", "ementa": "Concede progress\u00e3o funcional por merecimento ao servidor Lucas Ataliba Rantin de Carvalho e d\u00e1 outras provid\u00eancias."}, {"id": "5788", "ano": "2023", "numero": "14", "tipo__sigla": "DL", "tipo__descricao": "Decreto Legislativo", "texto_integral": "http://sapl.sarandi.pr.leg.br/media/sapl/public/normajuridica/2023/5788/decreto_legislativo_no_014-2023_para_o_site.pdf", "ementa": "Concede T\u00edtulo de Cidad\u00e3o Benem\u00e9rito ao Senhor Pedro Galindo Netto e d\u00e1 outras provid\u00eancias."}, {"id": "5783", "ano": "2023", "numero": "154", "tipo__sigla": "POR", "tipo__descricao": "Portaria", "texto_integral": "http://sapl.sarandi.pr.leg.br/media/sapl/public/normajuridica/2023/5783/portaria_no154-2023_para_site.pdf", "ementa": "Nomeia Comiss\u00e3o de Avalia\u00e7\u00e3o de Documentos - CAD."}, {"id": "5778", "ano": "2023", "numero": "153", "tipo__sigla": "POR", "tipo__descricao": "Portaria", "texto_integral": "http://sapl.sarandi.pr.leg.br/media/sapl/public/normajuridica/2023/5778/portaria_no153-2023_para_site.pdf", "ementa": "Designa servidor Renan Augusto dos Santos Volpatto, para fiscaliza\u00e7\u00e3o de contrato, e d\u00e1 outras provid\u00eancias."}, {"id": "5780", "ano": "2023", "numero": "5", "tipo__sigla": "RES", "tipo__descricao": "Resolu\u00e7\u00e3o", "texto_integral": "http://sapl.sarandi.pr.leg.br/media/sapl/public/normajuridica/2023/5780/resolucao_no_005-2023_para_o_site.pdf", "ementa": "Altera o Regimento Interno da C\u00e2mara Municipal de Sarandi."}, {"id": "5782", "ano": "2023", "numero": "2977", "tipo__sigla": "LEI", "tipo__descricao": "Lei Ordin\u00e1ria", "texto_integral": "http://sapl.sarandi.pr.leg.br/media/sapl/public/normajuridica/2023/5782/lei_no_2977-2023_para_o_site.pdf", "ementa": "Autoriza o Chefe do Poder Executivo do Munic\u00edpio de Sarandi-PR a alienar im\u00f3veis de propriedade desta municipalidade e d\u00e1 outras provid\u00eancias."}, {"id": "5781", "ano": "2023", "numero": "2976", "tipo__sigla": "LEI", "tipo__descricao": "Lei Ordin\u00e1ria", "texto_integral": "http://sapl.sarandi.pr.leg.br/media/sapl/public/normajuridica/2023/5781/lei_no_2976-2023_para_o_site.pdf", "ementa": "Altera a Lei n\u00b0 2.912, de 02 de junho de 2023, na forma que especifica."}, {"id": "5779", "ano": "2023", "numero": "26", "tipo__sigla": "ELO", "tipo__descricao": "Emenda \u00e0 Lei Org\u00e2nica", "texto_integral": "http://sapl.sarandi.pr.leg.br/media/sapl/public/normajuridica/2023/5779/emenda_a_lei_organica_no_026-2023_para_site.pdf", "ementa": "Altera a Lei Org\u00e2nica do Munic\u00edpio de Sarandi."}, {"id": "5777", "ano": "2023", "numero": "13", "tipo__sigla": "DL", "tipo__descricao": "Decreto Legislativo", "texto_integral": "http://sapl.sarandi.pr.leg.br/media/sapl/public/normajuridica/2023/5777/decreto_legislativo_no_013-2023_para_o_site.pdf", "ementa": "Concede T\u00edtulo de Cidad\u00e3o Honor\u00e1rio ao Senhor Bauer Geraldo Pessini e d\u00e1 outras provid\u00eancias."}, {"id": "5775", "ano": "2023", "numero": "2", "tipo__sigla": "ATP", "tipo__descricao": "Ato da Presid\u00eancia", "texto_integral": "http://sapl.sarandi.pr.leg.br/media/sapl/public/normajuridica/2023/5775/ato_da_presidencia_no_002-2023_sapl.pdf", "ementa": "Cancela a 5\u00aa Sess\u00e3o Solene do dia 18/10/2023."}, {"id": "5776", "ano": "2023", "numero": "1655", "tipo__sigla": "DE", "tipo__descricao": "Decreto Executivo", "texto_integral": "http://sapl.sarandi.pr.leg.br/media/sapl/public/normajuridica/2023/5776/decreto_executivo_no_1655-2023.pdf", "ementa": "DISP\u00d5E SOBRE OS PRAZOS DE LIMPEZA E OBRAS DE REFORMA NOS T\u00daMULOS DO CEMIT\u00c9RIO MUNICIPAL AUGUSTO WOLF, LOCALIZADO NO MUNIC\u00cdPIO DE SARANDI/PR."}, {"id": "5774", "ano": "2023", "numero": "152", "tipo__sigla": "POR", "tipo__descricao": "Portaria", "texto_integral": "http://sapl.sarandi.pr.leg.br/media/sapl/public/normajuridica/2023/5774/portaria_no152-2023_para_site.pdf", "ementa": "Prorroga a nomea\u00e7\u00e3o de Suzane Ribeiro Azevedo para ocupar temporariamente a fun\u00e7\u00e3o gratificada como gestor de contratos e d\u00e1 outras provid\u00eancias."}, {"id": "5784", "ano": "2023", "numero": "1651", "tipo__sigla": "DE", "tipo__descricao": "Decreto Executivo", "texto_integral": "http://sapl.sarandi.pr.leg.br/media/sapl/public/normajuridica/2023/5784/decreto_executivo_na_1651-2023.pdf", "ementa": "INSTITUI O N\u00daCLEO DE SEGURAN\u00c7A AO PACIENTE E GEST\u00c3O DE RISCO AOS AGRAVOS PROVENIENTES DE PROCEDIMENTOS E INTERVEN\u00c7\u00d5ES M\u00c9DICAS E CONG\u00caNERES, E D\u00c1 OUTRAS PROVID\u00caNCIAS."}, {"id": "5770", "ano": "2023", "numero": "151", "tipo__sigla": "POR", "tipo__descricao": "Portaria", "texto_integral": "http://sapl.sarandi.pr.leg.br/media/sapl/public/normajuridica/2023/5770/portaria_no151-2023_para_site.pdf", "ementa": "Designa servidor Dhymison da Silva Ramos, para fiscaliza\u00e7\u00e3o de contrato, e d\u00e1 outras provid\u00eancias."}, {"id": "5768", "ano": "2023", "numero": "1648", "tipo__sigla": "DE", "tipo__descricao": "Decreto Executivo", "texto_integral": "http://sapl.sarandi.pr.leg.br/media/sapl/public/normajuridica/2023/5768/decreto_executivo_no_1648-2023.pdf", "ementa": "DISP\u00d5E SOBRE A REGULAMENTA\u00c7\u00c3O DA LEI FEDERAL N\u00ba 12.846, DE 1 DE AGOSTO DE 2013, QUE DISP\u00d5E SOBRE A RESPONSABILIZA\u00c7\u00c3O ADMINISTRATIVA DE PESSOAS JUR\u00cdDICAS PELA PR\u00c1TICA DE ATOS CONTRA A ADMINISTRA\u00c7\u00c3O P\u00daBLICA MUNICIPAL E D\u00c1 OUTRAS PROVID\u00caNCIAS NO \u00c2MBITO DO PODER EXECUTIVO MUNICIPAL."}, {"id": "5767", "ano": "2023", "numero": "1", "tipo__sigla": "ATP", "tipo__descricao": "Ato da Presid\u00eancia", "texto_integral": "http://sapl.sarandi.pr.leg.br/media/sapl/public/normajuridica/2023/5767/ato_da_presidencia_no_001-2023_sapl.pdf", "ementa": "Transfere a 33\u00aa Sess\u00e3o Ordin\u00e1ria do dia 09/10/2023 para o dia 17/10/2023, em virtude dos eventos clim\u00e1ticos ocorridos no dia 07/10/2023."}, {"id": "5766", "ano": "2023", "numero": "1641", "tipo__sigla": "DE", "tipo__descricao": "Decreto Executivo", "texto_integral": "http://sapl.sarandi.pr.leg.br/media/sapl/public/normajuridica/2023/5766/decreto_executivo_no_1641-2023.pdf", "ementa": "REGULAMENTA A VENDA POR AMBULANTES E DE BEBIDAS ALCO\u00d3LICAS NO PER\u00cdMETRO DO EVENTO DE COMEMORA\u00c7\u00c3O DO 42\u00ba (QUADRAG\u00c9SIMO SEGUNDO) ANIVERS\u00c1RIO DO MUNIC\u00cdPIO DE SARANDI \u2013 PR."}, {"id": "5769", "ano": "2023", "numero": "1644", "tipo__sigla": "DE", "tipo__descricao": "Decreto Executivo", "texto_integral": "http://sapl.sarandi.pr.leg.br/media/sapl/public/normajuridica/2023/5769/decreto_executivo_no_1644-2023.pdf", "ementa": "RETIFICA O DECRETO N\u00ba 1604/2023, QUE DISP\u00d5E SOBRE CRIT\u00c9RIOS DE ESCOLHA PARA AS FUN\u00c7\u00d5ES DE CONFIAN\u00c7A DOS CARGOS DE DIRETOR ESCOLAR E DIRETOR DE CENTRO MUNICIPAL DE EDUCA\u00c7\u00c3O INFANTIL \u2013 CMEI, MEDIANTE PR\u00c9VIO PROCESSO DE AVALIA\u00c7\u00c3O DE M\u00c9RITO E DESEMPENHO, SEGUIDO DE CONSULTA P\u00daBLICA \u00c0 COMUNIDADE ESCOLAR, BASEADAS NOS PRINC\u00cdPIOS DA GEST\u00c3O DEMOCR\u00c1TICA, PARA DESIGNA\u00c7\u00c3O DE DIRETORES DAS INSTITUI\u00c7\u00d5ES DO SISTEMA MUNICIPAL DE ENSINO DE SARANDI, E D\u00c1 OUTRAS PROVID\u00caNCIAS."}, {"id": "5771", "ano": "2023", "numero": "2975", "tipo__sigla": "LEI", "tipo__descricao": "Lei Ordin\u00e1ria", "texto_integral": "http://sapl.sarandi.pr.leg.br/media/sapl/public/normajuridica/2023/5771/lei_no_2975-2023_para_o_site.pdf", "ementa": "D\u00e1 denomina\u00e7\u00e3o \u00e0 Rua 10.217, situada no Loteamento Ecovalley II, na forma que especifica."}, {"id": "5764", "ano": "2023", "numero": "150", "tipo__sigla": "POR", "tipo__descricao": "Portaria", "texto_integral": "http://sapl.sarandi.pr.leg.br/media/sapl/public/normajuridica/2023/5764/portaria_no150-2023_para_site.pdf", "ementa": "Concede licen\u00e7a especial ao servidor Marlon Bif e d\u00e1 outras provid\u00eancias."}, {"id": "5772", "ano": "2023", "numero": "450", "tipo__sigla": "LC", "tipo__descricao": "Lei Complementar", "texto_integral": "http://sapl.sarandi.pr.leg.br/media/sapl/public/normajuridica/2023/5772/lei_complementar_no_450-2023_para_o_site.pdf", "ementa": "Disp\u00f5e sobre a altera\u00e7\u00e3o da Lei Complementar n\u00b0 229, de 29 de outubro de 2009, que cria o quadro de pessoal da Caixa de Aposentadoria e Pens\u00e3o dos Servidores Municipais de Sarandi \u2014 PRESERV e d\u00e1 outras provid\u00eancias."}, {"id": "5763", "ano": "2023", "numero": "149", "tipo__sigla": "POR", "tipo__descricao": "Portaria", "texto_integral": "http://sapl.sarandi.pr.leg.br/media/sapl/public/normajuridica/2023/5763/portaria_no149-2023_para_site.pdf", "ementa": "Nomeia Ilda Bernardino de Souza Cruz para o cargo de assessor legislativo e d\u00e1 outras provid\u00eancias."}, {"id": "5762", "ano": "2023", "numero": "148", "tipo__sigla": "POR", "tipo__descricao": "Portaria", "texto_integral": "http://sapl.sarandi.pr.leg.br/media/sapl/public/normajuridica/2023/5762/portaria_no148-2023_para_site.pdf", "ementa": "Exonera o servidor Roberto Ara\u00fajo e d\u00e1 outras provid\u00eancias."}, {"id": "5765", "ano": "2023", "numero": "147", "tipo__sigla": "POR", "tipo__descricao": "Portaria", "texto_integral": "http://sapl.sarandi.pr.leg.br/media/sapl/public/normajuridica/2023/5765/portaria_no147-2023_para_site.pdf", "ementa": "Designa servidor Renan Augusto dos Santos Volpatto, para fiscaliza\u00e7\u00e3o de contrato, e d\u00e1 outras provid\u00eancias."}, {"id": "5759", "ano": "2023", "numero": "4", "tipo__sigla": "ATM", "tipo__descricao": "Ato da Mesa", "texto_integral": "http://sapl.sarandi.pr.leg.br/media/sapl/public/normajuridica/2023/5759/ato_da_mesa_no_004-2023_sapl.pdf", "ementa": "Disp\u00f5e sobre o modo como assessores dos Vereadores da C\u00e2mara Municipal de Sarandi intermediar\u00e3o o contato dos edis com os Vereadores Mirins eleitos para a 1\u00aa (Primeira) Legislatura."}, {"id": "5758", "ano": "2023", "numero": "1634", "tipo__sigla": "DE", "tipo__descricao": "Decreto Executivo", "texto_integral": "http://sapl.sarandi.pr.leg.br/media/sapl/public/normajuridica/2023/5758/decreto_executivo_no_1634-2023.pdf", "ementa": "DISP\u00d5E SOBRE A IMPLEMENTA\u00c7\u00c3O DE MEDIDAS INTELIGENTES NA TRAMITA\u00c7\u00c3O DOS PROCESSOS DE LAN\u00c7AMENTO DO IMPOSTO SOBRE A TRANSMISS\u00c3O DE BENS IM\u00d3VEIS \u2013 ITBI \u2013 ON-LINE."}, {"id": "5753", "ano": "2023", "numero": "12", "tipo__sigla": "DL", "tipo__descricao": "Decreto Legislativo", "texto_integral": "http://sapl.sarandi.pr.leg.br/media/sapl/public/normajuridica/2023/5753/decreto_legislativo_no_012-2023_para_o_site.pdf", "ementa": "Disp\u00f5e sobre aceita\u00e7\u00e3o do \"Veto n\u00ba 005/2023\", total ao Projeto de Lei n\u00ba 3.367/2023, de autoria do edil F\u00e1bio de Souza Silveira \"Balako\", o qual institui a \"Hora do Sil\u00eancio\" em parques de eventos e de divers\u00e3o com m\u00fasica em benef\u00edcio das pessoas com diagn\u00f3stico de Transtorno do Espectro Autista (TEA) e suas fam\u00edlias no munic\u00edpio de Sarandi e d\u00e1 outras provid\u00eancias."}, {"id": "5757", "ano": "2023", "numero": "1630", "tipo__sigla": "DE", "tipo__descricao": "Decreto Executivo", "texto_integral": "http://sapl.sarandi.pr.leg.br/media/sapl/public/normajuridica/2023/5757/decreto_executivo_no_1630-2023.pdf", "ementa": "REGULAMENTA O ARTIGO 47 DA LEI COMPLEMENTAR N\u00b0 265, DE 22 DE FEVEREIRO DE 2012, NO QUE SE REFERE AO AUX\u00cdLIO FINANCEIRO PARA O CURSO DE FORMA\u00c7\u00c3O DE GUARDA CIVIL MUNICIPAL DE SARANDI/PR E DE AGENTE DA AUTORIDADE DE TR\u00c2NSITO."}, {"id": "5756", "ano": "2023", "numero": "1626", "tipo__sigla": "DE", "tipo__descricao": "Decreto Executivo", "texto_integral": "http://sapl.sarandi.pr.leg.br/media/sapl/public/normajuridica/2023/5756/decreto_executivo_no_1626-2023.pdf", "ementa": "REGULAMENTA A LEI MUNICIPAL N\u00ba 2.692/2021 E INSTITUI O FUNDO ESPEC\u00cdFICO DOS ADVOGADOS DE SARANDI (FEAS) E D\u00c1 OUTRAS PROVID\u00caNCIAS."}, {"id": "5760", "ano": "2023", "numero": "1625", "tipo__sigla": "DE", "tipo__descricao": "Decreto Executivo", "texto_integral": "http://sapl.sarandi.pr.leg.br/media/sapl/public/normajuridica/2023/5760/decreto_executivo_no_1625-2023.pdf", "ementa": "ESTABELECE CRIT\u00c9RIOS E PROCEDIMENTOS DE CONTROLES SOBRE A COMPROVA\u00c7\u00c3O DA JORNADA DE TRABALHO DOS SERVIDORES P\u00daBLICOS E EXECU\u00c7\u00d5ES DE HORAS EXTRAORDIN\u00c1RIAS A SEREM OBSERVADAS PELO PODER EXECUTIVO DIRETO E INDIRETO DO MUNIC\u00cdPIO DE SARANDI/PR."}, {"id": "5752", "ano": "2023", "numero": "3", "tipo__sigla": "ATM", "tipo__descricao": "Ato da Mesa", "texto_integral": "http://sapl.sarandi.pr.leg.br/media/sapl/public/normajuridica/2023/5752/ato_da_mesa_no_003-2023_sapl.pdf", "ementa": "Disp\u00f5e sobre o exerc\u00edcio do mandato dos Vereadores Mirins para a 1\u00aa (Primeira) Legislatura."}, {"id": "5751", "ano": "2023", "numero": "2", "tipo__sigla": "ATM", "tipo__descricao": "Ato da Mesa", "texto_integral": "http://sapl.sarandi.pr.leg.br/media/sapl/public/normajuridica/2023/5751/ato_da_mesa_no_002-2023_sapl.pdf", "ementa": "Disp\u00f5e sobre a diploma\u00e7\u00e3o e a posse dos Vereadores Mirins e da Mesa Diretora."}, {"id": "5749", "ano": "2023", "numero": "1618", "tipo__sigla": "DE", "tipo__descricao": "Decreto Executivo", "texto_integral": "http://sapl.sarandi.pr.leg.br/media/sapl/public/normajuridica/2023/5749/decreto_executivo_no_1618-2023.pdf", "ementa": "DISP\u00d5E SOBRE O RECESSO FUNCIONAL NAS REPARTI\u00c7\u00d5ES P\u00daBLICAS MUNICIPAIS, NA FORMA QUE ESPECIFICA."}, {"id": "5747", "ano": "2023", "numero": "1616", "tipo__sigla": "DE", "tipo__descricao": "Decreto Executivo", "texto_integral": "http://sapl.sarandi.pr.leg.br/media/sapl/public/normajuridica/2023/5747/decreto_executivo_no_1616-2023.pdf", "ementa": "CONSTITUI O CONSELHO MUNICIPAL DE DESENVOLVIMENTO URBANO, NA FORMA QUE ESPECIFICA."}, {"id": "5746", "ano": "2023", "numero": "11", "tipo__sigla": "DL", "tipo__descricao": "Decreto Legislativo", "texto_integral": "http://sapl.sarandi.pr.leg.br/media/sapl/public/normajuridica/2023/5746/decreto_legislativo_no_011-2023_para_o_site.pdf", "ementa": "Autoriza o Prefeito Senhor Walter Volpato, a licenciar-se do Cargo por motivos de sa\u00fade, na forma que espec\u00edfica."}, {"id": "5745", "ano": "2023", "numero": "146", "tipo__sigla": "POR", "tipo__descricao": "Portaria", "texto_integral": "http://sapl.sarandi.pr.leg.br/media/sapl/public/normajuridica/2023/5745/portaria_no146-2023_para_site.pdf", "ementa": "Concede progress\u00e3o funcional por capacita\u00e7\u00e3o a servidora Angela Alves de Almeida e d\u00e1 outras provid\u00eancias."}, {"id": "5744", "ano": "2023", "numero": "145", "tipo__sigla": "POR", "tipo__descricao": "Portaria", "texto_integral": "http://sapl.sarandi.pr.leg.br/media/sapl/public/normajuridica/2023/5744/portaria_no145-2023_para_site.pdf", "ementa": "Concede progress\u00e3o funcional por capacita\u00e7\u00e3o ao servidor Marlon Bif e d\u00e1 outras provid\u00eancias."}, {"id": "5743", "ano": "2023", "numero": "144", "tipo__sigla": "POR", "tipo__descricao": "Portaria", "texto_integral": "http://sapl.sarandi.pr.leg.br/media/sapl/public/normajuridica/2023/5743/portaria_no144-2023_para_site.pdf", "ementa": "Concede progress\u00e3o funcional por titula\u00e7\u00e3o ao servidor Lucas Ataliba Rantin de Carvalho e d\u00e1 outras provid\u00eancias."}, {"id": "5737", "ano": "2023", "numero": "143", "tipo__sigla": "POR", "tipo__descricao": "Portaria", "texto_integral": "http://sapl.sarandi.pr.leg.br/media/sapl/public/normajuridica/2023/5737/portaria_no143-2023_para_site.pdf", "ementa": "Designa servidora Camila de Souza Bueno dos Santos, para fiscaliza\u00e7\u00e3o de contrato, e d\u00e1 outras provid\u00eancias."}, {"id": "5748", "ano": "2023", "numero": "1606", "tipo__sigla": "DE", "tipo__descricao": "Decreto Executivo", "texto_integral": "http://sapl.sarandi.pr.leg.br/media/sapl/public/normajuridica/2023/5748/decreto_executivo_no_1606-2023.pdf", "ementa": "DECLARA DE UTILIDADE P\u00daBLICA, PARA FINS DE DESAPROPRIA\u00c7\u00c3O AMIG\u00c1VEL OU JUDICIAL, IM\u00d3VEL NA FORMA COMO MENCIONA E D\u00c1 OUTRAS PROVID\u00caNCIAS."}, {"id": "5738", "ano": "2023", "numero": "10", "tipo__sigla": "DL", "tipo__descricao": "Decreto Legislativo", "texto_integral": "http://sapl.sarandi.pr.leg.br/media/sapl/public/normajuridica/2023/5738/decreto_legislativo_no_010-2023_para_o_site.pdf", "ementa": "Disp\u00f5e sobre aceita\u00e7\u00e3o do \"Veto n\u00ba 004/2023\", parcial ao Projeto de Lei n\u00ba 3.122/2021, de autoria da Edil Ireni Moura Farias \"Irene Moura\", o qual institui o Dia do Desapego Liter\u00e1rio no Munic\u00edpio de Sarandi."}, {"id": "5750", "ano": "2023", "numero": "1604", "tipo__sigla": "DE", "tipo__descricao": "Decreto Executivo", "texto_integral": "http://sapl.sarandi.pr.leg.br/media/sapl/public/normajuridica/2023/5750/decreto_executivo_no_1604-2023.pdf", "ementa": "DISP\u00d5E SOBRE CRIT\u00c9RIOS DE ESCOLHA PARA AS FUN\u00c7\u00d5ES DE CONFIAN\u00c7A DOS CARGOS DE DIRETOR ESCOLAR E DIRETOR DE CENTRO MUNICIPAL DE EDUCA\u00c7\u00c3O INFANTIL \u2013 CMEI, MEDIANTE PR\u00c9VIO PROCESSO DE AVALIA\u00c7\u00c3O DE M\u00c9RITO E DESEMPENHO, SEGUIDO DE CONSULTA P\u00daBLICA \u00c0 COMUNIDADE ESCOLAR, BASEADAS NOS PRINC\u00cdPIOS DA GEST\u00c3O DEMOCR\u00c1TICA, PARA DESIGNA\u00c7\u00c3O DE DIRETORES DAS INSTITUI\u00c7\u00d5ES DO SISTEMA MUNICIPAL DE ENSINO DE SARANDI, E D\u00c1 OUTRAS PROVID\u00caNCIAS."}, {"id": "5736", "ano": "2023", "numero": "2974", "tipo__sigla": "LEI", "tipo__descricao": "Lei Ordin\u00e1ria", "texto_integral": "http://sapl.sarandi.pr.leg.br/media/sapl/public/normajuridica/2023/5736/lei_no_2974-2023_para_o_site.pdf", "ementa": "Disp\u00f5e sobre a altera\u00e7\u00e3o do feriado de Anivers\u00e1rio do Munic\u00edpio, na forma que especifica."}, {"id": "5733", "ano": "2023", "numero": "142", "tipo__sigla": "POR", "tipo__descricao": "Portaria", "texto_integral": "http://sapl.sarandi.pr.leg.br/media/sapl/public/normajuridica/2023/5733/portaria_no142-2023_para_site.pdf", "ementa": "Designa servidor Marlon Bif, para fiscaliza\u00e7\u00e3o de contrato, e d\u00e1 outras provid\u00eancias."}, {"id": "5735", "ano": "2023", "numero": "9", "tipo__sigla": "DL", "tipo__descricao": "Decreto Legislativo", "texto_integral": "http://sapl.sarandi.pr.leg.br/media/sapl/public/normajuridica/2023/5735/decreto_legislativo_no_009-2023_para_o_site.pdf", "ementa": "Disp\u00f5e sobre aceita\u00e7\u00e3o do \"Veto n\u00ba 003/2023\", parcial ao Projeto de Lei n\u00ba 3.357/2023, de autoria do Poder Executivo Municipal, o qual institui o Fundo Municipal do N\u00facleo de Ensino da Guarda Civil Municipal."}, {"id": "5730", "ano": "2023", "numero": "141", "tipo__sigla": "POR", "tipo__descricao": "Portaria", "texto_integral": "http://sapl.sarandi.pr.leg.br/media/sapl/public/normajuridica/2023/5730/portaria_no141-2023_para_site.pdf", "ementa": "Designa servidor Jo\u00e3o Roberto dos Santos Lopes, para fiscaliza\u00e7\u00e3o de contrato, e d\u00e1 outras provid\u00eancias."}, {"id": "5729", "ano": "2023", "numero": "140", "tipo__sigla": "POR", "tipo__descricao": "Portaria", "texto_integral": "http://sapl.sarandi.pr.leg.br/media/sapl/public/normajuridica/2023/5729/portaria_no140-2023_para_site.pdf", "ementa": "Designa servidora Luzia Azevedo Dias, para fiscaliza\u00e7\u00e3o de contrato, e d\u00e1 outras provid\u00eancias."}, {"id": "5728", "ano": "2023", "numero": "139", "tipo__sigla": "POR", "tipo__descricao": "Portaria", "texto_integral": "http://sapl.sarandi.pr.leg.br/media/sapl/public/normajuridica/2023/5728/portaria_no139-2023_para_site.pdf", "ementa": "Institui a brigada de inc\u00eandio da C\u00e2mara Municipal de Sarandi e d\u00e1 outras provid\u00eancias."}, {"id": "5734", "ano": "2023", "numero": "1600", "tipo__sigla": "DE", "tipo__descricao": "Decreto Executivo", "texto_integral": "http://sapl.sarandi.pr.leg.br/media/sapl/public/normajuridica/2023/5734/decreto_executivo_no_1600-2023.pdf", "ementa": "ELEI\u00c7\u00c3O DO CONSELHO TUTELAR DO MUNIC\u00cdPIO DE SARANDI-PR, NO ANO DE 2023 E D\u00c1 OUTRAS PROVID\u00caNCIAS."}, {"id": "5725", "ano": "2023", "numero": "138", "tipo__sigla": "POR", "tipo__descricao": "Portaria", "texto_integral": "http://sapl.sarandi.pr.leg.br/media/sapl/public/normajuridica/2023/5725/portaria_no138-2023_para_site.pdf", "ementa": "Prorroga prazo de atividades da Comiss\u00e3o Especial de Transi\u00e7\u00e3o para a Nova Lei de Licita\u00e7\u00f5es e d\u00e1 outras provid\u00eancias."}, {"id": "5732", "ano": "2023", "numero": "8", "tipo__sigla": "DL", "tipo__descricao": "Decreto Legislativo", "texto_integral": "http://sapl.sarandi.pr.leg.br/media/sapl/public/normajuridica/2023/5732/decreto_legislativo_no_008-2023_para_o_site.pdf", "ementa": "Autoriza o Prefeito Senhor Walter Volpato, a licenciar-se do cargo por motivos de sa\u00fade, na forma que especifica."}, {"id": "5727", "ano": "2023", "numero": "7", "tipo__sigla": "DL", "tipo__descricao": "Decreto Legislativo", "texto_integral": "http://sapl.sarandi.pr.leg.br/media/sapl/public/normajuridica/2023/5727/decreto_legislativo_no_007-2023_para_o_site.pdf", "ementa": "Disp\u00f5e sobre aceita\u00e7\u00e3o do \"Veto n\u00ba 002/2023\", total ao Projeto de Lei n\u00ba 3.318/2023, de autoria do edil Adriano Ferreira Amorim \"Adriano Amorim\", o qual institui o Programa Vou de Bike com a instala\u00e7\u00e3o de biciclet\u00e1rios no Munic\u00edpio de Sarandi e d\u00e1 outras provid\u00eancias."}, {"id": "5726", "ano": "2023", "numero": "4", "tipo__sigla": "RES", "tipo__descricao": "Resolu\u00e7\u00e3o", "texto_integral": "http://sapl.sarandi.pr.leg.br/media/sapl/public/normajuridica/2023/5726/resolucao_no_004-2023_para_o_site.pdf", "ementa": "Altera a Resolu\u00e7\u00e3o n\u00ba 1, de 7 de fevereiro de 2019, na forma que especifica."}, {"id": "5731", "ano": "2023", "numero": "1", "tipo__sigla": "ATM", "tipo__descricao": "Ato da Mesa", "texto_integral": "http://sapl.sarandi.pr.leg.br/media/sapl/public/normajuridica/2023/5731/ato_da_mesa_no_001-2023_sapl.pdf", "ementa": "Disp\u00f5e sobre a Elei\u00e7\u00e3o do Programa Vereador Mirim 2023."}, {"id": "5722", "ano": "2023", "numero": "137", "tipo__sigla": "POR", "tipo__descricao": "Portaria", "texto_integral": "http://sapl.sarandi.pr.leg.br/media/sapl/public/normajuridica/2023/5722/portaria_no137-2023_para_site.pdf", "ementa": "Nomeia Iago Mateus Garcia Kluck para o cargo de assessor legislativo e d\u00e1 outras provid\u00eancias."}, {"id": "5721", "ano": "2023", "numero": "136", "tipo__sigla": "POR", "tipo__descricao": "Portaria", "texto_integral": "http://sapl.sarandi.pr.leg.br/media/sapl/public/normajuridica/2023/5721/portaria_no136-2023_para_site.pdf", "ementa": "Altera portaria de nomea\u00e7\u00e3o de Roberto Ara\u00fajo e d\u00e1 outras provid\u00eancias."}, {"id": "5720", "ano": "2023", "numero": "135", "tipo__sigla": "POR", "tipo__descricao": "Portaria", "texto_integral": "http://sapl.sarandi.pr.leg.br/media/sapl/public/normajuridica/2023/5720/portaria_no135-2023_para_site.pdf", "ementa": "Altera portaria de nomea\u00e7\u00e3o de Cesar Willians Hilario custodio e d\u00e1 outras provid\u00eancias."}, {"id": "5719", "ano": "2023", "numero": "134", "tipo__sigla": "POR", "tipo__descricao": "Portaria", "texto_integral": "http://sapl.sarandi.pr.leg.br/media/sapl/public/normajuridica/2023/5719/portaria_no134-2023_para_site.pdf", "ementa": "Altera portaria de nomea\u00e7\u00e3o de Anderson Ferreira Pompeu e d\u00e1 outras provid\u00eancias."}, {"id": "5718", "ano": "2023", "numero": "133", "tipo__sigla": "POR", "tipo__descricao": "Portaria", "texto_integral": "http://sapl.sarandi.pr.leg.br/media/sapl/public/normajuridica/2023/5718/portaria_no133-2023_para_site.pdf", "ementa": "Altera portaria de nomea\u00e7\u00e3o de Rosilene Aparecida de Souza e d\u00e1 outras provid\u00eancias."}, {"id": "5717", "ano": "2023", "numero": "132", "tipo__sigla": "POR", "tipo__descricao": "Portaria", "texto_integral": "http://sapl.sarandi.pr.leg.br/media/sapl/public/normajuridica/2023/5717/portaria_no132-2023_para_site.pdf", "ementa": "Altera portaria de nomea\u00e7\u00e3o de Maycon Alan Luizon e d\u00e1 outras provid\u00eancias."}, {"id": "5716", "ano": "2023", "numero": "131", "tipo__sigla": "POR", "tipo__descricao": "Portaria", "texto_integral": "http://sapl.sarandi.pr.leg.br/media/sapl/public/normajuridica/2023/5716/portaria_no131-2023_para_site.pdf", "ementa": "Altera portaria de nomea\u00e7\u00e3o de Jo\u00e3o Aparecido Vera Cruz e d\u00e1 outras provid\u00eancias."}, {"id": "5715", "ano": "2023", "numero": "130", "tipo__sigla": "POR", "tipo__descricao": "Portaria", "texto_integral": "http://sapl.sarandi.pr.leg.br/media/sapl/public/normajuridica/2023/5715/portaria_no130-2023_para_site.pdf", "ementa": "Altera portaria de nomea\u00e7\u00e3o de Haila Priscila Viana e d\u00e1 outras provid\u00eancias."}, {"id": "5714", "ano": "2023", "numero": "129", "tipo__sigla": "POR", "tipo__descricao": "Portaria", "texto_integral": "http://sapl.sarandi.pr.leg.br/media/sapl/public/normajuridica/2023/5714/portaria_no129-2023_para_site.pdf", "ementa": "Altera portaria de nomea\u00e7\u00e3o de Gabriela do Carmo Donato e d\u00e1 outras provid\u00eancias."}, {"id": "5713", "ano": "2023", "numero": "128", "tipo__sigla": "POR", "tipo__descricao": "Portaria", "texto_integral": "http://sapl.sarandi.pr.leg.br/media/sapl/public/normajuridica/2023/5713/portaria_no128-2023_para_site.pdf", "ementa": "Altera portaria de nomea\u00e7\u00e3o de F\u00e1bio Roberto Capelli de Assis e d\u00e1 outras provid\u00eancias."}, {"id": "5712", "ano": "2023", "numero": "127", "tipo__sigla": "POR", "tipo__descricao": "Portaria", "texto_integral": "http://sapl.sarandi.pr.leg.br/media/sapl/public/normajuridica/2023/5712/portaria_no127-2023_para_site.pdf", "ementa": "Altera portaria de nomea\u00e7\u00e3o de Daniela Marques da Silva Daneis e d\u00e1 outras provid\u00eancias."}, {"id": "5724", "ano": "2023", "numero": "449", "tipo__sigla": "LC", "tipo__descricao": "Lei Complementar", "texto_integral": "http://sapl.sarandi.pr.leg.br/media/sapl/public/normajuridica/2023/5724/lei_complementar_no_449-2023_para_o_site.pdf", "ementa": "Altera a Lei Complementar n\u00ba 444, de 6 de julho de 2023, na forma que especifica."}, {"id": "5723", "ano": "2023", "numero": "448", "tipo__sigla": "LC", "tipo__descricao": "Lei Complementar", "texto_integral": "http://sapl.sarandi.pr.leg.br/media/sapl/public/normajuridica/2023/5723/lei_complementar_no_448-2023_para_o_site.pdf", "ementa": "Altera a Lei Complementar n\u00b0 447, de 22 de agosto de 2023, na forma que especifica."}, {"id": "5711", "ano": "2023", "numero": "126", "tipo__sigla": "POR", "tipo__descricao": "Portaria", "texto_integral": "http://sapl.sarandi.pr.leg.br/media/sapl/public/normajuridica/2023/5711/portaria_no126-2023_para_site.pdf", "ementa": "Concede progress\u00e3o funcional por merecimento ao servidor Marlon Bif e d\u00e1 outras provid\u00eancias."}, {"id": "5710", "ano": "2023", "numero": "125", "tipo__sigla": "POR", "tipo__descricao": "Portaria", "texto_integral": "http://sapl.sarandi.pr.leg.br/media/sapl/public/normajuridica/2023/5710/portaria_no125-2023_para_site.pdf", "ementa": "Concede progress\u00e3o funcional por merecimento a servidora Marcela Fritz de Lima Muratori e d\u00e1 outras provid\u00eancias."}, {"id": "5709", "ano": "2023", "numero": "124", "tipo__sigla": "POR", "tipo__descricao": "Portaria", "texto_integral": "http://sapl.sarandi.pr.leg.br/media/sapl/public/normajuridica/2023/5709/portaria_no124-2023_para_site.pdf", "ementa": "Concede progress\u00e3o funcional por titula\u00e7\u00e3o a servidora Camila de Souza Bueno dos Santos e d\u00e1 outras provid\u00eancias."}, {"id": "5699", "ano": "2023", "numero": "123", "tipo__sigla": "POR", "tipo__descricao": "Portaria", "texto_integral": "http://sapl.sarandi.pr.leg.br/media/sapl/public/normajuridica/2023/5699/portaria_no123-2023_para_site.pdf", "ementa": "Nomeia pregoeiro e membros da 1\u00aa equipe de apoio no \u00e2mbito da C\u00e2mara Municipal de Sarandi e d\u00e1 outras provid\u00eancias."}, {"id": "5698", "ano": "2023", "numero": "122", "tipo__sigla": "POR", "tipo__descricao": "Portaria", "texto_integral": "http://sapl.sarandi.pr.leg.br/media/sapl/public/normajuridica/2023/5698/portaria_no122-2023_para_site.pdf", "ementa": "Nomeia pregoeiro e membros da 1\u00aa equipe de apoio no \u00e2mbito da C\u00e2mara Municipal de Sarandi e d\u00e1 outras provid\u00eancias."}, {"id": "5697", "ano": "2023", "numero": "121", "tipo__sigla": "POR", "tipo__descricao": "Portaria", "texto_integral": "http://sapl.sarandi.pr.leg.br/media/sapl/public/normajuridica/2023/5697/portaria_no121-2023_para_site.pdf", "ementa": "Nomeia pregoeiro e membros da 1\u00aa equipe de apoio no \u00e2mbito da C\u00e2mara Municipal de Sarandi e d\u00e1 outras provid\u00eancias."}, {"id": "5696", "ano": "2023", "numero": "120", "tipo__sigla": "POR", "tipo__descricao": "Portaria", "texto_integral": "http://sapl.sarandi.pr.leg.br/media/sapl/public/normajuridica/2023/5696/portaria_no120-2023_para_site.pdf", "ementa": "Revoga o pagamento do adicional de insalubridade e d\u00e1 outras provid\u00eancias."}, {"id": "5693", "ano": "2023", "numero": "1592", "tipo__sigla": "DE", "tipo__descricao": "Decreto Executivo", "texto_integral": "http://sapl.sarandi.pr.leg.br/media/sapl/public/normajuridica/2023/5693/decreto_executivo_no_1592-2023.pdf", "ementa": "REAJUSTE DOS \u00cdNDICES APLIC\u00c1VEIS AOS VALORES DAS DI\u00c1RIAS ESTABELECIDAS NA LEI N\u00ba 2754/2021, NA FORMA QUE ESPECIFICA."}, {"id": "5692", "ano": "2023", "numero": "1589", "tipo__sigla": "DE", "tipo__descricao": "Decreto Executivo", "texto_integral": "http://sapl.sarandi.pr.leg.br/media/sapl/public/normajuridica/2023/5692/decreto_executivo_no_1589-2023.pdf", "ementa": "REAJUSTE DOS \u00cdNDICES APLIC\u00c1VEIS AOS VALORES DAS DI\u00c1RIAS ESTABELECIDAS NA LEI N\u00ba 2685/2021, NA FORMA QUE ESPECIFICA."}, {"id": "5691", "ano": "2023", "numero": "2", "tipo__sigla": "IN", "tipo__descricao": "Instru\u00e7\u00e3o Normativa", "texto_integral": "http://sapl.sarandi.pr.leg.br/media/sapl/public/normajuridica/2023/5691/in_02-2023.pdf", "ementa": "DISP\u00d5E SOBRE NORMAS E PROCEDIMENTOS PARA A UTILIZA\u00c7\u00c3O DE VE\u00cdCULOS OFICIAIS DA C\u00c2MARA MUNICIPAL DE SARANDI \u2013 PR."}, {"id": "5707", "ano": "2023", "numero": "2973", "tipo__sigla": "LEI", "tipo__descricao": "Lei Ordin\u00e1ria", "texto_integral": "http://sapl.sarandi.pr.leg.br/media/sapl/public/normajuridica/2023/5707/lei_no_2973-2023_para_o_site.pdf", "ementa": "Institui a Semana de Sensibiliza\u00e7\u00e3o \u00e0 Perda Gestacional, Neonatal e Infantil no Munic\u00edpio de Sarandi."}, {"id": "5706", "ano": "2023", "numero": "2972", "tipo__sigla": "LEI", "tipo__descricao": "Lei Ordin\u00e1ria", "texto_integral": "http://sapl.sarandi.pr.leg.br/media/sapl/public/normajuridica/2023/5706/lei_no_2972-2023_para_o_site.pdf", "ementa": "Institui o Maio Furta-Cor, m\u00eas dedicado \u00e0s a\u00e7\u00f5es de conscientiza\u00e7\u00e3o, incentivo ao cuidado e promo\u00e7\u00e3o da Sa\u00fade Mental Materna no Munic\u00edpio de Sarandi."}, {"id": "5705", "ano": "2023", "numero": "2971", "tipo__sigla": "LEI", "tipo__descricao": "Lei Ordin\u00e1ria", "texto_integral": "http://sapl.sarandi.pr.leg.br/media/sapl/public/normajuridica/2023/5705/lei_no_2971-2023_para_o_site.pdf", "ementa": "Institui o Novembro Azul, m\u00eas dedicado \u00e0 Preven\u00e7\u00e3o do C\u00e2ncer de Pr\u00f3stata no Munic\u00edpio de Sarandi."}, {"id": "5704", "ano": "2023", "numero": "2970", "tipo__sigla": "LEI", "tipo__descricao": "Lei Ordin\u00e1ria", "texto_integral": "http://sapl.sarandi.pr.leg.br/media/sapl/public/normajuridica/2023/5704/lei_no_2970-2023_para_o_site.pdf", "ementa": "Institui o Outubro Rosa, m\u00eas dedicado \u00e0 Preven\u00e7\u00e3o do C\u00e2ncer de Mama no Munic\u00edpio de Sarandi."}, {"id": "5703", "ano": "2023", "numero": "2969", "tipo__sigla": "LEI", "tipo__descricao": "Lei Ordin\u00e1ria", "texto_integral": "http://sapl.sarandi.pr.leg.br/media/sapl/public/normajuridica/2023/5703/lei_no_2969-2023_para_o_site.pdf", "ementa": "Institui a Semana de Conscientiza\u00e7\u00e3o da Depress\u00e3o na Inf\u00e2ncia e na Adolesc\u00eancia no Munic\u00edpio de Sarandi."}, {"id": "5700", "ano": "2023", "numero": "2966", "tipo__sigla": "LEI", "tipo__descricao": "Lei Ordin\u00e1ria", "texto_integral": "http://sapl.sarandi.pr.leg.br/media/sapl/public/normajuridica/2023/5700/lei_no_2966-2023_para_o_site.pdf", "ementa": "Disp\u00f5e sobre a prioridade das crian\u00e7as a partir do dia em que completar 4 anos de idade a se matricularem em Centros de Educa\u00e7\u00e3o Infantis (CMEIs) e Escolas P\u00fablicas de Ensino Fundamental mais pr\u00f3ximas de suas resid\u00eancias no Munic\u00edpio de Sarandi e d\u00e1 outras provid\u00eancias."}, {"id": "5694", "ano": "2023", "numero": "2965", "tipo__sigla": "LEI", "tipo__descricao": "Lei Ordin\u00e1ria", "texto_integral": "http://sapl.sarandi.pr.leg.br/media/sapl/public/normajuridica/2023/5694/lei_no_2965-2023_para_o_site.pdf", "ementa": "Institui o Dia do Desapego Liter\u00e1rio no Munic\u00edpio de Sarandi."}, {"id": "5695", "ano": "2023", "numero": "1588", "tipo__sigla": "DE", "tipo__descricao": "Decreto Executivo", "texto_integral": "http://sapl.sarandi.pr.leg.br/media/sapl/public/normajuridica/2023/5695/decreto_executivo_no_1588-2023.pdf", "ementa": "DISP\u00d5E SOBRE O RECESSO FUNCIONAL NAS REPARTI\u00c7\u00d5ES P\u00daBLICAS MUNICIPAIS, NA FORMA QUE ESPECIFICA."}, {"id": "5690", "ano": "2023", "numero": "119", "tipo__sigla": "POR", "tipo__descricao": "Portaria", "texto_integral": "http://sapl.sarandi.pr.leg.br/media/sapl/public/normajuridica/2023/5690/portaria_no119-2023_para_site.pdf", "ementa": "Disp\u00f5e sobre o Programa Vereador Mirim 2023."}, {"id": "5686", "ano": "2023", "numero": "447", "tipo__sigla": "LC", "tipo__descricao": "Lei Complementar", "texto_integral": "http://sapl.sarandi.pr.leg.br/media/sapl/public/normajuridica/2023/5686/lei_complementar_no_447-2023_para_o_site.pdf", "ementa": "Disp\u00f5e sobre os Cargos em Comiss\u00e3o da C\u00e2mara Municipal de Sarandi e d\u00e1 outras provid\u00eancias."}, {"id": "5689", "ano": "2023", "numero": "118", "tipo__sigla": "POR", "tipo__descricao": "Portaria", "texto_integral": "http://sapl.sarandi.pr.leg.br/media/sapl/public/normajuridica/2023/5689/portaria_no118-2023_para_site.pdf", "ementa": "Designa servidor Vagner Rafael Vaz, para fiscaliza\u00e7\u00e3o de contrato, e d\u00e1 outras provid\u00eancias."}, {"id": "5688", "ano": "2023", "numero": "117", "tipo__sigla": "POR", "tipo__descricao": "Portaria", "texto_integral": "http://sapl.sarandi.pr.leg.br/media/sapl/public/normajuridica/2023/5688/portaria_no117-2023_para_site.pdf", "ementa": "Designa servidor Vagner Rafael Vaz, para fiscaliza\u00e7\u00e3o de contrato, e d\u00e1 outras provid\u00eancias."}, {"id": "5682", "ano": "2023", "numero": "116", "tipo__sigla": "POR", "tipo__descricao": "Portaria", "texto_integral": "http://sapl.sarandi.pr.leg.br/media/sapl/public/normajuridica/2023/5682/portaria_no116-2023_para_site.pdf", "ementa": "Nomeia Comiss\u00e3o Permanente de Recebimento e d\u00e1 outras provid\u00eancias."}, {"id": "5681", "ano": "2023", "numero": "115", "tipo__sigla": "POR", "tipo__descricao": "Portaria", "texto_integral": "http://sapl.sarandi.pr.leg.br/media/sapl/public/normajuridica/2023/5681/portaria_no115-2023_para_site.pdf", "ementa": "Prorroga a nomea\u00e7\u00e3o de Suzane Ribeiro Azevedo para ocupar temporariamente a fun\u00e7\u00e3o gratificada como gestor de contratos e d\u00e1 outras provid\u00eancias."}, {"id": "5702", "ano": "2023", "numero": "2968", "tipo__sigla": "LEI", "tipo__descricao": "Lei Ordin\u00e1ria", "texto_integral": "http://sapl.sarandi.pr.leg.br/media/sapl/public/normajuridica/2023/5702/lei_no_2968-2023_para_o_site.pdf", "ementa": "Institui a Semana de Incentivo \u00e0 Doa\u00e7\u00e3o de Sangue no Munic\u00edpio de Sarandi."}, {"id": "5701", "ano": "2023", "numero": "2967", "tipo__sigla": "LEI", "tipo__descricao": "Lei Ordin\u00e1ria", "texto_integral": "http://sapl.sarandi.pr.leg.br/media/sapl/public/normajuridica/2023/5701/lei_no_2967-2023_para_o_site.pdf", "ementa": "Institui o Dia da Fibromialgia no Munic\u00edpio de Sarandi."}, {"id": "5684", "ano": "2023", "numero": "2964", "tipo__sigla": "LEI", "tipo__descricao": "Lei Ordin\u00e1ria", "texto_integral": "http://sapl.sarandi.pr.leg.br/media/sapl/public/normajuridica/2023/5684/lei_no_2964-2023_para_o_site.pdf", "ementa": "Institui o Dia do Protetor e Cuidador de Animais no Munic\u00edpio de Sarandi."}, {"id": "5683", "ano": "2023", "numero": "2963", "tipo__sigla": "LEI", "tipo__descricao": "Lei Ordin\u00e1ria", "texto_integral": "http://sapl.sarandi.pr.leg.br/media/sapl/public/normajuridica/2023/5683/lei_no_2963-2023_para_o_site.pdf", "ementa": "Institui a Semana de Combate ao Abuso e \u00e0 Explora\u00e7\u00e3o Sexual de Crian\u00e7as e Adolescentes no Munic\u00edpio de Sarandi."}, {"id": "5687", "ano": "2023", "numero": "2962", "tipo__sigla": "LEI", "tipo__descricao": "Lei Ordin\u00e1ria", "texto_integral": "http://sapl.sarandi.pr.leg.br/media/sapl/public/normajuridica/2023/5687/lei_no_2962-2023_para_o_site.pdf", "ementa": "Disp\u00f5e sobre a garantia ao servidor efetivo da Administra\u00e7\u00e3o Direta do Poder Executivo Municipal, da possibilidade de redu\u00e7\u00e3o de carga hor\u00e1ria e fixa os crit\u00e9rios e procedimentos a serem adotados para concess\u00e3o, na forma que especifica."}, {"id": "5708", "ano": "2023", "numero": "1580", "tipo__sigla": "DE", "tipo__descricao": "Decreto Executivo", "texto_integral": "http://sapl.sarandi.pr.leg.br/media/sapl/public/normajuridica/2023/5708/decreto_executivo_no_1580-2023.pdf", "ementa": "CONSTITUI O CONSELHO MUNICIPAL DE DESENVOLVIMENTO URBANO, NA FORMA QUE ESPECIFICA."}, {"id": "5742", "ano": "2023", "numero": "1574", "tipo__sigla": "DE", "tipo__descricao": "Decreto Executivo", "texto_integral": "http://sapl.sarandi.pr.leg.br/media/sapl/public/normajuridica/2023/5742/decreto_executivo_no_1574-2023.pdf", "ementa": "CONSTITUI COMISS\u00c3O JULGADORA DE INDENIZA\u00c7\u00c3O DE PEQUENA MONTA EM PROCESSO ADMINISTRATIVO, EM CONFORMIDADE COM O DECRETO N\u00ba 333, DE 26 DE JULHO DE 2013."}, {"id": "5685", "ano": "2023", "numero": "446", "tipo__sigla": "LC", "tipo__descricao": "Lei Complementar", "texto_integral": "http://sapl.sarandi.pr.leg.br/media/sapl/public/normajuridica/2023/5685/lei_complementar_no_446-2023_para_o_site.pdf", "ementa": "Altera a Lei Complementar n\u00b0 115, de 27 de maio de 2005, na forma que especifica."}, {"id": "5679", "ano": "2023", "numero": "1578", "tipo__sigla": "DE", "tipo__descricao": "Decreto Executivo", "texto_integral": "http://sapl.sarandi.pr.leg.br/media/sapl/public/normajuridica/2023/5679/decreto_executivo_no_1578-2023.pdf", "ementa": "ABRE CR\u00c9DITO ADICIONAL ESPECIAL NA FORMA QUE ESPECIFICA."}, {"id": "5680", "ano": "2023", "numero": "1575", "tipo__sigla": "DE", "tipo__descricao": "Decreto Executivo", "texto_integral": "http://sapl.sarandi.pr.leg.br/media/sapl/public/normajuridica/2023/5680/decreto_executivo_no_1575-2023.pdf", "ementa": "ABRE CR\u00c9DITO ADICIONAL ESPECIAL NA FORMA QUE ESPECIFICA."}, {"id": "5677", "ano": "2023", "numero": "2961", "tipo__sigla": "LEI", "tipo__descricao": "Lei Ordin\u00e1ria", "texto_integral": "http://sapl.sarandi.pr.leg.br/media/sapl/public/normajuridica/2023/5677/lei_no_2961-2023_para_o_site.pdf", "ementa": "Institui o Dia das Mulheres que Fazem a Diferen\u00e7a no Munic\u00edpio de Sarandi."}, {"id": "5676", "ano": "2023", "numero": "2960", "tipo__sigla": "LEI", "tipo__descricao": "Lei Ordin\u00e1ria", "texto_integral": "http://sapl.sarandi.pr.leg.br/media/sapl/public/normajuridica/2023/5676/lei_no_2960-2023_para_o_site.pdf", "ementa": "Institui o Dia em Mem\u00f3ria \u00e0s Vitimas da Covid-19 no Munic\u00edpio de Sarandi."}, {"id": "5675", "ano": "2023", "numero": "2959", "tipo__sigla": "LEI", "tipo__descricao": "Lei Ordin\u00e1ria", "texto_integral": "http://sapl.sarandi.pr.leg.br/media/sapl/public/normajuridica/2023/5675/lei_no_2959-2023_para_o_site.pdf", "ementa": "Institui o Dia dos Colecionadores, Atiradores e Ca\u00e7adores \u2014 CAC'S no Munic\u00edpio de Sarandi."}, {"id": "5674", "ano": "2023", "numero": "2958", "tipo__sigla": "LEI", "tipo__descricao": "Lei Ordin\u00e1ria", "texto_integral": "http://sapl.sarandi.pr.leg.br/media/sapl/public/normajuridica/2023/5674/lei_no_2958-2023_para_o_site.pdf", "ementa": "Institui o Dia do Motociclista no Munic\u00edpio de Sarandi."}, {"id": "5673", "ano": "2023", "numero": "2957", "tipo__sigla": "LEI", "tipo__descricao": "Lei Ordin\u00e1ria", "texto_integral": "http://sapl.sarandi.pr.leg.br/media/sapl/public/normajuridica/2023/5673/lei_no_2957-2023_para_o_site.pdf", "ementa": "Institui o Dia do Bombeiro Civil no Munic\u00edpio de Sarandi."}, {"id": "5672", "ano": "2023", "numero": "2956", "tipo__sigla": "LEI", "tipo__descricao": "Lei Ordin\u00e1ria", "texto_integral": "http://sapl.sarandi.pr.leg.br/media/sapl/public/normajuridica/2023/5672/lei_no_2956-2023_para_o_site.pdf", "ementa": "D\u00e1 denomina\u00e7\u00e3o ao Pa\u00e7o Municipal de Sarandi, na forma que especifica."}, {"id": "5671", "ano": "2023", "numero": "2955", "tipo__sigla": "LEI", "tipo__descricao": "Lei Ordin\u00e1ria", "texto_integral": "http://sapl.sarandi.pr.leg.br/media/sapl/public/normajuridica/2023/5671/lei_no_2955-2023_para_o_site.pdf", "ementa": "D\u00e1 denomina\u00e7\u00e3o \u00e0 Pra\u00e7a situada no Jardim Aurora 4, na forma que especifica."}, {"id": "5670", "ano": "2023", "numero": "2954", "tipo__sigla": "LEI", "tipo__descricao": "Lei Ordin\u00e1ria", "texto_integral": "http://sapl.sarandi.pr.leg.br/media/sapl/public/normajuridica/2023/5670/lei_no_2954-2023_para_o_site.pdf", "ementa": "D\u00e1 denomina\u00e7\u00e3o \u00e0 Rua Projetada S, situada no Jardim Montreal, na forma que especifica."}, {"id": "5669", "ano": "2023", "numero": "2953", "tipo__sigla": "LEI", "tipo__descricao": "Lei Ordin\u00e1ria", "texto_integral": "http://sapl.sarandi.pr.leg.br/media/sapl/public/normajuridica/2023/5669/lei_no_2953-2023_para_o_site.pdf", "ementa": "D\u00e1 denomina\u00e7\u00e3o \u00e0 Rua Projetada A, situada no Jardim S\u00e3o Paulo II, na forma que especifica."}, {"id": "5668", "ano": "2023", "numero": "2952", "tipo__sigla": "LEI", "tipo__descricao": "Lei Ordin\u00e1ria", "texto_integral": "http://sapl.sarandi.pr.leg.br/media/sapl/public/normajuridica/2023/5668/lei_no_2952-2023_para_o_site.pdf", "ementa": "D\u00e1 denomina\u00e7\u00e3o \u00e0 Rua Projetada A, situada no Jardim S\u00e3o Paulo, na forma que especifica."}, {"id": "5678", "ano": "2023", "numero": "2951", "tipo__sigla": "LEI", "tipo__descricao": "Lei Ordin\u00e1ria", "texto_integral": "http://sapl.sarandi.pr.leg.br/media/sapl/public/normajuridica/2023/5678/lei_no_2951-2023_para_o_site.pdf", "ementa": "Autoriza o Poder Executivo Municipal a efetuar abertura de Cr\u00e9dito Adicional Especial, na forma que especifica."}, {"id": "5667", "ano": "2023", "numero": "2950", "tipo__sigla": "LEI", "tipo__descricao": "Lei Ordin\u00e1ria", "texto_integral": "http://sapl.sarandi.pr.leg.br/media/sapl/public/normajuridica/2023/5667/lei_no_2950-2023_para_o_site.pdf", "ementa": "Autoriza o Poder Executivo Municipal a efetuar abertura de Cr\u00e9dito Adicional Especial, na forma que especifica."}, {"id": "5666", "ano": "2023", "numero": "2949", "tipo__sigla": "LEI", "tipo__descricao": "Lei Ordin\u00e1ria", "texto_integral": "http://sapl.sarandi.pr.leg.br/media/sapl/public/normajuridica/2023/5666/lei_no_2949-2023_para_o_site.pdf", "ementa": "Autoriza o Poder Executivo a contribuir mensalmente com entidades nacionais, estadual, regional e microrregional, de representa\u00e7\u00e3o dos munic\u00edpios do Paran\u00e1 e d\u00e1 outras provid\u00eancias."}, {"id": "5665", "ano": "2023", "numero": "114", "tipo__sigla": "POR", "tipo__descricao": "Portaria", "texto_integral": "http://sapl.sarandi.pr.leg.br/media/sapl/public/normajuridica/2023/5665/portaria_no114-2023_para_site.pdf", "ementa": "Designa servidor Dhymison da Silva Ramos, para fiscaliza\u00e7\u00e3o de contrato, e d\u00e1 outras provid\u00eancias."}, {"id": "5664", "ano": "2023", "numero": "113", "tipo__sigla": "POR", "tipo__descricao": "Portaria", "texto_integral": "http://sapl.sarandi.pr.leg.br/media/sapl/public/normajuridica/2023/5664/portaria_no113-2023_para_site.pdf", "ementa": "Exonera a servidora Cresia Concei\u00e7\u00e3o da Silva Mazia e d\u00e1 outras provid\u00eancias."}, {"id": "5663", "ano": "2023", "numero": "112", "tipo__sigla": "POR", "tipo__descricao": "Portaria", "texto_integral": "http://sapl.sarandi.pr.leg.br/media/sapl/public/normajuridica/2023/5663/portaria_no112-2023_para_site.pdf", "ementa": "Nomeia Comiss\u00e3o Permanente de Recebimento e d\u00e1 outras provid\u00eancias."}, {"id": "5662", "ano": "2023", "numero": "111", "tipo__sigla": "POR", "tipo__descricao": "Portaria", "texto_integral": "http://sapl.sarandi.pr.leg.br/media/sapl/public/normajuridica/2023/5662/portaria_no111-2023_para_site.pdf", "ementa": "Nomeia Maicon Tonolli para ocupar temporariamente a fun\u00e7\u00e3o gratificada como tesoureiro e d\u00e1 outras provid\u00eancias."}, {"id": "5661", "ano": "2023", "numero": "110", "tipo__sigla": "POR", "tipo__descricao": "Portaria", "texto_integral": "http://sapl.sarandi.pr.leg.br/media/sapl/public/normajuridica/2023/5661/portaria_no110-2023_para_site.pdf", "ementa": "Nomeia Comiss\u00e3o Permanente de Licita\u00e7\u00f5es e d\u00e1 outras provid\u00eancias."}, {"id": "5660", "ano": "2023", "numero": "109", "tipo__sigla": "POR", "tipo__descricao": "Portaria", "texto_integral": "http://sapl.sarandi.pr.leg.br/media/sapl/public/normajuridica/2023/5660/portaria_no109-2023_para_site.pdf", "ementa": "Designa servidora Luzia Azevedo Dias, para fiscaliza\u00e7\u00e3o de contrato, e d\u00e1 outras provid\u00eancias."}, {"id": "5659", "ano": "2023", "numero": "2948", "tipo__sigla": "LEI", "tipo__descricao": "Lei Ordin\u00e1ria", "texto_integral": "http://sapl.sarandi.pr.leg.br/media/sapl/public/normajuridica/2023/5659/lei_no_2948-2023_para_o_site.pdf", "ementa": "Institui o Fundo Municipal Do N\u00facleo De Ensino Da Guarda Civil Municipal."}, {"id": "5658", "ano": "2023", "numero": "2947", "tipo__sigla": "LEI", "tipo__descricao": "Lei Ordin\u00e1ria", "texto_integral": "http://sapl.sarandi.pr.leg.br/media/sapl/public/normajuridica/2023/5658/lei_no_2947-2023_para_o_site.pdf", "ementa": "Disp\u00f5e sobre as Diretrizes para a elabora\u00e7\u00e3o e execu\u00e7\u00e3o da Lei Or\u00e7ament\u00e1ria para o exerc\u00edcio de 2024 e d\u00e1 outras provid\u00eancias."}, {"id": "5657", "ano": "2023", "numero": "1516", "tipo__sigla": "DE", "tipo__descricao": "Decreto Executivo", "texto_integral": "http://sapl.sarandi.pr.leg.br/media/sapl/public/normajuridica/2023/5657/decreto_executivo_no_1516-2023.pdf", "ementa": "INSTITUI A TABELA DE MULTAS, A SER APLICADA PELA INFRA\u00c7\u00c3O DAS NORMAS ESTABELECIDAS NA LEI COMPLEMENTAR N\u00ba 219/2009 \u2013 C\u00d3DIGO AMBIENTAL, NA FORMA QUE ESPECIFICA."}, {"id": "5654", "ano": "2023", "numero": "108", "tipo__sigla": "POR", "tipo__descricao": "Portaria", "texto_integral": "http://sapl.sarandi.pr.leg.br/media/sapl/public/normajuridica/2023/5654/portaria_no108-2023_para_site.pdf", "ementa": "Nomeia D\u00e9bora Aparecida de Souza para ocupar o cargo de controlador interno e d\u00e1 outras provid\u00eancias."}, {"id": "5653", "ano": "2023", "numero": "107", "tipo__sigla": "POR", "tipo__descricao": "Portaria", "texto_integral": "http://sapl.sarandi.pr.leg.br/media/sapl/public/normajuridica/2023/5653/portaria_no107-2023_para_site.pdf", "ementa": "Concede progress\u00e3o funcional por desempenho a servidora Angela Alves de Almeida e d\u00e1 outras provid\u00eancias."}, {"id": "5652", "ano": "2023", "numero": "106", "tipo__sigla": "POR", "tipo__descricao": "Portaria", "texto_integral": "http://sapl.sarandi.pr.leg.br/media/sapl/public/normajuridica/2023/5652/portaria_no106-2023_para_site.pdf", "ementa": "Concede progress\u00e3o funcional por capacita\u00e7\u00e3o a servidora D\u00e9bora Aparecida de Souza e d\u00e1 outras provid\u00eancias."}, {"id": "5651", "ano": "2023", "numero": "105", "tipo__sigla": "POR", "tipo__descricao": "Portaria", "texto_integral": "http://sapl.sarandi.pr.leg.br/media/sapl/public/normajuridica/2023/5651/portaria_no105-2023_para_site.pdf", "ementa": "Concede progress\u00e3o funcional por capacita\u00e7\u00e3o ao servidor Vagner Rafael Vaz e d\u00e1 outras provid\u00eancias."}, {"id": "5650", "ano": "2023", "numero": "104", "tipo__sigla": "POR", "tipo__descricao": "Portaria", "texto_integral": "http://sapl.sarandi.pr.leg.br/media/sapl/public/normajuridica/2023/5650/portaria_no104-2023_para_site.pdf", "ementa": "Concede progress\u00e3o funcional por capacita\u00e7\u00e3o ao servidor Jo\u00e3o Roberto dos Santos Lopes e d\u00e1 outras provid\u00eancias."}, {"id": "5656", "ano": "2023", "numero": "1512", "tipo__sigla": "DE", "tipo__descricao": "Decreto Executivo", "texto_integral": "http://sapl.sarandi.pr.leg.br/media/sapl/public/normajuridica/2023/5656/decreto_executivo_no_1515-2023.pdf", "ementa": "DISP\u00d5E SOBRE A CONVOCA\u00c7\u00c3O DE AUDI\u00caNCIA P\u00daBLICA PARA TRATAR DOS DETALHES DA ESTRUTURA\u00c7\u00c3O DOS EDITAIS DA LEI PAULO GUSTAVO, NO \u00c2MBITO DO MUNIC\u00cdPIO DE SARANDI, NA FORMA QUE ESPECIFICA."}, {"id": "5655", "ano": "2023", "numero": "1511", "tipo__sigla": "DE", "tipo__descricao": "Decreto Executivo", "texto_integral": "http://sapl.sarandi.pr.leg.br/media/sapl/public/normajuridica/2023/5655/decreto_executivo_no_1511-2023.pdf", "ementa": "REGULAMENTA O DISPOSTO NO INCISO III DO ARTIGO 90, DA LEI COMPLEMENTAR N\u00ba 10, DE 27 DE DEZEMBRO DE 1992, NA FORMA QUE ESPECIFICA."}, {"id": "5648", "ano": "2023", "numero": "1504", "tipo__sigla": "DE", "tipo__descricao": "Decreto Executivo", "texto_integral": "http://sapl.sarandi.pr.leg.br/media/sapl/public/normajuridica/2023/5648/decreto_executivo_no_1504-2023.pdf", "ementa": "DISP\u00d5E SOBRE OS HOR\u00c1RIOS DE EXPEDIENTE NO MUNIC\u00cdPIO DE SARANDI-PR, EM VIRTUDE DOS JOGOS DA SELE\u00c7\u00c3O BRASILEIRA DE FUTEBOL FEMININO NA COPA DO MUNDO DE FUTEBOL FEMININO FIFA 2023 E D\u00c1 OUTRAS PROVID\u00caNCIAS."}, {"id": "5647", "ano": "2023", "numero": "103", "tipo__sigla": "POR", "tipo__descricao": "Portaria", "texto_integral": "http://sapl.sarandi.pr.leg.br/media/sapl/public/normajuridica/2023/5647/portaria_no103-2023_para_site.pdf", "ementa": "Prorroga a nomea\u00e7\u00e3o de Suzane Ribeiro Azevedo para ocupar temporariamente a fun\u00e7\u00e3o gratificada como gestor de contratos e d\u00e1 outras provid\u00eancias."}, {"id": "5649", "ano": "2023", "numero": "2946", "tipo__sigla": "LEI", "tipo__descricao": "Lei Ordin\u00e1ria", "texto_integral": "http://sapl.sarandi.pr.leg.br/media/sapl/public/normajuridica/2023/5649/lei_no_2946-2023_para_o_site.pdf", "ementa": "Disp\u00f5e sobre a altera\u00e7\u00e3o dos Anexos do PPA \u2014 Plano Plurianual do Munic\u00edpio de Sarandi do quadri\u00eanio 2022 a 2025, na forma que especifica."}, {"id": "5646", "ano": "2023", "numero": "2945", "tipo__sigla": "LEI", "tipo__descricao": "Lei Ordin\u00e1ria", "texto_integral": "http://sapl.sarandi.pr.leg.br/media/sapl/public/normajuridica/2023/5646/lei_no_2945-2023_para_o_site.pdf", "ementa": "Autoriza o Poder Executivo Municipal a efetuar abertura de Cr\u00e9dito Adicional Especial, na forma que especifica."}, {"id": "5645", "ano": "2023", "numero": "2944", "tipo__sigla": "LEI", "tipo__descricao": "Lei Ordin\u00e1ria", "texto_integral": "http://sapl.sarandi.pr.leg.br/media/sapl/public/normajuridica/2023/5645/lei_no_2944-2023_para_o_site.pdf", "ementa": "Autoriza o Poder Executivo Municipal a efetuar abertura de Cr\u00e9dito Adicional Especial, na forma que especifica."}, {"id": "5644", "ano": "2023", "numero": "2943", "tipo__sigla": "LEI", "tipo__descricao": "Lei Ordin\u00e1ria", "texto_integral": "http://sapl.sarandi.pr.leg.br/media/sapl/public/normajuridica/2023/5644/lei_no_2943-2023_para_o_site.pdf", "ementa": "Autoriza o Poder Executivo Municipal a efetuar abertura de Cr\u00e9dito Adicional Especial, na forma que especifica."}, {"id": "5643", "ano": "2023", "numero": "2942", "tipo__sigla": "LEI", "tipo__descricao": "Lei Ordin\u00e1ria", "texto_integral": "http://sapl.sarandi.pr.leg.br/media/sapl/public/normajuridica/2023/5643/lei_no_2942-2023_para_o_site.pdf", "ementa": "Autoriza o Poder Executivo Municipal a efetuar abertura de Cr\u00e9dito Adicional Especial, na forma que especifica."}, {"id": "5642", "ano": "2023", "numero": "2941", "tipo__sigla": "LEI", "tipo__descricao": "Lei Ordin\u00e1ria", "texto_integral": "http://sapl.sarandi.pr.leg.br/media/sapl/public/normajuridica/2023/5642/lei_no_2941-2023_para_o_site.pdf", "ementa": "Autoriza o Poder Executivo Municipal a efetuar abertura de Cr\u00e9dito Adicional Especial, na forma que especifica."}, {"id": "5641", "ano": "2023", "numero": "2940", "tipo__sigla": "LEI", "tipo__descricao": "Lei Ordin\u00e1ria", "texto_integral": "http://sapl.sarandi.pr.leg.br/media/sapl/public/normajuridica/2023/5641/lei_no_2940-2023_para_o_site.pdf", "ementa": "Autoriza o Poder Executivo Municipal a efetuar abertura de Cr\u00e9dito Adicional Especial, na forma que especifica."}, {"id": "5640", "ano": "2023", "numero": "2939", "tipo__sigla": "LEI", "tipo__descricao": "Lei Ordin\u00e1ria", "texto_integral": "http://sapl.sarandi.pr.leg.br/media/sapl/public/normajuridica/2023/5640/lei_no_2939-2023_para_o_site.pdf", "ementa": "Autoriza o Poder Executivo Municipal a efetuar abertura de Cr\u00e9dito Adicional Especial, na forma que especifica."}, {"id": "5639", "ano": "2023", "numero": "2938", "tipo__sigla": "LEI", "tipo__descricao": "Lei Ordin\u00e1ria", "texto_integral": "http://sapl.sarandi.pr.leg.br/media/sapl/public/normajuridica/2023/5639/lei_no_2938-2023_para_o_site.pdf", "ementa": "Autoriza o Poder Executivo Municipal a efetuar abertura de Cr\u00e9dito Adicional Especial, na forma que especifica."}, {"id": "5638", "ano": "2023", "numero": "2937", "tipo__sigla": "LEI", "tipo__descricao": "Lei Ordin\u00e1ria", "texto_integral": "http://sapl.sarandi.pr.leg.br/media/sapl/public/normajuridica/2023/5638/lei_no_2937-2023_para_o_site.pdf", "ementa": "Autoriza o Poder Executivo Municipal a efetuar abertura de Cr\u00e9dito Adicional Especial, na forma que especifica."}, {"id": "5637", "ano": "2023", "numero": "445", "tipo__sigla": "LC", "tipo__descricao": "Lei Complementar", "texto_integral": "http://sapl.sarandi.pr.leg.br/media/sapl/public/normajuridica/2023/5637/lei_complementar_no_445-2023_para_o_site.pdf", "ementa": "Altera a Lei Complementar n\u00ba 397, de 12 de janeiro de 2022, na forma que especifica."}, {"id": "5634", "ano": "2023", "numero": "102", "tipo__sigla": "POR", "tipo__descricao": "Portaria", "texto_integral": "http://sapl.sarandi.pr.leg.br/media/sapl/public/normajuridica/2023/5634/portaria_no102-2023_para_site.pdf", "ementa": "Designa servidor Lucas Ataliba Rantin de Carvalho, para fiscaliza\u00e7\u00e3o de contrato, e d\u00e1 outras provid\u00eancias."}, {"id": "5632", "ano": "2023", "numero": "3", "tipo__sigla": "RES", "tipo__descricao": "Resolu\u00e7\u00e3o", "texto_integral": "http://sapl.sarandi.pr.leg.br/media/sapl/public/normajuridica/2023/5632/resolucao_no_003-2023_para_o_site.pdf", "ementa": "Regulamenta a Lei Federal n\u00ba 13.709, de 14 de agosto de 2018, Lei Geral de Prote\u00e7\u00e3o de Dados Pessoais - LGPD, na forma que especifica."}, {"id": "5631", "ano": "2023", "numero": "2", "tipo__sigla": "RES", "tipo__descricao": "Resolu\u00e7\u00e3o", "texto_integral": "http://sapl.sarandi.pr.leg.br/media/sapl/public/normajuridica/2023/5631/resolucao_no_002-2023_para_o_site.pdf", "ementa": "Regulamenta o acesso \u00e0 informa\u00e7\u00e3o p\u00fablica pelo cidad\u00e3o, Lei Federal n\u00ba 14.129, de 29 de mar\u00e7o de 2021, que Disp\u00f5e sobre princ\u00edpios, regras e instrumentos para o Governo Digital e para o aumento da efici\u00eancia p\u00fablica, e a Lei Federal n\u00ba 12.527, de 18 de novembro de 2011, que disp\u00f5e sobre a cria\u00e7\u00e3o do servi\u00e7o de informa\u00e7\u00e3o ao cidad\u00e3o - SIC, na forma que especifica."}, {"id": "5630", "ano": "2023", "numero": "1451", "tipo__sigla": "DE", "tipo__descricao": "Decreto Executivo", "texto_integral": "http://sapl.sarandi.pr.leg.br/media/sapl/public/normajuridica/2023/5630/decreto_executivo_no_1451-2023.pdf", "ementa": "DECLARA DE UTILIDADE P\u00daBLICA, A IMPLANTA\u00c7\u00c3O DE DOIS RETORNOS EM DESN\u00cdVEL ENTRE AS VIAS MARGINAIS DA BR-376, NO SEGMENTO DO KM 181,34 AO KM 182,10."}, {"id": "5636", "ano": "2023", "numero": "444", "tipo__sigla": "LC", "tipo__descricao": "Lei Complementar", "texto_integral": "http://sapl.sarandi.pr.leg.br/media/sapl/public/normajuridica/2023/5636/lei_complementar_no_444-2023_para_o_site.pdf", "ementa": "Disp\u00f5e sobre a cria\u00e7\u00e3o e organiza\u00e7\u00e3o do Sistema de Controle Interno da C\u00e2mara Municipal de Sarandi, conforme determina o Art. 31 da Constitui\u00e7\u00e3o Federal e d\u00e1 outras provid\u00eancias."}, {"id": "5629", "ano": "2023", "numero": "443", "tipo__sigla": "LC", "tipo__descricao": "Lei Complementar", "texto_integral": "http://sapl.sarandi.pr.leg.br/media/sapl/public/normajuridica/2023/5629/lei_complementar_no_443-2023_para_o_site.pdf", "ementa": "Disp\u00f5e sobre a altera\u00e7\u00e3o da Lei Complementar n\u00ba 364, de 17 de agosto de 2018, que disp\u00f5e sobre a cria\u00e7\u00e3o e regulamenta\u00e7\u00e3o do Organograma da Corregedoria e Ouvidoria da Guarda Municipal de Sarandi e d\u00e1 outras provid\u00eancias."}, {"id": "5635", "ano": "2023", "numero": "442", "tipo__sigla": "LC", "tipo__descricao": "Lei Complementar", "texto_integral": "http://sapl.sarandi.pr.leg.br/media/sapl/public/normajuridica/2023/5635/lei_complementar_no_442-2023_para_o_site.pdf", "ementa": "Disp\u00f5e sobre altera\u00e7\u00f5es na Estrutura Administrativa do Munic\u00edpio, criada atrav\u00e9s da Lei Complementar n\u00ba 115, de 27 de maio de 2005, na forma que especifica."}, {"id": "5633", "ano": "2023", "numero": "441", "tipo__sigla": "LC", "tipo__descricao": "Lei Complementar", "texto_integral": "http://sapl.sarandi.pr.leg.br/media/sapl/public/normajuridica/2023/5633/lei_complementar_no_441-2023_para_o_site.pdf", "ementa": "Disp\u00f5e sobre altera\u00e7\u00f5es na Estrutura Administrativa do Munic\u00edpio, criada atrav\u00e9s da Lei Complementar n\u00ba 115, de 27 de maio de 2005, na forma que especifica."}, {"id": "5628", "ano": "2023", "numero": "101", "tipo__sigla": "POR", "tipo__descricao": "Portaria", "texto_integral": "http://sapl.sarandi.pr.leg.br/media/sapl/public/normajuridica/2023/5628/portaria_no101-2023_para_site.pdf", "ementa": "Designa servidor Jo\u00e3o Roberto dos Santos Lopes, para fiscaliza\u00e7\u00e3o do contrato n\u00ba 6/2023-CMS, e d\u00e1 outras provid\u00eancias."}, {"id": "5627", "ano": "2023", "numero": "1440", "tipo__sigla": "DE", "tipo__descricao": "Decreto Executivo", "texto_integral": "http://sapl.sarandi.pr.leg.br/media/sapl/public/normajuridica/2023/5627/decreto_executivo_no_1440-2023.pdf", "ementa": "DISP\u00d5E SOBRE A RETEN\u00c7\u00c3O DE TRIBUTOS NO PAGAMENTO AOS FORNECEDORES POR \u00d3RG\u00c3OS E ENTIDADES DA ADMINISTRA\u00c7\u00c3O P\u00daBLICA MUNICIPAL DIRETA E INDIRETA E PELA C\u00c2MARA MUNICIPAL DE SARANDI."}, {"id": "5626", "ano": "2023", "numero": "2936", "tipo__sigla": "LEI", "tipo__descricao": "Lei Ordin\u00e1ria", "texto_integral": "http://sapl.sarandi.pr.leg.br/media/sapl/public/normajuridica/2023/5626/lei_no_2936-2023_para_o_site.pdf", "ementa": "D\u00e1 denomina\u00e7\u00e3o \u00e0 Rua 10.226, situada no Loteamento Ecovalley II, na forma que especifica."}, {"id": "5625", "ano": "2023", "numero": "2935", "tipo__sigla": "LEI", "tipo__descricao": "Lei Ordin\u00e1ria", "texto_integral": "http://sapl.sarandi.pr.leg.br/media/sapl/public/normajuridica/2023/5625/lei_no_2935-2023_para_o_site.pdf", "ementa": "D\u00e1 denomina\u00e7\u00e3o \u00e0 Rua 10.219, situada no Loteamento Ecovalley II, na forma que especifica."}, {"id": "5624", "ano": "2023", "numero": "2934", "tipo__sigla": "LEI", "tipo__descricao": "Lei Ordin\u00e1ria", "texto_integral": "http://sapl.sarandi.pr.leg.br/media/sapl/public/normajuridica/2023/5624/lei_no_2934-2023_para_o_site.pdf", "ementa": "D\u00e1 denomina\u00e7\u00e3o \u00e0 Rua 10.218, situada no Loteamento Ecovalley II, na forma que especifica."}, {"id": "5623", "ano": "2023", "numero": "2933", "tipo__sigla": "LEI", "tipo__descricao": "Lei Ordin\u00e1ria", "texto_integral": "http://sapl.sarandi.pr.leg.br/media/sapl/public/normajuridica/2023/5623/lei_no_2933-2023_para_o_site.pdf", "ementa": "D\u00e1 denomina\u00e7\u00e3o \u00e0 Rua 10.222, situada no Loteamento Ecovalley II, na forma que especifica."}, {"id": "5622", "ano": "2023", "numero": "2932", "tipo__sigla": "LEI", "tipo__descricao": "Lei Ordin\u00e1ria", "texto_integral": "http://sapl.sarandi.pr.leg.br/media/sapl/public/normajuridica/2023/5622/lei_no_2932-2023_para_o_site.pdf", "ementa": "D\u00e1 denomina\u00e7\u00e3o \u00e0 Rua 10.221, situada no Loteamento Ecovalley II, na forma que especifica."}, {"id": "5621", "ano": "2023", "numero": "2931", "tipo__sigla": "LEI", "tipo__descricao": "Lei Ordin\u00e1ria", "texto_integral": "http://sapl.sarandi.pr.leg.br/media/sapl/public/normajuridica/2023/5621/lei_no_2931-2023_para_o_site.pdf", "ementa": "D\u00e1 denomina\u00e7\u00e3o \u00e0 Rua 10.224, situada no Loteamento Ecovalley II, na forma que especifica."}, {"id": "5620", "ano": "2023", "numero": "2930", "tipo__sigla": "LEI", "tipo__descricao": "Lei Ordin\u00e1ria", "texto_integral": "http://sapl.sarandi.pr.leg.br/media/sapl/public/normajuridica/2023/5620/lei_no_2930-2023_para_o_site.pdf", "ementa": "D\u00e1 denomina\u00e7\u00e3o \u00e0 Rua 10.216, situada no Loteamento Ecovalley II, na forma que especifica."}, {"id": "5619", "ano": "2023", "numero": "2929", "tipo__sigla": "LEI", "tipo__descricao": "Lei Ordin\u00e1ria", "texto_integral": "http://sapl.sarandi.pr.leg.br/media/sapl/public/normajuridica/2023/5619/lei_no_2929-2023_para_o_site.pdf", "ementa": "D\u00e1 denomina\u00e7\u00e3o \u00e0 Avenida 10.201, situada no Loteamento Ecovalley II, na forma que especifica."}, {"id": "5618", "ano": "2023", "numero": "2928", "tipo__sigla": "LEI", "tipo__descricao": "Lei Ordin\u00e1ria", "texto_integral": "http://sapl.sarandi.pr.leg.br/media/sapl/public/normajuridica/2023/5618/lei_no_2928-2023_para_o_site.pdf", "ementa": "D\u00e1 denomina\u00e7\u00e3o \u00e0s Ruas 10.208 e 10.215, situadas no Loteamento Ecovalley II, na forma que especifica."}, {"id": "5617", "ano": "2023", "numero": "2927", "tipo__sigla": "LEI", "tipo__descricao": "Lei Ordin\u00e1ria", "texto_integral": "http://sapl.sarandi.pr.leg.br/media/sapl/public/normajuridica/2023/5617/lei_no_2927-2023_para_o_site.pdf", "ementa": "D\u00e1 denomina\u00e7\u00e3o \u00e0s Ruas 10.207 e 10.214, situadas no Loteamento Ecovalley II, na forma que especifica"}, {"id": "5616", "ano": "2023", "numero": "2926", "tipo__sigla": "LEI", "tipo__descricao": "Lei Ordin\u00e1ria", "texto_integral": "http://sapl.sarandi.pr.leg.br/media/sapl/public/normajuridica/2023/5616/lei_no_2926-2023_para_o_site.pdf", "ementa": "D\u00e1 denomina\u00e7\u00e3o \u00e0s Ruas 10.202 e 10.223, situadas no Loteamento Ecovalley II, na forma que especifica."}, {"id": "5615", "ano": "2023", "numero": "1436", "tipo__sigla": "DE", "tipo__descricao": "Decreto Executivo", "texto_integral": "http://sapl.sarandi.pr.leg.br/media/sapl/public/normajuridica/2023/5615/decreto_executivo_no_1436-2023.pdf", "ementa": "REGULAMENTA A COBRAN\u00c7A EXTRAJUDICIAL OU JUDICIAL DA D\u00cdVIDA ATIVA DA FAZENDA P\u00daBLICA MUNICIPAL."}, {"id": "5600", "ano": "2023", "numero": "1432", "tipo__sigla": "DE", "tipo__descricao": "Decreto Executivo", "texto_integral": "http://sapl.sarandi.pr.leg.br/media/sapl/public/normajuridica/2023/5600/decreto_executivo_no_1432-2023.pdf", "ementa": "ALTERA O VALOR DO APORTE DE CONTRIBUI\u00c7\u00c3O SUPLEMENTAR PARA O ANO DE 2023, CONFORME AVALIA\u00c7\u00c3O ATUARIAL."}, {"id": "5612", "ano": "2023", "numero": "1420", "tipo__sigla": "DE", "tipo__descricao": "Decreto Executivo", "texto_integral": "http://sapl.sarandi.pr.leg.br/media/sapl/public/normajuridica/2023/5612/decreto_executivo_no_1420-2023.pdf", "ementa": "DISP\u00d5E SOBRE A REGULAMENTA\u00c7\u00c3O DOS PROCEDIMENTOS ADOTADOS PELA CORREGEDORIA MUNICIPAL DE SARANDI."}, {"id": "5613", "ano": "2023", "numero": "2925", "tipo__sigla": "LEI", "tipo__descricao": "Lei Ordin\u00e1ria", "texto_integral": "http://sapl.sarandi.pr.leg.br/media/sapl/public/normajuridica/2023/5613/lei_no_2925-2023_para_o_site.pdf", "ementa": "Autoriza o Poder Executivo Municipal a efetuar abertura de Cr\u00e9dito Adicional Especial, especifica na forma que especifica."}, {"id": "5611", "ano": "2023", "numero": "2924", "tipo__sigla": "LEI", "tipo__descricao": "Lei Ordin\u00e1ria", "texto_integral": "http://sapl.sarandi.pr.leg.br/media/sapl/public/normajuridica/2023/5611/lei_no_2924-2023_para_o_site.pdf", "ementa": "D\u00e1 denomina\u00e7\u00e3o \u00e0 Rua 1002, situada no Jardim It\u00e1lia, na forma que especifica."}, {"id": "5610", "ano": "2023", "numero": "2923", "tipo__sigla": "LEI", "tipo__descricao": "Lei Ordin\u00e1ria", "texto_integral": "http://sapl.sarandi.pr.leg.br/media/sapl/public/normajuridica/2023/5610/lei_no_2923-2023_para_o_site.pdf", "ementa": "D\u00e1 denomina\u00e7\u00e3o \u00e0 Rua 1001, situada no Jardim It\u00e1lia, na forma que especifica."}, {"id": "5609", "ano": "2023", "numero": "2922", "tipo__sigla": "LEI", "tipo__descricao": "Lei Ordin\u00e1ria", "texto_integral": "http://sapl.sarandi.pr.leg.br/media/sapl/public/normajuridica/2023/5609/lei_no_2922-2023_para_o_site.pdf", "ementa": "D\u00e1 denomina\u00e7\u00e3o \u00e0 Rua 10.228, situada no Loteamento Ecovalley II, na forma que especifica."}, {"id": "5608", "ano": "2023", "numero": "2921", "tipo__sigla": "LEI", "tipo__descricao": "Lei Ordin\u00e1ria", "texto_integral": "http://sapl.sarandi.pr.leg.br/media/sapl/public/normajuridica/2023/5608/lei_no_2921-2023_para_o_site.pdf", "ementa": "D\u00e1 denomina\u00e7\u00e3o \u00e0 Rua 10.210, situada no Loteamento Ecovalley II, na forma que especifica."}, {"id": "5607", "ano": "2023", "numero": "2920", "tipo__sigla": "LEI", "tipo__descricao": "Lei Ordin\u00e1ria", "texto_integral": "http://sapl.sarandi.pr.leg.br/media/sapl/public/normajuridica/2023/5607/lei_no_2920-2023_para_o_site.pdf", "ementa": "D\u00e1 denomina\u00e7\u00e3o \u00e0 Rua 10.227, situada no Loteamento Ecovalley I I, na forma que especifica."}, {"id": "5606", "ano": "2023", "numero": "2919", "tipo__sigla": "LEI", "tipo__descricao": "Lei Ordin\u00e1ria", "texto_integral": "http://sapl.sarandi.pr.leg.br/media/sapl/public/normajuridica/2023/5606/lei_no_2919-2023_para_o_site.pdf", "ementa": "D\u00e1 denomina\u00e7\u00e3o \u00e0 Rua 10.203, situada no Loteamento Ecovalley II, na forma que especifica."}, {"id": "5605", "ano": "2023", "numero": "2918", "tipo__sigla": "LEI", "tipo__descricao": "Lei Ordin\u00e1ria", "texto_integral": "http://sapl.sarandi.pr.leg.br/media/sapl/public/normajuridica/2023/5605/lei_no_2918-2023_para_o_site.pdf", "ementa": "D\u00e1 denomina\u00e7\u00e3o \u00e0s Ruas 10.204, 10.205 e 10.212, situadas no Loteamento Ecovalley II, na forma que especifica."}, {"id": "5604", "ano": "2023", "numero": "2917", "tipo__sigla": "LEI", "tipo__descricao": "Lei Ordin\u00e1ria", "texto_integral": "http://sapl.sarandi.pr.leg.br/media/sapl/public/normajuridica/2023/5604/lei_no_2917-2023_para_o_site.pdf", "ementa": "D\u00e1 denomina\u00e7\u00e3o \u00e0 Rua 10.209, situada no Loteamento Ecovalley II, na forma que especifica."}, {"id": "5603", "ano": "2023", "numero": "2916", "tipo__sigla": "LEI", "tipo__descricao": "Lei Ordin\u00e1ria", "texto_integral": "http://sapl.sarandi.pr.leg.br/media/sapl/public/normajuridica/2023/5603/lei_no_2916-2023_para_o_site.pdf", "ementa": "D\u00e1 denomina\u00e7\u00e3o \u00e0 Rua 10.220, situada no Loteamento Ecovalley II, na forma que especifica."}, {"id": "5602", "ano": "2023", "numero": "2915", "tipo__sigla": "LEI", "tipo__descricao": "Lei Ordin\u00e1ria", "texto_integral": "http://sapl.sarandi.pr.leg.br/media/sapl/public/normajuridica/2023/5602/lei_no_2915-2023_para_o_site.pdf", "ementa": "D\u00e1 denomina\u00e7\u00e3o \u00e0 Rua 10.225, situada no Loteamento Ecovalley II, na forma que especifica."}, {"id": "5601", "ano": "2023", "numero": "2914", "tipo__sigla": "LEI", "tipo__descricao": "Lei Ordin\u00e1ria", "texto_integral": "http://sapl.sarandi.pr.leg.br/media/sapl/public/normajuridica/2023/5601/lei_no_2914-2023_para_o_site.pdf", "ementa": "D\u00e1 denomina\u00e7\u00e3o \u00e0s Ruas 10.206 e 10.213, situadas no Loteamento Ecovalley II, na forma que especifica."}, {"id": "5598", "ano": "2023", "numero": "100", "tipo__sigla": "POR", "tipo__descricao": "Portaria", "texto_integral": "http://sapl.sarandi.pr.leg.br/media/sapl/public/normajuridica/2023/5598/portaria_no100-2023_para_site.pdf", "ementa": "Concede licen\u00e7a especial a servidora Helonise Gabriella Gon\u00e7alves Passos e d\u00e1 outras provid\u00eancias."}, {"id": "5597", "ano": "2023", "numero": "99", "tipo__sigla": "POR", "tipo__descricao": "Portaria", "texto_integral": "http://sapl.sarandi.pr.leg.br/media/sapl/public/normajuridica/2023/5597/portaria_no099-2023_para_site.pdf", "ementa": "Designa servidor Lucas Ataliba Rantin de Carvalho, para fiscaliza\u00e7\u00e3o de contrato, e d\u00e1 outras provid\u00eancias."}, {"id": "5596", "ano": "2023", "numero": "98", "tipo__sigla": "POR", "tipo__descricao": "Portaria", "texto_integral": "http://sapl.sarandi.pr.leg.br/media/sapl/public/normajuridica/2023/5596/portaria_no098-2023_para_site.pdf", "ementa": "Designa servidor Lucas Ataliba Rantin de Carvalho, para fiscaliza\u00e7\u00e3o de atas de pre\u00e7os, e d\u00e1 outras provid\u00eancias."}, {"id": "5595", "ano": "2023", "numero": "97", "tipo__sigla": "POR", "tipo__descricao": "Portaria", "texto_integral": "http://sapl.sarandi.pr.leg.br/media/sapl/public/normajuridica/2023/5595/portaria_no097-2023_para_site.pdf", "ementa": "Concede progress\u00e3o funcional por capacita\u00e7\u00e3o ao servidor Lucas Ataliba Rantin de Carvalho e d\u00e1 outras provid\u00eancias."}, {"id": "5599", "ano": "2023", "numero": "1407", "tipo__sigla": "DE", "tipo__descricao": "Decreto Executivo", "texto_integral": "http://sapl.sarandi.pr.leg.br/media/sapl/public/normajuridica/2023/5599/decreto_executivo_no_1407-2023.pdf", "ementa": "REGULAMENTA A LEI COMPLEMENTAR MUNICIPAL 070/2001 E \"DEFINE OS MODELOS DE DOCUMENTOS FISCAIS ELETR\u00d4NICOS UTILIZADAS PELOS PRESTADORES DE SERVI\u00c7OS PESSOA F\u00cdSICA E JUR\u00cdDICA E PROFISSIONAL AUT\u00d4NOMO, DISCIPLINA A EMISS\u00c3O DOS MESMOS E D\u00c1 OUTRAS PROVID\u00caNCIAS\"."}, {"id": "5594", "ano": "2023", "numero": "440", "tipo__sigla": "LC", "tipo__descricao": "Lei Complementar", "texto_integral": "http://sapl.sarandi.pr.leg.br/media/sapl/public/normajuridica/2023/5594/lei_complementar_no_440-2023_para_o_site.pdf", "ementa": "Altera a Lei Complementar n\u00ba 419, de 29 de Agosto de 2022, na forma que especifica."}, {"id": "5588", "ano": "2023", "numero": "1414", "tipo__sigla": "DE", "tipo__descricao": "Decreto Executivo", "texto_integral": "http://sapl.sarandi.pr.leg.br/media/sapl/public/normajuridica/2023/5588/decreto_executivo_no_1414-2023.pdf", "ementa": "CONSTITUI O CONSELHO MUNICIPAL DE DESENVOLVIMENTO URBANO, NA FORMA QUE ESPECIFICA."}, {"id": "5799", "ano": "2023", "numero": "1413", "tipo__sigla": "DE", "tipo__descricao": "Decreto Executivo", "texto_integral": "http://sapl.sarandi.pr.leg.br/media/sapl/public/normajuridica/2023/5799/decreto_executivo_1413-2023.pdf", "ementa": "CONSTITUI A COMISS\u00c3O MUNICIPAL DE ENFRENTAMENTO \u00c0 VIOL\u00caNCIA CONTRA CRIAN\u00c7A E ADOLESCENTE DE SARANDI (CEVCA) E D\u00c1 OUTRAS PROVID\u00caNCIAS."}, {"id": "5589", "ano": "2023", "numero": "96", "tipo__sigla": "POR", "tipo__descricao": "Portaria", "texto_integral": "http://sapl.sarandi.pr.leg.br/media/sapl/public/normajuridica/2023/5589/portaria_no096-2023_para_site.pdf", "ementa": "Prorroga prazo de atividades da Comiss\u00e3o Especial de Transi\u00e7\u00e3o para a nova lei de licita\u00e7\u00f5es e d\u00e1 outras provid\u00eancias."}, {"id": "5587", "ano": "2023", "numero": "95", "tipo__sigla": "POR", "tipo__descricao": "Portaria", "texto_integral": "http://sapl.sarandi.pr.leg.br/media/sapl/public/normajuridica/2023/5587/portaria_no095-2023_para_site.pdf", "ementa": "Nomeia Suzane Ribeiro Azevedo para ocupar temporariamente a fun\u00e7\u00e3o gratificada como gestor de contratos e d\u00e1 outras provid\u00eancias."}, {"id": "5586", "ano": "2023", "numero": "94", "tipo__sigla": "POR", "tipo__descricao": "Portaria", "texto_integral": "http://sapl.sarandi.pr.leg.br/media/sapl/public/normajuridica/2023/5586/portaria_no094-2023_para_site.pdf", "ementa": "Designa servidor Dhymison da Silva Ramos, para fiscaliza\u00e7\u00e3o do contrato n\u00ba 2/2023-CMS, e d\u00e1 outras provid\u00eancias."}, {"id": "5580", "ano": "2023", "numero": "1405", "tipo__sigla": "DE", "tipo__descricao": "Decreto Executivo", "texto_integral": "http://sapl.sarandi.pr.leg.br/media/sapl/public/normajuridica/2023/5580/decreto_executivo_no_1405-2023.pdf", "ementa": "Regulamenta os locais e os hor\u00e1rios para realiza\u00e7\u00e3o das feiras livres, a forma que especifica."}, {"id": "5585", "ano": "2023", "numero": "93", "tipo__sigla": "POR", "tipo__descricao": "Portaria", "texto_integral": "http://sapl.sarandi.pr.leg.br/media/sapl/public/normajuridica/2023/5585/portaria_no093-2023_para_site.pdf", "ementa": "Nomeia Rayssa Natalia dos Santos Felix para o cargo de assessor legislativo e d\u00e1 outras provid\u00eancias."}, {"id": "5584", "ano": "2023", "numero": "92", "tipo__sigla": "POR", "tipo__descricao": "Portaria", "texto_integral": "http://sapl.sarandi.pr.leg.br/media/sapl/public/normajuridica/2023/5584/portaria_no092-2023_para_site.pdf", "ementa": "Exonera o servidor Michael Willian Manini e d\u00e1 outras provid\u00eancias."}, {"id": "5577", "ano": "2023", "numero": "2913", "tipo__sigla": "LEI", "tipo__descricao": "Lei Ordin\u00e1ria", "texto_integral": "http://sapl.sarandi.pr.leg.br/media/sapl/public/normajuridica/2023/5577/lei_no_2913-2023_para_o_site.pdf", "ementa": "Disp\u00f5e sobre concess\u00e3o de subs\u00eddio financeiro para o servi\u00e7o p\u00fablico de transporte coletivo urbano passageiros e d\u00e1 outras provid\u00eancias."}, {"id": "5578", "ano": "2023", "numero": "1381", "tipo__sigla": "DE", "tipo__descricao": "Decreto Executivo", "texto_integral": "http://sapl.sarandi.pr.leg.br/media/sapl/public/normajuridica/2023/5578/decreto_executivo_no_1381-2023.pdf", "ementa": "REGULAMENTA A DATA PARA RECEBIMENTO DE TRIBUTO, CONFORME PREVISTO NO PAR\u00c1GRAFO 5\u00ba DO ARTIGO 116 DA LEI COMPLEMENTAR N\u00ba 70/2001, PARA O EXERC\u00cdCIO DE 2023, E D\u00c1 OUTRAS PROVID\u00caNCIAS."}, {"id": "5576", "ano": "2023", "numero": "2912", "tipo__sigla": "LEI", "tipo__descricao": "Lei Ordin\u00e1ria", "texto_integral": "http://sapl.sarandi.pr.leg.br/media/sapl/public/normajuridica/2023/5576/lei_no_2912-2023_para_o_site.pdf", "ementa": "Disp\u00f5e sobre a cria\u00e7\u00e3o do Programa de Banco de Ra\u00e7\u00e3o do Munic\u00edpio de Sarandi e d\u00e1 outras provid\u00eancias."}, {"id": "5575", "ano": "2023", "numero": "91", "tipo__sigla": "POR", "tipo__descricao": "Portaria", "texto_integral": "http://sapl.sarandi.pr.leg.br/media/sapl/public/normajuridica/2023/5575/portaria_no091-2023_para_site.pdf", "ementa": "Concede progress\u00e3o funcional por capacita\u00e7\u00e3o ao servidor Vagner Rafael Vaz e d\u00e1 outras provid\u00eancias."}, {"id": "5574", "ano": "2023", "numero": "90", "tipo__sigla": "POR", "tipo__descricao": "Portaria", "texto_integral": "http://sapl.sarandi.pr.leg.br/media/sapl/public/normajuridica/2023/5574/portaria_no090-2023_para_site.pdf", "ementa": "Concede progress\u00e3o funcional por capacita\u00e7\u00e3o ao servidor Vagner Rafael Vaz e d\u00e1 outras provid\u00eancias."}, {"id": "5569", "ano": "2023", "numero": "1374", "tipo__sigla": "DE", "tipo__descricao": "Decreto Executivo", "texto_integral": "http://sapl.sarandi.pr.leg.br/media/sapl/public/normajuridica/2023/5569/decreto_executivo_no_1374-2023.pdf", "ementa": "INSTITUI O PLANO DE A\u00c7\u00c3O E INVESTIMENTOS (PAI) DO MUNIC\u00cdPIO DE SARANDI-PR E D\u00c1 OUTRAS PROVID\u00caNCIAS."}, {"id": "5570", "ano": "2023", "numero": "439", "tipo__sigla": "LC", "tipo__descricao": "Lei Complementar", "texto_integral": "http://sapl.sarandi.pr.leg.br/media/sapl/public/normajuridica/2023/5570/lei_complementar_no_439-2023_para_o_site.pdf", "ementa": "Disp\u00f5e sobre a altera\u00e7\u00e3o da Lei Complementar n\u00ba 229, de 29 de outubro de 2009, que cria o Quadro de Pessoal da Caixa de Aposentadoria e Pens\u00e3o dos Servidores Municipais de Sarandi - PRESERV e d\u00e1 outras provid\u00eancias."}, {"id": "5573", "ano": "2023", "numero": "2911", "tipo__sigla": "LEI", "tipo__descricao": "Lei Ordin\u00e1ria", "texto_integral": "http://sapl.sarandi.pr.leg.br/media/sapl/public/normajuridica/2023/5573/lei_no_2911-2023_para_o_site.pdf", "ementa": "Concede T\u00edtulo de Utilidade P\u00fablica ao Instituto Vida Renovada e d\u00e1 outras provid\u00eancias."}, {"id": "5572", "ano": "2023", "numero": "2910", "tipo__sigla": "LEI", "tipo__descricao": "Lei Ordin\u00e1ria", "texto_integral": "http://sapl.sarandi.pr.leg.br/media/sapl/public/normajuridica/2023/5572/lei_no_2910-2023_para_o_site.pdf", "ementa": "Autoriza o Poder Executivo Municipal a efetuar a cobran\u00e7a de contribui\u00e7\u00e3o de melhoria em decorr\u00eancia de execu\u00e7\u00e3o de pavimenta\u00e7\u00e3o asf\u00e1ltica no Conjunto Residencial Tri\u00e2ngulo, Jardim Monte Rey e Conjunto Habitacional Moradias Acalanto I - Sarandi - Estado do Paran\u00e1."}, {"id": "5571", "ano": "2023", "numero": "2909", "tipo__sigla": "LEI", "tipo__descricao": "Lei Ordin\u00e1ria", "texto_integral": "http://sapl.sarandi.pr.leg.br/media/sapl/public/normajuridica/2023/5571/lei_no_2909-2023_para_o_site.pdf", "ementa": "Autoriza o Chefe do Poder Executivo Municipal a fixar piso m\u00ednimo de vencimentos dos Municipais de Servidores Sarandi e d\u00e1 outras provid\u00eancias."}, {"id": "5568", "ano": "2023", "numero": "89", "tipo__sigla": "POR", "tipo__descricao": "Portaria", "texto_integral": "http://sapl.sarandi.pr.leg.br/media/sapl/public/normajuridica/2023/5568/portaria_no089-2023_para_site.pdf", "ementa": "Concede progress\u00e3o funcional por capacita\u00e7\u00e3o ao servidor Dhymison da Silva Ramos e d\u00e1 outras provid\u00eancias."}, {"id": "5567", "ano": "2023", "numero": "88", "tipo__sigla": "POR", "tipo__descricao": "Portaria", "texto_integral": "http://sapl.sarandi.pr.leg.br/media/sapl/public/normajuridica/2023/5567/portaria_no088-2023_para_site.pdf", "ementa": "Disp\u00f5e sobre a lota\u00e7\u00e3o dos servidores na Divis\u00e3o de Compras e Licita\u00e7\u00f5es - DCL e d\u00e1 outras provid\u00eancias."}, {"id": "5566", "ano": "2023", "numero": "2908", "tipo__sigla": "LEI", "tipo__descricao": "Lei Ordin\u00e1ria", "texto_integral": "http://sapl.sarandi.pr.leg.br/media/sapl/public/normajuridica/2023/5566/lei_no_2908-2023_para_o_site.pdf", "ementa": "Disp\u00f5e sobre a Pol\u00edtica P\u00fablica de Assist\u00eancia Social do Munic\u00edpio de Sarandi e d\u00e1 outras provid\u00eancias."}, {"id": "5565", "ano": "2023", "numero": "2907", "tipo__sigla": "LEI", "tipo__descricao": "Lei Ordin\u00e1ria", "texto_integral": "http://sapl.sarandi.pr.leg.br/media/sapl/public/normajuridica/2023/5565/lei_no_2907-2023_para_o_site.pdf", "ementa": "D\u00e1 denomina\u00e7\u00e3o ao Centro de Refer\u00eancia de Atendimento \u00e0 Mulher \u2014 CRAM, situado na Rua Castro Alves, n\u00b0 2688, Jardim Ouro Verde, na forma que especifica."}, {"id": "5564", "ano": "2023", "numero": "2906", "tipo__sigla": "LEI", "tipo__descricao": "Lei Ordin\u00e1ria", "texto_integral": "http://sapl.sarandi.pr.leg.br/media/sapl/public/normajuridica/2023/5564/lei_no_2906-2023_para_o_site.pdf", "ementa": "D\u00e1 denomina\u00e7\u00e3o ao Centro de Aten\u00e7\u00e3o Psicossocial \u2014 CAPS, situado na Rua Ponta Por\u00e3, n\u00b0 1370, Jardim Esperan\u00e7a, na forma que especifica."}, {"id": "5563", "ano": "2023", "numero": "438", "tipo__sigla": "LC", "tipo__descricao": "Lei Complementar", "texto_integral": "http://sapl.sarandi.pr.leg.br/media/sapl/public/normajuridica/2023/5563/lei_complementar_no_438-2023_para_o_site.pdf", "ementa": "Disp\u00f5e sobre a altera\u00e7\u00e3o da Lei Complementar n\u00ba 385, de 26 de abril de 2021, que disp\u00f5e sobre a contrata\u00e7\u00e3o por tempo determinado para atender a necessidade tempor\u00e1ria de excepcional interesse p\u00fablico, nos termos do inciso IX do Artigo 37 da Constitui\u00e7\u00e3o Federal."}, {"id": "5562", "ano": "2023", "numero": "437", "tipo__sigla": "LC", "tipo__descricao": "Lei Complementar", "texto_integral": "http://sapl.sarandi.pr.leg.br/media/sapl/public/normajuridica/2023/5562/lei_complementar_no_437-2023_para_o_site.pdf", "ementa": "Disp\u00f5e sobre a altera\u00e7\u00e3o da Lei Complementar n\u00ba 159, de 24 de novembro de 2007, que disp\u00f5e sobre o Plano de Cargos, Carreira e Vencimento dos servidores do Poder Executivo Municipal e d\u00e1 outras provid\u00eancias."}, {"id": "5561", "ano": "2023", "numero": "436", "tipo__sigla": "LC", "tipo__descricao": "Lei Complementar", "texto_integral": "http://sapl.sarandi.pr.leg.br/media/sapl/public/normajuridica/2023/5561/lei_complementar_no_436-2023_para_o_site.pdf", "ementa": "Altera a Lei Complementar n\u00ba 373, de 11 de dezembro de 2019, que institui o tratamento diferenciado e favorecido a ser dispensado \u00e0s microempresas e as empresas e as empresas de pequeno porte no \u00e2mbito do munic\u00edpio, na conformidade das normas gerais previstas no Estatuto Nacional da Microempresa e da Empresa de Pequeno Porte institu\u00eddo pela Lei Complementar n\u00ba 123, de 14 de dezembro de 2006 e suas altera\u00e7\u00f5es."}, {"id": "5560", "ano": "2023", "numero": "1", "tipo__sigla": "EDA", "tipo__descricao": "Edital - Audi\u00eancia", "texto_integral": "http://sapl.sarandi.pr.leg.br/media/sapl/public/normajuridica/2023/5560/edital_de_convocacao_no_001-2023_sapl.pdf", "ementa": "AUDI\u00caNCIA P\u00daBLICA PARA DISCUSS\u00c3O DE ALTERA\u00c7\u00c3O DOS ANEXOS DO PPA - PLANO PLURIANUAL DO QUADRI\u00caNIO 2022 A 2025 E DA LDO - LEI DE DIRETRIZES OR\u00c7AMENT\u00c1RIAS PARA O EXERC\u00cdCIO DE 2024."}, {"id": "5559", "ano": "2023", "numero": "1363", "tipo__sigla": "DE", "tipo__descricao": "Decreto Executivo", "texto_integral": "http://sapl.sarandi.pr.leg.br/media/sapl/public/normajuridica/2023/5559/decreto_executivo_no_1363-2023.pdf", "ementa": "DISP\u00d5E SOBRE A REGULAMENTA\u00c7\u00c3O DA LEI N\u00ba 1.353, DE 27 DE DEZEMBRO DE 2006, QUE AUTORIZA A CRIA\u00c7\u00c3O DA SE\u00c7\u00c3O DE INSPE\u00c7\u00c3O E PRODUTOS DE ORIGEM ANIMAL, NO DEPARTAMENTO DE VIGIL\u00c2NCIA SANIT\u00c1RIA, LIGADA A SECRETARIA MUNICIPAL DE SA\u00daDE."}, {"id": "5558", "ano": "2023", "numero": "87", "tipo__sigla": "POR", "tipo__descricao": "Portaria", "texto_integral": "http://sapl.sarandi.pr.leg.br/media/sapl/public/normajuridica/2023/5558/portaria_no087-2023_para_site.pdf", "ementa": "Concede licen\u00e7a especial a servidora Luzia Azevedo Dias e d\u00e1 outras provid\u00eancias."}, {"id": "5557", "ano": "2023", "numero": "86", "tipo__sigla": "POR", "tipo__descricao": "Portaria", "texto_integral": "http://sapl.sarandi.pr.leg.br/media/sapl/public/normajuridica/2023/5557/portaria_no086-2023_para_site.pdf", "ementa": "Concede licen\u00e7a especial ao servidor Lucas Ataliba Rantin de Carvalho e d\u00e1 outras provid\u00eancias."}, {"id": "5556", "ano": "2023", "numero": "85", "tipo__sigla": "POR", "tipo__descricao": "Portaria", "texto_integral": "http://sapl.sarandi.pr.leg.br/media/sapl/public/normajuridica/2023/5556/portaria_no085-2023_para_site.pdf", "ementa": "Concede licen\u00e7a especial ao servidor Rovilson Jos\u00e9 Arantes e d\u00e1 outras provid\u00eancias."}, {"id": "5555", "ano": "2023", "numero": "84", "tipo__sigla": "POR", "tipo__descricao": "Portaria", "texto_integral": "http://sapl.sarandi.pr.leg.br/media/sapl/public/normajuridica/2023/5555/portaria_no084-2023_para_site.pdf", "ementa": "Concede licen\u00e7a especial a servidora Camila de Souza Bueno dos Santos e d\u00e1 outras provid\u00eancias."}, {"id": "5554", "ano": "2023", "numero": "83", "tipo__sigla": "POR", "tipo__descricao": "Portaria", "texto_integral": "http://sapl.sarandi.pr.leg.br/media/sapl/public/normajuridica/2023/5554/portaria_no083-2023_para_site.pdf", "ementa": "Concede licen\u00e7a especial ao servidor Jo\u00e3o Roberto dos Santos Lopes e d\u00e1 outras provid\u00eancias."}, {"id": "5553", "ano": "2023", "numero": "82", "tipo__sigla": "POR", "tipo__descricao": "Portaria", "texto_integral": "http://sapl.sarandi.pr.leg.br/media/sapl/public/normajuridica/2023/5553/portaria_no082-2023_para_site.pdf", "ementa": "Concede licen\u00e7a especial ao servidor Dalvecir Aparecido Bonora e d\u00e1 outras provid\u00eancias."}, {"id": "5552", "ano": "2023", "numero": "81", "tipo__sigla": "POR", "tipo__descricao": "Portaria", "texto_integral": "http://sapl.sarandi.pr.leg.br/media/sapl/public/normajuridica/2023/5552/portaria_no081-2023_para_site.pdf", "ementa": "Concede licen\u00e7a especial a servidora Angela Alves de Almeida e d\u00e1 outras provid\u00eancias."}, {"id": "5551", "ano": "2023", "numero": "80", "tipo__sigla": "POR", "tipo__descricao": "Portaria", "texto_integral": "http://sapl.sarandi.pr.leg.br/media/sapl/public/normajuridica/2023/5551/portaria_no080-2023_para_site.pdf", "ementa": "Concede licen\u00e7a especial a servidora Sandra da Mata Clemente Duarte e d\u00e1 outras provid\u00eancias."}, {"id": "5550", "ano": "2023", "numero": "79", "tipo__sigla": "POR", "tipo__descricao": "Portaria", "texto_integral": "http://sapl.sarandi.pr.leg.br/media/sapl/public/normajuridica/2023/5550/portaria_no079-2023_para_site.pdf", "ementa": "Concede licen\u00e7a especial ao servidor Daniel Chiaramonte Ferreira e d\u00e1 outras provid\u00eancias."}, {"id": "5549", "ano": "2023", "numero": "78", "tipo__sigla": "POR", "tipo__descricao": "Portaria", "texto_integral": "http://sapl.sarandi.pr.leg.br/media/sapl/public/normajuridica/2023/5549/portaria_no078-2023_para_site.pdf", "ementa": "Concede licen\u00e7a especial ao servidor Renan Augusto dos Santos Volpatto e d\u00e1 outras provid\u00eancias"}, {"id": "5548", "ano": "2023", "numero": "77", "tipo__sigla": "POR", "tipo__descricao": "Portaria", "texto_integral": "http://sapl.sarandi.pr.leg.br/media/sapl/public/normajuridica/2023/5548/portaria_no077-2023_para_site.pdf", "ementa": "Concede licen\u00e7a especial a servidora D\u00e9bora Aparecida de Souza e d\u00e1 outras provid\u00eancias."}, {"id": "5546", "ano": "2023", "numero": "76", "tipo__sigla": "POR", "tipo__descricao": "Portaria", "texto_integral": "http://sapl.sarandi.pr.leg.br/media/sapl/public/normajuridica/2023/5546/portaria_no076-2023_para_site.pdf", "ementa": "Designa servidora Luzia Azevedo Dias, para fiscaliza\u00e7\u00e3o de contrato, e d\u00e1 outras provid\u00eancias."}, {"id": "5547", "ano": "2023", "numero": "1", "tipo__sigla": "RES", "tipo__descricao": "Resolu\u00e7\u00e3o", "texto_integral": "http://sapl.sarandi.pr.leg.br/media/sapl/public/normajuridica/2023/5547/resolucao_no_001-2023_para_o_site.pdf", "ementa": "Institui a Tabela de Temporalidade Documental do Poder Legislativo de Sarandi, e d\u00e1 outras provid\u00eancias."}, {"id": "5545", "ano": "2023", "numero": "75", "tipo__sigla": "POR", "tipo__descricao": "Portaria", "texto_integral": "http://sapl.sarandi.pr.leg.br/media/sapl/public/normajuridica/2023/5545/portaria_no075-2023_para_site.pdf", "ementa": "Designa servidor Dhymison da Silva Ramos, para fiscaliza\u00e7\u00e3o de atas de pre\u00e7os, e d\u00e1 outras provid\u00eancias."}, {"id": "5544", "ano": "2023", "numero": "74", "tipo__sigla": "POR", "tipo__descricao": "Portaria", "texto_integral": "http://sapl.sarandi.pr.leg.br/media/sapl/public/normajuridica/2023/5544/portaria_no074-2023_para_site.pdf", "ementa": "Concede progress\u00e3o funcional por titula\u00e7\u00e3o a servidora Marcela Fritz de Lima Muratori e d\u00e1 outras provid\u00eancias."}, {"id": "5543", "ano": "2023", "numero": "73", "tipo__sigla": "POR", "tipo__descricao": "Portaria", "texto_integral": "http://sapl.sarandi.pr.leg.br/media/sapl/public/normajuridica/2023/5543/portaria_no073-2023_para_site.pdf", "ementa": "Concede progress\u00e3o funcional por capacita\u00e7\u00e3o ao servidor Jo\u00e3o Roberto dos Santos Lopes e d\u00e1 outras provid\u00eancias."}, {"id": "5542", "ano": "2023", "numero": "6", "tipo__sigla": "DL", "tipo__descricao": "Decreto Legislativo", "texto_integral": "http://sapl.sarandi.pr.leg.br/media/sapl/public/normajuridica/2023/5542/decreto_legislativo_no_006-2023_para_o_site.pdf", "ementa": "Aprova as Contas do Munic\u00edpio de Sarandi, relativas ao Exerc\u00edcio Financeiro de 2020."}, {"id": "6007", "ano": "2023", "numero": "25", "tipo__sigla": "ELO", "tipo__descricao": "Emenda \u00e0 Lei Org\u00e2nica", "texto_integral": "http://sapl.sarandi.pr.leg.br/media/sapl/public/normajuridica/2023/6007/emenda_a_lei_organica_no_025-2023_para_site.pdf", "ementa": "Altera a Lei Org\u00e2nica do Munic\u00edpio de Sarandi."}, {"id": "5540", "ano": "2023", "numero": "72", "tipo__sigla": "POR", "tipo__descricao": "Portaria", "texto_integral": "http://sapl.sarandi.pr.leg.br/media/sapl/public/normajuridica/2023/5540/portaria_no072-2023_para_site.pdf", "ementa": "Concede licen\u00e7a especial a servidora Edite Nunes da Silva e d\u00e1 outras provid\u00eancias."}, {"id": "5539", "ano": "2023", "numero": "1", "tipo__sigla": "IN", "tipo__descricao": "Instru\u00e7\u00e3o Normativa", "texto_integral": "http://sapl.sarandi.pr.leg.br/media/sapl/public/normajuridica/2023/5539/in_01-2023.pdf", "ementa": "REGULAMENTA O PROCEDIMENTO ADMINISTRATIVO DE CONVERS\u00c3O DE LICEN\u00c7A ESPECIAL EM PEC\u00daNIA."}, {"id": "5538", "ano": "2023", "numero": "71", "tipo__sigla": "POR", "tipo__descricao": "Portaria", "texto_integral": "http://sapl.sarandi.pr.leg.br/media/sapl/public/normajuridica/2023/5538/portaria_no071-2023_para_site.pdf", "ementa": "Concede progress\u00e3o funcional por capacita\u00e7\u00e3o ao servidor Renan Augusto dos Santos Volpatto e d\u00e1 outras provid\u00eancias."}, {"id": "5537", "ano": "2023", "numero": "2905", "tipo__sigla": "LEI", "tipo__descricao": "Lei Ordin\u00e1ria", "texto_integral": "http://sapl.sarandi.pr.leg.br/media/sapl/public/normajuridica/2023/5537/lei_no_2905-2023_para_o_site.pdf", "ementa": "Disp\u00f5e sobre a utiliza\u00e7\u00e3o de sinais sonoros adequados para alunos com Transtorno do Espectro Autista TEA nos estabelecimentos de ensino pertencentes \u00e0s redes p\u00fablica e privada do Munic\u00edpio de Sarandi, na forma que especifica."}, {"id": "5536", "ano": "2023", "numero": "70", "tipo__sigla": "POR", "tipo__descricao": "Portaria", "texto_integral": "http://sapl.sarandi.pr.leg.br/media/sapl/public/normajuridica/2023/5536/portaria_no070-2023_para_site.pdf", "ementa": "Altera o Art. 2\u00ba da Portaria n\u00ba 1, de 4 de janeiro de 2023, que homologa o resultado das elei\u00e7\u00f5es das Comiss\u00f5es Permanentes e d\u00e1 outras provid\u00eancias."}, {"id": "5535", "ano": "2023", "numero": "69", "tipo__sigla": "POR", "tipo__descricao": "Portaria", "texto_integral": "http://sapl.sarandi.pr.leg.br/media/sapl/public/normajuridica/2023/5535/portaria_no069-2023_para_site.pdf", "ementa": "Nomeia Thais Sabino Janunzzi para ocupar a fun\u00e7\u00e3o gratificada como tesoureiro e d\u00e1 outras provid\u00eancias."}, {"id": "5534", "ano": "2023", "numero": "2904", "tipo__sigla": "LEI", "tipo__descricao": "Lei Ordin\u00e1ria", "texto_integral": "http://sapl.sarandi.pr.leg.br/media/sapl/public/normajuridica/2023/5534/lei_no_2904-2023_para_o_site.pdf", "ementa": "Autoriza o Poder Executivo Municipal a efetuar abertura de Cr\u00e9dito Adicional Especial, na forma que especifica."}, {"id": "5533", "ano": "2023", "numero": "2903", "tipo__sigla": "LEI", "tipo__descricao": "Lei Ordin\u00e1ria", "texto_integral": "http://sapl.sarandi.pr.leg.br/media/sapl/public/normajuridica/2023/5533/lei_no_2903-2023_para_o_site.pdf", "ementa": "Autoriza o Poder Executivo Municipal a efetuar abertura de Cr\u00e9dito Adicional Especial, na forma que especifica."}, {"id": "5532", "ano": "2023", "numero": "2902", "tipo__sigla": "LEI", "tipo__descricao": "Lei Ordin\u00e1ria", "texto_integral": "http://sapl.sarandi.pr.leg.br/media/sapl/public/normajuridica/2023/5532/lei_no_2902-2023_para_o_site.pdf", "ementa": "Institui a Semana de Conscientiza\u00e7\u00e3o do Espectro Autista no Munic\u00edpio e d\u00e1 outras provid\u00eancias."}, {"id": "5531", "ano": "2023", "numero": "2901", "tipo__sigla": "LEI", "tipo__descricao": "Lei Ordin\u00e1ria", "texto_integral": "http://sapl.sarandi.pr.leg.br/media/sapl/public/normajuridica/2023/5531/lei_no_2901-2023_para_o_site.pdf", "ementa": "Autoriza a doa\u00e7\u00e3o de bens inserv\u00edveis de propriedade da Prefeitura do Munic\u00edpio de Sarandi, Estado do Paran\u00e1, para associa\u00e7\u00f5es e cooperativas voltadas \u00e0 reciclagem, na forma que especifica."}, {"id": "5530", "ano": "2023", "numero": "1325", "tipo__sigla": "DE", "tipo__descricao": "Decreto Executivo", "texto_integral": "http://sapl.sarandi.pr.leg.br/media/sapl/public/normajuridica/2023/5530/decreto_executivo_no_1325-2023.pdf", "ementa": "DISP\u00d5E SOBRE MEDIDAS ADOTADAS PARA FINS DE AUTORIZAR O USO DE MESAS E CADEIRAS NO FUNCIONAMENTO DAS FEIRAS LIVRES E PRODUTOR DO MUNIC\u00cdPIO DE SARANDI-PR."}, {"id": "5529", "ano": "2023", "numero": "68", "tipo__sigla": "POR", "tipo__descricao": "Portaria", "texto_integral": "http://sapl.sarandi.pr.leg.br/media/sapl/public/normajuridica/2023/5529/portaria_no068-2023_para_site.pdf", "ementa": "Nomeia pregoeiro e membros da 3\u00aa equipe de apoio no \u00e2mbito da C\u00e2mara Municipal de Sarandi."}, {"id": "5528", "ano": "2023", "numero": "67", "tipo__sigla": "POR", "tipo__descricao": "Portaria", "texto_integral": "http://sapl.sarandi.pr.leg.br/media/sapl/public/normajuridica/2023/5528/portaria_no067-2023_para_site.pdf", "ementa": "Nomeia pregoeiro e membros da 2\u00aa equipe de apoio no \u00e2mbito da C\u00e2mara Municipal de Sarandi."}, {"id": "5527", "ano": "2023", "numero": "66", "tipo__sigla": "POR", "tipo__descricao": "Portaria", "texto_integral": "http://sapl.sarandi.pr.leg.br/media/sapl/public/normajuridica/2023/5527/portaria_no066-2023_para_site.pdf", "ementa": "Nomeia pregoeiro e membros da 1\u00aa equipe de apoio no \u00e2mbito da C\u00e2mara Municipal de Sarandi."}, {"id": "5526", "ano": "2023", "numero": "2900", "tipo__sigla": "LEI", "tipo__descricao": "Lei Ordin\u00e1ria", "texto_integral": "http://sapl.sarandi.pr.leg.br/media/sapl/public/normajuridica/2023/5526/lei_no_2900-2023_para_o_site.pdf", "ementa": "Regulamenta a pr\u00e1tica da doa\u00e7\u00e3o de alimentos por bares, restaurantes e afins, visando o combate ao desperd\u00edcio de alimentos."}, {"id": "5525", "ano": "2023", "numero": "65", "tipo__sigla": "POR", "tipo__descricao": "Portaria", "texto_integral": "http://sapl.sarandi.pr.leg.br/media/sapl/public/normajuridica/2023/5525/portaria_no065-2023_para_site.pdf", "ementa": "Nomeia Comiss\u00e3o Permanente de Licita\u00e7\u00f5es e d\u00e1 outras provid\u00eancias."}, {"id": "5524", "ano": "2023", "numero": "64", "tipo__sigla": "POR", "tipo__descricao": "Portaria", "texto_integral": "http://sapl.sarandi.pr.leg.br/media/sapl/public/normajuridica/2023/5524/portaria_no064-2023_para_site.pdf", "ementa": "Nomeia Comiss\u00e3o Permanente de Recebimento e d\u00e1 outras provid\u00eancias."}, {"id": "5523", "ano": "2023", "numero": "63", "tipo__sigla": "POR", "tipo__descricao": "Portaria", "texto_integral": "http://sapl.sarandi.pr.leg.br/media/sapl/public/normajuridica/2023/5523/portaria_no063-2023_para_site.pdf", "ementa": "Nomeia Suzane Ribeiro Azevedo para o cargo de auxiliar legislativo e d\u00e1 outras provid\u00eancias."}, {"id": "5522", "ano": "2023", "numero": "435", "tipo__sigla": "LC", "tipo__descricao": "Lei Complementar", "texto_integral": "http://sapl.sarandi.pr.leg.br/media/sapl/public/normajuridica/2023/5522/lei_complementar_no_435-2023_para_o_site.pdf", "ementa": "Disp\u00f5e sobre a altera\u00e7\u00e3o da Lei Complementar n\u00ba 159, de 24 de novembro de 2007, que disp\u00f5e sobre o Plano de Cargos, Carreira e Vencimento dos Servidores do Poder Executivo Municipal e d\u00e1 outras provid\u00eancias."}, {"id": "5518", "ano": "2023", "numero": "62", "tipo__sigla": "POR", "tipo__descricao": "Portaria", "texto_integral": "http://sapl.sarandi.pr.leg.br/media/sapl/public/normajuridica/2023/5518/portaria_no062-2023_para_site.pdf", "ementa": "Concede progress\u00e3o funcional por titula\u00e7\u00e3o a servidora D\u00e9bora Aparecida de Souza e d\u00e1 outras provid\u00eancias."}, {"id": "5517", "ano": "2023", "numero": "61", "tipo__sigla": "POR", "tipo__descricao": "Portaria", "texto_integral": "http://sapl.sarandi.pr.leg.br/media/sapl/public/normajuridica/2023/5517/portaria_no061-2023_para_site.pdf", "ementa": "Concede progress\u00e3o funcional por merecimento ao servidor Daniel Chiaramonte Ferreira e d\u00e1 outras provid\u00eancias."}, {"id": "5516", "ano": "2023", "numero": "60", "tipo__sigla": "POR", "tipo__descricao": "Portaria", "texto_integral": "http://sapl.sarandi.pr.leg.br/media/sapl/public/normajuridica/2023/5516/portaria_no060-2023_para_site.pdf", "ementa": "Concede progress\u00e3o funcional por merecimento a servidora Helonise Gabriella Gon\u00e7alves Passos e d\u00e1 outras provid\u00eancias."}, {"id": "5512", "ano": "2023", "numero": "2899", "tipo__sigla": "LEI", "tipo__descricao": "Lei Ordin\u00e1ria", "texto_integral": "http://sapl.sarandi.pr.leg.br/media/sapl/public/normajuridica/2023/5512/lei_no_2899-2023_para_o_site.pdf", "ementa": "Disp\u00f5e sobre o Conselho Municipal de Cultura e adota outras provid\u00eancias."}, {"id": "5511", "ano": "2023", "numero": "2898", "tipo__sigla": "LEI", "tipo__descricao": "Lei Ordin\u00e1ria", "texto_integral": "http://sapl.sarandi.pr.leg.br/media/sapl/public/normajuridica/2023/5511/lei_no_2898-2023_para_o_site.pdf", "ementa": "Disp\u00f5e sobre altera\u00e7\u00f5es na Lei n\u00b0 2860/2022, de 13 de setembro de 2022, a qual disp\u00f5e sobre as fun\u00e7\u00f5es de Confian\u00e7a do Poder Executivo Municipal, na forma que especifica."}, {"id": "5519", "ano": "2023", "numero": "1302", "tipo__sigla": "DE", "tipo__descricao": "Decreto Executivo", "texto_integral": "http://sapl.sarandi.pr.leg.br/media/sapl/public/normajuridica/2023/5519/decreto_executivo_no_1302-2023.pdf", "ementa": "REGULAMENTA A LEI COMPLEMENTAR N\u00ba 428, DE 15 DE MAR\u00c7O DE 2023, QUE DISP\u00d5E SOBRE O SISTEMA TRIBUT\u00c1RIO DO MUNIC\u00cdPIO DE SARANDI, E D\u00c1 OUTRAS PROVIDENCIAS."}, {"id": "5515", "ano": "2023", "numero": "434", "tipo__sigla": "LC", "tipo__descricao": "Lei Complementar", "texto_integral": "http://sapl.sarandi.pr.leg.br/media/sapl/public/normajuridica/2023/5515/lei_complementar_no_434-2023_para_o_site.pdf", "ementa": "Disp\u00f5e sobre altera\u00e7\u00f5es na Lei Complementar n\u00ba 413/2022, de 06 de junho de 2022, a qual disp\u00f5e sobre o parcelamento do solo urbano no munic\u00edpio de Sarandi."}, {"id": "5520", "ano": "2023", "numero": "433", "tipo__sigla": "LC", "tipo__descricao": "Lei Complementar", "texto_integral": "http://sapl.sarandi.pr.leg.br/media/sapl/public/normajuridica/2023/5520/lei_complementar_no_433-2023_para_o_site.pdf", "ementa": "Disp\u00f5e sobre altera\u00e7\u00f5es na Lei Complementar n\u00ba 412/2022, de 06 de junho de 2022, a qual disp\u00f5e sobre o uso e ocupa\u00e7\u00e3o do solo urbano do munic\u00edpio de Sarandi/PR."}, {"id": "5514", "ano": "2023", "numero": "432", "tipo__sigla": "LC", "tipo__descricao": "Lei Complementar", "texto_integral": "http://sapl.sarandi.pr.leg.br/media/sapl/public/normajuridica/2023/5514/lei_complementar_no_432-2023_para_o_site.pdf", "ementa": "Disp\u00f5e sobre altera\u00e7\u00f5es na Lei Complementar n\u00ba 411/2022, de 06 de junho de 2022, a qual disp\u00f5e sobre o Sistema Vi\u00e1rio no Munic\u00edpio de Sarandi."}, {"id": "5513", "ano": "2023", "numero": "431", "tipo__sigla": "LC", "tipo__descricao": "Lei Complementar", "texto_integral": "http://sapl.sarandi.pr.leg.br/media/sapl/public/normajuridica/2023/5513/lei_complementar_no_431-2023_para_o_site.pdf", "ementa": "Disp\u00f5e sobre altera\u00e7\u00f5es na Lei Complementar n\u00ba 410/2022, de 06 de junho de 2022, a qual disp\u00f5e sobre o C\u00f3digo de Obras e Edifica\u00e7\u00f5es no Munic\u00edpio de Sarandi."}, {"id": "5521", "ano": "2023", "numero": "430", "tipo__sigla": "LC", "tipo__descricao": "Lei Complementar", "texto_integral": "http://sapl.sarandi.pr.leg.br/media/sapl/public/normajuridica/2023/5521/lei_complementar_no_430-2023_para_o_site.pdf", "ementa": "Disp\u00f5e sobre a altera\u00e7\u00e3o da Lei Complementar n\u00ba 159, de 24 de novembro de 2007, que disp\u00f5e sobre o Plano de Cargos, Carreira e Vencimentos dos Servidores do Poder Executivo Municipal e d\u00e1 outras provid\u00eancias."}, {"id": "5510", "ano": "2023", "numero": "59", "tipo__sigla": "POR", "tipo__descricao": "Portaria", "texto_integral": "http://sapl.sarandi.pr.leg.br/media/sapl/public/normajuridica/2023/5510/portaria_no059-2023_para_site.pdf", "ementa": "Nomeia Alex Francisco de Souza para o cargo de auxiliar legislativo e d\u00e1 outras provid\u00eancias."}, {"id": "5509", "ano": "2023", "numero": "1295", "tipo__sigla": "DE", "tipo__descricao": "Decreto Executivo", "texto_integral": "http://sapl.sarandi.pr.leg.br/media/sapl/public/normajuridica/2023/5509/decreto_executivo_no_1295-2023.pdf", "ementa": "REGULAMENTA O DISPOSTO NO ARTIGO 144, DA LEI COMPLEMENTAR N\u00ba 10, DE 27 DE DEZEMBRO DE 1992, ACRESCIDO PELO INCISO I, DA LEI COMPLEMENTAR MUNICIPAL N\u00ba 429, DE 15 DE MAR\u00c7O DE 2023, E D\u00c1 OUTRAS PROVID\u00caNCIAS."}, {"id": "5508", "ano": "2023", "numero": "58", "tipo__sigla": "POR", "tipo__descricao": "Portaria", "texto_integral": "http://sapl.sarandi.pr.leg.br/media/sapl/public/normajuridica/2023/5508/portaria_no058-2023_para_site.pdf", "ementa": "Exonera o servidor Jo\u00e3o Leonardo Pinelli Milhan e d\u00e1 outras provid\u00eancias."}, {"id": "5507", "ano": "2023", "numero": "57", "tipo__sigla": "POR", "tipo__descricao": "Portaria", "texto_integral": "http://sapl.sarandi.pr.leg.br/media/sapl/public/normajuridica/2023/5507/portaria_no057-2023_para_site.pdf", "ementa": "Nomeia Amarildo Batista Alves para o cargo de assessor legislativo e d\u00e1 outras provid\u00eancias."}, {"id": "5506", "ano": "2023", "numero": "429", "tipo__sigla": "LC", "tipo__descricao": "Lei Complementar", "texto_integral": "http://sapl.sarandi.pr.leg.br/media/sapl/public/normajuridica/2023/5506/lei_complementar_no_429-2023_para_o_site.pdf", "ementa": "Altera a Lei Complementar n\u00ba 10, de 27 de dezembro de 1992 - Estatuto dos Servidores P\u00fablicos do Munic\u00edpio de Sarandi e d\u00e1 outras provid\u00eancias."}, {"id": "5505", "ano": "2023", "numero": "428", "tipo__sigla": "LC", "tipo__descricao": "Lei Complementar", "texto_integral": "http://sapl.sarandi.pr.leg.br/media/sapl/public/normajuridica/2023/5505/lei_complementar_no_428-2023_para_o_site.pdf", "ementa": "Altera dispositivos da Lei Complementar n\u00ba 070, de 26 de dezembro de 2001, que disp\u00f5e sobre o Sistema Tribut\u00e1rio do Munic\u00edpio de Sarandi \"C\u00f3digo Tribut\u00e1rio\", e d\u00e1 outras provid\u00eancias."}, {"id": "5504", "ano": "2023", "numero": "5", "tipo__sigla": "DL", "tipo__descricao": "Decreto Legislativo", "texto_integral": "http://sapl.sarandi.pr.leg.br/media/sapl/public/normajuridica/2023/5504/decreto_legislativo_no_005-2023_para_o_site.pdf", "ementa": "Disp\u00f5e sobre Aceita\u00e7\u00e3o do \"Veto n\u00ba 001/2023\", total ao Projeto de Lei Complementar n\u00ba 569/2023, de autoria do Poder Executivo, o qual altera dispositivos da Lei Complementar n\u00ba 070, de 26 de dezembro de 2001, que disp\u00f5e sobre o Sistema Tribut\u00e1rio do Munic\u00edpio de Sarandi \"C\u00f3digo Tribut\u00e1rio\", e d\u00e1 outras provid\u00eancias."}, {"id": "5593", "ano": "2023", "numero": "1278", "tipo__sigla": "DE", "tipo__descricao": "Decreto Executivo", "texto_integral": "http://sapl.sarandi.pr.leg.br/media/sapl/public/normajuridica/2023/5593/decreto_executivo_no_1278-2023.pdf", "ementa": "CONSTITUI O CONSELHO MUNICIPAL DE DESENVOLVIMENTO URBANO, NA FORMA QUE ESPECIFICA."}, {"id": "5503", "ano": "2023", "numero": "56", "tipo__sigla": "POR", "tipo__descricao": "Portaria", "texto_integral": "http://sapl.sarandi.pr.leg.br/media/sapl/public/normajuridica/2023/5503/portaria_no056-2023_para_site.pdf", "ementa": "Exonera o servidor H\u00e9lio Douglas de Souza Cavalcanti e d\u00e1 outras provid\u00eancias."}, {"id": "5502", "ano": "2023", "numero": "55", "tipo__sigla": "POR", "tipo__descricao": "Portaria", "texto_integral": "http://sapl.sarandi.pr.leg.br/media/sapl/public/normajuridica/2023/5502/portaria_no055-2023_para_site.pdf", "ementa": "Nomeia Thais Sabino Janunzzi para o cargo de auxiliar legislativo e d\u00e1 outras provid\u00eancias."}, {"id": "5592", "ano": "2023", "numero": "1273", "tipo__sigla": "DE", "tipo__descricao": "Decreto Executivo", "texto_integral": "http://sapl.sarandi.pr.leg.br/media/sapl/public/normajuridica/2023/5592/decreto_executivo_no_1273-2023.pdf", "ementa": "CONSTITUI O CONSELHO MUNICIPAL DE DESENVOLVIMENTO URBANO, NA FORMA QUE ESPECIFICA."}, {"id": "5501", "ano": "2023", "numero": "1267", "tipo__sigla": "DE", "tipo__descricao": "Decreto Executivo", "texto_integral": "http://sapl.sarandi.pr.leg.br/media/sapl/public/normajuridica/2023/5501/decreto_executivo_no_1267-2023.pdf", "ementa": "DISP\u00d5E SOBRE A REGULAMENTA\u00c7\u00c3O DOS PROCEDIMENTOS ADOTADOS PELO DEPARTAMENTO DE TRANSPAR\u00caNCIA E PROTE\u00c7\u00c3O DE DADOS NO ACOMPANHAMENTO E FISCALIZA\u00c7\u00c3O DA TRANSPAR\u00caNCIA P\u00daBLICA E DA PROTE\u00c7\u00c3O DE DADOS NO MUNIC\u00cdPIO DE SARANDI \u2013 PR."}, {"id": "5500", "ano": "2023", "numero": "54", "tipo__sigla": "POR", "tipo__descricao": "Portaria", "texto_integral": "http://sapl.sarandi.pr.leg.br/media/sapl/public/normajuridica/2023/5500/portaria_no054-2023_para_site.pdf", "ementa": "Concede progress\u00e3o funcional por merecimento ao servidor Rovilson Jos\u00e9 Arantes e d\u00e1 outras provid\u00eancias."}, {"id": "5499", "ano": "2023", "numero": "53", "tipo__sigla": "POR", "tipo__descricao": "Portaria", "texto_integral": "http://sapl.sarandi.pr.leg.br/media/sapl/public/normajuridica/2023/5499/portaria_no053-2023_para_site.pdf", "ementa": "Concede progress\u00e3o funcional por merecimento ao servidor Vagner Rafael Vaz e d\u00e1 outras provid\u00eancias."}, {"id": "5498", "ano": "2023", "numero": "52", "tipo__sigla": "POR", "tipo__descricao": "Portaria", "texto_integral": "http://sapl.sarandi.pr.leg.br/media/sapl/public/normajuridica/2023/5498/portaria_no052-2023_para_site.pdf", "ementa": "Homologa na forma prevista pela Resolu\u00e7\u00e3o n\u00ba 4/2019, os membros do Conselho de \u00c9tica Parlamentar desta Casa de Leis, para o per\u00edodo de 2023-2024."}, {"id": "5496", "ano": "2023", "numero": "51", "tipo__sigla": "POR", "tipo__descricao": "Portaria", "texto_integral": "http://sapl.sarandi.pr.leg.br/media/sapl/public/normajuridica/2023/5496/portaria_no051-2023_para_site.pdf", "ementa": "Concede progress\u00e3o funcional por capacita\u00e7\u00e3o a servidora Luzia Azevedo Dias e d\u00e1 outras provid\u00eancias."}, {"id": "5495", "ano": "2023", "numero": "50", "tipo__sigla": "POR", "tipo__descricao": "Portaria", "texto_integral": "http://sapl.sarandi.pr.leg.br/media/sapl/public/normajuridica/2023/5495/portaria_no050-2023_para_site.pdf", "ementa": "Concede progress\u00e3o funcional por capacita\u00e7\u00e3o a servidora Sandra da Mata Clemente Duarte e d\u00e1 outras provid\u00eancias."}, {"id": "5494", "ano": "2023", "numero": "49", "tipo__sigla": "POR", "tipo__descricao": "Portaria", "texto_integral": "http://sapl.sarandi.pr.leg.br/media/sapl/public/normajuridica/2023/5494/portaria_no049-2023_para_site.pdf", "ementa": "Designa servidor Dalvecir Aparecido Bonora, para fiscaliza\u00e7\u00e3o de contrato, e d\u00e1 outras provid\u00eancias."}, {"id": "5493", "ano": "2023", "numero": "48", "tipo__sigla": "POR", "tipo__descricao": "Portaria", "texto_integral": "http://sapl.sarandi.pr.leg.br/media/sapl/public/normajuridica/2023/5493/portaria_no048-2023_para_site.pdf", "ementa": "Designa servidora Camila de Souza Bueno dos Santos, para fiscaliza\u00e7\u00e3o de contrato, e d\u00e1 outras provid\u00eancias."}, {"id": "5492", "ano": "2023", "numero": "427", "tipo__sigla": "LC", "tipo__descricao": "Lei Complementar", "texto_integral": "http://sapl.sarandi.pr.leg.br/media/sapl/public/normajuridica/2023/5492/lei_complementar_no_427-2023_para_o_site.pdf", "ementa": "Altera a Lei Complementar n\u00ba 10, de 27 de dezembro de 1992 - Estatuto dos Servidores P\u00fablicos do Munic\u00edpio de Sarandi e d\u00e1 outras provid\u00eancias."}, {"id": "5491", "ano": "2023", "numero": "47", "tipo__sigla": "POR", "tipo__descricao": "Portaria", "texto_integral": "http://sapl.sarandi.pr.leg.br/media/sapl/public/normajuridica/2023/5491/portaria_no047-2023_para_site.pdf", "ementa": "Nomeia Comiss\u00e3o Permanente de Recebimento e d\u00e1 outras provid\u00eancias."}, {"id": "5490", "ano": "2023", "numero": "46", "tipo__sigla": "POR", "tipo__descricao": "Portaria", "texto_integral": "http://sapl.sarandi.pr.leg.br/media/sapl/public/normajuridica/2023/5490/portaria_no046-2023_para_site.pdf", "ementa": "Designa Camila de Souza Bueno dos Santos como encarregada de divis\u00f5es, e d\u00e1 outras provid\u00eancias."}, {"id": "5489", "ano": "2023", "numero": "45", "tipo__sigla": "POR", "tipo__descricao": "Portaria", "texto_integral": "http://sapl.sarandi.pr.leg.br/media/sapl/public/normajuridica/2023/5489/portaria_no045-2023_para_site.pdf", "ementa": "Nomeia pregoeiro e membros da 3\u00aa equipe de apoio no \u00e2mbito da C\u00e2mara Municipal de Sarandi."}, {"id": "5488", "ano": "2023", "numero": "44", "tipo__sigla": "POR", "tipo__descricao": "Portaria", "texto_integral": "http://sapl.sarandi.pr.leg.br/media/sapl/public/normajuridica/2023/5488/portaria_no044-2023_para_site.pdf", "ementa": "Nomeia pregoeiro e membros da 2\u00aa equipe de apoio no \u00e2mbito da C\u00e2mara Municipal de Sarandi."}, {"id": "5487", "ano": "2023", "numero": "43", "tipo__sigla": "POR", "tipo__descricao": "Portaria", "texto_integral": "http://sapl.sarandi.pr.leg.br/media/sapl/public/normajuridica/2023/5487/portaria_no043-2023_para_site.pdf", "ementa": "Nomeia pregoeiro e membros da 1\u00aa equipe de apoio no \u00e2mbito da C\u00e2mara Municipal de Sarandi."}, {"id": "5486", "ano": "2023", "numero": "42", "tipo__sigla": "POR", "tipo__descricao": "Portaria", "texto_integral": "http://sapl.sarandi.pr.leg.br/media/sapl/public/normajuridica/2023/5486/portaria_no042-2023_para_site.pdf", "ementa": "Designa servidor Dalvecir Aparecido Bonora, para fiscaliza\u00e7\u00e3o de contrato, e d\u00e1 outras provid\u00eancias."}, {"id": "5485", "ano": "2023", "numero": "41", "tipo__sigla": "POR", "tipo__descricao": "Portaria", "texto_integral": "http://sapl.sarandi.pr.leg.br/media/sapl/public/normajuridica/2023/5485/portaria_no041-2023_para_site.pdf", "ementa": "Designa servidor Dalvecir Aparecido Bonora, para fiscaliza\u00e7\u00e3o de contrato, e d\u00e1 outras provid\u00eancias."}, {"id": "5482", "ano": "2023", "numero": "40", "tipo__sigla": "POR", "tipo__descricao": "Portaria", "texto_integral": "http://sapl.sarandi.pr.leg.br/media/sapl/public/normajuridica/2023/5482/portaria_no040-2023_para_site.pdf", "ementa": "Exonera a servidora Joice Duarte Gon\u00e7alves Bergamaschi e d\u00e1 outras provid\u00eancias."}, {"id": "5484", "ano": "2023", "numero": "39", "tipo__sigla": "POR", "tipo__descricao": "Portaria", "texto_integral": "http://sapl.sarandi.pr.leg.br/media/sapl/public/normajuridica/2023/5484/portaria_no039-2023_para_site.pdf", "ementa": "Designa servidor Renan Augusto dos Santos Volpatto, para fiscaliza\u00e7\u00e3o de contrato, e d\u00e1 outras provid\u00eancias."}, {"id": "5483", "ano": "2023", "numero": "38", "tipo__sigla": "POR", "tipo__descricao": "Portaria", "texto_integral": "http://sapl.sarandi.pr.leg.br/media/sapl/public/normajuridica/2023/5483/portaria_no038-2023_para_site.pdf", "ementa": "DESIGNA SERVIDOR LUCAS ATALIBA RANTIN DE CARVALHO, PARA FISCALIZA\u00c7\u00c3O DE ATAS DE PRE\u00c7OS, E D\u00c1 OUTRAS PROVID\u00caNCIAS."}, {"id": "5481", "ano": "2023", "numero": "37", "tipo__sigla": "POR", "tipo__descricao": "Portaria", "texto_integral": "http://sapl.sarandi.pr.leg.br/media/sapl/public/normajuridica/2023/5481/portaria_no037-2023_para_site.pdf", "ementa": "NOMEIA COMISS\u00c3O PERMANENTE DE LICITA\u00c7\u00d5ES E D\u00c1 OUTRAS PROVID\u00caNCIAS."}, {"id": "5480", "ano": "2023", "numero": "36", "tipo__sigla": "POR", "tipo__descricao": "Portaria", "texto_integral": "http://sapl.sarandi.pr.leg.br/media/sapl/public/normajuridica/2023/5480/portaria_no036-2023_para_site.pdf", "ementa": "NOMEIA MARCELA FRITZ DE LIMA MURATORI PARA OCUPAR A FUN\u00c7\u00c3O GRATIFICADA COMO GESTOR DE CONTRATOS E D\u00c1 OUTRAS PROVID\u00caNCIAS."}, {"id": "5479", "ano": "2023", "numero": "35", "tipo__sigla": "POR", "tipo__descricao": "Portaria", "texto_integral": "http://sapl.sarandi.pr.leg.br/media/sapl/public/normajuridica/2023/5479/portaria_no035-2023_para_site.pdf", "ementa": "NOMEIA JO\u00c3O LEONARDO PINELLI MILHAN PARA OCUPAR A FUN\u00c7\u00c3O GRATIFICADA COMO TESOUREIRO E D\u00c1 OUTRAS PROVID\u00caNCIAS."}, {"id": "5478", "ano": "2023", "numero": "34", "tipo__sigla": "POR", "tipo__descricao": "Portaria", "texto_integral": "http://sapl.sarandi.pr.leg.br/media/sapl/public/normajuridica/2023/5478/portaria_no034-2023_para_site.pdf", "ementa": "NOMEIA DALVECIR APARECIDO BONORA PARA OCUPAR A FUN\u00c7\u00c3O DE CONFIAN\u00c7A COMO DIRETOR ADMINISTRATIVO E D\u00c1 OUTRAS PROVID\u00caNCIAS."}, {"id": "5477", "ano": "2023", "numero": "33", "tipo__sigla": "POR", "tipo__descricao": "Portaria", "texto_integral": "http://sapl.sarandi.pr.leg.br/media/sapl/public/normajuridica/2023/5477/portaria_no033-2023_para_site.pdf", "ementa": "NOMEIA COMISS\u00c3O ESPECIAL DE TRANSI\u00c7\u00c3O PARA A NOVA LEI DE LICITA\u00c7\u00d5ES E D\u00c1 OUTRAS PROVID\u00caNCIAS."}, {"id": "5476", "ano": "2023", "numero": "2897", "tipo__sigla": "LEI", "tipo__descricao": "Lei Ordin\u00e1ria", "texto_integral": "http://sapl.sarandi.pr.leg.br/media/sapl/public/normajuridica/2023/5476/lei_no_2897-2023_para_o_site.pdf", "ementa": "Altera dispositivo da Lei n\u00b0 2754 de 22 de novembro de 2021, na forma que especifica."}, {"id": "5475", "ano": "2023", "numero": "426", "tipo__sigla": "LC", "tipo__descricao": "Lei Complementar", "texto_integral": "http://sapl.sarandi.pr.leg.br/media/sapl/public/normajuridica/2023/5475/lei_complementar_no_426-2023_para_o_site.pdf", "ementa": "Altera a Lei Complementar n\u00ba 409, de 06 de junho de 2022, a qual disp\u00f5e sobre o C\u00f3digo de Posturas do Munic\u00edpio de Sarandi, na forma que especifica."}, {"id": "5474", "ano": "2023", "numero": "2896", "tipo__sigla": "LEI", "tipo__descricao": "Lei Ordin\u00e1ria", "texto_integral": "http://sapl.sarandi.pr.leg.br/media/sapl/public/normajuridica/2023/5474/lei_no_2896-2023_para_o_site.pdf", "ementa": "Disp\u00f5e sobre a certifica\u00e7\u00e3o do Selo \"Desenvolve Sarandi\u201d, a ser conferido pelo Poder Publico Municipal a empresas que contratem Aprendizes no Munic\u00edpio de Sarandi."}, {"id": "5473", "ano": "2023", "numero": "2895", "tipo__sigla": "LEI", "tipo__descricao": "Lei Ordin\u00e1ria", "texto_integral": "http://sapl.sarandi.pr.leg.br/media/sapl/public/normajuridica/2023/5473/lei_no_2895-2023_para_o_site.pdf", "ementa": "Autoriza o Munic\u00edpio de Sarandi-PR atrav\u00e9s do Chefe do Poder Executivo Municipal a outorgar permuta de im\u00f3vel do Patrim\u00f4nio Publico Municipal por im\u00f3vel particular, na forma como especifica."}, {"id": "5472", "ano": "2023", "numero": "2894", "tipo__sigla": "LEI", "tipo__descricao": "Lei Ordin\u00e1ria", "texto_integral": "http://sapl.sarandi.pr.leg.br/media/sapl/public/normajuridica/2023/5472/lei_no_2894-2023_para_o_site.pdf", "ementa": "Institui a Escola P\u00fablica de Tr\u00e2nsito, considerando o disposto na Lei Federal n. 9.503/1997 (C\u00f3digo de Transito Brasileiro) e na Resolu\u00e7\u00e3o n. 929/2022 do CONTRAN, no Munic\u00edpio de Sarandi-PR."}, {"id": "5471", "ano": "2023", "numero": "2893", "tipo__sigla": "LEI", "tipo__descricao": "Lei Ordin\u00e1ria", "texto_integral": "http://sapl.sarandi.pr.leg.br/media/sapl/public/normajuridica/2023/5471/lei_no_2893-2023_para_o_site.pdf", "ementa": "Institui a Semana da \u00c1gua no Munic\u00edpio e da outras provid\u00eancias."}, {"id": "5470", "ano": "2023", "numero": "2892", "tipo__sigla": "LEI", "tipo__descricao": "Lei Ordin\u00e1ria", "texto_integral": "http://sapl.sarandi.pr.leg.br/media/sapl/public/normajuridica/2023/5470/lei_no_2892-2023_para_o_site.pdf", "ementa": "Institui o Comit\u00ea de Intersetorial Acompanhamento e Monitoramento da Politica da Popula\u00e7\u00e3o em Situa\u00e7\u00e3o de Rua no Munic\u00edpio de Sarandi - Estado do Paran\u00e1, e da outras provid\u00eancias."}, {"id": "5469", "ano": "2023", "numero": "2891", "tipo__sigla": "LEI", "tipo__descricao": "Lei Ordin\u00e1ria", "texto_integral": "http://sapl.sarandi.pr.leg.br/media/sapl/public/normajuridica/2023/5469/lei_no_2891-2023_para_o_site.pdf", "ementa": "Autoriza o Munic\u00edpio de Sarandi/PR, atrav\u00e9s do Chefe do Poder Executivo Municipal a desafetar os im\u00f3veis constantes nas matriculas n\u00b0 44380 e n\u00b0 44381, para fins de amplia\u00e7\u00e3o do sistema vi\u00e1rio."}, {"id": "5468", "ano": "2023", "numero": "2890", "tipo__sigla": "LEI", "tipo__descricao": "Lei Ordin\u00e1ria", "texto_integral": "http://sapl.sarandi.pr.leg.br/media/sapl/public/normajuridica/2023/5468/lei_no_2890-2023_para_o_site.pdf", "ementa": "Da denomina\u00e7\u00e3o a Rua Projetada 2, situada no Jardim Maring\u00e1, na forma que especifica."}, {"id": "5465", "ano": "2023", "numero": "2888", "tipo__sigla": "LEI", "tipo__descricao": "Lei Ordin\u00e1ria", "texto_integral": "http://sapl.sarandi.pr.leg.br/media/sapl/public/normajuridica/2023/5465/lei_no_2888-2023_para_o_site.pdf", "ementa": "Da denomina\u00e7\u00e3o a Rua Projetada 1, situada no Jardim Maring\u00e1, na forma que especifica."}, {"id": "5466", "ano": "2023", "numero": "2889", "tipo__sigla": "LEI", "tipo__descricao": "Lei Ordin\u00e1ria", "texto_integral": "http://sapl.sarandi.pr.leg.br/media/sapl/public/normajuridica/2023/5466/lei_no_2889-2023_para_o_site.pdf", "ementa": "Concede ganho real aos servidores pertencentes ao quadro de pessoal estatut\u00e1rio ativo e inativo, e de provimento em comiss\u00e3o da C\u00e2mara Municipal de Sarandi, e da outras disposi\u00e7\u00f5es."}, {"id": "5464", "ano": "2023", "numero": "2887", "tipo__sigla": "LEI", "tipo__descricao": "Lei Ordin\u00e1ria", "texto_integral": "http://sapl.sarandi.pr.leg.br/media/sapl/public/normajuridica/2023/5464/lei_no_2887-2023_para_o_site.pdf", "ementa": "Concede reposi\u00e7\u00e3o salarial aos servidores pertencentes aos quadros de pessoal estatut\u00e1rio ativo, inativo e pensionista, e de provimento em comiss\u00e3o da C\u00e2mara Municipal de Sarandi, e da outras disposi\u00e7\u00f5es."}, {"id": "5463", "ano": "2023", "numero": "2886", "tipo__sigla": "LEI", "tipo__descricao": "Lei Ordin\u00e1ria", "texto_integral": "http://sapl.sarandi.pr.leg.br/media/sapl/public/normajuridica/2023/5463/lei_no_2886-2023_para_o_site.pdf", "ementa": "Disp\u00f5e sobre a atualiza\u00e7\u00e3o monet\u00e1ria do subs\u00eddio dos Vereadores da C\u00e2mara Municipal de Sarandi, e da outras disposi\u00e7\u00f5es."}, {"id": "5462", "ano": "2023", "numero": "2885", "tipo__sigla": "LEI", "tipo__descricao": "Lei Ordin\u00e1ria", "texto_integral": "http://sapl.sarandi.pr.leg.br/media/sapl/public/normajuridica/2023/5462/lei_no_2885-2023_para_o_site.pdf", "ementa": "Altera a Lei n\u00ba 2.636 de 09 de outubro de 2020, a qual Fixa os Subs\u00eddios do Prefeito, Vice-Prefeito e dos Secret\u00e1rios Municipais, Mantendo o subs\u00eddio do m\u00eas de dezembro de 2020 para a Legislatura 2021 a 2024, na forma que especifica."}, {"id": "5461", "ano": "2023", "numero": "2884", "tipo__sigla": "LEI", "tipo__descricao": "Lei Ordin\u00e1ria", "texto_integral": "http://sapl.sarandi.pr.leg.br/media/sapl/public/normajuridica/2023/5461/lei_no_2884-2023_para_o_site.pdf", "ementa": "Concede reposi\u00e7\u00e3o e aumento salarial aos servidores p\u00fablicos municipais ativos, inativos, pensionistas e cargo em comiss\u00e3o do Munic\u00edpio de Sarandi, e d\u00e1 outras disposi\u00e7\u00f5es."}, {"id": "5460", "ano": "2023", "numero": "2883", "tipo__sigla": "LEI", "tipo__descricao": "Lei Ordin\u00e1ria", "texto_integral": "http://sapl.sarandi.pr.leg.br/media/sapl/public/normajuridica/2023/5460/lei_no_2883-2023_para_o_site.pdf", "ementa": "Concede reajuste do piso salarial dos profissionais do magist\u00e9rio p\u00fablico do munic\u00edpio de Sarandi-Pr., em adequa\u00e7\u00e3o ao piso salarial nacional dos profissionais do magist\u00e9rio p\u00fablico da educa\u00e7\u00e3o b\u00e1sica, nos termos em que preceitua a Lei Federal n\u00ba 11.738/2008."}, {"id": "5459", "ano": "2023", "numero": "2882", "tipo__sigla": "LEI", "tipo__descricao": "Lei Ordin\u00e1ria", "texto_integral": "http://sapl.sarandi.pr.leg.br/media/sapl/public/normajuridica/2023/5459/lei_no_2882-2023_para_o_site.pdf", "ementa": "Autoriza o Chefe do Poder Executivo Municipal a fixar piso m\u00ednimo de vencimentos dos Servidores P\u00fablicos Municipais de Sarandi e d\u00e1 outras provid\u00eancias."}, {"id": "5458", "ano": "2023", "numero": "2881", "tipo__sigla": "LEI", "tipo__descricao": "Lei Ordin\u00e1ria", "texto_integral": "http://sapl.sarandi.pr.leg.br/media/sapl/public/normajuridica/2023/5458/lei_no_2881-2023_para_o_site.pdf", "ementa": "Disp\u00f5e sobre a atualiza\u00e7\u00e3o monet\u00e1ria do subs\u00eddio do Prefeito, Vice-Prefeito e dos Secret\u00e1rios Municipais, e d\u00e1 outras disposi\u00e7\u00f5es."}, {"id": "5467", "ano": "2023", "numero": "425", "tipo__sigla": "LC", "tipo__descricao": "Lei Complementar", "texto_integral": "http://sapl.sarandi.pr.leg.br/media/sapl/public/normajuridica/2023/5467/lei_complementar_no_425-2023_para_o_site.pdf", "ementa": "Altera a Lei Complementar n\u00ba 419, de 29 de agosto de 2022, na forma que especifica."}, {"id": "5457", "ano": "2023", "numero": "32", "tipo__sigla": "POR", "tipo__descricao": "Portaria", "texto_integral": "http://sapl.sarandi.pr.leg.br/media/sapl/public/normajuridica/2023/5457/portaria_no032-2023_para_site.pdf", "ementa": "NOMEIA JHEINE ANGELICA POSSACKI HASSIMOTO PARA O CARGO DE ASSESSOR LEGISLATIVO E D\u00c1 OUTRAS PROVID\u00caNCIAS."}, {"id": "5456", "ano": "2023", "numero": "4", "tipo__sigla": "DL", "tipo__descricao": "Decreto Legislativo", "texto_integral": "http://sapl.sarandi.pr.leg.br/media/sapl/public/normajuridica/2023/5456/decreto_legislativo_no_004-2023_para_o_site.pdf", "ementa": "Concede T\u00edtulo de Cidad\u00e3o Honor\u00e1rio ao Sargento Valdir Montovi e d\u00e1 outras provid\u00eancias."}, {"id": "5455", "ano": "2023", "numero": "3", "tipo__sigla": "DL", "tipo__descricao": "Decreto Legislativo", "texto_integral": "http://sapl.sarandi.pr.leg.br/media/sapl/public/normajuridica/2023/5455/decreto_legislativo_no_003-2023_para_o_site.pdf", "ementa": "Concede T\u00edtulo de Cidad\u00e3o Honor\u00e1rio ao Senhor Edmilson Rodrigues dos Santos \"Edmilson Corredor\" e d\u00e1 outras provid\u00eancias."}, {"id": "5454", "ano": "2023", "numero": "2", "tipo__sigla": "DL", "tipo__descricao": "Decreto Legislativo", "texto_integral": "http://sapl.sarandi.pr.leg.br/media/sapl/public/normajuridica/2023/5454/decreto_legislativo_no_002-2023_para_o_site.pdf", "ementa": "Concede Licen\u00e7a para o afastamento do Cargo de Prefeito Municipal, ao Senhor Walter Volpato, para usufruto de F\u00e9rias integrais, na forma que especifica."}, {"id": "5451", "ano": "2023", "numero": "31", "tipo__sigla": "POR", "tipo__descricao": "Portaria", "texto_integral": "http://sapl.sarandi.pr.leg.br/media/sapl/public/normajuridica/2023/5451/portaria_no031-2023_para_site.pdf", "ementa": "CONCEDE PROGRESS\u00c3O FUNCIONAL POR CAPACITA\u00c7\u00c3O AO SERVIDOR VAGNER RAFAEL VAZ E D\u00c1 OUTRAS PROVID\u00caNCIAS."}, {"id": "5450", "ano": "2023", "numero": "30", "tipo__sigla": "POR", "tipo__descricao": "Portaria", "texto_integral": "http://sapl.sarandi.pr.leg.br/media/sapl/public/normajuridica/2023/5450/portaria_no030-2023_para_site.pdf", "ementa": "CONCEDE PROGRESS\u00c3O FUNCIONAL POR TITULA\u00c7\u00c3O A SERVIDORA CAMILA DE SOUZA BUENO DOS SANTOS E D\u00c1 OUTRAS PROVID\u00caNCIAS."}, {"id": "5452", "ano": "2023", "numero": "1", "tipo__sigla": "DL", "tipo__descricao": "Decreto Legislativo", "texto_integral": "http://sapl.sarandi.pr.leg.br/media/sapl/public/normajuridica/2023/5452/decreto_legislativo_no_001-2023_para_o_site.pdf", "ementa": "Suspender, nos termos do Art. 25, inciso IX, do Regimento Interno da C\u00e2mara Municipal, a efic\u00e1cia de parte do Art. 2 da Lei Complementar n\u00ba 364, de 17 de agosto de 2018, a qual disp\u00f5e sobre a cria\u00e7\u00e3o e regulamenta\u00e7\u00e3o do Organograma da Corregedoria e Ouvidoria da Guarda Municipal de Sarandi e d\u00e1 outras provid\u00eancias."}, {"id": "5449", "ano": "2023", "numero": "29", "tipo__sigla": "POR", "tipo__descricao": "Portaria", "texto_integral": "http://sapl.sarandi.pr.leg.br/media/sapl/public/normajuridica/2023/5449/portaria_no029-2023_para_site.pdf", "ementa": "EXONERA O SERVIDOR EDUARDO DO CARMO E D\u00c1 OUTRAS PROVID\u00caNCIAS."}, {"id": "5448", "ano": "2023", "numero": "28", "tipo__sigla": "POR", "tipo__descricao": "Portaria", "texto_integral": "http://sapl.sarandi.pr.leg.br/media/sapl/public/normajuridica/2023/5448/portaria_no028-2023_para_site.pdf", "ementa": "VAC\u00c2NCIA DO CARGO DE AUXILIAR T\u00c9CNICO LEGISLATIVO POR MOTIVO DE FALECIMENTO E D\u00c1 OUTRAS PROVID\u00caNCIAS."}, {"id": "5447", "ano": "2023", "numero": "27", "tipo__sigla": "POR", "tipo__descricao": "Portaria", "texto_integral": "http://sapl.sarandi.pr.leg.br/media/sapl/public/normajuridica/2023/5447/portaria_no027-2023_para_site.pdf", "ementa": "CONCEDE PROGRESS\u00c3O FUNCIONAL POR CAPACITA\u00c7\u00c3O A SERVIDORA ANGELA ALVES DE ALMEIDA E D\u00c1 OUTRAS PROVID\u00caNCIAS."}, {"id": "5446", "ano": "2023", "numero": "26", "tipo__sigla": "POR", "tipo__descricao": "Portaria", "texto_integral": "http://sapl.sarandi.pr.leg.br/media/sapl/public/normajuridica/2023/5446/portaria_no026-2023_para_site.pdf", "ementa": "CONCEDE PROGRESS\u00c3O FUNCIONAL POR CAPACITA\u00c7\u00c3O A SERVIDORA MARCELA FRITZ DE LIMA MURATORI D\u00c1 OUTRAS PROVID\u00caNCIAS."}, {"id": "5445", "ano": "2023", "numero": "25", "tipo__sigla": "POR", "tipo__descricao": "Portaria", "texto_integral": "http://sapl.sarandi.pr.leg.br/media/sapl/public/normajuridica/2023/5445/portaria_no025-2023_para_site.pdf", "ementa": "CONCEDE PROGRESS\u00c3O FUNCIONAL POR CAPACITA\u00c7\u00c3O AO SERVIDOR JO\u00c3O ROBERTO DOS SANTOS LOPES E D\u00c1 OUTRAS PROVID\u00caNCIAS."}, {"id": "5444", "ano": "2023", "numero": "24", "tipo__sigla": "POR", "tipo__descricao": "Portaria", "texto_integral": "http://sapl.sarandi.pr.leg.br/media/sapl/public/normajuridica/2023/5444/portaria_no024-2023_para_site.pdf", "ementa": "CONCEDE PROGRESS\u00c3O FUNCIONAL POR TITULA\u00c7\u00c3O AO SERVIDOR JO\u00c3O LEONARDO PINELLI MILHAN E D\u00c1 OUTRAS PROVID\u00caNCIAS."}, {"id": "5443", "ano": "2023", "numero": "23", "tipo__sigla": "POR", "tipo__descricao": "Portaria", "texto_integral": "http://sapl.sarandi.pr.leg.br/media/sapl/public/normajuridica/2023/5443/portaria_no023-2023_para_site.pdf", "ementa": "CONCEDE PROGRESS\u00c3O FUNCIONAL POR DESEMPENHO AO SERVIDOR DALVECIR APARECIDO BONORA E D\u00c1 OUTRAS PROVID\u00caNCIAS."}, {"id": "5442", "ano": "2023", "numero": "22", "tipo__sigla": "POR", "tipo__descricao": "Portaria", "texto_integral": "http://sapl.sarandi.pr.leg.br/media/sapl/public/normajuridica/2023/5442/portaria_no022-2023_para_site.pdf", "ementa": "CONCEDE PROGRESS\u00c3O FUNCIONAL POR DESEMPENHO A SERVIDORA EDITE NUNES DA SILVA E D\u00c1 OUTRAS PROVID\u00caNCIAS."}, {"id": "5441", "ano": "2023", "numero": "21", "tipo__sigla": "POR", "tipo__descricao": "Portaria", "texto_integral": "http://sapl.sarandi.pr.leg.br/media/sapl/public/normajuridica/2023/5441/portaria_no021-2023_para_site.pdf", "ementa": "DESIGNA MARLON BIF COMO ENCARREGADO DE DIVIS\u00d5ES, E D\u00c1 OUTRAS PROVID\u00caNCIAS."}, {"id": "5440", "ano": "2023", "numero": "20", "tipo__sigla": "POR", "tipo__descricao": "Portaria", "texto_integral": "http://sapl.sarandi.pr.leg.br/media/sapl/public/normajuridica/2023/5440/portaria_no020-2023_para_site.pdf", "ementa": "DESIGNA JAQUELINE HARUMI HASHIMOTO COMO ENCARREGADA DE DIVIS\u00d5ES, E D\u00c1 OUTRAS PROVID\u00caNCIAS."}, {"id": "5439", "ano": "2023", "numero": "19", "tipo__sigla": "POR", "tipo__descricao": "Portaria", "texto_integral": "http://sapl.sarandi.pr.leg.br/media/sapl/public/normajuridica/2023/5439/portaria_no019-2023_para_site.pdf", "ementa": "NOMEIA JO\u00c3O LEONARDO PINELLI MILHAN PARA OCUPAR A FUN\u00c7\u00c3O GRATIFICADA COMO TESOUREIRO E D\u00c1 OUTRAS PROVID\u00caNCIAS."}, {"id": "5438", "ano": "2023", "numero": "18", "tipo__sigla": "POR", "tipo__descricao": "Portaria", "texto_integral": "http://sapl.sarandi.pr.leg.br/media/sapl/public/normajuridica/2023/5438/portaria_no018-2023_para_site.pdf", "ementa": "NOMEIA DALVECIR APARECIDO BONORA PARA OCUPAR A FUN\u00c7\u00c3O GRATIFICADA COMO GESTOR DE CONTRATOS E D\u00c1 OUTRAS PROVID\u00caNCIAS."}, {"id": "5437", "ano": "2023", "numero": "17", "tipo__sigla": "POR", "tipo__descricao": "Portaria", "texto_integral": "http://sapl.sarandi.pr.leg.br/media/sapl/public/normajuridica/2023/5437/portaria_no017-2023_para_site.pdf", "ementa": "NOMEIA RENAN AUGUSTO DOS SANTOS VOLPATTO PARA OCUPAR A FUN\u00c7\u00c3O GRATIFICADA COMO T\u00c9CNICO EM INFORMA\u00c7\u00c3O E D\u00c1 OUTRAS PROVID\u00caNCIAS."}, {"id": "5436", "ano": "2023", "numero": "16", "tipo__sigla": "POR", "tipo__descricao": "Portaria", "texto_integral": "http://sapl.sarandi.pr.leg.br/media/sapl/public/normajuridica/2023/5436/portaria_no016-2023_para_site.pdf", "ementa": "NOMEIA DANIEL CHIARAMONTE FERREIRA PARA OCUPAR A FUN\u00c7\u00c3O CONFIAN\u00c7A COMO CHEFE DA DIVIS\u00c3O DE INFORM\u00c1TICA E D\u00c1 OUTRAS PROVID\u00caNCIAS."}, {"id": "5435", "ano": "2023", "numero": "15", "tipo__sigla": "POR", "tipo__descricao": "Portaria", "texto_integral": "http://sapl.sarandi.pr.leg.br/media/sapl/public/normajuridica/2023/5435/portaria_no015-2023_para_site.pdf", "ementa": "NOMEIA JO\u00c3O ROBERTO DOS SANTOS LOPES PARA OCUPAR A FUN\u00c7\u00c3O GRATIFICADA COMO GESTOR DE PESSOAS E D\u00c1 OUTRAS PROVID\u00caNCIAS."}, {"id": "5434", "ano": "2023", "numero": "14", "tipo__sigla": "POR", "tipo__descricao": "Portaria", "texto_integral": "http://sapl.sarandi.pr.leg.br/media/sapl/public/normajuridica/2023/5434/portaria_no014-2023_para_site.pdf", "ementa": "NOMEIA LUCAS ATALIBA RANTIN DE CARVALHO PARA OCUPAR A FUN\u00c7\u00c3O CONFIAN\u00c7A COMO CHEFE DA DIVIS\u00c3O DE PATRIM\u00d4NIO E ALMOXARIFADO E D\u00c1 OUTRAS PROVID\u00caNCIAS."}, {"id": "5433", "ano": "2023", "numero": "13", "tipo__sigla": "POR", "tipo__descricao": "Portaria", "texto_integral": "http://sapl.sarandi.pr.leg.br/media/sapl/public/normajuridica/2023/5433/portaria_no013-2023_para_site.pdf", "ementa": "NOMEIA DHYMISON DA SILVA RAMOS PARA OCUPAR A FUN\u00c7\u00c3O GRATIFICADA COMO T\u00c9CNICO EM MANUTEN\u00c7\u00c3O PREVENTIVA E CORRETIVA E D\u00c1 OUTRAS PROVID\u00caNCIAS."}, {"id": "5432", "ano": "2023", "numero": "12", "tipo__sigla": "POR", "tipo__descricao": "Portaria", "texto_integral": "http://sapl.sarandi.pr.leg.br/media/sapl/public/normajuridica/2023/5432/portaria_no012-2023_para_site.pdf", "ementa": "NOMEIA COMISS\u00c3O PERMANENTE DE AVALIA\u00c7\u00c3O DE DESEMPENHO E D\u00c1 OUTRAS PROVID\u00caNCIAS."}, {"id": "5431", "ano": "2023", "numero": "11", "tipo__sigla": "POR", "tipo__descricao": "Portaria", "texto_integral": "http://sapl.sarandi.pr.leg.br/media/sapl/public/normajuridica/2023/5431/portaria_no011-2023_para_site.pdf", "ementa": "NOMEIA COMISS\u00c3O PERMANENTE DE LICITA\u00c7\u00d5ES E D\u00c1 OUTRAS PROVID\u00caNCIAS."}, {"id": "5430", "ano": "2023", "numero": "10", "tipo__sigla": "POR", "tipo__descricao": "Portaria", "texto_integral": "http://sapl.sarandi.pr.leg.br/media/sapl/public/normajuridica/2023/5430/portaria_no010-2023_para_site.pdf", "ementa": "NOMEIA COMISS\u00c3O PERMANENTE DE RECEBIMENTO E D\u00c1 OUTRAS PROVID\u00caNCIAS."}, {"id": "5429", "ano": "2023", "numero": "9", "tipo__sigla": "POR", "tipo__descricao": "Portaria", "texto_integral": "http://sapl.sarandi.pr.leg.br/media/sapl/public/normajuridica/2023/5429/portaria_no009-2023_para_site.pdf", "ementa": "NOMEIA D\u00c9BORA APARECIDA DE SOUZA PARA OCUPAR A FUN\u00c7\u00c3O DE CONTROLADOR INTERNO E D\u00c1 OUTRAS PROVID\u00caNCIAS."}, {"id": "5428", "ano": "2023", "numero": "8", "tipo__sigla": "POR", "tipo__descricao": "Portaria", "texto_integral": "http://sapl.sarandi.pr.leg.br/media/sapl/public/normajuridica/2023/5428/portaria_no008-2023_para_site.pdf", "ementa": "NOMEIA VAGNER RAFAEL VAZ PARA OCUPAR A FUN\u00c7\u00c3O DE CONFIAN\u00c7A COMO DIRETOR LEGISLATIVO E D\u00c1 OUTRAS PROVID\u00caNCIAS."}, {"id": "5427", "ano": "2023", "numero": "7", "tipo__sigla": "POR", "tipo__descricao": "Portaria", "texto_integral": "http://sapl.sarandi.pr.leg.br/media/sapl/public/normajuridica/2023/5427/portaria_no007-2023_para_site.pdf", "ementa": "NOMEIA ROVILSON JOS\u00c9 ARANTES PARA OCUPAR A FUN\u00c7\u00c3O DE CONFIAN\u00c7A COMO DIRETOR FINANCEIRO E D\u00c1 OUTRAS PROVID\u00caNCIAS."}, {"id": "5426", "ano": "2023", "numero": "6", "tipo__sigla": "POR", "tipo__descricao": "Portaria", "texto_integral": "http://sapl.sarandi.pr.leg.br/media/sapl/public/normajuridica/2023/5426/portaria_no006-2023_para_site.pdf", "ementa": "NOMEIA KAUANA PEREIRA DE SOUZA PARA O CARGO DE AUXILIAR LEGISLATIVO E D\u00c1 OUTRAS PROVID\u00caNCIAS."}, {"id": "5425", "ano": "2023", "numero": "5", "tipo__sigla": "POR", "tipo__descricao": "Portaria", "texto_integral": "http://sapl.sarandi.pr.leg.br/media/sapl/public/normajuridica/2023/5425/portaria_no005-2023_para_site.pdf", "ementa": "NOMEIA REGIANE ZAPAROLLI FIGUEIREDO PARA O CARGO DE AUXILIAR LEGISLATIVO E D\u00c1 OUTRAS PROVID\u00caNCIAS."}, {"id": "5424", "ano": "2023", "numero": "4", "tipo__sigla": "POR", "tipo__descricao": "Portaria", "texto_integral": "http://sapl.sarandi.pr.leg.br/media/sapl/public/normajuridica/2023/5424/portaria_no004-2023_para_site.pdf", "ementa": "NOMEIA WESLEY HENRIQUE SANGUINO PARA O CARGO DE AUXILIAR LEGISLATIVO E D\u00c1 OUTRAS PROVID\u00caNCIAS."}, {"id": "5423", "ano": "2023", "numero": "3", "tipo__sigla": "POR", "tipo__descricao": "Portaria", "texto_integral": "http://sapl.sarandi.pr.leg.br/media/sapl/public/normajuridica/2023/5423/portaria_no003-2023_para_site.pdf", "ementa": "NOMEIA JO\u00c3O LUCAS FIGUEIREDO DE LIMA PARA O CARGO DE ADVOGADO E D\u00c1 OUTRAS PROVID\u00caNCIAS."}, {"id": "5422", "ano": "2023", "numero": "2", "tipo__sigla": "POR", "tipo__descricao": "Portaria", "texto_integral": "http://sapl.sarandi.pr.leg.br/media/sapl/public/normajuridica/2023/5422/portaria_no002-2023_para_site.pdf", "ementa": "DECLARA LUTO OFICIAL DE 3 DIAS EM VIRTUDE DE FALECIMENTO DO SENHOR AN\u00c9SIO JOS\u00c9 DA SILVA."}, {"id": "5421", "ano": "2023", "numero": "1", "tipo__sigla": "POR", "tipo__descricao": "Portaria", "texto_integral": "http://sapl.sarandi.pr.leg.br/media/sapl/public/normajuridica/2023/5421/portaria_no001-2023_para_site.pdf", "ementa": "HOMOLOGA O RESULTADO DAS ELEI\u00c7\u00d5ES DAS COMISS\u00d5ES PERMANENTES E D\u00c1 OUTRAS PROVID\u00caNCIAS."}, {"id": "5859", "ano": "2022", "numero": "1202", "tipo__sigla": "DE", "tipo__descricao": "Decreto Executivo", "texto_integral": "http://sapl.sarandi.pr.leg.br/media/sapl/public/normajuridica/2022/5859/decreto_executivo_no_1202-2022.pdf", "ementa": "FIXA O VALOR DA UNIDADE FISCAL PADR\u00c3O DE SARANDI \u2013 UFPS, PARA O EXERC\u00cdCIO DE 2023, NA FORMA QUE ESPECIFICA."}, {"id": "5419", "ano": "2022", "numero": "2880", "tipo__sigla": "LEI", "tipo__descricao": "Lei Ordin\u00e1ria", "texto_integral": "http://sapl.sarandi.pr.leg.br/media/sapl/public/normajuridica/2022/5419/lei_no_2880-2022_para_o_site.pdf", "ementa": "Autoriza a doa\u00e7\u00e3o de im\u00f3vel urbano ao Estado do Paran\u00e1, na forma que especifica."}, {"id": "5418", "ano": "2022", "numero": "2879", "tipo__sigla": "LEI", "tipo__descricao": "Lei Ordin\u00e1ria", "texto_integral": "http://sapl.sarandi.pr.leg.br/media/sapl/public/normajuridica/2022/5418/lei_no_2879-2022_para_o_site.pdf", "ementa": "Atribui denomina\u00e7\u00e3o pr\u00f3pria ao lote de terras n\u00ba 259-H, situado na gleba Patrim\u00f4nio Sarandi, do Munic\u00edpio de Sarandi-PR."}, {"id": "5417", "ano": "2022", "numero": "2878", "tipo__sigla": "LEI", "tipo__descricao": "Lei Ordin\u00e1ria", "texto_integral": "http://sapl.sarandi.pr.leg.br/media/sapl/public/normajuridica/2022/5417/lei_no_2878-2022_para_o_site.pdf", "ementa": "Disp\u00f5e sobre a ades\u00e3o e o pagamento de ajuda de custo aos profissionais m\u00e9dicos bolsistas do Programa M\u00e9dicos pelo Brasil institu\u00eddo pela Lei Federal n\u00ba 13.958/2019, estabelecido pela Portaria GM/MS n\u00ba 3.193/2022."}, {"id": "5416", "ano": "2022", "numero": "2877", "tipo__sigla": "LEI", "tipo__descricao": "Lei Ordin\u00e1ria", "texto_integral": "http://sapl.sarandi.pr.leg.br/media/sapl/public/normajuridica/2022/5416/lei_no_2877-2022_para_o_site.pdf", "ementa": "Autoriza o Poder Executivo Municipal a efetuar abertura de Cr\u00e9dito Adicional Suplementar, na forma que especifica."}, {"id": "5420", "ano": "2022", "numero": "2876", "tipo__sigla": "LEI", "tipo__descricao": "Lei Ordin\u00e1ria", "texto_integral": "http://sapl.sarandi.pr.leg.br/media/sapl/public/normajuridica/2022/5420/lei_no_2876-2022_para_o_site.pdf", "ementa": "Disp\u00f5e sobre o Programa Municipal de Contrata\u00e7\u00e3o de Aprendiz no Munic\u00edpio de Sarandi, e d\u00e1 outras provid\u00eancias."}, {"id": "5415", "ano": "2022", "numero": "2875", "tipo__sigla": "LEI", "tipo__descricao": "Lei Ordin\u00e1ria", "texto_integral": "http://sapl.sarandi.pr.leg.br/media/sapl/public/normajuridica/2022/5415/lei_no_2875-2022_para_o_site.pdf", "ementa": "Disp\u00f5e sobre a altera\u00e7\u00e3o do Anexo de Metas e Prioridades e Anexos de Metas Fiscais da Lei de Diretrizes Or\u00e7ament\u00e1rias \u2013 LDO, do exerc\u00edcio de 2023, na forma que especifica."}, {"id": "5414", "ano": "2022", "numero": "119", "tipo__sigla": "POR", "tipo__descricao": "Portaria", "texto_integral": "http://sapl.sarandi.pr.leg.br/media/sapl/public/normajuridica/2022/5414/portaria_no119-2022_para_site.pdf", "ementa": "FIXA RECESSO ADMINISTRATIVO DE FINAL DE ANO, E D\u00c1 OUTRAS PROVID\u00caNCIAS."}, {"id": "5411", "ano": "2022", "numero": "2874", "tipo__sigla": "LEI", "tipo__descricao": "Lei Ordin\u00e1ria", "texto_integral": "http://sapl.sarandi.pr.leg.br/media/sapl/public/normajuridica/2022/5411/lei_no_2874-2022_para_o_site.pdf", "ementa": "Estabelece diretrizes para implanta\u00e7\u00e3o do \u201cPrograma Material Escolar Solid\u00e1rio\u201d no Munic\u00edpio de Sarandi e d\u00e1 outras provid\u00eancias."}, {"id": "5413", "ano": "2022", "numero": "118", "tipo__sigla": "POR", "tipo__descricao": "Portaria", "texto_integral": "http://sapl.sarandi.pr.leg.br/media/sapl/public/normajuridica/2022/5413/portaria_no118-2022_para_site.pdf", "ementa": "REVOGA PORTARIAS DE COMISS\u00d5ES, DIRETORIAS, CHEFIAS E ATRIBUI\u00c7\u00d5ES DE FUN\u00c7\u00d5ES GRATIFICADAS E D\u00c1 OUTRAS PROVID\u00caNCIAS."}, {"id": "5412", "ano": "2022", "numero": "117", "tipo__sigla": "POR", "tipo__descricao": "Portaria", "texto_integral": "http://sapl.sarandi.pr.leg.br/media/sapl/public/normajuridica/2022/5412/portaria_no117-2022_para_site.pdf", "ementa": "CONCEDE PROGRESS\u00c3O FUNCIONAL POR MERECIMENTO AO SERVIDOR JO\u00c3O LEONARDO PINELLI MILHAN E D\u00c1 OUTRAS PROVID\u00caNCIAS."}, {"id": "5410", "ano": "2022", "numero": "2873", "tipo__sigla": "LEI", "tipo__descricao": "Lei Ordin\u00e1ria", "texto_integral": "http://sapl.sarandi.pr.leg.br/media/sapl/public/normajuridica/2022/5410/lei_no_2873-2022_para_o_site.pdf", "ementa": "Estima a Receita e fixa a Despesa do Munic\u00edpio de Sarandi para o exerc\u00edcio de 2023, na forma que especifica."}, {"id": "5409", "ano": "2022", "numero": "2872", "tipo__sigla": "LEI", "tipo__descricao": "Lei Ordin\u00e1ria", "texto_integral": "http://sapl.sarandi.pr.leg.br/media/sapl/public/normajuridica/2022/5409/lei_no_2872-2022_para_o_site.pdf", "ementa": "Disp\u00f5e sobre a altera\u00e7\u00e3o dos Anexos do PPA - Plano Plurianual do Munic\u00edpio de Sarandi do quadri\u00eanio 2022 a 2025, na forma que especifica."}, {"id": "5388", "ano": "2022", "numero": "2871", "tipo__sigla": "LEI", "tipo__descricao": "Lei Ordin\u00e1ria", "texto_integral": "http://sapl.sarandi.pr.leg.br/media/sapl/public/normajuridica/2022/5388/lei_no_2871-2022_para_o_site.pdf", "ementa": "Disp\u00f5e sobre a institui\u00e7\u00e3o da Campanha Municipal de Orienta\u00e7\u00e3o a Idosos contra Fraudes e Golpes na Internet, e d\u00e1 outras provid\u00eancias"}, {"id": "5408", "ano": "2022", "numero": "116", "tipo__sigla": "POR", "tipo__descricao": "Portaria", "texto_integral": "http://sapl.sarandi.pr.leg.br/media/sapl/public/normajuridica/2022/5408/portaria_n_o116-2022_para_site.pdf", "ementa": "DESIGNA SERVIDOR DHYMISON DA SILVA RAMOS, PARA FISCALIZA\u00c7\u00c3O DE CONTRATO, E D\u00c1 OUTRAS PROVID\u00caNCIAS."}, {"id": "5407", "ano": "2022", "numero": "115", "tipo__sigla": "POR", "tipo__descricao": "Portaria", "texto_integral": "http://sapl.sarandi.pr.leg.br/media/sapl/public/normajuridica/2022/5407/portaria_no115-2022_para_site.pdf", "ementa": "CONCEDE PROGRESS\u00c3O FUNCIONAL POR TITULA\u00c7\u00c3O AO SERVIDOR LUCAS ATALIBA RANTIN DE CARVALHO E D\u00c1 OUTRAS PROVID\u00caNCIAS."}, {"id": "5406", "ano": "2022", "numero": "114", "tipo__sigla": "POR", "tipo__descricao": "Portaria", "texto_integral": "http://sapl.sarandi.pr.leg.br/media/sapl/public/normajuridica/2022/5406/portaria_no114-2022_para_site.pdf", "ementa": "CONCEDE PROGRESS\u00c3O FUNCIONAL POR MERECIMENTO A SERVIDORA LUZIA AZEVEDO DIAS E D\u00c1 OUTRAS PROVID\u00caNCIAS."}, {"id": "5405", "ano": "2022", "numero": "113", "tipo__sigla": "POR", "tipo__descricao": "Portaria", "texto_integral": "http://sapl.sarandi.pr.leg.br/media/sapl/public/normajuridica/2022/5405/portaria_no113-2022_para_site.pdf", "ementa": "CONCEDE PROGRESS\u00c3O FUNCIONAL POR MERECIMENTO A SERVIDORA D\u00c9BORA APARECIDA DE SOUZA E D\u00c1 OUTRAS PROVID\u00caNCIAS."}, {"id": "5404", "ano": "2022", "numero": "112", "tipo__sigla": "POR", "tipo__descricao": "Portaria", "texto_integral": "http://sapl.sarandi.pr.leg.br/media/sapl/public/normajuridica/2022/5404/portaria_no112-2022_para_site.pdf", "ementa": "CONCEDE PROGRESS\u00c3O FUNCIONAL POR MERECIMENTO AO SERVIDOR DHYMISON DA SILVA RAMOS E D\u00c1 OUTRAS PROVID\u00caNCIAS."}, {"id": "5403", "ano": "2022", "numero": "111", "tipo__sigla": "POR", "tipo__descricao": "Portaria", "texto_integral": "http://sapl.sarandi.pr.leg.br/media/sapl/public/normajuridica/2022/5403/portaria_no111-2022_para_site.pdf", "ementa": "CONCEDE PROGRESS\u00c3O FUNCIONAL POR MERECIMENTO AO SERVIDOR JO\u00c3O ROBERTO DOS SANTOS LOPES E D\u00c1 OUTRAS PROVID\u00caNCIAS."}, {"id": "5402", "ano": "2022", "numero": "110", "tipo__sigla": "POR", "tipo__descricao": "Portaria", "texto_integral": "http://sapl.sarandi.pr.leg.br/media/sapl/public/normajuridica/2022/5402/portaria_no110-2022_para_site.pdf", "ementa": "CONCEDE PROGRESS\u00c3O FUNCIONAL POR CAPACITA\u00c7\u00c3O A SERVIDORA D\u00c9BORA APARECIDA DE SOUZA E D\u00c1 OUTRAS PROVID\u00caNCIAS."}, {"id": "5401", "ano": "2022", "numero": "109", "tipo__sigla": "POR", "tipo__descricao": "Portaria", "texto_integral": "http://sapl.sarandi.pr.leg.br/media/sapl/public/normajuridica/2022/5401/portaria_no109-2022_para_site.pdf", "ementa": "CONCEDE PROGRESS\u00c3O FUNCIONAL POR CAPACITA\u00c7\u00c3O A SERVIDORA CAMILA DE SOUZA BUENO DOS SANTOS E D\u00c1 OUTRAS PROVID\u00caNCIAS."}, {"id": "5400", "ano": "2022", "numero": "108", "tipo__sigla": "POR", "tipo__descricao": "Portaria", "texto_integral": "http://sapl.sarandi.pr.leg.br/media/sapl/public/normajuridica/2022/5400/portaria_no108-2022_para_site.pdf", "ementa": "CONCEDE PROGRESS\u00c3O FUNCIONAL POR TITULA\u00c7\u00c3O AO SERVIDOR DHYMISON DA SILVA RAMOS E D\u00c1 OUTRAS PROVID\u00caNCIAS."}, {"id": "5399", "ano": "2022", "numero": "107", "tipo__sigla": "POR", "tipo__descricao": "Portaria", "texto_integral": "http://sapl.sarandi.pr.leg.br/media/sapl/public/normajuridica/2022/5399/portaria_no107-2022_para_site.pdf", "ementa": "CONCEDE PROGRESS\u00c3O FUNCIONAL POR TITULA\u00c7\u00c3O A SERVIDORA CAMILA DE SOUZA BUENO DOS SANTOS E D\u00c1 OUTRAS PROVID\u00caNCIAS."}, {"id": "5398", "ano": "2022", "numero": "106", "tipo__sigla": "POR", "tipo__descricao": "Portaria", "texto_integral": "http://sapl.sarandi.pr.leg.br/media/sapl/public/normajuridica/2022/5398/portaria_no106-2022_para_site.pdf", "ementa": "ENQUADRA A SERVIDORA CAMILA DE SOUZA BUENO DOS SANTOS E D\u00c1 OUTRAS PROVID\u00caNCIAS."}, {"id": "5397", "ano": "2022", "numero": "105", "tipo__sigla": "POR", "tipo__descricao": "Portaria", "texto_integral": "http://sapl.sarandi.pr.leg.br/media/sapl/public/normajuridica/2022/5397/portaria_no105-2022_para_site.pdf", "ementa": "CONCEDE PROGRESS\u00c3O FUNCIONAL POR CAPACITA\u00c7\u00c3O AO SERVIDOR VAGNER RAFAEL VAZ E D\u00c1 OUTRAS PROVID\u00caNCIAS."}, {"id": "5396", "ano": "2022", "numero": "104", "tipo__sigla": "POR", "tipo__descricao": "Portaria", "texto_integral": "http://sapl.sarandi.pr.leg.br/media/sapl/public/normajuridica/2022/5396/portaria_no104-2022_para_site.pdf", "ementa": "CONCEDE PROGRESS\u00c3O FUNCIONAL POR TITULA\u00c7\u00c3O AO SERVIDOR VAGNER RAFAEL VAZ E D\u00c1 OUTRAS PROVID\u00caNCIAS."}, {"id": "5395", "ano": "2022", "numero": "103", "tipo__sigla": "POR", "tipo__descricao": "Portaria", "texto_integral": "http://sapl.sarandi.pr.leg.br/media/sapl/public/normajuridica/2022/5395/portaria_no103-2022_para_site.pdf", "ementa": "CONCEDE PROGRESS\u00c3O FUNCIONAL POR TITULA\u00c7\u00c3O A SERVIDORA MARCELA FRITZ DE LIMA MURATORI E D\u00c1 OUTRAS PROVID\u00caNCIAS."}, {"id": "5394", "ano": "2022", "numero": "102", "tipo__sigla": "POR", "tipo__descricao": "Portaria", "texto_integral": "http://sapl.sarandi.pr.leg.br/media/sapl/public/normajuridica/2022/5394/portaria_no102-2022_para_site.pdf", "ementa": "CONCEDE PROGRESS\u00c3O FUNCIONAL POR TITULA\u00c7\u00c3O A SERVIDORA SANDRA DA MATA CLEMENTE DUARTE E D\u00c1 OUTRAS PROVID\u00caNCIAS."}, {"id": "5393", "ano": "2022", "numero": "101", "tipo__sigla": "POR", "tipo__descricao": "Portaria", "texto_integral": "http://sapl.sarandi.pr.leg.br/media/sapl/public/normajuridica/2022/5393/portaria_no101-2022_para_site.pdf", "ementa": "CONCEDE PROGRESS\u00c3O FUNCIONAL POR TITULA\u00c7\u00c3O A SERVIDORA LUZIA AZEVEDO DIAS E D\u00c1 OUTRAS PROVID\u00caNCIAS."}, {"id": "5392", "ano": "2022", "numero": "100", "tipo__sigla": "POR", "tipo__descricao": "Portaria", "texto_integral": "http://sapl.sarandi.pr.leg.br/media/sapl/public/normajuridica/2022/5392/portaria_no100-2022_para_site.pdf", "ementa": "CONCEDE PROGRESS\u00c3O FUNCIONAL POR TITULA\u00c7\u00c3O AO SERVIDOR JO\u00c3O ROBERTO DOS SANTOS LOPES E D\u00c1 OUTRAS PROVID\u00caNCIAS."}, {"id": "5391", "ano": "2022", "numero": "99", "tipo__sigla": "POR", "tipo__descricao": "Portaria", "texto_integral": "http://sapl.sarandi.pr.leg.br/media/sapl/public/normajuridica/2022/5391/portaria_no099-2022_para_site.pdf", "ementa": "CONCEDE PROGRESS\u00c3O FUNCIONAL POR TITULA\u00c7\u00c3O A SERVIDORA D\u00c9BORA APARECIDA DE SOUZA E D\u00c1 OUTRAS PROVID\u00caNCIAS."}, {"id": "5390", "ano": "2022", "numero": "98", "tipo__sigla": "POR", "tipo__descricao": "Portaria", "texto_integral": "http://sapl.sarandi.pr.leg.br/media/sapl/public/normajuridica/2022/5390/portaria_no098-2022_para_site.pdf", "ementa": "CONCEDE PROGRESS\u00c3O FUNCIONAL POR CAPACITA\u00c7\u00c3O AO SERVIDOR MARLON BIF E D\u00c1 OUTRAS PROVID\u00caNCIAS."}, {"id": "5389", "ano": "2022", "numero": "97", "tipo__sigla": "POR", "tipo__descricao": "Portaria", "texto_integral": "http://sapl.sarandi.pr.leg.br/media/sapl/public/normajuridica/2022/5389/portaria_no097-2022_para_site.pdf", "ementa": "CONCEDE PROGRESS\u00c3O FUNCIONAL POR TITULA\u00c7\u00c3O AO SERVIDOR MARLON BIF E D\u00c1 OUTRAS PROVID\u00caNCIAS."}, {"id": "5387", "ano": "2022", "numero": "96", "tipo__sigla": "POR", "tipo__descricao": "Portaria", "texto_integral": "http://sapl.sarandi.pr.leg.br/media/sapl/public/normajuridica/2022/5387/portaria_no096-2022_para_site.pdf", "ementa": "ENQUADRA SERVIDORES EFETIVOS DA C\u00c2MARA MUNICIPAL DENTRO NO NOVO PLANO DE CARGOS E SAL\u00c1RIOS."}, {"id": "5386", "ano": "2022", "numero": "95", "tipo__sigla": "POR", "tipo__descricao": "Portaria", "texto_integral": "http://sapl.sarandi.pr.leg.br/media/sapl/public/normajuridica/2022/5386/portaria_no095-2022_para_site.pdf", "ementa": "DESIGNA COMISS\u00c3O ESPECIAL DE ENQUADRAMENTO, CONFORME \u00a7 1\u00ba DO ART. 81 DA LEI N\u00ba 2.869, DE 1 DE DEZEMBRO DE 2022."}, {"id": "5385", "ano": "2022", "numero": "2870", "tipo__sigla": "LEI", "tipo__descricao": "Lei Ordin\u00e1ria", "texto_integral": "http://sapl.sarandi.pr.leg.br/media/sapl/public/normajuridica/2022/5385/lei_no_2870-2022_para_o_site.pdf", "ementa": "Altera os valores de premia\u00e7\u00f5es, de que tratam os Par\u00e1grafos 1\u00ba e 2\u00ba, do artigo 3\u00ba, da Lei Municipal n\u00ba 2755/2021, na forma que especifica."}, {"id": "5384", "ano": "2022", "numero": "7", "tipo__sigla": "ATP", "tipo__descricao": "Ato da Presid\u00eancia", "texto_integral": "http://sapl.sarandi.pr.leg.br/media/sapl/public/normajuridica/2022/5384/ato_da_presidencia_no_007-2022_sapl.pdf", "ementa": "Adianta o hor\u00e1rio da 42\u00aa Sess\u00e3o Ordin\u00e1ria do dia 05/12/2022 para as 13 horas e 30 minutos."}, {"id": "5383", "ano": "2022", "numero": "2869", "tipo__sigla": "LEI", "tipo__descricao": "Lei Ordin\u00e1ria", "texto_integral": "http://sapl.sarandi.pr.leg.br/media/sapl/public/normajuridica/2022/5383/lei_no_2869-2022_para_o_site.pdf", "ementa": "Disp\u00f5e sobre o Plano de Cargos e Carreira dos Servidores da C\u00e2mara Municipal de Sarandi, Estado do Paran\u00e1 e d\u00e1 outras provid\u00eancias."}, {"id": "5382", "ano": "2022", "numero": "424", "tipo__sigla": "LC", "tipo__descricao": "Lei Complementar", "texto_integral": "http://sapl.sarandi.pr.leg.br/media/sapl/public/normajuridica/2022/5382/lei_complementar_no_424-2022_para_o_site.pdf", "ementa": "Disp\u00f5e sobre a altera\u00e7\u00e3o da Lei Complementar n\u00ba 265, de 22 de fevereiro de 2012, que estrutura a Secretaria Municipal de Tr\u00e2nsito, Transporte e Seguran\u00e7a P\u00fablica, na forma que especifica."}, {"id": "5381", "ano": "2022", "numero": "4", "tipo__sigla": "RES", "tipo__descricao": "Resolu\u00e7\u00e3o", "texto_integral": "http://sapl.sarandi.pr.leg.br/media/sapl/public/normajuridica/2022/5381/resolucao_no_004-2022_para_o_site.pdf", "ementa": "Institui o Sistema de Dispensa Eletr\u00f4nica no \u00e2mbito da C\u00e2mara Municipal de Sarandi, Estado do Paran\u00e1."}, {"id": "5380", "ano": "2022", "numero": "22", "tipo__sigla": "DL", "tipo__descricao": "Decreto Legislativo", "texto_integral": "http://sapl.sarandi.pr.leg.br/media/sapl/public/normajuridica/2022/5380/decreto_legislativo_no_022-2022_para_o_site.pdf", "ementa": "Disp\u00f5e sobre Aceita\u00e7\u00e3o do \"Veto n\u00ba 016/2022\", total ao Projeto de Lei n\u00ba 3.256/2022, de autoria da edil Keila Batista Zegobia \"Keila Zegobia\", o qual determina a coloca\u00e7\u00e3o obrigat\u00f3ria do c\u00f3digo de barras bidimensional QR (\"QR CODE\") em todas as placas de obras p\u00fablicas e nos canais audiovisuais de divulga\u00e7\u00e3o em que a obra \u00e9 divulgada, no munic\u00edpio de Sarandi, e d\u00e1 outras provid\u00eancias."}, {"id": "5379", "ano": "2022", "numero": "94", "tipo__sigla": "POR", "tipo__descricao": "Portaria", "texto_integral": "http://sapl.sarandi.pr.leg.br/media/sapl/public/normajuridica/2022/5379/portaria_no094-2022_para_site.pdf", "ementa": "DESIGNA SERVIDOR DHYMISON DA SILVA RAMOS, PARA FISCALIZA\u00c7\u00c3O DE CONTRATO, E D\u00c1 OUTRAS PROVID\u00caNCIAS."}, {"id": "5378", "ano": "2022", "numero": "93", "tipo__sigla": "POR", "tipo__descricao": "Portaria", "texto_integral": "http://sapl.sarandi.pr.leg.br/media/sapl/public/normajuridica/2022/5378/portaria_no093-2022_para_site.pdf", "ementa": "CONCEDE PROGRESS\u00c3O FUNCIONAL POR DESEMPENHO AO SERVIDOR RENAN AUGUSTO DOS SANTOS VOLPATTO E D\u00c1 OUTRAS PROVID\u00caNCIAS."}, {"id": "5377", "ano": "2022", "numero": "2868", "tipo__sigla": "LEI", "tipo__descricao": "Lei Ordin\u00e1ria", "texto_integral": "http://sapl.sarandi.pr.leg.br/media/sapl/public/normajuridica/2022/5377/lei_no_2868-2022_para_o_site.pdf", "ementa": "Autoriza o Poder Executivo Municipal a efetuar abertura Cr\u00e9dito Adicional Suplementar decorrente de opera\u00e7\u00e3o de cr\u00e9dito, na forma que especifica"}, {"id": "5376", "ano": "2022", "numero": "2867", "tipo__sigla": "LEI", "tipo__descricao": "Lei Ordin\u00e1ria", "texto_integral": "http://sapl.sarandi.pr.leg.br/media/sapl/public/normajuridica/2022/5376/lei_no_2867-2022_para_o_site.pdf", "ementa": "Disp\u00f5e sobre concess\u00e3o de subs\u00eddio financeiro para o servi\u00e7o p\u00fablico de transporte coletivo urbano de passageiros, e d\u00e1 outras provid\u00eancias."}, {"id": "5375", "ano": "2022", "numero": "2866", "tipo__sigla": "LEI", "tipo__descricao": "Lei Ordin\u00e1ria", "texto_integral": "http://sapl.sarandi.pr.leg.br/media/sapl/public/normajuridica/2022/5375/lei_no_2866-2022_para_o_site.pdf", "ementa": "Atribui denomina\u00e7\u00e3o a Pr\u00f3prio P\u00fablico Municipal, situado na Quadra 04, entre as Avenidas Rio Branco e Pioneiro Jos\u00e9 Laurindo da Silva e as Ruas um e Pioneiro Jo\u00e3o Francalin no Jardim Ouro Verde IV, na forma que especifica."}, {"id": "5374", "ano": "2022", "numero": "92", "tipo__sigla": "POR", "tipo__descricao": "Portaria", "texto_integral": "http://sapl.sarandi.pr.leg.br/media/sapl/public/normajuridica/2022/5374/portaria_no092-2022_para_site.pdf", "ementa": "CONCEDE LICEN\u00c7A ESPECIAL A SERVIDORA ANGELA ALVES DE ALMEIDA E D\u00c1 OUTRAS PROVID\u00caNCIAS."}, {"id": "5373", "ano": "2022", "numero": "2865", "tipo__sigla": "LEI", "tipo__descricao": "Lei Ordin\u00e1ria", "texto_integral": "http://sapl.sarandi.pr.leg.br/media/sapl/public/normajuridica/2022/5373/lei_no_2865-2022_para_o_site.pdf", "ementa": "Disp\u00f5e sobre a permiss\u00e3o da presen\u00e7a de doulas durante todo o per\u00edodo de trabalho de parto, parto e p\u00f3s-parto imediato, nas maternidades, casas de parto e estabelecimentos hospitalares cong\u00eaneres, das redes p\u00fablica e privada do Munic\u00edpio de Sarandi, e d\u00e1 outras provid\u00eancias."}, {"id": "5372", "ano": "2022", "numero": "21", "tipo__sigla": "DL", "tipo__descricao": "Decreto Legislativo", "texto_integral": "http://sapl.sarandi.pr.leg.br/media/sapl/public/normajuridica/2022/5372/decreto_legislativo_no_021-2022_para_o_site.pdf", "ementa": "Concede T\u00edtulo de Cidad\u00e3o Honor\u00e1rio ao Deputado Estadual Mauro Rafael Moraes e Silva \"Mauro Moraes\"."}, {"id": "5591", "ano": "2022", "numero": "1126", "tipo__sigla": "DE", "tipo__descricao": "Decreto Executivo", "texto_integral": "http://sapl.sarandi.pr.leg.br/media/sapl/public/normajuridica/2022/5591/decreto_executivo_no_1126-2022.pdf", "ementa": "CONSTITUI O CONSELHO MUNICIPAL DE DESENVOLVIMENTO URBANO, NA FORMA QUE ESPECIFICA."}, {"id": "5369", "ano": "2022", "numero": "4", "tipo__sigla": "IN", "tipo__descricao": "Instru\u00e7\u00e3o Normativa", "texto_integral": "http://sapl.sarandi.pr.leg.br/media/sapl/public/normajuridica/2022/5369/in_04-2022.pdf", "ementa": "REGULAMENTA O PROCEDIMENTO ADMINISTRATIVO DE CONTRATA\u00c7\u00d5ES DE BENS E SERVI\u00c7OS PELA C\u00c2MARA MUNICIPAL DE SARANDI."}, {"id": "5368", "ano": "2022", "numero": "2864", "tipo__sigla": "LEI", "tipo__descricao": "Lei Ordin\u00e1ria", "texto_integral": "http://sapl.sarandi.pr.leg.br/media/sapl/public/normajuridica/2022/5368/lei_no_2864-2022_para_o_site.pdf", "ementa": "Disp\u00f5e sobre a revoga\u00e7\u00e3o da Lei N\u00ba 2.669/2020, na forma que especifica."}, {"id": "5367", "ano": "2022", "numero": "2863", "tipo__sigla": "LEI", "tipo__descricao": "Lei Ordin\u00e1ria", "texto_integral": "http://sapl.sarandi.pr.leg.br/media/sapl/public/normajuridica/2022/5367/lei_no_2863-2022_para_o_site.pdf", "ementa": "Disp\u00f5e sobre a abertura de Cr\u00e9dito Adicional Especial e d\u00e1 outras provid\u00eancias."}, {"id": "5365", "ano": "2022", "numero": "2862", "tipo__sigla": "LEI", "tipo__descricao": "Lei Ordin\u00e1ria", "texto_integral": "http://sapl.sarandi.pr.leg.br/media/sapl/public/normajuridica/2022/5365/lei_no_2862-2022_para_o_site.pdf", "ementa": "D\u00e1 denomina\u00e7\u00e3o a Rua Projetada 2, situada no Jardim de Versalhes, na forma que especifica."}, {"id": "5364", "ano": "2022", "numero": "2861", "tipo__sigla": "LEI", "tipo__descricao": "Lei Ordin\u00e1ria", "texto_integral": "http://sapl.sarandi.pr.leg.br/media/sapl/public/normajuridica/2022/5364/lei_no_2861-2022_para_o_site.pdf", "ementa": "D\u00e1 denomina\u00e7\u00e3o a Rua Projetada 1, situada no Jardim de Versalhes, na forma que especifica.."}, {"id": "5366", "ano": "2022", "numero": "423", "tipo__sigla": "LC", "tipo__descricao": "Lei Complementar", "texto_integral": "http://sapl.sarandi.pr.leg.br/media/sapl/public/normajuridica/2022/5366/lei_complementar_no_423-2022_para_o_site.pdf", "ementa": "Altera a Lei Complementar n\u00ba 159, de 24 de novembro de 2007, e d\u00e1 outras provid\u00eancias."}, {"id": "5363", "ano": "2022", "numero": "91", "tipo__sigla": "POR", "tipo__descricao": "Portaria", "texto_integral": "http://sapl.sarandi.pr.leg.br/media/sapl/public/normajuridica/2022/5363/portaria_no091-2022_para_site.pdf", "ementa": "NOMEIA ENEIAS EDUARDO TEIXEIRA PARA O CARGO DE ASSESSOR LEGISLATIVO E D\u00c1 OUTRAS PROVID\u00caNCIAS."}, {"id": "5362", "ano": "2022", "numero": "90", "tipo__sigla": "POR", "tipo__descricao": "Portaria", "texto_integral": "http://sapl.sarandi.pr.leg.br/media/sapl/public/normajuridica/2022/5362/portaria_no_090-2022_para_site.pdf", "ementa": "CONCEDE LICEN\u00c7A ESPECIAL AO SERVIDOR DHYMISON DA SILVA RAMOS E D\u00c1 OUTRAS PROVID\u00caNCIAS."}, {"id": "5361", "ano": "2022", "numero": "89", "tipo__sigla": "POR", "tipo__descricao": "Portaria", "texto_integral": "http://sapl.sarandi.pr.leg.br/media/sapl/public/normajuridica/2022/5361/portaria_no089-2022_para_site.pdf", "ementa": "CONCEDE PROGRESS\u00c3O FUNCIONAL POR DESEMPENHO A SERVIDORA SANDRA DA MATA CLEMENTE DUARTE E D\u00c1 OUTRAS PROVID\u00caNCIAS."}, {"id": "5360", "ano": "2022", "numero": "88", "tipo__sigla": "POR", "tipo__descricao": "Portaria", "texto_integral": "http://sapl.sarandi.pr.leg.br/media/sapl/public/normajuridica/2022/5360/portaria_no088-2022_para_site.pdf", "ementa": "CONCEDE PROGRESS\u00c3O FUNCIONAL POR DESEMPENHO AO SERVIDOR LUCAS ATALIBA RANTIN DE CARVALHO E D\u00c1 OUTRAS PROVID\u00caNCIAS."}, {"id": "5359", "ano": "2022", "numero": "87", "tipo__sigla": "POR", "tipo__descricao": "Portaria", "texto_integral": "http://sapl.sarandi.pr.leg.br/media/sapl/public/normajuridica/2022/5359/portaria_no087-2022_para_site.pdf", "ementa": "CONCEDE PROGRESS\u00c3O FUNCIONAL POR DESEMPENHO A SERVIDORA CAMILA DE SOUZA BUENO DOS SANTOS E D\u00c1 OUTRAS PROVID\u00caNCIAS."}, {"id": "5358", "ano": "2022", "numero": "6", "tipo__sigla": "ATP", "tipo__descricao": "Ato da Presid\u00eancia", "texto_integral": "http://sapl.sarandi.pr.leg.br/media/sapl/public/normajuridica/2022/5358/ato_da_presidencia_no_006-2022_sapl.pdf", "ementa": "Disp\u00f5e sobre medidas internas a serem observadas por todos, em virtude dos da sele\u00e7\u00e3o brasileira durante a Copa do Mundo de 2022."}, {"id": "5357", "ano": "2022", "numero": "20", "tipo__sigla": "DL", "tipo__descricao": "Decreto Legislativo", "texto_integral": "http://sapl.sarandi.pr.leg.br/media/sapl/public/normajuridica/2022/5357/decreto_legislativo_no_020-2022_para_o_site.pdf", "ementa": "Concede T\u00edtulo de Cidad\u00e3o Benem\u00e9rito ao Senhor Orlando Aparecido Cavalaro, e d\u00e1 outras provid\u00eancias."}, {"id": "5346", "ano": "2022", "numero": "86", "tipo__sigla": "POR", "tipo__descricao": "Portaria", "texto_integral": "http://sapl.sarandi.pr.leg.br/media/sapl/public/normajuridica/2022/5346/portaria_no086-2022_para_site.pdf", "ementa": "CONCEDE LICEN\u00c7A ESPECIAL AO SERVIDOR JO\u00c3O LEONARDO PINELLI MILHAN E D\u00c1 OUTRAS PROVID\u00caNCIAS."}, {"id": "5345", "ano": "2022", "numero": "85", "tipo__sigla": "POR", "tipo__descricao": "Portaria", "texto_integral": "http://sapl.sarandi.pr.leg.br/media/sapl/public/normajuridica/2022/5345/portaria_no085-2022_para_site.pdf", "ementa": "CONCEDE LICEN\u00c7A ESPECIAL AO SERVIDOR JO\u00c3O LEONARDO PINELLI MILHAN E D\u00c1 OUTRAS PROVID\u00caNCIAS."}, {"id": "5344", "ano": "2022", "numero": "84", "tipo__sigla": "POR", "tipo__descricao": "Portaria", "texto_integral": "http://sapl.sarandi.pr.leg.br/media/sapl/public/normajuridica/2022/5344/portaria_no084-2022_para_site.pdf", "ementa": "EXONERA A SERVIDORA GABRIELA APARECIDA FITTIPALDI FIORATI E D\u00c1 OUTRAS PROVID\u00caNCIAS."}, {"id": "5348", "ano": "2022", "numero": "19", "tipo__sigla": "DL", "tipo__descricao": "Decreto Legislativo", "texto_integral": "http://sapl.sarandi.pr.leg.br/media/sapl/public/normajuridica/2022/5348/decreto_legislativo_no_019-2022_para_o_site.pdf", "ementa": "Disp\u00f5e sobre Aceita\u00e7\u00e3o do \"Veto n\u00ba 015/2022\", total ao Projeto de Lei n\u00ba 3.254, de autoria da edil Ireni Moura Farias \"Irene Moura\", o qual altera a Lei n\u00ba 2.803, de 17 de fevereiro de 2022, na forma que especifica."}, {"id": "5347", "ano": "2022", "numero": "18", "tipo__sigla": "DL", "tipo__descricao": "Decreto Legislativo", "texto_integral": "http://sapl.sarandi.pr.leg.br/media/sapl/public/normajuridica/2022/5347/decreto_legislativo_no_018-2022_para_o_site.pdf", "ementa": "Disp\u00f5e sobre Aceita\u00e7\u00e3o do \"Veto n\u00ba 014/2033\", Parcial ao Projeto de Lei n\u00ba 3.243, de autoria da edil Ireni Moura Farias \"Irene Moura\", o qual disp\u00f5e sobre a proibi\u00e7\u00e3o da pr\u00e1tica de viol\u00eancia f\u00edsica e psicol\u00f3gica no adestramento de animais dom\u00e9sticos ou ex\u00f3ticos no Munic\u00edpio de Sarandi e d\u00e1 outras provid\u00eancias."}, {"id": "5343", "ano": "2022", "numero": "422", "tipo__sigla": "LC", "tipo__descricao": "Lei Complementar", "texto_integral": "http://sapl.sarandi.pr.leg.br/media/sapl/public/normajuridica/2022/5343/lei_complementar_no_422-2022_para_o_site.pdf", "ementa": "Altera dispositivos da Lei Complementar n\u00ba 070, de 26 de dezembro de 2001, que disp\u00f5e sobre o Sistema Tribut\u00e1rio do Munic\u00edpio de Sarandi \"C\u00f3digo Tribut\u00e1rio\", e d\u00e1 outras provid\u00eancias."}, {"id": "5342", "ano": "2022", "numero": "421", "tipo__sigla": "LC", "tipo__descricao": "Lei Complementar", "texto_integral": "http://sapl.sarandi.pr.leg.br/media/sapl/public/normajuridica/2022/5342/lei_complementar_no_421-2022_para_o_site.pdf", "ementa": "Disp\u00f5e sobre a PVG - Planta de Valores Gen\u00e9ricos, na forma que especifica."}, {"id": "5341", "ano": "2022", "numero": "420", "tipo__sigla": "LC", "tipo__descricao": "Lei Complementar", "texto_integral": "http://sapl.sarandi.pr.leg.br/media/sapl/public/normajuridica/2022/5341/lei_complementar_no_420-2022_para_o_site.pdf", "ementa": "Altera dispositivos da Lei Complementar n\u00ba 070, de 26 de dezembro de 2001, que disp\u00f5e sobre o Sistema Tribut\u00e1rio do Munic\u00edpio de Sarandi \"C\u00f3digo Tribut\u00e1rio\", e d\u00e1 outras provid\u00eancias."}, {"id": "5340", "ano": "2022", "numero": "83", "tipo__sigla": "POR", "tipo__descricao": "Portaria", "texto_integral": "http://sapl.sarandi.pr.leg.br/media/sapl/public/normajuridica/2022/5340/portaria_no083-2022_para_site.pdf", "ementa": "DESIGNA SERVIDOR MARLON BIF, PARA FISCALIZA\u00c7\u00c3O DE CONTRATO, E D\u00c1 OUTRAS PROVID\u00caNCIAS."}, {"id": "5579", "ano": "2022", "numero": "1064", "tipo__sigla": "DE", "tipo__descricao": "Decreto Executivo", "texto_integral": "http://sapl.sarandi.pr.leg.br/media/sapl/public/normajuridica/2022/5579/decreto_executivo_no_1064-2022.pdf", "ementa": "REGULAMENTA OS LOCAIS E OS HOR\u00c1RIOS PARA REALIZA\u00c7\u00c3O DAS FEIRAS LIVRES, NA FORMA QUE ESPECIFICA."}, {"id": "5583", "ano": "2022", "numero": "1065", "tipo__sigla": "DE", "tipo__descricao": "Decreto Executivo", "texto_integral": "http://sapl.sarandi.pr.leg.br/media/sapl/public/normajuridica/2022/5583/decreto_executivo_no_1065-2022.pdf", "ementa": "DISP\u00d5E SOBRE A DEFINI\u00c7\u00c3O DO SISTEMA INFORMATIZADO A SER UTILIZADO COMO SISTEMA \u00daNICO E INTEGRADO DE EXECU\u00c7\u00c3O OR\u00c7AMENT\u00c1RIA, ADMINISTRA\u00c7\u00c3O FINANCEIRA E CONTROLE \u2013 SIAFIC, APLIC\u00c1VEL AO PODER LEGISLATIVO E PODER EXECUTIVO \u2013 ADMINISTRA\u00c7\u00c3O DIRETA E INDIRETA NOS TERMOS DO PAR\u00c1GRAFO \u00daNICO, DO ART. 18\u00ba, DO DECRETO FEDERAL N\u00ba 10.540, DE 5 DE NOVEMBRO DE 2020 E LEI MUNICIPAL N\u00ba 2.852, DE 31 DE AGOSTO DE 2022."}, {"id": "5338", "ano": "2022", "numero": "82", "tipo__sigla": "POR", "tipo__descricao": "Portaria", "texto_integral": "http://sapl.sarandi.pr.leg.br/media/sapl/public/normajuridica/2022/5338/portaria_no082-2022_para_site.pdf", "ementa": "DECLARA LUTO OFICIAL DE 3 DIAS EM VIRTUDE DE FALECIMENTO DO SENHOR JOS\u00c9 L\u00c1ZARO PEREIRA E DO SENHOR CARLOS LAURINDO DA SILVA."}, {"id": "5339", "ano": "2022", "numero": "4", "tipo__sigla": "EDA", "tipo__descricao": "Edital - Audi\u00eancia", "texto_integral": "http://sapl.sarandi.pr.leg.br/media/sapl/public/normajuridica/2022/5339/edital_de_convocacao_no_004-2022_sapl.pdf", "ementa": "AUDI\u00caNCIA PUBLICA PARA DISCUSS\u00c3O DOS PROJETOS DE LEIS OR\u00c7AMENT\u00c1RIOS PARA 2023."}, {"id": "5323", "ano": "2022", "numero": "2858", "tipo__sigla": "LEI", "tipo__descricao": "Lei Ordin\u00e1ria", "texto_integral": "http://sapl.sarandi.pr.leg.br/media/sapl/public/normajuridica/2022/5323/lei_no_2858-2022_para_o_site.pdf", "ementa": "Regulamenta as Gratifica\u00e7\u00f5es pelo exerc\u00edcio de Encargos Especiais na Caixa de Aposentadoria e Pens\u00e3o dos Servidores Municipais de Sarandi- PRESERV."}, {"id": "5322", "ano": "2022", "numero": "2857", "tipo__sigla": "LEI", "tipo__descricao": "Lei Ordin\u00e1ria", "texto_integral": "http://sapl.sarandi.pr.leg.br/media/sapl/public/normajuridica/2022/5322/lei_no_2857-2022_para_o_site.pdf", "ementa": "Disp\u00f5e sobre as fun\u00e7\u00f5es de confian\u00e7a da Autarquia Caixa de Aposentadoria e Pens\u00e3o dos Servidores Municipais de Sarandi PRESERV e d\u00e1 outras provid\u00eancias."}, {"id": "5337", "ano": "2022", "numero": "2860", "tipo__sigla": "LEI", "tipo__descricao": "Lei Ordin\u00e1ria", "texto_integral": "http://sapl.sarandi.pr.leg.br/media/sapl/public/normajuridica/2022/5337/lei_no_2860-2022_para_o_site.pdf", "ementa": "Disp\u00f5e sobre as fun\u00e7\u00f5es de confian\u00e7a do Poder Executivo do Munic\u00edpio de Sarandi, Estado do Paran\u00e1, e d\u00e1 outras provid\u00eancias."}, {"id": "5324", "ano": "2022", "numero": "2859", "tipo__sigla": "LEI", "tipo__descricao": "Lei Ordin\u00e1ria", "texto_integral": "http://sapl.sarandi.pr.leg.br/media/sapl/public/normajuridica/2022/5324/lei_no_2859-2022_para_o_site.pdf", "ementa": "Disp\u00f5e sobre as fun\u00e7\u00f5es de encargos especiais do Poder Executivo Municipal e d\u00e1 outras provid\u00eancias."}, {"id": "5316", "ano": "2022", "numero": "81", "tipo__sigla": "POR", "tipo__descricao": "Portaria", "texto_integral": "http://sapl.sarandi.pr.leg.br/media/sapl/public/normajuridica/2022/5316/portaria_no081-2022_para_site.pdf", "ementa": "CONCEDE PROGRESS\u00c3O FUNCIONAL POR DESEMPENHO AO SERVIDOR MARLON BIF E D\u00c1 OUTRAS PROVID\u00caNCIAS."}, {"id": "5315", "ano": "2022", "numero": "80", "tipo__sigla": "POR", "tipo__descricao": "Portaria", "texto_integral": "http://sapl.sarandi.pr.leg.br/media/sapl/public/normajuridica/2022/5315/portaria_no080-2022_para_site.pdf", "ementa": "CONCEDE PROGRESS\u00c3O FUNCIONAL POR DESEMPENHO A SERVIDORA MARCELA FRITZ DE LIMA MURATORI E D\u00c1 OUTRAS PROVID\u00caNCIAS."}, {"id": "5301", "ano": "2022", "numero": "79", "tipo__sigla": "POR", "tipo__descricao": "Portaria", "texto_integral": "http://sapl.sarandi.pr.leg.br/media/sapl/public/normajuridica/2022/5301/portaria_no079-2022_para_site.pdf", "ementa": "CONCEDE LICEN\u00c7A ESPECIAL A SERVIDORA D\u00c9BORA APARECIDA DE SOUZA E D\u00c1 OUTRAS PROVID\u00caNCIAS."}, {"id": "5590", "ano": "2022", "numero": "1025", "tipo__sigla": "DE", "tipo__descricao": "Decreto Executivo", "texto_integral": "http://sapl.sarandi.pr.leg.br/media/sapl/public/normajuridica/2022/5590/decreto_executivo_no_1025-2022.pdf", "ementa": "CONSTITUI O CONSELHO MUNICIPAL DE DESENVOLVIMENTO URBANO, NA FORMA QUE ESPECIFICA."}, {"id": "5321", "ano": "2022", "numero": "2856", "tipo__sigla": "LEI", "tipo__descricao": "Lei Ordin\u00e1ria", "texto_integral": "http://sapl.sarandi.pr.leg.br/media/sapl/public/normajuridica/2022/5321/lei_no_2856-2022_para_o_site.pdf", "ementa": "Disp\u00f5e sobre a Pol\u00edtica Municipal de Incentivo ao Livro e \u00e0 Cultura da Leitura e estabelece as suas diretrizes e d\u00e1 outras provid\u00eancia."}, {"id": "5320", "ano": "2022", "numero": "2855", "tipo__sigla": "LEI", "tipo__descricao": "Lei Ordin\u00e1ria", "texto_integral": "http://sapl.sarandi.pr.leg.br/media/sapl/public/normajuridica/2022/5320/lei_no_2855-2022_para_o_site.pdf", "ementa": "Disp\u00f5e sobre diretrizes para a implanta\u00e7\u00e3o do caf\u00e9 da manh\u00e3 nas Escolas e Centros de Educa\u00e7\u00e3o Municipal Infantil."}, {"id": "5319", "ano": "2022", "numero": "2854", "tipo__sigla": "LEI", "tipo__descricao": "Lei Ordin\u00e1ria", "texto_integral": "http://sapl.sarandi.pr.leg.br/media/sapl/public/normajuridica/2022/5319/lei_no_2854-2022_para_o_site.pdf", "ementa": "Altera o disposto no art. 2\u00b0 e Par\u00e1grafo \u00danico, bem como, o art. 4\u00b0, \u00a71\u00b0 e \u00a72\u00b0 da Lei n\u00ba 2.127/2014, que disp\u00f5e sobre a remo\u00e7\u00e3o de ve\u00edculos abandonados em vias e logradouros p\u00fablicos do Munic\u00edpio de Sarandi e d\u00e1 outras provid\u00eancias."}, {"id": "5318", "ano": "2022", "numero": "2853", "tipo__sigla": "LEI", "tipo__descricao": "Lei Ordin\u00e1ria", "texto_integral": "http://sapl.sarandi.pr.leg.br/media/sapl/public/normajuridica/2022/5318/lei_no_2853-2022_para_o_site.pdf", "ementa": "Altera a Lei n\u00ba 2. 704, de 19 de Julho de 2021, e d\u00e1 outras provid\u00eancias."}, {"id": "5317", "ano": "2022", "numero": "2852", "tipo__sigla": "LEI", "tipo__descricao": "Lei Ordin\u00e1ria", "texto_integral": "http://sapl.sarandi.pr.leg.br/media/sapl/public/normajuridica/2022/5317/lei_no_2852-2022_para_o_site.pdf", "ementa": "Disp\u00f5e sobre a institui\u00e7\u00e3o do Sistema \u00danico e Integrado de Execu\u00e7\u00e3o Or\u00e7ament\u00e1ria, Administra\u00e7\u00e3o Financeira e Controle- SIAFIC, aplic\u00e1vel ao Poder Legislativo e Poder Executivo- Administra\u00e7\u00e3o Direta e Indireta- nos termos do par\u00e1grafo \u00fanico, do art. 18\u00ba, do Decreto Federal n\u00ba 10.540, de 5 de novembro de 2020"}, {"id": "5314", "ano": "2022", "numero": "2851", "tipo__sigla": "LEI", "tipo__descricao": "Lei Ordin\u00e1ria", "texto_integral": "http://sapl.sarandi.pr.leg.br/media/sapl/public/normajuridica/2022/5314/lei_no_2851-2022_para_o_site.pdf", "ementa": "Disp\u00f5e sobre a abertura de Cr\u00e9dito Adicional e d\u00e1 outras provid\u00eancias"}, {"id": "5313", "ano": "2022", "numero": "2850", "tipo__sigla": "LEI", "tipo__descricao": "Lei Ordin\u00e1ria", "texto_integral": "http://sapl.sarandi.pr.leg.br/media/sapl/public/normajuridica/2022/5313/lei_no_2850-2022_para_o_site.pdf", "ementa": "Concede o T\u00edtulo de Utilidade P\u00fablica a Associa\u00e7\u00e3o das Ruas ao Pal\u00e1cio ADRAP."}, {"id": "5312", "ano": "2022", "numero": "2849", "tipo__sigla": "LEI", "tipo__descricao": "Lei Ordin\u00e1ria", "texto_integral": "http://sapl.sarandi.pr.leg.br/media/sapl/public/normajuridica/2022/5312/lei_no_2849-2022_para_o_site.pdf", "ementa": "Disp\u00f5e sobre a altera\u00e7\u00e3o do feriado de Anivers\u00e1rio do Munic\u00edpio, na forma que especifica."}, {"id": "5300", "ano": "2022", "numero": "78", "tipo__sigla": "POR", "tipo__descricao": "Portaria", "texto_integral": "http://sapl.sarandi.pr.leg.br/media/sapl/public/normajuridica/2022/5300/portaria_no078-2022_para_site.pdf", "ementa": "DESIGNA PROCURADORA DA MULHER E PROCURADORA ADJUNTA, NA FORMA QUE ESPECIFICA."}, {"id": "5311", "ano": "2022", "numero": "2848", "tipo__sigla": "LEI", "tipo__descricao": "Lei Ordin\u00e1ria", "texto_integral": "http://sapl.sarandi.pr.leg.br/media/sapl/public/normajuridica/2022/5311/lei_no_2848-2022_para_o_site.pdf", "ementa": "Disp\u00f5e sobre a proibi\u00e7\u00e3o da pr\u00e1tica de viol\u00eancia f\u00edsica e psicol\u00f3gica no adestramento de animais dom\u00e9sticos ou ex\u00f3ticos no Munic\u00edpio de Sarandi e d\u00e1 outras provid\u00eancias."}, {"id": "5310", "ano": "2022", "numero": "2847", "tipo__sigla": "LEI", "tipo__descricao": "Lei Ordin\u00e1ria", "texto_integral": "http://sapl.sarandi.pr.leg.br/media/sapl/public/normajuridica/2022/5310/lei_no_2847-2022_para_o_site.pdf", "ementa": "Concede o T\u00edtulo de Utilidade P\u00fablica a Associa\u00e7\u00e3o A\u00e7\u00e3o Toque Vidas."}, {"id": "5327", "ano": "2022", "numero": "419", "tipo__sigla": "LC", "tipo__descricao": "Lei Complementar", "texto_integral": "http://sapl.sarandi.pr.leg.br/media/sapl/public/normajuridica/2022/5327/lei_complementar_no_419-2022_para_o_site.pdf", "ementa": "Disp\u00f5e a Institui\u00e7\u00e3o do Aux\u00edlio Alimenta\u00e7\u00e3o aos servidores p\u00fablicos do Poder Legislativo do Munic\u00edpio de Sarandi, na forma que especifica."}, {"id": "5309", "ano": "2022", "numero": "2846", "tipo__sigla": "LEI", "tipo__descricao": "Lei Ordin\u00e1ria", "texto_integral": "http://sapl.sarandi.pr.leg.br/media/sapl/public/normajuridica/2022/5309/lei_no_2846-2022_para_o_site.pdf", "ementa": "Disp\u00f5e sobre a garantia de aquisi\u00e7\u00e3o de livros para deficientes visuais domiciliados no Munic\u00edpio de Sarandi e d\u00e1 outras provid\u00eancias."}, {"id": "5308", "ano": "2022", "numero": "2845", "tipo__sigla": "LEI", "tipo__descricao": "Lei Ordin\u00e1ria", "texto_integral": "http://sapl.sarandi.pr.leg.br/media/sapl/public/normajuridica/2022/5308/lei_no_2845-2022_para_o_site.pdf", "ementa": "Autoriza o Poder Executivo Municipal a efetuar a cobran\u00e7a de contribui\u00e7\u00e3o de melhoria em decorr\u00eancia de execu\u00e7\u00e3o de pavimenta\u00e7\u00e3o asf\u00e1ltica no Jardim Ana Eliza e no Jardim Imperial - Sarandi, Estado do Paran\u00e1."}, {"id": "5307", "ano": "2022", "numero": "2844", "tipo__sigla": "LEI", "tipo__descricao": "Lei Ordin\u00e1ria", "texto_integral": "http://sapl.sarandi.pr.leg.br/media/sapl/public/normajuridica/2022/5307/lei_no_2844-2022_para_o_site.pdf", "ementa": "Disp\u00f5e sobre a denomina\u00e7\u00e3o da UBS Oriental neste munic\u00edpio."}, {"id": "5306", "ano": "2022", "numero": "2843", "tipo__sigla": "LEI", "tipo__descricao": "Lei Ordin\u00e1ria", "texto_integral": "http://sapl.sarandi.pr.leg.br/media/sapl/public/normajuridica/2022/5306/lei_no_2843-2022_para_o_site.pdf", "ementa": "D\u00e1 denomina\u00e7\u00e3o o pr\u00f3prio publico municipal, situado na quadra 71, entre as Avenidas Jos\u00e9 Povoas da Silva e Abel Pedrogam no Loteamento Ecovalley, na forma que especifica."}, {"id": "5305", "ano": "2022", "numero": "2842", "tipo__sigla": "LEI", "tipo__descricao": "Lei Ordin\u00e1ria", "texto_integral": "http://sapl.sarandi.pr.leg.br/media/sapl/public/normajuridica/2022/5305/lei_no_2842-2022_para_o_site.pdf", "ementa": "D\u00e1 denomina\u00e7\u00e3o a Rua 05, situada no Jardim Novo Bertioga"}, {"id": "5304", "ano": "2022", "numero": "2841", "tipo__sigla": "LEI", "tipo__descricao": "Lei Ordin\u00e1ria", "texto_integral": "http://sapl.sarandi.pr.leg.br/media/sapl/public/normajuridica/2022/5304/lei_no_2841-2022_para_o_site.pdf", "ementa": "D\u00e1 denomina\u00e7\u00e3o a Rua 01, situada no Jardim Novo Bertioga, na forma que especifica."}, {"id": "5303", "ano": "2022", "numero": "2840", "tipo__sigla": "LEI", "tipo__descricao": "Lei Ordin\u00e1ria", "texto_integral": "http://sapl.sarandi.pr.leg.br/media/sapl/public/normajuridica/2022/5303/lei_no_2840-2022_para_o_site.pdf", "ementa": "D\u00e1 denomina\u00e7\u00e3o a Unidade B\u00e1sica de Sa\u00fade, do Lote 20A Quadra 20 situada na Avenida Amazonas do Jardim Nova Alian\u00e7a"}, {"id": "5326", "ano": "2022", "numero": "418", "tipo__sigla": "LC", "tipo__descricao": "Lei Complementar", "texto_integral": "http://sapl.sarandi.pr.leg.br/media/sapl/public/normajuridica/2022/5326/lei_complementar_no_418-2022_para_o_site.pdf", "ementa": "Altera a Lei Complementar n\u00ba 355, de 11 de dezembro de 2017, na forma que especifica."}, {"id": "5336", "ano": "2022", "numero": "17", "tipo__sigla": "DL", "tipo__descricao": "Decreto Legislativo", "texto_integral": "http://sapl.sarandi.pr.leg.br/media/sapl/public/normajuridica/2022/5336/decreto_legislativo_no_017-2022_para_o_site.pdf", "ementa": "Disp\u00f5e sobre Aceita\u00e7\u00e3o do \"Veto n\u00ba 013/2022\", total ao Projeto de Lei n\u00ba 3.250/2022, do Poder Executivo, o qual disp\u00f5e sobre as fun\u00e7\u00f5es gratificadas pelo exerc\u00edcio de encargos especiais na Autarquia Caixa de Aposentadoria e Pens\u00e3o dos Servidores Municipais de Sarandi - PRESERV e d\u00e1 outras provid\u00eancias."}, {"id": "5335", "ano": "2022", "numero": "16", "tipo__sigla": "DL", "tipo__descricao": "Decreto Legislativo", "texto_integral": "http://sapl.sarandi.pr.leg.br/media/sapl/public/normajuridica/2022/5335/decreto_legislativo_no_016-2022_para_o_site.pdf", "ementa": "Disp\u00f5e sobre Aceita\u00e7\u00e3o do \"Veto n\u00ba 012/2022\", total ao Projeto de Lei n\u00ba 3.249/2022, do Poder Executivo, o qual disp\u00f5e sobre as fun\u00e7\u00f5es de confian\u00e7a da Autarquia Caixa de Aposentadoria e Pens\u00e3o dos Servidores Municipais de Sarandi - PRESERV e d\u00e1 outras provid\u00eancias."}, {"id": "5334", "ano": "2022", "numero": "15", "tipo__sigla": "DL", "tipo__descricao": "Decreto Legislativo", "texto_integral": "http://sapl.sarandi.pr.leg.br/media/sapl/public/normajuridica/2022/5334/decreto_legislativo_no_015-2022_para_o_site.pdf", "ementa": "Disp\u00f5e sobre aceita\u00e7\u00e3o do \"Veto n\u00ba 011/2022\", total ao Projeto de Lei n\u00ba 3.236/2022, do Poder Executivo, o qual disp\u00f5e sobre as fun\u00e7\u00f5es gratificadas pelo exerc\u00edcio de encargos especiais do Poder Executivo Municipal e d\u00e1 outras provid\u00eancias."}, {"id": "5333", "ano": "2022", "numero": "14", "tipo__sigla": "DL", "tipo__descricao": "Decreto Legislativo", "texto_integral": "http://sapl.sarandi.pr.leg.br/media/sapl/public/normajuridica/2022/5333/decreto_legislativo_no_014-2022_para_o_site.pdf", "ementa": "Disp\u00f5e sobre Aceita\u00e7\u00e3o do \"Veto n\u00ba 010/2022\", total ao Projeto de Lei n\u00ba 3.235/2022, do Poder Executivo, o qual disp\u00f5e sobre as fun\u00e7\u00f5es de confian\u00e7a do Poder Executivo do Munic\u00edpio de Sarandi, Estado do Paran\u00e1, e d\u00e1 outras provid\u00eancias."}, {"id": "5332", "ano": "2022", "numero": "13", "tipo__sigla": "DL", "tipo__descricao": "Decreto Legislativo", "texto_integral": "http://sapl.sarandi.pr.leg.br/media/sapl/public/normajuridica/2022/5332/decreto_legislativo_no_013-2022_para_o_site.pdf", "ementa": "Disp\u00f5e sobre Aceita\u00e7\u00e3o do \"Veto n\u00ba 009/2022\", parcial ao Projeto de Lei Complementar n\u00ba 540/2022, do Poder Executivo, o qual altera a Lei Complementar n\u00ba 10, de 27 de dezembro de 1992 - Estatuto dos Servidores P\u00fablicos do Munic\u00edpio de Sarandi e d\u00e1 outras provid\u00eancias."}, {"id": "5331", "ano": "2022", "numero": "12", "tipo__sigla": "DL", "tipo__descricao": "Decreto Legislativo", "texto_integral": "http://sapl.sarandi.pr.leg.br/media/sapl/public/normajuridica/2022/5331/decreto_legislativo_no_012-2022_para_o_site.pdf", "ementa": "Disp\u00f5e sobre Rejei\u00e7\u00e3o do \"Veto n\u00ba 005/2022\", total ao Projeto de Lei n\u00ba 3.157/2021, de autoria do edil Erasmo Cardoso Pereira, o qual disp\u00f5e sobre a Pol\u00edtica Municipal de Incentivo ao Livro e \u00e0 Cultura da Leitura e estabelece as suas diretrizes e d\u00e1 outras provid\u00eancias."}, {"id": "5330", "ano": "2022", "numero": "11", "tipo__sigla": "DL", "tipo__descricao": "Decreto Legislativo", "texto_integral": "http://sapl.sarandi.pr.leg.br/media/sapl/public/normajuridica/2022/5330/decreto_legislativo_no_011-2022_para_o_site.pdf", "ementa": "Disp\u00f5e sobre Aceita\u00e7\u00e3o do \"Veto n\u00ba 008/2022\", Total ao Projeto de Lei n\u00ba 3.228/2022, de autoria do edil F\u00e1bio de Souza Silveira \"Balako\", o qual d\u00e1 denomina\u00e7\u00e3o ao pr\u00f3prio p\u00fablico municipal, situado na Quadra 04, entre as Avenidas Jo\u00e3o Marangoni, Rio Branco e Pioneiro Jos\u00e9 Laurindo da Silva e a Rua Pioneiro Jo\u00e3o Francalin no Jardim Ouro Verde IV, na forma que especifica."}, {"id": "5329", "ano": "2022", "numero": "10", "tipo__sigla": "DL", "tipo__descricao": "Decreto Legislativo", "texto_integral": "http://sapl.sarandi.pr.leg.br/media/sapl/public/normajuridica/2022/5329/decreto_legislativo_no_010-2022_para_o_site.pdf", "ementa": "Disp\u00f5e sobre Rejei\u00e7\u00e3o do \"Veto n\u00ba 007/2022\", total ao Projeto de Lei n\u00ba 3.200/2022, de autoria da edil Keila Batista Zegobia, o qual disp\u00f5e sobre diretrizes para a implanta\u00e7\u00e3o do caf\u00e9 da manh\u00e3 nas Escolas e Centros de Educa\u00e7\u00e3o Municipal Infantil."}, {"id": "5328", "ano": "2022", "numero": "9", "tipo__sigla": "DL", "tipo__descricao": "Decreto Legislativo", "texto_integral": "http://sapl.sarandi.pr.leg.br/media/sapl/public/normajuridica/2022/5328/decreto_legislativo_no_009-2022_para_o_site.pdf", "ementa": "Disp\u00f5e sobre Aceita\u00e7\u00e3o do \"Veto n\u00ba 006/2022\", total ao Projeto de Lei n\u00ba 3.159/2021, de autoria do Edil Dionio Aparecido Viaro, o qual disp\u00f5e sobre a pr\u00e1tica de pipa esportiva em locais denominados como pip\u00f3dromos no \u00e2mbito do munic\u00edpio de Sarandi e d\u00e1 outras provid\u00eancias."}, {"id": "5302", "ano": "2022", "numero": "2839", "tipo__sigla": "LEI", "tipo__descricao": "Lei Ordin\u00e1ria", "texto_integral": "http://sapl.sarandi.pr.leg.br/media/sapl/public/normajuridica/2022/5302/lei_no_2839-2022_para_o_site.pdf", "ementa": "Altera a Lei n\u00ba 2.814, de 14 de mar\u00e7o de 2022, na forma que especifica."}, {"id": "5325", "ano": "2022", "numero": "417", "tipo__sigla": "LC", "tipo__descricao": "Lei Complementar", "texto_integral": "http://sapl.sarandi.pr.leg.br/media/sapl/public/normajuridica/2022/5325/lei_complementar_no_417-2022_para_o_site.pdf", "ementa": "Disp\u00f5e sobre o pagamento do Piso Salarial Nacional de Agente Comunit\u00e1rio de Sa\u00fade e do Agente de Controle de Endemias nos termos da Emenda Constitucional n\u00ba 120/2022, e d\u00e1 outras provid\u00eancias."}, {"id": "5297", "ano": "2022", "numero": "77", "tipo__sigla": "POR", "tipo__descricao": "Portaria", "texto_integral": "http://sapl.sarandi.pr.leg.br/media/sapl/public/normajuridica/2022/5297/portaria_no077-2022_para_site.pdf", "ementa": "DESIGNA SERVIDOR JO\u00c3O ROBERTO DOS SANTOS LOPES, PARA FISCALIZA\u00c7\u00c3O DE CONTRATO, E D\u00c1 OUTRAS PROVID\u00caNCIAS."}, {"id": "5371", "ano": "2022", "numero": "3", "tipo__sigla": "IN", "tipo__descricao": "Instru\u00e7\u00e3o Normativa", "texto_integral": "http://sapl.sarandi.pr.leg.br/media/sapl/public/normajuridica/2022/5371/in_03-2022.pdf", "ementa": "REGULAMENTA A VEICULA\u00c7\u00c3O DE PROPAGANDA ELEITORAL NO \u00c2MBITO DO PODER LEGISLATIVO MUNICIPAL E D\u00c1 OUTRAS PROVID\u00caNCIAS."}, {"id": "5370", "ano": "2022", "numero": "2", "tipo__sigla": "IN", "tipo__descricao": "Instru\u00e7\u00e3o Normativa", "texto_integral": "http://sapl.sarandi.pr.leg.br/media/sapl/public/normajuridica/2022/5370/in_02-2022.pdf", "ementa": "DISP\u00d5E SOBRE NORMAS E PROCEDIMENTOS PARA A UTILIZA\u00c7\u00c3O DE VE\u00cdCULOS OFICIAIS DA C\u00c2MARA MUNICIPAL DE SARANDI \u2013 PR."}, {"id": "5296", "ano": "2022", "numero": "76", "tipo__sigla": "POR", "tipo__descricao": "Portaria", "texto_integral": "http://sapl.sarandi.pr.leg.br/media/sapl/public/normajuridica/2022/5296/portaria_no076-2022_para_site.pdf", "ementa": "CONCEDE PROGRESS\u00c3O POR APERFEI\u00c7OAMENTO E CAPACITA\u00c7\u00c3O AO SERVIDOR AN\u00c9SIO JOS\u00c9 DA SILVA E D\u00c1 OUTRAS PROVID\u00caNCIAS."}, {"id": "5295", "ano": "2022", "numero": "75", "tipo__sigla": "POR", "tipo__descricao": "Portaria", "texto_integral": "http://sapl.sarandi.pr.leg.br/media/sapl/public/normajuridica/2022/5295/portaria_no075-2022_para_site.pdf", "ementa": "NOMEIA COMISS\u00c3O ESPECIAL DE RECEBIMENTO E D\u00c1 OUTRAS PROVID\u00caNCIAS."}, {"id": "5294", "ano": "2022", "numero": "74", "tipo__sigla": "POR", "tipo__descricao": "Portaria", "texto_integral": "http://sapl.sarandi.pr.leg.br/media/sapl/public/normajuridica/2022/5294/portaria_no074-2022_para_site.pdf", "ementa": "DESIGNA SERVIDORA ANGELA ALVES DE ALMEIDA, PARA GEST\u00c3O E FISCALIZA\u00c7\u00c3O DE CONTRATO, E D\u00c1 OUTRAS PROVID\u00caNCIAS."}, {"id": "5497", "ano": "2022", "numero": "1006", "tipo__sigla": "DE", "tipo__descricao": "Decreto Executivo", "texto_integral": "http://sapl.sarandi.pr.leg.br/media/sapl/public/normajuridica/2022/5497/decreto_executivo_no_1006-2022.pdf", "ementa": "DISP\u00d5E SOBRE A REGULAMENTA\u00c7\u00c3O DOS PROCEDIMENTOS ADOTADOS PELA CORREGEDORIA MUNICIPAL DE SARANDI."}, {"id": "5299", "ano": "2022", "numero": "8", "tipo__sigla": "DL", "tipo__descricao": "Decreto Legislativo", "texto_integral": "http://sapl.sarandi.pr.leg.br/media/sapl/public/normajuridica/2022/5299/decreto_legislativo_no_008-2022_para_o_site.pdf", "ementa": "Outorga T\u00edtulo Benem\u00e9rito a Exma. Sra. Alu\u00edza de Lima Gomes, e d\u00e1 outras provid\u00eancias."}, {"id": "5298", "ano": "2022", "numero": "3", "tipo__sigla": "RES", "tipo__descricao": "Resolu\u00e7\u00e3o", "texto_integral": "http://sapl.sarandi.pr.leg.br/media/sapl/public/normajuridica/2022/5298/resolucao_no_003-2022_para_o_site.pdf", "ementa": "Institui a Procuradoria da Mulher na C\u00e2mara Municipal de Sarandi, Estado do Paran\u00e1 na forma que especifica."}, {"id": "5290", "ano": "2022", "numero": "2838", "tipo__sigla": "LEI", "tipo__descricao": "Lei Ordin\u00e1ria", "texto_integral": "http://sapl.sarandi.pr.leg.br/media/sapl/public/normajuridica/2022/5290/lei_no_2838-2022_para_o_site.pdf", "ementa": "Disp\u00f5e sobre as Diretrizes para a elabora\u00e7\u00e3o e execu\u00e7\u00e3o da Lei Or\u00e7ament\u00e1ria para o exerc\u00edcio de 2023 e d\u00e1 outras provid\u00eancias."}, {"id": "5289", "ano": "2022", "numero": "2837", "tipo__sigla": "LEI", "tipo__descricao": "Lei Ordin\u00e1ria", "texto_integral": "http://sapl.sarandi.pr.leg.br/media/sapl/public/normajuridica/2022/5289/lei_no_2837-2022_para_o_site.pdf", "ementa": "Disp\u00f5e sobre a altera\u00e7\u00e3o dos Anexos do PPA - Plano Plurianual do Munic\u00edpio de Sarandi do quadri\u00eanio 2022 a 2025, na forma que especifica."}, {"id": "5291", "ano": "2022", "numero": "73", "tipo__sigla": "POR", "tipo__descricao": "Portaria", "texto_integral": "http://sapl.sarandi.pr.leg.br/media/sapl/public/normajuridica/2022/5291/portaria_no073-2022_para_site.pdf", "ementa": "CONCEDE PROGRESS\u00c3O POR APERFEI\u00c7OAMENTO E CAPACITA\u00c7\u00c3O AO SERVIDOR ROVILSON JOS\u00c9 ARANTES E D\u00c1 OUTRAS PROVID\u00caNCIAS."}, {"id": "5288", "ano": "2022", "numero": "72", "tipo__sigla": "POR", "tipo__descricao": "Portaria", "texto_integral": "http://sapl.sarandi.pr.leg.br/media/sapl/public/normajuridica/2022/5288/portaria_no072-2022_para_site.pdf", "ementa": "DESIGNA SERVIDORA D\u00c9BORA APARECIDA DE SOUZA, PARA FISCALIZA\u00c7\u00c3O DE ATAS DE PRE\u00c7OS, E D\u00c1 OUTRAS PROVID\u00caNCIAS."}, {"id": "5287", "ano": "2022", "numero": "71", "tipo__sigla": "POR", "tipo__descricao": "Portaria", "texto_integral": "http://sapl.sarandi.pr.leg.br/media/sapl/public/normajuridica/2022/5287/portaria_no071-2022_para_site.pdf", "ementa": "DESIGNA SERVIDOR AN\u00c9SIO JOS\u00c9 DA SILVA, PARA FISCALIZA\u00c7\u00c3O DE CONTRATO, E D\u00c1 OUTRAS PROVID\u00caNCIAS."}, {"id": "5286", "ano": "2022", "numero": "70", "tipo__sigla": "POR", "tipo__descricao": "Portaria", "texto_integral": "http://sapl.sarandi.pr.leg.br/media/sapl/public/normajuridica/2022/5286/portaria_no070-2022_para_site.pdf", "ementa": "DESIGNA SERVIDOR MARLON BIF, PARA FISCALIZA\u00c7\u00c3O DE CONTRATO, E D\u00c1 OUTRAS PROVID\u00caNCIAS."}, {"id": "5285", "ano": "2022", "numero": "69", "tipo__sigla": "POR", "tipo__descricao": "Portaria", "texto_integral": "http://sapl.sarandi.pr.leg.br/media/sapl/public/normajuridica/2022/5285/portaria_no069-2022_para_site.pdf", "ementa": "DESIGNA SERVIDOR MARLON BIF, PARA FISCALIZA\u00c7\u00c3O DE CONTRATO, E D\u00c1 OUTRAS PROVID\u00caNCIAS."}, {"id": "5284", "ano": "2022", "numero": "68", "tipo__sigla": "POR", "tipo__descricao": "Portaria", "texto_integral": "http://sapl.sarandi.pr.leg.br/media/sapl/public/normajuridica/2022/5284/portaria_no068-2022_para_site.pdf", "ementa": "DESIGNA SERVIDORA D\u00c9BORA APARECIDA DE SOUZA, PARA FISCALIZA\u00c7\u00c3O DE CONTRATO, E D\u00c1 OUTRAS PROVID\u00caNCIAS."}, {"id": "5283", "ano": "2022", "numero": "67", "tipo__sigla": "POR", "tipo__descricao": "Portaria", "texto_integral": "http://sapl.sarandi.pr.leg.br/media/sapl/public/normajuridica/2022/5283/portaria_no067-2022_para_site.pdf", "ementa": "DESIGNA SERVIDORA D\u00c9BORA APARECIDA DE SOUZA, PARA FISCALIZA\u00c7\u00c3O DE CONTRATO, E D\u00c1 OUTRAS PROVID\u00caNCIAS."}, {"id": "5282", "ano": "2022", "numero": "66", "tipo__sigla": "POR", "tipo__descricao": "Portaria", "texto_integral": "http://sapl.sarandi.pr.leg.br/media/sapl/public/normajuridica/2022/5282/portaria_no066-2022_para_site.pdf", "ementa": "DESIGNA SERVIDOR DHYMISON DA SILVA RAMOS, PARA FISCALIZA\u00c7\u00c3O DE CONTRATO, E D\u00c1 OUTRAS PROVID\u00caNCIAS."}, {"id": "5281", "ano": "2022", "numero": "65", "tipo__sigla": "POR", "tipo__descricao": "Portaria", "texto_integral": "http://sapl.sarandi.pr.leg.br/media/sapl/public/normajuridica/2022/5281/portaria_no065-2022_para_site.pdf", "ementa": "DESIGNA SERVIDOR DHYMISON DA SILVA RAMOS, PARA FISCALIZA\u00c7\u00c3O DE CONTRATO, E D\u00c1 OUTRAS PROVID\u00caNCIAS."}, {"id": "5280", "ano": "2022", "numero": "64", "tipo__sigla": "POR", "tipo__descricao": "Portaria", "texto_integral": "http://sapl.sarandi.pr.leg.br/media/sapl/public/normajuridica/2022/5280/portaria_no064-2022_para_site.pdf", "ementa": "DESIGNA SERVIDOR RENAN AUGUSTO DOS SANTOS VOLPATTO, PARA FISCALIZA\u00c7\u00c3O DE CONTRATO, E D\u00c1 OUTRAS PROVID\u00caNCIAS."}, {"id": "5279", "ano": "2022", "numero": "63", "tipo__sigla": "POR", "tipo__descricao": "Portaria", "texto_integral": "http://sapl.sarandi.pr.leg.br/media/sapl/public/normajuridica/2022/5279/portaria_no063-2022_para_site.pdf", "ementa": "DESIGNA SERVIDOR RENAN AUGUSTO DOS SANTOS VOLPATTO, PARA FISCALIZA\u00c7\u00c3O DE CONTRATO, E D\u00c1 OUTRAS PROVID\u00caNCIAS."}, {"id": "5278", "ano": "2022", "numero": "62", "tipo__sigla": "POR", "tipo__descricao": "Portaria", "texto_integral": "http://sapl.sarandi.pr.leg.br/media/sapl/public/normajuridica/2022/5278/portaria_no062-2022_para_site.pdf", "ementa": "DESIGNA SERVIDORA ANGELA ALVES DE ALMEIDA, PARA FISCALIZA\u00c7\u00c3O DE CONTRATO, E D\u00c1 OUTRAS PROVID\u00caNCIAS."}, {"id": "5277", "ano": "2022", "numero": "61", "tipo__sigla": "POR", "tipo__descricao": "Portaria", "texto_integral": "http://sapl.sarandi.pr.leg.br/media/sapl/public/normajuridica/2022/5277/portaria_no061-2022_para_site.pdf", "ementa": "DESIGNA SERVIDORA ANGELA ALVES DE ALMEIDA, PARA FISCALIZA\u00c7\u00c3O DE CONTRATO, E D\u00c1 OUTRAS PROVID\u00caNCIAS."}, {"id": "5276", "ano": "2022", "numero": "60", "tipo__sigla": "POR", "tipo__descricao": "Portaria", "texto_integral": "http://sapl.sarandi.pr.leg.br/media/sapl/public/normajuridica/2022/5276/portaria_no060-2022_para_site.pdf", "ementa": "DESIGNA SERVIDOR AN\u00c9SIO JOS\u00c9 DA SILVA, PARA FISCALIZA\u00c7\u00c3O DE CONTRATO, E D\u00c1 OUTRAS PROVID\u00caNCIAS."}, {"id": "5275", "ano": "2022", "numero": "59", "tipo__sigla": "POR", "tipo__descricao": "Portaria", "texto_integral": "http://sapl.sarandi.pr.leg.br/media/sapl/public/normajuridica/2022/5275/portaria_no059-2022_para_site.pdf", "ementa": "DESIGNA SERVIDOR DANIEL CHIARAMONTE FERREIRA, PARA FISCALIZA\u00c7\u00c3O DE CONTRATO, E D\u00c1 OUTRAS PROVID\u00caNCIAS."}, {"id": "5274", "ano": "2022", "numero": "58", "tipo__sigla": "POR", "tipo__descricao": "Portaria", "texto_integral": "http://sapl.sarandi.pr.leg.br/media/sapl/public/normajuridica/2022/5274/portaria_no058-2022_para_site.pdf", "ementa": "DESIGNA SERVIDOR JO\u00c3O ROBERTO DOS SANTOS LOPES, PARA FISCALIZA\u00c7\u00c3O DE CONTRATO, E D\u00c1 OUTRAS PROVID\u00caNCIAS."}, {"id": "5273", "ano": "2022", "numero": "57", "tipo__sigla": "POR", "tipo__descricao": "Portaria", "texto_integral": "http://sapl.sarandi.pr.leg.br/media/sapl/public/normajuridica/2022/5273/portaria_no057-2022_para_site.pdf", "ementa": "DESIGNA SERVIDOR JO\u00c3O ROBERTO DOS SANTOS LOPES, PARA FISCALIZA\u00c7\u00c3O DE CONTRATO, E D\u00c1 OUTRAS PROVID\u00caNCIAS."}, {"id": "5272", "ano": "2022", "numero": "56", "tipo__sigla": "POR", "tipo__descricao": "Portaria", "texto_integral": "http://sapl.sarandi.pr.leg.br/media/sapl/public/normajuridica/2022/5272/portaria_no056-2022_para_site.pdf", "ementa": "DESIGNA SERVIDOR JO\u00c3O ROBERTO DOS SANTOS LOPES, PARA FISCALIZA\u00c7\u00c3O DE CONTRATO, E D\u00c1 OUTRAS PROVID\u00caNCIAS."}, {"id": "5271", "ano": "2022", "numero": "55", "tipo__sigla": "POR", "tipo__descricao": "Portaria", "texto_integral": "http://sapl.sarandi.pr.leg.br/media/sapl/public/normajuridica/2022/5271/portaria_no055-2022_para_site.pdf", "ementa": "DESIGNA SERVIDORA LUZIA AZEVEDO DIAS, PARA FISCALIZA\u00c7\u00c3O DE CONTRATO, E D\u00c1 OUTRAS PROVID\u00caNCIAS."}, {"id": "5270", "ano": "2022", "numero": "54", "tipo__sigla": "POR", "tipo__descricao": "Portaria", "texto_integral": "http://sapl.sarandi.pr.leg.br/media/sapl/public/normajuridica/2022/5270/portaria_no054-2022_para_site.pdf", "ementa": "DESIGNA SERVIDORA LUZIA AZEVEDO DIAS, PARA FISCALIZA\u00c7\u00c3O DE CONTRATO, E D\u00c1 OUTRAS PROVID\u00caNCIAS."}, {"id": "5269", "ano": "2022", "numero": "53", "tipo__sigla": "POR", "tipo__descricao": "Portaria", "texto_integral": "http://sapl.sarandi.pr.leg.br/media/sapl/public/normajuridica/2022/5269/portaria_no053-2022_para_site.pdf", "ementa": "DESIGNA ADVOGADA PARA DAR SUPORTE A CECP NA FORMA QUE ESPECIFICA."}, {"id": "5268", "ano": "2022", "numero": "52", "tipo__sigla": "POR", "tipo__descricao": "Portaria", "texto_integral": "http://sapl.sarandi.pr.leg.br/media/sapl/public/normajuridica/2022/5268/portaria_no052-2022_para_site.pdf", "ementa": "CONCEDE PROGRESS\u00c3O FUNCIONAL POR DESEMPENHO A SERVIDORA ANGELA ALVES DE ALMEIDA E D\u00c1 OUTRAS PROVID\u00caNCIAS."}, {"id": "5267", "ano": "2022", "numero": "416", "tipo__sigla": "LC", "tipo__descricao": "Lei Complementar", "texto_integral": "http://sapl.sarandi.pr.leg.br/media/sapl/public/normajuridica/2022/5267/lei_complementar_no_416-2022_para_o_site.pdf", "ementa": "Altera a Lei Complementar n\u00ba 10, de 27 de dezembro de 1992 \u2013 Estatuto dos Servidores P\u00fablicos do Munic\u00edpio de Sarandi e d\u00e1 outras provid\u00eancias."}, {"id": "5292", "ano": "2022", "numero": "1", "tipo__sigla": "IN", "tipo__descricao": "Instru\u00e7\u00e3o Normativa", "texto_integral": "http://sapl.sarandi.pr.leg.br/media/sapl/public/normajuridica/2022/5292/in_01-2022.pdf", "ementa": "DISP\u00d5E SOBRE OS PROCEDIMENTOS A SEREM ADOTADOS NA FISCALIZA\u00c7\u00c3O E GEST\u00c3O DE CONTRATOS, NA FORMA QUE ESPECIFICA."}, {"id": "5265", "ano": "2022", "numero": "5", "tipo__sigla": "ATP", "tipo__descricao": "Ato da Presid\u00eancia", "texto_integral": "http://sapl.sarandi.pr.leg.br/media/sapl/public/normajuridica/2022/5265/ato_da_presidencia_no_005-2022_sapl.pdf", "ementa": "Transfere a 23\u00aa Sess\u00e3o Ordin\u00e1ria do dia 11/07/2022 para o dia 12/07/2022, em virtude de falecimento de familiar do vereador Erasmo Cardoso Pereira."}, {"id": "5264", "ano": "2022", "numero": "51", "tipo__sigla": "POR", "tipo__descricao": "Portaria", "texto_integral": "http://sapl.sarandi.pr.leg.br/media/sapl/public/normajuridica/2022/5264/portaria_no051-2022_para_site.pdf", "ementa": "CONCEDE PROGRESS\u00c3O POR APERFEI\u00c7OAMENTO E CAPACITA\u00c7\u00c3O A SERVIDORA ANGELA ALVES DE ALMEIDA E D\u00c1 OUTRAS PROVID\u00caNCIAS."}, {"id": "5614", "ano": "2022", "numero": "954", "tipo__sigla": "DE", "tipo__descricao": "Decreto Executivo", "texto_integral": "http://sapl.sarandi.pr.leg.br/media/sapl/public/normajuridica/2022/5614/decreto_executivo_no_954-2022.pdf", "ementa": "REGULAMENTA A COBRAN\u00c7A EXTRAJUDICIAL OU JUDICIAL DA D\u00cdVIDA ATIVA DA FAZENDA P\u00daBLICA MUNICIPAL."}, {"id": "5263", "ano": "2022", "numero": "50", "tipo__sigla": "POR", "tipo__descricao": "Portaria", "texto_integral": "http://sapl.sarandi.pr.leg.br/media/sapl/public/normajuridica/2022/5263/portaria_no050-2022_para_site.pdf", "ementa": "NOMEIA COMISS\u00c3O PERMANENTE DE RECEBIMENTO E D\u00c1 OUTRAS PROVID\u00caNCIAS."}, {"id": "5262", "ano": "2022", "numero": "415", "tipo__sigla": "LC", "tipo__descricao": "Lei Complementar", "texto_integral": "http://sapl.sarandi.pr.leg.br/media/sapl/public/normajuridica/2022/5262/lei_complementar_no_415-2022_para_o_site.pdf", "ementa": "Altera a Lei Complementar n\u00ba 391, de 21 de outubro de 2021, na forma que especifica."}, {"id": "5266", "ano": "2022", "numero": "2836", "tipo__sigla": "LEI", "tipo__descricao": "Lei Ordin\u00e1ria", "texto_integral": "http://sapl.sarandi.pr.leg.br/media/sapl/public/normajuridica/2022/5266/lei_no2836-2022_para_site.pdf", "ementa": "Autoriza a doa\u00e7\u00e3o de im\u00f3vel ao Servi\u00e7o Municipal de Saneamento Ambiental - \u00c1guas de Sarandi, na forma que especifica."}, {"id": "5261", "ano": "2022", "numero": "2835", "tipo__sigla": "LEI", "tipo__descricao": "Lei Ordin\u00e1ria", "texto_integral": "http://sapl.sarandi.pr.leg.br/media/sapl/public/normajuridica/2022/5261/lei_no_2835-2022_para_o_site.pdf", "ementa": "Disp\u00f5e sobre a denomina\u00e7\u00e3o do pr\u00e9dio da C\u00e2mara Municipal neste Munic\u00edpio."}, {"id": "5260", "ano": "2022", "numero": "2834", "tipo__sigla": "LEI", "tipo__descricao": "Lei Ordin\u00e1ria", "texto_integral": "http://sapl.sarandi.pr.leg.br/media/sapl/public/normajuridica/2022/5260/lei_no_2834-2022_para_o_site.pdf", "ementa": "Disp\u00f5e sobre a denomina\u00e7\u00e3o da Secretaria da Sa\u00fade neste Munic\u00edpio."}, {"id": "5259", "ano": "2022", "numero": "2833", "tipo__sigla": "LEI", "tipo__descricao": "Lei Ordin\u00e1ria", "texto_integral": "http://sapl.sarandi.pr.leg.br/media/sapl/public/normajuridica/2022/5259/lei_no_2833-2022_para_o_site.pdf", "ementa": "D\u00e1 nova denomina\u00e7\u00e3o \u00e0 Rua Esp\u00edrito Santo, situada no Parque da G\u00e1vea, na forma que especifica."}, {"id": "5798", "ano": "2022", "numero": "931", "tipo__sigla": "DE", "tipo__descricao": "Decreto Executivo", "texto_integral": "http://sapl.sarandi.pr.leg.br/media/sapl/public/normajuridica/2022/5798/decreto_executivo_931-2022.pdf", "ementa": "CONSTITUI A COMISS\u00c3O MUNICIPAL DE ENFRENTAMENTO DAS VIOL\u00caNCIAS CONTRA CRIAN\u00c7AS E ADOLESCENTES E D\u00c1 OUTRAS PROVID\u00caNCIAS."}, {"id": "5257", "ano": "2022", "numero": "3", "tipo__sigla": "EDA", "tipo__descricao": "Edital - Audi\u00eancia", "texto_integral": "http://sapl.sarandi.pr.leg.br/media/sapl/public/normajuridica/2022/5257/edital_de_convocacao_no_003-2022_sapl.pdf", "ementa": "AUDI\u00caNCIA P\u00daBLICA PARA DISCUSS\u00c3O DE ALTERA\u00c7\u00c3O DOS ANEXOS DO PPA - PLANO PLURIANUAL DO QUADRI\u00caNIO 2022 A 2025 E DA LDO - LEI DE DIRETRIZES OR\u00c7AMENT\u00c1RIAS PARA O EXERC\u00cdCIO DE 2023."}, {"id": "5256", "ano": "2022", "numero": "49", "tipo__sigla": "POR", "tipo__descricao": "Portaria", "texto_integral": "http://sapl.sarandi.pr.leg.br/media/sapl/public/normajuridica/2022/5256/portaria_no049-2022_para_site.pdf", "ementa": "NOMEIA PREGOEIRO E MEMBROS DA 3\u00aa EQUIPE DE APOIO NO \u00c2MBITO DA C\u00c2MARA MUNICIPAL DE SARANDI."}, {"id": "5255", "ano": "2022", "numero": "48", "tipo__sigla": "POR", "tipo__descricao": "Portaria", "texto_integral": "http://sapl.sarandi.pr.leg.br/media/sapl/public/normajuridica/2022/5255/portaria_no048-2022_para_site.pdf", "ementa": "NOMEIA PREGOEIRO E MEMBROS DA 2\u00aa EQUIPE DE APOIO NO \u00c2MBITO DA C\u00c2MARA MUNICIPAL DE SARANDI."}, {"id": "5254", "ano": "2022", "numero": "47", "tipo__sigla": "POR", "tipo__descricao": "Portaria", "texto_integral": "http://sapl.sarandi.pr.leg.br/media/sapl/public/normajuridica/2022/5254/portaria_no047-2022_para_site.pdf", "ementa": "NOMEIA PREGOEIRO E MEMBROS DA 1\u00aa EQUIPE DE APOIO NO \u00c2MBITO DA C\u00c2MARA MUNICIPAL DE SARANDI."}, {"id": "5258", "ano": "2022", "numero": "2832", "tipo__sigla": "LEI", "tipo__descricao": "Lei Ordin\u00e1ria", "texto_integral": "http://sapl.sarandi.pr.leg.br/media/sapl/public/normajuridica/2022/5258/lei_no_2832-2022_para_o_site.pdf", "ementa": "Altera o Art. 3\u00ba da Lei n\u00ba 2.367/2017."}, {"id": "5253", "ano": "2022", "numero": "46", "tipo__sigla": "POR", "tipo__descricao": "Portaria", "texto_integral": "http://sapl.sarandi.pr.leg.br/media/sapl/public/normajuridica/2022/5253/portaria_no046-2022_para_site.pdf", "ementa": "REVOGA A PORTARIA N\u00b0 078/2019, NA FORMA QUE ESPECIFICA."}, {"id": "5252", "ano": "2022", "numero": "45", "tipo__sigla": "POR", "tipo__descricao": "Portaria", "texto_integral": "http://sapl.sarandi.pr.leg.br/media/sapl/public/normajuridica/2022/5252/portaria_no045-2022_para_site.pdf", "ementa": "NOMEIA ROSILENE APARECIDA DE SOUZA PARA O CARGO DE ASSESSOR PARLAMENTAR E D\u00c1 OUTRAS PROVID\u00caNCIAS."}, {"id": "5251", "ano": "2022", "numero": "44", "tipo__sigla": "POR", "tipo__descricao": "Portaria", "texto_integral": "http://sapl.sarandi.pr.leg.br/media/sapl/public/normajuridica/2022/5251/portaria_no044-2022_para_site.pdf", "ementa": "EXONERA O SERVIDOR EVANDRO FRANQUILINO DOS SANTOS E D\u00c1 OUTRAS PROVID\u00caNCIAS."}, {"id": "5250", "ano": "2022", "numero": "43", "tipo__sigla": "POR", "tipo__descricao": "Portaria", "texto_integral": "http://sapl.sarandi.pr.leg.br/media/sapl/public/normajuridica/2022/5250/portaria_no043-2022_para_site.pdf", "ementa": "NOMEIA SUBSTITUTOS PARA DUAS COMISS\u00d5ES PERMANENTES NA FORMA QUE ESPEC\u00cdFICA."}, {"id": "5249", "ano": "2022", "numero": "414", "tipo__sigla": "LC", "tipo__descricao": "Lei Complementar", "texto_integral": "http://sapl.sarandi.pr.leg.br/media/sapl/public/normajuridica/2022/5249/lei_complementar_no_414-2022_para_o_site.pdf", "ementa": "Disp\u00f5e sobre o Per\u00edmetro Urbano do Munic\u00edpio de Sarandi."}, {"id": "5248", "ano": "2022", "numero": "413", "tipo__sigla": "LC", "tipo__descricao": "Lei Complementar", "texto_integral": "http://sapl.sarandi.pr.leg.br/media/sapl/public/normajuridica/2022/5248/lei_complementar_no_413-2022_para_o_site.pdf", "ementa": "Disp\u00f5e sobre o Parcelamento do Solo Urbano do Munic\u00edpio de Sarandi."}, {"id": "5247", "ano": "2022", "numero": "412", "tipo__sigla": "LC", "tipo__descricao": "Lei Complementar", "texto_integral": "http://sapl.sarandi.pr.leg.br/media/sapl/public/normajuridica/2022/5247/lei_complementar_no_412-2022_para_o_site.pdf", "ementa": "Disp\u00f5e sobre o Uso e Ocupa\u00e7\u00e3o do Solo Urbano do munic\u00edpio de Sarandi."}, {"id": "5246", "ano": "2022", "numero": "411", "tipo__sigla": "LC", "tipo__descricao": "Lei Complementar", "texto_integral": "http://sapl.sarandi.pr.leg.br/media/sapl/public/normajuridica/2022/5246/lei_complementar_no_411-2022_para_o_site.pdf", "ementa": "Disp\u00f5e sobre o Sistema Vi\u00e1rio no Munic\u00edpio de Sarandi."}, {"id": "5245", "ano": "2022", "numero": "410", "tipo__sigla": "LC", "tipo__descricao": "Lei Complementar", "texto_integral": "http://sapl.sarandi.pr.leg.br/media/sapl/public/normajuridica/2022/5245/lei_complementar_no_410-2022_para_o_site.pdf", "ementa": "Disp\u00f5e sobre o C\u00f3digo de Obras e Edifica\u00e7\u00f5es no Munic\u00edpio de Sarandi."}, {"id": "5244", "ano": "2022", "numero": "409", "tipo__sigla": "LC", "tipo__descricao": "Lei Complementar", "texto_integral": "http://sapl.sarandi.pr.leg.br/media/sapl/public/normajuridica/2022/5244/lei_complementar_no_409-2022_para_o_site.pdf", "ementa": "Disp\u00f5e sobre o C\u00f3digo de Posturas do Munic\u00edpio de Sarandi."}, {"id": "5243", "ano": "2022", "numero": "408", "tipo__sigla": "LC", "tipo__descricao": "Lei Complementar", "texto_integral": "http://sapl.sarandi.pr.leg.br/media/sapl/public/normajuridica/2022/5243/lei_complementar_no_408-2022_para_o_site.pdf", "ementa": "Institui o Plano Diretor do Munic\u00edpio de Sarandi  e d\u00e1 outras provid\u00eancias."}, {"id": "5242", "ano": "2022", "numero": "42", "tipo__sigla": "POR", "tipo__descricao": "Portaria", "texto_integral": "http://sapl.sarandi.pr.leg.br/media/sapl/public/normajuridica/2022/5242/portaria_no042-2022_para_site.pdf", "ementa": "NOMEIA PREGOEIRO E EQUIPE DE APOIO NO \u00c2MBITO DA C\u00c2MARA MUNICIPAL DE SARANDI."}, {"id": "5241", "ano": "2022", "numero": "41", "tipo__sigla": "POR", "tipo__descricao": "Portaria", "texto_integral": "http://sapl.sarandi.pr.leg.br/media/sapl/public/normajuridica/2022/5241/portaria_no041-2022_para_site.pdf", "ementa": "NOMEIA DANIELA MARQUES DA SILVA DANEIS PARA O CARGO DE ASSESSOR PARLAMENTAR E D\u00c1 OUTRAS PROVID\u00caNCIAS."}, {"id": "5240", "ano": "2022", "numero": "40", "tipo__sigla": "POR", "tipo__descricao": "Portaria", "texto_integral": "http://sapl.sarandi.pr.leg.br/media/sapl/public/normajuridica/2022/5240/portaria_no040-2022_para_site.pdf", "ementa": "NOMEIA IVAN CESAR GOMES SIQUEIRA PARA O CARGO DE ASSESSOR LEGISLATIVO E D\u00c1 OUTRAS PROVID\u00caNCIAS."}, {"id": "5239", "ano": "2022", "numero": "39", "tipo__sigla": "POR", "tipo__descricao": "Portaria", "texto_integral": "http://sapl.sarandi.pr.leg.br/media/sapl/public/normajuridica/2022/5239/portaria_no039-2022_para_site.pdf", "ementa": "EXONERA O SERVIDOR LEANDRO APARECIDO DOS SANTOS E D\u00c1 OUTRAS PROVID\u00caNCIAS."}, {"id": "5237", "ano": "2022", "numero": "38", "tipo__sigla": "POR", "tipo__descricao": "Portaria", "texto_integral": "http://sapl.sarandi.pr.leg.br/media/sapl/public/normajuridica/2022/5237/portaria_no038-2022_para_site.pdf", "ementa": "EXONERA A SERVIDORA ROSILENE APARECIDA DE SOUZA E D\u00c1 OUTRAS PROVID\u00caNCIAS."}, {"id": "5238", "ano": "2022", "numero": "7", "tipo__sigla": "DL", "tipo__descricao": "Decreto Legislativo", "texto_integral": "http://sapl.sarandi.pr.leg.br/media/sapl/public/normajuridica/2022/5238/decreto_legislativo_no_007-2022_para_o_site.pdf", "ementa": "Autoriza o Prefeito Senhor Walter Volpato, a licenciar-se do cargo por motivos de sa\u00fade, na forma que especifica."}, {"id": "5236", "ano": "2022", "numero": "37", "tipo__sigla": "POR", "tipo__descricao": "Portaria", "texto_integral": "http://sapl.sarandi.pr.leg.br/media/sapl/public/normajuridica/2022/5236/portaria_no037-2022_para_site.pdf", "ementa": "CONCEDE LICEN\u00c7A ESPECIAL A SERVIDORA CAMILA DE SOUZA BUENO DOS SANTOS E D\u00c1 OUTRAS PROVID\u00caNCIAS."}, {"id": "5235", "ano": "2022", "numero": "2831", "tipo__sigla": "LEI", "tipo__descricao": "Lei Ordin\u00e1ria", "texto_integral": "http://sapl.sarandi.pr.leg.br/media/sapl/public/normajuridica/2022/5235/lei_no_2831-2022_para_o_site.pdf", "ementa": "Disp\u00f5e sobre concess\u00e3o de subs\u00eddio financeiro para o servi\u00e7o p\u00fablico de transporte coletivo urbano de passageiros, e d\u00e1 outras provid\u00eancias."}, {"id": "6113", "ano": "2022", "numero": "877", "tipo__sigla": "DE", "tipo__descricao": "Decreto Executivo", "texto_integral": "http://sapl.sarandi.pr.leg.br/media/sapl/public/normajuridica/2022/6113/decreto_executivo_no_877-2022.pdf", "ementa": "NOMEIA MEMBROS DO COMIT\u00ca MUNICIPAL DO TRANSPORTE ESCOLAR, NA FORMA QUE ESPECIFICA."}, {"id": "5234", "ano": "2022", "numero": "4", "tipo__sigla": "ATP", "tipo__descricao": "Ato da Presid\u00eancia", "texto_integral": "http://sapl.sarandi.pr.leg.br/media/sapl/public/normajuridica/2022/5234/ato_da_presidencia_no_004-2022_sapl.pdf", "ementa": "Convoca suplente do Cargo de Vereador e d\u00e1 outras provid\u00eancias."}, {"id": "5233", "ano": "2022", "numero": "2830", "tipo__sigla": "LEI", "tipo__descricao": "Lei Ordin\u00e1ria", "texto_integral": "http://sapl.sarandi.pr.leg.br/media/sapl/public/normajuridica/2022/5233/lei_no_2830-2022_para_o_site.pdf", "ementa": "Institui no Munic\u00edpio de Sarandi, a \u201cCampanha Permanente de Combate ao Ass\u00e9dio Sexual no Transporte P\u00fablico no Munic\u00edpio\u201d e d\u00e1 outras provid\u00eancias."}, {"id": "5232", "ano": "2022", "numero": "2829", "tipo__sigla": "LEI", "tipo__descricao": "Lei Ordin\u00e1ria", "texto_integral": "http://sapl.sarandi.pr.leg.br/media/sapl/public/normajuridica/2022/5232/lei_no_2829-2022_para_o_site.pdf", "ementa": "Autoriza o Poder Executivo Municipal a efetuar abertura de Cr\u00e9dito Adicional Especial, na forma que especifica."}, {"id": "5218", "ano": "2022", "numero": "407", "tipo__sigla": "LC", "tipo__descricao": "Lei Complementar", "texto_integral": "http://sapl.sarandi.pr.leg.br/media/sapl/public/normajuridica/2022/5218/lei_complementar_no_407-2022_para_o_site.pdf", "ementa": "Disp\u00f5e sobre a Controladora Geral do Poder Executivo, nos termos do Art. 31, 70 e 74 da Constitui\u00e7\u00e3o Federal."}, {"id": "5217", "ano": "2022", "numero": "406", "tipo__sigla": "LC", "tipo__descricao": "Lei Complementar", "texto_integral": "http://sapl.sarandi.pr.leg.br/media/sapl/public/normajuridica/2022/5217/lei_complementar_no_406-2022_para_o_site.pdf", "ementa": "Altera a Lei Complementar n\u00ba 159, de 24 de novembro de 2007, e d\u00e1 outras provid\u00eancias."}, {"id": "5216", "ano": "2022", "numero": "405", "tipo__sigla": "LC", "tipo__descricao": "Lei Complementar", "texto_integral": "http://sapl.sarandi.pr.leg.br/media/sapl/public/normajuridica/2022/5216/lei_complementar_no_405-2022_para_o_site.pdf", "ementa": "Altera a Lei Complementar n\u00ba 115, de 27 de maio de 2005, na forma que especifica."}, {"id": "5219", "ano": "2022", "numero": "36", "tipo__sigla": "POR", "tipo__descricao": "Portaria", "texto_integral": "http://sapl.sarandi.pr.leg.br/media/sapl/public/normajuridica/2022/5219/portaria_no036-2022_para_site.pdf", "ementa": "DESIGNA COMISS\u00c3O, PARA ACOMPANHAR E FISCALIZAR OS SERVI\u00c7OS DECORRENTES DE CONTRATO, E D\u00c1 OUTRAS PROVID\u00caNCIAS."}, {"id": "5215", "ano": "2022", "numero": "3", "tipo__sigla": "ATP", "tipo__descricao": "Ato da Presid\u00eancia", "texto_integral": "http://sapl.sarandi.pr.leg.br/media/sapl/public/normajuridica/2022/5215/ato_da_presidencia_no_003-2022_sapl.pdf", "ementa": "Declara vago o Cargo de vereador e d\u00e1 outras provid\u00eancias."}, {"id": "5797", "ano": "2022", "numero": "857", "tipo__sigla": "DE", "tipo__descricao": "Decreto Executivo", "texto_integral": "http://sapl.sarandi.pr.leg.br/media/sapl/public/normajuridica/2022/5797/decreto_executivo_857-2022.pdf", "ementa": "CONSTITUI A COMISS\u00c3O MUNICIPAL DE ENFRENTAMENTO DAS VIOL\u00caNCIAS CONTRA CRIAN\u00c7AS E ADOLESCENTES E D\u00c1 OUTRAS PROVID\u00caNCIAS."}, {"id": "5796", "ano": "2022", "numero": "856", "tipo__sigla": "DE", "tipo__descricao": "Decreto Executivo", "texto_integral": "http://sapl.sarandi.pr.leg.br/media/sapl/public/normajuridica/2022/5796/decreto_executivo_856-2022.pdf", "ementa": "CONSTITUI A COMISS\u00c3O MUNICIPAL DE ENFRENTAMENTO DAS VIOL\u00caNCIAS CONTRA CRIAN\u00c7AS E ADOLESCENTES E D\u00c1 OUTRAS PROVID\u00caNCIAS."}, {"id": "5231", "ano": "2022", "numero": "2828", "tipo__sigla": "LEI", "tipo__descricao": "Lei Ordin\u00e1ria", "texto_integral": "http://sapl.sarandi.pr.leg.br/media/sapl/public/normajuridica/2022/5231/lei_no_2828-2022_para_o_site.pdf", "ementa": "D\u00e1 denomina\u00e7\u00e3o a pr\u00f3prio p\u00fablico municipal, situado na quadra 14 da Pra\u00e7a Santo Ant\u00f4nio na Rua Vale Azul, ao lado da Unidade B\u00e1sica de Sa\u00fade no Jardim Ch\u00e1caras Aeroporto, \u201cVale Azul Distrito\u201d, na forma que especifica."}, {"id": "5230", "ano": "2022", "numero": "2827", "tipo__sigla": "LEI", "tipo__descricao": "Lei Ordin\u00e1ria", "texto_integral": "http://sapl.sarandi.pr.leg.br/media/sapl/public/normajuridica/2022/5230/lei_no_2827-2022_para_o_site.pdf", "ementa": "D\u00e1 denomina\u00e7\u00e3o a Unidade B\u00e1sica de Sa\u00fade do Jardim das Flores 1a Parte, na forma que especifica."}, {"id": "5229", "ano": "2022", "numero": "2826", "tipo__sigla": "LEI", "tipo__descricao": "Lei Ordin\u00e1ria", "texto_integral": "http://sapl.sarandi.pr.leg.br/media/sapl/public/normajuridica/2022/5229/lei_no_2826-2022_para_o_site.pdf", "ementa": "D\u00e1 denomina\u00e7\u00e3o o Pr\u00f3prio P\u00fablico Municipal, situado na Quadra 05, entre a Avenida Aurora Rinck Vignoto, Estrada Mauro Trindade e as Ruas Ant\u00f4nio Affonso Agnibeni e Paul  Harris no Jardim Aurora, na forma que especifica."}, {"id": "5228", "ano": "2022", "numero": "2825", "tipo__sigla": "LEI", "tipo__descricao": "Lei Ordin\u00e1ria", "texto_integral": "http://sapl.sarandi.pr.leg.br/media/sapl/public/normajuridica/2022/5228/lei_no_2825-2022_para_o_site.pdf", "ementa": "D\u00e1 denomina\u00e7\u00e3o a Pr\u00f3prio P\u00fablico Municipal, situado no Lote 01A, entre as Avenidas Londrina e Jo\u00e3o Marangoni, no Jardim Social, na forma que especifica."}, {"id": "5227", "ano": "2022", "numero": "2824", "tipo__sigla": "LEI", "tipo__descricao": "Lei Ordin\u00e1ria", "texto_integral": "http://sapl.sarandi.pr.leg.br/media/sapl/public/normajuridica/2022/5227/lei_no_2824-2022_para_o_site.pdf", "ementa": "D\u00e1 denomina\u00e7\u00e3o a Pr\u00f3prio Publico Municipal, situado no Lote 01 da Quadra 32, esquina da Avenida Giro Watanabe com a Rua Ant\u00f4nio Affonso Agnibeni no Jardim Nova Independ\u00eancia 1\u00aa Parte, na forma que especifica."}, {"id": "5226", "ano": "2022", "numero": "2823", "tipo__sigla": "LEI", "tipo__descricao": "Lei Ordin\u00e1ria", "texto_integral": "http://sapl.sarandi.pr.leg.br/media/sapl/public/normajuridica/2022/5226/lei_no_2823-2022_para_o_site.pdf", "ementa": "D\u00e1 denomina\u00e7\u00e3o \u00e0 sede do Centro de Refer\u00eancia Especializado de Assist\u00eancia Social \u2013 CREAS, situada na Rua Imperatriz Leopoldina, n\u00ba 108, Jardim Santa Tereza, na forma que especifica."}, {"id": "5225", "ano": "2022", "numero": "2822", "tipo__sigla": "LEI", "tipo__descricao": "Lei Ordin\u00e1ria", "texto_integral": "http://sapl.sarandi.pr.leg.br/media/sapl/public/normajuridica/2022/5225/lei_no_2822-2022_para_o_site.pdf", "ementa": "D\u00e1 denomina\u00e7\u00e3o o Pr\u00f3prio P\u00fablico Municipal, situado na Quadra 17, entre as Avenidas Aurora Rinck Vignoto e Valdecy Sordi e as Ruas Chico Mendes e Luis Espinol no Jardim Aurora, na forma que especifica."}, {"id": "5224", "ano": "2022", "numero": "2821", "tipo__sigla": "LEI", "tipo__descricao": "Lei Ordin\u00e1ria", "texto_integral": "http://sapl.sarandi.pr.leg.br/media/sapl/public/normajuridica/2022/5224/lei_no_2821-2022_para_o_site.pdf", "ementa": "D\u00e1 denomina\u00e7\u00e3o a Rua 02, situada no Jardim Novo Bertioga, na forma que especifica."}, {"id": "5223", "ano": "2022", "numero": "2820", "tipo__sigla": "LEI", "tipo__descricao": "Lei Ordin\u00e1ria", "texto_integral": "http://sapl.sarandi.pr.leg.br/media/sapl/public/normajuridica/2022/5223/lei_no_2820-2022_para_o_site.pdf", "ementa": "D\u00e1 denomina\u00e7\u00e3o a Pr\u00f3prio P\u00fablico Municipal, situado no Lote 01, na esquina da Avenida Barcelona com a Rua Castro Alves no Jardim Panorama, na forma que especifica."}, {"id": "5222", "ano": "2022", "numero": "2819", "tipo__sigla": "LEI", "tipo__descricao": "Lei Ordin\u00e1ria", "texto_integral": "http://sapl.sarandi.pr.leg.br/media/sapl/public/normajuridica/2022/5222/lei_no_2819-2022_para_o_site.pdf", "ementa": "Disp\u00f5e sobre a denomina\u00e7\u00e3o da UBS Vale Azul neste Munic\u00edpio."}, {"id": "5221", "ano": "2022", "numero": "2818", "tipo__sigla": "LEI", "tipo__descricao": "Lei Ordin\u00e1ria", "texto_integral": "http://sapl.sarandi.pr.leg.br/media/sapl/public/normajuridica/2022/5221/lei_no_2818-2022_para_o_site.pdf", "ementa": "D\u00e1 denomina\u00e7\u00e3o o Pr\u00f3prio P\u00fablico Municipal, situado na Quadra 01, entre as Avenidas Jo\u00e3o Marangoni, Rio Branco e Pioneiro Jos\u00e9 Laurindo da Silva e a Rua 01 no Jardim Ouro Verde IV, na forma que especifica."}, {"id": "5220", "ano": "2022", "numero": "2817", "tipo__sigla": "LEI", "tipo__descricao": "Lei Ordin\u00e1ria", "texto_integral": "http://sapl.sarandi.pr.leg.br/media/sapl/public/normajuridica/2022/5220/lei_no_2817-2022_para_o_site.pdf", "ementa": "D\u00e1 denomina\u00e7\u00e3o Unidade B\u00e1sica de Sa\u00fade, da Quadra 02 com matr\u00edcula 34357 situada na Estrada Mauro Trindade do Jardim Aurora, na forma que especifica."}, {"id": "5214", "ano": "2022", "numero": "35", "tipo__sigla": "POR", "tipo__descricao": "Portaria", "texto_integral": "http://sapl.sarandi.pr.leg.br/media/sapl/public/normajuridica/2022/5214/portaria_no035-2022_para_site.pdf", "ementa": "CONCEDE LICEN\u00c7A ESPECIAL A SERVIDORA LUZIA AZEVEDO DIAS E D\u00c1 OUTRAS PROVID\u00caNCIAS."}, {"id": "5212", "ano": "2022", "numero": "34", "tipo__sigla": "POR", "tipo__descricao": "Portaria", "texto_integral": "http://sapl.sarandi.pr.leg.br/media/sapl/public/normajuridica/2022/5212/portaria_no034-2022_para_site.pdf", "ementa": "DECLARA LUTO OFICIAL DE 3 DIAS EM VIRTUDE DE FALECIMENTO DO VEREADOR C\u00cdCERO DA SILVA CORREA \u201cC\u00cdCERO DA SILVA\u201d."}, {"id": "5213", "ano": "2022", "numero": "2", "tipo__sigla": "ATP", "tipo__descricao": "Ato da Presid\u00eancia", "texto_integral": "http://sapl.sarandi.pr.leg.br/media/sapl/public/normajuridica/2022/5213/ato_da_presidencia_no_002-2022_sapl.pdf", "ementa": "Cancela a Sess\u00e3o Ordin\u00e1ria do dia 09/05/2022, e d\u00e1 outras provid\u00eancias."}, {"id": "5211", "ano": "2022", "numero": "33", "tipo__sigla": "POR", "tipo__descricao": "Portaria", "texto_integral": "http://sapl.sarandi.pr.leg.br/media/sapl/public/normajuridica/2022/5211/portaria_no033-2022_para_site.pdf", "ementa": "CONCEDE LICEN\u00c7A ESPECIAL A SERVIDORA CAMILA DE SOUZA BUENO DOS SANTOS E D\u00c1 OUTRAS PROVID\u00caNCIAS."}, {"id": "5210", "ano": "2022", "numero": "32", "tipo__sigla": "POR", "tipo__descricao": "Portaria", "texto_integral": "http://sapl.sarandi.pr.leg.br/media/sapl/public/normajuridica/2022/5210/portaria_no032-2022_para_site.pdf", "ementa": "DEFINE A DIVIS\u00c3O DE PATRIM\u00d4NIO E ALMOXARIFADO DA C\u00c2MARA MUNICIPAL DE SARANDI, COMO \u00c1REA REQUISITANTE, NA FORMA QUE ESPECIFICA."}, {"id": "5209", "ano": "2022", "numero": "31", "tipo__sigla": "POR", "tipo__descricao": "Portaria", "texto_integral": "http://sapl.sarandi.pr.leg.br/media/sapl/public/normajuridica/2022/5209/portaria_no031-2022_para_site.pdf", "ementa": "NOMEIA COMISS\u00c3O PERMANENTE DE RECEBIMENTO E D\u00c1 OUTRAS PROVID\u00caNCIAS."}, {"id": "5208", "ano": "2022", "numero": "30", "tipo__sigla": "POR", "tipo__descricao": "Portaria", "texto_integral": "http://sapl.sarandi.pr.leg.br/media/sapl/public/normajuridica/2022/5208/portaria_no030-2022_para_site.pdf", "ementa": "REVOGA A PORTARIA N\u00b0 027/2021, NA FORMA QUE ESPECIFICA."}, {"id": "5207", "ano": "2022", "numero": "2", "tipo__sigla": "EDA", "tipo__descricao": "Edital - Audi\u00eancia", "texto_integral": "http://sapl.sarandi.pr.leg.br/media/sapl/public/normajuridica/2022/5207/edital_de_convocacao_no_002-2022_para_site.pdf", "ementa": "AUDI\u00caNCIA P\u00daBLICA PARA DEBATES DOS PROJETOS QUE ENVOLVEM A REVIS\u00c3O DO PLANO DIRETOR."}, {"id": "5204", "ano": "2022", "numero": "2816", "tipo__sigla": "LEI", "tipo__descricao": "Lei Ordin\u00e1ria", "texto_integral": "http://sapl.sarandi.pr.leg.br/media/sapl/public/normajuridica/2022/5204/lei_no_2816-2022_para_o_site.pdf", "ementa": "Autoriza o Poder Executivo Municipal a efetuar abertura Cr\u00e9dito Adicional Suplementar decorrente de opera\u00e7\u00e3o de cr\u00e9dito, na forma que especifica."}, {"id": "5206", "ano": "2022", "numero": "404", "tipo__sigla": "LC", "tipo__descricao": "Lei Complementar", "texto_integral": "http://sapl.sarandi.pr.leg.br/media/sapl/public/normajuridica/2022/5206/lei_complementar_no_404-2022_para_o_site.pdf", "ementa": "Disp\u00f5e sobre a fixa\u00e7\u00e3o de vencimento inicial dos cargos dos servidores efetivos da C\u00e2mara Municipal de Sarandi, Estado do Paran\u00e1, e d\u00e1 outras provid\u00eancias."}, {"id": "5205", "ano": "2022", "numero": "403", "tipo__sigla": "LC", "tipo__descricao": "Lei Complementar", "texto_integral": "http://sapl.sarandi.pr.leg.br/media/sapl/public/normajuridica/2022/5205/lei_complementar_no_403-2022_para_o_site.pdf", "ementa": "Altera a Lei Complementar n\u00ba 115, de 27 de maio de 2005, que trata da estrutura administrativa do munic\u00edpio, na forma que especifica."}, {"id": "5203", "ano": "2022", "numero": "29", "tipo__sigla": "POR", "tipo__descricao": "Portaria", "texto_integral": "http://sapl.sarandi.pr.leg.br/media/sapl/public/normajuridica/2022/5203/portaria_no029-2022_para_site.pdf", "ementa": "NOMEIA MICHAEL WILLIAN MANINI PARA O CARGO DE ASSESSOR LEGISLATIVO E D\u00c1 OUTRAS PROVID\u00caNCIAS."}, {"id": "5202", "ano": "2022", "numero": "28", "tipo__sigla": "POR", "tipo__descricao": "Portaria", "texto_integral": "http://sapl.sarandi.pr.leg.br/media/sapl/public/normajuridica/2022/5202/portaria_no028-2022_para_site.pdf", "ementa": "EXONERA O SERVIDOR JEFERSON AUGUSTO MESQUITA DA SILVA E D\u00c1 OUTRAS PROVID\u00caNCIAS."}, {"id": "5201", "ano": "2022", "numero": "27", "tipo__sigla": "POR", "tipo__descricao": "Portaria", "texto_integral": "http://sapl.sarandi.pr.leg.br/media/sapl/public/normajuridica/2022/5201/portaria_no027-2022_para_site.pdf", "ementa": "NOMEIA PREGOEIRO E EQUIPE DE APOIO NO \u00c2MBITO DA C\u00c2MARA MUNICIPAL DE SARANDI."}, {"id": "5200", "ano": "2022", "numero": "1", "tipo__sigla": "EDA", "tipo__descricao": "Edital - Audi\u00eancia", "texto_integral": "http://sapl.sarandi.pr.leg.br/media/sapl/public/normajuridica/2022/5200/edital_de_convocacao_no_001-2022_para_site.pdf", "ementa": "AUDI\u00caNCIA P\u00daBLICA PARA DEBATES DOS PROJETOS QUE ENVOLVEM A REVIS\u00c3O DO PLANO DIRETOR."}, {"id": "5196", "ano": "2022", "numero": "26", "tipo__sigla": "POR", "tipo__descricao": "Portaria", "texto_integral": "http://sapl.sarandi.pr.leg.br/media/sapl/public/normajuridica/2022/5196/portaria_no026-2022_para_site.pdf", "ementa": "DESIGNA SERVIDORES PARA COMPOR A COMISS\u00c3O ESPECIAL DE CONCURSO P\u00daBLICO, E D\u00c1 OUTRAS PROVID\u00caNCIAS."}, {"id": "5195", "ano": "2022", "numero": "25", "tipo__sigla": "POR", "tipo__descricao": "Portaria", "texto_integral": "http://sapl.sarandi.pr.leg.br/media/sapl/public/normajuridica/2022/5195/portaria_no025-2022_para_site.pdf", "ementa": "DISP\u00d5E SOBRE A LOTA\u00c7\u00c3O DOS SERVIDORES NA DIVIS\u00c3O DE COMPRAS E LICITA\u00c7\u00d5ES \u2013 DCL E D\u00c1 OUTRAS DISPOSI\u00c7\u00d5ES."}, {"id": "6058", "ano": "2022", "numero": "24", "tipo__sigla": "ELO", "tipo__descricao": "Emenda \u00e0 Lei Org\u00e2nica", "texto_integral": "http://sapl.sarandi.pr.leg.br/media/sapl/public/normajuridica/2022/6058/emenda_a_lei_organica_no_024-2022_para_site.pdf", "ementa": "Altera a Lei Org\u00e2nica do Munic\u00edpio de Sarandi."}, {"id": "5199", "ano": "2022", "numero": "2", "tipo__sigla": "RES", "tipo__descricao": "Resolu\u00e7\u00e3o", "texto_integral": "http://sapl.sarandi.pr.leg.br/media/sapl/public/normajuridica/2022/5199/resolucao_no_002-2022_para_o_site.pdf", "ementa": "Disp\u00f5e sobre o Regimento Interno da C\u00e2mara Municipal."}, {"id": "5197", "ano": "2022", "numero": "1", "tipo__sigla": "ATP", "tipo__descricao": "Ato da Presid\u00eancia", "texto_integral": "http://sapl.sarandi.pr.leg.br/media/sapl/public/normajuridica/2022/5197/ato_da_presidencia_no_001-2022.pdf", "ementa": "Revoga o Ato da Presid\u00eancia n\u00ba 003/2021, e d\u00e1 outras provid\u00eancias."}, {"id": "5293", "ano": "2022", "numero": "1", "tipo__sigla": "RI", "tipo__descricao": "Regimento Interno", "texto_integral": "http://sapl.sarandi.pr.leg.br/media/sapl/public/normajuridica/2022/5293/resolucao_no_002-2022_para_o_site.pdf", "ementa": "Disp\u00f5e sobre o Regimento Interno da C\u00e2mara Municipal."}, {"id": "5194", "ano": "2022", "numero": "24", "tipo__sigla": "POR", "tipo__descricao": "Portaria", "texto_integral": "http://sapl.sarandi.pr.leg.br/media/sapl/public/normajuridica/2022/5194/portaria_no024-2022_para_site.pdf", "ementa": "CONCEDE PROGRESS\u00c3O FUNCIONAL POR DESEMPENHO AO SERVIDOR DANIEL CHIARAMONTE FERREIRA E D\u00c1 OUTRAS PROVID\u00caNCIAS."}, {"id": "5193", "ano": "2022", "numero": "23", "tipo__sigla": "POR", "tipo__descricao": "Portaria", "texto_integral": "http://sapl.sarandi.pr.leg.br/media/sapl/public/normajuridica/2022/5193/portaria_no023-2022_para_site.pdf", "ementa": "CONCEDE PROGRESS\u00c3O FUNCIONAL POR DESEMPENHO A SERVIDORA HELONISE GRABRIELLA GON\u00c7ALVES PASSOS E D\u00c1 OUTRAS PROVID\u00caNCIAS."}, {"id": "5192", "ano": "2022", "numero": "2815", "tipo__sigla": "LEI", "tipo__descricao": "Lei Ordin\u00e1ria", "texto_integral": "http://sapl.sarandi.pr.leg.br/media/sapl/public/normajuridica/2022/5192/lei_no_2815-2022_para_o_site.pdf", "ementa": "Concede reajuste do piso salarial dos profissionais do magist\u00e9rio p\u00fablico do munic\u00edpio de Sarandi-PR., em adequa\u00e7\u00e3o ao piso salarial nacional dos profissionais do magist\u00e9rio p\u00fablico da educa\u00e7\u00e3o b\u00e1sica, nos termos em que preceitua a Lei Federal n\u00b0 11.738/2008"}, {"id": "5190", "ano": "2022", "numero": "2814", "tipo__sigla": "LEI", "tipo__descricao": "Lei Ordin\u00e1ria", "texto_integral": "http://sapl.sarandi.pr.leg.br/media/sapl/public/normajuridica/2022/5190/lei_no_2814-2022_para_o_site.pdf", "ementa": "Disp\u00f5e sobre a compra e venda de cobre, alum\u00ednio, estanho e ferro no Munic\u00edpio de Sarandi e d\u00e1 outras provid\u00eancias."}, {"id": "5191", "ano": "2022", "numero": "402", "tipo__sigla": "LC", "tipo__descricao": "Lei Complementar", "texto_integral": "http://sapl.sarandi.pr.leg.br/media/sapl/public/normajuridica/2022/5191/lei_complementar_no_402-2022_para_o_site.pdf", "ementa": "Acrescenta os \u00a7\u00a7 3\u00ba e 4\u00ba ao Art. 178 da Lei Complementar n\u00ba 070, de 26 de dezembro de 2001, que disp\u00f5e sobre o Sistema Tribut\u00e1rio do Munic\u00edpio de Sarandi \u201cC\u00f3digo Tribut\u00e1rio\u201d."}, {"id": "5189", "ano": "2022", "numero": "22", "tipo__sigla": "POR", "tipo__descricao": "Portaria", "texto_integral": "http://sapl.sarandi.pr.leg.br/media/sapl/public/normajuridica/2022/5189/portaria_no022-2022_para_site.pdf", "ementa": "NOMEIA LUCAS ATALIBA RANTIN DE CARVALHO PARA OCUPAR A FUN\u00c7\u00c3O GRATIFICADA COMO TESOUREIRO E D\u00c1 OUTRAS PROVID\u00caNCIAS."}, {"id": "5188", "ano": "2022", "numero": "21", "tipo__sigla": "POR", "tipo__descricao": "Portaria", "texto_integral": "http://sapl.sarandi.pr.leg.br/media/sapl/public/normajuridica/2022/5188/portaria_no021-2022_para_site.pdf", "ementa": "NOMEIA COMISS\u00c3O PERMANENTE DE LICITA\u00c7\u00d5ES E D\u00c1 OUTRAS PROVID\u00caNCIAS."}, {"id": "5186", "ano": "2022", "numero": "2813", "tipo__sigla": "LEI", "tipo__descricao": "Lei Ordin\u00e1ria", "texto_integral": "http://sapl.sarandi.pr.leg.br/media/sapl/public/normajuridica/2022/5186/lei_no_2813-2022_para_o_site.pdf", "ementa": "D\u00e1 denomina\u00e7\u00e3o \u00e0 nova sede da autarquia \u00c1guas de Sarandi, situada na Avenida Londrina, esquina com a Rua Dois, no Bairro Jardim Social, na forma que especifica. \u201cJOS\u00c9 VIT\u00d3RIO VIGNOTO\u201d."}, {"id": "5185", "ano": "2022", "numero": "20", "tipo__sigla": "POR", "tipo__descricao": "Portaria", "texto_integral": "http://sapl.sarandi.pr.leg.br/media/sapl/public/normajuridica/2022/5185/portaria_no020-2022_para_site.pdf", "ementa": "HOMOLOGA NA FORMA PREVISTA PELA RESOLU\u00c7\u00c3O N\u00ba 004/2019, OS MEMBROS DO CONSELHO DE \u00c9TICA PARLAMENTAR DESTA CASA DE LEIS, PARA O PER\u00cdODO DE 2022."}, {"id": "5184", "ano": "2022", "numero": "2812", "tipo__sigla": "LEI", "tipo__descricao": "Lei Ordin\u00e1ria", "texto_integral": "http://sapl.sarandi.pr.leg.br/media/sapl/public/normajuridica/2022/5184/lei_no_2812-2022_para_o_site.pdf", "ementa": "Disp\u00f5e sobre o uso compartilhado, em tempo real ou em molde de grava\u00e7\u00e3o, bem como, o recebimento de cess\u00e3o de direitos ou doa\u00e7\u00e3o n\u00e3o onerosa de equipamentos e servi\u00e7os para operacionaliza\u00e7\u00e3o do sistema de videomonitoramento para seguran\u00e7a p\u00fablica municipal por meio de imagens de c\u00e2meras privadas captadas do ambiente externo de pessoas f\u00edsicas ou jur\u00eddicas de direito privado no munic\u00edpio de Sarandi."}, {"id": "5183", "ano": "2022", "numero": "2811", "tipo__sigla": "LEI", "tipo__descricao": "Lei Ordin\u00e1ria", "texto_integral": "http://sapl.sarandi.pr.leg.br/media/sapl/public/normajuridica/2022/5183/lei_no_2811-2022_para_o_site.pdf", "ementa": "Disp\u00f5e sobre a regulamenta\u00e7\u00e3o da presta\u00e7\u00e3o de servi\u00e7o transporte privado individual de passageiros por aplicativos, remunerado baseado na internet, no Munic\u00edpio de Sarandi, Estado do Paran\u00e1"}, {"id": "5171", "ano": "2022", "numero": "19", "tipo__sigla": "POR", "tipo__descricao": "Portaria", "texto_integral": "http://sapl.sarandi.pr.leg.br/media/sapl/public/normajuridica/2022/5171/portaria_no019-2022_para_site.pdf", "ementa": "NOMEIA COMISS\u00c3O PERMANENTE DE LICITA\u00c7\u00d5ES E D\u00c1 OUTRAS PROVID\u00caNCIAS."}, {"id": "5170", "ano": "2022", "numero": "18", "tipo__sigla": "POR", "tipo__descricao": "Portaria", "texto_integral": "http://sapl.sarandi.pr.leg.br/media/sapl/public/normajuridica/2022/5170/portaria_no018-2022_para_site.pdf", "ementa": "DESIGNA JAQUELINE HARUMI HASHIMOTO COMO ENCARREGADA DE DIVIS\u00d5ES E D\u00c1 OUTRAS PROVID\u00caNCIAS."}, {"id": "5169", "ano": "2022", "numero": "17", "tipo__sigla": "POR", "tipo__descricao": "Portaria", "texto_integral": "http://sapl.sarandi.pr.leg.br/media/sapl/public/normajuridica/2022/5169/portaria_no017-2022_para_site.pdf", "ementa": "CONCEDE PROGRESS\u00c3O FUNCIONAL POR DESEMPENHO AO SERVIDOR ROVILSON JOS\u00c9 ARANTES E D\u00c1 OUTRAS PROVID\u00caNCIAS."}, {"id": "5168", "ano": "2022", "numero": "16", "tipo__sigla": "POR", "tipo__descricao": "Portaria", "texto_integral": "http://sapl.sarandi.pr.leg.br/media/sapl/public/normajuridica/2022/5168/portaria_no016-2022_para_site.pdf", "ementa": "CONCEDE PROGRESS\u00c3O FUNCIONAL POR DESEMPENHO AO SERVIDOR VAGNER RAFAEL VAZ E D\u00c1 OUTRAS PROVID\u00caNCIAS."}, {"id": "5182", "ano": "2022", "numero": "2810", "tipo__sigla": "LEI", "tipo__descricao": "Lei Ordin\u00e1ria", "texto_integral": "http://sapl.sarandi.pr.leg.br/media/sapl/public/normajuridica/2022/5182/lei_no_2810-2022_para_o_site.pdf", "ementa": "D\u00e1 denomina\u00e7\u00e3o \u00e0 Rua 29, situada no Parque Residencial Bom Pastor, na forma que especifica."}, {"id": "5181", "ano": "2022", "numero": "2809", "tipo__sigla": "LEI", "tipo__descricao": "Lei Ordin\u00e1ria", "texto_integral": "http://sapl.sarandi.pr.leg.br/media/sapl/public/normajuridica/2022/5181/lei_no_2809-2022_para_o_site.pdf", "ementa": "Autoriza a outorga da concess\u00e3o do servi\u00e7o de remo\u00e7\u00e3o, guarda e operacionaliza\u00e7\u00e3o de leil\u00e3o de ve\u00edculos apreendidos no munic\u00edpio de Sarandi \u2013 PR."}, {"id": "5180", "ano": "2022", "numero": "2808", "tipo__sigla": "LEI", "tipo__descricao": "Lei Ordin\u00e1ria", "texto_integral": "http://sapl.sarandi.pr.leg.br/media/sapl/public/normajuridica/2022/5180/lei_no_2808-2022_para_o_site.pdf", "ementa": "D\u00e1 denomina\u00e7\u00e3o \u00e0 Rua H, situada no Conjunto Residencial Mau\u00e1, na forma que especifica."}, {"id": "5179", "ano": "2022", "numero": "2807", "tipo__sigla": "LEI", "tipo__descricao": "Lei Ordin\u00e1ria", "texto_integral": "http://sapl.sarandi.pr.leg.br/media/sapl/public/normajuridica/2022/5179/lei_no_2807-2022_para_o_site.pdf", "ementa": "Disp\u00f5e sobre a autoriza\u00e7\u00e3o de entrada e perman\u00eancia de animais dom\u00e9sticos em reparti\u00e7\u00f5es p\u00fablicas do Munic\u00edpio de Sarandi e d\u00e1 outras provid\u00eancias."}, {"id": "5178", "ano": "2022", "numero": "2806", "tipo__sigla": "LEI", "tipo__descricao": "Lei Ordin\u00e1ria", "texto_integral": "http://sapl.sarandi.pr.leg.br/media/sapl/public/normajuridica/2022/5178/lei_no_2806-2022_para_o_site.pdf", "ementa": "Concede T\u00edtulo de Utilidade P\u00fablica a Associa\u00e7\u00e3o Cultural, Social e Educacional VM Anjos."}, {"id": "5177", "ano": "2022", "numero": "2805", "tipo__sigla": "LEI", "tipo__descricao": "Lei Ordin\u00e1ria", "texto_integral": "http://sapl.sarandi.pr.leg.br/media/sapl/public/normajuridica/2022/5177/lei_no_2805-2022_para_o_site.pdf", "ementa": "D\u00e1 denomina\u00e7\u00e3o \u00e0 Rua 9359, situada no Loteamento Ecovalley, na forma que especifica."}, {"id": "5176", "ano": "2022", "numero": "2804", "tipo__sigla": "LEI", "tipo__descricao": "Lei Ordin\u00e1ria", "texto_integral": "http://sapl.sarandi.pr.leg.br/media/sapl/public/normajuridica/2022/5176/lei_no_2804-2022_para_o_site.pdf", "ementa": "D\u00e1 denomina\u00e7\u00e3o a Rua Projetada T, situada no Jardim Montreal, na forma que especifica."}, {"id": "5175", "ano": "2022", "numero": "2803", "tipo__sigla": "LEI", "tipo__descricao": "Lei Ordin\u00e1ria", "texto_integral": "http://sapl.sarandi.pr.leg.br/media/sapl/public/normajuridica/2022/5175/lei_no_2803-2022_para_o_site.pdf", "ementa": "Disp\u00f5e no \u00e2mbito do munic\u00edpio de Sarandi sobre a proibi\u00e7\u00e3o de manter animais dom\u00e9sticos acorrentados e em espa\u00e7os confinados, e d\u00e1 outras provid\u00eancias."}, {"id": "5174", "ano": "2022", "numero": "2802", "tipo__sigla": "LEI", "tipo__descricao": "Lei Ordin\u00e1ria", "texto_integral": "http://sapl.sarandi.pr.leg.br/media/sapl/public/normajuridica/2022/5174/lei_no_2802-2022_para_o_site.pdf", "ementa": "Concede T\u00edtulo de Utilidade P\u00fablica \u00e0 Associa\u00e7\u00e3o Protetora Guardi\u00f5es dos Peludos de Sarandi e d\u00e1 outras provid\u00eancias."}, {"id": "5173", "ano": "2022", "numero": "2801", "tipo__sigla": "LEI", "tipo__descricao": "Lei Ordin\u00e1ria", "texto_integral": "http://sapl.sarandi.pr.leg.br/media/sapl/public/normajuridica/2022/5173/lei_no_2801-2022_para_o_site.pdf", "ementa": "Autoriza o Poder executivo a firmar contratualiza\u00e7\u00e3o com o Cons\u00f3rcio P\u00fablico Intermunicipal de Gest\u00e3o da AMUSEP PROAMUSEP, visando implanta\u00e7\u00e3o, manuten\u00e7\u00e3o e execu\u00e7\u00e3o de programa de descentraliza\u00e7\u00e3o e municipaliza\u00e7\u00e3o do procedimento de licenciamento ambiental, atrav\u00e9s da ratifica\u00e7\u00e3o de termo de ades\u00e3o, e formaliza\u00e7\u00e3o de contrato de programa e de rateio, nos termos da legisla\u00e7\u00e3o em vigor, e d\u00e1 outras provid\u00eancias"}, {"id": "5172", "ano": "2022", "numero": "2800", "tipo__sigla": "LEI", "tipo__descricao": "Lei Ordin\u00e1ria", "texto_integral": "http://sapl.sarandi.pr.leg.br/media/sapl/public/normajuridica/2022/5172/lei_no_2800-2022_para_o_site.pdf", "ementa": "D\u00e1 denomina\u00e7\u00e3o as Ruas 28 e 142, situadas nos Jardins Tropical e Rio de Janeiro, na forma que especifica."}, {"id": "5167", "ano": "2022", "numero": "15", "tipo__sigla": "POR", "tipo__descricao": "Portaria", "texto_integral": "http://sapl.sarandi.pr.leg.br/media/sapl/public/normajuridica/2022/5167/portaria_no015-2022_para_site.pdf", "ementa": "NOMEIA PREGOEIRO E EQUIPE DE APOIO NO \u00c2MBITO DA C\u00c2MARA MUNICIPAL DE SARANDI."}, {"id": "5166", "ano": "2022", "numero": "14", "tipo__sigla": "POR", "tipo__descricao": "Portaria", "texto_integral": "http://sapl.sarandi.pr.leg.br/media/sapl/public/normajuridica/2022/5166/portaria_no014-2022_para_site.pdf", "ementa": "NOMEIA JESSICA GON\u00c7ALVES CASTIONE JAGAS PARA OCUPAR A FUN\u00c7\u00c3O GRATIFICADA COMO TESOUREIRA E D\u00c1 OUTRAS PROVID\u00caNCIAS."}, {"id": "5165", "ano": "2022", "numero": "13", "tipo__sigla": "POR", "tipo__descricao": "Portaria", "texto_integral": "http://sapl.sarandi.pr.leg.br/media/sapl/public/normajuridica/2022/5165/portaria_no013-2022_para_site.pdf", "ementa": "NOMEIA PREGOEIRO E EQUIPE DE APOIO NO \u00c2MBITO DA C\u00c2MARA MUNICIPAL DE SARANDI."}, {"id": "5164", "ano": "2022", "numero": "2799", "tipo__sigla": "LEI", "tipo__descricao": "Lei Ordin\u00e1ria", "texto_integral": "http://sapl.sarandi.pr.leg.br/media/sapl/public/normajuridica/2022/5164/lei_no_2799-2022_para_o_site.pdf", "ementa": "Altera a Lei n\u00b0 2.635 de 09 de outubro de 2020, na forma que especifica."}, {"id": "5163", "ano": "2022", "numero": "12", "tipo__sigla": "POR", "tipo__descricao": "Portaria", "texto_integral": "http://sapl.sarandi.pr.leg.br/media/sapl/public/normajuridica/2022/5163/portaria_no012-2022_para_site.pdf", "ementa": "DESIGNA O SERVIDOR LUCAS ATALIBA RANTIN DE CARVALHO, INSCRITO NO CPF SOB O N\u00ba 099.711.639-00, OCUPANTE DO CARGO DE OFICIAL DE SERVI\u00c7OS GERAIS, MATR\u00cdCULA 128, PARA FUN\u00c7\u00c3O DE GESTOR DE PRONTO PAGAMENTO \u2013 GPP."}, {"id": "5187", "ano": "2022", "numero": "1", "tipo__sigla": "RES", "tipo__descricao": "Resolu\u00e7\u00e3o", "texto_integral": "http://sapl.sarandi.pr.leg.br/media/sapl/public/normajuridica/2022/5187/resolucao_no_001-2022_para_o_site.pdf", "ementa": "Altera a Resolu\u00e7\u00e3o n\u00ba 008/2013, que disp\u00f5e sobre o Plano de Cargos, Carreira e Remunera\u00e7\u00e3o do Quadro Geral dos Servidores da C\u00e2mara Municipal de Sarandi, Estado do Paran\u00e1 e d\u00e1 outras provid\u00eancias."}, {"id": "5162", "ano": "2022", "numero": "11", "tipo__sigla": "POR", "tipo__descricao": "Portaria", "texto_integral": "http://sapl.sarandi.pr.leg.br/media/sapl/public/normajuridica/2022/5162/portaria_no011-2022_para_site.pdf", "ementa": "DESIGNA O SERVIDOR LUCAS ATALIBA RANTIN DE CARVALHO, INSCRITO NO CPF SOB O N\u00ba 099.711.639-00, OCUPANTE DO CARGO DE OFICIAL DE SERVI\u00c7OS GERAIS, MATR\u00cdCULA 128, PARA FUN\u00c7\u00c3O DE GESTOR DE PRONTO PAGAMENTO \u2013 GPP."}, {"id": "5161", "ano": "2022", "numero": "6", "tipo__sigla": "DL", "tipo__descricao": "Decreto Legislativo", "texto_integral": "http://sapl.sarandi.pr.leg.br/media/sapl/public/normajuridica/2022/5161/decreto_legislativo_no_006-2022_para_site.pdf", "ementa": "Disp\u00f5e sobre Aceita\u00e7\u00e3o do \"Veto n\u00ba 004/2022\", total ao Projeto de Lei n\u00ba 3.103/2021, de autoria da edil Erasmo Cardoso Pereira, o qual disp\u00f5e sobre que determina que os servi\u00e7os de entrega de materiais condimentos aliment\u00edcios e demais produtos adquiridos pelo Poder P\u00fablico, tenham registro fotogr\u00e1fico na entrega e d\u00e1 outras provid\u00eancias."}, {"id": "5160", "ano": "2022", "numero": "5", "tipo__sigla": "DL", "tipo__descricao": "Decreto Legislativo", "texto_integral": "http://sapl.sarandi.pr.leg.br/media/sapl/public/normajuridica/2022/5160/decreto_legislativo_no_005-2022_para_site.pdf", "ementa": "Disp\u00f5e sobre Aceita\u00e7\u00e3o do \"Veto n\u00ba 003/2022\", total ao Projeto de Lei n\u00ba 3.068/2021, de autoria da edil F\u00e1bio de Souza Silveira \"Balako\", o qual institui a gratuidade do transporte coletivo urbano municipal aos mun\u00edcipes com exame ou consulta m\u00e9dicas agendadas pelo sistema \u00fanico de sa\u00fade - SUS e d\u00e1 outras provid\u00eancias."}, {"id": "5159", "ano": "2022", "numero": "4", "tipo__sigla": "DL", "tipo__descricao": "Decreto Legislativo", "texto_integral": "http://sapl.sarandi.pr.leg.br/media/sapl/public/normajuridica/2022/5159/decreto_legislativo_no_004-2022_para_site.pdf", "ementa": "Disp\u00f5e sobre Aceita\u00e7\u00e3o do \"Veto n\u00ba 002/2022\", Total ao Projeto de Lei n\u00ba 3.100/2021, de autoria da edil Ireni Moura Farias \"Ireni Moura\", o qual disp\u00f5e que os Hospitais P\u00fablicos e Privados, bem como as institui\u00e7\u00f5es cong\u00eaneres, informem diariamente \u00e0 Secretaria Municipal de Sa\u00fade a taxa de ocupa\u00e7\u00e3o de leitos em UTI\u00b4S."}, {"id": "5158", "ano": "2022", "numero": "3", "tipo__sigla": "DL", "tipo__descricao": "Decreto Legislativo", "texto_integral": "http://sapl.sarandi.pr.leg.br/media/sapl/public/normajuridica/2022/5158/decreto_legislativo_no_003-2022_para_site.pdf", "ementa": "Disp\u00f5e sobre Aceita\u00e7\u00e3o do \"Veto n\u00ba 001/2022\", total ao Projeto de Lei n\u00ba 3.080/2021, de autoria do edil F\u00e1bio de Souza Silveira \"Balako\", o qual institui a aplica\u00e7\u00e3o de testes de tiragem do autismo em todas as crian\u00e7as que forem atendidas nas unidades b\u00e1sicas de sa\u00fade do munic\u00edpio de Sarandi e d\u00e1 outras provid\u00eancias."}, {"id": "5157", "ano": "2022", "numero": "10", "tipo__sigla": "POR", "tipo__descricao": "Portaria", "texto_integral": "http://sapl.sarandi.pr.leg.br/media/sapl/public/normajuridica/2022/5157/portaria_no010-2022_para_site.pdf", "ementa": "EXONERA A SERVIDORA M\u00d4NICA CRISTINA GONZALVES E D\u00c1 OUTRAS PROVID\u00caNCIAS."}, {"id": "5156", "ano": "2022", "numero": "9", "tipo__sigla": "POR", "tipo__descricao": "Portaria", "texto_integral": "http://sapl.sarandi.pr.leg.br/media/sapl/public/normajuridica/2022/5156/portaria_no009-2022_para_site.pdf", "ementa": "CONCEDE PROGRESS\u00c3O FUNCIONAL POR DESEMPENHO A SERVIDORA EDITE NUNES DA SILVA E D\u00c1 OUTRAS PROVID\u00caNCIAS."}, {"id": "5155", "ano": "2022", "numero": "8", "tipo__sigla": "POR", "tipo__descricao": "Portaria", "texto_integral": "http://sapl.sarandi.pr.leg.br/media/sapl/public/normajuridica/2022/5155/portaria_no008-2022_para_site.pdf", "ementa": "CONCEDE PROGRESS\u00c3O FUNCIONAL POR DESEMPENHO AO SERVIDOR DALVECIR APARECIDO BONORA E D\u00c1 OUTRAS PROVID\u00caNCIAS."}, {"id": "6068", "ano": "2022", "numero": "692", "tipo__sigla": "DE", "tipo__descricao": "Decreto Executivo", "texto_integral": "http://sapl.sarandi.pr.leg.br/media/sapl/public/normajuridica/2022/6068/decreto_executivo_no_692-2022.pdf", "ementa": "Normatiza os pedidos de corte de \u00e1rvores feitos por particulares que tem urg\u00eancia do servi\u00e7o."}, {"id": "5154", "ano": "2022", "numero": "7", "tipo__sigla": "POR", "tipo__descricao": "Portaria", "texto_integral": "http://sapl.sarandi.pr.leg.br/media/sapl/public/normajuridica/2022/5154/portaria_no007-2022_para_site.pdf", "ementa": "NOMEIA JEFERSON AUGUSTO MESQUITA DA SILVA PARA O CARGO DE ASSESSOR LEGISLATIVO E D\u00c1 OUTRAS PROVID\u00caNCIAS."}, {"id": "5453", "ano": "2022", "numero": "691", "tipo__sigla": "DE", "tipo__descricao": "Decreto Executivo", "texto_integral": "http://sapl.sarandi.pr.leg.br/media/sapl/public/normajuridica/2022/5453/decreto_executivo_no_691-2022.pdf", "ementa": "REGULAMENTA LEI MUNICIPAL N\u00ba 401/2022, QUE DISP\u00d5E SOBRE A CONCESS\u00c3O DE ABONO DO FUNDO DE MANUTEN\u00c7\u00c3O E DESENVOLVIMENTO DA EDUCA\u00c7\u00c3O B\u00c1SICA E DE VALORIZA\u00c7\u00c3O DOS PROFISSIONAIS DA EDUCA\u00c7\u00c3O \u2013 FUNDEB AOS PROFISSIONAIS DA EDUCA\u00c7\u00c3O B\u00c1SICA EM EFETIVO EXERC\u00cdCIO NA REDE P\u00daBLICA MUNICIPAL, DESTINADA A PROMOVER O CUMPRIMENTO DO DISPOSTO NO ART. 212-A, INCISO XI, DA CONSTITUI\u00c7\u00c3O FEDERAL."}, {"id": "5153", "ano": "2022", "numero": "2798", "tipo__sigla": "LEI", "tipo__descricao": "Lei Ordin\u00e1ria", "texto_integral": "http://sapl.sarandi.pr.leg.br/media/sapl/public/normajuridica/2022/5153/lei_no_2798-2022_para_o_site.pdf", "ementa": "Altera a Lei n\u00ba 2.636 de 09 de outubro de 2020, a qual Fixa os Subs\u00eddios do Prefeito, Vice-Prefeito e dos Secret\u00e1rios Municipais, MANTENDO o subs\u00eddio do m\u00eas de dezembro de 2020 para a Legislatura 2021 a 2024, na forma que especifica."}, {"id": "5152", "ano": "2022", "numero": "2797", "tipo__sigla": "LEI", "tipo__descricao": "Lei Ordin\u00e1ria", "texto_integral": "http://sapl.sarandi.pr.leg.br/media/sapl/public/normajuridica/2022/5152/lei_no_2797-2022_para_o_site.pdf", "ementa": "Disp\u00f5e sobre a atualiza\u00e7\u00e3o monet\u00e1ria do subs\u00eddio do Prefeito, Vice-Prefeito e dos Secret\u00e1rios Municipais, e d\u00e1 outras disposi\u00e7\u00f5es."}, {"id": "5151", "ano": "2022", "numero": "2796", "tipo__sigla": "LEI", "tipo__descricao": "Lei Ordin\u00e1ria", "texto_integral": "http://sapl.sarandi.pr.leg.br/media/sapl/public/normajuridica/2022/5151/lei_no_2796-2022_para_o_site.pdf", "ementa": "Disp\u00f5e sobre a atualiza\u00e7\u00e3o monet\u00e1ria do subs\u00eddio dos Vereadores da C\u00e2mara Municipal de Sarandi, e d\u00e1 outras disposi\u00e7\u00f5es."}, {"id": "5150", "ano": "2022", "numero": "2795", "tipo__sigla": "LEI", "tipo__descricao": "Lei Ordin\u00e1ria", "texto_integral": "http://sapl.sarandi.pr.leg.br/media/sapl/public/normajuridica/2022/5150/lei_no_2795-2022_para_o_site.pdf", "ementa": "Concede ganho real aos servidores pertencentes ao quadro de pessoal estatut\u00e1rio ativo e inativo, e de provimento em comiss\u00e3o da C\u00e2mara Municipal de Sarandi, e d\u00e1 outras disposi\u00e7\u00f5es."}, {"id": "5149", "ano": "2022", "numero": "2794", "tipo__sigla": "LEI", "tipo__descricao": "Lei Ordin\u00e1ria", "texto_integral": "http://sapl.sarandi.pr.leg.br/media/sapl/public/normajuridica/2022/5149/lei_no_2794-2022_para_o_site.pdf", "ementa": "Concede reposi\u00e7\u00e3o salarial aos servidores pertencentes aos quadros de pessoal estatut\u00e1rio ativo, inativo e pensionista, e de provimento em comiss\u00e3o da C\u00e2mara Municipal de Sarandi, e d\u00e1 outras disposi\u00e7\u00f5es."}, {"id": "5148", "ano": "2022", "numero": "2793", "tipo__sigla": "LEI", "tipo__descricao": "Lei Ordin\u00e1ria", "texto_integral": "http://sapl.sarandi.pr.leg.br/media/sapl/public/normajuridica/2022/5148/lei_no_2793-2022_para_o_site.pdf", "ementa": "Autoriza o Chefe do Poder Executivo Municipal a fixar piso m\u00ednimo de vencimentos dos Servidores P\u00fablicos Municipais de Sarandi e d\u00e1 outras provid\u00eancias."}, {"id": "5147", "ano": "2022", "numero": "2792", "tipo__sigla": "LEI", "tipo__descricao": "Lei Ordin\u00e1ria", "texto_integral": "http://sapl.sarandi.pr.leg.br/media/sapl/public/normajuridica/2022/5147/lei_no_2792-2022_para_o_site.pdf", "ementa": "Concede reposi\u00e7\u00e3o e aumento salarial aos servidores p\u00fablicos municipais ativos, inativos, pensionistas, do quadro do Magist\u00e9rio e cargo em comiss\u00e3o do Munic\u00edpio de Sarandi, e d\u00e1 outras disposi\u00e7\u00f5es."}, {"id": "5146", "ano": "2022", "numero": "2791", "tipo__sigla": "LEI", "tipo__descricao": "Lei Ordin\u00e1ria", "texto_integral": "http://sapl.sarandi.pr.leg.br/media/sapl/public/normajuridica/2022/5146/lei_no_2791-2022_para_o_site.pdf", "ementa": "Altera a Lei n\u00ba 2.704, de 19 de julho de 2021, que disp\u00f5e sobre as Diretrizes para a elabora\u00e7\u00e3o e execu\u00e7\u00e3o da Lei Or\u00e7ament\u00e1ria para o exerc\u00edcio de 2022 e d\u00e1 outras provid\u00eancias."}, {"id": "5145", "ano": "2022", "numero": "2790", "tipo__sigla": "LEI", "tipo__descricao": "Lei Ordin\u00e1ria", "texto_integral": "http://sapl.sarandi.pr.leg.br/media/sapl/public/normajuridica/2022/5145/lei_no_2790-2022_para_o_site.pdf", "ementa": "Disp\u00f5e sobre a abertura de Cr\u00e9dito Adicional Especial e d\u00e1 outras provid\u00eancias."}, {"id": "5144", "ano": "2022", "numero": "2789", "tipo__sigla": "LEI", "tipo__descricao": "Lei Ordin\u00e1ria", "texto_integral": "http://sapl.sarandi.pr.leg.br/media/sapl/public/normajuridica/2022/5144/lei_no_2789-2022_para_o_site.pdf", "ementa": "Disp\u00f5e sobre a aquisi\u00e7\u00e3o tempor\u00e1ria de vagas da Educa\u00e7\u00e3o Infantil em entidades educacionais privadas e d\u00e1 outras provid\u00eancias."}, {"id": "5141", "ano": "2022", "numero": "2788", "tipo__sigla": "LEI", "tipo__descricao": "Lei Ordin\u00e1ria", "texto_integral": "http://sapl.sarandi.pr.leg.br/media/sapl/public/normajuridica/2022/5141/lei_no2788-2022_para_site.pdf", "ementa": "Autoriza o Poder Executivo Municipal a efetuar a abertura de Cr\u00e9dito Adicional Suplementar no Or\u00e7amento da Autarquia \u00c1guas de Sarandi \u2013 Servi\u00e7o Municipal de Saneamento Ambiental, deste Munic\u00edpio, para o exerc\u00edcio de 2022, na forma que especifica."}, {"id": "5143", "ano": "2022", "numero": "401", "tipo__sigla": "LC", "tipo__descricao": "Lei Complementar", "texto_integral": "http://sapl.sarandi.pr.leg.br/media/sapl/public/normajuridica/2022/5143/lei_complementar_no_401-2022_para_o_site.pdf", "ementa": "Disp\u00f5e sobre a concess\u00e3o de Abono do Fundo de Manuten\u00e7\u00e3o e Desenvolvimento da Educa\u00e7\u00e3o B\u00e1sica e de Valoriza\u00e7\u00e3o dos Profissionais da Educa\u00e7\u00e3o - FUNDEB aos profissionais da Educa\u00e7\u00e3o B\u00e1sica em efetivo exerc\u00edcio na rede p\u00fablica municipal, destinada a promover o cumprimento do disposto no Art. 212-A, inciso XI, da Constitui\u00e7\u00e3o Federal."}, {"id": "5142", "ano": "2022", "numero": "400", "tipo__sigla": "LC", "tipo__descricao": "Lei Complementar", "texto_integral": "http://sapl.sarandi.pr.leg.br/media/sapl/public/normajuridica/2022/5142/lei_complementar_no_400-2022_para_o_site.pdf", "ementa": "Altera a Lei Complementar n\u00ba 355, de 11 de dezembro de 2017, que disp\u00f5e sobre o fornecimento de aux\u00edlio-alimenta\u00e7\u00e3o aos servidores efetivos e d\u00e1 outras provid\u00eancias."}, {"id": "5136", "ano": "2022", "numero": "2787", "tipo__sigla": "LEI", "tipo__descricao": "Lei Ordin\u00e1ria", "texto_integral": "http://sapl.sarandi.pr.leg.br/media/sapl/public/normajuridica/2022/5136/lei_no_2787-2022_para_o_site.pdf", "ementa": "Disp\u00f5e sobre a gratifica\u00e7\u00e3o por produtividade e desempenho e d\u00e1 outras provid\u00eancias."}, {"id": "5135", "ano": "2022", "numero": "2786", "tipo__sigla": "LEI", "tipo__descricao": "Lei Ordin\u00e1ria", "texto_integral": "http://sapl.sarandi.pr.leg.br/media/sapl/public/normajuridica/2022/5135/lei_no_2786-2022_para_o_site.pdf", "ementa": "Disp\u00f5e sobre as fun\u00e7\u00f5es de confian\u00e7a da Autarquia \u00c1guas de Sarandi Servi\u00e7o Municipal de Saneamento Ambiental e d\u00e1 outras provid\u00eancias."}, {"id": "5134", "ano": "2022", "numero": "2785", "tipo__sigla": "LEI", "tipo__descricao": "Lei Ordin\u00e1ria", "texto_integral": "http://sapl.sarandi.pr.leg.br/media/sapl/public/normajuridica/2022/5134/lei_no_2785-2022_para_o_site.pdf", "ementa": "Disp\u00f5e sobre as fun\u00e7\u00f5es gratificadas pelo exerc\u00edcio de encargos especiais na Autarquia \u00c1guas de Sarandi \u2013 Servi\u00e7o Municipal de Saneamento Ambiental e d\u00e1 outras provid\u00eancias."}, {"id": "5139", "ano": "2022", "numero": "399", "tipo__sigla": "LC", "tipo__descricao": "Lei Complementar", "texto_integral": "http://sapl.sarandi.pr.leg.br/media/sapl/public/normajuridica/2022/5139/lei_complementar_no_399-2022_para_o_site.pdf", "ementa": "Disp\u00f5e sobre a fixa\u00e7\u00e3o de Vencimento Inicial do Plano de Cargos e Carreira dos Servidores da Autarquia Aguas de Sarandi Servi\u00e7o Municipal de Saneamento Ambiental, Estado do Paran\u00e1 na forma que especifica."}, {"id": "5140", "ano": "2022", "numero": "398", "tipo__sigla": "LC", "tipo__descricao": "Lei Complementar", "texto_integral": "http://sapl.sarandi.pr.leg.br/media/sapl/public/normajuridica/2022/5140/lei_complementar_no_398-2022_para_o_site.pdf", "ementa": "Altera dispositivo da lei Complementar n\u00ba 10 de 27 de dezembro de 1992, na forma que especifica."}, {"id": "5138", "ano": "2022", "numero": "397", "tipo__sigla": "LC", "tipo__descricao": "Lei Complementar", "texto_integral": "http://sapl.sarandi.pr.leg.br/media/sapl/public/normajuridica/2022/5138/lei_complementar_no_397-2022_para_o_site.pdf", "ementa": "Disp\u00f5e sobre o Novo Plano de Cargos e Sal\u00e1rios dos Servidores P\u00fablicos da Autarquia \u00c1guas de Sarandi - Servi\u00e7o Municipal de Saneamento Ambiental  e d\u00e1 outras provid\u00eancias."}, {"id": "5137", "ano": "2022", "numero": "396", "tipo__sigla": "LC", "tipo__descricao": "Lei Complementar", "texto_integral": "http://sapl.sarandi.pr.leg.br/media/sapl/public/normajuridica/2022/5137/lei_complementar_no_396-2022_para_o_site.pdf", "ementa": "Disp\u00f5e sobre a nova Estrutura Administrativa da Autarquia \u00c1guas de Sarandi - Servi\u00e7o Municipal de Saneamento Ambiental e d\u00e1 outras provid\u00eancias."}, {"id": "5133", "ano": "2022", "numero": "6", "tipo__sigla": "POR", "tipo__descricao": "Portaria", "texto_integral": "http://sapl.sarandi.pr.leg.br/media/sapl/public/normajuridica/2022/5133/portaria_no006-2022_para_site.pdf", "ementa": "HOMOLOGA O RESULTADO DAS ELEI\u00c7\u00d5ES DAS COMISS\u00d5ES PERMANENTES E D\u00c1 OUTRAS PROVID\u00caNCIAS."}, {"id": "5130", "ano": "2022", "numero": "5", "tipo__sigla": "POR", "tipo__descricao": "Portaria", "texto_integral": "http://sapl.sarandi.pr.leg.br/media/sapl/public/normajuridica/2022/5130/portaria_no005-2022_para_site.pdf", "ementa": "NOMEIA FABIO ROBERTO CAPELLI DE ASSIS PARA CARGO DE ASSESSOR PARLAMENTAR E D\u00c1 OUTRAS PROVID\u00caNCIAS."}, {"id": "5132", "ano": "2022", "numero": "2", "tipo__sigla": "DL", "tipo__descricao": "Decreto Legislativo", "texto_integral": "http://sapl.sarandi.pr.leg.br/media/sapl/public/normajuridica/2022/5132/decreto_legislativo_no_002-2022_para_o_site.pdf", "ementa": "Autoriza o Prefeito Senhor Walter Volpato, a ausentar-se do pa\u00eds, na forma que especifica."}, {"id": "5131", "ano": "2022", "numero": "1", "tipo__sigla": "DL", "tipo__descricao": "Decreto Legislativo", "texto_integral": "http://sapl.sarandi.pr.leg.br/media/sapl/public/normajuridica/2022/5131/decreto_legislativo_no_001-2022_para_o_site.pdf", "ementa": "Concede Licen\u00e7a para  afastamento do cargo de Prefeito Municipal, ao Senhor Walter Volpato, para usufruto de f\u00e9rias integrais, na forma que especifica."}, {"id": "5858", "ano": "2022", "numero": "668", "tipo__sigla": "DE", "tipo__descricao": "Decreto Executivo", "texto_integral": "http://sapl.sarandi.pr.leg.br/media/sapl/public/normajuridica/2022/5858/decreto_executivo_no_668-2022.pdf", "ementa": "FIXA O VALOR DA UNIDADE FISCAL PADR\u00c3O DE SARANDI \u2013 UFPS, PARA O EXERC\u00cdCIO DE 2022, NA FORMA QUE ESPECIFICA."}, {"id": "5129", "ano": "2022", "numero": "4", "tipo__sigla": "POR", "tipo__descricao": "Portaria", "texto_integral": "http://sapl.sarandi.pr.leg.br/media/sapl/public/normajuridica/2022/5129/portaria_no004-2022_para_site.pdf", "ementa": "NOMEIA MATILDE FUSCO DO EGIPTO DUARTE PARA CARGO DE ASSESSOR LEGISLATIVO E D\u00c1 OUTRAS PROVID\u00caNCIAS."}, {"id": "5128", "ano": "2022", "numero": "3", "tipo__sigla": "POR", "tipo__descricao": "Portaria", "texto_integral": "http://sapl.sarandi.pr.leg.br/media/sapl/public/normajuridica/2022/5128/portaria_no003-2022_para_site.pdf", "ementa": "EXONERA O SERVIDOR ALESSANDRO APARECIDO COMBINATO, E D\u00c1 OUTRAS PROVID\u00caNCIAS."}, {"id": "5127", "ano": "2022", "numero": "2", "tipo__sigla": "POR", "tipo__descricao": "Portaria", "texto_integral": "http://sapl.sarandi.pr.leg.br/media/sapl/public/normajuridica/2022/5127/portaria_no002-2022_para_site.pdf", "ementa": "EXONERA A SERVIDORA ANNA CLAUDIA BARBOZA DOS SANTOS, E D\u00c1 OUTRAS PROVID\u00caNCIAS."}, {"id": "5126", "ano": "2022", "numero": "1", "tipo__sigla": "POR", "tipo__descricao": "Portaria", "texto_integral": "http://sapl.sarandi.pr.leg.br/media/sapl/public/normajuridica/2022/5126/portaria_no001-2022_para_site.pdf", "ementa": "DESIGNA O SERVIDOR LUCAS ATALIBA RANTIN DE CARVALHO, INSCRITO NO CPF SOB O N\u00ba 099.711.639-00, OCUPANTE DO CARGO DE OFICIAL DE SERVI\u00c7OS GERAIS, MATR\u00cdCULA 128, PARA FUN\u00c7\u00c3O DE GESTOR DE PRONTO PAGAMENTO \u2013 GPP."}, {"id": "5102", "ano": "2021", "numero": "2784", "tipo__sigla": "LEI", "tipo__descricao": "Lei Ordin\u00e1ria", "texto_integral": "http://sapl.sarandi.pr.leg.br/media/sapl/public/normajuridica/2021/5102/lei_no_2784-2021_para_o_site.pdf", "ementa": "Estima a Receita e fixa a Despesa do Munic\u00edpio de Sarandi para o exerc\u00edcio de 2022, na forma que especifica."}, {"id": "5101", "ano": "2021", "numero": "2783", "tipo__sigla": "LEI", "tipo__descricao": "Lei Ordin\u00e1ria", "texto_integral": "http://sapl.sarandi.pr.leg.br/media/sapl/public/normajuridica/2021/5101/lei_no_2783-2021_para_o_site.pdf", "ementa": "Disp\u00f5e sobre a altera\u00e7\u00e3o do Anexo de Metas e Prioridades e Anexos de Metas Fiscais da Lei de Diretrizes Or\u00e7ament\u00e1rias \u2013 LDO, do exerc\u00edcio de 2022, na forma que especifica."}, {"id": "5100", "ano": "2021", "numero": "2782", "tipo__sigla": "LEI", "tipo__descricao": "Lei Ordin\u00e1ria", "texto_integral": "http://sapl.sarandi.pr.leg.br/media/sapl/public/normajuridica/2021/5100/lei_no_2782-2021_para_o_site.pdf", "ementa": "Disp\u00f5e sobre a altera\u00e7\u00e3o dos Anexos do PPA Plano Plurianual do Munic\u00edpio de Sarandi do quadri\u00eanio 2022 a 2025, na forma que especifica."}, {"id": "5099", "ano": "2021", "numero": "2781", "tipo__sigla": "LEI", "tipo__descricao": "Lei Ordin\u00e1ria", "texto_integral": "http://sapl.sarandi.pr.leg.br/media/sapl/public/normajuridica/2021/5099/lei_no_2781-2021_para_o_site.pdf", "ementa": "Autoriza o Poder Executivo a contratar opera\u00e7\u00e3o de cr\u00e9dito com a CAIXA ECON\u00d4MICA FEDERAL, e d\u00e1 outras provid\u00eancias."}, {"id": "5098", "ano": "2021", "numero": "2780", "tipo__sigla": "LEI", "tipo__descricao": "Lei Ordin\u00e1ria", "texto_integral": "http://sapl.sarandi.pr.leg.br/media/sapl/public/normajuridica/2021/5098/lei_no_2780-2021_para_o_site.pdf", "ementa": "Veda o acesso ao servi\u00e7o p\u00fablico de pessoa que possua senten\u00e7a penal condenat\u00f3ria transitada em julgado pelo ato de praticar, induzir ou incitar a discrimina\u00e7\u00e3o ou preconceito de ra\u00e7a, cor e etnia no munic\u00edpio de Sarandi e d\u00e1 outras provid\u00eancias."}, {"id": "5104", "ano": "2021", "numero": "2779", "tipo__sigla": "LEI", "tipo__descricao": "Lei Ordin\u00e1ria", "texto_integral": "http://sapl.sarandi.pr.leg.br/media/sapl/public/normajuridica/2021/5104/lei_no_2779-2021_para_o_site.pdf", "ementa": "Disp\u00f5e sobre a abertura de Cr\u00e9dito Adicional Especial no Or\u00e7amento Anual do PRESERV e d\u00e1 outras provid\u00eancias."}, {"id": "5103", "ano": "2021", "numero": "395", "tipo__sigla": "LC", "tipo__descricao": "Lei Complementar", "texto_integral": "http://sapl.sarandi.pr.leg.br/media/sapl/public/normajuridica/2021/5103/lei_complementar_no_395-2021_para_o_site.pdf", "ementa": "Disp\u00f5e sobre a altera\u00e7\u00e3o da taxa administrativa para o custeio das despesas administrativas da Caixa de Aposentadoria e Pens\u00f5es dos Servidores Municipais de Sarandi e d\u00e1 outras provid\u00eancias."}, {"id": "5097", "ano": "2021", "numero": "121", "tipo__sigla": "POR", "tipo__descricao": "Portaria", "texto_integral": "http://sapl.sarandi.pr.leg.br/media/sapl/public/normajuridica/2021/5097/portaria_no121-2021_para_site.pdf", "ementa": "FIXA RECESSO ADMINISTRATIVO DE FINAL DE ANO, E D\u00c1 OUTRAS PROVID\u00caNCIAS."}, {"id": "5096", "ano": "2021", "numero": "120", "tipo__sigla": "POR", "tipo__descricao": "Portaria", "texto_integral": "http://sapl.sarandi.pr.leg.br/media/sapl/public/normajuridica/2021/5096/portaria_no120-2021_para_site.pdf", "ementa": "CONCEDE PROGRESS\u00c3O FUNCIONAL POR DESEMPENHO AO SERVIDOR DHYMISON DA SILVA RAMOS E D\u00c1 OUTRAS PROVID\u00caNCIAS."}, {"id": "5095", "ano": "2021", "numero": "119", "tipo__sigla": "POR", "tipo__descricao": "Portaria", "texto_integral": "http://sapl.sarandi.pr.leg.br/media/sapl/public/normajuridica/2021/5095/portaria_no119-2021_para_site.pdf", "ementa": "CONCEDE PROGRESS\u00c3O FUNCIONAL POR DESEMPENHO A SERVIDORA D\u00c9BORA APARECIDA DE SOUZA E D\u00c1 OUTRAS PROVID\u00caNCIAS."}, {"id": "5094", "ano": "2021", "numero": "118", "tipo__sigla": "POR", "tipo__descricao": "Portaria", "texto_integral": "http://sapl.sarandi.pr.leg.br/media/sapl/public/normajuridica/2021/5094/portaria_no118-2021_para_site.pdf", "ementa": "CONCEDE PROGRESS\u00c3O FUNCIONAL POR DESEMPENHO AO SERVIDOR JO\u00c3O LEONARDO PINELLI MILHAN E DA OUTRAS PROVID\u00caNCIAS."}, {"id": "5093", "ano": "2021", "numero": "117", "tipo__sigla": "POR", "tipo__descricao": "Portaria", "texto_integral": "http://sapl.sarandi.pr.leg.br/media/sapl/public/normajuridica/2021/5093/portaria_no117-2021_para_site.pdf", "ementa": "CONCEDE PROGRESS\u00c3O FUNCIONAL AO SERVIDOR RENAN AUGUSTO DOS SANTOS VOLPATTO E DA OUTRAS PROVID\u00caNCIAS."}, {"id": "5092", "ano": "2021", "numero": "116", "tipo__sigla": "POR", "tipo__descricao": "Portaria", "texto_integral": "http://sapl.sarandi.pr.leg.br/media/sapl/public/normajuridica/2021/5092/portaria_no116-2021_para_site.pdf", "ementa": "CONCEDE PROGRESS\u00c3O FUNCIONAL POR DESEMPENHO AO SERVIDOR JO\u00c3O ROBERTO DOS SANTOS LOPES E D\u00c1 OUTRAS PROVID\u00caNCIAS."}, {"id": "5091", "ano": "2021", "numero": "115", "tipo__sigla": "POR", "tipo__descricao": "Portaria", "texto_integral": "http://sapl.sarandi.pr.leg.br/media/sapl/public/normajuridica/2021/5091/portaria_no115-2021_para_site.pdf", "ementa": "CONCEDE PROGRESS\u00c3O FUNCIONAL POR DESEMPENHO A SERVIDORA LUZIA AZEVEDO DIAS E D\u00c1 OUTRAS PROVID\u00caNCIAS."}, {"id": "5110", "ano": "2021", "numero": "2778", "tipo__sigla": "LEI", "tipo__descricao": "Lei Ordin\u00e1ria", "texto_integral": "http://sapl.sarandi.pr.leg.br/media/sapl/public/normajuridica/2021/5110/lei_no_2778-2021_para_o_site.pdf", "ementa": "Disp\u00f5e sobre a reserva de vagas para os negros nos concursos p\u00fablicos da Administra\u00e7\u00e3o P\u00fablica Municipal e d\u00e1 outras provid\u00eancias."}, {"id": "5109", "ano": "2021", "numero": "2777", "tipo__sigla": "LEI", "tipo__descricao": "Lei Ordin\u00e1ria", "texto_integral": "http://sapl.sarandi.pr.leg.br/media/sapl/public/normajuridica/2021/5109/lei_no_2777-2021_para_o_site.pdf", "ementa": "D\u00e1 denomina\u00e7\u00e3o a pr\u00f3prio p\u00fablico municipal, situado no Lote 01A da Quadra 14, na Rua Vereador Jos\u00e9 Fernandes n\u00ba 1.647, Jardim Independ\u00eancia 1\u00aa Parte, na forma que especifica."}, {"id": "5108", "ano": "2021", "numero": "2776", "tipo__sigla": "LEI", "tipo__descricao": "Lei Ordin\u00e1ria", "texto_integral": "http://sapl.sarandi.pr.leg.br/media/sapl/public/normajuridica/2021/5108/lei_no_2776-2021_para_o_site.pdf", "ementa": "D\u00e1 denomina\u00e7\u00e3o a Unidade B\u00e1sica de Sa\u00fade, na Quadra 90 Lote 19 situada na Avenida Brasil do Jardim Independ\u00eancia, na forma que especifica."}, {"id": "5107", "ano": "2021", "numero": "2775", "tipo__sigla": "LEI", "tipo__descricao": "Lei Ordin\u00e1ria", "texto_integral": "http://sapl.sarandi.pr.leg.br/media/sapl/public/normajuridica/2021/5107/lei_no_2775-2021_para_o_site.pdf", "ementa": "D\u00e1 denomina\u00e7\u00e3o a pr\u00f3prio p\u00fablico municipal, situado no Lote 282-B-2, esquina das Avenidas Rio de Janeiro e Jo\u00e3o Marangoni na Gleba Patrim\u00f4nio Sarandi, na forma que especifica."}, {"id": "5106", "ano": "2021", "numero": "2774", "tipo__sigla": "LEI", "tipo__descricao": "Lei Ordin\u00e1ria", "texto_integral": "http://sapl.sarandi.pr.leg.br/media/sapl/public/normajuridica/2021/5106/lei_no_2774-2021_para_o_site.pdf", "ementa": "D\u00e1 denomina\u00e7\u00e3o a pr\u00f3prio p\u00fablico municipal, situado no Lote 04 da Quadra 205, esquina da Avenida Rio Branco com a Rua Machado de Assis no Conjunto Habitacional Casa da Fam\u00edlia, na forma que especifica."}, {"id": "5105", "ano": "2021", "numero": "2773", "tipo__sigla": "LEI", "tipo__descricao": "Lei Ordin\u00e1ria", "texto_integral": "http://sapl.sarandi.pr.leg.br/media/sapl/public/normajuridica/2021/5105/lei_no_2773-2021_para_o_site.pdf", "ementa": "D\u00e1 denomina\u00e7\u00e3o a pr\u00f3prio p\u00fablico municipal, situado no Lote 24 da Quadra 205, esquina das Ruas Geraldo Xavier e Machado de Assis no Conjunto Habitacional Casa da Fam\u00edlia, na forma que especifica."}, {"id": "5125", "ano": "2021", "numero": "2772", "tipo__sigla": "LEI", "tipo__descricao": "Lei Ordin\u00e1ria", "texto_integral": "http://sapl.sarandi.pr.leg.br/media/sapl/public/normajuridica/2021/5125/lei_no_2772-2021_para_o_site.pdf", "ementa": "Autoriza o Poder Legislativo Municipal a realizar a doa\u00e7\u00e3o de bem m\u00f3vel ao Poder Executivo Municipal."}, {"id": "5124", "ano": "2021", "numero": "2771", "tipo__sigla": "LEI", "tipo__descricao": "Lei Ordin\u00e1ria", "texto_integral": "http://sapl.sarandi.pr.leg.br/media/sapl/public/normajuridica/2021/5124/lei_no_2771-2021_para_o_site.pdf", "ementa": "D\u00e1 denomina\u00e7\u00e3o a Unidade B\u00e1sica de Sa\u00fade, do Lote 05 Quadra 13 situada na Rua Castro Alves do Jardim Ouro Verde, na forma que especifica."}, {"id": "5123", "ano": "2021", "numero": "2770", "tipo__sigla": "LEI", "tipo__descricao": "Lei Ordin\u00e1ria", "texto_integral": "http://sapl.sarandi.pr.leg.br/media/sapl/public/normajuridica/2021/5123/lei_no_2770-2021_para_o_site.pdf", "ementa": "D\u00e1 denomina\u00e7\u00e3o \u00e0 Rua 9307, situada no Loteamento Ecovalley, na forma que especifica."}, {"id": "5122", "ano": "2021", "numero": "2769", "tipo__sigla": "LEI", "tipo__descricao": "Lei Ordin\u00e1ria", "texto_integral": "http://sapl.sarandi.pr.leg.br/media/sapl/public/normajuridica/2021/5122/lei_no_2769-2021_para_o_site.pdf", "ementa": "D\u00e1 denomina\u00e7\u00e3o \u00e0s Rua 9347 e Projetada \u201cA\u201d, situadas no Loteamento Ecovalley e Parque da G\u00e1vea, respectivamente, na forma que especifica."}, {"id": "5121", "ano": "2021", "numero": "2768", "tipo__sigla": "LEI", "tipo__descricao": "Lei Ordin\u00e1ria", "texto_integral": "http://sapl.sarandi.pr.leg.br/media/sapl/public/normajuridica/2021/5121/lei_no_2768-2021_para_o_site.pdf", "ementa": "D\u00e1 denomina\u00e7\u00e3o a Rua 198/199-12, situada na Gleba Patrim\u00f4nio Sarandi, na forma que especifica."}, {"id": "5119", "ano": "2021", "numero": "2767", "tipo__sigla": "LEI", "tipo__descricao": "Lei Ordin\u00e1ria", "texto_integral": "http://sapl.sarandi.pr.leg.br/media/sapl/public/normajuridica/2021/5119/lei_no_2767-2021_para_o_site.pdf", "ementa": "D\u00e1 denomina\u00e7\u00e3o a Viela 03, situada no Jardim Independ\u00eancia 3\u00aa Parte, na forma que especifica."}, {"id": "5118", "ano": "2021", "numero": "2766", "tipo__sigla": "LEI", "tipo__descricao": "Lei Ordin\u00e1ria", "texto_integral": "http://sapl.sarandi.pr.leg.br/media/sapl/public/normajuridica/2021/5118/lei_no_2766-2021_para_o_site.pdf", "ementa": "D\u00e1 denomina\u00e7\u00e3o a Viela 02, situada no Jardim Independ\u00eancia 3\u00aa Parte, na forma que especifica."}, {"id": "5120", "ano": "2021", "numero": "2765", "tipo__sigla": "LEI", "tipo__descricao": "Lei Ordin\u00e1ria", "texto_integral": "http://sapl.sarandi.pr.leg.br/media/sapl/public/normajuridica/2021/5120/lei_no_2765-2021_para_o_site.pdf", "ementa": "D\u00e1 denomina\u00e7\u00e3o a Rua Projetada F, situada no Conjunto Mau\u00e1 e Jardim Maring\u00e1, na forma que especifica."}, {"id": "5117", "ano": "2021", "numero": "2764", "tipo__sigla": "LEI", "tipo__descricao": "Lei Ordin\u00e1ria", "texto_integral": "http://sapl.sarandi.pr.leg.br/media/sapl/public/normajuridica/2021/5117/lei_no_2764-2021_para_o_site.pdf", "ementa": "D\u00e1 denomina\u00e7\u00e3o a Viela 01, situada no Jardim Independ\u00eancia 3\u00aa Parte, na forma que especifica."}, {"id": "5116", "ano": "2021", "numero": "2763", "tipo__sigla": "LEI", "tipo__descricao": "Lei Ordin\u00e1ria", "texto_integral": "http://sapl.sarandi.pr.leg.br/media/sapl/public/normajuridica/2021/5116/lei_no_2763-2021_para_o_site.pdf", "ementa": "D\u00e1 denomina\u00e7\u00e3o a Rua 04, situada no Jardim Social, Jardim Nova Independ\u00eancia 1\u00aa Parte e Jardim Nova Independ\u00eancia 2\u00aa Parte, na forma que especifica."}, {"id": "5115", "ano": "2021", "numero": "2762", "tipo__sigla": "LEI", "tipo__descricao": "Lei Ordin\u00e1ria", "texto_integral": "http://sapl.sarandi.pr.leg.br/media/sapl/public/normajuridica/2021/5115/lei_no_2762-2021_para_o_site.pdf", "ementa": "D\u00e1 denomina\u00e7\u00e3o a Rua 03, situada no Jardim Social, Jardim Nova Independ\u00eancia 1\u00aa Parte e Jardim Nova Independ\u00eancia 2\u00aa Parte, na forma que especifica."}, {"id": "5114", "ano": "2021", "numero": "2761", "tipo__sigla": "LEI", "tipo__descricao": "Lei Ordin\u00e1ria", "texto_integral": "http://sapl.sarandi.pr.leg.br/media/sapl/public/normajuridica/2021/5114/lei_no_2761-2021_para_o_site.pdf", "ementa": "D\u00e1 denomina\u00e7\u00e3o a Rua 02, situada no Jardim Social e Jardim Nova Independ\u00eancia 1\u00aa Parte, na forma que especifica."}, {"id": "5113", "ano": "2021", "numero": "2760", "tipo__sigla": "LEI", "tipo__descricao": "Lei Ordin\u00e1ria", "texto_integral": "http://sapl.sarandi.pr.leg.br/media/sapl/public/normajuridica/2021/5113/lei_no_2760-2021_para_site.pdf", "ementa": "D\u00e1 denomina\u00e7\u00e3o a Rua 01, situada no Jardim Social e Jardim Nova Independ\u00eancia 1\u00aa Parte, na forma que especifica."}, {"id": "5112", "ano": "2021", "numero": "2759", "tipo__sigla": "LEI", "tipo__descricao": "Lei Ordin\u00e1ria", "texto_integral": "http://sapl.sarandi.pr.leg.br/media/sapl/public/normajuridica/2021/5112/lei_no_2759-2021_para_o_site.pdf", "ementa": "Institui o \u201cPrograma Lei Maria da Penha vai \u00e0 Escola\u201d e d\u00e1 outras provid\u00eancias."}, {"id": "5111", "ano": "2021", "numero": "2758", "tipo__sigla": "LEI", "tipo__descricao": "Lei Ordin\u00e1ria", "texto_integral": "http://sapl.sarandi.pr.leg.br/media/sapl/public/normajuridica/2021/5111/lei_no_2758-2021_para_o_site.pdf", "ementa": "Disp\u00f5e sobre a inclus\u00e3o das atividades educacionais no Munic\u00edpio de Sarandi em formato presencial, como servi\u00e7os essenciais e d\u00e1 outras provid\u00eancias."}, {"id": "5090", "ano": "2021", "numero": "114", "tipo__sigla": "POR", "tipo__descricao": "Portaria", "texto_integral": "http://sapl.sarandi.pr.leg.br/media/sapl/public/normajuridica/2021/5090/portaria_no114-2021_para_site.pdf", "ementa": "EXONERA A SERVIDORA TATIANE CRISTINA SILVA LOBIANCO E DA OUTRAS PROVID\u00caNCIAS."}, {"id": "5089", "ano": "2021", "numero": "6", "tipo__sigla": "EDA", "tipo__descricao": "Edital - Audi\u00eancia", "texto_integral": "http://sapl.sarandi.pr.leg.br/media/sapl/public/normajuridica/2021/5089/edital_no_006-2021_para_site.pdf", "ementa": "AUDI\u00caNCIA PUBLICA PARA DISCUSS\u00c3O DOS PROJETOS DE LEIS OR\u00c7AMENT\u00c1RIOS PARA 2022."}, {"id": "5082", "ano": "2021", "numero": "2753", "tipo__sigla": "LEI", "tipo__descricao": "Lei Ordin\u00e1ria", "texto_integral": "http://sapl.sarandi.pr.leg.br/media/sapl/public/normajuridica/2021/5082/lei_no_2753-2021_para_site_-_promulgada_pela_camara.pdf", "ementa": "Autoriza o Poder Executivo a Instituir o \u201cPrograma de Incentivo ao Emplacamento de Ve\u00edculos e Transfer\u00eancia de Placas para o Munic\u00edpio de Sarandi visando aumentar a arrecada\u00e7\u00e3o do Imposto sobre a Propriedade de Ve\u00edculos Automotores \u2013 IPVA denominado MINHA PLACA \u00c9 SARANDI\u201d e d\u00e1 outras provid\u00eancias."}, {"id": "5087", "ano": "2021", "numero": "2757", "tipo__sigla": "LEI", "tipo__descricao": "Lei Ordin\u00e1ria", "texto_integral": "http://sapl.sarandi.pr.leg.br/media/sapl/public/normajuridica/2021/5087/lei_no_2757-2021_para_site.pdf", "ementa": "D\u00e1 denomina\u00e7\u00e3o ao Campo de Futebol, situado no Parque Residencial Bela Vista 2\u00aa Parte, na forma que especifica."}, {"id": "5086", "ano": "2021", "numero": "2756", "tipo__sigla": "LEI", "tipo__descricao": "Lei Ordin\u00e1ria", "texto_integral": "http://sapl.sarandi.pr.leg.br/media/sapl/public/normajuridica/2021/5086/lei_no_2756-2021_para_site.pdf", "ementa": "D\u00e1 denomina\u00e7\u00e3o de Rua Pioneiro Francisco Brogio, no Per\u00edmetro Urbano de Sarandi, na forma que especifica."}, {"id": "5085", "ano": "2021", "numero": "2755", "tipo__sigla": "LEI", "tipo__descricao": "Lei Ordin\u00e1ria", "texto_integral": "http://sapl.sarandi.pr.leg.br/media/sapl/public/normajuridica/2021/5085/lei_no_2755-2021_para_site.pdf", "ementa": "Autoriza o Chefe de Poder Executivo Municipal a instituir no Munic\u00edpio o Concurso de Decora\u00e7\u00f5es Natalinas."}, {"id": "5084", "ano": "2021", "numero": "2754", "tipo__sigla": "LEI", "tipo__descricao": "Lei Ordin\u00e1ria", "texto_integral": "http://sapl.sarandi.pr.leg.br/media/sapl/public/normajuridica/2021/5084/lei_no_2754-2021_para_site.pdf", "ementa": "Disp\u00f5e sobre concess\u00e3o de di\u00e1rias aos servidores estatut\u00e1rios e demais agentes p\u00fablicos nomeados em cargos de livre nomea\u00e7\u00e3o e exonera\u00e7\u00e3o da Administra\u00e7\u00e3o Direta e Indireta do Munic\u00edpio de Sarandi-PR."}, {"id": "5083", "ano": "2021", "numero": "394", "tipo__sigla": "LC", "tipo__descricao": "Lei Complementar", "texto_integral": "http://sapl.sarandi.pr.leg.br/media/sapl/public/normajuridica/2021/5083/lei_compl._no_394-2021_para_site.pdf", "ementa": "Altera dispositivo da lei Complementar n\u00ba 10 de 27 de dezembro de 1992, na forma que especifica."}, {"id": "5070", "ano": "2021", "numero": "393", "tipo__sigla": "LC", "tipo__descricao": "Lei Complementar", "texto_integral": "http://sapl.sarandi.pr.leg.br/media/sapl/public/normajuridica/2021/5070/lei_compl._no_393-2021_para_site.pdf", "ementa": "Revoga e altera os dispositivos da Lei Complementar n\u00ba 264 de 13 de dezembro de 2011 que \"Reestrutura o Regime Pr\u00f3prio de Previd\u00eancia Social do Munic\u00edpio de Sarandi e d\u00e1 outras provid\u00eancias\"."}, {"id": "5069", "ano": "2021", "numero": "392", "tipo__sigla": "LC", "tipo__descricao": "Lei Complementar", "texto_integral": "http://sapl.sarandi.pr.leg.br/media/sapl/public/normajuridica/2021/5069/lei_compl._no_392-2021_para_site.pdf", "ementa": "Institui o Regime de Previd\u00eancia Complementar no \u00e2mbito do Munic\u00edpio de Sarandi; fixa o limite m\u00e1ximo para a concess\u00e3o de aposentadorias e pens\u00f5es pelo regime de previd\u00eancia de que trata o art. 40 da Constitui\u00e7\u00e3o Federal; autoriza a ades\u00e3o a plano de benef\u00edcios de previd\u00eancia complementar, e d\u00e1 outras provid\u00eancias."}, {"id": "5071", "ano": "2021", "numero": "8", "tipo__sigla": "ATP", "tipo__descricao": "Ato da Presid\u00eancia", "texto_integral": "http://sapl.sarandi.pr.leg.br/media/sapl/public/normajuridica/2021/5071/ato_da_presidencia_no_008-2021_para_site.pdf", "ementa": "Fixa o Calend\u00e1rio Eleitoral para Conselheiros do PRESERV, e d\u00e1 outras provid\u00eancias."}, {"id": "5081", "ano": "2021", "numero": "16", "tipo__sigla": "DL", "tipo__descricao": "Decreto Legislativo", "texto_integral": "http://sapl.sarandi.pr.leg.br/media/sapl/public/normajuridica/2021/5081/decreto_legislativo_no_016-2021_para_site.pdf", "ementa": "Disp\u00f5e sobre Aceita\u00e7\u00e3o do \"Veto n\u00ba 011/2021\", Total ao Projeto de Lei n\u00ba3.102/2021, de autoria do vereador Erasmo Cardoso Pereira, o qual disp\u00f5e sobre o direito aos propriet\u00e1rios de animais de pequeno porte e de c\u00e3es-guia no transporte rodovi\u00e1rio municipal, e d\u00e1 outras provid\u00eancias."}, {"id": "5080", "ano": "2021", "numero": "15", "tipo__sigla": "DL", "tipo__descricao": "Decreto Legislativo", "texto_integral": "http://sapl.sarandi.pr.leg.br/media/sapl/public/normajuridica/2021/5080/decreto_legislativo_no_015-2021_para_site.pdf", "ementa": "Disp\u00f5e sobre Aceita\u00e7\u00e3o do \"Veto n\u00ba 010/2021\", Total ao Projeto de Lei n\u00ba3.089/2021, de autoria do Vereador Dionizio Aparecido Viaro \"Diocar\", o qual torna p\u00fablica as listas de espera dos inscritos na Secretaria de Assist\u00eancia Social, e d\u00e1 outras provid\u00eancias."}, {"id": "5079", "ano": "2021", "numero": "14", "tipo__sigla": "DL", "tipo__descricao": "Decreto Legislativo", "texto_integral": "http://sapl.sarandi.pr.leg.br/media/sapl/public/normajuridica/2021/5079/decreto_legislativo_no_014-2021_para_site.pdf", "ementa": "Disp\u00f5e sobre Aceita\u00e7\u00e3o do \"Veto n\u00ba 009/2021\", Total ao Projeto de Lei n\u00ba 3.085/2021, de autoria do Vereador Dionizio Aparecido Viaro \"Diocar\", o qual institui medidas para promover \u00e0 seguran\u00e7a, a preven\u00e7\u00e3o, a prote\u00e7\u00e3o, a preven\u00e7\u00e3o, a prote\u00e7\u00e3o e o combate \u00e0 viol\u00eancia contra profissionais do ensino no munic\u00edpio de Sarandi e d\u00e1 outras provid\u00eancias."}, {"id": "5078", "ano": "2021", "numero": "13", "tipo__sigla": "DL", "tipo__descricao": "Decreto Legislativo", "texto_integral": "http://sapl.sarandi.pr.leg.br/media/sapl/public/normajuridica/2021/5078/decreto_legislativo_no_013-2021_para_site.pdf", "ementa": "Disp\u00f5e sobre Aceita\u00e7\u00e3o do \"Veto n\u00ba 008/2021\", Total ao Projeto de Lei n\u00ba 3.082/2021, de autoria do Vereador F\u00e1bio de Souza Silveira \"Balako\", o qual disp\u00f5e sobre Pol\u00edtica Municipal Para a Popula\u00e7\u00e3o de Moradores em Situa\u00e7\u00e3o de Rua e d\u00e1 outras Provid\u00eancias."}, {"id": "5077", "ano": "2021", "numero": "12", "tipo__sigla": "DL", "tipo__descricao": "Decreto Legislativo", "texto_integral": "http://sapl.sarandi.pr.leg.br/media/sapl/public/normajuridica/2021/5077/decreto_legislativo_no_012-2021_para_site.pdf", "ementa": "Disp\u00f5e sobre Aceita\u00e7\u00e3o do \"Veto n\u00ba 007/2021\", Total ao Projeto de Lei n\u00ba 3.077/2021, de autoria do Vereador F\u00e1bio de Souza Silveira \"Balako\", o qual institui o IPTU Verde no munic\u00edpio de Sarandi."}, {"id": "5076", "ano": "2021", "numero": "11", "tipo__sigla": "DL", "tipo__descricao": "Decreto Legislativo", "texto_integral": "http://sapl.sarandi.pr.leg.br/media/sapl/public/normajuridica/2021/5076/decreto_legislativo_no_011-2021_para_site.pdf", "ementa": "Disp\u00f5e sobre Aceita\u00e7\u00e3o do \"Veto n\u00ba 006/2021\", total ao Projeto de Lei n\u00ba 3.076/2021, de autoria do Vereador F\u00e1bio de Souza Silveira \"Balako\", o qual disp\u00f5e sobre a implanta\u00e7\u00e3o do Banco de Materiais Ortop\u00e9dicos no munic\u00edpio de Sarandi e d\u00e1 outras provid\u00eancias."}, {"id": "5075", "ano": "2021", "numero": "10", "tipo__sigla": "DL", "tipo__descricao": "Decreto Legislativo", "texto_integral": "http://sapl.sarandi.pr.leg.br/media/sapl/public/normajuridica/2021/5075/decreto_legislativo_no_010-2021_para_site.pdf", "ementa": "Disp\u00f5e sobre a Aceita\u00e7\u00e3o do \"Veto n\u00ba 005/2021\", total ao Projeto de Lei n\u00ba 3.072/2021, de autoria do Vereador F\u00e1bio de Souza Silveira \"Balako\", o qual estabelece a vacina\u00e7\u00e3o domiciliar de idosos com dificuldades de locomo\u00e7\u00e3o e pessoas com defici\u00eancia no munic\u00edpio."}, {"id": "5074", "ano": "2021", "numero": "9", "tipo__sigla": "DL", "tipo__descricao": "Decreto Legislativo", "texto_integral": "http://sapl.sarandi.pr.leg.br/media/sapl/public/normajuridica/2021/5074/decreto_legislativo_no_009-2021_para_site.pdf", "ementa": "Disp\u00f5e sobre Aceita\u00e7\u00e3o do \"Veto n\u00ba 004/2021\", Total ao Projeto de Lei n\u00ba 3.069/2021, de Autoria do Vereador F\u00e1bio de Souza Silveira \"Balako\", o qual disp\u00f5e sobre o atendimento priorit\u00e1rio aos portadores de doen\u00e7as raras e estabelece diretrizes para a promo\u00e7\u00e3o da educa\u00e7\u00e3o para as doen\u00e7as raras e gen\u00e9ticas no \u00e2mbito do munic\u00edpio de Sarandi e d\u00e1 outras provid\u00eancias."}, {"id": "5073", "ano": "2021", "numero": "8", "tipo__sigla": "DL", "tipo__descricao": "Decreto Legislativo", "texto_integral": "http://sapl.sarandi.pr.leg.br/media/sapl/public/normajuridica/2021/5073/decreto_legislativo_no_008-2021_para_site.pdf", "ementa": "Disp\u00f5e sobre Rejei\u00e7\u00e3o do \"Veto n\u00ba 003/2021\", Total ao Projeto Lei n\u00ba 3.067/2021, de autoria do Vereador Eunildo Zanchim \"Nild\u00e3o\", o qual autoriza o Poder Executivo a instituir o \"Programa de Incentivo ao Emplacamento de Ve\u00edculos e Transfer\u00eancia de Placas para o munic\u00edpio de Sarandi visando aumentar a arrecada\u00e7\u00e3o do Imposto sobre a Propriedade de Ve\u00edculos Automotores - IPVA denominado Minha Placa \u00e9 Sarandi\" e d\u00e1 outras provid\u00eancias."}, {"id": "5072", "ano": "2021", "numero": "7", "tipo__sigla": "DL", "tipo__descricao": "Decreto Legislativo", "texto_integral": "http://sapl.sarandi.pr.leg.br/media/sapl/public/normajuridica/2021/5072/decreto_legislativo_no_007-2021_para_site.pdf", "ementa": "Disp\u00f5e sobre a Aceita\u00e7\u00e3o do \"Veto n\u00ba 002/2021\", Total ao Projeto Lei n\u00ba 2.974/2020, de autoria do Vereador Dionizio Aparecido Viaro \"Diocar\", o qual veda o acesso ao servi\u00e7o p\u00fablico no munic\u00edpio de Sarandi \u00e0 pessoa que possua senten\u00e7a penal condenat\u00f3ria transitada em julgado por pr\u00e1tica de crime com viol\u00eancia dom\u00e9stica e familiar."}, {"id": "5068", "ano": "2021", "numero": "2752", "tipo__sigla": "LEI", "tipo__descricao": "Lei Ordin\u00e1ria", "texto_integral": "http://sapl.sarandi.pr.leg.br/media/sapl/public/normajuridica/2021/5068/lei_no_2752-2021_para_site.pdf", "ementa": "Autoriza o Poder Executivo Municipal a contratar opera\u00e7\u00f5es de cr\u00e9dito com a Ag\u00eancia de Fomento do Paran\u00e1 S.A."}, {"id": "5861", "ano": "2021", "numero": "598", "tipo__sigla": "DE", "tipo__descricao": "Decreto Executivo", "texto_integral": "http://sapl.sarandi.pr.leg.br/media/sapl/public/normajuridica/2021/5861/decreto_executivo_no_598-2021.pdf", "ementa": "REGULAMENTA A LEI N\u00ba 2548/2019, QUE INSTITUI NO MUNIC\u00cdPIO DE SARANDI O EVENTO DENOMINADO \u201cENCONTRO DE VE\u00cdCULOS ANTIGOS\u201d E D\u00c1 OUTRAS PROVID\u00caNCIAS."}, {"id": "5067", "ano": "2021", "numero": "113", "tipo__sigla": "POR", "tipo__descricao": "Portaria", "texto_integral": "http://sapl.sarandi.pr.leg.br/media/sapl/public/normajuridica/2021/5067/portaria_no_113-2021_para_site.pdf", "ementa": "CONCEDE LICEN\u00c7A ESPECIAL A SERVIDORA LUZIA AZEVEDO DIAS E D\u00c1 OUTRAS PROVID\u00caNCIAS."}, {"id": "5066", "ano": "2021", "numero": "2751", "tipo__sigla": "LEI", "tipo__descricao": "Lei Ordin\u00e1ria", "texto_integral": "http://sapl.sarandi.pr.leg.br/media/sapl/public/normajuridica/2021/5066/lei_no_2751-2021_para_site.pdf", "ementa": "Altera o art. 1\u00ba da Lei 2.673/2021 e suspende a aplica\u00e7\u00e3o do \u00edndice concedido a t\u00edtulo de reposi\u00e7\u00e3o salarial."}, {"id": "5065", "ano": "2021", "numero": "2750", "tipo__sigla": "LEI", "tipo__descricao": "Lei Ordin\u00e1ria", "texto_integral": "http://sapl.sarandi.pr.leg.br/media/sapl/public/normajuridica/2021/5065/lei_no_2750-2021_para_site.pdf", "ementa": "Disp\u00f5e sobre a alimenta\u00e7\u00e3o de animais comunit\u00e1rios ou abandonados no Munic\u00edpio de Sarandi e d\u00e1 outras provid\u00eancias."}, {"id": "5064", "ano": "2021", "numero": "2749", "tipo__sigla": "LEI", "tipo__descricao": "Lei Ordin\u00e1ria", "texto_integral": "http://sapl.sarandi.pr.leg.br/media/sapl/public/normajuridica/2021/5064/lei_no_2749-2021_para_site.pdf", "ementa": "Institui no Munic\u00edpio de Sarandi o direito da pessoa com Transtorno do Espectro Autista de utilizar as vagas de estacionamento aberto ao p\u00fablico, localizadas em logradouros ou estacionamentos de uso p\u00fablico ou privado de uso coletivo, destinadas a ve\u00edculos que transportem pessoas com defici\u00eancia com comprometimento de mobilidade, e d\u00e1 outras provid\u00eancia"}, {"id": "5063", "ano": "2021", "numero": "2748", "tipo__sigla": "LEI", "tipo__descricao": "Lei Ordin\u00e1ria", "texto_integral": "http://sapl.sarandi.pr.leg.br/media/sapl/public/normajuridica/2021/5063/lei_no_2748-2021_para_site.pdf", "ementa": "Disp\u00f5e sobre a institui\u00e7\u00e3o do Programa Viva Sem Sufoco, que estabelece que hospitais e maternidades do Munic\u00edpio de Sarandi ofere\u00e7am aos pais e/ou respons\u00e1veis de rec\u00e9m-nascidos, orienta\u00e7\u00f5es e treinamento para primeiros socorros em caso de engasgamento, aspira\u00e7\u00e3o de corpo estranho e preven\u00e7\u00e3o de morte s\u00fabita, conforme especifica."}, {"id": "5062", "ano": "2021", "numero": "112", "tipo__sigla": "POR", "tipo__descricao": "Portaria", "texto_integral": "http://sapl.sarandi.pr.leg.br/media/sapl/public/normajuridica/2021/5062/portaria_no_112-2021_para_site.pdf", "ementa": "DISCIPLINA OS PROCEDIMENTOS DE DEMANDAS EXTERNAS E D\u00c1 OUTRAS PROVID\u00caNCIAS."}, {"id": "5060", "ano": "2021", "numero": "111", "tipo__sigla": "POR", "tipo__descricao": "Portaria", "texto_integral": "http://sapl.sarandi.pr.leg.br/media/sapl/public/normajuridica/2021/5060/portaria_no_111-2021_para_site.pdf", "ementa": "CONCEDE PROGRESS\u00c3O FUNCIONAL POR DESEMPENHO A SERVIDORA SANDRA DA MATA CLEMENTE DUARTE E DA OUTRAS PROVID\u00caNCIAS."}, {"id": "5059", "ano": "2021", "numero": "110", "tipo__sigla": "POR", "tipo__descricao": "Portaria", "texto_integral": "http://sapl.sarandi.pr.leg.br/media/sapl/public/normajuridica/2021/5059/portaria_no_110-2021_para_site.pdf", "ementa": "CONCEDE PROGRESS\u00c3O FUNCIONAL POR DESEMPENHO AO SERVIDOR LUCAS ATALIBA RANTIN DE CARVALHO E DA OUTRAS PROVID\u00caNCIAS."}, {"id": "5058", "ano": "2021", "numero": "109", "tipo__sigla": "POR", "tipo__descricao": "Portaria", "texto_integral": "http://sapl.sarandi.pr.leg.br/media/sapl/public/normajuridica/2021/5058/portaria_no_109-2021_para_site.pdf", "ementa": "CONCEDE PROGRESS\u00c3O FUNCIONAL POR DESEMPENHO A SERVIDORA CAMILA DE SOUZA BUENO DOS SANTOS E D\u00c1 OUTRAS PROVID\u00caNCIAS."}, {"id": "5061", "ano": "2021", "numero": "391", "tipo__sigla": "LC", "tipo__descricao": "Lei Complementar", "texto_integral": "http://sapl.sarandi.pr.leg.br/media/sapl/public/normajuridica/2021/5061/lei_compl._no_391-2021_para_site.pdf", "ementa": "Institui o programa de regulariza\u00e7\u00e3o de edifica\u00e7\u00f5es urbanas do munic\u00edpio de Sarandi."}, {"id": "5057", "ano": "2021", "numero": "108", "tipo__sigla": "POR", "tipo__descricao": "Portaria", "texto_integral": "http://sapl.sarandi.pr.leg.br/media/sapl/public/normajuridica/2021/5057/portaria_no_108-2021_para_site.pdf", "ementa": "NOMEIA DALVECIR APARECIDO BONORA PARA OCUPAR A FUN\u00c7\u00c3O GRATIFICADA COMO GESTOR DE CONTRATOS E D\u00c1 OUTRAS PROVID\u00caNCIAS."}, {"id": "5045", "ano": "2021", "numero": "107", "tipo__sigla": "POR", "tipo__descricao": "Portaria", "texto_integral": "http://sapl.sarandi.pr.leg.br/media/sapl/public/normajuridica/2021/5045/portaria_no_107-2021_para_site.pdf", "ementa": "NOMEIA COMISS\u00c3O PERMANENTE DE RECEBIMENTO E D\u00c1 OUTRAS PROVID\u00caNCIAS."}, {"id": "5053", "ano": "2021", "numero": "2747", "tipo__sigla": "LEI", "tipo__descricao": "Lei Ordin\u00e1ria", "texto_integral": "http://sapl.sarandi.pr.leg.br/media/sapl/public/normajuridica/2021/5053/lei_no_2747-2021_para_site.pdf", "ementa": "Disp\u00f5e sobre a revoga\u00e7\u00e3o da Lei N\u00ba 2.683/2021 na forma que especifica."}, {"id": "5052", "ano": "2021", "numero": "2746", "tipo__sigla": "LEI", "tipo__descricao": "Lei Ordin\u00e1ria", "texto_integral": "http://sapl.sarandi.pr.leg.br/media/sapl/public/normajuridica/2021/5052/lei_no_2746-2021_para_site.pdf", "ementa": "Disp\u00f5e sobre a proibi\u00e7\u00e3o da utiliza\u00e7\u00e3o e apresenta\u00e7\u00e3o de animais em circos ou espet\u00e1culos assemelhados no Munic\u00edpio de Sarandi e d\u00e1 outras provid\u00eancias."}, {"id": "5051", "ano": "2021", "numero": "2745", "tipo__sigla": "LEI", "tipo__descricao": "Lei Ordin\u00e1ria", "texto_integral": "http://sapl.sarandi.pr.leg.br/media/sapl/public/normajuridica/2021/5051/lei_no_2745-2021_para_site.pdf", "ementa": "Obriga as farm\u00e1cias instaladas no Munic\u00edpio de Sarandi, Estado do Paran\u00e1 a disponibilizarem recipientes para recolhimento de medicamentos vencidos, dando-lhes o devido encaminhamento, nos termos da resolu\u00e7\u00e3o 306 da ANVISA."}, {"id": "5050", "ano": "2021", "numero": "2744", "tipo__sigla": "LEI", "tipo__descricao": "Lei Ordin\u00e1ria", "texto_integral": "http://sapl.sarandi.pr.leg.br/media/sapl/public/normajuridica/2021/5050/lei_no_2744-2021_para_site.pdf", "ementa": "Disp\u00f5e sobre a comercializa\u00e7\u00e3o de comidas e de bebidas por ve\u00edculos denominados Food Trucks no Munic\u00edpio de Sarandi e d\u00e1 outras provid\u00eancias."}, {"id": "5056", "ano": "2021", "numero": "2743", "tipo__sigla": "LEI", "tipo__descricao": "Lei Ordin\u00e1ria", "texto_integral": "http://sapl.sarandi.pr.leg.br/media/sapl/public/normajuridica/2021/5056/lei_no_2743-2021_para_site.pdf", "ementa": "Disp\u00f5e sobre a veda\u00e7\u00e3o ao uso de ve\u00edculos movidos a tra\u00e7\u00e3o animal e \u00e0 explora\u00e7\u00e3o animal para tal fim na \u00e1rea urbana do Munic\u00edpio de Sarandi e d\u00e1 outras provid\u00eancias."}, {"id": "5049", "ano": "2021", "numero": "2742", "tipo__sigla": "LEI", "tipo__descricao": "Lei Ordin\u00e1ria", "texto_integral": "http://sapl.sarandi.pr.leg.br/media/sapl/public/normajuridica/2021/5049/lei_no_2742-2021_para_site.pdf", "ementa": "Concede T\u00edtulo de Utilidade P\u00fablica a APMF \u2013 Associa\u00e7\u00e3o de Pais, Mestres e Funcion\u00e1rios do Col\u00e9gio Estadual C\u00edvico Militar Vereador Luiz Zanchim \u2013 Ensino Fundamental e M\u00e9dio e d\u00e1 outras provid\u00eancias."}, {"id": "5048", "ano": "2021", "numero": "2741", "tipo__sigla": "LEI", "tipo__descricao": "Lei Ordin\u00e1ria", "texto_integral": "http://sapl.sarandi.pr.leg.br/media/sapl/public/normajuridica/2021/5048/lei_no_2741-2021_para_site.pdf", "ementa": "Disp\u00f5e sobre o \u201cPrograma Escola Melhor, no \u00e2mbito do munic\u00edpio de Sarandi, visando o incentivo da realiza\u00e7\u00e3o de parcerias de pessoas f\u00edsicas e jur\u00eddicas com escolas p\u00fablicas municipais\u201d, e d\u00e1 outras provid\u00eancias."}, {"id": "5047", "ano": "2021", "numero": "2740", "tipo__sigla": "LEI", "tipo__descricao": "Lei Ordin\u00e1ria", "texto_integral": "http://sapl.sarandi.pr.leg.br/media/sapl/public/normajuridica/2021/5047/lei_no_2740-2021_para_site.pdf", "ementa": "Disp\u00f5e sobre a proibi\u00e7\u00e3o de animais vivos a t\u00edtulo de brinde, sorteio e outras formas de premia\u00e7\u00e3o em eventos p\u00fablicos ou privados no Munic\u00edpio de Sarandi e d\u00e1 outras provid\u00eancias."}, {"id": "5046", "ano": "2021", "numero": "2739", "tipo__sigla": "LEI", "tipo__descricao": "Lei Ordin\u00e1ria", "texto_integral": "http://sapl.sarandi.pr.leg.br/media/sapl/public/normajuridica/2021/5046/lei_no_2739-2021_para_site.pdf", "ementa": "Disp\u00f5e sobre a obrigatoriedade dos estabelecimentos comerciais, hot\u00e9is, mot\u00e9is, casas noturnas e similares a anexar aviso em local vis\u00edvel sobre os crimes praticados contra crian\u00e7as e adolescentes e suas penas, e d\u00e1 outras previd\u00eancias."}, {"id": "5044", "ano": "2021", "numero": "106", "tipo__sigla": "POR", "tipo__descricao": "Portaria", "texto_integral": "http://sapl.sarandi.pr.leg.br/media/sapl/public/normajuridica/2021/5044/portaria_no_106-2021_para_site.pdf", "ementa": "NOMEIA PREGOEIRO E EQUIPE DE APOIO NO \u00c2MBITO DA C\u00c2MARA MUNICIPAL DE SARANDI."}, {"id": "5043", "ano": "2021", "numero": "105", "tipo__sigla": "POR", "tipo__descricao": "Portaria", "texto_integral": "http://sapl.sarandi.pr.leg.br/media/sapl/public/normajuridica/2021/5043/portaria_no_105-2021_para_site.pdf", "ementa": "NOMEIA COMISS\u00c3O PERMANENTE DE AVALIA\u00c7\u00c3O DE DESEMPENHO E D\u00c1 OUTRAS PROVID\u00caNCIAS."}, {"id": "5042", "ano": "2021", "numero": "104", "tipo__sigla": "POR", "tipo__descricao": "Portaria", "texto_integral": "http://sapl.sarandi.pr.leg.br/media/sapl/public/normajuridica/2021/5042/portaria_no_104-2021_para_site.pdf", "ementa": "NOMEIA COMISS\u00c3O PERMANENTE DE RECEBIMENTO E D\u00c1 OUTRAS PROVID\u00caNCIAS."}, {"id": "5041", "ano": "2021", "numero": "103", "tipo__sigla": "POR", "tipo__descricao": "Portaria", "texto_integral": "http://sapl.sarandi.pr.leg.br/media/sapl/public/normajuridica/2021/5041/portaria_no_103-2021_para_site.pdf", "ementa": "NOMEIA COMISS\u00c3O PERMANENTE DE LICITA\u00c7\u00d5ES E D\u00c1 OUTRAS PROVID\u00caNCIAS."}, {"id": "5040", "ano": "2021", "numero": "102", "tipo__sigla": "POR", "tipo__descricao": "Portaria", "texto_integral": "http://sapl.sarandi.pr.leg.br/media/sapl/public/normajuridica/2021/5040/portaria_no_102-2021_para_site.pdf", "ementa": "DESIGNA MARLON BIF COMO ENCARREGADO DE DIVIS\u00d5ES E D\u00c1 OUTRAS PROVID\u00caNCIAS."}, {"id": "5039", "ano": "2021", "numero": "2738", "tipo__sigla": "LEI", "tipo__descricao": "Lei Ordin\u00e1ria", "texto_integral": "http://sapl.sarandi.pr.leg.br/media/sapl/public/normajuridica/2021/5039/lei_no_2738-2021_para_site.pdf", "ementa": "Disp\u00f5e sobre a altera\u00e7\u00e3o do feriado de Anivers\u00e1rio do Munic\u00edpio, na forma que especifica."}, {"id": "5038", "ano": "2021", "numero": "2737", "tipo__sigla": "LEI", "tipo__descricao": "Lei Ordin\u00e1ria", "texto_integral": "http://sapl.sarandi.pr.leg.br/media/sapl/public/normajuridica/2021/5038/lei_no_2737-2021_para_site.pdf", "ementa": "Altera a Lei n\u00ba 2.692/2021 e d\u00e1 outras provid\u00eancias."}, {"id": "5037", "ano": "2021", "numero": "2736", "tipo__sigla": "LEI", "tipo__descricao": "Lei Ordin\u00e1ria", "texto_integral": "http://sapl.sarandi.pr.leg.br/media/sapl/public/normajuridica/2021/5037/lei_no_2736-2021_para_site.pdf", "ementa": "Disp\u00f5e sobre o processo administrativo de apura\u00e7\u00e3o de infra\u00e7\u00f5es administrativas cometidas por licitantes e contratadas da Administra\u00e7\u00e3o P\u00fablica Municipal."}, {"id": "5036", "ano": "2021", "numero": "2735", "tipo__sigla": "LEI", "tipo__descricao": "Lei Ordin\u00e1ria", "texto_integral": "http://sapl.sarandi.pr.leg.br/media/sapl/public/normajuridica/2021/5036/lei_no_2735-2021_para_site.pdf", "ementa": "D\u00e1 denomina\u00e7\u00e3o o Campo de Futebol Society, situado na Avenida Brasil do Jardim Rio de Janeiro, na forma que especifica."}, {"id": "5035", "ano": "2021", "numero": "2734", "tipo__sigla": "LEI", "tipo__descricao": "Lei Ordin\u00e1ria", "texto_integral": "http://sapl.sarandi.pr.leg.br/media/sapl/public/normajuridica/2021/5035/lei_no_2734-2021_para_site.pdf", "ementa": "D\u00e1 denomina\u00e7\u00e3o a Rua Projetada 01, situada no Jardim Monte Carmelo, na forma que especifica."}, {"id": "5034", "ano": "2021", "numero": "2733", "tipo__sigla": "LEI", "tipo__descricao": "Lei Ordin\u00e1ria", "texto_integral": "http://sapl.sarandi.pr.leg.br/media/sapl/public/normajuridica/2021/5034/lei_no_2733-2021_para_site.pdf", "ementa": "D\u00e1 denomina\u00e7\u00e3o a Rua 1, situada no Parque Residencial Jalmar, na forma que especifica."}, {"id": "5033", "ano": "2021", "numero": "2732", "tipo__sigla": "LEI", "tipo__descricao": "Lei Ordin\u00e1ria", "texto_integral": "http://sapl.sarandi.pr.leg.br/media/sapl/public/normajuridica/2021/5033/lei_no_2732-2021_para_site.pdf", "ementa": "D\u00e1 denomina\u00e7\u00e3o a Quadra Poliesportiva, situada na Rua Marechal Deodoro do Jardim Independ\u00eancia 3\u00aa Parte, na forma que especifica."}, {"id": "5032", "ano": "2021", "numero": "2731", "tipo__sigla": "LEI", "tipo__descricao": "Lei Ordin\u00e1ria", "texto_integral": "http://sapl.sarandi.pr.leg.br/media/sapl/public/normajuridica/2021/5032/lei_no_2731-2021_para_site.pdf", "ementa": "D\u00e1 denomina\u00e7\u00e3o ao campo de futebol localizado na Gleba Patrim\u00f4nio Sarandi, na forma que especifica."}, {"id": "5031", "ano": "2021", "numero": "2730", "tipo__sigla": "LEI", "tipo__descricao": "Lei Ordin\u00e1ria", "texto_integral": "http://sapl.sarandi.pr.leg.br/media/sapl/public/normajuridica/2021/5031/lei_no_2730-2021_para_site.pdf", "ementa": "D\u00e1 denomina\u00e7\u00e3o \u00e0 Rua 01 (um), situada na Gleba Patrim\u00f4nio Sarandi, na forma que especifica."}, {"id": "5030", "ano": "2021", "numero": "2729", "tipo__sigla": "LEI", "tipo__descricao": "Lei Ordin\u00e1ria", "texto_integral": "http://sapl.sarandi.pr.leg.br/media/sapl/public/normajuridica/2021/5030/lei_no_2729-2021_para_site.pdf", "ementa": "Disp\u00f5e sobre a abertura de Cr\u00e9dito Adicional Especial e d\u00e1 outras provid\u00eancias."}, {"id": "5055", "ano": "2021", "numero": "390", "tipo__sigla": "LC", "tipo__descricao": "Lei Complementar", "texto_integral": "http://sapl.sarandi.pr.leg.br/media/sapl/public/normajuridica/2021/5055/lei_compl._no_390-2021_para_site.pdf", "ementa": "Institui o Fundo Municipal de Desenvolvimento Urbano do munic\u00edpio de Sarandi."}, {"id": "5054", "ano": "2021", "numero": "389", "tipo__sigla": "LC", "tipo__descricao": "Lei Complementar", "texto_integral": "http://sapl.sarandi.pr.leg.br/media/sapl/public/normajuridica/2021/5054/lei_compl._no_389-2021_para_site.pdf", "ementa": "Disp\u00f5e sobre a concess\u00e3o de potencial construtivo adicional e altera\u00e7\u00f5es de uso, mediante a outorga onerosa do direito de construir e de altera\u00e7\u00e3o de uso do solo do munic\u00edpio de Sarandi."}, {"id": "5029", "ano": "2021", "numero": "101", "tipo__sigla": "POR", "tipo__descricao": "Portaria", "texto_integral": "http://sapl.sarandi.pr.leg.br/media/sapl/public/normajuridica/2021/5029/portaria_no_101-2021_para_site.pdf", "ementa": "NOMEIA DALVECIR APARECIDO BONORA PARA OCUPAR A FUN\u00c7\u00c3O GRATIFICADA COMO GESTOR DE CONTRATOS E D\u00c1 OUTRAS PROVID\u00caNCIAS."}, {"id": "5028", "ano": "2021", "numero": "388", "tipo__sigla": "LC", "tipo__descricao": "Lei Complementar", "texto_integral": "http://sapl.sarandi.pr.leg.br/media/sapl/public/normajuridica/2021/5028/lei_compl._no_388-2021_para_site.pdf", "ementa": "Altera dispositivos da Lei Complementar n\u00ba 070, de 26.12.2001, que Disp\u00f5e sobre o Sistema Tribut\u00e1rio do Munic\u00edpio de Sarandi \"C\u00f3digo Tribut\u00e1rio\" na forma que especifica."}, {"id": "5027", "ano": "2021", "numero": "100", "tipo__sigla": "POR", "tipo__descricao": "Portaria", "texto_integral": "http://sapl.sarandi.pr.leg.br/media/sapl/public/normajuridica/2021/5027/portaria_no100-2021_para_site.pdf", "ementa": "CONCEDE LICEN\u00c7A ESPECIAL A SERVIDORA M\u00d4NICA CRISTINA GONZALVES E D\u00c1 OUTRAS PROVID\u00caNCIAS."}, {"id": "5026", "ano": "2021", "numero": "99", "tipo__sigla": "POR", "tipo__descricao": "Portaria", "texto_integral": "http://sapl.sarandi.pr.leg.br/media/sapl/public/normajuridica/2021/5026/portaria_no099-2021_para_site.pdf", "ementa": "REVOGAR PORTARIA DE FISCAIS DE CONTRATOS E D\u00c1 OUTRAS PROVID\u00caNCIAS."}, {"id": "5023", "ano": "2021", "numero": "98", "tipo__sigla": "POR", "tipo__descricao": "Portaria", "texto_integral": "http://sapl.sarandi.pr.leg.br/media/sapl/public/normajuridica/2021/5023/portaria_no098-2021_para_site.pdf", "ementa": "NOMEIA JOICE DUARTE GON\u00c7ALVES BERGAMASCHI PARA O CARGO DE ADVOGADO TEMPOR\u00c1RIO E D\u00c1 OUTRAS PROVID\u00caNCIAS."}, {"id": "5025", "ano": "2021", "numero": "6", "tipo__sigla": "DL", "tipo__descricao": "Decreto Legislativo", "texto_integral": "http://sapl.sarandi.pr.leg.br/media/sapl/public/normajuridica/2021/5025/decreto_legislativo_no006-2021_para_site.pdf", "ementa": "Concede T\u00edtulo de Cidad\u00e3o Honor\u00e1rio ao Senhor Aristides Mossambani e d\u00e1 outras provid\u00eancias."}, {"id": "5088", "ano": "2021", "numero": "5", "tipo__sigla": "EDA", "tipo__descricao": "Edital - Audi\u00eancia", "texto_integral": "http://sapl.sarandi.pr.leg.br/media/sapl/public/normajuridica/2021/5088/edital_no_005-2021_para_site.pdf", "ementa": "AUDI\u00caNCIA P\u00daBLICA DE DEMONSTRA\u00c7\u00c3O E AVALIA\u00c7\u00c3O E CUMPRIMENTO DAS METAS FISCAIS DO 2\u00ba QUADRIMESTRE DE 2021, OU SEJA, DOS MESES DE MAIO, JUNHO, JULHO E AGOSTO DE 2021, DO PODER EXECUTIVO MUNICIPAL, DA CAIXA DE APOSENTADORIA E PENS\u00c3O DOS SERVIDORES MUNICIPAIS DE SARANDI - PRESERV E \u00c1GUAS DE SARANDI - SERVI\u00c7O MUNICIPAL DE SANEAMENTO AMBIENTAL."}, {"id": "5024", "ano": "2021", "numero": "5", "tipo__sigla": "DL", "tipo__descricao": "Decreto Legislativo", "texto_integral": "http://sapl.sarandi.pr.leg.br/media/sapl/public/normajuridica/2021/5024/decreto_legislativo_no005-2021_para_site.pdf", "ementa": "Concede T\u00edtulo de Cidad\u00e3o Honor\u00e1rio ao Tenente-Coronel Senhor Marcio Antonio dos Santos e d\u00e1 outras provid\u00eancias."}, {"id": "5022", "ano": "2021", "numero": "97", "tipo__sigla": "POR", "tipo__descricao": "Portaria", "texto_integral": "http://sapl.sarandi.pr.leg.br/media/sapl/public/normajuridica/2021/5022/portaria_no097-2021_para_site.pdf", "ementa": "EXONERA O SERVIDOR RODRIGO R\u00d3GER SALDANHA E D\u00c1 OUTRAS PROVID\u00caNCIAS."}, {"id": "5021", "ano": "2021", "numero": "96", "tipo__sigla": "POR", "tipo__descricao": "Portaria", "texto_integral": "http://sapl.sarandi.pr.leg.br/media/sapl/public/normajuridica/2021/5021/portaria_no096-2021_para_site.pdf", "ementa": "CONCEDE PROGRESS\u00c3O POR APERFEI\u00c7OAMENTO E CAPACITA\u00c7\u00c3O AO SERVIDOR JO\u00c3O LEONARDO PINELLI MILHAN E D\u00c1 OUTRAS PROVID\u00caNCIAS."}, {"id": "5020", "ano": "2021", "numero": "95", "tipo__sigla": "POR", "tipo__descricao": "Portaria", "texto_integral": "http://sapl.sarandi.pr.leg.br/media/sapl/public/normajuridica/2021/5020/portaria_no095-2021_para_site.pdf", "ementa": "CONCEDE ESTABILIDADE FUNCIONAL AO SERVIDOR MARLON BIF E D\u00c1 OUTRAS PROVID\u00caNCIAS."}, {"id": "4998", "ano": "2021", "numero": "94", "tipo__sigla": "POR", "tipo__descricao": "Portaria", "texto_integral": "http://sapl.sarandi.pr.leg.br/media/sapl/public/normajuridica/2021/4998/portaria_no094-2021_para_site.pdf", "ementa": "NOMEIA DHYMISON DA SILVA RAMOS PARA OCUPAR A FUN\u00c7\u00c3O GRATIFICA, COMO T\u00c9CNICO EM MANUTEN\u00c7\u00c3O PREVENTIVA E CORRETIVA E D\u00c1 OUTRAS PROVID\u00caNCIAS."}, {"id": "4997", "ano": "2021", "numero": "93", "tipo__sigla": "POR", "tipo__descricao": "Portaria", "texto_integral": "http://sapl.sarandi.pr.leg.br/media/sapl/public/normajuridica/2021/4997/portaria_no093-2021_para_site.pdf", "ementa": "NOMEIA TATIANE CRISTINA SILVA LOBIANCO PARA O CARGO DE ASSESSOR LEGISLATIVO E D\u00c1 OUTRAS PROVID\u00caNCIAS."}, {"id": "5017", "ano": "2021", "numero": "2728", "tipo__sigla": "LEI", "tipo__descricao": "Lei Ordin\u00e1ria", "texto_integral": "http://sapl.sarandi.pr.leg.br/media/sapl/public/normajuridica/2021/5017/lei_no_2728-2021_para_site.pdf", "ementa": "Disp\u00f5e sobre a proibi\u00e7\u00e3o do manuseio, utiliza\u00e7\u00e3o, queima e soltura de fogos de estampido e de artif\u00edcios nos eventos p\u00fablicos do Munic\u00edpio de Sarandi."}, {"id": "5016", "ano": "2021", "numero": "2727", "tipo__sigla": "LEI", "tipo__descricao": "Lei Ordin\u00e1ria", "texto_integral": "http://sapl.sarandi.pr.leg.br/media/sapl/public/normajuridica/2021/5016/lei_no_2727-2021_para_site.pdf", "ementa": "Disp\u00f5e sobre a \"Proibi\u00e7\u00e3o do uso de fogos de artificio e artefatos pirot\u00e9cnicos com estampido\", e d\u00e1 outras provid\u00eancias."}, {"id": "5015", "ano": "2021", "numero": "2726", "tipo__sigla": "LEI", "tipo__descricao": "Lei Ordin\u00e1ria", "texto_integral": "http://sapl.sarandi.pr.leg.br/media/sapl/public/normajuridica/2021/5015/lei_no_2726-2021_para_site.pdf", "ementa": "Disp\u00f5e sobre a obrigatoriedade das academias de gin\u00e1sticas, estabelecimentos comerciais de nutri\u00e7\u00e3o esportiva e demais cong\u00eaneres, a afixarem placas ou cartaz de advert\u00eancia sobre os malef\u00edcios causados a sa\u00fade pelo uso de anabolizantes e d\u00e1 outras provid\u00eancias."}, {"id": "5014", "ano": "2021", "numero": "2725", "tipo__sigla": "LEI", "tipo__descricao": "Lei Ordin\u00e1ria", "texto_integral": "http://sapl.sarandi.pr.leg.br/media/sapl/public/normajuridica/2021/5014/lei_no_2725-2021_para_site.pdf", "ementa": "Disp\u00f5e sobre a publicidade da fila de exames do munic\u00edpio."}, {"id": "5013", "ano": "2021", "numero": "2724", "tipo__sigla": "LEI", "tipo__descricao": "Lei Ordin\u00e1ria", "texto_integral": "http://sapl.sarandi.pr.leg.br/media/sapl/public/normajuridica/2021/5013/lei_no_2724-2021_para_site.pdf", "ementa": "Disp\u00f5e sobre a obrigatoriedade de bares, restaurantes e casas noturnas a adotarem medidas de aux\u00edlio \u00e0 mulher que se sinta em situa\u00e7\u00e3o de risco e d\u00e1 outras provid\u00eancias."}, {"id": "5012", "ano": "2021", "numero": "2723", "tipo__sigla": "LEI", "tipo__descricao": "Lei Ordin\u00e1ria", "texto_integral": "http://sapl.sarandi.pr.leg.br/media/sapl/public/normajuridica/2021/5012/lei_no_2723-2021__para_site.pdf", "ementa": "Institui a \"Filas Preferenciais e Vagas de Estacionamento Preferencial para Portadores de Fibromialgia\", e d\u00e1 outras provid\u00eancias."}, {"id": "5011", "ano": "2021", "numero": "2722", "tipo__sigla": "LEI", "tipo__descricao": "Lei Ordin\u00e1ria", "texto_integral": "http://sapl.sarandi.pr.leg.br/media/sapl/public/normajuridica/2021/5011/lei_no_2722-2021_para_site.pdf", "ementa": "D\u00e1 denomina\u00e7\u00e3o ao Campo de Futebol Km 115, situado neste Munic\u00edpio, na forma que especifica."}, {"id": "5010", "ano": "2021", "numero": "2721", "tipo__sigla": "LEI", "tipo__descricao": "Lei Ordin\u00e1ria", "texto_integral": "http://sapl.sarandi.pr.leg.br/media/sapl/public/normajuridica/2021/5010/lei_no_2721-2021__para_site.pdf", "ementa": "D\u00e1 denomina\u00e7\u00e3o a Rua Projetada 1003, situada no Jardim Leblon, na forma que especifica."}, {"id": "5009", "ano": "2021", "numero": "2720", "tipo__sigla": "LEI", "tipo__descricao": "Lei Ordin\u00e1ria", "texto_integral": "http://sapl.sarandi.pr.leg.br/media/sapl/public/normajuridica/2021/5009/lei_no_2720-2021_para_site.pdf", "ementa": "D\u00e1 denomina\u00e7\u00e3o a Rua 1011, situada no Jardim Leblon, na forma que especifica."}, {"id": "5008", "ano": "2021", "numero": "2719", "tipo__sigla": "LEI", "tipo__descricao": "Lei Ordin\u00e1ria", "texto_integral": "http://sapl.sarandi.pr.leg.br/media/sapl/public/normajuridica/2021/5008/lei_no_2719-2021_para_site.pdf", "ementa": "D\u00e1 denomina\u00e7\u00e3o \u00e0 Rua Projetada 1012, situada no Jardim Leblon, na forma que especifica."}, {"id": "5007", "ano": "2021", "numero": "2718", "tipo__sigla": "LEI", "tipo__descricao": "Lei Ordin\u00e1ria", "texto_integral": "http://sapl.sarandi.pr.leg.br/media/sapl/public/normajuridica/2021/5007/lei_no_2718-2021_para_site.pdf", "ementa": "D\u00e1 denomina\u00e7\u00e3o a Rua B, situada no Conjunto Habitacional Casa da Fam\u00edlia, na forma que especifica."}, {"id": "5006", "ano": "2021", "numero": "2717", "tipo__sigla": "LEI", "tipo__descricao": "Lei Ordin\u00e1ria", "texto_integral": "http://sapl.sarandi.pr.leg.br/media/sapl/public/normajuridica/2021/5006/lei_no_2717-2021_para_site.pdf", "ementa": "D\u00e1 denomina\u00e7\u00e3o a Rua Projetada A, situada no Residencial Jardim S\u00e3o Miguel, na forma que especifica."}, {"id": "5005", "ano": "2021", "numero": "2716", "tipo__sigla": "LEI", "tipo__descricao": "Lei Ordin\u00e1ria", "texto_integral": "http://sapl.sarandi.pr.leg.br/media/sapl/public/normajuridica/2021/5005/lei_no_2716-2021_para_site.pdf", "ementa": "D\u00e1 denomina\u00e7\u00e3o a Rua Projetada B, situada no Residencial Jardim S\u00e3o Miguel, na forma que especifica."}, {"id": "5004", "ano": "2021", "numero": "2715", "tipo__sigla": "LEI", "tipo__descricao": "Lei Ordin\u00e1ria", "texto_integral": "http://sapl.sarandi.pr.leg.br/media/sapl/public/normajuridica/2021/5004/lei_no_2715-2021_para_site.pdf", "ementa": "D\u00e1 denomina\u00e7\u00e3o a Rua 1, situada no Parque Residencial Bela Vista 1\u00aa Parte, na forma que especifica."}, {"id": "5003", "ano": "2021", "numero": "2714", "tipo__sigla": "LEI", "tipo__descricao": "Lei Ordin\u00e1ria", "texto_integral": "http://sapl.sarandi.pr.leg.br/media/sapl/public/normajuridica/2021/5003/lei_no_2714-2021__para_site.pdf", "ementa": "D\u00e1 denomina\u00e7\u00e3o a Rua 164B, situada no Jardim Nova Sarandi III, na forma que especifica."}, {"id": "5002", "ano": "2021", "numero": "2713", "tipo__sigla": "LEI", "tipo__descricao": "Lei Ordin\u00e1ria", "texto_integral": "http://sapl.sarandi.pr.leg.br/media/sapl/public/normajuridica/2021/5002/lei_no_2713-2021__para_site.pdf", "ementa": "Altera dispositivos da Lei n\u00b0 2.098, de 20/06/2014, que disp\u00f5e sobre a Loca\u00e7\u00e3o de espa\u00e7o na torre de transmiss\u00e3o destinado \u00e1 realiza\u00e7\u00e3o de telecomunica\u00e7\u00f5es, na forma que especifica."}, {"id": "5001", "ano": "2021", "numero": "2712", "tipo__sigla": "LEI", "tipo__descricao": "Lei Ordin\u00e1ria", "texto_integral": "http://sapl.sarandi.pr.leg.br/media/sapl/public/normajuridica/2021/5001/lei_no_2712-2021_para_site.pdf", "ementa": "D\u00e1 denomina\u00e7\u00e3o ao campo de futebol localizado nos Jardins Ouro Verde II e III, na forma que especifica."}, {"id": "5000", "ano": "2021", "numero": "2711", "tipo__sigla": "LEI", "tipo__descricao": "Lei Ordin\u00e1ria", "texto_integral": "http://sapl.sarandi.pr.leg.br/media/sapl/public/normajuridica/2021/5000/lei_no_2711-2021_para_site.pdf", "ementa": "Autoriza o Poder Executivo Municipal a efetuar a cobran\u00e7a de contribui\u00e7\u00e3o de melhoria em decorr\u00eancia de execu\u00e7\u00e3o de pavimenta\u00e7\u00e3o asf\u00e1ltica na Estrada 1, da Gleba Patrim\u00f4nio Sarandi, Estado do Paran\u00e1."}, {"id": "4992", "ano": "2021", "numero": "92", "tipo__sigla": "POR", "tipo__descricao": "Portaria", "texto_integral": "http://sapl.sarandi.pr.leg.br/media/sapl/public/normajuridica/2021/4992/portaria_no092-2021_para_site.pdf", "ementa": "DESIGNA SERVIDORA LUZIA AZEVEDO DIAS, PARA FISCALIZA\u00c7\u00c3O DE CONTRATO, E D\u00c1 OUTRAS PROVID\u00caNCIAS."}, {"id": "4993", "ano": "2021", "numero": "7", "tipo__sigla": "ATP", "tipo__descricao": "Ato da Presid\u00eancia", "texto_integral": "http://sapl.sarandi.pr.leg.br/media/sapl/public/normajuridica/2021/4993/ato_da_presidencia_no_007-2021_para_site.pdf", "ementa": "Altera o Ato da Presid\u00eancia n\u00ba 003/2021, na forma que especifica."}, {"id": "4991", "ano": "2021", "numero": "91", "tipo__sigla": "POR", "tipo__descricao": "Portaria", "texto_integral": "http://sapl.sarandi.pr.leg.br/media/sapl/public/normajuridica/2021/4991/portaria_no091-2021_para_site.pdf", "ementa": "CONCEDE ESTABILIDADE FUNCIONAL A SERVIDORA MARCELA FRITZ DE LIMA MURATORI E D\u00c1 OUTRAS PROVID\u00caNCIAS."}, {"id": "4999", "ano": "2021", "numero": "2710", "tipo__sigla": "LEI", "tipo__descricao": "Lei Ordin\u00e1ria", "texto_integral": "http://sapl.sarandi.pr.leg.br/media/sapl/public/normajuridica/2021/4999/lei_no_2710-2021_para_site.pdf", "ementa": "Fixa valor m\u00ednimo para o ajuizamento da execu\u00e7\u00e3o fiscal, objetivando a cobran\u00e7a de d\u00edvida ativa da fazenda p\u00fablica municipal e d\u00e1 outras provid\u00eancias."}, {"id": "4996", "ano": "2021", "numero": "2709", "tipo__sigla": "LEI", "tipo__descricao": "Lei Ordin\u00e1ria", "texto_integral": "http://sapl.sarandi.pr.leg.br/media/sapl/public/normajuridica/2021/4996/lei_no_2709-2021__para_site.pdf", "ementa": "Disp\u00f5e sobre a cria\u00e7\u00e3o do Plano Tur\u00edstico Municipal (PLATUM), bem como o Conselho Municipal de Turismo de Sarandi (COMTURS) e o Fundo Municipal de Turismo FUMTUR, na forma que especifica."}, {"id": "4995", "ano": "2021", "numero": "2708", "tipo__sigla": "LEI", "tipo__descricao": "Lei Ordin\u00e1ria", "texto_integral": "http://sapl.sarandi.pr.leg.br/media/sapl/public/normajuridica/2021/4995/lei_no_2708-2021_para_site.pdf", "ementa": "Disp\u00f5e sobre a abertura de Cr\u00e9dito Adicional Especial e d\u00e1 outras provid\u00eancias."}, {"id": "4994", "ano": "2021", "numero": "2707", "tipo__sigla": "LEI", "tipo__descricao": "Lei Ordin\u00e1ria", "texto_integral": "http://sapl.sarandi.pr.leg.br/media/sapl/public/normajuridica/2021/4994/lei_no_2707-2021_para_site.pdf", "ementa": "Disp\u00f5e sobre Transposi\u00e7\u00e3o Or\u00e7ament\u00e1ria e Financeira do Poder Legislativo para o Poder Executivo, na forma que especifica."}, {"id": "5018", "ano": "2021", "numero": "387", "tipo__sigla": "LC", "tipo__descricao": "Lei Complementar", "texto_integral": "http://sapl.sarandi.pr.leg.br/media/sapl/public/normajuridica/2021/5018/lei_complementar_no_387-2021_para_site.pdf", "ementa": "Altera a Lei Complementar n\u00ba 115 de 27 de maio de 2005, e d\u00e1 outras provid\u00eancias."}, {"id": "4987", "ano": "2021", "numero": "90", "tipo__sigla": "POR", "tipo__descricao": "Portaria", "texto_integral": "http://sapl.sarandi.pr.leg.br/media/sapl/public/normajuridica/2021/4987/portaria_no090-2021_para_site.pdf", "ementa": "EXONERA A SERVIDORA JESSICA APARECIDA DE CALAIS LIMA E D\u00c1 OUTRAS PROVID\u00caNCIAS."}, {"id": "4986", "ano": "2021", "numero": "89", "tipo__sigla": "POR", "tipo__descricao": "Portaria", "texto_integral": "http://sapl.sarandi.pr.leg.br/media/sapl/public/normajuridica/2021/4986/portaria_no089-2021_para_site.pdf", "ementa": "NOMEIA JO\u00c3O APARECIDO VERA CRUZ PARA O CARGO DE ASSESSOR PARLAMENTAR E D\u00c1 OUTRAS PROVID\u00caNCIAS."}, {"id": "4985", "ano": "2021", "numero": "6", "tipo__sigla": "ATP", "tipo__descricao": "Ato da Presid\u00eancia", "texto_integral": "http://sapl.sarandi.pr.leg.br/media/sapl/public/normajuridica/2021/4985/ato_da_presidencia_no_006-2021_para_site.pdf", "ementa": "Determinar a toler\u00e2ncia para registro biom\u00e9trico de entrada e sa\u00edda, na forma que especifica."}, {"id": "4990", "ano": "2021", "numero": "2706", "tipo__sigla": "LEI", "tipo__descricao": "Lei Ordin\u00e1ria", "texto_integral": "http://sapl.sarandi.pr.leg.br/media/sapl/public/normajuridica/2021/4990/lei_no2706-2021_para_site.pdf", "ementa": "Disp\u00f5e sobre abertura de cr\u00e9dito adicional especial, na forma que especifica."}, {"id": "4989", "ano": "2021", "numero": "2705", "tipo__sigla": "LEI", "tipo__descricao": "Lei Ordin\u00e1ria", "texto_integral": "http://sapl.sarandi.pr.leg.br/media/sapl/public/normajuridica/2021/4989/lei_no2705-2021_para_site.pdf", "ementa": "Disp\u00f5e sobre concess\u00e3o de subsidio financeiro para o servi\u00e7o p\u00fablico de transporte coletivo urbano de passageiros, d\u00e1 outras provid\u00eancias."}, {"id": "4988", "ano": "2021", "numero": "386", "tipo__sigla": "LC", "tipo__descricao": "Lei Complementar", "texto_integral": "http://sapl.sarandi.pr.leg.br/media/sapl/public/normajuridica/2021/4988/lei_compl._no386-2021_para_site.pdf", "ementa": "D\u00e1 nova reda\u00e7\u00e3o ao art. 16 da Lei Complementar Municipal n\u00ba 364/2018."}, {"id": "4984", "ano": "2021", "numero": "88", "tipo__sigla": "POR", "tipo__descricao": "Portaria", "texto_integral": "http://sapl.sarandi.pr.leg.br/media/sapl/public/normajuridica/2021/4984/portaria_no088-2021_para_site.pdf", "ementa": "NOMEIA PREGOEIRO E EQUIPE DE APOIO PARA A C\u00c2MARA MUNICIPAL DE SARANDI."}, {"id": "4983", "ano": "2021", "numero": "87", "tipo__sigla": "POR", "tipo__descricao": "Portaria", "texto_integral": "http://sapl.sarandi.pr.leg.br/media/sapl/public/normajuridica/2021/4983/portaria_no087-2021_para_site.pdf", "ementa": "EXONERA A SERVIDORA CRISTINA VIANA BORDON E D\u00c1 OUTRAS PROVID\u00caNCIAS."}, {"id": "4981", "ano": "2021", "numero": "4", "tipo__sigla": "DL", "tipo__descricao": "Decreto Legislativo", "texto_integral": "http://sapl.sarandi.pr.leg.br/media/sapl/public/normajuridica/2021/4981/decreto_legislativo_no004-2021_para_site.pdf", "ementa": "Concede T\u00edtulo de Cidad\u00e3o Benem\u00e9rito ao Senhor Jair de Assis e d\u00e1 outras provid\u00eancias."}, {"id": "4982", "ano": "2021", "numero": "5", "tipo__sigla": "ATP", "tipo__descricao": "Ato da Presid\u00eancia", "texto_integral": "http://sapl.sarandi.pr.leg.br/media/sapl/public/normajuridica/2021/4982/ato_da_presidenica_no_005-2021_para_site.pdf", "ementa": "Determinar a toler\u00e2ncia para registro biom\u00e9trico de entrada e sa\u00edda na forma que especifica."}, {"id": "4980", "ano": "2021", "numero": "86", "tipo__sigla": "POR", "tipo__descricao": "Portaria", "texto_integral": "http://sapl.sarandi.pr.leg.br/media/sapl/public/normajuridica/2021/4980/portaria_no086-2021_para_site.pdf", "ementa": "CONCEDE LICEN\u00c7A ESPECIAL AO SERVIDOR JO\u00c3O LEONARDO PINELLI MILHAN E D\u00c1 OUTRAS PROVID\u00caNCIAS."}, {"id": "4966", "ano": "2021", "numero": "85", "tipo__sigla": "POR", "tipo__descricao": "Portaria", "texto_integral": "http://sapl.sarandi.pr.leg.br/media/sapl/public/normajuridica/2021/4966/portaria_no085-2021_para_site.pdf", "ementa": "CONCEDE PROGRESS\u00c3O FUNCIONAL POR DESEMPENHO A SERVIDORA ANGELA ALVES DE ALMEIDA E D\u00c1 OUTRAS PROVID\u00caNCIAS."}, {"id": "4965", "ano": "2021", "numero": "84", "tipo__sigla": "POR", "tipo__descricao": "Portaria", "texto_integral": "http://sapl.sarandi.pr.leg.br/media/sapl/public/normajuridica/2021/4965/portaria_no084-2021_para_site.pdf", "ementa": "CONCEDE PROGRESS\u00c3O FUNCIONAL POR DESEMPENHO A SERVIDORA M\u00d4NICA CRISTINA GONZALVES E D\u00c1 OUTRAS PROVID\u00caNCIAS."}, {"id": "4979", "ano": "2021", "numero": "2704", "tipo__sigla": "LEI", "tipo__descricao": "Lei Ordin\u00e1ria", "texto_integral": "http://sapl.sarandi.pr.leg.br/media/sapl/public/normajuridica/2021/4979/lei_no_2704-2021_para_site.pdf", "ementa": "Disp\u00f5e sobre as Diretrizes para a elabora\u00e7\u00e3o e execu\u00e7\u00e3o da Lei Or\u00e7ament\u00e1ria para o exerc\u00edcio de 2022 e d\u00e1 outras provid\u00eancias."}, {"id": "4978", "ano": "2021", "numero": "2703", "tipo__sigla": "LEI", "tipo__descricao": "Lei Ordin\u00e1ria", "texto_integral": "http://sapl.sarandi.pr.leg.br/media/sapl/public/normajuridica/2021/4978/lei_no_2703-2021_para_site.pdf", "ementa": "Disp\u00f5e sobre o Plano Plurianual-PPA do Munic\u00edpio de Sarandi para o quadri\u00eanio 2022 a 2025, na forma que especifica."}, {"id": "4964", "ano": "2021", "numero": "83", "tipo__sigla": "POR", "tipo__descricao": "Portaria", "texto_integral": "http://sapl.sarandi.pr.leg.br/media/sapl/public/normajuridica/2021/4964/portaria_no083-2021_para_site.pdf", "ementa": "DESIGNA SERVIDORES PARA COMPOR A COMISS\u00c3O ESPECIAL DE CONCURSO P\u00daBLICO, E D\u00c1 OUTRAS PROVID\u00caNCIAS."}, {"id": "4967", "ano": "2021", "numero": "4", "tipo__sigla": "ATP", "tipo__descricao": "Ato da Presid\u00eancia", "texto_integral": "http://sapl.sarandi.pr.leg.br/media/sapl/public/normajuridica/2021/4967/ato_da_presidencia_no_004-2021_para_site.pdf", "ementa": "Altera o Ato da Presid\u00eancia n\u00ba 003/2021, na forma que especifica."}, {"id": "4962", "ano": "2021", "numero": "3", "tipo__sigla": "DL", "tipo__descricao": "Decreto Legislativo", "texto_integral": "http://sapl.sarandi.pr.leg.br/media/sapl/public/normajuridica/2021/4962/decreto_legislativo_no_003-2021_para_o_site.pdf", "ementa": "Aprova as Contas do Munic\u00edpio de Sarandi, relativas ao Exerc\u00edcio Financeiro de 2019."}, {"id": "4963", "ano": "2021", "numero": "82", "tipo__sigla": "POR", "tipo__descricao": "Portaria", "texto_integral": "http://sapl.sarandi.pr.leg.br/media/sapl/public/normajuridica/2021/4963/portaria_no082-2021_para_site.pdf", "ementa": "NOMEIA RODRIGO R\u00d3GER SALDANHA PARA O CARGO DE ADVOGADO TEMPOR\u00c1RIO E D\u00c1 OUTRAS PROVID\u00caNCIAS. (COM VALIDADE AT\u00c9 04.07.2022)."}, {"id": "4977", "ano": "2021", "numero": "2702", "tipo__sigla": "LEI", "tipo__descricao": "Lei Ordin\u00e1ria", "texto_integral": "http://sapl.sarandi.pr.leg.br/media/sapl/public/normajuridica/2021/4977/lei_no_2702-2021_para_site.pdf", "ementa": "Institui o Programa de Incentivo \u00e0 Contrata\u00e7\u00e3o de Mulheres em situa\u00e7\u00e3o de viol\u00eancia dom\u00e9stica no Munic\u00edpio de Sarandi e d\u00e1 outras provid\u00eancias."}, {"id": "4976", "ano": "2021", "numero": "2701", "tipo__sigla": "LEI", "tipo__descricao": "Lei Ordin\u00e1ria", "texto_integral": "http://sapl.sarandi.pr.leg.br/media/sapl/public/normajuridica/2021/4976/lei_no_2701-2021_para_site.pdf", "ementa": "Institui a \"Semana de Conscientiza\u00e7\u00e3o e Combate aos Crimes de Internet nas escolas da rede municipal de ensino do Munic\u00edpio de Sarandi\", e d\u00e1 outras provid\u00eancias."}, {"id": "4975", "ano": "2021", "numero": "2700", "tipo__sigla": "LEI", "tipo__descricao": "Lei Ordin\u00e1ria", "texto_integral": "http://sapl.sarandi.pr.leg.br/media/sapl/public/normajuridica/2021/4975/lei_no_2700-2021_para_site.pdf", "ementa": "Institui a \"Semana da Economia de Luz\" no Munic\u00edpio de Sarandi e d\u00e1 outras provid\u00eancias."}, {"id": "4974", "ano": "2021", "numero": "2699", "tipo__sigla": "LEI", "tipo__descricao": "Lei Ordin\u00e1ria", "texto_integral": "http://sapl.sarandi.pr.leg.br/media/sapl/public/normajuridica/2021/4974/lei_no_2699-2021_para_site.pdf", "ementa": "Institui a \u201cCampanha Dezembro Verde \u2013 N\u00e3o ao Abandono de Animais\u201d no Munic\u00edpio de Sarandi e d\u00e1 outras provid\u00eancias."}, {"id": "4973", "ano": "2021", "numero": "2698", "tipo__sigla": "LEI", "tipo__descricao": "Lei Ordin\u00e1ria", "texto_integral": "http://sapl.sarandi.pr.leg.br/media/sapl/public/normajuridica/2021/4973/lei_no_2698-2021_para_site.pdf", "ementa": "Institu\u00ed no Munic\u00edpio de Sarandi a semana da conscientiza\u00e7\u00e3o e defesa da educa\u00e7\u00e3o inclusiva."}, {"id": "4972", "ano": "2021", "numero": "2697", "tipo__sigla": "LEI", "tipo__descricao": "Lei Ordin\u00e1ria", "texto_integral": "http://sapl.sarandi.pr.leg.br/media/sapl/public/normajuridica/2021/4972/lei_no_2697-2021_para_site.pdf", "ementa": "Institui o dia do trabalhador da sa\u00fade no munic\u00edpio de Sarandi."}, {"id": "4971", "ano": "2021", "numero": "2696", "tipo__sigla": "LEI", "tipo__descricao": "Lei Ordin\u00e1ria", "texto_integral": "http://sapl.sarandi.pr.leg.br/media/sapl/public/normajuridica/2021/4971/lei_no_2696-2021_para_site.pdf", "ementa": "Institui sobre a cria\u00e7\u00e3o do \u201cDia Municipal de Combate ao Feminic\u00eddio\u201d, e d\u00e1 outras provid\u00eancias."}, {"id": "4970", "ano": "2021", "numero": "2695", "tipo__sigla": "LEI", "tipo__descricao": "Lei Ordin\u00e1ria", "texto_integral": "http://sapl.sarandi.pr.leg.br/media/sapl/public/normajuridica/2021/4970/lei_no_2695-2021_para_site.pdf", "ementa": "Disp\u00f5e sobre \u201cDia Municipal do Motoboy\u201d e d\u00e1 outras provid\u00eancias."}, {"id": "4969", "ano": "2021", "numero": "2694", "tipo__sigla": "LEI", "tipo__descricao": "Lei Ordin\u00e1ria", "texto_integral": "http://sapl.sarandi.pr.leg.br/media/sapl/public/normajuridica/2021/4969/lei_no2694-2021__para_site.pdf", "ementa": "Disp\u00f5e sobre a obrigatoriedade da remo\u00e7\u00e3o dos cabos e fia\u00e7\u00e3o a\u00e9rea, excedentes, inutilizados e/ou sem uso, instalados por concession\u00e1rias que operam ou utilizam a rede a\u00e9rea dentro das divisas territoriais do Munic\u00edpio de Sarandi e d\u00e1 outras provid\u00eancias."}, {"id": "4968", "ano": "2021", "numero": "2693", "tipo__sigla": "LEI", "tipo__descricao": "Lei Ordin\u00e1ria", "texto_integral": "http://sapl.sarandi.pr.leg.br/media/sapl/public/normajuridica/2021/4968/lei_no2693-2021_para_site.pdf", "ementa": "Institu\u00ed no Munic\u00edpio de Sarandi o prazo m\u00ednimo de vac\u00e2ncia dos decretos municipais que tiverem como objeto a\u00e7\u00f5es no combate ao Covid-19."}, {"id": "4959", "ano": "2021", "numero": "81", "tipo__sigla": "POR", "tipo__descricao": "Portaria", "texto_integral": "http://sapl.sarandi.pr.leg.br/media/sapl/public/normajuridica/2021/4959/portaria_no081-2021_para_site.pdf", "ementa": "NOMEIA LEANDRO APARECIDO DOS SANTOS PARA O CARGO DE ASSESSOR LEGISLATIVO E D\u00c1 OUTRAS PROVID\u00caNCIAS."}, {"id": "4958", "ano": "2021", "numero": "80", "tipo__sigla": "POR", "tipo__descricao": "Portaria", "texto_integral": "http://sapl.sarandi.pr.leg.br/media/sapl/public/normajuridica/2021/4958/portaria_no080-2021_para_site.pdf", "ementa": "EXONERA A SERVIDORA MARIANA ZANDERIGO HARTEMAN E D\u00c1 OUTRAS PROVID\u00caNCIAS."}, {"id": "4957", "ano": "2021", "numero": "4", "tipo__sigla": "EDA", "tipo__descricao": "Edital - Audi\u00eancia", "texto_integral": "http://sapl.sarandi.pr.leg.br/media/sapl/public/normajuridica/2021/4957/edital_no_004-2021__para_site.pdf", "ementa": "AUDI\u00caNCIA P\u00daBLICA PARA DISCUSS\u00c3O DO PPA - PLANO PLURIANUAL  DE 2022 \u00c1 2025 E DA LDO - LEI DE DIRETRIZES OR\u00c7AMENT\u00c1RIAS PARA 2022."}, {"id": "4956", "ano": "2021", "numero": "79", "tipo__sigla": "POR", "tipo__descricao": "Portaria", "texto_integral": "http://sapl.sarandi.pr.leg.br/media/sapl/public/normajuridica/2021/4956/portaria_no_079-2021_para_site.pdf", "ementa": "DESIGNAR SERVIDOR JO\u00c3O ROBERTO DOS SANTOS LOPES, PARA FISCALIZA\u00c7\u00c3O DE CONTRATO, E D\u00c1 OUTRAS PROVID\u00caNCIAS."}, {"id": "4955", "ano": "2021", "numero": "2692", "tipo__sigla": "LEI", "tipo__descricao": "Lei Ordin\u00e1ria", "texto_integral": "http://sapl.sarandi.pr.leg.br/media/sapl/public/normajuridica/2021/4955/lei_no_2692-2021_para_site_-_promulgada_pela_camara.pdf", "ementa": "Disciplina o \u00a7 19 do artigo 85 da Lei Federal n\u00ba 13.105/2015 no \u00e2mbito do Munic\u00edpio de Sarandi e d\u00e1 outras provid\u00eancias."}, {"id": "4947", "ano": "2021", "numero": "78", "tipo__sigla": "POR", "tipo__descricao": "Portaria", "texto_integral": "http://sapl.sarandi.pr.leg.br/media/sapl/public/normajuridica/2021/4947/portaria_no078-2021_para_site.pdf", "ementa": "DESIGNAR COMISS\u00c3O ESPECIAL PARA COMPOSI\u00c7\u00c3O DE BANCA DO PROCESSO SELETIVO SIMPLIFICADO."}, {"id": "4948", "ano": "2021", "numero": "3", "tipo__sigla": "ATP", "tipo__descricao": "Ato da Presid\u00eancia", "texto_integral": "http://sapl.sarandi.pr.leg.br/media/sapl/public/normajuridica/2021/4948/ato_da_presidencia_no_003-2021__para_site.pdf", "ementa": "Disp\u00f5e sobre medidas internas a serem observadas por todos, em virtude do COVID-19 \"Coronav\u00edrus\", e d\u00e1 outras provid\u00eancias."}, {"id": "4946", "ano": "2021", "numero": "77", "tipo__sigla": "POR", "tipo__descricao": "Portaria", "texto_integral": "http://sapl.sarandi.pr.leg.br/media/sapl/public/normajuridica/2021/4946/portaria_no077-2021_para_site.pdf", "ementa": "DETERMINAR A PRORROGA\u00c7\u00c3O DO TELETRABALHO AOS SERVIDORES POR CONTA DA REFORMA NA ALA QUE EST\u00c3O ALOCADOS."}, {"id": "4954", "ano": "2021", "numero": "2691", "tipo__sigla": "LEI", "tipo__descricao": "Lei Ordin\u00e1ria", "texto_integral": "http://sapl.sarandi.pr.leg.br/media/sapl/public/normajuridica/2021/4954/lei_no2691-2021_para_site.pdf", "ementa": "D\u00e1 denomina\u00e7\u00e3o ao campo de futebol localizado nos Jardins Ouro Verde III e IV, na forma que especifica."}, {"id": "4953", "ano": "2021", "numero": "2690", "tipo__sigla": "LEI", "tipo__descricao": "Lei Ordin\u00e1ria", "texto_integral": "http://sapl.sarandi.pr.leg.br/media/sapl/public/normajuridica/2021/4953/lei_no_2690-2021_para_site.pdf", "ementa": "D\u00e1 denomina\u00e7\u00e3o \u00e0 Rua 9335, situada no Loteamento Ecovalley, na forma que especifica."}, {"id": "4952", "ano": "2021", "numero": "2689", "tipo__sigla": "LEI", "tipo__descricao": "Lei Ordin\u00e1ria", "texto_integral": "http://sapl.sarandi.pr.leg.br/media/sapl/public/normajuridica/2021/4952/lei_no_2689-2021__para_site.pdf", "ementa": "D\u00e1 denomina\u00e7\u00e3o \u00e0 Rua 9332, situada no Loteamento Ecovalley, na forma que especifica."}, {"id": "4951", "ano": "2021", "numero": "2688", "tipo__sigla": "LEI", "tipo__descricao": "Lei Ordin\u00e1ria", "texto_integral": "http://sapl.sarandi.pr.leg.br/media/sapl/public/normajuridica/2021/4951/lei_no_2688-2021__para_site.pdf", "ementa": "Disp\u00f5e sobre o parcelamento de d\u00e9bitos do Munic\u00edpio de Sarandi com a Caixa de Aposentadoria e Pens\u00e3o dos Servidores Municipais de Sarandi."}, {"id": "4950", "ano": "2021", "numero": "2687", "tipo__sigla": "LEI", "tipo__descricao": "Lei Ordin\u00e1ria", "texto_integral": "http://sapl.sarandi.pr.leg.br/media/sapl/public/normajuridica/2021/4950/lei_no2687-2021_para_site.pdf", "ementa": "Autoriza o Poder Executivo Municipal a efetuar a cobran\u00e7a de contribui\u00e7\u00e3o de melhoria em decorr\u00eancia de execu\u00e7\u00e3o de pavimenta\u00e7\u00e3o asf\u00e1ltica no Jardim Novo Mundo \u2013 Rua dos Imigrantes."}, {"id": "4949", "ano": "2021", "numero": "2686", "tipo__sigla": "LEI", "tipo__descricao": "Lei Ordin\u00e1ria", "texto_integral": "http://sapl.sarandi.pr.leg.br/media/sapl/public/normajuridica/2021/4949/lei_no_2686-2021_para_site.pdf", "ementa": "Disp\u00f5e sobre a denomina\u00e7\u00e3o do Centro Municipal de Educa\u00e7\u00e3o Infantil do Jardim Castelo, neste Munic\u00edpio."}, {"id": "4938", "ano": "2021", "numero": "76", "tipo__sigla": "POR", "tipo__descricao": "Portaria", "texto_integral": "http://sapl.sarandi.pr.leg.br/media/sapl/public/normajuridica/2021/4938/portaria_no076-2021_para_site.pdf", "ementa": "DETERMINAR A PRORROGA\u00c7\u00c3O DO TELETRABALHO AOS SERVIDORES POR CONTA DA REFORMA NA ALA EM QUE EST\u00c3O ALOCADOS."}, {"id": "4924", "ano": "2021", "numero": "3", "tipo__sigla": "EDA", "tipo__descricao": "Edital - Audi\u00eancia", "texto_integral": "http://sapl.sarandi.pr.leg.br/media/sapl/public/normajuridica/2021/4924/edital_no003-2021__para_site.pdf", "ementa": "AUDI\u00caNCIA P\u00daBLICA DE DEMONSTRATIVO DE METAS FISCAIS DO 1\u00ba QUADRIMESTRE DE 2021, OU SEJA DOS MESES DE JANEIRO \u00c1 ABRIL, DO MUNIC\u00cdPIO, CAIXA DE APOSENTADORIA E PENS\u00c3O DOS SERVIDORES MUNICIPAIS DE SARANDI - PRESERV, \u00c1GUAS DE SARANDI - SERVI\u00c7O MUNICIPAL DE SANEAMENTO AMBIENTAL."}, {"id": "4936", "ano": "2021", "numero": "2", "tipo__sigla": "DL", "tipo__descricao": "Decreto Legislativo", "texto_integral": "http://sapl.sarandi.pr.leg.br/media/sapl/public/normajuridica/2021/4936/decreto_legislativo_no002-2021_para_site.pdf", "ementa": "Disp\u00f5e sobre Aceita\u00e7\u00e3o do \"Veto n\u00ba 001/2021\", Total ao Projeto de Lei n\u00ba 3023/2021, de autoria do Poder Executivo Municipal, que disp\u00f5e sobre a denomina\u00e7\u00e3o do Centro Municipal, que disp\u00f5e sobre a denomina\u00e7\u00e3o do Centro Municipal de Educa\u00e7\u00e3o Infantil, localizado na Avenida Angelo Perini, 1.188 - Lote 291, Jardim Castelo, neste munic\u00edpio."}, {"id": "4937", "ano": "2021", "numero": "75", "tipo__sigla": "POR", "tipo__descricao": "Portaria", "texto_integral": "http://sapl.sarandi.pr.leg.br/media/sapl/public/normajuridica/2021/4937/portaria_no075-2021_para_site.pdf", "ementa": "CONCEDE PROGRESS\u00c3O FUNCIONAL POR DESEMPENHO A SERVIDORA HELONISE GRABRIELLA GON\u00c7ALVES PASSOS E D\u00c1 OUTRAS PROVID\u00caNCIAS."}, {"id": "4935", "ano": "2021", "numero": "74", "tipo__sigla": "POR", "tipo__descricao": "Portaria", "texto_integral": "http://sapl.sarandi.pr.leg.br/media/sapl/public/normajuridica/2021/4935/portaria_no074-2021_para_site.pdf", "ementa": "NOMEIA COMISS\u00c3O PERMANENTE DE RECEBIMENTO E D\u00c1 OUTRAS PROVID\u00caNCIAS."}, {"id": "4934", "ano": "2021", "numero": "73", "tipo__sigla": "POR", "tipo__descricao": "Portaria", "texto_integral": "http://sapl.sarandi.pr.leg.br/media/sapl/public/normajuridica/2021/4934/portaria_no073-2021_para_site.pdf", "ementa": "REVOGAR PORTARIA N\u00ba 029/2021 E D\u00c1 OUTRAS PROVID\u00caNCIAS."}, {"id": "4933", "ano": "2021", "numero": "72", "tipo__sigla": "POR", "tipo__descricao": "Portaria", "texto_integral": "http://sapl.sarandi.pr.leg.br/media/sapl/public/normajuridica/2021/4933/portaria_no072-2021_para_site.pdf", "ementa": "DETERMINAR A PRORROGA\u00c7\u00c3O DO TELETRABALHO AOS SERVIDORES POR CONTA DA REFORMA NA ALA EM QUE EST\u00c3O ALOCADOS."}, {"id": "4932", "ano": "2021", "numero": "71", "tipo__sigla": "POR", "tipo__descricao": "Portaria", "texto_integral": "http://sapl.sarandi.pr.leg.br/media/sapl/public/normajuridica/2021/4932/portaria_no071-2021_para_site.pdf", "ementa": "DESIGNAR SERVIDOR RENAN AUGUSTO DOS SANOS VOLPATTO, PARA FISCALIZA\u00c7\u00c3O DE CONTRATO, E D\u00c1 OUTRAS PROVID\u00caNCIAS."}, {"id": "4930", "ano": "2021", "numero": "70", "tipo__sigla": "POR", "tipo__descricao": "Portaria", "texto_integral": "http://sapl.sarandi.pr.leg.br/media/sapl/public/normajuridica/2021/4930/portaria_no070-2021_para_site.pdf", "ementa": "DESIGNAR COMISS\u00c3O ESPECIAL PARA REALIZA\u00c7\u00c3O DE PROCESSO SELETIVO SIMPLIFICADO."}, {"id": "4927", "ano": "2021", "numero": "69", "tipo__sigla": "POR", "tipo__descricao": "Portaria", "texto_integral": "http://sapl.sarandi.pr.leg.br/media/sapl/public/normajuridica/2021/4927/portaria_no069-2021_para_site.pdf", "ementa": "NOMEIA EVANDRO FRANQUILINO DOS SANTOS PARA O CARGO DE ASSESSOR PARLAMENTAR E D\u00c1 OUTRAS PROVID\u00caNCIAS."}, {"id": "4926", "ano": "2021", "numero": "68", "tipo__sigla": "POR", "tipo__descricao": "Portaria", "texto_integral": "http://sapl.sarandi.pr.leg.br/media/sapl/public/normajuridica/2021/4926/portaria_no068-2021_para_site.pdf", "ementa": "EXONERA A SERVIDORA NILDA ANGELA DOS SANTOS E D\u00c1 OUTRAS PROVID\u00caNCIAS."}, {"id": "4925", "ano": "2021", "numero": "67", "tipo__sigla": "POR", "tipo__descricao": "Portaria", "texto_integral": "http://sapl.sarandi.pr.leg.br/media/sapl/public/normajuridica/2021/4925/portaria_no_067-2021_para_site.pdf", "ementa": "INSTAURAR COMISS\u00c3O COORDENADORA PARA REALIZA\u00c7\u00c3O DE PROCESSO SELETIVO SIMPLIFICADO."}, {"id": "4921", "ano": "2021", "numero": "2", "tipo__sigla": "EDA", "tipo__descricao": "Edital - Audi\u00eancia", "texto_integral": "http://sapl.sarandi.pr.leg.br/media/sapl/public/normajuridica/2021/4921/publicacao_de_edital_no_002-2021_para_site.pdf", "ementa": "AUDI\u00caNCIA P\u00daBLICA PARA A APRESENTA\u00c7\u00c3O, DIVULGA\u00c7\u00c3O E DISCUSS\u00c3O SOBRE O PROJETO DE LEI N\u00ba 3022/2021, DE AUTORIA  DO PODER EXECUTIVO MUNICIPAL  - HONOR\u00c1RISO ADVOCAT\u00cdCIOS DE SUCUMB\u00caNCIA\"."}, {"id": "4923", "ano": "2021", "numero": "66", "tipo__sigla": "POR", "tipo__descricao": "Portaria", "texto_integral": "http://sapl.sarandi.pr.leg.br/media/sapl/public/normajuridica/2021/4923/portaria_no_066-2021_para_site.pdf", "ementa": "DETERMINAR A PRORROGA\u00c7\u00c3O DO TELETRABALHO AOS SERVIDORS POR CONTA DA REFORMA N ALA QUE QUE EST\u00c3O ALOCADOS."}, {"id": "4920", "ano": "2021", "numero": "65", "tipo__sigla": "POR", "tipo__descricao": "Portaria", "texto_integral": "http://sapl.sarandi.pr.leg.br/media/sapl/public/normajuridica/2021/4920/portaria_no065-2021_para_site.pdf", "ementa": "REVOGAR GRATIFICA\u00c7\u00c3O DE PERICULOSIDADE PARA OS SERVIDORES DO CARGO DE AUXILIAR LEGISLATIVO."}, {"id": "4922", "ano": "2021", "numero": "1", "tipo__sigla": "DL", "tipo__descricao": "Decreto Legislativo", "texto_integral": "http://sapl.sarandi.pr.leg.br/media/sapl/public/normajuridica/2021/4922/decreto_legislativo_no_001-2021_para_o_site.pdf", "ementa": "Desaprova as Contas do Munic\u00edpio de Sarandi, relativas ao Exerc\u00edcio Financeiro de 2016."}, {"id": "4929", "ano": "2021", "numero": "2685", "tipo__sigla": "LEI", "tipo__descricao": "Lei Ordin\u00e1ria", "texto_integral": "http://sapl.sarandi.pr.leg.br/media/sapl/public/normajuridica/2021/4929/lei_no_2685-2021_para_site.pdf", "ementa": "Disp\u00f5e sobre a concess\u00e3o de di\u00e1rias ao Prefeito, Vice-Prefeito e Secret\u00e1rios de Sarandi, e d\u00e1 outras provid\u00eancias."}, {"id": "4928", "ano": "2021", "numero": "2684", "tipo__sigla": "LEI", "tipo__descricao": "Lei Ordin\u00e1ria", "texto_integral": "http://sapl.sarandi.pr.leg.br/media/sapl/public/normajuridica/2021/4928/lei_no_2684-2021_para_site.pdf", "ementa": "Ratifica as altera\u00e7\u00f5es realizadas no protocolo de inten\u00e7\u00f5es e estatuto/contrato do cons\u00f3rcio p\u00fablico intermunicipal de inova\u00e7\u00e3o e desenvolvimento do estado do Paran\u00e1 - CINDEPAR, e d\u00e1 outras provid\u00eancias."}, {"id": "4931", "ano": "2021", "numero": "385", "tipo__sigla": "LC", "tipo__descricao": "Lei Complementar", "texto_integral": "http://sapl.sarandi.pr.leg.br/media/sapl/public/normajuridica/2021/4931/lei_compl._no_385-2021_para_site.pdf", "ementa": "Disp\u00f5e sobre a contrata\u00e7\u00e3o por tempo determinado para atender a necessidade tempor\u00e1ria de excepcional interesse p\u00fablico, nos termos do inciso IX do Art. 37 da Constitui\u00e7\u00e3o Federal."}, {"id": "5795", "ano": "2021", "numero": "291", "tipo__sigla": "DE", "tipo__descricao": "Decreto Executivo", "texto_integral": "http://sapl.sarandi.pr.leg.br/media/sapl/public/normajuridica/2021/5795/decreto_executivo_291-2021.pdf", "ementa": "CONSTITUI A COMISS\u00c3O MUNICIPAL DE ENFRENTAMENTO DAS VIOL\u00caNCIAS CONTRA CRIAN\u00c7AS E ADOLESCENTES E D\u00c1 OUTRAS PROVID\u00caNCIAS."}, {"id": "4910", "ano": "2021", "numero": "64", "tipo__sigla": "POR", "tipo__descricao": "Portaria", "texto_integral": "http://sapl.sarandi.pr.leg.br/media/sapl/public/normajuridica/2021/4910/portaria_no064-2021_para_site.pdf", "ementa": "DETERMINAR A PRORROGA\u00c7\u00c3O DO TELETRABALHO AOS SERVIDORES POR CONTA DA REFORMA NA ALA EM QUE EST\u00c3O ALOCADOS."}, {"id": "4909", "ano": "2021", "numero": "63", "tipo__sigla": "POR", "tipo__descricao": "Portaria", "texto_integral": "http://sapl.sarandi.pr.leg.br/media/sapl/public/normajuridica/2021/4909/portaria_no_063-2021__para_site.pdf", "ementa": "CONSTITUI COMISS\u00c3O TEMPOR\u00c1RIA ESPECIAL PARA ESTUDO DO NOVO REGIMENTO INTERNO DA C\u00c2MARA MUNICIPAL, E D\u00c1 OUTRAS PROVID\u00caNCIAS."}, {"id": "4919", "ano": "2021", "numero": "2683", "tipo__sigla": "LEI", "tipo__descricao": "Lei Ordin\u00e1ria", "texto_integral": "http://sapl.sarandi.pr.leg.br/media/sapl/public/normajuridica/2021/4919/lei_no_2683-2021_para_site.pdf", "ementa": "D\u00e1 denomina\u00e7\u00e3o na Rua 9327, situadas no Loteamento Ecovalley, na forma que especifica."}, {"id": "4918", "ano": "2021", "numero": "2682", "tipo__sigla": "LEI", "tipo__descricao": "Lei Ordin\u00e1ria", "texto_integral": "http://sapl.sarandi.pr.leg.br/media/sapl/public/normajuridica/2021/4918/lei_no_2682-2021_para_site.pdf", "ementa": "D\u00e1 denomina\u00e7\u00e3o na Rua 9317, situadas no Loteamento Ecovalley, na forma que especifica."}, {"id": "4917", "ano": "2021", "numero": "2681", "tipo__sigla": "LEI", "tipo__descricao": "Lei Ordin\u00e1ria", "texto_integral": "http://sapl.sarandi.pr.leg.br/media/sapl/public/normajuridica/2021/4917/lei_no_2681-2021_para_site.pdf", "ementa": "D\u00e1 denomina\u00e7\u00e3o na Rua 9311, situada no Loteamento Ecovalley, na forma que especifica."}, {"id": "4916", "ano": "2021", "numero": "2680", "tipo__sigla": "LEI", "tipo__descricao": "Lei Ordin\u00e1ria", "texto_integral": "http://sapl.sarandi.pr.leg.br/media/sapl/public/normajuridica/2021/4916/lei_no_2680-2021_para_site.pdf", "ementa": "D\u00e1 denomina\u00e7\u00e3o a Rua 9309, situada no Loteamento Ecovalley, na forma que especifica."}, {"id": "4915", "ano": "2021", "numero": "2679", "tipo__sigla": "LEI", "tipo__descricao": "Lei Ordin\u00e1ria", "texto_integral": "http://sapl.sarandi.pr.leg.br/media/sapl/public/normajuridica/2021/4915/lei_no_2679-2021_para_site.pdf", "ementa": "D\u00e1 denomina\u00e7\u00e3o na Rua 9348, situadas no Loteamento Ecovalley, na forma que especifica."}, {"id": "4911", "ano": "2021", "numero": "2678", "tipo__sigla": "LEI", "tipo__descricao": "Lei Ordin\u00e1ria", "texto_integral": "http://sapl.sarandi.pr.leg.br/media/sapl/public/normajuridica/2021/4911/lei_no_2678-2021_para_site.pdf", "ementa": "D\u00e1 denomina\u00e7\u00e3o a Rua 4, situada no Jardim Novo Bertioga, na forma que especifica."}, {"id": "4914", "ano": "2021", "numero": "2677", "tipo__sigla": "LEI", "tipo__descricao": "Lei Ordin\u00e1ria", "texto_integral": "http://sapl.sarandi.pr.leg.br/media/sapl/public/normajuridica/2021/4914/lei_no_2677-2021__para_site.pdf", "ementa": "D\u00e1 denomina\u00e7\u00e3o a Rua 141, situada no Jardim Rio de Janeiro, na forma que especifica."}, {"id": "4913", "ano": "2021", "numero": "2676", "tipo__sigla": "LEI", "tipo__descricao": "Lei Ordin\u00e1ria", "texto_integral": "http://sapl.sarandi.pr.leg.br/media/sapl/public/normajuridica/2021/4913/lei_no_2676-2021__para_site.pdf", "ementa": "Disp\u00f5e sobre a cria\u00e7\u00e3o do Conselho Municipal de Acompanhamento e Controle Social do Fundo de Manuten\u00e7\u00e3o e Desenvolvimento da Educa\u00e7\u00e3o B\u00e1sica e de Valoriza\u00e7\u00e3o dos Profissionais da Educa\u00e7\u00e3o \u2013 CACS \u2013 FUNDEB, em conformidade com o artigo 212-A da Constitui\u00e7\u00e3o Federal, regulamentado na forma da Lei Federal n\u00ba 14.113 de 25 de dezembro de 2020, e d\u00e1 outras provid\u00eancias."}, {"id": "4912", "ano": "2021", "numero": "2675", "tipo__sigla": "LEI", "tipo__descricao": "Lei Ordin\u00e1ria", "texto_integral": "http://sapl.sarandi.pr.leg.br/media/sapl/public/normajuridica/2021/4912/lei_no_2675-2021_para_site.pdf", "ementa": "Disp\u00f5e sobre a abertura de Cr\u00e9dito Adicional Especial na forma que especifica."}, {"id": "4908", "ano": "2021", "numero": "62", "tipo__sigla": "POR", "tipo__descricao": "Portaria", "texto_integral": "http://sapl.sarandi.pr.leg.br/media/sapl/public/normajuridica/2021/4908/portaria_no062-2021_para_site.pdf", "ementa": "DECLARA LUTO OFICIAL DE 3 DIAS EM VIRTUDE DE FALECIMENTO DE EX-VEREADOR.  (CARLOS ROBETRO FALASCHI - LE\u00c3O)."}, {"id": "6473", "ano": "2021", "numero": "1", "tipo__sigla": "IN", "tipo__descricao": "Instru\u00e7\u00e3o Normativa", "texto_integral": "http://sapl.sarandi.pr.leg.br/media/sapl/public/normajuridica/2025/6473/in_01-2021.pdf", "ementa": "Regulamenta as justificativas de faltas por servidores dentro da C\u00e2mara Municipal de Sarandi."}, {"id": "4907", "ano": "2021", "numero": "61", "tipo__sigla": "POR", "tipo__descricao": "Portaria", "texto_integral": "http://sapl.sarandi.pr.leg.br/media/sapl/public/normajuridica/2021/4907/portaria_no061-2021_para_site.pdf", "ementa": "CONCEDER TELETRABALHO AOS SERVIDORS POR CONTA DA REFORMA NA ALA QUE QUE EST\u00c3O ALOCADOS."}, {"id": "4906", "ano": "2021", "numero": "60", "tipo__sigla": "POR", "tipo__descricao": "Portaria", "texto_integral": "http://sapl.sarandi.pr.leg.br/media/sapl/public/normajuridica/2021/4906/portaria_no060-2021_para_site.pdf", "ementa": "NOMEIA HAILA PRISCILA VIANA PARA O CARGO DE ASSESSOR PARLAMENTAR E D\u00c1 OUTRAS PROVID\u00caNCIAS."}, {"id": "4905", "ano": "2021", "numero": "59", "tipo__sigla": "POR", "tipo__descricao": "Portaria", "texto_integral": "http://sapl.sarandi.pr.leg.br/media/sapl/public/normajuridica/2021/4905/portaria_no059-2021_para_site.pdf", "ementa": "CONCEDE PROGRESS\u00c3O FUNCIONAL POR DESEMPENHO AO SERVIDOR DANIEL CHIARAMONTE FERREIRA E D\u00c1 OUTRAS PROVID\u00caNCIAS."}, {"id": "4904", "ano": "2021", "numero": "58", "tipo__sigla": "POR", "tipo__descricao": "Portaria", "texto_integral": "http://sapl.sarandi.pr.leg.br/media/sapl/public/normajuridica/2021/4904/portaria_no058-2021_para_site.pdf", "ementa": "CONCEDE PROGRESS\u00c3O FUNCIONAL POR DESEMPENHO AO SERVIDOR ROVILSON JOS\u00c9 ARANTES E D\u00c1 OUTRAS PROVID\u00caNCIAS."}, {"id": "4903", "ano": "2021", "numero": "57", "tipo__sigla": "POR", "tipo__descricao": "Portaria", "texto_integral": "http://sapl.sarandi.pr.leg.br/media/sapl/public/normajuridica/2021/4903/portaria_no057-2021_para_site.pdf", "ementa": "CONCEDE PROGRESS\u00c3O FUNCIONAL POR DESEMPENHO A SERVIDORA HELONISE GRABRIELLA GON\u00c7ALVES PASSOS E D\u00c1 OUTRAS PROVID\u00caNCIAS."}, {"id": "4902", "ano": "2021", "numero": "56", "tipo__sigla": "POR", "tipo__descricao": "Portaria", "texto_integral": "http://sapl.sarandi.pr.leg.br/media/sapl/public/normajuridica/2021/4902/portaria_no056-2021_para_site.pdf", "ementa": "VAC\u00c2NCIA DO CARGO DE  ASSESSOR PARLAMENTAR E D\u00c1 OUTRAS PROVID\u00caNCIAS."}, {"id": "4899", "ano": "2021", "numero": "55", "tipo__sigla": "POR", "tipo__descricao": "Portaria", "texto_integral": "http://sapl.sarandi.pr.leg.br/media/sapl/public/normajuridica/2021/4899/portaria_no055-2021_para_site.pdf", "ementa": "DECLARA LUTO OFICIAL DE 3 DIAS EM VIRTUDE DE FALECIMENTO DE SERVIDOR. (LUIZ CARLOS DE ALMEIDA - O  POPULAR BOI)."}, {"id": "4901", "ano": "2021", "numero": "2674", "tipo__sigla": "LEI", "tipo__descricao": "Lei Ordin\u00e1ria", "texto_integral": "http://sapl.sarandi.pr.leg.br/media/sapl/public/normajuridica/2021/4901/lei_no_2674-2021_para_site.pdf", "ementa": "Ratifica protocolo de inten\u00e7\u00f5es firmado entre Munic\u00edpios brasileiros, com a finalidade de adquirir vacinas para combate \u00e0 pandemia do coronav\u00edrus; medicamentos, insumos e equipamentos na \u00e1rea da sa\u00fade."}, {"id": "4900", "ano": "2021", "numero": "384", "tipo__sigla": "LC", "tipo__descricao": "Lei Complementar", "texto_integral": "http://sapl.sarandi.pr.leg.br/media/sapl/public/normajuridica/2021/4900/lei_compl._no384-2021_para_site.pdf", "ementa": "Altera os dispositivos da Lei Complementar n\u00b0 264, de 13 de dezembro de 2011 que \"Reestrutura o Regime Pr\u00f3prio de Previd\u00eancia Social do Munic\u00edpio de Sarandi\", e d\u00e1 outras provid\u00eancias."}, {"id": "5905", "ano": "2021", "numero": "223", "tipo__sigla": "DE", "tipo__descricao": "Decreto Executivo", "texto_integral": "http://sapl.sarandi.pr.leg.br/media/sapl/public/normajuridica/2021/5905/decreto_executivo_no_223-2021.pdf", "ementa": "INSTITUI O COMIT\u00ca DE INVESTIMENTOS NO \u00c2MBITO DA CAIXA DE APOSENTADORIA E PENS\u00c3O DOS SERVIDORES MUNICIPAIS DE SARANDI PRESERV, E NOMEIA MEMBROS PARA INTEGRAR O REFERIDO COMIT\u00ca."}, {"id": "4898", "ano": "2021", "numero": "54", "tipo__sigla": "POR", "tipo__descricao": "Portaria", "texto_integral": "http://sapl.sarandi.pr.leg.br/media/sapl/public/normajuridica/2021/4898/portaria_no054-2021_para_site.pdf", "ementa": "EXONERA A SERVIDORA ALINE QUEIROZ TREVISAN E D\u00c1 OUTRAS PROVID\u00caNCIAS."}, {"id": "4897", "ano": "2021", "numero": "53", "tipo__sigla": "POR", "tipo__descricao": "Portaria", "texto_integral": "http://sapl.sarandi.pr.leg.br/media/sapl/public/normajuridica/2021/4897/portaria_no053-2021_para_site.pdf", "ementa": "NOMEIA MAYCON ALAN LUIZON PARA O CARGO DE ASSESSOR PARLAMENTAR E D\u00c1 OUTRAS PROVID\u00caNCIAS, NO GABINETE DO VEREADOR EUNILDO ZANCHIM."}, {"id": "4896", "ano": "2021", "numero": "52", "tipo__sigla": "POR", "tipo__descricao": "Portaria", "texto_integral": "http://sapl.sarandi.pr.leg.br/media/sapl/public/normajuridica/2021/4896/portaria_no052-2021_para_site.pdf", "ementa": "EXONERA O SERVIDOR JOS\u00c9 MIGUEL SORIAN E D\u00c1 OUTRAS PROVID\u00caNCIAS."}, {"id": "4895", "ano": "2021", "numero": "51", "tipo__sigla": "POR", "tipo__descricao": "Portaria", "texto_integral": "http://sapl.sarandi.pr.leg.br/media/sapl/public/normajuridica/2021/4895/portaria_no051-2021_para_site.pdf", "ementa": "NOMEIA MARIANA ZANDERIGO HARTEMAN PARA O CARGO DE ASSESSOR LEGISLATIVO E D\u00c1 OUTRAS PROVID\u00caNCIAS."}, {"id": "4894", "ano": "2021", "numero": "50", "tipo__sigla": "POR", "tipo__descricao": "Portaria", "texto_integral": "http://sapl.sarandi.pr.leg.br/media/sapl/public/normajuridica/2021/4894/portaria_no050-2021_para_site.pdf", "ementa": "EXONERA O SERVIDOR ISAMEL APARECIDO DE JESUS E D\u00c1 OUTRAS PROVID\u00caNCIAS."}, {"id": "4891", "ano": "2021", "numero": "2", "tipo__sigla": "ATP", "tipo__descricao": "Ato da Presid\u00eancia", "texto_integral": "http://sapl.sarandi.pr.leg.br/media/sapl/public/normajuridica/2021/4891/ato_da_presidencia_no_002-2021__para_site.pdf", "ementa": "Disp\u00f5e sobre medidas internas a serem observadas por todos, em virtude do COVID-19 \"Coronav\u00edrus\", e d\u00e1 outras provid\u00eancias."}, {"id": "4893", "ano": "2021", "numero": "49", "tipo__sigla": "POR", "tipo__descricao": "Portaria", "texto_integral": "http://sapl.sarandi.pr.leg.br/media/sapl/public/normajuridica/2021/4893/portaria_no049-2021_para_site.pdf", "ementa": "CONCEDE PROGRESS\u00c3O FUNCIONAL POR DESEMPENHO A SERVIDOR VAGNER RAFAEL VAZ E D\u00c1 OUTRAS PROVID\u00caNCIAS."}, {"id": "4890", "ano": "2021", "numero": "47", "tipo__sigla": "POR", "tipo__descricao": "Portaria", "texto_integral": "http://sapl.sarandi.pr.leg.br/media/sapl/public/normajuridica/2021/4890/portaria_no047-2021_para_site.pdf", "ementa": "DESIGNAR COMISS\u00c3O PARA ACOMPANHAR E FISCALIZAR OS SERVI\u00c7OS DECORRENTES DE CONTRATO, E D\u00c1 OUTRAS PROVID\u00caNCIAS."}, {"id": "4888", "ano": "2021", "numero": "46", "tipo__sigla": "POR", "tipo__descricao": "Portaria", "texto_integral": "http://sapl.sarandi.pr.leg.br/media/sapl/public/normajuridica/2021/4888/portaria_no046-2021_para_site.pdf", "ementa": "DISP\u00d5E SOBRE MEDIDA DE ADVERT\u00caNCIA A SERVIDORA MUNICIPAL ALINE QUEIROZ TREVISAN, OCUPANTE DO CARGO EFETIVO DE ADVOGADO DA C\u00c2MARA MUNICIPAL DE SARANDI."}, {"id": "4889", "ano": "2021", "numero": "1", "tipo__sigla": "EDA", "tipo__descricao": "Edital - Audi\u00eancia", "texto_integral": "http://sapl.sarandi.pr.leg.br/media/sapl/public/normajuridica/2021/4889/edital_no_001-2021_para_site.pdf", "ementa": "AUDI\u00caNCIA P\u00daBLICA DE DEMONSTRATIVO DE METAS FISCAIS DO 3\u00ba QUADRIMESTRE DE 2020, OU SEJA DOS MESES DE SETEMBRO \u00c0 DEZEMBRO DE 2020."}, {"id": "4887", "ano": "2021", "numero": "45", "tipo__sigla": "POR", "tipo__descricao": "Portaria", "texto_integral": "http://sapl.sarandi.pr.leg.br/media/sapl/public/normajuridica/2021/4887/portaria_no_045-2021_para_site.pdf", "ementa": "CONCEDE PROGRESS\u00c3O FUNCIONAL POR DESEMPENHO AO SERVIDOR DALVECIR APARECIDO BONORA E D\u00c1 OUTRAS PROVID\u00caNCIAS."}, {"id": "4886", "ano": "2021", "numero": "44", "tipo__sigla": "POR", "tipo__descricao": "Portaria", "texto_integral": "http://sapl.sarandi.pr.leg.br/media/sapl/public/normajuridica/2021/4886/portaria_044-2021_-_para_site.pdf", "ementa": "NOMEIA PREGOEIRO E EQUIPE DE APOIO NO \u00c2MBITO DA C\u00c2MARA MUNICIPAL DE SARANDI."}, {"id": "4885", "ano": "2021", "numero": "43", "tipo__sigla": "POR", "tipo__descricao": "Portaria", "texto_integral": "http://sapl.sarandi.pr.leg.br/media/sapl/public/normajuridica/2021/4885/portaria_no043-2021_para_site.pdf", "ementa": "CONCEDE LICEN\u00c7A ESPECIAL AO SERVIDOR DHYMISON DA SILVA RAMOS E D\u00c1 OUTRAS PROVID\u00caNCIAS."}, {"id": "4884", "ano": "2021", "numero": "42", "tipo__sigla": "POR", "tipo__descricao": "Portaria", "texto_integral": "http://sapl.sarandi.pr.leg.br/media/sapl/public/normajuridica/2021/4884/portaria_no042-2021_para_site.pdf", "ementa": "NOMEIA ANNA CLAUDIA BARBOZA DOS SANTOS PARA O CARGO DE ASSESSOR LEGISLATIVO E D\u00c1 OUTRAS PROVID\u00caNCIAS."}, {"id": "4883", "ano": "2021", "numero": "41", "tipo__sigla": "POR", "tipo__descricao": "Portaria", "texto_integral": "http://sapl.sarandi.pr.leg.br/media/sapl/public/normajuridica/2021/4883/portaria_no041-2021_para_site.pdf", "ementa": "EXONERA DE OF\u00cdCIO A SENHORA MATILDE FUSCO EGIPTO DUARTE, DO CARGO DE ASSESSOR LEGISLATIVO, LOTADA NO GABINETE DO VEREADOR DIONIZIO APARECIDO VI\u00c1RIO."}, {"id": "4881", "ano": "2021", "numero": "383", "tipo__sigla": "LC", "tipo__descricao": "Lei Complementar", "texto_integral": "http://sapl.sarandi.pr.leg.br/media/sapl/public/normajuridica/2021/4881/lei_compl._no383-2021_para_site.pdf", "ementa": "Altera ao vencimento dos cargos de Agente de Combate \u00e0 Endemias e Agente Comunit\u00e1rio de Sa\u00fade na Lei Complementar n\u00ba 159, de 24 de novembro de 2007, na forma que especifica."}, {"id": "4882", "ano": "2021", "numero": "1", "tipo__sigla": "ATP", "tipo__descricao": "Ato da Presid\u00eancia", "texto_integral": "http://sapl.sarandi.pr.leg.br/media/sapl/public/normajuridica/2021/4882/ato_da_presidencia_no_001-2021_para_site.pdf", "ementa": "Disp\u00f5e sobre medidas internas a serem observadas por todos, em virtude do COVID-19 \"Coronavirus\", e d\u00e1 outras provid\u00eancias."}, {"id": "4880", "ano": "2021", "numero": "2673", "tipo__sigla": "LEI", "tipo__descricao": "Lei Ordin\u00e1ria", "texto_integral": "http://sapl.sarandi.pr.leg.br/media/sapl/public/normajuridica/2021/4880/lei_no2673-2021_para_site.pdf", "ementa": "Concede reposi\u00e7\u00e3o salarial aos servidores p\u00fablicos municipais ativos, inativos, pensionistas, do quadro do Magist\u00e9rio e cargo em comiss\u00e3o do Munic\u00edpio de Sarandi, e d\u00e1 outras disposi\u00e7\u00f5es."}, {"id": "4879", "ano": "2021", "numero": "2672", "tipo__sigla": "LEI", "tipo__descricao": "Lei Ordin\u00e1ria", "texto_integral": "http://sapl.sarandi.pr.leg.br/media/sapl/public/normajuridica/2021/4879/lei_no2672-2020_para_site.pdf", "ementa": "Autoriza o Chefe do Poder Executivo Municipal a fixar piso m\u00ednimo de vencimentos dos Servidores P\u00fablicos Municipais de Sarandi e d\u00e1 outras provid\u00eancias."}, {"id": "4892", "ano": "2021", "numero": "48", "tipo__sigla": "POR", "tipo__descricao": "Portaria", "texto_integral": "http://sapl.sarandi.pr.leg.br/media/sapl/public/normajuridica/2021/4892/portaria_no048-2021_para_site.pdf", "ementa": "CONCEDE PROGRESS\u00c3O FUNCIONAL POR DESEMPENHO A SERVIDORA EDITE NUNES DA SILVA E D\u00c1 OUTRAS PROVID\u00caNCIAS."}, {"id": "4878", "ano": "2021", "numero": "40", "tipo__sigla": "POR", "tipo__descricao": "Portaria", "texto_integral": "http://sapl.sarandi.pr.leg.br/media/sapl/public/normajuridica/2021/4878/portaria_no_040-2021_para_site.pdf", "ementa": "NOMEIA HENRIQUE HIGUTI DEL NERO PARA O CARGO DE ASSESSOR LEGISLATIVO E D\u00c1 OUTRAS PROVID\u00caNCIAS."}, {"id": "4854", "ano": "2021", "numero": "39", "tipo__sigla": "POR", "tipo__descricao": "Portaria", "texto_integral": "http://sapl.sarandi.pr.leg.br/media/sapl/public/normajuridica/2021/4854/portaria_no_039-2021__para_site.pdf", "ementa": "NOMEIA ELISIANNE SIQUEIRA VOLPATO PARA O CARGO DE CHEFE DE GABINETE E D\u00c1 OUTRAS PROVID\u00caNCIAS."}, {"id": "4853", "ano": "2021", "numero": "38", "tipo__sigla": "POR", "tipo__descricao": "Portaria", "texto_integral": "http://sapl.sarandi.pr.leg.br/media/sapl/public/normajuridica/2021/4853/portaria_no_038-2021_para_site.pdf", "ementa": "NOMEIA ANDERSON FERREIRA POMPEU PARA O CARGO DE DIRETOR DE RELA\u00c7\u00d5ES INSTITUCIONAIS E D\u00c1 OUTRAS PROVID\u00caNCIAS."}, {"id": "4852", "ano": "2021", "numero": "37", "tipo__sigla": "POR", "tipo__descricao": "Portaria", "texto_integral": "http://sapl.sarandi.pr.leg.br/media/sapl/public/normajuridica/2021/4852/portaria_no_037-2021_para_site.pdf", "ementa": "EXONERA O SERVIDOR ANDERSON FERREIRA POMPEU E D\u00c1 OUTRAS PROVID\u00caNCIAS."}, {"id": "4851", "ano": "2021", "numero": "36", "tipo__sigla": "POR", "tipo__descricao": "Portaria", "texto_integral": "http://sapl.sarandi.pr.leg.br/media/sapl/public/normajuridica/2021/4851/portaria_no_036-2021_para_site.pdf", "ementa": "NOMEIA GABRIELA APARECIDA FITTIPALDI FIORATI PARA O CARGO DE ASSESSOR LEGISLATIVO E D\u00c1 OUTRAS PROVID\u00caNCIAS."}, {"id": "4875", "ano": "2020", "numero": "2669", "tipo__sigla": "LEI", "tipo__descricao": "Lei Ordin\u00e1ria", "texto_integral": "http://sapl.sarandi.pr.leg.br/media/sapl/public/normajuridica/2020/4875/lei_no2669-2020_para_site.pdf", "ementa": "D\u00e1 denomina\u00e7\u00e3o a Rua 9340, situada no Loteamento Ecovalley na forma que especifica."}, {"id": "4850", "ano": "2021", "numero": "35", "tipo__sigla": "POR", "tipo__descricao": "Portaria", "texto_integral": "http://sapl.sarandi.pr.leg.br/media/sapl/public/normajuridica/2021/4850/portaria_no_035-2021_para_site.pdf", "ementa": "DESIGNA M\u00d4NICA CRISTINA GONZALVES COMO RESPONS\u00c1VEL PELA DIVIS\u00c3O DE PROTOCOLO - DPR."}, {"id": "4849", "ano": "2021", "numero": "34", "tipo__sigla": "POR", "tipo__descricao": "Portaria", "texto_integral": "http://sapl.sarandi.pr.leg.br/media/sapl/public/normajuridica/2021/4849/portaria_no_034-2021_para_site.pdf", "ementa": "HOMOLOGA O RESULTADO DAS ELEI\u00c7\u00d5ES DAS COMISS\u00d5ES PERMANENTES E D\u00c1 OUTRAS PROVID\u00caNCIAS."}, {"id": "4848", "ano": "2021", "numero": "33", "tipo__sigla": "POR", "tipo__descricao": "Portaria", "texto_integral": "http://sapl.sarandi.pr.leg.br/media/sapl/public/normajuridica/2021/4848/portaria_no_033-2021_para_site.pdf", "ementa": "NOMEIA MARCELA FRITZ DE LIMA MURATORI PARA OCUPAR A FUN\u00c7\u00c3O GRATIFICADA COMO CONTROLADOR INTERNO E D\u00c1 OUTRAS PROVID\u00caNCIAS."}, {"id": "4847", "ano": "2021", "numero": "32", "tipo__sigla": "POR", "tipo__descricao": "Portaria", "texto_integral": "http://sapl.sarandi.pr.leg.br/media/sapl/public/normajuridica/2021/4847/portaria_no_032-2021_para_site.pdf", "ementa": "NOMEIA COMISS\u00c3O PERMANENTE DE LICITA\u00c7\u00d5ES E D\u00c1 OUTRAS PROVID\u00caNCIAS."}, {"id": "4846", "ano": "2021", "numero": "31", "tipo__sigla": "POR", "tipo__descricao": "Portaria", "texto_integral": "http://sapl.sarandi.pr.leg.br/media/sapl/public/normajuridica/2021/4846/portaria_no_031-2021_para_site.pdf", "ementa": "NOMEIA DALVECIR APARECIDO BONORA PARA OCUPAR A FUN\u00c7\u00c3O GRATIFICADA COMO GESTOR DE CONTRATOS E D\u00c1 OUTRAS PROVID\u00caNCIAS."}, {"id": "4845", "ano": "2021", "numero": "30", "tipo__sigla": "POR", "tipo__descricao": "Portaria", "texto_integral": "http://sapl.sarandi.pr.leg.br/media/sapl/public/normajuridica/2021/4845/portaria_no_030-2021_para_site.pdf", "ementa": "NOMEIA RENAN AUGUSTO DOS SANTOS VOLPATTO PARA OCUPAR A FUN\u00c7\u00c3O GRATIFICADA COMO T\u00c9CNICO EM INFORMA\u00c7\u00c3O E D\u00c1 OUTRAS PROVID\u00caNCIAS."}, {"id": "4844", "ano": "2021", "numero": "29", "tipo__sigla": "POR", "tipo__descricao": "Portaria", "texto_integral": "http://sapl.sarandi.pr.leg.br/media/sapl/public/normajuridica/2021/4844/portaria_no_029-2021_para_site.pdf", "ementa": "NOMEIA DHYMISON DA SILVA RAMOS PARA OCUPAR A FUN\u00c7\u00c3O GRATIFICADA COMO T\u00c9CNICO EM MANUTEN\u00c7\u00c3O PREVENTIVA E CORRETIVA E D\u00c1 OUTRAS PROVID\u00caNCIAS."}, {"id": "4843", "ano": "2021", "numero": "28", "tipo__sigla": "POR", "tipo__descricao": "Portaria", "texto_integral": "http://sapl.sarandi.pr.leg.br/media/sapl/public/normajuridica/2021/4843/portaria_no_028-2021_para_site.pdf", "ementa": "NOMEIA D\u00c9BORA APARECIDA DE SOUZA PARA OCUPAR A FUN\u00c7\u00c3O CONFIAN\u00c7A COMO CHEFE DA  DIVIS\u00c3O DE PATRIM\u00d4NIO E  ALMOXARIFADO E D\u00c1 OUTRAS PROVID\u00caNCIAS."}, {"id": "4842", "ano": "2021", "numero": "27", "tipo__sigla": "POR", "tipo__descricao": "Portaria", "texto_integral": "http://sapl.sarandi.pr.leg.br/media/sapl/public/normajuridica/2021/4842/portaria_no_027-2021_para_site.pdf", "ementa": "NOMEIA COMISS\u00c3O PERMANENTE DE AVALIA\u00c7\u00c3O DE BENS M\u00d3VEIS E IM\u00d3VEIS E D\u00c1 OUTRAS PROVID\u00caNCIAS."}, {"id": "4841", "ano": "2021", "numero": "26", "tipo__sigla": "POR", "tipo__descricao": "Portaria", "texto_integral": "http://sapl.sarandi.pr.leg.br/media/sapl/public/normajuridica/2021/4841/portaria_no_026-2021_para_site.pdf", "ementa": "NOMEIA DANIEL CHIARAMONTE FERREIRA PARA OCUPAR A FUN\u00c7\u00c3O CONFIAN\u00c7A COMO CHEFE DA DIVIS\u00c3O DE INFORM\u00c1TICA E D\u00c1 OUTRAS PROVID\u00caNCIAS."}, {"id": "4840", "ano": "2021", "numero": "25", "tipo__sigla": "POR", "tipo__descricao": "Portaria", "texto_integral": "http://sapl.sarandi.pr.leg.br/media/sapl/public/normajuridica/2021/4840/portaria_no_025-2021_para_site.pdf", "ementa": "NOMEIA COMISS\u00c3O PERMANENTE DE AVALIA\u00c7\u00c3O DE DESEMPENHO E D\u00c1 OUTRAS PROVID\u00caNCIAS."}, {"id": "4839", "ano": "2021", "numero": "24", "tipo__sigla": "POR", "tipo__descricao": "Portaria", "texto_integral": "http://sapl.sarandi.pr.leg.br/media/sapl/public/normajuridica/2021/4839/portaria_no_024-2021_para_site.pdf", "ementa": "NOMEIA JO\u00c3O ROBERTO DOS SANTOS LOPES PARA OCUPAR A FUN\u00c7\u00c3O GRATIFICADA COMO GESTOR DE PESSOAS E D\u00c1 OUTRAS PROVID\u00caNCIAS."}, {"id": "4838", "ano": "2021", "numero": "23", "tipo__sigla": "POR", "tipo__descricao": "Portaria", "texto_integral": "http://sapl.sarandi.pr.leg.br/media/sapl/public/normajuridica/2021/4838/portaria_no_023-2021_para_site.pdf", "ementa": "NOMEIA COMISS\u00c3O PERMANENTE DE RECEBIMENTO E D\u00c1 OUTRAS PROVID\u00caNCIAS."}, {"id": "4837", "ano": "2021", "numero": "22", "tipo__sigla": "POR", "tipo__descricao": "Portaria", "texto_integral": "http://sapl.sarandi.pr.leg.br/media/sapl/public/normajuridica/2021/4837/portaria_no_022-2021_para_site.pdf", "ementa": "NOMEIA AN\u00c9SIO JOS\u00c9 DA SILVA PARA OCUPAR A FUN\u00c7\u00c3O DE CONFIAN\u00c7A COMO DIRETOR ADMINISTRATIVO E D\u00c1 OUTRAS PROVID\u00caNCIAS."}, {"id": "4836", "ano": "2021", "numero": "21", "tipo__sigla": "POR", "tipo__descricao": "Portaria", "texto_integral": "http://sapl.sarandi.pr.leg.br/media/sapl/public/normajuridica/2021/4836/portaria_no_021-2021__para_site.pdf", "ementa": "NOMEIA ROVILSON JOS\u00c9 ARANTES PARA OCUPAR A FUN\u00c7\u00c3O DE CONFIAN\u00c7A COMO DIRETOR FINANCEIRO E D\u00c1OUTRAS PROVID\u00caNCIAS."}, {"id": "4835", "ano": "2021", "numero": "20", "tipo__sigla": "POR", "tipo__descricao": "Portaria", "texto_integral": "http://sapl.sarandi.pr.leg.br/media/sapl/public/normajuridica/2021/4835/portaria_no_020-2021_para_site.pdf", "ementa": "NOMEIA VAGNER RAFAEL VAZ PARA OCUPAR A FUN\u00c7\u00c3O DE CONFIAN\u00c7A COMO DIRETOR LEGISLATIVOE D\u00c1 OUTRAS PROVID\u00caNCIAS."}, {"id": "5854", "ano": "2020", "numero": "1894", "tipo__sigla": "DE", "tipo__descricao": "Decreto Executivo", "texto_integral": "http://sapl.sarandi.pr.leg.br/media/sapl/public/normajuridica/2020/5854/decreto_executivo_no_1894-2020.pdf", "ementa": "FIXA O VALOR DA UNIDADE FISCAL PADR\u00c3O DE SARANDI \u2013 UFPS, PARA O EXERC\u00cdCIO DE 2021, NA FORMA QUE ESPECIFICA."}, {"id": "4825", "ano": "2021", "numero": "19", "tipo__sigla": "POR", "tipo__descricao": "Portaria", "texto_integral": "http://sapl.sarandi.pr.leg.br/media/sapl/public/normajuridica/2021/4825/portaria_no_19-2021_para_site.pdf", "ementa": "CONVOCA OS ASSESSORES LEGISLATIVOS E PARLAMENTARES PARA PARTICIPAREM DE CAPACITA\u00c7\u00c3O INTERNA DISPONIBILIZADA PELO PODER LEGISLATIVO."}, {"id": "4824", "ano": "2021", "numero": "18", "tipo__sigla": "POR", "tipo__descricao": "Portaria", "texto_integral": "http://sapl.sarandi.pr.leg.br/media/sapl/public/normajuridica/2021/4824/portaria_no_018-2021_para_site.pdf", "ementa": "NOMEIA NILDA ANGELA DOS SANTOS PARA O CARGO DE ASSESSOR PARLAMENTAR E D\u00c1 OUTRAS PROVID\u00caNCIAS, NO GABINETE DA VEREADORA IRENI MOURA FARIAS."}, {"id": "4823", "ano": "2021", "numero": "17", "tipo__sigla": "POR", "tipo__descricao": "Portaria", "texto_integral": "http://sapl.sarandi.pr.leg.br/media/sapl/public/normajuridica/2021/4823/portaria_no_017-2021_para_site.pdf", "ementa": "NOMEIA CRESIA CONCEI\u00c7\u00c3O DA SILVA MAZIA PARA O CARGO DE ASSESSOR PARLAMENTAR E D\u00c1 OUTRAS PROVID\u00caNCIAS, NO GABINETE DO VEREADOR F\u00c1BIO DE SOUZA SILVEIRA."}, {"id": "4822", "ano": "2021", "numero": "16", "tipo__sigla": "POR", "tipo__descricao": "Portaria", "texto_integral": "http://sapl.sarandi.pr.leg.br/media/sapl/public/normajuridica/2021/4822/portaria_no_016-2021_para_site.pdf", "ementa": "NOMEIA JOS\u00c9 MIGUEL SORIAN PARA O CARGO DE ASSESSOR PARLAMENTAR E D\u00c1 OUTRAS PROVID\u00caNCIAS, NO GABINETE DO VEREADOR EUNILDO ZANCHIM."}, {"id": "4821", "ano": "2021", "numero": "15", "tipo__sigla": "POR", "tipo__descricao": "Portaria", "texto_integral": "http://sapl.sarandi.pr.leg.br/media/sapl/public/normajuridica/2021/4821/portaria_no_015-2021__para_site.pdf", "ementa": "NOMEIA LUIZ CARLOS DE ALMEIDA PARA O CARGO DE ASSESSOR PARLAMENTAR E D\u00c1 OUTRAS PROVID\u00caNCIAS, NO GABINETE DO VEREADOR ERASMO CARDOSO PEREIRA."}, {"id": "4820", "ano": "2021", "numero": "14", "tipo__sigla": "POR", "tipo__descricao": "Portaria", "texto_integral": "http://sapl.sarandi.pr.leg.br/media/sapl/public/normajuridica/2021/4820/portaria_no_014-2021_para_site.pdf", "ementa": "NOMEIA ALESSANDRO APARECIDO COMBINATO PARA O CARGO DE ASSESSOR PARLAMENTAR E D\u00c1 OUTRAS PROVID\u00caNCIAS, NO GABINETE DO VEREADOR DIONIZIO APARECIDO VIARO."}, {"id": "4819", "ano": "2021", "numero": "13", "tipo__sigla": "POR", "tipo__descricao": "Portaria", "texto_integral": "http://sapl.sarandi.pr.leg.br/media/sapl/public/normajuridica/2021/4819/portaria_no_013-2021__para_site.pdf", "ementa": "NOMEIA ROSILENE APARECIDA DE SOUZA PARA O CARGO DE ASSESSOR PARLAMENTAR E D\u00c1 OUTRAS PROVID\u00caNCIAS, NO GABINETE DO VEREADOR CICERO DA SILVA CORREA."}, {"id": "4818", "ano": "2021", "numero": "12", "tipo__sigla": "POR", "tipo__descricao": "Portaria", "texto_integral": "http://sapl.sarandi.pr.leg.br/media/sapl/public/normajuridica/2021/4818/portaria_no_012-2021_para_site.pdf", "ementa": "NOMEIA ROBERTO ARA\u00daJO PARA O CARGO DE ASSESSOR PARLAMENTAR E D\u00c1 OUTRAS PROVID\u00caNCIAS, NO GABINETE DO VEREADOR BELMIRO DA SILVA FARIAS."}, {"id": "4817", "ano": "2021", "numero": "11", "tipo__sigla": "POR", "tipo__descricao": "Portaria", "texto_integral": "http://sapl.sarandi.pr.leg.br/media/sapl/public/normajuridica/2021/4817/portaria_no_011-2021_para_site.pdf", "ementa": "NOMEIA CESAR WILLIANS HILARIO CUSTODIO PARA O CARGO DE ASSESSOR PARLAMENTAR E D\u00c1 OUTRAS PROVID\u00caNCIAS, NO GABINETE DO VEREADOR ADRIANO FERREIRA AMORIM."}, {"id": "4816", "ano": "2021", "numero": "10", "tipo__sigla": "POR", "tipo__descricao": "Portaria", "texto_integral": "http://sapl.sarandi.pr.leg.br/media/sapl/public/normajuridica/2021/4816/portaria_no_010-2021_para_site.pdf", "ementa": "NOMEIA EDUARDO DO CARMO PRA O CARGO DE ASSESSOR LEGISLATIVO E D\u00c1 OUTRAS PROVID\u00caNCIAS, NO GABINETE DA VEREADORA KEILA BATISTA ZEGOBIA."}, {"id": "4815", "ano": "2021", "numero": "9", "tipo__sigla": "POR", "tipo__descricao": "Portaria", "texto_integral": "http://sapl.sarandi.pr.leg.br/media/sapl/public/normajuridica/2021/4815/portaria_no_009-2021_para_site.pdf", "ementa": "NOMEIA CRISTINA VIANA BORDON, PARA O CARGO DE ASSESSOR PARLAMENTAR E D\u00c1 OUTRAS PROVID\u00caNCIAS, NO GABINETE DO VEREADOR GILBERTO MESSIAS DE PINAS."}, {"id": "4814", "ano": "2021", "numero": "8", "tipo__sigla": "POR", "tipo__descricao": "Portaria", "texto_integral": "http://sapl.sarandi.pr.leg.br/media/sapl/public/normajuridica/2021/4814/portaria_no_008-2021__para_site.pdf", "ementa": "NOMEIA ELIANE DA SILVA DOS SANTOS PARA O CARGO DE ASSESSR LEGISLATIVO E D\u00c1 OUTRAS, NO GABINETE DO VEREADOR GILBERTO MESSIAS DE PINAS."}, {"id": "4813", "ano": "2021", "numero": "7", "tipo__sigla": "POR", "tipo__descricao": "Portaria", "texto_integral": "http://sapl.sarandi.pr.leg.br/media/sapl/public/normajuridica/2021/4813/portaria_no_007-2021_para_site.pdf", "ementa": "NOMEIA H\u00c9LIO DOUGLAS DE SOUZA CAVALCANTI, PARA O CARGO DE ASSESSOR LEGISLATIVO E D\u00c1 OUTRAS PROVID\u00caNCIAS, NO GABINTE DO VEREADOR F\u00c1BIO DE SOUZA SILVEIRA."}, {"id": "4812", "ano": "2021", "numero": "6", "tipo__sigla": "POR", "tipo__descricao": "Portaria", "texto_integral": "http://sapl.sarandi.pr.leg.br/media/sapl/public/normajuridica/2021/4812/portaria_no_006-2021_para_site.pdf", "ementa": "NOMEIA GABRIELA DO CARMO DONATO PARA O CARGO DE ASSESSOR PARLAMENTAR E D\u00c1 OUTRAS PROVID\u00caNCIAS, NO GABINETE DA VEREADORA KEILA BATISTA ZEGOBIA."}, {"id": "4811", "ano": "2021", "numero": "5", "tipo__sigla": "POR", "tipo__descricao": "Portaria", "texto_integral": "http://sapl.sarandi.pr.leg.br/media/sapl/public/normajuridica/2021/4811/portaria_no_005-2021_para_site.pdf", "ementa": "NOMEIA BRUNO HENRIQUE DAVI BARBOZA MARTINI PARA O CARGO DE ASSESSOR LEGISLATIVO E D\u00c1 OUTRAS PROVID\u00caNCIAS, NO GABINETE DO VEREADRO ERASMO CARDOSO PEREIRA."}, {"id": "4810", "ano": "2021", "numero": "4", "tipo__sigla": "POR", "tipo__descricao": "Portaria", "texto_integral": "http://sapl.sarandi.pr.leg.br/media/sapl/public/normajuridica/2021/4810/portaria_no_004-2021__para_site.pdf", "ementa": "NOMEIA MATILDE  FUSCO EGIPTO DUARTE PARA O CARGO DE ASSESSOR LEGISLATIVO E D\u00c1 OUTRAS PROVID\u00caNCIAS, NO GABIENTE DO VEREADR DIONIZIO APARECIDO VIARO."}, {"id": "4809", "ano": "2021", "numero": "3", "tipo__sigla": "POR", "tipo__descricao": "Portaria", "texto_integral": "http://sapl.sarandi.pr.leg.br/media/sapl/public/normajuridica/2021/4809/portaria_no_003-2021_para_site.pdf", "ementa": "NOMEIA ISMAEL APARECIDO DE JESUS PARA O CARGO DE ASSESSOR LEGISLATIVO E D\u00c1 OUTRAS PROVID\u00caNCIAS, NO GABINETE DO VEREADOR CICERO DA SILVA CORREIA."}, {"id": "4808", "ano": "2021", "numero": "2", "tipo__sigla": "POR", "tipo__descricao": "Portaria", "texto_integral": "http://sapl.sarandi.pr.leg.br/media/sapl/public/normajuridica/2021/4808/portaria_no_002-2021_para_site.pdf", "ementa": "NOMEIA ANTONIO BENVENUTO FERREIRA PARA O CARGO DE ASSESSOR LEGISLATIVO E D\u00c1 OUTRAS PROVID\u00caNCIAS, NO GABINETE DO VEREADOR BELMIRO DA SILVA FARIAS."}, {"id": "4807", "ano": "2021", "numero": "1", "tipo__sigla": "POR", "tipo__descricao": "Portaria", "texto_integral": "http://sapl.sarandi.pr.leg.br/media/sapl/public/normajuridica/2021/4807/portaria_no_001-2021_para_site.pdf", "ementa": "NOMEIA JESSICA APARECIDA DE CALAIS LIMA DE OLIVEIRA PARA O CARGO DE ASSESSOR LEGISLTIVO E D\u00c1 OUTRAS PROVID\u00caNCIAS, NO GABINETE DO VEREADOR  ADRIANO FERREIRA AMORIM."}, {"id": "4877", "ano": "2020", "numero": "2671", "tipo__sigla": "LEI", "tipo__descricao": "Lei Ordin\u00e1ria", "texto_integral": "http://sapl.sarandi.pr.leg.br/media/sapl/public/normajuridica/2020/4877/lei_no_2671-2020_para_site.pdf", "ementa": "D\u00e1 denomina\u00e7\u00e3o a Rua 9337, situada no Loteamento Ecovalley na forma que especifica."}, {"id": "4876", "ano": "2020", "numero": "2670", "tipo__sigla": "LEI", "tipo__descricao": "Lei Ordin\u00e1ria", "texto_integral": "http://sapl.sarandi.pr.leg.br/media/sapl/public/normajuridica/2020/4876/lei_no_2670-2020_para_site.pdf", "ementa": "D\u00e1 denomina\u00e7\u00e3o a Rua 9343, situada no Loteamento Ecovalley na forma que especifica."}, {"id": "4874", "ano": "2020", "numero": "2668", "tipo__sigla": "LEI", "tipo__descricao": "Lei Ordin\u00e1ria", "texto_integral": "http://sapl.sarandi.pr.leg.br/media/sapl/public/normajuridica/2020/4874/lei_no_2668-2020_para_site.pdf", "ementa": "Disp\u00f5e sobre a abertura de Cr\u00e9dito Adicional Especial na forma que especifica."}, {"id": "4873", "ano": "2020", "numero": "2667", "tipo__sigla": "LEI", "tipo__descricao": "Lei Ordin\u00e1ria", "texto_integral": "http://sapl.sarandi.pr.leg.br/media/sapl/public/normajuridica/2020/4873/lei_no_2667-2020_para_site.pdf", "ementa": "D\u00e1 denomina\u00e7\u00e3o a Rua 9304, situada no Loteamento Ecovalley na forma que especifica."}, {"id": "4872", "ano": "2020", "numero": "2666", "tipo__sigla": "LEI", "tipo__descricao": "Lei Ordin\u00e1ria", "texto_integral": "http://sapl.sarandi.pr.leg.br/media/sapl/public/normajuridica/2020/4872/lei_no_2666-2020_para_site.pdf", "ementa": "Regulamenta o Programa de Combate e a Preven\u00e7\u00e3o ao Abandono e \u00e0 Evas\u00e3o Escolar no munic\u00edpio de Sarandi - PR."}, {"id": "4871", "ano": "2020", "numero": "2665", "tipo__sigla": "LEI", "tipo__descricao": "Lei Ordin\u00e1ria", "texto_integral": "http://sapl.sarandi.pr.leg.br/media/sapl/public/normajuridica/2020/4871/lei_no_2665-2020_para_site.pdf", "ementa": "D\u00e1 denomina\u00e7\u00e3o a Rua 1010, situada no Jardim Leblon, na forma que especifica."}, {"id": "4870", "ano": "2020", "numero": "2664", "tipo__sigla": "LEI", "tipo__descricao": "Lei Ordin\u00e1ria", "texto_integral": "http://sapl.sarandi.pr.leg.br/media/sapl/public/normajuridica/2020/4870/lei_no_2664-2020_para_site.pdf", "ementa": "D\u00e1 denomina\u00e7\u00e3o a Rua 1009, situada no Jardim Leblon, na forma que especifica."}, {"id": "4869", "ano": "2020", "numero": "2663", "tipo__sigla": "LEI", "tipo__descricao": "Lei Ordin\u00e1ria", "texto_integral": "http://sapl.sarandi.pr.leg.br/media/sapl/public/normajuridica/2020/4869/lei_no_2663-2020__para_site.pdf", "ementa": "D\u00e1 denomina\u00e7\u00e3o a Rua 9328, situada no Loteamento Ecovalley na forma que especifica."}, {"id": "4868", "ano": "2020", "numero": "2662", "tipo__sigla": "LEI", "tipo__descricao": "Lei Ordin\u00e1ria", "texto_integral": "http://sapl.sarandi.pr.leg.br/media/sapl/public/normajuridica/2020/4868/lei_no_2662-2020_para_site.pdf", "ementa": "D\u00e1 denomina\u00e7\u00e3o a Rua 9342, situada no Loteamento Ecovalley na forma que especifica."}, {"id": "4867", "ano": "2020", "numero": "2661", "tipo__sigla": "LEI", "tipo__descricao": "Lei Ordin\u00e1ria", "texto_integral": "http://sapl.sarandi.pr.leg.br/media/sapl/public/normajuridica/2020/4867/lei_no_2661-2020_para_site.pdf", "ementa": "D\u00e1 denomina\u00e7\u00e3o a Rua 9315, situada no Loteamento Ecovalley na forma que especifica."}, {"id": "4866", "ano": "2020", "numero": "2660", "tipo__sigla": "LEI", "tipo__descricao": "Lei Ordin\u00e1ria", "texto_integral": "http://sapl.sarandi.pr.leg.br/media/sapl/public/normajuridica/2020/4866/lei_no_2660-2020_para_site.pdf", "ementa": "D\u00e1 denomina\u00e7\u00e3o a Avenida Das Torres, situada no Loteamento Jardim Aurora III, na forma que especifica."}, {"id": "4806", "ano": "2020", "numero": "82", "tipo__sigla": "POR", "tipo__descricao": "Portaria", "texto_integral": "http://sapl.sarandi.pr.leg.br/media/sapl/public/normajuridica/2020/4806/portaria_no_082-2020__para_site.pdf", "ementa": "DESIGNAR O SERVIDOR DANIEL CHIARAMENTO FERREIRA PARA FISCALIZA\u00c7\u00c3O DE CONTRATO, E D\u00c1 OUTRAS PROVID\u00caNCIAS."}, {"id": "4805", "ano": "2020", "numero": "81", "tipo__sigla": "POR", "tipo__descricao": "Portaria", "texto_integral": "http://sapl.sarandi.pr.leg.br/media/sapl/public/normajuridica/2020/4805/portaria_no_081-2020__para_site.pdf", "ementa": "REVOGAR PORTARIAS DE COMISS\u00d5ES, DIRETORIAS, CHEFIAS E ATRIBUI\u00c7\u00d5ES DE FUN\u00c7\u00d5ES GRATIFICADAS E D\u00c1 OUTRAS PROVID\u00caNCIAS."}, {"id": "4804", "ano": "2020", "numero": "80", "tipo__sigla": "POR", "tipo__descricao": "Portaria", "texto_integral": "http://sapl.sarandi.pr.leg.br/media/sapl/public/normajuridica/2020/4804/portaria_no_080-2020__para_site.pdf", "ementa": "EXONERA SERVIDORES COMISSIONADOS E D\u00c1 OUTRAS PROVID\u00caNCIAS."}, {"id": "4865", "ano": "2020", "numero": "2659", "tipo__sigla": "LEI", "tipo__descricao": "Lei Ordin\u00e1ria", "texto_integral": "http://sapl.sarandi.pr.leg.br/media/sapl/public/normajuridica/2020/4865/lei_no_2659-2020_para_site.pdf", "ementa": "D\u00e1 denomina\u00e7\u00e3o a Rua 9341, situada no Loteamento Ecovalley na forma que especifica."}, {"id": "4864", "ano": "2020", "numero": "2658", "tipo__sigla": "LEI", "tipo__descricao": "Lei Ordin\u00e1ria", "texto_integral": "http://sapl.sarandi.pr.leg.br/media/sapl/public/normajuridica/2020/4864/lei_no_2658-2020_para_site.pdf", "ementa": "D\u00e1 denomina\u00e7\u00e3o a Rua 9340, situada no Loteamento Ecovalley na forma que especifica."}, {"id": "4863", "ano": "2020", "numero": "2657", "tipo__sigla": "LEI", "tipo__descricao": "Lei Ordin\u00e1ria", "texto_integral": "http://sapl.sarandi.pr.leg.br/media/sapl/public/normajuridica/2020/4863/lei_no_2657-2020_para_site.pdf", "ementa": "D\u00e1 denomina\u00e7\u00e3o a Rua 9346, situada no Loteamento Ecovalley na forma que especifica."}, {"id": "4862", "ano": "2020", "numero": "2656", "tipo__sigla": "LEI", "tipo__descricao": "Lei Ordin\u00e1ria", "texto_integral": "http://sapl.sarandi.pr.leg.br/media/sapl/public/normajuridica/2020/4862/lei_no_2656-2020__para_site.pdf", "ementa": "D\u00e1 denomina\u00e7\u00e3o a Rua 9345, situada no Loteamento Ecovalley na forma que especifica."}, {"id": "4861", "ano": "2020", "numero": "2655", "tipo__sigla": "LEI", "tipo__descricao": "Lei Ordin\u00e1ria", "texto_integral": "http://sapl.sarandi.pr.leg.br/media/sapl/public/normajuridica/2020/4861/lei_no_2655-2020_para_site.pdf", "ementa": "D\u00e1 denomina\u00e7\u00e3o a Rua 9344, situada no Loteamento Ecovalley na forma que especifica."}, {"id": "4860", "ano": "2020", "numero": "2654", "tipo__sigla": "LEI", "tipo__descricao": "Lei Ordin\u00e1ria", "texto_integral": "http://sapl.sarandi.pr.leg.br/media/sapl/public/normajuridica/2020/4860/lei_no_2654-2020_para_site.pdf", "ementa": "D\u00e1 denomina\u00e7\u00e3o a Rua 9310, situada no Loteamento Ecovalley na forma que especifica."}, {"id": "4859", "ano": "2020", "numero": "2653", "tipo__sigla": "LEI", "tipo__descricao": "Lei Ordin\u00e1ria", "texto_integral": "http://sapl.sarandi.pr.leg.br/media/sapl/public/normajuridica/2020/4859/lei_no_2653-2020_para_site.pdf", "ementa": "D\u00e1 denomina\u00e7\u00e3o a Rua 9313, situada no Loteamento Ecovalley na forma que especifica."}, {"id": "4858", "ano": "2020", "numero": "2652", "tipo__sigla": "LEI", "tipo__descricao": "Lei Ordin\u00e1ria", "texto_integral": "http://sapl.sarandi.pr.leg.br/media/sapl/public/normajuridica/2020/4858/lei_no_2652-2020_para_site.pdf", "ementa": "D\u00e1 denomina\u00e7\u00e3o a Rua 9312, situada no Loteamento Ecovalley na forma que especifica."}, {"id": "4857", "ano": "2020", "numero": "2651", "tipo__sigla": "LEI", "tipo__descricao": "Lei Ordin\u00e1ria", "texto_integral": "http://sapl.sarandi.pr.leg.br/media/sapl/public/normajuridica/2020/4857/lei_no_2651-2020_para_site.pdf", "ementa": "D\u00e1 denomina\u00e7\u00e3o a Rua 9306, situada no Loteamento Ecovalley na forma que especifica."}, {"id": "4856", "ano": "2020", "numero": "2650", "tipo__sigla": "LEI", "tipo__descricao": "Lei Ordin\u00e1ria", "texto_integral": "http://sapl.sarandi.pr.leg.br/media/sapl/public/normajuridica/2020/4856/lei_no_2650-2020__para_site.pdf", "ementa": "D\u00e1 denomina\u00e7\u00e3o a Rua 9305, situada no Loteamento Ecovalley na forma que especifica."}, {"id": "4855", "ano": "2020", "numero": "2649", "tipo__sigla": "LEI", "tipo__descricao": "Lei Ordin\u00e1ria", "texto_integral": "http://sapl.sarandi.pr.leg.br/media/sapl/public/normajuridica/2020/4855/lei_no_2649-2020_para_site.pdf", "ementa": "D\u00e1 denomina\u00e7\u00e3o a Rua 9308, situada no Loteamento Ecovalley na forma que especifica."}, {"id": "4834", "ano": "2020", "numero": "2648", "tipo__sigla": "LEI", "tipo__descricao": "Lei Ordin\u00e1ria", "texto_integral": "http://sapl.sarandi.pr.leg.br/media/sapl/public/normajuridica/2020/4834/lei_no_2648-2020_para_site.pdf", "ementa": "D\u00e1 denomina\u00e7\u00e3o a Rua 9302, situada no Loteamento Ecovalley na forma que especifica."}, {"id": "4833", "ano": "2020", "numero": "2647", "tipo__sigla": "LEI", "tipo__descricao": "Lei Ordin\u00e1ria", "texto_integral": "http://sapl.sarandi.pr.leg.br/media/sapl/public/normajuridica/2020/4833/lei_no_2647-2020_para_site.pdf", "ementa": "D\u00e1 denomina\u00e7\u00e3o a Rua 9303, situada no Loteamento Ecovalley na forma que especifica."}, {"id": "4832", "ano": "2020", "numero": "2646", "tipo__sigla": "LEI", "tipo__descricao": "Lei Ordin\u00e1ria", "texto_integral": "http://sapl.sarandi.pr.leg.br/media/sapl/public/normajuridica/2020/4832/lei_no_2646-2020__para_site.pdf", "ementa": "D\u00e1 denomina\u00e7\u00e3o a Rua 9351 e Projetada C, situadas no Loteamento Ecovalley  e Gavea, respectivamente, na forma que especifica."}, {"id": "4831", "ano": "2020", "numero": "2645", "tipo__sigla": "LEI", "tipo__descricao": "Lei Ordin\u00e1ria", "texto_integral": "http://sapl.sarandi.pr.leg.br/media/sapl/public/normajuridica/2020/4831/lei_no2645-2020_para_site.pdf", "ementa": "Disp\u00f5e sobre a implanta\u00e7\u00e3o de fia\u00e7\u00e3o subterr\u00e2nea para fins de instala\u00e7\u00e3o de fia\u00e7\u00e3o de energia el\u00e9trica, de telefonia, de intemet, de TV a cabo, etc., em novos loteamentos e empreendimentos imobili\u00e1rios no munic\u00edpio de Sarandi e d\u00e1 outras provid\u00eancias."}, {"id": "4830", "ano": "2020", "numero": "2644", "tipo__sigla": "LEI", "tipo__descricao": "Lei Ordin\u00e1ria", "texto_integral": "http://sapl.sarandi.pr.leg.br/media/sapl/public/normajuridica/2020/4830/lei_no_2644-2020_para_site.pdf", "ementa": "Institui o \"Dia da Seguran\u00e7a P\u00fablica de Sarandi\", e d\u00e1 outras provid\u00eancias."}, {"id": "4829", "ano": "2020", "numero": "2643", "tipo__sigla": "LEI", "tipo__descricao": "Lei Ordin\u00e1ria", "texto_integral": "http://sapl.sarandi.pr.leg.br/media/sapl/public/normajuridica/2020/4829/lei_no_2643-2020__para_site.pdf", "ementa": "Institui a \"Semana de Prote\u00e7\u00e3o e combate ao Bulling Escolar\", e d\u00e1 outras provid\u00eancias."}, {"id": "4828", "ano": "2020", "numero": "2642", "tipo__sigla": "LEI", "tipo__descricao": "Lei Ordin\u00e1ria", "texto_integral": "http://sapl.sarandi.pr.leg.br/media/sapl/public/normajuridica/2020/4828/lei_no_2642-2020_para_site.pdf", "ementa": "Institui a \"Semana Municipal da Ado\u00e7\u00e3o, Prote\u00e7\u00e3o e Bem-Estar dos Animais\", e d\u00e1 outras provid\u00eancias."}, {"id": "4827", "ano": "2020", "numero": "2641", "tipo__sigla": "LEI", "tipo__descricao": "Lei Ordin\u00e1ria", "texto_integral": "http://sapl.sarandi.pr.leg.br/media/sapl/public/normajuridica/2020/4827/lei_no_2641-2020_para_site.pdf", "ementa": "D\u00e1 denomina\u00e7\u00e3o \u00e0 Rua 9354, no Loteamento Ecovalley, na forma que especifica."}, {"id": "4803", "ano": "2020", "numero": "79", "tipo__sigla": "POR", "tipo__descricao": "Portaria", "texto_integral": "http://sapl.sarandi.pr.leg.br/media/sapl/public/normajuridica/2020/4803/portaria_no_079-2020_para_site.pdf", "ementa": "FIXA RECESSO ADMINISTRATIVO DE FINAL DE ANO, E D\u00c1 OUTRAS PROVID\u00caNCIAS."}, {"id": "4802", "ano": "2020", "numero": "78", "tipo__sigla": "POR", "tipo__descricao": "Portaria", "texto_integral": "http://sapl.sarandi.pr.leg.br/media/sapl/public/normajuridica/2020/4802/portaria_no_078-2020_para_site.pdf", "ementa": "DESIGNAR SERVIDORES PARA TRABALHAREM NA POSSE DOS ELEITOS, E D\u00c1 OUTRAS PROVID\u00caNCIAS."}, {"id": "4826", "ano": "2020", "numero": "2640", "tipo__sigla": "LEI", "tipo__descricao": "Lei Ordin\u00e1ria", "texto_integral": "http://sapl.sarandi.pr.leg.br/media/sapl/public/normajuridica/2020/4826/lei_no_2640-2020__para_site.pdf", "ementa": "Disp\u00f5e sobre a abertura de Cr\u00e9dito Adicional Especial na forma que especifica."}, {"id": "4793", "ano": "2020", "numero": "17", "tipo__sigla": "ATP", "tipo__descricao": "Ato da Presid\u00eancia", "texto_integral": "http://sapl.sarandi.pr.leg.br/media/sapl/public/normajuridica/2020/4793/ato_da_presidencia_no_017-2020_para_site.pdf", "ementa": "Disp\u00f5e sobre medidas internas a serem observadas, em virtude do COVID-19 \"Coronav\u00edrus\" na Sess\u00e3o de Posse dos Vereadores, Prefeito e Vice-Prefeito, e d\u00e1 outras provid\u00eancias."}, {"id": "4801", "ano": "2020", "numero": "77", "tipo__sigla": "POR", "tipo__descricao": "Portaria", "texto_integral": "http://sapl.sarandi.pr.leg.br/media/sapl/public/normajuridica/2020/4801/portaria_no_077-2020_para_site.pdf", "ementa": "CONCEDE PROGRESS\u00c3O FUNCIONAL POR DESEMPENHO AO SERVIDOR LUCAS ATALIBA RANTIN DE CARVALHO E DA OUTRAS PROVID\u00caNCIAS."}, {"id": "4800", "ano": "2020", "numero": "76", "tipo__sigla": "POR", "tipo__descricao": "Portaria", "texto_integral": "http://sapl.sarandi.pr.leg.br/media/sapl/public/normajuridica/2020/4800/portaria_no_076-2020__para_site.pdf", "ementa": "CONCEDE PROGRESS\u00c3O FUNCIONAL POR DESEMPENHO A SERVIDORA SANDRA DA MATA CLEMENTE DUARTE E DA OUTRAS PROVID\u00caNCIAS."}, {"id": "4799", "ano": "2020", "numero": "75", "tipo__sigla": "POR", "tipo__descricao": "Portaria", "texto_integral": "http://sapl.sarandi.pr.leg.br/media/sapl/public/normajuridica/2020/4799/portaria_no_075-2020__para_site.pdf", "ementa": "CONCEDE PROGRESS\u00c3O FUNCIONAL POR DESEMPENHO A SERVIDORA LUZIA AZEVEDO DIAS E D\u00c1 OUTRAS PROVID\u00caNCIAS."}, {"id": "4798", "ano": "2020", "numero": "74", "tipo__sigla": "POR", "tipo__descricao": "Portaria", "texto_integral": "http://sapl.sarandi.pr.leg.br/media/sapl/public/normajuridica/2020/4798/portaria_no_074-2020__para_site.pdf", "ementa": "DESIGNAR SERVIDOR AN\u00c9SIO JOS\u00c9 DA SILVA PARA A FUN\u00c7\u00c3O DE GESTOR DO CONTRATO N\u00ba 008/2020."}, {"id": "4797", "ano": "2020", "numero": "73", "tipo__sigla": "POR", "tipo__descricao": "Portaria", "texto_integral": "http://sapl.sarandi.pr.leg.br/media/sapl/public/normajuridica/2020/4797/portaria_no_073-2020__para_site.pdf", "ementa": "CONCEDE PROGRESS\u00c3O FUNCIONAL POR DESEMPENHO AO SERVIDOR JO\u00c3O ROBERTO DOS SANTOS LOPES E DA OUTRAS PROVID\u00caNCIAS."}, {"id": "4796", "ano": "2020", "numero": "72", "tipo__sigla": "POR", "tipo__descricao": "Portaria", "texto_integral": "http://sapl.sarandi.pr.leg.br/media/sapl/public/normajuridica/2020/4796/portaria_no_072-2020_para_site.pdf", "ementa": "CONCEDE PROGRESS\u00c3O FUNCIONAL POR DESEMPENHO AO SERVIDOR DHYMISON DA SILVA RAMOS E DA OUTRAS PROVID\u00caNCIAS."}, {"id": "4795", "ano": "2020", "numero": "71", "tipo__sigla": "POR", "tipo__descricao": "Portaria", "texto_integral": "http://sapl.sarandi.pr.leg.br/media/sapl/public/normajuridica/2020/4795/portaria_no_071-2020__para_site.pdf", "ementa": "CONCEDE PROGRESS\u00c3O FUNCIONAL POR DESEMPENHO AO SERVIDOR JO\u00c3O LEONARDO PINELLI MILHAN E DA OUTRAS PROVID\u00caNCIAS."}, {"id": "4792", "ano": "2020", "numero": "16", "tipo__sigla": "ATP", "tipo__descricao": "Ato da Presid\u00eancia", "texto_integral": "http://sapl.sarandi.pr.leg.br/media/sapl/public/normajuridica/2020/4792/ato_da_presidencia_no_016-2020_para_site.pdf", "ementa": "Disp\u00f5e sobre medidas internas a serem observadas, em virtude do COVID-19 \"Coronav\u00edrus\" e final de mandato, e d\u00e1 outras provid\u00eancias."}, {"id": "4794", "ano": "2020", "numero": "70", "tipo__sigla": "POR", "tipo__descricao": "Portaria", "texto_integral": "http://sapl.sarandi.pr.leg.br/media/sapl/public/normajuridica/2020/4794/portaria_no_070-2020_para_site.pdf", "ementa": "CONCEDE PROGRESS\u00c3O FUNCIONAL POR DESEMPENHO A SERVIDORA D\u00c9BORA APARECIDA DE SOUZA E D\u00c1 OUTRAS PROVID\u00caNCIAS."}, {"id": "4791", "ano": "2020", "numero": "69", "tipo__sigla": "POR", "tipo__descricao": "Portaria", "texto_integral": "http://sapl.sarandi.pr.leg.br/media/sapl/public/normajuridica/2020/4791/portaria_no_069-2020_para_site.pdf", "ementa": "DESIGNAR SERVIDOR AN\u00c9SIO JOS\u00c9 DA SILVA, PARA FISCALIZA\u00c7\u00c3O DE CONTRATO, E D\u00c1 OUTRAS PROVID\u00caNCIAS."}, {"id": "4787", "ano": "2020", "numero": "68", "tipo__sigla": "POR", "tipo__descricao": "Portaria", "texto_integral": "http://sapl.sarandi.pr.leg.br/media/sapl/public/normajuridica/2020/4787/portaria_no068-2020_para_site.pdf", "ementa": "CONCEDE ESTABILIDADE FUNCIONAL AO SERVIDOR RENAN AUGUSTO DOS SANTOS VOLPATTO E D\u00c1 OUTRAS PROVID\u00caNCIAS."}, {"id": "4786", "ano": "2020", "numero": "67", "tipo__sigla": "POR", "tipo__descricao": "Portaria", "texto_integral": "http://sapl.sarandi.pr.leg.br/media/sapl/public/normajuridica/2020/4786/portaria_no_067-2020__para_site.pdf", "ementa": "DESIGNAR SERVIDORA ANGELA ALVES DE ALMEIDA, PARA A FUN\u00c7\u00c3O DE FISCA DE CONTRATO, E D\u00c1 OUTRAS PROVID\u00caNCIAS."}, {"id": "4790", "ano": "2020", "numero": "2639", "tipo__sigla": "LEI", "tipo__descricao": "Lei Ordin\u00e1ria", "texto_integral": "http://sapl.sarandi.pr.leg.br/media/sapl/public/normajuridica/2020/4790/lei_no_2639-2020__para_site.pdf", "ementa": "Disp\u00f5e sobre a altera\u00e7\u00e3o dos Anexos do PPA-Plano Plurianual do Munic\u00edpio de Sarandi do quadri\u00eanio 2018 a 2021, na forma que especifica."}, {"id": "4789", "ano": "2020", "numero": "2638", "tipo__sigla": "LEI", "tipo__descricao": "Lei Ordin\u00e1ria", "texto_integral": "http://sapl.sarandi.pr.leg.br/media/sapl/public/normajuridica/2020/4789/lei_no_2638-2020_para_site.pdf", "ementa": "Disp\u00f5e sobre a altera\u00e7\u00e3o do Anexo de Metas e Prioridades e Anexos de Metas Fiscais da Lei de Diretrizes Or\u00e7ament\u00e1rias \u2013 LDO, do exerc\u00edcio de 2021, na forma que especifica."}, {"id": "4788", "ano": "2020", "numero": "2637", "tipo__sigla": "LEI", "tipo__descricao": "Lei Ordin\u00e1ria", "texto_integral": "http://sapl.sarandi.pr.leg.br/media/sapl/public/normajuridica/2020/4788/lei_no_2637-2020__para_site.pdf", "ementa": "Estima a Receita e fixa a Despesa do Munic\u00edpio de Sarandi para o exerc\u00edcio de 2021, na forma que especifica"}, {"id": "4785", "ano": "2020", "numero": "66", "tipo__sigla": "POR", "tipo__descricao": "Portaria", "texto_integral": "http://sapl.sarandi.pr.leg.br/media/sapl/public/normajuridica/2020/4785/portaria_no_066-2020_para_site.pdf", "ementa": "DESIGNAR SERVIDORA D\u00c9BORA APARECIDA DE SOUZA, PARA FISCALIZA\u00c7\u00c3O DE CONTRATO, E D\u00c1 OUTRAS PROVID\u00caNCIAS."}, {"id": "4784", "ano": "2020", "numero": "7", "tipo__sigla": "DL", "tipo__descricao": "Decreto Legislativo", "texto_integral": "http://sapl.sarandi.pr.leg.br/media/sapl/public/normajuridica/2020/4784/decreto_legislativo_no_007-2020_para_o_site.pdf", "ementa": "Desaprova as Contas Relativas a Tomada de Contas Extraordin\u00e1ria do Munic\u00edpio de Sarandi do Exerc\u00edcio Financeiro de 2011. Manuten\u00e7\u00e3o da decis\u00e3o do Parecer do Tribunal de Contas do Estado."}, {"id": "4783", "ano": "2020", "numero": "65", "tipo__sigla": "POR", "tipo__descricao": "Portaria", "texto_integral": "http://sapl.sarandi.pr.leg.br/media/sapl/public/normajuridica/2020/4783/portaria_no_065-2020__para_site.pdf", "ementa": "NOMEIA O SENHOR DANIEL DUARTE GOES, PARA O CARGO DE ASSESSOR LEGISLATIVO, NO GABINETE DO VEREADOR CILAS SOUZA MORAIS."}, {"id": "4782", "ano": "2020", "numero": "64", "tipo__sigla": "POR", "tipo__descricao": "Portaria", "texto_integral": "http://sapl.sarandi.pr.leg.br/media/sapl/public/normajuridica/2020/4782/portaria_no_064-2020_para_site.pdf", "ementa": "NOMEIA ROBERTA DE MOURA LIMA PARA O CARGO DE ASSESSOR LEGISLATIVO E D\u00c1 OUTRAS PROVID\u00caNCIAS."}, {"id": "4781", "ano": "2020", "numero": "63", "tipo__sigla": "POR", "tipo__descricao": "Portaria", "texto_integral": "http://sapl.sarandi.pr.leg.br/media/sapl/public/normajuridica/2020/4781/portaria_no_063-2020_para_site.pdf", "ementa": "NOMEIA ANDERSON FERREIRA POMPEU PARA O CARGO DE CHEFE DE GABINETE E D\u00c1 OUTRAS PROVID\u00caNCIAS."}, {"id": "4780", "ano": "2020", "numero": "62", "tipo__sigla": "POR", "tipo__descricao": "Portaria", "texto_integral": "http://sapl.sarandi.pr.leg.br/media/sapl/public/normajuridica/2020/4780/portaria_no_062-2020__para_site.pdf", "ementa": "EXONERA A SERVIDORA ROBERTA DE MOURA LIMA E D\u00c1 OUTRAS PROVID\u00caNCIAS."}, {"id": "4779", "ano": "2020", "numero": "61", "tipo__sigla": "POR", "tipo__descricao": "Portaria", "texto_integral": "http://sapl.sarandi.pr.leg.br/media/sapl/public/normajuridica/2020/4779/portaria_no_061-2020__para_site.pdf", "ementa": "EXONERA O SERVIDOR ANDERSON FERREIRA POMPEU E D\u00c1 OUTRAS PROVID\u00caNCIAS."}, {"id": "4778", "ano": "2020", "numero": "60", "tipo__sigla": "POR", "tipo__descricao": "Portaria", "texto_integral": "http://sapl.sarandi.pr.leg.br/media/sapl/public/normajuridica/2020/4778/portaria_no_060-2020_para_site.pdf", "ementa": "EXONERA O SERVIDOR ROBERTO ARA\u00daJO DA OUTRAS PROVID\u00caNCIAS."}, {"id": "4777", "ano": "2020", "numero": "59", "tipo__sigla": "POR", "tipo__descricao": "Portaria", "texto_integral": "http://sapl.sarandi.pr.leg.br/media/sapl/public/normajuridica/2020/4777/portaria_no_059-2020__para_site.pdf", "ementa": "DESIGNAR SERVIDOR RENAN AUGUSTO DOS SANTOS VOLPATTO, PARA FISCALIZA\u00c7\u00c3O DE CONTRATO, E D\u00c1 OUTRAS PROVID\u00caNCIAS."}, {"id": "4776", "ano": "2020", "numero": "58", "tipo__sigla": "POR", "tipo__descricao": "Portaria", "texto_integral": "http://sapl.sarandi.pr.leg.br/media/sapl/public/normajuridica/2020/4776/portaria_no_058-2020__para_site.pdf", "ementa": "NOMEIA DALVECIR APARECIDO BONORA PARA FUN\u00c7\u00c3O DE DIRETOR LEGISLATIVO E D\u00c1 OUTRAS PROVID\u00caNCIAS."}, {"id": "4774", "ano": "2020", "numero": "2636", "tipo__sigla": "LEI", "tipo__descricao": "Lei Ordin\u00e1ria", "texto_integral": "http://sapl.sarandi.pr.leg.br/media/sapl/public/normajuridica/2020/4774/lei_no_2636-2020__para_site.pdf", "ementa": "Fixa os Subs\u00eddios do Prefeito, Vice-Prefeito e dos Secret\u00e1rios Municipais, MANTENDO o subs\u00eddio do m\u00eas de dezembro de 2020 para a Legislatura 2021 a 2024."}, {"id": "4773", "ano": "2020", "numero": "2635", "tipo__sigla": "LEI", "tipo__descricao": "Lei Ordin\u00e1ria", "texto_integral": "http://sapl.sarandi.pr.leg.br/media/sapl/public/normajuridica/2020/4773/lei_no_2635-2020__para_site.pdf", "ementa": "Fixa os Subs\u00eddios dos Vereadores para a 10\u00aa Legislatura, MANTENDO o subs\u00eddio do m\u00eas de dezembro de 2020 para a Legislatura 2021 a 2024."}, {"id": "4775", "ano": "2020", "numero": "57", "tipo__sigla": "POR", "tipo__descricao": "Portaria", "texto_integral": "http://sapl.sarandi.pr.leg.br/media/sapl/public/normajuridica/2020/4775/portaria_no_057-2020__para_site.pdf", "ementa": "DESIGNAR SERVIDOR DANIEL CHIARAMONTE FERREIRA, PARA FISCALIZA\u00c7\u00c3O DE CONTRATO, E D\u00c1 OUTRAS PROVID\u00caNCIAS."}, {"id": "4771", "ano": "2020", "numero": "56", "tipo__sigla": "POR", "tipo__descricao": "Portaria", "texto_integral": "http://sapl.sarandi.pr.leg.br/media/sapl/public/normajuridica/2020/4771/portaria_no_056-2020_para_site.pdf", "ementa": "CONCEDE PROGRESS\u00c3O FUNCIONAL POR DESEMPENHO A SERVIDORA CAMILA DE SOUZA BUENO E D\u00c1 OUTRAS PROVID\u00caNCIAS."}, {"id": "4772", "ano": "2020", "numero": "6", "tipo__sigla": "EDA", "tipo__descricao": "Edital - Audi\u00eancia", "texto_integral": "http://sapl.sarandi.pr.leg.br/media/sapl/public/normajuridica/2020/4772/edital_no_006-2020__para_site.pdf", "ementa": "AUDI\u00caNCIA PUBLICA PARA DISCUSS\u00c3O DOS PROJETOS DE LEIS OR\u00c7AMENT\u00c1RIOS PARA 2021."}, {"id": "4770", "ano": "2020", "numero": "55", "tipo__sigla": "POR", "tipo__descricao": "Portaria", "texto_integral": "http://sapl.sarandi.pr.leg.br/media/sapl/public/normajuridica/2020/4770/portaria_no_055-2020_para_site.pdf", "ementa": "DESIGNAR SERVIDOR JO\u00c3O ROBERTO DOS SANTOS LOPES, PARA FISCALIZA\u00c7\u00c3O DE CONTRATO, E D\u00c1 OUTRAS PROVID\u00caNCIAS."}, {"id": "4769", "ano": "2020", "numero": "54", "tipo__sigla": "POR", "tipo__descricao": "Portaria", "texto_integral": "http://sapl.sarandi.pr.leg.br/media/sapl/public/normajuridica/2020/4769/portaria_no_054-2020__para_site.pdf", "ementa": "DESIGNAR SERVIDORA D\u00c9BORA APARECIDA DE SOUZA, PARA FISCALIZA\u00c7\u00c3O DE CONTRATO, E D\u00c1 OUTRAS PROVID\u00caNCIAS."}, {"id": "4768", "ano": "2020", "numero": "2634", "tipo__sigla": "LEI", "tipo__descricao": "Lei Ordin\u00e1ria", "texto_integral": "http://sapl.sarandi.pr.leg.br/media/sapl/public/normajuridica/2020/4768/lei_no_2634-2020_para_site.pdf", "ementa": "Disp\u00f5e sobre a altera\u00e7\u00e3o do feriado de Anivers\u00e1rio do Munic\u00edpio, na forma que especifica."}, {"id": "4767", "ano": "2020", "numero": "2633", "tipo__sigla": "LEI", "tipo__descricao": "Lei Ordin\u00e1ria", "texto_integral": "http://sapl.sarandi.pr.leg.br/media/sapl/public/normajuridica/2020/4767/lei_no_2633-2020__para_site.pdf", "ementa": "Disp\u00f5e sobre a abertura de Cr\u00e9dito Adicional Especial e d\u00e1 outras provid\u00eancias."}, {"id": "4766", "ano": "2020", "numero": "2632", "tipo__sigla": "LEI", "tipo__descricao": "Lei Ordin\u00e1ria", "texto_integral": "http://sapl.sarandi.pr.leg.br/media/sapl/public/normajuridica/2020/4766/lei_no__2632-2020__para_site.pdf", "ementa": "Disp\u00f5e sobre a abertura de Cr\u00e9dito Adicional Especial e d\u00e1 outras provid\u00eancias."}, {"id": "4765", "ano": "2020", "numero": "2631", "tipo__sigla": "LEI", "tipo__descricao": "Lei Ordin\u00e1ria", "texto_integral": "http://sapl.sarandi.pr.leg.br/media/sapl/public/normajuridica/2020/4765/lei_no_2631-2020_para_site.pdf", "ementa": "Disp\u00f5e sobre a abertura de Cr\u00e9dito Adicional Especial e d\u00e1 outras provid\u00eancias."}, {"id": "4764", "ano": "2020", "numero": "2630", "tipo__sigla": "LEI", "tipo__descricao": "Lei Ordin\u00e1ria", "texto_integral": "http://sapl.sarandi.pr.leg.br/media/sapl/public/normajuridica/2020/4764/lei_no_2630-2020__para_site.pdf", "ementa": "Disp\u00f5e sobre a abertura de Cr\u00e9dito Adicional Especial e d\u00e1 outras provid\u00eancias."}, {"id": "4763", "ano": "2020", "numero": "53", "tipo__sigla": "POR", "tipo__descricao": "Portaria", "texto_integral": "http://sapl.sarandi.pr.leg.br/media/sapl/public/normajuridica/2020/4763/portaria_no_053-2020_para_site.pdf", "ementa": "DESIGNAR SERVIDOR JO\u00c3O ROBERTO DOS SANTOS LOPES, PARA FISCALIZA\u00c7\u00c3O DE CONTRATO, E D\u00c1 OUTRAS PROVID\u00caNCIAS."}, {"id": "4761", "ano": "2020", "numero": "5", "tipo__sigla": "EDA", "tipo__descricao": "Edital - Audi\u00eancia", "texto_integral": "http://sapl.sarandi.pr.leg.br/media/sapl/public/normajuridica/2020/4761/edital_no_005-2020__para_site.pdf", "ementa": "AUDI\u00caNCIA P\u00daBLICA DE DEMONSTRATIVO DE METAS FISCAIS DO 2\u00ba QUADRIMESTRE DE 2020, OU SEJA DOS MESES DE MAIO \u00c0 AGOSTO DE 2020."}, {"id": "4762", "ano": "2020", "numero": "52", "tipo__sigla": "POR", "tipo__descricao": "Portaria", "texto_integral": "http://sapl.sarandi.pr.leg.br/media/sapl/public/normajuridica/2020/4762/portaria_no_052-2020__para_site.pdf", "ementa": "NOMEIA JO\u00c3O ROBERTO DOS SANTOS LOPES PARA A FUN\u00c7\u00c3O DE CONTROLADOR INTERNO E DA OUTRAS PROVID\u00caNCIAS."}, {"id": "4756", "ano": "2020", "numero": "15", "tipo__sigla": "ATP", "tipo__descricao": "Ato da Presid\u00eancia", "texto_integral": "http://sapl.sarandi.pr.leg.br/media/sapl/public/normajuridica/2020/4756/ato_da_presidencia_no_015-2020_para_site.pdf", "ementa": "Disp\u00f5e sobre medidas internas a serem observadas por todos, em virtude do COVID-19 \"Coronav\u00edrus\", e d\u00e1 outras provid\u00eancias."}, {"id": "4755", "ano": "2020", "numero": "51", "tipo__sigla": "POR", "tipo__descricao": "Portaria", "texto_integral": "http://sapl.sarandi.pr.leg.br/media/sapl/public/normajuridica/2020/4755/portaria_no_051-2020__para_site.pdf", "ementa": "CONCEDE PROGRESS\u00c3O FUNCIONAL POR DESEMPENHO A SERVIDORA ANGELA ALVES DE ALMEIDA E D\u00c1 OUTRAS PROVID\u00caNCIAS."}, {"id": "4754", "ano": "2020", "numero": "50", "tipo__sigla": "POR", "tipo__descricao": "Portaria", "texto_integral": "http://sapl.sarandi.pr.leg.br/media/sapl/public/normajuridica/2020/4754/portaria_no_050-2020__para_site.pdf", "ementa": "CONCEDE LICEN\u00c7A ESPECIAL AO SERVIDOR DHYMISON DA SILVA RAMOS E D\u00c1 OUTRAS PROVID\u00caNCIAS."}, {"id": "4740", "ano": "2020", "numero": "49", "tipo__sigla": "POR", "tipo__descricao": "Portaria", "texto_integral": "http://sapl.sarandi.pr.leg.br/media/sapl/public/normajuridica/2020/4740/portaria_no_049-2020__para_site.pdf", "ementa": "CONCEDE LICEN\u00c7A ESPECIAL A SERVIDORA ANGELA ALVES DE ALMEIDA E D\u00c1 OUTRAS PROVID\u00caNCIAS."}, {"id": "4710", "ano": "2020", "numero": "48", "tipo__sigla": "POR", "tipo__descricao": "Portaria", "texto_integral": "http://sapl.sarandi.pr.leg.br/media/sapl/public/normajuridica/2020/4710/portaria_no_048-2020__para_site.pdf", "ementa": "NOMEIA A SENHORITA ROBRTA DE MOURA LIMA, PARA O CARGO DE ASSESSOR LEGISLATIVO - CC-3, NO GABINETE DO VEREADOR CILAS SOUZA MORAIS."}, {"id": "4709", "ano": "2020", "numero": "47", "tipo__sigla": "POR", "tipo__descricao": "Portaria", "texto_integral": "http://sapl.sarandi.pr.leg.br/media/sapl/public/normajuridica/2020/4709/portaria_no_047-2020__para_site.pdf", "ementa": "EXONERA O SERVIDOR MARCOS JOAQUIM DA SILVA E D\u00c1 OUTRAS PROVID\u00caNCIAS."}, {"id": "4739", "ano": "2020", "numero": "2629", "tipo__sigla": "LEI", "tipo__descricao": "Lei Ordin\u00e1ria", "texto_integral": "http://sapl.sarandi.pr.leg.br/media/sapl/public/normajuridica/2020/4739/lei_no_2629-2020_para_site.pdf", "ementa": "D\u00e1 denomina\u00e7\u00e3o a Rua 9318, situada no Loteamento Ecovalley, na forma que especifica."}, {"id": "4738", "ano": "2020", "numero": "2628", "tipo__sigla": "LEI", "tipo__descricao": "Lei Ordin\u00e1ria", "texto_integral": "http://sapl.sarandi.pr.leg.br/media/sapl/public/normajuridica/2020/4738/lei_no_2628-2020_para_site.pdf", "ementa": "Disp\u00f5e sobre a denomina\u00e7\u00e3o da UBS do Jardim Rio de Janeiro, neste Munic\u00edpio."}, {"id": "4737", "ano": "2020", "numero": "2627", "tipo__sigla": "LEI", "tipo__descricao": "Lei Ordin\u00e1ria", "texto_integral": "http://sapl.sarandi.pr.leg.br/media/sapl/public/normajuridica/2020/4737/lei_no_2627-2020_para_site.pdf", "ementa": "D\u00e1 denomina\u00e7\u00e3o a Rua 11 situada no Jardim Novo Bertioga, na forma que especifica."}, {"id": "4736", "ano": "2020", "numero": "2626", "tipo__sigla": "LEI", "tipo__descricao": "Lei Ordin\u00e1ria", "texto_integral": "http://sapl.sarandi.pr.leg.br/media/sapl/public/normajuridica/2020/4736/lei_no_2626-2020_para_site.pdf", "ementa": "D\u00e1 denomina\u00e7\u00e3o a Rua 9353 e Projetada D, situadas no Loteamento Ecovalley e Gavea, respectivamente, na forma que especifica."}, {"id": "4735", "ano": "2020", "numero": "2625", "tipo__sigla": "LEI", "tipo__descricao": "Lei Ordin\u00e1ria", "texto_integral": "http://sapl.sarandi.pr.leg.br/media/sapl/public/normajuridica/2020/4735/lei_no_2625-2020_para_site.pdf", "ementa": "D\u00e1 denomina\u00e7\u00e3o na Rua 9352, situada no Loteamento Ecovalley, na forma que especifica."}, {"id": "4734", "ano": "2020", "numero": "2624", "tipo__sigla": "LEI", "tipo__descricao": "Lei Ordin\u00e1ria", "texto_integral": "http://sapl.sarandi.pr.leg.br/media/sapl/public/normajuridica/2020/4734/lei_no_2624-2020_para_site.pdf", "ementa": "D\u00e1 denomina\u00e7\u00e3o na Rua 9350, situada no Loteamento Ecovalley, na forma que especifica."}, {"id": "4733", "ano": "2020", "numero": "2623", "tipo__sigla": "LEI", "tipo__descricao": "Lei Ordin\u00e1ria", "texto_integral": "http://sapl.sarandi.pr.leg.br/media/sapl/public/normajuridica/2020/4733/lei_no_2623-2020__para_site.pdf", "ementa": "D\u00e1 denomina\u00e7\u00e3o na Rua 9326, situada no Loteamento Ecovalley, na forma que especifica."}, {"id": "4732", "ano": "2020", "numero": "2622", "tipo__sigla": "LEI", "tipo__descricao": "Lei Ordin\u00e1ria", "texto_integral": "http://sapl.sarandi.pr.leg.br/media/sapl/public/normajuridica/2020/4732/lei_no_2622-2020__para_site.pdf", "ementa": "D\u00e1 denomina\u00e7\u00e3o na Rua 9323, situada no Loteamento Ecovalley, na forma que especifica."}, {"id": "4731", "ano": "2020", "numero": "2621", "tipo__sigla": "LEI", "tipo__descricao": "Lei Ordin\u00e1ria", "texto_integral": "http://sapl.sarandi.pr.leg.br/media/sapl/public/normajuridica/2020/4731/lei_no_2621-2020__para_site.pdf", "ementa": "D\u00e1 denomina\u00e7\u00e3o a Rua Projetada I situada no Jardim dos Ip\u00eas, na forma que especifica."}, {"id": "4730", "ano": "2020", "numero": "2620", "tipo__sigla": "LEI", "tipo__descricao": "Lei Ordin\u00e1ria", "texto_integral": "http://sapl.sarandi.pr.leg.br/media/sapl/public/normajuridica/2020/4730/lei_no_2620-2020_para_site.pdf", "ementa": "D\u00e1 denomina\u00e7\u00e3o a Rua 12 situada no Jardim Novo Bertioga, na forma que especifica."}, {"id": "4729", "ano": "2020", "numero": "2619", "tipo__sigla": "LEI", "tipo__descricao": "Lei Ordin\u00e1ria", "texto_integral": "http://sapl.sarandi.pr.leg.br/media/sapl/public/normajuridica/2020/4729/lei_no_2619-2020_para_site.pdf", "ementa": "D\u00e1 denomina\u00e7\u00e3o a Rua 08 situada no Jardim Novo Bertioga, na forma que especifica."}, {"id": "4728", "ano": "2020", "numero": "2618", "tipo__sigla": "LEI", "tipo__descricao": "Lei Ordin\u00e1ria", "texto_integral": "http://sapl.sarandi.pr.leg.br/media/sapl/public/normajuridica/2020/4728/lei_no_2618-2020__para_site.pdf", "ementa": "D\u00e1 denomina\u00e7\u00e3o a Rua Projetada V, situada no Jardim dos Ip\u00eas, na forma que especifica."}, {"id": "4727", "ano": "2020", "numero": "2617", "tipo__sigla": "LEI", "tipo__descricao": "Lei Ordin\u00e1ria", "texto_integral": "http://sapl.sarandi.pr.leg.br/media/sapl/public/normajuridica/2020/4727/lei_no_2617-2020_para_site.pdf", "ementa": "D\u00e1 denomina\u00e7\u00e3o a Rua Projetada O, situada no Jardim dos Ip\u00eas, na forma que especifica."}, {"id": "4726", "ano": "2020", "numero": "2616", "tipo__sigla": "LEI", "tipo__descricao": "Lei Ordin\u00e1ria", "texto_integral": "http://sapl.sarandi.pr.leg.br/media/sapl/public/normajuridica/2020/4726/lei_no_2616-2020_para_site.pdf", "ementa": "D\u00e1 denomina\u00e7\u00e3o a Rua Projetada D, situada no Jardim dos Ip\u00eas, na forma que especifica."}, {"id": "4725", "ano": "2020", "numero": "2615", "tipo__sigla": "LEI", "tipo__descricao": "Lei Ordin\u00e1ria", "texto_integral": "http://sapl.sarandi.pr.leg.br/media/sapl/public/normajuridica/2020/4725/lei_no_2615-2020__para_site.pdf", "ementa": "Reconhece em Sarandi, a vis\u00e3o monocular como defici\u00eancia visual."}, {"id": "4724", "ano": "2020", "numero": "2614", "tipo__sigla": "LEI", "tipo__descricao": "Lei Ordin\u00e1ria", "texto_integral": "http://sapl.sarandi.pr.leg.br/media/sapl/public/normajuridica/2020/4724/lei_no_2614-2020_para_site.pdf", "ementa": "D\u00e1 denomina\u00e7\u00e3o na Rua 9358, situada no Loteamento Ecovalley, na forma que especifica."}, {"id": "4723", "ano": "2020", "numero": "2613", "tipo__sigla": "LEI", "tipo__descricao": "Lei Ordin\u00e1ria", "texto_integral": "http://sapl.sarandi.pr.leg.br/media/sapl/public/normajuridica/2020/4723/lei_no_2613-2020_para_site.pdf", "ementa": "D\u00e1 denomina\u00e7\u00e3o na Rua 9357, situada no Loteamento Ecovalley, na forma que especifica."}, {"id": "4722", "ano": "2020", "numero": "2612", "tipo__sigla": "LEI", "tipo__descricao": "Lei Ordin\u00e1ria", "texto_integral": "http://sapl.sarandi.pr.leg.br/media/sapl/public/normajuridica/2020/4722/lei_no_2612-2020__para_site.pdf", "ementa": "D\u00e1 denomina\u00e7\u00e3o a Rua 9356 e Projetada F, situadas no Loteamento Ecovalley e Gavea, respectivamente, na forma que especifica."}, {"id": "4721", "ano": "2020", "numero": "2611", "tipo__sigla": "LEI", "tipo__descricao": "Lei Ordin\u00e1ria", "texto_integral": "http://sapl.sarandi.pr.leg.br/media/sapl/public/normajuridica/2020/4721/lei_no_2611-2020_para_site.pdf", "ementa": "D\u00e1 denomina\u00e7\u00e3o a Rua 9355 e Projetada E, situadas no Loteamento Ecovalley e Gavea, respectivamente, na forma que especifica."}, {"id": "4720", "ano": "2020", "numero": "2610", "tipo__sigla": "LEI", "tipo__descricao": "Lei Ordin\u00e1ria", "texto_integral": "http://sapl.sarandi.pr.leg.br/media/sapl/public/normajuridica/2020/4720/lei_no_2610-2020_para_site.pdf", "ementa": "D\u00e1 denomina\u00e7\u00e3o a Rua Projetada 1007, situada no Jardim Leblon, na forma que especifica."}, {"id": "4719", "ano": "2020", "numero": "2609", "tipo__sigla": "LEI", "tipo__descricao": "Lei Ordin\u00e1ria", "texto_integral": "http://sapl.sarandi.pr.leg.br/media/sapl/public/normajuridica/2020/4719/lei_no_2609-2020_para_site.pdf", "ementa": "D\u00e1 denomina\u00e7\u00e3o a Rua 07 situada no Jardim Novo Bertioga, na forma que especifica."}, {"id": "4718", "ano": "2020", "numero": "2608", "tipo__sigla": "LEI", "tipo__descricao": "Lei Ordin\u00e1ria", "texto_integral": "http://sapl.sarandi.pr.leg.br/media/sapl/public/normajuridica/2020/4718/lei_no_2608-2020__para_site.pdf", "ementa": "Disp\u00f5e sobre o servi\u00e7o de transporte escolar p\u00fablico do munic\u00edpio de Sarandi \u2013 PR e d\u00e1 outras provid\u00eancias."}, {"id": "4717", "ano": "2020", "numero": "2607", "tipo__sigla": "LEI", "tipo__descricao": "Lei Ordin\u00e1ria", "texto_integral": "http://sapl.sarandi.pr.leg.br/media/sapl/public/normajuridica/2020/4717/lei_no_2607-2020__para_site.pdf", "ementa": "Institui a \"Semana da Enfermagem\", em Sarandi-Paran\u00e1, e d\u00e1 outras provid\u00eancias."}, {"id": "4716", "ano": "2020", "numero": "2606", "tipo__sigla": "LEI", "tipo__descricao": "Lei Ordin\u00e1ria", "texto_integral": "http://sapl.sarandi.pr.leg.br/media/sapl/public/normajuridica/2020/4716/lei_no_2606-2020__para_site.pdf", "ementa": "D\u00e1 denomina\u00e7\u00e3o a Rua Projetada 06, situada no Conjunto Residencial Tri\u00e2ngulo, na forma que especifica."}, {"id": "4715", "ano": "2020", "numero": "2605", "tipo__sigla": "LEI", "tipo__descricao": "Lei Ordin\u00e1ria", "texto_integral": "http://sapl.sarandi.pr.leg.br/media/sapl/public/normajuridica/2020/4715/lei_no_2605-2020_para_site.pdf", "ementa": "D\u00e1 denomina\u00e7\u00e3o a Rua Projetada 1008, situada no Jardim Leblon, na forma que especifica."}, {"id": "4714", "ano": "2020", "numero": "2604", "tipo__sigla": "LEI", "tipo__descricao": "Lei Ordin\u00e1ria", "texto_integral": "http://sapl.sarandi.pr.leg.br/media/sapl/public/normajuridica/2020/4714/lei_no_2604-2020__para_site.pdf", "ementa": "D\u00e1 denomina\u00e7\u00e3o a Rua Projetada U situada no Jardim dos Ip\u00eas, na forma que especifica."}, {"id": "4713", "ano": "2020", "numero": "2603", "tipo__sigla": "LEI", "tipo__descricao": "Lei Ordin\u00e1ria", "texto_integral": "http://sapl.sarandi.pr.leg.br/media/sapl/public/normajuridica/2020/4713/lei_no_2603-2020_para_site.pdf", "ementa": "D\u00e1 denomina\u00e7\u00e3o a Rua Projetada T situada no Jardim dos Ip\u00eas, na forma que especifica."}, {"id": "4712", "ano": "2020", "numero": "2602", "tipo__sigla": "LEI", "tipo__descricao": "Lei Ordin\u00e1ria", "texto_integral": "http://sapl.sarandi.pr.leg.br/media/sapl/public/normajuridica/2020/4712/lei_no_2602-2020_para_site.pdf", "ementa": "D\u00e1 denomina\u00e7\u00e3o a Rua Projetada B, situada no Jardim dos Ip\u00eas, na forma que especifica."}, {"id": "4711", "ano": "2020", "numero": "2601", "tipo__sigla": "LEI", "tipo__descricao": "Lei Ordin\u00e1ria", "texto_integral": "http://sapl.sarandi.pr.leg.br/media/sapl/public/normajuridica/2020/4711/lei_no_2601-2020_para_site.pdf", "ementa": "D\u00e1 denomina\u00e7\u00e3o a Rua Projetada S, situada no Jardim dos Ip\u00eas, na forma que especifica."}, {"id": "4702", "ano": "2020", "numero": "46", "tipo__sigla": "POR", "tipo__descricao": "Portaria", "texto_integral": "http://sapl.sarandi.pr.leg.br/media/sapl/public/normajuridica/2020/4702/portaria_no_046-2020_para_site.pdf", "ementa": "CONCEDE LICEN\u00c7A ESPECIAL DE 30 DIAS, A SERVIDORA HELONISE GRABRIELLA GON\u00c7ALVES PASSOS, MATRICULA 125, OCUPANTE DO CARGO DE /OFICIAL DE SERVI\u00c7OS GERAIS, COM GOZO DE 05/08/2020 \u00c0 03/09/2020, DO PER\u00cdODO AQUISITIVO DE 02/03/2015 \u00c0 01/03/2020."}, {"id": "4708", "ano": "2020", "numero": "2600", "tipo__sigla": "LEI", "tipo__descricao": "Lei Ordin\u00e1ria", "texto_integral": "http://sapl.sarandi.pr.leg.br/media/sapl/public/normajuridica/2020/4708/lei_no_2600-2020__para_site.pdf", "ementa": "Disp\u00f5e sobre as Diretrizes para a elabora\u00e7\u00e3o e execu\u00e7\u00e3o da Lei Or\u00e7ament\u00e1ria para o exerc\u00edcio de 2021 e d\u00e1 outras provid\u00eancias."}, {"id": "4707", "ano": "2020", "numero": "2599", "tipo__sigla": "LEI", "tipo__descricao": "Lei Ordin\u00e1ria", "texto_integral": "http://sapl.sarandi.pr.leg.br/media/sapl/public/normajuridica/2020/4707/lei_no_2599-2020_para_site.pdf", "ementa": "Disp\u00f5e sobre a altera\u00e7\u00e3o dos Anexos do PPA \u2013 Plano Plurianual do Munic\u00edpio de Sarandi do quadri\u00eanio 2018 a 2021, na forma que especifica."}, {"id": "4704", "ano": "2020", "numero": "6", "tipo__sigla": "DL", "tipo__descricao": "Decreto Legislativo", "texto_integral": "http://sapl.sarandi.pr.leg.br/media/sapl/public/normajuridica/2020/4704/decreto_legislativo_no_006-2020_para_site.pdf", "ementa": "Concede T\u00edtulo de Cidad\u00e3o Honor\u00e1rio ao Excelent\u00edssimo Senhor Adriano Garcia Evangelista dos Santos e d\u00e1 outras provid\u00eancias."}, {"id": "4703", "ano": "2020", "numero": "5", "tipo__sigla": "DL", "tipo__descricao": "Decreto Legislativo", "texto_integral": "http://sapl.sarandi.pr.leg.br/media/sapl/public/normajuridica/2020/4703/decreto_legislativo_no_005-2020_para_site.pdf", "ementa": "Concede T\u00edtulo de Cidad\u00e3o Honor\u00e1rio ao Senhor Manoel Birtche \"NECO\", e d\u00e1 outras provid\u00eancias."}, {"id": "4701", "ano": "2020", "numero": "14", "tipo__sigla": "ATP", "tipo__descricao": "Ato da Presid\u00eancia", "texto_integral": "http://sapl.sarandi.pr.leg.br/media/sapl/public/normajuridica/2020/4701/ato_da_presidencia_no_014-2020_para_site.pdf", "ementa": "Disp\u00f5e sobre medidas internas a serem observadas por todos, em virtude do COVID-19 \"Coronav\u00edrus\", e d\u00e1 outras provid\u00eancias."}, {"id": "4700", "ano": "2020", "numero": "13", "tipo__sigla": "ATP", "tipo__descricao": "Ato da Presid\u00eancia", "texto_integral": "http://sapl.sarandi.pr.leg.br/media/sapl/public/normajuridica/2020/4700/ato_da_presidencia_no_013-2020_para_site.pdf", "ementa": "Disp\u00f5e sobre o protocolo a ser adotado na C\u00e2mara Municipal de Sarandi para o enfrentamento da COVID-19,  e d\u00e1 outras provid\u00eancias."}, {"id": "4699", "ano": "2020", "numero": "12", "tipo__sigla": "ATP", "tipo__descricao": "Ato da Presid\u00eancia", "texto_integral": "http://sapl.sarandi.pr.leg.br/media/sapl/public/normajuridica/2020/4699/ato_da_presidencia_no_012-2020__para_site.pdf", "ementa": "Disp\u00f5e sobre o aferimento de temperatura, em virtude do COVID-19 \"Coronav\u00edrus\"."}, {"id": "4698", "ano": "2020", "numero": "11", "tipo__sigla": "ATP", "tipo__descricao": "Ato da Presid\u00eancia", "texto_integral": "http://sapl.sarandi.pr.leg.br/media/sapl/public/normajuridica/2020/4698/ato_da_presidencia_no_011-2020_para_site.pdf", "ementa": "Disp\u00f5e sobre protocolo a ser adotado na C\u00e2mara Municipal de Sarandi para enfrentamento da COVID-19, e d\u00e1 outras provid\u00eancias."}, {"id": "4697", "ano": "2020", "numero": "10", "tipo__sigla": "ATP", "tipo__descricao": "Ato da Presid\u00eancia", "texto_integral": "http://sapl.sarandi.pr.leg.br/media/sapl/public/normajuridica/2020/4697/ato_da_presidencia_no_010-2020_para_site.pdf", "ementa": "Suspender os trabalhos da C\u00e2mara, e d\u00e1 outras provid\u00eancias."}, {"id": "4696", "ano": "2020", "numero": "4", "tipo__sigla": "EDA", "tipo__descricao": "Edital - Audi\u00eancia", "texto_integral": "http://sapl.sarandi.pr.leg.br/media/sapl/public/normajuridica/2020/4696/edital_no_004-2020_para_site.pdf", "ementa": "AUDI\u00caNCIA P\u00daBLICA DE DISCUSS\u00c3O DA LDO PARA 2021, DIA 17 DE JULHO DE 2020 \u00c0S 13:30 HORAS NO PLEN\u00c1RIO AD\u00c9RCIO MARQUES DA SILVA."}, {"id": "4694", "ano": "2020", "numero": "45", "tipo__sigla": "POR", "tipo__descricao": "Portaria", "texto_integral": "http://sapl.sarandi.pr.leg.br/media/sapl/public/normajuridica/2020/4694/portaria_no_045-2020_para_site_com_publicacao_portaria_prefeito.pdf", "ementa": "DEMITIR A SERVIDORA MUNICIPAL GRACIELLE SILVA LIMA, DO CARGO P\u00daBLICO DE OFICIAL LEGISLATIVO."}, {"id": "4695", "ano": "2020", "numero": "3", "tipo__sigla": "EDA", "tipo__descricao": "Edital - Audi\u00eancia", "texto_integral": "http://sapl.sarandi.pr.leg.br/media/sapl/public/normajuridica/2020/4695/edital_no_003-2020__para_site.pdf", "ementa": "AUDI\u00caNCIA P\u00daBLICA DE DISCUSS\u00c3O DA LDO PARA 2021, DIA 10 DE JULHO DE 2020 \u00c0S 13:30 HORAS NO PLEN\u00c1RIO AD\u00c9RCIO MARQUES DA SILVA."}, {"id": "4693", "ano": "2020", "numero": "9", "tipo__sigla": "ATP", "tipo__descricao": "Ato da Presid\u00eancia", "texto_integral": "http://sapl.sarandi.pr.leg.br/media/sapl/public/normajuridica/2020/4693/ato_da_presidencia_no_009-2020_para_site.pdf", "ementa": "Disp\u00f5e sobre medidas internas a serem observadas por todos, em virtude do COVID-19 \"Coronav\u00edrus\", e d\u00e1 outras provid\u00eancias."}, {"id": "4687", "ano": "2020", "numero": "44", "tipo__sigla": "POR", "tipo__descricao": "Portaria", "texto_integral": "http://sapl.sarandi.pr.leg.br/media/sapl/public/normajuridica/2020/4687/portaria_no_044-2020_para_site.pdf", "ementa": "CONCEDE LICEN\u00c7A ESPECIAL DE 30  DIAS, A SERVIDORA HELONISE GRABRIELLA GON\u00c7ALVES PASSOS, MATRICULA 125, OCUPANTE DO CARGO DE /OFICIAL DE SERVI\u00c7OS GERAIS, COM GOZO DE 06/07/2020 \u00c0 04/08/2020, DO PER\u00cdODO AQUISITIVO DE 02/03/2015 \u00c0 01/03/2020."}, {"id": "4686", "ano": "2020", "numero": "43", "tipo__sigla": "POR", "tipo__descricao": "Portaria", "texto_integral": "http://sapl.sarandi.pr.leg.br/media/sapl/public/normajuridica/2020/4686/portaria_no_043-2020_para_site.pdf", "ementa": "NOMEIA BRUNO HENRIQUE DAVI BARBOZA MARTINI, PARA O CARGO DE ASSESSOR LEGISLATIVO, NO GABINETE DO VEREADOR ERASMO CARDOSO PEREIRA."}, {"id": "4685", "ano": "2020", "numero": "42", "tipo__sigla": "POR", "tipo__descricao": "Portaria", "texto_integral": "http://sapl.sarandi.pr.leg.br/media/sapl/public/normajuridica/2020/4685/portaria_no_042-2020_para_site.pdf", "ementa": "EXONERA \u00c1 PEDIDO O ASSESSOR LEGISLATIVO LUIZ SIDNEI DE MORAIS, DO GABINETE DO VEREADOR ERASMO CARDOSO PEREIRA, EM DATA DE 02.07.2020."}, {"id": "4692", "ano": "2020", "numero": "2598", "tipo__sigla": "LEI", "tipo__descricao": "Lei Ordin\u00e1ria", "texto_integral": "http://sapl.sarandi.pr.leg.br/media/sapl/public/normajuridica/2020/4692/lei_no_2598-2020_para_site.pdf", "ementa": "Da denomina\u00e7\u00e3o a Rua projetada 1006, situada no Jardim Leblon, na forma que especifica."}, {"id": "4691", "ano": "2020", "numero": "2597", "tipo__sigla": "LEI", "tipo__descricao": "Lei Ordin\u00e1ria", "texto_integral": "http://sapl.sarandi.pr.leg.br/media/sapl/public/normajuridica/2020/4691/lei_no_2597-2020__para_site.pdf", "ementa": "Da denomina\u00e7\u00e3o a Rua projetada 1005, situada no Jardim Leblon, na forma que especifica."}, {"id": "4690", "ano": "2020", "numero": "2596", "tipo__sigla": "LEI", "tipo__descricao": "Lei Ordin\u00e1ria", "texto_integral": "http://sapl.sarandi.pr.leg.br/media/sapl/public/normajuridica/2020/4690/lei_no_2596-2020_para_site.pdf", "ementa": "Da denomina\u00e7\u00e3o a Rua projetada 1004, situada no Jardim Leblon, na forma que especifica."}, {"id": "4689", "ano": "2020", "numero": "2595", "tipo__sigla": "LEI", "tipo__descricao": "Lei Ordin\u00e1ria", "texto_integral": "http://sapl.sarandi.pr.leg.br/media/sapl/public/normajuridica/2020/4689/lei_no_2595-2020_para_site.pdf", "ementa": "Da denomina\u00e7\u00e3o a Rua Projetada Q, situada no Jardim Ouro Verde III, na forma que especifica."}, {"id": "4688", "ano": "2020", "numero": "2594", "tipo__sigla": "LEI", "tipo__descricao": "Lei Ordin\u00e1ria", "texto_integral": "http://sapl.sarandi.pr.leg.br/media/sapl/public/normajuridica/2020/4688/lei_no_2594-2020_para_site.pdf", "ementa": "D\u00e1 denomina\u00e7\u00e3o a pr\u00f3prio p\u00fablico municipal, situado na bifurca\u00e7\u00e3o em \u201cY\u201d com a Rua Em\u00edlio \u00c2ngelo Panasol no final da Avenida Londrina, Sarandi Centro, na forma que especifica."}, {"id": "4684", "ano": "2020", "numero": "41", "tipo__sigla": "POR", "tipo__descricao": "Portaria", "texto_integral": "http://sapl.sarandi.pr.leg.br/media/sapl/public/normajuridica/2020/4684/portaria_no041-2020_para_site.pdf", "ementa": "REVOGA INTEGRALMENTE A PORTARIA 012/2018, FINDANDO A LICEN\u00c7A A PEDIDO DA SERVIDORA M\u00d4NICA CRISTINA GONZALVES, MATRICULA 109, DEVENDO RETORNAR AOS TRABALHOS EM 01/07/2020."}, {"id": "4683", "ano": "2020", "numero": "4", "tipo__sigla": "DL", "tipo__descricao": "Decreto Legislativo", "texto_integral": "http://sapl.sarandi.pr.leg.br/media/sapl/public/normajuridica/2020/4683/decreto_legislativo_no_004-2020__para_site.pdf", "ementa": "Concede T\u00edtulo de Cidad\u00e3o Benem\u00e9rito a Excelent\u00edssimo Senhor Jos\u00e9 Vit\u00f3rio Vignoto, e d\u00e1 outras provid\u00eancias."}, {"id": "4682", "ano": "2020", "numero": "8", "tipo__sigla": "ATP", "tipo__descricao": "Ato da Presid\u00eancia", "texto_integral": "http://sapl.sarandi.pr.leg.br/media/sapl/public/normajuridica/2020/4682/ato_da_presidencia_no_008-2020_para_site.pdf", "ementa": "Disp\u00f5e sobre procedimentos na apresenta\u00e7\u00e3o de atestado m\u00e9dico e declara\u00e7\u00f5es de comparecimento na C\u00e2mara Municipal de Sarandi."}, {"id": "6112", "ano": "2020", "numero": "1460", "tipo__sigla": "DE", "tipo__descricao": "Decreto Executivo", "texto_integral": "http://sapl.sarandi.pr.leg.br/media/sapl/public/normajuridica/2020/6112/decreto_executivo_no_1460-2020.pdf", "ementa": "NOMEIA MEMBROS DO COMIT\u00ca MUNICIPAL DO TRANSPORTE ESCOLAR, NA FORMA QUE ESPECIFICA."}, {"id": "4663", "ano": "2020", "numero": "7", "tipo__sigla": "ATP", "tipo__descricao": "Ato da Presid\u00eancia", "texto_integral": "http://sapl.sarandi.pr.leg.br/media/sapl/public/normajuridica/2020/4663/ato_da_presidencia_no_007-2020_para_site.pdf", "ementa": "Disp\u00f5e sobre medidas internas a serem observadas por todos, em virtude do COVID-19 \"Coronav\u00edrus\", e d\u00e1 outras provid\u00eancias."}, {"id": "4665", "ano": "2020", "numero": "2", "tipo__sigla": "EDA", "tipo__descricao": "Edital - Audi\u00eancia", "texto_integral": "http://sapl.sarandi.pr.leg.br/media/sapl/public/normajuridica/2020/4665/edital_no_002-2020_para_site.pdf", "ementa": "AUDI\u00caNCIA P\u00daBLICA DE DEMONSTRA\u00c7\u00c3O E AVALIA\u00c7\u00c3O E CUMPRIMENTO DAS METAS FISCAIS DO 1\u00ba QUADRIMESTRE DE 2020."}, {"id": "4681", "ano": "2020", "numero": "40", "tipo__sigla": "POR", "tipo__descricao": "Portaria", "texto_integral": "http://sapl.sarandi.pr.leg.br/media/sapl/public/normajuridica/2020/4681/portaria_no_040-2020_-_para_site.pdf", "ementa": "CONCEDE PROGRESS\u00c3O FUNCIONAL POR DESEMPENHO AO SERVIDOR DANIEL CHIARAMONTE FERREIRA E D\u00c1 OUTRAS PROVID\u00caNCIAS."}, {"id": "4662", "ano": "2020", "numero": "6", "tipo__sigla": "ATP", "tipo__descricao": "Ato da Presid\u00eancia", "texto_integral": "http://sapl.sarandi.pr.leg.br/media/sapl/public/normajuridica/2020/4662/ato_da_presidencia_no_006-2020__para_site.pdf", "ementa": "Disp\u00f5e sobre medidas internas a serem observadas por todos, em virtude do COVID-19 \"Coronav\u00edrus\", e d\u00e1 outras provid\u00eancias."}, {"id": "4680", "ano": "2020", "numero": "39", "tipo__sigla": "POR", "tipo__descricao": "Portaria", "texto_integral": "http://sapl.sarandi.pr.leg.br/media/sapl/public/normajuridica/2020/4680/portaria_no_039-2020_para_site.pdf", "ementa": "DESIGNAR SERVIDOR DALVECIR APARECIDO BONORA, RESPONS\u00c1VEL PELA ORIENTA\u00c7\u00c3O FISCALIZA\u00c7\u00c3O DE CONTRATO, E D\u00c1 OUTRAS PROVID\u00caNCIAS."}, {"id": "4679", "ano": "2020", "numero": "38", "tipo__sigla": "POR", "tipo__descricao": "Portaria", "texto_integral": "http://sapl.sarandi.pr.leg.br/media/sapl/public/normajuridica/2020/4679/portaria_no_038-2020__para_site.pdf", "ementa": "DESIGNAR SERVIDOR AN\u00c9SIO JOS\u00c9 DA SILVA, PARA FISCALIZA\u00c7\u00c3O DE CONTRATO, E D\u00c1 OUTRAS PROVID\u00caNCIAS."}, {"id": "4678", "ano": "2020", "numero": "37", "tipo__sigla": "POR", "tipo__descricao": "Portaria", "texto_integral": "http://sapl.sarandi.pr.leg.br/media/sapl/public/normajuridica/2020/4678/portaria_no_037-2020_para_site.pdf", "ementa": "DESIGNAR SERVIDOR JO\u00c3O ROBERTO DOS SANTOS LOPES, PARA FISCALIZA\u00c7\u00c3O DE CONTRATO, E D\u00c1 OUTRAS PROVID\u00caNCIAS."}, {"id": "4677", "ano": "2020", "numero": "36", "tipo__sigla": "POR", "tipo__descricao": "Portaria", "texto_integral": "http://sapl.sarandi.pr.leg.br/media/sapl/public/normajuridica/2020/4677/portaria_no_036-2020_para_site.pdf", "ementa": "DESIGNAR SERVIDOR RENAN AUGUSTO DOS SANTOS VOLPATTO, PARA FISCALIZA\u00c7\u00c3O DE CONTRATO, E D\u00c1 OUTRAS PROVID\u00caNCIAS."}, {"id": "4676", "ano": "2020", "numero": "35", "tipo__sigla": "POR", "tipo__descricao": "Portaria", "texto_integral": "http://sapl.sarandi.pr.leg.br/media/sapl/public/normajuridica/2020/4676/portaria_no_035-2020_para_site.pdf", "ementa": "DESIGNAR SERVIDOR RENAN AUGUSTO DOS SANTOS VOLPATTO, PARA FISCALIZA\u00c7\u00c3O DE CONTRATO, E D\u00c1 OUTRAS PROVID\u00caNCIAS."}, {"id": "4675", "ano": "2020", "numero": "34", "tipo__sigla": "POR", "tipo__descricao": "Portaria", "texto_integral": "http://sapl.sarandi.pr.leg.br/media/sapl/public/normajuridica/2020/4675/portaria_no_034-2020_para_site.pdf", "ementa": "DESIGNAR SERVIDORA ANGELA ALVES DE ALMEIDA, PARA FISCALIZA\u00c7\u00c3O DE CONTRATO, E D\u00c1 OUTRAS PROVID\u00caNCIAS."}, {"id": "4674", "ano": "2020", "numero": "33", "tipo__sigla": "POR", "tipo__descricao": "Portaria", "texto_integral": "http://sapl.sarandi.pr.leg.br/media/sapl/public/normajuridica/2020/4674/portaria_no_033-2020_para_site.pdf", "ementa": "DESIGNAR SERVIDORA ANGELA ALVES DE ALMEIDA, PARA FISCALIZA\u00c7\u00c3O DE CONTRATO, E D\u00c1 OUTRAS PROVID\u00caNCIAS."}, {"id": "4673", "ano": "2020", "numero": "32", "tipo__sigla": "POR", "tipo__descricao": "Portaria", "texto_integral": "http://sapl.sarandi.pr.leg.br/media/sapl/public/normajuridica/2020/4673/portaria_no_032-2020_para_site.pdf", "ementa": "DESIGNAR SERVIDOR DANIEL CHIARAMONTE FERREIRA, PARA FISCALIZA\u00c7\u00c3O DE CONTRATO, E D\u00c1 OUTRAS PROVID\u00caNCIAS."}, {"id": "4672", "ano": "2020", "numero": "31", "tipo__sigla": "POR", "tipo__descricao": "Portaria", "texto_integral": "http://sapl.sarandi.pr.leg.br/media/sapl/public/normajuridica/2020/4672/portaria_no_031-2020_para_site.pdf", "ementa": "DESIGNAR SERVIDOR VAGNER RAFAEL VAZ, PARA FISCALIZA\u00c7\u00c3O DE CONTRATO, E D\u00c1 OUTRAS PROVID\u00caNCIAS."}, {"id": "4671", "ano": "2020", "numero": "30", "tipo__sigla": "POR", "tipo__descricao": "Portaria", "texto_integral": "http://sapl.sarandi.pr.leg.br/media/sapl/public/normajuridica/2020/4671/portaria_no_030-2020_para_site.pdf", "ementa": "DESIGNAR SERVIDOR DANIEL CHIARAMONTE FERREIRA, PARA FISCALIZA\u00c7\u00c3O DE CONTRATO, E D\u00c1 OUTRAS PROVID\u00caNCIAS."}, {"id": "4670", "ano": "2020", "numero": "29", "tipo__sigla": "POR", "tipo__descricao": "Portaria", "texto_integral": "http://sapl.sarandi.pr.leg.br/media/sapl/public/normajuridica/2020/4670/portaria_no_029-2020_para_site.pdf", "ementa": "DESIGNAR SERVIDOR DANIEL CHIARAMONTE FERREIRA, PARA FISCALIZA\u00c7\u00c3O DE CONTRATO, E D\u00c1 OUTRAS PROVID\u00caNCIAS."}, {"id": "4669", "ano": "2020", "numero": "28", "tipo__sigla": "POR", "tipo__descricao": "Portaria", "texto_integral": "http://sapl.sarandi.pr.leg.br/media/sapl/public/normajuridica/2020/4669/portaria_no_028-2020_para_site.pdf", "ementa": "DESIGNAR SERVIDOR VAGNER RAFAEL VAZ, PARA FISCALIZA\u00c7\u00c3O DE CONTRATO, E D\u00c1 OUTRAS PROVID\u00caNCIAS."}, {"id": "4668", "ano": "2020", "numero": "27", "tipo__sigla": "POR", "tipo__descricao": "Portaria", "texto_integral": "http://sapl.sarandi.pr.leg.br/media/sapl/public/normajuridica/2020/4668/portaria_no_027-2020_para_site.pdf", "ementa": "DESIGNA SERVIDORA LUZIA AZEVEDO DIAS, PARA FISCALIZA\u00c7\u00c3O DE CONTRATO, E D\u00c1 OUTRAS PROVID\u00caNCIAS."}, {"id": "4667", "ano": "2020", "numero": "26", "tipo__sigla": "POR", "tipo__descricao": "Portaria", "texto_integral": "http://sapl.sarandi.pr.leg.br/media/sapl/public/normajuridica/2020/4667/portaria_no_026-2020_para_site.pdf", "ementa": "DESIGNA SERVIDORA LUZIA AZEVEDO DIAS, PARA FISCALIZA\u00c7\u00c3O DE CONTRATO, E D\u00c1 OUTRAS PROVID\u00caNCIAS."}, {"id": "4666", "ano": "2020", "numero": "25", "tipo__sigla": "POR", "tipo__descricao": "Portaria", "texto_integral": "http://sapl.sarandi.pr.leg.br/media/sapl/public/normajuridica/2020/4666/portaria_no_025-2020_para_site.pdf", "ementa": "DISP\u00d5E SOBRE OS PROCEDIMENTOS A SEREM ADOTADOS NA FISCALIZA\u00c7\u00c3O DE CONTRATOS, NA FORMA QUE ESPECIFICA."}, {"id": "4649", "ano": "2020", "numero": "2593", "tipo__sigla": "LEI", "tipo__descricao": "Lei Ordin\u00e1ria", "texto_integral": "http://sapl.sarandi.pr.leg.br/media/sapl/public/normajuridica/2020/4649/lei_no_2593-2020_para_site.pdf", "ementa": "Disp\u00f5e sobre a abertura de Cr\u00e9dito Adicional Especial e d\u00e1 outras provid\u00eancias."}, {"id": "4647", "ano": "2020", "numero": "24", "tipo__sigla": "POR", "tipo__descricao": "Portaria", "texto_integral": "http://sapl.sarandi.pr.leg.br/media/sapl/public/normajuridica/2020/4647/portaria_no024-2020_para_site.pdf", "ementa": "DISP\u00d5E SOBRE O ARQUIVAMENTO DA COMISS\u00c3O PARLAMENTAR DE INQU\u00c9RITO - CPI."}, {"id": "4648", "ano": "2020", "numero": "382", "tipo__sigla": "LC", "tipo__descricao": "Lei Complementar", "texto_integral": "http://sapl.sarandi.pr.leg.br/media/sapl/public/normajuridica/2020/4648/lei_compl._no382-2020_para_site.pdf", "ementa": "Altera a Lei Complementar Municipal n\u00ba 376, de 19 de dezembro de 2019 na forma que especifica."}, {"id": "4645", "ano": "2020", "numero": "23", "tipo__sigla": "POR", "tipo__descricao": "Portaria", "texto_integral": "http://sapl.sarandi.pr.leg.br/media/sapl/public/normajuridica/2020/4645/portaria_no023-_2020_para_site.pdf", "ementa": "DISP\u00d5E SOBRE OS PROCEDIMENTOS DE PROTOCOLOS DE PROPOSI\u00c7\u00d5ES E DEMANDAS E D\u00c1 OUTRAS PROVID\u00caNCIAS."}, {"id": "4644", "ano": "2020", "numero": "22", "tipo__sigla": "POR", "tipo__descricao": "Portaria", "texto_integral": "http://sapl.sarandi.pr.leg.br/media/sapl/public/normajuridica/2020/4644/portaria_no022-_2020_para_site.pdf", "ementa": "CONSTITUIR COMISS\u00c3O PARLAMENTAR DE INQU\u00c9RITO (CPI) E D\u00c1 OUTRAS PROVID\u00caNCIAS.  (INVESTIGAR POSS\u00cdVEIS IRREGULARIDADES DE NEGLIG\u00caNCIA DO SECRET\u00c1RIO MUNICIPAL DE URBANISMO)."}, {"id": "4646", "ano": "2020", "numero": "5", "tipo__sigla": "ATP", "tipo__descricao": "Ato da Presid\u00eancia", "texto_integral": "http://sapl.sarandi.pr.leg.br/media/sapl/public/normajuridica/2020/4646/ato_da_presidencia_no_005-2020_para_site.pdf", "ementa": "Disp\u00f5e sobre medidas a serem observadas pela CPI (Comiss\u00e3o Parlamentar de Inqu\u00e9rito), em virtude do COVID-19 \"CORONAV\u00cdRUS\",  e d\u00e1 outras provid\u00eancias."}, {"id": "4642", "ano": "2020", "numero": "2592", "tipo__sigla": "LEI", "tipo__descricao": "Lei Ordin\u00e1ria", "texto_integral": "http://sapl.sarandi.pr.leg.br/media/sapl/public/normajuridica/2020/4642/lei_no_2592-2020__para_site.pdf", "ementa": "D\u00e1 denomina\u00e7\u00e3o a Rua Projetada 05, situada no Conjunto Residencial Tri\u00e2ngulo, na forma que especifica."}, {"id": "4641", "ano": "2020", "numero": "2591", "tipo__sigla": "LEI", "tipo__descricao": "Lei Ordin\u00e1ria", "texto_integral": "http://sapl.sarandi.pr.leg.br/media/sapl/public/normajuridica/2020/4641/lei_no_2951-2020_para_site.pdf", "ementa": "D\u00e1 denomina\u00e7\u00e3o a Rua Projetada 04, situada no Conjunto Residencial Tri\u00e2ngulo, na forma que especifica."}, {"id": "4640", "ano": "2020", "numero": "2590", "tipo__sigla": "LEI", "tipo__descricao": "Lei Ordin\u00e1ria", "texto_integral": "http://sapl.sarandi.pr.leg.br/media/sapl/public/normajuridica/2020/4640/lei_no_2590-2020__para_site.pdf", "ementa": "D\u00e1 denomina\u00e7\u00e3o a Rua Projetada 03, situada no Conjunto Residencial Tri\u00e2ngulo, na forma que especifica."}, {"id": "4639", "ano": "2020", "numero": "2589", "tipo__sigla": "LEI", "tipo__descricao": "Lei Ordin\u00e1ria", "texto_integral": "http://sapl.sarandi.pr.leg.br/media/sapl/public/normajuridica/2020/4639/lei_no_2589-2020__para_site.pdf", "ementa": "D\u00e1 denomina\u00e7\u00e3o a Rua Projetada R, situada no Jardim Ouro Verde III, na forma que especifica."}, {"id": "4638", "ano": "2020", "numero": "2588", "tipo__sigla": "LEI", "tipo__descricao": "Lei Ordin\u00e1ria", "texto_integral": "http://sapl.sarandi.pr.leg.br/media/sapl/public/normajuridica/2020/4638/lei_no_2588-2020__para_site.pdf", "ementa": "D\u00e1 denomina\u00e7\u00e3o aos pr\u00f3prios p\u00fablicos municipais, situados no Jardim Fran\u00e7a, na forma que especifica."}, {"id": "4637", "ano": "2020", "numero": "2587", "tipo__sigla": "LEI", "tipo__descricao": "Lei Ordin\u00e1ria", "texto_integral": "http://sapl.sarandi.pr.leg.br/media/sapl/public/normajuridica/2020/4637/lei_no_2587-2020_para_site.pdf", "ementa": "Altera a Lei n\u00ba 2.552, de 13 de dezembro de 2019, na forma que especifica."}, {"id": "4636", "ano": "2020", "numero": "2586", "tipo__sigla": "LEI", "tipo__descricao": "Lei Ordin\u00e1ria", "texto_integral": "http://sapl.sarandi.pr.leg.br/media/sapl/public/normajuridica/2020/4636/lei_no_2586-2020__para_site.pdf", "ementa": "D\u00e1 denomina\u00e7\u00e3o a Rua Projetada 02, situada no Conjunto Residencial Tri\u00e2ngulo, na forma que especifica."}, {"id": "4635", "ano": "2020", "numero": "2585", "tipo__sigla": "LEI", "tipo__descricao": "Lei Ordin\u00e1ria", "texto_integral": "http://sapl.sarandi.pr.leg.br/media/sapl/public/normajuridica/2020/4635/lei_no_2585-2020_para_site.pdf", "ementa": "D\u00e1 denomina\u00e7\u00e3o a Rua Projetada 01, situada no Conjunto Residencial Tri\u00e2ngulo, na forma que especifica."}, {"id": "4634", "ano": "2020", "numero": "2584", "tipo__sigla": "LEI", "tipo__descricao": "Lei Ordin\u00e1ria", "texto_integral": "http://sapl.sarandi.pr.leg.br/media/sapl/public/normajuridica/2020/4634/lei_no_2584-2020_para_site.pdf", "ementa": "D\u00e1 denomina\u00e7\u00e3o a Avenida Projetada 01, situada no Conjunto Residencial Tri\u00e2ngulo, na forma que especifica."}, {"id": "4633", "ano": "2020", "numero": "2583", "tipo__sigla": "LEI", "tipo__descricao": "Lei Ordin\u00e1ria", "texto_integral": "http://sapl.sarandi.pr.leg.br/media/sapl/public/normajuridica/2020/4633/lei_no_2583-2020_para_site.pdf", "ementa": "D\u00e1 denomina\u00e7\u00e3o a Rua 03, situada no Jardim Novo Bertioga, na forma que especifica."}, {"id": "4632", "ano": "2020", "numero": "2582", "tipo__sigla": "LEI", "tipo__descricao": "Lei Ordin\u00e1ria", "texto_integral": "http://sapl.sarandi.pr.leg.br/media/sapl/public/normajuridica/2020/4632/lei_no_2582-2020_para_site.pdf", "ementa": "D\u00e1 denomina\u00e7\u00e3o a Rua Projetada P, situada no Jardim Ouro Verde III, na forma que especifica."}, {"id": "4631", "ano": "2020", "numero": "2581", "tipo__sigla": "LEI", "tipo__descricao": "Lei Ordin\u00e1ria", "texto_integral": "http://sapl.sarandi.pr.leg.br/media/sapl/public/normajuridica/2020/4631/lei_no_2581-2020_para_site.pdf", "ementa": "D\u00e1 denomina\u00e7\u00e3o a Avenida Projetada B, situada no Jardim Ip\u00eas, na forma que especifica."}, {"id": "4630", "ano": "2020", "numero": "2580", "tipo__sigla": "LEI", "tipo__descricao": "Lei Ordin\u00e1ria", "texto_integral": "http://sapl.sarandi.pr.leg.br/media/sapl/public/normajuridica/2020/4630/lei_no_2580-2020_para_site.pdf", "ementa": "D\u00e1 denomina\u00e7\u00e3o a Rua 9349, situada no Loteamento Ecovalley, na forma que especifica."}, {"id": "4629", "ano": "2020", "numero": "2579", "tipo__sigla": "LEI", "tipo__descricao": "Lei Ordin\u00e1ria", "texto_integral": "http://sapl.sarandi.pr.leg.br/media/sapl/public/normajuridica/2020/4629/lei_no_2579-2020_para_site.pdf", "ementa": "D\u00e1 denomina\u00e7\u00e3o a Rua 9339, situada no Loteamento Ecovalley, na forma que especifica."}, {"id": "4628", "ano": "2020", "numero": "2578", "tipo__sigla": "LEI", "tipo__descricao": "Lei Ordin\u00e1ria", "texto_integral": "http://sapl.sarandi.pr.leg.br/media/sapl/public/normajuridica/2020/4628/lei_no_2578-2020_para_site.pdf", "ementa": "D\u00e1 denomina\u00e7\u00e3o a Rua 9338, situada no Loteamento Ecovalley, na forma que especifica."}, {"id": "4627", "ano": "2020", "numero": "2577", "tipo__sigla": "LEI", "tipo__descricao": "Lei Ordin\u00e1ria", "texto_integral": "http://sapl.sarandi.pr.leg.br/media/sapl/public/normajuridica/2020/4627/lei_no_2577-2020_para_site.pdf", "ementa": "D\u00e1 denomina\u00e7\u00e3o a Rua 9336, situada no Loteamento Ecovalley, na forma que especifica."}, {"id": "4626", "ano": "2020", "numero": "2576", "tipo__sigla": "LEI", "tipo__descricao": "Lei Ordin\u00e1ria", "texto_integral": "http://sapl.sarandi.pr.leg.br/media/sapl/public/normajuridica/2020/4626/lei_no_2576-2020_para_site.pdf", "ementa": "D\u00e1 denomina\u00e7\u00e3o a Rua 9333, situada no Loteamento Ecovalley, na forma que especifica."}, {"id": "4625", "ano": "2020", "numero": "2575", "tipo__sigla": "LEI", "tipo__descricao": "Lei Ordin\u00e1ria", "texto_integral": "http://sapl.sarandi.pr.leg.br/media/sapl/public/normajuridica/2020/4625/lei_no_2575-2020_para_site.pdf", "ementa": "D\u00e1 denomina\u00e7\u00e3o a Rua 9331, situada no Loteamento Ecovalley, na forma que especifica."}, {"id": "4624", "ano": "2020", "numero": "2574", "tipo__sigla": "LEI", "tipo__descricao": "Lei Ordin\u00e1ria", "texto_integral": "http://sapl.sarandi.pr.leg.br/media/sapl/public/normajuridica/2020/4624/lei_no_2574-2020_para_site.pdf", "ementa": "D\u00e1 denomina\u00e7\u00e3o a Rua 9330, situada no Loteamento Ecovalley, na forma que especifica."}, {"id": "4623", "ano": "2020", "numero": "2573", "tipo__sigla": "LEI", "tipo__descricao": "Lei Ordin\u00e1ria", "texto_integral": "http://sapl.sarandi.pr.leg.br/media/sapl/public/normajuridica/2020/4623/lei_no_2573-2020_para_site.pdf", "ementa": "D\u00e1 denomina\u00e7\u00e3o a Rua 9329, situada no Loteamento Ecovalley, na forma que especifica."}, {"id": "4622", "ano": "2020", "numero": "2572", "tipo__sigla": "LEI", "tipo__descricao": "Lei Ordin\u00e1ria", "texto_integral": "http://sapl.sarandi.pr.leg.br/media/sapl/public/normajuridica/2020/4622/lei_no_2572-2020_para_site.pdf", "ementa": "D\u00e1 denomina\u00e7\u00e3o a Rua 9325, situada no Loteamento Ecovalley, na forma que especifica."}, {"id": "4621", "ano": "2020", "numero": "2571", "tipo__sigla": "LEI", "tipo__descricao": "Lei Ordin\u00e1ria", "texto_integral": "http://sapl.sarandi.pr.leg.br/media/sapl/public/normajuridica/2020/4621/lei_no_2571-2020_para_site.pdf", "ementa": "D\u00e1 denomina\u00e7\u00e3o a Rua 9324, situada no Loteamento Ecovalley, na forma que especifica."}, {"id": "4620", "ano": "2020", "numero": "2570", "tipo__sigla": "LEI", "tipo__descricao": "Lei Ordin\u00e1ria", "texto_integral": "http://sapl.sarandi.pr.leg.br/media/sapl/public/normajuridica/2020/4620/lei_no_2570-2020_para_site.pdf", "ementa": "D\u00e1 denomina\u00e7\u00e3o a Rua 9322, situada no Loteamento Ecovalley, na forma que especifica."}, {"id": "4619", "ano": "2020", "numero": "2569", "tipo__sigla": "LEI", "tipo__descricao": "Lei Ordin\u00e1ria", "texto_integral": "http://sapl.sarandi.pr.leg.br/media/sapl/public/normajuridica/2020/4619/lei_no_2569-2020_para_site.pdf", "ementa": "D\u00e1 denomina\u00e7\u00e3o a Rua 9321, situada no Loteamento Ecovalley, na forma que especifica."}, {"id": "4618", "ano": "2020", "numero": "2568", "tipo__sigla": "LEI", "tipo__descricao": "Lei Ordin\u00e1ria", "texto_integral": "http://sapl.sarandi.pr.leg.br/media/sapl/public/normajuridica/2020/4618/lei_no_2568-2020_para_site.pdf", "ementa": "D\u00e1 denomina\u00e7\u00e3o a Rua 9319, situada no Loteamento Ecovalley, na forma que especifica."}, {"id": "4643", "ano": "2020", "numero": "381", "tipo__sigla": "LC", "tipo__descricao": "Lei Complementar", "texto_integral": "http://sapl.sarandi.pr.leg.br/media/sapl/public/normajuridica/2020/4643/lei_compl._no_381-2020_para_site.pdf", "ementa": "Eleva o n\u00famero de vagas de Cargos Efetivos da Lei Complementar n\u00ba 159, de 24 de novembro de 2007, que institui Plano de Cargos, Carreira e Vencimentos dos Servidores do Poder Executivo Municipal e d\u00e1 outras provid\u00eancias."}, {"id": "4617", "ano": "2020", "numero": "4", "tipo__sigla": "ATP", "tipo__descricao": "Ato da Presid\u00eancia", "texto_integral": "http://sapl.sarandi.pr.leg.br/media/sapl/public/normajuridica/2020/4617/ato_da_presidencia_no_004-2020_para_site.pdf", "ementa": "Altera temporariamente o hor\u00e1rio das Sess\u00f5es Ordin\u00e1rias da C\u00e2mara Municipal de Sarandi, para as 17:00horas, \u00e0s segundas-feiras."}, {"id": "4614", "ano": "2020", "numero": "21", "tipo__sigla": "POR", "tipo__descricao": "Portaria", "texto_integral": "http://sapl.sarandi.pr.leg.br/media/sapl/public/normajuridica/2020/4614/portaria_no_021-2020_para_site.pdf", "ementa": "CONCEDE LICEN\u00c7A ESPECIAL A SERVIDORA D\u00c9BORA APARECIDA DE SOUZA E D\u00c1 OUTRAS PROVID\u00caNCIAS. (LICEN\u00c7A ESPECIAL DE 23.04.2020 \u00c0 22/05/2020)."}, {"id": "4613", "ano": "2020", "numero": "20", "tipo__sigla": "POR", "tipo__descricao": "Portaria", "texto_integral": "http://sapl.sarandi.pr.leg.br/media/sapl/public/normajuridica/2020/4613/portaria_no_020-2020__para_site_nova.pdf", "ementa": "NOMEIA O SENHOR EBERALDO DE SIQUEIRA PARA O CARGO DE ASSESSOR LEGISLATIVO, CC-3, NO GABINETE DO VEREADOR JOS\u00c9 APARECIDO DA SILVA \"NITO\"."}, {"id": "4616", "ano": "2020", "numero": "3", "tipo__sigla": "ATP", "tipo__descricao": "Ato da Presid\u00eancia", "texto_integral": "http://sapl.sarandi.pr.leg.br/media/sapl/public/normajuridica/2020/4616/ato_da_presidencia_no_003-2020_para_site.pdf", "ementa": "Altera por tempo indeterminado, o hor\u00e1rio do expediente da C\u00e2mara Municipal de Sarandi, e define hor\u00e1rio diferenciado de trabalho dos Servidores e d\u00e1 outras provid\u00eancias."}, {"id": "4615", "ano": "2020", "numero": "2", "tipo__sigla": "ATP", "tipo__descricao": "Ato da Presid\u00eancia", "texto_integral": "http://sapl.sarandi.pr.leg.br/media/sapl/public/normajuridica/2020/4615/ato_da_presidencia_no_002-2020_para_site.pdf", "ementa": "Disp\u00f5e sobre as medidas de conduta interna decorrente do Coronav\u00edrus - COVID-19."}, {"id": "4608", "ano": "2020", "numero": "4", "tipo__sigla": "ATM", "tipo__descricao": "Ato da Mesa", "texto_integral": "http://sapl.sarandi.pr.leg.br/media/sapl/public/normajuridica/2020/4608/ato_da_mesa_no_004-2020_para_site.pdf", "ementa": "Disp\u00f5e sobre a prorroga\u00e7\u00e3o de prazo do Art. 4\u00ba do Ato da Mesa n\u00ba 002/2020 e d\u00e1 outras provid\u00eancias."}, {"id": "4603", "ano": "2020", "numero": "3", "tipo__sigla": "ATM", "tipo__descricao": "Ato da Mesa", "texto_integral": "http://sapl.sarandi.pr.leg.br/media/sapl/public/normajuridica/2020/4603/ato_da_mesa_no_003-2020_para_site.pdf", "ementa": "Disp\u00f5e sobre a prorroga\u00e7\u00e3o de prazo do Art. 4\u00ba do Ato da Mesa n\u00ba 002/2020 e d\u00e1 outras provid\u00eancias."}, {"id": "4602", "ano": "2020", "numero": "1", "tipo__sigla": "ATP", "tipo__descricao": "Ato da Presid\u00eancia", "texto_integral": "http://sapl.sarandi.pr.leg.br/media/sapl/public/normajuridica/2020/4602/3.pdf", "ementa": "Suspende por prazo indeterminado as Sess\u00f5es Ordin\u00e1rias da C\u00e2mara Municipal de Sarandi, em virtude do COVID-19 \"CORONAV\u00cdRUS\"."}, {"id": "4601", "ano": "2020", "numero": "2", "tipo__sigla": "ATM", "tipo__descricao": "Ato da Mesa", "texto_integral": "http://sapl.sarandi.pr.leg.br/media/sapl/public/normajuridica/2020/4601/ato_da_mesa_no_002-2020_para_site.pdf", "ementa": "Disp\u00f5e sobre as medidas para enfrentamento da emerg\u00eancia de sa\u00fade p\u00fablica de import\u00e2ncia internacional decorrente do Coronav\u00edrus - COVID-19."}, {"id": "4600", "ano": "2020", "numero": "1", "tipo__sigla": "ATM", "tipo__descricao": "Ato da Mesa", "texto_integral": "http://sapl.sarandi.pr.leg.br/media/sapl/public/normajuridica/2020/4600/ato_da_mesa_no_001-2020_para_site.pdf", "ementa": "Disp\u00f5e sobre as medidas para enfrentamento da emerg\u00eancia de sa\u00fade p\u00fablica de import\u00e2ncia internacional decorrente do Coronav\u00edrus - COVID - 19."}, {"id": "4598", "ano": "2020", "numero": "19", "tipo__sigla": "POR", "tipo__descricao": "Portaria", "texto_integral": "http://sapl.sarandi.pr.leg.br/media/sapl/public/normajuridica/2020/4598/portaria_no019-2020_para_site.pdf", "ementa": "EXONERA \u00c1 PEDIDO O SENHOR JO\u00c3O BATISTA DA CRUZ, DO CARGO DE ASSESSOR LEGISLATIVO, COMO \u00daLTIMO DIA DE TRABALHO 11.03.2020, DO GABINETE DO VEREADOR JOS\u00c9 APARECIDO DA SILVA."}, {"id": "4599", "ano": "2020", "numero": "380", "tipo__sigla": "LC", "tipo__descricao": "Lei Complementar", "texto_integral": "http://sapl.sarandi.pr.leg.br/media/sapl/public/normajuridica/2020/4599/lei_compl._no380-2020_para_site.pdf", "ementa": "Altera a Lei Complementar n\u00ba 355, de 11 de dezembro de 2017, que disp\u00f5e sobre o fornecimento de aux\u00edlio-alimenta\u00e7\u00e3o aos servidores efetivos ativos e d\u00e1 outras provid\u00eancias."}, {"id": "4597", "ano": "2020", "numero": "3", "tipo__sigla": "DL", "tipo__descricao": "Decreto Legislativo", "texto_integral": "http://sapl.sarandi.pr.leg.br/media/sapl/public/normajuridica/2020/4597/decreto_legislativo_no_003-2020_para_o_site.pdf", "ementa": "Aprova as Contas do Munic\u00edpio de Sarandi, relativas ao Exerc\u00edcio Financeiro de 2018."}, {"id": "4596", "ano": "2020", "numero": "2", "tipo__sigla": "DL", "tipo__descricao": "Decreto Legislativo", "texto_integral": "http://sapl.sarandi.pr.leg.br/media/sapl/public/normajuridica/2020/4596/decreto_legislativo_no_002-2020_para_o_site.pdf", "ementa": "Aprova as Contas do Munic\u00edpio de Sarandi, relativas ao Exerc\u00edcio Financeiro de 2017."}, {"id": "4594", "ano": "2020", "numero": "18", "tipo__sigla": "POR", "tipo__descricao": "Portaria", "texto_integral": "http://sapl.sarandi.pr.leg.br/media/sapl/public/normajuridica/2020/4594/portaria_no018-2020_para_site.pdf", "ementa": "DESIGNAR SERVIDOR MARLON BIF PARA FISCALIZAR CONTRATO, E D\u00c1 OUTRAS PROVID\u00caNCIAS."}, {"id": "5755", "ano": "2020", "numero": "1358", "tipo__sigla": "DE", "tipo__descricao": "Decreto Executivo", "texto_integral": "http://sapl.sarandi.pr.leg.br/media/sapl/public/normajuridica/2020/5755/decreto_executivo_no_1358-2020.pdf", "ementa": "REGULAMENTA O ARTIGO 47 DA LEI COMPLEMENTAR N\u00ba 265, DE 22 DE FEVEREIRO DE 2012, NO QUE TANGE AO AUX\u00cdLIO FINANCEIRO PARA O CURSO DE FORMA\u00c7\u00c3O DE GUARDA MUNICIPAL DE SARANDI/PR."}, {"id": "5754", "ano": "2020", "numero": "1357", "tipo__sigla": "DE", "tipo__descricao": "Decreto Executivo", "texto_integral": "http://sapl.sarandi.pr.leg.br/media/sapl/public/normajuridica/2020/5754/decreto_executivo_no_1357-2020.pdf", "ementa": "REGULAMENTA O ARTIGO 31 H DA LEI COMPLEMENTAR N\u00ba 265, DE 22 DE FEVEREIRO DE 2012, NO QUE TANGE AO N\u00daCLEO DE ENSINO E APERFEI\u00c7OAMENTO DA GUARDA MUNICIPAL DE SARANDI/PR."}, {"id": "4593", "ano": "2020", "numero": "17", "tipo__sigla": "POR", "tipo__descricao": "Portaria", "texto_integral": "http://sapl.sarandi.pr.leg.br/media/sapl/public/normajuridica/2020/4593/portaria_no017-2020_para_site.pdf", "ementa": "NOMEIA A COMISS\u00c3O PERMANENTE DE RECEBIMENTO DE BENS DA C\u00c2MARA MUNICIPAL DE SARANDI E D\u00c1 OUTRAS PROVID\u00caNCIAS."}, {"id": "4585", "ano": "2020", "numero": "16", "tipo__sigla": "POR", "tipo__descricao": "Portaria", "texto_integral": "http://sapl.sarandi.pr.leg.br/media/sapl/public/normajuridica/2020/4585/portaria_no_016-2020_para_site.pdf", "ementa": "EXONERA A SERVIDORA ROBERTA DE MOURA LIMA E D\u00c1 OUTRAS PROVID\u00caNCIAS."}, {"id": "4584", "ano": "2020", "numero": "15", "tipo__sigla": "POR", "tipo__descricao": "Portaria", "texto_integral": "http://sapl.sarandi.pr.leg.br/media/sapl/public/normajuridica/2020/4584/portaria_no_015-2020_para_site.pdf", "ementa": "CONCEDE PROGRESS\u00c3O POR APERFEI\u00c7OAMENTO E CAPACITA\u00c7\u00c3O AO SERVIDOR VAGNER RAFAEL VAZ E D\u00c1 OUTRAS PROVID\u00caNCIAS."}, {"id": "4583", "ano": "2020", "numero": "14", "tipo__sigla": "POR", "tipo__descricao": "Portaria", "texto_integral": "http://sapl.sarandi.pr.leg.br/media/sapl/public/normajuridica/2020/4583/portaria_no_014-2020_para_site.pdf", "ementa": "EXONERA O SERVIDOR VITOR GOMES BARBOSA E D\u00c1 OUTRAS PROVID\u00caNCIAS."}, {"id": "4582", "ano": "2020", "numero": "13", "tipo__sigla": "POR", "tipo__descricao": "Portaria", "texto_integral": "http://sapl.sarandi.pr.leg.br/media/sapl/public/normajuridica/2020/4582/portaria_no_013-2020_para_site.pdf", "ementa": "EXONERA A SERVIDORA ROBERTA DE MOURA LIMA E D\u00c1 OUTRAS PROVID\u00caNCIAS."}, {"id": "4590", "ano": "2020", "numero": "2567", "tipo__sigla": "LEI", "tipo__descricao": "Lei Ordin\u00e1ria", "texto_integral": "http://sapl.sarandi.pr.leg.br/media/sapl/public/normajuridica/2020/4590/lei_no_2567-2020_para_site.pdf", "ementa": "D\u00e1 denomina\u00e7\u00e3o aos pr\u00f3prios p\u00fablicos municipais, situados no Ecogarden Residence, na forma que especifica."}, {"id": "4589", "ano": "2020", "numero": "2566", "tipo__sigla": "LEI", "tipo__descricao": "Lei Ordin\u00e1ria", "texto_integral": "http://sapl.sarandi.pr.leg.br/media/sapl/public/normajuridica/2020/4589/lei_no2566-2020_para_site.pdf", "ementa": "Da denomina\u00e7\u00e3o a Rua Projetada O, situada no Jardim Ouro Verde III, na forma que especifica ."}, {"id": "4588", "ano": "2020", "numero": "2565", "tipo__sigla": "LEI", "tipo__descricao": "Lei Ordin\u00e1ria", "texto_integral": "http://sapl.sarandi.pr.leg.br/media/sapl/public/normajuridica/2020/4588/lei_no2565-2020_para_site.pdf", "ementa": "D\u00e1 denomina\u00e7\u00e3o a pr\u00f3prio p\u00fablico municipal, situado no Lote 001 da Quadra 2, esquina as Ruas Salvador Jordano e Roberto Cavalari Sobrinho, no Jardim Nova Paulista, na forma que especifica."}, {"id": "4587", "ano": "2020", "numero": "2564", "tipo__sigla": "LEI", "tipo__descricao": "Lei Ordin\u00e1ria", "texto_integral": "http://sapl.sarandi.pr.leg.br/media/sapl/public/normajuridica/2020/4587/lei_no2564-2020_para_site.pdf", "ementa": "Autoriza o Chefe do Poder Executivo Municipal a Instituir no Munic\u00edpio o Concurso de Decora\u00e7\u00e3o Natalinas, para o ano de 2020."}, {"id": "4592", "ano": "2020", "numero": "379", "tipo__sigla": "LC", "tipo__descricao": "Lei Complementar", "texto_integral": "http://sapl.sarandi.pr.leg.br/media/sapl/public/normajuridica/2020/4592/lei_compl._no379-2020_para_site.pdf", "ementa": "Disp\u00f5e sobre altera\u00e7\u00f5es na estrutura administrativa da Secretaria Municipal de Tr\u00e2nsito, Transporte e Seguran\u00e7a P\u00fablica, criada por meio da Lei Complementar n\u00ba 265/2012, de 22 de fevereiro de 2012, e d\u00e1 outras provid\u00eancias."}, {"id": "4591", "ano": "2020", "numero": "378", "tipo__sigla": "LC", "tipo__descricao": "Lei Complementar", "texto_integral": "http://sapl.sarandi.pr.leg.br/media/sapl/public/normajuridica/2020/4591/lei_compl._no378-2020_para_site.pdf", "ementa": "Altera dispositivo da Lei Complementar n\u00ba 159, de 24 de novembro de 2007, na forma que especifica."}, {"id": "4581", "ano": "2020", "numero": "12", "tipo__sigla": "POR", "tipo__descricao": "Portaria", "texto_integral": "http://sapl.sarandi.pr.leg.br/media/sapl/public/normajuridica/2020/4581/portaria_no012-2020_para_site.pdf", "ementa": "CONCEDE PROGRESS\u00c3O FUNCIONAL POR DESEMPENHO AO SERVIDOR ROVILSON JOS\u00c9 ARANTES, MATRICULA 111, OCUPANTE DO CARGO DE CONTADOR."}, {"id": "4586", "ano": "2020", "numero": "2563", "tipo__sigla": "LEI", "tipo__descricao": "Lei Ordin\u00e1ria", "texto_integral": "http://sapl.sarandi.pr.leg.br/media/sapl/public/normajuridica/2020/4586/lei_no2563-2020_para_site.pdf", "ementa": "Autoriza o Chefe do Poder Executivo Municipal a fixar piso m\u00ednimo de vencimentos dos Servidores P\u00fablicos Municipais de Sarandi e d\u00e1 outras provid\u00eancias."}, {"id": "4664", "ano": "2020", "numero": "1", "tipo__sigla": "EDA", "tipo__descricao": "Edital - Audi\u00eancia", "texto_integral": "http://sapl.sarandi.pr.leg.br/media/sapl/public/normajuridica/2020/4664/edital_no_001-2020_para_site.pdf", "ementa": "AUDI\u00caNCIA P\u00daBLICA DE DEMONSTRA\u00c7\u00c3O E AVALIA\u00c7\u00c3O E CUMPRIMENTO DAS METAS FISCAIS DO 3\u00ba QUADRIMESTRE DE 2019."}, {"id": "4595", "ano": "2020", "numero": "1", "tipo__sigla": "DL", "tipo__descricao": "Decreto Legislativo", "texto_integral": "http://sapl.sarandi.pr.leg.br/media/sapl/public/normajuridica/2020/4595/decreto_legislativo_no001-2020_para_site.pdf", "ementa": "Disp\u00f5e sobre Aceita\u00e7\u00e3o do \"Veto n\u00ba 001/2019\", Parcial ao Projeto Lei Complementar n\u00ba 492/2019, de autoria do Poder Executivo Municipal, que altera dispositivo da Lei Complementar n\u00ba 159, de 24 de novembro de 2007."}, {"id": "5794", "ano": "2020", "numero": "1323", "tipo__sigla": "DE", "tipo__descricao": "Decreto Executivo", "texto_integral": "http://sapl.sarandi.pr.leg.br/media/sapl/public/normajuridica/2020/5794/decreto_executivo_1323-2020.pdf", "ementa": "CONSTITUI A COMISS\u00c3O MUNICIPAL DE ENFRENTAMENTO DAS VIOL\u00caNCIAS CONTRA CRIAN\u00c7AS E ADOLESCENTES E D\u00c1 OUTRAS PROVID\u00caNCIAS."}, {"id": "4580", "ano": "2020", "numero": "11", "tipo__sigla": "POR", "tipo__descricao": "Portaria", "texto_integral": "http://sapl.sarandi.pr.leg.br/media/sapl/public/normajuridica/2020/4580/portaria_no011-2020_para_site.pdf", "ementa": "CONCEDE LICEN\u00c7A ESPECIAL A SERVIDORA CAMILA DE SOUZA BUENO DOS SANTOS E D\u00c1 OUTRAS PROVID\u00caNCIAS."}, {"id": "4579", "ano": "2020", "numero": "10", "tipo__sigla": "POR", "tipo__descricao": "Portaria", "texto_integral": "http://sapl.sarandi.pr.leg.br/media/sapl/public/normajuridica/2020/4579/portaria_no010-2020_para_site.pdf", "ementa": "CONCEDE ESTABILIDADE FUNCIONAL AO SERVIDOR VAGNER RAFAEL VAZ E D\u00c1 OUTRAS PROVID\u00caNCIAS."}, {"id": "4578", "ano": "2020", "numero": "9", "tipo__sigla": "POR", "tipo__descricao": "Portaria", "texto_integral": "http://sapl.sarandi.pr.leg.br/media/sapl/public/normajuridica/2020/4578/portaria_no009-2020_para_site.pdf", "ementa": "CONCEDE LICEN\u00c7A ESPECIAL A SERVIDORA CAMILA DE SOUZA BUENO DOS SANTOS E D\u00c1 OUTRAS PROVID\u00caNCIAS."}, {"id": "4577", "ano": "2020", "numero": "8", "tipo__sigla": "POR", "tipo__descricao": "Portaria", "texto_integral": "http://sapl.sarandi.pr.leg.br/media/sapl/public/normajuridica/2020/4577/portaria_no008-2020_para_site.pdf", "ementa": "CONCEDE ESTABILIDADE FUNCIONAL AO SERVIDOR VAGNER RAFAEL VAZ E D\u00c1 OUTRAS PROVID\u00caNCIAS."}, {"id": "4576", "ano": "2020", "numero": "2562", "tipo__sigla": "LEI", "tipo__descricao": "Lei Ordin\u00e1ria", "texto_integral": "http://sapl.sarandi.pr.leg.br/media/sapl/public/normajuridica/2020/4576/lei_no_2562-2020_para_site.pdf", "ementa": "Autoriza o Chefe do Poder Executivo Municipal a fixar piso m\u00ednimo de vencimentos dos Servidores P\u00fablicos Municipais de Sarandi e d\u00e1 outras provid\u00eancias."}, {"id": "4575", "ano": "2020", "numero": "2561", "tipo__sigla": "LEI", "tipo__descricao": "Lei Ordin\u00e1ria", "texto_integral": "http://sapl.sarandi.pr.leg.br/media/sapl/public/normajuridica/2020/4575/lei_no_2561-2020_para_site.pdf", "ementa": "Autoriza o Chefe do Poder Executivo Municipal a conceder reposi\u00e7\u00e3o salarial, na forma que especifica."}, {"id": "4574", "ano": "2020", "numero": "2560", "tipo__sigla": "LEI", "tipo__descricao": "Lei Ordin\u00e1ria", "texto_integral": "http://sapl.sarandi.pr.leg.br/media/sapl/public/normajuridica/2020/4574/lei_no_2560-2020_para_site.pdf", "ementa": "Disp\u00f5e sobre a atualiza\u00e7\u00e3o monet\u00e1ria dos subs\u00eddios dos Vereadores, na forma que especifica."}, {"id": "4573", "ano": "2020", "numero": "2559", "tipo__sigla": "LEI", "tipo__descricao": "Lei Ordin\u00e1ria", "texto_integral": "http://sapl.sarandi.pr.leg.br/media/sapl/public/normajuridica/2020/4573/lei_no_2559-2020_para_site.pdf", "ementa": "Disp\u00f5e sobre a atualiza\u00e7\u00e3o monet\u00e1ria dos subs\u00eddios do Prefeito, Vice-Prefeito e dos Secret\u00e1rios Municipais, na forma que especifica."}, {"id": "4572", "ano": "2020", "numero": "7", "tipo__sigla": "POR", "tipo__descricao": "Portaria", "texto_integral": "http://sapl.sarandi.pr.leg.br/media/sapl/public/normajuridica/2020/4572/portaria_no_007-2020_para_site.pdf", "ementa": "HOMOLOGA NA FORMA PREVISTA PELA RESOLU\u00c7\u00c3O N\u00ba 004/2019, OS MEMBROS DO CONSELHO DE \u00c9TICA PARLAMENTAR DESTA CASA DE LEIS, PARA O PER\u00cdODO DE 2020."}, {"id": "4571", "ano": "2020", "numero": "6", "tipo__sigla": "POR", "tipo__descricao": "Portaria", "texto_integral": "http://sapl.sarandi.pr.leg.br/media/sapl/public/normajuridica/2020/4571/portaria_no_006-2020_para_site.pdf", "ementa": "RETIFICA A PORTARIA N\u00ba 002/2020, QUE HOMOLOGOU OS MEMBROS DAS COMISS\u00d5ES PERMANENTES DA C\u00c2MARA, PARA 2020, EM ESPECIAL A COMISS\u00c3O DE EDUCA\u00c7\u00c3O, SA\u00daDE E ASSIST\u00caNCIA (CESA)."}, {"id": "4570", "ano": "2020", "numero": "5", "tipo__sigla": "POR", "tipo__descricao": "Portaria", "texto_integral": "http://sapl.sarandi.pr.leg.br/media/sapl/public/normajuridica/2020/4570/portaria_no_005-2020_para_site.pdf", "ementa": "CONCEDE PROGRESS\u00c3O FUNCIONAL A SERVIDORA DRA. ALINE QUEIROZ TREVISAN, MATRICULA 115, ADVOGADO."}, {"id": "4569", "ano": "2020", "numero": "4", "tipo__sigla": "POR", "tipo__descricao": "Portaria", "texto_integral": "http://sapl.sarandi.pr.leg.br/media/sapl/public/normajuridica/2020/4569/portaria_no_004-2020_para_site.pdf", "ementa": "CONCEDE PROGRESS\u00c3O FUNCIONAL A SERVIDORA EDITE NUNES DA SILVA, MATRICULA 105, AUXILIAR DE SERVI\u00c7OS GERAIS."}, {"id": "4568", "ano": "2020", "numero": "3", "tipo__sigla": "POR", "tipo__descricao": "Portaria", "texto_integral": "http://sapl.sarandi.pr.leg.br/media/sapl/public/normajuridica/2020/4568/portaria_no_003-2020_para_site.pdf", "ementa": "CONCEDE PROGRESS\u00c3O FUNCIONAL AO SERVIDOR DALVECIR APARECIDO BONORA - MATRICULA 104 - ASSISTENTE LEGISLATIVO."}, {"id": "4567", "ano": "2020", "numero": "2", "tipo__sigla": "POR", "tipo__descricao": "Portaria", "texto_integral": "http://sapl.sarandi.pr.leg.br/media/sapl/public/normajuridica/2020/4567/portaria_no002-2020_para_site.pdf", "ementa": "HOMOLOGA RESULTADO DAS ELEI\u00c7\u00d5ES DAS COMISS\u00d5ES PERMANENTES PARA 2020."}, {"id": "5932", "ano": "2020", "numero": "1303", "tipo__sigla": "DE", "tipo__descricao": "Decreto Executivo", "texto_integral": "http://sapl.sarandi.pr.leg.br/media/sapl/public/normajuridica/2020/5932/decreto_executivo_no_1303-2020.pdf", "ementa": "REGULAMENTA A LEI 2197/2015, QUE DISCIPLINA O SERVI\u00c7O DE TRANSPORTE INDIVIDUAL DE PASSAGEIROS EM AUTOM\u00d3VEIS DE ALUGUEL (T\u00c1XI) NO MUNIC\u00cdPIO DE SARANDI."}, {"id": "4566", "ano": "2020", "numero": "1", "tipo__sigla": "POR", "tipo__descricao": "Portaria", "texto_integral": "http://sapl.sarandi.pr.leg.br/media/sapl/public/normajuridica/2020/4566/portaria_no001-2020_para_site.pdf", "ementa": "DESIGNA O SERVIDOR MARLON BIF, OFICIAL LEGISLATIVO,  MATRICULA 134, CPF. N\u00ba 037.088.819-74,  PARA A FUN\u00c7\u00c3O DE GESTOR DE PRONTO PAGAMENTO - GPP."}, {"id": "5860", "ano": "2020", "numero": "1278", "tipo__sigla": "DE", "tipo__descricao": "Decreto Executivo", "texto_integral": "http://sapl.sarandi.pr.leg.br/media/sapl/public/normajuridica/2020/5860/decreto_executivo_no_1278-2020.pdf", "ementa": "FIXA O VALOR DA UNIDADE FISCAL PADR\u00c3O DE SARANDI \u2013 UFPS, PARA O EXERC\u00cdCIO DE 2020, NA FORMA QUE ESPECIFICA."}, {"id": "4563", "ano": "2019", "numero": "2558", "tipo__sigla": "LEI", "tipo__descricao": "Lei Ordin\u00e1ria", "texto_integral": "http://sapl.sarandi.pr.leg.br/media/sapl/public/normajuridica/2019/4563/lei_no_2558-2019_para_site.pdf", "ementa": "Disp\u00f5e sobre a institui\u00e7\u00e3o de T\u00edtulo de Pioneiro, na forma que especifica."}, {"id": "4562", "ano": "2019", "numero": "2557", "tipo__sigla": "LEI", "tipo__descricao": "Lei Ordin\u00e1ria", "texto_integral": "http://sapl.sarandi.pr.leg.br/media/sapl/public/normajuridica/2019/4562/lei_no_2557-2019_para_site.pdf", "ementa": "Institui o \u201cSetembro Amarelo\u201d, de preven\u00e7\u00e3o ao suic\u00eddio, em Sarandi-Paran\u00e1, e d\u00e1 outras provid\u00eancias."}, {"id": "4561", "ano": "2019", "numero": "2556", "tipo__sigla": "LEI", "tipo__descricao": "Lei Ordin\u00e1ria", "texto_integral": "http://sapl.sarandi.pr.leg.br/media/sapl/public/normajuridica/2019/4561/lei_no_2556-2019_para_site.pdf", "ementa": "Ratifica as altera\u00e7\u00f5es realizadas no Protocolo de Inten\u00e7\u00f5es do Cons\u00f3cio P\u00fablico Intermunicipal de Gest\u00e3o da AMUSEP \u2013 PROAMUSEP e d\u00e1 outras provid\u00eancias."}, {"id": "4560", "ano": "2019", "numero": "2555", "tipo__sigla": "LEI", "tipo__descricao": "Lei Ordin\u00e1ria", "texto_integral": "http://sapl.sarandi.pr.leg.br/media/sapl/public/normajuridica/2019/4560/lei_no_2555-2019_para_site.pdf", "ementa": "Disp\u00f5e sobre a abertura de Cr\u00e9dito Adicional Especial e d\u00e1 outras provid\u00eancias."}, {"id": "4559", "ano": "2019", "numero": "2554", "tipo__sigla": "LEI", "tipo__descricao": "Lei Ordin\u00e1ria", "texto_integral": "http://sapl.sarandi.pr.leg.br/media/sapl/public/normajuridica/2019/4559/lei_no_2554-2019_para_site.pdf", "ementa": "Autoriza o Poder Executivo a contratar opera\u00e7\u00e3o de cr\u00e9dito com a CAIXA ECON\u00d4MICA FEDERAL, a oferecer garantias e d\u00e1 outras provid\u00eancias."}, {"id": "4558", "ano": "2019", "numero": "377", "tipo__sigla": "LC", "tipo__descricao": "Lei Complementar", "texto_integral": "http://sapl.sarandi.pr.leg.br/media/sapl/public/normajuridica/2019/4558/lei_compl._no377-2019_para_site.pdf", "ementa": "Inclui vias urbanas no Eixo de Com\u00e9rcio e Servi\u00e7os e Eixo Industrial da Lei Complementar n\u00ba 217, de 26 setembro 2009, que trata do Parcelamento, Uso e Ocupa\u00e7\u00e3o do Solo Urbano, na forma que especifica."}, {"id": "4557", "ano": "2019", "numero": "376", "tipo__sigla": "LC", "tipo__descricao": "Lei Complementar", "texto_integral": "http://sapl.sarandi.pr.leg.br/media/sapl/public/normajuridica/2019/4557/lei_compl._no376-2019_para_site.pdf", "ementa": "Disp\u00f5e sobre o procedimento simplificado de concess\u00e3o de Alvar\u00e1s de Licen\u00e7a e Funcionamento e d\u00e1 outras provid\u00eancias."}, {"id": "4565", "ano": "2019", "numero": "8", "tipo__sigla": "RES", "tipo__descricao": "Resolu\u00e7\u00e3o", "texto_integral": "http://sapl.sarandi.pr.leg.br/media/sapl/public/normajuridica/2019/4565/resolucao_no008-2019_para_site.pdf", "ementa": "Disciplina o pagamento de despesas atrav\u00e9s do regime de atrav\u00e9s do regime de adiantamento e estabelece normas para a respectiva presta\u00e7\u00e3o de contas."}, {"id": "4564", "ano": "2019", "numero": "7", "tipo__sigla": "RES", "tipo__descricao": "Resolu\u00e7\u00e3o", "texto_integral": "http://sapl.sarandi.pr.leg.br/media/sapl/public/normajuridica/2019/4564/resolucao_no007-2019_para_site.pdf", "ementa": "Altera a Resolu\u00e7\u00e3o n\u00ba 002, de 04 de dezembro de 1992 - Regimento Interno da C\u00e2mara Municipal de Sarandi."}, {"id": "4553", "ano": "2019", "numero": "2553", "tipo__sigla": "LEI", "tipo__descricao": "Lei Ordin\u00e1ria", "texto_integral": "http://sapl.sarandi.pr.leg.br/media/sapl/public/normajuridica/2019/4553/lei_no_2553-2019_para_site.pdf", "ementa": "Disp\u00f5e sobre a abertura de Cr\u00e9dito Adicional Especial e d\u00e1 outras provid\u00eancias."}, {"id": "4552", "ano": "2019", "numero": "2552", "tipo__sigla": "LEI", "tipo__descricao": "Lei Ordin\u00e1ria", "texto_integral": "http://sapl.sarandi.pr.leg.br/media/sapl/public/normajuridica/2019/4552/lei_no_2552-2019_para_site.pdf", "ementa": "Autoriza o Munic\u00edpio de Sarandi \u2013 PR atrav\u00e9s do Chefe do Poder Executivo Municipal a outorgar PERMUTA de im\u00f3veis do Patrim\u00f4nio P\u00fablico Municipal por im\u00f3vel particular, na forma como especifica."}, {"id": "4551", "ano": "2019", "numero": "2551", "tipo__sigla": "LEI", "tipo__descricao": "Lei Ordin\u00e1ria", "texto_integral": "http://sapl.sarandi.pr.leg.br/media/sapl/public/normajuridica/2019/4551/lei_no_2551-2019_para_site.pdf", "ementa": "Disp\u00f5e sobre autoriza\u00e7\u00e3o ao Chefe do Poder Executivo Municipal, para a Concess\u00e3o de uso de bens p\u00fablicos, na forma que especifica."}, {"id": "4550", "ano": "2019", "numero": "2550", "tipo__sigla": "LEI", "tipo__descricao": "Lei Ordin\u00e1ria", "texto_integral": "http://sapl.sarandi.pr.leg.br/media/sapl/public/normajuridica/2019/4550/lei_no_2550-2019_para_site.pdf", "ementa": "Revoga a Lei Municipal n\u00ba 2.485, de 07 de junho de 2019, na forma que especifica."}, {"id": "4549", "ano": "2019", "numero": "2549", "tipo__sigla": "LEI", "tipo__descricao": "Lei Ordin\u00e1ria", "texto_integral": "http://sapl.sarandi.pr.leg.br/media/sapl/public/normajuridica/2019/4549/lei_no_2549-2019_para_site.pdf", "ementa": "Institui o Conselho Municipal do Trabalho Emprego e Renda e o respectivo Fundo Municipal do Trabalho do Munic\u00edpio de Sarandi e d\u00e1 outras provid\u00eancias."}, {"id": "4556", "ano": "2019", "numero": "375", "tipo__sigla": "LC", "tipo__descricao": "Lei Complementar", "texto_integral": "http://sapl.sarandi.pr.leg.br/media/sapl/public/normajuridica/2019/4556/lei_compl._no_375-2019_para_site.pdf", "ementa": "Disp\u00f5e sobre altera\u00e7\u00f5es na Lei Complementar n\u00ba 115, de 27 de maio de 2005, que trata da Estrutura Administrativa do Munic\u00edpio de Sarandi, na forma que especifica."}, {"id": "4555", "ano": "2019", "numero": "374", "tipo__sigla": "LC", "tipo__descricao": "Lei Complementar", "texto_integral": "http://sapl.sarandi.pr.leg.br/media/sapl/public/normajuridica/2019/4555/lei_compl._no_374-2019_para_site.pdf", "ementa": "Altera o Art. 17-G da Lei Complementar n\u00ba 216, de 26 de setembro de 2009 \u2013 C\u00f3digo de Edifica\u00e7\u00f5es do Munic\u00edpio de Sarandi, e d\u00e1 outras provid\u00eancias."}, {"id": "4554", "ano": "2019", "numero": "373", "tipo__sigla": "LC", "tipo__descricao": "Lei Complementar", "texto_integral": "http://sapl.sarandi.pr.leg.br/media/sapl/public/normajuridica/2019/4554/lei_compl._no_373-2019_para_site.pdf", "ementa": "Institui o tratamento diferenciado e favorecido a ser dispensado \u00e0s microempresas e as empresas de pequeno porte no \u00e2mbito do Munic\u00edpio, na conformidade das normas gerais previstas no Estatuto Nacional da Microempresa e da Empresa de Pequeno Porte institu\u00eddo pela Lei Complementar n\u00ba 123, de 14 de dezembro de 2006 e suas altera\u00e7\u00f5es."}, {"id": "4545", "ano": "2019", "numero": "95", "tipo__sigla": "POR", "tipo__descricao": "Portaria", "texto_integral": "http://sapl.sarandi.pr.leg.br/media/sapl/public/normajuridica/2019/4545/portaria_no_095-2019_para_site.pdf", "ementa": "CONCEDE PROGRESS\u00c3O FUNCIONAL AO SERVIDOR JO\u00c3O ROBERTO DOS SANTOS, MATRICULA 130, OCUPANTE DO CARGO DE AUXILIAR LEGISLATIVO."}, {"id": "4544", "ano": "2019", "numero": "94", "tipo__sigla": "POR", "tipo__descricao": "Portaria", "texto_integral": "http://sapl.sarandi.pr.leg.br/media/sapl/public/normajuridica/2019/4544/portaria_no_094-2019_para_site.pdf", "ementa": "CONCEDE PROGRESS\u00c3O FUNCIONAL A SERVIDORA LUZIA AZEVEDO DIAS, MATR\u00cdCULA 121, OCUPANTE DO CARGO DE OFICIAL DE SERVI\u00c7OS GERAIS."}, {"id": "4543", "ano": "2019", "numero": "93", "tipo__sigla": "POR", "tipo__descricao": "Portaria", "texto_integral": "http://sapl.sarandi.pr.leg.br/media/sapl/public/normajuridica/2019/4543/portaria_no_093-2019_para_site.pdf", "ementa": "CONCEDE PROGRESS\u00c3O FUNCIONAL AO SERVIDOR JO\u00c3O LEONARDO PINELLI MILHAN, MATRICULA 119, OCUPANTE DO CARGO DE AUXILIAR LEGISLATIVO."}, {"id": "4542", "ano": "2019", "numero": "92", "tipo__sigla": "POR", "tipo__descricao": "Portaria", "texto_integral": "http://sapl.sarandi.pr.leg.br/media/sapl/public/normajuridica/2019/4542/portaria_no_092-2019_para_site.pdf", "ementa": "CONCEDE PROGRESS\u00c3O FUNCIONAL AO SERVIDOR DHYMISON DA SILVA RAMOS,  MATRICULA 118, OCUPANTE DO CARGO DE OFICIAL DE MANUTEN\u00c7\u00c3O."}, {"id": "4541", "ano": "2019", "numero": "91", "tipo__sigla": "POR", "tipo__descricao": "Portaria", "texto_integral": "http://sapl.sarandi.pr.leg.br/media/sapl/public/normajuridica/2019/4541/portaria_no_091-2019_para_site.pdf", "ementa": "CONCEDE PROGRESS\u00c3O FUNCIONAL A SERVIDORA D\u00c9BORA APARECIDA DE SOUZA, MATRICULA 117, OCUPANTE DO CARGO DE OFICIAL DE SERVI\u00c7OS GERAIS."}, {"id": "4548", "ano": "2019", "numero": "6", "tipo__sigla": "RES", "tipo__descricao": "Resolu\u00e7\u00e3o", "texto_integral": "http://sapl.sarandi.pr.leg.br/media/sapl/public/normajuridica/2019/4548/resolucao_no_006-2019_para_site.pdf", "ementa": "Cria a Ouvidoria da C\u00e2mara Municipal de Sarandi - Estado do Paran\u00e1."}, {"id": "4547", "ano": "2019", "numero": "5", "tipo__sigla": "RES", "tipo__descricao": "Resolu\u00e7\u00e3o", "texto_integral": "http://sapl.sarandi.pr.leg.br/media/sapl/public/normajuridica/2019/4547/resolucao_no_005-2019_para_site.pdf", "ementa": "Disp\u00f5e sobre a cria\u00e7\u00e3o do Programa Vereador Mirim na  C\u00e2mara Municipal de Sarandi-  Estado do Paran\u00e1."}, {"id": "4546", "ano": "2019", "numero": "4", "tipo__sigla": "RES", "tipo__descricao": "Resolu\u00e7\u00e3o", "texto_integral": "http://sapl.sarandi.pr.leg.br/media/sapl/public/normajuridica/2019/4546/resolucao_no_004-2019_-_para_site.pdf", "ementa": "Institui o C\u00f3digo de \u00c9tica e Decoro Parlamentar da C\u00e2mara Municipal de Sarandi, Estado do Paran\u00e1."}, {"id": "4540", "ano": "2019", "numero": "2548", "tipo__sigla": "LEI", "tipo__descricao": "Lei Ordin\u00e1ria", "texto_integral": "http://sapl.sarandi.pr.leg.br/media/sapl/public/normajuridica/2019/4540/lei_no2548-2019_para_site.pdf", "ementa": "Institu\u00ed no Munic\u00edpio de Sarandi o evento denominado \u201cEncontro de Ve\u00edculos Antigos\u201d e d\u00e1 outras provid\u00eancias."}, {"id": "4539", "ano": "2019", "numero": "2547", "tipo__sigla": "LEI", "tipo__descricao": "Lei Ordin\u00e1ria", "texto_integral": "http://sapl.sarandi.pr.leg.br/media/sapl/public/normajuridica/2019/4539/lei_no_2547-2019_para_site.pdf", "ementa": "Autoriza o Munic\u00edpio de Sarandi a receber bem im\u00f3vel em doa\u00e7\u00e3o, na forma que especifica."}, {"id": "4538", "ano": "2019", "numero": "2546", "tipo__sigla": "LEI", "tipo__descricao": "Lei Ordin\u00e1ria", "texto_integral": "http://sapl.sarandi.pr.leg.br/media/sapl/public/normajuridica/2019/4538/lei_no_2546-2019_para_site.pdf", "ementa": "D\u00e1 denomina\u00e7\u00e3o a Rua 10, situada no Jardim Novo Bertioga, na forma que especifica."}, {"id": "4537", "ano": "2019", "numero": "2545", "tipo__sigla": "LEI", "tipo__descricao": "Lei Ordin\u00e1ria", "texto_integral": "http://sapl.sarandi.pr.leg.br/media/sapl/public/normajuridica/2019/4537/lei_no_2545-2019_para_site.pdf", "ementa": "D\u00e1 denomina\u00e7\u00e3o a Rua 09, situada no Jardim Novo Bertioga, na forma que especifica."}, {"id": "4536", "ano": "2019", "numero": "2544", "tipo__sigla": "LEI", "tipo__descricao": "Lei Ordin\u00e1ria", "texto_integral": "http://sapl.sarandi.pr.leg.br/media/sapl/public/normajuridica/2019/4536/lei_no_2544-2019_para_site.pdf", "ementa": "D\u00e1 denomina\u00e7\u00e3o a Rua Projetada N, situada no Jardim Ouro Verde III, na forma que especifica."}, {"id": "4535", "ano": "2019", "numero": "2543", "tipo__sigla": "LEI", "tipo__descricao": "Lei Ordin\u00e1ria", "texto_integral": "http://sapl.sarandi.pr.leg.br/media/sapl/public/normajuridica/2019/4535/lei_no_2543-2019_para_site.pdf", "ementa": "Concede T\u00edtulo de Utilidade P\u00fablica a AMPEC \u2013 Sarandi, Associa\u00e7\u00e3o das Micro e Pequenas Empresas e Empreendedores Individuais de Sarandi e Regi\u00e3o."}, {"id": "4534", "ano": "2019", "numero": "2542", "tipo__sigla": "LEI", "tipo__descricao": "Lei Ordin\u00e1ria", "texto_integral": "http://sapl.sarandi.pr.leg.br/media/sapl/public/normajuridica/2019/4534/lei_no_2542-2019_para_site.pdf", "ementa": "D\u00e1 denomina\u00e7\u00e3o as Rua Projetada M, situada no Jardim Ouro Verde III, na forma que especifica."}, {"id": "4533", "ano": "2019", "numero": "2541", "tipo__sigla": "LEI", "tipo__descricao": "Lei Ordin\u00e1ria", "texto_integral": "http://sapl.sarandi.pr.leg.br/media/sapl/public/normajuridica/2019/4533/lei_no_2541-2019_para_site.pdf", "ementa": "D\u00e1 denomina\u00e7\u00e3o a Rua 06, situada no Jardim Novo Bertioga, na forma que especifica."}, {"id": "4532", "ano": "2019", "numero": "2540", "tipo__sigla": "LEI", "tipo__descricao": "Lei Ordin\u00e1ria", "texto_integral": "http://sapl.sarandi.pr.leg.br/media/sapl/public/normajuridica/2019/4532/lei_no_2540-2019_para_site.pdf", "ementa": "D\u00e1 denomina\u00e7\u00e3o a Avenida Projetada 2, situada no Jardim Maring\u00e1, na forma que especifica."}, {"id": "4531", "ano": "2019", "numero": "2539", "tipo__sigla": "LEI", "tipo__descricao": "Lei Ordin\u00e1ria", "texto_integral": "http://sapl.sarandi.pr.leg.br/media/sapl/public/normajuridica/2019/4531/lei_no_2539-2019_para_site.pdf", "ementa": "D\u00e1 denomina\u00e7\u00e3o a Avenida Projetada 1, situada no Jardim Maring\u00e1, na forma que especifica."}, {"id": "4530", "ano": "2019", "numero": "2538", "tipo__sigla": "LEI", "tipo__descricao": "Lei Ordin\u00e1ria", "texto_integral": "http://sapl.sarandi.pr.leg.br/media/sapl/public/normajuridica/2019/4530/lei_no2538-2019_para_site.pdf", "ementa": "Disp\u00f5e sobre a Abertura de Cr\u00e9dito Adicional Especial e d\u00e1 outras provid\u00eancias."}, {"id": "4529", "ano": "2019", "numero": "2537", "tipo__sigla": "LEI", "tipo__descricao": "Lei Ordin\u00e1ria", "texto_integral": "http://sapl.sarandi.pr.leg.br/media/sapl/public/normajuridica/2019/4529/lei_no2537-2019_para_site.pdf", "ementa": "Estima a Receita e fixa a Despesa do Munic\u00edpio de Sarandi para o exerc\u00edcio de 2020, na forma que especifica."}, {"id": "4528", "ano": "2019", "numero": "2536", "tipo__sigla": "LEI", "tipo__descricao": "Lei Ordin\u00e1ria", "texto_integral": "http://sapl.sarandi.pr.leg.br/media/sapl/public/normajuridica/2019/4528/lei_no2536-2019_para_site.pdf", "ementa": "Disp\u00f5e sobre a altera\u00e7\u00e3o do Anexo de Metas e Prioridades e Anexos de Metas Fiscais da Lei de Diretrizes Or\u00e7ament\u00e1rias \u2013 LDO, do exerc\u00edcio de 2020, na forma que especifica."}, {"id": "4527", "ano": "2019", "numero": "2535", "tipo__sigla": "LEI", "tipo__descricao": "Lei Ordin\u00e1ria", "texto_integral": "http://sapl.sarandi.pr.leg.br/media/sapl/public/normajuridica/2019/4527/lei_no2535-2019_para_site.pdf", "ementa": "Disp\u00f5e sobre a altera\u00e7\u00e3o dos Anexos do PPA \u2013 Plano Plurianual do Munic\u00edpio de Sarandi do quadri\u00eanio 2018 a 2021, na forma que especifica."}, {"id": "4524", "ano": "2019", "numero": "2534", "tipo__sigla": "LEI", "tipo__descricao": "Lei Ordin\u00e1ria", "texto_integral": "http://sapl.sarandi.pr.leg.br/media/sapl/public/normajuridica/2019/4524/lei_no_2534-2019_para_site.pdf", "ementa": "Da denomina\u00e7\u00e3o a Rua 39, situada no Jardins Nova Independ\u00eancia 1\u00aa Parte, Aurora, Aurora II e Aurora III, na forma que especifica."}, {"id": "4523", "ano": "2019", "numero": "2533", "tipo__sigla": "LEI", "tipo__descricao": "Lei Ordin\u00e1ria", "texto_integral": "http://sapl.sarandi.pr.leg.br/media/sapl/public/normajuridica/2019/4523/lei_no_2533-2019_para_site.pdf", "ementa": "Concede T\u00edtulo de Utilidade P\u00fablica a Associa\u00e7\u00e3o de Alunos, Pais, Mestres e Funcion\u00e1rios do CEEBJA."}, {"id": "4522", "ano": "2019", "numero": "2532", "tipo__sigla": "LEI", "tipo__descricao": "Lei Ordin\u00e1ria", "texto_integral": "http://sapl.sarandi.pr.leg.br/media/sapl/public/normajuridica/2019/4522/lei_no_2532-2019_para_site.pdf", "ementa": "D\u00e1 denomina\u00e7\u00e3o a Avenida 9314, situada no Loteamento Ecovalley, na forma que especifica."}, {"id": "4521", "ano": "2019", "numero": "2531", "tipo__sigla": "LEI", "tipo__descricao": "Lei Ordin\u00e1ria", "texto_integral": "http://sapl.sarandi.pr.leg.br/media/sapl/public/normajuridica/2019/4521/lei_no_2531-2019_para_site.pdf", "ementa": "D\u00e1 denomina\u00e7\u00e3o a Rua Projetada J, situada no Jardim Ouro Verde III, na forma que especifica."}, {"id": "4520", "ano": "2019", "numero": "2530", "tipo__sigla": "LEI", "tipo__descricao": "Lei Ordin\u00e1ria", "texto_integral": "http://sapl.sarandi.pr.leg.br/media/sapl/public/normajuridica/2019/4520/lei_no_2530-2019_para_site.pdf", "ementa": "D\u00e1 denomina\u00e7\u00e3o a Rua Projetada L, situada no Jardim Ouro Verde III, na forma que especifica."}, {"id": "4519", "ano": "2019", "numero": "2529", "tipo__sigla": "LEI", "tipo__descricao": "Lei Ordin\u00e1ria", "texto_integral": "http://sapl.sarandi.pr.leg.br/media/sapl/public/normajuridica/2019/4519/lei_no_2529-2019_para_site.pdf", "ementa": "D\u00e1 denomina\u00e7\u00e3o a Rua Projetada K, situada no Jardim Ouro Verde III, na forma que especifica."}, {"id": "4518", "ano": "2019", "numero": "2528", "tipo__sigla": "LEI", "tipo__descricao": "Lei Ordin\u00e1ria", "texto_integral": "http://sapl.sarandi.pr.leg.br/media/sapl/public/normajuridica/2019/4518/lei_no_2528-2019_para_site.pdf", "ementa": "D\u00e1 denomina\u00e7\u00e3o a Rua Projetada I, situada no Jardim Ouro Verde III, na forma que especifica."}, {"id": "4517", "ano": "2019", "numero": "2527", "tipo__sigla": "LEI", "tipo__descricao": "Lei Ordin\u00e1ria", "texto_integral": "http://sapl.sarandi.pr.leg.br/media/sapl/public/normajuridica/2019/4517/lei_no_2527-2019_para_site.pdf", "ementa": "D\u00e1 denomina\u00e7\u00e3o as Ruas Projetada K e Projetada Q, situadas nos Jardins S\u00e3o Paulo e S\u00e3o Paulo II, respectivamente, na forma que especifica."}, {"id": "4516", "ano": "2019", "numero": "2526", "tipo__sigla": "LEI", "tipo__descricao": "Lei Ordin\u00e1ria", "texto_integral": "http://sapl.sarandi.pr.leg.br/media/sapl/public/normajuridica/2019/4516/lei_no_2526-2019_para_site.pdf", "ementa": "D\u00e1 denomina\u00e7\u00e3o as Ruas Projetada J e Projetada P, situadas nos Jardins S\u00e3o Paulo e S\u00e3o Paulo II, respectivamente, na forma que especifica."}, {"id": "4515", "ano": "2019", "numero": "2525", "tipo__sigla": "LEI", "tipo__descricao": "Lei Ordin\u00e1ria", "texto_integral": "http://sapl.sarandi.pr.leg.br/media/sapl/public/normajuridica/2019/4515/lei_no_2525-2019_para_site.pdf", "ementa": "D\u00e1 denomina\u00e7\u00e3o a Rua 1001, situada no Jardim Leblon, na forma que especifica."}, {"id": "4514", "ano": "2019", "numero": "2524", "tipo__sigla": "LEI", "tipo__descricao": "Lei Ordin\u00e1ria", "texto_integral": "http://sapl.sarandi.pr.leg.br/media/sapl/public/normajuridica/2019/4514/lei_no_2524-2019_para_site.pdf", "ementa": "D\u00e1 denomina\u00e7\u00e3o a Rua 1002, situada no Jardim Leblon, na forma que especifica."}, {"id": "4513", "ano": "2019", "numero": "2523", "tipo__sigla": "LEI", "tipo__descricao": "Lei Ordin\u00e1ria", "texto_integral": "http://sapl.sarandi.pr.leg.br/media/sapl/public/normajuridica/2019/4513/lei_no_2523-2019_para_site.pdf", "ementa": "D\u00e1 denomina\u00e7\u00e3o a Avenida Projetada 3, situada no Jardim Maring\u00e1, na forma que especifica."}, {"id": "4512", "ano": "2019", "numero": "2522", "tipo__sigla": "LEI", "tipo__descricao": "Lei Ordin\u00e1ria", "texto_integral": "http://sapl.sarandi.pr.leg.br/media/sapl/public/normajuridica/2019/4512/lei_no_2522-2019_para_site.pdf", "ementa": "D\u00e1 denomina\u00e7\u00e3o a Avenida 9301, situada no Loteamento Ecovalley, na forma que especifica."}, {"id": "4525", "ano": "2019", "numero": "372", "tipo__sigla": "LC", "tipo__descricao": "Lei Complementar", "texto_integral": "http://sapl.sarandi.pr.leg.br/media/sapl/public/normajuridica/2019/4525/lei_compl._no_372-2019_para_site.pdf", "ementa": "Altera dispositivo da Lei Complementar n\u00ba 10, de 27 de dezembro de 1992, na forma que especifica."}, {"id": "4511", "ano": "2019", "numero": "2521", "tipo__sigla": "LEI", "tipo__descricao": "Lei Ordin\u00e1ria", "texto_integral": "http://sapl.sarandi.pr.leg.br/media/sapl/public/normajuridica/2019/4511/lei_no2521-2019_para_site.pdf", "ementa": "Revoga a Lei N\u00ba 2.470, de 07 de fevereiro de 2019, que trata sobre a concess\u00e3o de di\u00e1rias a vereadores e servidores do Poder Legislativo de Sarandi e d\u00e1 outras disposi\u00e7\u00f5es."}, {"id": "4510", "ano": "2019", "numero": "2520", "tipo__sigla": "LEI", "tipo__descricao": "Lei Ordin\u00e1ria", "texto_integral": "http://sapl.sarandi.pr.leg.br/media/sapl/public/normajuridica/2019/4510/lei_no2520-2019_para_site.pdf", "ementa": "Autoriza o Poder Executivo a contratar opera\u00e7\u00e3o de cr\u00e9dito com a CAIXA ECON\u00d4MICA FEDERAL, a oferecer garantias e d\u00e1 outras provid\u00eancias."}, {"id": "4488", "ano": "2019", "numero": "90", "tipo__sigla": "POR", "tipo__descricao": "Portaria", "texto_integral": "http://sapl.sarandi.pr.leg.br/media/sapl/public/normajuridica/2019/4488/portaria_no090-2019_para_site.pdf", "ementa": "CONCEDE PROGRESS\u00c3O FUNCIONAL POR DESEMPENHO A SERVIDOR LUCAS ATALIBA RANTIN DE CARVALHO E D\u00c1 OUTRAS PROVID\u00caNCIAS."}, {"id": "4487", "ano": "2019", "numero": "89", "tipo__sigla": "POR", "tipo__descricao": "Portaria", "texto_integral": "http://sapl.sarandi.pr.leg.br/media/sapl/public/normajuridica/2019/4487/portaria_no089-2019_para_site.pdf", "ementa": "CONCEDE PROGRESS\u00c3O FUNCIONAL POR DESEMPENHO A SERVIDORA SANDRA DA MATA CLEMENTE DUARTE E D\u00c1 OUTRAS PROVID\u00caNCIAS."}, {"id": "4485", "ano": "2019", "numero": "1", "tipo__sigla": "ATM", "tipo__descricao": "Ato da Mesa", "texto_integral": "http://sapl.sarandi.pr.leg.br/media/sapl/public/normajuridica/2019/4485/ato_da_mesa_no_001-2019_para_site.pdf", "ementa": "Transfere a 34\u00aa Sess\u00e3o Ordin\u00e1ria do dia 15/10/2019 para o dia 16/10/2019, em virtude do feriado de anivers\u00e1rio de Sarandi."}, {"id": "4505", "ano": "2019", "numero": "2519", "tipo__sigla": "LEI", "tipo__descricao": "Lei Ordin\u00e1ria", "texto_integral": "http://sapl.sarandi.pr.leg.br/media/sapl/public/normajuridica/2019/4505/lei_no_2519-2019_para_site.pdf", "ementa": "D\u00e1 denomina\u00e7\u00e3o a Rua Projetada H, situada no Jardim Ouro Verde III,  na forma que especifica."}, {"id": "4504", "ano": "2019", "numero": "2518", "tipo__sigla": "LEI", "tipo__descricao": "Lei Ordin\u00e1ria", "texto_integral": "http://sapl.sarandi.pr.leg.br/media/sapl/public/normajuridica/2019/4504/lei_no_2518-2019_para_site.pdf", "ementa": "D\u00e1 denomina\u00e7\u00e3o a Rua Projetada G, situada no Jardim Ouro Verde III,  na forma que especifica."}, {"id": "4503", "ano": "2019", "numero": "2517", "tipo__sigla": "LEI", "tipo__descricao": "Lei Ordin\u00e1ria", "texto_integral": "http://sapl.sarandi.pr.leg.br/media/sapl/public/normajuridica/2019/4503/lei_no_2517-2019_para_site.pdf", "ementa": "D\u00e1 denomina\u00e7\u00e3o a Rua Projetada F, situada no Jardim Ouro Verde III,  na forma que especifica."}, {"id": "4502", "ano": "2019", "numero": "2516", "tipo__sigla": "LEI", "tipo__descricao": "Lei Ordin\u00e1ria", "texto_integral": "http://sapl.sarandi.pr.leg.br/media/sapl/public/normajuridica/2019/4502/lei_no_2516-2019_para_site.pdf", "ementa": "D\u00e1 denomina\u00e7\u00e3o a Rua Projetada E, situada no Jardim S\u00e3o Paulo,  na forma que especifica."}, {"id": "4501", "ano": "2019", "numero": "2515", "tipo__sigla": "LEI", "tipo__descricao": "Lei Ordin\u00e1ria", "texto_integral": "http://sapl.sarandi.pr.leg.br/media/sapl/public/normajuridica/2019/4501/lei_no_2515-2019_para_site.pdf", "ementa": "D\u00e1 denomina\u00e7\u00e3o a Rua Projetada K, situada no Jardim Yp\u00eas,  na forma que especifica."}, {"id": "4500", "ano": "2019", "numero": "2514", "tipo__sigla": "LEI", "tipo__descricao": "Lei Ordin\u00e1ria", "texto_integral": "http://sapl.sarandi.pr.leg.br/media/sapl/public/normajuridica/2019/4500/lei_no_2514-2019_para_site.pdf", "ementa": "D\u00e1 denomina\u00e7\u00e3o a Rua Projetada L, situada no Jardim Yp\u00eas,  na forma que especifica."}, {"id": "4499", "ano": "2019", "numero": "2513", "tipo__sigla": "LEI", "tipo__descricao": "Lei Ordin\u00e1ria", "texto_integral": "http://sapl.sarandi.pr.leg.br/media/sapl/public/normajuridica/2019/4499/lei_no_2513-2019_para_site.pdf", "ementa": "D\u00e1 denomina\u00e7\u00e3o a Rua Projetada D, situada no Jardim Ouro Verde III, na forma que especifica."}, {"id": "4498", "ano": "2019", "numero": "2512", "tipo__sigla": "LEI", "tipo__descricao": "Lei Ordin\u00e1ria", "texto_integral": "http://sapl.sarandi.pr.leg.br/media/sapl/public/normajuridica/2019/4498/lei_no_2512-2019_para_site.pdf", "ementa": "D\u00e1 denomina\u00e7\u00e3o a Rua 101, situada no Residencial S\u00e3o Jos\u00e9 III, na forma que especifica."}, {"id": "4497", "ano": "2019", "numero": "2511", "tipo__sigla": "LEI", "tipo__descricao": "Lei Ordin\u00e1ria", "texto_integral": "http://sapl.sarandi.pr.leg.br/media/sapl/public/normajuridica/2019/4497/lei_no_2511-2019_para_site.pdf", "ementa": "Revoga a Lei Municipal n\u00ba 2.301, de 13 de dezembro de 2016, na forma que especifica."}, {"id": "4496", "ano": "2019", "numero": "2510", "tipo__sigla": "LEI", "tipo__descricao": "Lei Ordin\u00e1ria", "texto_integral": "http://sapl.sarandi.pr.leg.br/media/sapl/public/normajuridica/2019/4496/lei_no_2510-2019_para_site.pdf", "ementa": "Autoriza a doa\u00e7\u00e3o de im\u00f3vel urbano ao Estado do Paran\u00e1, na forma que especifica."}, {"id": "4495", "ano": "2019", "numero": "2509", "tipo__sigla": "LEI", "tipo__descricao": "Lei Ordin\u00e1ria", "texto_integral": "http://sapl.sarandi.pr.leg.br/media/sapl/public/normajuridica/2019/4495/lei_no2509-2019_para_site.pdf", "ementa": "Disp\u00f5e sobre a cria\u00e7\u00e3o do Conselho Municipal de Seguran\u00e7a Alimentar e Nutricional de Sarandi \u2013 COMSEA-SDI."}, {"id": "4494", "ano": "2019", "numero": "2508", "tipo__sigla": "LEI", "tipo__descricao": "Lei Ordin\u00e1ria", "texto_integral": "http://sapl.sarandi.pr.leg.br/media/sapl/public/normajuridica/2019/4494/lei_no_2508-2019_para_site.pdf", "ementa": "D\u00e1 denomina\u00e7\u00e3o a Rua 37, situada nos Jardins Nova Independ\u00eancia 1\u00aa Parte, Aurora, Aurora II e Aurora III, na forma que especifica."}, {"id": "4493", "ano": "2019", "numero": "2507", "tipo__sigla": "LEI", "tipo__descricao": "Lei Ordin\u00e1ria", "texto_integral": "http://sapl.sarandi.pr.leg.br/media/sapl/public/normajuridica/2019/4493/lei_no_2507-2019_para_site.pdf", "ementa": "D\u00e1 denomina\u00e7\u00e3o a Rua 38, situada nos Jardins Nova Independ\u00eancia 1\u00aa Parte, Aurora, Aurora II e Aurora III, na forma que especifica."}, {"id": "4492", "ano": "2019", "numero": "2506", "tipo__sigla": "LEI", "tipo__descricao": "Lei Ordin\u00e1ria", "texto_integral": "http://sapl.sarandi.pr.leg.br/media/sapl/public/normajuridica/2019/4492/lei_no_2506-2019_para_site.pdf", "ementa": "D\u00e1 denomina\u00e7\u00e3o a Rua Projetada C, situada no Jardim Ouro Verde III, na forma que especifica."}, {"id": "4491", "ano": "2019", "numero": "2505", "tipo__sigla": "LEI", "tipo__descricao": "Lei Ordin\u00e1ria", "texto_integral": "http://sapl.sarandi.pr.leg.br/media/sapl/public/normajuridica/2019/4491/lei_no_2505-2019_para_site.pdf", "ementa": "Concede T\u00edtulo de Utilidade P\u00fablica a Sociedade Protetora dos Animais de Sarandi."}, {"id": "4490", "ano": "2019", "numero": "2504", "tipo__sigla": "LEI", "tipo__descricao": "Lei Ordin\u00e1ria", "texto_integral": "http://sapl.sarandi.pr.leg.br/media/sapl/public/normajuridica/2019/4490/lei_no_2504-2019_para_site.pdf", "ementa": "Disp\u00f5e sobre a denomina\u00e7\u00e3o da UBS do Jardim Monterey, neste Munic\u00edpio."}, {"id": "4489", "ano": "2019", "numero": "2503", "tipo__sigla": "LEI", "tipo__descricao": "Lei Ordin\u00e1ria", "texto_integral": "http://sapl.sarandi.pr.leg.br/media/sapl/public/normajuridica/2019/4489/lei_no_2503-2019_para_site.pdf", "ementa": "Disp\u00f5e sobre a altera\u00e7\u00e3o da Lei n\u00ba 2.349/2017, na forma que especifica."}, {"id": "4486", "ano": "2019", "numero": "88", "tipo__sigla": "POR", "tipo__descricao": "Portaria", "texto_integral": "http://sapl.sarandi.pr.leg.br/media/sapl/public/normajuridica/2019/4486/portaria_no088-2019_para_site.pdf", "ementa": "CONCEDE PROGRESS\u00c3O FUNCIONAL POR DESEMPENHO A SERVIDORA CAMILA DE SOUZA BUENO DOS SANTOS E D\u00c1 OUTRAS PROVID\u00caNCIAS."}, {"id": "4483", "ano": "2019", "numero": "87", "tipo__sigla": "POR", "tipo__descricao": "Portaria", "texto_integral": "http://sapl.sarandi.pr.leg.br/media/sapl/public/normajuridica/2019/4483/portaria_no087-2019_para_site.pdf", "ementa": "NOMEIA A SENHORITA ROBERTA DE MOURA LIMA, INSCRITA NA OAB/PR N\u00ba 65382, PARA O CARGO DE PROCURADORA JUR\u00cdDICA, SIMBOLO PJ, EM SUBSTITUI\u00c7\u00c3O A SERVIDORA AFASTADA KEITTY ALVES PEREIRA."}, {"id": "4482", "ano": "2019", "numero": "86", "tipo__sigla": "POR", "tipo__descricao": "Portaria", "texto_integral": "http://sapl.sarandi.pr.leg.br/media/sapl/public/normajuridica/2019/4482/portaria_no086-2019_para_site.pdf", "ementa": "NOMEIA OS SERVIDORES JO\u00c3O LEONARDO PINELLI MILHAN - MATRICULA 119 e MARLON BIF - MATRICULA 134 PARA A DIVIS\u00c3O DE COMPRAS E LICITA\u00c7\u00d5ES (DCL)."}, {"id": "4480", "ano": "2019", "numero": "84", "tipo__sigla": "POR", "tipo__descricao": "Portaria", "texto_integral": "http://sapl.sarandi.pr.leg.br/media/sapl/public/normajuridica/2019/4480/portaria_no084-2019_para_site.pdf", "ementa": "CONCEDE LICEN\u00c7A MATERNIDADE E ALEITAMENTO A SERVIDORA COMISSIONADA KEITTY ALVES PEREIRA, MATRICULA N\u00ba 296, PELO PER\u00cdODO DE 05/09/2019 \u00c0 03/03/2020."}, {"id": "4479", "ano": "2019", "numero": "83", "tipo__sigla": "POR", "tipo__descricao": "Portaria", "texto_integral": "http://sapl.sarandi.pr.leg.br/media/sapl/public/normajuridica/2019/4479/portaria_no083-2019_para_site.pdf", "ementa": "CONCEDE LICEN\u00c7A MATERNIDADE E ALEITAMENTO A SERVIDORA EFETIVA CAMILA DE SOUZA BUENO DOS SANTOS, MATRICULA N\u00ba 114, PELO PER\u00cdODO DE 11/06/2019 \u00c0 07/12/2019."}, {"id": "4478", "ano": "2019", "numero": "82", "tipo__sigla": "POR", "tipo__descricao": "Portaria", "texto_integral": "http://sapl.sarandi.pr.leg.br/media/sapl/public/normajuridica/2019/4478/portaria_no082-2019_para_site.pdf", "ementa": "CONCEDE LICEN\u00c7A MATERNIDADE E ALEITAMENTO A SERVIDORA COMISSIONADA ELIANE DA SILVA DOS SANTOS, MATRICULA N\u00ba 1026, PELO PER\u00cdODO DE 20/04/2019 \u00c0 16/10/2019."}, {"id": "4477", "ano": "2019", "numero": "4", "tipo__sigla": "EDA", "tipo__descricao": "Edital - Audi\u00eancia", "texto_integral": "http://sapl.sarandi.pr.leg.br/media/sapl/public/normajuridica/2019/4477/edital_no_004-2019_para_site.pdf", "ementa": "CONVOCA AUDI\u00caNCIA P\u00daBLICA PARA DISCUSS\u00c3O DE PROJETOS DE LEIS OR\u00c7AMENT\u00c1RIOS PARA 2020, DIA 04/10/2019 \u00c0S 17:00 HORAS, NESTA CASA DE LEIS."}, {"id": "4476", "ano": "2019", "numero": "81", "tipo__sigla": "POR", "tipo__descricao": "Portaria", "texto_integral": "http://sapl.sarandi.pr.leg.br/media/sapl/public/normajuridica/2019/4476/portaria_no_081-2019_para_site.pdf", "ementa": "CONCEDE LICEN\u00c7A MATERNIDADE E POSTERIOR  LICEN\u00c7A ALEITAMENTO A SERVIDORA KEITTY ALVES PEREIRA - MATRICULA N\u00ba 296."}, {"id": "4475", "ano": "2019", "numero": "80", "tipo__sigla": "POR", "tipo__descricao": "Portaria", "texto_integral": "http://sapl.sarandi.pr.leg.br/media/sapl/public/normajuridica/2019/4475/portaria_no_080-2019_para_site.pdf", "ementa": "CONCEDE LICEN\u00c7A MATERNIDADE E POSTERIOR LICEN\u00c7A ALEITAMENTO A SERVIDORA CAMILA DE SOUZA BUENO DOS SANTOS - MATRICULA 114."}, {"id": "4474", "ano": "2019", "numero": "79", "tipo__sigla": "POR", "tipo__descricao": "Portaria", "texto_integral": "http://sapl.sarandi.pr.leg.br/media/sapl/public/normajuridica/2019/4474/portaria_no_079-2019_para_site.pdf", "ementa": "CONCEDE LICEN\u00c7A MATERNIDADE E POSTERIOR LICEN\u00c7A ALEITAMENTO A SERVIDORA ELIANE DA SILVA DOS SANTOS,  MATRICULA N\u00ba 1026."}, {"id": "4472", "ano": "2019", "numero": "3", "tipo__sigla": "EDA", "tipo__descricao": "Edital - Audi\u00eancia", "texto_integral": "http://sapl.sarandi.pr.leg.br/media/sapl/public/normajuridica/2019/4472/edital_no_003-2019_para_site.pdf", "ementa": "AUDI\u00caNCIA P\u00daBLICA PARA APRESENTA\u00c7\u00c3O, DIVULGA\u00c7\u00c3O E DISCUSS\u00c3O SOBRE O PROJETO DE LEI N\u00ba 2745/2018, DE AUTORIA DO PODER EXECUTIVO MUNICIPAL, O DISCIPLINA O PAR\u00c1GRAFO 19 DO ART. 85 DA LEI FEDERAL N\u00ba 13.105/2015, NO \u00c2MBITO DO MUNIC\u00cdPIO DE SARANDI \"HONOR\u00c1RIOS ADVOCAT\u00cdCIOS DE SUCUMB\u00caNCIA\". DIA 01/10/2019 - \u00c0S 19:00 HORAS - C\u00c2MARA MUNICIPAL DE SARANDI."}, {"id": "4471", "ano": "2019", "numero": "2", "tipo__sigla": "EDA", "tipo__descricao": "Edital - Audi\u00eancia", "texto_integral": "http://sapl.sarandi.pr.leg.br/media/sapl/public/normajuridica/2019/4471/edital_no_002-2019_para_site.pdf", "ementa": "AUDI\u00caNCIA P\u00daBLICA DE DEMONSTRATIVO DE METAS FISCAIS  DO 2\u00ba QUADRIMESTRE DE 2019, DOS MESES DE MAIO \u00c0 AGOSTO DE 2019."}, {"id": "4467", "ano": "2019", "numero": "78", "tipo__sigla": "POR", "tipo__descricao": "Portaria", "texto_integral": "http://sapl.sarandi.pr.leg.br/media/sapl/public/normajuridica/2019/4467/portaria_no_078-2019_para_site.pdf", "ementa": "DESIGNA SERVIDORES PARA A REALIZA\u00c7\u00c3O DE ESTUDOS E PROPOR PROJETOS DE CAPACITA\u00c7\u00c3O E APERFEI\u00c7OAMENTO CONT\u00cdNUO DE SERVIDORES DA C\u00c2MARA MUNICIPAL DE SARANDI."}, {"id": "4466", "ano": "2019", "numero": "77", "tipo__sigla": "POR", "tipo__descricao": "Portaria", "texto_integral": "http://sapl.sarandi.pr.leg.br/media/sapl/public/normajuridica/2019/4466/portaria_no_077-2019_para_site.pdf", "ementa": "NOMEIA PREGOEIRO E A EQUIPE DE APOIO DA C\u00c2MARA MUNICIPAL DE SARANDI."}, {"id": "4481", "ano": "2019", "numero": "85", "tipo__sigla": "POR", "tipo__descricao": "Portaria", "texto_integral": "http://sapl.sarandi.pr.leg.br/media/sapl/public/normajuridica/2019/4481/portaria_no085-2019_para_site.pdf", "ementa": "NOMEIA OS SERVIDORES JO\u00c3O LEONARDO PINELLI MILHAN - MATRICULA 119  e MARLON BIF - MATRICULA 134 PARA A DIVIS\u00c3O DE COMPRAS E LICITA\u00c7\u00d5ES (DCL)."}, {"id": "4461", "ano": "2019", "numero": "1152", "tipo__sigla": "DE", "tipo__descricao": "Decreto Executivo", "texto_integral": "http://sapl.sarandi.pr.leg.br/media/sapl/public/normajuridica/2019/4461/decreto_executivo_no_1152-2019.pdf", "ementa": "REGULAMENTA A LEI N\u00ba 2427/2018, DE 11/07/2018, QUE DISP\u00d5E SOBRE A INSTALA\u00c7\u00c3O E O USO DE EXTENS\u00c3O TEMPOR\u00c1RIA DO PASSEIO P\u00daBLICO, DENOMINADA \u201cPARKLET\u201d."}, {"id": "4460", "ano": "2019", "numero": "1", "tipo__sigla": "DL", "tipo__descricao": "Decreto Legislativo", "texto_integral": "http://sapl.sarandi.pr.leg.br/media/sapl/public/normajuridica/2019/4460/decreto_legislativo_no_001-2019_para_o_site.pdf", "ementa": "Aprova as Contas do Munic\u00edpio de Sarandi, relativas a Exerc\u00edcio Financeiro de 2013."}, {"id": "4459", "ano": "2019", "numero": "2502", "tipo__sigla": "LEI", "tipo__descricao": "Lei Ordin\u00e1ria", "texto_integral": "http://sapl.sarandi.pr.leg.br/media/sapl/public/normajuridica/2019/4459/lei_no_2502-2019_para_site.pdf", "ementa": "Autoriza o Poder Executivo Municipal a efetuar a cobran\u00e7a de contribui\u00e7\u00e3o de melhoria em decorr\u00eancia de execu\u00e7\u00e3o de pavimenta\u00e7\u00e3o asf\u00e1ltica no Parque Residencial Nova Alian\u00e7a."}, {"id": "4458", "ano": "2019", "numero": "2501", "tipo__sigla": "LEI", "tipo__descricao": "Lei Ordin\u00e1ria", "texto_integral": "http://sapl.sarandi.pr.leg.br/media/sapl/public/normajuridica/2019/4458/lei_no_2501-2019_para_site.pdf", "ementa": "Disp\u00f5e sobre a forma de contribui\u00e7\u00f5es previdenci\u00e1rias relativas ao Equacionamento do Deficit Atuarial devido pelo Munic\u00edpio \u00e0 Caixa de Aposentadoria e Pens\u00e3o dos Servidores Municipais de Sarandi e d\u00e1 outras provid\u00eancias."}, {"id": "4457", "ano": "2019", "numero": "2500", "tipo__sigla": "LEI", "tipo__descricao": "Lei Ordin\u00e1ria", "texto_integral": "http://sapl.sarandi.pr.leg.br/media/sapl/public/normajuridica/2019/4457/lei_no2500-2019_para_site.pdf", "ementa": "Institui no Munic\u00edpio de Sarandi o Concurso de Decora\u00e7\u00f5es Natalinas, para o ano de 2019."}, {"id": "4456", "ano": "2019", "numero": "2499", "tipo__sigla": "LEI", "tipo__descricao": "Lei Ordin\u00e1ria", "texto_integral": "http://sapl.sarandi.pr.leg.br/media/sapl/public/normajuridica/2019/4456/lei_no_2499-2019_para_site.pdf", "ementa": "D\u00e1 denomina\u00e7\u00e3o a Rua Projetada 1, situada nos Jardim dos Ip\u00eas, na forma que especifica."}, {"id": "4455", "ano": "2019", "numero": "2498", "tipo__sigla": "LEI", "tipo__descricao": "Lei Ordin\u00e1ria", "texto_integral": "http://sapl.sarandi.pr.leg.br/media/sapl/public/normajuridica/2019/4455/lei_no_2498-2019_para_site.pdf", "ementa": "D\u00e1 denomina\u00e7\u00e3o a Rua Projetada G e a Rua Projetada M situadas nos Jardins Canad\u00e1, S\u00e3o Paulo e S\u00e3o Paulo II na forma que especifica."}, {"id": "4454", "ano": "2019", "numero": "2497", "tipo__sigla": "LEI", "tipo__descricao": "Lei Ordin\u00e1ria", "texto_integral": "http://sapl.sarandi.pr.leg.br/media/sapl/public/normajuridica/2019/4454/lei_no_2497-2019_para_site.pdf", "ementa": "Autoriza o Poder Executivo a contratar opera\u00e7\u00e3o de cr\u00e9dito com a CAIXA ECON\u00d4MICA FEDERAL, e d\u00e1 outras provid\u00eancias."}, {"id": "4453", "ano": "2019", "numero": "76", "tipo__sigla": "POR", "tipo__descricao": "Portaria", "texto_integral": "http://sapl.sarandi.pr.leg.br/media/sapl/public/normajuridica/2019/4453/portaria_no076-2019_para_site.pdf", "ementa": "RETIFICA A PORTARIA QUE CONCEDEU DI\u00c1RIA AO VEREADOR ANDR\u00c9 LUIS CELESTINO JARDIM PARA PARTICIPA\u00c7\u00c3O EM CURSO DA UVB - UNI\u00c3O DOS VEREADORES DO BRASIL, DIAS 20 \u00c0 23 DE AGOSTO DE 2019, EM BRAS\u00cdLIA - DF."}, {"id": "4452", "ano": "2019", "numero": "75", "tipo__sigla": "POR", "tipo__descricao": "Portaria", "texto_integral": "http://sapl.sarandi.pr.leg.br/media/sapl/public/normajuridica/2019/4452/portaria_no075-2019_para_site.pdf", "ementa": "CONCEDE DI\u00c1RIA AO VEREADOR ANDR\u00c9 LUIS CELESTINO JARDIM PARA PARTICIPA\u00c7\u00c3O EM CURSO DA UVB - UNI\u00c3O DOS VEREADORES DO BRASIL, DIAS 20 \u00c0 23 DE AGOSTO DE 2019, EM BRAS\u00cdLIA - DF."}, {"id": "5581", "ano": "2019", "numero": "1139", "tipo__sigla": "DE", "tipo__descricao": "Decreto Executivo", "texto_integral": "http://sapl.sarandi.pr.leg.br/media/sapl/public/normajuridica/2019/5581/decreto_executivo_no_1139-2019.pdf", "ementa": "REGULAMENTA OS LOCAIS E OS HOR\u00c1RIOS PARA REALIZA\u00c7\u00c3O DAS FEIRAS LIVRES, NA FORMA QUE ESPECIFICA."}, {"id": "4450", "ano": "2019", "numero": "74", "tipo__sigla": "POR", "tipo__descricao": "Portaria", "texto_integral": "http://sapl.sarandi.pr.leg.br/media/sapl/public/normajuridica/2019/4450/portaria_no074-2019_para_site.pdf", "ementa": "CONCEDE DI\u00c1RIA AO SERVIDOR ROVILSON JOS\u00c9 ARANTES, OCUPANTE DO CARGO DE CONTADOR, PARA PARTICIPA\u00c7\u00c3O EM CURSO NA CIDADE DE GUAIRA - PR."}, {"id": "4449", "ano": "2019", "numero": "73", "tipo__sigla": "POR", "tipo__descricao": "Portaria", "texto_integral": "http://sapl.sarandi.pr.leg.br/media/sapl/public/normajuridica/2019/4449/portaria_no073-2019_para_site.pdf", "ementa": "CONCEDE DI\u00c1RIA A SERVIDORA MARCELA FRITZ DE LIMA MURATORI,  OCUPANTE DO CARGO DE OFICIAL LEGISLATIVO,  PARA PARTICIPA\u00c7\u00c3O EM CURSO NA CIDADE DE GUAIRA - PR."}, {"id": "4448", "ano": "2019", "numero": "72", "tipo__sigla": "POR", "tipo__descricao": "Portaria", "texto_integral": "http://sapl.sarandi.pr.leg.br/media/sapl/public/normajuridica/2019/4448/portaria_no072-2019_para_site.pdf", "ementa": "CONCEDE DI\u00c1RIA A SERVIDORA D\u00c9BORA APARECIDA SOUZA, OCUPANTE DO CARGO DE OFICIAL DE SERVI\u00c7OS GERAIS, PARA PARTICIPA\u00c7\u00c3O EM CURSO NA CIDADE DE GUAIRA - PR."}, {"id": "4447", "ano": "2019", "numero": "71", "tipo__sigla": "POR", "tipo__descricao": "Portaria", "texto_integral": "http://sapl.sarandi.pr.leg.br/media/sapl/public/normajuridica/2019/4447/portaria_no071-2019_para_site.pdf", "ementa": "NOMEIA A COMISS\u00c3O PERMANENTE DE LICITA\u00c7\u00c3O DA C\u00c2MARA MUNICIPAL DE SARANDI."}, {"id": "4446", "ano": "2019", "numero": "70", "tipo__sigla": "POR", "tipo__descricao": "Portaria", "texto_integral": "http://sapl.sarandi.pr.leg.br/media/sapl/public/normajuridica/2019/4446/portaria_no070-2019_para_site.pdf", "ementa": "NOMEIA A COMISS\u00c3O PERMANENTE DE RECEBIMENTO DE BENS DA C\u00c2MARA MUNICIPAL DE SARANDI."}, {"id": "4445", "ano": "2019", "numero": "69", "tipo__sigla": "POR", "tipo__descricao": "Portaria", "texto_integral": "http://sapl.sarandi.pr.leg.br/media/sapl/public/normajuridica/2019/4445/portaria_no069-2019_para_site.pdf", "ementa": "NOMEIA A COMISS\u00c3O PERMANENTE DE AVALIA\u00c7\u00c3O DE BENS M\u00d3VEIS E IM\u00d3VEIS DA C\u00c2MARA MUNICIPAL DE SARANDI."}, {"id": "4443", "ano": "2019", "numero": "68", "tipo__sigla": "POR", "tipo__descricao": "Portaria", "texto_integral": "http://sapl.sarandi.pr.leg.br/media/sapl/public/normajuridica/2019/4443/portaria_no068-2019_para_site.pdf", "ementa": "CONCEDE DI\u00c1RIA DE VIAGEM AO PRESIDENTE DA C\u00c2MARA VEREADOR EUNILDO ZANCHIM."}, {"id": "4442", "ano": "2019", "numero": "67", "tipo__sigla": "POR", "tipo__descricao": "Portaria", "texto_integral": "http://sapl.sarandi.pr.leg.br/media/sapl/public/normajuridica/2019/4442/portaria_no067-2019_para_site.pdf", "ementa": "CONCEDE DI\u00c1RIA DE VIAGEM  AO SERVIDOR LUCAS ATALIBA RANTIN DE CARVALHO."}, {"id": "4441", "ano": "2019", "numero": "66", "tipo__sigla": "POR", "tipo__descricao": "Portaria", "texto_integral": "http://sapl.sarandi.pr.leg.br/media/sapl/public/normajuridica/2019/4441/portaria_no066-2019_para_site.pdf", "ementa": "CONCEDE DI\u00c1RIA DE VIAGEM AO SERVIDOR MARLON BIF."}, {"id": "4440", "ano": "2019", "numero": "65", "tipo__sigla": "POR", "tipo__descricao": "Portaria", "texto_integral": "http://sapl.sarandi.pr.leg.br/media/sapl/public/normajuridica/2019/4440/portaria_no065-2019_para_site.pdf", "ementa": "CONCEDE DI\u00c1RIA DE VIAGEM A SERVIDORA MARCELA FRITZ DE LIMA MURATORI."}, {"id": "4439", "ano": "2019", "numero": "64", "tipo__sigla": "POR", "tipo__descricao": "Portaria", "texto_integral": "http://sapl.sarandi.pr.leg.br/media/sapl/public/normajuridica/2019/4439/portaria_no064-2019_para_site.pdf", "ementa": "CONCEDE DI\u00c1RIA DE VIAGEM AO SERVIDOR JO\u00c3O LEONARDO PINELLI MILHAN."}, {"id": "4438", "ano": "2019", "numero": "63", "tipo__sigla": "POR", "tipo__descricao": "Portaria", "texto_integral": "http://sapl.sarandi.pr.leg.br/media/sapl/public/normajuridica/2019/4438/portaria_no063-2019_para_site.pdf", "ementa": "ANULA A PORTARIA N\u00ba 059-2019 - QUE INSTITUIU A COMISS\u00c3O DE SINDIC\u00c2NCIA PARA APURA\u00c7\u00c3O DE IRREGULARIDADES CONTIDAS NO PROCESSO DE DISPENSA DE LICITA\u00c7\u00c3O N\u00ba 035-2018-CMS."}, {"id": "4437", "ano": "2019", "numero": "62", "tipo__sigla": "POR", "tipo__descricao": "Portaria", "texto_integral": "http://sapl.sarandi.pr.leg.br/media/sapl/public/normajuridica/2019/4437/portaria_no062-2019_para_site.pdf", "ementa": "CONCEDE PROGRESS\u00c3O FUNCIONAL A SERVIDORA ANGELA ALVES ALMEIDA, OCUPANTE DO CARGO DE TELEFONISTA."}, {"id": "4436", "ano": "2019", "numero": "61", "tipo__sigla": "POR", "tipo__descricao": "Portaria", "texto_integral": "http://sapl.sarandi.pr.leg.br/media/sapl/public/normajuridica/2019/4436/portaria_no061-2019_para_site.pdf", "ementa": "DISP\u00d5E SOBRE PROCEDIMENTOS A SEREM OBSERVADOS NOS PROCESSOS DE COMPRAS E NO \u00c2MBITO DA C\u00c2MARA MUNICIPAL DE SARANDI."}, {"id": "4435", "ano": "2019", "numero": "2496", "tipo__sigla": "LEI", "tipo__descricao": "Lei Ordin\u00e1ria", "texto_integral": "http://sapl.sarandi.pr.leg.br/media/sapl/public/normajuridica/2019/4435/lei_no_2496-2019_para_site.pdf", "ementa": "Disp\u00f5e sobre as Diretrizes para a elabora\u00e7\u00e3o e execu\u00e7\u00e3o da Lei Or\u00e7ament\u00e1ria para o exerc\u00edcio de 2020 e d\u00e1 outras provid\u00eancias."}, {"id": "4434", "ano": "2019", "numero": "2495", "tipo__sigla": "LEI", "tipo__descricao": "Lei Ordin\u00e1ria", "texto_integral": "http://sapl.sarandi.pr.leg.br/media/sapl/public/normajuridica/2019/4434/lei_no2495-2019_para_site.pdf", "ementa": "Disp\u00f5e sobre a altera\u00e7\u00e3o dos Anexos do PPA-Plano Plurianual do Munic\u00edpio de Sarandi do quadri\u00eanio 2018 a 2021, na forma que especifica."}, {"id": "4433", "ano": "2019", "numero": "60", "tipo__sigla": "POR", "tipo__descricao": "Portaria", "texto_integral": "http://sapl.sarandi.pr.leg.br/media/sapl/public/normajuridica/2019/4433/portaria_no060-2019_para_site.pdf", "ementa": "DESIGNA COMISS\u00c3O COMPOSTA POR VEREADORES PARA ACOMPANHAREM EMPRES\u00c1RIOS JUNTO AO MINIST\u00c9RIO P\u00daBLICO MUNICIPAL."}, {"id": "4432", "ano": "2019", "numero": "59", "tipo__sigla": "POR", "tipo__descricao": "Portaria", "texto_integral": "http://sapl.sarandi.pr.leg.br/media/sapl/public/normajuridica/2019/4432/portaria_no059-2019_para_site.pdf", "ementa": "REVOGA AS NOMEA\u00c7\u00d5ES DE SERVIDORES FEITAS PELAS  PORTARIAS N\u00daMEROS 043 E 047-2019 E NOMEIA COMISS\u00c3O PARA APURA\u00c7\u00c3O DAS IRREGULARIDADES CONTIDAS NO PROCESSO DE DISPENSA DE LICITA\u00c7\u00c3O N\u00ba 035/2018-CMS."}, {"id": "4429", "ano": "2019", "numero": "58", "tipo__sigla": "POR", "tipo__descricao": "Portaria", "texto_integral": "http://sapl.sarandi.pr.leg.br/media/sapl/public/normajuridica/2019/4429/portaria_no_058-2019_para_site.pdf", "ementa": "REVOGAS AS PORTARIAS N\u00daMEROS 055, 056 E 057/2019."}, {"id": "4470", "ano": "2019", "numero": "1", "tipo__sigla": "EDA", "tipo__descricao": "Edital - Audi\u00eancia", "texto_integral": "http://sapl.sarandi.pr.leg.br/media/sapl/public/normajuridica/2019/4470/edital__publicacao.pdf", "ementa": "AUDI\u00caNCIA P\u00daBLICA DE APRESENTA\u00c7\u00c3O E DISCUSS\u00c3O DOS INSTRUMENTOS OR\u00c7AMENT\u00c1RIOS - LDO."}, {"id": "4421", "ano": "2019", "numero": "57", "tipo__sigla": "POR", "tipo__descricao": "Portaria", "texto_integral": "http://sapl.sarandi.pr.leg.br/media/sapl/public/normajuridica/2019/4421/portaria_no_057-2019_para_site.pdf", "ementa": "CONCEDE DI\u00c1RIA AO SERVIDOR VAGNER RAFAEL VAZ, PARA PARTICIPAR DE CURSO DO TCE-PR, NA CIDADE DE CAMBAR\u00c1 - PR.  DIA 27 DE JUNHO DE 2019."}, {"id": "4420", "ano": "2019", "numero": "56", "tipo__sigla": "POR", "tipo__descricao": "Portaria", "texto_integral": "http://sapl.sarandi.pr.leg.br/media/sapl/public/normajuridica/2019/4420/portaria_no_056-2019_para_site.pdf", "ementa": "CONCEDE DI\u00c1RIA AO SERVIDOR DANIEL CHIARAMONTE FERREIRA, PARA PARTICIPAR DE CURSO DO TCE-PR, NA CIDADE DE CAMBAR\u00c1 - PR.  DIA 27 DE JUNHO DE 2019."}, {"id": "4419", "ano": "2019", "numero": "55", "tipo__sigla": "POR", "tipo__descricao": "Portaria", "texto_integral": "http://sapl.sarandi.pr.leg.br/media/sapl/public/normajuridica/2019/4419/portaria_no_055-2019_para_site.pdf", "ementa": "CONCEDE DI\u00c1RIA AO SERVIDOR RENAN AUGUSTO S. VOLPATTO, PARA PARTICIPAR DE CURSO DO TCE-PR, NA CIDADE DE CAMBAR\u00c1 - PR.  DIA 27 DE JUNHO DE 2019."}, {"id": "4427", "ano": "2019", "numero": "2493", "tipo__sigla": "LEI", "tipo__descricao": "Lei Ordin\u00e1ria", "texto_integral": "http://sapl.sarandi.pr.leg.br/media/sapl/public/normajuridica/2019/4427/lei_no_2493-2019_para_site.pdf", "ementa": "D\u00e1 denomina\u00e7\u00e3o a Avenida Projetada A, situada nos Jardim dos Ip\u00eas, na forma que especifica."}, {"id": "4426", "ano": "2019", "numero": "2492", "tipo__sigla": "LEI", "tipo__descricao": "Lei Ordin\u00e1ria", "texto_integral": "http://sapl.sarandi.pr.leg.br/media/sapl/public/normajuridica/2019/4426/lei_no_2492-2019_para_site.pdf", "ementa": "D\u00e1 denomina\u00e7\u00e3o a Rua Projetada G, situada no Jardim dos Ip\u00eas, na forma que especifica."}, {"id": "4425", "ano": "2019", "numero": "2491", "tipo__sigla": "LEI", "tipo__descricao": "Lei Ordin\u00e1ria", "texto_integral": "http://sapl.sarandi.pr.leg.br/media/sapl/public/normajuridica/2019/4425/lei_no_2491-2019_para_site.pdf", "ementa": "D\u00e1 denomina\u00e7\u00e3o a Avenida Projetada A, situada no Jardim Monte Rei, e Conjunto Residencial Triangulo, na forma que especifica."}, {"id": "4424", "ano": "2019", "numero": "2490", "tipo__sigla": "LEI", "tipo__descricao": "Lei Ordin\u00e1ria", "texto_integral": "http://sapl.sarandi.pr.leg.br/media/sapl/public/normajuridica/2019/4424/lei_no_2490-2019_para_site.pdf", "ementa": "D\u00e1 denomina\u00e7\u00e3o a Rua 9334, situada no Loteamento Ecovalley, na forma que especifica."}, {"id": "4423", "ano": "2019", "numero": "2489", "tipo__sigla": "LEI", "tipo__descricao": "Lei Ordin\u00e1ria", "texto_integral": "http://sapl.sarandi.pr.leg.br/media/sapl/public/normajuridica/2019/4423/lei_no_2489-2019_para_site.pdf", "ementa": "Institui a Semana Municipal de A\u00e7\u00f5es Voltadas \u00e0 Lei Maria da Penha, no Munic\u00edpio de Sarandi."}, {"id": "4418", "ano": "2019", "numero": "2494", "tipo__sigla": "LEI", "tipo__descricao": "Lei Ordin\u00e1ria", "texto_integral": "http://sapl.sarandi.pr.leg.br/media/sapl/public/normajuridica/2019/4418/lei_no_2494-2019_para_site.pdf", "ementa": "Altera o texto da Lei N\u00ba 2.470, de 07 de fevereiro de 2019, que trata sobre a concess\u00e3o de di\u00e1rias a vereadores e servidores do Poder Legislativo de Sarandi e d\u00e1 outras disposi\u00e7\u00f5es."}, {"id": "4422", "ano": "2019", "numero": "371", "tipo__sigla": "LC", "tipo__descricao": "Lei Complementar", "texto_integral": "http://sapl.sarandi.pr.leg.br/media/sapl/public/normajuridica/2019/4422/lei_compl._no_371-2019_para_site_CHq7jTe.pdf", "ementa": "Eleva o n\u00famero de vagas de Cargos Efetivos da Lei Complementar N\u00ba 174, de 02 de abril de 2008, que institui o Pano de Cargos, Carreiras e Vencimentos dos servidores da \u00c1guas de Sarandi \u2013 Servi\u00e7o Municipal de Saneamento Ambiental e d\u00e1 outras provid\u00eancias."}, {"id": "4417", "ano": "2019", "numero": "54", "tipo__sigla": "POR", "tipo__descricao": "Portaria", "texto_integral": "http://sapl.sarandi.pr.leg.br/media/sapl/public/normajuridica/2019/4417/portaria_no_054-2019_para_site.pdf", "ementa": "NOMEIA A SENHORA D\u00c9BORA APARECIDA DE SOUZA, COMO CHEFE DA DIVIS\u00c3O DE PATRIM\u00d4NIO E ALMOXARIFADO DA C\u00c2MARA MUNICIPAL DE SARANDI."}, {"id": "4412", "ano": "2019", "numero": "53", "tipo__sigla": "POR", "tipo__descricao": "Portaria", "texto_integral": "http://sapl.sarandi.pr.leg.br/media/sapl/public/normajuridica/2019/4412/portaria_no053-2019_para_site.pdf", "ementa": "DESTITUIR COMISS\u00c3O DE SINDIC\u00c2NCIA DA C\u00c2MARA MUNICIPAL DE SARANDI."}, {"id": "4411", "ano": "2019", "numero": "52", "tipo__sigla": "POR", "tipo__descricao": "Portaria", "texto_integral": "http://sapl.sarandi.pr.leg.br/media/sapl/public/normajuridica/2019/4411/portaria_no_052-2019_para_site.pdf", "ementa": "NOMEIA PREGOEIRO E EQUIPE DE APOIO DA C\u00c2MARA MUNICIPAL DE SARANDI."}, {"id": "4410", "ano": "2019", "numero": "51", "tipo__sigla": "POR", "tipo__descricao": "Portaria", "texto_integral": "http://sapl.sarandi.pr.leg.br/media/sapl/public/normajuridica/2019/4410/portaria_no_051-2019_-_para_site.pdf", "ementa": "NOMEIA COMISS\u00c3O PARA REALIZAR LEVANTAMENTO DAS INFORMA\u00c7\u00d5ES SOLICITADAS NA RECOMENDA\u00c7\u00c3O ADMINISTRATIVA N\u00ba 003/2018 DO MPPR."}, {"id": "4428", "ano": "2019", "numero": "2", "tipo__sigla": "IN", "tipo__descricao": "Instru\u00e7\u00e3o Normativa", "texto_integral": "http://sapl.sarandi.pr.leg.br/media/sapl/public/normajuridica/2019/4428/in_02-2019.pdf", "ementa": "DISP\u00d5E SOBRE NORMAS E PROCEDIMENTOS PARA UTILIZA\u00c7\u00c3O SOFTWARES (PROGRAMAS COMPUTADOR) NA C\u00c2MARA MUNICIPAL DE SARANDI, E D\u00c1 OUTRAS PROVID\u00caNCIAS."}, {"id": "4416", "ano": "2019", "numero": "2488", "tipo__sigla": "LEI", "tipo__descricao": "Lei Ordin\u00e1ria", "texto_integral": "http://sapl.sarandi.pr.leg.br/media/sapl/public/normajuridica/2019/4416/lei_no_2488-2019_para_site.pdf", "ementa": "D\u00e1 denomina\u00e7\u00e3o a Rua Projetada H, situada nos Jardins Montreal, Canad\u00e1 e S\u00e3o Paulo 2, na forma que especifica."}, {"id": "4415", "ano": "2019", "numero": "2487", "tipo__sigla": "LEI", "tipo__descricao": "Lei Ordin\u00e1ria", "texto_integral": "http://sapl.sarandi.pr.leg.br/media/sapl/public/normajuridica/2019/4415/lei_no_2487-2019_para_site.pdf", "ementa": "D\u00e1 denomina\u00e7\u00e3o a Avenida Projetada 1000, situada no Jardim Leblon, na forma que especifica."}, {"id": "4414", "ano": "2019", "numero": "2486", "tipo__sigla": "LEI", "tipo__descricao": "Lei Ordin\u00e1ria", "texto_integral": "http://sapl.sarandi.pr.leg.br/media/sapl/public/normajuridica/2019/4414/lei_no_2486-2019_para_site.pdf", "ementa": "D\u00e1 denomina\u00e7\u00e3o a Rua Projetada 02, situada no Jardim Monte Carmelo e Rua Projetada 01, situada no Jardim Campo Belo, na forma que especifica."}, {"id": "4413", "ano": "2019", "numero": "2485", "tipo__sigla": "LEI", "tipo__descricao": "Lei Ordin\u00e1ria", "texto_integral": "http://sapl.sarandi.pr.leg.br/media/sapl/public/normajuridica/2019/4413/lei_no_2485-2019_para_site.pdf", "ementa": "Autoriza o Poder Executivo Municipal a conceder Direito Real de Uso de im\u00f3vel pertencente a municipalidade, na forma que especifica."}, {"id": "5793", "ano": "2019", "numero": "1039", "tipo__sigla": "DE", "tipo__descricao": "Decreto Executivo", "texto_integral": "http://sapl.sarandi.pr.leg.br/media/sapl/public/normajuridica/2019/5793/decreto_executivo_1039-2019.pdf", "ementa": "CONSTITUI A COMISS\u00c3O MUNICIPAL DE ENFRENTAMENTO DAS VIOL\u00caNCIAS CONTRA CRIAN\u00c7AS E ADOLESCENTES E D\u00c1 OUTRAS PROVID\u00caNCIAS."}, {"id": "4409", "ano": "2019", "numero": "50", "tipo__sigla": "POR", "tipo__descricao": "Portaria", "texto_integral": "http://sapl.sarandi.pr.leg.br/media/sapl/public/normajuridica/2019/4409/portaria_050.2019_para_site.pdf", "ementa": "CONSTITUI COMISS\u00c3O TEMPOR\u00c1RIA ESPECIAL PARA ANALISAR O PROJETO DE RESOLU\u00c7\u00c3O N\u00ba 005-2019 - MESA DIRETORA - QUE TRATA DO REGIMENTO INTERNO DA C\u00c2MARA MUNICIPAL."}, {"id": "4399", "ano": "2019", "numero": "49", "tipo__sigla": "POR", "tipo__descricao": "Portaria", "texto_integral": "http://sapl.sarandi.pr.leg.br/media/sapl/public/normajuridica/2019/4399/portaria_no_049-2019_para_site.pdf", "ementa": "NOMEIA A COMISS\u00c3O PERMANENTE DE AVALIA\u00c7\u00c3O DE DESEMPENHO DA C\u00c2MARA MUNICIPAL DE SARANDI."}, {"id": "4398", "ano": "2019", "numero": "48", "tipo__sigla": "POR", "tipo__descricao": "Portaria", "texto_integral": "http://sapl.sarandi.pr.leg.br/media/sapl/public/normajuridica/2019/4398/portaria_no_048-2019_para_site.pdf", "ementa": "NOMEIA O SERVIDOR JO\u00c3O ROBERTO DOS SANTOS LOPES, PARA OCUPAR A FUN\u00c7\u00c3O GRATIFICADA COMO GESTOR DE PESSOAS DA C\u00c2MARA MUNICIPAL DE SARANDI."}, {"id": "4397", "ano": "2019", "numero": "47", "tipo__sigla": "POR", "tipo__descricao": "Portaria", "texto_integral": "http://sapl.sarandi.pr.leg.br/media/sapl/public/normajuridica/2019/4397/portaria_no_047-2019_para_site.pdf", "ementa": "NOMEIA O SERVIDOR ROVILSON JOS\u00c9 ARANTES EM SUBSTITUI\u00c7\u00c3O AO SERVIDOR DANIEL CHIARAMONTE FERREIRA, COMO PRESIDENTE DA COMISS\u00c3O DE SINDIC\u00c2NCIA INSTITU\u00cdDA PELA PORTARIA N\u00ba 043/2019."}, {"id": "4396", "ano": "2019", "numero": "46", "tipo__sigla": "POR", "tipo__descricao": "Portaria", "texto_integral": "http://sapl.sarandi.pr.leg.br/media/sapl/public/normajuridica/2019/4396/portaria_no_046-2019_para_site.pdf", "ementa": "NOMEIA SERVIDORES PARA REVISAR OS ATOS NORMATIVOS DO PODER LEGISLATIVO REFERENTE \u00c0 DI\u00c1RIAS COM PRAZO DE 60 (SESSENTA) DIAS."}, {"id": "4395", "ano": "2019", "numero": "45", "tipo__sigla": "POR", "tipo__descricao": "Portaria", "texto_integral": "http://sapl.sarandi.pr.leg.br/media/sapl/public/normajuridica/2019/4395/portaria_no_045-2019_par_asite.pdf", "ementa": "DETERMINA O ARQUIVAMENTO DO REQUERIMENTO N\u00ba 062/2019 - EM VIRTUDE DE N\u00c3O HAVER A PARTICIPA\u00c7\u00c3O DE 03 (TR\u00caS) VEREADORES PARA PARTICIPAREM DA COMISS\u00c3O PARLAMENTAR DE INQU\u00c9RITO."}, {"id": "4394", "ano": "2019", "numero": "44", "tipo__sigla": "POR", "tipo__descricao": "Portaria", "texto_integral": "http://sapl.sarandi.pr.leg.br/media/sapl/public/normajuridica/2019/4394/portaria_no_044-2019_para_site.pdf", "ementa": "CONCEDE PRAZO  AT\u00c9 \u00c1S 17 HORAS E 30 MINUTOS DO DIA 26 DE ABRIL DE 2019, P\u00c1RA INDICA\u00c7\u00c3O DE MEMBRO PARA COMPOREM A COMISS\u00c3O PARA ESTUDAR E EMITIR UM RELAT\u00d3RIO DO PROJETO DE RESOLU\u00c7\u00c3O N\u00ba 005/2019, REGIMENTO INTERNO."}, {"id": "4393", "ano": "2019", "numero": "43", "tipo__sigla": "POR", "tipo__descricao": "Portaria", "texto_integral": "http://sapl.sarandi.pr.leg.br/media/sapl/public/normajuridica/2019/4393/portaria_no_043-2019_para_site.pdf", "ementa": "NOMEIA A COMISS\u00c3O  DE SINDIC\u00c2NCIA ADMINISTRATIVA PARA APURAR POSS\u00cdVEIS IRREGULARIDADES NA CONTRATA\u00c7\u00c3O, PRAZOS E NA EXECU\u00c7\u00c3O DO PROCESSO DE DISPENSA DE LICITA\u00c7\u00c3O N\u00ba 035/2019 - DA C\u00c2MARA MUNICIPAL DE SARANDI."}, {"id": "4406", "ano": "2019", "numero": "2484", "tipo__sigla": "LEI", "tipo__descricao": "Lei Ordin\u00e1ria", "texto_integral": "http://sapl.sarandi.pr.leg.br/media/sapl/public/normajuridica/2019/4406/lei_no_2484-2019_para_site.pdf", "ementa": "Autoriza o Poder Executivo a contratar opera\u00e7\u00e3o de cr\u00e9dito com a CAIXA ECON\u00d4MICA FEDERAL, e d\u00e1 outras provid\u00eancias."}, {"id": "4405", "ano": "2019", "numero": "2483", "tipo__sigla": "LEI", "tipo__descricao": "Lei Ordin\u00e1ria", "texto_integral": "http://sapl.sarandi.pr.leg.br/media/sapl/public/normajuridica/2019/4405/lei_no_2483-2019_para_site.pdf", "ementa": "D\u00e1 denomina\u00e7\u00e3o \u00e1 Rua 36, situada nos Jardins Nova Independ\u00eancia 1\u00b0 Parte, Aurora, Aurora 2 e Aurora 3, na forma que especifica."}, {"id": "4404", "ano": "2019", "numero": "2482", "tipo__sigla": "LEI", "tipo__descricao": "Lei Ordin\u00e1ria", "texto_integral": "http://sapl.sarandi.pr.leg.br/media/sapl/public/normajuridica/2019/4404/lei_no_2482-2019_para_site.pdf", "ementa": "Institui o \"Dia do Evang\u00e9lico\" no Munic\u00edpio de Sarandi e d\u00e1 outras Provid\u00eancias."}, {"id": "4403", "ano": "2019", "numero": "2481", "tipo__sigla": "LEI", "tipo__descricao": "Lei Ordin\u00e1ria", "texto_integral": "http://sapl.sarandi.pr.leg.br/media/sapl/public/normajuridica/2019/4403/lei_no_2481-2019_para_site.pdf", "ementa": "D\u00e1 denomina\u00e7\u00e3o a Rua 06, situada nos Jardins Ouro Verde II e IV, na forma que especifica."}, {"id": "4402", "ano": "2019", "numero": "2480", "tipo__sigla": "LEI", "tipo__descricao": "Lei Ordin\u00e1ria", "texto_integral": "http://sapl.sarandi.pr.leg.br/media/sapl/public/normajuridica/2019/4402/lei_no_2480-2019_para_site.pdf", "ementa": "Autoriza o Poder Executivo a contratar opera\u00e7\u00e3o de cr\u00e9dito com a CAIXA ECON\u00d4MICA FEDERAL, e d\u00e1 outras provid\u00eancias."}, {"id": "4401", "ano": "2019", "numero": "2479", "tipo__sigla": "LEI", "tipo__descricao": "Lei Ordin\u00e1ria", "texto_integral": "http://sapl.sarandi.pr.leg.br/media/sapl/public/normajuridica/2019/4401/lei_no_2479-2019_para_site.pdf", "ementa": "Autoriza o Poder Executivo a contratar opera\u00e7\u00e3o de cr\u00e9dito com a CAIXA ECON\u00d4MICA FEDERAL, e d\u00e1 outras provid\u00eancias."}, {"id": "4400", "ano": "2019", "numero": "2478", "tipo__sigla": "LEI", "tipo__descricao": "Lei Ordin\u00e1ria", "texto_integral": "http://sapl.sarandi.pr.leg.br/media/sapl/public/normajuridica/2019/4400/lei_no_2478-2019_para_site.pdf", "ementa": "D\u00e1 denomina\u00e7\u00e3o a Rua 33, situada nos Jardins Nova Independ\u00eancia 1\u00aa Parte, Aurora, Aurora 2 e Aurora 3, na forma que especifica."}, {"id": "4526", "ano": "2019", "numero": "3", "tipo__sigla": "RES", "tipo__descricao": "Resolu\u00e7\u00e3o", "texto_integral": "http://sapl.sarandi.pr.leg.br/media/sapl/public/normajuridica/2019/4526/resolucao_no_003-2019_para_site.pdf", "ementa": "Disp\u00f5e sobre a promo\u00e7\u00e3o de campanhas c\u00edvico-educativas e de valoriza\u00e7\u00e3o da cidadania."}, {"id": "4392", "ano": "2019", "numero": "42", "tipo__sigla": "POR", "tipo__descricao": "Portaria", "texto_integral": "http://sapl.sarandi.pr.leg.br/media/sapl/public/normajuridica/2019/4392/portaria_no_042-2019_para_site.pdf", "ementa": "NOMEIA A SERVIDORA GRACIELLE SILVA LIMA COMO RESPONS\u00c1VEL PELA DIVIS\u00c3O DE PROTOCOLO - DPR."}, {"id": "4391", "ano": "2019", "numero": "41", "tipo__sigla": "POR", "tipo__descricao": "Portaria", "texto_integral": "http://sapl.sarandi.pr.leg.br/media/sapl/public/normajuridica/2019/4391/portaria_no_041-2019_para_site.pdf", "ementa": "NOMEIA O SERVIDOR ROVILSON JOS\u00c9 ARANTES, PARA OCUPAR A FUN\u00c7\u00c3O GRATIFICADA COMO GESTOR DE PESSOAS DA C\u00c2MARA MUNICIPAL DE SARANDI."}, {"id": "4390", "ano": "2019", "numero": "40", "tipo__sigla": "POR", "tipo__descricao": "Portaria", "texto_integral": "http://sapl.sarandi.pr.leg.br/media/sapl/public/normajuridica/2019/4390/portaria_no_040-2019_para_site.pdf", "ementa": "NOMEIA A COMISS\u00c3O PERMANENTE DE AVALIA\u00c7\u00c3O DE DESEMPENHO DA C\u00c2MARA DE SARANDI."}, {"id": "4389", "ano": "2019", "numero": "39", "tipo__sigla": "POR", "tipo__descricao": "Portaria", "texto_integral": "http://sapl.sarandi.pr.leg.br/media/sapl/public/normajuridica/2019/4389/portaria_no_039-2019_para_site.pdf", "ementa": "REVOGA A PORTARIA N\u00ba 020/2019, QUE NOMEOU A SENHORA DOUTORA ALINE QUEIROZ TREVISAN PARA A FUN\u00c7\u00c3O GRATIFICADA COMO GESTOR DE CONTRATOS DESTA CASA DE LEIS."}, {"id": "4388", "ano": "2019", "numero": "2477", "tipo__sigla": "LEI", "tipo__descricao": "Lei Ordin\u00e1ria", "texto_integral": "http://sapl.sarandi.pr.leg.br/media/sapl/public/normajuridica/2019/4388/lei_no_2477-2019_para_site.pdf", "ementa": "Disp\u00f5e sobre o est\u00e1gio obrigat\u00f3rio ou n\u00e3o obrigat\u00f3rio sem remunera\u00e7\u00e3o no Poder Executivo e Legislativo Municipal e da outras provid\u00eancias."}, {"id": "4387", "ano": "2019", "numero": "2476", "tipo__sigla": "LEI", "tipo__descricao": "Lei Ordin\u00e1ria", "texto_integral": "http://sapl.sarandi.pr.leg.br/media/sapl/public/normajuridica/2019/4387/lei_no_2476-2019_para_site.pdf", "ementa": "D\u00e1 denomina\u00e7\u00e3o \u00e1 Rua 29, situada nos Jardins Nova Independ\u00eancia 1\u00aa Parte, Aurora, Aurora 2 e Aurora 3, na forma que especifica."}, {"id": "4386", "ano": "2019", "numero": "2475", "tipo__sigla": "LEI", "tipo__descricao": "Lei Ordin\u00e1ria", "texto_integral": "http://sapl.sarandi.pr.leg.br/media/sapl/public/normajuridica/2019/4386/lei_no_2475-2019_para_site.pdf", "ementa": "D\u00e1 denomina\u00e7\u00e3o \u00e1 Rua 9316, situada nos Loteamento Ecovalley, na forma que especifica."}, {"id": "4385", "ano": "2019", "numero": "2474", "tipo__sigla": "LEI", "tipo__descricao": "Lei Ordin\u00e1ria", "texto_integral": "http://sapl.sarandi.pr.leg.br/media/sapl/public/normajuridica/2019/4385/lei_no_2474-2019_para_site.pdf", "ementa": "D\u00e1 denomina\u00e7\u00e3o \u00e1 Rua Projetada E, situada nos Jardins S\u00e3o Paulo II e Canad\u00e1, na forma que especifica."}, {"id": "4384", "ano": "2019", "numero": "2473", "tipo__sigla": "LEI", "tipo__descricao": "Lei Ordin\u00e1ria", "texto_integral": "http://sapl.sarandi.pr.leg.br/media/sapl/public/normajuridica/2019/4384/lei_no_2473-2019_para_site.pdf", "ementa": "Autoriza o Poder Executivo Municipal a efetuar a cobran\u00e7a de contribui\u00e7\u00e3o de melhoria em decorr\u00eancia de execu\u00e7\u00e3o de pavimenta\u00e7\u00e3o asf\u00e1ltica no Parque Residencial Santana e Jardim Castelo."}, {"id": "4383", "ano": "2019", "numero": "2472", "tipo__sigla": "LEI", "tipo__descricao": "Lei Ordin\u00e1ria", "texto_integral": "http://sapl.sarandi.pr.leg.br/media/sapl/public/normajuridica/2019/4383/lei_no_2472-2019_para_site.pdf", "ementa": "Autoriza o Poder Executivo Municipal a efetuar a cobran\u00e7a de contribui\u00e7\u00e3o de melhoria em decorr\u00eancia de execu\u00e7\u00e3o de pavimenta\u00e7\u00e3o asf\u00e1ltica no Jardim Novo Bertioga."}, {"id": "4382", "ano": "2019", "numero": "38", "tipo__sigla": "POR", "tipo__descricao": "Portaria", "texto_integral": "http://sapl.sarandi.pr.leg.br/media/sapl/public/normajuridica/2019/4382/portaria_no_038-2019_-_para_site.pdf", "ementa": "CONCEDE PROGRESS\u00c3O FUNCIONAL AO SERVIDOR ROVILSON JOS\u00c9 ARANTES, OCUPANTE DO CARGO DE CONTADOR."}, {"id": "4381", "ano": "2019", "numero": "37", "tipo__sigla": "POR", "tipo__descricao": "Portaria", "texto_integral": "http://sapl.sarandi.pr.leg.br/media/sapl/public/normajuridica/2019/4381/portaria_no_037-2019_-_para_site.pdf", "ementa": "CONCEDE PROGRESS\u00c3O FUNCIONAL AO SERVIDOR DANIEL CHIARAMONTE FERREIRA, OCUPANTE DO CARGO DE OPERADOR DE \u00c1UDIO E WEBDESIGNER."}, {"id": "4380", "ano": "2019", "numero": "370", "tipo__sigla": "LC", "tipo__descricao": "Lei Complementar", "texto_integral": "http://sapl.sarandi.pr.leg.br/media/sapl/public/normajuridica/2019/4380/lei_compl._no_370-2019_para_site.pdf", "ementa": "Inclui vias urbanas no Eixo de Com\u00e9rcio e Servi\u00e7os, disp\u00f5e sobre a altera\u00e7\u00e3o da Lei Complementar n\u00b0 217/2009 - Do Parcelamento, Uso e Ocupa\u00e7\u00e3o \r\n do Solo Urbano, cria\u00e7\u00e3o do Eixo Industrial e inclus\u00e3o de vias no Eixo Industrial, na forma que especifica."}, {"id": "4378", "ano": "2019", "numero": "36", "tipo__sigla": "POR", "tipo__descricao": "Portaria", "texto_integral": "http://sapl.sarandi.pr.leg.br/media/sapl/public/normajuridica/2019/4378/portaria_no_036-2019_para_site.pdf", "ementa": "REVOGAR A PORTARIA N\u00ba 035/2019, DE 01.03.2019."}, {"id": "4377", "ano": "2019", "numero": "35", "tipo__sigla": "POR", "tipo__descricao": "Portaria", "texto_integral": "http://sapl.sarandi.pr.leg.br/media/sapl/public/normajuridica/2019/4377/portaria_no_035-2019_para_site.pdf", "ementa": "EXONERAR LUIS CARLOS DE ALMEIDA, DO CARGO DE ASSESSOR PARLAMENTAR - CC-03, DO GABINETE DO VEREADOR ERASMO CARDOSO PEREIRA."}, {"id": "4376", "ano": "2019", "numero": "34", "tipo__sigla": "POR", "tipo__descricao": "Portaria", "texto_integral": "http://sapl.sarandi.pr.leg.br/media/sapl/public/normajuridica/2019/4376/portaria_no_034-2019_para_site.pdf", "ementa": "CONCEDE PROGRESS\u00c3O POR TEMPO DE SERVI\u00c7O E M\u00c9RITO \u00c0 SERVIDORA HELONISE GRABRIELLA GON\u00c7ALVES PASSOS, OCUPANTE DO CARGO DE OFICIAL DE SERVI\u00c7OS GERAIS."}, {"id": "4375", "ano": "2019", "numero": "33", "tipo__sigla": "POR", "tipo__descricao": "Portaria", "texto_integral": "http://sapl.sarandi.pr.leg.br/media/sapl/public/normajuridica/2019/4375/portaria_no_033-2019_para_site.pdf", "ementa": "NOMEIA O SENHOR ANDERSON FERREIRA POMPEU, PARA O CARGO DE ASSESSOR PARLAMENTAR, SIMBOLO CC-3, LOTADO DO GABINETE DO VEREADOR EUNILDO ZANCHIM."}, {"id": "4374", "ano": "2019", "numero": "32", "tipo__sigla": "POR", "tipo__descricao": "Portaria", "texto_integral": "http://sapl.sarandi.pr.leg.br/media/sapl/public/normajuridica/2019/4374/portaria_no_032-2019_para_site.pdf", "ementa": "NOMEIA A SERVIDORA EDITE NUNES DA SILVA, OCUPANTE DO CARGO DE AUXILIAR DE SERVI\u00c7OS GERAIS PARA OCUPAR A FUN\u00c7\u00c3O DE CONFIAN\u00c7A DE CHEFE DA DIVIS\u00c3O DE SERVI\u00c7OS GERAIS DA C\u00c2MARA MUNICIPAL DE SARANDI, SIMBOLO FC-2."}, {"id": "4373", "ano": "2019", "numero": "31", "tipo__sigla": "POR", "tipo__descricao": "Portaria", "texto_integral": "http://sapl.sarandi.pr.leg.br/media/sapl/public/normajuridica/2019/4373/portaria_no_031-2019_para_site.pdf", "ementa": "NOMEIA O SERVIDOR DALVECIR APARECIDO BONORA, OCUPANTE DO CARGO DE ASSISTENTE LEGISLATIVO, COMO ENCARREGADO PELAS DIVIS\u00d5ES DE ARQUIVOS HIST\u00d3RICOS - DAH  E DE PROCESSO LEGISLATIVO - DPL."}, {"id": "4372", "ano": "2019", "numero": "30", "tipo__sigla": "POR", "tipo__descricao": "Portaria", "texto_integral": "http://sapl.sarandi.pr.leg.br/media/sapl/public/normajuridica/2019/4372/portaria_no_030-2019_para_site.pdf", "ementa": "NOMEIA A SERVIDORA CAMILA DE SOUZA BUENO DOS SANTOS, OCUPANTE DO CARGO DE RECEPCIONISTA, COMO RESPONS\u00c1VEL PELA DIVIS\u00c3O DE PROTOCOLO - DPR."}, {"id": "4379", "ano": "2019", "numero": "2471", "tipo__sigla": "LEI", "tipo__descricao": "Lei Ordin\u00e1ria", "texto_integral": "http://sapl.sarandi.pr.leg.br/media/sapl/public/normajuridica/2019/4379/lei_no_2471-2019_para_site.pdf", "ementa": "Disp\u00f5e sobre a revoga\u00e7\u00e3o do inciso I do art. 10 da Lei N\u00b02.470, de 07 de fevereiro de 2019 e d\u00e1 outras provid\u00eancias."}, {"id": "4371", "ano": "2019", "numero": "29", "tipo__sigla": "POR", "tipo__descricao": "Portaria", "texto_integral": "http://sapl.sarandi.pr.leg.br/media/sapl/public/normajuridica/2019/4371/portaria_no_029-2019_para_site.pdf", "ementa": "CONCEDE PROGRESS\u00c3O FUNCIONAL AOS SERVIDORES DALVECIR APARECIDO BONORA e EDITE NUNES DA SILVA."}, {"id": "4370", "ano": "2019", "numero": "28", "tipo__sigla": "POR", "tipo__descricao": "Portaria", "texto_integral": "http://sapl.sarandi.pr.leg.br/media/sapl/public/normajuridica/2019/4370/portaria_no_028-2019_para_site.pdf", "ementa": "NOMEIA PREGOEIROS E AS EQUIPES DE APOIO DA C\u00c2MARA MUNICIPAL DE SARANDI."}, {"id": "4369", "ano": "2019", "numero": "27", "tipo__sigla": "POR", "tipo__descricao": "Portaria", "texto_integral": "http://sapl.sarandi.pr.leg.br/media/sapl/public/normajuridica/2019/4369/portaria_no_027-2019_para_site.pdf", "ementa": "NOMEIA O SERVIDOR VAGNER RAFAEL VAZ,  PARA OCUPAR A FUN\u00c7\u00c3O DE CONFIAN\u00c7A COMO DIRETOR LEGISLATIVO - DELE."}, {"id": "4368", "ano": "2019", "numero": "26", "tipo__sigla": "POR", "tipo__descricao": "Portaria", "texto_integral": "http://sapl.sarandi.pr.leg.br/media/sapl/public/normajuridica/2019/4368/portaria_no_026-2019_para_site.pdf", "ementa": "NOMEIA A SERVIDORA MARCELA FRITZ DE LIMA MURATORI, PARA A FUN\u00c7\u00c3O DE CONTROLADOR INTERNO DA C\u00c2MARA MUNICIPAL DE SARANDI, SIMBOLO CIN."}, {"id": "4367", "ano": "2019", "numero": "25", "tipo__sigla": "POR", "tipo__descricao": "Portaria", "texto_integral": "http://sapl.sarandi.pr.leg.br/media/sapl/public/normajuridica/2019/4367/portaria_no_025-2019_para_site.pdf", "ementa": "NOMEIA O SERVIDOR JO\u00c3O ROBERTO DOS SANTOS LOPES, PARA A FUN\u00c7\u00c3O GRATIFICADA DE CHEFE DA DIVIS\u00c3O DE PATRIM\u00d4NIO E ALMOXARIFADO DA C\u00c3MARA MUNICIPAL DE SARANDI - S\u00cdMBOLO GTES."}, {"id": "4366", "ano": "2019", "numero": "24", "tipo__sigla": "POR", "tipo__descricao": "Portaria", "texto_integral": "http://sapl.sarandi.pr.leg.br/media/sapl/public/normajuridica/2019/4366/portaria_no_024-2019_para_site.pdf", "ementa": "NOMEIA O SERVIDOR DALVECIR APARECIDO BONORA, PARA OCUPAR A FUN\u00c7\u00c3O DE CONFIAN\u00c7A COMO DIRETOR ADMINISTRATIVO - DEAD."}, {"id": "4365", "ano": "2019", "numero": "23", "tipo__sigla": "POR", "tipo__descricao": "Portaria", "texto_integral": "http://sapl.sarandi.pr.leg.br/media/sapl/public/normajuridica/2019/4365/portaria_no_023-2019_para_site.pdf", "ementa": "NOMEIA A SERVIDORA GRACIELLE SILVA LIMA, PARA FUN\u00c7\u00c3O GRATIFICADA COMO GESTOR DE PESSOAS DA C\u00c2MARA MUNICIPAL DE SARANDI, SIMBOLO GGP."}, {"id": "4364", "ano": "2019", "numero": "22", "tipo__sigla": "POR", "tipo__descricao": "Portaria", "texto_integral": "http://sapl.sarandi.pr.leg.br/media/sapl/public/normajuridica/2019/4364/portaria_no_022-2019_para_site.pdf", "ementa": "NOMEIA O SERVIDOR JO\u00c3O ROBERTO DOS SANTOS LOPES, PARA A FUN\u00c7\u00c3O GRATIFICA COMO TESOUREIRO DA C\u00c2MARA MUNICIPAL DE SARANDI. - SIMBOLO GTES."}, {"id": "4363", "ano": "2019", "numero": "21", "tipo__sigla": "POR", "tipo__descricao": "Portaria", "texto_integral": "http://sapl.sarandi.pr.leg.br/media/sapl/public/normajuridica/2019/4363/portaria_no_021-2019_para_site.pdf", "ementa": "NOMEIA O SERVIDOR DHYMISON DA SILVA RAMOS, PARA A FUN\u00c7\u00c3O GRATIFICADA COMO T\u00c9CNICO EM MANUTEN\u00c7\u00c3O PREVENTIVA E CORRETIVA DA C\u00c2MARA MUNICIPAL DE SARANDI."}, {"id": "4362", "ano": "2019", "numero": "20", "tipo__sigla": "POR", "tipo__descricao": "Portaria", "texto_integral": "http://sapl.sarandi.pr.leg.br/media/sapl/public/normajuridica/2019/4362/portaria_no_020-2019_para_site.pdf", "ementa": "NOMEIA A SERVIDORA ALINE QUEIROZ TREVISAN, PARA A FUN\u00c7\u00c3O GRATIFICADA COMO GESTOR DE CONTRATOS DA C\u00c2MARA MUNICIPAL DE SARANDI."}, {"id": "4361", "ano": "2019", "numero": "19", "tipo__sigla": "POR", "tipo__descricao": "Portaria", "texto_integral": "http://sapl.sarandi.pr.leg.br/media/sapl/public/normajuridica/2019/4361/portaria_no_019-2019_para_site.pdf", "ementa": "NOMEIA A COMISS\u00c3O PERMANENTE DE AVALIA\u00c7\u00c3O DE DESEMPENHO DA C\u00c2MARA MUNICIPAL DE SARANDI."}, {"id": "4360", "ano": "2019", "numero": "18", "tipo__sigla": "POR", "tipo__descricao": "Portaria", "texto_integral": "http://sapl.sarandi.pr.leg.br/media/sapl/public/normajuridica/2019/4360/portaria_no_018-2019_para_site.pdf", "ementa": "NOMEIA A COMISS\u00c3O PERMANENTE DE AVALIA\u00c7\u00c3O DE BENS M\u00d3VEIS E IM\u00d3VEIS DA C\u00c2MARA MUNICIPAL DE SARANDI."}, {"id": "4359", "ano": "2019", "numero": "17", "tipo__sigla": "POR", "tipo__descricao": "Portaria", "texto_integral": "http://sapl.sarandi.pr.leg.br/media/sapl/public/normajuridica/2019/4359/portaria_no_017-2019_para_site.pdf", "ementa": "NOMEIA A COMISS\u00c3O PERMANENTE DE RECEBIMENTO DE BENS DA C\u00c2MARA MUNICIPAL DE SARANDI."}, {"id": "4358", "ano": "2019", "numero": "16", "tipo__sigla": "POR", "tipo__descricao": "Portaria", "texto_integral": "http://sapl.sarandi.pr.leg.br/media/sapl/public/normajuridica/2019/4358/portaria_no_016-2019_para_site.pdf", "ementa": "NOMEIA COMISS\u00c3O PERMANENTE DE LICITA\u00c7\u00d5ES, SIMBOLO GCPL."}, {"id": "4357", "ano": "2019", "numero": "15", "tipo__sigla": "POR", "tipo__descricao": "Portaria", "texto_integral": "http://sapl.sarandi.pr.leg.br/media/sapl/public/normajuridica/2019/4357/portaria_no_015-2019_para_site.pdf", "ementa": "NOMEIA O SERVIDOR ROVILSON JOS\u00c9 ARANTES, PARA OCUPAR A FUN\u00c7\u00c3O DE CONFIAN\u00c7A COMO DIRETOR FINANCEIRO - DEFI."}, {"id": "4356", "ano": "2019", "numero": "14", "tipo__sigla": "POR", "tipo__descricao": "Portaria", "texto_integral": "http://sapl.sarandi.pr.leg.br/media/sapl/public/normajuridica/2019/4356/portaria_no_014-2019_para_site.pdf", "ementa": "NOMEIA O SERVIDOR RENAN AUGUSTO DOS SANTOS VOLPATTO,, COMO T\u00c9CNICO EM INFORMA\u00c7\u00c3O DA C\u00c2MARA MUNICIPAL DE SARANDI, SIMBOLO GTI."}, {"id": "4355", "ano": "2019", "numero": "13", "tipo__sigla": "POR", "tipo__descricao": "Portaria", "texto_integral": "http://sapl.sarandi.pr.leg.br/media/sapl/public/normajuridica/2019/4355/portaria_no_013-2019_para_site.pdf", "ementa": "NOMEIA O SERVIDOR DANIEL CHIARAMONTE FERREIRA, COMO CHEFE DA DIVIS\u00c3O DE INFORM\u00c1TICA - DIN - DA C\u00c2MARA MUNICIPAL DE SARANDI."}, {"id": "4353", "ano": "2019", "numero": "2470", "tipo__sigla": "LEI", "tipo__descricao": "Lei Ordin\u00e1ria", "texto_integral": "http://sapl.sarandi.pr.leg.br/media/sapl/public/normajuridica/2019/4353/lei_no_2470-2019_para_site.pdf", "ementa": "Disp\u00f5e sobre a concess\u00e3o de di\u00e1rias a vereadores e servidores do Poder Legislativo de Sarandi, e d\u00e1 outras provid\u00eancias."}, {"id": "4352", "ano": "2019", "numero": "2469", "tipo__sigla": "LEI", "tipo__descricao": "Lei Ordin\u00e1ria", "texto_integral": "http://sapl.sarandi.pr.leg.br/media/sapl/public/normajuridica/2019/4352/lei_no_2469-2019_para_site.pdf", "ementa": "Disp\u00f5e sobre as fun\u00e7\u00f5es gratificadas pelo exerc\u00edcio de encargos especiais na C\u00e2mara Municipal de Sarandi e d\u00e1 outras provid\u00eancias."}, {"id": "4351", "ano": "2019", "numero": "2468", "tipo__sigla": "LEI", "tipo__descricao": "Lei Ordin\u00e1ria", "texto_integral": "http://sapl.sarandi.pr.leg.br/media/sapl/public/normajuridica/2019/4351/lei_no_2468-2019_para_site.pdf", "ementa": "Disp\u00f5e sobre as fun\u00e7\u00f5es de confian\u00e7a da C\u00e2mara Municipal de Sarandi e d\u00e1 outras provid\u00eancias."}, {"id": "4354", "ano": "2019", "numero": "369", "tipo__sigla": "LC", "tipo__descricao": "Lei Complementar", "texto_integral": "http://sapl.sarandi.pr.leg.br/media/sapl/public/normajuridica/2019/4354/lei_compl._no_369-2019_-_para_site_republicacao.pdf", "ementa": "Disp\u00f5e sobre a altera\u00e7\u00e3o do \u00a71\u00b0, do art. 5\u00b0 da Lei Complementar n\u00b0 309/2014, de 30 de Setembro de 2014."}, {"id": "4350", "ano": "2019", "numero": "2", "tipo__sigla": "RES", "tipo__descricao": "Resolu\u00e7\u00e3o", "texto_integral": "http://sapl.sarandi.pr.leg.br/media/sapl/public/normajuridica/2019/4350/resolucao_no_002-2019_-para_site.pdf", "ementa": "Altera o Anexo II da Resolu\u00e7\u00e3o n\u00ba 008/2013, que disp\u00f5e sobre o Plano de Cargos, Carreira e Remunera\u00e7\u00e3o do Quadro Geral dos Servidores da C\u00e2mara Municipal de Sarandi, Estado do Paran\u00e1 e d\u00e1 outras provid\u00eancias."}, {"id": "4349", "ano": "2019", "numero": "1", "tipo__sigla": "RES", "tipo__descricao": "Resolu\u00e7\u00e3o", "texto_integral": "http://sapl.sarandi.pr.leg.br/media/sapl/public/normajuridica/2019/4349/resolucao_no_001-2019_-_para_site.pdf", "ementa": "Disp\u00f5e sobre a redefini\u00e7\u00e3o da Estrutura Organizacional da C\u00e2mara Municipal de Sarandi - Estado do Paran\u00e1."}, {"id": "4348", "ano": "2019", "numero": "12", "tipo__sigla": "POR", "tipo__descricao": "Portaria", "texto_integral": "http://sapl.sarandi.pr.leg.br/media/sapl/public/normajuridica/2019/4348/portaria_no_012-2019_para_site.pdf", "ementa": "NOMEIA O SENHOR EN\u00c9IAS EDUARDO TEIXEIRA, PARA O CARGO DE ASSESSOR PARLAMENTAR - SIMBOLO CC-3, NO GABINETE DA VEREADORES ELIANA TRAUTWEIN SANTIAGO."}, {"id": "4346", "ano": "2019", "numero": "11", "tipo__sigla": "POR", "tipo__descricao": "Portaria", "texto_integral": "http://sapl.sarandi.pr.leg.br/media/sapl/public/normajuridica/2019/4346/portaria_site.pdf", "ementa": "EXONERA A PEDIDO O SERVIDOR EVERSON NATALINO LEITE DE LUCIA, DO  CARGO DE ASSESSOR PARLAMENTAR CC-03, DO GABINETE DA VEREADORA ELIANA TRAUTWEIN SANTIAGO, EM DATA DE 31.01.2019."}, {"id": "4347", "ano": "2019", "numero": "368", "tipo__sigla": "LC", "tipo__descricao": "Lei Complementar", "texto_integral": "http://sapl.sarandi.pr.leg.br/media/sapl/public/normajuridica/2019/4347/lei_compl._no_368-2019_para_site.pdf", "ementa": "Disp\u00f5e sobre altera\u00e7\u00f5es na Estrutura Administrativa do Munic\u00edpio, criada atrav\u00e9s da Lei Complementar n\u00b0 115/2005, de 27 de maio de 2005, na forma que especifica."}, {"id": "4340", "ano": "2019", "numero": "10", "tipo__sigla": "POR", "tipo__descricao": "Portaria", "texto_integral": "http://sapl.sarandi.pr.leg.br/media/sapl/public/normajuridica/2019/4340/portaria_para_site.pdf", "ementa": "CONCEDE PROGRESS\u00c3O FUNCIONAL AO SERVIDOR JO\u00c3O JO\u00c3O ROBERTO DOS SANTOS LOPES, OCUPANTE DO CARGO DE AUXILIAR LEGISLATIVO."}, {"id": "4339", "ano": "2019", "numero": "9", "tipo__sigla": "POR", "tipo__descricao": "Portaria", "texto_integral": "http://sapl.sarandi.pr.leg.br/media/sapl/public/normajuridica/2019/4339/portaria_no_009-2019_para_site.pdf", "ementa": "CONCEDE PROGRESS\u00c3O FUNCIONAL AO SERVIDOR DHYMISON DA SILVA RAMOS, OCUPANTE DO CARGO DE OFICIAL DE MANUTEN\u00c7\u00c3O."}, {"id": "4345", "ano": "2019", "numero": "2467", "tipo__sigla": "LEI", "tipo__descricao": "Lei Ordin\u00e1ria", "texto_integral": "http://sapl.sarandi.pr.leg.br/media/sapl/public/normajuridica/2019/4345/lei_no_2467-2019_para_site.pdf", "ementa": "Disp\u00f5e sobre a atualiza\u00e7\u00e3o monet\u00e1ria dos subs\u00eddios dos Vereadores, na forma que especifica."}, {"id": "4344", "ano": "2019", "numero": "2466", "tipo__sigla": "LEI", "tipo__descricao": "Lei Ordin\u00e1ria", "texto_integral": "http://sapl.sarandi.pr.leg.br/media/sapl/public/normajuridica/2019/4344/lei_no_2466-2019_para_site.pdf", "ementa": "Disp\u00f5e sobre a atualiza\u00e7\u00e3o monet\u00e1ria dos subs\u00eddios do Prefeito, Vice-Prefeito e dos Secret\u00e1rios Municipais, na forma que especifica."}, {"id": "4343", "ano": "2019", "numero": "2465", "tipo__sigla": "LEI", "tipo__descricao": "Lei Ordin\u00e1ria", "texto_integral": "http://sapl.sarandi.pr.leg.br/media/sapl/public/normajuridica/2019/4343/lei_no_2465-2019_para_site.pdf", "ementa": "Autoriza o Chefe do Poder Executivo Municipal a fixar piso m\u00ednimo de vencimentos dos Servidores P\u00fablicos Municipais de Sarandi e d\u00e1  outras provid\u00eancias."}, {"id": "4342", "ano": "2019", "numero": "2464", "tipo__sigla": "LEI", "tipo__descricao": "Lei Ordin\u00e1ria", "texto_integral": "http://sapl.sarandi.pr.leg.br/media/sapl/public/normajuridica/2019/4342/lei_no_2464-2019_para_site.pdf", "ementa": "Autoriza o Chefe do Poder Executivo Municipal a conceder reposi\u00e7\u00e3o salarial, na forma que especifica."}, {"id": "4338", "ano": "2019", "numero": "1", "tipo__sigla": "IN", "tipo__descricao": "Instru\u00e7\u00e3o Normativa", "texto_integral": "http://sapl.sarandi.pr.leg.br/media/sapl/public/normajuridica/2019/4338/in_01-2019.pdf", "ementa": "D\u00c1 NOVA REDA\u00c7\u00c3O AO ART. 3\u00ba E INCLUI O ART .5\u00ba-A DA IN 002/2017, QUE DISP\u00d5E SOBRE NORMAS E PROCEDIMENTOS PARA SOLICITA\u00c7\u00c3O CONCESS\u00c3O E PRESTA\u00c7\u00c3O DE CONTAS DE DI\u00c1RIAS A VEREADORES E SERVIDORES DA C\u00c2MARA MUNICIPAL DE SARANDI."}, {"id": "4337", "ano": "2019", "numero": "8", "tipo__sigla": "POR", "tipo__descricao": "Portaria", "texto_integral": "http://sapl.sarandi.pr.leg.br/media/sapl/public/normajuridica/2019/4337/portaria_no_008-2019_para_site.pdf", "ementa": "CONCEDE FUN\u00c7\u00c3O GRATIFICADA AOS INTEGRANTES DA COMISS\u00c3O DE LICITA\u00c7\u00c3O DA C\u00c2MARA MUNICIPAL DE SARANDI."}, {"id": "4336", "ano": "2019", "numero": "7", "tipo__sigla": "POR", "tipo__descricao": "Portaria", "texto_integral": "http://sapl.sarandi.pr.leg.br/media/sapl/public/normajuridica/2019/4336/portaria_no_007-2019_para_site.pdf", "ementa": "NOMEIA A COMISS\u00c3O DE CONTROLE ESPECIAL DE RECEBIMENTOS DE BENS PATRIMONIAIS DA C\u00c2MARA MUNICIPAL DE SARANDI."}, {"id": "4335", "ano": "2019", "numero": "6", "tipo__sigla": "POR", "tipo__descricao": "Portaria", "texto_integral": "http://sapl.sarandi.pr.leg.br/media/sapl/public/normajuridica/2019/4335/portaria_no_006-2019_para_site.pdf", "ementa": "NOMEIA A COMISS\u00c3O DE LICITA\u00c7\u00c3O DA C\u00c2MARA DE SARANDI, PARA O PER\u00cdODO DE 12 (DOZE) MESES."}, {"id": "4334", "ano": "2019", "numero": "5", "tipo__sigla": "POR", "tipo__descricao": "Portaria", "texto_integral": "http://sapl.sarandi.pr.leg.br/media/sapl/public/normajuridica/2019/4334/portaria_no_005-2019_para_site.pdf", "ementa": "NOMEIA ELAN ALMEIDA DA SILVA, PARA O CARGO DE DIRETOR DE RELA\u00c7\u00d5ES INSTITUCIONAIS - SIMBOLO CC-2, DA C\u00c2MARA MUNICIPAL DE SARANDI."}, {"id": "4333", "ano": "2019", "numero": "4", "tipo__sigla": "POR", "tipo__descricao": "Portaria", "texto_integral": "http://sapl.sarandi.pr.leg.br/media/sapl/public/normajuridica/2019/4333/portaria_004-2019_para_site.pdf", "ementa": "HOMOLOGA O RESULTADO E A COMPOSI\u00c7\u00c3O DAS COMISS\u00d5ES PERMANENTES DA C\u00c2MARA MUNICIPAL DE SARANDI, PARA O ANO DE 2019, BEM COMO DEFINI DIA E HOR\u00c1RIO DAS REUNI\u00d5ES."}, {"id": "4341", "ano": "2019", "numero": "2463", "tipo__sigla": "LEI", "tipo__descricao": "Lei Ordin\u00e1ria", "texto_integral": "http://sapl.sarandi.pr.leg.br/media/sapl/public/normajuridica/2019/4341/lei_no_2463-2019_para_site.pdf", "ementa": "Disp\u00f5e sobre a abertura de Cr\u00e9dito Adicional Especial e d\u00e1 outras provid\u00eancias."}, {"id": "4332", "ano": "2019", "numero": "3", "tipo__sigla": "POR", "tipo__descricao": "Portaria", "texto_integral": "http://sapl.sarandi.pr.leg.br/media/sapl/public/normajuridica/2019/4332/portaria_no_003-2019_para_site.pdf", "ementa": "NOMEIA A SERVIDORA MARCELA FRITZ DE LIMA MURATORI, OCUPANTE DO CARGO DE OFICIAL LEGISLATIVO, PARA O CARGO DE CONTROLADORA INTERNA DA C\u00c2MARA DE SARANDI, A PARTIR DE 01/01/2019."}, {"id": "4331", "ano": "2019", "numero": "2", "tipo__sigla": "POR", "tipo__descricao": "Portaria", "texto_integral": "http://sapl.sarandi.pr.leg.br/media/sapl/public/normajuridica/2019/4331/portaria_no_002-2019_para_site.pdf", "ementa": "EXONERA O SENHOR EDVAL ROSA SOBRINHO DO CARGO DE ASSESSOR LEGISLATIVO, DO GABINETE DO VEREADOR EUNILDO ZANCHIM."}, {"id": "4330", "ano": "2019", "numero": "1", "tipo__sigla": "POR", "tipo__descricao": "Portaria", "texto_integral": "http://sapl.sarandi.pr.leg.br/media/sapl/public/normajuridica/2019/4330/portaria_no_001-2019_para_site.pdf", "ementa": "EXONERA O SENHOR FABIANO DIGIORGIO, CO CARGO DE DIRETOR DE RELA\u00c7\u00d5ES INSTITUCIONAIS."}, {"id": "4327", "ano": "2018", "numero": "55", "tipo__sigla": "POR", "tipo__descricao": "Portaria", "texto_integral": "http://sapl.sarandi.pr.leg.br/media/sapl/public/normajuridica/2018/4327/portaria_no_055-2018_para_site.pdf", "ementa": "Revoga  Portarias de nomea\u00e7\u00e3o para composi\u00e7\u00e3o de comiss\u00f5es, diretorias, chefias e atribui\u00e7\u00e3o de fun\u00e7\u00f5es gratificadas."}, {"id": "4324", "ano": "2018", "numero": "2462", "tipo__sigla": "LEI", "tipo__descricao": "Lei Ordin\u00e1ria", "texto_integral": "http://sapl.sarandi.pr.leg.br/media/sapl/public/normajuridica/2018/4324/lei_no_2462-2018_para_site.pdf", "ementa": "Institui o Programa Municipal de Parcerias P\u00fablico-Privadas - PPP, e d\u00e1 outras provid\u00eancias."}, {"id": "4323", "ano": "2018", "numero": "2461", "tipo__sigla": "LEI", "tipo__descricao": "Lei Ordin\u00e1ria", "texto_integral": "http://sapl.sarandi.pr.leg.br/media/sapl/public/normajuridica/2018/4323/lei_no_2461-2018_para_site.pdf", "ementa": "Cria Parque Ecol\u00f3gico/Florestal no Munic\u00edpio, na forma que especifica."}, {"id": "4322", "ano": "2018", "numero": "2460", "tipo__sigla": "LEI", "tipo__descricao": "Lei Ordin\u00e1ria", "texto_integral": "http://sapl.sarandi.pr.leg.br/media/sapl/public/normajuridica/2018/4322/lei_no_2460-2018_para_site.pdf", "ementa": "D\u00e1 denomina\u00e7\u00e3o a Rua 9320, situada no Loteamento Ecovalley, na forma que especifica."}, {"id": "4321", "ano": "2018", "numero": "2459", "tipo__sigla": "LEI", "tipo__descricao": "Lei Ordin\u00e1ria", "texto_integral": "http://sapl.sarandi.pr.leg.br/media/sapl/public/normajuridica/2018/4321/lei_no_2459-2018_para_site.pdf", "ementa": "Institui o Di\u00e1rio Oficial dos Munic\u00edpios do Paran\u00e1 como ve\u00edculo oficial de comunica\u00e7\u00e3o, publicidade e divulga\u00e7\u00e3o dos atos normativos e administrativos do Munic\u00edpio de Sarandi."}, {"id": "4320", "ano": "2018", "numero": "2458", "tipo__sigla": "LEI", "tipo__descricao": "Lei Ordin\u00e1ria", "texto_integral": "http://sapl.sarandi.pr.leg.br/media/sapl/public/normajuridica/2018/4320/lei_no_2458-2018_para_site.pdf", "ementa": "Disp\u00f5e sobre a concess\u00e3o e a manuten\u00e7\u00e3o do T\u00edtulo de Utilidade P\u00fablica a entidades no Munic\u00edpio de Sarandi, Estado do Paran\u00e1"}, {"id": "4317", "ano": "2018", "numero": "2457", "tipo__sigla": "LEI", "tipo__descricao": "Lei Ordin\u00e1ria", "texto_integral": "http://sapl.sarandi.pr.leg.br/media/sapl/public/normajuridica/2018/4317/lei_no_2457-2018_-_para_site.pdf", "ementa": "Disp\u00f5e sobre Transposi\u00e7\u00e3o Or\u00e7ament\u00e1ria e Financeira do Poder Legislativo para o Poder Executivo, na forma que especifica."}, {"id": "4329", "ano": "2018", "numero": "367", "tipo__sigla": "LC", "tipo__descricao": "Lei Complementar", "texto_integral": "http://sapl.sarandi.pr.leg.br/media/sapl/public/normajuridica/2018/4329/lei_compl._no_367-2018_para_site.pdf", "ementa": "Altera dispositivos da Lei Complementar n\u00ba 322/2015 - Da Outorga Onerosa do Direito de Construir, na forma que especifica."}, {"id": "4328", "ano": "2018", "numero": "366", "tipo__sigla": "LC", "tipo__descricao": "Lei Complementar", "texto_integral": "http://sapl.sarandi.pr.leg.br/media/sapl/public/normajuridica/2018/4328/lei_compl._no_366-2018_-_para_site.pdf", "ementa": "Disp\u00f5e sobre a cria\u00e7\u00e3o do Sistema de Estacionamento Rotativo Pago (ESTAR) e d\u00e1 outras provid\u00eancias."}, {"id": "4326", "ano": "2018", "numero": "54", "tipo__sigla": "POR", "tipo__descricao": "Portaria", "texto_integral": "http://sapl.sarandi.pr.leg.br/media/sapl/public/normajuridica/2018/4326/portaria_no_054-2018_para_site.pdf", "ementa": "Torna p\u00fablico a aquisi\u00e7\u00e3o de Estabilidade Funcional do Servidor Jo\u00e3o Roberto dos Santos Lopes, matricula 130, ocupante do Cardo de Auxiliar Legislativo."}, {"id": "4325", "ano": "2018", "numero": "53", "tipo__sigla": "POR", "tipo__descricao": "Portaria", "texto_integral": "http://sapl.sarandi.pr.leg.br/media/sapl/public/normajuridica/2018/4325/portaria_no_053-2018_para_site.pdf", "ementa": "Concede Progress\u00e3o Funcional por tempo de servi\u00e7o e m\u00e9rito a servidores deste Legislativo."}, {"id": "4314", "ano": "2018", "numero": "2456", "tipo__sigla": "LEI", "tipo__descricao": "Lei Ordin\u00e1ria", "texto_integral": "http://sapl.sarandi.pr.leg.br/media/sapl/public/normajuridica/2018/4314/lei_no_2456-2018_para_site.pdf", "ementa": "D\u00e1 denomina\u00e7\u00e3o \u00e1 Rua 12, situada nos Jardins Ouro Verde III e IV, na forma que especifica."}, {"id": "4311", "ano": "2018", "numero": "2455", "tipo__sigla": "LEI", "tipo__descricao": "Lei Ordin\u00e1ria", "texto_integral": "http://sapl.sarandi.pr.leg.br/media/sapl/public/normajuridica/2018/4311/lei_no_2455-2018_para_site.pdf", "ementa": "D\u00e1 denomina\u00e7\u00e3o \u00e1 Rua Projetada S, situada no Jardim Ouro Verde III, na forma que especifica."}, {"id": "4312", "ano": "2018", "numero": "2454", "tipo__sigla": "LEI", "tipo__descricao": "Lei Ordin\u00e1ria", "texto_integral": "http://sapl.sarandi.pr.leg.br/media/sapl/public/normajuridica/2018/4312/lei_no_2454-2018_para_site.pdf", "ementa": "Declara de Utilidade P\u00fablica a Casa de Ora\u00e7\u00e3o Pentecostal Reino e Justi\u00e7a Mist\u00e9rio Jesus \u00e9 a Chave."}, {"id": "4313", "ano": "2018", "numero": "2453", "tipo__sigla": "LEI", "tipo__descricao": "Lei Ordin\u00e1ria", "texto_integral": "http://sapl.sarandi.pr.leg.br/media/sapl/public/normajuridica/2018/4313/lei_no_2453-2018_para_site.pdf", "ementa": "Ratifica as altera\u00e7\u00f5es realizadas no Protocolo de Inten\u00e7\u00f5es do Cons\u00f3rcio P\u00fablico Intermunicipal de Gest\u00e3o da AMUSEP - PROAMUSEP e d\u00e1 outras provid\u00eancias."}, {"id": "4315", "ano": "2018", "numero": "2452", "tipo__sigla": "LEI", "tipo__descricao": "Lei Ordin\u00e1ria", "texto_integral": "http://sapl.sarandi.pr.leg.br/media/sapl/public/normajuridica/2018/4315/lei_no_2452-2018_para_site.pdf", "ementa": "Disp\u00f5e sobre a proibi\u00e7\u00e3o de inaugura\u00e7\u00e3o e ou entrega de obras p\u00fablicas inacabadas ou que n\u00e3o estejam em condi\u00e7\u00f5es de atender aos fins a que se destinam."}, {"id": "4310", "ano": "2018", "numero": "52", "tipo__sigla": "POR", "tipo__descricao": "Portaria", "texto_integral": "http://sapl.sarandi.pr.leg.br/media/sapl/public/normajuridica/2018/4310/portaria_no_052-2018_para_site.pdf", "ementa": "NOMEIA A EQUIPE DE PREGOEIROS E A EQUIPE DE APOIO DA C\u00c2MARA MUNICIPAL DE SARANDI."}, {"id": "4309", "ano": "2018", "numero": "51", "tipo__sigla": "POR", "tipo__descricao": "Portaria", "texto_integral": "http://sapl.sarandi.pr.leg.br/media/sapl/public/normajuridica/2018/4309/portaria_no_051-2018_para_site.pdf", "ementa": "DECRETO RECESSO DO EXPEDIENTE DA C\u00c2MARA NO DIA 26/11/2018, SEGUNDA-FERIA, EM VIRTUDE DE FERIADO MUNICIPAL DE NOSSA SENHORA DAS GRA\u00c7AS, PADROEIRA DO MUNIC\u00cdPIO DE SARANDI, EM 27/11/2018."}, {"id": "4308", "ano": "2018", "numero": "2451", "tipo__sigla": "LEI", "tipo__descricao": "Lei Ordin\u00e1ria", "texto_integral": "http://sapl.sarandi.pr.leg.br/media/sapl/public/normajuridica/2018/4308/lei_no_2451-2018_para_site.pdf", "ementa": "Disp\u00f5e sobre o parcelamento de d\u00e9bitos do MUNIC\u00cdPIO DE SARANDI com a CAIXA DE APOSENTADORIA E PENS\u00c3O DOS SERVIDORES MUNICIPAIS DE SARANDI"}, {"id": "4253", "ano": "2018", "numero": "2450", "tipo__sigla": "LEI", "tipo__descricao": "Lei Ordin\u00e1ria", "texto_integral": "http://sapl.sarandi.pr.leg.br/media/sapl/public/normajuridica/2018/4253/lei_no_2450-2018_para_site.pdf", "ementa": "Estima a Receita e fixa a Despesa do Munic\u00edpio de Sarandi para o exerc\u00edcio de 2019, na forma que especifica."}, {"id": "4307", "ano": "2018", "numero": "2449", "tipo__sigla": "LEI", "tipo__descricao": "Lei Ordin\u00e1ria", "texto_integral": "http://sapl.sarandi.pr.leg.br/media/sapl/public/normajuridica/2018/4307/lei_no_2449-2018_para_site.pdf", "ementa": "Disp\u00f5e sobre a altera\u00e7\u00e3o do Anexo de Metas e Prioridades e Anexos de Metas Fiscais da Lei de Diretrizes Or\u00e7ament\u00e1rias \u2013 LDO, do exerc\u00edcio de 2019, na forma que especifica."}, {"id": "4305", "ano": "2018", "numero": "2448", "tipo__sigla": "LEI", "tipo__descricao": "Lei Ordin\u00e1ria", "texto_integral": "http://sapl.sarandi.pr.leg.br/media/sapl/public/normajuridica/2018/4305/lei_no_2448-2018_para_site.pdf", "ementa": "Disp\u00f5e sobre a altera\u00e7\u00e3o dos Anexos do PPA-Plano Plurianual do Munic\u00edpio de Sarandi do quadri\u00eanio 2018 a 2021, na forma que especifica."}, {"id": "4304", "ano": "2018", "numero": "2447", "tipo__sigla": "LEI", "tipo__descricao": "Lei Ordin\u00e1ria", "texto_integral": "http://sapl.sarandi.pr.leg.br/media/sapl/public/normajuridica/2018/4304/lei_ordinaria_no_2447-2018.pdf", "ementa": "Disp\u00f5e sobre a proibi\u00e7\u00e3o, em geral, de eventos de natureza animal no Munic\u00edpio de Sarandi-Pr, sem a pr\u00e9via autoriza\u00e7\u00e3o do COBEM \u2013 Conselho Municipal de Prote\u00e7\u00e3o e Bem Estar Animal."}, {"id": "4303", "ano": "2018", "numero": "2446", "tipo__sigla": "LEI", "tipo__descricao": "Lei Ordin\u00e1ria", "texto_integral": "http://sapl.sarandi.pr.leg.br/media/sapl/public/normajuridica/2018/4303/lei_ordinaria_no_2446-2018.pdf", "ementa": "Disp\u00f5e sobre a inser\u00e7\u00e3o do s\u00edmbolo mundial da conscientiza\u00e7\u00e3o do transtorno do espectro autista nas placas informativas de atendimento priorit\u00e1rio dos estabelecimentos p\u00fablicos e privados do Munic\u00edpio de Sarandi."}, {"id": "4302", "ano": "2018", "numero": "2445", "tipo__sigla": "LEI", "tipo__descricao": "Lei Ordin\u00e1ria", "texto_integral": "http://sapl.sarandi.pr.leg.br/media/sapl/public/normajuridica/2018/4302/lei_ordinaria_no_2445-2018.pdf", "ementa": "Institui no calend\u00e1rio oficial de eventos do Munic\u00edpio de Sarandi a \"Corrida 12 de Outubro\" e d\u00e1 outras provid\u00eancias."}, {"id": "4301", "ano": "2018", "numero": "2444", "tipo__sigla": "LEI", "tipo__descricao": "Lei Ordin\u00e1ria", "texto_integral": "http://sapl.sarandi.pr.leg.br/media/sapl/public/normajuridica/2018/4301/lei_ordinaria_no_2444-2018.pdf", "ementa": "D\u00e1 denomina\u00e7\u00e3o \u00e1 Rua 35, situada nos Jardins Nova Independ\u00eancia 1\u00aa Parte, Aurora, Aurora 2 e Aurora 3, na forma que especifica."}, {"id": "4300", "ano": "2018", "numero": "2443", "tipo__sigla": "LEI", "tipo__descricao": "Lei Ordin\u00e1ria", "texto_integral": "http://sapl.sarandi.pr.leg.br/media/sapl/public/normajuridica/2018/4300/lei_ordinaria_no_2443-2018.pdf", "ementa": "Autoriza o Munic\u00edpio de Sarandi a receber bem im\u00f3vel em doa\u00e7\u00e3o, na forma que especifica."}, {"id": "4299", "ano": "2018", "numero": "2442", "tipo__sigla": "LEI", "tipo__descricao": "Lei Ordin\u00e1ria", "texto_integral": "http://sapl.sarandi.pr.leg.br/media/sapl/public/normajuridica/2018/4299/lei_ordinaria_no_2442-2018.pdf", "ementa": "Disp\u00f5e sobre a obrigatoriedade dos novos loteamentos e empreendimentos imobili\u00e1rios no Munic\u00edpio de Sarandi disponibilizarem placas com a denomina\u00e7\u00e3o e tamb\u00e9m a numera\u00e7\u00e3o do CEP \u2013 C\u00f3digo de Endere\u00e7amento Postal, em todas as esquinas de vias urbanas e d\u00e1 outras provid\u00eancias."}, {"id": "4298", "ano": "2018", "numero": "2441", "tipo__sigla": "LEI", "tipo__descricao": "Lei Ordin\u00e1ria", "texto_integral": "http://sapl.sarandi.pr.leg.br/media/sapl/public/normajuridica/2018/4298/lei_ordinaria_no_2441-2018.pdf", "ementa": "Declara de Utilidade P\u00fablica a Organiza\u00e7\u00e3o Social Cultivando o Amor ao Pr\u00f3ximo \u2013 OSCAP."}, {"id": "4297", "ano": "2018", "numero": "2440", "tipo__sigla": "LEI", "tipo__descricao": "Lei Ordin\u00e1ria", "texto_integral": "http://sapl.sarandi.pr.leg.br/media/sapl/public/normajuridica/2018/4297/lei_ordinaria_no_2440-2018.pdf", "ementa": "Autoriza o Poder Executivo Municipal a efetuar a cobran\u00e7a de contribui\u00e7\u00e3o de melhoria em decorr\u00eancia de execu\u00e7\u00e3o de pavimenta\u00e7\u00e3o asf\u00e1ltica, revestimento em CBUQ com 04 cm, constante do Edital de Contribui\u00e7\u00e3o de Melhoria n\u00ba 002/2018."}, {"id": "4296", "ano": "2018", "numero": "2439", "tipo__sigla": "LEI", "tipo__descricao": "Lei Ordin\u00e1ria", "texto_integral": "http://sapl.sarandi.pr.leg.br/media/sapl/public/normajuridica/2018/4296/lei_ordinaria_no_2439-2018.pdf", "ementa": "Autoriza o Poder Executivo Municipal a efetuar a cobran\u00e7a de contribui\u00e7\u00e3o de melhoria em decorr\u00eancia de execu\u00e7\u00e3o de pavimenta\u00e7\u00e3o asf\u00e1ltica, revestimento em CBUQ com 03 cm, constante do Edital de Contribui\u00e7\u00e3o de Melhoria n\u00ba 002/2017."}, {"id": "4306", "ano": "2018", "numero": "50", "tipo__sigla": "POR", "tipo__descricao": "Portaria", "texto_integral": "http://sapl.sarandi.pr.leg.br/media/sapl/public/normajuridica/2018/4306/portaria_no_050-2018_para_site.pdf", "ementa": "NOMEIA O SENHOR VITOR GOMES BARBOSA, PARA O CARGO DE VIGILANTE DE SEGURAN\u00c7A, DESTE PODER LEGISLATIVO, EM DATA DE 26/10/2018."}, {"id": "4269", "ano": "2018", "numero": "4", "tipo__sigla": "EDC", "tipo__descricao": "Edital - Concurso", "texto_integral": "http://sapl.sarandi.pr.leg.br/media/sapl/public/normajuridica/2018/4269/edital_de_convocacao_no_004-2018.pdf", "ementa": "CONVOCA O SENHOR VITOR GOMES BARBOSA, 3\u00ba COLOCADO NO CONCURSO P\u00daBLICO, ABERTO PELO EDITAL N\u00ba 001/2014, PARA O CARGO DE VIGILANTE DE SEGURAN\u00c7A."}, {"id": "4272", "ano": "2018", "numero": "49", "tipo__sigla": "POR", "tipo__descricao": "Portaria", "texto_integral": "http://sapl.sarandi.pr.leg.br/media/sapl/public/normajuridica/2018/4272/portaria_no_049-2019_para_site.pdf", "ementa": "TORNA P\u00daBLICO A AQUISI\u00c7\u00c3O DA ESTABILIDADE FUNCIONAL DA SERVIDORA GRACIELLE SILVA LIMA, OCUPANTE DO CARGO DE OFICIAL LEGISLATIVO DESTE PODER LEGISLATIVO."}, {"id": "4271", "ano": "2018", "numero": "48", "tipo__sigla": "POR", "tipo__descricao": "Portaria", "texto_integral": "http://sapl.sarandi.pr.leg.br/media/sapl/public/normajuridica/2018/4271/portaria_no_048-2018_para_site.pdf", "ementa": "CONCEDE PROGRESS\u00c3O FUNCIONAL A SERVIDORA HELONISE GRABRIELLA GON\u00c7ALVES PASSOS,  OCUPANTE DO CARGO DE OFICIAL DE SERVI\u00c7OS GERAIS DESTE PODER LEGISLATIVO."}, {"id": "4270", "ano": "2018", "numero": "47", "tipo__sigla": "POR", "tipo__descricao": "Portaria", "texto_integral": "http://sapl.sarandi.pr.leg.br/media/sapl/public/normajuridica/2018/4270/portaria_no_047-2018_para_site.pdf", "ementa": "CONCEDE PROGRESS\u00c3O FUNCIONAL AO SERVIDOR LUCAS ATALIBA RANTIN DE CARVALHO, OCUPANTE DO CARGO DE OFICIAL DE SERVI\u00c7OS GERAIS DESTE PODER LEGISLATIVO."}, {"id": "4268", "ano": "2018", "numero": "3", "tipo__sigla": "EDC", "tipo__descricao": "Edital - Concurso", "texto_integral": "http://sapl.sarandi.pr.leg.br/media/sapl/public/normajuridica/2018/4268/edital_de_convocacao_no_003-2018.pdf", "ementa": "CONVOCA O SENHOR DOUGLAS HIDEKI SODA, 2\u00ba COLOCADO NO CONCURSO P\u00daBLICO, ABERTO PELO EDITAL N\u00ba 001/2014, PARA O CARGO DE VIGILANTE DE SEGURAN\u00c7A."}, {"id": "4267", "ano": "2018", "numero": "2438", "tipo__sigla": "LEI", "tipo__descricao": "Lei Ordin\u00e1ria", "texto_integral": "http://sapl.sarandi.pr.leg.br/media/sapl/public/normajuridica/2018/4267/lei_ordinaria_no_2438-2018.pdf", "ementa": "Disp\u00f5e sobre a implanta\u00e7\u00e3o de Ecopontos no Munic\u00edpio de Sarandi."}, {"id": "4266", "ano": "2018", "numero": "46", "tipo__sigla": "POR", "tipo__descricao": "Portaria", "texto_integral": "http://sapl.sarandi.pr.leg.br/media/sapl/public/normajuridica/2018/4266/portaria_no_046-2019_para_site.pdf", "ementa": "CONCEDE ESTABILIDADE FUNCIONAL AO SERVIDOR LUCAS ATALIBA RANTIN DE CARVALHO,OCUPANTE DO CARGO DE OFICIAL DE SERVI\u00c7OS GERAIS, EM 01/10/2018."}, {"id": "4265", "ano": "2018", "numero": "45", "tipo__sigla": "POR", "tipo__descricao": "Portaria", "texto_integral": "http://sapl.sarandi.pr.leg.br/media/sapl/public/normajuridica/2018/4265/portaria_no_045-2018_para_site.pdf", "ementa": "CONCEDE PROGRESS\u00c3O FUNCIONAL A SERVIDORA CAMILA DE SOUZA BUENO DOS SANTOS, OCUPANTE DO CARGO DE RECEPCIONISTA."}, {"id": "4264", "ano": "2018", "numero": "44", "tipo__sigla": "POR", "tipo__descricao": "Portaria", "texto_integral": "http://sapl.sarandi.pr.leg.br/media/sapl/public/normajuridica/2018/4264/portaria_no_044-2018_para_site.pdf", "ementa": "CONCEDE ESTABILIDADE FUNCIONAL A SERVIDORA SANDRA DA MATA CLEMENTE DUARTE, OCUPANTE DO CARGO DE OFICIAL DE SERVI\u00c7OS GERAIS, EM 01/10/2018."}, {"id": "4262", "ano": "2018", "numero": "43", "tipo__sigla": "POR", "tipo__descricao": "Portaria", "texto_integral": "http://sapl.sarandi.pr.leg.br/media/sapl/public/normajuridica/2018/4262/portaria_no_043-2018_para_site.pdf", "ementa": "NOMEIA A COMISS\u00c3O PERMANENTE DE AVALIA\u00c7\u00c3O DA C\u00c2MARA MUNICIPAL DE SARANDI- ESTADO DO PARAN\u00c1."}, {"id": "4509", "ano": "2018", "numero": "3", "tipo__sigla": "RES", "tipo__descricao": "Resolu\u00e7\u00e3o", "texto_integral": "http://sapl.sarandi.pr.leg.br/media/sapl/public/normajuridica/2018/4509/resolucao_no_003-2018_para_site.pdf", "ementa": "Altera a Resolu\u00e7\u00e3o N\u00b0 002/2017, disp\u00f5e sobre a redefini\u00e7\u00e3o da estrutura organizacional da C\u00e2mara Municipal de Sarandi, e d\u00e1 outras provid\u00eancias."}, {"id": "4258", "ano": "2018", "numero": "4", "tipo__sigla": "EDA", "tipo__descricao": "Edital - Audi\u00eancia", "texto_integral": "http://sapl.sarandi.pr.leg.br/media/sapl/public/normajuridica/2018/4258/edital_004.2018.pdf", "ementa": "O PRESIDENTE DA C\u00c2MARA MUNICIPAL DE SARANDI, SENHOR CARLOS ROBERTO FALASCHI \u201cLE\u00c3O\u201d, NO USO DE SUAS ATRIBUI\u00c7\u00d5ES LEGAIS, E EM ESPECIAL O ARTIGO 9\u00ba PAR\u00c1GRAFO 4\u00ba, DA LEI COMPLEMENTAR N\u00ba 101/2000, DE 04/05/2000, \u201cLRF \u2013 LEI DE RESPONSABILIDADE FISCAL\u201d, C O N V I D A, PARA A \u201cAUDI\u00caNCIA P\u00daBLICA\u201d, DE DEMONSTRA\u00c7\u00c3O E AVALIA\u00c7\u00c3O E CUMPRIMENTO DAS METAS FISCAIS DO 2\u00ba QUADRIMESTRE DE 2018, OU SEJA, DOS MESES DE MAIO, JUNHO, JULHO E AGOSTO DE 2018, DO PODER EXECUTIVO MUNICIPAL, DA CAIXA DE APOSENTADORIA E PENS\u00c3O DOS SERVIDORES MUNICIPAIS DE SARANDI - PRESERV, E \u00c1GUAS DE SARANDI - SERVI\u00c7O MUNICIPAL DE SANEAMENTO AMBIENTAL, QUE ACONTECER\u00c1, DIA 28 DE SETEMBRO DE 2018, \u00c0S 18:00 HORAS, NESTA CASA DE LEIS."}, {"id": "4257", "ano": "2018", "numero": "2", "tipo__sigla": "ATM", "tipo__descricao": "Ato da Mesa", "texto_integral": "http://sapl.sarandi.pr.leg.br/media/sapl/public/normajuridica/2018/4257/ato_da_mesa_no_002-2018.pdf", "ementa": "Transfere a Sess\u00e3o Ordin\u00e1ria do dia 24/09/2018 para o dia 25/09/2018, em virtude do falecimento de familiar do Vereador Erasmo Cardoso Pereira."}, {"id": "4260", "ano": "2018", "numero": "2437", "tipo__sigla": "LEI", "tipo__descricao": "Lei Ordin\u00e1ria", "texto_integral": "http://sapl.sarandi.pr.leg.br/media/sapl/public/normajuridica/2018/4260/lei_ordinaria_no_2437-2018.pdf", "ementa": "Autoriza o Munic\u00edpio de Sarandi a receber bem im\u00f3vel em doa\u00e7\u00e3o, na forma que especifica."}, {"id": "4256", "ano": "2018", "numero": "42", "tipo__sigla": "POR", "tipo__descricao": "Portaria", "texto_integral": "http://sapl.sarandi.pr.leg.br/media/sapl/public/normajuridica/2018/4256/portaria_no_042-2018_para_site.pdf", "ementa": "NOMEIA O O SENHOR LUIZ SIDINEI DE MORAIS, PARA O CARGO DE ASSESSOR LEGISLATIVO, NO GABINETE DO VEREADOR ERASMO CARDOSO PEREIRA."}, {"id": "4255", "ano": "2018", "numero": "41", "tipo__sigla": "POR", "tipo__descricao": "Portaria", "texto_integral": "http://sapl.sarandi.pr.leg.br/media/sapl/public/normajuridica/2018/4255/portaria_no_041-2018_para_site.pdf", "ementa": "EXONERA \u00c1 PEDIDO VERUSCA MICHELLE PINTO DO CARGO DE ASSESSORA LEGISLATIVA DO GABINETE DO VEREADOR ERASMO CARDOSO PEREIRA."}, {"id": "4261", "ano": "2018", "numero": "2436", "tipo__sigla": "LEI", "tipo__descricao": "Lei Ordin\u00e1ria", "texto_integral": "http://sapl.sarandi.pr.leg.br/media/sapl/public/normajuridica/2018/4261/lei_ordinaria_no_2436-2018.pdf", "ementa": "Autoriza o Chefe do Poder Executivo do Munic\u00edpio de Sarandi a efetuar permuta de im\u00f3veis e d\u00e1 outras provid\u00eancias."}, {"id": "4249", "ano": "2018", "numero": "40", "tipo__sigla": "POR", "tipo__descricao": "Portaria", "texto_integral": "http://sapl.sarandi.pr.leg.br/media/sapl/public/normajuridica/2018/4249/portaria_no_040-2018_para_site.pdf", "ementa": "NOMEIA O SENHOR MARLON BIF PARA O CARGO DE OFICIAL LEGISLATIVO DESTE PODER LEGISLATIVO."}, {"id": "4248", "ano": "2018", "numero": "39", "tipo__sigla": "POR", "tipo__descricao": "Portaria", "texto_integral": "http://sapl.sarandi.pr.leg.br/media/sapl/public/normajuridica/2018/4248/portaria_no_039-2018_para_site.pdf", "ementa": "EXONERA \u00c0 PEDIDO O SENHOR LORHAN HENRIQUE COSTA, do cargo de Oficial Legislativo desta Casa de Leis,em data de 26/08/2018."}, {"id": "4247", "ano": "2018", "numero": "38", "tipo__sigla": "POR", "tipo__descricao": "Portaria", "texto_integral": "http://sapl.sarandi.pr.leg.br/media/sapl/public/normajuridica/2018/4247/portaria_no_038-2018_para_site.pdf", "ementa": "DESIGNA A SERVIDORA GRACIELLE SILVA LIMA PARA RESPONDER PELO DEPARTAMENTO FINANCEIRO - DEFI PELO PER\u00cdODO DE 27/0/82018 \u00c0 13/09/2018."}, {"id": "4246", "ano": "2018", "numero": "37", "tipo__sigla": "POR", "tipo__descricao": "Portaria", "texto_integral": "http://sapl.sarandi.pr.leg.br/media/sapl/public/normajuridica/2018/4246/portaria_no_037-2018_para_site.pdf", "ementa": "NOMEIA A NOVA COMISS\u00c3O DE LICITA\u00c7\u00c3O PELO PER\u00cdODO DE 12 (DOZE) MESES."}, {"id": "4245", "ano": "2018", "numero": "36", "tipo__sigla": "POR", "tipo__descricao": "Portaria", "texto_integral": "http://sapl.sarandi.pr.leg.br/media/sapl/public/normajuridica/2018/4245/portaria_no_036-2018_para_site.pdf", "ementa": "NOMEAR O SERVIDOR JO\u00c3O ROBERTO DOS SANTOS LOPES, INSCRITO NO CPF SOB O N\u00b0 064.844.249-77, OCUPANTE DO CARGO DE AUXILIAR LEGISLATIVO DO QUADRO DE SERVIDORES PERMANENTES, PARA OCUPAR A FUN\u00c7\u00c3O DE CONTROLADOR INTERNO DA C\u00c2MARA MUNICIPAL DE  SARANDI, A PARTIR DE 27/08/2018, NOS TERMOS DO ARTIGO 5\u00b0 DA LEI COMPLEMENTAR N\u00b0309/2014."}, {"id": "4254", "ano": "2018", "numero": "2435", "tipo__sigla": "LEI", "tipo__descricao": "Lei Ordin\u00e1ria", "texto_integral": "http://sapl.sarandi.pr.leg.br/media/sapl/public/normajuridica/2018/4254/lei_ordinaria_no_2435-2018.pdf", "ementa": "Disp\u00f5e sobre o funcionamento aos domingos e feriados do com\u00e9rcio de g\u00eaneros aliment\u00edcios em mercados, supermercados e hipermercados, cuja atividade preponderante seja a comercializa\u00e7\u00e3o de alimentos, sujeito \u00e0 autoriza\u00e7\u00e3o a ser concedida pelo Poder Executivo Municipal."}, {"id": "4239", "ano": "2018", "numero": "2434", "tipo__sigla": "LEI", "tipo__descricao": "Lei Ordin\u00e1ria", "texto_integral": "http://sapl.sarandi.pr.leg.br/media/sapl/public/normajuridica/2018/4239/lei_ordinaria_no_2434-2018.pdf", "ementa": "Disp\u00f5e sobre a abertura de Cr\u00e9dito Adicional Especial na forma que especifica."}, {"id": "4236", "ano": "2018", "numero": "2433", "tipo__sigla": "LEI", "tipo__descricao": "Lei Ordin\u00e1ria", "texto_integral": "http://sapl.sarandi.pr.leg.br/media/sapl/public/normajuridica/2018/4236/lei_ordinaria_no_2433-2018.pdf", "ementa": "Altera o Art. 5\u00ba, da Lei N\u00ba 2.425/2018, de 11/07/2018, na forma que especifica."}, {"id": "4237", "ano": "2018", "numero": "2432", "tipo__sigla": "LEI", "tipo__descricao": "Lei Ordin\u00e1ria", "texto_integral": "http://sapl.sarandi.pr.leg.br/media/sapl/public/normajuridica/2018/4237/lei_ordinaria_no_2432-2018.pdf", "ementa": "Disp\u00f5e sobre a Disponibiliza\u00e7\u00e3o e Acesso a Informa\u00e7\u00f5es no Portal da Transpar\u00eancia, conforme Lei Complementar Federal 131/2009 (Lei da Transpar\u00eancia), Lei Federal 12.527/2011 (Lei de Acesso a Informa\u00e7\u00e3o)."}, {"id": "4235", "ano": "2018", "numero": "2431", "tipo__sigla": "LEI", "tipo__descricao": "Lei Ordin\u00e1ria", "texto_integral": "http://sapl.sarandi.pr.leg.br/media/sapl/public/normajuridica/2018/4235/lei_ordinaria__no_2431-2018.pdf", "ementa": "D\u00e1 denomina\u00e7\u00e3o \u00e0 Rua 34, situada nos Jardins Nova Independ\u00eancia 1\u00aa Parte, Aurora, Aurora 2 e Aurora 3, na forma que especifica."}, {"id": "4234", "ano": "2018", "numero": "2430", "tipo__sigla": "LEI", "tipo__descricao": "Lei Ordin\u00e1ria", "texto_integral": "http://sapl.sarandi.pr.leg.br/media/sapl/public/normajuridica/2018/4234/lei_ordinaria_no_2430-2018.pdf", "ementa": "Disp\u00f5e sobre a regulamenta\u00e7\u00e3o de doa\u00e7\u00e3o, permuta, repasse e o descarte de livros de Bibliotecas P\u00fablicas do Munic\u00edpio de Sarandi."}, {"id": "4233", "ano": "2018", "numero": "2429", "tipo__sigla": "LEI", "tipo__descricao": "Lei Ordin\u00e1ria", "texto_integral": "http://sapl.sarandi.pr.leg.br/media/sapl/public/normajuridica/2018/4233/lei_ordinaria__no_2429-2018.pdf", "ementa": "Disp\u00f5e sobre a realiza\u00e7\u00e3o da EXPORANDI, na forma que especifica."}, {"id": "4238", "ano": "2018", "numero": "2428", "tipo__sigla": "LEI", "tipo__descricao": "Lei Ordin\u00e1ria", "texto_integral": "http://sapl.sarandi.pr.leg.br/media/sapl/public/normajuridica/2018/4238/lei_ordinaria_no_2428-2018.pdf", "ementa": "Disp\u00f5e sobre a abertura de Cr\u00e9dito Adicional Especial e d\u00e1 outras provid\u00eancias."}, {"id": "4242", "ano": "2018", "numero": "365", "tipo__sigla": "LC", "tipo__descricao": "Lei Complementar", "texto_integral": "http://sapl.sarandi.pr.leg.br/media/sapl/public/normajuridica/2018/4242/lei_compl._no_365-2018.pdf", "ementa": "Altera dispositivos da Lei Complementar n\u00ba 070/2001, de 26/12/2001, que disp\u00f5e sobre o Sistema Tribut\u00e1rio do Munic\u00edpio de Sarandi \u201cC\u00f3digo Tribut\u00e1rio\u201d, na forma que especifica"}, {"id": "4241", "ano": "2018", "numero": "364", "tipo__sigla": "LC", "tipo__descricao": "Lei Complementar", "texto_integral": "http://sapl.sarandi.pr.leg.br/media/sapl/public/normajuridica/2018/4241/lei_compl._no_364-2018.pdf", "ementa": "Disp\u00f5e sobre a cria\u00e7\u00e3o e regulamenta\u00e7\u00e3o do Organograma da Corregedoria e Ouvidoria da Guarda Municipal de Sarandi e d\u00e1 outras provid\u00eancias."}, {"id": "4240", "ano": "2018", "numero": "363", "tipo__sigla": "LC", "tipo__descricao": "Lei Complementar", "texto_integral": "http://sapl.sarandi.pr.leg.br/media/sapl/public/normajuridica/2018/4240/lei_compl._no_363-2018.pdf", "ementa": "Disp\u00f5e sobre a revoga\u00e7\u00e3o do art. 8\u00ba, da Lei Complementar N\u00ba 297/2014, de 24/02/2014, na forma que especifica."}, {"id": "4252", "ano": "2018", "numero": "2", "tipo__sigla": "RES", "tipo__descricao": "Resolu\u00e7\u00e3o", "texto_integral": "http://sapl.sarandi.pr.leg.br/media/sapl/public/normajuridica/2018/4252/res._no_002-2018_para_site.pdf", "ementa": "Regulamenta a utiliza\u00e7\u00e3o do Plen\u00e1rio da C\u00e2mara de Vereadores por terceiros e d\u00e1 outros procedimentos."}, {"id": "4251", "ano": "2018", "numero": "2", "tipo__sigla": "EDC", "tipo__descricao": "Edital - Concurso", "texto_integral": "http://sapl.sarandi.pr.leg.br/media/sapl/public/normajuridica/2018/4251/edital_de_convocacao_no_002-2018.pdf", "ementa": "CONVOCA O 6\u00ba COLOCADO NO CARGO DE OFICIAL LEGISLATIVO."}, {"id": "4244", "ano": "2018", "numero": "35", "tipo__sigla": "POR", "tipo__descricao": "Portaria", "texto_integral": "http://sapl.sarandi.pr.leg.br/media/sapl/public/normajuridica/2018/4244/portaria_no_035-2018.pdf", "ementa": "NOMEIA A SENHORA MARCELA FRITZ DE LIMA MURATORI, PARA O CARGO DE OFICIAL LEGISLATIVO DESTA CASA DE LEIS."}, {"id": "4243", "ano": "2018", "numero": "1", "tipo__sigla": "ATM", "tipo__descricao": "Ato da Mesa", "texto_integral": "http://sapl.sarandi.pr.leg.br/media/sapl/public/normajuridica/2018/4243/ato_da_mesa_no_001-2018.pdf", "ementa": "Regulamenta o regime de compensa\u00e7\u00e3o de horas na C\u00e2mara Municipal de Sarandi - PR."}, {"id": "4226", "ano": "2018", "numero": "34", "tipo__sigla": "POR", "tipo__descricao": "Portaria", "texto_integral": "http://sapl.sarandi.pr.leg.br/media/sapl/public/normajuridica/2018/4226/portaria_no_034-2018.pdf", "ementa": "CONCEDER PROGRESS\u00c3O FUNCIONAL POR TEMPO DE SERVI\u00c7O E M\u00c9RITO \u00c0 SERVIDORA ANGELA ALVES DE ALMEIDA, MATRICULA 113, OCUPANTE DO CARGO DE OPERADORA DE COMUNICA\u00c7\u00c3O, GRUPO OPERACIONAL LEGISLATIVO \u2014 GOL-4, PARA O NIVEL REFERENCIAL GOL-4B REFER\u00caNCIA 08 DO QUADRO DE PESSOAL EFETIVO."}, {"id": "4250", "ano": "2018", "numero": "1", "tipo__sigla": "EDC", "tipo__descricao": "Edital - Concurso", "texto_integral": "http://sapl.sarandi.pr.leg.br/media/sapl/public/normajuridica/2018/4250/edital_de_convocacao_no_001-2018.pdf", "ementa": "CONVOCA A 5\u00aa COLOCADA NO CARGO DE OFICIAL LEGISLATIVO."}, {"id": "4223", "ano": "2018", "numero": "33", "tipo__sigla": "POR", "tipo__descricao": "Portaria", "texto_integral": "http://sapl.sarandi.pr.leg.br/media/sapl/public/normajuridica/2018/4223/portaria_no_033-2018.pdf", "ementa": "CONCEDER \u00c0 SERVIDORA CAMILA DE SOUZA BUENO DOS SANTOS, CPF N\u00b0 023.524.399-06, OCUPANTE DO CARGO DE RECEPCIONISTA, 50% (CINQUENTA POR CENTO) DE FUN\u00c7\u00c3O GRATIFICADA \u2014 FG PELO EXERC\u00cdCIO DA FUN\u00c7\u00c3O DE PRESIDENTE COMISS\u00c3O PERMANENTE DE REVIS\u00c3O, REAVALIA\u00c7\u00c3O E DETERIORA\u00c7\u00c3O DE BENS M\u00d3VEIS E IM\u00d3VEIS DA C\u00c2MARA MUNICIPAL DE SARANDI."}, {"id": "4222", "ano": "2018", "numero": "32", "tipo__sigla": "POR", "tipo__descricao": "Portaria", "texto_integral": "http://sapl.sarandi.pr.leg.br/media/sapl/public/normajuridica/2018/4222/portaria_no_032-2018.pdf", "ementa": "CONCEDER \u00c0 SERVIDORA LUCAS ATALIBA RANTIN DE CARVALHO, CPF N\u00b0 099.711.639-00, OCUPANTE DO CARGO DE OFICIAL DE SERVI\u00c7OS GERAIS, 35% (TRINTA E CINCO POR CENTO) DE FUN\u00c7\u00c3O GRATIFICADA \u2014 FG PELO EXERC\u00cdCIO DA FUN\u00c7\u00c3O DE SECRET\u00c1RIO DA COMISS\u00c3O PERMANENTE DE REVIS\u00c3O, REAVALIA\u00c7\u00c3O E DETERIORA\u00c7\u00c3O DE BENS M\u00d3VEIS E IM\u00d3VEIS DA C\u00c2MARA MUNICIPAL DE SARANDI"}, {"id": "4221", "ano": "2018", "numero": "31", "tipo__sigla": "POR", "tipo__descricao": "Portaria", "texto_integral": "http://sapl.sarandi.pr.leg.br/media/sapl/public/normajuridica/2018/4221/portaria_no_031-2018.pdf", "ementa": "NOMEAR OS SERVIDORES CAMILA DE SOUZA BUENO DOS SANTOS, CPF N\u00b0 023.524.399-06, OCUPANTE DO CARGO DE RECEPCIONISTA, E LUCAS ATALIBA RANTIN DE CARVALHO, CPF N\u00b0 099.711.639-00, OCUPANTE DO CARGO DE OFICIAL DE SERVI\u00c7OS GERAIS, PARA COMPOREM A COMISS\u00c3O PERMANENTE DE REVIS\u00c3O, REAVALIA\u00c7\u00c3O E DETERIORA\u00c7\u00c3O DE BENS M\u00d3VEIS E IM\u00d3VEIS DA C\u00c2MARA MUNICIPAL DE SARANDI, PARA OS CARGOS DE PRESIDENTE E SECRET\u00c1RIO RESPECTIVAMENTE."}, {"id": "4230", "ano": "2018", "numero": "2427", "tipo__sigla": "LEI", "tipo__descricao": "Lei Ordin\u00e1ria", "texto_integral": "http://sapl.sarandi.pr.leg.br/media/sapl/public/normajuridica/2018/4230/lei_ordinaria_no_2427-2018_Ytugjp5.pdf", "ementa": "Disp\u00f5e sobre a instala\u00e7\u00e3o e o uso de extens\u00e3o tempor\u00e1ria de passeio p\u00fablico, denominada Parklet."}, {"id": "4229", "ano": "2018", "numero": "2426", "tipo__sigla": "LEI", "tipo__descricao": "Lei Ordin\u00e1ria", "texto_integral": "http://sapl.sarandi.pr.leg.br/media/sapl/public/normajuridica/2018/4229/lei_ordinaria_no_2426-2018_LK3HoTa.pdf", "ementa": "Disp\u00f5e sobre a obrigatoriedade de instala\u00e7\u00e3o de placas de sinaliza\u00e7\u00e3o com respectivo hor\u00e1rio de funcionamento de feiras livres localizadas no munic\u00edpio de Sarandi e d\u00e1 outras provid\u00eancias."}, {"id": "4228", "ano": "2018", "numero": "2425", "tipo__sigla": "LEI", "tipo__descricao": "Lei Ordin\u00e1ria", "texto_integral": "http://sapl.sarandi.pr.leg.br/media/sapl/public/normajuridica/2018/4228/lei_ordinaria_no_2425-2018_uSPPCLT.pdf", "ementa": "Pro\u00edbe que pessoas que cometerem maus tratos ou abandono a animais dom\u00e9sticos possam obter novamente sua guarda e de outros animais."}, {"id": "4212", "ano": "2018", "numero": "2424", "tipo__sigla": "LEI", "tipo__descricao": "Lei Ordin\u00e1ria", "texto_integral": "http://sapl.sarandi.pr.leg.br/media/sapl/public/normajuridica/2018/4212/lei_ordinaria_no_2424-2018.pdf", "ementa": "Disp\u00f5e sobre a isen\u00e7\u00e3o do pagamento de valores a t\u00edtulo de inscri\u00e7\u00e3o em concursos p\u00fablicos, no \u00e2mbito do Munic\u00edpio de Sarandi, para os eleitores convocados e nomeados, que tenham prestado servi\u00e7o eleitoral."}, {"id": "4213", "ano": "2018", "numero": "2423", "tipo__sigla": "LEI", "tipo__descricao": "Lei Ordin\u00e1ria", "texto_integral": "http://sapl.sarandi.pr.leg.br/media/sapl/public/normajuridica/2018/4213/lei_ordinaria_no_2423-2018.pdf", "ementa": "Institui como Pol\u00edtica P\u00fablica o Programa Educacional de Resist\u00eancia \u00e0s Drogas e \u00e0 Viol\u00eancia - PROERD - no Munic\u00edpio de Sarandi-Pr."}, {"id": "4210", "ano": "2018", "numero": "1", "tipo__sigla": "RES", "tipo__descricao": "Resolu\u00e7\u00e3o", "texto_integral": "http://sapl.sarandi.pr.leg.br/media/sapl/public/normajuridica/2018/4210/res._no_001-2018.pdf", "ementa": "Cria o registro de Frentes Parlamentares na C\u00e2mara Municipal de Sarandi, Estado do Paran\u00e1."}, {"id": "4217", "ano": "2018", "numero": "27", "tipo__sigla": "POR", "tipo__descricao": "Portaria", "texto_integral": "http://sapl.sarandi.pr.leg.br/media/sapl/public/normajuridica/2018/4217/portaria_n_0027-2018.pdf", "ementa": "DEFINE HOR\u00c1RIO DE EXPEDIENTE DA C\u00c2MARA MUNICIPAL, NO DIA 06 DE JULHO DE 2018."}, {"id": "4220", "ano": "2018", "numero": "30", "tipo__sigla": "POR", "tipo__descricao": "Portaria", "texto_integral": "http://sapl.sarandi.pr.leg.br/media/sapl/public/normajuridica/2018/4220/portaria_n_0030-2018.pdf", "ementa": "CONCEDER \u00c0 SERVIDORA ANGELA ALVES DE ALMEIDA, CPF N\u00b0 035.349.789-43, OCUPANTE DO CARGO DE OPERADORA DE COMUNICA\u00c7\u00c3O, 35% (TRINTA E CINCO POR CENTO) DE FUN\u00c7\u00c3O GRATIFICADA \u2014 FG PELO EXERC\u00cdCIO DA FUN\u00c7\u00c3O DE SECRET\u00c1RIA DA COMISS\u00c3O DE CONTROLE ESPECIAL DE RECEBIMENTOS DE BENS PATRIMONIAIS DA C\u00c2MARA MUNICIPAL DE SARANDI."}, {"id": "4219", "ano": "2018", "numero": "29", "tipo__sigla": "POR", "tipo__descricao": "Portaria", "texto_integral": "http://sapl.sarandi.pr.leg.br/media/sapl/public/normajuridica/2018/4219/portaria_n_0029-2018.pdf", "ementa": "CONCEDER \u00c0 SERVIDORA CAMILA DE SOUZA BUENO DOS SANTOS, CPF N\u00b0 023.524.399-06, OCUPANTE DO CARGO DE RECEPCIONISTA, 35% (TRINTA E CINCO POR CENTO) DE FUN\u00c7\u00c3O GRATIFICADA \u2014 FG PELO EXERC\u00cdCIO DA FUN\u00c7\u00c3O DE PRESIDENTE DA COMISS\u00c3O DE CONTROLE ESPECIAL DE RECEBIMENTOS DE BENS PATRIMONIAIS DA C\u00c2MARA MUNICIPAL DE SARANDI."}, {"id": "4218", "ano": "2018", "numero": "28", "tipo__sigla": "POR", "tipo__descricao": "Portaria", "texto_integral": "http://sapl.sarandi.pr.leg.br/media/sapl/public/normajuridica/2018/4218/portaria_n_0028-2018.pdf", "ementa": "NOMEAR AS SERVIDORAS CAMILA DE SOUZA BUENO DOS SANTOS, CPF N\u00b0 023.524.399-06, OCUPANTE DO CARGO DE RECEPCIONISTA E ANGELA ALVES DE  ALMEIDA, CPF N\u00b0 035.349.789-43, OCUPANTE DO CARGO DE OPERADORA DE COMUNICA\u00c7\u00c3O, PARA COMPOREM A COMISS\u00c3O DE CONTROLE ESPECIAL DE RECEBIMENTOS DE BENS PATRIMONIAIS DA C\u00c2MARA MUNICIPAL DE SARANDI, NOS CARGOS DE PRESIDENTE E SECRET\u00c1RIA, RESPECTIVAMENTE."}, {"id": "4227", "ano": "2018", "numero": "2422", "tipo__sigla": "LEI", "tipo__descricao": "Lei Ordin\u00e1ria", "texto_integral": "http://sapl.sarandi.pr.leg.br/media/sapl/public/normajuridica/2018/4227/lei_ordinaria_no_2422-2018.pdf", "ementa": "Autoriza a Doa\u00e7\u00e3o de Im\u00f3veis ao Servi\u00e7o Municipal de Saneamento Ambiental \u2014 \u00c1guas de Sarandi, na forma que especifica."}, {"id": "4231", "ano": "2018", "numero": "362", "tipo__sigla": "LC", "tipo__descricao": "Lei Complementar", "texto_integral": "http://sapl.sarandi.pr.leg.br/media/sapl/public/normajuridica/2018/4231/lei_compl._no_362-2018.pdf", "ementa": "Disp\u00f5e sobre a altera\u00e7\u00e3o da Lei Complementar n\u00b0 265/2012, que trata da cria\u00e7\u00e3o da Secretaria Municipal de Tr\u00e2nsito, Transporte e Seguran\u00e7a P\u00fablica, na forma que especifica."}, {"id": "4216", "ano": "2018", "numero": "26", "tipo__sigla": "POR", "tipo__descricao": "Portaria", "texto_integral": "http://sapl.sarandi.pr.leg.br/media/sapl/public/normajuridica/2018/4216/portaria_n_0026-2018.pdf", "ementa": "NOMEAR \u2014 VERUSCA MICHELLE PINTO, brasileira, portadora do RG 7.610.274-0 SSP/PR, inscrita no CPF 039.041.898-39, para o cargo de ASSESSORA \r\nLEGISLATIVA, s\u00edmbolo CC-3, do Quadro de Pessoal de provimento em Comiss\u00e3o, no Gabinete do vereador Erasmo Cardoso Pereira nesta Casa de Leis."}, {"id": "4215", "ano": "2018", "numero": "25", "tipo__sigla": "POR", "tipo__descricao": "Portaria", "texto_integral": "http://sapl.sarandi.pr.leg.br/media/sapl/public/normajuridica/2018/4215/portaria_n_0025-2018.pdf", "ementa": "Exonerar a pedido LUIZ SIDNEI DE MORAIS, portador do CPF n\u00b0 773.553.349-72, do cargo de Assessor Legislativo, S\u00edmbolo CC3, do Quadro de Pessoal de Provimento em Comiss\u00e3o deste Poder."}, {"id": "4214", "ano": "2018", "numero": "24", "tipo__sigla": "POR", "tipo__descricao": "Portaria", "texto_integral": "http://sapl.sarandi.pr.leg.br/media/sapl/public/normajuridica/2018/4214/portaria_n_0024-2018.pdf", "ementa": "Define hor\u00e1rio de expediente no  dia 27 de junho de 2018, quarta-feira, da C\u00e2mara Municipal de Sarandi."}, {"id": "4225", "ano": "2018", "numero": "2421", "tipo__sigla": "LEI", "tipo__descricao": "Lei Ordin\u00e1ria", "texto_integral": "http://sapl.sarandi.pr.leg.br/media/sapl/public/normajuridica/2018/4225/lei_ordinaria_no_2421-2018.pdf", "ementa": "Disp\u00f5e sobre as Diretrizes para a elabora\u00e7\u00e3o e execu\u00e7\u00e3o da Lei Or\u00e7ament\u00e1ria para o exerc\u00edcio de 2019 e d\u00e1 outras provid\u00eancias."}, {"id": "4224", "ano": "2018", "numero": "2420", "tipo__sigla": "LEI", "tipo__descricao": "Lei Ordin\u00e1ria", "texto_integral": "http://sapl.sarandi.pr.leg.br/media/sapl/public/normajuridica/2018/4224/lei_ordinaria_no_2420-2018.pdf", "ementa": "Disp\u00f5e sobre a altera\u00e7\u00e3o dos Anexos do PPA-Plano Plurianual do Munic\u00edpio de Sarandi do quadri\u00eanio 2018 a 2021, na forma que especifica."}, {"id": "4202", "ano": "2018", "numero": "23", "tipo__sigla": "POR", "tipo__descricao": "Portaria", "texto_integral": "http://sapl.sarandi.pr.leg.br/media/sapl/public/normajuridica/2018/4202/portaria_n_0023-2018.pdf", "ementa": "REGULAMENTAR OS PROCEDIMENTOS PARA O USO DO CORREIO ELETR\u00d4NICO INSTITUCIONAL E NORMATIZAR AS REGRAS PARA CRIA\u00c7\u00c3O E EXCLUS\u00c3O DE CAIXAS POSTAIS INSTITUCIONAIS NO \u00c2MBITO DA C\u00c2MARA MUNICIPAL DE SARANDI - ESTADO DO PARAN\u00c1, CONFORME ANEXOS DESTA PORTARIA."}, {"id": "4209", "ano": "2018", "numero": "2419", "tipo__sigla": "LEI", "tipo__descricao": "Lei Ordin\u00e1ria", "texto_integral": "http://sapl.sarandi.pr.leg.br/media/sapl/public/normajuridica/2018/4209/lei_ordinaria_no_2419-2018_4FxaGUj.pdf", "ementa": "Institui o exame de sa\u00fade mental \u00e0 Guarda Municipal de Sarandi."}, {"id": "4208", "ano": "2018", "numero": "2418", "tipo__sigla": "LEI", "tipo__descricao": "Lei Ordin\u00e1ria", "texto_integral": "http://sapl.sarandi.pr.leg.br/media/sapl/public/normajuridica/2018/4208/lei_no_2418-2018_para_site.pdf", "ementa": "Disp\u00f5e sobre o Sistema de Transporte Coletivo de Passageiros no Munic\u00edpio de Sarandi e d\u00e1 outras provid\u00eancias."}, {"id": "4207", "ano": "2018", "numero": "2417", "tipo__sigla": "LEI", "tipo__descricao": "Lei Ordin\u00e1ria", "texto_integral": "http://sapl.sarandi.pr.leg.br/media/sapl/public/normajuridica/2018/4207/lei_ordinaria_no_2417-2018.pdf", "ementa": "Autoriza o Chefe do Poder Executivo Municipal a desafetar \u00e1rea verde, na forma que especifica."}, {"id": "4206", "ano": "2018", "numero": "2416", "tipo__sigla": "LEI", "tipo__descricao": "Lei Ordin\u00e1ria", "texto_integral": "http://sapl.sarandi.pr.leg.br/media/sapl/public/normajuridica/2018/4206/lei_no_2416-2018_para_site.pdf", "ementa": "D\u00e1 denomina\u00e7\u00e3o a Rua 9327, situada no Loteamento Ecovalley, na forma que especifica."}, {"id": "4205", "ano": "2018", "numero": "2415", "tipo__sigla": "LEI", "tipo__descricao": "Lei Ordin\u00e1ria", "texto_integral": "http://sapl.sarandi.pr.leg.br/media/sapl/public/normajuridica/2018/4205/lei_no_2415-2018_para_site.pdf", "ementa": "Institui o Conselho Municipal de Sa\u00fade de Sarandi - CMS e d\u00e1 outras provid\u00eancias."}, {"id": "4204", "ano": "2018", "numero": "361", "tipo__sigla": "LC", "tipo__descricao": "Lei Complementar", "texto_integral": "http://sapl.sarandi.pr.leg.br/media/sapl/public/normajuridica/2018/4204/lei_compl._no_361-2018_para_site.pdf", "ementa": "Disp\u00f5e sobre a altera\u00e7\u00e3o da Lei Complementar n\u00b0 265/2012, que trata da cria\u00e7\u00e3o da Secretaria Municipal de Tr\u00e2nsito, Transporte e Seguran\u00e7a P\u00fablica, na forma que especifica."}, {"id": "4203", "ano": "2018", "numero": "360", "tipo__sigla": "LC", "tipo__descricao": "Lei Complementar", "texto_integral": "http://sapl.sarandi.pr.leg.br/media/sapl/public/normajuridica/2018/4203/lei_compl._no_360-2018_para_site.pdf", "ementa": "Altera o Anexo II, da Lei Complementar 159/2007, na forma que especifica."}, {"id": "4201", "ano": "2018", "numero": "22", "tipo__sigla": "POR", "tipo__descricao": "Portaria", "texto_integral": "http://sapl.sarandi.pr.leg.br/media/sapl/public/normajuridica/2018/4201/portaria_n_0022-2018.pdf", "ementa": "CONCEDE PROGRESS\u00c3O FUNCIONAL AO SERVIDOR FRANCISCO ADALBERTO DE SOUZA, OCUPANTE DO CARGO DE AUXILIAR T\u00c9CNICO LEGISLATIVO, DESTA CASA DE LEIS."}, {"id": "4200", "ano": "2018", "numero": "3", "tipo__sigla": "EDA", "tipo__descricao": "Edital - Audi\u00eancia", "texto_integral": "http://sapl.sarandi.pr.leg.br/media/./sapl/public/normajuridica/2018/4200/4200_texto_integral.pdf", "ementa": "O PRESIDENTE DA C\u00c2MARA MUNICIPAL DE SARANDI, SENHOR CARLOS ROBERTO FALASCHI &#8220;LE\u00c3O&#8221;,  NO USO DE SUAS ATRIBUI\u00c7\u00d5ES LEGAIS, E EM ESPECIAL O ARTIGO 9\u00ba PAR\u00c1GRAFO 4\u00ba, DA LEI COMPLEMENTAR N\u00ba 101/2000, DE 04/05/2000, &#8220;LRF &#8211; LEI DE RESPONSABILIDADE FISCAL&#8221;,  C O N V I D A, PARA A &#8220;AUDI\u00caNCIA P\u00daBLICA&#8221;, DE DEMONSTRA\u00c7\u00c3O E AVALIA\u00c7\u00c3O E CUMPRIMENTO DAS METAS FISCAIS DO 1\u00ba QUADRIMESTRE DE 2018,  OU SEJA,  DOS MESES DE JANEIRO, FEVEREIRO, MAR\u00c7O E ABRIL DE 2018, DO PODER EXECUTIVO MUNICIPAL, DA CAIXA DE APOSENTADORIA E PENS\u00c3O DOS SERVIDORES MUNICIPAIS DE SARANDI - PRESERV,  E \u00c1GUAS DE SARANDI - SERVI\u00c7O MUNICIPAL DE SANEAMENTO AMBIENTAL, QUE ACONTECER\u00c1, DIA 29 DE MAIO DE 2018, \u00c0S 18:00 HORAS. "}, {"id": "4199", "ano": "2018", "numero": "2", "tipo__sigla": "EDA", "tipo__descricao": "Edital - Audi\u00eancia", "texto_integral": "http://sapl.sarandi.pr.leg.br/media/./sapl/public/normajuridica/2018/4199/4199_texto_integral.pdf", "ementa": "CONVIDA PARA A AUDI\u00caNCIA P\u00daBLICA DE DISCUSS\u00c3O DE ALTERA\u00c7\u00c3O DO PPA - PLANO PLURIANUAL DE INVESTIMENTOS DE 2018 \u00c0 2021 E A LDO - LEI DE DIRETRIZES OR\u00c7AMENT\u00c1RIAS PARA 2019, DIA 23 DE MAIO DE 2018, \u00c0S 16:00 HORAS. "}, {"id": "6111", "ano": "2018", "numero": "675", "tipo__sigla": "DE", "tipo__descricao": "Decreto Executivo", "texto_integral": "http://sapl.sarandi.pr.leg.br/media/sapl/public/normajuridica/2018/6111/decreto_executivo_no_675-2018.pdf", "ementa": "NOMEIA MEMBROS DO COMIT\u00ca MUNICIPAL DO TRANSPORTE ESCOLAR, NA FORMA QUE ESPECIFICA."}, {"id": "4188", "ano": "2018", "numero": "2414", "tipo__sigla": "LEI", "tipo__descricao": "Lei Ordin\u00e1ria", "texto_integral": "http://sapl.sarandi.pr.leg.br/media/sapl/public/normajuridica/2018/4188/lei_ordinaria_no_2414-2018.pdf", "ementa": "Autoriza o Poder Executivo Municipal a conceder Direito Real de Uso de im\u00f3vel pertencente \u00e0 municipalidade, na forma que especifica."}, {"id": "4197", "ano": "2018", "numero": "2413", "tipo__sigla": "LEI", "tipo__descricao": "Lei Ordin\u00e1ria", "texto_integral": "http://sapl.sarandi.pr.leg.br/media/sapl/public/normajuridica/2018/4197/lei_ordinaria_no_2413-2018.pdf", "ementa": "Autoriza a abertura de CNPJ junto a Receita Federal e a abertura de Conta Corrente junto ao Banco do Brasil S/A ou junto a Caixa Econ\u00f4mica Federal, em nome da Secretaria Municipal de Educa\u00e7\u00e3o de Sarandi, Estado do Paran\u00e1."}, {"id": "4196", "ano": "2018", "numero": "2412", "tipo__sigla": "LEI", "tipo__descricao": "Lei Ordin\u00e1ria", "texto_integral": "http://sapl.sarandi.pr.leg.br/media/sapl/public/normajuridica/2018/4196/lei_ordinaria_no_2412-2018.pdf", "ementa": "\"Institui a Semana Municipal da Pessoa com Defici\u00eancia Intelectual e M\u00faltipla e d\u00e1 outras provid\u00eancias.\""}, {"id": "4191", "ano": "2018", "numero": "2411", "tipo__sigla": "LEI", "tipo__descricao": "Lei Ordin\u00e1ria", "texto_integral": "http://sapl.sarandi.pr.leg.br/media/sapl/public/normajuridica/2018/4191/lei_ordinaria_no_2411-2018.pdf", "ementa": "Altera o Art. 90, da Lei n\u00b0. 2384/2017, Promulgada em 08/03/2018, na forma que especifica."}, {"id": "4192", "ano": "2018", "numero": "2410", "tipo__sigla": "LEI", "tipo__descricao": "Lei Ordin\u00e1ria", "texto_integral": "http://sapl.sarandi.pr.leg.br/media/sapl/public/normajuridica/2018/4192/lei_ordinaria_no_2410-2018.pdf", "ementa": "Autoriza o Poder Executivo a ratificar sua participa\u00e7\u00e3o no Cons\u00f3rcio P\u00fablico Intermunicipal para o Desenvolvimento Sustent\u00e1vel da Regi\u00e3o do Vale do M\u00e9dio Ivai do Estado do Paran\u00e1 - CIMEIV, na forma e condi\u00e7\u00f5es previstas pela lei federal n\u00ba. 11.107/2005 e d\u00e1 outras provid\u00eancias."}, {"id": "4195", "ano": "2018", "numero": "2409", "tipo__sigla": "LEI", "tipo__descricao": "Lei Ordin\u00e1ria", "texto_integral": "http://sapl.sarandi.pr.leg.br/media/sapl/public/normajuridica/2018/4195/lei_ordinaria_no_2409-2018.pdf", "ementa": "Institui o Programa ESPA\u00c7OS VERDES e d\u00e1 outras provid\u00eancias."}, {"id": "4194", "ano": "2018", "numero": "2408", "tipo__sigla": "LEI", "tipo__descricao": "Lei Ordin\u00e1ria", "texto_integral": "http://sapl.sarandi.pr.leg.br/media/sapl/public/normajuridica/2018/4194/lei_ordinaria_no_2408-2018.pdf", "ementa": "Disp\u00f5e sobre a proibi\u00e7\u00e3o do uso de cerol ou de qualquer outro tipo de material cortante nas linhas ou mesmo linhas cortantes especiais, tais como a linha chilena e outras, em pipas, papagaios e/ou semelhantes, e d\u00e1 outras provid\u00eancias."}, {"id": "4190", "ano": "2018", "numero": "359", "tipo__sigla": "LC", "tipo__descricao": "Lei Complementar", "texto_integral": "http://sapl.sarandi.pr.leg.br/media/sapl/public/normajuridica/2018/4190/lei_compl._no_359-2018_para_site.pdf", "ementa": "Cria cargos de provimento efetivo e d\u00e1 outras provid\u00eancias."}, {"id": "4183", "ano": "2018", "numero": "20", "tipo__sigla": "POR", "tipo__descricao": "Portaria", "texto_integral": "http://sapl.sarandi.pr.leg.br/media/sapl/public/normajuridica/2018/4183/portaria_n_0020-2018.pdf", "ementa": "DESIGNA O SERVIDOR AN\u00c9SIO JOS\u00c9 DA SILVA, COMO ENCARREGADO DAS DIVIS\u00d5ES DE PROTOCOLO - DPR E REDA\u00c7\u00c3O - DRE."}, {"id": "4182", "ano": "2018", "numero": "19", "tipo__sigla": "POR", "tipo__descricao": "Portaria", "texto_integral": "http://sapl.sarandi.pr.leg.br/media/sapl/public/normajuridica/2018/4182/portaria_n_0019-2018.pdf", "ementa": "NOMEIA VAGNER RAFAEL VAZ COMO DIRETOR DO DEPARTAMENTO LEGISLATIVO - DELE."}, {"id": "4184", "ano": "2018", "numero": "21", "tipo__sigla": "POR", "tipo__descricao": "Portaria", "texto_integral": "http://sapl.sarandi.pr.leg.br/media/sapl/public/normajuridica/2018/4184/portaria_n_0021-2018.pdf", "ementa": "CONCEDE PROGRESS\u00c3O FUNCIONAL POR TEMPO DE SERVI\u00c7O E M\u00c9RITO A SERVIDORA M\u00d4NICA CRISTINA GONZALVES - OCUPANTE DO CARGO DE ASSISTENTE ADMINISTRATIVO."}, {"id": "4181", "ano": "2018", "numero": "18", "tipo__sigla": "POR", "tipo__descricao": "Portaria", "texto_integral": "http://sapl.sarandi.pr.leg.br/media/sapl/public/normajuridica/2018/4181/portaria_n_0018-2018.pdf", "ementa": "CONCEDE 30 DIAS DE LICEN\u00c7A ESPECIAL A SERVIDORA CAMILA DE SOUZA BUENO DOS SANTOS."}, {"id": "4187", "ano": "2018", "numero": "2407", "tipo__sigla": "LEI", "tipo__descricao": "Lei Ordin\u00e1ria", "texto_integral": "http://sapl.sarandi.pr.leg.br/media/sapl/public/normajuridica/2018/4187/lei_ordinaria_no_2407-2018.pdf", "ementa": "Ratifica as altera\u00e7\u00f5es realizadas no protocolo de inten\u00e7\u00f5es e no estatuto do Cons\u00f3rcio P\u00fablico Intermunicipal de Sa\u00fade do Setentri\u00e3o Paranaense \u2013 CISAMUSEP e d\u00e1 outras provid\u00eancias."}, {"id": "4193", "ano": "2018", "numero": "2406", "tipo__sigla": "LEI", "tipo__descricao": "Lei Ordin\u00e1ria", "texto_integral": "http://sapl.sarandi.pr.leg.br/media/sapl/public/normajuridica/2018/4193/lei_ordinaria_no_2406-2018.pdf", "ementa": "Autoriza instala\u00e7\u00e3o de comedouros e bebedouros para c\u00e3es em locais p\u00fablicos ou pr\u00e9dios particulares, bem como o uso de propaganda publicit\u00e1ria adesivado e d\u00e1 outras provid\u00eancias."}, {"id": "4186", "ano": "2018", "numero": "2405", "tipo__sigla": "LEI", "tipo__descricao": "Lei Ordin\u00e1ria", "texto_integral": "http://sapl.sarandi.pr.leg.br/media/sapl/public/normajuridica/2018/4186/lei_ordinaria_no_2405-2018.pdf", "ementa": "Altera o Art. 13, da Lei n\u00ba 2372/2017, de 23/11/2017, na forma que especifica."}, {"id": "4185", "ano": "2018", "numero": "2404", "tipo__sigla": "LEI", "tipo__descricao": "Lei Ordin\u00e1ria", "texto_integral": "http://sapl.sarandi.pr.leg.br/media/sapl/public/normajuridica/2018/4185/lei_ordinaria_no_2404-2018.pdf", "ementa": "D\u00e1 denomina\u00e7\u00e3o a Rua 31, situada nos Jardins Nova Independ\u00eancia 1\u00aa Parte, Aurora e Aurora 2, na forma que especifica."}, {"id": "4169", "ano": "2018", "numero": "2403", "tipo__sigla": "LEI", "tipo__descricao": "Lei Ordin\u00e1ria", "texto_integral": "http://sapl.sarandi.pr.leg.br/media/sapl/public/normajuridica/2018/4169/lei_ordinaria_no_2403-2018.pdf", "ementa": "D\u00e1 denomina\u00e7\u00e3o a Rua 30, situada nos Jardins Nova Independ\u00eancia 1\u00aa Parte, Aurora e Aurora 2, na forma que especifica."}, {"id": "4180", "ano": "2018", "numero": "17", "tipo__sigla": "POR", "tipo__descricao": "Portaria", "texto_integral": "http://sapl.sarandi.pr.leg.br/media/sapl/public/normajuridica/2018/4180/portaria_n_0017-2018_republ.pdf", "ementa": "NOMEIA POR 12 (DOZE) MESES, MEMBROS DA COMISS\u00c3O PERMANENTE DE LICITA\u00c7\u00c3O."}, {"id": "4168", "ano": "2018", "numero": "2402", "tipo__sigla": "LEI", "tipo__descricao": "Lei Ordin\u00e1ria", "texto_integral": "http://sapl.sarandi.pr.leg.br/media/sapl/public/normajuridica/2018/4168/lei_ordinaria_no_2402-2018.pdf", "ementa": "Revoga as Leis ifs. 867/1999; 868/1999 e a al\u00ednea \"a\" do Art. 2\u00b0, da Lei n\u00b0. 866/1999, na forma que especifica."}, {"id": "4167", "ano": "2018", "numero": "2401", "tipo__sigla": "LEI", "tipo__descricao": "Lei Ordin\u00e1ria", "texto_integral": "http://sapl.sarandi.pr.leg.br/media/sapl/public/normajuridica/2018/4167/lei_ordinaria_no_2401-2018.pdf", "ementa": "Disp\u00f5e sobre o prolongamento de via no Munic\u00edpio de Sarandi, e d\u00e1 outras provid\u00eancias."}, {"id": "4166", "ano": "2018", "numero": "2400", "tipo__sigla": "LEI", "tipo__descricao": "Lei Ordin\u00e1ria", "texto_integral": "http://sapl.sarandi.pr.leg.br/media/sapl/public/normajuridica/2018/4166/lei_ordinaria_no_2400-2018.pdf", "ementa": "Disp\u00f5e sobre o prolongamento de vias no Munic\u00edpio de Sarandi, e d\u00e1 outras provid\u00eancias."}, {"id": "4165", "ano": "2018", "numero": "2399", "tipo__sigla": "LEI", "tipo__descricao": "Lei Ordin\u00e1ria", "texto_integral": "http://sapl.sarandi.pr.leg.br/media/sapl/public/normajuridica/2018/4165/lei_ordinaria_no_2399-2018.pdf", "ementa": "D\u00e1 denomina\u00e7\u00e3o as Ruas do Jardim Centro C\u00edvico, e d\u00e1 outras provid\u00eancias."}, {"id": "4176", "ano": "2018", "numero": "16", "tipo__sigla": "POR", "tipo__descricao": "Portaria", "texto_integral": "http://sapl.sarandi.pr.leg.br/media/sapl/public/normajuridica/2018/4176/portaria_n_0016-2018.pdf", "ementa": "DESIGNA A SERVIDORA GRACIELLE SILVA LIMA, PARA A FUN\u00c7\u00c3O DE DIRETORA DO DEPARTAMENTO ADMINISTRATIVO DA C\u00c2MARA - DEAD, E CONCEDE FG - FUN\u00c7\u00c3O GRATIFICADA."}, {"id": "4175", "ano": "2018", "numero": "15", "tipo__sigla": "POR", "tipo__descricao": "Portaria", "texto_integral": "http://sapl.sarandi.pr.leg.br/media/sapl/public/normajuridica/2018/4175/portaria_n_0015-2018.pdf", "ementa": "REVOGA A PORTARIA N\u00ba 052.2017 - QUE NOMEAVA O SERVIDOR FRANCISCO ADALBERTO DE SOUZA, COMO DIRETOR DO DEPARTAMENTO ADMINISTRATIVO DA C\u00c2MARA - DEAD."}, {"id": "4173", "ano": "2018", "numero": "13", "tipo__sigla": "POR", "tipo__descricao": "Portaria", "texto_integral": "http://sapl.sarandi.pr.leg.br/media/sapl/public/normajuridica/2018/4173/portaria_n_0013-2018.pdf", "ementa": "TORNA P\u00daBLICA ESTABILIDADE DA SERVIDORA HELONISE GRABRIELLA GON\u00c7ALVES PASSOS, OCUPANTE DO CARGO DE OFICIAL DE SERVI\u00c7OS GERAIS E CONCEDE PROGRESS\u00c3O FUNCIONAL."}, {"id": "4172", "ano": "2018", "numero": "12", "tipo__sigla": "POR", "tipo__descricao": "Portaria", "texto_integral": "http://sapl.sarandi.pr.leg.br/media/sapl/public/normajuridica/2018/4172/portaria_n_0012-2018.pdf", "ementa": "CONCEDE LICEN\u00c7A PARA TRATAR DE ASSUNTOS PARTICULARES A SERVIDORA M\u00d4NICA CRISTINA GONZALVES, NO PER\u00cdODO DE 16/07/2018 \u00c0 15/07/2020."}, {"id": "4171", "ano": "2018", "numero": "11", "tipo__sigla": "POR", "tipo__descricao": "Portaria", "texto_integral": "http://sapl.sarandi.pr.leg.br/media/sapl/public/normajuridica/2018/4171/portaria_n_0011-2018.pdf", "ementa": "CONCEDE LICEN\u00c7A ESPECIAL A SERVIDORA M\u00d4NICA CRISTINA GONZALVES, DE 16.04.2018 \u00c0 15/07/2018."}, {"id": "4174", "ano": "2018", "numero": "14", "tipo__sigla": "POR", "tipo__descricao": "Portaria", "texto_integral": "http://sapl.sarandi.pr.leg.br/media/sapl/public/normajuridica/2018/4174/portaria_n_0014-2018.pdf", "ementa": "TORNA P\u00daBLICA ESTABILIDADE DO SERVIDOR DANIEL CHIARAMONTE FERREIRA, OCUPANTE DO CARGO DE OPERADOR DE \u00c1UDIO E WEBDESIGNER,  E CONCEDE PROGRESS\u00c3O FUNCIONAL."}, {"id": "4161", "ano": "2018", "numero": "10", "tipo__sigla": "POR", "tipo__descricao": "Portaria", "texto_integral": "http://sapl.sarandi.pr.leg.br/media/sapl/public/normajuridica/2018/4161/portaria_n_0010-2018.pdf", "ementa": "NOMEIA MARCOS JOAQUIM DA SILVA, PARA O CARGO DE ASSESSOR LEGISLATIVO, SIMBOLO CC-3, NESTA CASA DE LEIS."}, {"id": "4164", "ano": "2018", "numero": "2398", "tipo__sigla": "LEI", "tipo__descricao": "Lei Ordin\u00e1ria", "texto_integral": "http://sapl.sarandi.pr.leg.br/media/sapl/public/normajuridica/2018/4164/lei_ordinaria_no_2398-2018.pdf", "ementa": "D\u00e1 denomina\u00e7\u00e3o a Rua Projetada K, situada nos Jardins Canad\u00e1, S\u00e3o Paulo II e Montreal, na forma que especifica."}, {"id": "4178", "ano": "2018", "numero": "358", "tipo__sigla": "LC", "tipo__descricao": "Lei Complementar", "texto_integral": "http://sapl.sarandi.pr.leg.br/media/sapl/public/normajuridica/2018/4178/lei_compl._no_358-2018_para_site.pdf", "ementa": "Altera dispositivo da Lei Complementar n\u00ba 297/2014, de 24/02/2014, na forma que especifica."}, {"id": "4160", "ano": "2018", "numero": "9", "tipo__sigla": "POR", "tipo__descricao": "Portaria", "texto_integral": "http://sapl.sarandi.pr.leg.br/media/sapl/public/normajuridica/2018/4160/portaria_n_0009-2018.pdf", "ementa": "EXONERA A PEDIDO O SENHOR ELAN ALMEIDA DA SILVA, DO CARGO DE ASSESSOR LEGISLATIVO, SIMBOLO CC-3, DESTA CASA DE LEIS."}, {"id": "4159", "ano": "2018", "numero": "8", "tipo__sigla": "POR", "tipo__descricao": "Portaria", "texto_integral": "http://sapl.sarandi.pr.leg.br/media/sapl/public/normajuridica/2018/4159/portaria_n_0008-2018.pdf", "ementa": "DESIGNA O SERVIDOR DANIEL CHIARAMONTE FERREIRA, OCUPANTE DO CARGO DE OPERADOR DE AUDIO E WEBDESIGNER, COMO ENCARREGADO DA DIVIS\u00c3O DE M\u00cdDIA - DMI."}, {"id": "4158", "ano": "2018", "numero": "7", "tipo__sigla": "POR", "tipo__descricao": "Portaria", "texto_integral": "http://sapl.sarandi.pr.leg.br/media/sapl/public/normajuridica/2018/4158/portaria_n_0007-2018.pdf", "ementa": "DESIGNA O SERVIDOR RENAN AUGUSTO DOS SANTOS VOLPATTO, OCUPANTE DO CARGO DE OPERADOR DE AUDIO E WEBDESIGNER, COMO ENCARREGADO DA DIVIS\u00c3O DE INFORM\u00c1TICA - DIN."}, {"id": "4163", "ano": "2018", "numero": "2397", "tipo__sigla": "LEI", "tipo__descricao": "Lei Ordin\u00e1ria", "texto_integral": "http://sapl.sarandi.pr.leg.br/media/sapl/public/normajuridica/2018/4163/lei_ordinaria_no_2397-2018.pdf", "ementa": "D\u00e1 denomina\u00e7\u00e3o a Rua Projetada B, situada no Jardim Ouro Verde III, na forma que especifica."}, {"id": "4162", "ano": "2018", "numero": "2396", "tipo__sigla": "LEI", "tipo__descricao": "Lei Ordin\u00e1ria", "texto_integral": "http://sapl.sarandi.pr.leg.br/media/sapl/public/normajuridica/2018/4162/lei_ordinaria_no_2396-2018.pdf", "ementa": "Declara de utilidade p\u00fablica a Associa\u00e7\u00e3o Desportiva e Cultural Alian\u00e7a de Ouro Preto \u2013 ADCAOP."}, {"id": "4151", "ano": "2017", "numero": "2384", "tipo__sigla": "LEI", "tipo__descricao": "Lei Ordin\u00e1ria", "texto_integral": "http://sapl.sarandi.pr.leg.br/media/sapl/public/normajuridica/2017/4151/lei_no_2384-2017_-_para_site.pdf", "ementa": "Disp\u00f5e sobre a cria\u00e7\u00e3o em Sarandi, do Programa de apoio \u00e0s V\u00edtimas de AVC - Acidente Vascular Cerebral, e d\u00e1 outras provid\u00eancias."}, {"id": "4157", "ano": "2018", "numero": "2395", "tipo__sigla": "LEI", "tipo__descricao": "Lei Ordin\u00e1ria", "texto_integral": "http://sapl.sarandi.pr.leg.br/media/sapl/public/normajuridica/2018/4157/lei_ordinaria_no_2395-2018.pdf", "ementa": "Disp\u00f5e sobre a implanta\u00e7\u00e3o de dispositivo chamado \"Boca de Lobo Inteligente\", no \u00e2mbito do Munic\u00edpio de Sarandi, a fim de evitar alagamentos e d\u00e1 outras provid\u00eancias."}, {"id": "4147", "ano": "2018", "numero": "6", "tipo__sigla": "POR", "tipo__descricao": "Portaria", "texto_integral": "http://sapl.sarandi.pr.leg.br/media/sapl/public/normajuridica/2018/4147/portaria_n_0006-2018.pdf", "ementa": "CONCEDE PROGRESS\u00c3O FUNCIONAL AO SERVIDOR ROVILSON JOS\u00c9 ARANTES - CARGO CONTADOR."}, {"id": "4146", "ano": "2018", "numero": "1", "tipo__sigla": "EDA", "tipo__descricao": "Edital - Audi\u00eancia", "texto_integral": "http://sapl.sarandi.pr.leg.br/media/./sapl/public/normajuridica/2018/4146/4146_texto_integral.pdf", "ementa": "O PRESIDENTE DA C\u00c2MARA MUNICIPAL DE SARANDI, SENHOR CARLOS ROBERTO FALASCHI \"LE\u00c3O\", NO USO DE SUAS ATRIBUI\u00c7\u00d5ES LEGAIS. E EM ESPECIAL O ARTIGO 9\u00ba PAR\u00c1GRAFO 4\u00b0. DA LEI COMPLEMENTAR N\u00ba 101/2000. DE 04/05/2000, '\u00b7LRF - LEI DE RESPONSABILIDADE FISCAL\"'. E O CONVIDA PARA A \"AUDIENCIA PUBLICA\", DE DEMONSTRA\u00c7\u00c3O E AVALIA\u00c7\u00c3O E CUMPRIMENTO DAS METAS FISCAIS DO 3\u00b0 QUADRIMESTRE DE 2017. OU SEJA. DOS MESES DE SETEMBRO. OUTUBRO, NOVEMBRO E DEZEMBRO DE 2017, DO PODER EXECUTIVO MUNICIPAL, DA CAIXA DE APOSENTADORIA E PENS\u00c3O DOS SERVIDORES MUNICIPAIS DE SARANDI - PRESERV, E \u00c1GUAS D SARANDI - SERVI\u00c7O MUNICIPAL DE SANEAMENTO AMBIENTAL."}, {"id": "4155", "ano": "2018", "numero": "2394", "tipo__sigla": "LEI", "tipo__descricao": "Lei Ordin\u00e1ria", "texto_integral": "http://sapl.sarandi.pr.leg.br/media/sapl/public/normajuridica/2018/4155/lei_ordinaria_no_2394-2018.pdf", "ementa": "Autoriza o Poder Executivo Municipal a doar m\u00f3veis e outros, classificados como material permanente de propriedade da municipalidade, que forem considerados inserv\u00edveis ou desnecess\u00e1rios, e d\u00e1 outras provid\u00eancias."}, {"id": "4153", "ano": "2018", "numero": "2393", "tipo__sigla": "LEI", "tipo__descricao": "Lei Ordin\u00e1ria", "texto_integral": "http://sapl.sarandi.pr.leg.br/media/sapl/public/normajuridica/2018/4153/lei_ordinaria_no_2393-2018.pdf", "ementa": "Autoriza o Poder Executivo a Doar recurso financeiro para a Autarquia \u00c1guas de Sarandi \u2013 Servi\u00e7o Municipal de Saneamento Ambiental, na forma que especifica."}, {"id": "4152", "ano": "2018", "numero": "2392", "tipo__sigla": "LEI", "tipo__descricao": "Lei Ordin\u00e1ria", "texto_integral": "http://sapl.sarandi.pr.leg.br/media/sapl/public/normajuridica/2018/4152/lei_ordinaria_no_2392-2018.pdf", "ementa": "Institui o Conselho Municipal de Desenvolvimento Rural e revoga artigos da Lei n\u00ba. 1690/2009, de 30 de novembro de 2009."}, {"id": "4156", "ano": "2018", "numero": "357", "tipo__sigla": "LC", "tipo__descricao": "Lei Complementar", "texto_integral": "http://sapl.sarandi.pr.leg.br/media/sapl/public/normajuridica/2018/4156/lei_compl._no_357-2018_para_site.pdf", "ementa": "Altera dispositivo da Lei complementar 10/92, na forma que especifica."}, {"id": "4150", "ano": "2018", "numero": "3", "tipo__sigla": "DL", "tipo__descricao": "Decreto Legislativo", "texto_integral": "http://sapl.sarandi.pr.leg.br/media/sapl/public/normajuridica/2018/4150/decreto_legislativo_no_003-2018_para_site.pdf", "ementa": "Disp\u00f5e sobre Rejei\u00e7\u00e3o do \"Veto n\u00ba 003/2018\", Total aposto \u00e0 Lei Municipal n\u00ba 2384/2017, de autoria do edil Cilas Souza Morais, o qual disp\u00f5e sobre a cria\u00e7\u00e3o do Programa de Apoio \u00e0s V\u00edtimas de AVC - Acidente Vascular Cerebral."}, {"id": "4144", "ano": "2018", "numero": "2391", "tipo__sigla": "LEI", "tipo__descricao": "Lei Ordin\u00e1ria", "texto_integral": "http://sapl.sarandi.pr.leg.br/media/sapl/public/normajuridica/2018/4144/lei_ordinaria_no_2391-2018.pdf", "ementa": "Autoriza o Poder Executivo Municipal a efetuar a abertura de Cr\u00e9dito Adicional Suplementar no Or\u00e7amento do Munic\u00edpio de Sarandi, para o exerc\u00edcio de 2018."}, {"id": "4142", "ano": "2018", "numero": "5", "tipo__sigla": "POR", "tipo__descricao": "Portaria", "texto_integral": "http://sapl.sarandi.pr.leg.br/media/sapl/public/normajuridica/2018/4142/portaria_n_0005-2018.pdf", "ementa": "NOMEIA SERVIDORES PARA COMPOREM COMO PREGOEIRO E MEMBROS DA EQUIPE DE APOIO PARA CONDUZIR E JULGAR OS PROCESSOS LICITAT\u00d3RIOS DA MODALIDADE PREG\u00c3O."}, {"id": "4431", "ano": "2018", "numero": "2", "tipo__sigla": "DL", "tipo__descricao": "Decreto Legislativo", "texto_integral": "http://sapl.sarandi.pr.leg.br/media/sapl/public/normajuridica/2018/4431/decreto_legislativo_no_002-2018_para_o_site.pdf", "ementa": "Aprova as Contas do Munic\u00edpio de Sarandi, relativas ao Exerc\u00edcio Financeiro de 2015."}, {"id": "4484", "ano": "2018", "numero": "1", "tipo__sigla": "DL", "tipo__descricao": "Decreto Legislativo", "texto_integral": "http://sapl.sarandi.pr.leg.br/media/sapl/public/normajuridica/2018/4484/decreto_legislativo_no_001-2018_para_o_site.pdf", "ementa": "Aprova as Contas do Munic\u00edpio de Sarandi, relativas ao Exerc\u00edcio Financeiro de 2014."}, {"id": "4141", "ano": "2018", "numero": "4", "tipo__sigla": "POR", "tipo__descricao": "Portaria", "texto_integral": "http://sapl.sarandi.pr.leg.br/media/sapl/public/normajuridica/2018/4141/portaria_n_0004-2018.pdf", "ementa": "CONCEDE PROGRESS\u00c3O FUNCIONAL POR TEMPO DE SERVI\u00c7O E M\u00c9RITO \u00c1 SERVIDORA EDITE NUNES DA SILVA."}, {"id": "4140", "ano": "2018", "numero": "3", "tipo__sigla": "POR", "tipo__descricao": "Portaria", "texto_integral": "http://sapl.sarandi.pr.leg.br/media/sapl/public/normajuridica/2018/4140/portaria_n_0003-2018.pdf", "ementa": "CONCEDE PROGRESS\u00c3O FUNCIONAL POR TEMPO DE SERVI\u00c7O E M\u00c9RITO AO SERVIDOR DALVECIR APARECIDO BONORA."}, {"id": "4136", "ano": "2018", "numero": "2390", "tipo__sigla": "LEI", "tipo__descricao": "Lei Ordin\u00e1ria", "texto_integral": "http://sapl.sarandi.pr.leg.br/media/sapl/public/normajuridica/2018/4136/lei_ordinaria_no_2390-2018.pdf", "ementa": "Autoriza o Chefe do Poder Executivo Municipal a conceder reposi\u00e7\u00e3o salarial, na forma que especifica."}, {"id": "4135", "ano": "2018", "numero": "2389", "tipo__sigla": "LEI", "tipo__descricao": "Lei Ordin\u00e1ria", "texto_integral": "http://sapl.sarandi.pr.leg.br/media/sapl/public/normajuridica/2018/4135/lei_ordinaria_no_2389-2018.pdf", "ementa": "Disp\u00f5e sobre a doa\u00e7\u00e3o de im\u00f3vel ao Estado do Paran\u00e1, na forma que especifica."}, {"id": "4134", "ano": "2018", "numero": "2388", "tipo__sigla": "LEI", "tipo__descricao": "Lei Ordin\u00e1ria", "texto_integral": "http://sapl.sarandi.pr.leg.br/media/sapl/public/normajuridica/2018/4134/lei_ordinaria_no_2388-2018.pdf", "ementa": "Disp\u00f5e sobre a atualiza\u00e7\u00e3o monet\u00e1ria dos subs\u00eddios dos Vereadores, na forma que especifica."}, {"id": "4133", "ano": "2018", "numero": "2387", "tipo__sigla": "LEI", "tipo__descricao": "Lei Ordin\u00e1ria", "texto_integral": "http://sapl.sarandi.pr.leg.br/media/sapl/public/normajuridica/2018/4133/lei_ordinaria_no_2387-2018.pdf", "ementa": "Disp\u00f5e sobre a atualiza\u00e7\u00e3o monet\u00e1ria dos subs\u00eddios do Prefeito, Vice-Prefeito e dos Secret\u00e1rios Municipais, na forma que especifica."}, {"id": "4132", "ano": "2018", "numero": "2386", "tipo__sigla": "LEI", "tipo__descricao": "Lei Ordin\u00e1ria", "texto_integral": "http://sapl.sarandi.pr.leg.br/media/sapl/public/normajuridica/2018/4132/lei_ordinaria_no_2386-2018.pdf", "ementa": "Autoriza o Chefe do Poder Executivo Municipal a fixar piso m\u00ednimo de vencimentos dos Servidores P\u00fablicos Municipais de Sarandi e d\u00e1 outras provid\u00eancias."}, {"id": "4131", "ano": "2018", "numero": "2385", "tipo__sigla": "LEI", "tipo__descricao": "Lei Ordin\u00e1ria", "texto_integral": "http://sapl.sarandi.pr.leg.br/media/sapl/public/normajuridica/2018/4131/lei_ordinaria_no__2385-2018.pdf", "ementa": "Autoriza o Poder Executivo Municipal a contratar opera\u00e7\u00f5es de cr\u00e9dito com a Ag\u00eancia de Fomento do Paran\u00e1 S.A."}, {"id": "4107", "ano": "2018", "numero": "356", "tipo__sigla": "LC", "tipo__descricao": "Lei Complementar", "texto_integral": "http://sapl.sarandi.pr.leg.br/media/sapl/public/normajuridica/2018/4107/lei_compl._no_356-2018_para_site.pdf", "ementa": "Disp\u00f5e sobre a institui\u00e7\u00e3o do Programa de Recupera\u00e7\u00e3o Fiscal de Sarandi - REFIS MUNICIPAL."}, {"id": "4469", "ano": "2018", "numero": "1", "tipo__sigla": "POR", "tipo__descricao": "Portaria", "texto_integral": "http://sapl.sarandi.pr.leg.br/media/sapl/public/normajuridica/2018/4469/portaria_n_0001-2018.pdf", "ementa": "HOMOLOGA RESULTADO DAS ELEI\u00c7\u00d5ES DAS COMISS\u00d5ES PERMANENTES PARA 2018."}, {"id": "4138", "ano": "2018", "numero": "2", "tipo__sigla": "POR", "tipo__descricao": "Portaria", "texto_integral": "http://sapl.sarandi.pr.leg.br/media/sapl/public/normajuridica/2018/4138/portaria_n_0002-2018.pdf", "ementa": "CONCEDE PROGRESS\u00c3O FUNCIONAL POR APERFEI\u00c7OAMENTO E CAPACITA\u00c7\u00c3O AO SERVIDOR LORHAN HENRIQUE COSTA."}, {"id": "4129", "ano": "2017", "numero": "2383", "tipo__sigla": "LEI", "tipo__descricao": "Lei Ordin\u00e1ria", "texto_integral": "http://sapl.sarandi.pr.leg.br/media/sapl/public/normajuridica/2017/4129/lei_no_2383-2017_para_site.pdf", "ementa": "Declara \u00d3rg\u00e3o Oficial do Munic\u00edpio o jornal \u201cO Di\u00e1rio do Norte do Paran\u00e1\u201d, na forma que especifica."}, {"id": "4128", "ano": "2017", "numero": "2382", "tipo__sigla": "LEI", "tipo__descricao": "Lei Ordin\u00e1ria", "texto_integral": "http://sapl.sarandi.pr.leg.br/media/sapl/public/normajuridica/2017/4128/lei_no_2382-2017_para_site.pdf", "ementa": "D\u00e1 denomina\u00e7\u00e3o a Rua 32, situada nos Jardins Nova Independ\u00eancia 1\u00aa Parte, Autora e Aurora 2, na forma que especifica."}, {"id": "4102", "ano": "2017", "numero": "76", "tipo__sigla": "POR", "tipo__descricao": "Portaria", "texto_integral": "http://sapl.sarandi.pr.leg.br/media/sapl/public/normajuridica/2017/4102/portaria_n_0076-2017.pdf", "ementa": "CONCEDE PROGRESS\u00c3O FUNCIONAL POR DESEMPENHO AO SERVIDOR LORHAN HENRIQUE COSTA."}, {"id": "4468", "ano": "2017", "numero": "75", "tipo__sigla": "POR", "tipo__descricao": "Portaria", "texto_integral": "http://sapl.sarandi.pr.leg.br/media/sapl/public/normajuridica/2017/4468/portaria_n_0075-2017.pdf", "ementa": "TORNA P\u00daBLICO A EFETIVA\u00c7\u00c3O E CONCEDE PROGRESS\u00c3O  FUNCIONAL A SERVIDORA LUZIA AZEVEDO DIAS."}, {"id": "4100", "ano": "2017", "numero": "74", "tipo__sigla": "POR", "tipo__descricao": "Portaria", "texto_integral": "http://sapl.sarandi.pr.leg.br/media/sapl/public/normajuridica/2017/4100/portaria_n_0074-2017.pdf", "ementa": "CONCEDE PROGRESS\u00c3O FUNCIONAL POR DESEMPENHO AO SERVIDOR JO\u00c3O LEONARDO PINELLI MILHAN."}, {"id": "4099", "ano": "2017", "numero": "73", "tipo__sigla": "POR", "tipo__descricao": "Portaria", "texto_integral": "http://sapl.sarandi.pr.leg.br/media/sapl/public/normajuridica/2017/4099/portaria_n_0073-2017.pdf", "ementa": "CONCEDE PROGRESS\u00c3O FUNCIONAL POR DESEMPENHO AO SERVIDOR DHYMISON DA SILVA RAMOS."}, {"id": "4098", "ano": "2017", "numero": "72", "tipo__sigla": "POR", "tipo__descricao": "Portaria", "texto_integral": "http://sapl.sarandi.pr.leg.br/media/sapl/public/normajuridica/2017/4098/portaria_n_0072-2017.pdf", "ementa": "CONCEDE PROGRESS\u00c3O FUNCIONAL POR DESEMPENHO A SERVIDORA D\u00c9BORA APARECIDA DE SOUZA."}, {"id": "4097", "ano": "2017", "numero": "71", "tipo__sigla": "POR", "tipo__descricao": "Portaria", "texto_integral": "http://sapl.sarandi.pr.leg.br/media/sapl/public/normajuridica/2017/4097/portaria_n_0071-2017.pdf", "ementa": "CONCEDE PROGRESS\u00c3O FUNCIONAL POR DESEMPENHO A SERVIDORA ALINE QUEIR\u00d3Z TREVISAN."}, {"id": "4127", "ano": "2017", "numero": "2381", "tipo__sigla": "LEI", "tipo__descricao": "Lei Ordin\u00e1ria", "texto_integral": "http://sapl.sarandi.pr.leg.br/media/sapl/public/normajuridica/2017/4127/lei_no_2381-2017_para_site.pdf", "ementa": "Institui a semana da sa\u00fade mental, e d\u00e1 outras provid\u00eancias."}, {"id": "4126", "ano": "2017", "numero": "2380", "tipo__sigla": "LEI", "tipo__descricao": "Lei Ordin\u00e1ria", "texto_integral": "http://sapl.sarandi.pr.leg.br/media/sapl/public/normajuridica/2017/4126/lei_no_2380-2017_para_site.pdf", "ementa": "Autoriza o Poder Executivo Municipal a efetuar a cobran\u00e7a de contribui\u00e7\u00e3o de melhoria em decorr\u00eancia de execu\u00e7\u00e3o de pavimenta\u00e7\u00e3o asf\u00e1ltica, revestimento em CBUQ com 03 cm, constante do Edital de Contribui\u00e7\u00e3o de Melhoria n\u00ba 004/2017."}, {"id": "4125", "ano": "2017", "numero": "2379", "tipo__sigla": "LEI", "tipo__descricao": "Lei Ordin\u00e1ria", "texto_integral": "http://sapl.sarandi.pr.leg.br/media/sapl/public/normajuridica/2017/4125/lei_no_2379-2017_para_site.pdf", "ementa": "Institui o Sistema Municipal de Atendimento Socioeducativo (SIMASE), na modalidade de Medida Socioeducativa em Meio Aberto de Liberdade Assistida e de Presta\u00e7\u00e3o de Servi\u00e7os \u00e0 Comunidade, destinado a adolescente que pratique ato infracional no Munic\u00edpio de Sarandi/PR e d\u00e1 outras provid\u00eancias."}, {"id": "4124", "ano": "2017", "numero": "2378", "tipo__sigla": "LEI", "tipo__descricao": "Lei Ordin\u00e1ria", "texto_integral": "http://sapl.sarandi.pr.leg.br/media/sapl/public/normajuridica/2017/4124/lei_no_2378-2017_para_site.pdf", "ementa": "D\u00e1 denomina\u00e7\u00e3o a Rua Projetada A, situada no Jardim Ouro Verde III, na forma que especifica.\""}, {"id": "4106", "ano": "2017", "numero": "355", "tipo__sigla": "LC", "tipo__descricao": "Lei Complementar", "texto_integral": "http://sapl.sarandi.pr.leg.br/media/sapl/public/normajuridica/2017/4106/lei_compl._no_355-2017_para_site.pdf", "ementa": "Disp\u00f5e sobre o fornecimento de Aux\u00edlio Alimenta\u00e7\u00e3o aos Servidores Efetivos Ativos, na forma que especifica."}, {"id": "4088", "ano": "2017", "numero": "70", "tipo__sigla": "POR", "tipo__descricao": "Portaria", "texto_integral": "http://sapl.sarandi.pr.leg.br/media/sapl/public/normajuridica/2017/4088/portaria_n_0070-2017.pdf", "ementa": "FIXAR O PER\u00cdODO DE RECESSO ADMINISTRATIVO ENTRE 26 DE DEZEMBRO DE 2017 E 05 DE JANEIRO DE 2018."}, {"id": "4103", "ano": "2017", "numero": "5", "tipo__sigla": "RES", "tipo__descricao": "Resolu\u00e7\u00e3o", "texto_integral": "http://sapl.sarandi.pr.leg.br/media/sapl/public/normajuridica/2017/4103/resolucao_005.2017.pdf", "ementa": "Revoga em todo o seu teor a Resolu\u00e7\u00e3o n\u00ba 004/2010, na forma que especifica."}, {"id": "4123", "ano": "2017", "numero": "2377", "tipo__sigla": "LEI", "tipo__descricao": "Lei Ordin\u00e1ria", "texto_integral": "http://sapl.sarandi.pr.leg.br/media/sapl/public/normajuridica/2017/4123/lei_no_2377-2017_para_site.pdf", "ementa": "Autoriza o Poder Executivo Municipal a contratar opera\u00e7\u00f5es de cr\u00e9dito com a Ag\u00eancia de Fomento do Paran\u00e1 S.A."}, {"id": "4122", "ano": "2017", "numero": "2376", "tipo__sigla": "LEI", "tipo__descricao": "Lei Ordin\u00e1ria", "texto_integral": "http://sapl.sarandi.pr.leg.br/media/sapl/public/normajuridica/2017/4122/lei_no_2376-2017_para_site.pdf", "ementa": "Ratifica a denomina\u00e7\u00e3o de Rua Almir Peron, \u00e0 antiga Rua Projetada \"D\", do Jardim S\u00e3o Paulo, e d\u00e1 outras provid\u00eancias."}, {"id": "4121", "ano": "2017", "numero": "2375", "tipo__sigla": "LEI", "tipo__descricao": "Lei Ordin\u00e1ria", "texto_integral": "http://sapl.sarandi.pr.leg.br/media/sapl/public/normajuridica/2017/4121/lei_no_2375-2017_para_site.pdf", "ementa": "Regulamenta a celebra\u00e7\u00e3o de Termo de Coopera\u00e7\u00e3o entre o Poder Publico Municipal e a iniciativa privada, para recebimento de bens e servi\u00e7os em doa\u00e7\u00e3o, sem \u00f4nus ao Munic\u00edpio."}, {"id": "4120", "ano": "2017", "numero": "2374", "tipo__sigla": "LEI", "tipo__descricao": "Lei Ordin\u00e1ria", "texto_integral": "http://sapl.sarandi.pr.leg.br/media/sapl/public/normajuridica/2017/4120/lei_no_2374-2017__para_site.pdf", "ementa": "Disp\u00f5e sobre a Pol\u00edtica Municipal Antipicha\u00e7\u00e3o no Munic\u00edpio de Sarandi e d\u00e1 outras provid\u00eancias."}, {"id": "4119", "ano": "2017", "numero": "2373", "tipo__sigla": "LEI", "tipo__descricao": "Lei Ordin\u00e1ria", "texto_integral": "http://sapl.sarandi.pr.leg.br/media/sapl/public/normajuridica/2017/4119/lei_no_2373-2017_para_site.pdf", "ementa": "Disp\u00f5e sobre a institui\u00e7\u00e3o do Programa \u201cAdote uma Pra\u00e7a\u201d, d\u00e1 outras provid\u00eancias."}, {"id": "4118", "ano": "2017", "numero": "2372", "tipo__sigla": "LEI", "tipo__descricao": "Lei Ordin\u00e1ria", "texto_integral": "http://sapl.sarandi.pr.leg.br/media/sapl/public/normajuridica/2017/4118/lei_no_2372-2017_para_site.pdf", "ementa": "Disp\u00f5e sobre apreens\u00e3o de animais de grande porte soltos e/ou amarrados em vias e logradouros p\u00fablicos da zona urbana ou rural do Munic\u00edpio de Sarandi-PR, e d\u00e1 outras provid\u00eancias."}, {"id": "4117", "ano": "2017", "numero": "2371", "tipo__sigla": "LEI", "tipo__descricao": "Lei Ordin\u00e1ria", "texto_integral": "http://sapl.sarandi.pr.leg.br/media/sapl/public/normajuridica/2017/4117/lei_no_2371-2017_para_site.pdf", "ementa": "Determina obriga\u00e7\u00f5es \u00e0s Ag\u00eancias Banc\u00e1rias e outras especificadas, no \u00e2mbito do Munic\u00edpio, aos seus usu\u00e1rios e d\u00e1 outras provid\u00eancias."}, {"id": "4096", "ano": "2017", "numero": "69", "tipo__sigla": "POR", "tipo__descricao": "Portaria", "texto_integral": "http://sapl.sarandi.pr.leg.br/media/sapl/public/normajuridica/2017/4096/portaria_n_0069-2017.pdf", "ementa": "NOMEIA O SENHOR EDERSON SILVERIO DE LIMA, PARA O CARGO DE ASSESSOR LEGISLATIVO, SIMBOLO CC-3, NO GABINETE DO VEREADOR APARECIDO ANTONI0."}, {"id": "4080", "ano": "2016", "numero": "2", "tipo__sigla": "EDA", "tipo__descricao": "Edital - Audi\u00eancia", "texto_integral": "http://sapl.sarandi.pr.leg.br/media/./sapl/public/normajuridica/2016/4080/4080_texto_integral.pdf", "ementa": "O PRESIDENTE DA C\u00c2MARA MUNICIPAL DE SARANDI, SENHOR BELMIRO DA SILVA FARIAS, NO USO DE SUAS ATRIBUI\u00c7\u00d5ES LEGAIS. E EM ESPECIAL O ARTIGO 9\u00b0 PAR\u00c1GRAFO 4\u00b0, DA LEI COMPLEMENTAR N\u00ba 1 O 1/2000, DE 04/05/2000, \"LRF - LEI DE RESPONSABILIDADE FJSCAL\", CONVIDA, PARA A, \"AUDI\u00caNCIA PUBLICA\", DE DEMONSTRA\u00c7\u00c3O E AVALIA\u00c7\u00c3O E CUMPRIMENTO DAS METAS FISCAIS DO 1\u00ba QUADRIMESTRE DE 2016. OU SEJA, DOS MESES DE JANEIRO, FEVEREIRO, MAR\u00c7O E ABRIL DE 2016, DO PODER EXECUTIVO MUNICIPAL, DA CAIXA DE APOSENTADORIA E PENS\u00c3O DOS SERVIDORES MUNICIPAIS DE SARANDI - PRESERV, E \u00c1GUAS DE SARANDI - SERVI\u00c7O MUNICIPAL DE SANEAMENTO AMBIENTAL, QUE ACONTECER\u00c1:\r\n\r\nDIA: 31 DE MAIO DE 2016.\r\n\r\nHOR\u00c1RIO: \u00c0S 18:00 HORAS.\r\n\r\nLOCAL: C\u00c2MARA MUNICIPAL DE SARANDI -AV. MARING\u00c1, 660 - CENTRO."}, {"id": "4095", "ano": "2017", "numero": "68", "tipo__sigla": "POR", "tipo__descricao": "Portaria", "texto_integral": "http://sapl.sarandi.pr.leg.br/media/sapl/public/normajuridica/2017/4095/portaria_n_0068-2017.pdf", "ementa": "NOMEIA O SENHOR RENAN AUGUSTO DOS SANTOS VOLPATTO, PARA O CARGO DE OPERADOR DE \u00c1UDIO E WEBDESIGNER, DESTA CASA DE LEIS."}, {"id": "4105", "ano": "2017", "numero": "4", "tipo__sigla": "DL", "tipo__descricao": "Decreto Legislativo", "texto_integral": "http://sapl.sarandi.pr.leg.br/media/sapl/public/normajuridica/2017/4105/dec._leg._no_0004-2017.pdf", "ementa": "Disp\u00f5e sobre Aceita\u00e7\u00e3o do \"Veto n\u00ba 003/17\", aposto total \u00e0 Lei Municipal n\u00ba 2366, de Autoria do edil Dinizio Aparecido Viaro, que disp\u00f5e sobre a denomina\u00e7\u00e3o de Laerte Bento da Silva, a Rua 29, nos Jardins Nova Independ\u00eancia 1\u00aa Parte e Aurora."}, {"id": "4116", "ano": "2017", "numero": "2370", "tipo__sigla": "LEI", "tipo__descricao": "Lei Ordin\u00e1ria", "texto_integral": "http://sapl.sarandi.pr.leg.br/media/sapl/public/normajuridica/2017/4116/lei_no_2370-2017_para_site.pdf", "ementa": "Estima a Receita e fixa a Despesa do Munic\u00edpio de Sarandi para o exerc\u00edcio de 2018, na forma que especifica."}, {"id": "4115", "ano": "2017", "numero": "2369", "tipo__sigla": "LEI", "tipo__descricao": "Lei Ordin\u00e1ria", "texto_integral": "http://sapl.sarandi.pr.leg.br/media/sapl/public/normajuridica/2017/4115/lei_no_2369-2017_para_site.pdf", "ementa": "Disp\u00f5e sobre a altera\u00e7\u00e3o do Anexo de Metas e Prioridades da Lei de Diretrizes Or\u00e7ament\u00e1rias \u2013 LDO de 2018, na forma que especifica."}, {"id": "4114", "ano": "2017", "numero": "2368", "tipo__sigla": "LEI", "tipo__descricao": "Lei Ordin\u00e1ria", "texto_integral": "http://sapl.sarandi.pr.leg.br/media/sapl/public/normajuridica/2017/4114/lei_no_2368-2017_para_site.pdf", "ementa": "Disp\u00f5e sobre a altera\u00e7\u00e3o dos Anexos do PPA-Plano Plurianual do Munic\u00edpio de Sarandi do quadri\u00eanio 2018 a 2021, na forma que especifica."}, {"id": "4094", "ano": "2017", "numero": "67", "tipo__sigla": "POR", "tipo__descricao": "Portaria", "texto_integral": "http://sapl.sarandi.pr.leg.br/media/sapl/public/normajuridica/2017/4094/portaria_n_0067-2017.pdf", "ementa": "NOMEIA O SENHOR FABIANO DIGIORGIO, PARA O CARGO DE DIRETOR DE RELA\u00c7\u00d5ES INSTITUCIONAIS, SIMBOLO CC=2, NESTA CASA DE LEIS."}, {"id": "4093", "ano": "2017", "numero": "66", "tipo__sigla": "POR", "tipo__descricao": "Portaria", "texto_integral": "http://sapl.sarandi.pr.leg.br/media/sapl/public/normajuridica/2017/4093/portaria_n_0066-2017.pdf", "ementa": "REVOGA EM TODO O SEU TEOR A PORTARIA N\u00ba 064/2017, QUE NOMEOU A COMISS\u00c3O PROCESSANTE PARA A APURA\u00c7\u00c3O DE DEN\u00daNCIA DE INFRA\u00c7\u00c3O POL\u00cdTICO-ADMINISTRATIVA, ISTO EM CONFORMIDADE COM A ORIENTA\u00c7\u00c3O DA ASSESSORIA JUR\u00cdDICA DESTA CASA DE LEIS."}, {"id": "4092", "ano": "2017", "numero": "65", "tipo__sigla": "POR", "tipo__descricao": "Portaria", "texto_integral": "http://sapl.sarandi.pr.leg.br/media/sapl/public/normajuridica/2017/4092/portaria_n_0065-2017.pdf", "ementa": "EXONERA A PEDIDO, O SENHOR FABIANO DIGIORGIO, DO CARGO DE ASSESSOR PARLAMENTAR, SIMBOLO CC-3, DO GABINETE DO VEREADOR APARECIDO ANTONIO."}, {"id": "4091", "ano": "2017", "numero": "64", "tipo__sigla": "POR", "tipo__descricao": "Portaria", "texto_integral": "http://sapl.sarandi.pr.leg.br/media/sapl/public/normajuridica/2017/4091/portaria_n_0064-2017.pdf", "ementa": "NOMEIA A COMISS\u00c3O PROCESSANTE PARA APURAR DEN\u00daNCIA DE INFRA\u00c7\u00c3O POL\u00cdTICO-ADMINISTRATIVA COMETIDA PELO EXMO. SR. PREFEITO MUNICIPAL WALTER VOLPATO."}, {"id": "4090", "ano": "2017", "numero": "63", "tipo__sigla": "POR", "tipo__descricao": "Portaria", "texto_integral": "http://sapl.sarandi.pr.leg.br/media/sapl/public/normajuridica/2017/4090/portaria_n_0063-2017.pdf", "ementa": "EXONERA \u00c1 PEDIDO O SENHOR ELSON MANH\u00c3ES, DO CARGO DE DIRETOR DE RELA\u00c7\u00d5ES INSTITUCIONAIS, SIMBOLO CC-2, DESTA CASA DE LEIS."}, {"id": "4072", "ano": "2017", "numero": "5", "tipo__sigla": "EDA", "tipo__descricao": "Edital - Audi\u00eancia", "texto_integral": "http://sapl.sarandi.pr.leg.br/media/./sapl/public/normajuridica/2017/4072/4072_texto_integral.pdf", "ementa": "PRESIDENTE DA C\u00c2MARA MUNICIPAL DE SARANDI, ESTADO DO PARAN\u00c1, NO USO DE SUAS ATRIBUI\u00c7\u00d5ES LEGAIS E EM ATENDIMENTO AS DETERMINA\u00c7\u00d5ES CONTIDAS NO ARTIGO 48, DA LEI COMPLEMENTAR N\u00ba 101/2000, DE 04 DE MAIO DE 2000-LEI DE RESPONSABILIDADE FISCAL, FAZ SABER A QUEM INTERESSAR POSSA, QUE FAR\u00c1 REALIZAR AUDI\u00caNCIA P\u00daBLICA NO LOCAL, DATA E HOR\u00c1RIO ABAIXO INDICADOS, PARA A DISCUSS\u00c3O DOS SEGUINTES INSTRUMENTOS OR\u00c7AMENT\u00c1RIOS:"}, {"id": "4113", "ano": "2017", "numero": "2367", "tipo__sigla": "LEI", "tipo__descricao": "Lei Ordin\u00e1ria", "texto_integral": "http://sapl.sarandi.pr.leg.br/media/sapl/public/normajuridica/2017/4113/lei_no_2367-2017_para_site.pdf", "ementa": "Disp\u00f5e sobre a cria\u00e7\u00e3o do Conselho Municipal de Direitos da Pessoa Idosa e do Fundo Municipal de Direitos da Pessoa Idosa e d\u00e1 outras provid\u00eancias."}, {"id": "4089", "ano": "2017", "numero": "62", "tipo__sigla": "POR", "tipo__descricao": "Portaria", "texto_integral": "http://sapl.sarandi.pr.leg.br/media/sapl/public/normajuridica/2017/4089/portaria_n_0062-2017.pdf", "ementa": "CONCEDE PROGRESS\u00c3O FUNCIONAL POR TEMPO DE SERVI\u00c7O E M\u00c9RITO \u00c1 SERVIDORA CAMILA DE SOUZA BUENO DOS SANTOS."}, {"id": "4074", "ano": "2017", "numero": "3", "tipo__sigla": "EDC", "tipo__descricao": "Edital - Concurso", "texto_integral": "http://sapl.sarandi.pr.leg.br/media/./sapl/public/normajuridica/2017/4074/4074_texto_integral.pdf", "ementa": "CONVOCAR O CANDIDATO ABAIXO RELACIONADO, APROVADO NO CONCURSO \u00daBLICO ABERTO PELO EDITAL N.? 001/2014, CUJO RESULTADO FINAL DEU-SE PELOS EDITAIS N\u00daMEROS 007/2014 E 009/2014, DATADOS DE 29/09/2014 E 14/10/2014, DEVIDAMENTE HOMOLOGADO PELA PORTARIA N.\u00ba 050/2014, DATADA DE 31/10/2014"}, {"id": "4112", "ano": "2017", "numero": "2366", "tipo__sigla": "LEI", "tipo__descricao": "Lei Ordin\u00e1ria", "texto_integral": "http://sapl.sarandi.pr.leg.br/media/sapl/public/normajuridica/2017/4112/lei_no_2366-2017.pdf", "ementa": "D\u00e1 denomina\u00e7\u00e3o a Rua 29, situada nos Jardins Nova Independ\u00eancia 1\u00aa Parte e Aurora, na forma que especifica."}, {"id": "4110", "ano": "2017", "numero": "2365", "tipo__sigla": "LEI", "tipo__descricao": "Lei Ordin\u00e1ria", "texto_integral": "http://sapl.sarandi.pr.leg.br/media/sapl/public/normajuridica/2017/4110/lei_no_2365-2017_para_site.pdf", "ementa": "Declara de utilidade p\u00fablica a Associa\u00e7\u00e3o MISPA \u2013 Minist\u00e9rio Social por Amor."}, {"id": "4109", "ano": "2017", "numero": "2364", "tipo__sigla": "LEI", "tipo__descricao": "Lei Ordin\u00e1ria", "texto_integral": "http://sapl.sarandi.pr.leg.br/media/sapl/public/normajuridica/2017/4109/lei_no_2364-2017_para_site.pdf", "ementa": "Disp\u00f5e sobre a instala\u00e7\u00e3o de Faixa Elevada para travessia de pedestres, em frente a Supermercados na \u00e1rea central de Sarandi, e d\u00e1 outras provid\u00eancias."}, {"id": "4108", "ano": "2017", "numero": "2363", "tipo__sigla": "LEI", "tipo__descricao": "Lei Ordin\u00e1ria", "texto_integral": "http://sapl.sarandi.pr.leg.br/media/sapl/public/normajuridica/2017/4108/lei_no_2363-2017_para_site.pdf", "ementa": "Disp\u00f5e sobre o fornecimento de protetor solar ao servidor que trabalhe a c\u00e9u aberto."}, {"id": "4073", "ano": "2017", "numero": "3", "tipo__sigla": "IN", "tipo__descricao": "Instru\u00e7\u00e3o Normativa", "texto_integral": "http://sapl.sarandi.pr.leg.br/media/sapl/public/normajuridica/2017/4073/in_03-2017.pdf", "ementa": "REGULAMENTA O USO DO VE\u00cdCULO OFICIAL DA C\u00c2MARA MUNICIPAL DE SARANDI E D\u00c1 OUTRAS PROVID\u00caNCIAS."}, {"id": "4071", "ano": "2017", "numero": "61", "tipo__sigla": "POR", "tipo__descricao": "Portaria", "texto_integral": "http://sapl.sarandi.pr.leg.br/media/sapl/public/normajuridica/2017/4071/portaria_n_0061-2017.pdf", "ementa": "TORNA P\u00daBLICO, QUE A C\u00c2MARA MUNICIPAL DE SARANDI, ESTADO DO PARAN\u00c1, N\u00c3O TER\u00c1 EXPEDIENTE AO P\u00daBLICO, NO DIA 13 DE OUTUBRO DE 2017, EM VIRTUDE DO FERIADO PROLONGADO DE NOSSA SENHORA APARECIDA - PADROEIRA DO BRASIL."}, {"id": "4104", "ano": "2017", "numero": "3", "tipo__sigla": "DL", "tipo__descricao": "Decreto Legislativo", "texto_integral": "http://sapl.sarandi.pr.leg.br/media/sapl/public/normajuridica/2017/4104/dec._leg._no_0003-2017.pdf", "ementa": "Disp\u00f5e sobre a Aceita\u00e7\u00e3o do Veto Total \u00e0 Lei Municipal n\u00ba 2343/2017, de Autoria do edil Cilas Souza Morais e outros, que disp\u00f5e sobre a altera\u00e7\u00e3o do inciso I, do artigo 2\u00ba, da Lei n\u00ba 567/94, referente \u00e0 concess\u00e3o de tributos."}, {"id": "4086", "ano": "2017", "numero": "4", "tipo__sigla": "EDA", "tipo__descricao": "Edital - Audi\u00eancia", "texto_integral": "http://sapl.sarandi.pr.leg.br/media/./sapl/public/normajuridica/2017/4086/4086_texto_integral.pdf", "ementa": "O PRESIDENTE DA C\u00c2MARA MUNICIPAL DE SARANDI, SENHOR CARLOS ROBERTO FALASCHI \"LE\u00c3O\", NO USO DE SUAS ATRIBUI\u00c7\u00d5ES LEGAIS, E EM ESPECIAL O ARTIGO 9\u00b0 PAR\u00c1GRAFO 4\u00b0. DA LEI COMPLEMENTAR N\u00ba L\u00dcL/2000. DE 04/05/2000, \"LRF - LEL DE RESPONSABILIDADE FISCAL\". E O N V I D A, PARA A ~ , \"AUDIENCIA PUBLICA\", DE DEMONSTRA\u00c7\u00c3O E AVALIA\u00c7\u00c3O E CUMPRIMENTO DAS METAS FISCAIS DO 2\u00b0 QUADRIMESTRE DE 2017. OU SEJA, DOS MESES DE MAIO, JUNHO, JULHO E AGOSTO DE 2017. DO PODER EXECUTIVO MUNICIPAL. DA CAIXA DE APOSENTADORIA E PENS\u00c3O DOS SERVIDORES MUNICIPAIS DE SARANDI - PRESERV, E \u00c1GUAS DE SARANDI - SERVI\u00c7O MUNICIPAL DE SANEAMENTO AMBIENTAL. QUE ACONTECER\u00c1:\r\n\r\nDIA: 29 DE SETEMBRO DE 2017.\r\n\r\nHOR\u00c1RIO: \u00c0S 18:00 HORAS.\r\n\r\nLOCAL: C\u00c2MARA MUNICIPAL DE SARANDI -AV. MARING\u00c1, 660 - CENTRO."}, {"id": "4068", "ano": "2017", "numero": "2362", "tipo__sigla": "LEI", "tipo__descricao": "Lei Ordin\u00e1ria", "texto_integral": "http://sapl.sarandi.pr.leg.br/media/sapl/public/normajuridica/2017/4068/lei_no_2362-2017_para_site.pdf", "ementa": "Revoga a Lei Municipal n\u00ba 2246/2016, de 28.06.2016."}, {"id": "4067", "ano": "2017", "numero": "2361", "tipo__sigla": "LEI", "tipo__descricao": "Lei Ordin\u00e1ria", "texto_integral": "http://sapl.sarandi.pr.leg.br/media/sapl/public/normajuridica/2017/4067/lei_no_2361-2017_para_site.pdf", "ementa": "Reconhece e declara de utilidade p\u00fablica a Associa\u00e7\u00e3o dos Amigos Volunt\u00e1rios do Projeto Pescadores de Vida, na forma que especifica."}, {"id": "4066", "ano": "2017", "numero": "2360", "tipo__sigla": "LEI", "tipo__descricao": "Lei Ordin\u00e1ria", "texto_integral": "http://sapl.sarandi.pr.leg.br/media/sapl/public/normajuridica/2017/4066/lei_no_2360-2017_para_site.pdf", "ementa": "Ratifica as altera\u00e7\u00f5es realizadas no Protocolo de Inten\u00e7\u00f5es do Cons\u00f3rcio P\u00fablico Intermunicipal de Inova\u00e7\u00e3o e Desenvolvimento do Estado do Paran\u00e1 - CINDEPAR, e d\u00e1 outras provid\u00eancias."}, {"id": "4051", "ano": "2017", "numero": "354", "tipo__sigla": "LC", "tipo__descricao": "Lei Complementar", "texto_integral": "http://sapl.sarandi.pr.leg.br/media/sapl/public/normajuridica/2017/4051/lei_compl._no_354-2017_para_site.pdf", "ementa": "Altera dispositivos da Lei Complementar 070/2001, que disp\u00f5e sobre o Sistema Tribut\u00e1rio do Munic\u00edpio de Sarandi, Estado do Paran\u00e1."}, {"id": "4046", "ano": "2017", "numero": "4", "tipo__sigla": "RES", "tipo__descricao": "Resolu\u00e7\u00e3o", "texto_integral": "http://sapl.sarandi.pr.leg.br/media/sapl/public/normajuridica/2017/4046/res._no_0004-2017.pdf", "ementa": "Revoga em todo o seu teor a Resolu\u00e7\u00e3o n\u00ba 005/2015, de 16/12/2015, na forma que especifica."}, {"id": "4045", "ano": "2017", "numero": "3", "tipo__sigla": "RES", "tipo__descricao": "Resolu\u00e7\u00e3o", "texto_integral": "http://sapl.sarandi.pr.leg.br/media/sapl/public/normajuridica/2017/4045/resolucao_003.2017.pdf", "ementa": "Altera dispositivo da Resolu\u00e7\u00e3o n\u00ba 008/13, de 19/12/2013, na forma que especifica."}, {"id": "4048", "ano": "2017", "numero": "60", "tipo__sigla": "POR", "tipo__descricao": "Portaria", "texto_integral": "http://sapl.sarandi.pr.leg.br/media/sapl/public/normajuridica/2017/4048/portaria_n_0060-2017.pdf", "ementa": "PARA DAR CUMPRIMENTO AOS DISPOSITIVOS DA RESOLU\u00c7\u00c3O N\u00b0 004/94, DE 29/12/1994, COMBINADO COM AS DISPOSI\u00c7\u00d5ES DAS RESOLU\u00c7\u00d5ES N\u00daMEROS 002/2009, DE 14/09/2009 E 008/2013, DE 2712/2013, NOMEAR A COMISS\u00c3O PERMANENTE DE AVALIA\u00c7\u00c3O, PARA FINS DE AVALIA\u00c7\u00c3O DE DESEMPENHO DOS SERVIDORES QUE SE ENCONTRAM EM EST\u00c1GIO PROBAT\u00d3RIO E ELEVA\u00c7\u00c3O DE N\u00cdVEIS DOS SERVIDORES EFETIVADOS, COMPOSTA PELOS SEGUINTES SERVIDORES:"}, {"id": "4065", "ano": "2017", "numero": "2359", "tipo__sigla": "LEI", "tipo__descricao": "Lei Ordin\u00e1ria", "texto_integral": "http://sapl.sarandi.pr.leg.br/media/sapl/public/normajuridica/2017/4065/lei_no_2359-2017_para_site.pdf", "ementa": "Disp\u00f5e sobre a abertura de Cr\u00e9dito Adicional Especial, na forma que especifica."}, {"id": "4064", "ano": "2017", "numero": "2358", "tipo__sigla": "LEI", "tipo__descricao": "Lei Ordin\u00e1ria", "texto_integral": "http://sapl.sarandi.pr.leg.br/media/sapl/public/normajuridica/2017/4064/lei_no_2358-2017_para_site.pdf", "ementa": "D\u00e1 denomina\u00e7\u00e3o \u00e0 Rua Projetada D, do Jardim S\u00e3o Paulo II,  na forma que especifica."}, {"id": "4063", "ano": "2017", "numero": "2357", "tipo__sigla": "LEI", "tipo__descricao": "Lei Ordin\u00e1ria", "texto_integral": "http://sapl.sarandi.pr.leg.br/media/sapl/public/normajuridica/2017/4063/lei_no_2357-2017_para_site.pdf", "ementa": "Institui no \u00e2mbito do Munic\u00edpio de Sarandi, o programa \"Mulher Sua Sa\u00fade e Seus Direitos\", e d\u00e1 outras provid\u00eancias."}, {"id": "4062", "ano": "2017", "numero": "2356", "tipo__sigla": "LEI", "tipo__descricao": "Lei Ordin\u00e1ria", "texto_integral": "http://sapl.sarandi.pr.leg.br/media/sapl/public/normajuridica/2017/4062/lei_no_2356-2017_para_site.pdf", "ementa": "Disp\u00f5e sobre o fornecimento de repelentes contra insetos, aos pais ou respons\u00e1veis pelos alunos matriculados nos estabelecimentos da rede p\u00fablica municipal de educa\u00e7\u00e3o e ensino, localizados pr\u00f3ximos a \u00e1reas de fundo de vale, e d\u00e1 outras provid\u00eancias."}, {"id": "4061", "ano": "2017", "numero": "2355", "tipo__sigla": "LEI", "tipo__descricao": "Lei Ordin\u00e1ria", "texto_integral": "http://sapl.sarandi.pr.leg.br/media/sapl/public/normajuridica/2017/4061/lei_no_2355-2017_para_site.pdf", "ementa": "Disp\u00f5e sobre a abertura de Cr\u00e9dito Adicional Suplementar, na forma que especifica."}, {"id": "4060", "ano": "2017", "numero": "2354", "tipo__sigla": "LEI", "tipo__descricao": "Lei Ordin\u00e1ria", "texto_integral": "http://sapl.sarandi.pr.leg.br/media/sapl/public/normajuridica/2017/4060/lei_no_2354-2017_para_site.pdf", "ementa": "Altera a reda\u00e7\u00e3o do Par\u00e1grafo \u00danico do Artigo 3\u00ba da Lei Municipal n\u00ba 2223/16, de 21 de Mar\u00e7o de 2016, na forma que especifica."}, {"id": "4030", "ano": "2017", "numero": "1", "tipo__sigla": "ATP", "tipo__descricao": "Ato da Presid\u00eancia", "texto_integral": "http://sapl.sarandi.pr.leg.br/media/./sapl/public/normajuridica/2017/4030/4030_texto_integral.pdf", "ementa": "Adotar no que couber, dispositivos da Resolu\u00e7\u00e3o n\u00ba 1, de 24 de agosto de 2017, e seu Anexo, da Caixa de Aposentadoria e Pens\u00e3o dos Servidores Municipais de Sarandi - PRESERV,  para a realiza\u00e7\u00e3o de elei\u00e7\u00f5es visando a escolha de membros e suplentes, entre os segurados desta Casa de Leis, para comporem o Conselho de Previd\u00eancia-CP, do PRESERV."}, {"id": "4059", "ano": "2017", "numero": "2353", "tipo__sigla": "LEI", "tipo__descricao": "Lei Ordin\u00e1ria", "texto_integral": "http://sapl.sarandi.pr.leg.br/media/sapl/public/normajuridica/2017/4059/lei_no_2353-2017_para_site.pdf", "ementa": "Disp\u00f5e sobre a institui\u00e7\u00e3o do pr\u00eamio Aluno Nota 10 na rede p\u00fablica municipal de ensino."}, {"id": "4058", "ano": "2017", "numero": "2352", "tipo__sigla": "LEI", "tipo__descricao": "Lei Ordin\u00e1ria", "texto_integral": "http://sapl.sarandi.pr.leg.br/media/sapl/public/normajuridica/2017/4058/lei_no_2352-2017_para_site.pdf", "ementa": "Institui o Setembro Amarelo - de preven\u00e7\u00e3o ao suic\u00eddio, em Sarandi-Paran\u00e1, e d\u00e1 outras provid\u00eancias."}, {"id": "4057", "ano": "2017", "numero": "2351", "tipo__sigla": "LEI", "tipo__descricao": "Lei Ordin\u00e1ria", "texto_integral": "http://sapl.sarandi.pr.leg.br/media/sapl/public/normajuridica/2017/4057/lei_no_2351-2017_para_site.pdf", "ementa": "Disp\u00f5e sobre a divulga\u00e7\u00e3o da lista de espera para vagas nos Centros Municipais de Educa\u00e7\u00e3o Infantil \u2013 CMEIs de Sarandi, Estado do Paran\u00e1, e d\u00e1 outras provid\u00eancias."}, {"id": "4056", "ano": "2017", "numero": "2350", "tipo__sigla": "LEI", "tipo__descricao": "Lei Ordin\u00e1ria", "texto_integral": "http://sapl.sarandi.pr.leg.br/media/sapl/public/normajuridica/2017/4056/lei_no_2350-2017_para_site.pdf", "ementa": "Disp\u00f5e sobre a disponibiliza\u00e7\u00e3o de brinquedos adaptados para crian\u00e7as com defici\u00eancia, em locais p\u00fablicos e privados de lazer, e d\u00e1 outras provid\u00eancias."}, {"id": "4050", "ano": "2017", "numero": "353", "tipo__sigla": "LC", "tipo__descricao": "Lei Complementar", "texto_integral": "http://sapl.sarandi.pr.leg.br/media/sapl/public/normajuridica/2017/4050/lei_compl._no_353-2017_para_site.pdf", "ementa": "Disp\u00f5e sobre a altera\u00e7\u00e3o da Lei Complementar n\u00ba 263/2011, de 13/12/2011, de cria\u00e7\u00e3o da Secretaria Municipal da Juventude, Cultura, Esporte e Lazer, incluindo o Turismo na forma que espec\u00edfica."}, {"id": "4047", "ano": "2017", "numero": "59", "tipo__sigla": "POR", "tipo__descricao": "Portaria", "texto_integral": "http://sapl.sarandi.pr.leg.br/media/sapl/public/normajuridica/2017/4047/portaria_n_0059-2017.pdf", "ementa": "TORNAR P\u00daBLICO O RECESSO FUNCIONAL NESTA CASA LEGISLATIVA, NO DIA 08\r\nDE SETEMBRO DE 2017."}, {"id": "4055", "ano": "2017", "numero": "2349", "tipo__sigla": "LEI", "tipo__descricao": "Lei Ordin\u00e1ria", "texto_integral": "http://sapl.sarandi.pr.leg.br/media/sapl/public/normajuridica/2017/4055/lei_no_2349-2017_para_site.pdf", "ementa": "Autoriza o Poder Executivo Municipal a custear despesas com a participa\u00e7\u00e3o de alunos dos projetos esportivos e culturais, equipes esportivas e grupos culturais, que representem o munic\u00edpio de Sarandi e d\u00e1 outras providencias."}, {"id": "4054", "ano": "2017", "numero": "2348", "tipo__sigla": "LEI", "tipo__descricao": "Lei Ordin\u00e1ria", "texto_integral": "http://sapl.sarandi.pr.leg.br/media/sapl/public/normajuridica/2017/4054/lei_no_2348-2017_para_site.pdf", "ementa": "Autoriza o estabelecimento de cons\u00f3rcio com os munic\u00edpios de Maring\u00e1, Pai\u00e7andu, Mandagua\u00e7u e Marialva para a cria\u00e7\u00e3o do PROCON Metropolitano."}, {"id": "4053", "ano": "2017", "numero": "2347", "tipo__sigla": "LEI", "tipo__descricao": "Lei Ordin\u00e1ria", "texto_integral": "http://sapl.sarandi.pr.leg.br/media/sapl/public/normajuridica/2017/4053/lei_no_2347-2017_para_site.pdf", "ementa": "Autoriza o Poder Executivo Municipal a firmar conv\u00eanio com a Companhia de Habita\u00e7\u00e3o do Paran\u00e1, para viabilizar a constru\u00e7\u00e3o de unidades habitacionais, isentar impostos e taxas para empreendimentos vinculados ao Programa MORAR BEM PARAN\u00c1, e d\u00e1 outras provid\u00eancias."}, {"id": "4052", "ano": "2017", "numero": "2346", "tipo__sigla": "LEI", "tipo__descricao": "Lei Ordin\u00e1ria", "texto_integral": "http://sapl.sarandi.pr.leg.br/media/sapl/public/normajuridica/2017/4052/lei_no_2346-2017_para_site.pdf", "ementa": "Altera a Lei n\u00ba 1015/2002, que disp\u00f5e sobre conv\u00eanio com o Cons\u00f3rcio Intergestores Paran\u00e1 Sa\u00fade."}, {"id": "4049", "ano": "2017", "numero": "2", "tipo__sigla": "DL", "tipo__descricao": "Decreto Legislativo", "texto_integral": "http://sapl.sarandi.pr.leg.br/media/sapl/public/normajuridica/2017/4049/dec._leg._no_0002-2017.pdf", "ementa": "Disp\u00f5e sobre Aceita\u00e7\u00e3o do \"Veto n\u00ba 001/2017\", aposto \u00e0 altera\u00e7\u00e3o realizada atrav\u00e9s da Emenda Modificativa n\u00ba 008/2017, no Projeto de Lei n\u00ba 2606/2017, de autoria do Poder Executivo Municipal, a qual disp\u00f5e sobre as Diretrizes para a elabora\u00e7\u00e3o e execu\u00e7\u00e3o da Lei Or\u00e7ament\u00e1ria para o Exerc\u00edcio de 2018 e d\u00e1 outras provid\u00eancias."}, {"id": "4026", "ano": "2017", "numero": "2345", "tipo__sigla": "LEI", "tipo__descricao": "Lei Ordin\u00e1ria", "texto_integral": "http://sapl.sarandi.pr.leg.br/media/sapl/public/normajuridica/2017/4026/lei_no_2345-2017_para_site.pdf", "ementa": "Disp\u00f5e sobre autoriza\u00e7\u00e3o para a altera\u00e7\u00e3o do feriado de Anivers\u00e1rio do Munic\u00edpio, na forma que especifica."}, {"id": "4025", "ano": "2017", "numero": "2344", "tipo__sigla": "LEI", "tipo__descricao": "Lei Ordin\u00e1ria", "texto_integral": "http://sapl.sarandi.pr.leg.br/media/sapl/public/normajuridica/2017/4025/lei_no_2344-2017_para_site.pdf", "ementa": "Disp\u00f5e sobre a proibi\u00e7\u00e3o da fabrica\u00e7\u00e3o e a comercializa\u00e7\u00e3o da mistura de cola e vidro, popularmente conhecida como Cerol, e d\u00e1 outras provid\u00eancias."}, {"id": "4024", "ano": "2017", "numero": "2343", "tipo__sigla": "LEI", "tipo__descricao": "Lei Ordin\u00e1ria", "texto_integral": "http://sapl.sarandi.pr.leg.br/media/sapl/public/normajuridica/2017/4024/lei_no_2343-2017.pdf", "ementa": "Altera a reda\u00e7\u00e3o do Inciso I, do Artigo 2\u00ba da Lei Municipal n\u00ba 567/94, de 04 de abril de 1994, na forma que especifica."}, {"id": "4023", "ano": "2017", "numero": "2342", "tipo__sigla": "LEI", "tipo__descricao": "Lei Ordin\u00e1ria", "texto_integral": "http://sapl.sarandi.pr.leg.br/media/sapl/public/normajuridica/2017/4023/lei_no_2342-2017_para_site.pdf", "ementa": "Altera dispositivos da Lei Municipal n\u00ba 2147/2015, de 18.05.2015, que cria Conselho Municipal de Promo\u00e7\u00e3o da Igualdade Racial \u2013 CMPIR."}, {"id": "4013", "ano": "2017", "numero": "352", "tipo__sigla": "LC", "tipo__descricao": "Lei Complementar", "texto_integral": "http://sapl.sarandi.pr.leg.br/media/sapl/public/normajuridica/2017/4013/lei_compl._no_352-2017_para_site.pdf", "ementa": "Inclui vias urbanas no Eixo de Com\u00e9rcio e Servi\u00e7os, na forma que especifica."}, {"id": "4012", "ano": "2017", "numero": "351", "tipo__sigla": "LC", "tipo__descricao": "Lei Complementar", "texto_integral": "http://sapl.sarandi.pr.leg.br/media/sapl/public/normajuridica/2017/4012/lei_compl._no_351-2017_para_site.pdf", "ementa": "Disp\u00f5e sobre a institui\u00e7\u00e3o do Programa de Recupera\u00e7\u00e3o Fiscal de Sarandi \u2013 REFIS MUNICIPAL."}, {"id": "4011", "ano": "2017", "numero": "350", "tipo__sigla": "LC", "tipo__descricao": "Lei Complementar", "texto_integral": "http://sapl.sarandi.pr.leg.br/media/sapl/public/normajuridica/2017/4011/lei_compl._no_350-201_para_site.pdf", "ementa": "Disp\u00f5e sobre a Revis\u00e3o do Plano de A\u00e7\u00e3o e Investimento-PAI, para os exerc\u00edcios de 2017 a 2021, integrante do Plano Diretor Municipal, aprovado pela Lei Complementar n\u00ba. 213/2009, de 26/09/2009, na forma que especifica."}, {"id": "4028", "ano": "2017", "numero": "57", "tipo__sigla": "POR", "tipo__descricao": "Portaria", "texto_integral": "http://sapl.sarandi.pr.leg.br/media/./sapl/public/normajuridica/2017/4028/4028_texto_integral.pdf", "ementa": "NOMEIA JO\u00c3O BATISTA DA CRUZ, BRASILEIRO, CASADO, PORTADOR DO RG N\u00b0\r\n5.768.256-6 SSP/SP, INSCRITO NO CPF SOB O N\u00b0 773.601.259-87, PARA O CARGO DE ASSESSOR LEGISLATIVO, S\u00cdMBOLO CC-3, DO QUADRO DE PROVIMENTO EM COMISS\u00c3O. NO GABINETE DO VEREADOR JOS\u00c9 APARECIDO DA SILVA `NITO', NESTA CASA DE LEIS."}, {"id": "4029", "ano": "2017", "numero": "58", "tipo__sigla": "POR", "tipo__descricao": "Portaria", "texto_integral": "http://sapl.sarandi.pr.leg.br/media/./sapl/public/normajuridica/2017/4029/4029_texto_integral.pdf", "ementa": "CONCEDE PROGRESS\u00c3O FUNCIONAL POR DESEMPENHO A SERVIDORA ANGELA ALVES DE ALMEIDA, MATR\u00cdCULA 113, OCUPANTE DO CARGO DE OPERADOR DE COMUNICA\u00c7\u00c3O, DO QUADRO DE SERVIDORES EFETIVOS DESTA CASA DE LEIS, DO GRUPO OCUPACIONAL LEGISLATIVO &#8212; GOL, N\u00cdVEL GOL4B, PARA A REFER\u00caNCIA 6, COM FUNDAMENTO NO ARTIGO 36 DA RESOLU\u00c7\u00c3O N\u00b0008/2013, DE 19/12/2013."}, {"id": "4027", "ano": "2017", "numero": "56", "tipo__sigla": "POR", "tipo__descricao": "Portaria", "texto_integral": "http://sapl.sarandi.pr.leg.br/media/./sapl/public/normajuridica/2017/4027/4027_texto_integral.pdf", "ementa": "EXONERA A PEDIDO, EBERALDO DE SIQUEIRA, PORTADOR DO CPF N\u00b0 \r\n140.408.948-98, DO CARGO DE ASSESSOR LEGISLATIVO. S\u00cdMBOLO CC3, DO QUADRO DE PESSOAL DE PROVIMENTO EM COMISS\u00c3O DESTE PODER, FICANDO REVOGADA A PORTARIA N\u00b0010/2012. DE 03/04/2012."}, {"id": "4022", "ano": "2017", "numero": "2341", "tipo__sigla": "LEI", "tipo__descricao": "Lei Ordin\u00e1ria", "texto_integral": "http://sapl.sarandi.pr.leg.br/media/sapl/public/normajuridica/2017/4022/lei_no_2341-2017_para_site.pdf", "ementa": "Institui a Patrulha Maria da Penha, no \u00e2mbito do Munic\u00edpio de Sarandi, e estabelece as diretrizes para sua atua\u00e7\u00e3o."}, {"id": "4021", "ano": "2017", "numero": "2340", "tipo__sigla": "LEI", "tipo__descricao": "Lei Ordin\u00e1ria", "texto_integral": "http://sapl.sarandi.pr.leg.br/media/sapl/public/normajuridica/2017/4021/lei_no_2340-2017_para_site.pdf", "ementa": "Altera dispositivo da Lei n\u00ba. 2035/2013, que disp\u00f5e sobre a cria\u00e7\u00e3o do Conselho Municipal de Cultura, na forma que especifica."}, {"id": "4020", "ano": "2017", "numero": "2339", "tipo__sigla": "LEI", "tipo__descricao": "Lei Ordin\u00e1ria", "texto_integral": "http://sapl.sarandi.pr.leg.br/media/sapl/public/normajuridica/2017/4020/lei_no_2339-2017_para_site.pdf", "ementa": "Disp\u00f5e sobre autoriza\u00e7\u00e3o ao Chefe do Poder Executivo Municipal, para a Concess\u00e3o de uso de bens p\u00fablicos, na forma que especifica."}, {"id": "4019", "ano": "2017", "numero": "2338", "tipo__sigla": "LEI", "tipo__descricao": "Lei Ordin\u00e1ria", "texto_integral": "http://sapl.sarandi.pr.leg.br/media/sapl/public/normajuridica/2017/4019/lei_no_2338-2017_para_site.pdf", "ementa": "Autoriza a concess\u00e3o de direito real de uso de im\u00f3vel da municipalidade, na forma que especifica."}, {"id": "4018", "ano": "2017", "numero": "2337", "tipo__sigla": "LEI", "tipo__descricao": "Lei Ordin\u00e1ria", "texto_integral": "http://sapl.sarandi.pr.leg.br/media/sapl/public/normajuridica/2017/4018/lei_no_2337-2017_para_site.pdf", "ementa": "Declara de Utilidade P\u00fablica a Associa\u00e7\u00e3o de Prote\u00e7\u00e3o e Assist\u00eancia aos Condenados \u2013 APAC de Sarandi."}, {"id": "4017", "ano": "2017", "numero": "2336", "tipo__sigla": "LEI", "tipo__descricao": "Lei Ordin\u00e1ria", "texto_integral": "http://sapl.sarandi.pr.leg.br/media/sapl/public/normajuridica/2017/4017/lei_no_2336-2017_para_site.pdf", "ementa": "Disp\u00f5e sobre autoriza\u00e7\u00e3o para cess\u00e3o de \u00f4nibus da municipalidade, de forma gratuita, para o atendimento \u00e0 comunidade e d\u00e1 outras provid\u00eancias."}, {"id": "4016", "ano": "2017", "numero": "2335", "tipo__sigla": "LEI", "tipo__descricao": "Lei Ordin\u00e1ria", "texto_integral": "http://sapl.sarandi.pr.leg.br/media/sapl/public/normajuridica/2017/4016/lei_no_2335-2017_para_site.pdf", "ementa": "Concede T\u00edtulo de Cidad\u00e3 Honor\u00e1ria \u00e0 Dra. Joeci Machado Camargo, na forma que especifica."}, {"id": "4015", "ano": "2017", "numero": "2334", "tipo__sigla": "LEI", "tipo__descricao": "Lei Ordin\u00e1ria", "texto_integral": "http://sapl.sarandi.pr.leg.br/media/sapl/public/normajuridica/2017/4015/lei_no_2334-2017_para_site.pdf", "ementa": "Altera dispositivo da Lei n\u00b0. 2128/2014, na forma que especifica."}, {"id": "4010", "ano": "2017", "numero": "349", "tipo__sigla": "LC", "tipo__descricao": "Lei Complementar", "texto_integral": "http://sapl.sarandi.pr.leg.br/media/sapl/public/normajuridica/2017/4010/lei_compl._no_349-2017_para_site.pdf", "ementa": "Disp\u00f5e sobre o vencimento do Cargo Efetivo de Agente de Combate \u00e0 Endemias."}, {"id": "4007", "ano": "2017", "numero": "54", "tipo__sigla": "POR", "tipo__descricao": "Portaria", "texto_integral": "http://sapl.sarandi.pr.leg.br/media/./sapl/public/normajuridica/2017/4007/4007_texto_integral.pdf", "ementa": "ALTERA A REDA\u00c7\u00c3O AO ARTIGO 1 \u00ba DA PORTARIA N\u00ba 053/2017, DE 30.06.2017, PASSANDO A VIGER COM A SEGUINTE REDA\u00c7\u00c3O"}, {"id": "4006", "ano": "2017", "numero": "53", "tipo__sigla": "POR", "tipo__descricao": "Portaria", "texto_integral": "http://sapl.sarandi.pr.leg.br/media/./sapl/public/normajuridica/2017/4006/4006_texto_integral.pdf", "ementa": "DESIGNAR O SERVIDOR DALVECIR APARECIDO SONORA, CPF 602.039.359- 34, OCUPANTE DO CARGO DE ASSISTENTE LEGISLATIVO, COMO ENCARREGADO DA DIVIS\u00c3O DE ARQUIVO HIST\u00d3RICO-DAH E DIVIS\u00c3O DE PLEN\u00c1RIO-DPO, NOS TERMOS DOS ARTIGOS 33 E 35 DA RESOLU\u00c7\u00c3O N\u00ba 002/2017, DE 14/06/2017."}, {"id": "4005", "ano": "2017", "numero": "52", "tipo__sigla": "POR", "tipo__descricao": "Portaria", "texto_integral": "http://sapl.sarandi.pr.leg.br/media/./sapl/public/normajuridica/2017/4005/4005_texto_integral.pdf", "ementa": "DESIGNAR O SERVIDOR FRANCISCO ADALBERTO DE SOUZA, CPF 280.064.299-87, OCUPANTE DO CARGO DE ASSISTENTE T\u00c9CNICO LEGISLATIVO, PARA A FUN\u00c7\u00c3O DE DIRETOR DO DEPARTAMENTO ADMINISTRATIVO-DEAD, NOS TERMOS DO ARTIGO 17 DA RESOLU\u00c7\u00c3O N\u00ba 002/2017, DE 14/06/2017."}, {"id": "4004", "ano": "2017", "numero": "51", "tipo__sigla": "POR", "tipo__descricao": "Portaria", "texto_integral": "http://sapl.sarandi.pr.leg.br/media/./sapl/public/normajuridica/2017/4004/4004_texto_integral.pdf", "ementa": "DESIGNAR O SERVIDOR AN\u00c9SIO JOS\u00c9 DA SILVA, CPF 558.158.809-06, OCUPANTE DO CARGO DE ASSISTENTE T\u00c9CNICO LEGISLATIVO, PARA A FUN\u00c7\u00c3O DE DIRETOR DO DEPARTAMENTO LEGISLATIVO-DELE, NOS TERMOS DO ARTIGO 31 DA RESOLU\u00c7\u00c3O N\u00ba 002/2017, DE 14/06/2017."}, {"id": "4003", "ano": "2017", "numero": "50", "tipo__sigla": "POR", "tipo__descricao": "Portaria", "texto_integral": "http://sapl.sarandi.pr.leg.br/media/./sapl/public/normajuridica/2017/4003/4003_texto_integral.pdf", "ementa": "DESIGNAR O SERVIDOR ROVILSON JOS\u00c9 ARANTES, CPF 618.907.829-04, OCUPANTE DO CARGO DE CONTADOR, PARA A FUN\u00c7\u00c3O DE DIRETOR DO DEPARTAMENTO FINANCEIRO-DEFI, NOS TERMOS DO ARTIGO 25 DA RESOLU\u00c7\u00c3O N\u00ba 002/2017, DE 14/06/2017."}, {"id": "4002", "ano": "2017", "numero": "49", "tipo__sigla": "POR", "tipo__descricao": "Portaria", "texto_integral": "http://sapl.sarandi.pr.leg.br/media/./sapl/public/normajuridica/2017/4002/4002_texto_integral.pdf", "ementa": "DESIGNAR O SERVIDOR DHYMISON DA SILVA RAMOS, CPF 070.951.529-42, OCUPANTE DO CARGO DE OFICIAL DE MANUTEN\u00c7\u00c3O, COMO ENCARREGADO PELOS SERVI\u00c7OS DE MANUTEN\u00c7\u00c3O DOS CONDICIONADORES DE AR E DA PARTE EL\u00c9TRICA DESTE PODER LEGISLATIVO"}, {"id": "4001", "ano": "2017", "numero": "48", "tipo__sigla": "POR", "tipo__descricao": "Portaria", "texto_integral": "http://sapl.sarandi.pr.leg.br/media/./sapl/public/normajuridica/2017/4001/4001_texto_integral.pdf", "ementa": "DESIGNAR A SERVIDORA ALINE QUEIROZ TREVISAN, CPF 065.884.169-62, OCUPANTE DO CARGO DE ADVOGADO, COMO ENCARREGADA PELO SERVI\u00c7O DE GEST\u00c3O DE CONTRATOS DESTE PODER LEGISLATIVO, NOS TERMOS DO ART. 67 DA LEI FEDERAL N\u00ba 8.666/93, DE 21/06/1993."}, {"id": "4000", "ano": "2017", "numero": "47", "tipo__sigla": "POR", "tipo__descricao": "Portaria", "texto_integral": "http://sapl.sarandi.pr.leg.br/media/./sapl/public/normajuridica/2017/4000/4000_texto_integral.pdf", "ementa": "NOMEAR AS SERVIDORAS CAMILA DE SOUZA BUENO DOS SANTOS, OCUPANTE DO CARGO DE RECEPCIONISTA E ANGELA ALVES DE ALMEIDA, OCUPANTE DO CARGO DE OPERADOR DE COMUNICA\u00c7\u00c3O, PARA COMPOREM A COMISS\u00c3O DE CONTROLE ESPECIAL DE RECEBIMENTO DE BENS PATRIMONIAIS DA C\u00c2MARA MUNICIPAL DE SARANDI, PELO PER\u00cdODO DE 12 (DOZE) MESES, CONTADOS A PARTIR DA DATA DE PUBLICA\u00c7\u00c3O DESTA PORTARIA."}, {"id": "3999", "ano": "2017", "numero": "46", "tipo__sigla": "POR", "tipo__descricao": "Portaria", "texto_integral": "http://sapl.sarandi.pr.leg.br/media/./sapl/public/normajuridica/2017/3999/3999_texto_integral.pdf", "ementa": "DESIGNAR A SERVIDORA EDITE NUNES DA SILVA, CPF 124.451.264-87, OCUPANTE DO CARGO DE AUXILIAR DE SERVI\u00c7OS GERAIS, PARA A FUN\u00c7\u00c3O DE CHEFE DA DIVIS\u00c3O DE SERVI\u00c7OS GERAIS-DSG, NOS TERMOS DO ARTIGO 21 DA RESOLU\u00c7\u00c3O N\u00ba 002/2017, DE 14/06/2017."}, {"id": "3998", "ano": "2017", "numero": "45", "tipo__sigla": "POR", "tipo__descricao": "Portaria", "texto_integral": "http://sapl.sarandi.pr.leg.br/media/./sapl/public/normajuridica/2017/3998/3998_texto_integral.pdf", "ementa": "NOMEAR OS SERVIDORES M\u00d4NICA CRISTINA GONZALVES, OCUPANTE DO CARGO DE ASSISTENTE ADMINISTRATIVO, E LUCAS ATALIBA RANTIN DE CARVALHO, OCUPANTE DO CARGO DE OFICIAL DE SERVI\u00c7OS GERAIS, PARA COMPOREM A COMISS\u00c3O PERMANENTE DE REVIS\u00c3O, REAVALIA\u00c7\u00c3O E DETERIORA\u00c7\u00c3O DE BENS M\u00d3VEIS E IM\u00d3VEIS DA C\u00c2MARA MUNICIPAL DE SARANDI, A QUAL DEVER\u00c1 ASSINAR TODOS OS RELAT\u00d3RIOS PERTINENTES \u00c0 SUA \u00c1REA DE ATUA\u00c7\u00c3O."}, {"id": "4014", "ano": "2017", "numero": "2333", "tipo__sigla": "LEI", "tipo__descricao": "Lei Ordin\u00e1ria", "texto_integral": "http://sapl.sarandi.pr.leg.br/media/sapl/public/normajuridica/2017/4014/lei_no_2333-2017_para_site.pdf", "ementa": "Disp\u00f5e sobre as Diretrizes para a elabora\u00e7\u00e3o e execu\u00e7\u00e3o da Lei Or\u00e7ament\u00e1ria para o exerc\u00edcio de 2018 e d\u00e1 outras provid\u00eancias."}, {"id": "4316", "ano": "2017", "numero": "2332", "tipo__sigla": "LEI", "tipo__descricao": "Lei Ordin\u00e1ria", "texto_integral": "http://sapl.sarandi.pr.leg.br/media/sapl/public/normajuridica/2017/4316/lei_no_2332-2017_para_site.pdf", "ementa": "Disp\u00f5e sobre o Plano Plurianual- PPA do Munic\u00edpio de Sarandi para o quadri\u00eanio 2018 a 2021, na forma que especifica."}, {"id": "3997", "ano": "2017", "numero": "44", "tipo__sigla": "POR", "tipo__descricao": "Portaria", "texto_integral": "http://sapl.sarandi.pr.leg.br/media/./sapl/public/normajuridica/2017/3997/3997_texto_integral.pdf", "ementa": "EM CUMPRIMENTO AO PAR\u00c1GRAFO \u00daNICO DO ARTIGO 1 \u00b0 DA RESOLU\u00c7\u00c3O N\u00ba 004/201 O, O AUX\u00cdLIO ALIMENTA\u00c7\u00c3O INSTITU\u00cdDO PELA LEI COMPLEMENTAR N\u00ba 10/ 1992, CORRIGIDO PELO \u00cdNDICE NACIONAL DE PRE\u00c7OS AO CONSUMIDOR - INPC - PASSA A TER O VALOR MENSAL DE R$ 121,93 (CENTO E VINTE E UM REAIS E NOVENTA E TR\u00caS CENTAVOS), A SER PAGO AOS SERVIDORES DA C\u00c2MARA MUNICIPAL CUJO VENCIMENTO N\u00c3O ULTRAPASSE O EQUIVALENTE A DUAS VEZES O MENOR VENCIMENTO PAGO PELA MUNICIPALIDADE."}, {"id": "3963", "ano": "2017", "numero": "348", "tipo__sigla": "LC", "tipo__descricao": "Lei Complementar", "texto_integral": "http://sapl.sarandi.pr.leg.br/media/sapl/public/normajuridica/2017/3963/lei_compl._no_348-2017__para_site.pdf", "ementa": "Disp\u00f5e sobre a fixa\u00e7\u00e3o dos Vencimentos dos Cargos de Provimento em Comiss\u00e3o, da Resolu\u00e7\u00e3o que trata da Redefini\u00e7\u00e3o da Estrutura Organizacional da C\u00e2mara Municipal de Sarandi, Estado do Paran\u00e1\u201d, e d\u00e1 outras provid\u00eancias."}, {"id": "3964", "ano": "2017", "numero": "347", "tipo__sigla": "LC", "tipo__descricao": "Lei Complementar", "texto_integral": "http://sapl.sarandi.pr.leg.br/media/sapl/public/normajuridica/2017/3964/lei_compl._no_347-2017_para_site.pdf", "ementa": "Disp\u00f5e sobre a transforma\u00e7\u00e3o do Par\u00e1grafo \u00danico, em Par\u00e1grafo 1\u00ba e a cria\u00e7\u00e3o do Par\u00e1grafo 2\u00ba, no Artigo 252, da Lei Complementar 219/2009, de 26 de Setembro de 2009, na forma que especifica."}, {"id": "3969", "ano": "2017", "numero": "2", "tipo__sigla": "RES", "tipo__descricao": "Resolu\u00e7\u00e3o", "texto_integral": "http://sapl.sarandi.pr.leg.br/media/sapl/public/normajuridica/2017/3969/res._no_0002-2017.pdf", "ementa": "Disp\u00f5e sobre a redefini\u00e7\u00e3o da Estrutura Organizacional da C\u00e2mara Municipal de Sarandi, Estado de Sarandi, Estado do Paran\u00e1 e d\u00e1 outras provid\u00eancias."}, {"id": "3983", "ano": "2017", "numero": "2331", "tipo__sigla": "LEI", "tipo__descricao": "Lei Ordin\u00e1ria", "texto_integral": "http://sapl.sarandi.pr.leg.br/media/sapl/public/normajuridica/2017/3983/lei_no_2331-2017_para_site.pdf", "ementa": "Autoriza o Poder Executivo a transferir recursos financeiros  para a Autarquia \u00c1guas de Sarandi \u2013 Servi\u00e7o Municipal de Saneamento Ambiental, na forma que especifica."}, {"id": "3982", "ano": "2017", "numero": "2330", "tipo__sigla": "LEI", "tipo__descricao": "Lei Ordin\u00e1ria", "texto_integral": "http://sapl.sarandi.pr.leg.br/media/sapl/public/normajuridica/2017/3982/lei_no_2330-2017_para_site.pdf", "ementa": "Autoriza a participa\u00e7\u00e3o, com reservas, do munic\u00edpio de Sarandi, Paran\u00e1, no Cons\u00f3rcio P\u00fablico Intermunicipal de Inova\u00e7\u00e3o e Desenvolvimento do Estado do Paran\u00e1 \u2013 CINDEPAR e d\u00e1 outras provid\u00eancias."}, {"id": "3962", "ano": "2017", "numero": "43", "tipo__sigla": "POR", "tipo__descricao": "Portaria", "texto_integral": "http://sapl.sarandi.pr.leg.br/media/sapl/public/normajuridica/2017/3962/portaria_n_0043-2017.pdf", "ementa": "TORNA P\u00daBLICO, QUE A C\u00c2MARA MUNICIPAL DE SARANDI, ESTADO DO PARAN\u00c1, N\u00c3O TER\u00c1 EXPEDIENTE AO P\u00daBLICO, NO DIA I 6 DE JUNHO DE 2017, EM VIRTUDE DO FERIADO PROLONGADO DE CORPUS CHRISTI."}, {"id": "4008", "ano": "2017", "numero": "55", "tipo__sigla": "POR", "tipo__descricao": "Portaria", "texto_integral": "http://sapl.sarandi.pr.leg.br/media/./sapl/public/normajuridica/2017/4008/4008_texto_integral.pdf", "ementa": "DESIGNAR O SERVIDOR VAGNER RAFAEL VAZ, CPF 041.185.409-75, OCUPANTE DO CARGO DE OFICIAL LEGISLATIVO, COMO ENCARREGADO DAS DIVIS\u00d5ES DE PROTOCOLO-DPR E PLEN\u00c1RIO-DPO, NOS TERMOS DOS ARTIGOS 20 E 34 DA RESOLU\u00c7\u00c3O N\u00ba 002/2017, DE 14/06/2017."}, {"id": "3996", "ano": "2017", "numero": "42", "tipo__sigla": "POR", "tipo__descricao": "Portaria", "texto_integral": "http://sapl.sarandi.pr.leg.br/media/./sapl/public/normajuridica/2017/3996/3996_texto_integral.pdf", "ementa": "DESIGNA A SERVIDORA LUZIA AZEVEDO DIAS, RG 14.020.055- 7 E CPF 062.114.578-55, EM CAR\u00c1TER EXCEPCIONAL E TEMPOR\u00c1RIO, PARA CUMPRIMENTO DO TERMO DE CONV\u00caNIO PROTOCOLADO N\u00ba 50093/20017 CELEBRADO ENTRE O JU\u00cdZO ELEITORAL DA 206\u00aa ZONA, EM SARANDI E A C\u00c2MARA MUNICIPAL DE SARANDI, PARA EXERCEREM SUAS ATIVIDADES CORRESPONDENTES JUNTO AO F\u00d3RUM ELEITORAL DE SARANDI, DE SEGUNDA A SEXTA-FEIRA, DAS 13:00 \u00c0S 17:00 HORAS, NO PER\u00cdODO DE 25 DE MAIO A 28 DE JULHO DE 2017, PARA A EXECU\u00c7\u00c3O DO PROGRAMA EXPANS\u00c3O BIOM\u00c9TRICA."}, {"id": "4081", "ano": "2017", "numero": "2", "tipo__sigla": "EDA", "tipo__descricao": "Edital - Audi\u00eancia", "texto_integral": "http://sapl.sarandi.pr.leg.br/media/./sapl/public/normajuridica/2017/4081/4081_texto_integral.pdf", "ementa": "O PRESIDENTE DA C\u00c2MARA MUNICIPAL DE SARANDI, SENHOR CARLOS ROBERTO FALASCHI \"LE\u00c3O\", NO USO DE SUAS ATRIBUI\u00c7\u00d5ES LEGAIS, E EM ESPECIAL O ARTIGO 9\u00b0 PAR\u00c1GRAFO 4\u00b0, DA LEI COMPLEMENTAR N\u00ba 1 O 1/2000, DE 04/05/2000, \"LRF - LEI DE RESPONSABILIDADE FISCAL\", E CONVIDA, PARA A \"AUDI\u00caNCIA PUBLICA\", DE DEMONSTRA\u00c7\u00c3O E AVALIA\u00c7\u00c3O E CUMPRIMENTO DAS METAS FISCAIS DO 1 \u00b0 QUADRIMESTRE DE 2017, OU SEJA, DOS MESES DE JANEIRO, FEVEREIRO MAR\u00c7O E ABRIL DE 2017, DO PODER EXECUTIVO MUNICIPAL. DA CAIXA DE APOSENTADORIA E PENS\u00c3O DOS SERVIDORES MUNICIPAIS DE SARANDI - PRESERV, E \u00c1GUAS DE SARANDI - SERVI\u00c7O MUNICIPAL DE SANEAMENTO AMBIENTAL, QUE ACONTECER\u00c1:\r\n\r\nDIA: 30 DE MAIO DE 2017.\r\n\r\nHOR\u00c1RIO: \u00c0S 18:00 HORAS.\r\n\r\nLOCAL C\u00c2MARA MUNICIPAL DE SARANDI - AV. MARING\u00c1, 660 - CENTRO."}, {"id": "3995", "ano": "2017", "numero": "41", "tipo__sigla": "POR", "tipo__descricao": "Portaria", "texto_integral": "http://sapl.sarandi.pr.leg.br/media/./sapl/public/normajuridica/2017/3995/3995_texto_integral.pdf", "ementa": "CONCEDER PROGRESS\u00c3O FUNCIONAL POR TEMPO DE SERVI\u00c7O E M\u00c9RITO AO SERVIDOR FRANCISCO ADALBERTO DE SOUZA."}, {"id": "3994", "ano": "2017", "numero": "40", "tipo__sigla": "POR", "tipo__descricao": "Portaria", "texto_integral": "http://sapl.sarandi.pr.leg.br/media/./sapl/public/normajuridica/2017/3994/3994_texto_integral.pdf", "ementa": "DESIGNAR OS SERVIDORES ABAIXO RELACIONADOS, EM CAR\u00c1TER EXCEPCIONAL E TEMPOR\u00c1RIO, PARA CUMPRIMENTO DO TERMO DE CONV\u00caNIO PROTOCOLADO N\u00ba 50093/20017 CELEBRADO ENTRE O JU\u00cdZO ELEITORAL DA 206\" ZONA, EM SARANDI E A C\u00c2MARA MUNICIPAL DE SARANDI, PARA EXERCEREM SUAS ATIVIDADES CORRESPONDENTES JUNTO AO F\u00d3RUM ELEITORAL DE SARANDI, DE SEGUNDA A SEXTA-FEIRA, DAS 13 :00 \u00c0S 17:00 HORAS, PARA A EXECU\u00c7\u00c3O DO PROGRAMA EXPANS\u00c3O BIOM\u00c9TRICA."}, {"id": "3981", "ano": "2017", "numero": "2329", "tipo__sigla": "LEI", "tipo__descricao": "Lei Ordin\u00e1ria", "texto_integral": "http://sapl.sarandi.pr.leg.br/media/sapl/public/normajuridica/2017/3981/lei_no_2329-2017_para_site.pdf", "ementa": "Disp\u00f5e sobre a grava\u00e7\u00e3o em \u00e1udio e v\u00eddeo dos processos licitat\u00f3rios e sua transmiss\u00e3o ao vivo, por meio da internet, no portal da transpar\u00eancia da Prefeitura do Munic\u00edpio de Sarandi e d\u00e1 outras provid\u00eancias."}, {"id": "3980", "ano": "2017", "numero": "2328", "tipo__sigla": "LEI", "tipo__descricao": "Lei Ordin\u00e1ria", "texto_integral": "http://sapl.sarandi.pr.leg.br/media/sapl/public/normajuridica/2017/3980/lei_no_2328-2017_para_site.pdf", "ementa": "Denomina Pra\u00e7a no Jardim Calif\u00f3rnia, na forma que especifica."}, {"id": "3979", "ano": "2017", "numero": "2327", "tipo__sigla": "LEI", "tipo__descricao": "Lei Ordin\u00e1ria", "texto_integral": "http://sapl.sarandi.pr.leg.br/media/sapl/public/normajuridica/2017/3979/lei_no_2327-2017_para_site.pdf", "ementa": "Disp\u00f5e sobre a regulamenta\u00e7\u00e3o de vaga de estacionamento especial, destinado \u00e0 utiliza\u00e7\u00e3o emergencial dos usu\u00e1rios de farm\u00e1cias, drogarias, Hospitais e postos de sa\u00fade e estabelecimentos similares, nos logradouros do munic\u00edpio de Sarandi."}, {"id": "3978", "ano": "2017", "numero": "2326", "tipo__sigla": "LEI", "tipo__descricao": "Lei Ordin\u00e1ria", "texto_integral": "http://sapl.sarandi.pr.leg.br/media/sapl/public/normajuridica/2017/3978/lei_no_2326-2017_para_site.pdf", "ementa": "Altera o Art. 4\u00ba, seus incisos e par\u00e1grafos, da Lei Municipal n\u00ba. 2313/20107, de 06/03/2017, que disp\u00f5e sobre a cria\u00e7\u00e3o do Conselho Municipal de Prote\u00e7\u00e3o e Bem Estar Animal \u2013 COBEM, do Fundo Municipal de Prote\u00e7\u00e3o e Bem Estar Animal e d\u00e1 outras provid\u00eancias."}, {"id": "3977", "ano": "2017", "numero": "2325", "tipo__sigla": "LEI", "tipo__descricao": "Lei Ordin\u00e1ria", "texto_integral": "http://sapl.sarandi.pr.leg.br/media/sapl/public/normajuridica/2017/3977/lei_no_2325-2017_para_site.pdf", "ementa": "Autoriza o Poder Executivo Municipal a efetuar a cobran\u00e7a de contribui\u00e7\u00e3o de melhoria em decorr\u00eancia de execu\u00e7\u00e3o de pavimenta\u00e7\u00e3o asf\u00e1ltica, revestimento em CBUQ com 03 cm, constante do Edital de Contribui\u00e7\u00e3o de Melhoria n\u00ba 001/2017."}, {"id": "3976", "ano": "2017", "numero": "2324", "tipo__sigla": "LEI", "tipo__descricao": "Lei Ordin\u00e1ria", "texto_integral": "http://sapl.sarandi.pr.leg.br/media/sapl/public/normajuridica/2017/3976/lei_no_2324-217_para_site.pdf", "ementa": "Ratifica as altera\u00e7\u00f5es realizadas no Protocolo de Inten\u00e7\u00f5es e do Estatuto do Cons\u00f3rcio P\u00fablico Intermunicipal de Gest\u00e3o da AMUSEP - PROAMUSEP, e d\u00e1 outras provid\u00eancias."}, {"id": "3975", "ano": "2017", "numero": "2323", "tipo__sigla": "LEI", "tipo__descricao": "Lei Ordin\u00e1ria", "texto_integral": "http://sapl.sarandi.pr.leg.br/media/sapl/public/normajuridica/2017/3975/lei_no_2323-2017_para_site.pdf", "ementa": "D\u00e1 denomina\u00e7\u00e3o a Rua 01, situada nos Jardins Ouro Verde II e IV, na forma que especifica."}, {"id": "3974", "ano": "2017", "numero": "2322", "tipo__sigla": "LEI", "tipo__descricao": "Lei Ordin\u00e1ria", "texto_integral": "http://sapl.sarandi.pr.leg.br/media/sapl/public/normajuridica/2017/3974/lei_no_2322-2017_para_site.pdf", "ementa": "Altera dispositivo da lei n\u00ba 1632/2009, na forma que especifica."}, {"id": "3973", "ano": "2017", "numero": "2321", "tipo__sigla": "LEI", "tipo__descricao": "Lei Ordin\u00e1ria", "texto_integral": "http://sapl.sarandi.pr.leg.br/media/sapl/public/normajuridica/2017/3973/lei_no_2321-2017_para_site.pdf", "ementa": "Institui regras para o pagamento de despesas atrav\u00e9s do regime de adiantamento e d\u00e1 outras provid\u00eancias."}, {"id": "3965", "ano": "2017", "numero": "346", "tipo__sigla": "LC", "tipo__descricao": "Lei Complementar", "texto_integral": "http://sapl.sarandi.pr.leg.br/media/sapl/public/normajuridica/2017/3965/lei_compl._no_346-2017_para_site.pdf", "ementa": "Institui o Programa Especial de Recupera\u00e7\u00e3o Fiscal \u2013 REFIS \u2013 do Servi\u00e7o Municipal de Saneamento Ambiental \u2013 \u00c1guas de Sarandi e d\u00e1 outras provid\u00eancias."}, {"id": "3966", "ano": "2017", "numero": "345", "tipo__sigla": "LC", "tipo__descricao": "Lei Complementar", "texto_integral": "http://sapl.sarandi.pr.leg.br/media/sapl/public/normajuridica/2017/3966/lei_compl._no_345-2017_para_site.pdf", "ementa": "Altera dispositivos da Lei Complementar n\u00ba 322/2015 - Da Outorga Onerosa do Direito de Construir, na forma que especifica."}, {"id": "3959", "ano": "2017", "numero": "2", "tipo__sigla": "IN", "tipo__descricao": "Instru\u00e7\u00e3o Normativa", "texto_integral": "http://sapl.sarandi.pr.leg.br/media/sapl/public/normajuridica/2017/3959/in_02-2017.pdf", "ementa": "DISP\u00d5E SOBRE NORMAS E PROCEDIMENTOS PARA SOLICITA\u00c7\u00c3O, CONCESS\u00c3O E PRESTA\u00c7\u00c3O DE CONTAS DE DI\u00c1RIAS A VEREADORES E SERVIDORES DA C\u00c2MARA MUNICIPAL DE SARANDI."}, {"id": "5904", "ano": "2017", "numero": "195", "tipo__sigla": "DE", "tipo__descricao": "Decreto Executivo", "texto_integral": "http://sapl.sarandi.pr.leg.br/media/sapl/public/normajuridica/2017/5904/decreto_executivo_no_195-2017.pdf", "ementa": "INSTITUI O COMIT\u00ca DE INVESTIMENTOS NO \u00c2MBITO DA CAIXA DE APOSENTADORIA E PENS\u00c3O DOS SERVIDORES MUNICIPAIS DE SARANDI PRESERV, E NOMEIA MEMBROS PARA INTEGRAR O REFERIDO COMIT\u00ca."}, {"id": "3960", "ano": "2017", "numero": "1", "tipo__sigla": "IN", "tipo__descricao": "Instru\u00e7\u00e3o Normativa", "texto_integral": "http://sapl.sarandi.pr.leg.br/media/sapl/public/normajuridica/2017/3960/in_01-2017.pdf", "ementa": "DISCIPLINA AS FORMAS DE COMUNICA\u00c7\u00c3O DO CONTROLE INTERNO DO PODER LEGISLATIVO MUNICIPAL COM OS \u00d3RG\u00c3OS E DEMAIS INTEGRANTES DA CASA E D\u00c1 OUTRAS PROVID\u00caNCIAS."}, {"id": "3972", "ano": "2017", "numero": "2320", "tipo__sigla": "LEI", "tipo__descricao": "Lei Ordin\u00e1ria", "texto_integral": "http://sapl.sarandi.pr.leg.br/media/sapl/public/normajuridica/2017/3972/lei_no_2320-2017_para_site.pdf", "ementa": "Autoriza a C\u00e2mara Municipal de Sarandi, a fazer os descontos previstos nos conv\u00eanios firmados entre a Associa\u00e7\u00e3o dos Servidores P\u00fablicos de Sarandi e Institui\u00e7\u00f5es Financeiras e/ou Operadoras de Planos de Sa\u00fade, e d\u00e1 outras provid\u00eancias."}, {"id": "3967", "ano": "2017", "numero": "344", "tipo__sigla": "LC", "tipo__descricao": "Lei Complementar", "texto_integral": "http://sapl.sarandi.pr.leg.br/media/sapl/public/normajuridica/2017/3967/lei_compl._no_344-2017_para_site.pdf", "ementa": "Extingue a Coordenadoria de Gera\u00e7\u00e3o de Trabalho e Renda e o cargo de provimento em comiss\u00e3o de Coordenador de Gera\u00e7\u00e3o de Trabalho e Renda e cria o cargo de provimento em comiss\u00e3o de Coordenador de Apoio Administrativo do Gabinete do Prefeito e d\u00e1 outras provid\u00eancias."}, {"id": "3968", "ano": "2017", "numero": "343", "tipo__sigla": "LC", "tipo__descricao": "Lei Complementar", "texto_integral": "http://sapl.sarandi.pr.leg.br/media/sapl/public/normajuridica/2017/3968/lei_compl._no_343-2017_-_para_site.pdf", "ementa": "Extingue os cargos de Assessor da Superintend\u00eancia, Coordenador Administrativo e Financeiro e Assessor do Coordenador Administrativo e Financeiro do quadro de Pessoal de Provimento em Comiss\u00e3o do PRESERV."}, {"id": "3984", "ano": "2017", "numero": "39", "tipo__sigla": "POR", "tipo__descricao": "Portaria", "texto_integral": "http://sapl.sarandi.pr.leg.br/media/./sapl/public/normajuridica/2017/3984/3984_texto_integral.pdf", "ementa": "NOMEAR OS SERVIDORES CAMILA DE SOUZA BUENO DOS SANTOS, OCUPANTE DO CARGO DE RECEPCIONISTA, E DHYMISON DA SILVA RAMOS, OCUPANTE DO CARGO DE OFICIAL DE MANUTEN\u00c7\u00c3O, PARA COMPOREM A COMISS\u00c3O DE CONTROLE ESPECIAL DE RECEBIMENTO DE BENS PATRIMONIAIS DA C\u00c2MARA MUNICIPAL DE SARANDI, PELO PER\u00cdODO DE 12 (DOZE) MESES, CONTADOS A PARTIR DA DATA DE PUBLICA\u00c7\u00c3O DESTA PORTARIA."}, {"id": "3985", "ano": "2017", "numero": "38", "tipo__sigla": "POR", "tipo__descricao": "Portaria", "texto_integral": "http://sapl.sarandi.pr.leg.br/media/./sapl/public/normajuridica/2017/3985/3985_texto_integral.pdf", "ementa": "NOMEIA CONTROLADOR INTERNO, LORHAN HENRIQUE COSTA.\r\n"}, {"id": "3986", "ano": "2017", "numero": "37", "tipo__sigla": "POR", "tipo__descricao": "Portaria", "texto_integral": "http://sapl.sarandi.pr.leg.br/media/./sapl/public/normajuridica/2017/3986/3986_texto_integral.pdf", "ementa": "NOMEAR MEMBROS DA COMISS\u00c3O DE LICITA\u00c7\u00c3O, GRACIELLE SILVA LIMA, JO\u00c3O ROBERTO DOS SANTOS LOPES E JO\u00c3O LEONARDO PINELLI MILHAN."}, {"id": "3987", "ano": "2017", "numero": "36", "tipo__sigla": "POR", "tipo__descricao": "Portaria", "texto_integral": "http://sapl.sarandi.pr.leg.br/media/./sapl/public/normajuridica/2017/3987/3987_texto_integral.pdf", "ementa": "EXONERAR CONTROLADOR INTERNO, M\u00c1RIO SETO TAKEGUMA J\u00daNIOR."}, {"id": "3988", "ano": "2017", "numero": "35", "tipo__sigla": "POR", "tipo__descricao": "Portaria", "texto_integral": "http://sapl.sarandi.pr.leg.br/media/./sapl/public/normajuridica/2017/3988/3988_texto_integral.pdf", "ementa": "EXONERAR OPERADOR DE COMUNICA\u00c7\u00c3O, M\u00c1RIO SETO TAKEGUMA J\u00daNIOR. "}, {"id": "3989", "ano": "2017", "numero": "34", "tipo__sigla": "POR", "tipo__descricao": "Portaria", "texto_integral": "http://sapl.sarandi.pr.leg.br/media/sapl/public/normajuridica/2017/3989/portaria_n_0034-2017.pdf", "ementa": "NOMEIA ASSESSOR LEGISLATIVO, ELIANE DA SILVA DOS SANTOS."}, {"id": "3971", "ano": "2017", "numero": "2319", "tipo__sigla": "LEI", "tipo__descricao": "Lei Ordin\u00e1ria", "texto_integral": "http://sapl.sarandi.pr.leg.br/media/sapl/public/normajuridica/2017/3971/lei_no_2319-2017_para_site.pdf", "ementa": "Disp\u00f5e sobre a abertura de Cr\u00e9dito Adicional Especial, na forma que especifica."}, {"id": "3990", "ano": "2017", "numero": "33", "tipo__sigla": "POR", "tipo__descricao": "Portaria", "texto_integral": "http://sapl.sarandi.pr.leg.br/media/./sapl/public/normajuridica/2017/3990/3990_texto_integral.pdf", "ementa": "EXONERAR ASSESSOR LEGISLATIVO, HUGO LEONARDO BEZERRA DA ROCHA."}, {"id": "4044", "ano": "2017", "numero": "1", "tipo__sigla": "RES", "tipo__descricao": "Resolu\u00e7\u00e3o", "texto_integral": "http://sapl.sarandi.pr.leg.br/media/sapl/public/normajuridica/2017/4044/res._no_0001-2017.pdf", "ementa": "Extingue Vaga de Cargo da Resolu\u00e7\u00e3o n\u00ba 001/2008, de 04/04/2008 - \"Disp\u00f5e sobre a Estrutura Organizacional da C\u00e2mara Municipal de Sarandi\", na forma que especifica."}, {"id": "3991", "ano": "2017", "numero": "32", "tipo__sigla": "POR", "tipo__descricao": "Portaria", "texto_integral": "http://sapl.sarandi.pr.leg.br/media/sapl/public/normajuridica/2017/3991/portaria_no_032-2017.pdf", "ementa": "NOMEAR MEMBROS DA EQUIPE DE APOIO DE LICITA\u00c7\u00c3O NA MODALIDADE PREG\u00c3O, GRACIELLE SILVA LIMA, JO\u00c3O ROBERTO DOS SANTOS LOPES, CAMILA DE SOUZA BUENO DOS SANTOS E DANIEL CHIARAMONTE FERREIRA."}, {"id": "3970", "ano": "2017", "numero": "2318", "tipo__sigla": "LEI", "tipo__descricao": "Lei Ordin\u00e1ria", "texto_integral": "http://sapl.sarandi.pr.leg.br/media/sapl/public/normajuridica/2017/3970/lei_no_2318-2017_para_site.pdf", "ementa": "Autoriza o Poder Executivo Municipal a promover Acordo Judicial nos Autos de A\u00e7\u00e3o Ordin\u00e1ria de Presta\u00e7\u00e3o de Obriga\u00e7\u00e3o de fazer c/c Preceito Cominat\u00f3rio n\u00ba 1004/2002 e 1006/2002 e d\u00e1 outras provid\u00eancias."}, {"id": "3992", "ano": "2017", "numero": "31", "tipo__sigla": "POR", "tipo__descricao": "Portaria", "texto_integral": "http://sapl.sarandi.pr.leg.br/media/./sapl/public/normajuridica/2017/3992/3992_texto_integral.pdf", "ementa": "CONCEDE PROGRESS\u00c3O FUNCIONAL POR M\u00c9RITO AO SERVIDOR ROVILSON JOS\u00c9 ARANTES."}, {"id": "3993", "ano": "2017", "numero": "30", "tipo__sigla": "POR", "tipo__descricao": "Portaria", "texto_integral": "http://sapl.sarandi.pr.leg.br/media/./sapl/public/normajuridica/2017/3993/3993_texto_integral.pdf", "ementa": "CONCEDE PROGRESS\u00c3O FUNCIONAL POR M\u00c9RITO \u00c0 SERVIDORA M\u00d4NICA CRISTINA GONZALVES."}, {"id": "3900", "ano": "2017", "numero": "2317", "tipo__sigla": "LEI", "tipo__descricao": "Lei Ordin\u00e1ria", "texto_integral": "http://sapl.sarandi.pr.leg.br/media/sapl/public/normajuridica/2017/3900/lei_no_2317-2017_para_site.pdf", "ementa": "Reconhece e declara de utilidade p\u00fablica entidade que especifica."}, {"id": "3901", "ano": "2017", "numero": "2316", "tipo__sigla": "LEI", "tipo__descricao": "Lei Ordin\u00e1ria", "texto_integral": "http://sapl.sarandi.pr.leg.br/media/sapl/public/normajuridica/2017/3901/lei_no_2316-2017_para_site.pdf", "ementa": "Autoriza a celebra\u00e7\u00e3o de Termo de Coopera\u00e7\u00e3o M\u00fatua com os Munic\u00edpios de Marialva e Maring\u00e1."}, {"id": "3902", "ano": "2017", "numero": "2315", "tipo__sigla": "LEI", "tipo__descricao": "Lei Ordin\u00e1ria", "texto_integral": "http://sapl.sarandi.pr.leg.br/media/sapl/public/normajuridica/2017/3902/lei_no_2315-2017_para_site.pdf", "ementa": "Disp\u00f5e sobre a obrigatoriedade do uso de L\u00e2mpadas ou Lumin\u00e1rias de diodo emissor de luz - LED quando da implanta\u00e7\u00e3o de novos loteamentos e empreendimentos Imobili\u00e1rios no \u00e2mbito do Munic\u00edpio de Sarandi e d\u00e1 outras provid\u00eancias."}, {"id": "3903", "ano": "2017", "numero": "2314", "tipo__sigla": "LEI", "tipo__descricao": "Lei Ordin\u00e1ria", "texto_integral": "http://sapl.sarandi.pr.leg.br/media/sapl/public/normajuridica/2017/3903/lei_no_2314-2017_para_site.pdf", "ementa": "Disp\u00f5e sobre autoriza\u00e7\u00e3o para cess\u00e3o de \u00f4nibus da municipalidade, de forma gratuita, para o transporte de alunos, na forma que especifica."}, {"id": "3894", "ano": "2017", "numero": "29", "tipo__sigla": "POR", "tipo__descricao": "Portaria", "texto_integral": "http://sapl.sarandi.pr.leg.br/media/sapl/public/normajuridica/2017/3894/portaria_n_0029-2017.pdf", "ementa": "DESIGNA COMISS\u00c3O ESPECIAL."}, {"id": "3899", "ano": "2017", "numero": "2313", "tipo__sigla": "LEI", "tipo__descricao": "Lei Ordin\u00e1ria", "texto_integral": "http://sapl.sarandi.pr.leg.br/media/sapl/public/normajuridica/2017/3899/lei_no_2313-2017_para_site.pdf", "ementa": "Disp\u00f5e sobre a cria\u00e7\u00e3o do Conselho Municipal de Prote\u00e7\u00e3o e Bem Estar Animal \u2014 COBEM, do Fundo Municipal de Prote\u00e7\u00e3o e Bem Estar Animal e d\u00e1 outras provid\u00eancias."}, {"id": "3898", "ano": "2017", "numero": "2312", "tipo__sigla": "LEI", "tipo__descricao": "Lei Ordin\u00e1ria", "texto_integral": "http://sapl.sarandi.pr.leg.br/media/sapl/public/normajuridica/2017/3898/lei_no_2312-2017_para_site.pdf", "ementa": "Autoriza a implanta\u00e7\u00e3o de um marco com o emblema oficial do ROTARY CLUB de Sarandi, na forma que especifica."}, {"id": "3897", "ano": "2017", "numero": "2311", "tipo__sigla": "LEI", "tipo__descricao": "Lei Ordin\u00e1ria", "texto_integral": "http://sapl.sarandi.pr.leg.br/media/sapl/public/normajuridica/2017/3897/lei_no_2311-2017_para_site.pdf", "ementa": "Reconhece e declara de utilidade p\u00fablica, entidade que especifica."}, {"id": "3896", "ano": "2017", "numero": "2310", "tipo__sigla": "LEI", "tipo__descricao": "Lei Ordin\u00e1ria", "texto_integral": "http://sapl.sarandi.pr.leg.br/media/sapl/public/normajuridica/2017/3896/lei_no_2310-2017_para_site.pdf", "ementa": "Disp\u00f5e sobre a obrigatoriedade de as institui\u00e7\u00f5es financeiras instalarem guarda-volumes em suas ag\u00eancias banc\u00e1rias."}, {"id": "3895", "ano": "2017", "numero": "1", "tipo__sigla": "DL", "tipo__descricao": "Decreto Legislativo", "texto_integral": "http://sapl.sarandi.pr.leg.br/media/sapl/public/normajuridica/2017/3895/dec._leg._no_0001-2017.pdf", "ementa": "Concede T\u00edtulo de Cidad\u00e3o Benem\u00e9rito ao Delegado Dr. Reginaldo Caetano da Silva e d\u00e1 outras provid\u00eancias."}, {"id": "4078", "ano": "2017", "numero": "1", "tipo__sigla": "EDA", "tipo__descricao": "Edital - Audi\u00eancia", "texto_integral": "http://sapl.sarandi.pr.leg.br/media/./sapl/public/normajuridica/2017/4078/4078_texto_integral.pdf", "ementa": "O PRESIDENTE DA C\u00c2MARA MUNICIPAL DE SARANDI, SENHOR CARLOS ROBERTO FALASCHT \"LE\u00c3O\", NO USO DE SUAS ATRIBUI\u00c7\u00d5ES LEGAIS, E EM ESPECIAL O ARTIGO 9\u00b0 PAR\u00c1GRAFO 4\u00b0. DA LEI COMPLEMENTAR N\u00ba 101/2000, DE 04/05/2000. \"LRF- LEI DE RESPONSABILIDADE FISCAL\", E CONVIDA, PARA A, \"AUDI\u00caNCIA PUBLICA\", DE DEMONSTRA\u00c7\u00c3O E AVALIA\u00c7\u00c3O E CUMPRIMENTO DAS METAS FISCAIS DO 3\u00b0 QUADRIMESTRE DE 2016, OU SEJA, DOS MESES DE SETEMBRO, OUTUBRO. NOVEMBRO E DEZEMBRO DE 2016. DO PODER EXECUTIVO MUNICIPAL, DA CAIXA DE APOSENTADORIA E PENS\u00c3O DOS SERVIDORES MUNICIPAIS DE SARANDI - PRESERV. E \u00c1GUAS DE SARANDI - SERVI\u00c7O MUNICIPAL DE SANEAMENTO AMBIENTAL. QUE ACONTECER\u00c1:\r\n\r\nDIA: 24 DE FEVEREIRO DE 2017.\r\n\r\nHOR\u00c1RIO: \u00c0S 18:00 HORAS.\r\n\r\nLOCAL C\u00c2MARA MUNICIPAL DE SARANDI - AV. MARING\u00c1, 660 - CENTRO. "}, {"id": "5903", "ano": "2017", "numero": "114", "tipo__sigla": "DE", "tipo__descricao": "Decreto Executivo", "texto_integral": "http://sapl.sarandi.pr.leg.br/media/sapl/public/normajuridica/2017/5903/decreto_executivo_no_114-2017.pdf", "ementa": "INSTITUI O COMIT\u00ca DE INVESTIMENTOS NO \u00c2MBITO DA CAIXA DE APOSENTADORIA E PENS\u00c3O DOS SERVIDORES MUNICIPAIS DE SARANDI PRESERV, E NOMEIA MEMBROS PARA INTEGRAR O REFERIDO COMIT\u00ca."}, {"id": "3891", "ano": "2017", "numero": "28", "tipo__sigla": "POR", "tipo__descricao": "Portaria", "texto_integral": "http://sapl.sarandi.pr.leg.br/media/sapl/public/normajuridica/2017/3891/portaria_n_0028-2017.pdf", "ementa": "FICA NOMEADA A SERVIDORA EDITE NUNES DA SILVA, PORTADORA DO CPF N\u00b0 124.451.264-87, AUXILIAR DE SERVI\u00c7OS GERAIS, DO QUADRO DE PESSOAL PERMANENTE DA C\u00c2MARA MUNICIPAL DE SARANDI, PARA AL\u00c9M DAS ATRIBUI\u00c7\u00d5ES DE SEU CARGO, RESPONDER PELA CHEFIA DOS SERVI\u00c7OS DE LIMPEZA, COPA E COZINHA E ALMOXARIFADO, DESTA CASA DE LEIS."}, {"id": "3865", "ano": "2017", "numero": "27", "tipo__sigla": "POR", "tipo__descricao": "Portaria", "texto_integral": "http://sapl.sarandi.pr.leg.br/media/./sapl/public/normajuridica/2017/3865/3865_texto_integral.pdf", "ementa": "NOMEIA - VAGNER RAFAEL VAZ, PORTADOR DO CPF N\u00b0 041.185.409-75, PARA EXERCER O CARGO DE OFICIAL LEGISLATIVO, REFER\u00caNCIA\r\nGOL-2-A, N\u00cdVEL 1, DO QUADRO DE PESSOAL EFETIVO DO PODER LEGISLATIVO, CONSTANTE DA RESOLU\u00c7\u00c3O N\u00b0 008/2013, DE 19/12/2013, COMBINADO COM O INCISO I DO ART. 16 DA LEI COMPLEMENTAR N\u00b0 010/1992, DE 27 DE DEZEMBRO DE 1992, EM FACE DE HABILITA\u00c7\u00c3O EM\r\nCONCURSO P\u00daBLICO, NOS TERMOS DO EDITAL N\u00b0 002/2017-CMS, CONFORME RELA\u00c7\u00c3O DOS APROVADOS PUBLICADA NA \"ORG\u00c3O OFICIAL DO MUNICIPAL\", JORNAL, O DI\u00c1RIO NORTE DO PARAN\u00c1 N\u00ba 12.463, DE 01/11/2014."}, {"id": "3864", "ano": "2017", "numero": "13", "tipo__sigla": "ATM", "tipo__descricao": "Ato da Mesa", "texto_integral": "http://sapl.sarandi.pr.leg.br/media/./sapl/public/normajuridica/2017/3864/3864_texto_integral.pdf", "ementa": "Disp\u00f5e sobre a proibi\u00e7\u00e3o da realiza\u00e7\u00e3o de horas extras pelos servidores p\u00fablicos da C\u00e2mara Municipal de Sarandi, estabelece as exce\u00e7\u00f5es \u00e0 proibi\u00e7\u00e3o e d\u00e1 outras provid\u00eancias."}, {"id": "3863", "ano": "2017", "numero": "26", "tipo__sigla": "POR", "tipo__descricao": "Portaria", "texto_integral": "http://sapl.sarandi.pr.leg.br/media/./sapl/public/normajuridica/2017/3863/3863_texto_integral.pdf", "ementa": "NOMEIA ASSESSOR LEGISLATIVO, ANTONIO BENVENUTO FERREIRA"}, {"id": "5741", "ano": "2017", "numero": "94", "tipo__sigla": "DE", "tipo__descricao": "Decreto Executivo", "texto_integral": "http://sapl.sarandi.pr.leg.br/media/sapl/public/normajuridica/2017/5741/decreto_executivo_no_94-2017.pdf", "ementa": "CONSTITUI COMISS\u00c3O JULGADORA DE INDENIZA\u00c7\u00c3O DE PEQUENA MONTA EM PROCESSO ADMINISTRATIVO, EM CONFORMIDADE COM O DECRETO N\u00ba 333, DE 26 DE JULHO DE 2013."}, {"id": "4473", "ano": "2017", "numero": "25", "tipo__sigla": "POR", "tipo__descricao": "Portaria", "texto_integral": "http://sapl.sarandi.pr.leg.br/media/sapl/public/normajuridica/2017/4473/portaria_n_0025-2017.pdf", "ementa": "CONCEDE REPOSI\u00c7\u00c3O SALARIAL DE 6,58 (SEIS INTEIROS E CINQUENTA E OITO CENT\u00c9SIMOS POR CENTO), AOS SERVIDORES DESTE PODER, ABRANGIDOS PELA RESOLU\u00c7\u00d5ES N\u00ba S.  004/1994 E 008/2013, \u00c0 PARTIR DE 01 DE JANEIRO DE 2017."}, {"id": "3862", "ano": "2017", "numero": "24", "tipo__sigla": "POR", "tipo__descricao": "Portaria", "texto_integral": "http://sapl.sarandi.pr.leg.br/media/./sapl/public/normajuridica/2017/3862/3862_texto_integral.pdf", "ementa": "CONCEDER PROGRESS\u00c3O FUNCIONAL POR DESEMPENHO A SERVIDORA EDITE NUNES DA SILVA"}, {"id": "3861", "ano": "2017", "numero": "23", "tipo__sigla": "POR", "tipo__descricao": "Portaria", "texto_integral": "http://sapl.sarandi.pr.leg.br/media/./sapl/public/normajuridica/2017/3861/3861_texto_integral.pdf", "ementa": "CONCEDE PROGRESS\u00c3O FUNCIONAL POR DESEMPENHO AO SERVIDOR DALVECIR APARECIDO BONORA."}, {"id": "3847", "ano": "2017", "numero": "2", "tipo__sigla": "EDC", "tipo__descricao": "Edital - Concurso", "texto_integral": "http://sapl.sarandi.pr.leg.br/media/./sapl/public/normajuridica/2017/3847/3847_texto_integral.pdf", "ementa": "CONVOCA O CANDIDATO VAGNER RAFAEL VAZ, APROVADO NO CONCURSO P\u00daBLICO ABERTO PELO EDITAL N\u00ba 001/2014"}, {"id": "3860", "ano": "2017", "numero": "22", "tipo__sigla": "POR", "tipo__descricao": "Portaria", "texto_integral": "http://sapl.sarandi.pr.leg.br/media/./sapl/public/normajuridica/2017/3860/3860_texto_integral.pdf", "ementa": "NOMEIA OS SERVIDORES GRACIELLE SILVA LIMA, OCUPANTE DO CARGO DE\r\nOFICIAL LEGISLATIVO, DANIEL CHIARAMONTE FERREIRA, OCUPANTE DO CARGO DE OPERADOR DE \u00c1UDIO E WEB DESIGNER, E LORHAN HENRIQUE COSTA, OCUPANTE DO CARGO DE OFICIAL LEGISLATIVO, PARA COMPOREM A COMISS\u00c3O PERMANENTE DE LICITA\u00c7\u00c3O, NAS MODALIDADES CONVITE, TOMADA DE PRE\u00c7OS E CONCORR\u00caNCIA P\u00daBLICA, PARA O EXERC\u00cdCIO FINANCEIRO DE 2017."}, {"id": "3859", "ano": "2017", "numero": "21", "tipo__sigla": "POR", "tipo__descricao": "Portaria", "texto_integral": "http://sapl.sarandi.pr.leg.br/media/./sapl/public/normajuridica/2017/3859/3859_texto_integral.pdf", "ementa": "TORNA P\u00daBLICO, A DESIST\u00caNCIA DO SENHOR DOUGLAS HIDEK1 SODA, 2\u00b0 COLOCADO PARA O CARGO DE VIGILANTE DE SEGURAN\u00c7A, EM VIRTUDE DE N\u00c3O\r\nCUMPRIR REQUISITOS EDITAL DE CONVOCA\u00c7\u00c3O N\u00b0001/20017, DE 12.01.2017"}, {"id": "3850", "ano": "2017", "numero": "2309", "tipo__sigla": "LEI", "tipo__descricao": "Lei Ordin\u00e1ria", "texto_integral": "http://sapl.sarandi.pr.leg.br/media/sapl/public/normajuridica/2017/3850/lei_no_2309-2017_para_site.pdf", "ementa": "Autoriza o Chefe do Poder Executivo Municipal a conceder reposi\u00e7\u00e3o salarial, na forma que especifica."}, {"id": "3849", "ano": "2017", "numero": "2308", "tipo__sigla": "LEI", "tipo__descricao": "Lei Ordin\u00e1ria", "texto_integral": "http://sapl.sarandi.pr.leg.br/media/sapl/public/normajuridica/2017/3849/lei_no_2308-2017_para_site.pdf", "ementa": "Autoriza o Chefe do Poder Executivo Municipal a fixar piso m\u00ednimo de vencimentos dos Servidores P\u00fablicos Municipais de Sarandi e d\u00e1 outras provid\u00eancias."}, {"id": "3848", "ano": "2017", "numero": "2307", "tipo__sigla": "LEI", "tipo__descricao": "Lei Ordin\u00e1ria", "texto_integral": "http://sapl.sarandi.pr.leg.br/media/sapl/public/normajuridica/2017/3848/lei_no_2307-2017_para_site.pdf", "ementa": "Autoriza a participa\u00e7\u00e3o, com reservas, do Munic\u00edpio de Sarandi, Paran\u00e1, no Cons\u00f3rcio P\u00fablico Intermunicipal de Infraestrutura e Desenvolvimento Urbano da Regi\u00e3o de Astorga \u2013 CINDAST e d\u00e1 outras provid\u00eancias."}, {"id": "3858", "ano": "2017", "numero": "20", "tipo__sigla": "POR", "tipo__descricao": "Portaria", "texto_integral": "http://sapl.sarandi.pr.leg.br/media/./sapl/public/normajuridica/2017/3858/3858_texto_integral.pdf", "ementa": "NOMEIA ASSESSOR LEGISLATIVO, FABIANO DIGIORGIO"}, {"id": "3857", "ano": "2017", "numero": "19", "tipo__sigla": "POR", "tipo__descricao": "Portaria", "texto_integral": "http://sapl.sarandi.pr.leg.br/media/./sapl/public/normajuridica/2017/3857/3857_texto_integral.pdf", "ementa": "NOMEIA ASSESSOR PARLAMENTAR, EVERSON NATALINO LEITE DE LUCIA"}, {"id": "3846", "ano": "2017", "numero": "18", "tipo__sigla": "POR", "tipo__descricao": "Portaria", "texto_integral": "http://sapl.sarandi.pr.leg.br/media/./sapl/public/normajuridica/2017/3846/3846_texto_integral.pdf", "ementa": "NOMEIA DIRETOR DE DEPARTAMENTO, ELSON MANHAES"}, {"id": "3777", "ano": "2017", "numero": "1", "tipo__sigla": "EDC", "tipo__descricao": "Edital - Concurso", "texto_integral": "http://sapl.sarandi.pr.leg.br/media/./sapl/public/normajuridica/2017/3777/3777_texto_integral.pdf", "ementa": "CONVOCA 2\u00ba COLOCADO APROVADO EM CONCURSO P\u00daBLICO, PARA O CARGO DE VIGILANTE DE SEGURAN\u00c7A"}, {"id": "3845", "ano": "2017", "numero": "17", "tipo__sigla": "POR", "tipo__descricao": "Portaria", "texto_integral": "http://sapl.sarandi.pr.leg.br/media/./sapl/public/normajuridica/2017/3845/3845_texto_integral.pdf", "ementa": "NOMEIA ASSESSOR PARLAMENTAR, JOS\u00c9 MIGUEL SORIAN"}, {"id": "3844", "ano": "2017", "numero": "16", "tipo__sigla": "POR", "tipo__descricao": "Portaria", "texto_integral": "http://sapl.sarandi.pr.leg.br/media/./sapl/public/normajuridica/2017/3844/3844_texto_integral.pdf", "ementa": "NOMEIA ASSESSOR PARLAMENTAR, S\u00c9RGIO BORGES DE LIMA"}, {"id": "3843", "ano": "2017", "numero": "15", "tipo__sigla": "POR", "tipo__descricao": "Portaria", "texto_integral": "http://sapl.sarandi.pr.leg.br/media/./sapl/public/normajuridica/2017/3843/3843_texto_integral.pdf", "ementa": "NOMEIA ASSESSOR LEGISLATIVO, MARIA CRISTINA AGE"}, {"id": "3842", "ano": "2017", "numero": "14", "tipo__sigla": "POR", "tipo__descricao": "Portaria", "texto_integral": "http://sapl.sarandi.pr.leg.br/media/./sapl/public/normajuridica/2017/3842/3842_texto_integral.pdf", "ementa": "NOMEIA ASSESSOR LEGISLATIVO, HUGO LEONARDO BEZERRA DA ROCHA"}, {"id": "3841", "ano": "2017", "numero": "13", "tipo__sigla": "POR", "tipo__descricao": "Portaria", "texto_integral": "http://sapl.sarandi.pr.leg.br/media/./sapl/public/normajuridica/2017/3841/3841_texto_integral.pdf", "ementa": "NOMEIA CONTROLADOR INTERNO, M\u00c1RIO SETO TAKEGUMA J\u00daNIOR"}, {"id": "3840", "ano": "2017", "numero": "12", "tipo__sigla": "POR", "tipo__descricao": "Portaria", "texto_integral": "http://sapl.sarandi.pr.leg.br/media/./sapl/public/normajuridica/2017/3840/3840_texto_integral.pdf", "ementa": "EXONERA ASSESSOR LEGISLATIVO, \u00c9LSON MANH\u00c3ES"}, {"id": "3839", "ano": "2017", "numero": "11", "tipo__sigla": "POR", "tipo__descricao": "Portaria", "texto_integral": "http://sapl.sarandi.pr.leg.br/media/./sapl/public/normajuridica/2017/3839/3839_texto_integral.pdf", "ementa": "HOMOLOGAR, O RESULTADO DAS ELEI\u00c7\u00d5ES DAS COMISS\u00d5ES PERMANENTES DESTA CASA DE LEIS, REALIZADA NA SESS\u00c3O ESPECIAL DO DIA 04 DE JANEIRO DO\r\nCORRENTE ANO, PARA O PER\u00cdODO DE 2017"}, {"id": "3838", "ano": "2017", "numero": "10", "tipo__sigla": "POR", "tipo__descricao": "Portaria", "texto_integral": "http://sapl.sarandi.pr.leg.br/media/./sapl/public/normajuridica/2017/3838/3838_texto_integral.pdf", "ementa": "NOMEIA ASSESSOR LEGISLATIVO, MATILDE FUSCO DO EGIPTO DUARTE"}, {"id": "3837", "ano": "2017", "numero": "9", "tipo__sigla": "POR", "tipo__descricao": "Portaria", "texto_integral": "http://sapl.sarandi.pr.leg.br/media/./sapl/public/normajuridica/2017/3837/3837_texto_integral.pdf", "ementa": "NOMEIA ASSESSOR LEGISLATIVO, JEFFERSON BASSO"}, {"id": "3836", "ano": "2017", "numero": "8", "tipo__sigla": "POR", "tipo__descricao": "Portaria", "texto_integral": "http://sapl.sarandi.pr.leg.br/media/./sapl/public/normajuridica/2017/3836/3836_texto_integral.pdf", "ementa": "EXONERA ASSESSOR PARLAMENTAR, BRUNO SPADA HIGUT1"}, {"id": "3835", "ano": "2017", "numero": "7", "tipo__sigla": "POR", "tipo__descricao": "Portaria", "texto_integral": "http://sapl.sarandi.pr.leg.br/media/./sapl/public/normajuridica/2017/3835/3835_texto_integral.pdf", "ementa": "REVOGA EM TODO O SEU TEOR AS PORTARIAS 008/08 DE 22/02/2008, ALTERADA PELA PORTARIA 021/15, DE 02/02/2015; PORTARIA 009/08 DE 22/02/2008 ALTERADA PELA PORTARIA 022/15 DE 02/02/2015; PORTARIA 003/12 DE 19/01/2012 ALTERADA PELA PORTARIA 025/15 DE 02/02/2015; PORTARIA 026/15 DE 02/02/2015; PORTARIA 052/15 DE 02/07/2015; PORTARIA 014/16 DE 11/02/2016; PORTARIA 006/16 DE 06/01 /2016; PORTARIA 026/16 DE 27/06/2016, QUE TRATAM DA CONCESS\u00c3O DE FUN\u00c7\u00c3O GRATIFICADA."}, {"id": "3834", "ano": "2017", "numero": "6", "tipo__sigla": "POR", "tipo__descricao": "Portaria", "texto_integral": "http://sapl.sarandi.pr.leg.br/media/./sapl/public/normajuridica/2017/3834/3834_texto_integral.pdf", "ementa": "NOMEIA CHEFE DE GABINETE, ROBERTO ARA\u00daJO"}, {"id": "3833", "ano": "2017", "numero": "5", "tipo__sigla": "POR", "tipo__descricao": "Portaria", "texto_integral": "http://sapl.sarandi.pr.leg.br/media/./sapl/public/normajuridica/2017/3833/3833_texto_integral.pdf", "ementa": "NOMEIA ASSESSOR LEGISLATIVO, ELSON MANH\u00c3ES"}, {"id": "3832", "ano": "2017", "numero": "4", "tipo__sigla": "POR", "tipo__descricao": "Portaria", "texto_integral": "http://sapl.sarandi.pr.leg.br/media/./sapl/public/normajuridica/2017/3832/3832_texto_integral.pdf", "ementa": "NOMEIA ASSESSOR PARLAMENTAR, LILIAN MELISSA DE OLIVEIRA GUEDES DA SILVA"}, {"id": "3831", "ano": "2017", "numero": "3", "tipo__sigla": "POR", "tipo__descricao": "Portaria", "texto_integral": "http://sapl.sarandi.pr.leg.br/media/./sapl/public/normajuridica/2017/3831/3831_texto_integral.pdf", "ementa": "NOMEIA ASSESSOR PARLAMENTAR, NELSON AUGUSTO DE AVELAR"}, {"id": "3830", "ano": "2017", "numero": "2", "tipo__sigla": "POR", "tipo__descricao": "Portaria", "texto_integral": "http://sapl.sarandi.pr.leg.br/media/./sapl/public/normajuridica/2017/3830/3830_texto_integral.pdf", "ementa": "NOMEIA ASSESSOR PARLAMENTAR, WELLINGTON DA SILVA"}, {"id": "3829", "ano": "2017", "numero": "1", "tipo__sigla": "POR", "tipo__descricao": "Portaria", "texto_integral": "http://sapl.sarandi.pr.leg.br/media/./sapl/public/normajuridica/2017/3829/3829_texto_integral.pdf", "ementa": "NOMEIA ASSESSOR PARLAMENTAR, CRISTINA VIANA BORDON"}, {"id": "3776", "ano": "2016", "numero": "48", "tipo__sigla": "POR", "tipo__descricao": "Portaria", "texto_integral": "http://sapl.sarandi.pr.leg.br/media/./sapl/public/normajuridica/2016/3776/3776_texto_integral.pdf", "ementa": "EXONERA ASSESSOR PARLAMENTAR PAULA MYLENE BLASQUES SANCHES"}, {"id": "3775", "ano": "2016", "numero": "47", "tipo__sigla": "POR", "tipo__descricao": "Portaria", "texto_integral": "http://sapl.sarandi.pr.leg.br/media/./sapl/public/normajuridica/2016/3775/3775_texto_integral.pdf", "ementa": "EXONERA ASSESSOR PARLAMENTAR SAMUEL FRANCELINO DA SILVA"}, {"id": "3774", "ano": "2016", "numero": "46", "tipo__sigla": "POR", "tipo__descricao": "Portaria", "texto_integral": "http://sapl.sarandi.pr.leg.br/media/./sapl/public/normajuridica/2016/3774/3774_texto_integral.pdf", "ementa": "EXONERA ASSESSOR LEGISLATIVO STEFANY ADRIANE GRALIK TURCI"}, {"id": "3773", "ano": "2016", "numero": "45", "tipo__sigla": "POR", "tipo__descricao": "Portaria", "texto_integral": "http://sapl.sarandi.pr.leg.br/media/./sapl/public/normajuridica/2016/3773/3773_texto_integral.pdf", "ementa": "EXONERA ASSESSOR LEGISLATIVO M\u00c1RCIO MANOEL DE SOUZA"}, {"id": "3772", "ano": "2016", "numero": "44", "tipo__sigla": "POR", "tipo__descricao": "Portaria", "texto_integral": "http://sapl.sarandi.pr.leg.br/media/./sapl/public/normajuridica/2016/3772/3772_texto_integral.pdf", "ementa": "EXONERA ASSESSOR PARLAMENTAR VALDIR RODRIGUES COSTA"}, {"id": "3771", "ano": "2016", "numero": "43", "tipo__sigla": "POR", "tipo__descricao": "Portaria", "texto_integral": "http://sapl.sarandi.pr.leg.br/media/./sapl/public/normajuridica/2016/3771/3771_texto_integral.pdf", "ementa": "EXONERA ASSESSOR LEGISLATIVO ROSILENE ALVAREZ DA SILVA"}, {"id": "3770", "ano": "2016", "numero": "42", "tipo__sigla": "POR", "tipo__descricao": "Portaria", "texto_integral": "http://sapl.sarandi.pr.leg.br/media/./sapl/public/normajuridica/2016/3770/3770_texto_integral.pdf", "ementa": "EXONERA ASSESSOR LEGISLATIVO GABRIELE RIBEIRO LUVIZETTO"}, {"id": "3769", "ano": "2016", "numero": "41", "tipo__sigla": "POR", "tipo__descricao": "Portaria", "texto_integral": "http://sapl.sarandi.pr.leg.br/media/./sapl/public/normajuridica/2016/3769/3769_texto_integral.pdf", "ementa": "EXONERA DIRETOR DE DEPARTAMENTO PAMELA CAMILA DE SOUZA BARBOSA"}, {"id": "3768", "ano": "2016", "numero": "40", "tipo__sigla": "POR", "tipo__descricao": "Portaria", "texto_integral": "http://sapl.sarandi.pr.leg.br/media/./sapl/public/normajuridica/2016/3768/3768_texto_integral.pdf", "ementa": "EXONERA ASSESSOR PARLAMENTAR WESLEY KOVALSKI PEREIRA"}, {"id": "3767", "ano": "2016", "numero": "39", "tipo__sigla": "POR", "tipo__descricao": "Portaria", "texto_integral": "http://sapl.sarandi.pr.leg.br/media/./sapl/public/normajuridica/2016/3767/3767_texto_integral.pdf", "ementa": "EXONERA O CHEFE DE GABINETE ROBERTO ARA\u00daJO"}, {"id": "3766", "ano": "2016", "numero": "38", "tipo__sigla": "POR", "tipo__descricao": "Portaria", "texto_integral": "http://sapl.sarandi.pr.leg.br/media/./sapl/public/normajuridica/2016/3766/3766_texto_integral.pdf", "ementa": "EXONERA ASSESSOR PARLAMENTAR MARCOS ANTONIO DA SILVA"}, {"id": "3765", "ano": "2016", "numero": "37", "tipo__sigla": "POR", "tipo__descricao": "Portaria", "texto_integral": "http://sapl.sarandi.pr.leg.br/media/./sapl/public/normajuridica/2016/3765/3765_texto_integral.pdf", "ementa": "EXONERA ASSESSOR LEGISLATIVO NAIR DA SILVA RIBEIRO"}, {"id": "3764", "ano": "2016", "numero": "36", "tipo__sigla": "POR", "tipo__descricao": "Portaria", "texto_integral": "http://sapl.sarandi.pr.leg.br/media/./sapl/public/normajuridica/2016/3764/3764_texto_integral.pdf", "ementa": "EXONERA ASSESSOR PARLAMENTAR ANA CLAUDIA CLEMENTE DUARTE"}, {"id": "3763", "ano": "2016", "numero": "35", "tipo__sigla": "POR", "tipo__descricao": "Portaria", "texto_integral": "http://sapl.sarandi.pr.leg.br/media/./sapl/public/normajuridica/2016/3763/3763_texto_integral.pdf", "ementa": "EXONERA ASSESSOR LEGISLATIVO MATILDE FUSCO EGIPTO DUARTE"}, {"id": "3828", "ano": "2016", "numero": "2306", "tipo__sigla": "LEI", "tipo__descricao": "Lei Ordin\u00e1ria", "texto_integral": "http://sapl.sarandi.pr.leg.br/media/sapl/public/normajuridica/2016/3828/lei_no_2306-2016__para_site.pdf", "ementa": "Disp\u00f5e sobre a abertura de Cr\u00e9dito Adicional Especial, na forma que especifica."}, {"id": "3827", "ano": "2016", "numero": "2305", "tipo__sigla": "LEI", "tipo__descricao": "Lei Ordin\u00e1ria", "texto_integral": "http://sapl.sarandi.pr.leg.br/media/sapl/public/normajuridica/2016/3827/lei_no_2305-2016_para_site.pdf", "ementa": "Disp\u00f5e sobre a abertura de Cr\u00e9dito Adicional Especial, na forma que especifica."}, {"id": "3826", "ano": "2016", "numero": "2304", "tipo__sigla": "LEI", "tipo__descricao": "Lei Ordin\u00e1ria", "texto_integral": "http://sapl.sarandi.pr.leg.br/media/sapl/public/normajuridica/2016/3826/lei_no_2304-2016_para_site.pdf", "ementa": "Autoriza o munic\u00edpio de Sarandi, a fazer os descontos previstos no conv\u00eanio firmado entre a Associa\u00e7\u00e3o dos Servidores P\u00fablicos de Sarandi e Operadoras de Planos de Sa\u00fade."}, {"id": "3825", "ano": "2016", "numero": "2303", "tipo__sigla": "LEI", "tipo__descricao": "Lei Ordin\u00e1ria", "texto_integral": "http://sapl.sarandi.pr.leg.br/media/sapl/public/normajuridica/2016/3825/lei_no_2303-2016__para_site.pdf", "ementa": "Autoriza o Chefe do Poder Executivo Municipal a efetuar permuta de im\u00f3veis e d\u00e1 outras provid\u00eancias."}, {"id": "3893", "ano": "2016", "numero": "342", "tipo__sigla": "LC", "tipo__descricao": "Lei Complementar", "texto_integral": "http://sapl.sarandi.pr.leg.br/media/sapl/public/normajuridica/2016/3893/lei_compl._no_342-2016__para_site.pdf", "ementa": "Revoga a Lei Complementar n\u00ba 230/2009, de 3/11/2009, que estabelece requisitos a serem preenchidos quando da nomea\u00e7\u00e3o de secret\u00e1rios."}, {"id": "3784", "ano": "2016", "numero": "4", "tipo__sigla": "DL", "tipo__descricao": "Decreto Legislativo", "texto_integral": "http://sapl.sarandi.pr.leg.br/media/./sapl/public/normajuridica/2016/3784/3784_texto_integral.pdf", "ementa": "Aprova com ressalvas as contas do Munic\u00edpio de Sarandi, relativas ao exerc\u00edcio financeiro de 2010."}, {"id": "3762", "ano": "2016", "numero": "34", "tipo__sigla": "POR", "tipo__descricao": "Portaria", "texto_integral": "http://sapl.sarandi.pr.leg.br/media/./sapl/public/normajuridica/2016/3762/3762_texto_integral.pdf", "ementa": "EXONERA O SERVIDOR MARCOS AUGUSTO ROCHA DE SOUSA"}, {"id": "3761", "ano": "2016", "numero": "33", "tipo__sigla": "POR", "tipo__descricao": "Portaria", "texto_integral": "http://sapl.sarandi.pr.leg.br/media/./sapl/public/normajuridica/2016/3761/3761_texto_integral.pdf", "ementa": "EXONERA O SERVIDOR CRISTIANO SEBRIAN BERNAL"}, {"id": "3824", "ano": "2016", "numero": "2302", "tipo__sigla": "LEI", "tipo__descricao": "Lei Ordin\u00e1ria", "texto_integral": "http://sapl.sarandi.pr.leg.br/media/sapl/public/normajuridica/2016/3824/lei_no_2302-2016__para_site.pdf", "ementa": "Cria a AIFU (A\u00e7\u00e3o Integrada de Fiscaliza\u00e7\u00e3o Urbana), que re\u00fane os \u00f3rg\u00e3os de Seguran\u00e7a P\u00fablica e fiscaliza\u00e7\u00e3o com o objetivo de preven\u00e7\u00e3o a viol\u00eancia no munic\u00edpio de Sarandi e d\u00e1 outras providencias."}, {"id": "3823", "ano": "2016", "numero": "2301", "tipo__sigla": "LEI", "tipo__descricao": "Lei Ordin\u00e1ria", "texto_integral": "http://sapl.sarandi.pr.leg.br/media/sapl/public/normajuridica/2016/3823/lei_no_2301-2016_para_site.pdf", "ementa": "Autoriza o Poder Executivo Municipal a conceder Direito Real de Uso de im\u00f3vel pertencente a municipalidade, na forma que especifica."}, {"id": "3822", "ano": "2016", "numero": "2300", "tipo__sigla": "LEI", "tipo__descricao": "Lei Ordin\u00e1ria", "texto_integral": "http://sapl.sarandi.pr.leg.br/media/sapl/public/normajuridica/2016/3822/lei_no_2300-2016__para_site.pdf", "ementa": "Disp\u00f5e sobre a abertura de Cr\u00e9dito Adicional Especial, na forma que especifica."}, {"id": "3821", "ano": "2016", "numero": "2299", "tipo__sigla": "LEI", "tipo__descricao": "Lei Ordin\u00e1ria", "texto_integral": "http://sapl.sarandi.pr.leg.br/media/sapl/public/normajuridica/2016/3821/lei_no_2299-2016_para_site.pdf", "ementa": "Cria o FECESA \u2013 Festival da Can\u00e7\u00e3o Evang\u00e9lica de Sarandi."}, {"id": "3820", "ano": "2016", "numero": "2298", "tipo__sigla": "LEI", "tipo__descricao": "Lei Ordin\u00e1ria", "texto_integral": "http://sapl.sarandi.pr.leg.br/media/sapl/public/normajuridica/2016/3820/lei_no_2298-2016__para_site.pdf", "ementa": "D\u00e1 denomina\u00e7\u00e3o \u00e0 Rua 31, do Parque Residencial Bom Pastor, na forma que especifica."}, {"id": "3819", "ano": "2016", "numero": "2297", "tipo__sigla": "LEI", "tipo__descricao": "Lei Ordin\u00e1ria", "texto_integral": "http://sapl.sarandi.pr.leg.br/media/sapl/public/normajuridica/2016/3819/lei_no_2297-2016_para_site.pdf", "ementa": "Disponibiliza salas de aula da rede p\u00fablica de ensino para que sejam ministrados cursos pr\u00e9-vestibulares a estudantes carentes oriundos da rede p\u00fablica de ensino e d\u00e1 outras provid\u00eancias."}, {"id": "3818", "ano": "2016", "numero": "2296", "tipo__sigla": "LEI", "tipo__descricao": "Lei Ordin\u00e1ria", "texto_integral": "http://sapl.sarandi.pr.leg.br/media/sapl/public/normajuridica/2016/3818/lei_no_2296-2016_para_site.pdf", "ementa": "Disp\u00f5e sobre a cria\u00e7\u00e3o do Programa Social de Apoio e Atendimento \u00e0 Crian\u00e7a e ao Adolescente denominado Guarda Mirim Municipal e d\u00e1 outras providencias."}, {"id": "3817", "ano": "2016", "numero": "2295", "tipo__sigla": "LEI", "tipo__descricao": "Lei Ordin\u00e1ria", "texto_integral": "http://sapl.sarandi.pr.leg.br/media/sapl/public/normajuridica/2016/3817/lei_no_2295-2016_para_site.pdf", "ementa": "Unifica as Ruas K e L do Jardim Nova Sarandi III e d\u00e1 denomina\u00e7\u00e3o, na forma que especifica."}, {"id": "3816", "ano": "2016", "numero": "2294", "tipo__sigla": "LEI", "tipo__descricao": "Lei Ordin\u00e1ria", "texto_integral": "http://sapl.sarandi.pr.leg.br/media/sapl/public/normajuridica/2016/3816/lei_no_2294-2016_para_site.pdf", "ementa": "D\u00e1 denomina\u00e7\u00e3o \u00e0 Rua Projetada H, do Jardim dos Ip\u00eas, na forma que especifica."}, {"id": "3815", "ano": "2016", "numero": "2293", "tipo__sigla": "LEI", "tipo__descricao": "Lei Ordin\u00e1ria", "texto_integral": "http://sapl.sarandi.pr.leg.br/media/sapl/public/normajuridica/2016/3815/lei_no_2293-2016_para_site.pdf", "ementa": "D\u00e1 denomina\u00e7\u00e3o \u00e0 Rua Projetada E, do Jardim Ouro Verde III, na forma que especifica."}, {"id": "3814", "ano": "2016", "numero": "2292", "tipo__sigla": "LEI", "tipo__descricao": "Lei Ordin\u00e1ria", "texto_integral": "http://sapl.sarandi.pr.leg.br/media/sapl/public/normajuridica/2016/3814/lei_no_2292-2016_para_site.pdf", "ementa": "D\u00e1 denomina\u00e7\u00e3o \u00e0 Rua Projetada L, do Jardim S\u00e3o Paulo II, na forma que especifica."}, {"id": "3813", "ano": "2016", "numero": "2291", "tipo__sigla": "LEI", "tipo__descricao": "Lei Ordin\u00e1ria", "texto_integral": "http://sapl.sarandi.pr.leg.br/media/sapl/public/normajuridica/2016/3813/lei_no_2291-2016__para_site.pdf", "ementa": "D\u00e1 denomina\u00e7\u00e3o \u00e0 Rua Projetada G, do Jardim S\u00e3o Paulo II, na forma que especifica."}, {"id": "3812", "ano": "2016", "numero": "2290", "tipo__sigla": "LEI", "tipo__descricao": "Lei Ordin\u00e1ria", "texto_integral": "http://sapl.sarandi.pr.leg.br/media/sapl/public/normajuridica/2016/3812/lei_no_2290-2016__para_site.pdf", "ementa": "D\u00e1 denomina\u00e7\u00e3o \u00e0 Rua Projetada C, do Jardim S\u00e3o Paulo II, na forma que especifica."}, {"id": "3811", "ano": "2016", "numero": "2289", "tipo__sigla": "LEI", "tipo__descricao": "Lei Ordin\u00e1ria", "texto_integral": "http://sapl.sarandi.pr.leg.br/media/sapl/public/normajuridica/2016/3811/lei_no_2289-2016__para_site.pdf", "ementa": "D\u00e1 denomina\u00e7\u00e3o \u00e0 Rua Projetada B, do Jardim S\u00e3o Paulo II, na forma que especifica."}, {"id": "3810", "ano": "2016", "numero": "2288", "tipo__sigla": "LEI", "tipo__descricao": "Lei Ordin\u00e1ria", "texto_integral": "http://sapl.sarandi.pr.leg.br/media/sapl/public/normajuridica/2016/3810/lei_no_2288-2016__para_site.pdf", "ementa": "Estabelece, no \u00e2mbito do Munic\u00edpio de Sarandi, san\u00e7\u00f5es e penalidades administrativas para aqueles que praticarem maus-tratos aos animais e d\u00e1 outras provid\u00eancias."}, {"id": "3809", "ano": "2016", "numero": "2287", "tipo__sigla": "LEI", "tipo__descricao": "Lei Ordin\u00e1ria", "texto_integral": "http://sapl.sarandi.pr.leg.br/media/sapl/public/normajuridica/2016/3809/lei_no_2287-2016__para_site.pdf", "ementa": "Disp\u00f5e sobre a realiza\u00e7\u00e3o de eventos destinados ao aperfei\u00e7oamento, especializa\u00e7\u00e3o ou reciclagem de funcion\u00e1rios p\u00fablicos municipais em dias \u00fateis ou aos domingos."}, {"id": "3892", "ano": "2016", "numero": "341", "tipo__sigla": "LC", "tipo__descricao": "Lei Complementar", "texto_integral": "http://sapl.sarandi.pr.leg.br/media/sapl/public/normajuridica/2016/3892/lei_compl._no_341-2016_para_site.pdf", "ementa": "Prorroga o prazo previsto no artigo 17-G da Lei Complementar n\u00ba 322/2015 - Da Outorga Onerosa do Direito de Construir - incluso na Lei Complementar n\u00ba 216/2009 - C\u00f3digo de Edifica\u00e7\u00f5es, na forma que especifica."}, {"id": "3808", "ano": "2016", "numero": "2286", "tipo__sigla": "LEI", "tipo__descricao": "Lei Ordin\u00e1ria", "texto_integral": "http://sapl.sarandi.pr.leg.br/media/sapl/public/normajuridica/2016/3808/lei_no_2286-2016_para_site.pdf", "ementa": "Estima a Receita e fixa a Despesa do Munic\u00edpio de Sarandi para o exerc\u00edcio de 2017, na forma que especifica."}, {"id": "3807", "ano": "2016", "numero": "2285", "tipo__sigla": "LEI", "tipo__descricao": "Lei Ordin\u00e1ria", "texto_integral": "http://sapl.sarandi.pr.leg.br/media/sapl/public/normajuridica/2016/3807/lei_no_2285-2016_para_site.pdf", "ementa": "Disp\u00f5e sobre a altera\u00e7\u00e3o do Anexo de Metas e Prioridades da Lei de Diretrizes Or\u00e7ament\u00e1rias - LDO de 2017, na forma que especifica."}, {"id": "3806", "ano": "2016", "numero": "2284", "tipo__sigla": "LEI", "tipo__descricao": "Lei Ordin\u00e1ria", "texto_integral": "http://sapl.sarandi.pr.leg.br/media/sapl/public/normajuridica/2016/3806/lei_no_2284-2016__para_site.pdf", "ementa": "Disp\u00f5e sobre a altera\u00e7\u00e3o dos Anexos do PPA-Plano Plurianual do Munic\u00edpio de Sarandi do quadri\u00eanio 2014 a 2017, na forma que especifica."}, {"id": "3805", "ano": "2016", "numero": "2283", "tipo__sigla": "LEI", "tipo__descricao": "Lei Ordin\u00e1ria", "texto_integral": "http://sapl.sarandi.pr.leg.br/media/sapl/public/normajuridica/2016/3805/lei_no_2283-2016__para_site.pdf", "ementa": "Revoga o Par\u00e1grafo \u00fanico do Art. 2\u00ba da Lei n\u00ba 2262/2016."}, {"id": "1588", "ano": "2016", "numero": "6", "tipo__sigla": "EDA", "tipo__descricao": "Edital - Audi\u00eancia", "texto_integral": "http://sapl.sarandi.pr.leg.br/media/./sapl/public/normajuridica/2016/1588/1588_texto_integral.pdf", "ementa": "AUDI\u00caNCIA P\u00daBLICA PARA APRESENTA\u00c7\u00c3O E DISCUSS\u00c3O, DE LAUDO T\u00c9CNICO DE DESCONFORMIDADE, REFERENTE AO VIADUTO DE SARANDI, EM CONSTRU\u00c7\u00c3O  NA AVENIDA CENTRAL (ANTIGA BR-376), PARA INTERLIGA\u00c7\u00c3O DOS LADOS NORTE E SUL DESTE MUNIC\u00cdPIO. "}, {"id": "3804", "ano": "2016", "numero": "2282", "tipo__sigla": "LEI", "tipo__descricao": "Lei Ordin\u00e1ria", "texto_integral": "http://sapl.sarandi.pr.leg.br/media/sapl/public/normajuridica/2016/3804/lei_no_2282-2016__para_site.pdf", "ementa": "D\u00e1 denomina\u00e7\u00e3o \u00e0 Rua Projetada J, do Jardim S\u00e3o Paulo II, na forma que especifica."}, {"id": "3803", "ano": "2016", "numero": "2281", "tipo__sigla": "LEI", "tipo__descricao": "Lei Ordin\u00e1ria", "texto_integral": "http://sapl.sarandi.pr.leg.br/media/sapl/public/normajuridica/2016/3803/lei_no_2281-2016__para_site.pdf", "ementa": "D\u00e1 denomina\u00e7\u00e3o \u00e0 Rua Projetada B, do Jardim S\u00e3o Paulo II, na forma que especifica."}, {"id": "3802", "ano": "2016", "numero": "2280", "tipo__sigla": "LEI", "tipo__descricao": "Lei Ordin\u00e1ria", "texto_integral": "http://sapl.sarandi.pr.leg.br/media/sapl/public/normajuridica/2016/3802/lei_no_2280-2016__para_site.pdf", "ementa": "Disp\u00f5e sobre Tombamento no Patrim\u00f4nio Hist\u00f3rico Municipal, na forma que especifica."}, {"id": "3801", "ano": "2016", "numero": "2279", "tipo__sigla": "LEI", "tipo__descricao": "Lei Ordin\u00e1ria", "texto_integral": "http://sapl.sarandi.pr.leg.br/media/sapl/public/normajuridica/2016/3801/lei_no_2279-2016_para_site.pdf", "ementa": "Institui o Conselho Municipal de Sa\u00fade de Sarandi - CMS, e d\u00e1 outras provid\u00eancias."}, {"id": "1356", "ano": "2016", "numero": "5", "tipo__sigla": "EDA", "tipo__descricao": "Edital - Audi\u00eancia", "texto_integral": "http://sapl.sarandi.pr.leg.br/media/./sapl/public/normajuridica/2016/1356/1356_texto_integral.pdf", "ementa": "INFORME DE AUDI\u00caNCIA P\u00daBLICA"}, {"id": "3760", "ano": "2016", "numero": "32", "tipo__sigla": "POR", "tipo__descricao": "Portaria", "texto_integral": "http://sapl.sarandi.pr.leg.br/media/./sapl/public/normajuridica/2016/3760/3760_texto_integral.pdf", "ementa": "CONCEDE PROGRESS\u00c3O FUNCIONAL \u00c0 SERVIDORA CAMILA DE SOUZA BUENO DOS SANTOS"}, {"id": "3800", "ano": "2016", "numero": "2278", "tipo__sigla": "LEI", "tipo__descricao": "Lei Ordin\u00e1ria", "texto_integral": "http://sapl.sarandi.pr.leg.br/media/sapl/public/normajuridica/2016/3800/lei_no_2278-2016_para_site.pdf", "ementa": "Regulamenta a sinaliza\u00e7\u00e3o de tr\u00e2nsito em frente aos Centros Municipais de Educa\u00e7\u00e3o Infantil, Escolas Municipais e Col\u00e9gios Estaduais e d\u00e1 outras providencias."}, {"id": "3799", "ano": "2016", "numero": "2277", "tipo__sigla": "LEI", "tipo__descricao": "Lei Ordin\u00e1ria", "texto_integral": "http://sapl.sarandi.pr.leg.br/media/sapl/public/normajuridica/2016/3799/lei_no_2277-2016__para_site.pdf", "ementa": "Disp\u00f5e sobre a institui\u00e7\u00e3o do Campeonato Municipal de Skate e d\u00e1 outras provid\u00eancias."}, {"id": "3798", "ano": "2016", "numero": "2276", "tipo__sigla": "LEI", "tipo__descricao": "Lei Ordin\u00e1ria", "texto_integral": "http://sapl.sarandi.pr.leg.br/media/sapl/public/normajuridica/2016/3798/lei_no_2276-2016__para_site.pdf", "ementa": "D\u00e1 denomina\u00e7\u00e3o \u00e0 Rua Projetada O, do Jardim S\u00e3o Paulo II, na forma que especifica."}, {"id": "3797", "ano": "2016", "numero": "2275", "tipo__sigla": "LEI", "tipo__descricao": "Lei Ordin\u00e1ria", "texto_integral": "http://sapl.sarandi.pr.leg.br/media/sapl/public/normajuridica/2016/3797/lei_no_2275-2016__para_site.pdf", "ementa": "Disp\u00f5e sobre a abertura de Cr\u00e9dito Adicional Especial, na forma que especifica."}, {"id": "3796", "ano": "2016", "numero": "2274", "tipo__sigla": "LEI", "tipo__descricao": "Lei Ordin\u00e1ria", "texto_integral": "http://sapl.sarandi.pr.leg.br/media/sapl/public/normajuridica/2016/3796/lei_no_2274-2016__para_site.pdf", "ementa": "D\u00e1 denomina\u00e7\u00e3o \u00e0 Rua Projetada N, do Jardim S\u00e3o Paulo II, na forma que especifica."}, {"id": "3795", "ano": "2016", "numero": "2273", "tipo__sigla": "LEI", "tipo__descricao": "Lei Ordin\u00e1ria", "texto_integral": "http://sapl.sarandi.pr.leg.br/media/sapl/public/normajuridica/2016/3795/lei_no_2273-2016_para_site.pdf", "ementa": "D\u00e1 denomina\u00e7\u00e3o \u00e0 Avenida Projetada \"A\" nos Jardins Ouro Verde III e IV, Montreal e S\u00e3o Paulo II, e d\u00e1 outras provid\u00eancias."}, {"id": "3794", "ano": "2016", "numero": "2272", "tipo__sigla": "LEI", "tipo__descricao": "Lei Ordin\u00e1ria", "texto_integral": "http://sapl.sarandi.pr.leg.br/media/sapl/public/normajuridica/2016/3794/lei_no_2272-2016_para_site.pdf", "ementa": "D\u00e1 denomina\u00e7\u00e3o \u00e0 Rua 127, do Jardim Rio de Janeiro, na forma que especifica."}, {"id": "3793", "ano": "2016", "numero": "2271", "tipo__sigla": "LEI", "tipo__descricao": "Lei Ordin\u00e1ria", "texto_integral": "http://sapl.sarandi.pr.leg.br/media/sapl/public/normajuridica/2016/3793/lei_no_2271-2016__para_site.pdf", "ementa": "D\u00e1 denomina\u00e7\u00e3o \u00e0 Rua I, do Jardim S\u00e3o Paulo II, na forma que especifica."}, {"id": "4075", "ano": "2016", "numero": "2270", "tipo__sigla": "LEI", "tipo__descricao": "Lei Ordin\u00e1ria", "texto_integral": "http://sapl.sarandi.pr.leg.br/media/sapl/public/normajuridica/2016/4075/lei_no_2270-2016__para_site.pdf", "ementa": "Disp\u00f5e sobre Transposi\u00e7\u00e3o Or\u00e7ament\u00e1ria do Poder Legislativo para o Poder Executivo, na forma que especifica."}, {"id": "3792", "ano": "2016", "numero": "2269", "tipo__sigla": "LEI", "tipo__descricao": "Lei Ordin\u00e1ria", "texto_integral": "http://sapl.sarandi.pr.leg.br/media/sapl/public/normajuridica/2016/3792/lei_no_2269-2016__para_site.pdf", "ementa": "D\u00e1 denomina\u00e7\u00e3o \u00e0 Rua 132, do Jardim Rio de Janeiro, na forma que especifica."}, {"id": "3791", "ano": "2016", "numero": "2268", "tipo__sigla": "LEI", "tipo__descricao": "Lei Ordin\u00e1ria", "texto_integral": "http://sapl.sarandi.pr.leg.br/media/sapl/public/normajuridica/2016/3791/lei_no_2268-2016_para_site.pdf", "ementa": "Disp\u00f5e sobre obrigatoriedade de disponibiliza\u00e7\u00e3o e manuten\u00e7\u00e3o de desfibrilador card\u00edaco nas UBS (unidades B\u00e1sicas de Sa\u00fade) de Sarandi."}, {"id": "3790", "ano": "2016", "numero": "2267", "tipo__sigla": "LEI", "tipo__descricao": "Lei Ordin\u00e1ria", "texto_integral": "http://sapl.sarandi.pr.leg.br/media/sapl/public/normajuridica/2016/3790/lei_no_2267-2016_para_site.pdf", "ementa": "D\u00e1 denomina\u00e7\u00e3o \u00e0 Rua 139, do Jardim Rio de Janeiro, na forma que especifica."}, {"id": "3789", "ano": "2016", "numero": "2266", "tipo__sigla": "LEI", "tipo__descricao": "Lei Ordin\u00e1ria", "texto_integral": "http://sapl.sarandi.pr.leg.br/media/sapl/public/normajuridica/2016/3789/lei_no_2266-2016__para_site.pdf", "ementa": "D\u00e1 denomina\u00e7\u00e3o \u00e0 Rua 125, do Jardim Rio de Janeiro, na forma que especifica."}, {"id": "3788", "ano": "2016", "numero": "2265", "tipo__sigla": "LEI", "tipo__descricao": "Lei Ordin\u00e1ria", "texto_integral": "http://sapl.sarandi.pr.leg.br/media/sapl/public/normajuridica/2016/3788/lei_no_2265-2016__para_site.pdf", "ementa": "D\u00e1 denomina\u00e7\u00e3o \u00e0 Rua 124, do Jardim Rio de Janeiro, na forma que especifica."}, {"id": "3787", "ano": "2016", "numero": "2264", "tipo__sigla": "LEI", "tipo__descricao": "Lei Ordin\u00e1ria", "texto_integral": "http://sapl.sarandi.pr.leg.br/media/sapl/public/normajuridica/2016/3787/lei_no_2264-2016__para_site.pdf", "ementa": "D\u00e1 denomina\u00e7\u00e3o \u00e0 Rua 123, do Jardim Rio de Janeiro, na forma que especifica."}, {"id": "3786", "ano": "2016", "numero": "2263", "tipo__sigla": "LEI", "tipo__descricao": "Lei Ordin\u00e1ria", "texto_integral": "http://sapl.sarandi.pr.leg.br/media/sapl/public/normajuridica/2016/3786/lei_no_2263-2016_para_site.pdf", "ementa": "D\u00e1 denomina\u00e7\u00e3o \u00e0 Rua Projetada M, do Jardim dos Ip\u00eas, na forma que especifica."}, {"id": "3785", "ano": "2016", "numero": "2262", "tipo__sigla": "LEI", "tipo__descricao": "Lei Ordin\u00e1ria", "texto_integral": "http://sapl.sarandi.pr.leg.br/media/sapl/public/normajuridica/2016/3785/lei_no_2262-2016__para_site.pdf", "ementa": "Autoriza o Chefe do Poder Executivo a revogar a Lei n\u00ba 2204/2015, e d\u00e1 outras provid\u00eancias."}, {"id": "3783", "ano": "2016", "numero": "3", "tipo__sigla": "DL", "tipo__descricao": "Decreto Legislativo", "texto_integral": "http://sapl.sarandi.pr.leg.br/media/./sapl/public/normajuridica/2016/3783/3783_texto_integral.pdf", "ementa": "Desaprova as contas do Munic\u00edpio de Sarandi, relativas ao exerc\u00edcio financeiro de 2009."}, {"id": "1126", "ano": "2016", "numero": "31", "tipo__sigla": "POR", "tipo__descricao": "Portaria", "texto_integral": "http://sapl.sarandi.pr.leg.br/media/./sapl/public/normajuridica/2016/1126/1126_texto_integral.pdf", "ementa": "PRORROGAR POR MAIS 02 (DOIS) ANOS, A VALIDADE DO CONCURSO P\u00daBLICO DA C\u00c2MARA MUNICIPAL DE SARANDI, ABERTO PELO EDITAL N\u00ba 001/2014."}, {"id": "4085", "ano": "2016", "numero": "4", "tipo__sigla": "EDA", "tipo__descricao": "Edital - Audi\u00eancia", "texto_integral": "http://sapl.sarandi.pr.leg.br/media/./sapl/public/normajuridica/2016/4085/4085_texto_integral.pdf", "ementa": "O PRESIDENTE DA C\u00c2MARA MUNICIPAL DE SARANDI, SENHOR BELMIRO DA SILVA FARIAS, NO USO DE SUAS ATRIBUI\u00c7\u00d5ES LEGAIS, E EM ESPECIAL O ARTIGO 9\u00b0 PAR\u00c1GRAFO 4\u00b0. DA LEI COMPLEMENTAR N~ J 01/2000, DE 04/05/2000. \"LRF - LEI DE RESPONSABILIDADE FISCAL\". CONVIDA, PARA A, \"AUDI\u00caNCIA PUBLICA'', DE DEMONSTRA\u00c7\u00c3O E AVALIA\u00c7\u00c3O E CUMPRIMENTO DAS METAS FISCAIS DO 2\u00ba QUADRIMESTRE DE 2016, OU SEJA, DOS MESES DE MAIO, JUNHO, JULHO E AGOSTO DE 2016, DO PODER EXECUTIVO MUNICIPAL, DA CAIXA DE APOSENTADORIA E PENS\u00c3O DO SERVIDORES MUNICIPAIS DE SARANDI - PRESERV, E \u00c1GUAS DE SARANDI - SERVI\u00c7O MUNICIPAL DE SANEAMENTO AMBIENTAL, QUE ACONTECER\u00c1:\r\n\r\nDIA: 28 DE SETEMBRO DE 2016.\r\n\r\nHOR\u00c1RIO: \u00c0S 18:00 HORAS.\r\n\r\nLOCAL: C\u00c2MARA MUNICIPAL DE SARANDI - AV. MARING\u00c1, 660 - CENTRO."}, {"id": "980", "ano": "2016", "numero": "2261", "tipo__sigla": "LEI", "tipo__descricao": "Lei Ordin\u00e1ria", "texto_integral": "http://sapl.sarandi.pr.leg.br/media/sapl/public/normajuridica/2016/980/lei_no_2261-2016__para_site.pdf", "ementa": "Disp\u00f5e sobre autoriza\u00e7\u00e3o para a altera\u00e7\u00e3o do feriado de Anivers\u00e1rio do Munic\u00edpio, na forma que especifica."}, {"id": "979", "ano": "2016", "numero": "2260", "tipo__sigla": "LEI", "tipo__descricao": "Lei Ordin\u00e1ria", "texto_integral": "http://sapl.sarandi.pr.leg.br/media/sapl/public/normajuridica/2016/979/lei_no_2260-2016__para_site.pdf", "ementa": "Disp\u00f5e sobre a abertura de Cr\u00e9dito Adicional Especial, na forma que especifica."}, {"id": "978", "ano": "2016", "numero": "2259", "tipo__sigla": "LEI", "tipo__descricao": "Lei Ordin\u00e1ria", "texto_integral": "http://sapl.sarandi.pr.leg.br/media/sapl/public/normajuridica/2016/978/lei_no_2259-2016_para_site.pdf", "ementa": "Autoriza o Chefe do Poder Executivo do Munic\u00edpio de Sarandi a efetuar permuta de im\u00f3veis e d\u00e1 outras provid\u00eancias."}, {"id": "976", "ano": "2016", "numero": "2258", "tipo__sigla": "LEI", "tipo__descricao": "Lei Ordin\u00e1ria", "texto_integral": "http://sapl.sarandi.pr.leg.br/media/sapl/public/normajuridica/2016/976/lei_no_2258-2016__para_site.pdf", "ementa": "Revoga a Lei n\u00ba 895/2000, de 10 de outubro de 2000."}, {"id": "3782", "ano": "2016", "numero": "2", "tipo__sigla": "DL", "tipo__descricao": "Decreto Legislativo", "texto_integral": "http://sapl.sarandi.pr.leg.br/media/./sapl/public/normajuridica/2016/3782/3782_texto_integral.pdf", "ementa": "Aprova as Contas do Munic\u00edpio de Sarandi, relativa ao Exerc\u00edcio Financeiro de 2012."}, {"id": "3781", "ano": "2016", "numero": "1", "tipo__sigla": "DL", "tipo__descricao": "Decreto Legislativo", "texto_integral": "http://sapl.sarandi.pr.leg.br/media/./sapl/public/normajuridica/2016/3781/3781_texto_integral.pdf", "ementa": "Aprova com ressalvas as contas do Munic\u00edpio de Sarandi, relativas ao exerc\u00edcio financeiro de 2011."}, {"id": "975", "ano": "2016", "numero": "2257", "tipo__sigla": "LEI", "tipo__descricao": "Lei Ordin\u00e1ria", "texto_integral": "http://sapl.sarandi.pr.leg.br/media/sapl/public/normajuridica/2016/975/lei_no_2257-2016__para_site.pdf", "ementa": "Disp\u00f5e sobre a abertura de Cr\u00e9dito Adicional Especial, na forma que especifica."}, {"id": "974", "ano": "2016", "numero": "2256", "tipo__sigla": "LEI", "tipo__descricao": "Lei Ordin\u00e1ria", "texto_integral": "http://sapl.sarandi.pr.leg.br/media/sapl/public/normajuridica/2016/974/lei_no_2256-2016_para_site.pdf", "ementa": "Institui a Marcha para Jesus, no Munic\u00edpio de Sarandi - Paran\u00e1"}, {"id": "973", "ano": "2016", "numero": "2255", "tipo__sigla": "LEI", "tipo__descricao": "Lei Ordin\u00e1ria", "texto_integral": "http://sapl.sarandi.pr.leg.br/media/sapl/public/normajuridica/2016/973/lei_no_2255-2016_para_site.pdf", "ementa": "Autoriza o uso do asfalto ecol\u00f3gico na pavimenta\u00e7\u00e3o das vias p\u00fablicas do Munic\u00edpio de Sarandi e d\u00e1 outras provid\u00eancias."}, {"id": "3759", "ano": "2016", "numero": "30", "tipo__sigla": "POR", "tipo__descricao": "Portaria", "texto_integral": "http://sapl.sarandi.pr.leg.br/media/./sapl/public/normajuridica/2016/3759/3759_texto_integral.pdf", "ementa": "NOMEIA ASSESSOR PARLAMENTAR DO VEREADOR AILTON RIBEIRO MACHADO"}, {"id": "3758", "ano": "2016", "numero": "29", "tipo__sigla": "POR", "tipo__descricao": "Portaria", "texto_integral": "http://sapl.sarandi.pr.leg.br/media/./sapl/public/normajuridica/2016/3758/3758_texto_integral.pdf", "ementa": "EXONERA ASSESSOR PARLAMENTAR DO VEREADOR AILTON RIBEIRO MACHADO"}, {"id": "193", "ano": "2016", "numero": "2", "tipo__sigla": "IN", "tipo__descricao": "Instru\u00e7\u00e3o Normativa", "texto_integral": "http://sapl.sarandi.pr.leg.br/media/sapl/public/normajuridica/2016/193/in_02-2016.pdf", "ementa": "ESTABELECE NORMAS E PROCEDIMENTOS PARA A UTILIZA\u00c7\u00c3O DE VE\u00cdCULOS OFICIAIS DA C\u00c2MARA MUNICIPAL DE SARANDI - PR."}, {"id": "3757", "ano": "2016", "numero": "28", "tipo__sigla": "POR", "tipo__descricao": "Portaria", "texto_integral": "http://sapl.sarandi.pr.leg.br/media/./sapl/public/normajuridica/2016/3757/3757_texto_integral.pdf", "ementa": "CONCEDE PROGRESS\u00c3O FUNCIONAL A SERVIDORA ANGELA ALVES DE ALMEIDA"}, {"id": "972", "ano": "2016", "numero": "2254", "tipo__sigla": "LEI", "tipo__descricao": "Lei Ordin\u00e1ria", "texto_integral": "http://sapl.sarandi.pr.leg.br/media/sapl/public/normajuridica/2016/972/lei_no_2254-2016_para_site.pdf", "ementa": "Fixa os Subs\u00eddios dos Vereadores para a 9\u00aa Legislatura, no per\u00edodo de 2017 a 2020."}, {"id": "971", "ano": "2016", "numero": "2253", "tipo__sigla": "LEI", "tipo__descricao": "Lei Ordin\u00e1ria", "texto_integral": "http://sapl.sarandi.pr.leg.br/media/sapl/public/normajuridica/2016/971/lei_no_2253-2016__para_site.pdf", "ementa": "Fixa os Subs\u00eddios do Prefeito, Vice-Prefeito e dos Secret\u00e1rios Municipais, para a Gest\u00e3o Administrativa de 2017 a 2020."}, {"id": "970", "ano": "2016", "numero": "2252", "tipo__sigla": "LEI", "tipo__descricao": "Lei Ordin\u00e1ria", "texto_integral": "http://sapl.sarandi.pr.leg.br/media/sapl/public/normajuridica/2016/970/lei_no_2252-2016_para_site.pdf", "ementa": "Disp\u00f5e sobre as Diretrizes para a elabora\u00e7\u00e3o e execu\u00e7\u00e3o da Lei Or\u00e7ament\u00e1ria para o exerc\u00edcio de 2017 e d\u00e1 outras provid\u00eancias."}, {"id": "969", "ano": "2016", "numero": "2251", "tipo__sigla": "LEI", "tipo__descricao": "Lei Ordin\u00e1ria", "texto_integral": "http://sapl.sarandi.pr.leg.br/media/sapl/public/normajuridica/2016/969/lei_no_2251-2016_para_site.pdf", "ementa": "Disp\u00f5e sobre a altera\u00e7\u00e3o dos Anexos do PPA-Plano Plurianual do Munic\u00edpio de Sarandi do quadri\u00eanio 2014 a 2017, na forma que especifica."}, {"id": "3756", "ano": "2016", "numero": "27", "tipo__sigla": "POR", "tipo__descricao": "Portaria", "texto_integral": "http://sapl.sarandi.pr.leg.br/media/./sapl/public/normajuridica/2016/3756/3756_texto_integral.pdf", "ementa": "NOMEIA ASSESSOR PARLAMENTAR DO VEREADOR NELSON DE JESUS LIMA"}, {"id": "968", "ano": "2016", "numero": "2250", "tipo__sigla": "LEI", "tipo__descricao": "Lei Ordin\u00e1ria", "texto_integral": "http://sapl.sarandi.pr.leg.br/media/sapl/public/normajuridica/2016/968/lei_no_2250-2016_para_site.pdf", "ementa": "Denomina Pra\u00e7a no Parque S\u00e3o Pedro, na forma que especifica."}, {"id": "967", "ano": "2016", "numero": "2249", "tipo__sigla": "LEI", "tipo__descricao": "Lei Ordin\u00e1ria", "texto_integral": "http://sapl.sarandi.pr.leg.br/media/sapl/public/normajuridica/2016/967/lei_no_2249-2016_para_site.pdf", "ementa": "D\u00e1 denomina\u00e7\u00e3o \u00e0 Rua 128, do Jardim Rio de Janeiro, na forma que especifica."}, {"id": "966", "ano": "2016", "numero": "2248", "tipo__sigla": "LEI", "tipo__descricao": "Lei Ordin\u00e1ria", "texto_integral": "http://sapl.sarandi.pr.leg.br/media/sapl/public/normajuridica/2016/966/lei_no_2248-2016_para_site.pdf", "ementa": "D\u00e1 denomina\u00e7\u00e3o \u00e0 Avenida Projetada D, do Jardim dos Ip\u00eas, na forma que especifica."}, {"id": "965", "ano": "2016", "numero": "2247", "tipo__sigla": "LEI", "tipo__descricao": "Lei Ordin\u00e1ria", "texto_integral": "http://sapl.sarandi.pr.leg.br/media/sapl/public/normajuridica/2016/965/lei_no_2247-2016_para_site.pdf", "ementa": "D\u00e1 denomina\u00e7\u00e3o \u00e0 Rua Projetada F, do Jardim S\u00e3o Paulo, na forma que especifica."}, {"id": "964", "ano": "2016", "numero": "2246", "tipo__sigla": "LEI", "tipo__descricao": "Lei Ordin\u00e1ria", "texto_integral": "http://sapl.sarandi.pr.leg.br/media/sapl/public/normajuridica/2016/964/lei_no_2246-2016_para_site.pdf", "ementa": "D\u00e1 denomina\u00e7\u00e3o \u00e0 Rua Projetada D, do Jardim S\u00e3o Paulo, na forma que especifica."}, {"id": "963", "ano": "2016", "numero": "2245", "tipo__sigla": "LEI", "tipo__descricao": "Lei Ordin\u00e1ria", "texto_integral": "http://sapl.sarandi.pr.leg.br/media/sapl/public/normajuridica/2016/963/lei_no_2245-2016_para_site.pdf", "ementa": "D\u00e1 denomina\u00e7\u00e3o \u00e0 Rua Projetada C, do Jardim S\u00e3o Paulo, na forma que especifica."}, {"id": "962", "ano": "2016", "numero": "2244", "tipo__sigla": "LEI", "tipo__descricao": "Lei Ordin\u00e1ria", "texto_integral": "http://sapl.sarandi.pr.leg.br/media/sapl/public/normajuridica/2016/962/lei_no_2244-2016__para_site.pdf", "ementa": "D\u00e1 denomina\u00e7\u00e3o \u00e0 Rua Projetada B, do Jardim S\u00e3o Paulo, na forma que especifica."}, {"id": "3755", "ano": "2016", "numero": "26", "tipo__sigla": "POR", "tipo__descricao": "Portaria", "texto_integral": "http://sapl.sarandi.pr.leg.br/media/./sapl/public/normajuridica/2016/3755/3755_texto_integral.pdf", "ementa": "CONCEDE FUN\u00c7\u00c3O GRATIFICADA AOS SERVIDORES QUE COMP\u00d5EM A COMISS\u00c3O PERMANENTE DE REVIS\u00c3O, REAVALIA\u00c7\u00c3O E DETERIORA\u00c7\u00c3O DE BENS M\u00d3VEIS E IM\u00d3VEIS DA C\u00c2MARA "}, {"id": "3754", "ano": "2016", "numero": "25", "tipo__sigla": "POR", "tipo__descricao": "Portaria", "texto_integral": "http://sapl.sarandi.pr.leg.br/media/./sapl/public/normajuridica/2016/3754/3754_texto_integral.pdf", "ementa": "NOMEIA SERVIDORES PARA COMPOREM A COMISS\u00c3O PERMANENTE DE REVIS\u00c3O, REAVALIA\u00c7\u00c3O E DETERIORA\u00c7\u00c3O DE BENS M\u00d3VEIS E IM\u00d3VEIS DA C\u00c2MARA"}, {"id": "40", "ano": "2015", "numero": "2", "tipo__sigla": "RES", "tipo__descricao": "Resolu\u00e7\u00e3o", "texto_integral": "http://sapl.sarandi.pr.leg.br/media/./sapl/public/normajuridica/2015/40/40_texto_integral.pdf", "ementa": "Cria crit\u00e9rios para a transmiss\u00e3o em tempo real das Sess\u00f5es da C\u00e2mara Municipal e d\u00e1 outras provid\u00eancias."}, {"id": "5931", "ano": "2016", "numero": "1605", "tipo__sigla": "DE", "tipo__descricao": "Decreto Executivo", "texto_integral": "http://sapl.sarandi.pr.leg.br/media/sapl/public/normajuridica/2016/5931/decreto_executivo_no_1605-2016.pdf", "ementa": "REGULAMENTA A LEI 2197/2015, QUE DISCIPLINA O SERVI\u00c7O DE TRANSPORTE P\u00daBLICO INDIVIDUAL REMUNERADO DE PASSAGEIROS (T\u00c1XI) NO MUNIC\u00cdPIO DE SARANDI, ESTADO DO PARAN\u00c1 E D\u00c1 OUTRAS PROVID\u00caNCIAS."}, {"id": "3753", "ano": "2016", "numero": "24", "tipo__sigla": "POR", "tipo__descricao": "Portaria", "texto_integral": "http://sapl.sarandi.pr.leg.br/media/./sapl/public/normajuridica/2016/3753/3753_texto_integral.pdf", "ementa": "NOMEIA CHEFE DA DIVIS\u00c3O DE RECURSOS HUMANOS"}, {"id": "3752", "ano": "2016", "numero": "23", "tipo__sigla": "POR", "tipo__descricao": "Portaria", "texto_integral": "http://sapl.sarandi.pr.leg.br/media/./sapl/public/normajuridica/2016/3752/3752_texto_integral.pdf", "ementa": "REVOGA A PORTARIA N\u00b0020/16, DE 14/06/2016."}, {"id": "199", "ano": "2016", "numero": "340", "tipo__sigla": "LC", "tipo__descricao": "Lei Complementar", "texto_integral": "http://sapl.sarandi.pr.leg.br/media/sapl/public/normajuridica/2016/199/lei_compl._no_340-2016_para_site.pdf", "ementa": "Disp\u00f5e sobre a cria\u00e7\u00e3o da Corregedoria e da Ouvidoria da Guarda Municipal de Sarandi e d\u00e1 outras provid\u00eancias."}, {"id": "31", "ano": "2016", "numero": "339", "tipo__sigla": "LC", "tipo__descricao": "Lei Complementar", "texto_integral": "http://sapl.sarandi.pr.leg.br/media/sapl/public/normajuridica/2016/31/lei_compl._no_339-2016_para_site.pdf", "ementa": "Eleva o n\u00famero de vagas do cargo de Enfermeiro Padr\u00e3o, do Quadro de Pessoal Permanente, na forma que especifica."}, {"id": "10", "ano": "2016", "numero": "2243", "tipo__sigla": "LEI", "tipo__descricao": "Lei Ordin\u00e1ria", "texto_integral": "http://sapl.sarandi.pr.leg.br/media/sapl/public/normajuridica/2016/10/lei_no_2243-2016_para_site.pdf", "ementa": "Disp\u00f5e sobre a abertura de Cr\u00e9dito Adicional Especial, na forma que especifica."}, {"id": "3751", "ano": "2016", "numero": "22", "tipo__sigla": "POR", "tipo__descricao": "Portaria", "texto_integral": "http://sapl.sarandi.pr.leg.br/media/./sapl/public/normajuridica/2016/3751/3751_texto_integral.pdf", "ementa": "CONCEDE AUX\u00cdLIO ALIMENTA\u00c7\u00c3O \u00c0 ALGUNS SERVIDORES DA C\u00c2MARA"}, {"id": "3750", "ano": "2016", "numero": "21", "tipo__sigla": "POR", "tipo__descricao": "Portaria", "texto_integral": "http://sapl.sarandi.pr.leg.br/media/./sapl/public/normajuridica/2016/3750/3750_texto_integral.pdf", "ementa": "NOMEIA E CONCEDE FUN\u00c7\u00c3O GRATIFICADA \u00c0 SERVIDORES, PARA COMPOREM A COMISS\u00c3O PERMANENTE DE LICITA\u00c7\u00d5ES"}, {"id": "3749", "ano": "2016", "numero": "20", "tipo__sigla": "POR", "tipo__descricao": "Portaria", "texto_integral": "http://sapl.sarandi.pr.leg.br/media/./sapl/public/normajuridica/2016/3749/3749_texto_integral.pdf", "ementa": "NOMEIA E CONCEDE FUN\u00c7\u00c3O GRATIFICADA \u00c0 SERVIDOR PARA EXERCER A FUN\u00c7\u00c3O DE GERENTE DE FOLHA DE PAGAMENTO"}, {"id": "12", "ano": "2016", "numero": "2242", "tipo__sigla": "LEI", "tipo__descricao": "Lei Ordin\u00e1ria", "texto_integral": "http://sapl.sarandi.pr.leg.br/media/sapl/public/normajuridica/2016/12/lei_no_2242-2016__para_site.pdf", "ementa": "D\u00e1 denomina\u00e7\u00e3o \u00e0 Avenida Projetada E, do Jardim dos Ip\u00eas, na forma que especifica."}, {"id": "13", "ano": "2016", "numero": "2241", "tipo__sigla": "LEI", "tipo__descricao": "Lei Ordin\u00e1ria", "texto_integral": "http://sapl.sarandi.pr.leg.br/media/sapl/public/normajuridica/2016/13/lei_no_2241-2016__para_site.pdf", "ementa": "D\u00e1 denomina\u00e7\u00e3o ao Centro Municipal de Educa\u00e7\u00e3o Infantil do Residencial S\u00e3o Jos\u00e9 III, na forma que especifica."}, {"id": "5930", "ano": "2016", "numero": "1583", "tipo__sigla": "DE", "tipo__descricao": "Decreto Executivo", "texto_integral": "http://sapl.sarandi.pr.leg.br/media/sapl/public/normajuridica/2016/5930/decreto_executivo_no_1583-2016.pdf", "ementa": "REAJUSTA A TABELA DE VALORES DE TARIFAS DOS SERVI\u00c7OS DE TRANSPORTE INDIVIDUAL DE PASSAGEIROS (T\u00c1XI) NO MUNIC\u00cdPIO DE SARANDI, ESTADO DO PARAN\u00c1 E D\u00c1 OUTRAS PROVID\u00caNCIAS."}, {"id": "16", "ano": "2016", "numero": "2240", "tipo__sigla": "LEI", "tipo__descricao": "Lei Ordin\u00e1ria", "texto_integral": "http://sapl.sarandi.pr.leg.br/media/sapl/public/normajuridica/2016/16/lei_no_2240-2016_para_site.pdf", "ementa": "Disp\u00f5e sobre a abertura de Cr\u00e9dito Adicional Especial, na forma que especifica."}, {"id": "30", "ano": "2016", "numero": "338", "tipo__sigla": "LC", "tipo__descricao": "Lei Complementar", "texto_integral": "http://sapl.sarandi.pr.leg.br/media/sapl/public/normajuridica/2016/30/lei_compl._no_338-2016__para_site.pdf", "ementa": "Estabelece os procedimentos relativos \u00e0 aprova\u00e7\u00e3o de projetos, atualiza\u00e7\u00f5es, regulariza\u00e7\u00f5es, amplia\u00e7\u00f5es, reformas no munic\u00edpio de Sarandi."}, {"id": "3748", "ano": "2016", "numero": "19", "tipo__sigla": "POR", "tipo__descricao": "Portaria", "texto_integral": "http://sapl.sarandi.pr.leg.br/media/./sapl/public/normajuridica/2016/3748/3748_texto_integral.pdf", "ementa": "CONCEDE PROGRESS\u00c3O FUNCIONAL AO SERVIDOR FRANCISCO ADALBERTO DE SOUZA "}, {"id": "19", "ano": "2016", "numero": "2239", "tipo__sigla": "LEI", "tipo__descricao": "Lei Ordin\u00e1ria", "texto_integral": "http://sapl.sarandi.pr.leg.br/media/sapl/public/normajuridica/2016/19/lei_no_2239-2016__para_site.pdf", "ementa": "Cria o Sistema Desportivo Municipal de Sarandi, Paran\u00e1, e d\u00e1 outras provid\u00eancias."}, {"id": "22", "ano": "2016", "numero": "2238", "tipo__sigla": "LEI", "tipo__descricao": "Lei Ordin\u00e1ria", "texto_integral": "http://sapl.sarandi.pr.leg.br/media/sapl/public/normajuridica/2016/22/lei_no_2238-2016_para_site.pdf", "ementa": "D\u00e1 denomina\u00e7\u00e3o \u00e0 Rua Projetada \"A\", do Jardim dos Ip\u00eas, na forma que especifica."}, {"id": "23", "ano": "2016", "numero": "2237", "tipo__sigla": "LEI", "tipo__descricao": "Lei Ordin\u00e1ria", "texto_integral": "http://sapl.sarandi.pr.leg.br/media/sapl/public/normajuridica/2016/23/lei_no_2237-2016_para_site.pdf", "ementa": "D\u00e1 denomina\u00e7\u00e3o \u00e0 Rua Projetada \"N\", do Jardim dos Ip\u00eas, na forma que especifica."}, {"id": "20", "ano": "2016", "numero": "2236", "tipo__sigla": "LEI", "tipo__descricao": "Lei Ordin\u00e1ria", "texto_integral": "http://sapl.sarandi.pr.leg.br/media/sapl/public/normajuridica/2016/20/lei_no_2236-2016_para_site.pdf", "ementa": "D\u00e1 denomina\u00e7\u00e3o \u00e0 Rua Projetada F, do Jardim dos Ip\u00eas, na forma que especifica."}, {"id": "3747", "ano": "2016", "numero": "18", "tipo__sigla": "POR", "tipo__descricao": "Portaria", "texto_integral": "http://sapl.sarandi.pr.leg.br/media/./sapl/public/normajuridica/2016/3747/3747_texto_integral.pdf", "ementa": "TORNA P\u00daBLICO O RECESSO FUNCIONAL DO FERIADO PROLONGADO DE CORPUS CHRISTI"}, {"id": "3746", "ano": "2016", "numero": "17", "tipo__sigla": "POR", "tipo__descricao": "Portaria", "texto_integral": "http://sapl.sarandi.pr.leg.br/media/./sapl/public/normajuridica/2016/3746/3746_texto_integral.pdf", "ementa": "EXONERA ASSESSOR PARLAMENTAR DO VEREADOR NELSON DE JESUS LIMA"}, {"id": "28", "ano": "2016", "numero": "337", "tipo__sigla": "LC", "tipo__descricao": "Lei Complementar", "texto_integral": "http://sapl.sarandi.pr.leg.br/media/sapl/public/normajuridica/2016/28/lei_compl._no_337-2016__para_site.pdf", "ementa": "Altera para par\u00e1grafo primeiro o par\u00e1grafo \u00fanico do artigo 1\u00ba da Lei Complementar n\u00ba 10/92, acrescenta o par\u00e1grafo segundo e d\u00e1 outras provid\u00eancias."}, {"id": "17", "ano": "2016", "numero": "2235", "tipo__sigla": "LEI", "tipo__descricao": "Lei Ordin\u00e1ria", "texto_integral": "http://sapl.sarandi.pr.leg.br/media/sapl/public/normajuridica/2016/17/lei_no_2235-2016_para_site.pdf", "ementa": "D\u00e1 denomina\u00e7\u00e3o \u00e0 Rua \u201cB\u201d do Bairro Jardim Oriental como \u201cRua Pioneiro Jos\u00e9 Chiarato\u201d e d\u00e1 outras provid\u00eancias."}, {"id": "14", "ano": "2016", "numero": "2234", "tipo__sigla": "LEI", "tipo__descricao": "Lei Ordin\u00e1ria", "texto_integral": "http://sapl.sarandi.pr.leg.br/media/sapl/public/normajuridica/2016/14/lei_no_2234-2016__para_site.pdf", "ementa": "D\u00e1 denomina\u00e7\u00e3o \u00e0 Rua \u201cA\u201d do Bairro Jardim Oriental como \u201cRua Pioneiro Pedro Izidoro do Carmo\u201d e d\u00e1 outras provid\u00eancias."}, {"id": "11", "ano": "2016", "numero": "2233", "tipo__sigla": "LEI", "tipo__descricao": "Lei Ordin\u00e1ria", "texto_integral": "http://sapl.sarandi.pr.leg.br/media/sapl/public/normajuridica/2016/11/lei_no_2233-2016_para_site.pdf", "ementa": "D\u00e1 denomina\u00e7\u00e3o \u00e0 Avenida Projetada C, do Jardim dos Ip\u00eas, na forma que especifica."}, {"id": "44", "ano": "2016", "numero": "2232", "tipo__sigla": "LEI", "tipo__descricao": "Lei Ordin\u00e1ria", "texto_integral": "http://sapl.sarandi.pr.leg.br/media/sapl/public/normajuridica/2016/44/lei_no_2232-2016__para_site.pdf", "ementa": "Altera denomina\u00e7\u00e3o de trecho da Rua Francisco de Almeida, na forma que especifica."}, {"id": "45", "ano": "2016", "numero": "2231", "tipo__sigla": "LEI", "tipo__descricao": "Lei Ordin\u00e1ria", "texto_integral": "http://sapl.sarandi.pr.leg.br/media/sapl/public/normajuridica/2016/45/lei_no_2231-2016__para_site.pdf", "ementa": "D\u00e1 nova reda\u00e7\u00e3o ao Artigo 1\u00ba da Lei Municipal n\u00ba 344/89, de 02.10.1989, na forma que especifica."}, {"id": "47", "ano": "2016", "numero": "2230", "tipo__sigla": "LEI", "tipo__descricao": "Lei Ordin\u00e1ria", "texto_integral": "http://sapl.sarandi.pr.leg.br/media/sapl/public/normajuridica/2016/47/lei_no_2230-2016__para_site.pdf", "ementa": "D\u00e1 denomina\u00e7\u00e3o \u00e0 Rua C, do Jardim dos Ip\u00eas, na forma que especifica."}, {"id": "48", "ano": "2016", "numero": "2229", "tipo__sigla": "LEI", "tipo__descricao": "Lei Ordin\u00e1ria", "texto_integral": "http://sapl.sarandi.pr.leg.br/media/sapl/public/normajuridica/2016/48/lei_no_2229-2016__para_site.pdf", "ementa": "Altera dispositivos da Lei Municipal n\u00ba 2053/2013, de 16 de Dezembro de 2013, \u201co qual Cria a Feira de Artes e Artesanato do Munic\u00edpio de Sarandi \u2013 Paran\u00e1\u201d, e d\u00e1 outras provid\u00eancias."}, {"id": "29", "ano": "2016", "numero": "336", "tipo__sigla": "LC", "tipo__descricao": "Lei Complementar", "texto_integral": "http://sapl.sarandi.pr.leg.br/media/sapl/public/normajuridica/2016/29/lei_compl._no_336-2016__para_site.pdf", "ementa": "Altera o par\u00e1grafo 4\u00ba do artigo 7\u00ba da Lei Complementar n\u00ba 217/2009 e inclui vias urbanas no Eixo de Com\u00e9rcio e Servi\u00e7os, na forma que especifica."}, {"id": "3780", "ano": "2016", "numero": "3", "tipo__sigla": "RES", "tipo__descricao": "Resolu\u00e7\u00e3o", "texto_integral": "http://sapl.sarandi.pr.leg.br/media/sapl/public/normajuridica/2016/3780/res._no_0003-2016.pdf", "ementa": "Revoga em todo o seu teor a Resolu\u00e7\u00e3o n\u00ba 002/2016, de 28.03.2016, na forma que especifica."}, {"id": "6110", "ano": "2016", "numero": "1524", "tipo__sigla": "DE", "tipo__descricao": "Decreto Executivo", "texto_integral": "http://sapl.sarandi.pr.leg.br/media/sapl/public/normajuridica/2016/6110/decreto_executivo_no_1524-2016.pdf", "ementa": "NOMEIA MEMBROS DO COMIT\u00ca MUNICIPAL DO TRANSPORTE ESCOLAR, NA FORMA QUE ESPECIFICA."}, {"id": "5761", "ano": "2016", "numero": "1513", "tipo__sigla": "DE", "tipo__descricao": "Decreto Executivo", "texto_integral": "http://sapl.sarandi.pr.leg.br/media/sapl/public/normajuridica/2016/5761/decreto_executivo_no_1513-2016.pdf", "ementa": "REGULAMENTA A FORMA DE APRESENTA\u00c7\u00c3O DE ATESTADOS E/OU DECLARA\u00c7\u00c3O M\u00c9DICA DOS SERVIDORES P\u00daBLICOS MUNICIPAIS, NA FORMA QUE ESPECIFICA."}, {"id": "187", "ano": "2016", "numero": "1", "tipo__sigla": "IN", "tipo__descricao": "Instru\u00e7\u00e3o Normativa", "texto_integral": "http://sapl.sarandi.pr.leg.br/media/sapl/public/normajuridica/2016/187/in_01-2016.pdf", "ementa": "REGULAMENTA A VEICULA\u00c7\u00c3O DE PROPAGANDA ELEITORAL NO \u00c2MBITO DO PODER LEGISLATIVO MUNICIPAL E D\u00c1 OUTRAS PROVID\u00caNCIAS."}, {"id": "3745", "ano": "2016", "numero": "16", "tipo__sigla": "POR", "tipo__descricao": "Portaria", "texto_integral": "http://sapl.sarandi.pr.leg.br/media/./sapl/public/normajuridica/2016/3745/3745_texto_integral.pdf", "ementa": "CONCEDE PROGRESS\u00c3O FUNCIONAL \u00c0 SERVIDORA M\u00d4NICA CRISTINA GONZALVES"}, {"id": "50", "ano": "2016", "numero": "2228", "tipo__sigla": "LEI", "tipo__descricao": "Lei Ordin\u00e1ria", "texto_integral": "http://sapl.sarandi.pr.leg.br/media/sapl/public/normajuridica/2016/50/lei_no_2228-2016_para_site.pdf", "ementa": "Institui e regulamenta o COMIT\u00ca MUNICIPAL DO TRANSPORTE ESCOLAR para acompanhar as condi\u00e7\u00f5es de oferta do transporte escolar p\u00fablico municipal."}, {"id": "51", "ano": "2016", "numero": "2227", "tipo__sigla": "LEI", "tipo__descricao": "Lei Ordin\u00e1ria", "texto_integral": "http://sapl.sarandi.pr.leg.br/media/sapl/public/normajuridica/2016/51/lei_no_2227-2016_para_site.pdf", "ementa": "Autoriza o Poder Executivo Municipal a conceder Direito Real de Uso de im\u00f3vel pertencente a municipalidade, na forma que especifica."}, {"id": "52", "ano": "2016", "numero": "2226", "tipo__sigla": "LEI", "tipo__descricao": "Lei Ordin\u00e1ria", "texto_integral": "http://sapl.sarandi.pr.leg.br/media/sapl/public/normajuridica/2016/52/lei_no_2226-2016_para_site.pdf", "ementa": "Regulamenta Sinaliza\u00e7\u00e3o, Dias e Hor\u00e1rios para uso das vagas destinadas para carga e descarga e d\u00e1 outras provid\u00eancias."}, {"id": "26", "ano": "2016", "numero": "335", "tipo__sigla": "LC", "tipo__descricao": "Lei Complementar", "texto_integral": "http://sapl.sarandi.pr.leg.br/media/sapl/public/normajuridica/2016/26/lei_compl._no_335-2016_para_site.pdf", "ementa": "Disp\u00f5e sobre a altera\u00e7\u00e3o da Lei Complementar n\u00ba 249/2011, na forma que especifica."}, {"id": "25", "ano": "2016", "numero": "334", "tipo__sigla": "LC", "tipo__descricao": "Lei Complementar", "texto_integral": "http://sapl.sarandi.pr.leg.br/media/sapl/public/normajuridica/2016/25/lei_compl._no_334-2016__para_site.pdf", "ementa": "Disp\u00f5e sobre a cria\u00e7\u00e3o da Ouvidoria Municipal do SUS da Secretaria Municipal de Sa\u00fade, junto \u00e0 Lei Complementar n\u00ba 114/2005 e d\u00e1 outras provid\u00eancias."}, {"id": "27", "ano": "2016", "numero": "333", "tipo__sigla": "LC", "tipo__descricao": "Lei Complementar", "texto_integral": "http://sapl.sarandi.pr.leg.br/media/sapl/public/normajuridica/2016/27/lei_compl._no_333-2016_para_site.pdf", "ementa": "Disp\u00f5e sobre a cria\u00e7\u00e3o do cargo de Coordenador de Frotas junto \u00e0 Secretaria Municipal de Educa\u00e7\u00e3o; modifica o art. 6\u00ba da Lei Complementar n\u00ba 150/2007 e altera dispositivos da Lei Complementar n\u00ba 115/2005, que disp\u00f5e sobre a Estrutura Administrativa do munic\u00edpio de Sarandi, e d\u00e1 outras provid\u00eancias."}, {"id": "24", "ano": "2016", "numero": "332", "tipo__sigla": "LC", "tipo__descricao": "Lei Complementar", "texto_integral": "http://sapl.sarandi.pr.leg.br/media/sapl/public/normajuridica/2016/24/lei_compl._no_332-2016__para_site.pdf", "ementa": "Acrescenta a subse\u00e7\u00e3o XIV com o artigo 106-C."}, {"id": "3779", "ano": "2016", "numero": "2", "tipo__sigla": "RES", "tipo__descricao": "Resolu\u00e7\u00e3o", "texto_integral": "http://sapl.sarandi.pr.leg.br/media/sapl/public/normajuridica/2016/3779/res._no_0002-2016.pdf", "ementa": "Altera o vencimento inicial de Cargo do Grupo Ocupacional Semi-Profissional, constantes dos Anexos III e IV da Resolu\u00e7\u00e3o n\u00ba 004/94, de 29/12/1994, e d\u00e1 outras provid\u00eancias."}, {"id": "5929", "ano": "2016", "numero": "1470", "tipo__sigla": "DE", "tipo__descricao": "Decreto Executivo", "texto_integral": "http://sapl.sarandi.pr.leg.br/media/sapl/public/normajuridica/2016/5929/decreto_executivo_no_1470-2016.pdf", "ementa": "ESTABELECE A TABELA DE VALORES DE TARIFAS DOS SERVI\u00c7OS DE TRANSPORTE INDIVIDUAL DE PASSAGEIROS (T\u00c1XI) NO MUNIC\u00cdPIO DE SARANDI, ESTADO DO PARAN\u00c1 E D\u00c1 OUTRAS PROVID\u00caNCIAS."}, {"id": "53", "ano": "2016", "numero": "2225", "tipo__sigla": "LEI", "tipo__descricao": "Lei Ordin\u00e1ria", "texto_integral": "http://sapl.sarandi.pr.leg.br/media/sapl/public/normajuridica/2016/53/lei_no_2225-2016_para_site.pdf", "ementa": "D\u00e1 denomina\u00e7\u00e3o \u00e0 Rua J, do Jardim dos Ip\u00eas, na forma que especifica."}, {"id": "54", "ano": "2016", "numero": "2224", "tipo__sigla": "LEI", "tipo__descricao": "Lei Ordin\u00e1ria", "texto_integral": "http://sapl.sarandi.pr.leg.br/media/sapl/public/normajuridica/2016/54/lei_no_2224-2016_para_site.pdf", "ementa": "D\u00e1 denomina\u00e7\u00e3o \u00e0 Rua E, do Jardim dos Ip\u00eas, na forma que especifica."}, {"id": "55", "ano": "2016", "numero": "2223", "tipo__sigla": "LEI", "tipo__descricao": "Lei Ordin\u00e1ria", "texto_integral": "http://sapl.sarandi.pr.leg.br/media/sapl/public/normajuridica/2016/55/lei_no_2223-2016_para_site.pdf", "ementa": "Concede isen\u00e7\u00e3o de Tarifa de \u00c1gua pot\u00e1vel e Esgoto a Associa\u00e7\u00f5es de Moradores e Hortas Comunit\u00e1rias, na forma que especifica."}, {"id": "56", "ano": "2016", "numero": "2222", "tipo__sigla": "LEI", "tipo__descricao": "Lei Ordin\u00e1ria", "texto_integral": "http://sapl.sarandi.pr.leg.br/media/sapl/public/normajuridica/2016/56/lei_no_2222-2016_para_site.pdf", "ementa": "Concede isen\u00e7\u00e3o de Tarifa de \u00c1gua pot\u00e1vel e esgoto as Entidades e Associa\u00e7\u00f5es que prestam servi\u00e7os de relev\u00e2ncia e interesse p\u00fablico dentro do Munic\u00edpio de Sarandi, na forma que especifica."}, {"id": "57", "ano": "2016", "numero": "2221", "tipo__sigla": "LEI", "tipo__descricao": "Lei Ordin\u00e1ria", "texto_integral": "http://sapl.sarandi.pr.leg.br/media/sapl/public/normajuridica/2016/57/lei_no_2221-2016_para_site.pdf", "ementa": "D\u00e1 denomina\u00e7\u00e3o \u00e0 Rua R, do Jardim dos Ip\u00eas, na forma que especifica."}, {"id": "58", "ano": "2016", "numero": "2220", "tipo__sigla": "LEI", "tipo__descricao": "Lei Ordin\u00e1ria", "texto_integral": "http://sapl.sarandi.pr.leg.br/media/sapl/public/normajuridica/2016/58/lei_no_2220-2016_para_site.pdf", "ementa": "D\u00e1 denomina\u00e7\u00e3o \u00e0 Rua Q, do Jardim dos Ip\u00eas, na forma que especifica."}, {"id": "59", "ano": "2016", "numero": "2219", "tipo__sigla": "LEI", "tipo__descricao": "Lei Ordin\u00e1ria", "texto_integral": "http://sapl.sarandi.pr.leg.br/media/sapl/public/normajuridica/2016/59/lei_no_2219-2016_para_site.pdf", "ementa": "D\u00e1 denomina\u00e7\u00e3o \u00e0 Rua P, do Jardim dos Ip\u00eas, na forma que especifica."}, {"id": "3778", "ano": "2016", "numero": "1", "tipo__sigla": "RES", "tipo__descricao": "Resolu\u00e7\u00e3o", "texto_integral": "http://sapl.sarandi.pr.leg.br/media/./sapl/public/normajuridica/2016/3778/3778_texto_integral.pdf", "ementa": "Altera os anexos I e II da Resolu\u00e7\u00e3o n\u00ba 001/2008, de 04.04.2008 - \"Disp\u00f5e sobre a estrutura organizacional da C\u00e2mara Municipal de Sarandi\", e cria o anexo III, e d\u00e1 outras provid\u00eancias."}, {"id": "5928", "ano": "2016", "numero": "1463", "tipo__sigla": "DE", "tipo__descricao": "Decreto Executivo", "texto_integral": "http://sapl.sarandi.pr.leg.br/media/sapl/public/normajuridica/2016/5928/decreto_executivo_no_1463-2016.pdf", "ementa": "REGULAMENTA A LEI 2197/2015, QUE DISCIPLINA O SERVI\u00c7O DE TRANSPORTE P\u00daBLICO INDIVIDUAL REMUNERADO DE PASSAGEIROS (T\u00c1XI) NO MUNIC\u00cdPIO DE SARANDI, ESTADO DO PARAN\u00c1 E D\u00c1 OUTRAS PROVID\u00caNCIAS."}, {"id": "60", "ano": "2016", "numero": "2218", "tipo__sigla": "LEI", "tipo__descricao": "Lei Ordin\u00e1ria", "texto_integral": "http://sapl.sarandi.pr.leg.br/media/sapl/public/normajuridica/2016/60/lei_no_2218-2016_para_site.pdf", "ementa": "Disp\u00f5e sobre a oferta de internet m\u00f3vel WI-FI nas bibliotecas p\u00fablicas municipais e d\u00e1 outras  provid\u00eancias."}, {"id": "61", "ano": "2016", "numero": "2217", "tipo__sigla": "LEI", "tipo__descricao": "Lei Ordin\u00e1ria", "texto_integral": "http://sapl.sarandi.pr.leg.br/media/sapl/public/normajuridica/2016/61/lei_no_2217-2016_para_site.pdf", "ementa": "Institui, no calend\u00e1rio de Comemora\u00e7\u00f5es Oficiais do Munic\u00edpio, o Dia Municipal do Doador de \u00d3rg\u00e3os e Tecidos."}, {"id": "62", "ano": "2016", "numero": "2216", "tipo__sigla": "LEI", "tipo__descricao": "Lei Ordin\u00e1ria", "texto_integral": "http://sapl.sarandi.pr.leg.br/media/sapl/public/normajuridica/2016/62/lei_no_2216-2016_para_site.pdf", "ementa": "Estabelece normas para a coloca\u00e7\u00e3o de vasos de flores, floreiras, veleiros e similares no cemit\u00e9rio municipal de Sarandi."}, {"id": "63", "ano": "2016", "numero": "2215", "tipo__sigla": "LEI", "tipo__descricao": "Lei Ordin\u00e1ria", "texto_integral": "http://sapl.sarandi.pr.leg.br/media/sapl/public/normajuridica/2016/63/lei_no_2215-2016__para_site.pdf", "ementa": "Altera dispositivos da Lei Municipal n\u00ba 2119/2014, de 24.11.2014, que cria o Programa Amigo Solid\u00e1rio no Munic\u00edpio de Sarandi."}, {"id": "64", "ano": "2016", "numero": "2214", "tipo__sigla": "LEI", "tipo__descricao": "Lei Ordin\u00e1ria", "texto_integral": "http://sapl.sarandi.pr.leg.br/media/sapl/public/normajuridica/2016/64/lei_no_2214-2016_para_site.pdf", "ementa": "Disp\u00f5e sobre a cria\u00e7\u00e3o do programa das escolinhas de futebol no munic\u00edpio, \u201clivro na m\u00e3o, bola no p\u00e9\u201d e da outras provid\u00eancias."}, {"id": "65", "ano": "2016", "numero": "2213", "tipo__sigla": "LEI", "tipo__descricao": "Lei Ordin\u00e1ria", "texto_integral": "http://sapl.sarandi.pr.leg.br/media/sapl/public/normajuridica/2016/65/lei_no_2213-2016_para_site.pdf", "ementa": "D\u00e1 denomina\u00e7\u00e3o \u00e0 Avenida Projetada \u201cB\u201d do Bairro Jardim Oriental como \u201cAvenida Pioneiro Jos\u00e9 Chiarato."}, {"id": "66", "ano": "2016", "numero": "2212", "tipo__sigla": "LEI", "tipo__descricao": "Lei Ordin\u00e1ria", "texto_integral": "http://sapl.sarandi.pr.leg.br/media/sapl/public/normajuridica/2016/66/lei_no_2212-2020_para_site.pdf", "ementa": "D\u00e1 denomina\u00e7\u00e3o \u00e0 Avenida Projetada \u201cA\u201d do Bairro Jardim Oriental como \u201cAvenida Pioneiro Pedro Izidoro do Carmo."}, {"id": "4083", "ano": "2016", "numero": "1", "tipo__sigla": "EDA", "tipo__descricao": "Edital - Audi\u00eancia", "texto_integral": "http://sapl.sarandi.pr.leg.br/media/./sapl/public/normajuridica/2016/4083/4083_texto_integral.pdf", "ementa": "O PRESIDENTE DA C\u00c2MARA MUNICIPAL DE SARANDI, SENHOR BELMIRO DA SILVA FARIAS, NO USO DE SUAS ATRIBUI\u00c7\u00d5ES LEGAIS, E EM ESPECIAL O ARTIGO 9\u00b0 PAR\u00c1GRAFO 4\u00b0, DA LEI COMPLEMENTAR N\u00ba 101/2000, DE 04/05/2000, \"LRF - LEI DE RESPONSABILIDADE FISCAL\". CONVIDA, PARA A \"AUDI\u00caNCIA PUBLICA.\", DE DEMONSTRA\u00c7\u00c3O E AVALIA\u00c7\u00c3O E CUMPRIMENTO DAS METAS FISCAIS DO 3\u00b0 QUADRIMESTRE DE 2015, OU SEJA, DOS MESES DE SETEMBRO, OUTUBRO, NOVEMBRO E DEZEMBRO DE 2015, DO PODER EXECUTIVO MUNICIPAL, DA CAIXA DE APOSENTADORIA E PENS\u00c3O DOS SERVIDORES MUNICIPAIS DE SARANDI - PRESERV, E \u00c1GUAS DE SARANDI - SERVI\u00c7O MUNICIPAL DE SANEAMENTO AMBIENTAL, QUE ACONTECER\u00c1:\r\n\r\nDIA: 24 DE FEVEREIRO DE 2016.\r\n\r\nHOR\u00c1RIO: \u00c0S 18:00 HORAS.\r\n\r\nLOCAL: C\u00c2MARA MUNICIPAL DE SARANDI -AV. MARING\u00c1, 660 - CENTRO."}, {"id": "3744", "ano": "2016", "numero": "15", "tipo__sigla": "POR", "tipo__descricao": "Portaria", "texto_integral": "http://sapl.sarandi.pr.leg.br/media/./sapl/public/normajuridica/2016/3744/3744_texto_integral.pdf", "ementa": "CONCEDE PROGRESS\u00c3O FUNCIONAL AO SERVIDOR ROVILSON JOS\u00c9 ARANTES "}, {"id": "21", "ano": "2016", "numero": "331", "tipo__sigla": "LC", "tipo__descricao": "Lei Complementar", "texto_integral": "http://sapl.sarandi.pr.leg.br/media/sapl/public/normajuridica/2016/21/lei_compl._no_331-2016_para_site.pdf", "ementa": "Extingue e cria cargos e altera artigos e o anexo I do quadro de pessoal de provimento em comiss\u00e3o do PRESERV, da Lei Complementar n\u00ba 264/2011, que \"disp\u00f5e sobre a reestrutura do Regime Pr\u00f3prio de Previd\u00eancia Social do Munic\u00edpio de Sarandi\" e d\u00e1 outras provid\u00eancias."}, {"id": "18", "ano": "2016", "numero": "330", "tipo__sigla": "LC", "tipo__descricao": "Lei Complementar", "texto_integral": "http://sapl.sarandi.pr.leg.br/media/sapl/public/normajuridica/2016/18/lei_compl._no_330-2016__para_site.pdf", "ementa": "Altera o anexo III, item 1, da Lei Complementar n\u00ba 229/2009, que disp\u00f5e sobre o quadro de pessoal da Caixa de Aposentadoria e Pens\u00e3o dos Servidores Municipais de Sarandi - PRESERV, na forma que especifica."}, {"id": "15", "ano": "2016", "numero": "329", "tipo__sigla": "LC", "tipo__descricao": "Lei Complementar", "texto_integral": "http://sapl.sarandi.pr.leg.br/media/sapl/public/normajuridica/2016/15/lei_compl._no_329-2016_para_site.pdf", "ementa": "Disp\u00f5e sobre a altera\u00e7\u00e3o do Anexo I da Lei Complementar n\u00ba 159/2007, de 24 de novembro de 2007, na forma que especifica."}, {"id": "3743", "ano": "2016", "numero": "14", "tipo__sigla": "POR", "tipo__descricao": "Portaria", "texto_integral": "http://sapl.sarandi.pr.leg.br/media/./sapl/public/normajuridica/2016/3743/3743_texto_integral.pdf", "ementa": "NOMEIA E CONCEDE FUN\u00c7\u00c3O GRATIFICADA \u00c0 SERVIDORA, PARA EXERCER A FUN\u00c7\u00c3O DE CHEFIA DOS SERVI\u00c7OS DE LIMPEZA"}, {"id": "3742", "ano": "2016", "numero": "13", "tipo__sigla": "POR", "tipo__descricao": "Portaria", "texto_integral": "http://sapl.sarandi.pr.leg.br/media/./sapl/public/normajuridica/2016/3742/3742_texto_integral.pdf", "ementa": "NOMEIA ASSESSOR LEGISLATIVO DO VEREADOR RAFAEL PSZYBYLSKI "}, {"id": "3741", "ano": "2016", "numero": "12", "tipo__sigla": "POR", "tipo__descricao": "Portaria", "texto_integral": "http://sapl.sarandi.pr.leg.br/media/./sapl/public/normajuridica/2016/3741/3741_texto_integral.pdf", "ementa": "EXONERA ASSESSOR LEGISLATIVO DO VEREADOR RAFAEL PSZYBYLSKI"}, {"id": "67", "ano": "2016", "numero": "2211", "tipo__sigla": "LEI", "tipo__descricao": "Lei Ordin\u00e1ria", "texto_integral": "http://sapl.sarandi.pr.leg.br/media/sapl/public/normajuridica/2016/67/lei_no_2211-2016_para_site.pdf", "ementa": "Disp\u00f5e sobre a altera\u00e7\u00e3o da Lei n\u00ba 2128/2014 \u2013  que disp\u00f5e sobre a Pol\u00edtica Municipal dos Direitos da Crian\u00e7a e do Adolescente, na forma que especifica."}, {"id": "3740", "ano": "2016", "numero": "11", "tipo__sigla": "POR", "tipo__descricao": "Portaria", "texto_integral": "http://sapl.sarandi.pr.leg.br/media/./sapl/public/normajuridica/2016/3740/3740_texto_integral.pdf", "ementa": "CONCEDE REPOSI\u00c7\u00c3O SALARIAL AOS SERVIDORES DA C\u00c2MARA"}, {"id": "69", "ano": "2016", "numero": "2210", "tipo__sigla": "LEI", "tipo__descricao": "Lei Ordin\u00e1ria", "texto_integral": "http://sapl.sarandi.pr.leg.br/media/sapl/public/normajuridica/2016/69/lei_no_2210-2016_para_site.pdf", "ementa": "Autoriza o Chefe do Poder Executivo Municipal a conceder reposi\u00e7\u00e3o salarial, na forma que especifica."}, {"id": "70", "ano": "2016", "numero": "2209", "tipo__sigla": "LEI", "tipo__descricao": "Lei Ordin\u00e1ria", "texto_integral": "http://sapl.sarandi.pr.leg.br/media/sapl/public/normajuridica/2016/70/lei_no_2209-2016_para_site.pdf", "ementa": "Autoriza o Chefe do Poder Executivo Municipal a fixar piso m\u00ednimo de vencimentos dos Servidores P\u00fablicos Municipais de Sarandi e d\u00e1 outras provid\u00eancias."}, {"id": "71", "ano": "2016", "numero": "2208", "tipo__sigla": "LEI", "tipo__descricao": "Lei Ordin\u00e1ria", "texto_integral": "http://sapl.sarandi.pr.leg.br/media/sapl/public/normajuridica/2016/71/lei_no_2208-2016_para_site.pdf", "ementa": "Disp\u00f5e sobre a atualiza\u00e7\u00e3o monet\u00e1ria dos subs\u00eddios dos Vereadores, na forma que especifica."}, {"id": "72", "ano": "2016", "numero": "2207", "tipo__sigla": "LEI", "tipo__descricao": "Lei Ordin\u00e1ria", "texto_integral": "http://sapl.sarandi.pr.leg.br/media/sapl/public/normajuridica/2016/72/lei_no_2207-2016_para_site.pdf", "ementa": "Disp\u00f5e sobre a atualiza\u00e7\u00e3o monet\u00e1ria dos subs\u00eddios do Prefeito, Vice-Prefeito e dos Secret\u00e1rios Municipais, na forma que especifica."}, {"id": "3739", "ano": "2016", "numero": "10", "tipo__sigla": "POR", "tipo__descricao": "Portaria", "texto_integral": "http://sapl.sarandi.pr.leg.br/media/./sapl/public/normajuridica/2016/3739/3739_texto_integral.pdf", "ementa": "HOMOLOGA RESULTADO DA ELEI\u00c7\u00c3O DAS COMISS\u00d5ES PERMANENTES"}, {"id": "3738", "ano": "2016", "numero": "9", "tipo__sigla": "POR", "tipo__descricao": "Portaria", "texto_integral": "http://sapl.sarandi.pr.leg.br/media/./sapl/public/normajuridica/2016/3738/3738_texto_integral.pdf", "ementa": "CONCEDE PROGRESS\u00c3O FUNCIONAL \u00c0 SERVIDORA EDITE NUNES DA SILVA "}, {"id": "3737", "ano": "2016", "numero": "8", "tipo__sigla": "POR", "tipo__descricao": "Portaria", "texto_integral": "http://sapl.sarandi.pr.leg.br/media/./sapl/public/normajuridica/2016/3737/3737_texto_integral.pdf", "ementa": "CONCEDE PROGRESS\u00c3O FUNCIONAL AO SERVIDOR DALVECIR APARECIDO BONORA"}, {"id": "3736", "ano": "2016", "numero": "7", "tipo__sigla": "POR", "tipo__descricao": "Portaria", "texto_integral": "http://sapl.sarandi.pr.leg.br/media/sapl/public/normajuridica/2016/3736/portaria_n_0007-2016.pdf", "ementa": "NOMEIA ASSESSOR LEGISLATIVO DO VEREADOR JOS\u00c9 ROBERTO GRAVA"}, {"id": "3735", "ano": "2016", "numero": "6", "tipo__sigla": "POR", "tipo__descricao": "Portaria", "texto_integral": "http://sapl.sarandi.pr.leg.br/media/./sapl/public/normajuridica/2016/3735/3735_texto_integral.pdf", "ementa": "NOMEIA FISCAL E CONTROLADORA DE CONTRATOS, E CONCEDE FUN\u00c7\u00c3O GRATIFICADA \u00c0 MESMA"}, {"id": "3734", "ano": "2016", "numero": "5", "tipo__sigla": "POR", "tipo__descricao": "Portaria", "texto_integral": "http://sapl.sarandi.pr.leg.br/media/./sapl/public/normajuridica/2016/3734/3734_texto_integral.pdf", "ementa": "CONCEDE FUN\u00c7\u00c3O GRATIFICADA \u00c0 SERVIDORES QUE COMP\u00d5EM A COMISS\u00c3O ESPECIAL DE RECEBIMENTO DE BENS PATRIMONIAIS"}, {"id": "3733", "ano": "2016", "numero": "4", "tipo__sigla": "POR", "tipo__descricao": "Portaria", "texto_integral": "http://sapl.sarandi.pr.leg.br/media/./sapl/public/normajuridica/2016/3733/3733_texto_integral.pdf", "ementa": "CONCEDE FUN\u00c7\u00c3O GRATIFICADA \u00c0 SERVIDORES QUE COMP\u00d5EM A COMISS\u00c3O PERMANENTE DE LICITA\u00c7\u00d5ES"}, {"id": "3732", "ano": "2016", "numero": "3", "tipo__sigla": "POR", "tipo__descricao": "Portaria", "texto_integral": "http://sapl.sarandi.pr.leg.br/media/./sapl/public/normajuridica/2016/3732/3732_texto_integral.pdf", "ementa": "NOMEIA A COMISS\u00c3O DE CONTROLE ESPECIAL DE RECEBIMENTO DE BENS PATRIMONIAIS "}, {"id": "3731", "ano": "2016", "numero": "2", "tipo__sigla": "POR", "tipo__descricao": "Portaria", "texto_integral": "http://sapl.sarandi.pr.leg.br/media/./sapl/public/normajuridica/2016/3731/3731_texto_integral.pdf", "ementa": "NOMEIA SERVIDORES PARA COMPOREM A COMISS\u00c3O PERMANENTE DE LICITA\u00c7\u00d5ES"}, {"id": "3730", "ano": "2016", "numero": "1", "tipo__sigla": "POR", "tipo__descricao": "Portaria", "texto_integral": "http://sapl.sarandi.pr.leg.br/media/./sapl/public/normajuridica/2016/3730/3730_texto_integral.pdf", "ementa": "EXONERA ASSESSOR LEGISLATIVO DO VEREADOR JOS\u00c9 ROBERTO GRAVA"}, {"id": "5792", "ano": "2015", "numero": "1365", "tipo__sigla": "DE", "tipo__descricao": "Decreto Executivo", "texto_integral": "http://sapl.sarandi.pr.leg.br/media/sapl/public/normajuridica/2015/5792/decreto_executivo_1365-2015.pdf", "ementa": "CONSTITUI A COMISS\u00c3O MUNICIPAL DE ENFRENTAMENTO DAS VIOL\u00caNCIAS CONTRA CRIAN\u00c7AS E ADOLESCENTES E D\u00c1 OUTRAS PROVID\u00caNCIAS."}, {"id": "73", "ano": "2015", "numero": "2206", "tipo__sigla": "LEI", "tipo__descricao": "Lei Ordin\u00e1ria", "texto_integral": "http://sapl.sarandi.pr.leg.br/media/sapl/public/normajuridica/2015/73/lei_no_2206-2015_para_site.pdf", "ementa": "Disp\u00f5e sobre Transposi\u00e7\u00e3o Or\u00e7ament\u00e1ria do Poder Legislativo para o Poder Executivo, na forma que especifica."}, {"id": "3883", "ano": "2015", "numero": "328", "tipo__sigla": "LC", "tipo__descricao": "Lei Complementar", "texto_integral": "http://sapl.sarandi.pr.leg.br/media/sapl/public/normajuridica/2015/3883/lei_compl._no_328-2015_para_site.pdf", "ementa": "Disp\u00f5e sobre altera\u00e7\u00f5es na Estrutura Administrativa do Munic\u00edpio, criada atrav\u00e9s da Lei Complementar n\u00ba 115/2005, de 27 de maio de 2005, na forma que especifica."}, {"id": "34", "ano": "2015", "numero": "5", "tipo__sigla": "RES", "tipo__descricao": "Resolu\u00e7\u00e3o", "texto_integral": "http://sapl.sarandi.pr.leg.br/media/sapl/public/normajuridica/2015/34/res._no_0005-2015.pdf", "ementa": "Altera Vencimento Inicial de Cargos do Grupo Ocupacional Administrativo, constantes dos Anexos III e IV da Resolu\u00e7\u00e3o n\u00ba 004/94, de 29.121994, e d\u00e1 outras provid\u00eancias."}, {"id": "3729", "ano": "2015", "numero": "69", "tipo__sigla": "POR", "tipo__descricao": "Portaria", "texto_integral": "http://sapl.sarandi.pr.leg.br/media/sapl/public/normajuridica/2015/3729/portaria_n_0069-2015.pdf", "ementa": "CONCEDE PROGRESS\u00c3O FUNCIONAL A SERVIDOR"}, {"id": "3", "ano": "2015", "numero": "6", "tipo__sigla": "DL", "tipo__descricao": "Decreto Legislativo", "texto_integral": "http://sapl.sarandi.pr.leg.br/media/./sapl/public/normajuridica/2015/3/3_texto_integral.pdf", "ementa": "Outorga T\u00edtulo Honor\u00edfico ao Exmo. Sr. Doutor Miguel Kfouri Neto, e d\u00e1 outras provid\u00eancias."}, {"id": "2", "ano": "2015", "numero": "5", "tipo__sigla": "DL", "tipo__descricao": "Decreto Legislativo", "texto_integral": "http://sapl.sarandi.pr.leg.br/media/./sapl/public/normajuridica/2015/2/2_texto_integral.pdf", "ementa": "Outorga T\u00edtulo Benem\u00e9rito ao Exmo. Sr. Dr. Adelino Garb\u00faggio e d\u00e1 outras provid\u00eancias."}, {"id": "74", "ano": "2015", "numero": "2205", "tipo__sigla": "LEI", "tipo__descricao": "Lei Ordin\u00e1ria", "texto_integral": "http://sapl.sarandi.pr.leg.br/media/sapl/public/normajuridica/2015/74/lei_no_2205-2015__para_site.pdf", "ementa": "Autoriza o Poder Executivo a transferir recursos financeiros para a Autarquia \u00c1guas de Sarandi, na forma que especifica."}, {"id": "75", "ano": "2015", "numero": "2204", "tipo__sigla": "LEI", "tipo__descricao": "Lei Ordin\u00e1ria", "texto_integral": "http://sapl.sarandi.pr.leg.br/media/sapl/public/normajuridica/2015/75/lei_no_2204-2015_para_site.pdf", "ementa": "Autoriza o Poder Executivo a transferir recursos financeiros para a Autarquia \u00c1guas de Sarandi, na forma que especifica."}, {"id": "3882", "ano": "2015", "numero": "327", "tipo__sigla": "LC", "tipo__descricao": "Lei Complementar", "texto_integral": "http://sapl.sarandi.pr.leg.br/media/sapl/public/normajuridica/2015/3882/lei_compl._no_327-2015__para_site.pdf", "ementa": "Disp\u00f5e sobre a altera\u00e7\u00e3o do Anexo I da Lei Complementar n\u00ba 159/2007, de 24 de novembro de 2007, na forma que especifica."}, {"id": "3866", "ano": "2015", "numero": "326", "tipo__sigla": "LC", "tipo__descricao": "Lei Complementar", "texto_integral": "http://sapl.sarandi.pr.leg.br/media/sapl/public/normajuridica/2015/3866/lei_compl._no_326-2015__para_site.pdf", "ementa": "Disp\u00f5e sobre a altera\u00e7\u00e3o do Anexo I, da Lei Complementar n\u00ba 159/2007, de 24 de novembro de 2007, e d\u00e1 outras provid\u00eancias."}, {"id": "3881", "ano": "2015", "numero": "325", "tipo__sigla": "LC", "tipo__descricao": "Lei Complementar", "texto_integral": "http://sapl.sarandi.pr.leg.br/media/sapl/public/normajuridica/2015/3881/lei_compl._no_325-2015__para_site.pdf", "ementa": "Disp\u00f5e sobre altera\u00e7\u00f5es na Estrutura Administrativa do Munic\u00edpio, criada atrav\u00e9s da Lei Complementar n\u00ba 115/2005, de 27 de maio de 2005, na forma que especifica."}, {"id": "3880", "ano": "2015", "numero": "324", "tipo__sigla": "LC", "tipo__descricao": "Lei Complementar", "texto_integral": "http://sapl.sarandi.pr.leg.br/media/sapl/public/normajuridica/2015/3880/lei_compl._no_324-2015_para_site.pdf", "ementa": "Acrescenta os par\u00e1grafos 2\u00ba e 3\u00ba ao artigo 5\u00ba da Lei Complementar n\u00ba 309/14, de 30 de setembro de 2014, na forma que especifica."}, {"id": "3728", "ano": "2015", "numero": "68", "tipo__sigla": "POR", "tipo__descricao": "Portaria", "texto_integral": "http://sapl.sarandi.pr.leg.br/media/sapl/public/normajuridica/2015/3728/portaria_n_0068-2015.pdf", "ementa": "TORNA P\u00daBLICO O RECESSO LEGISLATIVO"}, {"id": "3727", "ano": "2015", "numero": "67", "tipo__sigla": "POR", "tipo__descricao": "Portaria", "texto_integral": "http://sapl.sarandi.pr.leg.br/media/sapl/public/normajuridica/2015/3727/portaria_n_0067-2015.pdf", "ementa": "NOMEIA SERVIDOR PARA O QUADRO DE PESSOAL EFETIVO"}, {"id": "76", "ano": "2015", "numero": "2203", "tipo__sigla": "LEI", "tipo__descricao": "Lei Ordin\u00e1ria", "texto_integral": "http://sapl.sarandi.pr.leg.br/media/sapl/public/normajuridica/2015/76/lei_no_2203-2015_para_site.pdf", "ementa": "Estima a Receita e fixa a Despesa do Munic\u00edpio de Sarandi para o exerc\u00edcio de 2016, na forma que especifica."}, {"id": "77", "ano": "2015", "numero": "2202", "tipo__sigla": "LEI", "tipo__descricao": "Lei Ordin\u00e1ria", "texto_integral": "http://sapl.sarandi.pr.leg.br/media/sapl/public/normajuridica/2015/77/lei_no_2202-2015__para_site.pdf", "ementa": "Disp\u00f5e sobre a altera\u00e7\u00e3o do Anexo de Metas e Prioridades da Lei de Diretrizes Or\u00e7ament\u00e1rias - LDO de 2016, na forma que especifica."}, {"id": "78", "ano": "2015", "numero": "2201", "tipo__sigla": "LEI", "tipo__descricao": "Lei Ordin\u00e1ria", "texto_integral": "http://sapl.sarandi.pr.leg.br/media/sapl/public/normajuridica/2015/78/lei_no_2201-2015_para_site.pdf", "ementa": "Disp\u00f5e sobre a altera\u00e7\u00e3o dos Anexos do PPA-Plano Plurianual do Munic\u00edpio de Sarandi do quadri\u00eanio 2014 a 2017, na forma que especifica."}, {"id": "3726", "ano": "2015", "numero": "66", "tipo__sigla": "POR", "tipo__descricao": "Portaria", "texto_integral": "http://sapl.sarandi.pr.leg.br/media/sapl/public/normajuridica/2015/3726/portaria_n_0066-2015.pdf", "ementa": "EXONERA CHEFE DE DIVIS\u00c3O"}, {"id": "4751", "ano": "2015", "numero": "2200", "tipo__sigla": "LEI", "tipo__descricao": "Lei Ordin\u00e1ria", "texto_integral": "http://sapl.sarandi.pr.leg.br/media/sapl/public/normajuridica/2015/4751/lei_no_2200-2015__para_site.pdf", "ementa": "Cria a campanha permanente \u201cQuebrando o Sil\u00eancio\u201d sobre o combate a pedofilia e explora\u00e7\u00e3o sexual contra crian\u00e7as e adolescentes, viol\u00eancia contra a mulher e idosos veiculados em \u00f4nibus, transportes alternativos, taxis e toda frota de ve\u00edculos do munic\u00edpio e d\u00e1 outras provid\u00eancias."}, {"id": "4750", "ano": "2015", "numero": "2199", "tipo__sigla": "LEI", "tipo__descricao": "Lei Ordin\u00e1ria", "texto_integral": "http://sapl.sarandi.pr.leg.br/media/sapl/public/normajuridica/2015/4750/lei_no_2199-2015_para_site.pdf", "ementa": "Disp\u00f5e sobre a cria\u00e7\u00e3o do Programa Social de Apoio e Atendimento \u00e0 Crian\u00e7a e ao Adolescente denominado Guarda Mirim Municipal e d\u00e1 outras providencias."}, {"id": "4465", "ano": "2015", "numero": "2198", "tipo__sigla": "LEI", "tipo__descricao": "Lei Ordin\u00e1ria", "texto_integral": "http://sapl.sarandi.pr.leg.br/media/sapl/public/normajuridica/2015/4465/lei_no_2198-2015__para_site.pdf", "ementa": "Disp\u00f5e sobre a execu\u00e7\u00e3o do servi\u00e7o privado de utilidade p\u00fablica de transporte escolar coletivo remunerado (Transporte Escolar Privado) no Munic\u00edpio de Sarandi, Estado do Paran\u00e1 e d\u00e1 outras provid\u00eancias."}, {"id": "4451", "ano": "2015", "numero": "2197", "tipo__sigla": "LEI", "tipo__descricao": "Lei Ordin\u00e1ria", "texto_integral": "http://sapl.sarandi.pr.leg.br/media/sapl/public/normajuridica/2015/4451/lei_no_2197-2015_para_site.pdf", "ementa": "Disp\u00f5e sobre a execu\u00e7\u00e3o do Servi\u00e7o de Transporte P\u00fablico individual remunerado de passageiros (t\u00e1xi) no munic\u00edpio de Sarandi, Estado do Paran\u00e1 e d\u00e1 outras provid\u00eancias."}, {"id": "4706", "ano": "2015", "numero": "2196", "tipo__sigla": "LEI", "tipo__descricao": "Lei Ordin\u00e1ria", "texto_integral": "http://sapl.sarandi.pr.leg.br/media/sapl/public/normajuridica/2015/4706/lei_no_2196-2015_para_site.pdf", "ementa": "Disp\u00f5e sobre a abertura de Cr\u00e9dito Adicional Especial, na forma que especifica."}, {"id": "4748", "ano": "2015", "numero": "2195", "tipo__sigla": "LEI", "tipo__descricao": "Lei Ordin\u00e1ria", "texto_integral": "http://sapl.sarandi.pr.leg.br/media/sapl/public/normajuridica/2015/4748/lei_no_2195-2015_para_site.pdf", "ementa": "Regulamenta a realiza\u00e7\u00e3o de feiras ou eventos similares no Munic\u00edpio de Sarandi e d\u00e1 outras provid\u00eancias."}, {"id": "4749", "ano": "2015", "numero": "2194", "tipo__sigla": "LEI", "tipo__descricao": "Lei Ordin\u00e1ria", "texto_integral": "http://sapl.sarandi.pr.leg.br/media/sapl/public/normajuridica/2015/4749/lei_no_2194-2015_para_site.pdf", "ementa": "Autoriza o Poder Executivo Municipal a Firmar Termo de Coopera\u00e7\u00e3o Financeira visando o repasse de verba para a Associa\u00e7\u00e3o Comercial e Empresarial de Sarandi - ACIS, na forma que especifica"}, {"id": "4747", "ano": "2015", "numero": "2193", "tipo__sigla": "LEI", "tipo__descricao": "Lei Ordin\u00e1ria", "texto_integral": "http://sapl.sarandi.pr.leg.br/media/sapl/public/normajuridica/2015/4747/lei_no_2193-2015__para_site.pdf", "ementa": "Proibi\u00e7\u00e3o de vendas e criadouros clandestinos de c\u00e3es e gatos."}, {"id": "4746", "ano": "2015", "numero": "2192", "tipo__sigla": "LEI", "tipo__descricao": "Lei Ordin\u00e1ria", "texto_integral": "http://sapl.sarandi.pr.leg.br/media/sapl/public/normajuridica/2015/4746/lei_no_2192-2015_para_site.pdf", "ementa": "Disp\u00f5e sobre a cria\u00e7\u00e3o da Semana do Idoso e d\u00e1 outras provid\u00eancias."}, {"id": "4745", "ano": "2015", "numero": "2191", "tipo__sigla": "LEI", "tipo__descricao": "Lei Ordin\u00e1ria", "texto_integral": "http://sapl.sarandi.pr.leg.br/media/sapl/public/normajuridica/2015/4745/lei_no_2191-2015__para_site.pdf", "ementa": "Disp\u00f5e sobre a cria\u00e7\u00e3o do m\u00eas de Conscientiza\u00e7\u00e3o da Prote\u00e7\u00e3o Animal."}, {"id": "4744", "ano": "2015", "numero": "2190", "tipo__sigla": "LEI", "tipo__descricao": "Lei Ordin\u00e1ria", "texto_integral": "http://sapl.sarandi.pr.leg.br/media/sapl/public/normajuridica/2015/4744/lei_no_2190-2015__para_site.pdf", "ementa": "Cria Disk Den\u00fancia contra Abandono e Maus Tratos de Animais e d\u00e1 outras provid\u00eancias."}, {"id": "4705", "ano": "2015", "numero": "2189", "tipo__sigla": "LEI", "tipo__descricao": "Lei Ordin\u00e1ria", "texto_integral": "http://sapl.sarandi.pr.leg.br/media/sapl/public/normajuridica/2015/4705/lei_no_2189-2015__para_site.pdf", "ementa": "Institui o C\u00f3digo Disciplinar da Guarda Municipal de Sarandi e d\u00e1 outras provid\u00eancias."}, {"id": "4743", "ano": "2015", "numero": "2188", "tipo__sigla": "LEI", "tipo__descricao": "Lei Ordin\u00e1ria", "texto_integral": "http://sapl.sarandi.pr.leg.br/media/sapl/public/normajuridica/2015/4743/lei_no_2188-2015__para_site.pdf", "ementa": "Disp\u00f5e sobre a institui\u00e7\u00e3o dos Jogos Municipais da Terceira Idade na Cidade de Sarandi."}, {"id": "4742", "ano": "2015", "numero": "2187", "tipo__sigla": "LEI", "tipo__descricao": "Lei Ordin\u00e1ria", "texto_integral": "http://sapl.sarandi.pr.leg.br/media/sapl/public/normajuridica/2015/4742/lei_no_2187-2015_para_site.pdf", "ementa": "Institui, na rede p\u00fablica municipalizada do Sistema \u00danico de Sa\u00fade (SUS), a obrigatoriedade da disponibiliza\u00e7\u00e3o do exame de dosagem s\u00e9rica do ant\u00edgeno prost\u00e1tico espec\u00edfico (PSA) a todo cidad\u00e3o com mais de 40 (quarenta) anos de idade e d\u00e1 outras provid\u00eancias."}, {"id": "4076", "ano": "2015", "numero": "2186", "tipo__sigla": "LEI", "tipo__descricao": "Lei Ordin\u00e1ria", "texto_integral": "http://sapl.sarandi.pr.leg.br/media/sapl/public/normajuridica/2015/4076/lei_no_2186-2015_para_site.pdf", "ementa": "Altera a denomina\u00e7\u00e3o da Rua Araguaia do Jardim Real, na forma que especifica."}, {"id": "4741", "ano": "2015", "numero": "2185", "tipo__sigla": "LEI", "tipo__descricao": "Lei Ordin\u00e1ria", "texto_integral": "http://sapl.sarandi.pr.leg.br/media/sapl/public/normajuridica/2015/4741/lei_no_2185-2015__para_site.pdf", "ementa": "D\u00e1 denomina\u00e7\u00e3o \u00e0 Avenida Projetada \"A\" dos Jardins Ouro Verde III e IV, na forma que especifica."}, {"id": "3879", "ano": "2015", "numero": "323", "tipo__sigla": "LC", "tipo__descricao": "Lei Complementar", "texto_integral": "http://sapl.sarandi.pr.leg.br/media/sapl/public/normajuridica/2015/3879/lei_compl._no_323-2015__para_site.pdf", "ementa": "Cria cargos de provimento efetivo, na forma que especifica."}, {"id": "3878", "ano": "2015", "numero": "322", "tipo__sigla": "LC", "tipo__descricao": "Lei Complementar", "texto_integral": "http://sapl.sarandi.pr.leg.br/media/sapl/public/normajuridica/2015/3878/lei_compl._no_322-2015__para_site.pdf", "ementa": "Acrescenta o Cap\u00edtulo III-A \"Da outorga onerosa do direito de construir\" \u00e0 Lei Complementar n\u00ba 216/2009 - \"C\u00f3digo de Edifica\u00e7\u00f5es\", na forma que especifica."}, {"id": "3725", "ano": "2015", "numero": "65", "tipo__sigla": "POR", "tipo__descricao": "Portaria", "texto_integral": "http://sapl.sarandi.pr.leg.br/media/sapl/public/normajuridica/2015/3725/portaria_n_0065-2015.pdf", "ementa": "NOMEIA ASSESSOR PARLAMENTAR"}, {"id": "43", "ano": "2015", "numero": "4", "tipo__sigla": "RES", "tipo__descricao": "Resolu\u00e7\u00e3o", "texto_integral": "http://sapl.sarandi.pr.leg.br/media/./sapl/public/normajuridica/2015/43/43_texto_integral.pdf", "ementa": "Acrescenta Par\u00e1grafo \u00danico ao Art. 70 da Resolu\u00e7\u00e3o n\u00ba 002/92, de 04.12.1992, na forma que especifica."}, {"id": "5891", "ano": "2015", "numero": "1297", "tipo__sigla": "DE", "tipo__descricao": "Decreto Executivo", "texto_integral": "http://sapl.sarandi.pr.leg.br/media/sapl/public/normajuridica/2015/5891/decreto_executivo_no_1297-2015.pdf", "ementa": "REGULAMENTA A LEI 2.179, DE 28 DE SETEMBRO DE 2015, QUE CRIA A DECLARA\u00c7\u00c3O MENSAL DE SERVI\u00c7OS DE INSTITUI\u00c7\u00d5ES FINANCEIRAS \u2013 DESIF, NA FORMA QUE ESPECIFICA."}, {"id": "3724", "ano": "2015", "numero": "64", "tipo__sigla": "POR", "tipo__descricao": "Portaria", "texto_integral": "http://sapl.sarandi.pr.leg.br/media/sapl/public/normajuridica/2015/3724/portaria_n_0064-2015.pdf", "ementa": "EXONERA ASSESSOR PARLAMENTAR"}, {"id": "4041", "ano": "2015", "numero": "2", "tipo__sigla": "ATP", "tipo__descricao": "Ato da Presid\u00eancia", "texto_integral": "http://sapl.sarandi.pr.leg.br/media/./sapl/public/normajuridica/2015/4041/4041_texto_integral.pdf", "ementa": "Reintegra Vereador Licenciado ao Cargo."}, {"id": "3723", "ano": "2015", "numero": "63", "tipo__sigla": "POR", "tipo__descricao": "Portaria", "texto_integral": "http://sapl.sarandi.pr.leg.br/media/sapl/public/normajuridica/2015/3723/portaria_n_0063-2015.pdf", "ementa": "CONCEDE PROGRESS\u00c3O FUNCIONAL A SERVIDOR"}, {"id": "4753", "ano": "2015", "numero": "2184", "tipo__sigla": "LEI", "tipo__descricao": "Lei Ordin\u00e1ria", "texto_integral": "http://sapl.sarandi.pr.leg.br/media/sapl/public/normajuridica/2015/4753/lei_no_2184-2015_para_site.pdf", "ementa": "Reconhece e declara de utilidade p\u00fablica a ASSOCIARTES, na forma que especifica."}, {"id": "4759", "ano": "2015", "numero": "2183", "tipo__sigla": "LEI", "tipo__descricao": "Lei Ordin\u00e1ria", "texto_integral": "http://sapl.sarandi.pr.leg.br/media/sapl/public/normajuridica/2015/4759/lei_no_2183-2015__para_site.pdf", "ementa": "Autoriza o Executivo Municipal a ampliar o Fundo Rotativo Municipal, atrav\u00e9s do repasse bimestral de recursos financeiros aos Estabelecimentos de Ensino da Rede Municipal e d\u00e1 outras provid\u00eancias."}, {"id": "3877", "ano": "2015", "numero": "321", "tipo__sigla": "LC", "tipo__descricao": "Lei Complementar", "texto_integral": "http://sapl.sarandi.pr.leg.br/media/sapl/public/normajuridica/2015/3877/lei_compl._no_321-2015__para_site.pdf", "ementa": "Inclui Avenida no Eixo de Com\u00e9rcio e Servi\u00e7os-1 (ECS/1), na forma que especifica."}, {"id": "3722", "ano": "2015", "numero": "62", "tipo__sigla": "POR", "tipo__descricao": "Portaria", "texto_integral": "http://sapl.sarandi.pr.leg.br/media/sapl/public/normajuridica/2015/3722/portaria_n_0062-2015.pdf", "ementa": "NOMEIA SERVIDOR PARA O QUADRO DE PESSOAL EFETIVO"}, {"id": "3721", "ano": "2015", "numero": "61", "tipo__sigla": "POR", "tipo__descricao": "Portaria", "texto_integral": "http://sapl.sarandi.pr.leg.br/media/sapl/public/normajuridica/2015/3721/portaria_n_0061-2015.pdf", "ementa": "NOMEIA SERVIDOR PARA O QUADRO DE PESSOAL EFETIVO"}, {"id": "3720", "ano": "2015", "numero": "60", "tipo__sigla": "POR", "tipo__descricao": "Portaria", "texto_integral": "http://sapl.sarandi.pr.leg.br/media/sapl/public/normajuridica/2015/3720/portaria_n_0060-2015.pdf", "ementa": "NOMEIA SERVIDOR PARA O QUADRO DE PESSOAL EFETIVO"}, {"id": "3719", "ano": "2015", "numero": "59", "tipo__sigla": "POR", "tipo__descricao": "Portaria", "texto_integral": "http://sapl.sarandi.pr.leg.br/media/sapl/public/normajuridica/2015/3719/portaria_n_0059-2015.pdf", "ementa": "NOMEIA CONTROLADOR INTERNO"}, {"id": "3718", "ano": "2015", "numero": "58", "tipo__sigla": "POR", "tipo__descricao": "Portaria", "texto_integral": "http://sapl.sarandi.pr.leg.br/media/sapl/public/normajuridica/2015/3718/portaria_58.pdf", "ementa": "EXONERA CONTROLADOR INTERNO"}, {"id": "4087", "ano": "2015", "numero": "5", "tipo__sigla": "EDA", "tipo__descricao": "Edital - Audi\u00eancia", "texto_integral": "http://sapl.sarandi.pr.leg.br/media/./sapl/public/normajuridica/2015/4087/4087_texto_integral.pdf", "ementa": "O PRESIDENTE DA C\u00c2MARA MUNICIPAL DE SARANDI, SENHOR BELMIRO DA SILVA FARIAS, NO USO DE SUAS ATRIBUI\u00c7\u00d5ES LEGAIS, E EM ESPECIAL O ARTIGO 9\u00b0 PAR\u00c1GRAFO 4\u00ba, DA LEI COMPLEMENTAR N\u00ba 101/2000, DE 04/05/2000, \"LRF - LEI DE RESPONSABILIDADE FISCAL\", E CONVIDA, PARA A, \"AUDI\u00caNCIA PUBLICA\", DE DEMONSTRA\u00c7\u00c3O E AVALIA\u00c7\u00c3O E CUMPRIMENTO DAS METAS FISCAIS DO 2\u00b0 QUADRIMESTRE DE 2015, OU SEJA, DOS MESES DE MAIO, JUNHO, JULHO E AGOSTO DE 2015, DO PODER EXECUTIVO MUNICIPAL, DA CAIXA DE APOSENTADORIA E PENS\u00c3O DOS SERVIDORES MUNICIPAIS DE SARANDI - PRESERV, E \u00c1GUAS DE SARANDI - SERVI\u00c7O MUNICIPAL DE SANEAMENTO AMBIENTAL. QUE ACONTECER\u00c1:\r\n\r\nDIA: 30 DE SETEMBRO DE 2015.\r\n\r\nHOR\u00c1RIO: \u00c0S 18:00 HORAS.\r\n\r\nLOCAL: C\u00c2MARA MUNICIPAL DE SARANDI-AV. MARING\u00c1, 660 - CENTRO."}, {"id": "4760", "ano": "2015", "numero": "2182", "tipo__sigla": "LEI", "tipo__descricao": "Lei Ordin\u00e1ria", "texto_integral": "http://sapl.sarandi.pr.leg.br/media/sapl/public/normajuridica/2015/4760/lei_no_2182-2015_para_site.pdf", "ementa": "Altera dispositivo da Lei n\u00ba 913/2001, na forma que especifica."}, {"id": "4757", "ano": "2015", "numero": "2181", "tipo__sigla": "LEI", "tipo__descricao": "Lei Ordin\u00e1ria", "texto_integral": "http://sapl.sarandi.pr.leg.br/media/sapl/public/normajuridica/2015/4757/lei_no_2181-2015_para_site.pdf", "ementa": "Institui a \u201cSEMANA MUNICIPAL DE PREVEN\u00c7\u00c3O E COMBATE \u00c0 VIOL\u00caNCIA\u201d e d\u00e1 outras provid\u00eancias."}, {"id": "701", "ano": "2015", "numero": "2180", "tipo__sigla": "LEI", "tipo__descricao": "Lei Ordin\u00e1ria", "texto_integral": "http://sapl.sarandi.pr.leg.br/media/sapl/public/normajuridica/2015/701/lei_no_2180-2015__para_site.pdf", "ementa": "Reconhece e declara de utilidade p\u00fablica APMF COL\u00c9GIO ESTADUAL JARDIM UNIVERSIT\u00c1RIO, na forma que especifica."}, {"id": "699", "ano": "2015", "numero": "2179", "tipo__sigla": "LEI", "tipo__descricao": "Lei Ordin\u00e1ria", "texto_integral": "http://sapl.sarandi.pr.leg.br/media/sapl/public/normajuridica/2015/699/lei_no_2179-2015_para_site.pdf", "ementa": "Cria a Declara\u00e7\u00e3o Mensal de Servi\u00e7os de Institui\u00e7\u00f5es Financeiras \u2013 DESIF, e d\u00e1 outras provid\u00eancias."}, {"id": "3717", "ano": "2015", "numero": "57", "tipo__sigla": "POR", "tipo__descricao": "Portaria", "texto_integral": "http://sapl.sarandi.pr.leg.br/media/sapl/public/normajuridica/2015/3717/portaria_n_0057-2015.pdf", "ementa": "NOMEIA COMISS\u00c3O PERMANENTE DE REVIS\u00c3O. REAVALIA\u00c7\u00c3O E DETERIORA\u00c7\u00c3O DE BENS M\u00d3VEIS E IM\u00d3VEIS"}, {"id": "3716", "ano": "2015", "numero": "56", "tipo__sigla": "POR", "tipo__descricao": "Portaria", "texto_integral": "http://sapl.sarandi.pr.leg.br/media/sapl/public/normajuridica/2015/3716/portaria_n_0056-2015.pdf", "ementa": "CONCEDE GRATIFICA\u00c7\u00c3O DE PERICULOSIDADE A SERVIDORES"}, {"id": "3715", "ano": "2015", "numero": "55", "tipo__sigla": "POR", "tipo__descricao": "Portaria", "texto_integral": "http://sapl.sarandi.pr.leg.br/media/sapl/public/normajuridica/2015/3715/portaria_n_0055-2015.pdf", "ementa": "EXONERA SERVIDOR, OFICIAL DE SERVI\u00c7OS GERAIS"}, {"id": "698", "ano": "2015", "numero": "2178", "tipo__sigla": "LEI", "tipo__descricao": "Lei Ordin\u00e1ria", "texto_integral": "http://sapl.sarandi.pr.leg.br/media/sapl/public/normajuridica/2015/698/lei_no_2178-2015_para_site.pdf", "ementa": "Disp\u00f5e sobre Transposi\u00e7\u00e3o Or\u00e7ament\u00e1ria do Poder Legislativo para o Poder Executivo, na forma que especifica."}, {"id": "5582", "ano": "2015", "numero": "1201", "tipo__sigla": "DE", "tipo__descricao": "Decreto Executivo", "texto_integral": "http://sapl.sarandi.pr.leg.br/media/sapl/public/normajuridica/2015/5582/decreto_executivo_no_1201-2015.pdf", "ementa": "ALTERA O ARTIGO 1\u00aa DO DECRETO N\u00ba 985/2015, QUE REGULAMENTA A INTERDI\u00c7\u00c3O DE VIAS P\u00daBLICAS DENTRO DO MUNIC\u00cdPIO DE SARANDI E D\u00c1 OUTRAS PROVID\u00caNCIAS."}, {"id": "696", "ano": "2015", "numero": "2177", "tipo__sigla": "LEI", "tipo__descricao": "Lei Ordin\u00e1ria", "texto_integral": "http://sapl.sarandi.pr.leg.br/media/sapl/public/normajuridica/2015/696/lei_no_2177-2015_para_site.pdf", "ementa": "Revoga a Lei Municipal n\u00ba 527/93, de 12/04/1993, na forma que especifica."}, {"id": "693", "ano": "2015", "numero": "2176", "tipo__sigla": "LEI", "tipo__descricao": "Lei Ordin\u00e1ria", "texto_integral": "http://sapl.sarandi.pr.leg.br/media/sapl/public/normajuridica/2015/693/lei_no_2176-2015_para_site.pdf", "ementa": "Altera dispositivo da Lei n.\u00ba 1279/2006, de 10 de abril de 2006 e suas altera\u00e7\u00f5es, do Munic\u00edpio de Sarandi, Paran\u00e1 e d\u00e1 outras provid\u00eancias."}, {"id": "3876", "ano": "2015", "numero": "320", "tipo__sigla": "LC", "tipo__descricao": "Lei Complementar", "texto_integral": "http://sapl.sarandi.pr.leg.br/media/sapl/public/normajuridica/2015/3876/lei_compl._no_320-2015__para_site.pdf", "ementa": "Altera a Lei Complementar n\u00ba 264/2011, de 13 de dezembro de 2011 e d\u00e1 outras provid\u00eancias."}, {"id": "3714", "ano": "2015", "numero": "54", "tipo__sigla": "POR", "tipo__descricao": "Portaria", "texto_integral": "http://sapl.sarandi.pr.leg.br/media/sapl/public/normajuridica/2015/3714/portaria_n_0054-2015.pdf", "ementa": "NOMEIA ASSESSOR LEGISLATIVO"}, {"id": "3713", "ano": "2015", "numero": "53", "tipo__sigla": "POR", "tipo__descricao": "Portaria", "texto_integral": "http://sapl.sarandi.pr.leg.br/media/sapl/public/normajuridica/2015/3713/portaria_n_0053-2015.pdf", "ementa": "EXONERA ASSESSOR LEGISLATIVO"}, {"id": "692", "ano": "2015", "numero": "2175", "tipo__sigla": "LEI", "tipo__descricao": "Lei Ordin\u00e1ria", "texto_integral": "http://sapl.sarandi.pr.leg.br/media/sapl/public/normajuridica/2015/692/lei_no_2175-2015__para_site.pdf", "ementa": "Altera dispositivo da Lei n\u00ba 2164/2015, na forma que especifica."}, {"id": "528", "ano": "2015", "numero": "2174", "tipo__sigla": "LEI", "tipo__descricao": "Lei Ordin\u00e1ria", "texto_integral": "http://sapl.sarandi.pr.leg.br/media/sapl/public/normajuridica/2015/528/lei_no_2174-2015_para_site.pdf", "ementa": "Revoga a Lei n\u00ba 2010/2013, de 17 de junho de 2013."}, {"id": "524", "ano": "2015", "numero": "2173", "tipo__sigla": "LEI", "tipo__descricao": "Lei Ordin\u00e1ria", "texto_integral": "http://sapl.sarandi.pr.leg.br/media/sapl/public/normajuridica/2015/524/lei_no_2173-2015__para_site.pdf", "ementa": "D\u00e1 denomina\u00e7\u00e3o \u00e0 Rua 29 do Jardim Tropical, na forma que especifica."}, {"id": "522", "ano": "2015", "numero": "2172", "tipo__sigla": "LEI", "tipo__descricao": "Lei Ordin\u00e1ria", "texto_integral": "http://sapl.sarandi.pr.leg.br/media/sapl/public/normajuridica/2015/522/lei_no_2172-2015__para_site.pdf", "ementa": "D\u00e1 denomina\u00e7\u00e3o \u00e0 Rua 02 do Parque Residencial Jalmar,  na forma que especifica."}, {"id": "3875", "ano": "2015", "numero": "319", "tipo__sigla": "LC", "tipo__descricao": "Lei Complementar", "texto_integral": "http://sapl.sarandi.pr.leg.br/media/sapl/public/normajuridica/2015/3875/lei_compl._no_319-2015_para_site.pdf", "ementa": "Altera dispositivos da Lei Complementar n\u00ba 70/2001, de 26/12/2001 \"C\u00f3digo Tribut\u00e1rio Municipal\", na forma que especifica."}, {"id": "5", "ano": "2015", "numero": "4", "tipo__sigla": "DL", "tipo__descricao": "Decreto Legislativo", "texto_integral": "http://sapl.sarandi.pr.leg.br/media/./sapl/public/normajuridica/2015/5/5_texto_integral.pdf", "ementa": "Disp\u00f5e sobre rejei\u00e7\u00e3o do \"Veto n\u00ba 4/2015\" aposto \u00e0 altera\u00e7\u00e3o do artigo 54 do Projeto de Lei n\u00ba 2403/2015, de autoria do Poder Executivo Municipal, atrav\u00e9s da Emenda Modifica\u00e7\u00e3o n\u00ba 5/2015, da Comiss\u00e3o de Or\u00e7amento e Finan\u00e7as, a qual disp\u00f5e sobre as diretrizes para a elabora\u00e7\u00e3o e execu\u00e7\u00e3o da Lei Or\u00e7ament\u00e1ria para o exerc\u00edcio de 2016, e d\u00e1 outras provid\u00eancias."}, {"id": "520", "ano": "2015", "numero": "2171", "tipo__sigla": "LEI", "tipo__descricao": "Lei Ordin\u00e1ria", "texto_integral": "http://sapl.sarandi.pr.leg.br/media/sapl/public/normajuridica/2015/520/lei_no_2171-2015_para_site.pdf", "ementa": "Disp\u00f5e sobre a abertura de Cr\u00e9dito Adicional Especial, na forma que especifica."}, {"id": "41", "ano": "2015", "numero": "3", "tipo__sigla": "RES", "tipo__descricao": "Resolu\u00e7\u00e3o", "texto_integral": "http://sapl.sarandi.pr.leg.br/media/./sapl/public/normajuridica/2015/41/41_texto_integral.pdf", "ementa": "Cria no \u00c2mbito do Munic\u00edpio de  Sarandi a C\u00e2mara Jovem."}, {"id": "4", "ano": "2015", "numero": "3", "tipo__sigla": "DL", "tipo__descricao": "Decreto Legislativo", "texto_integral": "http://sapl.sarandi.pr.leg.br/media/./sapl/public/normajuridica/2015/4/4_texto_integral.pdf", "ementa": "Disp\u00f5e sobre Rejei\u00e7\u00e3o do \"Veto n\u00b0 3/2015\", aposto \u00e0 altera\u00e7\u00e3o do Inciso I, do Artigo 38, do Projeto de Lei n\u00b02403/2015, de Autoria do Poder Executivo Municipal, atrav\u00e9s da Emenda Modificativa n\u00b0 4/2015, da Comiss\u00e3o de or\u00e7amento e Finan\u00e7as, a qual disp\u00f5e sobre as diretrizes para a elabora\u00e7\u00e3o e execu\u00e7\u00e3o da Lei Or\u00e7ament\u00e1ria para o exerc\u00edcio de 2016 e d\u00e1 outras providencias."}, {"id": "1128", "ano": "2015", "numero": "2", "tipo__sigla": "DL", "tipo__descricao": "Decreto Legislativo", "texto_integral": "http://sapl.sarandi.pr.leg.br/media/./sapl/public/normajuridica/2015/1128/1128_texto_integral.pdf", "ementa": "Disp\u00f5e sobre rejei\u00e7\u00e3o do \"Veto n\u00ba 2/2015\" aposto \u00e0 altera\u00e7\u00e3o do par\u00e1grafo 2\u00ba do artigo 22 do Projeto de Lei n\u00ba 2403/2015, de autoria do Poder Executivo Municipal, atrav\u00e9s da Emenda Aditiva n\u00ba 2/2015, da Comiss\u00e3o de Or\u00e7amento e Finan\u00e7as, a qual disp\u00f5e sobre as diretrizes para a elabora\u00e7\u00e3o e execu\u00e7\u00e3o da Lei Or\u00e7ament\u00e1ria para o exerc\u00edcio de 2016 e d\u00e1 outras provid\u00eancias."}, {"id": "3874", "ano": "2015", "numero": "318", "tipo__sigla": "LC", "tipo__descricao": "Lei Complementar", "texto_integral": "http://sapl.sarandi.pr.leg.br/media/sapl/public/normajuridica/2015/3874/lei_compl._no_318-2015__para_site.pdf", "ementa": "Altera a Lei Complementar n\u00ba 293/2014, na forma que especifica."}, {"id": "518", "ano": "2015", "numero": "2170", "tipo__sigla": "LEI", "tipo__descricao": "Lei Ordin\u00e1ria", "texto_integral": "http://sapl.sarandi.pr.leg.br/media/sapl/public/normajuridica/2015/518/lei_no_2170-2015_para_site.pdf", "ementa": "Disp\u00f5e sobre a abertura de Cr\u00e9dito Adicional Especial, na forma que especifica."}, {"id": "517", "ano": "2015", "numero": "2169", "tipo__sigla": "LEI", "tipo__descricao": "Lei Ordin\u00e1ria", "texto_integral": "http://sapl.sarandi.pr.leg.br/media/sapl/public/normajuridica/2015/517/lei_no_2169-2015_para_site.pdf", "ementa": "Altera dispositivo da Lei n\u00ba 1451/2007, na forma que especifica."}, {"id": "509", "ano": "2015", "numero": "2168", "tipo__sigla": "LEI", "tipo__descricao": "Lei Ordin\u00e1ria", "texto_integral": "http://sapl.sarandi.pr.leg.br/media/sapl/public/normajuridica/2015/509/lei_no_2168-2015__para_site.pdf", "ementa": "Autoriza o Poder Executivo Municipal a Firmar Termo de Coopera\u00e7\u00e3o Financeira visando o repasse de verba para a Associa\u00e7\u00e3o Comercial e Empresarial de Sarandi - ACIS, na forma que especifica."}, {"id": "507", "ano": "2015", "numero": "2167", "tipo__sigla": "LEI", "tipo__descricao": "Lei Ordin\u00e1ria", "texto_integral": "http://sapl.sarandi.pr.leg.br/media/sapl/public/normajuridica/2015/507/lei_no_2167-2015__para_site.pdf", "ementa": "Revoga a Lei Municipal n\u00ba 2146/2015, de 06.07.2015."}, {"id": "506", "ano": "2015", "numero": "2166", "tipo__sigla": "LEI", "tipo__descricao": "Lei Ordin\u00e1ria", "texto_integral": "http://sapl.sarandi.pr.leg.br/media/sapl/public/normajuridica/2015/506/lei_no_2166-2015_para_site.pdf", "ementa": "Disp\u00f5e sobre autoriza\u00e7\u00e3o para a altera\u00e7\u00e3o do feriado de Anivers\u00e1rio do Munic\u00edpio, na forma que especifica."}, {"id": "504", "ano": "2015", "numero": "2165", "tipo__sigla": "LEI", "tipo__descricao": "Lei Ordin\u00e1ria", "texto_integral": "http://sapl.sarandi.pr.leg.br/media/sapl/public/normajuridica/2015/504/lei_no_2165-2015_para_site.pdf", "ementa": "Autoriza o poder executivo a outorgar a concess\u00e3o onerosa de uso de espa\u00e7o p\u00fablico, para a explora\u00e7\u00e3o de servi\u00e7os de lanchonete, nas depend\u00eancias situadas em pra\u00e7as e parques ecol\u00f3gico, bem como celebra\u00e7\u00e3o de contrato de ades\u00e3o de permiss\u00e3o administrativa que especifica e d\u00e1 outras provid\u00eancias."}, {"id": "499", "ano": "2015", "numero": "2164", "tipo__sigla": "LEI", "tipo__descricao": "Lei Ordin\u00e1ria", "texto_integral": "http://sapl.sarandi.pr.leg.br/media/sapl/public/normajuridica/2015/499/lei_no_2164-2015__para_site.pdf", "ementa": "Autoriza o Poder Executivo Municipal a doar im\u00f3veis diretamente \u00e0s fam\u00edlias contempladas pelo Programa Municipal de Habita\u00e7\u00e3o, na forma que especifica."}, {"id": "496", "ano": "2015", "numero": "2163", "tipo__sigla": "LEI", "tipo__descricao": "Lei Ordin\u00e1ria", "texto_integral": "http://sapl.sarandi.pr.leg.br/media/sapl/public/normajuridica/2015/496/lei_no_2163-2015__para_site.pdf", "ementa": "Autoriza o Chefe do Poder Executivo do Munic\u00edpio de Sarandi a efetuar permuta de im\u00f3veis e d\u00e1 outras provid\u00eancias."}, {"id": "493", "ano": "2015", "numero": "2162", "tipo__sigla": "LEI", "tipo__descricao": "Lei Ordin\u00e1ria", "texto_integral": "http://sapl.sarandi.pr.leg.br/media/sapl/public/normajuridica/2015/493/lei_no_2162-2015_para_site.pdf", "ementa": "Autoriza o Chefe do Poder Executivo do Munic\u00edpio de Sarandi-Pr. a alienar im\u00f3veis de propriedade da municipalidade, visando a amplia\u00e7\u00e3o das Escolas Municipais."}, {"id": "491", "ano": "2015", "numero": "2161", "tipo__sigla": "LEI", "tipo__descricao": "Lei Ordin\u00e1ria", "texto_integral": "http://sapl.sarandi.pr.leg.br/media/sapl/public/normajuridica/2015/491/lei_no_2161-2015_para_site.pdf", "ementa": "Disp\u00f5e sobre as Diretrizes para a elabora\u00e7\u00e3o e execu\u00e7\u00e3o da Lei Or\u00e7ament\u00e1ria para o exerc\u00edcio de 2016 e d\u00e1 outras provid\u00eancias."}, {"id": "487", "ano": "2015", "numero": "2160", "tipo__sigla": "LEI", "tipo__descricao": "Lei Ordin\u00e1ria", "texto_integral": "http://sapl.sarandi.pr.leg.br/media/sapl/public/normajuridica/2015/487/lei_no_2160-2015_para_site.pdf", "ementa": "Disp\u00f5e sobre a altera\u00e7\u00e3o dos Anexos do PPA-Plano Plurianual do Munic\u00edpio de Sarandi do quadri\u00eanio 2014 a 2017, na forma que especifica."}, {"id": "486", "ano": "2015", "numero": "2159", "tipo__sigla": "LEI", "tipo__descricao": "Lei Ordin\u00e1ria", "texto_integral": "http://sapl.sarandi.pr.leg.br/media/sapl/public/normajuridica/2015/486/lei_no_2159-2015_para_site.pdf", "ementa": "Cria o Poder Executivo Municipal o protocolo para dispensa\u00e7\u00e3o de f\u00f3rmulas infantis e dietas especiais \u00e0 pacientes atendidos pelo Sistema \u00danico de Sa\u00fade (SUS) de Sarandi-Pr a serem adotados pela Secretaria Municipal de Sa\u00fade."}, {"id": "484", "ano": "2015", "numero": "2158", "tipo__sigla": "LEI", "tipo__descricao": "Lei Ordin\u00e1ria", "texto_integral": "http://sapl.sarandi.pr.leg.br/media/sapl/public/normajuridica/2015/484/lei_no_2158-2015_para_site.pdf", "ementa": "Cria o Poder Executivo Municipal o protocolo de concess\u00e3o de fraldas descart\u00e1veis a serem adotados pela Secretaria Municipal de Sa\u00fade."}, {"id": "420", "ano": "2015", "numero": "2146", "tipo__sigla": "LEI", "tipo__descricao": "Lei Ordin\u00e1ria", "texto_integral": "http://sapl.sarandi.pr.leg.br/media/sapl/public/normajuridica/2015/420/lei_no_2146-2015_para_site.pdf", "ementa": "Disp\u00f5e sobre o Programa Municipal de Sa\u00fade da Crian\u00e7a e d\u00e1 outras provid\u00eancias."}, {"id": "3668", "ano": "2015", "numero": "52", "tipo__sigla": "POR", "tipo__descricao": "Portaria", "texto_integral": "http://sapl.sarandi.pr.leg.br/media/sapl/public/normajuridica/2015/3668/portaria_n_0052-2015.pdf", "ementa": "CONCEDE GRATIFICA\u00c7\u00c3O A SERVIDOR"}, {"id": "3712", "ano": "2015", "numero": "51", "tipo__sigla": "POR", "tipo__descricao": "Portaria", "texto_integral": "http://sapl.sarandi.pr.leg.br/media/sapl/public/normajuridica/2015/3712/portaria_n_0051-2015.pdf", "ementa": "NOMEIA COMISS\u00c3O DE CONTROLE ESPECIAL DE RECEBIMENTO AVALIA\u00c7\u00c3O DE\r\nBENS PATRIMONIAIS"}, {"id": "3711", "ano": "2015", "numero": "50", "tipo__sigla": "POR", "tipo__descricao": "Portaria", "texto_integral": "http://sapl.sarandi.pr.leg.br/media/sapl/public/normajuridica/2015/3711/portaria_n_0050-2015.pdf", "ementa": "NOMEIA COMISS\u00c3O DE CONTROLE ESPECIAL DE RECEBIMENTO DE BENS\r\nPATRIMONIAIS"}, {"id": "3710", "ano": "2015", "numero": "49", "tipo__sigla": "POR", "tipo__descricao": "Portaria", "texto_integral": "http://sapl.sarandi.pr.leg.br/media/sapl/public/normajuridica/2015/3710/portaria_n_0049-2015.pdf", "ementa": "CONCEDE FUN\u00c7\u00c3O GRATIFICADA A SERVIDORES"}, {"id": "3709", "ano": "2015", "numero": "48", "tipo__sigla": "POR", "tipo__descricao": "Portaria", "texto_integral": "http://sapl.sarandi.pr.leg.br/media/sapl/public/normajuridica/2015/3709/portaria_n_0048-2015.pdf", "ementa": "NOMEIA COMISS\u00c3O PERMANENTE DE LICITA\u00c7\u00d5ES"}, {"id": "1127", "ano": "2015", "numero": "1", "tipo__sigla": "DL", "tipo__descricao": "Decreto Legislativo", "texto_integral": "http://sapl.sarandi.pr.leg.br/media/./sapl/public/normajuridica/2015/1127/1127_texto_integral.pdf", "ementa": "Disp\u00f5e sobre rejei\u00e7\u00e3o do \"Veto n\u00ba 1/2015\" aposto \u00e0 Lei Municipal n\u00ba 2146/2015, de autoria do edil Eunildo Zanchim, a qual disp\u00f5e sobre a cria\u00e7\u00e3o do Programa Municipal de Sa\u00fade da Crian\u00e7a."}, {"id": "482", "ano": "2015", "numero": "2157", "tipo__sigla": "LEI", "tipo__descricao": "Lei Ordin\u00e1ria", "texto_integral": "http://sapl.sarandi.pr.leg.br/media/sapl/public/normajuridica/2015/482/lei_no_2157-2015_para_site.pdf", "ementa": "Altera a forma de contribui\u00e7\u00e3o previdenci\u00e1ria relativas ao Equacionamento do D\u00e9ficit Atuarial devidas pelo Munic\u00edpio \u00e0 Caixa de Aposentadoria e Pens\u00e3o dos Servidores Municipais de Sarandi e d\u00e1 outras provid\u00eancias."}, {"id": "481", "ano": "2015", "numero": "2156", "tipo__sigla": "LEI", "tipo__descricao": "Lei Ordin\u00e1ria", "texto_integral": "http://sapl.sarandi.pr.leg.br/media/sapl/public/normajuridica/2015/481/lei_no_2156-2015_para_site.pdf", "ementa": "Reconhece e declara de utilidade p\u00fablica o Conselho da Comunidade de Sarandi."}, {"id": "479", "ano": "2015", "numero": "2155", "tipo__sigla": "LEI", "tipo__descricao": "Lei Ordin\u00e1ria", "texto_integral": "http://sapl.sarandi.pr.leg.br/media/sapl/public/normajuridica/2015/479/lei_no_2155-2015__para_site.pdf", "ementa": "Autoriza o Chefe do Poder Executivo do Munic\u00edpio de Sarandi-Pr. a alienar im\u00f3veis de propriedade da municipalidade, visando a Contrapartida da Pavimenta\u00e7\u00e3o Asf\u00e1ltica e Infraestrutura para o Bairro Jardim das Torres, na forma que especifica."}, {"id": "476", "ano": "2015", "numero": "2154", "tipo__sigla": "LEI", "tipo__descricao": "Lei Ordin\u00e1ria", "texto_integral": "http://sapl.sarandi.pr.leg.br/media/sapl/public/normajuridica/2015/476/lei_no_2154-2015_para_site.pdf", "ementa": "Disp\u00f5e sobre a altera\u00e7\u00e3o da Lei n\u00ba 2136/2015, de 09/02/2015, na forma que especifica."}, {"id": "474", "ano": "2015", "numero": "2153", "tipo__sigla": "LEI", "tipo__descricao": "Lei Ordin\u00e1ria", "texto_integral": "http://sapl.sarandi.pr.leg.br/media/sapl/public/normajuridica/2015/474/lei_no_2153-2020__para_site.pdf", "ementa": "Autoriza o Chefe do Poder Executivo Municipal a alienar im\u00f3veis de propriedade da municipalidade, visando a Contrapartida da Pavimenta\u00e7\u00e3o Asf\u00e1ltica e Infraestrutura para o Parque Residencial Bom Pastor, na forma que especifica."}, {"id": "3873", "ano": "2015", "numero": "317", "tipo__sigla": "LC", "tipo__descricao": "Lei Complementar", "texto_integral": "http://sapl.sarandi.pr.leg.br/media/sapl/public/normajuridica/2015/3873/lei_compl._no_317-2015__para_site.pdf", "ementa": "Disp\u00f5e sobre a institui\u00e7\u00e3o do Programa de Recupera\u00e7\u00e3o Fiscal de Sarandi - REFIS SARANDI."}, {"id": "3708", "ano": "2015", "numero": "47", "tipo__sigla": "POR", "tipo__descricao": "Portaria", "texto_integral": "http://sapl.sarandi.pr.leg.br/media/sapl/public/normajuridica/2015/3708/portaria_n_0047-2015.pdf", "ementa": "NOMEIA CHEFE DE DIVIS\u00c3O"}, {"id": "3707", "ano": "2015", "numero": "46", "tipo__sigla": "POR", "tipo__descricao": "Portaria", "texto_integral": "http://sapl.sarandi.pr.leg.br/media/sapl/public/normajuridica/2015/3707/portaria_n_0046-2015.pdf", "ementa": "NOMEIA ASSESSOR LEGISLATIVO"}, {"id": "4084", "ano": "2015", "numero": "3", "tipo__sigla": "EDA", "tipo__descricao": "Edital - Audi\u00eancia", "texto_integral": "http://sapl.sarandi.pr.leg.br/media/./sapl/public/normajuridica/2015/4084/4084_texto_integral.pdf", "ementa": "O PRESIDENTE DA C\u00c2MARA MUNICIPAL DE SARANDI, SENHOR BELMIRO DA SILVA FARIAS, NO USO DE SUAS ATRIBUI\u00c7\u00d5ES LEGAIS, E EM ESPECIAL O ARTIGO 9\u00ba PAR\u00c1GRAFO 4\u00b0, DA LEI COMPLEMENTAR N\u00ba 101/2000, DE 04/05/2000, \"LRF - LEI DE RESPONSABILIDADE FISCAL\". CONVIDA, PARA A \"AUDI\u00caNCIA PUBLICA\", DE DEMONSTRA\u00c7\u00c3O E AVALIA\u00c7\u00c3O E CUMPRIMENTO DAS METAS FISCAIS DO 1 \u00b0 QUADRIMESTRE DE 2015. OU SEJA, DE JANEIRO, FEVEREIRO, MAR\u00c7O E ABRIL DE 2015, DO PODER EXECUTIVO MUNICIPAL. DA CAIXA DE APOSENTADORIA E PENS\u00c3O DOS SERVIDORES MUNICIPAIS DE SARANDI - PRESERV. E \u00c1GUAS DE SARANDI - SERVI\u00c7O MUNICIPAL DE SANEAMENTO AMBIENTAL. QUE ACONTECER\u00c1:\r\n\r\nDIA: 27 DE MAIO DE 2015.\r\n\r\nHOR\u00c1RIO: \u00c0S 18:00 HORAS.\r\n\r\nLOCAL: C\u00c2MARA MUNICIPAL DE SARANDI-AV. MARING\u00c1, 660 - CENTRO."}, {"id": "3706", "ano": "2015", "numero": "45", "tipo__sigla": "POR", "tipo__descricao": "Portaria", "texto_integral": "http://sapl.sarandi.pr.leg.br/media/sapl/public/normajuridica/2015/3706/portaria_n_0045-2015.pdf", "ementa": "CONCEDE PROGRESS\u00c3O FUNCIONAL A SERVIDOR"}, {"id": "3705", "ano": "2015", "numero": "44", "tipo__sigla": "POR", "tipo__descricao": "Portaria", "texto_integral": "http://sapl.sarandi.pr.leg.br/media/sapl/public/normajuridica/2015/3705/portaria_n_0044-2015.pdf", "ementa": "EXONERA ASSESSOR LEGISLATIVO"}, {"id": "3704", "ano": "2015", "numero": "43", "tipo__sigla": "POR", "tipo__descricao": "Portaria", "texto_integral": "http://sapl.sarandi.pr.leg.br/media/sapl/public/normajuridica/2015/3704/portaria_n_0043-2015.pdf", "ementa": "CONCEDE PROGRESS\u00c3O FUNCIONAL A SERVIDOR"}, {"id": "3703", "ano": "2015", "numero": "42", "tipo__sigla": "POR", "tipo__descricao": "Portaria", "texto_integral": "http://sapl.sarandi.pr.leg.br/media/sapl/public/normajuridica/2015/3703/portaria_n_0042-2015.pdf", "ementa": "CONCEDE PROGRESS\u00c3O FUNCIONAL A SERVIDOR"}, {"id": "471", "ano": "2015", "numero": "2152", "tipo__sigla": "LEI", "tipo__descricao": "Lei Ordin\u00e1ria", "texto_integral": "http://sapl.sarandi.pr.leg.br/media/./sapl/public/normajuridica/2015/471/471_texto_integral.pdf", "ementa": "Disp\u00f5e sobre a altera\u00e7\u00e3o da Lei n\u00ba 2143/2015, na forma que especifica."}, {"id": "468", "ano": "2015", "numero": "2151", "tipo__sigla": "LEI", "tipo__descricao": "Lei Ordin\u00e1ria", "texto_integral": "http://sapl.sarandi.pr.leg.br/media/sapl/public/normajuridica/2015/468/lei_no_2151-2015_para_site.pdf", "ementa": "Reconhece e declara de utilidade p\u00fablica a AMPEC METROPOLITANA."}, {"id": "463", "ano": "2015", "numero": "2150", "tipo__sigla": "LEI", "tipo__descricao": "Lei Ordin\u00e1ria", "texto_integral": "http://sapl.sarandi.pr.leg.br/media/sapl/public/normajuridica/2015/463/lei_no_2150-2015__para_site.pdf", "ementa": "Reconhece e declara de utilidade p\u00fablica APPF HUGO MIKAEL SILVA LIMA."}, {"id": "456", "ano": "2015", "numero": "2149", "tipo__sigla": "LEI", "tipo__descricao": "Lei Ordin\u00e1ria", "texto_integral": "http://sapl.sarandi.pr.leg.br/media/sapl/public/normajuridica/2015/456/lei_no_2149-2015_para_site.pdf", "ementa": "Disp\u00f5e sobre a altera\u00e7\u00e3o da Lei n\u00ba 2027/2013, na forma que especifica."}, {"id": "451", "ano": "2015", "numero": "2148", "tipo__sigla": "LEI", "tipo__descricao": "Lei Ordin\u00e1ria", "texto_integral": "http://sapl.sarandi.pr.leg.br/media/sapl/public/normajuridica/2015/451/lei_no_2148-2015__para_site.pdf", "ementa": "Aprova o Plano Municipal de Educa\u00e7\u00e3o - PME, na conformidade no art. 2014 da Constitui\u00e7\u00e3o Federal e da disposi\u00e7\u00e3o do art. 8\u00ba da Lei n\u00ba 13.005, de 25 de junho de 2014 e d\u00e1 outras provid\u00eancias."}, {"id": "423", "ano": "2015", "numero": "2147", "tipo__sigla": "LEI", "tipo__descricao": "Lei Ordin\u00e1ria", "texto_integral": "http://sapl.sarandi.pr.leg.br/media/sapl/public/normajuridica/2015/423/lei_no_2147-2015_para_site.pdf", "ementa": "Disp\u00f5e sobre a cria\u00e7\u00e3o, composi\u00e7\u00e3o, estrutura\u00e7\u00e3o, compet\u00eancias e funcionamento do Conselho Municipal de Promo\u00e7\u00e3o da Igualdade Racial \u2013 CMPIR,  do Munic\u00edpio de Sarandi, Estado do Paran\u00e1 e d\u00e1 outras provid\u00eancias."}, {"id": "5740", "ano": "2015", "numero": "1079", "tipo__sigla": "DE", "tipo__descricao": "Decreto Executivo", "texto_integral": "http://sapl.sarandi.pr.leg.br/media/sapl/public/normajuridica/2015/5740/decreto_executivo_no_1079-2015.pdf", "ementa": "CONSTITUI COMISS\u00c3O JULGADORA DE INDENIZA\u00c7\u00c3O DE PEQUENA MONTA EM PROCESSO ADMINISTRATIVO, EM CONFORMIDADE COM O DECRETO N\u00ba 333, DE 26 DE JULHO DE 2013."}, {"id": "3702", "ano": "2015", "numero": "41", "tipo__sigla": "POR", "tipo__descricao": "Portaria", "texto_integral": "http://sapl.sarandi.pr.leg.br/media/sapl/public/normajuridica/2015/3702/portaria_n_0041-2015.pdf", "ementa": "NOMEIA COMISS\u00c3O PERMANENTE DE AVALIA\u00c7\u00c3O"}, {"id": "5890", "ano": "2015", "numero": "1052", "tipo__sigla": "DE", "tipo__descricao": "Decreto Executivo", "texto_integral": "http://sapl.sarandi.pr.leg.br/media/sapl/public/normajuridica/2015/5890/decreto_executivo_no_1052-2015.pdf", "ementa": "DISP\u00d5E SOBRE A REGULAMENTA\u00c7\u00c3O DA LEI 2144/2015, ESPECIFICANDO AS OBRAS A SEREM EXECUTADAS NO MUNIC\u00cdPIO, NA FORMA QUE ESPECIFICA."}, {"id": "5889", "ano": "2015", "numero": "1045", "tipo__sigla": "DE", "tipo__descricao": "Decreto Executivo", "texto_integral": "http://sapl.sarandi.pr.leg.br/media/sapl/public/normajuridica/2015/5889/decreto_executivo_no_1045-2015.pdf", "ementa": "REGULAMENTA A LEI MUNICIPAL N\u00ba 1.623, DE 08 DE JUNHO DE 2009, QUE CRIA A COMISS\u00c3O MUNICIPAL DE DEFESA CIVIL \u2013 COMDEC."}, {"id": "418", "ano": "2015", "numero": "2145", "tipo__sigla": "LEI", "tipo__descricao": "Lei Ordin\u00e1ria", "texto_integral": "http://sapl.sarandi.pr.leg.br/media/sapl/public/normajuridica/2015/418/lei_no_2145-2015__para_site.pdf", "ementa": "Autoriza a Autarquia \u00c1guas de Sarandi a construir galerias de \u00e1guas pluviais, na forma da Lei Municipal n.\u00ba 1279/2006, de 19/04/2006 e d\u00e1 outras provid\u00eancias."}, {"id": "416", "ano": "2015", "numero": "2144", "tipo__sigla": "LEI", "tipo__descricao": "Lei Ordin\u00e1ria", "texto_integral": "http://sapl.sarandi.pr.leg.br/media/sapl/public/normajuridica/2015/416/lei_no_2144-2015_para_site.pdf", "ementa": "Autoriza o Chefe do Poder Executivo do Munic\u00edpio de Sarandi-Pr. a alienar im\u00f3veis de propriedade da municipalidade, visando a realiza\u00e7\u00e3o de servi\u00e7os de revitaliza\u00e7\u00e3o de Pra\u00e7as P\u00fablicas, obras e benfeitorias na forma que especifica."}, {"id": "414", "ano": "2015", "numero": "2143", "tipo__sigla": "LEI", "tipo__descricao": "Lei Ordin\u00e1ria", "texto_integral": "http://sapl.sarandi.pr.leg.br/media/sapl/public/normajuridica/2015/414/lei_no_2143-2015_para_site.pdf", "ementa": "Autoriza o Chefe do Poder Executivo do Munic\u00edpio de Sarandi a DOAR im\u00f3vel ao Tribunal de Justi\u00e7a do Estado do Paran\u00e1 e d\u00e1 outras provid\u00eancias."}, {"id": "371", "ano": "2015", "numero": "2142", "tipo__sigla": "LEI", "tipo__descricao": "Lei Ordin\u00e1ria", "texto_integral": "http://sapl.sarandi.pr.leg.br/media/sapl/public/normajuridica/2015/371/lei_no_2142-2015_para_site.pdf", "ementa": "Revoga leis municipais de cria\u00e7\u00e3o de pontos de t\u00e1xi e d\u00e1 outras provid\u00eancias."}, {"id": "370", "ano": "2015", "numero": "2141", "tipo__sigla": "LEI", "tipo__descricao": "Lei Ordin\u00e1ria", "texto_integral": "http://sapl.sarandi.pr.leg.br/media/sapl/public/normajuridica/2015/370/lei_no_2141-2015_para_site.pdf", "ementa": "Reconhece e declara de utilidade p\u00fablica a ASSOCIA\u00c7\u00c3O BENEFICENTE BETESDA MISS\u00c3O E PAZ, na forma que especifica."}, {"id": "3872", "ano": "2015", "numero": "316", "tipo__sigla": "LC", "tipo__descricao": "Lei Complementar", "texto_integral": "http://sapl.sarandi.pr.leg.br/media/sapl/public/normajuridica/2015/3872/lei_compl._no_316-2015__para_site.pdf", "ementa": "Disp\u00f5e sobre a altera\u00e7\u00e3o do art. 94 da Lei Complementar n\u00ba 10/92, de 27/12/1992 \"Estatuto dos Servidores P\u00fablicos Municipais de Sarandi\" e d\u00e1 outras provid\u00eancias."}, {"id": "3871", "ano": "2015", "numero": "315", "tipo__sigla": "LC", "tipo__descricao": "Lei Complementar", "texto_integral": "http://sapl.sarandi.pr.leg.br/media/sapl/public/normajuridica/2015/3871/lei_compl._no_315-2015__para_site.pdf", "ementa": "Inclui vias urbanas no Eixo de Com\u00e9rcio e Servi\u00e7os, na forma que especifica."}, {"id": "3870", "ano": "2015", "numero": "314", "tipo__sigla": "LC", "tipo__descricao": "Lei Complementar", "texto_integral": "http://sapl.sarandi.pr.leg.br/media/sapl/public/normajuridica/2015/3870/lei_compl._no_314-2015__para_site.pdf", "ementa": "Altera dispositivos da Lei Complementar n\u00ba 214/2009, de 26 de setembro de 2009, que disp\u00f5e sobre o Per\u00edmetro Urbano do Munic\u00edpio\", na forma que especifica."}, {"id": "3869", "ano": "2015", "numero": "313", "tipo__sigla": "LC", "tipo__descricao": "Lei Complementar", "texto_integral": "http://sapl.sarandi.pr.leg.br/media/sapl/public/normajuridica/2015/3869/lei_compl._no_313-2015_para_site.pdf", "ementa": "Disp\u00f5e sobre altera\u00e7\u00f5es da Lei Complementar n\u00ba 224/2009, de 1 de outubro de 2009 \"Plano Vi\u00e1rio\", na forma que especifica."}, {"id": "3868", "ano": "2015", "numero": "312", "tipo__sigla": "LC", "tipo__descricao": "Lei Complementar", "texto_integral": "http://sapl.sarandi.pr.leg.br/media/sapl/public/normajuridica/2015/3868/lei_compl._no_312-2015_para_site.pdf", "ementa": "Disp\u00f5e sobre a altera\u00e7\u00e3o da Lei Complementar n\u00ba 217/2009 - Do Parcelamento, Uso e Ocupa\u00e7\u00e3o do Solo Urbano, na forma que especifica."}, {"id": "3867", "ano": "2015", "numero": "311", "tipo__sigla": "LC", "tipo__descricao": "Lei Complementar", "texto_integral": "http://sapl.sarandi.pr.leg.br/media/sapl/public/normajuridica/2015/3867/lei_compl._no_311-2015__para_site.pdf", "ementa": "Disp\u00f5e sobre altera\u00e7\u00f5es na Lei n\u00ba 216/2009 \"C\u00f3digo de Edifica\u00e7\u00f5es\", na forma que especifica."}, {"id": "3701", "ano": "2015", "numero": "40", "tipo__sigla": "POR", "tipo__descricao": "Portaria", "texto_integral": "http://sapl.sarandi.pr.leg.br/media/sapl/public/normajuridica/2015/3701/portaria_n_0040-2015.pdf", "ementa": "CONCEDE PROGRESS\u00c3O FUNCIONAL A SERVIDOR"}, {"id": "3700", "ano": "2015", "numero": "39", "tipo__sigla": "POR", "tipo__descricao": "Portaria", "texto_integral": "http://sapl.sarandi.pr.leg.br/media/sapl/public/normajuridica/2015/3700/portaria_n_0039-2015.pdf", "ementa": "CONCEDE E SUBSTITUI\u00c7\u00c3O DE MEMBROS DA COMISS\u00c3O DE OBRAS E SERVI\u00c7OS URBANOS"}, {"id": "3699", "ano": "2015", "numero": "38", "tipo__sigla": "POR", "tipo__descricao": "Portaria", "texto_integral": "http://sapl.sarandi.pr.leg.br/media/sapl/public/normajuridica/2015/3699/portaria_n_0038-2015.pdf", "ementa": "CONCEDE PROGRESS\u00c3O FUNCIONAL A SERVIDOR"}, {"id": "36", "ano": "2015", "numero": "1", "tipo__sigla": "RES", "tipo__descricao": "Resolu\u00e7\u00e3o", "texto_integral": "http://sapl.sarandi.pr.leg.br/media/./sapl/public/normajuridica/2015/36/36_texto_integral.pdf", "ementa": "Disp\u00f5e sobre a aplica\u00e7\u00e3o de disposi\u00e7\u00f5es da Resolu\u00e7\u00e3o n\u00ba 008/2013 de 19.12.2013, aos Servidores do Quadro em Extin\u00e7\u00e3o da Resolu\u00e7\u00e3o n\u00ba 004/94, de 29.12.1994, e d\u00e1 outras provid\u00eancias."}, {"id": "368", "ano": "2015", "numero": "2140", "tipo__sigla": "LEI", "tipo__descricao": "Lei Ordin\u00e1ria", "texto_integral": "http://sapl.sarandi.pr.leg.br/media/sapl/public/normajuridica/2015/368/lei_no_2140-2015__para_site.pdf", "ementa": "Revoga a Lei Municipal n\u00ba 1954/2012, de 13 de agosto de 2012."}, {"id": "3698", "ano": "2015", "numero": "37", "tipo__sigla": "POR", "tipo__descricao": "Portaria", "texto_integral": "http://sapl.sarandi.pr.leg.br/media/sapl/public/normajuridica/2015/3698/portaria_n_0037-2015.pdf", "ementa": "CONCEDE FUN\u00c7\u00c3O GRATIFICADA A SERVIDOR"}, {"id": "3697", "ano": "2015", "numero": "36", "tipo__sigla": "POR", "tipo__descricao": "Portaria", "texto_integral": "http://sapl.sarandi.pr.leg.br/media/sapl/public/normajuridica/2015/3697/portaria_n_0036-2015.pdf", "ementa": "NOMEIA ASSESSOR LEGISLATIVO"}, {"id": "3696", "ano": "2015", "numero": "35", "tipo__sigla": "POR", "tipo__descricao": "Portaria", "texto_integral": "http://sapl.sarandi.pr.leg.br/media/sapl/public/normajuridica/2015/3696/portaria_n_0035-2015.pdf", "ementa": "CONCEDE LICEN\u00c7A ESPECIAL A SERVIDOR"}, {"id": "3695", "ano": "2015", "numero": "34", "tipo__sigla": "POR", "tipo__descricao": "Portaria", "texto_integral": "http://sapl.sarandi.pr.leg.br/media/sapl/public/normajuridica/2015/3695/portaria_n_0034-2015.pdf", "ementa": "CONCEDE FUN\u00c7\u00c3O GRATIFICADA A SERVIDOR"}, {"id": "366", "ano": "2015", "numero": "2139", "tipo__sigla": "LEI", "tipo__descricao": "Lei Ordin\u00e1ria", "texto_integral": "http://sapl.sarandi.pr.leg.br/media/", "ementa": "Altera dispositivo da Lei n.\u00ba 1279 / 2006, de 19 / junho / 2006 e suas altera\u00e7\u00f5es, do Munic\u00edpio de Sarandi \u2013 Paran\u00e1 e d\u00e1 outras provid\u00eancias."}, {"id": "363", "ano": "2015", "numero": "2138", "tipo__sigla": "LEI", "tipo__descricao": "Lei Ordin\u00e1ria", "texto_integral": "http://sapl.sarandi.pr.leg.br/media/sapl/public/normajuridica/2015/363/lei_no_2138-2015_para_site.pdf", "ementa": "Disp\u00f5e sobre a abertura de Cr\u00e9dito Adicional Especial, na forma que especifica."}, {"id": "360", "ano": "2015", "numero": "2137", "tipo__sigla": "LEI", "tipo__descricao": "Lei Ordin\u00e1ria", "texto_integral": "http://sapl.sarandi.pr.leg.br/media/sapl/public/normajuridica/2015/360/lei_no_2137-2015__para_site.pdf", "ementa": "D\u00e1 denomina\u00e7\u00e3o \u00e0 Avenida Projetada \u201cA\u201d do Jardim Ouro Verde III, na forma que especifica."}, {"id": "3694", "ano": "2015", "numero": "33", "tipo__sigla": "POR", "tipo__descricao": "Portaria", "texto_integral": "http://sapl.sarandi.pr.leg.br/media/sapl/public/normajuridica/2015/3694/portaria_n_0033-2015.pdf", "ementa": "NOMEIA DIRETOR DE DEPARTAMENTO"}, {"id": "3693", "ano": "2015", "numero": "32", "tipo__sigla": "POR", "tipo__descricao": "Portaria", "texto_integral": "http://sapl.sarandi.pr.leg.br/media/sapl/public/normajuridica/2015/3693/portaria_n_0032-2015.pdf", "ementa": "EXONERA ASSESSOR LEGISLATIVO"}, {"id": "3691", "ano": "2015", "numero": "31", "tipo__sigla": "POR", "tipo__descricao": "Portaria", "texto_integral": "http://sapl.sarandi.pr.leg.br/media/sapl/public/normajuridica/2015/3691/portaria_n_0031-2015.pdf", "ementa": "NOMEIA ASSESSOR PARLAMENTAR"}, {"id": "3690", "ano": "2015", "numero": "30", "tipo__sigla": "POR", "tipo__descricao": "Portaria", "texto_integral": "http://sapl.sarandi.pr.leg.br/media/sapl/public/normajuridica/2015/3690/portaria_n_0030-2015.pdf", "ementa": "NOMEIA ASSESSOR PARLAMENTAR"}, {"id": "3689", "ano": "2015", "numero": "29", "tipo__sigla": "POR", "tipo__descricao": "Portaria", "texto_integral": "http://sapl.sarandi.pr.leg.br/media/sapl/public/normajuridica/2015/3689/portaria_n_0029-2015.pdf", "ementa": "NOMEIA SERVIDOR PARA O QUADRO DE PESSOAL EFETIVO"}, {"id": "3688", "ano": "2015", "numero": "28", "tipo__sigla": "POR", "tipo__descricao": "Portaria", "texto_integral": "http://sapl.sarandi.pr.leg.br/media/sapl/public/normajuridica/2015/3688/portaria_n_0028-2015.pdf", "ementa": "NOMEIA SERVIDOR NO QUADRO DE PESSOAL EFETIVO"}, {"id": "4077", "ano": "2015", "numero": "1", "tipo__sigla": "EDA", "tipo__descricao": "Edital - Audi\u00eancia", "texto_integral": "http://sapl.sarandi.pr.leg.br/media/./sapl/public/normajuridica/2015/4077/4077_texto_integral.pdf", "ementa": "O PRESIDENTE DA C\u00c2MARA MUNICIPAL DE SARANDI, SENHOR BELMIRO DA SILVA FARIAS, NO LISO DE SUAS ATRIBUI\u00c7\u00d5ES LEGAIS. E EM ESPECIAL O ARTIGO 9\u00b0 PAR\u00c1GRAFO 4\u00b0, DA LEI COMPLEMENTAR N\u00ba 101/2000, DE 04/05/2000, \"LRF - LEI DE RESPONSABILIDADE FISCAL'\". E CONVIDA, PARA A \"AUDI\u00caNCIA PUBLICA\", DE DEMONSTRA\u00c7\u00c3O E AVALIA\u00c7\u00c3O E CUMPRIMENTO DAS METAS FISCAIS DO 3\u00b0 QUADRIMESTRE DE 2014, OU SEJA. DE SETEMBRO. OUTUBRO, NOVEMBRO E DEZEMBRO DE 2014. DO PODER EXECUTIVO MUNICIPAL, DA CAIXA DE APOSENTADORIA E PENS\u00c3O DOS SERVIDORES MUNICIPAIS DE SARANDI - PRESERV, E \u00c1GUAS DE SARANDI - SERVI\u00c7O MUNICIPAL DE SANEAMENTO AMBIENTAL, QUE ACONTECER\u00c1:\r\n\r\nDIA: 25 DE FEVEREIRO DE 2015.\r\n\r\nHOR\u00c1RIO: \u00c0S 18:00 HORAS.\r\n\r\nLOCAL: C\u00c2MARA MUNICIPAL DE SARANDI - AV. MARING\u00c1, 660 - CENTRO."}, {"id": "3687", "ano": "2015", "numero": "27", "tipo__sigla": "POR", "tipo__descricao": "Portaria", "texto_integral": "http://sapl.sarandi.pr.leg.br/media/sapl/public/normajuridica/2015/3687/portaria_n_0027-2015.pdf", "ementa": "EXONERA ASSESSOR PARLAMENTAR"}, {"id": "358", "ano": "2015", "numero": "2136", "tipo__sigla": "LEI", "tipo__descricao": "Lei Ordin\u00e1ria", "texto_integral": "http://sapl.sarandi.pr.leg.br/media/sapl/public/normajuridica/2015/358/lei_no_2136-2015_para_site.pdf", "ementa": "Autoriza o Poder Executivo Municipal a doar im\u00f3veis diretamente \u00e0s fam\u00edlias contempladas pelo Programa Municipal de Habita\u00e7\u00e3o, na forma que especifica."}, {"id": "3685", "ano": "2015", "numero": "23", "tipo__sigla": "POR", "tipo__descricao": "Portaria", "texto_integral": "http://sapl.sarandi.pr.leg.br/media/sapl/public/normajuridica/2015/3685/portaria_n_0023-2015.pdf", "ementa": "ALTERA PERCENTUAL DE FUN\u00c7\u00c3O GRATIFICADA A SERVIDOR"}, {"id": "4040", "ano": "2015", "numero": "1", "tipo__sigla": "ATP", "tipo__descricao": "Ato da Presid\u00eancia", "texto_integral": "http://sapl.sarandi.pr.leg.br/media/./sapl/public/normajuridica/2015/4040/4040_texto_integral.pdf", "ementa": "Convoca Suplente de Vereador."}, {"id": "3667", "ano": "2015", "numero": "26", "tipo__sigla": "POR", "tipo__descricao": "Portaria", "texto_integral": "http://sapl.sarandi.pr.leg.br/media/sapl/public/normajuridica/2015/3667/portaria_n_0026-2015.pdf", "ementa": "NOMEIA CHEFE DE DIVIS\u00c3O"}, {"id": "3666", "ano": "2015", "numero": "25", "tipo__sigla": "POR", "tipo__descricao": "Portaria", "texto_integral": "http://sapl.sarandi.pr.leg.br/media/sapl/public/normajuridica/2015/3666/portaria_n_0025-2015.pdf", "ementa": "ALTERA GRATIFICA\u00c7\u00c3O DE SERVIDOR"}, {"id": "3686", "ano": "2015", "numero": "24", "tipo__sigla": "POR", "tipo__descricao": "Portaria", "texto_integral": "http://sapl.sarandi.pr.leg.br/media/sapl/public/normajuridica/2015/3686/portaria_n_0024-2015.pdf", "ementa": "ALTERA PERCENTUAL DE FUN\u00c7\u00c3O GRATIFICADA"}, {"id": "3684", "ano": "2015", "numero": "22", "tipo__sigla": "POR", "tipo__descricao": "Portaria", "texto_integral": "http://sapl.sarandi.pr.leg.br/media/sapl/public/normajuridica/2015/3684/portaria_n_0022-2015.pdf", "ementa": "ALTERA PERCENTUAL DE FUN\u00c7\u00c3O GRATIFICADA"}, {"id": "3683", "ano": "2015", "numero": "21", "tipo__sigla": "POR", "tipo__descricao": "Portaria", "texto_integral": "http://sapl.sarandi.pr.leg.br/media/sapl/public/normajuridica/2015/3683/portaria_n_0021-2015.pdf", "ementa": "CONCEDE GRATIFICA\u00c7\u00c3O A SERVIDOR"}, {"id": "3682", "ano": "2015", "numero": "19", "tipo__sigla": "POR", "tipo__descricao": "Portaria", "texto_integral": "http://sapl.sarandi.pr.leg.br/media/sapl/public/normajuridica/2015/3682/portaria_n_0019-2015.pdf", "ementa": "EXONERA ASSESSOR PARLAMENTAR"}, {"id": "3681", "ano": "2015", "numero": "18", "tipo__sigla": "POR", "tipo__descricao": "Portaria", "texto_integral": "http://sapl.sarandi.pr.leg.br/media/sapl/public/normajuridica/2015/3681/portaria_n_0018-2015.pdf", "ementa": "CONCEDE PROGRESS\u00c3O FUNCIONAL A SERVIDOR"}, {"id": "3680", "ano": "2015", "numero": "17", "tipo__sigla": "POR", "tipo__descricao": "Portaria", "texto_integral": "http://sapl.sarandi.pr.leg.br/media/sapl/public/normajuridica/2015/3680/portaria_n_0017-2015.pdf", "ementa": "CONCEDE PROGRESS\u00c3O FUNCIONAL A SERVIDOR"}, {"id": "3679", "ano": "2015", "numero": "16", "tipo__sigla": "POR", "tipo__descricao": "Portaria", "texto_integral": "http://sapl.sarandi.pr.leg.br/media/sapl/public/normajuridica/2015/3679/portaria_n_0016-2015.pdf", "ementa": "CONCEDE PROGRESS\u00c3O FUNCIONAL A SERVIDOR"}, {"id": "3678", "ano": "2015", "numero": "15", "tipo__sigla": "POR", "tipo__descricao": "Portaria", "texto_integral": "http://sapl.sarandi.pr.leg.br/media/sapl/public/normajuridica/2015/3678/portaria_n_0015-2015.pdf", "ementa": "CONCEDE PROGRESS\u00c3O FUNCIONAL A SERVIDOR"}, {"id": "4604", "ano": "2015", "numero": "20", "tipo__sigla": "POR", "tipo__descricao": "Portaria", "texto_integral": "http://sapl.sarandi.pr.leg.br/media/sapl/public/normajuridica/2015/4604/portaria_n_0020-2015.pdf", "ementa": "CONCEDE REPOSI\u00c7\u00c3O SALARIAL AOS SERVIDORES DA C\u00c2MARA"}, {"id": "3677", "ano": "2015", "numero": "14", "tipo__sigla": "POR", "tipo__descricao": "Portaria", "texto_integral": "http://sapl.sarandi.pr.leg.br/media/sapl/public/normajuridica/2015/3677/portaria_n_0014-2015.pdf", "ementa": "RETIFICAR AS PORTARIAS DE ENQUADRAMENTO E PROGRESS\u00c3O FUNCIONAL"}, {"id": "357", "ano": "2015", "numero": "2135", "tipo__sigla": "LEI", "tipo__descricao": "Lei Ordin\u00e1ria", "texto_integral": "http://sapl.sarandi.pr.leg.br/media/sapl/public/normajuridica/2015/357/lei_no_2135-2015_para_site.pdf", "ementa": "Disp\u00f5e sobre a atualiza\u00e7\u00e3o monet\u00e1ria dos subs\u00eddios dos Vereadores, na forma que especifica."}, {"id": "356", "ano": "2015", "numero": "2134", "tipo__sigla": "LEI", "tipo__descricao": "Lei Ordin\u00e1ria", "texto_integral": "http://sapl.sarandi.pr.leg.br/media/sapl/public/normajuridica/2015/356/lei_no_2134-2015_para_site.pdf", "ementa": "Disp\u00f5e sobre a atualiza\u00e7\u00e3o monet\u00e1ria dos subs\u00eddios do Prefeito, Vice-Prefeito e dos Secret\u00e1rios Municipais, na forma que especifica."}, {"id": "355", "ano": "2015", "numero": "2133", "tipo__sigla": "LEI", "tipo__descricao": "Lei Ordin\u00e1ria", "texto_integral": "http://sapl.sarandi.pr.leg.br/media/sapl/public/normajuridica/2015/355/lei_no_2133-2015_para_site.pdf", "ementa": "Autoriza o Chefe do Poder Executivo Municipal a conceder reposi\u00e7\u00e3o salarial, na forma que especifica."}, {"id": "353", "ano": "2015", "numero": "2132", "tipo__sigla": "LEI", "tipo__descricao": "Lei Ordin\u00e1ria", "texto_integral": "http://sapl.sarandi.pr.leg.br/media/sapl/public/normajuridica/2015/353/lei_no_2132-2015__para_site.pdf", "ementa": "Autoriza o Chefe do Poder Executivo Municipal a fixar piso m\u00ednimo de vencimentos dos Servidores P\u00fablicos Municipais de Sarandi e d\u00e1 outras provid\u00eancias."}, {"id": "3676", "ano": "2015", "numero": "13", "tipo__sigla": "POR", "tipo__descricao": "Portaria", "texto_integral": "http://sapl.sarandi.pr.leg.br/media/sapl/public/normajuridica/2015/3676/portaria_13.pdf", "ementa": "NOMEIA ASSESSOR PARLAMENTAR"}, {"id": "3675", "ano": "2015", "numero": "12", "tipo__sigla": "POR", "tipo__descricao": "Portaria", "texto_integral": "http://sapl.sarandi.pr.leg.br/media/sapl/public/normajuridica/2015/3675/portaria_n_0012-2015.pdf", "ementa": "NOMEIA COMISS\u00c3O DE RECEBIMENTO E AVALIA\u00c7\u00c3O DE BENS"}, {"id": "3692", "ano": "2015", "numero": "11", "tipo__sigla": "POR", "tipo__descricao": "Portaria", "texto_integral": "http://sapl.sarandi.pr.leg.br/media/sapl/public/normajuridica/2015/3692/portaria_n_0011-2015.pdf", "ementa": "NOMEIA PROCURADOR JUR\u00cdDICO"}, {"id": "3674", "ano": "2015", "numero": "10", "tipo__sigla": "POR", "tipo__descricao": "Portaria", "texto_integral": "http://sapl.sarandi.pr.leg.br/media/sapl/public/normajuridica/2015/3674/portaria_n_0010-2015.pdf", "ementa": "EXONERA ASSESSOR PARLAMENTAR"}, {"id": "3673", "ano": "2015", "numero": "9", "tipo__sigla": "POR", "tipo__descricao": "Portaria", "texto_integral": "http://sapl.sarandi.pr.leg.br/media/sapl/public/normajuridica/2015/3673/portaria_n_0009-2015.pdf", "ementa": "EXONERA PROCURADOR JUR\u00cdDICO"}, {"id": "3672", "ano": "2015", "numero": "8", "tipo__sigla": "POR", "tipo__descricao": "Portaria", "texto_integral": "http://sapl.sarandi.pr.leg.br/media/sapl/public/normajuridica/2015/3672/portaria_n_0008-2015.pdf", "ementa": "NOMEIA ASSESSOR LEGISLATIVO"}, {"id": "3671", "ano": "2015", "numero": "7", "tipo__sigla": "POR", "tipo__descricao": "Portaria", "texto_integral": "http://sapl.sarandi.pr.leg.br/media/sapl/public/normajuridica/2015/3671/portaria_07.pdf", "ementa": "NOMEIA ASSESSOR PARLAMENTAR"}, {"id": "3670", "ano": "2015", "numero": "6", "tipo__sigla": "POR", "tipo__descricao": "Portaria", "texto_integral": "http://sapl.sarandi.pr.leg.br/media/sapl/public/normajuridica/2015/3670/portaria_n_0006-2015.pdf", "ementa": "NOMEIA CHEFE DE GABINETE"}, {"id": "3669", "ano": "2015", "numero": "5", "tipo__sigla": "POR", "tipo__descricao": "Portaria", "texto_integral": "http://sapl.sarandi.pr.leg.br/media/sapl/public/normajuridica/2015/3669/portaria_n_0005-2015.pdf", "ementa": "NOMEIA COMISS\u00c3O DE LICITA\u00c7\u00d5ES"}, {"id": "3665", "ano": "2015", "numero": "4", "tipo__sigla": "POR", "tipo__descricao": "Portaria", "texto_integral": "http://sapl.sarandi.pr.leg.br/media/sapl/public/normajuridica/2015/3665/portaria_n_0004-2015.pdf", "ementa": "EXONERA DIRETOR DE DEPARTAMENTO"}, {"id": "3664", "ano": "2015", "numero": "3", "tipo__sigla": "POR", "tipo__descricao": "Portaria", "texto_integral": "http://sapl.sarandi.pr.leg.br/media/sapl/public/normajuridica/2015/3664/portaria_n_0003-2015.pdf", "ementa": "EXONERA ASSESSOR PARLAMENTAR"}, {"id": "3663", "ano": "2015", "numero": "2", "tipo__sigla": "POR", "tipo__descricao": "Portaria", "texto_integral": "http://sapl.sarandi.pr.leg.br/media/sapl/public/normajuridica/2015/3663/portaria_n_0002-2015.pdf", "ementa": "EXONERA CHEFE DE GABINETE"}, {"id": "3662", "ano": "2015", "numero": "1", "tipo__sigla": "POR", "tipo__descricao": "Portaria", "texto_integral": "http://sapl.sarandi.pr.leg.br/media/sapl/public/normajuridica/2015/3662/portaria_n_0001-2015.pdf", "ementa": "EXONERA ASSESSOR PARLAMENTAR"}, {"id": "3604", "ano": "2014", "numero": "2131", "tipo__sigla": "LEI", "tipo__descricao": "Lei Ordin\u00e1ria", "texto_integral": "http://sapl.sarandi.pr.leg.br/media/sapl/public/normajuridica/2014/3604/lei_no_2131-2014_para_site.pdf", "ementa": "Cria a semana de meio ambiente e da sustentabilidade ecol\u00f3gica do Munic\u00edpio de Sarandi e d\u00e1 outras providencias."}, {"id": "3603", "ano": "2014", "numero": "2130", "tipo__sigla": "LEI", "tipo__descricao": "Lei Ordin\u00e1ria", "texto_integral": "http://sapl.sarandi.pr.leg.br/media/sapl/public/normajuridica/2014/3603/lei_no_2130-2014_para_site.pdf", "ementa": "Institui o Dia da Meia Maratona Rural e d\u00e1 outras provid\u00eancias."}, {"id": "3601", "ano": "2014", "numero": "2129", "tipo__sigla": "LEI", "tipo__descricao": "Lei Ordin\u00e1ria", "texto_integral": "http://sapl.sarandi.pr.leg.br/media/sapl/public/normajuridica/2014/3601/lei_no_2129-2014_para_site.pdf", "ementa": "D\u00e1 denomina\u00e7\u00e3o a Rua Projetada do Jardim Monte L\u00edbano."}, {"id": "68", "ano": "2014", "numero": "2128", "tipo__sigla": "LEI", "tipo__descricao": "Lei Ordin\u00e1ria", "texto_integral": "http://sapl.sarandi.pr.leg.br/media/sapl/public/normajuridica/2014/68/lei_no_2128-2014_para_site.pdf", "ementa": "Disp\u00f5e  sobre  a  Pol\u00edtica  Municipal  dos  Direitos  da  Crian\u00e7a  e  do  Adolescente  e  d\u00e1  outras  provid\u00eancias."}, {"id": "3597", "ano": "2014", "numero": "2127", "tipo__sigla": "LEI", "tipo__descricao": "Lei Ordin\u00e1ria", "texto_integral": "http://sapl.sarandi.pr.leg.br/media/sapl/public/normajuridica/2014/3597/lei_no_2127-2014_para_site.pdf", "ementa": "Disp\u00f5e sobre a remo\u00e7\u00e3o de ve\u00edculos abandonados em vias e logradouros p\u00fablicos do Munic\u00edpio de Sarandi e d\u00e1 outras provid\u00eancias."}, {"id": "3596", "ano": "2014", "numero": "2126", "tipo__sigla": "LEI", "tipo__descricao": "Lei Ordin\u00e1ria", "texto_integral": "http://sapl.sarandi.pr.leg.br/media/sapl/public/normajuridica/2014/3596/lei_no_2126-2014_para_site.pdf", "ementa": "Autoriza o Chefe do Poder Executivo do Munic\u00edpio de Sarandi-Pr. a alienar im\u00f3veis de propriedade da municipalidade, visando a Contrapartida da Pavimenta\u00e7\u00e3o Asf\u00e1ltica para o Bairro Jardim Calif\u00f3rnia, na forma que especifica."}, {"id": "3595", "ano": "2014", "numero": "2125", "tipo__sigla": "LEI", "tipo__descricao": "Lei Ordin\u00e1ria", "texto_integral": "http://sapl.sarandi.pr.leg.br/media/sapl/public/normajuridica/2014/3595/lei_no_2125-2014_para_site.pdf", "ementa": "Autoriza o Chefe do Poder Executivo Municipal a desafetar parte de vias p\u00fablicas, na forma que especifica."}, {"id": "3594", "ano": "2014", "numero": "2124", "tipo__sigla": "LEI", "tipo__descricao": "Lei Ordin\u00e1ria", "texto_integral": "http://sapl.sarandi.pr.leg.br/media/sapl/public/normajuridica/2014/3594/lei_no_2124-2014_para_site.pdf", "ementa": "Autoriza o Chefe do Poder Executivo Municipal a desafetar parte de vias p\u00fablicas, na forma que especifica."}, {"id": "3520", "ano": "2014", "numero": "310", "tipo__sigla": "LC", "tipo__descricao": "Lei Complementar", "texto_integral": "http://sapl.sarandi.pr.leg.br/media/sapl/public/normajuridica/2014/3520/lei_compl._no_310-2014_para_site.pdf", "ementa": "Altera a Lei Complementar n\u00ba 272/2012, na forma que especifica."}, {"id": "3661", "ano": "2014", "numero": "68", "tipo__sigla": "POR", "tipo__descricao": "Portaria", "texto_integral": "http://sapl.sarandi.pr.leg.br/media/sapl/public/normajuridica/2014/3661/portaria_n_0068-2014.pdf", "ementa": "EXONERAR EDINALVA DE SOUZA CARVALHO."}, {"id": "3660", "ano": "2014", "numero": "67", "tipo__sigla": "POR", "tipo__descricao": "Portaria", "texto_integral": "http://sapl.sarandi.pr.leg.br/media/sapl/public/normajuridica/2014/3660/portaria_n_0067-2014.pdf", "ementa": "EXONERAR DRA. KARIN WEISE"}, {"id": "3659", "ano": "2014", "numero": "66", "tipo__sigla": "POR", "tipo__descricao": "Portaria", "texto_integral": "http://sapl.sarandi.pr.leg.br/media/sapl/public/normajuridica/2014/3659/portaria_n_0066-2014.pdf", "ementa": "EXONERAR WESLEY KOVALSKI PEREIRA"}, {"id": "3658", "ano": "2014", "numero": "65", "tipo__sigla": "POR", "tipo__descricao": "Portaria", "texto_integral": "http://sapl.sarandi.pr.leg.br/media/sapl/public/normajuridica/2014/3658/portaria_n_0065-2014.pdf", "ementa": "TORNAR PUBLICO RECESSO LEGISLATIVO"}, {"id": "3593", "ano": "2014", "numero": "2123", "tipo__sigla": "LEI", "tipo__descricao": "Lei Ordin\u00e1ria", "texto_integral": "http://sapl.sarandi.pr.leg.br/media/sapl/public/normajuridica/2014/3593/lei_no_2123-2014_para_site.pdf", "ementa": "Disp\u00f5e sobre a cria\u00e7\u00e3o do CIAPS \u2013 Centro Municipal de Atendimento Integrado de A\u00e7\u00f5es Pedag\u00f3gicas e Sociais Luiz Zanchin, e d\u00e1 outras provid\u00eancias."}, {"id": "3592", "ano": "2014", "numero": "2122", "tipo__sigla": "LEI", "tipo__descricao": "Lei Ordin\u00e1ria", "texto_integral": "http://sapl.sarandi.pr.leg.br/media/sapl/public/normajuridica/2014/3592/lei_no_2122-2014_para_site.pdf", "ementa": "Institui a campanha de utilidade p\u00fablica, educativa e informativa permanente nos ve\u00edculos de transporte coletivo de passageiros do Munic\u00edpio e de empresas que presta servi\u00e7o no munic\u00edpio de Sarandi."}, {"id": "3591", "ano": "2014", "numero": "2121", "tipo__sigla": "LEI", "tipo__descricao": "Lei Ordin\u00e1ria", "texto_integral": "http://sapl.sarandi.pr.leg.br/media/sapl/public/normajuridica/2014/3591/lei_no_2121-2014_para_site.pdf", "ementa": "Prop\u00f5e a leitura B\u00edblica nas escolas p\u00fablicas do Munic\u00edpio de Sarandi e d\u00e1 outras provid\u00eancias."}, {"id": "3657", "ano": "2014", "numero": "64", "tipo__sigla": "POR", "tipo__descricao": "Portaria", "texto_integral": "http://sapl.sarandi.pr.leg.br/media/sapl/public/normajuridica/2014/3657/portaria_n_0064-2014.pdf", "ementa": "HOMOLOGAR, O RESULTADO DAS ELEI\u00c7\u00d5ES DAS COMISS\u00d5ES PERMANENTES DESTA CASA DE LEIS,"}, {"id": "3656", "ano": "2014", "numero": "63", "tipo__sigla": "POR", "tipo__descricao": "Portaria", "texto_integral": "http://sapl.sarandi.pr.leg.br/media/sapl/public/normajuridica/2014/3656/portaria_n_0063-2014.pdf", "ementa": "NOMEAR LORHAN HENRIQUE COSTA, PARA EXERCER O CARGO DE OFICIAL LEGISLATIVO"}, {"id": "3655", "ano": "2014", "numero": "62", "tipo__sigla": "POR", "tipo__descricao": "Portaria", "texto_integral": "http://sapl.sarandi.pr.leg.br/media/sapl/public/normajuridica/2014/3655/portaria_n_0062-2014.pdf", "ementa": "NOMEAR MARCOS AUGUSTO ROCHA DE SOUZA, PARA EXERCER O CARGO DE OFICIAL LEGISLATIVO"}, {"id": "3654", "ano": "2014", "numero": "61", "tipo__sigla": "POR", "tipo__descricao": "Portaria", "texto_integral": "http://sapl.sarandi.pr.leg.br/media/sapl/public/normajuridica/2014/3654/portaria_n_0061-2014.pdf", "ementa": "NOMEAR ALINE QUEIR\u00d3Z TREVISAN, PARA EXERCER O CARGO DE ADVOGADO"}, {"id": "3653", "ano": "2014", "numero": "60", "tipo__sigla": "POR", "tipo__descricao": "Portaria", "texto_integral": "http://sapl.sarandi.pr.leg.br/media/sapl/public/normajuridica/2014/3653/portaria_n_0060-2014.pdf", "ementa": "NOMEAR CRISTIANO SEBRIAN BERNAL, PARA EXERCER O CARGO DE VIGILANTE DE SEGURAN\u00c7A"}, {"id": "3652", "ano": "2014", "numero": "59", "tipo__sigla": "POR", "tipo__descricao": "Portaria", "texto_integral": "http://sapl.sarandi.pr.leg.br/media/sapl/public/normajuridica/2014/3652/portaria_n_0059-2014.pdf", "ementa": "NOMEAR D\u00c9BORA APARECIDA DE SOUZA, PARA EXERCER O CARGO DE OFICIAL DE SERVI\u00c7OS GERAIS"}, {"id": "3651", "ano": "2014", "numero": "58", "tipo__sigla": "POR", "tipo__descricao": "Portaria", "texto_integral": "http://sapl.sarandi.pr.leg.br/media/sapl/public/normajuridica/2014/3651/portaria_n_0058-2014.pdf", "ementa": "NOMEA LUZIA AZEVEDO DIAS, PARA EXERCER O CARGO DE OFICIAL DE SERVI\u00c7OS GERAIS"}, {"id": "3650", "ano": "2014", "numero": "57", "tipo__sigla": "POR", "tipo__descricao": "Portaria", "texto_integral": "http://sapl.sarandi.pr.leg.br/media/sapl/public/normajuridica/2014/3650/portaria_n_0057-2014.pdf", "ementa": "NOMEAR SUZANIR GOMES ROSA, PARA EXERCER O CARGO DE OFICIAL DE SERVI\u00c7OS GERAIS"}, {"id": "3649", "ano": "2014", "numero": "56", "tipo__sigla": "POR", "tipo__descricao": "Portaria", "texto_integral": "http://sapl.sarandi.pr.leg.br/media/sapl/public/normajuridica/2014/3649/portaria_n_0056-2014.pdf", "ementa": "NOMEAR DHYMISSON DA SILVA RAMOS, PARA EXERCER O CARGO DE OFICIAL DE MANUTEN\u00c7\u00c3O"}, {"id": "3648", "ano": "2014", "numero": "55", "tipo__sigla": "POR", "tipo__descricao": "Portaria", "texto_integral": "http://sapl.sarandi.pr.leg.br/media/sapl/public/normajuridica/2014/3648/portaria_n_0055-2014.pdf", "ementa": "NOMEAR JO\u00c3O LEONARDO PINELLI MILHAN, PARA EXERCER O CARGO DE AUXILIAR LEGISLATIVO"}, {"id": "3647", "ano": "2014", "numero": "54", "tipo__sigla": "POR", "tipo__descricao": "Portaria", "texto_integral": "http://sapl.sarandi.pr.leg.br/media/sapl/public/normajuridica/2014/3647/portaria_n_0054-2014.pdf", "ementa": "NOMEAR MARIO SETO TAKEGUMA JUNIOR, PARA EXERCER O CARGO DE OPERADOR DE COMUNICA\u00c7\u00c3O"}, {"id": "3590", "ano": "2014", "numero": "2120", "tipo__sigla": "LEI", "tipo__descricao": "Lei Ordin\u00e1ria", "texto_integral": "http://sapl.sarandi.pr.leg.br/media/sapl/public/normajuridica/2014/3590/lei_no_2120-2014_para_site.pdf", "ementa": "Declara de Utilidade P\u00fablica, entidade que especifica."}, {"id": "175", "ano": "2014", "numero": "2119", "tipo__sigla": "LEI", "tipo__descricao": "Lei Ordin\u00e1ria", "texto_integral": "http://sapl.sarandi.pr.leg.br/media/sapl/public/normajuridica/2014/175/lei_no_2119-2014_para_site.pdf", "ementa": "Disp\u00f5e sobre a cria\u00e7\u00e3o do Programa Amigo Solid\u00e1rio no Munic\u00edpio de Sarandi."}, {"id": "767", "ano": "2014", "numero": "2118", "tipo__sigla": "LEI", "tipo__descricao": "Lei Ordin\u00e1ria", "texto_integral": "http://sapl.sarandi.pr.leg.br/media/sapl/public/normajuridica/2014/767/lei_no_2118-2014_para_site.pdf", "ementa": "Estima a Receita e fixa a Despesa do Munic\u00edpio de Sarandi para o exerc\u00edcio de 2015, na forma que especifica."}, {"id": "3589", "ano": "2014", "numero": "2117", "tipo__sigla": "LEI", "tipo__descricao": "Lei Ordin\u00e1ria", "texto_integral": "http://sapl.sarandi.pr.leg.br/media/sapl/public/normajuridica/2014/3589/lei_no_2117-2014_para_site.pdf", "ementa": "Disp\u00f5e sobre a altera\u00e7\u00e3o do Anexo de Metas e Prioridades da Lei de Diretrizes Or\u00e7ament\u00e1rias - LDO de 2015, na forma que especifica."}, {"id": "3587", "ano": "2014", "numero": "2116", "tipo__sigla": "LEI", "tipo__descricao": "Lei Ordin\u00e1ria", "texto_integral": "http://sapl.sarandi.pr.leg.br/media/sapl/public/normajuridica/2014/3587/lei_no_2116-2014_para_site.pdf", "ementa": "Disp\u00f5e sobre a altera\u00e7\u00e3o dos Anexos do PPA-Plano Plurianual do Munic\u00edpio de Sarandi do quadri\u00eanio 2014 a 2017, na forma que especifica."}, {"id": "3646", "ano": "2014", "numero": "53", "tipo__sigla": "POR", "tipo__descricao": "Portaria", "texto_integral": "http://sapl.sarandi.pr.leg.br/media/", "ementa": "FICA NOMEADO ANDR\u00c9 WILLIANS DO NASCIMENTO, PARA EXERCER AS FUN\u00c7\u00d5ES DE ASSESSOR LEGISLATIVO"}, {"id": "3645", "ano": "2014", "numero": "52", "tipo__sigla": "POR", "tipo__descricao": "Portaria", "texto_integral": "http://sapl.sarandi.pr.leg.br/media/sapl/public/normajuridica/2014/3645/portaria_n_0052-2014.pdf", "ementa": "DESIGNAR A EMPRESA CESET PARA A REALIZA\u00c7\u00c3O DE EXAMES DE AVALIA\u00c7\u00c3O CLINICA"}, {"id": "3644", "ano": "2014", "numero": "51", "tipo__sigla": "POR", "tipo__descricao": "Portaria", "texto_integral": "http://sapl.sarandi.pr.leg.br/media/sapl/public/normajuridica/2014/3644/portaria_n_0051-2014.pdf", "ementa": "CONCEDER PROGRESS\u00c3O FUNCIONAL A SERVIDORA CAMILA DE SOUZA BUENO DOS SANTOS"}, {"id": "3586", "ano": "2014", "numero": "2115", "tipo__sigla": "LEI", "tipo__descricao": "Lei Ordin\u00e1ria", "texto_integral": "http://sapl.sarandi.pr.leg.br/media/sapl/public/normajuridica/2014/3586/lei_no_2115-2014_para_site.pdf", "ementa": "Disp\u00f5e sobre a abertura de Cr\u00e9dito Adicional Suplementar, na forma que especifica."}, {"id": "4605", "ano": "2014", "numero": "50", "tipo__sigla": "POR", "tipo__descricao": "Portaria", "texto_integral": "http://sapl.sarandi.pr.leg.br/media/sapl/public/normajuridica/2014/4605/portaria_no_050-2014_-_homologacao.pdf", "ementa": "Disp\u00f5e sobre a homologa\u00e7\u00e3o da classifica\u00e7\u00e3o final para os cargos vagos do Quadro Permanente de Pessoal da C\u00e2mara Municipal de Sarandi, Estado do Paran\u00e1, referente ao Edital de Concurso P\u00fablico n\u00ba 001/2014."}, {"id": "3584", "ano": "2014", "numero": "2114", "tipo__sigla": "LEI", "tipo__descricao": "Lei Ordin\u00e1ria", "texto_integral": "http://sapl.sarandi.pr.leg.br/media/sapl/public/normajuridica/2014/3584/lei_no_2114-2014_para_site.pdf", "ementa": "Disp\u00f5e sobre a inclus\u00e3o dos par\u00e1grafos quarto e quinto no artigo 18, da Lei n\u00ba 2102/2014, de 30/06/2014 \u2013 Lei de Diretrizes Or\u00e7ament\u00e1rias - LDO, do exerc\u00edcio de 2015, na forma que especifica."}, {"id": "3583", "ano": "2014", "numero": "2113", "tipo__sigla": "LEI", "tipo__descricao": "Lei Ordin\u00e1ria", "texto_integral": "http://sapl.sarandi.pr.leg.br/media/sapl/public/normajuridica/2014/3583/lei_no_2113-2014_para_site.pdf", "ementa": "Disp\u00f5e sobre a inclus\u00e3o dos par\u00e1grafos quarto e quinto no artigo 12, da Lei n\u00ba 2013/2013, de 08/07/2013 \u2013 Lei de Diretrizes Or\u00e7ament\u00e1rias - LDO, do exerc\u00edcio de 2014, na forma que especifica."}, {"id": "3643", "ano": "2014", "numero": "49", "tipo__sigla": "POR", "tipo__descricao": "Portaria", "texto_integral": "http://sapl.sarandi.pr.leg.br/media/sapl/public/normajuridica/2014/3643/portaria_n_0049-2014.pdf", "ementa": "EXONERAR ELIENE SANTANA MOREIRA DAS FUN\u00c7\u00d5ES DE ASSESSOR LEGISLATIVO"}, {"id": "3518", "ano": "2014", "numero": "308", "tipo__sigla": "LC", "tipo__descricao": "Lei Complementar", "texto_integral": "http://sapl.sarandi.pr.leg.br/media/sapl/public/normajuridica/2014/3518/lei_complementar_no308-2014__para_site.pdf", "ementa": "Disp\u00f5e sobre a cria\u00e7\u00e3o do Sistema de Estacionamento Rotativo Pago (ESTAR) e d\u00e1 outras provid\u00eancias."}, {"id": "3517", "ano": "2014", "numero": "307", "tipo__sigla": "LC", "tipo__descricao": "Lei Complementar", "texto_integral": "http://sapl.sarandi.pr.leg.br/media/sapl/public/normajuridica/2014/3517/lei_complementar_no307-2014__para_site.pdf", "ementa": "Disp\u00f5e sobre a cria\u00e7\u00e3o do Departamento Municipal de Transportes na Secretaria Municipal de Tr\u00e2nsito e Seguran\u00e7a P\u00fablica e d\u00e1 outras provid\u00eancias."}, {"id": "3642", "ano": "2014", "numero": "48", "tipo__sigla": "POR", "tipo__descricao": "Portaria", "texto_integral": "http://sapl.sarandi.pr.leg.br/media/sapl/public/normajuridica/2014/3642/portaria_n_0048-2014.pdf", "ementa": "DESIGNAR A SERVIDORA \u00c2NGELA ALVES DE ALMEIDA, PARA OCUPAR A FUN\u00c7\u00c3O DE CONTROLADOR INTERNO DA C\u00c2MARA MUNICIPAL"}, {"id": "3581", "ano": "2014", "numero": "2112", "tipo__sigla": "LEI", "tipo__descricao": "Lei Ordin\u00e1ria", "texto_integral": "http://sapl.sarandi.pr.leg.br/media/sapl/public/normajuridica/2014/3581/lei_no_2112-2014_para_site.pdf", "ementa": "Autoriza o Poder Executivo Municipal a Firmar Termo de Coopera\u00e7\u00e3o Financeira visando o repasse de verba para a Associa\u00e7\u00e3o Comercial e Empresarial de Sarandi - ACIS, na forma que especifica."}, {"id": "3519", "ano": "2014", "numero": "309", "tipo__sigla": "LC", "tipo__descricao": "Lei Complementar", "texto_integral": "http://sapl.sarandi.pr.leg.br/media/sapl/public/normajuridica/2014/3519/lei_compl._no_309-2014_para_site.pdf", "ementa": "Disp\u00f5e sobre a organiza\u00e7\u00e3o do Sistema de Controle Interno da C\u00e2mara Municipal e cria a fun\u00e7\u00e3o de Controlador Interno, conforme determina o artigo 31 da Constitui\u00e7\u00e3o Federal e d\u00e1 outras provid\u00eancias."}, {"id": "3580", "ano": "2014", "numero": "2111", "tipo__sigla": "LEI", "tipo__descricao": "Lei Ordin\u00e1ria", "texto_integral": "http://sapl.sarandi.pr.leg.br/media/sapl/public/normajuridica/2014/3580/lei_no_2111-2014_para_site.pdf", "ementa": "Disp\u00f5e sobre autoriza\u00e7\u00e3o para a altera\u00e7\u00e3o do feriado de Anivers\u00e1rio do Munic\u00edpio, na forma que especifica."}, {"id": "3579", "ano": "2014", "numero": "2110", "tipo__sigla": "LEI", "tipo__descricao": "Lei Ordin\u00e1ria", "texto_integral": "http://sapl.sarandi.pr.leg.br/media/sapl/public/normajuridica/2014/3579/lei_no_2110-2014_para_site.pdf", "ementa": "Disp\u00f5e sobre a abertura de Cr\u00e9dito Adicional Especial, na forma que especifica."}, {"id": "3890", "ano": "2014", "numero": "6", "tipo__sigla": "DL", "tipo__descricao": "Decreto Legislativo", "texto_integral": "http://sapl.sarandi.pr.leg.br/media/./sapl/public/normajuridica/2014/3890/3890_texto_integral.pdf", "ementa": "Concede licen\u00e7a para o afastamento do cargo de Prefeito Municipal ao senhor Carlos Alberto de Paula J\u00fanior para usufruto de f\u00e9rias parciais, na forma que especifica."}, {"id": "3641", "ano": "2014", "numero": "47", "tipo__sigla": "POR", "tipo__descricao": "Portaria", "texto_integral": "http://sapl.sarandi.pr.leg.br/media/sapl/public/normajuridica/2014/3641/portaria_n_0047-2014.pdf", "ementa": "DESIGNAR A SERVIDORA ANDR\u00c9A ALZIRA MARQUES TOMAZETTI DOS SANTOS, PARA EXERCER A FISCALIZA\u00c7\u00c3O E ACOMPANHAMENTO DE CONTRATO COM VISTAS A REALIZA\u00c7\u00c3O E ORGANIZA\u00c7\u00c3O DE CONCURSO PARA O QUADRO GERAL DA C\u00c2MARA MUNICIPAL DE SARANDI"}, {"id": "3578", "ano": "2014", "numero": "2109", "tipo__sigla": "LEI", "tipo__descricao": "Lei Ordin\u00e1ria", "texto_integral": "http://sapl.sarandi.pr.leg.br/media/sapl/public/normajuridica/2014/3578/lei_no_2109-2014_para_site.pdf", "ementa": "Institui a \"Semana Municipal da Fam\u00edlia\", no munic\u00edpio de Sarandi e d\u00e1 outras provid\u00eancias."}, {"id": "3577", "ano": "2014", "numero": "2108", "tipo__sigla": "LEI", "tipo__descricao": "Lei Ordin\u00e1ria", "texto_integral": "http://sapl.sarandi.pr.leg.br/media/sapl/public/normajuridica/2014/3577/lei_no_2108-2014_para_site.pdf", "ementa": "Disp\u00f5e sobre a abertura de Cr\u00e9dito Adicional Especial, na forma que especifica."}, {"id": "3516", "ano": "2014", "numero": "306", "tipo__sigla": "LC", "tipo__descricao": "Lei Complementar", "texto_integral": "http://sapl.sarandi.pr.leg.br/media/sapl/public/normajuridica/2014/3516/lei_complementar_no306-2014_para_site.pdf", "ementa": "Disp\u00f5e sobre a altera\u00e7\u00e3o da Lei Complementar n\u00ba 249/2011, na forma que especifica."}, {"id": "3640", "ano": "2014", "numero": "46", "tipo__sigla": "POR", "tipo__descricao": "Portaria", "texto_integral": "http://sapl.sarandi.pr.leg.br/media/sapl/public/normajuridica/2014/3640/portaria_n_0046-2014.pdf", "ementa": "REFERENDAR A NOMEA\u00c7\u00c3O DA COMISS\u00c3O ESPECIAL ORGANIZADORA DO CONCURSO PUBLICO DA CAMARA MUNICIPAL DE SARANDI"}, {"id": "3576", "ano": "2014", "numero": "2107", "tipo__sigla": "LEI", "tipo__descricao": "Lei Ordin\u00e1ria", "texto_integral": "http://sapl.sarandi.pr.leg.br/media/sapl/public/normajuridica/2014/3576/lei_no_2107-2014__para_site.pdf", "ementa": "Autoriza a Doa\u00e7\u00e3o da \u00e1rea de terras com 3.245,00 metros quadrados, constitu\u00eddo pelas datas de terras n.\u00bas 1, 2, 3, 4, 5, 6, 7, 8, 9 e 10, da quadra 36, situados no Jardim Panorama, Munic\u00edpio de Sarandi-Pr., para o Estado do Paran\u00e1, e d\u00e1 outras provid\u00eancias."}, {"id": "3889", "ano": "2014", "numero": "5", "tipo__sigla": "DL", "tipo__descricao": "Decreto Legislativo", "texto_integral": "http://sapl.sarandi.pr.leg.br/media/./sapl/public/normajuridica/2014/3889/3889_texto_integral.pdf", "ementa": "Disp\u00f5e sobre rejei\u00e7\u00e3o do \"Veto n\u00ba 4/2014\" aposto \u00e0 Lei Municipal n\u00ba 2089/2014, de autoria do edil Eunildo Zanchim, a qual disp\u00f5e sobre o desembarque de pessoas do sexo feminino em per\u00edodo noturno no transporte coletivo."}, {"id": "3888", "ano": "2014", "numero": "4", "tipo__sigla": "DL", "tipo__descricao": "Decreto Legislativo", "texto_integral": "http://sapl.sarandi.pr.leg.br/media/./sapl/public/normajuridica/2014/3888/3888_texto_integral.pdf", "ementa": "Disp\u00f5e sobre rejei\u00e7\u00e3o do \"Veto n\u00ba 3/2014\" aposto \u00e0 Lei Municipal n\u00ba 2086/2014, de autoria do edil Nelson de Jesus Lima, tendo como co-autor o edil Jos\u00e9 Roberto Grava, a qual disp\u00f5e sobre a regulamenta\u00e7\u00e3o do tr\u00e2nsito na Rua Nova Londrina."}, {"id": "3887", "ano": "2014", "numero": "3", "tipo__sigla": "DL", "tipo__descricao": "Decreto Legislativo", "texto_integral": "http://sapl.sarandi.pr.leg.br/media/./sapl/public/normajuridica/2014/3887/3887_texto_integral.pdf", "ementa": "Disp\u00f5e sobre rejei\u00e7\u00e3o do \"Veto n\u00ba 2/2014\" aposto \u00e0 Lei Municipal n\u00ba 2085/2014, de autoria do edil Nelson de Jesus Lima, a qual disp\u00f5e sobre a regulamenta\u00e7\u00e3o e sinaliza\u00e7\u00e3o de tr\u00e2nsito nos estabelecimentos de cargas e descargas nas vias p\u00fablicas do munic\u00edpio."}, {"id": "3515", "ano": "2014", "numero": "305", "tipo__sigla": "LC", "tipo__descricao": "Lei Complementar", "texto_integral": "http://sapl.sarandi.pr.leg.br/media/sapl/public/normajuridica/2014/3515/lei_compl._no_305-2014.pdf", "ementa": "Cria cargo de provimento em comiss\u00e3o na estrutura da Autarquia \u00c1guas de Sarandi - Servi\u00e7o Municipal de Saneamento Ambiental, na forma que especifica."}, {"id": "3575", "ano": "2014", "numero": "2106", "tipo__sigla": "LEI", "tipo__descricao": "Lei Ordin\u00e1ria", "texto_integral": "http://sapl.sarandi.pr.leg.br/media/sapl/public/normajuridica/2014/3575/lei_no_2106-2014_para_site.pdf", "ementa": "Disp\u00f5e sobre a abertura de Cr\u00e9dito Adicional Especial, na forma que especifica."}, {"id": "3570", "ano": "2014", "numero": "2105", "tipo__sigla": "LEI", "tipo__descricao": "Lei Ordin\u00e1ria", "texto_integral": "http://sapl.sarandi.pr.leg.br/media/sapl/public/normajuridica/2014/3570/lei_no_2105-2014_para_site.pdf", "ementa": "Altera dispositivos da Lei n.\u00ba 464/92, que disp\u00f5e sobre a Pol\u00edtica Municipal de Atendimento dos Direitos da Crian\u00e7a e do Adolescente e d\u00e1 outras provid\u00eancias."}, {"id": "3569", "ano": "2014", "numero": "2104", "tipo__sigla": "LEI", "tipo__descricao": "Lei Ordin\u00e1ria", "texto_integral": "http://sapl.sarandi.pr.leg.br/media/sapl/public/normajuridica/2014/3569/lei_no_2104-2014_para_site.pdf", "ementa": "Disp\u00f5e sobre Transposi\u00e7\u00e3o Or\u00e7ament\u00e1ria do Poder Legislativo para o Poder Executivo, na forma que especifica."}, {"id": "3568", "ano": "2014", "numero": "2103", "tipo__sigla": "LEI", "tipo__descricao": "Lei Ordin\u00e1ria", "texto_integral": "http://sapl.sarandi.pr.leg.br/media/sapl/public/normajuridica/2014/3568/lei_no_2103-2014_para_site.pdf", "ementa": "Disp\u00f5e sobre a abertura de Cr\u00e9dito Adicional Suplementar no Or\u00e7amento Anual do PRESERV, na forma que especifica."}, {"id": "3567", "ano": "2014", "numero": "2102", "tipo__sigla": "LEI", "tipo__descricao": "Lei Ordin\u00e1ria", "texto_integral": "http://sapl.sarandi.pr.leg.br/media/sapl/public/normajuridica/2014/3567/lei_no_2102-2014_para_site.pdf", "ementa": "Disp\u00f5e sobre as Diretrizes para a elabora\u00e7\u00e3o e execu\u00e7\u00e3o da Lei Or\u00e7ament\u00e1ria para o exerc\u00edcio de 2015 e d\u00e1 outras provid\u00eancias."}, {"id": "4408", "ano": "2014", "numero": "2101", "tipo__sigla": "LEI", "tipo__descricao": "Lei Ordin\u00e1ria", "texto_integral": "http://sapl.sarandi.pr.leg.br/media/sapl/public/normajuridica/2014/4408/lei_no_2101-2014_para_site.pdf", "ementa": "Disp\u00f5e sobre a altera\u00e7\u00e3o dos Anexos do PPA-Plano Plurianual do Munic\u00edpio de Sarandi do quadri\u00eanio 2014 a 2017, na forma que especifica."}, {"id": "3565", "ano": "2014", "numero": "2100", "tipo__sigla": "LEI", "tipo__descricao": "Lei Ordin\u00e1ria", "texto_integral": "http://sapl.sarandi.pr.leg.br/media/sapl/public/normajuridica/2014/3565/lei_no_2100-2014_para_site.pdf", "ementa": "Institui o Dia Municipal da Cavalgada e d\u00e1 outras provid\u00eancias."}, {"id": "3564", "ano": "2014", "numero": "2099", "tipo__sigla": "LEI", "tipo__descricao": "Lei Ordin\u00e1ria", "texto_integral": "http://sapl.sarandi.pr.leg.br/media/sapl/public/normajuridica/2014/3564/lei_no_2099-2014_para_site.pdf", "ementa": "Disp\u00f5e sobre a abertura de Cr\u00e9dito Adicional Especial, na forma que especifica."}, {"id": "3563", "ano": "2014", "numero": "2098", "tipo__sigla": "LEI", "tipo__descricao": "Lei Ordin\u00e1ria", "texto_integral": "http://sapl.sarandi.pr.leg.br/media/sapl/public/normajuridica/2014/3563/lei_no_2098-2014__para_site.pdf", "ementa": "Autoriza o Chefe do Poder Executivo do Munic\u00edpio de Sarandi a celebrar Conv\u00eanio com a Pol\u00edcia Militar do Paran\u00e1, no sentido de ceder 01 (um) espa\u00e7o na torre para instala\u00e7\u00e3o de transmissor de radia\u00e7\u00e3o eletromagn\u00e9tica destinados \u00e0 realiza\u00e7\u00e3o de telecomunica\u00e7\u00e3o, bem como locar tr\u00eas espa\u00e7os para terceiros e d\u00e1 outras provid\u00eancias."}, {"id": "3562", "ano": "2014", "numero": "2097", "tipo__sigla": "LEI", "tipo__descricao": "Lei Ordin\u00e1ria", "texto_integral": "http://sapl.sarandi.pr.leg.br/media/sapl/public/normajuridica/2014/3562/lei_no_2097-2014_para_site.pdf", "ementa": "Revoga a Lei n\u00ba 684/97, de 07 de abril de 1997."}, {"id": "3561", "ano": "2014", "numero": "2096", "tipo__sigla": "LEI", "tipo__descricao": "Lei Ordin\u00e1ria", "texto_integral": "http://sapl.sarandi.pr.leg.br/media/sapl/public/normajuridica/2014/3561/lei_no_2096-2014__para_site.pdf", "ementa": "Revoga a Lei n\u00ba 477/92, de 10 de setembro de 1992."}, {"id": "3560", "ano": "2014", "numero": "2095", "tipo__sigla": "LEI", "tipo__descricao": "Lei Ordin\u00e1ria", "texto_integral": "http://sapl.sarandi.pr.leg.br/media/sapl/public/normajuridica/2014/3560/lei_no_2095-2014__para_site.pdf", "ementa": "Autoriza a Doa\u00e7\u00e3o do Im\u00f3vel ao Estado do Paran\u00e1, na forma que especifica."}, {"id": "3559", "ano": "2014", "numero": "2094", "tipo__sigla": "LEI", "tipo__descricao": "Lei Ordin\u00e1ria", "texto_integral": "http://sapl.sarandi.pr.leg.br/media/sapl/public/normajuridica/2014/3559/lei_no_2094-2014__para_site.pdf", "ementa": "Disp\u00f5e sobre a cria\u00e7\u00e3o do Programa de Preven\u00e7\u00e3o e Controle do Diabetes em Crian\u00e7as e Adolescentes matriculados nas escolas da rede p\u00fablica municipal de ensino."}, {"id": "3558", "ano": "2014", "numero": "2093", "tipo__sigla": "LEI", "tipo__descricao": "Lei Ordin\u00e1ria", "texto_integral": "http://sapl.sarandi.pr.leg.br/media/sapl/public/normajuridica/2014/3558/lei_no_2093-2014_para_site.pdf", "ementa": "Inclui no Calend\u00e1rio Oficial de Eventos do Munic\u00edpio o \u201cDia do Jovem Crist\u00e3o\u201d."}, {"id": "3514", "ano": "2014", "numero": "304", "tipo__sigla": "LC", "tipo__descricao": "Lei Complementar", "texto_integral": "http://sapl.sarandi.pr.leg.br/media/sapl/public/normajuridica/2014/3514/lei_complementar_no304-2014__para_site.pdf", "ementa": "Disp\u00f5e sobre a altera\u00e7\u00e3o da Lei Complementar n\u00ba 79/2002, na forma que especifica."}, {"id": "3639", "ano": "2014", "numero": "45", "tipo__sigla": "POR", "tipo__descricao": "Portaria", "texto_integral": "http://sapl.sarandi.pr.leg.br/media/sapl/public/normajuridica/2014/3639/portaria_n_0045-2014.pdf", "ementa": "CORRIGIR O AUX\u00cdLIO ALIMENTA\u00c7\u00c3O CONCEDIDO AOS SERVIDORES DESTA EDILIDADE"}, {"id": "3638", "ano": "2014", "numero": "44", "tipo__sigla": "POR", "tipo__descricao": "Portaria", "texto_integral": "http://sapl.sarandi.pr.leg.br/media/sapl/public/normajuridica/2014/3638/portaria_n_0044-2014.pdf", "ementa": "ALTERAR O PERCENTUAL DE FG - FUN\u00c7\u00c3O GRATIFICADA"}, {"id": "3557", "ano": "2014", "numero": "2092", "tipo__sigla": "LEI", "tipo__descricao": "Lei Ordin\u00e1ria", "texto_integral": "http://sapl.sarandi.pr.leg.br/media/sapl/public/normajuridica/2014/3557/lei_no_2092-2014_para_site.pdf", "ementa": "Disp\u00f5e sobre a concess\u00e3o de di\u00e1rias aos Secret\u00e1rios Municipais, Procurador Jur\u00eddico, Chefe de Gabinete, CC-1, Diretores, Chefes e demais Servidores Comissionados na forma que especifica."}, {"id": "3637", "ano": "2014", "numero": "43", "tipo__sigla": "POR", "tipo__descricao": "Portaria", "texto_integral": "http://sapl.sarandi.pr.leg.br/media/sapl/public/normajuridica/2014/3637/portaria_n_0043-2014.pdf", "ementa": "TORNA P\u00daBLICO QUE A SESSAO ORDIN\u00c1RIA DO DIA 23 DE JUNHO DE 2014, SER\u00c1 REALIZADA EXCEPCIONALMENTE \u00c0S 11:00 HORAS"}, {"id": "3556", "ano": "2014", "numero": "2091", "tipo__sigla": "LEI", "tipo__descricao": "Lei Ordin\u00e1ria", "texto_integral": "http://sapl.sarandi.pr.leg.br/media/sapl/public/normajuridica/2014/3556/lei_no_2091-2014__para_site.pdf", "ementa": "Constitui o Cons\u00f3rcio CISPAR - Cons\u00f3rcio Intermunicipal de Saneamento do Paran\u00e1, e ratifica a altera\u00e7\u00e3o, pelo Munic\u00edpio de Sarandi, do contrato de cons\u00f3rcio p\u00fablico e do estatuto do CISMAE \u2013 Cons\u00f3rcio Intermunicipal de Saneamento Ambiental do Paran\u00e1, que o transformou no Cons\u00f3rcio CISPAR e d\u00e1 outras provid\u00eancias."}, {"id": "3555", "ano": "2014", "numero": "2090", "tipo__sigla": "LEI", "tipo__descricao": "Lei Ordin\u00e1ria", "texto_integral": "http://sapl.sarandi.pr.leg.br/media/sapl/public/normajuridica/2014/3555/lei_no_2090-2014__para_site.pdf", "ementa": "Autoriza a Doa\u00e7\u00e3o da \u00e1rea de terras com 3.245,00 metros quadrados, constitu\u00eddo pelas datas de terras n.\u00bas 1, 2, 3, 4, 5, 6, 7, 8, 9 e 10, da quadra 36, situados no Jardim Panorama, Munic\u00edpio de Sarandi-Pr., para o Estado do Paran\u00e1, e d\u00e1 outras provid\u00eancias."}, {"id": "3553", "ano": "2014", "numero": "2089", "tipo__sigla": "LEI", "tipo__descricao": "Lei Ordin\u00e1ria", "texto_integral": "http://sapl.sarandi.pr.leg.br/media/sapl/public/normajuridica/2014/3553/lei_no_2089-2014_para_site.pdf", "ementa": "Disp\u00f5e sobre o desembarque de pessoas do sexo feminino, em per\u00edodo noturno, no transporte coletivo urbano da cidade de Sarandi, na forma que especifica."}, {"id": "3513", "ano": "2014", "numero": "303", "tipo__sigla": "LC", "tipo__descricao": "Lei Complementar", "texto_integral": "http://sapl.sarandi.pr.leg.br/media/sapl/public/normajuridica/2014/3513/lei_complementar_no303-2014_para_site.pdf", "ementa": "Acrescenta o inciso XII ao artigo 90 da Lei Complementar n\u00ba 10/92."}, {"id": "3636", "ano": "2014", "numero": "42", "tipo__sigla": "POR", "tipo__descricao": "Portaria", "texto_integral": "http://sapl.sarandi.pr.leg.br/media/sapl/public/normajuridica/2014/3636/portaria_n_0042-2014.pdf", "ementa": "NOMEAR O SERVIDOR AN\u00c9SIO JOS\u00c9 DA SILVA, PARA EXERCER A FISCALIZA\u00c7\u00c3O E O ACOMPANHAMENTO DO CONTRATO ENTRE A C\u00c2MARA MUNICIPAL DE SARANDI E A FAUEL"}, {"id": "3635", "ano": "2014", "numero": "41", "tipo__sigla": "POR", "tipo__descricao": "Portaria", "texto_integral": "http://sapl.sarandi.pr.leg.br/media/sapl/public/normajuridica/2014/3635/portaria_n_0041-2014.pdf", "ementa": "NOMEAR A SENHORITA EDINALVA DE SOUZA CARVALHO, PARA EXERCER AS FUN\u00c7\u00d5ES DE CHEFE DE SE\u00c7\u00c3O"}, {"id": "4082", "ano": "2014", "numero": "3", "tipo__sigla": "EDA", "tipo__descricao": "Edital - Audi\u00eancia", "texto_integral": "http://sapl.sarandi.pr.leg.br/media/./sapl/public/normajuridica/2014/4082/4082_texto_integral.pdf", "ementa": "O PRESIDENTE DA C\u00c2MARA MUNICIPAL DE SARANDI, SENHOR RAFAEL PSZYBYLSKI, NO USO DE SUAS ATRIBUI\u00c7\u00d5ES LEGAIS, E EM ESPECIAL O ARTIGO 9\u00b0 PAR\u00c1GRAFO 4\u00ba, DA LEI COMPLEMENTAR N\u00ba 101/2000, DE 04/05/2000, \"LRF - LEI DE RESPONSABILIDADE FISCAL\", CONVIDA, PARA A, \"AUDI\u00caNCIA PUBLICA\", DE DEMONSTRA\u00c7\u00c3O E AVALIA\u00c7\u00c3O E CUMPRIMENTO DAS METAS FISCAIS DO 1\u00b0 QUADRIMESTRE DE 2014, OU SEJA, DE JANEIRO, FEVEREIRO, MAR\u00c7O E ABRIL DE 2014, DO PODER EXECUTIVO MUNICIPAL, DA CAIXA DE APOSENTADORIA E PENS\u00c3O DOS SERVIDORES MUNICIPAIS DE SARANDI - PRESERV, E \u00c1GUAS DE SARANDI - SERVI\u00c7O MUNICIPAL DE SANEAMENTO AMBIENTAL, QUE ACONTECER\u00c1:\r\n\r\nDIA: 30 DE MAIO DE 2014.\r\n\r\nHOR\u00c1RIO: \u00c0S 18:00 HORAS.\r\n\r\nLOCAL: C\u00c2MARA MUNICIPAL DE SARANDI -AV. MARING\u00c1, 660 - CENTRO."}, {"id": "3634", "ano": "2014", "numero": "40", "tipo__sigla": "POR", "tipo__descricao": "Portaria", "texto_integral": "http://sapl.sarandi.pr.leg.br/media/sapl/public/normajuridica/2014/3634/portaria_n_0040-2014.pdf", "ementa": "EXONERAR ANDR\u00c9IA GOMES, DAS FUN\u00c7\u00d5ES DE CHEFE DE SE\u00c7\u00c3O, DESTA CASA DE LEIS. FICANDO REVOGADA A PORTARIA N\u00b0 033/2009"}, {"id": "3554", "ano": "2014", "numero": "2088", "tipo__sigla": "LEI", "tipo__descricao": "Lei Ordin\u00e1ria", "texto_integral": "http://sapl.sarandi.pr.leg.br/media/sapl/public/normajuridica/2014/3554/lei_no_2088-2014_para_site.pdf", "ementa": "Disp\u00f5e sobre a abertura de Cr\u00e9dito Adicional Especial, na forma que especifica."}, {"id": "3552", "ano": "2014", "numero": "2087", "tipo__sigla": "LEI", "tipo__descricao": "Lei Ordin\u00e1ria", "texto_integral": "http://sapl.sarandi.pr.leg.br/media/sapl/public/normajuridica/2014/3552/lei_no_2087-2014_para_site.pdf", "ementa": "Reconhece e declara de utilidade p\u00fablica APPF PADRE REGINALDO DE LIMA."}, {"id": "3551", "ano": "2014", "numero": "2086", "tipo__sigla": "LEI", "tipo__descricao": "Lei Ordin\u00e1ria", "texto_integral": "http://sapl.sarandi.pr.leg.br/media/sapl/public/normajuridica/2014/3551/lei_no_2086-2014_para_site.pdf", "ementa": "Regulamenta o Tr\u00e2nsito da Rua Nova Londrina e d\u00e1 outras provid\u00eancias."}, {"id": "3550", "ano": "2014", "numero": "2085", "tipo__sigla": "LEI", "tipo__descricao": "Lei Ordin\u00e1ria", "texto_integral": "http://sapl.sarandi.pr.leg.br/media/sapl/public/normajuridica/2014/3550/dec._leg._no_003-2014.pdf", "ementa": "Regulamenta a sinaliza\u00e7\u00e3o de Tr\u00e2nsito nos estacionamentos de cargas e descargas para as vias p\u00fablicas do munic\u00edpio de Sarandi e d\u00e1 outras provid\u00eancias."}, {"id": "3549", "ano": "2014", "numero": "2084", "tipo__sigla": "LEI", "tipo__descricao": "Lei Ordin\u00e1ria", "texto_integral": "http://sapl.sarandi.pr.leg.br/media/sapl/public/normajuridica/2014/3549/lei_no_2084-2014_para_site.pdf", "ementa": "D\u00e1 denomina\u00e7\u00e3o \u00e0 Rua Projetada \u201cA\u201d no Jardim OURO VERDE III, como Rua \u201cPioneiro Vit\u00f3rio Volpato\u201d, e da outras provid\u00eancias."}, {"id": "3548", "ano": "2014", "numero": "2083", "tipo__sigla": "LEI", "tipo__descricao": "Lei Ordin\u00e1ria", "texto_integral": "http://sapl.sarandi.pr.leg.br/media/sapl/public/normajuridica/2014/3548/lei_no_2083-2014_para_site.pdf", "ementa": "Autoriza a Doa\u00e7\u00e3o do Im\u00f3vel constitu\u00eddo pela \u00e1rea de terras medindo 900,00 m2, destinada para pra\u00e7a, no trecho compreendido entre a Viela \u201ca\u201d, Viela \u201cb\u201d e Rua Itiquira, no Jardim Ipanema, em Sarandi-Pr., para o Estado do Paran\u00e1, e d\u00e1 outras provid\u00eancias."}, {"id": "3547", "ano": "2014", "numero": "2082", "tipo__sigla": "LEI", "tipo__descricao": "Lei Ordin\u00e1ria", "texto_integral": "http://sapl.sarandi.pr.leg.br/media/sapl/public/normajuridica/2014/3547/lei_no_2082-2014_para_site.pdf", "ementa": "Autoriza a Doa\u00e7\u00e3o do Im\u00f3vel constitu\u00eddo pela \u00e1rea de terras medindo 2.880,00 m2, destinada para pra\u00e7a e 720,00 m2 da Rua Xavantino, no trecho compreendido entre a Viela \u201ca\u201d e Viela \u201cb\u201d, do loteamento denominado Jardim Ipanema, em Sarandi-Pr. para o Estado do Paran\u00e1, e d\u00e1 outras provid\u00eancias."}, {"id": "3546", "ano": "2014", "numero": "2081", "tipo__sigla": "LEI", "tipo__descricao": "Lei Ordin\u00e1ria", "texto_integral": "http://sapl.sarandi.pr.leg.br/media/sapl/public/normajuridica/2014/3546/lei_no_2081-2014_para_site.pdf", "ementa": "Autoriza a Doa\u00e7\u00e3o do Im\u00f3vel constitu\u00eddo pela data de terras 05, da quadra 07, com a \u00e1rea de 4.536,00 m2 do Jardim Ipanema, em Sarandi-Pr., para o Estado do Paran\u00e1, e d\u00e1 outras provid\u00eancias."}, {"id": "3545", "ano": "2014", "numero": "2080", "tipo__sigla": "LEI", "tipo__descricao": "Lei Ordin\u00e1ria", "texto_integral": "http://sapl.sarandi.pr.leg.br/media/sapl/public/normajuridica/2014/3545/lei_no_2080-2014_para_site.pdf", "ementa": "Disp\u00f5e sobre a proibi\u00e7\u00e3o aos Engenheiros da Prefeitura Municipal de assinar a execu\u00e7\u00e3o projetos que dependam da aprova\u00e7\u00e3o do \u00f3rg\u00e3o competente Municipal."}, {"id": "3544", "ano": "2014", "numero": "2079", "tipo__sigla": "LEI", "tipo__descricao": "Lei Ordin\u00e1ria", "texto_integral": "http://sapl.sarandi.pr.leg.br/media/sapl/public/normajuridica/2014/3544/lei_no_2079-2014__para_site.pdf", "ementa": "Concede T\u00edtulo de Cidad\u00e3o Benem\u00e9rito ao Padre LUIZ CARLOS DE AZEVEDO, na forma que especifica."}, {"id": "3633", "ano": "2014", "numero": "39", "tipo__sigla": "POR", "tipo__descricao": "Portaria", "texto_integral": "http://sapl.sarandi.pr.leg.br/media/sapl/public/normajuridica/2014/3633/portaria_n_0039-2014.pdf", "ementa": "CONCEDER PROGRESS\u00c3O FUNCIONAL AO SERVIDOR FRANCISCO ADALBERTO DE SOUZA"}, {"id": "3632", "ano": "2014", "numero": "38", "tipo__sigla": "POR", "tipo__descricao": "Portaria", "texto_integral": "http://sapl.sarandi.pr.leg.br/media/sapl/public/normajuridica/2014/3632/portaria_n_0038-2014.pdf", "ementa": "CONCEDER AO SERVIDOR FRANCISCO ADALBERTO DE SOUZA, ABONO DE PERMAN\u00caNCIA"}, {"id": "3631", "ano": "2014", "numero": "37", "tipo__sigla": "POR", "tipo__descricao": "Portaria", "texto_integral": "http://sapl.sarandi.pr.leg.br/media/sapl/public/normajuridica/2014/3631/portaria_n_0037-2014.pdf", "ementa": "NOMEAR A SERVIDORA ANA PAULA CAMARGOS CARVALHO, PARA COMPOR A COMISS\u00c3O PERMANENTE DE LICITA\u00c7\u00c3O"}, {"id": "3630", "ano": "2014", "numero": "36", "tipo__sigla": "POR", "tipo__descricao": "Portaria", "texto_integral": "http://sapl.sarandi.pr.leg.br/media/sapl/public/normajuridica/2014/3630/portaria_n_0036-2014.pdf", "ementa": "FICA DESIGNADA A SERVIDORA ANGELA ALVES DE ALMEIDA, PARA OCUPAR O CARGO DE CONTROLADOR INTERNO DA C\u00c2MARA MUNICIPAL"}, {"id": "3886", "ano": "2014", "numero": "2", "tipo__sigla": "DL", "tipo__descricao": "Decreto Legislativo", "texto_integral": "http://sapl.sarandi.pr.leg.br/media/./sapl/public/normajuridica/2014/3886/3886_texto_integral.pdf", "ementa": "Disp\u00f5e sobre rejei\u00e7\u00e3o do \"Veto n\u00ba 1/2014\" aposto \u00e0 Lei Municipal n\u00ba 2066/2014, de autoria dos edis vereadores Nelson de Jesus Lima, tendo como co-autores os edis Jos\u00e9 Roberto Grava, Eunildo Zanchim, Erasmo Cardoso Pereira, Cilas Souza Morais e Adilson Marques da Silva, a qual estabelece percentual m\u00ednimo de reserva para preenchimento de cargos em comiss\u00e3o, por pessoas portadoras de defici\u00eancia, no \u00e2mbito da Administra\u00e7\u00e3o P\u00fablica de Sarandi - Paran\u00e1."}, {"id": "3885", "ano": "2014", "numero": "1", "tipo__sigla": "DL", "tipo__descricao": "Decreto Legislativo", "texto_integral": "http://sapl.sarandi.pr.leg.br/media/./sapl/public/normajuridica/2014/3885/3885_texto_integral.pdf", "ementa": "Outorga T\u00edtulo Benem\u00e9rito a Exma. Sra. Doutora Elaine Cristina Sitori, e d\u00e1 outras provid\u00eancias."}, {"id": "3629", "ano": "2014", "numero": "35", "tipo__sigla": "POR", "tipo__descricao": "Portaria", "texto_integral": "http://sapl.sarandi.pr.leg.br/media/sapl/public/normajuridica/2014/3629/portaria_n_0035-2014.pdf", "ementa": "TORNA P\u00daBLICO, QUE A C\u00c2MARA MUNICIPAL DE SARANDI, ESTADO DO PARAN\u00c1, N\u00c3O TER\u00c1 EXPEDIENTE AO P\u00daBLICO, NO DIA 02 DE MAIO DE 2014"}, {"id": "3543", "ano": "2014", "numero": "2078", "tipo__sigla": "LEI", "tipo__descricao": "Lei Ordin\u00e1ria", "texto_integral": "http://sapl.sarandi.pr.leg.br/media/sapl/public/normajuridica/2014/3543/lei_no_2078-2014_para_site.pdf", "ementa": "Reconhece e declara de utilidade p\u00fablica APPF BEATRIZ SILVA PACHECO GON\u00c7ALVES."}, {"id": "3628", "ano": "2014", "numero": "34", "tipo__sigla": "POR", "tipo__descricao": "Portaria", "texto_integral": "http://sapl.sarandi.pr.leg.br/media/sapl/public/normajuridica/2014/3628/portaria_n_0034-2014.pdf", "ementa": "TORNA P\u00daBLICO, QUE A C\u00c2MARA MUNICIPAL DE SARANDI, ESTADO DO PARANA, N\u00c3O TER\u00c1 EXPEDIENTE AO P\u00daBLICO, NO DIA 17 DE ABRIL DE 2014"}, {"id": "3542", "ano": "2014", "numero": "2077", "tipo__sigla": "LEI", "tipo__descricao": "Lei Ordin\u00e1ria", "texto_integral": "http://sapl.sarandi.pr.leg.br/media/sapl/public/normajuridica/2014/3542/lei_no_2077-2014__para_site.pdf", "ementa": "Altera denomina\u00e7\u00e3o de Vias P\u00fablicas do Conjunto Residencial Governador Jos\u00e9 Richa, na forma que especifica."}, {"id": "3541", "ano": "2014", "numero": "2076", "tipo__sigla": "LEI", "tipo__descricao": "Lei Ordin\u00e1ria", "texto_integral": "http://sapl.sarandi.pr.leg.br/media/sapl/public/normajuridica/2014/3541/lei_no_2076-2014_para_site.pdf", "ementa": "D\u00e1 denomina\u00e7\u00e3o \u00e0 Rua Projetada \u201cD\u201d do Jardim S\u00e3o Paulo, na forma que especifica."}, {"id": "3512", "ano": "2014", "numero": "302", "tipo__sigla": "LC", "tipo__descricao": "Lei Complementar", "texto_integral": "http://sapl.sarandi.pr.leg.br/media/sapl/public/normajuridica/2014/3512/lei_complementar_no302-2014_para_site.pdf", "ementa": "Eleva o n\u00famero de vagas do cargo efetivo de contador, do quadro de pessoal permanente, na forma que especifica."}, {"id": "3511", "ano": "2014", "numero": "301", "tipo__sigla": "LC", "tipo__descricao": "Lei Complementar", "texto_integral": "http://sapl.sarandi.pr.leg.br/media/sapl/public/normajuridica/2014/3511/lei_complementar_no301-2014_para_site.pdf", "ementa": "Eleva o n\u00famero de vagas e carga hor\u00e1ria de cargos efetivos; cria cargos efetivos e extingue cargos efetivos da Autarquia \u00c1guas de Sarandi - Servi\u00e7o Municipal de Saneamento Ambiental, na forma que especifica."}, {"id": "3627", "ano": "2014", "numero": "33", "tipo__sigla": "POR", "tipo__descricao": "Portaria", "texto_integral": "http://sapl.sarandi.pr.leg.br/media/sapl/public/normajuridica/2014/3627/portaria_n_0033-2014.pdf", "ementa": "REVOGAR A PORTARIA N\u00b0 22/2014, QUE INSTITUIU A COMISS\u00c3O ESPECIAL DE CONCURSO P\u00daBLICO DA C\u00c2MARA MUNICIPAL DE SARANDI."}, {"id": "3539", "ano": "2014", "numero": "2075", "tipo__sigla": "LEI", "tipo__descricao": "Lei Ordin\u00e1ria", "texto_integral": "http://sapl.sarandi.pr.leg.br/media/sapl/public/normajuridica/2014/3539/lei_no_2075-2014_para_site.pdf", "ementa": "Disp\u00f5e sobre a abertura de Cr\u00e9dito Adicional Especial, na forma que especifica."}, {"id": "3540", "ano": "2014", "numero": "2074", "tipo__sigla": "LEI", "tipo__descricao": "Lei Ordin\u00e1ria", "texto_integral": "http://sapl.sarandi.pr.leg.br/media/sapl/public/normajuridica/2014/3540/lei_no_2074-2014__para_site.pdf", "ementa": "Altera a denomina\u00e7\u00e3o da Rua Santa Terezinha no Jardim Santa Tereza, na forma que especifica."}, {"id": "3538", "ano": "2014", "numero": "2073", "tipo__sigla": "LEI", "tipo__descricao": "Lei Ordin\u00e1ria", "texto_integral": "http://sapl.sarandi.pr.leg.br/media/sapl/public/normajuridica/2014/3538/lei_no_2073-2014__para_site.pdf", "ementa": "Altera a denomina\u00e7\u00e3o da Rua Araguaia do Parque Residencial Bela Vista 2\u00aa Parte, na forma que especifica."}, {"id": "3537", "ano": "2014", "numero": "2072", "tipo__sigla": "LEI", "tipo__descricao": "Lei Ordin\u00e1ria", "texto_integral": "http://sapl.sarandi.pr.leg.br/media/sapl/public/normajuridica/2014/3537/lei_no_2072-2014_para_site.pdf", "ementa": "Autoriza o Poder Executivo Municipal a construir monumentos B\u00edblicos e d\u00e1 outras providencias."}, {"id": "3510", "ano": "2014", "numero": "300", "tipo__sigla": "LC", "tipo__descricao": "Lei Complementar", "texto_integral": "http://sapl.sarandi.pr.leg.br/media/sapl/public/normajuridica/2014/3510/lei_complementar_no300-2014_para_site.pdf", "ementa": "Eleva o n\u00famero de vagas de cargos efetivos, do Quadro de Pessoal Permanente, na forma que especifica."}, {"id": "4039", "ano": "2014", "numero": "4", "tipo__sigla": "ATP", "tipo__descricao": "Ato da Presid\u00eancia", "texto_integral": "http://sapl.sarandi.pr.leg.br/media/./sapl/public/normajuridica/2014/4039/4039_texto_integral.pdf", "ementa": "Resolve dispensar a partir desta data, a ocupante do Cargo de Chefe de Gabinete desta Presid\u00eancia, do controle de frequ\u00eancia dos servidores da C\u00e2mara Municipal de Sarandi, realizado atrav\u00e9s do ponto eletr\u00f4nico, disciplinado por meio do Ato da Presid\u00eancia n\u00ba 005/2010, de 17 de setembro de 2010."}, {"id": "3509", "ano": "2014", "numero": "299", "tipo__sigla": "LC", "tipo__descricao": "Lei Complementar", "texto_integral": "http://sapl.sarandi.pr.leg.br/media/sapl/public/normajuridica/2014/3509/lei_complementar_no_299-2014_para_site.pdf", "ementa": "Altera o quadro de pessoal da Caixa de Aposentadoria e Pens\u00e3o dos Servidores Municipais de Sarandi - PRESERV e d\u00e1 outras provid\u00eancias."}, {"id": "3626", "ano": "2014", "numero": "32", "tipo__sigla": "POR", "tipo__descricao": "Portaria", "texto_integral": "http://sapl.sarandi.pr.leg.br/media/sapl/public/normajuridica/2014/3626/portaria_n_0032-2014.pdf", "ementa": "CONCEDER PROGRESS\u00c3O FUNCIONAL A SERVIDORA M\u00d4NICA CRISTINA GONZALVES"}, {"id": "3625", "ano": "2014", "numero": "31", "tipo__sigla": "POR", "tipo__descricao": "Portaria", "texto_integral": "http://sapl.sarandi.pr.leg.br/media/sapl/public/normajuridica/2014/3625/portaria_n_0031-2014.pdf", "ementa": "NOMEAR KARIN WEISE, PARA EXERCER AS FUN\u00c7\u00d5ES DE ASSESSOR JURIDICO"}, {"id": "4038", "ano": "2014", "numero": "3", "tipo__sigla": "ATP", "tipo__descricao": "Ato da Presid\u00eancia", "texto_integral": "http://sapl.sarandi.pr.leg.br/media/./sapl/public/normajuridica/2014/4038/4038_texto_integral.pdf", "ementa": "Comunica a contrata\u00e7\u00e3o de Assessor Jur\u00eddico, S\u00edmbolo CC2, Cargo este de provimento em comiss\u00e3o, constante da Lei Complementar n\u00ba 088/2003, de 23 de junho de 2003 e da Resolu\u00e7\u00e3o n\u00ba 001/2008, de 04 de abril de 2008, atrav\u00e9s da Portaria n\u00ba 031/2014 de 17 de mar\u00e7o de 2014, isto em Car\u00e1ter Excepcional, para receber em especial as atribui\u00e7\u00f5es mencionadas acima, durante o per\u00edodo necess\u00e1rio."}, {"id": "4037", "ano": "2014", "numero": "2", "tipo__sigla": "ATP", "tipo__descricao": "Ato da Presid\u00eancia", "texto_integral": "http://sapl.sarandi.pr.leg.br/media/./sapl/public/normajuridica/2014/4037/4037_texto_integral.pdf", "ementa": "Resolve dispensar a partir desta data, os ocupantes dos cargos de Procurador e de Assessor Jur\u00eddico deste Legislativo, do controle de frequ\u00eancia dos servidores da C\u00e2mara Municipal de Sarandi, realizado atrav\u00e9s do ponto eletr\u00f4nico, disciplinado por meio do Ato da Previd\u00eancia n\u00ba 005/2010, de 17 de setembro de 2010."}, {"id": "3624", "ano": "2014", "numero": "30", "tipo__sigla": "POR", "tipo__descricao": "Portaria", "texto_integral": "http://sapl.sarandi.pr.leg.br/media/sapl/public/normajuridica/2014/3624/portaria_n_0030-2014.pdf", "ementa": "EXONERAR \u00c0 PEDIDO, A SENHORITA LUCIENE ASSONI TIMB\u00d3 DE SOUZA, DO CARGO DE PRESIDENTE DA COMISS\u00c3O PERMANENTE DE PROCESSO ADMINISTRATIVO DISCIPLINAR DESTA CASA DE LEIS"}, {"id": "3623", "ano": "2014", "numero": "29", "tipo__sigla": "POR", "tipo__descricao": "Portaria", "texto_integral": "http://sapl.sarandi.pr.leg.br/media/sapl/public/normajuridica/2014/3623/portaria_n_0029-2014.pdf", "ementa": "EXONERAR \u00c0 PEDIDO, A SENHORITA LUCIENE ASSONI TIMB\u00d3 DE SOUZA, DO CARGO DE SECRET\u00c1RIA DA COMISS\u00c3O ESPECIAL DE CONCURSO P\u00daBLICO DESTA CASA DE LEIS"}, {"id": "3622", "ano": "2014", "numero": "28", "tipo__sigla": "POR", "tipo__descricao": "Portaria", "texto_integral": "http://sapl.sarandi.pr.leg.br/media/sapl/public/normajuridica/2014/3622/portaria_n_0028-2014.pdf", "ementa": "EXONERAR \u00c0 PEDIDO, A SENHORITA LUCIENE ASSONI TIMB\u00d3 DE SOUZA, DO CARGO DE CONTROLADOR INTERNO DESTA CASA DE LEIS"}, {"id": "3621", "ano": "2014", "numero": "27", "tipo__sigla": "POR", "tipo__descricao": "Portaria", "texto_integral": "http://sapl.sarandi.pr.leg.br/media/sapl/public/normajuridica/2014/3621/portaria_n_0027-2014.pdf", "ementa": "EXONERAR \u00c0 PEDIDO, A SENHORITA LUCIENE ASSONI TIMB\u00d3 DE SOUZA, DO CARGO DE ADVOGADO DESTA CASA DE LEIS"}, {"id": "3536", "ano": "2014", "numero": "2071", "tipo__sigla": "LEI", "tipo__descricao": "Lei Ordin\u00e1ria", "texto_integral": "http://sapl.sarandi.pr.leg.br/media/sapl/public/normajuridica/2014/3536/lei_no_2071-2014_para_site.pdf", "ementa": "Autoriza o Munic\u00edpio de Sarandi, atrav\u00e9s do Chefe do Poder Executivo, a conceder escritura de im\u00f3vel doado \u00e0s fam\u00edlias de baixa renda e d\u00e1 outras provid\u00eancias."}, {"id": "3535", "ano": "2014", "numero": "2070", "tipo__sigla": "LEI", "tipo__descricao": "Lei Ordin\u00e1ria", "texto_integral": "http://sapl.sarandi.pr.leg.br/media/sapl/public/normajuridica/2014/3535/lei_no_2070-2014__para_site.pdf", "ementa": "Disp\u00f5e sobre a concess\u00e3o de di\u00e1rias ao Prefeito e Vice-Prefeito Municipal, na forma que especifica."}, {"id": "3534", "ano": "2014", "numero": "2069", "tipo__sigla": "LEI", "tipo__descricao": "Lei Ordin\u00e1ria", "texto_integral": "http://sapl.sarandi.pr.leg.br/media/sapl/public/normajuridica/2014/3534/lei_no_2069-2014__para_site.pdf", "ementa": "Disp\u00f5e sobre a abertura de Cr\u00e9dito Adicional Especial, na forma que especifica."}, {"id": "3533", "ano": "2014", "numero": "2068", "tipo__sigla": "LEI", "tipo__descricao": "Lei Ordin\u00e1ria", "texto_integral": "http://sapl.sarandi.pr.leg.br/media/sapl/public/normajuridica/2014/3533/lei_no_2068-2014_para_site.pdf", "ementa": "Define como sentido \u00fanico o trecho da Rua Domingos Pileggi, entre as Avenidas \u00c2ngelo Perini e Albino Zanchim e fixa o estacionamento somente do lado direito e d\u00e1 outras provid\u00eancias."}, {"id": "3532", "ano": "2014", "numero": "2067", "tipo__sigla": "LEI", "tipo__descricao": "Lei Ordin\u00e1ria", "texto_integral": "http://sapl.sarandi.pr.leg.br/media/sapl/public/normajuridica/2014/3532/lei_no_2067-2014_para_site.pdf", "ementa": "D\u00e1 denomina\u00e7\u00e3o \u00e0 Rua J, do Conjunto Residencial Mau\u00e1 e d\u00e1 outras provid\u00eancias."}, {"id": "3531", "ano": "2014", "numero": "2066", "tipo__sigla": "LEI", "tipo__descricao": "Lei Ordin\u00e1ria", "texto_integral": "http://sapl.sarandi.pr.leg.br/media/sapl/public/normajuridica/2014/3531/lei_no_2066-2014.pdf", "ementa": "Estabelece percentual m\u00ednimo de reserva para preenchimento de cargos em comiss\u00e3o, por pessoas portadoras de defici\u00eancia, no \u00e2mbito da Administra\u00e7\u00e3o P\u00fablica de Sarandi - Paran\u00e1."}, {"id": "3508", "ano": "2014", "numero": "298", "tipo__sigla": "LC", "tipo__descricao": "Lei Complementar", "texto_integral": "http://sapl.sarandi.pr.leg.br/media/sapl/public/normajuridica/2014/3508/lei_complementar_no298-2014_para_site.pdf", "ementa": "Disp\u00f5e sobre a altera\u00e7\u00e3o da Lei Complementar n\u00ba 265/2012, na forma que especifica."}, {"id": "3620", "ano": "2014", "numero": "26", "tipo__sigla": "POR", "tipo__descricao": "Portaria", "texto_integral": "http://sapl.sarandi.pr.leg.br/media/sapl/public/normajuridica/2014/3620/portaria_n_0026-2014.pdf", "ementa": "DESIGNAR A SERVIDORA CAMILA DE SOUZA BUENO DOS SANTOS, PARA OCUPAR INTERINAMENTE O CARGO DE CHEFE DA DIVIS\u00c3O DE PROTOCOLO E ARQUIVO E PATRIM\u00d4NIO DA C\u00c2MARA MUNICIPAL"}, {"id": "3619", "ano": "2014", "numero": "25", "tipo__sigla": "POR", "tipo__descricao": "Portaria", "texto_integral": "http://sapl.sarandi.pr.leg.br/media/sapl/public/normajuridica/2014/3619/portaria_n_0025-2014.pdf", "ementa": "CONCEDER PROGRESS\u00c3O POR DESEMPENHO AO SERVIDOR ROVILSON JOS\u00c9\r\nARANTES"}, {"id": "3618", "ano": "2014", "numero": "24", "tipo__sigla": "POR", "tipo__descricao": "Portaria", "texto_integral": "http://sapl.sarandi.pr.leg.br/media/sapl/public/normajuridica/2014/3618/portaria_n_0024-2014.pdf", "ementa": "CONCEDER PROGRESS\u00c3O POR DESEMPENHO A SERVIDORA LUCIENE ASSONI\r\nTIMB\u00d3 DE SOUZA"}, {"id": "3530", "ano": "2014", "numero": "2065", "tipo__sigla": "LEI", "tipo__descricao": "Lei Ordin\u00e1ria", "texto_integral": "http://sapl.sarandi.pr.leg.br/media/sapl/public/normajuridica/2014/3530/lei_no_2065-2014_para_site.pdf", "ementa": "Disp\u00f5e sobre a altera\u00e7\u00e3o da Lei n\u00ba 2027/2013, na forma que especifica."}, {"id": "3529", "ano": "2014", "numero": "2064", "tipo__sigla": "LEI", "tipo__descricao": "Lei Ordin\u00e1ria", "texto_integral": "http://sapl.sarandi.pr.leg.br/media/sapl/public/normajuridica/2014/3529/lei_no_2064-2014_para_site.pdf", "ementa": "Denomina o Centro Municipal de Especialidades, na forma que especifica."}, {"id": "3507", "ano": "2014", "numero": "297", "tipo__sigla": "LC", "tipo__descricao": "Lei Complementar", "texto_integral": "http://sapl.sarandi.pr.leg.br/media/sapl/public/normajuridica/2014/3507/lei_complementar_no297-2014_para_site.pdf", "ementa": "Disp\u00f5e sobre altera\u00e7\u00f5es na Estrutura Administrativa do Munic\u00edpio, criada atrav\u00e9s da Lei Complementar n\u00ba 115/2005, de 27 de maio de 2005, na forma que especifica."}, {"id": "4079", "ano": "2014", "numero": "2", "tipo__sigla": "EDA", "tipo__descricao": "Edital - Audi\u00eancia", "texto_integral": "http://sapl.sarandi.pr.leg.br/media/./sapl/public/normajuridica/2014/4079/4079_texto_integral.pdf", "ementa": "O PRESIDENTE DA C\u00c2MARA MUNICIPAL DE SARANDI, SENHOR RAFAEL PSZYBYLSKI, NO USO DE SUAS ATRIBUI\u00c7\u00d5ES LEGAIS, E EM ESPECIAL O ARTIGO 9\u00b0 PAR\u00c1GRAFO 4\u00b0, DA LEI COMPLEMENTAR N\u00ba 101/2000, DE 04/05/2000, \"LRF - LEI DE RESPONSABILIDADE FISCAL\", E CONVIDA, PARA A \"AUDI\u00caNCIA PUBLICA\", DE DEMONSTRA\u00c7\u00c3O E AVALIA\u00c7\u00c3O E CUMPRIMENTO DAS METAS FISCAIS DO 3\u00b0 QUADRIMESTRE DE 2013, OU SEJA, DE SETEMBRO, OUTUBRO, NOVEMBRO E DEZEMBRO DE 2013, DO PODER EXECUTIVO MUNICIPAL, DA CAIXA DE APOSENTADORIA E PENS\u00c3O DOS SERVIDORES MUNICIPAIS DE SARANDI - PRESERV, E \u00c1GUAS DE SARANDI - SERVI\u00c7O MUNICIPAL DE SANEAMENTO AMBIENTAL, QUE ACONTECER\u00c1:\r\n\r\nDIA: 27 DE FEVEREIRO DE 2014.\r\n\r\nHOR\u00c1RIO: \u00c0S 18:00 HORAS.\r\n\r\nLOCAL: C\u00c2MARA MUNICIPAL DE SARANDI-AV. MARING\u00c1, 660 - CENTRO."}, {"id": "3528", "ano": "2014", "numero": "2063", "tipo__sigla": "LEI", "tipo__descricao": "Lei Ordin\u00e1ria", "texto_integral": "http://sapl.sarandi.pr.leg.br/media/sapl/public/normajuridica/2014/3528/lei_no_2063-2014__para_site.pdf", "ementa": "Autoriza o Executivo Municipal a ampliar o Fundo Rotativo Municipal, atrav\u00e9s do repasse mensal de recursos financeiros aos Estabelecimentos de Ensino da Rede Municipal e d\u00e1 outras provid\u00eancias."}, {"id": "3527", "ano": "2014", "numero": "2062", "tipo__sigla": "LEI", "tipo__descricao": "Lei Ordin\u00e1ria", "texto_integral": "http://sapl.sarandi.pr.leg.br/media/sapl/public/normajuridica/2014/3527/lei_no_2062-2014_para_site.pdf", "ementa": "Autoriza o Munic\u00edpio de Sarandi, atrav\u00e9s do Chefe do Poder Executivo, a conceder escritura de im\u00f3vel doado a fam\u00edlias de baixa renda, que ocupavam os terrenos do Munic\u00edpio e que foram permutados com o Sr. Santo Yolando Chinarelli em 1995, visando concluir a doa\u00e7\u00e3o j\u00e1 realizada a partir de 1995, atrav\u00e9s da Lei 612/95 e d\u00e1 outras provid\u00eancias."}, {"id": "3526", "ano": "2014", "numero": "2061", "tipo__sigla": "LEI", "tipo__descricao": "Lei Ordin\u00e1ria", "texto_integral": "http://sapl.sarandi.pr.leg.br/media/sapl/public/normajuridica/2014/3526/lei_no_2061-2014_para_site.pdf", "ementa": "Autoriza o Chefe do Poder Executivo do Munic\u00edpio de Sarandi a efetuar permuta de im\u00f3veis e d\u00e1 outras provid\u00eancias."}, {"id": "3617", "ano": "2014", "numero": "23", "tipo__sigla": "POR", "tipo__descricao": "Portaria", "texto_integral": "http://sapl.sarandi.pr.leg.br/media/sapl/public/normajuridica/2014/3617/portaria_n_0023-2014.pdf", "ementa": "CONCEDER PROGRESS\u00c3O POR APERFEI\u00c7OAMENTO E CAPACITA\u00c7\u00c3O A SERVIDORA ANGELA ALVES DE ALMEIDA"}, {"id": "3884", "ano": "2014", "numero": "1", "tipo__sigla": "RES", "tipo__descricao": "Resolu\u00e7\u00e3o", "texto_integral": "http://sapl.sarandi.pr.leg.br/media/./sapl/public/normajuridica/2014/3884/3884_texto_integral.pdf", "ementa": "Disp\u00f5e sobre a concess\u00e3o de Di\u00e1rias."}, {"id": "3616", "ano": "2014", "numero": "22", "tipo__sigla": "POR", "tipo__descricao": "Portaria", "texto_integral": "http://sapl.sarandi.pr.leg.br/media/sapl/public/normajuridica/2014/3616/1.pdf", "ementa": "DESIGNAR PARA COMPOR A COMISS\u00c3O ESPECIAL DE CONCURSO P\u00daBLICO DA C\u00c2MARA MUNICIPAL DE SARANDI"}, {"id": "3525", "ano": "2014", "numero": "2060", "tipo__sigla": "LEI", "tipo__descricao": "Lei Ordin\u00e1ria", "texto_integral": "http://sapl.sarandi.pr.leg.br/media/sapl/public/normajuridica/2014/3525/lei_no_2060-2014__para_site.pdf", "ementa": "Revoga a Lei Municipal n\u00ba 1802/2011, de 16/05/2011, na forma que especifica."}, {"id": "3506", "ano": "2014", "numero": "296", "tipo__sigla": "LC", "tipo__descricao": "Lei Complementar", "texto_integral": "http://sapl.sarandi.pr.leg.br/media/sapl/public/normajuridica/2014/3506/lei_complementar_no296-2014_para_site.pdf", "ementa": "Cria o cargo de provimento efetivo de m\u00e9dico do trabalho, e d\u00e1 outras provid\u00eancias."}, {"id": "3505", "ano": "2014", "numero": "295", "tipo__sigla": "LC", "tipo__descricao": "Lei Complementar", "texto_integral": "http://sapl.sarandi.pr.leg.br/media/sapl/public/normajuridica/2014/3505/lei_complementar_no295-2014_para_site.pdf", "ementa": "Cria o cargo de provimento efetivo, vagas e outras provid\u00eancias."}, {"id": "3615", "ano": "2014", "numero": "21", "tipo__sigla": "POR", "tipo__descricao": "Portaria", "texto_integral": "http://sapl.sarandi.pr.leg.br/media/sapl/public/normajuridica/2014/3615/portaria_n_0021-2014.pdf", "ementa": "CONCEDER PROGRESS\u00c3O FUNCIONAL POR DESEMPENHO A SERVIDORA MARIA APARECIDA DA SOLIDADE"}, {"id": "3614", "ano": "2014", "numero": "20", "tipo__sigla": "POR", "tipo__descricao": "Portaria", "texto_integral": "http://sapl.sarandi.pr.leg.br/media/sapl/public/normajuridica/2014/3614/portaria_n_0020-2014.pdf", "ementa": "CONCEDER PROGRESS\u00c3O FUNCIONAL POR DESEMPENHO A SERVIDORA EDITE NUNES DA SILVA"}, {"id": "3613", "ano": "2014", "numero": "19", "tipo__sigla": "POR", "tipo__descricao": "Portaria", "texto_integral": "http://sapl.sarandi.pr.leg.br/media/sapl/public/normajuridica/2014/3613/portaria_n_0019-2014.pdf", "ementa": "CONCEDER PROGRESS\u00c3O FUNCIONAL POR DESEMPENHO A DALVECIR APARECIDO BONORA."}, {"id": "3612", "ano": "2014", "numero": "18", "tipo__sigla": "POR", "tipo__descricao": "Portaria", "texto_integral": "http://sapl.sarandi.pr.leg.br/media/sapl/public/normajuridica/2014/3612/portaria_n_0018-2014.pdf", "ementa": "CONCEDER PROGRESS\u00c3O FUNCIONAL POR DESEMPENHO A SERVIDORA CLEONICE IZIDIO DE AZEVEDO"}, {"id": "3611", "ano": "2014", "numero": "17", "tipo__sigla": "POR", "tipo__descricao": "Portaria", "texto_integral": "http://sapl.sarandi.pr.leg.br/media/sapl/public/normajuridica/2014/3611/1.pdf", "ementa": "CONCEDER LICEN\u00c7A ESPECIAL A SERVIDORA M\u00d4NICA CRISTINA GONZALVES"}, {"id": "3610", "ano": "2014", "numero": "16", "tipo__sigla": "POR", "tipo__descricao": "Portaria", "texto_integral": "http://sapl.sarandi.pr.leg.br/media/sapl/public/normajuridica/2014/3610/portaria_n_0016-2014.pdf", "ementa": "CONCEDER PROGRESS\u00c3O POR APERFEI\u00c7OAMENTO E CAPACITA\u00c7\u00c3O A SERVIDORA LUCIENE ASSONI TIMBO DE SOUZA"}, {"id": "3609", "ano": "2014", "numero": "15", "tipo__sigla": "POR", "tipo__descricao": "Portaria", "texto_integral": "http://sapl.sarandi.pr.leg.br/media/sapl/public/normajuridica/2014/3609/portaria_n_0015-2014.pdf", "ementa": "ENQUADRAR A SERVIDOR ROVILSON JOS\u00c9 ARANTES, NO N\u00cdVEL GOP-2-A, REFER\u00caNCIA 9, DO QUADRO DE PESSOAL EFETIVO"}, {"id": "3608", "ano": "2014", "numero": "14", "tipo__sigla": "POR", "tipo__descricao": "Portaria", "texto_integral": "http://sapl.sarandi.pr.leg.br/media/sapl/public/normajuridica/2014/3608/portaria_n_0014-2014.pdf", "ementa": "ENQUADRAR A SERVIDORA LUCIENE ASSONI TIMB\u00d3 DC SOUZA., NO N\u00cdVEL GOP-1-A, REFER\u00caNCIA 9, DO QUADRO DE PESSOAL EFETIVO"}, {"id": "3607", "ano": "2014", "numero": "13", "tipo__sigla": "POR", "tipo__descricao": "Portaria", "texto_integral": "http://sapl.sarandi.pr.leg.br/media/sapl/public/normajuridica/2014/3607/portaria_n_0013-2014.pdf", "ementa": "ENQUADRAR A SERVIDORA CAMILA DE SOUZA BUENO DOS SANTOS, NO N\u00cdVEL GOL-5-A, REFER\u00caNCIA 3, DO QUADRO DE PESSOAL EFETIVO"}, {"id": "3606", "ano": "2014", "numero": "12", "tipo__sigla": "POR", "tipo__descricao": "Portaria", "texto_integral": "http://sapl.sarandi.pr.leg.br/media/sapl/public/normajuridica/2014/3606/portaria_n_0012-2014.pdf", "ementa": "ENQUADRAR A SERVIDORA ANGELA ALVES DE ALMEIDA, NO N\u00cdVEL GOL-4-A, REFER\u00caNCIA 3, DO QUADRO DE PESSOAL EFETIVO"}, {"id": "3605", "ano": "2014", "numero": "11", "tipo__sigla": "POR", "tipo__descricao": "Portaria", "texto_integral": "http://sapl.sarandi.pr.leg.br/media/sapl/public/normajuridica/2014/3605/portaria_n_0011-2014.pdf", "ementa": "ENQUADRAR A SERVIDORA M\u00d4NICA CRISTINA GONZALVEZ, NO N\u00cdVEL GOA, REFER\u00caNCIA 13, DO QUADRO DE PESSOAL EFETIVO"}, {"id": "3602", "ano": "2014", "numero": "10", "tipo__sigla": "POR", "tipo__descricao": "Portaria", "texto_integral": "http://sapl.sarandi.pr.leg.br/media/sapl/public/normajuridica/2014/3602/portaria_n_0010-2014.pdf", "ementa": "ENQUADRAR A SERVIDORA MARIA APARECIDA DA SOLIDADE, NO N\u00cdVEL GOSG, REFER\u00caNCIA 21, DO QUADRO DE PESSOAL EFETIVO"}, {"id": "3600", "ano": "2014", "numero": "9", "tipo__sigla": "POR", "tipo__descricao": "Portaria", "texto_integral": "http://sapl.sarandi.pr.leg.br/media/sapl/public/normajuridica/2014/3600/portaria_n_0009-2014.pdf", "ementa": "ENQUADRAR A SERVIDOR FRANCISCO ADALBERTO DE SOUZA, NO N\u00cdVEL GOSP, REFER\u00caNCIA 13, DO QUADRO DE PESSOAL EFETIVO"}, {"id": "3599", "ano": "2014", "numero": "8", "tipo__sigla": "POR", "tipo__descricao": "Portaria", "texto_integral": "http://sapl.sarandi.pr.leg.br/media/sapl/public/normajuridica/2014/3599/portaria_n_0008-2014.pdf", "ementa": "ENQUADRAR A SERVIDORA EDITE NUNES DA SILVA, NO N\u00cdVEL GOSG, REFER\u00caNCIA 21, DO QUADRO DE PESSOAL EFETIVO"}, {"id": "3598", "ano": "2014", "numero": "7", "tipo__sigla": "POR", "tipo__descricao": "Portaria", "texto_integral": "http://sapl.sarandi.pr.leg.br/media/sapl/public/normajuridica/2014/3598/1.pdf", "ementa": "ENQUADRAR O SERVIDOR DALVECIR APARECIDO BONORA, NO N\u00cdVEL GOA, REFER\u00caNCIA 18, DO QUADRO DE PESSOAL EFETIVO"}, {"id": "3585", "ano": "2014", "numero": "6", "tipo__sigla": "POR", "tipo__descricao": "Portaria", "texto_integral": "http://sapl.sarandi.pr.leg.br/media/sapl/public/normajuridica/2014/3585/portaria_n_0006-2014.pdf", "ementa": "ENQUADRAR A SERVIDORA CLEONICE IZIDIO DE AZEVEDO, NO N\u00cdVEL GOA, REFER\u00caNCIA 33, DO QUADRO DE PESSOAL EFETIVO"}, {"id": "3582", "ano": "2014", "numero": "5", "tipo__sigla": "POR", "tipo__descricao": "Portaria", "texto_integral": "http://sapl.sarandi.pr.leg.br/media/sapl/public/normajuridica/2014/3582/portaria_n_0005-2014.pdf", "ementa": "ENQUADRAR O SERVIDOR AN\u00c9SIO JOS\u00c9 DA SILVA, NO N\u00cdVEL GOSP, REFER\u00caNCIA 35, DO QUADRO DE PESSOAL EFETIVO."}, {"id": "3574", "ano": "2014", "numero": "4", "tipo__sigla": "POR", "tipo__descricao": "Portaria", "texto_integral": "http://sapl.sarandi.pr.leg.br/media/./sapl/public/normajuridica/2014/3574/3574_texto_integral.pdf", "ementa": "CONCESS\u00c3O DE REPOSI\u00c7\u00c3O SALARIAL AOS SERVIDORES "}, {"id": "4189", "ano": "2014", "numero": "1", "tipo__sigla": "ATP", "tipo__descricao": "Ato da Presid\u00eancia", "texto_integral": "http://sapl.sarandi.pr.leg.br/media/./sapl/public/normajuridica/2014/4189/4189_texto_integral.pdf", "ementa": "Ficam por meio deste Ato, institu\u00eddos e regulamentados os procedimentos de avalia\u00e7\u00e3o de desempenho de servidores da C\u00e2mara Municipal de Sarandi, que ser\u00e1 regido pelo manual de avalia\u00e7\u00e3o de desempenho de servidores, que integra o presente instrumento, juntamente com os anexos."}, {"id": "3524", "ano": "2014", "numero": "2059", "tipo__sigla": "LEI", "tipo__descricao": "Lei Ordin\u00e1ria", "texto_integral": "http://sapl.sarandi.pr.leg.br/media/sapl/public/normajuridica/2014/3524/lei_no_2059-2014__para_site.pdf", "ementa": "Disp\u00f5e sobre a atualiza\u00e7\u00e3o monet\u00e1ria dos subs\u00eddios dos Vereadores, na forma que especifica."}, {"id": "3523", "ano": "2014", "numero": "2058", "tipo__sigla": "LEI", "tipo__descricao": "Lei Ordin\u00e1ria", "texto_integral": "http://sapl.sarandi.pr.leg.br/media/sapl/public/normajuridica/2014/3523/lei_no_2058-2014__para_site.pdf", "ementa": "Disp\u00f5e sobre a atualiza\u00e7\u00e3o monet\u00e1ria dos subs\u00eddios do Prefeito, Vice-Prefeito e dos Secret\u00e1rios Municipais, na forma que especifica."}, {"id": "3522", "ano": "2014", "numero": "2057", "tipo__sigla": "LEI", "tipo__descricao": "Lei Ordin\u00e1ria", "texto_integral": "http://sapl.sarandi.pr.leg.br/media/sapl/public/normajuridica/2014/3522/lei_no_2057-2014__para_site.pdf", "ementa": "Autoriza o Chefe do Poder Executivo Municipal a conceder reposi\u00e7\u00e3o salarial, na forma que especifica."}, {"id": "3521", "ano": "2014", "numero": "2056", "tipo__sigla": "LEI", "tipo__descricao": "Lei Ordin\u00e1ria", "texto_integral": "http://sapl.sarandi.pr.leg.br/media/sapl/public/normajuridica/2014/3521/lei_no_2056-2014__para_site.pdf", "ementa": "Autoriza o Chefe do Poder Executivo Municipal a fixar piso m\u00ednimo de vencimentos dos Servidores P\u00fablicos Municipais de Sarandi e d\u00e1 outras provid\u00eancias."}, {"id": "3504", "ano": "2014", "numero": "294", "tipo__sigla": "LC", "tipo__descricao": "Lei Complementar", "texto_integral": "http://sapl.sarandi.pr.leg.br/media/sapl/public/normajuridica/2014/3504/lei_complementar_no294-2014_para_site.pdf", "ementa": "Disp\u00f5e sobre a fixa\u00e7\u00e3o de vencimento inicial dos cargos efetivos da Resolu\u00e7\u00e3o n\u00ba 8/2013, de 19/12/2013 \"Plano de Cargos, Carreira e Remunera\u00e7\u00e3o do Quadro Geral dos Servidores da C\u00e2mara Municipal de Sarandi, Estado do Paran\u00e1\", e d\u00e1 outras provid\u00eancias."}, {"id": "3503", "ano": "2014", "numero": "293", "tipo__sigla": "LC", "tipo__descricao": "Lei Complementar", "texto_integral": "http://sapl.sarandi.pr.leg.br/media/sapl/public/normajuridica/2014/3503/lei_complementar_no293-2014_para_site.pdf", "ementa": "Disp\u00f5e sobre a cria\u00e7\u00e3o da Corregedoria e Ouvidoria da Guarda Municipal de Sarandi e d\u00e1 outras provid\u00eancias."}, {"id": "3573", "ano": "2014", "numero": "3", "tipo__sigla": "POR", "tipo__descricao": "Portaria", "texto_integral": "http://sapl.sarandi.pr.leg.br/media/sapl/public/normajuridica/2014/3573/portaria_n_0003-2014.pdf", "ementa": "HOMOLOGAR, O RESULTADO DAS ELEI\u00c7\u00d5ES DAS COMISS\u00d5ES PERMANENTES DESTA CASA DE LEIS"}, {"id": "3572", "ano": "2014", "numero": "2", "tipo__sigla": "POR", "tipo__descricao": "Portaria", "texto_integral": "http://sapl.sarandi.pr.leg.br/media/sapl/public/normajuridica/2014/3572/portaria_n_0002-2014.pdf", "ementa": "COMPOR A COMISS\u00c3O ESPECIAL DE ENQUADRAMENTO DO QUADRO DE SERVIDORES"}, {"id": "3571", "ano": "2014", "numero": "1", "tipo__sigla": "POR", "tipo__descricao": "Portaria", "texto_integral": "http://sapl.sarandi.pr.leg.br/media/sapl/public/normajuridica/2014/3571/portaria_n_0001-2014.pdf", "ementa": "NOMEIA SERVIDORES PARA COMPOREM A COMISS\u00c3O PERMANENTE DE LICITA\u00c7\u00c3O"}, {"id": "3502", "ano": "2013", "numero": "49", "tipo__sigla": "POR", "tipo__descricao": "Portaria", "texto_integral": "http://sapl.sarandi.pr.leg.br/media/sapl/public/normajuridica/2013/3502/portaria_n_0049-2013.pdf", "ementa": "TORNA P\u00daBLICO O RECESSO LEGISLATIVO"}, {"id": "3453", "ano": "2013", "numero": "2055", "tipo__sigla": "LEI", "tipo__descricao": "Lei Ordin\u00e1ria", "texto_integral": "http://sapl.sarandi.pr.leg.br/media/./sapl/public/normajuridica/2013/3453/3453_texto_integral.pdf", "ementa": "Institui o Conselho Municipal de Sa\u00fade de Sarandi - CMS e d\u00e1 outras provid\u00eancias."}, {"id": "3452", "ano": "2013", "numero": "2054", "tipo__sigla": "LEI", "tipo__descricao": "Lei Ordin\u00e1ria", "texto_integral": "http://sapl.sarandi.pr.leg.br/media/./sapl/public/normajuridica/2013/3452/3452_texto_integral.pdf", "ementa": "Autoriza o Poder Executivo Municipal a delegar, em regime de concess\u00e3o, a explora\u00e7\u00e3o do servi\u00e7o p\u00fablico de transporte coletivo de passageiros no munic\u00edpio de Sarandi e d\u00e1 outras provid\u00eancias."}, {"id": "3380", "ano": "2013", "numero": "292", "tipo__sigla": "LC", "tipo__descricao": "Lei Complementar", "texto_integral": "http://sapl.sarandi.pr.leg.br/media/sapl/public/normajuridica/2013/3380/lei_compl._no_292-2013_para_site.pdf", "ementa": "Disp\u00f5e sobre a altera\u00e7\u00e3o da Lei Complementar n\u00ba 249/2011, na forma que especifica."}, {"id": "4198", "ano": "2013", "numero": "8", "tipo__sigla": "RES", "tipo__descricao": "Resolu\u00e7\u00e3o", "texto_integral": "http://sapl.sarandi.pr.leg.br/media/./sapl/public/normajuridica/2013/4198/4198_texto_integral.pdf", "ementa": "Disp\u00f5e sobre o Plano de Cargos, Carreira e Remunera\u00e7\u00e3o do Quadro Geral dos Servidores da C\u00e2mara Municipal de Sarandi, Estado do Paran\u00e1 e d\u00e1 outras provid\u00eancias."}, {"id": "32", "ano": "2013", "numero": "7", "tipo__sigla": "RES", "tipo__descricao": "Resolu\u00e7\u00e3o", "texto_integral": "http://sapl.sarandi.pr.leg.br/media/./sapl/public/normajuridica/2013/32/32_texto_integral.pdf", "ementa": "Altera e acrescenta dispositivos da Resolu\u00e7\u00e3o n\u00ba 004/94, de 29/12/1994, e d\u00e1 outras provid\u00eancias."}, {"id": "49", "ano": "2013", "numero": "2053", "tipo__sigla": "LEI", "tipo__descricao": "Lei Ordin\u00e1ria", "texto_integral": "http://sapl.sarandi.pr.leg.br/media/sapl/public/normajuridica/2013/49/lei_no_2053-2013_para_site.pdf", "ementa": "Cria a Feira de Artes e Artesanato do Munic\u00edpio de Sarandi - Paran\u00e1 e d\u00e1 outras provid\u00eancias."}, {"id": "3451", "ano": "2013", "numero": "2052", "tipo__sigla": "LEI", "tipo__descricao": "Lei Ordin\u00e1ria", "texto_integral": "http://sapl.sarandi.pr.leg.br/media/./sapl/public/normajuridica/2013/3451/3451_texto_integral.pdf", "ementa": "Fica institu\u00eddo o BODE - Boletim de Ocorr\u00eancia da Dengue, com penalidade aos propriet\u00e1rios, inquilinos e/ou respons\u00e1veis de terrenos e im\u00f3veis que tem servi\u00e7o de dep\u00f3sito de \u00e1gua parada que sirva de criadouro do mosquito da dengue e d\u00e1 outras provid\u00eancias."}, {"id": "3450", "ano": "2013", "numero": "2051", "tipo__sigla": "LEI", "tipo__descricao": "Lei Ordin\u00e1ria", "texto_integral": "http://sapl.sarandi.pr.leg.br/media/./sapl/public/normajuridica/2013/3450/3450_texto_integral.pdf", "ementa": "Torna obrigat\u00f3ria a disponibiliza\u00e7\u00e3o de informa\u00e7\u00f5es sobre o tipo de atendimento oferecido pelos \u00f3rg\u00e3os ou setores da Administra\u00e7\u00e3o Municipal de Sarandi, e d\u00e1 outras provid\u00eancias."}, {"id": "3449", "ano": "2013", "numero": "2050", "tipo__sigla": "LEI", "tipo__descricao": "Lei Ordin\u00e1ria", "texto_integral": "http://sapl.sarandi.pr.leg.br/media/./sapl/public/normajuridica/2013/3449/3449_texto_integral.pdf", "ementa": "Institui o Dia Municipal do Poeta, e d\u00e1 outras provid\u00eancias."}, {"id": "3448", "ano": "2013", "numero": "2049", "tipo__sigla": "LEI", "tipo__descricao": "Lei Ordin\u00e1ria", "texto_integral": "http://sapl.sarandi.pr.leg.br/media/./sapl/public/normajuridica/2013/3448/3448_texto_integral.pdf", "ementa": "Extingue o par\u00e1grafo \u00fanico e cria os par\u00e1grafos 1\u00ba e 2\u00ba, no artigo 1\u00ba, da Lei Municipal n\u00ba 1706/2009, de 08 de dezembro de 2009, e d\u00e1 outras provid\u00eancias."}, {"id": "3444", "ano": "2013", "numero": "2045", "tipo__sigla": "LEI", "tipo__descricao": "Lei Ordin\u00e1ria", "texto_integral": "http://sapl.sarandi.pr.leg.br/media/./sapl/public/normajuridica/2013/3444/3444_texto_integral.pdf", "ementa": "Determina a transpar\u00eancia das contas de \u00e1gua para o nome do locat\u00e1rio do im\u00f3vel ou propriet\u00e1rio que esteja usando o im\u00f3vel e d\u00e1 outras provid\u00eancias."}, {"id": "3447", "ano": "2013", "numero": "2048", "tipo__sigla": "LEI", "tipo__descricao": "Lei Ordin\u00e1ria", "texto_integral": "http://sapl.sarandi.pr.leg.br/media/./sapl/public/normajuridica/2013/3447/3447_texto_integral.pdf", "ementa": "Disp\u00f5e sobre o reembolso de despesas com viagens para Prefeito, Vice-Prefeito, Procurador Jur\u00eddico, Chefe de Gabinete, Secret\u00e1rios Municipais, Servidores Efetivos e Comissionados e d\u00e1 outras provid\u00eancias, na forma que especifica."}, {"id": "3446", "ano": "2013", "numero": "2047", "tipo__sigla": "LEI", "tipo__descricao": "Lei Ordin\u00e1ria", "texto_integral": "http://sapl.sarandi.pr.leg.br/media/./sapl/public/normajuridica/2013/3446/3446_texto_integral.pdf", "ementa": "Disp\u00f5e sobre a obrigatoriedade de uso de colete \u00e0 prova de balas aos Guardas Municipais de Sarandi e d\u00e1 outras provid\u00eancias."}, {"id": "3445", "ano": "2013", "numero": "2046", "tipo__sigla": "LEI", "tipo__descricao": "Lei Ordin\u00e1ria", "texto_integral": "http://sapl.sarandi.pr.leg.br/media/./sapl/public/normajuridica/2013/3445/3445_texto_integral.pdf", "ementa": "Declara de Utilidade P\u00fablica a Associa\u00e7\u00e3o Nova Un\u00e7\u00e3o, na forma especifica."}, {"id": "3379", "ano": "2013", "numero": "291", "tipo__sigla": "LC", "tipo__descricao": "Lei Complementar", "texto_integral": "http://sapl.sarandi.pr.leg.br/media/sapl/public/normajuridica/2013/3379/lei_compl._no_291-2013_para_site.pdf", "ementa": "Eleva o n\u00famero de vagas de cargo efetivo, do Quadro de Pessoal Permanente, na forma que especifica."}, {"id": "35", "ano": "2013", "numero": "6", "tipo__sigla": "RES", "tipo__descricao": "Resolu\u00e7\u00e3o", "texto_integral": "http://sapl.sarandi.pr.leg.br/media/sapl/public/normajuridica/2013/35/resolucao_no_006-2013__para_site.pdf", "ementa": "Disp\u00f5e sobre o reembolso de despesas com viagens para o Presidente, Servidores Efetivos e Comissionados, e d\u00e1 outras provid\u00eancias."}, {"id": "3443", "ano": "2013", "numero": "2044", "tipo__sigla": "LEI", "tipo__descricao": "Lei Ordin\u00e1ria", "texto_integral": "http://sapl.sarandi.pr.leg.br/media/./sapl/public/normajuridica/2013/3443/3443_texto_integral.pdf", "ementa": "D\u00e1 denomina\u00e7\u00e3o \u00e0 Avenida Projetada \"A\", do Conjunto Residencial Governador Jos\u00e9 Richa como \"Avenida Mafalda Guise Negri\"."}, {"id": "3442", "ano": "2013", "numero": "2043", "tipo__sigla": "LEI", "tipo__descricao": "Lei Ordin\u00e1ria", "texto_integral": "http://sapl.sarandi.pr.leg.br/media/./sapl/public/normajuridica/2013/3442/3442_texto_integral.pdf", "ementa": "Regulamenta o tr\u00e2nsito no \u00e2mbito da Rua Jos\u00e9 Munhoz, entre a Av. Maring\u00e1 e a Rua Cuiab\u00e1 e toma outras provid\u00eancias."}, {"id": "3441", "ano": "2013", "numero": "2042", "tipo__sigla": "LEI", "tipo__descricao": "Lei Ordin\u00e1ria", "texto_integral": "http://sapl.sarandi.pr.leg.br/media/./sapl/public/normajuridica/2013/3441/3441_texto_integral.pdf", "ementa": "Disp\u00f5e sobre a obrigatoriedade de coloca\u00e7\u00e3o de tarja sinalizadora em vitrines e assemelhados, e d\u00e1 outras provid\u00eancias."}, {"id": "3440", "ano": "2013", "numero": "2041", "tipo__sigla": "LEI", "tipo__descricao": "Lei Ordin\u00e1ria", "texto_integral": "http://sapl.sarandi.pr.leg.br/media/./sapl/public/normajuridica/2013/3440/3440_texto_integral.pdf", "ementa": "Pro\u00edbe a atividade de guardador de ve\u00edculos, ou \"Flanelinha\" e d\u00e1 outras provid\u00eancias."}, {"id": "3501", "ano": "2013", "numero": "48", "tipo__sigla": "POR", "tipo__descricao": "Portaria", "texto_integral": "http://sapl.sarandi.pr.leg.br/media/sapl/public/normajuridica/2013/3501/portaria_n_0048-2013.pdf", "ementa": "NOMEIA ASSESSOR PARLAMENTAR, KEITTY ALVES PEREIRA"}, {"id": "3439", "ano": "2013", "numero": "2040", "tipo__sigla": "LEI", "tipo__descricao": "Lei Ordin\u00e1ria", "texto_integral": "http://sapl.sarandi.pr.leg.br/media/./sapl/public/normajuridica/2013/3439/3439_texto_integral.pdf", "ementa": "D\u00e1 denomina\u00e7\u00e3o ao Centro Municipal de Educa\u00e7\u00e3o Infantil do Jardim Ouro Verde, na forma que especifica."}, {"id": "3438", "ano": "2013", "numero": "2039", "tipo__sigla": "LEI", "tipo__descricao": "Lei Ordin\u00e1ria", "texto_integral": "http://sapl.sarandi.pr.leg.br/media/./sapl/public/normajuridica/2013/3438/3438_texto_integral.pdf", "ementa": "Denomina Centro de Educa\u00e7\u00e3o Infantil, na forma que especifica."}, {"id": "3437", "ano": "2013", "numero": "2038", "tipo__sigla": "LEI", "tipo__descricao": "Lei Ordin\u00e1ria", "texto_integral": "http://sapl.sarandi.pr.leg.br/media/./sapl/public/normajuridica/2013/3437/3437_texto_integral.pdf", "ementa": "Autoriza o Poder Executivo a firmar contratualiza\u00e7\u00e3o com o PROAMUSEP, para implanta\u00e7\u00e3o e execu\u00e7\u00e3o do SAMU regional - regionaliza\u00e7\u00e3o da rede de urg\u00eancia e emerg\u00eancia, pactuado com a SESA/Paran\u00e1 e o Minist\u00e9rio da Sa\u00fade, atrav\u00e9s da ratifica\u00e7\u00e3o de termo de ades\u00e3o, e formaliza\u00e7\u00e3o de contrato de programa e de rateio, nos termos da legisla\u00e7\u00e3o em vigor, e d\u00e1 outras provid\u00eancias."}, {"id": "3436", "ano": "2013", "numero": "2037", "tipo__sigla": "LEI", "tipo__descricao": "Lei Ordin\u00e1ria", "texto_integral": "http://sapl.sarandi.pr.leg.br/media/./sapl/public/normajuridica/2013/3436/3436_texto_integral.pdf", "ementa": "Disp\u00f5e sobre a abertura de cr\u00e9dito adicional especial, na forma que especifica."}, {"id": "3435", "ano": "2013", "numero": "2036", "tipo__sigla": "LEI", "tipo__descricao": "Lei Ordin\u00e1ria", "texto_integral": "http://sapl.sarandi.pr.leg.br/media/./sapl/public/normajuridica/2013/3435/3435_texto_integral.pdf", "ementa": "Institui o Programa Municipal de Incentivo \u00e0 Cultura - PROMIC, o Fundo Municipal de Cultural - FMC e adota outras provid\u00eancias."}, {"id": "3434", "ano": "2013", "numero": "2035", "tipo__sigla": "LEI", "tipo__descricao": "Lei Ordin\u00e1ria", "texto_integral": "http://sapl.sarandi.pr.leg.br/media/./sapl/public/normajuridica/2013/3434/3434_texto_integral.pdf", "ementa": "Disp\u00f5e sobre a cria\u00e7\u00e3o do Conselho Municipal de Cultural, suas atribui\u00e7\u00f5es e composi\u00e7\u00e3o e d\u00e1 outras provid\u00eancias."}, {"id": "3433", "ano": "2013", "numero": "2034", "tipo__sigla": "LEI", "tipo__descricao": "Lei Ordin\u00e1ria", "texto_integral": "http://sapl.sarandi.pr.leg.br/media/./sapl/public/normajuridica/2013/3433/3433_texto_integral.pdf", "ementa": "Revoga em todos os seus teores a Lei n\u00ba 519/1993, de 30 de janeiro de 1993, a Lei n\u00ba 1984, de 25 de fevereiro de 2013, na forma que especifica."}, {"id": "3500", "ano": "2013", "numero": "47", "tipo__sigla": "POR", "tipo__descricao": "Portaria", "texto_integral": "http://sapl.sarandi.pr.leg.br/media/sapl/public/normajuridica/2013/3500/portaria_n_0047-2013.pdf", "ementa": "EXONERA ASSESSOR PARLAMENTAR, RODRIGO HIGUTI DEL NERO"}, {"id": "37", "ano": "2013", "numero": "5", "tipo__sigla": "RES", "tipo__descricao": "Resolu\u00e7\u00e3o", "texto_integral": "http://sapl.sarandi.pr.leg.br/media/./sapl/public/normajuridica/2013/37/37_texto_integral.pdf", "ementa": "Revoga em todo o seu teor a Resolu\u00e7\u00e3o n\u00ba 001/2005 de 25 de maio de 2005, e d\u00e1 outras provid\u00eancias."}, {"id": "768", "ano": "2013", "numero": "2033", "tipo__sigla": "LEI", "tipo__descricao": "Lei Ordin\u00e1ria", "texto_integral": "http://sapl.sarandi.pr.leg.br/media/./sapl/public/normajuridica/2013/768/768_texto_integral.pdf", "ementa": "Estima a Receita e fixa a Despesa do Munic\u00edpio de Sarandi para o exerc\u00edcio de 2014, no valor de R$ 156.812.625,00."}, {"id": "3432", "ano": "2013", "numero": "2032", "tipo__sigla": "LEI", "tipo__descricao": "Lei Ordin\u00e1ria", "texto_integral": "http://sapl.sarandi.pr.leg.br/media/./sapl/public/normajuridica/2013/3432/3432_texto_integral.pdf", "ementa": "Disp\u00f5e sobre a altera\u00e7\u00e3o do Anexo de metas e prioridades da Lei de Diretrizes Or\u00e7ament\u00e1rias - LDO de 2014, e d\u00e1 outras provid\u00eancias."}, {"id": "3431", "ano": "2013", "numero": "2031", "tipo__sigla": "LEI", "tipo__descricao": "Lei Ordin\u00e1ria", "texto_integral": "http://sapl.sarandi.pr.leg.br/media/./sapl/public/normajuridica/2013/3431/3431_texto_integral.pdf", "ementa": "Disp\u00f5e sobre a altera\u00e7\u00e3o dos Anexos do PPA - Plano Plurianual do Munic\u00edpio de Sarandi do Quadri\u00eanio 2014 a 2017, na forma que especifica."}, {"id": "3430", "ano": "2013", "numero": "2030", "tipo__sigla": "LEI", "tipo__descricao": "Lei Ordin\u00e1ria", "texto_integral": "http://sapl.sarandi.pr.leg.br/media/./sapl/public/normajuridica/2013/3430/3430_texto_integral.pdf", "ementa": "Disp\u00f5e sobre a forma de amortiza\u00e7\u00e3o do d\u00e9ficit t\u00e9cnico do PRESERV - Caixa de Aposentadoria e Pens\u00e3o dos Servidores P\u00fablicos Municipais e d\u00e1 outras provid\u00eancias."}, {"id": "3429", "ano": "2013", "numero": "2029", "tipo__sigla": "LEI", "tipo__descricao": "Lei Ordin\u00e1ria", "texto_integral": "http://sapl.sarandi.pr.leg.br/media/./sapl/public/normajuridica/2013/3429/3429_texto_integral.pdf", "ementa": "Disp\u00f5e sobre a cria\u00e7\u00e3o de Programa de incentivo ao cultivo das plantas citronela e crotal\u00e1ria no munic\u00edpio de Sarandi e d\u00e1 outras provid\u00eancias."}, {"id": "3428", "ano": "2013", "numero": "2028", "tipo__sigla": "LEI", "tipo__descricao": "Lei Ordin\u00e1ria", "texto_integral": "http://sapl.sarandi.pr.leg.br/media/./sapl/public/normajuridica/2013/3428/3428_texto_integral.pdf", "ementa": "Disp\u00f5e sobre a divulga\u00e7\u00e3o, nos meios de comunica\u00e7\u00e3o locais e no site oficial do munic\u00edpio na internet, das obras vi\u00e1rias que venham a interditar o tr\u00e2nsito nas vias p\u00fablicas do munic\u00edpio."}, {"id": "3378", "ano": "2013", "numero": "290", "tipo__sigla": "LC", "tipo__descricao": "Lei Complementar", "texto_integral": "http://sapl.sarandi.pr.leg.br/media/sapl/public/normajuridica/2013/3378/lei_compl._no_290-2013_para_site.pdf", "ementa": "Disp\u00f5e sobre a altera\u00e7\u00e3o da Lei Complementar n\u00ba 248/2010, na forma que especifica."}, {"id": "3499", "ano": "2013", "numero": "46", "tipo__sigla": "POR", "tipo__descricao": "Portaria", "texto_integral": "http://sapl.sarandi.pr.leg.br/media/sapl/public/normajuridica/2013/3499/portaria_n_0046-2013.pdf", "ementa": "CONCEDE PROGRESS\u00c3O FUNCIONAL \u00c0 SERVIDORA, CAMILA DE SOUZA BUENO DOS SANTOS"}, {"id": "3498", "ano": "2013", "numero": "45", "tipo__sigla": "POR", "tipo__descricao": "Portaria", "texto_integral": "http://sapl.sarandi.pr.leg.br/media/sapl/public/normajuridica/2013/3498/portaria_n_0045-2013.pdf", "ementa": "ENQUADRA NO CARGO DE PROVIMENTO EFETIVO, CAMILA DE SOUZA BUENO DOS SANTOS"}, {"id": "465", "ano": "2013", "numero": "2027", "tipo__sigla": "LEI", "tipo__descricao": "Lei Ordin\u00e1ria", "texto_integral": "http://sapl.sarandi.pr.leg.br/media/sapl/public/normajuridica/2013/465/lei_no_2027-2013.pdf", "ementa": "Prop\u00f5e crit\u00e9rio para Pec\u00falio Moradia e alimenta\u00e7\u00e3o para o Programa Mais M\u00e9dicos do Governo Federal."}, {"id": "3427", "ano": "2013", "numero": "2026", "tipo__sigla": "LEI", "tipo__descricao": "Lei Ordin\u00e1ria", "texto_integral": "http://sapl.sarandi.pr.leg.br/media/./sapl/public/normajuridica/2013/3427/3427_texto_integral.pdf", "ementa": "Autoriza o Poder Executivo Municipal a firmar conv\u00eanio com o conselho da comunidade de Sarandi, Estado do Paran\u00e1, e d\u00e1 outras provid\u00eancias."}, {"id": "3426", "ano": "2013", "numero": "2025", "tipo__sigla": "LEI", "tipo__descricao": "Lei Ordin\u00e1ria", "texto_integral": "http://sapl.sarandi.pr.leg.br/media/./sapl/public/normajuridica/2013/3426/3426_texto_integral.pdf", "ementa": "D\u00e1 denomina\u00e7\u00e3o \u00e0 Avenida A, no Jardim Ouro Verde II."}, {"id": "3425", "ano": "2013", "numero": "2024", "tipo__sigla": "LEI", "tipo__descricao": "Lei Ordin\u00e1ria", "texto_integral": "http://sapl.sarandi.pr.leg.br/media/./sapl/public/normajuridica/2013/3425/3425_texto_integral.pdf", "ementa": "Estabelece o Programa Educacional Escola Cidad\u00e3 para o tr\u00e2nsito e o meio ambiente entre os alunos dos quarto e quinto anos da rede p\u00fablica de ensino do munic\u00edpio de Sarandi e d\u00e1 outras provid\u00eancias."}, {"id": "4035", "ano": "2013", "numero": "4", "tipo__sigla": "ATP", "tipo__descricao": "Ato da Presid\u00eancia", "texto_integral": "http://sapl.sarandi.pr.leg.br/media/./sapl/public/normajuridica/2013/4035/4035_texto_integral.pdf", "ementa": "Reintegra Vereador licenciado ao cargo."}, {"id": "3497", "ano": "2013", "numero": "44", "tipo__sigla": "POR", "tipo__descricao": "Portaria", "texto_integral": "http://sapl.sarandi.pr.leg.br/media/sapl/public/normajuridica/2013/3497/portaria_n_0044-2013.pdf", "ementa": "D\u00c1 NOVA REDA\u00c7\u00c3O AO PAR\u00c1GRAFO \u00daNICO DO ARTIGO 1\u00b0 DA\r\nPORTARIA N\" 012/2011 DE 10.02.2011"}, {"id": "3496", "ano": "2013", "numero": "43", "tipo__sigla": "POR", "tipo__descricao": "Portaria", "texto_integral": "http://sapl.sarandi.pr.leg.br/media/sapl/public/normajuridica/2013/3496/portaria_n_0043-2013.pdf", "ementa": "D\u00c1 NOVA REDA\u00c7\u00c3O AO ARTIGO 2\u00b0 DA PORTARIA N\u00b0008/2008, DE 22/02/2008."}, {"id": "3424", "ano": "2013", "numero": "2023", "tipo__sigla": "LEI", "tipo__descricao": "Lei Ordin\u00e1ria", "texto_integral": "http://sapl.sarandi.pr.leg.br/media/./sapl/public/normajuridica/2013/3424/3424_texto_integral.pdf", "ementa": "Revoga a Lei Municipal n\u00ba 174/2010, de 20.09.2010, na forma que especifica."}, {"id": "3423", "ano": "2013", "numero": "2022", "tipo__sigla": "LEI", "tipo__descricao": "Lei Ordin\u00e1ria", "texto_integral": "http://sapl.sarandi.pr.leg.br/media/./sapl/public/normajuridica/2013/3423/3423_texto_integral.pdf", "ementa": "Autoriza o Superintendente do Servi\u00e7o Municipal de Saneamento Ambiental do Munic\u00edpio de Sarandi a efetuar pagamento de pequeno valor e d\u00e1 outras provid\u00eancias."}, {"id": "3377", "ano": "2013", "numero": "289", "tipo__sigla": "LC", "tipo__descricao": "Lei Complementar", "texto_integral": "http://sapl.sarandi.pr.leg.br/media/sapl/public/normajuridica/2013/3377/lei_compl._no_289-2013_para_site.pdf", "ementa": "Institui o Programa de Recupera\u00e7\u00e3o Fiscal - REFIS, no Servi\u00e7o Aut\u00f4nomo de \u00c1gua e Esgoto do Munic\u00edpio de Sarandi-PR, e d\u00e1 outras provid\u00eancias."}, {"id": "3495", "ano": "2013", "numero": "42", "tipo__sigla": "POR", "tipo__descricao": "Portaria", "texto_integral": "http://sapl.sarandi.pr.leg.br/media/sapl/public/normajuridica/2013/3495/portaria_n_0042-2013.pdf", "ementa": "NOMEIA DIRETOR DE DEPARTAMENTO, ANA PAULA CAMARGOS CARVALHO"}, {"id": "3494", "ano": "2013", "numero": "41", "tipo__sigla": "POR", "tipo__descricao": "Portaria", "texto_integral": "http://sapl.sarandi.pr.leg.br/media/sapl/public/normajuridica/2013/3494/portaria_n_0041-2013.pdf", "ementa": "EXONERA CHEFE DE DIVIS\u00c3O, SANDRO SHIRAISHI"}, {"id": "3493", "ano": "2013", "numero": "40", "tipo__sigla": "POR", "tipo__descricao": "Portaria", "texto_integral": "http://sapl.sarandi.pr.leg.br/media/sapl/public/normajuridica/2013/3493/portaria_n_0040-2013.pdf", "ementa": "ANULA AS PORTARIAS 048 E 049 DE 2008"}, {"id": "3422", "ano": "2013", "numero": "2021", "tipo__sigla": "LEI", "tipo__descricao": "Lei Ordin\u00e1ria", "texto_integral": "http://sapl.sarandi.pr.leg.br/media/./sapl/public/normajuridica/2013/3422/3422_texto_integral.pdf", "ementa": "Institui o Dia Municipal do Ciclista Sarandiense e d\u00e1 outras provid\u00eancias."}, {"id": "3421", "ano": "2013", "numero": "2020", "tipo__sigla": "LEI", "tipo__descricao": "Lei Ordin\u00e1ria", "texto_integral": "http://sapl.sarandi.pr.leg.br/media/./sapl/public/normajuridica/2013/3421/3421_texto_integral.pdf", "ementa": "Disp\u00f5e sobre a abertura de cr\u00e9dito adicional especial, na forma que especifica."}, {"id": "3492", "ano": "2013", "numero": "39", "tipo__sigla": "POR", "tipo__descricao": "Portaria", "texto_integral": "http://sapl.sarandi.pr.leg.br/media/sapl/public/normajuridica/2013/3492/portaria_n_0039-2013.pdf", "ementa": "CONCEDE PROGRESS\u00c3O FUNCIONAL A SERVIDORA, ANGELA ALVES DE ALMEIDA"}, {"id": "3491", "ano": "2013", "numero": "38", "tipo__sigla": "POR", "tipo__descricao": "Portaria", "texto_integral": "http://sapl.sarandi.pr.leg.br/media/sapl/public/normajuridica/2013/3491/portaria_n_0038-2013.pdf", "ementa": "ENQUADRAMENTO NO CARGO DE PROVIMENTO EFETIVO, A SERVIDORA \u00c2NGELA ALVES DE ALMEIDA"}, {"id": "4034", "ano": "2013", "numero": "3", "tipo__sigla": "ATP", "tipo__descricao": "Ato da Presid\u00eancia", "texto_integral": "http://sapl.sarandi.pr.leg.br/media/./sapl/public/normajuridica/2013/4034/4034_texto_integral.pdf", "ementa": "Determinar as fun\u00e7\u00f5es administrativas da servidora Cleonice Iz\u00eddio de Azevedo a partir de 12 de agosto de 2013, as quais ser\u00e3o: A) Encaminhamento de todas as correspond\u00eancias recebidas por este \u00f3rg\u00e3o; Redigir respostas \u00e0 todos os of\u00edcios encaminhados para esta Casa Legislativa; C) Protocolo de todos os documentos recebidos por este \u00f3rg\u00e3o; D) Abertura e encaminhamento de processo relativos a requerimentos e demais pedidos encaminhados \u00e0 esta Casa Legislativa."}, {"id": "3490", "ano": "2013", "numero": "37", "tipo__sigla": "POR", "tipo__descricao": "Portaria", "texto_integral": "http://sapl.sarandi.pr.leg.br/media/sapl/public/normajuridica/2013/3490/portaria_n_0037-2013.pdf", "ementa": "NOMEIA COMISS\u00c3O DE FISCALIZA\u00c7\u00c3O DE OBRAS DO ANEXO II, C\u00c2MARA MUNICIPAL DE SARANDI, ALA ADMINISTRATIVA"}, {"id": "5739", "ano": "2013", "numero": "333", "tipo__sigla": "DE", "tipo__descricao": "Decreto Executivo", "texto_integral": "http://sapl.sarandi.pr.leg.br/media/sapl/public/normajuridica/2013/5739/decreto_executivo_no_333-2013.pdf", "ementa": "ESTABELECE NORMAS E PROCEDIMENTOS RELATIVOS \u00c0 CONSTITUI\u00c7\u00c3O DA COMISS\u00c3O JULGADORA DE INDENIZA\u00c7\u00c3O DE PEQUENA MONTA EM PROCESSO ADMINISTRATIVO, BEM COMO SEU RESPECTIVO FUNCIONAMENTO, NA FORMA QUE ESPECIFICA."}, {"id": "3420", "ano": "2013", "numero": "2019", "tipo__sigla": "LEI", "tipo__descricao": "Lei Ordin\u00e1ria", "texto_integral": "http://sapl.sarandi.pr.leg.br/media/./sapl/public/normajuridica/2013/3420/3420_texto_integral.pdf", "ementa": "Disp\u00f5e sobre a abertura de cr\u00e9dito adicional, na forma que especifica."}, {"id": "3419", "ano": "2013", "numero": "2018", "tipo__sigla": "LEI", "tipo__descricao": "Lei Ordin\u00e1ria", "texto_integral": "http://sapl.sarandi.pr.leg.br/media/./sapl/public/normajuridica/2013/3419/3419_texto_integral.pdf", "ementa": "Denomina Centro de Educa\u00e7\u00e3o Infantil, na forma que especifica."}, {"id": "3418", "ano": "2013", "numero": "2017", "tipo__sigla": "LEI", "tipo__descricao": "Lei Ordin\u00e1ria", "texto_integral": "http://sapl.sarandi.pr.leg.br/media/./sapl/public/normajuridica/2013/3418/3418_texto_integral.pdf", "ementa": "Disp\u00f5e sobre a abertura de cr\u00e9dito adicional especial, na forma que especifica."}, {"id": "3417", "ano": "2013", "numero": "2016", "tipo__sigla": "LEI", "tipo__descricao": "Lei Ordin\u00e1ria", "texto_integral": "http://sapl.sarandi.pr.leg.br/media/./sapl/public/normajuridica/2013/3417/3417_texto_integral.pdf", "ementa": "Autoriza o Poder Executivo Municipal a firmar Conv\u00eanio com o Conselho da Comunidade de Sarandi, Estado do Paran\u00e1 e d\u00e1 outras provid\u00eancias."}, {"id": "3376", "ano": "2013", "numero": "288", "tipo__sigla": "LC", "tipo__descricao": "Lei Complementar", "texto_integral": "http://sapl.sarandi.pr.leg.br/media/sapl/public/normajuridica/2013/3376/lei_compl._no_288-2013_para_site.pdf", "ementa": "Disp\u00f5e sobre a altera\u00e7\u00e3o da Lei Complementar n\u00ba 265/2012, que trata da cria\u00e7\u00e3o da Secretaria Municipal de Tr\u00e2nsito, na forma que especifica."}, {"id": "3416", "ano": "2013", "numero": "2015", "tipo__sigla": "LEI", "tipo__descricao": "Lei Ordin\u00e1ria", "texto_integral": "http://sapl.sarandi.pr.leg.br/media/./sapl/public/normajuridica/2013/3416/3416_texto_integral.pdf", "ementa": "Denomina Centro de Educa\u00e7\u00e3o Infantil, na forma que especifica."}, {"id": "4145", "ano": "2013", "numero": "2014", "tipo__sigla": "LEI", "tipo__descricao": "Lei Ordin\u00e1ria", "texto_integral": "http://sapl.sarandi.pr.leg.br/media/./sapl/public/normajuridica/2013/4145/4145_texto_integral.pdf", "ementa": "Altera a composi\u00e7\u00e3o do Conselho Municipal de Educa\u00e7\u00e3o, criado pela Lei n\u00b0 1531/2008, de 16 de junho de 2008, na forma que especifica."}, {"id": "3414", "ano": "2013", "numero": "2013", "tipo__sigla": "LEI", "tipo__descricao": "Lei Ordin\u00e1ria", "texto_integral": "http://sapl.sarandi.pr.leg.br/media/./sapl/public/normajuridica/2013/3414/3414_texto_integral.pdf", "ementa": "Disp\u00f5e sobre as diretrizes para elabora\u00e7\u00e3o da Lei Or\u00e7ament\u00e1ria para o exerc\u00edcio de 2014, e d\u00e1 outras provid\u00eancias."}, {"id": "3413", "ano": "2013", "numero": "2012", "tipo__sigla": "LEI", "tipo__descricao": "Lei Ordin\u00e1ria", "texto_integral": "http://sapl.sarandi.pr.leg.br/media/./sapl/public/normajuridica/2013/3413/3413_texto_integral.pdf", "ementa": "Disp\u00f5e sobre o Plano Plurianual-PPA do Munic\u00edpio de Sarandi para o quadri\u00eanio 2014 a 2017, na forma que especifica."}, {"id": "42", "ano": "2013", "numero": "4", "tipo__sigla": "RES", "tipo__descricao": "Resolu\u00e7\u00e3o", "texto_integral": "http://sapl.sarandi.pr.leg.br/media/./sapl/public/normajuridica/2013/42/42_texto_integral.pdf", "ementa": "Altera dispositivos da Resolu\u00e7\u00e3o n\u00ba 001/2008, de 04.04.2008 - \"Estrutura Organizacional da C\u00e2mara Municipal de Sarandi\", e d\u00e1 outras provid\u00eancias."}, {"id": "3412", "ano": "2013", "numero": "2011", "tipo__sigla": "LEI", "tipo__descricao": "Lei Ordin\u00e1ria", "texto_integral": "http://sapl.sarandi.pr.leg.br/media/./sapl/public/normajuridica/2013/3412/3412_texto_integral.pdf", "ementa": "Disp\u00f5e sobre a abertura de cr\u00e9dito adicional suplementar, na forma que especifica."}, {"id": "3375", "ano": "2013", "numero": "287", "tipo__sigla": "LC", "tipo__descricao": "Lei Complementar", "texto_integral": "http://sapl.sarandi.pr.leg.br/media/sapl/public/normajuridica/2013/3375/lei_compl._no_287-2013__para_site.pdf", "ementa": "Altera o Anexo I da Lei Complementar n\u00ba 217/2009, de 26/9/2009 - \"Parcelamento, Uso e Ocupa\u00e7\u00e3o do Solo\"."}, {"id": "3374", "ano": "2013", "numero": "286", "tipo__sigla": "LC", "tipo__descricao": "Lei Complementar", "texto_integral": "http://sapl.sarandi.pr.leg.br/media/sapl/public/normajuridica/2013/3374/lei_compl._no_286-2013_para_site.pdf", "ementa": "Altera dispositivos da Lei Complementar n\u00ba 214/2009, de 26 de setembro de 2009, que disp\u00f5e sobre o Per\u00edmetro Urbano do Munic\u00edpio, na forma que especifica."}, {"id": "3373", "ano": "2013", "numero": "285", "tipo__sigla": "LC", "tipo__descricao": "Lei Complementar", "texto_integral": "http://sapl.sarandi.pr.leg.br/media/sapl/public/normajuridica/2013/3373/lei_compl._no_285-2013_para_site.pdf", "ementa": "Disp\u00f5e sobre a altera\u00e7\u00e3o da Lei Complementar n\u00ba 248/2010, na forma que especifica."}, {"id": "3489", "ano": "2013", "numero": "36", "tipo__sigla": "POR", "tipo__descricao": "Portaria", "texto_integral": "http://sapl.sarandi.pr.leg.br/media/sapl/public/normajuridica/2013/3489/portaria_n_0036-2013.pdf", "ementa": "CONCEDE AUX\u00cdLIO ALIMENTA\u00c7\u00c3O AOS SERVIDORES"}, {"id": "531", "ano": "2013", "numero": "2010", "tipo__sigla": "LEI", "tipo__descricao": "Lei Ordin\u00e1ria", "texto_integral": "http://sapl.sarandi.pr.leg.br/media/./sapl/public/normajuridica/2013/531/531_texto_integral.pdf", "ementa": "Autoriza o Poder Executivo a ratificar sua participa\u00e7\u00e3o no Cons\u00f3rcio P\u00fablico Intermunicipal para o desenvolvimento sustent\u00e1vel da regi\u00e3o do Vale do M\u00e9dio Iva\u00ed do Estado do Paran\u00e1 - CIMEIV, na forma e condi\u00e7\u00f5es previstas pela Lei Federal n\u00ba 11.107/2005 e d\u00e1 outras provid\u00eancias."}, {"id": "3411", "ano": "2013", "numero": "2009", "tipo__sigla": "LEI", "tipo__descricao": "Lei Ordin\u00e1ria", "texto_integral": "http://sapl.sarandi.pr.leg.br/media/./sapl/public/normajuridica/2013/3411/3411_texto_integral.pdf", "ementa": "Define sentido de tr\u00e2nsito preferencial em vias p\u00fablicas do munic\u00edpio de Sarandi, e d\u00e1 outras provid\u00eancias."}, {"id": "3410", "ano": "2013", "numero": "2008", "tipo__sigla": "LEI", "tipo__descricao": "Lei Ordin\u00e1ria", "texto_integral": "http://sapl.sarandi.pr.leg.br/media/./sapl/public/normajuridica/2013/3410/3410_texto_integral.pdf", "ementa": "Define sentido de tr\u00e2nsito preferencial em vias p\u00fablicas do munic\u00edpio de Sarandi, e d\u00e1 outras provid\u00eancias."}, {"id": "4033", "ano": "2013", "numero": "2", "tipo__sigla": "ATP", "tipo__descricao": "Ato da Presid\u00eancia", "texto_integral": "http://sapl.sarandi.pr.leg.br/media/./sapl/public/normajuridica/2013/4033/4033_texto_integral.pdf", "ementa": "A Presid\u00eancia da C\u00e2mara Municipal de Sarandi, no uso de suas atribui\u00e7\u00f5es, e ap\u00f3s an\u00e1lise do processo de licita\u00e7\u00e3o, na modalidade tomada de pre\u00e7os n\u00ba 002/2013-CMS, ratifica a decis\u00e3o da Comiss\u00e3o de Licita\u00e7\u00e3o que negou recurso impetrado pela Empresa JR - Engenharia, Constru\u00e7\u00f5es e Servi\u00e7os LTDA - EPP, e determina o prosseguimento do certame, com a comunica\u00e7\u00e3o da decis\u00e3o e a convoca\u00e7\u00e3o de todos os licitantes para a sess\u00e3o de abertura dos envelopes n\u00ba 02 - Propostas de Pre\u00e7o, em data a ser designada pela Comiss\u00e3o."}, {"id": "3488", "ano": "2013", "numero": "35", "tipo__sigla": "POR", "tipo__descricao": "Portaria", "texto_integral": "http://sapl.sarandi.pr.leg.br/media/sapl/public/normajuridica/2013/3488/portaria_n_0035-2013.pdf", "ementa": "NOMEIA ASSESSOR LEGISLATIVO, EDVAL ROSA SOBRINHO"}, {"id": "3487", "ano": "2013", "numero": "34", "tipo__sigla": "POR", "tipo__descricao": "Portaria", "texto_integral": "http://sapl.sarandi.pr.leg.br/media/sapl/public/normajuridica/2013/3487/portaria_n_0034-2013.pdf", "ementa": "NOMEIA ASSESSOR PARLAMENTAR, MAURICIO CAMARGO DOS SANTOS"}, {"id": "3486", "ano": "2013", "numero": "33", "tipo__sigla": "POR", "tipo__descricao": "Portaria", "texto_integral": "http://sapl.sarandi.pr.leg.br/media/sapl/public/normajuridica/2013/3486/portaria_n_0033-2013.pdf", "ementa": "EXONERA ASSESSOR PARLAMENTAR, MARCOS AUR\u00c9LIO CALEFI"}, {"id": "3485", "ano": "2013", "numero": "32", "tipo__sigla": "POR", "tipo__descricao": "Portaria", "texto_integral": "http://sapl.sarandi.pr.leg.br/media/sapl/public/normajuridica/2013/3485/portaria_n_0032-2013.pdf", "ementa": "EXONERA ASSESSOR LEGISLATIVO, DAVID CEZAR DO CARMO"}, {"id": "3409", "ano": "2013", "numero": "2007", "tipo__sigla": "LEI", "tipo__descricao": "Lei Ordin\u00e1ria", "texto_integral": "http://sapl.sarandi.pr.leg.br/media/./sapl/public/normajuridica/2013/3409/3409_texto_integral.pdf", "ementa": "Inclui no Calend\u00e1rio Oficial de Eventos do Munic\u00edpio a \"Semana Municipal de Juventude\"."}, {"id": "3483", "ano": "2013", "numero": "30", "tipo__sigla": "POR", "tipo__descricao": "Portaria", "texto_integral": "http://sapl.sarandi.pr.leg.br/media/sapl/public/normajuridica/2013/3483/portaria_n_0030-2013.pdf", "ementa": "CONCEDE PROGRESS\u00c3O FUNCIONAL AO SERVIDOR FRANCISCO ADALBERTO DE SOUZA"}, {"id": "3484", "ano": "2013", "numero": "31", "tipo__sigla": "POR", "tipo__descricao": "Portaria", "texto_integral": "http://sapl.sarandi.pr.leg.br/media/sapl/public/normajuridica/2013/3484/portaria_n_0031-2013.pdf", "ementa": "CONCEDE PROGRESS\u00c3O FUNCIONAL \u00c0 SERVIDORES"}, {"id": "3408", "ano": "2013", "numero": "2006", "tipo__sigla": "LEI", "tipo__descricao": "Lei Ordin\u00e1ria", "texto_integral": "http://sapl.sarandi.pr.leg.br/media/./sapl/public/normajuridica/2013/3408/3408_texto_integral.pdf", "ementa": "Disp\u00f5e sobre a abertura de cr\u00e9dito adicional especial, na forma que especifica."}, {"id": "3407", "ano": "2013", "numero": "2005", "tipo__sigla": "LEI", "tipo__descricao": "Lei Ordin\u00e1ria", "texto_integral": "http://sapl.sarandi.pr.leg.br/media/./sapl/public/normajuridica/2013/3407/3407_texto_integral.pdf", "ementa": "Disp\u00f5e sobre a abertura de cr\u00e9dito adicional especial, na forma que especifica."}, {"id": "3406", "ano": "2013", "numero": "2004", "tipo__sigla": "LEI", "tipo__descricao": "Lei Ordin\u00e1ria", "texto_integral": "http://sapl.sarandi.pr.leg.br/media/./sapl/public/normajuridica/2013/3406/3406_texto_integral.pdf", "ementa": "Autoriza o Munic\u00edpio de Sarandi, Estado do Paran\u00e1, a firmar termo de parceria com a Associa\u00e7\u00e3o Lar Nossa Senhora da Esperan\u00e7a."}, {"id": "3372", "ano": "2013", "numero": "284", "tipo__sigla": "LC", "tipo__descricao": "Lei Complementar", "texto_integral": "http://sapl.sarandi.pr.leg.br/media/sapl/public/normajuridica/2013/3372/lei_compl._no_284-2013_para_site.pdf", "ementa": "Institui o Programa de Recupera\u00e7\u00e3o Fiscal - REFIS, no Servi\u00e7o Aut\u00f4nomo de \u00c1gua e Esgoto do Munic\u00edpio de Sarandi-PR, e d\u00e1 outras provid\u00eancias."}, {"id": "3405", "ano": "2013", "numero": "2003", "tipo__sigla": "LEI", "tipo__descricao": "Lei Ordin\u00e1ria", "texto_integral": "http://sapl.sarandi.pr.leg.br/media/./sapl/public/normajuridica/2013/3405/3405_texto_integral.pdf", "ementa": "Autoriza o Poder Executivo Municipal a firmar Conv\u00eanio com o Conselho da Comunidade de Sarandi, Estado do Paran\u00e1 e d\u00e1 outras provid\u00eancias."}, {"id": "3404", "ano": "2013", "numero": "2002", "tipo__sigla": "LEI", "tipo__descricao": "Lei Ordin\u00e1ria", "texto_integral": "http://sapl.sarandi.pr.leg.br/media/./sapl/public/normajuridica/2013/3404/3404_texto_integral.pdf", "ementa": "Autoriza o Poder Executivo a contratar financiamento com a Caixa Econ\u00f4mica Federal, a oferecer garantias e d\u00e1 outras provid\u00eancias correlatas."}, {"id": "3403", "ano": "2013", "numero": "2001", "tipo__sigla": "LEI", "tipo__descricao": "Lei Ordin\u00e1ria", "texto_integral": "http://sapl.sarandi.pr.leg.br/media/./sapl/public/normajuridica/2013/3403/3403_texto_integral.pdf", "ementa": "Autoriza o Chefe do Poder Executivo do Munic\u00edpio de Sarandi a efetuar pagamento de indeniza\u00e7\u00e3o de pequena monta, em processo administrativo e d\u00e1 outras provid\u00eancias."}, {"id": "3402", "ano": "2013", "numero": "2000", "tipo__sigla": "LEI", "tipo__descricao": "Lei Ordin\u00e1ria", "texto_integral": "http://sapl.sarandi.pr.leg.br/media/./sapl/public/normajuridica/2013/3402/3402_texto_integral.pdf", "ementa": "Estabelece a obrigatoriedade unidades de sa\u00fade do Munic\u00edpio a fixarem em lugar vis\u00edvel a lista de m\u00e9dicos plantonistas e do respons\u00e1vel pelo plant\u00e3o e d\u00e1 outras provid\u00eancias."}, {"id": "3371", "ano": "2013", "numero": "283", "tipo__sigla": "LC", "tipo__descricao": "Lei Complementar", "texto_integral": "http://sapl.sarandi.pr.leg.br/media/sapl/public/normajuridica/2013/3371/lei_compl._no_283-2013_para_site.pdf", "ementa": "Altera dispositivos da Lei Complementar n\u00ba 70/2001 \"C\u00f3digo Tribut\u00e1rio Municipal\", na forma que especifica."}, {"id": "3370", "ano": "2013", "numero": "282", "tipo__sigla": "LC", "tipo__descricao": "Lei Complementar", "texto_integral": "http://sapl.sarandi.pr.leg.br/media/sapl/public/normajuridica/2013/3370/lei_compl._no_282-2013_para_site.pdf", "ementa": "Disp\u00f5e sobre altera\u00e7\u00f5es na Estrutura Administrativa do Munic\u00edpio, criada atrav\u00e9s da Lei Complementar n\u00ba 115/2005, de 27 de maio de 2005, na forma que especifica."}, {"id": "3401", "ano": "2013", "numero": "1999", "tipo__sigla": "LEI", "tipo__descricao": "Lei Ordin\u00e1ria", "texto_integral": "http://sapl.sarandi.pr.leg.br/media/./sapl/public/normajuridica/2013/3401/3401_texto_integral.pdf", "ementa": "Disp\u00f5e sobre o livro t\u00e9cnico e o livro did\u00e1tico de n\u00edvel fundamental, m\u00e9dio e superior de ensino em formato de texto digital acess\u00edvel para as pessoas com defici\u00eancia visual e d\u00e1 outras provid\u00eancias."}, {"id": "3400", "ano": "2013", "numero": "1998", "tipo__sigla": "LEI", "tipo__descricao": "Lei Ordin\u00e1ria", "texto_integral": "http://sapl.sarandi.pr.leg.br/media/./sapl/public/normajuridica/2013/3400/3400_texto_integral.pdf", "ementa": "Autoriza o Poder Executivo a firmar Conv\u00eanio com entidades assistenciais filantr\u00f3picas e protetoras de animais, para recolhimento de animais abandonados no munic\u00edpio de Sarandi, e d\u00e1 outras provid\u00eancias."}, {"id": "3399", "ano": "2013", "numero": "1997", "tipo__sigla": "LEI", "tipo__descricao": "Lei Ordin\u00e1ria", "texto_integral": "http://sapl.sarandi.pr.leg.br/media/./sapl/public/normajuridica/2013/3399/3399_texto_integral.pdf", "ementa": "Fica institu\u00eddo o BODE - Boletim de Ocorr\u00eancia da Dengue, com penalidade pecuni\u00e1ria de multa aos propriet\u00e1rios, inquilinos e respons\u00e1veis de terrenos e im\u00f3veis que tem servido de dep\u00f3sito de \u00e1gua parada ou qualquer objetos que esteja no im\u00f3vel servindo de ac\u00famulo de qualquer quantidade de \u00e1gua que sirva de criadouro do mosquito da dengue e d\u00e1 outras provid\u00eancias."}, {"id": "3482", "ano": "2013", "numero": "29", "tipo__sigla": "POR", "tipo__descricao": "Portaria", "texto_integral": "http://sapl.sarandi.pr.leg.br/media/sapl/public/normajuridica/2013/3482/portaria_n_0029-2013.pdf", "ementa": "NOMEIA ASSESSOR LEGISLATIVO, ELIANE SANTANA MOREIRA"}, {"id": "3398", "ano": "2013", "numero": "1996", "tipo__sigla": "LEI", "tipo__descricao": "Lei Ordin\u00e1ria", "texto_integral": "http://sapl.sarandi.pr.leg.br/media/./sapl/public/normajuridica/2013/3398/3398_texto_integral.pdf", "ementa": "Disp\u00f5e sobre a abertura de cr\u00e9dito adicional especial, na forma que especifica."}, {"id": "3397", "ano": "2013", "numero": "1995", "tipo__sigla": "LEI", "tipo__descricao": "Lei Ordin\u00e1ria", "texto_integral": "http://sapl.sarandi.pr.leg.br/media/./sapl/public/normajuridica/2013/3397/3397_texto_integral.pdf", "ementa": "Disp\u00f5e sobre a abertura de cr\u00e9dito adicional especial, na forma que especifica."}, {"id": "3396", "ano": "2013", "numero": "1994", "tipo__sigla": "LEI", "tipo__descricao": "Lei Ordin\u00e1ria", "texto_integral": "http://sapl.sarandi.pr.leg.br/media/./sapl/public/normajuridica/2013/3396/3396_texto_integral.pdf", "ementa": "Autoriza o Munic\u00edpio de Sarandi, Estado do Paran\u00e1, a firmar temo de coopera\u00e7\u00e3o financeira com a Associa\u00e7\u00e3o Maringaense de Autistas - AMA."}, {"id": "3395", "ano": "2013", "numero": "1993", "tipo__sigla": "LEI", "tipo__descricao": "Lei Ordin\u00e1ria", "texto_integral": "http://sapl.sarandi.pr.leg.br/media/./sapl/public/normajuridica/2013/3395/3395_texto_integral.pdf", "ementa": "Autoriza o Poder Executivo do Munic\u00edpio de Sarandi firmar Conv\u00eanio com a Cooperativa Cooperecol\u00f3gica e d\u00e1 outras provid\u00eancias."}, {"id": "3394", "ano": "2013", "numero": "1992", "tipo__sigla": "LEI", "tipo__descricao": "Lei Ordin\u00e1ria", "texto_integral": "http://sapl.sarandi.pr.leg.br/media/./sapl/public/normajuridica/2013/3394/3394_texto_integral.pdf", "ementa": "Disp\u00f5e sobre implanta\u00e7\u00e3o de bocas de lobo com grelha, e d\u00e1 outras provid\u00eancias."}, {"id": "3393", "ano": "2013", "numero": "1991", "tipo__sigla": "LEI", "tipo__descricao": "Lei Ordin\u00e1ria", "texto_integral": "http://sapl.sarandi.pr.leg.br/media/sapl/public/normajuridica/2013/3393/lei_no_1991-2013.pdf", "ementa": "Inclui no Calend\u00e1rio Oficial de Eventos do Munic\u00edpio o \u201cDia do Jovem Crist\u00e3o\u201d."}, {"id": "3392", "ano": "2013", "numero": "1990", "tipo__sigla": "LEI", "tipo__descricao": "Lei Ordin\u00e1ria", "texto_integral": "http://sapl.sarandi.pr.leg.br/media/sapl/public/normajuridica/2013/3392/lei_no_1990-2013__para_site.pdf", "ementa": "Autoriza a Institui\u00e7\u00e3o do Cons\u00f3rcio P\u00fablico Intermunicipal de Gest\u00e3o da Amusep - PROMUSEP, bem como ratifica o protocolo de inten\u00e7\u00f5es, e d\u00e1 outras provid\u00eancias."}, {"id": "3391", "ano": "2013", "numero": "1989", "tipo__sigla": "LEI", "tipo__descricao": "Lei Ordin\u00e1ria", "texto_integral": "http://sapl.sarandi.pr.leg.br/media/sapl/public/normajuridica/2013/3391/lei_no_1989-2013_para_site.pdf", "ementa": "Institui a Semana Municipal da Alimenta\u00e7\u00e3o Saud\u00e1vel nas escolas da rede p\u00fablica e privada da cidade de Sarandi."}, {"id": "3390", "ano": "2013", "numero": "1988", "tipo__sigla": "LEI", "tipo__descricao": "Lei Ordin\u00e1ria", "texto_integral": "http://sapl.sarandi.pr.leg.br/media/sapl/public/normajuridica/2013/3390/lei_no_1988-2013_para_site.pdf", "ementa": "Disp\u00f5e sobre incentivo \u00e0 educa\u00e7\u00e3o no tr\u00e2nsito e ao respeito \u00e0 legisla\u00e7\u00e3o pertinente no Munic\u00edpio de Sarandi, e d\u00e1 outras provid\u00eancias."}, {"id": "3389", "ano": "2013", "numero": "1987", "tipo__sigla": "LEI", "tipo__descricao": "Lei Ordin\u00e1ria", "texto_integral": "http://sapl.sarandi.pr.leg.br/media/sapl/public/normajuridica/2013/3389/lei_no_1987-2013_para_site.pdf", "ementa": "Fica institu\u00edda a Fanfarra do Munic\u00edpio de Sarandi, denominada \u201cFanfarra 14 de Outubro\", e d\u00e1 outras provid\u00eancias."}, {"id": "3481", "ano": "2013", "numero": "28", "tipo__sigla": "POR", "tipo__descricao": "Portaria", "texto_integral": "http://sapl.sarandi.pr.leg.br/media/sapl/public/normajuridica/2013/3481/portaria_n_0028-2013.pdf", "ementa": "TORNA P\u00daBLICO RECESSO EM FERIADO PROLONGADO"}, {"id": "3480", "ano": "2013", "numero": "27", "tipo__sigla": "POR", "tipo__descricao": "Portaria", "texto_integral": "http://sapl.sarandi.pr.leg.br/media/sapl/public/normajuridica/2013/3480/portaria_n_0027-2013.pdf", "ementa": "CONCEDE PROGRESS\u00c3O FUNCIONAL A SERVIDOR, M\u00d4NICA CRISTINA GONZALVES"}, {"id": "3479", "ano": "2013", "numero": "26", "tipo__sigla": "POR", "tipo__descricao": "Portaria", "texto_integral": "http://sapl.sarandi.pr.leg.br/media/sapl/public/normajuridica/2013/3479/portaria_n_0026-2013.pdf", "ementa": "CONCEDE PROGRESS\u00c3O FUNCIONAR \u00c0 SERVIDORES"}, {"id": "3388", "ano": "2013", "numero": "1986", "tipo__sigla": "LEI", "tipo__descricao": "Lei Ordin\u00e1ria", "texto_integral": "http://sapl.sarandi.pr.leg.br/media/sapl/public/normajuridica/2013/3388/lei_no_1986-2013_para_site.pdf", "ementa": "Disp\u00f5e sobre a abertura de Cr\u00e9dito Adicional Especial, na forma que especifica."}, {"id": "39", "ano": "2013", "numero": "3", "tipo__sigla": "RES", "tipo__descricao": "Resolu\u00e7\u00e3o", "texto_integral": "http://sapl.sarandi.pr.leg.br/media/./sapl/public/normajuridica/2013/39/39_texto_integral.pdf", "ementa": "Acrescenta dispositivo a Resolu\u00e7\u00e3o n\u00ba 002/2002, de 25.06.2002, e d\u00e1 outras provid\u00eancias."}, {"id": "3478", "ano": "2013", "numero": "25", "tipo__sigla": "POR", "tipo__descricao": "Portaria", "texto_integral": "http://sapl.sarandi.pr.leg.br/media/sapl/public/normajuridica/2013/3478/portaria_n_0025-2013.pdf", "ementa": "NOMEIA ASSESSOR PARLAMENTAR, ANTONIO SERGIO APARECIDO FIORATI"}, {"id": "3387", "ano": "2013", "numero": "1985", "tipo__sigla": "LEI", "tipo__descricao": "Lei Ordin\u00e1ria", "texto_integral": "http://sapl.sarandi.pr.leg.br/media/sapl/public/normajuridica/2013/3387/lei_no_1985-2013__para_site.pdf", "ementa": "Cria o Programa Educacional de Preven\u00e7\u00e3o e Combate a Viol\u00eancia e as Drogas nas Escolas de Sarandi \u2013 PREVIDE, e d\u00e1 outras provid\u00eancias."}, {"id": "3369", "ano": "2013", "numero": "281", "tipo__sigla": "LC", "tipo__descricao": "Lei Complementar", "texto_integral": "http://sapl.sarandi.pr.leg.br/media/sapl/public/normajuridica/2013/3369/lei_compl.__no_281-2013_para_site.pdf", "ementa": "Cria o cargo de provimento efetivo, vagas e outras provid\u00eancias."}, {"id": "3368", "ano": "2013", "numero": "280", "tipo__sigla": "LC", "tipo__descricao": "Lei Complementar", "texto_integral": "http://sapl.sarandi.pr.leg.br/media/sapl/public/normajuridica/2013/3368/lei_compl._no_280-2013__para_site.pdf", "ementa": "Altera dispositivo da Lei Complementar n\u00ba 88/2003, de 23/6/2003, e d\u00e1 outras provid\u00eancias."}, {"id": "3367", "ano": "2013", "numero": "279", "tipo__sigla": "LC", "tipo__descricao": "Lei Complementar", "texto_integral": "http://sapl.sarandi.pr.leg.br/media/sapl/public/normajuridica/2013/3367/lei_compl._no_279-2013_para_site.pdf", "ementa": "Disp\u00f5e sobre altera\u00e7\u00f5es nas Leis Complementares n\u00ba 115/2005 e 226/2009, na forma que especifica."}, {"id": "3477", "ano": "2013", "numero": "24", "tipo__sigla": "POR", "tipo__descricao": "Portaria", "texto_integral": "http://sapl.sarandi.pr.leg.br/media/sapl/public/normajuridica/2013/3477/portaria_n_0024-2013.pdf", "ementa": "CONCEDE PROGRESS\u00c3O FUNCIONAL AO SERVIDOR, AN\u00c9SIO JOS\u00c9 DA SILVA"}, {"id": "38", "ano": "2013", "numero": "2", "tipo__sigla": "RES", "tipo__descricao": "Resolu\u00e7\u00e3o", "texto_integral": "http://sapl.sarandi.pr.leg.br/media/./sapl/public/normajuridica/2013/38/38_texto_integral.pdf", "ementa": "Altera dispositivo da Resolu\u00e7\u00e3o n\u00ba 001/08, de 04.04.2008, e d\u00e1 outras provid\u00eancias."}, {"id": "3386", "ano": "2013", "numero": "1984", "tipo__sigla": "LEI", "tipo__descricao": "Lei Ordin\u00e1ria", "texto_integral": "http://sapl.sarandi.pr.leg.br/media/sapl/public/normajuridica/2013/3386/lei_no_1984-2013__para_site.pdf", "ementa": "Disp\u00f5e sobre a concess\u00e3o de di\u00e1rias aos Secret\u00e1rios Municipais, Vice Prefeito, Procurador Jur\u00eddico e Chefe de Gabinete, na forma que especifica."}, {"id": "3385", "ano": "2013", "numero": "1983", "tipo__sigla": "LEI", "tipo__descricao": "Lei Ordin\u00e1ria", "texto_integral": "http://sapl.sarandi.pr.leg.br/media/sapl/public/normajuridica/2013/3385/lei_no_1983-2013_para_site.pdf", "ementa": "Autoriza a celebra\u00e7\u00e3o de Termo de Coopera\u00e7\u00e3o M\u00fatua com o Munic\u00edpio de Marialva."}, {"id": "3384", "ano": "2013", "numero": "1982", "tipo__sigla": "LEI", "tipo__descricao": "Lei Ordin\u00e1ria", "texto_integral": "http://sapl.sarandi.pr.leg.br/media/sapl/public/normajuridica/2013/3384/lei_no_1982-2013_para_site.pdf", "ementa": "Autoriza a celebra\u00e7\u00e3o de Termo de Coopera\u00e7\u00e3o M\u00fatua com o Munic\u00edpio de Marialva-Pr."}, {"id": "411", "ano": "2013", "numero": "1981", "tipo__sigla": "LEI", "tipo__descricao": "Lei Ordin\u00e1ria", "texto_integral": "http://sapl.sarandi.pr.leg.br/media/sapl/public/normajuridica/2013/411/lei_no_1981-2013_para_site.pdf", "ementa": "Disp\u00f5e sobre cria\u00e7\u00e3o de ponto Autom\u00f3veis de aluguel e da outras providencias."}, {"id": "3476", "ano": "2013", "numero": "23", "tipo__sigla": "POR", "tipo__descricao": "Portaria", "texto_integral": "http://sapl.sarandi.pr.leg.br/media/sapl/public/normajuridica/2013/3476/portaria_n_0023-2013.pdf", "ementa": "EXONERA ASSESSOR PARLAMENTAR, ANA PAULA GON\u00c7ALVES"}, {"id": "1548", "ano": "2013", "numero": "3", "tipo__sigla": "DL", "tipo__descricao": "Decreto Legislativo", "texto_integral": "http://sapl.sarandi.pr.leg.br/media/sapl/public/normajuridica/2013/1548/dec._leg._no_0003-2013.pdf", "ementa": "Disp\u00f5e sobre aceita\u00e7\u00e3o do \"Veto n\u00ba 3/2013\" aposto \u00e0 Lei Municipal n\u00ba 1973/2012, de autoria do edil Reginaldo Alves dos Santos, a qual disp\u00f5e sobre a obrigatoriedade dos supermercados e similares que vendam produtos que contenham lactose informar esta caracter\u00edstica no departamento onde os produtos ser\u00e3o expostos ou na embalagem."}, {"id": "1537", "ano": "2013", "numero": "2", "tipo__sigla": "DL", "tipo__descricao": "Decreto Legislativo", "texto_integral": "http://sapl.sarandi.pr.leg.br/media/sapl/public/normajuridica/2013/1537/dec._leg._no_0002-2013.pdf", "ementa": "Disp\u00f5e sobre aceita\u00e7\u00e3o do \"Veto n\u00ba 2/2013\" aposto \u00e0 Lei Municipal n\u00ba 1972/2012, de autoria do edil Reginaldo Alves dos Santos, a qual disp\u00f5e sobre a obrigatoriedade da inser\u00e7\u00e3o pelo fabricante da inscri\u00e7\u00e3o \"Cont\u00e9m Lactose\" no r\u00f3tulo dos produtos com esta caracter\u00edstica."}, {"id": "1", "ano": "2013", "numero": "1", "tipo__sigla": "DL", "tipo__descricao": "Decreto Legislativo", "texto_integral": "http://sapl.sarandi.pr.leg.br/media/sapl/public/normajuridica/2013/1/dec._leg._no_0001-2013.pdf", "ementa": "Disp\u00f5e sobre aceita\u00e7\u00e3o do \"Veto n\u00ba 1/2013\" aposto \u00e0 Lei Municipal n\u00ba 1971/2012, de autoria do edil Reginaldo Alves dos Santos, a qual disp\u00f5e sobre a obrigatoriedade da realiza\u00e7\u00e3o de diagn\u00f3sticos de anemia aos alunos da rede p\u00fablica municipal de ensino."}, {"id": "33", "ano": "2013", "numero": "1", "tipo__sigla": "RES", "tipo__descricao": "Resolu\u00e7\u00e3o", "texto_integral": "http://sapl.sarandi.pr.leg.br/media/./sapl/public/normajuridica/2013/33/33_texto_integral.pdf", "ementa": "Altera a reda\u00e7\u00e3o das Al\u00edneas \"a\"  e \"b\" do Artigo 10, da Resolu\u00e7\u00e3o n\u00ba 001/2005, na forma que especifica."}, {"id": "3383", "ano": "2013", "numero": "1980", "tipo__sigla": "LEI", "tipo__descricao": "Lei Ordin\u00e1ria", "texto_integral": "http://sapl.sarandi.pr.leg.br/media/sapl/public/normajuridica/2013/3383/lei_no_1980-2013_para_site.pdf", "ementa": "Disp\u00f5e sobre a abertura de Cr\u00e9dito Adicional Especial, na forma que especifica."}, {"id": "3475", "ano": "2013", "numero": "22", "tipo__sigla": "POR", "tipo__descricao": "Portaria", "texto_integral": "http://sapl.sarandi.pr.leg.br/media/sapl/public/normajuridica/2013/3475/portaria_n_0022-2013.pdf", "ementa": "NOMEIA ASSESSOR PARLAMENTAR, ANA PAULA GON\u00c7ALVES"}, {"id": "3474", "ano": "2013", "numero": "21", "tipo__sigla": "POR", "tipo__descricao": "Portaria", "texto_integral": "http://sapl.sarandi.pr.leg.br/media/sapl/public/normajuridica/2013/3474/portaria_n_0021-2013.pdf", "ementa": "CONCEDE REPOSI\u00c7\u00c3O SALARIAL AOS SERVIDORES"}, {"id": "3473", "ano": "2013", "numero": "20", "tipo__sigla": "POR", "tipo__descricao": "Portaria", "texto_integral": "http://sapl.sarandi.pr.leg.br/media/sapl/public/normajuridica/2013/3473/portaria_n_0020-2013.pdf", "ementa": "NOMEIA CHEFE DE DIVIS\u00c3O, SANDRO SHIRAISHI"}, {"id": "3472", "ano": "2013", "numero": "19", "tipo__sigla": "POR", "tipo__descricao": "Portaria", "texto_integral": "http://sapl.sarandi.pr.leg.br/media/sapl/public/normajuridica/2013/3472/portaria_n_0019-2013.pdf", "ementa": "NOMEIA ASSESSOR LEGISLATIVO, LUIZ SIDNEI DE MORAIS"}, {"id": "3471", "ano": "2013", "numero": "18", "tipo__sigla": "POR", "tipo__descricao": "Portaria", "texto_integral": "http://sapl.sarandi.pr.leg.br/media/sapl/public/normajuridica/2013/3471/portaria_n_0018-2013.pdf", "ementa": "CONCEDE PROGRESS\u00c3O FUNCIONAL \u00c0 SERVIDORES"}, {"id": "3382", "ano": "2013", "numero": "1979", "tipo__sigla": "LEI", "tipo__descricao": "Lei Ordin\u00e1ria", "texto_integral": "http://sapl.sarandi.pr.leg.br/media/sapl/public/normajuridica/2013/3382/lei_no_1979-2013_para_site.pdf", "ementa": "Autoriza o Chefe do Poder Executivo Municipal a conceder reposi\u00e7\u00e3o e reajuste salarial, na forma que especifica."}, {"id": "3381", "ano": "2013", "numero": "1978", "tipo__sigla": "LEI", "tipo__descricao": "Lei Ordin\u00e1ria", "texto_integral": "http://sapl.sarandi.pr.leg.br/media/sapl/public/normajuridica/2013/3381/lei_no_1978-2013_para_site.pdf", "ementa": "Autoriza o Chefe do Poder Executivo Municipal a fixar piso m\u00ednimo de vencimentos dos Servidores P\u00fablicos Municipais de Sarandi e d\u00e1 outras provid\u00eancias."}, {"id": "3470", "ano": "2013", "numero": "17", "tipo__sigla": "POR", "tipo__descricao": "Portaria", "texto_integral": "http://sapl.sarandi.pr.leg.br/media/sapl/public/normajuridica/2013/3470/portaria_n_0017-2013.pdf", "ementa": "EXONERA CHEFE DE DIVIS\u00c3O, GERALDO MARTINS"}, {"id": "3469", "ano": "2013", "numero": "16", "tipo__sigla": "POR", "tipo__descricao": "Portaria", "texto_integral": "http://sapl.sarandi.pr.leg.br/media/sapl/public/normajuridica/2013/3469/portaria_n_0016-2013.pdf", "ementa": "CONCEDE PROGRESS\u00c3O FUNCIONAL AO SERVIDOR FRANCISCO ADALBERTO DE SOUZA"}, {"id": "3468", "ano": "2013", "numero": "15", "tipo__sigla": "POR", "tipo__descricao": "Portaria", "texto_integral": "http://sapl.sarandi.pr.leg.br/media/sapl/public/normajuridica/2013/3468/portaria_n_0015-2013.pdf", "ementa": "NOMEA\u00c7\u00c3O DA COMISS\u00c3O ESPECIAL DE RECEBIMENTO E PATRIM\u00d4NIO"}, {"id": "3467", "ano": "2013", "numero": "14", "tipo__sigla": "POR", "tipo__descricao": "Portaria", "texto_integral": "http://sapl.sarandi.pr.leg.br/media/sapl/public/normajuridica/2013/3467/portaria_n_0014-2013.pdf", "ementa": "HOMOLOGA\u00c7\u00c3O DAS COMISS\u00d5ES PERMANENTES"}, {"id": "3466", "ano": "2013", "numero": "13", "tipo__sigla": "POR", "tipo__descricao": "Portaria", "texto_integral": "http://sapl.sarandi.pr.leg.br/media/sapl/public/normajuridica/2013/3466/portaria_n_0013-2013.pdf", "ementa": "NOMEIA COMISS\u00c3O PERMANENTE DE LICITA\u00c7\u00d5ES"}, {"id": "3465", "ano": "2013", "numero": "12", "tipo__sigla": "POR", "tipo__descricao": "Portaria", "texto_integral": "http://sapl.sarandi.pr.leg.br/media/sapl/public/normajuridica/2013/3465/portaria_n_0012-2013.pdf", "ementa": "NOMEIA ASSESSOR PARLAMENTAR, MARCOS AUR\u00c9LIO CALEFI"}, {"id": "3464", "ano": "2013", "numero": "11", "tipo__sigla": "POR", "tipo__descricao": "Portaria", "texto_integral": "http://sapl.sarandi.pr.leg.br/media/sapl/public/normajuridica/2013/3464/portaria_n_0011-2013.pdf", "ementa": "DA NOVA REDA\u00c7\u00c3O A PORTARIA N\u00ba 003/2012"}, {"id": "3463", "ano": "2013", "numero": "10", "tipo__sigla": "POR", "tipo__descricao": "Portaria", "texto_integral": "http://sapl.sarandi.pr.leg.br/media/sapl/public/normajuridica/2013/3463/portaria_n_0010-2013.pdf", "ementa": "NOMEIA CHEFE DE DIVIS\u00c3O, GERALDO MARTINS"}, {"id": "3462", "ano": "2013", "numero": "9", "tipo__sigla": "POR", "tipo__descricao": "Portaria", "texto_integral": "http://sapl.sarandi.pr.leg.br/media/sapl/public/normajuridica/2013/3462/portaria_n_0009-2013.pdf", "ementa": "NOMEIA ASSESSOR PARLAMENTAR, JO\u00c3O BATISTA DA CRUZ"}, {"id": "3461", "ano": "2013", "numero": "8", "tipo__sigla": "POR", "tipo__descricao": "Portaria", "texto_integral": "http://sapl.sarandi.pr.leg.br/media/sapl/public/normajuridica/2013/3461/portaria_n_0008-2013.pdf", "ementa": "EXONERA ASSESSOR PARLAMENTAR, GERALDO MARTINS"}, {"id": "3460", "ano": "2013", "numero": "7", "tipo__sigla": "POR", "tipo__descricao": "Portaria", "texto_integral": "http://sapl.sarandi.pr.leg.br/media/sapl/public/normajuridica/2013/3460/portaria_n_0007-2013.pdf", "ementa": "EXONERA ASSESSOR PARLAMENTAR, TATIANE TEIXEIRA DOS SANTOS"}, {"id": "3459", "ano": "2013", "numero": "6", "tipo__sigla": "POR", "tipo__descricao": "Portaria", "texto_integral": "http://sapl.sarandi.pr.leg.br/media/sapl/public/normajuridica/2013/3459/portaria_n_0006-2013.pdf", "ementa": "EXONERA ASSESSOR PARLAMENTAR, MAURICIO CAMARGO DOS SANTOS"}, {"id": "3458", "ano": "2013", "numero": "5", "tipo__sigla": "POR", "tipo__descricao": "Portaria", "texto_integral": "http://sapl.sarandi.pr.leg.br/media/sapl/public/normajuridica/2013/3458/portaria_n_0005-2013.pdf", "ementa": "NOMEA\u00c7\u00c3O DE ASSESSOR PARLAMENTAR, LUIZ CARLOS DE ALMEIDA"}, {"id": "3457", "ano": "2013", "numero": "4", "tipo__sigla": "POR", "tipo__descricao": "Portaria", "texto_integral": "http://sapl.sarandi.pr.leg.br/media/sapl/public/normajuridica/2013/3457/portaria_n_0004-2013.pdf", "ementa": "NOMEA\u00c7\u00c3O DE ASSESSOR PARLAMENTAR, VEREIMUNDO REZENDE CRUZ"}, {"id": "3456", "ano": "2013", "numero": "3", "tipo__sigla": "POR", "tipo__descricao": "Portaria", "texto_integral": "http://sapl.sarandi.pr.leg.br/media/sapl/public/normajuridica/2013/3456/portaria_n_0003-2013.pdf", "ementa": "NOMEA\u00c7\u00c3O DO ASSESSOR PARLAMENTAR, MARCOS ANTONIO DA SILVA"}, {"id": "3455", "ano": "2013", "numero": "2", "tipo__sigla": "POR", "tipo__descricao": "Portaria", "texto_integral": "http://sapl.sarandi.pr.leg.br/media/sapl/public/normajuridica/2013/3455/portaria_n_0002-2013.pdf", "ementa": "NOMEA\u00c7\u00c3O DO ASSESSOR LEGISLATIVO, NAIR DA SILVA RIBEIRO"}, {"id": "3454", "ano": "2013", "numero": "1", "tipo__sigla": "POR", "tipo__descricao": "Portaria", "texto_integral": "http://sapl.sarandi.pr.leg.br/media/sapl/public/normajuridica/2013/3454/portaria_n_0001-2013.pdf", "ementa": "NOMEA\u00c7\u00c3O DO ASSESSOR PARLAMENTAR, CLEVENICE APARECIDA COBO BLASQUES SANCHES"}, {"id": "79", "ano": "2012", "numero": "1977", "tipo__sigla": "LEI", "tipo__descricao": "Lei Ordin\u00e1ria", "texto_integral": "http://sapl.sarandi.pr.leg.br/media/./sapl/public/normajuridica/2012/79/79_texto_integral.pdf", "ementa": "Disp\u00f5e sobre a abertura de cr\u00e9dito adicional suplementar, na forma que especifica."}, {"id": "2742", "ano": "2012", "numero": "1976", "tipo__sigla": "LEI", "tipo__descricao": "Lei Ordin\u00e1ria", "texto_integral": "http://sapl.sarandi.pr.leg.br/media/./sapl/public/normajuridica/2012/2742/2742_texto_integral.pdf", "ementa": "Autoriza o Chefe do Poder Executivo Municipal a firmar acordo de parcelamento junto ao PRESERV."}, {"id": "2741", "ano": "2012", "numero": "1975", "tipo__sigla": "LEI", "tipo__descricao": "Lei Ordin\u00e1ria", "texto_integral": "http://sapl.sarandi.pr.leg.br/media/./sapl/public/normajuridica/2012/2741/2741_texto_integral.pdf", "ementa": "Disp\u00f5e sobre as cores do T\u00e1xi de Sarandi e d\u00e1 outras provid\u00eancias."}, {"id": "2740", "ano": "2012", "numero": "1974", "tipo__sigla": "LEI", "tipo__descricao": "Lei Ordin\u00e1ria", "texto_integral": "http://sapl.sarandi.pr.leg.br/media/./sapl/public/normajuridica/2012/2740/2740_texto_integral.pdf", "ementa": "D\u00e1 denomina\u00e7\u00e3o \u00e0 Pra\u00e7a, do Jardim Ouro Verde II, e d\u00e1 outras provid\u00eancias."}, {"id": "3193", "ano": "2012", "numero": "35", "tipo__sigla": "POR", "tipo__descricao": "Portaria", "texto_integral": "http://sapl.sarandi.pr.leg.br/media/sapl/public/normajuridica/2012/3193/portaria_n_0035-2012.pdf", "ementa": "TORNA P\u00daBLICO RECESSO LEGISLATIVO DA C\u00c2MARA MUNICIPAL"}, {"id": "3186", "ano": "2012", "numero": "34", "tipo__sigla": "POR", "tipo__descricao": "Portaria", "texto_integral": "http://sapl.sarandi.pr.leg.br/media/sapl/public/normajuridica/2012/3186/portaria_n_0034-2012.pdf", "ementa": "EXONERA A SENHORA VERONICE ANGELITA GOMES, DO CARGO DE ASSESSOR PARLAMENTAR, NO GABINETE DO VEREADOR JOS\u00c9 APARECIDO DA SILVA"}, {"id": "3179", "ano": "2012", "numero": "33", "tipo__sigla": "POR", "tipo__descricao": "Portaria", "texto_integral": "http://sapl.sarandi.pr.leg.br/media/sapl/public/normajuridica/2012/3179/portaria_n_0033-2012.pdf", "ementa": "EXONERA A SENHORA ROSELI CRISTINA FERREIRA DA CRUZ, DO CARGO DE ASSESSOR LEGISLATIVO, NO GABINETE DO VEREADOR JO\u00c3O DE LARA VIEIRA"}, {"id": "3171", "ano": "2012", "numero": "32", "tipo__sigla": "POR", "tipo__descricao": "Portaria", "texto_integral": "http://sapl.sarandi.pr.leg.br/media/sapl/public/normajuridica/2012/3171/portaria_n_0032-2012.pdf", "ementa": "EXONERA O SENHOR NELSON AUGUSTO DE AVELAR, DO CARGO DE ASSESSOR PARLAMENTAR, NO GABINETE DO VEREADOR JO\u00c3O DE LARA VIEIRA"}, {"id": "3163", "ano": "2012", "numero": "31", "tipo__sigla": "POR", "tipo__descricao": "Portaria", "texto_integral": "http://sapl.sarandi.pr.leg.br/media/sapl/public/normajuridica/2012/3163/portaria_n_0031-2012.pdf", "ementa": "EXONERA A SENHORA MARIA CICERA DE OLIVEIRA, DO CARGO DE ASSESSOR PARLAMENTAR, NO GABINETE DO VEREADOR REGINALDO ALVES DOS SANTOS"}, {"id": "3155", "ano": "2012", "numero": "30", "tipo__sigla": "POR", "tipo__descricao": "Portaria", "texto_integral": "http://sapl.sarandi.pr.leg.br/media/sapl/public/normajuridica/2012/3155/portaria_n_0030-2012.pdf", "ementa": "EXONERA O SENHOR CLAUDEMIR DE OLIVEIRA, DO CARGO DE ASSESSOR LEGISLATIVO, NO GABINETE DO VEREADOR REGINALDO ALVES DOS SANTOS"}, {"id": "3146", "ano": "2012", "numero": "29", "tipo__sigla": "POR", "tipo__descricao": "Portaria", "texto_integral": "http://sapl.sarandi.pr.leg.br/media/sapl/public/normajuridica/2012/3146/portaria_n_0029-2012.pdf", "ementa": "EXONERA A SENHORA CLARICE LERIANO MALENTAQUI, DO CARGO DE ASSESSOR LEGISLATIVO, NO GABINETE DO VEREADOR APARECIDO BIANCHO."}, {"id": "3137", "ano": "2012", "numero": "28", "tipo__sigla": "POR", "tipo__descricao": "Portaria", "texto_integral": "http://sapl.sarandi.pr.leg.br/media/sapl/public/normajuridica/2012/3137/portaria_n_0028-2012.pdf", "ementa": "EXONERA A SENHORA ANTONIA BRAZ DA SILVA, DO CARGO DE ASSESSOR PARLAMENTAR, NO GABINETE DO VEREADOR LUIZ CARLOS DE AGUIAR"}, {"id": "3128", "ano": "2012", "numero": "27", "tipo__sigla": "POR", "tipo__descricao": "Portaria", "texto_integral": "http://sapl.sarandi.pr.leg.br/media/sapl/public/normajuridica/2012/3128/portaria_n_0027-2012.pdf", "ementa": "RETIFICA A PORTARIA N\u00b0 025/2012, DE 19/11/2012"}, {"id": "2739", "ano": "2012", "numero": "1973", "tipo__sigla": "LEI", "tipo__descricao": "Lei Ordin\u00e1ria", "texto_integral": "http://sapl.sarandi.pr.leg.br/media/sapl/public/normajuridica/2012/2739/dec._leg._no_0003-2013.pdf", "ementa": "Obriga os supermercados e similares que vendam produtos que contenham lactose a informar essa caracter\u00edstica, no Departamento onde os produtos ser\u00e3o expostos ou na embalagem."}, {"id": "2738", "ano": "2012", "numero": "1972", "tipo__sigla": "LEI", "tipo__descricao": "Lei Ordin\u00e1ria", "texto_integral": "http://sapl.sarandi.pr.leg.br/media/sapl/public/normajuridica/2012/2738/dec._leg._no_0002-2013.pdf", "ementa": "Obriga os fabricantes de produtos que contenham lactose a informar essa caracter\u00edstica no r\u00f3tulo ou embalagem."}, {"id": "2737", "ano": "2012", "numero": "1971", "tipo__sigla": "LEI", "tipo__descricao": "Lei Ordin\u00e1ria", "texto_integral": "http://sapl.sarandi.pr.leg.br/media/sapl/public/normajuridica/2012/2737/dec._leg._no_0001-2013.pdf", "ementa": "Torna obrigat\u00f3ria a realiza\u00e7\u00e3o de diagn\u00f3stico da anemia aos alunos da rede p\u00fablica municipal de ensino."}, {"id": "1776", "ano": "2012", "numero": "278", "tipo__sigla": "LC", "tipo__descricao": "Lei Complementar", "texto_integral": "http://sapl.sarandi.pr.leg.br/media/./sapl/public/normajuridica/2012/1776/1776_texto_integral.pdf", "ementa": "Delimita os limites territoriais ente os munic\u00edpios de Sarandi e Maring\u00e1."}, {"id": "3119", "ano": "2012", "numero": "26", "tipo__sigla": "POR", "tipo__descricao": "Portaria", "texto_integral": "http://sapl.sarandi.pr.leg.br/media/./sapl/public/normajuridica/2012/3119/3119_texto_integral.pdf", "ementa": "NOMEIA A SENHORA PAMELA CAMILA DE SOUZA BARBOSA, DO CARGO DE ASSESSOR LEGISLATIVO CC-3, DO GABINETE DO VEREADOR BELMIRO DA SILVA FARIAS"}, {"id": "2736", "ano": "2012", "numero": "1970", "tipo__sigla": "LEI", "tipo__descricao": "Lei Ordin\u00e1ria", "texto_integral": "http://sapl.sarandi.pr.leg.br/media/./sapl/public/normajuridica/2012/2736/2736_texto_integral.pdf", "ementa": "Disp\u00f5e sobre a abertura de cr\u00e9dito adicional suplementar, na forma que especifica."}, {"id": "2735", "ano": "2012", "numero": "1969", "tipo__sigla": "LEI", "tipo__descricao": "Lei Ordin\u00e1ria", "texto_integral": "http://sapl.sarandi.pr.leg.br/media/./sapl/public/normajuridica/2012/2735/2735_texto_integral.pdf", "ementa": "Disp\u00f5e sobre a abertura de cr\u00e9dito adicional especial, na forma que especifica."}, {"id": "3110", "ano": "2012", "numero": "25", "tipo__sigla": "POR", "tipo__descricao": "Portaria", "texto_integral": "http://sapl.sarandi.pr.leg.br/media/./sapl/public/normajuridica/2012/3110/3110_texto_integral.pdf", "ementa": "EXONERA O SENHOR ALCIDES FRANCISCO DE SOUZA, DO CARGO DE ASSESSOR LEGISLATIVO CC-3, DO GABINETE DO VEREADOR BELMIRO DA SILVA FARIAS"}, {"id": "2734", "ano": "2012", "numero": "1968", "tipo__sigla": "LEI", "tipo__descricao": "Lei Ordin\u00e1ria", "texto_integral": "http://sapl.sarandi.pr.leg.br/media/./sapl/public/normajuridica/2012/2734/2734_texto_integral.pdf", "ementa": "Disp\u00f5e sobre a abertura de cr\u00e9dito adicional especial, na forma que especifica."}, {"id": "2733", "ano": "2012", "numero": "1967", "tipo__sigla": "LEI", "tipo__descricao": "Lei Ordin\u00e1ria", "texto_integral": "http://sapl.sarandi.pr.leg.br/media/./sapl/public/normajuridica/2012/2733/2733_texto_integral.pdf", "ementa": "Autoriza o Chefe do Poder Executivo Municipal a alienar im\u00f3vel de propriedade da municipalidade, na forma que especifica."}, {"id": "2732", "ano": "2012", "numero": "1966", "tipo__sigla": "LEI", "tipo__descricao": "Lei Ordin\u00e1ria", "texto_integral": "http://sapl.sarandi.pr.leg.br/media/./sapl/public/normajuridica/2012/2732/2732_texto_integral.pdf", "ementa": "Estima a Receita e fixa a Despesa do Munic\u00edpio de Sarandi para o exerc\u00edcio de 2013."}, {"id": "2731", "ano": "2012", "numero": "1965", "tipo__sigla": "LEI", "tipo__descricao": "Lei Ordin\u00e1ria", "texto_integral": "http://sapl.sarandi.pr.leg.br/media/./sapl/public/normajuridica/2012/2731/2731_texto_integral.pdf", "ementa": "Disp\u00f5e sobre a altera\u00e7\u00e3o do Anexo de Metas e Prioridades da Lei de Diretrizes Or\u00e7ament\u00e1rias - LDO de 2013, na forma que especifica."}, {"id": "2730", "ano": "2012", "numero": "1964", "tipo__sigla": "LEI", "tipo__descricao": "Lei Ordin\u00e1ria", "texto_integral": "http://sapl.sarandi.pr.leg.br/media/./sapl/public/normajuridica/2012/2730/2730_texto_integral.pdf", "ementa": "Disp\u00f5e sobre a altera\u00e7\u00e3o do PPA-Plano Plurianual do Munic\u00edpio de Sarandi do quadri\u00eanio 2010 a 2013, na forma que especifica."}, {"id": "2729", "ano": "2012", "numero": "1963", "tipo__sigla": "LEI", "tipo__descricao": "Lei Ordin\u00e1ria", "texto_integral": "http://sapl.sarandi.pr.leg.br/media/./sapl/public/normajuridica/2012/2729/2729_texto_integral.pdf", "ementa": "Disp\u00f5e sobre a abertura de cr\u00e9dito adicional suplementar, na forma que especifica."}, {"id": "2728", "ano": "2012", "numero": "1962", "tipo__sigla": "LEI", "tipo__descricao": "Lei Ordin\u00e1ria", "texto_integral": "http://sapl.sarandi.pr.leg.br/media/./sapl/public/normajuridica/2012/2728/2728_texto_integral.pdf", "ementa": "Disp\u00f5e sobre a inclus\u00e3o do par\u00e1grafo \u00fanico, no artigo 29, da Lei n\u00ba 1950/2012, de 10/07/2012 - Lei de Diretrizes Or\u00e7ament\u00e1rias-LDO, do Exerc\u00edcio de 2013, na forma que especifica."}, {"id": "2727", "ano": "2012", "numero": "1961", "tipo__sigla": "LEI", "tipo__descricao": "Lei Ordin\u00e1ria", "texto_integral": "http://sapl.sarandi.pr.leg.br/media/./sapl/public/normajuridica/2012/2727/2727_texto_integral.pdf", "ementa": "Disp\u00f5e sobre a inclus\u00e3o do par\u00e1grafo \u00fanico, no artigo 29, da Lei n\u00ba 1837/2011, de 12/07/2011 - Lei de Diretrizes Or\u00e7ament\u00e1rias-LDO, do Exerc\u00edcio de 2012, na forma que especifica."}, {"id": "2726", "ano": "2012", "numero": "1960", "tipo__sigla": "LEI", "tipo__descricao": "Lei Ordin\u00e1ria", "texto_integral": "http://sapl.sarandi.pr.leg.br/media/./sapl/public/normajuridica/2012/2726/2726_texto_integral.pdf", "ementa": "Disp\u00f5e sobre a abertura de cr\u00e9dito adicional suplementar, na forma que especifica."}, {"id": "2725", "ano": "2012", "numero": "1959", "tipo__sigla": "LEI", "tipo__descricao": "Lei Ordin\u00e1ria", "texto_integral": "http://sapl.sarandi.pr.leg.br/media/./sapl/public/normajuridica/2012/2725/2725_texto_integral.pdf", "ementa": "Declara \u00d3rg\u00e3o Oficial do Munic\u00edpio o Jornal \"O Di\u00e1rio do Norte do Paran\u00e1\", na forma que especifica."}, {"id": "3101", "ano": "2012", "numero": "24", "tipo__sigla": "POR", "tipo__descricao": "Portaria", "texto_integral": "http://sapl.sarandi.pr.leg.br/media/./sapl/public/normajuridica/2012/3101/3101_texto_integral.pdf", "ementa": "NOMEIA A SENHORA VERONICE ANGELITA GOMES, PARA O CARGO DE ASSESSOR PARLAMENTAR CC-3, DO GABINETE DO VEREADOR JOS\u00c9 APARECIDO DA SILVA"}, {"id": "2724", "ano": "2012", "numero": "1958", "tipo__sigla": "LEI", "tipo__descricao": "Lei Ordin\u00e1ria", "texto_integral": "http://sapl.sarandi.pr.leg.br/media/./sapl/public/normajuridica/2012/2724/2724_texto_integral.pdf", "ementa": "Torna obrigat\u00f3ria a instala\u00e7\u00e3o de anteparo do tipo biombo ou similar nas Ag\u00eancias e Postos de Servi\u00e7os dos Estabelecimentos Banc\u00e1rios do Munic\u00edpio de Sarandi."}, {"id": "3092", "ano": "2012", "numero": "23", "tipo__sigla": "POR", "tipo__descricao": "Portaria", "texto_integral": "http://sapl.sarandi.pr.leg.br/media/./sapl/public/normajuridica/2012/3092/3092_texto_integral.pdf", "ementa": "EXONERA A SENHORA CRISTIANE CARLETTO GON\u00c7ALVES, DO CARGO DE ASSESSOR PARLAMENTAR CC-3, DO GABINETE DO VEREADOR JOS\u00c9 APARECIDO DA SILVA"}, {"id": "3082", "ano": "2012", "numero": "22", "tipo__sigla": "POR", "tipo__descricao": "Portaria", "texto_integral": "http://sapl.sarandi.pr.leg.br/media/./sapl/public/normajuridica/2012/3082/3082_texto_integral.pdf", "ementa": "CONCEDE PROGRESS\u00c3O FUNCIONAL AOS SERVIDORES LUCIENE ASSONI TIMB\u00d3 DE SOUZA E ROVILSON JOS\u00c9 ARANTES"}, {"id": "2723", "ano": "2012", "numero": "1957", "tipo__sigla": "LEI", "tipo__descricao": "Lei Ordin\u00e1ria", "texto_integral": "http://sapl.sarandi.pr.leg.br/media/./sapl/public/normajuridica/2012/2723/2723_texto_integral.pdf", "ementa": "Autoriza o Chefe do Poder Executivo do Munic\u00edpio de Sarandi a efetuar pagamento de execu\u00e7\u00e3o de pequeno valor, em processo judicial e d\u00e1 outras provid\u00eancias."}, {"id": "2722", "ano": "2012", "numero": "1956", "tipo__sigla": "LEI", "tipo__descricao": "Lei Ordin\u00e1ria", "texto_integral": "http://sapl.sarandi.pr.leg.br/media/./sapl/public/normajuridica/2012/2722/2722_texto_integral.pdf", "ementa": "Disp\u00f5e sobre a cria\u00e7\u00e3o do Programa \"Facilita Recicla\" com a instala\u00e7\u00e3o de lixeiras para a separa\u00e7\u00e3o de res\u00edduos em todas as reparti\u00e7\u00f5es p\u00fablicas do Munic\u00edpio de Sarandi."}, {"id": "3072", "ano": "2012", "numero": "21", "tipo__sigla": "POR", "tipo__descricao": "Portaria", "texto_integral": "http://sapl.sarandi.pr.leg.br/media/./sapl/public/normajuridica/2012/3072/3072_texto_integral.pdf", "ementa": "ENQUADRAM SERVIDORES EFETIVOS AP\u00d3S EST\u00c1GIO PROBAT\u00d3RIO, SENDO ELES:LUCIENE ASSONI TIMB\u00d3 DE SOUZA E ROVILSON JOS\u00c9 ARANTES"}, {"id": "3062", "ano": "2012", "numero": "20", "tipo__sigla": "POR", "tipo__descricao": "Portaria", "texto_integral": "http://sapl.sarandi.pr.leg.br/media/./sapl/public/normajuridica/2012/3062/3062_texto_integral.pdf", "ementa": "EXONERA E NOMEIA SECRETARIA PARA COMPOR A COMISS\u00c3O DE LICITA\u00c7\u00c3O E JULGAMENTO DA C\u00c2MARA MUNICIPAL DE SARANDI"}, {"id": "2721", "ano": "2012", "numero": "1955", "tipo__sigla": "LEI", "tipo__descricao": "Lei Ordin\u00e1ria", "texto_integral": "http://sapl.sarandi.pr.leg.br/media/./sapl/public/normajuridica/2012/2721/2721_texto_integral.pdf", "ementa": "Disp\u00f5e sobre a abertura de cr\u00e9dito adicional especial, na forma que especifica."}, {"id": "2720", "ano": "2012", "numero": "1954", "tipo__sigla": "LEI", "tipo__descricao": "Lei Ordin\u00e1ria", "texto_integral": "http://sapl.sarandi.pr.leg.br/media/./sapl/public/normajuridica/2012/2720/2720_texto_integral.pdf", "ementa": "Autoriza concess\u00e3o de direito real de uso de im\u00f3vel para instala\u00e7\u00e3o de um hospital universit\u00e1rio."}, {"id": "2719", "ano": "2012", "numero": "1953", "tipo__sigla": "LEI", "tipo__descricao": "Lei Ordin\u00e1ria", "texto_integral": "http://sapl.sarandi.pr.leg.br/media/./sapl/public/normajuridica/2012/2719/2719_texto_integral.pdf", "ementa": "Autoriza o Poder Executivo Municipal a desafetar do uso p\u00fablico parte de vias p\u00fablicas, que far\u00e1 parte de \u00e1rea objeto de concess\u00e3o de direito real de uso, e d\u00e1 outras provid\u00eancias."}, {"id": "2718", "ano": "2012", "numero": "1952", "tipo__sigla": "LEI", "tipo__descricao": "Lei Ordin\u00e1ria", "texto_integral": "http://sapl.sarandi.pr.leg.br/media/./sapl/public/normajuridica/2012/2718/2718_texto_integral.pdf", "ementa": "Disp\u00f5e sobre a abertura de cr\u00e9dito adicional especial, na forma que especifica."}, {"id": "2717", "ano": "2012", "numero": "1951", "tipo__sigla": "LEI", "tipo__descricao": "Lei Ordin\u00e1ria", "texto_integral": "http://sapl.sarandi.pr.leg.br/media/./sapl/public/normajuridica/2012/2717/2717_texto_integral.pdf", "ementa": "Disp\u00f5e sobre a abertura de cr\u00e9dito adicional especial, na forma que especifica."}, {"id": "4660", "ano": "2012", "numero": "11", "tipo__sigla": "ATM", "tipo__descricao": "Ato da Mesa", "texto_integral": "http://sapl.sarandi.pr.leg.br/media/sapl/public/normajuridica/2012/4660/ato_da_mesa_no_011-2012.pdf", "ementa": "Pro\u00edbe a Propaganda Eleitoral no \u00e2mbito do Poder Legislativo."}, {"id": "2716", "ano": "2012", "numero": "1950", "tipo__sigla": "LEI", "tipo__descricao": "Lei Ordin\u00e1ria", "texto_integral": "http://sapl.sarandi.pr.leg.br/media/./sapl/public/normajuridica/2012/2716/2716_texto_integral.pdf", "ementa": "Disp\u00f5e sobre as Diretrizes para elabora\u00e7\u00e3o da Lei Or\u00e7ament\u00e1ria para o Exerc\u00edcio de 2013, e d\u00e1 outras provid\u00eancias."}, {"id": "2715", "ano": "2012", "numero": "1949", "tipo__sigla": "LEI", "tipo__descricao": "Lei Ordin\u00e1ria", "texto_integral": "http://sapl.sarandi.pr.leg.br/media/./sapl/public/normajuridica/2012/2715/2715_texto_integral.pdf", "ementa": "Disp\u00f5e sobre a altera\u00e7\u00e3o do PPA-Plano Plurianual do Munic\u00edpio de Sarandi do quadri\u00eanio 2010 a 2013, na forma que especifica."}, {"id": "3052", "ano": "2012", "numero": "19", "tipo__sigla": "POR", "tipo__descricao": "Portaria", "texto_integral": "http://sapl.sarandi.pr.leg.br/media/sapl/public/normajuridica/2012/3052/portaria_n_0019-2012.pdf", "ementa": "EXONERA E NOMEIA MEMBRO PARA COMPOR A COMISS\u00c3O DE LICITA\u00c7\u00c3O E JULGAMENTO DA C\u00c2MARA MUNICIPAL DE SARANDI"}, {"id": "2714", "ano": "2012", "numero": "1948", "tipo__sigla": "LEI", "tipo__descricao": "Lei Ordin\u00e1ria", "texto_integral": "http://sapl.sarandi.pr.leg.br/media/./sapl/public/normajuridica/2012/2714/2714_texto_integral.pdf", "ementa": "Disp\u00f5e sobre a abertura de cr\u00e9dito adicional suplementar, na forma que especifica."}, {"id": "3042", "ano": "2012", "numero": "18", "tipo__sigla": "POR", "tipo__descricao": "Portaria", "texto_integral": "http://sapl.sarandi.pr.leg.br/media/sapl/public/normajuridica/2012/3042/portaria_n_0018-2012.pdf", "ementa": "Concede Licen\u00e7a Especial, referente ao seu terceiro quinqu\u00eanio de fun\u00e7\u00e3o p\u00fablica, completado em 10 de junho de 2002, para ser usufru\u00edda de 02 de julho a 01 de outubro de 2010."}, {"id": "3033", "ano": "2012", "numero": "17", "tipo__sigla": "POR", "tipo__descricao": "Portaria", "texto_integral": "http://sapl.sarandi.pr.leg.br/media/sapl/public/normajuridica/2012/3033/portaria_n_0017-2012.pdf", "ementa": "Corrigir em 1,375600% nos termos do par\u00e1grafo \u00fanico da Resolu\u00e7\u00e3o n\u00b0 004/2010, de 21/06/2010, o Auxilio Alimenta\u00e7\u00e3o concedido aos servidores desta Edilidade."}, {"id": "3023", "ano": "2012", "numero": "16", "tipo__sigla": "POR", "tipo__descricao": "Portaria", "texto_integral": "http://sapl.sarandi.pr.leg.br/media/sapl/public/normajuridica/2012/3023/portaria_n_0016-2012.pdf", "ementa": "NOMEIA A COMISS\u00c3O PERMANENTE DE SINDIC\u00c2NCIA DA C\u00c2MARA MUNICIPAL DE SARANDI"}, {"id": "2713", "ano": "2012", "numero": "1947", "tipo__sigla": "LEI", "tipo__descricao": "Lei Ordin\u00e1ria", "texto_integral": "http://sapl.sarandi.pr.leg.br/media/./sapl/public/normajuridica/2012/2713/2713_texto_integral.pdf", "ementa": "Disp\u00f5e sobre altera\u00e7\u00f5es na Lei n\u00ba 1.821/2011, de 13 de junho de 2011, na forma que especifica."}, {"id": "2712", "ano": "2012", "numero": "1946", "tipo__sigla": "LEI", "tipo__descricao": "Lei Ordin\u00e1ria", "texto_integral": "http://sapl.sarandi.pr.leg.br/media/./sapl/public/normajuridica/2012/2712/2712_texto_integral.pdf", "ementa": "Cria o Programa \"S\u00edmbolo Internacional de Acesso\" em todos os locais e servi\u00e7os que permitam sua utiliza\u00e7\u00e3o por pessoas portadoras de defici\u00eancia e d\u00e1 outras provid\u00eancias."}, {"id": "2711", "ano": "2012", "numero": "1945", "tipo__sigla": "LEI", "tipo__descricao": "Lei Ordin\u00e1ria", "texto_integral": "http://sapl.sarandi.pr.leg.br/media/./sapl/public/normajuridica/2012/2711/2711_texto_integral.pdf", "ementa": "Disp\u00f5e sobre a realiza\u00e7\u00e3o de Campanhas Educativas contra a viol\u00eancia \u00e0 mulher."}, {"id": "3012", "ano": "2012", "numero": "15", "tipo__sigla": "POR", "tipo__descricao": "Portaria", "texto_integral": "http://sapl.sarandi.pr.leg.br/media/./sapl/public/normajuridica/2012/3012/3012_texto_integral.pdf", "ementa": "C\u00c2MARA MUNICIPAL DE SARANDI, ESTADO DO PARAN\u00c1, N\u00c3O TER\u00c1 EXPEDIENTE AO P\u00daBLICO, NO DIA 08 E JUNHO DE 2012"}, {"id": "2707", "ano": "2012", "numero": "1941", "tipo__sigla": "LEI", "tipo__descricao": "Lei Ordin\u00e1ria", "texto_integral": "http://sapl.sarandi.pr.leg.br/media/./sapl/public/normajuridica/2012/2707/2707_texto_integral.pdf", "ementa": "D\u00e1 denomina\u00e7\u00e3o \u00e0 Rua 14, do Jardim Tropical."}, {"id": "2710", "ano": "2012", "numero": "1944", "tipo__sigla": "LEI", "tipo__descricao": "Lei Ordin\u00e1ria", "texto_integral": "http://sapl.sarandi.pr.leg.br/media/./sapl/public/normajuridica/2012/2710/2710_texto_integral.pdf", "ementa": "Reconhece e declara de Utilidade P\u00fablica Associa\u00e7\u00e3o de Pais, Professores e Funcion\u00e1rios do Centro Municipal de Educa\u00e7\u00e3o Infantil Livania Marcia Lerin Kiste."}, {"id": "2709", "ano": "2012", "numero": "1943", "tipo__sigla": "LEI", "tipo__descricao": "Lei Ordin\u00e1ria", "texto_integral": "http://sapl.sarandi.pr.leg.br/media/./sapl/public/normajuridica/2012/2709/2709_texto_integral.pdf", "ementa": "Denomina Pra\u00e7a do Conjunto Residencial Vale Azul I, na forma que especifica."}, {"id": "2708", "ano": "2012", "numero": "1942", "tipo__sigla": "LEI", "tipo__descricao": "Lei Ordin\u00e1ria", "texto_integral": "http://sapl.sarandi.pr.leg.br/media/./sapl/public/normajuridica/2012/2708/2708_texto_integral.pdf", "ementa": "D\u00e1 denomina\u00e7\u00e3o \u00e0 Rua 17, do Jardim Tropical."}, {"id": "2706", "ano": "2012", "numero": "1940", "tipo__sigla": "LEI", "tipo__descricao": "Lei Ordin\u00e1ria", "texto_integral": "http://sapl.sarandi.pr.leg.br/media/./sapl/public/normajuridica/2012/2706/2706_texto_integral.pdf", "ementa": "Cria o Dia Municipal do Metal\u00fargico no Munic\u00edpio de Sarandi, PR."}, {"id": "2705", "ano": "2012", "numero": "1939", "tipo__sigla": "LEI", "tipo__descricao": "Lei Ordin\u00e1ria", "texto_integral": "http://sapl.sarandi.pr.leg.br/media/./sapl/public/normajuridica/2012/2705/2705_texto_integral.pdf", "ementa": "Institui a obrigatoriedade de ado\u00e7\u00e3o da proporcionalidade de 15% das nomina\u00e7\u00f5es futuras de logradouros p\u00fablicos, destinadas a mulheres pioneiras e d\u00e1 outras provid\u00eancias."}, {"id": "2704", "ano": "2012", "numero": "1938", "tipo__sigla": "LEI", "tipo__descricao": "Lei Ordin\u00e1ria", "texto_integral": "http://sapl.sarandi.pr.leg.br/media/./sapl/public/normajuridica/2012/2704/2704_texto_integral.pdf", "ementa": "Disp\u00f5e sobre a obrigatoriedade da destina\u00e7\u00e3o preferencial dos apartamentos localizados nos andares t\u00e9rreos dos edif\u00edcios (conjuntos) constru\u00eddos pelo Poder Municipal, nos programas de habita\u00e7\u00e3o popular, para pessoas idosas, com defici\u00eancia f\u00edsica, ou pessoa que tiver na fam\u00edlia ente que apresente alguma necessidade especial, como S\u00edndrome de Down, autismo ou outras semelhantes."}, {"id": "1775", "ano": "2012", "numero": "277", "tipo__sigla": "LC", "tipo__descricao": "Lei Complementar", "texto_integral": "http://sapl.sarandi.pr.leg.br/media/./sapl/public/normajuridica/2012/1775/1775_texto_integral.pdf", "ementa": "Altera o Anexo II da Lei Complementar n\u00ba 159/2007 e outras provid\u00eancias."}, {"id": "1774", "ano": "2012", "numero": "276", "tipo__sigla": "LC", "tipo__descricao": "Lei Complementar", "texto_integral": "http://sapl.sarandi.pr.leg.br/media/./sapl/public/normajuridica/2012/1774/1774_texto_integral.pdf", "ementa": "Cria cargo de provimento efetivo e d\u00e1 outras provid\u00eancias."}, {"id": "2703", "ano": "2012", "numero": "1937", "tipo__sigla": "LEI", "tipo__descricao": "Lei Ordin\u00e1ria", "texto_integral": "http://sapl.sarandi.pr.leg.br/media/./sapl/public/normajuridica/2012/2703/2703_texto_integral.pdf", "ementa": "Altera os valores dos Subs\u00eddios dos Vereadores, fixados pela Lei Municipal n\u00ba 1904/2011, de 22/11/2011, e d\u00e1 outras provid\u00eancias."}, {"id": "2702", "ano": "2012", "numero": "1936", "tipo__sigla": "LEI", "tipo__descricao": "Lei Ordin\u00e1ria", "texto_integral": "http://sapl.sarandi.pr.leg.br/media/./sapl/public/normajuridica/2012/2702/2702_texto_integral.pdf", "ementa": "Altera os valores dos subs\u00eddios do Prefeito e do Vice-Prefeito, fixados pela Lei Municipal n\u00ba 1903/2011, de 22/11/2011, e d\u00e1 outras provid\u00eancias."}, {"id": "2701", "ano": "2012", "numero": "1935", "tipo__sigla": "LEI", "tipo__descricao": "Lei Ordin\u00e1ria", "texto_integral": "http://sapl.sarandi.pr.leg.br/media/./sapl/public/normajuridica/2012/2701/2701_texto_integral.pdf", "ementa": "Disp\u00f5e sobre a abertura de cr\u00e9dito adicional suplementar, na forma que especifica."}, {"id": "2700", "ano": "2012", "numero": "1934", "tipo__sigla": "LEI", "tipo__descricao": "Lei Ordin\u00e1ria", "texto_integral": "http://sapl.sarandi.pr.leg.br/media/./sapl/public/normajuridica/2012/2700/2700_texto_integral.pdf", "ementa": "Autoriza o Chefe do Poder Executivo Municipal a abrir cr\u00e9dito suplementar especial, na formal que especifica."}, {"id": "2699", "ano": "2012", "numero": "1933", "tipo__sigla": "LEI", "tipo__descricao": "Lei Ordin\u00e1ria", "texto_integral": "http://sapl.sarandi.pr.leg.br/media/./sapl/public/normajuridica/2012/2699/2699_texto_integral.pdf", "ementa": "Disp\u00f5e sobre transposi\u00e7\u00e3o or\u00e7ament\u00e1ria do Poder Legislativo para o Poder Executivo, na forma que especifica."}, {"id": "2698", "ano": "2012", "numero": "1932", "tipo__sigla": "LEI", "tipo__descricao": "Lei Ordin\u00e1ria", "texto_integral": "http://sapl.sarandi.pr.leg.br/media/./sapl/public/normajuridica/2012/2698/2698_texto_integral.pdf", "ementa": "Reconhece e declara de Utilidade P\u00fablica Centro de Recupera\u00e7\u00e3o Esperan\u00e7a Viva."}, {"id": "2697", "ano": "2012", "numero": "1931", "tipo__sigla": "LEI", "tipo__descricao": "Lei Ordin\u00e1ria", "texto_integral": "http://sapl.sarandi.pr.leg.br/media/./sapl/public/normajuridica/2012/2697/2697_texto_integral.pdf", "ementa": "Revoga a Lei n\u00ba 1789/2011, na forma que especifica."}, {"id": "3356", "ano": "2012", "numero": "4", "tipo__sigla": "RES", "tipo__descricao": "Resolu\u00e7\u00e3o", "texto_integral": "http://sapl.sarandi.pr.leg.br/media/./sapl/public/normajuridica/2012/3356/3356_texto_integral.pdf", "ementa": "Cria o Portal da Transpar\u00eancia da C\u00e2mara Municipal de Sarandi  e d\u00e1 outras provid\u00eancias."}, {"id": "3001", "ano": "2012", "numero": "14", "tipo__sigla": "POR", "tipo__descricao": "Portaria", "texto_integral": "http://sapl.sarandi.pr.leg.br/media/./sapl/public/normajuridica/2012/3001/3001_texto_integral.pdf", "ementa": "NOMEIA O JOVEM WESLEY KOVALSKI PEREIRA, PARA O CARGO DE ASSESSOR LEGISLATIVO DA C\u00c2MARA MUNICIPAL"}, {"id": "4032", "ano": "2013", "numero": "1", "tipo__sigla": "ATP", "tipo__descricao": "Ato da Presid\u00eancia", "texto_integral": "http://sapl.sarandi.pr.leg.br/media/./sapl/public/normajuridica/2013/4032/4032_texto_integral.pdf", "ementa": "A Presid\u00eancia da C\u00e2mara Municipal de Sarandi, no uso de suas atribui\u00e7\u00f5es, e ap\u00f3s an\u00e1lise do processo de licita\u00e7\u00e3o, na modalidade tomada de pre\u00e7os n\u00ba 001/2013-CMS, ratifica a decis\u00e3o da Comiss\u00e3o de Licita\u00e7\u00e3o que declarou inabilitada a Empresa AMK - Construtora de Obras LTDA EPP e determina o prosseguimento do certame, com a comunica\u00e7\u00e3o da decis\u00e3o e a convoca\u00e7\u00e3o dos demais licitantes para a sess\u00e3o de abertura dos envelopes n\u00ba 02 - propostas de pre\u00e7o, em data a ser designada pela comiss\u00e3o."}, {"id": "2696", "ano": "2012", "numero": "1930", "tipo__sigla": "LEI", "tipo__descricao": "Lei Ordin\u00e1ria", "texto_integral": "http://sapl.sarandi.pr.leg.br/media/./sapl/public/normajuridica/2012/2696/2696_texto_integral.pdf", "ementa": "Autoriza o Chefe do Poder Executivo Municipal a abrir cr\u00e9dito suplementar especial, na forma que especifica."}, {"id": "2695", "ano": "2012", "numero": "1929", "tipo__sigla": "LEI", "tipo__descricao": "Lei Ordin\u00e1ria", "texto_integral": "http://sapl.sarandi.pr.leg.br/media/./sapl/public/normajuridica/2012/2695/2695_texto_integral.pdf", "ementa": "Disp\u00f5e sobre a abertura de cr\u00e9dito adicional especial, na forma que especifica."}, {"id": "2694", "ano": "2012", "numero": "1928", "tipo__sigla": "LEI", "tipo__descricao": "Lei Ordin\u00e1ria", "texto_integral": "http://sapl.sarandi.pr.leg.br/media/./sapl/public/normajuridica/2012/2694/2694_texto_integral.pdf", "ementa": "Autoriza o Chefe do Poder Executivo Municipal a abrir cr\u00e9dito adicional especial no or\u00e7amento anual do PRESERV, na forma que especifica."}, {"id": "1773", "ano": "2012", "numero": "275", "tipo__sigla": "LC", "tipo__descricao": "Lei Complementar", "texto_integral": "http://sapl.sarandi.pr.leg.br/media/./sapl/public/normajuridica/2012/1773/1773_texto_integral.pdf", "ementa": "Disp\u00f5e sobre altera\u00e7\u00e3o do art. 62 da Lei Complementar n\u00ba 265/2012, de 22/2/2012, atualiza\u00e7\u00e3o de vencimentos, e d\u00e1 outras provid\u00eancias."}, {"id": "2990", "ano": "2012", "numero": "13", "tipo__sigla": "POR", "tipo__descricao": "Portaria", "texto_integral": "http://sapl.sarandi.pr.leg.br/media/./sapl/public/normajuridica/2012/2990/2990_texto_integral.pdf", "ementa": "AUMENTO SALARIAL AOS SERVIDORES P\u00daBLICOS DESTE PODER"}, {"id": "2978", "ano": "2012", "numero": "12", "tipo__sigla": "POR", "tipo__descricao": "Portaria", "texto_integral": "http://sapl.sarandi.pr.leg.br/media/./sapl/public/normajuridica/2012/2978/2978_texto_integral.pdf", "ementa": "AUXILIO ALIMENTA\u00c7\u00c3O CONCEDIDO AOS SERVIDORES DESTE PODER"}, {"id": "2966", "ano": "2012", "numero": "11", "tipo__sigla": "POR", "tipo__descricao": "Portaria", "texto_integral": "http://sapl.sarandi.pr.leg.br/media/./sapl/public/normajuridica/2012/2966/2966_texto_integral.pdf", "ementa": "ALTERAR O PISO INICIAL DO CARGO DE RECEPCIONISTA E ATUALIZAR O PISO INICIAL DO CARGO DE ADVOGADO"}, {"id": "2954", "ano": "2012", "numero": "10", "tipo__sigla": "POR", "tipo__descricao": "Portaria", "texto_integral": "http://sapl.sarandi.pr.leg.br/media/./sapl/public/normajuridica/2012/2954/2954_texto_integral.pdf", "ementa": "NOMEIA O SENHOR EBERALDO DE SIQUEIRA, NO CARGO DE ASSESSOR LEGISLATIVO DO GABINETE DO VEREADOR JOS\u00c9 APARECIDO DA SILVA"}, {"id": "2693", "ano": "2012", "numero": "1927", "tipo__sigla": "LEI", "tipo__descricao": "Lei Ordin\u00e1ria", "texto_integral": "http://sapl.sarandi.pr.leg.br/media/./sapl/public/normajuridica/2012/2693/2693_texto_integral.pdf", "ementa": "D\u00e1 denomina\u00e7\u00e3o \u00e0 Avenida Projetada \"A\" do Jardim Monte L\u00edbano."}, {"id": "2692", "ano": "2012", "numero": "1926", "tipo__sigla": "LEI", "tipo__descricao": "Lei Ordin\u00e1ria", "texto_integral": "http://sapl.sarandi.pr.leg.br/media/./sapl/public/normajuridica/2012/2692/2692_texto_integral.pdf", "ementa": "Autoriza o Chefe do Poder Executivo Municipal a efetuar permuta de im\u00f3veis, na forma que especifica."}, {"id": "2691", "ano": "2012", "numero": "1925", "tipo__sigla": "LEI", "tipo__descricao": "Lei Ordin\u00e1ria", "texto_integral": "http://sapl.sarandi.pr.leg.br/media/./sapl/public/normajuridica/2012/2691/2691_texto_integral.pdf", "ementa": "Disp\u00f5e sobre os crit\u00e9rios da concess\u00e3o de benef\u00edcios eventuais de aux\u00edlio natalidade, funeral, situa\u00e7\u00f5es de calamidade p\u00fablica e situa\u00e7\u00f5es de vulnerabilidade tempor\u00e1ria no \u00e2mbito municipal da pol\u00edtica p\u00fablica de Assist\u00eancia Social, na forma que especifica."}, {"id": "2942", "ano": "2012", "numero": "9", "tipo__sigla": "POR", "tipo__descricao": "Portaria", "texto_integral": "http://sapl.sarandi.pr.leg.br/media/./sapl/public/normajuridica/2012/2942/2942_texto_integral.pdf", "ementa": "EXONERA A PEDIDO, O SENHOR JAIR CARNEIRO DO CARGO DE ASSESSOR LEGISLATIVO DO GABINETE DO VEREADOR JOS\u00c9 APARECIDO DA SILVA"}, {"id": "2930", "ano": "2012", "numero": "8", "tipo__sigla": "POR", "tipo__descricao": "Portaria", "texto_integral": "http://sapl.sarandi.pr.leg.br/media/./sapl/public/normajuridica/2012/2930/2930_texto_integral.pdf", "ementa": "EXONERA DE OFICIO O JOVEM JHONNY GALINDO AVELINO DO CARGO DE ASSESSOR PARLAMENTAR, NESTA CASA DE LEIS"}, {"id": "2690", "ano": "2012", "numero": "1924", "tipo__sigla": "LEI", "tipo__descricao": "Lei Ordin\u00e1ria", "texto_integral": "http://sapl.sarandi.pr.leg.br/media/./sapl/public/normajuridica/2012/2690/2690_texto_integral.pdf", "ementa": "Autoriza o Chefe do Poder Executivo Municipal a conceder aumento salarial, conforme abaixo especifica."}, {"id": "2918", "ano": "2012", "numero": "7", "tipo__sigla": "POR", "tipo__descricao": "Portaria", "texto_integral": "http://sapl.sarandi.pr.leg.br/media/./sapl/public/normajuridica/2012/2918/2918_texto_integral.pdf", "ementa": "CONCEDE PROGRESS\u00c3O FUNCIONAL A SERVIDORA M\u00d4NICA CRISTINA GONZALVES"}, {"id": "1772", "ano": "2012", "numero": "274", "tipo__sigla": "LC", "tipo__descricao": "Lei Complementar", "texto_integral": "http://sapl.sarandi.pr.leg.br/media/./sapl/public/normajuridica/2012/1772/1772_texto_integral.pdf", "ementa": "Disp\u00f5e sobre a altera\u00e7\u00e3o da Lei Complementar n\u00ba 270/2012, na forma que especifica."}, {"id": "1771", "ano": "2012", "numero": "273", "tipo__sigla": "LC", "tipo__descricao": "Lei Complementar", "texto_integral": "http://sapl.sarandi.pr.leg.br/media/./sapl/public/normajuridica/2012/1771/1771_texto_integral.pdf", "ementa": "Disp\u00f5e sobre a altera\u00e7\u00e3o da Lei Complementar n\u00ba 150/2007, na forma que especifica."}, {"id": "3352", "ano": "2012", "numero": "3", "tipo__sigla": "RES", "tipo__descricao": "Resolu\u00e7\u00e3o", "texto_integral": "http://sapl.sarandi.pr.leg.br/media/./sapl/public/normajuridica/2012/3352/3352_texto_integral.pdf", "ementa": "Cria \"Galeria de Prefeitos\" da C\u00e2mara Municipal de Sarandi."}, {"id": "3346", "ano": "2012", "numero": "2", "tipo__sigla": "RES", "tipo__descricao": "Resolu\u00e7\u00e3o", "texto_integral": "http://sapl.sarandi.pr.leg.br/media/./sapl/public/normajuridica/2012/3346/3346_texto_integral.pdf", "ementa": "Altera dispositivos da Resolu\u00e7\u00e3o n\u00ba 004/94, de 29/12/1994 e d\u00e1 outras provid\u00eancias."}, {"id": "2689", "ano": "2012", "numero": "1923", "tipo__sigla": "LEI", "tipo__descricao": "Lei Ordin\u00e1ria", "texto_integral": "http://sapl.sarandi.pr.leg.br/media/./sapl/public/normajuridica/2012/2689/2689_texto_integral.pdf", "ementa": "Disp\u00f5e sobre a abertura de cr\u00e9dito adicional suplementar, na forma que especifica."}, {"id": "2688", "ano": "2012", "numero": "1922", "tipo__sigla": "LEI", "tipo__descricao": "Lei Ordin\u00e1ria", "texto_integral": "http://sapl.sarandi.pr.leg.br/media/./sapl/public/normajuridica/2012/2688/2688_texto_integral.pdf", "ementa": "D\u00e1 denomina\u00e7\u00e3o \u00e0 Rua 1, no Parque Residencial Jaqueline."}, {"id": "1770", "ano": "2012", "numero": "272", "tipo__sigla": "LC", "tipo__descricao": "Lei Complementar", "texto_integral": "http://sapl.sarandi.pr.leg.br/media/sapl/public/normajuridica/2012/1770/lei_compl._no_272-2012.pdf", "ementa": "Acrescenta \u00e0 Subse\u00e7\u00e3o XIII, com o artigo 106-B, \u00e0 Lei Complementar n\u00ba 10/92."}, {"id": "3337", "ano": "2012", "numero": "1", "tipo__sigla": "RES", "tipo__descricao": "Resolu\u00e7\u00e3o", "texto_integral": "http://sapl.sarandi.pr.leg.br/media/./sapl/public/normajuridica/2012/3337/3337_texto_integral.pdf", "ementa": "Disp\u00f5e sobre a promo\u00e7\u00e3o de campanhas c\u00edvico-educativas e de valoriza\u00e7\u00e3o da cidadania."}, {"id": "1769", "ano": "2012", "numero": "271", "tipo__sigla": "LC", "tipo__descricao": "Lei Complementar", "texto_integral": "http://sapl.sarandi.pr.leg.br/media/./sapl/public/normajuridica/2012/1769/1769_texto_integral.pdf", "ementa": "Eleva o n\u00famero de vagas de cargos efetivos, do Quadro de Pessoal Permanente, na forma que especifica."}, {"id": "2687", "ano": "2012", "numero": "1921", "tipo__sigla": "LEI", "tipo__descricao": "Lei Ordin\u00e1ria", "texto_integral": "http://sapl.sarandi.pr.leg.br/media/./sapl/public/normajuridica/2012/2687/2687_texto_integral.pdf", "ementa": "Autoriza a Celebra\u00e7\u00e3o de Termo de Coopera\u00e7\u00e3o M\u00fatua com o Munic\u00edpio de Marialva-PR."}, {"id": "2686", "ano": "2012", "numero": "1920", "tipo__sigla": "LEI", "tipo__descricao": "Lei Ordin\u00e1ria", "texto_integral": "http://sapl.sarandi.pr.leg.br/media/./sapl/public/normajuridica/2012/2686/2686_texto_integral.pdf", "ementa": "Denomina o Hospital Municipal de Especialidades, na forma que especifica."}, {"id": "2685", "ano": "2012", "numero": "1919", "tipo__sigla": "LEI", "tipo__descricao": "Lei Ordin\u00e1ria", "texto_integral": "http://sapl.sarandi.pr.leg.br/media/./sapl/public/normajuridica/2012/2685/2685_texto_integral.pdf", "ementa": "Disp\u00f5es sobre a altera\u00e7\u00e3o do Art. 1\u00ba da Lei Municipal n\u00ba 937/2001, de 08/10/2011, de 20/11/2006, na forma que especifica."}, {"id": "2684", "ano": "2012", "numero": "1918", "tipo__sigla": "LEI", "tipo__descricao": "Lei Ordin\u00e1ria", "texto_integral": "http://sapl.sarandi.pr.leg.br/media/./sapl/public/normajuridica/2012/2684/2684_texto_integral.pdf", "ementa": "D\u00e1 denomina\u00e7\u00e3o a Rua 09, do Jardim Ouro Verde II."}, {"id": "1768", "ano": "2012", "numero": "270", "tipo__sigla": "LC", "tipo__descricao": "Lei Complementar", "texto_integral": "http://sapl.sarandi.pr.leg.br/media/./sapl/public/normajuridica/2012/1768/1768_texto_integral.pdf", "ementa": "Cria cargos de provimento efetivo e d\u00e1 outras provid\u00eancias."}, {"id": "2906", "ano": "2012", "numero": "6", "tipo__sigla": "POR", "tipo__descricao": "Portaria", "texto_integral": "http://sapl.sarandi.pr.leg.br/media/./sapl/public/normajuridica/2012/2906/2906_texto_integral.pdf", "ementa": "CONCEDE PROGRESS\u00c3O FUNCIONAL AO SERVIDOR AN\u00c9SIO JOS\u00c9 DA SILVA"}, {"id": "2683", "ano": "2012", "numero": "1917", "tipo__sigla": "LEI", "tipo__descricao": "Lei Ordin\u00e1ria", "texto_integral": "http://sapl.sarandi.pr.leg.br/media/./sapl/public/normajuridica/2012/2683/2683_texto_integral.pdf", "ementa": "Disp\u00f5e sobre a cria\u00e7\u00e3o do Ponto de Caminh\u00f5es de Alugu\u00e9is e d\u00e1 outras provid\u00eancias."}, {"id": "1767", "ano": "2012", "numero": "269", "tipo__sigla": "LC", "tipo__descricao": "Lei Complementar", "texto_integral": "http://sapl.sarandi.pr.leg.br/media/./sapl/public/normajuridica/2012/1767/1767_texto_integral.pdf", "ementa": "Cria o cargo de provimento efetivo, vagas e d\u00e1 outras provid\u00eancias."}, {"id": "1766", "ano": "2012", "numero": "268", "tipo__sigla": "LC", "tipo__descricao": "Lei Complementar", "texto_integral": "http://sapl.sarandi.pr.leg.br/media/./sapl/public/normajuridica/2012/1766/1766_texto_integral.pdf", "ementa": "Disp\u00f5e sobre a gratifica\u00e7\u00e3o de produtividade e desempenho - GPD, previsto no artigo 106-A da Lei Municipal n\u00ba 10/92, Estatuto dos Servidores Municipais de Sarandi-PR, destinada a m\u00e9dicos da Administra\u00e7\u00e3o direta fixando os percentuais respectivos e regulamentando os crit\u00e9rios de percep\u00e7\u00e3o."}, {"id": "1765", "ano": "2012", "numero": "267", "tipo__sigla": "LC", "tipo__descricao": "Lei Complementar", "texto_integral": "http://sapl.sarandi.pr.leg.br/media/./sapl/public/normajuridica/2012/1765/1765_texto_integral.pdf", "ementa": "Altera a acrescenta artigos e o anexo I, itens I e V, do Grupo ocupacional auxiliar e superior classe \u00fanica, todos da Lei Complementar n\u00ba 159/2007, que disp\u00f5e sobre o Plano de Cargos e Sal\u00e1rios."}, {"id": "2682", "ano": "2012", "numero": "1916", "tipo__sigla": "LEI", "tipo__descricao": "Lei Ordin\u00e1ria", "texto_integral": "http://sapl.sarandi.pr.leg.br/media/./sapl/public/normajuridica/2012/2682/2682_texto_integral.pdf", "ementa": "Altera dispositivos da Lei Municipal n\u00ba 1827/2011, de 04.07.2011."}, {"id": "2681", "ano": "2012", "numero": "1915", "tipo__sigla": "LEI", "tipo__descricao": "Lei Ordin\u00e1ria", "texto_integral": "http://sapl.sarandi.pr.leg.br/media/./sapl/public/normajuridica/2012/2681/2681_texto_integral.pdf", "ementa": "Altera dispositivos da Lei 1.379/2007, que disp\u00f5e sobre a cria\u00e7\u00e3o do Conselho Municipal de Acompanhamento e Controle Social do Fundo de Manuten\u00e7\u00e3o e Desenvolvimento da Educa\u00e7\u00e3o B\u00e1sica e de Valoriza\u00e7\u00e3o dos Profissionais da Educa\u00e7\u00e3o-Conselho da FUNDEB."}, {"id": "1764", "ano": "2012", "numero": "266", "tipo__sigla": "LC", "tipo__descricao": "Lei Complementar", "texto_integral": "http://sapl.sarandi.pr.leg.br/media/./sapl/public/normajuridica/2012/1764/1764_texto_integral.pdf", "ementa": "Eleva o n\u00famero de vagas de cargos efetivos da Autarquia \u00c1guas de Sarandi - Servi\u00e7o Municipal de Saneamento Ambiental, na forma que especifica."}, {"id": "1763", "ano": "2012", "numero": "265", "tipo__sigla": "LC", "tipo__descricao": "Lei Complementar", "texto_integral": "http://sapl.sarandi.pr.leg.br/media/./sapl/public/normajuridica/2012/1763/1763_texto_integral.pdf", "ementa": "Disp\u00f5e sobre a cria\u00e7\u00e3o da Secretaria Municipal de Tr\u00e2nsito e Seguran\u00e7a P\u00fablica e d\u00e1 outras provid\u00eancias."}, {"id": "2680", "ano": "2012", "numero": "1914", "tipo__sigla": "LEI", "tipo__descricao": "Lei Ordin\u00e1ria", "texto_integral": "http://sapl.sarandi.pr.leg.br/media/./sapl/public/normajuridica/2012/2680/2680_texto_integral.pdf", "ementa": "D\u00e1 denomina\u00e7\u00e3o \u00e0 Rua 03, no Jardim Ouro Verde II."}, {"id": "2894", "ano": "2012", "numero": "5", "tipo__sigla": "POR", "tipo__descricao": "Portaria", "texto_integral": "http://sapl.sarandi.pr.leg.br/media/./sapl/public/normajuridica/2012/2894/2894_texto_integral.pdf", "ementa": "CONCEDER REAJUSTE E REPOSI\u00c7\u00c3O SALARIAL DE 6, 08, AOS SERVIDORES P\u00daBLICOS DESTE PODER"}, {"id": "2679", "ano": "2012", "numero": "1913", "tipo__sigla": "LEI", "tipo__descricao": "Lei Ordin\u00e1ria", "texto_integral": "http://sapl.sarandi.pr.leg.br/media/./sapl/public/normajuridica/2012/2679/2679_texto_integral.pdf", "ementa": "Disp\u00f5e sobre a atualiza\u00e7\u00e3o monet\u00e1ria dos subs\u00eddios dos Vereadores, na forma que especifica."}, {"id": "2678", "ano": "2012", "numero": "1912", "tipo__sigla": "LEI", "tipo__descricao": "Lei Ordin\u00e1ria", "texto_integral": "http://sapl.sarandi.pr.leg.br/media/./sapl/public/normajuridica/2012/2678/2678_texto_integral.pdf", "ementa": "Disp\u00f5e sobre a atualiza\u00e7\u00e3o monet\u00e1ria dos subs\u00eddios do Prefeito, Vice-Prefeito e dos Secret\u00e1rios Municipais, na forma que especifica."}, {"id": "2677", "ano": "2012", "numero": "1911", "tipo__sigla": "LEI", "tipo__descricao": "Lei Ordin\u00e1ria", "texto_integral": "http://sapl.sarandi.pr.leg.br/media/./sapl/public/normajuridica/2012/2677/2677_texto_integral.pdf", "ementa": "Autoriza o Chefe do Poder Executivo Municipal a conceder reposi\u00e7\u00e3o e reajuste salarial, na forma que especifica."}, {"id": "2676", "ano": "2012", "numero": "1910", "tipo__sigla": "LEI", "tipo__descricao": "Lei Ordin\u00e1ria", "texto_integral": "http://sapl.sarandi.pr.leg.br/media/./sapl/public/normajuridica/2012/2676/2676_texto_integral.pdf", "ementa": "Autoriza o Chefe do Poder Executivo Municipal a fixar piso m\u00ednimo de vencimentos dos Servidores P\u00fablicos Municipais de Sarandi e d\u00e1 outras provid\u00eancias."}, {"id": "2882", "ano": "2012", "numero": "4", "tipo__sigla": "POR", "tipo__descricao": "Portaria", "texto_integral": "http://sapl.sarandi.pr.leg.br/media/./sapl/public/normajuridica/2012/2882/2882_texto_integral.pdf", "ementa": "CONCEDE PROGRESS\u00c3O FUNCIONAL AOS SERVIDORES CLEONICE IZIDIO DE AZEVEDO, DALVECIR APARECIDO BONORA, EDITE NUNES DA SILVA E MARIA APARECIDA DA SOLIDADE"}, {"id": "2870", "ano": "2012", "numero": "3", "tipo__sigla": "POR", "tipo__descricao": "Portaria", "texto_integral": "http://sapl.sarandi.pr.leg.br/media/./sapl/public/normajuridica/2012/2870/2870_texto_integral.pdf", "ementa": "NOMEIA ROVILSON JOS\u00c9 ARANTES, PARA CHEFE DA DIVIS\u00c3O DE CONTABILIDADE E CONCEDER FG DE 30%, A PARTIR DE 01 DE JANEIRO DE 2012"}, {"id": "2858", "ano": "2012", "numero": "2", "tipo__sigla": "POR", "tipo__descricao": "Portaria", "texto_integral": "http://sapl.sarandi.pr.leg.br/media/./sapl/public/normajuridica/2012/2858/2858_texto_integral.pdf", "ementa": "HOMOLOGA O RESULTADO DAS ELEI\u00c7\u00d5ES DAS COMISS\u00d5ES PERMANESTES PARA O ANO DE 2012"}, {"id": "2846", "ano": "2012", "numero": "1", "tipo__sigla": "POR", "tipo__descricao": "Portaria", "texto_integral": "http://sapl.sarandi.pr.leg.br/media/./sapl/public/normajuridica/2012/2846/2846_texto_integral.pdf", "ementa": "NOMEIA A COMISS\u00c3O DE LICITA\u00c7\u00c3O E JULGAMENTO PARA 2012"}, {"id": "2633", "ano": "2011", "numero": "1867", "tipo__sigla": "LEI", "tipo__descricao": "Lei Ordin\u00e1ria", "texto_integral": "http://sapl.sarandi.pr.leg.br/media/./sapl/public/normajuridica/2011/2633/2633_texto_integral.pdf", "ementa": "Institui nos Pontos de Sa\u00fade, Hospital Municipal de Sa\u00fade, bem como a todos os \u00f3rg\u00e3os relacionados \u00e0 Sa\u00fade P\u00fablica de Sarandi, avalia\u00e7\u00e3o dos usu\u00e1rios do Servi\u00e7o Municipal de Sa\u00fade."}, {"id": "2675", "ano": "2011", "numero": "1909", "tipo__sigla": "LEI", "tipo__descricao": "Lei Ordin\u00e1ria", "texto_integral": "http://sapl.sarandi.pr.leg.br/media/./sapl/public/normajuridica/2011/2675/2675_texto_integral.pdf", "ementa": "Autoriza o Poder Executivo Municipal a conceder Direito Real de Uso de Im\u00f3vel pertencente \u00e0 municipalidade, na forma que especifica."}, {"id": "2674", "ano": "2011", "numero": "1908", "tipo__sigla": "LEI", "tipo__descricao": "Lei Ordin\u00e1ria", "texto_integral": "http://sapl.sarandi.pr.leg.br/media/./sapl/public/normajuridica/2011/2674/2674_texto_integral.pdf", "ementa": "Disp\u00f5e sobre a abertura de cr\u00e9dito adicional especial, na forma que especifica."}, {"id": "2673", "ano": "2011", "numero": "1907", "tipo__sigla": "LEI", "tipo__descricao": "Lei Ordin\u00e1ria", "texto_integral": "http://sapl.sarandi.pr.leg.br/media/./sapl/public/normajuridica/2011/2673/2673_texto_integral.pdf", "ementa": "Disp\u00f5e sobre a abertura de cr\u00e9dito adicional especial, na forma que especifica."}, {"id": "2672", "ano": "2011", "numero": "1906", "tipo__sigla": "LEI", "tipo__descricao": "Lei Ordin\u00e1ria", "texto_integral": "http://sapl.sarandi.pr.leg.br/media/./sapl/public/normajuridica/2011/2672/2672_texto_integral.pdf", "ementa": "Autoriza o Poder Executivo Municipal a contratar opera\u00e7\u00f5es de cr\u00e9dito com a Ag\u00eancia de Fomento do Paran\u00e1 S.A."}, {"id": "1762", "ano": "2011", "numero": "264", "tipo__sigla": "LC", "tipo__descricao": "Lei Complementar", "texto_integral": "http://sapl.sarandi.pr.leg.br/media/./sapl/public/normajuridica/2011/1762/1762_texto_integral.pdf", "ementa": "Reestrutura o Regime Pr\u00f3prio de Previd\u00eancia Social do Munic\u00edpio de Sarandi e d\u00e1 outras provid\u00eancias."}, {"id": "1761", "ano": "2011", "numero": "263", "tipo__sigla": "LC", "tipo__descricao": "Lei Complementar", "texto_integral": "http://sapl.sarandi.pr.leg.br/media/./sapl/public/normajuridica/2011/1761/1761_texto_integral.pdf", "ementa": "Disp\u00f5e sobre a cria\u00e7\u00e3o da Secretaria Municipal da Juventude, Cultura, Esporte e Lazer e d\u00e1 outras provid\u00eancias."}, {"id": "1555", "ano": "2011", "numero": "4", "tipo__sigla": "DL", "tipo__descricao": "Decreto Legislativo", "texto_integral": "http://sapl.sarandi.pr.leg.br/media/./sapl/public/normajuridica/2011/1555/1555_texto_integral.pdf", "ementa": "Disp\u00f5e sobre rejei\u00e7\u00e3o do \"Veto n\u00ba 4/2011\" aposto \u00e0 Lei Municipal n\u00ba 1867/2011, de autoria do edil Reginaldo Alves dos Santos, a qual disp\u00f5e sobre a institui\u00e7\u00e3o nos Postos de Sa\u00fade, Hospital Municipal e Secretaria Municipal de Sa\u00fade, bem como a todos os \u00f3rg\u00e3os relacionados \u00e0 sa\u00fade p\u00fablica de Sarandi, avalia\u00e7\u00e3o dos usu\u00e1rios do servi\u00e7o municipal de sa\u00fade."}, {"id": "3225", "ano": "2011", "numero": "41", "tipo__sigla": "POR", "tipo__descricao": "Portaria", "texto_integral": "http://sapl.sarandi.pr.leg.br/media/./sapl/public/normajuridica/2011/3225/3225_texto_integral.pdf", "ementa": "DECRETA RECESSO LEGISLATIVO DE 23/12/2011 A 02/01/2012 E FECHA A C\u00c2MARA PARA O P\u00daBLICO"}, {"id": "3219", "ano": "2011", "numero": "40", "tipo__sigla": "POR", "tipo__descricao": "Portaria", "texto_integral": "http://sapl.sarandi.pr.leg.br/media/./sapl/public/normajuridica/2011/3219/3219_texto_integral.pdf", "ementa": "NOMEIA ASSESSOR LEGISLATIVO CLAUDEMIR DE OLIVEIRA, NO GABINETE DO VEREADOR REGINALDO ALVES DOS SANTOS"}, {"id": "2671", "ano": "2011", "numero": "1905", "tipo__sigla": "LEI", "tipo__descricao": "Lei Ordin\u00e1ria", "texto_integral": "http://sapl.sarandi.pr.leg.br/media/./sapl/public/normajuridica/2011/2671/2671_texto_integral.pdf", "ementa": "Autoriza o Chefe do Poder Executivo Municipal a instituir no Munic\u00edpio Concurso de Decora\u00e7\u00f5es Natalinas."}, {"id": "2670", "ano": "2011", "numero": "1904", "tipo__sigla": "LEI", "tipo__descricao": "Lei Ordin\u00e1ria", "texto_integral": "http://sapl.sarandi.pr.leg.br/media/./sapl/public/normajuridica/2011/2670/2670_texto_integral.pdf", "ementa": "Fixa subs\u00eddios dos vereadores para a 8\u00aa Legislatura, no per\u00edodo de 2013 a 2016."}, {"id": "2669", "ano": "2011", "numero": "1903", "tipo__sigla": "LEI", "tipo__descricao": "Lei Ordin\u00e1ria", "texto_integral": "http://sapl.sarandi.pr.leg.br/media/./sapl/public/normajuridica/2011/2669/2669_texto_integral.pdf", "ementa": "Fixa os subs\u00eddios do Prefeito, Vice-Prefeito e dos Secret\u00e1rios Municipais para a Gest\u00e3o Administrativa de 2013 a 2016."}, {"id": "2668", "ano": "2011", "numero": "1902", "tipo__sigla": "LEI", "tipo__descricao": "Lei Ordin\u00e1ria", "texto_integral": "http://sapl.sarandi.pr.leg.br/media/./sapl/public/normajuridica/2011/2668/2668_texto_integral.pdf", "ementa": "Autoriza o Chefe do Poder Executivo Municipal a abrir adicional especial, na forma que especifica."}, {"id": "5888", "ano": "2011", "numero": "1314", "tipo__sigla": "DE", "tipo__descricao": "Decreto Executivo", "texto_integral": "http://sapl.sarandi.pr.leg.br/media/sapl/public/normajuridica/2011/5888/decreto_executivo_no_1314-2011.pdf", "ementa": "REGULAMENTA OS SERVI\u00c7OS DE LIMPEZA URBANA E MANEJO DE RES\u00cdDUOS S\u00d3LIDOS DO MUNIC\u00cdPIO DE SARANDI, NA FORMA QUE ESPECIFICA."}, {"id": "3230", "ano": "2011", "numero": "42", "tipo__sigla": "POR", "tipo__descricao": "Portaria", "texto_integral": "http://sapl.sarandi.pr.leg.br/media/./sapl/public/normajuridica/2011/3230/3230_texto_integral.pdf", "ementa": "PRORROGA PRAZO PARA CONCLUS\u00c3O DOS TRABALHOS DA COMISS\u00c3O DE REVIS\u00c3O E AVALIA\u00c7\u00c3O DE BENS M\u00d3VEIS E IM\u00d3VEIS DA C\u00c2MARA DE SARANDI, INSTITUIDA PELA PORTARIA N\u00b0033/2011"}, {"id": "3214", "ano": "2011", "numero": "39", "tipo__sigla": "POR", "tipo__descricao": "Portaria", "texto_integral": "http://sapl.sarandi.pr.leg.br/media/./sapl/public/normajuridica/2011/3214/3214_texto_integral.pdf", "ementa": "EXONERA O ASSESSOR LEGISLATIVO NEWTON CESAR MARTINS, DO GABINETE DO VEREADOR REGINALDO ALVES DOS SANTOS"}, {"id": "2667", "ano": "2011", "numero": "1901", "tipo__sigla": "LEI", "tipo__descricao": "Lei Ordin\u00e1ria", "texto_integral": "http://sapl.sarandi.pr.leg.br/media/./sapl/public/normajuridica/2011/2667/2667_texto_integral.pdf", "ementa": "Determina estacionamento de ve\u00edculos na Rua Recife e d\u00e1 outras provid\u00eancias."}, {"id": "2666", "ano": "2011", "numero": "1900", "tipo__sigla": "LEI", "tipo__descricao": "Lei Ordin\u00e1ria", "texto_integral": "http://sapl.sarandi.pr.leg.br/media/./sapl/public/normajuridica/2011/2666/2666_texto_integral.pdf", "ementa": "D\u00e1 denomina\u00e7\u00e3o \u00e0 Avenida \"A\" no Jardim Nova Sarandi II."}, {"id": "2665", "ano": "2011", "numero": "1899", "tipo__sigla": "LEI", "tipo__descricao": "Lei Ordin\u00e1ria", "texto_integral": "http://sapl.sarandi.pr.leg.br/media/./sapl/public/normajuridica/2011/2665/2665_texto_integral.pdf", "ementa": "D\u00e1 denomina\u00e7\u00e3o \u00e0 Rua 13, no Jardim Tropical."}, {"id": "2664", "ano": "2011", "numero": "1898", "tipo__sigla": "LEI", "tipo__descricao": "Lei Ordin\u00e1ria", "texto_integral": "http://sapl.sarandi.pr.leg.br/media/./sapl/public/normajuridica/2011/2664/2664_texto_integral.pdf", "ementa": "D\u00e1 denomina\u00e7\u00e3o \u00e0 Rua A, no Jardim Novo Castelo."}, {"id": "2663", "ano": "2011", "numero": "1897", "tipo__sigla": "LEI", "tipo__descricao": "Lei Ordin\u00e1ria", "texto_integral": "http://sapl.sarandi.pr.leg.br/media/./sapl/public/normajuridica/2011/2663/2663_texto_integral.pdf", "ementa": "Reconhece e declara de Utilidade P\u00fablica Associa\u00e7\u00e3o Novo Amanh\u00e3."}, {"id": "2662", "ano": "2011", "numero": "1896", "tipo__sigla": "LEI", "tipo__descricao": "Lei Ordin\u00e1ria", "texto_integral": "http://sapl.sarandi.pr.leg.br/media/./sapl/public/normajuridica/2011/2662/2662_texto_integral.pdf", "ementa": "D\u00e1 denomina\u00e7\u00e3o \u00e0 Rua 17, no Residencial S\u00e3o Jos\u00e9 II."}, {"id": "2661", "ano": "2011", "numero": "1895", "tipo__sigla": "LEI", "tipo__descricao": "Lei Ordin\u00e1ria", "texto_integral": "http://sapl.sarandi.pr.leg.br/media/./sapl/public/normajuridica/2011/2661/2661_texto_integral.pdf", "ementa": "D\u00e1 denomina\u00e7\u00e3o \u00e0 Rua 16, no Residencial S\u00e3o Jos\u00e9 II."}, {"id": "2660", "ano": "2011", "numero": "1894", "tipo__sigla": "LEI", "tipo__descricao": "Lei Ordin\u00e1ria", "texto_integral": "http://sapl.sarandi.pr.leg.br/media/./sapl/public/normajuridica/2011/2660/2660_texto_integral.pdf", "ementa": "Institui no Munic\u00edpio de Sarandi - PR \"A Semana da Mulher\" e d\u00e1 outras provid\u00eancias."}, {"id": "2659", "ano": "2011", "numero": "1893", "tipo__sigla": "LEI", "tipo__descricao": "Lei Ordin\u00e1ria", "texto_integral": "http://sapl.sarandi.pr.leg.br/media/./sapl/public/normajuridica/2011/2659/2659_texto_integral.pdf", "ementa": "D\u00e1 denomina\u00e7\u00e3o \u00e0 Rua 10, do Jardim Ouro Verde II."}, {"id": "2658", "ano": "2011", "numero": "1892", "tipo__sigla": "LEI", "tipo__descricao": "Lei Ordin\u00e1ria", "texto_integral": "http://sapl.sarandi.pr.leg.br/media/./sapl/public/normajuridica/2011/2658/2658_texto_integral.pdf", "ementa": "D\u00e1 denomina\u00e7\u00e3o \u00e0 Rua 08, no Jardim Ouro Verde II."}, {"id": "2657", "ano": "2011", "numero": "1891", "tipo__sigla": "LEI", "tipo__descricao": "Lei Ordin\u00e1ria", "texto_integral": "http://sapl.sarandi.pr.leg.br/media/./sapl/public/normajuridica/2011/2657/2657_texto_integral.pdf", "ementa": "D\u00e1 denomina\u00e7\u00e3o \u00e0 Rua 11, do Jardim Ouro Verde II."}, {"id": "2656", "ano": "2011", "numero": "1890", "tipo__sigla": "LEI", "tipo__descricao": "Lei Ordin\u00e1ria", "texto_integral": "http://sapl.sarandi.pr.leg.br/media/./sapl/public/normajuridica/2011/2656/2656_texto_integral.pdf", "ementa": "Torna obrigat\u00f3ria a instala\u00e7\u00e3o de dispositivos de seguran\u00e7a nas Ag\u00eancias e nos Postos de Servi\u00e7os das Institui\u00e7\u00f5es Financeiras localizadas no Munic\u00edpio de Sarandi."}, {"id": "2655", "ano": "2011", "numero": "1889", "tipo__sigla": "LEI", "tipo__descricao": "Lei Ordin\u00e1ria", "texto_integral": "http://sapl.sarandi.pr.leg.br/media/./sapl/public/normajuridica/2011/2655/2655_texto_integral.pdf", "ementa": "Disp\u00f5es sobre a Instala\u00e7\u00e3o de Biombos nos Pontos de Atendimento dos Estabelecimentos Banc\u00e1rios e Estabelecimentos Lot\u00e9ricos do Munic\u00edpio de Sarandi."}, {"id": "2654", "ano": "2011", "numero": "1888", "tipo__sigla": "LEI", "tipo__descricao": "Lei Ordin\u00e1ria", "texto_integral": "http://sapl.sarandi.pr.leg.br/media/./sapl/public/normajuridica/2011/2654/2654_texto_integral.pdf", "ementa": "Disciplina a Parada e Estacionamento de carro forte das empresas transportadoras de valores, e d\u00e1 outras provid\u00eancias."}, {"id": "2653", "ano": "2011", "numero": "1887", "tipo__sigla": "LEI", "tipo__descricao": "Lei Ordin\u00e1ria", "texto_integral": "http://sapl.sarandi.pr.leg.br/media/./sapl/public/normajuridica/2011/2653/2653_texto_integral.pdf", "ementa": "Pro\u00edbe o plantio de \u00e1rvores frut\u00edferas na faixa de passeio p\u00fablico e d\u00e1 outras provid\u00eancias."}, {"id": "2652", "ano": "2011", "numero": "1886", "tipo__sigla": "LEI", "tipo__descricao": "Lei Ordin\u00e1ria", "texto_integral": "http://sapl.sarandi.pr.leg.br/media/./sapl/public/normajuridica/2011/2652/2652_texto_integral.pdf", "ementa": "Disp\u00f5e sobre a instala\u00e7\u00e3o de lixeiras para coleta seletiva nas Escolas P\u00fablicas Municipais e d\u00e1 outras provid\u00eancias."}, {"id": "2651", "ano": "2011", "numero": "1885", "tipo__sigla": "LEI", "tipo__descricao": "Lei Ordin\u00e1ria", "texto_integral": "http://sapl.sarandi.pr.leg.br/media/./sapl/public/normajuridica/2011/2651/2651_texto_integral.pdf", "ementa": "D\u00e1 denomina\u00e7\u00e3o \u00e0 Rua 4 do Jardim Ouro Verde II."}, {"id": "2650", "ano": "2011", "numero": "1884", "tipo__sigla": "LEI", "tipo__descricao": "Lei Ordin\u00e1ria", "texto_integral": "http://sapl.sarandi.pr.leg.br/media/./sapl/public/normajuridica/2011/2650/2650_texto_integral.pdf", "ementa": "Disp\u00f5e sobre a divulga\u00e7\u00e3o dos Valores arrecadados a T\u00edtulo de Multas de Tr\u00e2nsito, pelo Munic\u00edpio de Sarandi-PR, e d\u00e1 outras provid\u00eancias."}, {"id": "3345", "ano": "2011", "numero": "2", "tipo__sigla": "RES", "tipo__descricao": "Resolu\u00e7\u00e3o", "texto_integral": "http://sapl.sarandi.pr.leg.br/media/./sapl/public/normajuridica/2011/3345/3345_texto_integral.pdf", "ementa": "Disp\u00f5es sobre a filia\u00e7\u00e3o da C\u00e2mara Municipal de Sarandi a Associa\u00e7\u00e3o de C\u00e2maras e Vereadores do Paran\u00e1 - ACAMPAR."}, {"id": "2649", "ano": "2011", "numero": "1883", "tipo__sigla": "LEI", "tipo__descricao": "Lei Ordin\u00e1ria", "texto_integral": "http://sapl.sarandi.pr.leg.br/media/./sapl/public/normajuridica/2011/2649/2649_texto_integral.pdf", "ementa": "Estima a Receita e Fixa a despesa do Munic\u00edpio para o Exerc\u00edcio de 2012."}, {"id": "2648", "ano": "2011", "numero": "1882", "tipo__sigla": "LEI", "tipo__descricao": "Lei Ordin\u00e1ria", "texto_integral": "http://sapl.sarandi.pr.leg.br/media/./sapl/public/normajuridica/2011/2648/2648_texto_integral.pdf", "ementa": "Disp\u00f5e sobre a altera\u00e7\u00e3o do Anexo de Metas e Prioridades da Lei de Diretrizes Or\u00e7ament\u00e1rias - LDO de 2011, na forma que especifica."}, {"id": "2647", "ano": "2011", "numero": "1881", "tipo__sigla": "LEI", "tipo__descricao": "Lei Ordin\u00e1ria", "texto_integral": "http://sapl.sarandi.pr.leg.br/media/./sapl/public/normajuridica/2011/2647/2647_texto_integral.pdf", "ementa": "Disp\u00f5e sobre a altera\u00e7\u00e3o do Anexo de Metas e Prioridades da Lei de Diretrizes Or\u00e7ament\u00e1rias - LDO de 2012, na forma que especifica."}, {"id": "2646", "ano": "2011", "numero": "1880", "tipo__sigla": "LEI", "tipo__descricao": "Lei Ordin\u00e1ria", "texto_integral": "http://sapl.sarandi.pr.leg.br/media/./sapl/public/normajuridica/2011/2646/2646_texto_integral.pdf", "ementa": "Disp\u00f5e sobre a altera\u00e7\u00e3o do PPA-Plano Plurianual do Munic\u00edpio de Sarandi do quadri\u00eanio 2010 a 2013, na forma que especifica."}, {"id": "2645", "ano": "2011", "numero": "1879", "tipo__sigla": "LEI", "tipo__descricao": "Lei Ordin\u00e1ria", "texto_integral": "http://sapl.sarandi.pr.leg.br/media/./sapl/public/normajuridica/2011/2645/2645_texto_integral.pdf", "ementa": "Autoriza o Poder Executivo Municipal a doar im\u00f3vel urbano ao Instituto Nacional do Seguro Social - INSS e d\u00e1 outras provid\u00eancias."}, {"id": "2644", "ano": "2011", "numero": "1878", "tipo__sigla": "LEI", "tipo__descricao": "Lei Ordin\u00e1ria", "texto_integral": "http://sapl.sarandi.pr.leg.br/media/./sapl/public/normajuridica/2011/2644/2644_texto_integral.pdf", "ementa": "Institui  o Fundo Municipal de Sa\u00fade e d\u00e1 outras provid\u00eancias."}, {"id": "3209", "ano": "2011", "numero": "38", "tipo__sigla": "POR", "tipo__descricao": "Portaria", "texto_integral": "http://sapl.sarandi.pr.leg.br/media/./sapl/public/normajuridica/2011/3209/3209_texto_integral.pdf", "ementa": "CONCEDE AUMENTO DE FG- FUN\u00c7\u00c3O GRATIFICADA A SENHORITA M\u00d5NICA CRISTINA GONZALVES"}, {"id": "2643", "ano": "2011", "numero": "1877", "tipo__sigla": "LEI", "tipo__descricao": "Lei Ordin\u00e1ria", "texto_integral": "http://sapl.sarandi.pr.leg.br/media/./sapl/public/normajuridica/2011/2643/2643_texto_integral.pdf", "ementa": "Disp\u00f5e sobre a abertura de cr\u00e9dito adicional especial, na forma que especifica."}, {"id": "2642", "ano": "2011", "numero": "1876", "tipo__sigla": "LEI", "tipo__descricao": "Lei Ordin\u00e1ria", "texto_integral": "http://sapl.sarandi.pr.leg.br/media/./sapl/public/normajuridica/2011/2642/2642_texto_integral.pdf", "ementa": "Disp\u00f5e sobre a altera\u00e7\u00e3o do Plano de Aplica\u00e7\u00e3o do Or\u00e7amento da Crian\u00e7a e do adolescente, na forma que especifica."}, {"id": "2641", "ano": "2011", "numero": "1875", "tipo__sigla": "LEI", "tipo__descricao": "Lei Ordin\u00e1ria", "texto_integral": "http://sapl.sarandi.pr.leg.br/media/./sapl/public/normajuridica/2011/2641/2641_texto_integral.pdf", "ementa": "Disp\u00f5e sobre a abertura de cr\u00e9dito adicional especial no Or\u00e7amento da Autarquia \"\u00c1guas de Sarandi\", na forma que especifica."}, {"id": "2640", "ano": "2011", "numero": "1874", "tipo__sigla": "LEI", "tipo__descricao": "Lei Ordin\u00e1ria", "texto_integral": "http://sapl.sarandi.pr.leg.br/media/./sapl/public/normajuridica/2011/2640/2640_texto_integral.pdf", "ementa": "Disp\u00f5e sobre a abertura de cr\u00e9dito adicional especial, na forma que especifica."}, {"id": "2639", "ano": "2011", "numero": "1873", "tipo__sigla": "LEI", "tipo__descricao": "Lei Ordin\u00e1ria", "texto_integral": "http://sapl.sarandi.pr.leg.br/media/./sapl/public/normajuridica/2011/2639/2639_texto_integral.pdf", "ementa": "Disp\u00f5e sobre a abertura de cr\u00e9dito adicional suplementar, na forma que especifica."}, {"id": "2638", "ano": "2011", "numero": "1872", "tipo__sigla": "LEI", "tipo__descricao": "Lei Ordin\u00e1ria", "texto_integral": "http://sapl.sarandi.pr.leg.br/media/./sapl/public/normajuridica/2011/2638/2638_texto_integral.pdf", "ementa": "Disp\u00f5es sobre a abertura de cr\u00e9dito adicional suplementar, na forma que especifica."}, {"id": "2637", "ano": "2011", "numero": "1871", "tipo__sigla": "LEI", "tipo__descricao": "Lei Ordin\u00e1ria", "texto_integral": "http://sapl.sarandi.pr.leg.br/media/./sapl/public/normajuridica/2011/2637/2637_texto_integral.pdf", "ementa": "Disp\u00f5e sobre a abertura de cr\u00e9dito adicional especial, na forma que especifica."}, {"id": "2636", "ano": "2011", "numero": "1870", "tipo__sigla": "LEI", "tipo__descricao": "Lei Ordin\u00e1ria", "texto_integral": "http://sapl.sarandi.pr.leg.br/media/./sapl/public/normajuridica/2011/2636/2636_texto_integral.pdf", "ementa": "Disp\u00f5e sobre a abertura de cr\u00e9dito adicional especial, na forma que especifica."}, {"id": "4295", "ano": "2011", "numero": "23", "tipo__sigla": "ELO", "tipo__descricao": "Emenda \u00e0 Lei Org\u00e2nica", "texto_integral": "http://sapl.sarandi.pr.leg.br/media/sapl/public/normajuridica/2011/4295/emenda_no_023-2011.pdf", "ementa": "Altera dispositivo da Lei Org\u00e2nica."}, {"id": "2635", "ano": "2011", "numero": "1869", "tipo__sigla": "LEI", "tipo__descricao": "Lei Ordin\u00e1ria", "texto_integral": "http://sapl.sarandi.pr.leg.br/media/./sapl/public/normajuridica/2011/2635/2635_texto_integral.pdf", "ementa": "D\u00e1 denomina\u00e7\u00e3o \u00e0 Rua 5, do Jardim Ouro Verde II."}, {"id": "2634", "ano": "2011", "numero": "1868", "tipo__sigla": "LEI", "tipo__descricao": "Lei Ordin\u00e1ria", "texto_integral": "http://sapl.sarandi.pr.leg.br/media/./sapl/public/normajuridica/2011/2634/2634_texto_integral.pdf", "ementa": "Disp\u00f5e sobre a autoriza\u00e7\u00e3o da cria\u00e7\u00e3o da \"Biblioteca da Sa\u00fade\" e disciplina quest\u00f5es relativas ao seu funcionamento."}, {"id": "2632", "ano": "2011", "numero": "1866", "tipo__sigla": "LEI", "tipo__descricao": "Lei Ordin\u00e1ria", "texto_integral": "http://sapl.sarandi.pr.leg.br/media/./sapl/public/normajuridica/2011/2632/2632_texto_integral.pdf", "ementa": "Autoriza a Secretaria de Educa\u00e7\u00e3o a fornecer uniformes e agasalhos para os alunos das escolas municipais e centros de educa\u00e7\u00e3o infantil."}, {"id": "3203", "ano": "2011", "numero": "37", "tipo__sigla": "POR", "tipo__descricao": "Portaria", "texto_integral": "http://sapl.sarandi.pr.leg.br/media/./sapl/public/normajuridica/2011/3203/3203_texto_integral.pdf", "ementa": "NOMEIA O JOVEM JHONNY GALINDO AVELINO, DO CARGO DE ASSESSOR PARLAMENTAR, SIMBOLO CC-3, ESTA CASA DE LEIS"}, {"id": "2631", "ano": "2011", "numero": "1865", "tipo__sigla": "LEI", "tipo__descricao": "Lei Ordin\u00e1ria", "texto_integral": "http://sapl.sarandi.pr.leg.br/media/./sapl/public/normajuridica/2011/2631/2631_texto_integral.pdf", "ementa": "D\u00e1 denomina\u00e7\u00e3o \u00e0 Rua G, do Conjunto Residencial Mau\u00e1 e d\u00e1 outras provid\u00eancias."}, {"id": "2630", "ano": "2011", "numero": "1864", "tipo__sigla": "LEI", "tipo__descricao": "Lei Ordin\u00e1ria", "texto_integral": "http://sapl.sarandi.pr.leg.br/media/./sapl/public/normajuridica/2011/2630/2630_texto_integral.pdf", "ementa": "D\u00e1 denomina\u00e7\u00e3o \u00e0 Rua I, do Conjunto Residencial Mau\u00e1 e d\u00e1 outras provid\u00eancias."}, {"id": "2629", "ano": "2011", "numero": "1863", "tipo__sigla": "LEI", "tipo__descricao": "Lei Ordin\u00e1ria", "texto_integral": "http://sapl.sarandi.pr.leg.br/media/./sapl/public/normajuridica/2011/2629/2629_texto_integral.pdf", "ementa": "D\u00e1 denomina\u00e7\u00e3o \u00e0 UPA - Unidade Pronto Atendimento, a forma que especifica."}, {"id": "2628", "ano": "2011", "numero": "1862", "tipo__sigla": "LEI", "tipo__descricao": "Lei Ordin\u00e1ria", "texto_integral": "http://sapl.sarandi.pr.leg.br/media/./sapl/public/normajuridica/2011/2628/2628_texto_integral.pdf", "ementa": "Institui o Comit\u00ea Municipal de Mobiliza\u00e7\u00e3o pela Redu\u00e7\u00e3o da Mortalidade Materna e Infantil de Sarandi - Paran\u00e1, vinculado \u00e0 Secretaria Municipal de Sa\u00fade."}, {"id": "2627", "ano": "2011", "numero": "1861", "tipo__sigla": "LEI", "tipo__descricao": "Lei Ordin\u00e1ria", "texto_integral": "http://sapl.sarandi.pr.leg.br/media/./sapl/public/normajuridica/2011/2627/2627_texto_integral.pdf", "ementa": "Autoriza o Poder Executivo Municipal a implantar a faixa elevada para pedestres, nas vias p\u00fablicas do munic\u00edpio de Sarandi."}, {"id": "3199", "ano": "2011", "numero": "36", "tipo__sigla": "POR", "tipo__descricao": "Portaria", "texto_integral": "http://sapl.sarandi.pr.leg.br/media/./sapl/public/normajuridica/2011/3199/3199_texto_integral.pdf", "ementa": "EXONERA O JOVEM JHONNY GALINDO AVELINO, DO CARGO DE CHEFE DA DIVIS\u00c3O DE PROCESSO LEGISLATIVO, NESTA CASA DE LEIS, EM DATA DE 19 DE SETEMBRO DE 2011"}, {"id": "2626", "ano": "2011", "numero": "1860", "tipo__sigla": "LEI", "tipo__descricao": "Lei Ordin\u00e1ria", "texto_integral": "http://sapl.sarandi.pr.leg.br/media/./sapl/public/normajuridica/2011/2626/2626_texto_integral.pdf", "ementa": "Disp\u00f5e sobre a altera\u00e7\u00e3o do feriado de Anivers\u00e1rio do Munic\u00edpio, na forma que especifica."}, {"id": "2615", "ano": "2011", "numero": "1849", "tipo__sigla": "LEI", "tipo__descricao": "Lei Ordin\u00e1ria", "texto_integral": "http://sapl.sarandi.pr.leg.br/media/./sapl/public/normajuridica/2011/2615/2615_texto_integral.pdf", "ementa": "Torna obrigat\u00f3ria a disponibiliza\u00e7\u00e3o de caixas eletr\u00f4nicas adaptados aos portadores de necessidades especiais em todas as Ag\u00eancias Banc\u00e1rias do Munic\u00edpio de Sarandi."}, {"id": "2613", "ano": "2011", "numero": "1847", "tipo__sigla": "LEI", "tipo__descricao": "Lei Ordin\u00e1ria", "texto_integral": "http://sapl.sarandi.pr.leg.br/media/./sapl/public/normajuridica/2011/2613/2613_texto_integral.pdf", "ementa": "Autoriza o munic\u00edpio de Sarandi a firmar conv\u00eanio com o IAP - Instituto Ambiental do Paran\u00e1, na forma que especifica."}, {"id": "2611", "ano": "2011", "numero": "1845", "tipo__sigla": "LEI", "tipo__descricao": "Lei Ordin\u00e1ria", "texto_integral": "http://sapl.sarandi.pr.leg.br/media/./sapl/public/normajuridica/2011/2611/2611_texto_integral.pdf", "ementa": "Disp\u00f5e sobre a cria\u00e7\u00e3o da Guarda Mirim de Sarandi  e d\u00e1 outras provid\u00eancias."}, {"id": "2609", "ano": "2011", "numero": "1843", "tipo__sigla": "LEI", "tipo__descricao": "Lei Ordin\u00e1ria", "texto_integral": "http://sapl.sarandi.pr.leg.br/media/./sapl/public/normajuridica/2011/2609/2609_texto_integral.pdf", "ementa": "Disp\u00f5es sobre a cria\u00e7\u00e3o de Programa com a finalidade de promover e ofertar cursos gratuitos de inform\u00e1tica aos idosos de Sarandi."}, {"id": "2606", "ano": "2011", "numero": "1840", "tipo__sigla": "LEI", "tipo__descricao": "Lei Ordin\u00e1ria", "texto_integral": "http://sapl.sarandi.pr.leg.br/media/./sapl/public/normajuridica/2011/2606/2606_texto_integral.pdf", "ementa": "Disp\u00f5e sobre a obrigatoriedade de disposi\u00e7\u00e3o de bebedouros e sanit\u00e1rios nas ag\u00eancias banc\u00e1rias do munic\u00edpio de Sarandi e d\u00e1 outras provid\u00eancias."}, {"id": "2625", "ano": "2011", "numero": "1859", "tipo__sigla": "LEI", "tipo__descricao": "Lei Ordin\u00e1ria", "texto_integral": "http://sapl.sarandi.pr.leg.br/media/./sapl/public/normajuridica/2011/2625/2625_texto_integral.pdf", "ementa": "Disp\u00f5e sobre a cria\u00e7\u00e3o do Projeto \"Cidade Limpa\", com rela\u00e7\u00e3o \u00e0s Lixeiras."}, {"id": "2624", "ano": "2011", "numero": "1858", "tipo__sigla": "LEI", "tipo__descricao": "Lei Ordin\u00e1ria", "texto_integral": "http://sapl.sarandi.pr.leg.br/media/./sapl/public/normajuridica/2011/2624/2624_texto_integral.pdf", "ementa": "Disp\u00f5e sobre a cria\u00e7\u00e3o do Programa de A\u00e7\u00e3o Cont\u00ednua na Rede Municipal de Sa\u00fade e Assist\u00eancia Social, com o objetivo de diagnosticar e trata a depress\u00e3o p\u00f3s-parto."}, {"id": "2623", "ano": "2011", "numero": "1857", "tipo__sigla": "LEI", "tipo__descricao": "Lei Ordin\u00e1ria", "texto_integral": "http://sapl.sarandi.pr.leg.br/media/./sapl/public/normajuridica/2011/2623/2623_texto_integral.pdf", "ementa": "D\u00e1 denomina\u00e7\u00e3o \u00e0 Rua K, do Conjunto Residencial Mau\u00e1 e d\u00e1 outras provid\u00eancias."}, {"id": "2622", "ano": "2011", "numero": "1856", "tipo__sigla": "LEI", "tipo__descricao": "Lei Ordin\u00e1ria", "texto_integral": "http://sapl.sarandi.pr.leg.br/media/./sapl/public/normajuridica/2011/2622/2622_texto_integral.pdf", "ementa": "D\u00e1 denomina\u00e7\u00e3o \u00e0 Pra\u00e7a, do Conjunto Residencial Mau\u00e1 e d\u00e1 outras provid\u00eancias."}, {"id": "2621", "ano": "2011", "numero": "1855", "tipo__sigla": "LEI", "tipo__descricao": "Lei Ordin\u00e1ria", "texto_integral": "http://sapl.sarandi.pr.leg.br/media/./sapl/public/normajuridica/2011/2621/2621_texto_integral.pdf", "ementa": "Disp\u00f5e sobre cria\u00e7\u00e3o de Ponto de Caminh\u00f5es de Alugu\u00e9is e d\u00e1 outras provid\u00eancias."}, {"id": "2620", "ano": "2011", "numero": "1854", "tipo__sigla": "LEI", "tipo__descricao": "Lei Ordin\u00e1ria", "texto_integral": "http://sapl.sarandi.pr.leg.br/media/./sapl/public/normajuridica/2011/2620/2620_texto_integral.pdf", "ementa": "Disp\u00f5e sobre a abertura de cr\u00e9dito adicional especial, na forma que especifica."}, {"id": "2619", "ano": "2011", "numero": "1853", "tipo__sigla": "LEI", "tipo__descricao": "Lei Ordin\u00e1ria", "texto_integral": "http://sapl.sarandi.pr.leg.br/media/./sapl/public/normajuridica/2011/2619/2619_texto_integral.pdf", "ementa": "Autoriza o Chefe do Poder Executivo Municipal a abrir cr\u00e9dito adicional especial, na forma que especifica."}, {"id": "2618", "ano": "2011", "numero": "1852", "tipo__sigla": "LEI", "tipo__descricao": "Lei Ordin\u00e1ria", "texto_integral": "http://sapl.sarandi.pr.leg.br/media/./sapl/public/normajuridica/2011/2618/2618_texto_integral.pdf", "ementa": "Institui a Confer\u00eancia Municipal de Assist\u00eancia Social, constitui o Conselho Municipal de Assist\u00eancia Social, cria o Fundo Municipal de Assist\u00eancia Social e d\u00e1 outras provid\u00eancias."}, {"id": "3192", "ano": "2011", "numero": "35", "tipo__sigla": "POR", "tipo__descricao": "Portaria", "texto_integral": "http://sapl.sarandi.pr.leg.br/media/./sapl/public/normajuridica/2011/3192/3192_texto_integral.pdf", "ementa": "NOMEIA A COMISS\u00c3O DE REVIS\u00c3O E REAVALIA\u00c7\u00c3O DE BENS IM\u00d3VEIS DA C\u00c2MARA MUNICIPAL"}, {"id": "2579", "ano": "2011", "numero": "1813", "tipo__sigla": "LEI", "tipo__descricao": "Lei Ordin\u00e1ria", "texto_integral": "http://sapl.sarandi.pr.leg.br/media/./sapl/public/normajuridica/2011/2579/2579_texto_integral.pdf", "ementa": "Disp\u00f5e sobre a obrigatoriedade do respeito a cor predominante da bandeira de nosso munic\u00edpio na pintura de pr\u00e9dios p\u00fablicos municipais."}, {"id": "2577", "ano": "2011", "numero": "1811", "tipo__sigla": "LEI", "tipo__descricao": "Lei Ordin\u00e1ria", "texto_integral": "http://sapl.sarandi.pr.leg.br/media/./sapl/public/normajuridica/2011/2577/2577_texto_integral.pdf", "ementa": "Disp\u00f5e sobre a cria\u00e7\u00e3o de programa de coleta seletiva de res\u00edduos de frituras e d\u00e1 outras provid\u00eancias."}, {"id": "2575", "ano": "2011", "numero": "1809", "tipo__sigla": "LEI", "tipo__descricao": "Lei Ordin\u00e1ria", "texto_integral": "http://sapl.sarandi.pr.leg.br/media/./sapl/public/normajuridica/2011/2575/2575_texto_integral.pdf", "ementa": "Disp\u00f5e sobre a cria\u00e7\u00e3o do condom\u00ednio para portadores de defici\u00eancia no munic\u00edpio de Sarandi."}, {"id": "2617", "ano": "2011", "numero": "1851", "tipo__sigla": "LEI", "tipo__descricao": "Lei Ordin\u00e1ria", "texto_integral": "http://sapl.sarandi.pr.leg.br/media/./sapl/public/normajuridica/2011/2617/2617_texto_integral.pdf", "ementa": "Cria Parque Ecol\u00f3gico/Florestal no munic\u00edpio, na forma que especifica."}, {"id": "2616", "ano": "2011", "numero": "1850", "tipo__sigla": "LEI", "tipo__descricao": "Lei Ordin\u00e1ria", "texto_integral": "http://sapl.sarandi.pr.leg.br/media/./sapl/public/normajuridica/2011/2616/2616_texto_integral.pdf", "ementa": "Revoga a Lei Municipal n\u00ba 1723/2010, na forma que especifica."}, {"id": "2614", "ano": "2011", "numero": "1848", "tipo__sigla": "LEI", "tipo__descricao": "Lei Ordin\u00e1ria", "texto_integral": "http://sapl.sarandi.pr.leg.br/media/./sapl/public/normajuridica/2011/2614/2614_texto_integral.pdf", "ementa": "Reconhece a Associa\u00e7\u00e3o de C\u00e2maras e Vereadores do Paran\u00e1 - ACAMPAR, como Entidade Oficial Representativa da C\u00e2mara Municipal de Sarandi, Estado do Paran\u00e1, e d\u00e1 outras provid\u00eancias."}, {"id": "2612", "ano": "2011", "numero": "1846", "tipo__sigla": "LEI", "tipo__descricao": "Lei Ordin\u00e1ria", "texto_integral": "http://sapl.sarandi.pr.leg.br/media/./sapl/public/normajuridica/2011/2612/2612_texto_integral.pdf", "ementa": "Institui o Programa de Prote\u00e7\u00e3o Ambiental das \u00c1rvores Nativas e d\u00e1 outras provid\u00eancias."}, {"id": "2610", "ano": "2011", "numero": "1844", "tipo__sigla": "LEI", "tipo__descricao": "Lei Ordin\u00e1ria", "texto_integral": "http://sapl.sarandi.pr.leg.br/media/./sapl/public/normajuridica/2011/2610/2610_texto_integral.pdf", "ementa": "Disp\u00f5e sobre a abertura de cr\u00e9dito adicional especial, na forma que especifica."}, {"id": "2608", "ano": "2011", "numero": "1842", "tipo__sigla": "LEI", "tipo__descricao": "Lei Ordin\u00e1ria", "texto_integral": "http://sapl.sarandi.pr.leg.br/media/./sapl/public/normajuridica/2011/2608/2608_texto_integral.pdf", "ementa": "Reconhece e Declara de Utilidade P\u00fablica Associa\u00e7\u00e3o de Pais, Professores e Funcion\u00e1rios do Centro Municipal de Educa\u00e7\u00e3o Infantil Cristo Rei."}, {"id": "2607", "ano": "2011", "numero": "1841", "tipo__sigla": "LEI", "tipo__descricao": "Lei Ordin\u00e1ria", "texto_integral": "http://sapl.sarandi.pr.leg.br/media/./sapl/public/normajuridica/2011/2607/2607_texto_integral.pdf", "ementa": "Declara de Utilidade P\u00fablica a Igreja Fonte de Esperan\u00e7a Minist\u00e9rio Restituir."}, {"id": "1760", "ano": "2011", "numero": "262", "tipo__sigla": "LC", "tipo__descricao": "Lei Complementar", "texto_integral": "http://sapl.sarandi.pr.leg.br/media/./sapl/public/normajuridica/2011/1760/1760_texto_integral.pdf", "ementa": "Eleva o n\u00famero de vagas de cargos efetivos do magist\u00e9rio, na forma que especifica."}, {"id": "3185", "ano": "2011", "numero": "34", "tipo__sigla": "POR", "tipo__descricao": "Portaria", "texto_integral": "http://sapl.sarandi.pr.leg.br/media/./sapl/public/normajuridica/2011/3185/3185_texto_integral.pdf", "ementa": "NOMEIA A SENHORA CRISTIANE CARLETTO GONZALVES, PARA O CARGO DE ASSESSOR PARLAMENTAR, NO GABINETE DO VEREADOR JOS\u00c9 APARECIDO DA SILVA"}, {"id": "2605", "ano": "2011", "numero": "1839", "tipo__sigla": "LEI", "tipo__descricao": "Lei Ordin\u00e1ria", "texto_integral": "http://sapl.sarandi.pr.leg.br/media/./sapl/public/normajuridica/2011/2605/2605_texto_integral.pdf", "ementa": "Altera a Lei n\u00ba 913/2001 de 10/04/2001, na forma que especifica."}, {"id": "2604", "ano": "2011", "numero": "1838", "tipo__sigla": "LEI", "tipo__descricao": "Lei Ordin\u00e1ria", "texto_integral": "http://sapl.sarandi.pr.leg.br/media/./sapl/public/normajuridica/2011/2604/2604_texto_integral.pdf", "ementa": "Autoriza o Chefe do Poder Executivo Municipal a abrir cr\u00e9dito adicional especial, na forma que especifica."}, {"id": "1759", "ano": "2011", "numero": "261", "tipo__sigla": "LC", "tipo__descricao": "Lei Complementar", "texto_integral": "http://sapl.sarandi.pr.leg.br/media/./sapl/public/normajuridica/2011/1759/1759_texto_integral.pdf", "ementa": "Altera dispositivos da Lei Complementar n\u00ba 214/2009, de 26 de setembro de 2009, que disp\u00f5e sobre o Per\u00edmetro Urbano do Munic\u00edpio\u201d, na forma que especifica."}, {"id": "1758", "ano": "2011", "numero": "260", "tipo__sigla": "LC", "tipo__descricao": "Lei Complementar", "texto_integral": "http://sapl.sarandi.pr.leg.br/media/sapl/public/normajuridica/2011/1758/lei_complemantar_no_260-2011__para_site.pdf", "ementa": "Acrescenta o inciso V, ao artigo 12, da Lei Complementar n\u00ba 224/2009, de 1 de outubro de 2009 - \"Plano Vi\u00e1rio\", na forma que especifica."}, {"id": "1757", "ano": "2011", "numero": "259", "tipo__sigla": "LC", "tipo__descricao": "Lei Complementar", "texto_integral": "http://sapl.sarandi.pr.leg.br/media/./sapl/public/normajuridica/2011/1757/1757_texto_integral.pdf", "ementa": "Disp\u00f5e sobre altera\u00e7\u00f5es na Lei Complementar n\u00ba 217/2009 - \"Parcelamento, Uso e Ocupa\u00e7\u00e3o do Solo\", na forma que especifica."}, {"id": "1756", "ano": "2011", "numero": "258", "tipo__sigla": "LC", "tipo__descricao": "Lei Complementar", "texto_integral": "http://sapl.sarandi.pr.leg.br/media/./sapl/public/normajuridica/2011/1756/1756_texto_integral.pdf", "ementa": "Acrescenta letra \"c\" ao par\u00e1grafo 1\u00ba do art. 35 da Lei Complementar n\u00ba 216/2009 - \"C\u00f3digo de Edifica\u00e7\u00f5es\", na forma que especifica."}, {"id": "1755", "ano": "2011", "numero": "257", "tipo__sigla": "LC", "tipo__descricao": "Lei Complementar", "texto_integral": "http://sapl.sarandi.pr.leg.br/media/./sapl/public/normajuridica/2011/1755/1755_texto_integral.pdf", "ementa": "Disp\u00f5e sobre a institui\u00e7\u00e3o do Programa de Recupera\u00e7\u00e3o Fiscal de Sarandi - REFIS MUNICIPAL."}, {"id": "1754", "ano": "2011", "numero": "256", "tipo__sigla": "LC", "tipo__descricao": "Lei Complementar", "texto_integral": "http://sapl.sarandi.pr.leg.br/media/./sapl/public/normajuridica/2011/1754/1754_texto_integral.pdf", "ementa": "Altera dispositivos da Lei Complementar n\u00ba 70/2001, de 26/12/2001 \"C\u00f3digo Tribut\u00e1rio Municipal\", na forma que especifica."}, {"id": "1753", "ano": "2011", "numero": "255", "tipo__sigla": "LC", "tipo__descricao": "Lei Complementar", "texto_integral": "http://sapl.sarandi.pr.leg.br/media/./sapl/public/normajuridica/2011/1753/1753_texto_integral.pdf", "ementa": "Altera a al\u00edquota de contribui\u00e7\u00e3o normal patronal ao PRESERV - Caixa de Aposentadoria e Pens\u00e3o dos Servidores P\u00fablicos Municipais de Sarandi e d\u00e1 outras provid\u00eancias."}, {"id": "1547", "ano": "2011", "numero": "3", "tipo__sigla": "DL", "tipo__descricao": "Decreto Legislativo", "texto_integral": "http://sapl.sarandi.pr.leg.br/media/./sapl/public/normajuridica/2011/1547/1547_texto_integral.pdf", "ementa": "Disp\u00f5e sobre rejei\u00e7\u00e3o do \"Veto n\u00ba 3/2011\" aposto \u00e0 Lei Municipal n\u00ba 1811/2011, de autoria dos edis Aparecido Biancho e Reginaldo Alves dos Santos, a qual disp\u00f5e sobre a cria\u00e7\u00e3o do Programa de Coleta Seletiva de Res\u00edduos de frituras no Munic\u00edpio de Sarandi."}, {"id": "1536", "ano": "2011", "numero": "2", "tipo__sigla": "DL", "tipo__descricao": "Decreto Legislativo", "texto_integral": "http://sapl.sarandi.pr.leg.br/media/./sapl/public/normajuridica/2011/1536/1536_texto_integral.pdf", "ementa": "Disp\u00f5e sobre rejei\u00e7\u00e3o do \"Veto n\u00ba 2/2011\" aposto \u00e0 Lei Municipal n\u00ba 1809/2011, de autoria do edil Cilas Souza Morais, a qual disp\u00f5e sobre a cria\u00e7\u00e3o do Condom\u00ednio para Portadores de Defici\u00eancia no Munic\u00edpio de Sarandi."}, {"id": "1525", "ano": "2011", "numero": "1", "tipo__sigla": "DL", "tipo__descricao": "Decreto Legislativo", "texto_integral": "http://sapl.sarandi.pr.leg.br/media/./sapl/public/normajuridica/2011/1525/1525_texto_integral.pdf", "ementa": "Disp\u00f5e sobre rejei\u00e7\u00e3o do \"Veto n\u00ba 1/2011\", aposto \u00e0 Lei Municipal n\u00ba 1813/2011, de autoria do edil Jos\u00e9 Aparecido da Silva, a qual disp\u00f5e sobre a obrigatoriedade do respeito \u00e0 cor predominante da bandeira de nosso munic\u00edpio, na pintura de pr\u00e9dios p\u00fablicos municipais."}, {"id": "3178", "ano": "2011", "numero": "33", "tipo__sigla": "POR", "tipo__descricao": "Portaria", "texto_integral": "http://sapl.sarandi.pr.leg.br/media/./sapl/public/normajuridica/2011/3178/3178_texto_integral.pdf", "ementa": "EXONERAR O SENHOR JO\u00c3O BATISTA DA CRUZ, DO CARGO DE ASSOSSOR PARLAMENTAR CC-3, DO GABINETE DO VEREADOR JOS\u00c9 APARECIDO DA SILVA"}, {"id": "2603", "ano": "2011", "numero": "1837", "tipo__sigla": "LEI", "tipo__descricao": "Lei Ordin\u00e1ria", "texto_integral": "http://sapl.sarandi.pr.leg.br/media/./sapl/public/normajuridica/2011/2603/2603_texto_integral.pdf", "ementa": "Disp\u00f5e sobre as diretrizes para elabora\u00e7\u00e3o da Lei Or\u00e7ament\u00e1ria para o exerc\u00edcio de 2012, e d\u00e1 outras provid\u00eancias."}, {"id": "2602", "ano": "2011", "numero": "1836", "tipo__sigla": "LEI", "tipo__descricao": "Lei Ordin\u00e1ria", "texto_integral": "http://sapl.sarandi.pr.leg.br/media/./sapl/public/normajuridica/2011/2602/2602_texto_integral.pdf", "ementa": "Disp\u00f5e sobre a altera\u00e7\u00e3o do Anexo de Metas e Prioridades da Lei de Diretrizes Or\u00e7ament\u00e1rias - LDO de 2011, na forma que especifica."}, {"id": "2601", "ano": "2011", "numero": "1835", "tipo__sigla": "LEI", "tipo__descricao": "Lei Ordin\u00e1ria", "texto_integral": "http://sapl.sarandi.pr.leg.br/media/./sapl/public/normajuridica/2011/2601/2601_texto_integral.pdf", "ementa": "Disp\u00f5e sobre a altera\u00e7\u00e3o do PPA-Plano Plurianual do Munic\u00edpio de Sarandi do quadri\u00eanio 2010 a 2013, na forma que especifica."}, {"id": "2600", "ano": "2011", "numero": "1834", "tipo__sigla": "LEI", "tipo__descricao": "Lei Ordin\u00e1ria", "texto_integral": "http://sapl.sarandi.pr.leg.br/media/./sapl/public/normajuridica/2011/2600/2600_texto_integral.pdf", "ementa": "Disp\u00f5e sobre a altera\u00e7\u00e3o da Lei Municipal n\u00ba 1312/2006, na forma que especifica."}, {"id": "2599", "ano": "2011", "numero": "1833", "tipo__sigla": "LEI", "tipo__descricao": "Lei Ordin\u00e1ria", "texto_integral": "http://sapl.sarandi.pr.leg.br/media/./sapl/public/normajuridica/2011/2599/2599_texto_integral.pdf", "ementa": "Institui o Programa \"Sarandi Melhor\" no Munic\u00edpio de Sarandi, que consiste em levar a todos os bairros e conjuntos habitacionais, em sistema de rod\u00edzio, os seguintes servi\u00e7os pelo munic\u00edpio."}, {"id": "2598", "ano": "2011", "numero": "1832", "tipo__sigla": "LEI", "tipo__descricao": "Lei Ordin\u00e1ria", "texto_integral": "http://sapl.sarandi.pr.leg.br/media/./sapl/public/normajuridica/2011/2598/2598_texto_integral.pdf", "ementa": "Denomina Centro de Educa\u00e7\u00e3o Infantil, na forma que especifica."}, {"id": "2597", "ano": "2011", "numero": "1831", "tipo__sigla": "LEI", "tipo__descricao": "Lei Ordin\u00e1ria", "texto_integral": "http://sapl.sarandi.pr.leg.br/media/./sapl/public/normajuridica/2011/2597/2597_texto_integral.pdf", "ementa": "Disp\u00f5e sobre a obrigatoriedade de coloca\u00e7\u00e3o de banheiros qu\u00edmicos adaptados para uso de pessoas com defici\u00eancia e mobilidade reduzida em eventos realizados no munic\u00edpio de Sarandi."}, {"id": "1752", "ano": "2011", "numero": "254", "tipo__sigla": "LC", "tipo__descricao": "Lei Complementar", "texto_integral": "http://sapl.sarandi.pr.leg.br/media/./sapl/public/normajuridica/2011/1752/1752_texto_integral.pdf", "ementa": "Disp\u00f5e sobre a altera\u00e7\u00e3o do s\u00edmbolo de vencimento do cargo de Assessor de Comunica\u00e7\u00e3o Social, na forma que especifica."}, {"id": "2596", "ano": "2011", "numero": "1830", "tipo__sigla": "LEI", "tipo__descricao": "Lei Ordin\u00e1ria", "texto_integral": "http://sapl.sarandi.pr.leg.br/media/./sapl/public/normajuridica/2011/2596/2596_texto_integral.pdf", "ementa": "DISP\u00d5E SOBRE A OBRIGATORIEDADE DA UTILIZA\u00c7\u00c3O DE SISTEMA DE SENHAS COM PAINEL ELETR\u00d4NICO E DISPOSI\u00c7\u00c3O DE ASSENTOS PARA AGUARDAR ATENDIMENTO EM INSTITUI\u00c7\u00d5ES BANC\u00c1RIAS E FINANCEIRAS DO MUNIC\u00cdPIO DE SARANDI E D\u00c1 OUTRAS PROVID\u00caNCIAS."}, {"id": "2595", "ano": "2011", "numero": "1829", "tipo__sigla": "LEI", "tipo__descricao": "Lei Ordin\u00e1ria", "texto_integral": "http://sapl.sarandi.pr.leg.br/media/./sapl/public/normajuridica/2011/2595/2595_texto_integral.pdf", "ementa": "D\u00c1 DENOMINA\u00c7\u00c3O \u00c0 RUA E, DO CONJUNTO RESIDENCIAL MAU\u00c1 E D\u00c1 OUTRAS PROVID\u00caNCIAS."}, {"id": "2594", "ano": "2011", "numero": "1828", "tipo__sigla": "LEI", "tipo__descricao": "Lei Ordin\u00e1ria", "texto_integral": "http://sapl.sarandi.pr.leg.br/media/./sapl/public/normajuridica/2011/2594/2594_texto_integral.pdf", "ementa": "D\u00e1 denomina\u00e7\u00e3o \u00e0 Rua D, do Conjunto Residencial Mau\u00e1 e d\u00e1 outras provid\u00eancias."}, {"id": "408", "ano": "2011", "numero": "1827", "tipo__sigla": "LEI", "tipo__descricao": "Lei Ordin\u00e1ria", "texto_integral": "http://sapl.sarandi.pr.leg.br/media/./sapl/public/normajuridica/2011/408/408_texto_integral.pdf", "ementa": "Disp\u00f5e sobre a cria\u00e7\u00e3o de Ponto de Autom\u00f3veis de Aluguel (T\u00e1xi) na Rua Jos\u00e9 Munhoz, pr\u00f3ximo a futura Unidade de Pronto Atendimento e d\u00e1 outras provid\u00eancias."}, {"id": "2592", "ano": "2011", "numero": "1826", "tipo__sigla": "LEI", "tipo__descricao": "Lei Ordin\u00e1ria", "texto_integral": "http://sapl.sarandi.pr.leg.br/media/./sapl/public/normajuridica/2011/2592/2592_texto_integral.pdf", "ementa": "D\u00e1 denomina\u00e7\u00e3o \u00e0 Rua C, do Conjunto Residencial Mau\u00e1 e d\u00e1 outras provid\u00eancias."}, {"id": "2591", "ano": "2011", "numero": "1825", "tipo__sigla": "LEI", "tipo__descricao": "Lei Ordin\u00e1ria", "texto_integral": "http://sapl.sarandi.pr.leg.br/media/./sapl/public/normajuridica/2011/2591/2591_texto_integral.pdf", "ementa": "D\u00e1 denomina\u00e7\u00e3o \u00e0 Rua B, do Conjunto Residencial Mau\u00e1 e d\u00e1 outras provid\u00eancias."}, {"id": "2590", "ano": "2011", "numero": "1824", "tipo__sigla": "LEI", "tipo__descricao": "Lei Ordin\u00e1ria", "texto_integral": "http://sapl.sarandi.pr.leg.br/media/./sapl/public/normajuridica/2011/2590/2590_texto_integral.pdf", "ementa": "Disp\u00f5e sobre a abertura de cr\u00e9dito adicional especial, na forma que especifica."}, {"id": "2589", "ano": "2011", "numero": "1823", "tipo__sigla": "LEI", "tipo__descricao": "Lei Ordin\u00e1ria", "texto_integral": "http://sapl.sarandi.pr.leg.br/media/./sapl/public/normajuridica/2011/2589/2589_texto_integral.pdf", "ementa": "D\u00e1 denomina\u00e7\u00e3o \u00e0 Pra\u00e7a do Conjunto Habitacional Tri\u00e2ngulo e d\u00e1 outras provid\u00eancias."}, {"id": "2588", "ano": "2011", "numero": "1822", "tipo__sigla": "LEI", "tipo__descricao": "Lei Ordin\u00e1ria", "texto_integral": "http://sapl.sarandi.pr.leg.br/media/./sapl/public/normajuridica/2011/2588/2588_texto_integral.pdf", "ementa": "Autoriza o Poder Executivo a contratar financiamento com a Caixa Econ\u00f4mica Federal, a oferecer garantias e d\u00e1 outras provid\u00eancias."}, {"id": "1751", "ano": "2011", "numero": "253", "tipo__sigla": "LC", "tipo__descricao": "Lei Complementar", "texto_integral": "http://sapl.sarandi.pr.leg.br/media/./sapl/public/normajuridica/2011/1751/1751_texto_integral.pdf", "ementa": "Disp\u00f5e sobre a altera\u00e7\u00e3o da Lei Complementar n\u00ba 249/2011, na forma que especifica."}, {"id": "1750", "ano": "2011", "numero": "252", "tipo__sigla": "LC", "tipo__descricao": "Lei Complementar", "texto_integral": "http://sapl.sarandi.pr.leg.br/media/./sapl/public/normajuridica/2011/1750/1750_texto_integral.pdf", "ementa": "Cria cargo de provimento efetivo, n\u00famero de vagas e d\u00e1 outras provid\u00eancias."}, {"id": "2587", "ano": "2011", "numero": "1821", "tipo__sigla": "LEI", "tipo__descricao": "Lei Ordin\u00e1ria", "texto_integral": "http://sapl.sarandi.pr.leg.br/media/./sapl/public/normajuridica/2011/2587/2587_texto_integral.pdf", "ementa": "Autoriza o Chefe do Poder Executivo Municipal a desafetar, unificar e alienar im\u00f3veis de propriedades da municipalidade, na forma que especifica."}, {"id": "2586", "ano": "2011", "numero": "1820", "tipo__sigla": "LEI", "tipo__descricao": "Lei Ordin\u00e1ria", "texto_integral": "http://sapl.sarandi.pr.leg.br/media/./sapl/public/normajuridica/2011/2586/2586_texto_integral.pdf", "ementa": "Estabelece a obrigatoriedade da emiss\u00e3o de receitas m\u00e9dicas e odontol\u00f3gicas por meio de digita\u00e7\u00e3o e d\u00e1 outras provid\u00eancias."}, {"id": "2585", "ano": "2011", "numero": "1819", "tipo__sigla": "LEI", "tipo__descricao": "Lei Ordin\u00e1ria", "texto_integral": "http://sapl.sarandi.pr.leg.br/media/./sapl/public/normajuridica/2011/2585/2585_texto_integral.pdf", "ementa": "Autoriza parcelamento de d\u00e9bitos previdenci\u00e1rios do munic\u00edpio perante a Caixa de Aposentadoria e Pens\u00e3o dos Servidores Municipais de Sarandi - PRESERV, e d\u00e1 outras provid\u00eancias."}, {"id": "2584", "ano": "2011", "numero": "1818", "tipo__sigla": "LEI", "tipo__descricao": "Lei Ordin\u00e1ria", "texto_integral": "http://sapl.sarandi.pr.leg.br/media/./sapl/public/normajuridica/2011/2584/2584_texto_integral.pdf", "ementa": "Disp\u00f5e sobre a abertura de cr\u00e9dito adicional especial, na forma que especifica."}, {"id": "2583", "ano": "2011", "numero": "1817", "tipo__sigla": "LEI", "tipo__descricao": "Lei Ordin\u00e1ria", "texto_integral": "http://sapl.sarandi.pr.leg.br/media/./sapl/public/normajuridica/2011/2583/2583_texto_integral.pdf", "ementa": "Autoriza o munic\u00edpio de Sarandi, Estado do Paran\u00e1, a firmar Termo de Coopera\u00e7\u00e3o Financeira com o Governo do Estado do Paran\u00e1, atrav\u00e9s da Secretaria de Seguran\u00e7a P\u00fablica."}, {"id": "2582", "ano": "2011", "numero": "1816", "tipo__sigla": "LEI", "tipo__descricao": "Lei Ordin\u00e1ria", "texto_integral": "http://sapl.sarandi.pr.leg.br/media/./sapl/public/normajuridica/2011/2582/2582_texto_integral.pdf", "ementa": "Disp\u00f5e sobre a abertura de cr\u00e9dito adicional especial, na forma que especifica."}, {"id": "2581", "ano": "2011", "numero": "1815", "tipo__sigla": "LEI", "tipo__descricao": "Lei Ordin\u00e1ria", "texto_integral": "http://sapl.sarandi.pr.leg.br/media/./sapl/public/normajuridica/2011/2581/2581_texto_integral.pdf", "ementa": "Disp\u00f5e sobre a altera\u00e7\u00e3o de Fun\u00e7\u00e3o Program\u00e1tica, na forma que especifica."}, {"id": "2580", "ano": "2011", "numero": "1814", "tipo__sigla": "LEI", "tipo__descricao": "Lei Ordin\u00e1ria", "texto_integral": "http://sapl.sarandi.pr.leg.br/media/./sapl/public/normajuridica/2011/2580/2580_texto_integral.pdf", "ementa": "Autoriza o Poder Executivo Municipal a utilizar recursos do Fundo de Reequipamento do Corpo de Bombeiros de Sarandi para a aquisi\u00e7\u00e3o de ve\u00edculos a serem cedidos ao Gabinete de Gest\u00e3o de Tr\u00e2nsito e Seguran\u00e7a P\u00fablica Municipal."}, {"id": "2578", "ano": "2011", "numero": "1812", "tipo__sigla": "LEI", "tipo__descricao": "Lei Ordin\u00e1ria", "texto_integral": "http://sapl.sarandi.pr.leg.br/media/./sapl/public/normajuridica/2011/2578/2578_texto_integral.pdf", "ementa": "Autoriza o Chefe do Poder Executivo Municipal a abrir cr\u00e9dito adicional especial, na forma que especifica."}, {"id": "2576", "ano": "2011", "numero": "1810", "tipo__sigla": "LEI", "tipo__descricao": "Lei Ordin\u00e1ria", "texto_integral": "http://sapl.sarandi.pr.leg.br/media/./sapl/public/normajuridica/2011/2576/2576_texto_integral.pdf", "ementa": "Institui o Comit\u00ea Municipal de Vigil\u00e2ncia da Morte Materna e Infantil, vinculado \u00e0 Secretaria Municipal de Sa\u00fade."}, {"id": "1749", "ano": "2011", "numero": "251", "tipo__sigla": "LC", "tipo__descricao": "Lei Complementar", "texto_integral": "http://sapl.sarandi.pr.leg.br/media/./sapl/public/normajuridica/2011/1749/1749_texto_integral.pdf", "ementa": "Disp\u00f5e sobre a altera\u00e7\u00e3o da Lei Complementar n\u00ba 247/2010, na forma que especifica."}, {"id": "3170", "ano": "2011", "numero": "32", "tipo__sigla": "POR", "tipo__descricao": "Portaria", "texto_integral": "http://sapl.sarandi.pr.leg.br/media/./sapl/public/normajuridica/2011/3170/3170_texto_integral.pdf", "ementa": "CONCEDER REPOSI\u00c7\u00c3O SALARIAL DE 6, 46, AOS SERVIDORES P\u00daBLICOS DESTE PODER"}, {"id": "2574", "ano": "2011", "numero": "1808", "tipo__sigla": "LEI", "tipo__descricao": "Lei Ordin\u00e1ria", "texto_integral": "http://sapl.sarandi.pr.leg.br/media/./sapl/public/normajuridica/2011/2574/2574_texto_integral.pdf", "ementa": "Autoriza o Chefe do Poder Executivo Municipal a conceder reposi\u00e7\u00e3o salarial, na forma que especifica."}, {"id": "2573", "ano": "2011", "numero": "1807", "tipo__sigla": "LEI", "tipo__descricao": "Lei Ordin\u00e1ria", "texto_integral": "http://sapl.sarandi.pr.leg.br/media/./sapl/public/normajuridica/2011/2573/2573_texto_integral.pdf", "ementa": "Disp\u00f5e sobre a obrigatoriedade de disposi\u00e7\u00e3o de cadeiras de rodas nas ag\u00eancias banc\u00e1rias e postos de atendimento das institui\u00e7\u00f5es financeiras de Sarandi."}, {"id": "2572", "ano": "2011", "numero": "1806", "tipo__sigla": "LEI", "tipo__descricao": "Lei Ordin\u00e1ria", "texto_integral": "http://sapl.sarandi.pr.leg.br/media/./sapl/public/normajuridica/2011/2572/2572_texto_integral.pdf", "ementa": "Institui o \"Dia do L\u00edder Comunit\u00e1rio\"."}, {"id": "2571", "ano": "2011", "numero": "1805", "tipo__sigla": "LEI", "tipo__descricao": "Lei Ordin\u00e1ria", "texto_integral": "http://sapl.sarandi.pr.leg.br/media/./sapl/public/normajuridica/2011/2571/2571_texto_integral.pdf", "ementa": "Autoriza o Chefe do Poder Executivo Municipal a abrir cr\u00e9dito adicional especial, na forma que especifica."}, {"id": "2570", "ano": "2011", "numero": "1804", "tipo__sigla": "LEI", "tipo__descricao": "Lei Ordin\u00e1ria", "texto_integral": "http://sapl.sarandi.pr.leg.br/media/./sapl/public/normajuridica/2011/2570/2570_texto_integral.pdf", "ementa": "Autoriza o Chefe do Poder Executivo Municipal a abrir cr\u00e9dito adicional especial no Or\u00e7amento Anual do PRESERV, na forma que especifica."}, {"id": "3162", "ano": "2011", "numero": "31", "tipo__sigla": "POR", "tipo__descricao": "Portaria", "texto_integral": "http://sapl.sarandi.pr.leg.br/media/./sapl/public/normajuridica/2011/3162/3162_texto_integral.pdf", "ementa": "CONCEDE PROGRESS\u00c3O FUNCIONAL AO SERVIDOR FRANCISCO ADALBERTO DE SOUZA"}, {"id": "2569", "ano": "2011", "numero": "1803", "tipo__sigla": "LEI", "tipo__descricao": "Lei Ordin\u00e1ria", "texto_integral": "http://sapl.sarandi.pr.leg.br/media/./sapl/public/normajuridica/2011/2569/2569_texto_integral.pdf", "ementa": "Institui o Programa \"Escola Amiga do Meio Ambiente\" e d\u00e1 outras provid\u00eancias."}, {"id": "2568", "ano": "2011", "numero": "1802", "tipo__sigla": "LEI", "tipo__descricao": "Lei Ordin\u00e1ria", "texto_integral": "http://sapl.sarandi.pr.leg.br/media/./sapl/public/normajuridica/2011/2568/2568_texto_integral.pdf", "ementa": "Autoriza o Poder Executivo Municipal a doar im\u00f3vel urbano pertencente \u00e0 municipalidade, na forma que especifica."}, {"id": "2567", "ano": "2011", "numero": "1801", "tipo__sigla": "LEI", "tipo__descricao": "Lei Ordin\u00e1ria", "texto_integral": "http://sapl.sarandi.pr.leg.br/media/./sapl/public/normajuridica/2011/2567/2567_texto_integral.pdf", "ementa": "Autoriza o Poder Executivo Municipal a doar im\u00f3vel urbano pertencente \u00e0 municipalidade, na forma que especifica."}, {"id": "2566", "ano": "2011", "numero": "1800", "tipo__sigla": "LEI", "tipo__descricao": "Lei Ordin\u00e1ria", "texto_integral": "http://sapl.sarandi.pr.leg.br/media/./sapl/public/normajuridica/2011/2566/2566_texto_integral.pdf", "ementa": "Disp\u00f5e sobre a abertura de cr\u00e9dito adicional especial, na forma que especifica."}, {"id": "2565", "ano": "2011", "numero": "1799", "tipo__sigla": "LEI", "tipo__descricao": "Lei Ordin\u00e1ria", "texto_integral": "http://sapl.sarandi.pr.leg.br/media/./sapl/public/normajuridica/2011/2565/2565_texto_integral.pdf", "ementa": "Disp\u00f5e sobre transposi\u00e7\u00e3o or\u00e7ament\u00e1ria \u00e0 C\u00e2mara Municipal, na forma que especifica."}, {"id": "2564", "ano": "2011", "numero": "1798", "tipo__sigla": "LEI", "tipo__descricao": "Lei Ordin\u00e1ria", "texto_integral": "http://sapl.sarandi.pr.leg.br/media/./sapl/public/normajuridica/2011/2564/2564_texto_integral.pdf", "ementa": "Autoriza o Chefe do Poder Executivo Municipal a abrir cr\u00e9dito adicional especial, na forma que especifica."}, {"id": "2563", "ano": "2011", "numero": "1797", "tipo__sigla": "LEI", "tipo__descricao": "Lei Ordin\u00e1ria", "texto_integral": "http://sapl.sarandi.pr.leg.br/media/./sapl/public/normajuridica/2011/2563/2563_texto_integral.pdf", "ementa": "Regulamenta a atividade dos profissionais em transporte de passageiros e mercadorias com o uso de motocicleta no munic\u00edpio de Sarandi/PR e d\u00e1 outras provid\u00eancias."}, {"id": "2562", "ano": "2011", "numero": "1796", "tipo__sigla": "LEI", "tipo__descricao": "Lei Ordin\u00e1ria", "texto_integral": "http://sapl.sarandi.pr.leg.br/media/./sapl/public/normajuridica/2011/2562/2562_texto_integral.pdf", "ementa": "Assegura \u00e0s fam\u00edlias de baixa renda, que vivam em \u00e1rea de risco, devidamente identificada pela Defesa Civil, assist\u00eancia social e secretarias de urbanismo e meio ambiente e Autoriza o Chefe do Poder Executivo do munic\u00edpio de Sarandi a efetuar doa\u00e7\u00e3o de um im\u00f3vel e materiais de constru\u00e7\u00e3o at\u00e9 o valor de R$ 5.000,00 (cinco mil reais), al\u00e9m do aluguel mensal no valor de at\u00e9 R$ 350,00 pelo prazo de 06 (seis) meses \u00e0s fam\u00edlias devidamente identificadas e cadastradas pela Secretaria de Assist\u00eancia Social, que vivam em \u00e1rea de risco, devidamente comprovada pela Defesa Civil e Secretaria de Urbanismo e Meio Ambiente e, ainda, a pagar aluguel para as fam\u00edlias que n\u00e3o concordaram em desocupar voluntariamente o im\u00f3vel, visando \u00e0 retirada das fam\u00edlias da \u00e1rea de risco e d\u00e1 outras provid\u00eancias."}, {"id": "3154", "ano": "2011", "numero": "30", "tipo__sigla": "POR", "tipo__descricao": "Portaria", "texto_integral": "http://sapl.sarandi.pr.leg.br/media/./sapl/public/normajuridica/2011/3154/3154_texto_integral.pdf", "ementa": "SUBSTITUI O VEREADOR REGINALDO ALVES DOS SANTOS, NO LUGAR DE LUIZ CARLOS DE AGUIAR, NO CARGO DE VICE-PRESIDENTE DA COMISS\u00c3O DE OR\u00c7AMENTO E FINAN\u00c7AS"}, {"id": "2561", "ano": "2011", "numero": "1795", "tipo__sigla": "LEI", "tipo__descricao": "Lei Ordin\u00e1ria", "texto_integral": "http://sapl.sarandi.pr.leg.br/media/./sapl/public/normajuridica/2011/2561/2561_texto_integral.pdf", "ementa": "Autoriza o Chefe do Poder Executivo Municipal a fixar piso m\u00ednimo de vencimentos dos Servidores P\u00fablicos Municipais de Sarandi e d\u00e1 outras provid\u00eancias."}, {"id": "2560", "ano": "2011", "numero": "1794", "tipo__sigla": "LEI", "tipo__descricao": "Lei Ordin\u00e1ria", "texto_integral": "http://sapl.sarandi.pr.leg.br/media/./sapl/public/normajuridica/2011/2560/2560_texto_integral.pdf", "ementa": "Altera o artigo 1\u00ba da Lei Municipal n\u00ba 1031/2002 de 09/12/2002, na forma que especifica."}, {"id": "2559", "ano": "2011", "numero": "1793", "tipo__sigla": "LEI", "tipo__descricao": "Lei Ordin\u00e1ria", "texto_integral": "http://sapl.sarandi.pr.leg.br/media/./sapl/public/normajuridica/2011/2559/2559_texto_integral.pdf", "ementa": "D\u00e1 denomina\u00e7\u00e3o \u00e0 Avenida A, do Conjunto Residencial Mau\u00e1 e d\u00e1 outras provid\u00eancias."}, {"id": "2558", "ano": "2011", "numero": "1792", "tipo__sigla": "LEI", "tipo__descricao": "Lei Ordin\u00e1ria", "texto_integral": "http://sapl.sarandi.pr.leg.br/media/./sapl/public/normajuridica/2011/2558/2558_texto_integral.pdf", "ementa": "D\u00e1 denomina\u00e7\u00e3o \u00e0 Pra\u00e7a do Parque Residencial Alvamar II e d\u00e1 outras provid\u00eancias."}, {"id": "2557", "ano": "2011", "numero": "1791", "tipo__sigla": "LEI", "tipo__descricao": "Lei Ordin\u00e1ria", "texto_integral": "http://sapl.sarandi.pr.leg.br/media/./sapl/public/normajuridica/2011/2557/2557_texto_integral.pdf", "ementa": "Denomina Cl\u00ednica Materno Infantil, na forma que especifica."}, {"id": "2556", "ano": "2011", "numero": "1790", "tipo__sigla": "LEI", "tipo__descricao": "Lei Ordin\u00e1ria", "texto_integral": "http://sapl.sarandi.pr.leg.br/media/./sapl/public/normajuridica/2011/2556/2556_texto_integral.pdf", "ementa": "Declara de Utilidade P\u00fablica a Sociedade Rural de Sarandi."}, {"id": "2555", "ano": "2011", "numero": "1789", "tipo__sigla": "LEI", "tipo__descricao": "Lei Ordin\u00e1ria", "texto_integral": "http://sapl.sarandi.pr.leg.br/media/./sapl/public/normajuridica/2011/2555/2555_texto_integral.pdf", "ementa": "Define sentido de tr\u00e2nsito e estacionamento de ve\u00edculos em trecho de rua, e d\u00e1 outras provid\u00eancias."}, {"id": "1748", "ano": "2011", "numero": "250", "tipo__sigla": "LC", "tipo__descricao": "Lei Complementar", "texto_integral": "http://sapl.sarandi.pr.leg.br/media/./sapl/public/normajuridica/2011/1748/1748_texto_integral.pdf", "ementa": "Cria cargos de provimento efetivo e d\u00e1 outras provid\u00eancias."}, {"id": "1747", "ano": "2011", "numero": "249", "tipo__sigla": "LC", "tipo__descricao": "Lei Complementar", "texto_integral": "http://sapl.sarandi.pr.leg.br/media/./sapl/public/normajuridica/2011/1747/1747_texto_integral.pdf", "ementa": "Cria cargos de provimento efetivo e d\u00e1 outras provid\u00eancias."}, {"id": "2554", "ano": "2011", "numero": "1788", "tipo__sigla": "LEI", "tipo__descricao": "Lei Ordin\u00e1ria", "texto_integral": "http://sapl.sarandi.pr.leg.br/media/./sapl/public/normajuridica/2011/2554/2554_texto_integral.pdf", "ementa": "Autoriza o Chefe do Poder Executivo Municipal a abrir cr\u00e9dito adicional especial, na forma que especifica."}, {"id": "2553", "ano": "2011", "numero": "1787", "tipo__sigla": "LEI", "tipo__descricao": "Lei Ordin\u00e1ria", "texto_integral": "http://sapl.sarandi.pr.leg.br/media/sapl/public/normajuridica/2011/2553/lei_no_1787-2011.pdf", "ementa": "Assegura \u00e0s crian\u00e7as portadoras de necessidades educativas especiais o acesso aos centros de educa\u00e7\u00e3o infantil do munic\u00edpio."}, {"id": "2552", "ano": "2011", "numero": "1786", "tipo__sigla": "LEI", "tipo__descricao": "Lei Ordin\u00e1ria", "texto_integral": "http://sapl.sarandi.pr.leg.br/media/./sapl/public/normajuridica/2011/2552/2552_texto_integral.pdf", "ementa": "D\u00e1 denomina\u00e7\u00e3o \u00e0 Rua 02, no Jardim Ouro Verde II."}, {"id": "3145", "ano": "2011", "numero": "29", "tipo__sigla": "POR", "tipo__descricao": "Portaria", "texto_integral": "http://sapl.sarandi.pr.leg.br/media/./sapl/public/normajuridica/2011/3145/3145_texto_integral.pdf", "ementa": "FICA, NOMEADO O JOVEM JHONNY GALINDO AVLINO, CHEFE DA DIVIS\u00c3O DE PROCESSO LEGISLATIVO"}, {"id": "3136", "ano": "2011", "numero": "28", "tipo__sigla": "POR", "tipo__descricao": "Portaria", "texto_integral": "http://sapl.sarandi.pr.leg.br/media/./sapl/public/normajuridica/2011/3136/3136_texto_integral.pdf", "ementa": "NOMEIA A SENHORA ZENAIDE CASTILHO DOS SANTOS, PARA O CARGO DE ASSESSOR LEGISLATIVO- CC-3, NO GABINETE DO VEREADOR RAFAEL PSZYBYLSKI"}, {"id": "3127", "ano": "2011", "numero": "27", "tipo__sigla": "POR", "tipo__descricao": "Portaria", "texto_integral": "http://sapl.sarandi.pr.leg.br/media/./sapl/public/normajuridica/2011/3127/3127_texto_integral.pdf", "ementa": "NOMEIA DR. FREDERICO IZIDORO PINHEIRO NEVES, PARA O CARGO DE PROCURADOR JURIDICO- SIMBOLO PJ"}, {"id": "3118", "ano": "2011", "numero": "26", "tipo__sigla": "POR", "tipo__descricao": "Portaria", "texto_integral": "http://sapl.sarandi.pr.leg.br/media/./sapl/public/normajuridica/2011/3118/3118_texto_integral.pdf", "ementa": "NOMEIA MAURICIO CAMARGO DOS SANTOS, PARA O CARGO DE ASSESSOR PARLAMENTAR- CC-4, NO GABINETE DO VEREADOR CILAS SOUZA MORAIS"}, {"id": "3109", "ano": "2011", "numero": "25", "tipo__sigla": "POR", "tipo__descricao": "Portaria", "texto_integral": "http://sapl.sarandi.pr.leg.br/media/./sapl/public/normajuridica/2011/3109/3109_texto_integral.pdf", "ementa": "NOMEIA ELAN DE ALEMIDA DA SILVA, PARA O CARGO DE ASSESSOR LEGISLATIVO- CC, 3, NO GABINETE DO VEREADOR CILAS SOUZA MORAIS"}, {"id": "3100", "ano": "2011", "numero": "24", "tipo__sigla": "POR", "tipo__descricao": "Portaria", "texto_integral": "http://sapl.sarandi.pr.leg.br/media/./sapl/public/normajuridica/2011/3100/3100_texto_integral.pdf", "ementa": "EXONERA O JOVEM DYEGO MYAGMIMOTO PEDROZO, DO CARGO DE ASSESSOR LEGISLATIVO, DO GABINETE DO VEREADOR CILAS SOUZA MORAIS"}, {"id": "3091", "ano": "2011", "numero": "23", "tipo__sigla": "POR", "tipo__descricao": "Portaria", "texto_integral": "http://sapl.sarandi.pr.leg.br/media/./sapl/public/normajuridica/2011/3091/3091_texto_integral.pdf", "ementa": "NOMEIA A SENHORA SUELI GRALIK TURCI, AO CARGO DE CHEFE DE GABINETE, SIMBOLO CG, DESTA CASA DE LEIS"}, {"id": "3081", "ano": "2011", "numero": "22", "tipo__sigla": "POR", "tipo__descricao": "Portaria", "texto_integral": "http://sapl.sarandi.pr.leg.br/media/./sapl/public/normajuridica/2011/3081/3081_texto_integral.pdf", "ementa": "EXONERA O JOVEM ELAN ALMEIDA DA SILVA, DO CARGO DE CHEFE DE GABINETE, SIMBOLO CG, DESTA CASA DE LEIS"}, {"id": "3071", "ano": "2011", "numero": "21", "tipo__sigla": "POR", "tipo__descricao": "Portaria", "texto_integral": "http://sapl.sarandi.pr.leg.br/media/./sapl/public/normajuridica/2011/3071/3071_texto_integral.pdf", "ementa": "EXONERA O SENHOR MAURICIO CAMARGO DOS SANTOS, DO CARGO DE CHEFE DA DIVIS\u00c3O DE PROCESSO LEGISLATIVO, CC-3, DESTA CASA DE LEIS"}, {"id": "3061", "ano": "2011", "numero": "20", "tipo__sigla": "POR", "tipo__descricao": "Portaria", "texto_integral": "http://sapl.sarandi.pr.leg.br/media/./sapl/public/normajuridica/2011/3061/3061_texto_integral.pdf", "ementa": "EXONERA O JOVEM JONATHAN WILIAM BISPO GOES, DO CARGO DE ASSESSOR PARLAMENTAR, DESTA CASA DE LEIS"}, {"id": "3051", "ano": "2011", "numero": "19", "tipo__sigla": "POR", "tipo__descricao": "Portaria", "texto_integral": "http://sapl.sarandi.pr.leg.br/media/./sapl/public/normajuridica/2011/3051/3051_texto_integral.pdf", "ementa": "EXONERA A SENHORA SUELI GRALIK TURCI, DE ASSESSOR LEGISLATIVO, CC3, DO GABINETE DE RAFAEL PSZYBYLSKI"}, {"id": "4606", "ano": "2011", "numero": "18", "tipo__sigla": "POR", "tipo__descricao": "Portaria", "texto_integral": "http://sapl.sarandi.pr.leg.br/media/sapl/public/normajuridica/2011/4606/portaria_n_0018-2011.pdf", "ementa": "HOMOLOGA O RESULTADO DAS COMISS\u00d5ES PERMANENTES."}, {"id": "3032", "ano": "2011", "numero": "17", "tipo__sigla": "POR", "tipo__descricao": "Portaria", "texto_integral": "http://sapl.sarandi.pr.leg.br/media/./sapl/public/normajuridica/2011/3032/3032_texto_integral.pdf", "ementa": "EXONERA DR. HUGO T\u00c9TTO J\u00daNIOR, PROCURADOR JURIDICO DA C\u00c2MARA MUNICIPAL"}, {"id": "2551", "ano": "2011", "numero": "1785", "tipo__sigla": "LEI", "tipo__descricao": "Lei Ordin\u00e1ria", "texto_integral": "http://sapl.sarandi.pr.leg.br/media/./sapl/public/normajuridica/2011/2551/2551_texto_integral.pdf", "ementa": "Autoriza a concess\u00e3o de abono salarial aos professores e especialistas de educa\u00e7\u00e3o da Rede P\u00fablica de Ensino do munic\u00edpio de Sarandi, Estado do Paran\u00e1, e d\u00e1 outras provid\u00eancias."}, {"id": "3022", "ano": "2011", "numero": "16", "tipo__sigla": "POR", "tipo__descricao": "Portaria", "texto_integral": "http://sapl.sarandi.pr.leg.br/media/./sapl/public/normajuridica/2011/3022/3022_texto_integral.pdf", "ementa": "CONCEDE PROGRESS\u00c3O FUNCIONAL A SERVIDORA M\u00d4NICA CRISTINA GONZALVES"}, {"id": "2550", "ano": "2011", "numero": "1784", "tipo__sigla": "LEI", "tipo__descricao": "Lei Ordin\u00e1ria", "texto_integral": "http://sapl.sarandi.pr.leg.br/media/./sapl/public/normajuridica/2011/2550/2550_texto_integral.pdf", "ementa": "Autoriza o Chefe do Poder Executivo Municipal a abrir cr\u00e9dito adicional especial, na forma que especifica."}, {"id": "2549", "ano": "2011", "numero": "1783", "tipo__sigla": "LEI", "tipo__descricao": "Lei Ordin\u00e1ria", "texto_integral": "http://sapl.sarandi.pr.leg.br/media/./sapl/public/normajuridica/2011/2549/2549_texto_integral.pdf", "ementa": "Autoriza o Chefe do Poder Executivo Municipal a abrir cr\u00e9dito adicional especial, na forma que especifica."}, {"id": "3011", "ano": "2011", "numero": "15", "tipo__sigla": "POR", "tipo__descricao": "Portaria", "texto_integral": "http://sapl.sarandi.pr.leg.br/media/./sapl/public/normajuridica/2011/3011/3011_texto_integral.pdf", "ementa": "CONCEDE PROGRESS\u00c3O FUNCIONAL AS SERVIDORES EDITE NUNES DA SILVA E MARIA APARECIDA SOLIDADE"}, {"id": "3000", "ano": "2011", "numero": "14", "tipo__sigla": "POR", "tipo__descricao": "Portaria", "texto_integral": "http://sapl.sarandi.pr.leg.br/media/./sapl/public/normajuridica/2011/3000/3000_texto_integral.pdf", "ementa": "CONCEDE PROGRESS\u00c3O FUNCIONAL AO SERVIDOR AN\u00c9SIO JOS\u00c9 DA SILVA"}, {"id": "2989", "ano": "2011", "numero": "13", "tipo__sigla": "POR", "tipo__descricao": "Portaria", "texto_integral": "http://sapl.sarandi.pr.leg.br/media/./sapl/public/normajuridica/2011/2989/2989_texto_integral.pdf", "ementa": "FICA NOMEADA A SENHORITA TATIANE TEIXEIRA DOS SANTOS, COMO ASSESSOR PARLAMENTAR CC-4, NO GABINETE DO VEREADOR APARECIDO BIANCHO"}, {"id": "2977", "ano": "2011", "numero": "12", "tipo__sigla": "POR", "tipo__descricao": "Portaria", "texto_integral": "http://sapl.sarandi.pr.leg.br/media/./sapl/public/normajuridica/2011/2977/2977_texto_integral.pdf", "ementa": "FICA NOMEADA A SENHORITA CLEONICE IZIDIO DE AZEVEDO, COMO CHEFE DA DIVIS\u00c3O DE PLEN\u00c1RIO"}, {"id": "2548", "ano": "2011", "numero": "1782", "tipo__sigla": "LEI", "tipo__descricao": "Lei Ordin\u00e1ria", "texto_integral": "http://sapl.sarandi.pr.leg.br/media/./sapl/public/normajuridica/2011/2548/2548_texto_integral.pdf", "ementa": "Autoriza o Poder Executivo Municipal a doar im\u00f3vel urbano pertencente \u00e0 municipalidade, na forma que especifica."}, {"id": "2965", "ano": "2011", "numero": "11", "tipo__sigla": "POR", "tipo__descricao": "Portaria", "texto_integral": "http://sapl.sarandi.pr.leg.br/media/./sapl/public/normajuridica/2011/2965/2965_texto_integral.pdf", "ementa": "NOMEIA CLARICE LERIANO MALENTAQUI, COMO ASSESSOR LEGISLATIVO, NO GABINETE DO VEREADOR APARECIDO BIANCHO"}, {"id": "2953", "ano": "2011", "numero": "10", "tipo__sigla": "POR", "tipo__descricao": "Portaria", "texto_integral": "http://sapl.sarandi.pr.leg.br/media/./sapl/public/normajuridica/2011/2953/2953_texto_integral.pdf", "ementa": "FICA NOMEADA ANA CLA\u00daDIA CLEMENTE DUARTE, NO CARGO DE ASSESSOR PARLAMENTAR, NO GABINETE DO VEREADOR JOS\u00c9 ROBERTO GRAVA"}, {"id": "2941", "ano": "2011", "numero": "9", "tipo__sigla": "POR", "tipo__descricao": "Portaria", "texto_integral": "http://sapl.sarandi.pr.leg.br/media/./sapl/public/normajuridica/2011/2941/2941_texto_integral.pdf", "ementa": "EXONERA A SENHORA CLARICE LERIANO MALENTAQUI, COMO ASSESSOR PARLAMENTAR, DO GABINETE DO VEREADOR APARECIDO BIANHO"}, {"id": "2929", "ano": "2011", "numero": "8", "tipo__sigla": "POR", "tipo__descricao": "Portaria", "texto_integral": "http://sapl.sarandi.pr.leg.br/media/./sapl/public/normajuridica/2011/2929/2929_texto_integral.pdf", "ementa": "EXONERA A SENHORA CLEONICE DA SILVA DE OLIVEIRA, DO CARGO DE ASSESSOR LEGISLATIVO, NO GABINETE DO VEREADOR APARECIDO BIANCHO"}, {"id": "2917", "ano": "2011", "numero": "7", "tipo__sigla": "POR", "tipo__descricao": "Portaria", "texto_integral": "http://sapl.sarandi.pr.leg.br/media/./sapl/public/normajuridica/2011/2917/2917_texto_integral.pdf", "ementa": "FICA NOMEADA DRA. LUCIENE ASSONI TIMBO DE SOUZA, COMO CONTROLADORA INTERNO DA C\u00c2MARA MUNICIPAL DE SARANDI"}, {"id": "2905", "ano": "2011", "numero": "6", "tipo__sigla": "POR", "tipo__descricao": "Portaria", "texto_integral": "http://sapl.sarandi.pr.leg.br/media/./sapl/public/normajuridica/2011/2905/2905_texto_integral.pdf", "ementa": "EXONERA A SENHORITA CLEONICE IZIDIO DE AZEVEDO, DAS FUN\u00c7\u00d5ES DE CONTROLADOR INTERNO DA C\u00c2MARA MUNICIPAL, EM 01 DE FEVEREIRO DE 2011"}, {"id": "2893", "ano": "2011", "numero": "5", "tipo__sigla": "POR", "tipo__descricao": "Portaria", "texto_integral": "http://sapl.sarandi.pr.leg.br/media/./sapl/public/normajuridica/2011/2893/2893_texto_integral.pdf", "ementa": "TORNA P\u00daBLICO O FECHAMENTO DA C\u00c2MARA DIA 28 DE JANEIRO PARA A PARTICIPA\u00c7\u00c3O DO ARRAST\u00c3O DA DENGUE"}, {"id": "2881", "ano": "2011", "numero": "4", "tipo__sigla": "POR", "tipo__descricao": "Portaria", "texto_integral": "http://sapl.sarandi.pr.leg.br/media/./sapl/public/normajuridica/2011/2881/2881_texto_integral.pdf", "ementa": "EXONERA JUVENIL ANTONIO DE SOUZA, DO CARGO DE ASSESSOR PARLAMENTAR DO GABINETE DO VEREADOR JOS\u00c9 ROBERTO GRAVA"}, {"id": "2869", "ano": "2011", "numero": "3", "tipo__sigla": "POR", "tipo__descricao": "Portaria", "texto_integral": "http://sapl.sarandi.pr.leg.br/media/./sapl/public/normajuridica/2011/2869/2869_texto_integral.pdf", "ementa": "CONCEDER PROGRESS\u00c3O FUNCIONAL AOS SERVIDORES CLEONICE IZIDIO DE AZEVEDO E DALVECIR APARECIDO BONORA"}, {"id": "2547", "ano": "2011", "numero": "1781", "tipo__sigla": "LEI", "tipo__descricao": "Lei Ordin\u00e1ria", "texto_integral": "http://sapl.sarandi.pr.leg.br/media/./sapl/public/normajuridica/2011/2547/2547_texto_integral.pdf", "ementa": "Autoriza o Chefe do Poder Executivo Municipal a fixar piso m\u00ednimo de vencimentos dos Servidores P\u00fablicos Municipais de Sarandi e d\u00e1 outras provid\u00eancias."}, {"id": "2546", "ano": "2011", "numero": "1780", "tipo__sigla": "LEI", "tipo__descricao": "Lei Ordin\u00e1ria", "texto_integral": "http://sapl.sarandi.pr.leg.br/media/./sapl/public/normajuridica/2011/2546/2546_texto_integral.pdf", "ementa": "Autoriza o Chefe do Poder Executivo Municipal a abrir cr\u00e9dito adicional suplementar, na forma que especifica."}, {"id": "2545", "ano": "2011", "numero": "1779", "tipo__sigla": "LEI", "tipo__descricao": "Lei Ordin\u00e1ria", "texto_integral": "http://sapl.sarandi.pr.leg.br/media/./sapl/public/normajuridica/2011/2545/2545_texto_integral.pdf", "ementa": "Autoriza o Chefe do Poder Executivo Municipal a abrir cr\u00e9dito suplementar especial, na forma que especifica."}, {"id": "2544", "ano": "2011", "numero": "1778", "tipo__sigla": "LEI", "tipo__descricao": "Lei Ordin\u00e1ria", "texto_integral": "http://sapl.sarandi.pr.leg.br/media/./sapl/public/normajuridica/2011/2544/2544_texto_integral.pdf", "ementa": "Disp\u00f5e sobre a atualiza\u00e7\u00e3o monet\u00e1ria dos subs\u00eddios dos vereadores, na forma que especifica."}, {"id": "2543", "ano": "2011", "numero": "1777", "tipo__sigla": "LEI", "tipo__descricao": "Lei Ordin\u00e1ria", "texto_integral": "http://sapl.sarandi.pr.leg.br/media/./sapl/public/normajuridica/2011/2543/2543_texto_integral.pdf", "ementa": "Disp\u00f5e sobre a atualiza\u00e7\u00e3o monet\u00e1ria dos subs\u00eddios do Prefeito, Vice-Prefeito e dos Secret\u00e1rios Municipais, na forma que especifica."}, {"id": "2857", "ano": "2011", "numero": "2", "tipo__sigla": "POR", "tipo__descricao": "Portaria", "texto_integral": "http://sapl.sarandi.pr.leg.br/media/./sapl/public/normajuridica/2011/2857/2857_texto_integral.pdf", "ementa": "NOMEIA A COMISS\u00c3O ESPECIAL DE RECEBIMENTO E AVALIA\u00c7\u00c3O DE BENS PATRIMONIAIS DA C\u00c2MARA PARA 2011/2012"}, {"id": "2845", "ano": "2011", "numero": "1", "tipo__sigla": "POR", "tipo__descricao": "Portaria", "texto_integral": "http://sapl.sarandi.pr.leg.br/media/./sapl/public/normajuridica/2011/2845/2845_texto_integral.pdf", "ementa": "NOMEIA A COMISS\u00c3O DE LICITA\u00c7\u00c3O PARA 2011"}, {"id": "1746", "ano": "2010", "numero": "248", "tipo__sigla": "LC", "tipo__descricao": "Lei Complementar", "texto_integral": "http://sapl.sarandi.pr.leg.br/media/sapl/public/normajuridica/2010/1746/lei_complementar_no_248-2010.pdf", "ementa": "Disp\u00f5e sobre o Plano de Carreira, Cargos e Remunera\u00e7\u00e3o dos Profissionais do Magist\u00e9rio do Munic\u00edpio de Sarandi."}, {"id": "2542", "ano": "2010", "numero": "1776", "tipo__sigla": "LEI", "tipo__descricao": "Lei Ordin\u00e1ria", "texto_integral": "http://sapl.sarandi.pr.leg.br/media/./sapl/public/normajuridica/2010/2542/2542_texto_integral.pdf", "ementa": "D\u00e1 denomina\u00e7\u00e3o \u00e0 quadra n\u00ba 06, do Jardim Europa."}, {"id": "2541", "ano": "2010", "numero": "1775", "tipo__sigla": "LEI", "tipo__descricao": "Lei Ordin\u00e1ria", "texto_integral": "http://sapl.sarandi.pr.leg.br/media/./sapl/public/normajuridica/2010/2541/2541_texto_integral.pdf", "ementa": "Institui a separa\u00e7\u00e3o dos res\u00edduos recicl\u00e1veis descartados pelos \u00f3rg\u00e3os e entidades da administra\u00e7\u00e3o p\u00fablica municipal direta e indireta, na fonte geradora, e a sua destina\u00e7\u00e3o \u00e0s associa\u00e7\u00f5es e cooperativas dos catadores de materiais recicl\u00e1veis, e d\u00e1 outras provid\u00eancias."}, {"id": "2540", "ano": "2010", "numero": "1774", "tipo__sigla": "LEI", "tipo__descricao": "Lei Ordin\u00e1ria", "texto_integral": "http://sapl.sarandi.pr.leg.br/media/./sapl/public/normajuridica/2010/2540/2540_texto_integral.pdf", "ementa": "Autoriza a implanta\u00e7\u00e3o do programa R\u00e1dio Escola nas unidades da rede municipal de ensino da cidade de Sarandi."}, {"id": "2539", "ano": "2010", "numero": "1773", "tipo__sigla": "LEI", "tipo__descricao": "Lei Ordin\u00e1ria", "texto_integral": "http://sapl.sarandi.pr.leg.br/media/./sapl/public/normajuridica/2010/2539/2539_texto_integral.pdf", "ementa": "Disp\u00f5e sobre a altera\u00e7\u00e3o do Anexo de Metas e Prioridades da Lei de Diretrizes Or\u00e7ament\u00e1rias-LDO de 2010, na forma que especifica."}, {"id": "2538", "ano": "2010", "numero": "1772", "tipo__sigla": "LEI", "tipo__descricao": "Lei Ordin\u00e1ria", "texto_integral": "http://sapl.sarandi.pr.leg.br/media/./sapl/public/normajuridica/2010/2538/2538_texto_integral.pdf", "ementa": "Disp\u00f5e sobre a altera\u00e7\u00e3o do Anexo de Metas e Prioridade da Lei de Diretrizes Or\u00e7ament\u00e1rias-LDO de 2011, na forma que especifica."}, {"id": "2537", "ano": "2010", "numero": "1771", "tipo__sigla": "LEI", "tipo__descricao": "Lei Ordin\u00e1ria", "texto_integral": "http://sapl.sarandi.pr.leg.br/media/./sapl/public/normajuridica/2010/2537/2537_texto_integral.pdf", "ementa": "Disp\u00f5e sobre a altera\u00e7\u00e3o do PPA-Plano Plurianual do Munic\u00edpio de Sarandi do quadri\u00eanio 2010 a 2013, na forma que especifica."}, {"id": "2536", "ano": "2010", "numero": "1770", "tipo__sigla": "LEI", "tipo__descricao": "Lei Ordin\u00e1ria", "texto_integral": "http://sapl.sarandi.pr.leg.br/media/./sapl/public/normajuridica/2010/2536/2536_texto_integral.pdf", "ementa": "Estima a receita e fixa a despesa do munic\u00edpio para o exerc\u00edcio de 2011. No valor de R$ 108.960.938,00."}, {"id": "3297", "ano": "2010", "numero": "59", "tipo__sigla": "POR", "tipo__descricao": "Portaria", "texto_integral": "http://sapl.sarandi.pr.leg.br/media/./sapl/public/normajuridica/2010/3297/3297_texto_integral.pdf", "ementa": "RECESSO FUNCIONAL DE 21/12/2010 A 03/01/2011"}, {"id": "2535", "ano": "2010", "numero": "1769", "tipo__sigla": "LEI", "tipo__descricao": "Lei Ordin\u00e1ria", "texto_integral": "http://sapl.sarandi.pr.leg.br/media/./sapl/public/normajuridica/2010/2535/2535_texto_integral.pdf", "ementa": "Autoriza o Chefe do Poder Executivo Municipal a abrir cr\u00e9dito adicional suplementar, na forma que especifica."}, {"id": "2534", "ano": "2010", "numero": "1767", "tipo__sigla": "LEI", "tipo__descricao": "Lei Ordin\u00e1ria", "texto_integral": "http://sapl.sarandi.pr.leg.br/media/./sapl/public/normajuridica/2010/2534/2534_texto_integral.pdf", "ementa": "Autoriza o Chefe do Poder Executivo Municipal a abrir cr\u00e9dito adicional especial no Or\u00e7amento Anual do PRESERV, na forma que especifica."}, {"id": "2533", "ano": "2010", "numero": "1766", "tipo__sigla": "LEI", "tipo__descricao": "Lei Ordin\u00e1ria", "texto_integral": "http://sapl.sarandi.pr.leg.br/media/./sapl/public/normajuridica/2010/2533/2533_texto_integral.pdf", "ementa": "Disp\u00f5e sobre a oferta de cursos na modalidade \u00e0 dist\u00e2ncia, bem como disp\u00f5e sobre a implanta\u00e7\u00e3o do Polo Municipal de Apoio Presencial para a Educa\u00e7\u00e3o \u00e0 Dist\u00e2ncia, no munic\u00edpio de Sarandi/PR, sistema Universidade Aberta do Brasil - UAB e d\u00e1 outras provid\u00eancias."}, {"id": "2532", "ano": "2010", "numero": "1765", "tipo__sigla": "LEI", "tipo__descricao": "Lei Ordin\u00e1ria", "texto_integral": "http://sapl.sarandi.pr.leg.br/media/./sapl/public/normajuridica/2010/2532/2532_texto_integral.pdf", "ementa": "Disp\u00f5e sobre o Plano Municipal de Sa\u00fade, na forma que especifica."}, {"id": "2531", "ano": "2010", "numero": "1764", "tipo__sigla": "LEI", "tipo__descricao": "Lei Ordin\u00e1ria", "texto_integral": "http://sapl.sarandi.pr.leg.br/media/./sapl/public/normajuridica/2010/2531/2531_texto_integral.pdf", "ementa": "Autoriza o Chefe do Poder Executivo do Munic\u00edpio de Sarandi a efetuar permuta de im\u00f3veis e d\u00e1 outras provid\u00eancias."}, {"id": "1745", "ano": "2010", "numero": "247", "tipo__sigla": "LC", "tipo__descricao": "Lei Complementar", "texto_integral": "http://sapl.sarandi.pr.leg.br/media/./sapl/public/normajuridica/2010/1745/1745_texto_integral.pdf", "ementa": "Institui o Gabinete de Gest\u00e3o de Tr\u00e2nsito e Seguran\u00e7a P\u00fablica Municipal e d\u00e1 outras provid\u00eancias."}, {"id": "3293", "ano": "2010", "numero": "58", "tipo__sigla": "POR", "tipo__descricao": "Portaria", "texto_integral": "http://sapl.sarandi.pr.leg.br/media/./sapl/public/normajuridica/2010/3293/3293_texto_integral.pdf", "ementa": "HOMOLOGA O RESULTADO DAS COMISS\u00d5ES PERMANENTES PARA O PERIODO DE 2011"}, {"id": "3289", "ano": "2010", "numero": "57", "tipo__sigla": "POR", "tipo__descricao": "Portaria", "texto_integral": "http://sapl.sarandi.pr.leg.br/media/./sapl/public/normajuridica/2010/3289/3289_texto_integral.pdf", "ementa": "NOMEIA JOVEM ELAN ALMEIDA DA SILVA, PARA O CARGO DE CHEFE DE GABINETE DA C\u00c2MARA MUNICIPAL"}, {"id": "3285", "ano": "2010", "numero": "56", "tipo__sigla": "POR", "tipo__descricao": "Portaria", "texto_integral": "http://sapl.sarandi.pr.leg.br/media/./sapl/public/normajuridica/2010/3285/3285_texto_integral.pdf", "ementa": "NOMEIA O DR. HUGO T\u00c9TTO J\u00daNIOR, DO CARGO DE PROCURADOR JURIDICO DA C\u00c2MARA MUNICIPAL"}, {"id": "3281", "ano": "2010", "numero": "55", "tipo__sigla": "POR", "tipo__descricao": "Portaria", "texto_integral": "http://sapl.sarandi.pr.leg.br/media/./sapl/public/normajuridica/2010/3281/3281_texto_integral.pdf", "ementa": "EXONERA O JOVEM ELAN ALMEIDA DA SILVA, DO CARGO DE CHEFE DE GABINETE DA C\u00c2MARA MUNICIPAL"}, {"id": "2530", "ano": "2010", "numero": "1763", "tipo__sigla": "LEI", "tipo__descricao": "Lei Ordin\u00e1ria", "texto_integral": "http://sapl.sarandi.pr.leg.br/media/./sapl/public/normajuridica/2010/2530/2530_texto_integral.pdf", "ementa": "Autoriza o Chefe do Poder Executivo Municipal a abrir cr\u00e9dito suplementar especial, na forma que especifica."}, {"id": "2529", "ano": "2010", "numero": "1762", "tipo__sigla": "LEI", "tipo__descricao": "Lei Ordin\u00e1ria", "texto_integral": "http://sapl.sarandi.pr.leg.br/media/./sapl/public/normajuridica/2010/2529/2529_texto_integral.pdf", "ementa": "Altera dispositivos da Lei Municipal n\u00ba 915/2001, que cria o Fundo Rotativo das Escolas Municipais e dos Centros de Educa\u00e7\u00e3o Infantil e d\u00e1 outras provid\u00eancias."}, {"id": "3277", "ano": "2010", "numero": "54", "tipo__sigla": "POR", "tipo__descricao": "Portaria", "texto_integral": "http://sapl.sarandi.pr.leg.br/media/./sapl/public/normajuridica/2010/3277/3277_texto_integral.pdf", "ementa": "EXONERA DR. HUGO T\u00c9TTO J\u00daNIOR, DO CARGO DE PROCURADOR JURIDICO DA C\u00c2MARA MUNICIPAL"}, {"id": "4294", "ano": "2010", "numero": "22", "tipo__sigla": "ELO", "tipo__descricao": "Emenda \u00e0 Lei Org\u00e2nica", "texto_integral": "http://sapl.sarandi.pr.leg.br/media/sapl/public/normajuridica/2010/4294/emenda_no_022-2010.pdf", "ementa": "Altera dispositivo da Lei Org\u00e2nica."}, {"id": "3360", "ano": "2010", "numero": "6", "tipo__sigla": "RES", "tipo__descricao": "Resolu\u00e7\u00e3o", "texto_integral": "http://sapl.sarandi.pr.leg.br/media/./sapl/public/normajuridica/2010/3360/3360_texto_integral.pdf", "ementa": "Altera dispositivos da Resolu\u00e7\u00e3o n\u00ba 002/92, de 04/12/1992, e d\u00e1 outras provid\u00eancias."}, {"id": "2528", "ano": "2010", "numero": "1761", "tipo__sigla": "LEI", "tipo__descricao": "Lei Ordin\u00e1ria", "texto_integral": "http://sapl.sarandi.pr.leg.br/media/./sapl/public/normajuridica/2010/2528/2528_texto_integral.pdf", "ementa": "Disp\u00f5e sobre a retribui\u00e7\u00e3o pecuni\u00e1ria para o servidor detentor de cargo efetivo de m\u00e9dico que passar a atuar como \"M\u00e9dico Plantonista\", no Hospital Municipal e nas Unidades de Sa\u00fade, que funcionem de forma ininterrupta 24 (vinte e quatro) horas."}, {"id": "2527", "ano": "2010", "numero": "1760", "tipo__sigla": "LEI", "tipo__descricao": "Lei Ordin\u00e1ria", "texto_integral": "http://sapl.sarandi.pr.leg.br/media/./sapl/public/normajuridica/2010/2527/2527_texto_integral.pdf", "ementa": "Autoriza o Chefe do Poder Executivo Municipal a abrir cr\u00e9dito adicional suplementar, na forma que especifica."}, {"id": "2526", "ano": "2010", "numero": "1759", "tipo__sigla": "LEI", "tipo__descricao": "Lei Ordin\u00e1ria", "texto_integral": "http://sapl.sarandi.pr.leg.br/media/./sapl/public/normajuridica/2010/2526/2526_texto_integral.pdf", "ementa": "Autoriza o Chefe do Poder Executivo Municipal a abrir cr\u00e9dito adicional especial, na forma que especifica."}, {"id": "2525", "ano": "2010", "numero": "1758", "tipo__sigla": "LEI", "tipo__descricao": "Lei Ordin\u00e1ria", "texto_integral": "http://sapl.sarandi.pr.leg.br/media/./sapl/public/normajuridica/2010/2525/2525_texto_integral.pdf", "ementa": "Autoriza o Chefe do Poder Executivo Municipal a abrir cr\u00e9dito adicional especial, na forma que especifica."}, {"id": "2524", "ano": "2010", "numero": "1757", "tipo__sigla": "LEI", "tipo__descricao": "Lei Ordin\u00e1ria", "texto_integral": "http://sapl.sarandi.pr.leg.br/media/./sapl/public/normajuridica/2010/2524/2524_texto_integral.pdf", "ementa": "Autoriza o Poder Executivo Municipal a firmar conv\u00eanio com o Tribunal de Justi\u00e7a do Estado do Paran\u00e1 e d\u00e1 outras provid\u00eancias."}, {"id": "3273", "ano": "2010", "numero": "53", "tipo__sigla": "POR", "tipo__descricao": "Portaria", "texto_integral": "http://sapl.sarandi.pr.leg.br/media/./sapl/public/normajuridica/2010/3273/3273_texto_integral.pdf", "ementa": "NOMEIA A SENHORA CLARICE LERIANO MALENTAQUI, NO CARGO DE ASSESSOR PARLAMENTAR, NO GABINETE DO VEREADOR APARECIDO BIANCHO"}, {"id": "2523", "ano": "2010", "numero": "1756", "tipo__sigla": "LEI", "tipo__descricao": "Lei Ordin\u00e1ria", "texto_integral": "http://sapl.sarandi.pr.leg.br/media/./sapl/public/normajuridica/2010/2523/2523_texto_integral.pdf", "ementa": "Autoriza o Poder Executivo a contratar financiamento junto ao Banco do Brasil S.A. e d\u00e1 outras provid\u00eancias."}, {"id": "1744", "ano": "2010", "numero": "246", "tipo__sigla": "LC", "tipo__descricao": "Lei Complementar", "texto_integral": "http://sapl.sarandi.pr.leg.br/media/sapl/public/normajuridica/2010/1744/lei_complementar_no_246-2010_sapl.pdf", "ementa": "Altera dispositivos da Lei Complementar n\u00b0 70/2001, de 26/12/2001 \"C\u00f3digo Tribut\u00e1rio Municipal\", na forma que especifica."}, {"id": "2522", "ano": "2010", "numero": "1755", "tipo__sigla": "LEI", "tipo__descricao": "Lei Ordin\u00e1ria", "texto_integral": "http://sapl.sarandi.pr.leg.br/media/./sapl/public/normajuridica/2010/2522/2522_texto_integral.pdf", "ementa": "Autoriza o Chefe do Poder Executivo do Munic\u00edpio de Sarandi a efetuar permuta de im\u00f3veis e d\u00e1 outras provid\u00eancias."}, {"id": "3269", "ano": "2010", "numero": "52", "tipo__sigla": "POR", "tipo__descricao": "Portaria", "texto_integral": "http://sapl.sarandi.pr.leg.br/media/./sapl/public/normajuridica/2010/3269/3269_texto_integral.pdf", "ementa": "NOMEIA O SENHOR NELSON AUGUSTO DE AVELAR, NO CARGO DE ASSESSOR PARLAMENTAR, NO GABINETE DO VEREADOR JO\u00c3O DE LARA VIEIRA"}, {"id": "3265", "ano": "2010", "numero": "51", "tipo__sigla": "POR", "tipo__descricao": "Portaria", "texto_integral": "http://sapl.sarandi.pr.leg.br/media/./sapl/public/normajuridica/2010/3265/3265_texto_integral.pdf", "ementa": "NOMEIA O SENHOR JAIR CARNEIRO, NO CARGO DE ASSESSOR LEGISLATIVO, NO GABINETE DO VEREADOR JOS\u00c9 APARECIDO DA SILVA"}, {"id": "3261", "ano": "2010", "numero": "50", "tipo__sigla": "POR", "tipo__descricao": "Portaria", "texto_integral": "http://sapl.sarandi.pr.leg.br/media/./sapl/public/normajuridica/2010/3261/3261_texto_integral.pdf", "ementa": "EXONERA A SENHORA VIVIANE VERGILIO BATISTA, DO CARGO DE ASSESSOR LEGISLATIVO, DO GABINETE DO VEREADOR JOS\u00c9 APARECIDO DA SILVA"}, {"id": "3257", "ano": "2010", "numero": "49", "tipo__sigla": "POR", "tipo__descricao": "Portaria", "texto_integral": "http://sapl.sarandi.pr.leg.br/media/./sapl/public/normajuridica/2010/3257/3257_texto_integral.pdf", "ementa": "EXONERA O JOVEM UELINTON DIONES SOUZA, DO CARGO DE ASSESSOR PARLAMENTAR, DO GABINETE DO VEREADOR JO\u00c3O DE LARA VIEIRA"}, {"id": "2521", "ano": "2010", "numero": "1754", "tipo__sigla": "LEI", "tipo__descricao": "Lei Ordin\u00e1ria", "texto_integral": "http://sapl.sarandi.pr.leg.br/media/./sapl/public/normajuridica/2010/2521/2521_texto_integral.pdf", "ementa": "Disp\u00f5e sobre a altera\u00e7\u00e3o do Plano de Aplica\u00e7\u00e3o do ECA-Estatuto da Crian\u00e7a e do Adolescente, na forma que especifica."}, {"id": "2520", "ano": "2010", "numero": "1753", "tipo__sigla": "LEI", "tipo__descricao": "Lei Ordin\u00e1ria", "texto_integral": "http://sapl.sarandi.pr.leg.br/media/./sapl/public/normajuridica/2010/2520/2520_texto_integral.pdf", "ementa": "Autoriza o Poder Executivo Municipal a repassar verba para o Cons\u00f3rcio Intermunicipal de Saneamento Ambiental do Paran\u00e1 - CISMAE, na forma que especifica."}, {"id": "2519", "ano": "2010", "numero": "1752", "tipo__sigla": "LEI", "tipo__descricao": "Lei Ordin\u00e1ria", "texto_integral": "http://sapl.sarandi.pr.leg.br/media/./sapl/public/normajuridica/2010/2519/2519_texto_integral.pdf", "ementa": "Autoriza o Poder Executivo Municipal a filiar a Autarquia \u00c1guas de Sarandi - Servi\u00e7o Municipal de Saneamento Ambiental, ao Cons\u00f3rcio Intermunicipal dos Servi\u00e7os de \u00c1gua e Esgoto do Estado do Paran\u00e1 - CISMAE e d\u00e1 outras provid\u00eancias."}, {"id": "2518", "ano": "2010", "numero": "1751", "tipo__sigla": "LEI", "tipo__descricao": "Lei Ordin\u00e1ria", "texto_integral": "http://sapl.sarandi.pr.leg.br/media/./sapl/public/normajuridica/2010/2518/2518_texto_integral.pdf", "ementa": "Disp\u00f5e sobre a explora\u00e7\u00e3o publicit\u00e1ria dos campos, quadras e gin\u00e1sios p\u00fablicos por particulares e d\u00e1 outras provid\u00eancias, na forma que especifica."}, {"id": "2517", "ano": "2010", "numero": "1750", "tipo__sigla": "LEI", "tipo__descricao": "Lei Ordin\u00e1ria", "texto_integral": "http://sapl.sarandi.pr.leg.br/media/./sapl/public/normajuridica/2010/2517/2517_texto_integral.pdf", "ementa": "Disp\u00f5e sobre a divulga\u00e7\u00e3o na p\u00e1gina da Prefeitura Municipal na internet dos medicamentos oferecidos pela Secretaria Municipal da Sa\u00fade."}, {"id": "2516", "ano": "2010", "numero": "1749", "tipo__sigla": "LEI", "tipo__descricao": "Lei Ordin\u00e1ria", "texto_integral": "http://sapl.sarandi.pr.leg.br/media/./sapl/public/normajuridica/2010/2516/2516_texto_integral.pdf", "ementa": "Disp\u00f5e sobre a altera\u00e7\u00e3o da Lei Municipal n\u00ba 887/2000, que trata do Conselho de Alimenta\u00e7\u00e3o Escolar, na forma que especifica."}, {"id": "3254", "ano": "2010", "numero": "48", "tipo__sigla": "POR", "tipo__descricao": "Portaria", "texto_integral": "http://sapl.sarandi.pr.leg.br/media/./sapl/public/normajuridica/2010/3254/3254_texto_integral.pdf", "ementa": "NOMEIA A SENHORA CAMILA SOUZA BUENO DOS SANTOS, PARA O CARGO DE RECEPCIONISTA DA C\u00c2MARA MUNICIPAL DE SARANDI"}, {"id": "2515", "ano": "2010", "numero": "1748", "tipo__sigla": "LEI", "tipo__descricao": "Lei Ordin\u00e1ria", "texto_integral": "http://sapl.sarandi.pr.leg.br/media/./sapl/public/normajuridica/2010/2515/2515_texto_integral.pdf", "ementa": "D\u00e1 denomina\u00e7\u00e3o \u00e0 Rua 12, do Jardim Tropical."}, {"id": "2514", "ano": "2010", "numero": "1747", "tipo__sigla": "LEI", "tipo__descricao": "Lei Ordin\u00e1ria", "texto_integral": "http://sapl.sarandi.pr.leg.br/media/./sapl/public/normajuridica/2010/2514/2514_texto_integral.pdf", "ementa": "D\u00e1 denomina\u00e7\u00e3o \u00e0 Avenida A, no Jardim Ouro Verde II."}, {"id": "2513", "ano": "2010", "numero": "1746", "tipo__sigla": "LEI", "tipo__descricao": "Lei Ordin\u00e1ria", "texto_integral": "http://sapl.sarandi.pr.leg.br/media/./sapl/public/normajuridica/2010/2513/2513_texto_integral.pdf", "ementa": "Autoriza o Chefe do Poder Executivo Municipal a abrir cr\u00e9dito adicional especial, na forma que especifica."}, {"id": "2512", "ano": "2010", "numero": "1745", "tipo__sigla": "LEI", "tipo__descricao": "Lei Ordin\u00e1ria", "texto_integral": "http://sapl.sarandi.pr.leg.br/media/./sapl/public/normajuridica/2010/2512/2512_texto_integral.pdf", "ementa": "Autoriza o Poder Executivo Municipal a firmar conv\u00eanio de parceria com a Sociedade Protetora dos Animais de Paranava\u00ed e d\u00e1 outras provid\u00eancias."}, {"id": "2511", "ano": "2010", "numero": "1744", "tipo__sigla": "LEI", "tipo__descricao": "Lei Ordin\u00e1ria", "texto_integral": "http://sapl.sarandi.pr.leg.br/media/./sapl/public/normajuridica/2010/2511/2511_texto_integral.pdf", "ementa": "Cria o Programa Municipal \"EDUCARTE- Educa\u00e7\u00e3o Atrav\u00e9s da Arte\"."}, {"id": "2501", "ano": "2010", "numero": "1734", "tipo__sigla": "LEI", "tipo__descricao": "Lei Ordin\u00e1ria", "texto_integral": "http://sapl.sarandi.pr.leg.br/media/./sapl/public/normajuridica/2010/2501/2501_texto_integral.pdf", "ementa": "Pro\u00edbe a veicula\u00e7\u00e3o de Propagandas eleitorais em muros."}, {"id": "2510", "ano": "2010", "numero": "1743", "tipo__sigla": "LEI", "tipo__descricao": "Lei Ordin\u00e1ria", "texto_integral": "http://sapl.sarandi.pr.leg.br/media/./sapl/public/normajuridica/2010/2510/2510_texto_integral.pdf", "ementa": "Autoriza o Chefe do Poder Executivo Municipal a abrir cr\u00e9dito adicional especial, na forma que especifica."}, {"id": "2509", "ano": "2010", "numero": "1742", "tipo__sigla": "LEI", "tipo__descricao": "Lei Ordin\u00e1ria", "texto_integral": "http://sapl.sarandi.pr.leg.br/media/./sapl/public/normajuridica/2010/2509/2509_texto_integral.pdf", "ementa": "Fica institu\u00eddo o Programa Escola Aberta para a Cidadania - como pol\u00edtica do munic\u00edpio de Sarandi para a \u00e1rea de educa\u00e7\u00e3o."}, {"id": "2508", "ano": "2010", "numero": "1741", "tipo__sigla": "LEI", "tipo__descricao": "Lei Ordin\u00e1ria", "texto_integral": "http://sapl.sarandi.pr.leg.br/media/./sapl/public/normajuridica/2010/2508/2508_texto_integral.pdf", "ementa": "Disciplina o hor\u00e1rio comercial e de plant\u00e3o dos estabelecimentos de farm\u00e1cias no munic\u00edpio de Sarandi, Estado do Paran\u00e1 e d\u00e1 outras provid\u00eancias."}, {"id": "1743", "ano": "2010", "numero": "245", "tipo__sigla": "LC", "tipo__descricao": "Lei Complementar", "texto_integral": "http://sapl.sarandi.pr.leg.br/media/./sapl/public/normajuridica/2010/1743/1743_texto_integral.pdf", "ementa": "Disp\u00f5e sobre a altera\u00e7\u00e3o da Lei Complementar n\u00ba 70/2001 e d\u00e1 outras provid\u00eancias."}, {"id": "3250", "ano": "2010", "numero": "47", "tipo__sigla": "POR", "tipo__descricao": "Portaria", "texto_integral": "http://sapl.sarandi.pr.leg.br/media/./sapl/public/normajuridica/2010/3250/3250_texto_integral.pdf", "ementa": "NOMEIA A COMISS\u00c3O PERMANENTE DE AVALIA\u00c7\u00c3O"}, {"id": "3246", "ano": "2010", "numero": "46", "tipo__sigla": "POR", "tipo__descricao": "Portaria", "texto_integral": "http://sapl.sarandi.pr.leg.br/media/./sapl/public/normajuridica/2010/3246/3246_texto_integral.pdf", "ementa": "NOMEIA A EMPRESA CAT- CENTRO DE ASSESSORIA E MEDICINA DO TRABALHO LTDA, PARA REALIZAR EXAMES ADMISSIONAL DA APROVADA PARA O CARGO DE RECEPCIONISTA"}, {"id": "2507", "ano": "2010", "numero": "1740", "tipo__sigla": "LEI", "tipo__descricao": "Lei Ordin\u00e1ria", "texto_integral": "http://sapl.sarandi.pr.leg.br/media/./sapl/public/normajuridica/2010/2507/2507_texto_integral.pdf", "ementa": "Disp\u00f5e sobre o Plano de A\u00e7\u00e3o e o Plano de Aplica\u00e7\u00e3o do ECA-Estatuto da Crian\u00e7a e do Adolescente, na forma que especifica."}, {"id": "1571", "ano": "2010", "numero": "7", "tipo__sigla": "DL", "tipo__descricao": "Decreto Legislativo", "texto_integral": "http://sapl.sarandi.pr.leg.br/media/./sapl/public/normajuridica/2010/1571/1571_texto_integral.pdf", "ementa": "Disp\u00f5e sobre aceita\u00e7\u00e3o do \"Veto n\u00ba 4/2010\" aposto \u00e0 Emenda n\u00ba 3/2010, ao Projeto de Lei n\u00ba 1929/2010, da LDO - Lei de Diretrizes Or\u00e7ament\u00e1rias para 2011, do Poder Executivo Municipal."}, {"id": "2506", "ano": "2010", "numero": "1739", "tipo__sigla": "LEI", "tipo__descricao": "Lei Ordin\u00e1ria", "texto_integral": "http://sapl.sarandi.pr.leg.br/media/./sapl/public/normajuridica/2010/2506/2506_texto_integral.pdf", "ementa": "Cria Projeto/Atividade no Or\u00e7amento Geral do Munic\u00edpio, na forma que especifica."}, {"id": "2505", "ano": "2010", "numero": "1738", "tipo__sigla": "LEI", "tipo__descricao": "Lei Ordin\u00e1ria", "texto_integral": "http://sapl.sarandi.pr.leg.br/media/./sapl/public/normajuridica/2010/2505/2505_texto_integral.pdf", "ementa": "Disp\u00f5e sobre autoriza\u00e7\u00e3o ao Chefe do Poder Executivo Municipal para a concess\u00e3o de uso de bens p\u00fablicos, na forma que especifica."}, {"id": "2504", "ano": "2010", "numero": "1737", "tipo__sigla": "LEI", "tipo__descricao": "Lei Ordin\u00e1ria", "texto_integral": "http://sapl.sarandi.pr.leg.br/media/./sapl/public/normajuridica/2010/2504/2504_texto_integral.pdf", "ementa": "Disp\u00f5e sobre a altera\u00e7\u00e3o do Art. 1\u00ba, da Lei Municipal n\u00ba 937/2001, de 08/10/2001, j\u00e1 alterado pelas Leis n\u00bas 954/2001, de 28/11/2001, e '337/2006, de 20/11/2006, na forma que especifica."}, {"id": "2503", "ano": "2010", "numero": "1736", "tipo__sigla": "LEI", "tipo__descricao": "Lei Ordin\u00e1ria", "texto_integral": "http://sapl.sarandi.pr.leg.br/media/./sapl/public/normajuridica/2010/2503/2503_texto_integral.pdf", "ementa": "D\u00e1 denomina\u00e7\u00e3o \u00e0 Avenida \"B\" do Jardim Ouro Verde II."}, {"id": "2502", "ano": "2010", "numero": "1735", "tipo__sigla": "LEI", "tipo__descricao": "Lei Ordin\u00e1ria", "texto_integral": "http://sapl.sarandi.pr.leg.br/media/./sapl/public/normajuridica/2010/2502/2502_texto_integral.pdf", "ementa": "Autoriza o Poder Executivo Municipal a instituir o Programa de Horta Escolar nas escolas municipais de Sarandi, na forma que especifica."}, {"id": "2500", "ano": "2010", "numero": "1733", "tipo__sigla": "LEI", "tipo__descricao": "Lei Ordin\u00e1ria", "texto_integral": "http://sapl.sarandi.pr.leg.br/media/./sapl/public/normajuridica/2010/2500/2500_texto_integral.pdf", "ementa": "Autoriza o Poder Executivo Municipal a instituir o Programa de Horta Escolar nos Centros de Educa\u00e7\u00e3o Infantil de Sarandi, na forma que especifica."}, {"id": "3242", "ano": "2010", "numero": "45", "tipo__sigla": "POR", "tipo__descricao": "Portaria", "texto_integral": "http://sapl.sarandi.pr.leg.br/media/./sapl/public/normajuridica/2010/3242/3242_texto_integral.pdf", "ementa": "NOMEIA A SENHORA CLEONICE DA SILVA DE OLIVEIRA, DO CARGO DE ASSESSOR LEGISLATIVO, CC-3, NO GABINETE DO VEREADOR APARECIDO BIANCHO"}, {"id": "3238", "ano": "2010", "numero": "44", "tipo__sigla": "POR", "tipo__descricao": "Portaria", "texto_integral": "http://sapl.sarandi.pr.leg.br/media/./sapl/public/normajuridica/2010/3238/3238_texto_integral.pdf", "ementa": "EXONERA A SENHORA CLEONICE DA SILVA DE OLIVEIRA, DO CARGO DE ASSESSOR PARLAMENTAR, CC-4, DO GABINETE DO VEREADOR APARECIDO BIANCHO"}, {"id": "2499", "ano": "2010", "numero": "1732", "tipo__sigla": "LEI", "tipo__descricao": "Lei Ordin\u00e1ria", "texto_integral": "http://sapl.sarandi.pr.leg.br/media/./sapl/public/normajuridica/2010/2499/2499_texto_integral.pdf", "ementa": "Autoriza o Chefe do Poder Executivo Municipal a abrir cr\u00e9dito adicional especial, na forma que especifica."}, {"id": "2498", "ano": "2010", "numero": "1731", "tipo__sigla": "LEI", "tipo__descricao": "Lei Ordin\u00e1ria", "texto_integral": "http://sapl.sarandi.pr.leg.br/media/./sapl/public/normajuridica/2010/2498/2498_texto_integral.pdf", "ementa": "Disp\u00f5e sobre a altera\u00e7\u00e3o do feriado de Anivers\u00e1rio do Munic\u00edpio, na forma que especifica."}, {"id": "2497", "ano": "2010", "numero": "1730", "tipo__sigla": "LEI", "tipo__descricao": "Lei Ordin\u00e1ria", "texto_integral": "http://sapl.sarandi.pr.leg.br/media/./sapl/public/normajuridica/2010/2497/2497_texto_integral.pdf", "ementa": "Autoriza o Chefe do Poder Executivo Municipal a abrir cr\u00e9dito adicional suplementar, na forma que especifica."}, {"id": "2496", "ano": "2010", "numero": "1729", "tipo__sigla": "LEI", "tipo__descricao": "Lei Ordin\u00e1ria", "texto_integral": "http://sapl.sarandi.pr.leg.br/media/./sapl/public/normajuridica/2010/2496/2496_texto_integral.pdf", "ementa": "Institui a Semana Municipal de Preven\u00e7\u00e3o de Acidentes de Trabalho."}, {"id": "2495", "ano": "2010", "numero": "1728", "tipo__sigla": "LEI", "tipo__descricao": "Lei Ordin\u00e1ria", "texto_integral": "http://sapl.sarandi.pr.leg.br/media/./sapl/public/normajuridica/2010/2495/2495_texto_integral.pdf", "ementa": "Disp\u00f5e sobre o fornecimento de leite sem lactose para crian\u00e7as carentes, nos termos que especifica."}, {"id": "3358", "ano": "2010", "numero": "5", "tipo__sigla": "RES", "tipo__descricao": "Resolu\u00e7\u00e3o", "texto_integral": "http://sapl.sarandi.pr.leg.br/media/./sapl/public/normajuridica/2010/3358/3358_texto_integral.pdf", "ementa": "Define o hor\u00e1rio de expediente da C\u00e2mara Municipal de Sarandi, e d\u00e1 outras provid\u00eancias."}, {"id": "1742", "ano": "2010", "numero": "244", "tipo__sigla": "LC", "tipo__descricao": "Lei Complementar", "texto_integral": "http://sapl.sarandi.pr.leg.br/media/./sapl/public/normajuridica/2010/1742/1742_texto_integral.pdf", "ementa": "Altera o artigo 25 e acrescenta os par\u00e1grafos primeiro e segundo, da Lei Complementar n\u00ba 10/92, de 27/12/1992 - \"Estatuto dos Servidores P\u00fablicos do Munic\u00edpio de Sarandi\"."}, {"id": "3234", "ano": "2010", "numero": "43", "tipo__sigla": "POR", "tipo__descricao": "Portaria", "texto_integral": "http://sapl.sarandi.pr.leg.br/media/./sapl/public/normajuridica/2010/3234/3234_texto_integral.pdf", "ementa": "APOSENTA O SERVIDOR ALCIDES GINO DOS SANTOS, NO CARGO DE T\u00c9CNICO LEGISLATIVO, EM DATA DE 30 DE JULHO DE 2010"}, {"id": "3229", "ano": "2010", "numero": "42", "tipo__sigla": "POR", "tipo__descricao": "Portaria", "texto_integral": "http://sapl.sarandi.pr.leg.br/media/./sapl/public/normajuridica/2010/3229/3229_texto_integral.pdf", "ementa": "NOMEIA NOVO MEMBRO PARA A COMISS\u00c3O DE LICITA\u00c7\u00c3O, EDITE NUNES DA SILVA, PARA O T\u00c9RMINO DE 2010"}, {"id": "3224", "ano": "2010", "numero": "41", "tipo__sigla": "POR", "tipo__descricao": "Portaria", "texto_integral": "http://sapl.sarandi.pr.leg.br/media/./sapl/public/normajuridica/2010/3224/3224_texto_integral.pdf", "ementa": "NOMEIA A DOUTORA LUCIENE ASSONI TIMBO DE SOUZA, PARA RESPONDER INTEIRAMENTE PELO CONTROLE INTERNO DA C\u00c2MARA, DE 19 DE JULHO A 18 DE OUTUBRO DE 2010"}, {"id": "3218", "ano": "2010", "numero": "40", "tipo__sigla": "POR", "tipo__descricao": "Portaria", "texto_integral": "http://sapl.sarandi.pr.leg.br/media/./sapl/public/normajuridica/2010/3218/3218_texto_integral.pdf", "ementa": "NOMEIA ANGELA ALVES DE ALMEIDA, PARA O CARGO DE TELEFONISTA 2\u00aa COLOCADA DA C\u00c2MARA MUNICIPAL"}, {"id": "3213", "ano": "2010", "numero": "39", "tipo__sigla": "POR", "tipo__descricao": "Portaria", "texto_integral": "http://sapl.sarandi.pr.leg.br/media/./sapl/public/normajuridica/2010/3213/3213_texto_integral.pdf", "ementa": "CONCEDE LICEN\u00c7A ESPECIAL A SERVIDORA CLEONICE IZIDIO DE AZEVEDO, OCUPANTE DO CARGO DE ASSISTENTE ADMINISTRATIVO"}, {"id": "2494", "ano": "2010", "numero": "1727", "tipo__sigla": "LEI", "tipo__descricao": "Lei Ordin\u00e1ria", "texto_integral": "http://sapl.sarandi.pr.leg.br/media/./sapl/public/normajuridica/2010/2494/2494_texto_integral.pdf", "ementa": "Disp\u00f5e sobre as Diretrizes para elabora\u00e7\u00e3o da Lei Or\u00e7ament\u00e1ria para o exerc\u00edcio de 2011, e da outras provid\u00eancias."}, {"id": "3208", "ano": "2010", "numero": "38", "tipo__sigla": "POR", "tipo__descricao": "Portaria", "texto_integral": "http://sapl.sarandi.pr.leg.br/media/./sapl/public/normajuridica/2010/3208/3208_texto_integral.pdf", "ementa": "NOMEIA A EMPRESA DE ASSESSORIA E MEDICINA DO TRABALHO, PARA REALIZAR EXAMES FISICO E MENTAL EM ANGELA ALVES DE ALMEIDA 2\u00aa COLOCADA EM CONCURSO P\u00daBLICO PARA O CARGO DE TELEFONISTA"}, {"id": "4607", "ano": "2010", "numero": "37", "tipo__sigla": "POR", "tipo__descricao": "Portaria", "texto_integral": "http://sapl.sarandi.pr.leg.br/media/sapl/public/normajuridica/2010/4607/portaria_n_0037-2010.pdf", "ementa": "Em virtude de Licen\u00e7a do Vereador LUIZ CARLOS DE AGUIAR, ocorrido em 12 de mar\u00e7o de 2010, alterar a composi\u00e7\u00e3o dos membros da Comiss\u00e3o Especial de Recebimento e Avalia\u00e7\u00e3o de Bens Patrimoniais da C\u00e2mara Municipal de Sarandi."}, {"id": "3198", "ano": "2010", "numero": "36", "tipo__sigla": "POR", "tipo__descricao": "Portaria", "texto_integral": "http://sapl.sarandi.pr.leg.br/media/./sapl/public/normajuridica/2010/3198/3198_texto_integral.pdf", "ementa": "NOMEIA JUVENIL ANTONIO DE SOUZA, PARA O CARGO DE ASSESSOR PARLAMENTAR, NO GABINETE DO VEREADOR JOS\u00c9 ROBERTO GRAVA"}, {"id": "3191", "ano": "2010", "numero": "35", "tipo__sigla": "POR", "tipo__descricao": "Portaria", "texto_integral": "http://sapl.sarandi.pr.leg.br/media/./sapl/public/normajuridica/2010/3191/3191_texto_integral.pdf", "ementa": "NOMEIA GILBERTO MESSIAS DE PINAS, PARA O CARGO DE ASSESSOR LEGISLATIVO, NO GABINETE DO VEREADOR JOS\u00c9 ROBERTO GRAVA"}, {"id": "3184", "ano": "2010", "numero": "34", "tipo__sigla": "POR", "tipo__descricao": "Portaria", "texto_integral": "http://sapl.sarandi.pr.leg.br/media/./sapl/public/normajuridica/2010/3184/3184_texto_integral.pdf", "ementa": "NOMEIA A SENHORA VIVIANE VERGILIO BATISTA, PARA O CARGO DE ASSESSOR LEGISLATIVO, NO GABINETE DO VEREADOR JOS\u00c9 APARECIDO DA SILVA"}, {"id": "3177", "ano": "2010", "numero": "33", "tipo__sigla": "POR", "tipo__descricao": "Portaria", "texto_integral": "http://sapl.sarandi.pr.leg.br/media/./sapl/public/normajuridica/2010/3177/3177_texto_integral.pdf", "ementa": "NOMEIA A EMPRESA DE ASSESSORIA E MEDICINA DO TRABALHO, PARA REALIZAR EXAMES FISICO E MENTAL EM ANGELA ALVES DE ALMEIDA, 2\u00aa COLOCADA EM CONCURSO P\u00daBLICO PARA O CARGO DE TELEFONISTA"}, {"id": "2493", "ano": "2010", "numero": "1726", "tipo__sigla": "LEI", "tipo__descricao": "Lei Ordin\u00e1ria", "texto_integral": "http://sapl.sarandi.pr.leg.br/media/./sapl/public/normajuridica/2010/2493/2493_texto_integral.pdf", "ementa": "Cria o programa municipal de reabilita\u00e7\u00e3o da pessoa com defici\u00eancia f\u00edsica no munic\u00edpio de Sarandi."}, {"id": "3169", "ano": "2010", "numero": "32", "tipo__sigla": "POR", "tipo__descricao": "Portaria", "texto_integral": "http://sapl.sarandi.pr.leg.br/media/./sapl/public/normajuridica/2010/3169/3169_texto_integral.pdf", "ementa": "PRORROGA POR MAIS 02 ANOS O CONCURSO P\u00daBLICO ABERTO PELO EDITAL N\u00b0001/2008, DE 20/02/2008"}, {"id": "3161", "ano": "2010", "numero": "31", "tipo__sigla": "POR", "tipo__descricao": "Portaria", "texto_integral": "http://sapl.sarandi.pr.leg.br/media/./sapl/public/normajuridica/2010/3161/3161_texto_integral.pdf", "ementa": "EXONERA O SENHOR JAIR CARNEIRO, DO CARGO DE ASSESSOR LEGISLATIVO, NO GABINETE DO VEREADOR JOS\u00c9 APARECIDO DA SILVA"}, {"id": "3153", "ano": "2010", "numero": "30", "tipo__sigla": "POR", "tipo__descricao": "Portaria", "texto_integral": "http://sapl.sarandi.pr.leg.br/media/./sapl/public/normajuridica/2010/3153/3153_texto_integral.pdf", "ementa": "EXONERA O SENHOR JUVENIL ANTONIO DE SOUZA, DO CARGO DE ASSESSOR LEGISLATIVO, NO GABINETE DO VEREADOR JOS\u00c9 ROBERTO GRAVA"}, {"id": "3144", "ano": "2010", "numero": "29", "tipo__sigla": "POR", "tipo__descricao": "Portaria", "texto_integral": "http://sapl.sarandi.pr.leg.br/media/./sapl/public/normajuridica/2010/3144/3144_texto_integral.pdf", "ementa": "EXONERA O SENHOR GILBERTO MESSIAS DE PINAS, DO CARGO DE ASSESSOR PARLAMENTAR, NO GABINETE DO VEREADOR JOS\u00c9 ROBERTO GRAVA"}, {"id": "3135", "ano": "2010", "numero": "28", "tipo__sigla": "POR", "tipo__descricao": "Portaria", "texto_integral": "http://sapl.sarandi.pr.leg.br/media/./sapl/public/normajuridica/2010/3135/3135_texto_integral.pdf", "ementa": "EXONERA O SENHOR JORGE LUIZ BENTO, DO CARGO DE ASSESSOR LEGISLATIVO, NO GABINETE DO VEREADOR APARECIDO BIANCHO"}, {"id": "2492", "ano": "2010", "numero": "1725", "tipo__sigla": "LEI", "tipo__descricao": "Lei Ordin\u00e1ria", "texto_integral": "http://sapl.sarandi.pr.leg.br/media/./sapl/public/normajuridica/2010/2492/2492_texto_integral.pdf", "ementa": "Institui a inclus\u00e3o de medidas de conscientiza\u00e7\u00e3o, preven\u00e7\u00e3o e combate ao bullying escolar no projeto pedag\u00f3gico elaborado pelas escolas p\u00fablicas de educa\u00e7\u00e3o b\u00e1sica do munic\u00edpio de Sarandi, e d\u00e1 outras provid\u00eancias."}, {"id": "2491", "ano": "2010", "numero": "1724", "tipo__sigla": "LEI", "tipo__descricao": "Lei Ordin\u00e1ria", "texto_integral": "http://sapl.sarandi.pr.leg.br/media/./sapl/public/normajuridica/2010/2491/2491_texto_integral.pdf", "ementa": "Cria a Banda Musical Municipal de Sarandi/PR e d\u00e1 outras provid\u00eancias."}, {"id": "3355", "ano": "2010", "numero": "4", "tipo__sigla": "RES", "tipo__descricao": "Resolu\u00e7\u00e3o", "texto_integral": "http://sapl.sarandi.pr.leg.br/media/./sapl/public/normajuridica/2010/3355/3355_texto_integral.pdf", "ementa": "Regulamenta o Aux\u00edlio Alimenta\u00e7\u00e3o no \u00e2mbito do Poder Legislativo Municipal de Sarandi e d\u00e1 outras provid\u00eancias."}, {"id": "2490", "ano": "2010", "numero": "1723", "tipo__sigla": "LEI", "tipo__descricao": "Lei Ordin\u00e1ria", "texto_integral": "http://sapl.sarandi.pr.leg.br/media/./sapl/public/normajuridica/2010/2490/2490_texto_integral.pdf", "ementa": "Cria Parque Ecol\u00f3gico/Florestal no munic\u00edpio, na forma que especifica."}, {"id": "1741", "ano": "2010", "numero": "243", "tipo__sigla": "LC", "tipo__descricao": "Lei Complementar", "texto_integral": "http://sapl.sarandi.pr.leg.br/media/./sapl/public/normajuridica/2010/1741/1741_texto_integral.pdf", "ementa": "Cria cargo de provimento efetivo, vagas e d\u00e1 outras provid\u00eancias."}, {"id": "2489", "ano": "2010", "numero": "1722", "tipo__sigla": "LEI", "tipo__descricao": "Lei Ordin\u00e1ria", "texto_integral": "http://sapl.sarandi.pr.leg.br/media/./sapl/public/normajuridica/2010/2489/2489_texto_integral.pdf", "ementa": "Promove altera\u00e7\u00f5es na Lei Municipal n\u00ba 1244.2005, de 15.12.2005. Disp\u00f5e sobre a cria\u00e7\u00e3o do Conselho Municipal dos Direitos da Pessoa com Defici\u00eancia e d\u00e1 outras provid\u00eancias."}, {"id": "2488", "ano": "2010", "numero": "1721", "tipo__sigla": "LEI", "tipo__descricao": "Lei Ordin\u00e1ria", "texto_integral": "http://sapl.sarandi.pr.leg.br/media/./sapl/public/normajuridica/2010/2488/2488_texto_integral.pdf", "ementa": "Institui o Dia da Promo\u00e7\u00e3o da Sa\u00fade do Servidor P\u00fablico Municipal."}, {"id": "3126", "ano": "2010", "numero": "27", "tipo__sigla": "POR", "tipo__descricao": "Portaria", "texto_integral": "http://sapl.sarandi.pr.leg.br/media/./sapl/public/normajuridica/2010/3126/3126_texto_integral.pdf", "ementa": "CONCEDE REPOSI\u00c7\u00c3O SALARIAL DE 5, 49, AOS SERVIDORES P\u00daBLICOS DESTE PODER"}, {"id": "2487", "ano": "2010", "numero": "1720", "tipo__sigla": "LEI", "tipo__descricao": "Lei Ordin\u00e1ria", "texto_integral": "http://sapl.sarandi.pr.leg.br/media/./sapl/public/normajuridica/2010/2487/2487_texto_integral.pdf", "ementa": "Autoriza o Chefe do Poder Executivo Municipal a conceder reposi\u00e7\u00e3o salarial, na forma que especifica."}, {"id": "3117", "ano": "2010", "numero": "26", "tipo__sigla": "POR", "tipo__descricao": "Portaria", "texto_integral": "http://sapl.sarandi.pr.leg.br/media/./sapl/public/normajuridica/2010/3117/3117_texto_integral.pdf", "ementa": "NOMEIA A SENHORA CLEONICE DA SILVA DE OLIVEIRA, COMO ASSESSOR PARLAMENTAR NO GABINETE DE VEREADOR APARECIDO BIANCHO"}, {"id": "3108", "ano": "2010", "numero": "25", "tipo__sigla": "POR", "tipo__descricao": "Portaria", "texto_integral": "http://sapl.sarandi.pr.leg.br/media/./sapl/public/normajuridica/2010/3108/3108_texto_integral.pdf", "ementa": "NOMEIA A SENHORITA MARIA CICERA DE OLIVEIRA, COMO ASSESSOR PARLAMENTAR NO GABINETE DO VEREADOR REGINALDO ALVES DOS SANTOS"}, {"id": "2486", "ano": "2010", "numero": "1719", "tipo__sigla": "LEI", "tipo__descricao": "Lei Ordin\u00e1ria", "texto_integral": "http://sapl.sarandi.pr.leg.br/media/./sapl/public/normajuridica/2010/2486/2486_texto_integral.pdf", "ementa": "Disp\u00f5e sobre a proibi\u00e7\u00e3o de queimadas no munic\u00edpio, estabelece penalidades e d\u00e1 outras provid\u00eancias."}, {"id": "3099", "ano": "2010", "numero": "24", "tipo__sigla": "POR", "tipo__descricao": "Portaria", "texto_integral": "http://sapl.sarandi.pr.leg.br/media/./sapl/public/normajuridica/2010/3099/3099_texto_integral.pdf", "ementa": "CONCEDE PROGRESS\u00c3O FUNCIONAL AO SERVIDOR FRANCISCO ADALBERTO DE SOUZA"}, {"id": "2485", "ano": "2010", "numero": "1718", "tipo__sigla": "LEI", "tipo__descricao": "Lei Ordin\u00e1ria", "texto_integral": "http://sapl.sarandi.pr.leg.br/media/./sapl/public/normajuridica/2010/2485/2485_texto_integral.pdf", "ementa": "Autoriza o Chefe do Poder Executivo Municipal a abrir cr\u00e9dito adicional suplementar, na forma que especifica."}, {"id": "2484", "ano": "2010", "numero": "1717", "tipo__sigla": "LEI", "tipo__descricao": "Lei Ordin\u00e1ria", "texto_integral": "http://sapl.sarandi.pr.leg.br/media/./sapl/public/normajuridica/2010/2484/2484_texto_integral.pdf", "ementa": "Disp\u00f5e sobre a planta\u00e7\u00e3o de orqu\u00eddeas em \u00e1rvores em logradouros no munic\u00edpio, e d\u00e1 outras provid\u00eancias."}, {"id": "3090", "ano": "2010", "numero": "23", "tipo__sigla": "POR", "tipo__descricao": "Portaria", "texto_integral": "http://sapl.sarandi.pr.leg.br/media/./sapl/public/normajuridica/2010/3090/3090_texto_integral.pdf", "ementa": "NOMEIA ASSESSOR PARLAMENTAR RODRIGO HIGUTI DEL NERO NO GABINETE DO VEREADOR EUNILDO ZANCHIM"}, {"id": "3080", "ano": "2010", "numero": "22", "tipo__sigla": "POR", "tipo__descricao": "Portaria", "texto_integral": "http://sapl.sarandi.pr.leg.br/media/./sapl/public/normajuridica/2010/3080/3080_texto_integral.pdf", "ementa": "EXONERA ASSESSOR PARLAMENTAR NILSON DA LUZ DO NASCIMENTO DO GABINETE DO VEREADOR APARECIDO BIANCHO"}, {"id": "3070", "ano": "2010", "numero": "21", "tipo__sigla": "POR", "tipo__descricao": "Portaria", "texto_integral": "http://sapl.sarandi.pr.leg.br/media/./sapl/public/normajuridica/2010/3070/3070_texto_integral.pdf", "ementa": "NOMEIA A SENHORA ANTONIA BRAZ DA SILVA, PARA EXERCER AS FUN\u00c7\u00d5ES DE ASSESSOR PARLAMENTAR, SIMBOLO CC-4, NO GABINETE DO VEREADOR AILTON RIBEIRO MACHADO"}, {"id": "3060", "ano": "2010", "numero": "20", "tipo__sigla": "POR", "tipo__descricao": "Portaria", "texto_integral": "http://sapl.sarandi.pr.leg.br/media/./sapl/public/normajuridica/2010/3060/3060_texto_integral.pdf", "ementa": "NOMEIA A SENHORA MATILDE FUSCO DO EGIPTO DUARTE, PARA EXERCER AS FUN\u00c7\u00d5ES DE ASSESSOR LEGISLATIVO, SIMBOLO CC-3, NO GABINETE DO VEREADOR AILTON RIBEIRO MACHADO"}, {"id": "1566", "ano": "2010", "numero": "6", "tipo__sigla": "DL", "tipo__descricao": "Decreto Legislativo", "texto_integral": "http://sapl.sarandi.pr.leg.br/media/./sapl/public/normajuridica/2010/1566/1566_texto_integral.pdf", "ementa": "Aprova as contas do Poder Executivo, relativas ao exerc\u00edcio financeiro de 2008."}, {"id": "3050", "ano": "2010", "numero": "19", "tipo__sigla": "POR", "tipo__descricao": "Portaria", "texto_integral": "http://sapl.sarandi.pr.leg.br/media/./sapl/public/normajuridica/2010/3050/3050_texto_integral.pdf", "ementa": "PROCEDE A SUBSTITUI\u00c7\u00c3O DE MEMBRO DAS COMISS\u00d5ES DE OR\u00c7AMENTO E FINAN\u00c7AS E EDUCA\u00c7\u00c3O, SA\u00daDE E ASSIST\u00caNCIA"}, {"id": "1740", "ano": "2010", "numero": "242", "tipo__sigla": "LC", "tipo__descricao": "Lei Complementar", "texto_integral": "http://sapl.sarandi.pr.leg.br/media/./sapl/public/normajuridica/2010/1740/1740_texto_integral.pdf", "ementa": "Cria a Coordenadoria do Parque Motorizado do Munic\u00edpio de Sarandi e d\u00e1 outras provid\u00eancias."}, {"id": "1739", "ano": "2010", "numero": "241", "tipo__sigla": "LC", "tipo__descricao": "Lei Complementar", "texto_integral": "http://sapl.sarandi.pr.leg.br/media/./sapl/public/normajuridica/2010/1739/1739_texto_integral.pdf", "ementa": "Disp\u00f5e sobre altera\u00e7\u00e3o nas Leis Complementares n\u00ba 148/06 e 229/09, na forma que especifica."}, {"id": "1738", "ano": "2010", "numero": "240", "tipo__sigla": "LC", "tipo__descricao": "Lei Complementar", "texto_integral": "http://sapl.sarandi.pr.leg.br/media/./sapl/public/normajuridica/2010/1738/1738_texto_integral.pdf", "ementa": "Promove altera\u00e7\u00e3o na Lei n\u00ba 1279/2006 e nas Leis Complementares n\u00ba 140/2006 e 226/2009, que tratam da cria\u00e7\u00e3o e da estrutura administrativa da Autarquia \u00c1guas de Sarandi - Servi\u00e7o Municipal de Saneamento Ambiental."}, {"id": "1737", "ano": "2010", "numero": "239", "tipo__sigla": "LC", "tipo__descricao": "Lei Complementar", "texto_integral": "http://sapl.sarandi.pr.leg.br/media/./sapl/public/normajuridica/2010/1737/1737_texto_integral.pdf", "ementa": "Disp\u00f5e sobre altera\u00e7\u00e3o na Lei Complementar n\u00ba 115/05, na forma que especifica."}, {"id": "1736", "ano": "2010", "numero": "238", "tipo__sigla": "LC", "tipo__descricao": "Lei Complementar", "texto_integral": "http://sapl.sarandi.pr.leg.br/media/./sapl/public/normajuridica/2010/1736/1736_texto_integral.pdf", "ementa": "Altera dispositivos da Lei Complementar n\u00ba 88/03, de 23/6/2003 e d\u00e1 outras provid\u00eancias."}, {"id": "3351", "ano": "2010", "numero": "3", "tipo__sigla": "RES", "tipo__descricao": "Resolu\u00e7\u00e3o", "texto_integral": "http://sapl.sarandi.pr.leg.br/media/./sapl/public/normajuridica/2010/3351/3351_texto_integral.pdf", "ementa": "Altera dispositivos da Resolu\u00e7\u00e3o n\u00ba 001/08, de 04/04/2008, e d\u00e1 outras provid\u00eancias."}, {"id": "3344", "ano": "2010", "numero": "2", "tipo__sigla": "RES", "tipo__descricao": "Resolu\u00e7\u00e3o", "texto_integral": "http://sapl.sarandi.pr.leg.br/media/./sapl/public/normajuridica/2010/3344/3344_texto_integral.pdf", "ementa": "Revoga o Anexo I da Resolu\u00e7\u00e3o n\u00ba 004/94, de 29/12/1994, e d\u00e1 outras provid\u00eancias."}, {"id": "1561", "ano": "2010", "numero": "5", "tipo__sigla": "DL", "tipo__descricao": "Decreto Legislativo", "texto_integral": "http://sapl.sarandi.pr.leg.br/media/./sapl/public/normajuridica/2010/1561/1561_texto_integral.pdf", "ementa": "Disp\u00f5e sobre aceita\u00e7\u00e3o do \"Veto n\u00ba 3/2010\" aposto \u00e0 Lei Complementar n\u00ba 237/2010, de autoria do Poder Executivo Municipal, a qual trata da fixa\u00e7\u00e3o dos vencimentos do cargo de Superintendente do PRESERV."}, {"id": "1554", "ano": "2010", "numero": "4", "tipo__sigla": "DL", "tipo__descricao": "Decreto Legislativo", "texto_integral": "http://sapl.sarandi.pr.leg.br/media/./sapl/public/normajuridica/2010/1554/1554_texto_integral.pdf", "ementa": "Disp\u00f5e sobre aceita\u00e7\u00e3o do \"Veto n\u00ba 2/2010\" aposto \u00e0 Lei Complementar n\u00ba 236/2010, de autoria do Poder Executivo Municipal, a qual trata da fixa\u00e7\u00e3o dos vencimentos do cargo de Superintendente da Autarquia \u00c1guas de Sarandi - Servi\u00e7o Municipal de Saneamento Ambiental."}, {"id": "1546", "ano": "2010", "numero": "3", "tipo__sigla": "DL", "tipo__descricao": "Decreto Legislativo", "texto_integral": "http://sapl.sarandi.pr.leg.br/media/./sapl/public/normajuridica/2010/1546/1546_texto_integral.pdf", "ementa": "Disp\u00f5e sobre aceita\u00e7\u00e3o do \"Veto n\u00ba 1/2010\" aposto \u00e0 Lei Complementar n\u00ba 235/2010, de autoria do Poder Executivo Municipal, a qual trata da fixa\u00e7\u00e3o dos vencimentos dos cargos de Chefe de Gabinete e Procurador Jur\u00eddico da Prefeitura Municipal."}, {"id": "3041", "ano": "2010", "numero": "18", "tipo__sigla": "POR", "tipo__descricao": "Portaria", "texto_integral": "http://sapl.sarandi.pr.leg.br/media/./sapl/public/normajuridica/2010/3041/3041_texto_integral.pdf", "ementa": "NOMEIA O SENHOR ALCIDES FRANCISCO DE SOUZA, DO CARGO DE ASSESSOR LEGISLATIVO"}, {"id": "3031", "ano": "2010", "numero": "17", "tipo__sigla": "POR", "tipo__descricao": "Portaria", "texto_integral": "http://sapl.sarandi.pr.leg.br/media/./sapl/public/normajuridica/2010/3031/3031_texto_integral.pdf", "ementa": "NOMEIA O SENHOR JUVENIL ANTONIO DE SOUZA, DO CARGO DE ASSESSOR LEGISLATIVO"}, {"id": "2483", "ano": "2010", "numero": "1716", "tipo__sigla": "LEI", "tipo__descricao": "Lei Ordin\u00e1ria", "texto_integral": "http://sapl.sarandi.pr.leg.br/media/./sapl/public/normajuridica/2010/2483/2483_texto_integral.pdf", "ementa": "Autoriza o Chefe do Poder Executivo Municipal a abrir cr\u00e9dito adicional especial, na forma que especifica."}, {"id": "1735", "ano": "2010", "numero": "237", "tipo__sigla": "LC", "tipo__descricao": "Lei Complementar", "texto_integral": "http://sapl.sarandi.pr.leg.br/media/sapl/public/normajuridica/2010/1735/05-2010.pdf", "ementa": "Disp\u00f5e sobre altera\u00e7\u00e3o nas Leis Complementares n\u00ba 148/06 e 229/09, na forma que especifica."}, {"id": "1734", "ano": "2010", "numero": "236", "tipo__sigla": "LC", "tipo__descricao": "Lei Complementar", "texto_integral": "http://sapl.sarandi.pr.leg.br/media/sapl/public/normajuridica/2010/1734/04-2010.pdf", "ementa": "Promove altera\u00e7\u00e3o na Lei n\u00ba 1279/2006, e nas Leis Complementares n\u00ba 140/2006 e 226/2009, que tratam da cria\u00e7\u00e3o e da estrutura administrativa da Autarquia \u00c1guas de Sarandi - Servi\u00e7o Municipal de Saneamento Ambiental."}, {"id": "1733", "ano": "2010", "numero": "235", "tipo__sigla": "LC", "tipo__descricao": "Lei Complementar", "texto_integral": "http://sapl.sarandi.pr.leg.br/media/sapl/public/normajuridica/2010/1733/03-2010.pdf", "ementa": "Disp\u00f5e sobre altera\u00e7\u00e3o na Lei Complementar n\u00ba 115/05, na forma que especifica."}, {"id": "2482", "ano": "2010", "numero": "1715", "tipo__sigla": "LEI", "tipo__descricao": "Lei Ordin\u00e1ria", "texto_integral": "http://sapl.sarandi.pr.leg.br/media/./sapl/public/normajuridica/2010/2482/2482_texto_integral.pdf", "ementa": "Transforma em m\u00e3o \u00fanica a Rua 02, no Jardim Nova Independ\u00eancia."}, {"id": "3021", "ano": "2010", "numero": "16", "tipo__sigla": "POR", "tipo__descricao": "Portaria", "texto_integral": "http://sapl.sarandi.pr.leg.br/media/./sapl/public/normajuridica/2010/3021/3021_texto_integral.pdf", "ementa": "EXONERA O SENHOR CLAUDINEI DE SOUZA, DO CARGO DE ASSESSOR LEGISLATIVO"}, {"id": "3010", "ano": "2010", "numero": "15", "tipo__sigla": "POR", "tipo__descricao": "Portaria", "texto_integral": "http://sapl.sarandi.pr.leg.br/media/./sapl/public/normajuridica/2010/3010/3010_texto_integral.pdf", "ementa": "EXONERA O SENHOR NELSON DOMINGOS, DO CARGO DE ASSESSOR LEGISLATIVO"}, {"id": "2999", "ano": "2010", "numero": "14", "tipo__sigla": "POR", "tipo__descricao": "Portaria", "texto_integral": "http://sapl.sarandi.pr.leg.br/media/./sapl/public/normajuridica/2010/2999/2999_texto_integral.pdf", "ementa": "CONCEDE APOSENTADORIA POR IDADE, A SERVIDORA A SENHORA MARIA LOPES DOS SANTOS SOARES, EM DATA DE 31 DE MAR\u00c7O DE 2010, NO CARGO DE AUXILIAR DE SERVI\u00c7OS GERAIS"}, {"id": "2988", "ano": "2010", "numero": "13", "tipo__sigla": "POR", "tipo__descricao": "Portaria", "texto_integral": "http://sapl.sarandi.pr.leg.br/media/./sapl/public/normajuridica/2010/2988/2988_texto_integral.pdf", "ementa": "EXONERA A SENHORA MARIA CICERA DE OLIVEIRA, DO CARGO DE ASSESSOR PARLAMENTAR"}, {"id": "2481", "ano": "2010", "numero": "1714", "tipo__sigla": "LEI", "tipo__descricao": "Lei Ordin\u00e1ria", "texto_integral": "http://sapl.sarandi.pr.leg.br/media/./sapl/public/normajuridica/2010/2481/2481_texto_integral.pdf", "ementa": "Autoriza o Chefe do Poder Executivo Municipal a abrir cr\u00e9dito adicional especial, na forma que especifica."}, {"id": "1732", "ano": "2010", "numero": "234", "tipo__sigla": "LC", "tipo__descricao": "Lei Complementar", "texto_integral": "http://sapl.sarandi.pr.leg.br/media/./sapl/public/normajuridica/2010/1732/1732_texto_integral.pdf", "ementa": "D\u00e1 nova reda\u00e7\u00e3o aos par\u00e1grafos 1\u00ba e 4\u00ba do artigo 1\u00ba da Lei Complementar n\u00ba 88/2003, e d\u00e1 outras provid\u00eancias."}, {"id": "4293", "ano": "2010", "numero": "21", "tipo__sigla": "ELO", "tipo__descricao": "Emenda \u00e0 Lei Org\u00e2nica", "texto_integral": "http://sapl.sarandi.pr.leg.br/media/sapl/public/normajuridica/2010/4293/emenda_no_021-2010.pdf", "ementa": "Altera o inciso II, do artigo n\u00ba 62, da Lei Org\u00e2nica do Munic\u00edpio de Sarandi."}, {"id": "2976", "ano": "2010", "numero": "12", "tipo__sigla": "POR", "tipo__descricao": "Portaria", "texto_integral": "http://sapl.sarandi.pr.leg.br/media/./sapl/public/normajuridica/2010/2976/2976_texto_integral.pdf", "ementa": "CONCEDE PROGRESS\u00c3O FUNCIONAL AS SERVIDORAS EDITE NUNES DA SILVA E MARIA APARECIDA DA SOLIDADE"}, {"id": "2964", "ano": "2010", "numero": "11", "tipo__sigla": "POR", "tipo__descricao": "Portaria", "texto_integral": "http://sapl.sarandi.pr.leg.br/media/./sapl/public/normajuridica/2010/2964/2964_texto_integral.pdf", "ementa": "CONCEDE PROGRESS\u00c3O FUNCIONAL A SERVIDORA M\u00d4NICA CRISTINA GONZALVES"}, {"id": "2952", "ano": "2010", "numero": "10", "tipo__sigla": "POR", "tipo__descricao": "Portaria", "texto_integral": "http://sapl.sarandi.pr.leg.br/media/./sapl/public/normajuridica/2010/2952/2952_texto_integral.pdf", "ementa": "NOMEIA SENHOR DAVID CEZAR DO CARMO, PARA O CARGO DE ASSESSOR LEGISLATIVO"}, {"id": "2940", "ano": "2010", "numero": "9", "tipo__sigla": "POR", "tipo__descricao": "Portaria", "texto_integral": "http://sapl.sarandi.pr.leg.br/media/./sapl/public/normajuridica/2010/2940/2940_texto_integral.pdf", "ementa": "EXONERO O SENHOR DAVID CEZAR DO CARMO, DO CARGO DE ASSESSOR PARLAMENTAR"}, {"id": "2928", "ano": "2010", "numero": "8", "tipo__sigla": "POR", "tipo__descricao": "Portaria", "texto_integral": "http://sapl.sarandi.pr.leg.br/media/./sapl/public/normajuridica/2010/2928/2928_texto_integral.pdf", "ementa": "EXONERA O SENHOR ANTONIO DEL NERO, DO CARGO DE ASSESSOR LEGISLATIVO"}, {"id": "1535", "ano": "2010", "numero": "2", "tipo__sigla": "DL", "tipo__descricao": "Decreto Legislativo", "texto_integral": "http://sapl.sarandi.pr.leg.br/media/./sapl/public/normajuridica/2010/1535/1535_texto_integral.pdf", "ementa": "Disp\u00f5e sobre a Cassa\u00e7\u00e3o de Mandato do Prefeito por incorrer em infra\u00e7\u00f5es pol\u00edtico-administrativas."}, {"id": "2480", "ano": "2010", "numero": "1713", "tipo__sigla": "LEI", "tipo__descricao": "Lei Ordin\u00e1ria", "texto_integral": "http://sapl.sarandi.pr.leg.br/media/./sapl/public/normajuridica/2010/2480/2480_texto_integral.pdf", "ementa": "Autoriza o Chefe do Poder Executivo Municipal a fixar piso m\u00ednimo de vencimentos dos Servidores P\u00fablicos Municipais de Sarandi e d\u00e1 outras provid\u00eancias."}, {"id": "2479", "ano": "2010", "numero": "1712", "tipo__sigla": "LEI", "tipo__descricao": "Lei Ordin\u00e1ria", "texto_integral": "http://sapl.sarandi.pr.leg.br/media/./sapl/public/normajuridica/2010/2479/2479_texto_integral.pdf", "ementa": "Disp\u00f5e sobre a atualiza\u00e7\u00e3o monet\u00e1ria dos subs\u00eddios do Prefeito, Vice-Prefeito e dos Secret\u00e1rios Municipais, na forma que especifica."}, {"id": "2916", "ano": "2010", "numero": "7", "tipo__sigla": "POR", "tipo__descricao": "Portaria", "texto_integral": "http://sapl.sarandi.pr.leg.br/media/./sapl/public/normajuridica/2010/2916/2916_texto_integral.pdf", "ementa": "CONCEDE PROGRESS\u00c3O FUNCIONAL AOS SERVIDORES ALCIDES GINO DOS SANTOS E AN\u00c9SIO JOS\u00c9 DA SILVA"}, {"id": "3336", "ano": "2010", "numero": "1", "tipo__sigla": "RES", "tipo__descricao": "Resolu\u00e7\u00e3o", "texto_integral": "http://sapl.sarandi.pr.leg.br/media/./sapl/public/normajuridica/2010/3336/3336_texto_integral.pdf", "ementa": "Revoga a Resolu\u00e7\u00e3o n\u00ba 003/2009, de 21/09/2009, a qual altera o s\u00edmbolo do cargo de assessor jur\u00eddico."}, {"id": "1524", "ano": "2010", "numero": "1", "tipo__sigla": "DL", "tipo__descricao": "Decreto Legislativo", "texto_integral": "http://sapl.sarandi.pr.leg.br/media/./sapl/public/normajuridica/2010/1524/1524_texto_integral.pdf", "ementa": "Disp\u00f5e sobre rejei\u00e7\u00e3o do \"Veto n\u00ba 1/2009\", de autoria dos edis Luiz Carlos de Aguiar, Eunildo Zanchim, Aparecido Biancho, Belmiro da Silva Farias, Jos\u00e9 Aparecido da Silva, Jos\u00e9 Roberto Grava, Jo\u00e3o de Lara Vieira, Reginaldo Alves dos Santos, Rafael Pszybylski e Cilas Souza Morais, aposto \u00e0 Lei Complementar n\u00ba 230/2009, a qual estabelece crit\u00e9rios para a nomea\u00e7\u00e3o de secret\u00e1rios municipais."}, {"id": "2904", "ano": "2010", "numero": "6", "tipo__sigla": "POR", "tipo__descricao": "Portaria", "texto_integral": "http://sapl.sarandi.pr.leg.br/media/./sapl/public/normajuridica/2010/2904/2904_texto_integral.pdf", "ementa": "NOMEIA NEWTON CESAR MARTINS, COMO ASSESSOR LEGISLATIVO CC-3, NO GABINETE DO VEREADOR REGINALDO ALVES DOS SANTOS"}, {"id": "2892", "ano": "2010", "numero": "5", "tipo__sigla": "POR", "tipo__descricao": "Portaria", "texto_integral": "http://sapl.sarandi.pr.leg.br/media/./sapl/public/normajuridica/2010/2892/2892_texto_integral.pdf", "ementa": "CONCEDE PROGRESS\u00c3O FUNCIONAL AOS SERVIDORES CLEONICE IZIDIO DE AZEVEDO E DALVECIR APARECIDO BONORA"}, {"id": "1731", "ano": "2010", "numero": "233", "tipo__sigla": "LC", "tipo__descricao": "Lei Complementar", "texto_integral": "http://sapl.sarandi.pr.leg.br/media/./sapl/public/normajuridica/2010/1731/1731_texto_integral.pdf", "ementa": "D\u00e1 nova reda\u00e7\u00e3o ao caput do art. 103 da Lei Complementar n\u00ba 217/2009 - Do Parcelamento do Solo."}, {"id": "2880", "ano": "2010", "numero": "4", "tipo__sigla": "POR", "tipo__descricao": "Portaria", "texto_integral": "http://sapl.sarandi.pr.leg.br/media/./sapl/public/normajuridica/2010/2880/2880_texto_integral.pdf", "ementa": "NOMEIA MEMBROS DAS COMISS\u00d5ES PERMANENTE PARA O DE 2010"}, {"id": "2868", "ano": "2010", "numero": "3", "tipo__sigla": "POR", "tipo__descricao": "Portaria", "texto_integral": "http://sapl.sarandi.pr.leg.br/media/./sapl/public/normajuridica/2010/2868/2868_texto_integral.pdf", "ementa": "NOMEIA O DR. HUGO T\u00c9TTO J\u00daNIOR, COMO PROCURADOR JURIDICO DA PRESID\u00caNCIA, EM DATA DE 05 DE JANEIRO DE 2010"}, {"id": "2856", "ano": "2010", "numero": "2", "tipo__sigla": "POR", "tipo__descricao": "Portaria", "texto_integral": "http://sapl.sarandi.pr.leg.br/media/./sapl/public/normajuridica/2010/2856/2856_texto_integral.pdf", "ementa": "EXONERA O ASSESSOR LEGISLATIVO, ADEMAR SPOSITO LOPES, DO GABINETE DO VEREADOR REGINALDO ALVES DOS SANTOS"}, {"id": "2844", "ano": "2010", "numero": "1", "tipo__sigla": "POR", "tipo__descricao": "Portaria", "texto_integral": "http://sapl.sarandi.pr.leg.br/media/./sapl/public/normajuridica/2010/2844/2844_texto_integral.pdf", "ementa": "NOMEIA A COMISS\u00c3O PERMANENTE DE LICITA\u00c7\u00c3O E JULGAMENTO PARA O ANO DE 2010"}, {"id": "2478", "ano": "2009", "numero": "1711", "tipo__sigla": "LEI", "tipo__descricao": "Lei Ordin\u00e1ria", "texto_integral": "http://sapl.sarandi.pr.leg.br/media/./sapl/public/normajuridica/2009/2478/2478_texto_integral.pdf", "ementa": "Autoriza a concess\u00e3o de abono salarial aos professores e especialistas de educa\u00e7\u00e3o da rede p\u00fablica de ensino do munic\u00edpio de Sarandi, Estado do Paran\u00e1, e d\u00e1 outras provid\u00eancias."}, {"id": "3323", "ano": "2009", "numero": "68", "tipo__sigla": "POR", "tipo__descricao": "Portaria", "texto_integral": "http://sapl.sarandi.pr.leg.br/media/./sapl/public/normajuridica/2009/3323/3323_texto_integral.pdf", "ementa": "EXONERA O DR. HUGO T\u00c9TTO J\u00daNIOR, DO CARGO DE PROCURADOR JURIDICO, DESTA CASA DE LEIS"}, {"id": "2477", "ano": "2009", "numero": "1710", "tipo__sigla": "LEI", "tipo__descricao": "Lei Ordin\u00e1ria", "texto_integral": "http://sapl.sarandi.pr.leg.br/media/./sapl/public/normajuridica/2009/2477/2477_texto_integral.pdf", "ementa": "Autoriza o Chefe do Poder Executivo Municipal a abrir cr\u00e9dito adicional suplementar, na forma que especifica."}, {"id": "2476", "ano": "2009", "numero": "1709", "tipo__sigla": "LEI", "tipo__descricao": "Lei Ordin\u00e1ria", "texto_integral": "http://sapl.sarandi.pr.leg.br/media/./sapl/public/normajuridica/2009/2476/2476_texto_integral.pdf", "ementa": "Autoriza o Chefe do Poder Executivo Municipal a abrir cr\u00e9dito adicional suplementar, na forma que especifica."}, {"id": "2475", "ano": "2009", "numero": "1708", "tipo__sigla": "LEI", "tipo__descricao": "Lei Ordin\u00e1ria", "texto_integral": "http://sapl.sarandi.pr.leg.br/media/./sapl/public/normajuridica/2009/2475/2475_texto_integral.pdf", "ementa": "Autoriza o Chefe do Poder Executivo Municipal a abrir cr\u00e9dito adicional suplementar, na forma que especifica."}, {"id": "2474", "ano": "2009", "numero": "1707", "tipo__sigla": "LEI", "tipo__descricao": "Lei Ordin\u00e1ria", "texto_integral": "http://sapl.sarandi.pr.leg.br/media/./sapl/public/normajuridica/2009/2474/2474_texto_integral.pdf", "ementa": "Autoriza o Chefe do Poder Executivo Municipal a abrir cr\u00e9dito adicional especial, na forma que especifica."}, {"id": "1730", "ano": "2009", "numero": "232", "tipo__sigla": "LC", "tipo__descricao": "Lei Complementar", "texto_integral": "http://sapl.sarandi.pr.leg.br/media/./sapl/public/normajuridica/2009/1730/1730_texto_integral.pdf", "ementa": "Concede isen\u00e7\u00e3o dos impostos que especifica sobre os im\u00f3veis localizados nas Zonas Especiais para Habita\u00e7\u00e3o de Interesse Social - ZEIS, destinados \u00e0 implanta\u00e7\u00e3o de projetos habitacionais que integram o Programa Minha Casa Minha Vida."}, {"id": "3320", "ano": "2009", "numero": "67", "tipo__sigla": "POR", "tipo__descricao": "Portaria", "texto_integral": "http://sapl.sarandi.pr.leg.br/media/./sapl/public/normajuridica/2009/3320/3320_texto_integral.pdf", "ementa": "NOMEIA GERALDO MARTINS, COMO ASSESSOR PARLAMENTAR, NO GABINETE DO VEREADOR RAFAEL PSZYBYLSKI"}, {"id": "2473", "ano": "2009", "numero": "1706", "tipo__sigla": "LEI", "tipo__descricao": "Lei Ordin\u00e1ria", "texto_integral": "http://sapl.sarandi.pr.leg.br/media/./sapl/public/normajuridica/2009/2473/2473_texto_integral.pdf", "ementa": "Disp\u00f5e sobre o plantio e replantio de \u00e1rvores em logradouros p\u00fablicos."}, {"id": "2472", "ano": "2009", "numero": "1705", "tipo__sigla": "LEI", "tipo__descricao": "Lei Ordin\u00e1ria", "texto_integral": "http://sapl.sarandi.pr.leg.br/media/./sapl/public/normajuridica/2009/2472/2472_texto_integral.pdf", "ementa": "D\u00e1 denomina\u00e7\u00e3o \u00e0 Rua 29, do Jardim Tropical."}, {"id": "2471", "ano": "2009", "numero": "1704", "tipo__sigla": "LEI", "tipo__descricao": "Lei Ordin\u00e1ria", "texto_integral": "http://sapl.sarandi.pr.leg.br/media/./sapl/public/normajuridica/2009/2471/2471_texto_integral.pdf", "ementa": "Regulamenta estacionamento de ve\u00edculos na Rua Princesa Isabel e d\u00e1 outras provid\u00eancias."}, {"id": "2470", "ano": "2009", "numero": "1703", "tipo__sigla": "LEI", "tipo__descricao": "Lei Ordin\u00e1ria", "texto_integral": "http://sapl.sarandi.pr.leg.br/media/./sapl/public/normajuridica/2009/2470/2470_texto_integral.pdf", "ementa": "Autoriza o chefe do Poder Executivo Municipal a abrir cr\u00e9dito adicional suplementar, na forma que especifica."}, {"id": "2469", "ano": "2009", "numero": "1702", "tipo__sigla": "LEI", "tipo__descricao": "Lei Ordin\u00e1ria", "texto_integral": "http://sapl.sarandi.pr.leg.br/media/./sapl/public/normajuridica/2009/2469/2469_texto_integral.pdf", "ementa": "Autoriza o Chefe do Poder Executivo Municipal a abrir cr\u00e9dito adicional especial, na forma que especifica."}, {"id": "2468", "ano": "2009", "numero": "1701", "tipo__sigla": "LEI", "tipo__descricao": "Lei Ordin\u00e1ria", "texto_integral": "http://sapl.sarandi.pr.leg.br/media/./sapl/public/normajuridica/2009/2468/2468_texto_integral.pdf", "ementa": "Institui o Conselho Municipal de Sa\u00fade de Sarandi, na forma que especifica."}, {"id": "2467", "ano": "2009", "numero": "1700", "tipo__sigla": "LEI", "tipo__descricao": "Lei Ordin\u00e1ria", "texto_integral": "http://sapl.sarandi.pr.leg.br/media/./sapl/public/normajuridica/2009/2467/2467_texto_integral.pdf", "ementa": "Disp\u00f5e sobre a inclus\u00e3o no Calend\u00e1rio Oficial de Eventos do Munic\u00edpio de Sarandi a Semana da M\u00fasica Popular Brasileira e d\u00e1 outras provid\u00eancias."}, {"id": "2466", "ano": "2009", "numero": "1699", "tipo__sigla": "LEI", "tipo__descricao": "Lei Ordin\u00e1ria", "texto_integral": "http://sapl.sarandi.pr.leg.br/media/./sapl/public/normajuridica/2009/2466/2466_texto_integral.pdf", "ementa": "Institui Programa de Preven\u00e7\u00e3o \u00e0 Doen\u00e7a Falciforme e Assist\u00eancia Integral \u00e0s pessoas com tra\u00e7o falciforme e anemia falciforme no munic\u00edpio de Sarandi e d\u00e1 outras provid\u00eancias."}, {"id": "2465", "ano": "2009", "numero": "1698", "tipo__sigla": "LEI", "tipo__descricao": "Lei Ordin\u00e1ria", "texto_integral": "http://sapl.sarandi.pr.leg.br/media/./sapl/public/normajuridica/2009/2465/2465_texto_integral.pdf", "ementa": "Altera o artigo 3\u00ba (terceiro) da Lei n\u00ba 1.662/09, de 19 de outubro de 2009, do Poder Executivo Municipal."}, {"id": "2464", "ano": "2009", "numero": "1697", "tipo__sigla": "LEI", "tipo__descricao": "Lei Ordin\u00e1ria", "texto_integral": "http://sapl.sarandi.pr.leg.br/media/./sapl/public/normajuridica/2009/2464/2464_texto_integral.pdf", "ementa": "Disp\u00f5e sobre a inclus\u00e3o no Calend\u00e1rio Oficial de Eventos do Munic\u00edpio de Sarandi a Semana da M\u00fasica Gospel e d\u00e1 outras provid\u00eancias."}, {"id": "2463", "ano": "2009", "numero": "1696", "tipo__sigla": "LEI", "tipo__descricao": "Lei Ordin\u00e1ria", "texto_integral": "http://sapl.sarandi.pr.leg.br/media/./sapl/public/normajuridica/2009/2463/2463_texto_integral.pdf", "ementa": "D\u00e1 denomina\u00e7\u00e3o \u00e0 Rua 11, do Jardim Tropical."}, {"id": "2462", "ano": "2009", "numero": "1695", "tipo__sigla": "LEI", "tipo__descricao": "Lei Ordin\u00e1ria", "texto_integral": "http://sapl.sarandi.pr.leg.br/media/./sapl/public/normajuridica/2009/2462/2462_texto_integral.pdf", "ementa": "Disciplina o uso de cont\u00eaineres no munic\u00edpio de Sarandi."}, {"id": "2461", "ano": "2009", "numero": "1694", "tipo__sigla": "LEI", "tipo__descricao": "Lei Ordin\u00e1ria", "texto_integral": "http://sapl.sarandi.pr.leg.br/media/./sapl/public/normajuridica/2009/2461/2461_texto_integral.pdf", "ementa": "Disp\u00f5e sobre a obrigatoriedade da divulga\u00e7\u00e3o dos atos p\u00fablicos do Poder Executivo Municipal."}, {"id": "2460", "ano": "2009", "numero": "1693", "tipo__sigla": "LEI", "tipo__descricao": "Lei Ordin\u00e1ria", "texto_integral": "http://sapl.sarandi.pr.leg.br/media/./sapl/public/normajuridica/2009/2460/2460_texto_integral.pdf", "ementa": "Institui a Semana de conscientiza\u00e7\u00e3o para o uso racional da \u00e1gua."}, {"id": "2459", "ano": "2009", "numero": "1692", "tipo__sigla": "LEI", "tipo__descricao": "Lei Ordin\u00e1ria", "texto_integral": "http://sapl.sarandi.pr.leg.br/media/./sapl/public/normajuridica/2009/2459/2459_texto_integral.pdf", "ementa": "Autoriza a celebra\u00e7\u00e3o de Termo de Coopera\u00e7\u00e3o M\u00fatua com o munic\u00edpio de Sarandi."}, {"id": "3317", "ano": "2009", "numero": "66", "tipo__sigla": "POR", "tipo__descricao": "Portaria", "texto_integral": "http://sapl.sarandi.pr.leg.br/media/./sapl/public/normajuridica/2009/3317/3317_texto_integral.pdf", "ementa": "NOMEIA SERVIDORES PARA AUXILIAR A COMISS\u00c3O PROCESSANTE DE 2009, PARA APURAR INDICIOS CONTRA A ATUAL ADMINISTRA\u00c7\u00c3O"}, {"id": "2458", "ano": "2009", "numero": "1691", "tipo__sigla": "LEI", "tipo__descricao": "Lei Ordin\u00e1ria", "texto_integral": "http://sapl.sarandi.pr.leg.br/media/./sapl/public/normajuridica/2009/2458/2458_texto_integral.pdf", "ementa": "Autoriza o Chefe do Poder Executivo Municipal a abrir cr\u00e9dito adicional suplementar, na forma que especifica."}, {"id": "2457", "ano": "2009", "numero": "1690", "tipo__sigla": "LEI", "tipo__descricao": "Lei Ordin\u00e1ria", "texto_integral": "http://sapl.sarandi.pr.leg.br/media/./sapl/public/normajuridica/2009/2457/2457_texto_integral.pdf", "ementa": "Cria o Programa Municipal de Desenvolvimento Econ\u00f4mico e Social e constitui o Conselho Municipal de Desenvolvimento Rural - CMDR, para o setor agropecu\u00e1rio, e d\u00e1 outras provid\u00eancias."}, {"id": "3314", "ano": "2009", "numero": "65", "tipo__sigla": "POR", "tipo__descricao": "Portaria", "texto_integral": "http://sapl.sarandi.pr.leg.br/media/./sapl/public/normajuridica/2009/3314/3314_texto_integral.pdf", "ementa": "NOMEIA COMISS\u00c3O PROCESSANTE DE 2009, PARA APURAR INDICIOS CONTRA A ATUAL ADMINISTRA\u00c7\u00c3O"}, {"id": "2456", "ano": "2009", "numero": "1689", "tipo__sigla": "LEI", "tipo__descricao": "Lei Ordin\u00e1ria", "texto_integral": "http://sapl.sarandi.pr.leg.br/media/./sapl/public/normajuridica/2009/2456/2456_texto_integral.pdf", "ementa": "Autoriza o Chefe do Poder Executivo Municipal a abrir cr\u00e9dito adicional suplementar, na forma que especifica."}, {"id": "2455", "ano": "2009", "numero": "1688", "tipo__sigla": "LEI", "tipo__descricao": "Lei Ordin\u00e1ria", "texto_integral": "http://sapl.sarandi.pr.leg.br/media/./sapl/public/normajuridica/2009/2455/2455_texto_integral.pdf", "ementa": "Autoriza o Chefe do Poder Executivo Municipal a abrir cr\u00e9dito adicional especial, na forma que especifica."}, {"id": "2454", "ano": "2009", "numero": "1687", "tipo__sigla": "LEI", "tipo__descricao": "Lei Ordin\u00e1ria", "texto_integral": "http://sapl.sarandi.pr.leg.br/media/./sapl/public/normajuridica/2009/2454/2454_texto_integral.pdf", "ementa": "Autoriza o Chefe do Poder Executivo Municipal a abrir cr\u00e9dito adicional suplementar, na forma que especifica."}, {"id": "3311", "ano": "2009", "numero": "64", "tipo__sigla": "POR", "tipo__descricao": "Portaria", "texto_integral": "http://sapl.sarandi.pr.leg.br/media/./sapl/public/normajuridica/2009/3311/3311_texto_integral.pdf", "ementa": "NOMEIA NELSON DOMINGOS, COMO ASSESSOR LEGISLATIVO, NO GABINETE DO VEREADOR JOS\u00c9 ROBERTO GRAVA, EM DATA DE 19 DE NOVEMBRO DE 2009"}, {"id": "2453", "ano": "2009", "numero": "1686", "tipo__sigla": "LEI", "tipo__descricao": "Lei Ordin\u00e1ria", "texto_integral": "http://sapl.sarandi.pr.leg.br/media/./sapl/public/normajuridica/2009/2453/2453_texto_integral.pdf", "ementa": "Autoriza o Chefe do Poder Executivo Municipal a abrir cr\u00e9dito adicional especial, na forma que especifica."}, {"id": "2452", "ano": "2009", "numero": "1685", "tipo__sigla": "LEI", "tipo__descricao": "Lei Ordin\u00e1ria", "texto_integral": "http://sapl.sarandi.pr.leg.br/media/./sapl/public/normajuridica/2009/2452/2452_texto_integral.pdf", "ementa": "Autoriza o Chefe do Poder Executivo Municipal a abrir cr\u00e9dito adicional especial, na forma que especifica."}, {"id": "2451", "ano": "2009", "numero": "1684", "tipo__sigla": "LEI", "tipo__descricao": "Lei Ordin\u00e1ria", "texto_integral": "http://sapl.sarandi.pr.leg.br/media/./sapl/public/normajuridica/2009/2451/2451_texto_integral.pdf", "ementa": "Disp\u00f5e sobre a obrigatoriedade da divulga\u00e7\u00e3o do n\u00famero do Cadastro Nacional de Pessoa Jur\u00eddica - CNPJ ou Cadastro Pessoa F\u00edsica - CPF, no \u00d3rg\u00e3o Oficial do Munic\u00edpio, na forma que especifica."}, {"id": "1545", "ano": "2009", "numero": "3", "tipo__sigla": "DL", "tipo__descricao": "Decreto Legislativo", "texto_integral": "http://sapl.sarandi.pr.leg.br/media/./sapl/public/normajuridica/2009/1545/1545_texto_integral.pdf", "ementa": "Outorga T\u00edtulo Honor\u00edfico ao Exmo. Sr. Doutor Loril Leocadio Bueno J\u00fanior e d\u00e1 outras provid\u00eancias."}, {"id": "3308", "ano": "2009", "numero": "63", "tipo__sigla": "POR", "tipo__descricao": "Portaria", "texto_integral": "http://sapl.sarandi.pr.leg.br/media/./sapl/public/normajuridica/2009/3308/3308_texto_integral.pdf", "ementa": "EXONERA ASSESSOR LEGISLATIVO IVONE PEREIRA DA COSTA, NO GABINETE DO VEREADOR JOS\u00c9 ROBERTO GRAVA"}, {"id": "2450", "ano": "2009", "numero": "1683", "tipo__sigla": "LEI", "tipo__descricao": "Lei Ordin\u00e1ria", "texto_integral": "http://sapl.sarandi.pr.leg.br/media/./sapl/public/normajuridica/2009/2450/2450_texto_integral.pdf", "ementa": "Estima a receita e fixa a despesa do munic\u00edpio para o exerc\u00edcio de 2010."}, {"id": "2449", "ano": "2009", "numero": "1682", "tipo__sigla": "LEI", "tipo__descricao": "Lei Ordin\u00e1ria", "texto_integral": "http://sapl.sarandi.pr.leg.br/media/./sapl/public/normajuridica/2009/2449/2449_texto_integral.pdf", "ementa": "Disp\u00f5e sobre o Plano Plurianual do Munic\u00edpio de Sarandi para o quadri\u00eanio de 2010 a 2023 e d\u00e1 outras provid\u00eancias."}, {"id": "1729", "ano": "2009", "numero": "231", "tipo__sigla": "LC", "tipo__descricao": "Lei Complementar", "texto_integral": "http://sapl.sarandi.pr.leg.br/media/./sapl/public/normajuridica/2009/1729/1729_texto_integral.pdf", "ementa": "Prorroga prazos do Programa de Recupera\u00e7\u00e3o Fiscal de Sarandi - REFIS MUNICIPAL, na forma que especifica."}, {"id": "1728", "ano": "2009", "numero": "230", "tipo__sigla": "LC", "tipo__descricao": "Lei Complementar", "texto_integral": "http://sapl.sarandi.pr.leg.br/media/./sapl/public/normajuridica/2009/1728/1728_texto_integral.pdf", "ementa": "Estabelece requisitos a serem preenchidos quando da nomea\u00e7\u00e3o de secret\u00e1rios, e d\u00e1 outras provid\u00eancias."}, {"id": "2448", "ano": "2009", "numero": "1681", "tipo__sigla": "LEI", "tipo__descricao": "Lei Ordin\u00e1ria", "texto_integral": "http://sapl.sarandi.pr.leg.br/media/./sapl/public/normajuridica/2009/2448/2448_texto_integral.pdf", "ementa": "Autoriza o Chefe do Poder Executivo Municipal a abrir cr\u00e9dito adicional suplementar, na forma que especifica."}, {"id": "2447", "ano": "2009", "numero": "1680", "tipo__sigla": "LEI", "tipo__descricao": "Lei Ordin\u00e1ria", "texto_integral": "http://sapl.sarandi.pr.leg.br/media/./sapl/public/normajuridica/2009/2447/2447_texto_integral.pdf", "ementa": "Autoriza o Chefe do Poder Executivo Municipal a abrir cr\u00e9dito adicional suplementar, na forma que especifica."}, {"id": "2446", "ano": "2009", "numero": "1679", "tipo__sigla": "LEI", "tipo__descricao": "Lei Ordin\u00e1ria", "texto_integral": "http://sapl.sarandi.pr.leg.br/media/./sapl/public/normajuridica/2009/2446/2446_texto_integral.pdf", "ementa": "Autoriza o Chefe do Poder Executivo Municipal a abrir cr\u00e9dito adicional suplementar, na forma que especifica."}, {"id": "2445", "ano": "2009", "numero": "1678", "tipo__sigla": "LEI", "tipo__descricao": "Lei Ordin\u00e1ria", "texto_integral": "http://sapl.sarandi.pr.leg.br/media/./sapl/public/normajuridica/2009/2445/2445_texto_integral.pdf", "ementa": "Autoriza o Chefe do Poder Executivo Municipal a abrir cr\u00e9dito adicional especial, na forma que especifica."}, {"id": "2444", "ano": "2009", "numero": "1677", "tipo__sigla": "LEI", "tipo__descricao": "Lei Ordin\u00e1ria", "texto_integral": "http://sapl.sarandi.pr.leg.br/media/./sapl/public/normajuridica/2009/2444/2444_texto_integral.pdf", "ementa": "Autoriza o Chefe do Poder Executivo Municipal a abrir cr\u00e9dito adicional especial, na forma que especifica."}, {"id": "2443", "ano": "2009", "numero": "1676", "tipo__sigla": "LEI", "tipo__descricao": "Lei Ordin\u00e1ria", "texto_integral": "http://sapl.sarandi.pr.leg.br/media/./sapl/public/normajuridica/2009/2443/2443_texto_integral.pdf", "ementa": "Autoriza o Chefe do Poder Executivo Municipal a abrir cr\u00e9dito adicional suplementar, na forma que especifica."}, {"id": "2442", "ano": "2009", "numero": "1675", "tipo__sigla": "LEI", "tipo__descricao": "Lei Ordin\u00e1ria", "texto_integral": "http://sapl.sarandi.pr.leg.br/media/./sapl/public/normajuridica/2009/2442/2442_texto_integral.pdf", "ementa": "Autoriza o Chefe do Poder Executivo Municipal a abrir cr\u00e9dito adicional especial, na forma que especifica."}, {"id": "2441", "ano": "2009", "numero": "1674", "tipo__sigla": "LEI", "tipo__descricao": "Lei Ordin\u00e1ria", "texto_integral": "http://sapl.sarandi.pr.leg.br/media/./sapl/public/normajuridica/2009/2441/2441_texto_integral.pdf", "ementa": "Autoriza o Chefe do Poder Executivo Municipal a abrir cr\u00e9dito adicional especial, na forma que especifica."}, {"id": "2440", "ano": "2009", "numero": "1673", "tipo__sigla": "LEI", "tipo__descricao": "Lei Ordin\u00e1ria", "texto_integral": "http://sapl.sarandi.pr.leg.br/media/./sapl/public/normajuridica/2009/2440/2440_texto_integral.pdf", "ementa": "Autoriza o Chefe do Poder Executivo Municipal a abrir cr\u00e9dito adicional especial, na forma que especifica."}, {"id": "2439", "ano": "2009", "numero": "1672", "tipo__sigla": "LEI", "tipo__descricao": "Lei Ordin\u00e1ria", "texto_integral": "http://sapl.sarandi.pr.leg.br/media/./sapl/public/normajuridica/2009/2439/2439_texto_integral.pdf", "ementa": "Autoriza o Chefe do Poder Executivo Municipal a abrir cr\u00e9dito adicional suplementar, na forma que especifica."}, {"id": "2438", "ano": "2009", "numero": "1671", "tipo__sigla": "LEI", "tipo__descricao": "Lei Ordin\u00e1ria", "texto_integral": "http://sapl.sarandi.pr.leg.br/media/./sapl/public/normajuridica/2009/2438/2438_texto_integral.pdf", "ementa": "Autoriza o Chefe do Poder Executivo Municipal a abrir cr\u00e9dito adicional suplementar, na forma que especifica."}, {"id": "2437", "ano": "2009", "numero": "1670", "tipo__sigla": "LEI", "tipo__descricao": "Lei Ordin\u00e1ria", "texto_integral": "http://sapl.sarandi.pr.leg.br/media/./sapl/public/normajuridica/2009/2437/2437_texto_integral.pdf", "ementa": "Autoriza o Chefe do Poder Executivo Municipal a abrir cr\u00e9dito adicional suplementar, na forma que especifica."}, {"id": "2436", "ano": "2009", "numero": "1669", "tipo__sigla": "LEI", "tipo__descricao": "Lei Ordin\u00e1ria", "texto_integral": "http://sapl.sarandi.pr.leg.br/media/./sapl/public/normajuridica/2009/2436/2436_texto_integral.pdf", "ementa": "Autoriza proceder acordo nos autos n\u00ba 167/1997 de A\u00e7\u00e3o Declarat\u00f3ria de Nulidade de Ato."}, {"id": "2435", "ano": "2009", "numero": "1668", "tipo__sigla": "LEI", "tipo__descricao": "Lei Ordin\u00e1ria", "texto_integral": "http://sapl.sarandi.pr.leg.br/media/", "ementa": "Promove altera\u00e7\u00f5es na Lei n\u00ba 1.279/2006, de 10/04/2006, que cria a Autarquia \u00c1guas de Sarandi, Servi\u00e7o Municipal de Saneamento Ambiental - como entidade aut\u00e1rquica de direito p\u00fablico, integrante da Administra\u00e7\u00e3o Indireta do Munic\u00edpio de Sarandi."}, {"id": "1727", "ano": "2009", "numero": "229", "tipo__sigla": "LC", "tipo__descricao": "Lei Complementar", "texto_integral": "http://sapl.sarandi.pr.leg.br/media/./sapl/public/normajuridica/2009/1727/1727_texto_integral.pdf", "ementa": "Cria o quadro de pessoal da Caixa de Aposentadoria e Pens\u00e3o dos Servidores Municipais de Sarandi - PRESERV, e d\u00e1 outras provid\u00eancias."}, {"id": "1726", "ano": "2009", "numero": "228", "tipo__sigla": "LC", "tipo__descricao": "Lei Complementar", "texto_integral": "http://sapl.sarandi.pr.leg.br/media/./sapl/public/normajuridica/2009/1726/1726_texto_integral.pdf", "ementa": "Eleva o n\u00famero de vagas de cargo efetivo, na forma que especifica."}, {"id": "1725", "ano": "2009", "numero": "227", "tipo__sigla": "LC", "tipo__descricao": "Lei Complementar", "texto_integral": "http://sapl.sarandi.pr.leg.br/media/./sapl/public/normajuridica/2009/1725/1725_texto_integral.pdf", "ementa": "Promove altera\u00e7\u00e3o na Lei Complementar n\u00ba 140/2006, de 8/5/2006, que disp\u00f5e sobre a estrutura administrativa da Autarquia \u00c1guas de Sarandi - Servi\u00e7o Municipal de Saneamento Ambiental."}, {"id": "1724", "ano": "2009", "numero": "226", "tipo__sigla": "LC", "tipo__descricao": "Lei Complementar", "texto_integral": "http://sapl.sarandi.pr.leg.br/media/./sapl/public/normajuridica/2009/1724/1724_texto_integral.pdf", "ementa": "Promove altera\u00e7\u00e3o na Lei Complementar n\u00ba 174/2008, que institui o Plano de Cargos, Carreiras e Vencimentos dos Servidores da Autarquia \u00c1guas de Sarandi - Servi\u00e7o Municipal de Saneamento Ambiental."}, {"id": "3305", "ano": "2009", "numero": "62", "tipo__sigla": "POR", "tipo__descricao": "Portaria", "texto_integral": "http://sapl.sarandi.pr.leg.br/media/./sapl/public/normajuridica/2009/3305/3305_texto_integral.pdf", "ementa": "CONCEDE PROGRESS\u00c3O FUNCIONAL"}, {"id": "3302", "ano": "2009", "numero": "61", "tipo__sigla": "POR", "tipo__descricao": "Portaria", "texto_integral": "http://sapl.sarandi.pr.leg.br/media/./sapl/public/normajuridica/2009/3302/3302_texto_integral.pdf", "ementa": "CONCEDE PROGESS\u00c3O FUNCIONAL"}, {"id": "3299", "ano": "2009", "numero": "60", "tipo__sigla": "POR", "tipo__descricao": "Portaria", "texto_integral": "http://sapl.sarandi.pr.leg.br/media/./sapl/public/normajuridica/2009/3299/3299_texto_integral.pdf", "ementa": "EXONERA ASSESSOR PARLAMENTAR PAULO DE FREITAS, DO GABINETE DO VEREADOR RAFAEL PSZYBYLSKI"}, {"id": "2434", "ano": "2009", "numero": "1667", "tipo__sigla": "LEI", "tipo__descricao": "Lei Ordin\u00e1ria", "texto_integral": "http://sapl.sarandi.pr.leg.br/media/./sapl/public/normajuridica/2009/2434/2434_texto_integral.pdf", "ementa": "Autoriza o Chefe do Poder Executivo Municipal a abrir cr\u00e9dito adicional suplementar, na forma que especifica."}, {"id": "2433", "ano": "2009", "numero": "1666", "tipo__sigla": "LEI", "tipo__descricao": "Lei Ordin\u00e1ria", "texto_integral": "http://sapl.sarandi.pr.leg.br/media/./sapl/public/normajuridica/2009/2433/2433_texto_integral.pdf", "ementa": "Institui o Dia do Bota Fora."}, {"id": "2432", "ano": "2009", "numero": "1665", "tipo__sigla": "LEI", "tipo__descricao": "Lei Ordin\u00e1ria", "texto_integral": "http://sapl.sarandi.pr.leg.br/media/./sapl/public/normajuridica/2009/2432/2432_texto_integral.pdf", "ementa": "Disciplina tr\u00e2nsito para visita\u00e7\u00e3o p\u00fablica no Cemit\u00e9rio Municipal Augusto Wolf no dia de finados."}, {"id": "2431", "ano": "2009", "numero": "1664", "tipo__sigla": "LEI", "tipo__descricao": "Lei Ordin\u00e1ria", "texto_integral": "http://sapl.sarandi.pr.leg.br/media/./sapl/public/normajuridica/2009/2431/2431_texto_integral.pdf", "ementa": "Disp\u00f5e sobre a obrigatoriedade da divulga\u00e7\u00e3o do n\u00famero do Cadastro Nacional de Pessoa Jur\u00eddica-CNPJ ou Cadastro de Pessoa F\u00edsica-CPF no \u00d3rg\u00e3o Oficial do Munic\u00edpio, na forma que especifica."}, {"id": "2430", "ano": "2009", "numero": "1663", "tipo__sigla": "LEI", "tipo__descricao": "Lei Ordin\u00e1ria", "texto_integral": "http://sapl.sarandi.pr.leg.br/media/./sapl/public/normajuridica/2009/2430/2430_texto_integral.pdf", "ementa": "Autoriza o Poder Executivo Municipal a firmar conv\u00eanio com a COPEL DISTRIBUI\u00c7\u00c3O S/A para a execu\u00e7\u00e3o de erradica\u00e7\u00e3o e substitui\u00e7\u00e3o de \u00e1rvores em \u00e1reas urbanas abrangidas por redes de distribui\u00e7\u00e3o de energia el\u00e9trica."}, {"id": "2429", "ano": "2009", "numero": "1662", "tipo__sigla": "LEI", "tipo__descricao": "Lei Ordin\u00e1ria", "texto_integral": "http://sapl.sarandi.pr.leg.br/media/./sapl/public/normajuridica/2009/2429/2429_texto_integral.pdf", "ementa": "Cria o Conselho Municipal de Tr\u00e2nsito e d\u00e1 outras provid\u00eancias."}, {"id": "2428", "ano": "2009", "numero": "1661", "tipo__sigla": "LEI", "tipo__descricao": "Lei Ordin\u00e1ria", "texto_integral": "http://sapl.sarandi.pr.leg.br/media/./sapl/public/normajuridica/2009/2428/2428_texto_integral.pdf", "ementa": "Revoga a Lei n\u00ba 1358/2007, de 05 de mar\u00e7o de 2007, na forma que especifica."}, {"id": "3296", "ano": "2009", "numero": "59", "tipo__sigla": "POR", "tipo__descricao": "Portaria", "texto_integral": "http://sapl.sarandi.pr.leg.br/media/./sapl/public/normajuridica/2009/3296/3296_texto_integral.pdf", "ementa": "NOMEIA A COMISS\u00c3O PERMANENTE DE AVALIA\u00c7\u00c3O DE SERVIDORES DA C\u00c2MARA MUNICIPAL DE SARANDI"}, {"id": "2427", "ano": "2009", "numero": "1660", "tipo__sigla": "LEI", "tipo__descricao": "Lei Ordin\u00e1ria", "texto_integral": "http://sapl.sarandi.pr.leg.br/media/./sapl/public/normajuridica/2009/2427/2427_texto_integral.pdf", "ementa": "Institui a Campanha Permanente de Preven\u00e7\u00e3o e Combate ao Fumo e ao \u00c1lcool durante a gravidez."}, {"id": "1723", "ano": "2009", "numero": "225", "tipo__sigla": "LC", "tipo__descricao": "Lei Complementar", "texto_integral": "http://sapl.sarandi.pr.leg.br/media/./sapl/public/normajuridica/2009/1723/1723_texto_integral.pdf", "ementa": "Inclui Rua no eixo de Com\u00e9rcio e Servi\u00e7os-2, na forma que especifica."}, {"id": "1722", "ano": "2009", "numero": "224", "tipo__sigla": "LC", "tipo__descricao": "Lei Complementar", "texto_integral": "http://sapl.sarandi.pr.leg.br/media/./sapl/public/normajuridica/2009/1722/1722_texto_integral.pdf", "ementa": "Disp\u00f5e sobre o Plano Vi\u00e1rio do Munic\u00edpio de Sarandi em conformidade com a Lei Complementar do Plano Diretor Municipal e d\u00e1 outras provid\u00eancias."}, {"id": "1721", "ano": "2009", "numero": "223", "tipo__sigla": "LC", "tipo__descricao": "Lei Complementar", "texto_integral": "http://sapl.sarandi.pr.leg.br/media/./sapl/public/normajuridica/2009/1721/1721_texto_integral.pdf", "ementa": "Inclui rua no eixo de Com\u00e9rcio e Servi\u00e7os-2, na forma que especifica."}, {"id": "1720", "ano": "2009", "numero": "222", "tipo__sigla": "LC", "tipo__descricao": "Lei Complementar", "texto_integral": "http://sapl.sarandi.pr.leg.br/media/./sapl/public/normajuridica/2009/1720/1720_texto_integral.pdf", "ementa": "Inclui rua no eixo de Com\u00e9rcio e Servi\u00e7os-2, na forma que especifica."}, {"id": "2426", "ano": "2009", "numero": "1659", "tipo__sigla": "LEI", "tipo__descricao": "Lei Ordin\u00e1ria", "texto_integral": "http://sapl.sarandi.pr.leg.br/media/./sapl/public/normajuridica/2009/2426/2426_texto_integral.pdf", "ementa": "Inclui no calend\u00e1rio oficial do munic\u00edpio o dia de luta contra o c\u00e2ncer de mama."}, {"id": "1719", "ano": "2009", "numero": "221", "tipo__sigla": "LC", "tipo__descricao": "Lei Complementar", "texto_integral": "http://sapl.sarandi.pr.leg.br/media/./sapl/public/normajuridica/2009/1719/1719_texto_integral.pdf", "ementa": "Inclui rua no Eixo de Com\u00e9rcio e Servi\u00e7os-I, da Lei Complementar n\u00ba 3/92, na forma que especifica."}, {"id": "1718", "ano": "2009", "numero": "220", "tipo__sigla": "LC", "tipo__descricao": "Lei Complementar", "texto_integral": "http://sapl.sarandi.pr.leg.br/media/./sapl/public/normajuridica/2009/1718/1718_texto_integral.pdf", "ementa": "Revoga a Lei n\u00ba 1633/2009, de 30/6/2009, Lei Complementar n\u00ba 204/2009, de 29/7/2009 e d\u00e1 outras provid\u00eancias."}, {"id": "6321", "ano": "2009", "numero": "219", "tipo__sigla": "LC", "tipo__descricao": "Lei Complementar", "texto_integral": "http://sapl.sarandi.pr.leg.br/media/sapl/public/normajuridica/2009/6321/lei_complementar_no_219-2009sapl.pdf.pdf", "ementa": "Institui o C\u00f3digo Ambiental, disp\u00f5e sobre os instrumentos da pol\u00edtica ambiental e estabelece normas gerais para a administra\u00e7\u00e3o da qualidade ambiental do munic\u00edpio de Sarandi."}, {"id": "1717", "ano": "2009", "numero": "219", "tipo__sigla": "LC", "tipo__descricao": "Lei Complementar", "texto_integral": "http://sapl.sarandi.pr.leg.br/media/./sapl/public/normajuridica/2009/1717/1717_texto_integral.pdf", "ementa": "Institui o C\u00f3digo Ambiental, disp\u00f5e sobre os instrumentos da Pol\u00edtica Ambiental e estabelece normas gerais para a administra\u00e7\u00e3o da qualidade ambiental do munic\u00edpio de Sarandi."}, {"id": "1716", "ano": "2009", "numero": "218", "tipo__sigla": "LC", "tipo__descricao": "Lei Complementar", "texto_integral": "http://sapl.sarandi.pr.leg.br/media/./sapl/public/normajuridica/2009/1716/1716_texto_integral.pdf", "ementa": "Disp\u00f5e sobre a defini\u00e7\u00e3o, concep\u00e7\u00e3o, ordena\u00e7\u00e3o e acessibilidade do mobili\u00e1rio urbano de Sarandi em conformidade com a Lei do Plano Diretor Municipal e d\u00e1 outras provid\u00eancias."}, {"id": "1715", "ano": "2009", "numero": "217", "tipo__sigla": "LC", "tipo__descricao": "Lei Complementar", "texto_integral": "http://sapl.sarandi.pr.leg.br/media/sapl/public/normajuridica/2009/1715/lei_compl._no_217-2009_para_site.pdf", "ementa": "Disp\u00f5e sobre o parcelamento, uso e ocupa\u00e7\u00e3o do solo no Munic\u00edpio de Sarandi."}, {"id": "1714", "ano": "2009", "numero": "216", "tipo__sigla": "LC", "tipo__descricao": "Lei Complementar", "texto_integral": "http://sapl.sarandi.pr.leg.br/media/./sapl/public/normajuridica/2009/1714/1714_texto_integral.pdf", "ementa": "Institui o novo C\u00f3digo de Edifica\u00e7\u00f5es do Munic\u00edpio de Sarandi, que disp\u00f5e sobre as normas gerais na elabora\u00e7\u00e3o de projeto, obras e edifica\u00e7\u00f5es."}, {"id": "1713", "ano": "2009", "numero": "215", "tipo__sigla": "LC", "tipo__descricao": "Lei Complementar", "texto_integral": "http://sapl.sarandi.pr.leg.br/media/./sapl/public/normajuridica/2009/1713/1713_texto_integral.pdf", "ementa": "Institui o novo C\u00f3digo de Posturas do Munic\u00edpio de Sarandi, instrumento normativo que visa disciplinar medidas de pol\u00edtica administrativa relacionadas \u00e0 higiene, seguran\u00e7a, ordem e costumes p\u00fablicos."}, {"id": "1712", "ano": "2009", "numero": "214", "tipo__sigla": "LC", "tipo__descricao": "Lei Complementar", "texto_integral": "http://sapl.sarandi.pr.leg.br/media/./sapl/public/normajuridica/2009/1712/1712_texto_integral.pdf", "ementa": "Institui o Plano Diretor de Uso e Ocupa\u00e7\u00e3o do Solo, que disp\u00f5e sobre o Per\u00edmetro Urbano do Munic\u00edpio de Sarandi."}, {"id": "1711", "ano": "2009", "numero": "213", "tipo__sigla": "LC", "tipo__descricao": "Lei Complementar", "texto_integral": "http://sapl.sarandi.pr.leg.br/media/./sapl/public/normajuridica/2009/1711/1711_texto_integral.pdf", "ementa": "Institui o Plano Diretor Municipal, que disp\u00f5e sobre o desenvolvimento e os instrumentos que estabelecem as normas gerais para integrar e orientar a a\u00e7\u00e3o dos agentes p\u00fablicos e privados na produ\u00e7\u00e3o e gest\u00e3o do territ\u00f3rio no munic\u00edpio de Sarandi."}, {"id": "2425", "ano": "2009", "numero": "1658", "tipo__sigla": "LEI", "tipo__descricao": "Lei Ordin\u00e1ria", "texto_integral": "http://sapl.sarandi.pr.leg.br/media/./sapl/public/normajuridica/2009/2425/2425_texto_integral.pdf", "ementa": "Autoriza o Chefe do Poder Executivo Municipal a abrir cr\u00e9dito adicional especial, na forma que especifica."}, {"id": "2424", "ano": "2009", "numero": "1657", "tipo__sigla": "LEI", "tipo__descricao": "Lei Ordin\u00e1ria", "texto_integral": "http://sapl.sarandi.pr.leg.br/media/./sapl/public/normajuridica/2009/2424/2424_texto_integral.pdf", "ementa": "Autoriza o Chefe do Poder Executivo Municipal a abrir cr\u00e9dito adicional suplementar, na forma que especifica."}, {"id": "3350", "ano": "2009", "numero": "3", "tipo__sigla": "RES", "tipo__descricao": "Resolu\u00e7\u00e3o", "texto_integral": "http://sapl.sarandi.pr.leg.br/media/./sapl/public/normajuridica/2009/3350/3350_texto_integral.pdf", "ementa": "Altera s\u00edmbolo do Cargo de Assessor Jur\u00eddico e d\u00e1 outras provid\u00eancias."}, {"id": "2423", "ano": "2009", "numero": "1656", "tipo__sigla": "LEI", "tipo__descricao": "Lei Ordin\u00e1ria", "texto_integral": "http://sapl.sarandi.pr.leg.br/media/./sapl/public/normajuridica/2009/2423/2423_texto_integral.pdf", "ementa": "Autoriza o Chefe do Poder Executivo Municipal a abrir cr\u00e9dito adicional especial, na forma que especifica."}, {"id": "2422", "ano": "2009", "numero": "1655", "tipo__sigla": "LEI", "tipo__descricao": "Lei Ordin\u00e1ria", "texto_integral": "http://sapl.sarandi.pr.leg.br/media/./sapl/public/normajuridica/2009/2422/2422_texto_integral.pdf", "ementa": "Autoriza o Chefe do Poder Executivo Municipal a abrir cr\u00e9dito adicional especial, na forma que especifica."}, {"id": "2421", "ano": "2009", "numero": "1654", "tipo__sigla": "LEI", "tipo__descricao": "Lei Ordin\u00e1ria", "texto_integral": "http://sapl.sarandi.pr.leg.br/media/./sapl/public/normajuridica/2009/2421/2421_texto_integral.pdf", "ementa": "Autoriza o Chefe do Poder Executivo Municipal a abrir cr\u00e9dito adicional especial, na forma que especifica."}, {"id": "2420", "ano": "2009", "numero": "1653", "tipo__sigla": "LEI", "tipo__descricao": "Lei Ordin\u00e1ria", "texto_integral": "http://sapl.sarandi.pr.leg.br/media/./sapl/public/normajuridica/2009/2420/2420_texto_integral.pdf", "ementa": "Autoriza o Chefe do Poder Executivo Municipal a abrir cr\u00e9dito adicional especial, na forma que especifica."}, {"id": "1710", "ano": "2009", "numero": "212", "tipo__sigla": "LC", "tipo__descricao": "Lei Complementar", "texto_integral": "http://sapl.sarandi.pr.leg.br/media/./sapl/public/normajuridica/2009/1710/1710_texto_integral.pdf", "ementa": "Inclui rua no Eixo de Com\u00e9rcio e Servi\u00e7os-3, da Lei Complementar n\u00ba 3/92, na forma que especifica."}, {"id": "3343", "ano": "2009", "numero": "2", "tipo__sigla": "RES", "tipo__descricao": "Resolu\u00e7\u00e3o", "texto_integral": "http://sapl.sarandi.pr.leg.br/media/sapl/public/normajuridica/2009/3343/resolucao_002-2009_com_republicacao_resolucao_no_004_7EVrWW0.pdf", "ementa": "Altera dispositivos da Resolu\u00e7\u00e3o n\u00ba 004/94, que institui o Plano de Cargos e Carreiras, Vencimentos do Quadro de Servidores da C\u00e2mara Municipal, e d\u00e1 outras provid\u00eancias."}, {"id": "2419", "ano": "2009", "numero": "1652", "tipo__sigla": "LEI", "tipo__descricao": "Lei Ordin\u00e1ria", "texto_integral": "http://sapl.sarandi.pr.leg.br/media/./sapl/public/normajuridica/2009/2419/2419_texto_integral.pdf", "ementa": "Institui o Fundo Municipal de Meio Ambiente - FMMA, disp\u00f5e sobre a sua organiza\u00e7\u00e3o e d\u00e1 outras provid\u00eancias."}, {"id": "2418", "ano": "2009", "numero": "1651", "tipo__sigla": "LEI", "tipo__descricao": "Lei Ordin\u00e1ria", "texto_integral": "http://sapl.sarandi.pr.leg.br/media/", "ementa": "Altera a Lei n\u00ba 1279/2006, de 10 de abril de 2006, que criou o Servi\u00e7o Aut\u00e1rquico \u00c1guas de Sarandi - Servi\u00e7o Municipal de Saneamento Ambiental."}, {"id": "4211", "ano": "2009", "numero": "1650", "tipo__sigla": "LEI", "tipo__descricao": "Lei Ordin\u00e1ria", "texto_integral": "http://sapl.sarandi.pr.leg.br/media/sapl/public/normajuridica/2009/4211/lei_no_1650-2009.pdf", "ementa": "Disp\u00f5e sobre o plano municipal de saneamento b\u00e1sico, cria o conselho municipal de saneamento e o fundo municipal de saneamento e d\u00e1 outras provid\u00eancias."}, {"id": "2416", "ano": "2009", "numero": "1649", "tipo__sigla": "LEI", "tipo__descricao": "Lei Ordin\u00e1ria", "texto_integral": "http://sapl.sarandi.pr.leg.br/media/./sapl/public/normajuridica/2009/2416/2416_texto_integral.pdf", "ementa": "Institui o Plano Local de Habita\u00e7\u00e3o de Interesse Social, define princ\u00edpios, diretrizes, estrat\u00e9gias e instrumentos para a realiza\u00e7\u00e3o das a\u00e7\u00f5es de planejamento habitacional no munic\u00edpio de Sarandi, e d\u00e1 outras provid\u00eancias."}, {"id": "4656", "ano": "2009", "numero": "7", "tipo__sigla": "ATM", "tipo__descricao": "Ato da Mesa", "texto_integral": "http://sapl.sarandi.pr.leg.br/media/sapl/public/normajuridica/2009/4656/ato_da_mesa_no_007-2009.pdf", "ementa": "Declara a suspens\u00e3o de efic\u00e1cia da Lei Municipal n\u00ba 1074/2003, de 18 de mar\u00e7o de 2004."}, {"id": "2415", "ano": "2009", "numero": "1648", "tipo__sigla": "LEI", "tipo__descricao": "Lei Ordin\u00e1ria", "texto_integral": "http://sapl.sarandi.pr.leg.br/media/./sapl/public/normajuridica/2009/2415/2415_texto_integral.pdf", "ementa": "Autoriza a doa\u00e7\u00e3o de im\u00f3vel urbano \u00e0 C\u00e2mara Municipal de Sarandi, na forma que especifica."}, {"id": "2414", "ano": "2009", "numero": "1647", "tipo__sigla": "LEI", "tipo__descricao": "Lei Ordin\u00e1ria", "texto_integral": "http://sapl.sarandi.pr.leg.br/media/./sapl/public/normajuridica/2009/2414/2414_texto_integral.pdf", "ementa": "Autoriza o Chefe do Poder Executivo Municipal a abrir cr\u00e9dito adicional suplementar, na forma que especifica."}, {"id": "2413", "ano": "2009", "numero": "1646", "tipo__sigla": "LEI", "tipo__descricao": "Lei Ordin\u00e1ria", "texto_integral": "http://sapl.sarandi.pr.leg.br/media/./sapl/public/normajuridica/2009/2413/2413_texto_integral.pdf", "ementa": "Autoriza o Chefe do Poder Executivo Municipal a abrir cr\u00e9dito adicional suplementar, na forma que especifica."}, {"id": "2412", "ano": "2009", "numero": "1645", "tipo__sigla": "LEI", "tipo__descricao": "Lei Ordin\u00e1ria", "texto_integral": "http://sapl.sarandi.pr.leg.br/media/./sapl/public/normajuridica/2009/2412/2412_texto_integral.pdf", "ementa": "Disp\u00f5e sobre a obrigatoriedade das farm\u00e1cias de manipula\u00e7\u00e3o a fornecerem bulas descritivas junto aos medicamentos colocados \u00e0 disposi\u00e7\u00e3o dos usu\u00e1rios."}, {"id": "2411", "ano": "2009", "numero": "1644", "tipo__sigla": "LEI", "tipo__descricao": "Lei Ordin\u00e1ria", "texto_integral": "http://sapl.sarandi.pr.leg.br/media/./sapl/public/normajuridica/2009/2411/2411_texto_integral.pdf", "ementa": "Torna obrigat\u00f3ria a reserva de vagas nos centros municipais de educa\u00e7\u00e3o infantil para crian\u00e7as com defici\u00eancia ou portadoras de necessidades educativas especiais e d\u00e1 outras provid\u00eancias."}, {"id": "2410", "ano": "2009", "numero": "1643", "tipo__sigla": "LEI", "tipo__descricao": "Lei Ordin\u00e1ria", "texto_integral": "http://sapl.sarandi.pr.leg.br/media/./sapl/public/normajuridica/2009/2410/2410_texto_integral.pdf", "ementa": "Altera o artigo 1\u00ba da Lei Municipal n\u00ba 581/94, que transformou a Rua Castro Alves em m\u00e3o \u00fanica."}, {"id": "1709", "ano": "2009", "numero": "211", "tipo__sigla": "LC", "tipo__descricao": "Lei Complementar", "texto_integral": "http://sapl.sarandi.pr.leg.br/media/./sapl/public/normajuridica/2009/1709/1709_texto_integral.pdf", "ementa": "Inclui rua no Eixo de Com\u00e9rcio e Servi\u00e7os-1, na forma que especifica."}, {"id": "3292", "ano": "2009", "numero": "58", "tipo__sigla": "POR", "tipo__descricao": "Portaria", "texto_integral": "http://sapl.sarandi.pr.leg.br/media/./sapl/public/normajuridica/2009/3292/3292_texto_integral.pdf", "ementa": "NOMEIA ASSESSOR PARLAMENTAR MARIA CICERA DE OLIVEIRA, NO GABINETE DO VEREADOR REGINALDO ALVES DOS SANTOS"}, {"id": "2409", "ano": "2009", "numero": "1642", "tipo__sigla": "LEI", "tipo__descricao": "Lei Ordin\u00e1ria", "texto_integral": "http://sapl.sarandi.pr.leg.br/media/./sapl/public/normajuridica/2009/2409/2409_texto_integral.pdf", "ementa": "Autoriza o Chefe do Poder Executivo Municipal a abrir cr\u00e9dito adicional suplementar, na forma que especifica."}, {"id": "2408", "ano": "2009", "numero": "1641", "tipo__sigla": "LEI", "tipo__descricao": "Lei Ordin\u00e1ria", "texto_integral": "http://sapl.sarandi.pr.leg.br/media/./sapl/public/normajuridica/2009/2408/2408_texto_integral.pdf", "ementa": "Autoriza o Chefe do Poder Executivo Municipal a abrir cr\u00e9dito adicional suplementar, na forma que especifica."}, {"id": "2407", "ano": "2009", "numero": "1640", "tipo__sigla": "LEI", "tipo__descricao": "Lei Ordin\u00e1ria", "texto_integral": "http://sapl.sarandi.pr.leg.br/media/./sapl/public/normajuridica/2009/2407/2407_texto_integral.pdf", "ementa": "Institui o Programa de Coleta de Medicamentos em desuso e d\u00e1 outras provid\u00eancias."}, {"id": "2406", "ano": "2009", "numero": "1639", "tipo__sigla": "LEI", "tipo__descricao": "Lei Ordin\u00e1ria", "texto_integral": "http://sapl.sarandi.pr.leg.br/media/./sapl/public/normajuridica/2009/2406/2406_texto_integral.pdf", "ementa": "Disp\u00f5e sobre sentido de estacionamento de ve\u00edculos em trecho da Rua Castro Alves."}, {"id": "2405", "ano": "2009", "numero": "1638", "tipo__sigla": "LEI", "tipo__descricao": "Lei Ordin\u00e1ria", "texto_integral": "http://sapl.sarandi.pr.leg.br/media/./sapl/public/normajuridica/2009/2405/2405_texto_integral.pdf", "ementa": "Altera dispositivos da Lei Municipal n\u00ba 819/99, de 08/09/1999, o qual cria o Programa Municipal de Hortas em Terrenos Baldios e d\u00e1 outras provid\u00eancias."}, {"id": "1708", "ano": "2009", "numero": "210", "tipo__sigla": "LC", "tipo__descricao": "Lei Complementar", "texto_integral": "http://sapl.sarandi.pr.leg.br/media/./sapl/public/normajuridica/2009/1708/1708_texto_integral.pdf", "ementa": "Inclui rua no Eixo de Com\u00e9rcio e Servi\u00e7os-2, na forma que especifica."}, {"id": "1707", "ano": "2009", "numero": "209", "tipo__sigla": "LC", "tipo__descricao": "Lei Complementar", "texto_integral": "http://sapl.sarandi.pr.leg.br/media/./sapl/public/normajuridica/2009/1707/1707_texto_integral.pdf", "ementa": "Inclui rua no Eixo de Com\u00e9rcio e Servi\u00e7os-1, na forma que especifica."}, {"id": "1706", "ano": "2009", "numero": "208", "tipo__sigla": "LC", "tipo__descricao": "Lei Complementar", "texto_integral": "http://sapl.sarandi.pr.leg.br/media/./sapl/public/normajuridica/2009/1706/1706_texto_integral.pdf", "ementa": "Inclui rua no Eixo de Com\u00e9rcio e Servi\u00e7os-2, na forma que especifica."}, {"id": "1705", "ano": "2009", "numero": "207", "tipo__sigla": "LC", "tipo__descricao": "Lei Complementar", "texto_integral": "http://sapl.sarandi.pr.leg.br/media/./sapl/public/normajuridica/2009/1705/1705_texto_integral.pdf", "ementa": "Cria cargo de provimento efetivo, vagas e d\u00e1 outras provid\u00eancias."}, {"id": "1704", "ano": "2009", "numero": "206", "tipo__sigla": "LC", "tipo__descricao": "Lei Complementar", "texto_integral": "http://sapl.sarandi.pr.leg.br/media/./sapl/public/normajuridica/2009/1704/1704_texto_integral.pdf", "ementa": "Inclui avenida no Eixo de Com\u00e9rcio e Servi\u00e7os-2, na forma que especifica."}, {"id": "2404", "ano": "2009", "numero": "1637", "tipo__sigla": "LEI", "tipo__descricao": "Lei Ordin\u00e1ria", "texto_integral": "http://sapl.sarandi.pr.leg.br/media/./sapl/public/normajuridica/2009/2404/2404_texto_integral.pdf", "ementa": "Autoriza o Chefe do Poder Executivo Municipal a abrir cr\u00e9dito adicional especial, na forma que especifica."}, {"id": "2403", "ano": "2009", "numero": "1636", "tipo__sigla": "LEI", "tipo__descricao": "Lei Ordin\u00e1ria", "texto_integral": "http://sapl.sarandi.pr.leg.br/media/./sapl/public/normajuridica/2009/2403/2403_texto_integral.pdf", "ementa": "Autoriza o Chefe do Poder Executivo Municipal a abrir cr\u00e9dito adicional suplementar, na forma que especifica."}, {"id": "2395", "ano": "2009", "numero": "1628", "tipo__sigla": "LEI", "tipo__descricao": "Lei Ordin\u00e1ria", "texto_integral": "http://sapl.sarandi.pr.leg.br/media/./sapl/public/normajuridica/2009/2395/2395_texto_integral.pdf", "ementa": "Disciplina a da\u00e7\u00e3o em pagamento de bens im\u00f3veis, bens de produ\u00e7\u00e3o e servi\u00e7os como forma de extin\u00e7\u00e3o da obriga\u00e7\u00e3o tribut\u00e1ria, de servi\u00e7os e obras de infraestruturas no munic\u00edpio de Sarandi."}, {"id": "3335", "ano": "2009", "numero": "1", "tipo__sigla": "RES", "tipo__descricao": "Resolu\u00e7\u00e3o", "texto_integral": "http://sapl.sarandi.pr.leg.br/media/./sapl/public/normajuridica/2009/3335/3335_texto_integral.pdf", "ementa": "Institui C\u00f3digo de \u00c9tica e Decoro Parlamentar no \u00e2mbito do Poder Legislativo Municipal de Sarandi."}, {"id": "4659", "ano": "2009", "numero": "10", "tipo__sigla": "ATM", "tipo__descricao": "Ato da Mesa", "texto_integral": "http://sapl.sarandi.pr.leg.br/media/sapl/public/normajuridica/2009/4659/ato_da_mesa_no_010-2009.pdf", "ementa": "Declara suspens\u00e3o de efic\u00e1cia da Lei Complementar Municipal n\u00ba 104/2004, de 02 de setembro de 2004."}, {"id": "4658", "ano": "2009", "numero": "9", "tipo__sigla": "ATM", "tipo__descricao": "Ato da Mesa", "texto_integral": "http://sapl.sarandi.pr.leg.br/media/sapl/public/normajuridica/2009/4658/ato_da_mesa_no_009-2009.pdf", "ementa": "Declara suspens\u00e3o de efic\u00e1cia da Lei Complementar Municipal n\u00ba 098/2003, de 18 de mar\u00e7o de 2004."}, {"id": "4657", "ano": "2009", "numero": "8", "tipo__sigla": "ATM", "tipo__descricao": "Ato da Mesa", "texto_integral": "http://sapl.sarandi.pr.leg.br/media/sapl/public/normajuridica/2009/4657/ato_da_mesa_no_008-2009.pdf", "ementa": "Declara suspens\u00e3o de efic\u00e1cia da Lei Municipal n\u00ba 1293/2006, de 28 de agosto de 2006."}, {"id": "1703", "ano": "2009", "numero": "205", "tipo__sigla": "LC", "tipo__descricao": "Lei Complementar", "texto_integral": "http://sapl.sarandi.pr.leg.br/media/./sapl/public/normajuridica/2009/1703/1703_texto_integral.pdf", "ementa": "Prorroga prazos do Programa de Recupera\u00e7\u00e3o Fiscal de Sarandi - REFIS Municipal, na forma que especifica."}, {"id": "2402", "ano": "2009", "numero": "1635", "tipo__sigla": "LEI", "tipo__descricao": "Lei Ordin\u00e1ria", "texto_integral": "http://sapl.sarandi.pr.leg.br/media/./sapl/public/normajuridica/2009/2402/2402_texto_integral.pdf", "ementa": "Autoriza o Chefe do Poder Executivo Municipal a abrir cr\u00e9dito adicional suplementar, na forma que especifica."}, {"id": "1702", "ano": "2009", "numero": "204", "tipo__sigla": "LC", "tipo__descricao": "Lei Complementar", "texto_integral": "http://sapl.sarandi.pr.leg.br/media/./sapl/public/normajuridica/2009/1702/1702_texto_integral.pdf", "ementa": "Estabelece normas e procedimentos para a contrata\u00e7\u00e3o de pessoal na \u00e1rea de sa\u00fade e assist\u00eancia social p\u00fablica relativos \u00e0 estrutura\u00e7\u00e3o e provimento de cargo, remunera\u00e7\u00e3o e n\u00famero de vagas para o emprego p\u00fablico na Administra\u00e7\u00e3o Direta, conforme Lei n\u00ba 1633/2009, de 30/6/2009 e d\u00e1 outras provid\u00eancias."}, {"id": "3288", "ano": "2009", "numero": "57", "tipo__sigla": "POR", "tipo__descricao": "Portaria", "texto_integral": "http://sapl.sarandi.pr.leg.br/media/./sapl/public/normajuridica/2009/3288/3288_texto_integral.pdf", "ementa": "EXONERA ASSESSOR PARLAMENTAR RAQUEL ALVES FERREIRA DOS SANTOS DIAS, DO GABINETE DO VEREADOR REGINALDO ALVES DOS SANTOS"}, {"id": "2401", "ano": "2009", "numero": "1634", "tipo__sigla": "LEI", "tipo__descricao": "Lei Ordin\u00e1ria", "texto_integral": "http://sapl.sarandi.pr.leg.br/media/./sapl/public/normajuridica/2009/2401/2401_texto_integral.pdf", "ementa": "Disp\u00f5e sobre as diretrizes para elabora\u00e7\u00e3o da Lei Or\u00e7ament\u00e1ria para o exerc\u00edcio de 2010, e d\u00e1 outras provid\u00eancias."}, {"id": "3284", "ano": "2009", "numero": "56", "tipo__sigla": "POR", "tipo__descricao": "Portaria", "texto_integral": "http://sapl.sarandi.pr.leg.br/media/./sapl/public/normajuridica/2009/3284/3284_texto_integral.pdf", "ementa": "NOMEIA ASSESSOR PARLAMENTAR DAVID CEZAR DO CARMO, NO GABINETE DO VEREADOR EUNILDO ZANCHIM"}, {"id": "3280", "ano": "2009", "numero": "55", "tipo__sigla": "POR", "tipo__descricao": "Portaria", "texto_integral": "http://sapl.sarandi.pr.leg.br/media/./sapl/public/normajuridica/2009/3280/3280_texto_integral.pdf", "ementa": "NOMEIA ASSESSOR PARLAMENTAR LEGISLATIVO IVONE PEREIRA DA COSTA, NO GABINETE DO VEREADOR JOS\u00c9 ROBERTO GRAVA"}, {"id": "3276", "ano": "2009", "numero": "54", "tipo__sigla": "POR", "tipo__descricao": "Portaria", "texto_integral": "http://sapl.sarandi.pr.leg.br/media/./sapl/public/normajuridica/2009/3276/3276_texto_integral.pdf", "ementa": "EXONERA ASSESSOR LEGISLATIVO JACIR J\u00daNIOR BARBOSA, DO GABINETE DO VEREADOR JOS\u00c9 ROBERTO GRAVA"}, {"id": "2400", "ano": "2009", "numero": "1633", "tipo__sigla": "LEI", "tipo__descricao": "Lei Ordin\u00e1ria", "texto_integral": "http://sapl.sarandi.pr.leg.br/media/./sapl/public/normajuridica/2009/2400/2400_texto_integral.pdf", "ementa": "Disp\u00f5e sobre os empregos p\u00fablicos a serem criados no \u00e2mbito da Administra\u00e7\u00e3o Direta do Munic\u00edpio de Sarandi, objetivando operacionalizar a execu\u00e7\u00e3o de programas descentralizados na \u00e1rea da Sa\u00fade P\u00fablica e de Assist\u00eancia Social, firmados atrav\u00e9s de conv\u00eanio ou ajustes similares com o Governo Federal ou Estadual."}, {"id": "2399", "ano": "2009", "numero": "1632", "tipo__sigla": "LEI", "tipo__descricao": "Lei Ordin\u00e1ria", "texto_integral": "http://sapl.sarandi.pr.leg.br/media/./sapl/public/normajuridica/2009/2399/2399_texto_integral.pdf", "ementa": "Autoriza o Poder Executivo Municipal a regularizar o sistema de Plantas Urbanas e d\u00e1 outras provid\u00eancias."}, {"id": "2398", "ano": "2009", "numero": "1631", "tipo__sigla": "LEI", "tipo__descricao": "Lei Ordin\u00e1ria", "texto_integral": "http://sapl.sarandi.pr.leg.br/media/./sapl/public/normajuridica/2009/2398/2398_texto_integral.pdf", "ementa": "Institui a Semana de Preven\u00e7\u00e3o ao Alcoolismo."}, {"id": "2397", "ano": "2009", "numero": "1630", "tipo__sigla": "LEI", "tipo__descricao": "Lei Ordin\u00e1ria", "texto_integral": "http://sapl.sarandi.pr.leg.br/media/./sapl/public/normajuridica/2009/2397/2397_texto_integral.pdf", "ementa": "Disp\u00f5e sobre a cria\u00e7\u00e3o do Programa de Preven\u00e7\u00e3o e controle do diabetes em crian\u00e7as e adolescentes matriculados nas escolas da rede p\u00fablica municipal de ensino."}, {"id": "2396", "ano": "2009", "numero": "1629", "tipo__sigla": "LEI", "tipo__descricao": "Lei Ordin\u00e1ria", "texto_integral": "http://sapl.sarandi.pr.leg.br/media/./sapl/public/normajuridica/2009/2396/2396_texto_integral.pdf", "ementa": "Concede prefer\u00eancia na aquisi\u00e7\u00e3o de unidades habitacionais populares aos mun\u00edcipes portadores de necessidades especiais."}, {"id": "2394", "ano": "2009", "numero": "1627", "tipo__sigla": "LEI", "tipo__descricao": "Lei Ordin\u00e1ria", "texto_integral": "http://sapl.sarandi.pr.leg.br/media/./sapl/public/normajuridica/2009/2394/2394_texto_integral.pdf", "ementa": "Institui o Dia Municipal da Reciclagem do Lixo."}, {"id": "2393", "ano": "2009", "numero": "1626", "tipo__sigla": "LEI", "tipo__descricao": "Lei Ordin\u00e1ria", "texto_integral": "http://sapl.sarandi.pr.leg.br/media/./sapl/public/normajuridica/2009/2393/2393_texto_integral.pdf", "ementa": "Institui nas escolas da rede p\u00fablica municipal de ensino o Programa de conscientiza\u00e7\u00e3o e preven\u00e7\u00e3o da anorexia e bulimia nervosa."}, {"id": "2392", "ano": "2009", "numero": "1625", "tipo__sigla": "LEI", "tipo__descricao": "Lei Ordin\u00e1ria", "texto_integral": "http://sapl.sarandi.pr.leg.br/media/./sapl/public/normajuridica/2009/2392/2392_texto_integral.pdf", "ementa": "Autoriza o Chefe do Poder Executivo Municipal a abrir cr\u00e9dito adicional especial, na forma que especifica."}, {"id": "1701", "ano": "2009", "numero": "203", "tipo__sigla": "LC", "tipo__descricao": "Lei Complementar", "texto_integral": "http://sapl.sarandi.pr.leg.br/media/./sapl/public/normajuridica/2009/1701/1701_texto_integral.pdf", "ementa": "Acrescenta inciso IV ao artigo 93 da Lei Complementar Municipal n\u00ba 10/92 - \"Estatuto dos Servidores P\u00fablicos do Munic\u00edpio de Sarandi\"."}, {"id": "1700", "ano": "2009", "numero": "202", "tipo__sigla": "LC", "tipo__descricao": "Lei Complementar", "texto_integral": "http://sapl.sarandi.pr.leg.br/media/./sapl/public/normajuridica/2009/1700/1700_texto_integral.pdf", "ementa": "Inclui rua no Eixo de Com\u00e9rcio e Servi\u00e7os-1, na forma que especifica."}, {"id": "3272", "ano": "2009", "numero": "53", "tipo__sigla": "POR", "tipo__descricao": "Portaria", "texto_integral": "http://sapl.sarandi.pr.leg.br/media/./sapl/public/normajuridica/2009/3272/3272_texto_integral.pdf", "ementa": "EXONERA ASSESSOR PARLAMENTAR MARIA EDILEUSA DO CARMO, DO GABINETE DO VEREADOR EUNILDO ZANCHIM"}, {"id": "2391", "ano": "2009", "numero": "1624", "tipo__sigla": "LEI", "tipo__descricao": "Lei Ordin\u00e1ria", "texto_integral": "http://sapl.sarandi.pr.leg.br/media/./sapl/public/normajuridica/2009/2391/2391_texto_integral.pdf", "ementa": "Disp\u00f5e sobre os empregos p\u00fablicos a serem criados no \u00e2mbito da Administra\u00e7\u00e3o Direta do Munic\u00edpio de Sarandi, objetivando operacionalizar a execu\u00e7\u00e3o de programas descentralizados na \u00e1rea da sa\u00fade p\u00fablica firmados atrav\u00e9s de conv\u00eanio ou ajustes similares com o Governo Federal ou Estadual."}, {"id": "2390", "ano": "2009", "numero": "1623", "tipo__sigla": "LEI", "tipo__descricao": "Lei Ordin\u00e1ria", "texto_integral": "http://sapl.sarandi.pr.leg.br/media/./sapl/public/normajuridica/2009/2390/2390_texto_integral.pdf", "ementa": "Cria a Comiss\u00e3o Municipal de Defesa Civil - COMDEC do Munic\u00edpio de Sarandi, Estado do Paran\u00e1 e d\u00e1 outras provid\u00eancias."}, {"id": "3268", "ano": "2009", "numero": "52", "tipo__sigla": "POR", "tipo__descricao": "Portaria", "texto_integral": "http://sapl.sarandi.pr.leg.br/media/./sapl/public/normajuridica/2009/3268/3268_texto_integral.pdf", "ementa": "NOMEIA ASSESSOR PARLAMENTAR UELINTON DIONES SOUZA, PARA O GABINETE DO VEREADOR JO\u00c3O DE LARA VIEIRA"}, {"id": "3264", "ano": "2009", "numero": "51", "tipo__sigla": "POR", "tipo__descricao": "Portaria", "texto_integral": "http://sapl.sarandi.pr.leg.br/media/./sapl/public/normajuridica/2009/3264/3264_texto_integral.pdf", "ementa": "NOMEIA ASSESSOR PARLAMENTAR NILSON DA LUZ DO NASCIMENTO, PARA O GABINETE DO VEREADOR APARECIDO BIANCHO"}, {"id": "4292", "ano": "2009", "numero": "20", "tipo__sigla": "ELO", "tipo__descricao": "Emenda \u00e0 Lei Org\u00e2nica", "texto_integral": "http://sapl.sarandi.pr.leg.br/media/sapl/public/normajuridica/2009/4292/emenda_a_lei_organica_no_020-2009.pdf", "ementa": "D\u00e1 nova reda\u00e7\u00e3o ao artigo 20 e acrescenta um novo par\u00e1grafo."}, {"id": "3260", "ano": "2009", "numero": "50", "tipo__sigla": "POR", "tipo__descricao": "Portaria", "texto_integral": "http://sapl.sarandi.pr.leg.br/media/./sapl/public/normajuridica/2009/3260/3260_texto_integral.pdf", "ementa": "NOMEIA ASSESSOR PARLAMENTAR ROBERTO ARA\u00daJO, PARA O GABINETE DO VEREADOR BELMIRO DA SILVA FARIAS"}, {"id": "4609", "ano": "2009", "numero": "49", "tipo__sigla": "POR", "tipo__descricao": "Portaria", "texto_integral": "http://sapl.sarandi.pr.leg.br/media/sapl/public/normajuridica/2009/4609/portaria_n_0049-2009.pdf", "ementa": "EXONERA \u00c1 PEDIDO O SENHOR PEDRO BATISTA CASSIANO, DO CARGO DE ASSESSOR PARLAMENTAR, DO GABINETE DO VEREADOR JO\u00c3O LARA VIEIRA,"}, {"id": "3253", "ano": "2009", "numero": "48", "tipo__sigla": "POR", "tipo__descricao": "Portaria", "texto_integral": "http://sapl.sarandi.pr.leg.br/media/./sapl/public/normajuridica/2009/3253/3253_texto_integral.pdf", "ementa": "EXONERA A PEDIDO, ASSESSOR PARLAMENTAR LEANDRO JUNIOR PERES DE SOUZA, DO GABINETE DO VEREADOR APARECIDO BIANCHO"}, {"id": "3249", "ano": "2009", "numero": "47", "tipo__sigla": "POR", "tipo__descricao": "Portaria", "texto_integral": "http://sapl.sarandi.pr.leg.br/media/./sapl/public/normajuridica/2009/3249/3249_texto_integral.pdf", "ementa": "EXONERA DE OFICIO, ASSESSOR PARLAMENTAR LOURDES APARECIDA DO NASCIMENTO, DO GABINETE DO VEREADOR BELMIRO DA SILVA FARIAS"}, {"id": "2389", "ano": "2009", "numero": "1622", "tipo__sigla": "LEI", "tipo__descricao": "Lei Ordin\u00e1ria", "texto_integral": "http://sapl.sarandi.pr.leg.br/media/./sapl/public/normajuridica/2009/2389/2389_texto_integral.pdf", "ementa": "Autoriza o Chefe do Poder Executivo Municipal a conceder reposi\u00e7\u00e3o salarial, na forma que especifica."}, {"id": "3245", "ano": "2009", "numero": "46", "tipo__sigla": "POR", "tipo__descricao": "Portaria", "texto_integral": "http://sapl.sarandi.pr.leg.br/media/./sapl/public/normajuridica/2009/3245/3245_texto_integral.pdf", "ementa": "NOMEIA O ASSESSOR PARLAMENTAR ANTONIA BRAZ DA SILVA, PARA O GABINETE DO VEREADOR LUIZ CARLOS AGUIAR"}, {"id": "3241", "ano": "2009", "numero": "45", "tipo__sigla": "POR", "tipo__descricao": "Portaria", "texto_integral": "http://sapl.sarandi.pr.leg.br/media/./sapl/public/normajuridica/2009/3241/3241_texto_integral.pdf", "ementa": "NOMEIA O ASSESSOR PARLAMENTAR PAULO DE FREITAS, PARA O GABINETE DO VEREADOR RAFAEL PSZYBYLSKI"}, {"id": "1699", "ano": "2009", "numero": "201", "tipo__sigla": "LC", "tipo__descricao": "Lei Complementar", "texto_integral": "http://sapl.sarandi.pr.leg.br/media/./sapl/public/normajuridica/2009/1699/1699_texto_integral.pdf", "ementa": "Inclui rua no Eixo de Com\u00e9rcio e Servi\u00e7os-1, na forma que especifica."}, {"id": "1698", "ano": "2009", "numero": "200", "tipo__sigla": "LC", "tipo__descricao": "Lei Complementar", "texto_integral": "http://sapl.sarandi.pr.leg.br/media/./sapl/public/normajuridica/2009/1698/1698_texto_integral.pdf", "ementa": "Inclui rua no Eixo de Com\u00e9rcio e Servi\u00e7os-2, na forma que especifica."}, {"id": "1697", "ano": "2009", "numero": "199", "tipo__sigla": "LC", "tipo__descricao": "Lei Complementar", "texto_integral": "http://sapl.sarandi.pr.leg.br/media/./sapl/public/normajuridica/2009/1697/1697_texto_integral.pdf", "ementa": "Inclui rua no Eixo de Com\u00e9rcio e Servi\u00e7os-1, na forma que especifica."}, {"id": "1696", "ano": "2009", "numero": "198", "tipo__sigla": "LC", "tipo__descricao": "Lei Complementar", "texto_integral": "http://sapl.sarandi.pr.leg.br/media/./sapl/public/normajuridica/2009/1696/1696_texto_integral.pdf", "ementa": "Inclui avenida no Eixo de Com\u00e9rcio e Servi\u00e7os-2, na forma que especifica."}, {"id": "3237", "ano": "2009", "numero": "44", "tipo__sigla": "POR", "tipo__descricao": "Portaria", "texto_integral": "http://sapl.sarandi.pr.leg.br/media/./sapl/public/normajuridica/2009/3237/3237_texto_integral.pdf", "ementa": "EXONERA O ASSESSOR PARLAMENTAR JO\u00c3O PAULO MARQUES DA SILVA, NO GABINETE DO VEREADOR LUIZ CARLOS AGUIAR"}, {"id": "3233", "ano": "2009", "numero": "43", "tipo__sigla": "POR", "tipo__descricao": "Portaria", "texto_integral": "http://sapl.sarandi.pr.leg.br/media/./sapl/public/normajuridica/2009/3233/3233_texto_integral.pdf", "ementa": "NOMEIA O ASSESSOR PARLAMENTAR GILBERTO MESSIAS DE PINAS, NO GABINETE DO VEREADOR JOS\u00c9 ROBERTO GRAVA"}, {"id": "3228", "ano": "2009", "numero": "42", "tipo__sigla": "POR", "tipo__descricao": "Portaria", "texto_integral": "http://sapl.sarandi.pr.leg.br/media/./sapl/public/normajuridica/2009/3228/3228_texto_integral.pdf", "ementa": "NOMEIA O ASSESSOR LEGISLATIVO JACIR J\u00daNIOR BARBOSA, NO GABINETE DO VEREADOR JOS\u00c9 ROBERTO GRAVA"}, {"id": "3223", "ano": "2009", "numero": "41", "tipo__sigla": "POR", "tipo__descricao": "Portaria", "texto_integral": "http://sapl.sarandi.pr.leg.br/media/./sapl/public/normajuridica/2009/3223/3223_texto_integral.pdf", "ementa": "EXONERA O ASSESSOR PARLAMENTAR FRANCIELI FERREIRA DOS SANTOS, DO GABINETE DO VEREADOR JOS\u00c9 ROBERTO GRAVA"}, {"id": "3217", "ano": "2009", "numero": "40", "tipo__sigla": "POR", "tipo__descricao": "Portaria", "texto_integral": "http://sapl.sarandi.pr.leg.br/media/./sapl/public/normajuridica/2009/3217/3217_texto_integral.pdf", "ementa": "EXONERA O ASSESSOR PARLAMENTAR INES DA CONCEI\u00c7\u00c3O GRALIK LUIZ, DO GABINETE DO VEREADOR RAFAEL PSZYBYLSKI"}, {"id": "1534", "ano": "2009", "numero": "2", "tipo__sigla": "DL", "tipo__descricao": "Decreto Legislativo", "texto_integral": "http://sapl.sarandi.pr.leg.br/media/./sapl/public/normajuridica/2009/1534/1534_texto_integral.pdf", "ementa": "Concede T\u00edtulo de Cidad\u00e3o Honor\u00e1rio ao senhor Idanir Antonio Anversa."}, {"id": "2388", "ano": "2009", "numero": "1621", "tipo__sigla": "LEI", "tipo__descricao": "Lei Ordin\u00e1ria", "texto_integral": "http://sapl.sarandi.pr.leg.br/media/./sapl/public/normajuridica/2009/2388/2388_texto_integral.pdf", "ementa": "Disp\u00f5e sobre a erradica\u00e7\u00e3o de \u00e1rvores no munic\u00edpio."}, {"id": "1695", "ano": "2009", "numero": "197", "tipo__sigla": "LC", "tipo__descricao": "Lei Complementar", "texto_integral": "http://sapl.sarandi.pr.leg.br/media/./sapl/public/normajuridica/2009/1695/1695_texto_integral.pdf", "ementa": "Inclui rua no Eixo de Com\u00e9rcio e Servi\u00e7os-1, na forma que especifica."}, {"id": "1694", "ano": "2009", "numero": "196", "tipo__sigla": "LC", "tipo__descricao": "Lei Complementar", "texto_integral": "http://sapl.sarandi.pr.leg.br/media/./sapl/public/normajuridica/2009/1694/1694_texto_integral.pdf", "ementa": "Inclui rua no Eixo de Com\u00e9rcio e Servi\u00e7os-1, na forma que especifica."}, {"id": "1523", "ano": "2009", "numero": "1", "tipo__sigla": "DL", "tipo__descricao": "Decreto Legislativo", "texto_integral": "http://sapl.sarandi.pr.leg.br/media/./sapl/public/normajuridica/2009/1523/1523_texto_integral.pdf", "ementa": "Concede T\u00edtulo de Cidad\u00e3o Benem\u00e9rito ao senhor Jo\u00e3o Pedro Volpato."}, {"id": "3212", "ano": "2009", "numero": "39", "tipo__sigla": "POR", "tipo__descricao": "Portaria", "texto_integral": "http://sapl.sarandi.pr.leg.br/media/./sapl/public/normajuridica/2009/3212/3212_texto_integral.pdf", "ementa": "EXONERA O ASSESSOR LEGISLATIVO DIOGENES ALVES DE SOUZA, DO GABINETE DO VEREADOR JOS\u00c9 ROBERTO GRAVA"}, {"id": "2387", "ano": "2009", "numero": "1620", "tipo__sigla": "LEI", "tipo__descricao": "Lei Ordin\u00e1ria", "texto_integral": "http://sapl.sarandi.pr.leg.br/media/./sapl/public/normajuridica/2009/2387/2387_texto_integral.pdf", "ementa": "Institui a divisa \"SARANDI CIDADE PARA TODOS\" no munic\u00edpio, e d\u00e1 outras provid\u00eancias."}, {"id": "2386", "ano": "2009", "numero": "1619", "tipo__sigla": "LEI", "tipo__descricao": "Lei Ordin\u00e1ria", "texto_integral": "http://sapl.sarandi.pr.leg.br/media/./sapl/public/normajuridica/2009/2386/2386_texto_integral.pdf", "ementa": "Autoriza o Chefe do Poder Executivo Municipal a fixar piso m\u00ednimo de vencimentos dos servidores p\u00fablicos municipais de Sarandi e d\u00e1 outras provid\u00eancias."}, {"id": "2385", "ano": "2009", "numero": "1618", "tipo__sigla": "LEI", "tipo__descricao": "Lei Ordin\u00e1ria", "texto_integral": "http://sapl.sarandi.pr.leg.br/media/./sapl/public/normajuridica/2009/2385/2385_texto_integral.pdf", "ementa": "Autoriza o munic\u00edpio de Sarandi a firmar Termo de Coopera\u00e7\u00e3o com o Instituto Paranaense de Assist\u00eancia T\u00e9cnica e Extens\u00e3o Rural - EMATER, na forma que especifica."}, {"id": "1693", "ano": "2009", "numero": "195", "tipo__sigla": "LC", "tipo__descricao": "Lei Complementar", "texto_integral": "http://sapl.sarandi.pr.leg.br/media/./sapl/public/normajuridica/2009/1693/1693_texto_integral.pdf", "ementa": "Disp\u00f5e sobre a institui\u00e7\u00e3o do Programa de Recupera\u00e7\u00e3o Fiscal de Sarandi - REFIS MUNICIPAL."}, {"id": "2384", "ano": "2009", "numero": "1617", "tipo__sigla": "LEI", "tipo__descricao": "Lei Ordin\u00e1ria", "texto_integral": "http://sapl.sarandi.pr.leg.br/media/./sapl/public/normajuridica/2009/2384/2384_texto_integral.pdf", "ementa": "Autoriza o Poder Executivo Municipal a contratar financiamento junto ao Banco do Brasil S.A., e d\u00e1 outras provid\u00eancias."}, {"id": "2383", "ano": "2009", "numero": "1616", "tipo__sigla": "LEI", "tipo__descricao": "Lei Ordin\u00e1ria", "texto_integral": "http://sapl.sarandi.pr.leg.br/media/./sapl/public/normajuridica/2009/2383/2383_texto_integral.pdf", "ementa": "Autoriza a doa\u00e7\u00e3o de im\u00f3vel urbano ao Estado do Paran\u00e1, na forma que especifica."}, {"id": "3207", "ano": "2009", "numero": "38", "tipo__sigla": "POR", "tipo__descricao": "Portaria", "texto_integral": "http://sapl.sarandi.pr.leg.br/media/./sapl/public/normajuridica/2009/3207/3207_texto_integral.pdf", "ementa": "RETIRA MEMBROS DA COMISS\u00c3O DE RECEBIMENTO DE BENS, PARA FINS DE INFORMA\u00c7\u00c3O DO SIM-AM"}, {"id": "2382", "ano": "2009", "numero": "1615", "tipo__sigla": "LEI", "tipo__descricao": "Lei Ordin\u00e1ria", "texto_integral": "http://sapl.sarandi.pr.leg.br/media/./sapl/public/normajuridica/2009/2382/2382_texto_integral.pdf", "ementa": "Autoriza o Poder Executivo Municipal a contratar opera\u00e7\u00f5es de cr\u00e9dito com a Ag\u00eancia de Fomento do Paran\u00e1 S.A."}, {"id": "4610", "ano": "2009", "numero": "37", "tipo__sigla": "POR", "tipo__descricao": "Portaria", "texto_integral": "http://sapl.sarandi.pr.leg.br/media/sapl/public/normajuridica/2009/4610/portaria_n_0037-2009.pdf", "ementa": "Autorizar o Registro do acervo de Tempo de Servi\u00e7o, no assentamento individual do servidor ALCIDES GINO DOS SANTOS, nos termos do\r\nartigo 165 da Lei Complementar n\u00b0 010/1992, de 27/12/1992, para fins de Aposentadoria, 5.092 dias, correspondendo a 13 anos, 11 meses e 14 dias."}, {"id": "3197", "ano": "2009", "numero": "36", "tipo__sigla": "POR", "tipo__descricao": "Portaria", "texto_integral": "http://sapl.sarandi.pr.leg.br/media/./sapl/public/normajuridica/2009/3197/3197_texto_integral.pdf", "ementa": "DECRETA LUTO OFICIAL EM VIRTUDE DO PASSAMENTO DE IRINEU REGGIANI"}, {"id": "3190", "ano": "2009", "numero": "35", "tipo__sigla": "POR", "tipo__descricao": "Portaria", "texto_integral": "http://sapl.sarandi.pr.leg.br/media/./sapl/public/normajuridica/2009/3190/3190_texto_integral.pdf", "ementa": "NOMEIA O SENHOR ROVILSON JOS\u00c9 ARANTES, PARA O CARGO DE CONTADOR, NESTA CASA DE LEIS"}, {"id": "3183", "ano": "2009", "numero": "34", "tipo__sigla": "POR", "tipo__descricao": "Portaria", "texto_integral": "http://sapl.sarandi.pr.leg.br/media/./sapl/public/normajuridica/2009/3183/3183_texto_integral.pdf", "ementa": "NOMEIA A SENHORITA LUCIENE ASSONI TIMB\u00d3 DE SOUZA, PARA O CARGO DE ADVOGADO, NESTA CASA DE LEIS"}, {"id": "3176", "ano": "2009", "numero": "33", "tipo__sigla": "POR", "tipo__descricao": "Portaria", "texto_integral": "http://sapl.sarandi.pr.leg.br/media/./sapl/public/normajuridica/2009/3176/3176_texto_integral.pdf", "ementa": "NOMEIA A JOVEM ANDR\u00c9IA GOMES, PARA O CARGO DE CHEFE DE SE\u00c7\u00c3O, NESTA CASA DE LEIS"}, {"id": "3168", "ano": "2009", "numero": "32", "tipo__sigla": "POR", "tipo__descricao": "Portaria", "texto_integral": "http://sapl.sarandi.pr.leg.br/media/./sapl/public/normajuridica/2009/3168/3168_texto_integral.pdf", "ementa": "NOMEIA O JOVEM JHONATHAN WILLIAN BISPO GOES, NO CARGO DE ASSESSOR PARLAMENTAR, NESTA CASA DE LEIS"}, {"id": "3160", "ano": "2009", "numero": "31", "tipo__sigla": "POR", "tipo__descricao": "Portaria", "texto_integral": "http://sapl.sarandi.pr.leg.br/media/./sapl/public/normajuridica/2009/3160/3160_texto_integral.pdf", "ementa": "NOMEIA O JOVEM DYEGO MYAG MIAMOTO PEDROZO, NO CARGO DE ASSESSOR LEGISLATIVO, NO GABINETE DE CILAS SOUZA MORAIS"}, {"id": "3152", "ano": "2009", "numero": "30", "tipo__sigla": "POR", "tipo__descricao": "Portaria", "texto_integral": "http://sapl.sarandi.pr.leg.br/media/./sapl/public/normajuridica/2009/3152/3152_texto_integral.pdf", "ementa": "NOMEIA O SENHOR MAURICIO CAMARGO DOS SANTOS, NO CARGO DE CHEFE DA DIVIS\u00c3O DE PROCESSO LEGISLATIVO, DESTA CASA DE LEIS"}, {"id": "3143", "ano": "2009", "numero": "29", "tipo__sigla": "POR", "tipo__descricao": "Portaria", "texto_integral": "http://sapl.sarandi.pr.leg.br/media/./sapl/public/normajuridica/2009/3143/3143_texto_integral.pdf", "ementa": "EXONERA O JOVEM DIRCEU GOMES MEDEIROS, DO CARGO DE ASSESSOR LEGISLATIVO, DO GABINETE CILAS SOUZA MORAIS"}, {"id": "3134", "ano": "2009", "numero": "28", "tipo__sigla": "POR", "tipo__descricao": "Portaria", "texto_integral": "http://sapl.sarandi.pr.leg.br/media/./sapl/public/normajuridica/2009/3134/3134_texto_integral.pdf", "ementa": "EXONERA O SENHOR MAURICIO CAMARGO DOS SANTOS, DO CARGO DE ASSISTENTE PARLAMENTAR"}, {"id": "3125", "ano": "2009", "numero": "27", "tipo__sigla": "POR", "tipo__descricao": "Portaria", "texto_integral": "http://sapl.sarandi.pr.leg.br/media/./sapl/public/normajuridica/2009/3125/3125_texto_integral.pdf", "ementa": "DESIGNA EMPRESA E NOMEIA DR\u00aa KATIUCHA PEREIRA ROCHA, PARA REALIZAR EXAMES DE AVALIA\u00c7\u00c3O DE CAPACITA\u00c7\u00c3O FISICA E MENTAL AOS APROVADOS NOS CARGOS DE ADVOGADO E CONTADOR, ABERTO PELO EDITAL DE CONCURSO N\u00b0001/2008"}, {"id": "3116", "ano": "2009", "numero": "26", "tipo__sigla": "POR", "tipo__descricao": "Portaria", "texto_integral": "http://sapl.sarandi.pr.leg.br/media/./sapl/public/normajuridica/2009/3116/3116_texto_integral.pdf", "ementa": "NOMEIA A SENHORA SUELI GRALIK TURCI, COMO ASSESSOR LEGISLATIVO, NO GABINETE DO VEREADOR RAFAEL PSZYBYLSKI"}, {"id": "3107", "ano": "2009", "numero": "25", "tipo__sigla": "POR", "tipo__descricao": "Portaria", "texto_integral": "http://sapl.sarandi.pr.leg.br/media/./sapl/public/normajuridica/2009/3107/3107_texto_integral.pdf", "ementa": "NOMEIA O SENHOR JO\u00c3O BATISTA DA CRUZ, COMO ASSESSOR PARLAMENTAR, NO GABINETE DO VEREADOR JOS\u00c9 APARECIDO DA SILVA NITO"}, {"id": "3098", "ano": "2009", "numero": "24", "tipo__sigla": "POR", "tipo__descricao": "Portaria", "texto_integral": "http://sapl.sarandi.pr.leg.br/media/./sapl/public/normajuridica/2009/3098/3098_texto_integral.pdf", "ementa": "NOMEIA A SENHORA RAQUEL ALVES FERREIRA DOS SANTOS DIAS, COMO ASSESSOR PARLAMENTAR, NO GABINETE DO VEREADOR REGINALDO ALVES DOS SANTOS"}, {"id": "3089", "ano": "2009", "numero": "23", "tipo__sigla": "POR", "tipo__descricao": "Portaria", "texto_integral": "http://sapl.sarandi.pr.leg.br/media/./sapl/public/normajuridica/2009/3089/3089_texto_integral.pdf", "ementa": "NOMEIA O SENHOR LEANDRO J\u00daNIOR PERES DE SOUZA, COMO ASSESSOR PARLAMENTAR, NO GABINETE DO VEREADOR APARECIDO BIANCHO"}, {"id": "3079", "ano": "2009", "numero": "22", "tipo__sigla": "POR", "tipo__descricao": "Portaria", "texto_integral": "http://sapl.sarandi.pr.leg.br/media/./sapl/public/normajuridica/2009/3079/3079_texto_integral.pdf", "ementa": "NOMEIA A SENHORA MARIA EDILEUSA DO CARMO, COMO ASSESSOR PARLAMENTAR, NO GABINETE DO VEREADOR EUNILDO ZANCHIM"}, {"id": "3069", "ano": "2009", "numero": "21", "tipo__sigla": "POR", "tipo__descricao": "Portaria", "texto_integral": "http://sapl.sarandi.pr.leg.br/media/./sapl/public/normajuridica/2009/3069/3069_texto_integral.pdf", "ementa": "NOMEIA O SENHOR PEDRO BATISTA CASSIANO, COMO ASSESSOR PARLAMENTAR, NO GABINETE DO VEREADOR JO\u00c3O DE LARA VIEIRA"}, {"id": "3059", "ano": "2009", "numero": "20", "tipo__sigla": "POR", "tipo__descricao": "Portaria", "texto_integral": "http://sapl.sarandi.pr.leg.br/media/./sapl/public/normajuridica/2009/3059/3059_texto_integral.pdf", "ementa": "NOMEIA A SENHORITA FRANCIELI FERREIRA DOS SANTOS, COMO ASSESSOR PARLAMENTAR, NO GABINETE DO VEREADOR JOSE ROBERTO GRAVA"}, {"id": "3049", "ano": "2009", "numero": "19", "tipo__sigla": "POR", "tipo__descricao": "Portaria", "texto_integral": "http://sapl.sarandi.pr.leg.br/media/./sapl/public/normajuridica/2009/3049/3049_texto_integral.pdf", "ementa": "NOMEIA O SENHOR JO\u00c3O PAULO MARQUES DA SILVA, COMO ASSESSOR PARLAMENTAR, NO GABINETE DO VEREADOR LUIZ CARLOS DE AGUIAR"}, {"id": "3040", "ano": "2009", "numero": "18", "tipo__sigla": "POR", "tipo__descricao": "Portaria", "texto_integral": "http://sapl.sarandi.pr.leg.br/media/./sapl/public/normajuridica/2009/3040/3040_texto_integral.pdf", "ementa": "NOMEIA A SENHORA INES DA CONCEI\u00c7\u00c3O GRALIK LUIZ, COMO ASSESSOR PARLAMENTAR, NO GABINETE DO VEREADOR RAFAEL PSZYBYLSKI"}, {"id": "3030", "ano": "2009", "numero": "17", "tipo__sigla": "POR", "tipo__descricao": "Portaria", "texto_integral": "http://sapl.sarandi.pr.leg.br/media/./sapl/public/normajuridica/2009/3030/3030_texto_integral.pdf", "ementa": "NOMEIA O SENHOR JAIR CARNEIRO, COMO ASSESSOR LEGISLATIVO, NO GABINETE DO VEREADOR JOS\u00c9 APARECIDO DA SILVA NITO"}, {"id": "3020", "ano": "2009", "numero": "16", "tipo__sigla": "POR", "tipo__descricao": "Portaria", "texto_integral": "http://sapl.sarandi.pr.leg.br/media/./sapl/public/normajuridica/2009/3020/3020_texto_integral.pdf", "ementa": "NOMEIA A JOVEM DIRCEU GOMES MEDEIROS, COMO ASSESSOR LEGISLATIVO, NO GABINETE DO VEREADOR CILAS SOUZA MORAIS"}, {"id": "3009", "ano": "2009", "numero": "15", "tipo__sigla": "POR", "tipo__descricao": "Portaria", "texto_integral": "http://sapl.sarandi.pr.leg.br/media/./sapl/public/normajuridica/2009/3009/3009_texto_integral.pdf", "ementa": "HOMOLOGA O RESULTADO DAS COMISS\u00d5ES PERMANENTES PARA O ANO DE 2009"}, {"id": "2998", "ano": "2009", "numero": "14", "tipo__sigla": "POR", "tipo__descricao": "Portaria", "texto_integral": "http://sapl.sarandi.pr.leg.br/media/./sapl/public/normajuridica/2009/2998/2998_texto_integral.pdf", "ementa": "ALTERA DISPOSITIVO DA PORTARIA N\u00b0 013/2009"}, {"id": "2987", "ano": "2009", "numero": "13", "tipo__sigla": "POR", "tipo__descricao": "Portaria", "texto_integral": "http://sapl.sarandi.pr.leg.br/media/./sapl/public/normajuridica/2009/2987/2987_texto_integral.pdf", "ementa": "NOMEIA O SENHOR MAURICIO CAMARGO DOS SANTOS, COMO ASSESSOR PARLAMENTAR DESTA CASA DE LEIS"}, {"id": "2975", "ano": "2009", "numero": "12", "tipo__sigla": "POR", "tipo__descricao": "Portaria", "texto_integral": "http://sapl.sarandi.pr.leg.br/media/./sapl/public/normajuridica/2009/2975/2975_texto_integral.pdf", "ementa": "NOMEIA A SENHORA ROSELI CRISTINA FERREIRA DA CRUZ, COMO ASSESSOR LEGISLATIVO, NO GABINETE DO VEREADOR JO\u00c3O DE LARA VIEIRA"}, {"id": "2963", "ano": "2009", "numero": "11", "tipo__sigla": "POR", "tipo__descricao": "Portaria", "texto_integral": "http://sapl.sarandi.pr.leg.br/media/./sapl/public/normajuridica/2009/2963/2963_texto_integral.pdf", "ementa": "NOMEIA O SENHOR CLAUDINEI DE SOUZA, COMO ASSESSOR LEGISLATIVO, NO GABINETE DO VEREADOR BELMIRO DA SILVA FARIAS"}, {"id": "2951", "ano": "2009", "numero": "10", "tipo__sigla": "POR", "tipo__descricao": "Portaria", "texto_integral": "http://sapl.sarandi.pr.leg.br/media/./sapl/public/normajuridica/2009/2951/2951_texto_integral.pdf", "ementa": "NOMEIA A SENHORA MATILDE FUSCO DO EGIPTO DUARTE, COMO ASSESSOR LEGISLATIVO, NO GABINETE DO VEREADOR LUIZ CARLOS DE AGUIAR"}, {"id": "2939", "ano": "2009", "numero": "9", "tipo__sigla": "POR", "tipo__descricao": "Portaria", "texto_integral": "http://sapl.sarandi.pr.leg.br/media/./sapl/public/normajuridica/2009/2939/2939_texto_integral.pdf", "ementa": "NOMEIA O SENHOR ANTONIO DEL NERO, COMO ASSESSOR LEGISLATIVO, NO GABINETE DO VEREADOR EUNILDO ZANCHIM"}, {"id": "2927", "ano": "2009", "numero": "8", "tipo__sigla": "POR", "tipo__descricao": "Portaria", "texto_integral": "http://sapl.sarandi.pr.leg.br/media/./sapl/public/normajuridica/2009/2927/2927_texto_integral.pdf", "ementa": "NOMEIA O SENHOR ADEMAR SPOSITO, COMO ASSESSOR LEGISLATIVO, NO GABINETE DO VEREADOR REGINALDO ALVES DOS SANTOS"}, {"id": "2915", "ano": "2009", "numero": "7", "tipo__sigla": "POR", "tipo__descricao": "Portaria", "texto_integral": "http://sapl.sarandi.pr.leg.br/media/./sapl/public/normajuridica/2009/2915/2915_texto_integral.pdf", "ementa": "NOMEIA O SENHOR JORGE LUIZ BENTO, COMO ASSESSOR LEGISLATIVO, NO GABINETE DO VEREADOR APARECIDO BIANCHO"}, {"id": "2903", "ano": "2009", "numero": "6", "tipo__sigla": "POR", "tipo__descricao": "Portaria", "texto_integral": "http://sapl.sarandi.pr.leg.br/media/./sapl/public/normajuridica/2009/2903/2903_texto_integral.pdf", "ementa": "NOMEIA O SENHOR DIOGENES ALVES DE SOUZA, COMO ASSESSOR LEGISLATIVO, NO GABINETE DO VEREADOR JOS\u00c9 ROBERTO GRAVA"}, {"id": "2891", "ano": "2009", "numero": "5", "tipo__sigla": "POR", "tipo__descricao": "Portaria", "texto_integral": "http://sapl.sarandi.pr.leg.br/media/./sapl/public/normajuridica/2009/2891/2891_texto_integral.pdf", "ementa": "EXONERA A SENHORA SORAIA SOARES CONTE, DAS FUN\u00c7\u00d5ES DE ASSESSOR LEGISLATIVO, NO GABINETE DO VEREADOR RAFAEL PSZYBYLSKI"}, {"id": "2879", "ano": "2009", "numero": "4", "tipo__sigla": "POR", "tipo__descricao": "Portaria", "texto_integral": "http://sapl.sarandi.pr.leg.br/media/./sapl/public/normajuridica/2009/2879/2879_texto_integral.pdf", "ementa": "NOMEIA O JOVEM ELAN ALMEIDA DA SILVA, COMO CHEFE DE GABINETE, SIMBOLO CC-1"}, {"id": "2867", "ano": "2009", "numero": "3", "tipo__sigla": "POR", "tipo__descricao": "Portaria", "texto_integral": "http://sapl.sarandi.pr.leg.br/media/./sapl/public/normajuridica/2009/2867/2867_texto_integral.pdf", "ementa": "NOMEIA O DR. HUGO T\u00c9TTIO J\u00daNIOR, COMO PROCURADOR JURIDICO, SIMBOLO PJ, CC-1"}, {"id": "2855", "ano": "2009", "numero": "2", "tipo__sigla": "POR", "tipo__descricao": "Portaria", "texto_integral": "http://sapl.sarandi.pr.leg.br/media/./sapl/public/normajuridica/2009/2855/2855_texto_integral.pdf", "ementa": "NOMEIA A COMISS\u00c3O DE RECEBIMENTO E AVALIA\u00c7\u00c3O DE BENS PARA 2009/2010"}, {"id": "2843", "ano": "2009", "numero": "1", "tipo__sigla": "POR", "tipo__descricao": "Portaria", "texto_integral": "http://sapl.sarandi.pr.leg.br/media/./sapl/public/normajuridica/2009/2843/2843_texto_integral.pdf", "ementa": "NOMEIA A COMISS\u00c3O DE LICITA\u00c7\u00c3O E JULGAMENTO PARA 2009"}, {"id": "3328", "ano": "2008", "numero": "72", "tipo__sigla": "POR", "tipo__descricao": "Portaria", "texto_integral": "http://sapl.sarandi.pr.leg.br/media/./sapl/public/normajuridica/2008/3328/3328_texto_integral.pdf", "ementa": "TORNA P\u00daBLICO O FECHAMENTO DA C\u00c2MARA DE 24 DE DEZEMBRO DE 2008 A 2 DE JANEIRO 2009"}, {"id": "2381", "ano": "2008", "numero": "1614", "tipo__sigla": "LEI", "tipo__descricao": "Lei Ordin\u00e1ria", "texto_integral": "http://sapl.sarandi.pr.leg.br/media/./sapl/public/normajuridica/2008/2381/2381_texto_integral.pdf", "ementa": "Altera dispositivo da Lei Municipal n\u00ba 1329/2006, de 18/10/2006, que disp\u00f5e sobre a parceria entre o Poder Executivo Municipal e a comunidade para realizar obras de pavimenta\u00e7\u00e3o asf\u00e1ltica, na forma que especifica."}, {"id": "2380", "ano": "2008", "numero": "1613", "tipo__sigla": "LEI", "tipo__descricao": "Lei Ordin\u00e1ria", "texto_integral": "http://sapl.sarandi.pr.leg.br/media/./sapl/public/normajuridica/2008/2380/2380_texto_integral.pdf", "ementa": "Autoriza o Chefe do Poder Executivo Municipal a abrir cr\u00e9dito adicional especial, na forma que especifica."}, {"id": "2379", "ano": "2008", "numero": "1612", "tipo__sigla": "LEI", "tipo__descricao": "Lei Ordin\u00e1ria", "texto_integral": "http://sapl.sarandi.pr.leg.br/media/./sapl/public/normajuridica/2008/2379/2379_texto_integral.pdf", "ementa": "Autoriza o Chefe do Poder Executivo Municipal a abrir cr\u00e9dito adicional especial, na forma que especifica."}, {"id": "2378", "ano": "2008", "numero": "1611", "tipo__sigla": "LEI", "tipo__descricao": "Lei Ordin\u00e1ria", "texto_integral": "http://sapl.sarandi.pr.leg.br/media/./sapl/public/normajuridica/2008/2378/2378_texto_integral.pdf", "ementa": "Disp\u00f5e sobre as vagas destinadas ao estacionamento de motocicletas, motonetas e ciclomotores nas vias p\u00fablicas municipais."}, {"id": "2377", "ano": "2008", "numero": "1610", "tipo__sigla": "LEI", "tipo__descricao": "Lei Ordin\u00e1ria", "texto_integral": "http://sapl.sarandi.pr.leg.br/media/./sapl/public/normajuridica/2008/2377/2377_texto_integral.pdf", "ementa": "Altera dispositivos da Lei n\u00ba 1.379, que disp\u00f5e sobre a cria\u00e7\u00e3o do Conselho Municipal de Acompanhamento e Controle Social do Fundo de Manuten\u00e7\u00e3o e Desenvolvimento da Educa\u00e7\u00e3o e de Valoriza\u00e7\u00e3o dos Profissionais da Educa\u00e7\u00e3o-Conselho do FUNDEB."}, {"id": "2376", "ano": "2008", "numero": "1609", "tipo__sigla": "LEI", "tipo__descricao": "Lei Ordin\u00e1ria", "texto_integral": "http://sapl.sarandi.pr.leg.br/media/./sapl/public/normajuridica/2008/2376/2376_texto_integral.pdf", "ementa": "Disciplina as opera\u00e7\u00f5es de carga e descarga de mercadorias e outras presta\u00e7\u00f5es de servi\u00e7os na \u00e1rea comercial do munic\u00edpio de Sarandi."}, {"id": "2375", "ano": "2008", "numero": "1608", "tipo__sigla": "LEI", "tipo__descricao": "Lei Ordin\u00e1ria", "texto_integral": "http://sapl.sarandi.pr.leg.br/media/./sapl/public/normajuridica/2008/2375/2375_texto_integral.pdf", "ementa": "Autoriza o Poder Executivo Municipal a recebe um bem im\u00f3vel em doa\u00e7\u00e3o com encargos; Autoriza o munic\u00edpio de Sarandi a firma acordo judicial e d\u00e1 outras provid\u00eancias."}, {"id": "2374", "ano": "2008", "numero": "1607", "tipo__sigla": "LEI", "tipo__descricao": "Lei Ordin\u00e1ria", "texto_integral": "http://sapl.sarandi.pr.leg.br/media/./sapl/public/normajuridica/2008/2374/2374_texto_integral.pdf", "ementa": "Disp\u00f5e sobre a constru\u00e7\u00e3o de pista de caminhada, pista de ciclismo e \u00e1rea de lazer ao lado da linha f\u00e9rrea que passa pela cidade de Sarandi."}, {"id": "2373", "ano": "2008", "numero": "1606", "tipo__sigla": "LEI", "tipo__descricao": "Lei Ordin\u00e1ria", "texto_integral": "http://sapl.sarandi.pr.leg.br/media/./sapl/public/normajuridica/2008/2373/2373_texto_integral.pdf", "ementa": "Disp\u00f5e sobre denomina\u00e7\u00e3o de pra\u00e7a no centro."}, {"id": "2372", "ano": "2008", "numero": "1605", "tipo__sigla": "LEI", "tipo__descricao": "Lei Ordin\u00e1ria", "texto_integral": "http://sapl.sarandi.pr.leg.br/media/./sapl/public/normajuridica/2008/2372/2372_texto_integral.pdf", "ementa": "Autoriza o Chefe do Poder Executivo Municipal a abrir cr\u00e9dito adicional especial, na forma que especifica."}, {"id": "2371", "ano": "2008", "numero": "1604", "tipo__sigla": "LEI", "tipo__descricao": "Lei Ordin\u00e1ria", "texto_integral": "http://sapl.sarandi.pr.leg.br/media/./sapl/public/normajuridica/2008/2371/2371_texto_integral.pdf", "ementa": "Disp\u00f5e sobre o fornecimento aos pais do Plano de Ensino Escolar das Unidades Educacionais do Munic\u00edpio."}, {"id": "2370", "ano": "2008", "numero": "1603", "tipo__sigla": "LEI", "tipo__descricao": "Lei Ordin\u00e1ria", "texto_integral": "http://sapl.sarandi.pr.leg.br/media/./sapl/public/normajuridica/2008/2370/2370_texto_integral.pdf", "ementa": "Autoriza o Poder Executivo anuir em conv\u00eanio a ser firmado entre AFUMUSA e o Banco Industrial e d\u00e1 outras provid\u00eancias."}, {"id": "2369", "ano": "2008", "numero": "1602", "tipo__sigla": "LEI", "tipo__descricao": "Lei Ordin\u00e1ria", "texto_integral": "http://sapl.sarandi.pr.leg.br/media/./sapl/public/normajuridica/2008/2369/2369_texto_integral.pdf", "ementa": "Revoga a Lei Municipal n\u00ba 655/1996, de 27/11/1996."}, {"id": "1692", "ano": "2008", "numero": "194", "tipo__sigla": "LC", "tipo__descricao": "Lei Complementar", "texto_integral": "http://sapl.sarandi.pr.leg.br/media/./sapl/public/normajuridica/2008/1692/1692_texto_integral.pdf", "ementa": "Autoriza a prorroga\u00e7\u00e3o de prazo para conclus\u00e3o de obras de infraestrutura em loteamento urbano e d\u00e1 outras provid\u00eancias."}, {"id": "1691", "ano": "2008", "numero": "193", "tipo__sigla": "LC", "tipo__descricao": "Lei Complementar", "texto_integral": "http://sapl.sarandi.pr.leg.br/media/./sapl/public/normajuridica/2008/1691/1691_texto_integral.pdf", "ementa": "Inclui rua no Eixo de Com\u00e9rcio e Servi\u00e7os-3, na forma que especifica."}, {"id": "1574", "ano": "2008", "numero": "8", "tipo__sigla": "DL", "tipo__descricao": "Decreto Legislativo", "texto_integral": "http://sapl.sarandi.pr.leg.br/media/./sapl/public/normajuridica/2008/1574/1574_texto_integral.pdf", "ementa": "Referenda e aprova o Termo de Conv\u00eanio de Coopera\u00e7\u00e3o Financeira celebrado entre o Munic\u00edpio de Sarandi e o Conselho Comunit\u00e1rio de Seguran\u00e7a de Sarandi - Conseg."}, {"id": "1570", "ano": "2008", "numero": "7", "tipo__sigla": "DL", "tipo__descricao": "Decreto Legislativo", "texto_integral": "http://sapl.sarandi.pr.leg.br/media/./sapl/public/normajuridica/2008/1570/1570_texto_integral.pdf", "ementa": "Referenda Decreto n\u00ba 1189/2008, do Poder Executivo Municipal."}, {"id": "3354", "ano": "2008", "numero": "4", "tipo__sigla": "RES", "tipo__descricao": "Resolu\u00e7\u00e3o", "texto_integral": "http://sapl.sarandi.pr.leg.br/media/./sapl/public/normajuridica/2008/3354/3354_texto_integral.pdf", "ementa": "D\u00e1 nova reda\u00e7\u00e3o ao caput do artigo 1\u00ba da Resolu\u00e7\u00e3o n\u00ba 001/2005, e introduz as al\u00edneas \"a\" e \"b\" no texto do artigo."}, {"id": "2368", "ano": "2008", "numero": "1601", "tipo__sigla": "LEI", "tipo__descricao": "Lei Ordin\u00e1ria", "texto_integral": "http://sapl.sarandi.pr.leg.br/media/./sapl/public/normajuridica/2008/2368/2368_texto_integral.pdf", "ementa": "Estima a receita e fixa a despesa do munic\u00edpio para o exerc\u00edcio de 2009."}, {"id": "3327", "ano": "2008", "numero": "71", "tipo__sigla": "POR", "tipo__descricao": "Portaria", "texto_integral": "http://sapl.sarandi.pr.leg.br/media/./sapl/public/normajuridica/2008/3327/3327_texto_integral.pdf", "ementa": "EXONERA ASSESSOR PARLAMENTAR DO GABINETE DO VEREADOR JOS\u00c9 DUARTE"}, {"id": "3326", "ano": "2008", "numero": "70", "tipo__sigla": "POR", "tipo__descricao": "Portaria", "texto_integral": "http://sapl.sarandi.pr.leg.br/media/./sapl/public/normajuridica/2008/3326/3326_texto_integral.pdf", "ementa": "EXONERA ASSESSOR LEGISLATIVO DO GABINETE DO VEREADOR JOS\u00c9 DUARTE"}, {"id": "3325", "ano": "2008", "numero": "69", "tipo__sigla": "POR", "tipo__descricao": "Portaria", "texto_integral": "http://sapl.sarandi.pr.leg.br/media/./sapl/public/normajuridica/2008/3325/3325_texto_integral.pdf", "ementa": "EXONERA ASSESSOR LEGISLATIVO DO GABINETE DO VEREADOR PAULO CAETANO GON\u00c7ALVES"}, {"id": "3322", "ano": "2008", "numero": "68", "tipo__sigla": "POR", "tipo__descricao": "Portaria", "texto_integral": "http://sapl.sarandi.pr.leg.br/media/./sapl/public/normajuridica/2008/3322/3322_texto_integral.pdf", "ementa": "EXONERA ASSESSOR LEGISLATIVO DO GABINETE DO VEREADOR LUIZ CARLOS DE AGUIAR"}, {"id": "3319", "ano": "2008", "numero": "67", "tipo__sigla": "POR", "tipo__descricao": "Portaria", "texto_integral": "http://sapl.sarandi.pr.leg.br/media/./sapl/public/normajuridica/2008/3319/3319_texto_integral.pdf", "ementa": "EXONERA CHEFE DE GABINETE DA PRESID\u00caNCIA DA C\u00c2MARA MUNICIPAL"}, {"id": "3316", "ano": "2008", "numero": "66", "tipo__sigla": "POR", "tipo__descricao": "Portaria", "texto_integral": "http://sapl.sarandi.pr.leg.br/media/./sapl/public/normajuridica/2008/3316/3316_texto_integral.pdf", "ementa": "EXONERA ASSESSOR LEGISLATIVO DO GABINETE DO VEREADOR JO\u00c3O DE LARA VIEIRA"}, {"id": "3313", "ano": "2008", "numero": "65", "tipo__sigla": "POR", "tipo__descricao": "Portaria", "texto_integral": "http://sapl.sarandi.pr.leg.br/media/./sapl/public/normajuridica/2008/3313/3313_texto_integral.pdf", "ementa": "EXONERA ASSESSOR PARLAMENTAR DO GABINETE DO VEREADOR LUIZ CARLOS DE AGUIAR"}, {"id": "3310", "ano": "2008", "numero": "64", "tipo__sigla": "POR", "tipo__descricao": "Portaria", "texto_integral": "http://sapl.sarandi.pr.leg.br/media/./sapl/public/normajuridica/2008/3310/3310_texto_integral.pdf", "ementa": "EXONERA ASSESSOR PARLAMENTAR DO GABINETE DO VEREADOR CILAS SOUZA MORAIS"}, {"id": "3307", "ano": "2008", "numero": "63", "tipo__sigla": "POR", "tipo__descricao": "Portaria", "texto_integral": "http://sapl.sarandi.pr.leg.br/media/./sapl/public/normajuridica/2008/3307/3307_texto_integral.pdf", "ementa": "EXONERA ASSESSOR LEGISLATIVO DO GABINETE DO VEREADOR CILAS SOUZA MORAIS"}, {"id": "3304", "ano": "2008", "numero": "62", "tipo__sigla": "POR", "tipo__descricao": "Portaria", "texto_integral": "http://sapl.sarandi.pr.leg.br/media/./sapl/public/normajuridica/2008/3304/3304_texto_integral.pdf", "ementa": "EXONERA ASSESSOR LEGISLATIVO DO GABINETE DO VEREADOR ANTONIO DA CUNHA"}, {"id": "3301", "ano": "2008", "numero": "61", "tipo__sigla": "POR", "tipo__descricao": "Portaria", "texto_integral": "http://sapl.sarandi.pr.leg.br/media/./sapl/public/normajuridica/2008/3301/3301_texto_integral.pdf", "ementa": "EXONERA ASSESSOR PARLAMENTAR DO GABINETE DO VEREADOR VALDIR DA SILVA"}, {"id": "4611", "ano": "2008", "numero": "60", "tipo__sigla": "POR", "tipo__descricao": "Portaria", "texto_integral": "http://sapl.sarandi.pr.leg.br/media/sapl/public/normajuridica/2008/4611/portaria_n_0060-2008.pdf", "ementa": "EXONERA A SENHORA SANDRA REGINA MARTINS VALOTTA, ASSESSOR PARLAMENTAR."}, {"id": "3295", "ano": "2008", "numero": "59", "tipo__sigla": "POR", "tipo__descricao": "Portaria", "texto_integral": "http://sapl.sarandi.pr.leg.br/media/./sapl/public/normajuridica/2008/3295/3295_texto_integral.pdf", "ementa": "EXONERA ASSESSOR PARLAMENTAR DO GABINETE DO VEREADOR JO\u00c3O LARA DE VIEIRA"}, {"id": "3291", "ano": "2008", "numero": "58", "tipo__sigla": "POR", "tipo__descricao": "Portaria", "texto_integral": "http://sapl.sarandi.pr.leg.br/media/./sapl/public/normajuridica/2008/3291/3291_texto_integral.pdf", "ementa": "EXONERA ASSESSOR PARLAMENTAR DO GABINETE DO VEREADOR CLEITON DAMASCENO DO CARMO"}, {"id": "3287", "ano": "2008", "numero": "57", "tipo__sigla": "POR", "tipo__descricao": "Portaria", "texto_integral": "http://sapl.sarandi.pr.leg.br/media/./sapl/public/normajuridica/2008/3287/3287_texto_integral.pdf", "ementa": "EXONERA ASSESSOR PARLAMENTAR DO GABINETE DO VEREADOR ANTONIO DA CUNHA"}, {"id": "3283", "ano": "2008", "numero": "56", "tipo__sigla": "POR", "tipo__descricao": "Portaria", "texto_integral": "http://sapl.sarandi.pr.leg.br/media/./sapl/public/normajuridica/2008/3283/3283_texto_integral.pdf", "ementa": "EXONERA ASSESSOR PARLAMENTAR DO GABINETE DO VEREADOR RAFAEL PSZYBYLSKI"}, {"id": "3279", "ano": "2008", "numero": "55", "tipo__sigla": "POR", "tipo__descricao": "Portaria", "texto_integral": "http://sapl.sarandi.pr.leg.br/media/./sapl/public/normajuridica/2008/3279/3279_texto_integral.pdf", "ementa": "EXONERA PROCURADOR JURIDICO DA C\u00c2MARA MUNICIPAL"}, {"id": "3275", "ano": "2008", "numero": "54", "tipo__sigla": "POR", "tipo__descricao": "Portaria", "texto_integral": "http://sapl.sarandi.pr.leg.br/media/./sapl/public/normajuridica/2008/3275/3275_texto_integral.pdf", "ementa": "EXONERA ASSESSOR PARLAMENTAR DA C\u00c2MARA MUNICIPAL"}, {"id": "3271", "ano": "2008", "numero": "53", "tipo__sigla": "POR", "tipo__descricao": "Portaria", "texto_integral": "http://sapl.sarandi.pr.leg.br/media/./sapl/public/normajuridica/2008/3271/3271_texto_integral.pdf", "ementa": "EXONERA DE CHEFE DE SE\u00c7\u00c3O, DA C\u00c2MARA MUNICIPAL"}, {"id": "3267", "ano": "2008", "numero": "52", "tipo__sigla": "POR", "tipo__descricao": "Portaria", "texto_integral": "http://sapl.sarandi.pr.leg.br/media/./sapl/public/normajuridica/2008/3267/3267_texto_integral.pdf", "ementa": "EXONERA ASSESSOR LEGISLATIVO DO GABINETE DO VEREADOR VALDIR DA SILVA"}, {"id": "3263", "ano": "2008", "numero": "51", "tipo__sigla": "POR", "tipo__descricao": "Portaria", "texto_integral": "http://sapl.sarandi.pr.leg.br/media/./sapl/public/normajuridica/2008/3263/3263_texto_integral.pdf", "ementa": "EXONERA ASSESSOR LEGISLATIVO DO GABINETE DO VEREADOR CLEITON DAMASCENO DO CARMO"}, {"id": "3259", "ano": "2008", "numero": "50", "tipo__sigla": "POR", "tipo__descricao": "Portaria", "texto_integral": "http://sapl.sarandi.pr.leg.br/media/./sapl/public/normajuridica/2008/3259/3259_texto_integral.pdf", "ementa": "EXONERA ASSESSOR LEGISLATIVO DO GABINETE DO VEREADOR CLAUDIONEI APARECIDO VITORINO DA SILVA"}, {"id": "3256", "ano": "2008", "numero": "49", "tipo__sigla": "POR", "tipo__descricao": "Portaria", "texto_integral": "http://sapl.sarandi.pr.leg.br/media/./sapl/public/normajuridica/2008/3256/3256_texto_integral.pdf", "ementa": "CONCEDE INCORPORA\u00c7\u00c3O DA LICEN\u00c7A PR\u00caMIO AO SERVIDOR FRANCISCO ADALBERTO DE SOUZA"}, {"id": "3252", "ano": "2008", "numero": "48", "tipo__sigla": "POR", "tipo__descricao": "Portaria", "texto_integral": "http://sapl.sarandi.pr.leg.br/media/./sapl/public/normajuridica/2008/3252/3252_texto_integral.pdf", "ementa": "CONCEDE INCORPORA\u00c7\u00c3O DA LICEN\u00c7A PR\u00caMIO AO SERVIDOR FRANCISCO ADALBERTO DE SOUZA"}, {"id": "3248", "ano": "2008", "numero": "47", "tipo__sigla": "POR", "tipo__descricao": "Portaria", "texto_integral": "http://sapl.sarandi.pr.leg.br/media/./sapl/public/normajuridica/2008/3248/3248_texto_integral.pdf", "ementa": "CONCEDE PROGRESS\u00c3O FUNCIONAL AO SERVIDOR FRANCISCO ADALBERTO DE SOUZA"}, {"id": "3244", "ano": "2008", "numero": "46", "tipo__sigla": "POR", "tipo__descricao": "Portaria", "texto_integral": "http://sapl.sarandi.pr.leg.br/media/./sapl/public/normajuridica/2008/3244/3244_texto_integral.pdf", "ementa": "CONCEDE PROGRESS\u00c3O FUNCIONAL A SERVIDORA M\u00d4NICA CRISTINA GONZALVES"}, {"id": "3240", "ano": "2008", "numero": "45", "tipo__sigla": "POR", "tipo__descricao": "Portaria", "texto_integral": "http://sapl.sarandi.pr.leg.br/media/./sapl/public/normajuridica/2008/3240/3240_texto_integral.pdf", "ementa": "CONCEDE PROGRESS\u00c3O FUNCIONAL AOS SERVIDORES CLEONICE IZIDIO DE AZEVEDO E DALVECIR APARECIDO BONORA"}, {"id": "3236", "ano": "2008", "numero": "44", "tipo__sigla": "POR", "tipo__descricao": "Portaria", "texto_integral": "http://sapl.sarandi.pr.leg.br/media/./sapl/public/normajuridica/2008/3236/3236_texto_integral.pdf", "ementa": "CONCEDE PROGRESS\u00c3O FUNCIONAL AO SERVIDOR FRANCISCO ADALBERTO DE SOUZA"}, {"id": "3232", "ano": "2008", "numero": "43", "tipo__sigla": "POR", "tipo__descricao": "Portaria", "texto_integral": "http://sapl.sarandi.pr.leg.br/media/./sapl/public/normajuridica/2008/3232/3232_texto_integral.pdf", "ementa": "CONCEDE PROGRESS\u00c3O FUNCIONAL E SERVIDORA M\u00d4NICA CRISTINA GONZALVES"}, {"id": "3227", "ano": "2008", "numero": "42", "tipo__sigla": "POR", "tipo__descricao": "Portaria", "texto_integral": "http://sapl.sarandi.pr.leg.br/media/./sapl/public/normajuridica/2008/3227/3227_texto_integral.pdf", "ementa": "CONCEDE PROGRESS\u00c3O FUNCIONAL AOS SERVIDORES CLEONICE IZIDIO DE AZEVEDO E DALVECIR APARECIDO BONORA"}, {"id": "3222", "ano": "2008", "numero": "41", "tipo__sigla": "POR", "tipo__descricao": "Portaria", "texto_integral": "http://sapl.sarandi.pr.leg.br/media/./sapl/public/normajuridica/2008/3222/3222_texto_integral.pdf", "ementa": "NOMEIA A SENHORITA JANDIRA PERNA, COMO ASSESSOR PARLAMENTAR, SIMBOLO CC-4, NO GABINETE DO VEREADOR JOS\u00c9 DUARTE"}, {"id": "3216", "ano": "2008", "numero": "40", "tipo__sigla": "POR", "tipo__descricao": "Portaria", "texto_integral": "http://sapl.sarandi.pr.leg.br/media/./sapl/public/normajuridica/2008/3216/3216_texto_integral.pdf", "ementa": "NOMEIA O SENHOR FUAD BENEDITO TAUIL, COMO ASSESSOR LEGISLATIVO, SIMBOLO CC-3, NO GABINETE DO VEREADOR JOS\u00c9 DUARTE"}, {"id": "3211", "ano": "2008", "numero": "39", "tipo__sigla": "POR", "tipo__descricao": "Portaria", "texto_integral": "http://sapl.sarandi.pr.leg.br/media/./sapl/public/normajuridica/2008/3211/3211_texto_integral.pdf", "ementa": "NOMEIA A SENHORITA SUZANA DANNIELI DE SENE, COMO ASSESSOR LEGISLATIVO, SIMBOLO CC-3, NO GABINETE DO VEREADOR PAULO CAETANO GON\u00c7ALVES"}, {"id": "3206", "ano": "2008", "numero": "38", "tipo__sigla": "POR", "tipo__descricao": "Portaria", "texto_integral": "http://sapl.sarandi.pr.leg.br/media/./sapl/public/normajuridica/2008/3206/3206_texto_integral.pdf", "ementa": "NOMEIA A SENHORITA SANDRA REGINA RIBEIRO, COMO ASSESSOR LEGISLATIVO, SIMBOLO CC-3, NO GABINETE DO VEREADOR LUIZ CARLOS DE AGUIAR"}, {"id": "3202", "ano": "2008", "numero": "37", "tipo__sigla": "POR", "tipo__descricao": "Portaria", "texto_integral": "http://sapl.sarandi.pr.leg.br/media/./sapl/public/normajuridica/2008/3202/3202_texto_integral.pdf", "ementa": "EXONERA O SENHOR CLAUDINEI DE SOUZA, COMO ASSESSOR LEGISLATIVO, SIMBOLO CC-3, DO GABINETE DO VEREADOR BELMIRO DA SILVA FARIAS"}, {"id": "2367", "ano": "2008", "numero": "1600", "tipo__sigla": "LEI", "tipo__descricao": "Lei Ordin\u00e1ria", "texto_integral": "http://sapl.sarandi.pr.leg.br/media/./sapl/public/normajuridica/2008/2367/2367_texto_integral.pdf", "ementa": "Autoriza o Chefe do Poder Executivo Municipal a abrir cr\u00e9dito adicional especial, na forma que especifica."}, {"id": "2366", "ano": "2008", "numero": "1599", "tipo__sigla": "LEI", "tipo__descricao": "Lei Ordin\u00e1ria", "texto_integral": "http://sapl.sarandi.pr.leg.br/media/./sapl/public/normajuridica/2008/2366/2366_texto_integral.pdf", "ementa": "Autoriza o Chefe do Poder Executivo Municipal a abrir cr\u00e9dito adicional suplementar, na forma que especifica."}, {"id": "2365", "ano": "2008", "numero": "1598", "tipo__sigla": "LEI", "tipo__descricao": "Lei Ordin\u00e1ria", "texto_integral": "http://sapl.sarandi.pr.leg.br/media/./sapl/public/normajuridica/2008/2365/2365_texto_integral.pdf", "ementa": "Autoriza o Chefe do Poder Executivo Municipal a abrir cr\u00e9dito adicional suplementar, na forma que especifica."}, {"id": "2364", "ano": "2008", "numero": "1597", "tipo__sigla": "LEI", "tipo__descricao": "Lei Ordin\u00e1ria", "texto_integral": "http://sapl.sarandi.pr.leg.br/media/./sapl/public/normajuridica/2008/2364/2364_texto_integral.pdf", "ementa": "Declara de utilidade p\u00fablica o Centro de Conviv\u00eancia dos Idosos de Sarandi."}, {"id": "2363", "ano": "2008", "numero": "1596", "tipo__sigla": "LEI", "tipo__descricao": "Lei Ordin\u00e1ria", "texto_integral": "http://sapl.sarandi.pr.leg.br/media/./sapl/public/normajuridica/2008/2363/2363_texto_integral.pdf", "ementa": "Autoriza o Poder Executivo Municipal a conceder direito real de uso de im\u00f3veis pertencentes \u00e0 municipalidade, na forma que especifica."}, {"id": "2362", "ano": "2008", "numero": "1595", "tipo__sigla": "LEI", "tipo__descricao": "Lei Ordin\u00e1ria", "texto_integral": "http://sapl.sarandi.pr.leg.br/media/./sapl/public/normajuridica/2008/2362/2362_texto_integral.pdf", "ementa": "Autoriza a aprova\u00e7\u00e3o de loteamento urbano e d\u00e1 outras provid\u00eancias."}, {"id": "2361", "ano": "2008", "numero": "1594", "tipo__sigla": "LEI", "tipo__descricao": "Lei Ordin\u00e1ria", "texto_integral": "http://sapl.sarandi.pr.leg.br/media/./sapl/public/normajuridica/2008/2361/2361_texto_integral.pdf", "ementa": "Autoriza a concess\u00e3o de abono salarial aos professores e especialistas de educa\u00e7\u00e3o da Rede P\u00fablica de Ensino do Munic\u00edpio de Sarandi, Estado do Paran\u00e1, e d\u00e1 outras provid\u00eancias."}, {"id": "2360", "ano": "2008", "numero": "1593", "tipo__sigla": "LEI", "tipo__descricao": "Lei Ordin\u00e1ria", "texto_integral": "http://sapl.sarandi.pr.leg.br/media/./sapl/public/normajuridica/2008/2360/2360_texto_integral.pdf", "ementa": "Institui no calend\u00e1rio oficial de eventos da cidade de Sarandi a corrida da primavera e d\u00e1 outras provid\u00eancias."}, {"id": "2359", "ano": "2008", "numero": "1592", "tipo__sigla": "LEI", "tipo__descricao": "Lei Ordin\u00e1ria", "texto_integral": "http://sapl.sarandi.pr.leg.br/media/./sapl/public/normajuridica/2008/2359/2359_texto_integral.pdf", "ementa": "Reconhece e declara de utilidade p\u00fablica Associa\u00e7\u00e3o de Pais, Mestres e Funcion\u00e1rios da Escola Rural Municipal Dr. Luiz Gabriel Sampaio - Educa\u00e7\u00e3o Infantil e Ensino Fundamental - APMF."}, {"id": "2358", "ano": "2008", "numero": "1591", "tipo__sigla": "LEI", "tipo__descricao": "Lei Ordin\u00e1ria", "texto_integral": "http://sapl.sarandi.pr.leg.br/media/./sapl/public/normajuridica/2008/2358/2358_texto_integral.pdf", "ementa": "Autoriza a aprova\u00e7\u00e3o do loteamento \"Jardim Real\" e d\u00e1 outras provid\u00eancias."}, {"id": "2357", "ano": "2008", "numero": "1590", "tipo__sigla": "LEI", "tipo__descricao": "Lei Ordin\u00e1ria", "texto_integral": "http://sapl.sarandi.pr.leg.br/media/./sapl/public/normajuridica/2008/2357/2357_texto_integral.pdf", "ementa": "Autoriza a aprova\u00e7\u00e3o do loteamento \"Jardim Monte Libano\" e d\u00e1 outras provid\u00eancias."}, {"id": "2356", "ano": "2008", "numero": "1589", "tipo__sigla": "LEI", "tipo__descricao": "Lei Ordin\u00e1ria", "texto_integral": "http://sapl.sarandi.pr.leg.br/media/./sapl/public/normajuridica/2008/2356/2356_texto_integral.pdf", "ementa": "Autoriza a Doa\u00e7\u00e3o de Im\u00f3vel urbano \u00e0 FUNDEPAR na forma que especifica."}, {"id": "2355", "ano": "2008", "numero": "1588", "tipo__sigla": "LEI", "tipo__descricao": "Lei Ordin\u00e1ria", "texto_integral": "http://sapl.sarandi.pr.leg.br/media/./sapl/public/normajuridica/2008/2355/2355_texto_integral.pdf", "ementa": "Autoriza o Poder Executivo Municipal a receber \u00e1rea de terras e d\u00e1 outras provid\u00eancias."}, {"id": "2354", "ano": "2008", "numero": "1587", "tipo__sigla": "LEI", "tipo__descricao": "Lei Ordin\u00e1ria", "texto_integral": "http://sapl.sarandi.pr.leg.br/media/./sapl/public/normajuridica/2008/2354/2354_texto_integral.pdf", "ementa": "Autoriza a aprova\u00e7\u00e3o do loteamento \"Jardim Nova Sarandi II\" e d\u00e1 outras provid\u00eancias."}, {"id": "2353", "ano": "2008", "numero": "1586", "tipo__sigla": "LEI", "tipo__descricao": "Lei Ordin\u00e1ria", "texto_integral": "http://sapl.sarandi.pr.leg.br/media/./sapl/public/normajuridica/2008/2353/2353_texto_integral.pdf", "ementa": "Prorroga o prazo estabelecido no art. 6\u00ba da Lei Municipal n\u00ba 1.559/2008."}, {"id": "1690", "ano": "2008", "numero": "192", "tipo__sigla": "LC", "tipo__descricao": "Lei Complementar", "texto_integral": "http://sapl.sarandi.pr.leg.br/media/./sapl/public/normajuridica/2008/1690/1690_texto_integral.pdf", "ementa": "Inclui avenida no Eixo de Com\u00e9rcio e Servi\u00e7os-2, na forma que especifica."}, {"id": "1689", "ano": "2008", "numero": "191", "tipo__sigla": "LC", "tipo__descricao": "Lei Complementar", "texto_integral": "http://sapl.sarandi.pr.leg.br/media/./sapl/public/normajuridica/2008/1689/1689_texto_integral.pdf", "ementa": "Inclui rua no Eixo de Com\u00e9rcio e Servi\u00e7os-3, na forma que especifica."}, {"id": "1688", "ano": "2008", "numero": "190", "tipo__sigla": "LC", "tipo__descricao": "Lei Complementar", "texto_integral": "http://sapl.sarandi.pr.leg.br/media/./sapl/public/normajuridica/2008/1688/1688_texto_integral.pdf", "ementa": "Inclui rua no Eixo de Com\u00e9rcio e Servi\u00e7os-3, na forma que especifica."}, {"id": "3196", "ano": "2008", "numero": "36", "tipo__sigla": "POR", "tipo__descricao": "Portaria", "texto_integral": "http://sapl.sarandi.pr.leg.br/media/./sapl/public/normajuridica/2008/3196/3196_texto_integral.pdf", "ementa": "EXONERA A SENHORA MATILDE FUSCO DO EGIPTO DUARTE, COMO ASSESSOR LEGISLATIVO, SIMBOLO CC-3, DO GABINETE DO VEREADOR LUIZ CARLOS DE AGUIAR"}, {"id": "3189", "ano": "2008", "numero": "35", "tipo__sigla": "POR", "tipo__descricao": "Portaria", "texto_integral": "http://sapl.sarandi.pr.leg.br/media/./sapl/public/normajuridica/2008/3189/3189_texto_integral.pdf", "ementa": "EXONERA O JOVEM BRUNO DE ABREU FERNANDES, COMO ASSESSOR LEGISLATIVO, SIMBOLO CC-3, DO GABINETE DO VEREADOR CARLOS ALBERTO DE PAULA J\u00daNIOR"}, {"id": "3182", "ano": "2008", "numero": "34", "tipo__sigla": "POR", "tipo__descricao": "Portaria", "texto_integral": "http://sapl.sarandi.pr.leg.br/media/./sapl/public/normajuridica/2008/3182/3182_texto_integral.pdf", "ementa": "EXONERA O SENHOR S\u00c9RGIO BORGES DE LIMA, COMO ASSESSOR PARLAMENTAR, SIMBOLO CC-4, DO GABINETE DO VEREADOR CARLOS ALBERTO DE PAULA J\u00daNIOR"}, {"id": "1565", "ano": "2008", "numero": "6", "tipo__sigla": "DL", "tipo__descricao": "Decreto Legislativo", "texto_integral": "http://sapl.sarandi.pr.leg.br/media/./sapl/public/normajuridica/2008/1565/1565_texto_integral.pdf", "ementa": "Aprova as contas do Poder Executivo, relativas ao exerc\u00edcio financeiro de 2007."}, {"id": "2352", "ano": "2008", "numero": "1585", "tipo__sigla": "LEI", "tipo__descricao": "Lei Ordin\u00e1ria", "texto_integral": "http://sapl.sarandi.pr.leg.br/media/./sapl/public/normajuridica/2008/2352/2352_texto_integral.pdf", "ementa": "Autoriza o Chefe do Poder Executivo Municipal a abrir cr\u00e9dito adicional especial, na forma que especifica."}, {"id": "2351", "ano": "2008", "numero": "1584", "tipo__sigla": "LEI", "tipo__descricao": "Lei Ordin\u00e1ria", "texto_integral": "http://sapl.sarandi.pr.leg.br/media/./sapl/public/normajuridica/2008/2351/2351_texto_integral.pdf", "ementa": "Autoriza o Chefe do Poder Executivo Municipal a abrir cr\u00e9dito adicional especial, na forma que especifica."}, {"id": "2350", "ano": "2008", "numero": "1583", "tipo__sigla": "LEI", "tipo__descricao": "Lei Ordin\u00e1ria", "texto_integral": "http://sapl.sarandi.pr.leg.br/media/./sapl/public/normajuridica/2008/2350/2350_texto_integral.pdf", "ementa": "Autoriza o Chefe do Poder Executivo Municipal a abrir cr\u00e9dito adicional suplementar, na forma que especifica."}, {"id": "2349", "ano": "2008", "numero": "1582", "tipo__sigla": "LEI", "tipo__descricao": "Lei Ordin\u00e1ria", "texto_integral": "http://sapl.sarandi.pr.leg.br/media/./sapl/public/normajuridica/2008/2349/2349_texto_integral.pdf", "ementa": "Autoriza o Chefe do Poder Executivo Municipal a abrir cr\u00e9dito adicional suplementar, na forma que especifica."}, {"id": "2348", "ano": "2008", "numero": "1581", "tipo__sigla": "LEI", "tipo__descricao": "Lei Ordin\u00e1ria", "texto_integral": "http://sapl.sarandi.pr.leg.br/media/./sapl/public/normajuridica/2008/2348/2348_texto_integral.pdf", "ementa": "Autoriza o Chefe do Poder Executivo Municipal a abrir cr\u00e9dito adicional especial, na forma que especifica."}, {"id": "2347", "ano": "2008", "numero": "1580", "tipo__sigla": "LEI", "tipo__descricao": "Lei Ordin\u00e1ria", "texto_integral": "http://sapl.sarandi.pr.leg.br/media/./sapl/public/normajuridica/2008/2347/2347_texto_integral.pdf", "ementa": "Autoriza o Chefe do Poder Executivo Municipal a abrir cr\u00e9dito adicional especial, na forma que especifica."}, {"id": "2346", "ano": "2008", "numero": "1579", "tipo__sigla": "LEI", "tipo__descricao": "Lei Ordin\u00e1ria", "texto_integral": "http://sapl.sarandi.pr.leg.br/media/./sapl/public/normajuridica/2008/2346/2346_texto_integral.pdf", "ementa": "Autoriza o Chefe do Poder Executivo Municipal a abrir cr\u00e9dito adicional especial, na forma que especifica."}, {"id": "2345", "ano": "2008", "numero": "1578", "tipo__sigla": "LEI", "tipo__descricao": "Lei Ordin\u00e1ria", "texto_integral": "http://sapl.sarandi.pr.leg.br/media/./sapl/public/normajuridica/2008/2345/2345_texto_integral.pdf", "ementa": "Reconhece e declara de utilidade p\u00fablica Associa\u00e7\u00e3o de Pais, Mestres e Funcion\u00e1rios da Escola Municipal Professora Darci Aparecida Pereira Mochi - APMF."}, {"id": "2344", "ano": "2008", "numero": "1577", "tipo__sigla": "LEI", "tipo__descricao": "Lei Ordin\u00e1ria", "texto_integral": "http://sapl.sarandi.pr.leg.br/media/./sapl/public/normajuridica/2008/2344/2344_texto_integral.pdf", "ementa": "Autoriza o Chefe do Poder Executivo Municipal a abrir cr\u00e9dito adicional suplementar, na forma que especifica."}, {"id": "2343", "ano": "2008", "numero": "1576", "tipo__sigla": "LEI", "tipo__descricao": "Lei Ordin\u00e1ria", "texto_integral": "http://sapl.sarandi.pr.leg.br/media/./sapl/public/normajuridica/2008/2343/2343_texto_integral.pdf", "ementa": "Autoriza o Chefe do Poder Executivo Municipal a abrir cr\u00e9dito adicional especial, na forma que especifica."}, {"id": "2342", "ano": "2008", "numero": "1575", "tipo__sigla": "LEI", "tipo__descricao": "Lei Ordin\u00e1ria", "texto_integral": "http://sapl.sarandi.pr.leg.br/media/./sapl/public/normajuridica/2008/2342/2342_texto_integral.pdf", "ementa": "Autoriza o Chefe do Poder Executivo Municipal a abrir cr\u00e9dito adicional especial, na forma que especifica."}, {"id": "2341", "ano": "2008", "numero": "1574", "tipo__sigla": "LEI", "tipo__descricao": "Lei Ordin\u00e1ria", "texto_integral": "http://sapl.sarandi.pr.leg.br/media/./sapl/public/normajuridica/2008/2341/2341_texto_integral.pdf", "ementa": "Autoriza o Chefe do Poder Executivo Municipal a abrir cr\u00e9dito adicional especial, na forma que especifica."}, {"id": "2340", "ano": "2008", "numero": "1573", "tipo__sigla": "LEI", "tipo__descricao": "Lei Ordin\u00e1ria", "texto_integral": "http://sapl.sarandi.pr.leg.br/media/./sapl/public/normajuridica/2008/2340/2340_texto_integral.pdf", "ementa": "Autoriza o Chefe do Poder Executivo Municipal a abrir cr\u00e9dito adicional especial, na forma que especifica,"}, {"id": "2339", "ano": "2008", "numero": "1572", "tipo__sigla": "LEI", "tipo__descricao": "Lei Ordin\u00e1ria", "texto_integral": "http://sapl.sarandi.pr.leg.br/media/./sapl/public/normajuridica/2008/2339/2339_texto_integral.pdf", "ementa": "Declara de utilidade p\u00fablica, entidade que espec\u00edfica."}, {"id": "2338", "ano": "2008", "numero": "1571", "tipo__sigla": "LEI", "tipo__descricao": "Lei Ordin\u00e1ria", "texto_integral": "http://sapl.sarandi.pr.leg.br/media/./sapl/public/normajuridica/2008/2338/2338_texto_integral.pdf", "ementa": "Autoriza o Chefe do Poder Executivo Municipal a abrir cr\u00e9dito adicional especial, na forma que especifica."}, {"id": "2337", "ano": "2008", "numero": "1570", "tipo__sigla": "LEI", "tipo__descricao": "Lei Ordin\u00e1ria", "texto_integral": "http://sapl.sarandi.pr.leg.br/media/./sapl/public/normajuridica/2008/2337/2337_texto_integral.pdf", "ementa": "Autoriza o Chefe do Poder Executivo Municipal a abrir cr\u00e9dito adicional especial, na forma que especifica."}, {"id": "2336", "ano": "2008", "numero": "1569", "tipo__sigla": "LEI", "tipo__descricao": "Lei Ordin\u00e1ria", "texto_integral": "http://sapl.sarandi.pr.leg.br/media/./sapl/public/normajuridica/2008/2336/2336_texto_integral.pdf", "ementa": "Autoriza o Chefe do Poder Executivo Municipal a abrir cr\u00e9dito adicional suplementar, na forma que especifica."}, {"id": "2335", "ano": "2008", "numero": "1568", "tipo__sigla": "LEI", "tipo__descricao": "Lei Ordin\u00e1ria", "texto_integral": "http://sapl.sarandi.pr.leg.br/media/./sapl/public/normajuridica/2008/2335/2335_texto_integral.pdf", "ementa": "Autoriza o Chefe do Poder Executivo Municipal a abrir cr\u00e9dito adicional especial, na forma que especifica."}, {"id": "2334", "ano": "2008", "numero": "1567", "tipo__sigla": "LEI", "tipo__descricao": "Lei Ordin\u00e1ria", "texto_integral": "http://sapl.sarandi.pr.leg.br/media/./sapl/public/normajuridica/2008/2334/2334_texto_integral.pdf", "ementa": "Autoriza o Chefe do Poder Executivo Municipal a abrir cr\u00e9dito adicional suplementar, na forma que especifica."}, {"id": "2333", "ano": "2008", "numero": "1566", "tipo__sigla": "LEI", "tipo__descricao": "Lei Ordin\u00e1ria", "texto_integral": "http://sapl.sarandi.pr.leg.br/media/./sapl/public/normajuridica/2008/2333/2333_texto_integral.pdf", "ementa": "Autoriza o Chefe do Poder Executivo Municipal a abrir cr\u00e9dito adicional especial, na forma que especifica."}, {"id": "2332", "ano": "2008", "numero": "1565", "tipo__sigla": "LEI", "tipo__descricao": "Lei Ordin\u00e1ria", "texto_integral": "http://sapl.sarandi.pr.leg.br/media/./sapl/public/normajuridica/2008/2332/2332_texto_integral.pdf", "ementa": "Autoriza o Chefe do Poder Executivo Municipal a abrir cr\u00e9dito adicional especial, na forma que especifica."}, {"id": "1687", "ano": "2008", "numero": "189", "tipo__sigla": "LC", "tipo__descricao": "Lei Complementar", "texto_integral": "http://sapl.sarandi.pr.leg.br/media/./sapl/public/normajuridica/2008/1687/1687_texto_integral.pdf", "ementa": "Altera dispositivo da Lei Complementar n\u00ba 11/93, que na al\u00ednea c do \u00a7 1\u00ba incluiu a Rua D. Jo\u00e3o VI, no Eixo de Com\u00e9rcio-1, da Lei Complementar n\u00ba 3/92 - Uso e Ocupa\u00e7\u00e3o do Solo Urbano."}, {"id": "1686", "ano": "2008", "numero": "188", "tipo__sigla": "LC", "tipo__descricao": "Lei Complementar", "texto_integral": "http://sapl.sarandi.pr.leg.br/media/./sapl/public/normajuridica/2008/1686/1686_texto_integral.pdf", "ementa": "Inclui rua no Eixo de Com\u00e9rcio e Servi\u00e7os-1, na forma que especifica."}, {"id": "2331", "ano": "2008", "numero": "1564", "tipo__sigla": "LEI", "tipo__descricao": "Lei Ordin\u00e1ria", "texto_integral": "http://sapl.sarandi.pr.leg.br/media/sapl/public/normajuridica/2008/2331/lei_no_1564-2008_sapl.pdf", "ementa": "Autoriza o Chefe do Poder Executivo Municipal a abrir cr\u00e9dito adicional suplementar, na forma que especifica."}, {"id": "2330", "ano": "2008", "numero": "1563", "tipo__sigla": "LEI", "tipo__descricao": "Lei Ordin\u00e1ria", "texto_integral": "http://sapl.sarandi.pr.leg.br/media/sapl/public/normajuridica/2008/2330/lei_no_1563-2008_sapl.pdf", "ementa": "Autoriza o Chefe do Poder Executivo Municipal a abrir cr\u00e9dito adicional suplementar, na forma que especifica."}, {"id": "2329", "ano": "2008", "numero": "1562", "tipo__sigla": "LEI", "tipo__descricao": "Lei Ordin\u00e1ria", "texto_integral": "http://sapl.sarandi.pr.leg.br/media/sapl/public/normajuridica/2008/2329/lei_no_1562-2008_sapl.pdf", "ementa": "Autoriza o Chefe do Poder Executivo Municipal a abrir cr\u00e9dito adicional suplementar, na forma que especifica."}, {"id": "2328", "ano": "2008", "numero": "1561", "tipo__sigla": "LEI", "tipo__descricao": "Lei Ordin\u00e1ria", "texto_integral": "http://sapl.sarandi.pr.leg.br/media/sapl/public/normajuridica/2008/2328/lei_no_1561-2008_sapl.pdf", "ementa": "Autoriza o Chefe do Poder Executivo Municipal a abrir cr\u00e9dito adicional especial, na forma que especifica."}, {"id": "2327", "ano": "2008", "numero": "1560", "tipo__sigla": "LEI", "tipo__descricao": "Lei Ordin\u00e1ria", "texto_integral": "http://sapl.sarandi.pr.leg.br/media/sapl/public/normajuridica/2008/2327/lei_no_1560-2008_sapl.pdf", "ementa": "Autoriza o Chefe do Poder Executivo Municipal a abrir cr\u00e9dito adicional especial, na forma que especifica."}, {"id": "2326", "ano": "2008", "numero": "1559", "tipo__sigla": "LEI", "tipo__descricao": "Lei Ordin\u00e1ria", "texto_integral": "http://sapl.sarandi.pr.leg.br/media/./sapl/public/normajuridica/2008/2326/2326_texto_integral.pdf", "ementa": "Disp\u00f5e sobre o recebimento de valores remanescentes decorrentes da aliena\u00e7\u00e3o de im\u00f3veis localizados na amplia\u00e7\u00e3o do 2\u00ba Parque Industrial."}, {"id": "2325", "ano": "2008", "numero": "1558", "tipo__sigla": "LEI", "tipo__descricao": "Lei Ordin\u00e1ria", "texto_integral": "http://sapl.sarandi.pr.leg.br/media/sapl/public/normajuridica/2008/2325/lei_no_1558-2008_sapl.pdf", "ementa": "Autoriza o Chefe do Poder Executivo Municipal a abrir cr\u00e9dito adicional especial, na forma que especifica."}, {"id": "2324", "ano": "2008", "numero": "1557", "tipo__sigla": "LEI", "tipo__descricao": "Lei Ordin\u00e1ria", "texto_integral": "http://sapl.sarandi.pr.leg.br/media/sapl/public/normajuridica/2008/2324/lei_no_1557-2008_sapl.pdf", "ementa": "Denomina quadra de esportes da Escola Municipal Mercedes Romero Panzeri, na forma que especifica."}, {"id": "2323", "ano": "2008", "numero": "1556", "tipo__sigla": "LEI", "tipo__descricao": "Lei Ordin\u00e1ria", "texto_integral": "http://sapl.sarandi.pr.leg.br/media/sapl/public/normajuridica/2008/2323/lei_no_1556-2008_sapl.pdf", "ementa": "Autoriza o Chefe do Poder Executivo Municipal a abrir cr\u00e9dito adicional especial, na forma que especifica."}, {"id": "2322", "ano": "2008", "numero": "1555", "tipo__sigla": "LEI", "tipo__descricao": "Lei Ordin\u00e1ria", "texto_integral": "http://sapl.sarandi.pr.leg.br/media/sapl/public/normajuridica/2008/2322/lei_no_1555-2008_sapl.pdf", "ementa": "Autoriza o Chefe do Poder Executivo Municipal a abrir cr\u00e9dito adicional especial, na forma que especifica."}, {"id": "2321", "ano": "2008", "numero": "1554", "tipo__sigla": "LEI", "tipo__descricao": "Lei Ordin\u00e1ria", "texto_integral": "http://sapl.sarandi.pr.leg.br/media/sapl/public/normajuridica/2008/2321/lei_no_1554-2008_sapl.pdf", "ementa": "Autoriza o Chefe do Poder Executivo Municipal a abrir cr\u00e9dito adicional especial, na forma que especifica."}, {"id": "2320", "ano": "2008", "numero": "1553", "tipo__sigla": "LEI", "tipo__descricao": "Lei Ordin\u00e1ria", "texto_integral": "http://sapl.sarandi.pr.leg.br/media/sapl/public/normajuridica/2008/2320/lei_no_1553-2008_sapl.pdf", "ementa": "Autoriza o Chefe do Poder Executivo Municipal a abrir cr\u00e9dito adicional especial, na forma que especifica."}, {"id": "2319", "ano": "2008", "numero": "1552", "tipo__sigla": "LEI", "tipo__descricao": "Lei Ordin\u00e1ria", "texto_integral": "http://sapl.sarandi.pr.leg.br/media/sapl/public/normajuridica/2008/2319/lei_no_1552-2008_sapl.pdf", "ementa": "Autoriza a Doa\u00e7\u00e3o de \u00c1reas a COHAPAR - Companhia de Habita\u00e7\u00e3o do Paran\u00e1 e autoriza a firmar conv\u00eanio e d\u00e1 outras provid\u00eancias."}, {"id": "2318", "ano": "2008", "numero": "1551", "tipo__sigla": "LEI", "tipo__descricao": "Lei Ordin\u00e1ria", "texto_integral": "http://sapl.sarandi.pr.leg.br/media/sapl/public/normajuridica/2008/2318/lei_no_1551-2008_sapl.pdf", "ementa": "Denomina Quadra de Esportes da Escola Municipal Masami Koga, na forma que especifica."}, {"id": "1685", "ano": "2008", "numero": "187", "tipo__sigla": "LC", "tipo__descricao": "Lei Complementar", "texto_integral": "http://sapl.sarandi.pr.leg.br/media/./sapl/public/normajuridica/2008/1685/1685_texto_integral.pdf", "ementa": "Inclui avenida no Eixo de Com\u00e9rcio e Servi\u00e7os, na forma que especifica."}, {"id": "1684", "ano": "2008", "numero": "186", "tipo__sigla": "LC", "tipo__descricao": "Lei Complementar", "texto_integral": "http://sapl.sarandi.pr.leg.br/media/./sapl/public/normajuridica/2008/1684/1684_texto_integral.pdf", "ementa": "Inclui rua em Eixo de Com\u00e9rcio e Servi\u00e7os-2, na forma que especifica."}, {"id": "1683", "ano": "2008", "numero": "185", "tipo__sigla": "LC", "tipo__descricao": "Lei Complementar", "texto_integral": "http://sapl.sarandi.pr.leg.br/media/./sapl/public/normajuridica/2008/1683/1683_texto_integral.pdf", "ementa": "Altera e acrescenta artigos a Lei n\u00ba 148/2006 e 153/2007, que disp\u00f5e sobre o Regime Pr\u00f3prio de Previd\u00eancia dos Servidores Municipais."}, {"id": "1682", "ano": "2008", "numero": "184", "tipo__sigla": "LC", "tipo__descricao": "Lei Complementar", "texto_integral": "http://sapl.sarandi.pr.leg.br/media/./sapl/public/normajuridica/2008/1682/1682_texto_integral.pdf", "ementa": "Inclui travessa no Eixo de Com\u00e9rcio e Servi\u00e7os, na forma que especifica."}, {"id": "1560", "ano": "2008", "numero": "5", "tipo__sigla": "DL", "tipo__descricao": "Decreto Legislativo", "texto_integral": "http://sapl.sarandi.pr.leg.br/media/./sapl/public/normajuridica/2008/1560/1560_texto_integral.pdf", "ementa": "Aprova as contas do Poder Executivo, relativas ao exerc\u00edcio financeiro de 2006."}, {"id": "2317", "ano": "2008", "numero": "1550", "tipo__sigla": "LEI", "tipo__descricao": "Lei Ordin\u00e1ria", "texto_integral": "http://sapl.sarandi.pr.leg.br/media/sapl/public/normajuridica/2008/2317/lei_no_1550-2008_sapl.pdf", "ementa": "Autoriza o Poder Executivo a firmar acordo de parcelamento de d\u00edvida para com o INSS - Instituto Nacional do Seguro Social, e d\u00e1 outras provid\u00eancias."}, {"id": "1553", "ano": "2008", "numero": "4", "tipo__sigla": "DL", "tipo__descricao": "Decreto Legislativo", "texto_integral": "http://sapl.sarandi.pr.leg.br/media/./sapl/public/normajuridica/2008/1553/1553_texto_integral.pdf", "ementa": "Aprova as contas do Poder Executivo, relativas ao exerc\u00edcio financeiro de 2005."}, {"id": "2316", "ano": "2008", "numero": "1549", "tipo__sigla": "LEI", "tipo__descricao": "Lei Ordin\u00e1ria", "texto_integral": "http://sapl.sarandi.pr.leg.br/media/sapl/public/normajuridica/2008/2316/lei_no_1549-2008_sapl.pdf", "ementa": "Autoriza o Chefe do Poder Executivo Municipal a abrir cr\u00e9dito adicional especial, na forma que especifica."}, {"id": "2315", "ano": "2008", "numero": "1548", "tipo__sigla": "LEI", "tipo__descricao": "Lei Ordin\u00e1ria", "texto_integral": "http://sapl.sarandi.pr.leg.br/media/sapl/public/normajuridica/2008/2315/lei_no_1548-2008_sapl.pdf", "ementa": "Autoriza o Chefe do Poder Executivo Municipal a abrir cr\u00e9dito adicional especial, na forma que especifica."}, {"id": "2314", "ano": "2008", "numero": "1547", "tipo__sigla": "LEI", "tipo__descricao": "Lei Ordin\u00e1ria", "texto_integral": "http://sapl.sarandi.pr.leg.br/media/sapl/public/normajuridica/2008/2314/lei_no_1547-2008_sapl.pdf", "ementa": "Autoriza o Chefe do Poder Executivo Municipal a abrir cr\u00e9dito adicional suplementar, na forma que especifica."}, {"id": "2313", "ano": "2008", "numero": "1546", "tipo__sigla": "LEI", "tipo__descricao": "Lei Ordin\u00e1ria", "texto_integral": "http://sapl.sarandi.pr.leg.br/media/sapl/public/normajuridica/2008/2313/lei_no_1546-2008_sapl.pdf", "ementa": "Autoriza o Chefe do Poder Executivo Municipal a abrir cr\u00e9dito adicional especial, na forma que especifica."}, {"id": "2312", "ano": "2008", "numero": "1545", "tipo__sigla": "LEI", "tipo__descricao": "Lei Ordin\u00e1ria", "texto_integral": "http://sapl.sarandi.pr.leg.br/media/sapl/public/normajuridica/2008/2312/lei_no_1545-2008_sapl.pdf", "ementa": "Autoriza o Chefe do Poder Executivo Municipal a abrir cr\u00e9dito adicional suplementar, na forma que especifica."}, {"id": "3175", "ano": "2008", "numero": "33", "tipo__sigla": "POR", "tipo__descricao": "Portaria", "texto_integral": "http://sapl.sarandi.pr.leg.br/media/./sapl/public/normajuridica/2008/3175/3175_texto_integral.pdf", "ementa": "NOMEIA A SENHORA MATILDE FUSCO DO EGIPTO DUARTE, COMO ASSESSOR LEGISLATIVO, SIMBOLO CC-3, NO GABINETE DO VEREADOR LUIZ CARLOS DE AGUIAR"}, {"id": "2311", "ano": "2008", "numero": "1544", "tipo__sigla": "LEI", "tipo__descricao": "Lei Ordin\u00e1ria", "texto_integral": "http://sapl.sarandi.pr.leg.br/media/sapl/public/normajuridica/2008/2311/lei_no_1544-2008_sapl.pdf", "ementa": "Autoriza o Poder Executivo Municipal a firmar termo de parceria com a Rede de Assist\u00eancia a Sa\u00fade Metropolitana, e d\u00e1 outras provid\u00eancias."}, {"id": "2310", "ano": "2008", "numero": "1543", "tipo__sigla": "LEI", "tipo__descricao": "Lei Ordin\u00e1ria", "texto_integral": "http://sapl.sarandi.pr.leg.br/media/sapl/public/normajuridica/2008/2310/lei_no_1543-2008_sapl.pdf", "ementa": "Autoriza a cess\u00e3o de servidor municipal ao Sindicato dos Servidores P\u00fablicos Municipais de Sarandi - SISMUS, e d\u00e1 outras provid\u00eancias."}, {"id": "2309", "ano": "2008", "numero": "1542", "tipo__sigla": "LEI", "tipo__descricao": "Lei Ordin\u00e1ria", "texto_integral": "http://sapl.sarandi.pr.leg.br/media/./sapl/public/normajuridica/2008/2309/2309_texto_integral.pdf", "ementa": "Regulamenta a jornada diferenciada do servidor p\u00fablico municipal; modifica o artigo 27 e acrescenta dispositivo ao artigo 109, todos da Lei 10/92."}, {"id": "2308", "ano": "2008", "numero": "1541", "tipo__sigla": "LEI", "tipo__descricao": "Lei Ordin\u00e1ria", "texto_integral": "http://sapl.sarandi.pr.leg.br/media/sapl/public/normajuridica/2008/2308/lei_no_1541-2008_sapl.pdf", "ementa": "D\u00e1 denomina\u00e7\u00e3o \u00e0 Rua 07, nos Jardins Nova Independ\u00eancia 1\u00aa Parte e 2\u00aa Parte, Social e Residencial S\u00e3o Jos\u00e9 I."}, {"id": "2307", "ano": "2008", "numero": "1540", "tipo__sigla": "LEI", "tipo__descricao": "Lei Ordin\u00e1ria", "texto_integral": "http://sapl.sarandi.pr.leg.br/media/sapl/public/normajuridica/2008/2307/lei_no_1540-2008_sapl.pdf", "ementa": "D\u00e1 denomina\u00e7\u00e3o \u00e0 Rua 05, nos Jardins Nova Independ\u00eancia 1\u00aa parte e 2\u00aa parte, social e Residencial S\u00e3o Jos\u00e9 I."}, {"id": "1681", "ano": "2008", "numero": "183", "tipo__sigla": "LC", "tipo__descricao": "Lei Complementar", "texto_integral": "http://sapl.sarandi.pr.leg.br/media/./sapl/public/normajuridica/2008/1681/1681_texto_integral.pdf", "ementa": "Disp\u00f5e sobre a isen\u00e7\u00e3o da Taxa de Protocolo."}, {"id": "1680", "ano": "2008", "numero": "182", "tipo__sigla": "LC", "tipo__descricao": "Lei Complementar", "texto_integral": "http://sapl.sarandi.pr.leg.br/media/./sapl/public/normajuridica/2008/1680/1680_texto_integral.pdf", "ementa": "Inclui rua no Eixo de Com\u00e9rcio e Servi\u00e7os-1, na forma que especifica."}, {"id": "1679", "ano": "2008", "numero": "181", "tipo__sigla": "LC", "tipo__descricao": "Lei Complementar", "texto_integral": "http://sapl.sarandi.pr.leg.br/media/./sapl/public/normajuridica/2008/1679/1679_texto_integral.pdf", "ementa": "Inclui rua no Eixo de Com\u00e9rcio e Servi\u00e7os, na forma que especifica."}, {"id": "3167", "ano": "2008", "numero": "32", "tipo__sigla": "POR", "tipo__descricao": "Portaria", "texto_integral": "http://sapl.sarandi.pr.leg.br/media/./sapl/public/normajuridica/2008/3167/3167_texto_integral.pdf", "ementa": "DECLARA HOMOLOGADO O CONCURSO P\u00daBLICO DA C\u00c2MARA DE SARANDI, ABERTO PELO EDITAL N\u00b0 001/2008"}, {"id": "3159", "ano": "2008", "numero": "31", "tipo__sigla": "POR", "tipo__descricao": "Portaria", "texto_integral": "http://sapl.sarandi.pr.leg.br/media/./sapl/public/normajuridica/2008/3159/3159_texto_integral.pdf", "ementa": "EXONERA ASSESSOR LEGISLATIVO HELIO LOPES DA SILVA, DO GABINETE DO VEREADOR LUIZ CARLOS DE AGUIAR"}, {"id": "2306", "ano": "2008", "numero": "1539", "tipo__sigla": "LEI", "tipo__descricao": "Lei Ordin\u00e1ria", "texto_integral": "http://sapl.sarandi.pr.leg.br/media/./sapl/public/normajuridica/2008/2306/2306_texto_integral.pdf", "ementa": "Disp\u00f5e sobre as diretrizes para elabora\u00e7\u00e3o da Lei Or\u00e7ament\u00e1ria para o exerc\u00edcio de 2009, e d\u00e1 outras provid\u00eancias."}, {"id": "2305", "ano": "2008", "numero": "1538", "tipo__sigla": "LEI", "tipo__descricao": "Lei Ordin\u00e1ria", "texto_integral": "http://sapl.sarandi.pr.leg.br/media/./sapl/public/normajuridica/2008/2305/2305_texto_integral.pdf", "ementa": "Autoriza o Chefe do Poder Executivo Municipal a abrir cr\u00e9dito adicional especial, na forma que especifica."}, {"id": "2304", "ano": "2008", "numero": "1537", "tipo__sigla": "LEI", "tipo__descricao": "Lei Ordin\u00e1ria", "texto_integral": "http://sapl.sarandi.pr.leg.br/media/sapl/public/normajuridica/2008/2304/lei_no_1537-2008_sapl.pdf", "ementa": "Autoriza o Chefe do Poder Executivo Municipal a abrir cr\u00e9dito adicional especial, na forma que especifica."}, {"id": "2303", "ano": "2008", "numero": "1536", "tipo__sigla": "LEI", "tipo__descricao": "Lei Ordin\u00e1ria", "texto_integral": "http://sapl.sarandi.pr.leg.br/media/./sapl/public/normajuridica/2008/2303/2303_texto_integral.pdf", "ementa": "Autoriza o Chefe do Poder Executivo Municipal a abrir cr\u00e9dito adicional suplementar, na forma que especifica."}, {"id": "2302", "ano": "2008", "numero": "1535", "tipo__sigla": "LEI", "tipo__descricao": "Lei Ordin\u00e1ria", "texto_integral": "http://sapl.sarandi.pr.leg.br/media/sapl/public/normajuridica/2008/2302/lei_no_1535-2008_sapl.pdf", "ementa": "Reconhece e declara de utilidade p\u00fablica APMF - Associa\u00e7\u00e3o de Pais, Mestres e Funcion\u00e1rios da Escola Municipal Professor Paulo Freire - Educa\u00e7\u00e3o Infantil."}, {"id": "2301", "ano": "2008", "numero": "1534", "tipo__sigla": "LEI", "tipo__descricao": "Lei Ordin\u00e1ria", "texto_integral": "http://sapl.sarandi.pr.leg.br/media/sapl/public/normajuridica/2008/2301/lei_no_1534-2008_sapl.pdf", "ementa": "Autoriza o Chefe do Poder Executivo Municipal a abrir cr\u00e9dito adicional especial, na forma que especifica."}, {"id": "2300", "ano": "2008", "numero": "1533", "tipo__sigla": "LEI", "tipo__descricao": "Lei Ordin\u00e1ria", "texto_integral": "http://sapl.sarandi.pr.leg.br/media/sapl/public/normajuridica/2008/2300/lei_no_1533-2008_sapl.pdf", "ementa": "Autoriza o Chefe do Poder Executivo Municipal a abrir cr\u00e9dito adicional suplementar, na forma que especifica."}, {"id": "2299", "ano": "2008", "numero": "1532", "tipo__sigla": "LEI", "tipo__descricao": "Lei Ordin\u00e1ria", "texto_integral": "http://sapl.sarandi.pr.leg.br/media/sapl/public/normajuridica/2008/2299/lei_no_1532-2008_sapl.pdf", "ementa": "Autoriza o Chefe do Poder Executivo Municipal a abrir cr\u00e9dito adicional especial, na forma que especifica."}, {"id": "1678", "ano": "2008", "numero": "180", "tipo__sigla": "LC", "tipo__descricao": "Lei Complementar", "texto_integral": "http://sapl.sarandi.pr.leg.br/media/./sapl/public/normajuridica/2008/1678/1678_texto_integral.pdf", "ementa": "Autoriza o Poder Executivo Municipal a efetivar a contrata\u00e7\u00e3o tempor\u00e1ria de excepcional interesse p\u00fablico e d\u00e1 outras provid\u00eancias."}, {"id": "4143", "ano": "2008", "numero": "1531", "tipo__sigla": "LEI", "tipo__descricao": "Lei Ordin\u00e1ria", "texto_integral": "http://sapl.sarandi.pr.leg.br/media/./sapl/public/normajuridica/2008/4143/4143_texto_integral.pdf", "ementa": "Institui e regulamenta o Sistema Municipal de Ensino de Sarandi; cria o Conselho Municipal de Educa\u00e7\u00e3o de Sarandi e d\u00e1 outras provid\u00eancias."}, {"id": "2297", "ano": "2008", "numero": "1530", "tipo__sigla": "LEI", "tipo__descricao": "Lei Ordin\u00e1ria", "texto_integral": "http://sapl.sarandi.pr.leg.br/media/sapl/public/normajuridica/2008/2297/lei_no_1530-2008_sapl.pdf", "ementa": "Autoriza a coloca\u00e7\u00e3o de redutores de velocidade em pontos definidos como especiais em par\u00e1grafo \u00fanico do artigo 94, do C\u00f3digo Nacional de Tr\u00e2nsito, e d\u00e1 outras provid\u00eancias."}, {"id": "3151", "ano": "2008", "numero": "30", "tipo__sigla": "POR", "tipo__descricao": "Portaria", "texto_integral": "http://sapl.sarandi.pr.leg.br/media/./sapl/public/normajuridica/2008/3151/3151_texto_integral.pdf", "ementa": "NOMEIA SUELI GRALIK TURCI, COMO MEMBRO DA COMISS\u00c3O DE LICITA\u00c7\u00c3O E JULGAMENTO DA C\u00c2MARA MUNICIPAL, PARA O T\u00c9RMINO DO EXERCICIO DE 2008"}, {"id": "3142", "ano": "2008", "numero": "29", "tipo__sigla": "POR", "tipo__descricao": "Portaria", "texto_integral": "http://sapl.sarandi.pr.leg.br/media/./sapl/public/normajuridica/2008/3142/3142_texto_integral.pdf", "ementa": "NOMEIA SUELI GRALIK TURCI, COMO CHEFE DE GABINETE"}, {"id": "3133", "ano": "2008", "numero": "28", "tipo__sigla": "POR", "tipo__descricao": "Portaria", "texto_integral": "http://sapl.sarandi.pr.leg.br/media/./sapl/public/normajuridica/2008/3133/3133_texto_integral.pdf", "ementa": "NOMEIA ROSELI CRISTINA FERREIRA DA CRUZ, COMO ASSESSOR LEGISLATIVO, NO GABINETE DO VEREADOR JO\u00c3O DE LARA VIEIRA"}, {"id": "2296", "ano": "2008", "numero": "1529", "tipo__sigla": "LEI", "tipo__descricao": "Lei Ordin\u00e1ria", "texto_integral": "http://sapl.sarandi.pr.leg.br/media/./sapl/public/normajuridica/2008/2296/2296_texto_integral.pdf", "ementa": "Autoriza o Chefe do Poder Executivo Municipal a abrir cr\u00e9dito adicional especial, na forma que especifica."}, {"id": "3124", "ano": "2008", "numero": "27", "tipo__sigla": "POR", "tipo__descricao": "Portaria", "texto_integral": "http://sapl.sarandi.pr.leg.br/media/./sapl/public/normajuridica/2008/3124/3124_texto_integral.pdf", "ementa": "EXONERA MEMBRO DA COMISS\u00c3O PERMANENTE DE LICITA\u00c7\u00c3O"}, {"id": "3115", "ano": "2008", "numero": "26", "tipo__sigla": "POR", "tipo__descricao": "Portaria", "texto_integral": "http://sapl.sarandi.pr.leg.br/media/./sapl/public/normajuridica/2008/3115/3115_texto_integral.pdf", "ementa": "NOMEIA A COMISS\u00c3O DO CONCURSO P\u00daBLICO DA C\u00c2MARA"}, {"id": "3106", "ano": "2008", "numero": "25", "tipo__sigla": "POR", "tipo__descricao": "Portaria", "texto_integral": "http://sapl.sarandi.pr.leg.br/media/./sapl/public/normajuridica/2008/3106/3106_texto_integral.pdf", "ementa": "EXONERA A CHEFE DE GABINETE DA PRESID\u00caNCIA, SR\u00aa SUELI GRALIK TURCI"}, {"id": "3097", "ano": "2008", "numero": "24", "tipo__sigla": "POR", "tipo__descricao": "Portaria", "texto_integral": "http://sapl.sarandi.pr.leg.br/media/./sapl/public/normajuridica/2008/3097/3097_texto_integral.pdf", "ementa": "EXONERA ASSESSOR LEGISLATIVO JOACIR C\u00c2NDIDO DE OLIVEIRA"}, {"id": "2295", "ano": "2008", "numero": "1528", "tipo__sigla": "LEI", "tipo__descricao": "Lei Ordin\u00e1ria", "texto_integral": "http://sapl.sarandi.pr.leg.br/media/sapl/public/normajuridica/2008/2295/lei_no_1528-2008_sapl.pdf", "ementa": "Autoriza o Chefe do Poder Executivo Municipal a abrir cr\u00e9dito adicional especial, na forma que especifica."}, {"id": "2294", "ano": "2008", "numero": "1527", "tipo__sigla": "LEI", "tipo__descricao": "Lei Ordin\u00e1ria", "texto_integral": "http://sapl.sarandi.pr.leg.br/media/sapl/public/normajuridica/2008/2294/lei_no_1527-2008_sapl.pdf", "ementa": "Autoriza o Chefe do Poder Executivo Municipal a abrir cr\u00e9dito adicional especial, na forma que especifica."}, {"id": "2293", "ano": "2008", "numero": "1526", "tipo__sigla": "LEI", "tipo__descricao": "Lei Ordin\u00e1ria", "texto_integral": "http://sapl.sarandi.pr.leg.br/media/sapl/public/normajuridica/2008/2293/lei_no_1526-2008_sapl.pdf", "ementa": "Autoriza o Chefe do Poder Executivo Municipal a abrir cr\u00e9dito adicional especial, na forma que especifica."}, {"id": "2292", "ano": "2008", "numero": "1525", "tipo__sigla": "LEI", "tipo__descricao": "Lei Ordin\u00e1ria", "texto_integral": "http://sapl.sarandi.pr.leg.br/media/sapl/public/normajuridica/2008/2292/lei_no_1525-2008_sapl.pdf", "ementa": "Autoriza o Chefe do Poder Executivo Municipal a abrir cr\u00e9dito adicional suplementar, na forma que especifica."}, {"id": "1677", "ano": "2008", "numero": "179", "tipo__sigla": "LC", "tipo__descricao": "Lei Complementar", "texto_integral": "http://sapl.sarandi.pr.leg.br/media/./sapl/public/normajuridica/2008/1677/1677_texto_integral.pdf", "ementa": "D\u00e1 nova reda\u00e7\u00e3o ao inciso I do art. 313 da Lei Complementar n\u00ba 6/92 - C\u00f3digo de Postura."}, {"id": "6520", "ano": "2008", "numero": "1524", "tipo__sigla": "LEI", "tipo__descricao": "Lei Ordin\u00e1ria", "texto_integral": "http://sapl.sarandi.pr.leg.br/media/sapl/public/normajuridica/2008/6520/lei_no_1524-2008_sapl.pdf", "ementa": "Autoriza o Chefe do Poder Executivo Municipal a conceder reposi\u00e7\u00e3o salarial, na forma que especifica."}, {"id": "3088", "ano": "2008", "numero": "23", "tipo__sigla": "POR", "tipo__descricao": "Portaria", "texto_integral": "http://sapl.sarandi.pr.leg.br/media/./sapl/public/normajuridica/2008/3088/3088_texto_integral.pdf", "ementa": "CONCEDER REPOSI\u00c7\u00c3O SALARIAL DE 2, 42, AOS SERVIDORES P\u00daBLICOS DESTE PODER"}, {"id": "6194", "ano": "2008", "numero": "1615", "tipo__sigla": "LEI", "tipo__descricao": "Lei Ordin\u00e1ria", "texto_integral": "http://sapl.sarandi.pr.leg.br/media/sapl/public/normajuridica/2008/6194/lei_ordinaria_no_1522-2008.pdf", "ementa": "Autoriza o Chefe do Poder Executivo Municipal a abrir cr\u00e9dito adicional especial, na forma que especifica."}, {"id": "2291", "ano": "2008", "numero": "1523", "tipo__sigla": "LEI", "tipo__descricao": "Lei Ordin\u00e1ria", "texto_integral": "http://sapl.sarandi.pr.leg.br/media/sapl/public/normajuridica/2008/2291/lei_no_1523-2008_sapl.pdf", "ementa": "Autoriza o Poder Executivo Municipal a permitir a utiliza\u00e7\u00e3o de \u00e1reas de loteamentos urbanos para a implanta\u00e7\u00e3o do emiss\u00e1rio de \u00e1guas pluviais e d\u00e1 outras provid\u00eancias."}, {"id": "6519", "ano": "2008", "numero": "1522", "tipo__sigla": "LEI", "tipo__descricao": "Lei Ordin\u00e1ria", "texto_integral": "http://sapl.sarandi.pr.leg.br/media/sapl/public/normajuridica/2008/6519/lei_no_1522-2008_sapl.pdf", "ementa": "Autoriza o Chefe do Poder Executivo Municipal a abrir cr\u00e9dito adicional suplementar, na forma que especifica."}, {"id": "2290", "ano": "2008", "numero": "1521", "tipo__sigla": "LEI", "tipo__descricao": "Lei Ordin\u00e1ria", "texto_integral": "http://sapl.sarandi.pr.leg.br/media/sapl/public/normajuridica/2008/2290/lei_no_1521-2008_sapl.pdf", "ementa": "Autoriza o Chefe do Poder Executivo Municipal a abrir cr\u00e9dito adicional especial, na forma que especifica."}, {"id": "2289", "ano": "2008", "numero": "1520", "tipo__sigla": "LEI", "tipo__descricao": "Lei Ordin\u00e1ria", "texto_integral": "http://sapl.sarandi.pr.leg.br/media/sapl/public/normajuridica/2008/2289/lei_no_1520-2008_sapl.pdf", "ementa": "Autoriza o Chefe do Poder Executivo Municipal a abrir cr\u00e9dito adicional especial, na forma que especifica."}, {"id": "2288", "ano": "2008", "numero": "1519", "tipo__sigla": "LEI", "tipo__descricao": "Lei Ordin\u00e1ria", "texto_integral": "http://sapl.sarandi.pr.leg.br/media/sapl/public/normajuridica/2008/2288/lei_no_1519-2008_sapl.pdf", "ementa": "Autoriza o Chefe do Poder Executivo Municipal a abrir cr\u00e9dito adicional suplementar, na forma que especifica."}, {"id": "2287", "ano": "2008", "numero": "1518", "tipo__sigla": "LEI", "tipo__descricao": "Lei Ordin\u00e1ria", "texto_integral": "http://sapl.sarandi.pr.leg.br/media/sapl/public/normajuridica/2008/2287/lei_no_1518-2008_sapl.pdf", "ementa": "Autoriza o Chefe do Poder Executivo Municipal a abrir cr\u00e9dito adicional especial, na forma que especifica."}, {"id": "2286", "ano": "2008", "numero": "1517", "tipo__sigla": "LEI", "tipo__descricao": "Lei Ordin\u00e1ria", "texto_integral": "http://sapl.sarandi.pr.leg.br/media/sapl/public/normajuridica/2008/2286/lei_no_1517-2008_sapl.pdf", "ementa": "Autoriza o Chefe do Poder Executivo Municipal a abrir cr\u00e9dito adicional especial, na forma que especifica."}, {"id": "2285", "ano": "2008", "numero": "1516", "tipo__sigla": "LEI", "tipo__descricao": "Lei Ordin\u00e1ria", "texto_integral": "http://sapl.sarandi.pr.leg.br/media/sapl/public/normajuridica/2008/2285/lei_no_1516-2008_sapl.pdf", "ementa": "Autoriza o Chefe do Poder Executivo Municipal a abrir cr\u00e9dito suplementar na \u00c1guas de Sarandi - Servi\u00e7o Municipal de Saneamento Ambiental, na forma que especifica e d\u00e1 outras provid\u00eancias."}, {"id": "2284", "ano": "2008", "numero": "1515", "tipo__sigla": "LEI", "tipo__descricao": "Lei Ordin\u00e1ria", "texto_integral": "http://sapl.sarandi.pr.leg.br/media/sapl/public/normajuridica/2008/2284/lei_no_1515-2008_sapl.pdf", "ementa": "Autoriza o Chefe do Poder Executivo Municipal a abrir cr\u00e9dito adicional especial, na forma que especifica."}, {"id": "2283", "ano": "2008", "numero": "1514", "tipo__sigla": "LEI", "tipo__descricao": "Lei Ordin\u00e1ria", "texto_integral": "http://sapl.sarandi.pr.leg.br/media/sapl/public/normajuridica/2008/2283/lei_no_1514-2008_sapl.pdf", "ementa": "Autoriza o Chefe do Poder Executivo Municipal a abrir cr\u00e9dito adicional especial, na forma que especifica."}, {"id": "2282", "ano": "2008", "numero": "1513", "tipo__sigla": "LEI", "tipo__descricao": "Lei Ordin\u00e1ria", "texto_integral": "http://sapl.sarandi.pr.leg.br/media/sapl/public/normajuridica/2008/2282/lei_no_1513-2008_sapl.pdf", "ementa": "Autoriza o Poder Executivo Municipal a repassar verba para a Associa\u00e7\u00e3o Comercial, Industrial e de Servi\u00e7os de Sarandi-ACIS, na forma que especifica."}, {"id": "1676", "ano": "2008", "numero": "178", "tipo__sigla": "LC", "tipo__descricao": "Lei Complementar", "texto_integral": "http://sapl.sarandi.pr.leg.br/media/./sapl/public/normajuridica/2008/1676/1676_texto_integral.pdf", "ementa": "Prorroga o prazo estabelecido na Lei Complementar n\u00ba 159/2007 e d\u00e1 outras provid\u00eancias."}, {"id": "1675", "ano": "2008", "numero": "177", "tipo__sigla": "LC", "tipo__descricao": "Lei Complementar", "texto_integral": "http://sapl.sarandi.pr.leg.br/media/./sapl/public/normajuridica/2008/1675/1675_texto_integral.pdf", "ementa": "Altera dispositivos da Lei Complementar n\u00ba 166/2007 e d\u00e1 outras provid\u00eancias."}, {"id": "1136", "ano": "2008", "numero": "3", "tipo__sigla": "RES", "tipo__descricao": "Resolu\u00e7\u00e3o", "texto_integral": "http://sapl.sarandi.pr.leg.br/media/./sapl/public/normajuridica/2008/1136/1136_texto_integral.pdf", "ementa": "Altera dispositivo da Resolu\u00e7\u00e3o n\u00ba 002/92  - Regimento Interno"}, {"id": "3349", "ano": "2008", "numero": "3", "tipo__sigla": "RES", "tipo__descricao": "Resolu\u00e7\u00e3o", "texto_integral": "http://sapl.sarandi.pr.leg.br/media/./sapl/public/normajuridica/2008/3349/3349_texto_integral.pdf", "ementa": "Altera dispositivo da Resolu\u00e7\u00e3o n\u00ba 002/92 - RI."}, {"id": "2281", "ano": "2008", "numero": "1512", "tipo__sigla": "LEI", "tipo__descricao": "Lei Ordin\u00e1ria", "texto_integral": "http://sapl.sarandi.pr.leg.br/media/sapl/public/normajuridica/2008/2281/lei_no_1512-2008_sapl.pdf", "ementa": "Disp\u00f5e sobre inclus\u00e3o de projeto no PPA-Plano Plurianual n\u00ba 1.199/2005."}, {"id": "2280", "ano": "2008", "numero": "1511", "tipo__sigla": "LEI", "tipo__descricao": "Lei Ordin\u00e1ria", "texto_integral": "http://sapl.sarandi.pr.leg.br/media/sapl/public/normajuridica/2008/2280/lei_no_1511-2008_sapl.pdf", "ementa": "Autoriza o Chefe do Poder Executivo Municipal a abrir cr\u00e9dito adicional suplementar, na forma que especifica."}, {"id": "2279", "ano": "2008", "numero": "1510", "tipo__sigla": "LEI", "tipo__descricao": "Lei Ordin\u00e1ria", "texto_integral": "http://sapl.sarandi.pr.leg.br/media/sapl/public/normajuridica/2008/2279/lei_no_1510-2008_sapl.pdf", "ementa": "Autoriza o Poder Executivo Municipal a proceder o cancelamento e/ou a restitui\u00e7\u00e3o de taxas municipais, e d\u00e1 outras provid\u00eancias."}, {"id": "1674", "ano": "2008", "numero": "176", "tipo__sigla": "LC", "tipo__descricao": "Lei Complementar", "texto_integral": "http://sapl.sarandi.pr.leg.br/media/./sapl/public/normajuridica/2008/1674/1674_texto_integral.pdf", "ementa": "Revoga dispositivos da Lei Complementar n\u00ba 129/05 e d\u00e1 outras provid\u00eancias."}, {"id": "2278", "ano": "2008", "numero": "1509", "tipo__sigla": "LEI", "tipo__descricao": "Lei Ordin\u00e1ria", "texto_integral": "http://sapl.sarandi.pr.leg.br/media/sapl/public/normajuridica/2008/2278/lei_no_1509-2008_sapl.pdf", "ementa": "Fixa os subs\u00eddios dos vereadores para a 7\u00aa legislatura no per\u00edodo de 2009 a 2012."}, {"id": "2277", "ano": "2008", "numero": "1508", "tipo__sigla": "LEI", "tipo__descricao": "Lei Ordin\u00e1ria", "texto_integral": "http://sapl.sarandi.pr.leg.br/media/sapl/public/normajuridica/2008/2277/lei_no_1508-2008_sapl.pdf", "ementa": "Fixa os subs\u00eddios do prefeito, vice-prefeito e dos secret\u00e1rios municipais para a gest\u00e3o administrativa de 2009 a 2012."}, {"id": "2276", "ano": "2008", "numero": "1507", "tipo__sigla": "LEI", "tipo__descricao": "Lei Ordin\u00e1ria", "texto_integral": "http://sapl.sarandi.pr.leg.br/media/sapl/public/normajuridica/2008/2276/lei_no_1507-2008_sapl.pdf", "ementa": "Autoriza o Chefe do Poder Executivo Municipal a abrir cr\u00e9dito adicional especial, na forma que especifica."}, {"id": "2275", "ano": "2008", "numero": "1506", "tipo__sigla": "LEI", "tipo__descricao": "Lei Ordin\u00e1ria", "texto_integral": "http://sapl.sarandi.pr.leg.br/media/sapl/public/normajuridica/2008/2275/lei_no_1506-2008_sapl.pdf", "ementa": "Autoriza o Chefe do Poder Executivo Municipal a abrir cr\u00e9dito adicional especial, na forma que especifica."}, {"id": "2274", "ano": "2008", "numero": "1505", "tipo__sigla": "LEI", "tipo__descricao": "Lei Ordin\u00e1ria", "texto_integral": "http://sapl.sarandi.pr.leg.br/media/sapl/public/normajuridica/2008/2274/lei_no_1505-2008_sapl.pdf", "ementa": "Autoriza o Chefe do Poder Executivo Municipal a abrir cr\u00e9dito adicional especial, na forma que especifica."}, {"id": "2273", "ano": "2008", "numero": "1504", "tipo__sigla": "LEI", "tipo__descricao": "Lei Ordin\u00e1ria", "texto_integral": "http://sapl.sarandi.pr.leg.br/media/sapl/public/normajuridica/2008/2273/lei_no_1504-2008_sapl.pdf", "ementa": "Autoriza o Chefe do Poder Executivo Municipal a abrir cr\u00e9dito adicional especial, na forma que especifica."}, {"id": "3078", "ano": "2008", "numero": "22", "tipo__sigla": "POR", "tipo__descricao": "Portaria", "texto_integral": "http://sapl.sarandi.pr.leg.br/media/./sapl/public/normajuridica/2008/3078/3078_texto_integral.pdf", "ementa": "COMUNICA FECHAMENTO DA C\u00c2MARA DIAS 23, 24 E 25 DE ABRIL DE 2008, EM VIRTUDE DA MUDAN\u00c7A DE PR\u00c9DIO"}, {"id": "2272", "ano": "2008", "numero": "1503", "tipo__sigla": "LEI", "tipo__descricao": "Lei Ordin\u00e1ria", "texto_integral": "http://sapl.sarandi.pr.leg.br/media/sapl/public/normajuridica/2008/2272/lei_no_1503-2008_sapl.pdf", "ementa": "Autoriza o Chefe do Poder Executivo Municipal a abrir cr\u00e9dito adicional especial, na forma que especifica."}, {"id": "2271", "ano": "2008", "numero": "1502", "tipo__sigla": "LEI", "tipo__descricao": "Lei Ordin\u00e1ria", "texto_integral": "http://sapl.sarandi.pr.leg.br/media/sapl/public/normajuridica/2008/2271/lei_no_1502-2008_sapl.pdf", "ementa": "Autoriza o Chefe do Poder Executivo Municipal a abrir cr\u00e9dito adicional especial, na forma que especifica."}, {"id": "2270", "ano": "2008", "numero": "1501", "tipo__sigla": "LEI", "tipo__descricao": "Lei Ordin\u00e1ria", "texto_integral": "http://sapl.sarandi.pr.leg.br/media/sapl/public/normajuridica/2008/2270/lei_no_1501-2008_sapl.pdf", "ementa": "Autoriza o Chefe do Poder Executivo Municipal a abrir cr\u00e9dito adicional especial, na forma que especifica."}, {"id": "2269", "ano": "2008", "numero": "1500", "tipo__sigla": "LEI", "tipo__descricao": "Lei Ordin\u00e1ria", "texto_integral": "http://sapl.sarandi.pr.leg.br/media/sapl/public/normajuridica/2008/2269/lei_no_1500-2008_sapl.pdf", "ementa": "Autoriza o Chefe do Poder Executivo Municipal a abrir cr\u00e9dito adicional especial, na forma que especifica."}, {"id": "2268", "ano": "2008", "numero": "1499", "tipo__sigla": "LEI", "tipo__descricao": "Lei Ordin\u00e1ria", "texto_integral": "http://sapl.sarandi.pr.leg.br/media/sapl/public/normajuridica/2008/2268/lei_no_1499-2008_sapl.pdf", "ementa": "Autoriza o Chefe do Poder Executivo Municipal a abrir cr\u00e9dito adicional especial, na forma que especifica."}, {"id": "2267", "ano": "2008", "numero": "1498", "tipo__sigla": "LEI", "tipo__descricao": "Lei Ordin\u00e1ria", "texto_integral": "http://sapl.sarandi.pr.leg.br/media/sapl/public/normajuridica/2008/2267/lei_no_1498-2008_sapl.pdf", "ementa": "Autoriza o Chefe do Poder Executivo Municipal a abrir cr\u00e9dito adicional especial, na forma que especifica."}, {"id": "2266", "ano": "2008", "numero": "1497", "tipo__sigla": "LEI", "tipo__descricao": "Lei Ordin\u00e1ria", "texto_integral": "http://sapl.sarandi.pr.leg.br/media/sapl/public/normajuridica/2008/2266/lei_no_1497-2008_sapl.pdf", "ementa": "Altera dispositivos da Lei n\u00ba 1379/07, que disp\u00f5e sobre a cria\u00e7\u00e3o do Conselho Municipal de Acompanhamento e Controle Social do Fundo de Manuten\u00e7\u00e3o e Desenvolvimento da Educa\u00e7\u00e3o B\u00e1sica e de Valoriza\u00e7\u00e3o dos Profissionais da Educa\u00e7\u00e3o - Conselho do Fundeb."}, {"id": "1673", "ano": "2008", "numero": "175", "tipo__sigla": "LC", "tipo__descricao": "Lei Complementar", "texto_integral": "http://sapl.sarandi.pr.leg.br/media/./sapl/public/normajuridica/2008/1673/1673_texto_integral.pdf", "ementa": "Inclui rua no Eixo de Com\u00e9rcio e Servi\u00e7os, na forma que especifica."}, {"id": "3068", "ano": "2008", "numero": "21", "tipo__sigla": "POR", "tipo__descricao": "Portaria", "texto_integral": "http://sapl.sarandi.pr.leg.br/media/./sapl/public/normajuridica/2008/3068/3068_texto_integral.pdf", "ementa": "CONCEDER REPOSI\u00c7\u00c3O SALARIAL DE 3, 48, AOS SERVIDORES P\u00daBLICOS DESTE PODER"}, {"id": "3058", "ano": "2008", "numero": "20", "tipo__sigla": "POR", "tipo__descricao": "Portaria", "texto_integral": "http://sapl.sarandi.pr.leg.br/media/./sapl/public/normajuridica/2008/3058/3058_texto_integral.pdf", "ementa": "ENQUADRAM OS ASSESSORES PARLAMENTARES"}, {"id": "3048", "ano": "2008", "numero": "19", "tipo__sigla": "POR", "tipo__descricao": "Portaria", "texto_integral": "http://sapl.sarandi.pr.leg.br/media/./sapl/public/normajuridica/2008/3048/3048_texto_integral.pdf", "ementa": "FICA ALTERADA A NOMEA\u00c7\u00c3O DO SERVIDOR DALVECIR APARECIDO BONORA, ASSISTENTE LEGISLATIVO,  DO QUADRO DE PESSOAL PERMANENTE, PARA OCUPAR O CARGO DE CHEFE DA DIVIS\u00c3O DE PROTOCOLO E ARQUIVO."}, {"id": "3039", "ano": "2008", "numero": "18", "tipo__sigla": "POR", "tipo__descricao": "Portaria", "texto_integral": "http://sapl.sarandi.pr.leg.br/media/sapl/public/normajuridica/2008/3039/portaria_n_0018-2008.pdf", "ementa": "FICA ALTERADA A NOMEA\u00c7\u00c3O DA SERVIDORA M\u00d4NICA CRISTINA GONZALVES, ASSISTENTE ADMINISTRATIVO, DO QUADRO DE PESSOAL PERMANENTE, PARA OCUPAR O CARGO DE CHEFE DA DIVIS\u00c3O DE LICITA\u00c7\u00c3O, COMPRAS E PATRIM\u00d4NIO"}, {"id": "3342", "ano": "2008", "numero": "2", "tipo__sigla": "RES", "tipo__descricao": "Resolu\u00e7\u00e3o", "texto_integral": "http://sapl.sarandi.pr.leg.br/media/./sapl/public/normajuridica/2008/3342/3342_texto_integral.pdf", "ementa": "Cria, no \u00e2mbito do Poder Legislativo do Munic\u00edpio de Sarandi, Estado do Paran\u00e1, Cargos e Vagas de Provimento Efetivo e d\u00e1 outras provid\u00eancias."}, {"id": "2265", "ano": "2008", "numero": "1496", "tipo__sigla": "LEI", "tipo__descricao": "Lei Ordin\u00e1ria", "texto_integral": "http://sapl.sarandi.pr.leg.br/media/sapl/public/normajuridica/2008/2265/lei_no_1496-2008_sapl.pdf", "ementa": "Autoriza o Chefe do Poder Executivo Municipal a conceder reposi\u00e7\u00e3o salarial, na forma que especifica."}, {"id": "2264", "ano": "2008", "numero": "1495", "tipo__sigla": "LEI", "tipo__descricao": "Lei Ordin\u00e1ria", "texto_integral": "http://sapl.sarandi.pr.leg.br/media/sapl/public/normajuridica/2008/2264/lei_no_1495-2008_sapl.pdf", "ementa": "Autoriza o Chefe do Poder Executivo Municipal a fixar piso m\u00ednimo de vencimentos dos servidores p\u00fablicos municipais de Sarandi e d\u00e1 outras provid\u00eancias."}, {"id": "3334", "ano": "2008", "numero": "1", "tipo__sigla": "RES", "tipo__descricao": "Resolu\u00e7\u00e3o", "texto_integral": "http://sapl.sarandi.pr.leg.br/media/./sapl/public/normajuridica/2008/3334/3334_texto_integral.pdf", "ementa": "Disp\u00f5e sobre Estrutura Organizacional da C\u00e2mara Municipal de Sarandi, e d\u00e1 outras provid\u00eancias."}, {"id": "3019", "ano": "2008", "numero": "16", "tipo__sigla": "POR", "tipo__descricao": "Portaria", "texto_integral": "http://sapl.sarandi.pr.leg.br/media/./sapl/public/normajuridica/2008/3019/3019_texto_integral.pdf", "ementa": "NOMEIA O SENHOR JO\u00c3O PAULO MARQUES DA SILVA, COMO ASSISTENTE PARLAMENTAR, NO GABINETE DO VEREADOR LUIZ CARLOS DE AGUIAR"}, {"id": "2263", "ano": "2008", "numero": "1494", "tipo__sigla": "LEI", "tipo__descricao": "Lei Ordin\u00e1ria", "texto_integral": "http://sapl.sarandi.pr.leg.br/media/sapl/public/normajuridica/2008/2263/lei_no_1494-2008_sapl.pdf", "ementa": "Autoriza a concess\u00e3o de descontos sobre o valor de multas cominat\u00f3rias e d\u00e1 outras provid\u00eancias."}, {"id": "2262", "ano": "2008", "numero": "1493", "tipo__sigla": "LEI", "tipo__descricao": "Lei Ordin\u00e1ria", "texto_integral": "http://sapl.sarandi.pr.leg.br/media/sapl/public/normajuridica/2008/2262/lei_no_1493-2008_sapl.pdf", "ementa": "Fica alterada a carga hor\u00e1ria do cargo efetivo de advogado do munic\u00edpio de Sarandi e d\u00e1 outras provid\u00eancias."}, {"id": "2261", "ano": "2008", "numero": "1492", "tipo__sigla": "LEI", "tipo__descricao": "Lei Ordin\u00e1ria", "texto_integral": "http://sapl.sarandi.pr.leg.br/media/sapl/public/normajuridica/2008/2261/lei_no_1492-2008_sapl.pdf", "ementa": "Fica reenquadrado os vencimentos atribu\u00eddos ao cargo efetivo de contador e engenheiro civil e a alterada a carga hor\u00e1ria do cargo efetivo de engenheiro civil do munic\u00edpio de Sarandi e d\u00e1 outras provid\u00eancias."}, {"id": "1672", "ano": "2008", "numero": "174", "tipo__sigla": "LC", "tipo__descricao": "Lei Complementar", "texto_integral": "http://sapl.sarandi.pr.leg.br/media/./sapl/public/normajuridica/2008/1672/1672_texto_integral.pdf", "ementa": "Institui o Plano de Cargos, Carreiras e Vencimentos dos Servidores da \u00c1guas de Sarandi - Servi\u00e7o Municipal de Saneamento Ambiental, e d\u00e1 outras provid\u00eancias."}, {"id": "3029", "ano": "2008", "numero": "17", "tipo__sigla": "POR", "tipo__descricao": "Portaria", "texto_integral": "http://sapl.sarandi.pr.leg.br/media/./sapl/public/normajuridica/2008/3029/3029_texto_integral.pdf", "ementa": "CONCEDE LICEN\u00c7A ESPECIAL A SERVIDORA MARIA LOPES DOS SANTOS SOARES"}, {"id": "3008", "ano": "2008", "numero": "15", "tipo__sigla": "POR", "tipo__descricao": "Portaria", "texto_integral": "http://sapl.sarandi.pr.leg.br/media/./sapl/public/normajuridica/2008/3008/3008_texto_integral.pdf", "ementa": "EXONERA A SENHORA JANISLEI DIAS DE OLIVEIRA, DO CARGO DE ASSISTENTE PARLAMENTAR, NO GABINETE DO VEREADOR LUIZ CARLOS AGUIAR"}, {"id": "2260", "ano": "2008", "numero": "1491", "tipo__sigla": "LEI", "tipo__descricao": "Lei Ordin\u00e1ria", "texto_integral": "http://sapl.sarandi.pr.leg.br/media/./sapl/public/normajuridica/2008/2260/2260_texto_integral.pdf", "ementa": "Autoriza o Chefe do Poder Executivo Municipal a abrir cr\u00e9dito adicional especial, na forma que especifica."}, {"id": "1671", "ano": "2008", "numero": "173", "tipo__sigla": "LC", "tipo__descricao": "Lei Complementar", "texto_integral": "http://sapl.sarandi.pr.leg.br/media/./sapl/public/normajuridica/2008/1671/1671_texto_integral.pdf", "ementa": "Inclui rua no Eixo de Com\u00e9rcio e Servi\u00e7os-1, na forma que especifica."}, {"id": "1670", "ano": "2008", "numero": "172", "tipo__sigla": "LC", "tipo__descricao": "Lei Complementar", "texto_integral": "http://sapl.sarandi.pr.leg.br/media/./sapl/public/normajuridica/2008/1670/1670_texto_integral.pdf", "ementa": "Inclui avenidas e rua no Eixo de Com\u00e9rcio e Servi\u00e7os, na forma que especifica."}, {"id": "1669", "ano": "2008", "numero": "171", "tipo__sigla": "LC", "tipo__descricao": "Lei Complementar", "texto_integral": "http://sapl.sarandi.pr.leg.br/media/./sapl/public/normajuridica/2008/1669/1669_texto_integral.pdf", "ementa": "Inclui rua no Eixo de Com\u00e9rcio e Servi\u00e7os, na forma que especifica."}, {"id": "1668", "ano": "2008", "numero": "170", "tipo__sigla": "LC", "tipo__descricao": "Lei Complementar", "texto_integral": "http://sapl.sarandi.pr.leg.br/media/./sapl/public/normajuridica/2008/1668/1668_texto_integral.pdf", "ementa": "Inclui avenida no Eixo de Com\u00e9rcio e Servi\u00e7os-2, na forma que especifica."}, {"id": "2997", "ano": "2008", "numero": "14", "tipo__sigla": "POR", "tipo__descricao": "Portaria", "texto_integral": "http://sapl.sarandi.pr.leg.br/media/./sapl/public/normajuridica/2008/2997/2997_texto_integral.pdf", "ementa": "NOMEIA BRUNO DE ABREU FERNANDES, COMO ASSESSOR PARLAMENTAR, NO GABINETE DO VEREADOR CARLOS ALBERTO DE PAULA J\u00daNIOR"}, {"id": "2986", "ano": "2008", "numero": "13", "tipo__sigla": "POR", "tipo__descricao": "Portaria", "texto_integral": "http://sapl.sarandi.pr.leg.br/media/./sapl/public/normajuridica/2008/2986/2986_texto_integral.pdf", "ementa": "EXONERA FRANCISCO GOMES DE ALENCAR, ASSESSOR PARLAMENTAR, DO GABINETE DO VEREADOR CARLOS ALBERTO DE PAULA J\u00daNIOR"}, {"id": "2974", "ano": "2008", "numero": "12", "tipo__sigla": "POR", "tipo__descricao": "Portaria", "texto_integral": "http://sapl.sarandi.pr.leg.br/media/./sapl/public/normajuridica/2008/2974/2974_texto_integral.pdf", "ementa": "CONSTITUI COMISS\u00c3O ESPECIAL DE BENS PATRIMONIAIS DA C\u00c2MARA MUNICIPAL"}, {"id": "2259", "ano": "2008", "numero": "1490", "tipo__sigla": "LEI", "tipo__descricao": "Lei Ordin\u00e1ria", "texto_integral": "http://sapl.sarandi.pr.leg.br/media/./sapl/public/normajuridica/2008/2259/2259_texto_integral.pdf", "ementa": "Autoriza o Chefe do Poder Executivo Municipal a abrir cr\u00e9dito adicional especial, na forma que especifica."}, {"id": "2258", "ano": "2008", "numero": "1489", "tipo__sigla": "LEI", "tipo__descricao": "Lei Ordin\u00e1ria", "texto_integral": "http://sapl.sarandi.pr.leg.br/media/./sapl/public/normajuridica/2008/2258/2258_texto_integral.pdf", "ementa": "Autoriza o Chefe do Poder Executivo Municipal a abrir cr\u00e9dito adicional especial, na forma que especifica."}, {"id": "2257", "ano": "2008", "numero": "1488", "tipo__sigla": "LEI", "tipo__descricao": "Lei Ordin\u00e1ria", "texto_integral": "http://sapl.sarandi.pr.leg.br/media/./sapl/public/normajuridica/2008/2257/2257_texto_integral.pdf", "ementa": "Autoriza o Chefe do Poder Executivo Municipal a abrir cr\u00e9dito adicional especial, na forma que especifica."}, {"id": "1667", "ano": "2008", "numero": "169", "tipo__sigla": "LC", "tipo__descricao": "Lei Complementar", "texto_integral": "http://sapl.sarandi.pr.leg.br/media/./sapl/public/normajuridica/2008/1667/1667_texto_integral.pdf", "ementa": "Cria na estrutura Administrativa da Secretaria Municipal de Assist\u00eancia Social a Divis\u00e3o de Apoio \u00e0 Crian\u00e7a e ao Adolescente; Cria cargo de provimento em comiss\u00e3o, e d\u00e1 outras provid\u00eancias."}, {"id": "2962", "ano": "2008", "numero": "11", "tipo__sigla": "POR", "tipo__descricao": "Portaria", "texto_integral": "http://sapl.sarandi.pr.leg.br/media/./sapl/public/normajuridica/2008/2962/2962_texto_integral.pdf", "ementa": "REVOGA A PORTARIA N\u00b0030/2007"}, {"id": "1533", "ano": "2008", "numero": "2", "tipo__sigla": "DL", "tipo__descricao": "Decreto Legislativo", "texto_integral": "http://sapl.sarandi.pr.leg.br/media/./sapl/public/normajuridica/2008/1533/1533_texto_integral.pdf", "ementa": "C\u00e2mara presta homenagem p\u00f3stuma ao vereador Gordo."}, {"id": "1522", "ano": "2008", "numero": "1", "tipo__sigla": "DL", "tipo__descricao": "Decreto Legislativo", "texto_integral": "http://sapl.sarandi.pr.leg.br/media/./sapl/public/normajuridica/2008/1522/1522_texto_integral.pdf", "ementa": "Aprova as contas do Poder Executivo, relativas ao Exerc\u00edcio Financeiro de 2002."}, {"id": "2950", "ano": "2008", "numero": "10", "tipo__sigla": "POR", "tipo__descricao": "Portaria", "texto_integral": "http://sapl.sarandi.pr.leg.br/media/./sapl/public/normajuridica/2008/2950/2950_texto_integral.pdf", "ementa": "NOMEIA A SENHORA JANISLEI DIAS DE OLIVEIRA, COMO ASSISTENTE PARLAMENTAR, NO GABINETE DO VEREADOR LUIZ CARLOS DE AGUIAR"}, {"id": "2938", "ano": "2008", "numero": "9", "tipo__sigla": "POR", "tipo__descricao": "Portaria", "texto_integral": "http://sapl.sarandi.pr.leg.br/media/./sapl/public/normajuridica/2008/2938/2938_texto_integral.pdf", "ementa": "NOMEIA O SENHOR DALVECIR APARECIDO BONORA, COMO CHEFE DA DIVIS\u00c3O DE ARQUIVO E ANAIS E CONCEDE 50% DE GRATIFICA\u00c7\u00c3O COMO FUN\u00c7\u00c3O GRATIFICADA"}, {"id": "2926", "ano": "2008", "numero": "8", "tipo__sigla": "POR", "tipo__descricao": "Portaria", "texto_integral": "http://sapl.sarandi.pr.leg.br/media/./sapl/public/normajuridica/2008/2926/2926_texto_integral.pdf", "ementa": "NOMEIA A SENHORITA M\u00d4NICA CRISTINA GONZALVES, COMO CHEFE DA DIVIS\u00c3O DE ADMINISTRA\u00c7\u00c3O E CONCEDE 35% DE GRATIFICA\u00c7\u00c3O COMO FUN\u00c7\u00c3O GRATIFICADA"}, {"id": "2914", "ano": "2008", "numero": "7", "tipo__sigla": "POR", "tipo__descricao": "Portaria", "texto_integral": "http://sapl.sarandi.pr.leg.br/media/./sapl/public/normajuridica/2008/2914/2914_texto_integral.pdf", "ementa": "NOMEIA O SENHOR MAURICIO CAMARGO DOS SANTOS, PARA O CARGO DE ASSISTENTE PARLAMENTAR NO GABINETE DO VEREADOR CILAS SOUZA MORAIS"}, {"id": "2902", "ano": "2008", "numero": "6", "tipo__sigla": "POR", "tipo__descricao": "Portaria", "texto_integral": "http://sapl.sarandi.pr.leg.br/media/./sapl/public/normajuridica/2008/2902/2902_texto_integral.pdf", "ementa": "NOMEIA A SENHORA LOURDES APARECIDA DO NASCIMENTO, PARA O CARGO DE ASSISTENTE PARLAMENTAR NO GABINETE DO VEREADOR BELMIRO DA SILVA FARIAS"}, {"id": "2890", "ano": "2008", "numero": "5", "tipo__sigla": "POR", "tipo__descricao": "Portaria", "texto_integral": "http://sapl.sarandi.pr.leg.br/media/./sapl/public/normajuridica/2008/2890/2890_texto_integral.pdf", "ementa": "EXONERA IVAN MIGUEL DA SILVA, DO CARGO DE ASSISTENTE PARLAMENTAR DO GABINETE DO VEREADOR LUIZ CARLOS DE AGUIAR"}, {"id": "2878", "ano": "2008", "numero": "4", "tipo__sigla": "POR", "tipo__descricao": "Portaria", "texto_integral": "http://sapl.sarandi.pr.leg.br/media/./sapl/public/normajuridica/2008/2878/2878_texto_integral.pdf", "ementa": "EXONERA D\u00c9BORA BISPO LEITE, DO CARGO DE ASSISTENTE PARLAMENTAR DO GABINETE DO VEREADOR CILAS SOUZA MORAIS"}, {"id": "2866", "ano": "2008", "numero": "3", "tipo__sigla": "POR", "tipo__descricao": "Portaria", "texto_integral": "http://sapl.sarandi.pr.leg.br/media/./sapl/public/normajuridica/2008/2866/2866_texto_integral.pdf", "ementa": "EXONERA ANTONIO BERNADINO DE SOUZA, DO CARGO DE ASSISTENTE PARLAMENTAR DO GABINETE DO VEREADOR BELMIRO DA SILVA FARIAS, EM VIRTUDE DE \u00d3BITO EM 03/02/2008"}, {"id": "2854", "ano": "2008", "numero": "2", "tipo__sigla": "POR", "tipo__descricao": "Portaria", "texto_integral": "http://sapl.sarandi.pr.leg.br/media/./sapl/public/normajuridica/2008/2854/2854_texto_integral.pdf", "ementa": "NOMEIA MEMBROS PARA COMPOREM AS COMISS\u00d5ES DE PERMANENTES DA C\u00c2MARA PARA O ANO DE 2008"}, {"id": "2256", "ano": "2008", "numero": "1487", "tipo__sigla": "LEI", "tipo__descricao": "Lei Ordin\u00e1ria", "texto_integral": "http://sapl.sarandi.pr.leg.br/media/sapl/public/normajuridica/2008/2256/lei_no_1487-2008_sapl.pdf", "ementa": "Autoriza o Chefe do Poder Executivo Municipal a abrir cr\u00e9dito adicional especial, na forma que especifica."}, {"id": "2255", "ano": "2008", "numero": "1486", "tipo__sigla": "LEI", "tipo__descricao": "Lei Ordin\u00e1ria", "texto_integral": "http://sapl.sarandi.pr.leg.br/media/sapl/public/normajuridica/2008/2255/lei_no_1486-2008_sapl.pdf", "ementa": "Revoga a Lei Municipal n\u00ba 1462/2007, na forma que especifica."}, {"id": "2254", "ano": "2008", "numero": "1485", "tipo__sigla": "LEI", "tipo__descricao": "Lei Ordin\u00e1ria", "texto_integral": "http://sapl.sarandi.pr.leg.br/media/sapl/public/normajuridica/2008/2254/lei_no_1485-2008_sapl.pdf", "ementa": "Autoriza o Chefe do Poder Executivo Municipal a abrir cr\u00e9dito adicional especial na \u00c1guas de Sarandi - Servi\u00e7o Municipal de Saneamento Ambiental, na forma que especifica e d\u00e1 outras provid\u00eancias."}, {"id": "2253", "ano": "2008", "numero": "1484", "tipo__sigla": "LEI", "tipo__descricao": "Lei Ordin\u00e1ria", "texto_integral": "http://sapl.sarandi.pr.leg.br/media/sapl/public/normajuridica/2008/2253/lei_no_1484-2008_sapl.pdf", "ementa": "Autoriza o Chefe do Executivo a contratar opera\u00e7\u00e3o de cr\u00e9dito com o Banco Regional de Desenvolvimento do Extremo Sul - BRDE e/ou a Ag\u00eancia de Fomento do Paran\u00e1 S/A."}, {"id": "2252", "ano": "2008", "numero": "1483", "tipo__sigla": "LEI", "tipo__descricao": "Lei Ordin\u00e1ria", "texto_integral": "http://sapl.sarandi.pr.leg.br/media/sapl/public/normajuridica/2008/2252/lei_no_1483-2008_sapl.pdf", "ementa": "Autoriza o Chefe do Poder Executivo Municipal a abrir cr\u00e9dito adicional especial, na forma que especifica no or\u00e7amento de 2008 e altera o anexo de a\u00e7\u00f5es da Lei Municipal n\u00ba 1199/2005, que disp\u00f5e sobre o Plano Plurianual para o exerc\u00edcio de 2006/2009 do munic\u00edpio de Sarandi."}, {"id": "1666", "ano": "2008", "numero": "168", "tipo__sigla": "LC", "tipo__descricao": "Lei Complementar", "texto_integral": "http://sapl.sarandi.pr.leg.br/media/./sapl/public/normajuridica/2008/1666/1666_texto_integral.pdf", "ementa": "Autoriza a redu\u00e7\u00e3o da carga hor\u00e1ria dos cargos a seguir especificados constantes do quadro de pessoal permanente, Anexo II da Lei Complementar n\u00ba 16/93, e suas altera\u00e7\u00f5es, e d\u00e1 outras provid\u00eancias."}, {"id": "2842", "ano": "2008", "numero": "1", "tipo__sigla": "POR", "tipo__descricao": "Portaria", "texto_integral": "http://sapl.sarandi.pr.leg.br/media/./sapl/public/normajuridica/2008/2842/2842_texto_integral.pdf", "ementa": "NOMEIA MEMBROS PARA COMPOREM A COMISS\u00c3O DE LICITA\u00c7\u00c3O E JULGAMENTO PARA O ANO DE 2008"}, {"id": "2251", "ano": "2007", "numero": "1482", "tipo__sigla": "LEI", "tipo__descricao": "Lei Ordin\u00e1ria", "texto_integral": "http://sapl.sarandi.pr.leg.br/media/sapl/public/normajuridica/2007/2251/lei_no_1482-2007_sapl.pdf", "ementa": "Autoriza o Chefe do Poder Executivo Municipal a abrir cr\u00e9dito adicional especial, na forma que especifica."}, {"id": "2250", "ano": "2007", "numero": "1481", "tipo__sigla": "LEI", "tipo__descricao": "Lei Ordin\u00e1ria", "texto_integral": "http://sapl.sarandi.pr.leg.br/media/sapl/public/normajuridica/2007/2250/lei_no_1481-2007_sapl.pdf", "ementa": "Autoriza o Chefe do Poder Executivo Municipal a abrir cr\u00e9dito adicional especial, na forma que especifica."}, {"id": "2249", "ano": "2007", "numero": "1480", "tipo__sigla": "LEI", "tipo__descricao": "Lei Ordin\u00e1ria", "texto_integral": "http://sapl.sarandi.pr.leg.br/media/sapl/public/normajuridica/2007/2249/lei_no_1480-2007_sapl.pdf", "ementa": "Autoriza o Chefe do Poder Executivo Municipal a abrir cr\u00e9dito adicional especial, na forma que especifica."}, {"id": "2248", "ano": "2007", "numero": "1479", "tipo__sigla": "LEI", "tipo__descricao": "Lei Ordin\u00e1ria", "texto_integral": "http://sapl.sarandi.pr.leg.br/media/sapl/public/normajuridica/2007/2248/lei_no_1479-2007_sapl.pdf", "ementa": "Autoriza o Chefe do Poder Executivo Municipal a abrir cr\u00e9dito adicional especial, na \u00c1guas de Sarandi - Servi\u00e7o Municipal de Saneamento Ambiental, na forma que especifica e d\u00e1 outras provid\u00eancias."}, {"id": "2247", "ano": "2007", "numero": "1478", "tipo__sigla": "LEI", "tipo__descricao": "Lei Ordin\u00e1ria", "texto_integral": "http://sapl.sarandi.pr.leg.br/media/sapl/public/normajuridica/2007/2247/lei_no_1478-2007_sapl.pdf", "ementa": "Autoriza o Chefe do Poder Executivo Municipal a abrir cr\u00e9dito adicional especial, na forma que especifica."}, {"id": "4259", "ano": "2007", "numero": "167", "tipo__sigla": "LC", "tipo__descricao": "Lei Complementar", "texto_integral": "http://sapl.sarandi.pr.leg.br/media/sapl/public/normajuridica/2007/4259/lei_complementar_n-_167.2007_-_plano_diretor.doc", "ementa": "Disp\u00f5e sobre o Plano Diretor, estabelece diretrizes para o desenvolvimento e os instrumentos normativos para a gest\u00e3o do territ\u00f3rio do Munic\u00edpio de Sarandi, Estado do Paran\u00e1."}, {"id": "3324", "ano": "2007", "numero": "69", "tipo__sigla": "POR", "tipo__descricao": "Portaria", "texto_integral": "http://sapl.sarandi.pr.leg.br/media/./sapl/public/normajuridica/2007/3324/3324_texto_integral.pdf", "ementa": "NOMEIA O SERVIDOR FRANCISCO ADALBERTO DE SOUZA, PARA RESPONDER PELA CONTABILIDADE DA C\u00c2MARA, DURANTE O BI\u00caNIO 2007/2008"}, {"id": "3321", "ano": "2007", "numero": "68", "tipo__sigla": "POR", "tipo__descricao": "Portaria", "texto_integral": "http://sapl.sarandi.pr.leg.br/media/./sapl/public/normajuridica/2007/3321/3321_texto_integral.pdf", "ementa": "NOMEIA A SERVIDORA EDITE NUNES DA SILVA, PARA OCUPAR O CARGO DE RECEPCIONISTA, DURANTE O BI\u00caNIO 2007/2008"}, {"id": "3318", "ano": "2007", "numero": "67", "tipo__sigla": "POR", "tipo__descricao": "Portaria", "texto_integral": "http://sapl.sarandi.pr.leg.br/media/./sapl/public/normajuridica/2007/3318/3318_texto_integral.pdf", "ementa": "NOMEIA A SENHORA SANDRA MARA BONORA, PARA O CARGO DE ASSESSOR PARLAMENTAR, NO GABINETE DO VEREADOR CILAS SOUZA MORAIS, EM VIGOR EM DATA DE 01 DE JANEIRO DE 2008"}, {"id": "2246", "ano": "2007", "numero": "1477", "tipo__sigla": "LEI", "tipo__descricao": "Lei Ordin\u00e1ria", "texto_integral": "http://sapl.sarandi.pr.leg.br/media/sapl/public/normajuridica/2007/2246/lei_no_1477-2007_sapl.pdf", "ementa": "Autoriza o Chefe do Poder Executivo Municipal a abrir cr\u00e9dito adicional suplementar, na forma que especifica."}, {"id": "2245", "ano": "2007", "numero": "1476", "tipo__sigla": "LEI", "tipo__descricao": "Lei Ordin\u00e1ria", "texto_integral": "http://sapl.sarandi.pr.leg.br/media/sapl/public/normajuridica/2007/2245/lei_no_1476-2007_sapl.pdf", "ementa": "Autoriza o Chefe do Poder Executivo Municipal a abrir cr\u00e9dito adicional especial, na forma que especifica."}, {"id": "2244", "ano": "2007", "numero": "1475", "tipo__sigla": "LEI", "tipo__descricao": "Lei Ordin\u00e1ria", "texto_integral": "http://sapl.sarandi.pr.leg.br/media/sapl/public/normajuridica/2007/2244/lei_no_1475-2007_sapl.pdf", "ementa": "Autoriza o Chefe do Poder Executivo Municipal a abrir cr\u00e9dito adicional especial, na forma que especifica."}, {"id": "2243", "ano": "2007", "numero": "1474", "tipo__sigla": "LEI", "tipo__descricao": "Lei Ordin\u00e1ria", "texto_integral": "http://sapl.sarandi.pr.leg.br/media/./sapl/public/normajuridica/2007/2243/2243_texto_integral.pdf", "ementa": "Altera o artigo 29, da Lei n\u00ba 464/92, j\u00e1 alterado pela Lei n\u00ba 1037/2002, de 11/12/2002."}, {"id": "2242", "ano": "2007", "numero": "1473", "tipo__sigla": "LEI", "tipo__descricao": "Lei Ordin\u00e1ria", "texto_integral": "http://sapl.sarandi.pr.leg.br/media/sapl/public/normajuridica/2007/2242/lei_no_1473-2007_sapl.pdf", "ementa": "Autoriza o Poder Executivo a receber im\u00f3veis urbanos como da\u00e7\u00e3o em pagamento para quita\u00e7\u00e3o de cr\u00e9ditos tribut\u00e1rios municipais, e d\u00e1 outras provid\u00eancias."}, {"id": "2241", "ano": "2007", "numero": "1472", "tipo__sigla": "LEI", "tipo__descricao": "Lei Ordin\u00e1ria", "texto_integral": "http://sapl.sarandi.pr.leg.br/media/sapl/public/normajuridica/2007/2241/lei_no_1472-2007_sapl.pdf", "ementa": "Autoriza o Poder Executivo a receber im\u00f3veis urbanos como Da\u00e7\u00e3o em pagamento para quita\u00e7\u00e3o de cr\u00e9ditos tribut\u00e1rios municipais, e d\u00e1 outras provid\u00eancias."}, {"id": "2240", "ano": "2007", "numero": "1471", "tipo__sigla": "LEI", "tipo__descricao": "Lei Ordin\u00e1ria", "texto_integral": "http://sapl.sarandi.pr.leg.br/media/sapl/public/normajuridica/2007/2240/lei_no_1471-2007_sapl.pdf", "ementa": "Autoriza o Poder Executivo Municipal a promover Acordo Judicial nos autos de A\u00e7\u00e3o Ordin\u00e1ria de Presta\u00e7\u00e3o de Obriga\u00e7\u00e3o de Fazer c/c Preceito Cominat\u00f3rio n\u00ba 1.418/2004, e d\u00e1 outras provid\u00eancias."}, {"id": "2239", "ano": "2007", "numero": "1470", "tipo__sigla": "LEI", "tipo__descricao": "Lei Ordin\u00e1ria", "texto_integral": "http://sapl.sarandi.pr.leg.br/media/sapl/public/normajuridica/2007/2239/lei_no_1470-2007_sapl.pdf", "ementa": "Autoriza o Poder Executivo Municipal a promover Acordo Judicial nos autos de A\u00e7\u00e3o Ordin\u00e1ria de Presta\u00e7\u00e3o de Obriga\u00e7\u00e3o de Fazer c/c preceito cominat\u00f3rio n\u00ba 1.417/2004, e d\u00e1 outras provid\u00eancias."}, {"id": "6517", "ano": "2007", "numero": "1469", "tipo__sigla": "LEI", "tipo__descricao": "Lei Ordin\u00e1ria", "texto_integral": "http://sapl.sarandi.pr.leg.br/media/sapl/public/normajuridica/2007/6517/lei_no_1469-2007_sapl.pdf", "ementa": "Dispensa a cobran\u00e7a de IPTU de aid\u00e9ticos e cancerosos e d\u00e1 outras provid\u00eancias."}, {"id": "2238", "ano": "2007", "numero": "1468", "tipo__sigla": "LEI", "tipo__descricao": "Lei Ordin\u00e1ria", "texto_integral": "http://sapl.sarandi.pr.leg.br/media/sapl/public/normajuridica/2007/2238/lei_no_1468-2007_sapl.pdf", "ementa": "Denomina quadra de esportes da Escola Municipal Jos\u00e9 Polo, na forma que especifica."}, {"id": "2237", "ano": "2007", "numero": "1467", "tipo__sigla": "LEI", "tipo__descricao": "Lei Ordin\u00e1ria", "texto_integral": "http://sapl.sarandi.pr.leg.br/media/sapl/public/normajuridica/2007/2237/lei_no_1467-2007_sapl.pdf", "ementa": "Revoga a Lei Municipal n\u00ba 1333/2006, na forma que especifica."}, {"id": "1665", "ano": "2007", "numero": "166", "tipo__sigla": "LC", "tipo__descricao": "Lei Complementar", "texto_integral": "http://sapl.sarandi.pr.leg.br/media/./sapl/public/normajuridica/2007/1665/1665_texto_integral.pdf", "ementa": "Autoriza a concess\u00e3o de prazo para a adequa\u00e7\u00e3o da utiliza\u00e7\u00e3o do uso e ocupa\u00e7\u00e3o do solo urbano e d\u00e1 outras provid\u00eancias."}, {"id": "1664", "ano": "2007", "numero": "165", "tipo__sigla": "LC", "tipo__descricao": "Lei Complementar", "texto_integral": "http://sapl.sarandi.pr.leg.br/media/./sapl/public/normajuridica/2007/1664/1664_texto_integral.pdf", "ementa": "Fixa o piso m\u00ednimo de vencimentos dos servidores p\u00fablicos municipais do Munic\u00edpio de Sarandi e d\u00e1 outras provid\u00eancias."}, {"id": "1663", "ano": "2007", "numero": "164", "tipo__sigla": "LC", "tipo__descricao": "Lei Complementar", "texto_integral": "http://sapl.sarandi.pr.leg.br/media/./sapl/public/normajuridica/2007/1663/1663_texto_integral.pdf", "ementa": "Cria na estrutura administrativa da Secretaria Municipal de Assist\u00eancia Social a Divis\u00e3o de Apoio ao Idoso; Cria cargo de provimento em comiss\u00e3o, e d\u00e1 outras provid\u00eancias."}, {"id": "1662", "ano": "2007", "numero": "163", "tipo__sigla": "LC", "tipo__descricao": "Lei Complementar", "texto_integral": "http://sapl.sarandi.pr.leg.br/media/./sapl/public/normajuridica/2007/1662/1662_texto_integral.pdf", "ementa": "Altera dispositivos da Lei Complementar n\u00ba 115/2005, que disp\u00f5e sobre a Estrutura Administrativa do Munic\u00edpio de Sarandi, e d\u00e1 outras provid\u00eancias."}, {"id": "1661", "ano": "2007", "numero": "162", "tipo__sigla": "LC", "tipo__descricao": "Lei Complementar", "texto_integral": "http://sapl.sarandi.pr.leg.br/media/./sapl/public/normajuridica/2007/1661/1661_texto_integral.pdf", "ementa": "Disp\u00f5e sobre a organiza\u00e7\u00e3o do Sistema Municipal de Defesa do Consumidor - SMDC, institui a Coordenadoria Municipal de Prote\u00e7\u00e3o e Defesa do Consumidor - PROCON, o Conselho Municipal de Defesa do Consumidor - CONDECON e institui o Fundo Municipal de Defesa do Consumidor - FMDC, e d\u00e1 outras provid\u00eancias."}, {"id": "1660", "ano": "2007", "numero": "161", "tipo__sigla": "LC", "tipo__descricao": "Lei Complementar", "texto_integral": "http://sapl.sarandi.pr.leg.br/media/./sapl/public/normajuridica/2007/1660/1660_texto_integral.pdf", "ementa": "Inclui rua no Eixo de Com\u00e9rcio e Servi\u00e7os-2, na forma que especifica."}, {"id": "1659", "ano": "2007", "numero": "160", "tipo__sigla": "LC", "tipo__descricao": "Lei Complementar", "texto_integral": "http://sapl.sarandi.pr.leg.br/media/./sapl/public/normajuridica/2007/1659/1659_texto_integral.pdf", "ementa": "Institui, no \u00e2mbito municipal, o regime jur\u00eddico tribut\u00e1rio diferenciado, favorecido e simplificado concedido \u00e0s microempresa e \u00e0s empresas de pequeno porte, na conformidade das normas gerais previstas no Estatuto Nacional da Microempresa e da Empresa de Pequeno Porte institu\u00eddo pela Lei Complementar (federal) n\u00ba 123, de 14 de dezembro de 2006."}, {"id": "3315", "ano": "2007", "numero": "66", "tipo__sigla": "POR", "tipo__descricao": "Portaria", "texto_integral": "http://sapl.sarandi.pr.leg.br/media/./sapl/public/normajuridica/2007/3315/3315_texto_integral.pdf", "ementa": "DEFINE RECESSO FUNCIONAL DE 24 DE DEZEMBRO DE 2007 A 04 DE JANEIRO DE 2008"}, {"id": "3312", "ano": "2007", "numero": "65", "tipo__sigla": "POR", "tipo__descricao": "Portaria", "texto_integral": "http://sapl.sarandi.pr.leg.br/media/./sapl/public/normajuridica/2007/3312/3312_texto_integral.pdf", "ementa": "NOEMIA A SERVIDORA CLEONICE IZIDIO DE AZEVEDO, PARA OCUPAR O CARGO DE CONTROLADOR INTERNO DA C\u00c2MARA E ATRIBUI GRATIFICA\u00c7\u00c3O DE 40% SOBRE SEUS VENCIMENTOS"}, {"id": "3309", "ano": "2007", "numero": "64", "tipo__sigla": "POR", "tipo__descricao": "Portaria", "texto_integral": "http://sapl.sarandi.pr.leg.br/media/./sapl/public/normajuridica/2007/3309/3309_texto_integral.pdf", "ementa": "NOMEIA A SENHORA TANIA MARA GARCIA DOS SANTOS, PARA O CARGO DE ASSESSOR PARLAMENTAR, NO GABINETE DO VEREADOR ANTONIO DA CUNHA, EM VIGOR EM DATA DE 17 DE DEZEMBRO DE 2007"}, {"id": "2236", "ano": "2007", "numero": "1466", "tipo__sigla": "LEI", "tipo__descricao": "Lei Ordin\u00e1ria", "texto_integral": "http://sapl.sarandi.pr.leg.br/media/sapl/public/normajuridica/2007/2236/lei_no_1466-2007_sapl.pdf", "ementa": "Autoriza o Chefe do Poder Executivo Municipal a abrir cr\u00e9dito adicional especial, na forma que especifica."}, {"id": "2235", "ano": "2007", "numero": "1465", "tipo__sigla": "LEI", "tipo__descricao": "Lei Ordin\u00e1ria", "texto_integral": "http://sapl.sarandi.pr.leg.br/media/sapl/public/normajuridica/2007/2235/lei_no_1465-2007_sapl.pdf", "ementa": "Autoriza o Chefe do Poder Executivo a abrir Cr\u00e9dito Especial."}, {"id": "2234", "ano": "2007", "numero": "1464", "tipo__sigla": "LEI", "tipo__descricao": "Lei Ordin\u00e1ria", "texto_integral": "http://sapl.sarandi.pr.leg.br/media/sapl/public/normajuridica/2007/2234/lei_no_1464-2007_sapl.pdf", "ementa": "AUTORIZA O CHEFE DO PODER EXECUTIVO A  ABRIR CR\u00c9DITO ESPECIAL"}, {"id": "2233", "ano": "2007", "numero": "1463", "tipo__sigla": "LEI", "tipo__descricao": "Lei Ordin\u00e1ria", "texto_integral": "http://sapl.sarandi.pr.leg.br/media/sapl/public/normajuridica/2007/2233/lei_no_1463-2007_sapl.pdf", "ementa": "AUTORIZA O CHEFE DO PODER EXECUTIVO A A BRIR CR\u00c9DITO ESPECIAL"}, {"id": "2232", "ano": "2007", "numero": "1462", "tipo__sigla": "LEI", "tipo__descricao": "Lei Ordin\u00e1ria", "texto_integral": "http://sapl.sarandi.pr.leg.br/media/sapl/public/normajuridica/2007/2232/lei_no_1462-2007_sapl.pdf", "ementa": "AUTORIZA O CHEFE DO PODER EXECUTIVO A A BRIR CR\u00c9DITO ESPECIAL"}, {"id": "2231", "ano": "2007", "numero": "1461", "tipo__sigla": "LEI", "tipo__descricao": "Lei Ordin\u00e1ria", "texto_integral": "http://sapl.sarandi.pr.leg.br/media/sapl/public/normajuridica/2007/2231/lei_no_1461-2007_sapl.pdf", "ementa": "Altera dispositivos da Lei Municipal n\u00ba 1351/06, que Institui o Fundo Municipal de Sa\u00fade, e d\u00e1 outras provid\u00eancias."}, {"id": "2230", "ano": "2007", "numero": "1460", "tipo__sigla": "LEI", "tipo__descricao": "Lei Ordin\u00e1ria", "texto_integral": "http://sapl.sarandi.pr.leg.br/media/sapl/public/normajuridica/2007/2230/lei_no_1460-2007_sapl.pdf", "ementa": "Autoriza o munic\u00edpio de Sarandi a fazer os descontos previstos no conv\u00eanio firmado entre a Associa\u00e7\u00e3o dos servidores p\u00fablicos de Sarandi e institui\u00e7\u00f5es financeiras."}, {"id": "3341", "ano": "2007", "numero": "2", "tipo__sigla": "RES", "tipo__descricao": "Resolu\u00e7\u00e3o", "texto_integral": "http://sapl.sarandi.pr.leg.br/media/./sapl/public/normajuridica/2007/3341/3341_texto_integral.pdf", "ementa": "Disp\u00f5e sobre a organiza\u00e7\u00e3o do Sistema de Controle Interno da C\u00e2mara Municipal e cria a fun\u00e7\u00e3o de Controlador Interno, conforme determina o artigo 31 da Constitui\u00e7\u00e3o Federal e d\u00e1 outras provid\u00eancias"}, {"id": "2229", "ano": "2007", "numero": "1459", "tipo__sigla": "LEI", "tipo__descricao": "Lei Ordin\u00e1ria", "texto_integral": "http://sapl.sarandi.pr.leg.br/media/./sapl/public/normajuridica/2007/2229/2229_texto_integral.pdf", "ementa": "Estima a receita e fixa a despesa do munic\u00edpio para o exerc\u00edcio de 2008."}, {"id": "3306", "ano": "2007", "numero": "63", "tipo__sigla": "POR", "tipo__descricao": "Portaria", "texto_integral": "http://sapl.sarandi.pr.leg.br/media/./sapl/public/normajuridica/2007/3306/3306_texto_integral.pdf", "ementa": "EXONERA O JOVEM THIAGO LUIZ J\u00daNIOR GOES, DO CARGO DE ASSESSOR PARLAMENTAR, DO GABINETE DO VEREADOR CILAS SOUZA MORAIS"}, {"id": "3303", "ano": "2007", "numero": "62", "tipo__sigla": "POR", "tipo__descricao": "Portaria", "texto_integral": "http://sapl.sarandi.pr.leg.br/media/./sapl/public/normajuridica/2007/3303/3303_texto_integral.pdf", "ementa": "EXONERA O SENHOR LUIZ CARLOS MANZATO, DO CARGO FE ASSESSOR PARLAMENTAR, DO GABINETE DO VEREADOR ANTONIO DA CUNHA"}, {"id": "2228", "ano": "2007", "numero": "1458", "tipo__sigla": "LEI", "tipo__descricao": "Lei Ordin\u00e1ria", "texto_integral": "http://sapl.sarandi.pr.leg.br/media/sapl/public/normajuridica/2007/2228/lei_no_1458-2007_sapl.pdf", "ementa": "Altera a Lei Municipal n\u00ba 1.371, de 21 de mar\u00e7o de 2007, na forma que especifica."}, {"id": "2227", "ano": "2007", "numero": "1457", "tipo__sigla": "LEI", "tipo__descricao": "Lei Ordin\u00e1ria", "texto_integral": "http://sapl.sarandi.pr.leg.br/media/sapl/public/normajuridica/2007/2227/lei_no_1457-2007_sapl.pdf", "ementa": "Altera a Lei Municipal n\u00ba 1.372, de 21 de mar\u00e7o de 2007, na forma que especifica."}, {"id": "2226", "ano": "2007", "numero": "1456", "tipo__sigla": "LEI", "tipo__descricao": "Lei Ordin\u00e1ria", "texto_integral": "http://sapl.sarandi.pr.leg.br/media/sapl/public/normajuridica/2007/2226/lei_no_1456-2007_sapl.pdf", "ementa": "Altera o artigo 3\u00ba da Lei n\u00ba 1186/2005, que autoriza o Chefe do Poder Executivo a contratar opera\u00e7\u00e3o de cr\u00e9dito com a Ag\u00eancia de Fomento do Paran\u00e1 S.A."}, {"id": "2225", "ano": "2007", "numero": "1455", "tipo__sigla": "LEI", "tipo__descricao": "Lei Ordin\u00e1ria", "texto_integral": "http://sapl.sarandi.pr.leg.br/media/sapl/public/normajuridica/2007/2225/lei_no_1455-2007_sapl.pdf", "ementa": "Autoriza o Chefe do Poder Executivo Municipal a abrir cr\u00e9dito adicional especial, na forma que especifica."}, {"id": "1658", "ano": "2007", "numero": "159", "tipo__sigla": "LC", "tipo__descricao": "Lei Complementar", "texto_integral": "http://sapl.sarandi.pr.leg.br/media/sapl/public/normajuridica/2007/1658/lei_complementar_no_159-2007_sapl.pdf", "ementa": "Disp\u00f5e sobre o Plano de Cargos, Carreira e Vencimentos dos Servidores do Poder Executivo Municipal e d\u00e1 outras provid\u00eancias."}, {"id": "1657", "ano": "2007", "numero": "158", "tipo__sigla": "LC", "tipo__descricao": "Lei Complementar", "texto_integral": "http://sapl.sarandi.pr.leg.br/media/./sapl/public/normajuridica/2007/1657/1657_texto_integral.pdf", "ementa": "D\u00e1 nova reda\u00e7\u00e3o ao inciso IV do art. 6\u00ba da Lei Complementar n\u00ba 3/92 - Do Uso e Ocupa\u00e7\u00e3o do Solo Urbano."}, {"id": "2224", "ano": "2007", "numero": "1454", "tipo__sigla": "LEI", "tipo__descricao": "Lei Ordin\u00e1ria", "texto_integral": "http://sapl.sarandi.pr.leg.br/media/sapl/public/normajuridica/2007/2224/lei_no_1454-2007_sapl.pdf", "ementa": "Autoriza o Chefe do Poder Executivo Municipal a abrir cr\u00e9dito adicional especial, na forma que especifica."}, {"id": "2223", "ano": "2007", "numero": "1453", "tipo__sigla": "LEI", "tipo__descricao": "Lei Ordin\u00e1ria", "texto_integral": "http://sapl.sarandi.pr.leg.br/media/sapl/public/normajuridica/2007/2223/lei_no_1453-2007_sapl.pdf", "ementa": "Autoriza a concess\u00e3o de direito real de uso de im\u00f3vel pertencente \u00e0 municipalidade, na forma que especifica."}, {"id": "3300", "ano": "2007", "numero": "61", "tipo__sigla": "POR", "tipo__descricao": "Portaria", "texto_integral": "http://sapl.sarandi.pr.leg.br/media/./sapl/public/normajuridica/2007/3300/3300_texto_integral.pdf", "ementa": "NOMEIA O JOVEM ELAN ALMEIDA DA SILVA, NO CARGO DE ASSISTENTE PARLAMENTAR, DO GABINETE DO VEREADOR VALDIR DA SILVA"}, {"id": "6516", "ano": "2007", "numero": "1452", "tipo__sigla": "LEI", "tipo__descricao": "Lei Ordin\u00e1ria", "texto_integral": "http://sapl.sarandi.pr.leg.br/media/sapl/public/normajuridica/2007/6516/lei_no_1452-2007_sapl.pdf", "ementa": "Autoriza o Chefe do Poder Executivo Municipal a abrir cr\u00e9dito adicional especial, na forma que especifica."}, {"id": "4758", "ano": "2007", "numero": "1451", "tipo__sigla": "LEI", "tipo__descricao": "Lei Ordin\u00e1ria", "texto_integral": "http://sapl.sarandi.pr.leg.br/media/sapl/public/normajuridica/2007/4758/lei_no_1451-2007.pdf", "ementa": "Autoriza o Munic\u00edpio de Sarandi a anuir na transfer\u00eancia de im\u00f3vel doado e d\u00e1 outras provid\u00eancias."}, {"id": "2222", "ano": "2007", "numero": "1450", "tipo__sigla": "LEI", "tipo__descricao": "Lei Ordin\u00e1ria", "texto_integral": "http://sapl.sarandi.pr.leg.br/media/sapl/public/normajuridica/2007/2222/lei_no_1450-2007_sapl.pdf", "ementa": "Ratifica a altera\u00e7\u00e3o do Contrato de Cons\u00f3rcio P\u00fablico do CISMAE/PR - Cons\u00f3rcio Intermunicipal de Saneamento Ambiental do Paran\u00e1 - aprovada em Assembleia Geral, e d\u00e1 outras provid\u00eancias."}, {"id": "2221", "ano": "2007", "numero": "1449", "tipo__sigla": "LEI", "tipo__descricao": "Lei Ordin\u00e1ria", "texto_integral": "http://sapl.sarandi.pr.leg.br/media/sapl/public/normajuridica/2007/2221/lei_no_1449-2007_sapl.pdf", "ementa": "Autoriza o Poder Executivo Municipal a repassar verba para a AMAS, na forma que especifica."}, {"id": "1656", "ano": "2007", "numero": "157", "tipo__sigla": "LC", "tipo__descricao": "Lei Complementar", "texto_integral": "http://sapl.sarandi.pr.leg.br/media/./sapl/public/normajuridica/2007/1656/1656_texto_integral.pdf", "ementa": "Prorroga prazo do Programa de Recupera\u00e7\u00e3o Fiscal de Sarandi - REFIS MUNICIPAL, na forma que especifica."}, {"id": "2220", "ano": "2007", "numero": "1448", "tipo__sigla": "LEI", "tipo__descricao": "Lei Ordin\u00e1ria", "texto_integral": "http://sapl.sarandi.pr.leg.br/media/sapl/public/normajuridica/2007/2220/lei_no_1448-2007_sapl.pdf", "ementa": "Reconhece e declara de utilidade p\u00fablica a Associa\u00e7\u00e3o de Pais, Mestres e Funcion\u00e1rios da Escola Estadual Irm\u00e3 Maria Antona - Ensino Fundamental, APMF - Escola Estadual Irm\u00e3 Maria Antona."}, {"id": "403", "ano": "2007", "numero": "1447", "tipo__sigla": "LEI", "tipo__descricao": "Lei Ordin\u00e1ria", "texto_integral": "http://sapl.sarandi.pr.leg.br/media/./sapl/public/normajuridica/2007/403/403_texto_integral.pdf", "ementa": "Disp\u00f5e sobre a cria\u00e7\u00e3o de ponto de autom\u00f3veis de alugueis e d\u00e1 outras provid\u00eancias."}, {"id": "2218", "ano": "2007", "numero": "1446", "tipo__sigla": "LEI", "tipo__descricao": "Lei Ordin\u00e1ria", "texto_integral": "http://sapl.sarandi.pr.leg.br/media/sapl/public/normajuridica/2007/2218/lei_no_1446-2007_sapl.pdf", "ementa": "Autoriza a coloca\u00e7\u00e3o de redutores de velocidade em pontos definidos como especiais em par\u00e1grafo \u00fanico do artigo 94, do C\u00f3digo Nacional de Tr\u00e2nsito e d\u00e1 outras provid\u00eancias."}, {"id": "2217", "ano": "2007", "numero": "1445", "tipo__sigla": "LEI", "tipo__descricao": "Lei Ordin\u00e1ria", "texto_integral": "http://sapl.sarandi.pr.leg.br/media/sapl/public/normajuridica/2007/2217/lei_no_1445-2007_sapl.pdf", "ementa": "Autoriza o Chefe do Poder Executivo Municipal a abrir cr\u00e9dito adicional especial, na forma que especifica."}, {"id": "2216", "ano": "2007", "numero": "1444", "tipo__sigla": "LEI", "tipo__descricao": "Lei Ordin\u00e1ria", "texto_integral": "http://sapl.sarandi.pr.leg.br/media/sapl/public/normajuridica/2007/2216/lei_no_1444-2007_sapl.pdf", "ementa": "Autoriza o Chefe do Poder Executivo Municipal a abrir cr\u00e9dito adicional especial, na forma que especifica."}, {"id": "2215", "ano": "2007", "numero": "1443", "tipo__sigla": "LEI", "tipo__descricao": "Lei Ordin\u00e1ria", "texto_integral": "http://sapl.sarandi.pr.leg.br/media/sapl/public/normajuridica/2007/2215/lei_no_1443-2007_sapl.pdf", "ementa": "Autoriza o Chefe do Poder Executivo Municipal a abrir cr\u00e9dito adicional especial, na forma que especifica."}, {"id": "2214", "ano": "2007", "numero": "1442", "tipo__sigla": "LEI", "tipo__descricao": "Lei Ordin\u00e1ria", "texto_integral": "http://sapl.sarandi.pr.leg.br/media/sapl/public/normajuridica/2007/2214/lei_no_1442-2007_sapl.pdf", "ementa": "Autoriza a coloca\u00e7\u00e3o de redutores de velocidade em pontos definidos como especiais em par\u00e1grafo \u00fanico do artigo 94, do C\u00f3digo Nacional de Tr\u00e2nsito e d\u00e1 outras provid\u00eancias."}, {"id": "1559", "ano": "2007", "numero": "5", "tipo__sigla": "DL", "tipo__descricao": "Decreto Legislativo", "texto_integral": "http://sapl.sarandi.pr.leg.br/media/./sapl/public/normajuridica/2007/1559/1559_texto_integral.pdf", "ementa": "Aprova as Contas do Poder Executivo ao Exerc\u00edcio Financeiro de 2003."}, {"id": "2213", "ano": "2007", "numero": "1441", "tipo__sigla": "LEI", "tipo__descricao": "Lei Ordin\u00e1ria", "texto_integral": "http://sapl.sarandi.pr.leg.br/media/sapl/public/normajuridica/2007/2213/lei_no_1441-2007_sapl.pdf", "ementa": "Autoriza o chefe do Poder Executivo Municipal a abrir cr\u00e9dito adicional especial, na \u00c1guas de Sarandi - Servi\u00e7o Municipal de Saneamento Ambiental, na forma que especifica."}, {"id": "2212", "ano": "2007", "numero": "1440", "tipo__sigla": "LEI", "tipo__descricao": "Lei Ordin\u00e1ria", "texto_integral": "http://sapl.sarandi.pr.leg.br/media/sapl/public/normajuridica/2007/2212/lei_no_1440-2007_sapl.pdf", "ementa": "Autoriza o Chefe do Poder Executivo Municipal a abrir cr\u00e9dito adicional especial suplementar, na \u00c1guas de Sarandi - Servi\u00e7o Municipal de Saneamento Ambiental, na forma que especifica e d\u00e1 outras provid\u00eancias."}, {"id": "2211", "ano": "2007", "numero": "1439", "tipo__sigla": "LEI", "tipo__descricao": "Lei Ordin\u00e1ria", "texto_integral": "http://sapl.sarandi.pr.leg.br/media/./sapl/public/normajuridica/2007/2211/2211_texto_integral.pdf", "ementa": "Autoriza o Poder Executivo Municipal a doar im\u00f3vel urbano pertencente \u00e0 municipalidade, na forma que especifica."}, {"id": "2210", "ano": "2007", "numero": "1438", "tipo__sigla": "LEI", "tipo__descricao": "Lei Ordin\u00e1ria", "texto_integral": "http://sapl.sarandi.pr.leg.br/media/sapl/public/normajuridica/2007/2210/lei_no_1438-2007_sapl.pdf", "ementa": "Autoriza o Chefe do Poder Executivo Municipal a abrir cr\u00e9dito adicional especial, na forma que especifica."}, {"id": "2209", "ano": "2007", "numero": "1437", "tipo__sigla": "LEI", "tipo__descricao": "Lei Ordin\u00e1ria", "texto_integral": "http://sapl.sarandi.pr.leg.br/media/sapl/public/normajuridica/2007/2209/lei_no_1437-2007_sapl.pdf", "ementa": "Altera a Lei Municipal n\u00ba 941/2001, que disp\u00f5e sobre o parcelamento de d\u00e9bitos pendentes junto ao Departamento Municipal de \u00c1gua e Esgoto, e d\u00e1 outras provid\u00eancias."}, {"id": "2208", "ano": "2007", "numero": "1436", "tipo__sigla": "LEI", "tipo__descricao": "Lei Ordin\u00e1ria", "texto_integral": "http://sapl.sarandi.pr.leg.br/media/sapl/public/normajuridica/2007/2208/lei_no_1436-2007_sapl.pdf", "ementa": "Autoriza o Chefe do Poder Executivo Municipal a abrir cr\u00e9dito adicional especial, na forma que especifica."}, {"id": "2207", "ano": "2007", "numero": "1435", "tipo__sigla": "LEI", "tipo__descricao": "Lei Ordin\u00e1ria", "texto_integral": "http://sapl.sarandi.pr.leg.br/media/sapl/public/normajuridica/2007/2207/lei_no_1435-2007_sapl.pdf", "ementa": "Autoriza o Chefe do Poder Executivo Municipal a abrir cr\u00e9dito adicional especial, na forma que especifica."}, {"id": "2206", "ano": "2007", "numero": "1434", "tipo__sigla": "LEI", "tipo__descricao": "Lei Ordin\u00e1ria", "texto_integral": "http://sapl.sarandi.pr.leg.br/media/sapl/public/normajuridica/2007/2206/lei_no_1434-2007_sapl.pdf", "ementa": "Autoriza o Chefe do Poder Executivo Municipal a abrir cr\u00e9dito adicional especial, na forma que especifica."}, {"id": "2205", "ano": "2007", "numero": "1433", "tipo__sigla": "LEI", "tipo__descricao": "Lei Ordin\u00e1ria", "texto_integral": "http://sapl.sarandi.pr.leg.br/media/sapl/public/normajuridica/2007/2205/lei_no_1433-2007_sapl.pdf", "ementa": "Autoriza o Poder Executivo Municipal a dar destina\u00e7\u00e3o \u00e0 \u00e1rea de terras pertencente ao Poder P\u00fablico, na forma que especifica."}, {"id": "2204", "ano": "2007", "numero": "1432", "tipo__sigla": "LEI", "tipo__descricao": "Lei Ordin\u00e1ria", "texto_integral": "http://sapl.sarandi.pr.leg.br/media/sapl/public/normajuridica/2007/2204/lei_no_1432-2007_sapl.pdf", "ementa": "Prorroga o prazo concedido pela Lei Municipal n\u00ba 1109/2004 e d\u00e1 outras provid\u00eancias."}, {"id": "2203", "ano": "2007", "numero": "1431", "tipo__sigla": "LEI", "tipo__descricao": "Lei Ordin\u00e1ria", "texto_integral": "http://sapl.sarandi.pr.leg.br/media/./sapl/public/normajuridica/2007/2203/2203_texto_integral.pdf", "ementa": "Prorroga o prazo previsto no Art. 3\u00ba da Lei n\u00ba 1167/2005, que concedeu direito real de uso, na forma prevista naquela lei e d\u00e1 outras provid\u00eancias."}, {"id": "2202", "ano": "2007", "numero": "1430", "tipo__sigla": "LEI", "tipo__descricao": "Lei Ordin\u00e1ria", "texto_integral": "http://sapl.sarandi.pr.leg.br/media/sapl/public/normajuridica/2007/2202/lei_no_1430-2007_sapl.pdf", "ementa": "Autoriza o Poder Executivo Municipal a encetar campanha de aumento de n\u00famero de ve\u00edculos emplacados no Munic\u00edpio e d\u00e1 outras provid\u00eancias."}, {"id": "2201", "ano": "2007", "numero": "1429", "tipo__sigla": "LEI", "tipo__descricao": "Lei Ordin\u00e1ria", "texto_integral": "http://sapl.sarandi.pr.leg.br/media/sapl/public/normajuridica/2007/2201/lei_no_1429-2007_sapl.pdf", "ementa": "Autoriza o Chefe do Poder Executivo Municipal a abrir cr\u00e9dito adicional especial, na forma que especifica."}, {"id": "2200", "ano": "2007", "numero": "1428", "tipo__sigla": "LEI", "tipo__descricao": "Lei Ordin\u00e1ria", "texto_integral": "http://sapl.sarandi.pr.leg.br/media/sapl/public/normajuridica/2007/2200/lei_no_1428-2007_sapl.pdf", "ementa": "Autoriza o Chefe do Poder Executivo Municipal a abrir cr\u00e9dito adicional especial, na forma que especifica."}, {"id": "2199", "ano": "2007", "numero": "1427", "tipo__sigla": "LEI", "tipo__descricao": "Lei Ordin\u00e1ria", "texto_integral": "http://sapl.sarandi.pr.leg.br/media/sapl/public/normajuridica/2007/2199/lei_no_1427-2007_sapl.pdf", "ementa": "Autoriza o Chefe do Poder Executivo Municipal a abrir cr\u00e9dito adicional especial, na forma que especifica."}, {"id": "2198", "ano": "2007", "numero": "1426", "tipo__sigla": "LEI", "tipo__descricao": "Lei Ordin\u00e1ria", "texto_integral": "http://sapl.sarandi.pr.leg.br/media/sapl/public/normajuridica/2007/2198/lei_no_1426-2007_sapl.pdf", "ementa": "Autoriza o Chefe do Poder Executivo Municipal a abrir cr\u00e9dito adicional especial, na forma que especifica."}, {"id": "2197", "ano": "2007", "numero": "1425", "tipo__sigla": "LEI", "tipo__descricao": "Lei Ordin\u00e1ria", "texto_integral": "http://sapl.sarandi.pr.leg.br/media/sapl/public/normajuridica/2007/2197/lei_no_1425-2007_sapl.pdf", "ementa": "Autoriza o Chefe do Poder Executivo Municipal a abrir cr\u00e9dito adicional especial, na forma que especifica."}, {"id": "2196", "ano": "2007", "numero": "1424", "tipo__sigla": "LEI", "tipo__descricao": "Lei Ordin\u00e1ria", "texto_integral": "http://sapl.sarandi.pr.leg.br/media/sapl/public/normajuridica/2007/2196/lei_no_1424-2007_sapl.pdf", "ementa": "Reconhece e declara de utilidade p\u00fablica Associa\u00e7\u00e3o Sarandiense de Futebol de Sal\u00e3o - ASAFUSA."}, {"id": "2195", "ano": "2007", "numero": "1423", "tipo__sigla": "LEI", "tipo__descricao": "Lei Ordin\u00e1ria", "texto_integral": "http://sapl.sarandi.pr.leg.br/media/sapl/public/normajuridica/2007/2195/lei_no_1423-2007_sapl.pdf", "ementa": "Autoriza o Chefe do Poder Executivo Municipal a abrir cr\u00e9dito adicional especial, na forma que especifica."}, {"id": "2194", "ano": "2007", "numero": "1422", "tipo__sigla": "LEI", "tipo__descricao": "Lei Ordin\u00e1ria", "texto_integral": "http://sapl.sarandi.pr.leg.br/media/sapl/public/normajuridica/2007/2194/lei_no_1422-2007_sapl.pdf", "ementa": "Autoriza o Chefe do Poder Executivo Municipal a abrir cr\u00e9dito adicional especial, na forma que especifica."}, {"id": "1552", "ano": "2007", "numero": "4", "tipo__sigla": "DL", "tipo__descricao": "Decreto Legislativo", "texto_integral": "http://sapl.sarandi.pr.leg.br/media/./sapl/public/normajuridica/2007/1552/1552_texto_integral.pdf", "ementa": "Concede Titulo de Cidad\u00e3o Honor\u00e1rio ao Senador Osmar Dias e d\u00e1 outras provid\u00eancias."}, {"id": "3298", "ano": "2007", "numero": "60", "tipo__sigla": "POR", "tipo__descricao": "Portaria", "texto_integral": "http://sapl.sarandi.pr.leg.br/media/./sapl/public/normajuridica/2007/3298/3298_texto_integral.pdf", "ementa": "NOMEIA A SENHORA SANDRA REGINA MARTINS VALOTTA, NO CARGO DE ASSISTENTE PARLAMENTAR, DO GABINETE DO VEREADOR CLAUDIONEI APARECIDO VITORINO DA SILVA"}, {"id": "3294", "ano": "2007", "numero": "59", "tipo__sigla": "POR", "tipo__descricao": "Portaria", "texto_integral": "http://sapl.sarandi.pr.leg.br/media/./sapl/public/normajuridica/2007/3294/3294_texto_integral.pdf", "ementa": "EXONERA O SENHOR DANIEL FAUSTINO DE OLIVEIRA, NO CARGO DE ASSISTENTE PARLAMENTAR, DO GABINETE DO VEREADOR CLAUDIONEI APARECIDO VITORINO DA SILVA"}, {"id": "3290", "ano": "2007", "numero": "58", "tipo__sigla": "POR", "tipo__descricao": "Portaria", "texto_integral": "http://sapl.sarandi.pr.leg.br/media/./sapl/public/normajuridica/2007/3290/3290_texto_integral.pdf", "ementa": "NOMEIA A SENHORA DEBORA BISPO LEITE, NO CARGO DE ASSISTENTE PARLAMENTAR, DO GABINETE DO VEREADOR CILAS SOUZA MORAIS"}, {"id": "3286", "ano": "2007", "numero": "57", "tipo__sigla": "POR", "tipo__descricao": "Portaria", "texto_integral": "http://sapl.sarandi.pr.leg.br/media/./sapl/public/normajuridica/2007/3286/3286_texto_integral.pdf", "ementa": "NOMEIA O SENHOR HELIO LOPES DA SILVA, NO CARGO DE ASSESSOR PARLAMENTAR, DO GABINETE DO VEREADOR LUIZ CARLOS DE AGUIAR"}, {"id": "3282", "ano": "2007", "numero": "56", "tipo__sigla": "POR", "tipo__descricao": "Portaria", "texto_integral": "http://sapl.sarandi.pr.leg.br/media/./sapl/public/normajuridica/2007/3282/3282_texto_integral.pdf", "ementa": "NOMEIA A SENHORA SORAIA SOARES CONTE, NO CARGO DE ASSESSOR PARLAMENTAR, DO GABINETE DO VEREADOR RAFAEL PSZYBYLSKI"}, {"id": "2193", "ano": "2007", "numero": "1421", "tipo__sigla": "LEI", "tipo__descricao": "Lei Ordin\u00e1ria", "texto_integral": "http://sapl.sarandi.pr.leg.br/media/sapl/public/normajuridica/2007/2193/lei_no_1421-2007_sapl.pdf", "ementa": "Autoriza o Chefe do Poder Executivo Municipal a abrir cr\u00e9dito adicional especial, na forma que especifica."}, {"id": "2192", "ano": "2007", "numero": "1420", "tipo__sigla": "LEI", "tipo__descricao": "Lei Ordin\u00e1ria", "texto_integral": "http://sapl.sarandi.pr.leg.br/media/sapl/public/normajuridica/2007/2192/lei_no_1420-2007_sapl.pdf", "ementa": "Autoriza o Chefe do Poder Executivo Municipal a abrir cr\u00e9dito adicional especial, na forma que especifica."}, {"id": "2191", "ano": "2007", "numero": "1419", "tipo__sigla": "LEI", "tipo__descricao": "Lei Ordin\u00e1ria", "texto_integral": "http://sapl.sarandi.pr.leg.br/media/sapl/public/normajuridica/2007/2191/lei_no_1419-2007_sapl.pdf", "ementa": "Declara de utilidade p\u00fablica Associa\u00e7\u00e3o Beneficente sem fins lucrativos."}, {"id": "3262", "ano": "2007", "numero": "51", "tipo__sigla": "POR", "tipo__descricao": "Portaria", "texto_integral": "http://sapl.sarandi.pr.leg.br/media/./sapl/public/normajuridica/2007/3262/3262_texto_integral.pdf", "ementa": "NOMEIA O SENHOR LUIZ CARLOS MANZATO, NO CARGO DE ASSESSOR PARLAMENTAR, DO GABINETE DO VEREADOR ANTONIO DA CUNHA"}, {"id": "3278", "ano": "2007", "numero": "55", "tipo__sigla": "POR", "tipo__descricao": "Portaria", "texto_integral": "http://sapl.sarandi.pr.leg.br/media/./sapl/public/normajuridica/2007/3278/3278_texto_integral.pdf", "ementa": "NOMEIA O SENHOR ANTONIO BERNARDINO DE SOUZA, NO CARGO DE ASSISTENTE PARLAMENTAR, DO GABINETE DO VEREADOR BELMIRO DA SILVA FARIAS"}, {"id": "3274", "ano": "2007", "numero": "54", "tipo__sigla": "POR", "tipo__descricao": "Portaria", "texto_integral": "http://sapl.sarandi.pr.leg.br/media/./sapl/public/normajuridica/2007/3274/3274_texto_integral.pdf", "ementa": "NOMEIA O SENHOR S\u00c9RGIO BORGES DE LIMA, NO CARGO DE ASSISTENTE PARLAMENTAR, DO GABINETE DO VEREADOR CARLOS ALBERTO DE PAULA J\u00daNIOR"}, {"id": "3270", "ano": "2007", "numero": "53", "tipo__sigla": "POR", "tipo__descricao": "Portaria", "texto_integral": "http://sapl.sarandi.pr.leg.br/media/./sapl/public/normajuridica/2007/3270/3270_texto_integral.pdf", "ementa": "NOMEIA O SENHOR PEDRO BATISTA CASSIANO, NO CARGO DE ASSISTENTE PARLAMENTAR, DO GABINETE DO VEREADOR JO\u00c3O DE LARA VIEIRA"}, {"id": "3266", "ano": "2007", "numero": "52", "tipo__sigla": "POR", "tipo__descricao": "Portaria", "texto_integral": "http://sapl.sarandi.pr.leg.br/media/./sapl/public/normajuridica/2007/3266/3266_texto_integral.pdf", "ementa": "NOMEIA O SENHOR IVAN MIGUEL DA SILVA, DO CARGO DE ASSISTENTE PARLAMENTAR, DO GABINETE DO VEREADOR LUIZ CARLOS AGUIAR"}, {"id": "3258", "ano": "2007", "numero": "50", "tipo__sigla": "POR", "tipo__descricao": "Portaria", "texto_integral": "http://sapl.sarandi.pr.leg.br/media/./sapl/public/normajuridica/2007/3258/3258_texto_integral.pdf", "ementa": "NOMEIA O SENHOR THIAGO LUIZ J\u00daNIOR GOES, NO CARGO DE ASSESSOR PARLAMENTAR, DO GABINETE DO VEREADOR CILAS SOUZA MORAIS"}, {"id": "3255", "ano": "2007", "numero": "49", "tipo__sigla": "POR", "tipo__descricao": "Portaria", "texto_integral": "http://sapl.sarandi.pr.leg.br/media/./sapl/public/normajuridica/2007/3255/3255_texto_integral.pdf", "ementa": "NOMEIA O SENHOR FRANCISCO GOMES DE ALENCAR, NO CARGO DE ASSESSOR PARLAMENTAR, DO GABINETE DO VEREADOR CARLOS ALBERTO DE PAULA J\u00daNIOR"}, {"id": "3251", "ano": "2007", "numero": "48", "tipo__sigla": "POR", "tipo__descricao": "Portaria", "texto_integral": "http://sapl.sarandi.pr.leg.br/media/./sapl/public/normajuridica/2007/3251/3251_texto_integral.pdf", "ementa": "NOMEIA O SENHOR JOACIR C\u00c2NDIDO DE OLIVEIRA, NO CARGO DE ASSESSOR PARLAMENTAR, DO GABINETE DO VEREADOR JO\u00c3O DE LARA VIEIRA"}, {"id": "3247", "ano": "2007", "numero": "47", "tipo__sigla": "POR", "tipo__descricao": "Portaria", "texto_integral": "http://sapl.sarandi.pr.leg.br/media/./sapl/public/normajuridica/2007/3247/3247_texto_integral.pdf", "ementa": "EXONERA O SENHOR PEDRO BATISTA CASSIANO, DO CARGO DE ASSISTENTE PARLAMENTAR, DO GABINETE DO VEREADOR LUIZ CARLOS DE AGUIAR"}, {"id": "3243", "ano": "2007", "numero": "46", "tipo__sigla": "POR", "tipo__descricao": "Portaria", "texto_integral": "http://sapl.sarandi.pr.leg.br/media/./sapl/public/normajuridica/2007/3243/3243_texto_integral.pdf", "ementa": "EXONERA O SENHOR IVAN MIGUEL DA SILVA, DO CARGO DE ASSESSOR PARLAMENTAR, DO GABINETE DO VEREADOR LUIZ CARLOS DE AGUIAR"}, {"id": "3239", "ano": "2007", "numero": "45", "tipo__sigla": "POR", "tipo__descricao": "Portaria", "texto_integral": "http://sapl.sarandi.pr.leg.br/media/./sapl/public/normajuridica/2007/3239/3239_texto_integral.pdf", "ementa": "EXONERA O SENHOR CLEIDE APARECIDA MASSA DA SILVA, DO CARGO DE ASSISTENTE PARLAMENTAR, DO GABINETE DO VEREADOR VALDIR DA SILVA"}, {"id": "3235", "ano": "2007", "numero": "44", "tipo__sigla": "POR", "tipo__descricao": "Portaria", "texto_integral": "http://sapl.sarandi.pr.leg.br/media/./sapl/public/normajuridica/2007/3235/3235_texto_integral.pdf", "ementa": "EXONERA O SENHOR WELLINGTON FARIAS, DO CARGO DE ASSISTENTE PARLAMENTAR, DO GABINETE DO VEREADOR BELMIRO DA SILVA FARIAS"}, {"id": "3231", "ano": "2007", "numero": "43", "tipo__sigla": "POR", "tipo__descricao": "Portaria", "texto_integral": "http://sapl.sarandi.pr.leg.br/media/./sapl/public/normajuridica/2007/3231/3231_texto_integral.pdf", "ementa": "EXONERA A SENHORA REGINA FERREIRA MORAIS, DO CARGO DE ASSISTENTE PARLAMENTAR, DO GABINETE DO VEREADOR CILAS SOUZA MORAIS"}, {"id": "3226", "ano": "2007", "numero": "42", "tipo__sigla": "POR", "tipo__descricao": "Portaria", "texto_integral": "http://sapl.sarandi.pr.leg.br/media/./sapl/public/normajuridica/2007/3226/3226_texto_integral.pdf", "ementa": "EXONERA A SENHORA IZABEL DE F\u00c1TIMA MARTINS OLIVEIRA VIEIRA, DO CARGO DE ASSISTENTE PARLAMENTAR, DO GABINETE DO VEREADOR JO\u00c3O LARA VIEIRA"}, {"id": "3221", "ano": "2007", "numero": "41", "tipo__sigla": "POR", "tipo__descricao": "Portaria", "texto_integral": "http://sapl.sarandi.pr.leg.br/media/./sapl/public/normajuridica/2007/3221/3221_texto_integral.pdf", "ementa": "EXONERA A SENHORA JANAINA CLAUDIA SANTORO, DO CARGO DE ASSISTENTE PARLAMENTAR, DO GABINETE DO VEREADOR CARLOS ALBERTO DE PAULA J\u00daNIOR"}, {"id": "3215", "ano": "2007", "numero": "40", "tipo__sigla": "POR", "tipo__descricao": "Portaria", "texto_integral": "http://sapl.sarandi.pr.leg.br/media/./sapl/public/normajuridica/2007/3215/3215_texto_integral.pdf", "ementa": "EXONERA A SENHORA MARIA \u00ceNES ROSA DA CUNHA, DO CARGO DE ASSESSOR PARLAMENTAR, DO GABINETE DO VEREADOR ANTONIO DA CUNHA"}, {"id": "3210", "ano": "2007", "numero": "39", "tipo__sigla": "POR", "tipo__descricao": "Portaria", "texto_integral": "http://sapl.sarandi.pr.leg.br/media/./sapl/public/normajuridica/2007/3210/3210_texto_integral.pdf", "ementa": "EXONERA O SENHOR CLEVERSON LARA VIEIRA, DO CARGO DE ASSESSOR PARLAMENTAR, DO GABINETE DO VEREADOR JO\u00c3O LARA VIEIRA"}, {"id": "3205", "ano": "2007", "numero": "38", "tipo__sigla": "POR", "tipo__descricao": "Portaria", "texto_integral": "http://sapl.sarandi.pr.leg.br/media/./sapl/public/normajuridica/2007/3205/3205_texto_integral.pdf", "ementa": "EXONERA A JOVEM TELMA MACHADO PSZYBYLSKI, DO CARGO DE ASSESSOR PARLAMENTAR, DO GABINETE DO VEREADOR RAFAEL PSZYBYLSKI"}, {"id": "3201", "ano": "2007", "numero": "37", "tipo__sigla": "POR", "tipo__descricao": "Portaria", "texto_integral": "http://sapl.sarandi.pr.leg.br/media/./sapl/public/normajuridica/2007/3201/3201_texto_integral.pdf", "ementa": "EXONERA O JOVEM WILLIANS SOUZA MORAIS, DO CARGO DE ASSESSOR PARLAMENTAR, DO GABINETE DO VEREADOR CILAS SOUZA MORAIS"}, {"id": "3195", "ano": "2007", "numero": "36", "tipo__sigla": "POR", "tipo__descricao": "Portaria", "texto_integral": "http://sapl.sarandi.pr.leg.br/media/./sapl/public/normajuridica/2007/3195/3195_texto_integral.pdf", "ementa": "EXONERA O SENHOR AILTON RIBEIRO MACHADO, DO CARGO DE ASSESSO PARLAMENTAR, DO GABINETE DO VEREADOR CARLOS ALBERTO DE PAULA J\u00daNIOR"}, {"id": "2190", "ano": "2007", "numero": "1418", "tipo__sigla": "LEI", "tipo__descricao": "Lei Ordin\u00e1ria", "texto_integral": "http://sapl.sarandi.pr.leg.br/media/sapl/public/normajuridica/2007/2190/lei_no_1418-2007_sapl.pdf", "ementa": "Autoriza o Chefe do Poder Executivo Municipal a abrir cr\u00e9dito adicional especial, na forma que especifica."}, {"id": "2189", "ano": "2007", "numero": "1417", "tipo__sigla": "LEI", "tipo__descricao": "Lei Ordin\u00e1ria", "texto_integral": "http://sapl.sarandi.pr.leg.br/media/sapl/public/normajuridica/2007/2189/lei_no_1417-2007_sapl.pdf", "ementa": "Autoriza o Chefe do Poder Executivo Municipal a abrir cr\u00e9dito adicional especial, na forma que especifica."}, {"id": "2188", "ano": "2007", "numero": "1416", "tipo__sigla": "LEI", "tipo__descricao": "Lei Ordin\u00e1ria", "texto_integral": "http://sapl.sarandi.pr.leg.br/media/sapl/public/normajuridica/2007/2188/lei_no_1416-2007_sapl.pdf", "ementa": "Altera anexo da Lei Municipal n\u00ba 1313/2006, que Disp\u00f5e sobre as diretrizes para elabora\u00e7\u00e3o da Lei Or\u00e7ament\u00e1ria para o exerc\u00edcio de 2007, e d\u00e1 outras provid\u00eancias."}, {"id": "2187", "ano": "2007", "numero": "1415", "tipo__sigla": "LEI", "tipo__descricao": "Lei Ordin\u00e1ria", "texto_integral": "http://sapl.sarandi.pr.leg.br/media/sapl/public/normajuridica/2007/2187/lei_no_1415-2007_sapl.pdf", "ementa": "Autoriza o Chefe do Poder Executivo Municipal a abrir cr\u00e9dito adicional especial, na forma que especifica."}, {"id": "3188", "ano": "2007", "numero": "35", "tipo__sigla": "POR", "tipo__descricao": "Portaria", "texto_integral": "http://sapl.sarandi.pr.leg.br/media/./sapl/public/normajuridica/2007/3188/3188_texto_integral.pdf", "ementa": "NOMEIA O SENHOR DANIEL FAUSTINO DE OLVEIRA, PARA O CARGO DE ASSISTENTE PARLAMENTAR, NO GABINETE DO VEREADOR CLAUDIONEI APARECIDO VITORINO DA SILVA"}, {"id": "3181", "ano": "2007", "numero": "34", "tipo__sigla": "POR", "tipo__descricao": "Portaria", "texto_integral": "http://sapl.sarandi.pr.leg.br/media/./sapl/public/normajuridica/2007/3181/3181_texto_integral.pdf", "ementa": "COMUNICA FECHAMENTO DA C\u00c2MARA, DE 12 A 23 DE JULHO DE 2007, EM VIRTUDE DO RECESSO LEGISLATIVO"}, {"id": "3174", "ano": "2007", "numero": "33", "tipo__sigla": "POR", "tipo__descricao": "Portaria", "texto_integral": "http://sapl.sarandi.pr.leg.br/media/./sapl/public/normajuridica/2007/3174/3174_texto_integral.pdf", "ementa": "EXONERA O JOVEM CESAR AUGUSTO VALETE SCARPIN, ASSISTENTE PARLAMENTAR DO GABINETE DO VEREADOR CLAUDIONEI APARECIDO VITORINO DA SILVA"}, {"id": "2186", "ano": "2007", "numero": "1414", "tipo__sigla": "LEI", "tipo__descricao": "Lei Ordin\u00e1ria", "texto_integral": "http://sapl.sarandi.pr.leg.br/media/sapl/public/normajuridica/2007/2186/lei_no_1414-2007_sapl.pdf", "ementa": "Autoriza o Chefe do Poder Executivo Municipal a abrir cr\u00e9dito adicional especial, na forma que especifica."}, {"id": "2185", "ano": "2007", "numero": "1413", "tipo__sigla": "LEI", "tipo__descricao": "Lei Ordin\u00e1ria", "texto_integral": "http://sapl.sarandi.pr.leg.br/media/sapl/public/normajuridica/2007/2185/lei_no_1413-2007_sapl.pdf", "ementa": "Desafeta bem p\u00fablico, autoriza subdivis\u00e3o, aliena\u00e7\u00e3o e d\u00e1 outras provid\u00eancias."}, {"id": "2184", "ano": "2007", "numero": "1412", "tipo__sigla": "LEI", "tipo__descricao": "Lei Ordin\u00e1ria", "texto_integral": "http://sapl.sarandi.pr.leg.br/media/./sapl/public/normajuridica/2007/2184/2184_texto_integral.pdf", "ementa": "Autoriza o Chefe do Poder Executivo Municipal a abrir cr\u00e9dito adicional especial, na forma que especifica."}, {"id": "2183", "ano": "2007", "numero": "1411", "tipo__sigla": "LEI", "tipo__descricao": "Lei Ordin\u00e1ria", "texto_integral": "http://sapl.sarandi.pr.leg.br/media/sapl/public/normajuridica/2007/2183/lei_no_1411-2007_sapl.pdf", "ementa": "Autoriza o Chefe do Poder Executivo Municipal a abrir cr\u00e9dito adicional especial suplementar, na \u00c1guas de Sarandi - Servi\u00e7o Municipal de Saneamento Ambiental, na forma que especifica e d\u00e1 outras provid\u00eancias."}, {"id": "2182", "ano": "2007", "numero": "1410", "tipo__sigla": "LEI", "tipo__descricao": "Lei Ordin\u00e1ria", "texto_integral": "http://sapl.sarandi.pr.leg.br/media/sapl/public/normajuridica/2007/2182/lei_no_1410-2007_sapl.pdf", "ementa": "Autoriza o Chefe do Poder Executivo Municipal a abrir cr\u00e9dito adicional suplementar, na \u00c1guas de Sarandi - Servi\u00e7o Municipal de Saneamento Ambiental, na forma que especifica e d\u00e1 outras provid\u00eancias."}, {"id": "2181", "ano": "2007", "numero": "1409", "tipo__sigla": "LEI", "tipo__descricao": "Lei Ordin\u00e1ria", "texto_integral": "http://sapl.sarandi.pr.leg.br/media/sapl/public/normajuridica/2007/2181/lei_no_1409-2007_sapl.pdf", "ementa": "Autoriza o Chefe do Poder Executivo Municipal a abrir cr\u00e9dito adicional especial, na forma que especifica."}, {"id": "2180", "ano": "2007", "numero": "1408", "tipo__sigla": "LEI", "tipo__descricao": "Lei Ordin\u00e1ria", "texto_integral": "http://sapl.sarandi.pr.leg.br/media/sapl/public/normajuridica/2007/2180/lei_no_1408-2007_sapl.pdf", "ementa": "Autoriza o Chefe do Poder Executivo Municipal a abrir cr\u00e9dito adicional especial, na forma que especifica."}, {"id": "2179", "ano": "2007", "numero": "1407", "tipo__sigla": "LEI", "tipo__descricao": "Lei Ordin\u00e1ria", "texto_integral": "http://sapl.sarandi.pr.leg.br/media/sapl/public/normajuridica/2007/2179/lei_no_1407-2007_sapl.pdf", "ementa": "Autoriza o Chefe do Poder Executivo Municipal a abrir cr\u00e9dito adicional especial, na forma que especifica."}, {"id": "2178", "ano": "2007", "numero": "1406", "tipo__sigla": "LEI", "tipo__descricao": "Lei Ordin\u00e1ria", "texto_integral": "http://sapl.sarandi.pr.leg.br/media/sapl/public/normajuridica/2007/2178/lei_no_1406-2007_sapl.pdf", "ementa": "Lei n\u00ba 1406/2007\r\nUtilidade P\u00fablica\r\nAssocia\u00e7\u00e3o de Pais, Professores e Funcion\u00e1rios\r\nAPPF Corrente do Amor\r\nCentro Municipal de Educa\u00e7\u00e3o Infantil Corrente do Amor\r\nCMEI Corrente do Amor\r\nEntidade sem fins lucrativos\r\nReconhecimento legal\r\nCNPJ n\u00ba 08.518.536/0001-05\r\nFunda\u00e7\u00e3o: 18 de mar\u00e7o de 2005"}, {"id": "2177", "ano": "2007", "numero": "1405", "tipo__sigla": "LEI", "tipo__descricao": "Lei Ordin\u00e1ria", "texto_integral": "http://sapl.sarandi.pr.leg.br/media/sapl/public/normajuridica/2007/2177/lei_no_1405-2007_sapl.pdf", "ementa": "Institui o Programa Jardineiro da cidade, na forma que especifica."}, {"id": "2176", "ano": "2007", "numero": "1404", "tipo__sigla": "LEI", "tipo__descricao": "Lei Ordin\u00e1ria", "texto_integral": "http://sapl.sarandi.pr.leg.br/media/sapl/public/normajuridica/2007/2176/lei_no_1404-2007_sapl.pdf", "ementa": "Reconhece e declara de utilidade p\u00fablica Associa\u00e7\u00e3o de Pais, Professores e Funcion\u00e1rios \"CMEI MENINO JESUS\" - APPF CMEI MENINO JESUS"}, {"id": "2175", "ano": "2007", "numero": "1403", "tipo__sigla": "LEI", "tipo__descricao": "Lei Ordin\u00e1ria", "texto_integral": "http://sapl.sarandi.pr.leg.br/media/sapl/public/normajuridica/2007/2175/lei_no_1403-2007_sapl.pdf", "ementa": "Autoriza o Chefe do Poder Executivo Municipal a abrir cr\u00e9dito adicional especial, na forma que especifica."}, {"id": "2174", "ano": "2007", "numero": "1402", "tipo__sigla": "LEI", "tipo__descricao": "Lei Ordin\u00e1ria", "texto_integral": "http://sapl.sarandi.pr.leg.br/media/sapl/public/normajuridica/2007/2174/lei_no_1402-2007_sapl.pdf", "ementa": "Cria o Programa de Incentivo \u00e0 Profissionaliza\u00e7\u00e3o do Estudante (PIPE) para alunos de cursos de Educa\u00e7\u00e3o Superior, da Educa\u00e7\u00e3o Profissional e do Ensino M\u00e9dio, inclusive nas modalidades de Educa\u00e7\u00e3o Especial e de Educa\u00e7\u00e3o de Jovens e Adultos e d\u00e1 outras provid\u00eancias."}, {"id": "2173", "ano": "2007", "numero": "1401", "tipo__sigla": "LEI", "tipo__descricao": "Lei Ordin\u00e1ria", "texto_integral": "http://sapl.sarandi.pr.leg.br/media/sapl/public/normajuridica/2007/2173/lei_no_1401-2007_sapl.pdf", "ementa": "Autoriza o Chefe do Poder Executivo Municipal a abrir cr\u00e9dito adicional especial, na forma que especifica."}, {"id": "2172", "ano": "2007", "numero": "1400", "tipo__sigla": "LEI", "tipo__descricao": "Lei Ordin\u00e1ria", "texto_integral": "http://sapl.sarandi.pr.leg.br/media/./sapl/public/normajuridica/2007/2172/2172_texto_integral.pdf", "ementa": "Autoriza o Chefe do Poder Executivo Municipal a abrir cr\u00e9dito adicional especial, na forma que especifica."}, {"id": "2171", "ano": "2007", "numero": "1399", "tipo__sigla": "LEI", "tipo__descricao": "Lei Ordin\u00e1ria", "texto_integral": "http://sapl.sarandi.pr.leg.br/media/sapl/public/normajuridica/2007/2171/lei_no_1399-2007_sapl.pdf", "ementa": "Autoriza o Chefe do Poder Executivo Municipal a abrir cr\u00e9dito adicional especial, na forma que especifica."}, {"id": "2170", "ano": "2007", "numero": "1398", "tipo__sigla": "LEI", "tipo__descricao": "Lei Ordin\u00e1ria", "texto_integral": "http://sapl.sarandi.pr.leg.br/media/sapl/public/normajuridica/2007/2170/lei_no_1398-2007_sapl.pdf", "ementa": "Autoriza o Chefe do Poder Executivo Municipal a abrir cr\u00e9dito adicional especial, na forma que especifica."}, {"id": "2169", "ano": "2007", "numero": "1397", "tipo__sigla": "LEI", "tipo__descricao": "Lei Ordin\u00e1ria", "texto_integral": "http://sapl.sarandi.pr.leg.br/media/sapl/public/normajuridica/2007/2169/lei_no_1397-2007_sapl.pdf", "ementa": "Reconhece e declara de utilidade p\u00fablica Associa\u00e7\u00e3o de Pais, Professores e Funcion\u00e1rios Vinicius de Moraes - APPF - Vinicius de Moraes."}, {"id": "2168", "ano": "2007", "numero": "1396", "tipo__sigla": "LEI", "tipo__descricao": "Lei Ordin\u00e1ria", "texto_integral": "http://sapl.sarandi.pr.leg.br/media/sapl/public/normajuridica/2007/2168/lei_no_1396-2007_sapl.pdf", "ementa": "Altera dispositivos da Lei Municipal n\u00ba 913/2001, de 10/04/2001, e d\u00e1 outras provid\u00eancias."}, {"id": "2167", "ano": "2007", "numero": "1395", "tipo__sigla": "LEI", "tipo__descricao": "Lei Ordin\u00e1ria", "texto_integral": "http://sapl.sarandi.pr.leg.br/media/sapl/public/normajuridica/2007/2167/lei_no_1395-2007_sapl.pdf", "ementa": "Autoriza o Chefe do Poder Executivo Municipal a abrir cr\u00e9dito adicional especial na \u00c1guas de Sarandi - Servi\u00e7o Municipal de Saneamento Ambiental, na forma que especifica."}, {"id": "4263", "ano": "2007", "numero": "156", "tipo__sigla": "LC", "tipo__descricao": "Lei Complementar", "texto_integral": "http://sapl.sarandi.pr.leg.br/media/", "ementa": "Inclui rua na Zona Industrial - ZI, na forma que especifica."}, {"id": "1655", "ano": "2007", "numero": "155", "tipo__sigla": "LC", "tipo__descricao": "Lei Complementar", "texto_integral": "http://sapl.sarandi.pr.leg.br/media/./sapl/public/normajuridica/2007/1655/1655_texto_integral.pdf", "ementa": "Disp\u00f5e sobre a institui\u00e7\u00e3o do Programa de Recupera\u00e7\u00e3o Fiscal de Sarandi - REFIS MUNICIPAL."}, {"id": "3166", "ano": "2007", "numero": "32", "tipo__sigla": "POR", "tipo__descricao": "Portaria", "texto_integral": "http://sapl.sarandi.pr.leg.br/media/./sapl/public/normajuridica/2007/3166/3166_texto_integral.pdf", "ementa": "DECLARA LUTO OFICIAL E FECHAMENTO DA C\u00c2MARA NO DIA 28 DE JULHO DE 2007, EM VIRTUDE DA MORTE DO EX-VEREADOR SEBASTI\u00c3O C\u00c2NCIO DE OLIVEIRA"}, {"id": "2166", "ano": "2007", "numero": "1394", "tipo__sigla": "LEI", "tipo__descricao": "Lei Ordin\u00e1ria", "texto_integral": "http://sapl.sarandi.pr.leg.br/media/sapl/public/normajuridica/2007/2166/lei_no_1394-2007_sapl.pdf", "ementa": "Disp\u00f5e sobre as diretrizes para elabora\u00e7\u00e3o da Lei Or\u00e7ament\u00e1ria para o exerc\u00edcio de 2008, e d\u00e1 outras provid\u00eancias."}, {"id": "2165", "ano": "2007", "numero": "1393", "tipo__sigla": "LEI", "tipo__descricao": "Lei Ordin\u00e1ria", "texto_integral": "http://sapl.sarandi.pr.leg.br/media/sapl/public/normajuridica/2007/2165/lei_no_1393-2007_sapl.pdf", "ementa": "Autoriza o Chefe do Poder Executivo Municipal a conceder recomposi\u00e7\u00e3o aos subs\u00eddios dos ocupantes de cargos eletivos, secret\u00e1rios municipais e superintendentes, e d\u00e1 outras provid\u00eancias."}, {"id": "2164", "ano": "2007", "numero": "1392", "tipo__sigla": "LEI", "tipo__descricao": "Lei Ordin\u00e1ria", "texto_integral": "http://sapl.sarandi.pr.leg.br/media/sapl/public/normajuridica/2007/2164/lei_no_1392-2007_sapl.pdf", "ementa": "Transforma Rua em Avenida \"Cuiab\u00e1\", na forma que especifica."}, {"id": "2163", "ano": "2007", "numero": "1391", "tipo__sigla": "LEI", "tipo__descricao": "Lei Ordin\u00e1ria", "texto_integral": "http://sapl.sarandi.pr.leg.br/media/sapl/public/normajuridica/2007/2163/lei_no_1391-2007_sapl.pdf", "ementa": "Reconhece e declara de utilidade p\u00fablica Associa\u00e7\u00e3o de Pais, Professores e Funcion\u00e1rios Monteiro Lobato - APPF - Monteiro Lobato."}, {"id": "2162", "ano": "2007", "numero": "1390", "tipo__sigla": "LEI", "tipo__descricao": "Lei Ordin\u00e1ria", "texto_integral": "http://sapl.sarandi.pr.leg.br/media/sapl/public/normajuridica/2007/2162/lei_no_1390-2007_sapl.pdf", "ementa": "Reconhece e declara de utilidade p\u00fablica Associa\u00e7\u00e3o de Pais, Professores e Funcion\u00e1rios Julia Volpato Sordi - APPF - Julia Volpato Sordi."}, {"id": "2161", "ano": "2007", "numero": "1389", "tipo__sigla": "LEI", "tipo__descricao": "Lei Ordin\u00e1ria", "texto_integral": "http://sapl.sarandi.pr.leg.br/media/sapl/public/normajuridica/2007/2161/lei_no_1389-2007_sapl.pdf", "ementa": "Reconhece e declara de utilidade p\u00fablica Associa\u00e7\u00e3o de Pais, Professores e Funcion\u00e1rios Adelaide Dezotti Tonon - APPF - Adelaide Dezotti Tonon."}, {"id": "2160", "ano": "2007", "numero": "1388", "tipo__sigla": "LEI", "tipo__descricao": "Lei Ordin\u00e1ria", "texto_integral": "http://sapl.sarandi.pr.leg.br/media/sapl/public/normajuridica/2007/2160/lei_no_1388-2007_sapl.pdf", "ementa": "Reconhece e declara de utilidade p\u00fablica Associa\u00e7\u00e3o de Pais, Professores e Funcion\u00e1rios Pedacinho do C\u00e9u - APPF Pedacinho do C\u00e9u."}, {"id": "2159", "ano": "2007", "numero": "1387", "tipo__sigla": "LEI", "tipo__descricao": "Lei Ordin\u00e1ria", "texto_integral": "http://sapl.sarandi.pr.leg.br/media/sapl/public/normajuridica/2007/2159/lei_no_1387-2007_sapl.pdf", "ementa": "Reconhece e declara de utilidade p\u00fablica Associa\u00e7\u00e3o de Pais, Professores e Funcion\u00e1rios Vale Azul - APPF - Vale Azul."}, {"id": "3158", "ano": "2007", "numero": "31", "tipo__sigla": "POR", "tipo__descricao": "Portaria", "texto_integral": "http://sapl.sarandi.pr.leg.br/media/./sapl/public/normajuridica/2007/3158/3158_texto_integral.pdf", "ementa": "CONCEDER REPOSI\u00c7\u00c3O SALARIAL DE 3, 44, AOS SERVIDORES P\u00daBLICOS DESTE PODER"}, {"id": "2158", "ano": "2007", "numero": "1386", "tipo__sigla": "LEI", "tipo__descricao": "Lei Ordin\u00e1ria", "texto_integral": "http://sapl.sarandi.pr.leg.br/media/sapl/public/normajuridica/2007/2158/lei_no_1386-2007_sapl.pdf", "ementa": "Autoriza o Chefe do Poder Executivo Municipal a conceder reajuste de vencimentos aos servidores p\u00fablicos municipais, e d\u00e1 outras provid\u00eancias."}, {"id": "2157", "ano": "2007", "numero": "1385", "tipo__sigla": "LEI", "tipo__descricao": "Lei Ordin\u00e1ria", "texto_integral": "http://sapl.sarandi.pr.leg.br/media/sapl/public/normajuridica/2007/2157/lei_no_1385-2007_sapl.pdf", "ementa": "Autoriza o Chefe do Poder Executivo Municipal a abrir cr\u00e9dito adicional especial, na forma que especifica."}, {"id": "2156", "ano": "2007", "numero": "1384", "tipo__sigla": "LEI", "tipo__descricao": "Lei Ordin\u00e1ria", "texto_integral": "http://sapl.sarandi.pr.leg.br/media/sapl/public/normajuridica/2007/2156/lei_no_1384-2007_sapl.pdf", "ementa": "Autoriza o Chefe do Poder Executivo Municipal a efetuar adapta\u00e7\u00f5es, tendo em vista a obrigatoriedade da implanta\u00e7\u00e3o do FUNDEB, no exerc\u00edcio financeiro de 2007."}, {"id": "6515", "ano": "2007", "numero": "1383", "tipo__sigla": "LEI", "tipo__descricao": "Lei Ordin\u00e1ria", "texto_integral": "http://sapl.sarandi.pr.leg.br/media/sapl/public/normajuridica/2007/6515/lei_no_1383-2007_sapl.pdf", "ementa": "Autoriza o Chefe do Poder Executivo Municipal a abrir cr\u00e9dito adicional especial na \u00c1guas de Sarandi - Servi\u00e7o Municipal de Saneamento Ambiental, na forma que especifica e d\u00e1 outras provid\u00eancias."}, {"id": "3150", "ano": "2007", "numero": "30", "tipo__sigla": "POR", "tipo__descricao": "Portaria", "texto_integral": "http://sapl.sarandi.pr.leg.br/media/./sapl/public/normajuridica/2007/3150/3150_texto_integral.pdf", "ementa": "CONSTITUI A COMISS\u00c3O ESPECIAL DE RECEBIMENTO DE BENS PATRIMONIAIS DA C\u00c2MARA MUNICIPAL DE SARANDI DE 01 DE MAIO 2007 A 31 DE DEZEMBRO DE 2008"}, {"id": "3141", "ano": "2007", "numero": "29", "tipo__sigla": "POR", "tipo__descricao": "Portaria", "texto_integral": "http://sapl.sarandi.pr.leg.br/media/./sapl/public/normajuridica/2007/3141/3141_texto_integral.pdf", "ementa": "TORNA P\u00daBLICO FECHAMENTO DA C\u00c2MARA DIA 18/05/2007, PARA A PARTICIPA\u00c7\u00c3O DO ARRAST\u00c3O CONTRA A DENGUE"}, {"id": "3132", "ano": "2007", "numero": "28", "tipo__sigla": "POR", "tipo__descricao": "Portaria", "texto_integral": "http://sapl.sarandi.pr.leg.br/media/./sapl/public/normajuridica/2007/3132/3132_texto_integral.pdf", "ementa": "ANULA PORTARIA N\u00b0027/2007, DE 04/05/2007, QUE EXONERA A JOVEM TELMA MACHADO PSZYBYLSKI, COMO ASSESSOR PARLAMENTAR, NO GABINETE DO VEREADOR RAFAEL PSZYBYLSKI"}, {"id": "1654", "ano": "2007", "numero": "154", "tipo__sigla": "LC", "tipo__descricao": "Lei Complementar", "texto_integral": "http://sapl.sarandi.pr.leg.br/media/./sapl/public/normajuridica/2007/1654/1654_texto_integral.pdf", "ementa": "Eleva o n\u00famero de vagas do cargo efetivo de Professor de Educa\u00e7\u00e3o F\u00edsica, na forma que especifica."}, {"id": "3123", "ano": "2007", "numero": "27", "tipo__sigla": "POR", "tipo__descricao": "Portaria", "texto_integral": "http://sapl.sarandi.pr.leg.br/media/./sapl/public/normajuridica/2007/3123/3123_texto_integral.pdf", "ementa": "EXONERA A JOVEM TELMA MACHADO PSZYBYLSKI, COMO ASSESSOR PARLAMENTAR, NO GABINETE DO VEREADOR RAFAEL PSZYBYLSKI"}, {"id": "2155", "ano": "2007", "numero": "1382", "tipo__sigla": "LEI", "tipo__descricao": "Lei Ordin\u00e1ria", "texto_integral": "http://sapl.sarandi.pr.leg.br/media/sapl/public/normajuridica/2007/2155/lei_no_1382-2007_sapl.pdf", "ementa": "Autoriza o Chefe do Poder Executivo Municipal a abrir cr\u00e9dito adicional especial e suplementar, na forma que especifica."}, {"id": "2154", "ano": "2007", "numero": "1381", "tipo__sigla": "LEI", "tipo__descricao": "Lei Ordin\u00e1ria", "texto_integral": "http://sapl.sarandi.pr.leg.br/media/sapl/public/normajuridica/2007/2154/lei_no_1381-2007_sapl.pdf", "ementa": "Autoriza o Chefe do Executivo a contratar opera\u00e7\u00e3o de cr\u00e9dito com a Ag\u00eancia de Fomento do Paran\u00e1 S/A."}, {"id": "2153", "ano": "2007", "numero": "1380", "tipo__sigla": "LEI", "tipo__descricao": "Lei Ordin\u00e1ria", "texto_integral": "http://sapl.sarandi.pr.leg.br/media/./sapl/public/normajuridica/2007/2153/2153_texto_integral.pdf", "ementa": "Autoriza o Chefe do Poder Executivo Municipal a abrir cr\u00e9dito adicional especial, na forma que especifica."}, {"id": "2152", "ano": "2007", "numero": "1379", "tipo__sigla": "LEI", "tipo__descricao": "Lei Ordin\u00e1ria", "texto_integral": "http://sapl.sarandi.pr.leg.br/media/./sapl/public/normajuridica/2007/2152/2152_texto_integral.pdf", "ementa": "Disp\u00f5e sobre a cria\u00e7\u00e3o do Conselho Municipal de Acompanhamento e Controle Social do Fundo de Manuten\u00e7\u00e3o e Desenvolvimento da Educa\u00e7\u00e3o B\u00e1sica e de Valoriza\u00e7\u00e3o dos Profissionais da Educa\u00e7\u00e3o - Conselho do FUNDEB."}, {"id": "2151", "ano": "2007", "numero": "1378", "tipo__sigla": "LEI", "tipo__descricao": "Lei Ordin\u00e1ria", "texto_integral": "http://sapl.sarandi.pr.leg.br/media/./sapl/public/normajuridica/2007/2151/2151_texto_integral.pdf", "ementa": "Autoriza o Poder Executivo Municipal a promover Acordo Judicial nos autos de A\u00e7\u00e3o Ordin\u00e1ria de Presta\u00e7\u00e3o de Obriga\u00e7\u00e3o de Fazer c/c Preceito Cominat\u00f3rio n\u00ba 1.009/2002, e d\u00e1 outras provid\u00eancias."}, {"id": "1653", "ano": "2007", "numero": "153", "tipo__sigla": "LC", "tipo__descricao": "Lei Complementar", "texto_integral": "http://sapl.sarandi.pr.leg.br/media/./sapl/public/normajuridica/2007/1653/1653_texto_integral.pdf", "ementa": "Altera e acrescenta artigos \u00e0 Lei n\u00ba 148/2006, que disp\u00f5e sobre o Regime Pr\u00f3prio de Previd\u00eancia dos Servidores Municipais."}, {"id": "2150", "ano": "2007", "numero": "1377", "tipo__sigla": "LEI", "tipo__descricao": "Lei Ordin\u00e1ria", "texto_integral": "http://sapl.sarandi.pr.leg.br/media/sapl/public/normajuridica/2007/2150/lei_no_1377-2007_sapl.pdf", "ementa": "Autoriza o Chefe do Poder Executivo Municipal a abrir cr\u00e9dito adicional especial, na forma que especifica."}, {"id": "3114", "ano": "2007", "numero": "26", "tipo__sigla": "POR", "tipo__descricao": "Portaria", "texto_integral": "http://sapl.sarandi.pr.leg.br/media/./sapl/public/normajuridica/2007/3114/3114_texto_integral.pdf", "ementa": "NOMEIA A SENHORA MARIA DE F\u00c1TIMA LUCHETTI, COMO ASSISTENTE PARLAMENTAR, NO GABINETE DO VEREADOR CLEITON DAMASCENO DO CARMO"}, {"id": "2149", "ano": "2007", "numero": "1376", "tipo__sigla": "LEI", "tipo__descricao": "Lei Ordin\u00e1ria", "texto_integral": "http://sapl.sarandi.pr.leg.br/media/sapl/public/normajuridica/2007/2149/lei_no_1376-2007_sapl.pdf", "ementa": "Autoriza o Poder Executivo Municipal a repassar verba para a Associa\u00e7\u00e3o Comercial, Industrial e de Servi\u00e7os de Sarandi - ACIS, na forma que especifica."}, {"id": "2148", "ano": "2007", "numero": "1375", "tipo__sigla": "LEI", "tipo__descricao": "Lei Ordin\u00e1ria", "texto_integral": "http://sapl.sarandi.pr.leg.br/media/sapl/public/normajuridica/2007/2148/lei_no_1375-2007_sapl.pdf", "ementa": "Prorroga prazo para pagamento da 1\u00aa parcela, bem como para pagamento em cota \u00fanica do IPTU do exerc\u00edcio de 2007, na forma que especifica."}, {"id": "1652", "ano": "2007", "numero": "152", "tipo__sigla": "LC", "tipo__descricao": "Lei Complementar", "texto_integral": "http://sapl.sarandi.pr.leg.br/media/./sapl/public/normajuridica/2007/1652/1652_texto_integral.pdf", "ementa": "Prorroga prazo para requerimento da REFISAGUA, na forma que especifica."}, {"id": "3105", "ano": "2007", "numero": "25", "tipo__sigla": "POR", "tipo__descricao": "Portaria", "texto_integral": "http://sapl.sarandi.pr.leg.br/media/./sapl/public/normajuridica/2007/3105/3105_texto_integral.pdf", "ementa": "DECRETA RECESSO FUNCIONAL AO DIA 05 DE ABRIL DE 2007, NA C\u00c2MARA MUNICIPAL"}, {"id": "2147", "ano": "2007", "numero": "1374", "tipo__sigla": "LEI", "tipo__descricao": "Lei Ordin\u00e1ria", "texto_integral": "http://sapl.sarandi.pr.leg.br/media/sapl/public/normajuridica/2007/2147/lei_no_1374-2007_sapl.pdf", "ementa": "Altera o artigo 1\u00ba da Lei Municipal n\u00ba 1.276/2006 que desafeta \u00e1rea de terra urbana e concede direito real de uso."}, {"id": "2146", "ano": "2007", "numero": "1373", "tipo__sigla": "LEI", "tipo__descricao": "Lei Ordin\u00e1ria", "texto_integral": "http://sapl.sarandi.pr.leg.br/media/./sapl/public/normajuridica/2007/2146/2146_texto_integral.pdf", "ementa": "Autoriza adquirir \u00e1rea de terras e d\u00e1 outras provid\u00eancias."}, {"id": "2145", "ano": "2007", "numero": "1372", "tipo__sigla": "LEI", "tipo__descricao": "Lei Ordin\u00e1ria", "texto_integral": "http://sapl.sarandi.pr.leg.br/media/./sapl/public/normajuridica/2007/2145/2145_texto_integral.pdf", "ementa": "Autoriza o Chefe do Poder Executivo Municipal a abrir cr\u00e9dito adicional suplementar na \u00c1guas de Sarandi - Servi\u00e7o Municipal de Saneamento Ambiental, na forma que especifica."}, {"id": "2144", "ano": "2007", "numero": "1371", "tipo__sigla": "LEI", "tipo__descricao": "Lei Ordin\u00e1ria", "texto_integral": "http://sapl.sarandi.pr.leg.br/media/sapl/public/normajuridica/2007/2144/lei_no_1371-2007_sapl.pdf", "ementa": "Autoriza o Chefe do Poder Executivo Municipal a abrir cr\u00e9dito adicional suplementar na \u00c1guas de Sarandi - Servi\u00e7o Municipal de Saneamento Ambiental, na forma que especifica."}, {"id": "2143", "ano": "2007", "numero": "1370", "tipo__sigla": "LEI", "tipo__descricao": "Lei Ordin\u00e1ria", "texto_integral": "http://sapl.sarandi.pr.leg.br/media/sapl/public/normajuridica/2007/2143/lei_no_1370-2007_sapl.pdf", "ementa": "Autoriza o Poder Executivo Municipal a doar material de constru\u00e7\u00e3o ao Poder Judici\u00e1rio deste munic\u00edpio, e d\u00e1 outras provid\u00eancias."}, {"id": "2142", "ano": "2007", "numero": "1369", "tipo__sigla": "LEI", "tipo__descricao": "Lei Ordin\u00e1ria", "texto_integral": "http://sapl.sarandi.pr.leg.br/media/sapl/public/normajuridica/2007/2142/lei_no_1369-2007_sapl.pdf", "ementa": "D\u00e1 denomina\u00e7\u00e3o \u00e0 Rua 10, do Jardim Tropical."}, {"id": "2141", "ano": "2007", "numero": "1368", "tipo__sigla": "LEI", "tipo__descricao": "Lei Ordin\u00e1ria", "texto_integral": "http://sapl.sarandi.pr.leg.br/media/./sapl/public/normajuridica/2007/2141/2141_texto_integral.pdf", "ementa": "Autoriza o Chefe do Poder Executivo Municipal a abrir cr\u00e9dito adicional especial, na forma que especifica."}, {"id": "2140", "ano": "2007", "numero": "1367", "tipo__sigla": "LEI", "tipo__descricao": "Lei Ordin\u00e1ria", "texto_integral": "http://sapl.sarandi.pr.leg.br/media/sapl/public/normajuridica/2007/2140/lei_no_1367-2007_sapl.pdf", "ementa": "Autoriza o Chefe do Poder Executivo Municipal a abrir cr\u00e9dito adicional especial, na forma que especifica."}, {"id": "2139", "ano": "2007", "numero": "1366", "tipo__sigla": "LEI", "tipo__descricao": "Lei Ordin\u00e1ria", "texto_integral": "http://sapl.sarandi.pr.leg.br/media/sapl/public/normajuridica/2007/2139/lei_no_1366-2007_sapl.pdf", "ementa": "Autoriza o Chefe do Poder Executivo Municipal a abrir cr\u00e9dito adicional especial, na forma que especifica."}, {"id": "2138", "ano": "2007", "numero": "1365", "tipo__sigla": "LEI", "tipo__descricao": "Lei Ordin\u00e1ria", "texto_integral": "http://sapl.sarandi.pr.leg.br/media/sapl/public/normajuridica/2007/2138/lei_no_1365-2007_sapl.pdf", "ementa": "Autoriza o Chefe do Poder Executivo Municipal a abrir cr\u00e9dito adicional especial, na forma que especifica."}, {"id": "2137", "ano": "2007", "numero": "1364", "tipo__sigla": "LEI", "tipo__descricao": "Lei Ordin\u00e1ria", "texto_integral": "http://sapl.sarandi.pr.leg.br/media/sapl/public/normajuridica/2007/2137/lei_no_1364-2007_sapl.pdf", "ementa": "Autoriza o Poder Executivo Municipal a promover Acordo Judicial nos autos de Desapropria\u00e7\u00e3o n\u00ba 225/1999, e d\u00e1 outras provid\u00eancias."}, {"id": "1651", "ano": "2007", "numero": "151", "tipo__sigla": "LC", "tipo__descricao": "Lei Complementar", "texto_integral": "http://sapl.sarandi.pr.leg.br/media/./sapl/public/normajuridica/2007/1651/1651_texto_integral.pdf", "ementa": "Disp\u00f5e sobre a altera\u00e7\u00e3o da Lei Complementar n\u00ba 115/2005, de 27/5/2005, e d\u00e1 outras provid\u00eancias."}, {"id": "1650", "ano": "2007", "numero": "150", "tipo__sigla": "LC", "tipo__descricao": "Lei Complementar", "texto_integral": "http://sapl.sarandi.pr.leg.br/media/./sapl/public/normajuridica/2007/1650/1650_texto_integral.pdf", "ementa": "Cria a Controladoria Geral do Munic\u00edpio de Sarandi; institui o Sistema de Controle Interno do Munic\u00edpio e d\u00e1 outras provid\u00eancias."}, {"id": "3096", "ano": "2007", "numero": "24", "tipo__sigla": "POR", "tipo__descricao": "Portaria", "texto_integral": "http://sapl.sarandi.pr.leg.br/media/./sapl/public/normajuridica/2007/3096/3096_texto_integral.pdf", "ementa": "REVOGA A PORTARIA N\u00b0018/2007, DE 26/02/2007, QUE NOMEAVA A COMISS\u00c3O DE SINDIC\u00c2NCIA"}, {"id": "2136", "ano": "2007", "numero": "1363", "tipo__sigla": "LEI", "tipo__descricao": "Lei Ordin\u00e1ria", "texto_integral": "http://sapl.sarandi.pr.leg.br/media/sapl/public/normajuridica/2007/2136/lei_no_1363-2007_sapl.pdf", "ementa": "Institui a Semana Municipal de Preven\u00e7\u00e3o e Informa\u00e7\u00e3o sobre Doen\u00e7as Cardiovasculares."}, {"id": "2135", "ano": "2007", "numero": "1362", "tipo__sigla": "LEI", "tipo__descricao": "Lei Ordin\u00e1ria", "texto_integral": "http://sapl.sarandi.pr.leg.br/media/sapl/public/normajuridica/2007/2135/lei_no_1362-2007_sapl.pdf", "ementa": "Altera o artigo 1\u00ba, da Lei n\u00ba 968/2001, na forma que especifica."}, {"id": "1649", "ano": "2007", "numero": "149", "tipo__sigla": "LC", "tipo__descricao": "Lei Complementar", "texto_integral": "http://sapl.sarandi.pr.leg.br/media/./sapl/public/normajuridica/2007/1649/1649_texto_integral.pdf", "ementa": "A Rua Cuiab\u00e1, em toda a sua extens\u00e3o, passa a integrar o Eixo de Com\u00e9rcio e Servi\u00e7os-1."}, {"id": "1544", "ano": "2007", "numero": "3", "tipo__sigla": "DL", "tipo__descricao": "Decreto Legislativo", "texto_integral": "http://sapl.sarandi.pr.leg.br/media/./sapl/public/normajuridica/2007/1544/1544_texto_integral.pdf", "ementa": "Concede Titulo de Honraria ao Senhor Daisaku Ikeda."}, {"id": "1532", "ano": "2007", "numero": "2", "tipo__sigla": "DL", "tipo__descricao": "Decreto Legislativo", "texto_integral": "http://sapl.sarandi.pr.leg.br/media/./sapl/public/normajuridica/2007/1532/1532_texto_integral.pdf", "ementa": "Concede Titulo de Honraria \u00e0 Senhora Kaneko Ikeda."}, {"id": "3087", "ano": "2007", "numero": "23", "tipo__sigla": "POR", "tipo__descricao": "Portaria", "texto_integral": "http://sapl.sarandi.pr.leg.br/media/./sapl/public/normajuridica/2007/3087/3087_texto_integral.pdf", "ementa": "NOMEIA O JOVEM C\u00c9SAR AUGUSTO VALENTE SCAPIN, PARA O CARGO DE ASSISTENTE LEGISLATIVO, NO GABINETE DO VEREADOR CLAUIDIONEI APARECIDO VITORINO DA SILVA"}, {"id": "2134", "ano": "2007", "numero": "1361", "tipo__sigla": "LEI", "tipo__descricao": "Lei Ordin\u00e1ria", "texto_integral": "http://sapl.sarandi.pr.leg.br/media/sapl/public/normajuridica/2007/2134/lei_no_1361-2007_sapl.pdf", "ementa": "Institui o Dia da SGI em Sarandi e d\u00e1 outras provid\u00eancias."}, {"id": "2133", "ano": "2007", "numero": "1360", "tipo__sigla": "LEI", "tipo__descricao": "Lei Ordin\u00e1ria", "texto_integral": "http://sapl.sarandi.pr.leg.br/media/sapl/public/normajuridica/2007/2133/lei_no_1360-2007_sapl.pdf", "ementa": "Altera dispositivos da Lei Municipal n\u00ba 637/96, de 23/09/1996."}, {"id": "2132", "ano": "2007", "numero": "1359", "tipo__sigla": "LEI", "tipo__descricao": "Lei Ordin\u00e1ria", "texto_integral": "http://sapl.sarandi.pr.leg.br/media/sapl/public/normajuridica/2007/2132/lei_no_1359-2007_sapl.pdf", "ementa": "Autoriza a concess\u00e3o de direito real de uso de im\u00f3vel pertencente \u00e0 municipalidade, na forma que especifica."}, {"id": "2131", "ano": "2007", "numero": "1358", "tipo__sigla": "LEI", "tipo__descricao": "Lei Ordin\u00e1ria", "texto_integral": "http://sapl.sarandi.pr.leg.br/media/sapl/public/normajuridica/2007/2131/lei_no_1358-2007_sapl.pdf", "ementa": "Autoriza o Poder Executivo Municipal a conceder direito real de uso de im\u00f3vel pertencente \u00e0 municipalidade, na forma que especifica."}, {"id": "3077", "ano": "2007", "numero": "22", "tipo__sigla": "POR", "tipo__descricao": "Portaria", "texto_integral": "http://sapl.sarandi.pr.leg.br/media/./sapl/public/normajuridica/2007/3077/3077_texto_integral.pdf", "ementa": "NOMEIA O SENHOR DANIEL MUSSULIN FRANCISCO, PARA O CARGO DE ASSISTENTE PARLAMENTAR NO GABINETE DO VEREADOR ANTONIO DA CUNHA"}, {"id": "3067", "ano": "2007", "numero": "21", "tipo__sigla": "POR", "tipo__descricao": "Portaria", "texto_integral": "http://sapl.sarandi.pr.leg.br/media/./sapl/public/normajuridica/2007/3067/3067_texto_integral.pdf", "ementa": "NOMEIA A SENHORA CLEIDE APARECIDA MASSA DA SILVA, PARA O CARGO DE ASSISTENTE PARLAMENTAR NO GABINETE DO VEREADOR VALDIR DA SILVA"}, {"id": "3057", "ano": "2007", "numero": "20", "tipo__sigla": "POR", "tipo__descricao": "Portaria", "texto_integral": "http://sapl.sarandi.pr.leg.br/media/./sapl/public/normajuridica/2007/3057/3057_texto_integral.pdf", "ementa": "NOMEIA O SENHOR WELINGTON FARIAS, PARA O CARGO DE ASSISTENTE PARLAMENTAR NO GABINETE DO VEREADOR BELMIRO DA SILVA FARIAS"}, {"id": "3047", "ano": "2007", "numero": "19", "tipo__sigla": "POR", "tipo__descricao": "Portaria", "texto_integral": "http://sapl.sarandi.pr.leg.br/media/./sapl/public/normajuridica/2007/3047/3047_texto_integral.pdf", "ementa": "NOMEIA A SENHORA MARIA IN\u00caS DA ROSA CUNHA, PARA O CARGO DE ASSESSOR PARLAMENTAR NO GABINETE DO VEREADOR ANTONIO DA CUNHA"}, {"id": "2130", "ano": "2007", "numero": "1357", "tipo__sigla": "LEI", "tipo__descricao": "Lei Ordin\u00e1ria", "texto_integral": "http://sapl.sarandi.pr.leg.br/media/sapl/public/normajuridica/2007/2130/lei_no_1357-2007_sapl.pdf", "ementa": "Autoriza o Chefe do Poder Executivo Municipal a abrir cr\u00e9dito adicional especial e suplementar, na forma que especifica."}, {"id": "2129", "ano": "2007", "numero": "1356", "tipo__sigla": "LEI", "tipo__descricao": "Lei Ordin\u00e1ria", "texto_integral": "http://sapl.sarandi.pr.leg.br/media/sapl/public/normajuridica/2007/2129/lei_no_1356-2007_sapl.pdf", "ementa": "REFERENTE A ABERTURA DE CREDITO ADICIONAL ESPECIAL"}, {"id": "3038", "ano": "2007", "numero": "18", "tipo__sigla": "POR", "tipo__descricao": "Portaria", "texto_integral": "http://sapl.sarandi.pr.leg.br/media/./sapl/public/normajuridica/2007/3038/3038_texto_integral.pdf", "ementa": "NOMEIA A COMISS\u00c3O DE SINDIC\u00c2NCIA DA C\u00c2MARA PARA APURAR IRREGULARIDADES PELA EX-SERVIDORA ANA PAULA DA CUNHA"}, {"id": "4940", "ano": "2006", "numero": "4", "tipo__sigla": "DL", "tipo__descricao": "Decreto Legislativo", "texto_integral": "http://sapl.sarandi.pr.leg.br/media/sapl/public/normajuridica/2006/4940/decreto_legislativo_no_001-2007.pdf", "ementa": "Disp\u00f5e sobre subdivis\u00e3o de lote ou data e d\u00e1 outras provid\u00eancias."}, {"id": "1521", "ano": "2007", "numero": "1", "tipo__sigla": "DL", "tipo__descricao": "Decreto Legislativo", "texto_integral": "http://sapl.sarandi.pr.leg.br/media/./sapl/public/normajuridica/2007/1521/1521_texto_integral.pdf", "ementa": "Disp\u00f5e sobre Aceita\u00e7\u00e3o do \"Veto n\u00b0001/2007\", Aposto \u00e0 Lei Municipal n\u00b0 1343/2006, de Autoria do edil Antonio da Cunha, a qual disp\u00f5e sobre a subdivis\u00e3o de lote ou data e d\u00e1 outras provid\u00eancias."}, {"id": "3333", "ano": "2007", "numero": "1", "tipo__sigla": "RES", "tipo__descricao": "Resolu\u00e7\u00e3o", "texto_integral": "http://sapl.sarandi.pr.leg.br/media/./sapl/public/normajuridica/2007/3333/3333_texto_integral.pdf", "ementa": "Cria a Galeria dos Presidentes da C\u00e2mara Municipal de Sarandi."}, {"id": "3028", "ano": "2007", "numero": "17", "tipo__sigla": "POR", "tipo__descricao": "Portaria", "texto_integral": "http://sapl.sarandi.pr.leg.br/media/./sapl/public/normajuridica/2007/3028/3028_texto_integral.pdf", "ementa": "NOMEIA A SENHORA IN\u00caS DA CONCEI\u00c7\u00c3O GRALIK LUIZ, PARA O CARGO DE ASSISTENTE PARLAMENTAR NO GABINETE DO VEREADOR RAFAEL PSZYBYLSKI"}, {"id": "3018", "ano": "2007", "numero": "16", "tipo__sigla": "POR", "tipo__descricao": "Portaria", "texto_integral": "http://sapl.sarandi.pr.leg.br/media/./sapl/public/normajuridica/2007/3018/3018_texto_integral.pdf", "ementa": "NOMEIA A SENHORA REGINA FERREIRA MORAIS, PARA O CARGO DE ASSISTENTE PARLAMENTAR NO GABINETE DO VEREADOR CILAS SOUZA MORAIS"}, {"id": "3007", "ano": "2007", "numero": "15", "tipo__sigla": "POR", "tipo__descricao": "Portaria", "texto_integral": "http://sapl.sarandi.pr.leg.br/media/./sapl/public/normajuridica/2007/3007/3007_texto_integral.pdf", "ementa": "NOMEIA O SENHOR PEDRO BATISTA CASSIANO, PARA O CARGO DE ASSISTENTE PARLAMENTAR NO GABINETE DO VEREADOR LUIZ CARLOS DE AGUIAR"}, {"id": "2996", "ano": "2007", "numero": "14", "tipo__sigla": "POR", "tipo__descricao": "Portaria", "texto_integral": "http://sapl.sarandi.pr.leg.br/media/./sapl/public/normajuridica/2007/2996/2996_texto_integral.pdf", "ementa": "NOMEIA A SENHORA ISABEL DE F\u00c1TIMA MARTINS OLIVEIRA VIEIRA, PARA O CARGO DE ASSISTENTE PARLAMENTAR NO GABINETE DO VEREADOR JO\u00c3O LARA VIEIRA"}, {"id": "2985", "ano": "2007", "numero": "13", "tipo__sigla": "POR", "tipo__descricao": "Portaria", "texto_integral": "http://sapl.sarandi.pr.leg.br/media/./sapl/public/normajuridica/2007/2985/2985_texto_integral.pdf", "ementa": "NOMEIA A SENHORA JANAINA CLAUDIA SANTORO, PARA O CARGO DE ASSISTENTE PARLAMENTAR NO GABINETE DO VEREADOR CARLOS ALBERTO DE PAULA J\u00daNIOR"}, {"id": "2973", "ano": "2007", "numero": "12", "tipo__sigla": "POR", "tipo__descricao": "Portaria", "texto_integral": "http://sapl.sarandi.pr.leg.br/media/./sapl/public/normajuridica/2007/2973/2973_texto_integral.pdf", "ementa": "NOMEIA O SENHOR CLEVERSON LARA VIEIRA, DO CARGO DE ASSESSOR PARLAMENTAR NO GABINETE DO VEREADOR JO\u00c3O LARA VIEIRA"}, {"id": "2961", "ano": "2007", "numero": "11", "tipo__sigla": "POR", "tipo__descricao": "Portaria", "texto_integral": "http://sapl.sarandi.pr.leg.br/media/./sapl/public/normajuridica/2007/2961/2961_texto_integral.pdf", "ementa": "EXONERA O SENHOR CLEVERSON LARA VIEIRA, DO CARGO DE ASSESSOR PARLAMENTAR NO GABINETE DO VEREADOR ANTONIO DA CUNHA"}, {"id": "2949", "ano": "2007", "numero": "10", "tipo__sigla": "POR", "tipo__descricao": "Portaria", "texto_integral": "http://sapl.sarandi.pr.leg.br/media/./sapl/public/normajuridica/2007/2949/2949_texto_integral.pdf", "ementa": "EXONERA A SENHORA MARIA INES DA ROSA CUNHA, DO CARGO DE ASSESSOR PARLAMENTAR NO GABINETE DO VEREADOR JO\u00c3O LARA VIEIRA"}, {"id": "2937", "ano": "2007", "numero": "9", "tipo__sigla": "POR", "tipo__descricao": "Portaria", "texto_integral": "http://sapl.sarandi.pr.leg.br/media/./sapl/public/normajuridica/2007/2937/2937_texto_integral.pdf", "ementa": "NOMEIA A SENHORITA TELMA MACHADO PSZYBYLSKI, COMO ASSESSOR PARLAMENTAR NO GABITE DO VEREADOR RAFAEL PSZYBYLSKI"}, {"id": "2925", "ano": "2007", "numero": "8", "tipo__sigla": "POR", "tipo__descricao": "Portaria", "texto_integral": "http://sapl.sarandi.pr.leg.br/media/./sapl/public/normajuridica/2007/2925/2925_texto_integral.pdf", "ementa": "NOMEIA A COMISS\u00c3O DE LICITA\u00c7\u00c3O PARA 2007, DA C\u00c3MARA MUNICIPAL"}, {"id": "2913", "ano": "2007", "numero": "7", "tipo__sigla": "POR", "tipo__descricao": "Portaria", "texto_integral": "http://sapl.sarandi.pr.leg.br/media/./sapl/public/normajuridica/2007/2913/2913_texto_integral.pdf", "ementa": "NOMEIA O SENHOR DOUTOR JOS\u00c9 WLADEMIR GARB\u00daGGIO, O CARGO DE PROCURADOR JURIDICO DA C\u00c2MARA MUNICIPAL"}, {"id": "2901", "ano": "2007", "numero": "6", "tipo__sigla": "POR", "tipo__descricao": "Portaria", "texto_integral": "http://sapl.sarandi.pr.leg.br/media/./sapl/public/normajuridica/2007/2901/2901_texto_integral.pdf", "ementa": "NOMEIA O SENHOR CARLOS ROBERTO DE OLIVEIRA TASSO, PARA O CARGO DE ASSISTENTE PARLAMENTAR DA C\u00c2MARA MUNICIPAL"}, {"id": "2889", "ano": "2007", "numero": "5", "tipo__sigla": "POR", "tipo__descricao": "Portaria", "texto_integral": "http://sapl.sarandi.pr.leg.br/media/./sapl/public/normajuridica/2007/2889/2889_texto_integral.pdf", "ementa": "NOMEIA A SENHORA SUELI GRALIK TURCI, PARA O CARGO DE CHEFE DE GABINETE DA PRESID\u00caNCIA DA C\u00c2MARA MUNICIPAL"}, {"id": "2877", "ano": "2007", "numero": "4", "tipo__sigla": "POR", "tipo__descricao": "Portaria", "texto_integral": "http://sapl.sarandi.pr.leg.br/media/./sapl/public/normajuridica/2007/2877/2877_texto_integral.pdf", "ementa": "EXONERA A SENHORA SUELI GRALIK TURCI, DO CARGO DE ASSESSOR PARLAMENTAR DO GABINETE DO VEREADOR RAFAEL PSZYBYLSKI"}, {"id": "2865", "ano": "2007", "numero": "3", "tipo__sigla": "POR", "tipo__descricao": "Portaria", "texto_integral": "http://sapl.sarandi.pr.leg.br/media/./sapl/public/normajuridica/2007/2865/2865_texto_integral.pdf", "ementa": "EXONERA O SENHOR DANIEL MUSSULIN FRANCISCO, DO CARGO DE ASSISTENTE PARLAMENTAR"}, {"id": "2853", "ano": "2007", "numero": "2", "tipo__sigla": "POR", "tipo__descricao": "Portaria", "texto_integral": "http://sapl.sarandi.pr.leg.br/media/./sapl/public/normajuridica/2007/2853/2853_texto_integral.pdf", "ementa": "EXONERA CHEFE DE GABINETE ANA PAULA DA CUNHA"}, {"id": "2841", "ano": "2007", "numero": "1", "tipo__sigla": "POR", "tipo__descricao": "Portaria", "texto_integral": "http://sapl.sarandi.pr.leg.br/media/./sapl/public/normajuridica/2007/2841/2841_texto_integral.pdf", "ementa": "EXONERA O PROCURADOR JURIDICO DA C\u00c2MARA MUNICIPAL DE SARANDI"}, {"id": "2128", "ano": "2006", "numero": "1355", "tipo__sigla": "LEI", "tipo__descricao": "Lei Ordin\u00e1ria", "texto_integral": "http://sapl.sarandi.pr.leg.br/media/sapl/public/normajuridica/2006/2128/lei_no_1355-2006_sapl.pdf", "ementa": "Autoriza o Chefe do Poder Executivo Municipal a abrir cr\u00e9dito adicional especial, na forma que especifica."}, {"id": "4944", "ano": "2006", "numero": "1354", "tipo__sigla": "LEI", "tipo__descricao": "Lei Ordin\u00e1ria", "texto_integral": "http://sapl.sarandi.pr.leg.br/media/sapl/public/normajuridica/2006/4944/lei_no_1354-2006_sapl.pdf", "ementa": "Autoriza o Poder Executivo a receber Im\u00f3veis Urbanos como da\u00e7\u00e3o em pagamento para quita\u00e7\u00e3o de cr\u00e9ditos tribut\u00e1rios municipais, e d\u00e1 outras provid\u00eancias."}, {"id": "4943", "ano": "2006", "numero": "1353", "tipo__sigla": "LEI", "tipo__descricao": "Lei Ordin\u00e1ria", "texto_integral": "http://sapl.sarandi.pr.leg.br/media/sapl/public/normajuridica/2006/4943/lei_no_1353-2006_sapl.pdf", "ementa": "Cria o Servi\u00e7o de Inspe\u00e7\u00e3o Municipal de Produtos de Origem Animal do Munic\u00edpio de Sarandi - SIM/SARANDI, e d\u00e1 outras provid\u00eancias."}, {"id": "4945", "ano": "2006", "numero": "1352", "tipo__sigla": "LEI", "tipo__descricao": "Lei Ordin\u00e1ria", "texto_integral": "http://sapl.sarandi.pr.leg.br/media/sapl/public/normajuridica/2006/4945/lei_no_1352-2006_sapl.pdf", "ementa": "Autoriza o Poder Executivo a celebrar conv\u00eanio com o Estado do Paran\u00e1, para os fins que especifica."}, {"id": "4941", "ano": "2006", "numero": "1351", "tipo__sigla": "LEI", "tipo__descricao": "Lei Ordin\u00e1ria", "texto_integral": "http://sapl.sarandi.pr.leg.br/media/", "ementa": "Disp\u00f5e sobre a institui\u00e7\u00e3o do Conselho Municipal de Sa\u00fade e do Fundo Municipal de Sa\u00fade, e d\u00e1 outras provid\u00eancias."}, {"id": "4939", "ano": "2006", "numero": "1350", "tipo__sigla": "LEI", "tipo__descricao": "Lei Ordin\u00e1ria", "texto_integral": "http://sapl.sarandi.pr.leg.br/media/sapl/public/normajuridica/2006/4939/lei_no_1350-2006_sapl.pdf", "ementa": "Disp\u00f5e sobre a concess\u00e3o de isen\u00e7\u00e3o e remiss\u00e3o de taxas de servi\u00e7os p\u00fablicos e de coleta de lixo \u00e0s Associa\u00e7\u00f5es e aos Templos de qualquer culto, e d\u00e1 outras provid\u00eancias."}, {"id": "2127", "ano": "2006", "numero": "1349", "tipo__sigla": "LEI", "tipo__descricao": "Lei Ordin\u00e1ria", "texto_integral": "http://sapl.sarandi.pr.leg.br/media/sapl/public/normajuridica/2006/2127/lei_no_1349-2006_sapl.pdf", "ementa": "Autoriza o Chefe do Poder Executivo Municipal a abrir cr\u00e9dito adicional especial suplementar, na forma que especifica."}, {"id": "2126", "ano": "2006", "numero": "1348", "tipo__sigla": "LEI", "tipo__descricao": "Lei Ordin\u00e1ria", "texto_integral": "http://sapl.sarandi.pr.leg.br/media/sapl/public/normajuridica/2006/2126/lei_no_1348-2006_sapl.pdf", "ementa": "Autoriza o Chefe do Poder Executivo Municipal a abrir cr\u00e9dito adicional especial, na forma que especifica."}, {"id": "6514", "ano": "2006", "numero": "1347", "tipo__sigla": "LEI", "tipo__descricao": "Lei Ordin\u00e1ria", "texto_integral": "http://sapl.sarandi.pr.leg.br/media/sapl/public/normajuridica/2006/6514/lei_no_1347-2006_sapl.pdf", "ementa": "Autoriza o Poder Executivo Municipal a conceder direito real de uso de im\u00f3vel pertencente \u00e0 municipalidade, na forma que especifica."}, {"id": "6513", "ano": "2006", "numero": "1346", "tipo__sigla": "LEI", "tipo__descricao": "Lei Ordin\u00e1ria", "texto_integral": "http://sapl.sarandi.pr.leg.br/media/sapl/public/normajuridica/2006/6513/lei_no_1346-2006_sapl.pdf", "ementa": "Autoriza o Executivo Municipal a proceder a outorga de concess\u00e3o onerosa dos boxes e demais espa\u00e7os da Esta\u00e7\u00e3o Rodovi\u00e1ria de Sarandi, e d\u00e1 outras provid\u00eancias."}, {"id": "6512", "ano": "2006", "numero": "1345", "tipo__sigla": "LEI", "tipo__descricao": "Lei Ordin\u00e1ria", "texto_integral": "http://sapl.sarandi.pr.leg.br/media/sapl/public/normajuridica/2006/6512/lei_no_1345-2006_sapl.pdf", "ementa": "Declara de utilidade p\u00fablica a Associa\u00e7\u00e3o dos Agricultores de Sarandi - AAGRIS."}, {"id": "4506", "ano": "2006", "numero": "148", "tipo__sigla": "LC", "tipo__descricao": "Lei Complementar", "texto_integral": "http://sapl.sarandi.pr.leg.br/media/sapl/public/normajuridica/2006/4506/lei_compl._no_148-2006.pdf", "ementa": "Disp\u00f5e sobre a reestrutura\u00e7\u00e3o do Regime Pr\u00f3prio de Previd\u00eancia do Munic\u00edpio de Sarandi e d\u00e1 outras provid\u00eancias."}, {"id": "5773", "ano": "2006", "numero": "147", "tipo__sigla": "LC", "tipo__descricao": "Lei Complementar", "texto_integral": "http://sapl.sarandi.pr.leg.br/media/sapl/public/normajuridica/2006/5773/lei_complementar_no147-2006.pdf", "ementa": "Cria o cargo efetivo de Auditor Fiscal Tribut\u00e1rio e d\u00e1 outras provid\u00eancias."}, {"id": "1648", "ano": "2006", "numero": "146", "tipo__sigla": "LC", "tipo__descricao": "Lei Complementar", "texto_integral": "http://sapl.sarandi.pr.leg.br/media/./sapl/public/normajuridica/2006/1648/1648_texto_integral.pdf", "ementa": "Prorroga o prazo estabelecido na Lei Complementar n\u00ba 125/2005 e d\u00e1 outras provid\u00eancias."}, {"id": "3017", "ano": "2006", "numero": "16", "tipo__sigla": "POR", "tipo__descricao": "Portaria", "texto_integral": "http://sapl.sarandi.pr.leg.br/media/./sapl/public/normajuridica/2006/3017/3017_texto_integral.pdf", "ementa": "HOMOLOGA VOTA\u00c7\u00c3O DAS COMISS\u00d5ES PERMANENTES PARA 2007"}, {"id": "2125", "ano": "2006", "numero": "1344", "tipo__sigla": "LEI", "tipo__descricao": "Lei Ordin\u00e1ria", "texto_integral": "http://sapl.sarandi.pr.leg.br/media/sapl/public/normajuridica/2006/2125/lei_no_1344-2006_sapl.pdf", "ementa": "Estima a Receita e Fixa a Despesa do Munic\u00edpio para o Exerc\u00edcio de 2007."}, {"id": "2124", "ano": "2006", "numero": "1342", "tipo__sigla": "LEI", "tipo__descricao": "Lei Ordin\u00e1ria", "texto_integral": "http://sapl.sarandi.pr.leg.br/media/sapl/public/normajuridica/2006/2124/lei_no_1342-2006_sapl.pdf", "ementa": "D\u00e1 nova denomina\u00e7\u00e3o ao Conjunto Residencial Floresta, formado pelos lotes 205, 205-A e 206 da Gleba Patrim\u00f4nio Sarandi, e d\u00e1 outras provid\u00eancias."}, {"id": "1647", "ano": "2006", "numero": "145", "tipo__sigla": "LC", "tipo__descricao": "Lei Complementar", "texto_integral": "http://sapl.sarandi.pr.leg.br/media/./sapl/public/normajuridica/2006/1647/1647_texto_integral.pdf", "ementa": "Disp\u00f5e sobre a institui\u00e7\u00e3o do REFISAGUA - Programa de Recupera\u00e7\u00e3o Fiscal das Tarifas, Taxas e Pre\u00e7os, cobrados e/ou assumidos pela \u00c1guas de Sarandi - Servi\u00e7o Municipal de Saneamento Ambiental, e d\u00e1 outras provid\u00eancias."}, {"id": "2123", "ano": "2006", "numero": "1341", "tipo__sigla": "LEI", "tipo__descricao": "Lei Ordin\u00e1ria", "texto_integral": "http://sapl.sarandi.pr.leg.br/media/sapl/public/normajuridica/2006/2123/lei_no_1341-2006_sapl.pdf", "ementa": "Autoriza o chefe do Poder Executivo Municipal a abrir um cr\u00e9dito adicional especial, na forma que especifica, e d\u00e1 outras provid\u00eancias."}, {"id": "2122", "ano": "2006", "numero": "1340", "tipo__sigla": "LEI", "tipo__descricao": "Lei Ordin\u00e1ria", "texto_integral": "http://sapl.sarandi.pr.leg.br/media/sapl/public/normajuridica/2006/2122/lei_no_1340-2006_sapl.pdf", "ementa": "Autoriza o Chefe do Poder Executivo Municipal a abrir cr\u00e9dito adicional especial suplementar, na forma que especifica."}, {"id": "2121", "ano": "2006", "numero": "1339", "tipo__sigla": "LEI", "tipo__descricao": "Lei Ordin\u00e1ria", "texto_integral": "http://sapl.sarandi.pr.leg.br/media/sapl/public/normajuridica/2006/2121/lei_no_1339-2006_sapl.pdf", "ementa": "Autoriza o Chefe do Poder Executivo Municipal a abrir cr\u00e9dito adicional especial, na forma que especifica."}, {"id": "1131", "ano": "2006", "numero": "1", "tipo__sigla": "RES", "tipo__descricao": "Resolu\u00e7\u00e3o", "texto_integral": "http://sapl.sarandi.pr.leg.br/media/./sapl/public/normajuridica/2006/1131/1131_texto_integral.pdf", "ementa": "Altera dispositivos da Resolu\u00e7\u00e3o n\u00ba 002/1992 - Regimento Interno da C\u00e2mara."}, {"id": "2120", "ano": "2006", "numero": "1338", "tipo__sigla": "LEI", "tipo__descricao": "Lei Ordin\u00e1ria", "texto_integral": "http://sapl.sarandi.pr.leg.br/media/sapl/public/normajuridica/2006/2120/lei_no_1338-2006_sapl.pdf", "ementa": "Autoriza o Poder Executivo Municipal a permutar os lotes de terras n\u00ba 01, da quadra 31 e n\u00ba 09, da quadra 31, do Parque Residencial Alvamar II, com os propriet\u00e1rios do lote de terras n\u00ba 08, da quadra 30, do Parque Residencial Alvamar, e d\u00e1 outras provid\u00eancias."}, {"id": "2119", "ano": "2006", "numero": "1337", "tipo__sigla": "LEI", "tipo__descricao": "Lei Ordin\u00e1ria", "texto_integral": "http://sapl.sarandi.pr.leg.br/media/sapl/public/normajuridica/2006/2119/lei_no_1337-2006_sapl.pdf", "ementa": "Disp\u00f5e sobre a altera\u00e7\u00e3o do art. 1\u00ba da Lei Municipal n\u00ba 937/2001, de 08/10/2001, j\u00e1 alterada pela Lei n\u00ba 954/2001, de 28/11/2001, na forma que especifica."}, {"id": "3961", "ano": "2006", "numero": "610", "tipo__sigla": "DE", "tipo__descricao": "Decreto Executivo", "texto_integral": "http://sapl.sarandi.pr.leg.br/media/sapl/public/normajuridica/2006/3961/decreto_executivo_no_610-2006.pdf", "ementa": "REGULAMENTA A CONCESS\u00c3O DO VALE TRANSPORTE AOS SERVIDORES P\u00daBLICOS MUNICIPAIS DE SARANDI - PR."}, {"id": "3006", "ano": "2006", "numero": "15", "tipo__sigla": "POR", "tipo__descricao": "Portaria", "texto_integral": "http://sapl.sarandi.pr.leg.br/media/./sapl/public/normajuridica/2006/3006/3006_texto_integral.pdf", "ementa": "NOMEIA O JOVEM WILLIANS SOUZA MORAIS, COMO ASSESSOR PARLAMENTAR, NO GABINETE DO VEREADOR CILAS SOUZA MORAIS"}, {"id": "2995", "ano": "2006", "numero": "14", "tipo__sigla": "POR", "tipo__descricao": "Portaria", "texto_integral": "http://sapl.sarandi.pr.leg.br/media/./sapl/public/normajuridica/2006/2995/2995_texto_integral.pdf", "ementa": "SUBSTITUI MEMBRO DA COMISS\u00c3O DE LEGISLA\u00c7\u00c3O, JUSTI\u00c7A E REDA\u00c7\u00c3O FINAL, EM VIRTUDE DE \u00d3BITO DO VEREADOR AD\u00c9RCIO MARQUES DA SILVA- PPS, PELO VEREADOR CLEITON DAMASCENO DO CARMO- PT"}, {"id": "2118", "ano": "2006", "numero": "1336", "tipo__sigla": "LEI", "tipo__descricao": "Lei Ordin\u00e1ria", "texto_integral": "http://sapl.sarandi.pr.leg.br/media/sapl/public/normajuridica/2006/2118/lei_no_1336-2006_sapl.pdf", "ementa": "Autoriza o Poder Executivo Municipal a celebrar conv\u00eanio com o Tribunal de Justi\u00e7a do Paran\u00e1, e d\u00e1 outras provid\u00eancias."}, {"id": "2117", "ano": "2006", "numero": "1335", "tipo__sigla": "LEI", "tipo__descricao": "Lei Ordin\u00e1ria", "texto_integral": "http://sapl.sarandi.pr.leg.br/media/sapl/public/normajuridica/2006/2117/lei_no_1335-2006_sapl.pdf", "ementa": "Denomina quadra de esportes da Escola Municipal Tisuro Tisuji Barros Cunha, na forma que especifica."}, {"id": "2116", "ano": "2006", "numero": "1334", "tipo__sigla": "LEI", "tipo__descricao": "Lei Ordin\u00e1ria", "texto_integral": "http://sapl.sarandi.pr.leg.br/media/./sapl/public/normajuridica/2006/2116/2116_texto_integral.pdf", "ementa": "Denomina quadra de esportes da Escola Municipal S\u00e3o Francisco de Assis, na forma que especifica."}, {"id": "2984", "ano": "2006", "numero": "13", "tipo__sigla": "POR", "tipo__descricao": "Portaria", "texto_integral": "http://sapl.sarandi.pr.leg.br/media/sapl/public/normajuridica/2006/2984/portaria_n_0013-2006.pdf", "ementa": "NOMEIA A SENHORITA ANDR\u00c9IA GOMES, COMO ASSISTENTE DE SECRETARIA, NESTA CASA DE LEIS"}, {"id": "2972", "ano": "2006", "numero": "12", "tipo__sigla": "POR", "tipo__descricao": "Portaria", "texto_integral": "http://sapl.sarandi.pr.leg.br/media/./sapl/public/normajuridica/2006/2972/2972_texto_integral.pdf", "ementa": "EXONERA PEDRO BATISTA CASSIANO, ASSESSOR PARLAMENTAR DO GABINETE DO VEREADOR AD\u00c9RCIO MARQUES DA SILVA"}, {"id": "4655", "ano": "2006", "numero": "5", "tipo__sigla": "ATM", "tipo__descricao": "Ato da Mesa", "texto_integral": "http://sapl.sarandi.pr.leg.br/media/sapl/public/normajuridica/2006/4655/ato_da_mesa_no_006-2006.pdf", "ementa": "Cancela a Sess\u00e3o Ordin\u00e1ria do dia 06.11.2006, passando a pauta dos trabalhos para a Sess\u00e3o Ordin\u00e1ria do dia 13.11.2006, \u00e0s 17:30 horas, em virtude do passamento do vereador Ad\u00e9rcio Marques da Silva \"Popular Gordo\", ocorrido no dia 05.11.2006."}, {"id": "2115", "ano": "2006", "numero": "1333", "tipo__sigla": "LEI", "tipo__descricao": "Lei Ordin\u00e1ria", "texto_integral": "http://sapl.sarandi.pr.leg.br/media/sapl/public/normajuridica/2006/2115/lei_no_1333-2006_sapl.pdf", "ementa": "Denomina quadra de esportes da Escola Municipal Jos\u00e9 Polo, na forma que especifica."}, {"id": "2114", "ano": "2006", "numero": "1332", "tipo__sigla": "LEI", "tipo__descricao": "Lei Ordin\u00e1ria", "texto_integral": "http://sapl.sarandi.pr.leg.br/media/sapl/public/normajuridica/2006/2114/lei_no_1332-2006_sapl.pdf", "ementa": "Denomina quadra de esportes em estabelecimento de ensino situado no munic\u00edpio, na forma que especifica."}, {"id": "2113", "ano": "2006", "numero": "1331", "tipo__sigla": "LEI", "tipo__descricao": "Lei Ordin\u00e1ria", "texto_integral": "http://sapl.sarandi.pr.leg.br/media/sapl/public/normajuridica/2006/2113/lei_no_1331-2006_sapl.pdf", "ementa": "Autoriza o Chefe do Poder Executivo Municipal a abrir cr\u00e9dito adicional especial suplementar na \u00c1guas de Sarandi - Servi\u00e7o Municipal de Saneamento Ambiental, na forma que especifica."}, {"id": "2112", "ano": "2006", "numero": "1330", "tipo__sigla": "LEI", "tipo__descricao": "Lei Ordin\u00e1ria", "texto_integral": "http://sapl.sarandi.pr.leg.br/media/sapl/public/normajuridica/2006/2112/lei_no_1330-2006_sapl.pdf", "ementa": "Autoriza o Chefe do Poder Executivo Municipal a abrir cr\u00e9dito adicional especial suplementar na \u00c1guas de Sarandi - Servi\u00e7o Municipal de Saneamento Ambiental, na forma que especifica."}, {"id": "2111", "ano": "2006", "numero": "1329", "tipo__sigla": "LEI", "tipo__descricao": "Lei Ordin\u00e1ria", "texto_integral": "http://sapl.sarandi.pr.leg.br/media/./sapl/public/normajuridica/2006/2111/2111_texto_integral.pdf", "ementa": "Institui Programa de Parceria entre o Poder Executivo Municipal e a comunidade para realizar obras de pavimenta\u00e7\u00e3o asf\u00e1ltica."}, {"id": "2110", "ano": "2006", "numero": "1328", "tipo__sigla": "LEI", "tipo__descricao": "Lei Ordin\u00e1ria", "texto_integral": "http://sapl.sarandi.pr.leg.br/media/sapl/public/normajuridica/2006/2110/lei_no_1328-2006_sapl.pdf", "ementa": "Regulamenta estacionamento de ve\u00edculos na Rua Ja\u00e7an\u00e3 e d\u00e1 outras provid\u00eancias. \"Entre as ruas Pedro Galindo Garcia e At\u00edlio Salval\u00e1gio\"."}, {"id": "2109", "ano": "2006", "numero": "1327", "tipo__sigla": "LEI", "tipo__descricao": "Lei Ordin\u00e1ria", "texto_integral": "http://sapl.sarandi.pr.leg.br/media/sapl/public/normajuridica/2006/2109/lei_no_1327-2006_sapl.pdf", "ementa": "D\u00e1 denomina\u00e7\u00e3o \u00e0 Rua 10, nos Jardins Nova Independ\u00eancia 1\u00aa parte e 2\u00aa parte, Social e Residencial S\u00e3o Jos\u00e9 I."}, {"id": "2108", "ano": "2006", "numero": "1326", "tipo__sigla": "LEI", "tipo__descricao": "Lei Ordin\u00e1ria", "texto_integral": "http://sapl.sarandi.pr.leg.br/media/sapl/public/normajuridica/2006/2108/lei_no_1326-2006_sapl.pdf", "ementa": "Autoriza o Chefe do Poder Executivo Municipal a abrir cr\u00e9dito adicional especial, na forma que especifica."}, {"id": "2107", "ano": "2006", "numero": "1325", "tipo__sigla": "LEI", "tipo__descricao": "Lei Ordin\u00e1ria", "texto_integral": "http://sapl.sarandi.pr.leg.br/media/sapl/public/normajuridica/2006/2107/lei_no_1325-2006_sapl.pdf", "ementa": "Autoriza o Chefe do Poder Executivo Municipal a abrir cr\u00e9dito adicional especial suplementar, na forma que especifica."}, {"id": "2106", "ano": "2006", "numero": "1324", "tipo__sigla": "LEI", "tipo__descricao": "Lei Ordin\u00e1ria", "texto_integral": "http://sapl.sarandi.pr.leg.br/media/sapl/public/normajuridica/2006/2106/lei_no_1324-2006_sapl.pdf", "ementa": "Autoriza o Chefe do Poder Executivo Municipal a abrir cr\u00e9dito adicional especial, na forma que especifica."}, {"id": "1646", "ano": "2006", "numero": "144", "tipo__sigla": "LC", "tipo__descricao": "Lei Complementar", "texto_integral": "http://sapl.sarandi.pr.leg.br/media/./sapl/public/normajuridica/2006/1646/1646_texto_integral.pdf", "ementa": "Cria a licen\u00e7a aleitamento, acrescentando artigo a Lei Complementar Municipal n\u00ba 10/1992 - Estatuto dos Servidores P\u00fablicos do Munic\u00edpio de Sarandi, Estado do Paran\u00e1 e d\u00e1 outras provid\u00eancias."}, {"id": "2105", "ano": "2006", "numero": "1323", "tipo__sigla": "LEI", "tipo__descricao": "Lei Ordin\u00e1ria", "texto_integral": "http://sapl.sarandi.pr.leg.br/media/./sapl/public/normajuridica/2006/2105/2105_texto_integral.pdf", "ementa": "Autoriza o Chefe do Poder Executivo Municipal a abrir cr\u00e9dito adicional especial, na forma que especifica."}, {"id": "2104", "ano": "2006", "numero": "1322", "tipo__sigla": "LEI", "tipo__descricao": "Lei Ordin\u00e1ria", "texto_integral": "http://sapl.sarandi.pr.leg.br/media/sapl/public/normajuridica/2006/2104/lei_no_1322-2006_sapl.pdf", "ementa": "Cria a Coordenadoria Municipal de Defesa Civil (COMDEC) do munic\u00edpio de Sarandi, e d\u00e1 outras provid\u00eancias."}, {"id": "2103", "ano": "2006", "numero": "1321", "tipo__sigla": "LEI", "tipo__descricao": "Lei Ordin\u00e1ria", "texto_integral": "http://sapl.sarandi.pr.leg.br/media/sapl/public/normajuridica/2006/2103/lei_no_1321-2006_sapl.pdf", "ementa": "Cria o Fundo Municipal dos Direitos do Idoso e d\u00e1 outras provid\u00eancias."}, {"id": "2102", "ano": "2006", "numero": "1320", "tipo__sigla": "LEI", "tipo__descricao": "Lei Ordin\u00e1ria", "texto_integral": "http://sapl.sarandi.pr.leg.br/media/sapl/public/normajuridica/2006/2102/lei_no_1320-2006_sapl.pdf", "ementa": "Autoriza o Poder Executivo Municipal a repassar verba para a Ordem dos Pastores e L\u00edderes Evang\u00e9licos de Sarandi, na forma que especifica."}, {"id": "2960", "ano": "2006", "numero": "11", "tipo__sigla": "POR", "tipo__descricao": "Portaria", "texto_integral": "http://sapl.sarandi.pr.leg.br/media/./sapl/public/normajuridica/2006/2960/2960_texto_integral.pdf", "ementa": "NOMEIA SERVIDOR EM SUBSTITUI\u00c7\u00c3O A OUTRO QUE PEDIU AFASTAMENTO- FRANCISCO ADALBERTO DE SOUZA POR DALVECIR APARECIDO BONORA, NA COMISS\u00c3O DE LICITA\u00c7\u00c3O E JULGAMENTO DA C\u00c2MARA MUNICIPAL PARA 2006"}, {"id": "2101", "ano": "2006", "numero": "1319", "tipo__sigla": "LEI", "tipo__descricao": "Lei Ordin\u00e1ria", "texto_integral": "http://sapl.sarandi.pr.leg.br/media/sapl/public/normajuridica/2006/2101/lei_no_1319-2006_sapl.pdf", "ementa": "Autoriza o Chefe do Poder Executivo Municipal a abrir cr\u00e9dito adicional especial, na forma que especifica."}, {"id": "2100", "ano": "2006", "numero": "1318", "tipo__sigla": "LEI", "tipo__descricao": "Lei Ordin\u00e1ria", "texto_integral": "http://sapl.sarandi.pr.leg.br/media/./sapl/public/normajuridica/2006/2100/2100_texto_integral.pdf", "ementa": "Autoriza o Chefe do Poder Executivo Municipal a abrir cr\u00e9dito adicional suplementar, na forma que especifica."}, {"id": "1543", "ano": "2006", "numero": "3", "tipo__sigla": "DL", "tipo__descricao": "Decreto Legislativo", "texto_integral": "http://sapl.sarandi.pr.leg.br/media/./sapl/public/normajuridica/2006/1543/1543_texto_integral.pdf", "ementa": "Disp\u00f5e sobre Aceita\u00e7\u00e3o do \"Veto n\u00b0 001/2006\", Aposto \u00e0 Lei Municipal n\u00b01293/2006, de Autoria do edil Cleiton Damasceno do Carmo, a qual Disp\u00f5e sobre a isen\u00e7\u00e3o do pagamento de taxa de inscri\u00e7\u00e3o em Concurso P\u00fablico Municipal."}, {"id": "2099", "ano": "2006", "numero": "1317", "tipo__sigla": "LEI", "tipo__descricao": "Lei Ordin\u00e1ria", "texto_integral": "http://sapl.sarandi.pr.leg.br/media/sapl/public/normajuridica/2006/2099/lei_no_1317-2006_sapl.pdf", "ementa": "Autoriza o Poder Executivo Municipal a repassar verba para o Cons\u00f3rcio Intermunicipal de Saneamento Ambiental do Paran\u00e1 - CISMAE, na forma que especifica."}, {"id": "2098", "ano": "2006", "numero": "1316", "tipo__sigla": "LEI", "tipo__descricao": "Lei Ordin\u00e1ria", "texto_integral": "http://sapl.sarandi.pr.leg.br/media/sapl/public/normajuridica/2006/2098/lei_no_1316-2006_sapl.pdf", "ementa": "Autoriza o Chefe do Poder Executivo Municipal a abrir cr\u00e9dito adicional especial, na forma que especifica."}, {"id": "2097", "ano": "2006", "numero": "1315", "tipo__sigla": "LEI", "tipo__descricao": "Lei Ordin\u00e1ria", "texto_integral": "http://sapl.sarandi.pr.leg.br/media/sapl/public/normajuridica/2006/2097/lei_no_1315-2006_sapl.pdf", "ementa": "Altera a Lei Municipal n\u00ba 1.236/2005, que estima a receita e fixa a despesa do munic\u00edpio para o exerc\u00edcio de 2006, e d\u00e1 outras provid\u00eancias."}, {"id": "2096", "ano": "2006", "numero": "1314", "tipo__sigla": "LEI", "tipo__descricao": "Lei Ordin\u00e1ria", "texto_integral": "http://sapl.sarandi.pr.leg.br/media/sapl/public/normajuridica/2006/2096/lei_no_1314-2006_sapl.pdf", "ementa": "Estima a receita e fixa a despesa da \u00c1guas de Sarandi - Servi\u00e7o Municipal de Saneamento Ambiental para o exerc\u00edcio de 2006, e d\u00e1 outras provid\u00eancias."}, {"id": "2095", "ano": "2006", "numero": "1313", "tipo__sigla": "LEI", "tipo__descricao": "Lei Ordin\u00e1ria", "texto_integral": "http://sapl.sarandi.pr.leg.br/media/sapl/public/normajuridica/2006/2095/lei_no_1313-2006_sapl.pdf", "ementa": "Disp\u00f5e sobre as diretrizes para elabora\u00e7\u00e3o da Lei Or\u00e7ament\u00e1ria para o exerc\u00edcio de 2007, e d\u00e1 outras provid\u00eancias."}, {"id": "2948", "ano": "2006", "numero": "10", "tipo__sigla": "POR", "tipo__descricao": "Portaria", "texto_integral": "http://sapl.sarandi.pr.leg.br/media/./sapl/public/normajuridica/2006/2948/2948_texto_integral.pdf", "ementa": "CONCEDE F\u00c9RIAS COLETIVAS EM VIRTUDE DE RECESSO LEGISLATIVO"}, {"id": "2094", "ano": "2006", "numero": "1312", "tipo__sigla": "LEI", "tipo__descricao": "Lei Ordin\u00e1ria", "texto_integral": "http://sapl.sarandi.pr.leg.br/media/./sapl/public/normajuridica/2006/2094/2094_texto_integral.pdf", "ementa": "Autoriza a concess\u00e3o de direito real de uso de im\u00f3vel da municipalidade, na forma que especifica."}, {"id": "2093", "ano": "2006", "numero": "1311", "tipo__sigla": "LEI", "tipo__descricao": "Lei Ordin\u00e1ria", "texto_integral": "http://sapl.sarandi.pr.leg.br/media/./sapl/public/normajuridica/2006/2093/2093_texto_integral.pdf", "ementa": "Altera anexo de a\u00e7\u00f5es e cria o Programa Apoio Administrativo do Servi\u00e7o Municipal de Saneamento - \u00c1guas de Sarandi, da Lei Municipal n\u00ba 1199/2005, que disp\u00f5e sobre o plano plurianual para o exerc\u00edcio de 2006/2009, e d\u00e1 outras provid\u00eancias."}, {"id": "2092", "ano": "2006", "numero": "1310", "tipo__sigla": "LEI", "tipo__descricao": "Lei Ordin\u00e1ria", "texto_integral": "http://sapl.sarandi.pr.leg.br/media/sapl/public/normajuridica/2006/2092/lei_no_1310-2006_sapl.pdf", "ementa": "Altera anexo da Lei Municipal n\u00ba 1173/2005, que disp\u00f5e sobre as diretrizes para elabora\u00e7\u00e3o da Lei Or\u00e7ament\u00e1ria para o exerc\u00edcio de 2006, e d\u00e1 outras provid\u00eancias."}, {"id": "2091", "ano": "2006", "numero": "1309", "tipo__sigla": "LEI", "tipo__descricao": "Lei Ordin\u00e1ria", "texto_integral": "http://sapl.sarandi.pr.leg.br/media/sapl/public/normajuridica/2006/2091/lei_no_1309-2006_sapl.pdf", "ementa": "Autoriza o munic\u00edpio de Sarandi, Estado do Paran\u00e1, a firmar Termo de Coopera\u00e7\u00e3o com a PROMEC - Prote\u00e7\u00e3o ao Menor Carente de Sarandi, na forma que especifica."}, {"id": "2090", "ano": "2006", "numero": "1308", "tipo__sigla": "LEI", "tipo__descricao": "Lei Ordin\u00e1ria", "texto_integral": "http://sapl.sarandi.pr.leg.br/media/sapl/public/normajuridica/2006/2090/lei_no_1308-2006_sapl.pdf", "ementa": "Denomina quadra de esportes em estabelecimento de ensino situado no munic\u00edpio, na forma que especifica."}, {"id": "2089", "ano": "2006", "numero": "1307", "tipo__sigla": "LEI", "tipo__descricao": "Lei Ordin\u00e1ria", "texto_integral": "http://sapl.sarandi.pr.leg.br/media/sapl/public/normajuridica/2006/2089/lei_no_1307-2006_sapl.pdf", "ementa": "Denomina estabelecimento de ensino situado no munic\u00edpio, na forma que especifica."}, {"id": "2088", "ano": "2006", "numero": "1306", "tipo__sigla": "LEI", "tipo__descricao": "Lei Ordin\u00e1ria", "texto_integral": "http://sapl.sarandi.pr.leg.br/media/sapl/public/normajuridica/2006/2088/lei_no_1306-2006_sapl.pdf", "ementa": "Altera a lei municipal n\u00ba 1279/2006, de 10/04/2006, que \"Cria \u00c1guas de Sarandi - Servi\u00e7o Municipal de Saneamento Ambiental\", na forma que especifica."}, {"id": "2087", "ano": "2006", "numero": "1305", "tipo__sigla": "LEI", "tipo__descricao": "Lei Ordin\u00e1ria", "texto_integral": "http://sapl.sarandi.pr.leg.br/media/./sapl/public/normajuridica/2006/2087/2087_texto_integral.pdf", "ementa": "Autoriza o Chefe do Poder Executivo Municipal a abrir cr\u00e9dito adicional especial, na forma que especifica."}, {"id": "2086", "ano": "2006", "numero": "1304", "tipo__sigla": "LEI", "tipo__descricao": "Lei Ordin\u00e1ria", "texto_integral": "http://sapl.sarandi.pr.leg.br/media/sapl/public/normajuridica/2006/2086/lei_no_1304-2006_sapl.pdf", "ementa": "Autoriza o Chefe do Poder Executivo Municipal a abrir cr\u00e9dito adicional especial, na forma que especifica."}, {"id": "2085", "ano": "2006", "numero": "1303", "tipo__sigla": "LEI", "tipo__descricao": "Lei Ordin\u00e1ria", "texto_integral": "http://sapl.sarandi.pr.leg.br/media/sapl/public/normajuridica/2006/2085/lei_no_1303-2006_sapl.pdf", "ementa": "Disp\u00f5e sobre contrata\u00e7\u00f5es pelo Sistema de Registro de Pre\u00e7os a que se refere o inciso II do artigo 15 da Lei n\u00ba 8.666, de 21 de junho de 1993, e d\u00e1 outras provid\u00eancias."}, {"id": "2084", "ano": "2006", "numero": "1302", "tipo__sigla": "LEI", "tipo__descricao": "Lei Ordin\u00e1ria", "texto_integral": "http://sapl.sarandi.pr.leg.br/media/./sapl/public/normajuridica/2006/2084/2084_texto_integral.pdf", "ementa": "Cria o dia da cidadania no munic\u00edpio de Sarandi e d\u00e1 outras provid\u00eancias."}, {"id": "2083", "ano": "2006", "numero": "1301", "tipo__sigla": "LEI", "tipo__descricao": "Lei Ordin\u00e1ria", "texto_integral": "http://sapl.sarandi.pr.leg.br/media/sapl/public/normajuridica/2006/2083/lei_no_1301-2006_sapl.pdf", "ementa": "Autoriza a cria\u00e7\u00e3o no Pronto Socorro Municipal do Disque Ambul\u00e2ncia 0800 e d\u00e1 outras provid\u00eancias."}, {"id": "2082", "ano": "2006", "numero": "1300", "tipo__sigla": "LEI", "tipo__descricao": "Lei Ordin\u00e1ria", "texto_integral": "http://sapl.sarandi.pr.leg.br/media/sapl/public/normajuridica/2006/2082/lei_no_1300-2006_sapl.pdf", "ementa": "Autoriza a prorroga\u00e7\u00e3o por mais 60 dias da licen\u00e7a-maternidade."}, {"id": "2081", "ano": "2006", "numero": "1299", "tipo__sigla": "LEI", "tipo__descricao": "Lei Ordin\u00e1ria", "texto_integral": "http://sapl.sarandi.pr.leg.br/media/./sapl/public/normajuridica/2006/2081/2081_texto_integral.pdf", "ementa": "Ratifica protocolo de inten\u00e7\u00f5es com a finalidade de instituir o CISMAE - Cons\u00f3rcio Intermunicipal de Saneamento Ambiental do Paran\u00e1 e d\u00e1 outras provid\u00eancias."}, {"id": "1645", "ano": "2006", "numero": "143", "tipo__sigla": "LC", "tipo__descricao": "Lei Complementar", "texto_integral": "http://sapl.sarandi.pr.leg.br/media/./sapl/public/normajuridica/2006/1645/1645_texto_integral.pdf", "ementa": "Cria o Quadro de Pessoal da Caixa de Aposentadoria dos Servidores Municipais de Sarandi - PRESERV, Estado do Paran\u00e1 e d\u00e1 outras provid\u00eancias."}, {"id": "2080", "ano": "2006", "numero": "1298", "tipo__sigla": "LEI", "tipo__descricao": "Lei Ordin\u00e1ria", "texto_integral": "http://sapl.sarandi.pr.leg.br/media/sapl/public/normajuridica/2006/2080/lei_no_1298-2006_sapl.pdf", "ementa": "Declara de utilidade p\u00fablica a Associa\u00e7\u00e3o das Pessoas Deficientes F\u00edsicas de Sarandi - ADEFIS."}, {"id": "2936", "ano": "2006", "numero": "9", "tipo__sigla": "POR", "tipo__descricao": "Portaria", "texto_integral": "http://sapl.sarandi.pr.leg.br/media/./sapl/public/normajuridica/2006/2936/2936_texto_integral.pdf", "ementa": "CONCEDE PROGRESS\u00c3O  FUNCIONAL AO SERVIDOR FRANCISCO ADALBERTO DE SOUZA"}, {"id": "2924", "ano": "2006", "numero": "8", "tipo__sigla": "POR", "tipo__descricao": "Portaria", "texto_integral": "http://sapl.sarandi.pr.leg.br/media/./sapl/public/normajuridica/2006/2924/2924_texto_integral.pdf", "ementa": "NOMEIA A COMISS\u00c3O DE LICITA\u00c7\u00c3O DA C\u00c3MARA PARA 2006"}, {"id": "1531", "ano": "2006", "numero": "2", "tipo__sigla": "DL", "tipo__descricao": "Decreto Legislativo", "texto_integral": "http://sapl.sarandi.pr.leg.br/media/./sapl/public/normajuridica/2006/1531/1531_texto_integral.pdf", "ementa": "Aprova as Contas do Poder Executivo, com ressalvas, relativas ao Exerc\u00edcio Financeiro de 2004."}, {"id": "2079", "ano": "2006", "numero": "1297", "tipo__sigla": "LEI", "tipo__descricao": "Lei Ordin\u00e1ria", "texto_integral": "http://sapl.sarandi.pr.leg.br/media/sapl/public/normajuridica/2006/2079/lei_no_1297-2006_sapl.pdf", "ementa": "Autoriza o Chefe do Executivo Municipal a firmar conv\u00eanio com a Funda\u00e7\u00e3o Nacional de Sa\u00fade e d\u00e1 outras provid\u00eancias."}, {"id": "1520", "ano": "2006", "numero": "1", "tipo__sigla": "DL", "tipo__descricao": "Decreto Legislativo", "texto_integral": "http://sapl.sarandi.pr.leg.br/media/./sapl/public/normajuridica/2006/1520/1520_texto_integral.pdf", "ementa": "Aprova as Contas do PRESERV - Fundo de Previd\u00eancia dos Servidores Municipais de Sarandi, e com ressalvas as contas do Poder Executivo, relativas ao Exerc\u00edcio Financeiro de 1997."}, {"id": "4291", "ano": "2006", "numero": "19", "tipo__sigla": "ELO", "tipo__descricao": "Emenda \u00e0 Lei Org\u00e2nica", "texto_integral": "http://sapl.sarandi.pr.leg.br/media/sapl/public/normajuridica/2006/4291/emenda_no_019-2006.pdf", "ementa": "D\u00e1 nova reda\u00e7\u00e3o ao caput do artigo 110 da Lei Org\u00e2nica do Munic\u00edpio"}, {"id": "2912", "ano": "2006", "numero": "7", "tipo__sigla": "POR", "tipo__descricao": "Portaria", "texto_integral": "http://sapl.sarandi.pr.leg.br/media/./sapl/public/normajuridica/2006/2912/2912_texto_integral.pdf", "ementa": "CONCEDER REAJUSTE SALARIAL A 3, 34%, AOS SERVIDORES P\u00daBLICOS"}, {"id": "2078", "ano": "2006", "numero": "1296", "tipo__sigla": "LEI", "tipo__descricao": "Lei Ordin\u00e1ria", "texto_integral": "http://sapl.sarandi.pr.leg.br/media/sapl/public/normajuridica/2006/2078/lei_no_1296-2006_sapl.pdf", "ementa": "Autoriza o parcelamento de lotes para fins de implanta\u00e7\u00e3o de loteamento urbano, e d\u00e1 outras provid\u00eancias."}, {"id": "2077", "ano": "2006", "numero": "1295", "tipo__sigla": "LEI", "tipo__descricao": "Lei Ordin\u00e1ria", "texto_integral": "http://sapl.sarandi.pr.leg.br/media/sapl/public/normajuridica/2006/2077/lei_no_1295-2006_sapl.pdf", "ementa": "Autoriza o Chefe do Poder Executivo Municipal a abrir cr\u00e9dito adicional especial, na forma que especifica."}, {"id": "2076", "ano": "2006", "numero": "1294", "tipo__sigla": "LEI", "tipo__descricao": "Lei Ordin\u00e1ria", "texto_integral": "http://sapl.sarandi.pr.leg.br/media/sapl/public/normajuridica/2006/2076/lei_no_1294-2006_sapl.pdf", "ementa": "Concede t\u00edtulo de cidad\u00e3o benem\u00e9rito ao Sr. Jos\u00e9 Ribeiro da Costa, o popular \"Tijolo\", na forma que especifica."}, {"id": "2075", "ano": "2006", "numero": "1293", "tipo__sigla": "LEI", "tipo__descricao": "Lei Ordin\u00e1ria", "texto_integral": "http://sapl.sarandi.pr.leg.br/media/./sapl/public/normajuridica/2006/2075/2075_texto_integral.pdf", "ementa": "Disp\u00f5e sobre a isen\u00e7\u00e3o do pagamento da taxa de inscri\u00e7\u00e3o em concurso p\u00fablico para a admiss\u00e3o p\u00fablica municipal e d\u00e1 outras provid\u00eancias."}, {"id": "1644", "ano": "2006", "numero": "142", "tipo__sigla": "LC", "tipo__descricao": "Lei Complementar", "texto_integral": "http://sapl.sarandi.pr.leg.br/media/./sapl/public/normajuridica/2006/1644/1644_texto_integral.pdf", "ementa": "Fica readequado os vencimentos atribu\u00eddos ao cargo efetivo de contador do Munic\u00edpio de Sarandi, nos termos do art. 39, \u00a7 1\u00ba e incisos, da Constitui\u00e7\u00e3o Federal de 1988, alterando a Lei Complementar n\u00ba 16/93 e suas altera\u00e7\u00f5es e d\u00e1 outras provid\u00eancias."}, {"id": "2074", "ano": "2006", "numero": "1292", "tipo__sigla": "LEI", "tipo__descricao": "Lei Ordin\u00e1ria", "texto_integral": "http://sapl.sarandi.pr.leg.br/media/sapl/public/normajuridica/2006/2074/lei_no_1292-2006_sapl.pdf", "ementa": "Autoriza o Poder Executivo Municipal a repassar verba para a Associa\u00e7\u00e3o Comercial, Industrial e de Servi\u00e7os de Sarandi - ACIS, na forma que especifica."}, {"id": "2073", "ano": "2006", "numero": "1291", "tipo__sigla": "LEI", "tipo__descricao": "Lei Ordin\u00e1ria", "texto_integral": "http://sapl.sarandi.pr.leg.br/media/sapl/public/normajuridica/2006/2073/lei_no_1291-2006_sapl.pdf", "ementa": "Autoriza o Chefe do Poder Executivo Municipal a abrir cr\u00e9dito adicional especial, na forma que especifica."}, {"id": "2072", "ano": "2006", "numero": "1290", "tipo__sigla": "LEI", "tipo__descricao": "Lei Ordin\u00e1ria", "texto_integral": "http://sapl.sarandi.pr.leg.br/media/sapl/public/normajuridica/2006/2072/lei_no_1290-2006_sapl.pdf", "ementa": "Autoriza o Poder Executivo Municipal a conceder direito real de uso de im\u00f3vel pertencente \u00e0 municipalidade, na forma que especifica."}, {"id": "2071", "ano": "2006", "numero": "1289", "tipo__sigla": "LEI", "tipo__descricao": "Lei Ordin\u00e1ria", "texto_integral": "http://sapl.sarandi.pr.leg.br/media/sapl/public/normajuridica/2006/2071/lei_no_1289-2006_sapl.pdf", "ementa": "Autoriza o Poder Executivo Municipal a conceder direito real de uso de im\u00f3vel pertencente \u00e0 municipalidade, na forma que especifica."}, {"id": "2070", "ano": "2006", "numero": "1288", "tipo__sigla": "LEI", "tipo__descricao": "Lei Ordin\u00e1ria", "texto_integral": "http://sapl.sarandi.pr.leg.br/media/sapl/public/normajuridica/2006/2070/lei_no_1288-2006_sapl.pdf", "ementa": "Autoriza o Poder Executivo Municipal a conceder direito real de uso de im\u00f3vel pertencente \u00e0 municipalidade, na forma que especifica."}, {"id": "1643", "ano": "2006", "numero": "141", "tipo__sigla": "LC", "tipo__descricao": "Lei Complementar", "texto_integral": "http://sapl.sarandi.pr.leg.br/media/./sapl/public/normajuridica/2006/1643/1643_texto_integral.pdf", "ementa": "Disp\u00f5e sobre a altera\u00e7\u00e3o da Lei Complementar n\u00ba 115/2005, de 27/5/2005, alterando a Secretaria de A\u00e7\u00e3o Social para Secretaria de Assist\u00eancia Social, na forma que especifica."}, {"id": "6510", "ano": "2006", "numero": "1287", "tipo__sigla": "LEI", "tipo__descricao": "Lei Ordin\u00e1ria", "texto_integral": "http://sapl.sarandi.pr.leg.br/media/sapl/public/normajuridica/2006/6510/lei_no_1287-2006_sapl.pdf", "ementa": "Autoriza o Chefe do Poder Executivo Municipal a conceder reposi\u00e7\u00e3o salarial, na forma que especifica."}, {"id": "2069", "ano": "2006", "numero": "1286", "tipo__sigla": "LEI", "tipo__descricao": "Lei Ordin\u00e1ria", "texto_integral": "http://sapl.sarandi.pr.leg.br/media/sapl/public/normajuridica/2006/2069/lei_no_1286-2006_sapl.pdf", "ementa": "Declara de utilidade p\u00fablica a Associa\u00e7\u00e3o de Moradores e Amigos do Jardim das Flores 1\u00aa e 2\u00aa Partes, Jardim Novo Centro e Jardim Novo Mundo."}, {"id": "1642", "ano": "2006", "numero": "140", "tipo__sigla": "LC", "tipo__descricao": "Lei Complementar", "texto_integral": "http://sapl.sarandi.pr.leg.br/media/./sapl/public/normajuridica/2006/1642/1642_texto_integral.pdf", "ementa": "Disp\u00f5e sobre a estrutura administrativa do Servi\u00e7o Aut\u00e1rquico Municipal e d\u00e1 outras provid\u00eancias."}, {"id": "2068", "ano": "2006", "numero": "1285", "tipo__sigla": "LEI", "tipo__descricao": "Lei Ordin\u00e1ria", "texto_integral": "http://sapl.sarandi.pr.leg.br/media/sapl/public/normajuridica/2006/2068/lei_no_1285-2006_sapl.pdf", "ementa": "Autoriza o Chefe do Poder Executivo Municipal a abrir cr\u00e9dito adicional suplementar, na forma que especifica."}, {"id": "2067", "ano": "2006", "numero": "1284", "tipo__sigla": "LEI", "tipo__descricao": "Lei Ordin\u00e1ria", "texto_integral": "http://sapl.sarandi.pr.leg.br/media/sapl/public/normajuridica/2006/2067/lei_no_1284-2006_sapl.pdf", "ementa": "Autoriza a coloca\u00e7\u00e3o de redutores de velocidade em pontos definidos como especiais em par\u00e1grafo \u00fanico do artigo 94, do C\u00f3digo Nacional de Tr\u00e2nsito e d\u00e1 outras provid\u00eancias."}, {"id": "2066", "ano": "2006", "numero": "1283", "tipo__sigla": "LEI", "tipo__descricao": "Lei Ordin\u00e1ria", "texto_integral": "http://sapl.sarandi.pr.leg.br/media/sapl/public/normajuridica/2006/2066/lei_no_1283-2006_sapl.pdf", "ementa": "Autoriza o munic\u00edpio de Sarandi, Estado do Paran\u00e1, a firmar Termo de Coopera\u00e7\u00e3o T\u00e9cnica e Financeira com a Associa\u00e7\u00e3o Casa de Recupera\u00e7\u00e3o Nossa Senhora da Esperan\u00e7a - ACRENSE."}, {"id": "1641", "ano": "2006", "numero": "139", "tipo__sigla": "LC", "tipo__descricao": "Lei Complementar", "texto_integral": "http://sapl.sarandi.pr.leg.br/media/./sapl/public/normajuridica/2006/1641/1641_texto_integral.pdf", "ementa": "Cria cargo de provimento efetivo, vagas e d\u00e1 outras provid\u00eancias."}, {"id": "2065", "ano": "2006", "numero": "1282", "tipo__sigla": "LEI", "tipo__descricao": "Lei Ordin\u00e1ria", "texto_integral": "http://sapl.sarandi.pr.leg.br/media/sapl/public/normajuridica/2006/2065/lei_no_1282-2006_sapl.pdf", "ementa": "Altera dispositivos da Lei n\u00b0 947/2001."}, {"id": "2064", "ano": "2006", "numero": "1281", "tipo__sigla": "LEI", "tipo__descricao": "Lei Ordin\u00e1ria", "texto_integral": "http://sapl.sarandi.pr.leg.br/media/sapl/public/normajuridica/2006/2064/lei_no_1281-2006_sapl.pdf", "ementa": "Ratifica Protocolo da Inten\u00e7\u00f5es com o objetivo de adequar o Cons\u00f3rcio P\u00fablico Intermunicipal de Sa\u00fade do Setentri\u00e3o Paranaense - CISAMUSEP aos\r\nditames da Lei Federal n\u00b0 11.107/2005 e d\u00e1 outras provid\u00eancias."}, {"id": "2063", "ano": "2006", "numero": "1280", "tipo__sigla": "LEI", "tipo__descricao": "Lei Ordin\u00e1ria", "texto_integral": "http://sapl.sarandi.pr.leg.br/media/sapl/public/normajuridica/2006/2063/lei_no_1280-2006_sapl.pdf", "ementa": "Autoriza o Chefe do Poder Executivo, a constituir e participar com outros munic\u00edpios interessados do Consorcio Intermunicipal para Gerenciamento Integrado e Sustent\u00e1vel dos Res\u00edduos S\u00f3lidos Urbanos."}, {"id": "1640", "ano": "2006", "numero": "138", "tipo__sigla": "LC", "tipo__descricao": "Lei Complementar", "texto_integral": "http://sapl.sarandi.pr.leg.br/media/./sapl/public/normajuridica/2006/1640/1640_texto_integral.pdf", "ementa": "Disp\u00f5e sobre altera\u00e7\u00e3o dos artigos 119 e 122 da Lei Complementar n\u00ba 5/92, j\u00e1 alterado pela Lei Complementar n\u00ba 26/94."}, {"id": "2900", "ano": "2006", "numero": "6", "tipo__sigla": "POR", "tipo__descricao": "Portaria", "texto_integral": "http://sapl.sarandi.pr.leg.br/media/./sapl/public/normajuridica/2006/2900/2900_texto_integral.pdf", "ementa": "C\u00c2MARA MUNICIPAL DE SARANDI PR, N\u00c3O TER\u00c1 EXPEDIENTE AO P\u00daBLICO, NO DIA 13/04/2006"}, {"id": "367", "ano": "2006", "numero": "1279", "tipo__sigla": "LEI", "tipo__descricao": "Lei Ordin\u00e1ria", "texto_integral": "http://sapl.sarandi.pr.leg.br/media/sapl/public/normajuridica/2006/367/lei_no_1279-2006.pdf", "ementa": "Cria \u00c1guas de Sarandi - Servi\u00e7o Municipal de Saneamento Ambiental - como entidade aut\u00e1rquica de direito p\u00fablico, integrante da Administra\u00e7\u00e3o Indireta\r\ndo Munic\u00edpio de Sarandi, e d\u00e1 outras provid\u00eancias."}, {"id": "2061", "ano": "2006", "numero": "1278", "tipo__sigla": "LEI", "tipo__descricao": "Lei Ordin\u00e1ria", "texto_integral": "http://sapl.sarandi.pr.leg.br/media/sapl/public/normajuridica/2006/2061/lei_no_1278-2006_sapl.pdf", "ementa": "Altera dispositivos da Lei n\u00ba 464/92, que disp\u00f5e sobre a pol\u00edtica municipal de atendimento dos direitos da crian\u00e7a e do adolescente, na forma que especifica."}, {"id": "2060", "ano": "2006", "numero": "1277", "tipo__sigla": "LEI", "tipo__descricao": "Lei Ordin\u00e1ria", "texto_integral": "http://sapl.sarandi.pr.leg.br/media/sapl/public/normajuridica/2006/2060/lei_no_1277-2006_sapl.pdf", "ementa": "Autoriza o Chefe do Poder Executivo Municipal a fornecer cesta b\u00e1sica de alimentos ao pessoal admitido por prazo determinado, na forma que especifica."}, {"id": "2059", "ano": "2006", "numero": "1276", "tipo__sigla": "LEI", "tipo__descricao": "Lei Ordin\u00e1ria", "texto_integral": "http://sapl.sarandi.pr.leg.br/media/sapl/public/normajuridica/2006/2059/lei_no_1276-2006_sapl.pdf", "ementa": "Autoriza o Poder Executivo Municipal a doar pr\u00f3prios do Munic\u00edpio ao Tribunal Regional Eleitoral do Paran\u00e1, e d\u00e1 outras provid\u00eancias."}, {"id": "2058", "ano": "2006", "numero": "1275", "tipo__sigla": "LEI", "tipo__descricao": "Lei Ordin\u00e1ria", "texto_integral": "http://sapl.sarandi.pr.leg.br/media/sapl/public/normajuridica/2006/2058/lei_no_1275-2006_sapl.pdf", "ementa": "Disp\u00f5e sobre as a\u00e7\u00f5es de saneamento de vigil\u00e2ncia sanit\u00e1ria, estabelecendo as san\u00e7\u00f5es respectivas e d\u00e1 outras provid\u00eancias."}, {"id": "2057", "ano": "2006", "numero": "1274", "tipo__sigla": "LEI", "tipo__descricao": "Lei Ordin\u00e1ria", "texto_integral": "http://sapl.sarandi.pr.leg.br/media/sapl/public/normajuridica/2006/2057/lei_no_1274-2006_sapl.pdf", "ementa": "Autoriza o Chefe do Poder Executivo Municipal a abrir cr\u00e9dito adicional especial, na forma que especifica."}, {"id": "2056", "ano": "2006", "numero": "1273", "tipo__sigla": "LEI", "tipo__descricao": "Lei Ordin\u00e1ria", "texto_integral": "http://sapl.sarandi.pr.leg.br/media/sapl/public/normajuridica/2006/2056/lei_no_1273-2006_sapl.pdf", "ementa": "Autoriza o Chefe do Poder Executivo Municipal a abrir cr\u00e9dito adicional suplementar, na forma que especifica."}, {"id": "2055", "ano": "2006", "numero": "1272", "tipo__sigla": "LEI", "tipo__descricao": "Lei Ordin\u00e1ria", "texto_integral": "http://sapl.sarandi.pr.leg.br/media/sapl/public/normajuridica/2006/2055/lei_no_1272-2006_sapl.pdf", "ementa": "Autoriza o Chefe do Poder Executivo Municipal a abrir cr\u00e9dito adicional suplementar, na forma que especifica."}, {"id": "2054", "ano": "2006", "numero": "1271", "tipo__sigla": "LEI", "tipo__descricao": "Lei Ordin\u00e1ria", "texto_integral": "http://sapl.sarandi.pr.leg.br/media/sapl/public/normajuridica/2006/2054/lei_no_1271-2006_sapl.pdf", "ementa": "Autoriza o Chefe do Poder Executivo Municipal a abrir cr\u00e9dito adicional suplementar, na forma que especifica."}, {"id": "2053", "ano": "2006", "numero": "1270", "tipo__sigla": "LEI", "tipo__descricao": "Lei Ordin\u00e1ria", "texto_integral": "http://sapl.sarandi.pr.leg.br/media/sapl/public/normajuridica/2006/2053/lei_no_1270-2006_sapl.pdf", "ementa": "Autoriza o Chefe do Poder Executivo Municipal a abrir cr\u00e9dito adicional especial e suplementar, na forma que especifica."}, {"id": "2052", "ano": "2006", "numero": "1269", "tipo__sigla": "LEI", "tipo__descricao": "Lei Ordin\u00e1ria", "texto_integral": "http://sapl.sarandi.pr.leg.br/media/sapl/public/normajuridica/2006/2052/lei_no_1269-2006_sapl.pdf", "ementa": "Autoriza o Poder Executivo Municipal a repassar verba para a Associa\u00e7\u00e3o de Moradores e Amigos dos Bairros Jardins Independ\u00eancia 3\u00b0 Parte, Escala, Ouro\r\nPreto e Conjunto Habitacional Casa da Fam\u00edlia, na forma que especifica."}, {"id": "2051", "ano": "2006", "numero": "1268", "tipo__sigla": "LEI", "tipo__descricao": "Lei Ordin\u00e1ria", "texto_integral": "http://sapl.sarandi.pr.leg.br/media/sapl/public/normajuridica/2006/2051/lei_no_1268-2006_sapl.pdf", "ementa": "Autoriza o Chefe do Poder Executivo Municipal a abrir cr\u00e9dito adicional especial, na forma que especifica."}, {"id": "2050", "ano": "2006", "numero": "1267", "tipo__sigla": "LEI", "tipo__descricao": "Lei Ordin\u00e1ria", "texto_integral": "http://sapl.sarandi.pr.leg.br/media/./sapl/public/normajuridica/2006/2050/2050_texto_integral.pdf", "ementa": "Autoriza o Executivo Municipal a Desafetar \u00e1rea de terras urbanas e conceder direito real de uso."}, {"id": "2049", "ano": "2006", "numero": "1266", "tipo__sigla": "LEI", "tipo__descricao": "Lei Ordin\u00e1ria", "texto_integral": "http://sapl.sarandi.pr.leg.br/media/sapl/public/normajuridica/2006/2049/lei_no_1266-2006_sapl.pdf", "ementa": "Autoriza o Poder Executivo Municipal a desafetar do uso p\u00fablico \u00e1rea de terras no Jardim Ipanema, e d\u00e1 outras provid\u00eancias."}, {"id": "2048", "ano": "2006", "numero": "1265", "tipo__sigla": "LEI", "tipo__descricao": "Lei Ordin\u00e1ria", "texto_integral": "http://sapl.sarandi.pr.leg.br/media/sapl/public/normajuridica/2006/2048/lei_no_1265-2006_sapl.pdf", "ementa": "Autoriza o Chefe do Poder Executivo Municipal a abrir cr\u00e9dito adicional especial, na forma que especifica."}, {"id": "2047", "ano": "2006", "numero": "1264", "tipo__sigla": "LEI", "tipo__descricao": "Lei Ordin\u00e1ria", "texto_integral": "http://sapl.sarandi.pr.leg.br/media/sapl/public/normajuridica/2006/2047/lei_no_1264-2006_sapl.pdf", "ementa": "D\u00e1 denomina\u00e7\u00e3o \u00e0 Rua 09, nos Jardins Nova Independ\u00eancia 1\u00aa Parte e 2\u00aa Parte, Social e Residencial S\u00e3o Jos\u00e9 I."}, {"id": "1639", "ano": "2006", "numero": "137", "tipo__sigla": "LC", "tipo__descricao": "Lei Complementar", "texto_integral": "http://sapl.sarandi.pr.leg.br/media/./sapl/public/normajuridica/2006/1639/1639_texto_integral.pdf", "ementa": "Inclui rua no Eixo de Com\u00e9rcio e  Servi\u00e7os, na forma que especifica."}, {"id": "1638", "ano": "2006", "numero": "136", "tipo__sigla": "LC", "tipo__descricao": "Lei Complementar", "texto_integral": "http://sapl.sarandi.pr.leg.br/media/./sapl/public/normajuridica/2006/1638/1638_texto_integral.pdf", "ementa": "Fixa o n\u00famero de parcelas e datas de vencimentos para pagamento do IPTU para o exerc\u00edcio de 2006, tendo em vista o disposto no art. 60 da Lei Complementar n\u00ba 70/2001."}, {"id": "1637", "ano": "2006", "numero": "135", "tipo__sigla": "LC", "tipo__descricao": "Lei Complementar", "texto_integral": "http://sapl.sarandi.pr.leg.br/media/./sapl/public/normajuridica/2006/1637/1637_texto_integral.pdf", "ementa": "Autoriza o Poder Executivo Municipal a efetivar contrata\u00e7\u00e3o tempor\u00e1ria de excepcional interesse p\u00fablico, e d\u00e1 outras provid\u00eancias."}, {"id": "2888", "ano": "2006", "numero": "5", "tipo__sigla": "POR", "tipo__descricao": "Portaria", "texto_integral": "http://sapl.sarandi.pr.leg.br/media/./sapl/public/normajuridica/2006/2888/2888_texto_integral.pdf", "ementa": "CONCEDE PROGRESS\u00c3O FUNCIONAL A SERVIDORA M\u00d4NICA CRISTINA GONZALVES"}, {"id": "2046", "ano": "2006", "numero": "1263", "tipo__sigla": "LEI", "tipo__descricao": "Lei Ordin\u00e1ria", "texto_integral": "http://sapl.sarandi.pr.leg.br/media/sapl/public/normajuridica/2006/2046/lei_no_1263-2006_sapl.pdf", "ementa": "Autoriza o Chefe do Poder Executivo Municipal a abrir cr\u00e9dito adicional especial, na forma que especifica."}, {"id": "6505", "ano": "2006", "numero": "1262", "tipo__sigla": "LEI", "tipo__descricao": "Lei Ordin\u00e1ria", "texto_integral": "http://sapl.sarandi.pr.leg.br/media/sapl/public/normajuridica/2006/6505/lei_no_1262-2006_sapl.pdf", "ementa": "Autoriza o Chefe do Poder Executivo Municipal a abrir cr\u00e9dito adicional suplementar, na forma que especifica."}, {"id": "1636", "ano": "2006", "numero": "134", "tipo__sigla": "LC", "tipo__descricao": "Lei Complementar", "texto_integral": "http://sapl.sarandi.pr.leg.br/media/./sapl/public/normajuridica/2006/1636/1636_texto_integral.pdf", "ementa": "Inclui rua no Eixo de Com\u00e9rcio e Servi\u00e7os-3, e d\u00e1 outras provid\u00eancias."}, {"id": "1635", "ano": "2006", "numero": "133", "tipo__sigla": "LC", "tipo__descricao": "Lei Complementar", "texto_integral": "http://sapl.sarandi.pr.leg.br/media/./sapl/public/normajuridica/2006/1635/1635_texto_integral.pdf", "ementa": "Altera rua do Eixo de Com\u00e9rcio e Servi\u00e7os-1 para Eixo de Com\u00e9rcio e Servi\u00e7os-2, e d\u00e1 outras provid\u00eancias."}, {"id": "1634", "ano": "2006", "numero": "132", "tipo__sigla": "LC", "tipo__descricao": "Lei Complementar", "texto_integral": "http://sapl.sarandi.pr.leg.br/media/./sapl/public/normajuridica/2006/1634/1634_texto_integral.pdf", "ementa": "Altera rua do Eixo de Com\u00e9rcio e Servi\u00e7os-1 em Eixo de Com\u00e9rcio e Servi\u00e7os-2, e d\u00e1 outras provid\u00eancias."}, {"id": "2876", "ano": "2006", "numero": "4", "tipo__sigla": "POR", "tipo__descricao": "Portaria", "texto_integral": "http://sapl.sarandi.pr.leg.br/media/./sapl/public/normajuridica/2006/2876/2876_texto_integral.pdf", "ementa": "CONCEDE PROGRESS\u00c3O FUNCIONAL AOS SERVIDORES CLEONICE IZIDIO DE AZEVEDO E DALVECIR APARECIDO BONORA"}, {"id": "2864", "ano": "2006", "numero": "3", "tipo__sigla": "POR", "tipo__descricao": "Portaria", "texto_integral": "http://sapl.sarandi.pr.leg.br/media/./sapl/public/normajuridica/2006/2864/2864_texto_integral.pdf", "ementa": "CONCEDE F\u00c9RIAS COLETIVAS DE 16 A 24 DE JANEIRO DE 2006, EM VIRTUDE DO RECESSO LEGISLATIVO"}, {"id": "2045", "ano": "2006", "numero": "1261", "tipo__sigla": "LEI", "tipo__descricao": "Lei Ordin\u00e1ria", "texto_integral": "http://sapl.sarandi.pr.leg.br/media/sapl/public/normajuridica/2006/2045/lei_no_1261-2006_sapl.pdf", "ementa": "Autoriza o Chefe do Poder Executivo Municipal a abrir cr\u00e9dito adicional especial e suplementar, na forma que especifica."}, {"id": "2044", "ano": "2006", "numero": "1260", "tipo__sigla": "LEI", "tipo__descricao": "Lei Ordin\u00e1ria", "texto_integral": "http://sapl.sarandi.pr.leg.br/media/./sapl/public/normajuridica/2006/2044/2044_texto_integral.pdf", "ementa": "Autoriza o Chefe do Poder Executivo Municipal a abrir cr\u00e9dito adicional especial e suplementar, na forma que especifica."}, {"id": "2043", "ano": "2006", "numero": "1259", "tipo__sigla": "LEI", "tipo__descricao": "Lei Ordin\u00e1ria", "texto_integral": "http://sapl.sarandi.pr.leg.br/media/sapl/public/normajuridica/2006/2043/lei_no_1259-2006_sapl.pdf", "ementa": "Disp\u00f5e sobre a Revoga\u00e7\u00e3o da Lei Municipal n\u00b0 1231/2005, de 02.12.2005, na forma que especifica."}, {"id": "1633", "ano": "2006", "numero": "131", "tipo__sigla": "LC", "tipo__descricao": "Lei Complementar", "texto_integral": "http://sapl.sarandi.pr.leg.br/media/./sapl/public/normajuridica/2006/1633/1633_texto_integral.pdf", "ementa": "Disp\u00f5e sobre autoriza\u00e7\u00e3o especifica para constru\u00e7\u00e3o e instala\u00e7\u00e3o de um posto de servi\u00e7os de ve\u00edculos."}, {"id": "2840", "ano": "2006", "numero": "1", "tipo__sigla": "POR", "tipo__descricao": "Portaria", "texto_integral": "http://sapl.sarandi.pr.leg.br/media/./sapl/public/normajuridica/2006/2840/2840_texto_integral.pdf", "ementa": "HOMOLOGA VOTA\u00c7\u00c3O DAS COMISS\u00d5ES PERMANENTES PARA 2006"}, {"id": "2852", "ano": "2006", "numero": "2", "tipo__sigla": "POR", "tipo__descricao": "Portaria", "texto_integral": "http://sapl.sarandi.pr.leg.br/media/./sapl/public/normajuridica/2006/2852/2852_texto_integral.pdf", "ementa": "NOMEIA IVAN MIGUEL DA SILVA, PARA O CARGO DE ASSESSOR PARLAMENTAR, NO GABINETE DO VEREADOR LUIZ CARLOS DE AGUIAR"}, {"id": "3204", "ano": "2005", "numero": "38", "tipo__sigla": "POR", "tipo__descricao": "Portaria", "texto_integral": "http://sapl.sarandi.pr.leg.br/media/./sapl/public/normajuridica/2005/3204/3204_texto_integral.pdf", "ementa": "CONCEDE F\u00c9RIAS COLETIVAS DE 22/12/2005 A 02/01/2006, EM VIRTUDE DO RECESSO LEGISLATIVO"}, {"id": "3200", "ano": "2005", "numero": "37", "tipo__sigla": "POR", "tipo__descricao": "Portaria", "texto_integral": "http://sapl.sarandi.pr.leg.br/media/./sapl/public/normajuridica/2005/3200/3200_texto_integral.pdf", "ementa": "CONCEDE F\u00c9RIAS COLETIVAS DE 22/12/2005 A 05/01/2006, EM VIRTUDE DO RECESSO LEGISLATIVO"}, {"id": "3194", "ano": "2005", "numero": "36", "tipo__sigla": "POR", "tipo__descricao": "Portaria", "texto_integral": "http://sapl.sarandi.pr.leg.br/media/./sapl/public/normajuridica/2005/3194/3194_texto_integral.pdf", "ementa": "EXONERA O SENHOR CARLOS ROBERTO GORINI, ASSESSOR PARLAMENTAR, DO GABINETE DO VEREADOR LUIZ CARLOS DE AGUIAR"}, {"id": "2042", "ano": "2005", "numero": "1258", "tipo__sigla": "LEI", "tipo__descricao": "Lei Ordin\u00e1ria", "texto_integral": "http://sapl.sarandi.pr.leg.br/media/./sapl/public/normajuridica/2005/2042/2042_texto_integral.pdf", "ementa": "Autoriza o Chefe do Poder Executivo Municipal a abrir cr\u00e9dito adicional especial, na forma que especifica."}, {"id": "2041", "ano": "2005", "numero": "1257", "tipo__sigla": "LEI", "tipo__descricao": "Lei Ordin\u00e1ria", "texto_integral": "http://sapl.sarandi.pr.leg.br/media/sapl/public/normajuridica/2005/2041/lei_no_1257-2005_sapl.pdf", "ementa": "Disp\u00f5e sobre a altera\u00e7\u00e3o dos Artigos 1\u00b0 e 2\u00b0, da Lei n\u00b0 1216/2005 de 07/11/2005, na forma que especifica."}, {"id": "2040", "ano": "2005", "numero": "1256", "tipo__sigla": "LEI", "tipo__descricao": "Lei Ordin\u00e1ria", "texto_integral": "http://sapl.sarandi.pr.leg.br/media/sapl/public/normajuridica/2005/2040/lei_no_1256-2005_sapl.pdf", "ementa": "Autoriza o Munic\u00edpio de Sarandi, Estado do Paran\u00e1, a firmar Termo de Coopera\u00e7\u00e3o T\u00e9cnica e Financeira com a Associa\u00e7\u00e3o dos Agricultores de Sarandi \u2014 AAGRIS."}, {"id": "2039", "ano": "2005", "numero": "1255", "tipo__sigla": "LEI", "tipo__descricao": "Lei Ordin\u00e1ria", "texto_integral": "http://sapl.sarandi.pr.leg.br/media/sapl/public/normajuridica/2005/2039/lei_no_1255-2005_sapl.pdf", "ementa": "Disp\u00f5e sobre a altera\u00e7\u00e3o do Artigo 1\u00b0, da Lei n\u00b0 1146/2005 de 28/03/2005, na forma que especifica."}, {"id": "2038", "ano": "2005", "numero": "1254", "tipo__sigla": "LEI", "tipo__descricao": "Lei Ordin\u00e1ria", "texto_integral": "http://sapl.sarandi.pr.leg.br/media/./sapl/public/normajuridica/2005/2038/2038_texto_integral.pdf", "ementa": "Disp\u00f5e sobre a altera\u00e7\u00e3o do Artigo 10, da Lei n\u00b0 1143/2005 de 28/03/2005, na forma que especifica."}, {"id": "2037", "ano": "2005", "numero": "1253", "tipo__sigla": "LEI", "tipo__descricao": "Lei Ordin\u00e1ria", "texto_integral": "http://sapl.sarandi.pr.leg.br/media/sapl/public/normajuridica/2005/2037/lei_no_1253-2005_sapl.pdf", "ementa": "Autoriza o Chefe do Poder Executivo Municipal a abrir cr\u00e9dito adicional suplementar, na forma que especifica."}, {"id": "2036", "ano": "2005", "numero": "1252", "tipo__sigla": "LEI", "tipo__descricao": "Lei Ordin\u00e1ria", "texto_integral": "http://sapl.sarandi.pr.leg.br/media/sapl/public/normajuridica/2005/2036/lei_no_1252-2005_sapl.pdf", "ementa": "Autoriza o Poder Executivo Municipal a doar im\u00f3vel urbano \u00e0 FUNDEPAR, e d\u00e1 outras provid\u00eancias."}, {"id": "2035", "ano": "2005", "numero": "1251", "tipo__sigla": "LEI", "tipo__descricao": "Lei Ordin\u00e1ria", "texto_integral": "http://sapl.sarandi.pr.leg.br/media/sapl/public/normajuridica/2005/2035/lei_no_1251-2005_sapl.pdf", "ementa": "Da denomina\u00e7\u00e3o \u00e0 Rua 07, do Jardim Tropical."}, {"id": "2034", "ano": "2005", "numero": "1250", "tipo__sigla": "LEI", "tipo__descricao": "Lei Ordin\u00e1ria", "texto_integral": "http://sapl.sarandi.pr.leg.br/media/sapl/public/normajuridica/2005/2034/lei_no_1250-2005_sapl.pdf", "ementa": "Disp\u00f5e sobre a altera\u00e7\u00e3o nos dispositivos da Lei n\u00b01210/2005, e da outra provid\u00eancias."}, {"id": "2033", "ano": "2005", "numero": "1249", "tipo__sigla": "LEI", "tipo__descricao": "Lei Ordin\u00e1ria", "texto_integral": "http://sapl.sarandi.pr.leg.br/media/sapl/public/normajuridica/2005/2033/lei_no_1249-2005_sapl.pdf", "ementa": "Autoriza a altera\u00e7\u00e3o de ponto de taxi, e d\u00e1 outras provid\u00eancias."}, {"id": "2032", "ano": "2005", "numero": "1248", "tipo__sigla": "LEI", "tipo__descricao": "Lei Ordin\u00e1ria", "texto_integral": "http://sapl.sarandi.pr.leg.br/media/./sapl/public/normajuridica/2005/2032/2032_texto_integral.pdf", "ementa": "Autoriza a concess\u00e3o de abono salarial aos professores e especialistas de educa\u00e7\u00e3o da Rede P\u00fablica de Ensino do Munic\u00edpio de Sarandi, Estado do Paran\u00e1, e d\u00e1 outras provid\u00eancias."}, {"id": "2031", "ano": "2005", "numero": "1247", "tipo__sigla": "LEI", "tipo__descricao": "Lei Ordin\u00e1ria", "texto_integral": "http://sapl.sarandi.pr.leg.br/media/sapl/public/normajuridica/2005/2031/lei_no_1247-2005_sapl.pdf", "ementa": "Disp\u00f5e sabre a obrigatoriedade de apresentar c\u00f3pia da carteira de vacina\u00e7\u00e3o pelos estudantes ou respons\u00e1veis, no ato da matricula, em todas as escolas situadas no munic\u00edpio, inclusive as integrantes da rede estadual e privada, e d\u00e1 outras provid\u00eancias."}, {"id": "2030", "ano": "2005", "numero": "1246", "tipo__sigla": "LEI", "tipo__descricao": "Lei Ordin\u00e1ria", "texto_integral": "http://sapl.sarandi.pr.leg.br/media/sapl/public/normajuridica/2005/2030/lei_no_1246-2005_sapl.pdf", "ementa": "Autoriza o Munic\u00edpio de Sarandi, Estado do Paran\u00e1, a firmar Termo de Coopera\u00e7\u00e3o T\u00e9cnico e Financeiro com \u00e0 Associa\u00e7\u00e3o de Moradores e Amigos do Parque S\u00e3o Pedro."}, {"id": "2029", "ano": "2005", "numero": "1245", "tipo__sigla": "LEI", "tipo__descricao": "Lei Ordin\u00e1ria", "texto_integral": "http://sapl.sarandi.pr.leg.br/media/sapl/public/normajuridica/2005/2029/lei_no_1245-2005_sapl.pdf", "ementa": "Disp\u00f5e sobre a extin\u00e7\u00e3o de Ponto de Autom\u00f3veis de Aluguel, na forma que especifica."}, {"id": "2028", "ano": "2005", "numero": "1244", "tipo__sigla": "LEI", "tipo__descricao": "Lei Ordin\u00e1ria", "texto_integral": "http://sapl.sarandi.pr.leg.br/media/./sapl/public/normajuridica/2005/2028/2028_texto_integral.pdf", "ementa": "Disp\u00f5e sobre a cria\u00e7\u00e3o do Conselho Municipal dos Direitos da Pessoa com Defici\u00eancia e da outras provid\u00eancias."}, {"id": "2027", "ano": "2005", "numero": "1243", "tipo__sigla": "LEI", "tipo__descricao": "Lei Ordin\u00e1ria", "texto_integral": "http://sapl.sarandi.pr.leg.br/media/sapl/public/normajuridica/2005/2027/lei_no_1243-2005_sapl.pdf", "ementa": "Disp\u00f5e sobre a cria\u00e7\u00e3o do Conselho Municipal do Trabalho de Sarandi e d\u00e1 outras provid\u00eancias."}, {"id": "2026", "ano": "2005", "numero": "1242", "tipo__sigla": "LEI", "tipo__descricao": "Lei Ordin\u00e1ria", "texto_integral": "http://sapl.sarandi.pr.leg.br/media/sapl/public/normajuridica/2005/2026/lei_no_1242-2005_sapl.pdf", "ementa": "Autoriza o Poder Executivo Municipal a abrir Cr\u00e9dito Adicional Especial, na forma que especifica."}, {"id": "2025", "ano": "2005", "numero": "1241", "tipo__sigla": "LEI", "tipo__descricao": "Lei Ordin\u00e1ria", "texto_integral": "http://sapl.sarandi.pr.leg.br/media/./sapl/public/normajuridica/2005/2025/2025_texto_integral.pdf", "ementa": "Autoriza o Munic\u00edpio de Sarandi, Estado do Paran\u00e1, a cumprir disposi\u00e7\u00f5es da Emenda Constitucional 41/03 e d\u00e1 outras provid\u00eancias."}, {"id": "2024", "ano": "2005", "numero": "1240", "tipo__sigla": "LEI", "tipo__descricao": "Lei Ordin\u00e1ria", "texto_integral": "http://sapl.sarandi.pr.leg.br/media/./sapl/public/normajuridica/2005/2024/2024_texto_integral.pdf", "ementa": "Autoriza o Chefe do Poder Executivo Municipal a abrir cr\u00e9dito adicional suplementar na forma que especifica."}, {"id": "2023", "ano": "2005", "numero": "1239", "tipo__sigla": "LEI", "tipo__descricao": "Lei Ordin\u00e1ria", "texto_integral": "http://sapl.sarandi.pr.leg.br/media/./sapl/public/normajuridica/2005/2023/2023_texto_integral.pdf", "ementa": "Autoriza o Chefe do Poder Executivo Municipal a abrir cr\u00e9dito adicional suplementar, na forma que especifica."}, {"id": "2022", "ano": "2005", "numero": "1238", "tipo__sigla": "LEI", "tipo__descricao": "Lei Ordin\u00e1ria", "texto_integral": "http://sapl.sarandi.pr.leg.br/media/sapl/public/normajuridica/2005/2022/lei_no_1238-2005_sapl.pdf", "ementa": "Autoriza o Chefe do Poder Executivo Municipal a abrir cr\u00e9dito adicional suplementar, na forma que especifica."}, {"id": "2021", "ano": "2005", "numero": "1237", "tipo__sigla": "LEI", "tipo__descricao": "Lei Ordin\u00e1ria", "texto_integral": "http://sapl.sarandi.pr.leg.br/media/sapl/public/normajuridica/2005/2021/lei_no_1237-2005_sapl.pdf", "ementa": "Autoriza o munic\u00edpio de Sarandi, estado do Paran\u00e1, a firmar Conv\u00eanio de Coopera\u00e7\u00e3o Financeira com o Conselho de Seguran\u00e7a de Sarandi - CONSEG."}, {"id": "1632", "ano": "2005", "numero": "130", "tipo__sigla": "LC", "tipo__descricao": "Lei Complementar", "texto_integral": "http://sapl.sarandi.pr.leg.br/media/./sapl/public/normajuridica/2005/1632/1632_texto_integral.pdf", "ementa": "Disp\u00f5e sobre a altera\u00e7\u00e3o nos dispositivos da Lei Complementar n\u00ba 70/2001 e d\u00e1 outras provid\u00eancias."}, {"id": "1631", "ano": "2005", "numero": "129", "tipo__sigla": "LC", "tipo__descricao": "Lei Complementar", "texto_integral": "http://sapl.sarandi.pr.leg.br/media/./sapl/public/normajuridica/2005/1631/1631_texto_integral.pdf", "ementa": "Altera dispositivos contidos na Lei Complementar n\u00ba 70/2001 e d\u00e1 outras provid\u00eancias."}, {"id": "1630", "ano": "2005", "numero": "128", "tipo__sigla": "LC", "tipo__descricao": "Lei Complementar", "texto_integral": "http://sapl.sarandi.pr.leg.br/media/./sapl/public/normajuridica/2005/1630/1630_texto_integral.pdf", "ementa": "Altera dispositivos da Lei Complementar n\u00ba 4/92, que disp\u00f5e sobre o Parcelamento do Solo Urbano e d\u00e1 outras provid\u00eancias."}, {"id": "1629", "ano": "2005", "numero": "127", "tipo__sigla": "LC", "tipo__descricao": "Lei Complementar", "texto_integral": "http://sapl.sarandi.pr.leg.br/media/./sapl/public/normajuridica/2005/1629/1629_texto_integral.pdf", "ementa": "Disp\u00f5e sobre a altera\u00e7\u00e3o da Lei Complementar n\u00ba 70/2001 e d\u00e1 outras provid\u00eancias."}, {"id": "1628", "ano": "2005", "numero": "126", "tipo__sigla": "LC", "tipo__descricao": "Lei Complementar", "texto_integral": "http://sapl.sarandi.pr.leg.br/media/./sapl/public/normajuridica/2005/1628/1628_texto_integral.pdf", "ementa": "Disp\u00f5e sobre a altera\u00e7\u00e3o da Lei Complementar n\u00ba 115/2005, de 27/5/2005, e d\u00e1 outras provid\u00eancias."}, {"id": "1627", "ano": "2005", "numero": "125", "tipo__sigla": "LC", "tipo__descricao": "Lei Complementar", "texto_integral": "http://sapl.sarandi.pr.leg.br/media/./sapl/public/normajuridica/2005/1627/1627_texto_integral.pdf", "ementa": "Altera por prazo determinado a carga hor\u00e1ria dos cargos a seguir especificados, constantes do quadro de pessoal permanente, Anexo II da Lei Complementar n\u00ba 16/93, e suas altera\u00e7\u00f5es, e d\u00e1 outras provid\u00eancias."}, {"id": "1569", "ano": "2005", "numero": "7", "tipo__sigla": "DL", "tipo__descricao": "Decreto Legislativo", "texto_integral": "http://sapl.sarandi.pr.leg.br/media/./sapl/public/normajuridica/2005/1569/1569_texto_integral.pdf", "ementa": "Aprova as Contas do Poder Executivo, relativas ao Exerc\u00edcio Financeiro de 2001."}, {"id": "2020", "ano": "2005", "numero": "1236", "tipo__sigla": "LEI", "tipo__descricao": "Lei Ordin\u00e1ria", "texto_integral": "http://sapl.sarandi.pr.leg.br/media/sapl/public/normajuridica/2005/2020/lei_no_1236-2005_sapl.pdf", "ementa": "Estima a receita e fixa a despesa do munic\u00edpio para o exerc\u00edcio de 2006."}, {"id": "2019", "ano": "2005", "numero": "1235", "tipo__sigla": "LEI", "tipo__descricao": "Lei Ordin\u00e1ria", "texto_integral": "http://sapl.sarandi.pr.leg.br/media/./sapl/public/normajuridica/2005/2019/2019_texto_integral.pdf", "ementa": "Autoriza o Poder Executivo a ratificar a participa\u00e7\u00e3o do Munic\u00edpio de Sarandi, no Cons\u00f3rcio P\u00fablico Intermunicipal de Sa\u00fade do Setentri\u00e3o Paranaense -\r\nCISAMUSEP, bem como a adequar a execu\u00e7\u00e3o or\u00e7ament\u00e1ria ao novo regime jur\u00eddico adotado para Cons\u00f3rcios P\u00fablico, na forma e condi\u00e7\u00f5es previstas na Lei Federal n\u00b0 11.107/2.005, e d\u00e1 outras provid\u00eancias."}, {"id": "2018", "ano": "2005", "numero": "1234", "tipo__sigla": "LEI", "tipo__descricao": "Lei Ordin\u00e1ria", "texto_integral": "http://sapl.sarandi.pr.leg.br/media/sapl/public/normajuridica/2005/2018/lei_no_1234-2005_sapl.pdf", "ementa": "Autoriza o Poder Executivo Municipal a custear despesas para a realiza\u00e7\u00e3o de casamento comunit\u00e1rio, na forma que especifica."}, {"id": "2017", "ano": "2005", "numero": "1233", "tipo__sigla": "LEI", "tipo__descricao": "Lei Ordin\u00e1ria", "texto_integral": "http://sapl.sarandi.pr.leg.br/media/./sapl/public/normajuridica/2005/2017/2017_texto_integral.pdf", "ementa": "Autoriza o Chefe do Poder Executivo Municipal a abrir cr\u00e9dito adicional suplementar na forma que especifica."}, {"id": "2016", "ano": "2005", "numero": "1232", "tipo__sigla": "LEI", "tipo__descricao": "Lei Ordin\u00e1ria", "texto_integral": "http://sapl.sarandi.pr.leg.br/media/sapl/public/normajuridica/2005/2016/lei_no_1232-2005_sapl.pdf", "ementa": "Disp\u00f5e sobre a cria\u00e7\u00e3o da Unidade Fiscal Padr\u00e3o de Sarandi \u2014 UFPS e d\u00e1 outras provid\u00eancias."}, {"id": "2015", "ano": "2005", "numero": "1231", "tipo__sigla": "LEI", "tipo__descricao": "Lei Ordin\u00e1ria", "texto_integral": "http://sapl.sarandi.pr.leg.br/media/sapl/public/normajuridica/2005/2015/lei_no_1231-2005_sapl.pdf", "ementa": "Disp\u00f5e sobre autoriza\u00e7\u00e3o, especifica, para constru\u00e7\u00e3o e instala\u00e7\u00e3o de um posto de servi\u00e7os de ve\u00edculos."}, {"id": "2014", "ano": "2005", "numero": "1230", "tipo__sigla": "LEI", "tipo__descricao": "Lei Ordin\u00e1ria", "texto_integral": "http://sapl.sarandi.pr.leg.br/media/sapl/public/normajuridica/2005/2014/lei_no_1230-2005_sapl.pdf", "ementa": "Autoriza o Poder Executivo Municipal a desafetar do uso p\u00fablico parte das vias p\u00fablicas, e a doar \u00e1reas de terras na amplia\u00e7\u00e3o do 2\u00ba Parque Industrial, e d\u00e1 outras provid\u00eancias."}, {"id": "1626", "ano": "2005", "numero": "124", "tipo__sigla": "LC", "tipo__descricao": "Lei Complementar", "texto_integral": "http://sapl.sarandi.pr.leg.br/media/./sapl/public/normajuridica/2005/1626/1626_texto_integral.pdf", "ementa": "Cria vagas de Professor de Educa\u00e7\u00e3o Infantil de Cargos Efetivos, alterando a Lei Complementar n\u00ba 16/93 e suas altera\u00e7\u00f5es."}, {"id": "3187", "ano": "2005", "numero": "35", "tipo__sigla": "POR", "tipo__descricao": "Portaria", "texto_integral": "http://sapl.sarandi.pr.leg.br/media/./sapl/public/normajuridica/2005/3187/3187_texto_integral.pdf", "ementa": "CONCEDE PROGRESS\u00c3O FUNCIONAL, AO SERVIDOR FRANCISCO ADALBERTO DE SOUZA"}, {"id": "2013", "ano": "2005", "numero": "1229", "tipo__sigla": "LEI", "tipo__descricao": "Lei Ordin\u00e1ria", "texto_integral": "http://sapl.sarandi.pr.leg.br/media/sapl/public/normajuridica/2005/2013/lei_no_1229-2005_sapl.pdf", "ementa": "D\u00e1 denomina\u00e7\u00e3o \u00e0 Rua 08, nos Jardins Nova Independ\u00eancia 1\u00aa a Parte e 2\u00aa Parte, Social e Residencial S\u00e3o Jos\u00e9 I."}, {"id": "2012", "ano": "2005", "numero": "1228", "tipo__sigla": "LEI", "tipo__descricao": "Lei Ordin\u00e1ria", "texto_integral": "http://sapl.sarandi.pr.leg.br/media/sapl/public/normajuridica/2005/2012/lei_no_1228-2005_sapl.pdf", "ementa": "DA denomina\u00e7\u00e3o \u00e0 Rua 09, do Jardim Tropical."}, {"id": "2011", "ano": "2005", "numero": "1227", "tipo__sigla": "LEI", "tipo__descricao": "Lei Ordin\u00e1ria", "texto_integral": "http://sapl.sarandi.pr.leg.br/media/./sapl/public/normajuridica/2005/2011/2011_texto_integral.pdf", "ementa": "Disp\u00f5e sobre autoriza\u00e7\u00e3o ao Poder Executivo Municipal para celebrar conv\u00eanio com a Uni\u00e3o, por interm\u00e9dio do Minist\u00e9rio da Previd\u00eancia e Assist\u00eancia Social, por meio da Secretaria de Previd\u00eancia Social, com a interveni\u00eancia do INSS / Instituto Nacional do Seguro Social, na forma que especifica e d\u00e1 outras provid\u00eancias."}, {"id": "2010", "ano": "2005", "numero": "1226", "tipo__sigla": "LEI", "tipo__descricao": "Lei Ordin\u00e1ria", "texto_integral": "http://sapl.sarandi.pr.leg.br/media/sapl/public/normajuridica/2005/2010/lei_no_1226-2005_sapl.pdf", "ementa": "Autoriza o Chefe do Poder Executivo Municipal a abrir cr\u00e9dito adicional especial na forma que especifica."}, {"id": "2009", "ano": "2005", "numero": "1225", "tipo__sigla": "LEI", "tipo__descricao": "Lei Ordin\u00e1ria", "texto_integral": "http://sapl.sarandi.pr.leg.br/media/sapl/public/normajuridica/2005/2009/lei_no_1225-2005_sapl.pdf", "ementa": "Autoriza o Chefe do Poder Executivo Municipal a abrir cr\u00e9dito adicional especial na forma que especifica."}, {"id": "2008", "ano": "2005", "numero": "1224", "tipo__sigla": "LEI", "tipo__descricao": "Lei Ordin\u00e1ria", "texto_integral": "http://sapl.sarandi.pr.leg.br/media/sapl/public/normajuridica/2005/2008/lei_no_1224-2005_sapl.pdf", "ementa": "Autoriza o Chefe do Poder Executivo Municipal a abrir cr\u00e9dito adicional especial na forma que especifica."}, {"id": "2007", "ano": "2005", "numero": "1223", "tipo__sigla": "LEI", "tipo__descricao": "Lei Ordin\u00e1ria", "texto_integral": "http://sapl.sarandi.pr.leg.br/media/./sapl/public/normajuridica/2005/2007/2007_texto_integral.pdf", "ementa": "Autoriza o Chefe do Poder Executivo Municipal a abrir cr\u00e9dito adicional especial, na forma que especifica."}, {"id": "2006", "ano": "2005", "numero": "1222", "tipo__sigla": "LEI", "tipo__descricao": "Lei Ordin\u00e1ria", "texto_integral": "http://sapl.sarandi.pr.leg.br/media/sapl/public/normajuridica/2005/2006/lei_no_1222-2005_sapl.pdf", "ementa": "Autoriza o Chefe do Poder Executivo Municipal a abrir cr\u00e9dito adicional especial, na forma que especifica."}, {"id": "2005", "ano": "2005", "numero": "1221", "tipo__sigla": "LEI", "tipo__descricao": "Lei Ordin\u00e1ria", "texto_integral": "http://sapl.sarandi.pr.leg.br/media/sapl/public/normajuridica/2005/2005/lei_no_1221-2005_sapl.pdf", "ementa": "Autoriza o Chefe do Poder Executivo Municipal a abrir cr\u00e9dito adicional especial, na forma que especifica."}, {"id": "2004", "ano": "2005", "numero": "1220", "tipo__sigla": "LEI", "tipo__descricao": "Lei Ordin\u00e1ria", "texto_integral": "http://sapl.sarandi.pr.leg.br/media/./sapl/public/normajuridica/2005/2004/2004_texto_integral.pdf", "ementa": "Autoriza o Chefe do Poder Executivo Municipal a abrir cr\u00e9dito adicional especial na forma que especifica."}, {"id": "1625", "ano": "2005", "numero": "123", "tipo__sigla": "LC", "tipo__descricao": "Lei Complementar", "texto_integral": "http://sapl.sarandi.pr.leg.br/media/./sapl/public/normajuridica/2005/1625/1625_texto_integral.pdf", "ementa": "A Rua Jos\u00e9 Galindo Garcia, em toda a sua extens\u00e3o, passa a integrar o Eixo de Com\u00e9rcio e Servi\u00e7os-II."}, {"id": "2003", "ano": "2005", "numero": "1219", "tipo__sigla": "LEI", "tipo__descricao": "Lei Ordin\u00e1ria", "texto_integral": "http://sapl.sarandi.pr.leg.br/media/sapl/public/normajuridica/2005/2003/lei_no_1219-2005_sapl.pdf", "ementa": "Autoriza o Poder Executivo Municipal a repassar verba para a Associa\u00e7\u00e3o Comercial, Industrial e de Servi\u00e7os de Sarandi - ACIS, na forma que especifica."}, {"id": "2002", "ano": "2005", "numero": "1218", "tipo__sigla": "LEI", "tipo__descricao": "Lei Ordin\u00e1ria", "texto_integral": "http://sapl.sarandi.pr.leg.br/media/./sapl/public/normajuridica/2005/2002/2002_texto_integral.pdf", "ementa": "Autoriza o Poder Executivo Municipal a contratar opera\u00e7\u00e3o de cr\u00e9dito com o Banco Nacional de Desenvolvimento Econ\u00f4mico e Social - BNDES, e d\u00e1 outras provid\u00eancias."}, {"id": "2001", "ano": "2005", "numero": "1217", "tipo__sigla": "LEI", "tipo__descricao": "Lei Ordin\u00e1ria", "texto_integral": "http://sapl.sarandi.pr.leg.br/media/sapl/public/normajuridica/2005/2001/lei_no_1217-2005_sapl.pdf", "ementa": "Autoriza o Chefe do Poder Executivo Municipal a abrir cr\u00e9dito adicional especial, na forma que especifica."}, {"id": "2000", "ano": "2005", "numero": "1216", "tipo__sigla": "LEI", "tipo__descricao": "Lei Ordin\u00e1ria", "texto_integral": "http://sapl.sarandi.pr.leg.br/media/./sapl/public/normajuridica/2005/2000/2000_texto_integral.pdf", "ementa": "Autoriza o Chefe do Poder Executivo Municipal a abrir cr\u00e9dito adicional especial suplementar, na forma que especifica."}, {"id": "1999", "ano": "2005", "numero": "1215", "tipo__sigla": "LEI", "tipo__descricao": "Lei Ordin\u00e1ria", "texto_integral": "http://sapl.sarandi.pr.leg.br/media/sapl/public/normajuridica/2005/1999/lei_no_1215-2005_sapl.pdf", "ementa": "Autoriza o Chefe do Poder Executivo Municipal a abrir cr\u00e9dito adicional especial suplementar, na forma que especifica."}, {"id": "1998", "ano": "2005", "numero": "1214", "tipo__sigla": "LEI", "tipo__descricao": "Lei Ordin\u00e1ria", "texto_integral": "http://sapl.sarandi.pr.leg.br/media/sapl/public/normajuridica/2005/1998/lei_no_1214-2005_sapl.pdf", "ementa": "Autoriza o Chefe do Poder Executivo Municipal a abrir cr\u00e9dito adicional suplementar, na forma que especifica."}, {"id": "1997", "ano": "2005", "numero": "1213", "tipo__sigla": "LEI", "tipo__descricao": "Lei Ordin\u00e1ria", "texto_integral": "http://sapl.sarandi.pr.leg.br/media/sapl/public/normajuridica/2005/1997/lei_no_1213-2005_sapl.pdf", "ementa": "Autoriza o Chefe do Poder Executivo Municipal a abrir cr\u00e9dito adicional suplementar, na forma que especifica."}, {"id": "1624", "ano": "2005", "numero": "122", "tipo__sigla": "LC", "tipo__descricao": "Lei Complementar", "texto_integral": "http://sapl.sarandi.pr.leg.br/media/./sapl/public/normajuridica/2005/1624/1624_texto_integral.pdf", "ementa": "Cria vagas de Professor de Educa\u00e7\u00e3o F\u00edsica de cargos efetivos alterando a Lei Complementar n\u00ba 16/93, a Lei Complementar n\u00ba 53/98 e suas altera\u00e7\u00f5es."}, {"id": "1996", "ano": "2005", "numero": "1212", "tipo__sigla": "LEI", "tipo__descricao": "Lei Ordin\u00e1ria", "texto_integral": "http://sapl.sarandi.pr.leg.br/media/sapl/public/normajuridica/2005/1996/lei_no_1212-2005_sapl.pdf", "ementa": "Autoriza a coloca\u00e7\u00e3o de redutores de velocidade em pontos definidos como especiais em par\u00e1grafo \u00fanico do art. 94, do C\u00f3digo de Tr\u00e2nsito Nacional, e d\u00e1 outras provid\u00eancias."}, {"id": "1995", "ano": "2005", "numero": "1211", "tipo__sigla": "LEI", "tipo__descricao": "Lei Ordin\u00e1ria", "texto_integral": "http://sapl.sarandi.pr.leg.br/media/sapl/public/normajuridica/2005/1995/lei_no_1211-2005_sapl.pdf", "ementa": "Institui o Dia da B\u00edblia em Sarandi e d\u00e1 outras provid\u00eancias."}, {"id": "4654", "ano": "2005", "numero": "4", "tipo__sigla": "ATM", "tipo__descricao": "Ato da Mesa", "texto_integral": "http://sapl.sarandi.pr.leg.br/media/sapl/public/normajuridica/2005/4654/ato_da_mesa_no_004-2005.pdf", "ementa": "Declara Suspens\u00e3o de efic\u00e1cia da Lei Municipal n\u00ba 1110/2024, de 02 de setembro de 2004."}, {"id": "4653", "ano": "2005", "numero": "3", "tipo__sigla": "ATM", "tipo__descricao": "Ato da Mesa", "texto_integral": "http://sapl.sarandi.pr.leg.br/media/", "ementa": "Declara suspens\u00e3o de efic\u00e1cia a Lei Municipal n\u00ba 1088/2003, de 18 de mar\u00e7o de 2004."}, {"id": "1994", "ano": "2005", "numero": "1210", "tipo__sigla": "LEI", "tipo__descricao": "Lei Ordin\u00e1ria", "texto_integral": "http://sapl.sarandi.pr.leg.br/media/./sapl/public/normajuridica/2005/1994/1994_texto_integral.pdf", "ementa": "Autoriza o Poder Executivo Municipal a desafetar e permutar parte da rua n\u00ba 31, situada no Parque Residencial Bom Pastor, e d\u00e1 outras provid\u00eancias."}, {"id": "1993", "ano": "2005", "numero": "1209", "tipo__sigla": "LEI", "tipo__descricao": "Lei Ordin\u00e1ria", "texto_integral": "http://sapl.sarandi.pr.leg.br/media/sapl/public/normajuridica/2005/1993/lei_no_1209-2005_sapl.pdf", "ementa": "Autoriza o Chefe do Poder Executivo Municipal a promover Acordo Judicial nos autos de Desapropria\u00e7\u00e3o n\u00ba 307/88, e d\u00e1 outras provid\u00eancias."}, {"id": "1992", "ano": "2005", "numero": "1208", "tipo__sigla": "LEI", "tipo__descricao": "Lei Ordin\u00e1ria", "texto_integral": "http://sapl.sarandi.pr.leg.br/media/sapl/public/normajuridica/2005/1992/lei_no_1208-2005_sapl.pdf", "ementa": "Autoriza o Chefe do Poder Executivo Municipal a abrir cr\u00e9dito adicional suplementar, na forma que especifica."}, {"id": "1991", "ano": "2005", "numero": "1207", "tipo__sigla": "LEI", "tipo__descricao": "Lei Ordin\u00e1ria", "texto_integral": "http://sapl.sarandi.pr.leg.br/media/./sapl/public/normajuridica/2005/1991/1991_texto_integral.pdf", "ementa": "Inclui \u00e1rea de terras no per\u00edmetro urbano, para fins de parcelamento do solo e d\u00e1 outras provid\u00eancias."}, {"id": "1990", "ano": "2005", "numero": "1206", "tipo__sigla": "LEI", "tipo__descricao": "Lei Ordin\u00e1ria", "texto_integral": "http://sapl.sarandi.pr.leg.br/media/sapl/public/normajuridica/2005/1990/lei_no_1206-2005_sapl.pdf", "ementa": "Autoriza o Chefe do Poder Executivo Municipal a abrir cr\u00e9dito adicional especial, na forma que especifica."}, {"id": "1989", "ano": "2005", "numero": "1205", "tipo__sigla": "LEI", "tipo__descricao": "Lei Ordin\u00e1ria", "texto_integral": "http://sapl.sarandi.pr.leg.br/media/./sapl/public/normajuridica/2005/1989/1989_texto_integral.pdf", "ementa": "Autoriza o Chefe do Poder Executivo Municipal a abrir cr\u00e9dito adicional especial, na forma que especifica."}, {"id": "1988", "ano": "2005", "numero": "1204", "tipo__sigla": "LEI", "tipo__descricao": "Lei Ordin\u00e1ria", "texto_integral": "http://sapl.sarandi.pr.leg.br/media/./sapl/public/normajuridica/2005/1988/1988_texto_integral.pdf", "ementa": "Autoriza o Chefe do Poder Executivo Municipal a abrir cr\u00e9dito adicional especial, na forma que especifica."}, {"id": "1987", "ano": "2005", "numero": "1203", "tipo__sigla": "LEI", "tipo__descricao": "Lei Ordin\u00e1ria", "texto_integral": "http://sapl.sarandi.pr.leg.br/media/sapl/public/normajuridica/2005/1987/lei_no_1203-2005_sapl.pdf", "ementa": "Autoriza o Chefe do Poder Executivo Municipal a abrir cr\u00e9dito adicional especial, na forma que especifica."}, {"id": "1986", "ano": "2005", "numero": "1202", "tipo__sigla": "LEI", "tipo__descricao": "Lei Ordin\u00e1ria", "texto_integral": "http://sapl.sarandi.pr.leg.br/media/sapl/public/normajuridica/2005/1986/lei_no_1202-2005_sapl.pdf", "ementa": "Autoriza o Chefe do Poder Executivo Municipal a abrir cr\u00e9dito adicional suplementar, na forma que especifica."}, {"id": "1985", "ano": "2005", "numero": "1201", "tipo__sigla": "LEI", "tipo__descricao": "Lei Ordin\u00e1ria", "texto_integral": "http://sapl.sarandi.pr.leg.br/media/./sapl/public/normajuridica/2005/1985/1985_texto_integral.pdf", "ementa": "Autoriza o Chefe do Poder Executivo Municipal a abrir cr\u00e9dito adicional suplementar, na forma que especifica."}, {"id": "1984", "ano": "2005", "numero": "1200", "tipo__sigla": "LEI", "tipo__descricao": "Lei Ordin\u00e1ria", "texto_integral": "http://sapl.sarandi.pr.leg.br/media/sapl/public/normajuridica/2005/1984/lei_no_1200-2005_sapl.pdf", "ementa": "Autoriza o Chefe do Poder Executivo Municipal a abrir cr\u00e9dito adicional suplementar, na forma que especifica."}, {"id": "3180", "ano": "2005", "numero": "34", "tipo__sigla": "POR", "tipo__descricao": "Portaria", "texto_integral": "http://sapl.sarandi.pr.leg.br/media/./sapl/public/normajuridica/2005/3180/3180_texto_integral.pdf", "ementa": "AUTORIZA A COMISS\u00c3O DE LICITA\u00c7\u00c3O DA PREFEITURA PARA 2005, A PROCEDEREM OS ATOS LICITAT\u00d3RIOS DA EDIFICA\u00c7\u00c3O DA C\u00c2MARA MUNICIPAL"}, {"id": "3220", "ano": "2005", "numero": "407", "tipo__sigla": "POR", "tipo__descricao": "Portaria", "texto_integral": "http://sapl.sarandi.pr.leg.br/media/./sapl/public/normajuridica/2005/3220/3220_texto_integral.pdf", "ementa": "DESIGNA A COMISS\u00c3O DE LICITA\u00c7\u00c3O DA PREFEITURA PARA 2005, A PROCEDEREM OS ATOS LICITAT\u00d3RIOS DA EDIFICA\u00c7\u00c3O DA C\u00c2MARA MUNICIPAL"}, {"id": "1983", "ano": "2005", "numero": "1199", "tipo__sigla": "LEI", "tipo__descricao": "Lei Ordin\u00e1ria", "texto_integral": "http://sapl.sarandi.pr.leg.br/media/./sapl/public/normajuridica/2005/1983/1983_texto_integral.pdf", "ementa": "Disp\u00f5e sobre o Plano Plurianual para o quadri\u00eanio de 2006/2009 e d\u00e1 outras provid\u00eancias."}, {"id": "1982", "ano": "2005", "numero": "1198", "tipo__sigla": "LEI", "tipo__descricao": "Lei Ordin\u00e1ria", "texto_integral": "http://sapl.sarandi.pr.leg.br/media/sapl/public/normajuridica/2005/1982/lei_no_1198-2005_sapl.pdf", "ementa": "Autoriza o Poder Executivo Municipal a conceder vale transporte para os servidores municipais."}, {"id": "1981", "ano": "2005", "numero": "1197", "tipo__sigla": "LEI", "tipo__descricao": "Lei Ordin\u00e1ria", "texto_integral": "http://sapl.sarandi.pr.leg.br/media/./sapl/public/normajuridica/2005/1981/1981_texto_integral.pdf", "ementa": "Concede t\u00edtulo de cidad\u00e3o benem\u00e9rito ao Padre Jo\u00e3o Caruana, na forma que especifica."}, {"id": "1980", "ano": "2005", "numero": "1196", "tipo__sigla": "LEI", "tipo__descricao": "Lei Ordin\u00e1ria", "texto_integral": "http://sapl.sarandi.pr.leg.br/media/sapl/public/normajuridica/2005/1980/lei_no_1196-2005_sapl.pdf", "ementa": "Autoriza o munic\u00edpio de Sarandi, estado do Paran\u00e1, a firmar Termo de Coopera\u00e7\u00e3o T\u00e9cnica e Financeira com a Associa\u00e7\u00e3o de Prote\u00e7\u00e3o \u00e0 Maternidade e \u00e0 Inf\u00e2ncia - APMI."}, {"id": "1979", "ano": "2005", "numero": "1195", "tipo__sigla": "LEI", "tipo__descricao": "Lei Ordin\u00e1ria", "texto_integral": "http://sapl.sarandi.pr.leg.br/media/sapl/public/normajuridica/2005/1979/lei_no_1195-2005_sapl.pdf", "ementa": "Autoriza o Chefe do Poder Executivo Municipal a promover Acordo Judicial nos autos n\u00ba 006/2003, e d\u00e1 outras provid\u00eancias."}, {"id": "1978", "ano": "2005", "numero": "1194", "tipo__sigla": "LEI", "tipo__descricao": "Lei Ordin\u00e1ria", "texto_integral": "http://sapl.sarandi.pr.leg.br/media/sapl/public/normajuridica/2005/1978/lei_no_1194-2005_sapl.pdf", "ementa": "Desafeta do uso p\u00fablico \u00e1reas de terras do loteamento Ch\u00e1caras Aeroporto."}, {"id": "1977", "ano": "2005", "numero": "1193", "tipo__sigla": "LEI", "tipo__descricao": "Lei Ordin\u00e1ria", "texto_integral": "http://sapl.sarandi.pr.leg.br/media/sapl/public/normajuridica/2005/1977/lei_no_1193-2005_sapl.pdf", "ementa": "Autoriza o Chefe do Poder Executivo Municipal a abrir cr\u00e9dito adicional suplementar, na forma que especifica."}, {"id": "1976", "ano": "2005", "numero": "1192", "tipo__sigla": "LEI", "tipo__descricao": "Lei Ordin\u00e1ria", "texto_integral": "http://sapl.sarandi.pr.leg.br/media/sapl/public/normajuridica/2005/1976/lei_no_1192-2005_sapl.pdf", "ementa": "Autoriza o Chefe do Poder Executivo Municipal a abrir cr\u00e9dito adicional suplementar, na forma que especifica."}, {"id": "1623", "ano": "2005", "numero": "121", "tipo__sigla": "LC", "tipo__descricao": "Lei Complementar", "texto_integral": "http://sapl.sarandi.pr.leg.br/media/./sapl/public/normajuridica/2005/1623/1623_texto_integral.pdf", "ementa": "Prorroga a vig\u00eancia do Programa de Recupera\u00e7\u00e3o Fiscal de Sarandi - REFIS MUNICIPAL."}, {"id": "1975", "ano": "2005", "numero": "1191", "tipo__sigla": "LEI", "tipo__descricao": "Lei Ordin\u00e1ria", "texto_integral": "http://sapl.sarandi.pr.leg.br/media/./sapl/public/normajuridica/2005/1975/1975_texto_integral.pdf", "ementa": "Disp\u00f5e sobre a coloca\u00e7\u00e3o de cont\u00eaineres como dep\u00f3sito tempor\u00e1rio de lixos e entulhos de constru\u00e7\u00e3o e de reformas e d\u00e1 outras provid\u00eancias."}, {"id": "1974", "ano": "2005", "numero": "1190", "tipo__sigla": "LEI", "tipo__descricao": "Lei Ordin\u00e1ria", "texto_integral": "http://sapl.sarandi.pr.leg.br/media/sapl/public/normajuridica/2005/1974/lei_no_1190-2005_sapl.pdf", "ementa": "Reconhece e declara de utilidade p\u00fablica Associa\u00e7\u00e3o de Pais, Mestres e Funcion\u00e1rios do Col\u00e9gio Estadual Helena Kolody."}, {"id": "1973", "ano": "2005", "numero": "1189", "tipo__sigla": "LEI", "tipo__descricao": "Lei Ordin\u00e1ria", "texto_integral": "http://sapl.sarandi.pr.leg.br/media/sapl/public/normajuridica/2005/1973/lei_no_1189-2005_sapl.pdf", "ementa": "Institui oficialmente o Dia do Festival Regional de Folia dos Reis, no munic\u00edpio de Sarandi."}, {"id": "1972", "ano": "2005", "numero": "1188", "tipo__sigla": "LEI", "tipo__descricao": "Lei Ordin\u00e1ria", "texto_integral": "http://sapl.sarandi.pr.leg.br/media/./sapl/public/normajuridica/2005/1972/1972_texto_integral.pdf", "ementa": "Disp\u00f5e sobre a denomina\u00e7\u00e3o do Centro Profissionalizante, na forma que especifica."}, {"id": "1971", "ano": "2005", "numero": "1187", "tipo__sigla": "LEI", "tipo__descricao": "Lei Ordin\u00e1ria", "texto_integral": "http://sapl.sarandi.pr.leg.br/media/sapl/public/normajuridica/2005/1971/lei_no_1187-2005_sapl.pdf", "ementa": "Disp\u00f5e sobre a denomina\u00e7\u00e3o de Centro de Atendimento \u00e0 Crian\u00e7a e ao Adolescente, na forma que especifica."}, {"id": "1622", "ano": "2005", "numero": "120", "tipo__sigla": "LC", "tipo__descricao": "Lei Complementar", "texto_integral": "http://sapl.sarandi.pr.leg.br/media/./sapl/public/normajuridica/2005/1622/1622_texto_integral.pdf", "ementa": "Altera dispositivo da Lei Complementar n\u00ba 70/2001, que disp\u00f5e sobre o Sistema Tribut\u00e1rio do Munic\u00edpio de Sarandi, Estado do Paran\u00e1."}, {"id": "1970", "ano": "2005", "numero": "1186", "tipo__sigla": "LEI", "tipo__descricao": "Lei Ordin\u00e1ria", "texto_integral": "http://sapl.sarandi.pr.leg.br/media/./sapl/public/normajuridica/2005/1970/1970_texto_integral.pdf", "ementa": "Autoriza o Chefe do Executivo a contratar Opera\u00e7\u00e3o de Cr\u00e9dito com a Ag\u00eancia de Fomento do Paran\u00e1 S.A."}, {"id": "1969", "ano": "2005", "numero": "1185", "tipo__sigla": "LEI", "tipo__descricao": "Lei Ordin\u00e1ria", "texto_integral": "http://sapl.sarandi.pr.leg.br/media/./sapl/public/normajuridica/2005/1969/1969_texto_integral.pdf", "ementa": "Altera dispositivos da Lei Municipal n\u00ba 915/2001, que cria o Fundo Rotativo das Escolas Municipais e dos Centros de Educa\u00e7\u00e3o Infantil, j\u00e1 alterado pela Lei n\u00ba 1138/2005, de 14 de mar\u00e7o de 2005, na forma que especifica."}, {"id": "1968", "ano": "2005", "numero": "1184", "tipo__sigla": "LEI", "tipo__descricao": "Lei Ordin\u00e1ria", "texto_integral": "http://sapl.sarandi.pr.leg.br/media/sapl/public/normajuridica/2005/1968/lei_no_1184-2005_sapl.pdf", "ementa": "Autoriza o Chefe do Poder Executivo Municipal a abrir cr\u00e9dito adicional especial, na forma que especifica."}, {"id": "1967", "ano": "2005", "numero": "1183", "tipo__sigla": "LEI", "tipo__descricao": "Lei Ordin\u00e1ria", "texto_integral": "http://sapl.sarandi.pr.leg.br/media/sapl/public/normajuridica/2005/1967/lei_no_1183-2005_sapl.pdf", "ementa": "Autoriza o Chefe do Poder Executivo Municipal a abrir cr\u00e9dito adicional suplementar, na forma que especifica."}, {"id": "1966", "ano": "2005", "numero": "1182", "tipo__sigla": "LEI", "tipo__descricao": "Lei Ordin\u00e1ria", "texto_integral": "http://sapl.sarandi.pr.leg.br/media/sapl/public/normajuridica/2005/1966/lei_no_1182-2005_sapl.pdf", "ementa": "Estabelece normas de procedimento de tr\u00e2nsito, Institui a Junta Administrativa de Recursos de Infra\u00e7\u00f5es - JARI e Cria a Diretoria Executiva de Tr\u00e2nsito e o Fundo Municipal de Tr\u00e2nsito no munic\u00edpio de Sarandi e d\u00e1 outras provid\u00eancias."}, {"id": "1965", "ano": "2005", "numero": "1181", "tipo__sigla": "LEI", "tipo__descricao": "Lei Ordin\u00e1ria", "texto_integral": "http://sapl.sarandi.pr.leg.br/media/sapl/public/normajuridica/2005/1965/lei_no_1181-2005_sapl.pdf", "ementa": "Autoriza o Chefe do Poder Executivo Municipal a abrir cr\u00e9dito adicional suplementar, na forma que especifica."}, {"id": "1964", "ano": "2005", "numero": "1180", "tipo__sigla": "LEI", "tipo__descricao": "Lei Ordin\u00e1ria", "texto_integral": "http://sapl.sarandi.pr.leg.br/media/sapl/public/normajuridica/2005/1964/lei_no_1180-2005_sapl.pdf", "ementa": "Autoriza o Chefe do Poder Executivo Municipal a abrir cr\u00e9dito adicional suplementar, na forma que especifica."}, {"id": "1963", "ano": "2005", "numero": "1179", "tipo__sigla": "LEI", "tipo__descricao": "Lei Ordin\u00e1ria", "texto_integral": "http://sapl.sarandi.pr.leg.br/media/sapl/public/normajuridica/2005/1963/lei_no_1179-2005_sapl.pdf", "ementa": "Autoriza o Poder Executivo Municipal a abrir cr\u00e9dito adicional especial, na forma que especifica."}, {"id": "1621", "ano": "2005", "numero": "119", "tipo__sigla": "LC", "tipo__descricao": "Lei Complementar", "texto_integral": "http://sapl.sarandi.pr.leg.br/media/./sapl/public/normajuridica/2005/1621/1621_texto_integral.pdf", "ementa": "Autoriza o Poder Executivo Municipal a efetivar contrata\u00e7\u00e3o tempor\u00e1ria de excepcional interesse p\u00fablico, e d\u00e1 outras provid\u00eancias."}, {"id": "1620", "ano": "2005", "numero": "118", "tipo__sigla": "LC", "tipo__descricao": "Lei Complementar", "texto_integral": "http://sapl.sarandi.pr.leg.br/media/./sapl/public/normajuridica/2005/1620/1620_texto_integral.pdf", "ementa": "Autoriza o Poder Executivo Municipal a efetivar contrata\u00e7\u00e3o tempor\u00e1ria de excepcional interesse p\u00fablico, e d\u00e1 outras provid\u00eancias."}, {"id": "1962", "ano": "2005", "numero": "1178", "tipo__sigla": "LEI", "tipo__descricao": "Lei Ordin\u00e1ria", "texto_integral": "http://sapl.sarandi.pr.leg.br/media/sapl/public/normajuridica/2005/1962/lei_no_1178-2005_sapl.pdf", "ementa": "Revoga a Lei Municipal n\u00b0 751/98, de 10.03.1998."}, {"id": "1564", "ano": "2005", "numero": "6", "tipo__sigla": "DL", "tipo__descricao": "Decreto Legislativo", "texto_integral": "http://sapl.sarandi.pr.leg.br/media/./sapl/public/normajuridica/2005/1564/1564_texto_integral.pdf", "ementa": "Concede Titulo de Benemer\u00eancia ao Senhor Jorge Roberto Pacifico."}, {"id": "1961", "ano": "2005", "numero": "1177", "tipo__sigla": "LEI", "tipo__descricao": "Lei Ordin\u00e1ria", "texto_integral": "http://sapl.sarandi.pr.leg.br/media/sapl/public/normajuridica/2005/1961/lei_no_1177-2005_sapl.pdf", "ementa": "Autoriza o Poder Executivo Municipal a abrir cr\u00e9dito adicional especial, na forma que especifica."}, {"id": "1960", "ano": "2005", "numero": "1176", "tipo__sigla": "LEI", "tipo__descricao": "Lei Ordin\u00e1ria", "texto_integral": "http://sapl.sarandi.pr.leg.br/media/sapl/public/normajuridica/2005/1960/lei_no_1176-2005_sapl.pdf", "ementa": "Autoriza o Poder Executivo Municipal a abrir cr\u00e9dito adicional especial, na forma que especifica."}, {"id": "1959", "ano": "2005", "numero": "1175", "tipo__sigla": "LEI", "tipo__descricao": "Lei Ordin\u00e1ria", "texto_integral": "http://sapl.sarandi.pr.leg.br/media/sapl/public/normajuridica/2005/1959/lei_no_1175-2005_sapl.pdf", "ementa": "Autoriza o Poder Executivo Municipal a abrir cr\u00e9dito adicional especial, na forma que especifica."}, {"id": "1958", "ano": "2005", "numero": "1174", "tipo__sigla": "LEI", "tipo__descricao": "Lei Ordin\u00e1ria", "texto_integral": "http://sapl.sarandi.pr.leg.br/media/./sapl/public/normajuridica/2005/1958/1958_texto_integral.pdf", "ementa": "Estabelece Normas de Procedimento de Tr\u00e2nsito, Institui a Junta Administrativa de Recursos de Infra\u00e7\u00f5es - JARI e Cria a Diretoria Executiva de Tr\u00e2nsito e o Fundo Municipal de Tr\u00e2nsito no Munic\u00edpio de Sarandi e d\u00e1 outras provid\u00eancias."}, {"id": "1619", "ano": "2005", "numero": "117", "tipo__sigla": "LC", "tipo__descricao": "Lei Complementar", "texto_integral": "http://sapl.sarandi.pr.leg.br/media/./sapl/public/normajuridica/2005/1619/1619_texto_integral.pdf", "ementa": "Autoriza o Poder Executivo Municipal a admitir pessoal por prazo determinado para a implanta\u00e7\u00e3o do Programa Farm\u00e1cia Popular, nos termos do inciso IX do art. 37 da Constitui\u00e7\u00e3o Federal, a manter o Programa Farm\u00e1cia Popular e d\u00e1 outras provid\u00eancias."}, {"id": "3173", "ano": "2005", "numero": "33", "tipo__sigla": "POR", "tipo__descricao": "Portaria", "texto_integral": "http://sapl.sarandi.pr.leg.br/media/./sapl/public/normajuridica/2005/3173/3173_texto_integral.pdf", "ementa": "COMUNICA F\u00c9RIAS COLETIVAS DE 11 A 24 DE JULHO DE 2005"}, {"id": "1957", "ano": "2005", "numero": "1173", "tipo__sigla": "LEI", "tipo__descricao": "Lei Ordin\u00e1ria", "texto_integral": "http://sapl.sarandi.pr.leg.br/media/./sapl/public/normajuridica/2005/1957/1957_texto_integral.pdf", "ementa": "Disp\u00f5e sobre as diretrizes para elabora\u00e7\u00e3o da Lei Or\u00e7ament\u00e1ria para o exerc\u00edcio de 2006, e d\u00e1 outras providencias."}, {"id": "1956", "ano": "2005", "numero": "1172", "tipo__sigla": "LEI", "tipo__descricao": "Lei Ordin\u00e1ria", "texto_integral": "http://sapl.sarandi.pr.leg.br/media/sapl/public/normajuridica/2005/1956/lei_no_1172-2005_sapl.pdf", "ementa": "Autoriza a concess\u00e3o de direito real de uso de im\u00f3vel da municipalidade, na forma que especifica."}, {"id": "1955", "ano": "2005", "numero": "1171", "tipo__sigla": "LEI", "tipo__descricao": "Lei Ordin\u00e1ria", "texto_integral": "http://sapl.sarandi.pr.leg.br/media/sapl/public/normajuridica/2005/1955/lei_no_1171-2005_sapl.pdf", "ementa": "Autoriza o Poder Executivo Municipal a abrir cr\u00e9dito adicional especial, na forma que especifica."}, {"id": "1954", "ano": "2005", "numero": "1170", "tipo__sigla": "LEI", "tipo__descricao": "Lei Ordin\u00e1ria", "texto_integral": "http://sapl.sarandi.pr.leg.br/media/sapl/public/normajuridica/2005/1954/lei_no_1170-2005_sapl.pdf", "ementa": "Autoriza o Poder Executivo Municipal a abrir cr\u00e9dito adicional especial, na forma que especifica."}, {"id": "1953", "ano": "2005", "numero": "1169", "tipo__sigla": "LEI", "tipo__descricao": "Lei Ordin\u00e1ria", "texto_integral": "http://sapl.sarandi.pr.leg.br/media/./sapl/public/normajuridica/2005/1953/1953_texto_integral.pdf", "ementa": "Autoriza o Poder Executivo Municipal a abrir cr\u00e9dito adicional especial, na forma que especifica."}, {"id": "1952", "ano": "2005", "numero": "1168", "tipo__sigla": "LEI", "tipo__descricao": "Lei Ordin\u00e1ria", "texto_integral": "http://sapl.sarandi.pr.leg.br/media/./sapl/public/normajuridica/2005/1952/1952_texto_integral.pdf", "ementa": "Autoriza o Poder Executivo Municipal a abrir cr\u00e9dito adicional especial, na forma que especifica."}, {"id": "1951", "ano": "2005", "numero": "1167", "tipo__sigla": "LEI", "tipo__descricao": "Lei Ordin\u00e1ria", "texto_integral": "http://sapl.sarandi.pr.leg.br/media/./sapl/public/normajuridica/2005/1951/1951_texto_integral.pdf", "ementa": "Autoriza o Executivo Municipal a desafetar \u00e1rea de terras urbana e conceder direito real de uso, na forma que especifica."}, {"id": "1950", "ano": "2005", "numero": "1166", "tipo__sigla": "LEI", "tipo__descricao": "Lei Ordin\u00e1ria", "texto_integral": "http://sapl.sarandi.pr.leg.br/media/sapl/public/normajuridica/2005/1950/lei_no_1166-2005_sapl.pdf", "ementa": "Autoriza o Chefe do Poder Executivo Municipal a abrir cr\u00e9dito adicional especial no or\u00e7amento vigente, na forma que especifica."}, {"id": "1949", "ano": "2005", "numero": "1165", "tipo__sigla": "LEI", "tipo__descricao": "Lei Ordin\u00e1ria", "texto_integral": "http://sapl.sarandi.pr.leg.br/media/sapl/public/normajuridica/2005/1949/lei_no_1165-2005_sapl.pdf", "ementa": "Reconhece e declara de utilidade p\u00fablica Associa\u00e7\u00e3o de Moradores e Amigos do Parque Residencial Bom Pastor."}, {"id": "1948", "ano": "2005", "numero": "1164", "tipo__sigla": "LEI", "tipo__descricao": "Lei Ordin\u00e1ria", "texto_integral": "http://sapl.sarandi.pr.leg.br/media/sapl/public/normajuridica/2005/1948/lei_no_1164-2005_sapl.pdf", "ementa": "Disp\u00f5e sobre a altera\u00e7\u00e3o do feriado de Anivers\u00e1rio do Munic\u00edpio, na forma que especifica."}, {"id": "1947", "ano": "2005", "numero": "1163", "tipo__sigla": "LEI", "tipo__descricao": "Lei Ordin\u00e1ria", "texto_integral": "http://sapl.sarandi.pr.leg.br/media/sapl/public/normajuridica/2005/1947/lei_no_1163-2005_sapl.pdf", "ementa": "Autoriza o Poder Executivo Municipal a doar im\u00f3vel urbano \u00e0 FUNDEPAR, e da outras provid\u00eancias."}, {"id": "1946", "ano": "2005", "numero": "1162", "tipo__sigla": "LEI", "tipo__descricao": "Lei Ordin\u00e1ria", "texto_integral": "http://sapl.sarandi.pr.leg.br/media/sapl/public/normajuridica/2005/1946/lei_no_1162-2005_sapl.pdf", "ementa": "Autoriza, excepcionalmente, o Poder Executivo Municipal, a aprovar a implanta\u00e7\u00e3o de Torre de Telefonia Rural e da outras provid\u00eancias."}, {"id": "1945", "ano": "2005", "numero": "1161", "tipo__sigla": "LEI", "tipo__descricao": "Lei Ordin\u00e1ria", "texto_integral": "http://sapl.sarandi.pr.leg.br/media/sapl/public/normajuridica/2005/1945/lei_no_1161-2005_sapl.pdf", "ementa": "Autoriza o Chefe do Poder Executivo Municipal a contratar opera\u00e7\u00e3o de cr\u00e9dito com a Ag\u00eancia de Fomento do Paran\u00e1 S.A, e da outras provid\u00eancias."}, {"id": "1944", "ano": "2005", "numero": "1160", "tipo__sigla": "LEI", "tipo__descricao": "Lei Ordin\u00e1ria", "texto_integral": "http://sapl.sarandi.pr.leg.br/media/sapl/public/normajuridica/2005/1944/lei_no_1160-2005_sapl.pdf", "ementa": "Autoriza o Poder Executivo Municipal a repassar verba para a Pastoral da Crian\u00e7a da Par\u00f3quia Nossa Senhora das Gra\u00e7as de Sarandi."}, {"id": "1943", "ano": "2005", "numero": "1159", "tipo__sigla": "LEI", "tipo__descricao": "Lei Ordin\u00e1ria", "texto_integral": "http://sapl.sarandi.pr.leg.br/media/sapl/public/normajuridica/2005/1943/lei_no_1159-2005_sapl.pdf", "ementa": "Autoriza o Executivo Municipal a criar a Guarda Municipal de Sarandi e d\u00e1 outras provid\u00eancias."}, {"id": "1618", "ano": "2005", "numero": "116", "tipo__sigla": "LC", "tipo__descricao": "Lei Complementar", "texto_integral": "http://sapl.sarandi.pr.leg.br/media/./sapl/public/normajuridica/2005/1618/1618_texto_integral.pdf", "ementa": "Estabelece padr\u00f5es e crit\u00e9rios para a instala\u00e7\u00e3o de ondula\u00e7\u00f5es transversais e sonorizadores e d\u00e1 outras provid\u00eancias."}, {"id": "1942", "ano": "2005", "numero": "1158", "tipo__sigla": "LEI", "tipo__descricao": "Lei Ordin\u00e1ria", "texto_integral": "http://sapl.sarandi.pr.leg.br/media/sapl/public/normajuridica/2005/1942/lei_no_1158-2005_sapl.pdf", "ementa": "Autoriza o Poder Executivo Municipal a filiar o DAE \u2014 Departamento de \u00c1gua e Esgoto do Munic\u00edpio de Sarandi-Pr, ao Cons\u00f3rcio Intermunicipal dos Servi\u00e7os de \u00c1gua e Esgoto do Estado do Paran\u00e1 - CISMAE e d\u00e1 outras provid\u00eancias."}, {"id": "1941", "ano": "2005", "numero": "1157", "tipo__sigla": "LEI", "tipo__descricao": "Lei Ordin\u00e1ria", "texto_integral": "http://sapl.sarandi.pr.leg.br/media/./sapl/public/normajuridica/2005/1941/1941_texto_integral.pdf", "ementa": "Estabelece a obrigatoriedade de reserva de vagas nos estacionamentos de ve\u00edculos, para Pessoas Portadoras de Defici\u00eancias F\u00edsicas e d\u00e1 outras provid\u00eancias."}, {"id": "1940", "ano": "2005", "numero": "1156", "tipo__sigla": "LEI", "tipo__descricao": "Lei Ordin\u00e1ria", "texto_integral": "http://sapl.sarandi.pr.leg.br/media/sapl/public/normajuridica/2005/1940/lei_no_1156-2005_sapl.pdf", "ementa": "Autoriza o Poder Executivo Municipal a conceder Reajuste aos Servidores P\u00fablicos Municipais e d\u00e1 outras provid\u00eancias."}, {"id": "1617", "ano": "2005", "numero": "115", "tipo__sigla": "LC", "tipo__descricao": "Lei Complementar", "texto_integral": "http://sapl.sarandi.pr.leg.br/media/./sapl/public/normajuridica/2005/1617/1617_texto_integral.pdf", "ementa": "Disp\u00f5e sobre a Estrutura Administrativa do Munic\u00edpio de Sarandi e d\u00e1 outras provid\u00eancias."}, {"id": "3165", "ano": "2005", "numero": "32", "tipo__sigla": "POR", "tipo__descricao": "Portaria", "texto_integral": "http://sapl.sarandi.pr.leg.br/media/./sapl/public/normajuridica/2005/3165/3165_texto_integral.pdf", "ementa": "CONCEDE REAJUSTE SALARIAL DE 15% E 6, 61 RESPECTIVAMENTE, AOS SERVIDORES P\u00daBLICOS"}, {"id": "3340", "ano": "2005", "numero": "2", "tipo__sigla": "RES", "tipo__descricao": "Resolu\u00e7\u00e3o", "texto_integral": "http://sapl.sarandi.pr.leg.br/media/./sapl/public/normajuridica/2005/3340/3340_texto_integral.pdf", "ementa": "Altera dispositivos da Resolu\u00e7\u00e3o n\u00ba 004/94, de 29.12.1994, e d\u00e1 outras provid\u00eancias."}, {"id": "3332", "ano": "2005", "numero": "1", "tipo__sigla": "RES", "tipo__descricao": "Resolu\u00e7\u00e3o", "texto_integral": "http://sapl.sarandi.pr.leg.br/media/./sapl/public/normajuridica/2005/3332/3332_texto_integral.pdf", "ementa": "Disp\u00f5e sobre a concess\u00e3o de di\u00e1rias."}, {"id": "1939", "ano": "2005", "numero": "1155", "tipo__sigla": "LEI", "tipo__descricao": "Lei Ordin\u00e1ria", "texto_integral": "http://sapl.sarandi.pr.leg.br/media/sapl/public/normajuridica/2005/1939/lei_no_1155-2005_sapl.pdf", "ementa": "Autoriza o Chefe do Poder Executivo Municipal a promover Acordo Judicial nos autos n.\u00b0 569/02 e 491/03, conceder reajuste e d\u00e1 outras provid\u00eancias."}, {"id": "1938", "ano": "2005", "numero": "1154", "tipo__sigla": "LEI", "tipo__descricao": "Lei Ordin\u00e1ria", "texto_integral": "http://sapl.sarandi.pr.leg.br/media/sapl/public/normajuridica/2005/1938/lei_no_1154-2005_sapl.pdf", "ementa": "D\u00e1 Denomina\u00e7\u00e3o ao Contorno da Avenida Central."}, {"id": "1558", "ano": "2005", "numero": "5", "tipo__sigla": "DL", "tipo__descricao": "Decreto Legislativo", "texto_integral": "http://sapl.sarandi.pr.leg.br/media/./sapl/public/normajuridica/2005/1558/1558_texto_integral.pdf", "ementa": "Aprova as Contas do Poder Executivo, relativas ao Exerc\u00edcio Financeiro de 1999."}, {"id": "3157", "ano": "2005", "numero": "31", "tipo__sigla": "POR", "tipo__descricao": "Portaria", "texto_integral": "http://sapl.sarandi.pr.leg.br/media/./sapl/public/normajuridica/2005/3157/3157_texto_integral.pdf", "ementa": "AUTORIZA CONSTAR ACERVO DE TEMPO DE CONTRIBUI\u00c7\u00c3O PREVIDENCI\u00c1RIA DA SERVIDORA MARIA LOPES DOS SANTOS SOARES"}, {"id": "1937", "ano": "2005", "numero": "1153", "tipo__sigla": "LEI", "tipo__descricao": "Lei Ordin\u00e1ria", "texto_integral": "http://sapl.sarandi.pr.leg.br/media/sapl/public/normajuridica/2005/1937/lei_no_1153-2005_sapl.pdf", "ementa": "Autoriza o Poder Executivo Municipal a repassar verba para a Assist\u00eancia Betel, na forma que especifica."}, {"id": "1936", "ano": "2005", "numero": "1152", "tipo__sigla": "LEI", "tipo__descricao": "Lei Ordin\u00e1ria", "texto_integral": "http://sapl.sarandi.pr.leg.br/media/sapl/public/normajuridica/2005/1936/lei_no_1152-2005_sapl.pdf", "ementa": "Autoriza o Poder Executivo Municipal a repassar verba para a Associa\u00e7\u00e3o Comercial, Industrial e de Servi\u00e7os de Sarandi - ACIS, na forma que especifica."}, {"id": "1935", "ano": "2005", "numero": "1151", "tipo__sigla": "LEI", "tipo__descricao": "Lei Ordin\u00e1ria", "texto_integral": "http://sapl.sarandi.pr.leg.br/media/sapl/public/normajuridica/2005/1935/lei_no_1151-2005_sapl.pdf", "ementa": "Disp\u00f5e sobre a denomina\u00e7\u00e3o do Centro Municipal de Educa\u00e7\u00e3o Infantil, localizado no Residencial S\u00e3o Jos\u00e9 II, neste Munic\u00edpio."}, {"id": "1616", "ano": "2005", "numero": "114", "tipo__sigla": "LC", "tipo__descricao": "Lei Complementar", "texto_integral": "http://sapl.sarandi.pr.leg.br/media/./sapl/public/normajuridica/2005/1616/1616_texto_integral.pdf", "ementa": "Disp\u00f5e sobre a institui\u00e7\u00e3o do Programa de Recupera\u00e7\u00e3o Fiscal de Sarandi - REFIS MUNICIPAL."}, {"id": "1551", "ano": "2005", "numero": "4", "tipo__sigla": "DL", "tipo__descricao": "Decreto Legislativo", "texto_integral": "http://sapl.sarandi.pr.leg.br/media/./sapl/public/normajuridica/2005/1551/1551_texto_integral.pdf", "ementa": "Concede Titulo de Benemer\u00eancia ao Doutor Paulo Vinicius Ferreira Oliveira."}, {"id": "1615", "ano": "2005", "numero": "113", "tipo__sigla": "LC", "tipo__descricao": "Lei Complementar", "texto_integral": "http://sapl.sarandi.pr.leg.br/media/./sapl/public/normajuridica/2005/1615/1615_texto_integral.pdf", "ementa": "Cria e eleva o n\u00famero de vagas dos cargos efetivos da Lei Complementar n\u00ba 16/93 da Lei Complementar n\u00ba 53/98 e suas altera\u00e7\u00f5es."}, {"id": "4652", "ano": "2005", "numero": "2", "tipo__sigla": "ATM", "tipo__descricao": "Ato da Mesa", "texto_integral": "http://sapl.sarandi.pr.leg.br/media/sapl/public/normajuridica/2005/4652/ato_da_mesa_no_002-2005.pdf", "ementa": "Declara suspens\u00e3o da efic\u00e1cia da Lei Municipal n\u00ba 1075/2003, de 10 de novembro de 2003."}, {"id": "1934", "ano": "2005", "numero": "1150", "tipo__sigla": "LEI", "tipo__descricao": "Lei Ordin\u00e1ria", "texto_integral": "http://sapl.sarandi.pr.leg.br/media/sapl/public/normajuridica/2005/1934/lei_no_1150-2005_sapl.pdf", "ementa": "Autoriza o Munic\u00edpio de Sarandi, Estado do Paran\u00e1, a firmar Termo de Conv\u00eanio com o Banco do Brasil S.A., e a BB Leasing S.A. Arrendamento Mercantil, na forma que especifica."}, {"id": "1933", "ano": "2005", "numero": "1149", "tipo__sigla": "LEI", "tipo__descricao": "Lei Ordin\u00e1ria", "texto_integral": "http://sapl.sarandi.pr.leg.br/media/sapl/public/normajuridica/2005/1933/lei_no_1149-2005_sapl.pdf", "ementa": "Autoriza o Poder Executivo Municipal a admitir pessoal por prazo determinado, para a implanta\u00e7\u00e3o do Programa Sa\u00fade da Fam\u00edlia \u2014 PSF, nos termos do inciso IX, do art. 37 da Constitui\u00e7\u00e3o Federal e d\u00e1 outras provid\u00eancias."}, {"id": "1614", "ano": "2005", "numero": "112", "tipo__sigla": "LC", "tipo__descricao": "Lei Complementar", "texto_integral": "http://sapl.sarandi.pr.leg.br/media/./sapl/public/normajuridica/2005/1614/1614_texto_integral.pdf", "ementa": "Inclui rua no Eixo Comercial da cidade."}, {"id": "6499", "ano": "2005", "numero": "1148", "tipo__sigla": "LEI", "tipo__descricao": "Lei Ordin\u00e1ria", "texto_integral": "http://sapl.sarandi.pr.leg.br/media/sapl/public/normajuridica/2005/6499/lei_no_1148-2005_sapl.pdf", "ementa": "Transforma em M\u00e3o \u00fanica trecho da Rua Guiap\u00f3."}, {"id": "1932", "ano": "2005", "numero": "1147", "tipo__sigla": "LEI", "tipo__descricao": "Lei Ordin\u00e1ria", "texto_integral": "http://sapl.sarandi.pr.leg.br/media/sapl/public/normajuridica/2005/1932/lei_no_1147-2005_sapl.pdf", "ementa": "Disp\u00f5e sobre a instala\u00e7\u00e3o de cercas energizadas para a prote\u00e7\u00e3o de per\u00edmetros de im\u00f3veis urbanos no Munic\u00edpio de SARANDI e da outras providencias."}, {"id": "3149", "ano": "2005", "numero": "30", "tipo__sigla": "POR", "tipo__descricao": "Portaria", "texto_integral": "http://sapl.sarandi.pr.leg.br/media/./sapl/public/normajuridica/2005/3149/3149_texto_integral.pdf", "ementa": "NOMEIA PARA ASSESSOR PARLAMENTAR AILTON RIBEIRO MACHADO, NO GABINETE DO VEREADOR CARLOS ALBERTO DE PAULA J\u00daNIOR"}, {"id": "1542", "ano": "2005", "numero": "3", "tipo__sigla": "DL", "tipo__descricao": "Decreto Legislativo", "texto_integral": "http://sapl.sarandi.pr.leg.br/media/./sapl/public/normajuridica/2005/1542/1542_texto_integral.pdf", "ementa": "Aprova as Contas do Poder Executivo, relativas ao Exerc\u00edcio Financeiro de 2000."}, {"id": "1530", "ano": "2005", "numero": "2", "tipo__sigla": "DL", "tipo__descricao": "Decreto Legislativo", "texto_integral": "http://sapl.sarandi.pr.leg.br/media/./sapl/public/normajuridica/2005/1530/1530_texto_integral.pdf", "ementa": "Aprova as Contas do Poder Executivo, relativas ao Exerc\u00edcio Financeiro de 1998."}, {"id": "3140", "ano": "2005", "numero": "29", "tipo__sigla": "POR", "tipo__descricao": "Portaria", "texto_integral": "http://sapl.sarandi.pr.leg.br/media/./sapl/public/normajuridica/2005/3140/3140_texto_integral.pdf", "ementa": "EXONERA O ASSESSOR PARLAMENTAR JAIR CARNEIRO, DO GABINETE DO VEREADOR CARLOS ALBERTO DE PAULA J\u00daNIOR"}, {"id": "1931", "ano": "2005", "numero": "1146", "tipo__sigla": "LEI", "tipo__descricao": "Lei Ordin\u00e1ria", "texto_integral": "http://sapl.sarandi.pr.leg.br/media/./sapl/public/normajuridica/2005/1931/1931_texto_integral.pdf", "ementa": "Autoriza o Chefe do Poder Executivo Municipal a abrir Cr\u00e9dito Adicional Especial, e da outras provid\u00eancias."}, {"id": "1930", "ano": "2005", "numero": "1145", "tipo__sigla": "LEI", "tipo__descricao": "Lei Ordin\u00e1ria", "texto_integral": "http://sapl.sarandi.pr.leg.br/media/sapl/public/normajuridica/2005/1930/lei_no_1145-2005_sapl.pdf", "ementa": "Autoriza o Chefe do Poder Executivo Municipal a abrir Cr\u00e9dito Adicional Especial, e da outras provid\u00eancias."}, {"id": "1929", "ano": "2005", "numero": "1144", "tipo__sigla": "LEI", "tipo__descricao": "Lei Ordin\u00e1ria", "texto_integral": "http://sapl.sarandi.pr.leg.br/media/sapl/public/normajuridica/2005/1929/lei_no_1144-2005_sapl.pdf", "ementa": "Autoriza o Chefe do Poder Executivo Municipal a abrir Cr\u00e9dito Adicional Especial, e d\u00e1 outras provid\u00eancias."}, {"id": "1928", "ano": "2005", "numero": "1143", "tipo__sigla": "LEI", "tipo__descricao": "Lei Ordin\u00e1ria", "texto_integral": "http://sapl.sarandi.pr.leg.br/media/./sapl/public/normajuridica/2005/1928/1928_texto_integral.pdf", "ementa": "Autoriza o Chefe do Poder Executivo Municipal a abrir cr\u00e9dito adicional especial, e da outras provid\u00eancias."}, {"id": "1927", "ano": "2005", "numero": "1142", "tipo__sigla": "LEI", "tipo__descricao": "Lei Ordin\u00e1ria", "texto_integral": "http://sapl.sarandi.pr.leg.br/media/./sapl/public/normajuridica/2005/1927/1927_texto_integral.pdf", "ementa": "Autoriza o Chefe do Poder Executivo Municipal a abrir cr\u00e9dito adicional especial, e d\u00e1 outras provid\u00eancias."}, {"id": "1926", "ano": "2005", "numero": "1141", "tipo__sigla": "LEI", "tipo__descricao": "Lei Ordin\u00e1ria", "texto_integral": "http://sapl.sarandi.pr.leg.br/media/sapl/public/normajuridica/2005/1926/lei_no_1141-2005_sapl.pdf", "ementa": "Autoriza o Chefe do Poder Executivo Municipal a abrir Cr\u00e9dito Adicional Especial, e da outras provid\u00eancias."}, {"id": "3131", "ano": "2005", "numero": "28", "tipo__sigla": "POR", "tipo__descricao": "Portaria", "texto_integral": "http://sapl.sarandi.pr.leg.br/media/./sapl/public/normajuridica/2005/3131/3131_texto_integral.pdf", "ementa": "NOMEIA A COMISS\u00c3O DE LICITA\u00c7\u00c3O DA C\u00c2MARA PARA 2005"}, {"id": "3122", "ano": "2005", "numero": "27", "tipo__sigla": "POR", "tipo__descricao": "Portaria", "texto_integral": "http://sapl.sarandi.pr.leg.br/media/./sapl/public/normajuridica/2005/3122/3122_texto_integral.pdf", "ementa": "CONCEDE PROGRESS\u00c3O FUNCIONAL PARA A SERVIDORA M\u00d4NICA CRISTNA GONZALVES"}, {"id": "1925", "ano": "2005", "numero": "1140", "tipo__sigla": "LEI", "tipo__descricao": "Lei Ordin\u00e1ria", "texto_integral": "http://sapl.sarandi.pr.leg.br/media/sapl/public/normajuridica/2005/1925/lei_no_1140-2005_sapl.pdf", "ementa": "Acrescenta Par\u00e1grafo no Art. 10 da Lei n\u00b0 814/99."}, {"id": "1924", "ano": "2005", "numero": "1139", "tipo__sigla": "LEI", "tipo__descricao": "Lei Ordin\u00e1ria", "texto_integral": "http://sapl.sarandi.pr.leg.br/media/sapl/public/normajuridica/2005/1924/lei_no_1139-2005_sapl.pdf", "ementa": "Autoriza o Chefe do Executivo Municipal a firmar acordo de parcelamento de d\u00e9bitos relativos contribui\u00e7\u00e3o para o Programa de Forma\u00e7\u00e3o do Patrim\u00f4nio do Servidor P\u00fablico \u2014 PASEP, e d\u00e1 outras provid\u00eancias."}, {"id": "1923", "ano": "2005", "numero": "1138", "tipo__sigla": "LEI", "tipo__descricao": "Lei Ordin\u00e1ria", "texto_integral": "http://sapl.sarandi.pr.leg.br/media/./sapl/public/normajuridica/2005/1923/1923_texto_integral.pdf", "ementa": "Altera dispositivos da Lei Municipal n\u00b0 915/2.001, que cria o Fundo Rotativo das Escolas Municipais e dos Centros de Educa\u00e7\u00e3o Infantil, e d\u00e1 outras provid\u00eancias."}, {"id": "1613", "ano": "2005", "numero": "111", "tipo__sigla": "LC", "tipo__descricao": "Lei Complementar", "texto_integral": "http://sapl.sarandi.pr.leg.br/media/./sapl/public/normajuridica/2005/1613/1613_texto_integral.pdf", "ementa": "Inclui rua no Eixo de Com\u00e9rcio e Servi\u00e7os, na forma que especifica."}, {"id": "1519", "ano": "2005", "numero": "1", "tipo__sigla": "DL", "tipo__descricao": "Decreto Legislativo", "texto_integral": "http://sapl.sarandi.pr.leg.br/media/./sapl/public/normajuridica/2005/1519/1519_texto_integral.pdf", "ementa": "Disp\u00f5e sobre Aceita\u00e7\u00e3o do \"Veto n\u00b0 005/2004\", Aposto \u00e0 Lei Municipal n\u00b0 1125/2004, de 04/10/2004, de Autoria dos edis Rafael Pszybylski e Nelson Mariano da Silva, a qual Disp\u00f5e sobre a concess\u00e3o de Anistia Fiscal aos contribuintes inscritos em d\u00edvida ativa com o Munic\u00edpio."}, {"id": "4651", "ano": "2005", "numero": "1", "tipo__sigla": "ATM", "tipo__descricao": "Ato da Mesa", "texto_integral": "http://sapl.sarandi.pr.leg.br/media/sapl/public/normajuridica/2005/4651/ato_da_mesa_no_001-2005.pdf", "ementa": "Declara suspens\u00e3o de efic\u00e1cia das leis municipais n\u00ba 1066 e 1071/2003."}, {"id": "3113", "ano": "2005", "numero": "26", "tipo__sigla": "POR", "tipo__descricao": "Portaria", "texto_integral": "http://sapl.sarandi.pr.leg.br/media/./sapl/public/normajuridica/2005/3113/3113_texto_integral.pdf", "ementa": "NOMEIA NILSON DE OLIVEIRA, COMO ASSESSOR PARLAMENTAR, NO GABINETE DO VEREADOR VALDIR DA SILVA"}, {"id": "3104", "ano": "2005", "numero": "25", "tipo__sigla": "POR", "tipo__descricao": "Portaria", "texto_integral": "http://sapl.sarandi.pr.leg.br/media/./sapl/public/normajuridica/2005/3104/3104_texto_integral.pdf", "ementa": "EXONERA ASSESSOR PARLAMENTAR, A SENHORA CLEIDE APARECIDA MASSA DA SILVA, DO GABINETE DO VEREADOR VALDIR DA SILVA"}, {"id": "3095", "ano": "2005", "numero": "24", "tipo__sigla": "POR", "tipo__descricao": "Portaria", "texto_integral": "http://sapl.sarandi.pr.leg.br/media/./sapl/public/normajuridica/2005/3095/3095_texto_integral.pdf", "ementa": "CONCEDE PROGRESS\u00c3O FUNCIONAL AO SERVIDOR AN\u00c9SIO JOS\u00c9 DA SILVA"}, {"id": "3086", "ano": "2005", "numero": "23", "tipo__sigla": "POR", "tipo__descricao": "Portaria", "texto_integral": "http://sapl.sarandi.pr.leg.br/media/./sapl/public/normajuridica/2005/3086/3086_texto_integral.pdf", "ementa": "HOMOLOGA O RESULTADO DAS COMISS\u00d5ES PERMANENTES DA C\u00c2MARA MUNICIPAL PARA O ANO DE 2005"}, {"id": "3076", "ano": "2005", "numero": "22", "tipo__sigla": "POR", "tipo__descricao": "Portaria", "texto_integral": "http://sapl.sarandi.pr.leg.br/media/./sapl/public/normajuridica/2005/3076/3076_texto_integral.pdf", "ementa": "CONCEDE PROGRESS\u00c3O FUNCIONAL AOS SERVIDORES CLEONICE IZIDIO DE AZEVEDO E DALVECIR APARECIDO BONORA"}, {"id": "3066", "ano": "2005", "numero": "21", "tipo__sigla": "POR", "tipo__descricao": "Portaria", "texto_integral": "http://sapl.sarandi.pr.leg.br/media/./sapl/public/normajuridica/2005/3066/3066_texto_integral.pdf", "ementa": "NOMEIA A SENHORITA \u00c2NGELA ALVES DE ALMEIDA, COMO ASSESSOR PARLAMENTAR, NO GABINETE DO VEREADOR CLEITON DAMASCENO DO CARMO"}, {"id": "3056", "ano": "2005", "numero": "20", "tipo__sigla": "POR", "tipo__descricao": "Portaria", "texto_integral": "http://sapl.sarandi.pr.leg.br/media/./sapl/public/normajuridica/2005/3056/3056_texto_integral.pdf", "ementa": "NOMEIA A SENHORA CLEIDE APARECIDA MASSA DA SILVA, COMO ASSESSOR PARLAMENTAR, NO GABINETE DO VEREADOR VALDIR DA SILVA"}, {"id": "3046", "ano": "2005", "numero": "19", "tipo__sigla": "POR", "tipo__descricao": "Portaria", "texto_integral": "http://sapl.sarandi.pr.leg.br/media/./sapl/public/normajuridica/2005/3046/3046_texto_integral.pdf", "ementa": "NOMEIA A SENHORA MARIA \u00ceNES ROSA DA CUNHA, COMO ASSESSOR PARLAMENTAR, NO GABINETE DO VEREADOR JO\u00c3O DE LARA VIEIRA"}, {"id": "3037", "ano": "2005", "numero": "18", "tipo__sigla": "POR", "tipo__descricao": "Portaria", "texto_integral": "http://sapl.sarandi.pr.leg.br/media/./sapl/public/normajuridica/2005/3037/3037_texto_integral.pdf", "ementa": "NOMEIA O SENHOR CLEVERSON LARA VIEIRA, COMO ASSESSOR PARLAMENTAR, NO GABINETE DO VEREADOR ANTONIO DA CUNHA"}, {"id": "3027", "ano": "2005", "numero": "17", "tipo__sigla": "POR", "tipo__descricao": "Portaria", "texto_integral": "http://sapl.sarandi.pr.leg.br/media/./sapl/public/normajuridica/2005/3027/3027_texto_integral.pdf", "ementa": "NOMEIA A SENHORA IVONE VAZ DOS SANTOS, COMO ASSESSOR PARLAMENTAR, NO GABINETE DO VEREADOR CLAUDIONEI APARECIDO VITORINO DA SILVA"}, {"id": "3016", "ano": "2005", "numero": "16", "tipo__sigla": "POR", "tipo__descricao": "Portaria", "texto_integral": "http://sapl.sarandi.pr.leg.br/media/./sapl/public/normajuridica/2005/3016/3016_texto_integral.pdf", "ementa": "NOMEIA O SENHOR CLAUDIONEI DE SOUZA, COMO ASSESSOR PARLAMENTAR, NO GABINETE DO VEREADOR BELMIRO DA SILVA FARIAS"}, {"id": "3005", "ano": "2005", "numero": "15", "tipo__sigla": "POR", "tipo__descricao": "Portaria", "texto_integral": "http://sapl.sarandi.pr.leg.br/media/./sapl/public/normajuridica/2005/3005/3005_texto_integral.pdf", "ementa": "NOMEIA O SENHOR CARLOS ROBERTO GORINI, COMO ASSESSOR PARLAMENTAR, NO GABINETE DO VEREADOR LUIZ CARLOS AGUIAR"}, {"id": "2994", "ano": "2005", "numero": "14", "tipo__sigla": "POR", "tipo__descricao": "Portaria", "texto_integral": "http://sapl.sarandi.pr.leg.br/media/./sapl/public/normajuridica/2005/2994/2994_texto_integral.pdf", "ementa": "NOMEIA O SENHOR JAIR CARNEIRO, COMO ASSESSOR PARLAMENTAR, NO GABINETE DO VEREADOR CARLOS ALBERTO DE PAULA J\u00daNIOR"}, {"id": "2983", "ano": "2005", "numero": "13", "tipo__sigla": "POR", "tipo__descricao": "Portaria", "texto_integral": "http://sapl.sarandi.pr.leg.br/media/./sapl/public/normajuridica/2005/2983/2983_texto_integral.pdf", "ementa": "NOMEIA A SENHORA SUELI GRALIK TURCI, COMO ASSESSOR PARLAMENTAR, NO GABINETE DO VEREADOR RAFAEL PSZYBYLSKI"}, {"id": "2971", "ano": "2005", "numero": "12", "tipo__sigla": "POR", "tipo__descricao": "Portaria", "texto_integral": "http://sapl.sarandi.pr.leg.br/media/./sapl/public/normajuridica/2005/2971/2971_texto_integral.pdf", "ementa": "NOMEIA O SENHOR PEDRO BATISTA CASSIANO, COMO ASSESSOR PARLAMENTAR, NO GABINETE DO VEREADOR AD\u00c9RCIO MARQUES DA SILVA"}, {"id": "2959", "ano": "2005", "numero": "11", "tipo__sigla": "POR", "tipo__descricao": "Portaria", "texto_integral": "http://sapl.sarandi.pr.leg.br/media/./sapl/public/normajuridica/2005/2959/2959_texto_integral.pdf", "ementa": "NOMEIA O SENHOR DANIEL MUSSULIN FRANCISCO, COMO ASSISTENTE PARLAMENTAR DA C\u00c2MARA MUNICIPAL"}, {"id": "2947", "ano": "2005", "numero": "10", "tipo__sigla": "POR", "tipo__descricao": "Portaria", "texto_integral": "http://sapl.sarandi.pr.leg.br/media/./sapl/public/normajuridica/2005/2947/2947_texto_integral.pdf", "ementa": "NOMEIA A SENHORITA ANA PAULA DA CUNHA, PARA O CARGO DE CHEFE DE GABINETE DA C\u00c2MARA MUNICIPAL"}, {"id": "2935", "ano": "2005", "numero": "9", "tipo__sigla": "POR", "tipo__descricao": "Portaria", "texto_integral": "http://sapl.sarandi.pr.leg.br/media/./sapl/public/normajuridica/2005/2935/2935_texto_integral.pdf", "ementa": "NOMEIA O SENHOR LUIZ CARLOS MANZATO, COMO PROCURADOR JURIDICO DA C\u00c2MARA MUNICIPAL"}, {"id": "2923", "ano": "2005", "numero": "8", "tipo__sigla": "POR", "tipo__descricao": "Portaria", "texto_integral": "http://sapl.sarandi.pr.leg.br/media/./sapl/public/normajuridica/2005/2923/2923_texto_integral.pdf", "ementa": "CONCEDE F\u00c9RIAS COLETIVAS DE 10 A 19 DE JANEIRO DE 2005, EM VIRTUDE DO RECESSO LEGISLATIVO"}, {"id": "2911", "ano": "2005", "numero": "7", "tipo__sigla": "POR", "tipo__descricao": "Portaria", "texto_integral": "http://sapl.sarandi.pr.leg.br/media/./sapl/public/normajuridica/2005/2911/2911_texto_integral.pdf", "ementa": "EXONERA O SENHOR MARCOS ANTONIO EUZ\u00c9BIO DE SOUZA, DO CARGO DE ASSESSOR PARLAMENTAR DA C\u00c2MARA MUNICIPAL"}, {"id": "2899", "ano": "2005", "numero": "6", "tipo__sigla": "POR", "tipo__descricao": "Portaria", "texto_integral": "http://sapl.sarandi.pr.leg.br/media/./sapl/public/normajuridica/2005/2899/2899_texto_integral.pdf", "ementa": "EXONERA A SENHORA DANIELA LARA VIEIRA, DO CARGO DE ASSESSOR PARLAMENTAR DO GABINETE DO VEREADOR JO\u00c3O DE LARA VIEIRA"}, {"id": "2887", "ano": "2005", "numero": "5", "tipo__sigla": "POR", "tipo__descricao": "Portaria", "texto_integral": "http://sapl.sarandi.pr.leg.br/media/./sapl/public/normajuridica/2005/2887/2887_texto_integral.pdf", "ementa": "EXONERA O SENHOR JAIR CARNEIRO, DO CARGO DE ASSESSOR PARLAMENTAR DO GABINETE DO VEREADOR CARLOS ALBERTO DE PAULA J\u00daNIOR"}, {"id": "2875", "ano": "2005", "numero": "4", "tipo__sigla": "POR", "tipo__descricao": "Portaria", "texto_integral": "http://sapl.sarandi.pr.leg.br/media/./sapl/public/normajuridica/2005/2875/2875_texto_integral.pdf", "ementa": "EXONERA A SENHORA CLEIDE APARECIDA MASSA DA SILVA, DO CARGO DE ASSESSOR PARLAMENTAR DO GABINETE DO VEREADOR VALDIR DA SILVA"}, {"id": "2863", "ano": "2005", "numero": "3", "tipo__sigla": "POR", "tipo__descricao": "Portaria", "texto_integral": "http://sapl.sarandi.pr.leg.br/media/./sapl/public/normajuridica/2005/2863/2863_texto_integral.pdf", "ementa": "EXONERA A SENHORA MARIA IN\u00caS ROSA DA CUNHA, DO CARGO DE ASSESSOR PARLAMENTAR DO GABINETE DO VEREADOR ANTONIO DA CUNHA"}, {"id": "2851", "ano": "2005", "numero": "2", "tipo__sigla": "POR", "tipo__descricao": "Portaria", "texto_integral": "http://sapl.sarandi.pr.leg.br/media/./sapl/public/normajuridica/2005/2851/2851_texto_integral.pdf", "ementa": "EXONERA O SENHOR APARECIDO BIANCO, DO CARGO DE ASSISTENTE PARLAMENTAR, DO GABINETE DO VEREADOR CLEITON DAMASCENO DO CARMO"}, {"id": "2839", "ano": "2005", "numero": "1", "tipo__sigla": "POR", "tipo__descricao": "Portaria", "texto_integral": "http://sapl.sarandi.pr.leg.br/media/./sapl/public/normajuridica/2005/2839/2839_texto_integral.pdf", "ementa": "EXONERA A SENHORA SUELI GRALIK TURCI, DO CARGO DE ASSESSOR PARLAMENTAR DO GABINETE DO VEREADOR RAFAEL PSZYBYLSKI"}, {"id": "3172", "ano": "2004", "numero": "33", "tipo__sigla": "POR", "tipo__descricao": "Portaria", "texto_integral": "http://sapl.sarandi.pr.leg.br/media/./sapl/public/normajuridica/2004/3172/3172_texto_integral.pdf", "ementa": "EXONERA A SENHORA ANA CARLA BARBOSA CELINI, DO CARGO DE CHEFE DE GABINETE DA PRESID\u00caNCIA DA C\u00c2MARA"}, {"id": "3164", "ano": "2004", "numero": "32", "tipo__sigla": "POR", "tipo__descricao": "Portaria", "texto_integral": "http://sapl.sarandi.pr.leg.br/media/./sapl/public/normajuridica/2004/3164/3164_texto_integral.pdf", "ementa": "EXONERA A SENHORA LUCIANE APARECIDA DE SOUZA E SILVA, DO CARGO DE ASSISTENTE PARLAMENTAR, DO GABINETE DO VEREADOR JOS\u00c9 APARECIDO DA SILVA"}, {"id": "4444", "ano": "2004", "numero": "1130", "tipo__sigla": "LEI", "tipo__descricao": "Lei Ordin\u00e1ria", "texto_integral": "http://sapl.sarandi.pr.leg.br/media/sapl/public/normajuridica/2004/4444/1130-2004.pdf", "ementa": "Autoriza, excepcionalmente, a subdivis\u00e3o da data de terras sob o n\u00ba 2, da quadra n\u00ba 9, do Jardim Tropical, da Planta Urbana da cidade de Sarandi."}, {"id": "3156", "ano": "2004", "numero": "31", "tipo__sigla": "POR", "tipo__descricao": "Portaria", "texto_integral": "http://sapl.sarandi.pr.leg.br/media/./sapl/public/normajuridica/2004/3156/3156_texto_integral.pdf", "ementa": "EXONERA PROCURADOR JURIDICO DR. ALBERTO ABRA\u00c3O VAGNER DA ROCHA"}, {"id": "1922", "ano": "2004", "numero": "1137", "tipo__sigla": "LEI", "tipo__descricao": "Lei Ordin\u00e1ria", "texto_integral": "http://sapl.sarandi.pr.leg.br/media/sapl/public/normajuridica/2004/1922/lei_no_1137-2004_sapl.pdf", "ementa": "Disp\u00f5e sobre a autoriza\u00e7\u00e3o da concess\u00e3o de abono salarial aos professores e especialistas de educa\u00e7\u00e3o da Rede P\u00fablica de Ensino do Munic\u00edpio de Sarandi, Estado do Paran\u00e1, e d\u00e1 outras provid\u00eancias."}, {"id": "1921", "ano": "2004", "numero": "1136", "tipo__sigla": "LEI", "tipo__descricao": "Lei Ordin\u00e1ria", "texto_integral": "http://sapl.sarandi.pr.leg.br/media/sapl/public/normajuridica/2004/1921/lei_no_1136-2004_sapl.pdf", "ementa": "Autoriza o Munic\u00edpio de Sarandi, Estado do Paran\u00e1, a firmar Termo de Coopera\u00e7\u00e3o Financeira para participar do Plano Estadual de Atendimento as Urg\u00eancias, e d\u00e1 outras provid\u00eancias."}, {"id": "1920", "ano": "2004", "numero": "1135", "tipo__sigla": "LEI", "tipo__descricao": "Lei Ordin\u00e1ria", "texto_integral": "http://sapl.sarandi.pr.leg.br/media/sapl/public/normajuridica/2004/1920/lei_no_1135-2004_sapl.pdf", "ementa": "Declara de utilidade p\u00fablica o Sarandi Esporte Clube."}, {"id": "1612", "ano": "2004", "numero": "110", "tipo__sigla": "LC", "tipo__descricao": "Lei Complementar", "texto_integral": "http://sapl.sarandi.pr.leg.br/media/./sapl/public/normajuridica/2004/1612/1612_texto_integral.pdf", "ementa": "Inclui avenida no Eixo de Com\u00e9rcio e Servi\u00e7os, na forma que especifica."}, {"id": "3148", "ano": "2004", "numero": "30", "tipo__sigla": "POR", "tipo__descricao": "Portaria", "texto_integral": "http://sapl.sarandi.pr.leg.br/media/./sapl/public/normajuridica/2004/3148/3148_texto_integral.pdf", "ementa": "EXONERA TELEFONISTA A SENHORA PATRICIA ROBERTA DOS SANTOS VELTEM"}, {"id": "4290", "ano": "2004", "numero": "18", "tipo__sigla": "ELO", "tipo__descricao": "Emenda \u00e0 Lei Org\u00e2nica", "texto_integral": "http://sapl.sarandi.pr.leg.br/media/sapl/public/normajuridica/2004/4290/emenda_no_018-2004.pdf", "ementa": "Disp\u00f5e sobre redu\u00e7\u00e3o dos membros da Mesa Diretora."}, {"id": "3139", "ano": "2004", "numero": "29", "tipo__sigla": "POR", "tipo__descricao": "Portaria", "texto_integral": "http://sapl.sarandi.pr.leg.br/media/./sapl/public/normajuridica/2004/3139/3139_texto_integral.pdf", "ementa": "EXONERA ASSISTENTE PARLAMENTAR CLARICE CLEBIS, DO GABINETE DA VEREADORA SANDRA APARECIDA KLEBIS MOREIRA"}, {"id": "3130", "ano": "2004", "numero": "28", "tipo__sigla": "POR", "tipo__descricao": "Portaria", "texto_integral": "http://sapl.sarandi.pr.leg.br/media/./sapl/public/normajuridica/2004/3130/3130_texto_integral.pdf", "ementa": "EXONERA ASSISTENTE PARLAMENTAR AD\u00c9LIA RODRIGUES DE ALMEIDA, DO GABINETE DA VEREADORA APARECIDA RODRIGUES SCHWARZ"}, {"id": "3121", "ano": "2004", "numero": "27", "tipo__sigla": "POR", "tipo__descricao": "Portaria", "texto_integral": "http://sapl.sarandi.pr.leg.br/media/./sapl/public/normajuridica/2004/3121/3121_texto_integral.pdf", "ementa": "EXONERA ASSISTENTE PARLAMENTAR CLODOALDO CASTELAN, DO GABINETE DO VEREADOR JO\u00c3O DUTRA NETTO"}, {"id": "3112", "ano": "2004", "numero": "26", "tipo__sigla": "POR", "tipo__descricao": "Portaria", "texto_integral": "http://sapl.sarandi.pr.leg.br/media/./sapl/public/normajuridica/2004/3112/3112_texto_integral.pdf", "ementa": "EXONERA ASSISTENTE PARLAMENTAR ADEMAR FERREIRA, DO GABINETE DO VEREADOR ALCIDES FERREIRA"}, {"id": "3103", "ano": "2004", "numero": "25", "tipo__sigla": "POR", "tipo__descricao": "Portaria", "texto_integral": "http://sapl.sarandi.pr.leg.br/media/./sapl/public/normajuridica/2004/3103/3103_texto_integral.pdf", "ementa": "EXONERA ASSISTENTE PARLAMENTAR OSMAR VICENTE BARBOSA, DO GABINETE DO VEREADOR REINALDO GON\u00c7ALVES"}, {"id": "3094", "ano": "2004", "numero": "24", "tipo__sigla": "POR", "tipo__descricao": "Portaria", "texto_integral": "http://sapl.sarandi.pr.leg.br/media/./sapl/public/normajuridica/2004/3094/3094_texto_integral.pdf", "ementa": "EXONERA ASSISTENTE PARLAMENTAR MATILDE FUSCO DO EGIPTO DUARTE, DO GABINETE DO VEREADOR JOS\u00c9 DUARTE"}, {"id": "3085", "ano": "2004", "numero": "23", "tipo__sigla": "POR", "tipo__descricao": "Portaria", "texto_integral": "http://sapl.sarandi.pr.leg.br/media/./sapl/public/normajuridica/2004/3085/3085_texto_integral.pdf", "ementa": "EXONERA ASSISTENTE PARLAMENTAR REGINALDO M. PIMENTA, DO GABINETE DO VEREADOR JOS\u00c9 ANTONIO MONTEIRO PEDRO"}, {"id": "3075", "ano": "2004", "numero": "22", "tipo__sigla": "POR", "tipo__descricao": "Portaria", "texto_integral": "http://sapl.sarandi.pr.leg.br/media/./sapl/public/normajuridica/2004/3075/3075_texto_integral.pdf", "ementa": "EXONERA ASSISTENTE PARLAMENTAR MARIA ISLEIA KLIPPE DA SILVA, DO GABINETE DO VEREADOR NELSON MARIANO DA SILVA"}, {"id": "1919", "ano": "2004", "numero": "1134", "tipo__sigla": "LEI", "tipo__descricao": "Lei Ordin\u00e1ria", "texto_integral": "http://sapl.sarandi.pr.leg.br/media/./sapl/public/normajuridica/2004/1919/1919_texto_integral.pdf", "ementa": "Estima a receita e fixa a despesa do munic\u00edpio para o exerc\u00edcio de 2005."}, {"id": "3065", "ano": "2004", "numero": "21", "tipo__sigla": "POR", "tipo__descricao": "Portaria", "texto_integral": "http://sapl.sarandi.pr.leg.br/media/./sapl/public/normajuridica/2004/3065/3065_texto_integral.pdf", "ementa": "CONCEDE GRATIFICA\u00c7\u00c3O DE 50% SOBRE VENCIMENTOS A TITULO DE DEDICA\u00c7\u00c3O EXCLUSIVA AO SERVIDOR FRANCISCO ADALBERTO DE SOUZA"}, {"id": "3055", "ano": "2004", "numero": "20", "tipo__sigla": "POR", "tipo__descricao": "Portaria", "texto_integral": "http://sapl.sarandi.pr.leg.br/media/./sapl/public/normajuridica/2004/3055/3055_texto_integral.pdf", "ementa": "PROMOVE ENQUADRAMENTO DO NIVEL I PARA O NIVEL IV DO SERVIDOR FRANCISCO ADALBERTO DE SOUZA, AUXILIAR T\u00c9CNICO LEGISLATIVO"}, {"id": "1918", "ano": "2004", "numero": "1133", "tipo__sigla": "LEI", "tipo__descricao": "Lei Ordin\u00e1ria", "texto_integral": "http://sapl.sarandi.pr.leg.br/media/sapl/public/normajuridica/2004/1918/lei_no_1133-2004_sapl.pdf", "ementa": "Declara de utilidade p\u00fablica entidade que especifica."}, {"id": "1917", "ano": "2004", "numero": "1132", "tipo__sigla": "LEI", "tipo__descricao": "Lei Ordin\u00e1ria", "texto_integral": "http://sapl.sarandi.pr.leg.br/media/sapl/public/normajuridica/2004/1917/lei_no_1132-2004_sapl.pdf", "ementa": "Declara de utilidade p\u00fablica a Associa\u00e7\u00e3o Sarandiense Defensora dos Consumidores - ASDC."}, {"id": "3045", "ano": "2004", "numero": "19", "tipo__sigla": "POR", "tipo__descricao": "Portaria", "texto_integral": "http://sapl.sarandi.pr.leg.br/media/./sapl/public/normajuridica/2004/3045/3045_texto_integral.pdf", "ementa": "NOMEIA MEMBROS PARA COMPOREM A COMISS\u00c3O DE AVALIA\u00c7\u00c3O DO PATRIM\u00d4NIO"}, {"id": "1916", "ano": "2004", "numero": "1131", "tipo__sigla": "LEI", "tipo__descricao": "Lei Ordin\u00e1ria", "texto_integral": "http://sapl.sarandi.pr.leg.br/media/sapl/public/normajuridica/2004/1916/lei_no_1131-2004_sapl.pdf", "ementa": "D\u00e1 denomina\u00e7\u00e3o \u00e0 Rua 08, do Jardim Tropical."}, {"id": "1132", "ano": "2004", "numero": "2", "tipo__sigla": "RES", "tipo__descricao": "Resolu\u00e7\u00e3o", "texto_integral": "http://sapl.sarandi.pr.leg.br/media/./sapl/public/normajuridica/2004/1132/1132_texto_integral.pdf", "ementa": "Disp\u00f5e sobre redu\u00e7\u00e3o dos membros da Mesa Diretora."}, {"id": "1586", "ano": "2004", "numero": "14", "tipo__sigla": "DL", "tipo__descricao": "Decreto Legislativo", "texto_integral": "http://sapl.sarandi.pr.leg.br/media/./sapl/public/normajuridica/2004/1586/1586_texto_integral.pdf", "ementa": "Concede Titulo de Benem\u00e9rito ao Doutor Carlos Alberto Ferri."}, {"id": "1584", "ano": "2004", "numero": "13", "tipo__sigla": "DL", "tipo__descricao": "Decreto Legislativo", "texto_integral": "http://sapl.sarandi.pr.leg.br/media/./sapl/public/normajuridica/2004/1584/1584_texto_integral.pdf", "ementa": "Concede Titulo de Benem\u00e9rito ao Pastor Pedro Vargas, da igreja Evang\u00e9lica Monte Mori\u00e1 Sarandi."}, {"id": "1582", "ano": "2004", "numero": "12", "tipo__sigla": "DL", "tipo__descricao": "Decreto Legislativo", "texto_integral": "http://sapl.sarandi.pr.leg.br/media/./sapl/public/normajuridica/2004/1582/1582_texto_integral.pdf", "ementa": "Concede Titulo de Benem\u00e9rito ao Pastor Francisco de Assis, da Igreja Evang\u00e9lica Assembleia de Deus de Sarandi."}, {"id": "1915", "ano": "2004", "numero": "1129", "tipo__sigla": "LEI", "tipo__descricao": "Lei Ordin\u00e1ria", "texto_integral": "http://sapl.sarandi.pr.leg.br/media/sapl/public/normajuridica/2004/1915/lei_no_1129-2004_sapl.pdf", "ementa": "Autoriza o Poder Executivo Municipal a repassar verba para a Associa\u00e7\u00e3o Comercial, Industrial e de Servi\u00e7os de Sarandi - ACIS, na forma que especifica."}, {"id": "1914", "ano": "2004", "numero": "1128", "tipo__sigla": "LEI", "tipo__descricao": "Lei Ordin\u00e1ria", "texto_integral": "http://sapl.sarandi.pr.leg.br/media/./sapl/public/normajuridica/2004/1914/1914_texto_integral.pdf", "ementa": "Autoriza o munic\u00edpio de Sarandi, Estado do Paran\u00e1, a firmar Termo de Coopera\u00e7\u00e3o T\u00e9cnica e Financeira com a Associa\u00e7\u00e3o Lar Nossa Senhora da Esperan\u00e7a."}, {"id": "401", "ano": "2004", "numero": "1127", "tipo__sigla": "LEI", "tipo__descricao": "Lei Ordin\u00e1ria", "texto_integral": "http://sapl.sarandi.pr.leg.br/media/sapl/public/normajuridica/2004/401/lei_no_1127-2004_sapl.pdf", "ementa": "Disp\u00f5e sobre a cria\u00e7\u00e3o de ponto de autom\u00f3veis de alugu\u00e9is e d\u00e1 outras provid\u00eancias correlatas."}, {"id": "3036", "ano": "2004", "numero": "18", "tipo__sigla": "POR", "tipo__descricao": "Portaria", "texto_integral": "http://sapl.sarandi.pr.leg.br/media/./sapl/public/normajuridica/2004/3036/3036_texto_integral.pdf", "ementa": "NOMEIA O SENHOR MARCOS ANTONIO EUZEBIO DE SOUZA, PARA EXERCER AS FUN\u00c7\u00d5ES DE ASSISTENTE PARLAMENTAR"}, {"id": "1912", "ano": "2004", "numero": "1126", "tipo__sigla": "LEI", "tipo__descricao": "Lei Ordin\u00e1ria", "texto_integral": "http://sapl.sarandi.pr.leg.br/media/sapl/public/normajuridica/2004/1912/lei_no_1126-2004_sapl.pdf", "ementa": "Autoriza a concess\u00e3o de Direito Real de Uso de im\u00f3vel pertencente \u00e0 municipalidade, na forma que especifica."}, {"id": "6498", "ano": "2004", "numero": "1125", "tipo__sigla": "LEI", "tipo__descricao": "Lei Ordin\u00e1ria", "texto_integral": "http://sapl.sarandi.pr.leg.br/media/sapl/public/normajuridica/2004/6498/lei_no_1125-2004_sapl.pdf", "ementa": "Concede anistia fiscal."}, {"id": "1911", "ano": "2004", "numero": "1124", "tipo__sigla": "LEI", "tipo__descricao": "Lei Ordin\u00e1ria", "texto_integral": "http://sapl.sarandi.pr.leg.br/media/sapl/public/normajuridica/2004/1911/lei_no_1124-2004_sapl.pdf", "ementa": "Fixa os subs\u00eddios dos vereadores para a 6\u00aa Legislatura, no per\u00edodo de 2005 a 2008."}, {"id": "1910", "ano": "2004", "numero": "1123", "tipo__sigla": "LEI", "tipo__descricao": "Lei Ordin\u00e1ria", "texto_integral": "http://sapl.sarandi.pr.leg.br/media/sapl/public/normajuridica/2004/1910/lei_no_1123-2004_sapl.pdf", "ementa": "Fixa os subs\u00eddios do Prefeito, Vice-Prefeito e dos Secret\u00e1rios Municipais para a gest\u00e3o administrativa de 2005 a 2008."}, {"id": "1909", "ano": "2004", "numero": "1122", "tipo__sigla": "LEI", "tipo__descricao": "Lei Ordin\u00e1ria", "texto_integral": "http://sapl.sarandi.pr.leg.br/media/sapl/public/normajuridica/2004/1909/lei_no_1122-2004_sapl.pdf", "ementa": "Disp\u00f5e sobre a antecipa\u00e7\u00e3o do feriado de anivers\u00e1rio do munic\u00edpio, na forma que especifica."}, {"id": "1611", "ano": "2004", "numero": "109", "tipo__sigla": "LC", "tipo__descricao": "Lei Complementar", "texto_integral": "http://sapl.sarandi.pr.leg.br/media/./sapl/public/normajuridica/2004/1611/1611_texto_integral.pdf", "ementa": "Inclui rua no Eixo Comercial da cidade."}, {"id": "1908", "ano": "2004", "numero": "1121", "tipo__sigla": "LEI", "tipo__descricao": "Lei Ordin\u00e1ria", "texto_integral": "http://sapl.sarandi.pr.leg.br/media/./sapl/public/normajuridica/2004/1908/1908_texto_integral.pdf", "ementa": "Autoriza o Poder Executivo Municipal a repassar verba para o Centro de Conviv\u00eancia dos Idosos de Sarandi, na forma que especifica."}, {"id": "1907", "ano": "2004", "numero": "1120", "tipo__sigla": "LEI", "tipo__descricao": "Lei Ordin\u00e1ria", "texto_integral": "http://sapl.sarandi.pr.leg.br/media/sapl/public/normajuridica/2004/1907/lei_no_1120-2004_sapl.pdf", "ementa": "Disp\u00f5e sobre autoriza\u00e7\u00e3o para cess\u00e3o de ve\u00edculos na municipalidade, de forma gratuita, para o transporte de alunos, na forma que especifica."}, {"id": "1906", "ano": "2004", "numero": "1119", "tipo__sigla": "LEI", "tipo__descricao": "Lei Ordin\u00e1ria", "texto_integral": "http://sapl.sarandi.pr.leg.br/media/./sapl/public/normajuridica/2004/1906/1906_texto_integral.pdf", "ementa": "Autoriza a concess\u00e3o de direito real de uso de im\u00f3veis pertencentes \u00e0 municipalidade, na forma que especifica."}, {"id": "1905", "ano": "2004", "numero": "1118", "tipo__sigla": "LEI", "tipo__descricao": "Lei Ordin\u00e1ria", "texto_integral": "http://sapl.sarandi.pr.leg.br/media/sapl/public/normajuridica/2004/1905/lei_no_1118-2004_sapl.pdf", "ementa": "Autoriza o Poder Executivo Municipal a conceder direito real de uso de im\u00f3vel pertencente \u00e0 municipalidade, na forma que especifica."}, {"id": "1610", "ano": "2004", "numero": "108", "tipo__sigla": "LC", "tipo__descricao": "Lei Complementar", "texto_integral": "http://sapl.sarandi.pr.leg.br/media/./sapl/public/normajuridica/2004/1610/1610_texto_integral.pdf", "ementa": "Inclui avenidas situadas no Conjunto Residencial Floresta no Eixo de Com\u00e9rcio e Servi\u00e7os, na forma que especifica."}, {"id": "1609", "ano": "2004", "numero": "107", "tipo__sigla": "LC", "tipo__descricao": "Lei Complementar", "texto_integral": "http://sapl.sarandi.pr.leg.br/media/./sapl/public/normajuridica/2004/1609/1609_texto_integral.pdf", "ementa": "Transforma trecho da Rua Vereador Jos\u00e9 Fernandes em Eixo de Com\u00e9rcio e Servi\u00e7os 3."}, {"id": "1904", "ano": "2004", "numero": "1117", "tipo__sigla": "LEI", "tipo__descricao": "Lei Ordin\u00e1ria", "texto_integral": "http://sapl.sarandi.pr.leg.br/media/sapl/public/normajuridica/2004/1904/lei_no_1117-2004_sapl.pdf", "ementa": "Autoriza o Poder Executivo Municipal a conceder direito real de uso de im\u00f3vel pertencente \u00e0 municipalidade, na forma que especifica."}, {"id": "1903", "ano": "2004", "numero": "1116", "tipo__sigla": "LEI", "tipo__descricao": "Lei Ordin\u00e1ria", "texto_integral": "http://sapl.sarandi.pr.leg.br/media/sapl/public/normajuridica/2004/1903/lei_no_1116-2004_sapl.pdf", "ementa": "D\u00e1 denomina\u00e7\u00e3o de rua."}, {"id": "1580", "ano": "2004", "numero": "11", "tipo__sigla": "DL", "tipo__descricao": "Decreto Legislativo", "texto_integral": "http://sapl.sarandi.pr.leg.br/media/./sapl/public/normajuridica/2004/1580/1580_texto_integral.pdf", "ementa": "Aprova as conclus\u00f5es constantes do Relat\u00f3rio Final da Comiss\u00e3o Parlamentar de Inqu\u00e9rito \u2014 CPI, criada atrav\u00e9s do Requerimento n\u00b0 138/2003, e d\u00e1 outras provid\u00eancias."}, {"id": "1897", "ano": "2004", "numero": "1110", "tipo__sigla": "LEI", "tipo__descricao": "Lei Ordin\u00e1ria", "texto_integral": "http://sapl.sarandi.pr.leg.br/media/sapl/public/normajuridica/2004/1897/ato_da_mesa_no_004-2005.pdf", "ementa": "Disp\u00f5e sobre aplica\u00e7\u00e3o de disposi\u00e7\u00f5es da Emenda Constitucional n\u00ba 41, de 19 de dezembro de 2003, altera dispositivo da Lei n\u00ba 947/2001, e d\u00e1 outras provid\u00eancias."}, {"id": "1606", "ano": "2004", "numero": "104", "tipo__sigla": "LC", "tipo__descricao": "Lei Complementar", "texto_integral": "http://sapl.sarandi.pr.leg.br/media/./sapl/public/normajuridica/2004/1606/1606_texto_integral.pdf", "ementa": "Estabelece normas para a cobran\u00e7a da Taxa de fornecimento de \u00e1gua e da capta\u00e7\u00e3o do sistema de esgoto sanit\u00e1rio do Munic\u00edpio, na forma que especifica."}, {"id": "1902", "ano": "2004", "numero": "1115", "tipo__sigla": "LEI", "tipo__descricao": "Lei Ordin\u00e1ria", "texto_integral": "http://sapl.sarandi.pr.leg.br/media/sapl/public/normajuridica/2004/1902/lei_no_1115-2004_sapl.pdf", "ementa": "Declara de utilidade p\u00fablica a Associa\u00e7\u00e3o Comercial, Industrial e de Servi\u00e7os de Sarandi - ACIS."}, {"id": "3026", "ano": "2004", "numero": "17", "tipo__sigla": "POR", "tipo__descricao": "Portaria", "texto_integral": "http://sapl.sarandi.pr.leg.br/media/./sapl/public/normajuridica/2004/3026/3026_texto_integral.pdf", "ementa": "EXONERA O SENHOR MARCIO ANDR\u00c9 EUZ\u00c9BIO DE SOUZA, DO CARGO DE ASSISTENTE PARLAMENTAR, DA C\u00c2MARA MUNICIPAL"}, {"id": "4288", "ano": "2004", "numero": "17", "tipo__sigla": "ELO", "tipo__descricao": "Emenda \u00e0 Lei Org\u00e2nica", "texto_integral": "http://sapl.sarandi.pr.leg.br/media/sapl/public/normajuridica/2004/4288/emenda_no_017-2004.pdf", "ementa": "Altera dispositivo da Lei Org\u00e2nica."}, {"id": "1578", "ano": "2004", "numero": "10", "tipo__sigla": "DL", "tipo__descricao": "Decreto Legislativo", "texto_integral": "http://sapl.sarandi.pr.leg.br/media/./sapl/public/normajuridica/2004/1578/1578_texto_integral.pdf", "ementa": "Disp\u00f5e sobre Rejei\u00e7\u00e3o do \"Veto n\u00b0 004/2004\", Aposto \u00e0 Lei Municipal n\u00b0 1110/2004, de Autoria do Poder Executivo Municipal, a qual Disp\u00f5e sobre a aplica\u00e7\u00e3o de disposi\u00e7\u00f5es da Emenda Constitucional n\u00b0 41, de 19/12/2003."}, {"id": "1576", "ano": "2004", "numero": "9", "tipo__sigla": "DL", "tipo__descricao": "Decreto Legislativo", "texto_integral": "http://sapl.sarandi.pr.leg.br/media/./sapl/public/normajuridica/2004/1576/1576_texto_integral.pdf", "ementa": "Disp\u00f5e sobre Rejei\u00e7\u00e3o do \"Veto n\u00b0 003/2004\" Aposto \u00e0 Lei Complementar n\u00b0 104/2004, de Autoria dos edis Alcides Ferreira e Valdir da Silva, a qual Estabelece normas para cobran\u00e7a da Taxa de Fornecimento de \u00e1gua e da capta\u00e7\u00e3o do Sistema de Esgoto Sanit\u00e1rio do Munic\u00edpio, na forma que especifica."}, {"id": "3015", "ano": "2004", "numero": "16", "tipo__sigla": "POR", "tipo__descricao": "Portaria", "texto_integral": "http://sapl.sarandi.pr.leg.br/media/./sapl/public/normajuridica/2004/3015/3015_texto_integral.pdf", "ementa": "CONCEDE F\u00c9RIAS COLETIVAS AOS SERVIDORES DE 15 A 29 DE JULHO DE 2004"}, {"id": "1901", "ano": "2004", "numero": "1114", "tipo__sigla": "LEI", "tipo__descricao": "Lei Ordin\u00e1ria", "texto_integral": "http://sapl.sarandi.pr.leg.br/media/./sapl/public/normajuridica/2004/1901/1901_texto_integral.pdf", "ementa": "Disp\u00f5e sobre as diretrizes para elabora\u00e7\u00e3o da Lei Or\u00e7ament\u00e1ria para o exerc\u00edcio de 2005, e d\u00e1 outras provid\u00eancias."}, {"id": "3004", "ano": "2004", "numero": "15", "tipo__sigla": "POR", "tipo__descricao": "Portaria", "texto_integral": "http://sapl.sarandi.pr.leg.br/media/./sapl/public/normajuridica/2004/3004/3004_texto_integral.pdf", "ementa": "NOMEIA O SENHOR MARCIO ANDR\u00c9 EUZ\u00c9BIO DE SOUZA, NO CARGO DE ASSISTENTE PARLAMENTAR, NA C\u00c2MARA MUNICIPAL"}, {"id": "2993", "ano": "2004", "numero": "14", "tipo__sigla": "POR", "tipo__descricao": "Portaria", "texto_integral": "http://sapl.sarandi.pr.leg.br/media/./sapl/public/normajuridica/2004/2993/2993_texto_integral.pdf", "ementa": "NOMEIA A SENHORA LUCIANE APARECIDA DE SOUZA E SILVA, NO CARGO DE ASSISTENTE PARLAMENTAR, DO VEREADOR JOS\u00c9 APARECIDO DA SILVA"}, {"id": "1900", "ano": "2004", "numero": "1113", "tipo__sigla": "LEI", "tipo__descricao": "Lei Ordin\u00e1ria", "texto_integral": "http://sapl.sarandi.pr.leg.br/media/sapl/public/normajuridica/2004/1900/lei_no_1113-2004_sapl.pdf", "ementa": "Disp\u00f5e sobre a proibi\u00e7\u00e3o de estacionamento na Rua Sul, no Jardim Perimetral, na forma que especifica."}, {"id": "1899", "ano": "2004", "numero": "1112", "tipo__sigla": "LEI", "tipo__descricao": "Lei Ordin\u00e1ria", "texto_integral": "http://sapl.sarandi.pr.leg.br/media/sapl/public/normajuridica/2004/1899/lei_no_1112-2004_sapl.pdf", "ementa": "Altera o artigo 1\u00ba, da Lei Municipal n\u00ba 679/96, que autorizou o munic\u00edpio de Sarandi a firmar permuta de servi\u00e7os e d\u00e1 outras provid\u00eancias."}, {"id": "1898", "ano": "2004", "numero": "1111", "tipo__sigla": "LEI", "tipo__descricao": "Lei Ordin\u00e1ria", "texto_integral": "http://sapl.sarandi.pr.leg.br/media/sapl/public/normajuridica/2004/1898/lei_no_1111-2004_sapl.pdf", "ementa": "Altera denomina\u00e7\u00e3o de estabelecimento de ensino situado no munic\u00edpio, na forma que especifica, e d\u00e1 outras provid\u00eancias."}, {"id": "1896", "ano": "2004", "numero": "1109", "tipo__sigla": "LEI", "tipo__descricao": "Lei Ordin\u00e1ria", "texto_integral": "http://sapl.sarandi.pr.leg.br/media/./sapl/public/normajuridica/2004/1896/1896_texto_integral.pdf", "ementa": "Autoriza o Poder Executivo a doar im\u00f3vel urbano."}, {"id": "2982", "ano": "2004", "numero": "13", "tipo__sigla": "POR", "tipo__descricao": "Portaria", "texto_integral": "http://sapl.sarandi.pr.leg.br/media/./sapl/public/normajuridica/2004/2982/2982_texto_integral.pdf", "ementa": "EXONERA A SENHORA ELIETE DE CAMPOS LIMA DO AMARAL DO CARGO DE ASSISTENTE PARLAMENTAR"}, {"id": "2970", "ano": "2004", "numero": "12", "tipo__sigla": "POR", "tipo__descricao": "Portaria", "texto_integral": "http://sapl.sarandi.pr.leg.br/media/./sapl/public/normajuridica/2004/2970/2970_texto_integral.pdf", "ementa": "EXONERA O SENHOR MARCOS ANTONIO EUZ\u00c9BIO DE SOUZA, DO CARGO DE ASSISTENTE PARLAMENTAR"}, {"id": "1608", "ano": "2004", "numero": "106", "tipo__sigla": "LC", "tipo__descricao": "Lei Complementar", "texto_integral": "http://sapl.sarandi.pr.leg.br/media/./sapl/public/normajuridica/2004/1608/1608_texto_integral.pdf", "ementa": "Altera dispositivos da Lei Complementar n\u00ba 99/2003 e d\u00e1 outras provid\u00eancias."}, {"id": "1607", "ano": "2004", "numero": "105", "tipo__sigla": "LC", "tipo__descricao": "Lei Complementar", "texto_integral": "http://sapl.sarandi.pr.leg.br/media/./sapl/public/normajuridica/2004/1607/1607_texto_integral.pdf", "ementa": "Inclui rua no Eixo de Com\u00e9rcio e Servi\u00e7os, na forma que especifica."}, {"id": "4961", "ano": "2004", "numero": "103", "tipo__sigla": "LC", "tipo__descricao": "Lei Complementar", "texto_integral": "http://sapl.sarandi.pr.leg.br/media/sapl/public/normajuridica/2004/4961/lei_compl._no_103-2004__para_site.pdf", "ementa": "Altera dispositivos da Lei Complementar n\u00ba 70/2001, que disp\u00f5e sobre o Sistema Tribut\u00e1rio do Munic\u00edpio de Sarandi, Estado do Paran\u00e1."}, {"id": "1895", "ano": "2004", "numero": "1108", "tipo__sigla": "LEI", "tipo__descricao": "Lei Ordin\u00e1ria", "texto_integral": "http://sapl.sarandi.pr.leg.br/media/sapl/public/normajuridica/2004/1895/lei_no_1108-2004_sapl.pdf", "ementa": "Altera dispositivo da Lei n\u00ba 776/98, que pro\u00edbe o transporte clandestino e disciplina o transporte remunerado."}, {"id": "1894", "ano": "2004", "numero": "1107", "tipo__sigla": "LEI", "tipo__descricao": "Lei Ordin\u00e1ria", "texto_integral": "http://sapl.sarandi.pr.leg.br/media/./sapl/public/normajuridica/2004/1894/1894_texto_integral.pdf", "ementa": "Autoriza o Poder Executivo Municipal a repassar verba para a Associa\u00e7\u00e3o Comercial, Industrial e de Servi\u00e7os de Sarandi - ACIS, na forma que especifica."}, {"id": "1893", "ano": "2004", "numero": "1106", "tipo__sigla": "LEI", "tipo__descricao": "Lei Ordin\u00e1ria", "texto_integral": "http://sapl.sarandi.pr.leg.br/media/sapl/public/normajuridica/2004/1893/lei_no_1106-2004_sapl.pdf", "ementa": "Declara de utilidade p\u00fablica a Associa\u00e7\u00e3o Casa de Recupera\u00e7\u00e3o Nossa Senhora da Esperan\u00e7a - ACRENSE."}, {"id": "1892", "ano": "2004", "numero": "1105", "tipo__sigla": "LEI", "tipo__descricao": "Lei Ordin\u00e1ria", "texto_integral": "http://sapl.sarandi.pr.leg.br/media/sapl/public/normajuridica/2004/1892/lei_no_1105-2004_sapl.pdf", "ementa": "Declara de utilidade p\u00fablica a Associa\u00e7\u00e3o Lar Nossa Senhora da Esperan\u00e7a."}, {"id": "1891", "ano": "2004", "numero": "1104", "tipo__sigla": "LEI", "tipo__descricao": "Lei Ordin\u00e1ria", "texto_integral": "http://sapl.sarandi.pr.leg.br/media/sapl/public/normajuridica/2004/1891/lei_no_1104-2004_sapl.pdf", "ementa": "Declara de utilidade p\u00fablica a Associa\u00e7\u00e3o Recreativa e Cultural APRISCO - ARCA."}, {"id": "2958", "ano": "2004", "numero": "11", "tipo__sigla": "POR", "tipo__descricao": "Portaria", "texto_integral": "http://sapl.sarandi.pr.leg.br/media/./sapl/public/normajuridica/2004/2958/2958_texto_integral.pdf", "ementa": "FUNDAMENTADO NO DECRETO N\u00b0739/2004, CONCEDE REAJUSTE SALARIAL DE 2, 22% AOS SERVIDORES P\u00daBLICOS"}, {"id": "1890", "ano": "2004", "numero": "1103", "tipo__sigla": "LEI", "tipo__descricao": "Lei Ordin\u00e1ria", "texto_integral": "http://sapl.sarandi.pr.leg.br/media/sapl/public/normajuridica/2004/1890/lei_no_1103-2004_sapl.pdf", "ementa": "Declara de utilidade p\u00fablica entidade que especifica."}, {"id": "1605", "ano": "2004", "numero": "102", "tipo__sigla": "LC", "tipo__descricao": "Lei Complementar", "texto_integral": "http://sapl.sarandi.pr.leg.br/media/./sapl/public/normajuridica/2004/1605/1605_texto_integral.pdf", "ementa": "Inclui rua no Eixo Comercial da cidade."}, {"id": "1573", "ano": "2004", "numero": "8", "tipo__sigla": "DL", "tipo__descricao": "Decreto Legislativo", "texto_integral": "http://sapl.sarandi.pr.leg.br/media/./sapl/public/normajuridica/2004/1573/1573_texto_integral.pdf", "ementa": "Concede Titulo de Honraria a Deputada Estadual Maria Aparecida Borghetti."}, {"id": "1568", "ano": "2004", "numero": "7", "tipo__sigla": "DL", "tipo__descricao": "Decreto Legislativo", "texto_integral": "http://sapl.sarandi.pr.leg.br/media/./sapl/public/normajuridica/2004/1568/1568_texto_integral.pdf", "ementa": "Concede Titulo de Honraria ao Deputado Federal Ricardo Jos\u00e9 Magalh\u00e3es Barros."}, {"id": "1889", "ano": "2004", "numero": "1102", "tipo__sigla": "LEI", "tipo__descricao": "Lei Ordin\u00e1ria", "texto_integral": "http://sapl.sarandi.pr.leg.br/media/./sapl/public/normajuridica/2004/1889/1889_texto_integral.pdf", "ementa": "Autoriza o Chefe do Poder Executivo Municipal a fornecer cesta b\u00e1sica de alimentos ao pessoal admitido por prazo determinado, na forma que especifica."}, {"id": "1888", "ano": "2004", "numero": "1101", "tipo__sigla": "LEI", "tipo__descricao": "Lei Ordin\u00e1ria", "texto_integral": "http://sapl.sarandi.pr.leg.br/media/./sapl/public/normajuridica/2004/1888/1888_texto_integral.pdf", "ementa": "Autoriza o Poder Executivo Municipal a construir monumentos b\u00edblicos."}, {"id": "1887", "ano": "2004", "numero": "1100", "tipo__sigla": "LEI", "tipo__descricao": "Lei Ordin\u00e1ria", "texto_integral": "http://sapl.sarandi.pr.leg.br/media/sapl/public/normajuridica/2004/1887/lei_no_1100-2004_sapl.pdf", "ementa": "Autoriza o Poder Executivo Municipal a receber lote de terras em doa\u00e7\u00e3o com \u00f4nus, na forma que especifica e d\u00e1 outras provid\u00eancias."}, {"id": "1886", "ano": "2004", "numero": "1099", "tipo__sigla": "LEI", "tipo__descricao": "Lei Ordin\u00e1ria", "texto_integral": "http://sapl.sarandi.pr.leg.br/media/sapl/public/normajuridica/2004/1886/lei_no_1099-2004_sapl.pdf", "ementa": "Autoriza a concess\u00e3o de Direito Real de uso de im\u00f3vel pertencente \u00e0 municipalidade, na forma que especifica."}, {"id": "1563", "ano": "2004", "numero": "6", "tipo__sigla": "DL", "tipo__descricao": "Decreto Legislativo", "texto_integral": "http://sapl.sarandi.pr.leg.br/media/./sapl/public/normajuridica/2004/1563/1563_texto_integral.pdf", "ementa": "Concede Titulo de Benem\u00e9rito ao Pastor Robson Brito da Igreja Evang\u00e9lica Assembleia de Deus de Sarandi."}, {"id": "1557", "ano": "2004", "numero": "5", "tipo__sigla": "DL", "tipo__descricao": "Decreto Legislativo", "texto_integral": "http://sapl.sarandi.pr.leg.br/media/./sapl/public/normajuridica/2004/1557/1557_texto_integral.pdf", "ementa": "Concede Titulo de Benemer\u00eancia \u00e0 Pastor da Igreja Assembleia de Deus."}, {"id": "1885", "ano": "2004", "numero": "1098", "tipo__sigla": "LEI", "tipo__descricao": "Lei Ordin\u00e1ria", "texto_integral": "http://sapl.sarandi.pr.leg.br/media/sapl/public/normajuridica/2004/1885/lei_no_1098-2004_sapl.pdf", "ementa": "Declara de utilidade p\u00fablica a Associa\u00e7\u00e3o Educacional e Assistencial O\u00e1sis do Amor."}, {"id": "2946", "ano": "2004", "numero": "10", "tipo__sigla": "POR", "tipo__descricao": "Portaria", "texto_integral": "http://sapl.sarandi.pr.leg.br/media/./sapl/public/normajuridica/2004/2946/2946_texto_integral.pdf", "ementa": "CONCEDE PROGRESS\u00c3O FUNCIONAL AS SERVIDORAS M\u00d4NICA CRISTINA GONZALVES E PATRICIA R. DOS SANTOS VELTEM"}, {"id": "2934", "ano": "2004", "numero": "9", "tipo__sigla": "POR", "tipo__descricao": "Portaria", "texto_integral": "http://sapl.sarandi.pr.leg.br/media/./sapl/public/normajuridica/2004/2934/2934_texto_integral.pdf", "ementa": "NOMEIA SERVIDOR FRANCISCO ADALBERTO DE SOUZA, COMO CHEFE DA DIVIS\u00c3O DE FINAN\u00c7AS, E CONCEDE GRATIFICA\u00c7\u00c3O DE 70%, SOBRE OS VENCIMENTOS"}, {"id": "2922", "ano": "2004", "numero": "8", "tipo__sigla": "POR", "tipo__descricao": "Portaria", "texto_integral": "http://sapl.sarandi.pr.leg.br/media/./sapl/public/normajuridica/2004/2922/2922_texto_integral.pdf", "ementa": "SERVIDORA M\u00d4NICA CRISTINA GONZALVES, OCUPANTE DO CARGO EFETIVO DE ASSISTENTE ADMINISTRATIVO, AUXILIAR\u00c1 A CPI- COMISS\u00c3O PARLAMENTAR DE INQU\u00c9RITO DA C\u00c2MARA MUNICIPAL"}, {"id": "1884", "ano": "2004", "numero": "1097", "tipo__sigla": "LEI", "tipo__descricao": "Lei Ordin\u00e1ria", "texto_integral": "http://sapl.sarandi.pr.leg.br/media/./sapl/public/normajuridica/2004/1884/1884_texto_integral.pdf", "ementa": "Altera denomina\u00e7\u00e3o do CEXETRAN - Conselho Executivo Municipal de Tr\u00e2nsito, e d\u00e1 outras provid\u00eancias."}, {"id": "2910", "ano": "2004", "numero": "7", "tipo__sigla": "POR", "tipo__descricao": "Portaria", "texto_integral": "http://sapl.sarandi.pr.leg.br/media/./sapl/public/normajuridica/2004/2910/2910_texto_integral.pdf", "ementa": "CONCEDE REAJUSTE SALARIAL DE 3, 34% AOS SERVIDORES P\u00daBLICOS"}, {"id": "4960", "ano": "2004", "numero": "101", "tipo__sigla": "LC", "tipo__descricao": "Lei Complementar", "texto_integral": "http://sapl.sarandi.pr.leg.br/media/sapl/public/normajuridica/2004/4960/lei_compl._no_101-2004__para_site.pdf", "ementa": "Eleva o n\u00famero de vagas de cargos efetivos, na forma que especifica."}, {"id": "2898", "ano": "2004", "numero": "6", "tipo__sigla": "POR", "tipo__descricao": "Portaria", "texto_integral": "http://sapl.sarandi.pr.leg.br/media/./sapl/public/normajuridica/2004/2898/2898_texto_integral.pdf", "ementa": "NOMEIA A COMISS\u00c3O PERMANENTE DE LICITA\u00c7\u00c3O DA C\u00c2MARA PARA 2004"}, {"id": "3331", "ano": "2004", "numero": "1", "tipo__sigla": "RES", "tipo__descricao": "Resolu\u00e7\u00e3o", "texto_integral": "http://sapl.sarandi.pr.leg.br/media/./sapl/public/normajuridica/2004/3331/3331_texto_integral.pdf", "ementa": "Autoriza Ceder \u00e0 Comiss\u00e3o Municipal de Direitos Humanos, uma sala, m\u00f3veis e equipamentos para instala\u00e7\u00e3o provis\u00f3ria dos servi\u00e7os de Defensoria P\u00fablica."}, {"id": "1883", "ano": "2004", "numero": "1096", "tipo__sigla": "LEI", "tipo__descricao": "Lei Ordin\u00e1ria", "texto_integral": "http://sapl.sarandi.pr.leg.br/media/sapl/public/normajuridica/2004/1883/lei_no_1096-2004_sapl.pdf", "ementa": "Disp\u00f5e sobre a autoriza\u00e7\u00e3o da concess\u00e3o de fun\u00e7\u00e3o gratificada, e d\u00e1 outras provid\u00eancias."}, {"id": "1882", "ano": "2004", "numero": "1095", "tipo__sigla": "LEI", "tipo__descricao": "Lei Ordin\u00e1ria", "texto_integral": "http://sapl.sarandi.pr.leg.br/media/./sapl/public/normajuridica/2004/1882/1882_texto_integral.pdf", "ementa": "Autoriza o refinanciamento e parcelamento de d\u00e9bitos previdenci\u00e1rios devidos a Previd\u00eancia Social dos Servidores P\u00fablicos do Munic\u00edpio de Sarandi, e d\u00e1 outras provid\u00eancias."}, {"id": "1875", "ano": "2003", "numero": "1088", "tipo__sigla": "LEI", "tipo__descricao": "Lei Ordin\u00e1ria", "texto_integral": "http://sapl.sarandi.pr.leg.br/media/sapl/public/normajuridica/2003/1875/lei_no_1088-2003_sapl.pdf", "ementa": "Altera dispositivos da Lei Municipal n\u00ba 1041/2002, j\u00e1 alterada pela Lei Municipal n\u00ba 1042/2003, que Instituiu, no munic\u00edpio de Sarandi, Estado do Paran\u00e1, a contribui\u00e7\u00e3o para custeio da ilumina\u00e7\u00e3o p\u00fablica e d\u00e1 outras provid\u00eancias."}, {"id": "6497", "ano": "2003", "numero": "1075", "tipo__sigla": "LEI", "tipo__descricao": "Lei Ordin\u00e1ria", "texto_integral": "http://sapl.sarandi.pr.leg.br/media/sapl/public/normajuridica/2003/6497/lei_no_1075-2003_sapl.pdf", "ementa": "Permite o uso das cozinhas e respectivos utens\u00edlios das reparti\u00e7\u00f5es p\u00fablicas municipais para o preparo de refei\u00e7\u00f5es destinadas aos servidores e d\u00e1 outras provid\u00eancias."}, {"id": "4661", "ano": "2003", "numero": "1074", "tipo__sigla": "LEI", "tipo__descricao": "Lei Ordin\u00e1ria", "texto_integral": "http://sapl.sarandi.pr.leg.br/media/sapl/public/normajuridica/2003/4661/ato_da_mesa_no_007-2009.pdf", "ementa": "D\u00e1 nova reda\u00e7\u00e3o ao Artigo 2\u00ba, da Lei Municipal n\u00ba 890/2000, de 11/09/2000, onde autoriza o executivo municipal a fornecer cesta b\u00e1sica ao servidor municipal cuja remunera\u00e7\u00e3o mensal n\u00e3o ultrapasse 3 (tr\u00eas) sal\u00e1rios m\u00ednimos."}, {"id": "3855", "ano": "2003", "numero": "98", "tipo__sigla": "LC", "tipo__descricao": "Lei Complementar", "texto_integral": "http://sapl.sarandi.pr.leg.br/media/./sapl/public/normajuridica/2003/3855/3855_texto_integral.pdf", "ementa": "Acrescenta par\u00e1grafo ao artigo 243 da Lei Complementar n\u00ba 70/01, de 26 de dezembro de 2001."}, {"id": "1881", "ano": "2004", "numero": "1094", "tipo__sigla": "LEI", "tipo__descricao": "Lei Ordin\u00e1ria", "texto_integral": "http://sapl.sarandi.pr.leg.br/media/./sapl/public/normajuridica/2004/1881/1881_texto_integral.pdf", "ementa": "Autoriza o munic\u00edpio de Sarandi, Estado do Paran\u00e1, a doar im\u00f3veis urbanos, na forma que especifica."}, {"id": "1880", "ano": "2004", "numero": "1093", "tipo__sigla": "LEI", "tipo__descricao": "Lei Ordin\u00e1ria", "texto_integral": "http://sapl.sarandi.pr.leg.br/media/sapl/public/normajuridica/2004/1880/lei_no_1093-2004_sapl.pdf", "ementa": "Autoriza o munic\u00edpio de Sarandi, Estado do Paran\u00e1, a doar im\u00f3veis urbanos, na forma que especifica."}, {"id": "1879", "ano": "2004", "numero": "1092", "tipo__sigla": "LEI", "tipo__descricao": "Lei Ordin\u00e1ria", "texto_integral": "http://sapl.sarandi.pr.leg.br/media/sapl/public/normajuridica/2004/1879/lei_no_1092-2004_sapl.pdf", "ementa": "Autoriza o Munic\u00edpio de Sarandi, Estado do Paran\u00e1, a firmar cons\u00f3rcio com o Munic\u00edpio de Maring\u00e1."}, {"id": "1550", "ano": "2004", "numero": "4", "tipo__sigla": "DL", "tipo__descricao": "Decreto Legislativo", "texto_integral": "http://sapl.sarandi.pr.leg.br/media/./sapl/public/normajuridica/2004/1550/1550_texto_integral.pdf", "ementa": "Disp\u00f5e sobre Rejei\u00e7\u00e3o do \"Veto n\u00b0 002/2004\", Aposto A Lei Complementar n\u00b0 098/2003, originada do Projeto de Lei Complementar n\u00b0 109/2003, de Autoria do edil Nelson Mariano da Silva, o qual Acrescenta Par\u00e1grafo \u00danico no artigo 243 da Lei Complementar n\u00b0 070/2001, que Institui o C\u00f3digo Tribut\u00e1rio no Munic\u00edpio."}, {"id": "1541", "ano": "2004", "numero": "3", "tipo__sigla": "DL", "tipo__descricao": "Decreto Legislativo", "texto_integral": "http://sapl.sarandi.pr.leg.br/media/./sapl/public/normajuridica/2004/1541/1541_texto_integral.pdf", "ementa": "Disp\u00f5e sobre Rejei\u00e7\u00e3o do \"Veto n\u00b0 001/2004\" Aposto \u00e0 Lei Municipal n\u00b0 1088/2003, originada do Projeto de Lei n\u00b01214/2003, de Autoria dos edis Jo\u00e3o Lara Vieira e Rafael Pszybylski, que Disp\u00f5e sobre a altera\u00e7\u00e3o de dispositivo da Lei Municipal n\u00b0 1041/2002, que institui a contribui\u00e7\u00e3o para o custeio da Ilumina\u00e7\u00e3o P\u00fablica no Munic\u00edpio."}, {"id": "1529", "ano": "2004", "numero": "2", "tipo__sigla": "DL", "tipo__descricao": "Decreto Legislativo", "texto_integral": "http://sapl.sarandi.pr.leg.br/media/./sapl/public/normajuridica/2004/1529/1529_texto_integral.pdf", "ementa": "Disp\u00f5e sobre Rejei\u00e7\u00e3o do \"Veto n\u00b0 007/2003\" Aposto \u00e0 Lei n\u00b0 1189/2003, de Autoria dos edis Alcides Ferreira e Valdir da Siva, que Disp\u00f5e sobre a altera\u00e7\u00e3o do Art. 2\u00b0 da Lei Municipal n\u00b0 890/2000, que trata do fornecimento de cestas b\u00e1sicas aos servidores municipais."}, {"id": "1518", "ano": "2004", "numero": "1", "tipo__sigla": "DL", "tipo__descricao": "Decreto Legislativo", "texto_integral": "http://sapl.sarandi.pr.leg.br/media/./sapl/public/normajuridica/2004/1518/1518_texto_integral.pdf", "ementa": "Disp\u00f5e sobre Rejei\u00e7\u00e3o do \"Veto n\u00b0 1075/2003, originada do Projeto de Lei n\u00b0 1195/2003,\" de Autoria da edil Sandra Aparecida Klebis Moreira, que Disp\u00f5e sobre a permiss\u00e3o de uso das cozinhas e respectivos utens\u00edlios das repeti\u00e7\u00f5es p\u00fablicas municipais para o preparo de refei\u00e7\u00f5es destinadas aos servidores."}, {"id": "2886", "ano": "2004", "numero": "5", "tipo__sigla": "POR", "tipo__descricao": "Portaria", "texto_integral": "http://sapl.sarandi.pr.leg.br/media/./sapl/public/normajuridica/2004/2886/2886_texto_integral.pdf", "ementa": "CONCEDE PROGRESS\u00c3O FUNCIONAL, AOS SERVIDORES AN\u00c9SIO JOS\u00c9 DA SILVA, CLEONICE IZIDIO DE AZEVEDO E DALVECIR APARECIDO BONORA"}, {"id": "2874", "ano": "2004", "numero": "4", "tipo__sigla": "POR", "tipo__descricao": "Portaria", "texto_integral": "http://sapl.sarandi.pr.leg.br/media/./sapl/public/normajuridica/2004/2874/2874_texto_integral.pdf", "ementa": "TORNA P\u00daBLICO QUE A SERVIDORA CLEONICE IZIDIO DE AZEVEDO, ASSUMIR\u00c1 INTERINAMENTE O CARGO DE TELEFONISTA, DURANTE O ANO DE 2004"}, {"id": "2850", "ano": "2004", "numero": "2", "tipo__sigla": "POR", "tipo__descricao": "Portaria", "texto_integral": "http://sapl.sarandi.pr.leg.br/media/./sapl/public/normajuridica/2004/2850/2850_texto_integral.pdf", "ementa": "TORNA P\u00daBLICO O FECHAMENTO DA C\u00c2MARA NOS DIAS 15 E 16 DE JANEIRO DE 2004, PARA FINS DE EXECU\u00c7\u00c3O DE SERVI\u00c7OS DE PINTURA DO PLEN\u00c1RIO E RECEP\u00c7\u00c3O DO PR\u00c9DIO DA C\u00c2MARA"}, {"id": "2862", "ano": "2004", "numero": "3", "tipo__sigla": "POR", "tipo__descricao": "Portaria", "texto_integral": "http://sapl.sarandi.pr.leg.br/media/./sapl/public/normajuridica/2004/2862/2862_texto_integral.pdf", "ementa": "HOMOLOGA RESULTADO DAS COMISS\u00d5ES PERMANENTES PARA O ANO DE 2004"}, {"id": "2838", "ano": "2004", "numero": "1", "tipo__sigla": "POR", "tipo__descricao": "Portaria", "texto_integral": "http://sapl.sarandi.pr.leg.br/media/./sapl/public/normajuridica/2004/2838/2838_texto_integral.pdf", "ementa": "TORNA P\u00daBLICO O FECHAMENTO DA C\u00c2MARA NOS DIAS 07 A 09 DE JANEIRO DE 2004, PARA FINS DE CONFER\u00caNCIA DE PATRIM\u00d4NIO"}, {"id": "1878", "ano": "2003", "numero": "1091", "tipo__sigla": "LEI", "tipo__descricao": "Lei Ordin\u00e1ria", "texto_integral": "http://sapl.sarandi.pr.leg.br/media/sapl/public/normajuridica/2003/1878/lei_no_1091-2003_sapl.pdf", "ementa": "Estima a receita e fixa a despesa do munic\u00edpio para o exerc\u00edcio de 2004."}, {"id": "1604", "ano": "2003", "numero": "100", "tipo__sigla": "LC", "tipo__descricao": "Lei Complementar", "texto_integral": "http://sapl.sarandi.pr.leg.br/media/./sapl/public/normajuridica/2003/1604/1604_texto_integral.pdf", "ementa": "Altera dispositivo da Lei Complementar n\u00ba 70/2001, que normatiza o Sistema Tribut\u00e1rio do Munic\u00edpio de Sarandi, Estado do Paran\u00e1."}, {"id": "3084", "ano": "2003", "numero": "23", "tipo__sigla": "POR", "tipo__descricao": "Portaria", "texto_integral": "http://sapl.sarandi.pr.leg.br/media/./sapl/public/normajuridica/2003/3084/3084_texto_integral.pdf", "ementa": "ESTABELECE NORMAS, PRAZO, QUANTIDADE DE MEMBROS E DE COMISS\u00c3O PARLAMENTAR DE INQU\u00c9RITO DA C\u00c2MARA, PARA APURAR IRREGULARIDADES NA ADMINISTRA\u00c7\u00c3O MUNICIPAL DE 1997 A 2000"}, {"id": "4508", "ano": "2003", "numero": "1072", "tipo__sigla": "LEI", "tipo__descricao": "Lei Ordin\u00e1ria", "texto_integral": "http://sapl.sarandi.pr.leg.br/media/sapl/public/normajuridica/2003/4508/1072-2003.pdf", "ementa": "Autoriza, excepcionalmente, a subdivis\u00e3o de um lote de terras da Planta Urbana da cidade com uma testada de 9,26 metros lineares."}, {"id": "4507", "ano": "2003", "numero": "1071", "tipo__sigla": "LEI", "tipo__descricao": "Lei Ordin\u00e1ria", "texto_integral": "http://sapl.sarandi.pr.leg.br/media/sapl/public/normajuridica/2003/4507/ato_da_mesa_no_001-2005.pdf", "ementa": "Acrescenta par\u00e1grafo \u00e0 Lei Municipal n\u00ba 890/00."}, {"id": "1859", "ano": "2003", "numero": "1066", "tipo__sigla": "LEI", "tipo__descricao": "Lei Ordin\u00e1ria", "texto_integral": "http://sapl.sarandi.pr.leg.br/media/sapl/public/normajuridica/2003/1859/ato_da_mesa_no_001-2005.pdf", "ementa": "D\u00e1 nova reda\u00e7\u00e3o ao inciso I, do artigo 5\u00ba, da Lei n\u00ba 955, de 28 de novembro de 2001, que regulamenta as elei\u00e7\u00f5es diretas nas Unidades de Ensino da Rede P\u00fablica Municipal."}, {"id": "3856", "ano": "2003", "numero": "99", "tipo__sigla": "LC", "tipo__descricao": "Lei Complementar", "texto_integral": "http://sapl.sarandi.pr.leg.br/media/./sapl/public/normajuridica/2003/3856/3856_texto_integral.pdf", "ementa": "Autoriza o Poder Executivo Municipal a criar Zona de Urbaniza\u00e7\u00e3o Espec\u00edfica, e d\u00e1 outras provid\u00eancias."}, {"id": "1877", "ano": "2003", "numero": "1090", "tipo__sigla": "LEI", "tipo__descricao": "Lei Ordin\u00e1ria", "texto_integral": "http://sapl.sarandi.pr.leg.br/media/sapl/public/normajuridica/2003/1877/lei_no_1090-2003_sapl.pdf", "ementa": "Disp\u00f5e sobre a autoriza\u00e7\u00e3o da concess\u00e3o de abono salarial aos professores e especialistas de educa\u00e7\u00e3o da Rede P\u00fablica de Ensino do Munic\u00edpio de Sarandi, Estado do Paran\u00e1, e d\u00e1 outras provid\u00eancias."}, {"id": "1876", "ano": "2003", "numero": "1089", "tipo__sigla": "LEI", "tipo__descricao": "Lei Ordin\u00e1ria", "texto_integral": "http://sapl.sarandi.pr.leg.br/media/./sapl/public/normajuridica/2003/1876/1876_texto_integral.pdf", "ementa": "Disp\u00f5e sobre a cria\u00e7\u00e3o do Conselho Municipal de Habita\u00e7\u00e3o, e d\u00e1 outras provid\u00eancias."}, {"id": "1874", "ano": "2003", "numero": "1087", "tipo__sigla": "LEI", "tipo__descricao": "Lei Ordin\u00e1ria", "texto_integral": "http://sapl.sarandi.pr.leg.br/media/sapl/public/normajuridica/2003/1874/lei_no_1087-2003_sapl.pdf", "ementa": "Altera dispositivo da Lei Municipal n\u00ba 1.041/2002."}, {"id": "1873", "ano": "2003", "numero": "1086", "tipo__sigla": "LEI", "tipo__descricao": "Lei Ordin\u00e1ria", "texto_integral": "http://sapl.sarandi.pr.leg.br/media/sapl/public/normajuridica/2003/1873/lei_no_1086-2003_sapl.pdf", "ementa": "Institui a pr\u00e1tica da leitura da B\u00edblia Sagrada nas institui\u00e7\u00f5es de ensino do munic\u00edpio e d\u00e1 outras provid\u00eancias."}, {"id": "1587", "ano": "2003", "numero": "15", "tipo__sigla": "DL", "tipo__descricao": "Decreto Legislativo", "texto_integral": "http://sapl.sarandi.pr.leg.br/media/./sapl/public/normajuridica/2003/1587/1587_texto_integral.pdf", "ementa": "Disp\u00f5e sobre Aceita\u00e7\u00e3o do \"Veto n\u00b0 005/2003\", Aposto A. Lei Municipal n\u00b01072/2003, de Autoria dos edis Alcides Ferreira e Valdir da Silva, a qual disp\u00f5e sobre a Subdivis\u00e3o do lote de Cenas n\u00b0 09 da Quadra n\u00b0 20, do Jardim Gralha Azul."}, {"id": "1585", "ano": "2003", "numero": "14", "tipo__sigla": "DL", "tipo__descricao": "Decreto Legislativo", "texto_integral": "http://sapl.sarandi.pr.leg.br/media/./sapl/public/normajuridica/2003/1585/1585_texto_integral.pdf", "ementa": "Disp\u00f5e sobre Rejei\u00e7\u00e3o do \"Veto n\u00b0 004/2003\", Aposto \u00e0 Lei Municipal n\u00b0 1071/2003, de Autoria do Vereador Cleiton Damasceno do Carmo e outros, o qual disp\u00f5e sobre a altera\u00e7\u00e3o da Lei 890/2000, que Autoriza doa\u00e7\u00e3o de Cestas B\u00e1sicas aos Servidores P\u00fablicos Municipais."}, {"id": "1583", "ano": "2003", "numero": "13", "tipo__sigla": "DL", "tipo__descricao": "Decreto Legislativo", "texto_integral": "http://sapl.sarandi.pr.leg.br/media/./sapl/public/normajuridica/2003/1583/1583_texto_integral.pdf", "ementa": "Disp\u00f5e sobre aceita\u00e7\u00e3o do \"Veto n\u00b0 003/2003\", Aposto \u00e0 Lei Municipal n\u00b0 1066/2003, de Autoria da edil Sandra Aparecida Klebis Moreira, a qual disp\u00f5e sobre a altera\u00e7\u00e3o da Lei 955/2001, que trata das elei\u00e7\u00f5es diretas nas Unidades de Ensino de Rede P\u00fablica Municipal."}, {"id": "1581", "ano": "2003", "numero": "12", "tipo__sigla": "DL", "tipo__descricao": "Decreto Legislativo", "texto_integral": "http://sapl.sarandi.pr.leg.br/media/./sapl/public/normajuridica/2003/1581/1581_texto_integral.pdf", "ementa": "Concede Titulo de Honraria ao Deputado Federal Od\u00edlio Balbinotti."}, {"id": "1872", "ano": "2003", "numero": "1085", "tipo__sigla": "LEI", "tipo__descricao": "Lei Ordin\u00e1ria", "texto_integral": "http://sapl.sarandi.pr.leg.br/media/./sapl/public/normajuridica/2003/1872/1872_texto_integral.pdf", "ementa": "Autoriza a concess\u00e3o de direito real de uso de im\u00f3vel pertencente \u00e0 municipalidade, na forma que especifica."}, {"id": "1871", "ano": "2003", "numero": "1084", "tipo__sigla": "LEI", "tipo__descricao": "Lei Ordin\u00e1ria", "texto_integral": "http://sapl.sarandi.pr.leg.br/media/sapl/public/normajuridica/2003/1871/lei_no_1084-2003_sapl.pdf", "ementa": "Autoriza a cria\u00e7\u00e3o do Programa de Incentivo ao Aperfei\u00e7oamento Profissional para docentes que atuam na Rede Municipal de Ensino, e d\u00e1 outras provid\u00eancias."}, {"id": "1870", "ano": "2003", "numero": "1083", "tipo__sigla": "LEI", "tipo__descricao": "Lei Ordin\u00e1ria", "texto_integral": "http://sapl.sarandi.pr.leg.br/media/sapl/public/normajuridica/2003/1870/lei_no_1083-2003_sapl.pdf", "ementa": "Autoriza a concess\u00e3o de direito real de uso de im\u00f3vel pertencente \u00e0 municipalidade, na forma que especifica."}, {"id": "1869", "ano": "2003", "numero": "1082", "tipo__sigla": "LEI", "tipo__descricao": "Lei Ordin\u00e1ria", "texto_integral": "http://sapl.sarandi.pr.leg.br/media/sapl/public/normajuridica/2003/1869/lei_no_1082-2003_sapl.pdf", "ementa": "Autoriza o munic\u00edpio de Sarandi, Estado do Paran\u00e1, a firmar Termo de Conv\u00eanio com o Paran\u00e1 Banco S/A."}, {"id": "1868", "ano": "2003", "numero": "1081", "tipo__sigla": "LEI", "tipo__descricao": "Lei Ordin\u00e1ria", "texto_integral": "http://sapl.sarandi.pr.leg.br/media/./sapl/public/normajuridica/2003/1868/1868_texto_integral.pdf", "ementa": "Altera dispositivos da Lei Municipal n\u00ba 624/95 que criou o Conselho Municipal de Assist\u00eancia Social e o Fundo Municipal de Assist\u00eancia Social, e d\u00e1 outras provid\u00eancias."}, {"id": "1867", "ano": "2003", "numero": "1080", "tipo__sigla": "LEI", "tipo__descricao": "Lei Ordin\u00e1ria", "texto_integral": "http://sapl.sarandi.pr.leg.br/media/sapl/public/normajuridica/2003/1867/lei_no_1080-2003_sapl.pdf", "ementa": "Autoriza o Poder Executivo Municipal a abrir cr\u00e9ditos adicionais especiais, na forma que especifica."}, {"id": "1866", "ano": "2003", "numero": "1079", "tipo__sigla": "LEI", "tipo__descricao": "Lei Ordin\u00e1ria", "texto_integral": "http://sapl.sarandi.pr.leg.br/media/sapl/public/normajuridica/2003/1866/lei_no_1079-2003_sapl.pdf", "ementa": "Autoriza o Poder Executivo Municipal a abrir cr\u00e9ditos adicionais especiais, na forma que especifica."}, {"id": "1865", "ano": "2003", "numero": "1078", "tipo__sigla": "LEI", "tipo__descricao": "Lei Ordin\u00e1ria", "texto_integral": "http://sapl.sarandi.pr.leg.br/media/sapl/public/normajuridica/2003/1865/lei_no_1078-2003_sapl.pdf", "ementa": "Autoriza o Poder Executivo Municipal a abrir cr\u00e9ditos adicionais especiais, na forma que especifica."}, {"id": "1864", "ano": "2003", "numero": "1077", "tipo__sigla": "LEI", "tipo__descricao": "Lei Ordin\u00e1ria", "texto_integral": "http://sapl.sarandi.pr.leg.br/media/./sapl/public/normajuridica/2003/1864/1864_texto_integral.pdf", "ementa": "Autoriza o Poder Executivo Municipal a abrir cr\u00e9ditos adicionais especiais, na forma que especifica."}, {"id": "1863", "ano": "2003", "numero": "1076", "tipo__sigla": "LEI", "tipo__descricao": "Lei Ordin\u00e1ria", "texto_integral": "http://sapl.sarandi.pr.leg.br/media/sapl/public/normajuridica/2003/1863/lei_no_1076-2003_sapl.pdf", "ementa": "Autoriza o munic\u00edpio de Sarandi, Estado do Paran\u00e1, a firmar Termo de Coopera\u00e7\u00e3o com a EMATER-Paran\u00e1."}, {"id": "1862", "ano": "2003", "numero": "1073", "tipo__sigla": "LEI", "tipo__descricao": "Lei Ordin\u00e1ria", "texto_integral": "http://sapl.sarandi.pr.leg.br/media/./sapl/public/normajuridica/2003/1862/1862_texto_integral.pdf", "ementa": "Determina obriga\u00e7\u00f5es \u00e0s Ag\u00eancias Banc\u00e1rias, no \u00e2mbito do munic\u00edpio, aos seus usu\u00e1rios e d\u00e1 outras provid\u00eancias."}, {"id": "1861", "ano": "2003", "numero": "1070", "tipo__sigla": "LEI", "tipo__descricao": "Lei Ordin\u00e1ria", "texto_integral": "http://sapl.sarandi.pr.leg.br/media/sapl/public/normajuridica/2003/1861/lei_no_1070-2003_sapl.pdf", "ementa": "Transforma em m\u00e3o-\u00fanica a rua Parana\u00edba e d\u00e1 outras provid\u00eancias."}, {"id": "1795", "ano": "2003", "numero": "97", "tipo__sigla": "LC", "tipo__descricao": "Lei Complementar", "texto_integral": "http://sapl.sarandi.pr.leg.br/media/./sapl/public/normajuridica/2003/1795/1795_texto_integral.pdf", "ementa": "A Avenida Anchieta, em toda a sua extens\u00e3o, passa a integrar o Eixo de Com\u00e9rcio e Servi\u00e7os I."}, {"id": "1860", "ano": "2003", "numero": "1069", "tipo__sigla": "LEI", "tipo__descricao": "Lei Ordin\u00e1ria", "texto_integral": "http://sapl.sarandi.pr.leg.br/media/./sapl/public/normajuridica/2003/1860/1860_texto_integral.pdf", "ementa": "Denomina estabelecimento de ensino situado no munic\u00edpio, na forma que especifica."}, {"id": "6496", "ano": "2003", "numero": "1068", "tipo__sigla": "LEI", "tipo__descricao": "Lei Ordin\u00e1ria", "texto_integral": "http://sapl.sarandi.pr.leg.br/media/sapl/public/normajuridica/2003/6496/lei_no_1068-2003_sapl.pdf", "ementa": "Institui o Programa Municipal de Apoio aos Catadores de Materiais Recicl\u00e1veis, e d\u00e1 outras provid\u00eancias."}, {"id": "1858", "ano": "2003", "numero": "1067", "tipo__sigla": "LEI", "tipo__descricao": "Lei Ordin\u00e1ria", "texto_integral": "http://sapl.sarandi.pr.leg.br/media/./sapl/public/normajuridica/2003/1858/1858_texto_integral.pdf", "ementa": "Cria a Comiss\u00e3o Municipal de Defesa Civil - COMDEC do Munic\u00edpio de Sarandi, Estado do Paran\u00e1 e d\u00e1 outras provid\u00eancias."}, {"id": "1794", "ano": "2003", "numero": "96", "tipo__sigla": "LC", "tipo__descricao": "Lei Complementar", "texto_integral": "http://sapl.sarandi.pr.leg.br/media/./sapl/public/normajuridica/2003/1794/1794_texto_integral.pdf", "ementa": "Inclui rua no Eixo Comercial da cidade."}, {"id": "1793", "ano": "2003", "numero": "95", "tipo__sigla": "LC", "tipo__descricao": "Lei Complementar", "texto_integral": "http://sapl.sarandi.pr.leg.br/media/./sapl/public/normajuridica/2003/1793/1793_texto_integral.pdf", "ementa": "Inclui rua no Eixo Comercial da cidade."}, {"id": "1792", "ano": "2003", "numero": "94", "tipo__sigla": "LC", "tipo__descricao": "Lei Complementar", "texto_integral": "http://sapl.sarandi.pr.leg.br/media/./sapl/public/normajuridica/2003/1792/1792_texto_integral.pdf", "ementa": "Inclui rua no Eixo Comercial da cidade."}, {"id": "1843", "ano": "2003", "numero": "1050", "tipo__sigla": "LEI", "tipo__descricao": "Lei Ordin\u00e1ria", "texto_integral": "http://sapl.sarandi.pr.leg.br/media/./sapl/public/normajuridica/2003/1843/1843_texto_integral.pdf", "ementa": "Disp\u00f5e sobre o Servi\u00e7o Funer\u00e1rio e d\u00e1 outras provid\u00eancias."}, {"id": "1857", "ano": "2003", "numero": "1065", "tipo__sigla": "LEI", "tipo__descricao": "Lei Ordin\u00e1ria", "texto_integral": "http://sapl.sarandi.pr.leg.br/media/sapl/public/normajuridica/2003/1857/lei_no_1065-2003_sapl.pdf", "ementa": "Disp\u00f5e sobre a prescri\u00e7\u00e3o de medicamentos gen\u00e9ricos nos estabelecimentos do sistema de sa\u00fade municipal."}, {"id": "1856", "ano": "2003", "numero": "1064", "tipo__sigla": "LEI", "tipo__descricao": "Lei Ordin\u00e1ria", "texto_integral": "http://sapl.sarandi.pr.leg.br/media/./sapl/public/normajuridica/2003/1856/1856_texto_integral.pdf", "ementa": "Autoriza a concess\u00e3o de direito real de uso de im\u00f3veis da municipalidade, na forma que especifica."}, {"id": "1791", "ano": "2003", "numero": "93", "tipo__sigla": "LC", "tipo__descricao": "Lei Complementar", "texto_integral": "http://sapl.sarandi.pr.leg.br/media/./sapl/public/normajuridica/2003/1791/1791_texto_integral.pdf", "ementa": "Inclui rua no Eixo Comercial da cidade."}, {"id": "1790", "ano": "2003", "numero": "92", "tipo__sigla": "LC", "tipo__descricao": "Lei Complementar", "texto_integral": "http://sapl.sarandi.pr.leg.br/media/./sapl/public/normajuridica/2003/1790/1790_texto_integral.pdf", "ementa": "Inclui rua no Eixo Comercial da cidade."}, {"id": "3074", "ano": "2003", "numero": "22", "tipo__sigla": "POR", "tipo__descricao": "Portaria", "texto_integral": "http://sapl.sarandi.pr.leg.br/media/./sapl/public/normajuridica/2003/3074/3074_texto_integral.pdf", "ementa": "REVOGA A PORTARIA N\u00b0014/2003, DE 15/05/2003"}, {"id": "1579", "ano": "2003", "numero": "11", "tipo__sigla": "DL", "tipo__descricao": "Decreto Legislativo", "texto_integral": "http://sapl.sarandi.pr.leg.br/media/./sapl/public/normajuridica/2003/1579/1579_texto_integral.pdf", "ementa": "Disp\u00f5e sobre Rejei\u00e7\u00e3o do \"Veto n\u00b0 002/2003\", Aposto \u00e0 Lei Municipal n\u00b0 1059/2003, de Autoria do edil Jos\u00e9 Aparecido da Silva o qual disp\u00f5e sobre a Institui\u00e7\u00e3o do Programa de Incentivo ao Aperfei\u00e7oamento Profissional de Professores - PROMAGIS."}, {"id": "1577", "ano": "2003", "numero": "10", "tipo__sigla": "DL", "tipo__descricao": "Decreto Legislativo", "texto_integral": "http://sapl.sarandi.pr.leg.br/media/./sapl/public/normajuridica/2003/1577/1577_texto_integral.pdf", "ementa": "Disp\u00f5e sobre Rejei\u00e7\u00e3o do \"Veto n\u00b0 001/2003\", Aposto a al\u00ednea K, do inicio I, do Artigo 27, da Lei Municipal n\u00b0 1050/2003, que disp\u00f5e sobre o Servi\u00e7o Funer\u00e1rio e d\u00e1 outras provid\u00eancias."}, {"id": "1575", "ano": "2003", "numero": "9", "tipo__sigla": "DL", "tipo__descricao": "Decreto Legislativo", "texto_integral": "http://sapl.sarandi.pr.leg.br/media/./sapl/public/normajuridica/2003/1575/1575_texto_integral.pdf", "ementa": "Disp\u00f5e sobre Rejei\u00e7\u00e3o do \"Veto n\u00b0 001/2003\", Aposto ao Par\u00e1grafo 3\u00ba, do Artigo 12, da Lei Municipal n\u00b0 1050/2003, que disp\u00f5e sobre o Servi\u00e7o Funer\u00e1rio e d\u00e1 outras provid\u00eancias."}, {"id": "1572", "ano": "2003", "numero": "8", "tipo__sigla": "DL", "tipo__descricao": "Decreto Legislativo", "texto_integral": "http://sapl.sarandi.pr.leg.br/media/./sapl/public/normajuridica/2003/1572/1572_texto_integral.pdf", "ementa": "Disp\u00f5e sobre Rejei\u00e7\u00e3o do \"Veto n\u00b0 001/2003\", Aposto ao Par\u00e1grafo 2\u00b0, do Artigo 12, da Lei Municipal n\u00b0 1050/2003, que disp\u00f5e sobre o Servi\u00e7o Funer\u00e1rio e d\u00e1 outras provid\u00eancias."}, {"id": "1567", "ano": "2003", "numero": "7", "tipo__sigla": "DL", "tipo__descricao": "Decreto Legislativo", "texto_integral": "http://sapl.sarandi.pr.leg.br/media/./sapl/public/normajuridica/2003/1567/1567_texto_integral.pdf", "ementa": "Disp\u00f5e sobre Rejei\u00e7\u00e3o do \"Veto n\u00b0 001/2003\", Aposto ao Artigo 11, da Lei Municipal n\u00b0 1050/2003, que disp\u00f5e sobre o Servi\u00e7o Funer\u00e1rio e d\u00e1 outras provid\u00eancias."}, {"id": "1562", "ano": "2003", "numero": "6", "tipo__sigla": "DL", "tipo__descricao": "Decreto Legislativo", "texto_integral": "http://sapl.sarandi.pr.leg.br/media/./sapl/public/normajuridica/2003/1562/1562_texto_integral.pdf", "ementa": "Disp\u00f5e sobre Rejei\u00e7\u00e3o do \"Veto n\u00b0 001/2003\", Aposto aos Par\u00e1grafos 1\u00b0 e 2\u00b0, do Artigo 10, da Lei Municipal n\u00b0 1050/2003, que Disp\u00f5e sobre o Servi\u00e7o Funer\u00e1rio e d\u00e1 outras provid\u00eancias."}, {"id": "1855", "ano": "2003", "numero": "1063", "tipo__sigla": "LEI", "tipo__descricao": "Lei Ordin\u00e1ria", "texto_integral": "http://sapl.sarandi.pr.leg.br/media/sapl/public/normajuridica/2003/1855/lei_no_1063-2003_sapl.pdf", "ementa": "Altera a Lei n\u00ba 118/86, de 25 de abril de 1986, que disp\u00f5e sobre a denomina\u00e7\u00e3o da escola da APAE."}, {"id": "1556", "ano": "2003", "numero": "5", "tipo__sigla": "DL", "tipo__descricao": "Decreto Legislativo", "texto_integral": "http://sapl.sarandi.pr.leg.br/media/./sapl/public/normajuridica/2003/1556/1556_texto_integral.pdf", "ementa": "Concede Titulo de Benemer\u00eancia a O Promotora Doutora M\u00f4nica Maciel Gon\u00e7alves."}, {"id": "1549", "ano": "2003", "numero": "4", "tipo__sigla": "DL", "tipo__descricao": "Decreto Legislativo", "texto_integral": "http://sapl.sarandi.pr.leg.br/media/./sapl/public/normajuridica/2003/1549/1549_texto_integral.pdf", "ementa": "Concede Titulo de Benemer\u00eancia a Merit\u00edssima Ju\u00edza Doutora Carmem L\u00facia Rodrigues Ramajo."}, {"id": "3064", "ano": "2003", "numero": "21", "tipo__sigla": "POR", "tipo__descricao": "Portaria", "texto_integral": "http://sapl.sarandi.pr.leg.br/media/./sapl/public/normajuridica/2003/3064/3064_texto_integral.pdf", "ementa": "NOMEIA O SENHOR ALBERTO ABRA\u00c3O VAGNER DA ROCHA, PARA EXERCER AS FUN\u00c7\u00d5ES DE PROCURADOR JUR\u00cdDICO"}, {"id": "1854", "ano": "2003", "numero": "1062", "tipo__sigla": "LEI", "tipo__descricao": "Lei Ordin\u00e1ria", "texto_integral": "http://sapl.sarandi.pr.leg.br/media/sapl/public/normajuridica/2003/1854/lei_no_1062-2003_sapl.pdf", "ementa": "Autoriza o Poder Executivo Municipal a firmar acordo de parcelamento de d\u00edvida para com o Instituto Nacional do Seguro Social - INSS, e d\u00e1 outras provid\u00eancias."}, {"id": "1853", "ano": "2003", "numero": "1061", "tipo__sigla": "LEI", "tipo__descricao": "Lei Ordin\u00e1ria", "texto_integral": "http://sapl.sarandi.pr.leg.br/media/./sapl/public/normajuridica/2003/1853/1853_texto_integral.pdf", "ementa": "Disp\u00f5e sobre as diretrizes para elabora\u00e7\u00e3o da Lei Or\u00e7ament\u00e1ria para o exerc\u00edcio de 2004, e d\u00e1 outras provid\u00eancias."}, {"id": "4752", "ano": "2003", "numero": "1060", "tipo__sigla": "LEI", "tipo__descricao": "Lei Ordin\u00e1ria", "texto_integral": "http://sapl.sarandi.pr.leg.br/media/sapl/public/normajuridica/2003/4752/lei_no_1060-2003.pdf", "ementa": "Autoriza o Poder Executivo Municipal a doar pr\u00f3prios do munic\u00edpio, e d\u00e1 outras provid\u00eancias."}, {"id": "1852", "ano": "2003", "numero": "1059", "tipo__sigla": "LEI", "tipo__descricao": "Lei Ordin\u00e1ria", "texto_integral": "http://sapl.sarandi.pr.leg.br/media/./sapl/public/normajuridica/2003/1852/1852_texto_integral.pdf", "ementa": "Institui o Programa de Incentivo ao Aperfei\u00e7oamento Profissional de Professores - PROMAGIS."}, {"id": "1851", "ano": "2003", "numero": "1058", "tipo__sigla": "LEI", "tipo__descricao": "Lei Ordin\u00e1ria", "texto_integral": "http://sapl.sarandi.pr.leg.br/media/sapl/public/normajuridica/2003/1851/lei_no_1058-2003_sapl.pdf", "ementa": "Cria o Projeto Educa\u00e7\u00e3o F\u00edsica na Rede Municipal de Ensino de Sarandi, para cumprimento no disposto no artigo 26, par\u00e1grafo 3\u00ba, da Lei de Diretrizes e Bases da Educa\u00e7\u00e3o Nacional - Lei Federal n\u00ba 9.394/96, e d\u00e1 outras provid\u00eancias."}, {"id": "1850", "ano": "2003", "numero": "1057", "tipo__sigla": "LEI", "tipo__descricao": "Lei Ordin\u00e1ria", "texto_integral": "http://sapl.sarandi.pr.leg.br/media/sapl/public/normajuridica/2003/1850/lei_no_1057-2003_sapl.pdf", "ementa": "Cria o Programa Municipal Oficinas Comunit\u00e1rias de Cultura, Esporte e Lazer, e d\u00e1 outras provid\u00eancias."}, {"id": "1789", "ano": "2003", "numero": "91", "tipo__sigla": "LC", "tipo__descricao": "Lei Complementar", "texto_integral": "http://sapl.sarandi.pr.leg.br/media/./sapl/public/normajuridica/2003/1789/1789_texto_integral.pdf", "ementa": "Inclui rua no Eixo Comercial da cidade."}, {"id": "1788", "ano": "2003", "numero": "90", "tipo__sigla": "LC", "tipo__descricao": "Lei Complementar", "texto_integral": "http://sapl.sarandi.pr.leg.br/media/./sapl/public/normajuridica/2003/1788/1788_texto_integral.pdf", "ementa": "Inclui rua no Eixo Comercial da cidade."}, {"id": "1849", "ano": "2003", "numero": "1056", "tipo__sigla": "LEI", "tipo__descricao": "Lei Ordin\u00e1ria", "texto_integral": "http://sapl.sarandi.pr.leg.br/media/sapl/public/normajuridica/2003/1849/lei_no_1056-2003_sapl.pdf", "ementa": "Institui o Dia do Rio e d\u00e1 outras provid\u00eancias."}, {"id": "1848", "ano": "2003", "numero": "1055", "tipo__sigla": "LEI", "tipo__descricao": "Lei Ordin\u00e1ria", "texto_integral": "http://sapl.sarandi.pr.leg.br/media/sapl/public/normajuridica/2003/1848/lei_no_1055-2003_sapl.pdf", "ementa": "Cria o Programa Municipal de Desenvolvimento Econ\u00f4mico e Social, e d\u00e1 outras provid\u00eancias."}, {"id": "1847", "ano": "2003", "numero": "1054", "tipo__sigla": "LEI", "tipo__descricao": "Lei Ordin\u00e1ria", "texto_integral": "http://sapl.sarandi.pr.leg.br/media/sapl/public/normajuridica/2003/1847/lei_no_1054-2003_sapl.pdf", "ementa": "Autoriza o Poder Executivo a instalar em Curitiba, Centro de Apoio aos Enfermos."}, {"id": "3054", "ano": "2003", "numero": "20", "tipo__sigla": "POR", "tipo__descricao": "Portaria", "texto_integral": "http://sapl.sarandi.pr.leg.br/media/./sapl/public/normajuridica/2003/3054/3054_texto_integral.pdf", "ementa": "REAJUSTAR EM 13,49%, OS SUBS\u00cdDIOS DOS VEREADORES"}, {"id": "1846", "ano": "2003", "numero": "1053", "tipo__sigla": "LEI", "tipo__descricao": "Lei Ordin\u00e1ria", "texto_integral": "http://sapl.sarandi.pr.leg.br/media/sapl/public/normajuridica/2003/1846/lei_no_1053-2003_sapl.pdf", "ementa": "Disp\u00f5e sobre denomina\u00e7\u00e3o de Pra\u00e7a no Jardim Panorama. \"Pra\u00e7a Floriza Maria Domingues Amaral\"."}, {"id": "1787", "ano": "2003", "numero": "89", "tipo__sigla": "LC", "tipo__descricao": "Lei Complementar", "texto_integral": "http://sapl.sarandi.pr.leg.br/media/./sapl/public/normajuridica/2003/1787/1787_texto_integral.pdf", "ementa": "Transforma rua do Eixo de Com\u00e9rcio e Servi\u00e7os-1 em Eixo de Com\u00e9rcio e Servi\u00e7os-2 e d\u00e1 outras provid\u00eancias."}, {"id": "1786", "ano": "2003", "numero": "88", "tipo__sigla": "LC", "tipo__descricao": "Lei Complementar", "texto_integral": "http://sapl.sarandi.pr.leg.br/media/./sapl/public/normajuridica/2003/1786/1786_texto_integral.pdf", "ementa": "Altera a estrutura organizacional do Poder Legislativo e d\u00e1 outras provid\u00eancias."}, {"id": "1540", "ano": "2003", "numero": "3", "tipo__sigla": "DL", "tipo__descricao": "Decreto Legislativo", "texto_integral": "http://sapl.sarandi.pr.leg.br/media/./sapl/public/normajuridica/2003/1540/1540_texto_integral.pdf", "ementa": "Concede Titulo de Cidad\u00e3o Honor\u00e1ria a Coordenadora Nacional da Pastoral da Crian\u00e7a."}, {"id": "3044", "ano": "2003", "numero": "19", "tipo__sigla": "POR", "tipo__descricao": "Portaria", "texto_integral": "http://sapl.sarandi.pr.leg.br/media/./sapl/public/normajuridica/2003/3044/3044_texto_integral.pdf", "ementa": "CONCEDE AO SERVIDOR SR. FRANCISCO ADALBERTO DE SOUZA, OCUPANTE DO CARGO DE AUXILIAR T\u00c9CNICO LEGISLATIVO, 45% DE FUN\u00c7\u00c3O GRATIFICADA"}, {"id": "400", "ano": "2003", "numero": "1052", "tipo__sigla": "LEI", "tipo__descricao": "Lei Ordin\u00e1ria", "texto_integral": "http://sapl.sarandi.pr.leg.br/media/./sapl/public/normajuridica/2003/400/400_texto_integral.pdf", "ementa": "Disp\u00f5e sobre a cria\u00e7\u00e3o de ponto de autom\u00f3veis de alugu\u00e9is e d\u00e1 outras provid\u00eancias correlatas."}, {"id": "1844", "ano": "2003", "numero": "1051", "tipo__sigla": "LEI", "tipo__descricao": "Lei Ordin\u00e1ria", "texto_integral": "http://sapl.sarandi.pr.leg.br/media/sapl/public/normajuridica/2003/1844/lei_no_1051-2003_sapl.pdf", "ementa": "Disp\u00f5e sobre autoriza\u00e7\u00e3o para cess\u00e3o de ve\u00edculos da municipalidade para o transporte de alunos, na forma que especifica."}, {"id": "3035", "ano": "2003", "numero": "18", "tipo__sigla": "POR", "tipo__descricao": "Portaria", "texto_integral": "http://sapl.sarandi.pr.leg.br/media/./sapl/public/normajuridica/2003/3035/3035_texto_integral.pdf", "ementa": "CONCEDE REAJUSTE SALARIAL 3,5% AOS SERVIDORES P\u00daBLICOS"}, {"id": "3025", "ano": "2003", "numero": "17", "tipo__sigla": "POR", "tipo__descricao": "Portaria", "texto_integral": "http://sapl.sarandi.pr.leg.br/media/./sapl/public/normajuridica/2003/3025/3025_texto_integral.pdf", "ementa": "NOMEIA O SENHOR FRANCISCO ADALBERTO DE SOUZA, PARA O CARGO AUXILIAR T\u00c9CNICO LEGISLATIVO"}, {"id": "3014", "ano": "2003", "numero": "16", "tipo__sigla": "POR", "tipo__descricao": "Portaria", "texto_integral": "http://sapl.sarandi.pr.leg.br/media/./sapl/public/normajuridica/2003/3014/3014_texto_integral.pdf", "ementa": "EXONERAR DE OFICIO O SENHOR FRANCISCO ADALBERTO DE SOUZA, DO CARGO DE T\u00c9CNICO EM CONTABILIDADE"}, {"id": "3003", "ano": "2003", "numero": "15", "tipo__sigla": "POR", "tipo__descricao": "Portaria", "texto_integral": "http://sapl.sarandi.pr.leg.br/media/./sapl/public/normajuridica/2003/3003/3003_texto_integral.pdf", "ementa": "ANULA A PORTARIA N\u00b0 017/2000 DE 05/05/2000"}, {"id": "1842", "ano": "2003", "numero": "1049", "tipo__sigla": "LEI", "tipo__descricao": "Lei Ordin\u00e1ria", "texto_integral": "http://sapl.sarandi.pr.leg.br/media/sapl/public/normajuridica/2003/1842/lei_no_1049-2003_sapl.pdf", "ementa": "Autoriza o Poder Executivo Municipal a repassar verba para a Associa\u00e7\u00e3o Maternal de Sarandi - AMAS, na forma que especifica."}, {"id": "1841", "ano": "2003", "numero": "1048", "tipo__sigla": "LEI", "tipo__descricao": "Lei Ordin\u00e1ria", "texto_integral": "http://sapl.sarandi.pr.leg.br/media/sapl/public/normajuridica/2003/1841/lei_no_1048-2003_sapl.pdf", "ementa": "Reconhece e declara de utilidade p\u00fablica Associa\u00e7\u00e3o de Car\u00e1ter Cultural e Esportivo sem fins lucrativos."}, {"id": "6495", "ano": "2003", "numero": "1047", "tipo__sigla": "LEI", "tipo__descricao": "Lei Ordin\u00e1ria", "texto_integral": "http://sapl.sarandi.pr.leg.br/media/sapl/public/normajuridica/2003/6495/lei_no_1047-2003_sapl.pdf", "ementa": "Disciplina tr\u00e2nsito da Rua Machado de Assis e d\u00e1 outras provid\u00eancias."}, {"id": "2992", "ano": "2003", "numero": "14", "tipo__sigla": "POR", "tipo__descricao": "Portaria", "texto_integral": "http://sapl.sarandi.pr.leg.br/media/./sapl/public/normajuridica/2003/2992/2992_texto_integral.pdf", "ementa": "CONCEDE LICEN\u00c7A A SERVIDORA MARIA LOPES DOS SANTOS SOARES, CARGO AUXILIAR DE SERVI\u00c7OS GERAIS, PARA TRATAR DE ASSUNTOS PARTICULARES, NO PER\u00cdODO DE 22 DE ABRIL DE 2003 A 21 DE ABRIL DE ABRIL DE 2005"}, {"id": "1840", "ano": "2003", "numero": "1046", "tipo__sigla": "LEI", "tipo__descricao": "Lei Ordin\u00e1ria", "texto_integral": "http://sapl.sarandi.pr.leg.br/media/sapl/public/normajuridica/2003/1840/lei_no_1046-2003_sapl.pdf", "ementa": "Autoriza o Chefe do Executivo Municipal a efetuar permuta de im\u00f3vel, na forma que especifica."}, {"id": "1839", "ano": "2003", "numero": "1045", "tipo__sigla": "LEI", "tipo__descricao": "Lei Ordin\u00e1ria", "texto_integral": "http://sapl.sarandi.pr.leg.br/media/./sapl/public/normajuridica/2003/1839/1839_texto_integral.pdf", "ementa": "Denomina de \"Professora Izelina Gomes Pereira\", a Biblioteca P\u00fablica Municipal localizada na Pra\u00e7a Ipiranga, neste Munic\u00edpio."}, {"id": "1528", "ano": "2003", "numero": "2", "tipo__sigla": "DL", "tipo__descricao": "Decreto Legislativo", "texto_integral": "http://sapl.sarandi.pr.leg.br/media/./sapl/public/normajuridica/2003/1528/1528_texto_integral.pdf", "ementa": "Concede Titulo de Cidad\u00e3o Benem\u00e9rito ao Bacharel Jos\u00e9 Mauricio de Lima Filho."}, {"id": "1838", "ano": "2003", "numero": "1044", "tipo__sigla": "LEI", "tipo__descricao": "Lei Ordin\u00e1ria", "texto_integral": "http://sapl.sarandi.pr.leg.br/media/sapl/public/normajuridica/2003/1838/lei_no_1044-2003_sapl.pdf", "ementa": "Disp\u00f5e sobre a altera\u00e7\u00e3o da Lei Municipal n\u00ba 1020/2002, de 21/10/2002, na forma que especifica."}, {"id": "2981", "ano": "2003", "numero": "13", "tipo__sigla": "POR", "tipo__descricao": "Portaria", "texto_integral": "http://sapl.sarandi.pr.leg.br/media/./sapl/public/normajuridica/2003/2981/2981_texto_integral.pdf", "ementa": "NOMEIA ASSISTENTE PARLAMENTAR NO GABINETE DA VEREADORA SANDRA APARECIDA KLEBIS MOREIRA"}, {"id": "2969", "ano": "2003", "numero": "12", "tipo__sigla": "POR", "tipo__descricao": "Portaria", "texto_integral": "http://sapl.sarandi.pr.leg.br/media/./sapl/public/normajuridica/2003/2969/2969_texto_integral.pdf", "ementa": "EXONERA ASSISTENTE PARLAMENTAR NO GABINETE DA VEREADORA SANDRA APARECIDA KLEBIS MOREIRA"}, {"id": "2957", "ano": "2003", "numero": "11", "tipo__sigla": "POR", "tipo__descricao": "Portaria", "texto_integral": "http://sapl.sarandi.pr.leg.br/media/./sapl/public/normajuridica/2003/2957/2957_texto_integral.pdf", "ementa": "ENQUADRA NO CARGO DE PROVIMENTO EFETIVO, A SERVIDORA PATRICIA DOS SANTOS VELTEN, NO CARGO DE TELEFONISTA"}, {"id": "2945", "ano": "2003", "numero": "10", "tipo__sigla": "POR", "tipo__descricao": "Portaria", "texto_integral": "http://sapl.sarandi.pr.leg.br/media/./sapl/public/normajuridica/2003/2945/2945_texto_integral.pdf", "ementa": "ENQUADRA NO CARGO DE PROVIMENTO EFETIVO, A SERVIDORA M\u00d4NICA CRISTINA GONZALVES, NO CARGO DE ASSISTENTE ADMINISTRATIVO"}, {"id": "6494", "ano": "2002", "numero": "1028", "tipo__sigla": "LEI", "tipo__descricao": "Lei Ordin\u00e1ria", "texto_integral": "http://sapl.sarandi.pr.leg.br/media/sapl/public/normajuridica/2002/6494/lei_no_1028-2002_sapl.pdf", "ementa": "D\u00e1 nova reda\u00e7\u00e3o ao art. 1\u00ba da Lei Municipal n\u00ba 567/94, de 04.04.94, e d\u00e1 outras provid\u00eancias."}, {"id": "2933", "ano": "2003", "numero": "9", "tipo__sigla": "POR", "tipo__descricao": "Portaria", "texto_integral": "http://sapl.sarandi.pr.leg.br/media/./sapl/public/normajuridica/2003/2933/2933_texto_integral.pdf", "ementa": "NOMEIA ASSISTENTE PARLAMENTAR PARA O GABINETE DO VEREADOR JO\u00c3O LARA VIEIRA"}, {"id": "2921", "ano": "2003", "numero": "8", "tipo__sigla": "POR", "tipo__descricao": "Portaria", "texto_integral": "http://sapl.sarandi.pr.leg.br/media/./sapl/public/normajuridica/2003/2921/2921_texto_integral.pdf", "ementa": "EXONERA ASSISTENTE PARLAMENTAR DO GABINETE DO VEREADOR JO\u00c3O LARA VIEIRA"}, {"id": "2909", "ano": "2003", "numero": "7", "tipo__sigla": "POR", "tipo__descricao": "Portaria", "texto_integral": "http://sapl.sarandi.pr.leg.br/media/./sapl/public/normajuridica/2003/2909/2909_texto_integral.pdf", "ementa": "TORNA P\u00daBLICO QUE O SERVIDOR FRANCISCO ADALBERTO DE SOUZA, RESPONDE INTERINAMENTE PELA CONTABILIDADE DA C\u00c2MARA DE SARANDI"}, {"id": "2897", "ano": "2003", "numero": "6", "tipo__sigla": "POR", "tipo__descricao": "Portaria", "texto_integral": "http://sapl.sarandi.pr.leg.br/media/./sapl/public/normajuridica/2003/2897/2897_texto_integral.pdf", "ementa": "NOMEIA A COMISS\u00c3O DE LICITA\u00c7\u00c3O PARA O ANO DE 2003"}, {"id": "1517", "ano": "2003", "numero": "1", "tipo__sigla": "DL", "tipo__descricao": "Decreto Legislativo", "texto_integral": "http://sapl.sarandi.pr.leg.br/media/./sapl/public/normajuridica/2003/1517/1517_texto_integral.pdf", "ementa": "Disp\u00f5e sobre Rejei\u00e7\u00e3o do \"Veto\" Aposto \u00e0 Lei Municipal n\u00b0 1028/2002, que d\u00e1 nova reda\u00e7\u00e3o ao Art. 1\u00b0 da Lei Municipal n\u00b0 567/94, de 04.04.94, e d\u00e1 outras provid\u00eancias."}, {"id": "1837", "ano": "2003", "numero": "1043", "tipo__sigla": "LEI", "tipo__descricao": "Lei Ordin\u00e1ria", "texto_integral": "http://sapl.sarandi.pr.leg.br/media/sapl/public/normajuridica/2003/1837/lei_no_1043-2003_sapl.pdf", "ementa": "Disp\u00f5e sobre denomina\u00e7\u00e3o do Gin\u00e1sio e Esporte Jardim Social."}, {"id": "1785", "ano": "2003", "numero": "87", "tipo__sigla": "LC", "tipo__descricao": "Lei Complementar", "texto_integral": "http://sapl.sarandi.pr.leg.br/media/./sapl/public/normajuridica/2003/1785/1785_texto_integral.pdf", "ementa": "Altera dispositivos da Lei Complementar n\u00ba 5/92, que disp\u00f5e sobre Obras e Edifica\u00e7\u00f5es."}, {"id": "2885", "ano": "2003", "numero": "5", "tipo__sigla": "POR", "tipo__descricao": "Portaria", "texto_integral": "http://sapl.sarandi.pr.leg.br/media/./sapl/public/normajuridica/2003/2885/2885_texto_integral.pdf", "ementa": "NOMEIA ASSISTENTE PARLAMENTAR PARA O GABINETE DO VEREADOR JOS\u00c9 APARECIDO DA SILVA"}, {"id": "2873", "ano": "2003", "numero": "4", "tipo__sigla": "POR", "tipo__descricao": "Portaria", "texto_integral": "http://sapl.sarandi.pr.leg.br/media/./sapl/public/normajuridica/2003/2873/2873_texto_integral.pdf", "ementa": "NOMEIA ASSISTENTE PARLAMENTAR PARA A C\u00c2MARA DE SARANDI"}, {"id": "2861", "ano": "2003", "numero": "3", "tipo__sigla": "POR", "tipo__descricao": "Portaria", "texto_integral": "http://sapl.sarandi.pr.leg.br/media/./sapl/public/normajuridica/2003/2861/2861_texto_integral.pdf", "ementa": "EXONERA ASSISTENTE PARLAMENTAR DA C\u00c2MARA DE SARANDI"}, {"id": "4650", "ano": "2003", "numero": "1042", "tipo__sigla": "LEI", "tipo__descricao": "Lei Ordin\u00e1ria", "texto_integral": "http://sapl.sarandi.pr.leg.br/media/sapl/public/normajuridica/2003/4650/lei_no_1042-2003_sapl.pdf", "ementa": "Altera dispositivo da Lei Municipal n\u00ba 1.041/2002, e d\u00e1 outras provid\u00eancias."}, {"id": "2849", "ano": "2003", "numero": "2", "tipo__sigla": "POR", "tipo__descricao": "Portaria", "texto_integral": "http://sapl.sarandi.pr.leg.br/media/./sapl/public/normajuridica/2003/2849/2849_texto_integral.pdf", "ementa": "NOMEIA ASSISTENTE PARLAMENTAR PARA O GABINETE DO VEREADOR CARLOS ALBERTO DE PAULA J\u00daNIOR"}, {"id": "2837", "ano": "2003", "numero": "1", "tipo__sigla": "POR", "tipo__descricao": "Portaria", "texto_integral": "http://sapl.sarandi.pr.leg.br/media/./sapl/public/normajuridica/2003/2837/2837_texto_integral.pdf", "ementa": "EXONERA ASSISTENTE PARLAMENTAR DO GABINETE DO VEREADOR CARLOS ALBERTO DE PAULA J\u00daNIOR"}, {"id": "2968", "ano": "2002", "numero": "12", "tipo__sigla": "POR", "tipo__descricao": "Portaria", "texto_integral": "http://sapl.sarandi.pr.leg.br/media/./sapl/public/normajuridica/2002/2968/2968_texto_integral.pdf", "ementa": "HOMOLOGAR COMISS\u00d5ES PERMANENTES"}, {"id": "1836", "ano": "2002", "numero": "1041", "tipo__sigla": "LEI", "tipo__descricao": "Lei Ordin\u00e1ria", "texto_integral": "http://sapl.sarandi.pr.leg.br/media/./sapl/public/normajuridica/2002/1836/1836_texto_integral.pdf", "ementa": "Institui no Munic\u00edpio de Sarandi, Estado do Paran\u00e1, a Contribui\u00e7\u00e3o para Custeio da Ilumina\u00e7\u00e3o P\u00fablica, prevista no artigo 149-A da Constitui\u00e7\u00e3o Federal."}, {"id": "2956", "ano": "2002", "numero": "11", "tipo__sigla": "POR", "tipo__descricao": "Portaria", "texto_integral": "http://sapl.sarandi.pr.leg.br/media/./sapl/public/normajuridica/2002/2956/2956_texto_integral.pdf", "ementa": "EXONERAR ASSISTENTE PARLAMENTAR"}, {"id": "1835", "ano": "2002", "numero": "1040", "tipo__sigla": "LEI", "tipo__descricao": "Lei Ordin\u00e1ria", "texto_integral": "http://sapl.sarandi.pr.leg.br/media/sapl/public/normajuridica/2002/1835/lei_no_1040-2002_sapl.pdf", "ementa": "Disp\u00f5e sobre o abono salarial aos professores e especialistas de educa\u00e7\u00e3o do Munic\u00edpio de Sarandi-PR."}, {"id": "1834", "ano": "2002", "numero": "1039", "tipo__sigla": "LEI", "tipo__descricao": "Lei Ordin\u00e1ria", "texto_integral": "http://sapl.sarandi.pr.leg.br/media/sapl/public/normajuridica/2002/1834/lei_no_1039-2002_sapl.pdf", "ementa": "Autoriza o Munic\u00edpio de Sarandi, Estado do Paran\u00e1, a firmar conv\u00eanios, e d\u00e1 outras provid\u00eancias."}, {"id": "1833", "ano": "2002", "numero": "1038", "tipo__sigla": "LEI", "tipo__descricao": "Lei Ordin\u00e1ria", "texto_integral": "http://sapl.sarandi.pr.leg.br/media/sapl/public/normajuridica/2002/1833/lei_no_1038-2002_sapl.pdf", "ementa": "Estima a receita e fixa a despesa do munic\u00edpio para o exerc\u00edcio de 2003."}, {"id": "1597", "ano": "2002", "numero": "80", "tipo__sigla": "LC", "tipo__descricao": "Lei Complementar", "texto_integral": "http://sapl.sarandi.pr.leg.br/media/./sapl/public/normajuridica/2002/1597/1597_texto_integral.pdf", "ementa": "Acrescenta par\u00e1grafo ao art. 25 da Lei Complementar n\u00ba 10/92 - Estatuto dos Servidores P\u00fablicos do Munic\u00edpio de Sarandi - Paran\u00e1."}, {"id": "2944", "ano": "2002", "numero": "10", "tipo__sigla": "POR", "tipo__descricao": "Portaria", "texto_integral": "http://sapl.sarandi.pr.leg.br/media/./sapl/public/normajuridica/2002/2944/2944_texto_integral.pdf", "ementa": "CONCEDE LICEN\u00c7A ESPECIAL A SERVIDORA MUNICIPAL NA FORMA QUE ESPECIFICA"}, {"id": "2932", "ano": "2002", "numero": "9", "tipo__sigla": "POR", "tipo__descricao": "Portaria", "texto_integral": "http://sapl.sarandi.pr.leg.br/media/./sapl/public/normajuridica/2002/2932/2932_texto_integral.pdf", "ementa": "NOMEAR OS SERVIDORES PODER LEGISLATIVO"}, {"id": "2980", "ano": "2002", "numero": "13", "tipo__sigla": "POR", "tipo__descricao": "Portaria", "texto_integral": "http://sapl.sarandi.pr.leg.br/media/./sapl/public/normajuridica/2002/2980/2980_texto_integral.pdf", "ementa": "NOMEAR ASSISTENTE PARLAMENTAR"}, {"id": "1832", "ano": "2002", "numero": "1037", "tipo__sigla": "LEI", "tipo__descricao": "Lei Ordin\u00e1ria", "texto_integral": "http://sapl.sarandi.pr.leg.br/media/./sapl/public/normajuridica/2002/1832/1832_texto_integral.pdf", "ementa": "Altera dispositivos da Lei n\u00ba 464/92, que disp\u00f5e sobre a pol\u00edtica municipal de atendimento dos direitos da crian\u00e7a e do adolescente e d\u00e1 outras provid\u00eancias."}, {"id": "2920", "ano": "2002", "numero": "8", "tipo__sigla": "POR", "tipo__descricao": "Portaria", "texto_integral": "http://sapl.sarandi.pr.leg.br/media/./sapl/public/normajuridica/2002/2920/2920_texto_integral.pdf", "ementa": "EXONERAR ASSISTENTE PARLA MENTAR"}, {"id": "1831", "ano": "2002", "numero": "1036", "tipo__sigla": "LEI", "tipo__descricao": "Lei Ordin\u00e1ria", "texto_integral": "http://sapl.sarandi.pr.leg.br/media/sapl/public/normajuridica/2002/1831/lei_no_1036-2002_sapl.pdf", "ementa": "Autoriza o Chefe do Poder Executivo Municipal a abrir cr\u00e9dito adicional suplementar, na forma que especifica."}, {"id": "1830", "ano": "2002", "numero": "1035", "tipo__sigla": "LEI", "tipo__descricao": "Lei Ordin\u00e1ria", "texto_integral": "http://sapl.sarandi.pr.leg.br/media/sapl/public/normajuridica/2002/1830/lei_no_1035-2002_sapl.pdf", "ementa": "Autoriza o Chefe do Poder Executivo Municipal a abrir cr\u00e9dito adicional especial e d\u00e1 outras provid\u00eancias."}, {"id": "1829", "ano": "2002", "numero": "1034", "tipo__sigla": "LEI", "tipo__descricao": "Lei Ordin\u00e1ria", "texto_integral": "http://sapl.sarandi.pr.leg.br/media/sapl/public/normajuridica/2002/1829/lei_no_1034-2002_sapl.pdf", "ementa": "Autoriza o Munic\u00edpio de Sarandi, Estado do Paran\u00e1, a firmar conv\u00eanios, e d\u00e1 outras provid\u00eancias."}, {"id": "1828", "ano": "2002", "numero": "1033", "tipo__sigla": "LEI", "tipo__descricao": "Lei Ordin\u00e1ria", "texto_integral": "http://sapl.sarandi.pr.leg.br/media/sapl/public/normajuridica/2002/1828/lei_no_1033-2002_sapl.pdf", "ementa": "Disp\u00f5e sobre leitura de hidr\u00f4metros da rede de \u00e1gua pot\u00e1vel do munic\u00edpio."}, {"id": "1827", "ano": "2002", "numero": "1032", "tipo__sigla": "LEI", "tipo__descricao": "Lei Ordin\u00e1ria", "texto_integral": "http://sapl.sarandi.pr.leg.br/media/sapl/public/normajuridica/2002/1827/lei_no_1032-2002_sapl.pdf", "ementa": "Autoriza o Poder Executivo a efetuar a revitaliza\u00e7\u00e3o e constru\u00e7\u00e3o de cal\u00e7ad\u00e3o na Pra\u00e7a Ipiranga no centro da cidade."}, {"id": "1826", "ano": "2002", "numero": "1031", "tipo__sigla": "LEI", "tipo__descricao": "Lei Ordin\u00e1ria", "texto_integral": "http://sapl.sarandi.pr.leg.br/media/./sapl/public/normajuridica/2002/1826/1826_texto_integral.pdf", "ementa": "Autoriza o Munic\u00edpio de Sarandi, Estado do Paran\u00e1, a firmar Termo de Coopera\u00e7\u00e3o T\u00e9cnica e Financeira com o Lar da Crian\u00e7a Recanto do Amor - LARCRA."}, {"id": "1825", "ano": "2002", "numero": "1030", "tipo__sigla": "LEI", "tipo__descricao": "Lei Ordin\u00e1ria", "texto_integral": "http://sapl.sarandi.pr.leg.br/media/sapl/public/normajuridica/2002/1825/lei_no_1030-2002_sapl.pdf", "ementa": "Disp\u00f5e sobre os Conselhos Escolares na Rede P\u00fablica de Ensino Municipal, em cumprimento ao disposto no Artigo 205, do Cap\u00edtulo II, da Constitui\u00e7\u00e3o Federal e com o Artigo 14, inciso II da Lei de Diretrizes e Bases da Educa\u00e7\u00e3o (LDB), e d\u00e1 outras provid\u00eancias."}, {"id": "1824", "ano": "2002", "numero": "1029", "tipo__sigla": "LEI", "tipo__descricao": "Lei Ordin\u00e1ria", "texto_integral": "http://sapl.sarandi.pr.leg.br/media/sapl/public/normajuridica/2002/1824/lei_no_1029-2002_sapl.pdf", "ementa": "Institui o Programa Municipal Comunit\u00e1rio de Pavimenta\u00e7\u00e3o e recape, e d\u00e1 outras provid\u00eancias."}, {"id": "1539", "ano": "2002", "numero": "3", "tipo__sigla": "DL", "tipo__descricao": "Decreto Legislativo", "texto_integral": "http://sapl.sarandi.pr.leg.br/media/./sapl/public/normajuridica/2002/1539/1539_texto_integral.pdf", "ementa": "Disp\u00f5e sobre rejei\u00e7\u00e3o do \"Veto\" Aposto \u00e0 Lei n\u00b0 1024/2002, do edil Nelson Mariano da Silva, o qual Disp\u00f5e sobre a fixa\u00e7\u00e3o de prazo para a realiza\u00e7\u00e3o de\r\nconsultas e exames m\u00e9dicos especializados nas Unidades de Sa\u00fade do Munic\u00edpio."}, {"id": "1527", "ano": "2002", "numero": "2", "tipo__sigla": "DL", "tipo__descricao": "Decreto Legislativo", "texto_integral": "http://sapl.sarandi.pr.leg.br/media/", "ementa": "Disp\u00f5e sobre rejei\u00e7\u00e3o do \"Veto\" Aposto \u00e0 Lei Complementar n\u00b0 080/2002, originada do Projeto de Lei Complementar n\u00b0 086/2002, de autoria dos edis Cleiton Damasceno do Carmo, Carlos Alberto de Paula Junior, Valdir da Silva, Aparecida Rodrigues Schwarz, Jos\u00e9 Antonio Monteiro Pedro, Jos\u00e9 Duarte, Alcides Ferreira, Reinaldo Gon\u00e7alves, Sandra Aparecida Klebis Moreira, Rafael Pszybylski, Jo\u00e3o Lara Bieira, Jo\u00e3o Dutra Netto e Jos\u00e9 Aparecido da Silva, que Acrescenta par\u00e1grafo ao art. 25 da Lei Complementar n\u00b0 10/92, Estatuto dos Servidores P\u00fablicos do Munic\u00edpio de Sarandi \u2014 Paran\u00e1."}, {"id": "1603", "ano": "2002", "numero": "86", "tipo__sigla": "LC", "tipo__descricao": "Lei Complementar", "texto_integral": "http://sapl.sarandi.pr.leg.br/media/./sapl/public/normajuridica/2002/1603/1603_texto_integral.pdf", "ementa": "Disp\u00f5e sobre a altera\u00e7\u00e3o do art. 94 da Lei Complementar n\u00ba 10/92, d e27/12/92 - \"Estatuto dos Servidores P\u00fablicos Municipais e d\u00e1 outras provid\u00eancias\"."}, {"id": "1823", "ano": "2002", "numero": "1027", "tipo__sigla": "LEI", "tipo__descricao": "Lei Ordin\u00e1ria", "texto_integral": "http://sapl.sarandi.pr.leg.br/media/sapl/public/normajuridica/2002/1823/lei_no_1027-2002_sapl.pdf", "ementa": "Institui campanha para incremento da arrecada\u00e7\u00e3o de Imposto Predial e Territorial Urbano no Munic\u00edpio de Sarandi, e d\u00e1 outras provid\u00eancias."}, {"id": "1602", "ano": "2002", "numero": "85", "tipo__sigla": "LC", "tipo__descricao": "Lei Complementar", "texto_integral": "http://sapl.sarandi.pr.leg.br/media/./sapl/public/normajuridica/2002/1602/1602_texto_integral.pdf", "ementa": "Inclui rua no Eixo de Com\u00e9rcio da cidade e d\u00e1 outras provid\u00eancias."}, {"id": "1135", "ano": "2002", "numero": "3", "tipo__sigla": "RES", "tipo__descricao": "Resolu\u00e7\u00e3o", "texto_integral": "http://sapl.sarandi.pr.leg.br/media/./sapl/public/normajuridica/2002/1135/1135_texto_integral.pdf", "ementa": "Eleva de 24 para 48 horas, a anteced\u00eancia m\u00ednima para a elabora\u00e7\u00e3o da pauta dos trabalhos antes do inicio das Sess\u00f5es."}, {"id": "1822", "ano": "2002", "numero": "1026", "tipo__sigla": "LEI", "tipo__descricao": "Lei Ordin\u00e1ria", "texto_integral": "http://sapl.sarandi.pr.leg.br/media/sapl/public/normajuridica/2002/1822/lei_no_1026-2002_sapl.pdf", "ementa": "Disp\u00f5e sobre denomina\u00e7\u00e3o do Gin\u00e1sio de Esportes do Parque Residencial Alvamar II e d\u00e1 outras provid\u00eancias."}, {"id": "1821", "ano": "2002", "numero": "1025", "tipo__sigla": "LEI", "tipo__descricao": "Lei Ordin\u00e1ria", "texto_integral": "http://sapl.sarandi.pr.leg.br/media/sapl/public/normajuridica/2002/1821/lei_no_1025-2002_sapl.pdf", "ementa": "Autoriza o Chefe do Poder Executivo Municipal a abrir cr\u00e9dito adicional suplementar, na forma que especifica."}, {"id": "1601", "ano": "2002", "numero": "84", "tipo__sigla": "LC", "tipo__descricao": "Lei Complementar", "texto_integral": "http://sapl.sarandi.pr.leg.br/media/./sapl/public/normajuridica/2002/1601/1601_texto_integral.pdf", "ementa": "Inclui rua no Eixo Comercial da cidade e d\u00e1 outras provid\u00eancias."}, {"id": "1600", "ano": "2002", "numero": "83", "tipo__sigla": "LC", "tipo__descricao": "Lei Complementar", "texto_integral": "http://sapl.sarandi.pr.leg.br/media/./sapl/public/normajuridica/2002/1600/1600_texto_integral.pdf", "ementa": "Inclui rua no Eixo de Com\u00e9rcio da cidade e d\u00e1 outras provid\u00eancias."}, {"id": "1820", "ano": "2002", "numero": "1024", "tipo__sigla": "LEI", "tipo__descricao": "Lei Ordin\u00e1ria", "texto_integral": "http://sapl.sarandi.pr.leg.br/media/./sapl/public/normajuridica/2002/1820/1820_texto_integral.pdf", "ementa": "Fixa prazo para a realiza\u00e7\u00e3o de consultas e exames m\u00e9dicos especializados nas unidades da rede p\u00fablica municipal de sa\u00fade."}, {"id": "1819", "ano": "2002", "numero": "1023", "tipo__sigla": "LEI", "tipo__descricao": "Lei Ordin\u00e1ria", "texto_integral": "http://sapl.sarandi.pr.leg.br/media/sapl/public/normajuridica/2002/1819/lei_no_1023-2002_sapl.pdf", "ementa": "Institui a divisa \"SARANDI \u00c9 MAIS CIDADE COM A FOR\u00c7A DA GENTE\" no Munic\u00edpio, e d\u00e1 outras provid\u00eancias."}, {"id": "1599", "ano": "2002", "numero": "82", "tipo__sigla": "LC", "tipo__descricao": "Lei Complementar", "texto_integral": "http://sapl.sarandi.pr.leg.br/media/./sapl/public/normajuridica/2002/1599/1599_texto_integral.pdf", "ementa": "Inclui rua no Eixo Comercial da cidade."}, {"id": "1818", "ano": "2002", "numero": "1022", "tipo__sigla": "LEI", "tipo__descricao": "Lei Ordin\u00e1ria", "texto_integral": "http://sapl.sarandi.pr.leg.br/media/./sapl/public/normajuridica/2002/1818/1818_texto_integral.pdf", "ementa": "Autoriza o fretamento pelo munic\u00edpio de \u00f4nibus para fins de acompanhamento de funerais e d\u00e1 outras provid\u00eancias."}, {"id": "1817", "ano": "2002", "numero": "1021", "tipo__sigla": "LEI", "tipo__descricao": "Lei Ordin\u00e1ria", "texto_integral": "http://sapl.sarandi.pr.leg.br/media/sapl/public/normajuridica/2002/1817/lei_no_1021-2002_sapl.pdf", "ementa": "Autoriza a doa\u00e7\u00e3o de im\u00f3vel urbano \u00e0 FUNDEPAR, na forma que especifica."}, {"id": "1816", "ano": "2002", "numero": "1020", "tipo__sigla": "LEI", "tipo__descricao": "Lei Ordin\u00e1ria", "texto_integral": "http://sapl.sarandi.pr.leg.br/media/./sapl/public/normajuridica/2002/1816/1816_texto_integral.pdf", "ementa": "Autoriza a cria\u00e7\u00e3o do Programa Municipal de Capacita\u00e7\u00e3o em Jardinagem, e d\u00e1 outras provid\u00eancias."}, {"id": "1815", "ano": "2002", "numero": "1019", "tipo__sigla": "LEI", "tipo__descricao": "Lei Ordin\u00e1ria", "texto_integral": "http://sapl.sarandi.pr.leg.br/media/sapl/public/normajuridica/2002/1815/lei_no_1019-2002_sapl.pdf", "ementa": "Autoriza o Munic\u00edpio de Sarandi, Estado do Paran\u00e1, a firmar Conv\u00eanio de Coopera\u00e7\u00e3o t\u00e9cnica, cient\u00edfica e financeira com o Centro de Ensino Superior de Maring\u00e1 - Cesumar."}, {"id": "1598", "ano": "2002", "numero": "81", "tipo__sigla": "LC", "tipo__descricao": "Lei Complementar", "texto_integral": "http://sapl.sarandi.pr.leg.br/media/./sapl/public/normajuridica/2002/1598/1598_texto_integral.pdf", "ementa": "Disp\u00f5e sobre as dimens\u00f5es m\u00ednimas dos lotes situados na Zona Industrial - ZI, do anexo 4 da Lei Complementar n\u00ba 3/92 - \"De Uso e Ocupa\u00e7\u00e3o do Solo Urbano\"."}, {"id": "1814", "ano": "2002", "numero": "1018", "tipo__sigla": "LEI", "tipo__descricao": "Lei Ordin\u00e1ria", "texto_integral": "http://sapl.sarandi.pr.leg.br/media/sapl/public/normajuridica/2002/1814/lei_no_1018-2002_sapl.pdf", "ementa": "Autoriza a constru\u00e7\u00e3o de um cancha de esportes polivalentes no Jardim Social."}, {"id": "1813", "ano": "2002", "numero": "1017", "tipo__sigla": "LEI", "tipo__descricao": "Lei Ordin\u00e1ria", "texto_integral": "http://sapl.sarandi.pr.leg.br/media/sapl/public/normajuridica/2002/1813/lei_no_1017-2002_sapl.pdf", "ementa": "Autoriza o Executivo Municipal a desafetar do uso p\u00fablico im\u00f3vel urbano situado no Parque Residencial Bela Vista, na forma que especifica."}, {"id": "1812", "ano": "2002", "numero": "1016", "tipo__sigla": "LEI", "tipo__descricao": "Lei Ordin\u00e1ria", "texto_integral": "http://sapl.sarandi.pr.leg.br/media/sapl/public/normajuridica/2002/1812/lei_no_1016-2002_sapl.pdf", "ementa": "Autoriza o Executivo Municipal a desafetar do uso p\u00fablico im\u00f3vel urbano situado no Parque Residencial Alvamar II, na forma que especifica."}, {"id": "1802", "ano": "2002", "numero": "1006", "tipo__sigla": "LEI", "tipo__descricao": "Lei Ordin\u00e1ria", "texto_integral": "http://sapl.sarandi.pr.leg.br/media/./sapl/public/normajuridica/2002/1802/1802_texto_integral.pdf", "ementa": "Disp\u00f5e sobre sentido de estacionamento de ve\u00edculos nas Ruas Castro Alves e Machado de Assis."}, {"id": "1811", "ano": "2002", "numero": "1015", "tipo__sigla": "LEI", "tipo__descricao": "Lei Ordin\u00e1ria", "texto_integral": "http://sapl.sarandi.pr.leg.br/media/./sapl/public/normajuridica/2002/1811/1811_texto_integral.pdf", "ementa": "Autoriza o Munic\u00edpio de Sarandi, Estado do Paran\u00e1, a firmar conv\u00eanio com o Cons\u00f3rcio Intergestores Paran\u00e1 Sa\u00fade."}, {"id": "1810", "ano": "2002", "numero": "1014", "tipo__sigla": "LEI", "tipo__descricao": "Lei Ordin\u00e1ria", "texto_integral": "http://sapl.sarandi.pr.leg.br/media/sapl/public/normajuridica/2002/1810/lei_no_1014-2002_sapl.pdf", "ementa": "Autoriza abertura da Avenida Barcelona interligando-a \u00e0 Avenida Ademar Bornia."}, {"id": "1809", "ano": "2002", "numero": "1013", "tipo__sigla": "LEI", "tipo__descricao": "Lei Ordin\u00e1ria", "texto_integral": "http://sapl.sarandi.pr.leg.br/media/sapl/public/normajuridica/2002/1809/lei_no_1013-2002_sapl.pdf", "ementa": "Autoriza a constru\u00e7\u00e3o de uma cancha poliesportiva no Jardim Independ\u00eancia 3\u00aa Parte."}, {"id": "1808", "ano": "2002", "numero": "1012", "tipo__sigla": "LEI", "tipo__descricao": "Lei Ordin\u00e1ria", "texto_integral": "http://sapl.sarandi.pr.leg.br/media/sapl/public/normajuridica/2002/1808/lei_no_1012-2002_sapl.pdf", "ementa": "Institui pagamento diferenciado para acesso de estudantes a estabelecimentos que realizem espet\u00e1culos musicais, art\u00edsticos, circenses, teatrais, cinematogr\u00e1ficos, atividades sociais, recreativas, culturais, esportivas e quaisquer outras que proporcionem lazer, cultura e entretenimento no Munic\u00edpio."}, {"id": "1807", "ano": "2002", "numero": "1011", "tipo__sigla": "LEI", "tipo__descricao": "Lei Ordin\u00e1ria", "texto_integral": "http://sapl.sarandi.pr.leg.br/media/sapl/public/normajuridica/2002/1807/lei_no_1011-2002_sapl.pdf", "ementa": "Autoriza o Poder Executivo a efetuar a constru\u00e7\u00e3o de um contorno na Avenida Central interligando as Avenidas Rio de Janeiro e Maring\u00e1, entre os Jardins Independ\u00eancia e Europa."}, {"id": "1806", "ano": "2002", "numero": "1010", "tipo__sigla": "LEI", "tipo__descricao": "Lei Ordin\u00e1ria", "texto_integral": "http://sapl.sarandi.pr.leg.br/media/sapl/public/normajuridica/2002/1806/lei_no_1010-2002_sapl.pdf", "ementa": "Autoriza abertura da Avenida Belo Horizonte, interligando-a \u00e0 Avenida Ademar Bornia."}, {"id": "1805", "ano": "2002", "numero": "1009", "tipo__sigla": "LEI", "tipo__descricao": "Lei Ordin\u00e1ria", "texto_integral": "http://sapl.sarandi.pr.leg.br/media/sapl/public/normajuridica/2002/1805/lei_no_1009-2002_sapl.pdf", "ementa": "Disp\u00f5e sobre o sentido de estacionamento de ve\u00edculos na Rua das Hort\u00eancias."}, {"id": "1804", "ano": "2002", "numero": "1008", "tipo__sigla": "LEI", "tipo__descricao": "Lei Ordin\u00e1ria", "texto_integral": "http://sapl.sarandi.pr.leg.br/media/sapl/public/normajuridica/2002/1804/lei_no_1008-2002_sapl.pdf", "ementa": "Autoriza o Poder Executivo Municipal a encetar campanha de aumento de ve\u00edculos emplacados no Munic\u00edpio e d\u00e1 outras provid\u00eancias."}, {"id": "2817", "ano": "2002", "numero": "982", "tipo__sigla": "LEI", "tipo__descricao": "Lei Ordin\u00e1ria", "texto_integral": "http://sapl.sarandi.pr.leg.br/media/./sapl/public/normajuridica/2002/2817/2817_texto_integral.pdf", "ementa": "Concede desconto para cobran\u00e7a da contribui\u00e7\u00e3o de melhorias e d\u00e1 outras provid\u00eancias."}, {"id": "1803", "ano": "2002", "numero": "1007", "tipo__sigla": "LEI", "tipo__descricao": "Lei Ordin\u00e1ria", "texto_integral": "http://sapl.sarandi.pr.leg.br/media/sapl/public/normajuridica/2002/1803/lei_no_1007-2002_sapl.pdf", "ementa": "Declara de utilidade p\u00fablica o Lar da Crian\u00e7a Recanto do Amor - LARCRA."}, {"id": "1801", "ano": "2002", "numero": "1005", "tipo__sigla": "LEI", "tipo__descricao": "Lei Ordin\u00e1ria", "texto_integral": "http://sapl.sarandi.pr.leg.br/media/./sapl/public/normajuridica/2002/1801/1801_texto_integral.pdf", "ementa": "Autoriza o Poder Executivo Municipal a desafetar do uso p\u00fablico \u00e1reas de terras no Jardim Ipanema, e d\u00e1 outras provid\u00eancias."}, {"id": "3330", "ano": "2002", "numero": "1", "tipo__sigla": "RES", "tipo__descricao": "Resolu\u00e7\u00e3o", "texto_integral": "http://sapl.sarandi.pr.leg.br/media/./sapl/public/normajuridica/2002/3330/3330_texto_integral.pdf", "ementa": "D\u00e1 nova reda\u00e7\u00e3o ao artigo 149 do Regimento Interno, da C\u00e2mara alterado pela Resolu\u00e7\u00e3o n\u00b0 008/2002, de 26.11.01 e d\u00e1 outras provid\u00eancias."}, {"id": "1800", "ano": "2002", "numero": "1004", "tipo__sigla": "LEI", "tipo__descricao": "Lei Ordin\u00e1ria", "texto_integral": "http://sapl.sarandi.pr.leg.br/media/./sapl/public/normajuridica/2002/1800/1800_texto_integral.pdf", "ementa": "Declara de utilidade p\u00fablica a Rede Feminina de Combate ao C\u00e2ncer de Sarandi, Estado do Paran\u00e1."}, {"id": "1516", "ano": "2002", "numero": "1", "tipo__sigla": "DL", "tipo__descricao": "Decreto Legislativo", "texto_integral": "http://sapl.sarandi.pr.leg.br/media/./sapl/public/normajuridica/2002/1516/1516_texto_integral.pdf", "ementa": "Disp\u00f5e sobre Rejei\u00e7\u00e3o do \"Veto\" Aposto \u00e0 Lei Municipal n\u00b0 982/2002, originada do Projeto de Lei n\u00b0 1087/2002, de Autoria do edil Antonio da Cunha, que Disp\u00f5e sobre a Concess\u00e3o de descontos para cobran\u00e7a da contribui\u00e7\u00e3o de melhorias e d\u00e1 outras provid\u00eancias."}, {"id": "2836", "ano": "2002", "numero": "1", "tipo__sigla": "POR", "tipo__descricao": "Portaria", "texto_integral": "http://sapl.sarandi.pr.leg.br/media/./sapl/public/normajuridica/2002/2836/2836_texto_integral.pdf", "ementa": "HOMOLOGAR COMISS\u00d5ES PERMANENTES"}, {"id": "2908", "ano": "2002", "numero": "7", "tipo__sigla": "POR", "tipo__descricao": "Portaria", "texto_integral": "http://sapl.sarandi.pr.leg.br/media/./sapl/public/normajuridica/2002/2908/2908_texto_integral.pdf", "ementa": "TORNA P\u00daBLICO O CARGO EFETIVO DE AUXILIAR T\u00c9CNICO LEGISLATIVO"}, {"id": "1799", "ano": "2002", "numero": "1003", "tipo__sigla": "LEI", "tipo__descricao": "Lei Ordin\u00e1ria", "texto_integral": "http://sapl.sarandi.pr.leg.br/media/sapl/public/normajuridica/2002/1799/lei_no_1003-2002_sapl.pdf", "ementa": "Autoriza o Munic\u00edpio de Sarandi, Estado do Paran\u00e1, a firmar conv\u00eanio de coopera\u00e7\u00e3o t\u00e9cnica e financeira com a Institui\u00e7\u00e3o de Prote\u00e7\u00e3o ao Menor Carente de Sarandi - PROMEC, e d\u00e1 outras provid\u00eancias."}, {"id": "1798", "ano": "2002", "numero": "1002", "tipo__sigla": "LEI", "tipo__descricao": "Lei Ordin\u00e1ria", "texto_integral": "http://sapl.sarandi.pr.leg.br/media/sapl/public/normajuridica/2002/1798/lei_no_1002-2002_sapl.pdf", "ementa": "Autoriza o Chefe do Poder Executivo Municipal a abrir cr\u00e9dito adicional especial e d\u00e1 outras provid\u00eancias."}, {"id": "1797", "ano": "2002", "numero": "1001", "tipo__sigla": "LEI", "tipo__descricao": "Lei Ordin\u00e1ria", "texto_integral": "http://sapl.sarandi.pr.leg.br/media/./sapl/public/normajuridica/2002/1797/1797_texto_integral.pdf", "ementa": "Altera dispositivo da Lei Municipal n\u00ba 762/98, que criou o CEXETRAN - Conselho Executivo Municipal de Tr\u00e2nsito, e o Fundo de Tr\u00e2nsito, e d\u00e1 outras provid\u00eancias."}, {"id": "1796", "ano": "2002", "numero": "1000", "tipo__sigla": "LEI", "tipo__descricao": "Lei Ordin\u00e1ria", "texto_integral": "http://sapl.sarandi.pr.leg.br/media/sapl/public/normajuridica/2002/1796/lei_no_1000-2002_sapl.pdf", "ementa": "Disp\u00f5e sobre as diretrizes elabora\u00e7\u00e3o da Lei Or\u00e7ament\u00e1ria para o exerc\u00edcio de 2003, e d\u00e1 outras provid\u00eancias."}, {"id": "2834", "ano": "2002", "numero": "999", "tipo__sigla": "LEI", "tipo__descricao": "Lei Ordin\u00e1ria", "texto_integral": "http://sapl.sarandi.pr.leg.br/media/./sapl/public/normajuridica/2002/2834/2834_texto_integral.pdf", "ementa": "Autoriza o aviamento de receitas de outros munic\u00edpios mediante comprova\u00e7\u00e3o de resid\u00eancia."}, {"id": "2833", "ano": "2002", "numero": "998", "tipo__sigla": "LEI", "tipo__descricao": "Lei Ordin\u00e1ria", "texto_integral": "http://sapl.sarandi.pr.leg.br/media/sapl/public/normajuridica/2002/2833/lei_no_998-2002_sapl.pdf", "ementa": "Autoriza a concess\u00e3o de direito real de uso de im\u00f3vel pertencente \u00e0 municipalidade, na forma que especifica."}, {"id": "2832", "ano": "2002", "numero": "997", "tipo__sigla": "LEI", "tipo__descricao": "Lei Ordin\u00e1ria", "texto_integral": "http://sapl.sarandi.pr.leg.br/media/./sapl/public/normajuridica/2002/2832/2832_texto_integral.pdf", "ementa": "Disp\u00f5e sobre o Conselho Municipal Antidrogas - COMAD, e d\u00e1 outras provid\u00eancias."}, {"id": "2831", "ano": "2002", "numero": "996", "tipo__sigla": "LEI", "tipo__descricao": "Lei Ordin\u00e1ria", "texto_integral": "http://sapl.sarandi.pr.leg.br/media/sapl/public/normajuridica/2002/2831/lei_no_996-2002_sapl.pdf", "ementa": "D\u00e1 nova reda\u00e7\u00e3o ao par\u00e1grafo 1\u00ba, do artigo 2\u00ba, da Lei n\u00ba 817/99 e d\u00e1 outras provid\u00eancias."}, {"id": "2830", "ano": "2002", "numero": "995", "tipo__sigla": "LEI", "tipo__descricao": "Lei Ordin\u00e1ria", "texto_integral": "http://sapl.sarandi.pr.leg.br/media/./sapl/public/normajuridica/2002/2830/2830_texto_integral.pdf", "ementa": "Autoriza o Chefe do Poder Executivo Municipal a contratar opera\u00e7\u00e3o de cr\u00e9dito com a Ag\u00eancia de Fomento do Paran\u00e1 S.A., e d\u00e1 outras provid\u00eancias."}, {"id": "2829", "ano": "2002", "numero": "994", "tipo__sigla": "LEI", "tipo__descricao": "Lei Ordin\u00e1ria", "texto_integral": "http://sapl.sarandi.pr.leg.br/media/sapl/public/normajuridica/2002/2829/lei_no_994-2002_sapl.pdf", "ementa": "Autoriza o Munic\u00edpio de Sarandi, Estado do Paran\u00e1, a firmar Termo de Coopera\u00e7\u00e3o T\u00e9cnica e Financeira com a Associa\u00e7\u00e3o de Prote\u00e7\u00e3o \u00e0 Maternidade e \u00e0 Inf\u00e2ncia - APMI."}, {"id": "2828", "ano": "2002", "numero": "993", "tipo__sigla": "LEI", "tipo__descricao": "Lei Ordin\u00e1ria", "texto_integral": "http://sapl.sarandi.pr.leg.br/media/sapl/public/normajuridica/2002/2828/lei_no_993-2002_sapl.pdf", "ementa": "Considera e declara de utilidade p\u00fablica a Associa\u00e7\u00e3o de Amigos e Moradores do Parque Residencial Nova Alian\u00e7a."}, {"id": "2827", "ano": "2002", "numero": "992", "tipo__sigla": "LEI", "tipo__descricao": "Lei Ordin\u00e1ria", "texto_integral": "http://sapl.sarandi.pr.leg.br/media/sapl/public/normajuridica/2002/2827/lei_no_992-2002_sapl.pdf", "ementa": "Considera e declara de utilidade p\u00fablica a Associa\u00e7\u00e3o dos Moradores e Amigos do Bairro Jardim Castelo."}, {"id": "2826", "ano": "2002", "numero": "991", "tipo__sigla": "LEI", "tipo__descricao": "Lei Ordin\u00e1ria", "texto_integral": "http://sapl.sarandi.pr.leg.br/media/sapl/public/normajuridica/2002/2826/lei_no_991-2002_sapl.pdf", "ementa": "Considera e declara de utilidade p\u00fablica a Associa\u00e7\u00e3o dos Moradores e Amigos do Bairro Parque Alvamar II e d\u00e1 outras provid\u00eancias."}, {"id": "2825", "ano": "2002", "numero": "990", "tipo__sigla": "LEI", "tipo__descricao": "Lei Ordin\u00e1ria", "texto_integral": "http://sapl.sarandi.pr.leg.br/media/sapl/public/normajuridica/2002/2825/lei_no_990-2002_sapl.pdf", "ementa": "Considera e declara de utilidade p\u00fablica a Uni\u00e3o Sarandiense de Futebol e Futsal U.S.F.F."}, {"id": "2824", "ano": "2002", "numero": "989", "tipo__sigla": "LEI", "tipo__descricao": "Lei Ordin\u00e1ria", "texto_integral": "http://sapl.sarandi.pr.leg.br/media/sapl/public/normajuridica/2002/2824/lei_no_989-2002_sapl.pdf", "ementa": "Fica o Chefe do Poder Executivo Municipal autorizado a executar o servi\u00e7o de rebaixamento de lumin\u00e1rias nas vias p\u00fablicas dos Jardins Panorama, Novo Panorama, Nova Independ\u00eancia I e II partes e Independ\u00eancia I, II e III partes."}, {"id": "2823", "ano": "2002", "numero": "988", "tipo__sigla": "LEI", "tipo__descricao": "Lei Ordin\u00e1ria", "texto_integral": "http://sapl.sarandi.pr.leg.br/media/./sapl/public/normajuridica/2002/2823/2823_texto_integral.pdf", "ementa": "Institui o Programa Municipal denominado Movimento de Alfabetiza\u00e7\u00e3o de Sarandi - Mova, e d\u00e1 outras provid\u00eancias."}, {"id": "1596", "ano": "2002", "numero": "79", "tipo__sigla": "LC", "tipo__descricao": "Lei Complementar", "texto_integral": "http://sapl.sarandi.pr.leg.br/media/./sapl/public/normajuridica/2002/1596/1596_texto_integral.pdf", "ementa": "Eleva o n\u00famero de vagas, cria cargos efetivos e d\u00e1 outras provid\u00eancias."}, {"id": "1595", "ano": "2002", "numero": "78", "tipo__sigla": "LC", "tipo__descricao": "Lei Complementar", "texto_integral": "http://sapl.sarandi.pr.leg.br/media/./sapl/public/normajuridica/2002/1595/1595_texto_integral.pdf", "ementa": "Inclui rua no Eixo Comercial da cidade."}, {"id": "2884", "ano": "2002", "numero": "5", "tipo__sigla": "POR", "tipo__descricao": "Portaria", "texto_integral": "http://sapl.sarandi.pr.leg.br/media/./sapl/public/normajuridica/2002/2884/2884_texto_integral.pdf", "ementa": "CONCEDER REAJUSTE AOS SERVIDORES P\u00daBLICO MUNICIPAIS"}, {"id": "2896", "ano": "2002", "numero": "6", "tipo__sigla": "POR", "tipo__descricao": "Portaria", "texto_integral": "http://sapl.sarandi.pr.leg.br/media/./sapl/public/normajuridica/2002/2896/2896_texto_integral.pdf", "ementa": "EXONERAR ASSESSOR JUR\u00cdDICO"}, {"id": "2822", "ano": "2002", "numero": "987", "tipo__sigla": "LEI", "tipo__descricao": "Lei Ordin\u00e1ria", "texto_integral": "http://sapl.sarandi.pr.leg.br/media/sapl/public/normajuridica/2002/2822/lei_no_987-2002_sapl.pdf", "ementa": "Disp\u00f5e sobre a altera\u00e7\u00e3o do Artigo 1\u00ba, da Lei Municipal n\u00ba 866/99, de 19/12/99, que cria o FUNREBOM, na forma que especifica."}, {"id": "1594", "ano": "2002", "numero": "77", "tipo__sigla": "LC", "tipo__descricao": "Lei Complementar", "texto_integral": "http://sapl.sarandi.pr.leg.br/media/./sapl/public/normajuridica/2002/1594/1594_texto_integral.pdf", "ementa": "Inclui rua no Eixo Comercial da cidade e d\u00e1 outras provid\u00eancias."}, {"id": "2872", "ano": "2002", "numero": "4", "tipo__sigla": "POR", "tipo__descricao": "Portaria", "texto_integral": "http://sapl.sarandi.pr.leg.br/media/./sapl/public/normajuridica/2002/2872/2872_texto_integral.pdf", "ementa": "CONCEDER PROGRESS\u00c3O FUNCIONAL"}, {"id": "2821", "ano": "2002", "numero": "986", "tipo__sigla": "LEI", "tipo__descricao": "Lei Ordin\u00e1ria", "texto_integral": "http://sapl.sarandi.pr.leg.br/media/sapl/public/normajuridica/2002/2821/lei_no_986-2002_sapl.pdf", "ementa": "Autoriza o Poder Executivo a efetuar a abertura da continua\u00e7\u00e3o da Avenida Borsari Neto e d\u00e1 outras provid\u00eancias."}, {"id": "2820", "ano": "2002", "numero": "985", "tipo__sigla": "LEI", "tipo__descricao": "Lei Ordin\u00e1ria", "texto_integral": "http://sapl.sarandi.pr.leg.br/media/sapl/public/normajuridica/2002/2820/lei_no_985-2002_sapl.pdf", "ementa": "Autoriza o Poder Executivo a efetuar a abertura da continua\u00e7\u00e3o da Avenida Londrina e d\u00e1 outras provid\u00eancias."}, {"id": "2819", "ano": "2002", "numero": "984", "tipo__sigla": "LEI", "tipo__descricao": "Lei Ordin\u00e1ria", "texto_integral": "http://sapl.sarandi.pr.leg.br/media/sapl/public/normajuridica/2002/2819/lei_no_984-2002_sapl.pdf", "ementa": "Autoriza o Munic\u00edpio de Sarandi, Estado do Paran\u00e1, a firmar Termo de Coopera\u00e7\u00e3o T\u00e9cnica e Financeira com o Tribunal de Justi\u00e7a do Estado do Paran\u00e1, na forma que especifica."}, {"id": "2818", "ano": "2002", "numero": "983", "tipo__sigla": "LEI", "tipo__descricao": "Lei Ordin\u00e1ria", "texto_integral": "http://sapl.sarandi.pr.leg.br/media/./sapl/public/normajuridica/2002/2818/2818_texto_integral.pdf", "ementa": "Autoriza o Munic\u00edpio de Sarandi, Estado do Paran\u00e1, a firmar Termo de Conv\u00eanio com o Estado do Paran\u00e1 atrav\u00e9s da Secretaria de Estado de Seguran\u00e7a P\u00fablica."}, {"id": "1593", "ano": "2002", "numero": "76", "tipo__sigla": "LC", "tipo__descricao": "Lei Complementar", "texto_integral": "http://sapl.sarandi.pr.leg.br/media/./sapl/public/normajuridica/2002/1593/1593_texto_integral.pdf", "ementa": "Inclui rua no Eixo Comercial da cidade e d\u00e1 outras provid\u00eancias."}, {"id": "1592", "ano": "2002", "numero": "75", "tipo__sigla": "LC", "tipo__descricao": "Lei Complementar", "texto_integral": "http://sapl.sarandi.pr.leg.br/media/./sapl/public/normajuridica/2002/1592/1592_texto_integral.pdf", "ementa": "Inclui rua no Eixo Comercial da cidade e d\u00e1 outras provid\u00eancias."}, {"id": "2816", "ano": "2002", "numero": "981", "tipo__sigla": "LEI", "tipo__descricao": "Lei Ordin\u00e1ria", "texto_integral": "http://sapl.sarandi.pr.leg.br/media/sapl/public/normajuridica/2002/2816/lei_no_981-2002_sapl.pdf", "ementa": "Altera dispositivos da Lei n\u00ba 930/01, que disp\u00f5e sobre autoriza\u00e7\u00e3o para cess\u00e3o de \u00f4nibus para acompanhamento de funerais."}, {"id": "2815", "ano": "2002", "numero": "980", "tipo__sigla": "LEI", "tipo__descricao": "Lei Ordin\u00e1ria", "texto_integral": "http://sapl.sarandi.pr.leg.br/media/./sapl/public/normajuridica/2002/2815/2815_texto_integral.pdf", "ementa": "Autoriza a doa\u00e7\u00e3o de im\u00f3vel urbano \u00e0 FUNDEPAR, na forma que especifica."}, {"id": "2814", "ano": "2002", "numero": "979", "tipo__sigla": "LEI", "tipo__descricao": "Lei Ordin\u00e1ria", "texto_integral": "http://sapl.sarandi.pr.leg.br/media/sapl/public/normajuridica/2002/2814/lei_no_979-2002_sapl.pdf", "ementa": "Autoriza a concess\u00e3o de direito real de uso de im\u00f3vel pertencente \u00e0 municipalidade, na forma que especifica."}, {"id": "2813", "ano": "2002", "numero": "978", "tipo__sigla": "LEI", "tipo__descricao": "Lei Ordin\u00e1ria", "texto_integral": "http://sapl.sarandi.pr.leg.br/media/sapl/public/normajuridica/2002/2813/lei_no_978-2002_sapl.pdf", "ementa": "Autoriza a concess\u00e3o de direito real de uso de im\u00f3veis pertencentes \u00e0 municipalidade, na forma que especifica."}, {"id": "2812", "ano": "2002", "numero": "977", "tipo__sigla": "LEI", "tipo__descricao": "Lei Ordin\u00e1ria", "texto_integral": "http://sapl.sarandi.pr.leg.br/media/sapl/public/normajuridica/2002/2812/lei_no_977-2002_sapl.pdf", "ementa": "Autoriza o Executivo Municipal a proceder o parcelamento de taxas e d\u00e1 outras provid\u00eancias."}, {"id": "2811", "ano": "2002", "numero": "976", "tipo__sigla": "LEI", "tipo__descricao": "Lei Ordin\u00e1ria", "texto_integral": "http://sapl.sarandi.pr.leg.br/media/./sapl/public/normajuridica/2002/2811/2811_texto_integral.pdf", "ementa": "Autoriza o Munic\u00edpio de Sarandi, Estado do Paran\u00e1, a firmar Conv\u00eanio com a Delegacia Regional do Trabalho-DRT, no Estado do Paran\u00e1."}, {"id": "2810", "ano": "2002", "numero": "975", "tipo__sigla": "LEI", "tipo__descricao": "Lei Ordin\u00e1ria", "texto_integral": "http://sapl.sarandi.pr.leg.br/media/sapl/public/normajuridica/2002/2810/lei_no_975-2002_sapl.pdf", "ementa": "Considera e declara de utilidade p\u00fablica a Equipe da Promo\u00e7\u00e3o Humana da Comunidade Crist\u00e3 Nossa Senhora das Gra\u00e7as de Sarandi."}, {"id": "2809", "ano": "2002", "numero": "974", "tipo__sigla": "LEI", "tipo__descricao": "Lei Ordin\u00e1ria", "texto_integral": "http://sapl.sarandi.pr.leg.br/media/sapl/public/normajuridica/2002/2809/lei_no_974-2002_sapl.pdf", "ementa": "Considera e declara de utilidade p\u00fablica a Associa\u00e7\u00e3o de Moradores e Amigos dos Bairros Jardins Independ\u00eancia 3\u00aa parte, Escala e Ouro Preto - AMINESOURO."}, {"id": "399", "ano": "2002", "numero": "973", "tipo__sigla": "LEI", "tipo__descricao": "Lei Ordin\u00e1ria", "texto_integral": "http://sapl.sarandi.pr.leg.br/media/./sapl/public/normajuridica/2002/399/399_texto_integral.pdf", "ementa": "Disp\u00f5e sobre cria\u00e7\u00e3o de ponto de autom\u00f3veis de alugu\u00e9is e d\u00e1 outras provid\u00eancias."}, {"id": "1591", "ano": "2002", "numero": "74", "tipo__sigla": "LC", "tipo__descricao": "Lei Complementar", "texto_integral": "http://sapl.sarandi.pr.leg.br/media/./sapl/public/normajuridica/2002/1591/1591_texto_integral.pdf", "ementa": "Inclui rua no Eixo Comercial da cidade e d\u00e1 outras provid\u00eancias."}, {"id": "1590", "ano": "2002", "numero": "73", "tipo__sigla": "LC", "tipo__descricao": "Lei Complementar", "texto_integral": "http://sapl.sarandi.pr.leg.br/media/./sapl/public/normajuridica/2002/1590/1590_texto_integral.pdf", "ementa": "Inclui rua no Eixo Comercial da cidade e d\u00e1 outras provid\u00eancias."}, {"id": "6491", "ano": "2002", "numero": "972", "tipo__sigla": "LEI", "tipo__descricao": "Lei Ordin\u00e1ria", "texto_integral": "http://sapl.sarandi.pr.leg.br/media/sapl/public/normajuridica/2002/6491/lei_no_972-2002_sapl.pdf", "ementa": "Autoriza a constru\u00e7\u00e3o de um gin\u00e1sio de esportes no Parque Alvamar II e d\u00e1 outras provid\u00eancias."}, {"id": "2860", "ano": "2002", "numero": "3", "tipo__sigla": "POR", "tipo__descricao": "Portaria", "texto_integral": "http://sapl.sarandi.pr.leg.br/media/./sapl/public/normajuridica/2002/2860/2860_texto_integral.pdf", "ementa": "NOMEAR MEMBROS DA COMISS\u00c3O DE LICITA\u00c7\u00c3O"}, {"id": "1589", "ano": "2002", "numero": "72", "tipo__sigla": "LC", "tipo__descricao": "Lei Complementar", "texto_integral": "http://sapl.sarandi.pr.leg.br/media/./sapl/public/normajuridica/2002/1589/1589_texto_integral.pdf", "ementa": "Eleva o percentual da taxa de ocupa\u00e7\u00e3o m\u00e1xima do terreno, do anexo 4, da Lei Complementar n\u00ba 3/92."}, {"id": "2848", "ano": "2002", "numero": "2", "tipo__sigla": "POR", "tipo__descricao": "Portaria", "texto_integral": "http://sapl.sarandi.pr.leg.br/media/./sapl/public/normajuridica/2002/2848/2848_texto_integral.pdf", "ementa": "PRORROGAR A VALIDADE DO CONCURSO P\u00daBLICO"}, {"id": "1130", "ano": "2002", "numero": "2", "tipo__sigla": "RES", "tipo__descricao": "Resolu\u00e7\u00e3o", "texto_integral": "http://sapl.sarandi.pr.leg.br/media/", "ementa": "Inexistente, uma vez que ap\u00f3s a edi\u00e7\u00e3o da Resolu\u00e7\u00e3o n\u00ba 001/2001, passou-se diretamente para a Resolu\u00e7\u00e3o n\u00ba 003/2001, n\u00e3o sendo observada a ordem cronol\u00f3gica de numera\u00e7\u00e3o."}, {"id": "2807", "ano": "2001", "numero": "971", "tipo__sigla": "LEI", "tipo__descricao": "Lei Ordin\u00e1ria", "texto_integral": "http://sapl.sarandi.pr.leg.br/media/./sapl/public/normajuridica/2001/2807/2807_texto_integral.pdf", "ementa": "Estima a Receita e Fixa a despesa do Munic\u00edpio para o exerc\u00edcio de 2002."}, {"id": "2806", "ano": "2001", "numero": "970", "tipo__sigla": "LEI", "tipo__descricao": "Lei Ordin\u00e1ria", "texto_integral": "http://sapl.sarandi.pr.leg.br/media/./sapl/public/normajuridica/2001/2806/2806_texto_integral.pdf", "ementa": "Disp\u00f5e sobre o Plano Plurianual para o quadri\u00eanio 2002/2005, e d\u00e1 outras provid\u00eancias."}, {"id": "1784", "ano": "2001", "numero": "71", "tipo__sigla": "LC", "tipo__descricao": "Lei Complementar", "texto_integral": "http://sapl.sarandi.pr.leg.br/media/./sapl/public/normajuridica/2001/1784/1784_texto_integral.pdf", "ementa": "Disp\u00f5e sobre altera\u00e7\u00e3o dos artigos 119 e 122 da Lei Complementar n\u00ba 5/92, j\u00e1 alterados pelas Leis Complementares n\u00ba 26/94 e 44/97."}, {"id": "2805", "ano": "2001", "numero": "969", "tipo__sigla": "LEI", "tipo__descricao": "Lei Ordin\u00e1ria", "texto_integral": "http://sapl.sarandi.pr.leg.br/media/sapl/public/normajuridica/2001/2805/lei_no_969-2001_sapl.pdf", "ementa": "Institui no Munic\u00edpio de Sarandi, a Contribui\u00e7\u00e3o para Custeio do Servi\u00e7o de Ilumina\u00e7\u00e3o P\u00fablica - COSIP."}, {"id": "2804", "ano": "2001", "numero": "968", "tipo__sigla": "LEI", "tipo__descricao": "Lei Ordin\u00e1ria", "texto_integral": "http://sapl.sarandi.pr.leg.br/media/sapl/public/normajuridica/2001/2804/lei_no_968-2001_sapl.pdf", "ementa": "Disp\u00f5e sobre denomina\u00e7\u00e3o da atual BR-376, dentro do Per\u00edmetro Urbano do Munic\u00edpio."}, {"id": "1783", "ano": "2001", "numero": "70", "tipo__sigla": "LC", "tipo__descricao": "Lei Complementar", "texto_integral": "http://sapl.sarandi.pr.leg.br/media/./sapl/public/normajuridica/2001/1783/1783_texto_integral.pdf", "ementa": "Disp\u00f5e sobre o Sistema Tribut\u00e1rio do Munic\u00edpio de Sarandi, Estado do Paran\u00e1, e d\u00e1 outras provid\u00eancias."}, {"id": "3147", "ano": "2001", "numero": "30", "tipo__sigla": "POR", "tipo__descricao": "Portaria", "texto_integral": "http://sapl.sarandi.pr.leg.br/media/./sapl/public/normajuridica/2001/3147/3147_texto_integral.pdf", "ementa": "CONCEDE F\u00c9RIAS COLETIVA AOS SERVIDORES"}, {"id": "2803", "ano": "2001", "numero": "967", "tipo__sigla": "LEI", "tipo__descricao": "Lei Ordin\u00e1ria", "texto_integral": "http://sapl.sarandi.pr.leg.br/media/sapl/public/normajuridica/2001/2803/lei_no_967-2001_sapl.pdf", "ementa": "Disp\u00f5e sobre a altera\u00e7\u00e3o do Art. 29, da Lei n\u00ba 464/92, de 12/03/1992, j\u00e1 alterado pela Lei n\u00ba 834/99, de 16/11/1999, na forma que especifica."}, {"id": "2802", "ano": "2001", "numero": "966", "tipo__sigla": "LEI", "tipo__descricao": "Lei Ordin\u00e1ria", "texto_integral": "http://sapl.sarandi.pr.leg.br/media/./sapl/public/normajuridica/2001/2802/2802_texto_integral.pdf", "ementa": "Autoriza firmar Termo de Coopera\u00e7\u00e3o Financeira com o Pelot\u00e3o da Pol\u00edcia Militar de Sarandi."}, {"id": "2801", "ano": "2001", "numero": "965", "tipo__sigla": "LEI", "tipo__descricao": "Lei Ordin\u00e1ria", "texto_integral": "http://sapl.sarandi.pr.leg.br/media/sapl/public/normajuridica/2001/2801/lei_no_965-2001_sapl.pdf", "ementa": "Autoriza o Munic\u00edpio de Sarandi, Estado do Paran\u00e1, a firmar Termo de Coopera\u00e7\u00e3o T\u00e9cnica e Financeira com o Departamento de Tr\u00e2nsito do Paran\u00e1 - DETRAN-PR, na forma que especifica."}, {"id": "2800", "ano": "2001", "numero": "964", "tipo__sigla": "LEI", "tipo__descricao": "Lei Ordin\u00e1ria", "texto_integral": "http://sapl.sarandi.pr.leg.br/media/sapl/public/normajuridica/2001/2800/lei_no_964-2001_sapl.pdf", "ementa": "Autoriza o Executivo Municipal a desafetar parte da Rua Sul, para fins de amplia\u00e7\u00e3o industrial."}, {"id": "2799", "ano": "2001", "numero": "963", "tipo__sigla": "LEI", "tipo__descricao": "Lei Ordin\u00e1ria", "texto_integral": "http://sapl.sarandi.pr.leg.br/media/sapl/public/normajuridica/2001/2799/lei_no_963-2001_sapl.pdf", "ementa": "Autoriza o Executivo Municipal a Desafetar \u00e1rea de terras urbana e conceder direito real de uso, na forma que especifica."}, {"id": "2798", "ano": "2001", "numero": "962", "tipo__sigla": "LEI", "tipo__descricao": "Lei Ordin\u00e1ria", "texto_integral": "http://sapl.sarandi.pr.leg.br/media/sapl/public/normajuridica/2001/2798/lei_no_962-2001_sapl.pdf", "ementa": "Autoriza o Munic\u00edpio de Sarandi, Estado do Paran\u00e1, a firmar Termo de Coopera\u00e7\u00e3o Financeira com a Associa\u00e7\u00e3o de Cegos de Sarandi - ACESA."}, {"id": "2797", "ano": "2001", "numero": "961", "tipo__sigla": "LEI", "tipo__descricao": "Lei Ordin\u00e1ria", "texto_integral": "http://sapl.sarandi.pr.leg.br/media/sapl/public/normajuridica/2001/2797/lei_no_961-2001_sapl.pdf", "ementa": "Autoriza a concess\u00e3o de direito real de uso de im\u00f3vel pertencente \u00e0 municipalidade, na forma que especifica."}, {"id": "2796", "ano": "2001", "numero": "960", "tipo__sigla": "LEI", "tipo__descricao": "Lei Ordin\u00e1ria", "texto_integral": "http://sapl.sarandi.pr.leg.br/media/sapl/public/normajuridica/2001/2796/lei_no_960-2001_sapl.pdf", "ementa": "Autoriza a concess\u00e3o de direito real de uso de im\u00f3veis pertencentes \u00e0 municipalidade, na forma que especifica."}, {"id": "2795", "ano": "2001", "numero": "959", "tipo__sigla": "LEI", "tipo__descricao": "Lei Ordin\u00e1ria", "texto_integral": "http://sapl.sarandi.pr.leg.br/media/sapl/public/normajuridica/2001/2795/lei_no_959-2001_sapl.pdf", "ementa": "Autoriza o Poder Executivo Municipal a constituir e participar com outros munic\u00edpios da Associa\u00e7\u00e3o dos Munic\u00edpios do Setentri\u00e3o Paranaense - AMUSEP, do Cons\u00f3rcio Intermunicipal de Sa\u00fade."}, {"id": "1782", "ano": "2001", "numero": "69", "tipo__sigla": "LC", "tipo__descricao": "Lei Complementar", "texto_integral": "http://sapl.sarandi.pr.leg.br/media/./sapl/public/normajuridica/2001/1782/1782_texto_integral.pdf", "ementa": "Inclui rua no Eixo Comercial da cidade e d\u00e1 outras provid\u00eancias."}, {"id": "3364", "ano": "2001", "numero": "10", "tipo__sigla": "RES", "tipo__descricao": "Resolu\u00e7\u00e3o", "texto_integral": "http://sapl.sarandi.pr.leg.br/media/./sapl/public/normajuridica/2001/3364/3364_texto_integral.pdf", "ementa": "D\u00e1 nova reda\u00e7\u00e3o ao caput e ao \u00a71\u00ba do artigo 3\u00ba da Resolu\u00e7\u00e3o 03/92, j\u00e1 alterado pela Resolu\u00e7\u00e3o 001/99."}, {"id": "3363", "ano": "2001", "numero": "9", "tipo__sigla": "RES", "tipo__descricao": "Resolu\u00e7\u00e3o", "texto_integral": "http://sapl.sarandi.pr.leg.br/media/./sapl/public/normajuridica/2001/3363/3363_texto_integral.pdf", "ementa": "Disp\u00f5e sobre altera\u00e7\u00e3o do artigo 2\u00ba da Resolu\u00e7\u00e3o 02/90, j\u00e1 alterado pela Resolu\u00e7\u00e3o 06/2001."}, {"id": "398", "ano": "2001", "numero": "958", "tipo__sigla": "LEI", "tipo__descricao": "Lei Ordin\u00e1ria", "texto_integral": "http://sapl.sarandi.pr.leg.br/media/./sapl/public/normajuridica/2001/398/398_texto_integral.pdf", "ementa": "Disp\u00f5e sobre cria\u00e7\u00e3o de ponto de autom\u00f3veis de alugu\u00e9is e d\u00e1 outras provid\u00eancias correlatas."}, {"id": "2793", "ano": "2001", "numero": "957", "tipo__sigla": "LEI", "tipo__descricao": "Lei Ordin\u00e1ria", "texto_integral": "http://sapl.sarandi.pr.leg.br/media/sapl/public/normajuridica/2001/2793/lei_no_957-2001_sapl.pdf", "ementa": "Autoriza o Poder Executivo Municipal a abrir cr\u00e9dito adicional suplementar."}, {"id": "2792", "ano": "2001", "numero": "956", "tipo__sigla": "LEI", "tipo__descricao": "Lei Ordin\u00e1ria", "texto_integral": "http://sapl.sarandi.pr.leg.br/media/sapl/public/normajuridica/2001/2792/lei_no_956-2001_sapl.pdf", "ementa": "Altera dispositivo da Lei n\u00ba 919/2001, que \"Disp\u00f5e sobre as diretrizes para elabora\u00e7\u00e3o da Lei Or\u00e7ament\u00e1ria para o exerc\u00edcio de 2002, e d\u00e1 outras provid\u00eancias\"."}, {"id": "2791", "ano": "2001", "numero": "955", "tipo__sigla": "LEI", "tipo__descricao": "Lei Ordin\u00e1ria", "texto_integral": "http://sapl.sarandi.pr.leg.br/media/./sapl/public/normajuridica/2001/2791/2791_texto_integral.pdf", "ementa": "Regulamenta as elei\u00e7\u00f5es diretas nas Unidades de Ensino da Rede P\u00fablica Municipal, e d\u00e1 outras provid\u00eancias."}, {"id": "2790", "ano": "2001", "numero": "954", "tipo__sigla": "LEI", "tipo__descricao": "Lei Ordin\u00e1ria", "texto_integral": "http://sapl.sarandi.pr.leg.br/media/./sapl/public/normajuridica/2001/2790/2790_texto_integral.pdf", "ementa": "Disp\u00f5e sobre a altera\u00e7\u00e3o do Art. 1\u00ba, da Lei Municipal n\u00ba 937/2001, de 8/10/2001."}, {"id": "391", "ano": "2001", "numero": "953", "tipo__sigla": "LEI", "tipo__descricao": "Lei Ordin\u00e1ria", "texto_integral": "http://sapl.sarandi.pr.leg.br/media/./sapl/public/normajuridica/2001/391/391_texto_integral.pdf", "ementa": "Disp\u00f5e sobre a altera\u00e7\u00e3o do par\u00e1grafo \u00fanico, do Artigo 2\u00ba, da Lei Municipal n\u00ba 828/99 de 3/11/99, na forma que especifica."}, {"id": "2788", "ano": "2001", "numero": "952", "tipo__sigla": "LEI", "tipo__descricao": "Lei Ordin\u00e1ria", "texto_integral": "http://sapl.sarandi.pr.leg.br/media/sapl/public/normajuridica/2001/2788/lei_no_952-2001_sapl.pdf", "ementa": "Altera a Lei n\u00ba 913/2001, de 10/4/2001, na forma que especifica."}, {"id": "2787", "ano": "2001", "numero": "951", "tipo__sigla": "LEI", "tipo__descricao": "Lei Ordin\u00e1ria", "texto_integral": "http://sapl.sarandi.pr.leg.br/media/sapl/public/normajuridica/2001/2787/lei_no_951-2001_sapl.pdf", "ementa": "Altera al\u00edquota do C\u00f3digo Tribut\u00e1rio Municipal, Anexo VI - item 1.14, alterado pela Lei Municipal n\u00ba 399/90, de 10/12/90, na forma que especifica."}, {"id": "2786", "ano": "2001", "numero": "950", "tipo__sigla": "LEI", "tipo__descricao": "Lei Ordin\u00e1ria", "texto_integral": "http://sapl.sarandi.pr.leg.br/media/sapl/public/normajuridica/2001/2786/lei_no_950-2001_sapl.pdf", "ementa": "Autoriza o Munic\u00edpio de Sarandi, Estado do Paran\u00e1, a firmar conv\u00eanio, e d\u00e1 outras provid\u00eancias."}, {"id": "2785", "ano": "2001", "numero": "949", "tipo__sigla": "LEI", "tipo__descricao": "Lei Ordin\u00e1ria", "texto_integral": "http://sapl.sarandi.pr.leg.br/media/sapl/public/normajuridica/2001/2785/lei_no_949-2001_sapl.pdf", "ementa": "Disp\u00f5e sobre a implanta\u00e7\u00e3o de equipamentos destinados ao atendimento do tr\u00e1fego telef\u00f4nico em geral, e d\u00e1 outras provid\u00eancias."}, {"id": "2784", "ano": "2001", "numero": "948", "tipo__sigla": "LEI", "tipo__descricao": "Lei Ordin\u00e1ria", "texto_integral": "http://sapl.sarandi.pr.leg.br/media/sapl/public/normajuridica/2001/2784/lei_no_948-2001_sapl.pdf", "ementa": "Autoriza o Munic\u00edpio de Sarandi, Estado do Paran\u00e1, a firmar conv\u00eanio para a implanta\u00e7\u00e3o do \"Projeto Formando Cidad\u00e3o\", e d\u00e1 outras provid\u00eancias."}, {"id": "1781", "ano": "2001", "numero": "68", "tipo__sigla": "LC", "tipo__descricao": "Lei Complementar", "texto_integral": "http://sapl.sarandi.pr.leg.br/media/./sapl/public/normajuridica/2001/1781/1781_texto_integral.pdf", "ementa": "Cria e eleva o n\u00famero de vagas dos cargos efetivos da Lei Complementar n\u00ba 16/93, e suas altera\u00e7\u00f5es."}, {"id": "3362", "ano": "2001", "numero": "8", "tipo__sigla": "RES", "tipo__descricao": "Resolu\u00e7\u00e3o", "texto_integral": "http://sapl.sarandi.pr.leg.br/media/./sapl/public/normajuridica/2001/3362/3362_texto_integral.pdf", "ementa": "D\u00e1 nova reda\u00e7\u00e3o ao caput do artigo 149 da Resolu\u00e7\u00e3o 02/92."}, {"id": "1780", "ano": "2001", "numero": "67", "tipo__sigla": "LC", "tipo__descricao": "Lei Complementar", "texto_integral": "http://sapl.sarandi.pr.leg.br/media/./sapl/public/normajuridica/2001/1780/1780_texto_integral.pdf", "ementa": "Altera dispositivos da Lei Complementar n\u00ba 4/92, que disp\u00f5e sobre parcelamento do solo urbano."}, {"id": "1138", "ano": "2001", "numero": "7", "tipo__sigla": "RES", "tipo__descricao": "Resolu\u00e7\u00e3o", "texto_integral": "http://sapl.sarandi.pr.leg.br/media/./sapl/public/normajuridica/2001/1138/1138_texto_integral.pdf", "ementa": "Altera dispositivos do Regimento Interno, Resolu\u00e7\u00e3o n\u00ba 002/92 em seu art. 169, alterado pela Resolu\u00e7\u00e3o n\u00ba 004/2001."}, {"id": "2783", "ano": "2001", "numero": "947", "tipo__sigla": "LEI", "tipo__descricao": "Lei Ordin\u00e1ria", "texto_integral": "http://sapl.sarandi.pr.leg.br/media/./sapl/public/normajuridica/2001/2783/2783_texto_integral.pdf", "ementa": "Disp\u00f5e sobre a organiza\u00e7\u00e3o da Previd\u00eancia Social dos Servidores P\u00fablicos do Munic\u00edpio de Sarandi, Estado do Paran\u00e1, instituindo Plano de Custeio e de benef\u00edcios, e outras provid\u00eancias."}, {"id": "2782", "ano": "2001", "numero": "946", "tipo__sigla": "LEI", "tipo__descricao": "Lei Ordin\u00e1ria", "texto_integral": "http://sapl.sarandi.pr.leg.br/media/./sapl/public/normajuridica/2001/2782/2782_texto_integral.pdf", "ementa": "Autoriza o Poder Executivo Municipal a abrir cr\u00e9dito adicional suplementar."}, {"id": "2781", "ano": "2001", "numero": "945", "tipo__sigla": "LEI", "tipo__descricao": "Lei Ordin\u00e1ria", "texto_integral": "http://sapl.sarandi.pr.leg.br/media/sapl/public/normajuridica/2001/2781/lei_no_945-2001_sapl.pdf", "ementa": "Autoriza o Poder Executivo Municipal a abrir cr\u00e9dito adicional suplementar."}, {"id": "2780", "ano": "2001", "numero": "944", "tipo__sigla": "LEI", "tipo__descricao": "Lei Ordin\u00e1ria", "texto_integral": "http://sapl.sarandi.pr.leg.br/media/sapl/public/normajuridica/2001/2780/lei_no_944-2001_sapl.pdf", "ementa": "Autoriza o Poder Executivo Municipal a abrir cr\u00e9dito adicional suplementar."}, {"id": "2779", "ano": "2001", "numero": "943", "tipo__sigla": "LEI", "tipo__descricao": "Lei Ordin\u00e1ria", "texto_integral": "http://sapl.sarandi.pr.leg.br/media/sapl/public/normajuridica/2001/2779/lei_no_943-2001_sapl.pdf", "ementa": "Autoriza o Poder Executivo Municipal a firmar Termo de Coopera\u00e7\u00e3o T\u00e9cnica e Financeira com o Centro de Conviv\u00eancia dos Idosos de Sarandi."}, {"id": "2778", "ano": "2001", "numero": "942", "tipo__sigla": "LEI", "tipo__descricao": "Lei Ordin\u00e1ria", "texto_integral": "http://sapl.sarandi.pr.leg.br/media/sapl/public/normajuridica/2001/2778/lei_no_942-2001_sapl.pdf", "ementa": "Autoriza o Poder Executivo Municipal a firmar Termo de Coopera\u00e7\u00e3o T\u00e9cnica e Financeira com o Clube do Vov\u00f4 de Sarandi."}, {"id": "3359", "ano": "2001", "numero": "6", "tipo__sigla": "RES", "tipo__descricao": "Resolu\u00e7\u00e3o", "texto_integral": "http://sapl.sarandi.pr.leg.br/media/./sapl/public/normajuridica/2001/3359/3359_texto_integral.pdf", "ementa": "D\u00e1 nova reda\u00e7\u00e3o ao caput do artigo 2\u00ba da Resolu\u00e7\u00e3o 02/90."}, {"id": "2777", "ano": "2001", "numero": "941", "tipo__sigla": "LEI", "tipo__descricao": "Lei Ordin\u00e1ria", "texto_integral": "http://sapl.sarandi.pr.leg.br/media/./sapl/public/normajuridica/2001/2777/2777_texto_integral.pdf", "ementa": "Disp\u00f5e sobre o parcelamento de d\u00e9bitos pendentes junto ao Departamento Municipal de \u00c1gua e Esgoto."}, {"id": "2776", "ano": "2001", "numero": "940", "tipo__sigla": "LEI", "tipo__descricao": "Lei Ordin\u00e1ria", "texto_integral": "http://sapl.sarandi.pr.leg.br/media/sapl/public/normajuridica/2001/2776/lei_no_940-2001_sapl.pdf", "ementa": "Autoriza o Munic\u00edpio de Sarandi, Estado do Paran\u00e1, a firmar Termo de Coopera\u00e7\u00e3o Financeira com a Pastoral da Crian\u00e7a da Par\u00f3quia Nossa Senhora das Gra\u00e7as, deste Munic\u00edpio."}, {"id": "2775", "ano": "2001", "numero": "939", "tipo__sigla": "LEI", "tipo__descricao": "Lei Ordin\u00e1ria", "texto_integral": "http://sapl.sarandi.pr.leg.br/media/sapl/public/normajuridica/2001/2775/lei_no_939-2001_sapl.pdf", "ementa": "Declara de utilidade p\u00fablica a Pastoral da Crian\u00e7a da Par\u00f3quia Nossa Senhora das Gra\u00e7as de Sarandi - Paran\u00e1."}, {"id": "1779", "ano": "2001", "numero": "66", "tipo__sigla": "LC", "tipo__descricao": "Lei Complementar", "texto_integral": "http://sapl.sarandi.pr.leg.br/media/./sapl/public/normajuridica/2001/1779/1779_texto_integral.pdf", "ementa": "Inclui rua no Eixo Comercial da cidade e d\u00e1 outras provid\u00eancias."}, {"id": "1778", "ano": "2001", "numero": "65", "tipo__sigla": "LC", "tipo__descricao": "Lei Complementar", "texto_integral": "http://sapl.sarandi.pr.leg.br/media/./sapl/public/normajuridica/2001/1778/1778_texto_integral.pdf", "ementa": "Inclui rua no Eixo Comercial da cidade e d\u00e1 outras provid\u00eancias."}, {"id": "2774", "ano": "2001", "numero": "938", "tipo__sigla": "LEI", "tipo__descricao": "Lei Ordin\u00e1ria", "texto_integral": "http://sapl.sarandi.pr.leg.br/media/./sapl/public/normajuridica/2001/2774/2774_texto_integral.pdf", "ementa": "D\u00e1 nova reda\u00e7\u00e3o ao inciso III, do Art. 2\u00ba, da Lei n\u00ba 567/94, de 4 de abril de 1994."}, {"id": "2773", "ano": "2001", "numero": "937", "tipo__sigla": "LEI", "tipo__descricao": "Lei Ordin\u00e1ria", "texto_integral": "http://sapl.sarandi.pr.leg.br/media/./sapl/public/normajuridica/2001/2773/2773_texto_integral.pdf", "ementa": "Disp\u00f5e sobre autoriza\u00e7\u00e3o ao Chefe do Poder Executivo Municipal, para a concess\u00e3o de uso de bens p\u00fablicos, na forma que especifica."}, {"id": "3138", "ano": "2001", "numero": "29", "tipo__sigla": "POR", "tipo__descricao": "Portaria", "texto_integral": "http://sapl.sarandi.pr.leg.br/media/./sapl/public/normajuridica/2001/3138/3138_texto_integral.pdf", "ementa": "NOMEIA ASSISTENTE PARLAMENTAR"}, {"id": "3357", "ano": "2001", "numero": "5", "tipo__sigla": "RES", "tipo__descricao": "Resolu\u00e7\u00e3o", "texto_integral": "http://sapl.sarandi.pr.leg.br/media/./sapl/public/normajuridica/2001/3357/3357_texto_integral.pdf", "ementa": "Fica revogada a Resolu\u00e7\u00e3o da atividade parlamentar."}, {"id": "2772", "ano": "2001", "numero": "936", "tipo__sigla": "LEI", "tipo__descricao": "Lei Ordin\u00e1ria", "texto_integral": "http://sapl.sarandi.pr.leg.br/media/sapl/public/normajuridica/2001/2772/lei_no_936-2001_sapl.pdf", "ementa": "Autoriza o Poder Executivo Municipal a abrir cr\u00e9dito adicional suplementar."}, {"id": "2771", "ano": "2001", "numero": "935", "tipo__sigla": "LEI", "tipo__descricao": "Lei Ordin\u00e1ria", "texto_integral": "http://sapl.sarandi.pr.leg.br/media/sapl/public/normajuridica/2001/2771/lei_no_935-2001_sapl.pdf", "ementa": "Autoriza o Poder Executivo Municipal a doar im\u00f3vel urbano pertencente \u00e0 municipalidade, na forma que especifica."}, {"id": "2770", "ano": "2001", "numero": "934", "tipo__sigla": "LEI", "tipo__descricao": "Lei Ordin\u00e1ria", "texto_integral": "http://sapl.sarandi.pr.leg.br/media/sapl/public/normajuridica/2001/2770/lei_no_934-2001_sapl.pdf", "ementa": "Disp\u00f5e sobre a altera\u00e7\u00e3o do Artigo 2\u00b0, da Lei n\u00ba 924/2001, de 27/6/2001, na forma que especifica."}, {"id": "2769", "ano": "2001", "numero": "933", "tipo__sigla": "LEI", "tipo__descricao": "Lei Ordin\u00e1ria", "texto_integral": "http://sapl.sarandi.pr.leg.br/media/sapl/public/normajuridica/2001/2769/lei_no_933-2001_sapl.pdf", "ementa": "Denomina de Pra\u00e7a Gregorio Pav\u00e3o o lote de terras n\u00ba 198-A/34, da Gleba Aquidaban."}, {"id": "3129", "ano": "2001", "numero": "28", "tipo__sigla": "POR", "tipo__descricao": "Portaria", "texto_integral": "http://sapl.sarandi.pr.leg.br/media/./sapl/public/normajuridica/2001/3129/3129_texto_integral.pdf", "ementa": "EXONERA ASSISTENTE PARLAMENTAR"}, {"id": "2768", "ano": "2001", "numero": "932", "tipo__sigla": "LEI", "tipo__descricao": "Lei Ordin\u00e1ria", "texto_integral": "http://sapl.sarandi.pr.leg.br/media/./sapl/public/normajuridica/2001/2768/2768_texto_integral.pdf", "ementa": "Estabelece normas para evitar a propaga\u00e7\u00e3o de doen\u00e7as por vetor, febre amarela e dengue, no munic\u00edpio de Sarandi."}, {"id": "2767", "ano": "2001", "numero": "931", "tipo__sigla": "LEI", "tipo__descricao": "Lei Ordin\u00e1ria", "texto_integral": "http://sapl.sarandi.pr.leg.br/media/sapl/public/normajuridica/2001/2767/lei_no_931-2001_sapl.pdf", "ementa": "Estabelece a obrigatoriedade da instala\u00e7\u00e3o de estacionamento de bicicletas, e d\u00e1 outras provid\u00eancias."}, {"id": "2766", "ano": "2001", "numero": "930", "tipo__sigla": "LEI", "tipo__descricao": "Lei Ordin\u00e1ria", "texto_integral": "http://sapl.sarandi.pr.leg.br/media/./sapl/public/normajuridica/2001/2766/2766_texto_integral.pdf", "ementa": "Disp\u00f5e sobre autoriza\u00e7\u00e3o para cess\u00e3o de \u00f4nibus da municipalidade para acompanhamento de funerais."}, {"id": "2765", "ano": "2001", "numero": "929", "tipo__sigla": "LEI", "tipo__descricao": "Lei Ordin\u00e1ria", "texto_integral": "http://sapl.sarandi.pr.leg.br/media/sapl/public/normajuridica/2001/2765/lei_no_929-2001_sapl.pdf", "ementa": "Institui o Programa Atendendo a Comunidade e d\u00e1 outras provid\u00eancias."}, {"id": "3120", "ano": "2001", "numero": "27", "tipo__sigla": "POR", "tipo__descricao": "Portaria", "texto_integral": "http://sapl.sarandi.pr.leg.br/media/./sapl/public/normajuridica/2001/3120/3120_texto_integral.pdf", "ementa": "NOMEIA ASSISTENTE PARLAMENTAR"}, {"id": "1137", "ano": "2001", "numero": "4", "tipo__sigla": "RES", "tipo__descricao": "Resolu\u00e7\u00e3o", "texto_integral": "http://sapl.sarandi.pr.leg.br/media/./sapl/public/normajuridica/2001/1137/1137_texto_integral.pdf", "ementa": "Altera dispositivos da Resolu\u00e7\u00e3o n\u00ba 002/1992 - Regimento Interno - e d\u00e1 outras provid\u00eancias correlatas."}, {"id": "2764", "ano": "2001", "numero": "928", "tipo__sigla": "LEI", "tipo__descricao": "Lei Ordin\u00e1ria", "texto_integral": "http://sapl.sarandi.pr.leg.br/media/sapl/public/normajuridica/2001/2764/lei_no_928-2001_sapl.pdf", "ementa": "Institui o Programa Municipal de vacina\u00e7\u00e3o da crian\u00e7a excepcional."}, {"id": "2763", "ano": "2001", "numero": "927", "tipo__sigla": "LEI", "tipo__descricao": "Lei Ordin\u00e1ria", "texto_integral": "http://sapl.sarandi.pr.leg.br/media/sapl/public/normajuridica/2001/2763/lei_no_927-2001_sapl.pdf", "ementa": "Cria no Munic\u00edpio de Sarandi o transporte individual de passageiros e o servi\u00e7o de entrega de mercadorias, porta a porta, em ve\u00edculo automotor, tipo motocicleta - \"MOTO-T\u00c1XI\" e \"MOTO-ENTREGA\" e d\u00e1 outras provid\u00eancias."}, {"id": "3111", "ano": "2001", "numero": "26", "tipo__sigla": "POR", "tipo__descricao": "Portaria", "texto_integral": "http://sapl.sarandi.pr.leg.br/media/./sapl/public/normajuridica/2001/3111/3111_texto_integral.pdf", "ementa": "CONCEDE REAJUSTE SALARIAL"}, {"id": "2762", "ano": "2001", "numero": "926", "tipo__sigla": "LEI", "tipo__descricao": "Lei Ordin\u00e1ria", "texto_integral": "http://sapl.sarandi.pr.leg.br/media/sapl/public/normajuridica/2001/2762/lei_no_926-2001_sapl.pdf", "ementa": "Autoriza a concess\u00e3o de direito real de uso de im\u00f3veis pertencentes \u00e0 municipalidade, na forma que especifica."}, {"id": "4289", "ano": "2001", "numero": "16", "tipo__sigla": "ELO", "tipo__descricao": "Emenda \u00e0 Lei Org\u00e2nica", "texto_integral": "http://sapl.sarandi.pr.leg.br/media/sapl/public/normajuridica/2001/4289/emenda_no_016-2001.pdf", "ementa": "Altera dispositivos da Lei Org\u00e2nica Municipal."}, {"id": "3102", "ano": "2001", "numero": "25", "tipo__sigla": "POR", "tipo__descricao": "Portaria", "texto_integral": "http://sapl.sarandi.pr.leg.br/media/./sapl/public/normajuridica/2001/3102/3102_texto_integral.pdf", "ementa": "EXONERA ASSISTENTE PARLAMENTAR"}, {"id": "3093", "ano": "2001", "numero": "24", "tipo__sigla": "POR", "tipo__descricao": "Portaria", "texto_integral": "http://sapl.sarandi.pr.leg.br/media/./sapl/public/normajuridica/2001/3093/3093_texto_integral.pdf", "ementa": "NOMEIA SERVIDORES PARA COMISS\u00c3O PERMANENTE DE LICITA\u00c7\u00c3O"}, {"id": "2760", "ano": "2001", "numero": "924", "tipo__sigla": "LEI", "tipo__descricao": "Lei Ordin\u00e1ria", "texto_integral": "http://sapl.sarandi.pr.leg.br/media/sapl/public/normajuridica/2001/2760/lei_no_924-2001_sapl.pdf", "ementa": "Autoriza o Poder Executivo Municipal a abrir cr\u00e9dito adicional suplementar."}, {"id": "2761", "ano": "2001", "numero": "925", "tipo__sigla": "LEI", "tipo__descricao": "Lei Ordin\u00e1ria", "texto_integral": "http://sapl.sarandi.pr.leg.br/media/sapl/public/normajuridica/2001/2761/lei_no_925-2001_sapl.pdf", "ementa": "Autoriza o Munic\u00edpio de Sarandi, Estado do Paran\u00e1, a firmar Termo de Coopera\u00e7\u00e3o Financeira com a Associa\u00e7\u00e3o Norte Paranaense de Reabilita\u00e7\u00e3o - ANPR."}, {"id": "2759", "ano": "2001", "numero": "923", "tipo__sigla": "LEI", "tipo__descricao": "Lei Ordin\u00e1ria", "texto_integral": "http://sapl.sarandi.pr.leg.br/media/./sapl/public/normajuridica/2001/2759/2759_texto_integral.pdf", "ementa": "Autoriza o Munic\u00edpio de Sarandi, Estado do Paran\u00e1, a firmar Termo de Coopera\u00e7\u00e3o T\u00e9cnico e Financeiro com a Associa\u00e7\u00e3o Projeto Educa\u00e7\u00e3o do Assalariado Rural Tempor\u00e1rio - APEART."}, {"id": "2758", "ano": "2001", "numero": "922", "tipo__sigla": "LEI", "tipo__descricao": "Lei Ordin\u00e1ria", "texto_integral": "http://sapl.sarandi.pr.leg.br/media/sapl/public/normajuridica/2001/2758/lei_no_922-2001_sapl.pdf", "ementa": "Autoria o Munic\u00edpio de Sarandi, Estado do Paran\u00e1, a firmar Termo de Coopera\u00e7\u00e3o T\u00e9cnica e Financeira com o Centro de Prote\u00e7\u00e3o da Vida de Assis Chateaubriand."}, {"id": "2757", "ano": "2001", "numero": "921", "tipo__sigla": "LEI", "tipo__descricao": "Lei Ordin\u00e1ria", "texto_integral": "http://sapl.sarandi.pr.leg.br/media/sapl/public/normajuridica/2001/2757/lei_no_921-2001_sapl.pdf", "ementa": "Disp\u00f5e sobre denomina\u00e7\u00e3o de ruas no Jardim S\u00e3o Jos\u00e9 II, Jardim Nova Independ\u00eancia 1\u00aa parte e Jardim Nova Independ\u00eancia 2\u00aa parte."}, {"id": "2756", "ano": "2001", "numero": "920", "tipo__sigla": "LEI", "tipo__descricao": "Lei Ordin\u00e1ria", "texto_integral": "http://sapl.sarandi.pr.leg.br/media/./sapl/public/normajuridica/2001/2756/2756_texto_integral.pdf", "ementa": "Disp\u00f5e sobre a cria\u00e7\u00e3o do Conselho Municipal de Meio Ambiente, e d\u00e1 outras provid\u00eancias."}, {"id": "3338", "ano": "2001", "numero": "2", "tipo__sigla": "RES", "tipo__descricao": "Resolu\u00e7\u00e3o", "texto_integral": "http://sapl.sarandi.pr.leg.br/media/./sapl/public/normajuridica/2001/3338/3338_texto_integral.pdf", "ementa": "Concede aux\u00edlio alimenta\u00e7\u00e3o a servidores da C\u00e2mara e d\u00e1 outras provid\u00eancias."}, {"id": "3347", "ano": "2001", "numero": "3", "tipo__sigla": "RES", "tipo__descricao": "Resolu\u00e7\u00e3o", "texto_integral": "http://sapl.sarandi.pr.leg.br/media/./sapl/public/normajuridica/2001/3347/3347_texto_integral.pdf", "ementa": "Autoriza o ressarcimento de despesas decorrente do Exerc\u00edcio da Atividade Parlamentar, e d\u00e1 outras provid\u00eancias."}, {"id": "2755", "ano": "2001", "numero": "919", "tipo__sigla": "LEI", "tipo__descricao": "Lei Ordin\u00e1ria", "texto_integral": "http://sapl.sarandi.pr.leg.br/media/./sapl/public/normajuridica/2001/2755/2755_texto_integral.pdf", "ementa": "Disp\u00f5e sobre as diretrizes para elabora\u00e7\u00e3o da Lei Or\u00e7ament\u00e1ria para o exerc\u00edcio de 2002, e d\u00e1 outras provid\u00eancias."}, {"id": "6490", "ano": "2001", "numero": "918", "tipo__sigla": "LEI", "tipo__descricao": "Lei Ordin\u00e1ria", "texto_integral": "http://sapl.sarandi.pr.leg.br/media/sapl/public/normajuridica/2001/6490/lei_no_918-2001_sapl.pdf", "ementa": "Autoriza o Munic\u00edpio de Sarandi, Estado do Paran\u00e1, a firmar Termo de Conv\u00eanio com a Caixa Econ\u00f4mica Federal."}, {"id": "2754", "ano": "2001", "numero": "917", "tipo__sigla": "LEI", "tipo__descricao": "Lei Ordin\u00e1ria", "texto_integral": "http://sapl.sarandi.pr.leg.br/media/sapl/public/normajuridica/2001/2754/lei_no_917-2001_sapl.pdf", "ementa": "Disp\u00f5e sobre a quita\u00e7\u00e3o de d\u00e9bitos municipais de exerc\u00edcios anteriores, e d\u00e1 outras provid\u00eancias."}, {"id": "1526", "ano": "2001", "numero": "2", "tipo__sigla": "DL", "tipo__descricao": "Decreto Legislativo", "texto_integral": "http://sapl.sarandi.pr.leg.br/media/./sapl/public/normajuridica/2001/1526/1526_texto_integral.pdf", "ementa": "Fixa os subs\u00eddios dos Secret\u00e1rios Municipais para, a Gest\u00e3o, j\u00e1 em curso, 2001 a 2004."}, {"id": "3083", "ano": "2001", "numero": "23", "tipo__sigla": "POR", "tipo__descricao": "Portaria", "texto_integral": "http://sapl.sarandi.pr.leg.br/media/./sapl/public/normajuridica/2001/3083/3083_texto_integral.pdf", "ementa": "NOMEIA ASSESSOR JUR\u00cdDICO"}, {"id": "2753", "ano": "2001", "numero": "916", "tipo__sigla": "LEI", "tipo__descricao": "Lei Ordin\u00e1ria", "texto_integral": "http://sapl.sarandi.pr.leg.br/media/./sapl/public/normajuridica/2001/2753/2753_texto_integral.pdf", "ementa": "Institui o Programa de Garantia de Renda M\u00ednima associado a a\u00e7\u00f5es socio-educativas, e determina outras provid\u00eancias."}, {"id": "3329", "ano": "2001", "numero": "1", "tipo__sigla": "RES", "tipo__descricao": "Resolu\u00e7\u00e3o", "texto_integral": "http://sapl.sarandi.pr.leg.br/media/./sapl/public/normajuridica/2001/3329/3329_texto_integral.pdf", "ementa": "Eleva o n\u00famero de vagas do Quadro de Pessoal comissionados CCs-Anexo I, da Resolu\u00e7\u00e3o n\u00ba 04/94 -Alterada pela Resolu\u00e7\u00e3o n\u00ba 01/97, de 07 de abril de 1997."}, {"id": "2752", "ano": "2001", "numero": "915", "tipo__sigla": "LEI", "tipo__descricao": "Lei Ordin\u00e1ria", "texto_integral": "http://sapl.sarandi.pr.leg.br/media/./sapl/public/normajuridica/2001/2752/2752_texto_integral.pdf", "ementa": "Cria o Fundo Rotativo das Escolas Municipais e dos Centros de Educa\u00e7\u00e3o Infantil de Sarandi, e d\u00e1 outras provid\u00eancias."}, {"id": "1515", "ano": "2001", "numero": "1", "tipo__sigla": "DL", "tipo__descricao": "Decreto Legislativo", "texto_integral": "http://sapl.sarandi.pr.leg.br/media/./sapl/public/normajuridica/2001/1515/1515_texto_integral.pdf", "ementa": "Aceita \"Veto\" Aposto parcialmente A Lei n\u00ba 913/2001, do Poder Executivo Municipal, no que tange a Emenda Supressiva."}, {"id": "1538", "ano": "2001", "numero": "3", "tipo__sigla": "DL", "tipo__descricao": "Decreto Legislativo", "texto_integral": "http://sapl.sarandi.pr.leg.br/media/./sapl/public/normajuridica/2001/1538/1538_texto_integral.pdf", "ementa": "Aprova as Contas do Poder Executivo Municipal e Preserv \u2014 Fundo de Previd\u00eancias dos Servidores Municipais de Sarandi, relativas ao Exerc\u00edcio Financeiro de 1996, conforme Resolu\u00e7\u00f5es n\u00fameros 2776/2000 e 11182/2001, do Tribunal de Contas do Estado do Paran\u00e1."}, {"id": "1777", "ano": "2001", "numero": "64", "tipo__sigla": "LC", "tipo__descricao": "Lei Complementar", "texto_integral": "http://sapl.sarandi.pr.leg.br/media/./sapl/public/normajuridica/2001/1777/1777_texto_integral.pdf", "ementa": "Disp\u00f5e sobre a Estrutura Administrativa do Munic\u00edpio de Sarandi, e d\u00e1 outras provid\u00eancias."}, {"id": "2751", "ano": "2001", "numero": "914", "tipo__sigla": "LEI", "tipo__descricao": "Lei Ordin\u00e1ria", "texto_integral": "http://sapl.sarandi.pr.leg.br/media/sapl/public/normajuridica/2001/2751/lei_no_914-2001_sapl.pdf", "ementa": "Autoriza o Poder Executivo Municipal a firmar conv\u00eanio com a COPEL para utiliza\u00e7\u00e3o de postes da rede de ilumina\u00e7\u00e3o p\u00fablica para a identifica\u00e7\u00e3o dos logradouros e a veicula\u00e7\u00e3o dos C\u00f3digos de Endere\u00e7amento Postal."}, {"id": "2750", "ano": "2001", "numero": "913", "tipo__sigla": "LEI", "tipo__descricao": "Lei Ordin\u00e1ria", "texto_integral": "http://sapl.sarandi.pr.leg.br/media/./sapl/public/normajuridica/2001/2750/2750_texto_integral.pdf", "ementa": "Disp\u00f5e sobre o parcelamento dos cr\u00e9ditos tribut\u00e1rios e n\u00e3o tribut\u00e1rios, vencidos ou inscritos em d\u00edvida ativa perante o fisco municipal."}, {"id": "2749", "ano": "2001", "numero": "912", "tipo__sigla": "LEI", "tipo__descricao": "Lei Ordin\u00e1ria", "texto_integral": "http://sapl.sarandi.pr.leg.br/media/sapl/public/normajuridica/2001/2749/lei_no_912-2001_sapl.pdf", "ementa": "Denomina de \"Monteiro Lobato\" o Centro Municipal de Educa\u00e7\u00e3o Infantil, localizado no Jardim Universal."}, {"id": "3073", "ano": "2001", "numero": "22", "tipo__sigla": "POR", "tipo__descricao": "Portaria", "texto_integral": "http://sapl.sarandi.pr.leg.br/media/./sapl/public/normajuridica/2001/3073/3073_texto_integral.pdf", "ementa": "NOMEIA ASSESSOR JUR\u00cdDICO"}, {"id": "3063", "ano": "2001", "numero": "21", "tipo__sigla": "POR", "tipo__descricao": "Portaria", "texto_integral": "http://sapl.sarandi.pr.leg.br/media/sapl/public/normajuridica/2001/3063/portaria_21.pdf", "ementa": "CONCEDE PROGRESS\u00c3O FUNCIONAL"}, {"id": "3053", "ano": "2001", "numero": "20", "tipo__sigla": "POR", "tipo__descricao": "Portaria", "texto_integral": "http://sapl.sarandi.pr.leg.br/media/./sapl/public/normajuridica/2001/3053/3053_texto_integral.pdf", "ementa": "CONCEDE RECOMPOSI\u00c7\u00c3O SALARIAL"}, {"id": "2748", "ano": "2001", "numero": "911", "tipo__sigla": "LEI", "tipo__descricao": "Lei Ordin\u00e1ria", "texto_integral": "http://sapl.sarandi.pr.leg.br/media/sapl/public/normajuridica/2001/2748/lei_no_911-2001_sapl.pdf", "ementa": "Autoriza o Munic\u00edpio de Sarandi, Estado do Paran\u00e1, a firmar Termo de Coopera\u00e7\u00e3o T\u00e9cnica e Financeira com a Associa\u00e7\u00e3o Maternal de Sarandi - AMAS."}, {"id": "2747", "ano": "2001", "numero": "910", "tipo__sigla": "LEI", "tipo__descricao": "Lei Ordin\u00e1ria", "texto_integral": "http://sapl.sarandi.pr.leg.br/media/sapl/public/normajuridica/2001/2747/lei_no_910-2001_sapl.pdf", "ementa": "Autoriza o Munic\u00edpio de Sarandi, Estado do Paran\u00e1, a firmar Termo de Coopera\u00e7\u00e3o T\u00e9cnica e Financeira com a Associa\u00e7\u00e3o de Pais e Amigos dos Excepcionais de Sarandi - APAE."}, {"id": "2746", "ano": "2001", "numero": "909", "tipo__sigla": "LEI", "tipo__descricao": "Lei Ordin\u00e1ria", "texto_integral": "http://sapl.sarandi.pr.leg.br/media/sapl/public/normajuridica/2001/2746/lei_no_909-2001_sapl.pdf", "ementa": "Autoriza o Munic\u00edpio de Sarandi, Estado do Paran\u00e1, a firmar Termo de Coopera\u00e7\u00e3o T\u00e9cnica e Financeira com a Assist\u00eancia Betel."}, {"id": "2745", "ano": "2001", "numero": "908", "tipo__sigla": "LEI", "tipo__descricao": "Lei Ordin\u00e1ria", "texto_integral": "http://sapl.sarandi.pr.leg.br/media/sapl/public/normajuridica/2001/2745/lei_no_908-2001_sapl.pdf", "ementa": "Autorizar o Poder Executivo Municipal a admitir pessoal por prazo determinado para servi\u00e7os essenciais de Agentes Comunit\u00e1rios de Sa\u00fade."}, {"id": "2744", "ano": "2001", "numero": "907", "tipo__sigla": "LEI", "tipo__descricao": "Lei Ordin\u00e1ria", "texto_integral": "http://sapl.sarandi.pr.leg.br/media/sapl/public/normajuridica/2001/2744/lei_no_907-2001_sapl.pdf", "ementa": "Autoriza o Poder Executivo Municipal a admitir pessoal por prazo determinado para servi\u00e7os essenciais de combate ao aedes aegypti."}, {"id": "3043", "ano": "2001", "numero": "19", "tipo__sigla": "POR", "tipo__descricao": "Portaria", "texto_integral": "http://sapl.sarandi.pr.leg.br/media/./sapl/public/normajuridica/2001/3043/3043_texto_integral.pdf", "ementa": "CONCEDE REPOSI\u00c7\u00c3O SALARIAL AOS SERVIDORES"}, {"id": "3002", "ano": "2001", "numero": "15", "tipo__sigla": "POR", "tipo__descricao": "Portaria", "texto_integral": "http://sapl.sarandi.pr.leg.br/media/./sapl/public/normajuridica/2001/3002/3002_texto_integral.pdf", "ementa": "NOMEIA ASSISTENTE PARLAMENTAR"}, {"id": "3024", "ano": "2001", "numero": "17", "tipo__sigla": "POR", "tipo__descricao": "Portaria", "texto_integral": "http://sapl.sarandi.pr.leg.br/media/./sapl/public/normajuridica/2001/3024/3024_texto_integral.pdf", "ementa": "NOMEIA ASSISTENTE PARLAMENTAR"}, {"id": "3013", "ano": "2001", "numero": "16", "tipo__sigla": "POR", "tipo__descricao": "Portaria", "texto_integral": "http://sapl.sarandi.pr.leg.br/media/./sapl/public/normajuridica/2001/3013/3013_texto_integral.pdf", "ementa": "NOMEIA ASSISTENTE PARLAMENTAR"}, {"id": "2991", "ano": "2001", "numero": "14", "tipo__sigla": "POR", "tipo__descricao": "Portaria", "texto_integral": "http://sapl.sarandi.pr.leg.br/media/./sapl/public/normajuridica/2001/2991/2991_texto_integral.pdf", "ementa": "NOMEIA ASSISTENTE PARLAMENTAR"}, {"id": "2943", "ano": "2001", "numero": "10", "tipo__sigla": "POR", "tipo__descricao": "Portaria", "texto_integral": "http://sapl.sarandi.pr.leg.br/media/./sapl/public/normajuridica/2001/2943/2943_texto_integral.pdf", "ementa": "NOMEIA ASSISTENTE PARLAMENTAR"}, {"id": "2919", "ano": "2001", "numero": "8", "tipo__sigla": "POR", "tipo__descricao": "Portaria", "texto_integral": "http://sapl.sarandi.pr.leg.br/media/./sapl/public/normajuridica/2001/2919/2919_texto_integral.pdf", "ementa": "NOMEIA ASSISTENTE PARLAMENTAR"}, {"id": "3034", "ano": "2001", "numero": "18", "tipo__sigla": "POR", "tipo__descricao": "Portaria", "texto_integral": "http://sapl.sarandi.pr.leg.br/media/./sapl/public/normajuridica/2001/3034/3034_texto_integral.pdf", "ementa": "NOMEIA ASSISTENTE PARLAMENTAR"}, {"id": "2979", "ano": "2001", "numero": "13", "tipo__sigla": "POR", "tipo__descricao": "Portaria", "texto_integral": "http://sapl.sarandi.pr.leg.br/media/./sapl/public/normajuridica/2001/2979/2979_texto_integral.pdf", "ementa": "NOMEIA ASSISTENTE PARLAMENTAR"}, {"id": "2967", "ano": "2001", "numero": "12", "tipo__sigla": "POR", "tipo__descricao": "Portaria", "texto_integral": "http://sapl.sarandi.pr.leg.br/media/./sapl/public/normajuridica/2001/2967/2967_texto_integral.pdf", "ementa": "NOMEIA ASSISTENTE PARLAMENTAR"}, {"id": "2955", "ano": "2001", "numero": "11", "tipo__sigla": "POR", "tipo__descricao": "Portaria", "texto_integral": "http://sapl.sarandi.pr.leg.br/media/./sapl/public/normajuridica/2001/2955/2955_texto_integral.pdf", "ementa": "NOMEIA ASSISTENTE PARLAMENTAR"}, {"id": "2931", "ano": "2001", "numero": "9", "tipo__sigla": "POR", "tipo__descricao": "Portaria", "texto_integral": "http://sapl.sarandi.pr.leg.br/media/./sapl/public/normajuridica/2001/2931/2931_texto_integral.pdf", "ementa": "NOMEIA ASSISTENTE PARLAMENTAR"}, {"id": "2907", "ano": "2001", "numero": "7", "tipo__sigla": "POR", "tipo__descricao": "Portaria", "texto_integral": "http://sapl.sarandi.pr.leg.br/media/./sapl/public/normajuridica/2001/2907/2907_texto_integral.pdf", "ementa": "NOMEIA ASSISTENTE PARLAMENTAR"}, {"id": "2895", "ano": "2001", "numero": "6", "tipo__sigla": "POR", "tipo__descricao": "Portaria", "texto_integral": "http://sapl.sarandi.pr.leg.br/media/./sapl/public/normajuridica/2001/2895/2895_texto_integral.pdf", "ementa": "NOMEIA ASSISTENTE PARLAMENTAR"}, {"id": "2883", "ano": "2001", "numero": "5", "tipo__sigla": "POR", "tipo__descricao": "Portaria", "texto_integral": "http://sapl.sarandi.pr.leg.br/media/./sapl/public/normajuridica/2001/2883/2883_texto_integral.pdf", "ementa": "NOMEIA ASSISTENTE PARLAMENTAR"}, {"id": "2871", "ano": "2001", "numero": "4", "tipo__sigla": "POR", "tipo__descricao": "Portaria", "texto_integral": "http://sapl.sarandi.pr.leg.br/media/./sapl/public/normajuridica/2001/2871/2871_texto_integral.pdf", "ementa": "NOMEIA CHEFE DE GABINETE"}, {"id": "2859", "ano": "2001", "numero": "3", "tipo__sigla": "POR", "tipo__descricao": "Portaria", "texto_integral": "http://sapl.sarandi.pr.leg.br/media/./sapl/public/normajuridica/2001/2859/2859_texto_integral.pdf", "ementa": "REVOGA PORTARIAS"}, {"id": "2847", "ano": "2001", "numero": "2", "tipo__sigla": "POR", "tipo__descricao": "Portaria", "texto_integral": "http://sapl.sarandi.pr.leg.br/media/./sapl/public/normajuridica/2001/2847/2847_texto_integral.pdf", "ementa": "EXONERA ASSESSOR JUR\u00cdDICO"}, {"id": "2835", "ano": "2001", "numero": "1", "tipo__sigla": "POR", "tipo__descricao": "Portaria", "texto_integral": "http://sapl.sarandi.pr.leg.br/media/./sapl/public/normajuridica/2001/2835/2835_texto_integral.pdf", "ementa": "HOMOLOGA RESULTADO DA ELEI\u00c7\u00c3O DAS COMISS\u00d5ES PERMANENTES"}, {"id": "1514", "ano": "2000", "numero": "906", "tipo__sigla": "LEI", "tipo__descricao": "Lei Ordin\u00e1ria", "texto_integral": "http://sapl.sarandi.pr.leg.br/media/sapl/public/normajuridica/2000/1514/lei_no_906-2000_sapl.pdf", "ementa": "Estima a receita e fixa a despesa do Fundo Municipal de Reequipamento do Corpo de Bombeiros da Pol\u00edcia Militar do Paran\u00e1, para o exerc\u00edcio financeiro de 2001."}, {"id": "1513", "ano": "2000", "numero": "905", "tipo__sigla": "LEI", "tipo__descricao": "Lei Ordin\u00e1ria", "texto_integral": "http://sapl.sarandi.pr.leg.br/media/sapl/public/normajuridica/2000/1513/lei_no_905-2000_sapl.pdf", "ementa": "Estima a receita e fixa a despesa do Fundo Municipal para a Inf\u00e2ncia e Juventude para o exerc\u00edcio financeiro de 2001."}, {"id": "1512", "ano": "2000", "numero": "904", "tipo__sigla": "LEI", "tipo__descricao": "Lei Ordin\u00e1ria", "texto_integral": "http://sapl.sarandi.pr.leg.br/media/sapl/public/normajuridica/2000/1512/lei_no_904-2000_sapl.pdf", "ementa": "Estima a receita e fixa a despesa do Fundo Municipal de Sa\u00fade para o exerc\u00edcio financeiro de 2001."}, {"id": "1511", "ano": "2000", "numero": "903", "tipo__sigla": "LEI", "tipo__descricao": "Lei Ordin\u00e1ria", "texto_integral": "http://sapl.sarandi.pr.leg.br/media/sapl/public/normajuridica/2000/1511/lei_no_903-2000_sapl.pdf", "ementa": "Estima a receita e fixa a despesa do Fundo Municipal de Assist\u00eancia Social para o exerc\u00edcio financeiro de 2001."}, {"id": "1510", "ano": "2000", "numero": "902", "tipo__sigla": "LEI", "tipo__descricao": "Lei Ordin\u00e1ria", "texto_integral": "http://sapl.sarandi.pr.leg.br/media/sapl/public/normajuridica/2000/1510/lei_no_902-2000_sapl.pdf", "ementa": "Estima a receita e fixa a despesa do Fundo de Previd\u00eancia dos Servidores Municipais de Sarandi - PRESERV, para o exerc\u00edcio financeiro de 2001."}, {"id": "1509", "ano": "2000", "numero": "901", "tipo__sigla": "LEI", "tipo__descricao": "Lei Ordin\u00e1ria", "texto_integral": "http://sapl.sarandi.pr.leg.br/media/sapl/public/normajuridica/2000/1509/lei_no_901-2000_sapl.pdf", "ementa": "Estima a receita e fixa a despesa do Munic\u00edpio para o exerc\u00edcio de 2001."}, {"id": "1508", "ano": "2000", "numero": "900", "tipo__sigla": "LEI", "tipo__descricao": "Lei Ordin\u00e1ria", "texto_integral": "http://sapl.sarandi.pr.leg.br/media/sapl/public/normajuridica/2000/1508/lei_no_900-2000_sapl.pdf", "ementa": "Autoriza a concess\u00e3o de direito real de uso im\u00f3vel pertencente \u00e0 municipalidade, na forma que especifica."}, {"id": "1507", "ano": "2000", "numero": "899", "tipo__sigla": "LEI", "tipo__descricao": "Lei Ordin\u00e1ria", "texto_integral": "http://sapl.sarandi.pr.leg.br/media/./sapl/public/normajuridica/2000/1507/1507_texto_integral.pdf", "ementa": "Disp\u00f5e sobre as diretrizes or\u00e7ament\u00e1rias para o exerc\u00edcio financeiro de 2001 e d\u00e1 outras provid\u00eancias."}, {"id": "1479", "ano": "2000", "numero": "43", "tipo__sigla": "POR", "tipo__descricao": "Portaria", "texto_integral": "http://sapl.sarandi.pr.leg.br/media/./sapl/public/normajuridica/2000/1479/1479_texto_integral.pdf", "ementa": "EXONERAR CHEFE DE GABINETE"}, {"id": "1478", "ano": "2000", "numero": "42", "tipo__sigla": "POR", "tipo__descricao": "Portaria", "texto_integral": "http://sapl.sarandi.pr.leg.br/media/./sapl/public/normajuridica/2000/1478/1478_texto_integral.pdf", "ementa": "EXONERAR ASSESSOR PARLAMENTAR"}, {"id": "1477", "ano": "2000", "numero": "41", "tipo__sigla": "POR", "tipo__descricao": "Portaria", "texto_integral": "http://sapl.sarandi.pr.leg.br/media/./sapl/public/normajuridica/2000/1477/1477_texto_integral.pdf", "ementa": "EXONERAR ASSESSOR PARLAMENTAR"}, {"id": "1476", "ano": "2000", "numero": "40", "tipo__sigla": "POR", "tipo__descricao": "Portaria", "texto_integral": "http://sapl.sarandi.pr.leg.br/media/./sapl/public/normajuridica/2000/1476/1476_texto_integral.pdf", "ementa": "EXONERAR ASSESSOR PARLAMENTAR"}, {"id": "1475", "ano": "2000", "numero": "39", "tipo__sigla": "POR", "tipo__descricao": "Portaria", "texto_integral": "http://sapl.sarandi.pr.leg.br/media/./sapl/public/normajuridica/2000/1475/1475_texto_integral.pdf", "ementa": "EXONERAR ASSESSOR PARLAMENTAR"}, {"id": "1474", "ano": "2000", "numero": "38", "tipo__sigla": "POR", "tipo__descricao": "Portaria", "texto_integral": "http://sapl.sarandi.pr.leg.br/media/./sapl/public/normajuridica/2000/1474/1474_texto_integral.pdf", "ementa": "EXONERAR ASSESSOR PARLAMENTAR"}, {"id": "1473", "ano": "2000", "numero": "37", "tipo__sigla": "POR", "tipo__descricao": "Portaria", "texto_integral": "http://sapl.sarandi.pr.leg.br/media/./sapl/public/normajuridica/2000/1473/1473_texto_integral.pdf", "ementa": "EXONERAR ASSESSOR PARLAMENTAR"}, {"id": "1472", "ano": "2000", "numero": "36", "tipo__sigla": "POR", "tipo__descricao": "Portaria", "texto_integral": "http://sapl.sarandi.pr.leg.br/media/./sapl/public/normajuridica/2000/1472/1472_texto_integral.pdf", "ementa": "EXONERAR ASSESSOR PARLAMENTAR"}, {"id": "1471", "ano": "2000", "numero": "35", "tipo__sigla": "POR", "tipo__descricao": "Portaria", "texto_integral": "http://sapl.sarandi.pr.leg.br/media/./sapl/public/normajuridica/2000/1471/1471_texto_integral.pdf", "ementa": "EXONERAR ASSESSOR PARLAMENTAR"}, {"id": "1470", "ano": "2000", "numero": "34", "tipo__sigla": "POR", "tipo__descricao": "Portaria", "texto_integral": "http://sapl.sarandi.pr.leg.br/media/./sapl/public/normajuridica/2000/1470/1470_texto_integral.pdf", "ementa": "EXONERAR ASSESSOR PARLAMENTAR"}, {"id": "1469", "ano": "2000", "numero": "33", "tipo__sigla": "POR", "tipo__descricao": "Portaria", "texto_integral": "http://sapl.sarandi.pr.leg.br/media/./sapl/public/normajuridica/2000/1469/1469_texto_integral.pdf", "ementa": "EXONERAR ASSESSOR PARLAMENTAR"}, {"id": "1468", "ano": "2000", "numero": "32", "tipo__sigla": "POR", "tipo__descricao": "Portaria", "texto_integral": "http://sapl.sarandi.pr.leg.br/media/./sapl/public/normajuridica/2000/1468/1468_texto_integral.pdf", "ementa": "EXONERAR ASSESSOR PARLAMENTAR"}, {"id": "1467", "ano": "2000", "numero": "31", "tipo__sigla": "POR", "tipo__descricao": "Portaria", "texto_integral": "http://sapl.sarandi.pr.leg.br/media/./sapl/public/normajuridica/2000/1467/1467_texto_integral.pdf", "ementa": "EXONERAR ASSESSOR PARLAMENTAR"}, {"id": "1466", "ano": "2000", "numero": "30", "tipo__sigla": "POR", "tipo__descricao": "Portaria", "texto_integral": "http://sapl.sarandi.pr.leg.br/media/./sapl/public/normajuridica/2000/1466/1466_texto_integral.pdf", "ementa": "EXONERAR ASSESSOR PARLAMENTAR"}, {"id": "1465", "ano": "2000", "numero": "29", "tipo__sigla": "POR", "tipo__descricao": "Portaria", "texto_integral": "http://sapl.sarandi.pr.leg.br/media/./sapl/public/normajuridica/2000/1465/1465_texto_integral.pdf", "ementa": "EXONERAR ASSESSOR PARLAMENTAR"}, {"id": "1464", "ano": "2000", "numero": "28", "tipo__sigla": "POR", "tipo__descricao": "Portaria", "texto_integral": "http://sapl.sarandi.pr.leg.br/media/./sapl/public/normajuridica/2000/1464/1464_texto_integral.pdf", "ementa": "EXONERAR ASSESSOR PARLAMENTAR"}, {"id": "1463", "ano": "2000", "numero": "27", "tipo__sigla": "POR", "tipo__descricao": "Portaria", "texto_integral": "http://sapl.sarandi.pr.leg.br/media/./sapl/public/normajuridica/2000/1463/1463_texto_integral.pdf", "ementa": "CONCEDER REPOSI\u00c7\u00c3O SALARIAL AOS SERVIDORES"}, {"id": "1506", "ano": "2000", "numero": "898", "tipo__sigla": "LEI", "tipo__descricao": "Lei Ordin\u00e1ria", "texto_integral": "http://sapl.sarandi.pr.leg.br/media/sapl/public/normajuridica/2000/1506/lei_no_898-2000_sapl.pdf", "ementa": "Autoriza o Executivo a promover Acordo nos autos 612/89, 440/97, 686/97 e 241/97, em tr\u00e2mite perante a Vara C\u00edvel da Comarca de Sarandi/PR."}, {"id": "1505", "ano": "2000", "numero": "897", "tipo__sigla": "LEI", "tipo__descricao": "Lei Ordin\u00e1ria", "texto_integral": "http://sapl.sarandi.pr.leg.br/media/sapl/public/normajuridica/2000/1505/lei_no_897-2000_sapl.pdf", "ementa": "Autoriza o Poder Executivo Municipal a permutar im\u00f3vel urbano, na forma que especifica."}, {"id": "1462", "ano": "2000", "numero": "26", "tipo__sigla": "POR", "tipo__descricao": "Portaria", "texto_integral": "http://sapl.sarandi.pr.leg.br/media/./sapl/public/normajuridica/2000/1462/1462_texto_integral.pdf", "ementa": "CONCEDER REPOSI\u00c7\u00c3O SALARIAL AOS SERVIDORES"}, {"id": "1504", "ano": "2000", "numero": "896", "tipo__sigla": "LEI", "tipo__descricao": "Lei Ordin\u00e1ria", "texto_integral": "http://sapl.sarandi.pr.leg.br/media/sapl/public/normajuridica/2000/1504/lei_no_896-2000_sapl.pdf", "ementa": "Disp\u00f5e sobre a altera\u00e7\u00e3o do par\u00e1grafo 1\u00ba, da Lei n\u00ba 765/98, j\u00e1 alterado pela Lei n\u00ba 810/99, de 15 de junho de 1999."}, {"id": "977", "ano": "2000", "numero": "895", "tipo__sigla": "LEI", "tipo__descricao": "Lei Ordin\u00e1ria", "texto_integral": "http://sapl.sarandi.pr.leg.br/media/sapl/public/normajuridica/2000/977/lei_no_895-2000_sapl.pdf", "ementa": "Autoriza a concess\u00e3o de direito real de uso de im\u00f3veis pertencentes \u00e0 municipalidade, na forma que especifica."}, {"id": "1503", "ano": "2000", "numero": "894", "tipo__sigla": "LEI", "tipo__descricao": "Lei Ordin\u00e1ria", "texto_integral": "http://sapl.sarandi.pr.leg.br/media/sapl/public/normajuridica/2000/1503/lei_no_894-2000_sapl.pdf", "ementa": "Autoriza a concess\u00e3o de direito real de uso de im\u00f3veis pertencentes \u00e0 municipalidade, na forma que especifica."}, {"id": "1461", "ano": "2000", "numero": "25", "tipo__sigla": "POR", "tipo__descricao": "Portaria", "texto_integral": "http://sapl.sarandi.pr.leg.br/media/./sapl/public/normajuridica/2000/1461/1461_texto_integral.pdf", "ementa": "CONCEDER REPOSI\u00c7\u00c3O SALARIAL AOS SERVIDORES"}, {"id": "1436", "ano": "2000", "numero": "6", "tipo__sigla": "DL", "tipo__descricao": "Decreto Legislativo", "texto_integral": "http://sapl.sarandi.pr.leg.br/media/./sapl/public/normajuridica/2000/1436/1436_texto_integral.pdf", "ementa": "Fixa os Subs\u00eddios do Prefeito e do Vice-Prefeito do Munic\u00edpio de Sarandi, para gest\u00e3o 2001 \u00e0 2004."}, {"id": "1480", "ano": "2000", "numero": "1", "tipo__sigla": "RES", "tipo__descricao": "Resolu\u00e7\u00e3o", "texto_integral": "http://sapl.sarandi.pr.leg.br/media/./sapl/public/normajuridica/2000/1480/1480_texto_integral.pdf", "ementa": "Fixa os Subs\u00eddios dos Vereadores do Poder Legislativo de Sarandi, para a pr\u00f3xima Legislatura."}, {"id": "1502", "ano": "2000", "numero": "893", "tipo__sigla": "LEI", "tipo__descricao": "Lei Ordin\u00e1ria", "texto_integral": "http://sapl.sarandi.pr.leg.br/media/sapl/public/normajuridica/2000/1502/lei_no_893-2000_sapl.pdf", "ementa": "D\u00e1 denomina\u00e7\u00e3o \u00e0 Rua n\u00ba 5, do Jardim Tropical e d\u00e1 outras provid\u00eancias."}, {"id": "1501", "ano": "2000", "numero": "892", "tipo__sigla": "LEI", "tipo__descricao": "Lei Ordin\u00e1ria", "texto_integral": "http://sapl.sarandi.pr.leg.br/media/sapl/public/normajuridica/2000/1501/lei_no_892-2000_sapl.pdf", "ementa": "Disp\u00f5e sobre denomina\u00e7\u00e3o de rua no Patrim\u00f4nio Vera Cruz."}, {"id": "1500", "ano": "2000", "numero": "891", "tipo__sigla": "LEI", "tipo__descricao": "Lei Ordin\u00e1ria", "texto_integral": "http://sapl.sarandi.pr.leg.br/media/sapl/public/normajuridica/2000/1500/lei_no_891-2000_sapl.pdf", "ementa": "Disp\u00f5e sobre o Hino do Munic\u00edpio de Sarandi, na forma que especif\u00edcia."}, {"id": "1499", "ano": "2000", "numero": "890", "tipo__sigla": "LEI", "tipo__descricao": "Lei Ordin\u00e1ria", "texto_integral": "http://sapl.sarandi.pr.leg.br/media/sapl/public/normajuridica/2000/1499/lei_no_890-2000_sapl.pdf", "ementa": "Autoriza o Executivo Municipal a fornecer cesta b\u00e1sica ao servidor municipal cuja remunera\u00e7\u00e3o mensal n\u00e3o ultrapasse a 3 (tr\u00eas) sal\u00e1rios m\u00ednimos."}, {"id": "1498", "ano": "2000", "numero": "889", "tipo__sigla": "LEI", "tipo__descricao": "Lei Ordin\u00e1ria", "texto_integral": "http://sapl.sarandi.pr.leg.br/media/./sapl/public/normajuridica/2000/1498/1498_texto_integral.pdf", "ementa": "Disp\u00f5e sobre a remessa dos d\u00e9bitos dos contribuintes com o Munic\u00edpio de Sarandi \u00e0 empresa respons\u00e1vel pela cobran\u00e7a dos tributos."}, {"id": "1460", "ano": "2000", "numero": "24", "tipo__sigla": "POR", "tipo__descricao": "Portaria", "texto_integral": "http://sapl.sarandi.pr.leg.br/media/./sapl/public/normajuridica/2000/1460/1460_texto_integral.pdf", "ementa": "CONCEDER REPOSI\u00c7\u00c3O SALARIAL AOS SERVIDORES"}, {"id": "1497", "ano": "2000", "numero": "888", "tipo__sigla": "LEI", "tipo__descricao": "Lei Ordin\u00e1ria", "texto_integral": "http://sapl.sarandi.pr.leg.br/media/sapl/public/normajuridica/2000/1497/lei_no_888-2000_sapl.pdf", "ementa": "Reconhece e declara de utilidade p\u00fablica o PX Clube Estrela de Davi."}, {"id": "1496", "ano": "2000", "numero": "887", "tipo__sigla": "LEI", "tipo__descricao": "Lei Ordin\u00e1ria", "texto_integral": "http://sapl.sarandi.pr.leg.br/media/sapl/public/normajuridica/2000/1496/lei_no_887-2000_sapl.pdf", "ementa": "Disp\u00f5e sobre a cria\u00e7\u00e3o do Conselho de Alimenta\u00e7\u00e3o Escolar - CAE, na forma que especifica."}, {"id": "1495", "ano": "2000", "numero": "886", "tipo__sigla": "LEI", "tipo__descricao": "Lei Ordin\u00e1ria", "texto_integral": "http://sapl.sarandi.pr.leg.br/media/sapl/public/normajuridica/2000/1495/lei_no_886-2000_sapl.pdf", "ementa": "Autoriza a concess\u00e3o de direito real de uso de im\u00f3vel pertencente \u00e0 municipalidade, na forma que especifica."}, {"id": "1494", "ano": "2000", "numero": "885", "tipo__sigla": "LEI", "tipo__descricao": "Lei Ordin\u00e1ria", "texto_integral": "http://sapl.sarandi.pr.leg.br/media/sapl/public/normajuridica/2000/1494/lei_no_885-2000_sapl.pdf", "ementa": "Autoriza o Poder Executivo a admitir pessoal por prazo determinado para servi\u00e7os essenciais - combate ao Aedes Aegypti."}, {"id": "1459", "ano": "2000", "numero": "23", "tipo__sigla": "POR", "tipo__descricao": "Portaria", "texto_integral": "http://sapl.sarandi.pr.leg.br/media/./sapl/public/normajuridica/2000/1459/1459_texto_integral.pdf", "ementa": "CONCEDER LICEN\u00c7A A SERVIDORA LEGISLATIVA"}, {"id": "1458", "ano": "2000", "numero": "22", "tipo__sigla": "POR", "tipo__descricao": "Portaria", "texto_integral": "http://sapl.sarandi.pr.leg.br/media/./sapl/public/normajuridica/2000/1458/1458_texto_integral.pdf", "ementa": "REPOSI\u00c7\u00c3O SALARIAL AOS SERVIDORES"}, {"id": "1457", "ano": "2000", "numero": "21", "tipo__sigla": "POR", "tipo__descricao": "Portaria", "texto_integral": "http://sapl.sarandi.pr.leg.br/media/./sapl/public/normajuridica/2000/1457/1457_texto_integral.pdf", "ementa": "CONCEDIDO REPOSI\u00c7\u00c3O SALARIAL AOS SERVIDORES"}, {"id": "1456", "ano": "2000", "numero": "20", "tipo__sigla": "POR", "tipo__descricao": "Portaria", "texto_integral": "http://sapl.sarandi.pr.leg.br/media/./sapl/public/normajuridica/2000/1456/1456_texto_integral.pdf", "ementa": "REVOGAR TODO O TEOR A PORTARIA 16/2000"}, {"id": "1493", "ano": "2000", "numero": "884", "tipo__sigla": "LEI", "tipo__descricao": "Lei Ordin\u00e1ria", "texto_integral": "http://sapl.sarandi.pr.leg.br/media/sapl/public/normajuridica/2000/1493/lei_no_884-2000_sapl.pdf", "ementa": "D\u00e1 denomina\u00e7\u00e3o a Escola Multiplo-uso e d\u00e1 outras provid\u00eancias."}, {"id": "1492", "ano": "2000", "numero": "883", "tipo__sigla": "LEI", "tipo__descricao": "Lei Ordin\u00e1ria", "texto_integral": "http://sapl.sarandi.pr.leg.br/media/sapl/public/normajuridica/2000/1492/lei_no_883-2000_sapl.pdf", "ementa": "Regulamenta estacionamento de ve\u00edculos na Avenida Maring\u00e1 e d\u00e1 outras provid\u00eancias."}, {"id": "1435", "ano": "2000", "numero": "5", "tipo__sigla": "DL", "tipo__descricao": "Decreto Legislativo", "texto_integral": "http://sapl.sarandi.pr.leg.br/media/./sapl/public/normajuridica/2000/1435/1435_texto_integral.pdf", "ementa": "Concede T\u00edtulo de Cidadania ao Excelent\u00edssimo Senhor Presidente do Tribunal de Contas do Estado do Paran\u00e1, Quielse Cris\u00f3stoma da Silva."}, {"id": "1434", "ano": "2000", "numero": "4", "tipo__sigla": "DL", "tipo__descricao": "Decreto Legislativo", "texto_integral": "http://sapl.sarandi.pr.leg.br/media/./sapl/public/normajuridica/2000/1434/1434_texto_integral.pdf", "ementa": "Concede Titulo de Cidad\u00e3o Honor\u00e1rio ao Excelent\u00edssimo Senhor Senador da Rep\u00fablica Federativa do Brasil Dr. Roberto Requi\u00e3o."}, {"id": "1454", "ano": "2000", "numero": "18", "tipo__sigla": "POR", "tipo__descricao": "Portaria", "texto_integral": "http://sapl.sarandi.pr.leg.br/media/./sapl/public/normajuridica/2000/1454/1454_texto_integral.pdf", "ementa": "CONCEDER GRATIFICA\u00c7\u00c3O POR TEMPO INTEGRAL E DEDICA\u00c7\u00c3O EXCLUSIVA"}, {"id": "1453", "ano": "2000", "numero": "17", "tipo__sigla": "POR", "tipo__descricao": "Portaria", "texto_integral": "http://sapl.sarandi.pr.leg.br/media/./sapl/public/normajuridica/2000/1453/1453_texto_integral.pdf", "ementa": "CONCEDER ASCENS\u00c3O FUNCIONAL AO SERVIDOR"}, {"id": "1491", "ano": "2000", "numero": "882", "tipo__sigla": "LEI", "tipo__descricao": "Lei Ordin\u00e1ria", "texto_integral": "http://sapl.sarandi.pr.leg.br/media/sapl/public/normajuridica/2000/1491/lei_no_882-2000_sapl.pdf", "ementa": "Concede anistia de corre\u00e7\u00e3o monet\u00e1ria, multa e juros sobre os d\u00e9bitos inscritos em d\u00edvida ativa, na forma que especifica."}, {"id": "1490", "ano": "2000", "numero": "881", "tipo__sigla": "LEI", "tipo__descricao": "Lei Ordin\u00e1ria", "texto_integral": "http://sapl.sarandi.pr.leg.br/media/sapl/public/normajuridica/2000/1490/lei_no_881-2000_sapl.pdf", "ementa": "Altera dispositivos constantes da Lei n\u00ba 77/83 \"C\u00f3digo Tribut\u00e1rio Municipal\", na forma que especifica."}, {"id": "1489", "ano": "2000", "numero": "880", "tipo__sigla": "LEI", "tipo__descricao": "Lei Ordin\u00e1ria", "texto_integral": "http://sapl.sarandi.pr.leg.br/media/sapl/public/normajuridica/2000/1489/lei_no_880-2000_sapl.pdf", "ementa": "Estima a receita e fixa a despesa do Fundo Municipal de Reequipamento do Corpo de Bombeiros da Pol\u00edcia Militar do Paran\u00e1, para o exerc\u00edcio financeiro de 2000."}, {"id": "1488", "ano": "2000", "numero": "879", "tipo__sigla": "LEI", "tipo__descricao": "Lei Ordin\u00e1ria", "texto_integral": "http://sapl.sarandi.pr.leg.br/media/sapl/public/normajuridica/2000/1488/lei_no_879-2000_sapl.pdf", "ementa": "Autoriza o Executivo Municipal a desafetar do uso p\u00fablico o Cemit\u00e9rio Municipal situado na quadra n\u00ba 29, da Planta Urbana da cidade e comarca de Sarandi-PR."}, {"id": "1455", "ano": "2000", "numero": "19", "tipo__sigla": "POR", "tipo__descricao": "Portaria", "texto_integral": "http://sapl.sarandi.pr.leg.br/media/./sapl/public/normajuridica/2000/1455/1455_texto_integral.pdf", "ementa": "ATRIBUIR AO ASSESSOR JUR\u00cdDICO BONIFICA\u00c7\u00c3O"}, {"id": "1487", "ano": "2000", "numero": "878", "tipo__sigla": "LEI", "tipo__descricao": "Lei Ordin\u00e1ria", "texto_integral": "http://sapl.sarandi.pr.leg.br/media/sapl/public/normajuridica/2000/1487/lei_no_878-2000_sapl.pdf", "ementa": "Autoriza o Poder Executivo Municipal a abrir cr\u00e9dito adicional especial e d\u00e1 outras provid\u00eancias."}, {"id": "1486", "ano": "2000", "numero": "877", "tipo__sigla": "LEI", "tipo__descricao": "Lei Ordin\u00e1ria", "texto_integral": "http://sapl.sarandi.pr.leg.br/media/sapl/public/normajuridica/2000/1486/lei_no_877-2000_sapl.pdf", "ementa": "Reconhece e declara de utilidade p\u00fablica a Associa\u00e7\u00e3o Esp\u00edrita e Beneficente de Sarandi."}, {"id": "1437", "ano": "2000", "numero": "63", "tipo__sigla": "LC", "tipo__descricao": "Lei Complementar", "texto_integral": "http://sapl.sarandi.pr.leg.br/media/./sapl/public/normajuridica/2000/1437/1437_texto_integral.pdf", "ementa": "Eleva o n\u00famero de vagas dos cargos efetivos da Lei Complementar n\u00ba 16/93 e suas altera\u00e7\u00f5es."}, {"id": "1414", "ano": "1999", "numero": "854", "tipo__sigla": "LEI", "tipo__descricao": "Lei Ordin\u00e1ria", "texto_integral": "http://sapl.sarandi.pr.leg.br/media/./sapl/public/normajuridica/1999/1414/1414_texto_integral.pdf", "ementa": "Disp\u00f5e sobre revoga\u00e7\u00e3o de par\u00e1grafo da Lei n\u00b0 588, de 29 de dezembro de 1994, que institui o Fundo de Previd\u00eancia dos Servidores Municipais de Sarandi \u2014 PRESERV."}, {"id": "1452", "ano": "2000", "numero": "15", "tipo__sigla": "POR", "tipo__descricao": "Portaria", "texto_integral": "http://sapl.sarandi.pr.leg.br/media/./sapl/public/normajuridica/2000/1452/1452_texto_integral.pdf", "ementa": "EXONERAR ASSISTENTE DE  DE SECRETARIA"}, {"id": "1451", "ano": "2000", "numero": "14", "tipo__sigla": "POR", "tipo__descricao": "Portaria", "texto_integral": "http://sapl.sarandi.pr.leg.br/media/./sapl/public/normajuridica/2000/1451/1451_texto_integral.pdf", "ementa": "NOMEAR ASSESSOR PARLAMENTAR"}, {"id": "1450", "ano": "2000", "numero": "13", "tipo__sigla": "POR", "tipo__descricao": "Portaria", "texto_integral": "http://sapl.sarandi.pr.leg.br/media/./sapl/public/normajuridica/2000/1450/1450_texto_integral.pdf", "ementa": "NOMEAR ASSESSOR PARLAMENTAR"}, {"id": "1449", "ano": "2000", "numero": "12", "tipo__sigla": "POR", "tipo__descricao": "Portaria", "texto_integral": "http://sapl.sarandi.pr.leg.br/media/./sapl/public/normajuridica/2000/1449/1449_texto_integral.pdf", "ementa": "EXONERAR ASSESSOR PARLAMENTAR"}, {"id": "1485", "ano": "2000", "numero": "876", "tipo__sigla": "LEI", "tipo__descricao": "Lei Ordin\u00e1ria", "texto_integral": "http://sapl.sarandi.pr.leg.br/media/sapl/public/normajuridica/2000/1485/lei_no_876-2000_sapl.pdf", "ementa": "Altera dispositivo da Lei n\u00ba 464/92 alterado pela Lei n\u00ba 834/99, que disp\u00f5e sobre a pol\u00edtica municipal de atendimento dos direitos da crian\u00e7a e do adolescente."}, {"id": "1433", "ano": "2000", "numero": "3", "tipo__sigla": "DL", "tipo__descricao": "Decreto Legislativo", "texto_integral": "http://sapl.sarandi.pr.leg.br/media/./sapl/public/normajuridica/2000/1433/1433_texto_integral.pdf", "ementa": "Aceita \"Veto\" aposto \u00e0 Lei n\u00b0 855/99, que disp\u00f5e sobre desconto ao contribuinte em atraso com a taxa do I.S.S.Q.N."}, {"id": "1432", "ano": "2000", "numero": "2", "tipo__sigla": "DL", "tipo__descricao": "Decreto Legislativo", "texto_integral": "http://sapl.sarandi.pr.leg.br/media/./sapl/public/normajuridica/2000/1432/1432_texto_integral.pdf", "ementa": "Aceita \"Veto\" aposto \u00e0 Lei n\u00b0 854/99, que disp\u00f5e sobre revoga\u00e7\u00e3o do \u00a7 2\u00b0 do Art. 19 da Lei n\u00b0 588/94."}, {"id": "1431", "ano": "2000", "numero": "1", "tipo__sigla": "DL", "tipo__descricao": "Decreto Legislativo", "texto_integral": "http://sapl.sarandi.pr.leg.br/media/./sapl/public/normajuridica/2000/1431/1431_texto_integral.pdf", "ementa": "Aceita \"Veto\" aposto \u00e0 Lei n\u00b0 848/99, que disp\u00f5e sobre doa\u00e7\u00e3o de terreno no Cemit\u00e9rio Municipal."}, {"id": "1448", "ano": "2000", "numero": "11", "tipo__sigla": "POR", "tipo__descricao": "Portaria", "texto_integral": "http://sapl.sarandi.pr.leg.br/media/./sapl/public/normajuridica/2000/1448/1448_texto_integral.pdf", "ementa": "NOMEAR ASSISTENTE ADMINISTRATIVO"}, {"id": "1447", "ano": "2000", "numero": "10", "tipo__sigla": "POR", "tipo__descricao": "Portaria", "texto_integral": "http://sapl.sarandi.pr.leg.br/media/./sapl/public/normajuridica/2000/1447/1447_texto_integral.pdf", "ementa": "NOMEAR CARGO DE TELEFONISTA"}, {"id": "1446", "ano": "2000", "numero": "9", "tipo__sigla": "POR", "tipo__descricao": "Portaria", "texto_integral": "http://sapl.sarandi.pr.leg.br/media/./sapl/public/normajuridica/2000/1446/1446_texto_integral.pdf", "ementa": "EXONERAR ASSESSOR PARLAMENTAR"}, {"id": "1445", "ano": "2000", "numero": "8", "tipo__sigla": "POR", "tipo__descricao": "Portaria", "texto_integral": "http://sapl.sarandi.pr.leg.br/media/./sapl/public/normajuridica/2000/1445/1445_texto_integral.pdf", "ementa": "AUTORIZAR O REGISTRO DE ACERVO DE TEMPO DE SERVI\u00c7O"}, {"id": "1444", "ano": "2000", "numero": "7", "tipo__sigla": "POR", "tipo__descricao": "Portaria", "texto_integral": "http://sapl.sarandi.pr.leg.br/media/./sapl/public/normajuridica/2000/1444/1444_texto_integral.pdf", "ementa": "CONCEDER PROGRESS\u00c3O FUNCIONAL"}, {"id": "1484", "ano": "2000", "numero": "875", "tipo__sigla": "LEI", "tipo__descricao": "Lei Ordin\u00e1ria", "texto_integral": "http://sapl.sarandi.pr.leg.br/media/sapl/public/normajuridica/2000/1484/lei_no_875-2000_sapl.pdf", "ementa": "Autoriza o Poder Executivo a refinanciar a d\u00edvida mobili\u00e1ria e os saldos devedores de opera\u00e7\u00f5es de cr\u00e9dito interno e externo de responsabilidade da administra\u00e7\u00e3o direta e indireta do Munic\u00edpio junto \u00e0 Uni\u00e3o."}, {"id": "1483", "ano": "2000", "numero": "874", "tipo__sigla": "LEI", "tipo__descricao": "Lei Ordin\u00e1ria", "texto_integral": "http://sapl.sarandi.pr.leg.br/media/sapl/public/normajuridica/2000/1483/lei_no_874-2000_sapl.pdf", "ementa": "Disp\u00f5e sobre altera\u00e7\u00e3o dos incisos I e II do Art. 3\u00ba da Lei Municipal n\u00ba 701/97, de 2 de setembro de 1997."}, {"id": "1443", "ano": "2000", "numero": "6", "tipo__sigla": "POR", "tipo__descricao": "Portaria", "texto_integral": "http://sapl.sarandi.pr.leg.br/media/./sapl/public/normajuridica/2000/1443/1443_texto_integral.pdf", "ementa": "CONCEDER PROGRESS\u00c3O FUNCIONAL"}, {"id": "1442", "ano": "2000", "numero": "5", "tipo__sigla": "POR", "tipo__descricao": "Portaria", "texto_integral": "http://sapl.sarandi.pr.leg.br/media/./sapl/public/normajuridica/2000/1442/1442_texto_integral.pdf", "ementa": "RESULTADO DA PROVAS DO CONCURSO P\u00daBLICO"}, {"id": "1441", "ano": "2000", "numero": "4", "tipo__sigla": "POR", "tipo__descricao": "Portaria", "texto_integral": "http://sapl.sarandi.pr.leg.br/media/./sapl/public/normajuridica/2000/1441/1441_texto_integral.pdf", "ementa": "CONCEDER PROGRESS\u00c3O FUNCIONAL"}, {"id": "1482", "ano": "2000", "numero": "873", "tipo__sigla": "LEI", "tipo__descricao": "Lei Ordin\u00e1ria", "texto_integral": "http://sapl.sarandi.pr.leg.br/media/sapl/public/normajuridica/2000/1482/lei_no_873-2000_sapl.pdf", "ementa": "Autoriza o Poder Executivo Municipal a doar im\u00f3veis urbanos pertencentes \u00e0 municipalidade, na forma que especifica."}, {"id": "1440", "ano": "2000", "numero": "3", "tipo__sigla": "POR", "tipo__descricao": "Portaria", "texto_integral": "http://sapl.sarandi.pr.leg.br/media/./sapl/public/normajuridica/2000/1440/1440_texto_integral.pdf", "ementa": "NOMEAR COORDENA\u00c7\u00c3O CONCURSO P\u00daBLICO"}, {"id": "1439", "ano": "2000", "numero": "2", "tipo__sigla": "POR", "tipo__descricao": "Portaria", "texto_integral": "http://sapl.sarandi.pr.leg.br/media/./sapl/public/normajuridica/2000/1439/1439_texto_integral.pdf", "ementa": "HOMOLOGA INSCRITOS NO CONCURSO P\u00daBLICO"}, {"id": "1438", "ano": "2000", "numero": "1", "tipo__sigla": "POR", "tipo__descricao": "Portaria", "texto_integral": "http://sapl.sarandi.pr.leg.br/media/./sapl/public/normajuridica/2000/1438/1438_texto_integral.pdf", "ementa": "NOMEAR COMISS\u00c3O PERMANENTE DE LICITA\u00c7\u00c3O"}, {"id": "1481", "ano": "2000", "numero": "872", "tipo__sigla": "LEI", "tipo__descricao": "Lei Ordin\u00e1ria", "texto_integral": "http://sapl.sarandi.pr.leg.br/media/sapl/public/normajuridica/2000/1481/lei_no_872-2000_sapl.pdf", "ementa": "Prorroga vig\u00eancia da Lei n\u00ba 847/99, na forma que especifica."}, {"id": "1430", "ano": "1999", "numero": "871", "tipo__sigla": "LEI", "tipo__descricao": "Lei Ordin\u00e1ria", "texto_integral": "http://sapl.sarandi.pr.leg.br/media/sapl/public/normajuridica/1999/1430/lei_no_871-1999_sapl.pdf", "ementa": "Acrescenta item \u00e0 lista de servi\u00e7os sujeitos ao ISSQN, constante do Art. 22 da Lei Municipal n\u00ba 77/83."}, {"id": "1348", "ano": "1999", "numero": "32", "tipo__sigla": "POR", "tipo__descricao": "Portaria", "texto_integral": "http://sapl.sarandi.pr.leg.br/media/./sapl/public/normajuridica/1999/1348/1348_texto_integral.pdf", "ementa": "NOMEAR COMISS\u00c3O PERMANENTE DE LICITA\u00c7\u00c3O"}, {"id": "1347", "ano": "1999", "numero": "31", "tipo__sigla": "POR", "tipo__descricao": "Portaria", "texto_integral": "http://sapl.sarandi.pr.leg.br/media/./sapl/public/normajuridica/1999/1347/1347_texto_integral.pdf", "ementa": "HOMOLOGAR COMISS\u00d5ES PERMANENTES"}, {"id": "1429", "ano": "1999", "numero": "870", "tipo__sigla": "LEI", "tipo__descricao": "Lei Ordin\u00e1ria", "texto_integral": "http://sapl.sarandi.pr.leg.br/media/sapl/public/normajuridica/1999/1429/lei_no_870-1999_sapl.pdf", "ementa": "Autoriza a concess\u00e3o de direito real de uso de im\u00f3vel pertencente \u00e0 municipalidade, na forma que especifica."}, {"id": "1428", "ano": "1999", "numero": "869", "tipo__sigla": "LEI", "tipo__descricao": "Lei Ordin\u00e1ria", "texto_integral": "http://sapl.sarandi.pr.leg.br/media/./sapl/public/normajuridica/1999/1428/1428_texto_integral.pdf", "ementa": "Autoriza o Chefe do Poder Executivo Municipal a firmar conv\u00eanio com o Estado do Paran\u00e1 e d\u00e1 outras provid\u00eancias."}, {"id": "4170", "ano": "1999", "numero": "868", "tipo__sigla": "LEI", "tipo__descricao": "Lei Ordin\u00e1ria", "texto_integral": "http://sapl.sarandi.pr.leg.br/media/sapl/public/normajuridica/1999/4170/lei_no_868-1999_sapl.pdf", "ementa": "Cria a taxa anual de vistoria de seguran\u00e7a contra inc\u00eandio (preven\u00e7\u00e3o) a incidir sobre estabelecimentos comerciais, industriais, prestadores de servi\u00e7os de edif\u00edcios com mais de 3 (tr\u00eas) pavimentos."}, {"id": "1427", "ano": "1999", "numero": "867", "tipo__sigla": "LEI", "tipo__descricao": "Lei Ordin\u00e1ria", "texto_integral": "http://sapl.sarandi.pr.leg.br/media/sapl/public/normajuridica/1999/1427/lei_no_867-1999_sapl.pdf", "ementa": "Cria a taxa de combate \u00e0 inc\u00eandio."}, {"id": "1426", "ano": "1999", "numero": "866", "tipo__sigla": "LEI", "tipo__descricao": "Lei Ordin\u00e1ria", "texto_integral": "http://sapl.sarandi.pr.leg.br/media/./sapl/public/normajuridica/1999/1426/1426_texto_integral.pdf", "ementa": "Cria o Fundo Municipal de Reequipamento do Corpo de Bombeiros do Munic\u00edpio de Sarandi e d\u00e1 outras provid\u00eancias."}, {"id": "1425", "ano": "1999", "numero": "865", "tipo__sigla": "LEI", "tipo__descricao": "Lei Ordin\u00e1ria", "texto_integral": "http://sapl.sarandi.pr.leg.br/media/sapl/public/normajuridica/1999/1425/lei_no_865-1999_sapl.pdf", "ementa": "Autoriza o Executivo Municipal a desafetar parte de via p\u00fablica para fins de amplia\u00e7\u00e3o industrial."}, {"id": "1316", "ano": "1999", "numero": "62", "tipo__sigla": "LC", "tipo__descricao": "Lei Complementar", "texto_integral": "http://sapl.sarandi.pr.leg.br/media/./sapl/public/normajuridica/1999/1316/1316_texto_integral.pdf", "ementa": "Inclui rua no Eixo Comercial da cidade e d\u00e1 outras provid\u00eancias."}, {"id": "1315", "ano": "1999", "numero": "61", "tipo__sigla": "LC", "tipo__descricao": "Lei Complementar", "texto_integral": "http://sapl.sarandi.pr.leg.br/media/./sapl/public/normajuridica/1999/1315/1315_texto_integral.pdf", "ementa": "Inclui rua no Eixo Comercial da cidade e d\u00e1 outras provid\u00eancias."}, {"id": "1355", "ano": "1999", "numero": "6", "tipo__sigla": "RES", "tipo__descricao": "Resolu\u00e7\u00e3o", "texto_integral": "http://sapl.sarandi.pr.leg.br/media/./sapl/public/normajuridica/1999/1355/1355_texto_integral.pdf", "ementa": "Eleva o n\u00famero de vagas de cargos efetivos, cria novos cargos e atualiza os anexos II, III e IV da Resolu\u00e7\u00e3o n\u00b0 004/99."}, {"id": "1309", "ano": "1999", "numero": "12", "tipo__sigla": "DL", "tipo__descricao": "Decreto Legislativo", "texto_integral": "http://sapl.sarandi.pr.leg.br/media/./sapl/public/normajuridica/1999/1309/1309_texto_integral.pdf", "ementa": "Concede T\u00edtulo de Cidad\u00e3o Benem\u00e9rito ao Radialista e Jornalista Sr. Airton Costa."}, {"id": "1354", "ano": "1999", "numero": "5", "tipo__sigla": "RES", "tipo__descricao": "Resolu\u00e7\u00e3o", "texto_integral": "http://sapl.sarandi.pr.leg.br/media/./sapl/public/normajuridica/1999/1354/1354_texto_integral.pdf", "ementa": "Institui o Titulo de M\u00e9rito Comunit\u00e1rio e d\u00e1 outras provid\u00eancias."}, {"id": "1424", "ano": "1999", "numero": "864", "tipo__sigla": "LEI", "tipo__descricao": "Lei Ordin\u00e1ria", "texto_integral": "http://sapl.sarandi.pr.leg.br/media/sapl/public/normajuridica/1999/1424/lei_no_864-1999_sapl.pdf", "ementa": "Estima a receita e fixa a despesa do Fundo Municipal para a Inf\u00e2ncia e Juventude para o exerc\u00edcio financeiro de 2000."}, {"id": "1423", "ano": "1999", "numero": "863", "tipo__sigla": "LEI", "tipo__descricao": "Lei Ordin\u00e1ria", "texto_integral": "http://sapl.sarandi.pr.leg.br/media/sapl/public/normajuridica/1999/1423/lei_no_863-1999_sapl.pdf", "ementa": "Estima a receita e fixa a despesa do Fundo Municipal de Sa\u00fade para o exerc\u00edcio financeiro de 2000."}, {"id": "6488", "ano": "1999", "numero": "862", "tipo__sigla": "LEI", "tipo__descricao": "Lei Ordin\u00e1ria", "texto_integral": "http://sapl.sarandi.pr.leg.br/media/sapl/public/normajuridica/1999/6488/lei_no_862-1999_sapl.pdf", "ementa": "Estima a receita e fixa a despesa do Fundo Municipal de Assist\u00eancia Social, para o exerc\u00edcio financeiro de 2000."}, {"id": "1422", "ano": "1999", "numero": "861", "tipo__sigla": "LEI", "tipo__descricao": "Lei Ordin\u00e1ria", "texto_integral": "http://sapl.sarandi.pr.leg.br/media/sapl/public/normajuridica/1999/1422/lei_no_861-1999_sapl.pdf", "ementa": "Estima a receita e fixa a despesa do Fundo de Previd\u00eancia dos servidores municipais de Sarandi - PRESERV, para o exerc\u00edcio financeiro de 2000."}, {"id": "1421", "ano": "1999", "numero": "860", "tipo__sigla": "LEI", "tipo__descricao": "Lei Ordin\u00e1ria", "texto_integral": "http://sapl.sarandi.pr.leg.br/media/sapl/public/normajuridica/1999/1421/lei_no_860-1999_sapl.pdf", "ementa": "Estima a Receita e fixa a despesa do Munic\u00edpio para o exerc\u00edcio de 2.000."}, {"id": "1420", "ano": "1999", "numero": "859", "tipo__sigla": "LEI", "tipo__descricao": "Lei Ordin\u00e1ria", "texto_integral": "http://sapl.sarandi.pr.leg.br/media/./sapl/public/normajuridica/1999/1420/1420_texto_integral.pdf", "ementa": "Disp\u00f5e sobre denomina\u00e7\u00e3o de Rua no Conjunto Habitacional Casa da Fam\u00edlia."}, {"id": "1419", "ano": "1999", "numero": "858", "tipo__sigla": "LEI", "tipo__descricao": "Lei Ordin\u00e1ria", "texto_integral": "http://sapl.sarandi.pr.leg.br/media/sapl/public/normajuridica/1999/1419/lei_no_858-1999_sapl.pdf", "ementa": "Disp\u00f5e sobre denomina\u00e7\u00e3o de Rua no Conjunto Habitacional Casa da Fam\u00edlia."}, {"id": "1418", "ano": "1999", "numero": "857", "tipo__sigla": "LEI", "tipo__descricao": "Lei Ordin\u00e1ria", "texto_integral": "http://sapl.sarandi.pr.leg.br/media/sapl/public/normajuridica/1999/1418/lei_no_857-1999_sapl.pdf", "ementa": "Disp\u00f5e sobre o abono salarial aos professores e especialistas de educa\u00e7\u00e3o do Munic\u00edpio de Sarandi-PR."}, {"id": "1416", "ano": "1999", "numero": "856", "tipo__sigla": "LEI", "tipo__descricao": "Lei Ordin\u00e1ria", "texto_integral": "http://sapl.sarandi.pr.leg.br/media/sapl/public/normajuridica/1999/1416/lei_no_856-1999_sapl.pdf", "ementa": "Cria est\u00edmulo para doadores de sangue em Sarandi e d\u00e1 outras provid\u00eancias."}, {"id": "1415", "ano": "1999", "numero": "855", "tipo__sigla": "LEI", "tipo__descricao": "Lei Ordin\u00e1ria", "texto_integral": "http://sapl.sarandi.pr.leg.br/media/./sapl/public/normajuridica/1999/1415/1415_texto_integral.pdf", "ementa": "Disp\u00f5e sobre desconto ao contribuinte em atraso com a taxa do ISSQN \u2014 Imposto Sobre Servi\u00e7os de Qualquer Natureza."}, {"id": "1412", "ano": "1999", "numero": "852", "tipo__sigla": "LEI", "tipo__descricao": "Lei Ordin\u00e1ria", "texto_integral": "http://sapl.sarandi.pr.leg.br/media/sapl/public/normajuridica/1999/1412/lei_no_852-1999_sapl.pdf", "ementa": "Disp\u00f5e sobre o atendimento preferencial aos idosos, deficientes e gestantes em reparti\u00e7\u00f5es p\u00fablicas e institui\u00e7\u00f5es privadas no Munic\u00edpio e d\u00e1 outras provid\u00eancias."}, {"id": "1411", "ano": "1999", "numero": "851", "tipo__sigla": "LEI", "tipo__descricao": "Lei Ordin\u00e1ria", "texto_integral": "http://sapl.sarandi.pr.leg.br/media/sapl/public/normajuridica/1999/1411/lei_no_851-1999_sapl.pdf", "ementa": "Autoriza o Poder Executivo Municipal a firmar permuta de im\u00f3veis urbanos, na forma que especifica."}, {"id": "1410", "ano": "1999", "numero": "850", "tipo__sigla": "LEI", "tipo__descricao": "Lei Ordin\u00e1ria", "texto_integral": "http://sapl.sarandi.pr.leg.br/media/sapl/public/normajuridica/1999/1410/lei_no_850-1999_sapl.pdf", "ementa": "Autoriza abertura da Avenida Belo Horizonte interligando-a a Rua Jo\u00e3o Marangoni."}, {"id": "1409", "ano": "1999", "numero": "849", "tipo__sigla": "LEI", "tipo__descricao": "Lei Ordin\u00e1ria", "texto_integral": "http://sapl.sarandi.pr.leg.br/media/sapl/public/normajuridica/1999/1409/lei_no_849-1999_sapl.pdf", "ementa": "Institui a Semana Municipal do Aleitamento Materno e d\u00e1 outras provid\u00eancias."}, {"id": "1408", "ano": "1999", "numero": "848", "tipo__sigla": "LEI", "tipo__descricao": "Lei Ordin\u00e1ria", "texto_integral": "http://sapl.sarandi.pr.leg.br/media/./sapl/public/normajuridica/1999/1408/1408_texto_integral.pdf", "ementa": "Disp\u00f5e sobre doa\u00e7\u00e3o de terreno no Cemit\u00e9rio Municipal."}, {"id": "1314", "ano": "1999", "numero": "60", "tipo__sigla": "LC", "tipo__descricao": "Lei Complementar", "texto_integral": "http://sapl.sarandi.pr.leg.br/media/./sapl/public/normajuridica/1999/1314/1314_texto_integral.pdf", "ementa": "Eleva o n\u00famero de cargos efetivos, cria cargos efetivos, e atualiza os anexos II, IV e V da Lei Complementar n\u00ba 16/93."}, {"id": "1413", "ano": "1999", "numero": "853", "tipo__sigla": "LEI", "tipo__descricao": "Lei Ordin\u00e1ria", "texto_integral": "http://sapl.sarandi.pr.leg.br/media/sapl/public/normajuridica/1999/1413/lei_no_853-1999_sapl.pdf", "ementa": "Inclui Lote de terras no Per\u00edmetro Urbano do Munic\u00edpio, na forma que especifica."}, {"id": "1407", "ano": "1999", "numero": "847", "tipo__sigla": "LEI", "tipo__descricao": "Lei Ordin\u00e1ria", "texto_integral": "http://sapl.sarandi.pr.leg.br/media/sapl/public/normajuridica/1999/1407/lei_no_847-1999_sapl.pdf", "ementa": "Concede Anistia Fiscal, na forma que especifica."}, {"id": "1406", "ano": "1999", "numero": "846", "tipo__sigla": "LEI", "tipo__descricao": "Lei Ordin\u00e1ria", "texto_integral": "http://sapl.sarandi.pr.leg.br/media/sapl/public/normajuridica/1999/1406/lei_no_846-1999_sapl.pdf", "ementa": "Autoriza a concess\u00e3o de direito real de uso im\u00f3vel pertencente \u00e0 municipalidade, na forma que especifica."}, {"id": "1405", "ano": "1999", "numero": "845", "tipo__sigla": "LEI", "tipo__descricao": "Lei Ordin\u00e1ria", "texto_integral": "http://sapl.sarandi.pr.leg.br/media/sapl/public/normajuridica/1999/1405/lei_no_845-1999_sapl.pdf", "ementa": "Autoriza coloca\u00e7\u00e3o de cancela na passagem de n\u00edvel do Jardim Vera Cruz e d\u00e1 outras provid\u00eancias."}, {"id": "1404", "ano": "1999", "numero": "844", "tipo__sigla": "LEI", "tipo__descricao": "Lei Ordin\u00e1ria", "texto_integral": "http://sapl.sarandi.pr.leg.br/media/sapl/public/normajuridica/1999/1404/lei_no_844-1999_sapl.pdf", "ementa": "D\u00e1 denomina\u00e7\u00e3o \u00e0 Rua n\u00ba 4, do Jardim Tropical."}, {"id": "1403", "ano": "1999", "numero": "843", "tipo__sigla": "LEI", "tipo__descricao": "Lei Ordin\u00e1ria", "texto_integral": "http://sapl.sarandi.pr.leg.br/media/sapl/public/normajuridica/1999/1403/lei_no_843-1999_sapl.pdf", "ementa": "Institui o Programa brincando na rua."}, {"id": "1402", "ano": "1999", "numero": "842", "tipo__sigla": "LEI", "tipo__descricao": "Lei Ordin\u00e1ria", "texto_integral": "http://sapl.sarandi.pr.leg.br/media/sapl/public/normajuridica/1999/1402/lei_no_842-1999_sapl.pdf", "ementa": "Institui o Programa Municipal de Casa Prote\u00e7\u00e3o para mulheres v\u00edtimas de viol\u00eancia dom\u00e9stica e d\u00e1 outras provid\u00eancias."}, {"id": "1401", "ano": "1999", "numero": "841", "tipo__sigla": "LEI", "tipo__descricao": "Lei Ordin\u00e1ria", "texto_integral": "http://sapl.sarandi.pr.leg.br/media/sapl/public/normajuridica/1999/1401/lei_no_841-1999_sapl.pdf", "ementa": "Institui o Programa Ler nas escolas municipais de Sarandi e d\u00e1 outras provid\u00eancias."}, {"id": "1400", "ano": "1999", "numero": "840", "tipo__sigla": "LEI", "tipo__descricao": "Lei Ordin\u00e1ria", "texto_integral": "http://sapl.sarandi.pr.leg.br/media/sapl/public/normajuridica/1999/1400/lei_no_840-1999_sapl.pdf", "ementa": "Autoriza a inclus\u00e3o do conte\u00fado program\u00e1tico utilidade da doa\u00e7\u00e3o de sangue e \u00f3rg\u00e3os humanos no curr\u00edculo do ensino fundamental das escolas municipais."}, {"id": "1308", "ano": "1999", "numero": "11", "tipo__sigla": "DL", "tipo__descricao": "Decreto Legislativo", "texto_integral": "http://sapl.sarandi.pr.leg.br/media/./sapl/public/normajuridica/1999/1308/1308_texto_integral.pdf", "ementa": "Concede T\u00edtulo de Cidad\u00e3o Honor\u00e1rio ao Excelent\u00edssimo Senhor Lubomir Ant\u00f4nio Ficinski Dunin."}, {"id": "1387", "ano": "1999", "numero": "827", "tipo__sigla": "LEI", "tipo__descricao": "Lei Ordin\u00e1ria", "texto_integral": "http://sapl.sarandi.pr.leg.br/media/./sapl/public/normajuridica/1999/1387/1387_texto_integral.pdf", "ementa": "Revoga Lei Municipal n\u00ba 788/98, e d\u00e1 outras provid\u00eancias."}, {"id": "1385", "ano": "1999", "numero": "825", "tipo__sigla": "LEI", "tipo__descricao": "Lei Ordin\u00e1ria", "texto_integral": "http://sapl.sarandi.pr.leg.br/media/./sapl/public/normajuridica/1999/1385/1385_texto_integral.pdf", "ementa": "Disp\u00f5e sobre redu\u00e7\u00e3o da tarifa m\u00ednima da \u00e1gua e d\u00e1 outras provid\u00eancias."}, {"id": "1307", "ano": "1999", "numero": "10", "tipo__sigla": "DL", "tipo__descricao": "Decreto Legislativo", "texto_integral": "http://sapl.sarandi.pr.leg.br/media/./sapl/public/normajuridica/1999/1307/1307_texto_integral.pdf", "ementa": "Disp\u00f5e sobre Rejei\u00e7\u00e3o de Veto aposto \u00e0 Lei n\u00b0 827/99, de 03/11/99, de Autoria do edil Nelson Mariano da Silva, Lei n\u00b0 827/99, que revoga a Lei Municipal n\u00b0 788/98."}, {"id": "1306", "ano": "1999", "numero": "9", "tipo__sigla": "DL", "tipo__descricao": "Decreto Legislativo", "texto_integral": "http://sapl.sarandi.pr.leg.br/media/./sapl/public/normajuridica/1999/1306/1306_texto_integral.pdf", "ementa": "Disp\u00f5e Rejei\u00e7\u00e3o do \"Veto\" Aposto \u00e0 Lei n\u00b0 825/99, Originada do Projeto de Lei n\u00b0 911/99, de Autoria dos edis Ad\u00e9rcio Marques da Silva, Jo\u00e3o Barba Rala Corredato e Cilas Souza Morais."}, {"id": "1305", "ano": "1999", "numero": "8", "tipo__sigla": "DL", "tipo__descricao": "Decreto Legislativo", "texto_integral": "http://sapl.sarandi.pr.leg.br/media/./sapl/public/normajuridica/1999/1305/1305_texto_integral.pdf", "ementa": "Aceita \"Veto\", Aposto \u00e0 Lei n\u00ba 824/99, Originada do Projeto de Lei n\u00ba 905/99, de autoria do edil Nelson Mariano da Silva."}, {"id": "1304", "ano": "1999", "numero": "7", "tipo__sigla": "DL", "tipo__descricao": "Decreto Legislativo", "texto_integral": "http://sapl.sarandi.pr.leg.br/media/./sapl/public/normajuridica/1999/1304/1304_texto_integral.pdf", "ementa": "Aceita Veto Aposto a Lei n\u00ba 823/99, Originada do Projeto de Lei n\u00ba 897/99, de autoria do edil Jos\u00e9 Aparecido da Silva."}, {"id": "1346", "ano": "1999", "numero": "30", "tipo__sigla": "POR", "tipo__descricao": "Portaria", "texto_integral": "http://sapl.sarandi.pr.leg.br/media/./sapl/public/normajuridica/1999/1346/1346_texto_integral.pdf", "ementa": "CONCEDER F\u00c9RIAS COLETIVA AOS SERVIDORES"}, {"id": "1399", "ano": "1999", "numero": "839", "tipo__sigla": "LEI", "tipo__descricao": "Lei Ordin\u00e1ria", "texto_integral": "http://sapl.sarandi.pr.leg.br/media/sapl/public/normajuridica/1999/1399/lei_no_839-1999_sapl.pdf", "ementa": "Disp\u00f5e sobre o projeto \"Quiosque de distribui\u00e7\u00e3o do Correio\" e d\u00e1 outras provid\u00eancias."}, {"id": "1398", "ano": "1999", "numero": "838", "tipo__sigla": "LEI", "tipo__descricao": "Lei Ordin\u00e1ria", "texto_integral": "http://sapl.sarandi.pr.leg.br/media/sapl/public/normajuridica/1999/1398/lei_no_838-1999_sapl.pdf", "ementa": "Autoriza o Poder Executivo Municipal a instituir o Programa de Coleta de Livros em Desuso e d\u00e1 outras provid\u00eancias."}, {"id": "1397", "ano": "1999", "numero": "837", "tipo__sigla": "LEI", "tipo__descricao": "Lei Ordin\u00e1ria", "texto_integral": "http://sapl.sarandi.pr.leg.br/media/sapl/public/normajuridica/1999/1397/lei_no_837-1999_sapl.pdf", "ementa": "Institui a obrigatoriedade da inclus\u00e3o de programas de educa\u00e7\u00e3o ambiental no curr\u00edculo escolar da rede municipal de ensino e d\u00e1 outras provid\u00eancias."}, {"id": "1396", "ano": "1999", "numero": "836", "tipo__sigla": "LEI", "tipo__descricao": "Lei Ordin\u00e1ria", "texto_integral": "http://sapl.sarandi.pr.leg.br/media/sapl/public/normajuridica/1999/1396/lei_no_836-1999_sapl.pdf", "ementa": "Autoriza o Poder Executivo Municipal a instituir o Programa Bolsa Escola para fam\u00edlias com filhos ou dependentes matriculados na rede municipal de ensino ou que se encontrem em situa\u00e7\u00e3o de risco."}, {"id": "1395", "ano": "1999", "numero": "835", "tipo__sigla": "LEI", "tipo__descricao": "Lei Ordin\u00e1ria", "texto_integral": "http://sapl.sarandi.pr.leg.br/media/sapl/public/normajuridica/1999/1395/lei_no_835-1999_sapl.pdf", "ementa": "Institui a obrigatoriedade de aula de Educa\u00e7\u00e3o de Tr\u00e2nsito no curr\u00edculo escolar da rede municipal de ensino."}, {"id": "1394", "ano": "1999", "numero": "834", "tipo__sigla": "LEI", "tipo__descricao": "Lei Ordin\u00e1ria", "texto_integral": "http://sapl.sarandi.pr.leg.br/media/./sapl/public/normajuridica/1999/1394/1394_texto_integral.pdf", "ementa": "Altera dispositivos da Lei n\u00ba 464/92, que disp\u00f5e sobre a pol\u00edtica municipal de atendimento dos direitos da crian\u00e7a e do adolescente."}, {"id": "1353", "ano": "1999", "numero": "4", "tipo__sigla": "RES", "tipo__descricao": "Resolu\u00e7\u00e3o", "texto_integral": "http://sapl.sarandi.pr.leg.br/media/./sapl/public/normajuridica/1999/1353/1353_texto_integral.pdf", "ementa": "Disp\u00f5e sobre o hor\u00e1rio de expediente da C\u00e2mara Municipal a partir de 17 de novembro de 1999."}, {"id": "1393", "ano": "1999", "numero": "833", "tipo__sigla": "LEI", "tipo__descricao": "Lei Ordin\u00e1ria", "texto_integral": "http://sapl.sarandi.pr.leg.br/media/sapl/public/normajuridica/1999/1393/lei_no_833-1999_sapl.pdf", "ementa": "Autoriza o Poder Executivo Municipal a instituir o \"Programa M\u00e9dico da Fam\u00edlia\" e d\u00e1 outras provid\u00eancias."}, {"id": "1392", "ano": "1999", "numero": "832", "tipo__sigla": "LEI", "tipo__descricao": "Lei Ordin\u00e1ria", "texto_integral": "http://sapl.sarandi.pr.leg.br/media/sapl/public/normajuridica/1999/1392/lei_no_832-1999_sapl.pdf", "ementa": "Disp\u00f5e sobre a institui\u00e7\u00e3o do projeto \"diga n\u00e3o \u00e0s drogas\" e d\u00e1 outras provid\u00eancias."}, {"id": "1391", "ano": "1999", "numero": "831", "tipo__sigla": "LEI", "tipo__descricao": "Lei Ordin\u00e1ria", "texto_integral": "http://sapl.sarandi.pr.leg.br/media/sapl/public/normajuridica/1999/1391/lei_no_831-1999_sapl.pdf", "ementa": "Autoriza o Chefe do Executivo a criar Programa de Aproveitamento de Terrenos Baldios na \u00e1rea central da cidade e d\u00e1 outras provid\u00eancias."}, {"id": "1390", "ano": "1999", "numero": "830", "tipo__sigla": "LEI", "tipo__descricao": "Lei Ordin\u00e1ria", "texto_integral": "http://sapl.sarandi.pr.leg.br/media/sapl/public/normajuridica/1999/1390/lei_no_830-1999_sapl.pdf", "ementa": "Autoriza a abertura de cr\u00e9dito adicional especial e d\u00e1 outras provid\u00eancias."}, {"id": "1389", "ano": "1999", "numero": "829", "tipo__sigla": "LEI", "tipo__descricao": "Lei Ordin\u00e1ria", "texto_integral": "http://sapl.sarandi.pr.leg.br/media/sapl/public/normajuridica/1999/1389/lei_no_829-1999_sapl.pdf", "ementa": "Autoriza a abertura da Avenida Montreal, interligando-a a BR-376."}, {"id": "389", "ano": "1999", "numero": "828", "tipo__sigla": "LEI", "tipo__descricao": "Lei Ordin\u00e1ria", "texto_integral": "http://sapl.sarandi.pr.leg.br/media/./sapl/public/normajuridica/1999/389/389_texto_integral.pdf", "ementa": "Disp\u00f5e sobre a cria\u00e7\u00e3o de pontos de t\u00e1xi para autom\u00f3vel modelo kombi/passageiro e outros modelos equiparados (VAN) e d\u00e1 outras provid\u00eancias."}, {"id": "1303", "ano": "1999", "numero": "6", "tipo__sigla": "DL", "tipo__descricao": "Decreto Legislativo", "texto_integral": "http://sapl.sarandi.pr.leg.br/media/./sapl/public/normajuridica/1999/1303/1303_texto_integral.pdf", "ementa": "Concede T\u00edtulo Benem\u00e9rito a Cidad\u00e3o Sarandiense."}, {"id": "1302", "ano": "1999", "numero": "5", "tipo__sigla": "DL", "tipo__descricao": "Decreto Legislativo", "texto_integral": "http://sapl.sarandi.pr.leg.br/media/./sapl/public/normajuridica/1999/1302/1302_texto_integral.pdf", "ementa": "Concede T\u00edtulo Benem\u00e9rito a Cidad\u00e3o Sarandiense."}, {"id": "1345", "ano": "1999", "numero": "29", "tipo__sigla": "POR", "tipo__descricao": "Portaria", "texto_integral": "http://sapl.sarandi.pr.leg.br/media/./sapl/public/normajuridica/1999/1345/1345_texto_integral.pdf", "ementa": "EXONERAR ASSESSOR DE IMPRENSA"}, {"id": "1386", "ano": "1999", "numero": "826", "tipo__sigla": "LEI", "tipo__descricao": "Lei Ordin\u00e1ria", "texto_integral": "http://sapl.sarandi.pr.leg.br/media/sapl/public/normajuridica/1999/1386/lei_no_826-1999_sapl.pdf", "ementa": "Autoriza o Poder Executivo Municipal a abrir no corrente exerc\u00edcio financeiro cr\u00e9dito adicional suplementar."}, {"id": "1344", "ano": "1999", "numero": "28", "tipo__sigla": "POR", "tipo__descricao": "Portaria", "texto_integral": "http://sapl.sarandi.pr.leg.br/media/./sapl/public/normajuridica/1999/1344/1344_texto_integral.pdf", "ementa": "NOMEADO ASSESSOR PARLAMENTAR"}, {"id": "1343", "ano": "1999", "numero": "27", "tipo__sigla": "POR", "tipo__descricao": "Portaria", "texto_integral": "http://sapl.sarandi.pr.leg.br/media/./sapl/public/normajuridica/1999/1343/1343_texto_integral.pdf", "ementa": "NOMEADO PARA EXERCER AS FUN\u00c7\u00d5ES DE CHEFE DE GABINETE"}, {"id": "1384", "ano": "1999", "numero": "824", "tipo__sigla": "LEI", "tipo__descricao": "Lei Ordin\u00e1ria", "texto_integral": "http://sapl.sarandi.pr.leg.br/media/./sapl/public/normajuridica/1999/1384/1384_texto_integral.pdf", "ementa": "D\u00e1 nova reda\u00e7\u00e3o ao artigo 8\u00ba da Lei Municipal n\u00ba 694/97 e d\u00e1 outras provid\u00eancias."}, {"id": "1383", "ano": "1999", "numero": "823", "tipo__sigla": "LEI", "tipo__descricao": "Lei Ordin\u00e1ria", "texto_integral": "http://sapl.sarandi.pr.leg.br/media/./sapl/public/normajuridica/1999/1383/1383_texto_integral.pdf", "ementa": "Disp\u00f5e sobre a inaugura\u00e7\u00e3o oficial de obras p\u00fablicas."}, {"id": "1342", "ano": "1999", "numero": "26", "tipo__sigla": "POR", "tipo__descricao": "Portaria", "texto_integral": "http://sapl.sarandi.pr.leg.br/media/./sapl/public/normajuridica/1999/1342/1342_texto_integral.pdf", "ementa": "EXONERAR ASSISTENTE DE SECRETARIA"}, {"id": "1341", "ano": "1999", "numero": "25", "tipo__sigla": "POR", "tipo__descricao": "Portaria", "texto_integral": "http://sapl.sarandi.pr.leg.br/media/./sapl/public/normajuridica/1999/1341/1341_texto_integral.pdf", "ementa": "EXONERAR ASSESSOR PARLAMENTAR"}, {"id": "1382", "ano": "1999", "numero": "822", "tipo__sigla": "LEI", "tipo__descricao": "Lei Ordin\u00e1ria", "texto_integral": "http://sapl.sarandi.pr.leg.br/media/sapl/public/normajuridica/1999/1382/lei_no_822-1999_sapl.pdf", "ementa": "Disp\u00f5e sobre denomina\u00e7\u00e3o de nomes de ruas."}, {"id": "1381", "ano": "1999", "numero": "821", "tipo__sigla": "LEI", "tipo__descricao": "Lei Ordin\u00e1ria", "texto_integral": "http://sapl.sarandi.pr.leg.br/media/sapl/public/normajuridica/1999/1381/lei_no_821-1999_sapl.pdf", "ementa": "Determina a inclus\u00e3o do C\u00f3digo de Endere\u00e7amento Postal nas placas identificadoras de logradouros p\u00fablicos."}, {"id": "1313", "ano": "1999", "numero": "59", "tipo__sigla": "LC", "tipo__descricao": "Lei Complementar", "texto_integral": "http://sapl.sarandi.pr.leg.br/media/./sapl/public/normajuridica/1999/1313/1313_texto_integral.pdf", "ementa": "Disp\u00f5e sobre inclus\u00e3o de trecho de rua no Eixo de Com\u00e9rcio e d\u00e1 outras provid\u00eancias."}, {"id": "1380", "ano": "1999", "numero": "820", "tipo__sigla": "LEI", "tipo__descricao": "Lei Ordin\u00e1ria", "texto_integral": "http://sapl.sarandi.pr.leg.br/media/sapl/public/normajuridica/1999/1380/lei_no_820-1999_sapl.pdf", "ementa": "Disp\u00f5e sobre a antecipa\u00e7\u00e3o do feriado de anivers\u00e1rio do munic\u00edpio."}, {"id": "1379", "ano": "1999", "numero": "819", "tipo__sigla": "LEI", "tipo__descricao": "Lei Ordin\u00e1ria", "texto_integral": "http://sapl.sarandi.pr.leg.br/media/./sapl/public/normajuridica/1999/1379/1379_texto_integral.pdf", "ementa": "Cria o Programa Municipal de Hortas em Terrenos Baldios e d\u00e1 outras provid\u00eancias."}, {"id": "4287", "ano": "1999", "numero": "15", "tipo__sigla": "ELO", "tipo__descricao": "Emenda \u00e0 Lei Org\u00e2nica", "texto_integral": "http://sapl.sarandi.pr.leg.br/media/sapl/public/normajuridica/1999/4287/emenda_no_015-99.pdf", "ementa": "Acrescenta par\u00e1grafo ao artigo 74 da Lei Org\u00e2nica do Munic\u00edpio."}, {"id": "1378", "ano": "1999", "numero": "818", "tipo__sigla": "LEI", "tipo__descricao": "Lei Ordin\u00e1ria", "texto_integral": "http://sapl.sarandi.pr.leg.br/media/sapl/public/normajuridica/1999/1378/lei_no_818-1999_sapl.pdf", "ementa": "Autoriza o Poder Executivo Municipal a encetar campanha de aumento de n\u00famero de ve\u00edculos emplacados no munic\u00edpio e d\u00e1 outras provid\u00eancias."}, {"id": "1377", "ano": "1999", "numero": "817", "tipo__sigla": "LEI", "tipo__descricao": "Lei Ordin\u00e1ria", "texto_integral": "http://sapl.sarandi.pr.leg.br/media/sapl/public/normajuridica/1999/1377/lei_no_817-1999_sapl.pdf", "ementa": "Disp\u00f5e sobre loca\u00e7\u00e3o de muros das escolas municipais e d\u00e1 outras provid\u00eancias."}, {"id": "1352", "ano": "1999", "numero": "3", "tipo__sigla": "RES", "tipo__descricao": "Resolu\u00e7\u00e3o", "texto_integral": "http://sapl.sarandi.pr.leg.br/media/./sapl/public/normajuridica/1999/1352/1352_texto_integral.pdf", "ementa": "Disp\u00f5e sobre a proposta parcial do Or\u00e7amento do Munic\u00edpio para o exerc\u00edcio financeiro de 2000."}, {"id": "1376", "ano": "1999", "numero": "816", "tipo__sigla": "LEI", "tipo__descricao": "Lei Ordin\u00e1ria", "texto_integral": "http://sapl.sarandi.pr.leg.br/media/./sapl/public/normajuridica/1999/1376/1376_texto_integral.pdf", "ementa": "Institui a obrigatoriedade da divulga\u00e7\u00e3o dos instrumentos de participa\u00e7\u00e3o popular e dos prazos para presta\u00e7\u00e3o de contas do munic\u00edpio e d\u00e1 outras provid\u00eancias."}, {"id": "1375", "ano": "1999", "numero": "815", "tipo__sigla": "LEI", "tipo__descricao": "Lei Ordin\u00e1ria", "texto_integral": "http://sapl.sarandi.pr.leg.br/media/sapl/public/normajuridica/1999/1375/lei_no_815-1999_sapl.pdf", "ementa": "Disp\u00f5e sobre as Diretrizes Or\u00e7ament\u00e1rias para o exerc\u00edcio financeiro de 2000 e d\u00e1 outras provid\u00eancias."}, {"id": "1374", "ano": "1999", "numero": "814", "tipo__sigla": "LEI", "tipo__descricao": "Lei Ordin\u00e1ria", "texto_integral": "http://sapl.sarandi.pr.leg.br/media/sapl/public/normajuridica/1999/1374/lei_no_814-1999_sapl.pdf", "ementa": "Disp\u00f5e sobre subdivis\u00e3o de lote ou data e d\u00e1 outras provid\u00eancias correlatas."}, {"id": "1373", "ano": "1999", "numero": "813", "tipo__sigla": "LEI", "tipo__descricao": "Lei Ordin\u00e1ria", "texto_integral": "http://sapl.sarandi.pr.leg.br/media/sapl/public/normajuridica/1999/1373/lei_no_813-1999_sapl.pdf", "ementa": "Disp\u00f5e sobre denomina\u00e7\u00e3o de rua."}, {"id": "1372", "ano": "1999", "numero": "812", "tipo__sigla": "LEI", "tipo__descricao": "Lei Ordin\u00e1ria", "texto_integral": "http://sapl.sarandi.pr.leg.br/media/sapl/public/normajuridica/1999/1372/lei_no_812-1999_sapl.pdf", "ementa": "Autoriza o Executivo Municipal a constituir com os demais gestores do Sistema \u00danico de Sa\u00fade no Estado do Paran\u00e1, o Cons\u00f3rcio de Intergestores Paran\u00e1 Medicamentos."}, {"id": "1301", "ano": "1999", "numero": "4", "tipo__sigla": "DL", "tipo__descricao": "Decreto Legislativo", "texto_integral": "http://sapl.sarandi.pr.leg.br/media/./sapl/public/normajuridica/1999/1301/1301_texto_integral.pdf", "ementa": "Disp\u00f5e sobre Rejei\u00e7\u00e3o do \"Veto\" Aposto \u00e0 Lei n\u00b0 805/99, de 03/05/99 que disp\u00f5e sobre incentivo aos estudantes da Rede Municipal de Ensino."}, {"id": "1300", "ano": "1999", "numero": "3", "tipo__sigla": "DL", "tipo__descricao": "Decreto Legislativo", "texto_integral": "http://sapl.sarandi.pr.leg.br/media/./sapl/public/normajuridica/1999/1300/1300_texto_integral.pdf", "ementa": "Concede Honras aos Participantes da 4\u00aa Festa da Uva Fina de Sarandi."}, {"id": "1370", "ano": "1999", "numero": "810", "tipo__sigla": "LEI", "tipo__descricao": "Lei Ordin\u00e1ria", "texto_integral": "http://sapl.sarandi.pr.leg.br/media/sapl/public/normajuridica/1999/1370/lei_no_810-1999_sapl.pdf", "ementa": "Disp\u00f5e sobre altera\u00e7\u00e3o do par\u00e1grafo 1\u00ba, da Lei Municipal n\u00ba 765, de 26 de junho de 1998."}, {"id": "1371", "ano": "1999", "numero": "811", "tipo__sigla": "LEI", "tipo__descricao": "Lei Ordin\u00e1ria", "texto_integral": "http://sapl.sarandi.pr.leg.br/media/sapl/public/normajuridica/1999/1371/lei_no_811-1999_sapl.pdf", "ementa": "Imp\u00f5e medidas administrativas de prote\u00e7\u00e3o \u00e0 crian\u00e7a e ao adolescente contra o alcoolismo e o tabagismo e d\u00e1 outras provid\u00eancias."}, {"id": "1312", "ano": "1999", "numero": "58", "tipo__sigla": "LC", "tipo__descricao": "Lei Complementar", "texto_integral": "http://sapl.sarandi.pr.leg.br/media/./sapl/public/normajuridica/1999/1312/1312_texto_integral.pdf", "ementa": "Disp\u00f5e sobre inclus\u00e3o de rua no Eixo de Com\u00e9rcio e d\u00e1 outras provid\u00eancias."}, {"id": "1311", "ano": "1999", "numero": "57", "tipo__sigla": "LC", "tipo__descricao": "Lei Complementar", "texto_integral": "http://sapl.sarandi.pr.leg.br/media/./sapl/public/normajuridica/1999/1311/1311_texto_integral.pdf", "ementa": "Disp\u00f5e sobre inclus\u00e3o de rua no Eixo de Com\u00e9rcio e d\u00e1 outras provid\u00eancias."}, {"id": "1369", "ano": "1999", "numero": "809", "tipo__sigla": "LEI", "tipo__descricao": "Lei Ordin\u00e1ria", "texto_integral": "http://sapl.sarandi.pr.leg.br/media/sapl/public/normajuridica/1999/1369/lei_no_809-1999_sapl.pdf", "ementa": "Autoriza a concess\u00e3o de direito real de uso de im\u00f3vel pertencente \u00e0 municipalidade, na forma que especifica."}, {"id": "1340", "ano": "1999", "numero": "24", "tipo__sigla": "POR", "tipo__descricao": "Portaria", "texto_integral": "http://sapl.sarandi.pr.leg.br/media/./sapl/public/normajuridica/1999/1340/1340_texto_integral.pdf", "ementa": "NOMEAR ASSESSOR PARLAMENTAR"}, {"id": "1339", "ano": "1999", "numero": "23", "tipo__sigla": "POR", "tipo__descricao": "Portaria", "texto_integral": "http://sapl.sarandi.pr.leg.br/media/./sapl/public/normajuridica/1999/1339/1339_texto_integral.pdf", "ementa": "EXONERAR ASSESSOR PARLAMENTAR"}, {"id": "1338", "ano": "1999", "numero": "22", "tipo__sigla": "POR", "tipo__descricao": "Portaria", "texto_integral": "http://sapl.sarandi.pr.leg.br/media/./sapl/public/normajuridica/1999/1338/1338_texto_integral.pdf", "ementa": "EXONERAR ASSESSOR PARLAMENTAR"}, {"id": "1299", "ano": "1999", "numero": "2", "tipo__sigla": "DL", "tipo__descricao": "Decreto Legislativo", "texto_integral": "http://sapl.sarandi.pr.leg.br/media/./sapl/public/normajuridica/1999/1299/1299_texto_integral.pdf", "ementa": "Aceita \"Veto\" aposto \u00e0 Lei n\u00b0 799/99, de 22/03/99."}, {"id": "1359", "ano": "1999", "numero": "798", "tipo__sigla": "LEI", "tipo__descricao": "Lei Ordin\u00e1ria", "texto_integral": "http://sapl.sarandi.pr.leg.br/media/./sapl/public/normajuridica/1999/1359/1359_texto_integral.pdf", "ementa": "Revoga em todo seu teor a Lei Municipal n\u00ba 769/98, de 26/6/1998."}, {"id": "386", "ano": "1999", "numero": "808", "tipo__sigla": "LEI", "tipo__descricao": "Lei Ordin\u00e1ria", "texto_integral": "http://sapl.sarandi.pr.leg.br/media/sapl/public/normajuridica/1999/386/lei_no_808-1999_sapl.pdf", "ementa": "Disp\u00f5e sobre cria\u00e7\u00e3o de pontos de t\u00e1xi para ve\u00edculos utilit\u00e1rios carrocerias at\u00e9 1.500 kilos."}, {"id": "1368", "ano": "1999", "numero": "807", "tipo__sigla": "LEI", "tipo__descricao": "Lei Ordin\u00e1ria", "texto_integral": "http://sapl.sarandi.pr.leg.br/media/sapl/public/normajuridica/1999/1368/lei_no_807-1999_sapl.pdf", "ementa": "Revoga a Lei n\u00ba 451/91, de 18 de dezembro de 1991."}, {"id": "1337", "ano": "1999", "numero": "21", "tipo__sigla": "POR", "tipo__descricao": "Portaria", "texto_integral": "http://sapl.sarandi.pr.leg.br/media/./sapl/public/normajuridica/1999/1337/1337_texto_integral.pdf", "ementa": "FUNDAMENTADO A REAJUSTAR CARGOS DE PROVIMENTO EM COMISS\u00c3O E EFETIVO"}, {"id": "1298", "ano": "1999", "numero": "1", "tipo__sigla": "DL", "tipo__descricao": "Decreto Legislativo", "texto_integral": "http://sapl.sarandi.pr.leg.br/media/./sapl/public/normajuridica/1999/1298/1298_texto_integral.pdf", "ementa": "Rejei\u00e7\u00e3o do \"Veto\" Aposto ao Projeto de Lei n\u00b0 798/99."}, {"id": "1367", "ano": "1999", "numero": "806", "tipo__sigla": "LEI", "tipo__descricao": "Lei Ordin\u00e1ria", "texto_integral": "http://sapl.sarandi.pr.leg.br/media/sapl/public/normajuridica/1999/1367/lei_no_806-1999_sapl.pdf", "ementa": "Altera dispositivos da Lei n\u00ba 789/98, que disp\u00f5e sobre a concess\u00e3o de direito real de uso de im\u00f3vel pertencente \u00e0 municipalidade."}, {"id": "1366", "ano": "1999", "numero": "805", "tipo__sigla": "LEI", "tipo__descricao": "Lei Ordin\u00e1ria", "texto_integral": "http://sapl.sarandi.pr.leg.br/media/sapl/public/normajuridica/1999/1366/lei_no_805-1999_sapl.pdf", "ementa": "Disp\u00f5e sobre incentivos aos estudantes da Rede Municipal de Ensino."}, {"id": "1365", "ano": "1999", "numero": "804", "tipo__sigla": "LEI", "tipo__descricao": "Lei Ordin\u00e1ria", "texto_integral": "http://sapl.sarandi.pr.leg.br/media/sapl/public/normajuridica/1999/1365/lei_no_804-1999_sapl.pdf", "ementa": "D\u00e1 denomina\u00e7\u00e3o \u00e0 rua n\u00ba 3, do Jardim Tropical."}, {"id": "1364", "ano": "1999", "numero": "803", "tipo__sigla": "LEI", "tipo__descricao": "Lei Ordin\u00e1ria", "texto_integral": "http://sapl.sarandi.pr.leg.br/media/sapl/public/normajuridica/1999/1364/lei_no_803-1999_sapl.pdf", "ementa": "Autoriza o agendamento de consultas m\u00e9dicas, via telef\u00f4nica, nos postos de sa\u00fade do munic\u00edpio para pessoas deficientes ou maiores de cinquenta e cinco anos."}, {"id": "1363", "ano": "1999", "numero": "802", "tipo__sigla": "LEI", "tipo__descricao": "Lei Ordin\u00e1ria", "texto_integral": "http://sapl.sarandi.pr.leg.br/media/sapl/public/normajuridica/1999/1363/lei_no_802-1999_sapl.pdf", "ementa": "D\u00e1 denomina\u00e7\u00e3o \u00e0 Casa da Cultura."}, {"id": "1362", "ano": "1999", "numero": "801", "tipo__sigla": "LEI", "tipo__descricao": "Lei Ordin\u00e1ria", "texto_integral": "http://sapl.sarandi.pr.leg.br/media/sapl/public/normajuridica/1999/1362/lei_no_801-1999_sapl.pdf", "ementa": "Prorroga vig\u00eancia da Lei n\u00ba 750/98, na forma que especifica."}, {"id": "1310", "ano": "1999", "numero": "56", "tipo__sigla": "LC", "tipo__descricao": "Lei Complementar", "texto_integral": "http://sapl.sarandi.pr.leg.br/media/./sapl/public/normajuridica/1999/1310/1310_texto_integral.pdf", "ementa": "Disp\u00f5e sobre inclus\u00e3o de rua no Eixo de Com\u00e9rcio e d\u00e1 outras provid\u00eancias."}, {"id": "1361", "ano": "1999", "numero": "800", "tipo__sigla": "LEI", "tipo__descricao": "Lei Ordin\u00e1ria", "texto_integral": "http://sapl.sarandi.pr.leg.br/media/sapl/public/normajuridica/1999/1361/lei_no_800-1999_sapl.pdf", "ementa": "Disp\u00f5e sobre denomina\u00e7\u00e3o da Avenida A, no Parque Residencial Alvamar II."}, {"id": "1360", "ano": "1999", "numero": "799", "tipo__sigla": "LEI", "tipo__descricao": "Lei Ordin\u00e1ria", "texto_integral": "http://sapl.sarandi.pr.leg.br/media/./sapl/public/normajuridica/1999/1360/1360_texto_integral.pdf", "ementa": "Disp\u00f5e sobre revoga\u00e7\u00e3o de artigo da Lei n\u00ba 572/94, que instituiu o Programa de Apoio ao Adolescente Sarandiense dentro da \u00e1rea de atendimento do Conselho Municipal dos Direitos da Crian\u00e7a."}, {"id": "1351", "ano": "1999", "numero": "2", "tipo__sigla": "RES", "tipo__descricao": "Resolu\u00e7\u00e3o", "texto_integral": "http://sapl.sarandi.pr.leg.br/media/./sapl/public/normajuridica/1999/1351/1351_texto_integral.pdf", "ementa": "D\u00e1 nova reda\u00e7\u00e3o ao Art. 7 da Resolu\u00e7\u00e3o n\u00b0 002/92 \u2014 RI, j\u00e1 alterada pela Resolu\u00e7\u00e3o n\u00b0 001/96, de 06.05.96."}, {"id": "1336", "ano": "1999", "numero": "20", "tipo__sigla": "POR", "tipo__descricao": "Portaria", "texto_integral": "http://sapl.sarandi.pr.leg.br/media/./sapl/public/normajuridica/1999/1336/1336_texto_integral.pdf", "ementa": "CONCEDER PROGRESS\u00c3O FUNCIONAL AO SERVIDOR"}, {"id": "1335", "ano": "1999", "numero": "19", "tipo__sigla": "POR", "tipo__descricao": "Portaria", "texto_integral": "http://sapl.sarandi.pr.leg.br/media/./sapl/public/normajuridica/1999/1335/1335_texto_integral.pdf", "ementa": "EXONERAR ASSESSOR PARLAMENTAR"}, {"id": "1333", "ano": "1999", "numero": "17", "tipo__sigla": "POR", "tipo__descricao": "Portaria", "texto_integral": "http://sapl.sarandi.pr.leg.br/media/./sapl/public/normajuridica/1999/1333/1333_texto_integral.pdf", "ementa": "CONCEDER PROGRESS\u00c3O FUNCIONAL A SERVIDOR"}, {"id": "1334", "ano": "1999", "numero": "18", "tipo__sigla": "POR", "tipo__descricao": "Portaria", "texto_integral": "http://sapl.sarandi.pr.leg.br/media/./sapl/public/normajuridica/1999/1334/1334_texto_integral.pdf", "ementa": "NOMEAR ASSISTENTE DE SECRETARIA"}, {"id": "1358", "ano": "1999", "numero": "797", "tipo__sigla": "LEI", "tipo__descricao": "Lei Ordin\u00e1ria", "texto_integral": "http://sapl.sarandi.pr.leg.br/media/sapl/public/normajuridica/1999/1358/lei_no_797-1999_sapl.pdf", "ementa": "Autoriza o Executivo Municipal a desafetar parte de via p\u00fablica e a doar a \u00e1rea resultante, para fins de amplia\u00e7\u00e3o industrial."}, {"id": "1357", "ano": "1999", "numero": "796", "tipo__sigla": "LEI", "tipo__descricao": "Lei Ordin\u00e1ria", "texto_integral": "http://sapl.sarandi.pr.leg.br/media/sapl/public/normajuridica/1999/1357/lei_no_796-1999_sapl.pdf", "ementa": "Disp\u00f5e sobre denomina\u00e7\u00e3o do Gin\u00e1sio de Esportes do Jardim Independ\u00eancia e d\u00e1 outras provid\u00eancias."}, {"id": "1332", "ano": "1999", "numero": "16", "tipo__sigla": "POR", "tipo__descricao": "Portaria", "texto_integral": "http://sapl.sarandi.pr.leg.br/media/./sapl/public/normajuridica/1999/1332/1332_texto_integral.pdf", "ementa": "CONCEDER F\u00c9RIAS COLETIVAS AOS SERVIDORES"}, {"id": "1331", "ano": "1999", "numero": "15", "tipo__sigla": "POR", "tipo__descricao": "Portaria", "texto_integral": "http://sapl.sarandi.pr.leg.br/media/./sapl/public/normajuridica/1999/1331/1331_texto_integral.pdf", "ementa": "NOMEAR ASSESSOR PARLAMENTAR"}, {"id": "1349", "ano": "1999", "numero": "1", "tipo__sigla": "RES", "tipo__descricao": "Resolu\u00e7\u00e3o", "texto_integral": "http://sapl.sarandi.pr.leg.br/media/./sapl/public/normajuridica/1999/1349/1349_texto_integral.pdf", "ementa": "D\u00e1 nova reda\u00e7\u00e3o ao caput e ao \u00a7 1\u00b0 do artigo 3\u00b0 da Resolu\u00e7\u00e3o n\u00b0 003/92."}, {"id": "1330", "ano": "1999", "numero": "14", "tipo__sigla": "POR", "tipo__descricao": "Portaria", "texto_integral": "http://sapl.sarandi.pr.leg.br/media/./sapl/public/normajuridica/1999/1330/1330_texto_integral.pdf", "ementa": "NOMEAR ASSESSOR PARLAMENTAR"}, {"id": "1329", "ano": "1999", "numero": "13", "tipo__sigla": "POR", "tipo__descricao": "Portaria", "texto_integral": "http://sapl.sarandi.pr.leg.br/media/./sapl/public/normajuridica/1999/1329/1329_texto_integral.pdf", "ementa": "NOMEAR ASSESSOR PARLAMENTAR"}, {"id": "1328", "ano": "1999", "numero": "12", "tipo__sigla": "POR", "tipo__descricao": "Portaria", "texto_integral": "http://sapl.sarandi.pr.leg.br/media/./sapl/public/normajuridica/1999/1328/1328_texto_integral.pdf", "ementa": "NOMEAR ASSESSOR PARLAMENTAR"}, {"id": "1327", "ano": "1999", "numero": "11", "tipo__sigla": "POR", "tipo__descricao": "Portaria", "texto_integral": "http://sapl.sarandi.pr.leg.br/media/./sapl/public/normajuridica/1999/1327/1327_texto_integral.pdf", "ementa": "NOMEAR ASSESSOR PARLAMENTAR"}, {"id": "1326", "ano": "1999", "numero": "10", "tipo__sigla": "POR", "tipo__descricao": "Portaria", "texto_integral": "http://sapl.sarandi.pr.leg.br/media/./sapl/public/normajuridica/1999/1326/1326_texto_integral.pdf", "ementa": "NOMEAR ASSESSOR PARLAMENTAR"}, {"id": "1325", "ano": "1999", "numero": "9", "tipo__sigla": "POR", "tipo__descricao": "Portaria", "texto_integral": "http://sapl.sarandi.pr.leg.br/media/./sapl/public/normajuridica/1999/1325/1325_texto_integral.pdf", "ementa": "NOMEAR ASSESSOR PARLAMENTAR"}, {"id": "1324", "ano": "1999", "numero": "8", "tipo__sigla": "POR", "tipo__descricao": "Portaria", "texto_integral": "http://sapl.sarandi.pr.leg.br/media/./sapl/public/normajuridica/1999/1324/1324_texto_integral.pdf", "ementa": "NOMEAR ASSESSOR PARLAMENTAR"}, {"id": "1323", "ano": "1999", "numero": "7", "tipo__sigla": "POR", "tipo__descricao": "Portaria", "texto_integral": "http://sapl.sarandi.pr.leg.br/media/./sapl/public/normajuridica/1999/1323/1323_texto_integral.pdf", "ementa": "NOMEAR ASSESSOR PARLAMENTAR"}, {"id": "1322", "ano": "1999", "numero": "6", "tipo__sigla": "POR", "tipo__descricao": "Portaria", "texto_integral": "http://sapl.sarandi.pr.leg.br/media/./sapl/public/normajuridica/1999/1322/1322_texto_integral.pdf", "ementa": "NOMEAR ASSESSOR PARLAMENTAR"}, {"id": "1321", "ano": "1999", "numero": "5", "tipo__sigla": "POR", "tipo__descricao": "Portaria", "texto_integral": "http://sapl.sarandi.pr.leg.br/media/./sapl/public/normajuridica/1999/1321/1321_texto_integral.pdf", "ementa": "NOMEAR ASSESSOR PARLAMENTAR"}, {"id": "1320", "ano": "1999", "numero": "4", "tipo__sigla": "POR", "tipo__descricao": "Portaria", "texto_integral": "http://sapl.sarandi.pr.leg.br/media/./sapl/public/normajuridica/1999/1320/1320_texto_integral.pdf", "ementa": "NOMEAR ASSESSOR PARLAMENTAR"}, {"id": "1319", "ano": "1999", "numero": "3", "tipo__sigla": "POR", "tipo__descricao": "Portaria", "texto_integral": "http://sapl.sarandi.pr.leg.br/media/./sapl/public/normajuridica/1999/1319/1319_texto_integral.pdf", "ementa": "NOMEAR ASSESSOR PARLAMENTAR"}, {"id": "1318", "ano": "1999", "numero": "2", "tipo__sigla": "POR", "tipo__descricao": "Portaria", "texto_integral": "http://sapl.sarandi.pr.leg.br/media/./sapl/public/normajuridica/1999/1318/1318_texto_integral.pdf", "ementa": "NOMEAR ASSESSOR PARLAMENTAR"}, {"id": "1317", "ano": "1999", "numero": "1", "tipo__sigla": "POR", "tipo__descricao": "Portaria", "texto_integral": "http://sapl.sarandi.pr.leg.br/media/./sapl/public/normajuridica/1999/1317/1317_texto_integral.pdf", "ementa": "NOMEAR ASSESSOR PARLAMENTAR"}, {"id": "1297", "ano": "1998", "numero": "795", "tipo__sigla": "LEI", "tipo__descricao": "Lei Ordin\u00e1ria", "texto_integral": "http://sapl.sarandi.pr.leg.br/media/sapl/public/normajuridica/1998/1297/lei_no_795-1994_sapl.pdf", "ementa": "Autoriza o Poder Executivo Municipal a abrir cr\u00e9dito adicional suplementar."}, {"id": "1250", "ano": "1998", "numero": "10", "tipo__sigla": "POR", "tipo__descricao": "Portaria", "texto_integral": "http://sapl.sarandi.pr.leg.br/media/./sapl/public/normajuridica/1998/1250/1250_texto_integral.pdf", "ementa": "HOMOLOGA RESULTADO DA ELEI\u00c7\u00c3O DAS COMISS\u00d5ES PERMANENTES"}, {"id": "1296", "ano": "1998", "numero": "794", "tipo__sigla": "LEI", "tipo__descricao": "Lei Ordin\u00e1ria", "texto_integral": "http://sapl.sarandi.pr.leg.br/media/sapl/public/normajuridica/1998/1296/lei_no_794-1998_sapl.pdf", "ementa": "Estima a receita e fixa a despesa do munic\u00edpio para o exerc\u00edcio de 1999."}, {"id": "1295", "ano": "1998", "numero": "793", "tipo__sigla": "LEI", "tipo__descricao": "Lei Ordin\u00e1ria", "texto_integral": "http://sapl.sarandi.pr.leg.br/media/sapl/public/normajuridica/1998/1295/lei_no_793-1998_sapl.pdf", "ementa": "Estima a receita e fixa a despesa do Fundo Municipal de Assist\u00eancia Social para o exerc\u00edcio financeiro de 1999."}, {"id": "1294", "ano": "1998", "numero": "792", "tipo__sigla": "LEI", "tipo__descricao": "Lei Ordin\u00e1ria", "texto_integral": "http://sapl.sarandi.pr.leg.br/media/sapl/public/normajuridica/1998/1294/lei_no_792-1998_sapl.pdf", "ementa": "Estima a receita e fixa a despesa do Fundo Municipal de Sa\u00fade para o exerc\u00edcio financeiro de 1999."}, {"id": "1293", "ano": "1998", "numero": "791", "tipo__sigla": "LEI", "tipo__descricao": "Lei Ordin\u00e1ria", "texto_integral": "http://sapl.sarandi.pr.leg.br/media/sapl/public/normajuridica/1998/1293/lei_no_791-1998_sapl.pdf", "ementa": "Estima a receita e fixa a despesa do Fundo Municipal para a Inf\u00e2ncia e Juventude para o exerc\u00edcio financeiro de 1999."}, {"id": "1292", "ano": "1998", "numero": "790", "tipo__sigla": "LEI", "tipo__descricao": "Lei Ordin\u00e1ria", "texto_integral": "http://sapl.sarandi.pr.leg.br/media/sapl/public/normajuridica/1998/1292/lei_no_790-1998_sapl.pdf", "ementa": "Estima a receita e fixa a despesa do Fundo de Previd\u00eancia dos Servidores Municipais de Sarandi - PRESERV para o exerc\u00edcio financeiro de 1999."}, {"id": "1291", "ano": "1998", "numero": "789", "tipo__sigla": "LEI", "tipo__descricao": "Lei Ordin\u00e1ria", "texto_integral": "http://sapl.sarandi.pr.leg.br/media/sapl/public/normajuridica/1998/1291/lei_no_789-1998_sapl.pdf", "ementa": "Autoriza a concess\u00e3o de direito real de uso de im\u00f3vel pertencente \u00e0 municipalidade, na forma que especifica."}, {"id": "1290", "ano": "1998", "numero": "788", "tipo__sigla": "LEI", "tipo__descricao": "Lei Ordin\u00e1ria", "texto_integral": "http://sapl.sarandi.pr.leg.br/media/sapl/public/normajuridica/1998/1290/lei_no_788-1998_sapl.pdf", "ementa": "Revoga a Lei Municipal n\u00ba 687/97."}, {"id": "1289", "ano": "1998", "numero": "787", "tipo__sigla": "LEI", "tipo__descricao": "Lei Ordin\u00e1ria", "texto_integral": "http://sapl.sarandi.pr.leg.br/media/sapl/public/normajuridica/1998/1289/lei_no_787-1998_sapl.pdf", "ementa": "Disp\u00f5e sobre a cria\u00e7\u00e3o do Fundo Municipal de Desenvolvimento e Conserva\u00e7\u00e3o Florestal - FUNDEFLOR."}, {"id": "1288", "ano": "1998", "numero": "786", "tipo__sigla": "LEI", "tipo__descricao": "Lei Ordin\u00e1ria", "texto_integral": "http://sapl.sarandi.pr.leg.br/media/sapl/public/normajuridica/1998/1288/lei_no_786-1998_sapl.pdf", "ementa": "Torna obrigat\u00f3rio o fornecimento de senhas e a exist\u00eancia de cadeiras, bebedouros e instala\u00e7\u00f5es sanit\u00e1rias nas ag\u00eancias e postos de servi\u00e7os das institui\u00e7\u00f5es financeiras e banc\u00e1rias e d\u00e1 outras provid\u00eancias."}, {"id": "4286", "ano": "1998", "numero": "14", "tipo__sigla": "ELO", "tipo__descricao": "Emenda \u00e0 Lei Org\u00e2nica", "texto_integral": "http://sapl.sarandi.pr.leg.br/media/sapl/public/normajuridica/1998/4286/emenda_no_014-1998.pdf", "ementa": "D\u00e1 nova reda\u00e7\u00e3o ao Art. 13 da Lei Org\u00e2nica do Munic\u00edpio."}, {"id": "1134", "ano": "1998", "numero": "3", "tipo__sigla": "RES", "tipo__descricao": "Resolu\u00e7\u00e3o", "texto_integral": "http://sapl.sarandi.pr.leg.br/media/./sapl/public/normajuridica/1998/1134/1134_texto_integral.pdf", "ementa": "D\u00e1 nova reda\u00e7\u00e3o ao artigo 59 da Resolu\u00e7\u00e3o n\u00b0 002/92 - RI."}, {"id": "1287", "ano": "1998", "numero": "785", "tipo__sigla": "LEI", "tipo__descricao": "Lei Ordin\u00e1ria", "texto_integral": "http://sapl.sarandi.pr.leg.br/media/sapl/public/normajuridica/1998/1287/lei_no_785-1998_sapl.pdf", "ementa": "Autoriza o Chefe do Executivo Municipal a construir um OBELISCO na entrada leste da cidade saudando os visitantes e d\u00e1 outras provid\u00eancias."}, {"id": "1129", "ano": "1998", "numero": "2", "tipo__sigla": "RES", "tipo__descricao": "Resolu\u00e7\u00e3o", "texto_integral": "http://sapl.sarandi.pr.leg.br/media/./sapl/public/normajuridica/1998/1129/1129_texto_integral.pdf", "ementa": "Disp\u00f5e sobre nova reda\u00e7\u00e3o do \u00a7 2\u00b0 do art. 21, do Regimento Interno."}, {"id": "1286", "ano": "1998", "numero": "784", "tipo__sigla": "LEI", "tipo__descricao": "Lei Ordin\u00e1ria", "texto_integral": "http://sapl.sarandi.pr.leg.br/media/sapl/public/normajuridica/1998/1286/lei_no_784-1998_sapl.pdf", "ementa": "Disp\u00f5e sobre denomina\u00e7\u00e3o da rua 18, do Jardim Nova Independ\u00eancia."}, {"id": "1285", "ano": "1998", "numero": "783", "tipo__sigla": "LEI", "tipo__descricao": "Lei Ordin\u00e1ria", "texto_integral": "http://sapl.sarandi.pr.leg.br/media/sapl/public/normajuridica/1998/1285/lei_no_783-1998_sapl.pdf", "ementa": "Autoriza a constru\u00e7\u00e3o de uma lapa na Pra\u00e7a Ipiranga e d\u00e1 outras provid\u00eancias."}, {"id": "1284", "ano": "1998", "numero": "782", "tipo__sigla": "LEI", "tipo__descricao": "Lei Ordin\u00e1ria", "texto_integral": "http://sapl.sarandi.pr.leg.br/media/sapl/public/normajuridica/1998/1284/lei_no_782-1998_sapl.pdf", "ementa": "Autoriza o Poder Executivo Municipal a instituir a \"Campanha Municipal de Vacina\u00e7\u00e3o do Idoso\" e o \"Programa de Vacina\u00e7\u00e3o em Idoso Internado\"."}, {"id": "1241", "ano": "1998", "numero": "55", "tipo__sigla": "LC", "tipo__descricao": "Lei Complementar", "texto_integral": "http://sapl.sarandi.pr.leg.br/media/./sapl/public/normajuridica/1998/1241/1241_texto_integral.pdf", "ementa": "Acrescenta os incisos V e VI ao art. 27 da Lei Complementar n\u00ba 53/98."}, {"id": "1240", "ano": "1998", "numero": "54", "tipo__sigla": "LC", "tipo__descricao": "Lei Complementar", "texto_integral": "http://sapl.sarandi.pr.leg.br/media/./sapl/public/normajuridica/1998/1240/1240_texto_integral.pdf", "ementa": "Disp\u00f5e sobre a cria\u00e7\u00e3o de cargos no Quadro de Pessoal Permanente, na forma que especifica."}, {"id": "1283", "ano": "1998", "numero": "781", "tipo__sigla": "LEI", "tipo__descricao": "Lei Ordin\u00e1ria", "texto_integral": "http://sapl.sarandi.pr.leg.br/media/sapl/public/normajuridica/1998/1283/lei_no_781-1998_sapl.pdf", "ementa": "D\u00e1 nova reda\u00e7\u00e3o ao Art. 7\u00ba e ao par\u00e1grafo \u00fanico, que passar\u00e1 a ser \u00a7 1\u00ba, e ao inciso I, da Lei n\u00ba 769/98 e d\u00e1 outras provid\u00eancias."}, {"id": "1282", "ano": "1998", "numero": "780", "tipo__sigla": "LEI", "tipo__descricao": "Lei Ordin\u00e1ria", "texto_integral": "http://sapl.sarandi.pr.leg.br/media/sapl/public/normajuridica/1998/1282/lei_no_780-1998_sapl.pdf", "ementa": "Disp\u00f5e sobre a complementa\u00e7\u00e3o salarial dos professores e especialistas de educa\u00e7\u00e3o do munic\u00edpio de Sarandi/PR."}, {"id": "1281", "ano": "1998", "numero": "779", "tipo__sigla": "LEI", "tipo__descricao": "Lei Ordin\u00e1ria", "texto_integral": "http://sapl.sarandi.pr.leg.br/media/sapl/public/normajuridica/1998/1281/lei_no_779-1998_sapl.pdf", "ementa": "Autoriza o Poder Executivo Municipal a abrir no corrente exerc\u00edcio financeiro cr\u00e9dito adicional suplementar."}, {"id": "1280", "ano": "1998", "numero": "778", "tipo__sigla": "LEI", "tipo__descricao": "Lei Ordin\u00e1ria", "texto_integral": "http://sapl.sarandi.pr.leg.br/media/sapl/public/normajuridica/1998/1280/lei_no_778-1998_sapl.pdf", "ementa": "Institui obrigatoriedade do uso em panfletos distribu\u00eddos na cidade da vinheta mantenha a cidade limpa e d\u00e1 outras provid\u00eancias."}, {"id": "1279", "ano": "1998", "numero": "777", "tipo__sigla": "LEI", "tipo__descricao": "Lei Ordin\u00e1ria", "texto_integral": "http://sapl.sarandi.pr.leg.br/media/sapl/public/normajuridica/1998/1279/lei_no_777-1998_sapl.pdf", "ementa": "Revoga a Lei Municipal n\u00ba 49, de 3/10/1983."}, {"id": "1278", "ano": "1998", "numero": "776", "tipo__sigla": "LEI", "tipo__descricao": "Lei Ordin\u00e1ria", "texto_integral": "http://sapl.sarandi.pr.leg.br/media/./sapl/public/normajuridica/1998/1278/1278_texto_integral.pdf", "ementa": "Pro\u00edbe o transporte clandestino e disciplina o transporte remunerado."}, {"id": "1232", "ano": "1998", "numero": "4", "tipo__sigla": "DL", "tipo__descricao": "Decreto Legislativo", "texto_integral": "http://sapl.sarandi.pr.leg.br/media/./sapl/public/normajuridica/1998/1232/1232_texto_integral.pdf", "ementa": "Aceita o \"Veto\", Aposto \u00e0 Lei n\u00ba 770/98."}, {"id": "1277", "ano": "1998", "numero": "775", "tipo__sigla": "LEI", "tipo__descricao": "Lei Ordin\u00e1ria", "texto_integral": "http://sapl.sarandi.pr.leg.br/media/sapl/public/normajuridica/1998/1277/lei_no_775-1998_sapl.pdf", "ementa": "Institui o Conselho Municipal em defesa do idoso."}, {"id": "1276", "ano": "1998", "numero": "774", "tipo__sigla": "LEI", "tipo__descricao": "Lei Ordin\u00e1ria", "texto_integral": "http://sapl.sarandi.pr.leg.br/media/sapl/public/normajuridica/1998/1276/lei_no_774-1998_sapl.pdf", "ementa": "Autoriza o Executivo Municipal a proceder da\u00e7\u00e3o em pagamento de im\u00f3vel pertencente \u00e0 municipalidade, na forma que especifica."}, {"id": "1275", "ano": "1998", "numero": "773", "tipo__sigla": "LEI", "tipo__descricao": "Lei Ordin\u00e1ria", "texto_integral": "http://sapl.sarandi.pr.leg.br/media/sapl/public/normajuridica/1998/1275/lei_no_773-1998_sapl.pdf", "ementa": "Altera a reda\u00e7\u00e3o do art. 2\u00ba da Lei n\u00ba 745/97."}, {"id": "1231", "ano": "1998", "numero": "3", "tipo__sigla": "DL", "tipo__descricao": "Decreto Legislativo", "texto_integral": "http://sapl.sarandi.pr.leg.br/media/./sapl/public/normajuridica/1998/1231/1231_texto_integral.pdf", "ementa": "Concede Titulo Benem\u00e9rito a Cidad\u00e3o Sarandiense."}, {"id": "1230", "ano": "1998", "numero": "2", "tipo__sigla": "DL", "tipo__descricao": "Decreto Legislativo", "texto_integral": "http://sapl.sarandi.pr.leg.br/media/./sapl/public/normajuridica/1998/1230/1230_texto_integral.pdf", "ementa": "Concede Titulo Benem\u00e9rito a Cidad\u00e3o Sarandiense."}, {"id": "1229", "ano": "1998", "numero": "1", "tipo__sigla": "DL", "tipo__descricao": "Decreto Legislativo", "texto_integral": "http://sapl.sarandi.pr.leg.br/media/./sapl/public/normajuridica/1998/1229/1229_texto_integral.pdf", "ementa": "Concede T\u00edtulo de Cidad\u00e3o Honor\u00e1rio ao Bacharel em direito Dr. Jos\u00e9 Aparecido Jacov\u00f3s."}, {"id": "1274", "ano": "1998", "numero": "772", "tipo__sigla": "LEI", "tipo__descricao": "Lei Ordin\u00e1ria", "texto_integral": "http://sapl.sarandi.pr.leg.br/media/./sapl/public/normajuridica/1998/1274/1274_texto_integral.pdf", "ementa": "Disp\u00f5e sobre a denomina\u00e7\u00e3o de Centro Profissionalizante, na forma que especifica."}, {"id": "1273", "ano": "1998", "numero": "771", "tipo__sigla": "LEI", "tipo__descricao": "Lei Ordin\u00e1ria", "texto_integral": "http://sapl.sarandi.pr.leg.br/media/sapl/public/normajuridica/1998/1273/lei_no_771-1998_sapl.pdf", "ementa": "Autoriza o Poder Executivo Municipal a isentar do recolhimento do ITBI, na forma que especifica."}, {"id": "1251", "ano": "1998", "numero": "1", "tipo__sigla": "RES", "tipo__descricao": "Resolu\u00e7\u00e3o", "texto_integral": "http://sapl.sarandi.pr.leg.br/media/./sapl/public/normajuridica/1998/1251/1251_texto_integral.pdf", "ementa": "Disp\u00f5e sobre a proposta parcial do Or\u00e7amento da C\u00e2mara Municipal para ser inclu\u00edda na proposta geral do Or\u00e7amento do Munic\u00edpio para o exerc\u00edcio Financeiro de 1999."}, {"id": "1272", "ano": "1998", "numero": "770", "tipo__sigla": "LEI", "tipo__descricao": "Lei Ordin\u00e1ria", "texto_integral": "http://sapl.sarandi.pr.leg.br/media/sapl/public/normajuridica/1998/1272/04-1998.pdf", "ementa": "Disp\u00f5e que em todas as salas de aula tenha pelo menos uma planta ornamental."}, {"id": "4612", "ano": "1998", "numero": "9", "tipo__sigla": "POR", "tipo__descricao": "Portaria", "texto_integral": "http://sapl.sarandi.pr.leg.br/media/sapl/public/normajuridica/1998/4612/2.pdf", "ementa": "CONCEDE F\u00c9RIAS COLETIVAS EM VIRTUDE DO RECESSO LEGISLATIVO."}, {"id": "1271", "ano": "1998", "numero": "769", "tipo__sigla": "LEI", "tipo__descricao": "Lei Ordin\u00e1ria", "texto_integral": "http://sapl.sarandi.pr.leg.br/media/sapl/public/normajuridica/1998/1271/lei_no_769-1998_sapl.pdf", "ementa": "Autoriza o Poder Executivo Municipal a celebrar contrato de concess\u00e3o para explora\u00e7\u00e3o e opera\u00e7\u00e3o dos sistemas de abastecimento de \u00e1gua pot\u00e1vel e de coleta, remo\u00e7\u00e3o e tratamento de esgotos sanit\u00e1rios, mediante licita\u00e7\u00e3o."}, {"id": "1270", "ano": "1998", "numero": "768", "tipo__sigla": "LEI", "tipo__descricao": "Lei Ordin\u00e1ria", "texto_integral": "http://sapl.sarandi.pr.leg.br/media/./sapl/public/normajuridica/1998/1270/1270_texto_integral.pdf", "ementa": "Disp\u00f5e sobre as diretrizes or\u00e7ament\u00e1rias para o exerc\u00edcio financeiro de 1999 e d\u00e1 outras provid\u00eancias."}, {"id": "1269", "ano": "1998", "numero": "767", "tipo__sigla": "LEI", "tipo__descricao": "Lei Ordin\u00e1ria", "texto_integral": "http://sapl.sarandi.pr.leg.br/media/sapl/public/normajuridica/1998/1269/lei_no_767-1998_sapl.pdf", "ementa": "Autoriza a concess\u00e3o de direito real de uso de im\u00f3vel pertencente \u00e0 municipalidade, na forma que especifica."}, {"id": "1268", "ano": "1998", "numero": "766", "tipo__sigla": "LEI", "tipo__descricao": "Lei Ordin\u00e1ria", "texto_integral": "http://sapl.sarandi.pr.leg.br/media/sapl/public/normajuridica/1998/1268/lei_no_766-1998_sapl.pdf", "ementa": "Autoriza o Chefe do Poder Executivo Municipal a firmar conv\u00eanio com o Departamento de Estradas de Rodagem - DER, e d\u00e1 outras provid\u00eancias."}, {"id": "1267", "ano": "1998", "numero": "765", "tipo__sigla": "LEI", "tipo__descricao": "Lei Ordin\u00e1ria", "texto_integral": "http://sapl.sarandi.pr.leg.br/media/./sapl/public/normajuridica/1998/1267/1267_texto_integral.pdf", "ementa": "Autoriza o Poder Executivo Municipal a alienar mediante licita\u00e7\u00e3o im\u00f3vel de propriedade do Munic\u00edpio."}, {"id": "1239", "ano": "1998", "numero": "53", "tipo__sigla": "LC", "tipo__descricao": "Lei Complementar", "texto_integral": "http://sapl.sarandi.pr.leg.br/media/./sapl/public/normajuridica/1998/1239/1239_texto_integral.pdf", "ementa": "Disp\u00f5e sobre o Estatuto e Plano de Carreira do Magist\u00e9rio P\u00fablico Municipal."}, {"id": "1238", "ano": "1998", "numero": "52", "tipo__sigla": "LC", "tipo__descricao": "Lei Complementar", "texto_integral": "http://sapl.sarandi.pr.leg.br/media/./sapl/public/normajuridica/1998/1238/1238_texto_integral.pdf", "ementa": "Eleva o n\u00famero de vagas dos cargos efetivos constantes do Anexo II da Lei Complementar n\u00ba 16/93 e suas altera\u00e7\u00f5es."}, {"id": "1266", "ano": "1998", "numero": "764", "tipo__sigla": "LEI", "tipo__descricao": "Lei Ordin\u00e1ria", "texto_integral": "http://sapl.sarandi.pr.leg.br/media/sapl/public/normajuridica/1998/1266/lei_no_764-1998_sapl.pdf", "ementa": "Autoriza o Chefe do Poder Executivo a contratar opera\u00e7\u00e3o de cr\u00e9dito com o Banco do Estado do Paran\u00e1 S.A., para a execu\u00e7\u00e3o do Programa Vilas Rurais e, atrav\u00e9s do FDU- Fundo Estadual de Desenvolvimento Urbano, execu\u00e7\u00e3o do Programa Estadual de Apoio ao Desenvolvimento Urbano - Paran\u00e1 Urbano."}, {"id": "1265", "ano": "1998", "numero": "763", "tipo__sigla": "LEI", "tipo__descricao": "Lei Ordin\u00e1ria", "texto_integral": "http://sapl.sarandi.pr.leg.br/media/sapl/public/normajuridica/1998/1265/lei_no_763-1998_sapl.pdf", "ementa": "Transforma rua em avenida."}, {"id": "1264", "ano": "1998", "numero": "762", "tipo__sigla": "LEI", "tipo__descricao": "Lei Ordin\u00e1ria", "texto_integral": "http://sapl.sarandi.pr.leg.br/media/./sapl/public/normajuridica/1998/1264/1264_texto_integral.pdf", "ementa": "Cria o CEXETRAN - Conselho Executivo Municipal de Tr\u00e2nsito, o Fundo Municipal de Tr\u00e2nsito e d\u00e1 outras provid\u00eancias."}, {"id": "4285", "ano": "1998", "numero": "13", "tipo__sigla": "ELO", "tipo__descricao": "Emenda \u00e0 Lei Org\u00e2nica", "texto_integral": "http://sapl.sarandi.pr.leg.br/media/sapl/public/normajuridica/1998/4285/emenda_no_013-1998.pdf", "ementa": "Altera artigo da Lei Org\u00e2nica do Munic\u00edpio."}, {"id": "1263", "ano": "1998", "numero": "761", "tipo__sigla": "LEI", "tipo__descricao": "Lei Ordin\u00e1ria", "texto_integral": "http://sapl.sarandi.pr.leg.br/media/sapl/public/normajuridica/1998/1263/lei_no_761-1998_sapl.pdf", "ementa": "Autoriza a concess\u00e3o de direito real de uso de bem im\u00f3vel \u00e0 Mitra Arquidiocesana de Maring\u00e1, na forma que especifica."}, {"id": "1262", "ano": "1998", "numero": "760", "tipo__sigla": "LEI", "tipo__descricao": "Lei Ordin\u00e1ria", "texto_integral": "http://sapl.sarandi.pr.leg.br/media/sapl/public/normajuridica/1998/1262/lei_no_760-1998_sapl.pdf", "ementa": "Autoriza o Poder Executivo Municipal a encetar campanha de aumento de n\u00famero de ve\u00edculos emplacados no munic\u00edpio e d\u00e1 outras provid\u00eancias."}, {"id": "1261", "ano": "1998", "numero": "759", "tipo__sigla": "LEI", "tipo__descricao": "Lei Ordin\u00e1ria", "texto_integral": "http://sapl.sarandi.pr.leg.br/media/sapl/public/normajuridica/1998/1261/lei_no_759-1998_sapl.pdf", "ementa": "Autoriza a constru\u00e7\u00e3o de um posto de sa\u00fade no Parque Residencial Bela Vista."}, {"id": "1237", "ano": "1998", "numero": "51", "tipo__sigla": "LC", "tipo__descricao": "Lei Complementar", "texto_integral": "http://sapl.sarandi.pr.leg.br/media/./sapl/public/normajuridica/1998/1237/1237_texto_integral.pdf", "ementa": "Inclui rua no Eixo Comercial da cidade."}, {"id": "1249", "ano": "1998", "numero": "8", "tipo__sigla": "POR", "tipo__descricao": "Portaria", "texto_integral": "http://sapl.sarandi.pr.leg.br/media/sapl/public/normajuridica/1998/1249/3.pdf", "ementa": "REFERENTE A REAJUSTE DE N\u00cdVEIS DAS TABELAS DE CARGOS DE PROVIMENTO"}, {"id": "1260", "ano": "1998", "numero": "758", "tipo__sigla": "LEI", "tipo__descricao": "Lei Ordin\u00e1ria", "texto_integral": "http://sapl.sarandi.pr.leg.br/media/sapl/public/normajuridica/1998/1260/lei_no_758-1998_sapl.pdf", "ementa": "Disp\u00f5e sobre o cadastro de estabelecimentos comerciais e normas para a comercializa\u00e7\u00e3o do produto denominado \"cola de sapateiro\" e d\u00e1 outras provid\u00eancias."}, {"id": "1236", "ano": "1998", "numero": "50", "tipo__sigla": "LC", "tipo__descricao": "Lei Complementar", "texto_integral": "http://sapl.sarandi.pr.leg.br/media/./sapl/public/normajuridica/1998/1236/1236_texto_integral.pdf", "ementa": "Inclui rua no Eixo Comercial da cidade e d\u00e1 outras provid\u00eancias."}, {"id": "1259", "ano": "1998", "numero": "757", "tipo__sigla": "LEI", "tipo__descricao": "Lei Ordin\u00e1ria", "texto_integral": "http://sapl.sarandi.pr.leg.br/media/sapl/public/normajuridica/1998/1259/lei_no_757-1998_sapl.pdf", "ementa": "D\u00e1 denomina\u00e7\u00e3o \u00e0 rua n\u00ba 17 do Jardim Nova Independ\u00eancia."}, {"id": "1258", "ano": "1998", "numero": "756", "tipo__sigla": "LEI", "tipo__descricao": "Lei Ordin\u00e1ria", "texto_integral": "http://sapl.sarandi.pr.leg.br/media/./sapl/public/normajuridica/1998/1258/1258_texto_integral.pdf", "ementa": "D\u00e1 denomina\u00e7\u00e3o \u00e0 Rua 16 do Jardim Nova Independ\u00eancia."}, {"id": "1257", "ano": "1998", "numero": "755", "tipo__sigla": "LEI", "tipo__descricao": "Lei Ordin\u00e1ria", "texto_integral": "http://sapl.sarandi.pr.leg.br/media/sapl/public/normajuridica/1998/1257/lei_no_755-1998_sapl.pdf", "ementa": "Autoriza a concess\u00e3o de direito real de uso de im\u00f3veis pertencente \u00e0 municipalidade, na forma que especifica."}, {"id": "1235", "ano": "1998", "numero": "49", "tipo__sigla": "LC", "tipo__descricao": "Lei Complementar", "texto_integral": "http://sapl.sarandi.pr.leg.br/media/./sapl/public/normajuridica/1998/1235/1235_texto_integral.pdf", "ementa": "Inclui rua no Eixo Comercial da cidade e d\u00e1 outras provid\u00eancias."}, {"id": "1256", "ano": "1998", "numero": "754", "tipo__sigla": "LEI", "tipo__descricao": "Lei Ordin\u00e1ria", "texto_integral": "http://sapl.sarandi.pr.leg.br/media/sapl/public/normajuridica/1998/1256/lei_no_754-1998_sapl.pdf", "ementa": "Concede T\u00edtulo de Cidad\u00e3o Honor\u00e1rio ao Excelent\u00edssimo Senhor Armando Martinho Bardou Raggio."}, {"id": "1248", "ano": "1998", "numero": "7", "tipo__sigla": "POR", "tipo__descricao": "Portaria", "texto_integral": "http://sapl.sarandi.pr.leg.br/media/./sapl/public/normajuridica/1998/1248/1248_texto_integral.pdf", "ementa": "NOMEIA ASSESSOR DE IMPRENSA"}, {"id": "1255", "ano": "1998", "numero": "753", "tipo__sigla": "LEI", "tipo__descricao": "Lei Ordin\u00e1ria", "texto_integral": "http://sapl.sarandi.pr.leg.br/media/sapl/public/normajuridica/1998/1255/lei_no_753-1998_sapl.pdf", "ementa": "D\u00e1 nova reda\u00e7\u00e3o ao inciso II do artigo 1\u00ba da Lei n\u00ba 373/90, que alterou o artigo 80 da Lei n\u00ba 77/83 - C\u00f3digo Tribut\u00e1rio do Munic\u00edpio, e d\u00e1 outras provid\u00eancias."}, {"id": "1254", "ano": "1998", "numero": "752", "tipo__sigla": "LEI", "tipo__descricao": "Lei Ordin\u00e1ria", "texto_integral": "http://sapl.sarandi.pr.leg.br/media/./sapl/public/normajuridica/1998/1254/1254_texto_integral.pdf", "ementa": "Autoriza a constru\u00e7\u00e3o de um abrigo no Pronto Socorro Municipal."}, {"id": "1253", "ano": "1998", "numero": "751", "tipo__sigla": "LEI", "tipo__descricao": "Lei Ordin\u00e1ria", "texto_integral": "http://sapl.sarandi.pr.leg.br/media/sapl/public/normajuridica/1998/1253/lei_no_751-1998_sapl.pdf", "ementa": "Disp\u00f5e sobre m\u00e3o \u00fanica na Rua Princesa Isabel."}, {"id": "1234", "ano": "1998", "numero": "48", "tipo__sigla": "LC", "tipo__descricao": "Lei Complementar", "texto_integral": "http://sapl.sarandi.pr.leg.br/media/./sapl/public/normajuridica/1998/1234/1234_texto_integral.pdf", "ementa": "Inclui rua no Eixo Comercial da cidade e d\u00e1 outras provid\u00eancias."}, {"id": "1233", "ano": "1998", "numero": "47", "tipo__sigla": "LC", "tipo__descricao": "Lei Complementar", "texto_integral": "http://sapl.sarandi.pr.leg.br/media/./sapl/public/normajuridica/1998/1233/1233_texto_integral.pdf", "ementa": "Inclui rua no Eixo Comercial da cidade e d\u00e1 outras provid\u00eancias."}, {"id": "1252", "ano": "1998", "numero": "750", "tipo__sigla": "LEI", "tipo__descricao": "Lei Ordin\u00e1ria", "texto_integral": "http://sapl.sarandi.pr.leg.br/media/sapl/public/normajuridica/1998/1252/lei_no_750-1998_sapl.pdf", "ementa": "Autoriza o Poder Executivo Municipal a instituir premia\u00e7\u00e3o aos contribuintes que estiverem em dia com o IPTU."}, {"id": "1247", "ano": "1998", "numero": "6", "tipo__sigla": "POR", "tipo__descricao": "Portaria", "texto_integral": "http://sapl.sarandi.pr.leg.br/media/./sapl/public/normajuridica/1998/1247/1247_texto_integral.pdf", "ementa": "HOMOLOGA RESULTADO DA ELEI\u00c7\u00c3O DAS COMISS\u00d5ES PERMANENTES"}, {"id": "1246", "ano": "1998", "numero": "5", "tipo__sigla": "POR", "tipo__descricao": "Portaria", "texto_integral": "http://sapl.sarandi.pr.leg.br/media/./sapl/public/normajuridica/1998/1246/1246_texto_integral.pdf", "ementa": "ELEVAR N\u00cdVEL DE VENCIMENTOS DOS SERVIDORES"}, {"id": "1245", "ano": "1998", "numero": "4", "tipo__sigla": "POR", "tipo__descricao": "Portaria", "texto_integral": "http://sapl.sarandi.pr.leg.br/media/./sapl/public/normajuridica/1998/1245/1245_texto_integral.pdf", "ementa": "ELEVA FUN\u00c7\u00c3O GRATIFICADA"}, {"id": "1244", "ano": "1998", "numero": "3", "tipo__sigla": "POR", "tipo__descricao": "Portaria", "texto_integral": "http://sapl.sarandi.pr.leg.br/media/./sapl/public/normajuridica/1998/1244/1244_texto_integral.pdf", "ementa": "NOMEIA CHEFE DA DIVIS\u00c3O DE ADMINISTRA\u00c7\u00c3O"}, {"id": "1243", "ano": "1998", "numero": "2", "tipo__sigla": "POR", "tipo__descricao": "Portaria", "texto_integral": "http://sapl.sarandi.pr.leg.br/media/./sapl/public/normajuridica/1998/1243/1243_texto_integral.pdf", "ementa": "CONCEDE PROGRESS\u00c3O FUNCIONAL A SERVIDORES"}, {"id": "1242", "ano": "1998", "numero": "1", "tipo__sigla": "POR", "tipo__descricao": "Portaria", "texto_integral": "http://sapl.sarandi.pr.leg.br/media/./sapl/public/normajuridica/1998/1242/1242_texto_integral.pdf", "ementa": "CONCEDE F\u00c9RIAS COLETIVAS AOS SERVIDORES"}, {"id": "1202", "ano": "1997", "numero": "749", "tipo__sigla": "LEI", "tipo__descricao": "Lei Ordin\u00e1ria", "texto_integral": "http://sapl.sarandi.pr.leg.br/media/./sapl/public/normajuridica/1997/1202/1202_texto_integral.pdf", "ementa": "Autorizar o Poder Executivo Municipal permutar Im\u00f3vel Urbano, na forma que especifica."}, {"id": "1201", "ano": "1997", "numero": "748", "tipo__sigla": "LEI", "tipo__descricao": "Lei Ordin\u00e1ria", "texto_integral": "http://sapl.sarandi.pr.leg.br/media/sapl/public/normajuridica/1997/1201/lei_no_748-1997_sapl.pdf", "ementa": "Cria a Comiss\u00e3o Municipal de Defesa Civil (COMDEC) do Munic\u00edpio de Sarandi/PR, e d\u00e1 outras provid\u00eancias."}, {"id": "1200", "ano": "1997", "numero": "747", "tipo__sigla": "LEI", "tipo__descricao": "Lei Ordin\u00e1ria", "texto_integral": "http://sapl.sarandi.pr.leg.br/media/sapl/public/normajuridica/1997/1200/lei_no_747-1997_sapl.pdf", "ementa": "Autoriza o Poder Executivo Municipal a subdividir e doar im\u00f3veis urbanos, na forma que especifica."}, {"id": "1199", "ano": "1997", "numero": "746", "tipo__sigla": "LEI", "tipo__descricao": "Lei Ordin\u00e1ria", "texto_integral": "http://sapl.sarandi.pr.leg.br/media/./sapl/public/normajuridica/1997/1199/1199_texto_integral.pdf", "ementa": "Disp\u00f5e sobre proibi\u00e7\u00e3o de parcelamento do solo urbano para fins de loteamento at\u00e9 o ano 2010 e d\u00e1 outras provid\u00eancias."}, {"id": "1198", "ano": "1997", "numero": "745", "tipo__sigla": "LEI", "tipo__descricao": "Lei Ordin\u00e1ria", "texto_integral": "http://sapl.sarandi.pr.leg.br/media/./sapl/public/normajuridica/1997/1198/1198_texto_integral.pdf", "ementa": "Disp\u00f5e sobre a cria\u00e7\u00e3o do Conselho Municipal de Acompanhamento e Controle Social do Fundo de Manuten\u00e7\u00e3o e Desenvolvimento do Ensino Fundamental e da Valoriza\u00e7\u00e3o do Magist\u00e9rio."}, {"id": "1197", "ano": "1997", "numero": "744", "tipo__sigla": "LEI", "tipo__descricao": "Lei Ordin\u00e1ria", "texto_integral": "http://sapl.sarandi.pr.leg.br/media/sapl/public/normajuridica/1997/1197/lei_no_744-1997_sapl.pdf", "ementa": "Disp\u00f5e sobre a elimina\u00e7\u00e3o de barreiras arquitet\u00f4nicas para portadores de defici\u00eancia nos locais de fluxo de pedestres e edif\u00edcios e d\u00e1 outras provid\u00eancias."}, {"id": "1196", "ano": "1997", "numero": "743", "tipo__sigla": "LEI", "tipo__descricao": "Lei Ordin\u00e1ria", "texto_integral": "http://sapl.sarandi.pr.leg.br/media/sapl/public/normajuridica/1997/1196/lei_no_743-1997_sapl.pdf", "ementa": "Estima a receita e fixa a despesa do munic\u00edpio para o exerc\u00edcio financeiro de 1998."}, {"id": "1195", "ano": "1997", "numero": "742", "tipo__sigla": "LEI", "tipo__descricao": "Lei Ordin\u00e1ria", "texto_integral": "http://sapl.sarandi.pr.leg.br/media/sapl/public/normajuridica/1997/1195/lei_no_742-1997_sapl.pdf", "ementa": "Estima a receita e fixa a despesa do Fundo Municipal de Assist\u00eancia Social para o exerc\u00edcio financeiro de 1998."}, {"id": "1194", "ano": "1997", "numero": "741", "tipo__sigla": "LEI", "tipo__descricao": "Lei Ordin\u00e1ria", "texto_integral": "http://sapl.sarandi.pr.leg.br/media/sapl/public/normajuridica/1997/1194/lei_no_741-1997_sapl.pdf", "ementa": "Estima a receita e fixa a despesa do Fundo Municipal de Sa\u00fade para o exerc\u00edcio financeiro de 1998."}, {"id": "1193", "ano": "1997", "numero": "740", "tipo__sigla": "LEI", "tipo__descricao": "Lei Ordin\u00e1ria", "texto_integral": "http://sapl.sarandi.pr.leg.br/media/sapl/public/normajuridica/1997/1193/lei_no_740-1997_sapl.pdf", "ementa": "Estima a receita e fixa a despesa do Fundo Municipal para a Inf\u00e2ncia e a Juventude, para o exerc\u00edcio financeiro de 1998."}, {"id": "1192", "ano": "1997", "numero": "739", "tipo__sigla": "LEI", "tipo__descricao": "Lei Ordin\u00e1ria", "texto_integral": "http://sapl.sarandi.pr.leg.br/media/sapl/public/normajuridica/1997/1192/lei_no_739-1997_sapl.pdf", "ementa": "Estima a receita e fixa a despesa do Fundo de Previd\u00eancia dos Servidores Municipais de Sarandi - PRESERV, para o exerc\u00edcio financeiro de 1998."}, {"id": "1191", "ano": "1997", "numero": "738", "tipo__sigla": "LEI", "tipo__descricao": "Lei Ordin\u00e1ria", "texto_integral": "http://sapl.sarandi.pr.leg.br/media/./sapl/public/normajuridica/1997/1191/1191_texto_integral.pdf", "ementa": "Autoriza a instituir no Munic\u00edpio Concurso de decora\u00e7\u00f5es natalinas e d\u00e1 outras provid\u00eancias."}, {"id": "1190", "ano": "1997", "numero": "737", "tipo__sigla": "LEI", "tipo__descricao": "Lei Ordin\u00e1ria", "texto_integral": "http://sapl.sarandi.pr.leg.br/media/./sapl/public/normajuridica/1997/1190/1190_texto_integral.pdf", "ementa": "Disp\u00f5e sobre m\u00e3o \u00fanica na Rua Ja\u00e7ana e d\u00e1 outras provid\u00eancias correlatas."}, {"id": "1189", "ano": "1997", "numero": "736", "tipo__sigla": "LEI", "tipo__descricao": "Lei Ordin\u00e1ria", "texto_integral": "http://sapl.sarandi.pr.leg.br/media/sapl/public/normajuridica/1997/1189/lei_no_736-1997_sapl.pdf", "ementa": "Autoriza a concess\u00e3o de direito real de uso de im\u00f3vel pertencente \u00e0 municipalidade, na forma que especifica."}, {"id": "1188", "ano": "1997", "numero": "735", "tipo__sigla": "LEI", "tipo__descricao": "Lei Ordin\u00e1ria", "texto_integral": "http://sapl.sarandi.pr.leg.br/media/sapl/public/normajuridica/1997/1188/lei_no_735-1997_sapl.pdf", "ementa": "Disp\u00f5e sobre m\u00e3o \u00fanica na Pra\u00e7a Ipiranga e d\u00e1 outras provid\u00eancias."}, {"id": "1187", "ano": "1997", "numero": "734", "tipo__sigla": "LEI", "tipo__descricao": "Lei Ordin\u00e1ria", "texto_integral": "http://sapl.sarandi.pr.leg.br/media/sapl/public/normajuridica/1997/1187/lei_no_734-1997_sapl.pdf", "ementa": "Disp\u00f5e sobre m\u00e3o \u00fanica na Rua Vereador Jos\u00e9 Fernandes."}, {"id": "1186", "ano": "1997", "numero": "733", "tipo__sigla": "LEI", "tipo__descricao": "Lei Ordin\u00e1ria", "texto_integral": "http://sapl.sarandi.pr.leg.br/media/sapl/public/normajuridica/1997/1186/lei_no_733-1997_sapl.pdf", "ementa": "D\u00e1 denomina\u00e7\u00e3o \u00e0 Rua n\u00ba 6, no Parque Residencial S\u00e3o Jos\u00e9."}, {"id": "1185", "ano": "1997", "numero": "732", "tipo__sigla": "LEI", "tipo__descricao": "Lei Ordin\u00e1ria", "texto_integral": "http://sapl.sarandi.pr.leg.br/media/sapl/public/normajuridica/1997/1185/lei_no_732-1997_sapl.pdf", "ementa": "D\u00e1 nova reda\u00e7\u00e3o ao artigo 2\u00ba, da Lei n\u00ba 546/93."}, {"id": "1184", "ano": "1997", "numero": "731", "tipo__sigla": "LEI", "tipo__descricao": "Lei Ordin\u00e1ria", "texto_integral": "http://sapl.sarandi.pr.leg.br/media/./sapl/public/normajuridica/1997/1184/1184_texto_integral.pdf", "ementa": "Autoriza o Chefe do Poder Executivo Municipal a conceder isen\u00e7\u00e3o da tarifa de \u00e1gua pot\u00e1vel e d\u00e1 outras provid\u00eancias."}, {"id": "1183", "ano": "1997", "numero": "730", "tipo__sigla": "LEI", "tipo__descricao": "Lei Ordin\u00e1ria", "texto_integral": "http://sapl.sarandi.pr.leg.br/media/./sapl/public/normajuridica/1997/1183/1183_texto_integral.pdf", "ementa": "Autoriza o Poder Executivo Municipal a doar pr\u00f3prios do munic\u00edpio, firmar conv\u00eanio, assumir obriga\u00e7\u00f5es e d\u00e1 outras provid\u00eancias."}, {"id": "1182", "ano": "1997", "numero": "729", "tipo__sigla": "LEI", "tipo__descricao": "Lei Ordin\u00e1ria", "texto_integral": "http://sapl.sarandi.pr.leg.br/media/sapl/public/normajuridica/1997/1182/lei_no_729-1997_sapl.pdf", "ementa": "Abre cr\u00e9dito adicional suplementar, na forma que especifica."}, {"id": "1181", "ano": "1997", "numero": "728", "tipo__sigla": "LEI", "tipo__descricao": "Lei Ordin\u00e1ria", "texto_integral": "http://sapl.sarandi.pr.leg.br/media/./sapl/public/normajuridica/1997/1181/1181_texto_integral.pdf", "ementa": "D\u00e1 nova reda\u00e7\u00e3o ao inciso II do artigo 3\u00ba da Lei n\u00ba 123/86, que alterou o artigo 80 da Lei n\u00ba 77/83 - C\u00f3digo Tribut\u00e1rio do Munic\u00edpio, e d\u00e1 outras provid\u00eancias."}, {"id": "1180", "ano": "1997", "numero": "727", "tipo__sigla": "LEI", "tipo__descricao": "Lei Ordin\u00e1ria", "texto_integral": "http://sapl.sarandi.pr.leg.br/media/sapl/public/normajuridica/1997/1180/lei_no_727-1997_sapl.pdf", "ementa": "Revoga a Lei n\u00ba 669/96, de 24 de dezembro de 1996."}, {"id": "1179", "ano": "1997", "numero": "726", "tipo__sigla": "LEI", "tipo__descricao": "Lei Ordin\u00e1ria", "texto_integral": "http://sapl.sarandi.pr.leg.br/media/./sapl/public/normajuridica/1997/1179/1179_texto_integral.pdf", "ementa": "Extingue o Setor Auxiliar de Tesouraria - Ag\u00eancia Arrecadadora do Jardim Independ\u00eancia e revoga a lei municipal n\u00ba 62, de 9/11/1983, na forma que especifica."}, {"id": "1178", "ano": "1997", "numero": "725", "tipo__sigla": "LEI", "tipo__descricao": "Lei Ordin\u00e1ria", "texto_integral": "http://sapl.sarandi.pr.leg.br/media/./sapl/public/normajuridica/1997/1178/1178_texto_integral.pdf", "ementa": "D\u00e1 nova denomina\u00e7\u00e3o \u00e0 Rua Montreal no Jardim Castelo."}, {"id": "6265", "ano": "1997", "numero": "724", "tipo__sigla": "LEI", "tipo__descricao": "Lei Ordin\u00e1ria", "texto_integral": "http://sapl.sarandi.pr.leg.br/media/sapl/public/normajuridica/1997/6265/lei_no_724-1997_sapl.pdf", "ementa": "D\u00e1 nova denomina\u00e7\u00e3o \u00e0 Rua das Avencas."}, {"id": "1209", "ano": "1997", "numero": "6", "tipo__sigla": "DL", "tipo__descricao": "Decreto Legislativo", "texto_integral": "http://sapl.sarandi.pr.leg.br/media/./sapl/public/normajuridica/1997/1209/1209_texto_integral.pdf", "ementa": "Concede T\u00edtulo de Benemer\u00eancia \u00e0 cidad\u00e3o Sarandiense."}, {"id": "6484", "ano": "1997", "numero": "723", "tipo__sigla": "LEI", "tipo__descricao": "Lei Ordin\u00e1ria", "texto_integral": "http://sapl.sarandi.pr.leg.br/media/sapl/public/normajuridica/1997/6484/lei_no_723-1997_sapl.pdf", "ementa": "Autoriza a coloca\u00e7\u00e3o de caixas coletoras de lixo recicl\u00e1veis e d\u00e1 outras provid\u00eancias."}, {"id": "1214", "ano": "1997", "numero": "46", "tipo__sigla": "LC", "tipo__descricao": "Lei Complementar", "texto_integral": "http://sapl.sarandi.pr.leg.br/media/./sapl/public/normajuridica/1997/1214/1214_texto_integral.pdf", "ementa": "Inclui rua no Eixo de Com\u00e9rcio e Servi\u00e7os ECS-1, a Rua Antonio Perola."}, {"id": "1177", "ano": "1997", "numero": "722", "tipo__sigla": "LEI", "tipo__descricao": "Lei Ordin\u00e1ria", "texto_integral": "http://sapl.sarandi.pr.leg.br/media/sapl/public/normajuridica/1997/1177/lei_no_722-1997_sapl.pdf", "ementa": "Declara de utilidade p\u00fablica a Associa\u00e7\u00e3o de Pais e Mestres - APM, da Escola Municipal Tizuro Tsuji S. P. Cunha."}, {"id": "1176", "ano": "1997", "numero": "721", "tipo__sigla": "LEI", "tipo__descricao": "Lei Ordin\u00e1ria", "texto_integral": "http://sapl.sarandi.pr.leg.br/media/sapl/public/normajuridica/1997/1176/lei_no_721-1997_sapl.pdf", "ementa": "Declara de utilidade p\u00fablica a Associa\u00e7\u00e3o de Pais e Mestres - APM, da Escola Municipal Jos\u00e9 Polo."}, {"id": "1175", "ano": "1997", "numero": "720", "tipo__sigla": "LEI", "tipo__descricao": "Lei Ordin\u00e1ria", "texto_integral": "http://sapl.sarandi.pr.leg.br/media/sapl/public/normajuridica/1997/1175/lei_no_720-1997_sapl.pdf", "ementa": "Declara de utilidade p\u00fablica a Associa\u00e7\u00e3o de Pais e Mestres - APM, da Escola Municipal Mercedes Romero Panzeri."}, {"id": "1174", "ano": "1997", "numero": "719", "tipo__sigla": "LEI", "tipo__descricao": "Lei Ordin\u00e1ria", "texto_integral": "http://sapl.sarandi.pr.leg.br/media/sapl/public/normajuridica/1997/1174/lei_no_719-1997_sapl.pdf", "ementa": "Declara de utilidade p\u00fablica a Associa\u00e7\u00e3o de Pais e Mestres - APM, da Escola Municipal Sagrada Fam\u00edlia."}, {"id": "1173", "ano": "1997", "numero": "718", "tipo__sigla": "LEI", "tipo__descricao": "Lei Ordin\u00e1ria", "texto_integral": "http://sapl.sarandi.pr.leg.br/media/sapl/public/normajuridica/1997/1173/lei_no_718-1997_sapl.pdf", "ementa": "Declara de utilidade p\u00fablica a Associa\u00e7\u00e3o de Pais e Mestres - APM, da Escola Municipal Padre Jorge Scholl."}, {"id": "1172", "ano": "1997", "numero": "717", "tipo__sigla": "LEI", "tipo__descricao": "Lei Ordin\u00e1ria", "texto_integral": "http://sapl.sarandi.pr.leg.br/media/sapl/public/normajuridica/1997/1172/lei_no_717-1997_sapl.pdf", "ementa": "Declara de utilidade p\u00fablica a Associa\u00e7\u00e3o de Pais e Mestres - APM, da Escola Municipal Masami Koga."}, {"id": "1171", "ano": "1997", "numero": "716", "tipo__sigla": "LEI", "tipo__descricao": "Lei Ordin\u00e1ria", "texto_integral": "http://sapl.sarandi.pr.leg.br/media/sapl/public/normajuridica/1997/1171/lei_no_716-1997_sapl.pdf", "ementa": "Declara de utilidade p\u00fablica a Associa\u00e7\u00e3o de Pais e Mestres - APM, da Escola Municipal Machado de Assis."}, {"id": "1170", "ano": "1997", "numero": "715", "tipo__sigla": "LEI", "tipo__descricao": "Lei Ordin\u00e1ria", "texto_integral": "http://sapl.sarandi.pr.leg.br/media/./sapl/public/normajuridica/1997/1170/1170_texto_integral.pdf", "ementa": "Declara de utilidade p\u00fablica a Associa\u00e7\u00e3o de Pais e Mestres - APM, da Escola Municipal Poetisa Cecilia Meireles."}, {"id": "1169", "ano": "1997", "numero": "714", "tipo__sigla": "LEI", "tipo__descricao": "Lei Ordin\u00e1ria", "texto_integral": "http://sapl.sarandi.pr.leg.br/media/./sapl/public/normajuridica/1997/1169/1169_texto_integral.pdf", "ementa": "Declara de utilidade p\u00fablica a Associa\u00e7\u00e3o de Pais e Mestres - APM da Escola Municipal Crian\u00e7a Esperan\u00e7a."}, {"id": "1168", "ano": "1997", "numero": "713", "tipo__sigla": "LEI", "tipo__descricao": "Lei Ordin\u00e1ria", "texto_integral": "http://sapl.sarandi.pr.leg.br/media/sapl/public/normajuridica/1997/1168/lei_no_713-1997_sapl.pdf", "ementa": "Declara de utilidade p\u00fablica a Associa\u00e7\u00e3o de Pais e Mestres - APM, da Escola Municipal Yoshio Hayashi."}, {"id": "1167", "ano": "1997", "numero": "712", "tipo__sigla": "LEI", "tipo__descricao": "Lei Ordin\u00e1ria", "texto_integral": "http://sapl.sarandi.pr.leg.br/media/sapl/public/normajuridica/1997/1167/lei_no_712-1997_sapl.pdf", "ementa": "Declara de utilidade p\u00fablica a Associa\u00e7\u00e3o de Pais e Mestres - APM, da Escola Municipal Mauro Padilha."}, {"id": "1166", "ano": "1997", "numero": "711", "tipo__sigla": "LEI", "tipo__descricao": "Lei Ordin\u00e1ria", "texto_integral": "http://sapl.sarandi.pr.leg.br/media/sapl/public/normajuridica/1997/1166/lei_no_711-1997_sapl.pdf", "ementa": "Declara de utilidade p\u00fablica a Associa\u00e7\u00e3o de Pais e Mestres - APM da Escola Municipal Padre Jos\u00e9 de Anchieta."}, {"id": "1165", "ano": "1997", "numero": "710", "tipo__sigla": "LEI", "tipo__descricao": "Lei Ordin\u00e1ria", "texto_integral": "http://sapl.sarandi.pr.leg.br/media/sapl/public/normajuridica/1997/1165/lei_no_710-1997_sapl.pdf", "ementa": "Declara de utilidade p\u00fablica a Associa\u00e7\u00e3o de Pais e Mestres - APM, da Escola Municipal S\u00e3o Francisco de Assis."}, {"id": "1164", "ano": "1997", "numero": "709", "tipo__sigla": "LEI", "tipo__descricao": "Lei Ordin\u00e1ria", "texto_integral": "http://sapl.sarandi.pr.leg.br/media/./sapl/public/normajuridica/1997/1164/1164_texto_integral.pdf", "ementa": "Declara de utilidade p\u00fablica a Associa\u00e7\u00e3o de Pais e Mestres - APM da Escola Municipal Ayres Aniceto de Andrade."}, {"id": "1163", "ano": "1997", "numero": "708", "tipo__sigla": "LEI", "tipo__descricao": "Lei Ordin\u00e1ria", "texto_integral": "http://sapl.sarandi.pr.leg.br/media/sapl/public/normajuridica/1997/1163/lei_no_708-1997_sapl.pdf", "ementa": "Institui o Plano Comunit\u00e1rio de Pavimenta\u00e7\u00e3o no Munic\u00edpio de Sarandi, autoriza a contra\u00e7\u00e3o de obras p\u00fablicas e d\u00e1 outras provid\u00eancias, na forma que especifica."}, {"id": "1162", "ano": "1997", "numero": "707", "tipo__sigla": "LEI", "tipo__descricao": "Lei Ordin\u00e1ria", "texto_integral": "http://sapl.sarandi.pr.leg.br/media/sapl/public/normajuridica/1997/1162/lei_no_707-1997_sapl.pdf", "ementa": "D\u00e1 nova reda\u00e7\u00e3o ao inciso II, do art. 2\u00ba da Lei n\u00ba 567/94, de 4 de abril de 1994, que disp\u00f5e sobre isen\u00e7\u00e3o de tributos a aposentados."}, {"id": "1208", "ano": "1997", "numero": "5", "tipo__sigla": "DL", "tipo__descricao": "Decreto Legislativo", "texto_integral": "http://sapl.sarandi.pr.leg.br/media/./sapl/public/normajuridica/1997/1208/1208_texto_integral.pdf", "ementa": "Aceita \"Veto\" aposto ao Projeto de Lei n\u00ba 696/97, que institui o uso de sacos pl\u00e1sticos para a coleta de lixo de cidade."}, {"id": "1161", "ano": "1997", "numero": "706", "tipo__sigla": "LEI", "tipo__descricao": "Lei Ordin\u00e1ria", "texto_integral": "http://sapl.sarandi.pr.leg.br/media/sapl/public/normajuridica/1997/1161/lei_no_706-1997_sapl.pdf", "ementa": "Declara de utilidade p\u00fablica a Associa\u00e7\u00e3o dos Moradores e Amigos dos Bairros Jardim Panorama e Jardim Independ\u00eancia II parte."}, {"id": "4284", "ano": "1997", "numero": "12", "tipo__sigla": "ELO", "tipo__descricao": "Emenda \u00e0 Lei Org\u00e2nica", "texto_integral": "http://sapl.sarandi.pr.leg.br/media/sapl/public/normajuridica/1997/4284/emenda_no_012-1997.pdf", "ementa": "Permite reelei\u00e7\u00e3o dos membros da Mesa Diretora."}, {"id": "1160", "ano": "1997", "numero": "705", "tipo__sigla": "LEI", "tipo__descricao": "Lei Ordin\u00e1ria", "texto_integral": "http://sapl.sarandi.pr.leg.br/media/./sapl/public/normajuridica/1997/1160/1160_texto_integral.pdf", "ementa": "Disp\u00f5e sobre a cria\u00e7\u00e3o do Conselho Municipal de Alimenta\u00e7\u00e3o Escolar, na forma que especifica."}, {"id": "1159", "ano": "1997", "numero": "704", "tipo__sigla": "LEI", "tipo__descricao": "Lei Ordin\u00e1ria", "texto_integral": "http://sapl.sarandi.pr.leg.br/media/sapl/public/normajuridica/1997/1159/lei_no_704-1997_sapl.pdf", "ementa": "Institui o Conselho Municipal da Mulher de Sarandi, na forma que especifica."}, {"id": "1158", "ano": "1997", "numero": "703", "tipo__sigla": "LEI", "tipo__descricao": "Lei Ordin\u00e1ria", "texto_integral": "http://sapl.sarandi.pr.leg.br/media/sapl/public/normajuridica/1997/1158/lei_no_703-1997_sapl.pdf", "ementa": "Declara de utilidade p\u00fablica a Associa\u00e7\u00e3o dos Moradores e Amigos dos Bairros Jardins Imperial, Ana Eliza, Ibirapuera, Cometa, Higien\u00f3polis, Merc\u00fario, Santa Terezinha, Jaqueline."}, {"id": "1157", "ano": "1997", "numero": "702", "tipo__sigla": "LEI", "tipo__descricao": "Lei Ordin\u00e1ria", "texto_integral": "http://sapl.sarandi.pr.leg.br/media/sapl/public/normajuridica/1997/1157/lei_no_702-1997_sapl.pdf", "ementa": "Aprova o Or\u00e7amento Plurianual de Investimentos para o per\u00edodo de 1998 \u00e0 2001, e d\u00e1 outras provid\u00eancias."}, {"id": "1213", "ano": "1997", "numero": "45", "tipo__sigla": "LC", "tipo__descricao": "Lei Complementar", "texto_integral": "http://sapl.sarandi.pr.leg.br/media/./sapl/public/normajuridica/1997/1213/1213_texto_integral.pdf", "ementa": "Eleva o n\u00famero de cargos efetivos e em comiss\u00e3o existentes e cria cargos efetivos e em comiss\u00e3o."}, {"id": "1207", "ano": "1997", "numero": "4", "tipo__sigla": "DL", "tipo__descricao": "Decreto Legislativo", "texto_integral": "http://sapl.sarandi.pr.leg.br/media/./sapl/public/normajuridica/1997/1207/1207_texto_integral.pdf", "ementa": "Concede T\u00edtulo de Benemer\u00eancia \u00e0 cidad\u00e3o Sarandiense."}, {"id": "1206", "ano": "1997", "numero": "3", "tipo__sigla": "DL", "tipo__descricao": "Decreto Legislativo", "texto_integral": "http://sapl.sarandi.pr.leg.br/media/./sapl/public/normajuridica/1997/1206/1206_texto_integral.pdf", "ementa": "Aprova as Contas dos Poderes Executivo e Legislativo, relativas ao Exerc\u00edcio Financeiro de 1.995, conforme Parecer do Tribunal de Contas do Estado do Paran\u00e1 \u2014 TCE."}, {"id": "1205", "ano": "1997", "numero": "2", "tipo__sigla": "DL", "tipo__descricao": "Decreto Legislativo", "texto_integral": "http://sapl.sarandi.pr.leg.br/media/./sapl/public/normajuridica/1997/1205/1205_texto_integral.pdf", "ementa": "Aprova as Contas dos Poderes Executivo e Legislativo, relativas ao Exerc\u00edcio Financeiro de 1.994, conforme Parecer do Tribunal de Contas do Estado do Paran\u00e1 \u2014 TCE."}, {"id": "1156", "ano": "1997", "numero": "701", "tipo__sigla": "LEI", "tipo__descricao": "Lei Ordin\u00e1ria", "texto_integral": "http://sapl.sarandi.pr.leg.br/media/./sapl/public/normajuridica/1997/1156/1156_texto_integral.pdf", "ementa": "Institui o Conselho Municipal de Sa\u00fade e o Fundo Municipal de Sa\u00fade."}, {"id": "1155", "ano": "1997", "numero": "700", "tipo__sigla": "LEI", "tipo__descricao": "Lei Ordin\u00e1ria", "texto_integral": "http://sapl.sarandi.pr.leg.br/media/sapl/public/normajuridica/1997/1155/lei_no_700-1997_sapl.pdf", "ementa": "Declara de utilidade p\u00fablica a Associa\u00e7\u00e3o de Pais e Mestres da Escola Municipal Olinda Dias Pereira."}, {"id": "1154", "ano": "1997", "numero": "699", "tipo__sigla": "LEI", "tipo__descricao": "Lei Ordin\u00e1ria", "texto_integral": "http://sapl.sarandi.pr.leg.br/media/sapl/public/normajuridica/1997/1154/lei_no_699-1997_sapl.pdf", "ementa": "Autoriza o Chefe do Poder Executivo Municipal a abrir cr\u00e9dito adicional suplementar e d\u00e1 outras provid\u00eancias."}, {"id": "1153", "ano": "1997", "numero": "698", "tipo__sigla": "LEI", "tipo__descricao": "Lei Ordin\u00e1ria", "texto_integral": "http://sapl.sarandi.pr.leg.br/media/sapl/public/normajuridica/1997/1153/lei_no_698-1997_sapl.pdf", "ementa": "Autoriza a concess\u00e3o de direito real de uso de im\u00f3vel pertencente \u00e0 municipalidade, na forma que especifica."}, {"id": "1152", "ano": "1997", "numero": "697", "tipo__sigla": "LEI", "tipo__descricao": "Lei Ordin\u00e1ria", "texto_integral": "http://sapl.sarandi.pr.leg.br/media/sapl/public/normajuridica/1997/1152/lei_no_697-1997_sapl.pdf", "ementa": "Declara de utilidade p\u00fablica a Assist\u00eancia Betel."}, {"id": "1151", "ano": "1997", "numero": "696", "tipo__sigla": "LEI", "tipo__descricao": "Lei Ordin\u00e1ria", "texto_integral": "http://sapl.sarandi.pr.leg.br/media/sapl/public/normajuridica/1997/1151/lei_no_696-1997_sapl.pdf", "ementa": "Institui o uso de sacos pl\u00e1sticos para a coleta de lixo na cidade."}, {"id": "1204", "ano": "1997", "numero": "1", "tipo__sigla": "DL", "tipo__descricao": "Decreto Legislativo", "texto_integral": "http://sapl.sarandi.pr.leg.br/media/./sapl/public/normajuridica/1997/1204/1204_texto_integral.pdf", "ementa": "Rejeita \"Veto\" aposto \u00e0 emenda n\u00ba 09/97."}, {"id": "1150", "ano": "1997", "numero": "695", "tipo__sigla": "LEI", "tipo__descricao": "Lei Ordin\u00e1ria", "texto_integral": "http://sapl.sarandi.pr.leg.br/media/sapl/public/normajuridica/1997/1150/lei_no_695-1997_sapl.pdf", "ementa": "Autoriza o Poder Executivo a contratar financiamento com a Caixa Econ\u00f4mica Federal, a oferecer garantias e d\u00e1 outras provid\u00eancias correlatas."}, {"id": "1228", "ano": "1997", "numero": "4", "tipo__sigla": "RES", "tipo__descricao": "Resolu\u00e7\u00e3o", "texto_integral": "http://sapl.sarandi.pr.leg.br/media/./sapl/public/normajuridica/1997/1228/1228_texto_integral.pdf", "ementa": "Disp\u00f5e sobre a proposta parcial do Or\u00e7amento da C\u00e2mara Municipal para ser inclu\u00edda na proposta geral do Or\u00e7amento do Munic\u00edpio para o Exerc\u00edcio Financeiro de 1998."}, {"id": "1227", "ano": "1997", "numero": "3", "tipo__sigla": "RES", "tipo__descricao": "Resolu\u00e7\u00e3o", "texto_integral": "http://sapl.sarandi.pr.leg.br/media/./sapl/public/normajuridica/1997/1227/1227_texto_integral.pdf", "ementa": "Revoga-se as Resolu\u00e7\u00f5es n\u00fameros 02/91, 01/93 e 2/97."}, {"id": "1224", "ano": "1997", "numero": "10", "tipo__sigla": "POR", "tipo__descricao": "Portaria", "texto_integral": "http://sapl.sarandi.pr.leg.br/media/./sapl/public/normajuridica/1997/1224/1224_texto_integral.pdf", "ementa": "CONCEDE F\u00c9RIAS COLETIVAS AOS SERVIDORES"}, {"id": "1149", "ano": "1997", "numero": "694", "tipo__sigla": "LEI", "tipo__descricao": "Lei Ordin\u00e1ria", "texto_integral": "http://sapl.sarandi.pr.leg.br/media/./sapl/public/normajuridica/1997/1149/1149_texto_integral.pdf", "ementa": "Institui normas para o Departamento de \u00c1gua e Esgoto - DAE, e d\u00e1 outras provid\u00eancias."}, {"id": "1148", "ano": "1997", "numero": "693", "tipo__sigla": "LEI", "tipo__descricao": "Lei Ordin\u00e1ria", "texto_integral": "http://sapl.sarandi.pr.leg.br/media/sapl/public/normajuridica/1997/1148/lei_no_693-1993_sapl.pdf", "ementa": "Autoriza o chefe do Poder Executivo a contratar opera\u00e7\u00e3o de cr\u00e9dito com o Banco do Estado do Paran\u00e1 S.A., para a execu\u00e7\u00e3o do Programa Vilas Rurais e, atrav\u00e9s do FDU - Fundo Estadual de Desenvolvimento Urbano, execu\u00e7\u00e3o do Programa Estadual de Apoio ao Desenvolvimento Urbano - Paran\u00e1 Urbano."}, {"id": "1147", "ano": "1997", "numero": "692", "tipo__sigla": "LEI", "tipo__descricao": "Lei Ordin\u00e1ria", "texto_integral": "http://sapl.sarandi.pr.leg.br/media/sapl/public/normajuridica/1997/1147/lei_no_692-1997_sapl.pdf", "ementa": "Disp\u00f5e sobre as diretrizes or\u00e7ament\u00e1rias para o exerc\u00edcio financeiro de 1998 e d\u00e1 outras provid\u00eancias."}, {"id": "1212", "ano": "1997", "numero": "44", "tipo__sigla": "LC", "tipo__descricao": "Lei Complementar", "texto_integral": "http://sapl.sarandi.pr.leg.br/media/./sapl/public/normajuridica/1997/1212/1212_texto_integral.pdf", "ementa": "D\u00e1 nova reda\u00e7\u00e3o ao artigo 122 da Lei Complementar n\u00ba 5/92, j\u00e1 alterado pela Lei Complementar n\u00ba 26/94."}, {"id": "1146", "ano": "1997", "numero": "691", "tipo__sigla": "LEI", "tipo__descricao": "Lei Ordin\u00e1ria", "texto_integral": "http://sapl.sarandi.pr.leg.br/media/sapl/public/normajuridica/1997/1146/lei_no_691-1997_sapl.pdf", "ementa": "Autoriza o Poder Executivo Municipal a outorgar e conceder a explora\u00e7\u00e3o do matadouro municipal."}, {"id": "1145", "ano": "1997", "numero": "690", "tipo__sigla": "LEI", "tipo__descricao": "Lei Ordin\u00e1ria", "texto_integral": "http://sapl.sarandi.pr.leg.br/media/sapl/public/normajuridica/1997/1145/lei_no_690-1997_sapl.pdf", "ementa": "Declara de utilidade p\u00fablica a Associa\u00e7\u00e3o de Moradores e Amigos do Bairro Ch\u00e1caras Aeroporto."}, {"id": "1223", "ano": "1997", "numero": "9", "tipo__sigla": "POR", "tipo__descricao": "Portaria", "texto_integral": "http://sapl.sarandi.pr.leg.br/media/./sapl/public/normajuridica/1997/1223/1223_texto_integral.pdf", "ementa": "EXONERA CHEFE DE GABINETE"}, {"id": "1222", "ano": "1997", "numero": "8", "tipo__sigla": "POR", "tipo__descricao": "Portaria", "texto_integral": "http://sapl.sarandi.pr.leg.br/media/./sapl/public/normajuridica/1997/1222/1222_texto_integral.pdf", "ementa": "REFERENTE A REAJUSTE DE N\u00cdVEIS DAS TABELAS DE CARGOS DE PROVIMENTO"}, {"id": "1144", "ano": "1997", "numero": "689", "tipo__sigla": "LEI", "tipo__descricao": "Lei Ordin\u00e1ria", "texto_integral": "http://sapl.sarandi.pr.leg.br/media/sapl/public/normajuridica/1997/1144/lei_no_689-1997_sapl.pdf", "ementa": "Disp\u00f5e sobre subdivis\u00e3o de lote ou data e d\u00e1 outras provid\u00eancias correlatas."}, {"id": "1143", "ano": "1997", "numero": "688", "tipo__sigla": "LEI", "tipo__descricao": "Lei Ordin\u00e1ria", "texto_integral": "http://sapl.sarandi.pr.leg.br/media/sapl/public/normajuridica/1997/1143/lei_no_688-1997_sapl.pdf", "ementa": "Autoriza a criar ponto de motocicleta de aluguel \"Moto-Taxi\", na Avenida Rio de Janeiro esquina com a Rua Pedro Alvares Cabral e d\u00e1 outras provid\u00eancias correlatas."}, {"id": "1211", "ano": "1997", "numero": "43", "tipo__sigla": "LC", "tipo__descricao": "Lei Complementar", "texto_integral": "http://sapl.sarandi.pr.leg.br/media/./sapl/public/normajuridica/1997/1211/1211_texto_integral.pdf", "ementa": "Inclui no Eixo de Com\u00e9rcio e Servi\u00e7os - ECS1, parte da Rua das Tulipas."}, {"id": "1226", "ano": "1997", "numero": "2", "tipo__sigla": "RES", "tipo__descricao": "Resolu\u00e7\u00e3o", "texto_integral": "http://sapl.sarandi.pr.leg.br/media/./sapl/public/normajuridica/1997/1226/1226_texto_integral.pdf", "ementa": "Disp\u00f5e sobre o hor\u00e1rio de expediente da C\u00e2mara Municipal de Sarandi, na forma que especifica."}, {"id": "1221", "ano": "1997", "numero": "7", "tipo__sigla": "POR", "tipo__descricao": "Portaria", "texto_integral": "http://sapl.sarandi.pr.leg.br/media/./sapl/public/normajuridica/1997/1221/1221_texto_integral.pdf", "ementa": "NOMEIA ASSISTENTE SE SECRETARIA"}, {"id": "1220", "ano": "1997", "numero": "6", "tipo__sigla": "POR", "tipo__descricao": "Portaria", "texto_integral": "http://sapl.sarandi.pr.leg.br/media/./sapl/public/normajuridica/1997/1220/1220_texto_integral.pdf", "ementa": "NOMEIA CHEFE DE GABINETE"}, {"id": "1142", "ano": "1997", "numero": "687", "tipo__sigla": "LEI", "tipo__descricao": "Lei Ordin\u00e1ria", "texto_integral": "http://sapl.sarandi.pr.leg.br/media/./sapl/public/normajuridica/1997/1142/1142_texto_integral.pdf", "ementa": "Disp\u00f5e sobre homenagem p\u00f3stuma em pr\u00f3prios da municipalidade e logradouros p\u00fablicos."}, {"id": "1210", "ano": "1997", "numero": "42", "tipo__sigla": "LC", "tipo__descricao": "Lei Complementar", "texto_integral": "http://sapl.sarandi.pr.leg.br/media/./sapl/public/normajuridica/1997/1210/1210_texto_integral.pdf", "ementa": "Inclui no Eixo de Com\u00e9rcio e Servi\u00e7os ECS-1, a Rua Concei\u00e7\u00e3o Aparecida de Magalh\u00e3es."}, {"id": "1141", "ano": "1997", "numero": "686", "tipo__sigla": "LEI", "tipo__descricao": "Lei Ordin\u00e1ria", "texto_integral": "http://sapl.sarandi.pr.leg.br/media/sapl/public/normajuridica/1997/1141/lei_no_686-1997_sapl.pdf", "ementa": "Autoriza o Chefe do Poder Executivo Municipal a encetar campanha para aumentar o n\u00famero de ve\u00edculos emplacados no Munic\u00edpio e d\u00e1 outras provid\u00eancias."}, {"id": "1140", "ano": "1997", "numero": "685", "tipo__sigla": "LEI", "tipo__descricao": "Lei Ordin\u00e1ria", "texto_integral": "http://sapl.sarandi.pr.leg.br/media/sapl/public/normajuridica/1997/1140/lei_no_685-1997_sapl.pdf", "ementa": "Autoriza o chefe do Poder Executivo Municipal a permutar im\u00f3vel, na forma que especifica."}, {"id": "1139", "ano": "1997", "numero": "684", "tipo__sigla": "LEI", "tipo__descricao": "Lei Ordin\u00e1ria", "texto_integral": "http://sapl.sarandi.pr.leg.br/media/./sapl/public/normajuridica/1997/1139/1139_texto_integral.pdf", "ementa": "Disp\u00f5e sobre concess\u00e3o de direito real de uso de im\u00f3vel da municipalidade e d\u00e1 outras provid\u00eancias."}, {"id": "1225", "ano": "1997", "numero": "1", "tipo__sigla": "RES", "tipo__descricao": "Resolu\u00e7\u00e3o", "texto_integral": "http://sapl.sarandi.pr.leg.br/media/./sapl/public/normajuridica/1997/1225/1225_texto_integral.pdf", "ementa": "Cria Cargos de: Assessor Parlamentar, Assistente Parlamentar, Assistente de Secretaria e Assistente de Departamento."}, {"id": "1219", "ano": "1997", "numero": "5", "tipo__sigla": "POR", "tipo__descricao": "Portaria", "texto_integral": "http://sapl.sarandi.pr.leg.br/media/./sapl/public/normajuridica/1997/1219/1219_texto_integral.pdf", "ementa": "REFERENTE A AUMENTO DE SAL\u00c1RIO"}, {"id": "1218", "ano": "1997", "numero": "4", "tipo__sigla": "POR", "tipo__descricao": "Portaria", "texto_integral": "http://sapl.sarandi.pr.leg.br/media/sapl/public/normajuridica/1997/1218/portaria_04.pdf", "ementa": "REFERENTE A ASCENS\u00c3O FUNCIONAL AOS SERVIDORES"}, {"id": "1217", "ano": "1997", "numero": "3", "tipo__sigla": "POR", "tipo__descricao": "Portaria", "texto_integral": "http://sapl.sarandi.pr.leg.br/media/./sapl/public/normajuridica/1997/1217/1217_texto_integral.pdf", "ementa": "REFERENTE A CARGOS DE PROVIMENTO"}, {"id": "1216", "ano": "1997", "numero": "2", "tipo__sigla": "POR", "tipo__descricao": "Portaria", "texto_integral": "http://sapl.sarandi.pr.leg.br/media/./sapl/public/normajuridica/1997/1216/1216_texto_integral.pdf", "ementa": "CONCEDE F\u00c9RIAS COLETIVAS A SERVIDORES"}, {"id": "1215", "ano": "1997", "numero": "1", "tipo__sigla": "POR", "tipo__descricao": "Portaria", "texto_integral": "http://sapl.sarandi.pr.leg.br/media/./sapl/public/normajuridica/1997/1215/1215_texto_integral.pdf", "ementa": "HOMOLOGA RESULTADO DE ELEI\u00c7\u00c3O DAS COMISS\u00d5ES PERMANENTES"}, {"id": "1133", "ano": "1997", "numero": "5", "tipo__sigla": "RES", "tipo__descricao": "Resolu\u00e7\u00e3o", "texto_integral": "http://sapl.sarandi.pr.leg.br/media/./sapl/public/normajuridica/1997/1133/1133_texto_integral.pdf", "ementa": "D\u00e1 nova reda\u00e7\u00e3o ao artigo 19 da Resolu\u00e7\u00e3o 02/92, que estabelece o Regimento Interno da C\u00e2mara Municipal."}, {"id": "1099", "ano": "1996", "numero": "683", "tipo__sigla": "LEI", "tipo__descricao": "Lei Ordin\u00e1ria", "texto_integral": "http://sapl.sarandi.pr.leg.br/media/sapl/public/normajuridica/1996/1099/lei_no_683-1996_sapl.pdf", "ementa": "Autoriza o Poder Executivo Municipal a abrir cr\u00e9dito adicional ou suplementar e d\u00e1 outras provid\u00eancias."}, {"id": "1098", "ano": "1996", "numero": "682", "tipo__sigla": "LEI", "tipo__descricao": "Lei Ordin\u00e1ria", "texto_integral": "http://sapl.sarandi.pr.leg.br/media/./sapl/public/normajuridica/1996/1098/1098_texto_integral.pdf", "ementa": "Disp\u00f5e sobre a inspe\u00e7\u00e3o sanit\u00e1ria dos produtos de origem animal, institui taxas e cria a se\u00e7\u00e3o de inspe\u00e7\u00e3o de produtos de origem animal, na Divis\u00e3o de Agricultura e Pecu\u00e1ria do munic\u00edpio e d\u00e1 outras provid\u00eancias."}, {"id": "1097", "ano": "1996", "numero": "681", "tipo__sigla": "LEI", "tipo__descricao": "Lei Ordin\u00e1ria", "texto_integral": "http://sapl.sarandi.pr.leg.br/media/./sapl/public/normajuridica/1996/1097/1097_texto_integral.pdf", "ementa": "Autoriza a concess\u00e3o de direito real de uso de datas de terras, na forma que especifica."}, {"id": "1096", "ano": "1996", "numero": "680", "tipo__sigla": "LEI", "tipo__descricao": "Lei Ordin\u00e1ria", "texto_integral": "http://sapl.sarandi.pr.leg.br/media/sapl/public/normajuridica/1996/1096/lei_no_680-1996_sapl.pdf", "ementa": "Autoriza a concess\u00e3o de direito real de uso de datas de terras, na forma que especifica."}, {"id": "1095", "ano": "1996", "numero": "679", "tipo__sigla": "LEI", "tipo__descricao": "Lei Ordin\u00e1ria", "texto_integral": "http://sapl.sarandi.pr.leg.br/media/sapl/public/normajuridica/1996/1095/lei_no_679-1996_sapl.pdf", "ementa": "Autoriza o Poder Executivo Municipal a firmar permuta, na forma que especifica."}, {"id": "1094", "ano": "1996", "numero": "678", "tipo__sigla": "LEI", "tipo__descricao": "Lei Ordin\u00e1ria", "texto_integral": "http://sapl.sarandi.pr.leg.br/media/sapl/public/normajuridica/1996/1094/lei_no_678-1996_sapl.pdf", "ementa": "Autoriza o Poder Executivo Municipal a firmar permuta, na forma que especifica."}, {"id": "1093", "ano": "1996", "numero": "677", "tipo__sigla": "LEI", "tipo__descricao": "Lei Ordin\u00e1ria", "texto_integral": "http://sapl.sarandi.pr.leg.br/media/sapl/public/normajuridica/1996/1093/lei_no_677-1996_sapl.pdf", "ementa": "Autoriza o Poder Executivo Municipal a firmar permuta, na forma que especifica."}, {"id": "1092", "ano": "1996", "numero": "676", "tipo__sigla": "LEI", "tipo__descricao": "Lei Ordin\u00e1ria", "texto_integral": "http://sapl.sarandi.pr.leg.br/media/sapl/public/normajuridica/1996/1092/lei_no_676-1996_sapl.pdf", "ementa": "Autoriza a concess\u00e3o de Direito Real de Uso de Datas, na forma que especifica."}, {"id": "1091", "ano": "1996", "numero": "675", "tipo__sigla": "LEI", "tipo__descricao": "Lei Ordin\u00e1ria", "texto_integral": "http://sapl.sarandi.pr.leg.br/media/./sapl/public/normajuridica/1996/1091/1091_texto_integral.pdf", "ementa": "Concede direito real de uso de \u00e1rea de terras do munic\u00edpio \u00e0 institui\u00e7\u00e3o religiosa e d\u00e1 outras provid\u00eancias."}, {"id": "1090", "ano": "1996", "numero": "674", "tipo__sigla": "LEI", "tipo__descricao": "Lei Ordin\u00e1ria", "texto_integral": "http://sapl.sarandi.pr.leg.br/media/sapl/public/normajuridica/1996/1090/lei_no_674-1996_sapl.pdf", "ementa": "Acrescenta o exerc\u00edcio de 1997 ao or\u00e7amento plurianual de investimentos do munic\u00edpio."}, {"id": "1089", "ano": "1996", "numero": "673", "tipo__sigla": "LEI", "tipo__descricao": "Lei Ordin\u00e1ria", "texto_integral": "http://sapl.sarandi.pr.leg.br/media/sapl/public/normajuridica/1996/1089/lei_no_673-1996_sapl.pdf", "ementa": "Autoriza a concess\u00e3o de direito real de uso de datas de terras, na forma que especifica."}, {"id": "1088", "ano": "1996", "numero": "672", "tipo__sigla": "LEI", "tipo__descricao": "Lei Ordin\u00e1ria", "texto_integral": "http://sapl.sarandi.pr.leg.br/media/sapl/public/normajuridica/1996/1088/lei_no_672-1996_sapl.pdf", "ementa": "Autoriza a concess\u00e3o de direito real de uso de datas de terras, na forma que especifica."}, {"id": "1087", "ano": "1996", "numero": "671", "tipo__sigla": "LEI", "tipo__descricao": "Lei Ordin\u00e1ria", "texto_integral": "http://sapl.sarandi.pr.leg.br/media/sapl/public/normajuridica/1996/1087/lei_no_671-1996_sapl.pdf", "ementa": "Reconhece e declara de utilidade p\u00fablica Associa\u00e7\u00e3o de Pais e Mestres da Escola Estadual do Jardim Castelo."}, {"id": "1086", "ano": "1996", "numero": "670", "tipo__sigla": "LEI", "tipo__descricao": "Lei Ordin\u00e1ria", "texto_integral": "http://sapl.sarandi.pr.leg.br/media/sapl/public/normajuridica/1996/1086/lei_no_670-1996_sapl.pdf", "ementa": "Revoga em todo o seu teor a Lei Municipal n\u00ba 128, de 5/9/1986, na forma que especifica."}, {"id": "1085", "ano": "1996", "numero": "669", "tipo__sigla": "LEI", "tipo__descricao": "Lei Ordin\u00e1ria", "texto_integral": "http://sapl.sarandi.pr.leg.br/media/./sapl/public/normajuridica/1996/1085/1085_texto_integral.pdf", "ementa": "Autoriza o Poder Executivo Municipal a subdividir e doar im\u00f3veis urbanos, na forma que especifica."}, {"id": "1084", "ano": "1996", "numero": "668", "tipo__sigla": "LEI", "tipo__descricao": "Lei Ordin\u00e1ria", "texto_integral": "http://sapl.sarandi.pr.leg.br/media/sapl/public/normajuridica/1996/1084/lei_no_668-1996_sapl.pdf", "ementa": "Acrescenta nova meta \u00e0 Lei de Diretrizes Or\u00e7ament\u00e1rias para 1996."}, {"id": "1083", "ano": "1996", "numero": "667", "tipo__sigla": "LEI", "tipo__descricao": "Lei Ordin\u00e1ria", "texto_integral": "http://sapl.sarandi.pr.leg.br/media/sapl/public/normajuridica/1996/1083/lei_no_667-1996_sapl.pdf", "ementa": "Acrescenta meta \u00e0 lei n\u00ba 559/93 \"Or\u00e7amento Plurianual de Investimentos\"."}, {"id": "1082", "ano": "1996", "numero": "666", "tipo__sigla": "LEI", "tipo__descricao": "Lei Ordin\u00e1ria", "texto_integral": "http://sapl.sarandi.pr.leg.br/media/sapl/public/normajuridica/1996/1082/lei_no_666-1996_sapl.pdf", "ementa": "Reconhece e declara de utilidade p\u00fablica a Associa\u00e7\u00e3o de Pais e Mestres do Col\u00e9gio Estadual Olavo Bilac."}, {"id": "1081", "ano": "1996", "numero": "665", "tipo__sigla": "LEI", "tipo__descricao": "Lei Ordin\u00e1ria", "texto_integral": "http://sapl.sarandi.pr.leg.br/media/sapl/public/normajuridica/1996/1081/lei_no_665-1996_sapl.pdf", "ementa": "Reconhece e declara de utilidade p\u00fablica a Associa\u00e7\u00e3o de Pais e Mestres da Escola Estadual Antonio Francisco Lisboa."}, {"id": "1080", "ano": "1996", "numero": "664", "tipo__sigla": "LEI", "tipo__descricao": "Lei Ordin\u00e1ria", "texto_integral": "http://sapl.sarandi.pr.leg.br/media/sapl/public/normajuridica/1996/1080/lei_no_664-1996_sapl.pdf", "ementa": "Reconhece e declara de utilidade p\u00fablica Associa\u00e7\u00e3o de Pais e Mestres do Col\u00e9gio Estadual do Jardim Independ\u00eancia - Ensino de 1\u00ba e 2\u00ba graus."}, {"id": "1079", "ano": "1996", "numero": "663", "tipo__sigla": "LEI", "tipo__descricao": "Lei Ordin\u00e1ria", "texto_integral": "http://sapl.sarandi.pr.leg.br/media/sapl/public/normajuridica/1996/1079/lei_no_663-1996_sapl.pdf", "ementa": "Reconhece e declara de utilidade p\u00fablica a Associa\u00e7\u00e3o de Pais e Mestres - APM da Escola Estadual do Jardim Panorama."}, {"id": "1078", "ano": "1996", "numero": "662", "tipo__sigla": "LEI", "tipo__descricao": "Lei Ordin\u00e1ria", "texto_integral": "http://sapl.sarandi.pr.leg.br/media/sapl/public/normajuridica/1996/1078/lei_no_662-1996_sapl.pdf", "ementa": "Reconhece e declara de utilidade p\u00fablica o INAMS."}, {"id": "1077", "ano": "1996", "numero": "661", "tipo__sigla": "LEI", "tipo__descricao": "Lei Ordin\u00e1ria", "texto_integral": "http://sapl.sarandi.pr.leg.br/media/sapl/public/normajuridica/1996/1077/lei_no_661-1996_sapl.pdf", "ementa": "Autoriza a regulariza\u00e7\u00e3o de loteamentos que est\u00e3o fora dos padr\u00f5es exigidos pelo Plano Diretor."}, {"id": "1076", "ano": "1996", "numero": "660", "tipo__sigla": "LEI", "tipo__descricao": "Lei Ordin\u00e1ria", "texto_integral": "http://sapl.sarandi.pr.leg.br/media/sapl/public/normajuridica/1996/1076/lei_no_660-1996_sapl.pdf", "ementa": "Estima a receita e fixa a despesa do munic\u00edpio para o exerc\u00edcio financeiro de 1997."}, {"id": "1075", "ano": "1996", "numero": "659", "tipo__sigla": "LEI", "tipo__descricao": "Lei Ordin\u00e1ria", "texto_integral": "http://sapl.sarandi.pr.leg.br/media/sapl/public/normajuridica/1996/1075/lei_no_659-1996_sapl.pdf", "ementa": "Estima a receita e fixa a despesa do Fundo Municipal de Assist\u00eancia Social para o exerc\u00edcio financeiro de 1997."}, {"id": "1074", "ano": "1996", "numero": "658", "tipo__sigla": "LEI", "tipo__descricao": "Lei Ordin\u00e1ria", "texto_integral": "http://sapl.sarandi.pr.leg.br/media/sapl/public/normajuridica/1996/1074/lei_no_658-1996_sapl.pdf", "ementa": "Estima a receita e fixa a despesa do Fundo Municipal de Sa\u00fade para o exerc\u00edcio financeiro de 1997."}, {"id": "1073", "ano": "1996", "numero": "657", "tipo__sigla": "LEI", "tipo__descricao": "Lei Ordin\u00e1ria", "texto_integral": "http://sapl.sarandi.pr.leg.br/media/sapl/public/normajuridica/1996/1073/lei_no_657-1996_sapl.pdf", "ementa": "Estima a receita e fixa a despesa do Fundo Municipal para a Inf\u00e2ncia e a Juventude de Sarandi para o exerc\u00edcio financeiro de 1997."}, {"id": "1072", "ano": "1996", "numero": "656", "tipo__sigla": "LEI", "tipo__descricao": "Lei Ordin\u00e1ria", "texto_integral": "http://sapl.sarandi.pr.leg.br/media/sapl/public/normajuridica/1996/1072/lei_no_656-1996_sapl.pdf", "ementa": "Estima a receita e fixa a despesa do Fundo de Previd\u00eancia dos servidores municipais de Sarandi para o exerc\u00edcio financeiro de 1997."}, {"id": "1071", "ano": "1996", "numero": "655", "tipo__sigla": "LEI", "tipo__descricao": "Lei Ordin\u00e1ria", "texto_integral": "http://sapl.sarandi.pr.leg.br/media/sapl/public/normajuridica/1996/1071/lei_no_655-1996_sapl.pdf", "ementa": "Disp\u00f5e sobre a pol\u00edtica de desenvolvimento industrial do munic\u00edpio de Sarandi e d\u00e1 outras provid\u00eancias."}, {"id": "1070", "ano": "1996", "numero": "654", "tipo__sigla": "LEI", "tipo__descricao": "Lei Ordin\u00e1ria", "texto_integral": "http://sapl.sarandi.pr.leg.br/media/./sapl/public/normajuridica/1996/1070/1070_texto_integral.pdf", "ementa": "Autoriza o Poder Executivo Municipal a doar im\u00f3vel urbano, na forma que especifica."}, {"id": "1069", "ano": "1996", "numero": "653", "tipo__sigla": "LEI", "tipo__descricao": "Lei Ordin\u00e1ria", "texto_integral": "http://sapl.sarandi.pr.leg.br/media/sapl/public/normajuridica/1996/1069/lei_no_653-1996_sapl.pdf", "ementa": "D\u00e1 nova reda\u00e7\u00e3o ao artigo 2\u00ba da Lei n\u00ba 651/96, na forma que especifica."}, {"id": "1068", "ano": "1996", "numero": "652", "tipo__sigla": "LEI", "tipo__descricao": "Lei Ordin\u00e1ria", "texto_integral": "http://sapl.sarandi.pr.leg.br/media/sapl/public/normajuridica/1996/1068/lei_no_652-1996_sapl.pdf", "ementa": "Autoriza o Poder Executivo Municipal a abrir cr\u00e9dito adicional especial e d\u00e1 outras provid\u00eancias."}, {"id": "1067", "ano": "1996", "numero": "651", "tipo__sigla": "LEI", "tipo__descricao": "Lei Ordin\u00e1ria", "texto_integral": "http://sapl.sarandi.pr.leg.br/media/./sapl/public/normajuridica/1996/1067/1067_texto_integral.pdf", "ementa": "Autoriza o Poder Executivo Municipal a adquirir im\u00f3veis urbanos com benfeitorias, na forma que especifica."}, {"id": "1066", "ano": "1996", "numero": "650", "tipo__sigla": "LEI", "tipo__descricao": "Lei Ordin\u00e1ria", "texto_integral": "http://sapl.sarandi.pr.leg.br/media/sapl/public/normajuridica/1996/1066/lei_no_650-1996_sapl.pdf", "ementa": "Concede T\u00edtulo de Cidad\u00e3o Honor\u00e1rio ao Excelent\u00edssimo Senhor Cl\u00e1udio Nunes do Nascimento, na forma que especifica."}, {"id": "1065", "ano": "1996", "numero": "649", "tipo__sigla": "LEI", "tipo__descricao": "Lei Ordin\u00e1ria", "texto_integral": "http://sapl.sarandi.pr.leg.br/media/sapl/public/normajuridica/1996/1065/lei_no_649-1996_sapl.pdf", "ementa": "Concede T\u00edtulo de Cidad\u00e3o Honor\u00e1rio ao Excelent\u00edssimo Senhor Anibal Khurry, na forma que especifica."}, {"id": "1064", "ano": "1996", "numero": "648", "tipo__sigla": "LEI", "tipo__descricao": "Lei Ordin\u00e1ria", "texto_integral": "http://sapl.sarandi.pr.leg.br/media/sapl/public/normajuridica/1996/1064/lei_no_648-1996_sapl.pdf", "ementa": "Concede T\u00edtulo de Cidad\u00e3o Honor\u00e1rio ao Excelent\u00edssimo Senhor Luiz Jos\u00e9 Perroti, na forma que especifica."}, {"id": "1063", "ano": "1996", "numero": "647", "tipo__sigla": "LEI", "tipo__descricao": "Lei Ordin\u00e1ria", "texto_integral": "http://sapl.sarandi.pr.leg.br/media/sapl/public/normajuridica/1996/1063/lei_no_647-1996_sapl.pdf", "ementa": "Autoriza o Poder Executivo Municipal a permutar im\u00f3vel urbano, na forma que especifica."}, {"id": "1062", "ano": "1996", "numero": "646", "tipo__sigla": "LEI", "tipo__descricao": "Lei Ordin\u00e1ria", "texto_integral": "http://sapl.sarandi.pr.leg.br/media/sapl/public/normajuridica/1996/1062/lei_no_646-1996_sapl.pdf", "ementa": "Autoriza o Poder Executivo Municipal a abrir no corrente exerc\u00edcio financeiro um cr\u00e9dito adicional suplementar, e d\u00e1 outras provid\u00eancias."}, {"id": "1061", "ano": "1996", "numero": "645", "tipo__sigla": "LEI", "tipo__descricao": "Lei Ordin\u00e1ria", "texto_integral": "http://sapl.sarandi.pr.leg.br/media/sapl/public/normajuridica/1996/1061/lei_no_645-1996_sapl.pdf", "ementa": "Autoriza o Chefe do Poder Executivo Municipal a conceder desconto nos valores dos tributos, na forma que especifica."}, {"id": "1060", "ano": "1996", "numero": "644", "tipo__sigla": "LEI", "tipo__descricao": "Lei Ordin\u00e1ria", "texto_integral": "http://sapl.sarandi.pr.leg.br/media/sapl/public/normajuridica/1996/1060/lei_no_644-1996_sapl.pdf", "ementa": "D\u00e1 denomina\u00e7\u00e3o \u00e0 Rua 15 do Jardim Nova Independ\u00eancia 1\u00aa e 2\u00aa Partes."}, {"id": "1059", "ano": "1996", "numero": "643", "tipo__sigla": "LEI", "tipo__descricao": "Lei Ordin\u00e1ria", "texto_integral": "http://sapl.sarandi.pr.leg.br/media/sapl/public/normajuridica/1996/1059/lei_no_643-1996_sapl.pdf", "ementa": "D\u00e1 denomina\u00e7\u00e3o \u00e0 Rua 14 do Jardim Nova Independ\u00eancia 1\u00aa e 2\u00aa partes."}, {"id": "1058", "ano": "1996", "numero": "642", "tipo__sigla": "LEI", "tipo__descricao": "Lei Ordin\u00e1ria", "texto_integral": "http://sapl.sarandi.pr.leg.br/media/sapl/public/normajuridica/1996/1058/lei_no_642-1996_sapl.pdf", "ementa": "D\u00e1 denomina\u00e7\u00e3o \u00e0 Rua 13 do Jardim Nova Independ\u00eancia 1\u00aa e 2\u00aa partes."}, {"id": "1057", "ano": "1996", "numero": "641", "tipo__sigla": "LEI", "tipo__descricao": "Lei Ordin\u00e1ria", "texto_integral": "http://sapl.sarandi.pr.leg.br/media/./sapl/public/normajuridica/1996/1057/1057_texto_integral.pdf", "ementa": "Institui o Plano de Cargos e Carreira e Vencimentos dos Servidores P\u00fablicos Municipais de Sarandi, Estado do Paran\u00e1 e d\u00e1 outras provid\u00eancias."}, {"id": "1056", "ano": "1996", "numero": "640", "tipo__sigla": "LEI", "tipo__descricao": "Lei Ordin\u00e1ria", "texto_integral": "http://sapl.sarandi.pr.leg.br/media/sapl/public/normajuridica/1996/1056/lei_no_640-1996_sapl.pdf", "ementa": "D\u00e1 denomina\u00e7\u00e3o \u00e0 Rua 12 do Jardim Nova Independ\u00eancia 1\u00aa e 2\u00aa Partes."}, {"id": "1125", "ano": "1996", "numero": "16", "tipo__sigla": "POR", "tipo__descricao": "Portaria", "texto_integral": "http://sapl.sarandi.pr.leg.br/media/./sapl/public/normajuridica/1996/1125/1125_texto_integral.pdf", "ementa": "ADEQUAR SERVIDOR A GRADE DE PROGRESS\u00c3O FUNCIONAL"}, {"id": "1124", "ano": "1996", "numero": "15", "tipo__sigla": "POR", "tipo__descricao": "Portaria", "texto_integral": "http://sapl.sarandi.pr.leg.br/media/./sapl/public/normajuridica/1996/1124/1124_texto_integral.pdf", "ementa": "NOMEAR DIRETOR ADMINISTRATIVO"}, {"id": "1109", "ano": "1996", "numero": "5", "tipo__sigla": "RES", "tipo__descricao": "Resolu\u00e7\u00e3o", "texto_integral": "http://sapl.sarandi.pr.leg.br/media/./sapl/public/normajuridica/1996/1109/1109_texto_integral.pdf", "ementa": "Fixa a remunera\u00e7\u00e3o dos Vereadores da C\u00e2mara Municipal de Sarandi para a legislatura 1997 a 2000, na forma estabelecida pelos Incisos V, VI e VII do art. 29 da CF/88."}, {"id": "1102", "ano": "1996", "numero": "2", "tipo__sigla": "DL", "tipo__descricao": "Decreto Legislativo", "texto_integral": "http://sapl.sarandi.pr.leg.br/media/./sapl/public/normajuridica/1996/1102/1102_texto_integral.pdf", "ementa": "Disp\u00f5e sobre a remunera\u00e7\u00e3o do Prefeito e do Vice-Prefeito para a legislatura de 1997 a 2000."}, {"id": "1055", "ano": "1996", "numero": "639", "tipo__sigla": "LEI", "tipo__descricao": "Lei Ordin\u00e1ria", "texto_integral": "http://sapl.sarandi.pr.leg.br/media/sapl/public/normajuridica/1996/1055/lei_no_639-1996_sapl.pdf", "ementa": "Reconhece e declara de utilidade p\u00fablica entidade religiosa."}, {"id": "1054", "ano": "1996", "numero": "638", "tipo__sigla": "LEI", "tipo__descricao": "Lei Ordin\u00e1ria", "texto_integral": "http://sapl.sarandi.pr.leg.br/media/sapl/public/normajuridica/1996/1054/lei_no_638-1996_sapl.pdf", "ementa": "Reconhece e declara de utilidade p\u00fablica a Ordem dos Pastores e L\u00edderes Evang\u00e9licos em Sarandi - ORPLES."}, {"id": "1053", "ano": "1996", "numero": "637", "tipo__sigla": "LEI", "tipo__descricao": "Lei Ordin\u00e1ria", "texto_integral": "http://sapl.sarandi.pr.leg.br/media/sapl/public/normajuridica/1996/1053/lei_no_637-1996_sapl.pdf", "ementa": "Autoriza o Poder Executivo Municipal a parcelar o pagamento de terrenos, carneiros e taxas do Cemit\u00e9rio Municipal e d\u00e1 outras provid\u00eancias."}, {"id": "1052", "ano": "1996", "numero": "636", "tipo__sigla": "LEI", "tipo__descricao": "Lei Ordin\u00e1ria", "texto_integral": "http://sapl.sarandi.pr.leg.br/media/./sapl/public/normajuridica/1996/1052/1052_texto_integral.pdf", "ementa": "Disp\u00f5e sobre as diretrizes or\u00e7ament\u00e1rias para o exerc\u00edcio financeiro de 1997 e d\u00e1 outras provid\u00eancias."}, {"id": "1051", "ano": "1996", "numero": "635", "tipo__sigla": "LEI", "tipo__descricao": "Lei Ordin\u00e1ria", "texto_integral": "http://sapl.sarandi.pr.leg.br/media/sapl/public/normajuridica/1996/1051/lei_no_635-1996_sapl.pdf", "ementa": "Pro\u00edbe a comercializa\u00e7\u00e3o de armas de brinquedo que n\u00e3o possuam cores e formatos distintos das verdadeiras."}, {"id": "1104", "ano": "1996", "numero": "41", "tipo__sigla": "LC", "tipo__descricao": "Lei Complementar", "texto_integral": "http://sapl.sarandi.pr.leg.br/media/./sapl/public/normajuridica/1996/1104/1104_texto_integral.pdf", "ementa": "Altera par\u00e1grafo do Estatuto dos Servidores P\u00fablicos Municipais."}, {"id": "1123", "ano": "1996", "numero": "14", "tipo__sigla": "POR", "tipo__descricao": "Portaria", "texto_integral": "http://sapl.sarandi.pr.leg.br/media/./sapl/public/normajuridica/1996/1123/1123_texto_integral.pdf", "ementa": "NOMEIA ASSESSOR JUR\u00cdDICO"}, {"id": "1050", "ano": "1996", "numero": "634", "tipo__sigla": "LEI", "tipo__descricao": "Lei Ordin\u00e1ria", "texto_integral": "http://sapl.sarandi.pr.leg.br/media/sapl/public/normajuridica/1996/1050/lei_no_634-1996_sapl.pdf", "ementa": "Autoriza a transforma\u00e7\u00e3o de via simples para m\u00e3o-\u00fanica da Rua Machado de Assis."}, {"id": "1101", "ano": "1996", "numero": "1", "tipo__sigla": "DL", "tipo__descricao": "Decreto Legislativo", "texto_integral": "http://sapl.sarandi.pr.leg.br/media/./sapl/public/normajuridica/1996/1101/1101_texto_integral.pdf", "ementa": "Aceita \"Veto\" aposto ao Projeto de Lei n\u00b0 681/96, Que Prorroga prazo para recolhimento das Taxas previstas no art. 66 da Lei 77/83 \u2014 C\u00f3digo Tribut\u00e1rio \u2014 alterado pela Lei 70/85, de 25.03.85, e d\u00e1 outras provid\u00eancias."}, {"id": "1049", "ano": "1996", "numero": "633", "tipo__sigla": "LEI", "tipo__descricao": "Lei Ordin\u00e1ria", "texto_integral": "http://sapl.sarandi.pr.leg.br/media/sapl/public/normajuridica/1996/1049/lei_no_633-1996_sapl.pdf", "ementa": "Disp\u00f5e sobre a denomina\u00e7\u00e3o de Escola Municipal, na forma que especifica."}, {"id": "1108", "ano": "1996", "numero": "4", "tipo__sigla": "RES", "tipo__descricao": "Resolu\u00e7\u00e3o", "texto_integral": "http://sapl.sarandi.pr.leg.br/media/./sapl/public/normajuridica/1996/1108/1108_texto_integral.pdf", "ementa": "Disp\u00f5e sobre a proposta parcial do Or\u00e7amento da C\u00e2mara Municipal para ser inclu\u00edda na proposta geral do Or\u00e7amento do Munic\u00edpio para o Exerc\u00edcio Financeiro de 1997."}, {"id": "1048", "ano": "1996", "numero": "632", "tipo__sigla": "LEI", "tipo__descricao": "Lei Ordin\u00e1ria", "texto_integral": "http://sapl.sarandi.pr.leg.br/media/./sapl/public/normajuridica/1996/1048/1048_texto_integral.pdf", "ementa": "Reconhece e declara de utilidade p\u00fablica Associa\u00e7\u00e3o de Professores e Alunos do Centro de Estudos Supletivos-CES."}, {"id": "1047", "ano": "1996", "numero": "631", "tipo__sigla": "LEI", "tipo__descricao": "Lei Ordin\u00e1ria", "texto_integral": "http://sapl.sarandi.pr.leg.br/media/./sapl/public/normajuridica/1996/1047/1047_texto_integral.pdf", "ementa": "Autoriza desconto na tarifa de \u00e1gua ao usu\u00e1rio que cultivar hortali\u00e7as em seu quintal e d\u00e1 outras provid\u00eancias."}, {"id": "1046", "ano": "1996", "numero": "630", "tipo__sigla": "LEI", "tipo__descricao": "Lei Ordin\u00e1ria", "texto_integral": "http://sapl.sarandi.pr.leg.br/media/./sapl/public/normajuridica/1996/1046/1046_texto_integral.pdf", "ementa": "Autoriza concess\u00e3o de direito real de uso de bem im\u00f3vel \u00e0 Mitra Arquidiocesana de Maring\u00e1, na forma que especifica."}, {"id": "1045", "ano": "1996", "numero": "629", "tipo__sigla": "LEI", "tipo__descricao": "Lei Ordin\u00e1ria", "texto_integral": "http://sapl.sarandi.pr.leg.br/media/./sapl/public/normajuridica/1996/1045/1045_texto_integral.pdf", "ementa": "Autoriza concess\u00e3o de direito real de uso de bem im\u00f3vel \u00e0 Mitra Arquidiocesana de Maring\u00e1, na forma que especifica."}, {"id": "1122", "ano": "1996", "numero": "13", "tipo__sigla": "POR", "tipo__descricao": "Portaria", "texto_integral": "http://sapl.sarandi.pr.leg.br/media/./sapl/public/normajuridica/1996/1122/1122_texto_integral.pdf", "ementa": "CONCEDER LICEN\u00c7A PARA SERVIDOR"}, {"id": "1121", "ano": "1996", "numero": "12", "tipo__sigla": "POR", "tipo__descricao": "Portaria", "texto_integral": "http://sapl.sarandi.pr.leg.br/media/./sapl/public/normajuridica/1996/1121/1121_texto_integral.pdf", "ementa": "ADEQUAR SERVIDOR A GRADE DE PROGRESS\u00c3O FUNCIONAL"}, {"id": "1120", "ano": "1996", "numero": "11", "tipo__sigla": "POR", "tipo__descricao": "Portaria", "texto_integral": "http://sapl.sarandi.pr.leg.br/media/./sapl/public/normajuridica/1996/1120/1120_texto_integral.pdf", "ementa": "CONCEDE F\u00c9RIAS COLETIVAS A SERVIDORES"}, {"id": "1044", "ano": "1996", "numero": "628", "tipo__sigla": "LEI", "tipo__descricao": "Lei Ordin\u00e1ria", "texto_integral": "http://sapl.sarandi.pr.leg.br/media/./sapl/public/normajuridica/1996/1044/1044_texto_integral.pdf", "ementa": "Autoriza o Chefe do Executivo Municipal a contratar opera\u00e7\u00e3o de cr\u00e9dito com o Banco do Estado do Paran\u00e1 S.A., atrav\u00e9s do FDU - Fundo Estadual de Desenvolvimento Urbano."}, {"id": "1103", "ano": "1996", "numero": "40", "tipo__sigla": "LC", "tipo__descricao": "Lei Complementar", "texto_integral": "http://sapl.sarandi.pr.leg.br/media/./sapl/public/normajuridica/1996/1103/1103_texto_integral.pdf", "ementa": "Disp\u00f5e sobre inclus\u00e3o de rua no Eixo de Com\u00e9rcio e d\u00e1 outras provid\u00eancias."}, {"id": "1119", "ano": "1996", "numero": "10", "tipo__sigla": "POR", "tipo__descricao": "Portaria", "texto_integral": "http://sapl.sarandi.pr.leg.br/media/./sapl/public/normajuridica/1996/1119/1119_texto_integral.pdf", "ementa": "EXONERA ASSESSOR JUR\u00cdDICO"}, {"id": "1118", "ano": "1996", "numero": "9", "tipo__sigla": "POR", "tipo__descricao": "Portaria", "texto_integral": "http://sapl.sarandi.pr.leg.br/media/./sapl/public/normajuridica/1996/1118/1118_texto_integral.pdf", "ementa": "REFERENTE A REAJUSTE DE N\u00cdVEIS DAS TABELAS DE GARGOS E PROVIMENTOS"}, {"id": "1107", "ano": "1996", "numero": "3", "tipo__sigla": "RES", "tipo__descricao": "Resolu\u00e7\u00e3o", "texto_integral": "http://sapl.sarandi.pr.leg.br/media/./sapl/public/normajuridica/1996/1107/1107_texto_integral.pdf", "ementa": "Extingue cargo do Quadro de Pessoal Permanente da C\u00e2mara Municipal."}, {"id": "1117", "ano": "1996", "numero": "8", "tipo__sigla": "POR", "tipo__descricao": "Portaria", "texto_integral": "http://sapl.sarandi.pr.leg.br/media/./sapl/public/normajuridica/1996/1117/1117_texto_integral.pdf", "ementa": "REFERENTE A MUDAN\u00c7A DE N\u00cdVEL DE SERVIDOR"}, {"id": "1116", "ano": "1996", "numero": "7", "tipo__sigla": "POR", "tipo__descricao": "Portaria", "texto_integral": "http://sapl.sarandi.pr.leg.br/media/./sapl/public/normajuridica/1996/1116/1116_texto_integral.pdf", "ementa": "REFERENTE A MUDAN\u00c7A DE N\u00cdVEL DE SERVIDOR"}, {"id": "1043", "ano": "1996", "numero": "627", "tipo__sigla": "LEI", "tipo__descricao": "Lei Ordin\u00e1ria", "texto_integral": "http://sapl.sarandi.pr.leg.br/media/sapl/public/normajuridica/1996/1043/lei_no_627-1995_sapl.pdf", "ementa": "Autoriza regulariza\u00e7\u00e3o de loteamentos que est\u00e3o fora dos padr\u00f5es exigidos pelo Plano Diretor."}, {"id": "1042", "ano": "1996", "numero": "626", "tipo__sigla": "LEI", "tipo__descricao": "Lei Ordin\u00e1ria", "texto_integral": "http://sapl.sarandi.pr.leg.br/media/sapl/public/normajuridica/1996/1042/lei_no_626-1996_sapl.pdf", "ementa": "D\u00e1 denomina\u00e7\u00e3o \u00e0 Rua 11 do Jardim Nova Independ\u00eancia 1\u00aa e 2\u00aa Partes."}, {"id": "1115", "ano": "1996", "numero": "6", "tipo__sigla": "POR", "tipo__descricao": "Portaria", "texto_integral": "http://sapl.sarandi.pr.leg.br/media/./sapl/public/normajuridica/1996/1115/1115_texto_integral.pdf", "ementa": "NOMEIA CHEFE DA DIVIS\u00c3O DE ARQUIVO E ANAIS"}, {"id": "1106", "ano": "1996", "numero": "2", "tipo__sigla": "RES", "tipo__descricao": "Resolu\u00e7\u00e3o", "texto_integral": "http://sapl.sarandi.pr.leg.br/media/./sapl/public/normajuridica/1996/1106/1106_texto_integral.pdf", "ementa": "Revoga inciso do art. 176, do Regimento Interno - Resolu\u00e7\u00e3o n\u00ba 002/92, de 04 de dezembro de 1992."}, {"id": "1105", "ano": "1996", "numero": "1", "tipo__sigla": "RES", "tipo__descricao": "Resolu\u00e7\u00e3o", "texto_integral": "http://sapl.sarandi.pr.leg.br/media/./sapl/public/normajuridica/1996/1105/1105_texto_integral.pdf", "ementa": "Altera os artigos 7\u00ba e 177, do Regimento Interno - Resolu\u00e7\u00e3o n\u00ba 002/92, de 04 de dezembro de 1992."}, {"id": "1100", "ano": "1996", "numero": "625", "tipo__sigla": "LEI", "tipo__descricao": "Lei Ordin\u00e1ria", "texto_integral": "http://sapl.sarandi.pr.leg.br/media/./sapl/public/normajuridica/1996/1100/1100_texto_integral.pdf", "ementa": "Prorroga prazo para recolhimento das taxas previstas no art. 66 da Lei n\u00ba 77/83 - C\u00f3digo Tribut\u00e1rio, alterado pela Lei n\u00ba 70, de 25/3/1985, e d\u00e1 outras provid\u00eancias."}, {"id": "1114", "ano": "1996", "numero": "5", "tipo__sigla": "POR", "tipo__descricao": "Portaria", "texto_integral": "http://sapl.sarandi.pr.leg.br/media/./sapl/public/normajuridica/1996/1114/1114_texto_integral.pdf", "ementa": "AUMENTO DA GRATIFICA\u00c7\u00c3O CONCEDIDA A SERVIDOR"}, {"id": "1113", "ano": "1996", "numero": "4", "tipo__sigla": "POR", "tipo__descricao": "Portaria", "texto_integral": "http://sapl.sarandi.pr.leg.br/media/./sapl/public/normajuridica/1996/1113/1113_texto_integral.pdf", "ementa": "EXONERA DIRETOR ADMINISTRATIVO"}, {"id": "1112", "ano": "1996", "numero": "3", "tipo__sigla": "POR", "tipo__descricao": "Portaria", "texto_integral": "http://sapl.sarandi.pr.leg.br/media/./sapl/public/normajuridica/1996/1112/1112_texto_integral.pdf", "ementa": "REFERENTE A MUDAN\u00c7A DE N\u00cdVEL DA GRADE DE PROGRESS\u00c3O FUNCIONAL DO QUADRO PESSOAL"}, {"id": "1111", "ano": "1996", "numero": "2", "tipo__sigla": "POR", "tipo__descricao": "Portaria", "texto_integral": "http://sapl.sarandi.pr.leg.br/media/./sapl/public/normajuridica/1996/1111/1111_texto_integral.pdf", "ementa": "HOMOLOGAR RESULTADO DE ELEI\u00c7\u00c3O DAS COMISS\u00d5ES PERMANENTES"}, {"id": "1110", "ano": "1996", "numero": "1", "tipo__sigla": "POR", "tipo__descricao": "Portaria", "texto_integral": "http://sapl.sarandi.pr.leg.br/media/./sapl/public/normajuridica/1996/1110/1110_texto_integral.pdf", "ementa": "CONCEDE F\u00c9RIAS COLETIVAS"}, {"id": "1039", "ano": "1995", "numero": "2", "tipo__sigla": "RES", "tipo__descricao": "Resolu\u00e7\u00e3o", "texto_integral": "http://sapl.sarandi.pr.leg.br/media/./sapl/public/normajuridica/1995/1039/1039_texto_integral.pdf", "ementa": "Eleva o n\u00famero de Cadeiras do Legislativo."}, {"id": "1008", "ano": "1995", "numero": "624", "tipo__sigla": "LEI", "tipo__descricao": "Lei Ordin\u00e1ria", "texto_integral": "http://sapl.sarandi.pr.leg.br/media/./sapl/public/normajuridica/1995/1008/1008_texto_integral.pdf", "ementa": "Cria o Conselho Municipal de Assist\u00eancia Social, o Fundo Municipal de Assist\u00eancia Social e d\u00e1 outras provid\u00eancias."}, {"id": "1007", "ano": "1995", "numero": "623", "tipo__sigla": "LEI", "tipo__descricao": "Lei Ordin\u00e1ria", "texto_integral": "http://sapl.sarandi.pr.leg.br/media/sapl/public/normajuridica/1995/1007/lei_no_623-1995_sapl.pdf", "ementa": "Estima a receita e fixa a despesa do munic\u00edpio para o exerc\u00edcio financeiro de 1996."}, {"id": "1006", "ano": "1995", "numero": "622", "tipo__sigla": "LEI", "tipo__descricao": "Lei Ordin\u00e1ria", "texto_integral": "http://sapl.sarandi.pr.leg.br/media/sapl/public/normajuridica/1995/1006/lei_no_622-1995_sapl.pdf", "ementa": "Estima a receita e fixa a despesa do Fundo Municipal de Sa\u00fade para o exerc\u00edcio financeiro de 1996."}, {"id": "1005", "ano": "1995", "numero": "621", "tipo__sigla": "LEI", "tipo__descricao": "Lei Ordin\u00e1ria", "texto_integral": "http://sapl.sarandi.pr.leg.br/media/sapl/public/normajuridica/1995/1005/lei_no_621-1995_sapl.pdf", "ementa": "Estima a receita e fixa a despesa do Fundo Municipal para a Inf\u00e2ncia e a Juventude, para o exerc\u00edcio financeiro de 1996."}, {"id": "1004", "ano": "1995", "numero": "620", "tipo__sigla": "LEI", "tipo__descricao": "Lei Ordin\u00e1ria", "texto_integral": "http://sapl.sarandi.pr.leg.br/media/sapl/public/normajuridica/1995/1004/lei_no_620-1995_sapl.pdf", "ementa": "Estima a receita e fixa a despesa do Fundo de Previd\u00eancia dos Servidores Municipais de Sarandi - PRESERV, para o exerc\u00edcio financeiro de 1996."}, {"id": "1003", "ano": "1995", "numero": "619", "tipo__sigla": "LEI", "tipo__descricao": "Lei Ordin\u00e1ria", "texto_integral": "http://sapl.sarandi.pr.leg.br/media/sapl/public/normajuridica/1995/1003/lei_no_619-1995_sapl.pdf", "ementa": "Estima a receita e fixa a despesa do Fundo de Previd\u00eancia dos Servidores Municipais de Sarandi - PRESERV, para o exerc\u00edcio financeiro de 1995."}, {"id": "1002", "ano": "1995", "numero": "618", "tipo__sigla": "LEI", "tipo__descricao": "Lei Ordin\u00e1ria", "texto_integral": "http://sapl.sarandi.pr.leg.br/media/sapl/public/normajuridica/1995/1002/lei_no_618-1995_sapl.pdf", "ementa": "Autoriza o Poder Executivo Municipal a abrir cr\u00e9dito adicional suplementar."}, {"id": "1001", "ano": "1995", "numero": "617", "tipo__sigla": "LEI", "tipo__descricao": "Lei Ordin\u00e1ria", "texto_integral": "http://sapl.sarandi.pr.leg.br/media/sapl/public/normajuridica/1995/1001/lei_no_617-1995_sapl.pdf", "ementa": "Autoriza o Poder Executivo Municipal a permutar im\u00f3vel urbano, na forma que especifica."}, {"id": "1027", "ano": "1995", "numero": "39", "tipo__sigla": "LC", "tipo__descricao": "Lei Complementar", "texto_integral": "http://sapl.sarandi.pr.leg.br/media/./sapl/public/normajuridica/1995/1027/1027_texto_integral.pdf", "ementa": "Altera a reda\u00e7\u00e3o do Anexo II e IV da Lei Complementar n\u00ba 16/93, j\u00e1 alterados pelas Leis Complementares n\u00ba 19/94 e 27/94, e cria o Anexo V."}, {"id": "1010", "ano": "1995", "numero": "2", "tipo__sigla": "DL", "tipo__descricao": "Decreto Legislativo", "texto_integral": "http://sapl.sarandi.pr.leg.br/media/./sapl/public/normajuridica/1995/1010/1010_texto_integral.pdf", "ementa": "Aceita \"Veto\" aposto ao Projeto de Lei n\u00b0 665/95, que disp\u00f5e sobre proibi\u00e7\u00e3o de parcelamento do solo urbano para fins de loteamento."}, {"id": "1020", "ano": "1995", "numero": "38", "tipo__sigla": "LC", "tipo__descricao": "Lei Complementar", "texto_integral": "http://sapl.sarandi.pr.leg.br/media/./sapl/public/normajuridica/1995/1020/1020_texto_integral.pdf", "ementa": "Altera destina\u00e7\u00e3o de im\u00f3veis de Zona Industrial para Zona de Com\u00e9rcio e Servi\u00e7os e Residencial, na forma que especifica."}, {"id": "1000", "ano": "1995", "numero": "616", "tipo__sigla": "LEI", "tipo__descricao": "Lei Ordin\u00e1ria", "texto_integral": "http://sapl.sarandi.pr.leg.br/media/sapl/public/normajuridica/1995/1000/lei_no_616-1995_sapl.pdf", "ementa": "Autoriza o Poder Executivo Municipal a conceder desconto no recolhimento dos tributos municipais, na forma que especifica."}, {"id": "999", "ano": "1995", "numero": "615", "tipo__sigla": "LEI", "tipo__descricao": "Lei Ordin\u00e1ria", "texto_integral": "http://sapl.sarandi.pr.leg.br/media/sapl/public/normajuridica/1995/999/lei_no_615-1995_sapl.pdf", "ementa": "Autoriza escritura\u00e7\u00e3o de lotes industriais, na forma que especifica."}, {"id": "1019", "ano": "1995", "numero": "37", "tipo__sigla": "LC", "tipo__descricao": "Lei Complementar", "texto_integral": "http://sapl.sarandi.pr.leg.br/media/./sapl/public/normajuridica/1995/1019/1019_texto_integral.pdf", "ementa": "Inclui lotes de terras no Per\u00edmetro Urbano Municipal, na forma que especifica."}, {"id": "1026", "ano": "1995", "numero": "36", "tipo__sigla": "LC", "tipo__descricao": "Lei Complementar", "texto_integral": "http://sapl.sarandi.pr.leg.br/media/./sapl/public/normajuridica/1995/1026/1026_texto_integral.pdf", "ementa": "Inclui lotes de terras no Per\u00edmetro Urbano Municipal, na forma que especifica."}, {"id": "1009", "ano": "1995", "numero": "1", "tipo__sigla": "DL", "tipo__descricao": "Decreto Legislativo", "texto_integral": "http://sapl.sarandi.pr.leg.br/media/./sapl/public/normajuridica/1995/1009/1009_texto_integral.pdf", "ementa": "Aprova as Contas dos Poderes Executivo e legislativo, relativas ao Exerc\u00edcio Financeiro de 1.993, conforme Parecer do Tribunal de Contas do Estado do\r\nParan\u00e1."}, {"id": "998", "ano": "1995", "numero": "614", "tipo__sigla": "LEI", "tipo__descricao": "Lei Ordin\u00e1ria", "texto_integral": "http://sapl.sarandi.pr.leg.br/media/sapl/public/normajuridica/1995/998/lei_no_614-1995_sapl.pdf", "ementa": "Disp\u00f5e sobre proibi\u00e7\u00e3o de parcelamento do solo urbano para fins de loteamento at\u00e9 o ano de 2010 e d\u00e1 outras provid\u00eancias."}, {"id": "997", "ano": "1995", "numero": "613", "tipo__sigla": "LEI", "tipo__descricao": "Lei Ordin\u00e1ria", "texto_integral": "http://sapl.sarandi.pr.leg.br/media/sapl/public/normajuridica/1995/997/lei_no_613-1995_sapl.pdf", "ementa": "Disp\u00f5e sobre estacionamento de ve\u00edculos na Avenida Londrina e d\u00e1 outras provid\u00eancias."}, {"id": "996", "ano": "1995", "numero": "612", "tipo__sigla": "LEI", "tipo__descricao": "Lei Ordin\u00e1ria", "texto_integral": "http://sapl.sarandi.pr.leg.br/media/sapl/public/normajuridica/1995/996/lei_no_612-1995_sapl.pdf", "ementa": "Autoriza o Poder Executivo Municipal a permutar im\u00f3veis, na forma que especifica."}, {"id": "995", "ano": "1995", "numero": "611", "tipo__sigla": "LEI", "tipo__descricao": "Lei Ordin\u00e1ria", "texto_integral": "http://sapl.sarandi.pr.leg.br/media/./sapl/public/normajuridica/1995/995/995_texto_integral.pdf", "ementa": "Autoriza o Poder Executivo Municipal a abrir cr\u00e9dito adicional suplementar."}, {"id": "1038", "ano": "1995", "numero": "1", "tipo__sigla": "RES", "tipo__descricao": "Resolu\u00e7\u00e3o", "texto_integral": "http://sapl.sarandi.pr.leg.br/media/./sapl/public/normajuridica/1995/1038/1038_texto_integral.pdf", "ementa": "Dispor sobre a proposta parcial do Or\u00e7amento da C\u00e2mara para ser inclu\u00edda na proposta geral do Or\u00e7amento do Munic\u00edpio para o Exerc\u00edcio Financeiro de 1996."}, {"id": "1025", "ano": "1995", "numero": "35", "tipo__sigla": "LC", "tipo__descricao": "Lei Complementar", "texto_integral": "http://sapl.sarandi.pr.leg.br/media/./sapl/public/normajuridica/1995/1025/1025_texto_integral.pdf", "ementa": "Disp\u00f5e sobre inclus\u00e3o de trecho de rua no Eixo de Com\u00e9rcio e d\u00e1 outras provid\u00eancias."}, {"id": "1016", "ano": "1995", "numero": "34", "tipo__sigla": "LC", "tipo__descricao": "Lei Complementar", "texto_integral": "http://sapl.sarandi.pr.leg.br/media/./sapl/public/normajuridica/1995/1016/1016_texto_integral.pdf", "ementa": "Disp\u00f5e sobre inclus\u00e3o de avenida no Eixo de Com\u00e9rcio e d\u00e1 outras provid\u00eancias."}, {"id": "994", "ano": "1995", "numero": "610", "tipo__sigla": "LEI", "tipo__descricao": "Lei Ordin\u00e1ria", "texto_integral": "http://sapl.sarandi.pr.leg.br/media/sapl/public/normajuridica/1995/994/lei_no_610-1995_sapl.pdf", "ementa": "Autoriza o Poder Executivo Municipal a abrir cr\u00e9dito adicional suplementar."}, {"id": "993", "ano": "1995", "numero": "609", "tipo__sigla": "LEI", "tipo__descricao": "Lei Ordin\u00e1ria", "texto_integral": "http://sapl.sarandi.pr.leg.br/media/sapl/public/normajuridica/1995/993/lei_no_609-1995_sapl.pdf", "ementa": "Autoriza o Chefe do Executivo Municipal a contratar opera\u00e7\u00e3o de cr\u00e9dito com o Banco do Estado do Paran\u00e1 S.A., atrav\u00e9s do FDU - Fundo Estadual de Desenvolvimento Urbano."}, {"id": "1015", "ano": "1995", "numero": "33", "tipo__sigla": "LC", "tipo__descricao": "Lei Complementar", "texto_integral": "http://sapl.sarandi.pr.leg.br/media/./sapl/public/normajuridica/1995/1015/1015_texto_integral.pdf", "ementa": "Disp\u00f5e sobre inclus\u00e3o de rua no Eixo de Com\u00e9rcio e d\u00e1 outras provid\u00eancias."}, {"id": "1014", "ano": "1995", "numero": "32", "tipo__sigla": "LC", "tipo__descricao": "Lei Complementar", "texto_integral": "http://sapl.sarandi.pr.leg.br/media/./sapl/public/normajuridica/1995/1014/1014_texto_integral.pdf", "ementa": "Disp\u00f5e sobre inclus\u00e3o de avenida no Eixo de Com\u00e9rcio e d\u00e1 outras provid\u00eancias."}, {"id": "1037", "ano": "1995", "numero": "13", "tipo__sigla": "POR", "tipo__descricao": "Portaria", "texto_integral": "http://sapl.sarandi.pr.leg.br/media/./sapl/public/normajuridica/1995/1037/1037_texto_integral.pdf", "ementa": "CONCEDE F\u00c9RIAS COLETIVAS"}, {"id": "992", "ano": "1995", "numero": "608", "tipo__sigla": "LEI", "tipo__descricao": "Lei Ordin\u00e1ria", "texto_integral": "http://sapl.sarandi.pr.leg.br/media/./sapl/public/normajuridica/1995/992/992_texto_integral.pdf", "ementa": "Disp\u00f5e sobre as diretrizes or\u00e7ament\u00e1rias para o exerc\u00edcio financeiro de 1996 e d\u00e1 outras provid\u00eancias."}, {"id": "991", "ano": "1995", "numero": "607", "tipo__sigla": "LEI", "tipo__descricao": "Lei Ordin\u00e1ria", "texto_integral": "http://sapl.sarandi.pr.leg.br/media/sapl/public/normajuridica/1995/991/lei_no_607-1995_sapl.pdf", "ementa": "Disp\u00f5e sobre reconhecimento e declara\u00e7\u00e3o de utilidade p\u00fablica do Conselho de Assist\u00eancia \u00e0 mulher Sarandiense."}, {"id": "990", "ano": "1995", "numero": "606", "tipo__sigla": "LEI", "tipo__descricao": "Lei Ordin\u00e1ria", "texto_integral": "http://sapl.sarandi.pr.leg.br/media/./sapl/public/normajuridica/1995/990/990_texto_integral.pdf", "ementa": "Institui a Feira do Produtor de Sarandi e d\u00e1 outras providencias."}, {"id": "989", "ano": "1995", "numero": "605", "tipo__sigla": "LEI", "tipo__descricao": "Lei Ordin\u00e1ria", "texto_integral": "http://sapl.sarandi.pr.leg.br/media/sapl/public/normajuridica/1995/989/lei_no_605-1995_sapl.pdf", "ementa": "Disp\u00f5e sobre a denomina\u00e7\u00e3o de Escola Municipal, na forma que especifica."}, {"id": "1013", "ano": "1995", "numero": "31", "tipo__sigla": "LC", "tipo__descricao": "Lei Complementar", "texto_integral": "http://sapl.sarandi.pr.leg.br/media/./sapl/public/normajuridica/1995/1013/1013_texto_integral.pdf", "ementa": "Disp\u00f5e sobre inclus\u00e3o de avenida no Eixo de Com\u00e9rcio e d\u00e1 outras provid\u00eancias."}, {"id": "383", "ano": "1995", "numero": "604", "tipo__sigla": "LEI", "tipo__descricao": "Lei Ordin\u00e1ria", "texto_integral": "http://sapl.sarandi.pr.leg.br/media/./sapl/public/normajuridica/1995/383/383_texto_integral.pdf", "ementa": "Disp\u00f5e sobre cria\u00e7\u00e3o de ponto de t\u00e1xi e d\u00e1 outras provid\u00eancias."}, {"id": "988", "ano": "1995", "numero": "603", "tipo__sigla": "LEI", "tipo__descricao": "Lei Ordin\u00e1ria", "texto_integral": "http://sapl.sarandi.pr.leg.br/media/sapl/public/normajuridica/1995/988/lei_no_603-1995_sapl.pdf", "ementa": "Disp\u00f5e sobre utilidade p\u00fablica de Associa\u00e7\u00e3o de Bairro."}, {"id": "987", "ano": "1995", "numero": "602", "tipo__sigla": "LEI", "tipo__descricao": "Lei Ordin\u00e1ria", "texto_integral": "http://sapl.sarandi.pr.leg.br/media/sapl/public/normajuridica/1995/987/lei_no_602-1995_sapl.pdf", "ementa": "Autoriza o Poder Executivo Municipal a doar im\u00f3vel urbano \u00e0 associa\u00e7\u00e3o Corpora\u00e7\u00e3o da Uni\u00e3o Sul Brasileira da Igreja Adventista do S\u00e9timo Dia, na forma que especifica."}, {"id": "1036", "ano": "1995", "numero": "12", "tipo__sigla": "POR", "tipo__descricao": "Portaria", "texto_integral": "http://sapl.sarandi.pr.leg.br/media/./sapl/public/normajuridica/1995/1036/1036_texto_integral.pdf", "ementa": "REAJUSTAR N\u00cdVEIS DAS TABELAS DE CARGOS DE PROVIMENTO"}, {"id": "986", "ano": "1995", "numero": "601", "tipo__sigla": "LEI", "tipo__descricao": "Lei Ordin\u00e1ria", "texto_integral": "http://sapl.sarandi.pr.leg.br/media/sapl/public/normajuridica/1995/986/lei_no_601-1995_sapl.pdf", "ementa": "Autoriza o Chefe do Poder Executivo Municipal a doar \u00e1rea de terras, na forma que especifica."}, {"id": "985", "ano": "1995", "numero": "600", "tipo__sigla": "LEI", "tipo__descricao": "Lei Ordin\u00e1ria", "texto_integral": "http://sapl.sarandi.pr.leg.br/media/sapl/public/normajuridica/1995/985/lei_no_600-1995_sapl.pdf", "ementa": "Disp\u00f5e sobre feriado religioso e d\u00e1 outras provid\u00eancias."}, {"id": "984", "ano": "1995", "numero": "599", "tipo__sigla": "LEI", "tipo__descricao": "Lei Ordin\u00e1ria", "texto_integral": "http://sapl.sarandi.pr.leg.br/media/sapl/public/normajuridica/1995/984/lei_no_599-1995_sapl.pdf", "ementa": "Disp\u00f5e sobre cobertura da quadra de esportes do Col\u00e9gio do Jardim Panorama."}, {"id": "1012", "ano": "1995", "numero": "30", "tipo__sigla": "LC", "tipo__descricao": "Lei Complementar", "texto_integral": "http://sapl.sarandi.pr.leg.br/media/./sapl/public/normajuridica/1995/1012/1012_texto_integral.pdf", "ementa": "Disp\u00f5e sobre inclus\u00e3o de avenida no Eixo de Com\u00e9rcio e d\u00e1 outras provid\u00eancias."}, {"id": "1011", "ano": "1995", "numero": "29", "tipo__sigla": "LC", "tipo__descricao": "Lei Complementar", "texto_integral": "http://sapl.sarandi.pr.leg.br/media/./sapl/public/normajuridica/1995/1011/1011_texto_integral.pdf", "ementa": "Inclui rua no Eixo de Com\u00e9rcio e Servi\u00e7os."}, {"id": "1035", "ano": "1995", "numero": "11", "tipo__sigla": "POR", "tipo__descricao": "Portaria", "texto_integral": "http://sapl.sarandi.pr.leg.br/media/./sapl/public/normajuridica/1995/1035/1035_texto_integral.pdf", "ementa": "REFERENTE A ANTECIPA\u00c7\u00c3O DE AUMENTO SALARIAL"}, {"id": "982", "ano": "1995", "numero": "598", "tipo__sigla": "LEI", "tipo__descricao": "Lei Ordin\u00e1ria", "texto_integral": "http://sapl.sarandi.pr.leg.br/media/sapl/public/normajuridica/1995/982/lei_no_598-1995_sapl.pdf", "ementa": "Disp\u00f5e sobre a antecipa\u00e7\u00e3o de aumento salarial na forma que especifica."}, {"id": "981", "ano": "1995", "numero": "597", "tipo__sigla": "LEI", "tipo__descricao": "Lei Ordin\u00e1ria", "texto_integral": "http://sapl.sarandi.pr.leg.br/media/sapl/public/normajuridica/1995/981/lei_no_597-1995_sapl.pdf", "ementa": "Disp\u00f5e sobre declara\u00e7\u00e3o de utilidade p\u00fablica da UNISAM."}, {"id": "983", "ano": "1995", "numero": "596", "tipo__sigla": "LEI", "tipo__descricao": "Lei Ordin\u00e1ria", "texto_integral": "http://sapl.sarandi.pr.leg.br/media/sapl/public/normajuridica/1995/983/lei_no_596-1995_sapl.pdf", "ementa": "Disp\u00f5e sobre prorroga\u00e7\u00e3o de prazo para protocolar requerimento solicitando subdivis\u00e3o de lotes ou datas, previsto no par\u00e1grafo \u00fanico, do art. 1\u00ba, da Lei municipal n\u00ba 548/93."}, {"id": "1031", "ano": "1995", "numero": "7", "tipo__sigla": "POR", "tipo__descricao": "Portaria", "texto_integral": "http://sapl.sarandi.pr.leg.br/media/./sapl/public/normajuridica/1995/1031/1031_texto_integral.pdf", "ementa": "HOMOLOGAR RESULTADO DA ELEI\u00c7\u00c3O DAS COMISS\u00d5ES PERMANENTES"}, {"id": "1034", "ano": "1995", "numero": "10", "tipo__sigla": "POR", "tipo__descricao": "Portaria", "texto_integral": "http://sapl.sarandi.pr.leg.br/media/./sapl/public/normajuridica/1995/1034/1034_texto_integral.pdf", "ementa": "NOMEIA CHEFE DA DIVIS\u00c3O DE FINAN\u00c7AS DA SECRETARIA DE ADMINISTRA\u00c7\u00c3O"}, {"id": "1033", "ano": "1995", "numero": "9", "tipo__sigla": "POR", "tipo__descricao": "Portaria", "texto_integral": "http://sapl.sarandi.pr.leg.br/media/./sapl/public/normajuridica/1995/1033/1033_texto_integral.pdf", "ementa": "NOMEIA DIRETOR DO DEPARTAMENTO LEGISLATIVO"}, {"id": "1032", "ano": "1995", "numero": "8", "tipo__sigla": "POR", "tipo__descricao": "Portaria", "texto_integral": "http://sapl.sarandi.pr.leg.br/media/./sapl/public/normajuridica/1995/1032/1032_texto_integral.pdf", "ementa": "NOMEIA DIRETOR ADMINISTRATIVO"}, {"id": "1030", "ano": "1995", "numero": "6", "tipo__sigla": "POR", "tipo__descricao": "Portaria", "texto_integral": "http://sapl.sarandi.pr.leg.br/media/./sapl/public/normajuridica/1995/1030/1030_texto_integral.pdf", "ementa": "REENQUADRA SERVIDOR EM PLANO DE CARGOS E CARREIRA"}, {"id": "1029", "ano": "1995", "numero": "5", "tipo__sigla": "POR", "tipo__descricao": "Portaria", "texto_integral": "http://sapl.sarandi.pr.leg.br/media/./sapl/public/normajuridica/1995/1029/1029_texto_integral.pdf", "ementa": "NOMEIA ASSESSOR JUR\u00cdDICO"}, {"id": "1028", "ano": "1995", "numero": "4", "tipo__sigla": "POR", "tipo__descricao": "Portaria", "texto_integral": "http://sapl.sarandi.pr.leg.br/media/./sapl/public/normajuridica/1995/1028/1028_texto_integral.pdf", "ementa": "PROVER CARGOS DO QUADRO PESSOAL EFETIVO"}, {"id": "1024", "ano": "1995", "numero": "3", "tipo__sigla": "POR", "tipo__descricao": "Portaria", "texto_integral": "http://sapl.sarandi.pr.leg.br/media/./sapl/public/normajuridica/1995/1024/1024_texto_integral.pdf", "ementa": "REENQUADRA ASSESSOR JUR\u00cdDICO"}, {"id": "1023", "ano": "1995", "numero": "2", "tipo__sigla": "POR", "tipo__descricao": "Portaria", "texto_integral": "http://sapl.sarandi.pr.leg.br/media/./sapl/public/normajuridica/1995/1023/1023_texto_integral.pdf", "ementa": "EXONERA ASSESSOR JUR\u00cdDICO"}, {"id": "1022", "ano": "1995", "numero": "1", "tipo__sigla": "POR", "tipo__descricao": "Portaria", "texto_integral": "http://sapl.sarandi.pr.leg.br/media/./sapl/public/normajuridica/1995/1022/1022_texto_integral.pdf", "ementa": "CONCEDE F\u00c9RIAS COLETIVAS A SERVIDORES"}, {"id": "928", "ano": "1994", "numero": "595", "tipo__sigla": "LEI", "tipo__descricao": "Lei Ordin\u00e1ria", "texto_integral": "http://sapl.sarandi.pr.leg.br/media/sapl/public/normajuridica/1994/928/lei_no_595-1994_sapl.pdf", "ementa": "Disp\u00f5e sobre a redu\u00e7\u00e3o da al\u00edquota do Imposto Municipal sobre Vendas de Combust\u00edveis L\u00edquidos e Gasosos a Varejo - IVV, para o exerc\u00edcio financeiro de 1995, alterando, consequentemente, o Art. 8\u00ba, da Lei Municipal n\u00ba 312, de 22/12/1988."}, {"id": "927", "ano": "1994", "numero": "594", "tipo__sigla": "LEI", "tipo__descricao": "Lei Ordin\u00e1ria", "texto_integral": "http://sapl.sarandi.pr.leg.br/media/sapl/public/normajuridica/1994/927/lei_no_594-1994_sapl.pdf", "ementa": "Autoriza o Poder Executivo Municipal a adquirir im\u00f3vel urbano, na forma que especifica."}, {"id": "926", "ano": "1994", "numero": "593", "tipo__sigla": "LEI", "tipo__descricao": "Lei Ordin\u00e1ria", "texto_integral": "http://sapl.sarandi.pr.leg.br/media/sapl/public/normajuridica/1994/926/lei_no_593-1994_sapl.pdf", "ementa": "Autoriza o Chefe do Poder Executivo Municipal a abrir cr\u00e9dito adicional suplementar."}, {"id": "925", "ano": "1994", "numero": "592", "tipo__sigla": "LEI", "tipo__descricao": "Lei Ordin\u00e1ria", "texto_integral": "http://sapl.sarandi.pr.leg.br/media/sapl/public/normajuridica/1994/925/lei_no_592-1994_sapl.pdf", "ementa": "Autoriza o Chefe do Poder Executivo Municipal a abrir cr\u00e9dito adicional suplementar."}, {"id": "924", "ano": "1994", "numero": "591", "tipo__sigla": "LEI", "tipo__descricao": "Lei Ordin\u00e1ria", "texto_integral": "http://sapl.sarandi.pr.leg.br/media/sapl/public/normajuridica/1994/924/lei_no_591-1994_sapl.pdf", "ementa": "Autoriza o Chefe do Poder Executivo Municipal a isentar taxa de licen\u00e7a relativa ao com\u00e9rcio ambulante e d\u00e1 outras provid\u00eancias."}, {"id": "923", "ano": "1994", "numero": "590", "tipo__sigla": "LEI", "tipo__descricao": "Lei Ordin\u00e1ria", "texto_integral": "http://sapl.sarandi.pr.leg.br/media/sapl/public/normajuridica/1994/923/lei_no_590-1994_sapl.pdf", "ementa": "D\u00e1 denomina\u00e7\u00f5es \u00e0s ruas de n\u00fameros 2 a 27 do Parque Alvamar II, na forma que especifica."}, {"id": "929", "ano": "1994", "numero": "589", "tipo__sigla": "LEI", "tipo__descricao": "Lei Ordin\u00e1ria", "texto_integral": "http://sapl.sarandi.pr.leg.br/media/sapl/public/normajuridica/1994/929/lei_no_589-1994_sapl.pdf", "ementa": "Disp\u00f5e sobre autoriza\u00e7\u00e3o ao Executivo Municipal para firmar conv\u00eanio com estabelecimentos comerciais, na forma que especifica."}, {"id": "922", "ano": "1994", "numero": "588", "tipo__sigla": "LEI", "tipo__descricao": "Lei Ordin\u00e1ria", "texto_integral": "http://sapl.sarandi.pr.leg.br/media/./sapl/public/normajuridica/1994/922/922_texto_integral.pdf", "ementa": "Disp\u00f5e sobre o Fundo de previd\u00eancia dos Servidores Municipais de Sarandi-PRESERV, e d\u00e1 outras provid\u00eancias."}, {"id": "921", "ano": "1994", "numero": "587", "tipo__sigla": "LEI", "tipo__descricao": "Lei Ordin\u00e1ria", "texto_integral": "http://sapl.sarandi.pr.leg.br/media/sapl/public/normajuridica/1994/921/lei_no_587-1994_sapl.pdf", "ementa": "Autoriza o Chefe do Poder Executivo Municipal a permutar im\u00f3vel urbano, na forma que especifica."}, {"id": "920", "ano": "1994", "numero": "586", "tipo__sigla": "LEI", "tipo__descricao": "Lei Ordin\u00e1ria", "texto_integral": "http://sapl.sarandi.pr.leg.br/media/sapl/public/normajuridica/1994/920/lei_no_586-1994_sapl.pdf", "ementa": "Autoriza o Poder Executivo Municipal a doar \u00e0 Companhia Paranaense de Energia-Copel, materiais e m\u00e3o-de-obra utilizados na execu\u00e7\u00e3o de rede de energia el\u00e9trica e ilumina\u00e7\u00e3o p\u00fablica, na forma que especifica."}, {"id": "947", "ano": "1994", "numero": "28", "tipo__sigla": "LC", "tipo__descricao": "Lei Complementar", "texto_integral": "http://sapl.sarandi.pr.leg.br/media/./sapl/public/normajuridica/1994/947/947_texto_integral.pdf", "ementa": "Disp\u00f5e sobre inclus\u00e3o de rua no Eixo de Com\u00e9rcio e d\u00e1 outras provid\u00eancias."}, {"id": "467", "ano": "1994", "numero": "4", "tipo__sigla": "RES", "tipo__descricao": "Resolu\u00e7\u00e3o", "texto_integral": "http://sapl.sarandi.pr.leg.br/media/./sapl/public/normajuridica/1994/467/467_texto_integral.pdf", "ementa": "Institui o Plano de Cargos e Carreira e Vencimentos do Quadro de Servidores P\u00fablicos da C\u00e2mara Municipal de Sarandi, Estado do Paran\u00e1 e d\u00e1 outras\r\nprovid\u00eancias."}, {"id": "957", "ano": "1994", "numero": "11", "tipo__sigla": "POR", "tipo__descricao": "Portaria", "texto_integral": "http://sapl.sarandi.pr.leg.br/media/./sapl/public/normajuridica/1994/957/957_texto_integral.pdf", "ementa": "HOMOLOGAR CONCLUS\u00c3O DA COMISS\u00c3O PROCESSANTE"}, {"id": "919", "ano": "1994", "numero": "585", "tipo__sigla": "LEI", "tipo__descricao": "Lei Ordin\u00e1ria", "texto_integral": "http://sapl.sarandi.pr.leg.br/media/sapl/public/normajuridica/1994/919/lei_no_585-1994_sapl.pdf", "ementa": "Disp\u00f5e sobre o or\u00e7amento para o exerc\u00edcio financeiro de 1995."}, {"id": "956", "ano": "1994", "numero": "10", "tipo__sigla": "POR", "tipo__descricao": "Portaria", "texto_integral": "http://sapl.sarandi.pr.leg.br/media/./sapl/public/normajuridica/1994/956/956_texto_integral.pdf", "ementa": "CONSTITUIR BANCA EXAMINADORA PARA AVALIA\u00c7\u00c3O DE PROVAS"}, {"id": "918", "ano": "1994", "numero": "584", "tipo__sigla": "LEI", "tipo__descricao": "Lei Ordin\u00e1ria", "texto_integral": "http://sapl.sarandi.pr.leg.br/media/sapl/public/normajuridica/1994/918/lei_no_584-1994_sapl.pdf", "ementa": "Disp\u00f5e sobre constru\u00e7\u00e3o de um abrigo no Ponto n\u00b0 01, de Caminh\u00f5es e Utilit\u00e1rios de alugu\u00e9is criado pela Lei Municipal n\u00b0 540/93, e d\u00e1 outras provid\u00eancias."}, {"id": "917", "ano": "1994", "numero": "583", "tipo__sigla": "LEI", "tipo__descricao": "Lei Ordin\u00e1ria", "texto_integral": "http://sapl.sarandi.pr.leg.br/media/sapl/public/normajuridica/1994/917/lei_no_583-1994_sapl.pdf", "ementa": "Autoriza constru\u00e7\u00e3o de Pra\u00e7a no Jardim Panorama e d\u00e1 outras provid\u00eancias."}, {"id": "916", "ano": "1994", "numero": "582", "tipo__sigla": "LEI", "tipo__descricao": "Lei Ordin\u00e1ria", "texto_integral": "http://sapl.sarandi.pr.leg.br/media/sapl/public/normajuridica/1994/916/lei_no_582-1994_sapl.pdf", "ementa": "Disp\u00f5e sobre a denomina\u00e7\u00e3o de vias do munic\u00edpio, na forma que especifica."}, {"id": "948", "ano": "1994", "numero": "7", "tipo__sigla": "DL", "tipo__descricao": "Decreto Legislativo", "texto_integral": "http://sapl.sarandi.pr.leg.br/media/./sapl/public/normajuridica/1994/948/948_texto_integral.pdf", "ementa": "Aceita \"Veto\" aposto ao Projeto de Lei Complementar n\u00b0 022/94, que disp\u00f5e sobre inclus\u00e3o de Rua no Eixo de Com\u00e9rcio e Servi\u00e7os-ECS 1."}, {"id": "934", "ano": "1994", "numero": "6", "tipo__sigla": "DL", "tipo__descricao": "Decreto Legislativo", "texto_integral": "http://sapl.sarandi.pr.leg.br/media/./sapl/public/normajuridica/1994/934/934_texto_integral.pdf", "ementa": "Aceita \"Veto\" aposto ao Projeto de Lei Complementar n\u00b0 021/94, que disp\u00f5e sobre inclus\u00e3o de Rua no Eixo de Com\u00e9rcio e Servi\u00e7os-ECS 1."}, {"id": "933", "ano": "1994", "numero": "5", "tipo__sigla": "DL", "tipo__descricao": "Decreto Legislativo", "texto_integral": "http://sapl.sarandi.pr.leg.br/media/./sapl/public/normajuridica/1994/933/933_texto_integral.pdf", "ementa": "Concede Licen\u00e7a ao Senhor Prefeito Municipal."}, {"id": "915", "ano": "1994", "numero": "581", "tipo__sigla": "LEI", "tipo__descricao": "Lei Ordin\u00e1ria", "texto_integral": "http://sapl.sarandi.pr.leg.br/media/./sapl/public/normajuridica/1994/915/915_texto_integral.pdf", "ementa": "Autoriza ao Prefeito Municipal a transformar m\u00e3o-\u00fanica a Rua Castro Alves."}, {"id": "914", "ano": "1994", "numero": "580", "tipo__sigla": "LEI", "tipo__descricao": "Lei Ordin\u00e1ria", "texto_integral": "http://sapl.sarandi.pr.leg.br/media/sapl/public/normajuridica/1994/914/lei_no_580-1994_sapl.pdf", "ementa": "Disp\u00f5e sobre Suplementa\u00e7\u00e3o ao Or\u00e7amento Geral do Munic\u00edpio e d\u00e1 outras provid\u00eancias."}, {"id": "946", "ano": "1994", "numero": "27", "tipo__sigla": "LC", "tipo__descricao": "Lei Complementar", "texto_integral": "http://sapl.sarandi.pr.leg.br/media/./sapl/public/normajuridica/1994/946/946_texto_integral.pdf", "ementa": "Altera os anexos I, II, III e IV da Lei Complementar n\u00ba 16/93 - o dois e o quatro j\u00e1 alterados pela Lei Complementar n\u00ba 19/94, e d\u00e1 outras provid\u00eancias."}, {"id": "945", "ano": "1994", "numero": "26", "tipo__sigla": "LC", "tipo__descricao": "Lei Complementar", "texto_integral": "http://sapl.sarandi.pr.leg.br/media/./sapl/public/normajuridica/1994/945/945_texto_integral.pdf", "ementa": "D\u00e1 novas reda\u00e7\u00f5es aos arts. 118, 119, 120, 121, 122 e 123 da Lei Complementar n\u00ba 5/92 - Obras e Edifica\u00e7\u00f5es, de 13 de mar\u00e7o de 1992."}, {"id": "932", "ano": "1994", "numero": "4", "tipo__sigla": "DL", "tipo__descricao": "Decreto Legislativo", "texto_integral": "http://sapl.sarandi.pr.leg.br/media/./sapl/public/normajuridica/1994/932/932_texto_integral.pdf", "ementa": "Aprova Conv\u00eanio realizado entre o Estado do Paran\u00e1 atrav\u00e9s da Secretaria de Estado da Sa\u00fade/Instituto de Sa\u00fade do Paran\u00e1 e o Munic\u00edpio de Sarandi com vistas aquisi\u00e7\u00e3o de equipamentos."}, {"id": "931", "ano": "1994", "numero": "3", "tipo__sigla": "DL", "tipo__descricao": "Decreto Legislativo", "texto_integral": "http://sapl.sarandi.pr.leg.br/media/./sapl/public/normajuridica/1994/931/931_texto_integral.pdf", "ementa": "Aprova Termo de Coopera\u00e7\u00e3o T\u00e9cnica e Financeira firmado entre o Departamento de Estradas de Rodagem do Estado do Paran\u00e1, com a interveni\u00eancia da\r\nSecretaria de Estado dos Transportes do Estado do Paran\u00e1 e o Munic\u00edpio de Sarandi."}, {"id": "943", "ano": "1994", "numero": "25", "tipo__sigla": "LC", "tipo__descricao": "Lei Complementar", "texto_integral": "http://sapl.sarandi.pr.leg.br/media/./sapl/public/normajuridica/1994/943/943_texto_integral.pdf", "ementa": "Inclui jardim e lote no Eixo Industrial da cidade e d\u00e1 outras provid\u00eancias."}, {"id": "913", "ano": "1994", "numero": "579", "tipo__sigla": "LEI", "tipo__descricao": "Lei Ordin\u00e1ria", "texto_integral": "http://sapl.sarandi.pr.leg.br/media/./sapl/public/normajuridica/1994/913/913_texto_integral.pdf", "ementa": "Autoriza o Chefe do Poder Executivo Municipal a doar im\u00f3vel urbano \u00e0 Igreja Evang\u00e9lica Cristo Jesus de Nazar\u00e9, na forma que especifica."}, {"id": "955", "ano": "1994", "numero": "9", "tipo__sigla": "POR", "tipo__descricao": "Portaria", "texto_integral": "http://sapl.sarandi.pr.leg.br/media/./sapl/public/normajuridica/1994/955/955_texto_integral.pdf", "ementa": "CONCEDE GRATIFICA\u00c7\u00c3O ESPECIAL A SERVIDOR"}, {"id": "912", "ano": "1994", "numero": "578", "tipo__sigla": "LEI", "tipo__descricao": "Lei Ordin\u00e1ria", "texto_integral": "http://sapl.sarandi.pr.leg.br/media/sapl/public/normajuridica/1994/912/lei_no_578-1994_sapl.pdf", "ementa": "D\u00e1 nova denomina\u00e7\u00e3o a atual Rua Mato Grosso no Jardim Gralha Azul e d\u00e1 outras provid\u00eancias."}, {"id": "942", "ano": "1994", "numero": "24", "tipo__sigla": "LC", "tipo__descricao": "Lei Complementar", "texto_integral": "http://sapl.sarandi.pr.leg.br/media/./sapl/public/normajuridica/1994/942/942_texto_integral.pdf", "ementa": "Disp\u00f5e sobre separa\u00e7\u00e3o, acondicionamento, coleta interna e externa do lixo hospital e d\u00e1 outras provid\u00eancias correlatas."}, {"id": "959", "ano": "1994", "numero": "2", "tipo__sigla": "RES", "tipo__descricao": "Resolu\u00e7\u00e3o", "texto_integral": "http://sapl.sarandi.pr.leg.br/media/./sapl/public/normajuridica/1994/959/959_texto_integral.pdf", "ementa": "Dispor sobre a proposta parcial do Or\u00e7amento da C\u00e2mara para ser inclu\u00edda na proposta geral do Or\u00e7amento do Munic\u00edpio para o Exerc\u00edcio Financeiro de 1995 (Art. 32, IV - RI)."}, {"id": "954", "ano": "1994", "numero": "8", "tipo__sigla": "POR", "tipo__descricao": "Portaria", "texto_integral": "http://sapl.sarandi.pr.leg.br/media/./sapl/public/normajuridica/1994/954/954_texto_integral.pdf", "ementa": "CONCEDE F\u00c9RIAS COLETIVAS"}, {"id": "911", "ano": "1994", "numero": "577", "tipo__sigla": "LEI", "tipo__descricao": "Lei Ordin\u00e1ria", "texto_integral": "http://sapl.sarandi.pr.leg.br/media/sapl/public/normajuridica/1994/911/lei_no_577-1994_sapl.pdf", "ementa": "Disp\u00f5e sobre doa\u00e7\u00e3o de um lote de terra \u00e0 Associa\u00e7\u00e3o Comercial e Industrial de Sarandi e d\u00e1 outras provid\u00eancias correlatas."}, {"id": "910", "ano": "1994", "numero": "576", "tipo__sigla": "LEI", "tipo__descricao": "Lei Ordin\u00e1ria", "texto_integral": "http://sapl.sarandi.pr.leg.br/media/./sapl/public/normajuridica/1994/910/910_texto_integral.pdf", "ementa": "Disp\u00f5e sobre as Diretrizes Or\u00e7ament\u00e1rias para o Exerc\u00edcio Financeiro de 1995 e d\u00e1 outras provid\u00eancias."}, {"id": "909", "ano": "1994", "numero": "575", "tipo__sigla": "LEI", "tipo__descricao": "Lei Ordin\u00e1ria", "texto_integral": "http://sapl.sarandi.pr.leg.br/media/sapl/public/normajuridica/1994/909/lei_no_575-1994_sapl.pdf", "ementa": "D\u00e1 nova denomina\u00e7\u00e3o a atual Rua n\u00b0 01, do Parque Residencial Alvamar II e d\u00e1 outras provid\u00eancias."}, {"id": "941", "ano": "1994", "numero": "23", "tipo__sigla": "LC", "tipo__descricao": "Lei Complementar", "texto_integral": "http://sapl.sarandi.pr.leg.br/media/./sapl/public/normajuridica/1994/941/941_texto_integral.pdf", "ementa": "Disp\u00f5e sobre inclus\u00e3o de rua no Eixo de Com\u00e9rcio e d\u00e1 outras provid\u00eancias."}, {"id": "908", "ano": "1994", "numero": "574", "tipo__sigla": "LEI", "tipo__descricao": "Lei Ordin\u00e1ria", "texto_integral": "http://sapl.sarandi.pr.leg.br/media/sapl/public/normajuridica/1994/908/lei_no_574-1994_sapl.pdf", "ementa": "Disp\u00f5e sobre prorroga\u00e7\u00e3o de prazo para protocolar requerimento solicitando subdivis\u00e3o de lote ou data, previsto no par\u00e1grafo \u00fanico, do art. 1\u00b0 da Lei Municipal n\u00b0 548/93."}, {"id": "930", "ano": "1994", "numero": "2", "tipo__sigla": "DL", "tipo__descricao": "Decreto Legislativo", "texto_integral": "http://sapl.sarandi.pr.leg.br/media/./sapl/public/normajuridica/1994/930/930_texto_integral.pdf", "ementa": "Concede T\u00edtulo de Benemer\u00eancia ao Sr. Antonio Muniz da Silva Filho."}, {"id": "953", "ano": "1994", "numero": "7", "tipo__sigla": "POR", "tipo__descricao": "Portaria", "texto_integral": "http://sapl.sarandi.pr.leg.br/media/./sapl/public/normajuridica/1994/953/953_texto_integral.pdf", "ementa": "DESIGNAR VICE-PRESIDENTE NA COMISS\u00c3O DE EDUCA\u00c7\u00c3O"}, {"id": "939", "ano": "1994", "numero": "21", "tipo__sigla": "LC", "tipo__descricao": "Lei Complementar", "texto_integral": "http://sapl.sarandi.pr.leg.br/media/./sapl/public/normajuridica/1994/939/939_texto_integral.pdf", "ementa": "Inclui rua no Eixo Comercial da cidade e d\u00e1 outras provid\u00eancias."}, {"id": "907", "ano": "1994", "numero": "573", "tipo__sigla": "LEI", "tipo__descricao": "Lei Ordin\u00e1ria", "texto_integral": "http://sapl.sarandi.pr.leg.br/media/sapl/public/normajuridica/1994/907/lei_no_573-1994_sapl.pdf", "ementa": "Disp\u00f5e sobre cria\u00e7\u00e3o de ponto de t\u00e1xi para autom\u00f3vel modelo Kombi/Passageiros e outros modelos convencionais e d\u00e1 outras provid\u00eancias."}, {"id": "906", "ano": "1994", "numero": "572", "tipo__sigla": "LEI", "tipo__descricao": "Lei Ordin\u00e1ria", "texto_integral": "http://sapl.sarandi.pr.leg.br/media/sapl/public/normajuridica/1994/906/lei_no_572-1994_sapl.pdf", "ementa": "Institui Programa de Apoio ao Adolescente Sarandiense, dentro da \u00e1rea de atendimento do Conselho Municipal dos Direitos da Crian\u00e7a e do Adolescente."}, {"id": "905", "ano": "1994", "numero": "571", "tipo__sigla": "LEI", "tipo__descricao": "Lei Ordin\u00e1ria", "texto_integral": "http://sapl.sarandi.pr.leg.br/media/sapl/public/normajuridica/1994/905/lei_no_571-1994_sapl.pdf", "ementa": "Autoriza o Chefe do Poder Executivo Municipal a doar \u00e1rea de terras \u00e0 Corpora\u00e7\u00e3o da Uni\u00e3o Sul Brasileira da Igreja Adventista do S\u00e9timo Dia \u2014 Corpora\u00e7\u00e3o Sul, na forma que especifica."}, {"id": "904", "ano": "1994", "numero": "570", "tipo__sigla": "LEI", "tipo__descricao": "Lei Ordin\u00e1ria", "texto_integral": "http://sapl.sarandi.pr.leg.br/media/sapl/public/normajuridica/1994/904/lei_no_570-1994_sapl.pdf", "ementa": "Autoriza o Poder Executivo Municipal a permutar e doar im\u00f3vel urbano, bem como firmar conv\u00eanio com a EMATER, na forma que especifica."}, {"id": "903", "ano": "1994", "numero": "569", "tipo__sigla": "LEI", "tipo__descricao": "Lei Ordin\u00e1ria", "texto_integral": "http://sapl.sarandi.pr.leg.br/media/sapl/public/normajuridica/1994/903/lei_no_569-1994_sapl.pdf", "ementa": "Disp\u00f5e sobre a denomina\u00e7\u00e3o do Centro de Aten\u00e7\u00e3o Integral \u00e0 Crian\u00e7a \u2014 CAIC."}, {"id": "3854", "ano": "1994", "numero": "20", "tipo__sigla": "LC", "tipo__descricao": "Lei Complementar", "texto_integral": "http://sapl.sarandi.pr.leg.br/media/./sapl/public/normajuridica/1994/3854/3854_texto_integral.pdf", "ementa": "Inclui rua no Eixo Comercial da cidade e d\u00e1 outras provid\u00eancias."}, {"id": "899", "ano": "1994", "numero": "1", "tipo__sigla": "DL", "tipo__descricao": "Decreto Legislativo", "texto_integral": "http://sapl.sarandi.pr.leg.br/media/./sapl/public/normajuridica/1994/899/899_texto_integral.pdf", "ementa": "Concede T\u00edtulo de Benemer\u00eancia \u00e0 Cidad\u00e3o Sarandiense."}, {"id": "902", "ano": "1994", "numero": "568", "tipo__sigla": "LEI", "tipo__descricao": "Lei Ordin\u00e1ria", "texto_integral": "http://sapl.sarandi.pr.leg.br/media/sapl/public/normajuridica/1994/902/lei_no_568-1994_sapl.pdf", "ementa": "Concede isen\u00e7\u00e3o de tarifa de \u00e1gua pot\u00e1vel a templos de quaisquer seitas e d\u00e1 outras provid\u00eancias."}, {"id": "901", "ano": "1994", "numero": "567", "tipo__sigla": "LEI", "tipo__descricao": "Lei Ordin\u00e1ria", "texto_integral": "http://sapl.sarandi.pr.leg.br/media/./sapl/public/normajuridica/1994/901/901_texto_integral.pdf", "ementa": "Concede isen\u00e7\u00e3o de Tributos e d\u00e1 outras provid\u00eancias."}, {"id": "937", "ano": "1994", "numero": "19", "tipo__sigla": "LC", "tipo__descricao": "Lei Complementar", "texto_integral": "http://sapl.sarandi.pr.leg.br/media/./sapl/public/normajuridica/1994/937/937_texto_integral.pdf", "ementa": "Altera os anexos II e IV da Lei Complementar n\u00ba 16/93 (Quadro de Pessoal Permanente da Prefeitura) e d\u00e1 outras provid\u00eancias."}, {"id": "935", "ano": "1994", "numero": "18", "tipo__sigla": "LC", "tipo__descricao": "Lei Complementar", "texto_integral": "http://sapl.sarandi.pr.leg.br/media/./sapl/public/normajuridica/1994/935/935_texto_integral.pdf", "ementa": "Modifica o Anexo IV da Lei Complementar n\u00ba 3/92, de 13 de mar\u00e7o de 1992."}, {"id": "952", "ano": "1994", "numero": "6", "tipo__sigla": "POR", "tipo__descricao": "Portaria", "texto_integral": "http://sapl.sarandi.pr.leg.br/media/./sapl/public/normajuridica/1994/952/952_texto_integral.pdf", "ementa": "CONCEDE GRATIFICA\u00c7\u00c3O ESPECIAL A SERVIDOR"}, {"id": "951", "ano": "1994", "numero": "5", "tipo__sigla": "POR", "tipo__descricao": "Portaria", "texto_integral": "http://sapl.sarandi.pr.leg.br/media/./sapl/public/normajuridica/1994/951/951_texto_integral.pdf", "ementa": "CONCEDE GRATIFICA\u00c7\u00c3O ESPECIAL A SERVIDOR"}, {"id": "900", "ano": "1994", "numero": "566", "tipo__sigla": "LEI", "tipo__descricao": "Lei Ordin\u00e1ria", "texto_integral": "http://sapl.sarandi.pr.leg.br/media/sapl/public/normajuridica/1994/900/lei_no_566-1994_sapl.pdf", "ementa": "D\u00e1 denomina\u00e7\u00e3o a rua n\u00b0 31, do Parque Residencial Alvamar II e d\u00e1 outras provid\u00eancias."}, {"id": "940", "ano": "1994", "numero": "22", "tipo__sigla": "LC", "tipo__descricao": "Lei Complementar", "texto_integral": "http://sapl.sarandi.pr.leg.br/media/./sapl/public/normajuridica/1994/940/940_texto_integral.pdf", "ementa": "Inclui rua no Eixo Comercial da cidade e d\u00e1 outras provid\u00eancias."}, {"id": "958", "ano": "1994", "numero": "1", "tipo__sigla": "RES", "tipo__descricao": "Resolu\u00e7\u00e3o", "texto_integral": "http://sapl.sarandi.pr.leg.br/media/./sapl/public/normajuridica/1994/958/958_texto_integral.pdf", "ementa": "Revoga Resolu\u00e7\u00e3o que disp\u00f5e sobre Pens\u00e3o \u00e0 fam\u00edlia de vereadores."}, {"id": "5356", "ano": "1994", "numero": "4", "tipo__sigla": "POR", "tipo__descricao": "Portaria", "texto_integral": "http://sapl.sarandi.pr.leg.br/media/", "ementa": "N\u00c3O FOI ENCONTRADA NOS ARQUIVOS AT\u00c9 O MOMENTO."}, {"id": "5355", "ano": "1994", "numero": "3", "tipo__sigla": "POR", "tipo__descricao": "Portaria", "texto_integral": "http://sapl.sarandi.pr.leg.br/media/", "ementa": "N\u00c3O FOI ENCONTRADA NOS ARQUIVOS AT\u00c9 O MOMENTO."}, {"id": "950", "ano": "1994", "numero": "2", "tipo__sigla": "POR", "tipo__descricao": "Portaria", "texto_integral": "http://sapl.sarandi.pr.leg.br/media/./sapl/public/normajuridica/1994/950/950_texto_integral.pdf", "ementa": "CONCEDE F\u00c9RIAS COLETIVAS"}, {"id": "949", "ano": "1994", "numero": "1", "tipo__sigla": "POR", "tipo__descricao": "Portaria", "texto_integral": "http://sapl.sarandi.pr.leg.br/media/./sapl/public/normajuridica/1994/949/949_texto_integral.pdf", "ementa": "HOMOLOGAR RESULTADO DE ELEI\u00c7\u00c3O DAS COMISS\u00d5ES PERMANENTES"}, {"id": "898", "ano": "1993", "numero": "565", "tipo__sigla": "LEI", "tipo__descricao": "Lei Ordin\u00e1ria", "texto_integral": "http://sapl.sarandi.pr.leg.br/media/sapl/public/normajuridica/1993/898/lei_no_565-1993_sapl.pdf", "ementa": "Autoriza a doa\u00e7\u00e3o de terreno \u00e0 Uni\u00e3o Federal, para a implanta\u00e7\u00e3o do Centro de Aten\u00e7\u00e3o Integral \u00e0 Crian\u00e7a -CAIC, e d\u00e1 outras provid\u00eancias."}, {"id": "897", "ano": "1993", "numero": "564", "tipo__sigla": "LEI", "tipo__descricao": "Lei Ordin\u00e1ria", "texto_integral": "http://sapl.sarandi.pr.leg.br/media/sapl/public/normajuridica/1993/897/lei_no_564-1993_sapl.pdf", "ementa": "Altera al\u00edquotas dos anexos X e XI, do C\u00f3digo Tribut\u00e1rio Municipal, alterado pela Lei Municipal n\u00ba 399, de 10/12/1990."}, {"id": "896", "ano": "1993", "numero": "563", "tipo__sigla": "LEI", "tipo__descricao": "Lei Ordin\u00e1ria", "texto_integral": "http://sapl.sarandi.pr.leg.br/media/sapl/public/normajuridica/1993/896/lei_no_563-1993_sapl.pdf", "ementa": "Autoriza o Poder Executivo Municipal a doar pr\u00f3prios do munic\u00edpio e d\u00e1 outras provid\u00eancias."}, {"id": "895", "ano": "1993", "numero": "562", "tipo__sigla": "LEI", "tipo__descricao": "Lei Ordin\u00e1ria", "texto_integral": "http://sapl.sarandi.pr.leg.br/media/./sapl/public/normajuridica/1993/895/895_texto_integral.pdf", "ementa": "Autoriza o Executivo Municipal a abrir no or\u00e7amento geral do munic\u00edpio um cr\u00e9dito adicional suplementar e d\u00e1 outras provid\u00eancias."}, {"id": "894", "ano": "1993", "numero": "561", "tipo__sigla": "LEI", "tipo__descricao": "Lei Ordin\u00e1ria", "texto_integral": "http://sapl.sarandi.pr.leg.br/media/sapl/public/normajuridica/1993/894/lei_no_561-1993_sapl.pdf", "ementa": "Autoriza o Poder Executivo Municipal a vender as a\u00e7\u00f5es da Telepar."}, {"id": "893", "ano": "1993", "numero": "560", "tipo__sigla": "LEI", "tipo__descricao": "Lei Ordin\u00e1ria", "texto_integral": "http://sapl.sarandi.pr.leg.br/media/sapl/public/normajuridica/1993/893/lei_no_560-1993_sapl.pdf", "ementa": "Disp\u00f5e sobre o Or\u00e7amento para o Exerc\u00edcio Financeiro de 1994."}, {"id": "892", "ano": "1993", "numero": "559", "tipo__sigla": "LEI", "tipo__descricao": "Lei Ordin\u00e1ria", "texto_integral": "http://sapl.sarandi.pr.leg.br/media/./sapl/public/normajuridica/1993/892/892_texto_integral.pdf", "ementa": "Aprova o Or\u00e7amento Plurianual de Investimentos do Munic\u00edpio de Sarandi, para o tri\u00eanio 1994/1996."}, {"id": "891", "ano": "1993", "numero": "558", "tipo__sigla": "LEI", "tipo__descricao": "Lei Ordin\u00e1ria", "texto_integral": "http://sapl.sarandi.pr.leg.br/media/sapl/public/normajuridica/1993/891/lei_no_558-1993_sapl.pdf", "ementa": "Autoriza o Executivo Municipal a vender as a\u00e7\u00f5es da Petrobr\u00e1s e d\u00e1 outras provid\u00eancias."}, {"id": "890", "ano": "1993", "numero": "557", "tipo__sigla": "LEI", "tipo__descricao": "Lei Ordin\u00e1ria", "texto_integral": "http://sapl.sarandi.pr.leg.br/media/./sapl/public/normajuridica/1993/890/890_texto_integral.pdf", "ementa": "Autoriza o Executivo Municipal a abrir no Or\u00e7amento Geral do Munic\u00edpio um cr\u00e9dito adicional suplementar e d\u00e1 outras provid\u00eancias."}, {"id": "889", "ano": "1993", "numero": "556", "tipo__sigla": "LEI", "tipo__descricao": "Lei Ordin\u00e1ria", "texto_integral": "http://sapl.sarandi.pr.leg.br/media/sapl/public/normajuridica/1993/889/lei_no_556-1993_sapl.pdf", "ementa": "Disp\u00f5e sobre doa\u00e7\u00e3o de im\u00f3veis urbanos \u00e0 Associa\u00e7\u00e3o dos Moradores e Amigos dos Bairros Jardins Paulista, Novo Paulista, Dom Bosco e San Remo, na forma que especifica."}, {"id": "4070", "ano": "1993", "numero": "21", "tipo__sigla": "POR", "tipo__descricao": "Portaria", "texto_integral": "http://sapl.sarandi.pr.leg.br/media/sapl/public/normajuridica/1993/4070/portaria_021.pdf", "ementa": "PROVER O ENQUADRAMENTO E ADEQUAMENTO SALARIAL DO SERVIDOR ALCIDES GINO DOS SANTOS."}, {"id": "888", "ano": "1993", "numero": "555", "tipo__sigla": "LEI", "tipo__descricao": "Lei Ordin\u00e1ria", "texto_integral": "http://sapl.sarandi.pr.leg.br/media/./sapl/public/normajuridica/1993/888/888_texto_integral.pdf", "ementa": "Inclui no texto da al\u00ednea \"h\" do Termo de Acordo n\u00ba 1/85, a palavra \"abaixo\"."}, {"id": "825", "ano": "1993", "numero": "17", "tipo__sigla": "LC", "tipo__descricao": "Lei Complementar", "texto_integral": "http://sapl.sarandi.pr.leg.br/media/./sapl/public/normajuridica/1993/825/825_texto_integral.pdf", "ementa": "Inclui no Eixo de Com\u00e9rcio e Servi\u00e7os - ECS I a Avenida das Samambaias, situada no Jardim Ver\u00e3o."}, {"id": "839", "ano": "1993", "numero": "20", "tipo__sigla": "POR", "tipo__descricao": "Portaria", "texto_integral": "http://sapl.sarandi.pr.leg.br/media/./sapl/public/normajuridica/1993/839/839_texto_integral.pdf", "ementa": "EXONERA DIRETOR GERAL"}, {"id": "819", "ano": "1993", "numero": "5", "tipo__sigla": "DL", "tipo__descricao": "Decreto Legislativo", "texto_integral": "http://sapl.sarandi.pr.leg.br/media/./sapl/public/normajuridica/1993/819/819_texto_integral.pdf", "ementa": "Aprova as contas dos Poderes Executivo e Legislativo, relativas ao Exerc\u00edcio Financeiro de 1992."}, {"id": "887", "ano": "1993", "numero": "554", "tipo__sigla": "LEI", "tipo__descricao": "Lei Ordin\u00e1ria", "texto_integral": "http://sapl.sarandi.pr.leg.br/media/sapl/public/normajuridica/1993/887/lei_no_554-1993_sapl.pdf", "ementa": "D\u00e1 nova denomina\u00e7\u00e3o aos conjuntos habitacionais Vale Azul, Vale Azul I e Vale Azul II e d\u00e1 outras provid\u00eancias."}, {"id": "886", "ano": "1993", "numero": "553", "tipo__sigla": "LEI", "tipo__descricao": "Lei Ordin\u00e1ria", "texto_integral": "http://sapl.sarandi.pr.leg.br/media/sapl/public/normajuridica/1993/886/lei_no_553-1993_sapl.pdf", "ementa": "Autoriza o Poder Executivo Municipal a doar im\u00f3vel urbano \u00e0 Igreja Evang\u00e9lica Assembleia de Deus, na forma que especifica."}, {"id": "885", "ano": "1993", "numero": "552", "tipo__sigla": "LEI", "tipo__descricao": "Lei Ordin\u00e1ria", "texto_integral": "http://sapl.sarandi.pr.leg.br/media/sapl/public/normajuridica/1993/885/lei_no_552-1993_sapl.pdf", "ementa": "Autoriza o Executivo Municipal a vender as a\u00e7\u00f5es da Companhia Paranaense de Energia - COPEL."}, {"id": "884", "ano": "1993", "numero": "551", "tipo__sigla": "LEI", "tipo__descricao": "Lei Ordin\u00e1ria", "texto_integral": "http://sapl.sarandi.pr.leg.br/media/sapl/public/normajuridica/1993/884/lei_no_551-1993_sapl.pdf", "ementa": "Autoriza o chefe do Poder Executivo Municipal a contratar o parcelamento de d\u00e9bitos para com o FGTS, na forma do Art. 27 da Lei Complementar n\u00ba 77/93 e d\u00e1 outras provid\u00eancias."}, {"id": "883", "ano": "1993", "numero": "550", "tipo__sigla": "LEI", "tipo__descricao": "Lei Ordin\u00e1ria", "texto_integral": "http://sapl.sarandi.pr.leg.br/media/sapl/public/normajuridica/1993/883/lei_no_550-1993_sapl.pdf", "ementa": "Revoga o Art. 3\u00ba da Lei Municipal n\u00ba 516, de 30/1/1993, na forma que especifica."}, {"id": "824", "ano": "1993", "numero": "15", "tipo__sigla": "LC", "tipo__descricao": "Lei Complementar", "texto_integral": "http://sapl.sarandi.pr.leg.br/media/./sapl/public/normajuridica/1993/824/824_texto_integral.pdf", "ementa": "Disp\u00f5e sobre a Estrutura Administrativa do Munic\u00edpio de Sarandi, Estado do Paran\u00e1, e d\u00e1 outras provid\u00eancias."}, {"id": "938", "ano": "1993", "numero": "16", "tipo__sigla": "LC", "tipo__descricao": "Lei Complementar", "texto_integral": "http://sapl.sarandi.pr.leg.br/media/sapl/public/normajuridica/1993/938/16-1993.pdf", "ementa": "Reestrutura o Quadro de Pessoal da Prefeitura do Munic\u00edpio de Sarandi, Estado do Paran\u00e1 e d\u00e1 outras provid\u00eancias."}, {"id": "5354", "ano": "1993", "numero": "19", "tipo__sigla": "POR", "tipo__descricao": "Portaria", "texto_integral": "http://sapl.sarandi.pr.leg.br/media/", "ementa": "N\u00c3O FOI ENCONTRADA NOS ARQUIVOS AT\u00c9 O MOMENTO."}, {"id": "5353", "ano": "1993", "numero": "18", "tipo__sigla": "POR", "tipo__descricao": "Portaria", "texto_integral": "http://sapl.sarandi.pr.leg.br/media/", "ementa": "N\u00c3O FOI ENCONTRADA NOS ARQUIVOS AT\u00c9 O MOMENTO."}, {"id": "838", "ano": "1993", "numero": "17", "tipo__sigla": "POR", "tipo__descricao": "Portaria", "texto_integral": "http://sapl.sarandi.pr.leg.br/media/./sapl/public/normajuridica/1993/838/838_texto_integral.pdf", "ementa": "NOMEIA VEREADOR PARA COMISS\u00c3O"}, {"id": "882", "ano": "1993", "numero": "549", "tipo__sigla": "LEI", "tipo__descricao": "Lei Ordin\u00e1ria", "texto_integral": "http://sapl.sarandi.pr.leg.br/media/sapl/public/normajuridica/1993/882/lei_no_549-1993_sapl.pdf", "ementa": "D\u00e1 denomina\u00e7\u00e3o \u00e0s ruas dos Conjuntos Residenciais Vale Azul, Vale Azul I e Vale Azul II, na forma que especifica."}, {"id": "881", "ano": "1993", "numero": "548", "tipo__sigla": "LEI", "tipo__descricao": "Lei Ordin\u00e1ria", "texto_integral": "http://sapl.sarandi.pr.leg.br/media/./sapl/public/normajuridica/1993/881/881_texto_integral.pdf", "ementa": "Disp\u00f5e sobre subdivis\u00e3o de lote ou data e d\u00e1 outras provid\u00eancias correlatas."}, {"id": "880", "ano": "1993", "numero": "547", "tipo__sigla": "LEI", "tipo__descricao": "Lei Ordin\u00e1ria", "texto_integral": "http://sapl.sarandi.pr.leg.br/media/./sapl/public/normajuridica/1993/880/880_texto_integral.pdf", "ementa": "Autoriza o Executivo Municipal a abrir no Or\u00e7amento Geral do Munic\u00edpio um cr\u00e9dito adicional suplementar e d\u00e1 outras provid\u00eancias."}, {"id": "837", "ano": "1993", "numero": "16", "tipo__sigla": "POR", "tipo__descricao": "Portaria", "texto_integral": "http://sapl.sarandi.pr.leg.br/media/./sapl/public/normajuridica/1993/837/837_texto_integral.pdf", "ementa": "NOMEIA DIRETOR ADMINISTRATIVO"}, {"id": "820", "ano": "1993", "numero": "11", "tipo__sigla": "LC", "tipo__descricao": "Lei Complementar", "texto_integral": "http://sapl.sarandi.pr.leg.br/media/./sapl/public/normajuridica/1993/820/820_texto_integral.pdf", "ementa": "Altera o anexo 1 da Lei Complementar n\u00ba 3/92 e d\u00e1 outras provid\u00eancias."}, {"id": "823", "ano": "1993", "numero": "14", "tipo__sigla": "LC", "tipo__descricao": "Lei Complementar", "texto_integral": "http://sapl.sarandi.pr.leg.br/media/./sapl/public/normajuridica/1993/823/823_texto_integral.pdf", "ementa": "Inclui no Eixo de Com\u00e9rcio e Servi\u00e7os ECS 1 a Avenida Blumenau."}, {"id": "5349", "ano": "1993", "numero": "15", "tipo__sigla": "POR", "tipo__descricao": "Portaria", "texto_integral": "http://sapl.sarandi.pr.leg.br/media/sapl/public/normajuridica/1993/5349/portaria_015.pdf", "ementa": "AFASTAR O SERVIDOR AN\u00c9SIO JOS\u00c9 DA SILVA."}, {"id": "836", "ano": "1993", "numero": "15-A", "tipo__sigla": "POR", "tipo__descricao": "Portaria", "texto_integral": "http://sapl.sarandi.pr.leg.br/media/./sapl/public/normajuridica/1993/836/836_texto_integral.pdf", "ementa": "PROVER O ENQUADRAMENTO SALARIAL DO SERVIDOR ALCIDES GINO DOS SANTOS."}, {"id": "5351", "ano": "1993", "numero": "13", "tipo__sigla": "POR", "tipo__descricao": "Portaria", "texto_integral": "http://sapl.sarandi.pr.leg.br/media/sapl/public/normajuridica/1993/5351/portaria_013.pdf", "ementa": "ADVERTIR O FUNCION\u00c1RIO SR. AN\u00c9SIO JOS\u00c9 DA SILVA."}, {"id": "4069", "ano": "1993", "numero": "14", "tipo__sigla": "POR", "tipo__descricao": "Portaria", "texto_integral": "http://sapl.sarandi.pr.leg.br/media/sapl/public/normajuridica/1993/4069/portaria_014.pdf", "ementa": "CONSTITUIR A COMISS\u00c3O PROCESSANTE QUE ANALISAR\u00c1 O CONCURSO P\u00daBLICO, PRESTADO PELO SENHOR AN\u00c9SIO JOS\u00c9 DA SILVA."}, {"id": "879", "ano": "1993", "numero": "546", "tipo__sigla": "LEI", "tipo__descricao": "Lei Ordin\u00e1ria", "texto_integral": "http://sapl.sarandi.pr.leg.br/media/./sapl/public/normajuridica/1993/879/879_texto_integral.pdf", "ementa": "Autoriza a constru\u00e7\u00e3o de rampas nas esquinas de ruas e avenidas e d\u00e1 outras provid\u00eancias."}, {"id": "878", "ano": "1993", "numero": "545", "tipo__sigla": "LEI", "tipo__descricao": "Lei Ordin\u00e1ria", "texto_integral": "http://sapl.sarandi.pr.leg.br/media/sapl/public/normajuridica/1993/878/lei_no_545-1993_sapl.pdf", "ementa": "Autoriza o Chefe do Poder Executivo Municipal a encetar campanha para aumentar o n\u00famero de ve\u00edculos emplacados no munic\u00edpio e d\u00e1 outras provid\u00eancias."}, {"id": "877", "ano": "1993", "numero": "544", "tipo__sigla": "LEI", "tipo__descricao": "Lei Ordin\u00e1ria", "texto_integral": "http://sapl.sarandi.pr.leg.br/media/sapl/public/normajuridica/1993/877/lei_no_544-1993_sapl.pdf", "ementa": "Autoriza o Chefe do Poder Executivo Municipal a permutar im\u00f3vel urbano, na forma que especifica."}, {"id": "876", "ano": "1993", "numero": "543", "tipo__sigla": "LEI", "tipo__descricao": "Lei Ordin\u00e1ria", "texto_integral": "http://sapl.sarandi.pr.leg.br/media/sapl/public/normajuridica/1993/876/lei_no_543-1993_sapl.pdf", "ementa": "Autoriza o Chefe do Poder Executivo Municipal a permutar im\u00f3vel urbano, na forma que especifica."}, {"id": "822", "ano": "1993", "numero": "13", "tipo__sigla": "LC", "tipo__descricao": "Lei Complementar", "texto_integral": "http://sapl.sarandi.pr.leg.br/media/./sapl/public/normajuridica/1993/822/822_texto_integral.pdf", "ementa": "Inclui trechos da Rua Ta\u00ed no Eixo de Com\u00e9rcio e Servi\u00e7os - ECS 1."}, {"id": "835", "ano": "1993", "numero": "12", "tipo__sigla": "POR", "tipo__descricao": "Portaria", "texto_integral": "http://sapl.sarandi.pr.leg.br/media/./sapl/public/normajuridica/1993/835/835_texto_integral.pdf", "ementa": "REENQUADRA FUNCION\u00c1RIO"}, {"id": "834", "ano": "1993", "numero": "11", "tipo__sigla": "POR", "tipo__descricao": "Portaria", "texto_integral": "http://sapl.sarandi.pr.leg.br/media/./sapl/public/normajuridica/1993/834/834_texto_integral.pdf", "ementa": "REENQUADRA SERVIDOR"}, {"id": "875", "ano": "1993", "numero": "542", "tipo__sigla": "LEI", "tipo__descricao": "Lei Ordin\u00e1ria", "texto_integral": "http://sapl.sarandi.pr.leg.br/media/sapl/public/normajuridica/1993/875/lei_no_542-1993_sapl.pdf", "ementa": "Disp\u00f5e sobre atendimento priorit\u00e1rio a idosos, deficientes f\u00edsicos, gestantes e mulheres com crian\u00e7as ao colo nos estabelecimentos banc\u00e1rios no Munic\u00edpio e d\u00e1 outras provid\u00eancias."}, {"id": "873", "ano": "1993", "numero": "541", "tipo__sigla": "LEI", "tipo__descricao": "Lei Ordin\u00e1ria", "texto_integral": "http://sapl.sarandi.pr.leg.br/media/./sapl/public/normajuridica/1993/873/873_texto_integral.pdf", "ementa": "Adiciona mais um par\u00e1grafo ao artigo 1\u00ba da Lei Municipal n\u00ba 458/91, que disp\u00f5e sobre isen\u00e7\u00e3o de taxa ao com\u00e9rcio ambulante e d\u00e1 outras provid\u00eancias."}, {"id": "872", "ano": "1993", "numero": "540", "tipo__sigla": "LEI", "tipo__descricao": "Lei Ordin\u00e1ria", "texto_integral": "http://sapl.sarandi.pr.leg.br/media/sapl/public/normajuridica/1993/872/lei_no_540-1993_sapl.pdf", "ementa": "Autoriza o Chefe do Poder Executivo Municipal a transferir de local o ponto n\u00b0 1 de caminh\u00f5es e utilit\u00e1rios de aluguel."}, {"id": "871", "ano": "1993", "numero": "539", "tipo__sigla": "LEI", "tipo__descricao": "Lei Ordin\u00e1ria", "texto_integral": "http://sapl.sarandi.pr.leg.br/media/sapl/public/normajuridica/1993/871/lei_no_539-1993_sapl.pdf", "ementa": "Autoriza o Chefe do Poder Executivo Municipal a permutar im\u00f3vel urbano, na forma que especifica."}, {"id": "853", "ano": "1993", "numero": "3", "tipo__sigla": "RES", "tipo__descricao": "Resolu\u00e7\u00e3o", "texto_integral": "http://sapl.sarandi.pr.leg.br/media/./sapl/public/normajuridica/1993/853/853_texto_integral.pdf", "ementa": "Disp\u00f5e sobre a estrutura org\u00e2nico-administrativa da C\u00e2mara Municipal de Sarandi \u2014 Estado do Paran\u00e1 e d\u00e1 outras providencias."}, {"id": "5352", "ano": "1993", "numero": "10", "tipo__sigla": "POR", "tipo__descricao": "Portaria", "texto_integral": "http://sapl.sarandi.pr.leg.br/media/", "ementa": "DECRETAR LUTO."}, {"id": "870", "ano": "1993", "numero": "538", "tipo__sigla": "LEI", "tipo__descricao": "Lei Ordin\u00e1ria", "texto_integral": "http://sapl.sarandi.pr.leg.br/media/sapl/public/normajuridica/1993/870/lei_no_538-1993_sapl.pdf", "ementa": "Autoriza o Poder Executivo a firmar conv\u00eanio, assumir obriga\u00e7\u00f5es e d\u00e1 outras provid\u00eancias."}, {"id": "821", "ano": "1993", "numero": "12", "tipo__sigla": "LC", "tipo__descricao": "Lei Complementar", "texto_integral": "http://sapl.sarandi.pr.leg.br/media/./sapl/public/normajuridica/1993/821/821_texto_integral.pdf", "ementa": "Inclui no Eixo de Com\u00e9rcio e Servi\u00e7os ECS-1 a rua Petr\u00f3polis."}, {"id": "818", "ano": "1993", "numero": "4", "tipo__sigla": "DL", "tipo__descricao": "Decreto Legislativo", "texto_integral": "http://sapl.sarandi.pr.leg.br/media/./sapl/public/normajuridica/1993/818/818_texto_integral.pdf", "ementa": "Concede Licen\u00e7a ao Senhor Prefeito Municipal, para ausentar-se do munic\u00edpio."}, {"id": "833", "ano": "1993", "numero": "9", "tipo__sigla": "POR", "tipo__descricao": "Portaria", "texto_integral": "http://sapl.sarandi.pr.leg.br/media/./sapl/public/normajuridica/1993/833/833_texto_integral.pdf", "ementa": "CONCEDE F\u00c9RIAS A SERVIDORA"}, {"id": "832", "ano": "1993", "numero": "8", "tipo__sigla": "POR", "tipo__descricao": "Portaria", "texto_integral": "http://sapl.sarandi.pr.leg.br/media/./sapl/public/normajuridica/1993/832/832_texto_integral.pdf", "ementa": "CONCEDE A F\u00c9RIAS COLETIVAS AOS SERVIDORES"}, {"id": "869", "ano": "1993", "numero": "537", "tipo__sigla": "LEI", "tipo__descricao": "Lei Ordin\u00e1ria", "texto_integral": "http://sapl.sarandi.pr.leg.br/media/sapl/public/normajuridica/1993/869/lei_no_537-1993_sapl.pdf", "ementa": "Disp\u00f5e sobre as diretrizes or\u00e7ament\u00e1rias para o exerc\u00edcio financeiro de 1994 e d\u00e1 outras provid\u00eancias."}, {"id": "868", "ano": "1993", "numero": "536", "tipo__sigla": "LEI", "tipo__descricao": "Lei Ordin\u00e1ria", "texto_integral": "http://sapl.sarandi.pr.leg.br/media/sapl/public/normajuridica/1993/868/lei_no_536-1993_sapl.pdf", "ementa": "Disp\u00f5e sobre a venda da data de terras n\u00ba 21 da quadra n\u00ba 5, do Jardim Nova Paulista, na forma que especifica."}, {"id": "867", "ano": "1993", "numero": "535", "tipo__sigla": "LEI", "tipo__descricao": "Lei Ordin\u00e1ria", "texto_integral": "http://sapl.sarandi.pr.leg.br/media/./sapl/public/normajuridica/1993/867/867_texto_integral.pdf", "ementa": "Autoriza o Chefe do Poder Executivo a assinar conv\u00eanio com o estado do Paran\u00e1 e d\u00e1 outras provid\u00eancias."}, {"id": "866", "ano": "1993", "numero": "534", "tipo__sigla": "LEI", "tipo__descricao": "Lei Ordin\u00e1ria", "texto_integral": "http://sapl.sarandi.pr.leg.br/media/sapl/public/normajuridica/1993/866/lei_no_534-1993_sapl.pdf", "ementa": "Disp\u00f5e sobre subdivis\u00e3o de lote ou data e d\u00e1 outras provid\u00eancias."}, {"id": "865", "ano": "1993", "numero": "533", "tipo__sigla": "LEI", "tipo__descricao": "Lei Ordin\u00e1ria", "texto_integral": "http://sapl.sarandi.pr.leg.br/media/sapl/public/normajuridica/1993/865/lei_no_533-1993_sapl.pdf", "ementa": "Cria cargos de provimento em comiss\u00e3o, na forma que especifica."}, {"id": "864", "ano": "1993", "numero": "532", "tipo__sigla": "LEI", "tipo__descricao": "Lei Ordin\u00e1ria", "texto_integral": "http://sapl.sarandi.pr.leg.br/media/./sapl/public/normajuridica/1993/864/864_texto_integral.pdf", "ementa": "Autoriza o Chefe do Poder Executivo Municipal a doar im\u00f3vel urbano, na forma que especifica."}, {"id": "863", "ano": "1993", "numero": "531", "tipo__sigla": "LEI", "tipo__descricao": "Lei Ordin\u00e1ria", "texto_integral": "http://sapl.sarandi.pr.leg.br/media/sapl/public/normajuridica/1993/863/lei_no_531-1993_sapl.pdf", "ementa": "Autoriza o Chefe do Poder Executivo Municipal a permutar im\u00f3vel urbano, na forma que especifica."}, {"id": "862", "ano": "1993", "numero": "530", "tipo__sigla": "LEI", "tipo__descricao": "Lei Ordin\u00e1ria", "texto_integral": "http://sapl.sarandi.pr.leg.br/media/sapl/public/normajuridica/1993/862/lei_no_530-1993_sapl.pdf", "ementa": "Disp\u00f5e sobre a cria\u00e7\u00e3o e regulamenta\u00e7\u00e3o do Cadastro Municipal de Alimentos Artesanais e sua norma t\u00e9cnica especial, na forma que especifica."}, {"id": "861", "ano": "1993", "numero": "529", "tipo__sigla": "LEI", "tipo__descricao": "Lei Ordin\u00e1ria", "texto_integral": "http://sapl.sarandi.pr.leg.br/media/sapl/public/normajuridica/1993/861/lei_no_529-1993_sapl.pdf", "ementa": "Autoriza o Chefe do Poder Executivo Municipal a contratar opera\u00e7\u00e3o de cr\u00e9dito com o Banco do Estado do Paran\u00e1 S.A., atrav\u00e9s do FDU - Fundo Estadual de Desenvolvimento Urbano, para execu\u00e7\u00e3o das obras e servi\u00e7os integrantes do Programa Estadual de Desenvolvimento Urbano - PEDU."}, {"id": "817", "ano": "1993", "numero": "3", "tipo__sigla": "DL", "tipo__descricao": "Decreto Legislativo", "texto_integral": "http://sapl.sarandi.pr.leg.br/media/./sapl/public/normajuridica/1993/817/817_texto_integral.pdf", "ementa": "Aceita \"Veto\" aposto ao Projeto de Lei n\u00b0 525/93, que disp\u00f5e sobre prorroga\u00e7\u00e3o de prazo para recolhimento da Taxa Sanit\u00e1ria."}, {"id": "831", "ano": "1993", "numero": "7", "tipo__sigla": "POR", "tipo__descricao": "Portaria", "texto_integral": "http://sapl.sarandi.pr.leg.br/media/./sapl/public/normajuridica/1993/831/831_texto_integral.pdf", "ementa": "SUSPENDE EXPEDI\u00caNTE POR FALECIMENTO DE PAI DE FUNCION\u00c1RIO"}, {"id": "860", "ano": "1993", "numero": "528", "tipo__sigla": "LEI", "tipo__descricao": "Lei Ordin\u00e1ria", "texto_integral": "http://sapl.sarandi.pr.leg.br/media/sapl/public/normajuridica/1993/860/lei_no_528-1993_sapl.pdf", "ementa": "Concede isen\u00e7\u00e3o da taxa de renova\u00e7\u00e3o da licen\u00e7a para ocupa\u00e7\u00e3o de solo aos feirantes deste munic\u00edpio, na forma que especifica."}, {"id": "852", "ano": "1993", "numero": "2", "tipo__sigla": "RES", "tipo__descricao": "Resolu\u00e7\u00e3o", "texto_integral": "http://sapl.sarandi.pr.leg.br/media/./sapl/public/normajuridica/1993/852/852_texto_integral.pdf", "ementa": "Revoga a Resolu\u00e7\u00e3o n\u00b0 02/98 que institui a Tribuna Livre e a Resolu\u00e7\u00e3o n\u00b0 01/90 que deu nova reda\u00e7\u00e3o ao seu art. 5\u00b0."}, {"id": "694", "ano": "1993", "numero": "527", "tipo__sigla": "LEI", "tipo__descricao": "Lei Ordin\u00e1ria", "texto_integral": "http://sapl.sarandi.pr.leg.br/media/sapl/public/normajuridica/1993/694/lei_no_527-1993_sapl.pdf", "ementa": "Autoriza o Chefe do Poder Executivo Municipal a conceder desconto no recolhimento do ITBI, na forma que especifica."}, {"id": "859", "ano": "1993", "numero": "526", "tipo__sigla": "LEI", "tipo__descricao": "Lei Ordin\u00e1ria", "texto_integral": "http://sapl.sarandi.pr.leg.br/media/sapl/public/normajuridica/1993/859/lei_no_526-1993_sapl.pdf", "ementa": "Cria Cargos de provimento em comiss\u00e3o na forma que especifica."}, {"id": "858", "ano": "1993", "numero": "525", "tipo__sigla": "LEI", "tipo__descricao": "Lei Ordin\u00e1ria", "texto_integral": "http://sapl.sarandi.pr.leg.br/media/./sapl/public/normajuridica/1993/858/858_texto_integral.pdf", "ementa": "Prorroga prazo para recolhimento da taxa de sa\u00fade, inserida no inciso II do anexo, parte integrante da Lei Municipal n\u00ba 400/90, de 10 de dezembro de 1990 e d\u00e1 outras provid\u00eancias."}, {"id": "816", "ano": "1993", "numero": "1", "tipo__sigla": "DL", "tipo__descricao": "Decreto Legislativo", "texto_integral": "http://sapl.sarandi.pr.leg.br/media/./sapl/public/normajuridica/1993/816/816_texto_integral.pdf", "ementa": "Mant\u00e9m Veto n\u00b0 001/93, Imposto ao Projeto de Lei n\u00b0 540/92, de Autoria do Vereador Sebasti\u00e3o C\u00e2ncio de Oliveira."}, {"id": "857", "ano": "1993", "numero": "524", "tipo__sigla": "LEI", "tipo__descricao": "Lei Ordin\u00e1ria", "texto_integral": "http://sapl.sarandi.pr.leg.br/media/sapl/public/normajuridica/1993/857/lei_no_524-1993_sapl.pdf", "ementa": "Concede desconto especial \u00e0 taxa de licen\u00e7a para localiza\u00e7\u00e3o e/ou funcionamento de estabelecimentos e d\u00e1 outras provid\u00eancias."}, {"id": "856", "ano": "1993", "numero": "523", "tipo__sigla": "LEI", "tipo__descricao": "Lei Ordin\u00e1ria", "texto_integral": "http://sapl.sarandi.pr.leg.br/media/sapl/public/normajuridica/1993/856/lei_no_523-1993_sapl.pdf", "ementa": "Autoriza o Poder Executivo Municipal a contratar parcelamento de d\u00edvida para com o Fundo de Garantia do Tempo de Servi\u00e7o - FGTS e d\u00e1 outras provid\u00eancias correlatas."}, {"id": "851", "ano": "1993", "numero": "1", "tipo__sigla": "RES", "tipo__descricao": "Resolu\u00e7\u00e3o", "texto_integral": "http://sapl.sarandi.pr.leg.br/media/./sapl/public/normajuridica/1993/851/851_texto_integral.pdf", "ementa": "Disp\u00f5e sobre o hor\u00e1rio de expediente da C\u00e2mara Municipal de Sarandi, Estado do Paran\u00e1 e d\u00e1 outras provid\u00eancias."}, {"id": "855", "ano": "1993", "numero": "522", "tipo__sigla": "LEI", "tipo__descricao": "Lei Ordin\u00e1ria", "texto_integral": "http://sapl.sarandi.pr.leg.br/media/sapl/public/normajuridica/1993/855/lei_no_522-1993_sapl.pdf", "ementa": "Disp\u00f5e sobre a abertura de um cr\u00e9dito adicional especial e d\u00e1 outras provid\u00eancias."}, {"id": "854", "ano": "1993", "numero": "521", "tipo__sigla": "LEI", "tipo__descricao": "Lei Ordin\u00e1ria", "texto_integral": "http://sapl.sarandi.pr.leg.br/media/sapl/public/normajuridica/1993/854/lei_no_521-1993_sapl.pdf", "ementa": "Cria Departamento de Ind\u00fastria, Com\u00e9rcio e Agricultura e d\u00e1 outras provid\u00eancias."}, {"id": "850", "ano": "1993", "numero": "520", "tipo__sigla": "LEI", "tipo__descricao": "Lei Ordin\u00e1ria", "texto_integral": "http://sapl.sarandi.pr.leg.br/media/sapl/public/normajuridica/1993/850/lei_no_520-1993_sapl.pdf", "ementa": "Isenta do Imposto Sobre Servi\u00e7os de Qualquer Natureza (ISSQN) a execu\u00e7\u00e3o da constru\u00e7\u00e3o civil e obras semelhantes dos Centros Integrados de Apoio \u00e0 Crian\u00e7a - CIACs."}, {"id": "830", "ano": "1993", "numero": "6", "tipo__sigla": "POR", "tipo__descricao": "Portaria", "texto_integral": "http://sapl.sarandi.pr.leg.br/media/./sapl/public/normajuridica/1993/830/830_texto_integral.pdf", "ementa": "NOMEIA ASSESSOR  JUR\u00cdDICO"}, {"id": "829", "ano": "1993", "numero": "5", "tipo__sigla": "POR", "tipo__descricao": "Portaria", "texto_integral": "http://sapl.sarandi.pr.leg.br/media/./sapl/public/normajuridica/1993/829/829_texto_integral.pdf", "ementa": "REVOGA GRATIFICA\u00c7\u00c3O MENSAL"}, {"id": "5350", "ano": "1993", "numero": "4", "tipo__sigla": "POR", "tipo__descricao": "Portaria", "texto_integral": "http://sapl.sarandi.pr.leg.br/media/", "ementa": "N\u00c3O FOI ENCONTRADA NOS ARQUIVOS AT\u00c9 O MOMENTO."}, {"id": "828", "ano": "1993", "numero": "3", "tipo__sigla": "POR", "tipo__descricao": "Portaria", "texto_integral": "http://sapl.sarandi.pr.leg.br/media/./sapl/public/normajuridica/1993/828/828_texto_integral.pdf", "ementa": "NOMEIA DE ASSESSOR JUR\u00cdDICO"}, {"id": "849", "ano": "1993", "numero": "519", "tipo__sigla": "LEI", "tipo__descricao": "Lei Ordin\u00e1ria", "texto_integral": "http://sapl.sarandi.pr.leg.br/media/sapl/public/normajuridica/1993/849/lei_no_519-1993_sapl.pdf", "ementa": "Concede di\u00e1rias, por viagens, ao Prefeito municipal, na forma que especifica."}, {"id": "848", "ano": "1993", "numero": "518", "tipo__sigla": "LEI", "tipo__descricao": "Lei Ordin\u00e1ria", "texto_integral": "http://sapl.sarandi.pr.leg.br/media/sapl/public/normajuridica/1993/848/lei_no_518-1993_sapl.pdf", "ementa": "Autoriza o Poder Executivo Municipal a participar do Cons\u00f3rcio Intermunicipal para Prote\u00e7\u00e3o Ambiental do Manancial do Rio Pirap\u00f3."}, {"id": "847", "ano": "1993", "numero": "517", "tipo__sigla": "LEI", "tipo__descricao": "Lei Ordin\u00e1ria", "texto_integral": "http://sapl.sarandi.pr.leg.br/media/sapl/public/normajuridica/1993/847/lei_no_517-1993_sapl.pdf", "ementa": "Autoriza o Chefe do Poder Executivo Municipal a firmar conv\u00eanio com o Programa Nosso S/C, na forma que especifica."}, {"id": "846", "ano": "1993", "numero": "516", "tipo__sigla": "LEI", "tipo__descricao": "Lei Ordin\u00e1ria", "texto_integral": "http://sapl.sarandi.pr.leg.br/media/./sapl/public/normajuridica/1993/846/846_texto_integral.pdf", "ementa": "Autoriza o Poder Executivo Municipal a doar pr\u00f3prios do Munic\u00edpio e d\u00e1 outras provid\u00eancias."}, {"id": "845", "ano": "1993", "numero": "515", "tipo__sigla": "LEI", "tipo__descricao": "Lei Ordin\u00e1ria", "texto_integral": "http://sapl.sarandi.pr.leg.br/media/sapl/public/normajuridica/1993/845/lei_no_515-1993_sapl.pdf", "ementa": "Cria o Conselho Municipal de Defesa do Meio Ambiente - CONDEMA e d\u00e1 outras provid\u00eancias."}, {"id": "844", "ano": "1993", "numero": "514", "tipo__sigla": "LEI", "tipo__descricao": "Lei Ordin\u00e1ria", "texto_integral": "http://sapl.sarandi.pr.leg.br/media/sapl/public/normajuridica/1993/844/lei_no_514-1993_sapl.pdf", "ementa": "Autoriza o Chefe do Poder Executivo Municipal a conceder desconto nos valores do IPTU e contribui\u00e7\u00e3o de melhoria, na forma que especifica."}, {"id": "843", "ano": "1993", "numero": "513", "tipo__sigla": "LEI", "tipo__descricao": "Lei Ordin\u00e1ria", "texto_integral": "http://sapl.sarandi.pr.leg.br/media/sapl/public/normajuridica/1993/843/lei_no_513-1993_sapl.pdf", "ementa": "Autoriza o Poder Executivo Municipal a adquirir \u00e1rea de terras rural, para fins de implanta\u00e7\u00e3o do Matadouro Municipal."}, {"id": "842", "ano": "1993", "numero": "512", "tipo__sigla": "LEI", "tipo__descricao": "Lei Ordin\u00e1ria", "texto_integral": "http://sapl.sarandi.pr.leg.br/media/sapl/public/normajuridica/1993/842/lei_no_512-1993_sapl.pdf", "ementa": "Autoriza o Poder Executivo Municipal a adquirir im\u00f3veis urbanos, na forma que especifica."}, {"id": "841", "ano": "1993", "numero": "511", "tipo__sigla": "LEI", "tipo__descricao": "Lei Ordin\u00e1ria", "texto_integral": "http://sapl.sarandi.pr.leg.br/media/sapl/public/normajuridica/1993/841/lei_no_511-1993_sapl.pdf", "ementa": "Autoriza constru\u00e7\u00e3o de moradias populares e/ou venda de cestas b\u00e1sicas de materiais de constru\u00e7\u00e3o."}, {"id": "840", "ano": "1993", "numero": "510", "tipo__sigla": "LEI", "tipo__descricao": "Lei Ordin\u00e1ria", "texto_integral": "http://sapl.sarandi.pr.leg.br/media/./sapl/public/normajuridica/1993/840/840_texto_integral.pdf", "ementa": "Cria o Fundo de Habita\u00e7\u00e3o Municipal."}, {"id": "827", "ano": "1993", "numero": "2", "tipo__sigla": "POR", "tipo__descricao": "Portaria", "texto_integral": "http://sapl.sarandi.pr.leg.br/media/./sapl/public/normajuridica/1993/827/827_texto_integral.pdf", "ementa": "NOMEIA DE DIRETOR GERAL"}, {"id": "826", "ano": "1993", "numero": "1", "tipo__sigla": "POR", "tipo__descricao": "Portaria", "texto_integral": "http://sapl.sarandi.pr.leg.br/media/./sapl/public/normajuridica/1993/826/826_texto_integral.pdf", "ementa": "HOMOLOGA\u00c7\u00c3O DE RESULTADO DE ELEI\u00c7\u00c3O DAS COMISS\u00d5ES PERMANENTES"}, {"id": "815", "ano": "1992", "numero": "509", "tipo__sigla": "LEI", "tipo__descricao": "Lei Ordin\u00e1ria", "texto_integral": "http://sapl.sarandi.pr.leg.br/media/sapl/public/normajuridica/1992/815/lei_no_509-1992_sapl.pdf", "ementa": "Disp\u00f5e sobre a prorroga\u00e7\u00e3o do prazo contido no inciso I, do artigo 2\u00ba, da Lei Municipal n\u00ba 441/91, de 6/11/91, alterada pela Lei Municipal n\u00ba 465/92, de 19/3/92."}, {"id": "814", "ano": "1992", "numero": "508", "tipo__sigla": "LEI", "tipo__descricao": "Lei Ordin\u00e1ria", "texto_integral": "http://sapl.sarandi.pr.leg.br/media/sapl/public/normajuridica/1992/814/lei_no_508-1992_sapl.pdf", "ementa": "Autoriza o Chefe do Poder Executivo Municipal a doar \u00e1rea de terras, na forma que especifica."}, {"id": "813", "ano": "1992", "numero": "507", "tipo__sigla": "LEI", "tipo__descricao": "Lei Ordin\u00e1ria", "texto_integral": "http://sapl.sarandi.pr.leg.br/media/sapl/public/normajuridica/1992/813/lei_no_507-1992_sapl.pdf", "ementa": "Disp\u00f5e sobre a doa\u00e7\u00e3o de im\u00f3veis urbanos ao Esporte Clube Posto Garb\u00fagio, na forma que especifica."}, {"id": "812", "ano": "1992", "numero": "506", "tipo__sigla": "LEI", "tipo__descricao": "Lei Ordin\u00e1ria", "texto_integral": "http://sapl.sarandi.pr.leg.br/media/./sapl/public/normajuridica/1992/812/812_texto_integral.pdf", "ementa": "Autoriza subdivis\u00e3o de datas de esquina dentro do per\u00edmetro urbano do Munic\u00edpio e d\u00e1 outras provid\u00eancias."}, {"id": "811", "ano": "1992", "numero": "505", "tipo__sigla": "LEI", "tipo__descricao": "Lei Ordin\u00e1ria", "texto_integral": "http://sapl.sarandi.pr.leg.br/media/sapl/public/normajuridica/1992/811/lei_no_505-1992_sapl.pdf", "ementa": "Autoriza o Poder Executivo Municipal a permutar im\u00f3vel, na forma que especifica."}, {"id": "810", "ano": "1992", "numero": "504", "tipo__sigla": "LEI", "tipo__descricao": "Lei Ordin\u00e1ria", "texto_integral": "http://sapl.sarandi.pr.leg.br/media/./sapl/public/normajuridica/1992/810/810_texto_integral.pdf", "ementa": "Autoriza o Poder Executivo Municipal a abrir cr\u00e9dito adicional suplementar."}, {"id": "809", "ano": "1992", "numero": "503", "tipo__sigla": "LEI", "tipo__descricao": "Lei Ordin\u00e1ria", "texto_integral": "http://sapl.sarandi.pr.leg.br/media/sapl/public/normajuridica/1992/809/lei_no_503-1992_sapl.pdf", "ementa": "Autoriza o Poder Executivo Municipal a abrir cr\u00e9dito adicional suplementar."}, {"id": "808", "ano": "1992", "numero": "502", "tipo__sigla": "LEI", "tipo__descricao": "Lei Ordin\u00e1ria", "texto_integral": "http://sapl.sarandi.pr.leg.br/media/./sapl/public/normajuridica/1992/808/808_texto_integral.pdf", "ementa": "Autoriza o Poder Executivo Municipal a abrir cr\u00e9dito adicional suplementar."}, {"id": "3366", "ano": "1992", "numero": "10", "tipo__sigla": "LC", "tipo__descricao": "Lei Complementar", "texto_integral": "http://sapl.sarandi.pr.leg.br/media/./sapl/public/normajuridica/1992/3366/3366_texto_integral.pdf", "ementa": "Disp\u00f5e sobre o Estatuto dos Servidores do Munic\u00edpio de Sarandi."}, {"id": "807", "ano": "1992", "numero": "501", "tipo__sigla": "LEI", "tipo__descricao": "Lei Ordin\u00e1ria", "texto_integral": "http://sapl.sarandi.pr.leg.br/media/sapl/public/normajuridica/1992/807/lei_no_501-1992_sapl.pdf", "ementa": "Isenta entidades assistenciais, filantr\u00f3picas e clubes de servi\u00e7os do pagamento da contribui\u00e7\u00e3o de melhoria na forma que especifica."}, {"id": "806", "ano": "1992", "numero": "500", "tipo__sigla": "LEI", "tipo__descricao": "Lei Ordin\u00e1ria", "texto_integral": "http://sapl.sarandi.pr.leg.br/media/sapl/public/normajuridica/1992/806/lei_no_500-1992_sapl.pdf", "ementa": "Autoriza o Poder Executivo Municipal a doar terreno perp\u00e9tuo no Cemit\u00e9rio Municipal e d\u00e1 outras provid\u00eancias."}, {"id": "805", "ano": "1992", "numero": "499", "tipo__sigla": "LEI", "tipo__descricao": "Lei Ordin\u00e1ria", "texto_integral": "http://sapl.sarandi.pr.leg.br/media/sapl/public/normajuridica/1992/805/lei_no_499-1992_sapl.pdf", "ementa": "Autoriza o Poder Executivo Municipal a doar terreno perp\u00e9tuo no Cemit\u00e9rio Municipal e d\u00e1 outras provid\u00eancias."}, {"id": "961", "ano": "1992", "numero": "4", "tipo__sigla": "RES", "tipo__descricao": "Resolu\u00e7\u00e3o", "texto_integral": "http://sapl.sarandi.pr.leg.br/media/./sapl/public/normajuridica/1992/961/961_texto_integral.pdf", "ementa": "Institui Pens\u00e3o \u00e0 fam\u00edlia de Vereador na forma que especifica."}, {"id": "3906", "ano": "1992", "numero": "3", "tipo__sigla": "DL", "tipo__descricao": "Decreto Legislativo", "texto_integral": "http://sapl.sarandi.pr.leg.br/media/./sapl/public/normajuridica/1992/3906/3906_texto_integral.pdf", "ementa": "Disp\u00f5e sobre a remunera\u00e7\u00e3o do Prefeito e do Vice-Prefeito para a legislatura de 1993 a 1996."}, {"id": "804", "ano": "1992", "numero": "498", "tipo__sigla": "LEI", "tipo__descricao": "Lei Ordin\u00e1ria", "texto_integral": "http://sapl.sarandi.pr.leg.br/media/sapl/public/normajuridica/1992/804/lei_no_498-1992_sapl.pdf", "ementa": "Autoriza a Divis\u00e3o de Tesouraria do Munic\u00edpio a receber tributos durante o m\u00eas de dezembro calculado pelo mesmo valor da UFS do m\u00eas de novembro."}, {"id": "803", "ano": "1992", "numero": "497", "tipo__sigla": "LEI", "tipo__descricao": "Lei Ordin\u00e1ria", "texto_integral": "http://sapl.sarandi.pr.leg.br/media/sapl/public/normajuridica/1992/803/lei_no_497-1992_sapl.pdf", "ementa": "Isenta templos religiosos da contribui\u00e7\u00e3o de melhoria, na forma que especifica."}, {"id": "802", "ano": "1992", "numero": "496", "tipo__sigla": "LEI", "tipo__descricao": "Lei Ordin\u00e1ria", "texto_integral": "http://sapl.sarandi.pr.leg.br/media/./sapl/public/normajuridica/1992/802/802_texto_integral.pdf", "ementa": "D\u00e1 nova reda\u00e7\u00e3o aos par\u00e1grafos 1\u00ba e 2\u00ba do artigo 17 da Lei n\u00ba 77/83 - C\u00f3digo Tribut\u00e1rio."}, {"id": "801", "ano": "1992", "numero": "495", "tipo__sigla": "LEI", "tipo__descricao": "Lei Ordin\u00e1ria", "texto_integral": "http://sapl.sarandi.pr.leg.br/media/./sapl/public/normajuridica/1992/801/801_texto_integral.pdf", "ementa": "Institui a Comiss\u00e3o Municipal do Servi\u00e7o Funer\u00e1rio."}, {"id": "9", "ano": "1992", "numero": "2", "tipo__sigla": "RES", "tipo__descricao": "Resolu\u00e7\u00e3o", "texto_integral": "http://sapl.sarandi.pr.leg.br/media/./sapl/public/normajuridica/1992/9/9_texto_integral.pdf", "ementa": "Estabelece o Regimento Interno da C\u00e2mara Municipal."}, {"id": "5019", "ano": "1992", "numero": "1", "tipo__sigla": "RI", "tipo__descricao": "Regimento Interno", "texto_integral": "http://sapl.sarandi.pr.leg.br/media/sapl/public/normajuridica/1992/5019/regimento_interno.pdf", "ementa": "Estabelece o Regimento Interno da C\u00e2mara Municipal de Sarandi - Estado do Paran\u00e1."}, {"id": "800", "ano": "1992", "numero": "494", "tipo__sigla": "LEI", "tipo__descricao": "Lei Ordin\u00e1ria", "texto_integral": "http://sapl.sarandi.pr.leg.br/media/sapl/public/normajuridica/1992/800/lei_no_494-1992_sapl.pdf", "ementa": "Autoriza o Chefe do Poder Executivo Municipal a doar im\u00f3vel urbano, na forma que especifica."}, {"id": "799", "ano": "1992", "numero": "493", "tipo__sigla": "LEI", "tipo__descricao": "Lei Ordin\u00e1ria", "texto_integral": "http://sapl.sarandi.pr.leg.br/media/sapl/public/normajuridica/1992/799/lei_no_493-1992_sapl.pdf", "ementa": "Concede t\u00edtulo de cidadania honor\u00e1ria ao Presidente do Tribunal de Justi\u00e7a do Estado do Paran\u00e1 desembargador Luis Renato Pedroso."}, {"id": "798", "ano": "1992", "numero": "492", "tipo__sigla": "LEI", "tipo__descricao": "Lei Ordin\u00e1ria", "texto_integral": "http://sapl.sarandi.pr.leg.br/media/sapl/public/normajuridica/1992/798/lei_no_492-1992_sapl.pdf", "ementa": "D\u00e1 nova denomina\u00e7\u00e3o \u00e0 Rua Industrial."}, {"id": "797", "ano": "1992", "numero": "491", "tipo__sigla": "LEI", "tipo__descricao": "Lei Ordin\u00e1ria", "texto_integral": "http://sapl.sarandi.pr.leg.br/media/sapl/public/normajuridica/1992/797/lei_no_491-1992_sapl.pdf", "ementa": "D\u00e1 nova denomina\u00e7\u00e3o \u00e0 atual Rua Curitiba e d\u00e1 outras provid\u00eancias."}, {"id": "796", "ano": "1992", "numero": "490", "tipo__sigla": "LEI", "tipo__descricao": "Lei Ordin\u00e1ria", "texto_integral": "http://sapl.sarandi.pr.leg.br/media/sapl/public/normajuridica/1992/796/lei_no_490-1992_sapl.pdf", "ementa": "D\u00e1 nova denomina\u00e7\u00e3o a atual Rua dos Pilotos e d\u00e1 outras provid\u00eancias."}, {"id": "795", "ano": "1992", "numero": "489", "tipo__sigla": "LEI", "tipo__descricao": "Lei Ordin\u00e1ria", "texto_integral": "http://sapl.sarandi.pr.leg.br/media/sapl/public/normajuridica/1992/795/lei_no_489-1992_sapl.pdf", "ementa": "Disp\u00f5e sobre a concess\u00e3o de direito real de uso de bem im\u00f3vel de propriedade do munic\u00edpio."}, {"id": "794", "ano": "1992", "numero": "488", "tipo__sigla": "LEI", "tipo__descricao": "Lei Ordin\u00e1ria", "texto_integral": "http://sapl.sarandi.pr.leg.br/media/sapl/public/normajuridica/1992/794/lei_no_488-1992_sapl.pdf", "ementa": "Disp\u00f5e sobre a doa\u00e7\u00e3o de im\u00f3vel urbano ao Esporte Clube Independ\u00eancia, na forma que especifica."}, {"id": "793", "ano": "1992", "numero": "487", "tipo__sigla": "LEI", "tipo__descricao": "Lei Ordin\u00e1ria", "texto_integral": "http://sapl.sarandi.pr.leg.br/media/sapl/public/normajuridica/1992/793/lei_no_487-1992_sapl.pdf", "ementa": "Estima a receita e fixa a despesa do Fundo de Previd\u00eancia Municipal de Sarandi para o exerc\u00edcio de 1993."}, {"id": "792", "ano": "1992", "numero": "486", "tipo__sigla": "LEI", "tipo__descricao": "Lei Ordin\u00e1ria", "texto_integral": "http://sapl.sarandi.pr.leg.br/media/sapl/public/normajuridica/1992/792/lei_no_486-1992_sapl.pdf", "ementa": "Estima a receita e fixa a despesa do Fundo Municipal dos Direitos da Crian\u00e7a e do Adolescente para o exerc\u00edcio de 1993."}, {"id": "791", "ano": "1992", "numero": "485", "tipo__sigla": "LEI", "tipo__descricao": "Lei Ordin\u00e1ria", "texto_integral": "http://sapl.sarandi.pr.leg.br/media/sapl/public/normajuridica/1992/791/lei_no_485-1992_sapl.pdf", "ementa": "Estima a receita e fixa a despesa do Fundo Municipal de Sa\u00fade para o exerc\u00edcio de 1993."}, {"id": "790", "ano": "1992", "numero": "484", "tipo__sigla": "LEI", "tipo__descricao": "Lei Ordin\u00e1ria", "texto_integral": "http://sapl.sarandi.pr.leg.br/media/sapl/public/normajuridica/1992/790/lei_no_484-1992_sapl.pdf", "ementa": "Estima a receita e fixa a despesa do Munic\u00edpio para o exerc\u00edcio de 1993."}, {"id": "789", "ano": "1992", "numero": "483", "tipo__sigla": "LEI", "tipo__descricao": "Lei Ordin\u00e1ria", "texto_integral": "http://sapl.sarandi.pr.leg.br/media/sapl/public/normajuridica/1992/789/lei_no_483-1992_sapl.pdf", "ementa": "Revoga a Lei Municipal n\u00ba 372/90, de 14/5/1990, na forma que especifica."}, {"id": "788", "ano": "1992", "numero": "482", "tipo__sigla": "LEI", "tipo__descricao": "Lei Ordin\u00e1ria", "texto_integral": "http://sapl.sarandi.pr.leg.br/media/sapl/public/normajuridica/1992/788/lei_no_482-1992_sapl.pdf", "ementa": "Autoriza o Chefe do Poder Executivo Municipal a conceder desconto nos valores dos tributos, na forma que especifica."}, {"id": "787", "ano": "1992", "numero": "481", "tipo__sigla": "LEI", "tipo__descricao": "Lei Ordin\u00e1ria", "texto_integral": "http://sapl.sarandi.pr.leg.br/media/sapl/public/normajuridica/1992/787/lei_no_481-1992_sapl.pdf", "ementa": "Autoriza o chefe do Poder Executivo Municipal a abrir no corrente exerc\u00edcio financeiro um cr\u00e9dito adicional suplementar."}, {"id": "3905", "ano": "1992", "numero": "2", "tipo__sigla": "DL", "tipo__descricao": "Decreto Legislativo", "texto_integral": "http://sapl.sarandi.pr.leg.br/media/./sapl/public/normajuridica/1992/3905/3905_texto_integral.pdf", "ementa": "Aprova as Contas dos Poderes Executivo e Legislativo, relativas ao Exerc\u00edcio Financeiro de 1.900, conforme Parecer Pr\u00e9vio do Tribunal de Contas do Estado do Paran\u00e1."}, {"id": "3958", "ano": "1992", "numero": "17", "tipo__sigla": "POR", "tipo__descricao": "Portaria", "texto_integral": "http://sapl.sarandi.pr.leg.br/media/./sapl/public/normajuridica/1992/3958/3958_texto_integral.pdf", "ementa": "REFERENTE A AUMENTO DE N\u00cdVEIS SALARIAIS"}, {"id": "786", "ano": "1992", "numero": "480", "tipo__sigla": "LEI", "tipo__descricao": "Lei Ordin\u00e1ria", "texto_integral": "http://sapl.sarandi.pr.leg.br/media/sapl/public/normajuridica/1992/786/lei_no_480-1992_sapl.pdf", "ementa": "Disp\u00f5e sobre as diretrizes or\u00e7ament\u00e1rias para o exerc\u00edcio financeiro de 1993 e d\u00e1 outras provid\u00eancias."}, {"id": "785", "ano": "1992", "numero": "479", "tipo__sigla": "LEI", "tipo__descricao": "Lei Ordin\u00e1ria", "texto_integral": "http://sapl.sarandi.pr.leg.br/media/./sapl/public/normajuridica/1992/785/785_texto_integral.pdf", "ementa": "D\u00e1 nova denomina\u00e7\u00e3o a atual Rua Am\u00e9rico Brasiliense e d\u00e1 outras provid\u00eancias."}, {"id": "784", "ano": "1992", "numero": "478", "tipo__sigla": "LEI", "tipo__descricao": "Lei Ordin\u00e1ria", "texto_integral": "http://sapl.sarandi.pr.leg.br/media/sapl/public/normajuridica/1992/784/lei_no_478-1992_sapl.pdf", "ementa": "Autoriza o Chefe do Poder Executivo Municipal a doar \u00e1rea de terras, na forma que especifica."}, {"id": "783", "ano": "1992", "numero": "477", "tipo__sigla": "LEI", "tipo__descricao": "Lei Ordin\u00e1ria", "texto_integral": "http://sapl.sarandi.pr.leg.br/media/sapl/public/normajuridica/1992/783/lei_no_477-1992_sapl.pdf", "ementa": "Autoriza o Chefe do Poder Executivo Municipal a doar \u00e1rea de terras, na forma que especifica."}, {"id": "782", "ano": "1992", "numero": "476", "tipo__sigla": "LEI", "tipo__descricao": "Lei Ordin\u00e1ria", "texto_integral": "http://sapl.sarandi.pr.leg.br/media/sapl/public/normajuridica/1992/782/lei_no_476-1992_sapl.pdf", "ementa": "Cria o Fundo Municipal de Sa\u00fade e o Conselho Municipal de Sa\u00fade."}, {"id": "781", "ano": "1992", "numero": "475", "tipo__sigla": "LEI", "tipo__descricao": "Lei Ordin\u00e1ria", "texto_integral": "http://sapl.sarandi.pr.leg.br/media/sapl/public/normajuridica/1992/781/lei_no_475-1992_sapl.pdf", "ementa": "Altera o artigo 1\u00ba da Lei Municipal n\u00ba 157/86, de 17 de outubro de 1986, na forma que especifica."}, {"id": "780", "ano": "1992", "numero": "474", "tipo__sigla": "LEI", "tipo__descricao": "Lei Ordin\u00e1ria", "texto_integral": "http://sapl.sarandi.pr.leg.br/media/sapl/public/normajuridica/1992/780/lei_no_474-1992_sapl.pdf", "ementa": "Revoga a Lei Municipal n\u00ba 455/91, de 18/12/91, que autoriza o Chefe do Poder Executivo Municipal a doar \u00e1rea de terras, na forma que especifica."}, {"id": "3957", "ano": "1992", "numero": "16", "tipo__sigla": "POR", "tipo__descricao": "Portaria", "texto_integral": "http://sapl.sarandi.pr.leg.br/media/./sapl/public/normajuridica/1992/3957/3957_texto_integral.pdf", "ementa": "CONCEDE F\u00c9RIAS A SERVIDOR"}, {"id": "3956", "ano": "1992", "numero": "15", "tipo__sigla": "POR", "tipo__descricao": "Portaria", "texto_integral": "http://sapl.sarandi.pr.leg.br/media/./sapl/public/normajuridica/1992/3956/3956_texto_integral.pdf", "ementa": "CONCEDER LICEN\u00c7A REMUNERADA"}, {"id": "779", "ano": "1992", "numero": "473", "tipo__sigla": "LEI", "tipo__descricao": "Lei Ordin\u00e1ria", "texto_integral": "http://sapl.sarandi.pr.leg.br/media/sapl/public/normajuridica/1992/779/lei_no_473-1992_sapl.pdf", "ementa": "Autoriza o Poder Executivo Municipal a firmar acordo de parcelamento de d\u00edvida para com o Instituto Nacional do Seguro Social - INSS, e d\u00e1 outras provid\u00eancias."}, {"id": "3853", "ano": "1992", "numero": "9", "tipo__sigla": "LC", "tipo__descricao": "Lei Complementar", "texto_integral": "http://sapl.sarandi.pr.leg.br/media/./sapl/public/normajuridica/1992/3853/3853_texto_integral.pdf", "ementa": "Cria o Fundo de Previd\u00eancia dos Servidores Municipais de Sarandi - PRESERV, e d\u00e1 outras provid\u00eancias."}, {"id": "3852", "ano": "1992", "numero": "8", "tipo__sigla": "LC", "tipo__descricao": "Lei Complementar", "texto_integral": "http://sapl.sarandi.pr.leg.br/media/./sapl/public/normajuridica/1992/3852/3852_texto_integral.pdf", "ementa": "Institui o Regime de Previd\u00eancia Social dos Servidores P\u00fablicos do Munic\u00edpio de Sarandi - PR."}, {"id": "3851", "ano": "1992", "numero": "7", "tipo__sigla": "LC", "tipo__descricao": "Lei Complementar", "texto_integral": "http://sapl.sarandi.pr.leg.br/media/./sapl/public/normajuridica/1992/3851/3851_texto_integral.pdf", "ementa": "Disp\u00f5e sobre a institui\u00e7\u00e3o do Regime Jur\u00eddico \u00danico dos Servidores Municipais, na forma que especifica."}, {"id": "778", "ano": "1992", "numero": "472", "tipo__sigla": "LEI", "tipo__descricao": "Lei Ordin\u00e1ria", "texto_integral": "http://sapl.sarandi.pr.leg.br/media/sapl/public/normajuridica/1992/778/lei_no_472-1992_sapl.pdf", "ementa": "Altera o par\u00e1grafo \u00fanico do Art. 28 da Lei Municipal n\u00ba 464/92, de 12 de mar\u00e7o de 1992, na forma que especifica."}, {"id": "777", "ano": "1992", "numero": "471", "tipo__sigla": "LEI", "tipo__descricao": "Lei Ordin\u00e1ria", "texto_integral": "http://sapl.sarandi.pr.leg.br/media/sapl/public/normajuridica/1992/777/lei_no_471-1992_sapl.pdf", "ementa": "Disp\u00f5e sobre a realiza\u00e7\u00e3o da Exporandi, na forma que especifica."}, {"id": "776", "ano": "1992", "numero": "470", "tipo__sigla": "LEI", "tipo__descricao": "Lei Ordin\u00e1ria", "texto_integral": "http://sapl.sarandi.pr.leg.br/media/sapl/public/normajuridica/1992/776/lei_no_470-1992_sapl.pdf", "ementa": "Autoriza o Poder Executivo Municipal a adquirir im\u00f3veis urbanos, na forma que especifica."}, {"id": "775", "ano": "1992", "numero": "469", "tipo__sigla": "LEI", "tipo__descricao": "Lei Ordin\u00e1ria", "texto_integral": "http://sapl.sarandi.pr.leg.br/media/sapl/public/normajuridica/1992/775/lei_no_469-1992_sapl.pdf", "ementa": "Reconhece e declara de utilidade p\u00fablica a Associa\u00e7\u00e3o dos Moradores e Amigos dos Bairros: Jardins Primavera e Primaver\u00e3o."}, {"id": "3955", "ano": "1992", "numero": "14", "tipo__sigla": "POR", "tipo__descricao": "Portaria", "texto_integral": "http://sapl.sarandi.pr.leg.br/media/./sapl/public/normajuridica/1992/3955/3955_texto_integral.pdf", "ementa": "REFERENTE A AUMENTO DE SAL\u00c1RIO"}, {"id": "3954", "ano": "1992", "numero": "13", "tipo__sigla": "POR", "tipo__descricao": "Portaria", "texto_integral": "http://sapl.sarandi.pr.leg.br/media/./sapl/public/normajuridica/1992/3954/3954_texto_integral.pdf", "ementa": "REFERENTE GRATIFICA\u00c7\u00c3O MENSAL"}, {"id": "3953", "ano": "1992", "numero": "12", "tipo__sigla": "POR", "tipo__descricao": "Portaria", "texto_integral": "http://sapl.sarandi.pr.leg.br/media/./sapl/public/normajuridica/1992/3953/3953_texto_integral.pdf", "ementa": "REFERENTE A GRATIFICA\u00c7\u00c3O MENSAL"}, {"id": "3904", "ano": "1992", "numero": "1", "tipo__sigla": "DL", "tipo__descricao": "Decreto Legislativo", "texto_integral": "http://sapl.sarandi.pr.leg.br/media/./sapl/public/normajuridica/1992/3904/3904_texto_integral.pdf", "ementa": "Aprova aumento do n\u00famero de \"Cadeiras\" da C\u00e2mara Municipal, a partir da pr\u00f3xima Legislatura."}, {"id": "4283", "ano": "1992", "numero": "11", "tipo__sigla": "ELO", "tipo__descricao": "Emenda \u00e0 Lei Org\u00e2nica", "texto_integral": "http://sapl.sarandi.pr.leg.br/media/sapl/public/normajuridica/1992/4283/emenda_no_011-1992.pdf", "ementa": "Altera o \"caput\" do artigo 108, da Lei Org\u00e2nica do Munic\u00edpio."}, {"id": "4282", "ano": "1992", "numero": "10", "tipo__sigla": "ELO", "tipo__descricao": "Emenda \u00e0 Lei Org\u00e2nica", "texto_integral": "http://sapl.sarandi.pr.leg.br/media/sapl/public/normajuridica/1992/4282/emenda_no_010-1992.pdf", "ementa": "Altera o artigo 107, da Lei Org\u00e2nica do Munic\u00edpio de Sarandi."}, {"id": "4281", "ano": "1992", "numero": "9", "tipo__sigla": "ELO", "tipo__descricao": "Emenda \u00e0 Lei Org\u00e2nica", "texto_integral": "http://sapl.sarandi.pr.leg.br/media/sapl/public/normajuridica/1992/4281/emenda_no_009-1992.pdf", "ementa": "Acrescenta par\u00e1grafo ao artigo 79, da Lei Org\u00e2nica do Munic\u00edpio de Sarandi."}, {"id": "4280", "ano": "1992", "numero": "8", "tipo__sigla": "ELO", "tipo__descricao": "Emenda \u00e0 Lei Org\u00e2nica", "texto_integral": "http://sapl.sarandi.pr.leg.br/media/sapl/public/normajuridica/1992/4280/emenda_no_008-1992.pdf", "ementa": "Altera o artigo 78, da Lei Org\u00e2nica do Munic\u00edpio de Sarandi."}, {"id": "4279", "ano": "1992", "numero": "7", "tipo__sigla": "ELO", "tipo__descricao": "Emenda \u00e0 Lei Org\u00e2nica", "texto_integral": "http://sapl.sarandi.pr.leg.br/media/sapl/public/normajuridica/1992/4279/emenda_no_007-1992.pdf", "ementa": "Altera o inciso X, do artigo 53, da Lei Org\u00e2nica do Munic\u00edpio de Sarandi."}, {"id": "4278", "ano": "1992", "numero": "6", "tipo__sigla": "ELO", "tipo__descricao": "Emenda \u00e0 Lei Org\u00e2nica", "texto_integral": "http://sapl.sarandi.pr.leg.br/media/sapl/public/normajuridica/1992/4278/emenda_no_006-1992.pdf", "ementa": "Altera o par\u00e1grafo 2\u00ba, do artigo 50, da Lei Org\u00e2nica do Munic\u00edpio de Sarandi."}, {"id": "4277", "ano": "1992", "numero": "5", "tipo__sigla": "ELO", "tipo__descricao": "Emenda \u00e0 Lei Org\u00e2nica", "texto_integral": "http://sapl.sarandi.pr.leg.br/media/sapl/public/normajuridica/1992/4277/emenda_no_005-1992.pdf", "ementa": "Altera o inciso XX, do artigo 32, da Lei Org\u00e2nica do Munic\u00edpio de Sarandi."}, {"id": "4276", "ano": "1992", "numero": "4", "tipo__sigla": "ELO", "tipo__descricao": "Emenda \u00e0 Lei Org\u00e2nica", "texto_integral": "http://sapl.sarandi.pr.leg.br/media/sapl/public/normajuridica/1992/4276/emenda_no_004-1992.pdf", "ementa": "Altera o inciso III, do artigo 31, da Lei Org\u00e2nica do Munic\u00edpio de Sarandi."}, {"id": "4275", "ano": "1992", "numero": "3", "tipo__sigla": "ELO", "tipo__descricao": "Emenda \u00e0 Lei Org\u00e2nica", "texto_integral": "http://sapl.sarandi.pr.leg.br/media/sapl/public/normajuridica/1992/4275/emenda_no_003-1992.pdf", "ementa": "Altera o inciso II, do artigo 31, da Lei Org\u00e2nica do Munic\u00edpio de Sarandi."}, {"id": "4274", "ano": "1992", "numero": "2", "tipo__sigla": "ELO", "tipo__descricao": "Emenda \u00e0 Lei Org\u00e2nica", "texto_integral": "http://sapl.sarandi.pr.leg.br/media/sapl/public/normajuridica/1992/4274/emenda_a_lei_organica_no_02-1992.pdf", "ementa": "Altera o inciso VI, do artigo 8\u00ba, da Lei Org\u00e2nica do Munic\u00edpio de Sarandi."}, {"id": "4273", "ano": "1992", "numero": "1", "tipo__sigla": "ELO", "tipo__descricao": "Emenda \u00e0 Lei Org\u00e2nica", "texto_integral": "http://sapl.sarandi.pr.leg.br/media/sapl/public/normajuridica/1992/4273/emenda_no_001-1992.pdf", "ementa": "Altera o inciso XIII, do artigo 5\u00ba, da Lei Org\u00e2nica do Munic\u00edpio de Sarandi."}, {"id": "774", "ano": "1992", "numero": "468", "tipo__sigla": "LEI", "tipo__descricao": "Lei Ordin\u00e1ria", "texto_integral": "http://sapl.sarandi.pr.leg.br/media/sapl/public/normajuridica/1992/774/lei_no_468-1992_sapl.pdf", "ementa": "D\u00e1 novos valores aos s\u00edmbolos do anexo VI da Lei Municipal n\u00ba 3/83, alterados pelas leis n\u00ba 82/85, 208/87 e 429/91 e d\u00e1 outras provid\u00eancias."}, {"id": "773", "ano": "1992", "numero": "467", "tipo__sigla": "LEI", "tipo__descricao": "Lei Ordin\u00e1ria", "texto_integral": "http://sapl.sarandi.pr.leg.br/media/sapl/public/normajuridica/1992/773/lei_no_467-1992_sapl.pdf", "ementa": "D\u00e1 nova denomina\u00e7\u00e3o ao atual prolongamento da Rua Tiradentes no Jardim Independ\u00eancia 3\u00aa Parte e d\u00e1 outras provid\u00eancias."}, {"id": "772", "ano": "1992", "numero": "466", "tipo__sigla": "LEI", "tipo__descricao": "Lei Ordin\u00e1ria", "texto_integral": "http://sapl.sarandi.pr.leg.br/media/sapl/public/normajuridica/1992/772/lei_no_466-1992_sapl.pdf", "ementa": "Autoriza o Poder Executivo Municipal a doar \u00e1rea de terras \u00e0 Uni\u00e3o, na forma que especifica."}, {"id": "771", "ano": "1992", "numero": "465", "tipo__sigla": "LEI", "tipo__descricao": "Lei Ordin\u00e1ria", "texto_integral": "http://sapl.sarandi.pr.leg.br/media/./sapl/public/normajuridica/1992/771/771_texto_integral.pdf", "ementa": "Altera o Art. 1\u00ba da Lei Municipal n\u00ba 441/91, de 6/11/1991, na forma que especifica."}, {"id": "4464", "ano": "1992", "numero": "6", "tipo__sigla": "LC", "tipo__descricao": "Lei Complementar", "texto_integral": "http://sapl.sarandi.pr.leg.br/media/sapl/public/normajuridica/1992/4464/06-1992-min.pdf", "ementa": "Disciplina Poder de Pol\u00edcia Administrativa sobre Posturas do Munic\u00edpio de Sarandi."}, {"id": "944", "ano": "1992", "numero": "5", "tipo__sigla": "LC", "tipo__descricao": "Lei Complementar", "texto_integral": "http://sapl.sarandi.pr.leg.br/media/sapl/public/normajuridica/1992/944/05-1992-min.pdf", "ementa": "Disp\u00f5e sobre o projeto a realiza\u00e7\u00e3o de obras e as caracter\u00edsticas das edifica\u00e7\u00f5es no Munic\u00edpio de Sarandi, Estado do Paran\u00e1, nos termos do Plano Diretor integrado de desenvolvimento e d\u00e1 outras provid\u00eancias."}, {"id": "3365", "ano": "1992", "numero": "4", "tipo__sigla": "LC", "tipo__descricao": "Lei Complementar", "texto_integral": "http://sapl.sarandi.pr.leg.br/media/sapl/public/normajuridica/1992/3365/04.1992-min.pdf", "ementa": "Disp\u00f5e sobre o Parcelamento do Solo Urbano no Munic\u00edpio de Sarandi, nos termos da Lei Complementar do Plano Diretor Integrado de Desenvolvimento, e d\u00e1 outras provid\u00eancias."}, {"id": "936", "ano": "1992", "numero": "3", "tipo__sigla": "LC", "tipo__descricao": "Lei Complementar", "texto_integral": "http://sapl.sarandi.pr.leg.br/media/sapl/public/normajuridica/1992/936/03.1992-min.pdf", "ementa": "Disp\u00f5e sobre normas e padr\u00f5es de uso e ocupa\u00e7\u00e3o do solo para as Zonas Urbanas do Munic\u00edpio de Sarandi, nos termos da Lei Complementar do Plano Diretor Integrado de Desenvolvimento."}, {"id": "4463", "ano": "1992", "numero": "2", "tipo__sigla": "LC", "tipo__descricao": "Lei Complementar", "texto_integral": "http://sapl.sarandi.pr.leg.br/media/sapl/public/normajuridica/1992/4463/02.1992-min.pdf", "ementa": "Institui os per\u00edmetros das Zonas Urbanas do Munic\u00edpio de Sarandi, nos termos da Lei Complementar do Plano Diretor Integrado de Desenvolvimento e d\u00e1 outras provid\u00eancias."}, {"id": "4462", "ano": "1992", "numero": "1", "tipo__sigla": "LC", "tipo__descricao": "Lei Complementar", "texto_integral": "http://sapl.sarandi.pr.leg.br/media/sapl/public/normajuridica/1992/4462/01.1992-min.pdf", "ementa": "Institui o Plano Diretor Integrado de Desenvolvimento, estabelece diretrizes para as a\u00e7\u00f5es de planejamento do Munic\u00edpio de Sarandi e d\u00e1 outras provid\u00eancias."}, {"id": "770", "ano": "1992", "numero": "464", "tipo__sigla": "LEI", "tipo__descricao": "Lei Ordin\u00e1ria", "texto_integral": "http://sapl.sarandi.pr.leg.br/media/./sapl/public/normajuridica/1992/770/770_texto_integral.pdf", "ementa": "Disp\u00f5e sobre a pol\u00edtica municipal de atendimento dos direitos da crian\u00e7a e do adolescente e d\u00e1 outras provid\u00eancias."}, {"id": "3952", "ano": "1992", "numero": "11", "tipo__sigla": "POR", "tipo__descricao": "Portaria", "texto_integral": "http://sapl.sarandi.pr.leg.br/media/./sapl/public/normajuridica/1992/3952/3952_texto_integral.pdf", "ementa": "REFERENTE A GRATIFICA\u00c7\u00c3O MENSAL"}, {"id": "3951", "ano": "1992", "numero": "10", "tipo__sigla": "POR", "tipo__descricao": "Portaria", "texto_integral": "http://sapl.sarandi.pr.leg.br/media/./sapl/public/normajuridica/1992/3951/3951_texto_integral.pdf", "ementa": "REFERENTE A GRATIFICA\u00c7\u00c3O MENSAL"}, {"id": "3950", "ano": "1992", "numero": "9", "tipo__sigla": "POR", "tipo__descricao": "Portaria", "texto_integral": "http://sapl.sarandi.pr.leg.br/media/./sapl/public/normajuridica/1992/3950/3950_texto_integral.pdf", "ementa": "REFERENTE A GRATIFICA\u00c7\u00c3O MENSAL"}, {"id": "3949", "ano": "1992", "numero": "8", "tipo__sigla": "POR", "tipo__descricao": "Portaria", "texto_integral": "http://sapl.sarandi.pr.leg.br/media/./sapl/public/normajuridica/1992/3949/3949_texto_integral.pdf", "ementa": "HOMOLOGA\u00c7\u00c3O DE RESULTADO DE ELEI\u00c7\u00d5ES DAS COMISS\u00d5ES PERMANENTES"}, {"id": "3948", "ano": "1992", "numero": "7", "tipo__sigla": "POR", "tipo__descricao": "Portaria", "texto_integral": "http://sapl.sarandi.pr.leg.br/media/./sapl/public/normajuridica/1992/3948/3948_texto_integral.pdf", "ementa": "REFERENTE A GRATIFICA\u00c7\u00c3O MENSAL"}, {"id": "3947", "ano": "1992", "numero": "6", "tipo__sigla": "POR", "tipo__descricao": "Portaria", "texto_integral": "http://sapl.sarandi.pr.leg.br/media/./sapl/public/normajuridica/1992/3947/3947_texto_integral.pdf", "ementa": "REFERENTE A GRATIFICA\u00c7\u00c3O MENSAL"}, {"id": "3946", "ano": "1992", "numero": "5", "tipo__sigla": "POR", "tipo__descricao": "Portaria", "texto_integral": "http://sapl.sarandi.pr.leg.br/media/./sapl/public/normajuridica/1992/3946/3946_texto_integral.pdf", "ementa": "REFERENTE A GRATIFICA\u00c7\u00c3O MENSAL"}, {"id": "3945", "ano": "1992", "numero": "4", "tipo__sigla": "POR", "tipo__descricao": "Portaria", "texto_integral": "http://sapl.sarandi.pr.leg.br/media/./sapl/public/normajuridica/1992/3945/3945_texto_integral.pdf", "ementa": "REFERENTE A GRATIFICA\u00c7\u00c3O MENSAL"}, {"id": "3944", "ano": "1992", "numero": "3", "tipo__sigla": "POR", "tipo__descricao": "Portaria", "texto_integral": "http://sapl.sarandi.pr.leg.br/media/./sapl/public/normajuridica/1992/3944/3944_texto_integral.pdf", "ementa": "REFERENTE A GRATIFICA\u00c7\u00c3O MENSAL"}, {"id": "3943", "ano": "1992", "numero": "2", "tipo__sigla": "POR", "tipo__descricao": "Portaria", "texto_integral": "http://sapl.sarandi.pr.leg.br/media/./sapl/public/normajuridica/1992/3943/3943_texto_integral.pdf", "ementa": "REFERENTE A GRATIFICA\u00c7\u00c3O MENSAL"}, {"id": "3942", "ano": "1992", "numero": "1", "tipo__sigla": "POR", "tipo__descricao": "Portaria", "texto_integral": "http://sapl.sarandi.pr.leg.br/media/./sapl/public/normajuridica/1992/3942/3942_texto_integral.pdf", "ementa": "REFERENTE AUMENTO DE SAL\u00c1RIO DE PESSOAL TEMPOR\u00c1RIO"}, {"id": "769", "ano": "1992", "numero": "463", "tipo__sigla": "LEI", "tipo__descricao": "Lei Ordin\u00e1ria", "texto_integral": "http://sapl.sarandi.pr.leg.br/media/sapl/public/normajuridica/1992/769/lei_no_463-1992_sapl.pdf", "ementa": "Autoriza o Poder Executivo Municipal a contratar parcelamento da d\u00edvida para com o Fundo de Garantia do Tempo de Servi\u00e7o FGTS e d\u00e1 outras provid\u00eancias."}, {"id": "1350", "ano": "1992", "numero": "3", "tipo__sigla": "RES", "tipo__descricao": "Resolu\u00e7\u00e3o", "texto_integral": "http://sapl.sarandi.pr.leg.br/media/", "ementa": "..."}, {"id": "8", "ano": "1991", "numero": "2", "tipo__sigla": "DL", "tipo__descricao": "Decreto Legislativo", "texto_integral": "http://sapl.sarandi.pr.leg.br/media/./sapl/public/normajuridica/1991/8/8_texto_integral.pdf", "ementa": "Aprova Conv\u00eanio firmado entre o Munic\u00edpio de Sarandi, a Funda\u00e7\u00e3o Educacional do Paran\u00e1-FUNDEPAR e o Departamento Estadual de Constru\u00e7\u00e3o de Obras e Manuten\u00e7\u00e3o-DECOM, e o Termo de Coopera\u00e7\u00e3o Financeira com a Secretaria de Estado da Educa\u00e7\u00e3o, na forma que especifica."}, {"id": "766", "ano": "1991", "numero": "462", "tipo__sigla": "LEI", "tipo__descricao": "Lei Ordin\u00e1ria", "texto_integral": "http://sapl.sarandi.pr.leg.br/media/sapl/public/normajuridica/1991/766/lei_no_462-1991_sapl.pdf", "ementa": "Institui a UFS - Unidade Fiscal Sarandiense, na forma que especifica."}, {"id": "765", "ano": "1991", "numero": "461", "tipo__sigla": "LEI", "tipo__descricao": "Lei Ordin\u00e1ria", "texto_integral": "http://sapl.sarandi.pr.leg.br/media/sapl/public/normajuridica/1991/765/lei_no_461-1991_sapl.pdf", "ementa": "Cria o Fundo Municipal de Sa\u00fade e o Conselho Municipal de Sa\u00fade."}, {"id": "764", "ano": "1991", "numero": "460", "tipo__sigla": "LEI", "tipo__descricao": "Lei Ordin\u00e1ria", "texto_integral": "http://sapl.sarandi.pr.leg.br/media/sapl/public/normajuridica/1991/764/lei_no_460-1991_sapl.pdf", "ementa": "Autoriza a abertura de cr\u00e9dito adicional suplementar."}, {"id": "763", "ano": "1991", "numero": "459", "tipo__sigla": "LEI", "tipo__descricao": "Lei Ordin\u00e1ria", "texto_integral": "http://sapl.sarandi.pr.leg.br/media/sapl/public/normajuridica/1991/763/lei_no_459-1991_sapl.pdf", "ementa": "Concede desconto nas parcelas do Imposto Predial e Territorial Urbano que forem quitadas dentro do prazo legal."}, {"id": "874", "ano": "1991", "numero": "458", "tipo__sigla": "LEI", "tipo__descricao": "Lei Ordin\u00e1ria", "texto_integral": "http://sapl.sarandi.pr.leg.br/media/sapl/public/normajuridica/1991/874/lei_no_458-1991_sapl.pdf", "ementa": "Autoriza o Chefe do Poder Executivo Municipal a isentar taxa de licen\u00e7a relativa ao com\u00e9rcio ambulante e d\u00e1 outras provid\u00eancias."}, {"id": "762", "ano": "1991", "numero": "457", "tipo__sigla": "LEI", "tipo__descricao": "Lei Ordin\u00e1ria", "texto_integral": "http://sapl.sarandi.pr.leg.br/media/sapl/public/normajuridica/1991/762/lei_no_457-1991_sapl.pdf", "ementa": "Autoriza o Poder Executivo Municipal a adquirir im\u00f3vel urbano, na forma que especifica."}, {"id": "761", "ano": "1991", "numero": "456", "tipo__sigla": "LEI", "tipo__descricao": "Lei Ordin\u00e1ria", "texto_integral": "http://sapl.sarandi.pr.leg.br/media/sapl/public/normajuridica/1991/761/lei_no_456-1991_sapl.pdf", "ementa": "Oficializa nome de creche municipal do Parque S\u00e3o Pedro e d\u00e1 outras provid\u00eancias."}, {"id": "760", "ano": "1991", "numero": "455", "tipo__sigla": "LEI", "tipo__descricao": "Lei Ordin\u00e1ria", "texto_integral": "http://sapl.sarandi.pr.leg.br/media/sapl/public/normajuridica/1991/760/lei_no_455-1991_sapl.pdf", "ementa": "Autoriza o Chefe do Poder Executivo Municipal a doar \u00e1rea de terras, na forma que especifica."}, {"id": "759", "ano": "1991", "numero": "454", "tipo__sigla": "LEI", "tipo__descricao": "Lei Ordin\u00e1ria", "texto_integral": "http://sapl.sarandi.pr.leg.br/media/sapl/public/normajuridica/1991/759/lei_no_454-1991_sapl.pdf", "ementa": "Autoriza a abertura de cr\u00e9dito adicional suplementar e d\u00e1 outras provid\u00eancias."}, {"id": "758", "ano": "1991", "numero": "453", "tipo__sigla": "LEI", "tipo__descricao": "Lei Ordin\u00e1ria", "texto_integral": "http://sapl.sarandi.pr.leg.br/media/sapl/public/normajuridica/1991/758/lei_no_453-1991_sapl.pdf", "ementa": "Autoriza o Chefe do Poder Executivo Municipal a doar \u00e1rea de terras, na forma que especifica."}, {"id": "757", "ano": "1991", "numero": "452", "tipo__sigla": "LEI", "tipo__descricao": "Lei Ordin\u00e1ria", "texto_integral": "http://sapl.sarandi.pr.leg.br/media/sapl/public/normajuridica/1991/757/lei_no_452-1991_sapl.pdf", "ementa": "Autoriza o Chefe do Poder Executivo Municipal a doar \u00e1rea de terras, na forma que especifica."}, {"id": "756", "ano": "1991", "numero": "451", "tipo__sigla": "LEI", "tipo__descricao": "Lei Ordin\u00e1ria", "texto_integral": "http://sapl.sarandi.pr.leg.br/media/sapl/public/normajuridica/1991/756/lei_no_451-1991_sapl.pdf", "ementa": "Autoriza o Chefe do Poder Executivo Municipal a doar \u00e1rea de terras, na forma que especifica."}, {"id": "755", "ano": "1991", "numero": "450", "tipo__sigla": "LEI", "tipo__descricao": "Lei Ordin\u00e1ria", "texto_integral": "http://sapl.sarandi.pr.leg.br/media/sapl/public/normajuridica/1991/755/lei_no_450-1991_sapl.pdf", "ementa": "Autoriza o Chefe do Poder Executivo Municipal a doar \u00e1rea de terras, na forma que especifica."}, {"id": "754", "ano": "1991", "numero": "449", "tipo__sigla": "LEI", "tipo__descricao": "Lei Ordin\u00e1ria", "texto_integral": "http://sapl.sarandi.pr.leg.br/media/sapl/public/normajuridica/1991/754/lei_no_449-1991_sapl.pdf", "ementa": "Institui a obrigatoriedade da interpreta\u00e7\u00e3o do Hino Nacional Brasileiro em todas as escolas do Munic\u00edpio e d\u00e1 outras provid\u00eancias."}, {"id": "753", "ano": "1991", "numero": "448", "tipo__sigla": "LEI", "tipo__descricao": "Lei Ordin\u00e1ria", "texto_integral": "http://sapl.sarandi.pr.leg.br/media/sapl/public/normajuridica/1991/753/lei_no_448-1991_sapl.pdf", "ementa": "Autoriza o Poder Executivo Municipal a doar im\u00f3vel urbano, na forma que especifica."}, {"id": "752", "ano": "1991", "numero": "447", "tipo__sigla": "LEI", "tipo__descricao": "Lei Ordin\u00e1ria", "texto_integral": "http://sapl.sarandi.pr.leg.br/media/sapl/public/normajuridica/1991/752/lei_no_447-1991_sapl.pdf", "ementa": "Estima a receita e fixa a despesa do Fundo Municipal de Sa\u00fade, para o exerc\u00edcio financeiro de 1992."}, {"id": "751", "ano": "1991", "numero": "446", "tipo__sigla": "LEI", "tipo__descricao": "Lei Ordin\u00e1ria", "texto_integral": "http://sapl.sarandi.pr.leg.br/media/sapl/public/normajuridica/1991/751/lei_no_446-1991_sapl.pdf", "ementa": "Estima a receita e fixa a despesa do Fundo Municipal dos Direitos da Crian\u00e7a e do Adolescente."}, {"id": "750", "ano": "1991", "numero": "445", "tipo__sigla": "LEI", "tipo__descricao": "Lei Ordin\u00e1ria", "texto_integral": "http://sapl.sarandi.pr.leg.br/media/sapl/public/normajuridica/1991/750/lei_no_445-1991_sapl.pdf", "ementa": "Estima a receita e fixa a despesa do Munic\u00edpio para o exerc\u00edcio financeiro de 1992."}, {"id": "3941", "ano": "1991", "numero": "21", "tipo__sigla": "POR", "tipo__descricao": "Portaria", "texto_integral": "http://sapl.sarandi.pr.leg.br/media/./sapl/public/normajuridica/1991/3941/3941_texto_integral.pdf", "ementa": "INSTITUIR COMISS\u00c3O PARA ANALISAR LICITA\u00c7\u00c3O"}, {"id": "749", "ano": "1991", "numero": "444", "tipo__sigla": "LEI", "tipo__descricao": "Lei Ordin\u00e1ria", "texto_integral": "http://sapl.sarandi.pr.leg.br/media/sapl/public/normajuridica/1991/749/lei_no_444-1991_sapl.pdf", "ementa": "Autoriza o Chefe do Poder Executivo Municipal a doar \u00e1rea de terras, na forma que especifica."}, {"id": "748", "ano": "1991", "numero": "443", "tipo__sigla": "LEI", "tipo__descricao": "Lei Ordin\u00e1ria", "texto_integral": "http://sapl.sarandi.pr.leg.br/media/sapl/public/normajuridica/1991/748/lei_no_443-1991_sapl.pdf", "ementa": "Autoriza o Chefe do Poder Executivo Municipal a proceder a doa\u00e7\u00e3o da data de terras sob n\u00famero 3, da quadra n\u00b0 7, do Loteamento denominado \"Jardim Esperan\u00e7a\", 1\u00aa Parte, e d\u00e1 outras provid\u00eancias."}, {"id": "747", "ano": "1991", "numero": "442", "tipo__sigla": "LEI", "tipo__descricao": "Lei Ordin\u00e1ria", "texto_integral": "http://sapl.sarandi.pr.leg.br/media/sapl/public/normajuridica/1991/747/lei_no_442-1991_sapl.pdf", "ementa": "Autoriza o Poder Executivo Municipal a adquirir im\u00f3veis urbanos, na forma que especifica."}, {"id": "746", "ano": "1991", "numero": "441", "tipo__sigla": "LEI", "tipo__descricao": "Lei Ordin\u00e1ria", "texto_integral": "http://sapl.sarandi.pr.leg.br/media/./sapl/public/normajuridica/1991/746/746_texto_integral.pdf", "ementa": "Autoriza o Poder Executivo Municipal a doar \u00e1rea de terras, na forma que especifica."}, {"id": "7", "ano": "1991", "numero": "1", "tipo__sigla": "DL", "tipo__descricao": "Decreto Legislativo", "texto_integral": "http://sapl.sarandi.pr.leg.br/media/./sapl/public/normajuridica/1991/7/7_texto_integral.pdf", "ementa": "Aprova as Contas do Executivo, Legislativo e Autarquia Municipal de Servi\u00e7os P\u00fablicos, relativas ao Exerc\u00edcio financeiro de 1.989, conforme Parecer Pr\u00e9vio do Tribunal de Contas do Estado do Paran\u00e1."}, {"id": "745", "ano": "1991", "numero": "440", "tipo__sigla": "LEI", "tipo__descricao": "Lei Ordin\u00e1ria", "texto_integral": "http://sapl.sarandi.pr.leg.br/media/sapl/public/normajuridica/1991/745/lei_no_440-1991_sapl.pdf", "ementa": "Autoriza o Chefe do Poder Executivo Municipal a conceder desconto no recolhimento do ITBI, na forma que especifica."}, {"id": "3940", "ano": "1991", "numero": "20", "tipo__sigla": "POR", "tipo__descricao": "Portaria", "texto_integral": "http://sapl.sarandi.pr.leg.br/media/./sapl/public/normajuridica/1991/3940/3940_texto_integral.pdf", "ementa": "REFERENTE A AUMENTO DE SAL\u00c1RIO"}, {"id": "744", "ano": "1991", "numero": "439", "tipo__sigla": "LEI", "tipo__descricao": "Lei Ordin\u00e1ria", "texto_integral": "http://sapl.sarandi.pr.leg.br/media/sapl/public/normajuridica/1991/744/lei_no_439-1991_sapl.pdf", "ementa": "Autoriza o Poder Executivo Municipal a adquirir im\u00f3vel urbano, na forma que especifica."}, {"id": "743", "ano": "1991", "numero": "438", "tipo__sigla": "LEI", "tipo__descricao": "Lei Ordin\u00e1ria", "texto_integral": "http://sapl.sarandi.pr.leg.br/media/sapl/public/normajuridica/1991/743/lei_no_438-1991_sapl.pdf", "ementa": "Disp\u00f5e sobre a obrigatoriedade de instala\u00e7\u00f5es sanit\u00e1rias em Ag\u00eancias Banc\u00e1rias e Reparti\u00e7\u00f5es P\u00fablica e d\u00e1 outras provid\u00eancias."}, {"id": "742", "ano": "1991", "numero": "437", "tipo__sigla": "LEI", "tipo__descricao": "Lei Ordin\u00e1ria", "texto_integral": "http://sapl.sarandi.pr.leg.br/media/sapl/public/normajuridica/1991/742/lei_no_437-1991_sapl.pdf", "ementa": "D\u00e1 nova denomina\u00e7\u00e3o a atual Rua Santo Amaro e d\u00e1 outras provid\u00eancias."}, {"id": "741", "ano": "1991", "numero": "436", "tipo__sigla": "LEI", "tipo__descricao": "Lei Ordin\u00e1ria", "texto_integral": "http://sapl.sarandi.pr.leg.br/media/sapl/public/normajuridica/1991/741/lei_no_436-1991_sapl.pdf", "ementa": "Concede desconto para pagamento da Contribui\u00e7\u00e3o de Melhoria lan\u00e7ada sobre im\u00f3veis de esquina, na forma que especifica."}, {"id": "740", "ano": "1991", "numero": "435", "tipo__sigla": "LEI", "tipo__descricao": "Lei Ordin\u00e1ria", "texto_integral": "http://sapl.sarandi.pr.leg.br/media/sapl/public/normajuridica/1991/740/lei_no_435-1991_sapl.pdf", "ementa": "D\u00e1 nova reda\u00e7\u00e3o \u00e0 al\u00ednea o da Lei Municipal n\u00ba 254/88, de 24/4/88, que acrescentou as letras M, N, O, P e Q, ao \u00a7 6\u00ba, da Lei Municipal n\u00ba 162/86, de 14/11/86, que alterou a Lei Municipal n\u00ba 31/83, de 16/6/83."}, {"id": "739", "ano": "1991", "numero": "434", "tipo__sigla": "LEI", "tipo__descricao": "Lei Ordin\u00e1ria", "texto_integral": "http://sapl.sarandi.pr.leg.br/media/sapl/public/normajuridica/1991/739/lei_no_434-1991_sapl.pdf", "ementa": "Autoriza o Poder Executivo Municipal a instituir Concurso P\u00fablico para incentivar a movimenta\u00e7\u00e3o no com\u00e9rcio e d\u00e1 outras provid\u00eancias."}, {"id": "738", "ano": "1991", "numero": "433", "tipo__sigla": "LEI", "tipo__descricao": "Lei Ordin\u00e1ria", "texto_integral": "http://sapl.sarandi.pr.leg.br/media/sapl/public/normajuridica/1991/738/lei_no_433-1991_sapl.pdf", "ementa": "Autoriza o Poder Executivo Municipal a contratar financiamento com a Caixa Econ\u00f4mica Federal-CEF, a oferecer garantias e d\u00e1 outras provid\u00eancias correlatas."}, {"id": "3939", "ano": "1991", "numero": "19", "tipo__sigla": "POR", "tipo__descricao": "Portaria", "texto_integral": "http://sapl.sarandi.pr.leg.br/media/./sapl/public/normajuridica/1991/3939/3939_texto_integral.pdf", "ementa": "CONCEDER LICEN\u00c7A ESPECIAL A SERVIDOR"}, {"id": "737", "ano": "1991", "numero": "432", "tipo__sigla": "LEI", "tipo__descricao": "Lei Ordin\u00e1ria", "texto_integral": "http://sapl.sarandi.pr.leg.br/media/sapl/public/normajuridica/1991/737/lei_no_432-1991_sapl.pdf", "ementa": "Autoriza o Poder Executivo Municipal a assinar Termo de Coopera\u00e7\u00e3o T\u00e9cnica e Financeira com o Estado do Paran\u00e1, na forma que especifica."}, {"id": "736", "ano": "1991", "numero": "431", "tipo__sigla": "LEI", "tipo__descricao": "Lei Ordin\u00e1ria", "texto_integral": "http://sapl.sarandi.pr.leg.br/media/sapl/public/normajuridica/1991/736/lei_no_431-1991_sapl.pdf", "ementa": "Autoriza o Poder Executivo Municipal a firmar conv\u00eanio com a Funda\u00e7\u00e3o Educacional do Paran\u00e1 - FUNDEPAR, e estabelece outras provid\u00eancias."}, {"id": "735", "ano": "1991", "numero": "430", "tipo__sigla": "LEI", "tipo__descricao": "Lei Ordin\u00e1ria", "texto_integral": "http://sapl.sarandi.pr.leg.br/media/sapl/public/normajuridica/1991/735/lei_no_430-1991_sapl.pdf", "ementa": "Concede antecipa\u00e7\u00e3o salarial aos servidores do quadro de pessoal suplementar e do quadro do magist\u00e9rio municipal regidos pela CLT, na forma que especifica."}, {"id": "734", "ano": "1991", "numero": "429", "tipo__sigla": "LEI", "tipo__descricao": "Lei Ordin\u00e1ria", "texto_integral": "http://sapl.sarandi.pr.leg.br/media/sapl/public/normajuridica/1991/734/lei_no_429-1991_sapl.pdf", "ementa": "Altera valores de s\u00edmbolos constantes da Lei Municipal n\u00ba 3/83, de 11/2/1983, alterada pela lei municipal n\u00ba 208/87, de 28 de outubro de 1987, na forma que especifica."}, {"id": "733", "ano": "1991", "numero": "428", "tipo__sigla": "LEI", "tipo__descricao": "Lei Ordin\u00e1ria", "texto_integral": "http://sapl.sarandi.pr.leg.br/media/./sapl/public/normajuridica/1991/733/733_texto_integral.pdf", "ementa": "Autoriza a abertura de cr\u00e9dito adicional suplementar e d\u00e1 outras provid\u00eancias."}, {"id": "435", "ano": "1991", "numero": "4", "tipo__sigla": "RES", "tipo__descricao": "Resolu\u00e7\u00e3o", "texto_integral": "http://sapl.sarandi.pr.leg.br/media/./sapl/public/normajuridica/1991/435/435_texto_integral.pdf", "ementa": "Concede Antecipa\u00e7\u00e3o Salarial aos Servidores dos Quadros de Pessoal Efetivo e Suplementar da C\u00e2mara Municipal."}, {"id": "434", "ano": "1991", "numero": "3", "tipo__sigla": "RES", "tipo__descricao": "Resolu\u00e7\u00e3o", "texto_integral": "http://sapl.sarandi.pr.leg.br/media/./sapl/public/normajuridica/1991/434/434_texto_integral.pdf", "ementa": "Altera os Valores das Tabelas de Vencimentos dos anexos I e II do Quadro Pr\u00f3prio de Pessoal Permanente da C\u00e2mara Municipal."}, {"id": "433", "ano": "1991", "numero": "2", "tipo__sigla": "RES", "tipo__descricao": "Resolu\u00e7\u00e3o", "texto_integral": "http://sapl.sarandi.pr.leg.br/media/./sapl/public/normajuridica/1991/433/433_texto_integral.pdf", "ementa": "Disp\u00f5e sobre o hor\u00e1rio de expediente da C\u00e2mara Municipal de Sarandi, na forma que especifica."}, {"id": "3938", "ano": "1991", "numero": "18", "tipo__sigla": "POR", "tipo__descricao": "Portaria", "texto_integral": "http://sapl.sarandi.pr.leg.br/media/./sapl/public/normajuridica/1991/3938/3938_texto_integral.pdf", "ementa": "REENQUADRA FUNCION\u00c1RIO"}, {"id": "3937", "ano": "1991", "numero": "17", "tipo__sigla": "POR", "tipo__descricao": "Portaria", "texto_integral": "http://sapl.sarandi.pr.leg.br/media/./sapl/public/normajuridica/1991/3937/3937_texto_integral.pdf", "ementa": "REVOGAR PORTARIAS 02/1991, 10/1991, 11/1991, REFERENTE A GRATIFICA\u00c7\u00c3O MENSAL"}, {"id": "732", "ano": "1991", "numero": "427", "tipo__sigla": "LEI", "tipo__descricao": "Lei Ordin\u00e1ria", "texto_integral": "http://sapl.sarandi.pr.leg.br/media/sapl/public/normajuridica/1991/732/lei_no_427-1991_sapl.pdf", "ementa": "Disp\u00f5e sobre a cria\u00e7\u00e3o e denomina\u00e7\u00e3o de Escola Municipal, na forma que especifica."}, {"id": "731", "ano": "1991", "numero": "426", "tipo__sigla": "LEI", "tipo__descricao": "Lei Ordin\u00e1ria", "texto_integral": "http://sapl.sarandi.pr.leg.br/media/sapl/public/normajuridica/1991/731/lei_no_426-1991_sapl.pdf", "ementa": "Disp\u00f5e sobre a cria\u00e7\u00e3o e denomina\u00e7\u00e3o de Escola Municipal, na forma que especifica."}, {"id": "730", "ano": "1991", "numero": "425", "tipo__sigla": "LEI", "tipo__descricao": "Lei Ordin\u00e1ria", "texto_integral": "http://sapl.sarandi.pr.leg.br/media/sapl/public/normajuridica/1991/730/lei_no_425-1991_sapl.pdf", "ementa": "Disp\u00f5e sobre a cria\u00e7\u00e3o e denomina\u00e7\u00e3o de Escola Municipal, na forma que especifica."}, {"id": "729", "ano": "1991", "numero": "424", "tipo__sigla": "LEI", "tipo__descricao": "Lei Ordin\u00e1ria", "texto_integral": "http://sapl.sarandi.pr.leg.br/media/sapl/public/normajuridica/1991/729/lei_no_424-1991_sapl.pdf", "ementa": "D\u00e1 nova denomina\u00e7\u00e3o a atual Rua Jaguaruna e d\u00e1 outras provid\u00eancias."}, {"id": "3936", "ano": "1991", "numero": "16", "tipo__sigla": "POR", "tipo__descricao": "Portaria", "texto_integral": "http://sapl.sarandi.pr.leg.br/media/./sapl/public/normajuridica/1991/3936/3936_texto_integral.pdf", "ementa": "REFERENTE A QUADRO DE PESSOAL TEMPOR\u00c1RIO"}, {"id": "3934", "ano": "1991", "numero": "14", "tipo__sigla": "POR", "tipo__descricao": "Portaria", "texto_integral": "http://sapl.sarandi.pr.leg.br/media/./sapl/public/normajuridica/1991/3934/3934_texto_integral.pdf", "ementa": "DESIGNAR SERVIDOR PARA FUN\u00c7\u00d5ES"}, {"id": "3933", "ano": "1991", "numero": "13", "tipo__sigla": "POR", "tipo__descricao": "Portaria", "texto_integral": "http://sapl.sarandi.pr.leg.br/media/./sapl/public/normajuridica/1991/3933/3933_texto_integral.pdf", "ementa": "CONCEDE F\u00c9RIAS A FUNCION\u00c1RIO"}, {"id": "3935", "ano": "1991", "numero": "15", "tipo__sigla": "POR", "tipo__descricao": "Portaria", "texto_integral": "http://sapl.sarandi.pr.leg.br/media/./sapl/public/normajuridica/1991/3935/3935_texto_integral.pdf", "ementa": "INSTITUIR COMISS\u00c3O PARA ANALISAR LICITA\u00c7\u00c3O"}, {"id": "728", "ano": "1991", "numero": "423", "tipo__sigla": "LEI", "tipo__descricao": "Lei Ordin\u00e1ria", "texto_integral": "http://sapl.sarandi.pr.leg.br/media/sapl/public/normajuridica/1991/728/lei_no_423-1991_sapl.pdf", "ementa": "Autoriza o Poder Executivo Municipal a permutar im\u00f3vel urbano, na forma que especifica."}, {"id": "6467", "ano": "1991", "numero": "422", "tipo__sigla": "LEI", "tipo__descricao": "Lei Ordin\u00e1ria", "texto_integral": "http://sapl.sarandi.pr.leg.br/media/sapl/public/normajuridica/1991/6467/lei_no_422-1991_sapl.pdf", "ementa": "Acrescenta a letra \"h\" ao par\u00e1grafo 7\u00ba, da Lei Municipal n\u00ba 31/83, de 16/6/83, alterada pelas leis municipais n\u00ba 162/86, de 14/11/86 e 355/89, de 20/11/89."}, {"id": "727", "ano": "1991", "numero": "421", "tipo__sigla": "LEI", "tipo__descricao": "Lei Ordin\u00e1ria", "texto_integral": "http://sapl.sarandi.pr.leg.br/media/sapl/public/normajuridica/1991/727/lei_no_421-1991_sapl.pdf", "ementa": "Acrescenta a letra \"G\", ao Par\u00e1grafo 7\u00b0 da Lei Municipal n\u00b0 031/83, alterada pelas Leis Municipais n's 162/86, de 14/11/86 e 355/89, de 20/11/89."}, {"id": "726", "ano": "1991", "numero": "420", "tipo__sigla": "LEI", "tipo__descricao": "Lei Ordin\u00e1ria", "texto_integral": "http://sapl.sarandi.pr.leg.br/media/sapl/public/normajuridica/1991/726/lei_no_420-1991_sapl.pdf", "ementa": "Acrescenta a letra \"F\", ao Par\u00e1grafo 7\u00ba da Lei Municipal n\u00b0 031/83, de 13/06/83, alterada pelas Leis Municipais n's 162/86, de 14/11/86 e 355/89, de 20/11/89."}, {"id": "3932", "ano": "1991", "numero": "12", "tipo__sigla": "POR", "tipo__descricao": "Portaria", "texto_integral": "http://sapl.sarandi.pr.leg.br/media/./sapl/public/normajuridica/1991/3932/3932_texto_integral.pdf", "ementa": "REFERENTE AUMENTO DE SAL\u00c1RIO"}, {"id": "3931", "ano": "1991", "numero": "11", "tipo__sigla": "POR", "tipo__descricao": "Portaria", "texto_integral": "http://sapl.sarandi.pr.leg.br/media/./sapl/public/normajuridica/1991/3931/3931_texto_integral.pdf", "ementa": "REFERENTE A GRATIFICA\u00c7\u00c3O MENSAL"}, {"id": "3930", "ano": "1991", "numero": "10", "tipo__sigla": "POR", "tipo__descricao": "Portaria", "texto_integral": "http://sapl.sarandi.pr.leg.br/media/./sapl/public/normajuridica/1991/3930/3930_texto_integral.pdf", "ementa": "REFERENTE A GRATIFICA\u00c7\u00c3O MENSAL"}, {"id": "3929", "ano": "1991", "numero": "9", "tipo__sigla": "POR", "tipo__descricao": "Portaria", "texto_integral": "http://sapl.sarandi.pr.leg.br/media/./sapl/public/normajuridica/1991/3929/3929_texto_integral.pdf", "ementa": "REENQUADRA SERVIDOR EFETIVO"}, {"id": "3928", "ano": "1991", "numero": "8", "tipo__sigla": "POR", "tipo__descricao": "Portaria", "texto_integral": "http://sapl.sarandi.pr.leg.br/media/./sapl/public/normajuridica/1991/3928/3928_texto_integral.pdf", "ementa": "REENQUADRA SERVIDOR EFETIVO"}, {"id": "3927", "ano": "1991", "numero": "7", "tipo__sigla": "POR", "tipo__descricao": "Portaria", "texto_integral": "http://sapl.sarandi.pr.leg.br/media/./sapl/public/normajuridica/1991/3927/3927_texto_integral.pdf", "ementa": "REVOGA PORTARIAS, REFERENTE A GRATIFICA\u00c7\u00d5ES POR DEDICA\u00c7\u00c3O 09/1989 E 10/1989"}, {"id": "725", "ano": "1991", "numero": "419", "tipo__sigla": "LEI", "tipo__descricao": "Lei Ordin\u00e1ria", "texto_integral": "http://sapl.sarandi.pr.leg.br/media/sapl/public/normajuridica/1991/725/lei_no_419-1991_sapl.pdf", "ementa": "Disp\u00f5e sobre permuta de im\u00f3vel urbano para amplia\u00e7\u00e3o da Escola Municipal Jos\u00e9 Polo, na forma que especifica."}, {"id": "724", "ano": "1991", "numero": "418", "tipo__sigla": "LEI", "tipo__descricao": "Lei Ordin\u00e1ria", "texto_integral": "http://sapl.sarandi.pr.leg.br/media/./sapl/public/normajuridica/1991/724/724_texto_integral.pdf", "ementa": "Declara \u00f3rg\u00e3o oficial do munic\u00edpio o \"JORNAL DO POVO\", na forma que especifica."}, {"id": "723", "ano": "1991", "numero": "417", "tipo__sigla": "LEI", "tipo__descricao": "Lei Ordin\u00e1ria", "texto_integral": "http://sapl.sarandi.pr.leg.br/media/sapl/public/normajuridica/1991/723/lei_no_417-1991_sapl.pdf", "ementa": "Acrescenta a letra \"E\", ao Par\u00e1grafo 7\u00b0 da Lei Municipal n\u00b0 031/83, de 13/06/83, alterada pelas Leis Municipais n's 162/86, de 14/11/86 e 355/89, de 20/11/89."}, {"id": "432", "ano": "1991", "numero": "1", "tipo__sigla": "RES", "tipo__descricao": "Resolu\u00e7\u00e3o", "texto_integral": "http://sapl.sarandi.pr.leg.br/media/./sapl/public/normajuridica/1991/432/432_texto_integral.pdf", "ementa": "Altera os Anexos I e II do Quadro de Pessoal Permanente da C\u00e2mara Municipal."}, {"id": "722", "ano": "1991", "numero": "416", "tipo__sigla": "LEI", "tipo__descricao": "Lei Ordin\u00e1ria", "texto_integral": "http://sapl.sarandi.pr.leg.br/media/./sapl/public/normajuridica/1991/722/722_texto_integral.pdf", "ementa": "Acrescenta a letra \"D\", ao Par\u00e1grafo 7\u00b0 da Lei Municipal n\u00b0 031/83, de 13/06/83, alterada pelas Leis Municipais n's 162/86, de 14/11/86, de 20/11/89."}, {"id": "721", "ano": "1991", "numero": "415", "tipo__sigla": "LEI", "tipo__descricao": "Lei Ordin\u00e1ria", "texto_integral": "http://sapl.sarandi.pr.leg.br/media/sapl/public/normajuridica/1991/721/lei_no_415-1991_sapl.pdf", "ementa": "Declara de utilidade p\u00fablica a Institui\u00e7\u00e3o de Prote\u00e7\u00e3o ao Menor Carente de Sarandi - PROMEC, na forma que especifica."}, {"id": "720", "ano": "1991", "numero": "414", "tipo__sigla": "LEI", "tipo__descricao": "Lei Ordin\u00e1ria", "texto_integral": "http://sapl.sarandi.pr.leg.br/media/sapl/public/normajuridica/1991/720/lei_no_414-1991_sapl.pdf", "ementa": "D\u00e1 nova denomina\u00e7\u00e3o a atual Rua Belo Horizonte e d\u00e1 outras provid\u00eancias."}, {"id": "719", "ano": "1991", "numero": "413", "tipo__sigla": "LEI", "tipo__descricao": "Lei Ordin\u00e1ria", "texto_integral": "http://sapl.sarandi.pr.leg.br/media/sapl/public/normajuridica/1991/719/lei_no_413-1991_sapl.pdf", "ementa": "Autoriza o Chefe do Executivo Municipal a proceder a doa\u00e7\u00e3o de um lote de terras \u00e0 Associa\u00e7\u00e3o de Moradores e Amigos dos Bairros: Jardim Paulista, Dom Bosco e San Remo e d\u00e1 outras provid\u00eancias."}, {"id": "3926", "ano": "1991", "numero": "6", "tipo__sigla": "POR", "tipo__descricao": "Portaria", "texto_integral": "http://sapl.sarandi.pr.leg.br/media/./sapl/public/normajuridica/1991/3926/3926_texto_integral.pdf", "ementa": "REFERENTE A ATRIBUI\u00c7\u00d5ES DA C\u00c2MARA MUNICIPAL - CONSTITUI\u00c7\u00c3O DE CPI"}, {"id": "6465", "ano": "1991", "numero": "412", "tipo__sigla": "LEI", "tipo__descricao": "Lei Ordin\u00e1ria", "texto_integral": "http://sapl.sarandi.pr.leg.br/media/sapl/public/normajuridica/1991/6465/lei_no_412-1991_sapl.pdf", "ementa": "Inclui lotes de terras no Per\u00edmetro Urbano Municipal, na forma que especifica."}, {"id": "718", "ano": "1991", "numero": "411", "tipo__sigla": "LEI", "tipo__descricao": "Lei Ordin\u00e1ria", "texto_integral": "http://sapl.sarandi.pr.leg.br/media/sapl/public/normajuridica/1991/718/lei_no_411-1991_sapl.pdf", "ementa": "Disp\u00f5e sobre a pol\u00edtica municipal de atendimento dos direitos da crian\u00e7a e do adolescente e d\u00e1 outras provid\u00eancias."}, {"id": "717", "ano": "1991", "numero": "410", "tipo__sigla": "LEI", "tipo__descricao": "Lei Ordin\u00e1ria", "texto_integral": "http://sapl.sarandi.pr.leg.br/media/sapl/public/normajuridica/1991/717/lei_no_410-1991_sapl.pdf", "ementa": "Disp\u00f5e sobre a doa\u00e7\u00e3o de im\u00f3veis urbanos \u00e0 Mitra Arquidiocesana de Maring\u00e1, na forma que especifica."}, {"id": "716", "ano": "1991", "numero": "409", "tipo__sigla": "LEI", "tipo__descricao": "Lei Ordin\u00e1ria", "texto_integral": "http://sapl.sarandi.pr.leg.br/media/sapl/public/normajuridica/1991/716/lei_no_409-1991_sapl.pdf", "ementa": "D\u00e1 nova denomina\u00e7\u00e3o a atual Rua Napole\u00e3o e d\u00e1 outras provid\u00eancias."}, {"id": "715", "ano": "1991", "numero": "408", "tipo__sigla": "LEI", "tipo__descricao": "Lei Ordin\u00e1ria", "texto_integral": "http://sapl.sarandi.pr.leg.br/media/sapl/public/normajuridica/1991/715/lei_no_408-1991_sapl.pdf", "ementa": "Revoga a Lei Municipal n\u00ba 119/86, de 2/5/86, na forma que especifica."}, {"id": "714", "ano": "1991", "numero": "407", "tipo__sigla": "LEI", "tipo__descricao": "Lei Ordin\u00e1ria", "texto_integral": "http://sapl.sarandi.pr.leg.br/media/sapl/public/normajuridica/1991/714/lei_no_407-1991_sapl.pdf", "ementa": "Revoga a Lei Municipal n\u00ba 296/88, de 31/10/88, na forma que especifica."}, {"id": "713", "ano": "1991", "numero": "406", "tipo__sigla": "LEI", "tipo__descricao": "Lei Ordin\u00e1ria", "texto_integral": "http://sapl.sarandi.pr.leg.br/media/sapl/public/normajuridica/1991/713/lei_no_406-1991_sapl.pdf", "ementa": "Revoga a Lei Municipal n\u00ba 288/88, de 17/10/88, na forma que especifica."}, {"id": "3925", "ano": "1991", "numero": "5", "tipo__sigla": "POR", "tipo__descricao": "Portaria", "texto_integral": "http://sapl.sarandi.pr.leg.br/media/./sapl/public/normajuridica/1991/3925/3925_texto_integral.pdf", "ementa": "REFERENTE AOS VENCIMENTOS DOS CARGOS DE PROVIMENTO EFETIVO"}, {"id": "3924", "ano": "1991", "numero": "4", "tipo__sigla": "POR", "tipo__descricao": "Portaria", "texto_integral": "http://sapl.sarandi.pr.leg.br/media/./sapl/public/normajuridica/1991/3924/3924_texto_integral.pdf", "ementa": "REFERENTE AOS VENCIMENTOS DOS CARGOS DE PROVIMENTO EFETIVO"}, {"id": "3923", "ano": "1991", "numero": "3", "tipo__sigla": "POR", "tipo__descricao": "Portaria", "texto_integral": "http://sapl.sarandi.pr.leg.br/media/./sapl/public/normajuridica/1991/3923/3923_texto_integral.pdf", "ementa": "REFERENTE A HOMOLOGA\u00c7\u00c3O DO RESULTADO DA ELEI\u00c7\u00c3O DAS COMISS\u00d5ES"}, {"id": "3922", "ano": "1991", "numero": "2", "tipo__sigla": "POR", "tipo__descricao": "Portaria", "texto_integral": "http://sapl.sarandi.pr.leg.br/media/./sapl/public/normajuridica/1991/3922/3922_texto_integral.pdf", "ementa": "REFERENTE A GRATIFICA\u00c7\u00c3O MENSAL"}, {"id": "3921", "ano": "1991", "numero": "1", "tipo__sigla": "POR", "tipo__descricao": "Portaria", "texto_integral": "http://sapl.sarandi.pr.leg.br/media/./sapl/public/normajuridica/1991/3921/3921_texto_integral.pdf", "ementa": "REFERENTE AOS VENCIMENTOS DOS CARGOS DE PROVIMENTO EFETIVO"}, {"id": "685", "ano": "1990", "numero": "405", "tipo__sigla": "LEI", "tipo__descricao": "Lei Ordin\u00e1ria", "texto_integral": "http://sapl.sarandi.pr.leg.br/media/sapl/public/normajuridica/1990/685/lei_no_405-1990_sapl.pdf", "ementa": "Autoriza o Poder Executivo Municipal a abrir cr\u00e9dito adicional suplementar e d\u00e1 outras provid\u00eancias."}, {"id": "684", "ano": "1990", "numero": "404", "tipo__sigla": "LEI", "tipo__descricao": "Lei Ordin\u00e1ria", "texto_integral": "http://sapl.sarandi.pr.leg.br/media/sapl/public/normajuridica/1990/684/lei_no_404-1990_sapl.pdf", "ementa": "Institui faixa de dom\u00ednio para as estradas municipais e d\u00e1 outras provid\u00eancias."}, {"id": "683", "ano": "1990", "numero": "403", "tipo__sigla": "LEI", "tipo__descricao": "Lei Ordin\u00e1ria", "texto_integral": "http://sapl.sarandi.pr.leg.br/media/sapl/public/normajuridica/1990/683/lei_no_403-1990_sapl.pdf", "ementa": "Inclui no Per\u00edmetro Urbano Municipal os lotes de terras n\u00ba 205, 205-A e 206, da Gleba Patrim\u00f4nio Sarandi, na forma que especifica."}, {"id": "682", "ano": "1990", "numero": "402", "tipo__sigla": "LEI", "tipo__descricao": "Lei Ordin\u00e1ria", "texto_integral": "http://sapl.sarandi.pr.leg.br/media/sapl/public/normajuridica/1990/682/lei_no_402-1990_sapl.pdf", "ementa": "Acrescenta a letra \"c\" ao par\u00e1grafo 7\u00ba da Lei Municipal n\u00ba 31/83, de 13/6/83, alterada pelas leis municipais n\u00bas 162/86, de 14/11/86 e 355/89, de 20/11/89."}, {"id": "680", "ano": "1990", "numero": "401", "tipo__sigla": "LEI", "tipo__descricao": "Lei Ordin\u00e1ria", "texto_integral": "http://sapl.sarandi.pr.leg.br/media/sapl/public/normajuridica/1990/680/lei_no_401-1990_sapl.pdf", "ementa": "Acrescenta a letra \"b\" ao par\u00e1grafo 7\u00ba da Lei Municipal n\u00ba 31/83, de 13/6/83, alterada pelas Leis municipais n\u00bas 162/86, de 14/11/86 e 355/89, de 20/11/89."}, {"id": "678", "ano": "1990", "numero": "400", "tipo__sigla": "LEI", "tipo__descricao": "Lei Ordin\u00e1ria", "texto_integral": "http://sapl.sarandi.pr.leg.br/media/sapl/public/normajuridica/1990/678/lei_no_400-1990_sapl.pdf", "ementa": "Institui a taxa de sa\u00fade e disp\u00f5e sobre as a\u00e7\u00f5es de saneamento e vigil\u00e2ncia do munic\u00edpio de Sarandi e d\u00e1 outras provid\u00eancias."}, {"id": "676", "ano": "1990", "numero": "399", "tipo__sigla": "LEI", "tipo__descricao": "Lei Ordin\u00e1ria", "texto_integral": "http://sapl.sarandi.pr.leg.br/media/sapl/public/normajuridica/1990/676/lei_no_399-1990_sapl.pdf", "ementa": "Altera anexos e artigos do C\u00f3digo Tribut\u00e1rio Municipal e institui a cobran\u00e7a de tarifa e d\u00e1 outras provid\u00eancias."}, {"id": "675", "ano": "1990", "numero": "398", "tipo__sigla": "LEI", "tipo__descricao": "Lei Ordin\u00e1ria", "texto_integral": "http://sapl.sarandi.pr.leg.br/media/sapl/public/normajuridica/1990/675/lei_no_398-1990_sapl.pdf", "ementa": "Autoriza escritura\u00e7\u00e3o de lotes industriais."}, {"id": "674", "ano": "1990", "numero": "397", "tipo__sigla": "LEI", "tipo__descricao": "Lei Ordin\u00e1ria", "texto_integral": "http://sapl.sarandi.pr.leg.br/media/sapl/public/normajuridica/1990/674/lei_no_397-1990_sapl.pdf", "ementa": "Disp\u00f5e sobre o or\u00e7amento para o exerc\u00edcio financeiro de 1991."}, {"id": "300", "ano": "1990", "numero": "7", "tipo__sigla": "POR", "tipo__descricao": "Portaria", "texto_integral": "http://sapl.sarandi.pr.leg.br/media/./sapl/public/normajuridica/1990/300/300_texto_integral.pdf", "ementa": "CONCEDE GRATIFICA\u00c7\u00c3O MENSAL A SERVIDORES."}, {"id": "673", "ano": "1990", "numero": "396", "tipo__sigla": "LEI", "tipo__descricao": "Lei Ordin\u00e1ria", "texto_integral": "http://sapl.sarandi.pr.leg.br/media/sapl/public/normajuridica/1990/673/lei_no_396-1990_sapl.pdf", "ementa": "Autoriza o Poder Executivo Municipal a proceder a doa\u00e7\u00e3o de im\u00f3vel urbano \u00e0 Igreja Evang\u00e9lica Batista em Sarandi, e d\u00e1 outras provid\u00eancias."}, {"id": "671", "ano": "1990", "numero": "395", "tipo__sigla": "LEI", "tipo__descricao": "Lei Ordin\u00e1ria", "texto_integral": "http://sapl.sarandi.pr.leg.br/media/sapl/public/normajuridica/1990/671/lei_no_395-1990_sapl.pdf", "ementa": "Autoriza o Poder Executivo Municipal a proceder a doa\u00e7\u00e3o de im\u00f3vel urbano \u00e0 Igreja Evang\u00e9lica Pentecostal Cristo Tem Poder de Maring\u00e1 e d\u00e1 outras provid\u00eancias."}, {"id": "670", "ano": "1990", "numero": "394", "tipo__sigla": "LEI", "tipo__descricao": "Lei Ordin\u00e1ria", "texto_integral": "http://sapl.sarandi.pr.leg.br/media/sapl/public/normajuridica/1990/670/lei_no_394-1990_sapl.pdf", "ementa": "Autoriza o Poder Executivo Municipal a proceder a doa\u00e7\u00e3o de im\u00f3vel urbano \u00e0 Igreja de Deus Todo Poderoso, e d\u00e1 outras provid\u00eancias."}, {"id": "669", "ano": "1990", "numero": "393", "tipo__sigla": "LEI", "tipo__descricao": "Lei Ordin\u00e1ria", "texto_integral": "http://sapl.sarandi.pr.leg.br/media/sapl/public/normajuridica/1990/669/lei_no_393-1990_sapl.pdf", "ementa": "Revoga a Lei Municipal n\u00ba 303/88, de 12/12/88, que disp\u00f5e sobre a doa\u00e7\u00e3o de im\u00f3vel urbano \u00e0 Igreja do Evangelho Quadrangular, na forma que especifica."}, {"id": "668", "ano": "1990", "numero": "392", "tipo__sigla": "LEI", "tipo__descricao": "Lei Ordin\u00e1ria", "texto_integral": "http://sapl.sarandi.pr.leg.br/media/sapl/public/normajuridica/1990/668/lei_no_392-1990_sapl.pdf", "ementa": "Disp\u00f5e sobre as diretrizes or\u00e7ament\u00e1rias para o exerc\u00edcio financeiro de 1991 e d\u00e1 outras provid\u00eancias.s"}, {"id": "461", "ano": "1990", "numero": "2", "tipo__sigla": "DL", "tipo__descricao": "Decreto Legislativo", "texto_integral": "http://sapl.sarandi.pr.leg.br/media/./sapl/public/normajuridica/1990/461/461_texto_integral.pdf", "ementa": "Aprova as Contas do Executivo, Legislativo e Autarquia Municipal de Servi\u00e7os P\u00fablicos, referente ao exerc\u00edcio financeiro de 1.988, conforme Parecer Pr\u00e9vio do Tribunal de Contas do Estado do Paran\u00e1."}, {"id": "460", "ano": "1990", "numero": "1", "tipo__sigla": "DL", "tipo__descricao": "Decreto Legislativo", "texto_integral": "http://sapl.sarandi.pr.leg.br/media/./sapl/public/normajuridica/1990/460/460_texto_integral.pdf", "ementa": "Aprova Conv\u00eanios firmados entre o Munic\u00edpio de Sarandi, a Funda\u00e7\u00e3o Educacional do Paran\u00e1- FUNDEPAR e o Departamento Estadual de Constru\u00e7\u00e3o, de Obras e Manuten\u00e7\u00e3o \u2014 DECOM., na forma que especifica."}, {"id": "667", "ano": "1990", "numero": "391", "tipo__sigla": "LEI", "tipo__descricao": "Lei Ordin\u00e1ria", "texto_integral": "http://sapl.sarandi.pr.leg.br/media/sapl/public/normajuridica/1990/667/lei_no_391-1990_sapl.pdf", "ementa": "D\u00e1 denomina\u00e7\u00e3o \u00e0 Pra\u00e7a Central do Parque Alvamar."}, {"id": "665", "ano": "1990", "numero": "390", "tipo__sigla": "LEI", "tipo__descricao": "Lei Ordin\u00e1ria", "texto_integral": "http://sapl.sarandi.pr.leg.br/media/sapl/public/normajuridica/1990/665/lei_no_390-1990_sapl.pdf", "ementa": "Autoriza o Chefe do Poder Executivo Municipal a abrir cr\u00e9dito adicional suplementar e d\u00e1 outras provid\u00eancias."}, {"id": "664", "ano": "1990", "numero": "389", "tipo__sigla": "LEI", "tipo__descricao": "Lei Ordin\u00e1ria", "texto_integral": "http://sapl.sarandi.pr.leg.br/media/sapl/public/normajuridica/1990/664/lei_no_389-1990_sapl.pdf", "ementa": "Denomina de \"Julia Volpato Sordi\" a creche do Jardim Social e d\u00e1 outras provid\u00eancias."}, {"id": "662", "ano": "1990", "numero": "388", "tipo__sigla": "LEI", "tipo__descricao": "Lei Ordin\u00e1ria", "texto_integral": "http://sapl.sarandi.pr.leg.br/media/sapl/public/normajuridica/1990/662/lei_no_388-1990_sapl.pdf", "ementa": "Denomina de \"Ayres Aniceto de Andrade\" a Escola Municipal do Jardim Esperan\u00e7a 4\u00aa Parte e d\u00e1 outras provid\u00eancias."}, {"id": "661", "ano": "1990", "numero": "387", "tipo__sigla": "LEI", "tipo__descricao": "Lei Ordin\u00e1ria", "texto_integral": "http://sapl.sarandi.pr.leg.br/media/sapl/public/normajuridica/1990/661/lei_no_387-1990_sapl.pdf", "ementa": "Denomina de \"Mercedes Romero Panzeri\" a Escola Municipal do Conjunto Habitacional Osvaldo Gealh e d\u00e1 outras provid\u00eancias."}, {"id": "660", "ano": "1990", "numero": "386", "tipo__sigla": "LEI", "tipo__descricao": "Lei Ordin\u00e1ria", "texto_integral": "http://sapl.sarandi.pr.leg.br/media/sapl/public/normajuridica/1990/660/lei_no_386-1990_sapl.pdf", "ementa": "Denomina de \"Poetisa Cecilia Meireles\" a Escola Municipal do Jardim Novo Panorama e d\u00e1 outras provid\u00eancias."}, {"id": "659", "ano": "1990", "numero": "385", "tipo__sigla": "LEI", "tipo__descricao": "Lei Ordin\u00e1ria", "texto_integral": "http://sapl.sarandi.pr.leg.br/media/sapl/public/normajuridica/1990/659/lei_no_385-1990_sapl.pdf", "ementa": "Autoriza o Poder Executivo Municipal a permutar im\u00f3veis urbanos, na forma que especifica."}, {"id": "657", "ano": "1990", "numero": "384", "tipo__sigla": "LEI", "tipo__descricao": "Lei Ordin\u00e1ria", "texto_integral": "http://sapl.sarandi.pr.leg.br/media/./sapl/public/normajuridica/1990/657/657_texto_integral.pdf", "ementa": "Autoriza o Chefe do Executivo Municipal a proceder a doa\u00e7\u00e3o de im\u00f3veis \u00e0 Associa\u00e7\u00e3o de Moradores e Amigos dos Bairros Jardim Nova Independ\u00eancia 1\u00aa e 2\u00aa (primeira e segunda) Partes, e d\u00e1 outras provid\u00eancias."}, {"id": "299", "ano": "1990", "numero": "6", "tipo__sigla": "POR", "tipo__descricao": "Portaria", "texto_integral": "http://sapl.sarandi.pr.leg.br/media/./sapl/public/normajuridica/1990/299/299_texto_integral.pdf", "ementa": "DESIGNA SERVIDOR PARA EXERCER FUN\u00c7\u00d5ES INTERINAMENTE."}, {"id": "298", "ano": "1990", "numero": "5", "tipo__sigla": "POR", "tipo__descricao": "Portaria", "texto_integral": "http://sapl.sarandi.pr.leg.br/media/./sapl/public/normajuridica/1990/298/298_texto_integral.pdf", "ementa": "CONCEDE LICEN\u00c7A ESPECIAL A SERVIDOR."}, {"id": "431", "ano": "1990", "numero": "2", "tipo__sigla": "RES", "tipo__descricao": "Resolu\u00e7\u00e3o", "texto_integral": "http://sapl.sarandi.pr.leg.br/media/./sapl/public/normajuridica/1990/431/431_texto_integral.pdf", "ementa": "Institui Di\u00e1rias aos Vereadores da C\u00e2mara Municipal de Sarandi, Estado do Paran\u00e1 e da outras providencias."}, {"id": "656", "ano": "1990", "numero": "383", "tipo__sigla": "LEI", "tipo__descricao": "Lei Ordin\u00e1ria", "texto_integral": "http://sapl.sarandi.pr.leg.br/media/sapl/public/normajuridica/1990/656/lei_no_383-1990_sapl.pdf", "ementa": "Autoriza o Chefe do Executivo a contratar opera\u00e7\u00e3o de cr\u00e9dito com o Banco do Estado do Paran\u00e1 S.A., atrav\u00e9s do FDU - Fundo Estadual de Desenvolvimento Urbano, para execu\u00e7\u00e3o das obras e servi\u00e7os integrantes do Programa Estadual de Desenvolvimento Urbano - PEDU."}, {"id": "654", "ano": "1990", "numero": "382", "tipo__sigla": "LEI", "tipo__descricao": "Lei Ordin\u00e1ria", "texto_integral": "http://sapl.sarandi.pr.leg.br/media/sapl/public/normajuridica/1990/654/lei_no_382-1990_sapl.pdf", "ementa": "Revoga a Lei Municipal n\u00ba 374/90, de 25/9/90, que autoriza o Chefe do Executivo a contratar opera\u00e7\u00e3o de cr\u00e9dito com o Banco do Estado do Paran\u00e1 S.A., para execu\u00e7\u00e3o do Programa Estadual de Desenvolvimento Urbano - PEDU, na forma que especifica."}, {"id": "652", "ano": "1990", "numero": "381", "tipo__sigla": "LEI", "tipo__descricao": "Lei Ordin\u00e1ria", "texto_integral": "http://sapl.sarandi.pr.leg.br/media/sapl/public/normajuridica/1990/652/lei_no_381-1990_sapl.pdf", "ementa": "Veda a cobran\u00e7a da taxa de administra\u00e7\u00e3o nos pagamentos \u00e0 vista de contribui\u00e7\u00e3o de melhoria, na forma que especifica."}, {"id": "650", "ano": "1990", "numero": "380", "tipo__sigla": "LEI", "tipo__descricao": "Lei Ordin\u00e1ria", "texto_integral": "http://sapl.sarandi.pr.leg.br/media/./sapl/public/normajuridica/1990/650/650_texto_integral.pdf", "ementa": "Delimita o per\u00edmetro urbano do munic\u00edpio de Sarandi, Estado do Paran\u00e1 e d\u00e1 outras provid\u00eancias."}, {"id": "649", "ano": "1990", "numero": "379", "tipo__sigla": "LEI", "tipo__descricao": "Lei Ordin\u00e1ria", "texto_integral": "http://sapl.sarandi.pr.leg.br/media/sapl/public/normajuridica/1990/649/lei_no_379-1990_sapl.pdf", "ementa": "Concede aumento salarial ao funcionalismo municipal, na forma que especifica."}, {"id": "6464", "ano": "1990", "numero": "378", "tipo__sigla": "LEI", "tipo__descricao": "Lei Ordin\u00e1ria", "texto_integral": "http://sapl.sarandi.pr.leg.br/media/sapl/public/normajuridica/1990/6464/lei_no_378-1990_sapl.pdf", "ementa": "Autoriza o Chefe do Poder Executivo Municipal a proceder a doa\u00e7\u00e3o da data de terras sobre o n\u00famero 02, da quadra n\u00famero 07 do loteamento denominado Jardim Esperan\u00e7a 1\u00aa Parte e d\u00e1 outras provid\u00eancias."}, {"id": "648", "ano": "1990", "numero": "377", "tipo__sigla": "LEI", "tipo__descricao": "Lei Ordin\u00e1ria", "texto_integral": "http://sapl.sarandi.pr.leg.br/media/sapl/public/normajuridica/1990/648/lei_no_377-1990_sapl.pdf", "ementa": "Disp\u00f5e sobre a doa\u00e7\u00e3o de im\u00f3vel urbano \u00e0 Associa\u00e7\u00e3o dos Funcion\u00e1rios Municipais de Sarandi - AFUMUSA, na forma que especifica."}, {"id": "647", "ano": "1990", "numero": "376", "tipo__sigla": "LEI", "tipo__descricao": "Lei Ordin\u00e1ria", "texto_integral": "http://sapl.sarandi.pr.leg.br/media/sapl/public/normajuridica/1990/647/lei_no_376-1990_sapl.pdf", "ementa": "Autoriza a celebra\u00e7\u00e3o de conv\u00eanios para a aquisi\u00e7\u00e3o de cestas b\u00e1sicas de alimentos para servidores municipais."}, {"id": "297", "ano": "1990", "numero": "4", "tipo__sigla": "POR", "tipo__descricao": "Portaria", "texto_integral": "http://sapl.sarandi.pr.leg.br/media/./sapl/public/normajuridica/1990/297/297_texto_integral.pdf", "ementa": "DESIGNA FUNCION\u00c1RIO PARA EXERCER FUN\u00c7\u00d5ES INTERINAMENTE."}, {"id": "296", "ano": "1990", "numero": "3", "tipo__sigla": "POR", "tipo__descricao": "Portaria", "texto_integral": "http://sapl.sarandi.pr.leg.br/media/./sapl/public/normajuridica/1990/296/296_texto_integral.pdf", "ementa": "CONCEDE F\u00c9RIAS A FUNCION\u00c1RIO."}, {"id": "646", "ano": "1990", "numero": "375", "tipo__sigla": "LEI", "tipo__descricao": "Lei Ordin\u00e1ria", "texto_integral": "http://sapl.sarandi.pr.leg.br/media/sapl/public/normajuridica/1990/646/lei_no_375-1990_sapl.pdf", "ementa": "D\u00e1 nova reda\u00e7\u00e3o ao art. 72 da Lei Municipal n\u00ba 77/83, de 1/12/83 - C\u00f3digo Tribut\u00e1rio Municipal, alterado pelo art. 1\u00ba, da Lei Municipal n\u00ba 178/87, de 29/5/87, na forma que especifica."}, {"id": "644", "ano": "1990", "numero": "374", "tipo__sigla": "LEI", "tipo__descricao": "Lei Ordin\u00e1ria", "texto_integral": "http://sapl.sarandi.pr.leg.br/media/sapl/public/normajuridica/1990/644/lei_no_374-1990_sapl.pdf", "ementa": "Autoriza o Chefe do Executivo a contratar opera\u00e7\u00e3o de cr\u00e9dito com o Banco do Estado S.A., atrav\u00e9s do FDU-Fundo Estadual de Desenvolvimento Urbano, para execu\u00e7\u00e3o das obras e servi\u00e7os integrantes do Programa Estadual de Desenvolvimento Urbano - PEDU."}, {"id": "641", "ano": "1990", "numero": "373", "tipo__sigla": "LEI", "tipo__descricao": "Lei Ordin\u00e1ria", "texto_integral": "http://sapl.sarandi.pr.leg.br/media/sapl/public/normajuridica/1990/641/lei_no_373-1990_sapl.pdf", "ementa": "D\u00e1 nova reda\u00e7\u00e3o ao art. 80, da Lei Municipal n\u00ba 77, de 1/12/83 - C\u00f3digo Tribut\u00e1rio Municipal, alterado pelo art. 3\u00ba da Lei Municipal n\u00ba 123/86, de 12/8/86; pelo art. 5\u00ba, da Lei Municipal n\u00ba 178/87, de 19/5/87 e pelo art. 2\u00ba da Lei Municipal n\u00ba 244/88, de 11/4/88, na forma que especifica."}, {"id": "638", "ano": "1990", "numero": "372", "tipo__sigla": "LEI", "tipo__descricao": "Lei Ordin\u00e1ria", "texto_integral": "http://sapl.sarandi.pr.leg.br/media/sapl/public/normajuridica/1990/638/lei_no_372-1990_sapl.pdf", "ementa": "Disp\u00f5e sobre a doa\u00e7\u00e3o de im\u00f3veis urbanos ao Esporte Clube Independ\u00eancia, na forma que especifica."}, {"id": "637", "ano": "1990", "numero": "371", "tipo__sigla": "LEI", "tipo__descricao": "Lei Ordin\u00e1ria", "texto_integral": "http://sapl.sarandi.pr.leg.br/media/sapl/public/normajuridica/1990/637/lei_no_371-1990_sapl.pdf", "ementa": "Denomina de \"Estrada Baptista Bossato\" a atual estrada rural que interliga a Estrada Oct\u00e1vio Colli \u00e0 Estrada n\u00ba 19 (dezenove), e d\u00e1 outras provid\u00eancias."}, {"id": "629", "ano": "1990", "numero": "370", "tipo__sigla": "LEI", "tipo__descricao": "Lei Ordin\u00e1ria", "texto_integral": "http://sapl.sarandi.pr.leg.br/media/sapl/public/normajuridica/1990/629/lei_no_370-1990_sapl.pdf", "ementa": "D\u00e1 nova reda\u00e7\u00e3o ao artigo 1\u00ba da Lei Municipal n\u00ba 120/86, de 16/5/86, alterado pela Lei Municipal n\u00ba 209/87, de 23/11/87 e d\u00e1 outras provid\u00eancias."}, {"id": "429", "ano": "1990", "numero": "1", "tipo__sigla": "RES", "tipo__descricao": "Resolu\u00e7\u00e3o", "texto_integral": "http://sapl.sarandi.pr.leg.br/media/./sapl/public/normajuridica/1990/429/429_texto_integral.pdf", "ementa": "D\u00e1 nova reda\u00e7\u00e3o ao art. 5\u00b0, e Par\u00e1grafo \u00danico da Resolu\u00e7\u00e3o n\u00b0 02/89, de 24 de Abril de 1.989."}, {"id": "6", "ano": "1990", "numero": "1", "tipo__sigla": "LO", "tipo__descricao": "Lei Org\u00e2nica", "texto_integral": "http://sapl.sarandi.pr.leg.br/media/sapl/public/normajuridica/1990/6/lei_organica_sapl.pdf", "ementa": "O Munic\u00edpio de Sarandi, unidade integrante do Estado do Paran\u00e1, com personalidade jur\u00eddica de direito p\u00fablico interno, dotado de autonomia pol\u00edtica, administrativa e financeira, ser\u00e1 regido por esta Lei Org\u00e2nica."}, {"id": "628", "ano": "1990", "numero": "369", "tipo__sigla": "LEI", "tipo__descricao": "Lei Ordin\u00e1ria", "texto_integral": "http://sapl.sarandi.pr.leg.br/media/sapl/public/normajuridica/1990/628/lei_no_369-1990_sapl.pdf", "ementa": "D\u00e1 nova denomina\u00e7\u00e3o a atual Rua Corumb\u00e1 e d\u00e1 outras provid\u00eancias."}, {"id": "627", "ano": "1990", "numero": "368", "tipo__sigla": "LEI", "tipo__descricao": "Lei Ordin\u00e1ria", "texto_integral": "http://sapl.sarandi.pr.leg.br/media/sapl/public/normajuridica/1990/627/lei_no_368-1990_sapl.pdf", "ementa": "D\u00e1 nova denomina\u00e7\u00e3o a atual Rua Timb\u00f3 e d\u00e1 outras provid\u00eancias."}, {"id": "626", "ano": "1990", "numero": "367", "tipo__sigla": "LEI", "tipo__descricao": "Lei Ordin\u00e1ria", "texto_integral": "http://sapl.sarandi.pr.leg.br/media/sapl/public/normajuridica/1990/626/lei_no_367-1990_sapl.pdf", "ementa": "Referenda Decreto Municipal, na forma que especifica."}, {"id": "625", "ano": "1990", "numero": "366", "tipo__sigla": "LEI", "tipo__descricao": "Lei Ordin\u00e1ria", "texto_integral": "http://sapl.sarandi.pr.leg.br/media/sapl/public/normajuridica/1990/625/lei_no_366-1990_sapl.pdf", "ementa": "Autoriza o Poder Executivo a permutar im\u00f3vel urbano, na forma que especifica."}, {"id": "624", "ano": "1990", "numero": "365", "tipo__sigla": "LEI", "tipo__descricao": "Lei Ordin\u00e1ria", "texto_integral": "http://sapl.sarandi.pr.leg.br/media/sapl/public/normajuridica/1990/624/lei_no_365-1990_sapl.pdf", "ementa": "Autoriza o Poder Executivo prorrogar contratos de trabalho por tempo determinado, na forma que especifica."}, {"id": "294", "ano": "1990", "numero": "1", "tipo__sigla": "POR", "tipo__descricao": "Portaria", "texto_integral": "http://sapl.sarandi.pr.leg.br/media/./sapl/public/normajuridica/1990/294/294_texto_integral.pdf", "ementa": "NOMEIA AS COMISS\u00d5ES PERMANENTES DA C\u00c2MARA MUNICIPAL."}, {"id": "295", "ano": "1990", "numero": "2", "tipo__sigla": "POR", "tipo__descricao": "Portaria", "texto_integral": "http://sapl.sarandi.pr.leg.br/media/./sapl/public/normajuridica/1990/295/295_texto_integral.pdf", "ementa": "DESIGNA SERVIDOR PARA A FUN\u00c7\u00c3O DE TELEFONISTA."}, {"id": "623", "ano": "1989", "numero": "364", "tipo__sigla": "LEI", "tipo__descricao": "Lei Ordin\u00e1ria", "texto_integral": "http://sapl.sarandi.pr.leg.br/media/sapl/public/normajuridica/1989/623/lei_no_364-1989_sapl.pdf", "ementa": "Autoriza o Poder Executivo Municipal a abrir cr\u00e9dito adicional suplementar e d\u00e1 outras provid\u00eancias."}, {"id": "622", "ano": "1989", "numero": "363", "tipo__sigla": "LEI", "tipo__descricao": "Lei Ordin\u00e1ria", "texto_integral": "http://sapl.sarandi.pr.leg.br/media/sapl/public/normajuridica/1989/622/lei_no_363-1989_sapl.pdf", "ementa": "Autoriza o Poder Executivo Municipal a abrir cr\u00e9dito adicional suplementar e d\u00e1 outras provid\u00eancias."}, {"id": "6463", "ano": "1989", "numero": "362", "tipo__sigla": "LEI", "tipo__descricao": "Lei Ordin\u00e1ria", "texto_integral": "http://sapl.sarandi.pr.leg.br/media/sapl/public/normajuridica/1989/6463/lei_no_362-1989_sapl.pdf", "ementa": "Altera dispositivos e tabelas de cobran\u00e7a de tributos anexas ao C\u00f3digo Tribut\u00e1rio Municipal."}, {"id": "619", "ano": "1989", "numero": "361", "tipo__sigla": "LEI", "tipo__descricao": "Lei Ordin\u00e1ria", "texto_integral": "http://sapl.sarandi.pr.leg.br/media/sapl/public/normajuridica/1989/619/lei_no_361-1989_sapl.pdf", "ementa": "Altera dispositivos e tabelas num\u00e9ricas integrantes da Lei n\u00ba 77/3 - C\u00f3digo Tribut\u00e1rio Municipal."}, {"id": "617", "ano": "1989", "numero": "360", "tipo__sigla": "LEI", "tipo__descricao": "Lei Ordin\u00e1ria", "texto_integral": "http://sapl.sarandi.pr.leg.br/media/sapl/public/normajuridica/1989/617/lei_no_360-1989_sapl.pdf", "ementa": "Institui o BTN (B\u00f4nus do Tesouro Nacional) como indexador de cr\u00e9ditos tribut\u00e1rios ou n\u00e3o do munic\u00edpio de Sarandi, na forma que especifica."}, {"id": "616", "ano": "1989", "numero": "359", "tipo__sigla": "LEI", "tipo__descricao": "Lei Ordin\u00e1ria", "texto_integral": "http://sapl.sarandi.pr.leg.br/media/sapl/public/normajuridica/1989/616/lei_no_359-1989_sapl.pdf", "ementa": "Concede anistia fiscal, na forma que especifica."}, {"id": "293", "ano": "1989", "numero": "10", "tipo__sigla": "POR", "tipo__descricao": "Portaria", "texto_integral": "http://sapl.sarandi.pr.leg.br/media/./sapl/public/normajuridica/1989/293/293_texto_integral.pdf", "ementa": "CONCEDE GRATIFICA\u00c7\u00c3O MENSAL A SERVIDOR."}, {"id": "615", "ano": "1989", "numero": "358", "tipo__sigla": "LEI", "tipo__descricao": "Lei Ordin\u00e1ria", "texto_integral": "http://sapl.sarandi.pr.leg.br/media/sapl/public/normajuridica/1989/615/lei_no_358-1989_sapl.pdf", "ementa": "D\u00e1 denomina\u00e7\u00e3o \u00e0 Creche do Jardim Novo Panorama e d\u00e1 outras provid\u00eancias."}, {"id": "612", "ano": "1989", "numero": "357", "tipo__sigla": "LEI", "tipo__descricao": "Lei Ordin\u00e1ria", "texto_integral": "http://sapl.sarandi.pr.leg.br/media/sapl/public/normajuridica/1989/612/lei_no_357-1989_sapl.pdf", "ementa": "Acrescenta as letras \"g\" e \"h\" ao item 1 do art. 1\u00ba da Lei Municipal n\u00ba 13/83, de 9/4/83, na forma que especifica."}, {"id": "611", "ano": "1989", "numero": "356", "tipo__sigla": "LEI", "tipo__descricao": "Lei Ordin\u00e1ria", "texto_integral": "http://sapl.sarandi.pr.leg.br/media/sapl/public/normajuridica/1989/611/lei_no_356-1989_sapl.pdf", "ementa": "Disp\u00f5e sobre or\u00e7amento para o exerc\u00edcio financeiro de 1990."}, {"id": "610", "ano": "1989", "numero": "355", "tipo__sigla": "LEI", "tipo__descricao": "Lei Ordin\u00e1ria", "texto_integral": "http://sapl.sarandi.pr.leg.br/media/sapl/public/normajuridica/1989/610/lei_no_355-1989_sapl.pdf", "ementa": "Acrescenta par\u00e1grafo na lei municipal n\u00ba 31/83, de 13/6/83, alterada pela lei municipal n\u00ba 162/86, de 14/11/86, na forma que especifica."}, {"id": "609", "ano": "1989", "numero": "354", "tipo__sigla": "LEI", "tipo__descricao": "Lei Ordin\u00e1ria", "texto_integral": "http://sapl.sarandi.pr.leg.br/media/sapl/public/normajuridica/1989/609/lei_no_354-1989_sapl.pdf", "ementa": "Autoriza o Poder Executivo Municipal a abrir cr\u00e9dito adicional suplementar e d\u00e1 outras provid\u00eancias."}, {"id": "608", "ano": "1989", "numero": "353", "tipo__sigla": "LEI", "tipo__descricao": "Lei Ordin\u00e1ria", "texto_integral": "http://sapl.sarandi.pr.leg.br/media/sapl/public/normajuridica/1989/608/lei_no_353-1989_sapl.pdf", "ementa": "Revoga a Lei Municipal n\u00ba 195/87, de 18/9/87, que doa im\u00f3veis urbanos \u00e0 COHAPAR - Companhia de Habita\u00e7\u00e3o do Paran\u00e1, na forma que especifica."}, {"id": "292", "ano": "1989", "numero": "9", "tipo__sigla": "POR", "tipo__descricao": "Portaria", "texto_integral": "http://sapl.sarandi.pr.leg.br/media/./sapl/public/normajuridica/1989/292/292_texto_integral.pdf", "ementa": "CONCEDE GRATIFICA\u00c7\u00d5ES MENSAIS \u00c0 SERVIDORES."}, {"id": "607", "ano": "1989", "numero": "352", "tipo__sigla": "LEI", "tipo__descricao": "Lei Ordin\u00e1ria", "texto_integral": "http://sapl.sarandi.pr.leg.br/media/sapl/public/normajuridica/1989/607/lei_no_352-1989_sapl.pdf", "ementa": "Acrescenta a letra \"z\" ao par\u00e1grafo 6\u00ba da Lei Municipal n\u00ba 162/86, de 14/11/86, que alterou a Lei Municipal n\u00ba 31/83, de 13/6/83, na forma que especifica."}, {"id": "606", "ano": "1989", "numero": "351", "tipo__sigla": "LEI", "tipo__descricao": "Lei Ordin\u00e1ria", "texto_integral": "http://sapl.sarandi.pr.leg.br/media/sapl/public/normajuridica/1989/606/lei_no_351-1989_sapl.pdf", "ementa": "Declara de utilidade p\u00fablica a Associa\u00e7\u00e3o dos Moradores e Amigos dos Bairros: Jardins Ver\u00e3o e das Flores 1\u00aa e 2\u00aa Partes."}, {"id": "605", "ano": "1989", "numero": "350", "tipo__sigla": "LEI", "tipo__descricao": "Lei Ordin\u00e1ria", "texto_integral": "http://sapl.sarandi.pr.leg.br/media/sapl/public/normajuridica/1989/605/lei_no_350-1989_sapl.pdf", "ementa": "D\u00e1 nova denomina\u00e7\u00e3o \u00e0 Rua Canad\u00e1 localizada entre os Jardins Paulista e Nova Paulista e d\u00e1 outras provid\u00eancias."}, {"id": "604", "ano": "1989", "numero": "349", "tipo__sigla": "LEI", "tipo__descricao": "Lei Ordin\u00e1ria", "texto_integral": "http://sapl.sarandi.pr.leg.br/media/sapl/public/normajuridica/1989/604/lei_no_349-1989_sapl.pdf", "ementa": "Autoriza o Poder Executivo Municipal a permutar im\u00f3vel urbano, na forma que especifica."}, {"id": "291", "ano": "1989", "numero": "8", "tipo__sigla": "POR", "tipo__descricao": "Portaria", "texto_integral": "http://sapl.sarandi.pr.leg.br/media/./sapl/public/normajuridica/1989/291/291_texto_integral.pdf", "ementa": "NOMEIA COMISS\u00d5ES TEM\u00c1TICAS."}, {"id": "428", "ano": "1989", "numero": "5", "tipo__sigla": "RES", "tipo__descricao": "Resolu\u00e7\u00e3o", "texto_integral": "http://sapl.sarandi.pr.leg.br/media/./sapl/public/normajuridica/1989/428/428_texto_integral.pdf", "ementa": "Regimento Interno, que trata da elabora\u00e7\u00e3o da Lei Org\u00e2nica do Munic\u00edpio de Sarandi, estabelece normas regimentais de Organiza\u00e7\u00e3o e funcionamento do Poder Constituinte Municipal e d\u00e1 outras provid\u00eancias."}, {"id": "603", "ano": "1989", "numero": "348", "tipo__sigla": "LEI", "tipo__descricao": "Lei Ordin\u00e1ria", "texto_integral": "http://sapl.sarandi.pr.leg.br/media/sapl/public/normajuridica/1989/603/lei_no_348-1989_sapl.pdf", "ementa": "Disp\u00f5e sobre autoriza\u00e7\u00e3o para o Poder Executivo participar de Cons\u00f3rcio Intermunicipal e d\u00e1 outras provid\u00eancias."}, {"id": "602", "ano": "1989", "numero": "347", "tipo__sigla": "LEI", "tipo__descricao": "Lei Ordin\u00e1ria", "texto_integral": "http://sapl.sarandi.pr.leg.br/media/sapl/public/normajuridica/1989/602/lei_no_347-1989_sapl.pdf", "ementa": "D\u00e1 denomina\u00e7\u00e3o \u00e0 Necr\u00f3pole Municipal localizada no Patrim\u00f4nio Vera Cruz e d\u00e1 outras provid\u00eancias."}, {"id": "427", "ano": "1989", "numero": "4", "tipo__sigla": "RES", "tipo__descricao": "Resolu\u00e7\u00e3o", "texto_integral": "http://sapl.sarandi.pr.leg.br/media/./sapl/public/normajuridica/1989/427/427_texto_integral.pdf", "ementa": "Instala a Legislatura Especial de Elabora\u00e7\u00e3o da Lei Org\u00e2nica do Munic\u00edpio de Sarandi e estabelece normas para os trabalhos preliminares."}, {"id": "6263", "ano": "1989", "numero": "346", "tipo__sigla": "LEI", "tipo__descricao": "Lei Ordin\u00e1ria", "texto_integral": "http://sapl.sarandi.pr.leg.br/media/sapl/public/normajuridica/1989/6263/lei_no_346-1989_sapl.pdf", "ementa": "D\u00e1 nova denomina\u00e7\u00e3o \u00e0 Rua Esplanada e \u00e0 Avenida Erineu Batista de Moura, na forma que especifica."}, {"id": "601", "ano": "1989", "numero": "345", "tipo__sigla": "LEI", "tipo__descricao": "Lei Ordin\u00e1ria", "texto_integral": "http://sapl.sarandi.pr.leg.br/media/sapl/public/normajuridica/1989/601/lei_no_345-1989_sapl.pdf", "ementa": "Autoriza o Chefe do Executivo Municipal a proceder doa\u00e7\u00e3o de um lote de terras \u00e0 Associa\u00e7\u00e3o de Moradores e Amigos dos Bairros: Jardins Paulista, Nova Paulista, Dom Bosco e San Remo e d\u00e1 outras provid\u00eancias."}, {"id": "46", "ano": "1989", "numero": "344", "tipo__sigla": "LEI", "tipo__descricao": "Lei Ordin\u00e1ria", "texto_integral": "http://sapl.sarandi.pr.leg.br/media/sapl/public/normajuridica/1989/46/lei_no_344-1989_sapl.pdf", "ementa": "Denomina de Rua Francisco de Almeida a atual Estrada Rural que interliga a Av. Maring\u00e1 \u00e0 Rua Jo\u00e3o Marangoni."}, {"id": "6264", "ano": "1989", "numero": "343", "tipo__sigla": "LEI", "tipo__descricao": "Lei Ordin\u00e1ria", "texto_integral": "http://sapl.sarandi.pr.leg.br/media/sapl/public/normajuridica/1989/6264/lei_no_343-1989_sapl.pdf", "ementa": "D\u00e1 nova denomina\u00e7\u00e3o \u00e0 Rua Ipanema do Jardim Primavera e d\u00e1 outras provid\u00eancias."}, {"id": "600", "ano": "1989", "numero": "342", "tipo__sigla": "LEI", "tipo__descricao": "Lei Ordin\u00e1ria", "texto_integral": "http://sapl.sarandi.pr.leg.br/media/sapl/public/normajuridica/1989/600/lei_no_342-1989_sapl.pdf", "ementa": "Autoriza o Chefe do Executivo Municipal a doar terreno \u00e0 Associa\u00e7\u00e3o de Bairro do Parque Alvamar na forma que especifica."}, {"id": "426", "ano": "1989", "numero": "3", "tipo__sigla": "RES", "tipo__descricao": "Resolu\u00e7\u00e3o", "texto_integral": "http://sapl.sarandi.pr.leg.br/media/./sapl/public/normajuridica/1989/426/426_texto_integral.pdf", "ementa": "Oficializa a constitui\u00e7\u00e3o de Comiss\u00e3o Especial."}, {"id": "599", "ano": "1989", "numero": "341", "tipo__sigla": "LEI", "tipo__descricao": "Lei Ordin\u00e1ria", "texto_integral": "http://sapl.sarandi.pr.leg.br/media/sapl/public/normajuridica/1989/599/lei_no_341-1989_sapl.pdf", "ementa": "D\u00e1 nova denomina\u00e7\u00e3o \u00e0 atual Rua Mato Grosso e d\u00e1 outras provid\u00eancias."}, {"id": "376", "ano": "1989", "numero": "340", "tipo__sigla": "LEI", "tipo__descricao": "Lei Ordin\u00e1ria", "texto_integral": "http://sapl.sarandi.pr.leg.br/media/sapl/public/normajuridica/1989/376/lei_no_340-1989_sapl.pdf", "ementa": "Cria Ponto de autom\u00f3veis de alugu\u00e9is e d\u00e1 provid\u00eancias correlatas."}, {"id": "290", "ano": "1989", "numero": "7", "tipo__sigla": "POR", "tipo__descricao": "Portaria", "texto_integral": "http://sapl.sarandi.pr.leg.br/media/./sapl/public/normajuridica/1989/290/290_texto_integral.pdf", "ementa": "NOMEIA COMISS\u00c3O ESPECIAL."}, {"id": "596", "ano": "1989", "numero": "339", "tipo__sigla": "LEI", "tipo__descricao": "Lei Ordin\u00e1ria", "texto_integral": "http://sapl.sarandi.pr.leg.br/media/sapl/public/normajuridica/1989/596/lei_no_339-1989_sapl.pdf", "ementa": "D\u00e1 nova denomina\u00e7\u00e3o a atual Rua Bigu\u00e1 e d\u00e1 outras provid\u00eancias."}, {"id": "4407", "ano": "1989", "numero": "338", "tipo__sigla": "LEI", "tipo__descricao": "Lei Ordin\u00e1ria", "texto_integral": "http://sapl.sarandi.pr.leg.br/media/sapl/public/normajuridica/1989/4407/lei_no_338-1989_sapl.pdf", "ementa": "D\u00e1 denomina\u00e7\u00e3o a rua e d\u00e1 outras provid\u00eancias."}, {"id": "595", "ano": "1989", "numero": "337", "tipo__sigla": "LEI", "tipo__descricao": "Lei Ordin\u00e1ria", "texto_integral": "http://sapl.sarandi.pr.leg.br/media/sapl/public/normajuridica/1989/595/lei_no_337-1989_sapl.pdf", "ementa": "Concede t\u00edtulo de benemer\u00eancia a cidad\u00e3o sarandiense e d\u00e1 outras provid\u00eancias."}, {"id": "593", "ano": "1989", "numero": "336", "tipo__sigla": "LEI", "tipo__descricao": "Lei Ordin\u00e1ria", "texto_integral": "http://sapl.sarandi.pr.leg.br/media/sapl/public/normajuridica/1989/593/lei_no_336-1989_sapl.pdf", "ementa": "Inclui par\u00e1grafo \u00fanico no art. 5\u00ba e altera o inciso I do art. 6\u00ba da Lei Municipal n\u00ba 306/88, de 14/12/88, na forma que especifica."}, {"id": "592", "ano": "1989", "numero": "335", "tipo__sigla": "LEI", "tipo__descricao": "Lei Ordin\u00e1ria", "texto_integral": "http://sapl.sarandi.pr.leg.br/media/sapl/public/normajuridica/1989/592/lei_no_335-1989_sapl.pdf", "ementa": "Autoriza o Poder Executivo Municipal a abrir cr\u00e9dito adicional suplementar e d\u00e1 outras provid\u00eancias."}, {"id": "590", "ano": "1989", "numero": "334", "tipo__sigla": "LEI", "tipo__descricao": "Lei Ordin\u00e1ria", "texto_integral": "http://sapl.sarandi.pr.leg.br/media/sapl/public/normajuridica/1989/590/lei_no_334-1989_sapl.pdf", "ementa": "Unifica as ruas Aquidaban/Imp\u00e9rio e d\u00e1 nova denomina\u00e7\u00e3o."}, {"id": "589", "ano": "1989", "numero": "333", "tipo__sigla": "LEI", "tipo__descricao": "Lei Ordin\u00e1ria", "texto_integral": "http://sapl.sarandi.pr.leg.br/media/sapl/public/normajuridica/1989/589/lei_no_333-1989_sapl.pdf", "ementa": "Declara de utilidade p\u00fablica a Associa\u00e7\u00e3o dos Moradores e Amigos dos Bairros Parque Alvamar."}, {"id": "587", "ano": "1989", "numero": "332", "tipo__sigla": "LEI", "tipo__descricao": "Lei Ordin\u00e1ria", "texto_integral": "http://sapl.sarandi.pr.leg.br/media/sapl/public/normajuridica/1989/587/lei_no_332-1989_sapl.pdf", "ementa": "Considera e declara de utilidade p\u00fablica a Associa\u00e7\u00e3o de Moradores e Amigos dos Bairros Jardins Paulista, Novo Paulista, Dom Bosco e San Remo."}, {"id": "586", "ano": "1989", "numero": "331", "tipo__sigla": "LEI", "tipo__descricao": "Lei Ordin\u00e1ria", "texto_integral": "http://sapl.sarandi.pr.leg.br/media/sapl/public/normajuridica/1989/586/lei_no_331-1989_sapl.pdf", "ementa": "Autoriza o Chefe do Poder Executivo Municipal a proceder a doa\u00e7\u00e3o da data de terras sob n\u00fameros 1, da quadra n\u00ba 7, do loteamento denominado Jardim Esperan\u00e7a 1\u00aa Parte, e d\u00e1 outras provid\u00eancias."}, {"id": "585", "ano": "1989", "numero": "330", "tipo__sigla": "LEI", "tipo__descricao": "Lei Ordin\u00e1ria", "texto_integral": "http://sapl.sarandi.pr.leg.br/media/sapl/public/normajuridica/1989/585/lei_no_330-1989_sapl.pdf", "ementa": "Acrescenta a letra \"x\" ao par\u00e1grafo 6\u00ba da lei municipal n\u00ba 162/86, de 14/11/86, que alterou a lei municipal n\u00ba 31/83, de 13/6/83, na forma que especifica."}, {"id": "584", "ano": "1989", "numero": "329", "tipo__sigla": "LEI", "tipo__descricao": "Lei Ordin\u00e1ria", "texto_integral": "http://sapl.sarandi.pr.leg.br/media/sapl/public/normajuridica/1989/584/lei_no_329-1989_sapl.pdf", "ementa": "Autoriza o Chefe do Poder Executivo Municipal a contratar opera\u00e7\u00e3o de cr\u00e9dito com o Banco do Estado do Paran\u00e1 S/A, para execu\u00e7\u00e3o das obras e servi\u00e7os integrantes do PRM - Programa de A\u00e7\u00e3o Municipal."}, {"id": "583", "ano": "1989", "numero": "328", "tipo__sigla": "LEI", "tipo__descricao": "Lei Ordin\u00e1ria", "texto_integral": "http://sapl.sarandi.pr.leg.br/media/sapl/public/normajuridica/1989/583/lei_no_328-1989_sapl.pdf", "ementa": "Cria Servi\u00e7o Municipal de Vigil\u00e2ncia e d\u00e1 outras provid\u00eancias correlatas."}, {"id": "6459", "ano": "1989", "numero": "327", "tipo__sigla": "LEI", "tipo__descricao": "Lei Ordin\u00e1ria", "texto_integral": "http://sapl.sarandi.pr.leg.br/media/sapl/public/normajuridica/1989/6459/lei_no_327-1989_sapl.pdf", "ementa": "Autoriza o Chefe do Poder Executivo Municipal a encetar campanha para aumentar o n\u00famero de ve\u00edculos emplacados no Munic\u00edpio e d\u00e1 outras provid\u00eancias."}, {"id": "582", "ano": "1989", "numero": "326", "tipo__sigla": "LEI", "tipo__descricao": "Lei Ordin\u00e1ria", "texto_integral": "http://sapl.sarandi.pr.leg.br/media/sapl/public/normajuridica/1989/582/lei_no_326-1989_sapl.pdf", "ementa": "Autoriza o Poder Executivo ceder im\u00f3veis da municipalidade \u00e0 Previd\u00eancia Social em pagamento de encargos sociais."}, {"id": "580", "ano": "1989", "numero": "325", "tipo__sigla": "LEI", "tipo__descricao": "Lei Ordin\u00e1ria", "texto_integral": "http://sapl.sarandi.pr.leg.br/media/sapl/public/normajuridica/1989/580/lei_no_325-1989_sapl.pdf", "ementa": "Autoriza o Poder Executivo Municipal a construir uma unidade escolar, na forma que especifica."}, {"id": "579", "ano": "1989", "numero": "324", "tipo__sigla": "LEI", "tipo__descricao": "Lei Ordin\u00e1ria", "texto_integral": "http://sapl.sarandi.pr.leg.br/media/sapl/public/normajuridica/1989/579/lei_no_324-1989_sapl.pdf", "ementa": "Disp\u00f5e sobre a extin\u00e7\u00e3o da Autarquia Municipal de Servi\u00e7os P\u00fablicos - AMUSEP, na forma que especifica."}, {"id": "575", "ano": "1989", "numero": "323", "tipo__sigla": "LEI", "tipo__descricao": "Lei Ordin\u00e1ria", "texto_integral": "http://sapl.sarandi.pr.leg.br/media/sapl/public/normajuridica/1989/575/lei_no_323-1989_sapl.pdf", "ementa": "Acrescenta par\u00e1grafo na Lei Municipal n\u00ba 31/83, de 13/6/83, alterada pela Lei Municipal n\u00ba 162/86, de 14/11/86, na forma que especifica."}, {"id": "574", "ano": "1989", "numero": "322", "tipo__sigla": "LEI", "tipo__descricao": "Lei Ordin\u00e1ria", "texto_integral": "http://sapl.sarandi.pr.leg.br/media/./sapl/public/normajuridica/1989/574/574_texto_integral.pdf", "ementa": "Pro\u00edbe a expedi\u00e7\u00e3o de alvar\u00e1 de licen\u00e7a a mot\u00e9is, boites e similares e d\u00e1 outras provid\u00eancias."}, {"id": "6458", "ano": "1989", "numero": "321", "tipo__sigla": "LEI", "tipo__descricao": "Lei Ordin\u00e1ria", "texto_integral": "http://sapl.sarandi.pr.leg.br/media/sapl/public/normajuridica/1989/6458/lei_no_321-1989_sapl.pdf", "ementa": "D\u00e1 nova reda\u00e7\u00e3o \u00e0s al\u00edneas \"m\" e \"n\" da Lei Municipal n\u00ba 254/88, de 25/4/88, que acrescentou as letras \"m, n, o, p e q\", ao \u00a7 6\u00ba da Lei Municipal n\u00ba 162/86, de 14/11/86, que alterou a Lei Municipal n\u00ba 31/83, de 13/6/83, que estabelece e fixa o zoneamento na \u00e1rea urbana municipal, para fins de constru\u00e7\u00f5es industriais, residenciais, comerciais e mistas e d\u00e1 outras provid\u00eancias."}, {"id": "572", "ano": "1989", "numero": "320", "tipo__sigla": "LEI", "tipo__descricao": "Lei Ordin\u00e1ria", "texto_integral": "http://sapl.sarandi.pr.leg.br/media/sapl/public/normajuridica/1989/572/lei_no_320-1989_sapl.pdf", "ementa": "D\u00e1 nova reda\u00e7\u00e3o \u00e0 al\u00ednea f da Lei Municipal n\u00ba 162/86, de 14/11/86, que acrescentou os par\u00e1grafos 5\u00ba e 6\u00ba \u00e0 Lei Municipal n\u00ba 31/83, de 13/6/83, que estabelece e fixa o zoneamento na \u00e1rea urbana municipal, para fins de constru\u00e7\u00f5es industriais, residenciais, comerciais e mistas."}, {"id": "570", "ano": "1989", "numero": "319", "tipo__sigla": "LEI", "tipo__descricao": "Lei Ordin\u00e1ria", "texto_integral": "http://sapl.sarandi.pr.leg.br/media/sapl/public/normajuridica/1989/570/lei_no_319-1989_sapl.pdf", "ementa": "Autoriza o Poder Executivo Municipal a permutar im\u00f3vel urbano, na forma que especifica."}, {"id": "568", "ano": "1989", "numero": "318", "tipo__sigla": "LEI", "tipo__descricao": "Lei Ordin\u00e1ria", "texto_integral": "http://sapl.sarandi.pr.leg.br/media/sapl/public/normajuridica/1989/568/lei_no_318-1989_sapl.pdf", "ementa": "Disp\u00f5e sobre a doa\u00e7\u00e3o de im\u00f3vel urbano \u00e0 Igreja Evang\u00e9lica Mission\u00e1ria S\u00f3 o Senhor \u00c9 Deus, na forma que especifica."}, {"id": "425", "ano": "1989", "numero": "2", "tipo__sigla": "RES", "tipo__descricao": "Resolu\u00e7\u00e3o", "texto_integral": "http://sapl.sarandi.pr.leg.br/media/./sapl/public/normajuridica/1989/425/425_texto_integral.pdf", "ementa": "Institui a Tribuna Livre, na forma que especifica."}, {"id": "458", "ano": "1989", "numero": "1", "tipo__sigla": "DL", "tipo__descricao": "Decreto Legislativo", "texto_integral": "http://sapl.sarandi.pr.leg.br/media/./sapl/public/normajuridica/1989/458/458_texto_integral.pdf", "ementa": "Aprova as Contas do Executivo, Legislativo e Autarquia Municipal de Servi\u00e7os P\u00fablicos, referente ao exerc\u00edcio financeiro de 1.987, conforme Parecer Pr\u00e9vio do Tribunal de Contas do Estado do Paran\u00e1."}, {"id": "567", "ano": "1989", "numero": "317", "tipo__sigla": "LEI", "tipo__descricao": "Lei Ordin\u00e1ria", "texto_integral": "http://sapl.sarandi.pr.leg.br/media/sapl/public/normajuridica/1989/567/lei_no_317-1989_sapl.pdf", "ementa": "Altera o art. 1\u00ba e acrescenta par\u00e1grafo \u00e0 Lei Municipal n\u00ba 3/84, de 17/1/84."}, {"id": "566", "ano": "1989", "numero": "316", "tipo__sigla": "LEI", "tipo__descricao": "Lei Ordin\u00e1ria", "texto_integral": "http://sapl.sarandi.pr.leg.br/media/sapl/public/normajuridica/1989/566/lei_no_316-1989_sapl.pdf", "ementa": "Disp\u00f5e sobre a doa\u00e7\u00e3o de im\u00f3veis urbanos \u00e0 Funda\u00e7\u00e3o Legi\u00e3o Brasileira de Assist\u00eancia - LBA, na forma que especifica."}, {"id": "565", "ano": "1989", "numero": "315", "tipo__sigla": "LEI", "tipo__descricao": "Lei Ordin\u00e1ria", "texto_integral": "http://sapl.sarandi.pr.leg.br/media/sapl/public/normajuridica/1989/565/lei_no_315-1989_sapl.pdf", "ementa": "Disp\u00f5e sobre a contrata\u00e7\u00e3o de pessoal por tempo determinado, na forma que especifica."}, {"id": "564", "ano": "1989", "numero": "314", "tipo__sigla": "LEI", "tipo__descricao": "Lei Ordin\u00e1ria", "texto_integral": "http://sapl.sarandi.pr.leg.br/media/sapl/public/normajuridica/1989/564/lei_no_314-1989_sapl.pdf", "ementa": "Declara \u00d3rg\u00e3o Oficial do Munic\u00edpio \"O Jornal de Maring\u00e1\", na forma que especifica."}, {"id": "424", "ano": "1989", "numero": "1", "tipo__sigla": "RES", "tipo__descricao": "Resolu\u00e7\u00e3o", "texto_integral": "http://sapl.sarandi.pr.leg.br/media/./sapl/public/normajuridica/1989/424/424_texto_integral.pdf", "ementa": "D\u00e1 nova Reda\u00e7\u00e3o ao Art. 1\u00b0 e Par\u00e1grafo \u00danico da Resolu\u00e7\u00e3o n\u00b0 03/88, de 22/12/88."}, {"id": "289", "ano": "1989", "numero": "6", "tipo__sigla": "POR", "tipo__descricao": "Portaria", "texto_integral": "http://sapl.sarandi.pr.leg.br/media/./sapl/public/normajuridica/1989/289/289_texto_integral.pdf", "ementa": "DETERMINA O HOR\u00c1RIO DE EXPEDIENTE DA C\u00c2MARA MUNICIPAL."}, {"id": "288", "ano": "1989", "numero": "5", "tipo__sigla": "POR", "tipo__descricao": "Portaria", "texto_integral": "http://sapl.sarandi.pr.leg.br/media/./sapl/public/normajuridica/1989/288/288_texto_integral.pdf", "ementa": "DESIGNA SERVIDORES PARA DESENVOLVER AS INCUMB\u00caNCIAS DE DIVIS\u00d5ES."}, {"id": "287", "ano": "1989", "numero": "4", "tipo__sigla": "POR", "tipo__descricao": "Portaria", "texto_integral": "http://sapl.sarandi.pr.leg.br/media/./sapl/public/normajuridica/1989/287/287_texto_integral.pdf", "ementa": "REFERENTE AO REGULAMENTO FUNCIONAL DA C\u00c2MARA."}, {"id": "286", "ano": "1989", "numero": "3", "tipo__sigla": "POR", "tipo__descricao": "Portaria", "texto_integral": "http://sapl.sarandi.pr.leg.br/media/./sapl/public/normajuridica/1989/286/286_texto_integral.pdf", "ementa": "NOMEAR COMISS\u00c3O ESPECIAL PARA REVISAR A SITUA\u00c7\u00c3O DOS SERVIDORES."}, {"id": "285", "ano": "1989", "numero": "2", "tipo__sigla": "POR", "tipo__descricao": "Portaria", "texto_integral": "http://sapl.sarandi.pr.leg.br/media/./sapl/public/normajuridica/1989/285/285_texto_integral.pdf", "ementa": "REVOGA AS PORTARIAS 01/88 E 08/88, AS QUAIS ATRIBU\u00cdAM GRATIFICA\u00c7\u00d5ES A SERVIDORES."}, {"id": "284", "ano": "1989", "numero": "1", "tipo__sigla": "POR", "tipo__descricao": "Portaria", "texto_integral": "http://sapl.sarandi.pr.leg.br/media/./sapl/public/normajuridica/1989/284/284_texto_integral.pdf", "ementa": "NOMEIA AS COMISS\u00d5ES PERMANENTES DA C\u00c2MARA MUNICIPAL."}, {"id": "712", "ano": "1988", "numero": "313", "tipo__sigla": "LEI", "tipo__descricao": "Lei Ordin\u00e1ria", "texto_integral": "http://sapl.sarandi.pr.leg.br/media/sapl/public/normajuridica/1988/712/lei_no_313-1988_sapl.pdf", "ementa": "Altera a Lei Municipal n\u00ba 298/88, de 29/11/88, na forma que especifica."}, {"id": "711", "ano": "1988", "numero": "312", "tipo__sigla": "LEI", "tipo__descricao": "Lei Ordin\u00e1ria", "texto_integral": "http://sapl.sarandi.pr.leg.br/media/sapl/public/normajuridica/1988/711/lei_no_312-1988_sapl.pdf", "ementa": "Institui o Imposto Municipal sobre Vendas de Combust\u00edveis L\u00edquidos e Gasosos a Varejo - IVV e d\u00e1 outras provid\u00eancias."}, {"id": "6407", "ano": "1988", "numero": "311", "tipo__sigla": "LEI", "tipo__descricao": "Lei Ordin\u00e1ria", "texto_integral": "http://sapl.sarandi.pr.leg.br/media/sapl/public/normajuridica/1988/6407/lei_n_311-1988_sapl.pdf", "ementa": "Institui o Imposto sobre Transmiss\u00e3o de Bens Im\u00f3veis e d\u00e1 outras provid\u00eancias."}, {"id": "710", "ano": "1988", "numero": "310", "tipo__sigla": "LEI", "tipo__descricao": "Lei Ordin\u00e1ria", "texto_integral": "http://sapl.sarandi.pr.leg.br/media/sapl/public/normajuridica/1988/710/lei_no_310-1988_sapl.pdf", "ementa": "Autoriza o Poder Executivo Municipal a abrir cr\u00e9dito adicional suplementar e d\u00e1 outras provid\u00eancias."}, {"id": "709", "ano": "1988", "numero": "309", "tipo__sigla": "LEI", "tipo__descricao": "Lei Ordin\u00e1ria", "texto_integral": "http://sapl.sarandi.pr.leg.br/media/sapl/public/normajuridica/1988/709/lei_no_309-1988_sapl.pdf", "ementa": "Autoriza o Poder Executivo Municipal a abrir cr\u00e9dito adicional suplementar e d\u00e1 outras provid\u00eancias."}, {"id": "708", "ano": "1988", "numero": "308", "tipo__sigla": "LEI", "tipo__descricao": "Lei Ordin\u00e1ria", "texto_integral": "http://sapl.sarandi.pr.leg.br/media/sapl/public/normajuridica/1988/708/lei_no_308-1988_sapl.pdf", "ementa": "Autoriza o Poder Executivo Municipal a abrir cr\u00e9dito adicional suplementar e d\u00e1 outras provid\u00eancias."}, {"id": "707", "ano": "1988", "numero": "307", "tipo__sigla": "LEI", "tipo__descricao": "Lei Ordin\u00e1ria", "texto_integral": "http://sapl.sarandi.pr.leg.br/media/sapl/public/normajuridica/1988/707/lei_no_307-1988_sapl.pdf", "ementa": "Disp\u00f5e sobre a venda de im\u00f3vel localizado no 2\u00ba Parque Industrial e revoga a Lei Municipal n\u00ba 188/87, de 21/8/87, na forma que especifica."}, {"id": "455", "ano": "1988", "numero": "3", "tipo__sigla": "DL", "tipo__descricao": "Decreto Legislativo", "texto_integral": "http://sapl.sarandi.pr.leg.br/media/./sapl/public/normajuridica/1988/455/455_texto_integral.pdf", "ementa": "Fixa o Subs\u00eddios e Verba de Representa\u00e7\u00e3o do Prefeito e Verba de Representa\u00e7\u00e3o do Vice-Prefeito."}, {"id": "422", "ano": "1988", "numero": "3", "tipo__sigla": "RES", "tipo__descricao": "Resolu\u00e7\u00e3o", "texto_integral": "http://sapl.sarandi.pr.leg.br/media/./sapl/public/normajuridica/1988/422/422_texto_integral.pdf", "ementa": "Fixa a remunera\u00e7\u00e3o dos Vereadores para o quadri\u00eanio 89/92 e d\u00e1 outras provid\u00eancias."}, {"id": "421", "ano": "1988", "numero": "2", "tipo__sigla": "RES", "tipo__descricao": "Resolu\u00e7\u00e3o", "texto_integral": "http://sapl.sarandi.pr.leg.br/media/./sapl/public/normajuridica/1988/421/421_texto_integral.pdf", "ementa": "D\u00e1 nova Reda\u00e7\u00e3o ao artigo 73, da Resolu\u00e7\u00e3o n\u00b0 08/83, de 04.11.83 \u2014 Regimento Interno."}, {"id": "419", "ano": "1988", "numero": "1", "tipo__sigla": "RES", "tipo__descricao": "Resolu\u00e7\u00e3o", "texto_integral": "http://sapl.sarandi.pr.leg.br/media/./sapl/public/normajuridica/1988/419/419_texto_integral.pdf", "ementa": "D\u00e1 nova Reda\u00e7\u00e3o ao art. 4\u00ba da Resolu\u00e7\u00e3o n\u00b0 08/83 de 04.11.83."}, {"id": "706", "ano": "1988", "numero": "306", "tipo__sigla": "LEI", "tipo__descricao": "Lei Ordin\u00e1ria", "texto_integral": "http://sapl.sarandi.pr.leg.br/media/sapl/public/normajuridica/1988/706/lei_no_306-1988_sapl.pdf", "ementa": "Altera legisla\u00e7\u00e3o sobre a taxa de ilumina\u00e7\u00e3o p\u00fablica e d\u00e1 outras provid\u00eancias."}, {"id": "705", "ano": "1988", "numero": "305", "tipo__sigla": "LEI", "tipo__descricao": "Lei Ordin\u00e1ria", "texto_integral": "http://sapl.sarandi.pr.leg.br/media/sapl/public/normajuridica/1988/705/lei_no_305-1988_sapl.pdf", "ementa": "Autoriza o Chefe do Poder Executivo Municipal a abrir cr\u00e9dito adicional suplementar e d\u00e1 outras provid\u00eancias."}, {"id": "704", "ano": "1988", "numero": "304", "tipo__sigla": "LEI", "tipo__descricao": "Lei Ordin\u00e1ria", "texto_integral": "http://sapl.sarandi.pr.leg.br/media/sapl/public/normajuridica/1988/704/lei_no_304-1988_sapl.pdf", "ementa": "Autoriza o Poder Executivo Municipal a abrir cr\u00e9dito adicional suplementar e d\u00e1 outras provid\u00eancias."}, {"id": "703", "ano": "1988", "numero": "303", "tipo__sigla": "LEI", "tipo__descricao": "Lei Ordin\u00e1ria", "texto_integral": "http://sapl.sarandi.pr.leg.br/media/sapl/public/normajuridica/1988/703/lei_n_303-1988_sapl.pdf", "ementa": "Disp\u00f5e sobre a doa\u00e7\u00e3o de im\u00f3vel urbano \u00e0 Igreja do Evangelho Quadrangular, na forma que especifica."}, {"id": "700", "ano": "1988", "numero": "302", "tipo__sigla": "LEI", "tipo__descricao": "Lei Ordin\u00e1ria", "texto_integral": "http://sapl.sarandi.pr.leg.br/media/sapl/public/normajuridica/1988/700/lei_no_302-1988_sapl.pdf", "ementa": "Disp\u00f5e sobre a doa\u00e7\u00e3o de terreno \u00e0 Associa\u00e7\u00e3o de Moradores e Amigos dos Bairros Jardim Nova Independ\u00eancia 1\u00aa e 2\u00aa Partes e d\u00e1 outras provid\u00eancias."}, {"id": "697", "ano": "1988", "numero": "301", "tipo__sigla": "LEI", "tipo__descricao": "Lei Ordin\u00e1ria", "texto_integral": "http://sapl.sarandi.pr.leg.br/media/sapl/public/normajuridica/1988/697/lei_n_301-1988-_da_denominacao_as_habitacoes_atraves_do_sistema_mutirao.pdf", "ementa": "D\u00e1 denomina\u00e7\u00e3o \u00e0s habita\u00e7\u00f5es constru\u00eddas atrav\u00e9s do Sistema Mutir\u00e3o, no Jardim Social, neste munic\u00edpio."}, {"id": "695", "ano": "1988", "numero": "300", "tipo__sigla": "LEI", "tipo__descricao": "Lei Ordin\u00e1ria", "texto_integral": "http://sapl.sarandi.pr.leg.br/media/sapl/public/normajuridica/1988/695/lei_no_300-1988_sapl.pdf", "ementa": "Autoriza\u00e7\u00e3o para a firma \"New Hause Artefatos de Metal Ltda.\" se instalar no 3\u00ba Parque Industrial deste Munic\u00edpio."}, {"id": "4043", "ano": "1988", "numero": "8", "tipo__sigla": "POR", "tipo__descricao": "Portaria", "texto_integral": "http://sapl.sarandi.pr.leg.br/media/sapl/public/normajuridica/1988/4043/portaria_no_008.1988.pdf", "ementa": "CONCEDE GRATIFICA\u00c7\u00c3O DE DEDICA\u00c7\u00c3O EXCLUSIVA AO SERVIDOR AN\u00c9SIO JOS\u00c9 DA SILVA."}, {"id": "691", "ano": "1988", "numero": "299", "tipo__sigla": "LEI", "tipo__descricao": "Lei Ordin\u00e1ria", "texto_integral": "http://sapl.sarandi.pr.leg.br/media/sapl/public/normajuridica/1988/691/lei_no_299-1988_sapl.pdf", "ementa": "Acrescenta as letras \"x\" e \"z\" ao par\u00e1grafo 6\u00ba da Lei Municipal n\u00ba 162/86, de 14/11/86, que alterou a Lei Municipal n\u00ba 31/83, de 13/6/83."}, {"id": "690", "ano": "1988", "numero": "298", "tipo__sigla": "LEI", "tipo__descricao": "Lei Ordin\u00e1ria", "texto_integral": "http://sapl.sarandi.pr.leg.br/media/sapl/public/normajuridica/1988/690/lei_n_298-1988_sapl.pdf", "ementa": "Estima a receita e fixa a despesa do munic\u00edpio de Sarandi, Estado do Paran\u00e1, para o exerc\u00edcio de 1989."}, {"id": "689", "ano": "1988", "numero": "297", "tipo__sigla": "LEI", "tipo__descricao": "Lei Ordin\u00e1ria", "texto_integral": "http://sapl.sarandi.pr.leg.br/media/sapl/public/normajuridica/1988/689/lei_no_297-1988_sapl.pdf", "ementa": "Acrescenta as letras \"t\", \"u\" e \"v\" ao par\u00e1grafo 6\u00ba da Lei municipal n\u00ba 162/86, de 14/11/86, que alterou a Lei Municipal n\u00ba 31/83, de 13/6/83."}, {"id": "688", "ano": "1988", "numero": "296", "tipo__sigla": "LEI", "tipo__descricao": "Lei Ordin\u00e1ria", "texto_integral": "http://sapl.sarandi.pr.leg.br/media/sapl/public/normajuridica/1988/688/lei_no_296-1988_sapl.pdf", "ementa": "Autoriza o Poder Executivo Municipal a construir e instalar uma creche e d\u00e1 outras provid\u00eancias."}, {"id": "687", "ano": "1988", "numero": "295", "tipo__sigla": "LEI", "tipo__descricao": "Lei Ordin\u00e1ria", "texto_integral": "http://sapl.sarandi.pr.leg.br/media/sapl/public/normajuridica/1988/687/lei_no_295-1988_sapl.pdf", "ementa": "Disp\u00f5e sobre a aliena\u00e7\u00e3o de im\u00f3veis de propriedade deste munic\u00edpio, contidos no per\u00edmetro urbano, na forma que especifica."}, {"id": "686", "ano": "1988", "numero": "294", "tipo__sigla": "LEI", "tipo__descricao": "Lei Ordin\u00e1ria", "texto_integral": "http://sapl.sarandi.pr.leg.br/media/sapl/public/normajuridica/1988/686/lei_no_294-1988_sapl.pdf", "ementa": "Disp\u00f5e sobre a doa\u00e7\u00e3o de im\u00f3vel urbano \u00e0 Mitra Diocesana da Arquidiocese de Maring\u00e1, na forma que especifica."}, {"id": "681", "ano": "1988", "numero": "293", "tipo__sigla": "LEI", "tipo__descricao": "Lei Ordin\u00e1ria", "texto_integral": "http://sapl.sarandi.pr.leg.br/media/sapl/public/normajuridica/1988/681/lei_n_293-1988_sapl.pdf", "ementa": "Disp\u00f5e sobre o pagamento de aluguel do pr\u00e9dio ocupado pela Representa\u00e7\u00e3o da Previd\u00eancia Social Rural, na forma que especifica."}, {"id": "679", "ano": "1988", "numero": "292", "tipo__sigla": "LEI", "tipo__descricao": "Lei Ordin\u00e1ria", "texto_integral": "http://sapl.sarandi.pr.leg.br/media/sapl/public/normajuridica/1988/679/lei_no_292-1988_sapl.pdf", "ementa": "Considera e declara de utilidade p\u00fablica a Associa\u00e7\u00e3o de Moradores e Amigos dos Bairros - Jardim Nova Independ\u00eancia 1\u00aa e 2\u00aa Partes."}, {"id": "677", "ano": "1988", "numero": "291", "tipo__sigla": "LEI", "tipo__descricao": "Lei Ordin\u00e1ria", "texto_integral": "http://sapl.sarandi.pr.leg.br/media/sapl/public/normajuridica/1988/677/lei_no_291-1988_sapl.pdf", "ementa": "Autoriza o Poder Executivo Municipal a construir o Est\u00e1dio Municipal, na seguinte forma."}, {"id": "672", "ano": "1988", "numero": "290", "tipo__sigla": "LEI", "tipo__descricao": "Lei Ordin\u00e1ria", "texto_integral": "http://sapl.sarandi.pr.leg.br/media/sapl/public/normajuridica/1988/672/lei_no_290-1988_sapl.pdf", "ementa": "Autoriza o Poder Executivo Municipal a construir um abrigo, na forma que especifica."}, {"id": "666", "ano": "1988", "numero": "289", "tipo__sigla": "LEI", "tipo__descricao": "Lei Ordin\u00e1ria", "texto_integral": "http://sapl.sarandi.pr.leg.br/media/sapl/public/normajuridica/1988/666/lei_no_289-1988_sapl.pdf", "ementa": "Autoriza o Poder Executivo Municipal a construir um abrigo, na forma que especifica."}, {"id": "663", "ano": "1988", "numero": "288", "tipo__sigla": "LEI", "tipo__descricao": "Lei Ordin\u00e1ria", "texto_integral": "http://sapl.sarandi.pr.leg.br/media/sapl/public/normajuridica/1988/663/lei_no_288-1988_sapl.pdf", "ementa": "Autoriza o Poder Executivo Municipal a construir e instalar um posto de sa\u00fade e d\u00e1 outras provid\u00eancias."}, {"id": "658", "ano": "1988", "numero": "287", "tipo__sigla": "LEI", "tipo__descricao": "Lei Ordin\u00e1ria", "texto_integral": "http://sapl.sarandi.pr.leg.br/media/sapl/public/normajuridica/1988/658/lei_n_287-1988-_construcao_de_parque_infantil.pdf", "ementa": "Autoriza o Poder Executivo Municipal a construir um Parque Infantil e uma Cancha de Esportes, conforme especifica."}, {"id": "655", "ano": "1988", "numero": "286", "tipo__sigla": "LEI", "tipo__descricao": "Lei Ordin\u00e1ria", "texto_integral": "http://sapl.sarandi.pr.leg.br/media/sapl/public/normajuridica/1988/655/lei_no_286-1988_sapl.pdf", "ementa": "Autoriza o Poder Executivo Municipal a construir uma creche e um parque infantil, conforme especifica."}, {"id": "653", "ano": "1988", "numero": "285", "tipo__sigla": "LEI", "tipo__descricao": "Lei Ordin\u00e1ria", "texto_integral": "http://sapl.sarandi.pr.leg.br/media/sapl/public/normajuridica/1988/653/lei_no_285-1988_sapl.pdf", "ementa": "Autoriza o Poder Executivo Municipal a construir uma unidade escolar, na forma que especifica."}, {"id": "651", "ano": "1988", "numero": "284", "tipo__sigla": "LEI", "tipo__descricao": "Lei Ordin\u00e1ria", "texto_integral": "http://sapl.sarandi.pr.leg.br/media/sapl/public/normajuridica/1988/651/lei_no_284-1988_sapl.pdf", "ementa": "Autoriza o Poder Executivo Municipal a construir uma unidade escolar, na forma que especifica."}, {"id": "645", "ano": "1988", "numero": "283", "tipo__sigla": "LEI", "tipo__descricao": "Lei Ordin\u00e1ria", "texto_integral": "http://sapl.sarandi.pr.leg.br/media/sapl/public/normajuridica/1988/645/lei_no_283-1988_sapl.pdf", "ementa": "Autoriza o Poder Executivo Municipal a construir uma unidade escolar, na forma que especifica."}, {"id": "643", "ano": "1988", "numero": "282", "tipo__sigla": "LEI", "tipo__descricao": "Lei Ordin\u00e1ria", "texto_integral": "http://sapl.sarandi.pr.leg.br/media/sapl/public/normajuridica/1988/643/lei_no_282-1988_sapl.pdf", "ementa": "Autoriza o Poder Executivo Municipal a construir o Matadouro Municipal."}, {"id": "642", "ano": "1988", "numero": "281", "tipo__sigla": "LEI", "tipo__descricao": "Lei Ordin\u00e1ria", "texto_integral": "http://sapl.sarandi.pr.leg.br/media/sapl/public/normajuridica/1988/642/lei_no_281-1988_sapl.pdf", "ementa": "Disp\u00f5e sobre a doa\u00e7\u00e3o de im\u00f3vel urbano \u00e0 Funda\u00e7\u00e3o Legi\u00e3o Brasileira de Assist\u00eancia - LBA, na forma que especifica."}, {"id": "453", "ano": "1988", "numero": "2", "tipo__sigla": "DL", "tipo__descricao": "Decreto Legislativo", "texto_integral": "http://sapl.sarandi.pr.leg.br/media/./sapl/public/normajuridica/1988/453/453_texto_integral.pdf", "ementa": "Aprova as Contas do Executivo e da Autarquia Municipal de Servi\u00e7os P\u00fablicos, referente ao exerc\u00edcio de 1986 e d\u00e1 outras provid\u00eancias."}, {"id": "640", "ano": "1988", "numero": "280", "tipo__sigla": "LEI", "tipo__descricao": "Lei Ordin\u00e1ria", "texto_integral": "http://sapl.sarandi.pr.leg.br/media/sapl/public/normajuridica/1988/640/lei_no_280-1988_sapl.pdf", "ementa": "Disp\u00f5e sobre a doa\u00e7\u00e3o de im\u00f3vel \u00e0 Primeira Igreja Presbiteriana Renovada de Maring\u00e1, na forma que especifica."}, {"id": "639", "ano": "1988", "numero": "279", "tipo__sigla": "LEI", "tipo__descricao": "Lei Ordin\u00e1ria", "texto_integral": "http://sapl.sarandi.pr.leg.br/media/sapl/public/normajuridica/1988/639/lei_no_279-1988_sapl.pdf", "ementa": "Disp\u00f5e sobre a doa\u00e7\u00e3o de terreno \u00e0 Associa\u00e7\u00e3o de Moradores e Amigos - Esperan\u00e7a e d\u00e1 outras provid\u00eancias."}, {"id": "636", "ano": "1988", "numero": "278", "tipo__sigla": "LEI", "tipo__descricao": "Lei Ordin\u00e1ria", "texto_integral": "http://sapl.sarandi.pr.leg.br/media/sapl/public/normajuridica/1988/636/lei_no_278-1988_sapl.pdf", "ementa": "Disp\u00f5e sobre a doa\u00e7\u00e3o de im\u00f3vel \u00e0 Igreja Pentecostal \"Deus \u00e9 Amor\", na forma que especifica."}, {"id": "635", "ano": "1988", "numero": "277", "tipo__sigla": "LEI", "tipo__descricao": "Lei Ordin\u00e1ria", "texto_integral": "http://sapl.sarandi.pr.leg.br/media/sapl/public/normajuridica/1988/635/lei_no_277-1988_sapl.pdf", "ementa": "Disp\u00f5e sobre a doa\u00e7\u00e3o de im\u00f3veis urbanos \u00e0 Sociedade Comunit\u00e1ria de Habita\u00e7\u00e3o Popular do Jardim Social, na forma que especifica."}, {"id": "634", "ano": "1988", "numero": "276", "tipo__sigla": "LEI", "tipo__descricao": "Lei Ordin\u00e1ria", "texto_integral": "http://sapl.sarandi.pr.leg.br/media/sapl/public/normajuridica/1988/634/lei_no_276-1988_sapl.pdf", "ementa": "Acrescenta a letra \"s\" ao \u00a7 6\u00ba da Lei Municipal n\u00ba 162/86, de 14/11/86, que alterou a Lei Municipal n\u00ba 31/83, de 13/6/83."}, {"id": "633", "ano": "1988", "numero": "275", "tipo__sigla": "LEI", "tipo__descricao": "Lei Ordin\u00e1ria", "texto_integral": "http://sapl.sarandi.pr.leg.br/media/sapl/public/normajuridica/1988/633/lei_n_275-1988_sapl.pdf", "ementa": "Revoga a Lei Municipal n\u00ba 211/87, de 23/11/87, que disp\u00f5e sobre a doa\u00e7\u00e3o de im\u00f3vel urbano \u00e0 Igreja Pentecostal \"Deus \u00e9 Amor\", na forma que especifica."}, {"id": "632", "ano": "1988", "numero": "274", "tipo__sigla": "LEI", "tipo__descricao": "Lei Ordin\u00e1ria", "texto_integral": "http://sapl.sarandi.pr.leg.br/media/sapl/public/normajuridica/1988/632/lei_n_274-1988_sapl.pdf", "ementa": "Autoriza o Chefe do Poder Executivo Municipal a abrir cr\u00e9dito adicional suplementar."}, {"id": "283", "ano": "1988", "numero": "7", "tipo__sigla": "POR", "tipo__descricao": "Portaria", "texto_integral": "http://sapl.sarandi.pr.leg.br/media/./sapl/public/normajuridica/1988/283/283_texto_integral.pdf", "ementa": "REFERENTE \u00c0 SUBSTITUI\u00c7\u00c3O DE SERVIDOR EFETIVO."}, {"id": "282", "ano": "1988", "numero": "6", "tipo__sigla": "POR", "tipo__descricao": "Portaria", "texto_integral": "http://sapl.sarandi.pr.leg.br/media/./sapl/public/normajuridica/1988/282/282_texto_integral.pdf", "ementa": "REFERENTE \u00c0 CONCESS\u00c3O DE LICEN\u00c7A A SERVIDOR PARA PROMO\u00c7\u00c3O DE CAMPANHA ELEITORAL."}, {"id": "631", "ano": "1988", "numero": "273", "tipo__sigla": "LEI", "tipo__descricao": "Lei Ordin\u00e1ria", "texto_integral": "http://sapl.sarandi.pr.leg.br/media/sapl/public/normajuridica/1988/631/lei_no_273-1988_sapl.pdf", "ementa": "Considera e declara de utilidade p\u00fablica a Associa\u00e7\u00e3o de Moradores e Amigos - Esperan\u00e7a."}, {"id": "630", "ano": "1988", "numero": "272", "tipo__sigla": "LEI", "tipo__descricao": "Lei Ordin\u00e1ria", "texto_integral": "http://sapl.sarandi.pr.leg.br/media/sapl/public/normajuridica/1988/630/lei_no_272-1988_sapl.pdf", "ementa": "Autoriza o Poder Executivo Municipal a construir uma ponte sobre o c\u00f3rrego Pinguim e d\u00e1 outras provid\u00eancias."}, {"id": "375", "ano": "1988", "numero": "271", "tipo__sigla": "LEI", "tipo__descricao": "Lei Ordin\u00e1ria", "texto_integral": "http://sapl.sarandi.pr.leg.br/media/sapl/public/normajuridica/1988/375/lei_no_271-1988_sapl.pdf", "ementa": "Cria ponte de autom\u00f3veis de alugu\u00e9is na Av. Londrina entre as Ruas Vaz Caminha e Jo\u00e3o Marangoni e d\u00e1 outras provid\u00eancias."}, {"id": "621", "ano": "1988", "numero": "270", "tipo__sigla": "LEI", "tipo__descricao": "Lei Ordin\u00e1ria", "texto_integral": "http://sapl.sarandi.pr.leg.br/media/sapl/public/normajuridica/1988/621/lei_no_270-1988_sapl.pdf", "ementa": "Autoriza o Poder Executivo Municipal a vender terreno para fins industriais e/ou comerciais, na forma que especifica."}, {"id": "620", "ano": "1988", "numero": "269", "tipo__sigla": "LEI", "tipo__descricao": "Lei Ordin\u00e1ria", "texto_integral": "http://sapl.sarandi.pr.leg.br/media/sapl/public/normajuridica/1988/620/lei_n_269-1988_sapl.pdf", "ementa": "Disp\u00f5e sobre a concess\u00e3o de servi\u00e7os p\u00fablicos, na forma que especifica."}, {"id": "618", "ano": "1988", "numero": "268", "tipo__sigla": "LEI", "tipo__descricao": "Lei Ordin\u00e1ria", "texto_integral": "http://sapl.sarandi.pr.leg.br/media/sapl/public/normajuridica/1988/618/lei_n_268-1988_sapl.pdf", "ementa": "Autoriza o Poder Executivo Municipal a celebrar conv\u00eanio com a COHAPAR (Companhia de Habita\u00e7\u00e3o do Paran\u00e1), na forma que especifica."}, {"id": "614", "ano": "1988", "numero": "267", "tipo__sigla": "LEI", "tipo__descricao": "Lei Ordin\u00e1ria", "texto_integral": "http://sapl.sarandi.pr.leg.br/media/sapl/public/normajuridica/1988/614/lei_n_267-1988_sapl.pdf", "ementa": "Revoga a Lei Municipal n\u00ba 41/84, de 10/10/84, que acrescenta item ao art. 22 da Lei Municipal n\u00ba 77/83, de 1/12/83 - C\u00f3digo Tribut\u00e1rio Municipal, na forma que especifica."}, {"id": "613", "ano": "1988", "numero": "266", "tipo__sigla": "LEI", "tipo__descricao": "Lei Ordin\u00e1ria", "texto_integral": "http://sapl.sarandi.pr.leg.br/media/sapl/public/normajuridica/1988/613/lei_n_266-1988_sapl.pdf", "ementa": "Autoriza o Chefe do Poder Executivo Municipal a contratar opera\u00e7\u00e3o de cr\u00e9dito com o Banco do Estado do Paran\u00e1 S.A. para execu\u00e7\u00e3o das obras e servi\u00e7os integrantes do PRAM - Programa de A\u00e7\u00e3o Municipal."}, {"id": "598", "ano": "1988", "numero": "265", "tipo__sigla": "LEI", "tipo__descricao": "Lei Ordin\u00e1ria", "texto_integral": "http://sapl.sarandi.pr.leg.br/media/sapl/public/normajuridica/1988/598/lei_no_265-1988_sapl.pdf", "ementa": "D\u00e1 denomina\u00e7\u00e3o \u00e0 Creche do Jardim Nova Paulista e d\u00e1 outras provid\u00eancias."}, {"id": "597", "ano": "1988", "numero": "264", "tipo__sigla": "LEI", "tipo__descricao": "Lei Ordin\u00e1ria", "texto_integral": "http://sapl.sarandi.pr.leg.br/media/sapl/public/normajuridica/1988/597/lei_no_264-1988_sapl.pdf", "ementa": "Disp\u00f5e sobre a doa\u00e7\u00e3o de im\u00f3vel urbano \u00e0 Igreja de Deus no Brasil, na forma que especifica."}, {"id": "594", "ano": "1988", "numero": "263", "tipo__sigla": "LEI", "tipo__descricao": "Lei Ordin\u00e1ria", "texto_integral": "http://sapl.sarandi.pr.leg.br/media/sapl/public/normajuridica/1988/594/lei_no_263-1988_sapl.pdf", "ementa": "D\u00e1 nova reda\u00e7\u00e3o \u00e0 Lista de Servi\u00e7os contida no art. 22; altera o \u00a7 2\u00ba do art. 27 e os itens 4 e 6 do Anexo I da Lei Municipal n\u00ba 77/83, de 1/12/83 - C\u00f3digo Tribut\u00e1rio Municipal, na forma que especifica."}, {"id": "591", "ano": "1988", "numero": "262", "tipo__sigla": "LEI", "tipo__descricao": "Lei Ordin\u00e1ria", "texto_integral": "http://sapl.sarandi.pr.leg.br/media/sapl/public/normajuridica/1988/591/lei_no_262-1988_sapl.pdf", "ementa": "Autoriza o Poder Executivo Municipal a construir a 3\u00aa passagem da Linha F\u00e9rrea e d\u00e1 outras provid\u00eancias."}, {"id": "588", "ano": "1988", "numero": "261", "tipo__sigla": "LEI", "tipo__descricao": "Lei Ordin\u00e1ria", "texto_integral": "http://sapl.sarandi.pr.leg.br/media/sapl/public/normajuridica/1988/588/lei_no_261-1988_sapl.pdf", "ementa": "Autoriza o Poder Executivo Municipal a construir e instalar uma creche e d\u00e1 outras provid\u00eancias."}, {"id": "581", "ano": "1988", "numero": "260", "tipo__sigla": "LEI", "tipo__descricao": "Lei Ordin\u00e1ria", "texto_integral": "http://sapl.sarandi.pr.leg.br/media/sapl/public/normajuridica/1988/581/lei_no_260-1988_sapl.pdf", "ementa": "D\u00e1 nova denomina\u00e7\u00e3o \u00e0 Rua Planalto, do Jardim Nova Paulista, cidade de Sarandi e d\u00e1 outras provid\u00eancias."}, {"id": "281", "ano": "1988", "numero": "4", "tipo__sigla": "POR", "tipo__descricao": "Portaria", "texto_integral": "http://sapl.sarandi.pr.leg.br/media/./sapl/public/normajuridica/1988/281/281_texto_integral.pdf", "ementa": "ATRIBUIR AUMENTO SALARIAL A SERVIDORES."}, {"id": "452", "ano": "1988", "numero": "1", "tipo__sigla": "DL", "tipo__descricao": "Decreto Legislativo", "texto_integral": "http://sapl.sarandi.pr.leg.br/media/./sapl/public/normajuridica/1988/452/452_texto_integral.pdf", "ementa": "Aprova as Contas do Executivo, Legislativo e Autarquia Municipal de Servi\u00e7os P\u00fablicos, referentes ao exerc\u00edcio de 1985 e d\u00e1 outras provid\u00eancias."}, {"id": "374", "ano": "1988", "numero": "259", "tipo__sigla": "LEI", "tipo__descricao": "Lei Ordin\u00e1ria", "texto_integral": "http://sapl.sarandi.pr.leg.br/media/sapl/public/normajuridica/1988/374/lei_no_259-1988_sapl.pdf", "ementa": "Cria Ponto de Autom\u00f3veis de Alugueis na Avenida Anchieta, entre as Ruas Duque de Caxias e Pedro Alvares Cabral e d\u00e1 outras provid\u00eancias."}, {"id": "578", "ano": "1988", "numero": "258", "tipo__sigla": "LEI", "tipo__descricao": "Lei Ordin\u00e1ria", "texto_integral": "http://sapl.sarandi.pr.leg.br/media/sapl/public/normajuridica/1988/578/lei_no_258-1988_sapl.pdf", "ementa": "Acrescenta a letra \"r\" ao \u00a7 6\u00ba da Lei Municipal n\u00ba 162/86, de 14/11/86, que alterou a Lei Municipal n\u00ba 31/83, de 13/6/83."}, {"id": "577", "ano": "1988", "numero": "257", "tipo__sigla": "LEI", "tipo__descricao": "Lei Ordin\u00e1ria", "texto_integral": "http://sapl.sarandi.pr.leg.br/media/sapl/public/normajuridica/1988/577/lei_no_257-1988_sapl.pdf", "ementa": "Autoriza o Poder Executivo Municipal a permutar im\u00f3veis urbanos, na forma que especifica."}, {"id": "576", "ano": "1988", "numero": "256", "tipo__sigla": "LEI", "tipo__descricao": "Lei Ordin\u00e1ria", "texto_integral": "http://sapl.sarandi.pr.leg.br/media/sapl/public/normajuridica/1988/576/lei_no_256-1988.pdf", "ementa": "Denomina Cancha de Esportes e d\u00e1 outras provid\u00eancias."}, {"id": "573", "ano": "1988", "numero": "255", "tipo__sigla": "LEI", "tipo__descricao": "Lei Ordin\u00e1ria", "texto_integral": "http://sapl.sarandi.pr.leg.br/media/sapl/public/normajuridica/1988/573/lei_no_255-1988.pdf", "ementa": "Disp\u00f5e sobre a amplia\u00e7\u00e3o do 2\u00ba Parque Industrial deste munic\u00edpio e d\u00e1 outras provid\u00eancias."}, {"id": "571", "ano": "1988", "numero": "254", "tipo__sigla": "LEI", "tipo__descricao": "Lei Ordin\u00e1ria", "texto_integral": "http://sapl.sarandi.pr.leg.br/media/sapl/public/normajuridica/1988/571/lei_no_254-1988_sapl.pdf", "ementa": "Acrescenta as letras \"m\", \"n\", \"o\", \"p\" e \"q\" ao \u00a7 6\u00ba da Lei Municipal n\u00ba 162/86, de 14/11/86, que alterou a Lei Municipal n\u00ba 31/83, de 13/6/83."}, {"id": "569", "ano": "1988", "numero": "253", "tipo__sigla": "LEI", "tipo__descricao": "Lei Ordin\u00e1ria", "texto_integral": "http://sapl.sarandi.pr.leg.br/media/sapl/public/normajuridica/1988/569/lei_no_253-1988_sapl.pdf", "ementa": "Doa im\u00f3vel no per\u00edmetro urbano \u00e0 Alfredo Algarte, na forma que especifica."}, {"id": "505", "ano": "1988", "numero": "252", "tipo__sigla": "LEI", "tipo__descricao": "Lei Ordin\u00e1ria", "texto_integral": "http://sapl.sarandi.pr.leg.br/media/sapl/public/normajuridica/1988/505/lei_no_252-1988_sapl.pdf", "ementa": "Doa im\u00f3vel no per\u00edmetro urbano \u00e0 Antonio Guzzo, na forma que especifica."}, {"id": "503", "ano": "1988", "numero": "251", "tipo__sigla": "LEI", "tipo__descricao": "Lei Ordin\u00e1ria", "texto_integral": "http://sapl.sarandi.pr.leg.br/media/sapl/public/normajuridica/1988/503/lei_no_251-1988_sapl.pdf", "ementa": "Doa im\u00f3vel no per\u00edmetro urbano a Francisco Roque da Silva, na forma que especifica."}, {"id": "500", "ano": "1988", "numero": "250", "tipo__sigla": "LEI", "tipo__descricao": "Lei Ordin\u00e1ria", "texto_integral": "http://sapl.sarandi.pr.leg.br/media/sapl/public/normajuridica/1988/500/lei_no_250-1988_sapl.pdf", "ementa": "Doa im\u00f3vel no per\u00edmetro urbano a Rubens Fabril, na forma que especifica."}, {"id": "497", "ano": "1988", "numero": "249", "tipo__sigla": "LEI", "tipo__descricao": "Lei Ordin\u00e1ria", "texto_integral": "http://sapl.sarandi.pr.leg.br/media/sapl/public/normajuridica/1988/497/lei_no_249-1988_sapl.pdf", "ementa": "Doa im\u00f3vel no per\u00edmetro urbano a M\u00e1ximo Fabril, na forma que especifica."}, {"id": "495", "ano": "1988", "numero": "248", "tipo__sigla": "LEI", "tipo__descricao": "Lei Ordin\u00e1ria", "texto_integral": "http://sapl.sarandi.pr.leg.br/media/sapl/public/normajuridica/1988/495/lei_no_248-1988_sapl.pdf", "ementa": "Doa im\u00f3vel no per\u00edmetro urbano a Afonso Matias da Cruz, na forma que especifica."}, {"id": "488", "ano": "1988", "numero": "247", "tipo__sigla": "LEI", "tipo__descricao": "Lei Ordin\u00e1ria", "texto_integral": "http://sapl.sarandi.pr.leg.br/media/sapl/public/normajuridica/1988/488/lei_no_247-1988_sapl.pdf", "ementa": "Doa im\u00f3vel no per\u00edmetro urbano a Luiz Carlos Marin, na forma que especifica."}, {"id": "485", "ano": "1988", "numero": "246", "tipo__sigla": "LEI", "tipo__descricao": "Lei Ordin\u00e1ria", "texto_integral": "http://sapl.sarandi.pr.leg.br/media/sapl/public/normajuridica/1988/485/lei_no_246-1988_sapl.pdf", "ementa": "Disp\u00f5e sobre a doa\u00e7\u00e3o de im\u00f3vel urbano \u00e0 Igreja Crist\u00e3 Pentecostal da B\u00edblia do Brasil, na forma que especifica."}, {"id": "483", "ano": "1988", "numero": "245", "tipo__sigla": "LEI", "tipo__descricao": "Lei Ordin\u00e1ria", "texto_integral": "http://sapl.sarandi.pr.leg.br/media/sapl/public/normajuridica/1988/483/lei_no_245-1988_sapl.pdf", "ementa": "Autoriza o Poder Executivo a contratar empr\u00e9stimos com a Caixa Econ\u00f4mica Federal - CEF; a oferecer garantias e d\u00e1 outras provid\u00eancias."}, {"id": "480", "ano": "1988", "numero": "244", "tipo__sigla": "LEI", "tipo__descricao": "Lei Ordin\u00e1ria", "texto_integral": "http://sapl.sarandi.pr.leg.br/media/sapl/public/normajuridica/1988/480/lei_no_244-1988_sapl.pdf", "ementa": "Acrescenta o par\u00e1grafo \u00fanico ao art. 77 e altera o inciso II do art. 80 da Lei Municipal n\u00ba 77/83, de 1/12/83 - C\u00f3digo Tribut\u00e1rio Municipal, com reda\u00e7\u00e3o dada pelo art. 3\u00ba da Lei Municipal n\u00ba 123/86, de 12/8/86 e alterado pelo art. 5\u00ba da Lei Municipal n\u00ba 178/87, de 29/5/87, na forma que especifica."}, {"id": "478", "ano": "1988", "numero": "243", "tipo__sigla": "LEI", "tipo__descricao": "Lei Ordin\u00e1ria", "texto_integral": "http://sapl.sarandi.pr.leg.br/media/sapl/public/normajuridica/1988/478/lei_no_243-1988_sapl.pdf", "ementa": "Revoga a Lei Municipal n\u00ba 94/85, de 13/9/85, que permuta im\u00f3vel urbano com o Senhor Rubens Fabril, na forma que especifica."}, {"id": "477", "ano": "1988", "numero": "242", "tipo__sigla": "LEI", "tipo__descricao": "Lei Ordin\u00e1ria", "texto_integral": "http://sapl.sarandi.pr.leg.br/media/sapl/public/normajuridica/1988/477/lei_no_242-1988_sapl.pdf", "ementa": "Revoga a Lei Municipal n\u00ba 93/85, de 13/9/85, que permuta im\u00f3vel urbano com o Senhor M\u00e1ximo Fabril, na forma que especifica."}, {"id": "475", "ano": "1988", "numero": "241", "tipo__sigla": "LEI", "tipo__descricao": "Lei Ordin\u00e1ria", "texto_integral": "http://sapl.sarandi.pr.leg.br/media/sapl/public/normajuridica/1988/475/lei_no_241-1988_sapl.pdf", "ementa": "Revoga a Lei Municipal n\u00ba 92/85, de 13/9/85, que permuta im\u00f3vel urbano com o Senhor Jo\u00e3o Domingos Conchon e outro, na forma que especifica."}, {"id": "473", "ano": "1988", "numero": "240", "tipo__sigla": "LEI", "tipo__descricao": "Lei Ordin\u00e1ria", "texto_integral": "http://sapl.sarandi.pr.leg.br/media/sapl/public/normajuridica/1988/473/lei_no_240-1988_sapl.pdf", "ementa": "Revoga a Lei Municipal n\u00ba 91/85, de 13/9/85, que permuta im\u00f3vel com o Senhor Alfredo Algarte e outro, na forma que especifica."}, {"id": "472", "ano": "1988", "numero": "239", "tipo__sigla": "LEI", "tipo__descricao": "Lei Ordin\u00e1ria", "texto_integral": "http://sapl.sarandi.pr.leg.br/media/sapl/public/normajuridica/1988/472/lei_no_239-1988_sapl.pdf", "ementa": "Revoga a Lei Municipal n\u00ba 90/85, de 13/9/85, que permuta im\u00f3vel urbano com o Senhor Francisco Roque da Silva, na forma que especifica."}, {"id": "470", "ano": "1988", "numero": "238", "tipo__sigla": "LEI", "tipo__descricao": "Lei Ordin\u00e1ria", "texto_integral": "http://sapl.sarandi.pr.leg.br/media/sapl/public/normajuridica/1988/470/lei_no_238-1988_sapl.pdf", "ementa": "Revoga a Lei Municipal n\u00ba 89/85, de 13/9/85, que permuta im\u00f3vel urbano com o Senhor Afonso Matias da Cruz, na forma que especifica."}, {"id": "466", "ano": "1988", "numero": "237", "tipo__sigla": "LEI", "tipo__descricao": "Lei Ordin\u00e1ria", "texto_integral": "http://sapl.sarandi.pr.leg.br/media/sapl/public/normajuridica/1988/466/lei_no_237-1988_sapl.pdf", "ementa": "Revoga a Lei Municipal n\u00ba 88/85, de 13/9/85, que permuta im\u00f3vel urbano com o Senhor Luiz Carlos Martin e sua mulher, na forma que especifica."}, {"id": "464", "ano": "1988", "numero": "236", "tipo__sigla": "LEI", "tipo__descricao": "Lei Ordin\u00e1ria", "texto_integral": "http://sapl.sarandi.pr.leg.br/media/sapl/public/normajuridica/1988/464/lei_no_236-1988_sapl.pdf", "ementa": "Considera e declara de utilidade p\u00fablica a \"Associa\u00e7\u00e3o de Deficientes Visuais de Sarandi - ADEVIS\", fundada em 7 de setembro de 1986."}, {"id": "462", "ano": "1988", "numero": "235", "tipo__sigla": "LEI", "tipo__descricao": "Lei Ordin\u00e1ria", "texto_integral": "http://sapl.sarandi.pr.leg.br/media/sapl/public/normajuridica/1988/462/lei_no_235-1988_sapl.pdf", "ementa": "Denomina de \"Jos\u00e9 Polo\" a Escola Municipal do Jardim Castelo e d\u00e1 outras provid\u00eancias."}, {"id": "459", "ano": "1988", "numero": "234", "tipo__sigla": "LEI", "tipo__descricao": "Lei Ordin\u00e1ria", "texto_integral": "http://sapl.sarandi.pr.leg.br/media/sapl/public/normajuridica/1988/459/lei_no_234-1988_sapl.pdf", "ementa": "Denomina de \"Yoshio Hayashi\" a Escola Municipal do Jardim Social e d\u00e1 outras provid\u00eancias."}, {"id": "457", "ano": "1988", "numero": "233", "tipo__sigla": "LEI", "tipo__descricao": "Lei Ordin\u00e1ria", "texto_integral": "http://sapl.sarandi.pr.leg.br/media/sapl/public/normajuridica/1988/457/lei_no_233-1988_sapl.pdf", "ementa": "Acrescenta a letra \"L\" ao par\u00e1grafo 6\u00ba da Lei Municipal n\u00ba 162/86, de 14/11/86, que alterou a Lei Municipal n\u00ba 31/83, de 13/6/83."}, {"id": "454", "ano": "1988", "numero": "232", "tipo__sigla": "LEI", "tipo__descricao": "Lei Ordin\u00e1ria", "texto_integral": "http://sapl.sarandi.pr.leg.br/media/sapl/public/normajuridica/1988/454/lei_no_232-1988_sapl.pdf", "ementa": "Autoriza o Poder Executivo Municipal a construir e instalar uma Creche e d\u00e1 outras provid\u00eancias."}, {"id": "6408", "ano": "1988", "numero": "231", "tipo__sigla": "LEI", "tipo__descricao": "Lei Ordin\u00e1ria", "texto_integral": "http://sapl.sarandi.pr.leg.br/media/sapl/public/normajuridica/1988/6408/lei_n_231-1988_sapl.pdf", "ementa": "Considera e declara de utilidade p\u00fablica a Associa\u00e7\u00e3o Casa da Amizade das Senhoras de Rotarianos de Sarandi, fundada em 25/4/84 e d\u00e1 outras provid\u00eancias."}, {"id": "445", "ano": "1988", "numero": "230", "tipo__sigla": "LEI", "tipo__descricao": "Lei Ordin\u00e1ria", "texto_integral": "http://sapl.sarandi.pr.leg.br/media/sapl/public/normajuridica/1988/445/lei_n_230-1988_sapl.pdf", "ementa": "Disp\u00f5e sobre a organiza\u00e7\u00e3o do sistema de ensino e regulamenta o Magist\u00e9rio P\u00fablico Municipal."}, {"id": "373", "ano": "1988", "numero": "229", "tipo__sigla": "LEI", "tipo__descricao": "Lei Ordin\u00e1ria", "texto_integral": "http://sapl.sarandi.pr.leg.br/media/sapl/public/normajuridica/1988/373/lei_no_229-1988_sapl.pdf", "ementa": "Cria Ponto de Autom\u00f3veis de Alugueis na Avenida Maring\u00e1, entre as Ruas David Pav\u00e3o e Das Avencas e d\u00e1 outras provid\u00eancias."}, {"id": "440", "ano": "1988", "numero": "228", "tipo__sigla": "LEI", "tipo__descricao": "Lei Ordin\u00e1ria", "texto_integral": "http://sapl.sarandi.pr.leg.br/media/sapl/public/normajuridica/1988/440/lei_no_228-1988_sapl.pdf", "ementa": "Disp\u00f5e sobre a cria\u00e7\u00e3o de adicional por \"quinqu\u00eanio\" efetivo de servi\u00e7o."}, {"id": "430", "ano": "1988", "numero": "227", "tipo__sigla": "LEI", "tipo__descricao": "Lei Ordin\u00e1ria", "texto_integral": "http://sapl.sarandi.pr.leg.br/media/sapl/public/normajuridica/1988/430/lei_no_227-1988_sapl.pdf", "ementa": "Revoga a Lei Municipal n\u00ba 169/87, de 15/1/87, na forma que especifica."}, {"id": "280", "ano": "1988", "numero": "3", "tipo__sigla": "POR", "tipo__descricao": "Portaria", "texto_integral": "http://sapl.sarandi.pr.leg.br/media/./sapl/public/normajuridica/1988/280/280_texto_integral.pdf", "ementa": "NOMEAR COMISS\u00d5ES PERMANENTES DA C\u00c2MARA MUNICIPAL."}, {"id": "279", "ano": "1988", "numero": "2", "tipo__sigla": "POR", "tipo__descricao": "Portaria", "texto_integral": "http://sapl.sarandi.pr.leg.br/media/./sapl/public/normajuridica/1988/279/279_texto_integral.pdf", "ementa": "NOMEAR FUNCION\u00c1RIO PARA COMPOR COMISS\u00c3O LICITANTE."}, {"id": "4042", "ano": "1988", "numero": "1", "tipo__sigla": "POR", "tipo__descricao": "Portaria", "texto_integral": "http://sapl.sarandi.pr.leg.br/media/sapl/public/normajuridica/1988/4042/portaria_no_001.1988.pdf", "ementa": "CONCEDE GRATIFICA\u00c7\u00c3O DE DEDICA\u00c7\u00c3O EXCLUSIVA AO SERVIDOR AN\u00c9SIO JOS\u00c9 DA SILVA."}, {"id": "278", "ano": "1987", "numero": "16", "tipo__sigla": "POR", "tipo__descricao": "Portaria", "texto_integral": "http://sapl.sarandi.pr.leg.br/media/./sapl/public/normajuridica/1987/278/278_texto_integral.pdf", "ementa": "CONCEDE GRATIFICA\u00c7\u00c3O MENSAL A SERVIDORES."}, {"id": "563", "ano": "1987", "numero": "226", "tipo__sigla": "LEI", "tipo__descricao": "Lei Ordin\u00e1ria", "texto_integral": "http://sapl.sarandi.pr.leg.br/media/sapl/public/normajuridica/1987/563/lei_no_226-1987_sapl.pdf", "ementa": "Autoriza a abertura de cr\u00e9dito adicional suplementar e d\u00e1 outras provid\u00eancias."}, {"id": "562", "ano": "1987", "numero": "225", "tipo__sigla": "LEI", "tipo__descricao": "Lei Ordin\u00e1ria", "texto_integral": "http://sapl.sarandi.pr.leg.br/media/sapl/public/normajuridica/1987/562/lei_no_225-1987_sapl.pdf", "ementa": "Autoriza a abertura de cr\u00e9dito adicional suplementar."}, {"id": "561", "ano": "1987", "numero": "224", "tipo__sigla": "LEI", "tipo__descricao": "Lei Ordin\u00e1ria", "texto_integral": "http://sapl.sarandi.pr.leg.br/media/sapl/public/normajuridica/1987/561/lei_no_224-1987_sapl.pdf", "ementa": "Autoriza o Poder Executivo Municipal a abrir no corrente exerc\u00edcio financeiro cr\u00e9dito adicional suplementar."}, {"id": "560", "ano": "1987", "numero": "223", "tipo__sigla": "LEI", "tipo__descricao": "Lei Ordin\u00e1ria", "texto_integral": "http://sapl.sarandi.pr.leg.br/media/sapl/public/normajuridica/1987/560/lei_n_223-1987_sapl.pdf", "ementa": "Altera o \u00a7 3\u00ba do art. 3\u00ba; anexos I e II da Lei Municipal sob n\u00ba 63/84, de 14/12/84, na forma que especifica."}, {"id": "559", "ano": "1987", "numero": "222", "tipo__sigla": "LEI", "tipo__descricao": "Lei Ordin\u00e1ria", "texto_integral": "http://sapl.sarandi.pr.leg.br/media/sapl/public/normajuridica/1987/559/lei_no_222-1987_sapl.pdf", "ementa": "Autoriza o Poder Executivo Municipal a vender terreno para fins industriais e d\u00e1 outras provid\u00eancias."}, {"id": "558", "ano": "1987", "numero": "221", "tipo__sigla": "LEI", "tipo__descricao": "Lei Ordin\u00e1ria", "texto_integral": "http://sapl.sarandi.pr.leg.br/media/sapl/public/normajuridica/1987/558/lei_no_221-1987_sapl.pdf", "ementa": "Disp\u00f5e sobre a doa\u00e7\u00e3o de im\u00f3vel urbano para fins industriais, na forma que especifica."}, {"id": "557", "ano": "1987", "numero": "220", "tipo__sigla": "LEI", "tipo__descricao": "Lei Ordin\u00e1ria", "texto_integral": "http://sapl.sarandi.pr.leg.br/media/sapl/public/normajuridica/1987/557/lei_no_220-1987_sapl.pdf", "ementa": "Autoriza o Poder Executivo Municipal a permutar im\u00f3vel urbano, na forma que especifica."}, {"id": "556", "ano": "1987", "numero": "219", "tipo__sigla": "LEI", "tipo__descricao": "Lei Ordin\u00e1ria", "texto_integral": "http://sapl.sarandi.pr.leg.br/media/sapl/public/normajuridica/1987/556/lei_no_219-1987_sapl.pdf", "ementa": "Autoriza o Poder Executivo Municipal a vender terreno para fins industriais, e d\u00e1 outras provid\u00eancias."}, {"id": "555", "ano": "1987", "numero": "218", "tipo__sigla": "LEI", "tipo__descricao": "Lei Ordin\u00e1ria", "texto_integral": "http://sapl.sarandi.pr.leg.br/media/sapl/public/normajuridica/1987/555/lei_n_218-1987_sapl.pdf", "ementa": "Acrescenta a letra \"j\" ao par\u00e1grafo 6\u00ba da Lei Municipal n\u00ba 162/86, de 14/11/86, que alterou a Lei Municipal n\u00ba 31/83, de 13/6/83."}, {"id": "554", "ano": "1987", "numero": "217", "tipo__sigla": "LEI", "tipo__descricao": "Lei Ordin\u00e1ria", "texto_integral": "http://sapl.sarandi.pr.leg.br/media/sapl/public/normajuridica/1987/554/lei_no_217-1987_sapl.pdf", "ementa": "Disp\u00f5e sobre a doa\u00e7\u00e3o de verba \u00e0 Associa\u00e7\u00e3o dos Moradores e Amigos de Bairros, deste Munic\u00edpio, na forma que especifica."}, {"id": "553", "ano": "1987", "numero": "216", "tipo__sigla": "LEI", "tipo__descricao": "Lei Ordin\u00e1ria", "texto_integral": "http://sapl.sarandi.pr.leg.br/media/sapl/public/normajuridica/1987/553/lei_n_216-1987_sapl.pdf", "ementa": "Autoriza o Poder Executivo Municipal a abrir cr\u00e9dito adicional suplementar e d\u00e1 outras provid\u00eancias."}, {"id": "552", "ano": "1987", "numero": "215", "tipo__sigla": "LEI", "tipo__descricao": "Lei Ordin\u00e1ria", "texto_integral": "http://sapl.sarandi.pr.leg.br/media/sapl/public/normajuridica/1987/552/lei_no_215-1987_sapl.pdf", "ementa": "Isenta do pagamento de IPTU im\u00f3vel de propriedade particular, na forma que especifica."}, {"id": "551", "ano": "1987", "numero": "214", "tipo__sigla": "LEI", "tipo__descricao": "Lei Ordin\u00e1ria", "texto_integral": "http://sapl.sarandi.pr.leg.br/media/sapl/public/normajuridica/1987/551/lei_no_214-1987_sapl.pdf", "ementa": "D\u00e1 nova denomina\u00e7\u00e3o a atual Rua Imp\u00e9rio."}, {"id": "550", "ano": "1987", "numero": "213", "tipo__sigla": "LEI", "tipo__descricao": "Lei Ordin\u00e1ria", "texto_integral": "http://sapl.sarandi.pr.leg.br/media/sapl/public/normajuridica/1987/550/lei_no_213-1987_sapl.pdf", "ementa": "D\u00e1 nova denomina\u00e7\u00e3o \u00e0s atuais Ruas Ub\u00e1 e U.S.A. e d\u00e1 outras provid\u00eancias."}, {"id": "277", "ano": "1987", "numero": "15", "tipo__sigla": "POR", "tipo__descricao": "Portaria", "texto_integral": "http://sapl.sarandi.pr.leg.br/media/./sapl/public/normajuridica/1987/277/277_texto_integral.pdf", "ementa": "CONCEDE GRATIFICA\u00c7\u00c3O MENSAL A SERVIDORES."}, {"id": "549", "ano": "1987", "numero": "212", "tipo__sigla": "LEI", "tipo__descricao": "Lei Ordin\u00e1ria", "texto_integral": "http://sapl.sarandi.pr.leg.br/media/sapl/public/normajuridica/1987/549/lei_no_212-1987_sapl.pdf", "ementa": "Disp\u00f5e sobre a concess\u00e3o administrativa de bens municipais, na forma que especifica."}, {"id": "548", "ano": "1987", "numero": "211", "tipo__sigla": "LEI", "tipo__descricao": "Lei Ordin\u00e1ria", "texto_integral": "http://sapl.sarandi.pr.leg.br/media/sapl/public/normajuridica/1987/548/lei_no_211-1987_sapl.pdf", "ementa": "Disp\u00f5e sobre a doa\u00e7\u00e3o de im\u00f3vel urbano \u00e0 Igreja Pentecostal \"Deus \u00e9 Amor\", na forma que especifica."}, {"id": "547", "ano": "1987", "numero": "210", "tipo__sigla": "LEI", "tipo__descricao": "Lei Ordin\u00e1ria", "texto_integral": "http://sapl.sarandi.pr.leg.br/media/sapl/public/normajuridica/1987/547/lei_no_210-1987_sapl.pdf", "ementa": "Disp\u00f5e sobre a doa\u00e7\u00e3o de terrenos para fins industriais, na forma que especifica."}, {"id": "546", "ano": "1987", "numero": "209", "tipo__sigla": "LEI", "tipo__descricao": "Lei Ordin\u00e1ria", "texto_integral": "http://sapl.sarandi.pr.leg.br/media/sapl/public/normajuridica/1987/546/lei_no_209-1987_sapl.pdf", "ementa": "D\u00e1 nova reda\u00e7\u00e3o ao artigo 1\u00ba da Lei Municipal n\u00ba 120, de 16/5/1986 e d\u00e1 outras provid\u00eancias."}, {"id": "276", "ano": "1987", "numero": "14", "tipo__sigla": "POR", "tipo__descricao": "Portaria", "texto_integral": "http://sapl.sarandi.pr.leg.br/media/./sapl/public/normajuridica/1987/276/276_texto_integral.pdf", "ementa": "CONCEDE GRATIFICA\u00c7\u00c3O MENSAL A SERVIDORES."}, {"id": "545", "ano": "1987", "numero": "208", "tipo__sigla": "LEI", "tipo__descricao": "Lei Ordin\u00e1ria", "texto_integral": "http://sapl.sarandi.pr.leg.br/media/sapl/public/normajuridica/1987/545/lei_n_208-1987_sapl.pdf", "ementa": "Altera s\u00edmbolo da Lei Municipal n\u00ba 3/83 e a Lei Municipal n\u00ba 82/85, na forma que especifica."}, {"id": "544", "ano": "1987", "numero": "207", "tipo__sigla": "LEI", "tipo__descricao": "Lei Ordin\u00e1ria", "texto_integral": "http://sapl.sarandi.pr.leg.br/media/sapl/public/normajuridica/1987/544/lei_no_207-1987_sapl.pdf", "ementa": "D\u00e1 denomina\u00e7\u00e3o ao N\u00facleo Avan\u00e7ado de Estudos Supletivos - NAES, e d\u00e1 outras provid\u00eancias."}, {"id": "543", "ano": "1987", "numero": "206", "tipo__sigla": "LEI", "tipo__descricao": "Lei Ordin\u00e1ria", "texto_integral": "http://sapl.sarandi.pr.leg.br/media/sapl/public/normajuridica/1987/543/lei_no_206-1987_sapl.pdf", "ementa": "Autoriza o Chefe do Poder Executivo Municipal a abrir cr\u00e9dito adicional suplementar e d\u00e1 outras provid\u00eancias."}, {"id": "542", "ano": "1987", "numero": "205", "tipo__sigla": "LEI", "tipo__descricao": "Lei Ordin\u00e1ria", "texto_integral": "http://sapl.sarandi.pr.leg.br/media/sapl/public/normajuridica/1987/542/lei_no_205-1987_sapl.pdf", "ementa": "Autoriza o Poder Executivo Municipal a abrir cr\u00e9dito adicional suplementar e d\u00e1 outras provid\u00eancias."}, {"id": "541", "ano": "1987", "numero": "204", "tipo__sigla": "LEI", "tipo__descricao": "Lei Ordin\u00e1ria", "texto_integral": "http://sapl.sarandi.pr.leg.br/media/sapl/public/normajuridica/1987/541/lei_no_204-1987_sapl.pdf", "ementa": "Considera e declara de utilidade p\u00fablica a Associa\u00e7\u00e3o de Moradores do Jardim Independ\u00eancia 1\u00aa Parte - Jardim Edimar e Parque dos Pioneiros 1\u00aa Parte."}, {"id": "540", "ano": "1987", "numero": "203", "tipo__sigla": "LEI", "tipo__descricao": "Lei Ordin\u00e1ria", "texto_integral": "http://sapl.sarandi.pr.leg.br/media/sapl/public/normajuridica/1987/540/lei_no_203-1987_sapl.pdf", "ementa": "D\u00e1 nova reda\u00e7\u00e3o ao artigo 1\u00ba da Lei Municipal n\u00ba 176, de 21/4/1987."}, {"id": "539", "ano": "1987", "numero": "202", "tipo__sigla": "LEI", "tipo__descricao": "Lei Ordin\u00e1ria", "texto_integral": "http://sapl.sarandi.pr.leg.br/media/sapl/public/normajuridica/1987/539/lei_no_202-1987_sapl.pdf", "ementa": "Estima a receita e fixa a despesa do munic\u00edpio de Sarandi, Estado do Paran\u00e1, para o exerc\u00edcio de 1988."}, {"id": "538", "ano": "1987", "numero": "201", "tipo__sigla": "LEI", "tipo__descricao": "Lei Ordin\u00e1ria", "texto_integral": "http://sapl.sarandi.pr.leg.br/media/sapl/public/normajuridica/1987/538/lei_n_201-1987-_doacao_de_terreno_para_fins_industriais.pdf", "ementa": "Disp\u00f5e sobre a doa\u00e7\u00e3o de terreno para fins industriais, na forma que especifica."}, {"id": "537", "ano": "1987", "numero": "200", "tipo__sigla": "LEI", "tipo__descricao": "Lei Ordin\u00e1ria", "texto_integral": "http://sapl.sarandi.pr.leg.br/media/sapl/public/normajuridica/1987/537/lei_no_200-1987_sapl.pdf", "ementa": "Disp\u00f5e sobre a denomina\u00e7\u00e3o do almoxarifado da AMUSEP (Autarquia Municipal de Servi\u00e7os P\u00fablicos), na forma que especifica."}, {"id": "536", "ano": "1987", "numero": "199", "tipo__sigla": "LEI", "tipo__descricao": "Lei Ordin\u00e1ria", "texto_integral": "http://sapl.sarandi.pr.leg.br/media/sapl/public/normajuridica/1987/536/lei_no_199-1987_sapl.pdf", "ementa": "Disp\u00f5e sobre a doa\u00e7\u00e3o de terreno para fins industriais, na forma que especifica."}, {"id": "535", "ano": "1987", "numero": "198", "tipo__sigla": "LEI", "tipo__descricao": "Lei Ordin\u00e1ria", "texto_integral": "http://sapl.sarandi.pr.leg.br/media/sapl/public/normajuridica/1987/535/lei_no_198-1987_sapl.pdf", "ementa": "Autoriza o Poder Executivo Municipal a desafetar parte de vias p\u00fablicas contidas no per\u00edmetro urbano deste munic\u00edpio, na forma que especifica."}, {"id": "534", "ano": "1987", "numero": "197", "tipo__sigla": "LEI", "tipo__descricao": "Lei Ordin\u00e1ria", "texto_integral": "http://sapl.sarandi.pr.leg.br/media/sapl/public/normajuridica/1987/534/lei_no_197-1987_sapl.pdf", "ementa": "Autoriza o Poder Executivo Municipal a abrir cr\u00e9dito adicional suplementar e d\u00e1 outras provid\u00eancias."}, {"id": "275", "ano": "1987", "numero": "13", "tipo__sigla": "POR", "tipo__descricao": "Portaria", "texto_integral": "http://sapl.sarandi.pr.leg.br/media/./sapl/public/normajuridica/1987/275/275_texto_integral.pdf", "ementa": "CONCEDE GRATIFICA\u00c7\u00c3O MENSAL A SERVIDORES."}, {"id": "533", "ano": "1987", "numero": "196", "tipo__sigla": "LEI", "tipo__descricao": "Lei Ordin\u00e1ria", "texto_integral": "http://sapl.sarandi.pr.leg.br/media/sapl/public/normajuridica/1987/533/lei_no_196-1987_sapl.pdf", "ementa": "Revoga a Lei Municipal n\u00ba 149/86, de 10/12/86, na forma que especifica."}, {"id": "450", "ano": "1987", "numero": "3", "tipo__sigla": "DL", "tipo__descricao": "Decreto Legislativo", "texto_integral": "http://sapl.sarandi.pr.leg.br/media/./sapl/public/normajuridica/1987/450/450_texto_integral.pdf", "ementa": "D\u00e1 nova Reda\u00e7\u00e3o ao Artigo 74 da Resolu\u00e7\u00e3o n\u00ba 08/83 de 04/11/83 - Regimento Interno."}, {"id": "532", "ano": "1987", "numero": "195", "tipo__sigla": "LEI", "tipo__descricao": "Lei Ordin\u00e1ria", "texto_integral": "http://sapl.sarandi.pr.leg.br/media/sapl/public/normajuridica/1987/532/lei_no_195-1987_sapl.pdf", "ementa": "Disp\u00f5e sobre a doa\u00e7\u00e3o de im\u00f3veis urbanos \u00e0 COHAPAR - Companhia de Habita\u00e7\u00e3o do Paran\u00e1, na forma que especifica."}, {"id": "273", "ano": "1987", "numero": "11", "tipo__sigla": "POR", "tipo__descricao": "Portaria", "texto_integral": "http://sapl.sarandi.pr.leg.br/media/./sapl/public/normajuridica/1987/273/273_texto_integral.pdf", "ementa": "NOMEAR COMISS\u00c3O ESPECIAL PARA EXAMINAR DOCUMENTA\u00c7\u00c3O."}, {"id": "530", "ano": "1987", "numero": "194", "tipo__sigla": "LEI", "tipo__descricao": "Lei Ordin\u00e1ria", "texto_integral": "http://sapl.sarandi.pr.leg.br/media/sapl/public/normajuridica/1987/530/lei_no_194-1987_sapl.pdf", "ementa": "Disp\u00f5e sobre o pagamento de 50% de aluguel residencial do im\u00f3vel habitado pelo Chefe do Poder Judici\u00e1rio e pagamento integral do Condom\u00ednio Residencial do Im\u00f3vel habitado pelo promotor de justi\u00e7a, ambos da Comarca de Marialva, Estado do Paran\u00e1, na forma que especifica."}, {"id": "274", "ano": "1987", "numero": "12", "tipo__sigla": "POR", "tipo__descricao": "Portaria", "texto_integral": "http://sapl.sarandi.pr.leg.br/media/./sapl/public/normajuridica/1987/274/274_texto_integral.pdf", "ementa": "CONCEDE GRATIFICA\u00c7\u00c3O MENSAL A SERVIDORES."}, {"id": "529", "ano": "1987", "numero": "193", "tipo__sigla": "LEI", "tipo__descricao": "Lei Ordin\u00e1ria", "texto_integral": "http://sapl.sarandi.pr.leg.br/media/sapl/public/normajuridica/1987/529/lei_no_193-1987_sapl.pdf", "ementa": "Denomina Cancha de Esportes e d\u00e1 outras provid\u00eancias."}, {"id": "527", "ano": "1987", "numero": "192", "tipo__sigla": "LEI", "tipo__descricao": "Lei Ordin\u00e1ria", "texto_integral": "http://sapl.sarandi.pr.leg.br/media/sapl/public/normajuridica/1987/527/lei_no_192-1987_sapl.pdf", "ementa": "Disp\u00f5e sobre a doa\u00e7\u00e3o de terreno para fins industriais, na forma que especifica."}, {"id": "6404", "ano": "1987", "numero": "190", "tipo__sigla": "LEI", "tipo__descricao": "Lei Ordin\u00e1ria", "texto_integral": "http://sapl.sarandi.pr.leg.br/media/sapl/public/normajuridica/1987/6404/lei_no_190-1987_sapl.pdf", "ementa": "Autoriza o Poder Executivo Municipal a anuir \u00e0 constitui\u00e7\u00e3o de hipoteca sobre im\u00f3veis doados ou vendidos com cl\u00e1usula de retrocess\u00e3o pelo munic\u00edpio, na forma que especifica."}, {"id": "526", "ano": "1987", "numero": "191", "tipo__sigla": "LEI", "tipo__descricao": "Lei Ordin\u00e1ria", "texto_integral": "http://sapl.sarandi.pr.leg.br/media/sapl/public/normajuridica/1987/526/lei_no_191-1987_sapl.pdf", "ementa": "Disp\u00f5e sobre a doa\u00e7\u00e3o de im\u00f3vel urbano \u00e0 Igreja de Nosso Senhor Jesus Cristo Reformada, na forma que especifica."}, {"id": "525", "ano": "1987", "numero": "189", "tipo__sigla": "LEI", "tipo__descricao": "Lei Ordin\u00e1ria", "texto_integral": "http://sapl.sarandi.pr.leg.br/media/sapl/public/normajuridica/1987/525/lei_no_189-1987_sapl.pdf", "ementa": "Disp\u00f5e sobre a desafeta\u00e7\u00e3o de parte da via p\u00fablica no per\u00edmetro urbano, na forma que especifica."}, {"id": "523", "ano": "1987", "numero": "188", "tipo__sigla": "LEI", "tipo__descricao": "Lei Ordin\u00e1ria", "texto_integral": "http://sapl.sarandi.pr.leg.br/media/sapl/public/normajuridica/1987/523/lei_no_188-1987_sapl.pdf", "ementa": "Disp\u00f5e sobre a doa\u00e7\u00e3o de terreno para fins industriais, na forma que especifica."}, {"id": "521", "ano": "1987", "numero": "187", "tipo__sigla": "LEI", "tipo__descricao": "Lei Ordin\u00e1ria", "texto_integral": "http://sapl.sarandi.pr.leg.br/media/sapl/public/normajuridica/1987/521/lei_no_187-1987_sapl.pdf", "ementa": "Autoriza o Poder Executivo Municipal a vender im\u00f3veis urbanos para fins industriais e d\u00e1 outras provid\u00eancias."}, {"id": "519", "ano": "1987", "numero": "186", "tipo__sigla": "LEI", "tipo__descricao": "Lei Ordin\u00e1ria", "texto_integral": "http://sapl.sarandi.pr.leg.br/media/sapl/public/normajuridica/1987/519/lei_no_186-1987_sapl.pdf", "ementa": "Autoriza o Poder Executivo Municipal a permutar im\u00f3vel urbano, na forma que especifica."}, {"id": "516", "ano": "1987", "numero": "185", "tipo__sigla": "LEI", "tipo__descricao": "Lei Ordin\u00e1ria", "texto_integral": "http://sapl.sarandi.pr.leg.br/media/sapl/public/normajuridica/1987/516/lei_no_185-1987_sapl.pdf", "ementa": "Revoga a Lei Municipal n\u00ba 146/86, de 10/12/86, na forma que especifica: doa\u00e7\u00e3o \u00e0 Firma F\u00e1brica de Estofados Blutehgen Ltda."}, {"id": "515", "ano": "1987", "numero": "184", "tipo__sigla": "LEI", "tipo__descricao": "Lei Ordin\u00e1ria", "texto_integral": "http://sapl.sarandi.pr.leg.br/media/sapl/public/normajuridica/1987/515/lei_no_184-1987_sapl.pdf", "ementa": "Autoriza o Poder Executivo Municipal a proceder a doa\u00e7\u00e3o dos lotes de terras n\u00fameros 2 e 3 do Jardim Social \u00e0 Mitra Diocesana da Arquidiocese de Maring\u00e1."}, {"id": "514", "ano": "1987", "numero": "183", "tipo__sigla": "LEI", "tipo__descricao": "Lei Ordin\u00e1ria", "texto_integral": "http://sapl.sarandi.pr.leg.br/media/sapl/public/normajuridica/1987/514/lei_no_183-1987_sapl.pdf", "ementa": "Disp\u00f5e sobre a denomina\u00e7\u00e3o de Parque Industrial, na forma que especifica."}, {"id": "513", "ano": "1987", "numero": "182", "tipo__sigla": "LEI", "tipo__descricao": "Lei Ordin\u00e1ria", "texto_integral": "http://sapl.sarandi.pr.leg.br/media/sapl/public/normajuridica/1987/513/lei_no_182-1987_sapl.pdf", "ementa": "Revoga a Lei Municipal n\u00ba 154/86, de 26/9/86, na forma que especifica."}, {"id": "272", "ano": "1987", "numero": "10", "tipo__sigla": "POR", "tipo__descricao": "Portaria", "texto_integral": "http://sapl.sarandi.pr.leg.br/media/./sapl/public/normajuridica/1987/272/272_texto_integral.pdf", "ementa": "CONCEDE GRATIFICA\u00c7\u00c3O MENSAL A SERVIDORES."}, {"id": "271", "ano": "1987", "numero": "9", "tipo__sigla": "POR", "tipo__descricao": "Portaria", "texto_integral": "http://sapl.sarandi.pr.leg.br/media/./sapl/public/normajuridica/1987/271/271_texto_integral.pdf", "ementa": "REFERENTE A RECESSO LEGISLATIVO."}, {"id": "270", "ano": "1987", "numero": "8", "tipo__sigla": "POR", "tipo__descricao": "Portaria", "texto_integral": "http://sapl.sarandi.pr.leg.br/media/./sapl/public/normajuridica/1987/270/270_texto_integral.pdf", "ementa": "DISCIPLINA O USO DOS TELEFONES DA C\u00c2MARA."}, {"id": "269", "ano": "1987", "numero": "7", "tipo__sigla": "POR", "tipo__descricao": "Portaria", "texto_integral": "http://sapl.sarandi.pr.leg.br/media/./sapl/public/normajuridica/1987/269/269_texto_integral.pdf", "ementa": "REFERENTE AO FUNCIONAMENTO DOS SERVI\u00c7OS LEGISLATIVOS."}, {"id": "512", "ano": "1987", "numero": "181", "tipo__sigla": "LEI", "tipo__descricao": "Lei Ordin\u00e1ria", "texto_integral": "http://sapl.sarandi.pr.leg.br/media/sapl/public/normajuridica/1987/512/lei_no_181-1987_sapl.pdf", "ementa": "Acrescenta a Letra I, ao par\u00e1grafo 6\u00ba da Lei Municipal n\u00ba 162/86, de 14/11/86, que alterou a Lei Municipal n\u00ba 31/83, de 13/06/83."}, {"id": "511", "ano": "1987", "numero": "180", "tipo__sigla": "LEI", "tipo__descricao": "Lei Ordin\u00e1ria", "texto_integral": "http://sapl.sarandi.pr.leg.br/media/sapl/public/normajuridica/1987/511/lei_no_180-1987_sapl.pdf", "ementa": "Disp\u00f5e sobre o empr\u00e9stimo de aparelho telef\u00f4nico \u00e0 Ag\u00eancia de Rendas Estadual, na forma que especifica."}, {"id": "510", "ano": "1987", "numero": "179", "tipo__sigla": "LEI", "tipo__descricao": "Lei Ordin\u00e1ria", "texto_integral": "http://sapl.sarandi.pr.leg.br/media/sapl/public/normajuridica/1987/510/lei_no_179-1987.pdf", "ementa": "Disp\u00f5e sobre a doa\u00e7\u00e3o de im\u00f3vel urbano \u00e0 Igreja Evang\u00e9lica Pentecostal e Brasil para Cristo, na forma que especifica."}, {"id": "508", "ano": "1987", "numero": "178", "tipo__sigla": "LEI", "tipo__descricao": "Lei Ordin\u00e1ria", "texto_integral": "http://sapl.sarandi.pr.leg.br/media/sapl/public/normajuridica/1987/508/lei_no_178-1987.pdf", "ementa": "D\u00e1 nova reda\u00e7\u00e3o ao art. 72, \u00a7 5\u00ba do art. 74; arts. 75 e 77 da Lei Municipal n\u00ba 77/83, de 1/12/83, altera o art. 3\u00ba da Lei Municipal n\u00ba 123/86, de 12/8/86, dando nova reda\u00e7\u00e3o ao art. 80 da Lei Municipal n\u00ba 77/83, de 1/12/83 - C\u00f3digo Tribut\u00e1rio Municipal, na forma que especifica."}, {"id": "417", "ano": "1987", "numero": "1", "tipo__sigla": "RES", "tipo__descricao": "Resolu\u00e7\u00e3o", "texto_integral": "http://sapl.sarandi.pr.leg.br/media/./sapl/public/normajuridica/1987/417/417_texto_integral.pdf", "ementa": "Dar nova reda\u00e7\u00e3o ao par\u00e1grafo 1\u00b0 do art. 90 da Resolu\u00e7\u00e3o n\u00b0 08, de 08 de novembro de 1983."}, {"id": "268", "ano": "1987", "numero": "6", "tipo__sigla": "POR", "tipo__descricao": "Portaria", "texto_integral": "http://sapl.sarandi.pr.leg.br/media/./sapl/public/normajuridica/1987/268/268_texto_integral.pdf", "ementa": "DESIGNAR FUNCION\u00c1RIO PARA EXERCER FUN\u00c7\u00d5ES DE SECRET\u00c1RIO EXECUTIVO."}, {"id": "267", "ano": "1987", "numero": "5", "tipo__sigla": "POR", "tipo__descricao": "Portaria", "texto_integral": "http://sapl.sarandi.pr.leg.br/media/./sapl/public/normajuridica/1987/267/267_texto_integral.pdf", "ementa": "CONCEDER F\u00c9RIAS A FUNCION\u00c1RIOS."}, {"id": "502", "ano": "1987", "numero": "177", "tipo__sigla": "LEI", "tipo__descricao": "Lei Ordin\u00e1ria", "texto_integral": "http://sapl.sarandi.pr.leg.br/media/sapl/public/normajuridica/1987/502/lei_no_177-2024.pdf", "ementa": "Autoriza o Poder Executivo Municipal a alienar im\u00f3vel de propriedade municipal, na forma que especifica."}, {"id": "266", "ano": "1987", "numero": "4", "tipo__sigla": "POR", "tipo__descricao": "Portaria", "texto_integral": "http://sapl.sarandi.pr.leg.br/media/./sapl/public/normajuridica/1987/266/266_texto_integral.pdf", "ementa": "REFERENTE AO DIA DE PAGAMENTO DOS SUBS\u00cdDIOS DOS SERVIDORES."}, {"id": "265", "ano": "1987", "numero": "3", "tipo__sigla": "POR", "tipo__descricao": "Portaria", "texto_integral": "http://sapl.sarandi.pr.leg.br/media/./sapl/public/normajuridica/1987/265/265_texto_integral.pdf", "ementa": "REFERENTE A VEREADORES."}, {"id": "264", "ano": "1987", "numero": "2", "tipo__sigla": "POR", "tipo__descricao": "Portaria", "texto_integral": "http://sapl.sarandi.pr.leg.br/media/./sapl/public/normajuridica/1987/264/264_texto_integral.pdf", "ementa": "INSTITUIR COMISS\u00c3O PARA ANALISAR PROPOSTAS DE LICITA\u00c7\u00c3O."}, {"id": "501", "ano": "1987", "numero": "176", "tipo__sigla": "LEI", "tipo__descricao": "Lei Ordin\u00e1ria", "texto_integral": "http://sapl.sarandi.pr.leg.br/media/sapl/public/normajuridica/1987/501/lei_no_176-2024.pdf", "ementa": "Regulamenta hor\u00e1rio de funcionamento de estabelecimentos banc\u00e1rios no munic\u00edpio de Sarandi."}, {"id": "449", "ano": "1987", "numero": "2", "tipo__sigla": "DL", "tipo__descricao": "Decreto Legislativo", "texto_integral": "http://sapl.sarandi.pr.leg.br/media/./sapl/public/normajuridica/1987/449/449_texto_integral.pdf", "ementa": "Disp\u00f5e sobre a atualiza\u00e7\u00e3o dos subs\u00eddios e representa\u00e7\u00e3o do Prefeito e representa\u00e7\u00e3o do Vice-Prefeito."}, {"id": "498", "ano": "1987", "numero": "175", "tipo__sigla": "LEI", "tipo__descricao": "Lei Ordin\u00e1ria", "texto_integral": "http://sapl.sarandi.pr.leg.br/media/sapl/public/normajuridica/1987/498/lei_n_175-1987-_re-ratificacao_da_escritura_publica_de_doacao_ao_hospital_e_maternidade_sarandi_ltda.pdf", "ementa": "Disp\u00f5e sobre a re-ratifica\u00e7\u00e3o da escritura p\u00fablica de doa\u00e7\u00e3o ao Hospital e Maternidade de Sarandi LTDA., na forma que especifica."}, {"id": "6402", "ano": "1987", "numero": "174", "tipo__sigla": "LEI", "tipo__descricao": "Lei Ordin\u00e1ria", "texto_integral": "http://sapl.sarandi.pr.leg.br/media/sapl/public/normajuridica/1987/6402/lei_n_174-1987-_doar_ao_estado_do_parana_uma_area_de_terras_destinadas_a_construcao_de_um_predio.pdf", "ementa": "Autoriza o Poder Executivo Municipal a doar ao Estado do Paran\u00e1 uma \u00e1rea de terras destinada \u00e0 constru\u00e7\u00e3o de um pr\u00e9dio pr\u00f3prio para o posto de sa\u00fade."}, {"id": "372", "ano": "1987", "numero": "173", "tipo__sigla": "LEI", "tipo__descricao": "Lei Ordin\u00e1ria", "texto_integral": "http://sapl.sarandi.pr.leg.br/media/sapl/public/normajuridica/1987/372/lei_n_173-1987-_cria_ponto_de_automoveis_de_alugueis_na_av._joao_gomes_redondo.pdf", "ementa": "Cria Ponto de Autom\u00f3veis de Alugueis na Avenida Jo\u00e3o Gomes Redondo, entre as ruas Arnaldo Martins e Manoel da Luz e d\u00e1 outras provid\u00eancias."}, {"id": "494", "ano": "1987", "numero": "172", "tipo__sigla": "LEI", "tipo__descricao": "Lei Ordin\u00e1ria", "texto_integral": "http://sapl.sarandi.pr.leg.br/media/sapl/public/normajuridica/1987/494/lei_n_172-1987-_autoriza_o_poder_executivo_a_dar_dacao_de_pagamento_revogada_a_lei_municipal_n_143-1986.pdf", "ementa": "Autoriza o Poder Executivo Municipal a dar da\u00e7\u00e3o de pagamento, revoga a Lei Municipal n\u00ba 143/86 e d\u00e1 outras provid\u00eancias."}, {"id": "492", "ano": "1987", "numero": "171", "tipo__sigla": "LEI", "tipo__descricao": "Lei Ordin\u00e1ria", "texto_integral": "http://sapl.sarandi.pr.leg.br/media/sapl/public/normajuridica/1987/492/lei_n_171-1987-_autoriza_o_poder_executivo_municipal_a_vender_imoveis_urbanos.pdf", "ementa": "Autoriza o Poder Executivo Municipal a vender im\u00f3veis e d\u00e1 outras provid\u00eancias (lotes de terras n\u00bas 285-B2 \u00e0 285-B9, da Gleba Ribeir\u00e3o Sarandi)."}, {"id": "263", "ano": "1987", "numero": "1", "tipo__sigla": "POR", "tipo__descricao": "Portaria", "texto_integral": "http://sapl.sarandi.pr.leg.br/media/./sapl/public/normajuridica/1987/263/263_texto_integral.pdf", "ementa": "NOMEAR MEMBROS DAS COMISS\u00d5ES PERMANENTES."}, {"id": "490", "ano": "1987", "numero": "170", "tipo__sigla": "LEI", "tipo__descricao": "Lei Ordin\u00e1ria", "texto_integral": "http://sapl.sarandi.pr.leg.br/media/sapl/public/normajuridica/1987/490/lei_n_170-1987-__autoriza_o_poder_executivo_municipal_a_vender_terreno_para_fins_industriais.pdf", "ementa": "Autoriza o Poder Executivo Municipal a vender terreno para fins industriais, na forma que especifica."}, {"id": "6400", "ano": "1987", "numero": "169", "tipo__sigla": "LEI", "tipo__descricao": "Lei Ordin\u00e1ria", "texto_integral": "http://sapl.sarandi.pr.leg.br/media/sapl/public/normajuridica/1987/6400/lei_n_169-1987-_dispoe_sobre_a_organizacao_do_sistema_de_ensino_e_gulamenta_o_magisterio_publico_municipal.pdf", "ementa": "Disp\u00f5e sobre a organiza\u00e7\u00e3o do sistema de ensino e regulamenta o magist\u00e9rio p\u00fablico municipal"}, {"id": "448", "ano": "1987", "numero": "1", "tipo__sigla": "DL", "tipo__descricao": "Decreto Legislativo", "texto_integral": "http://sapl.sarandi.pr.leg.br/media/./sapl/public/normajuridica/1987/448/448_texto_integral.pdf", "ementa": "Concede ao Exmo. Sr. Prefeito Municipal de Sarandi, licen\u00e7a para afastamento do cargo no per\u00edodo de 20 de janeiro/87 A. 15 de fevereiro de 1.987, para ausentar-se do Munic\u00edpio."}, {"id": "489", "ano": "1987", "numero": "168", "tipo__sigla": "LEI", "tipo__descricao": "Lei Ordin\u00e1ria", "texto_integral": "http://sapl.sarandi.pr.leg.br/media/sapl/public/normajuridica/1987/489/lei_n_168-1987-_autoriza_o_executivo_municipal_a_permutar_imoveis.pdf", "ementa": "Autoriza o Poder Executivo Municipal a permutar im\u00f3veis, com \u00f4nus, e d\u00e1 outras provid\u00eancias."}, {"id": "397", "ano": "1986", "numero": "167", "tipo__sigla": "LEI", "tipo__descricao": "Lei Ordin\u00e1ria", "texto_integral": "http://sapl.sarandi.pr.leg.br/media/sapl/public/normajuridica/1986/397/lei_n_167-1986-_autoriza_o_poder_executivo_municipal_a_vender_terreno_publico_mediante_concorrencia_publica.pdf", "ementa": "Autoriza o Poder Executivo Municipal a vender terreno p\u00fablico mediante concorr\u00eancia p\u00fablica."}, {"id": "396", "ano": "1986", "numero": "166", "tipo__sigla": "LEI", "tipo__descricao": "Lei Ordin\u00e1ria", "texto_integral": "http://sapl.sarandi.pr.leg.br/media/sapl/public/normajuridica/1986/396/lei_n_166-1986-_autoriza_o_poder_executivo_municipal_a_municipalizar_a_merenda_escolar.pdf", "ementa": "Autoriza o Poder Executivo Municipal a municipalizar a merenda escolar - Programa Municipal de Alimenta\u00e7\u00e3o Escolar, na forma que especifica."}, {"id": "395", "ano": "1986", "numero": "165", "tipo__sigla": "LEI", "tipo__descricao": "Lei Ordin\u00e1ria", "texto_integral": "http://sapl.sarandi.pr.leg.br/media/sapl/public/normajuridica/1986/395/lei_n_165-1986-_autoriza_o_poder_executivo_municipal_a_permutar_terrenos_urbanos.pdf", "ementa": "Autoriza o Poder Executivo Municipal \u00e0 permutar terrenos urbano, como especifica."}, {"id": "394", "ano": "1986", "numero": "164", "tipo__sigla": "LEI", "tipo__descricao": "Lei Ordin\u00e1ria", "texto_integral": "http://sapl.sarandi.pr.leg.br/media/sapl/public/normajuridica/1986/394/lei_n_164-1986-_autoriza_o_poder_executivo_municipal_a_abrir_credito_adicional_suplementar.pdf", "ementa": "Autoriza o Poder Executivo Municipal a abrir cr\u00e9dito adicional suplementar e d\u00e1 outras provid\u00eancias."}, {"id": "393", "ano": "1986", "numero": "163", "tipo__sigla": "LEI", "tipo__descricao": "Lei Ordin\u00e1ria", "texto_integral": "http://sapl.sarandi.pr.leg.br/media/sapl/public/normajuridica/1986/393/lei_n_163-1986-_estima_a_receita_e_fixa_a_despesa_do_municipio_de_sarandi.pdf", "ementa": "Estima a receita e fixa a despesa do munic\u00edpio de Sarandi, Estado do Paran\u00e1, para o exerc\u00edcio de 1987."}, {"id": "392", "ano": "1986", "numero": "162", "tipo__sigla": "LEI", "tipo__descricao": "Lei Ordin\u00e1ria", "texto_integral": "http://sapl.sarandi.pr.leg.br/media/sapl/public/normajuridica/1986/392/lei_n_162-1986-_acrescenta_paragrafos_na_lei_municipal_n_031-1983.pdf", "ementa": "Acrescenta par\u00e1grafos na Lei Municipal n\u00ba 31/83, de 13/6/83, na forma que especifica."}, {"id": "390", "ano": "1986", "numero": "161", "tipo__sigla": "LEI", "tipo__descricao": "Lei Ordin\u00e1ria", "texto_integral": "http://sapl.sarandi.pr.leg.br/media/sapl/public/normajuridica/1986/390/lei_n_161-1986-_autoriza_o_poder_executivo_municipal__doar_ao_movimento_para_liberacao_de_vidas.pdf", "ementa": "Autoriza o Poder Executivo Municipal a doar ao Movimento para Libera\u00e7\u00e3o de Vidas - MOLIVI, uma data de terras no Jardim Independ\u00eancia 2\u00aa Parte."}, {"id": "388", "ano": "1986", "numero": "160", "tipo__sigla": "LEI", "tipo__descricao": "Lei Ordin\u00e1ria", "texto_integral": "http://sapl.sarandi.pr.leg.br/media/sapl/public/normajuridica/1986/388/lei_n_160-1986-_da_nova_denominacao_a_avenida_nova_independecia.pdf", "ementa": "D\u00e1 nova denomina\u00e7\u00e3o \u00e0 Avenida Nova Independ\u00eancia e d\u00e1 outras provid\u00eancias. \"Giro Watanabe\""}, {"id": "387", "ano": "1986", "numero": "159", "tipo__sigla": "LEI", "tipo__descricao": "Lei Ordin\u00e1ria", "texto_integral": "http://sapl.sarandi.pr.leg.br/media/sapl/public/normajuridica/1986/387/lei_n_159-1986-_autoriza_o_poder_executivo_municipal_a_celebrar_convenio_com_a_secretaria_de_seguranca_publica.pdf", "ementa": "Autoriza o Poder Executivo Municipal a celebrar conv\u00eanio com a Secretaria de Seguran\u00e7a P\u00fablica para os fins que especifica."}, {"id": "385", "ano": "1986", "numero": "158", "tipo__sigla": "LEI", "tipo__descricao": "Lei Ordin\u00e1ria", "texto_integral": "http://sapl.sarandi.pr.leg.br/media/sapl/public/normajuridica/1986/385/lei_n_158-1986-_denomina_o_conjunto_habitacional_edificado_no_lote_de_terras_n_99.pdf", "ementa": "Denomina o Conjunto Habitacional Edificado no lote de terras n\u00ba 99 da Gleba Ribeir\u00e3o Sarandi e d\u00e1 outras provid\u00eancias."}, {"id": "384", "ano": "1986", "numero": "157", "tipo__sigla": "LEI", "tipo__descricao": "Lei Ordin\u00e1ria", "texto_integral": "http://sapl.sarandi.pr.leg.br/media/sapl/public/normajuridica/1986/384/lei_n_157-1986-_doacao_do_terreno_para_fins_industriais.pdf", "ementa": "Disp\u00f5e sobre a doa\u00e7\u00e3o de terreno para fins industriais, na forma que especifica."}, {"id": "382", "ano": "1986", "numero": "156", "tipo__sigla": "LEI", "tipo__descricao": "Lei Ordin\u00e1ria", "texto_integral": "http://sapl.sarandi.pr.leg.br/media/sapl/public/normajuridica/1986/382/lei_n_156-1986-_autoriza_o_poder_executivo_municipal_a_vender_terreno_para_fins_industral.pdf", "ementa": "Autoriza o Poder Executivo Municipal a vender terreno para fins industriais, na forma que especifica, \u00e0 Firma: IND\u00daSTRIA MADEIREIRA CONEJO LTDA."}, {"id": "381", "ano": "1986", "numero": "155", "tipo__sigla": "LEI", "tipo__descricao": "Lei Ordin\u00e1ria", "texto_integral": "http://sapl.sarandi.pr.leg.br/media/sapl/public/normajuridica/1986/381/lei_n_155-1986-_dispoe_sobre_a_doacao_de_terreno_para_fins_industrial.pdf", "ementa": "Disp\u00f5e sobre a doa\u00e7\u00e3o de terreno para fins industriais, na forma que especifica."}, {"id": "380", "ano": "1986", "numero": "154", "tipo__sigla": "LEI", "tipo__descricao": "Lei Ordin\u00e1ria", "texto_integral": "http://sapl.sarandi.pr.leg.br/media/sapl/public/normajuridica/1986/380/lei_n_154-1986-_dispoe_sobre_a_doacao_de_terreno_para_fins_industriais.pdf", "ementa": "Disp\u00f5e sobre a doa\u00e7\u00e3o de terreno para fins industriais, na forma que especifica."}, {"id": "379", "ano": "1986", "numero": "153", "tipo__sigla": "LEI", "tipo__descricao": "Lei Ordin\u00e1ria", "texto_integral": "http://sapl.sarandi.pr.leg.br/media/sapl/public/normajuridica/1986/379/lei_n_153-1986-_dispoe_sobre_a_doacao_de_terreno_para_fins_industriais.pdf", "ementa": "Disp\u00f5e sobre a Doa\u00e7\u00e3o de terreno para fins industriais, na forma que especifica."}, {"id": "378", "ano": "1986", "numero": "152", "tipo__sigla": "LEI", "tipo__descricao": "Lei Ordin\u00e1ria", "texto_integral": "http://sapl.sarandi.pr.leg.br/media/sapl/public/normajuridica/1986/378/lei_n_152-1986-_dispoe_sobre_a_doacao_de_terreno_para_fins_industriais.pdf", "ementa": "Disp\u00f5e sobre a doa\u00e7\u00e3o de terreno para fins industriais, na forma que especifica."}, {"id": "377", "ano": "1986", "numero": "151", "tipo__sigla": "LEI", "tipo__descricao": "Lei Ordin\u00e1ria", "texto_integral": "http://sapl.sarandi.pr.leg.br/media/sapl/public/normajuridica/1986/377/lei_n_151-1986-_autoriza_a_reconstrucao_da_escola_tsuro_tsuji.pdf", "ementa": "Autoriza a reconstru\u00e7\u00e3o da Escola Tsuro Tsuji, na forma que especifica."}, {"id": "365", "ano": "1986", "numero": "150", "tipo__sigla": "LEI", "tipo__descricao": "Lei Ordin\u00e1ria", "texto_integral": "http://sapl.sarandi.pr.leg.br/media/sapl/public/normajuridica/1986/365/lei_n_150-1986-_doa_verba_no_valor_de_30.00000.pdf", "ementa": "Doa verba no valor de Cz$ 30.000,00 \u00e0 entidade que indica e especifica."}, {"id": "364", "ano": "1986", "numero": "149", "tipo__sigla": "LEI", "tipo__descricao": "Lei Ordin\u00e1ria", "texto_integral": "http://sapl.sarandi.pr.leg.br/media/sapl/public/normajuridica/1986/364/lei_n_149-1986-_doacao_de_terrenos_para_fins_industriais.pdf", "ementa": "Autoriza o Poder Executivo Municipal a doar terreno para fins industriais \u00e0 Firma: RETEMA: Revisora T\u00e9cnica de Equipamentos Ltda."}, {"id": "362", "ano": "1986", "numero": "148", "tipo__sigla": "LEI", "tipo__descricao": "Lei Ordin\u00e1ria", "texto_integral": "http://sapl.sarandi.pr.leg.br/media/sapl/public/normajuridica/1986/362/lei_n_148-1986-_autoriza_doacao_de_terreno_para_fins_industriais.pdf", "ementa": "Autoriza o Poder Executivo Municipal a doar terreno para fins industriais \u00e0 Firma CLARO \u2014 Equipamentos Hidr\u00e1ulicos Ltda., na forma que especifica."}, {"id": "361", "ano": "1986", "numero": "147", "tipo__sigla": "LEI", "tipo__descricao": "Lei Ordin\u00e1ria", "texto_integral": "http://sapl.sarandi.pr.leg.br/media/sapl/public/normajuridica/1986/361/lei_n_147-1986-_autoriza_doacao_de_terras_para_implantacao_de_industria.pdf", "ementa": "Autoriza o Poder Executivo Municipal a doar \u00e1rea de terras para fins industriais \u00e0 Firma: Industria e Com\u00e9rcio de M\u00f3veis Vale do Guapor\u00e9 Ltda."}, {"id": "359", "ano": "1986", "numero": "146", "tipo__sigla": "LEI", "tipo__descricao": "Lei Ordin\u00e1ria", "texto_integral": "http://sapl.sarandi.pr.leg.br/media/sapl/public/normajuridica/1986/359/lei_n_146-1986-_doacao_de_terras_para_implantacao_de_industria.pdf", "ementa": "Autoriza o Poder Executivo Municipal a doar \u00e1rea de terras, para fins de implanta\u00e7\u00e3o de Ind\u00fastria, na forma que especifica."}, {"id": "354", "ano": "1986", "numero": "145", "tipo__sigla": "LEI", "tipo__descricao": "Lei Ordin\u00e1ria", "texto_integral": "http://sapl.sarandi.pr.leg.br/media/sapl/public/normajuridica/1986/354/lei_n_145-1986-_denomina_de_olinda_dias_pereira_a_escola_municipal_1_grau_parque_alvamar.pdf", "ementa": "Denomina de \"Olinda Dias Pereira\" a Escola Municipal, Ensino de 1\u00ba Grau do Parque Alvamar e d\u00e1 outras provid\u00eancias."}, {"id": "352", "ano": "1986", "numero": "144", "tipo__sigla": "LEI", "tipo__descricao": "Lei Ordin\u00e1ria", "texto_integral": "http://sapl.sarandi.pr.leg.br/media/sapl/public/normajuridica/1986/352/lei_n_144-1986-_da_denominacao_a_cancha_de_esportes.pdf", "ementa": "D\u00e1 denomina\u00e7\u00e3o \u00e0 Cancha de Esportes."}, {"id": "351", "ano": "1986", "numero": "143", "tipo__sigla": "LEI", "tipo__descricao": "Lei Ordin\u00e1ria", "texto_integral": "http://sapl.sarandi.pr.leg.br/media/sapl/public/normajuridica/1986/351/lei_n_143-1986-_autoriza_permuta_de_terreno.pdf", "ementa": "Autoriza o Poder Executivo Municipal a permutar terreno para os fins que especifica."}, {"id": "350", "ano": "1986", "numero": "142", "tipo__sigla": "LEI", "tipo__descricao": "Lei Ordin\u00e1ria", "texto_integral": "http://sapl.sarandi.pr.leg.br/media/sapl/public/normajuridica/1986/350/lei_n_142-1986-_utilidade_publica_jardim_castelo_e_parque_sao_pedro.pdf", "ementa": "Considera e declara de utilidade p\u00fablica a Associa\u00e7\u00e3o dos Moradores e Amigos dos Bairros: Jardim Castelo e Parque S\u00e3o Pedro."}, {"id": "349", "ano": "1986", "numero": "141", "tipo__sigla": "LEI", "tipo__descricao": "Lei Ordin\u00e1ria", "texto_integral": "http://sapl.sarandi.pr.leg.br/media/sapl/public/normajuridica/1986/349/lei_n_141-1986-_altera_o_artigo_1o_da_lei_municipal_no_67-1984.pdf", "ementa": "Altera o art. 1\u00ba da Lei Municipal n\u00ba 67/84, de 31/12/84."}, {"id": "3920", "ano": "1986", "numero": "12", "tipo__sigla": "POR", "tipo__descricao": "Portaria", "texto_integral": "http://sapl.sarandi.pr.leg.br/media/./sapl/public/normajuridica/1986/3920/3920_texto_integral.pdf", "ementa": "INSTITUI COMISS\u00c3O PROVIS\u00d3RIA DE VEREADORES"}, {"id": "3919", "ano": "1986", "numero": "11", "tipo__sigla": "POR", "tipo__descricao": "Portaria", "texto_integral": "http://sapl.sarandi.pr.leg.br/media/./sapl/public/normajuridica/1986/3919/3919_texto_integral.pdf", "ementa": "INSTITUI COMISS\u00c3O PROVIS\u00d3RIA DE VEREADORES"}, {"id": "348", "ano": "1986", "numero": "140", "tipo__sigla": "LEI", "tipo__descricao": "Lei Ordin\u00e1ria", "texto_integral": "http://sapl.sarandi.pr.leg.br/media/sapl/public/normajuridica/1986/348/lei_n_140-1986-_considera_utilidade_publica_clube_do_vovo.pdf", "ementa": "Considera e declara de utilidade p\u00fablica o \"Clube do Vov\u00f4\" de Sarandi."}, {"id": "347", "ano": "1986", "numero": "139", "tipo__sigla": "LEI", "tipo__descricao": "Lei Ordin\u00e1ria", "texto_integral": "http://sapl.sarandi.pr.leg.br/media/sapl/public/normajuridica/1986/347/lei_n_139-1986-_revoga_a_lei_061-1983.pdf", "ementa": "Revoga a Lei Municipal n\u00b0 61/83, de 9/11/83, na forma que especifica."}, {"id": "346", "ano": "1986", "numero": "138", "tipo__sigla": "LEI", "tipo__descricao": "Lei Ordin\u00e1ria", "texto_integral": "http://sapl.sarandi.pr.leg.br/media/sapl/public/normajuridica/1986/346/lei_n_138-1986-_revoga_a_lei_municipal_n_48-1983.pdf", "ementa": "Revoga a Lei Municipal n\u00b0 48/83, de 26/9/1983, na forma que especifica."}, {"id": "345", "ano": "1986", "numero": "137", "tipo__sigla": "LEI", "tipo__descricao": "Lei Ordin\u00e1ria", "texto_integral": "http://sapl.sarandi.pr.leg.br/media/sapl/public/normajuridica/1986/345/lei_n_137-1986-_revoga_a_lei_n_53-1984.pdf", "ementa": "Revoga a Lei Municipal n\u00b0 53/84, de 30/11/84, na forma que especifica."}, {"id": "344", "ano": "1986", "numero": "136", "tipo__sigla": "LEI", "tipo__descricao": "Lei Ordin\u00e1ria", "texto_integral": "http://sapl.sarandi.pr.leg.br/media/sapl/public/normajuridica/1986/344/lei_n_136-1986-_revoga_a_lei_municipal_n_47-1984.pdf", "ementa": "Revoga a Lei Municipal n\u00b0 47/84, de 31/10/84, na forma que especifica."}, {"id": "343", "ano": "1986", "numero": "135", "tipo__sigla": "LEI", "tipo__descricao": "Lei Ordin\u00e1ria", "texto_integral": "http://sapl.sarandi.pr.leg.br/media/sapl/public/normajuridica/1986/343/lei_n_135-1986-_revoga__a_lein_06-1984.pdf", "ementa": "Revoga a Lei Municipal n\u00b0 6/84, de 24/1/84, na forma que especifica."}, {"id": "342", "ano": "1986", "numero": "134", "tipo__sigla": "LEI", "tipo__descricao": "Lei Ordin\u00e1ria", "texto_integral": "http://sapl.sarandi.pr.leg.br/media/sapl/public/normajuridica/1986/342/lei_n_134-1986-_revoga_lei_n_004-1984.pdf", "ementa": "Revoga a Lei Municipal n\u00b0 4/84, de 24 de janeiro de 1984, na forma que especifica."}, {"id": "341", "ano": "1986", "numero": "133", "tipo__sigla": "LEI", "tipo__descricao": "Lei Ordin\u00e1ria", "texto_integral": "http://sapl.sarandi.pr.leg.br/media/sapl/public/normajuridica/1986/341/lei_n_133-1986-_revoga_as_leis_071-1983_e_074-1983.pdf", "ementa": "Revoga as Leis Municipais n\u00b0 71/83, de 23/11/83 e 74/83, de 7/12/83, na forma que especifica."}, {"id": "340", "ano": "1986", "numero": "132", "tipo__sigla": "LEI", "tipo__descricao": "Lei Ordin\u00e1ria", "texto_integral": "http://sapl.sarandi.pr.leg.br/media/sapl/public/normajuridica/1986/340/lei_n_132-1986-_dispoe_sobre_o_prolongamento_da_atual_rua_guiapo.pdf", "ementa": "Disp\u00f5e sobre o prolongamento da atual Rua Guiap\u00f3, rumo norte e abre uma alameda ligando com a Rua Ta\u00ed."}, {"id": "339", "ano": "1986", "numero": "131", "tipo__sigla": "LEI", "tipo__descricao": "Lei Ordin\u00e1ria", "texto_integral": "http://sapl.sarandi.pr.leg.br/media/sapl/public/normajuridica/1986/339/lei_n_131-1986-_isencao_de_taxas_a_plantas_populares.pdf", "ementa": "Concede isen\u00e7\u00e3o de taxas a plantas populares e d\u00e1 outras provid\u00eancias."}, {"id": "338", "ano": "1986", "numero": "130", "tipo__sigla": "LEI", "tipo__descricao": "Lei Ordin\u00e1ria", "texto_integral": "http://sapl.sarandi.pr.leg.br/media/sapl/public/normajuridica/1986/338/lei_n_130-1986-_autoriza_termo_de_convenio_cohapar.pdf", "ementa": "Autoriza Termo de Conv\u00eanio entre a Prefeitura do Munic\u00edpio de Sarandi, Estado do Paran\u00e1, e a Companhia de Habita\u00e7\u00e3o do Paran\u00e1 - COHAPAR, na forma que especifica."}, {"id": "337", "ano": "1986", "numero": "129", "tipo__sigla": "LEI", "tipo__descricao": "Lei Ordin\u00e1ria", "texto_integral": "http://sapl.sarandi.pr.leg.br/media/sapl/public/normajuridica/1986/337/lei_n_129-1986-_conceder_desconto_de_contribuicao_de_melhorias_autorizacao.pdf", "ementa": "Autoriza o Executivo Municipal a conceder desconto em carnets de contribui\u00e7\u00e3o de melhoria, na forma que especifica."}, {"id": "336", "ano": "1986", "numero": "128", "tipo__sigla": "LEI", "tipo__descricao": "Lei Ordin\u00e1ria", "texto_integral": "http://sapl.sarandi.pr.leg.br/media/sapl/public/normajuridica/1986/336/lei_n_128-1986-_dispoe_sobre_doacao_de_terrenos_jardim_verao_e_jardim_das_flores.pdf", "ementa": "Disp\u00f5e sobre doa\u00e7\u00e3o de terrenos \u00e0 Associa\u00e7\u00e3o de Moradores e Amigos dos Bairros Jardim Ver\u00e3o e Jardim das Flores 1\u00aa e 2\u00aa Partes e d\u00e1 outras provid\u00eancias."}, {"id": "335", "ano": "1986", "numero": "127", "tipo__sigla": "LEI", "tipo__descricao": "Lei Ordin\u00e1ria", "texto_integral": "http://sapl.sarandi.pr.leg.br/media/sapl/public/normajuridica/1986/335/lei_n_127-1986-_criacao_e_implantacao_do_2_parque_industrial.pdf", "ementa": "Autoriza o Poder Executivo Municipal a criar e implantar o 2\u00ba Parque Industrial e d\u00e1 outras provid\u00eancias."}, {"id": "334", "ano": "1986", "numero": "126", "tipo__sigla": "LEI", "tipo__descricao": "Lei Ordin\u00e1ria", "texto_integral": "http://sapl.sarandi.pr.leg.br/media/sapl/public/normajuridica/1986/334/lei_n_126-1986-_autorizacao_da_denominacao_joaquim_ferlini_a_atual_rua_moema.pdf", "ementa": "Autoriza o Chefe do Poder Executivo Municipal a denominar de \"Joaquim Ferlini\" a atual Rua Moema e d\u00e1 outras provid\u00eancias."}, {"id": "333", "ano": "1986", "numero": "125", "tipo__sigla": "LEI", "tipo__descricao": "Lei Ordin\u00e1ria", "texto_integral": "http://sapl.sarandi.pr.leg.br/media/sapl/public/normajuridica/1986/333/lei_n_125-1986-_utilidade_publica_associacao_de_pais_e_amigos_dos_excepcionais-_apae.pdf", "ementa": "Considera e declara de utilidade p\u00fablica a Associa\u00e7\u00e3o de Pais e Amigos dos Excepcionais - APAE."}, {"id": "328", "ano": "1986", "numero": "124", "tipo__sigla": "LEI", "tipo__descricao": "Lei Ordin\u00e1ria", "texto_integral": "http://sapl.sarandi.pr.leg.br/media/sapl/public/normajuridica/1986/328/lei_n_124-1986-_revoga_a_lei_n_25-1984.pdf", "ementa": "Revoga\u00e7\u00e3o da Lei Municipal n\u00b0 25/84, de 26 de junho de 1984 e d\u00e1 outras provid\u00eancias."}, {"id": "327", "ano": "1986", "numero": "123", "tipo__sigla": "LEI", "tipo__descricao": "Lei Ordin\u00e1ria", "texto_integral": "http://sapl.sarandi.pr.leg.br/media/sapl/public/normajuridica/1986/327/lei_n_123-1986-_nova_redacao_aos_artigos_78_79_80_altera_o_disposto_do_artigo_ii_letra_a_itens_12_e_3_do_art_102_lei_n_77-83.pdf", "ementa": "D\u00e1 nova reda\u00e7\u00e3o aos arts. 78, 79 e 80, altera o disposto no inciso II, letra \"a\", itens 1, 2 e 3 do art. 102, da Lei Municipal n\u00b0 77/83, de 29 de novembro de 1983 e d\u00e1 outras provid\u00eancias."}, {"id": "326", "ano": "1986", "numero": "122", "tipo__sigla": "LEI", "tipo__descricao": "Lei Ordin\u00e1ria", "texto_integral": "http://sapl.sarandi.pr.leg.br/media/sapl/public/normajuridica/1986/326/lei_n_122-1986-_autoriza_a_construcao_de_cemiterio_municipal.pdf", "ementa": "Autoriza o Poder Executivo Municipal a construir um cemit\u00e9rio em local e normas que especifica."}, {"id": "447", "ano": "1986", "numero": "1", "tipo__sigla": "DL", "tipo__descricao": "Decreto Legislativo", "texto_integral": "http://sapl.sarandi.pr.leg.br/media/./sapl/public/normajuridica/1986/447/447_texto_integral.pdf", "ementa": "Estabelece o Recesso Legislativo para o per\u00edodo de 1\u00ba a 31 de julho de 1986."}, {"id": "415", "ano": "1986", "numero": "2", "tipo__sigla": "RES", "tipo__descricao": "Resolu\u00e7\u00e3o", "texto_integral": "http://sapl.sarandi.pr.leg.br/media/./sapl/public/normajuridica/1986/415/415_texto_integral.pdf", "ementa": "Autoriza a contrata\u00e7\u00e3o de Advogado para presta\u00e7\u00e3o de Servi\u00e7os de Consultoria, Assessoramento Jur\u00eddico e d\u00e1 outras provid\u00eancias."}, {"id": "3918", "ano": "1986", "numero": "9", "tipo__sigla": "POR", "tipo__descricao": "Portaria", "texto_integral": "http://sapl.sarandi.pr.leg.br/media/./sapl/public/normajuridica/1986/3918/3918_texto_integral.pdf", "ementa": "REFERENTE A GRATIFICA\u00c7\u00c3O MENSAL"}, {"id": "3917", "ano": "1986", "numero": "8", "tipo__sigla": "POR", "tipo__descricao": "Portaria", "texto_integral": "http://sapl.sarandi.pr.leg.br/media/./sapl/public/normajuridica/1986/3917/3917_texto_integral.pdf", "ementa": "NOMEIA APROVADO EM CONCURSO"}, {"id": "3916", "ano": "1986", "numero": "7", "tipo__sigla": "POR", "tipo__descricao": "Portaria", "texto_integral": "http://sapl.sarandi.pr.leg.br/media/./sapl/public/normajuridica/1986/3916/3916_texto_integral.pdf", "ementa": "REFERENTE A HOMOLOGA\u00c7\u00c3O DO RESULTADO DO CONCURSO"}, {"id": "3915", "ano": "1986", "numero": "6", "tipo__sigla": "POR", "tipo__descricao": "Portaria", "texto_integral": "http://sapl.sarandi.pr.leg.br/media/./sapl/public/normajuridica/1986/3915/3915_texto_integral.pdf", "ementa": "REFERENTE AO JULGAMENTO DAS PROVAS DO CONCURSO"}, {"id": "325", "ano": "1986", "numero": "121", "tipo__sigla": "LEI", "tipo__descricao": "Lei Ordin\u00e1ria", "texto_integral": "http://sapl.sarandi.pr.leg.br/media/sapl/public/normajuridica/1986/325/lei_n_121-1986-_denominacao_atilio_salvalagio_a_atual_rua_maua.pdf", "ementa": "Autoriza o Chefe do Poder Executivo Municipal a denominar de \"AT\u00cdLIO SALVALAGIO\" a atual Rua Mau\u00e1 e d\u00e1 outras provid\u00eancias."}, {"id": "324", "ano": "1986", "numero": "120", "tipo__sigla": "LEI", "tipo__descricao": "Lei Ordin\u00e1ria", "texto_integral": "http://sapl.sarandi.pr.leg.br/media/sapl/public/normajuridica/1986/324/lei_n_120-1986-_isencao_de_pagamento_de_iptu.pdf", "ementa": "Autoriza o Chefe do Executivo Municipal a conceder isen\u00e7\u00e3o do pagamento do IPTU, \u00e0s pessoas idosas e d\u00e1 outras provid\u00eancias."}, {"id": "3914", "ano": "1986", "numero": "5", "tipo__sigla": "POR", "tipo__descricao": "Portaria", "texto_integral": "http://sapl.sarandi.pr.leg.br/media/./sapl/public/normajuridica/1986/3914/3914_texto_integral.pdf", "ementa": "REFERENTE AS INSCRI\u00c7\u00d5ES PARA PROVIMENTO DOS CARGOS VAGOS"}, {"id": "322", "ano": "1986", "numero": "119", "tipo__sigla": "LEI", "tipo__descricao": "Lei Ordin\u00e1ria", "texto_integral": "http://sapl.sarandi.pr.leg.br/media/sapl/public/normajuridica/1986/322/lei_n_119-_1986-_antecipacao_de_comemoracao_de_feriados.pdf", "ementa": "Disp\u00f5e sobre a antecipa\u00e7\u00e3o de comemora\u00e7\u00e3o de feriados e d\u00e1 outras provid\u00eancias."}, {"id": "3913", "ano": "1986", "numero": "4", "tipo__sigla": "POR", "tipo__descricao": "Portaria", "texto_integral": "http://sapl.sarandi.pr.leg.br/media/./sapl/public/normajuridica/1986/3913/3913_texto_integral.pdf", "ementa": "INSTITUI COMISS\u00c3O PROVIS\u00d3RIA DE VEREADORES"}, {"id": "3912", "ano": "1986", "numero": "3", "tipo__sigla": "POR", "tipo__descricao": "Portaria", "texto_integral": "http://sapl.sarandi.pr.leg.br/media/./sapl/public/normajuridica/1986/3912/3912_texto_integral.pdf", "ementa": "INSTITUIR COMISS\u00c3O ESPECIAL DE VEREADORES"}, {"id": "321", "ano": "1986", "numero": "118", "tipo__sigla": "LEI", "tipo__descricao": "Lei Ordin\u00e1ria", "texto_integral": "http://sapl.sarandi.pr.leg.br/media/sapl/public/normajuridica/1986/321/lei_n_118-1986-_denominacao_de_escola_luiz_bifon.pdf", "ementa": "Autoriza o Chefe do Poder Executivo Municipal a denominar de Escola de Excepcionais Luiz Bifon, a Escola da Associa\u00e7\u00e3o de Pais e Amigos dos Excepcionais APAE, e d\u00e1 outras provid\u00eancias."}, {"id": "319", "ano": "1986", "numero": "117", "tipo__sigla": "LEI", "tipo__descricao": "Lei Ordin\u00e1ria", "texto_integral": "http://sapl.sarandi.pr.leg.br/media/sapl/public/normajuridica/1986/319/lei_n_117-1986-_doacao_de_imoveis_urbanos.pdf", "ementa": "Autoriza o Poder Executivo Municipal a doar im\u00f3veis urbanos \u00e0 Associa\u00e7\u00e3o de Moradores e Amigos do Jardim Universal, desta cidade, para os fins que especifica."}, {"id": "3911", "ano": "1986", "numero": "2", "tipo__sigla": "POR", "tipo__descricao": "Portaria", "texto_integral": "http://sapl.sarandi.pr.leg.br/media/./sapl/public/normajuridica/1986/3911/3911_texto_integral.pdf", "ementa": "INSTITUIR COMISS\u00c3O ESPECIAL DE VEREADORES"}, {"id": "317", "ano": "1986", "numero": "116", "tipo__sigla": "LEI", "tipo__descricao": "Lei Ordin\u00e1ria", "texto_integral": "http://sapl.sarandi.pr.leg.br/media/sapl/public/normajuridica/1986/317/lei_n_116-1986-_isencao_de_taxa_de_guias.pdf", "ementa": "Concede isen\u00e7\u00e3o de Taxa de Guias e Sarjetas referente a im\u00f3veis da Igreja Mission\u00e1ria Unidas do Brasil desta cidade e d\u00e1 outras provid\u00eancias."}, {"id": "413", "ano": "1986", "numero": "1", "tipo__sigla": "RES", "tipo__descricao": "Resolu\u00e7\u00e3o", "texto_integral": "http://sapl.sarandi.pr.leg.br/media/./sapl/public/normajuridica/1986/413/413_texto_integral.pdf", "ementa": "Altera dispositivos da Resolu\u00e7\u00e3o n\u00b0 01/84 e d\u00e1 outras provid\u00eancias."}, {"id": "3910", "ano": "1986", "numero": "1", "tipo__sigla": "POR", "tipo__descricao": "Portaria", "texto_integral": "http://sapl.sarandi.pr.leg.br/media/./sapl/public/normajuridica/1986/3910/3910_texto_integral.pdf", "ementa": "NOMEAR MEMBROS DAS COMISS\u00d5ES PERMANENTES"}, {"id": "315", "ano": "1986", "numero": "115", "tipo__sigla": "LEI", "tipo__descricao": "Lei Ordin\u00e1ria", "texto_integral": "http://sapl.sarandi.pr.leg.br/media/sapl/public/normajuridica/1986/315/lei_n_115-1986-_convenio_com_o_governo_estadual.pdf", "ementa": "Autoriza o Poder Executivo Municipal a firmar conv\u00eanio com o Governo Estadual atrav\u00e9s da FUNDEPAR para a constru\u00e7\u00e3o de uma Unidade Escolar."}, {"id": "6399", "ano": "1986", "numero": "114", "tipo__sigla": "LEI", "tipo__descricao": "Lei Ordin\u00e1ria", "texto_integral": "http://sapl.sarandi.pr.leg.br/media/sapl/public/normajuridica/1986/6399/lei_n_114-1986-_celebracao_de_convenios_e_contratos_com_o_bnaco_nacional_de_habitacao.pdf", "ementa": "Autoriza o Poder Executivo Municipal a celebrar conv\u00eanio e contratos com o Banco Nacional da Habita\u00e7\u00e3o e seus Agentes Financeiros, a oferecer\r\ngarantias para os empr\u00e9stimos assumidos e d\u00e1 outras provid\u00eancias."}, {"id": "332", "ano": "1985", "numero": "113", "tipo__sigla": "LEI", "tipo__descricao": "Lei Ordin\u00e1ria", "texto_integral": "http://sapl.sarandi.pr.leg.br/media/sapl/public/normajuridica/1985/332/lei_n_113-1985-_credito_adicional_suplementar.pdf", "ementa": "Autoriza o Poder Executivo Municipal a abrir um cr\u00e9dito adicional suplementar e d\u00e1 outras provid\u00eancias."}, {"id": "331", "ano": "1985", "numero": "112", "tipo__sigla": "LEI", "tipo__descricao": "Lei Ordin\u00e1ria", "texto_integral": "http://sapl.sarandi.pr.leg.br/media/sapl/public/normajuridica/1985/331/lei_n_112-1985-_abertura_de_credito_adicional_suplementar.pdf", "ementa": "Autoriza o Poder Executivo Municipal a abrir um cr\u00e9dito adicional suplementar e d\u00e1 outras provid\u00eancias."}, {"id": "330", "ano": "1985", "numero": "111", "tipo__sigla": "LEI", "tipo__descricao": "Lei Ordin\u00e1ria", "texto_integral": "http://sapl.sarandi.pr.leg.br/media/sapl/public/normajuridica/1985/330/lei_n_111-1985-_credito_adicional_suplementar.pdf", "ementa": "Autoriza o Poder Executivo Municipal a abrir um cr\u00e9dito adicional especial e d\u00e1 outras provid\u00eancias."}, {"id": "329", "ano": "1985", "numero": "110", "tipo__sigla": "LEI", "tipo__descricao": "Lei Ordin\u00e1ria", "texto_integral": "http://sapl.sarandi.pr.leg.br/media/sapl/public/normajuridica/1985/329/lei_n_110-1985-_altera_os_valores_de_simbolos_de_vencimentos_mensais.pdf", "ementa": "Altera os valores dos s\u00edmbolos de vencimentos mensal dos anexos II e VI, da Lei Municipal n\u00b0 3/83, a dispositivos da Lei n\u00b0 79/85."}, {"id": "323", "ano": "1985", "numero": "109", "tipo__sigla": "LEI", "tipo__descricao": "Lei Ordin\u00e1ria", "texto_integral": "http://sapl.sarandi.pr.leg.br/media/sapl/public/normajuridica/1985/323/lei_n_109-1985-_doacao_de_terras_sindicato_dos_trabalhadores.pdf", "ementa": "Autoriza o Poder Executivo Municipal a doar \u00e1rea de terras na periferia da cidade ao Sindicato dos Trabalhadores Rurais de Sarandi, na forma que especifica."}, {"id": "320", "ano": "1985", "numero": "108", "tipo__sigla": "LEI", "tipo__descricao": "Lei Ordin\u00e1ria", "texto_integral": "http://sapl.sarandi.pr.leg.br/media/sapl/public/normajuridica/1985/320/lei_n_108-1985-_recolhimento_da_taxa_de_contribuicao_de_melhoria.pdf", "ementa": "Prorroga prazo para recolhimento da Taxa de Contribui\u00e7\u00e3o de Melhoria, na forma que especifica."}, {"id": "318", "ano": "1985", "numero": "107", "tipo__sigla": "LEI", "tipo__descricao": "Lei Ordin\u00e1ria", "texto_integral": "http://sapl.sarandi.pr.leg.br/media/sapl/public/normajuridica/1985/318/lei_n_107-1985-_convenio_com_a_fundepar_fundacao_educacional_do_parana.pdf", "ementa": "Autoriza o Poder Executivo Municipal a firmar conv\u00eanio com a Funda\u00e7\u00e3o Educacional do Paran\u00e1 \u2014 FUNDEPAR, e estabelece outras provid\u00eancias."}, {"id": "316", "ano": "1985", "numero": "106", "tipo__sigla": "LEI", "tipo__descricao": "Lei Ordin\u00e1ria", "texto_integral": "http://sapl.sarandi.pr.leg.br/media/sapl/public/normajuridica/1985/316/lei_n_106-1985-_credito_adicional_suplementar.pdf", "ementa": "Autoriza a abertura de cr\u00e9dito adicional suplementar e d\u00e1 outras provid\u00eancias."}, {"id": "6398", "ano": "1985", "numero": "105", "tipo__sigla": "LEI", "tipo__descricao": "Lei Ordin\u00e1ria", "texto_integral": "http://sapl.sarandi.pr.leg.br/media/sapl/public/normajuridica/1985/6398/lei_n_105-1985-_denomina_de_tancredo_neves_o_ginasio_de_esportes_municipal.pdf", "ementa": "Denomina de Presidente Tancredo Neves o Gin\u00e1sio de Esportes Municipal e d\u00e1 outras provid\u00eancias."}, {"id": "314", "ano": "1985", "numero": "104", "tipo__sigla": "LEI", "tipo__descricao": "Lei Ordin\u00e1ria", "texto_integral": "http://sapl.sarandi.pr.leg.br/media/sapl/public/normajuridica/1985/314/lei_n_104-1985-_utilidade_publica_associacao_de_protecao_a_maternidade_e_a_infancia.pdf", "ementa": "Declara de Utilidade P\u00fablica Entidade local, na forma que especifica."}, {"id": "446", "ano": "1985", "numero": "4", "tipo__sigla": "DL", "tipo__descricao": "Decreto Legislativo", "texto_integral": "http://sapl.sarandi.pr.leg.br/media/./sapl/public/normajuridica/1985/446/446_texto_integral.pdf", "ementa": "Declara o Recesso Legislativo."}, {"id": "313", "ano": "1985", "numero": "103", "tipo__sigla": "LEI", "tipo__descricao": "Lei Ordin\u00e1ria", "texto_integral": "http://sapl.sarandi.pr.leg.br/media/sapl/public/normajuridica/1985/313/lei_n_103-1985-_fixa_a_despesa_e_estima_a_receita_para_exercicio_em_1986.pdf", "ementa": "Estima a receita e fixa a despesa do munic\u00edpio de Sarandi, Estado do Paran\u00e1, para o exerc\u00edcio de 1986."}, {"id": "312", "ano": "1985", "numero": "102", "tipo__sigla": "LEI", "tipo__descricao": "Lei Ordin\u00e1ria", "texto_integral": "http://sapl.sarandi.pr.leg.br/media/sapl/public/normajuridica/1985/312/lei_n_102-1985-_isencao_de_taxas_de_meio_fio_sarjetas_e_paralelepipedos_ao_sarandi_esporte_clube.pdf", "ementa": "Concede isen\u00e7\u00e3o das taxas de meio-fio com sarjetas e paralelep\u00edpedos ao Sarandi Esporte Clube e d\u00e1 outras provid\u00eancias."}, {"id": "311", "ano": "1985", "numero": "101", "tipo__sigla": "LEI", "tipo__descricao": "Lei Ordin\u00e1ria", "texto_integral": "http://sapl.sarandi.pr.leg.br/media/sapl/public/normajuridica/1985/311/lei_n_101-1985-_isencao_das_taxas_de_meio_fio_sarjetas_e_paralelepipedos_associacao_maternal_de_sarandi-_amas.pdf", "ementa": "Concede isen\u00e7\u00e3o das taxas de meio-fio com sarjetas e paralelep\u00edpedos da Associa\u00e7\u00e3o Maternal de Sarandi \u2014 AMAS, desta cidade e d\u00e1 outras provid\u00eancias."}, {"id": "310", "ano": "1985", "numero": "100", "tipo__sigla": "LEI", "tipo__descricao": "Lei Ordin\u00e1ria", "texto_integral": "http://sapl.sarandi.pr.leg.br/media/sapl/public/normajuridica/1985/310/lei_n_100-1985-_denomina_de_jose_raimundo_magalhaes_trecho_da_rua_tai.pdf", "ementa": "Denomina de \"Jos\u00e9 Raimundo de Magalh\u00e3es\" trecho da rua Ta\u00ed, no Jardim Europa e d\u00e1 outras provid\u00eancias."}, {"id": "309", "ano": "1985", "numero": "99", "tipo__sigla": "LEI", "tipo__descricao": "Lei Ordin\u00e1ria", "texto_integral": "http://sapl.sarandi.pr.leg.br/media/sapl/public/normajuridica/1985/309/lei_n_99-1985-_altera_redacao_dos_art._1_letra_a_lei_83-1985.pdf", "ementa": "Altera a reda\u00e7\u00e3o do art. 1\u00b0, Letra A, da Lei Municipal n\u00b0 83/85, de 10/6/85, na forma que especifica."}, {"id": "308", "ano": "1985", "numero": "98", "tipo__sigla": "LEI", "tipo__descricao": "Lei Ordin\u00e1ria", "texto_integral": "http://sapl.sarandi.pr.leg.br/media/sapl/public/normajuridica/1985/308/lei_n_98-1985-_instalacao_de_rede_de_energia_eletrica.pdf", "ementa": "Autoriza o Poder Executivo a instalar e doar extens\u00e3o de rede de energia el\u00e9trica."}, {"id": "307", "ano": "1985", "numero": "97", "tipo__sigla": "LEI", "tipo__descricao": "Lei Ordin\u00e1ria", "texto_integral": "http://sapl.sarandi.pr.leg.br/media/sapl/public/normajuridica/1985/307/lei_n_97-1985-_faixa_de_terras_para_alargamento_de_via_publica.pdf", "ementa": "Autoriza o Poder Executivo Municipal a adquirir uma faixa de terras para alargamento de via p\u00fablica, na forma que especifica."}, {"id": "306", "ano": "1985", "numero": "96", "tipo__sigla": "LEI", "tipo__descricao": "Lei Ordin\u00e1ria", "texto_integral": "http://sapl.sarandi.pr.leg.br/media/sapl/public/normajuridica/1985/306/lei_n_96-_1985-_permuta_de_imoveis.pdf", "ementa": "Autoriza o Poder Executivo Municipal a permutar im\u00f3veis, na forma que especifica."}, {"id": "305", "ano": "1985", "numero": "95", "tipo__sigla": "LEI", "tipo__descricao": "Lei Ordin\u00e1ria", "texto_integral": "http://sapl.sarandi.pr.leg.br/media/sapl/public/normajuridica/1985/305/lei_n_95-1985-_permuta_de_imoveis.pdf", "ementa": "Autoriza o Poder Executivo Municipal a permutar im\u00f3veis, na forma que especifica."}, {"id": "304", "ano": "1985", "numero": "94", "tipo__sigla": "LEI", "tipo__descricao": "Lei Ordin\u00e1ria", "texto_integral": "http://sapl.sarandi.pr.leg.br/media/sapl/public/normajuridica/1985/304/lei_n_94-1985-_permuta_de_imoveis.pdf", "ementa": "Autoriza o Poder Executivo Municipal a permutar im\u00f3veis, na forma que especifica."}, {"id": "303", "ano": "1985", "numero": "93", "tipo__sigla": "LEI", "tipo__descricao": "Lei Ordin\u00e1ria", "texto_integral": "http://sapl.sarandi.pr.leg.br/media/sapl/public/normajuridica/1985/303/lei_n_93-1985-_permuta_de_imoveis.pdf", "ementa": "Autoriza o Poder Executivo Municipal a permutar im\u00f3veis, na forma que especifica."}, {"id": "302", "ano": "1985", "numero": "92", "tipo__sigla": "LEI", "tipo__descricao": "Lei Ordin\u00e1ria", "texto_integral": "http://sapl.sarandi.pr.leg.br/media/sapl/public/normajuridica/1985/302/lei_n_92-1985-__permuta_de_imoveis.pdf", "ementa": "Autoriza o Poder Executivo Municipal a permutar im\u00f3veis, na forma que especifica."}, {"id": "301", "ano": "1985", "numero": "91", "tipo__sigla": "LEI", "tipo__descricao": "Lei Ordin\u00e1ria", "texto_integral": "http://sapl.sarandi.pr.leg.br/media/sapl/public/normajuridica/1985/301/lei_n_91-1985-_permuta_de_imoveis.pdf", "ementa": "Autoriza o Poder Executivo Municipal a permutar im\u00f3veis, na forma que especifica."}, {"id": "249", "ano": "1985", "numero": "90", "tipo__sigla": "LEI", "tipo__descricao": "Lei Ordin\u00e1ria", "texto_integral": "http://sapl.sarandi.pr.leg.br/media/sapl/public/normajuridica/1985/249/lei_n_90-1985-_permuta_de_imoveis.pdf", "ementa": "Autoriza o Poder Executivo Municipal a permutar im\u00f3veis, na forma que especifica."}, {"id": "248", "ano": "1985", "numero": "89", "tipo__sigla": "LEI", "tipo__descricao": "Lei Ordin\u00e1ria", "texto_integral": "http://sapl.sarandi.pr.leg.br/media/sapl/public/normajuridica/1985/248/lei_n_89-1985-_permuta_de_imoveis.pdf", "ementa": "Autoriza o Poder Executivo Municipal a permutar im\u00f3veis, na forma que especifica."}, {"id": "247", "ano": "1985", "numero": "88", "tipo__sigla": "LEI", "tipo__descricao": "Lei Ordin\u00e1ria", "texto_integral": "http://sapl.sarandi.pr.leg.br/media/sapl/public/normajuridica/1985/247/lei_n_88-1985-_permuta_de_imoveis.pdf", "ementa": "Autoriza o Poder Executivo Municipal a permutar im\u00f3veis, na forma que especifica."}, {"id": "246", "ano": "1985", "numero": "87", "tipo__sigla": "LEI", "tipo__descricao": "Lei Ordin\u00e1ria", "texto_integral": "http://sapl.sarandi.pr.leg.br/media/sapl/public/normajuridica/1985/246/lei_n_87-1985-_doacao_de_terreno_clube_dos_40.pdf", "ementa": "Disp\u00f5e sobre a doa\u00e7\u00e3o de terreno ao Clube dos \"40\", desta cidade, na forma que especifica."}, {"id": "245", "ano": "1985", "numero": "86", "tipo__sigla": "LEI", "tipo__descricao": "Lei Ordin\u00e1ria", "texto_integral": "http://sapl.sarandi.pr.leg.br/media/sapl/public/normajuridica/1985/245/lei_n_86-1985-_autoriza_o_poder_executivo_municipl_a_doar_ao_estado_do_parana_uma_area_de_terras_destinadas_a_construcao_de_um_modulo_policial.pdf", "ementa": "Autoriza o Poder Executivo Municipal doar ao Estado do Paran\u00e1, uma \u00c1rea de Terras destinada a Constru\u00e7\u00e3o de um \"M\u00f3dulo Policial\"."}, {"id": "444", "ano": "1985", "numero": "3", "tipo__sigla": "DL", "tipo__descricao": "Decreto Legislativo", "texto_integral": "http://sapl.sarandi.pr.leg.br/media/./sapl/public/normajuridica/1985/444/444_texto_integral.pdf", "ementa": "Declara o Recesso Legislativo."}, {"id": "244", "ano": "1985", "numero": "85", "tipo__sigla": "LEI", "tipo__descricao": "Lei Ordin\u00e1ria", "texto_integral": "http://sapl.sarandi.pr.leg.br/media/sapl/public/normajuridica/1985/244/lei_n_85-1985-_da_nova_redacao_a_lei_municipal_n_45-1984.pdf", "ementa": "D\u00e1 Nova Reda\u00e7\u00e3o a Lei Municipal n\u00b0 45/84, de 16/10/1984, que trata da institui\u00e7\u00e3o de normas para a Divis\u00e3o de Servi\u00e7o de \u00c1gua e d\u00e1 outras provid\u00eancias."}, {"id": "243", "ano": "1985", "numero": "84", "tipo__sigla": "LEI", "tipo__descricao": "Lei Ordin\u00e1ria", "texto_integral": "http://sapl.sarandi.pr.leg.br/media/sapl/public/normajuridica/1985/243/lei_n_84-1985-_doacao_a_companhia_paranaense_de_energia-_copel.pdf", "ementa": "Doar Material, equipamentos e M\u00e3o-de-obra \u00e0 Companhia Paranaense de Energia El\u00e9trica \u2014 COPEL, na forma que especifica."}, {"id": "262", "ano": "1985", "numero": "9", "tipo__sigla": "POR", "tipo__descricao": "Portaria", "texto_integral": "http://sapl.sarandi.pr.leg.br/media/./sapl/public/normajuridica/1985/262/262_texto_integral.pdf", "ementa": "REFERENTE A NOMEA\u00c7\u00c3O DE VEREADOR PARA COMPOR COMISS\u00c3O PERMANENTE DE FINAN\u00c7AS E OR\u00c7AMENTO."}, {"id": "261", "ano": "1985", "numero": "8", "tipo__sigla": "POR", "tipo__descricao": "Portaria", "texto_integral": "http://sapl.sarandi.pr.leg.br/media/./sapl/public/normajuridica/1985/261/261_texto_integral.pdf", "ementa": "REFERENTE \u00c0 DESTITUI\u00c7\u00c3O DE MEMBRO DA COMISS\u00c3O PERMANENTE DE FINAN\u00c7AS E OR\u00c7AMENTO."}, {"id": "242", "ano": "1985", "numero": "83", "tipo__sigla": "LEI", "tipo__descricao": "Lei Ordin\u00e1ria", "texto_integral": "http://sapl.sarandi.pr.leg.br/media/sapl/public/normajuridica/1985/242/lei_n_83-1985-_permuta_de_areas_de_terras_do_municipio.pdf", "ementa": "Autoriza o Poder Executivo Municipal \u00e0 Permutar \u00c1rea de Terras do Munic\u00edpio, na forma que especifica."}, {"id": "241", "ano": "1985", "numero": "82", "tipo__sigla": "LEI", "tipo__descricao": "Lei Ordin\u00e1ria", "texto_integral": "http://sapl.sarandi.pr.leg.br/media/sapl/public/normajuridica/1985/241/lei_n_82-1985-_altera_simbolo_da_lei_municipal_n_03-83.pdf", "ementa": "Altera S\u00edmbolo da Lei Municipal n\u00b0 03/83- de 02/02/83 na forma que especifica."}, {"id": "240", "ano": "1985", "numero": "81", "tipo__sigla": "LEI", "tipo__descricao": "Lei Ordin\u00e1ria", "texto_integral": "http://sapl.sarandi.pr.leg.br/media/sapl/public/normajuridica/1985/240/lei_n_81-1985-_regime_tributario_de_microempresas.pdf", "ementa": "Disp\u00f5e sobre o Regime Tribut\u00e1rio da Micro-Empresa e d\u00e1 outras provid\u00eancias."}, {"id": "412", "ano": "1985", "numero": "4", "tipo__sigla": "RES", "tipo__descricao": "Resolu\u00e7\u00e3o", "texto_integral": "http://sapl.sarandi.pr.leg.br/media/./sapl/public/normajuridica/1985/412/412_texto_integral.pdf", "ementa": "Revogar a Resolu\u00e7\u00e3o n\u00b0 05/83, que institui a \"Tribuna Livre\" na C\u00e2mara Municipal de Sarandi."}, {"id": "443", "ano": "1985", "numero": "2", "tipo__sigla": "DL", "tipo__descricao": "Decreto Legislativo", "texto_integral": "http://sapl.sarandi.pr.leg.br/media/./sapl/public/normajuridica/1985/443/443_texto_integral.pdf", "ementa": "Aprova as contas do Poder Executivo e Legislativo Municipais de Sarandi, Exerc\u00edcio de 1983."}, {"id": "239", "ano": "1985", "numero": "80", "tipo__sigla": "LEI", "tipo__descricao": "Lei Ordin\u00e1ria", "texto_integral": "http://sapl.sarandi.pr.leg.br/media/sapl/public/normajuridica/1985/239/lei_n_80-1985-_denominacao_de_orlando_pedrinho_cancha_de_esportes_do_jardim_panorama.pdf", "ementa": "Autoriza o Poder Executivo Municipal a denominar de \"Orlando Pedrinho\", a Cancha de Esportes do Jardim Panorama."}, {"id": "238", "ano": "1985", "numero": "79", "tipo__sigla": "LEI", "tipo__descricao": "Lei Ordin\u00e1ria", "texto_integral": "http://sapl.sarandi.pr.leg.br/media/sapl/public/normajuridica/1985/238/lei_n_79-1985-_cria_autarquia_municipal_deservicos_publicos.pdf", "ementa": "Cria neste Munic\u00edpio a Autarquia Municipal de Servi\u00e7os P\u00fablicos e d\u00e1 outras provid\u00eancias."}, {"id": "237", "ano": "1985", "numero": "78", "tipo__sigla": "LEI", "tipo__descricao": "Lei Ordin\u00e1ria", "texto_integral": "http://sapl.sarandi.pr.leg.br/media/sapl/public/normajuridica/1985/237/lei_n_78-1985-_doacao_de_area_de_terras_mitra_diocesana.pdf", "ementa": "Autoriza o Poder Executivo Municipal a Doar uma \u00e1rea de terras medindo 3.246, 25m2, \u00e0 Mitra Diocesana da Arquidiocese de Maring\u00e1, para fins Educativos, Culturais e Religiosos."}, {"id": "236", "ano": "1985", "numero": "77", "tipo__sigla": "LEI", "tipo__descricao": "Lei Ordin\u00e1ria", "texto_integral": "http://sapl.sarandi.pr.leg.br/media/sapl/public/normajuridica/1985/236/lei_n_77-1985-_permuta_de_imoveis.pdf", "ementa": "Autoriza o Poder Executivo Municipal a permutar im\u00f3veis para os fins que especifica."}, {"id": "235", "ano": "1985", "numero": "76", "tipo__sigla": "LEI", "tipo__descricao": "Lei Ordin\u00e1ria", "texto_integral": "http://sapl.sarandi.pr.leg.br/media/sapl/public/normajuridica/1985/235/lei_n_76-1985-_instalacao_de_forca_e_luz_na_rua_princesa_isabel.pdf", "ementa": "Doa Material \u2014 equipamentos e M\u00e3o-de-obra aplicados na instala\u00e7\u00e3o de for\u00e7a e Luz na Rua Princesa Izabel, Jardim Independ\u00eancia, quadras 68 e 69 \u2014 nesta cidade, na forma que especifica."}, {"id": "233", "ano": "1985", "numero": "75", "tipo__sigla": "LEI", "tipo__descricao": "Lei Ordin\u00e1ria", "texto_integral": "http://sapl.sarandi.pr.leg.br/media/sapl/public/normajuridica/1985/233/lei_n_75-1985-_termo_de_acordo_n_01-85-_firmas_construtora_vicky_ltda.pdf", "ementa": "Aprova o Termo de Acordo n\u00b0 01/85, com as firmas \"Construtora Vicky Ltda. e Imobili\u00e1ria Sol\" da cidade de Maring\u00e1, na forma que especifica."}, {"id": "234", "ano": "1985", "numero": "74", "tipo__sigla": "LEI", "tipo__descricao": "Lei Ordin\u00e1ria", "texto_integral": "http://sapl.sarandi.pr.leg.br/media/sapl/public/normajuridica/1985/234/lei_n_74-1985-_recolhimento_da_taxa_de_iluminacao.pdf", "ementa": "Autoriza o Poder Executivo Municipal Dispensar Recolhimento da Taxa de Ilumina\u00e7\u00e3o P\u00fablica no Jardim Nova Independ\u00eancia 1 e 2 Parte."}, {"id": "260", "ano": "1985", "numero": "7", "tipo__sigla": "POR", "tipo__descricao": "Portaria", "texto_integral": "http://sapl.sarandi.pr.leg.br/media/./sapl/public/normajuridica/1985/260/260_texto_integral.pdf", "ementa": "REFERENTE \u00c0 COMPOSI\u00c7\u00c3O DE COMISS\u00c3O LICITANTE."}, {"id": "232", "ano": "1985", "numero": "73", "tipo__sigla": "LEI", "tipo__descricao": "Lei Ordin\u00e1ria", "texto_integral": "http://sapl.sarandi.pr.leg.br/media/sapl/public/normajuridica/1985/232/lei_n_73-1985-_conservacao_dos_leitos_e_faixas_do_dominio_das_estradas.pdf", "ementa": "Disp\u00f5e sobre a conserva\u00e7\u00e3o dos leitos e Faixas de dom\u00ednio das estradas, rodovias e caminhos integrantes do Sistema Vi\u00e1rio Municipal."}, {"id": "231", "ano": "1985", "numero": "72", "tipo__sigla": "LEI", "tipo__descricao": "Lei Ordin\u00e1ria", "texto_integral": "http://sapl.sarandi.pr.leg.br/media/sapl/public/normajuridica/1985/231/lei_n_72-1985-_autoriza_programa_de_microbacia_de_conservacao_dos_solos.pdf", "ementa": "Autoriza o Poder Executivo Municipal a participar do Programa da Microbacia de Conserva\u00e7\u00e3o de Solos e d\u00e1 outras provid\u00eancias."}, {"id": "230", "ano": "1985", "numero": "71", "tipo__sigla": "LEI", "tipo__descricao": "Lei Ordin\u00e1ria", "texto_integral": "http://sapl.sarandi.pr.leg.br/media/sapl/public/normajuridica/1985/230/lei_n_71-1985-_cria_ponto_de_automoveis_de_alugueis_na_estacao_rodoviaria_de_sarandi.pdf", "ementa": "Cria Ponto de Autom\u00f3veis de Alugu\u00e9is na Esta\u00e7\u00e3o Rodovi\u00e1ria de Sarandi e d\u00e1 outras provid\u00eancias."}, {"id": "259", "ano": "1985", "numero": "6", "tipo__sigla": "POR", "tipo__descricao": "Portaria", "texto_integral": "http://sapl.sarandi.pr.leg.br/media/./sapl/public/normajuridica/1985/259/259_texto_integral.pdf", "ementa": "REFERENTE A ABONO DE P\u00c1SCOA AOS SERVIDORES."}, {"id": "229", "ano": "1985", "numero": "70", "tipo__sigla": "LEI", "tipo__descricao": "Lei Ordin\u00e1ria", "texto_integral": "http://sapl.sarandi.pr.leg.br/media/sapl/public/normajuridica/1985/229/lei_n_70-1985-nova_redacao_do_art_66_da_lei_n_77-83.pdf", "ementa": "D\u00e1 Nova Reda\u00e7\u00e3o ao artigo 66\u00b0 da Lei Municipal n\u00b0 77/85 de 03/11/83, como especifica."}, {"id": "228", "ano": "1985", "numero": "69", "tipo__sigla": "LEI", "tipo__descricao": "Lei Ordin\u00e1ria", "texto_integral": "http://sapl.sarandi.pr.leg.br/media/sapl/public/normajuridica/1985/228/lei_n_69-1985-_abono_de_pascoa_a_servidores.pdf", "ementa": "Concede Abono de P\u00e1scoa \u00e0 Servidores Municipais, na forma que especifica."}, {"id": "258", "ano": "1985", "numero": "5", "tipo__sigla": "POR", "tipo__descricao": "Portaria", "texto_integral": "http://sapl.sarandi.pr.leg.br/media/./sapl/public/normajuridica/1985/258/258_texto_integral.pdf", "ementa": "NOMEA\u00c7\u00c3O DOS MEMBROS DAS COMISS\u00d5ES PERMANENTES."}, {"id": "257", "ano": "1985", "numero": "4", "tipo__sigla": "POR", "tipo__descricao": "Portaria", "texto_integral": "http://sapl.sarandi.pr.leg.br/media/./sapl/public/normajuridica/1985/257/257_texto_integral.pdf", "ementa": "REFERENTE \u00c0 NOMEA\u00c7\u00c3O DE APROVADO EM CONCURSO."}, {"id": "256", "ano": "1985", "numero": "3", "tipo__sigla": "POR", "tipo__descricao": "Portaria", "texto_integral": "http://sapl.sarandi.pr.leg.br/media/./sapl/public/normajuridica/1985/256/256_texto_integral.pdf", "ementa": "REFERENTE \u00c0 HOMOLOGA\u00c7\u00c3O DE CONCURSO."}, {"id": "255", "ano": "1985", "numero": "1", "tipo__sigla": "POR", "tipo__descricao": "Portaria", "texto_integral": "http://sapl.sarandi.pr.leg.br/media/./sapl/public/normajuridica/1985/255/255_texto_integral.pdf", "ementa": "REFERENTE A INSCRI\u00c7\u00d5ES PARA CARGOS VAGOS."}, {"id": "442", "ano": "1985", "numero": "1", "tipo__sigla": "DL", "tipo__descricao": "Decreto Legislativo", "texto_integral": "http://sapl.sarandi.pr.leg.br/media/./sapl/public/normajuridica/1985/442/442_texto_integral.pdf", "ementa": "Altera a reda\u00e7\u00e3o do Art. 30, da Resolu\u00e7\u00e3o n\u00b0 08, de 08 de novembro de 1983."}, {"id": "225", "ano": "1984", "numero": "68", "tipo__sigla": "LEI", "tipo__descricao": "Lei Ordin\u00e1ria", "texto_integral": "http://sapl.sarandi.pr.leg.br/media/sapl/public/normajuridica/1984/225/lei_n_68-1984-_abrir_credito_adicional_suplementar.pdf", "ementa": "Autoriza o Poder Executivo Municipal a abrir cr\u00e9dito adicional suplementar e d\u00e1 outras provid\u00eancias."}, {"id": "224", "ano": "1984", "numero": "67", "tipo__sigla": "LEI", "tipo__descricao": "Lei Ordin\u00e1ria", "texto_integral": "http://sapl.sarandi.pr.leg.br/media/sapl/public/normajuridica/1984/224/lei_n_67-1984-_aquisicao_de_imovel_para_fins_especificos.pdf", "ementa": "Autoriza aquisi\u00e7\u00e3o de im\u00f3vel para fins que especifica."}, {"id": "223", "ano": "1984", "numero": "66", "tipo__sigla": "LEI", "tipo__descricao": "Lei Ordin\u00e1ria", "texto_integral": "http://sapl.sarandi.pr.leg.br/media/sapl/public/normajuridica/1984/223/lei_n_66-1984-_autoriza_o_poder_executivo_municipal_a_firmar_convenio_com_o_b.n.h_para_construcao_de_casas_populares.pdf", "ementa": "Autoriza o Executivo Municipal a firmar conv\u00eanio com o BNH para a constru\u00e7\u00e3o de casas populares pelo \"Projeto Jo\u00e3o de Barro\" e d\u00e1 outras provid\u00eancias."}, {"id": "222", "ano": "1984", "numero": "65", "tipo__sigla": "LEI", "tipo__descricao": "Lei Ordin\u00e1ria", "texto_integral": "http://sapl.sarandi.pr.leg.br/media/sapl/public/normajuridica/1984/222/lei_n_65-1984-_autoriza_o_poder_executivo_municipal_a_construir_uma_praca.pdf", "ementa": "Autoriza o Poder Executivo Municipal a construir uma pra\u00e7a, na forma que especifica."}, {"id": "221", "ano": "1984", "numero": "64", "tipo__sigla": "LEI", "tipo__descricao": "Lei Ordin\u00e1ria", "texto_integral": "http://sapl.sarandi.pr.leg.br/media/sapl/public/normajuridica/1984/221/lei_n_64-1984-_revoga_em_todo_o_seu_teor_a_lei_municipal_n_32-1984_de_27-08-1984.pdf", "ementa": "Revoga em todo o seu teor, a Lei Municipal n\u00b0 32/84 de 27/08/84, na forma que especifica."}, {"id": "220", "ano": "1984", "numero": "63", "tipo__sigla": "LEI", "tipo__descricao": "Lei Ordin\u00e1ria", "texto_integral": "http://sapl.sarandi.pr.leg.br/media/sapl/public/normajuridica/1984/220/lei_n_63-1984-_quadro_de_pessoal_da_camara_municipal.pdf", "ementa": "Disp\u00f5e sobre o quadro de pessoal da C\u00e2mara Municipal de Sarandi, Estado do Paran\u00e1."}, {"id": "219", "ano": "1984", "numero": "62", "tipo__sigla": "LEI", "tipo__descricao": "Lei Ordin\u00e1ria", "texto_integral": "http://sapl.sarandi.pr.leg.br/media/sapl/public/normajuridica/1984/219/lei_n_62-1984-_revoga_a_letra_b_do_artigo_1_da_lei_municipal_n_010-1984.pdf", "ementa": "Revoga a Letra B, do artigo 1\u00ba da Lei Municipal n\u00ba 010/84 de 10.04.84, na forma que especifica."}, {"id": "218", "ano": "1984", "numero": "61", "tipo__sigla": "LEI", "tipo__descricao": "Lei Ordin\u00e1ria", "texto_integral": "http://sapl.sarandi.pr.leg.br/media/sapl/public/normajuridica/1984/218/lei_n_61-1984-_concede_anistia_fiscal_a_contribuintes.pdf", "ementa": "Concede anistia fiscal a contribuintes, na forma que especifica."}, {"id": "226", "ano": "1984", "numero": "60", "tipo__sigla": "LEI", "tipo__descricao": "Lei Ordin\u00e1ria", "texto_integral": "http://sapl.sarandi.pr.leg.br/media/sapl/public/normajuridica/1984/226/lei_n_60-1984-_cria_taxa_anual_de_vistoria_de_seguranca_contra_incendio.pdf", "ementa": "Cria a Taxa Anual de Vistoria de Seguran\u00e7a Contra Inc\u00eandio (Preven\u00e7\u00e3o) a incidir sobre estabelecimentos comerciais, industriais, prestadores de servi\u00e7os e edif\u00edcios em geral com mais de tr\u00eas pavimentos e d\u00e1 outras provid\u00eancias."}, {"id": "217", "ano": "1984", "numero": "59", "tipo__sigla": "LEI", "tipo__descricao": "Lei Ordin\u00e1ria", "texto_integral": "http://sapl.sarandi.pr.leg.br/media/sapl/public/normajuridica/1984/217/lei_n_59-1984-_cria_a_taxa_de_combate_a_incendio_a_ser_cobrada_sobre_os_servicos_decorrentes_da_utilizacao_da_vigilancia.pdf", "ementa": "Cria a Taxa de Combate a inc\u00eandio a ser cobrada sobre os servi\u00e7os decorrentes da utiliza\u00e7\u00e3o da vigil\u00e2ncia e preven\u00e7\u00e3o de inc\u00eandio e d\u00e1 outras provid\u00eancias."}, {"id": "216", "ano": "1984", "numero": "58", "tipo__sigla": "LEI", "tipo__descricao": "Lei Ordin\u00e1ria", "texto_integral": "http://sapl.sarandi.pr.leg.br/media/sapl/public/normajuridica/1984/216/lei_n_58-1984-_destacamento_do_corpo_de_bombeiros_da_policia_militar_do_parana.pdf", "ementa": "Cria o Fundo Municipal de Reequipamento do Destacamento do Corpo de Bombeiros da Pol\u00edcia Militar do Estado do Paran\u00e1 e d\u00e1 outras provid\u00eancias."}, {"id": "215", "ano": "1984", "numero": "57", "tipo__sigla": "LEI", "tipo__descricao": "Lei Ordin\u00e1ria", "texto_integral": "http://sapl.sarandi.pr.leg.br/media/sapl/public/normajuridica/1984/215/lei_n_57-1984-_cria_o_plano_de_concessao_de_auxilio_a_estudantes_carentes_do_municipio_de_sarandi.pdf", "ementa": "Cria\u00e7\u00e3o do Plano de Concess\u00e3o de Aux\u00edlio a estudantes carentes do munic\u00edpio de Sarandi, denominado \"Aux\u00edlio a Estudantes\"."}, {"id": "214", "ano": "1984", "numero": "56", "tipo__sigla": "LEI", "tipo__descricao": "Lei Ordin\u00e1ria", "texto_integral": "http://sapl.sarandi.pr.leg.br/media/sapl/public/normajuridica/1984/214/lei_n_56-1984-_modifica_denominacao_de_estabelecimento_de_ensino.pdf", "ementa": "Modifica denomina\u00e7\u00e3o de estabelecimento de ensino."}, {"id": "213", "ano": "1984", "numero": "55", "tipo__sigla": "LEI", "tipo__descricao": "Lei Ordin\u00e1ria", "texto_integral": "http://sapl.sarandi.pr.leg.br/media/sapl/public/normajuridica/1984/213/lei_n_55-1984-_dispoe_sobre_a_ampliacao_do_perimetro_urbano.pdf", "ementa": "Disp\u00f5e sobre a amplia\u00e7\u00e3o do per\u00edmetro urbano."}, {"id": "212", "ano": "1984", "numero": "54", "tipo__sigla": "LEI", "tipo__descricao": "Lei Ordin\u00e1ria", "texto_integral": "http://sapl.sarandi.pr.leg.br/media/sapl/public/normajuridica/1984/212/lei_n_54-1984-_acrescenta_incise_ao_art._24_da_lei_municipal_n_077.pdf", "ementa": "Acrescenta inciso ao art. 24 da Lei Municipal n\u00ba 77, de 26/10/1983, e d\u00e1 outras provid\u00eancias."}, {"id": "211", "ano": "1984", "numero": "53", "tipo__sigla": "LEI", "tipo__descricao": "Lei Ordin\u00e1ria", "texto_integral": "http://sapl.sarandi.pr.leg.br/media/sapl/public/normajuridica/1984/211/lei_n_53-1984-_autoriza_o_poder_executivo_a_doar_terreno_a_firma_fabrica_de_estofados.pdf", "ementa": "Autoriza o Poder Executivo Municipal a doar terreno \u00e0 firma F\u00e1brica de Estofados Blutehgen Ltda., para fins industriais, na forma que especifica."}, {"id": "441", "ano": "1984", "numero": "14", "tipo__sigla": "DL", "tipo__descricao": "Decreto Legislativo", "texto_integral": "http://sapl.sarandi.pr.leg.br/media/./sapl/public/normajuridica/1984/441/441_texto_integral.pdf", "ementa": "Decreta o Recesso Legislativo."}, {"id": "209", "ano": "1984", "numero": "51", "tipo__sigla": "LEI", "tipo__descricao": "Lei Ordin\u00e1ria", "texto_integral": "http://sapl.sarandi.pr.leg.br/media/sapl/public/normajuridica/1984/209/lei_n_51-1984-_dispoe_sobre_loteamentos_desembramentos_e_arruamentos_no_municipio_de_sarandi.pdf", "ementa": "Disp\u00f5e sobre loteamentos, desmembramentos, remembramentos e arruamentos no munic\u00edpio de Sarandi e d\u00e1 outras provid\u00eancias."}, {"id": "208", "ano": "1984", "numero": "50", "tipo__sigla": "LEI", "tipo__descricao": "Lei Ordin\u00e1ria", "texto_integral": "http://sapl.sarandi.pr.leg.br/media/sapl/public/normajuridica/1984/208/lei_n_50-1984-_firmar_convenio_com_o_estado_do_parana.pdf", "ementa": "Autoriza o Chefe do Poder Executivo Municipal a firmar conv\u00eanio com o Estado do Paran\u00e1 e d\u00e1 outras provid\u00eancias."}, {"id": "207", "ano": "1984", "numero": "49", "tipo__sigla": "LEI", "tipo__descricao": "Lei Ordin\u00e1ria", "texto_integral": "http://sapl.sarandi.pr.leg.br/media/sapl/public/normajuridica/1984/207/lei_n_49-1984-_institui_o_plano_de_micro-areas_hortigranjeiras_e_da_outras_providencias.pdf", "ementa": "Institui o Plano de micro \u00e1reas hortigranjeiras e d\u00e1 outras provid\u00eancias."}, {"id": "206", "ano": "1984", "numero": "48", "tipo__sigla": "LEI", "tipo__descricao": "Lei Ordin\u00e1ria", "texto_integral": "http://sapl.sarandi.pr.leg.br/media/sapl/public/normajuridica/1984/206/lei_n_48-1984-_formas_de_apresentacao_dos_simbolos_do_municipio_de_sarandi.pdf", "ementa": "Disp\u00f5e sobre as formas e a apresenta\u00e7\u00e3o dos s\u00edmbolos do munic\u00edpio de Sarandi e d\u00e1 outras provid\u00eancias."}, {"id": "205", "ano": "1984", "numero": "47", "tipo__sigla": "LEI", "tipo__descricao": "Lei Ordin\u00e1ria", "texto_integral": "http://sapl.sarandi.pr.leg.br/media/sapl/public/normajuridica/1984/205/lei_n_47-1984-_doar_terreno_para_fins_industriais.pdf", "ementa": "Autoriza o Poder Executivo Municipal a doar terreno para fins industriais, na forma que especifica."}, {"id": "204", "ano": "1984", "numero": "46", "tipo__sigla": "LEI", "tipo__descricao": "Lei Ordin\u00e1ria", "texto_integral": "http://sapl.sarandi.pr.leg.br/media/sapl/public/normajuridica/1984/204/lei_n_46-1984-_considere_e_declara_de_utilidade_publica_entidade_local.pdf", "ementa": "Considera e declara de utilidade p\u00fablica entidade local na forma que especifica."}, {"id": "203", "ano": "1984", "numero": "45", "tipo__sigla": "LEI", "tipo__descricao": "Lei Ordin\u00e1ria", "texto_integral": "http://sapl.sarandi.pr.leg.br/media/sapl/public/normajuridica/1984/203/lei_n_45-1984-_institui_normas_para_a_divisao_de_servicos_de_agua.pdf", "ementa": "Institui normas para a divis\u00e3o de Servi\u00e7o de \u00c1gua e d\u00e1 outras provid\u00eancias."}, {"id": "202", "ano": "1984", "numero": "44", "tipo__sigla": "LEI", "tipo__descricao": "Lei Ordin\u00e1ria", "texto_integral": "http://sapl.sarandi.pr.leg.br/media/sapl/public/normajuridica/1984/202/lei_n_44-1984-_autoriza_o_poder_executivo_municipal_a_denominar_de_estrada_mauro_trindade_a_atual_estrada_vicinal.pdf", "ementa": "Autoriza o Poder Executivo Municipal a denominar de Estrada Mauro Trindade a atual estrada vicinal que nasce no final da Avenida Rui Barbosa e termina na Estrada Santa F\u00e9."}, {"id": "201", "ano": "1984", "numero": "43", "tipo__sigla": "LEI", "tipo__descricao": "Lei Ordin\u00e1ria", "texto_integral": "http://sapl.sarandi.pr.leg.br/media/sapl/public/normajuridica/1984/201/lei_n_43-1984-_acrescenta_as_letras_e_e_f_ao_artigo_1_da_lei_n_013-1983.pdf", "ementa": "Acrescenta as letras \"e\" e \"f\" ao artigo 1\u00ba da Lei Municipal n\u00ba 13/83."}, {"id": "200", "ano": "1984", "numero": "42", "tipo__sigla": "LEI", "tipo__descricao": "Lei Ordin\u00e1ria", "texto_integral": "http://sapl.sarandi.pr.leg.br/media/sapl/public/normajuridica/1984/200/lei_n_42-1984-_autoriza_o_poder_executivo_municipal__a_assinar_convenio_com_a_associacao_de_credito.pdf", "ementa": "Autoriza o Poder Executivo Municipal a assinar conv\u00eanio com a Associa\u00e7\u00e3o de Cr\u00e9dito e Assist\u00eancia Rural do Paran\u00e1 ACARPA, e d\u00e1 outras provid\u00eancias."}, {"id": "120", "ano": "1984", "numero": "41", "tipo__sigla": "LEI", "tipo__descricao": "Lei Ordin\u00e1ria", "texto_integral": "http://sapl.sarandi.pr.leg.br/media/sapl/public/normajuridica/1984/120/lei_n_41-1984-_acrescenta_item_no_codico_tributario_municipio_lei_n_077-1983.pdf", "ementa": "Acrescenta item ao C\u00f3digo Tribut\u00e1rio Municipal (Lei n\u00ba 77, de 1/12/83)."}, {"id": "198", "ano": "1984", "numero": "40", "tipo__sigla": "LEI", "tipo__descricao": "Lei Ordin\u00e1ria", "texto_integral": "http://sapl.sarandi.pr.leg.br/media/sapl/public/normajuridica/1984/198/lei_n_40-1984-_dispoe_sobre_a_colocacao_de_numeros_nas_casas_e_placas_indicativas_com_os_nomes_das_respectivas_ruas.pdf", "ementa": "Coloca\u00e7\u00e3o de n\u00fameros nas casas e placas indicativas com os nomes das respectivas ruas do Parque Alvamar."}, {"id": "197", "ano": "1984", "numero": "39", "tipo__sigla": "LEI", "tipo__descricao": "Lei Ordin\u00e1ria", "texto_integral": "http://sapl.sarandi.pr.leg.br/media/sapl/public/normajuridica/1984/197/lei_n_39-1984-_autoriza_o_poder_executivo_municipal_a_vneder_imoveis_de_propriedades_municipal.pdf", "ementa": "Autoriza o Poder Executivo Municipal a vender im\u00f3veis de propriedade municipal."}, {"id": "196", "ano": "1984", "numero": "38", "tipo__sigla": "LEI", "tipo__descricao": "Lei Ordin\u00e1ria", "texto_integral": "http://sapl.sarandi.pr.leg.br/media/sapl/public/normajuridica/1984/196/lei_n_38-1984-_institui_penalidades-_issqn-_taxa_de_licenca.pdf", "ementa": "Institui penalidades - ISSQN - Taxa de Licen\u00e7a, na forma que especifica."}, {"id": "227", "ano": "1984", "numero": "52", "tipo__sigla": "LEI", "tipo__descricao": "Lei Ordin\u00e1ria", "texto_integral": "http://sapl.sarandi.pr.leg.br/media/sapl/public/normajuridica/1984/227/lei_n_52-1984-_estuna_receita_a_fixa_a_desepesa_do_municipio_para_o_exercio_de_1985.pdf", "ementa": "Estima a receita e fixa a despesa do munic\u00edpio de Sarandi para o exerc\u00edcio de 1985."}, {"id": "195", "ano": "1984", "numero": "37", "tipo__sigla": "LEI", "tipo__descricao": "Lei Ordin\u00e1ria", "texto_integral": "http://sapl.sarandi.pr.leg.br/media/sapl/public/normajuridica/1984/195/lei_n_37-1984-_autoriza_o_poder_executivo_municipal_a_vender_veiculo_publico.pdf", "ementa": "Autoriza o Poder Executivo Municipal a vender ve\u00edculo p\u00fablico, na forma que especifica."}, {"id": "194", "ano": "1984", "numero": "36", "tipo__sigla": "LEI", "tipo__descricao": "Lei Ordin\u00e1ria", "texto_integral": "http://sapl.sarandi.pr.leg.br/media/sapl/public/normajuridica/1984/194/lei_n_36-1984-_autoriza_adquirir_imovel_urbano_para_fins_de_doacao.pdf", "ementa": "Autoriza adquirir im\u00f3vel urbano para fins de doa\u00e7\u00e3o, na forma que especifica."}, {"id": "192", "ano": "1984", "numero": "35", "tipo__sigla": "LEI", "tipo__descricao": "Lei Ordin\u00e1ria", "texto_integral": "http://sapl.sarandi.pr.leg.br/media/sapl/public/normajuridica/1984/192/lei_n_35-1984-_autoriza_o_poder_executivo_municipal_a_desafetar_area_de_terra_urbana.pdf", "ementa": "Autoriza o Poder Executivo Municipal a Desafetar \u00e1rea de terras urbana na forma que especifica."}, {"id": "191", "ano": "1984", "numero": "34", "tipo__sigla": "LEI", "tipo__descricao": "Lei Ordin\u00e1ria", "texto_integral": "http://sapl.sarandi.pr.leg.br/media/sapl/public/normajuridica/1984/191/lei_n_34-1984-_autoriza_o_poder_executivo_municipal_a_colocar_meios-fiosguias_e_sagetas.pdf", "ementa": "Autoriza o Poder Executivo Municipal a colocar meio-fio, guias de sarjetas e servi\u00e7o de compacta\u00e7\u00e3o na Avenida Londrina e na Rua Castro Alves, na forma que especifica."}, {"id": "190", "ano": "1984", "numero": "33", "tipo__sigla": "LEI", "tipo__descricao": "Lei Ordin\u00e1ria", "texto_integral": "http://sapl.sarandi.pr.leg.br/media/sapl/public/normajuridica/1984/190/lei_n_33-1984-_autoriza_a_doacao_de_terreno_para_fins_industriais.pdf", "ementa": "Autoriza a doa\u00e7\u00e3o de terreno para fins industriais."}, {"id": "189", "ano": "1984", "numero": "32", "tipo__sigla": "LEI", "tipo__descricao": "Lei Ordin\u00e1ria", "texto_integral": "http://sapl.sarandi.pr.leg.br/media/sapl/public/normajuridica/1984/189/lei_n_32-1984-_autoriza_a_doacao_de_terreno_para_fins_industriais.pdf", "ementa": "Autoriza a doa\u00e7\u00e3o de terreno para fins industriais na forma que especifica."}, {"id": "254", "ano": "1984", "numero": "4", "tipo__sigla": "POR", "tipo__descricao": "Portaria", "texto_integral": "http://sapl.sarandi.pr.leg.br/media/./sapl/public/normajuridica/1984/254/254_texto_integral.pdf", "ementa": "CONSTITUI COMISS\u00c3O PROVIS\u00d3RIA REFERENTE \u00c0 COMPRA DE VE\u00cdCULO."}, {"id": "188", "ano": "1984", "numero": "31", "tipo__sigla": "LEI", "tipo__descricao": "Lei Ordin\u00e1ria", "texto_integral": "http://sapl.sarandi.pr.leg.br/media/sapl/public/normajuridica/1984/188/lei_n_31-1984-_dispoe_sobre_a_doacao_de_numerario_a_industria_local.pdf", "ementa": "Disp\u00f5e sobre a doa\u00e7\u00e3o de numer\u00e1rio \u00e0 ind\u00fastria local, na forma que especifica."}, {"id": "185", "ano": "1984", "numero": "29", "tipo__sigla": "LEI", "tipo__descricao": "Lei Ordin\u00e1ria", "texto_integral": "http://sapl.sarandi.pr.leg.br/media/sapl/public/normajuridica/1984/185/lei_n_29-1984-_adquirir_area_de_terreno_no_perimetro_urbano_para_construcao_de_estacao_rodoviaria.pdf", "ementa": "Autoriza o Poder Executivo Municipal a adquirir \u00e1rea de terreno no per\u00edmetro urbano para constru\u00e7\u00e3o da Esta\u00e7\u00e3o Rodovi\u00e1ria Municipal, na forma que especifica."}, {"id": "184", "ano": "1984", "numero": "28", "tipo__sigla": "LEI", "tipo__descricao": "Lei Ordin\u00e1ria", "texto_integral": "http://sapl.sarandi.pr.leg.br/media/sapl/public/normajuridica/1984/184/lei_n_28-1984-_desafetar_parte_de_via_publica_urbana.pdf", "ementa": "Autoriza o Poder Executivo Municipal a desafetar parte da via p\u00fablica urbana na forma que especifica."}, {"id": "183", "ano": "1984", "numero": "27", "tipo__sigla": "LEI", "tipo__descricao": "Lei Ordin\u00e1ria", "texto_integral": "http://sapl.sarandi.pr.leg.br/media/sapl/public/normajuridica/1984/183/lei_n_27-1984-_cria_o_conselho_comunitario_de_saude_e_bem-estar.pdf", "ementa": "Cria o Conselho Municipal de Sa\u00fade e Bem Estar Social - CONSABES."}, {"id": "182", "ano": "1984", "numero": "26", "tipo__sigla": "LEI", "tipo__descricao": "Lei Ordin\u00e1ria", "texto_integral": "http://sapl.sarandi.pr.leg.br/media/sapl/public/normajuridica/1984/182/lei_n_26-1984-_altera_o_anexo_ii_da_lei_municipal_n_03-1983.pdf", "ementa": "Altera o anexo II da Lei Municipal n\u00ba 3/83."}, {"id": "186", "ano": "1984", "numero": "30", "tipo__sigla": "LEI", "tipo__descricao": "Lei Ordin\u00e1ria", "texto_integral": "http://sapl.sarandi.pr.leg.br/media/sapl/public/normajuridica/1984/186/lei_n_30-1984-_institui_o_codigo_de_obras_e_disciplina_a_sua_aplicacao.pdf", "ementa": "Institui o C\u00f3digo de Obras e disciplina a sua aplica\u00e7\u00e3o."}, {"id": "439", "ano": "1984", "numero": "2", "tipo__sigla": "DL", "tipo__descricao": "Decreto Legislativo", "texto_integral": "http://sapl.sarandi.pr.leg.br/media/./sapl/public/normajuridica/1984/439/439_texto_integral.pdf", "ementa": "Decreta o Recesso Legislativo."}, {"id": "181", "ano": "1984", "numero": "25", "tipo__sigla": "LEI", "tipo__descricao": "Lei Ordin\u00e1ria", "texto_integral": "http://sapl.sarandi.pr.leg.br/media/sapl/public/normajuridica/1984/181/lei_n_25-1984-_dispoe_sobre_a_taxa_de_pavimentacao_e_obras_complementares.pdf", "ementa": "Disp\u00f5e sobre a Taxa de Pavimenta\u00e7\u00e3o e Obras complementares, e d\u00e1 outras provid\u00eancias."}, {"id": "180", "ano": "1984", "numero": "24", "tipo__sigla": "LEI", "tipo__descricao": "Lei Ordin\u00e1ria", "texto_integral": "http://sapl.sarandi.pr.leg.br/media/sapl/public/normajuridica/1984/180/lei_n_24-1984-_contratar_operacao_de_credito_com_o_banco_do_estado_do_parana_s.a_para_obras_e_servicos.pdf", "ementa": "Autoriza o Chefe do Executivo Municipal a contratar opera\u00e7\u00e3o de cr\u00e9dito com o Banco do Estado do Paran\u00e1 S/A. para a execu\u00e7\u00e3o das obras e servi\u00e7os integrantes do PRAM - Programa de A\u00e7\u00e3o Municipal."}, {"id": "179", "ano": "1984", "numero": "23", "tipo__sigla": "LEI", "tipo__descricao": "Lei Ordin\u00e1ria", "texto_integral": "http://sapl.sarandi.pr.leg.br/media/sapl/public/normajuridica/1984/179/lei_n_23-1984-_autoriza_o_poder_executivo_municipal_a_abrir_um_credito_aidiconal.pdf", "ementa": "Autoriza o Poder Executivo Municipal a abrir um cr\u00e9dito adicional especial."}, {"id": "178", "ano": "1984", "numero": "22", "tipo__sigla": "LEI", "tipo__descricao": "Lei Ordin\u00e1ria", "texto_integral": "http://sapl.sarandi.pr.leg.br/media/sapl/public/normajuridica/1984/178/lei_n_22-1984-_da_denominacao_as_duas_vias_laterais_a_br_376.pdf", "ementa": "D\u00e1 denomina\u00e7\u00e3o \u00e0s duas vias laterais da BR-376, na forma que especifica."}, {"id": "177", "ano": "1984", "numero": "21", "tipo__sigla": "LEI", "tipo__descricao": "Lei Ordin\u00e1ria", "texto_integral": "http://sapl.sarandi.pr.leg.br/media/sapl/public/normajuridica/1984/177/lei_n_21-1984-_repassar_recursos_financeiros_ao_conselho_comunitario_de_seguranca.pdf", "ementa": "Autoriza o Poder Executivo Municipal a repassar recursos financeiros ao Conselho Comunit\u00e1rio de Seguran\u00e7a deste munic\u00edpio e d\u00e1 outras provid\u00eancias."}, {"id": "176", "ano": "1984", "numero": "20", "tipo__sigla": "LEI", "tipo__descricao": "Lei Ordin\u00e1ria", "texto_integral": "http://sapl.sarandi.pr.leg.br/media/sapl/public/normajuridica/1984/176/lei_n_020-1984-_doar_terreno_ao_estado_do_parana.pdf", "ementa": "Autoriza o Poder Executivo Municipal a doar terreno ao Estado do Paran\u00e1 para a constru\u00e7\u00e3o de pr\u00e9dio destinado \u00e0 Delegacia de Pol\u00edcia e Cadeia P\u00fablica."}, {"id": "174", "ano": "1984", "numero": "19", "tipo__sigla": "LEI", "tipo__descricao": "Lei Ordin\u00e1ria", "texto_integral": "http://sapl.sarandi.pr.leg.br/media/sapl/public/normajuridica/1984/174/lei_n_019-1984-celebrar_convenio_com_o_estado_do_parana.pdf", "ementa": "Autoriza o Chefe do Executivo Municipal a celebrar conv\u00eanio com o Estado do Paran\u00e1 para execu\u00e7\u00e3o do PRAM - Programa de A\u00e7\u00e3o Municipal."}, {"id": "253", "ano": "1984", "numero": "1", "tipo__sigla": "POR", "tipo__descricao": "Portaria", "texto_integral": "http://sapl.sarandi.pr.leg.br/media/./sapl/public/normajuridica/1984/253/253_texto_integral.pdf", "ementa": "APROVA REQUERIMENTO DO VEREADOR AL\u00c9CIO PAGLIOTTO NA FORMA QUE ESPECIFICA."}, {"id": "173", "ano": "1984", "numero": "18", "tipo__sigla": "LEI", "tipo__descricao": "Lei Ordin\u00e1ria", "texto_integral": "http://sapl.sarandi.pr.leg.br/media/sapl/public/normajuridica/1984/173/lei_n_018-1984-_firmar_convenio_com_a_fundacao_de_saude_de_caetano_munhoz_da_rocha.pdf", "ementa": "Autoriza o Poder Executivo Municipal a firmar conv\u00eanio com a Funda\u00e7\u00e3o de Sa\u00fade Caetano Munhoz da Rocha, da Secretaria de Estado da Sa\u00fade e Bem Estar Social, para fins que especifica."}, {"id": "171", "ano": "1984", "numero": "16", "tipo__sigla": "LEI", "tipo__descricao": "Lei Ordin\u00e1ria", "texto_integral": "http://sapl.sarandi.pr.leg.br/media/sapl/public/normajuridica/1984/171/lei_n_016-1984-_considera_e_declara_de_utilidade_publica_o_conselho_comunitario_de_seguranca.pdf", "ementa": "Considera e declara de utilidade p\u00fablica o Conselho Comunit\u00e1rio de Seguran\u00e7a de Sarandi, Estado do Paran\u00e1."}, {"id": "172", "ano": "1984", "numero": "17", "tipo__sigla": "LEI", "tipo__descricao": "Lei Ordin\u00e1ria", "texto_integral": "http://sapl.sarandi.pr.leg.br/media/sapl/public/normajuridica/1984/172/lei_n_017-1984-_doar_cr_1.00000000_hum_milhao_de_cruzeiros_ao_sarandi_esporte_clube.pdf", "ementa": "Autoriza o Poder Executivo Municipal a doar Cr$ 1.000.000,00 (hum milh\u00e3o de cruzeiros) ao Sarandi Esporte Clube e d\u00e1 outras provid\u00eancias."}, {"id": "170", "ano": "1984", "numero": "15", "tipo__sigla": "LEI", "tipo__descricao": "Lei Ordin\u00e1ria", "texto_integral": "http://sapl.sarandi.pr.leg.br/media/sapl/public/normajuridica/1984/170/lei_n_015-1984-_doar_verba_ao_conselho_comunitario_de_seguranca_-ccs.pdf", "ementa": "Autoriza o Poder Executivo Municipal a doar verba ao Conselho Comunit\u00e1rio de Seguran\u00e7a - CCS, na forma que especifica."}, {"id": "169", "ano": "1984", "numero": "14", "tipo__sigla": "LEI", "tipo__descricao": "Lei Ordin\u00e1ria", "texto_integral": "http://sapl.sarandi.pr.leg.br/media/sapl/public/normajuridica/1984/169/lei_n_014-1984-_autoriza_o_poder_executivo_municipal_a_adquirir_imoveis_urbanos_para_os_fins_que_especifica.pdf", "ementa": "Autoriza o Poder Executivo Municipal a adquirir im\u00f3veis urbanos, para os fins que especifica."}, {"id": "168", "ano": "1984", "numero": "13", "tipo__sigla": "LEI", "tipo__descricao": "Lei Ordin\u00e1ria", "texto_integral": "http://sapl.sarandi.pr.leg.br/media/sapl/public/normajuridica/1984/168/lei_n_013-1984-_adquirir_os_imoveis_e_materiais.pdf", "ementa": "Autoriza o Poder Executivo Municipal a adquirir os im\u00f3veis e materiais que especifica e d\u00e1 outras provid\u00eancias."}, {"id": "167", "ano": "1984", "numero": "12", "tipo__sigla": "LEI", "tipo__descricao": "Lei Ordin\u00e1ria", "texto_integral": "http://sapl.sarandi.pr.leg.br/media/sapl/public/normajuridica/1984/167/lei_n_012-1984-_da_nova_denominacao_a_rua_guaumbe_nesta_cidade.pdf", "ementa": "D\u00e1 nova denomina\u00e7\u00e3o \u00e0 Rua Guaumb\u00e9, nesta cidade."}, {"id": "166", "ano": "1984", "numero": "11", "tipo__sigla": "LEI", "tipo__descricao": "Lei Ordin\u00e1ria", "texto_integral": "http://sapl.sarandi.pr.leg.br/media/sapl/public/normajuridica/1984/166/lei_n_011-1984-_faz_doacao_a_entidade_assistencial_local.pdf", "ementa": "Faz doa\u00e7\u00e3o \u00e0 entidade assistencial local, na forma que especifica."}, {"id": "165", "ano": "1984", "numero": "10", "tipo__sigla": "LEI", "tipo__descricao": "Lei Ordin\u00e1ria", "texto_integral": "http://sapl.sarandi.pr.leg.br/media/sapl/public/normajuridica/1984/165/lei_n_010-1984-_autoriza_o_executivo_municipal_a_fazer_doacao_de_terrenos_para_fins_industriais.pdf", "ementa": "Autoriza o Poder Executivo Municipal a fazer doa\u00e7\u00e3o de terreno para fins industriais \u00e0s firmas que especifica."}, {"id": "164", "ano": "1984", "numero": "9", "tipo__sigla": "LEI", "tipo__descricao": "Lei Ordin\u00e1ria", "texto_integral": "http://sapl.sarandi.pr.leg.br/media/sapl/public/normajuridica/1984/164/lei_n_09-1984-_dispoe_sobre_doacao_de_terreno_perpetuo_no_cemiterio_local.pdf", "ementa": "Disp\u00f5e sobre doa\u00e7\u00e3o de terreno perp\u00e9tuo no cemit\u00e9rio local, na forma que especifica."}, {"id": "410", "ano": "1984", "numero": "1", "tipo__sigla": "RES", "tipo__descricao": "Resolu\u00e7\u00e3o", "texto_integral": "http://sapl.sarandi.pr.leg.br/media/./sapl/public/normajuridica/1984/410/410_texto_integral.pdf", "ementa": "Estipula a remunera\u00e7\u00e3o mensal dos vereadores da C\u00e2mara do Munic\u00edpio de Sarandi \u2014 para o per\u00edodo de 1.984/1.988."}, {"id": "163", "ano": "1984", "numero": "8", "tipo__sigla": "LEI", "tipo__descricao": "Lei Ordin\u00e1ria", "texto_integral": "http://sapl.sarandi.pr.leg.br/media/sapl/public/normajuridica/1984/163/lei_n_008-1984-_aquirir_o_lote_de_terras_n_244-_da_g1._patrimonio_sarandi_de_prorpiedade_do_clube_de_caca.pdf", "ementa": "Autoriza o Poder Executivo Municipal a adquirir o lote de terras n\u00ba 244 da Gleba Ribeir\u00e3o Sarandi, de propriedade do Clube Ca\u00e7a e Pesca neste munic\u00edpio, com 1,00 alqueire paulista para os fins industriais, na forma que especifica."}, {"id": "162", "ano": "1984", "numero": "7", "tipo__sigla": "LEI", "tipo__descricao": "Lei Ordin\u00e1ria", "texto_integral": "http://sapl.sarandi.pr.leg.br/media/sapl/public/normajuridica/1984/162/lei_n_007-1984-_autoriza_o_poder_executivo_municipal_a_adquirir_uma_pa-carregadeira_nova_ou_semi-nova.pdf", "ementa": "Autoriza o Poder Executivo Municipal a adquirir uma p\u00e1 carregadeira nova ou semi-nova."}, {"id": "161", "ano": "1984", "numero": "6", "tipo__sigla": "LEI", "tipo__descricao": "Lei Ordin\u00e1ria", "texto_integral": "http://sapl.sarandi.pr.leg.br/media/sapl/public/normajuridica/1984/161/lei_n_06-1984-_autoriza_o_poder_executivo_municipal_a_doar_area_de_terreno_para_fins_industriais.pdf", "ementa": "Autoriza o Poder Executivo Municipal a doar \u00e1rea de terreno para fins industriais."}, {"id": "160", "ano": "1984", "numero": "5", "tipo__sigla": "LEI", "tipo__descricao": "Lei Ordin\u00e1ria", "texto_integral": "http://sapl.sarandi.pr.leg.br/media/sapl/public/normajuridica/1984/160/lei_n_005-1984-_autoriza_o_poder_executivo_municipal_a_conceder_anistia_fiscal.pdf", "ementa": "Autoriza o Poder Executivo Municipal a conceder anistia fiscal."}, {"id": "159", "ano": "1984", "numero": "4", "tipo__sigla": "LEI", "tipo__descricao": "Lei Ordin\u00e1ria", "texto_integral": "http://sapl.sarandi.pr.leg.br/media/sapl/public/normajuridica/1984/159/lei_n_004-1984-_autoriza_o_poder_executivo_municipal_a_doar_area_de_terreno_para_fins_industriais.pdf", "ementa": "Autoriza o Poder Executivo Municipal a doar \u00e1rea de terreno para fins industriais."}, {"id": "158", "ano": "1984", "numero": "3", "tipo__sigla": "LEI", "tipo__descricao": "Lei Ordin\u00e1ria", "texto_integral": "http://sapl.sarandi.pr.leg.br/media/sapl/public/normajuridica/1984/158/lei_n_003-1984-_regulamenta_cobranca_por_servicos_prestados_na_execucao_de_rocada.pdf", "ementa": "Regulamenta cobran\u00e7a por servi\u00e7os prestados na execu\u00e7\u00e3o de ro\u00e7ada, limpeza e carpas de datas e terrenos particulares, na forma que especifica."}, {"id": "157", "ano": "1984", "numero": "2", "tipo__sigla": "LEI", "tipo__descricao": "Lei Ordin\u00e1ria", "texto_integral": "http://sapl.sarandi.pr.leg.br/media/sapl/public/normajuridica/1984/157/lei_n_002-1984-_regulariza_despesas_com_a_aquisicao_do_lote_de_terras_doado_a_firma_industrial_no_municipio.pdf", "ementa": "Autoriza regularizar despesas com a aquisi\u00e7\u00e3o de lote de terras doado \u00e0 firma industrial do munic\u00edpio, na forma que especifica."}, {"id": "156", "ano": "1984", "numero": "1", "tipo__sigla": "LEI", "tipo__descricao": "Lei Ordin\u00e1ria", "texto_integral": "http://sapl.sarandi.pr.leg.br/media/sapl/public/normajuridica/1984/156/lei_n_001-1984-_autoriza_o_poder_executivo_municipal_a_adquirir_imovel_urbano.pdf", "ementa": "Autoriza o Poder Executivo Municipal a adquirir im\u00f3vel urbano na forma que especifica."}, {"id": "155", "ano": "1983", "numero": "76", "tipo__sigla": "LEI", "tipo__descricao": "Lei Ordin\u00e1ria", "texto_integral": "http://sapl.sarandi.pr.leg.br/media/./sapl/public/normajuridica/1983/155/155_texto_integral.pdf", "ementa": "Disp\u00f5e sobre a majora\u00e7\u00e3o de vencimentos dos servidores municipais, dos cargos de provimento em comiss\u00e3o."}, {"id": "154", "ano": "1983", "numero": "75", "tipo__sigla": "LEI", "tipo__descricao": "Lei Ordin\u00e1ria", "texto_integral": "http://sapl.sarandi.pr.leg.br/media/./sapl/public/normajuridica/1983/154/154_texto_integral.pdf", "ementa": "Autoriza o Poder Executivo Municipal a criar o Conselho Rodovi\u00e1rio Municipal."}, {"id": "153", "ano": "1983", "numero": "74", "tipo__sigla": "LEI", "tipo__descricao": "Lei Ordin\u00e1ria", "texto_integral": "http://sapl.sarandi.pr.leg.br/media/./sapl/public/normajuridica/1983/153/153_texto_integral.pdf", "ementa": "Altera o Artigo 1\u00ba da Lei Municipal n\u00ba 071/83 de 23/11/83, na forma que abaixo especifica."}, {"id": "438", "ano": "1983", "numero": "3", "tipo__sigla": "DL", "tipo__descricao": "Decreto Legislativo", "texto_integral": "http://sapl.sarandi.pr.leg.br/media/./sapl/public/normajuridica/1983/438/438_texto_integral.pdf", "ementa": "Decreta o Recesso Legislativo."}, {"id": "152", "ano": "1983", "numero": "73", "tipo__sigla": "LEI", "tipo__descricao": "Lei Ordin\u00e1ria", "texto_integral": "http://sapl.sarandi.pr.leg.br/media/./sapl/public/normajuridica/1983/152/152_texto_integral.pdf", "ementa": "Autoriza o Poder Executivo Municipal a firmar conv\u00eanio com a Funda\u00e7\u00e3o Educacional do Estado do Paran\u00e1 - FUNDEPAR, para os fins que especifica."}, {"id": "151", "ano": "1983", "numero": "72", "tipo__sigla": "LEI", "tipo__descricao": "Lei Ordin\u00e1ria", "texto_integral": "http://sapl.sarandi.pr.leg.br/media/./sapl/public/normajuridica/1983/151/151_texto_integral.pdf", "ementa": "Autoriza o Poder Executivo Municipal a conceder ajuda financeira ao Sindicato dos Trabalhadores Rurais de Sarandi."}, {"id": "409", "ano": "1983", "numero": "10", "tipo__sigla": "RES", "tipo__descricao": "Resolu\u00e7\u00e3o", "texto_integral": "http://sapl.sarandi.pr.leg.br/media/./sapl/public/normajuridica/1983/409/409_texto_integral.pdf", "ementa": "Majora os vencimentos dos servidores do Poder Legislativo Municipal."}, {"id": "150", "ano": "1983", "numero": "71", "tipo__sigla": "LEI", "tipo__descricao": "Lei Ordin\u00e1ria", "texto_integral": "http://sapl.sarandi.pr.leg.br/media/./sapl/public/normajuridica/1983/150/150_texto_integral.pdf", "ementa": "Autoriza o Poder Executivo Municipal a doar \u00e1rea de terreno a Marcenaria Colombo LTDA. Ind\u00fastria de M\u00f3veis e Instala\u00e7\u00f5es Comerciais, desta cidade, para fins de expans\u00e3o industrial."}, {"id": "149", "ano": "1983", "numero": "70", "tipo__sigla": "LEI", "tipo__descricao": "Lei Ordin\u00e1ria", "texto_integral": "http://sapl.sarandi.pr.leg.br/media/./sapl/public/normajuridica/1983/149/149_texto_integral.pdf", "ementa": "Autoriza o Poder Executivo Municipal \u00e0 aderir ao termo de ajuste entre a Uni\u00e3o Federal e o Estado do Paran\u00e1, visando a implanta\u00e7\u00e3o do conv\u00eanio de incentivo ao aperfei\u00e7oamento t\u00e9cnico - Administrativo do Munic\u00edpio - CIATA, na forma que especifica."}, {"id": "148", "ano": "1983", "numero": "69", "tipo__sigla": "LEI", "tipo__descricao": "Lei Ordin\u00e1ria", "texto_integral": "http://sapl.sarandi.pr.leg.br/media/./sapl/public/normajuridica/1983/148/148_texto_integral.pdf", "ementa": "Autoriza o Poder Executivo Municipal a adquirir de Jos\u00e9 Yoshio Hiradai e s/ mulher a data de terras n\u00ba 11, da quadra n\u00ba 02 - Planta Urbana do Jardim Perimetral desta cidade, para os fins que especifica."}, {"id": "147", "ano": "1983", "numero": "68", "tipo__sigla": "LEI", "tipo__descricao": "Lei Ordin\u00e1ria", "texto_integral": "http://sapl.sarandi.pr.leg.br/media/./sapl/public/normajuridica/1983/147/147_texto_integral.pdf", "ementa": "Autoriza aquisi\u00e7\u00e3o de faixas de terras de Izidoro Pessini e s/ mulher, para os fins que especifica."}, {"id": "146", "ano": "1983", "numero": "67", "tipo__sigla": "LEI", "tipo__descricao": "Lei Ordin\u00e1ria", "texto_integral": "http://sapl.sarandi.pr.leg.br/media/./sapl/public/normajuridica/1983/146/146_texto_integral.pdf", "ementa": "Disp\u00f5e sobre a concess\u00e3o de f\u00e9rias aos servidores municipais providos em comiss\u00e3o."}, {"id": "145", "ano": "1983", "numero": "66", "tipo__sigla": "LEI", "tipo__descricao": "Lei Ordin\u00e1ria", "texto_integral": "http://sapl.sarandi.pr.leg.br/media/./sapl/public/normajuridica/1983/145/145_texto_integral.pdf", "ementa": "Adota, para aplica\u00e7\u00e3o no munic\u00edpio de Sarandi, a Lei Estadual n\u00ba 6174 de 1970, que disp\u00f5e sobre o Estatuto dos Funcion\u00e1rios Civis do Estado."}, {"id": "144", "ano": "1983", "numero": "65", "tipo__sigla": "LEI", "tipo__descricao": "Lei Ordin\u00e1ria", "texto_integral": "http://sapl.sarandi.pr.leg.br/media/./sapl/public/normajuridica/1983/144/144_texto_integral.pdf", "ementa": "Institui o C\u00f3digo de Postura do Munic\u00edpio de Sarandi, Paran\u00e1."}, {"id": "143", "ano": "1983", "numero": "64", "tipo__sigla": "LEI", "tipo__descricao": "Lei Ordin\u00e1ria", "texto_integral": "http://sapl.sarandi.pr.leg.br/media/./sapl/public/normajuridica/1983/143/143_texto_integral.pdf", "ementa": "Autoriza o Poder Executivo Municipal a construir o necrot\u00e9rio municipal."}, {"id": "252", "ano": "1983", "numero": "10", "tipo__sigla": "POR", "tipo__descricao": "Portaria", "texto_integral": "http://sapl.sarandi.pr.leg.br/media/./sapl/public/normajuridica/1983/252/252_texto_integral.pdf", "ementa": "CONSTITUI COMISS\u00c3O DE SINDIC\u00c2NCIA NA FORMA QUE ESPECIFICA."}, {"id": "142", "ano": "1983", "numero": "63", "tipo__sigla": "LEI", "tipo__descricao": "Lei Ordin\u00e1ria", "texto_integral": "http://sapl.sarandi.pr.leg.br/media/./sapl/public/normajuridica/1983/142/142_texto_integral.pdf", "ementa": "Autoriza o Poder Executivo Municipal a conceder abono pecuni\u00e1rio anual \u00e0 T\u00edtulo de Abono de Natal e d\u00e1 outras provid\u00eancias."}, {"id": "141", "ano": "1983", "numero": "62", "tipo__sigla": "LEI", "tipo__descricao": "Lei Ordin\u00e1ria", "texto_integral": "http://sapl.sarandi.pr.leg.br/media/./sapl/public/normajuridica/1983/141/141_texto_integral.pdf", "ementa": "Cria o Setor Auxiliar de Tesouraria da Divis\u00e3o de Tesouraria desta Prefeitura, para funcionar como Ag\u00eancia Arrecadadora no Jardim Independ\u00eancia."}, {"id": "140", "ano": "1983", "numero": "61", "tipo__sigla": "LEI", "tipo__descricao": "Lei Ordin\u00e1ria", "texto_integral": "http://sapl.sarandi.pr.leg.br/media/./sapl/public/normajuridica/1983/140/140_texto_integral.pdf", "ementa": "Autoriza o Poder Executivo Municipal a doar terreno para fins industriais."}, {"id": "136", "ano": "1983", "numero": "57", "tipo__sigla": "LEI", "tipo__descricao": "Lei Ordin\u00e1ria", "texto_integral": "http://sapl.sarandi.pr.leg.br/media/./sapl/public/normajuridica/1983/136/136_texto_integral.pdf", "ementa": "Disp\u00f5e sobre cemit\u00e9rios e os servi\u00e7os funer\u00e1rios do munic\u00edpio de Sarandi, Estado do Paran\u00e1."}, {"id": "139", "ano": "1983", "numero": "60", "tipo__sigla": "LEI", "tipo__descricao": "Lei Ordin\u00e1ria", "texto_integral": "http://sapl.sarandi.pr.leg.br/media/./sapl/public/normajuridica/1983/139/139_texto_integral.pdf", "ementa": "Autoriza o Poder Executivo Municipal a criar e instalar uma creche - Escola Municipal, na forma que especifica."}, {"id": "138", "ano": "1983", "numero": "59", "tipo__sigla": "LEI", "tipo__descricao": "Lei Ordin\u00e1ria", "texto_integral": "http://sapl.sarandi.pr.leg.br/media/./sapl/public/normajuridica/1983/138/138_texto_integral.pdf", "ementa": "Disp\u00f5e sobre a cria\u00e7\u00e3o e instala\u00e7\u00e3o de uma Biblioteca P\u00fablica Municipal, na forma que especifica."}, {"id": "137", "ano": "1983", "numero": "58", "tipo__sigla": "LEI", "tipo__descricao": "Lei Ordin\u00e1ria", "texto_integral": "http://sapl.sarandi.pr.leg.br/media/./sapl/public/normajuridica/1983/137/137_texto_integral.pdf", "ementa": "DISP\u00d5E SOBRE AS FEIRAS LIVRES NO MUNIC\u00cdPIO,E D\u00c1 OUTRAS PROVID\u00caNCIAS"}, {"id": "135", "ano": "1983", "numero": "56", "tipo__sigla": "LEI", "tipo__descricao": "Lei Ordin\u00e1ria", "texto_integral": "http://sapl.sarandi.pr.leg.br/media/./sapl/public/normajuridica/1983/135/135_texto_integral.pdf", "ementa": "Disp\u00f5e sobre a revoga\u00e7\u00e3o da Lei Municipal n\u00ba 051/1983, de 03 de outubro de 1983."}, {"id": "134", "ano": "1983", "numero": "55", "tipo__sigla": "LEI", "tipo__descricao": "Lei Ordin\u00e1ria", "texto_integral": "http://sapl.sarandi.pr.leg.br/media/./sapl/public/normajuridica/1983/134/134_texto_integral.pdf", "ementa": "Disp\u00f5e sobre a Taxa de Ilumina\u00e7\u00e3o P\u00fablica e d\u00e1 outras provid\u00eancias."}, {"id": "133", "ano": "1983", "numero": "54", "tipo__sigla": "LEI", "tipo__descricao": "Lei Ordin\u00e1ria", "texto_integral": "http://sapl.sarandi.pr.leg.br/media/./sapl/public/normajuridica/1983/133/133_texto_integral.pdf", "ementa": "Estima a Receita e Fixa a despesa do Munic\u00edpio de Sarandi, Estado do Paran\u00e1, para o exerc\u00edcio de 1984."}, {"id": "3909", "ano": "1983", "numero": "69", "tipo__sigla": "PTE", "tipo__descricao": "Portaria do Poder Executivo", "texto_integral": "http://sapl.sarandi.pr.leg.br/media/./sapl/public/normajuridica/1983/3909/3909_texto_integral.pdf", "ementa": "COLOCA SERVIDOR P\u00daBLICO MUNICIPAL A DISPOSI\u00c7\u00c3O DO LEGISLATIVO"}, {"id": "1041", "ano": "1983", "numero": "77", "tipo__sigla": "LEI", "tipo__descricao": "Lei Ordin\u00e1ria", "texto_integral": "http://sapl.sarandi.pr.leg.br/media/sapl/public/normajuridica/1983/1041/codigo_tributario_-_lei_77de_83.pdf", "ementa": "Institui C\u00f3digo Tribut\u00e1rio do Munic\u00edpio."}, {"id": "132", "ano": "1983", "numero": "53", "tipo__sigla": "LEI", "tipo__descricao": "Lei Ordin\u00e1ria", "texto_integral": "http://sapl.sarandi.pr.leg.br/media/./sapl/public/normajuridica/1983/132/132_texto_integral.pdf", "ementa": "Disp\u00f5e sobre denomina\u00e7\u00e3o de via p\u00fablica municipal."}, {"id": "131", "ano": "1983", "numero": "52", "tipo__sigla": "LEI", "tipo__descricao": "Lei Ordin\u00e1ria", "texto_integral": "http://sapl.sarandi.pr.leg.br/media/./sapl/public/normajuridica/1983/131/131_texto_integral.pdf", "ementa": "D\u00e1 nova denomina\u00e7\u00e3o a Rua Itaet\u00e9 e d\u00e1 outras provid\u00eancias."}, {"id": "130", "ano": "1983", "numero": "51", "tipo__sigla": "LEI", "tipo__descricao": "Lei Ordin\u00e1ria", "texto_integral": "http://sapl.sarandi.pr.leg.br/media/./sapl/public/normajuridica/1983/130/130_texto_integral.pdf", "ementa": "Autoriza o Poder Executivo Municipal a passar procura\u00e7\u00e3o para recebimento de verbas federais, na forma que especifica."}, {"id": "129", "ano": "1983", "numero": "50", "tipo__sigla": "LEI", "tipo__descricao": "Lei Ordin\u00e1ria", "texto_integral": "http://sapl.sarandi.pr.leg.br/media/./sapl/public/normajuridica/1983/129/129_texto_integral.pdf", "ementa": "Revoga a Lei Municipal n\u00ba 37/1983, de 27/06/83."}, {"id": "128", "ano": "1983", "numero": "49", "tipo__sigla": "LEI", "tipo__descricao": "Lei Ordin\u00e1ria", "texto_integral": "http://sapl.sarandi.pr.leg.br/media/./sapl/public/normajuridica/1983/128/128_texto_integral.pdf", "ementa": "Fixa a contribui\u00e7\u00e3o do Munic\u00edpio de Sarandi, para o Programa de Forma\u00e7\u00e3o do Patrim\u00f4nio do Servidor P\u00fablico e d\u00e1 outras provid\u00eancias."}, {"id": "127", "ano": "1983", "numero": "48", "tipo__sigla": "LEI", "tipo__descricao": "Lei Ordin\u00e1ria", "texto_integral": "http://sapl.sarandi.pr.leg.br/media/./sapl/public/normajuridica/1983/127/127_texto_integral.pdf", "ementa": "Autoriza o Poder Executivo Municipal a doar, vender ou permutar terrenos rurais ou urbanos da municipalidade para fins industriais, na forma que especifica."}, {"id": "126", "ano": "1983", "numero": "47", "tipo__sigla": "LEI", "tipo__descricao": "Lei Ordin\u00e1ria", "texto_integral": "http://sapl.sarandi.pr.leg.br/media/./sapl/public/normajuridica/1983/126/126_texto_integral.pdf", "ementa": "Concede T\u00edtulo de Cidad\u00e3o Honor\u00e1rio ao jornalista Verdel\u00edrio Aparecido Barbosa."}, {"id": "125", "ano": "1983", "numero": "46", "tipo__sigla": "LEI", "tipo__descricao": "Lei Ordin\u00e1ria", "texto_integral": "http://sapl.sarandi.pr.leg.br/media/./sapl/public/normajuridica/1983/125/125_texto_integral.pdf", "ementa": "Concede Benemer\u00eancia ao PE. Vicente Costa."}, {"id": "407", "ano": "1983", "numero": "7", "tipo__sigla": "RES", "tipo__descricao": "Resolu\u00e7\u00e3o", "texto_integral": "http://sapl.sarandi.pr.leg.br/media/./sapl/public/normajuridica/1983/407/407_texto_integral.pdf", "ementa": "Aprova a Jun\u00e7\u00e3o de Unidades Escolares - Municipal / Estadual, na forma que especifica."}, {"id": "124", "ano": "1983", "numero": "45", "tipo__sigla": "LEI", "tipo__descricao": "Lei Ordin\u00e1ria", "texto_integral": "http://sapl.sarandi.pr.leg.br/media/./sapl/public/normajuridica/1983/124/124_texto_integral.pdf", "ementa": "Autoriza o Poder Executivo Municipal a proceder a pavimenta\u00e7\u00e3o asf\u00e1ltica e obras complementares, na forma que especifica."}, {"id": "123", "ano": "1983", "numero": "44", "tipo__sigla": "LEI", "tipo__descricao": "Lei Ordin\u00e1ria", "texto_integral": "http://sapl.sarandi.pr.leg.br/media/./sapl/public/normajuridica/1983/123/123_texto_integral.pdf", "ementa": "Disp\u00f5e sobre a cria\u00e7\u00e3o da Associa\u00e7\u00e3o dos Funcion\u00e1rios Municipais de Sarandi, Estado do Paran\u00e1 e d\u00e1 outras provid\u00eancias."}, {"id": "122", "ano": "1983", "numero": "43", "tipo__sigla": "LEI", "tipo__descricao": "Lei Ordin\u00e1ria", "texto_integral": "http://sapl.sarandi.pr.leg.br/media/./sapl/public/normajuridica/1983/122/122_texto_integral.pdf", "ementa": "Autoriza o Poder Executivo Municipal a adquirir im\u00f3veis para fins industriais na forma que especifica."}, {"id": "121", "ano": "1983", "numero": "42", "tipo__sigla": "LEI", "tipo__descricao": "Lei Ordin\u00e1ria", "texto_integral": "http://sapl.sarandi.pr.leg.br/media/./sapl/public/normajuridica/1983/121/121_texto_integral.pdf", "ementa": "Autoriza o Poder Executivo Municipal a adquirir maquin\u00e1rio e ve\u00edculo, na forma que especifica."}, {"id": "119", "ano": "1983", "numero": "40", "tipo__sigla": "LEI", "tipo__descricao": "Lei Ordin\u00e1ria", "texto_integral": "http://sapl.sarandi.pr.leg.br/media/./sapl/public/normajuridica/1983/119/119_texto_integral.pdf", "ementa": "Revoga a Lei Municipal n\u00ba 032, de 13 de junho de 1983 em todo o seu teor."}, {"id": "118", "ano": "1983", "numero": "39", "tipo__sigla": "LEI", "tipo__descricao": "Lei Ordin\u00e1ria", "texto_integral": "http://sapl.sarandi.pr.leg.br/media/./sapl/public/normajuridica/1983/118/118_texto_integral.pdf", "ementa": "Autoriza o Poder Executivo Municipal a assumir compromisso para regulariza\u00e7\u00e3o e escritura\u00e7\u00e3o definitiva de \u00e1rea territorial para fins de expansa\u00e3o industrial neste munic\u00edpio, na forma e condi\u00e7\u00f5es que especifica."}, {"id": "117", "ano": "1983", "numero": "38", "tipo__sigla": "LEI", "tipo__descricao": "Lei Ordin\u00e1ria", "texto_integral": "http://sapl.sarandi.pr.leg.br/media/./sapl/public/normajuridica/1983/117/117_texto_integral.pdf", "ementa": "D\u00e1 denomina\u00e7\u00e3o a via p\u00fablica e outras provid\u00eancias."}, {"id": "116", "ano": "1983", "numero": "37", "tipo__sigla": "LEI", "tipo__descricao": "Lei Ordin\u00e1ria", "texto_integral": "http://sapl.sarandi.pr.leg.br/media/./sapl/public/normajuridica/1983/116/116_texto_integral.pdf", "ementa": "Modifica o Artigo 178\u00ba - inciso XVI, da 3\u00ba Lei Municipal n\u00ba 634/70, de 22/10/70, de Marialva, que passar\u00e1 a ter nova reda\u00e7\u00e3o."}, {"id": "437", "ano": "1983", "numero": "2", "tipo__sigla": "DL", "tipo__descricao": "Decreto Legislativo", "texto_integral": "http://sapl.sarandi.pr.leg.br/media/./sapl/public/normajuridica/1983/437/437_texto_integral.pdf", "ementa": "Decreto o Recesso Legislativo."}, {"id": "114", "ano": "1983", "numero": "35", "tipo__sigla": "LEI", "tipo__descricao": "Lei Ordin\u00e1ria", "texto_integral": "http://sapl.sarandi.pr.leg.br/media/./sapl/public/normajuridica/1983/114/114_texto_integral.pdf", "ementa": "Concede T\u00edtulo de Cidadania Honor\u00e1ria ao ex-deputado estadual Antonio Facci e d\u00e1 outras provid\u00eancias."}, {"id": "115", "ano": "1983", "numero": "36", "tipo__sigla": "LEI", "tipo__descricao": "Lei Ordin\u00e1ria", "texto_integral": "http://sapl.sarandi.pr.leg.br/media/./sapl/public/normajuridica/1983/115/115_texto_integral.pdf", "ementa": "Disp\u00f5e sobre a cria\u00e7\u00e3o de cargos em comiss\u00e3o e d\u00e1 outras provid\u00eancias."}, {"id": "113", "ano": "1983", "numero": "34", "tipo__sigla": "LEI", "tipo__descricao": "Lei Ordin\u00e1ria", "texto_integral": "http://sapl.sarandi.pr.leg.br/media/./sapl/public/normajuridica/1983/113/113_texto_integral.pdf", "ementa": "Autoriza o Poder Executivo Municipal a abrir Concurso P\u00fablico para institui\u00e7\u00e3o dos S\u00edmbolos Municipais e d\u00e1 outras provid\u00eancias."}, {"id": "112", "ano": "1983", "numero": "33", "tipo__sigla": "LEI", "tipo__descricao": "Lei Ordin\u00e1ria", "texto_integral": "http://sapl.sarandi.pr.leg.br/media/./sapl/public/normajuridica/1983/112/112_texto_integral.pdf", "ementa": "Autoriza desafeta\u00e7\u00e3o de \u00e1rea urbana para fins de doa\u00e7\u00e3o gratuita e d\u00e1 outras provid\u00eancias."}, {"id": "111", "ano": "1983", "numero": "32", "tipo__sigla": "LEI", "tipo__descricao": "Lei Ordin\u00e1ria", "texto_integral": "http://sapl.sarandi.pr.leg.br/media/./sapl/public/normajuridica/1983/111/111_texto_integral.pdf", "ementa": "Modifica o Artigo 1\u00ba da Lei Municipal n\u00ba 1046 de 09/12/1980, oriundo da Lei n\u00ba 634 de 22/10/1970 (C\u00f3digo de Posturas Municipais), combinado com o Decreto Municipal n\u00ba 04/1983, deste munic\u00edpio e d\u00e1 outras provid\u00eancias."}, {"id": "110", "ano": "1983", "numero": "31", "tipo__sigla": "LEI", "tipo__descricao": "Lei Ordin\u00e1ria", "texto_integral": "http://sapl.sarandi.pr.leg.br/media/./sapl/public/normajuridica/1983/110/110_texto_integral.pdf", "ementa": "Estabelece e fixa o zoneamento na \u00e1rea urbana municipal, para fins de constru\u00e7\u00f5es industriais, residenciais e comerciais, mixtas e d\u00e1 outras provid\u00eancias."}, {"id": "109", "ano": "1983", "numero": "30", "tipo__sigla": "LEI", "tipo__descricao": "Lei Ordin\u00e1ria", "texto_integral": "http://sapl.sarandi.pr.leg.br/media/./sapl/public/normajuridica/1983/109/109_texto_integral.pdf", "ementa": "D\u00e1 nova denomina\u00e7\u00e3o a Rua Itaet\u00e9 e d\u00e1 outras provid\u00eancias."}, {"id": "108", "ano": "1983", "numero": "29", "tipo__sigla": "LEI", "tipo__descricao": "Lei Ordin\u00e1ria", "texto_integral": "http://sapl.sarandi.pr.leg.br/media/./sapl/public/normajuridica/1983/108/108_texto_integral.pdf", "ementa": "D\u00e1 denomina\u00e7\u00e3o a Necr\u00f3pole Municipal."}, {"id": "107", "ano": "1983", "numero": "28", "tipo__sigla": "LEI", "tipo__descricao": "Lei Ordin\u00e1ria", "texto_integral": "http://sapl.sarandi.pr.leg.br/media/./sapl/public/normajuridica/1983/107/107_texto_integral.pdf", "ementa": "Disp\u00f5e sobre a denomina\u00e7\u00e3o de vias p\u00fablicas municipais, na forma que especifica."}, {"id": "106", "ano": "1983", "numero": "27", "tipo__sigla": "LEI", "tipo__descricao": "Lei Ordin\u00e1ria", "texto_integral": "http://sapl.sarandi.pr.leg.br/media/./sapl/public/normajuridica/1983/106/106_texto_integral.pdf", "ementa": "Autoriza o Poder Executivo Municipal \u00e0 adquirir im\u00f3vel rural neste munic\u00edpio para os fins e condi\u00e7\u00f5es que especifica."}, {"id": "3908", "ano": "1983", "numero": "34", "tipo__sigla": "PTE", "tipo__descricao": "Portaria do Poder Executivo", "texto_integral": "http://sapl.sarandi.pr.leg.br/media/./sapl/public/normajuridica/1983/3908/3908_texto_integral.pdf", "ementa": "DESIGNA SERVIDORA MUNICIPAL \u00c0 PRESTAR SERVI\u00c7OS NA C\u00c2MARA MUNICIPAL"}, {"id": "105", "ano": "1983", "numero": "26", "tipo__sigla": "LEI", "tipo__descricao": "Lei Ordin\u00e1ria", "texto_integral": "http://sapl.sarandi.pr.leg.br/media/./sapl/public/normajuridica/1983/105/105_texto_integral.pdf", "ementa": "Doa im\u00f3veis urbanos para os fins que abaixo especifica."}, {"id": "104", "ano": "1983", "numero": "25", "tipo__sigla": "LEI", "tipo__descricao": "Lei Ordin\u00e1ria", "texto_integral": "http://sapl.sarandi.pr.leg.br/media/./sapl/public/normajuridica/1983/104/104_texto_integral.pdf", "ementa": "Autoriza o Poder Executivo Municipal a emprestar ou alugar maquin\u00e1rio municipal na forma que especifica."}, {"id": "103", "ano": "1983", "numero": "24", "tipo__sigla": "LEI", "tipo__descricao": "Lei Ordin\u00e1ria", "texto_integral": "http://sapl.sarandi.pr.leg.br/media/./sapl/public/normajuridica/1983/103/103_texto_integral.pdf", "ementa": "D\u00e1 denomina\u00e7\u00e3o a vias p\u00fablicas municipais na forma que especifica."}, {"id": "102", "ano": "1983", "numero": "23", "tipo__sigla": "LEI", "tipo__descricao": "Lei Ordin\u00e1ria", "texto_integral": "http://sapl.sarandi.pr.leg.br/media/./sapl/public/normajuridica/1983/102/102_texto_integral.pdf", "ementa": "Autoriza o Poder Executivo Municipal a adquirir im\u00f3vel urbano para os fins que especifica."}, {"id": "101", "ano": "1983", "numero": "22", "tipo__sigla": "LEI", "tipo__descricao": "Lei Ordin\u00e1ria", "texto_integral": "http://sapl.sarandi.pr.leg.br/media/./sapl/public/normajuridica/1983/101/101_texto_integral.pdf", "ementa": "Autoriza o poder Executivo Municipal a adquirir ve\u00edculo motorizado na forma que especifica."}, {"id": "406", "ano": "1983", "numero": "6", "tipo__sigla": "RES", "tipo__descricao": "Resolu\u00e7\u00e3o", "texto_integral": "http://sapl.sarandi.pr.leg.br/media/./sapl/public/normajuridica/1983/406/406_texto_integral.pdf", "ementa": "Reajusta os vencimentos dos Servidores da C\u00e2mara Municipal, e d\u00e1 outras provid\u00eancias."}, {"id": "100", "ano": "1983", "numero": "21", "tipo__sigla": "LEI", "tipo__descricao": "Lei Ordin\u00e1ria", "texto_integral": "http://sapl.sarandi.pr.leg.br/media/./sapl/public/normajuridica/1983/100/100_texto_integral.pdf", "ementa": "Autoriza o Poder Executivo Municipal a adquirir im\u00f3vel com benfeitorias, na forma que especifica."}, {"id": "99", "ano": "1983", "numero": "20", "tipo__sigla": "LEI", "tipo__descricao": "Lei Ordin\u00e1ria", "texto_integral": "http://sapl.sarandi.pr.leg.br/media/./sapl/public/normajuridica/1983/99/99_texto_integral.pdf", "ementa": "D\u00e1 denomina\u00e7\u00e3o \u00e0 Estrada Municipal."}, {"id": "98", "ano": "1983", "numero": "19", "tipo__sigla": "LEI", "tipo__descricao": "Lei Ordin\u00e1ria", "texto_integral": "http://sapl.sarandi.pr.leg.br/media/./sapl/public/normajuridica/1983/98/98_texto_integral.pdf", "ementa": "Concede majora\u00e7\u00e3o de vencimentos aos servidores ocupantes de cargos efetivos e em comiss\u00e3o e d\u00e1 outras provid\u00eancias."}, {"id": "97", "ano": "1983", "numero": "18", "tipo__sigla": "LEI", "tipo__descricao": "Lei Ordin\u00e1ria", "texto_integral": "http://sapl.sarandi.pr.leg.br/media/./sapl/public/normajuridica/1983/97/97_texto_integral.pdf", "ementa": "Autoriza o Poder Executivo Municipal a operar com organiza\u00e7\u00f5es banc\u00e1rias, credit\u00edcias e poupan\u00e7as, na forma que especifica."}, {"id": "96", "ano": "1983", "numero": "17", "tipo__sigla": "LEI", "tipo__descricao": "Lei Ordin\u00e1ria", "texto_integral": "http://sapl.sarandi.pr.leg.br/media/./sapl/public/normajuridica/1983/96/96_texto_integral.pdf", "ementa": "Considera e declara de Utilidade P\u00fablica entidade local."}, {"id": "405", "ano": "1983", "numero": "4", "tipo__sigla": "RES", "tipo__descricao": "Resolu\u00e7\u00e3o", "texto_integral": "http://sapl.sarandi.pr.leg.br/media/./sapl/public/normajuridica/1983/405/405_texto_integral.pdf", "ementa": "Disp\u00f5e sobre assuntos ligados ao Projeto Metronor, e d\u00e1 outras provid\u00eancias."}, {"id": "95", "ano": "1983", "numero": "16", "tipo__sigla": "LEI", "tipo__descricao": "Lei Ordin\u00e1ria", "texto_integral": "http://sapl.sarandi.pr.leg.br/media/", "ementa": "Autoriza o Poder Executivo Municipal a doar o Aparelho Telef\u00f4nico n\u00ba 23.1999 - desta municipalidade a C\u00e2mara Municipal."}, {"id": "94", "ano": "1983", "numero": "15", "tipo__sigla": "LEI", "tipo__descricao": "Lei Ordin\u00e1ria", "texto_integral": "http://sapl.sarandi.pr.leg.br/media/./sapl/public/normajuridica/1983/94/94_texto_integral.pdf", "ementa": "Revoga a Lei Municipal n\u00ba 11/1983, de 21 de mar\u00e7o de 1983."}, {"id": "93", "ano": "1983", "numero": "14", "tipo__sigla": "LEI", "tipo__descricao": "Lei Ordin\u00e1ria", "texto_integral": "http://sapl.sarandi.pr.leg.br/media/./sapl/public/normajuridica/1983/93/93_texto_integral.pdf", "ementa": "Disp\u00f5e sobre a divis\u00e3o e ou redivis\u00e3o de lotes ou datas no per\u00edmetro urbano da cidade e d\u00e1 outras provid\u00eancias."}, {"id": "92", "ano": "1983", "numero": "13", "tipo__sigla": "LEI", "tipo__descricao": "Lei Ordin\u00e1ria", "texto_integral": "http://sapl.sarandi.pr.leg.br/media/./sapl/public/normajuridica/1983/92/92_texto_integral.pdf", "ementa": "Disp\u00f5e sobre a concess\u00e3o de plantas populares, na forma que especifica."}, {"id": "91", "ano": "1983", "numero": "12", "tipo__sigla": "LEI", "tipo__descricao": "Lei Ordin\u00e1ria", "texto_integral": "http://sapl.sarandi.pr.leg.br/media/./sapl/public/normajuridica/1983/91/91_texto_integral.pdf", "ementa": "Concede Di\u00e1rias - Viagens ao Prefeito Municipal, na forma que especifica."}, {"id": "90", "ano": "1983", "numero": "11", "tipo__sigla": "LEI", "tipo__descricao": "Lei Ordin\u00e1ria", "texto_integral": "http://sapl.sarandi.pr.leg.br/media/./sapl/public/normajuridica/1983/90/90_texto_integral.pdf", "ementa": "Autoriza doa\u00e7\u00e3o do telefone 23.1999 na forma que especifica."}, {"id": "89", "ano": "1983", "numero": "10", "tipo__sigla": "LEI", "tipo__descricao": "Lei Ordin\u00e1ria", "texto_integral": "http://sapl.sarandi.pr.leg.br/media/./sapl/public/normajuridica/1983/89/89_texto_integral.pdf", "ementa": "Autoriza firmar conv\u00eanio com a S.E.C SEED/PR e d\u00e1 outras provid\u00eancias."}, {"id": "88", "ano": "1983", "numero": "9", "tipo__sigla": "LEI", "tipo__descricao": "Lei Ordin\u00e1ria", "texto_integral": "http://sapl.sarandi.pr.leg.br/media/./sapl/public/normajuridica/1983/88/88_texto_integral.pdf", "ementa": "Autoriza aquisi\u00e7\u00e3o de uma p\u00e1 carregadeira, na forma que especifica."}, {"id": "87", "ano": "1983", "numero": "8", "tipo__sigla": "LEI", "tipo__descricao": "Lei Ordin\u00e1ria", "texto_integral": "http://sapl.sarandi.pr.leg.br/media/./sapl/public/normajuridica/1983/87/87_texto_integral.pdf", "ementa": "Autoriza cria\u00e7\u00e3o e instala\u00e7\u00e3o de feira livre e d\u00e1 outras provid\u00eancias."}, {"id": "404", "ano": "1983", "numero": "3", "tipo__sigla": "RES", "tipo__descricao": "Resolu\u00e7\u00e3o", "texto_integral": "http://sapl.sarandi.pr.leg.br/media/./sapl/public/normajuridica/1983/404/404_texto_integral.pdf", "ementa": "Fixa os vencimentos do Diretor de Secretaria da C\u00e2mara Municipal e d\u00e1 outras provid\u00eancias."}, {"id": "85", "ano": "1983", "numero": "6", "tipo__sigla": "LEI", "tipo__descricao": "Lei Ordin\u00e1ria", "texto_integral": "http://sapl.sarandi.pr.leg.br/media/./sapl/public/normajuridica/1983/85/85_texto_integral.pdf", "ementa": "Define os feriados municipais para Sarandi."}, {"id": "86", "ano": "1983", "numero": "7", "tipo__sigla": "LEI", "tipo__descricao": "Lei Ordin\u00e1ria", "texto_integral": "http://sapl.sarandi.pr.leg.br/media/./sapl/public/normajuridica/1983/86/86_texto_integral.pdf", "ementa": "Autoriza o Munic\u00edpio de Sarandi, Estado do Paran\u00e1, a firmar conv\u00eanio com a Funda\u00e7\u00e3o Educacional do Paran\u00e1 FUNDPAR, para os fins que especifica."}, {"id": "402", "ano": "1983", "numero": "2", "tipo__sigla": "RES", "tipo__descricao": "Resolu\u00e7\u00e3o", "texto_integral": "http://sapl.sarandi.pr.leg.br/media/./sapl/public/normajuridica/1983/402/402_texto_integral.pdf", "ementa": "Concede Licen\u00e7a \u00e0 Vereador na forma que especifica."}, {"id": "84", "ano": "1983", "numero": "5", "tipo__sigla": "LEI", "tipo__descricao": "Lei Ordin\u00e1ria", "texto_integral": "http://sapl.sarandi.pr.leg.br/media/./sapl/public/normajuridica/1983/84/84_texto_integral.pdf", "ementa": "Ratifica e adota para o Munic\u00edpio de Sarandi, Estado do Paran\u00e1, a Lei Municipal n\u00ba 822/1976 de 03/09/1976, do munic\u00edpio de Marialva, deste Estado."}, {"id": "83", "ano": "1983", "numero": "4", "tipo__sigla": "LEI", "tipo__descricao": "Lei Ordin\u00e1ria", "texto_integral": "http://sapl.sarandi.pr.leg.br/media/./sapl/public/normajuridica/1983/83/83_texto_integral.pdf", "ementa": "Disp\u00f5e sobre aquisi\u00e7\u00e3o de maquin\u00e1rios e ve\u00edculos de Marialva para Sarandi e d\u00e1 outras provid\u00eancias."}, {"id": "436", "ano": "1983", "numero": "1", "tipo__sigla": "DL", "tipo__descricao": "Decreto Legislativo", "texto_integral": "http://sapl.sarandi.pr.leg.br/media/./sapl/public/normajuridica/1983/436/436_texto_integral.pdf", "ementa": "Disp\u00f5e sobre os Subs\u00eddios do Prefeito Municipal, sua verba de Representa\u00e7\u00e3o, e do Vice-Prefeito Municipal."}, {"id": "250", "ano": "1983", "numero": "1", "tipo__sigla": "POR", "tipo__descricao": "Portaria", "texto_integral": "http://sapl.sarandi.pr.leg.br/media/./sapl/public/normajuridica/1983/250/250_texto_integral.pdf", "ementa": "NOMEIA COMISS\u00c3O DE VERIFICA\u00c7\u00c3O E AVALIA\u00c7\u00c3O E D\u00c1 OUTRAS PROVID\u00caNCIAS."}, {"id": "82", "ano": "1983", "numero": "3", "tipo__sigla": "LEI", "tipo__descricao": "Lei Ordin\u00e1ria", "texto_integral": "http://sapl.sarandi.pr.leg.br/media/./sapl/public/normajuridica/1983/82/82_texto_integral.pdf", "ementa": "Disp\u00f5e sobre o quadro de pessoal da Prefeitura do Munic\u00edpio de Sarandi, Estado do Paran\u00e1, e do Magist\u00e9rio Municipal, e d\u00e1 outras provid\u00eancias."}, {"id": "81", "ano": "1983", "numero": "2", "tipo__sigla": "LEI", "tipo__descricao": "Lei Ordin\u00e1ria", "texto_integral": "http://sapl.sarandi.pr.leg.br/media/./sapl/public/normajuridica/1983/81/81_texto_integral.pdf", "ementa": "Aprova a Estrutura Administrativa da Prefeitura do Munic\u00edpio de Sarandi e d\u00e1 outras provid\u00eancias."}, {"id": "80", "ano": "1983", "numero": "1", "tipo__sigla": "LEI", "tipo__descricao": "Lei Ordin\u00e1ria", "texto_integral": "http://sapl.sarandi.pr.leg.br/media/./sapl/public/normajuridica/1983/80/80_texto_integral.pdf", "ementa": "Estima a Receita e Fixa a despesa do Munic\u00edpio de Sarandi, Estado do Paran\u00e1, para o exerc\u00edcio de 1983."}]}